{"id":9789,"date":"2017-03-29T21:46:20","date_gmt":"2017-03-29T21:46:20","guid":{"rendered":"http:\/\/terjebjornstad.com\/no\/?p=9789"},"modified":"2024-08-26T22:34:52","modified_gmt":"2024-08-26T21:34:52","slug":"bobler-og-busser-pa-volksworld-2017","status":"publish","type":"post","link":"https:\/\/terjebjornstad.com\/no\/2017\/03\/29\/bobler-og-busser-pa-volksworld-2017\/","title":{"rendered":"Bobler og busser p\u00e5 VolksWorld 2017","gt_translate_keys":[{"key":"rendered","format":"text"}]},"content":{"rendered":"<div class=\"copy_teb\"><figure id=\"attachment_9771\" aria-describedby=\"caption-attachment-9771\" style=\"width: 686px\" class=\"wp-caption aligncenter\"><img data-recalc-dims=\"1\" loading=\"lazy\" decoding=\"async\" data-attachment-id=\"9771\" data-permalink=\"https:\/\/terjebjornstad.com\/no\/2017\/03\/29\/bobler-og-busser-pa-volksworld-2017\/volksworld-2017-1\/\" data-orig-file=\"https:\/\/i0.wp.com\/terjebjornstad.com\/no\/wp-content\/uploads\/2017\/03\/volksworld-2017-1.png?fit=686%2C457&amp;ssl=1\" data-orig-size=\"686,457\" data-comments-opened=\"1\" data-image-meta=\"{&quot;aperture&quot;:&quot;0&quot;,&quot;credit&quot;:&quot;&quot;,&quot;camera&quot;:&quot;&quot;,&quot;caption&quot;:&quot;&quot;,&quot;created_timestamp&quot;:&quot;0&quot;,&quot;copyright&quot;:&quot;&quot;,&quot;focal_length&quot;:&quot;0&quot;,&quot;iso&quot;:&quot;0&quot;,&quot;shutter_speed&quot;:&quot;0&quot;,&quot;title&quot;:&quot;&quot;,&quot;orientation&quot;:&quot;0&quot;}\" data-image-title=\"volksworld-2017-1\" data-image-description=\"\" data-image-caption=\"&lt;p&gt;VolksWorld Show 2017&lt;\/p&gt;\n\" data-large-file=\"https:\/\/i0.wp.com\/terjebjornstad.com\/no\/wp-content\/uploads\/2017\/03\/volksworld-2017-1.png?fit=686%2C457&amp;ssl=1\" src=\"https:\/\/i0.wp.com\/terjebjornstad.com\/no\/wp-content\/uploads\/2017\/03\/volksworld-2017-1.png?resize=686%2C457&#038;ssl=1\" alt=\"volksworld\" width=\"686\" height=\"457\" class=\"size-full wp-image-9771\" srcset=\"https:\/\/i0.wp.com\/terjebjornstad.com\/no\/wp-content\/uploads\/2017\/03\/volksworld-2017-1.png?w=686&amp;ssl=1 686w, https:\/\/i0.wp.com\/terjebjornstad.com\/no\/wp-content\/uploads\/2017\/03\/volksworld-2017-1.png?resize=300%2C200&amp;ssl=1 300w\" sizes=\"auto, (max-width: 686px) 100vw, 686px\" \/><figcaption id=\"caption-attachment-9771\" class=\"wp-caption-text\">Disse boblene \u00f8nsket oss velkommen.<\/figcaption><\/figure><\/p>\n<blockquote><p>Noen fortalte meg at dette var verdens st\u00f8rste utstilling av luftavkj\u00f8lte folkevogner. Det tviler jeg ikke p\u00e5. Det var rett og slett enormt. <\/p><\/blockquote>\n\n<p><img data-recalc-dims=\"1\" loading=\"lazy\" decoding=\"async\" data-attachment-id=\"9777\" data-permalink=\"https:\/\/terjebjornstad.com\/no\/2017\/03\/29\/bobler-og-busser-pa-volksworld-2017\/westfalia-gb-1\/\" data-orig-file=\"https:\/\/i0.wp.com\/terjebjornstad.com\/no\/wp-content\/uploads\/2017\/03\/westfalia-gb-1.png?fit=360%2C240&amp;ssl=1\" data-orig-size=\"360,240\" data-comments-opened=\"1\" data-image-meta=\"{&quot;aperture&quot;:&quot;0&quot;,&quot;credit&quot;:&quot;&quot;,&quot;camera&quot;:&quot;&quot;,&quot;caption&quot;:&quot;&quot;,&quot;created_timestamp&quot;:&quot;0&quot;,&quot;copyright&quot;:&quot;&quot;,&quot;focal_length&quot;:&quot;0&quot;,&quot;iso&quot;:&quot;0&quot;,&quot;shutter_speed&quot;:&quot;0&quot;,&quot;title&quot;:&quot;&quot;,&quot;orientation&quot;:&quot;0&quot;}\" data-image-title=\"westfalia-gb-1\" data-image-description=\"\" data-image-caption=\"\" data-large-file=\"https:\/\/i0.wp.com\/terjebjornstad.com\/no\/wp-content\/uploads\/2017\/03\/westfalia-gb-1.png?fit=360%2C240&amp;ssl=1\" src=\"https:\/\/i0.wp.com\/terjebjornstad.com\/no\/wp-content\/uploads\/2017\/03\/westfalia-gb-1.png?resize=360%2C240&#038;ssl=1\" alt=\"volksworld\" width=\"360\" height=\"240\" class=\"alignright size-full wp-image-9777\" srcset=\"https:\/\/i0.wp.com\/terjebjornstad.com\/no\/wp-content\/uploads\/2017\/03\/westfalia-gb-1.png?w=360&amp;ssl=1 360w, https:\/\/i0.wp.com\/terjebjornstad.com\/no\/wp-content\/uploads\/2017\/03\/westfalia-gb-1.png?resize=300%2C200&amp;ssl=1 300w\" sizes=\"auto, (max-width: 360px) 100vw, 360px\" \/>En herlig blanding av bobler og busser fra hele Europa m\u00f8tte p\u00e5 \u00e5rets Volksworld. Ikke bare i utstillingsomr\u00e5dene, men ogs\u00e5 ute p\u00e5 parkeringsplassene, og p\u00e5 plenene der folk overnattet i bussene sine. Kun folkevognbusser, selvf\u00f8lgelig. Bes\u00f8kere var oppfordret til \u00e5 ankomme kvelden i forveien for \u00e5 slippe bilk\u00f8ene p\u00e5 \u00e5pningsdagen. <\/p>\n<blockquote><p>Hvert \u00e5r f\u00e5r mang en veteran-VW problemer med clutchen den siste biten f\u00f8r ankomst.<\/p><\/blockquote>\n<p>Arrangementet ble holdt p\u00e5 Sundown Park veddel\u00f8psbane i Esher, sydvest for London. Jeg var imponert over hvor mange belgiere, nederlendere og franskmenn som hadde tatt seg over kanalen med sine bobler, T1- og T2-busser, Type3 notchback og fastback, &#8211; samt vakre Karmann Ghia. Jeg s\u00e5 \u00e9n Courierwagen og et par brasilianske VW. En 2-d\u00f8rs Audi 100 Mk1 sto blant folkevognene og jeg s\u00e5 ogs\u00e5 en K70. Ellers var det meste luftavkj\u00f8lt.<\/p>\n\n<p><img data-recalc-dims=\"1\" loading=\"lazy\" decoding=\"async\" data-attachment-id=\"9772\" data-permalink=\"https:\/\/terjebjornstad.com\/no\/2017\/03\/29\/bobler-og-busser-pa-volksworld-2017\/vw-bracelet\/\" data-orig-file=\"https:\/\/i0.wp.com\/terjebjornstad.com\/no\/wp-content\/uploads\/2017\/03\/vw-bracelet.png?fit=360%2C240&amp;ssl=1\" data-orig-size=\"360,240\" data-comments-opened=\"1\" data-image-meta=\"{&quot;aperture&quot;:&quot;0&quot;,&quot;credit&quot;:&quot;&quot;,&quot;camera&quot;:&quot;&quot;,&quot;caption&quot;:&quot;&quot;,&quot;created_timestamp&quot;:&quot;0&quot;,&quot;copyright&quot;:&quot;&quot;,&quot;focal_length&quot;:&quot;0&quot;,&quot;iso&quot;:&quot;0&quot;,&quot;shutter_speed&quot;:&quot;0&quot;,&quot;title&quot;:&quot;&quot;,&quot;orientation&quot;:&quot;0&quot;}\" data-image-title=\"vw-bracelet\" data-image-description=\"\" data-image-caption=\"\" data-large-file=\"https:\/\/i0.wp.com\/terjebjornstad.com\/no\/wp-content\/uploads\/2017\/03\/vw-bracelet.png?fit=360%2C240&amp;ssl=1\" src=\"https:\/\/i0.wp.com\/terjebjornstad.com\/no\/wp-content\/uploads\/2017\/03\/vw-bracelet.png?resize=360%2C240&#038;ssl=1\" alt=\"volksworld\" width=\"360\" height=\"240\" class=\"alignright size-full wp-image-9772\" srcset=\"https:\/\/i0.wp.com\/terjebjornstad.com\/no\/wp-content\/uploads\/2017\/03\/vw-bracelet.png?w=360&amp;ssl=1 360w, https:\/\/i0.wp.com\/terjebjornstad.com\/no\/wp-content\/uploads\/2017\/03\/vw-bracelet.png?resize=300%2C200&amp;ssl=1 300w\" sizes=\"auto, (max-width: 360px) 100vw, 360px\" \/>Det er tydelig at tidlige folkevognbusser er verdt sin vekt i gull nedover i Europa. Flere utstillere p\u00e5 Volksworld hadde spesialisert seg p\u00e5 innredningsl\u00f8sninger. Det er nemlig mulig \u00e5 bruke mye omtanke og penger p\u00e5 interi\u00f8ret. Jeg likte godt l\u00f8sninger basert p\u00e5 finerplater i tre. Det forsterket veteranpreget p\u00e5 en fin m\u00e5te. Andre satset p\u00e5 plastic-fantastic. 70-tallets T2-busser egner seg fint for s\u00e5nne l\u00f8sninger.<\/p>\n<p>VolksWorld dreier seg mye om Volkswagens busser, camping- og multivan-l\u00f8sninger. Ogs\u00e5 dagens aller siste T6-baserte nyheter ble fremvist. Det skal jeg fortelle mer om i et senere innlegg. Men fokuset p\u00e5 de tidlige VW-bussene indikerer hvor verdifulle disse bilene er blitt. Har du et skogsvrak som kan reddes, sitter du sannsynligvis p\u00e5 en gullgruve. Jeg savnet imidlertid pickup&#8217;ene, b\u00e5de enkelkabinere og dobbeltkabinere. De var det bare et par stykker av. Jeg mistenker at de h\u00f8ye prisene, spesielt p\u00e5 T1-bussene, har medf\u00f8rt at pickup&#8217;ene er brukt som donorbiler til bussprosjekter. <\/p>\n\n<p><img data-recalc-dims=\"1\" loading=\"lazy\" decoding=\"async\" data-attachment-id=\"9760\" data-permalink=\"https:\/\/terjebjornstad.com\/no\/2017\/03\/29\/bobler-og-busser-pa-volksworld-2017\/poledancer-1\/\" data-orig-file=\"https:\/\/i0.wp.com\/terjebjornstad.com\/no\/wp-content\/uploads\/2017\/03\/poledancer-1.png?fit=360%2C540&amp;ssl=1\" data-orig-size=\"360,540\" data-comments-opened=\"1\" data-image-meta=\"{&quot;aperture&quot;:&quot;0&quot;,&quot;credit&quot;:&quot;&quot;,&quot;camera&quot;:&quot;&quot;,&quot;caption&quot;:&quot;&quot;,&quot;created_timestamp&quot;:&quot;0&quot;,&quot;copyright&quot;:&quot;&quot;,&quot;focal_length&quot;:&quot;0&quot;,&quot;iso&quot;:&quot;0&quot;,&quot;shutter_speed&quot;:&quot;0&quot;,&quot;title&quot;:&quot;&quot;,&quot;orientation&quot;:&quot;0&quot;}\" data-image-title=\"poledancer-1\" data-image-description=\"\" data-image-caption=\"\" data-large-file=\"https:\/\/i0.wp.com\/terjebjornstad.com\/no\/wp-content\/uploads\/2017\/03\/poledancer-1.png?fit=360%2C540&amp;ssl=1\" src=\"https:\/\/i0.wp.com\/terjebjornstad.com\/no\/wp-content\/uploads\/2017\/03\/poledancer-1.png?resize=360%2C540&#038;ssl=1\" alt=\"volksworld\" width=\"360\" height=\"540\" class=\"alignright size-full wp-image-9760\" srcset=\"https:\/\/i0.wp.com\/terjebjornstad.com\/no\/wp-content\/uploads\/2017\/03\/poledancer-1.png?w=360&amp;ssl=1 360w, https:\/\/i0.wp.com\/terjebjornstad.com\/no\/wp-content\/uploads\/2017\/03\/poledancer-1.png?resize=200%2C300&amp;ssl=1 200w\" sizes=\"auto, (max-width: 360px) 100vw, 360px\" \/>Stilmessig g\u00e5r det mye i ratlook og senking med ekstreme hjulvinkler. De er t\u00f8ffe og veldig flotte fotomotiver, men jeg kan ikke forestille meg at de kj\u00f8rer s\u00e6rlig bra. Personlig foretrekker jeg mer originale biler, &#8211; sannsynligvis fordi jeg opplevde disse i mine egne guttedager p\u00e5 60-tallet. Kameraten min hadde en T1 dobbeltkabiner, naboene en 53-modell boble med delt bakvindu, og det var stas da fetterne mine kom p\u00e5 bes\u00f8k i sin sitrongule boble fra 59. <\/p>\n<p>Jeg blir aldri lei av og se p\u00e5 folkevogner. I helgen fikk jeg studere mer enn hundre stykker i detalj, &#8211; mange av dem p\u00e5 parkeringsplassen. Der fortsatte utstillingen. Og skulle jeg tittet p\u00e5 alle bilene, m\u00e5tte jeg bruke en dag til.<\/p>\n<p>Jeg tok mange bilder. Alt for mange til \u00e5 vise i dette innlegget, &#8211; men lover \u00e5 fortsette \u00e5 legge ut bilder under &laquo;Volkswagen&raquo;-linken til h\u00f8yre.<\/p>\n<blockquote><p>Bli med p\u00e5 en liten tur blant bobler og busser!<\/p><\/blockquote>\n\n<figure id=\"attachment_9788\" aria-describedby=\"caption-attachment-9788\" style=\"width: 686px\" class=\"wp-caption alignright\"><img data-recalc-dims=\"1\" loading=\"lazy\" decoding=\"async\" data-attachment-id=\"9788\" data-permalink=\"https:\/\/terjebjornstad.com\/no\/2017\/03\/29\/bobler-og-busser-pa-volksworld-2017\/sandown-54-13\/\" data-orig-file=\"https:\/\/i0.wp.com\/terjebjornstad.com\/no\/wp-content\/uploads\/2017\/03\/sandown-54-13.png?fit=686%2C457&amp;ssl=1\" data-orig-size=\"686,457\" data-comments-opened=\"1\" data-image-meta=\"{&quot;aperture&quot;:&quot;0&quot;,&quot;credit&quot;:&quot;&quot;,&quot;camera&quot;:&quot;&quot;,&quot;caption&quot;:&quot;&quot;,&quot;created_timestamp&quot;:&quot;0&quot;,&quot;copyright&quot;:&quot;&quot;,&quot;focal_length&quot;:&quot;0&quot;,&quot;iso&quot;:&quot;0&quot;,&quot;shutter_speed&quot;:&quot;0&quot;,&quot;title&quot;:&quot;&quot;,&quot;orientation&quot;:&quot;0&quot;}\" data-image-title=\"VW Bus T1 at Sandown Park\" data-image-description=\"\" data-image-caption=\"&lt;p&gt;To generasjoner VW-busser. Den n\u00e6rmeste fra 1954 (Esher UK, 2017).&lt;\/p&gt;\n\" data-large-file=\"https:\/\/i0.wp.com\/terjebjornstad.com\/no\/wp-content\/uploads\/2017\/03\/sandown-54-13.png?fit=686%2C457&amp;ssl=1\" src=\"https:\/\/i0.wp.com\/terjebjornstad.com\/no\/wp-content\/uploads\/2017\/03\/sandown-54-13.png?resize=686%2C457&#038;ssl=1\" alt=\"volksworld\" width=\"686\" height=\"457\" class=\"size-full wp-image-9788\" srcset=\"https:\/\/i0.wp.com\/terjebjornstad.com\/no\/wp-content\/uploads\/2017\/03\/sandown-54-13.png?w=686&amp;ssl=1 686w, https:\/\/i0.wp.com\/terjebjornstad.com\/no\/wp-content\/uploads\/2017\/03\/sandown-54-13.png?resize=300%2C200&amp;ssl=1 300w\" sizes=\"auto, (max-width: 686px) 100vw, 686px\" \/><figcaption id=\"caption-attachment-9788\" class=\"wp-caption-text\">To generasjoner VW-busser. Den n\u00e6rmeste fra 1954.<\/figcaption><\/figure>\n<figure id=\"attachment_9776\" aria-describedby=\"caption-attachment-9776\" style=\"width: 686px\" class=\"wp-caption alignright\"><img data-recalc-dims=\"1\" loading=\"lazy\" decoding=\"async\" data-attachment-id=\"9776\" data-permalink=\"https:\/\/terjebjornstad.com\/no\/2017\/03\/29\/bobler-og-busser-pa-volksworld-2017\/vw-type3-notchback\/\" data-orig-file=\"https:\/\/i0.wp.com\/terjebjornstad.com\/no\/wp-content\/uploads\/2017\/03\/vw-type3-notchback.png?fit=686%2C457&amp;ssl=1\" data-orig-size=\"686,457\" data-comments-opened=\"1\" data-image-meta=\"{&quot;aperture&quot;:&quot;0&quot;,&quot;credit&quot;:&quot;&quot;,&quot;camera&quot;:&quot;&quot;,&quot;caption&quot;:&quot;&quot;,&quot;created_timestamp&quot;:&quot;0&quot;,&quot;copyright&quot;:&quot;&quot;,&quot;focal_length&quot;:&quot;0&quot;,&quot;iso&quot;:&quot;0&quot;,&quot;shutter_speed&quot;:&quot;0&quot;,&quot;title&quot;:&quot;&quot;,&quot;orientation&quot;:&quot;0&quot;}\" data-image-title=\"vw-type3-notchback\" data-image-description=\"\" data-image-caption=\"&lt;p&gt;VW Type 3&lt;\/p&gt;\n\" data-large-file=\"https:\/\/i0.wp.com\/terjebjornstad.com\/no\/wp-content\/uploads\/2017\/03\/vw-type3-notchback.png?fit=686%2C457&amp;ssl=1\" src=\"https:\/\/i0.wp.com\/terjebjornstad.com\/no\/wp-content\/uploads\/2017\/03\/vw-type3-notchback.png?resize=686%2C457&#038;ssl=1\" alt=\"volksworld\" width=\"686\" height=\"457\" class=\"size-full wp-image-9776\" srcset=\"https:\/\/i0.wp.com\/terjebjornstad.com\/no\/wp-content\/uploads\/2017\/03\/vw-type3-notchback.png?w=686&amp;ssl=1 686w, https:\/\/i0.wp.com\/terjebjornstad.com\/no\/wp-content\/uploads\/2017\/03\/vw-type3-notchback.png?resize=300%2C200&amp;ssl=1 300w\" sizes=\"auto, (max-width: 686px) 100vw, 686px\" \/><figcaption id=\"caption-attachment-9776\" class=\"wp-caption-text\">Tidskapsel: Slik utstillingen av Type3 kunne ha sett ut i &#8211; for eksempel &#8211; 1965.<\/figcaption><\/figure>\n<figure id=\"attachment_9773\" aria-describedby=\"caption-attachment-9773\" style=\"width: 686px\" class=\"wp-caption alignright\"><img data-recalc-dims=\"1\" loading=\"lazy\" decoding=\"async\" data-attachment-id=\"9773\" data-permalink=\"https:\/\/terjebjornstad.com\/no\/2017\/03\/29\/bobler-og-busser-pa-volksworld-2017\/vw-t1-bus-lineup\/\" data-orig-file=\"https:\/\/i0.wp.com\/terjebjornstad.com\/no\/wp-content\/uploads\/2017\/03\/vw-t1-bus-lineup.png?fit=686%2C457&amp;ssl=1\" data-orig-size=\"686,457\" data-comments-opened=\"1\" data-image-meta=\"{&quot;aperture&quot;:&quot;0&quot;,&quot;credit&quot;:&quot;&quot;,&quot;camera&quot;:&quot;&quot;,&quot;caption&quot;:&quot;&quot;,&quot;created_timestamp&quot;:&quot;0&quot;,&quot;copyright&quot;:&quot;&quot;,&quot;focal_length&quot;:&quot;0&quot;,&quot;iso&quot;:&quot;0&quot;,&quot;shutter_speed&quot;:&quot;0&quot;,&quot;title&quot;:&quot;&quot;,&quot;orientation&quot;:&quot;0&quot;}\" data-image-title=\"vw-t1-bus-lineup\" data-image-description=\"\" data-image-caption=\"&lt;p&gt;Pent lined up: T1&amp;#8217;ere i ratlook style.&lt;\/p&gt;\n\" data-large-file=\"https:\/\/i0.wp.com\/terjebjornstad.com\/no\/wp-content\/uploads\/2017\/03\/vw-t1-bus-lineup.png?fit=686%2C457&amp;ssl=1\" src=\"https:\/\/i0.wp.com\/terjebjornstad.com\/no\/wp-content\/uploads\/2017\/03\/vw-t1-bus-lineup.png?resize=686%2C457&#038;ssl=1\" alt=\"volksworld\" width=\"686\" height=\"457\" class=\"size-full wp-image-9773\" srcset=\"https:\/\/i0.wp.com\/terjebjornstad.com\/no\/wp-content\/uploads\/2017\/03\/vw-t1-bus-lineup.png?w=686&amp;ssl=1 686w, https:\/\/i0.wp.com\/terjebjornstad.com\/no\/wp-content\/uploads\/2017\/03\/vw-t1-bus-lineup.png?resize=300%2C200&amp;ssl=1 300w\" sizes=\"auto, (max-width: 686px) 100vw, 686px\" \/><figcaption id=\"caption-attachment-9773\" class=\"wp-caption-text\">Pent lined up: T1&#8217;ere i ratlook style.<\/figcaption><\/figure>\n<figure id=\"attachment_9766\" aria-describedby=\"caption-attachment-9766\" style=\"width: 686px\" class=\"wp-caption alignright\"><img data-recalc-dims=\"1\" loading=\"lazy\" decoding=\"async\" data-attachment-id=\"9766\" data-permalink=\"https:\/\/terjebjornstad.com\/no\/2017\/03\/29\/bobler-og-busser-pa-volksworld-2017\/sandown-type2andsplit-1\/\" data-orig-file=\"https:\/\/i0.wp.com\/terjebjornstad.com\/no\/wp-content\/uploads\/2017\/03\/sandown-type2andsplit-1.png?fit=686%2C686&amp;ssl=1\" data-orig-size=\"686,686\" data-comments-opened=\"1\" data-image-meta=\"{&quot;aperture&quot;:&quot;0&quot;,&quot;credit&quot;:&quot;&quot;,&quot;camera&quot;:&quot;&quot;,&quot;caption&quot;:&quot;&quot;,&quot;created_timestamp&quot;:&quot;0&quot;,&quot;copyright&quot;:&quot;&quot;,&quot;focal_length&quot;:&quot;0&quot;,&quot;iso&quot;:&quot;0&quot;,&quot;shutter_speed&quot;:&quot;0&quot;,&quot;title&quot;:&quot;&quot;,&quot;orientation&quot;:&quot;0&quot;}\" data-image-title=\"Type3 and Type1 Split-window at Sandown Park\" data-image-description=\"\" data-image-caption=\"&lt;p&gt;To forskjellige bakender &amp;#8211; VW Type3 Notchback foran en &amp;laquo;Zwitter&amp;raquo;. &lt;\/p&gt;\n\" data-large-file=\"https:\/\/i0.wp.com\/terjebjornstad.com\/no\/wp-content\/uploads\/2017\/03\/sandown-type2andsplit-1.png?fit=686%2C686&amp;ssl=1\" src=\"https:\/\/i0.wp.com\/terjebjornstad.com\/no\/wp-content\/uploads\/2017\/03\/sandown-type2andsplit-1.png?resize=686%2C686&#038;ssl=1\" alt=\"volksworld\" width=\"686\" height=\"686\" class=\"size-full wp-image-9766\" srcset=\"https:\/\/i0.wp.com\/terjebjornstad.com\/no\/wp-content\/uploads\/2017\/03\/sandown-type2andsplit-1.png?w=686&amp;ssl=1 686w, https:\/\/i0.wp.com\/terjebjornstad.com\/no\/wp-content\/uploads\/2017\/03\/sandown-type2andsplit-1.png?resize=150%2C150&amp;ssl=1 150w, https:\/\/i0.wp.com\/terjebjornstad.com\/no\/wp-content\/uploads\/2017\/03\/sandown-type2andsplit-1.png?resize=300%2C300&amp;ssl=1 300w, https:\/\/i0.wp.com\/terjebjornstad.com\/no\/wp-content\/uploads\/2017\/03\/sandown-type2andsplit-1.png?resize=50%2C50&amp;ssl=1 50w\" sizes=\"auto, (max-width: 686px) 100vw, 686px\" \/><figcaption id=\"caption-attachment-9766\" class=\"wp-caption-text\">Europas fineste Folkevogner var samlet her denne helgen. Her er noen av dem.<\/figcaption><\/figure>\n<figure id=\"attachment_9764\" aria-describedby=\"caption-attachment-9764\" style=\"width: 686px\" class=\"wp-caption alignright\"><img data-recalc-dims=\"1\" loading=\"lazy\" decoding=\"async\" data-attachment-id=\"9764\" data-permalink=\"https:\/\/terjebjornstad.com\/no\/2017\/03\/29\/bobler-og-busser-pa-volksworld-2017\/sandown-t1-3\/\" data-orig-file=\"https:\/\/i0.wp.com\/terjebjornstad.com\/no\/wp-content\/uploads\/2017\/03\/sandown-t1-3.png?fit=686%2C457&amp;ssl=1\" data-orig-size=\"686,457\" data-comments-opened=\"1\" data-image-meta=\"{&quot;aperture&quot;:&quot;0&quot;,&quot;credit&quot;:&quot;&quot;,&quot;camera&quot;:&quot;&quot;,&quot;caption&quot;:&quot;&quot;,&quot;created_timestamp&quot;:&quot;0&quot;,&quot;copyright&quot;:&quot;&quot;,&quot;focal_length&quot;:&quot;0&quot;,&quot;iso&quot;:&quot;0&quot;,&quot;shutter_speed&quot;:&quot;0&quot;,&quot;title&quot;:&quot;&quot;,&quot;orientation&quot;:&quot;0&quot;}\" data-image-title=\"Stemning p\u00e5 Sandown Park\" data-image-description=\"\" data-image-caption=\"&lt;p&gt;Stemning fra utstillingsomr\u00e5det.&lt;\/p&gt;\n\" data-large-file=\"https:\/\/i0.wp.com\/terjebjornstad.com\/no\/wp-content\/uploads\/2017\/03\/sandown-t1-3.png?fit=686%2C457&amp;ssl=1\" src=\"https:\/\/i0.wp.com\/terjebjornstad.com\/no\/wp-content\/uploads\/2017\/03\/sandown-t1-3.png?resize=686%2C457&#038;ssl=1\" alt=\"volksworld\" width=\"686\" height=\"457\" class=\"size-full wp-image-9764\" srcset=\"https:\/\/i0.wp.com\/terjebjornstad.com\/no\/wp-content\/uploads\/2017\/03\/sandown-t1-3.png?w=686&amp;ssl=1 686w, https:\/\/i0.wp.com\/terjebjornstad.com\/no\/wp-content\/uploads\/2017\/03\/sandown-t1-3.png?resize=300%2C200&amp;ssl=1 300w\" sizes=\"auto, (max-width: 686px) 100vw, 686px\" \/><figcaption id=\"caption-attachment-9764\" class=\"wp-caption-text\">Stemning fra utstillingsomr\u00e5det.<\/figcaption><\/figure>\n<figure id=\"attachment_9775\" aria-describedby=\"caption-attachment-9775\" style=\"width: 686px\" class=\"wp-caption alignright\"><img data-recalc-dims=\"1\" loading=\"lazy\" decoding=\"async\" data-attachment-id=\"9775\" data-permalink=\"https:\/\/terjebjornstad.com\/no\/2017\/03\/29\/bobler-og-busser-pa-volksworld-2017\/vw-t1-samba-windows-1\/\" data-orig-file=\"https:\/\/i0.wp.com\/terjebjornstad.com\/no\/wp-content\/uploads\/2017\/03\/vw-t1-samba-windows-1.png?fit=686%2C457&amp;ssl=1\" data-orig-size=\"686,457\" data-comments-opened=\"1\" data-image-meta=\"{&quot;aperture&quot;:&quot;0&quot;,&quot;credit&quot;:&quot;&quot;,&quot;camera&quot;:&quot;&quot;,&quot;caption&quot;:&quot;&quot;,&quot;created_timestamp&quot;:&quot;0&quot;,&quot;copyright&quot;:&quot;&quot;,&quot;focal_length&quot;:&quot;0&quot;,&quot;iso&quot;:&quot;0&quot;,&quot;shutter_speed&quot;:&quot;0&quot;,&quot;title&quot;:&quot;&quot;,&quot;orientation&quot;:&quot;0&quot;}\" data-image-title=\"vw-t1-samba-windows-1\" data-image-description=\"\" data-image-caption=\"&lt;p&gt;Sjelden man f\u00e5r titte gjennom takvinduene p\u00e5 en T1.&lt;\/p&gt;\n\" data-large-file=\"https:\/\/i0.wp.com\/terjebjornstad.com\/no\/wp-content\/uploads\/2017\/03\/vw-t1-samba-windows-1.png?fit=686%2C457&amp;ssl=1\" src=\"https:\/\/i0.wp.com\/terjebjornstad.com\/no\/wp-content\/uploads\/2017\/03\/vw-t1-samba-windows-1.png?resize=686%2C457&#038;ssl=1\" alt=\"volksworld\" width=\"686\" height=\"457\" class=\"size-full wp-image-9775\" srcset=\"https:\/\/i0.wp.com\/terjebjornstad.com\/no\/wp-content\/uploads\/2017\/03\/vw-t1-samba-windows-1.png?w=686&amp;ssl=1 686w, https:\/\/i0.wp.com\/terjebjornstad.com\/no\/wp-content\/uploads\/2017\/03\/vw-t1-samba-windows-1.png?resize=300%2C200&amp;ssl=1 300w\" sizes=\"auto, (max-width: 686px) 100vw, 686px\" \/><figcaption id=\"caption-attachment-9775\" class=\"wp-caption-text\">Sjelden man f\u00e5r titte gjennom takvinduene p\u00e5 en T1.<\/figcaption><\/figure>\n<figure id=\"attachment_9765\" aria-describedby=\"caption-attachment-9765\" style=\"width: 686px\" class=\"wp-caption alignright\"><img data-recalc-dims=\"1\" loading=\"lazy\" decoding=\"async\" data-attachment-id=\"9765\" data-permalink=\"https:\/\/terjebjornstad.com\/no\/2017\/03\/29\/bobler-og-busser-pa-volksworld-2017\/sandown-toys\/\" data-orig-file=\"https:\/\/i0.wp.com\/terjebjornstad.com\/no\/wp-content\/uploads\/2017\/03\/sandown-toys.png?fit=686%2C457&amp;ssl=1\" data-orig-size=\"686,457\" data-comments-opened=\"1\" data-image-meta=\"{&quot;aperture&quot;:&quot;0&quot;,&quot;credit&quot;:&quot;&quot;,&quot;camera&quot;:&quot;&quot;,&quot;caption&quot;:&quot;&quot;,&quot;created_timestamp&quot;:&quot;0&quot;,&quot;copyright&quot;:&quot;&quot;,&quot;focal_length&quot;:&quot;0&quot;,&quot;iso&quot;:&quot;0&quot;,&quot;shutter_speed&quot;:&quot;0&quot;,&quot;title&quot;:&quot;&quot;,&quot;orientation&quot;:&quot;0&quot;}\" data-image-title=\"Volkswage Toy Cars at Sandown Park\" data-image-description=\"\" data-image-caption=\"&lt;p&gt;Med dagens priser p\u00e5 T1 samba, kunne man like gjerne kj\u00f8pt leket\u00f8ysvarianten.&lt;\/p&gt;\n\" data-large-file=\"https:\/\/i0.wp.com\/terjebjornstad.com\/no\/wp-content\/uploads\/2017\/03\/sandown-toys.png?fit=686%2C457&amp;ssl=1\" src=\"https:\/\/i0.wp.com\/terjebjornstad.com\/no\/wp-content\/uploads\/2017\/03\/sandown-toys.png?resize=686%2C457&#038;ssl=1\" alt=\"volksworld\" width=\"686\" height=\"457\" class=\"size-full wp-image-9765\" srcset=\"https:\/\/i0.wp.com\/terjebjornstad.com\/no\/wp-content\/uploads\/2017\/03\/sandown-toys.png?w=686&amp;ssl=1 686w, https:\/\/i0.wp.com\/terjebjornstad.com\/no\/wp-content\/uploads\/2017\/03\/sandown-toys.png?resize=300%2C200&amp;ssl=1 300w\" sizes=\"auto, (max-width: 686px) 100vw, 686px\" \/><figcaption id=\"caption-attachment-9765\" class=\"wp-caption-text\">Med dagens priser p\u00e5 T1 samba, kunne man like gjerne kj\u00f8pt leket\u00f8ysvarianten.<\/figcaption><\/figure>\n<figure id=\"attachment_9774\" aria-describedby=\"caption-attachment-9774\" style=\"width: 686px\" class=\"wp-caption alignright\"><img data-recalc-dims=\"1\" loading=\"lazy\" decoding=\"async\" data-attachment-id=\"9774\" data-permalink=\"https:\/\/terjebjornstad.com\/no\/2017\/03\/29\/bobler-og-busser-pa-volksworld-2017\/vw-t1-samba-15-windows\/\" data-orig-file=\"https:\/\/i0.wp.com\/terjebjornstad.com\/no\/wp-content\/uploads\/2017\/03\/vw-t1-samba-15-windows.png?fit=686%2C457&amp;ssl=1\" data-orig-size=\"686,457\" data-comments-opened=\"1\" data-image-meta=\"{&quot;aperture&quot;:&quot;0&quot;,&quot;credit&quot;:&quot;&quot;,&quot;camera&quot;:&quot;&quot;,&quot;caption&quot;:&quot;&quot;,&quot;created_timestamp&quot;:&quot;0&quot;,&quot;copyright&quot;:&quot;&quot;,&quot;focal_length&quot;:&quot;0&quot;,&quot;iso&quot;:&quot;0&quot;,&quot;shutter_speed&quot;:&quot;0&quot;,&quot;title&quot;:&quot;&quot;,&quot;orientation&quot;:&quot;0&quot;}\" data-image-title=\"vw-t1-samba-15-windows\" data-image-description=\"\" data-image-caption=\"&lt;p&gt;15-vindus-T1 buss (Esher UK, 2017).&lt;\/p&gt;\n\" data-large-file=\"https:\/\/i0.wp.com\/terjebjornstad.com\/no\/wp-content\/uploads\/2017\/03\/vw-t1-samba-15-windows.png?fit=686%2C457&amp;ssl=1\" src=\"https:\/\/i0.wp.com\/terjebjornstad.com\/no\/wp-content\/uploads\/2017\/03\/vw-t1-samba-15-windows.png?resize=686%2C457&#038;ssl=1\" alt=\"\" width=\"686\" height=\"457\" class=\"size-full wp-image-9774\" srcset=\"https:\/\/i0.wp.com\/terjebjornstad.com\/no\/wp-content\/uploads\/2017\/03\/vw-t1-samba-15-windows.png?w=686&amp;ssl=1 686w, https:\/\/i0.wp.com\/terjebjornstad.com\/no\/wp-content\/uploads\/2017\/03\/vw-t1-samba-15-windows.png?resize=300%2C200&amp;ssl=1 300w\" sizes=\"auto, (max-width: 686px) 100vw, 686px\" \/><figcaption id=\"caption-attachment-9774\" class=\"wp-caption-text\">Denne flotte 15-vindus-T1 fikk plass innenfor &#8211; i ringen.<\/figcaption><\/figure>\n<figure id=\"attachment_9768\" aria-describedby=\"caption-attachment-9768\" style=\"width: 686px\" class=\"wp-caption alignright\"><img data-recalc-dims=\"1\" loading=\"lazy\" decoding=\"async\" data-attachment-id=\"9768\" data-permalink=\"https:\/\/terjebjornstad.com\/no\/2017\/03\/29\/bobler-og-busser-pa-volksworld-2017\/t1-camper-interior\/\" data-orig-file=\"https:\/\/i0.wp.com\/terjebjornstad.com\/no\/wp-content\/uploads\/2017\/03\/t1-camper-interior.png?fit=686%2C1029&amp;ssl=1\" data-orig-size=\"686,1029\" data-comments-opened=\"1\" data-image-meta=\"{&quot;aperture&quot;:&quot;0&quot;,&quot;credit&quot;:&quot;&quot;,&quot;camera&quot;:&quot;&quot;,&quot;caption&quot;:&quot;&quot;,&quot;created_timestamp&quot;:&quot;0&quot;,&quot;copyright&quot;:&quot;&quot;,&quot;focal_length&quot;:&quot;0&quot;,&quot;iso&quot;:&quot;0&quot;,&quot;shutter_speed&quot;:&quot;0&quot;,&quot;title&quot;:&quot;&quot;,&quot;orientation&quot;:&quot;0&quot;}\" data-image-title=\"t1-camper-interior\" data-image-description=\"\" data-image-caption=\"&lt;p&gt;Moderne innredning utf\u00f8rt i 50-tallsstil.&lt;\/p&gt;\n\" data-large-file=\"https:\/\/i0.wp.com\/terjebjornstad.com\/no\/wp-content\/uploads\/2017\/03\/t1-camper-interior.png?fit=683%2C1024&amp;ssl=1\" src=\"https:\/\/i0.wp.com\/terjebjornstad.com\/no\/wp-content\/uploads\/2017\/03\/t1-camper-interior.png?resize=686%2C1029&#038;ssl=1\" alt=\"\" width=\"686\" height=\"1029\" class=\"size-full wp-image-9768\" srcset=\"https:\/\/i0.wp.com\/terjebjornstad.com\/no\/wp-content\/uploads\/2017\/03\/t1-camper-interior.png?w=686&amp;ssl=1 686w, https:\/\/i0.wp.com\/terjebjornstad.com\/no\/wp-content\/uploads\/2017\/03\/t1-camper-interior.png?resize=200%2C300&amp;ssl=1 200w, https:\/\/i0.wp.com\/terjebjornstad.com\/no\/wp-content\/uploads\/2017\/03\/t1-camper-interior.png?resize=683%2C1024&amp;ssl=1 683w\" sizes=\"auto, (max-width: 686px) 100vw, 686px\" \/><figcaption id=\"caption-attachment-9768\" class=\"wp-caption-text\">Moderne innredning utf\u00f8rt i 50-tallsstil. Legg merke til innertaket og den flotte kj\u00f8kkeninnredningen. Dette kan du kj\u00f8pe nytt i dag. Men ikke Cola-kj\u00f8leren: I like!<\/figcaption><\/figure>\n<figure id=\"attachment_9769\" aria-describedby=\"caption-attachment-9769\" style=\"width: 686px\" class=\"wp-caption alignright\"><img data-recalc-dims=\"1\" loading=\"lazy\" decoding=\"async\" data-attachment-id=\"9769\" data-permalink=\"https:\/\/terjebjornstad.com\/no\/2017\/03\/29\/bobler-og-busser-pa-volksworld-2017\/t1-samba-interior-15\/\" data-orig-file=\"https:\/\/i0.wp.com\/terjebjornstad.com\/no\/wp-content\/uploads\/2017\/03\/t1-samba-interior-15.png?fit=686%2C1029&amp;ssl=1\" data-orig-size=\"686,1029\" data-comments-opened=\"1\" data-image-meta=\"{&quot;aperture&quot;:&quot;0&quot;,&quot;credit&quot;:&quot;&quot;,&quot;camera&quot;:&quot;&quot;,&quot;caption&quot;:&quot;&quot;,&quot;created_timestamp&quot;:&quot;0&quot;,&quot;copyright&quot;:&quot;&quot;,&quot;focal_length&quot;:&quot;0&quot;,&quot;iso&quot;:&quot;0&quot;,&quot;shutter_speed&quot;:&quot;0&quot;,&quot;title&quot;:&quot;&quot;,&quot;orientation&quot;:&quot;0&quot;}\" data-image-title=\"t1-samba-interior-15\" data-image-description=\"\" data-image-caption=\"&lt;p&gt;VW &amp;laquo;Samba&amp;raquo; interi\u00f8r.&lt;\/p&gt;\n\" data-large-file=\"https:\/\/i0.wp.com\/terjebjornstad.com\/no\/wp-content\/uploads\/2017\/03\/t1-samba-interior-15.png?fit=683%2C1024&amp;ssl=1\" src=\"https:\/\/i0.wp.com\/terjebjornstad.com\/no\/wp-content\/uploads\/2017\/03\/t1-samba-interior-15.png?resize=686%2C1029&#038;ssl=1\" alt=\"\" width=\"686\" height=\"1029\" class=\"size-full wp-image-9769\" srcset=\"https:\/\/i0.wp.com\/terjebjornstad.com\/no\/wp-content\/uploads\/2017\/03\/t1-samba-interior-15.png?w=686&amp;ssl=1 686w, https:\/\/i0.wp.com\/terjebjornstad.com\/no\/wp-content\/uploads\/2017\/03\/t1-samba-interior-15.png?resize=200%2C300&amp;ssl=1 200w, https:\/\/i0.wp.com\/terjebjornstad.com\/no\/wp-content\/uploads\/2017\/03\/t1-samba-interior-15.png?resize=683%2C1024&amp;ssl=1 683w\" sizes=\"auto, (max-width: 686px) 100vw, 686px\" \/><figcaption id=\"caption-attachment-9769\" class=\"wp-caption-text\">VW &laquo;Samba&raquo; interi\u00f8r.<\/figcaption><\/figure>\n<figure id=\"attachment_9770\" aria-describedby=\"caption-attachment-9770\" style=\"width: 686px\" class=\"wp-caption alignright\"><img data-recalc-dims=\"1\" loading=\"lazy\" decoding=\"async\" data-attachment-id=\"9770\" data-permalink=\"https:\/\/terjebjornstad.com\/no\/2017\/03\/29\/bobler-og-busser-pa-volksworld-2017\/t2-at-sandown\/\" data-orig-file=\"https:\/\/i0.wp.com\/terjebjornstad.com\/no\/wp-content\/uploads\/2017\/03\/T2-at-sandown.png?fit=686%2C457&amp;ssl=1\" data-orig-size=\"686,457\" data-comments-opened=\"1\" data-image-meta=\"{&quot;aperture&quot;:&quot;0&quot;,&quot;credit&quot;:&quot;&quot;,&quot;camera&quot;:&quot;&quot;,&quot;caption&quot;:&quot;&quot;,&quot;created_timestamp&quot;:&quot;0&quot;,&quot;copyright&quot;:&quot;&quot;,&quot;focal_length&quot;:&quot;0&quot;,&quot;iso&quot;:&quot;0&quot;,&quot;shutter_speed&quot;:&quot;0&quot;,&quot;title&quot;:&quot;&quot;,&quot;orientation&quot;:&quot;0&quot;}\" data-image-title=\"VW T2 at sandown Park\" data-image-description=\"\" data-image-caption=\"&lt;p&gt;Volkswagen T2 buss (Esher UK; 2017).&lt;\/p&gt;\n\" data-large-file=\"https:\/\/i0.wp.com\/terjebjornstad.com\/no\/wp-content\/uploads\/2017\/03\/T2-at-sandown.png?fit=686%2C457&amp;ssl=1\" src=\"https:\/\/i0.wp.com\/terjebjornstad.com\/no\/wp-content\/uploads\/2017\/03\/T2-at-sandown.png?resize=686%2C457&#038;ssl=1\" alt=\"\" width=\"686\" height=\"457\" class=\"size-full wp-image-9770\" srcset=\"https:\/\/i0.wp.com\/terjebjornstad.com\/no\/wp-content\/uploads\/2017\/03\/T2-at-sandown.png?w=686&amp;ssl=1 686w, https:\/\/i0.wp.com\/terjebjornstad.com\/no\/wp-content\/uploads\/2017\/03\/T2-at-sandown.png?resize=300%2C200&amp;ssl=1 300w\" sizes=\"auto, (max-width: 686px) 100vw, 686px\" \/><figcaption id=\"caption-attachment-9770\" class=\"wp-caption-text\">Vakker og velutstyrt T2 p\u00e5 utend\u00f8rs utstillingsomr\u00e5de.<\/figcaption><\/figure>\n<figure id=\"attachment_9758\" aria-describedby=\"caption-attachment-9758\" style=\"width: 686px\" class=\"wp-caption alignright\"><img data-recalc-dims=\"1\" loading=\"lazy\" decoding=\"async\" data-attachment-id=\"9758\" data-permalink=\"https:\/\/terjebjornstad.com\/no\/2017\/03\/29\/bobler-og-busser-pa-volksworld-2017\/busenbas\/\" data-orig-file=\"https:\/\/i0.wp.com\/terjebjornstad.com\/no\/wp-content\/uploads\/2017\/03\/busenbas.png?fit=686%2C457&amp;ssl=1\" data-orig-size=\"686,457\" data-comments-opened=\"1\" data-image-meta=\"{&quot;aperture&quot;:&quot;0&quot;,&quot;credit&quot;:&quot;&quot;,&quot;camera&quot;:&quot;&quot;,&quot;caption&quot;:&quot;&quot;,&quot;created_timestamp&quot;:&quot;0&quot;,&quot;copyright&quot;:&quot;&quot;,&quot;focal_length&quot;:&quot;0&quot;,&quot;iso&quot;:&quot;0&quot;,&quot;shutter_speed&quot;:&quot;0&quot;,&quot;title&quot;:&quot;&quot;,&quot;orientation&quot;:&quot;0&quot;}\" data-image-title=\"busenbas\" data-image-description=\"\" data-image-caption=\"&lt;p&gt;Ekstralyset p\u00e5 taket: I like!&lt;\/p&gt;\n\" data-large-file=\"https:\/\/i0.wp.com\/terjebjornstad.com\/no\/wp-content\/uploads\/2017\/03\/busenbas.png?fit=686%2C457&amp;ssl=1\" src=\"https:\/\/i0.wp.com\/terjebjornstad.com\/no\/wp-content\/uploads\/2017\/03\/busenbas.png?resize=686%2C457&#038;ssl=1\" alt=\"volksworld\" width=\"686\" height=\"457\" class=\"size-full wp-image-9758\" srcset=\"https:\/\/i0.wp.com\/terjebjornstad.com\/no\/wp-content\/uploads\/2017\/03\/busenbas.png?w=686&amp;ssl=1 686w, https:\/\/i0.wp.com\/terjebjornstad.com\/no\/wp-content\/uploads\/2017\/03\/busenbas.png?resize=300%2C200&amp;ssl=1 300w\" sizes=\"auto, (max-width: 686px) 100vw, 686px\" \/><figcaption id=\"caption-attachment-9758\" class=\"wp-caption-text\">Ekstralyset p\u00e5 taket: I like!<\/figcaption><\/figure>\n<figure id=\"attachment_9759\" aria-describedby=\"caption-attachment-9759\" style=\"width: 686px\" class=\"wp-caption alignright\"><img data-recalc-dims=\"1\" loading=\"lazy\" decoding=\"async\" data-attachment-id=\"9759\" data-permalink=\"https:\/\/terjebjornstad.com\/no\/2017\/03\/29\/bobler-og-busser-pa-volksworld-2017\/interior-folkevogn-11\/\" data-orig-file=\"https:\/\/i0.wp.com\/terjebjornstad.com\/no\/wp-content\/uploads\/2017\/03\/interior-folkevogn-11.png?fit=686%2C457&amp;ssl=1\" data-orig-size=\"686,457\" data-comments-opened=\"1\" data-image-meta=\"{&quot;aperture&quot;:&quot;0&quot;,&quot;credit&quot;:&quot;&quot;,&quot;camera&quot;:&quot;&quot;,&quot;caption&quot;:&quot;&quot;,&quot;created_timestamp&quot;:&quot;0&quot;,&quot;copyright&quot;:&quot;&quot;,&quot;focal_length&quot;:&quot;0&quot;,&quot;iso&quot;:&quot;0&quot;,&quot;shutter_speed&quot;:&quot;0&quot;,&quot;title&quot;:&quot;&quot;,&quot;orientation&quot;:&quot;0&quot;}\" data-image-title=\"interior-folkevogn-11\" data-image-description=\"\" data-image-caption=\"&lt;p&gt;Porsche-merket i rattnavet er helt innenfor. &lt;\/p&gt;\n\" data-large-file=\"https:\/\/i0.wp.com\/terjebjornstad.com\/no\/wp-content\/uploads\/2017\/03\/interior-folkevogn-11.png?fit=686%2C457&amp;ssl=1\" src=\"https:\/\/i0.wp.com\/terjebjornstad.com\/no\/wp-content\/uploads\/2017\/03\/interior-folkevogn-11.png?resize=686%2C457&#038;ssl=1\" alt=\"volksworld\" width=\"686\" height=\"457\" class=\"size-full wp-image-9759\" srcset=\"https:\/\/i0.wp.com\/terjebjornstad.com\/no\/wp-content\/uploads\/2017\/03\/interior-folkevogn-11.png?w=686&amp;ssl=1 686w, https:\/\/i0.wp.com\/terjebjornstad.com\/no\/wp-content\/uploads\/2017\/03\/interior-folkevogn-11.png?resize=300%2C200&amp;ssl=1 300w\" sizes=\"auto, (max-width: 686px) 100vw, 686px\" \/><figcaption id=\"caption-attachment-9759\" class=\"wp-caption-text\">Flere av de klassiske boblene hadde f\u00e5tt Porsche-ratt, som denne.<\/figcaption><\/figure>\n<figure id=\"attachment_9763\" aria-describedby=\"caption-attachment-9763\" style=\"width: 686px\" class=\"wp-caption alignright\"><img data-recalc-dims=\"1\" loading=\"lazy\" decoding=\"async\" data-attachment-id=\"9763\" data-permalink=\"https:\/\/terjebjornstad.com\/no\/2017\/03\/29\/bobler-og-busser-pa-volksworld-2017\/sandown-split-1\/\" data-orig-file=\"https:\/\/i0.wp.com\/terjebjornstad.com\/no\/wp-content\/uploads\/2017\/03\/sandown-split-1.png?fit=686%2C1029&amp;ssl=1\" data-orig-size=\"686,1029\" data-comments-opened=\"1\" data-image-meta=\"{&quot;aperture&quot;:&quot;0&quot;,&quot;credit&quot;:&quot;&quot;,&quot;camera&quot;:&quot;&quot;,&quot;caption&quot;:&quot;&quot;,&quot;created_timestamp&quot;:&quot;0&quot;,&quot;copyright&quot;:&quot;&quot;,&quot;focal_length&quot;:&quot;0&quot;,&quot;iso&quot;:&quot;0&quot;,&quot;shutter_speed&quot;:&quot;0&quot;,&quot;title&quot;:&quot;&quot;,&quot;orientation&quot;:&quot;0&quot;}\" data-image-title=\"Ratlook VW Type1 Split-window at Sandown Park\" data-image-description=\"\" data-image-caption=\"&lt;p&gt;Gjennomf\u00f8r ratlook stil. &lt;\/p&gt;\n\" data-large-file=\"https:\/\/i0.wp.com\/terjebjornstad.com\/no\/wp-content\/uploads\/2017\/03\/sandown-split-1.png?fit=683%2C1024&amp;ssl=1\" src=\"https:\/\/i0.wp.com\/terjebjornstad.com\/no\/wp-content\/uploads\/2017\/03\/sandown-split-1.png?resize=686%2C1029&#038;ssl=1\" alt=\"vw\" width=\"686\" height=\"1029\" class=\"size-full wp-image-9763\" srcset=\"https:\/\/i0.wp.com\/terjebjornstad.com\/no\/wp-content\/uploads\/2017\/03\/sandown-split-1.png?w=686&amp;ssl=1 686w, https:\/\/i0.wp.com\/terjebjornstad.com\/no\/wp-content\/uploads\/2017\/03\/sandown-split-1.png?resize=200%2C300&amp;ssl=1 200w, https:\/\/i0.wp.com\/terjebjornstad.com\/no\/wp-content\/uploads\/2017\/03\/sandown-split-1.png?resize=683%2C1024&amp;ssl=1 683w\" sizes=\"auto, (max-width: 686px) 100vw, 686px\" \/><figcaption id=\"caption-attachment-9763\" class=\"wp-caption-text\">Gjennomf\u00f8rt, helt str\u00f8kent, ratlook stil.<\/figcaption><\/figure>\n<figure id=\"attachment_9869\" aria-describedby=\"caption-attachment-9869\" style=\"width: 686px\" class=\"wp-caption aligncenter\"><img data-recalc-dims=\"1\" loading=\"lazy\" decoding=\"async\" data-attachment-id=\"9869\" data-permalink=\"https:\/\/terjebjornstad.com\/no\/2017\/03\/29\/bobler-og-busser-pa-volksworld-2017\/vwmicrobus-1\/\" data-orig-file=\"https:\/\/i0.wp.com\/terjebjornstad.com\/no\/wp-content\/uploads\/2017\/03\/vwmicrobus-1.png?fit=686%2C457&amp;ssl=1\" data-orig-size=\"686,457\" data-comments-opened=\"1\" data-image-meta=\"{&quot;aperture&quot;:&quot;0&quot;,&quot;credit&quot;:&quot;&quot;,&quot;camera&quot;:&quot;&quot;,&quot;caption&quot;:&quot;&quot;,&quot;created_timestamp&quot;:&quot;0&quot;,&quot;copyright&quot;:&quot;&quot;,&quot;focal_length&quot;:&quot;0&quot;,&quot;iso&quot;:&quot;0&quot;,&quot;shutter_speed&quot;:&quot;0&quot;,&quot;title&quot;:&quot;&quot;,&quot;orientation&quot;:&quot;0&quot;}\" data-image-title=\"vwmicrobus-1\" data-image-description=\"\" data-image-caption=\"&lt;p&gt;T\u00f8ff School Bus Look.&lt;\/p&gt;\n\" data-large-file=\"https:\/\/i0.wp.com\/terjebjornstad.com\/no\/wp-content\/uploads\/2017\/03\/vwmicrobus-1.png?fit=686%2C457&amp;ssl=1\" src=\"https:\/\/i0.wp.com\/terjebjornstad.com\/no\/wp-content\/uploads\/2017\/03\/vwmicrobus-1.png?resize=686%2C457&#038;ssl=1\" alt=\"vw\" width=\"686\" height=\"457\" class=\"size-full wp-image-9869\" srcset=\"https:\/\/i0.wp.com\/terjebjornstad.com\/no\/wp-content\/uploads\/2017\/03\/vwmicrobus-1.png?w=686&amp;ssl=1 686w, https:\/\/i0.wp.com\/terjebjornstad.com\/no\/wp-content\/uploads\/2017\/03\/vwmicrobus-1.png?resize=300%2C200&amp;ssl=1 300w\" sizes=\"auto, (max-width: 686px) 100vw, 686px\" \/><figcaption id=\"caption-attachment-9869\" class=\"wp-caption-text\">T\u00f8ff School Bus Look.<\/figcaption><\/figure>\n<figure id=\"attachment_9762\" aria-describedby=\"caption-attachment-9762\" style=\"width: 686px\" class=\"wp-caption alignright\"><img data-recalc-dims=\"1\" loading=\"lazy\" decoding=\"async\" data-attachment-id=\"9762\" data-permalink=\"https:\/\/terjebjornstad.com\/no\/2017\/03\/29\/bobler-og-busser-pa-volksworld-2017\/sandown-55-p\/\" data-orig-file=\"https:\/\/i0.wp.com\/terjebjornstad.com\/no\/wp-content\/uploads\/2017\/03\/sandown-55-p.png?fit=686%2C457&amp;ssl=1\" data-orig-size=\"686,457\" data-comments-opened=\"1\" data-image-meta=\"{&quot;aperture&quot;:&quot;0&quot;,&quot;credit&quot;:&quot;&quot;,&quot;camera&quot;:&quot;&quot;,&quot;caption&quot;:&quot;&quot;,&quot;created_timestamp&quot;:&quot;0&quot;,&quot;copyright&quot;:&quot;&quot;,&quot;focal_length&quot;:&quot;0&quot;,&quot;iso&quot;:&quot;0&quot;,&quot;shutter_speed&quot;:&quot;0&quot;,&quot;title&quot;:&quot;&quot;,&quot;orientation&quot;:&quot;0&quot;}\" data-image-title=\"Volkswagen Oval at Sandown Park\" data-image-description=\"\" data-image-caption=\"&lt;p&gt;VW oval bakrute.&lt;\/p&gt;\n\" data-large-file=\"https:\/\/i0.wp.com\/terjebjornstad.com\/no\/wp-content\/uploads\/2017\/03\/sandown-55-p.png?fit=686%2C457&amp;ssl=1\" src=\"https:\/\/i0.wp.com\/terjebjornstad.com\/no\/wp-content\/uploads\/2017\/03\/sandown-55-p.png?resize=686%2C457&#038;ssl=1\" alt=\"vw\" width=\"686\" height=\"457\" class=\"size-full wp-image-9762\" srcset=\"https:\/\/i0.wp.com\/terjebjornstad.com\/no\/wp-content\/uploads\/2017\/03\/sandown-55-p.png?w=686&amp;ssl=1 686w, https:\/\/i0.wp.com\/terjebjornstad.com\/no\/wp-content\/uploads\/2017\/03\/sandown-55-p.png?resize=300%2C200&amp;ssl=1 300w\" sizes=\"auto, (max-width: 686px) 100vw, 686px\" \/><figcaption id=\"caption-attachment-9762\" class=\"wp-caption-text\">Ute p\u00e5 parkeringsplassen sto denne flotte &laquo;oval vindu&raquo; Folkevognen i selskap med diverse klassikere fra Wolfsburg. Silhuetten brytes av en Golf Pluss som st\u00e5r parkert ved siden av. De to bilene er omtrent like lange og like h\u00f8ye.<\/figcaption><\/figure>\n<figure id=\"attachment_9767\" aria-describedby=\"caption-attachment-9767\" style=\"width: 686px\" class=\"wp-caption alignright\"><img data-recalc-dims=\"1\" loading=\"lazy\" decoding=\"async\" data-attachment-id=\"9767\" data-permalink=\"https:\/\/terjebjornstad.com\/no\/2017\/03\/29\/bobler-og-busser-pa-volksworld-2017\/t1-bus-ski-1\/\" data-orig-file=\"https:\/\/i0.wp.com\/terjebjornstad.com\/no\/wp-content\/uploads\/2017\/03\/t1-bus-ski-1.png?fit=686%2C457&amp;ssl=1\" data-orig-size=\"686,457\" data-comments-opened=\"1\" data-image-meta=\"{&quot;aperture&quot;:&quot;0&quot;,&quot;credit&quot;:&quot;&quot;,&quot;camera&quot;:&quot;&quot;,&quot;caption&quot;:&quot;&quot;,&quot;created_timestamp&quot;:&quot;0&quot;,&quot;copyright&quot;:&quot;&quot;,&quot;focal_length&quot;:&quot;0&quot;,&quot;iso&quot;:&quot;0&quot;,&quot;shutter_speed&quot;:&quot;0&quot;,&quot;title&quot;:&quot;&quot;,&quot;orientation&quot;:&quot;0&quot;}\" data-image-title=\"t1-bus-ski-1\" data-image-description=\"\" data-image-caption=\"&lt;p&gt;Noen forlot arrangementet for \u00e5 dra rett p\u00e5 p\u00e5sketur ;-)&lt;\/p&gt;\n\" data-large-file=\"https:\/\/i0.wp.com\/terjebjornstad.com\/no\/wp-content\/uploads\/2017\/03\/t1-bus-ski-1.png?fit=686%2C457&amp;ssl=1\" src=\"https:\/\/i0.wp.com\/terjebjornstad.com\/no\/wp-content\/uploads\/2017\/03\/t1-bus-ski-1.png?resize=686%2C457&#038;ssl=1\" alt=\"\" width=\"686\" height=\"457\" class=\"size-full wp-image-9767\" srcset=\"https:\/\/i0.wp.com\/terjebjornstad.com\/no\/wp-content\/uploads\/2017\/03\/t1-bus-ski-1.png?w=686&amp;ssl=1 686w, https:\/\/i0.wp.com\/terjebjornstad.com\/no\/wp-content\/uploads\/2017\/03\/t1-bus-ski-1.png?resize=300%2C200&amp;ssl=1 300w\" sizes=\"auto, (max-width: 686px) 100vw, 686px\" \/><figcaption id=\"caption-attachment-9767\" class=\"wp-caption-text\">Noen forlot arrangementet for \u00e5 dra rett p\u00e5 p\u00e5sketur \ud83d\ude09<\/figcaption><\/figure>\n\n<h3 class=\"tebh2\">Se ogs\u00e5:<\/h3>\n<figure id=\"attachment_4428\" aria-describedby=\"caption-attachment-4428\" style=\"width: 150px\" class=\"wp-caption alignleft\"><a href=\"https:\/\/terjebjornstad.com\/no\/2016\/05\/16\/folkevogn-pa-folkemuseet\/\"><img data-recalc-dims=\"1\" loading=\"lazy\" decoding=\"async\" data-attachment-id=\"4428\" data-permalink=\"https:\/\/terjebjornstad.com\/no\/2016\/05\/16\/folkevogn-pa-folkemuseet\/folkemuseet-1\/\" data-orig-file=\"https:\/\/i0.wp.com\/terjebjornstad.com\/no\/wp-content\/uploads\/2016\/05\/folkemuseet-1.png?fit=686%2C457&amp;ssl=1\" data-orig-size=\"686,457\" data-comments-opened=\"1\" data-image-meta=\"{&quot;aperture&quot;:&quot;0&quot;,&quot;credit&quot;:&quot;&quot;,&quot;camera&quot;:&quot;&quot;,&quot;caption&quot;:&quot;&quot;,&quot;created_timestamp&quot;:&quot;0&quot;,&quot;copyright&quot;:&quot;&quot;,&quot;focal_length&quot;:&quot;0&quot;,&quot;iso&quot;:&quot;0&quot;,&quot;shutter_speed&quot;:&quot;0&quot;,&quot;title&quot;:&quot;&quot;,&quot;orientation&quot;:&quot;0&quot;}\" data-image-title=\"folkemuseet-1\" data-image-description=\"\" data-image-caption=\"&lt;p&gt;Folkevogn-samling p\u00e5 Folkemuseet.&lt;\/p&gt;\n\" data-large-file=\"https:\/\/i0.wp.com\/terjebjornstad.com\/no\/wp-content\/uploads\/2016\/05\/folkemuseet-1.png?fit=686%2C457&amp;ssl=1\" src=\"https:\/\/i0.wp.com\/terjebjornstad.com\/no\/wp-content\/uploads\/2016\/05\/folkemuseet-1.png?resize=150%2C150&#038;ssl=1\" alt=\"volksworld\" width=\"150\" height=\"150\" class=\"size-thumbnail wp-image-4428\" srcset=\"https:\/\/i0.wp.com\/terjebjornstad.com\/no\/wp-content\/uploads\/2016\/05\/folkemuseet-1.png?resize=150%2C150&amp;ssl=1 150w, https:\/\/i0.wp.com\/terjebjornstad.com\/no\/wp-content\/uploads\/2016\/05\/folkemuseet-1.png?resize=50%2C50&amp;ssl=1 50w, https:\/\/i0.wp.com\/terjebjornstad.com\/no\/wp-content\/uploads\/2016\/05\/folkemuseet-1.png?zoom=2&amp;resize=150%2C150&amp;ssl=1 300w, https:\/\/i0.wp.com\/terjebjornstad.com\/no\/wp-content\/uploads\/2016\/05\/folkemuseet-1.png?zoom=3&amp;resize=150%2C150&amp;ssl=1 450w\" sizes=\"auto, (max-width: 150px) 100vw, 150px\" \/><\/a><figcaption id=\"caption-attachment-4428\" class=\"wp-caption-text\">Folkevogn-samling p\u00e5 Folkemuseet.<\/figcaption><\/figure>\n<\/div>\n\n","protected":false,"gt_translate_keys":[{"key":"rendered","format":"html"}]},"excerpt":{"rendered":"<p>Noen fortalte meg at dette var verdens st\u00f8rste utstilling av luftavkj\u00f8lte folkevogner. Det tviler jeg ikke p\u00e5. Det var rett og slett enormt. En herlig blanding av bobler og busser fra hele Europa m\u00f8tte p\u00e5 \u00e5rets Volksworld. Ikke bare i utstillingsomr\u00e5dene, men ogs\u00e5 ute p\u00e5 parkeringsplassene, og p\u00e5 plenene der folk overnattet i bussene sine. [&hellip;]<\/p>\n","protected":false,"gt_translate_keys":[{"key":"rendered","format":"html"}]},"author":1,"featured_media":0,"comment_status":"open","ping_status":"open","sticky":false,"template":"","format":"standard","meta":{"_monsterinsights_skip_tracking":false,"_monsterinsights_sitenote_active":false,"_monsterinsights_sitenote_note":"","_monsterinsights_sitenote_category":0,"jetpack_post_was_ever_published":false,"_jetpack_newsletter_access":"","_jetpack_dont_email_post_to_subs":true,"_jetpack_newsletter_tier_id":0,"_jetpack_memberships_contains_paywalled_content":false,"_jetpack_memberships_contains_paid_content":false,"footnotes":"","jetpack_publicize_message":"","jetpack_publicize_feature_enabled":true,"jetpack_social_post_already_shared":true,"jetpack_social_options":{"image_generator_settings":{"template":"highway","default_image_id":0,"font":"","enabled":false},"version":2}},"categories":[34,38],"tags":[1186,589,1196,1194,1190,1192,1202,1195,1193,584,1197,1188,1199,1200,1203,1189,1191,1198,1184,1185,1187],"class_list":["post-9789","post","type-post","status-publish","format-standard","hentry","category-artikkel","category-volkswagen","tag-folkevognbuss","tag-hippiebuss","tag-ovalvindu","tag-ovalwindow","tag-ratlook","tag-samba","tag-sandown","tag-splittvindu","tag-splitwindow","tag-t1-buss","tag-t2-buss","tag-type3","tag-volksworld","tag-volksworld-2017","tag-vw-buss","tag-vw-ratlook","tag-vw-samba","tag-vw-senket","tag-vw-t1","tag-vw-t2","tag-vw-type3"],"yoast_head":"<!-- This site is optimized with the Yoast SEO plugin v27.5 - https:\/\/yoast.com\/product\/yoast-seo-wordpress\/ -->\n<title>Bobler og busser p\u00e5 VolksWorld 2017 - Terjes biler<\/title>\n<meta name=\"description\" content=\"Volksworld er trolig verdens st\u00f8rste samling av Volkswagen-biler med luftavkj\u00f8lte motorer. Den holdes Sandown, Esher, UK.\" \/>\n<meta name=\"robots\" content=\"index, follow, max-snippet:-1, max-image-preview:large, max-video-preview:-1\" \/>\n<link rel=\"canonical\" href=\"https:\/\/terjebjornstad.com\/no\/2017\/03\/29\/bobler-og-busser-pa-volksworld-2017\/\" \/>\n<meta property=\"og:locale\" content=\"nb_NO\" \/>\n<meta property=\"og:type\" content=\"article\" \/>\n<meta property=\"og:title\" content=\"Bobler og busser p\u00e5 VolksWorld 2017 - Terjes biler\" \/>\n<meta property=\"og:description\" content=\"Volksworld er trolig verdens st\u00f8rste samling av Volkswagen-biler med luftavkj\u00f8lte motorer. Den holdes Sandown, Esher, UK.\" \/>\n<meta property=\"og:url\" content=\"https:\/\/terjebjornstad.com\/no\/2017\/03\/29\/bobler-og-busser-pa-volksworld-2017\/\" \/>\n<meta property=\"og:site_name\" content=\"Terjes biler\" \/>\n<meta property=\"article:publisher\" content=\"https:\/\/www.facebook.com\/terjesbiler\/\" \/>\n<meta property=\"article:author\" content=\"https:\/\/www.facebook.com\/terjesbiler\" \/>\n<meta property=\"article:published_time\" content=\"2017-03-29T21:46:20+00:00\" \/>\n<meta property=\"article:modified_time\" content=\"2024-08-26T21:34:52+00:00\" \/>\n<meta property=\"og:image\" content=\"https:\/\/terjebjornstad.com\/no\/wp-content\/uploads\/2017\/03\/volksworld-2017-1.png\" \/>\n<meta name=\"author\" content=\"Terje Bj\u00f8rnstad\" \/>\n<meta name=\"twitter:card\" content=\"summary_large_image\" \/>\n<meta name=\"twitter:label1\" content=\"Skrevet av\" \/>\n\t<meta name=\"twitter:data1\" content=\"Terje Bj\u00f8rnstad\" \/>\n\t<meta name=\"twitter:label2\" content=\"Ansl. lesetid\" \/>\n\t<meta name=\"twitter:data2\" content=\"9 minutter\" \/>\n<script type=\"application\/ld+json\" class=\"yoast-schema-graph\">{\"@context\":\"https:\\\/\\\/schema.org\",\"@graph\":[{\"@type\":\"Article\",\"@id\":\"https:\\\/\\\/terjebjornstad.com\\\/no\\\/2017\\\/03\\\/29\\\/bobler-og-busser-pa-volksworld-2017\\\/#article\",\"isPartOf\":{\"@id\":\"https:\\\/\\\/terjebjornstad.com\\\/no\\\/2017\\\/03\\\/29\\\/bobler-og-busser-pa-volksworld-2017\\\/\"},\"author\":{\"name\":\"Terje Bj\u00f8rnstad\",\"@id\":\"https:\\\/\\\/terjebjornstad.com\\\/no\\\/#\\\/schema\\\/person\\\/a281f6a6e0f3cc9fe468e7f0c655aa65\"},\"headline\":\"Bobler og busser p\u00e5 VolksWorld 2017\",\"datePublished\":\"2017-03-29T21:46:20+00:00\",\"dateModified\":\"2024-08-26T21:34:52+00:00\",\"mainEntityOfPage\":{\"@id\":\"https:\\\/\\\/terjebjornstad.com\\\/no\\\/2017\\\/03\\\/29\\\/bobler-og-busser-pa-volksworld-2017\\\/\"},\"wordCount\":859,\"commentCount\":0,\"publisher\":{\"@id\":\"https:\\\/\\\/terjebjornstad.com\\\/no\\\/#organization\"},\"image\":{\"@id\":\"https:\\\/\\\/terjebjornstad.com\\\/no\\\/2017\\\/03\\\/29\\\/bobler-og-busser-pa-volksworld-2017\\\/#primaryimage\"},\"thumbnailUrl\":\"https:\\\/\\\/terjebjornstad.com\\\/no\\\/wp-content\\\/uploads\\\/2017\\\/03\\\/volksworld-2017-1.png\",\"keywords\":[\"folkevognbuss\",\"hippiebuss\",\"ovalvindu\",\"ovalwindow\",\"ratlook\",\"samba\",\"sandown\",\"splittvindu\",\"splitwindow\",\"t1 buss\",\"t2 buss\",\"Type3\",\"volksworld\",\"volksworld 2017\",\"vw buss\",\"vw ratlook\",\"vw samba\",\"vw senket\",\"vw t1\",\"vw t2\",\"VW Type3\"],\"articleSection\":[\"Artikkel\",\"Volkswagen\"],\"inLanguage\":\"nb-NO\",\"potentialAction\":[{\"@type\":\"CommentAction\",\"name\":\"Comment\",\"target\":[\"https:\\\/\\\/terjebjornstad.com\\\/no\\\/2017\\\/03\\\/29\\\/bobler-og-busser-pa-volksworld-2017\\\/#respond\"]}]},{\"@type\":\"WebPage\",\"@id\":\"https:\\\/\\\/terjebjornstad.com\\\/no\\\/2017\\\/03\\\/29\\\/bobler-og-busser-pa-volksworld-2017\\\/\",\"url\":\"https:\\\/\\\/terjebjornstad.com\\\/no\\\/2017\\\/03\\\/29\\\/bobler-og-busser-pa-volksworld-2017\\\/\",\"name\":\"Bobler og busser p\u00e5 VolksWorld 2017 - Terjes biler\",\"isPartOf\":{\"@id\":\"https:\\\/\\\/terjebjornstad.com\\\/no\\\/#website\"},\"primaryImageOfPage\":{\"@id\":\"https:\\\/\\\/terjebjornstad.com\\\/no\\\/2017\\\/03\\\/29\\\/bobler-og-busser-pa-volksworld-2017\\\/#primaryimage\"},\"image\":{\"@id\":\"https:\\\/\\\/terjebjornstad.com\\\/no\\\/2017\\\/03\\\/29\\\/bobler-og-busser-pa-volksworld-2017\\\/#primaryimage\"},\"thumbnailUrl\":\"https:\\\/\\\/terjebjornstad.com\\\/no\\\/wp-content\\\/uploads\\\/2017\\\/03\\\/volksworld-2017-1.png\",\"datePublished\":\"2017-03-29T21:46:20+00:00\",\"dateModified\":\"2024-08-26T21:34:52+00:00\",\"description\":\"Volksworld er trolig verdens st\u00f8rste samling av Volkswagen-biler med luftavkj\u00f8lte motorer. Den holdes Sandown, Esher, UK.\",\"breadcrumb\":{\"@id\":\"https:\\\/\\\/terjebjornstad.com\\\/no\\\/2017\\\/03\\\/29\\\/bobler-og-busser-pa-volksworld-2017\\\/#breadcrumb\"},\"inLanguage\":\"nb-NO\",\"potentialAction\":[{\"@type\":\"ReadAction\",\"target\":[\"https:\\\/\\\/terjebjornstad.com\\\/no\\\/2017\\\/03\\\/29\\\/bobler-og-busser-pa-volksworld-2017\\\/\"]}]},{\"@type\":\"ImageObject\",\"inLanguage\":\"nb-NO\",\"@id\":\"https:\\\/\\\/terjebjornstad.com\\\/no\\\/2017\\\/03\\\/29\\\/bobler-og-busser-pa-volksworld-2017\\\/#primaryimage\",\"url\":\"https:\\\/\\\/i0.wp.com\\\/terjebjornstad.com\\\/no\\\/wp-content\\\/uploads\\\/2017\\\/03\\\/volksworld-2017-1.png?fit=686%2C457&ssl=1\",\"contentUrl\":\"https:\\\/\\\/i0.wp.com\\\/terjebjornstad.com\\\/no\\\/wp-content\\\/uploads\\\/2017\\\/03\\\/volksworld-2017-1.png?fit=686%2C457&ssl=1\",\"width\":686,\"height\":457,\"caption\":\"VolksWorld Show 2017\"},{\"@type\":\"BreadcrumbList\",\"@id\":\"https:\\\/\\\/terjebjornstad.com\\\/no\\\/2017\\\/03\\\/29\\\/bobler-og-busser-pa-volksworld-2017\\\/#breadcrumb\",\"itemListElement\":[{\"@type\":\"ListItem\",\"position\":1,\"name\":\"Hjem\",\"item\":\"https:\\\/\\\/terjebjornstad.com\\\/no\\\/\"},{\"@type\":\"ListItem\",\"position\":2,\"name\":\"Bobler og busser p\u00e5 VolksWorld 2017\"}]},{\"@type\":\"WebSite\",\"@id\":\"https:\\\/\\\/terjebjornstad.com\\\/no\\\/#website\",\"url\":\"https:\\\/\\\/terjebjornstad.com\\\/no\\\/\",\"name\":\"Terjes biler\",\"description\":\"HONEST ABOUT CARS\",\"publisher\":{\"@id\":\"https:\\\/\\\/terjebjornstad.com\\\/no\\\/#organization\"},\"alternateName\":\"Terjebjornstad.com\",\"potentialAction\":[{\"@type\":\"SearchAction\",\"target\":{\"@type\":\"EntryPoint\",\"urlTemplate\":\"https:\\\/\\\/terjebjornstad.com\\\/no\\\/?s={search_term_string}\"},\"query-input\":{\"@type\":\"PropertyValueSpecification\",\"valueRequired\":true,\"valueName\":\"search_term_string\"}}],\"inLanguage\":\"nb-NO\"},{\"@type\":\"Organization\",\"@id\":\"https:\\\/\\\/terjebjornstad.com\\\/no\\\/#organization\",\"name\":\"Terje Bj\u00f8rnstad ENK\",\"url\":\"https:\\\/\\\/terjebjornstad.com\\\/no\\\/\",\"logo\":{\"@type\":\"ImageObject\",\"inLanguage\":\"nb-NO\",\"@id\":\"https:\\\/\\\/terjebjornstad.com\\\/no\\\/#\\\/schema\\\/logo\\\/image\\\/\",\"url\":\"https:\\\/\\\/i0.wp.com\\\/terjebjornstad.com\\\/no\\\/wp-content\\\/uploads\\\/2026\\\/02\\\/terjesbiler2024-960x354-1.png?fit=960%2C354&ssl=1\",\"contentUrl\":\"https:\\\/\\\/i0.wp.com\\\/terjebjornstad.com\\\/no\\\/wp-content\\\/uploads\\\/2026\\\/02\\\/terjesbiler2024-960x354-1.png?fit=960%2C354&ssl=1\",\"width\":960,\"height\":354,\"caption\":\"Terje Bj\u00f8rnstad ENK\"},\"image\":{\"@id\":\"https:\\\/\\\/terjebjornstad.com\\\/no\\\/#\\\/schema\\\/logo\\\/image\\\/\"},\"sameAs\":[\"https:\\\/\\\/www.facebook.com\\\/terjesbiler\\\/\",\"https:\\\/\\\/www.instagram.com\\\/terjesbiler\\\/\",\"https:\\\/\\\/www.pinteres.com\\\/terjebjrnstad\\\/terjes-biler\\\/\"]},{\"@type\":\"Person\",\"@id\":\"https:\\\/\\\/terjebjornstad.com\\\/no\\\/#\\\/schema\\\/person\\\/a281f6a6e0f3cc9fe468e7f0c655aa65\",\"name\":\"Terje Bj\u00f8rnstad\",\"image\":{\"@type\":\"ImageObject\",\"inLanguage\":\"nb-NO\",\"@id\":\"https:\\\/\\\/secure.gravatar.com\\\/avatar\\\/e8dff505b51cf6cb67ae06a06022d2049aac2da1e79dc146a36b58798c4b40ea?s=96&d=mm&r=g\",\"url\":\"https:\\\/\\\/secure.gravatar.com\\\/avatar\\\/e8dff505b51cf6cb67ae06a06022d2049aac2da1e79dc146a36b58798c4b40ea?s=96&d=mm&r=g\",\"contentUrl\":\"https:\\\/\\\/secure.gravatar.com\\\/avatar\\\/e8dff505b51cf6cb67ae06a06022d2049aac2da1e79dc146a36b58798c4b40ea?s=96&d=mm&r=g\",\"caption\":\"Terje Bj\u00f8rnstad\"},\"description\":\"Terje Bj\u00f8rnstad. Bloggadministrator, hobbyfotograf og bilnerd.\",\"sameAs\":[\"https:\\\/\\\/www.facebook.com\\\/terjesbiler\",\"https:\\\/\\\/www.instagram.com\\\/terjesbiler\",\"https:\\\/\\\/no.pinterest.com\\\/terjebjrnstad\",\"https:\\\/\\\/www.youtube.com\\\/channel\\\/UCzCKJJDybyIgKqatc_JQqIg\"]}]}<\/script>\n<!-- \/ Yoast SEO plugin. -->","yoast_head_json":{"title":"Bobler og busser p\u00e5 VolksWorld 2017 - Terjes biler","description":"Volksworld er trolig verdens st\u00f8rste samling av Volkswagen-biler med luftavkj\u00f8lte motorer. Den holdes Sandown, Esher, UK.","robots":{"index":"index","follow":"follow","max-snippet":"max-snippet:-1","max-image-preview":"max-image-preview:large","max-video-preview":"max-video-preview:-1"},"canonical":"https:\/\/terjebjornstad.com\/no\/2017\/03\/29\/bobler-og-busser-pa-volksworld-2017\/","og_locale":"nb_NO","og_type":"article","og_title":"Bobler og busser p\u00e5 VolksWorld 2017 - Terjes biler","og_description":"Volksworld er trolig verdens st\u00f8rste samling av Volkswagen-biler med luftavkj\u00f8lte motorer. Den holdes Sandown, Esher, UK.","og_url":"https:\/\/terjebjornstad.com\/no\/2017\/03\/29\/bobler-og-busser-pa-volksworld-2017\/","og_site_name":"Terjes biler","article_publisher":"https:\/\/www.facebook.com\/terjesbiler\/","article_author":"https:\/\/www.facebook.com\/terjesbiler","article_published_time":"2017-03-29T21:46:20+00:00","article_modified_time":"2024-08-26T21:34:52+00:00","og_image":[{"url":"https:\/\/terjebjornstad.com\/no\/wp-content\/uploads\/2017\/03\/volksworld-2017-1.png","type":"","width":"","height":""}],"author":"Terje Bj\u00f8rnstad","twitter_card":"summary_large_image","twitter_misc":{"Skrevet av":"Terje Bj\u00f8rnstad","Ansl. lesetid":"9 minutter"},"schema":{"@context":"https:\/\/schema.org","@graph":[{"@type":"Article","@id":"https:\/\/terjebjornstad.com\/no\/2017\/03\/29\/bobler-og-busser-pa-volksworld-2017\/#article","isPartOf":{"@id":"https:\/\/terjebjornstad.com\/no\/2017\/03\/29\/bobler-og-busser-pa-volksworld-2017\/"},"author":{"name":"Terje Bj\u00f8rnstad","@id":"https:\/\/terjebjornstad.com\/no\/#\/schema\/person\/a281f6a6e0f3cc9fe468e7f0c655aa65"},"headline":"Bobler og busser p\u00e5 VolksWorld 2017","datePublished":"2017-03-29T21:46:20+00:00","dateModified":"2024-08-26T21:34:52+00:00","mainEntityOfPage":{"@id":"https:\/\/terjebjornstad.com\/no\/2017\/03\/29\/bobler-og-busser-pa-volksworld-2017\/"},"wordCount":859,"commentCount":0,"publisher":{"@id":"https:\/\/terjebjornstad.com\/no\/#organization"},"image":{"@id":"https:\/\/terjebjornstad.com\/no\/2017\/03\/29\/bobler-og-busser-pa-volksworld-2017\/#primaryimage"},"thumbnailUrl":"https:\/\/terjebjornstad.com\/no\/wp-content\/uploads\/2017\/03\/volksworld-2017-1.png","keywords":["folkevognbuss","hippiebuss","ovalvindu","ovalwindow","ratlook","samba","sandown","splittvindu","splitwindow","t1 buss","t2 buss","Type3","volksworld","volksworld 2017","vw buss","vw ratlook","vw samba","vw senket","vw t1","vw t2","VW Type3"],"articleSection":["Artikkel","Volkswagen"],"inLanguage":"nb-NO","potentialAction":[{"@type":"CommentAction","name":"Comment","target":["https:\/\/terjebjornstad.com\/no\/2017\/03\/29\/bobler-og-busser-pa-volksworld-2017\/#respond"]}]},{"@type":"WebPage","@id":"https:\/\/terjebjornstad.com\/no\/2017\/03\/29\/bobler-og-busser-pa-volksworld-2017\/","url":"https:\/\/terjebjornstad.com\/no\/2017\/03\/29\/bobler-og-busser-pa-volksworld-2017\/","name":"Bobler og busser p\u00e5 VolksWorld 2017 - Terjes biler","isPartOf":{"@id":"https:\/\/terjebjornstad.com\/no\/#website"},"primaryImageOfPage":{"@id":"https:\/\/terjebjornstad.com\/no\/2017\/03\/29\/bobler-og-busser-pa-volksworld-2017\/#primaryimage"},"image":{"@id":"https:\/\/terjebjornstad.com\/no\/2017\/03\/29\/bobler-og-busser-pa-volksworld-2017\/#primaryimage"},"thumbnailUrl":"https:\/\/terjebjornstad.com\/no\/wp-content\/uploads\/2017\/03\/volksworld-2017-1.png","datePublished":"2017-03-29T21:46:20+00:00","dateModified":"2024-08-26T21:34:52+00:00","description":"Volksworld er trolig verdens st\u00f8rste samling av Volkswagen-biler med luftavkj\u00f8lte motorer. Den holdes Sandown, Esher, UK.","breadcrumb":{"@id":"https:\/\/terjebjornstad.com\/no\/2017\/03\/29\/bobler-og-busser-pa-volksworld-2017\/#breadcrumb"},"inLanguage":"nb-NO","potentialAction":[{"@type":"ReadAction","target":["https:\/\/terjebjornstad.com\/no\/2017\/03\/29\/bobler-og-busser-pa-volksworld-2017\/"]}]},{"@type":"ImageObject","inLanguage":"nb-NO","@id":"https:\/\/terjebjornstad.com\/no\/2017\/03\/29\/bobler-og-busser-pa-volksworld-2017\/#primaryimage","url":"https:\/\/i0.wp.com\/terjebjornstad.com\/no\/wp-content\/uploads\/2017\/03\/volksworld-2017-1.png?fit=686%2C457&ssl=1","contentUrl":"https:\/\/i0.wp.com\/terjebjornstad.com\/no\/wp-content\/uploads\/2017\/03\/volksworld-2017-1.png?fit=686%2C457&ssl=1","width":686,"height":457,"caption":"VolksWorld Show 2017"},{"@type":"BreadcrumbList","@id":"https:\/\/terjebjornstad.com\/no\/2017\/03\/29\/bobler-og-busser-pa-volksworld-2017\/#breadcrumb","itemListElement":[{"@type":"ListItem","position":1,"name":"Hjem","item":"https:\/\/terjebjornstad.com\/no\/"},{"@type":"ListItem","position":2,"name":"Bobler og busser p\u00e5 VolksWorld 2017"}]},{"@type":"WebSite","@id":"https:\/\/terjebjornstad.com\/no\/#website","url":"https:\/\/terjebjornstad.com\/no\/","name":"Terjes biler","description":"HONEST ABOUT CARS","publisher":{"@id":"https:\/\/terjebjornstad.com\/no\/#organization"},"alternateName":"Terjebjornstad.com","potentialAction":[{"@type":"SearchAction","target":{"@type":"EntryPoint","urlTemplate":"https:\/\/terjebjornstad.com\/no\/?s={search_term_string}"},"query-input":{"@type":"PropertyValueSpecification","valueRequired":true,"valueName":"search_term_string"}}],"inLanguage":"nb-NO"},{"@type":"Organization","@id":"https:\/\/terjebjornstad.com\/no\/#organization","name":"Terje Bj\u00f8rnstad ENK","url":"https:\/\/terjebjornstad.com\/no\/","logo":{"@type":"ImageObject","inLanguage":"nb-NO","@id":"https:\/\/terjebjornstad.com\/no\/#\/schema\/logo\/image\/","url":"https:\/\/i0.wp.com\/terjebjornstad.com\/no\/wp-content\/uploads\/2026\/02\/terjesbiler2024-960x354-1.png?fit=960%2C354&ssl=1","contentUrl":"https:\/\/i0.wp.com\/terjebjornstad.com\/no\/wp-content\/uploads\/2026\/02\/terjesbiler2024-960x354-1.png?fit=960%2C354&ssl=1","width":960,"height":354,"caption":"Terje Bj\u00f8rnstad ENK"},"image":{"@id":"https:\/\/terjebjornstad.com\/no\/#\/schema\/logo\/image\/"},"sameAs":["https:\/\/www.facebook.com\/terjesbiler\/","https:\/\/www.instagram.com\/terjesbiler\/","https:\/\/www.pinteres.com\/terjebjrnstad\/terjes-biler\/"]},{"@type":"Person","@id":"https:\/\/terjebjornstad.com\/no\/#\/schema\/person\/a281f6a6e0f3cc9fe468e7f0c655aa65","name":"Terje Bj\u00f8rnstad","image":{"@type":"ImageObject","inLanguage":"nb-NO","@id":"https:\/\/secure.gravatar.com\/avatar\/e8dff505b51cf6cb67ae06a06022d2049aac2da1e79dc146a36b58798c4b40ea?s=96&d=mm&r=g","url":"https:\/\/secure.gravatar.com\/avatar\/e8dff505b51cf6cb67ae06a06022d2049aac2da1e79dc146a36b58798c4b40ea?s=96&d=mm&r=g","contentUrl":"https:\/\/secure.gravatar.com\/avatar\/e8dff505b51cf6cb67ae06a06022d2049aac2da1e79dc146a36b58798c4b40ea?s=96&d=mm&r=g","caption":"Terje Bj\u00f8rnstad"},"description":"Terje Bj\u00f8rnstad. Bloggadministrator, hobbyfotograf og bilnerd.","sameAs":["https:\/\/www.facebook.com\/terjesbiler","https:\/\/www.instagram.com\/terjesbiler","https:\/\/no.pinterest.com\/terjebjrnstad","https:\/\/www.youtube.com\/channel\/UCzCKJJDybyIgKqatc_JQqIg"]}]}},"jetpack_publicize_connections":[],"jetpack_featured_media_url":"","jetpack_sharing_enabled":true,"jetpack_shortlink":"https:\/\/wp.me\/p48zYA-2xT","jetpack-related-posts":[{"id":26378,"url":"https:\/\/terjebjornstad.com\/no\/2019\/09\/25\/herbie-i-tossa-de-mar\/","url_meta":{"origin":9789,"position":0},"title":"Herbie i Tossa de Mar","author":"Terje Bj\u00f8rnstad","date":"25\/09\/2019","format":false,"excerpt":"P\u00e5 sin 26. \u00e5rlige samling av luftavkj\u00f8lte folkevogner benyttet arrang\u00f8ren, Amics del Volkswagen de Catalunya, anledningen til \u00e5 feire Herbie. I \u00e5r er det 50 \u00e5r siden den f\u00f8rste gang ble vist p\u00e5 Katalanske kinoer. Filmen om den den sjarmerende og egenr\u00e5dige bobla hadde premiere i 1968, men kom ikke\u2026","rel":"","context":"i &quot;Aircooled&quot;","block_context":{"text":"Aircooled","link":"https:\/\/terjebjornstad.com\/no\/category\/volkswagen\/aircooled\/"},"img":{"alt_text":"herbie","src":"https:\/\/i0.wp.com\/terjebjornstad.com\/no\/wp-content\/uploads\/2019\/09\/herbie-1-1080x720.png?fit=1080%2C720&ssl=1&resize=350%2C200","width":350,"height":200,"srcset":"https:\/\/i0.wp.com\/terjebjornstad.com\/no\/wp-content\/uploads\/2019\/09\/herbie-1-1080x720.png?fit=1080%2C720&ssl=1&resize=350%2C200 1x, https:\/\/i0.wp.com\/terjebjornstad.com\/no\/wp-content\/uploads\/2019\/09\/herbie-1-1080x720.png?fit=1080%2C720&ssl=1&resize=525%2C300 1.5x, https:\/\/i0.wp.com\/terjebjornstad.com\/no\/wp-content\/uploads\/2019\/09\/herbie-1-1080x720.png?fit=1080%2C720&ssl=1&resize=700%2C400 2x, https:\/\/i0.wp.com\/terjebjornstad.com\/no\/wp-content\/uploads\/2019\/09\/herbie-1-1080x720.png?fit=1080%2C720&ssl=1&resize=1050%2C600 3x"},"classes":[]},{"id":43449,"url":"https:\/\/terjebjornstad.com\/no\/2021\/09\/26\/aircooled-tossa-de-mar-2021\/","url_meta":{"origin":9789,"position":1},"title":"Aircooled Tossa de Mar 2021","author":"Terje Bj\u00f8rnstad","date":"26\/09\/2021","format":false,"excerpt":"Litt show, litt sirkus, fulle gatekaf\u00e9er med glade mennesker, h\u00f8y musikk og mye folk. \u00a0 To \u00e5r siden sist Covid satte en stopper for arrangementet i fjor. I \u00e5r var arrangementet tonet ned - fra et helgetreff til et \u00e9n-dags evenement begrenset til 150 biler. Arrang\u00f8ren, Amics del Volkswagen de\u2026","rel":"","context":"i &quot;Aircooled&quot;","block_context":{"text":"Aircooled","link":"https:\/\/terjebjornstad.com\/no\/category\/volkswagen\/aircooled\/"},"img":{"alt_text":"","src":"https:\/\/i0.wp.com\/terjebjornstad.com\/no\/wp-content\/uploads\/2021\/09\/2021-tossa-vw-t1-2-1080x720-1.png?fit=1080%2C720&ssl=1&resize=350%2C200","width":350,"height":200,"srcset":"https:\/\/i0.wp.com\/terjebjornstad.com\/no\/wp-content\/uploads\/2021\/09\/2021-tossa-vw-t1-2-1080x720-1.png?fit=1080%2C720&ssl=1&resize=350%2C200 1x, https:\/\/i0.wp.com\/terjebjornstad.com\/no\/wp-content\/uploads\/2021\/09\/2021-tossa-vw-t1-2-1080x720-1.png?fit=1080%2C720&ssl=1&resize=525%2C300 1.5x, https:\/\/i0.wp.com\/terjebjornstad.com\/no\/wp-content\/uploads\/2021\/09\/2021-tossa-vw-t1-2-1080x720-1.png?fit=1080%2C720&ssl=1&resize=700%2C400 2x, https:\/\/i0.wp.com\/terjebjornstad.com\/no\/wp-content\/uploads\/2021\/09\/2021-tossa-vw-t1-2-1080x720-1.png?fit=1080%2C720&ssl=1&resize=1050%2C600 3x"},"classes":[]},{"id":78603,"url":"https:\/\/terjebjornstad.com\/no\/2025\/01\/13\/modellsett-samba\/","url_meta":{"origin":9789,"position":2},"title":"Modellsett Samba","author":"Terje Bj\u00f8rnstad","date":"13\/01\/2025","format":false,"excerpt":"\u00c5 bygge modeller er krevende. \u00c9n liten feil kan f\u00e5 hele prosjektet til \u00e5 havarere og spolere flere timers arbeid. Det var d\u00e9t som skjedde da jeg fors\u00f8kte \u00e5 bygge et jagerfly for 25 \u00e5r siden. Challenge accepted! \"Men jeg er ikke for gammel til \u00e5 bygge et modellsett\", har\u2026","rel":"","context":"i &quot;Aircooled&quot;","block_context":{"text":"Aircooled","link":"https:\/\/terjebjornstad.com\/no\/category\/volkswagen\/aircooled\/"},"img":{"alt_text":"","src":"https:\/\/i0.wp.com\/terjebjornstad.com\/no\/wp-content\/uploads\/2025\/01\/revell-vw-t1-1-1920x1920-1.jpg?fit=1200%2C1200&ssl=1&resize=350%2C200","width":350,"height":200,"srcset":"https:\/\/i0.wp.com\/terjebjornstad.com\/no\/wp-content\/uploads\/2025\/01\/revell-vw-t1-1-1920x1920-1.jpg?fit=1200%2C1200&ssl=1&resize=350%2C200 1x, https:\/\/i0.wp.com\/terjebjornstad.com\/no\/wp-content\/uploads\/2025\/01\/revell-vw-t1-1-1920x1920-1.jpg?fit=1200%2C1200&ssl=1&resize=525%2C300 1.5x, https:\/\/i0.wp.com\/terjebjornstad.com\/no\/wp-content\/uploads\/2025\/01\/revell-vw-t1-1-1920x1920-1.jpg?fit=1200%2C1200&ssl=1&resize=700%2C400 2x, https:\/\/i0.wp.com\/terjebjornstad.com\/no\/wp-content\/uploads\/2025\/01\/revell-vw-t1-1-1920x1920-1.jpg?fit=1200%2C1200&ssl=1&resize=1050%2C600 3x"},"classes":[]},{"id":4461,"url":"https:\/\/terjebjornstad.com\/no\/2016\/05\/16\/folkevogn-pa-folkemuseet\/","url_meta":{"origin":9789,"position":3},"title":"Folkevogn p\u00e5 Folkemuseet","author":"Terje Bj\u00f8rnstad","date":"16\/05\/2016","format":false,"excerpt":"Alle mennesker over en viss alder har et forhold til Folkevogn-bobla. En utstilling av Folkevogner treffer derfor folk flest, ikke bare oss som er bilentusiaster. Torget fullt av Bobler! Da jeg sto ved ei Boble med delt bakvindu, dr\u00f8mte jeg meg tilbake til 1964 da vi dro p\u00e5 sommerferie med\u2026","rel":"","context":"i &quot;Artikkel&quot;","block_context":{"text":"Artikkel","link":"https:\/\/terjebjornstad.com\/no\/category\/artikkel\/"},"img":{"alt_text":"","src":"https:\/\/i0.wp.com\/terjebjornstad.com\/no\/wp-content\/uploads\/2016\/05\/folkemuseet-1.png?fit=686%2C457&ssl=1&resize=350%2C200","width":350,"height":200,"srcset":"https:\/\/i0.wp.com\/terjebjornstad.com\/no\/wp-content\/uploads\/2016\/05\/folkemuseet-1.png?fit=686%2C457&ssl=1&resize=350%2C200 1x, https:\/\/i0.wp.com\/terjebjornstad.com\/no\/wp-content\/uploads\/2016\/05\/folkemuseet-1.png?fit=686%2C457&ssl=1&resize=525%2C300 1.5x"},"classes":[]},{"id":40848,"url":"https:\/\/terjebjornstad.com\/no\/2021\/06\/07\/folkevogner-pa-vift\/","url_meta":{"origin":9789,"position":4},"title":"Folkevogner p\u00e5 vift","author":"Terje Bj\u00f8rnstad","date":"07\/06\/2021","format":false,"excerpt":"Det var Veteran VW klubben i R\u00f8yken, Asker og B\u00e6rum som arrangerte en kj\u00f8retur for forh\u00e5ndsp\u00e5meldte medlemmer. Turen startet p\u00e5 S\u00e6tre og gikk Hurum rundt. \u00a0 Fortsatt bruksbiler Veteran VW klubben er for folkevogner som er 30 \u00e5r eller eldre, alts\u00e5 ordentlige veteranbiler etter gammel ordning. Men n\u00e5r man ser\u2026","rel":"","context":"i &quot;Aircooled&quot;","block_context":{"text":"Aircooled","link":"https:\/\/terjebjornstad.com\/no\/category\/volkswagen\/aircooled\/"},"img":{"alt_text":"#veteranVWklubb","src":"https:\/\/i0.wp.com\/terjebjornstad.com\/no\/wp-content\/uploads\/2021\/06\/1958-volkswagen-1200-vvw-2-1080x720-1.png?fit=1080%2C720&ssl=1&resize=350%2C200","width":350,"height":200,"srcset":"https:\/\/i0.wp.com\/terjebjornstad.com\/no\/wp-content\/uploads\/2021\/06\/1958-volkswagen-1200-vvw-2-1080x720-1.png?fit=1080%2C720&ssl=1&resize=350%2C200 1x, https:\/\/i0.wp.com\/terjebjornstad.com\/no\/wp-content\/uploads\/2021\/06\/1958-volkswagen-1200-vvw-2-1080x720-1.png?fit=1080%2C720&ssl=1&resize=525%2C300 1.5x, https:\/\/i0.wp.com\/terjebjornstad.com\/no\/wp-content\/uploads\/2021\/06\/1958-volkswagen-1200-vvw-2-1080x720-1.png?fit=1080%2C720&ssl=1&resize=700%2C400 2x, https:\/\/i0.wp.com\/terjebjornstad.com\/no\/wp-content\/uploads\/2021\/06\/1958-volkswagen-1200-vvw-2-1080x720-1.png?fit=1080%2C720&ssl=1&resize=1050%2C600 3x"},"classes":[]},{"id":24753,"url":"https:\/\/terjebjornstad.com\/no\/2019\/07\/08\/regnvaersnostalgi\/","url_meta":{"origin":9789,"position":5},"title":"Regnv\u00e6rsnostalgi","author":"Terje Bj\u00f8rnstad","date":"08\/07\/2019","format":false,"excerpt":"Mange sier at det nesten aldri regnet da man var barn. Sannheten er vel at det regnet like mye, men at det er solskinnsdagene som festet seg til minnet. Folkevogner i regnv\u00e6r vekker mange minner. I \"gamle dager\" hadde ikke folk store SUV'er. De dro p\u00e5 bilferie i folkevogner. Eksotiske\u2026","rel":"","context":"i &quot;Artikkel&quot;","block_context":{"text":"Artikkel","link":"https:\/\/terjebjornstad.com\/no\/category\/artikkel\/"},"img":{"alt_text":"","src":"https:\/\/i0.wp.com\/terjebjornstad.com\/no\/wp-content\/uploads\/2019\/07\/vvw-det-regnar-och-regnar-1080x1080.png?fit=1080%2C1080&ssl=1&resize=350%2C200","width":350,"height":200,"srcset":"https:\/\/i0.wp.com\/terjebjornstad.com\/no\/wp-content\/uploads\/2019\/07\/vvw-det-regnar-och-regnar-1080x1080.png?fit=1080%2C1080&ssl=1&resize=350%2C200 1x, https:\/\/i0.wp.com\/terjebjornstad.com\/no\/wp-content\/uploads\/2019\/07\/vvw-det-regnar-och-regnar-1080x1080.png?fit=1080%2C1080&ssl=1&resize=525%2C300 1.5x, https:\/\/i0.wp.com\/terjebjornstad.com\/no\/wp-content\/uploads\/2019\/07\/vvw-det-regnar-och-regnar-1080x1080.png?fit=1080%2C1080&ssl=1&resize=700%2C400 2x, https:\/\/i0.wp.com\/terjebjornstad.com\/no\/wp-content\/uploads\/2019\/07\/vvw-det-regnar-och-regnar-1080x1080.png?fit=1080%2C1080&ssl=1&resize=1050%2C600 3x"},"classes":[]}],"gt_translate_keys":[{"key":"link","format":"url"}],"_links":{"self":[{"href":"https:\/\/terjebjornstad.com\/no\/wp-json\/wp\/v2\/posts\/9789","targetHints":{"allow":["GET"]}}],"collection":[{"href":"https:\/\/terjebjornstad.com\/no\/wp-json\/wp\/v2\/posts"}],"about":[{"href":"https:\/\/terjebjornstad.com\/no\/wp-json\/wp\/v2\/types\/post"}],"author":[{"embeddable":true,"href":"https:\/\/terjebjornstad.com\/no\/wp-json\/wp\/v2\/users\/1"}],"replies":[{"embeddable":true,"href":"https:\/\/terjebjornstad.com\/no\/wp-json\/wp\/v2\/comments?post=9789"}],"version-history":[{"count":5,"href":"https:\/\/terjebjornstad.com\/no\/wp-json\/wp\/v2\/posts\/9789\/revisions"}],"predecessor-version":[{"id":74071,"href":"https:\/\/terjebjornstad.com\/no\/wp-json\/wp\/v2\/posts\/9789\/revisions\/74071"}],"wp:attachment":[{"href":"https:\/\/terjebjornstad.com\/no\/wp-json\/wp\/v2\/media?parent=9789"}],"wp:term":[{"taxonomy":"category","embeddable":true,"href":"https:\/\/terjebjornstad.com\/no\/wp-json\/wp\/v2\/categories?post=9789"},{"taxonomy":"post_tag","embeddable":true,"href":"https:\/\/terjebjornstad.com\/no\/wp-json\/wp\/v2\/tags?post=9789"}],"curies":[{"name":"wp","href":"https:\/\/api.w.org\/{rel}","templated":true}]}}