{"id":9398,"date":"2017-02-18T08:58:22","date_gmt":"2017-02-18T08:58:22","guid":{"rendered":"http:\/\/terjebjornstad.com\/no\/?p=9398"},"modified":"2026-03-16T14:36:20","modified_gmt":"2026-03-16T13:36:20","slug":"mercedes-benz-540k-special-coupe-replika","status":"publish","type":"post","link":"https:\/\/terjebjornstad.com\/no\/2017\/02\/18\/mercedes-benz-540k-special-coupe-replika\/","title":{"rendered":"Mercedes-Benz 540K Special Coupe Replika","gt_translate_keys":[{"key":"rendered","format":"text"}]},"content":{"rendered":"<div class=\"copy_teb\"><figure id=\"attachment_9394\" aria-describedby=\"caption-attachment-9394\" style=\"width: 686px\" class=\"wp-caption aligncenter\"><img data-recalc-dims=\"1\" loading=\"lazy\" decoding=\"async\" data-attachment-id=\"9394\" data-permalink=\"https:\/\/terjebjornstad.com\/no\/2017\/02\/18\/mercedes-benz-540k-special-coupe-replika\/540k-replika-1\/\" data-orig-file=\"https:\/\/i0.wp.com\/terjebjornstad.com\/no\/wp-content\/uploads\/2017\/02\/540k-replika-1.png?fit=686%2C686&amp;ssl=1\" data-orig-size=\"686,686\" data-comments-opened=\"1\" data-image-meta=\"{&quot;aperture&quot;:&quot;0&quot;,&quot;credit&quot;:&quot;&quot;,&quot;camera&quot;:&quot;&quot;,&quot;caption&quot;:&quot;&quot;,&quot;created_timestamp&quot;:&quot;0&quot;,&quot;copyright&quot;:&quot;&quot;,&quot;focal_length&quot;:&quot;0&quot;,&quot;iso&quot;:&quot;0&quot;,&quot;shutter_speed&quot;:&quot;0&quot;,&quot;title&quot;:&quot;&quot;,&quot;orientation&quot;:&quot;0&quot;}\" data-image-title=\"540k-replika-1\" data-image-description=\"\" data-image-caption=\"&lt;p&gt;Mercedes 540K replika&lt;\/p&gt;\n\" data-large-file=\"https:\/\/i0.wp.com\/terjebjornstad.com\/no\/wp-content\/uploads\/2017\/02\/540k-replika-1.png?fit=686%2C686&amp;ssl=1\" src=\"https:\/\/i0.wp.com\/terjebjornstad.com\/no\/wp-content\/uploads\/2017\/02\/540k-replika-1.png?resize=686%2C686&#038;ssl=1\" alt=\"540k\" width=\"686\" height=\"686\" class=\"size-full wp-image-9394\" srcset=\"https:\/\/i0.wp.com\/terjebjornstad.com\/no\/wp-content\/uploads\/2017\/02\/540k-replika-1.png?w=686&amp;ssl=1 686w, https:\/\/i0.wp.com\/terjebjornstad.com\/no\/wp-content\/uploads\/2017\/02\/540k-replika-1.png?resize=150%2C150&amp;ssl=1 150w, https:\/\/i0.wp.com\/terjebjornstad.com\/no\/wp-content\/uploads\/2017\/02\/540k-replika-1.png?resize=300%2C300&amp;ssl=1 300w, https:\/\/i0.wp.com\/terjebjornstad.com\/no\/wp-content\/uploads\/2017\/02\/540k-replika-1.png?resize=50%2C50&amp;ssl=1 50w\" sizes=\"auto, (max-width: 686px) 100vw, 686px\" \/><figcaption id=\"caption-attachment-9394\" class=\"wp-caption-text\">Vakkert Oslo-motiv i Februar (Foto: Knut Haugland)<\/figcaption><\/figure><\/p>\n<blockquote><p>Dette var noe av det ypperste du kunne kj\u00f8re p\u00e5 tysk jord f\u00f8r krigen. <\/p><\/blockquote>\n\n<p>W29 er den interne betegnelsen p\u00e5 de store K-Mercedes&#8217;ene fra tredve\u00e5renes Tyskland. De omsettes p\u00e5 auksjoner til svimlende priser. S\u00e5 h\u00f8ye at ingen t\u00f8r \u00e5 ta de ut p\u00e5 veien. Men takket v\u00e6re amerikanske replika-byggere, slippes biler som 540K ut. Kanskje til og med i n\u00e6rheten av deg? Konseptet er ganske enkelt. Man setter en 5 liters Mustang-motor (eller Chevy-motor) p\u00e5 et understell med ramme og lar dyktige karosserimakere og salmakere gjenskape sjelen fra den nydelige bilen.<br \/>\n&nbsp;<br \/>\nMercedes-kopiene strider ikke mot originalens konsept. Den avbildede 540K har en kraftig \u00e5tter som kan kj\u00f8re uanstrengt b\u00e5de p\u00e5 Autobahn&#8217;er og amerikanske Interstate Highways. Jeg tipper at den kj\u00f8rer som en Ford Mustang for et par ti\u00e5r siden. Originalen fra 1936 hadde imidlertid <em>rekke\u00e5tter<\/em>, 4-trinns manuell kasse og synlige grenr\u00f8r kun p\u00e5 h\u00f8yre side. Med sine 180 HK var den ingen sinke p\u00e5 30-tallets nyanlagte, tyske Autobahn&#8217;er.<\/p>\n\n<figure id=\"attachment_9395\" aria-describedby=\"caption-attachment-9395\" style=\"width: 686px\" class=\"wp-caption aligncenter\"><img data-recalc-dims=\"1\" loading=\"lazy\" decoding=\"async\" data-attachment-id=\"9395\" data-permalink=\"https:\/\/terjebjornstad.com\/no\/2017\/02\/18\/mercedes-benz-540k-special-coupe-replika\/540-replika-3\/\" data-orig-file=\"https:\/\/i0.wp.com\/terjebjornstad.com\/no\/wp-content\/uploads\/2017\/02\/540-replika-3.png?fit=686%2C994&amp;ssl=1\" data-orig-size=\"686,994\" data-comments-opened=\"1\" data-image-meta=\"{&quot;aperture&quot;:&quot;0&quot;,&quot;credit&quot;:&quot;&quot;,&quot;camera&quot;:&quot;&quot;,&quot;caption&quot;:&quot;&quot;,&quot;created_timestamp&quot;:&quot;0&quot;,&quot;copyright&quot;:&quot;&quot;,&quot;focal_length&quot;:&quot;0&quot;,&quot;iso&quot;:&quot;0&quot;,&quot;shutter_speed&quot;:&quot;0&quot;,&quot;title&quot;:&quot;&quot;,&quot;orientation&quot;:&quot;0&quot;}\" data-image-title=\"540-replika-3\" data-image-description=\"\" data-image-caption=\"&lt;p&gt;Det er tatt noen kunsneriske friheter, uten at det har g\u00e5tt ut over helhetsf\u00f8lelsen. Jeg tror for eksempel ikke denne fargekombinasjonen ble tilbudt p\u00e5 30-tallet.&lt;\/p&gt;\n\" data-large-file=\"https:\/\/i0.wp.com\/terjebjornstad.com\/no\/wp-content\/uploads\/2017\/02\/540-replika-3.png?fit=686%2C994&amp;ssl=1\" src=\"https:\/\/i0.wp.com\/terjebjornstad.com\/no\/wp-content\/uploads\/2017\/02\/540-replika-3.png?resize=686%2C994&#038;ssl=1\" alt=\"540k\" width=\"686\" height=\"994\" class=\"size-full wp-image-9395\" srcset=\"https:\/\/i0.wp.com\/terjebjornstad.com\/no\/wp-content\/uploads\/2017\/02\/540-replika-3.png?w=686&amp;ssl=1 686w, https:\/\/i0.wp.com\/terjebjornstad.com\/no\/wp-content\/uploads\/2017\/02\/540-replika-3.png?resize=207%2C300&amp;ssl=1 207w\" sizes=\"auto, (max-width: 686px) 100vw, 686px\" \/><figcaption id=\"caption-attachment-9395\" class=\"wp-caption-text\">F\u00f8rst trodde jeg ikke at denne flotte fargekombinasjonen ble tilbudt p\u00e5 30-tallet, men det <em>ble<\/em> den faktisk. Den gikk under navnet Elfenbein. Tenk hvilket syn dette m\u00e5 ha v\u00e6rt for folk p\u00e5 30-tallet. (Foto: Knut Haugland)<\/figcaption><\/figure>\n\n<p>Jeg takker min venn, <em>Knut Haugland<\/em>, for de fine bildene han tok, da denne flotte replikaen ble levert til noen i Oslo. Den er lik originalen, b\u00e5de i proporsjoner og detaljer. Dessverre har enkelte amerikanske replika-byggere gjennom \u00e5rene gjort replikaene litt mer amerikanske en den tyske originalen. Kanskje en tanke Vegas Style, &#8211; akkurat s\u00e5 mye at det hele tipper over til \u00e5 bli smakl\u00f8st.<br \/>\n&nbsp;<\/p>\n<blockquote><p>Men ikke denne.<\/p><\/blockquote>\n<p>&nbsp;<\/p>\n<p>N\u00e5r jeg ser p\u00e5 bildene av den fine W29-replikaen og h\u00f8rer Knut fortelle om lyden da den ble startet opp, tenker jeg p\u00e5 at tyskerne aldri har laget slike replikaer selv. Tyskernes st\u00f8rste problem er nok de negative assosiasjonene W29 kan bringe i forhold til naziregimet.<br \/>\n&nbsp;<br \/>\nSynd, for ellers kunne de ha brukt sin egen, klassiske 380 V8-motor, eller en av sine flotte rekkeseksere. Tyskerne ville aldri tatt noen snarveier, som diverse amerikanske replika-byggere har gjort i flere ti\u00e5r. De ville ha perfeksjonert modellen slik at den hadde endt opp med absurd flott teknikk, og en like absurd prislapp.<br \/>\n&nbsp;<\/p>\n<blockquote><p>Das Beste oder Nichts &#8230; eller noe s\u00e5nt.<\/p><\/blockquote>\n\n<figure id=\"attachment_9396\" aria-describedby=\"caption-attachment-9396\" style=\"width: 686px\" class=\"wp-caption aligncenter\"><img data-recalc-dims=\"1\" loading=\"lazy\" decoding=\"async\" data-attachment-id=\"9396\" data-permalink=\"https:\/\/terjebjornstad.com\/no\/2017\/02\/18\/mercedes-benz-540k-special-coupe-replika\/540-replika-5\/\" data-orig-file=\"https:\/\/i0.wp.com\/terjebjornstad.com\/no\/wp-content\/uploads\/2017\/02\/540-replika-5.png?fit=686%2C457&amp;ssl=1\" data-orig-size=\"686,457\" data-comments-opened=\"1\" data-image-meta=\"{&quot;aperture&quot;:&quot;0&quot;,&quot;credit&quot;:&quot;&quot;,&quot;camera&quot;:&quot;&quot;,&quot;caption&quot;:&quot;&quot;,&quot;created_timestamp&quot;:&quot;0&quot;,&quot;copyright&quot;:&quot;&quot;,&quot;focal_length&quot;:&quot;0&quot;,&quot;iso&quot;:&quot;0&quot;,&quot;shutter_speed&quot;:&quot;0&quot;,&quot;title&quot;:&quot;&quot;,&quot;orientation&quot;:&quot;0&quot;}\" data-image-title=\"540-replika-5\" data-image-description=\"\" data-image-caption=\"&lt;p&gt;Mercedes-Benz 540K replika&lt;\/p&gt;\n\" data-large-file=\"https:\/\/i0.wp.com\/terjebjornstad.com\/no\/wp-content\/uploads\/2017\/02\/540-replika-5.png?fit=686%2C457&amp;ssl=1\" src=\"https:\/\/i0.wp.com\/terjebjornstad.com\/no\/wp-content\/uploads\/2017\/02\/540-replika-5.png?resize=686%2C457&#038;ssl=1\" alt=\"540k\" width=\"686\" height=\"457\" class=\"size-full wp-image-9396\" srcset=\"https:\/\/i0.wp.com\/terjebjornstad.com\/no\/wp-content\/uploads\/2017\/02\/540-replika-5.png?w=686&amp;ssl=1 686w, https:\/\/i0.wp.com\/terjebjornstad.com\/no\/wp-content\/uploads\/2017\/02\/540-replika-5.png?resize=300%2C200&amp;ssl=1 300w\" sizes=\"auto, (max-width: 686px) 100vw, 686px\" \/><figcaption id=\"caption-attachment-9396\" class=\"wp-caption-text\">Sommerdekk, men skulle bare kj\u00f8re noen f\u00e5 meter (Foto: Knut Haugland).<\/figcaption><\/figure>\n\n<p><a href=\"https:\/\/media.daimler.com\/marsMediaSite\/de\/instance\/picture.xhtml?oid=7432687&#038;ls=L3NlYXJjaHJlc3VsdC9zZWFyY2hyZXN1bHQueGh0bWw_c2VhcmNoU3RyaW5nPTU0MCtLJnNlYXJjaElkPTEmc2VhcmNoVHlwZT1kZXRhaWxlZCZyZXN1bHRJbmZvVHlwZUlkPTE3MiZib3JkZXJzPXRydWUmdGh1bWJTY2FsZUluZGV4PTAmcm93Q291bnRzSW5kZXg9NSZ2aWV3VHlwZT10aHVtYnMmc29ydERlZmluaXRpb249UFVCTElTSEVEX0FULTImYWpheFJlcXVlc3RzTWFkZT0x&#038;rs=76\" target=\"_blank\" rel=\"noopener noreferrer\"><strong>Se hvordan Mercedes-Benz 540K s\u00e5 ut p\u00e5 30-tallet.<\/strong><\/a><\/p>\n<p><a href=\"https:\/\/kariknut.blogspot.no\/\" target=\"_blank\" rel=\"noopener noreferrer\"><strong>En reiseblogg for hele familien<\/strong><\/a><\/p>\n<p>&nbsp;<\/p>\n<h3 class=\"tebh2\">Se ogs\u00e5<\/h3>\n<p><figure id=\"attachment_9327\" aria-describedby=\"caption-attachment-9327\" style=\"width: 150px\" class=\"wp-caption alignleft\"><a href=\"https:\/\/terjebjornstad.com\/no\/2017\/02\/14\/bygde-for-fine-replika-biler\/\"><img data-recalc-dims=\"1\" loading=\"lazy\" decoding=\"async\" data-attachment-id=\"9327\" data-permalink=\"https:\/\/terjebjornstad.com\/no\/2017\/02\/14\/bygde-for-fine-replika-biler\/ferrari-replica-41\/\" data-orig-file=\"https:\/\/i0.wp.com\/terjebjornstad.com\/no\/wp-content\/uploads\/2017\/02\/ferrari-replica-41.png?fit=638%2C350&amp;ssl=1\" data-orig-size=\"638,350\" data-comments-opened=\"1\" data-image-meta=\"{&quot;aperture&quot;:&quot;0&quot;,&quot;credit&quot;:&quot;&quot;,&quot;camera&quot;:&quot;&quot;,&quot;caption&quot;:&quot;&quot;,&quot;created_timestamp&quot;:&quot;0&quot;,&quot;copyright&quot;:&quot;&quot;,&quot;focal_length&quot;:&quot;0&quot;,&quot;iso&quot;:&quot;0&quot;,&quot;shutter_speed&quot;:&quot;0&quot;,&quot;title&quot;:&quot;&quot;,&quot;orientation&quot;:&quot;0&quot;}\" data-image-title=\"ferrari-replica-41\" data-image-description=\"\" data-image-caption=\"&lt;p&gt;Bygde for fine replika-biler&lt;\/p&gt;\n\" data-large-file=\"https:\/\/i0.wp.com\/terjebjornstad.com\/no\/wp-content\/uploads\/2017\/02\/ferrari-replica-41.png?fit=638%2C350&amp;ssl=1\" src=\"https:\/\/i0.wp.com\/terjebjornstad.com\/no\/wp-content\/uploads\/2017\/02\/ferrari-replica-41.png?resize=150%2C150&#038;ssl=1\" alt=\"\" width=\"150\" height=\"150\" class=\"size-thumbnail wp-image-9327\" srcset=\"https:\/\/i0.wp.com\/terjebjornstad.com\/no\/wp-content\/uploads\/2017\/02\/ferrari-replica-41.png?resize=150%2C150&amp;ssl=1 150w, https:\/\/i0.wp.com\/terjebjornstad.com\/no\/wp-content\/uploads\/2017\/02\/ferrari-replica-41.png?resize=50%2C50&amp;ssl=1 50w, https:\/\/i0.wp.com\/terjebjornstad.com\/no\/wp-content\/uploads\/2017\/02\/ferrari-replica-41.png?zoom=2&amp;resize=150%2C150&amp;ssl=1 300w, https:\/\/i0.wp.com\/terjebjornstad.com\/no\/wp-content\/uploads\/2017\/02\/ferrari-replica-41.png?zoom=3&amp;resize=150%2C150&amp;ssl=1 450w\" sizes=\"auto, (max-width: 150px) 100vw, 150px\" \/><\/a><figcaption id=\"caption-attachment-9327\" class=\"wp-caption-text\">Ferrari replikaer<\/figcaption><\/figure><figure id=\"attachment_25667\" aria-describedby=\"caption-attachment-25667\" style=\"width: 150px\" class=\"wp-caption alignleft\"><a href=\"https:\/\/terjebjornstad.com\/no\/2019\/08\/23\/mera-the-american-job\/\"><img data-recalc-dims=\"1\" loading=\"lazy\" decoding=\"async\" data-attachment-id=\"25667\" data-permalink=\"https:\/\/terjebjornstad.com\/no\/2019\/08\/20\/cars-and-coffee-ovrevoll-galopp-3\/pontiac-fiero-mera-6-1080x1080\/\" data-orig-file=\"https:\/\/i0.wp.com\/terjebjornstad.com\/no\/wp-content\/uploads\/2019\/08\/pontiac-fiero-mera-6-1080x1080.png?fit=1080%2C1080&amp;ssl=1\" data-orig-size=\"1080,1080\" data-comments-opened=\"1\" data-image-meta=\"{&quot;aperture&quot;:&quot;0&quot;,&quot;credit&quot;:&quot;&quot;,&quot;camera&quot;:&quot;&quot;,&quot;caption&quot;:&quot;&quot;,&quot;created_timestamp&quot;:&quot;0&quot;,&quot;copyright&quot;:&quot;&quot;,&quot;focal_length&quot;:&quot;0&quot;,&quot;iso&quot;:&quot;0&quot;,&quot;shutter_speed&quot;:&quot;0&quot;,&quot;title&quot;:&quot;&quot;,&quot;orientation&quot;:&quot;0&quot;}\" data-image-title=\"pontiac-fiero-mera-6-1080&amp;#215;1080\" data-image-description=\"\" data-image-caption=\"&lt;p&gt;Pontiac MERA&lt;\/p&gt;\n\" data-large-file=\"https:\/\/i0.wp.com\/terjebjornstad.com\/no\/wp-content\/uploads\/2019\/08\/pontiac-fiero-mera-6-1080x1080.png?fit=980%2C980&amp;ssl=1\" src=\"https:\/\/i0.wp.com\/terjebjornstad.com\/no\/wp-content\/uploads\/2019\/08\/pontiac-fiero-mera-6-1080x1080.png?resize=150%2C150&#038;ssl=1\" alt=\"\" width=\"150\" height=\"150\" class=\"size-thumbnail wp-image-25667\" srcset=\"https:\/\/i0.wp.com\/terjebjornstad.com\/no\/wp-content\/uploads\/2019\/08\/pontiac-fiero-mera-6-1080x1080.png?resize=150%2C150&amp;ssl=1 150w, https:\/\/i0.wp.com\/terjebjornstad.com\/no\/wp-content\/uploads\/2019\/08\/pontiac-fiero-mera-6-1080x1080.png?resize=300%2C300&amp;ssl=1 300w, https:\/\/i0.wp.com\/terjebjornstad.com\/no\/wp-content\/uploads\/2019\/08\/pontiac-fiero-mera-6-1080x1080.png?resize=768%2C768&amp;ssl=1 768w, https:\/\/i0.wp.com\/terjebjornstad.com\/no\/wp-content\/uploads\/2019\/08\/pontiac-fiero-mera-6-1080x1080.png?resize=690%2C690&amp;ssl=1 690w, https:\/\/i0.wp.com\/terjebjornstad.com\/no\/wp-content\/uploads\/2019\/08\/pontiac-fiero-mera-6-1080x1080.png?resize=980%2C980&amp;ssl=1 980w, https:\/\/i0.wp.com\/terjebjornstad.com\/no\/wp-content\/uploads\/2019\/08\/pontiac-fiero-mera-6-1080x1080.png?resize=50%2C50&amp;ssl=1 50w, https:\/\/i0.wp.com\/terjebjornstad.com\/no\/wp-content\/uploads\/2019\/08\/pontiac-fiero-mera-6-1080x1080.png?resize=1080%2C1080&amp;ssl=1 1080w\" sizes=\"auto, (max-width: 150px) 100vw, 150px\" \/><\/a><figcaption id=\"caption-attachment-25667\" class=\"wp-caption-text\">Pontiac MERA<\/figcaption><\/figure><figure id=\"attachment_38259\" aria-describedby=\"caption-attachment-38259\" style=\"width: 150px\" class=\"wp-caption alignleft\"><a href=\"https:\/\/terjebjornstad.com\/no\/2021\/02\/16\/jaguar-c-type-feiring-med-bismak\/\"><img data-recalc-dims=\"1\" loading=\"lazy\" decoding=\"async\" data-attachment-id=\"38259\" data-permalink=\"https:\/\/terjebjornstad.com\/no\/2021\/02\/16\/jaguar-c-type-feiring-med-bismak\/j_classic_ctype_280121_02\/\" data-orig-file=\"https:\/\/i0.wp.com\/terjebjornstad.com\/no\/wp-content\/uploads\/2021\/02\/J_Classic_Ctype_280121_02.png?fit=1080%2C810&amp;ssl=1\" data-orig-size=\"1080,810\" data-comments-opened=\"1\" data-image-meta=\"{&quot;aperture&quot;:&quot;0&quot;,&quot;credit&quot;:&quot;&quot;,&quot;camera&quot;:&quot;&quot;,&quot;caption&quot;:&quot;&quot;,&quot;created_timestamp&quot;:&quot;0&quot;,&quot;copyright&quot;:&quot;&quot;,&quot;focal_length&quot;:&quot;0&quot;,&quot;iso&quot;:&quot;0&quot;,&quot;shutter_speed&quot;:&quot;0&quot;,&quot;title&quot;:&quot;&quot;,&quot;orientation&quot;:&quot;0&quot;}\" data-image-title=\"J_Classic_Ctype_280121_02\" data-image-description=\"\" data-image-caption=\"&lt;p&gt;Jaguar C-Type feiring med bismak&lt;\/p&gt;\n\" data-large-file=\"https:\/\/i0.wp.com\/terjebjornstad.com\/no\/wp-content\/uploads\/2021\/02\/J_Classic_Ctype_280121_02.png?fit=980%2C735&amp;ssl=1\" src=\"https:\/\/i0.wp.com\/terjebjornstad.com\/no\/wp-content\/uploads\/2021\/02\/J_Classic_Ctype_280121_02.png?resize=150%2C150&#038;ssl=1\" alt=\"\" width=\"150\" height=\"150\" class=\"size-thumbnail wp-image-38259\" srcset=\"https:\/\/i0.wp.com\/terjebjornstad.com\/no\/wp-content\/uploads\/2021\/02\/J_Classic_Ctype_280121_02.png?resize=150%2C150&amp;ssl=1 150w, https:\/\/i0.wp.com\/terjebjornstad.com\/no\/wp-content\/uploads\/2021\/02\/J_Classic_Ctype_280121_02.png?resize=50%2C50&amp;ssl=1 50w, https:\/\/i0.wp.com\/terjebjornstad.com\/no\/wp-content\/uploads\/2021\/02\/J_Classic_Ctype_280121_02.png?zoom=2&amp;resize=150%2C150&amp;ssl=1 300w, https:\/\/i0.wp.com\/terjebjornstad.com\/no\/wp-content\/uploads\/2021\/02\/J_Classic_Ctype_280121_02.png?zoom=3&amp;resize=150%2C150&amp;ssl=1 450w\" sizes=\"auto, (max-width: 150px) 100vw, 150px\" \/><\/a><figcaption id=\"caption-attachment-38259\" class=\"wp-caption-text\">Jaguar C-Type feiring med bismak<\/figcaption><\/figure><\/p>\n<\/div>\n","protected":false,"gt_translate_keys":[{"key":"rendered","format":"html"}]},"excerpt":{"rendered":"<p>Dette var noe av det ypperste du kunne kj\u00f8re p\u00e5 tysk jord f\u00f8r krigen. W29 er den interne betegnelsen p\u00e5 de store K-Mercedes&#8217;ene fra tredve\u00e5renes Tyskland. De omsettes p\u00e5 auksjoner til svimlende priser. S\u00e5 h\u00f8ye at ingen t\u00f8r \u00e5 ta de ut p\u00e5 veien. Men takket v\u00e6re amerikanske replika-byggere, slippes biler som 540K ut. Kanskje [&hellip;]<\/p>\n","protected":false,"gt_translate_keys":[{"key":"rendered","format":"html"}]},"author":1,"featured_media":0,"comment_status":"open","ping_status":"open","sticky":false,"template":"","format":"standard","meta":{"_monsterinsights_skip_tracking":false,"_monsterinsights_sitenote_active":false,"_monsterinsights_sitenote_note":"","_monsterinsights_sitenote_category":0,"jetpack_post_was_ever_published":false,"_jetpack_newsletter_access":"","_jetpack_dont_email_post_to_subs":true,"_jetpack_newsletter_tier_id":0,"_jetpack_memberships_contains_paywalled_content":false,"_jetpack_memberships_contains_paid_content":false,"footnotes":"","jetpack_publicize_message":"","jetpack_publicize_feature_enabled":true,"jetpack_social_post_already_shared":true,"jetpack_social_options":{"image_generator_settings":{"template":"highway","default_image_id":0,"font":"","enabled":false},"version":2}},"categories":[2384,34,608],"tags":[1162,1163,1160,1161,1164],"class_list":["post-9398","post","type-post","status-publish","format-standard","hentry","category-540k","category-artikkel","category-mercedes-benz","tag-500k-replika","tag-540k-replika","tag-mercedes-500k","tag-mercedes-540k","tag-mercedes-replika"],"yoast_head":"<!-- This site is optimized with the Yoast SEO plugin v27.5 - https:\/\/yoast.com\/product\/yoast-seo-wordpress\/ -->\n<title>Mercedes-Benz 540K Special Coupe Replika - Terjes biler<\/title>\n<meta name=\"description\" content=\"Mercedes-Benz 540K var noe av det ypperste du kunne kj\u00f8re p\u00e5 tysk jord f\u00f8r krigen. En bil konstruert for Der Autobahn.\" \/>\n<meta name=\"robots\" content=\"index, follow, max-snippet:-1, max-image-preview:large, max-video-preview:-1\" \/>\n<link rel=\"canonical\" href=\"https:\/\/terjebjornstad.com\/no\/2017\/02\/18\/mercedes-benz-540k-special-coupe-replika\/\" \/>\n<meta property=\"og:locale\" content=\"nb_NO\" \/>\n<meta property=\"og:type\" content=\"article\" \/>\n<meta property=\"og:title\" content=\"Mercedes-Benz 540K Special Coupe Replika - Terjes biler\" \/>\n<meta property=\"og:description\" content=\"Mercedes-Benz 540K var noe av det ypperste du kunne kj\u00f8re p\u00e5 tysk jord f\u00f8r krigen. En bil konstruert for Der Autobahn.\" \/>\n<meta property=\"og:url\" content=\"https:\/\/terjebjornstad.com\/no\/2017\/02\/18\/mercedes-benz-540k-special-coupe-replika\/\" \/>\n<meta property=\"og:site_name\" content=\"Terjes biler\" \/>\n<meta property=\"article:publisher\" content=\"https:\/\/www.facebook.com\/terjesbiler\/\" \/>\n<meta property=\"article:author\" content=\"https:\/\/www.facebook.com\/terjesbiler\" \/>\n<meta property=\"article:published_time\" content=\"2017-02-18T08:58:22+00:00\" \/>\n<meta property=\"article:modified_time\" content=\"2026-03-16T13:36:20+00:00\" \/>\n<meta property=\"og:image\" content=\"https:\/\/terjebjornstad.com\/no\/wp-content\/uploads\/2017\/02\/540k-replika-1.png\" \/>\n<meta name=\"author\" content=\"Terje Bj\u00f8rnstad\" \/>\n<meta name=\"twitter:card\" content=\"summary_large_image\" \/>\n<meta name=\"twitter:label1\" content=\"Skrevet av\" \/>\n\t<meta name=\"twitter:data1\" content=\"Terje Bj\u00f8rnstad\" \/>\n\t<meta name=\"twitter:label2\" content=\"Ansl. lesetid\" \/>\n\t<meta name=\"twitter:data2\" content=\"4 minutter\" \/>\n<script type=\"application\/ld+json\" class=\"yoast-schema-graph\">{\"@context\":\"https:\\\/\\\/schema.org\",\"@graph\":[{\"@type\":\"Article\",\"@id\":\"https:\\\/\\\/terjebjornstad.com\\\/no\\\/2017\\\/02\\\/18\\\/mercedes-benz-540k-special-coupe-replika\\\/#article\",\"isPartOf\":{\"@id\":\"https:\\\/\\\/terjebjornstad.com\\\/no\\\/2017\\\/02\\\/18\\\/mercedes-benz-540k-special-coupe-replika\\\/\"},\"author\":{\"name\":\"Terje Bj\u00f8rnstad\",\"@id\":\"https:\\\/\\\/terjebjornstad.com\\\/no\\\/#\\\/schema\\\/person\\\/a281f6a6e0f3cc9fe468e7f0c655aa65\"},\"headline\":\"Mercedes-Benz 540K Special Coupe Replika\",\"datePublished\":\"2017-02-18T08:58:22+00:00\",\"dateModified\":\"2026-03-16T13:36:20+00:00\",\"mainEntityOfPage\":{\"@id\":\"https:\\\/\\\/terjebjornstad.com\\\/no\\\/2017\\\/02\\\/18\\\/mercedes-benz-540k-special-coupe-replika\\\/\"},\"wordCount\":501,\"commentCount\":0,\"publisher\":{\"@id\":\"https:\\\/\\\/terjebjornstad.com\\\/no\\\/#organization\"},\"image\":{\"@id\":\"https:\\\/\\\/terjebjornstad.com\\\/no\\\/2017\\\/02\\\/18\\\/mercedes-benz-540k-special-coupe-replika\\\/#primaryimage\"},\"thumbnailUrl\":\"https:\\\/\\\/terjebjornstad.com\\\/no\\\/wp-content\\\/uploads\\\/2017\\\/02\\\/540k-replika-1.png\",\"keywords\":[\"500k replika\",\"540k replika\",\"mercedes 500k\",\"mercedes 540k\",\"mercedes replika\"],\"articleSection\":[\"540K\",\"Artikkel\",\"Mercedes-Benz\"],\"inLanguage\":\"nb-NO\",\"potentialAction\":[{\"@type\":\"CommentAction\",\"name\":\"Comment\",\"target\":[\"https:\\\/\\\/terjebjornstad.com\\\/no\\\/2017\\\/02\\\/18\\\/mercedes-benz-540k-special-coupe-replika\\\/#respond\"]}]},{\"@type\":\"WebPage\",\"@id\":\"https:\\\/\\\/terjebjornstad.com\\\/no\\\/2017\\\/02\\\/18\\\/mercedes-benz-540k-special-coupe-replika\\\/\",\"url\":\"https:\\\/\\\/terjebjornstad.com\\\/no\\\/2017\\\/02\\\/18\\\/mercedes-benz-540k-special-coupe-replika\\\/\",\"name\":\"Mercedes-Benz 540K Special Coupe Replika - Terjes biler\",\"isPartOf\":{\"@id\":\"https:\\\/\\\/terjebjornstad.com\\\/no\\\/#website\"},\"primaryImageOfPage\":{\"@id\":\"https:\\\/\\\/terjebjornstad.com\\\/no\\\/2017\\\/02\\\/18\\\/mercedes-benz-540k-special-coupe-replika\\\/#primaryimage\"},\"image\":{\"@id\":\"https:\\\/\\\/terjebjornstad.com\\\/no\\\/2017\\\/02\\\/18\\\/mercedes-benz-540k-special-coupe-replika\\\/#primaryimage\"},\"thumbnailUrl\":\"https:\\\/\\\/terjebjornstad.com\\\/no\\\/wp-content\\\/uploads\\\/2017\\\/02\\\/540k-replika-1.png\",\"datePublished\":\"2017-02-18T08:58:22+00:00\",\"dateModified\":\"2026-03-16T13:36:20+00:00\",\"description\":\"Mercedes-Benz 540K var noe av det ypperste du kunne kj\u00f8re p\u00e5 tysk jord f\u00f8r krigen. En bil konstruert for Der Autobahn.\",\"breadcrumb\":{\"@id\":\"https:\\\/\\\/terjebjornstad.com\\\/no\\\/2017\\\/02\\\/18\\\/mercedes-benz-540k-special-coupe-replika\\\/#breadcrumb\"},\"inLanguage\":\"nb-NO\",\"potentialAction\":[{\"@type\":\"ReadAction\",\"target\":[\"https:\\\/\\\/terjebjornstad.com\\\/no\\\/2017\\\/02\\\/18\\\/mercedes-benz-540k-special-coupe-replika\\\/\"]}]},{\"@type\":\"ImageObject\",\"inLanguage\":\"nb-NO\",\"@id\":\"https:\\\/\\\/terjebjornstad.com\\\/no\\\/2017\\\/02\\\/18\\\/mercedes-benz-540k-special-coupe-replika\\\/#primaryimage\",\"url\":\"https:\\\/\\\/i0.wp.com\\\/terjebjornstad.com\\\/no\\\/wp-content\\\/uploads\\\/2017\\\/02\\\/540k-replika-1.png?fit=686%2C686&ssl=1\",\"contentUrl\":\"https:\\\/\\\/i0.wp.com\\\/terjebjornstad.com\\\/no\\\/wp-content\\\/uploads\\\/2017\\\/02\\\/540k-replika-1.png?fit=686%2C686&ssl=1\",\"width\":686,\"height\":686,\"caption\":\"Mercedes 540K replika\"},{\"@type\":\"BreadcrumbList\",\"@id\":\"https:\\\/\\\/terjebjornstad.com\\\/no\\\/2017\\\/02\\\/18\\\/mercedes-benz-540k-special-coupe-replika\\\/#breadcrumb\",\"itemListElement\":[{\"@type\":\"ListItem\",\"position\":1,\"name\":\"Hjem\",\"item\":\"https:\\\/\\\/terjebjornstad.com\\\/no\\\/\"},{\"@type\":\"ListItem\",\"position\":2,\"name\":\"Mercedes-Benz 540K Special Coupe Replika\"}]},{\"@type\":\"WebSite\",\"@id\":\"https:\\\/\\\/terjebjornstad.com\\\/no\\\/#website\",\"url\":\"https:\\\/\\\/terjebjornstad.com\\\/no\\\/\",\"name\":\"Terjes biler\",\"description\":\"HONEST ABOUT CARS\",\"publisher\":{\"@id\":\"https:\\\/\\\/terjebjornstad.com\\\/no\\\/#organization\"},\"alternateName\":\"Terjebjornstad.com\",\"potentialAction\":[{\"@type\":\"SearchAction\",\"target\":{\"@type\":\"EntryPoint\",\"urlTemplate\":\"https:\\\/\\\/terjebjornstad.com\\\/no\\\/?s={search_term_string}\"},\"query-input\":{\"@type\":\"PropertyValueSpecification\",\"valueRequired\":true,\"valueName\":\"search_term_string\"}}],\"inLanguage\":\"nb-NO\"},{\"@type\":\"Organization\",\"@id\":\"https:\\\/\\\/terjebjornstad.com\\\/no\\\/#organization\",\"name\":\"Terje Bj\u00f8rnstad ENK\",\"url\":\"https:\\\/\\\/terjebjornstad.com\\\/no\\\/\",\"logo\":{\"@type\":\"ImageObject\",\"inLanguage\":\"nb-NO\",\"@id\":\"https:\\\/\\\/terjebjornstad.com\\\/no\\\/#\\\/schema\\\/logo\\\/image\\\/\",\"url\":\"https:\\\/\\\/i0.wp.com\\\/terjebjornstad.com\\\/no\\\/wp-content\\\/uploads\\\/2026\\\/02\\\/terjesbiler2024-960x354-1.png?fit=960%2C354&ssl=1\",\"contentUrl\":\"https:\\\/\\\/i0.wp.com\\\/terjebjornstad.com\\\/no\\\/wp-content\\\/uploads\\\/2026\\\/02\\\/terjesbiler2024-960x354-1.png?fit=960%2C354&ssl=1\",\"width\":960,\"height\":354,\"caption\":\"Terje Bj\u00f8rnstad ENK\"},\"image\":{\"@id\":\"https:\\\/\\\/terjebjornstad.com\\\/no\\\/#\\\/schema\\\/logo\\\/image\\\/\"},\"sameAs\":[\"https:\\\/\\\/www.facebook.com\\\/terjesbiler\\\/\",\"https:\\\/\\\/www.instagram.com\\\/terjesbiler\\\/\",\"https:\\\/\\\/www.pinteres.com\\\/terjebjrnstad\\\/terjes-biler\\\/\"]},{\"@type\":\"Person\",\"@id\":\"https:\\\/\\\/terjebjornstad.com\\\/no\\\/#\\\/schema\\\/person\\\/a281f6a6e0f3cc9fe468e7f0c655aa65\",\"name\":\"Terje Bj\u00f8rnstad\",\"image\":{\"@type\":\"ImageObject\",\"inLanguage\":\"nb-NO\",\"@id\":\"https:\\\/\\\/secure.gravatar.com\\\/avatar\\\/e8dff505b51cf6cb67ae06a06022d2049aac2da1e79dc146a36b58798c4b40ea?s=96&d=mm&r=g\",\"url\":\"https:\\\/\\\/secure.gravatar.com\\\/avatar\\\/e8dff505b51cf6cb67ae06a06022d2049aac2da1e79dc146a36b58798c4b40ea?s=96&d=mm&r=g\",\"contentUrl\":\"https:\\\/\\\/secure.gravatar.com\\\/avatar\\\/e8dff505b51cf6cb67ae06a06022d2049aac2da1e79dc146a36b58798c4b40ea?s=96&d=mm&r=g\",\"caption\":\"Terje Bj\u00f8rnstad\"},\"description\":\"Terje Bj\u00f8rnstad. Bloggadministrator, hobbyfotograf og bilnerd.\",\"sameAs\":[\"https:\\\/\\\/www.facebook.com\\\/terjesbiler\",\"https:\\\/\\\/www.instagram.com\\\/terjesbiler\",\"https:\\\/\\\/no.pinterest.com\\\/terjebjrnstad\",\"https:\\\/\\\/www.youtube.com\\\/channel\\\/UCzCKJJDybyIgKqatc_JQqIg\"]}]}<\/script>\n<!-- \/ Yoast SEO plugin. -->","yoast_head_json":{"title":"Mercedes-Benz 540K Special Coupe Replika - Terjes biler","description":"Mercedes-Benz 540K var noe av det ypperste du kunne kj\u00f8re p\u00e5 tysk jord f\u00f8r krigen. En bil konstruert for Der Autobahn.","robots":{"index":"index","follow":"follow","max-snippet":"max-snippet:-1","max-image-preview":"max-image-preview:large","max-video-preview":"max-video-preview:-1"},"canonical":"https:\/\/terjebjornstad.com\/no\/2017\/02\/18\/mercedes-benz-540k-special-coupe-replika\/","og_locale":"nb_NO","og_type":"article","og_title":"Mercedes-Benz 540K Special Coupe Replika - Terjes biler","og_description":"Mercedes-Benz 540K var noe av det ypperste du kunne kj\u00f8re p\u00e5 tysk jord f\u00f8r krigen. En bil konstruert for Der Autobahn.","og_url":"https:\/\/terjebjornstad.com\/no\/2017\/02\/18\/mercedes-benz-540k-special-coupe-replika\/","og_site_name":"Terjes biler","article_publisher":"https:\/\/www.facebook.com\/terjesbiler\/","article_author":"https:\/\/www.facebook.com\/terjesbiler","article_published_time":"2017-02-18T08:58:22+00:00","article_modified_time":"2026-03-16T13:36:20+00:00","og_image":[{"url":"https:\/\/terjebjornstad.com\/no\/wp-content\/uploads\/2017\/02\/540k-replika-1.png","type":"","width":"","height":""}],"author":"Terje Bj\u00f8rnstad","twitter_card":"summary_large_image","twitter_misc":{"Skrevet av":"Terje Bj\u00f8rnstad","Ansl. lesetid":"4 minutter"},"schema":{"@context":"https:\/\/schema.org","@graph":[{"@type":"Article","@id":"https:\/\/terjebjornstad.com\/no\/2017\/02\/18\/mercedes-benz-540k-special-coupe-replika\/#article","isPartOf":{"@id":"https:\/\/terjebjornstad.com\/no\/2017\/02\/18\/mercedes-benz-540k-special-coupe-replika\/"},"author":{"name":"Terje Bj\u00f8rnstad","@id":"https:\/\/terjebjornstad.com\/no\/#\/schema\/person\/a281f6a6e0f3cc9fe468e7f0c655aa65"},"headline":"Mercedes-Benz 540K Special Coupe Replika","datePublished":"2017-02-18T08:58:22+00:00","dateModified":"2026-03-16T13:36:20+00:00","mainEntityOfPage":{"@id":"https:\/\/terjebjornstad.com\/no\/2017\/02\/18\/mercedes-benz-540k-special-coupe-replika\/"},"wordCount":501,"commentCount":0,"publisher":{"@id":"https:\/\/terjebjornstad.com\/no\/#organization"},"image":{"@id":"https:\/\/terjebjornstad.com\/no\/2017\/02\/18\/mercedes-benz-540k-special-coupe-replika\/#primaryimage"},"thumbnailUrl":"https:\/\/terjebjornstad.com\/no\/wp-content\/uploads\/2017\/02\/540k-replika-1.png","keywords":["500k replika","540k replika","mercedes 500k","mercedes 540k","mercedes replika"],"articleSection":["540K","Artikkel","Mercedes-Benz"],"inLanguage":"nb-NO","potentialAction":[{"@type":"CommentAction","name":"Comment","target":["https:\/\/terjebjornstad.com\/no\/2017\/02\/18\/mercedes-benz-540k-special-coupe-replika\/#respond"]}]},{"@type":"WebPage","@id":"https:\/\/terjebjornstad.com\/no\/2017\/02\/18\/mercedes-benz-540k-special-coupe-replika\/","url":"https:\/\/terjebjornstad.com\/no\/2017\/02\/18\/mercedes-benz-540k-special-coupe-replika\/","name":"Mercedes-Benz 540K Special Coupe Replika - Terjes biler","isPartOf":{"@id":"https:\/\/terjebjornstad.com\/no\/#website"},"primaryImageOfPage":{"@id":"https:\/\/terjebjornstad.com\/no\/2017\/02\/18\/mercedes-benz-540k-special-coupe-replika\/#primaryimage"},"image":{"@id":"https:\/\/terjebjornstad.com\/no\/2017\/02\/18\/mercedes-benz-540k-special-coupe-replika\/#primaryimage"},"thumbnailUrl":"https:\/\/terjebjornstad.com\/no\/wp-content\/uploads\/2017\/02\/540k-replika-1.png","datePublished":"2017-02-18T08:58:22+00:00","dateModified":"2026-03-16T13:36:20+00:00","description":"Mercedes-Benz 540K var noe av det ypperste du kunne kj\u00f8re p\u00e5 tysk jord f\u00f8r krigen. En bil konstruert for Der Autobahn.","breadcrumb":{"@id":"https:\/\/terjebjornstad.com\/no\/2017\/02\/18\/mercedes-benz-540k-special-coupe-replika\/#breadcrumb"},"inLanguage":"nb-NO","potentialAction":[{"@type":"ReadAction","target":["https:\/\/terjebjornstad.com\/no\/2017\/02\/18\/mercedes-benz-540k-special-coupe-replika\/"]}]},{"@type":"ImageObject","inLanguage":"nb-NO","@id":"https:\/\/terjebjornstad.com\/no\/2017\/02\/18\/mercedes-benz-540k-special-coupe-replika\/#primaryimage","url":"https:\/\/i0.wp.com\/terjebjornstad.com\/no\/wp-content\/uploads\/2017\/02\/540k-replika-1.png?fit=686%2C686&ssl=1","contentUrl":"https:\/\/i0.wp.com\/terjebjornstad.com\/no\/wp-content\/uploads\/2017\/02\/540k-replika-1.png?fit=686%2C686&ssl=1","width":686,"height":686,"caption":"Mercedes 540K replika"},{"@type":"BreadcrumbList","@id":"https:\/\/terjebjornstad.com\/no\/2017\/02\/18\/mercedes-benz-540k-special-coupe-replika\/#breadcrumb","itemListElement":[{"@type":"ListItem","position":1,"name":"Hjem","item":"https:\/\/terjebjornstad.com\/no\/"},{"@type":"ListItem","position":2,"name":"Mercedes-Benz 540K Special Coupe Replika"}]},{"@type":"WebSite","@id":"https:\/\/terjebjornstad.com\/no\/#website","url":"https:\/\/terjebjornstad.com\/no\/","name":"Terjes biler","description":"HONEST ABOUT CARS","publisher":{"@id":"https:\/\/terjebjornstad.com\/no\/#organization"},"alternateName":"Terjebjornstad.com","potentialAction":[{"@type":"SearchAction","target":{"@type":"EntryPoint","urlTemplate":"https:\/\/terjebjornstad.com\/no\/?s={search_term_string}"},"query-input":{"@type":"PropertyValueSpecification","valueRequired":true,"valueName":"search_term_string"}}],"inLanguage":"nb-NO"},{"@type":"Organization","@id":"https:\/\/terjebjornstad.com\/no\/#organization","name":"Terje Bj\u00f8rnstad ENK","url":"https:\/\/terjebjornstad.com\/no\/","logo":{"@type":"ImageObject","inLanguage":"nb-NO","@id":"https:\/\/terjebjornstad.com\/no\/#\/schema\/logo\/image\/","url":"https:\/\/i0.wp.com\/terjebjornstad.com\/no\/wp-content\/uploads\/2026\/02\/terjesbiler2024-960x354-1.png?fit=960%2C354&ssl=1","contentUrl":"https:\/\/i0.wp.com\/terjebjornstad.com\/no\/wp-content\/uploads\/2026\/02\/terjesbiler2024-960x354-1.png?fit=960%2C354&ssl=1","width":960,"height":354,"caption":"Terje Bj\u00f8rnstad ENK"},"image":{"@id":"https:\/\/terjebjornstad.com\/no\/#\/schema\/logo\/image\/"},"sameAs":["https:\/\/www.facebook.com\/terjesbiler\/","https:\/\/www.instagram.com\/terjesbiler\/","https:\/\/www.pinteres.com\/terjebjrnstad\/terjes-biler\/"]},{"@type":"Person","@id":"https:\/\/terjebjornstad.com\/no\/#\/schema\/person\/a281f6a6e0f3cc9fe468e7f0c655aa65","name":"Terje Bj\u00f8rnstad","image":{"@type":"ImageObject","inLanguage":"nb-NO","@id":"https:\/\/secure.gravatar.com\/avatar\/e8dff505b51cf6cb67ae06a06022d2049aac2da1e79dc146a36b58798c4b40ea?s=96&d=mm&r=g","url":"https:\/\/secure.gravatar.com\/avatar\/e8dff505b51cf6cb67ae06a06022d2049aac2da1e79dc146a36b58798c4b40ea?s=96&d=mm&r=g","contentUrl":"https:\/\/secure.gravatar.com\/avatar\/e8dff505b51cf6cb67ae06a06022d2049aac2da1e79dc146a36b58798c4b40ea?s=96&d=mm&r=g","caption":"Terje Bj\u00f8rnstad"},"description":"Terje Bj\u00f8rnstad. Bloggadministrator, hobbyfotograf og bilnerd.","sameAs":["https:\/\/www.facebook.com\/terjesbiler","https:\/\/www.instagram.com\/terjesbiler","https:\/\/no.pinterest.com\/terjebjrnstad","https:\/\/www.youtube.com\/channel\/UCzCKJJDybyIgKqatc_JQqIg"]}]}},"jetpack_publicize_connections":[],"jetpack_featured_media_url":"","jetpack_sharing_enabled":true,"jetpack_shortlink":"https:\/\/wp.me\/p48zYA-2rA","jetpack-related-posts":[{"id":9284,"url":"https:\/\/terjebjornstad.com\/no\/2017\/02\/14\/bygde-for-fine-replika-biler\/","url_meta":{"origin":9398,"position":0},"title":"Bygde for fine replika-biler","author":"Terje Bj\u00f8rnstad","date":"14\/02\/2017","format":"image","excerpt":"I Spania har en politistyrke sammensatt av flere enheter aksjonert mot et lite firma som bygget replikaer av Ferrarier og Lamborghinier. De arresterte 3 mann, stengte geskjeften og skal n\u00e5 destruere bilene som enn\u00e5 ikke er solgt. Razzia mot falske superbiler Det er ikke forbudt \u00e5 bygge og selge replikabiler\u2026","rel":"","context":"i &quot;Artikkel&quot;","block_context":{"text":"Artikkel","link":"https:\/\/terjebjornstad.com\/no\/category\/artikkel\/"},"img":{"alt_text":"","src":"https:\/\/i0.wp.com\/terjebjornstad.com\/no\/wp-content\/uploads\/2017\/02\/ferrari-replica-41.png?fit=638%2C350&ssl=1&resize=350%2C200","width":350,"height":200,"srcset":"https:\/\/i0.wp.com\/terjebjornstad.com\/no\/wp-content\/uploads\/2017\/02\/ferrari-replica-41.png?fit=638%2C350&ssl=1&resize=350%2C200 1x, https:\/\/i0.wp.com\/terjebjornstad.com\/no\/wp-content\/uploads\/2017\/02\/ferrari-replica-41.png?fit=638%2C350&ssl=1&resize=525%2C300 1.5x"},"classes":[]},{"id":38258,"url":"https:\/\/terjebjornstad.com\/no\/2021\/02\/16\/jaguar-c-type-feiring-med-bismak\/","url_meta":{"origin":9398,"position":1},"title":"Jaguar C-type feiring med bismak","author":"Terje Bj\u00f8rnstad","date":"16\/02\/2021","format":false,"excerpt":"Den feirer 70 \u00e5r i \u00e5r. Tidlig p\u00e5 50-tallet vant den flere bill\u00f8p, blant annet 24-timers l\u00f8pet p\u00e5 Le Mans i 1951 og 1953. Jaguar feirer med \u00e5 produsere 7 nye biler mens en annen C-type st\u00e5r i fare for \u00e5 bli destruert... H\u00e5ndlaget og eksklusiv C-type var basert p\u00e5\u2026","rel":"","context":"i &quot;Artikkel&quot;","block_context":{"text":"Artikkel","link":"https:\/\/terjebjornstad.com\/no\/category\/artikkel\/"},"img":{"alt_text":"","src":"https:\/\/i0.wp.com\/terjebjornstad.com\/no\/wp-content\/uploads\/2021\/02\/J_Classic_Ctype_280121_02.png?fit=1080%2C810&ssl=1&resize=350%2C200","width":350,"height":200,"srcset":"https:\/\/i0.wp.com\/terjebjornstad.com\/no\/wp-content\/uploads\/2021\/02\/J_Classic_Ctype_280121_02.png?fit=1080%2C810&ssl=1&resize=350%2C200 1x, https:\/\/i0.wp.com\/terjebjornstad.com\/no\/wp-content\/uploads\/2021\/02\/J_Classic_Ctype_280121_02.png?fit=1080%2C810&ssl=1&resize=525%2C300 1.5x, https:\/\/i0.wp.com\/terjebjornstad.com\/no\/wp-content\/uploads\/2021\/02\/J_Classic_Ctype_280121_02.png?fit=1080%2C810&ssl=1&resize=700%2C400 2x, https:\/\/i0.wp.com\/terjebjornstad.com\/no\/wp-content\/uploads\/2021\/02\/J_Classic_Ctype_280121_02.png?fit=1080%2C810&ssl=1&resize=1050%2C600 3x"},"classes":[]},{"id":48323,"url":"https:\/\/terjebjornstad.com\/no\/2022\/05\/03\/smarlinette-en-smart-baby-alpine\/","url_meta":{"origin":9398,"position":2},"title":"Smarlinette &#8211; en Smart baby Alpine","author":"Terje Bj\u00f8rnstad","date":"03\/05\/2022","format":false,"excerpt":"Alpine A110 er en av Europas mest attraktive klassiske sportsbiler, men dessverre sjeldne og sv\u00e6rt dyre. Basert p\u00e5 Smart Roadster, kan man f\u00e5 bygget en Alpine A110 replika med utseende og kj\u00f8reegenskaper som ligger tett opp til originalen, skj\u00f8nt teknisk sett vil bilen fortsatt v\u00e6re en Smart. \u00a0Hva gj\u00f8r A110\u2026","rel":"","context":"i &quot;A110&quot;","block_context":{"text":"A110","link":"https:\/\/terjebjornstad.com\/no\/category\/alpine\/a110\/"},"img":{"alt_text":"smarlinette","src":"https:\/\/i0.wp.com\/terjebjornstad.com\/no\/wp-content\/uploads\/2022\/05\/smarlinette-1-1080x720-1.png?fit=1080%2C720&ssl=1&resize=350%2C200","width":350,"height":200,"srcset":"https:\/\/i0.wp.com\/terjebjornstad.com\/no\/wp-content\/uploads\/2022\/05\/smarlinette-1-1080x720-1.png?fit=1080%2C720&ssl=1&resize=350%2C200 1x, https:\/\/i0.wp.com\/terjebjornstad.com\/no\/wp-content\/uploads\/2022\/05\/smarlinette-1-1080x720-1.png?fit=1080%2C720&ssl=1&resize=525%2C300 1.5x, https:\/\/i0.wp.com\/terjebjornstad.com\/no\/wp-content\/uploads\/2022\/05\/smarlinette-1-1080x720-1.png?fit=1080%2C720&ssl=1&resize=700%2C400 2x, https:\/\/i0.wp.com\/terjebjornstad.com\/no\/wp-content\/uploads\/2022\/05\/smarlinette-1-1080x720-1.png?fit=1080%2C720&ssl=1&resize=1050%2C600 3x"},"classes":[]},{"id":83513,"url":"https:\/\/terjebjornstad.com\/no\/2025\/08\/09\/porsche-356-speedster-replika\/","url_meta":{"origin":9398,"position":3},"title":"Porsche 356 Speedster replika","author":"Terje Bj\u00f8rnstad","date":"09\/08\/2025","format":false,"excerpt":"Den ble utformet som en minimalistisk variant av 356-serien som med sin lave vekt kunne konkurrere i road racing over hele USA. I dag lever 50-talls-konseptet videre som replika-biler. Vi kan takke Max Hoffman for at Porsche skapte Speedster. Han slo seg opp ved \u00e5 importere europeiske luksusbiler til USA,\u2026","rel":"","context":"i &quot;Porsche 356 Speedster&quot;","block_context":{"text":"Porsche 356 Speedster","link":"https:\/\/terjebjornstad.com\/no\/category\/porsche\/porsche-356-speedster\/"},"img":{"alt_text":"","src":"https:\/\/i0.wp.com\/terjebjornstad.com\/no\/wp-content\/uploads\/2025\/08\/chesil-bicester-sue-thatcher-1920x1097-1.jpg?fit=1200%2C686&ssl=1&resize=350%2C200","width":350,"height":200,"srcset":"https:\/\/i0.wp.com\/terjebjornstad.com\/no\/wp-content\/uploads\/2025\/08\/chesil-bicester-sue-thatcher-1920x1097-1.jpg?fit=1200%2C686&ssl=1&resize=350%2C200 1x, https:\/\/i0.wp.com\/terjebjornstad.com\/no\/wp-content\/uploads\/2025\/08\/chesil-bicester-sue-thatcher-1920x1097-1.jpg?fit=1200%2C686&ssl=1&resize=525%2C300 1.5x, https:\/\/i0.wp.com\/terjebjornstad.com\/no\/wp-content\/uploads\/2025\/08\/chesil-bicester-sue-thatcher-1920x1097-1.jpg?fit=1200%2C686&ssl=1&resize=700%2C400 2x, https:\/\/i0.wp.com\/terjebjornstad.com\/no\/wp-content\/uploads\/2025\/08\/chesil-bicester-sue-thatcher-1920x1097-1.jpg?fit=1200%2C686&ssl=1&resize=1050%2C600 3x"},"classes":[]},{"id":67345,"url":"https:\/\/terjebjornstad.com\/no\/2023\/11\/26\/verdt-a-vite-om-cobra\/","url_meta":{"origin":9398,"position":4},"title":"Verdt \u00e5 vite om Cobra","author":"Terje Bj\u00f8rnstad","date":"26\/11\/2023","format":false,"excerpt":"I 1962 begynte AC Cars og Carroll Shelby \u00e5 produsere en liten roadster med V8-motor. Idag, mer enn seksti \u00e5r senere, bygges disse bilene flere steder over hele verden etter samme originale konsept. Basert p\u00e5 AC ACE Det var Carroll Shelby - en av verdens mest ber\u00f8mte bilskapere - som\u2026","rel":"","context":"i &quot;Cobra&quot;","block_context":{"text":"Cobra","link":"https:\/\/terjebjornstad.com\/no\/category\/ac\/cobra\/"},"img":{"alt_text":"","src":"https:\/\/i0.wp.com\/terjebjornstad.com\/no\/wp-content\/uploads\/2023\/11\/1-superformance-cobra-920x1440-1.jpg?fit=1200%2C900&ssl=1&resize=350%2C200","width":350,"height":200,"srcset":"https:\/\/i0.wp.com\/terjebjornstad.com\/no\/wp-content\/uploads\/2023\/11\/1-superformance-cobra-920x1440-1.jpg?fit=1200%2C900&ssl=1&resize=350%2C200 1x, https:\/\/i0.wp.com\/terjebjornstad.com\/no\/wp-content\/uploads\/2023\/11\/1-superformance-cobra-920x1440-1.jpg?fit=1200%2C900&ssl=1&resize=525%2C300 1.5x, https:\/\/i0.wp.com\/terjebjornstad.com\/no\/wp-content\/uploads\/2023\/11\/1-superformance-cobra-920x1440-1.jpg?fit=1200%2C900&ssl=1&resize=700%2C400 2x, https:\/\/i0.wp.com\/terjebjornstad.com\/no\/wp-content\/uploads\/2023\/11\/1-superformance-cobra-920x1440-1.jpg?fit=1200%2C900&ssl=1&resize=1050%2C600 3x"},"classes":[]},{"id":25536,"url":"https:\/\/terjebjornstad.com\/no\/2019\/08\/20\/cars-and-coffee-ovrevoll-galopp-3\/","url_meta":{"origin":9398,"position":5},"title":"Cars and Coffee, \u00d8vrevoll Galopp","author":"Terje Bj\u00f8rnstad","date":"20\/08\/2019","format":false,"excerpt":"Cars and Coffee er et biltreff for alle bilkategorier - og ditto eiere. Sist s\u00f8ndag arrangerte Cars and Coffee Asker og B\u00e6rum treff p\u00e5 \u00d8vrevoll Galopp utenfor Oslo. I l\u00f8pet av et par timer dukket det opp kj\u00f8ret\u00f8y fra 1912 til 2019. Jeg ankom sammen med en gjeng med str\u00f8kne\u2026","rel":"","context":"i &quot;Artikkel&quot;","block_context":{"text":"Artikkel","link":"https:\/\/terjebjornstad.com\/no\/category\/artikkel\/"},"img":{"alt_text":"","src":"https:\/\/i0.wp.com\/terjebjornstad.com\/no\/wp-content\/uploads\/2019\/08\/ovrevoll-18-7-1-1080x720.png?fit=1080%2C720&ssl=1&resize=350%2C200","width":350,"height":200,"srcset":"https:\/\/i0.wp.com\/terjebjornstad.com\/no\/wp-content\/uploads\/2019\/08\/ovrevoll-18-7-1-1080x720.png?fit=1080%2C720&ssl=1&resize=350%2C200 1x, https:\/\/i0.wp.com\/terjebjornstad.com\/no\/wp-content\/uploads\/2019\/08\/ovrevoll-18-7-1-1080x720.png?fit=1080%2C720&ssl=1&resize=525%2C300 1.5x, https:\/\/i0.wp.com\/terjebjornstad.com\/no\/wp-content\/uploads\/2019\/08\/ovrevoll-18-7-1-1080x720.png?fit=1080%2C720&ssl=1&resize=700%2C400 2x, https:\/\/i0.wp.com\/terjebjornstad.com\/no\/wp-content\/uploads\/2019\/08\/ovrevoll-18-7-1-1080x720.png?fit=1080%2C720&ssl=1&resize=1050%2C600 3x"},"classes":[]}],"gt_translate_keys":[{"key":"link","format":"url"}],"_links":{"self":[{"href":"https:\/\/terjebjornstad.com\/no\/wp-json\/wp\/v2\/posts\/9398","targetHints":{"allow":["GET"]}}],"collection":[{"href":"https:\/\/terjebjornstad.com\/no\/wp-json\/wp\/v2\/posts"}],"about":[{"href":"https:\/\/terjebjornstad.com\/no\/wp-json\/wp\/v2\/types\/post"}],"author":[{"embeddable":true,"href":"https:\/\/terjebjornstad.com\/no\/wp-json\/wp\/v2\/users\/1"}],"replies":[{"embeddable":true,"href":"https:\/\/terjebjornstad.com\/no\/wp-json\/wp\/v2\/comments?post=9398"}],"version-history":[{"count":8,"href":"https:\/\/terjebjornstad.com\/no\/wp-json\/wp\/v2\/posts\/9398\/revisions"}],"predecessor-version":[{"id":91324,"href":"https:\/\/terjebjornstad.com\/no\/wp-json\/wp\/v2\/posts\/9398\/revisions\/91324"}],"wp:attachment":[{"href":"https:\/\/terjebjornstad.com\/no\/wp-json\/wp\/v2\/media?parent=9398"}],"wp:term":[{"taxonomy":"category","embeddable":true,"href":"https:\/\/terjebjornstad.com\/no\/wp-json\/wp\/v2\/categories?post=9398"},{"taxonomy":"post_tag","embeddable":true,"href":"https:\/\/terjebjornstad.com\/no\/wp-json\/wp\/v2\/tags?post=9398"}],"curies":[{"name":"wp","href":"https:\/\/api.w.org\/{rel}","templated":true}]}}