{"id":92494,"date":"2026-04-24T00:14:51","date_gmt":"2026-04-23T23:14:51","guid":{"rendered":"https:\/\/terjebjornstad.com\/no\/?p=92494"},"modified":"2026-04-29T22:31:54","modified_gmt":"2026-04-29T21:31:54","slug":"renault-r5-e-tech","status":"publish","type":"post","link":"https:\/\/terjebjornstad.com\/no\/2026\/04\/24\/renault-r5-e-tech\/","title":{"rendered":"Renault R5 E-Tech","gt_translate_keys":[{"key":"rendered","format":"text"}]},"content":{"rendered":"<div class=\"copy_teb\"><figure id=\"attachment_92479\" aria-describedby=\"caption-attachment-92479\" style=\"width: 1920px\" class=\"wp-caption alignleft\"><a href=\"https:\/\/i0.wp.com\/terjebjornstad.com\/no\/wp-content\/uploads\/2026\/04\/renault-r5-electric-1920x1440-1.jpg?ssl=1\"><img data-recalc-dims=\"1\" loading=\"lazy\" decoding=\"async\" data-attachment-id=\"92479\" data-permalink=\"https:\/\/terjebjornstad.com\/no\/2026\/04\/24\/renault-r5-e-tech\/renault-r5-electric-1920x1440\/\" data-orig-file=\"https:\/\/i0.wp.com\/terjebjornstad.com\/no\/wp-content\/uploads\/2026\/04\/renault-r5-electric-1920x1440-1.jpg?fit=1920%2C1440&amp;ssl=1\" data-orig-size=\"1920,1440\" data-comments-opened=\"1\" data-image-meta=\"{&quot;aperture&quot;:&quot;0&quot;,&quot;credit&quot;:&quot;&quot;,&quot;camera&quot;:&quot;&quot;,&quot;caption&quot;:&quot;&quot;,&quot;created_timestamp&quot;:&quot;0&quot;,&quot;copyright&quot;:&quot;&quot;,&quot;focal_length&quot;:&quot;0&quot;,&quot;iso&quot;:&quot;0&quot;,&quot;shutter_speed&quot;:&quot;0&quot;,&quot;title&quot;:&quot;&quot;,&quot;orientation&quot;:&quot;0&quot;}\" data-image-title=\"renault-r5-electric-1920&amp;#215;1440\" data-image-description=\"\" data-image-caption=\"&lt;p&gt;Renault R5 E-Tech. En gr\u00f8nn bil midt i borettslaget.&lt;\/p&gt;\n\" data-large-file=\"https:\/\/i0.wp.com\/terjebjornstad.com\/no\/wp-content\/uploads\/2026\/04\/renault-r5-electric-1920x1440-1.jpg?fit=980%2C735&amp;ssl=1\" src=\"https:\/\/i0.wp.com\/terjebjornstad.com\/no\/wp-content\/uploads\/2026\/04\/renault-r5-electric-1920x1440-1.jpg?resize=980%2C735&#038;ssl=1\" alt=\"Renault R5 E-Tech\" width=\"980\" height=\"735\" class=\"size-full wp-image-92479\" srcset=\"https:\/\/i0.wp.com\/terjebjornstad.com\/no\/wp-content\/uploads\/2026\/04\/renault-r5-electric-1920x1440-1.jpg?w=1920&amp;ssl=1 1920w, https:\/\/i0.wp.com\/terjebjornstad.com\/no\/wp-content\/uploads\/2026\/04\/renault-r5-electric-1920x1440-1.jpg?resize=300%2C225&amp;ssl=1 300w, https:\/\/i0.wp.com\/terjebjornstad.com\/no\/wp-content\/uploads\/2026\/04\/renault-r5-electric-1920x1440-1.jpg?resize=1080%2C810&amp;ssl=1 1080w, https:\/\/i0.wp.com\/terjebjornstad.com\/no\/wp-content\/uploads\/2026\/04\/renault-r5-electric-1920x1440-1.jpg?resize=768%2C576&amp;ssl=1 768w, https:\/\/i0.wp.com\/terjebjornstad.com\/no\/wp-content\/uploads\/2026\/04\/renault-r5-electric-1920x1440-1.jpg?resize=1536%2C1152&amp;ssl=1 1536w, https:\/\/i0.wp.com\/terjebjornstad.com\/no\/wp-content\/uploads\/2026\/04\/renault-r5-electric-1920x1440-1.jpg?resize=690%2C518&amp;ssl=1 690w, https:\/\/i0.wp.com\/terjebjornstad.com\/no\/wp-content\/uploads\/2026\/04\/renault-r5-electric-1920x1440-1.jpg?resize=980%2C735&amp;ssl=1 980w\" sizes=\"auto, (max-width: 980px) 100vw, 980px\" \/><\/a><figcaption id=\"caption-attachment-92479\" class=\"wp-caption-text\">Renault R5 E-Tech. En gr\u00f8nn bil midt i borettslaget.<\/figcaption><\/figure><\/p>\n<\/blockquote>\n\n<blockquote><p>Det er p\u00e5fallende hvor mange elektriske biler som ser helt like ut. Hensyn til batterikapasitet, vindtunnel og kunstig intelligens bidrar til \u00e5 forme nye biler i samme lest. Etter hvert kan merkeidentiteten forsvinne, og med den ogs\u00e5 kundenes lojalitet.<\/p><\/blockquote>\n<p>&nbsp;<br \/>\nDa Renault lanserte en elektrisk bil med likhetstrekk til \u00e9n av sine st\u00f8rste suksesser noensinne, kan motivet ha v\u00e6rt \u00e5 lokke tidligere kunder til \u00e5 velge Renault igjen n\u00e5r de g\u00e5r over til elektrisk drift. Hadde selskapet valgt \u00e5 lage en helt vanlig elektrisk bil, \u00f8ker risikoen for \u00e5 miste kunder til kinesiske bilprodusenter.<br \/>\n&nbsp;<br \/>\n<figure id=\"attachment_92478\" aria-describedby=\"caption-attachment-92478\" style=\"width: 1920px\" class=\"wp-caption alignleft\"><a href=\"https:\/\/i0.wp.com\/terjebjornstad.com\/no\/wp-content\/uploads\/2026\/04\/renault-r5-electric-1528-1920x1280-1.jpg?ssl=1\"><img data-recalc-dims=\"1\" loading=\"lazy\" decoding=\"async\" data-attachment-id=\"92478\" data-permalink=\"https:\/\/terjebjornstad.com\/no\/2026\/04\/24\/renault-r5-e-tech\/renault-r5-electric-1528-1920x1280\/\" data-orig-file=\"https:\/\/i0.wp.com\/terjebjornstad.com\/no\/wp-content\/uploads\/2026\/04\/renault-r5-electric-1528-1920x1280-1.jpg?fit=1920%2C1280&amp;ssl=1\" data-orig-size=\"1920,1280\" data-comments-opened=\"1\" data-image-meta=\"{&quot;aperture&quot;:&quot;0&quot;,&quot;credit&quot;:&quot;&quot;,&quot;camera&quot;:&quot;&quot;,&quot;caption&quot;:&quot;&quot;,&quot;created_timestamp&quot;:&quot;0&quot;,&quot;copyright&quot;:&quot;&quot;,&quot;focal_length&quot;:&quot;0&quot;,&quot;iso&quot;:&quot;0&quot;,&quot;shutter_speed&quot;:&quot;0&quot;,&quot;title&quot;:&quot;&quot;,&quot;orientation&quot;:&quot;0&quot;}\" data-image-title=\"renault-r5-electric-1528-1920&amp;#215;1280\" data-image-description=\"\" data-image-caption=\"&lt;p&gt;Hyre.no har plassert nye Renault R5 E-Tech over hele byen.&lt;\/p&gt;\n\" data-large-file=\"https:\/\/i0.wp.com\/terjebjornstad.com\/no\/wp-content\/uploads\/2026\/04\/renault-r5-electric-1528-1920x1280-1.jpg?fit=980%2C653&amp;ssl=1\" src=\"https:\/\/i0.wp.com\/terjebjornstad.com\/no\/wp-content\/uploads\/2026\/04\/renault-r5-electric-1528-1920x1280-1.jpg?resize=980%2C653&#038;ssl=1\" alt=\"Renault R5 E-Tech\" width=\"980\" height=\"653\" class=\"size-full wp-image-92478\" srcset=\"https:\/\/i0.wp.com\/terjebjornstad.com\/no\/wp-content\/uploads\/2026\/04\/renault-r5-electric-1528-1920x1280-1.jpg?w=1920&amp;ssl=1 1920w, https:\/\/i0.wp.com\/terjebjornstad.com\/no\/wp-content\/uploads\/2026\/04\/renault-r5-electric-1528-1920x1280-1.jpg?resize=300%2C200&amp;ssl=1 300w, https:\/\/i0.wp.com\/terjebjornstad.com\/no\/wp-content\/uploads\/2026\/04\/renault-r5-electric-1528-1920x1280-1.jpg?resize=1080%2C720&amp;ssl=1 1080w, https:\/\/i0.wp.com\/terjebjornstad.com\/no\/wp-content\/uploads\/2026\/04\/renault-r5-electric-1528-1920x1280-1.jpg?resize=768%2C512&amp;ssl=1 768w, https:\/\/i0.wp.com\/terjebjornstad.com\/no\/wp-content\/uploads\/2026\/04\/renault-r5-electric-1528-1920x1280-1.jpg?resize=1536%2C1024&amp;ssl=1 1536w, https:\/\/i0.wp.com\/terjebjornstad.com\/no\/wp-content\/uploads\/2026\/04\/renault-r5-electric-1528-1920x1280-1.jpg?resize=690%2C460&amp;ssl=1 690w, https:\/\/i0.wp.com\/terjebjornstad.com\/no\/wp-content\/uploads\/2026\/04\/renault-r5-electric-1528-1920x1280-1.jpg?resize=980%2C653&amp;ssl=1 980w\" sizes=\"auto, (max-width: 980px) 100vw, 980px\" \/><\/a><figcaption id=\"caption-attachment-92478\" class=\"wp-caption-text\">Hyre.no har plassert nye Renault R5 E-Tech over hele byen.<\/figcaption><\/figure><\/p>\n<h3 class=\"tebh2\">Hva slags bil er egentlig den nye Renault R5?<\/h3>\n<p>Ingen trenger \u00e5 frykte for Renault\u2019s elektriske biler. Renault, sammen med Nissan, har hatt suksess med sine tidligere modeller. Dessuten er ikke Renault R5 s\u00e6rlig mer spesiell enn sine konkurrenter. Den ser ut som en personbil i B-segmentet, men er bygget som en liten Crossover\/SUV p\u00e5 Ampr\/Small-plattformen som ogs\u00e5 benyttes av Nissan og Mitsubishi. Man sitter s\u00e5 h\u00f8yt at man kan se ned p\u00e5 mange andre biler. Batteripakken er stor for sin klasse og ligger under kupeen. \u201cV\u00e5r\u201d bil har 55 kWh brutto og 52 kWh netto. Det gir en rekkevidde WLTP p\u00e5 410 km som er p\u00e5 h\u00f8yde med tilsvarende biler fra andre produsenter.<br \/>\n&nbsp;<br \/>\nF\u00f8r p\u00e5ske la jeg merke til at <em>Motor Forum Oslo<\/em> drev \u00e5 klargjorde biler for bildelingstjenesten <em>Hyre<\/em>. N\u00e5 er alle de fargerike bilene plassert ut i byen s\u00e5nn at de som \u00f8nsker, kan l\u00e5se opp en av dem og kj\u00f8re avg\u00e5rde via en app.<br \/>\n&nbsp;<br \/>\n<figure id=\"attachment_92483\" aria-describedby=\"caption-attachment-92483\" style=\"width: 1920px\" class=\"wp-caption alignleft\"><a href=\"https:\/\/i0.wp.com\/terjebjornstad.com\/no\/wp-content\/uploads\/2026\/04\/renault-r5-electric-dash-1920x1280-1.jpg?ssl=1\"><img data-recalc-dims=\"1\" loading=\"lazy\" decoding=\"async\" data-attachment-id=\"92483\" data-permalink=\"https:\/\/terjebjornstad.com\/no\/2026\/04\/24\/renault-r5-e-tech\/renault-r5-electric-dash-1920x1280\/\" data-orig-file=\"https:\/\/i0.wp.com\/terjebjornstad.com\/no\/wp-content\/uploads\/2026\/04\/renault-r5-electric-dash-1920x1280-1.jpg?fit=1920%2C1280&amp;ssl=1\" data-orig-size=\"1920,1280\" data-comments-opened=\"1\" data-image-meta=\"{&quot;aperture&quot;:&quot;4&quot;,&quot;credit&quot;:&quot;&quot;,&quot;camera&quot;:&quot;DSC-RX100M3&quot;,&quot;caption&quot;:&quot;&quot;,&quot;created_timestamp&quot;:&quot;1776869609&quot;,&quot;copyright&quot;:&quot;&quot;,&quot;focal_length&quot;:&quot;8.8&quot;,&quot;iso&quot;:&quot;125&quot;,&quot;shutter_speed&quot;:&quot;0.0125&quot;,&quot;title&quot;:&quot;&quot;,&quot;orientation&quot;:&quot;1&quot;}\" data-image-title=\"renault-r5-electric-dash-1920&amp;#215;1280\" data-image-description=\"\" data-image-caption=\"&lt;p&gt;Hyggelig innredning, men krever tilvenning.&lt;\/p&gt;\n\" data-large-file=\"https:\/\/i0.wp.com\/terjebjornstad.com\/no\/wp-content\/uploads\/2026\/04\/renault-r5-electric-dash-1920x1280-1.jpg?fit=980%2C653&amp;ssl=1\" src=\"https:\/\/i0.wp.com\/terjebjornstad.com\/no\/wp-content\/uploads\/2026\/04\/renault-r5-electric-dash-1920x1280-1.jpg?resize=980%2C653&#038;ssl=1\" alt=\"Renault R5 E-Tech\" width=\"980\" height=\"653\" class=\"size-full wp-image-92483\" srcset=\"https:\/\/i0.wp.com\/terjebjornstad.com\/no\/wp-content\/uploads\/2026\/04\/renault-r5-electric-dash-1920x1280-1.jpg?w=1920&amp;ssl=1 1920w, https:\/\/i0.wp.com\/terjebjornstad.com\/no\/wp-content\/uploads\/2026\/04\/renault-r5-electric-dash-1920x1280-1.jpg?resize=300%2C200&amp;ssl=1 300w, https:\/\/i0.wp.com\/terjebjornstad.com\/no\/wp-content\/uploads\/2026\/04\/renault-r5-electric-dash-1920x1280-1.jpg?resize=1080%2C720&amp;ssl=1 1080w, https:\/\/i0.wp.com\/terjebjornstad.com\/no\/wp-content\/uploads\/2026\/04\/renault-r5-electric-dash-1920x1280-1.jpg?resize=768%2C512&amp;ssl=1 768w, https:\/\/i0.wp.com\/terjebjornstad.com\/no\/wp-content\/uploads\/2026\/04\/renault-r5-electric-dash-1920x1280-1.jpg?resize=1536%2C1024&amp;ssl=1 1536w, https:\/\/i0.wp.com\/terjebjornstad.com\/no\/wp-content\/uploads\/2026\/04\/renault-r5-electric-dash-1920x1280-1.jpg?resize=690%2C460&amp;ssl=1 690w, https:\/\/i0.wp.com\/terjebjornstad.com\/no\/wp-content\/uploads\/2026\/04\/renault-r5-electric-dash-1920x1280-1.jpg?resize=980%2C653&amp;ssl=1 980w\" sizes=\"auto, (max-width: 980px) 100vw, 980px\" \/><\/a><figcaption id=\"caption-attachment-92483\" class=\"wp-caption-text\">Hyggelig innredning, men krever tilvenning.<\/figcaption><\/figure><\/p>\n<p>Jeg har allerede studert R5 p\u00e5 n\u00e6rt hold flere ganger tidligere. Ett av de visuelle inntrykkene som sitter igjen, er hvor d\u00e5rlig de to skjermene p\u00e5 dashbordet spiller sammen og hvor rotete informasjonen presenteres. Det forundrer meg fordi programvaren er utviklet i samarbeid med Google.<br \/>\n&nbsp;<br \/>\nDa jeg tidligere kj\u00f8rte den st\u00f8rre Renault Scenic E-Tech, lot jeg meg irritere over at volumknappen til radioen var skjult, mens en diger knapp for <em>Multisense<\/em> &#8211; valg av kj\u00f8remodus &#8211; sto sentralt plassert p\u00e5 rattet. Den st\u00e5r p\u00e5 samme sted p\u00e5 R5 ogs\u00e5. Man kan trykke sekvensielt gjennom alle kj\u00f8reprogrammene, med tilh\u00f8rende lysendringer og stemningslys i bilen. Men hvor ofte trenger man \u00e5 skifte kj\u00f8remodus egentlig?<\/p>\n<h3 class=\"tebh2\">Innbyr til aktiv kj\u00f8ring<\/h3>\n<p>Uoversiktlig informasjon er typisk fransk. Hva som heldigvis ikke er typisk fransk, er hvordan Renault R5 oppf\u00f8rer seg p\u00e5 veien. Den ligger nemlig meget st\u00f8dig i svingene. Styringen er skarp, og kan bringe mer kj\u00f8reglede enn jeg hadde forventet. Jeg \u00f8nsker meg litt mer styref\u00f8lelse i rattet &#8211; spesielt rundt midtstilling. Likevel kan man fornemme kraften fra hjulene gjennom rattet n\u00e5r man gir gass ut av svingene. Understellet passer fint til aktiv kj\u00f8ring p\u00e5 svingete landeveier &#8211; og etter min mening er dette bilens st\u00f8rste styrke. Til gjengjeld f\u00e5r man akseptere at den f\u00f8les litt stumpete over vertikale ujevnheter i veien &#8211; noe som er typisk for sm\u00e5biler.<\/p>\n<h3 class=\"tebh2\">Sm\u00e5bilf\u00f8lelse?<\/h3>\n<p>Den h\u00f8ye sitteposisjonen og det lydsvake interi\u00f8ret gir en f\u00f8lelse av \u00e5 kj\u00f8re en st\u00f8rre bil. Derimot fikk jeg ofte f\u00f8lelsen av fransk sm\u00e5bil p\u00e5 m\u00e5ten bilen rykket i gang fra stillest\u00e5ende og i parkerings-fart &#8211; selv n\u00e5r kj\u00f8remodus Comfort var valgt.<br \/>\n&nbsp;<br \/>\n<figure id=\"attachment_92484\" aria-describedby=\"caption-attachment-92484\" style=\"width: 640px\" class=\"wp-caption alignleft\"><a href=\"https:\/\/i0.wp.com\/terjebjornstad.com\/no\/wp-content\/uploads\/2026\/04\/renault-r5-electric-front-seats-640x960-1.jpg?ssl=1\"><img data-recalc-dims=\"1\" loading=\"lazy\" decoding=\"async\" data-attachment-id=\"92484\" data-permalink=\"https:\/\/terjebjornstad.com\/no\/2026\/04\/24\/renault-r5-e-tech\/renault-r5-electric-front-seats-640x960\/\" data-orig-file=\"https:\/\/i0.wp.com\/terjebjornstad.com\/no\/wp-content\/uploads\/2026\/04\/renault-r5-electric-front-seats-640x960-1.jpg?fit=640%2C960&amp;ssl=1\" data-orig-size=\"640,960\" data-comments-opened=\"1\" data-image-meta=\"{&quot;aperture&quot;:&quot;2.2&quot;,&quot;credit&quot;:&quot;&quot;,&quot;camera&quot;:&quot;DSC-RX100M3&quot;,&quot;caption&quot;:&quot;&quot;,&quot;created_timestamp&quot;:&quot;1776869950&quot;,&quot;copyright&quot;:&quot;&quot;,&quot;focal_length&quot;:&quot;8.8&quot;,&quot;iso&quot;:&quot;125&quot;,&quot;shutter_speed&quot;:&quot;0.033333333333333&quot;,&quot;title&quot;:&quot;&quot;,&quot;orientation&quot;:&quot;1&quot;}\" data-image-title=\"renault-r5-electric-front-seats-640&amp;#215;960\" data-image-description=\"\" data-image-caption=\"&lt;p&gt;Setene ser ut som de gjorde p\u00e5 de opprinnelige R5 Turbo.&lt;\/p&gt;\n\" data-large-file=\"https:\/\/i0.wp.com\/terjebjornstad.com\/no\/wp-content\/uploads\/2026\/04\/renault-r5-electric-front-seats-640x960-1.jpg?fit=640%2C960&amp;ssl=1\" src=\"https:\/\/i0.wp.com\/terjebjornstad.com\/no\/wp-content\/uploads\/2026\/04\/renault-r5-electric-front-seats-640x960-1.jpg?resize=640%2C960&#038;ssl=1\" alt=\"Renault R5 E-Tech\" width=\"640\" height=\"960\" class=\"size-full wp-image-92484\" srcset=\"https:\/\/i0.wp.com\/terjebjornstad.com\/no\/wp-content\/uploads\/2026\/04\/renault-r5-electric-front-seats-640x960-1.jpg?w=640&amp;ssl=1 640w, https:\/\/i0.wp.com\/terjebjornstad.com\/no\/wp-content\/uploads\/2026\/04\/renault-r5-electric-front-seats-640x960-1.jpg?resize=200%2C300&amp;ssl=1 200w\" sizes=\"auto, (max-width: 640px) 100vw, 640px\" \/><\/a><figcaption id=\"caption-attachment-92484\" class=\"wp-caption-text\">Setene ser ut som de gjorde p\u00e5 de opprinnelige R5 Turbo.<\/figcaption><\/figure><\/p>\n<p><figure id=\"attachment_92480\" aria-describedby=\"caption-attachment-92480\" style=\"width: 640px\" class=\"wp-caption alignleft\"><a href=\"https:\/\/i0.wp.com\/terjebjornstad.com\/no\/wp-content\/uploads\/2026\/04\/renault-r5-electric-backseat-640x853-1.jpg?ssl=1\"><img data-recalc-dims=\"1\" loading=\"lazy\" decoding=\"async\" data-attachment-id=\"92480\" data-permalink=\"https:\/\/terjebjornstad.com\/no\/2026\/04\/24\/renault-r5-e-tech\/renault-r5-electric-backseat-640x853\/\" data-orig-file=\"https:\/\/i0.wp.com\/terjebjornstad.com\/no\/wp-content\/uploads\/2026\/04\/renault-r5-electric-backseat-640x853-1.jpg?fit=640%2C853&amp;ssl=1\" data-orig-size=\"640,853\" data-comments-opened=\"1\" data-image-meta=\"{&quot;aperture&quot;:&quot;0&quot;,&quot;credit&quot;:&quot;&quot;,&quot;camera&quot;:&quot;&quot;,&quot;caption&quot;:&quot;&quot;,&quot;created_timestamp&quot;:&quot;0&quot;,&quot;copyright&quot;:&quot;&quot;,&quot;focal_length&quot;:&quot;0&quot;,&quot;iso&quot;:&quot;0&quot;,&quot;shutter_speed&quot;:&quot;0&quot;,&quot;title&quot;:&quot;&quot;,&quot;orientation&quot;:&quot;0&quot;}\" data-image-title=\"renault-r5-electric-backseat-640&amp;#215;853\" data-image-description=\"\" data-image-caption=\"&lt;p&gt;Skal jeg f\u00e5 plass til \u00e5 sitte bak meg selv, m\u00e5 f\u00f8rersetet skyves lengre frem. Framstolene gir lite plass til baksetepassasjerenes f\u00f8tter.&lt;\/p&gt;\n\" data-large-file=\"https:\/\/i0.wp.com\/terjebjornstad.com\/no\/wp-content\/uploads\/2026\/04\/renault-r5-electric-backseat-640x853-1.jpg?fit=640%2C853&amp;ssl=1\" src=\"https:\/\/i0.wp.com\/terjebjornstad.com\/no\/wp-content\/uploads\/2026\/04\/renault-r5-electric-backseat-640x853-1.jpg?resize=640%2C853&#038;ssl=1\" alt=\"Renault R5 E-Tech\" width=\"640\" height=\"853\" class=\"size-full wp-image-92480\" srcset=\"https:\/\/i0.wp.com\/terjebjornstad.com\/no\/wp-content\/uploads\/2026\/04\/renault-r5-electric-backseat-640x853-1.jpg?w=640&amp;ssl=1 640w, https:\/\/i0.wp.com\/terjebjornstad.com\/no\/wp-content\/uploads\/2026\/04\/renault-r5-electric-backseat-640x853-1.jpg?resize=225%2C300&amp;ssl=1 225w\" sizes=\"auto, (max-width: 640px) 100vw, 640px\" \/><\/a><figcaption id=\"caption-attachment-92480\" class=\"wp-caption-text\">Skal jeg f\u00e5 plass til \u00e5 sitte bak meg selv, m\u00e5 f\u00f8rersetet skyves lengre frem. Framstolene gir lite plass til baksetepassasjerenes f\u00f8tter.<\/figcaption><\/figure><\/p>\n<figure id=\"attachment_92481\" aria-describedby=\"caption-attachment-92481\" style=\"width: 1920px\" class=\"wp-caption alignleft\"><a href=\"https:\/\/i0.wp.com\/terjebjornstad.com\/no\/wp-content\/uploads\/2026\/04\/renault-r5-electric-boot-1920x1280-1.jpg?ssl=1\"><img data-recalc-dims=\"1\" loading=\"lazy\" decoding=\"async\" data-attachment-id=\"92481\" data-permalink=\"https:\/\/terjebjornstad.com\/no\/2026\/04\/24\/renault-r5-e-tech\/renault-r5-electric-boot-1920x1280\/\" data-orig-file=\"https:\/\/i0.wp.com\/terjebjornstad.com\/no\/wp-content\/uploads\/2026\/04\/renault-r5-electric-boot-1920x1280-1.jpg?fit=1920%2C1280&amp;ssl=1\" data-orig-size=\"1920,1280\" data-comments-opened=\"1\" data-image-meta=\"{&quot;aperture&quot;:&quot;5.6&quot;,&quot;credit&quot;:&quot;&quot;,&quot;camera&quot;:&quot;DSC-RX100M3&quot;,&quot;caption&quot;:&quot;&quot;,&quot;created_timestamp&quot;:&quot;1776869576&quot;,&quot;copyright&quot;:&quot;&quot;,&quot;focal_length&quot;:&quot;8.8&quot;,&quot;iso&quot;:&quot;125&quot;,&quot;shutter_speed&quot;:&quot;0.01&quot;,&quot;title&quot;:&quot;&quot;,&quot;orientation&quot;:&quot;1&quot;}\" data-image-title=\"renault-r5-electric-boot-1920&amp;#215;1280\" data-image-description=\"\" data-image-caption=\"&lt;p&gt;Et todelt rom p\u00e5 326 liter. Det er plass til batterikablene under et deksel.&lt;\/p&gt;\n\" data-large-file=\"https:\/\/i0.wp.com\/terjebjornstad.com\/no\/wp-content\/uploads\/2026\/04\/renault-r5-electric-boot-1920x1280-1.jpg?fit=980%2C653&amp;ssl=1\" src=\"https:\/\/i0.wp.com\/terjebjornstad.com\/no\/wp-content\/uploads\/2026\/04\/renault-r5-electric-boot-1920x1280-1.jpg?resize=980%2C653&#038;ssl=1\" alt=\"Renault R5 E-Tech\" width=\"980\" height=\"653\" class=\"size-full wp-image-92481\" srcset=\"https:\/\/i0.wp.com\/terjebjornstad.com\/no\/wp-content\/uploads\/2026\/04\/renault-r5-electric-boot-1920x1280-1.jpg?w=1920&amp;ssl=1 1920w, https:\/\/i0.wp.com\/terjebjornstad.com\/no\/wp-content\/uploads\/2026\/04\/renault-r5-electric-boot-1920x1280-1.jpg?resize=300%2C200&amp;ssl=1 300w, https:\/\/i0.wp.com\/terjebjornstad.com\/no\/wp-content\/uploads\/2026\/04\/renault-r5-electric-boot-1920x1280-1.jpg?resize=1080%2C720&amp;ssl=1 1080w, https:\/\/i0.wp.com\/terjebjornstad.com\/no\/wp-content\/uploads\/2026\/04\/renault-r5-electric-boot-1920x1280-1.jpg?resize=768%2C512&amp;ssl=1 768w, https:\/\/i0.wp.com\/terjebjornstad.com\/no\/wp-content\/uploads\/2026\/04\/renault-r5-electric-boot-1920x1280-1.jpg?resize=1536%2C1024&amp;ssl=1 1536w, https:\/\/i0.wp.com\/terjebjornstad.com\/no\/wp-content\/uploads\/2026\/04\/renault-r5-electric-boot-1920x1280-1.jpg?resize=690%2C460&amp;ssl=1 690w, https:\/\/i0.wp.com\/terjebjornstad.com\/no\/wp-content\/uploads\/2026\/04\/renault-r5-electric-boot-1920x1280-1.jpg?resize=980%2C653&amp;ssl=1 980w\" sizes=\"auto, (max-width: 980px) 100vw, 980px\" \/><\/a><figcaption id=\"caption-attachment-92481\" class=\"wp-caption-text\">Et todelt rom p\u00e5 326 liter. Det er plass til batterikablene under et deksel.<\/figcaption><\/figure>\n<p>I en bil med total lengde p\u00e5 3.92 meter kreves det at man gj\u00f8r kompromisser for \u00e5 utnytte plassen. Bagasjerommet er p\u00e5 326 liter inklusive et lite avdelt rom for ladekabler. Det var god plass i f\u00f8rersetet, men det var ikke plass til at jeg kunne sitte bak meg selv. I dette tilfellet fikk jeg ikke skoene skikkelig under setet. Herresko i st\u00f8rrelse 46 regnes som sv\u00e6rt uvanlig i Frankrike.<br \/>\n&nbsp;<br \/>\n\u201cV\u00e5r\u201d Renault R5 har utstyrsgrad <em>Techno<\/em> med <em>Pack Parking, Driving and Safety Assistant<\/em>. Denne utstyrspakken er n\u00f8dvendig for \u00e5 f\u00e5 blindsonevarsler i speilene. En viktig sikkerhetsfunksjon, spesielt hvis flere i husstanden kj\u00f8rer bilen. Samme pakke byr ogs\u00e5 p\u00e5 automatisk parkering. Vi ble for \u00f8vrig fulgt av stemmestyrte \u201cReno\u201d p\u00e5 veien. Han kunne finne radiostasjoner og reisem\u00e5l for oss. Sp\u00f8r du ham om <em>Terjes biler<\/em>, forteller han det gjerne med st\u00f8tte i <em>ChatGPT<\/em>.<br \/>\n&nbsp;<br \/>\n<figure id=\"attachment_92485\" aria-describedby=\"caption-attachment-92485\" style=\"width: 1920px\" class=\"wp-caption alignleft\"><a href=\"https:\/\/i0.wp.com\/terjebjornstad.com\/no\/wp-content\/uploads\/2026\/04\/renault-r5-electric-kiosk-hjulet-1920x1280-1.jpg?ssl=1\"><img data-recalc-dims=\"1\" loading=\"lazy\" decoding=\"async\" data-attachment-id=\"92485\" data-permalink=\"https:\/\/terjebjornstad.com\/no\/2026\/04\/24\/renault-r5-e-tech\/renault-r5-electric-kiosk-hjulet-1920x1280\/\" data-orig-file=\"https:\/\/i0.wp.com\/terjebjornstad.com\/no\/wp-content\/uploads\/2026\/04\/renault-r5-electric-kiosk-hjulet-1920x1280-1.jpg?fit=1920%2C1280&amp;ssl=1\" data-orig-size=\"1920,1280\" data-comments-opened=\"1\" data-image-meta=\"{&quot;aperture&quot;:&quot;0&quot;,&quot;credit&quot;:&quot;&quot;,&quot;camera&quot;:&quot;&quot;,&quot;caption&quot;:&quot;&quot;,&quot;created_timestamp&quot;:&quot;0&quot;,&quot;copyright&quot;:&quot;&quot;,&quot;focal_length&quot;:&quot;0&quot;,&quot;iso&quot;:&quot;0&quot;,&quot;shutter_speed&quot;:&quot;0&quot;,&quot;title&quot;:&quot;&quot;,&quot;orientation&quot;:&quot;0&quot;}\" data-image-title=\"renault-r5-electric-kiosk-hjulet-1920&amp;#215;1280\" data-image-description=\"\" data-image-caption=\"&lt;p&gt;Kiosken p\u00e5 Hjulet samler motorfolk.&lt;\/p&gt;\n\" data-large-file=\"https:\/\/i0.wp.com\/terjebjornstad.com\/no\/wp-content\/uploads\/2026\/04\/renault-r5-electric-kiosk-hjulet-1920x1280-1.jpg?fit=980%2C653&amp;ssl=1\" src=\"https:\/\/i0.wp.com\/terjebjornstad.com\/no\/wp-content\/uploads\/2026\/04\/renault-r5-electric-kiosk-hjulet-1920x1280-1.jpg?resize=980%2C653&#038;ssl=1\" alt=\"Renault R5 E-Tech\" width=\"980\" height=\"653\" class=\"size-full wp-image-92485\" srcset=\"https:\/\/i0.wp.com\/terjebjornstad.com\/no\/wp-content\/uploads\/2026\/04\/renault-r5-electric-kiosk-hjulet-1920x1280-1.jpg?w=1920&amp;ssl=1 1920w, https:\/\/i0.wp.com\/terjebjornstad.com\/no\/wp-content\/uploads\/2026\/04\/renault-r5-electric-kiosk-hjulet-1920x1280-1.jpg?resize=300%2C200&amp;ssl=1 300w, https:\/\/i0.wp.com\/terjebjornstad.com\/no\/wp-content\/uploads\/2026\/04\/renault-r5-electric-kiosk-hjulet-1920x1280-1.jpg?resize=1080%2C720&amp;ssl=1 1080w, https:\/\/i0.wp.com\/terjebjornstad.com\/no\/wp-content\/uploads\/2026\/04\/renault-r5-electric-kiosk-hjulet-1920x1280-1.jpg?resize=768%2C512&amp;ssl=1 768w, https:\/\/i0.wp.com\/terjebjornstad.com\/no\/wp-content\/uploads\/2026\/04\/renault-r5-electric-kiosk-hjulet-1920x1280-1.jpg?resize=1536%2C1024&amp;ssl=1 1536w, https:\/\/i0.wp.com\/terjebjornstad.com\/no\/wp-content\/uploads\/2026\/04\/renault-r5-electric-kiosk-hjulet-1920x1280-1.jpg?resize=690%2C460&amp;ssl=1 690w, https:\/\/i0.wp.com\/terjebjornstad.com\/no\/wp-content\/uploads\/2026\/04\/renault-r5-electric-kiosk-hjulet-1920x1280-1.jpg?resize=980%2C653&amp;ssl=1 980w\" sizes=\"auto, (max-width: 980px) 100vw, 980px\" \/><\/a><figcaption id=\"caption-attachment-92485\" class=\"wp-caption-text\">Kiosken p\u00e5 Hjulet samler motorfolk.<\/figcaption><\/figure><\/p>\n<p>Vi tok blant annet bilen en tur til <em>Oslo Fashion Outlet<\/em> i Vestby for \u00e5 fornye sommergarderoben. I sommertemperaturer burde ikke forbruk og rekkevidde gi noen overraskelser. Det gjorde de ikke heller. Selv med noen radige mil p\u00e5 motorveien, ble ikke forbruket h\u00f8yere enn 13,28 kWh\/100km. Det ville ha gitt en total rekkevidde p\u00e5 390 km. Renault st\u00f8tter ikke kj\u00f8ring med \u00e9n pedal, men kj\u00f8ring med regenerativ bremsing gir en tiln\u00e6rmet funksjon hvor man kun trenger bremsepedalen til full stopp.<br \/>\n&nbsp;<br \/>\nBatteriene kan forvarmes n\u00e5r man velger en ladestasjon i navigasjonssystemet som er registrert av Google Maps. Maks ladehastighet er 100 kW. If\u00f8lge Renault skal man da kunne lade fra 15% til 80% p\u00e5 30 minutter. Med ombordladeren er ladehastigheten 11 kW. Da jeg satte i laderen rett etter en tur i deilig sommerv\u00e6r, dro den raskt opp til 11 kW.<br \/>\n&nbsp;<br \/>\n<figure id=\"attachment_92477\" aria-describedby=\"caption-attachment-92477\" style=\"width: 1280px\" class=\"wp-caption alignleft\"><a href=\"https:\/\/i0.wp.com\/terjebjornstad.com\/no\/wp-content\/uploads\/2026\/04\/renault-r5-electric-1280x1280-1.jpg?ssl=1\"><img data-recalc-dims=\"1\" loading=\"lazy\" decoding=\"async\" data-attachment-id=\"92477\" data-permalink=\"https:\/\/terjebjornstad.com\/no\/2026\/04\/24\/renault-r5-e-tech\/renault-r5-electric-1280x1280\/\" data-orig-file=\"https:\/\/i0.wp.com\/terjebjornstad.com\/no\/wp-content\/uploads\/2026\/04\/renault-r5-electric-1280x1280-1.jpg?fit=1280%2C1280&amp;ssl=1\" data-orig-size=\"1280,1280\" data-comments-opened=\"1\" data-image-meta=\"{&quot;aperture&quot;:&quot;0&quot;,&quot;credit&quot;:&quot;&quot;,&quot;camera&quot;:&quot;&quot;,&quot;caption&quot;:&quot;&quot;,&quot;created_timestamp&quot;:&quot;0&quot;,&quot;copyright&quot;:&quot;&quot;,&quot;focal_length&quot;:&quot;0&quot;,&quot;iso&quot;:&quot;0&quot;,&quot;shutter_speed&quot;:&quot;0&quot;,&quot;title&quot;:&quot;&quot;,&quot;orientation&quot;:&quot;0&quot;}\" data-image-title=\"renault-r5-electric-1280&amp;#215;1280\" data-image-description=\"\" data-image-caption=\"&lt;p&gt;Ett av bilens fine s\u00e6rpreg. &lt;\/p&gt;\n\" data-large-file=\"https:\/\/i0.wp.com\/terjebjornstad.com\/no\/wp-content\/uploads\/2026\/04\/renault-r5-electric-1280x1280-1.jpg?fit=980%2C980&amp;ssl=1\" src=\"https:\/\/i0.wp.com\/terjebjornstad.com\/no\/wp-content\/uploads\/2026\/04\/renault-r5-electric-1280x1280-1.jpg?resize=980%2C980&#038;ssl=1\" alt=\"Ampr\/Small\" width=\"980\" height=\"980\" class=\"size-full wp-image-92477\" srcset=\"https:\/\/i0.wp.com\/terjebjornstad.com\/no\/wp-content\/uploads\/2026\/04\/renault-r5-electric-1280x1280-1.jpg?w=1280&amp;ssl=1 1280w, https:\/\/i0.wp.com\/terjebjornstad.com\/no\/wp-content\/uploads\/2026\/04\/renault-r5-electric-1280x1280-1.jpg?resize=300%2C300&amp;ssl=1 300w, https:\/\/i0.wp.com\/terjebjornstad.com\/no\/wp-content\/uploads\/2026\/04\/renault-r5-electric-1280x1280-1.jpg?resize=1080%2C1080&amp;ssl=1 1080w, https:\/\/i0.wp.com\/terjebjornstad.com\/no\/wp-content\/uploads\/2026\/04\/renault-r5-electric-1280x1280-1.jpg?resize=150%2C150&amp;ssl=1 150w, https:\/\/i0.wp.com\/terjebjornstad.com\/no\/wp-content\/uploads\/2026\/04\/renault-r5-electric-1280x1280-1.jpg?resize=768%2C768&amp;ssl=1 768w, https:\/\/i0.wp.com\/terjebjornstad.com\/no\/wp-content\/uploads\/2026\/04\/renault-r5-electric-1280x1280-1.jpg?resize=690%2C690&amp;ssl=1 690w, https:\/\/i0.wp.com\/terjebjornstad.com\/no\/wp-content\/uploads\/2026\/04\/renault-r5-electric-1280x1280-1.jpg?resize=980%2C980&amp;ssl=1 980w, https:\/\/i0.wp.com\/terjebjornstad.com\/no\/wp-content\/uploads\/2026\/04\/renault-r5-electric-1280x1280-1.jpg?resize=50%2C50&amp;ssl=1 50w\" sizes=\"auto, (max-width: 980px) 100vw, 980px\" \/><\/a><figcaption id=\"caption-attachment-92477\" class=\"wp-caption-text\">Ett av bilens fine s\u00e6rpreg.<\/figcaption><\/figure><\/p>\n<h3 class=\"tebh2\">Standard eller ekstrautstyr?<\/h3>\n<p>Jeg var tidligere inne p\u00e5 konkurransen fra Kina. Flere bilprodusenter satser n\u00e5 p\u00e5 \u00e5 holde p\u00e5 kundene gjennom retro-design og merkelojalitet. Men p\u00e5 ett punkt kan de m\u00f8te veggen i forhold til sine kinesiske konkurrenter. Mye av det som er standard i kinesiske biler, er ekstrautstyr i europeiske biler.<br \/>\n&nbsp;<br \/>\n<figure id=\"attachment_92486\" aria-describedby=\"caption-attachment-92486\" style=\"width: 1280px\" class=\"wp-caption alignleft\"><a href=\"https:\/\/i0.wp.com\/terjebjornstad.com\/no\/wp-content\/uploads\/2026\/04\/renault-r5-electric-parking-1280x1920-1.jpg?ssl=1\"><img data-recalc-dims=\"1\" loading=\"lazy\" decoding=\"async\" data-attachment-id=\"92486\" data-permalink=\"https:\/\/terjebjornstad.com\/no\/2026\/04\/24\/renault-r5-e-tech\/renault-r5-electric-parking-1280x1920\/\" data-orig-file=\"https:\/\/i0.wp.com\/terjebjornstad.com\/no\/wp-content\/uploads\/2026\/04\/renault-r5-electric-parking-1280x1920-1.jpg?fit=1280%2C1920&amp;ssl=1\" data-orig-size=\"1280,1920\" data-comments-opened=\"1\" data-image-meta=\"{&quot;aperture&quot;:&quot;0&quot;,&quot;credit&quot;:&quot;&quot;,&quot;camera&quot;:&quot;&quot;,&quot;caption&quot;:&quot;&quot;,&quot;created_timestamp&quot;:&quot;0&quot;,&quot;copyright&quot;:&quot;&quot;,&quot;focal_length&quot;:&quot;0&quot;,&quot;iso&quot;:&quot;0&quot;,&quot;shutter_speed&quot;:&quot;0&quot;,&quot;title&quot;:&quot;&quot;,&quot;orientation&quot;:&quot;0&quot;}\" data-image-title=\"renault-r5-electric-parking-1280&amp;#215;1920\" data-image-description=\"\" data-image-caption=\"&lt;p&gt;Stilige linjer omkring bakluken.&lt;\/p&gt;\n\" data-large-file=\"https:\/\/i0.wp.com\/terjebjornstad.com\/no\/wp-content\/uploads\/2026\/04\/renault-r5-electric-parking-1280x1920-1.jpg?fit=720%2C1080&amp;ssl=1\" src=\"https:\/\/i0.wp.com\/terjebjornstad.com\/no\/wp-content\/uploads\/2026\/04\/renault-r5-electric-parking-1280x1920-1.jpg?resize=980%2C1470&#038;ssl=1\" alt=\"Renault Ampr\" width=\"980\" height=\"1470\" class=\"size-full wp-image-92486\" srcset=\"https:\/\/i0.wp.com\/terjebjornstad.com\/no\/wp-content\/uploads\/2026\/04\/renault-r5-electric-parking-1280x1920-1.jpg?w=1280&amp;ssl=1 1280w, https:\/\/i0.wp.com\/terjebjornstad.com\/no\/wp-content\/uploads\/2026\/04\/renault-r5-electric-parking-1280x1920-1.jpg?resize=200%2C300&amp;ssl=1 200w, https:\/\/i0.wp.com\/terjebjornstad.com\/no\/wp-content\/uploads\/2026\/04\/renault-r5-electric-parking-1280x1920-1.jpg?resize=720%2C1080&amp;ssl=1 720w, https:\/\/i0.wp.com\/terjebjornstad.com\/no\/wp-content\/uploads\/2026\/04\/renault-r5-electric-parking-1280x1920-1.jpg?resize=768%2C1152&amp;ssl=1 768w, https:\/\/i0.wp.com\/terjebjornstad.com\/no\/wp-content\/uploads\/2026\/04\/renault-r5-electric-parking-1280x1920-1.jpg?resize=1024%2C1536&amp;ssl=1 1024w, https:\/\/i0.wp.com\/terjebjornstad.com\/no\/wp-content\/uploads\/2026\/04\/renault-r5-electric-parking-1280x1920-1.jpg?resize=690%2C1035&amp;ssl=1 690w, https:\/\/i0.wp.com\/terjebjornstad.com\/no\/wp-content\/uploads\/2026\/04\/renault-r5-electric-parking-1280x1920-1.jpg?resize=980%2C1470&amp;ssl=1 980w\" sizes=\"auto, (max-width: 980px) 100vw, 980px\" \/><\/a><figcaption id=\"caption-attachment-92486\" class=\"wp-caption-text\">Stilige linjer omkring bakluken.<\/figcaption><\/figure><\/p>\n<h3 class=\"tebh2\">Under mva-grensen<\/h3>\n<p>Renault R5 er en god kandidat til biler man kan kj\u00f8pe under mva-grensen p\u00e5 300.000 kroner. Det finnes en variant med et mindre batteri og en rekkevidde p\u00e5 310 km, men jeg er sikker p\u00e5 at de fleste vil foretrekke det store batteriet. En bil i utstyrsgrad \u201cEvolution\u201d kryper s\u00e5 vidt under grensen med det store batteriet p\u00e5 52 kW. Utstyr som varmepumpe, ikke-adaptiv fartsholder, parkeringssensor bak og klima er fortsatt standard. Hva man <em>ikke<\/em> f\u00e5r, og heller ikke kan tilleggsbestille, er Google Maps og forvarming av batteriene. Det meste av relevant sikkerhetsutstyr er for \u00f8vrig p\u00e5 plass. Dessverre kan heller ikke pakken med blindsonevarsling bestilles etter som Evolution har enklere ytterspeiler.<br \/>\n&nbsp;<br \/>\nHva som vil f\u00e5 prisen til \u00e5 vippe over 300.000, er f\u00f8lgende:<\/p>\n<ul>\n<li>Annen farge enn \u201cPop Green\u201d koster 12.375 kr (!)<\/li>\n<li>Vinterhjul.<\/li>\n<li>Mange vil nok koste p\u00e5 seg lettmetallsfelger til sommerdekkene og legge vinterdekkene p\u00e5 de medf\u00f8lgende st\u00e5lfelgene.<\/li>\n<li>Baguetteholder (pris ukjent) \ud83d\ude42 <\/li>\n<\/ul>\n<p>&nbsp;<\/p>\n<h3 class=\"tebh2\">Fakta Renault R5 E-Tech<\/h3>\n<p><strong>M\u00e5l og vekt<\/strong><br \/>\nYtre m\u00e5l &#8211; L, B, H: 392 x 177 x 150 cm<br \/>\nAkselavstand: 254 cm<br \/>\nEgenvekt: 1457 kg (uten f\u00f8rer)<br \/>\nNyttelast: 388 kg<br \/>\nAntall seter: 5<br \/>\nMaks hengervekt m\/bremser: 500 kg<br \/>\n&#8211; uten bremser: 500 kg<br \/>\nTaklast: &#8211;<br \/>\n&nbsp;<br \/>\n<strong>Drivverk<\/strong><br \/>\nMotor: Elektrisk plassert foran<br \/>\nEffekt: 150 HK<br \/>\nDreiemoment: 245 Nm<br \/>\nGirkasse: 1 trinns automat<br \/>\nForhjulstrekk<br \/>\n&nbsp;<br \/>\n<strong>Ytelser<\/strong><br \/>\nToppfart: 150 km\/t<br \/>\n0-100: 8.0 sekunder<br \/>\n&nbsp;<br \/>\n<strong>Batteripakke<\/strong><br \/>\nProdusent: AESC (kun celler, pakket av Renault\/Ampr selv).<br \/>\nType: Lithium-ion<br \/>\nBrutto kapasitet: 55 kWh<br \/>\nTotal kapasitet til bruk: 52 kWh<br \/>\nVarmepumpe<br \/>\n&nbsp;<br \/>\n<strong>Rekkevidde og forbruk<\/strong><br \/>\nWLTP: 410 km (kombinert)<br \/>\nOppgitt forbruk WLTP: 15,0 kWh\/100km<br \/>\nReelt forbruk test: 13,3 kWh\/100km<br \/>\n&nbsp;<br \/>\n<strong>Lading<\/strong><br \/>\nKontakter: Type2 og CSS<br \/>\nOmbordlader: 11kW<br \/>\nLadetid Type2, 11kW, 15-80%: 3t 15 min.<br \/>\nLadetid CSS, 150kW, 15-80%: 30 min.<br \/>\nForvarming av batteriene: Ja biler med Google Maps.<br \/>\n&nbsp;<br \/>\n<strong>Bagasjerom<\/strong><br \/>\nSom 5-seter: 326 liter<br \/>\nSom 2-seter: 1106 liter<br \/>\n&nbsp;<br \/>\n<strong>Dekk<\/strong><br \/>\nDimensjon: 195\/55R18 H XL<br \/>\nType: Vinterdekk uten pigger<br \/>\nMerke: Continental VikingContact 7<br \/>\n&nbsp;<br \/>\n<strong>Priser<\/strong><br \/>\nPris: 339.900,- (52 kWh, Techno)<br \/>\nPack parking, driving &amp; safety assist: 12.375,-<br \/>\nLakktillegg: 0<br \/>\n&nbsp;<br \/>\n<strong>Om bilen<\/strong><br \/>\nProduksjonssted: Douai, Frankrike<br \/>\nFarge: Pop Green<br \/>\nUtstyrsgrad: Techno<br \/>\nEier: Volkswagen M\u00f8ller Bilfinans<br \/>\nModell: 2026<br \/>\nKm-stand: Ny<br \/>\nKilde: <strong><a href=\"https:\/\/renault.no\" target=\"_blank\">Renault.no<\/a><\/strong>, <strong><a href=\"https:\/\/vegvesen.no\" target=\"_blank\">Vegvesen.no<\/a><\/strong><br \/>\n&nbsp;<br \/>\n<figure id=\"attachment_92487\" aria-describedby=\"caption-attachment-92487\" style=\"width: 640px\" class=\"wp-caption alignleft\"><a href=\"https:\/\/i0.wp.com\/terjebjornstad.com\/no\/wp-content\/uploads\/2026\/04\/renault-r5-electric-travel-info-640x853-1.jpg?ssl=1\"><img data-recalc-dims=\"1\" loading=\"lazy\" decoding=\"async\" data-attachment-id=\"92487\" data-permalink=\"https:\/\/terjebjornstad.com\/no\/2026\/04\/24\/renault-r5-e-tech\/renault-r5-electric-travel-info-640x853\/\" data-orig-file=\"https:\/\/i0.wp.com\/terjebjornstad.com\/no\/wp-content\/uploads\/2026\/04\/renault-r5-electric-travel-info-640x853-1.jpg?fit=640%2C853&amp;ssl=1\" data-orig-size=\"640,853\" data-comments-opened=\"1\" data-image-meta=\"{&quot;aperture&quot;:&quot;1.6&quot;,&quot;credit&quot;:&quot;&quot;,&quot;camera&quot;:&quot;iPhone 12 Pro Max&quot;,&quot;caption&quot;:&quot;&quot;,&quot;created_timestamp&quot;:&quot;1776857629&quot;,&quot;copyright&quot;:&quot;&quot;,&quot;focal_length&quot;:&quot;5.1&quot;,&quot;iso&quot;:&quot;200&quot;,&quot;shutter_speed&quot;:&quot;0.02&quot;,&quot;title&quot;:&quot;&quot;,&quot;orientation&quot;:&quot;1&quot;}\" data-image-title=\"renault-r5-electric-travel-info-640&amp;#215;853\" data-image-description=\"\" data-image-caption=\"&lt;p&gt;Info fra navigasjonssystemet.&lt;\/p&gt;\n\" data-large-file=\"https:\/\/i0.wp.com\/terjebjornstad.com\/no\/wp-content\/uploads\/2026\/04\/renault-r5-electric-travel-info-640x853-1.jpg?fit=640%2C853&amp;ssl=1\" src=\"https:\/\/i0.wp.com\/terjebjornstad.com\/no\/wp-content\/uploads\/2026\/04\/renault-r5-electric-travel-info-640x853-1.jpg?resize=640%2C853&#038;ssl=1\" alt=\"Ampr\" width=\"640\" height=\"853\" class=\"size-full wp-image-92487\" srcset=\"https:\/\/i0.wp.com\/terjebjornstad.com\/no\/wp-content\/uploads\/2026\/04\/renault-r5-electric-travel-info-640x853-1.jpg?w=640&amp;ssl=1 640w, https:\/\/i0.wp.com\/terjebjornstad.com\/no\/wp-content\/uploads\/2026\/04\/renault-r5-electric-travel-info-640x853-1.jpg?resize=225%2C300&amp;ssl=1 225w\" sizes=\"auto, (max-width: 640px) 100vw, 640px\" \/><\/a><figcaption id=\"caption-attachment-92487\" class=\"wp-caption-text\">Info fra navigasjonssystemet.<\/figcaption><\/figure><\/p>\n<h3 class=\"tebh2\">Se ogs\u00e5<\/h3>\n<p><figure id=\"attachment_46973\" aria-describedby=\"caption-attachment-46973\" style=\"width: 150px\" class=\"wp-caption alignleft\"><a href=\"https:\/\/terjebjornstad.com\/no\/2022\/02\/22\/nye-renault-5-zoe-etterolger\"><img data-recalc-dims=\"1\" loading=\"lazy\" decoding=\"async\" data-attachment-id=\"46973\" data-permalink=\"https:\/\/terjebjornstad.com\/no\/2022\/02\/22\/nye-renault-5-zoe-etterolger\/2021-renault-5-prototype-1080x617\/\" data-orig-file=\"https:\/\/i0.wp.com\/terjebjornstad.com\/no\/wp-content\/uploads\/2022\/02\/2021-Renault-5-Prototype-1080x617-1.png?fit=1080%2C617&amp;ssl=1\" data-orig-size=\"1080,617\" data-comments-opened=\"1\" data-image-meta=\"{&quot;aperture&quot;:&quot;0&quot;,&quot;credit&quot;:&quot;&quot;,&quot;camera&quot;:&quot;&quot;,&quot;caption&quot;:&quot;&quot;,&quot;created_timestamp&quot;:&quot;0&quot;,&quot;copyright&quot;:&quot;&quot;,&quot;focal_length&quot;:&quot;0&quot;,&quot;iso&quot;:&quot;0&quot;,&quot;shutter_speed&quot;:&quot;0&quot;,&quot;title&quot;:&quot;&quot;,&quot;orientation&quot;:&quot;0&quot;}\" data-image-title=\"2021-Renault-5-Prototype-1080&amp;#215;617\" data-image-description=\"\" data-image-caption=\"&lt;p&gt;Femmern kommer tilbake&lt;\/p&gt;\n\" data-large-file=\"https:\/\/i0.wp.com\/terjebjornstad.com\/no\/wp-content\/uploads\/2022\/02\/2021-Renault-5-Prototype-1080x617-1.png?fit=980%2C560&amp;ssl=1\" src=\"https:\/\/i0.wp.com\/terjebjornstad.com\/no\/wp-content\/uploads\/2022\/02\/2021-Renault-5-Prototype-1080x617-1.png?resize=150%2C150&#038;ssl=1\" alt=\"\" width=\"150\" height=\"150\" class=\"size-thumbnail wp-image-46973\" srcset=\"https:\/\/i0.wp.com\/terjebjornstad.com\/no\/wp-content\/uploads\/2022\/02\/2021-Renault-5-Prototype-1080x617-1.png?resize=150%2C150&amp;ssl=1 150w, https:\/\/i0.wp.com\/terjebjornstad.com\/no\/wp-content\/uploads\/2022\/02\/2021-Renault-5-Prototype-1080x617-1.png?resize=50%2C50&amp;ssl=1 50w, https:\/\/i0.wp.com\/terjebjornstad.com\/no\/wp-content\/uploads\/2022\/02\/2021-Renault-5-Prototype-1080x617-1.png?zoom=2&amp;resize=150%2C150&amp;ssl=1 300w, https:\/\/i0.wp.com\/terjebjornstad.com\/no\/wp-content\/uploads\/2022\/02\/2021-Renault-5-Prototype-1080x617-1.png?zoom=3&amp;resize=150%2C150&amp;ssl=1 450w\" sizes=\"auto, (max-width: 150px) 100vw, 150px\" \/><\/a><figcaption id=\"caption-attachment-46973\" class=\"wp-caption-text\">Femmern kommer tilbake<\/figcaption><\/figure><figure id=\"attachment_85287\" aria-describedby=\"caption-attachment-85287\" style=\"width: 150px\" class=\"wp-caption alignleft\"><a href=\"https:\/\/terjebjornstad.com\/no\/2025\/10\/13\/renault-scenic-e-tech\/\"><img data-recalc-dims=\"1\" loading=\"lazy\" decoding=\"async\" data-attachment-id=\"85287\" data-permalink=\"https:\/\/terjebjornstad.com\/no\/2025\/10\/13\/renault-scenic-e-tech\/renault-scenic-e-tech-10-1920x1440\/\" data-orig-file=\"https:\/\/i0.wp.com\/terjebjornstad.com\/no\/wp-content\/uploads\/2025\/10\/renault-scenic-e-tech-10-1920x1440-1.jpg?fit=1920%2C1440&amp;ssl=1\" data-orig-size=\"1920,1440\" data-comments-opened=\"1\" data-image-meta=\"{&quot;aperture&quot;:&quot;0&quot;,&quot;credit&quot;:&quot;&quot;,&quot;camera&quot;:&quot;&quot;,&quot;caption&quot;:&quot;&quot;,&quot;created_timestamp&quot;:&quot;0&quot;,&quot;copyright&quot;:&quot;&quot;,&quot;focal_length&quot;:&quot;0&quot;,&quot;iso&quot;:&quot;0&quot;,&quot;shutter_speed&quot;:&quot;0&quot;,&quot;title&quot;:&quot;&quot;,&quot;orientation&quot;:&quot;0&quot;}\" data-image-title=\"renault-scenic-e-tech-10-1920&amp;#215;1440\" data-image-description=\"\" data-image-caption=\"&lt;p&gt;Renault Scenic E-Tech&lt;\/p&gt;\n\" data-large-file=\"https:\/\/i0.wp.com\/terjebjornstad.com\/no\/wp-content\/uploads\/2025\/10\/renault-scenic-e-tech-10-1920x1440-1.jpg?fit=980%2C735&amp;ssl=1\" src=\"https:\/\/i0.wp.com\/terjebjornstad.com\/no\/wp-content\/uploads\/2025\/10\/renault-scenic-e-tech-10-1920x1440-1.jpg?resize=150%2C150&#038;ssl=1\" alt=\"\" width=\"150\" height=\"150\" class=\"size-thumbnail wp-image-85287\" srcset=\"https:\/\/i0.wp.com\/terjebjornstad.com\/no\/wp-content\/uploads\/2025\/10\/renault-scenic-e-tech-10-1920x1440-1.jpg?resize=150%2C150&amp;ssl=1 150w, https:\/\/i0.wp.com\/terjebjornstad.com\/no\/wp-content\/uploads\/2025\/10\/renault-scenic-e-tech-10-1920x1440-1.jpg?resize=50%2C50&amp;ssl=1 50w, https:\/\/i0.wp.com\/terjebjornstad.com\/no\/wp-content\/uploads\/2025\/10\/renault-scenic-e-tech-10-1920x1440-1.jpg?zoom=2&amp;resize=150%2C150&amp;ssl=1 300w, https:\/\/i0.wp.com\/terjebjornstad.com\/no\/wp-content\/uploads\/2025\/10\/renault-scenic-e-tech-10-1920x1440-1.jpg?zoom=3&amp;resize=150%2C150&amp;ssl=1 450w\" sizes=\"auto, (max-width: 150px) 100vw, 150px\" \/><\/a><figcaption id=\"caption-attachment-85287\" class=\"wp-caption-text\">Renault Scenic E-Tech<\/figcaption><\/figure><\/p>\n<h6><\/h6>\n<p><strong><a href=\"https:\/\/renault.no\" target=\"_blank\">Renault.no<\/a><\/strong><\/p>\n<h6><\/h6>\n<\/div>\n","protected":false,"gt_translate_keys":[{"key":"rendered","format":"html"}]},"excerpt":{"rendered":"<p>Det er p\u00e5fallende hvor mange elektriske biler som ser helt like ut. Hensyn til batterikapasitet, vindtunnel og kunstig intelligens bidrar til \u00e5 forme nye biler i samme lest. Etter hvert kan merkeidentiteten forsvinne, og med den ogs\u00e5 kundenes lojalitet. &nbsp; Da Renault lanserte en elektrisk bil med likhetstrekk til \u00e9n av sine st\u00f8rste suksesser noensinne, [&hellip;]<\/p>\n","protected":false,"gt_translate_keys":[{"key":"rendered","format":"html"}]},"author":1,"featured_media":92485,"comment_status":"open","ping_status":"open","sticky":false,"template":"","format":"standard","meta":{"_monsterinsights_skip_tracking":false,"_monsterinsights_sitenote_active":false,"_monsterinsights_sitenote_note":"","_monsterinsights_sitenote_category":0,"jetpack_post_was_ever_published":false,"_jetpack_newsletter_access":"","_jetpack_dont_email_post_to_subs":false,"_jetpack_newsletter_tier_id":0,"_jetpack_memberships_contains_paywalled_content":false,"_jetpack_memberships_contains_paid_content":false,"footnotes":"","jetpack_publicize_message":"","jetpack_publicize_feature_enabled":true,"jetpack_social_post_already_shared":true,"jetpack_social_options":{"image_generator_settings":{"template":"highway","default_image_id":0,"font":"","enabled":false},"version":2}},"categories":[34,4132,5608],"tags":[5610,5609],"class_list":["post-92494","post","type-post","status-publish","format-standard","has-post-thumbnail","hentry","category-artikkel","category-r5","category-renault-r5-e-tech","tag-r5-electric","tag-renault-r5-electric"],"yoast_head":"<!-- This site is optimized with the Yoast SEO plugin v27.5 - https:\/\/yoast.com\/product\/yoast-seo-wordpress\/ -->\n<title>Renault R5 E-Tech - Terjes biler<\/title>\n<meta name=\"description\" content=\"Under det pop-gr\u00f8nne skallet p\u00e5 Renault R5 E-Tech befinner det seg en ny, men ganske alminnelig elektrisk crossover\/SUV.\" \/>\n<meta name=\"robots\" content=\"index, follow, max-snippet:-1, max-image-preview:large, max-video-preview:-1\" \/>\n<link rel=\"canonical\" href=\"https:\/\/terjebjornstad.com\/no\/2026\/04\/24\/renault-r5-e-tech\/\" \/>\n<meta property=\"og:locale\" content=\"nb_NO\" \/>\n<meta property=\"og:type\" content=\"article\" \/>\n<meta property=\"og:title\" content=\"Renault R5 E-Tech - Terjes biler\" \/>\n<meta property=\"og:description\" content=\"Under det pop-gr\u00f8nne skallet p\u00e5 Renault R5 E-Tech befinner det seg en ny, men ganske alminnelig elektrisk crossover\/SUV.\" \/>\n<meta property=\"og:url\" content=\"https:\/\/terjebjornstad.com\/no\/2026\/04\/24\/renault-r5-e-tech\/\" \/>\n<meta property=\"og:site_name\" content=\"Terjes biler\" \/>\n<meta property=\"article:publisher\" content=\"https:\/\/www.facebook.com\/terjesbiler\/\" \/>\n<meta property=\"article:author\" content=\"https:\/\/www.facebook.com\/terjesbiler\" \/>\n<meta property=\"article:published_time\" content=\"2026-04-23T23:14:51+00:00\" \/>\n<meta property=\"article:modified_time\" content=\"2026-04-29T21:31:54+00:00\" \/>\n<meta property=\"og:image\" content=\"https:\/\/terjebjornstad.com\/no\/wp-content\/uploads\/2026\/04\/renault-r5-electric-kiosk-hjulet-1920x1280-1.jpg\" \/>\n\t<meta property=\"og:image:width\" content=\"1920\" \/>\n\t<meta property=\"og:image:height\" content=\"1280\" \/>\n\t<meta property=\"og:image:type\" content=\"image\/jpeg\" \/>\n<meta name=\"author\" content=\"Terje Bj\u00f8rnstad\" \/>\n<meta name=\"twitter:card\" content=\"summary_large_image\" \/>\n<meta name=\"twitter:label1\" content=\"Skrevet av\" \/>\n\t<meta name=\"twitter:data1\" content=\"Terje Bj\u00f8rnstad\" \/>\n\t<meta name=\"twitter:label2\" content=\"Ansl. lesetid\" \/>\n\t<meta name=\"twitter:data2\" content=\"10 minutter\" \/>\n<script type=\"application\/ld+json\" class=\"yoast-schema-graph\">{\"@context\":\"https:\\\/\\\/schema.org\",\"@graph\":[{\"@type\":\"Article\",\"@id\":\"https:\\\/\\\/terjebjornstad.com\\\/no\\\/2026\\\/04\\\/24\\\/renault-r5-e-tech\\\/#article\",\"isPartOf\":{\"@id\":\"https:\\\/\\\/terjebjornstad.com\\\/no\\\/2026\\\/04\\\/24\\\/renault-r5-e-tech\\\/\"},\"author\":{\"name\":\"Terje Bj\u00f8rnstad\",\"@id\":\"https:\\\/\\\/terjebjornstad.com\\\/no\\\/#\\\/schema\\\/person\\\/a281f6a6e0f3cc9fe468e7f0c655aa65\"},\"headline\":\"Renault R5 E-Tech\",\"datePublished\":\"2026-04-23T23:14:51+00:00\",\"dateModified\":\"2026-04-29T21:31:54+00:00\",\"mainEntityOfPage\":{\"@id\":\"https:\\\/\\\/terjebjornstad.com\\\/no\\\/2026\\\/04\\\/24\\\/renault-r5-e-tech\\\/\"},\"wordCount\":1453,\"commentCount\":1,\"publisher\":{\"@id\":\"https:\\\/\\\/terjebjornstad.com\\\/no\\\/#organization\"},\"image\":{\"@id\":\"https:\\\/\\\/terjebjornstad.com\\\/no\\\/2026\\\/04\\\/24\\\/renault-r5-e-tech\\\/#primaryimage\"},\"thumbnailUrl\":\"https:\\\/\\\/i0.wp.com\\\/terjebjornstad.com\\\/no\\\/wp-content\\\/uploads\\\/2026\\\/04\\\/renault-r5-electric-kiosk-hjulet-1920x1280-1.jpg?fit=1920%2C1280&ssl=1\",\"keywords\":[\"R5 Electric\",\"Renault R5 Electric\"],\"articleSection\":[\"Artikkel\",\"R5\",\"Renault R5 E-Tech\"],\"inLanguage\":\"nb-NO\",\"potentialAction\":[{\"@type\":\"CommentAction\",\"name\":\"Comment\",\"target\":[\"https:\\\/\\\/terjebjornstad.com\\\/no\\\/2026\\\/04\\\/24\\\/renault-r5-e-tech\\\/#respond\"]}]},{\"@type\":\"WebPage\",\"@id\":\"https:\\\/\\\/terjebjornstad.com\\\/no\\\/2026\\\/04\\\/24\\\/renault-r5-e-tech\\\/\",\"url\":\"https:\\\/\\\/terjebjornstad.com\\\/no\\\/2026\\\/04\\\/24\\\/renault-r5-e-tech\\\/\",\"name\":\"Renault R5 E-Tech - Terjes biler\",\"isPartOf\":{\"@id\":\"https:\\\/\\\/terjebjornstad.com\\\/no\\\/#website\"},\"primaryImageOfPage\":{\"@id\":\"https:\\\/\\\/terjebjornstad.com\\\/no\\\/2026\\\/04\\\/24\\\/renault-r5-e-tech\\\/#primaryimage\"},\"image\":{\"@id\":\"https:\\\/\\\/terjebjornstad.com\\\/no\\\/2026\\\/04\\\/24\\\/renault-r5-e-tech\\\/#primaryimage\"},\"thumbnailUrl\":\"https:\\\/\\\/i0.wp.com\\\/terjebjornstad.com\\\/no\\\/wp-content\\\/uploads\\\/2026\\\/04\\\/renault-r5-electric-kiosk-hjulet-1920x1280-1.jpg?fit=1920%2C1280&ssl=1\",\"datePublished\":\"2026-04-23T23:14:51+00:00\",\"dateModified\":\"2026-04-29T21:31:54+00:00\",\"description\":\"Under det pop-gr\u00f8nne skallet p\u00e5 Renault R5 E-Tech befinner det seg en ny, men ganske alminnelig elektrisk crossover\\\/SUV.\",\"breadcrumb\":{\"@id\":\"https:\\\/\\\/terjebjornstad.com\\\/no\\\/2026\\\/04\\\/24\\\/renault-r5-e-tech\\\/#breadcrumb\"},\"inLanguage\":\"nb-NO\",\"potentialAction\":[{\"@type\":\"ReadAction\",\"target\":[\"https:\\\/\\\/terjebjornstad.com\\\/no\\\/2026\\\/04\\\/24\\\/renault-r5-e-tech\\\/\"]}]},{\"@type\":\"ImageObject\",\"inLanguage\":\"nb-NO\",\"@id\":\"https:\\\/\\\/terjebjornstad.com\\\/no\\\/2026\\\/04\\\/24\\\/renault-r5-e-tech\\\/#primaryimage\",\"url\":\"https:\\\/\\\/i0.wp.com\\\/terjebjornstad.com\\\/no\\\/wp-content\\\/uploads\\\/2026\\\/04\\\/renault-r5-electric-kiosk-hjulet-1920x1280-1.jpg?fit=1920%2C1280&ssl=1\",\"contentUrl\":\"https:\\\/\\\/i0.wp.com\\\/terjebjornstad.com\\\/no\\\/wp-content\\\/uploads\\\/2026\\\/04\\\/renault-r5-electric-kiosk-hjulet-1920x1280-1.jpg?fit=1920%2C1280&ssl=1\",\"width\":1920,\"height\":1280,\"caption\":\"Kiosken p\u00e5 Hjulet samler motorfolk.\"},{\"@type\":\"BreadcrumbList\",\"@id\":\"https:\\\/\\\/terjebjornstad.com\\\/no\\\/2026\\\/04\\\/24\\\/renault-r5-e-tech\\\/#breadcrumb\",\"itemListElement\":[{\"@type\":\"ListItem\",\"position\":1,\"name\":\"Hjem\",\"item\":\"https:\\\/\\\/terjebjornstad.com\\\/no\\\/\"},{\"@type\":\"ListItem\",\"position\":2,\"name\":\"Renault R5 E-Tech\"}]},{\"@type\":\"WebSite\",\"@id\":\"https:\\\/\\\/terjebjornstad.com\\\/no\\\/#website\",\"url\":\"https:\\\/\\\/terjebjornstad.com\\\/no\\\/\",\"name\":\"Terjes biler\",\"description\":\"HONEST ABOUT CARS\",\"publisher\":{\"@id\":\"https:\\\/\\\/terjebjornstad.com\\\/no\\\/#organization\"},\"alternateName\":\"Terjebjornstad.com\",\"potentialAction\":[{\"@type\":\"SearchAction\",\"target\":{\"@type\":\"EntryPoint\",\"urlTemplate\":\"https:\\\/\\\/terjebjornstad.com\\\/no\\\/?s={search_term_string}\"},\"query-input\":{\"@type\":\"PropertyValueSpecification\",\"valueRequired\":true,\"valueName\":\"search_term_string\"}}],\"inLanguage\":\"nb-NO\"},{\"@type\":\"Organization\",\"@id\":\"https:\\\/\\\/terjebjornstad.com\\\/no\\\/#organization\",\"name\":\"Terje Bj\u00f8rnstad ENK\",\"url\":\"https:\\\/\\\/terjebjornstad.com\\\/no\\\/\",\"logo\":{\"@type\":\"ImageObject\",\"inLanguage\":\"nb-NO\",\"@id\":\"https:\\\/\\\/terjebjornstad.com\\\/no\\\/#\\\/schema\\\/logo\\\/image\\\/\",\"url\":\"https:\\\/\\\/i0.wp.com\\\/terjebjornstad.com\\\/no\\\/wp-content\\\/uploads\\\/2026\\\/02\\\/terjesbiler2024-960x354-1.png?fit=960%2C354&ssl=1\",\"contentUrl\":\"https:\\\/\\\/i0.wp.com\\\/terjebjornstad.com\\\/no\\\/wp-content\\\/uploads\\\/2026\\\/02\\\/terjesbiler2024-960x354-1.png?fit=960%2C354&ssl=1\",\"width\":960,\"height\":354,\"caption\":\"Terje Bj\u00f8rnstad ENK\"},\"image\":{\"@id\":\"https:\\\/\\\/terjebjornstad.com\\\/no\\\/#\\\/schema\\\/logo\\\/image\\\/\"},\"sameAs\":[\"https:\\\/\\\/www.facebook.com\\\/terjesbiler\\\/\",\"https:\\\/\\\/www.instagram.com\\\/terjesbiler\\\/\",\"https:\\\/\\\/www.pinteres.com\\\/terjebjrnstad\\\/terjes-biler\\\/\"]},{\"@type\":\"Person\",\"@id\":\"https:\\\/\\\/terjebjornstad.com\\\/no\\\/#\\\/schema\\\/person\\\/a281f6a6e0f3cc9fe468e7f0c655aa65\",\"name\":\"Terje Bj\u00f8rnstad\",\"image\":{\"@type\":\"ImageObject\",\"inLanguage\":\"nb-NO\",\"@id\":\"https:\\\/\\\/secure.gravatar.com\\\/avatar\\\/e8dff505b51cf6cb67ae06a06022d2049aac2da1e79dc146a36b58798c4b40ea?s=96&d=mm&r=g\",\"url\":\"https:\\\/\\\/secure.gravatar.com\\\/avatar\\\/e8dff505b51cf6cb67ae06a06022d2049aac2da1e79dc146a36b58798c4b40ea?s=96&d=mm&r=g\",\"contentUrl\":\"https:\\\/\\\/secure.gravatar.com\\\/avatar\\\/e8dff505b51cf6cb67ae06a06022d2049aac2da1e79dc146a36b58798c4b40ea?s=96&d=mm&r=g\",\"caption\":\"Terje Bj\u00f8rnstad\"},\"description\":\"Terje Bj\u00f8rnstad. Bloggadministrator, hobbyfotograf og bilnerd.\",\"sameAs\":[\"https:\\\/\\\/www.facebook.com\\\/terjesbiler\",\"https:\\\/\\\/www.instagram.com\\\/terjesbiler\",\"https:\\\/\\\/no.pinterest.com\\\/terjebjrnstad\",\"https:\\\/\\\/www.youtube.com\\\/channel\\\/UCzCKJJDybyIgKqatc_JQqIg\"]}]}<\/script>\n<!-- \/ Yoast SEO plugin. -->","yoast_head_json":{"title":"Renault R5 E-Tech - Terjes biler","description":"Under det pop-gr\u00f8nne skallet p\u00e5 Renault R5 E-Tech befinner det seg en ny, men ganske alminnelig elektrisk crossover\/SUV.","robots":{"index":"index","follow":"follow","max-snippet":"max-snippet:-1","max-image-preview":"max-image-preview:large","max-video-preview":"max-video-preview:-1"},"canonical":"https:\/\/terjebjornstad.com\/no\/2026\/04\/24\/renault-r5-e-tech\/","og_locale":"nb_NO","og_type":"article","og_title":"Renault R5 E-Tech - Terjes biler","og_description":"Under det pop-gr\u00f8nne skallet p\u00e5 Renault R5 E-Tech befinner det seg en ny, men ganske alminnelig elektrisk crossover\/SUV.","og_url":"https:\/\/terjebjornstad.com\/no\/2026\/04\/24\/renault-r5-e-tech\/","og_site_name":"Terjes biler","article_publisher":"https:\/\/www.facebook.com\/terjesbiler\/","article_author":"https:\/\/www.facebook.com\/terjesbiler","article_published_time":"2026-04-23T23:14:51+00:00","article_modified_time":"2026-04-29T21:31:54+00:00","og_image":[{"width":1920,"height":1280,"url":"https:\/\/terjebjornstad.com\/no\/wp-content\/uploads\/2026\/04\/renault-r5-electric-kiosk-hjulet-1920x1280-1.jpg","type":"image\/jpeg"}],"author":"Terje Bj\u00f8rnstad","twitter_card":"summary_large_image","twitter_misc":{"Skrevet av":"Terje Bj\u00f8rnstad","Ansl. lesetid":"10 minutter"},"schema":{"@context":"https:\/\/schema.org","@graph":[{"@type":"Article","@id":"https:\/\/terjebjornstad.com\/no\/2026\/04\/24\/renault-r5-e-tech\/#article","isPartOf":{"@id":"https:\/\/terjebjornstad.com\/no\/2026\/04\/24\/renault-r5-e-tech\/"},"author":{"name":"Terje Bj\u00f8rnstad","@id":"https:\/\/terjebjornstad.com\/no\/#\/schema\/person\/a281f6a6e0f3cc9fe468e7f0c655aa65"},"headline":"Renault R5 E-Tech","datePublished":"2026-04-23T23:14:51+00:00","dateModified":"2026-04-29T21:31:54+00:00","mainEntityOfPage":{"@id":"https:\/\/terjebjornstad.com\/no\/2026\/04\/24\/renault-r5-e-tech\/"},"wordCount":1453,"commentCount":1,"publisher":{"@id":"https:\/\/terjebjornstad.com\/no\/#organization"},"image":{"@id":"https:\/\/terjebjornstad.com\/no\/2026\/04\/24\/renault-r5-e-tech\/#primaryimage"},"thumbnailUrl":"https:\/\/i0.wp.com\/terjebjornstad.com\/no\/wp-content\/uploads\/2026\/04\/renault-r5-electric-kiosk-hjulet-1920x1280-1.jpg?fit=1920%2C1280&ssl=1","keywords":["R5 Electric","Renault R5 Electric"],"articleSection":["Artikkel","R5","Renault R5 E-Tech"],"inLanguage":"nb-NO","potentialAction":[{"@type":"CommentAction","name":"Comment","target":["https:\/\/terjebjornstad.com\/no\/2026\/04\/24\/renault-r5-e-tech\/#respond"]}]},{"@type":"WebPage","@id":"https:\/\/terjebjornstad.com\/no\/2026\/04\/24\/renault-r5-e-tech\/","url":"https:\/\/terjebjornstad.com\/no\/2026\/04\/24\/renault-r5-e-tech\/","name":"Renault R5 E-Tech - Terjes biler","isPartOf":{"@id":"https:\/\/terjebjornstad.com\/no\/#website"},"primaryImageOfPage":{"@id":"https:\/\/terjebjornstad.com\/no\/2026\/04\/24\/renault-r5-e-tech\/#primaryimage"},"image":{"@id":"https:\/\/terjebjornstad.com\/no\/2026\/04\/24\/renault-r5-e-tech\/#primaryimage"},"thumbnailUrl":"https:\/\/i0.wp.com\/terjebjornstad.com\/no\/wp-content\/uploads\/2026\/04\/renault-r5-electric-kiosk-hjulet-1920x1280-1.jpg?fit=1920%2C1280&ssl=1","datePublished":"2026-04-23T23:14:51+00:00","dateModified":"2026-04-29T21:31:54+00:00","description":"Under det pop-gr\u00f8nne skallet p\u00e5 Renault R5 E-Tech befinner det seg en ny, men ganske alminnelig elektrisk crossover\/SUV.","breadcrumb":{"@id":"https:\/\/terjebjornstad.com\/no\/2026\/04\/24\/renault-r5-e-tech\/#breadcrumb"},"inLanguage":"nb-NO","potentialAction":[{"@type":"ReadAction","target":["https:\/\/terjebjornstad.com\/no\/2026\/04\/24\/renault-r5-e-tech\/"]}]},{"@type":"ImageObject","inLanguage":"nb-NO","@id":"https:\/\/terjebjornstad.com\/no\/2026\/04\/24\/renault-r5-e-tech\/#primaryimage","url":"https:\/\/i0.wp.com\/terjebjornstad.com\/no\/wp-content\/uploads\/2026\/04\/renault-r5-electric-kiosk-hjulet-1920x1280-1.jpg?fit=1920%2C1280&ssl=1","contentUrl":"https:\/\/i0.wp.com\/terjebjornstad.com\/no\/wp-content\/uploads\/2026\/04\/renault-r5-electric-kiosk-hjulet-1920x1280-1.jpg?fit=1920%2C1280&ssl=1","width":1920,"height":1280,"caption":"Kiosken p\u00e5 Hjulet samler motorfolk."},{"@type":"BreadcrumbList","@id":"https:\/\/terjebjornstad.com\/no\/2026\/04\/24\/renault-r5-e-tech\/#breadcrumb","itemListElement":[{"@type":"ListItem","position":1,"name":"Hjem","item":"https:\/\/terjebjornstad.com\/no\/"},{"@type":"ListItem","position":2,"name":"Renault R5 E-Tech"}]},{"@type":"WebSite","@id":"https:\/\/terjebjornstad.com\/no\/#website","url":"https:\/\/terjebjornstad.com\/no\/","name":"Terjes biler","description":"HONEST ABOUT CARS","publisher":{"@id":"https:\/\/terjebjornstad.com\/no\/#organization"},"alternateName":"Terjebjornstad.com","potentialAction":[{"@type":"SearchAction","target":{"@type":"EntryPoint","urlTemplate":"https:\/\/terjebjornstad.com\/no\/?s={search_term_string}"},"query-input":{"@type":"PropertyValueSpecification","valueRequired":true,"valueName":"search_term_string"}}],"inLanguage":"nb-NO"},{"@type":"Organization","@id":"https:\/\/terjebjornstad.com\/no\/#organization","name":"Terje Bj\u00f8rnstad ENK","url":"https:\/\/terjebjornstad.com\/no\/","logo":{"@type":"ImageObject","inLanguage":"nb-NO","@id":"https:\/\/terjebjornstad.com\/no\/#\/schema\/logo\/image\/","url":"https:\/\/i0.wp.com\/terjebjornstad.com\/no\/wp-content\/uploads\/2026\/02\/terjesbiler2024-960x354-1.png?fit=960%2C354&ssl=1","contentUrl":"https:\/\/i0.wp.com\/terjebjornstad.com\/no\/wp-content\/uploads\/2026\/02\/terjesbiler2024-960x354-1.png?fit=960%2C354&ssl=1","width":960,"height":354,"caption":"Terje Bj\u00f8rnstad ENK"},"image":{"@id":"https:\/\/terjebjornstad.com\/no\/#\/schema\/logo\/image\/"},"sameAs":["https:\/\/www.facebook.com\/terjesbiler\/","https:\/\/www.instagram.com\/terjesbiler\/","https:\/\/www.pinteres.com\/terjebjrnstad\/terjes-biler\/"]},{"@type":"Person","@id":"https:\/\/terjebjornstad.com\/no\/#\/schema\/person\/a281f6a6e0f3cc9fe468e7f0c655aa65","name":"Terje Bj\u00f8rnstad","image":{"@type":"ImageObject","inLanguage":"nb-NO","@id":"https:\/\/secure.gravatar.com\/avatar\/e8dff505b51cf6cb67ae06a06022d2049aac2da1e79dc146a36b58798c4b40ea?s=96&d=mm&r=g","url":"https:\/\/secure.gravatar.com\/avatar\/e8dff505b51cf6cb67ae06a06022d2049aac2da1e79dc146a36b58798c4b40ea?s=96&d=mm&r=g","contentUrl":"https:\/\/secure.gravatar.com\/avatar\/e8dff505b51cf6cb67ae06a06022d2049aac2da1e79dc146a36b58798c4b40ea?s=96&d=mm&r=g","caption":"Terje Bj\u00f8rnstad"},"description":"Terje Bj\u00f8rnstad. Bloggadministrator, hobbyfotograf og bilnerd.","sameAs":["https:\/\/www.facebook.com\/terjesbiler","https:\/\/www.instagram.com\/terjesbiler","https:\/\/no.pinterest.com\/terjebjrnstad","https:\/\/www.youtube.com\/channel\/UCzCKJJDybyIgKqatc_JQqIg"]}]}},"jetpack_publicize_connections":[],"jetpack_featured_media_url":"https:\/\/i0.wp.com\/terjebjornstad.com\/no\/wp-content\/uploads\/2026\/04\/renault-r5-electric-kiosk-hjulet-1920x1280-1.jpg?fit=1920%2C1280&ssl=1","jetpack_sharing_enabled":true,"jetpack_shortlink":"https:\/\/wp.me\/p48zYA-o3Q","jetpack-related-posts":[{"id":87312,"url":"https:\/\/terjebjornstad.com\/no\/2026\/01\/06\/r5-med-retrofit-elektrisitet\/","url_meta":{"origin":92494,"position":0},"title":"R5 med ettermontert elektrisitet","author":"Terje Bj\u00f8rnstad","date":"06\/01\/2026","format":false,"excerpt":"Renault-entusiaster kan f\u00e5 ettermontert elektrisk drivverk i sine klassiske R5 og R4. De f\u00f8rste bilene ble konvertert p\u00e5 oppdrag fra Renault. F\u00e5 bilmerker har like lang historie som Renault. I 2027 skal de \u00e5pne d\u00f8rene til et stort museum p\u00e5 den nedlagte fabrikken i Flins, vel 40 km fra Paris.\u2026","rel":"","context":"i &quot;R5&quot;","block_context":{"text":"R5","link":"https:\/\/terjebjornstad.com\/no\/category\/renault\/r5\/"},"img":{"alt_text":"","src":"https:\/\/i0.wp.com\/terjebjornstad.com\/no\/wp-content\/uploads\/2026\/01\/r5-rfit-charging-DPPI-2000x1333-1.jpg?fit=1200%2C801&ssl=1&resize=350%2C200","width":350,"height":200,"srcset":"https:\/\/i0.wp.com\/terjebjornstad.com\/no\/wp-content\/uploads\/2026\/01\/r5-rfit-charging-DPPI-2000x1333-1.jpg?fit=1200%2C801&ssl=1&resize=350%2C200 1x, https:\/\/i0.wp.com\/terjebjornstad.com\/no\/wp-content\/uploads\/2026\/01\/r5-rfit-charging-DPPI-2000x1333-1.jpg?fit=1200%2C801&ssl=1&resize=525%2C300 1.5x, https:\/\/i0.wp.com\/terjebjornstad.com\/no\/wp-content\/uploads\/2026\/01\/r5-rfit-charging-DPPI-2000x1333-1.jpg?fit=1200%2C801&ssl=1&resize=700%2C400 2x, https:\/\/i0.wp.com\/terjebjornstad.com\/no\/wp-content\/uploads\/2026\/01\/r5-rfit-charging-DPPI-2000x1333-1.jpg?fit=1200%2C801&ssl=1&resize=1050%2C600 3x"},"classes":[]},{"id":79125,"url":"https:\/\/terjebjornstad.com\/no\/2025\/02\/08\/ecarexpo-2025\/","url_meta":{"origin":92494,"position":1},"title":"eCarExpo 2025","author":"Terje Bj\u00f8rnstad","date":"08\/02\/2025","format":false,"excerpt":"Flere nyheter ble vist p\u00e5 eCarExpo 2025. Den st\u00f8rste var Mazda 6e som ble avduket for et norsk publikum. Nye Renault R5 og R4 E-Tech fanger opp linjene fra tidligere modeller, og kan vekke gode minner hos mange. En annen, mer ukjent nyhet, var Nammi Box, en prisbombe fra Kina\u2026","rel":"","context":"i &quot;Artikkel&quot;","block_context":{"text":"Artikkel","link":"https:\/\/terjebjornstad.com\/no\/category\/artikkel\/"},"img":{"alt_text":"","src":"https:\/\/i0.wp.com\/terjebjornstad.com\/no\/wp-content\/uploads\/2025\/02\/mazda-6e-1920x1280-1.jpg?fit=1200%2C800&ssl=1&resize=350%2C200","width":350,"height":200,"srcset":"https:\/\/i0.wp.com\/terjebjornstad.com\/no\/wp-content\/uploads\/2025\/02\/mazda-6e-1920x1280-1.jpg?fit=1200%2C800&ssl=1&resize=350%2C200 1x, https:\/\/i0.wp.com\/terjebjornstad.com\/no\/wp-content\/uploads\/2025\/02\/mazda-6e-1920x1280-1.jpg?fit=1200%2C800&ssl=1&resize=525%2C300 1.5x, https:\/\/i0.wp.com\/terjebjornstad.com\/no\/wp-content\/uploads\/2025\/02\/mazda-6e-1920x1280-1.jpg?fit=1200%2C800&ssl=1&resize=700%2C400 2x, https:\/\/i0.wp.com\/terjebjornstad.com\/no\/wp-content\/uploads\/2025\/02\/mazda-6e-1920x1280-1.jpg?fit=1200%2C800&ssl=1&resize=1050%2C600 3x"},"classes":[]},{"id":85853,"url":"https:\/\/terjebjornstad.com\/no\/2025\/10\/28\/bilnyhetene-fra-oslo-motorshow\/","url_meta":{"origin":92494,"position":2},"title":"Nyhetsbilder fra Oslo Motorshow","author":"Terje Bj\u00f8rnstad","date":"28\/10\/2025","format":false,"excerpt":"Bilnyhetene p\u00e5 \u00e5rets motor show var elektriske - alt fra uvirkelige dr\u00f8mmeprosjekter til folkelige biler. Her er noen av dem. Heldekkende svarte vinduer kjennetegner protoyper og biler som enn\u00e5 ikke er produksjonsklare. Renault RS Turbo 3E tilh\u00f8rer sistnevnte kategori. Produksjonen er planlagt i 2027 i et antall p\u00e5 1980 biler.\u2026","rel":"","context":"i &quot;Oslo Motor Show&quot;","block_context":{"text":"Oslo Motor Show","link":"https:\/\/terjebjornstad.com\/no\/category\/bilutstilling\/oslo-motor-show-bilutstilling\/"},"img":{"alt_text":"","src":"https:\/\/i0.wp.com\/terjebjornstad.com\/no\/wp-content\/uploads\/2025\/10\/renault-rs-turbo-3e-1920x1280-1.jpg?fit=1200%2C800&ssl=1&resize=350%2C200","width":350,"height":200,"srcset":"https:\/\/i0.wp.com\/terjebjornstad.com\/no\/wp-content\/uploads\/2025\/10\/renault-rs-turbo-3e-1920x1280-1.jpg?fit=1200%2C800&ssl=1&resize=350%2C200 1x, https:\/\/i0.wp.com\/terjebjornstad.com\/no\/wp-content\/uploads\/2025\/10\/renault-rs-turbo-3e-1920x1280-1.jpg?fit=1200%2C800&ssl=1&resize=525%2C300 1.5x, https:\/\/i0.wp.com\/terjebjornstad.com\/no\/wp-content\/uploads\/2025\/10\/renault-rs-turbo-3e-1920x1280-1.jpg?fit=1200%2C800&ssl=1&resize=700%2C400 2x, https:\/\/i0.wp.com\/terjebjornstad.com\/no\/wp-content\/uploads\/2025\/10\/renault-rs-turbo-3e-1920x1280-1.jpg?fit=1200%2C800&ssl=1&resize=1050%2C600 3x"},"classes":[]},{"id":59995,"url":"https:\/\/terjebjornstad.com\/no\/2023\/05\/29\/nye-r5-i-kjomda-a290\/","url_meta":{"origin":92494,"position":3},"title":"Nye R5 i kj\u00f8mda","author":"Terje Bj\u00f8rnstad","date":"29\/05\/2023","format":false,"excerpt":"Renault Zoe tilbys ikke lenger i Norge. Innen f\u00f8rste halv\u00e5r av 2024 vil den forsvinne for godt fra utstillingsvinduene over hele Europa. Det finnes ingen direkte etterf\u00f8lger. Det er Fabrice Cambolive, sjef for Renault-divisjonen, som har opplyst dette til britisk bilpresse. Det er ingen overraskelse at dagens Zoe vil forsvinne.\u2026","rel":"","context":"i &quot;A290&quot;","block_context":{"text":"A290","link":"https:\/\/terjebjornstad.com\/no\/category\/alpine\/a290\/"},"img":{"alt_text":"","src":"https:\/\/i0.wp.com\/terjebjornstad.com\/no\/wp-content\/uploads\/2023\/05\/renault-5-roland-garros-1920x1080-1.jpg?fit=1200%2C675&ssl=1&resize=350%2C200","width":350,"height":200,"srcset":"https:\/\/i0.wp.com\/terjebjornstad.com\/no\/wp-content\/uploads\/2023\/05\/renault-5-roland-garros-1920x1080-1.jpg?fit=1200%2C675&ssl=1&resize=350%2C200 1x, https:\/\/i0.wp.com\/terjebjornstad.com\/no\/wp-content\/uploads\/2023\/05\/renault-5-roland-garros-1920x1080-1.jpg?fit=1200%2C675&ssl=1&resize=525%2C300 1.5x, https:\/\/i0.wp.com\/terjebjornstad.com\/no\/wp-content\/uploads\/2023\/05\/renault-5-roland-garros-1920x1080-1.jpg?fit=1200%2C675&ssl=1&resize=700%2C400 2x, https:\/\/i0.wp.com\/terjebjornstad.com\/no\/wp-content\/uploads\/2023\/05\/renault-5-roland-garros-1920x1080-1.jpg?fit=1200%2C675&ssl=1&resize=1050%2C600 3x"},"classes":[]},{"id":34059,"url":"https:\/\/terjebjornstad.com\/no\/2020\/07\/26\/renault\/","url_meta":{"origin":92494,"position":4},"title":"Renault","author":"Anders de Lange","date":"26\/07\/2020","format":false,"excerpt":"Man m\u00e5 helt tilbake til 1898 for \u00e5 finne starten for Renault. Det skjedde i Paris, og mannen var Louis Renault. Den f\u00f8rste bilen ble bygget i et lite skur i foreldrenes hage utenfor Paris. Som for andre nystartede bilfabrikker var det viktig \u00e5 delta i bill\u00f8p, og Renault vant\u2026","rel":"","context":"i &quot;Artikkel&quot;","block_context":{"text":"Artikkel","link":"https:\/\/terjebjornstad.com\/no\/category\/artikkel\/"},"img":{"alt_text":"renault 4","src":"https:\/\/i0.wp.com\/terjebjornstad.com\/no\/wp-content\/uploads\/2018\/04\/renault-4-686-0804.png?fit=686%2C457&ssl=1&resize=350%2C200","width":350,"height":200,"srcset":"https:\/\/i0.wp.com\/terjebjornstad.com\/no\/wp-content\/uploads\/2018\/04\/renault-4-686-0804.png?fit=686%2C457&ssl=1&resize=350%2C200 1x, https:\/\/i0.wp.com\/terjebjornstad.com\/no\/wp-content\/uploads\/2018\/04\/renault-4-686-0804.png?fit=686%2C457&ssl=1&resize=525%2C300 1.5x"},"classes":[]},{"id":46977,"url":"https:\/\/terjebjornstad.com\/no\/2022\/02\/22\/nye-renault-5-zoe-etterolger\/","url_meta":{"origin":92494,"position":5},"title":"Femmern kommer tilbake","author":"Terje Bj\u00f8rnstad","date":"22\/02\/2022","format":false,"excerpt":"For ett \u00e5r siden presenterte Renault en prototype p\u00e5 det som kan bli etterf\u00f8lgeren etter Zoe. Det handlet om et retrodesign av legendariske Renault 5. Samtidig ble det brukt ord som \"ny b\u00f8lge\" og \"Renaulution\". Dette er musikk i \u00f8rene for oss som liker Renault. \u00a0 Kan bli Zoe's etterf\u00f8lger\u2026","rel":"","context":"i &quot;Artikkel&quot;","block_context":{"text":"Artikkel","link":"https:\/\/terjebjornstad.com\/no\/category\/artikkel\/"},"img":{"alt_text":"","src":"https:\/\/i0.wp.com\/terjebjornstad.com\/no\/wp-content\/uploads\/2022\/02\/2021-Renault-5-Prototype-1080x617-1.png?fit=1080%2C617&ssl=1&resize=350%2C200","width":350,"height":200,"srcset":"https:\/\/i0.wp.com\/terjebjornstad.com\/no\/wp-content\/uploads\/2022\/02\/2021-Renault-5-Prototype-1080x617-1.png?fit=1080%2C617&ssl=1&resize=350%2C200 1x, https:\/\/i0.wp.com\/terjebjornstad.com\/no\/wp-content\/uploads\/2022\/02\/2021-Renault-5-Prototype-1080x617-1.png?fit=1080%2C617&ssl=1&resize=525%2C300 1.5x, https:\/\/i0.wp.com\/terjebjornstad.com\/no\/wp-content\/uploads\/2022\/02\/2021-Renault-5-Prototype-1080x617-1.png?fit=1080%2C617&ssl=1&resize=700%2C400 2x, https:\/\/i0.wp.com\/terjebjornstad.com\/no\/wp-content\/uploads\/2022\/02\/2021-Renault-5-Prototype-1080x617-1.png?fit=1080%2C617&ssl=1&resize=1050%2C600 3x"},"classes":[]}],"gt_translate_keys":[{"key":"link","format":"url"}],"_links":{"self":[{"href":"https:\/\/terjebjornstad.com\/no\/wp-json\/wp\/v2\/posts\/92494","targetHints":{"allow":["GET"]}}],"collection":[{"href":"https:\/\/terjebjornstad.com\/no\/wp-json\/wp\/v2\/posts"}],"about":[{"href":"https:\/\/terjebjornstad.com\/no\/wp-json\/wp\/v2\/types\/post"}],"author":[{"embeddable":true,"href":"https:\/\/terjebjornstad.com\/no\/wp-json\/wp\/v2\/users\/1"}],"replies":[{"embeddable":true,"href":"https:\/\/terjebjornstad.com\/no\/wp-json\/wp\/v2\/comments?post=92494"}],"version-history":[{"count":37,"href":"https:\/\/terjebjornstad.com\/no\/wp-json\/wp\/v2\/posts\/92494\/revisions"}],"predecessor-version":[{"id":92541,"href":"https:\/\/terjebjornstad.com\/no\/wp-json\/wp\/v2\/posts\/92494\/revisions\/92541"}],"wp:featuredmedia":[{"embeddable":true,"href":"https:\/\/terjebjornstad.com\/no\/wp-json\/wp\/v2\/media\/92485"}],"wp:attachment":[{"href":"https:\/\/terjebjornstad.com\/no\/wp-json\/wp\/v2\/media?parent=92494"}],"wp:term":[{"taxonomy":"category","embeddable":true,"href":"https:\/\/terjebjornstad.com\/no\/wp-json\/wp\/v2\/categories?post=92494"},{"taxonomy":"post_tag","embeddable":true,"href":"https:\/\/terjebjornstad.com\/no\/wp-json\/wp\/v2\/tags?post=92494"}],"curies":[{"name":"wp","href":"https:\/\/api.w.org\/{rel}","templated":true}]}}