{"id":8935,"date":"2016-12-26T01:48:59","date_gmt":"2016-12-26T01:48:59","guid":{"rendered":"http:\/\/terjebjornstad.com\/no\/?p=8935"},"modified":"2026-03-18T18:01:27","modified_gmt":"2026-03-18T17:01:27","slug":"citroen-i-plast","status":"publish","type":"post","link":"https:\/\/terjebjornstad.com\/no\/2016\/12\/26\/citroen-i-plast\/","title":{"rendered":"Citroen i plast","gt_translate_keys":[{"key":"rendered","format":"text"}]},"content":{"rendered":"<div class=\"copy_teb\"><figure id=\"attachment_8932\" aria-describedby=\"caption-attachment-8932\" style=\"width: 686px\" class=\"wp-caption aligncenter\"><img data-recalc-dims=\"1\" loading=\"lazy\" decoding=\"async\" data-attachment-id=\"8932\" data-permalink=\"https:\/\/terjebjornstad.com\/no\/2016\/12\/26\/citroen-i-plast\/cactus-m\/\" data-orig-file=\"https:\/\/i0.wp.com\/terjebjornstad.com\/no\/wp-content\/uploads\/2016\/12\/cactus-m.png?fit=686%2C312&amp;ssl=1\" data-orig-size=\"686,312\" data-comments-opened=\"1\" data-image-meta=\"{&quot;aperture&quot;:&quot;0&quot;,&quot;credit&quot;:&quot;&quot;,&quot;camera&quot;:&quot;&quot;,&quot;caption&quot;:&quot;&quot;,&quot;created_timestamp&quot;:&quot;0&quot;,&quot;copyright&quot;:&quot;&quot;,&quot;focal_length&quot;:&quot;0&quot;,&quot;iso&quot;:&quot;0&quot;,&quot;shutter_speed&quot;:&quot;0&quot;,&quot;title&quot;:&quot;&quot;,&quot;orientation&quot;:&quot;0&quot;}\" data-image-title=\"cactus-m\" data-image-description=\"\" data-image-caption=\"&lt;p&gt;To plastbiler. Til h\u00f8yre den gamle M\u00e9hari, til venstre Cactus-M som skulle f\u00f8re M\u00e9hari-stafettpinnen videre, men som endte opp som en konseptbil.&lt;\/p&gt;\n\" data-large-file=\"https:\/\/i0.wp.com\/terjebjornstad.com\/no\/wp-content\/uploads\/2016\/12\/cactus-m.png?fit=686%2C312&amp;ssl=1\" src=\"https:\/\/i0.wp.com\/terjebjornstad.com\/no\/wp-content\/uploads\/2016\/12\/cactus-m.png?resize=686%2C312&#038;ssl=1\" alt=\"\" width=\"686\" height=\"312\" class=\"size-full wp-image-8932\" srcset=\"https:\/\/i0.wp.com\/terjebjornstad.com\/no\/wp-content\/uploads\/2016\/12\/cactus-m.png?w=686&amp;ssl=1 686w, https:\/\/i0.wp.com\/terjebjornstad.com\/no\/wp-content\/uploads\/2016\/12\/cactus-m.png?resize=300%2C136&amp;ssl=1 300w\" sizes=\"auto, (max-width: 686px) 100vw, 686px\" \/><figcaption id=\"caption-attachment-8932\" class=\"wp-caption-text\">To plastbiler. Til h\u00f8yre den gamle M\u00e9hari, til venstre Cactus-M som skulle f\u00f8re M\u00e9hari-stafettpinnen videre, men som endte opp som konseptbil.<\/figcaption><\/figure><\/p>\n<blockquote><p>Jeg skulle gjerne hatt en Citro\u00ebn M\u00e9hari i min egen garasje. I god stand koster de omtrent \u20ac 15 000. Billigere kommer de neppe til \u00e5 bli. Citro\u00ebn M\u00e9hari har nemlig blitt en stor kultbil i Europa.<\/p><\/blockquote>\n\n<p>Jeg kommer ofte over M\u00e9hari&#8217;er n\u00e5r jeg sykler i det Syd-Franske landskapet. Det er bonden som gjerne kj\u00f8rer M\u00e9hari&#8217;en sin ut p\u00e5 jordene, eller opp i skogen p\u00e5 villsvinjakt. Jeg har ogs\u00e5 et bilde p\u00e5 netthinnen av et eldre ektepar p\u00e5 vei hjem fra l\u00f8rdagsmarkedet i sin \u00e5pne 2-seters M\u00e9hari med fruens skaut flagrende i vinden, og varene bak. Raskere og mer komfortabelt enn traktoren, &#8211; og mye stiligere.<br \/>\n&nbsp;<br \/>\n<img data-recalc-dims=\"1\" loading=\"lazy\" decoding=\"async\" data-attachment-id=\"8936\" data-permalink=\"https:\/\/terjebjornstad.com\/no\/2016\/12\/26\/citroen-i-plast\/384_miniature_citroen_mehari_jaune-4\/\" data-orig-file=\"https:\/\/i0.wp.com\/terjebjornstad.com\/no\/wp-content\/uploads\/2016\/12\/384_miniature_citroen_mehari_jaune-4-.jpg?fit=235%2C235&amp;ssl=1\" data-orig-size=\"235,235\" data-comments-opened=\"1\" data-image-meta=\"{&quot;aperture&quot;:&quot;0&quot;,&quot;credit&quot;:&quot;&quot;,&quot;camera&quot;:&quot;&quot;,&quot;caption&quot;:&quot;&quot;,&quot;created_timestamp&quot;:&quot;0&quot;,&quot;copyright&quot;:&quot;&quot;,&quot;focal_length&quot;:&quot;0&quot;,&quot;iso&quot;:&quot;0&quot;,&quot;shutter_speed&quot;:&quot;0&quot;,&quot;title&quot;:&quot;&quot;,&quot;orientation&quot;:&quot;0&quot;}\" data-image-title=\"384_miniature_citroen_mehari_jaune-4-\" data-image-description=\"\" data-image-caption=\"\" data-large-file=\"https:\/\/i0.wp.com\/terjebjornstad.com\/no\/wp-content\/uploads\/2016\/12\/384_miniature_citroen_mehari_jaune-4-.jpg?fit=235%2C235&amp;ssl=1\" src=\"https:\/\/i0.wp.com\/terjebjornstad.com\/no\/wp-content\/uploads\/2016\/12\/384_miniature_citroen_mehari_jaune-4-.jpg?resize=235%2C235&#038;ssl=1\" alt=\"\" width=\"235\" height=\"235\" class=\"alignright size-full wp-image-8936\" srcset=\"https:\/\/i0.wp.com\/terjebjornstad.com\/no\/wp-content\/uploads\/2016\/12\/384_miniature_citroen_mehari_jaune-4-.jpg?w=235&amp;ssl=1 235w, https:\/\/i0.wp.com\/terjebjornstad.com\/no\/wp-content\/uploads\/2016\/12\/384_miniature_citroen_mehari_jaune-4-.jpg?resize=150%2C150&amp;ssl=1 150w, https:\/\/i0.wp.com\/terjebjornstad.com\/no\/wp-content\/uploads\/2016\/12\/384_miniature_citroen_mehari_jaune-4-.jpg?resize=50%2C50&amp;ssl=1 50w\" sizes=\"auto, (max-width: 235px) 100vw, 235px\" \/>Den t\u00f8ffeste M\u00e9hari&#8217;en best\u00e5r av en rektangul\u00e6r &laquo;seng&raquo; p\u00e5 fire hjul med frontrute og to seter. Mer familievennlige versjoner har en bakre setebenk, men <em>det<\/em> er ekstrautstyr. Kalesje med sidevinduer i gjennomsiktig plast \u00f8ker komforten en smule. De langsg\u00e5ende b\u00f8lgete panelsidene minner meg om panelsidene p\u00e5 ikoniske Type H, &#8211; varebilene som i dag selges for sinnsyke priser. Men Type H er av <em>metall<\/em>, mens M\u00e9hari er av <em>plast<\/em>. <\/p>\n<h3 class=\"tebh2\">Myk plast som tr\u00e5bilene p\u00e5 lekeplassen<\/h3>\n\n<figure id=\"attachment_8933\" aria-describedby=\"caption-attachment-8933\" style=\"width: 686px\" class=\"wp-caption aligncenter\"><img data-recalc-dims=\"1\" loading=\"lazy\" decoding=\"async\" data-attachment-id=\"8933\" data-permalink=\"https:\/\/terjebjornstad.com\/no\/2016\/12\/26\/citroen-i-plast\/cactus-m-3\/\" data-orig-file=\"https:\/\/i0.wp.com\/terjebjornstad.com\/no\/wp-content\/uploads\/2016\/12\/cactus-m-3.png?fit=686%2C311&amp;ssl=1\" data-orig-size=\"686,311\" data-comments-opened=\"1\" data-image-meta=\"{&quot;aperture&quot;:&quot;0&quot;,&quot;credit&quot;:&quot;&quot;,&quot;camera&quot;:&quot;&quot;,&quot;caption&quot;:&quot;&quot;,&quot;created_timestamp&quot;:&quot;0&quot;,&quot;copyright&quot;:&quot;&quot;,&quot;focal_length&quot;:&quot;0&quot;,&quot;iso&quot;:&quot;0&quot;,&quot;shutter_speed&quot;:&quot;0&quot;,&quot;title&quot;:&quot;&quot;,&quot;orientation&quot;:&quot;0&quot;}\" data-image-title=\"cactus-m-3\" data-image-description=\"\" data-image-caption=\"&lt;p&gt;Cactus-M er en forkortet, \u00e5pen Cactus med karosseri i plast\/st\u00e5lr\u00f8r.&lt;\/p&gt;\n\" data-large-file=\"https:\/\/i0.wp.com\/terjebjornstad.com\/no\/wp-content\/uploads\/2016\/12\/cactus-m-3.png?fit=686%2C311&amp;ssl=1\" src=\"https:\/\/i0.wp.com\/terjebjornstad.com\/no\/wp-content\/uploads\/2016\/12\/cactus-m-3.png?resize=686%2C311&#038;ssl=1\" alt=\"\" width=\"686\" height=\"311\" class=\"size-full wp-image-8933\" srcset=\"https:\/\/i0.wp.com\/terjebjornstad.com\/no\/wp-content\/uploads\/2016\/12\/cactus-m-3.png?w=686&amp;ssl=1 686w, https:\/\/i0.wp.com\/terjebjornstad.com\/no\/wp-content\/uploads\/2016\/12\/cactus-m-3.png?resize=300%2C136&amp;ssl=1 300w\" sizes=\"auto, (max-width: 686px) 100vw, 686px\" \/><figcaption id=\"caption-attachment-8933\" class=\"wp-caption-text\">Cactus-M er en forkortet, \u00e5pen Cactus med karosseri i plast\/st\u00e5lr\u00f8r (Foto: Citro\u00ebn).<\/figcaption><\/figure>\n<blockquote><p>Siden produksjonen opph\u00f8rte i 1988 har M\u00e9haris kultstatus tiltatt. Det fikk Citro\u00ebn til \u00e5 utvikle en ny Mehari. Jubelen gikk i taket da konseptbilen Cactus-M ble presentert. En forkortet Cactus uten tak, med ungdommelig farge og holdere til surfebrett. Selv om den ikke var like t\u00f8ff som den opprinnelige M\u00e9hari&#8217;en, s\u00e5 den lovende ut. <\/p><\/blockquote>\n\n<p>Men Citro\u00ebn skrinla planene om \u00e5 produsere en Cactus-basert M\u00e9hari. I stedet dukket <em>e-M\u00e9hari<\/em> opp. En liten, forml\u00f8s elbil som ligner p\u00e5 de bilene sm\u00e5barna leker med p\u00e5 lekeplassen. En bil som ingen forst\u00e5r vitsen med. Mitt sydvestre hj\u00f8rne av av Frankrike er et riktig &laquo;M\u00e9hari-land&raquo;, for man stadig ser gamle M\u00e9hari&#8217;er i glorete syttitalls-farger p\u00e5 landeveiene og i de smale bygatene. Hos den lokale, franske Citro\u00ebn-forhandleren finnes det ikke \u00e9n eneste e-M\u00e9hari \u00e5 se. Ikke en gang en plakat. Det henger ganske enkelt sammen med at i &laquo;M\u00e9hari-land&raquo; finnes det ingen ladestasjoner for elbiler.<\/p>\n\n<figure id=\"attachment_8934\" aria-describedby=\"caption-attachment-8934\" style=\"width: 686px\" class=\"wp-caption aligncenter\"><img data-recalc-dims=\"1\" loading=\"lazy\" decoding=\"async\" data-attachment-id=\"8934\" data-permalink=\"https:\/\/terjebjornstad.com\/no\/2016\/12\/26\/citroen-i-plast\/e-mehari\/\" data-orig-file=\"https:\/\/i0.wp.com\/terjebjornstad.com\/no\/wp-content\/uploads\/2016\/12\/e-mehari.png?fit=686%2C296&amp;ssl=1\" data-orig-size=\"686,296\" data-comments-opened=\"1\" data-image-meta=\"{&quot;aperture&quot;:&quot;0&quot;,&quot;credit&quot;:&quot;&quot;,&quot;camera&quot;:&quot;&quot;,&quot;caption&quot;:&quot;&quot;,&quot;created_timestamp&quot;:&quot;0&quot;,&quot;copyright&quot;:&quot;&quot;,&quot;focal_length&quot;:&quot;0&quot;,&quot;iso&quot;:&quot;0&quot;,&quot;shutter_speed&quot;:&quot;0&quot;,&quot;title&quot;:&quot;&quot;,&quot;orientation&quot;:&quot;0&quot;}\" data-image-title=\"Mehari og nye e-mehari\" data-image-description=\"\" data-image-caption=\"&lt;p&gt;Citro\u00ebn i plast.&lt;\/p&gt;\n\" data-large-file=\"https:\/\/i0.wp.com\/terjebjornstad.com\/no\/wp-content\/uploads\/2016\/12\/e-mehari.png?fit=686%2C296&amp;ssl=1\" src=\"https:\/\/i0.wp.com\/terjebjornstad.com\/no\/wp-content\/uploads\/2016\/12\/e-mehari.png?resize=686%2C296&#038;ssl=1\" alt=\"plast\" width=\"686\" height=\"296\" class=\"size-full wp-image-8934\" srcset=\"https:\/\/i0.wp.com\/terjebjornstad.com\/no\/wp-content\/uploads\/2016\/12\/e-mehari.png?w=686&amp;ssl=1 686w, https:\/\/i0.wp.com\/terjebjornstad.com\/no\/wp-content\/uploads\/2016\/12\/e-mehari.png?resize=300%2C129&amp;ssl=1 300w\" sizes=\"auto, (max-width: 686px) 100vw, 686px\" \/><figcaption id=\"caption-attachment-8934\" class=\"wp-caption-text\">Nye e-M\u00e9hari, &#8211; elbil for strandliv. Kanskje en hit p\u00e5 leiebilmarkedet i Syden? (Foto: Citro\u00ebn)<\/figcaption><\/figure>\n<p>Det er ikke usannsynlig at leiebilfirmaene i Syden kommer til \u00e5 bytte ut Suzuki Jimny-jeeper med nye e-Mehari&#8217;er etter hvert. B\u00f8ndene og villsvinjegerne i Frankrike vil nok fortsatt sverge til den gamle M\u00e9hari&#8217;en i mange \u00e5r fremover. Ud\u00f8delig med mekaniske deler hentet fra <a href=\"https:\/\/terjebjornstad.com\/no\/1967-1983-citroen-dyane\/\" target=\"_blank\" rel=\"noopener noreferrer\"><strong>Citro\u00ebn Dyane<\/strong><\/a>. Det gjelder ogs\u00e5 den luftavkj\u00f8lte 602-motoren som for \u00f8vrig ogs\u00e5 deles med 2CV6. Alt kan kj\u00f8pes nytt. F\u00e5r du tak i et brukbart plastkarrosseri, kan du alts\u00e5 bygge deg en helt ny M\u00e9hari i syttitalls-look. <\/p>\n<h3 class=\"tebh2\">Verdens kuleste plastbil<\/h3>\n\n<figure id=\"attachment_8508\" aria-describedby=\"caption-attachment-8508\" style=\"width: 686px\" class=\"wp-caption aligncenter\"><img data-recalc-dims=\"1\" loading=\"lazy\" decoding=\"async\" data-attachment-id=\"8508\" data-permalink=\"https:\/\/terjebjornstad.com\/no\/renault-alpine-a310\/citroen-mehari-9\/\" data-orig-file=\"https:\/\/i0.wp.com\/terjebjornstad.com\/no\/wp-content\/uploads\/2016\/11\/citroen-mehari-9.png?fit=686%2C845&amp;ssl=1\" data-orig-size=\"686,845\" data-comments-opened=\"1\" data-image-meta=\"{&quot;aperture&quot;:&quot;0&quot;,&quot;credit&quot;:&quot;&quot;,&quot;camera&quot;:&quot;&quot;,&quot;caption&quot;:&quot;&quot;,&quot;created_timestamp&quot;:&quot;0&quot;,&quot;copyright&quot;:&quot;&quot;,&quot;focal_length&quot;:&quot;0&quot;,&quot;iso&quot;:&quot;0&quot;,&quot;shutter_speed&quot;:&quot;0&quot;,&quot;title&quot;:&quot;&quot;,&quot;orientation&quot;:&quot;0&quot;}\" data-image-title=\"Citroen M\u00e9hari\" data-image-description=\"\" data-image-caption=\"&lt;p&gt;Citro\u00ebn M\u00e9hari Mk1 til salgs for \u20ac 15 000&lt;\/p&gt;\n\" data-large-file=\"https:\/\/i0.wp.com\/terjebjornstad.com\/no\/wp-content\/uploads\/2016\/11\/citroen-mehari-9.png?fit=686%2C845&amp;ssl=1\" src=\"https:\/\/i0.wp.com\/terjebjornstad.com\/no\/wp-content\/uploads\/2016\/11\/citroen-mehari-9.png?resize=686%2C845&#038;ssl=1\" alt=\"plast\" width=\"686\" height=\"845\" class=\"size-full wp-image-8508\" srcset=\"https:\/\/i0.wp.com\/terjebjornstad.com\/no\/wp-content\/uploads\/2016\/11\/citroen-mehari-9.png?w=686&amp;ssl=1 686w, https:\/\/i0.wp.com\/terjebjornstad.com\/no\/wp-content\/uploads\/2016\/11\/citroen-mehari-9.png?resize=244%2C300&amp;ssl=1 244w\" sizes=\"auto, (max-width: 686px) 100vw, 686px\" \/><figcaption id=\"caption-attachment-8508\" class=\"wp-caption-text\">Citro\u00ebn M\u00e9hari Mk1 til salgs for \u20ac 15 000(tilsvarer NOK 136 000).<\/figcaption><\/figure>\n<figure id=\"attachment_8507\" aria-describedby=\"caption-attachment-8507\" style=\"width: 686px\" class=\"wp-caption aligncenter\"><img data-recalc-dims=\"1\" loading=\"lazy\" decoding=\"async\" data-attachment-id=\"8507\" data-permalink=\"https:\/\/terjebjornstad.com\/no\/renault-alpine-a310\/citroen-mehari-7\/\" data-orig-file=\"https:\/\/i0.wp.com\/terjebjornstad.com\/no\/wp-content\/uploads\/2016\/11\/citroen-mehari-7.png?fit=686%2C457&amp;ssl=1\" data-orig-size=\"686,457\" data-comments-opened=\"1\" data-image-meta=\"{&quot;aperture&quot;:&quot;0&quot;,&quot;credit&quot;:&quot;&quot;,&quot;camera&quot;:&quot;&quot;,&quot;caption&quot;:&quot;&quot;,&quot;created_timestamp&quot;:&quot;0&quot;,&quot;copyright&quot;:&quot;&quot;,&quot;focal_length&quot;:&quot;0&quot;,&quot;iso&quot;:&quot;0&quot;,&quot;shutter_speed&quot;:&quot;0&quot;,&quot;title&quot;:&quot;&quot;,&quot;orientation&quot;:&quot;0&quot;}\" data-image-title=\"Citroen M\u00e9hari\" data-image-description=\"\" data-image-caption=\"&lt;p&gt;Fargekombinasjonen hvit og r\u00f8d passer nok bedre til strandliv enn villsvinjakt.&lt;\/p&gt;\n\" data-large-file=\"https:\/\/i0.wp.com\/terjebjornstad.com\/no\/wp-content\/uploads\/2016\/11\/citroen-mehari-7.png?fit=686%2C457&amp;ssl=1\" src=\"https:\/\/i0.wp.com\/terjebjornstad.com\/no\/wp-content\/uploads\/2016\/11\/citroen-mehari-7.png?resize=686%2C457&#038;ssl=1\" alt=\"plast\" width=\"686\" height=\"457\" class=\"size-full wp-image-8507\" srcset=\"https:\/\/i0.wp.com\/terjebjornstad.com\/no\/wp-content\/uploads\/2016\/11\/citroen-mehari-7.png?w=686&amp;ssl=1 686w, https:\/\/i0.wp.com\/terjebjornstad.com\/no\/wp-content\/uploads\/2016\/11\/citroen-mehari-7.png?resize=300%2C200&amp;ssl=1 300w\" sizes=\"auto, (max-width: 686px) 100vw, 686px\" \/><figcaption id=\"caption-attachment-8507\" class=\"wp-caption-text\">Fargekombinasjonen hvit og r\u00f8d passer nok bedre til strandliv enn villsvinjakt.<\/figcaption><\/figure>\n<figure id=\"attachment_8646\" aria-describedby=\"caption-attachment-8646\" style=\"width: 686px\" class=\"wp-caption aligncenter\"><img data-recalc-dims=\"1\" loading=\"lazy\" decoding=\"async\" data-attachment-id=\"8646\" data-permalink=\"https:\/\/terjebjornstad.com\/no\/2016\/12\/26\/citroen-i-plast\/mehari-dash-1\/\" data-orig-file=\"https:\/\/i0.wp.com\/terjebjornstad.com\/no\/wp-content\/uploads\/2016\/11\/mehari-dash-1.png?fit=686%2C457&amp;ssl=1\" data-orig-size=\"686,457\" data-comments-opened=\"1\" data-image-meta=\"{&quot;aperture&quot;:&quot;0&quot;,&quot;credit&quot;:&quot;&quot;,&quot;camera&quot;:&quot;&quot;,&quot;caption&quot;:&quot;&quot;,&quot;created_timestamp&quot;:&quot;0&quot;,&quot;copyright&quot;:&quot;&quot;,&quot;focal_length&quot;:&quot;0&quot;,&quot;iso&quot;:&quot;0&quot;,&quot;shutter_speed&quot;:&quot;0&quot;,&quot;title&quot;:&quot;&quot;,&quot;orientation&quot;:&quot;0&quot;}\" data-image-title=\"Citroen M\u00e9hari Dashoard\" data-image-description=\"\" data-image-caption=\"&lt;p&gt;Instrumentpanel med kun det vesentligste.&lt;\/p&gt;\n\" data-large-file=\"https:\/\/i0.wp.com\/terjebjornstad.com\/no\/wp-content\/uploads\/2016\/11\/mehari-dash-1.png?fit=686%2C457&amp;ssl=1\" src=\"https:\/\/i0.wp.com\/terjebjornstad.com\/no\/wp-content\/uploads\/2016\/11\/mehari-dash-1.png?resize=686%2C457&#038;ssl=1\" alt=\"plast\" width=\"686\" height=\"457\" class=\"size-full wp-image-8646\" srcset=\"https:\/\/i0.wp.com\/terjebjornstad.com\/no\/wp-content\/uploads\/2016\/11\/mehari-dash-1.png?w=686&amp;ssl=1 686w, https:\/\/i0.wp.com\/terjebjornstad.com\/no\/wp-content\/uploads\/2016\/11\/mehari-dash-1.png?resize=300%2C200&amp;ssl=1 300w\" sizes=\"auto, (max-width: 686px) 100vw, 686px\" \/><figcaption id=\"caption-attachment-8646\" class=\"wp-caption-text\">Instrumentpanel med kun det vesentligste (Source: <a href=\"https:\/\/leboncoin.fr\" target=\"_blank\" rel=\"noopener noreferrer\"><strong>leboncoin.fr<\/strong><\/a>).<\/figcaption><\/figure>\n<figure id=\"attachment_8506\" aria-describedby=\"caption-attachment-8506\" style=\"width: 686px\" class=\"wp-caption aligncenter\"><img data-recalc-dims=\"1\" loading=\"lazy\" decoding=\"async\" data-attachment-id=\"8506\" data-permalink=\"https:\/\/terjebjornstad.com\/no\/renault-alpine-a310\/citroen-mehari-5\/\" data-orig-file=\"https:\/\/i0.wp.com\/terjebjornstad.com\/no\/wp-content\/uploads\/2016\/11\/citroen-mehari-5.png?fit=686%2C451&amp;ssl=1\" data-orig-size=\"686,451\" data-comments-opened=\"1\" data-image-meta=\"{&quot;aperture&quot;:&quot;0&quot;,&quot;credit&quot;:&quot;&quot;,&quot;camera&quot;:&quot;&quot;,&quot;caption&quot;:&quot;&quot;,&quot;created_timestamp&quot;:&quot;0&quot;,&quot;copyright&quot;:&quot;&quot;,&quot;focal_length&quot;:&quot;0&quot;,&quot;iso&quot;:&quot;0&quot;,&quot;shutter_speed&quot;:&quot;0&quot;,&quot;title&quot;:&quot;&quot;,&quot;orientation&quot;:&quot;0&quot;}\" data-image-title=\"Citroen M\u00e9hari\" data-image-description=\"\" data-image-caption=\"&lt;p&gt;Familievennlig versjon med plastvinduer og baksete.&lt;\/p&gt;\n\" data-large-file=\"https:\/\/i0.wp.com\/terjebjornstad.com\/no\/wp-content\/uploads\/2016\/11\/citroen-mehari-5.png?fit=686%2C451&amp;ssl=1\" src=\"https:\/\/i0.wp.com\/terjebjornstad.com\/no\/wp-content\/uploads\/2016\/11\/citroen-mehari-5.png?resize=686%2C451&#038;ssl=1\" alt=\"plast\" width=\"686\" height=\"451\" class=\"size-full wp-image-8506\" srcset=\"https:\/\/i0.wp.com\/terjebjornstad.com\/no\/wp-content\/uploads\/2016\/11\/citroen-mehari-5.png?w=686&amp;ssl=1 686w, https:\/\/i0.wp.com\/terjebjornstad.com\/no\/wp-content\/uploads\/2016\/11\/citroen-mehari-5.png?resize=300%2C197&amp;ssl=1 300w\" sizes=\"auto, (max-width: 686px) 100vw, 686px\" \/><figcaption id=\"caption-attachment-8506\" class=\"wp-caption-text\">Familievennlig versjon med plastvinduer, baksete og hjulkapsler.<\/figcaption><\/figure>\n<figure id=\"attachment_8505\" aria-describedby=\"caption-attachment-8505\" style=\"width: 686px\" class=\"wp-caption aligncenter\"><img data-recalc-dims=\"1\" loading=\"lazy\" decoding=\"async\" data-attachment-id=\"8505\" data-permalink=\"https:\/\/terjebjornstad.com\/no\/renault-alpine-a310\/citroen-mehari-3\/\" data-orig-file=\"https:\/\/i0.wp.com\/terjebjornstad.com\/no\/wp-content\/uploads\/2016\/11\/citroen-mehari-3.png?fit=686%2C535&amp;ssl=1\" data-orig-size=\"686,535\" data-comments-opened=\"1\" data-image-meta=\"{&quot;aperture&quot;:&quot;0&quot;,&quot;credit&quot;:&quot;&quot;,&quot;camera&quot;:&quot;&quot;,&quot;caption&quot;:&quot;&quot;,&quot;created_timestamp&quot;:&quot;0&quot;,&quot;copyright&quot;:&quot;&quot;,&quot;focal_length&quot;:&quot;0&quot;,&quot;iso&quot;:&quot;0&quot;,&quot;shutter_speed&quot;:&quot;0&quot;,&quot;title&quot;:&quot;&quot;,&quot;orientation&quot;:&quot;0&quot;}\" data-image-title=\"Citroen M\u00e9hari\" data-image-description=\"\" data-image-caption=\"&lt;p&gt;Min favoritt er i milit\u00e6rlook (kaki).&lt;\/p&gt;\n\" data-large-file=\"https:\/\/i0.wp.com\/terjebjornstad.com\/no\/wp-content\/uploads\/2016\/11\/citroen-mehari-3.png?fit=686%2C535&amp;ssl=1\" src=\"https:\/\/i0.wp.com\/terjebjornstad.com\/no\/wp-content\/uploads\/2016\/11\/citroen-mehari-3.png?resize=686%2C535&#038;ssl=1\" alt=\"plast\" width=\"686\" height=\"535\" class=\"size-full wp-image-8505\" srcset=\"https:\/\/i0.wp.com\/terjebjornstad.com\/no\/wp-content\/uploads\/2016\/11\/citroen-mehari-3.png?w=686&amp;ssl=1 686w, https:\/\/i0.wp.com\/terjebjornstad.com\/no\/wp-content\/uploads\/2016\/11\/citroen-mehari-3.png?resize=300%2C234&amp;ssl=1 300w\" sizes=\"auto, (max-width: 686px) 100vw, 686px\" \/><figcaption id=\"caption-attachment-8505\" class=\"wp-caption-text\">Min favoritt er i milit\u00e6rlook (kaki).<\/figcaption><\/figure>\n<figure id=\"attachment_8504\" aria-describedby=\"caption-attachment-8504\" style=\"width: 686px\" class=\"wp-caption aligncenter\"><img data-recalc-dims=\"1\" loading=\"lazy\" decoding=\"async\" data-attachment-id=\"8504\" data-permalink=\"https:\/\/terjebjornstad.com\/no\/renault-alpine-a310\/citroen-mehari-1\/\" data-orig-file=\"https:\/\/i0.wp.com\/terjebjornstad.com\/no\/wp-content\/uploads\/2016\/11\/citroen-mehari-1.png?fit=686%2C457&amp;ssl=1\" data-orig-size=\"686,457\" data-comments-opened=\"1\" data-image-meta=\"{&quot;aperture&quot;:&quot;0&quot;,&quot;credit&quot;:&quot;&quot;,&quot;camera&quot;:&quot;&quot;,&quot;caption&quot;:&quot;&quot;,&quot;created_timestamp&quot;:&quot;0&quot;,&quot;copyright&quot;:&quot;&quot;,&quot;focal_length&quot;:&quot;0&quot;,&quot;iso&quot;:&quot;0&quot;,&quot;shutter_speed&quot;:&quot;0&quot;,&quot;title&quot;:&quot;&quot;,&quot;orientation&quot;:&quot;0&quot;}\" data-image-title=\"Citroen M\u00e9hari\" data-image-description=\"\" data-image-caption=\"&lt;p&gt;Som en fransk Humvee :-)&lt;\/p&gt;\n\" data-large-file=\"https:\/\/i0.wp.com\/terjebjornstad.com\/no\/wp-content\/uploads\/2016\/11\/citroen-mehari-1.png?fit=686%2C457&amp;ssl=1\" src=\"https:\/\/i0.wp.com\/terjebjornstad.com\/no\/wp-content\/uploads\/2016\/11\/citroen-mehari-1.png?resize=686%2C457&#038;ssl=1\" alt=\"plast\" width=\"686\" height=\"457\" class=\"size-full wp-image-8504\" srcset=\"https:\/\/i0.wp.com\/terjebjornstad.com\/no\/wp-content\/uploads\/2016\/11\/citroen-mehari-1.png?w=686&amp;ssl=1 686w, https:\/\/i0.wp.com\/terjebjornstad.com\/no\/wp-content\/uploads\/2016\/11\/citroen-mehari-1.png?resize=300%2C200&amp;ssl=1 300w\" sizes=\"auto, (max-width: 686px) 100vw, 686px\" \/><figcaption id=\"caption-attachment-8504\" class=\"wp-caption-text\">Som en fransk Humvee \ud83d\ude42<\/figcaption><\/figure>\n<p><a href=\"https:\/\/www.youtube.com\/watch?v=xGSc_7jY-w8\"><img data-recalc-dims=\"1\" loading=\"lazy\" decoding=\"async\" data-attachment-id=\"65356\" data-permalink=\"https:\/\/terjebjornstad.com\/no\/2016\/12\/26\/citroen-i-plast\/youtube-mehari\/\" data-orig-file=\"https:\/\/i0.wp.com\/terjebjornstad.com\/no\/wp-content\/uploads\/2016\/12\/youtube-mehari.jpg?fit=544%2C310&amp;ssl=1\" data-orig-size=\"544,310\" data-comments-opened=\"1\" data-image-meta=\"{&quot;aperture&quot;:&quot;0&quot;,&quot;credit&quot;:&quot;&quot;,&quot;camera&quot;:&quot;&quot;,&quot;caption&quot;:&quot;&quot;,&quot;created_timestamp&quot;:&quot;0&quot;,&quot;copyright&quot;:&quot;&quot;,&quot;focal_length&quot;:&quot;0&quot;,&quot;iso&quot;:&quot;0&quot;,&quot;shutter_speed&quot;:&quot;0&quot;,&quot;title&quot;:&quot;&quot;,&quot;orientation&quot;:&quot;0&quot;}\" data-image-title=\"youtube-mehari\" data-image-description=\"\" data-image-caption=\"\" data-large-file=\"https:\/\/i0.wp.com\/terjebjornstad.com\/no\/wp-content\/uploads\/2016\/12\/youtube-mehari.jpg?fit=544%2C310&amp;ssl=1\" src=\"https:\/\/i0.wp.com\/terjebjornstad.com\/no\/wp-content\/uploads\/2016\/12\/youtube-mehari.jpg?resize=544%2C310&#038;ssl=1\" alt=\"\" width=\"544\" height=\"310\" class=\"alignleft size-full wp-image-65356\" srcset=\"https:\/\/i0.wp.com\/terjebjornstad.com\/no\/wp-content\/uploads\/2016\/12\/youtube-mehari.jpg?w=544&amp;ssl=1 544w, https:\/\/i0.wp.com\/terjebjornstad.com\/no\/wp-content\/uploads\/2016\/12\/youtube-mehari.jpg?resize=300%2C171&amp;ssl=1 300w\" sizes=\"auto, (max-width: 544px) 100vw, 544px\" \/><\/a><\/p>\n<hr \/>\n<h3 class=\"tebh2\">Fakta<\/h3>\n<p>En ulempe med plastkarosseri er faren for \u00e5 bli antent av pyromaner. De kan nemlig i ro og mak sette fyr p\u00e5 bilen med en enkel lighter. Som nevnt i filmen, gikk en pyroman rundt i den franske hovedstaden og satte fyr p\u00e5 Mehari&#8217;er i \u00e5rene 1973\/74. I f\u00f8lge Wikipedia gikk 63 M\u00e9hari&#8217;er opp i r\u00f8yk i de \u00e5rene.<br \/>\n<\/em><\/p>\n<h3 class=\"tebh2\">Se ogs\u00e5<\/h3>\n<p><figure id=\"attachment_39969\" aria-describedby=\"caption-attachment-39969\" style=\"width: 150px\" class=\"wp-caption alignleft\"><a href=\"https:\/\/terjebjornstad.com\/no\/2021\/05\/07\/2cv-elbil-pa-20-timer\/\"><img data-recalc-dims=\"1\" loading=\"lazy\" decoding=\"async\" data-attachment-id=\"39969\" data-permalink=\"https:\/\/terjebjornstad.com\/no\/2021\/05\/07\/2cv-elbil-pa-20-timer\/rfit-elektro-2cv-686x457\/\" data-orig-file=\"https:\/\/i0.wp.com\/terjebjornstad.com\/no\/wp-content\/uploads\/2021\/05\/rfit-elektro-2cv-686x457-1.png?fit=686%2C457&amp;ssl=1\" data-orig-size=\"686,457\" data-comments-opened=\"1\" data-image-meta=\"{&quot;aperture&quot;:&quot;0&quot;,&quot;credit&quot;:&quot;&quot;,&quot;camera&quot;:&quot;&quot;,&quot;caption&quot;:&quot;&quot;,&quot;created_timestamp&quot;:&quot;0&quot;,&quot;copyright&quot;:&quot;&quot;,&quot;focal_length&quot;:&quot;0&quot;,&quot;iso&quot;:&quot;0&quot;,&quot;shutter_speed&quot;:&quot;0&quot;,&quot;title&quot;:&quot;&quot;,&quot;orientation&quot;:&quot;0&quot;}\" data-image-title=\"rfit-elektro-2cv-686&amp;#215;457\" data-image-description=\"\" data-image-caption=\"&lt;p&gt;2CV &amp;#8211; elbil p\u00e5 20 timer&lt;\/p&gt;\n\" data-large-file=\"https:\/\/i0.wp.com\/terjebjornstad.com\/no\/wp-content\/uploads\/2021\/05\/rfit-elektro-2cv-686x457-1.png?fit=686%2C457&amp;ssl=1\" src=\"https:\/\/i0.wp.com\/terjebjornstad.com\/no\/wp-content\/uploads\/2021\/05\/rfit-elektro-2cv-686x457-1.png?resize=150%2C150&#038;ssl=1\" alt=\"\" width=\"150\" height=\"150\" class=\"size-thumbnail wp-image-39969\" srcset=\"https:\/\/i0.wp.com\/terjebjornstad.com\/no\/wp-content\/uploads\/2021\/05\/rfit-elektro-2cv-686x457-1.png?resize=150%2C150&amp;ssl=1 150w, https:\/\/i0.wp.com\/terjebjornstad.com\/no\/wp-content\/uploads\/2021\/05\/rfit-elektro-2cv-686x457-1.png?resize=50%2C50&amp;ssl=1 50w, https:\/\/i0.wp.com\/terjebjornstad.com\/no\/wp-content\/uploads\/2021\/05\/rfit-elektro-2cv-686x457-1.png?zoom=2&amp;resize=150%2C150&amp;ssl=1 300w, https:\/\/i0.wp.com\/terjebjornstad.com\/no\/wp-content\/uploads\/2021\/05\/rfit-elektro-2cv-686x457-1.png?zoom=3&amp;resize=150%2C150&amp;ssl=1 450w\" sizes=\"auto, (max-width: 150px) 100vw, 150px\" \/><\/a><figcaption id=\"caption-attachment-39969\" class=\"wp-caption-text\">2CV &#8211; elbil p\u00e5 20 timer<\/figcaption><\/figure><br \/>\n<br \/>\n<a href=\"https:\/\/www.citroenorigins.no\/nb\/biler\/cactus-m\" target=\"_blank\" rel=\"noopener\"><strong>Citroen Cactus-M<\/strong><\/a><br \/>\n\n<\/div>\n","protected":false,"gt_translate_keys":[{"key":"rendered","format":"html"}]},"excerpt":{"rendered":"<p>Jeg skulle gjerne hatt en Citro\u00ebn M\u00e9hari i min egen garasje. I god stand koster de omtrent \u20ac 15 000. Billigere kommer de neppe til \u00e5 bli. Citro\u00ebn M\u00e9hari har nemlig blitt en stor kultbil i Europa. Jeg kommer ofte over M\u00e9hari&#8217;er n\u00e5r jeg sykler i det Syd-Franske landskapet. Det er bonden som gjerne kj\u00f8rer [&hellip;]<\/p>\n","protected":false,"gt_translate_keys":[{"key":"rendered","format":"html"}]},"author":1,"featured_media":8932,"comment_status":"open","ping_status":"open","sticky":false,"template":"","format":"standard","meta":{"_monsterinsights_skip_tracking":false,"_monsterinsights_sitenote_active":false,"_monsterinsights_sitenote_note":"","_monsterinsights_sitenote_category":0,"jetpack_post_was_ever_published":false,"_jetpack_newsletter_access":"","_jetpack_dont_email_post_to_subs":true,"_jetpack_newsletter_tier_id":0,"_jetpack_memberships_contains_paywalled_content":false,"_jetpack_memberships_contains_paid_content":false,"footnotes":"","jetpack_publicize_message":"","jetpack_publicize_feature_enabled":true,"jetpack_social_post_already_shared":true,"jetpack_social_options":{"image_generator_settings":{"template":"highway","default_image_id":0,"font":"","enabled":false},"version":2}},"categories":[34,19,2360,2359],"tags":[1078,1075,1072,1073,1071,1070,1077,1076,1074],"class_list":["post-8935","post","type-post","status-publish","format-standard","has-post-thumbnail","hentry","category-artikkel","category-citroen","category-e-mehari","category-mehari","tag-antenne-plastbiler","tag-cactus-mehari","tag-cactus-m","tag-citroen-mehari","tag-e-mehari","tag-mehari","tag-mehari-brannrisiko","tag-mehari-elbil","tag-nye-mehari"],"yoast_head":"<!-- This site is optimized with the Yoast SEO plugin v27.5 - https:\/\/yoast.com\/product\/yoast-seo-wordpress\/ -->\n<title>Citroen i plast - Terjes biler - Cactus-M eller e-Mehari?<\/title>\n<meta name=\"description\" content=\"Myk plast som tr\u00e5bilene p\u00e5 lekeplassen? Kan elektriske e-M\u00e9hari v\u00e6re et alternativ til den klassiske M\u00e9hari?\" \/>\n<meta name=\"robots\" content=\"index, follow, max-snippet:-1, max-image-preview:large, max-video-preview:-1\" \/>\n<link rel=\"canonical\" href=\"https:\/\/terjebjornstad.com\/no\/2016\/12\/26\/citroen-i-plast\/\" \/>\n<meta property=\"og:locale\" content=\"nb_NO\" \/>\n<meta property=\"og:type\" content=\"article\" \/>\n<meta property=\"og:title\" content=\"Citroen i plast - Terjes biler - Cactus-M eller e-Mehari?\" \/>\n<meta property=\"og:description\" content=\"Myk plast som tr\u00e5bilene p\u00e5 lekeplassen? Kan elektriske e-M\u00e9hari v\u00e6re et alternativ til den klassiske M\u00e9hari?\" \/>\n<meta property=\"og:url\" content=\"https:\/\/terjebjornstad.com\/no\/2016\/12\/26\/citroen-i-plast\/\" \/>\n<meta property=\"og:site_name\" content=\"Terjes biler\" \/>\n<meta property=\"article:publisher\" content=\"https:\/\/www.facebook.com\/terjesbiler\/\" \/>\n<meta property=\"article:author\" content=\"https:\/\/www.facebook.com\/terjesbiler\" \/>\n<meta property=\"article:published_time\" content=\"2016-12-26T01:48:59+00:00\" \/>\n<meta property=\"article:modified_time\" content=\"2026-03-18T17:01:27+00:00\" \/>\n<meta property=\"og:image\" content=\"https:\/\/terjebjornstad.com\/no\/wp-content\/uploads\/2016\/12\/cactus-m.png\" \/>\n\t<meta property=\"og:image:width\" content=\"686\" \/>\n\t<meta property=\"og:image:height\" content=\"312\" \/>\n\t<meta property=\"og:image:type\" content=\"image\/png\" \/>\n<meta name=\"author\" content=\"Terje Bj\u00f8rnstad\" \/>\n<meta name=\"twitter:card\" content=\"summary_large_image\" \/>\n<meta name=\"twitter:label1\" content=\"Skrevet av\" \/>\n\t<meta name=\"twitter:data1\" content=\"Terje Bj\u00f8rnstad\" \/>\n\t<meta name=\"twitter:label2\" content=\"Ansl. lesetid\" \/>\n\t<meta name=\"twitter:data2\" content=\"6 minutter\" \/>\n<script type=\"application\/ld+json\" class=\"yoast-schema-graph\">{\"@context\":\"https:\\\/\\\/schema.org\",\"@graph\":[{\"@type\":\"Article\",\"@id\":\"https:\\\/\\\/terjebjornstad.com\\\/no\\\/2016\\\/12\\\/26\\\/citroen-i-plast\\\/#article\",\"isPartOf\":{\"@id\":\"https:\\\/\\\/terjebjornstad.com\\\/no\\\/2016\\\/12\\\/26\\\/citroen-i-plast\\\/\"},\"author\":{\"name\":\"Terje Bj\u00f8rnstad\",\"@id\":\"https:\\\/\\\/terjebjornstad.com\\\/no\\\/#\\\/schema\\\/person\\\/a281f6a6e0f3cc9fe468e7f0c655aa65\"},\"headline\":\"Citroen i plast\",\"datePublished\":\"2016-12-26T01:48:59+00:00\",\"dateModified\":\"2026-03-18T17:01:27+00:00\",\"mainEntityOfPage\":{\"@id\":\"https:\\\/\\\/terjebjornstad.com\\\/no\\\/2016\\\/12\\\/26\\\/citroen-i-plast\\\/\"},\"wordCount\":727,\"commentCount\":0,\"publisher\":{\"@id\":\"https:\\\/\\\/terjebjornstad.com\\\/no\\\/#organization\"},\"image\":{\"@id\":\"https:\\\/\\\/terjebjornstad.com\\\/no\\\/2016\\\/12\\\/26\\\/citroen-i-plast\\\/#primaryimage\"},\"thumbnailUrl\":\"https:\\\/\\\/i0.wp.com\\\/terjebjornstad.com\\\/no\\\/wp-content\\\/uploads\\\/2016\\\/12\\\/cactus-m.png?fit=686%2C312&ssl=1\",\"keywords\":[\"antenne plastbiler\",\"cactus mehari\",\"cactus-m\",\"citroen mehari\",\"e-mehari\",\"mehari\",\"mehari brannrisiko\",\"mehari elbil\",\"nye mehari\"],\"articleSection\":[\"Artikkel\",\"Citroen\",\"e-Mehari\",\"Mehari\"],\"inLanguage\":\"nb-NO\",\"potentialAction\":[{\"@type\":\"CommentAction\",\"name\":\"Comment\",\"target\":[\"https:\\\/\\\/terjebjornstad.com\\\/no\\\/2016\\\/12\\\/26\\\/citroen-i-plast\\\/#respond\"]}]},{\"@type\":\"WebPage\",\"@id\":\"https:\\\/\\\/terjebjornstad.com\\\/no\\\/2016\\\/12\\\/26\\\/citroen-i-plast\\\/\",\"url\":\"https:\\\/\\\/terjebjornstad.com\\\/no\\\/2016\\\/12\\\/26\\\/citroen-i-plast\\\/\",\"name\":\"Citroen i plast - Terjes biler - Cactus-M eller e-Mehari?\",\"isPartOf\":{\"@id\":\"https:\\\/\\\/terjebjornstad.com\\\/no\\\/#website\"},\"primaryImageOfPage\":{\"@id\":\"https:\\\/\\\/terjebjornstad.com\\\/no\\\/2016\\\/12\\\/26\\\/citroen-i-plast\\\/#primaryimage\"},\"image\":{\"@id\":\"https:\\\/\\\/terjebjornstad.com\\\/no\\\/2016\\\/12\\\/26\\\/citroen-i-plast\\\/#primaryimage\"},\"thumbnailUrl\":\"https:\\\/\\\/i0.wp.com\\\/terjebjornstad.com\\\/no\\\/wp-content\\\/uploads\\\/2016\\\/12\\\/cactus-m.png?fit=686%2C312&ssl=1\",\"datePublished\":\"2016-12-26T01:48:59+00:00\",\"dateModified\":\"2026-03-18T17:01:27+00:00\",\"description\":\"Myk plast som tr\u00e5bilene p\u00e5 lekeplassen? Kan elektriske e-M\u00e9hari v\u00e6re et alternativ til den klassiske M\u00e9hari?\",\"breadcrumb\":{\"@id\":\"https:\\\/\\\/terjebjornstad.com\\\/no\\\/2016\\\/12\\\/26\\\/citroen-i-plast\\\/#breadcrumb\"},\"inLanguage\":\"nb-NO\",\"potentialAction\":[{\"@type\":\"ReadAction\",\"target\":[\"https:\\\/\\\/terjebjornstad.com\\\/no\\\/2016\\\/12\\\/26\\\/citroen-i-plast\\\/\"]}]},{\"@type\":\"ImageObject\",\"inLanguage\":\"nb-NO\",\"@id\":\"https:\\\/\\\/terjebjornstad.com\\\/no\\\/2016\\\/12\\\/26\\\/citroen-i-plast\\\/#primaryimage\",\"url\":\"https:\\\/\\\/i0.wp.com\\\/terjebjornstad.com\\\/no\\\/wp-content\\\/uploads\\\/2016\\\/12\\\/cactus-m.png?fit=686%2C312&ssl=1\",\"contentUrl\":\"https:\\\/\\\/i0.wp.com\\\/terjebjornstad.com\\\/no\\\/wp-content\\\/uploads\\\/2016\\\/12\\\/cactus-m.png?fit=686%2C312&ssl=1\",\"width\":686,\"height\":312,\"caption\":\"To plastbiler. Til h\u00f8yre den gamle M\u00e9hari, til venstre Cactus-M som skulle f\u00f8re M\u00e9hari-stafettpinnen videre, men som endte opp som en konseptbil.\"},{\"@type\":\"BreadcrumbList\",\"@id\":\"https:\\\/\\\/terjebjornstad.com\\\/no\\\/2016\\\/12\\\/26\\\/citroen-i-plast\\\/#breadcrumb\",\"itemListElement\":[{\"@type\":\"ListItem\",\"position\":1,\"name\":\"Hjem\",\"item\":\"https:\\\/\\\/terjebjornstad.com\\\/no\\\/\"},{\"@type\":\"ListItem\",\"position\":2,\"name\":\"Citroen i plast\"}]},{\"@type\":\"WebSite\",\"@id\":\"https:\\\/\\\/terjebjornstad.com\\\/no\\\/#website\",\"url\":\"https:\\\/\\\/terjebjornstad.com\\\/no\\\/\",\"name\":\"Terjes biler\",\"description\":\"HONEST ABOUT CARS\",\"publisher\":{\"@id\":\"https:\\\/\\\/terjebjornstad.com\\\/no\\\/#organization\"},\"alternateName\":\"Terjebjornstad.com\",\"potentialAction\":[{\"@type\":\"SearchAction\",\"target\":{\"@type\":\"EntryPoint\",\"urlTemplate\":\"https:\\\/\\\/terjebjornstad.com\\\/no\\\/?s={search_term_string}\"},\"query-input\":{\"@type\":\"PropertyValueSpecification\",\"valueRequired\":true,\"valueName\":\"search_term_string\"}}],\"inLanguage\":\"nb-NO\"},{\"@type\":\"Organization\",\"@id\":\"https:\\\/\\\/terjebjornstad.com\\\/no\\\/#organization\",\"name\":\"Terje Bj\u00f8rnstad ENK\",\"url\":\"https:\\\/\\\/terjebjornstad.com\\\/no\\\/\",\"logo\":{\"@type\":\"ImageObject\",\"inLanguage\":\"nb-NO\",\"@id\":\"https:\\\/\\\/terjebjornstad.com\\\/no\\\/#\\\/schema\\\/logo\\\/image\\\/\",\"url\":\"https:\\\/\\\/i0.wp.com\\\/terjebjornstad.com\\\/no\\\/wp-content\\\/uploads\\\/2026\\\/02\\\/terjesbiler2024-960x354-1.png?fit=960%2C354&ssl=1\",\"contentUrl\":\"https:\\\/\\\/i0.wp.com\\\/terjebjornstad.com\\\/no\\\/wp-content\\\/uploads\\\/2026\\\/02\\\/terjesbiler2024-960x354-1.png?fit=960%2C354&ssl=1\",\"width\":960,\"height\":354,\"caption\":\"Terje Bj\u00f8rnstad ENK\"},\"image\":{\"@id\":\"https:\\\/\\\/terjebjornstad.com\\\/no\\\/#\\\/schema\\\/logo\\\/image\\\/\"},\"sameAs\":[\"https:\\\/\\\/www.facebook.com\\\/terjesbiler\\\/\",\"https:\\\/\\\/www.instagram.com\\\/terjesbiler\\\/\",\"https:\\\/\\\/www.pinteres.com\\\/terjebjrnstad\\\/terjes-biler\\\/\"]},{\"@type\":\"Person\",\"@id\":\"https:\\\/\\\/terjebjornstad.com\\\/no\\\/#\\\/schema\\\/person\\\/a281f6a6e0f3cc9fe468e7f0c655aa65\",\"name\":\"Terje Bj\u00f8rnstad\",\"image\":{\"@type\":\"ImageObject\",\"inLanguage\":\"nb-NO\",\"@id\":\"https:\\\/\\\/secure.gravatar.com\\\/avatar\\\/e8dff505b51cf6cb67ae06a06022d2049aac2da1e79dc146a36b58798c4b40ea?s=96&d=mm&r=g\",\"url\":\"https:\\\/\\\/secure.gravatar.com\\\/avatar\\\/e8dff505b51cf6cb67ae06a06022d2049aac2da1e79dc146a36b58798c4b40ea?s=96&d=mm&r=g\",\"contentUrl\":\"https:\\\/\\\/secure.gravatar.com\\\/avatar\\\/e8dff505b51cf6cb67ae06a06022d2049aac2da1e79dc146a36b58798c4b40ea?s=96&d=mm&r=g\",\"caption\":\"Terje Bj\u00f8rnstad\"},\"description\":\"Terje Bj\u00f8rnstad. Bloggadministrator, hobbyfotograf og bilnerd.\",\"sameAs\":[\"https:\\\/\\\/www.facebook.com\\\/terjesbiler\",\"https:\\\/\\\/www.instagram.com\\\/terjesbiler\",\"https:\\\/\\\/no.pinterest.com\\\/terjebjrnstad\",\"https:\\\/\\\/www.youtube.com\\\/channel\\\/UCzCKJJDybyIgKqatc_JQqIg\"]}]}<\/script>\n<!-- \/ Yoast SEO plugin. -->","yoast_head_json":{"title":"Citroen i plast - Terjes biler - Cactus-M eller e-Mehari?","description":"Myk plast som tr\u00e5bilene p\u00e5 lekeplassen? Kan elektriske e-M\u00e9hari v\u00e6re et alternativ til den klassiske M\u00e9hari?","robots":{"index":"index","follow":"follow","max-snippet":"max-snippet:-1","max-image-preview":"max-image-preview:large","max-video-preview":"max-video-preview:-1"},"canonical":"https:\/\/terjebjornstad.com\/no\/2016\/12\/26\/citroen-i-plast\/","og_locale":"nb_NO","og_type":"article","og_title":"Citroen i plast - Terjes biler - Cactus-M eller e-Mehari?","og_description":"Myk plast som tr\u00e5bilene p\u00e5 lekeplassen? Kan elektriske e-M\u00e9hari v\u00e6re et alternativ til den klassiske M\u00e9hari?","og_url":"https:\/\/terjebjornstad.com\/no\/2016\/12\/26\/citroen-i-plast\/","og_site_name":"Terjes biler","article_publisher":"https:\/\/www.facebook.com\/terjesbiler\/","article_author":"https:\/\/www.facebook.com\/terjesbiler","article_published_time":"2016-12-26T01:48:59+00:00","article_modified_time":"2026-03-18T17:01:27+00:00","og_image":[{"width":686,"height":312,"url":"https:\/\/terjebjornstad.com\/no\/wp-content\/uploads\/2016\/12\/cactus-m.png","type":"image\/png"}],"author":"Terje Bj\u00f8rnstad","twitter_card":"summary_large_image","twitter_misc":{"Skrevet av":"Terje Bj\u00f8rnstad","Ansl. lesetid":"6 minutter"},"schema":{"@context":"https:\/\/schema.org","@graph":[{"@type":"Article","@id":"https:\/\/terjebjornstad.com\/no\/2016\/12\/26\/citroen-i-plast\/#article","isPartOf":{"@id":"https:\/\/terjebjornstad.com\/no\/2016\/12\/26\/citroen-i-plast\/"},"author":{"name":"Terje Bj\u00f8rnstad","@id":"https:\/\/terjebjornstad.com\/no\/#\/schema\/person\/a281f6a6e0f3cc9fe468e7f0c655aa65"},"headline":"Citroen i plast","datePublished":"2016-12-26T01:48:59+00:00","dateModified":"2026-03-18T17:01:27+00:00","mainEntityOfPage":{"@id":"https:\/\/terjebjornstad.com\/no\/2016\/12\/26\/citroen-i-plast\/"},"wordCount":727,"commentCount":0,"publisher":{"@id":"https:\/\/terjebjornstad.com\/no\/#organization"},"image":{"@id":"https:\/\/terjebjornstad.com\/no\/2016\/12\/26\/citroen-i-plast\/#primaryimage"},"thumbnailUrl":"https:\/\/i0.wp.com\/terjebjornstad.com\/no\/wp-content\/uploads\/2016\/12\/cactus-m.png?fit=686%2C312&ssl=1","keywords":["antenne plastbiler","cactus mehari","cactus-m","citroen mehari","e-mehari","mehari","mehari brannrisiko","mehari elbil","nye mehari"],"articleSection":["Artikkel","Citroen","e-Mehari","Mehari"],"inLanguage":"nb-NO","potentialAction":[{"@type":"CommentAction","name":"Comment","target":["https:\/\/terjebjornstad.com\/no\/2016\/12\/26\/citroen-i-plast\/#respond"]}]},{"@type":"WebPage","@id":"https:\/\/terjebjornstad.com\/no\/2016\/12\/26\/citroen-i-plast\/","url":"https:\/\/terjebjornstad.com\/no\/2016\/12\/26\/citroen-i-plast\/","name":"Citroen i plast - Terjes biler - Cactus-M eller e-Mehari?","isPartOf":{"@id":"https:\/\/terjebjornstad.com\/no\/#website"},"primaryImageOfPage":{"@id":"https:\/\/terjebjornstad.com\/no\/2016\/12\/26\/citroen-i-plast\/#primaryimage"},"image":{"@id":"https:\/\/terjebjornstad.com\/no\/2016\/12\/26\/citroen-i-plast\/#primaryimage"},"thumbnailUrl":"https:\/\/i0.wp.com\/terjebjornstad.com\/no\/wp-content\/uploads\/2016\/12\/cactus-m.png?fit=686%2C312&ssl=1","datePublished":"2016-12-26T01:48:59+00:00","dateModified":"2026-03-18T17:01:27+00:00","description":"Myk plast som tr\u00e5bilene p\u00e5 lekeplassen? Kan elektriske e-M\u00e9hari v\u00e6re et alternativ til den klassiske M\u00e9hari?","breadcrumb":{"@id":"https:\/\/terjebjornstad.com\/no\/2016\/12\/26\/citroen-i-plast\/#breadcrumb"},"inLanguage":"nb-NO","potentialAction":[{"@type":"ReadAction","target":["https:\/\/terjebjornstad.com\/no\/2016\/12\/26\/citroen-i-plast\/"]}]},{"@type":"ImageObject","inLanguage":"nb-NO","@id":"https:\/\/terjebjornstad.com\/no\/2016\/12\/26\/citroen-i-plast\/#primaryimage","url":"https:\/\/i0.wp.com\/terjebjornstad.com\/no\/wp-content\/uploads\/2016\/12\/cactus-m.png?fit=686%2C312&ssl=1","contentUrl":"https:\/\/i0.wp.com\/terjebjornstad.com\/no\/wp-content\/uploads\/2016\/12\/cactus-m.png?fit=686%2C312&ssl=1","width":686,"height":312,"caption":"To plastbiler. Til h\u00f8yre den gamle M\u00e9hari, til venstre Cactus-M som skulle f\u00f8re M\u00e9hari-stafettpinnen videre, men som endte opp som en konseptbil."},{"@type":"BreadcrumbList","@id":"https:\/\/terjebjornstad.com\/no\/2016\/12\/26\/citroen-i-plast\/#breadcrumb","itemListElement":[{"@type":"ListItem","position":1,"name":"Hjem","item":"https:\/\/terjebjornstad.com\/no\/"},{"@type":"ListItem","position":2,"name":"Citroen i plast"}]},{"@type":"WebSite","@id":"https:\/\/terjebjornstad.com\/no\/#website","url":"https:\/\/terjebjornstad.com\/no\/","name":"Terjes biler","description":"HONEST ABOUT CARS","publisher":{"@id":"https:\/\/terjebjornstad.com\/no\/#organization"},"alternateName":"Terjebjornstad.com","potentialAction":[{"@type":"SearchAction","target":{"@type":"EntryPoint","urlTemplate":"https:\/\/terjebjornstad.com\/no\/?s={search_term_string}"},"query-input":{"@type":"PropertyValueSpecification","valueRequired":true,"valueName":"search_term_string"}}],"inLanguage":"nb-NO"},{"@type":"Organization","@id":"https:\/\/terjebjornstad.com\/no\/#organization","name":"Terje Bj\u00f8rnstad ENK","url":"https:\/\/terjebjornstad.com\/no\/","logo":{"@type":"ImageObject","inLanguage":"nb-NO","@id":"https:\/\/terjebjornstad.com\/no\/#\/schema\/logo\/image\/","url":"https:\/\/i0.wp.com\/terjebjornstad.com\/no\/wp-content\/uploads\/2026\/02\/terjesbiler2024-960x354-1.png?fit=960%2C354&ssl=1","contentUrl":"https:\/\/i0.wp.com\/terjebjornstad.com\/no\/wp-content\/uploads\/2026\/02\/terjesbiler2024-960x354-1.png?fit=960%2C354&ssl=1","width":960,"height":354,"caption":"Terje Bj\u00f8rnstad ENK"},"image":{"@id":"https:\/\/terjebjornstad.com\/no\/#\/schema\/logo\/image\/"},"sameAs":["https:\/\/www.facebook.com\/terjesbiler\/","https:\/\/www.instagram.com\/terjesbiler\/","https:\/\/www.pinteres.com\/terjebjrnstad\/terjes-biler\/"]},{"@type":"Person","@id":"https:\/\/terjebjornstad.com\/no\/#\/schema\/person\/a281f6a6e0f3cc9fe468e7f0c655aa65","name":"Terje Bj\u00f8rnstad","image":{"@type":"ImageObject","inLanguage":"nb-NO","@id":"https:\/\/secure.gravatar.com\/avatar\/e8dff505b51cf6cb67ae06a06022d2049aac2da1e79dc146a36b58798c4b40ea?s=96&d=mm&r=g","url":"https:\/\/secure.gravatar.com\/avatar\/e8dff505b51cf6cb67ae06a06022d2049aac2da1e79dc146a36b58798c4b40ea?s=96&d=mm&r=g","contentUrl":"https:\/\/secure.gravatar.com\/avatar\/e8dff505b51cf6cb67ae06a06022d2049aac2da1e79dc146a36b58798c4b40ea?s=96&d=mm&r=g","caption":"Terje Bj\u00f8rnstad"},"description":"Terje Bj\u00f8rnstad. Bloggadministrator, hobbyfotograf og bilnerd.","sameAs":["https:\/\/www.facebook.com\/terjesbiler","https:\/\/www.instagram.com\/terjesbiler","https:\/\/no.pinterest.com\/terjebjrnstad","https:\/\/www.youtube.com\/channel\/UCzCKJJDybyIgKqatc_JQqIg"]}]}},"jetpack_publicize_connections":[],"jetpack_featured_media_url":"https:\/\/i0.wp.com\/terjebjornstad.com\/no\/wp-content\/uploads\/2016\/12\/cactus-m.png?fit=686%2C312&ssl=1","jetpack_sharing_enabled":true,"jetpack_shortlink":"https:\/\/wp.me\/p48zYA-2k7","jetpack-related-posts":[{"id":39965,"url":"https:\/\/terjebjornstad.com\/no\/2021\/05\/07\/2cv-elbil-pa-20-timer\/","url_meta":{"origin":8935,"position":0},"title":"2CV &#8211; elbil p\u00e5 20 timer","author":"Terje Bj\u00f8rnstad","date":"07\/05\/2021","format":false,"excerpt":"Selv om Citroen 2CV ikke lenger er i produksjon, holdes bilene i live av entusiastiske bilklubber. En av de mest betydningsfulle, er 2CV M\u00e9hari Club i Cassis, Syd-Frankrike. De har blant annet overtatt st\u00f8peformene til M\u00e9hari, som jo er laget av plast. Bedriften forsyner hele Frankrikes 2CV-milj\u00f8 med nye og\u2026","rel":"","context":"i &quot;2CV&quot;","block_context":{"text":"2CV","link":"https:\/\/terjebjornstad.com\/no\/category\/citroen\/2cv\/"},"img":{"alt_text":"","src":"https:\/\/i0.wp.com\/terjebjornstad.com\/no\/wp-content\/uploads\/2021\/05\/rfit-elektro-2cv-686x457-1.png?fit=686%2C457&ssl=1&resize=350%2C200","width":350,"height":200,"srcset":"https:\/\/i0.wp.com\/terjebjornstad.com\/no\/wp-content\/uploads\/2021\/05\/rfit-elektro-2cv-686x457-1.png?fit=686%2C457&ssl=1&resize=350%2C200 1x, https:\/\/i0.wp.com\/terjebjornstad.com\/no\/wp-content\/uploads\/2021\/05\/rfit-elektro-2cv-686x457-1.png?fit=686%2C457&ssl=1&resize=525%2C300 1.5x"},"classes":[]},{"id":14391,"url":"https:\/\/terjebjornstad.com\/no\/2018\/01\/03\/tilslagsprisene\/","url_meta":{"origin":8935,"position":1},"title":"Tilslagsprisene","author":"Terje Bj\u00f8rnstad","date":"03\/01\/2018","format":false,"excerpt":"F\u00f8r jul ble det holdt auksjon over gjenstander og kj\u00f8ret\u00f8yer fra Le Conservatoire Citro\u00ebn i Aulnay-sous-Bois utenfor Paris. I f\u00f8lge auksjonskatalogen har de nesten 700 biler p\u00e5 lager, og det er duplikater som skal legges under hammeren for at de kan f\u00e5 et nytt liv. \u00a0 Bilpressen har uttrykt bekymring\u2026","rel":"","context":"i &quot;Artikkel&quot;","block_context":{"text":"Artikkel","link":"https:\/\/terjebjornstad.com\/no\/category\/artikkel\/"},"img":{"alt_text":"","src":"https:\/\/i0.wp.com\/terjebjornstad.com\/no\/wp-content\/uploads\/2018\/01\/2_98_06.jpg?fit=686%2C457&ssl=1&resize=350%2C200","width":350,"height":200,"srcset":"https:\/\/i0.wp.com\/terjebjornstad.com\/no\/wp-content\/uploads\/2018\/01\/2_98_06.jpg?fit=686%2C457&ssl=1&resize=350%2C200 1x, https:\/\/i0.wp.com\/terjebjornstad.com\/no\/wp-content\/uploads\/2018\/01\/2_98_06.jpg?fit=686%2C457&ssl=1&resize=525%2C300 1.5x"},"classes":[]},{"id":25395,"url":"https:\/\/terjebjornstad.com\/no\/2019\/08\/14\/franske-klassikere-5\/","url_meta":{"origin":8935,"position":2},"title":"Franske klassikere 5","author":"Terje Bj\u00f8rnstad","date":"14\/08\/2019","format":false,"excerpt":"Dette er artikkel nummer 5 i en serie om fransk bilindustri og franske biler - sett med norske \u00f8yne i Frankrike. Da Renault Norge for noen uker siden kj\u00f8rte en reklamekampanje p\u00e5 Facebook for sin nye Captur, kom det mange surmagede kommentarer fra litt til\u00e5rskomne lesere. Ikke om Renault Captur,\u2026","rel":"","context":"i &quot;Artikkel&quot;","block_context":{"text":"Artikkel","link":"https:\/\/terjebjornstad.com\/no\/category\/artikkel\/"},"img":{"alt_text":"","src":"https:\/\/i0.wp.com\/terjebjornstad.com\/no\/wp-content\/uploads\/2019\/08\/renault-12-1080x1080.png?fit=1080%2C1080&ssl=1&resize=350%2C200","width":350,"height":200,"srcset":"https:\/\/i0.wp.com\/terjebjornstad.com\/no\/wp-content\/uploads\/2019\/08\/renault-12-1080x1080.png?fit=1080%2C1080&ssl=1&resize=350%2C200 1x, https:\/\/i0.wp.com\/terjebjornstad.com\/no\/wp-content\/uploads\/2019\/08\/renault-12-1080x1080.png?fit=1080%2C1080&ssl=1&resize=525%2C300 1.5x, https:\/\/i0.wp.com\/terjebjornstad.com\/no\/wp-content\/uploads\/2019\/08\/renault-12-1080x1080.png?fit=1080%2C1080&ssl=1&resize=700%2C400 2x, https:\/\/i0.wp.com\/terjebjornstad.com\/no\/wp-content\/uploads\/2019\/08\/renault-12-1080x1080.png?fit=1080%2C1080&ssl=1&resize=1050%2C600 3x"},"classes":[]},{"id":13772,"url":"https:\/\/terjebjornstad.com\/no\/2017\/11\/15\/husker-du-disse-franske\/","url_meta":{"origin":8935,"position":3},"title":"Husker du disse franske?","author":"Terje Bj\u00f8rnstad","date":"15\/11\/2017","format":false,"excerpt":"Jeg kunne godt fortelle at franskmenn elsker sine biler og sin bilhistorie. De elsker ogs\u00e5 tegneserier. Jeg kjenner ikke til noe land i verden som har s\u00e5 stort utvalg av bilblader og tegneserieblader som dem. Og hvis du - som meg - liker b\u00e5de biler og tegneserier, kan du glede\u2026","rel":"","context":"i &quot;Artikkel&quot;","block_context":{"text":"Artikkel","link":"https:\/\/terjebjornstad.com\/no\/category\/artikkel\/"},"img":{"alt_text":"","src":"https:\/\/i0.wp.com\/terjebjornstad.com\/no\/wp-content\/uploads\/2023\/02\/renault-5-mk1-686-1.jpg?fit=686%2C457&ssl=1&resize=350%2C200","width":350,"height":200,"srcset":"https:\/\/i0.wp.com\/terjebjornstad.com\/no\/wp-content\/uploads\/2023\/02\/renault-5-mk1-686-1.jpg?fit=686%2C457&ssl=1&resize=350%2C200 1x, https:\/\/i0.wp.com\/terjebjornstad.com\/no\/wp-content\/uploads\/2023\/02\/renault-5-mk1-686-1.jpg?fit=686%2C457&ssl=1&resize=525%2C300 1.5x"},"classes":[]},{"id":18389,"url":"https:\/\/terjebjornstad.com\/no\/2018\/08\/08\/franske-klassikere-2\/","url_meta":{"origin":8935,"position":4},"title":"Franske klassikere 2","author":"Terje Bj\u00f8rnstad","date":"08\/08\/2018","format":false,"excerpt":"Fine sommerdager i Syd-Frankrike har resultert i bilder av noen spesielle biler. Velkommen til det andre innlegget i serien \"Franske klassikere\"! Renault Vel Satis Den er st\u00f8rre enn man skulle tro. Renault Vel Satis er en fullsize europeisk executive car. De ytre m\u00e5lene er som f\u00f8lger: Lengde 4,86, bredde 1,86\u2026","rel":"","context":"i &quot;Artikkel&quot;","block_context":{"text":"Artikkel","link":"https:\/\/terjebjornstad.com\/no\/category\/artikkel\/"},"img":{"alt_text":"","src":"https:\/\/i0.wp.com\/terjebjornstad.com\/no\/wp-content\/uploads\/2018\/08\/velsatis-1080x1080.png?fit=1080%2C1080&ssl=1&resize=350%2C200","width":350,"height":200,"srcset":"https:\/\/i0.wp.com\/terjebjornstad.com\/no\/wp-content\/uploads\/2018\/08\/velsatis-1080x1080.png?fit=1080%2C1080&ssl=1&resize=350%2C200 1x, https:\/\/i0.wp.com\/terjebjornstad.com\/no\/wp-content\/uploads\/2018\/08\/velsatis-1080x1080.png?fit=1080%2C1080&ssl=1&resize=525%2C300 1.5x, https:\/\/i0.wp.com\/terjebjornstad.com\/no\/wp-content\/uploads\/2018\/08\/velsatis-1080x1080.png?fit=1080%2C1080&ssl=1&resize=700%2C400 2x, https:\/\/i0.wp.com\/terjebjornstad.com\/no\/wp-content\/uploads\/2018\/08\/velsatis-1080x1080.png?fit=1080%2C1080&ssl=1&resize=1050%2C600 3x"},"classes":[]},{"id":75269,"url":"https:\/\/terjebjornstad.com\/no\/2024\/09\/16\/citronnades-2024\/","url_meta":{"origin":8935,"position":5},"title":"Citronnades 2024","author":"Terje Bj\u00f8rnstad","date":"16\/09\/2024","format":false,"excerpt":"\u00c5rets Citronnades var den 10. i rekken hvor klassiske Citroen-biler fra fjern og n\u00e6r samles i Sainte-Marie-la-Mer i Occitanie, Frankrike. Citronnade - eller \"sitronade\" - er en lemonade laget av sitroner. Men her er det brukt om en samling av fine klassiske biler av merket Citroen. Citronnades omfatter blant annet\u2026","rel":"","context":"i &quot;Bilutstilling&quot;","block_context":{"text":"Bilutstilling","link":"https:\/\/terjebjornstad.com\/no\/category\/bilutstilling\/"},"img":{"alt_text":"","src":"https:\/\/i0.wp.com\/terjebjornstad.com\/no\/wp-content\/uploads\/2024\/09\/1-1-citronnades-1920x1280-1.jpg?fit=1200%2C800&ssl=1&resize=350%2C200","width":350,"height":200,"srcset":"https:\/\/i0.wp.com\/terjebjornstad.com\/no\/wp-content\/uploads\/2024\/09\/1-1-citronnades-1920x1280-1.jpg?fit=1200%2C800&ssl=1&resize=350%2C200 1x, https:\/\/i0.wp.com\/terjebjornstad.com\/no\/wp-content\/uploads\/2024\/09\/1-1-citronnades-1920x1280-1.jpg?fit=1200%2C800&ssl=1&resize=525%2C300 1.5x, https:\/\/i0.wp.com\/terjebjornstad.com\/no\/wp-content\/uploads\/2024\/09\/1-1-citronnades-1920x1280-1.jpg?fit=1200%2C800&ssl=1&resize=700%2C400 2x, https:\/\/i0.wp.com\/terjebjornstad.com\/no\/wp-content\/uploads\/2024\/09\/1-1-citronnades-1920x1280-1.jpg?fit=1200%2C800&ssl=1&resize=1050%2C600 3x"},"classes":[]}],"gt_translate_keys":[{"key":"link","format":"url"}],"_links":{"self":[{"href":"https:\/\/terjebjornstad.com\/no\/wp-json\/wp\/v2\/posts\/8935","targetHints":{"allow":["GET"]}}],"collection":[{"href":"https:\/\/terjebjornstad.com\/no\/wp-json\/wp\/v2\/posts"}],"about":[{"href":"https:\/\/terjebjornstad.com\/no\/wp-json\/wp\/v2\/types\/post"}],"author":[{"embeddable":true,"href":"https:\/\/terjebjornstad.com\/no\/wp-json\/wp\/v2\/users\/1"}],"replies":[{"embeddable":true,"href":"https:\/\/terjebjornstad.com\/no\/wp-json\/wp\/v2\/comments?post=8935"}],"version-history":[{"count":9,"href":"https:\/\/terjebjornstad.com\/no\/wp-json\/wp\/v2\/posts\/8935\/revisions"}],"predecessor-version":[{"id":91500,"href":"https:\/\/terjebjornstad.com\/no\/wp-json\/wp\/v2\/posts\/8935\/revisions\/91500"}],"wp:featuredmedia":[{"embeddable":true,"href":"https:\/\/terjebjornstad.com\/no\/wp-json\/wp\/v2\/media\/8932"}],"wp:attachment":[{"href":"https:\/\/terjebjornstad.com\/no\/wp-json\/wp\/v2\/media?parent=8935"}],"wp:term":[{"taxonomy":"category","embeddable":true,"href":"https:\/\/terjebjornstad.com\/no\/wp-json\/wp\/v2\/categories?post=8935"},{"taxonomy":"post_tag","embeddable":true,"href":"https:\/\/terjebjornstad.com\/no\/wp-json\/wp\/v2\/tags?post=8935"}],"curies":[{"name":"wp","href":"https:\/\/api.w.org\/{rel}","templated":true}]}}