{"id":8658,"date":"2016-11-17T22:40:33","date_gmt":"2016-11-17T22:40:33","guid":{"rendered":"http:\/\/terjebjornstad.com\/no\/?p=8658"},"modified":"2026-02-07T19:44:35","modified_gmt":"2026-02-07T18:44:35","slug":"da-franskmennene-utfordret-porsche","status":"publish","type":"post","link":"https:\/\/terjebjornstad.com\/no\/2016\/11\/17\/da-franskmennene-utfordret-porsche\/","title":{"rendered":"Alpine GTA\/610 V6","gt_translate_keys":[{"key":"rendered","format":"text"}]},"content":{"rendered":"<div class=\"copy_teb\"><figure id=\"attachment_8512\" aria-describedby=\"caption-attachment-8512\" style=\"width: 686px\" class=\"wp-caption aligncenter\"><img data-recalc-dims=\"1\" loading=\"lazy\" decoding=\"async\" data-attachment-id=\"8512\" data-permalink=\"https:\/\/terjebjornstad.com\/no\/renault-alpine-a310\/renault-alpine-310-7\/\" data-orig-file=\"https:\/\/i0.wp.com\/terjebjornstad.com\/no\/wp-content\/uploads\/2016\/11\/renault-alpine-310-7.png?fit=686%2C457&amp;ssl=1\" data-orig-size=\"686,457\" data-comments-opened=\"1\" data-image-meta=\"{&quot;aperture&quot;:&quot;0&quot;,&quot;credit&quot;:&quot;&quot;,&quot;camera&quot;:&quot;&quot;,&quot;caption&quot;:&quot;&quot;,&quot;created_timestamp&quot;:&quot;0&quot;,&quot;copyright&quot;:&quot;&quot;,&quot;focal_length&quot;:&quot;0&quot;,&quot;iso&quot;:&quot;0&quot;,&quot;shutter_speed&quot;:&quot;0&quot;,&quot;title&quot;:&quot;&quot;,&quot;orientation&quot;:&quot;0&quot;}\" data-image-title=\"renault-alpine-610-7\" data-image-description=\"\" data-image-caption=\"&lt;p&gt;Ratter r\u00f8per at denne modellen tilh\u00f8rer slutten av produksjonsperioden (1985-1991).&lt;\/p&gt;\n\" data-large-file=\"https:\/\/i0.wp.com\/terjebjornstad.com\/no\/wp-content\/uploads\/2016\/11\/renault-alpine-310-7.png?fit=686%2C457&amp;ssl=1\" src=\"https:\/\/i0.wp.com\/terjebjornstad.com\/no\/wp-content\/uploads\/2016\/11\/renault-alpine-310-7.png?resize=686%2C457&#038;ssl=1\" alt=\"gta v6\" width=\"686\" height=\"457\" class=\"size-full wp-image-8512\" srcset=\"https:\/\/i0.wp.com\/terjebjornstad.com\/no\/wp-content\/uploads\/2016\/11\/renault-alpine-310-7.png?w=686&amp;ssl=1 686w, https:\/\/i0.wp.com\/terjebjornstad.com\/no\/wp-content\/uploads\/2016\/11\/renault-alpine-310-7.png?resize=300%2C200&amp;ssl=1 300w\" sizes=\"auto, (max-width: 686px) 100vw, 686px\" \/><figcaption id=\"caption-attachment-8512\" class=\"wp-caption-text\">Langt overheng foran og bak. Alpine GTA er dessuten sv\u00e6rt lav.<\/figcaption><\/figure><\/p>\n<blockquote><p>Hvis du leste bilblader p\u00e5 80-tallet, kunne du ikke unng\u00e5 \u00e5 f\u00e5 med deg nyheter om den franske superbilen Renault Alpine GTA V6. Selv leste jeg det britiske Car Magazine da Gavin Green var redakt\u00f8r. En av de faste spaltistene var for \u00f8vrig James May, senere kjent fra Top Gear.<\/p><\/blockquote>\n\n<h3 class=\"tebh2\">Tre ti\u00e5r med Alpine<\/h3>\n<p>Franske Alpine var nesten alltid med n\u00e5r ekte Gran Turismo biler skulle sammenlignes. For meg eksisterer det tre legendariske Alpine-modeller. Den vakre A110 fra seksti\u00e5rene, den ekstreme A310 fra sytti\u00e5rene og GTA V6 fra \u00e5tti\u00e5rene, &#8211; som etter hvert fikk en facelift og kalt <em>Alpine 610<\/em> et par \u00e5r f\u00f8r produksjonen ble innstilt. Alpines f\u00f8rste modeller var laget som rene sportsbiler. Lette glassfiber-karosserier, spartansk innredet, ferdige til \u00e5 blir rigget for rally og baneracing &#8211; Mille Miglia, Rally Monte Carlo og Le Mans for \u00e5 nevne noen. <\/p>\n<h3 class=\"tebh2\">Figurerte p\u00e5 l\u00f8psbilder &#8211; sjelden p\u00e5 vei<\/h3>\n<p>Avbildede biler er <em>GTA V6 Turbo<\/em> produsert i tiden 1984 til og med 1991. Renault hadde da overtatt Alpine. Ikke at det spilte noen stor rolle. Alpine hadde jo lenge forsynt seg fra Renaults delelager. Men Renaults sportsdivisjon (<a href=\"https:\/\/www.renaultsport.com\/\" target=\"_blank\" rel=\"noopener noreferrer\"><strong>RenaultSport.com<\/strong><\/a>) hadde allerede biler som konkurrerte med Alpine. Det Renault manglet, var en st\u00f8rre, mer prestisjefull Gran Turismo som kunne h\u00f8ste sportslige resultater. En fransk Porsche.<\/p>\n<p>&nbsp;<br \/>\n<figure id=\"attachment_8510\" aria-describedby=\"caption-attachment-8510\" style=\"width: 686px\" class=\"wp-caption aligncenter\"><img data-recalc-dims=\"1\" loading=\"lazy\" decoding=\"async\" data-attachment-id=\"8510\" data-permalink=\"https:\/\/terjebjornstad.com\/no\/renault-alpine-a310\/renault-alpine-310-3\/\" data-orig-file=\"https:\/\/i0.wp.com\/terjebjornstad.com\/no\/wp-content\/uploads\/2016\/11\/renault-alpine-310-3.png?fit=686%2C457&amp;ssl=1\" data-orig-size=\"686,457\" data-comments-opened=\"1\" data-image-meta=\"{&quot;aperture&quot;:&quot;0&quot;,&quot;credit&quot;:&quot;&quot;,&quot;camera&quot;:&quot;&quot;,&quot;caption&quot;:&quot;&quot;,&quot;created_timestamp&quot;:&quot;0&quot;,&quot;copyright&quot;:&quot;&quot;,&quot;focal_length&quot;:&quot;0&quot;,&quot;iso&quot;:&quot;0&quot;,&quot;shutter_speed&quot;:&quot;0&quot;,&quot;title&quot;:&quot;&quot;,&quot;orientation&quot;:&quot;0&quot;}\" data-image-title=\"renault-alpine-610-3\" data-image-description=\"\" data-image-caption=\"&lt;p&gt;Renault-Alpine A610&lt;\/p&gt;\n\" data-large-file=\"https:\/\/i0.wp.com\/terjebjornstad.com\/no\/wp-content\/uploads\/2016\/11\/renault-alpine-310-3.png?fit=686%2C457&amp;ssl=1\" src=\"https:\/\/i0.wp.com\/terjebjornstad.com\/no\/wp-content\/uploads\/2016\/11\/renault-alpine-310-3.png?resize=686%2C457&#038;ssl=1\" alt=\"gta v6\" width=\"686\" height=\"457\" class=\"size-full wp-image-8510\" srcset=\"https:\/\/i0.wp.com\/terjebjornstad.com\/no\/wp-content\/uploads\/2016\/11\/renault-alpine-310-3.png?w=686&amp;ssl=1 686w, https:\/\/i0.wp.com\/terjebjornstad.com\/no\/wp-content\/uploads\/2016\/11\/renault-alpine-310-3.png?resize=300%2C200&amp;ssl=1 300w\" sizes=\"auto, (max-width: 686px) 100vw, 686px\" \/><figcaption id=\"caption-attachment-8510\" class=\"wp-caption-text\">Det er ikke s\u00e5 ofte man f\u00e5r se en Renault Alpine V6 Turbo.<\/figcaption><\/figure><br \/>\n&nbsp;<\/p>\n<p>Glassfiber p\u00e5 st\u00e5lr\u00f8rsramme er ikke bare en fordel innen bilsport, men ogs\u00e5 velegnet for produksjon i sm\u00e5 serier. I l\u00f8pet av \u00e5tte \u00e5r ble det produsert 6.494 biler. Alpine V6 GTA og Turbo har alltid v\u00e6rt et sjeldent syn p\u00e5 veien, selv for de som bor i Mellom- og Syd-Europa. Men vi, som leste internasjonale bilblader som <a href=\"https:\/\/www.carmagazine.co.uk\" target=\"_blank\" rel=\"noopener noreferrer\"><strong>Car Magazine<\/strong><\/a>, ble kjent med bilen <em>der<\/em>.<br \/>\n&nbsp;<br \/>\nGTA har en V6-motor i aluminium, ofte omtalt som PRV-motoren, &#8211; et samarbeid mellom Peugeot, Renault og Volvo. Den g\u00e5r igjen i Volvo 760, Peugeot 604, Renault 25 og, av alle ting, DeLorean. Alpine GTA ble levert med to motorvalg, &#8211; V6 GTA med 160 HK og V6 Turbo med 200 HK.<br \/>\n&nbsp;<br \/>\nDe avbildede modeller er GTA V6 Turbo som er m\u00e5lt fra 0 til 100 p\u00e5 6,7 sekunder. Den veier ikke mer enn 1180 kg. Den har <em>ikke<\/em> servostyring &#8211; hvilket heller ikke er n\u00f8dvendig. Med den lave vekten og en vektfordeling p\u00e5 40\/60 foran\/bak f\u00f8les ikke tannstangstyringen tung, og den skal v\u00e6re sv\u00e6rt direkte. Veigrepet er fantastisk, takket v\u00e6re et p\u00e5kostet understell helt uten elektronikk.<br \/>\n&nbsp;<br \/>\n<figure id=\"attachment_8642\" aria-describedby=\"caption-attachment-8642\" style=\"width: 686px\" class=\"wp-caption aligncenter\"><img data-recalc-dims=\"1\" loading=\"lazy\" decoding=\"async\" data-attachment-id=\"8642\" data-permalink=\"https:\/\/terjebjornstad.com\/no\/renault-alpine-610-17\/\" data-orig-file=\"https:\/\/i0.wp.com\/terjebjornstad.com\/no\/wp-content\/uploads\/2016\/11\/renault-alpine-610-17.png?fit=686%2C457&amp;ssl=1\" data-orig-size=\"686,457\" data-comments-opened=\"1\" data-image-meta=\"{&quot;aperture&quot;:&quot;0&quot;,&quot;credit&quot;:&quot;&quot;,&quot;camera&quot;:&quot;&quot;,&quot;caption&quot;:&quot;&quot;,&quot;created_timestamp&quot;:&quot;0&quot;,&quot;copyright&quot;:&quot;&quot;,&quot;focal_length&quot;:&quot;0&quot;,&quot;iso&quot;:&quot;0&quot;,&quot;shutter_speed&quot;:&quot;0&quot;,&quot;title&quot;:&quot;&quot;,&quot;orientation&quot;:&quot;0&quot;}\" data-image-title=\"renault-alpine-610-17\" data-image-description=\"\" data-image-caption=\"&lt;p&gt;Utvilsomt 80-talls med techno-striper i lykteglasset og turbofelger. Disse 15&amp;#8243; alufelgene var standard.&lt;\/p&gt;\n\" data-large-file=\"https:\/\/i0.wp.com\/terjebjornstad.com\/no\/wp-content\/uploads\/2016\/11\/renault-alpine-610-17.png?fit=686%2C457&amp;ssl=1\" src=\"https:\/\/i0.wp.com\/terjebjornstad.com\/no\/wp-content\/uploads\/2016\/11\/renault-alpine-610-17.png?resize=686%2C457&#038;ssl=1\" alt=\"gta v6\" width=\"686\" height=\"457\" class=\"size-full wp-image-8642\" srcset=\"https:\/\/i0.wp.com\/terjebjornstad.com\/no\/wp-content\/uploads\/2016\/11\/renault-alpine-610-17.png?w=686&amp;ssl=1 686w, https:\/\/i0.wp.com\/terjebjornstad.com\/no\/wp-content\/uploads\/2016\/11\/renault-alpine-610-17.png?resize=300%2C200&amp;ssl=1 300w\" sizes=\"auto, (max-width: 686px) 100vw, 686px\" \/><figcaption id=\"caption-attachment-8642\" class=\"wp-caption-text\">Utvilsomt 80-talls med techno-striper i lykteglasset og turbofelger. Disse 15&#8243; alufelgene var standard.<\/figcaption><\/figure><\/p>\n<h3 class=\"tebh2\">Kunne den hamle opp med en Porsche?<\/h3>\n<p><em>Renault Sport<\/em> er ingen hvem som helst innen bilsport. Renault Alpine GTA har vist seg som en kompetent sportsbil. Men blant bilkj\u00f8perne i eliteklassen ble aldri glassfiber like eksklusivt som st\u00e5l. Jeg synes dessuten at Alpine design er solid parkert i 80-tallet, noe den har til felles med Porsches frontmotoriserte biler 944, 924 og 928. Porsche 911, derimot, er fremdeles et tidl\u00f8st design, noe den har til felles med Alpine A110 &#8211; ogs\u00e5 <em>den<\/em> hekkmotorisert. Men det er en annen historie.<\/p>\n\n<p><figure id=\"attachment_8509\" aria-describedby=\"caption-attachment-8509\" style=\"width: 686px\" class=\"wp-caption aligncenter\"><img data-recalc-dims=\"1\" loading=\"lazy\" decoding=\"async\" data-attachment-id=\"8509\" data-permalink=\"https:\/\/terjebjornstad.com\/no\/renault-alpine-a310\/renault-alpine-310-1\/\" data-orig-file=\"https:\/\/i0.wp.com\/terjebjornstad.com\/no\/wp-content\/uploads\/2016\/11\/renault-alpine-310-1.png?fit=686%2C517&amp;ssl=1\" data-orig-size=\"686,517\" data-comments-opened=\"1\" data-image-meta=\"{&quot;aperture&quot;:&quot;0&quot;,&quot;credit&quot;:&quot;&quot;,&quot;camera&quot;:&quot;&quot;,&quot;caption&quot;:&quot;&quot;,&quot;created_timestamp&quot;:&quot;0&quot;,&quot;copyright&quot;:&quot;&quot;,&quot;focal_length&quot;:&quot;0&quot;,&quot;iso&quot;:&quot;0&quot;,&quot;shutter_speed&quot;:&quot;0&quot;,&quot;title&quot;:&quot;&quot;,&quot;orientation&quot;:&quot;0&quot;}\" data-image-title=\"renault-alpine-610-1\" data-image-description=\"\" data-image-caption=\"&lt;p&gt;F\u00e5r litt Camaro-fornemmelser fra denne synsvinkelen.&lt;\/p&gt;\n\" data-large-file=\"https:\/\/i0.wp.com\/terjebjornstad.com\/no\/wp-content\/uploads\/2016\/11\/renault-alpine-310-1.png?fit=686%2C517&amp;ssl=1\" src=\"https:\/\/i0.wp.com\/terjebjornstad.com\/no\/wp-content\/uploads\/2016\/11\/renault-alpine-310-1.png?resize=686%2C517&#038;ssl=1\" alt=\"gta v6\" width=\"686\" height=\"517\" class=\"size-full wp-image-8509\" srcset=\"https:\/\/i0.wp.com\/terjebjornstad.com\/no\/wp-content\/uploads\/2016\/11\/renault-alpine-310-1.png?w=686&amp;ssl=1 686w, https:\/\/i0.wp.com\/terjebjornstad.com\/no\/wp-content\/uploads\/2016\/11\/renault-alpine-310-1.png?resize=300%2C226&amp;ssl=1 300w\" sizes=\"auto, (max-width: 686px) 100vw, 686px\" \/><figcaption id=\"caption-attachment-8509\" class=\"wp-caption-text\">F\u00e5r litt Camaro-fornemmelser fra denne synsvinkelen. Renault-merket i fronten forteller at denne modellen er produsert f\u00f8r 1989. Fra 1989 ble Renault-merket erstattet med en Alpine-logo, men mange har nok for lengst byttet ut Renault-logoen, uansett.<\/figcaption><\/figure><br \/>\n&nbsp;<br \/>\n<figure id=\"attachment_8638\" aria-describedby=\"caption-attachment-8638\" style=\"width: 686px\" class=\"wp-caption aligncenter\"><a href=\"https:\/\/i0.wp.com\/terjebjornstad.com\/no\/wp-content\/uploads\/2016\/11\/renault-alpine-610-1.png?ssl=1\"><img data-recalc-dims=\"1\" loading=\"lazy\" decoding=\"async\" data-attachment-id=\"8638\" data-permalink=\"https:\/\/terjebjornstad.com\/no\/renault-alpine-a310\/renault-alpine-610-1\/\" data-orig-file=\"https:\/\/i0.wp.com\/terjebjornstad.com\/no\/wp-content\/uploads\/2016\/11\/renault-alpine-610-1.png?fit=686%2C457&amp;ssl=1\" data-orig-size=\"686,457\" data-comments-opened=\"1\" data-image-meta=\"{&quot;aperture&quot;:&quot;0&quot;,&quot;credit&quot;:&quot;&quot;,&quot;camera&quot;:&quot;&quot;,&quot;caption&quot;:&quot;&quot;,&quot;created_timestamp&quot;:&quot;0&quot;,&quot;copyright&quot;:&quot;&quot;,&quot;focal_length&quot;:&quot;0&quot;,&quot;iso&quot;:&quot;0&quot;,&quot;shutter_speed&quot;:&quot;0&quot;,&quot;title&quot;:&quot;&quot;,&quot;orientation&quot;:&quot;0&quot;}\" data-image-title=\"renault-alpine-610-11\" data-image-description=\"\" data-image-caption=\"&lt;p&gt;Renault Alpine 610 er st\u00f8rrelsesmessig som en Porsche 911.&lt;\/p&gt;\n\" data-large-file=\"https:\/\/i0.wp.com\/terjebjornstad.com\/no\/wp-content\/uploads\/2016\/11\/renault-alpine-610-1.png?fit=686%2C457&amp;ssl=1\" src=\"https:\/\/i0.wp.com\/terjebjornstad.com\/no\/wp-content\/uploads\/2016\/11\/renault-alpine-610-1.png?resize=686%2C457&#038;ssl=1\" alt=\"\" width=\"686\" height=\"457\" class=\"size-full wp-image-8638\" srcset=\"https:\/\/i0.wp.com\/terjebjornstad.com\/no\/wp-content\/uploads\/2016\/11\/renault-alpine-610-1.png?w=686&amp;ssl=1 686w, https:\/\/i0.wp.com\/terjebjornstad.com\/no\/wp-content\/uploads\/2016\/11\/renault-alpine-610-1.png?resize=300%2C200&amp;ssl=1 300w\" sizes=\"auto, (max-width: 686px) 100vw, 686px\" \/><\/a><figcaption id=\"caption-attachment-8638\" class=\"wp-caption-text\">Renault Alpine 610 er st\u00f8rrelsesmessig som en Porsche 911.<\/figcaption><\/figure><br \/>\n&nbsp;<br \/>\n<figure id=\"attachment_8644\" aria-describedby=\"caption-attachment-8644\" style=\"width: 686px\" class=\"wp-caption aligncenter\"><a href=\"https:\/\/i0.wp.com\/terjebjornstad.com\/no\/wp-content\/uploads\/2016\/11\/renault-alpine-gta-a610-81.png?ssl=1\"><img data-recalc-dims=\"1\" loading=\"lazy\" decoding=\"async\" data-attachment-id=\"8644\" data-permalink=\"https:\/\/terjebjornstad.com\/no\/2016\/11\/17\/da-franskmennene-utfordret-porsche\/renault-alpine-gta-a610-81\/\" data-orig-file=\"https:\/\/i0.wp.com\/terjebjornstad.com\/no\/wp-content\/uploads\/2016\/11\/renault-alpine-gta-a610-81.png?fit=686%2C457&amp;ssl=1\" data-orig-size=\"686,457\" data-comments-opened=\"1\" data-image-meta=\"{&quot;aperture&quot;:&quot;0&quot;,&quot;credit&quot;:&quot;&quot;,&quot;camera&quot;:&quot;&quot;,&quot;caption&quot;:&quot;&quot;,&quot;created_timestamp&quot;:&quot;0&quot;,&quot;copyright&quot;:&quot;&quot;,&quot;focal_length&quot;:&quot;0&quot;,&quot;iso&quot;:&quot;0&quot;,&quot;shutter_speed&quot;:&quot;0&quot;,&quot;title&quot;:&quot;&quot;,&quot;orientation&quot;:&quot;0&quot;}\" data-image-title=\"renault-alpine-gta-a610-81\" data-image-description=\"\" data-image-caption=\"&lt;p&gt;80-talls sportsinteri\u00f8r p\u00e5 fransk. Skinninteri\u00f8ret holder seg mye bedre enn stoff-interi\u00f8ret.&lt;\/p&gt;\n\" data-large-file=\"https:\/\/i0.wp.com\/terjebjornstad.com\/no\/wp-content\/uploads\/2016\/11\/renault-alpine-gta-a610-81.png?fit=686%2C457&amp;ssl=1\" src=\"https:\/\/i0.wp.com\/terjebjornstad.com\/no\/wp-content\/uploads\/2016\/11\/renault-alpine-gta-a610-81.png?resize=686%2C457&#038;ssl=1\" alt=\"\" width=\"686\" height=\"457\" class=\"size-full wp-image-8644\" srcset=\"https:\/\/i0.wp.com\/terjebjornstad.com\/no\/wp-content\/uploads\/2016\/11\/renault-alpine-gta-a610-81.png?w=686&amp;ssl=1 686w, https:\/\/i0.wp.com\/terjebjornstad.com\/no\/wp-content\/uploads\/2016\/11\/renault-alpine-gta-a610-81.png?resize=300%2C200&amp;ssl=1 300w\" sizes=\"auto, (max-width: 686px) 100vw, 686px\" \/><\/a><figcaption id=\"caption-attachment-8644\" class=\"wp-caption-text\">80-talls sportsinteri\u00f8r p\u00e5 fransk. Skinninteri\u00f8ret holder seg mye bedre enn stoff-interi\u00f8ret.<\/figcaption><\/figure><br \/>\n&nbsp;<br \/>\n<figure id=\"attachment_8649\" aria-describedby=\"caption-attachment-8649\" style=\"width: 686px\" class=\"wp-caption aligncenter\"><a href=\"https:\/\/i0.wp.com\/terjebjornstad.com\/no\/wp-content\/uploads\/2016\/11\/gta-a610-v6-engine-1.png?ssl=1\"><img data-recalc-dims=\"1\" loading=\"lazy\" decoding=\"async\" data-attachment-id=\"8649\" data-permalink=\"https:\/\/terjebjornstad.com\/no\/2016\/11\/17\/da-franskmennene-utfordret-porsche\/gta-a610-v6-engine-1\/\" data-orig-file=\"https:\/\/i0.wp.com\/terjebjornstad.com\/no\/wp-content\/uploads\/2016\/11\/gta-a610-v6-engine-1.png?fit=686%2C457&amp;ssl=1\" data-orig-size=\"686,457\" data-comments-opened=\"1\" data-image-meta=\"{&quot;aperture&quot;:&quot;0&quot;,&quot;credit&quot;:&quot;&quot;,&quot;camera&quot;:&quot;&quot;,&quot;caption&quot;:&quot;&quot;,&quot;created_timestamp&quot;:&quot;0&quot;,&quot;copyright&quot;:&quot;&quot;,&quot;focal_length&quot;:&quot;0&quot;,&quot;iso&quot;:&quot;0&quot;,&quot;shutter_speed&quot;:&quot;0&quot;,&quot;title&quot;:&quot;&quot;,&quot;orientation&quot;:&quot;0&quot;}\" data-image-title=\"gta-a610-v6-engine-1\" data-image-description=\"\" data-image-caption=\"&lt;p&gt;Selv om motoren sitter bak, er den skj\u00f8vet fremover inn der et normalt baksete ville v\u00e6rt (arkivbilde).&lt;\/p&gt;\n\" data-large-file=\"https:\/\/i0.wp.com\/terjebjornstad.com\/no\/wp-content\/uploads\/2016\/11\/gta-a610-v6-engine-1.png?fit=686%2C457&amp;ssl=1\" src=\"https:\/\/i0.wp.com\/terjebjornstad.com\/no\/wp-content\/uploads\/2016\/11\/gta-a610-v6-engine-1.png?resize=686%2C457&#038;ssl=1\" alt=\"\" width=\"686\" height=\"457\" class=\"size-full wp-image-8649\" srcset=\"https:\/\/i0.wp.com\/terjebjornstad.com\/no\/wp-content\/uploads\/2016\/11\/gta-a610-v6-engine-1.png?w=686&amp;ssl=1 686w, https:\/\/i0.wp.com\/terjebjornstad.com\/no\/wp-content\/uploads\/2016\/11\/gta-a610-v6-engine-1.png?resize=300%2C200&amp;ssl=1 300w\" sizes=\"auto, (max-width: 686px) 100vw, 686px\" \/><\/a><figcaption id=\"caption-attachment-8649\" class=\"wp-caption-text\">Selv om motoren sitter bak, er den skj\u00f8vet fremover inn der et normalt baksete ville v\u00e6rt (arkivbilde).<\/figcaption><\/figure><\/p>\n<p><figure id=\"attachment_8650\" aria-describedby=\"caption-attachment-8650\" style=\"width: 686px\" class=\"wp-caption aligncenter\"><a href=\"https:\/\/i0.wp.com\/terjebjornstad.com\/no\/wp-content\/uploads\/2016\/11\/gta-racing.png?ssl=1\"><img data-recalc-dims=\"1\" loading=\"lazy\" decoding=\"async\" data-attachment-id=\"8650\" data-permalink=\"https:\/\/terjebjornstad.com\/no\/renault\/gta-racing\/\" data-orig-file=\"https:\/\/i0.wp.com\/terjebjornstad.com\/no\/wp-content\/uploads\/2016\/11\/gta-racing.png?fit=686%2C457&amp;ssl=1\" data-orig-size=\"686,457\" data-comments-opened=\"1\" data-image-meta=\"{&quot;aperture&quot;:&quot;0&quot;,&quot;credit&quot;:&quot;&quot;,&quot;camera&quot;:&quot;&quot;,&quot;caption&quot;:&quot;&quot;,&quot;created_timestamp&quot;:&quot;0&quot;,&quot;copyright&quot;:&quot;&quot;,&quot;focal_length&quot;:&quot;0&quot;,&quot;iso&quot;:&quot;0&quot;,&quot;shutter_speed&quot;:&quot;0&quot;,&quot;title&quot;:&quot;&quot;,&quot;orientation&quot;:&quot;0&quot;}\" data-image-title=\"gta-racing\" data-image-description=\"\" data-image-caption=\"&lt;p&gt;Alpine p\u00e5 bane.&lt;\/p&gt;\n\" data-large-file=\"https:\/\/i0.wp.com\/terjebjornstad.com\/no\/wp-content\/uploads\/2016\/11\/gta-racing.png?fit=686%2C457&amp;ssl=1\" src=\"https:\/\/i0.wp.com\/terjebjornstad.com\/no\/wp-content\/uploads\/2016\/11\/gta-racing.png?resize=686%2C457&#038;ssl=1\" alt=\"\" width=\"686\" height=\"457\" class=\"size-full wp-image-8650\" srcset=\"https:\/\/i0.wp.com\/terjebjornstad.com\/no\/wp-content\/uploads\/2016\/11\/gta-racing.png?w=686&amp;ssl=1 686w, https:\/\/i0.wp.com\/terjebjornstad.com\/no\/wp-content\/uploads\/2016\/11\/gta-racing.png?resize=300%2C200&amp;ssl=1 300w\" sizes=\"auto, (max-width: 686px) 100vw, 686px\" \/><\/a><figcaption id=\"caption-attachment-8650\" class=\"wp-caption-text\">Alpine p\u00e5 bane.<\/figcaption><\/figure><br \/>\n&nbsp;<br \/>\n<figure id=\"attachment_75835\" aria-describedby=\"caption-attachment-75835\" style=\"width: 1920px\" class=\"wp-caption aligncenter\"><a href=\"https:\/\/i0.wp.com\/terjebjornstad.com\/no\/wp-content\/uploads\/2024\/10\/renault-alpine-v6-turbo-1920x1440-1.jpg?ssl=1\"><img data-recalc-dims=\"1\" loading=\"lazy\" decoding=\"async\" data-attachment-id=\"75835\" data-permalink=\"https:\/\/terjebjornstad.com\/no\/2024\/10\/07\/sondagsfoto-biltreff-pa-kjopesenteret-carre-dor\/renault-alpine-v6-turbo-1920x1440\/\" data-orig-file=\"https:\/\/i0.wp.com\/terjebjornstad.com\/no\/wp-content\/uploads\/2024\/10\/renault-alpine-v6-turbo-1920x1440-1.jpg?fit=1920%2C1440&amp;ssl=1\" data-orig-size=\"1920,1440\" data-comments-opened=\"1\" data-image-meta=\"{&quot;aperture&quot;:&quot;0&quot;,&quot;credit&quot;:&quot;&quot;,&quot;camera&quot;:&quot;&quot;,&quot;caption&quot;:&quot;&quot;,&quot;created_timestamp&quot;:&quot;0&quot;,&quot;copyright&quot;:&quot;&quot;,&quot;focal_length&quot;:&quot;0&quot;,&quot;iso&quot;:&quot;0&quot;,&quot;shutter_speed&quot;:&quot;0&quot;,&quot;title&quot;:&quot;&quot;,&quot;orientation&quot;:&quot;0&quot;}\" data-image-title=\"renault-alpine-v6-turbo-1920&amp;#215;1440\" data-image-description=\"\" data-image-caption=\"&lt;p&gt;Alpine V6 Turbo&lt;\/p&gt;\n\" data-large-file=\"https:\/\/i0.wp.com\/terjebjornstad.com\/no\/wp-content\/uploads\/2024\/10\/renault-alpine-v6-turbo-1920x1440-1.jpg?fit=980%2C735&amp;ssl=1\" src=\"https:\/\/i0.wp.com\/terjebjornstad.com\/no\/wp-content\/uploads\/2024\/10\/renault-alpine-v6-turbo-1920x1440-1.jpg?resize=980%2C735&#038;ssl=1\" alt=\"\" width=\"980\" height=\"735\" class=\"size-full wp-image-75835\" srcset=\"https:\/\/i0.wp.com\/terjebjornstad.com\/no\/wp-content\/uploads\/2024\/10\/renault-alpine-v6-turbo-1920x1440-1.jpg?w=1920&amp;ssl=1 1920w, https:\/\/i0.wp.com\/terjebjornstad.com\/no\/wp-content\/uploads\/2024\/10\/renault-alpine-v6-turbo-1920x1440-1.jpg?resize=300%2C225&amp;ssl=1 300w, https:\/\/i0.wp.com\/terjebjornstad.com\/no\/wp-content\/uploads\/2024\/10\/renault-alpine-v6-turbo-1920x1440-1.jpg?resize=1080%2C810&amp;ssl=1 1080w, https:\/\/i0.wp.com\/terjebjornstad.com\/no\/wp-content\/uploads\/2024\/10\/renault-alpine-v6-turbo-1920x1440-1.jpg?resize=768%2C576&amp;ssl=1 768w, https:\/\/i0.wp.com\/terjebjornstad.com\/no\/wp-content\/uploads\/2024\/10\/renault-alpine-v6-turbo-1920x1440-1.jpg?resize=1536%2C1152&amp;ssl=1 1536w, https:\/\/i0.wp.com\/terjebjornstad.com\/no\/wp-content\/uploads\/2024\/10\/renault-alpine-v6-turbo-1920x1440-1.jpg?resize=690%2C518&amp;ssl=1 690w, https:\/\/i0.wp.com\/terjebjornstad.com\/no\/wp-content\/uploads\/2024\/10\/renault-alpine-v6-turbo-1920x1440-1.jpg?resize=980%2C735&amp;ssl=1 980w\" sizes=\"auto, (max-width: 980px) 100vw, 980px\" \/><\/a><figcaption id=\"caption-attachment-75835\" class=\"wp-caption-text\">Alpine V6 Turbo<\/figcaption><\/figure><br \/>\n&nbsp;<\/p>\n<p><br \/>\n<a href=\"http:\/\/terjebjornstad.com\/alpine\/\"><img data-recalc-dims=\"1\" loading=\"lazy\" decoding=\"async\" data-attachment-id=\"57500\" data-permalink=\"https:\/\/terjebjornstad.com\/no\/alpine\/alpine-logo-300x200-1\/\" data-orig-file=\"https:\/\/i0.wp.com\/terjebjornstad.com\/no\/wp-content\/uploads\/2023\/03\/alpine-logo-300x200-1-1.jpg?fit=300%2C200&amp;ssl=1\" data-orig-size=\"300,200\" data-comments-opened=\"1\" data-image-meta=\"{&quot;aperture&quot;:&quot;0&quot;,&quot;credit&quot;:&quot;&quot;,&quot;camera&quot;:&quot;&quot;,&quot;caption&quot;:&quot;&quot;,&quot;created_timestamp&quot;:&quot;0&quot;,&quot;copyright&quot;:&quot;&quot;,&quot;focal_length&quot;:&quot;0&quot;,&quot;iso&quot;:&quot;0&quot;,&quot;shutter_speed&quot;:&quot;0&quot;,&quot;title&quot;:&quot;&quot;,&quot;orientation&quot;:&quot;0&quot;}\" data-image-title=\"alpine-logo-300&amp;#215;200-1\" data-image-description=\"\" data-image-caption=\"\" data-large-file=\"https:\/\/i0.wp.com\/terjebjornstad.com\/no\/wp-content\/uploads\/2023\/03\/alpine-logo-300x200-1-1.jpg?fit=300%2C200&amp;ssl=1\" src=\"https:\/\/i0.wp.com\/terjebjornstad.com\/no\/wp-content\/uploads\/2023\/03\/alpine-logo-300x200-1-1.jpg?resize=300%2C200&#038;ssl=1\" alt=\"\" width=\"300\" height=\"200\" class=\"aligncenter size-full wp-image-57500\" \/><\/a><\/p>\n<h3 class=\"tebh2\">Se ogs\u00e5<\/h3>\n<p><figure id=\"attachment_19720\" aria-describedby=\"caption-attachment-19720\" style=\"width: 150px\" class=\"wp-caption alignleft\"><a href=\"https:\/\/terjebjornstad.com\/no\/renault-alpine-a110\/\"><img data-recalc-dims=\"1\" loading=\"lazy\" decoding=\"async\" data-attachment-id=\"19720\" data-permalink=\"https:\/\/terjebjornstad.com\/no\/2018\/10\/08\/franske-klassikere-3\/deux-alpines-110-1080x720\/\" data-orig-file=\"https:\/\/i0.wp.com\/terjebjornstad.com\/no\/wp-content\/uploads\/2018\/10\/deux-alpines-110-1080x720.png?fit=1080%2C720&amp;ssl=1\" data-orig-size=\"1080,720\" data-comments-opened=\"1\" data-image-meta=\"{&quot;aperture&quot;:&quot;0&quot;,&quot;credit&quot;:&quot;&quot;,&quot;camera&quot;:&quot;&quot;,&quot;caption&quot;:&quot;&quot;,&quot;created_timestamp&quot;:&quot;0&quot;,&quot;copyright&quot;:&quot;&quot;,&quot;focal_length&quot;:&quot;0&quot;,&quot;iso&quot;:&quot;0&quot;,&quot;shutter_speed&quot;:&quot;0&quot;,&quot;title&quot;:&quot;&quot;,&quot;orientation&quot;:&quot;0&quot;}\" data-image-title=\"deux-alpines-110-1080&amp;#215;720\" data-image-description=\"\" data-image-caption=\"&lt;p&gt;Alpine A110&lt;\/p&gt;\n\" data-large-file=\"https:\/\/i0.wp.com\/terjebjornstad.com\/no\/wp-content\/uploads\/2018\/10\/deux-alpines-110-1080x720.png?fit=980%2C653&amp;ssl=1\" src=\"https:\/\/i0.wp.com\/terjebjornstad.com\/no\/wp-content\/uploads\/2018\/10\/deux-alpines-110-1080x720.png?resize=150%2C150&#038;ssl=1\" alt=\"\" width=\"150\" height=\"150\" class=\"size-thumbnail wp-image-19720\" srcset=\"https:\/\/i0.wp.com\/terjebjornstad.com\/no\/wp-content\/uploads\/2018\/10\/deux-alpines-110-1080x720.png?resize=150%2C150&amp;ssl=1 150w, https:\/\/i0.wp.com\/terjebjornstad.com\/no\/wp-content\/uploads\/2018\/10\/deux-alpines-110-1080x720.png?resize=50%2C50&amp;ssl=1 50w, https:\/\/i0.wp.com\/terjebjornstad.com\/no\/wp-content\/uploads\/2018\/10\/deux-alpines-110-1080x720.png?zoom=2&amp;resize=150%2C150&amp;ssl=1 300w, https:\/\/i0.wp.com\/terjebjornstad.com\/no\/wp-content\/uploads\/2018\/10\/deux-alpines-110-1080x720.png?zoom=3&amp;resize=150%2C150&amp;ssl=1 450w\" sizes=\"auto, (max-width: 150px) 100vw, 150px\" \/><\/a><figcaption id=\"caption-attachment-19720\" class=\"wp-caption-text\">Renault Alpine A110<\/figcaption><\/figure><figure id=\"attachment_39861\" aria-describedby=\"caption-attachment-39861\" style=\"width: 150px\" class=\"wp-caption alignleft\"><a href=\"https:\/\/terjebjornstad.com\/no\/2021\/05\/03\/alpine-friske-franske-fraspark\/\"><img data-recalc-dims=\"1\" loading=\"lazy\" decoding=\"async\" data-attachment-id=\"39861\" data-permalink=\"https:\/\/terjebjornstad.com\/no\/2021\/05\/03\/alpine-friske-franske-fraspark\/profil\/\" data-orig-file=\"https:\/\/i0.wp.com\/terjebjornstad.com\/no\/wp-content\/uploads\/2021\/05\/profil.jpg?fit=1100%2C400&amp;ssl=1\" data-orig-size=\"1100,400\" data-comments-opened=\"1\" data-image-meta=\"{&quot;aperture&quot;:&quot;0&quot;,&quot;credit&quot;:&quot;&quot;,&quot;camera&quot;:&quot;&quot;,&quot;caption&quot;:&quot;&quot;,&quot;created_timestamp&quot;:&quot;0&quot;,&quot;copyright&quot;:&quot;&quot;,&quot;focal_length&quot;:&quot;0&quot;,&quot;iso&quot;:&quot;0&quot;,&quot;shutter_speed&quot;:&quot;0&quot;,&quot;title&quot;:&quot;&quot;,&quot;orientation&quot;:&quot;1&quot;}\" data-image-title=\"profil\" data-image-description=\"\" data-image-caption=\"&lt;p&gt;Alpine &amp;#8211; Friske Franske Fraspark&lt;\/p&gt;\n\" data-large-file=\"https:\/\/i0.wp.com\/terjebjornstad.com\/no\/wp-content\/uploads\/2021\/05\/profil.jpg?fit=980%2C357&amp;ssl=1\" src=\"https:\/\/i0.wp.com\/terjebjornstad.com\/no\/wp-content\/uploads\/2021\/05\/profil.jpg?resize=150%2C150&#038;ssl=1\" alt=\"\" width=\"150\" height=\"150\" class=\"size-thumbnail wp-image-39861\" srcset=\"https:\/\/i0.wp.com\/terjebjornstad.com\/no\/wp-content\/uploads\/2021\/05\/profil.jpg?resize=150%2C150&amp;ssl=1 150w, https:\/\/i0.wp.com\/terjebjornstad.com\/no\/wp-content\/uploads\/2021\/05\/profil.jpg?resize=50%2C50&amp;ssl=1 50w, https:\/\/i0.wp.com\/terjebjornstad.com\/no\/wp-content\/uploads\/2021\/05\/profil.jpg?zoom=2&amp;resize=150%2C150&amp;ssl=1 300w, https:\/\/i0.wp.com\/terjebjornstad.com\/no\/wp-content\/uploads\/2021\/05\/profil.jpg?zoom=3&amp;resize=150%2C150&amp;ssl=1 450w\" sizes=\"auto, (max-width: 150px) 100vw, 150px\" \/><\/a><figcaption id=\"caption-attachment-39861\" class=\"wp-caption-text\">Alpine &#8211; Friske Franske Fraspark<\/figcaption><\/figure><figure id=\"attachment_23061\" aria-describedby=\"caption-attachment-23061\" style=\"width: 150px\" class=\"wp-caption alignleft\"><a href=\"https:\/\/terjebjornstad.com\/no\/renault-alpine-a310\/\"><img data-recalc-dims=\"1\" loading=\"lazy\" decoding=\"async\" data-attachment-id=\"23061\" data-permalink=\"https:\/\/terjebjornstad.com\/no\/2019\/05\/06\/klassisk-katalansk-bakkelop\/alpine-310-66-1-1080x720\/\" data-orig-file=\"https:\/\/i0.wp.com\/terjebjornstad.com\/no\/wp-content\/uploads\/2019\/05\/alpine-310-66-1-1080x720.png?fit=1080%2C720&amp;ssl=1\" data-orig-size=\"1080,720\" data-comments-opened=\"1\" data-image-meta=\"{&quot;aperture&quot;:&quot;0&quot;,&quot;credit&quot;:&quot;&quot;,&quot;camera&quot;:&quot;&quot;,&quot;caption&quot;:&quot;&quot;,&quot;created_timestamp&quot;:&quot;0&quot;,&quot;copyright&quot;:&quot;&quot;,&quot;focal_length&quot;:&quot;0&quot;,&quot;iso&quot;:&quot;0&quot;,&quot;shutter_speed&quot;:&quot;0&quot;,&quot;title&quot;:&quot;&quot;,&quot;orientation&quot;:&quot;0&quot;}\" data-image-title=\"alpine-310-66-1-1080&amp;#215;720\" data-image-description=\"\" data-image-caption=\"&lt;p&gt;Renault-Alpine A310&lt;\/p&gt;\n\" data-large-file=\"https:\/\/i0.wp.com\/terjebjornstad.com\/no\/wp-content\/uploads\/2019\/05\/alpine-310-66-1-1080x720.png?fit=980%2C653&amp;ssl=1\" src=\"https:\/\/i0.wp.com\/terjebjornstad.com\/no\/wp-content\/uploads\/2019\/05\/alpine-310-66-1-1080x720.png?resize=150%2C150&#038;ssl=1\" alt=\"renault a310\" width=\"150\" height=\"150\" class=\"size-thumbnail wp-image-23061\" srcset=\"https:\/\/i0.wp.com\/terjebjornstad.com\/no\/wp-content\/uploads\/2019\/05\/alpine-310-66-1-1080x720.png?resize=150%2C150&amp;ssl=1 150w, https:\/\/i0.wp.com\/terjebjornstad.com\/no\/wp-content\/uploads\/2019\/05\/alpine-310-66-1-1080x720.png?resize=50%2C50&amp;ssl=1 50w, https:\/\/i0.wp.com\/terjebjornstad.com\/no\/wp-content\/uploads\/2019\/05\/alpine-310-66-1-1080x720.png?zoom=2&amp;resize=150%2C150&amp;ssl=1 300w, https:\/\/i0.wp.com\/terjebjornstad.com\/no\/wp-content\/uploads\/2019\/05\/alpine-310-66-1-1080x720.png?zoom=3&amp;resize=150%2C150&amp;ssl=1 450w\" sizes=\"auto, (max-width: 150px) 100vw, 150px\" \/><\/a><figcaption id=\"caption-attachment-23061\" class=\"wp-caption-text\">Renault-Alpine A310<\/figcaption><\/figure><\/p>\n<h6><\/h6>\n<\/div>\n","protected":false,"gt_translate_keys":[{"key":"rendered","format":"html"}]},"excerpt":{"rendered":"<p>Hvis du leste bilblader p\u00e5 80-tallet, kunne du ikke unng\u00e5 \u00e5 f\u00e5 med deg nyheter om den franske superbilen Renault Alpine GTA V6. Selv leste jeg det britiske Car Magazine da Gavin Green var redakt\u00f8r. En av de faste spaltistene var for \u00f8vrig James May, senere kjent fra Top Gear. Tre ti\u00e5r med Alpine Franske [&hellip;]<\/p>\n","protected":false,"gt_translate_keys":[{"key":"rendered","format":"html"}]},"author":1,"featured_media":8512,"comment_status":"open","ping_status":"open","sticky":false,"template":"","format":"standard","meta":{"_monsterinsights_skip_tracking":false,"_monsterinsights_sitenote_active":false,"_monsterinsights_sitenote_note":"","_monsterinsights_sitenote_category":0,"jetpack_post_was_ever_published":false,"_jetpack_newsletter_access":"","_jetpack_dont_email_post_to_subs":true,"_jetpack_newsletter_tier_id":0,"_jetpack_memberships_contains_paywalled_content":false,"_jetpack_memberships_contains_paid_content":false,"footnotes":"","jetpack_publicize_message":"","jetpack_publicize_feature_enabled":true,"jetpack_social_post_already_shared":true,"jetpack_social_options":{"image_generator_settings":{"template":"highway","default_image_id":0,"font":"","enabled":false},"version":2}},"categories":[2397,34,486],"tags":[1011,1009,1010,1008,1015,1013,1012,1014],"class_list":["post-8658","post","type-post","status-publish","format-standard","has-post-thumbnail","hentry","category-alpine","category-artikkel","category-renault","tag-alpine-610","tag-alpine-gt","tag-alpine-gta","tag-alpine-v6-turbo","tag-fransk-gran-turismo","tag-fransk-v6","tag-renault-alpine","tag-renaultsport"],"yoast_head":"<!-- This site is optimized with the Yoast SEO plugin v27.5 - https:\/\/yoast.com\/product\/yoast-seo-wordpress\/ -->\n<title>Alpine GTA\/610 V6 - Terjes biler -<\/title>\n<meta name=\"description\" content=\"Alpine GTA V6 ble en fransk Porsche-utfordrer b\u00e5de p\u00e5 bane og vei, skj\u00f8nt Alpine GTA har alltid v\u00e6rt et sjeldent syn p\u00e5 veien.\" \/>\n<meta name=\"robots\" content=\"index, follow, max-snippet:-1, max-image-preview:large, max-video-preview:-1\" \/>\n<link rel=\"canonical\" href=\"https:\/\/terjebjornstad.com\/no\/2016\/11\/17\/da-franskmennene-utfordret-porsche\/\" \/>\n<meta property=\"og:locale\" content=\"nb_NO\" \/>\n<meta property=\"og:type\" content=\"article\" \/>\n<meta property=\"og:title\" content=\"Alpine GTA\/610 V6 - Terjes biler -\" \/>\n<meta property=\"og:description\" content=\"Alpine GTA V6 ble en fransk Porsche-utfordrer b\u00e5de p\u00e5 bane og vei, skj\u00f8nt Alpine GTA har alltid v\u00e6rt et sjeldent syn p\u00e5 veien.\" \/>\n<meta property=\"og:url\" content=\"https:\/\/terjebjornstad.com\/no\/2016\/11\/17\/da-franskmennene-utfordret-porsche\/\" \/>\n<meta property=\"og:site_name\" content=\"Terjes biler\" \/>\n<meta property=\"article:publisher\" content=\"https:\/\/www.facebook.com\/terjesbiler\/\" \/>\n<meta property=\"article:author\" content=\"https:\/\/www.facebook.com\/terjesbiler\" \/>\n<meta property=\"article:published_time\" content=\"2016-11-17T22:40:33+00:00\" \/>\n<meta property=\"article:modified_time\" content=\"2026-02-07T18:44:35+00:00\" \/>\n<meta property=\"og:image\" content=\"https:\/\/terjebjornstad.com\/no\/wp-content\/uploads\/2016\/11\/renault-alpine-310-7.png\" \/>\n\t<meta property=\"og:image:width\" content=\"686\" \/>\n\t<meta property=\"og:image:height\" content=\"457\" \/>\n\t<meta property=\"og:image:type\" content=\"image\/png\" \/>\n<meta name=\"author\" content=\"Terje Bj\u00f8rnstad\" \/>\n<meta name=\"twitter:card\" content=\"summary_large_image\" \/>\n<meta name=\"twitter:label1\" content=\"Skrevet av\" \/>\n\t<meta name=\"twitter:data1\" content=\"Terje Bj\u00f8rnstad\" \/>\n\t<meta name=\"twitter:label2\" content=\"Ansl. lesetid\" \/>\n\t<meta name=\"twitter:data2\" content=\"6 minutter\" \/>\n<script type=\"application\/ld+json\" class=\"yoast-schema-graph\">{\"@context\":\"https:\\\/\\\/schema.org\",\"@graph\":[{\"@type\":\"Article\",\"@id\":\"https:\\\/\\\/terjebjornstad.com\\\/no\\\/2016\\\/11\\\/17\\\/da-franskmennene-utfordret-porsche\\\/#article\",\"isPartOf\":{\"@id\":\"https:\\\/\\\/terjebjornstad.com\\\/no\\\/2016\\\/11\\\/17\\\/da-franskmennene-utfordret-porsche\\\/\"},\"author\":{\"name\":\"Terje Bj\u00f8rnstad\",\"@id\":\"https:\\\/\\\/terjebjornstad.com\\\/no\\\/#\\\/schema\\\/person\\\/a281f6a6e0f3cc9fe468e7f0c655aa65\"},\"headline\":\"Alpine GTA\\\/610 V6\",\"datePublished\":\"2016-11-17T22:40:33+00:00\",\"dateModified\":\"2026-02-07T18:44:35+00:00\",\"mainEntityOfPage\":{\"@id\":\"https:\\\/\\\/terjebjornstad.com\\\/no\\\/2016\\\/11\\\/17\\\/da-franskmennene-utfordret-porsche\\\/\"},\"wordCount\":733,\"commentCount\":0,\"publisher\":{\"@id\":\"https:\\\/\\\/terjebjornstad.com\\\/no\\\/#organization\"},\"image\":{\"@id\":\"https:\\\/\\\/terjebjornstad.com\\\/no\\\/2016\\\/11\\\/17\\\/da-franskmennene-utfordret-porsche\\\/#primaryimage\"},\"thumbnailUrl\":\"https:\\\/\\\/i0.wp.com\\\/terjebjornstad.com\\\/no\\\/wp-content\\\/uploads\\\/2016\\\/11\\\/renault-alpine-310-7.png?fit=686%2C457&ssl=1\",\"keywords\":[\"alpine 610\",\"alpine gt\",\"alpine gta\",\"alpine v6 turbo\",\"fransk gran turismo\",\"fransk v6\",\"Renault Alpine\",\"renaultsport\"],\"articleSection\":[\"Alpine\",\"Artikkel\",\"Renault\"],\"inLanguage\":\"nb-NO\",\"potentialAction\":[{\"@type\":\"CommentAction\",\"name\":\"Comment\",\"target\":[\"https:\\\/\\\/terjebjornstad.com\\\/no\\\/2016\\\/11\\\/17\\\/da-franskmennene-utfordret-porsche\\\/#respond\"]}]},{\"@type\":\"WebPage\",\"@id\":\"https:\\\/\\\/terjebjornstad.com\\\/no\\\/2016\\\/11\\\/17\\\/da-franskmennene-utfordret-porsche\\\/\",\"url\":\"https:\\\/\\\/terjebjornstad.com\\\/no\\\/2016\\\/11\\\/17\\\/da-franskmennene-utfordret-porsche\\\/\",\"name\":\"Alpine GTA\\\/610 V6 - Terjes biler -\",\"isPartOf\":{\"@id\":\"https:\\\/\\\/terjebjornstad.com\\\/no\\\/#website\"},\"primaryImageOfPage\":{\"@id\":\"https:\\\/\\\/terjebjornstad.com\\\/no\\\/2016\\\/11\\\/17\\\/da-franskmennene-utfordret-porsche\\\/#primaryimage\"},\"image\":{\"@id\":\"https:\\\/\\\/terjebjornstad.com\\\/no\\\/2016\\\/11\\\/17\\\/da-franskmennene-utfordret-porsche\\\/#primaryimage\"},\"thumbnailUrl\":\"https:\\\/\\\/i0.wp.com\\\/terjebjornstad.com\\\/no\\\/wp-content\\\/uploads\\\/2016\\\/11\\\/renault-alpine-310-7.png?fit=686%2C457&ssl=1\",\"datePublished\":\"2016-11-17T22:40:33+00:00\",\"dateModified\":\"2026-02-07T18:44:35+00:00\",\"description\":\"Alpine GTA V6 ble en fransk Porsche-utfordrer b\u00e5de p\u00e5 bane og vei, skj\u00f8nt Alpine GTA har alltid v\u00e6rt et sjeldent syn p\u00e5 veien.\",\"breadcrumb\":{\"@id\":\"https:\\\/\\\/terjebjornstad.com\\\/no\\\/2016\\\/11\\\/17\\\/da-franskmennene-utfordret-porsche\\\/#breadcrumb\"},\"inLanguage\":\"nb-NO\",\"potentialAction\":[{\"@type\":\"ReadAction\",\"target\":[\"https:\\\/\\\/terjebjornstad.com\\\/no\\\/2016\\\/11\\\/17\\\/da-franskmennene-utfordret-porsche\\\/\"]}]},{\"@type\":\"ImageObject\",\"inLanguage\":\"nb-NO\",\"@id\":\"https:\\\/\\\/terjebjornstad.com\\\/no\\\/2016\\\/11\\\/17\\\/da-franskmennene-utfordret-porsche\\\/#primaryimage\",\"url\":\"https:\\\/\\\/i0.wp.com\\\/terjebjornstad.com\\\/no\\\/wp-content\\\/uploads\\\/2016\\\/11\\\/renault-alpine-310-7.png?fit=686%2C457&ssl=1\",\"contentUrl\":\"https:\\\/\\\/i0.wp.com\\\/terjebjornstad.com\\\/no\\\/wp-content\\\/uploads\\\/2016\\\/11\\\/renault-alpine-310-7.png?fit=686%2C457&ssl=1\",\"width\":686,\"height\":457,\"caption\":\"Ratter r\u00f8per at denne modellen tilh\u00f8rer slutten av produksjonsperioden (1985-1991).\"},{\"@type\":\"BreadcrumbList\",\"@id\":\"https:\\\/\\\/terjebjornstad.com\\\/no\\\/2016\\\/11\\\/17\\\/da-franskmennene-utfordret-porsche\\\/#breadcrumb\",\"itemListElement\":[{\"@type\":\"ListItem\",\"position\":1,\"name\":\"Hjem\",\"item\":\"https:\\\/\\\/terjebjornstad.com\\\/no\\\/\"},{\"@type\":\"ListItem\",\"position\":2,\"name\":\"Alpine GTA\\\/610 V6\"}]},{\"@type\":\"WebSite\",\"@id\":\"https:\\\/\\\/terjebjornstad.com\\\/no\\\/#website\",\"url\":\"https:\\\/\\\/terjebjornstad.com\\\/no\\\/\",\"name\":\"Terjes biler\",\"description\":\"HONEST ABOUT CARS\",\"publisher\":{\"@id\":\"https:\\\/\\\/terjebjornstad.com\\\/no\\\/#organization\"},\"alternateName\":\"Terjebjornstad.com\",\"potentialAction\":[{\"@type\":\"SearchAction\",\"target\":{\"@type\":\"EntryPoint\",\"urlTemplate\":\"https:\\\/\\\/terjebjornstad.com\\\/no\\\/?s={search_term_string}\"},\"query-input\":{\"@type\":\"PropertyValueSpecification\",\"valueRequired\":true,\"valueName\":\"search_term_string\"}}],\"inLanguage\":\"nb-NO\"},{\"@type\":\"Organization\",\"@id\":\"https:\\\/\\\/terjebjornstad.com\\\/no\\\/#organization\",\"name\":\"Terje Bj\u00f8rnstad ENK\",\"url\":\"https:\\\/\\\/terjebjornstad.com\\\/no\\\/\",\"logo\":{\"@type\":\"ImageObject\",\"inLanguage\":\"nb-NO\",\"@id\":\"https:\\\/\\\/terjebjornstad.com\\\/no\\\/#\\\/schema\\\/logo\\\/image\\\/\",\"url\":\"https:\\\/\\\/i0.wp.com\\\/terjebjornstad.com\\\/no\\\/wp-content\\\/uploads\\\/2026\\\/02\\\/terjesbiler2024-960x354-1.png?fit=960%2C354&ssl=1\",\"contentUrl\":\"https:\\\/\\\/i0.wp.com\\\/terjebjornstad.com\\\/no\\\/wp-content\\\/uploads\\\/2026\\\/02\\\/terjesbiler2024-960x354-1.png?fit=960%2C354&ssl=1\",\"width\":960,\"height\":354,\"caption\":\"Terje Bj\u00f8rnstad ENK\"},\"image\":{\"@id\":\"https:\\\/\\\/terjebjornstad.com\\\/no\\\/#\\\/schema\\\/logo\\\/image\\\/\"},\"sameAs\":[\"https:\\\/\\\/www.facebook.com\\\/terjesbiler\\\/\",\"https:\\\/\\\/www.instagram.com\\\/terjesbiler\\\/\",\"https:\\\/\\\/www.pinteres.com\\\/terjebjrnstad\\\/terjes-biler\\\/\"]},{\"@type\":\"Person\",\"@id\":\"https:\\\/\\\/terjebjornstad.com\\\/no\\\/#\\\/schema\\\/person\\\/a281f6a6e0f3cc9fe468e7f0c655aa65\",\"name\":\"Terje Bj\u00f8rnstad\",\"image\":{\"@type\":\"ImageObject\",\"inLanguage\":\"nb-NO\",\"@id\":\"https:\\\/\\\/secure.gravatar.com\\\/avatar\\\/e8dff505b51cf6cb67ae06a06022d2049aac2da1e79dc146a36b58798c4b40ea?s=96&d=mm&r=g\",\"url\":\"https:\\\/\\\/secure.gravatar.com\\\/avatar\\\/e8dff505b51cf6cb67ae06a06022d2049aac2da1e79dc146a36b58798c4b40ea?s=96&d=mm&r=g\",\"contentUrl\":\"https:\\\/\\\/secure.gravatar.com\\\/avatar\\\/e8dff505b51cf6cb67ae06a06022d2049aac2da1e79dc146a36b58798c4b40ea?s=96&d=mm&r=g\",\"caption\":\"Terje Bj\u00f8rnstad\"},\"description\":\"Terje Bj\u00f8rnstad. Bloggadministrator, hobbyfotograf og bilnerd.\",\"sameAs\":[\"https:\\\/\\\/www.facebook.com\\\/terjesbiler\",\"https:\\\/\\\/www.instagram.com\\\/terjesbiler\",\"https:\\\/\\\/no.pinterest.com\\\/terjebjrnstad\",\"https:\\\/\\\/www.youtube.com\\\/channel\\\/UCzCKJJDybyIgKqatc_JQqIg\"]}]}<\/script>\n<!-- \/ Yoast SEO plugin. -->","yoast_head_json":{"title":"Alpine GTA\/610 V6 - Terjes biler -","description":"Alpine GTA V6 ble en fransk Porsche-utfordrer b\u00e5de p\u00e5 bane og vei, skj\u00f8nt Alpine GTA har alltid v\u00e6rt et sjeldent syn p\u00e5 veien.","robots":{"index":"index","follow":"follow","max-snippet":"max-snippet:-1","max-image-preview":"max-image-preview:large","max-video-preview":"max-video-preview:-1"},"canonical":"https:\/\/terjebjornstad.com\/no\/2016\/11\/17\/da-franskmennene-utfordret-porsche\/","og_locale":"nb_NO","og_type":"article","og_title":"Alpine GTA\/610 V6 - Terjes biler -","og_description":"Alpine GTA V6 ble en fransk Porsche-utfordrer b\u00e5de p\u00e5 bane og vei, skj\u00f8nt Alpine GTA har alltid v\u00e6rt et sjeldent syn p\u00e5 veien.","og_url":"https:\/\/terjebjornstad.com\/no\/2016\/11\/17\/da-franskmennene-utfordret-porsche\/","og_site_name":"Terjes biler","article_publisher":"https:\/\/www.facebook.com\/terjesbiler\/","article_author":"https:\/\/www.facebook.com\/terjesbiler","article_published_time":"2016-11-17T22:40:33+00:00","article_modified_time":"2026-02-07T18:44:35+00:00","og_image":[{"width":686,"height":457,"url":"https:\/\/terjebjornstad.com\/no\/wp-content\/uploads\/2016\/11\/renault-alpine-310-7.png","type":"image\/png"}],"author":"Terje Bj\u00f8rnstad","twitter_card":"summary_large_image","twitter_misc":{"Skrevet av":"Terje Bj\u00f8rnstad","Ansl. lesetid":"6 minutter"},"schema":{"@context":"https:\/\/schema.org","@graph":[{"@type":"Article","@id":"https:\/\/terjebjornstad.com\/no\/2016\/11\/17\/da-franskmennene-utfordret-porsche\/#article","isPartOf":{"@id":"https:\/\/terjebjornstad.com\/no\/2016\/11\/17\/da-franskmennene-utfordret-porsche\/"},"author":{"name":"Terje Bj\u00f8rnstad","@id":"https:\/\/terjebjornstad.com\/no\/#\/schema\/person\/a281f6a6e0f3cc9fe468e7f0c655aa65"},"headline":"Alpine GTA\/610 V6","datePublished":"2016-11-17T22:40:33+00:00","dateModified":"2026-02-07T18:44:35+00:00","mainEntityOfPage":{"@id":"https:\/\/terjebjornstad.com\/no\/2016\/11\/17\/da-franskmennene-utfordret-porsche\/"},"wordCount":733,"commentCount":0,"publisher":{"@id":"https:\/\/terjebjornstad.com\/no\/#organization"},"image":{"@id":"https:\/\/terjebjornstad.com\/no\/2016\/11\/17\/da-franskmennene-utfordret-porsche\/#primaryimage"},"thumbnailUrl":"https:\/\/i0.wp.com\/terjebjornstad.com\/no\/wp-content\/uploads\/2016\/11\/renault-alpine-310-7.png?fit=686%2C457&ssl=1","keywords":["alpine 610","alpine gt","alpine gta","alpine v6 turbo","fransk gran turismo","fransk v6","Renault Alpine","renaultsport"],"articleSection":["Alpine","Artikkel","Renault"],"inLanguage":"nb-NO","potentialAction":[{"@type":"CommentAction","name":"Comment","target":["https:\/\/terjebjornstad.com\/no\/2016\/11\/17\/da-franskmennene-utfordret-porsche\/#respond"]}]},{"@type":"WebPage","@id":"https:\/\/terjebjornstad.com\/no\/2016\/11\/17\/da-franskmennene-utfordret-porsche\/","url":"https:\/\/terjebjornstad.com\/no\/2016\/11\/17\/da-franskmennene-utfordret-porsche\/","name":"Alpine GTA\/610 V6 - Terjes biler -","isPartOf":{"@id":"https:\/\/terjebjornstad.com\/no\/#website"},"primaryImageOfPage":{"@id":"https:\/\/terjebjornstad.com\/no\/2016\/11\/17\/da-franskmennene-utfordret-porsche\/#primaryimage"},"image":{"@id":"https:\/\/terjebjornstad.com\/no\/2016\/11\/17\/da-franskmennene-utfordret-porsche\/#primaryimage"},"thumbnailUrl":"https:\/\/i0.wp.com\/terjebjornstad.com\/no\/wp-content\/uploads\/2016\/11\/renault-alpine-310-7.png?fit=686%2C457&ssl=1","datePublished":"2016-11-17T22:40:33+00:00","dateModified":"2026-02-07T18:44:35+00:00","description":"Alpine GTA V6 ble en fransk Porsche-utfordrer b\u00e5de p\u00e5 bane og vei, skj\u00f8nt Alpine GTA har alltid v\u00e6rt et sjeldent syn p\u00e5 veien.","breadcrumb":{"@id":"https:\/\/terjebjornstad.com\/no\/2016\/11\/17\/da-franskmennene-utfordret-porsche\/#breadcrumb"},"inLanguage":"nb-NO","potentialAction":[{"@type":"ReadAction","target":["https:\/\/terjebjornstad.com\/no\/2016\/11\/17\/da-franskmennene-utfordret-porsche\/"]}]},{"@type":"ImageObject","inLanguage":"nb-NO","@id":"https:\/\/terjebjornstad.com\/no\/2016\/11\/17\/da-franskmennene-utfordret-porsche\/#primaryimage","url":"https:\/\/i0.wp.com\/terjebjornstad.com\/no\/wp-content\/uploads\/2016\/11\/renault-alpine-310-7.png?fit=686%2C457&ssl=1","contentUrl":"https:\/\/i0.wp.com\/terjebjornstad.com\/no\/wp-content\/uploads\/2016\/11\/renault-alpine-310-7.png?fit=686%2C457&ssl=1","width":686,"height":457,"caption":"Ratter r\u00f8per at denne modellen tilh\u00f8rer slutten av produksjonsperioden (1985-1991)."},{"@type":"BreadcrumbList","@id":"https:\/\/terjebjornstad.com\/no\/2016\/11\/17\/da-franskmennene-utfordret-porsche\/#breadcrumb","itemListElement":[{"@type":"ListItem","position":1,"name":"Hjem","item":"https:\/\/terjebjornstad.com\/no\/"},{"@type":"ListItem","position":2,"name":"Alpine GTA\/610 V6"}]},{"@type":"WebSite","@id":"https:\/\/terjebjornstad.com\/no\/#website","url":"https:\/\/terjebjornstad.com\/no\/","name":"Terjes biler","description":"HONEST ABOUT CARS","publisher":{"@id":"https:\/\/terjebjornstad.com\/no\/#organization"},"alternateName":"Terjebjornstad.com","potentialAction":[{"@type":"SearchAction","target":{"@type":"EntryPoint","urlTemplate":"https:\/\/terjebjornstad.com\/no\/?s={search_term_string}"},"query-input":{"@type":"PropertyValueSpecification","valueRequired":true,"valueName":"search_term_string"}}],"inLanguage":"nb-NO"},{"@type":"Organization","@id":"https:\/\/terjebjornstad.com\/no\/#organization","name":"Terje Bj\u00f8rnstad ENK","url":"https:\/\/terjebjornstad.com\/no\/","logo":{"@type":"ImageObject","inLanguage":"nb-NO","@id":"https:\/\/terjebjornstad.com\/no\/#\/schema\/logo\/image\/","url":"https:\/\/i0.wp.com\/terjebjornstad.com\/no\/wp-content\/uploads\/2026\/02\/terjesbiler2024-960x354-1.png?fit=960%2C354&ssl=1","contentUrl":"https:\/\/i0.wp.com\/terjebjornstad.com\/no\/wp-content\/uploads\/2026\/02\/terjesbiler2024-960x354-1.png?fit=960%2C354&ssl=1","width":960,"height":354,"caption":"Terje Bj\u00f8rnstad ENK"},"image":{"@id":"https:\/\/terjebjornstad.com\/no\/#\/schema\/logo\/image\/"},"sameAs":["https:\/\/www.facebook.com\/terjesbiler\/","https:\/\/www.instagram.com\/terjesbiler\/","https:\/\/www.pinteres.com\/terjebjrnstad\/terjes-biler\/"]},{"@type":"Person","@id":"https:\/\/terjebjornstad.com\/no\/#\/schema\/person\/a281f6a6e0f3cc9fe468e7f0c655aa65","name":"Terje Bj\u00f8rnstad","image":{"@type":"ImageObject","inLanguage":"nb-NO","@id":"https:\/\/secure.gravatar.com\/avatar\/e8dff505b51cf6cb67ae06a06022d2049aac2da1e79dc146a36b58798c4b40ea?s=96&d=mm&r=g","url":"https:\/\/secure.gravatar.com\/avatar\/e8dff505b51cf6cb67ae06a06022d2049aac2da1e79dc146a36b58798c4b40ea?s=96&d=mm&r=g","contentUrl":"https:\/\/secure.gravatar.com\/avatar\/e8dff505b51cf6cb67ae06a06022d2049aac2da1e79dc146a36b58798c4b40ea?s=96&d=mm&r=g","caption":"Terje Bj\u00f8rnstad"},"description":"Terje Bj\u00f8rnstad. Bloggadministrator, hobbyfotograf og bilnerd.","sameAs":["https:\/\/www.facebook.com\/terjesbiler","https:\/\/www.instagram.com\/terjesbiler","https:\/\/no.pinterest.com\/terjebjrnstad","https:\/\/www.youtube.com\/channel\/UCzCKJJDybyIgKqatc_JQqIg"]}]}},"jetpack_publicize_connections":[],"jetpack_featured_media_url":"https:\/\/i0.wp.com\/terjebjornstad.com\/no\/wp-content\/uploads\/2016\/11\/renault-alpine-310-7.png?fit=686%2C457&ssl=1","jetpack_sharing_enabled":true,"jetpack_shortlink":"https:\/\/wp.me\/p48zYA-2fE","jetpack-related-posts":[{"id":39863,"url":"https:\/\/terjebjornstad.com\/no\/2021\/05\/03\/alpine-friske-franske-fraspark\/","url_meta":{"origin":8658,"position":0},"title":"Alpine &#8211; Friske Franske Fraspark","author":"Anders de Lange","date":"03\/05\/2021","format":false,"excerpt":"Bilkj\u00f8ring og motorsport har alltid v\u00e6rt popul\u00e6rt i Frankrike. Slik har det v\u00e6rt helt fra bilens barndom og frem til i dag. Det praktiseres b\u00e5de p\u00e5 lukkede baner og til dels blant ivrige franske bilister p\u00e5 vanlige veier. \u00a0 En rekke franske bilprodusenter har utviklet og produsert biler som tilfredsstiller\u2026","rel":"","context":"i &quot;Alpine&quot;","block_context":{"text":"Alpine","link":"https:\/\/terjebjornstad.com\/no\/category\/alpine\/"},"img":{"alt_text":"","src":"https:\/\/i0.wp.com\/terjebjornstad.com\/no\/wp-content\/uploads\/2021\/05\/profil.jpg?fit=1100%2C400&ssl=1&resize=350%2C200","width":350,"height":200,"srcset":"https:\/\/i0.wp.com\/terjebjornstad.com\/no\/wp-content\/uploads\/2021\/05\/profil.jpg?fit=1100%2C400&ssl=1&resize=350%2C200 1x, https:\/\/i0.wp.com\/terjebjornstad.com\/no\/wp-content\/uploads\/2021\/05\/profil.jpg?fit=1100%2C400&ssl=1&resize=525%2C300 1.5x, https:\/\/i0.wp.com\/terjebjornstad.com\/no\/wp-content\/uploads\/2021\/05\/profil.jpg?fit=1100%2C400&ssl=1&resize=700%2C400 2x, https:\/\/i0.wp.com\/terjebjornstad.com\/no\/wp-content\/uploads\/2021\/05\/profil.jpg?fit=1100%2C400&ssl=1&resize=1050%2C600 3x"},"classes":[]},{"id":75821,"url":"https:\/\/terjebjornstad.com\/no\/2024\/10\/07\/sondagsfoto-biltreff-pa-kjopesenteret-carre-dor\/","url_meta":{"origin":8658,"position":1},"title":"S\u00f8ndagsfoto: Biltreff p\u00e5 kj\u00f8pesenteret","author":"Terje Bj\u00f8rnstad","date":"07\/10\/2024","format":false,"excerpt":"Vi har v\u00e6rt her mange ganger tidligere - Carre d'Or kj\u00f8pesenter utenfor Perpignan i Frankrike. Den f\u00f8rste s\u00f8ndag i hver m\u00e5ned blir parkeringsomr\u00e5det benyttet til biltreff - i samme \u00e5nd som Cars and Coffee. Her kan man friske opp bilkunnskapene sine med biler man kanskje kun f\u00e5r se \u00e9n gang\u2026","rel":"","context":"i &quot;Artikkel&quot;","block_context":{"text":"Artikkel","link":"https:\/\/terjebjornstad.com\/no\/category\/artikkel\/"},"img":{"alt_text":"","src":"https:\/\/i0.wp.com\/terjebjornstad.com\/no\/wp-content\/uploads\/2024\/10\/renaiult-alpine-v6-turbo-rva-305-1920x1280-1.jpg?fit=1200%2C800&ssl=1&resize=350%2C200","width":350,"height":200,"srcset":"https:\/\/i0.wp.com\/terjebjornstad.com\/no\/wp-content\/uploads\/2024\/10\/renaiult-alpine-v6-turbo-rva-305-1920x1280-1.jpg?fit=1200%2C800&ssl=1&resize=350%2C200 1x, https:\/\/i0.wp.com\/terjebjornstad.com\/no\/wp-content\/uploads\/2024\/10\/renaiult-alpine-v6-turbo-rva-305-1920x1280-1.jpg?fit=1200%2C800&ssl=1&resize=525%2C300 1.5x, https:\/\/i0.wp.com\/terjebjornstad.com\/no\/wp-content\/uploads\/2024\/10\/renaiult-alpine-v6-turbo-rva-305-1920x1280-1.jpg?fit=1200%2C800&ssl=1&resize=700%2C400 2x, https:\/\/i0.wp.com\/terjebjornstad.com\/no\/wp-content\/uploads\/2024\/10\/renaiult-alpine-v6-turbo-rva-305-1920x1280-1.jpg?fit=1200%2C800&ssl=1&resize=1050%2C600 3x"},"classes":[]},{"id":15199,"url":"https:\/\/terjebjornstad.com\/no\/2018\/04\/03\/franske-klassikere-1\/","url_meta":{"origin":8658,"position":2},"title":"Franske klassikere 1","author":"Terje Bj\u00f8rnstad","date":"03\/04\/2018","format":false,"excerpt":"Jeg har v\u00e6rt her f\u00f8r - mange ganger. Canet i Roussilon ligger p\u00e5 sj\u00f8siden av byen Perpignan helt syd i Frankrike. Det er et lite bysamfunn. Sv\u00e6rt rolig om vinteren og hektisk om sommeren. \u00a0 Vi er her p\u00e5 grunn av den m\u00e5nedlige m\u00f8nstringen av kj\u00f8ret\u00f8y. De fleste av dem\u2026","rel":"","context":"i &quot;Artikkel&quot;","block_context":{"text":"Artikkel","link":"https:\/\/terjebjornstad.com\/no\/category\/artikkel\/"},"img":{"alt_text":"","src":"https:\/\/i0.wp.com\/terjebjornstad.com\/no\/wp-content\/uploads\/2018\/04\/alpine-a110-1.png?fit=686%2C457&ssl=1&resize=350%2C200","width":350,"height":200,"srcset":"https:\/\/i0.wp.com\/terjebjornstad.com\/no\/wp-content\/uploads\/2018\/04\/alpine-a110-1.png?fit=686%2C457&ssl=1&resize=350%2C200 1x, https:\/\/i0.wp.com\/terjebjornstad.com\/no\/wp-content\/uploads\/2018\/04\/alpine-a110-1.png?fit=686%2C457&ssl=1&resize=525%2C300 1.5x"},"classes":[]},{"id":11202,"url":"https:\/\/terjebjornstad.com\/no\/2017\/07\/11\/grunderbilen\/","url_meta":{"origin":8658,"position":3},"title":"Gr\u00fcnderbilen","author":"Terje Bj\u00f8rnstad","date":"11\/07\/2017","format":false,"excerpt":"Jeg er fascinert av bilgr\u00fcndere De mest kjente gr\u00fcnderne levde under bilens barndom. Menn som Carl Benz, Henry Ford og Andr\u00e9 Citro\u00ebn. Men ogs\u00e5 v\u00e5r egen tid har hatt store bilgr\u00fcndere som Elon Musk, Henrik Fisker og John DeLorean. \u00a0 John DeLorean \u00f8nsket \u00e5 skape en bil verden ikke hadde\u2026","rel":"","context":"i &quot;Artikkel&quot;","block_context":{"text":"Artikkel","link":"https:\/\/terjebjornstad.com\/no\/category\/artikkel\/"},"img":{"alt_text":"","src":"https:\/\/i0.wp.com\/terjebjornstad.com\/no\/wp-content\/uploads\/2017\/07\/ds-l1600-686.jpg?fit=686%2C485&ssl=1&resize=350%2C200","width":350,"height":200,"srcset":"https:\/\/i0.wp.com\/terjebjornstad.com\/no\/wp-content\/uploads\/2017\/07\/ds-l1600-686.jpg?fit=686%2C485&ssl=1&resize=350%2C200 1x, https:\/\/i0.wp.com\/terjebjornstad.com\/no\/wp-content\/uploads\/2017\/07\/ds-l1600-686.jpg?fit=686%2C485&ssl=1&resize=525%2C300 1.5x"},"classes":[]},{"id":59995,"url":"https:\/\/terjebjornstad.com\/no\/2023\/05\/29\/nye-r5-i-kjomda-a290\/","url_meta":{"origin":8658,"position":4},"title":"Nye R5 i kj\u00f8mda","author":"Terje Bj\u00f8rnstad","date":"29\/05\/2023","format":false,"excerpt":"Renault Zoe tilbys ikke lenger i Norge. Innen f\u00f8rste halv\u00e5r av 2024 vil den forsvinne for godt fra utstillingsvinduene over hele Europa. Det finnes ingen direkte etterf\u00f8lger. Det er Fabrice Cambolive, sjef for Renault-divisjonen, som har opplyst dette til britisk bilpresse. Det er ingen overraskelse at dagens Zoe vil forsvinne.\u2026","rel":"","context":"i &quot;A290&quot;","block_context":{"text":"A290","link":"https:\/\/terjebjornstad.com\/no\/category\/alpine\/a290\/"},"img":{"alt_text":"","src":"https:\/\/i0.wp.com\/terjebjornstad.com\/no\/wp-content\/uploads\/2023\/05\/renault-5-roland-garros-1920x1080-1.jpg?fit=1200%2C675&ssl=1&resize=350%2C200","width":350,"height":200,"srcset":"https:\/\/i0.wp.com\/terjebjornstad.com\/no\/wp-content\/uploads\/2023\/05\/renault-5-roland-garros-1920x1080-1.jpg?fit=1200%2C675&ssl=1&resize=350%2C200 1x, https:\/\/i0.wp.com\/terjebjornstad.com\/no\/wp-content\/uploads\/2023\/05\/renault-5-roland-garros-1920x1080-1.jpg?fit=1200%2C675&ssl=1&resize=525%2C300 1.5x, https:\/\/i0.wp.com\/terjebjornstad.com\/no\/wp-content\/uploads\/2023\/05\/renault-5-roland-garros-1920x1080-1.jpg?fit=1200%2C675&ssl=1&resize=700%2C400 2x, https:\/\/i0.wp.com\/terjebjornstad.com\/no\/wp-content\/uploads\/2023\/05\/renault-5-roland-garros-1920x1080-1.jpg?fit=1200%2C675&ssl=1&resize=1050%2C600 3x"},"classes":[]},{"id":75768,"url":"https:\/\/terjebjornstad.com\/no\/2024\/10\/06\/lordagsfoto-palau-del-vidre\/","url_meta":{"origin":8658,"position":5},"title":"L\u00f8rdagsfoto: Palau del Vidre","author":"Terje Bj\u00f8rnstad","date":"06\/10\/2024","format":false,"excerpt":"Bildene fra l\u00f8rdag stammer fra en liten bilfestival i en liten fransk landsby ikke langt fra Middelhavet. Palau del Vidre Landsbyen med det katalanske navnet stammer fra 1300-tallet. Navnet p\u00e5 byen betyr \"glasspalasset\". Og glass er hva byen er mest kjent for. Fremdeles lager glassbl\u00e5sere kunstferdig glass. Blant flere kulturarrangementer\u2026","rel":"","context":"i &quot;Biltreff&quot;","block_context":{"text":"Biltreff","link":"https:\/\/terjebjornstad.com\/no\/category\/biltreff\/"},"img":{"alt_text":"","src":"https:\/\/i0.wp.com\/terjebjornstad.com\/no\/wp-content\/uploads\/2024\/10\/a1-alpine-a110-n-1920x1920-1.jpg?fit=1200%2C1200&ssl=1&resize=350%2C200","width":350,"height":200,"srcset":"https:\/\/i0.wp.com\/terjebjornstad.com\/no\/wp-content\/uploads\/2024\/10\/a1-alpine-a110-n-1920x1920-1.jpg?fit=1200%2C1200&ssl=1&resize=350%2C200 1x, https:\/\/i0.wp.com\/terjebjornstad.com\/no\/wp-content\/uploads\/2024\/10\/a1-alpine-a110-n-1920x1920-1.jpg?fit=1200%2C1200&ssl=1&resize=525%2C300 1.5x, https:\/\/i0.wp.com\/terjebjornstad.com\/no\/wp-content\/uploads\/2024\/10\/a1-alpine-a110-n-1920x1920-1.jpg?fit=1200%2C1200&ssl=1&resize=700%2C400 2x, https:\/\/i0.wp.com\/terjebjornstad.com\/no\/wp-content\/uploads\/2024\/10\/a1-alpine-a110-n-1920x1920-1.jpg?fit=1200%2C1200&ssl=1&resize=1050%2C600 3x"},"classes":[]}],"gt_translate_keys":[{"key":"link","format":"url"}],"_links":{"self":[{"href":"https:\/\/terjebjornstad.com\/no\/wp-json\/wp\/v2\/posts\/8658","targetHints":{"allow":["GET"]}}],"collection":[{"href":"https:\/\/terjebjornstad.com\/no\/wp-json\/wp\/v2\/posts"}],"about":[{"href":"https:\/\/terjebjornstad.com\/no\/wp-json\/wp\/v2\/types\/post"}],"author":[{"embeddable":true,"href":"https:\/\/terjebjornstad.com\/no\/wp-json\/wp\/v2\/users\/1"}],"replies":[{"embeddable":true,"href":"https:\/\/terjebjornstad.com\/no\/wp-json\/wp\/v2\/comments?post=8658"}],"version-history":[{"count":28,"href":"https:\/\/terjebjornstad.com\/no\/wp-json\/wp\/v2\/posts\/8658\/revisions"}],"predecessor-version":[{"id":88279,"href":"https:\/\/terjebjornstad.com\/no\/wp-json\/wp\/v2\/posts\/8658\/revisions\/88279"}],"wp:featuredmedia":[{"embeddable":true,"href":"https:\/\/terjebjornstad.com\/no\/wp-json\/wp\/v2\/media\/8512"}],"wp:attachment":[{"href":"https:\/\/terjebjornstad.com\/no\/wp-json\/wp\/v2\/media?parent=8658"}],"wp:term":[{"taxonomy":"category","embeddable":true,"href":"https:\/\/terjebjornstad.com\/no\/wp-json\/wp\/v2\/categories?post=8658"},{"taxonomy":"post_tag","embeddable":true,"href":"https:\/\/terjebjornstad.com\/no\/wp-json\/wp\/v2\/tags?post=8658"}],"curies":[{"name":"wp","href":"https:\/\/api.w.org\/{rel}","templated":true}]}}