{"id":84772,"date":"2025-09-28T15:44:46","date_gmt":"2025-09-28T14:44:46","guid":{"rendered":"https:\/\/terjebjornstad.com\/no\/?p=84772"},"modified":"2025-09-28T20:37:42","modified_gmt":"2025-09-28T19:37:42","slug":"volvo-hosttreff-hos-bilia-jessheim","status":"publish","type":"post","link":"https:\/\/terjebjornstad.com\/no\/2025\/09\/28\/volvo-hosttreff-hos-bilia-jessheim\/","title":{"rendered":"Volvo h\u00f8sttreff hos Bilia Jessheim","gt_translate_keys":[{"key":"rendered","format":"text"}]},"content":{"rendered":"<div class=\"copy_teb\"><figure id=\"attachment_84770\" aria-describedby=\"caption-attachment-84770\" style=\"width: 1920px\" class=\"wp-caption aligncenter\"><a href=\"https:\/\/i0.wp.com\/terjebjornstad.com\/no\/wp-content\/uploads\/2025\/09\/vccn-at-bilia-jessheim-2025-1920x1280-1.jpg?ssl=1\"><img data-recalc-dims=\"1\" loading=\"lazy\" decoding=\"async\" data-attachment-id=\"84770\" data-permalink=\"https:\/\/terjebjornstad.com\/no\/2025\/09\/28\/volvo-hosttreff-hos-bilia-jessheim\/vccn-at-bilia-jessheim-2025-1920x1280\/\" data-orig-file=\"https:\/\/i0.wp.com\/terjebjornstad.com\/no\/wp-content\/uploads\/2025\/09\/vccn-at-bilia-jessheim-2025-1920x1280-1.jpg?fit=1920%2C1280&amp;ssl=1\" data-orig-size=\"1920,1280\" data-comments-opened=\"1\" data-image-meta=\"{&quot;aperture&quot;:&quot;5.6&quot;,&quot;credit&quot;:&quot;&quot;,&quot;camera&quot;:&quot;DSC-RX100M3&quot;,&quot;caption&quot;:&quot;&quot;,&quot;created_timestamp&quot;:&quot;1758979733&quot;,&quot;copyright&quot;:&quot;&quot;,&quot;focal_length&quot;:&quot;9.69&quot;,&quot;iso&quot;:&quot;125&quot;,&quot;shutter_speed&quot;:&quot;0.002&quot;,&quot;title&quot;:&quot;&quot;,&quot;orientation&quot;:&quot;1&quot;}\" data-image-title=\"vccn-at-bilia-jessheim-2025-1920&amp;#215;1280\" data-image-description=\"\" data-image-caption=\"&lt;div class=&quot;tebingresbl&quot;&gt;\n&lt;h2 class=&quot;tebh2ingresbl&quot;&gt;&amp;nbsp;&lt;br \/&gt;Volvo h\u00f8sttreff hos Bilia Jessheim&lt;\/h2&gt;\n&lt;p&gt;Sist l\u00f8rdag hadde Volvo Car Club Norway (VCCN) sitt h\u00f8stm\u00f8te hos Bilia Jessheim. Jeg var innom og tok noen bilder i det fine h\u00f8stv\u00e6ret. Intet er s\u00e5 vakkert som staselige Volvo&amp;#8217;er under en lav h\u00f8stsol. &lt;a href=&quot;https:\/\/terjebjornstad.com\/no\/2025\/09\/28\/volvo-hosttreff-hos-bilia-jessheim\/&quot;&gt; &lt;strong&gt;Se mer&lt;\/strong&gt;&lt;\/a&gt;&lt;br \/&gt;&amp;nbsp;&lt;\/div&gt;\n&lt;p&gt;&lt;\/p&gt;\n\" data-large-file=\"https:\/\/i0.wp.com\/terjebjornstad.com\/no\/wp-content\/uploads\/2025\/09\/vccn-at-bilia-jessheim-2025-1920x1280-1.jpg?fit=980%2C653&amp;ssl=1\" src=\"https:\/\/i0.wp.com\/terjebjornstad.com\/no\/wp-content\/uploads\/2025\/09\/vccn-at-bilia-jessheim-2025-1920x1280-1.jpg?resize=980%2C653&#038;ssl=1\" alt=\"Bilia Jessheim\" width=\"980\" height=\"653\" class=\"size-full wp-image-84770\" srcset=\"https:\/\/i0.wp.com\/terjebjornstad.com\/no\/wp-content\/uploads\/2025\/09\/vccn-at-bilia-jessheim-2025-1920x1280-1.jpg?w=1920&amp;ssl=1 1920w, https:\/\/i0.wp.com\/terjebjornstad.com\/no\/wp-content\/uploads\/2025\/09\/vccn-at-bilia-jessheim-2025-1920x1280-1.jpg?resize=300%2C200&amp;ssl=1 300w, https:\/\/i0.wp.com\/terjebjornstad.com\/no\/wp-content\/uploads\/2025\/09\/vccn-at-bilia-jessheim-2025-1920x1280-1.jpg?resize=1080%2C720&amp;ssl=1 1080w, https:\/\/i0.wp.com\/terjebjornstad.com\/no\/wp-content\/uploads\/2025\/09\/vccn-at-bilia-jessheim-2025-1920x1280-1.jpg?resize=768%2C512&amp;ssl=1 768w, https:\/\/i0.wp.com\/terjebjornstad.com\/no\/wp-content\/uploads\/2025\/09\/vccn-at-bilia-jessheim-2025-1920x1280-1.jpg?resize=1536%2C1024&amp;ssl=1 1536w, https:\/\/i0.wp.com\/terjebjornstad.com\/no\/wp-content\/uploads\/2025\/09\/vccn-at-bilia-jessheim-2025-1920x1280-1.jpg?resize=690%2C460&amp;ssl=1 690w, https:\/\/i0.wp.com\/terjebjornstad.com\/no\/wp-content\/uploads\/2025\/09\/vccn-at-bilia-jessheim-2025-1920x1280-1.jpg?resize=980%2C653&amp;ssl=1 980w\" sizes=\"auto, (max-width: 980px) 100vw, 980px\" \/><\/a><figcaption id=\"caption-attachment-84770\" class=\"wp-caption-text\">VCCN h\u00f8sttreff hos Bilia Jessheim.<\/figcaption><\/figure><\/p>\n<blockquote><p>Sist l\u00f8rdag hadde Volvo Car Club Norway (VCCN) sitt h\u00f8stm\u00f8te hos Bilia Jessheim. Jeg var innom og tok noen bilder i det fine h\u00f8stv\u00e6ret. Intet er s\u00e5 vakkert som staselige Volvo&#8217;er under en lav h\u00f8stsol.<\/p><\/blockquote>\n\n<p>VCCN har arrangert sine h\u00f8sttreff hos Bilia Jessheim ogs\u00e5 flere ganger tidligere. Forrige gang jeg var innom, holdt Bilia til p\u00e5 andre siden av veien i det man kan kalle Jessheims bilby. Jeg kjenner mennesker som aldri vil kj\u00f8pe noe annet enn Volvo. Men i en tid hvor markedet flommer over av nye bilmerker, kan lojaliteten forsvinne. Derfor tror jeg at det er klokt av etablerte bilforhandlere \u00e5 pleie forholdet til bilklubbene. Det holder entusiasmen vedlike. <\/p>\n<h3 class=\"tebh2\">Volvos 900-serie er de nye klassikerne<\/h3>\n<p>Man kan diskutere om en bilmodell er klassiker eller ikke. Med Volvo er det kun et sp\u00f8rsm\u00e5l om <em>n\u00e5r<\/em> &#8211; ikke <em>om<\/em> &#8211; en modell blir klassiker. Vi som har eid, kj\u00f8rt eller opplevd 940-bilene da de var nye, har hele tiden visst at den ville bli en fremtidig klassiker. N\u00e5 er tiden inne. N\u00e5 dukker de opp p\u00e5 biltreff. De flotte 940-bilene p\u00e5 h\u00f8stens biltreff bekrefter 940-seriens status som klassiker. <\/p>\n<h3 class=\"tebh2\">Bilder fra biltreffet<\/h3>\n<h3 class=\"tebh2ingreslbcenter\">Volvo Amazon<\/h3>\n<p><figure id=\"attachment_84761\" aria-describedby=\"caption-attachment-84761\" style=\"width: 1920px\" class=\"wp-caption aligncenter\"><a href=\"https:\/\/i0.wp.com\/terjebjornstad.com\/no\/wp-content\/uploads\/2025\/09\/1966-volvo-121-amazon-b18-rear-1920x1440-1.jpg?ssl=1\"><img data-recalc-dims=\"1\" loading=\"lazy\" decoding=\"async\" data-attachment-id=\"84761\" data-permalink=\"https:\/\/terjebjornstad.com\/no\/2025\/09\/28\/volvo-hosttreff-hos-bilia-jessheim\/1966-volvo-121-amazon-b18-rear-1920x1440\/\" data-orig-file=\"https:\/\/i0.wp.com\/terjebjornstad.com\/no\/wp-content\/uploads\/2025\/09\/1966-volvo-121-amazon-b18-rear-1920x1440-1.jpg?fit=1920%2C1440&amp;ssl=1\" data-orig-size=\"1920,1440\" data-comments-opened=\"1\" data-image-meta=\"{&quot;aperture&quot;:&quot;0&quot;,&quot;credit&quot;:&quot;&quot;,&quot;camera&quot;:&quot;&quot;,&quot;caption&quot;:&quot;&quot;,&quot;created_timestamp&quot;:&quot;0&quot;,&quot;copyright&quot;:&quot;&quot;,&quot;focal_length&quot;:&quot;0&quot;,&quot;iso&quot;:&quot;0&quot;,&quot;shutter_speed&quot;:&quot;0&quot;,&quot;title&quot;:&quot;&quot;,&quot;orientation&quot;:&quot;0&quot;}\" data-image-title=\"1966-volvo-121-amazon-b18-rear-1920&amp;#215;1440\" data-image-description=\"\" data-image-caption=\"&lt;p&gt;1966 Volvo 121 Amazon&lt;\/p&gt;\n\" data-large-file=\"https:\/\/i0.wp.com\/terjebjornstad.com\/no\/wp-content\/uploads\/2025\/09\/1966-volvo-121-amazon-b18-rear-1920x1440-1.jpg?fit=980%2C735&amp;ssl=1\" src=\"https:\/\/i0.wp.com\/terjebjornstad.com\/no\/wp-content\/uploads\/2025\/09\/1966-volvo-121-amazon-b18-rear-1920x1440-1.jpg?resize=980%2C735&#038;ssl=1\" alt=\"Bilia Jessheim\" width=\"980\" height=\"735\" class=\"size-full wp-image-84761\" srcset=\"https:\/\/i0.wp.com\/terjebjornstad.com\/no\/wp-content\/uploads\/2025\/09\/1966-volvo-121-amazon-b18-rear-1920x1440-1.jpg?w=1920&amp;ssl=1 1920w, https:\/\/i0.wp.com\/terjebjornstad.com\/no\/wp-content\/uploads\/2025\/09\/1966-volvo-121-amazon-b18-rear-1920x1440-1.jpg?resize=300%2C225&amp;ssl=1 300w, https:\/\/i0.wp.com\/terjebjornstad.com\/no\/wp-content\/uploads\/2025\/09\/1966-volvo-121-amazon-b18-rear-1920x1440-1.jpg?resize=1080%2C810&amp;ssl=1 1080w, https:\/\/i0.wp.com\/terjebjornstad.com\/no\/wp-content\/uploads\/2025\/09\/1966-volvo-121-amazon-b18-rear-1920x1440-1.jpg?resize=768%2C576&amp;ssl=1 768w, https:\/\/i0.wp.com\/terjebjornstad.com\/no\/wp-content\/uploads\/2025\/09\/1966-volvo-121-amazon-b18-rear-1920x1440-1.jpg?resize=1536%2C1152&amp;ssl=1 1536w, https:\/\/i0.wp.com\/terjebjornstad.com\/no\/wp-content\/uploads\/2025\/09\/1966-volvo-121-amazon-b18-rear-1920x1440-1.jpg?resize=690%2C518&amp;ssl=1 690w, https:\/\/i0.wp.com\/terjebjornstad.com\/no\/wp-content\/uploads\/2025\/09\/1966-volvo-121-amazon-b18-rear-1920x1440-1.jpg?resize=980%2C735&amp;ssl=1 980w\" sizes=\"auto, (max-width: 980px) 100vw, 980px\" \/><\/a><figcaption id=\"caption-attachment-84761\" class=\"wp-caption-text\">1966 Volvo 121 Amazon.<\/figcaption><\/figure><br \/>\n&nbsp;<br \/>\n<figure id=\"attachment_84771\" aria-describedby=\"caption-attachment-84771\" style=\"width: 1440px\" class=\"wp-caption aligncenter\"><a href=\"https:\/\/i0.wp.com\/terjebjornstad.com\/no\/wp-content\/uploads\/2025\/09\/z1-1969-volvo-121-amazon-b18-1440x1920-1.jpg?ssl=1\"><img data-recalc-dims=\"1\" loading=\"lazy\" decoding=\"async\" data-attachment-id=\"84771\" data-permalink=\"https:\/\/terjebjornstad.com\/no\/2025\/09\/28\/volvo-hosttreff-hos-bilia-jessheim\/z1-1969-volvo-121-amazon-b18-1440x1920\/\" data-orig-file=\"https:\/\/i0.wp.com\/terjebjornstad.com\/no\/wp-content\/uploads\/2025\/09\/z1-1969-volvo-121-amazon-b18-1440x1920-1.jpg?fit=1440%2C1920&amp;ssl=1\" data-orig-size=\"1440,1920\" data-comments-opened=\"1\" data-image-meta=\"{&quot;aperture&quot;:&quot;0&quot;,&quot;credit&quot;:&quot;&quot;,&quot;camera&quot;:&quot;&quot;,&quot;caption&quot;:&quot;&quot;,&quot;created_timestamp&quot;:&quot;0&quot;,&quot;copyright&quot;:&quot;&quot;,&quot;focal_length&quot;:&quot;0&quot;,&quot;iso&quot;:&quot;0&quot;,&quot;shutter_speed&quot;:&quot;0&quot;,&quot;title&quot;:&quot;&quot;,&quot;orientation&quot;:&quot;0&quot;}\" data-image-title=\"1969-volvo-121-amazon-b18-1440&amp;#215;1920\" data-image-description=\"\" data-image-caption=\"&lt;p&gt;1969 Volvo 121 Amazon.&lt;\/p&gt;\n\" data-large-file=\"https:\/\/i0.wp.com\/terjebjornstad.com\/no\/wp-content\/uploads\/2025\/09\/z1-1969-volvo-121-amazon-b18-1440x1920-1.jpg?fit=810%2C1080&amp;ssl=1\" src=\"https:\/\/i0.wp.com\/terjebjornstad.com\/no\/wp-content\/uploads\/2025\/09\/z1-1969-volvo-121-amazon-b18-1440x1920-1.jpg?resize=980%2C1307&#038;ssl=1\" alt=\"Bilia Jessheim\" width=\"980\" height=\"1307\" class=\"size-full wp-image-84771\" srcset=\"https:\/\/i0.wp.com\/terjebjornstad.com\/no\/wp-content\/uploads\/2025\/09\/z1-1969-volvo-121-amazon-b18-1440x1920-1.jpg?w=1440&amp;ssl=1 1440w, https:\/\/i0.wp.com\/terjebjornstad.com\/no\/wp-content\/uploads\/2025\/09\/z1-1969-volvo-121-amazon-b18-1440x1920-1.jpg?resize=225%2C300&amp;ssl=1 225w, https:\/\/i0.wp.com\/terjebjornstad.com\/no\/wp-content\/uploads\/2025\/09\/z1-1969-volvo-121-amazon-b18-1440x1920-1.jpg?resize=810%2C1080&amp;ssl=1 810w, https:\/\/i0.wp.com\/terjebjornstad.com\/no\/wp-content\/uploads\/2025\/09\/z1-1969-volvo-121-amazon-b18-1440x1920-1.jpg?resize=768%2C1024&amp;ssl=1 768w, https:\/\/i0.wp.com\/terjebjornstad.com\/no\/wp-content\/uploads\/2025\/09\/z1-1969-volvo-121-amazon-b18-1440x1920-1.jpg?resize=1152%2C1536&amp;ssl=1 1152w, https:\/\/i0.wp.com\/terjebjornstad.com\/no\/wp-content\/uploads\/2025\/09\/z1-1969-volvo-121-amazon-b18-1440x1920-1.jpg?resize=690%2C920&amp;ssl=1 690w, https:\/\/i0.wp.com\/terjebjornstad.com\/no\/wp-content\/uploads\/2025\/09\/z1-1969-volvo-121-amazon-b18-1440x1920-1.jpg?resize=980%2C1307&amp;ssl=1 980w\" sizes=\"auto, (max-width: 980px) 100vw, 980px\" \/><\/a><figcaption id=\"caption-attachment-84771\" class=\"wp-caption-text\">1968 Volvo 121 Amazon. Trolig en &laquo;Favorit&raquo; &#8211; og ogs\u00e5 publikums favoritt!<\/figcaption><\/figure><\/p>\n<h3 class=\"tebh2ingreslbcenter\">Volvo 140-serie<\/h3>\n<p><figure id=\"attachment_84762\" aria-describedby=\"caption-attachment-84762\" style=\"width: 1920px\" class=\"wp-caption aligncenter\"><a href=\"https:\/\/i0.wp.com\/terjebjornstad.com\/no\/wp-content\/uploads\/2025\/09\/1967-volvo-144-b18-1920x190-1.jpg?ssl=1\"><img data-recalc-dims=\"1\" loading=\"lazy\" decoding=\"async\" data-attachment-id=\"84762\" data-permalink=\"https:\/\/terjebjornstad.com\/no\/2025\/09\/28\/volvo-hosttreff-hos-bilia-jessheim\/1967-volvo-144-b18-1920x190\/\" data-orig-file=\"https:\/\/i0.wp.com\/terjebjornstad.com\/no\/wp-content\/uploads\/2025\/09\/1967-volvo-144-b18-1920x190-1.jpg?fit=1920%2C1920&amp;ssl=1\" data-orig-size=\"1920,1920\" data-comments-opened=\"1\" data-image-meta=\"{&quot;aperture&quot;:&quot;0&quot;,&quot;credit&quot;:&quot;&quot;,&quot;camera&quot;:&quot;&quot;,&quot;caption&quot;:&quot;&quot;,&quot;created_timestamp&quot;:&quot;0&quot;,&quot;copyright&quot;:&quot;&quot;,&quot;focal_length&quot;:&quot;0&quot;,&quot;iso&quot;:&quot;0&quot;,&quot;shutter_speed&quot;:&quot;0&quot;,&quot;title&quot;:&quot;&quot;,&quot;orientation&quot;:&quot;0&quot;}\" data-image-title=\"1967-volvo-144-b18-1920&amp;#215;190\" data-image-description=\"\" data-image-caption=\"&lt;p&gt;1967 Volvo 144 B18&lt;\/p&gt;\n\" data-large-file=\"https:\/\/i0.wp.com\/terjebjornstad.com\/no\/wp-content\/uploads\/2025\/09\/1967-volvo-144-b18-1920x190-1.jpg?fit=980%2C980&amp;ssl=1\" src=\"https:\/\/i0.wp.com\/terjebjornstad.com\/no\/wp-content\/uploads\/2025\/09\/1967-volvo-144-b18-1920x190-1.jpg?resize=980%2C980&#038;ssl=1\" alt=\"Bilia Jessheim\" width=\"980\" height=\"980\" class=\"size-full wp-image-84762\" srcset=\"https:\/\/i0.wp.com\/terjebjornstad.com\/no\/wp-content\/uploads\/2025\/09\/1967-volvo-144-b18-1920x190-1.jpg?w=1920&amp;ssl=1 1920w, https:\/\/i0.wp.com\/terjebjornstad.com\/no\/wp-content\/uploads\/2025\/09\/1967-volvo-144-b18-1920x190-1.jpg?resize=300%2C300&amp;ssl=1 300w, https:\/\/i0.wp.com\/terjebjornstad.com\/no\/wp-content\/uploads\/2025\/09\/1967-volvo-144-b18-1920x190-1.jpg?resize=1080%2C1080&amp;ssl=1 1080w, https:\/\/i0.wp.com\/terjebjornstad.com\/no\/wp-content\/uploads\/2025\/09\/1967-volvo-144-b18-1920x190-1.jpg?resize=150%2C150&amp;ssl=1 150w, https:\/\/i0.wp.com\/terjebjornstad.com\/no\/wp-content\/uploads\/2025\/09\/1967-volvo-144-b18-1920x190-1.jpg?resize=768%2C768&amp;ssl=1 768w, https:\/\/i0.wp.com\/terjebjornstad.com\/no\/wp-content\/uploads\/2025\/09\/1967-volvo-144-b18-1920x190-1.jpg?resize=1536%2C1536&amp;ssl=1 1536w, https:\/\/i0.wp.com\/terjebjornstad.com\/no\/wp-content\/uploads\/2025\/09\/1967-volvo-144-b18-1920x190-1.jpg?resize=690%2C690&amp;ssl=1 690w, https:\/\/i0.wp.com\/terjebjornstad.com\/no\/wp-content\/uploads\/2025\/09\/1967-volvo-144-b18-1920x190-1.jpg?resize=980%2C980&amp;ssl=1 980w, https:\/\/i0.wp.com\/terjebjornstad.com\/no\/wp-content\/uploads\/2025\/09\/1967-volvo-144-b18-1920x190-1.jpg?resize=50%2C50&amp;ssl=1 50w\" sizes=\"auto, (max-width: 980px) 100vw, 980px\" \/><\/a><figcaption id=\"caption-attachment-84762\" class=\"wp-caption-text\">1967 Volvo 144 B18.<\/figcaption><\/figure><br \/>\n&nbsp;<br \/>\n<figure id=\"attachment_84763\" aria-describedby=\"caption-attachment-84763\" style=\"width: 1920px\" class=\"wp-caption aligncenter\"><a href=\"https:\/\/i0.wp.com\/terjebjornstad.com\/no\/wp-content\/uploads\/2025\/09\/1969-volvo-145-s-b20-1920x1440-1.jpg?ssl=1\"><img data-recalc-dims=\"1\" loading=\"lazy\" decoding=\"async\" data-attachment-id=\"84763\" data-permalink=\"https:\/\/terjebjornstad.com\/no\/2025\/09\/28\/volvo-hosttreff-hos-bilia-jessheim\/1969-volvo-145-s-b20-1920x1440\/\" data-orig-file=\"https:\/\/i0.wp.com\/terjebjornstad.com\/no\/wp-content\/uploads\/2025\/09\/1969-volvo-145-s-b20-1920x1440-1.jpg?fit=1920%2C1440&amp;ssl=1\" data-orig-size=\"1920,1440\" data-comments-opened=\"1\" data-image-meta=\"{&quot;aperture&quot;:&quot;0&quot;,&quot;credit&quot;:&quot;&quot;,&quot;camera&quot;:&quot;&quot;,&quot;caption&quot;:&quot;&quot;,&quot;created_timestamp&quot;:&quot;0&quot;,&quot;copyright&quot;:&quot;&quot;,&quot;focal_length&quot;:&quot;0&quot;,&quot;iso&quot;:&quot;0&quot;,&quot;shutter_speed&quot;:&quot;0&quot;,&quot;title&quot;:&quot;&quot;,&quot;orientation&quot;:&quot;0&quot;}\" data-image-title=\"1969-volvo-145-s-b20-1920&amp;#215;1440\" data-image-description=\"\" data-image-caption=\"&lt;p&gt;1969 Volvo 145 S B20.&lt;\/p&gt;\n\" data-large-file=\"https:\/\/i0.wp.com\/terjebjornstad.com\/no\/wp-content\/uploads\/2025\/09\/1969-volvo-145-s-b20-1920x1440-1.jpg?fit=980%2C735&amp;ssl=1\" src=\"https:\/\/i0.wp.com\/terjebjornstad.com\/no\/wp-content\/uploads\/2025\/09\/1969-volvo-145-s-b20-1920x1440-1.jpg?resize=980%2C735&#038;ssl=1\" alt=\"Bilia Jessheim\" width=\"980\" height=\"735\" class=\"size-full wp-image-84763\" srcset=\"https:\/\/i0.wp.com\/terjebjornstad.com\/no\/wp-content\/uploads\/2025\/09\/1969-volvo-145-s-b20-1920x1440-1.jpg?w=1920&amp;ssl=1 1920w, https:\/\/i0.wp.com\/terjebjornstad.com\/no\/wp-content\/uploads\/2025\/09\/1969-volvo-145-s-b20-1920x1440-1.jpg?resize=300%2C225&amp;ssl=1 300w, https:\/\/i0.wp.com\/terjebjornstad.com\/no\/wp-content\/uploads\/2025\/09\/1969-volvo-145-s-b20-1920x1440-1.jpg?resize=1080%2C810&amp;ssl=1 1080w, https:\/\/i0.wp.com\/terjebjornstad.com\/no\/wp-content\/uploads\/2025\/09\/1969-volvo-145-s-b20-1920x1440-1.jpg?resize=768%2C576&amp;ssl=1 768w, https:\/\/i0.wp.com\/terjebjornstad.com\/no\/wp-content\/uploads\/2025\/09\/1969-volvo-145-s-b20-1920x1440-1.jpg?resize=1536%2C1152&amp;ssl=1 1536w, https:\/\/i0.wp.com\/terjebjornstad.com\/no\/wp-content\/uploads\/2025\/09\/1969-volvo-145-s-b20-1920x1440-1.jpg?resize=690%2C518&amp;ssl=1 690w, https:\/\/i0.wp.com\/terjebjornstad.com\/no\/wp-content\/uploads\/2025\/09\/1969-volvo-145-s-b20-1920x1440-1.jpg?resize=980%2C735&amp;ssl=1 980w\" sizes=\"auto, (max-width: 980px) 100vw, 980px\" \/><\/a><figcaption id=\"caption-attachment-84763\" class=\"wp-caption-text\">1969 Volvo 145S B20.<\/figcaption><\/figure><br \/>\n&nbsp;<br \/>\n<figure id=\"attachment_84764\" aria-describedby=\"caption-attachment-84764\" style=\"width: 1440px\" class=\"wp-caption aligncenter\"><a href=\"https:\/\/i0.wp.com\/terjebjornstad.com\/no\/wp-content\/uploads\/2025\/09\/1971-volvo-164-1440x1920-1.jpg?ssl=1\"><img data-recalc-dims=\"1\" loading=\"lazy\" decoding=\"async\" data-attachment-id=\"84764\" data-permalink=\"https:\/\/terjebjornstad.com\/no\/2025\/09\/28\/volvo-hosttreff-hos-bilia-jessheim\/1971-volvo-164-1440x1920\/\" data-orig-file=\"https:\/\/i0.wp.com\/terjebjornstad.com\/no\/wp-content\/uploads\/2025\/09\/1971-volvo-164-1440x1920-1.jpg?fit=1440%2C1920&amp;ssl=1\" data-orig-size=\"1440,1920\" data-comments-opened=\"1\" data-image-meta=\"{&quot;aperture&quot;:&quot;0&quot;,&quot;credit&quot;:&quot;&quot;,&quot;camera&quot;:&quot;&quot;,&quot;caption&quot;:&quot;&quot;,&quot;created_timestamp&quot;:&quot;0&quot;,&quot;copyright&quot;:&quot;&quot;,&quot;focal_length&quot;:&quot;0&quot;,&quot;iso&quot;:&quot;0&quot;,&quot;shutter_speed&quot;:&quot;0&quot;,&quot;title&quot;:&quot;&quot;,&quot;orientation&quot;:&quot;0&quot;}\" data-image-title=\"1971-volvo-164-1440&amp;#215;1920\" data-image-description=\"\" data-image-caption=\"&lt;p&gt;1971 Volvo 164&lt;\/p&gt;\n\" data-large-file=\"https:\/\/i0.wp.com\/terjebjornstad.com\/no\/wp-content\/uploads\/2025\/09\/1971-volvo-164-1440x1920-1.jpg?fit=810%2C1080&amp;ssl=1\" src=\"https:\/\/i0.wp.com\/terjebjornstad.com\/no\/wp-content\/uploads\/2025\/09\/1971-volvo-164-1440x1920-1.jpg?resize=980%2C1307&#038;ssl=1\" alt=\"Bilia Jessheim\" width=\"980\" height=\"1307\" class=\"size-full wp-image-84764\" srcset=\"https:\/\/i0.wp.com\/terjebjornstad.com\/no\/wp-content\/uploads\/2025\/09\/1971-volvo-164-1440x1920-1.jpg?w=1440&amp;ssl=1 1440w, https:\/\/i0.wp.com\/terjebjornstad.com\/no\/wp-content\/uploads\/2025\/09\/1971-volvo-164-1440x1920-1.jpg?resize=225%2C300&amp;ssl=1 225w, https:\/\/i0.wp.com\/terjebjornstad.com\/no\/wp-content\/uploads\/2025\/09\/1971-volvo-164-1440x1920-1.jpg?resize=810%2C1080&amp;ssl=1 810w, https:\/\/i0.wp.com\/terjebjornstad.com\/no\/wp-content\/uploads\/2025\/09\/1971-volvo-164-1440x1920-1.jpg?resize=768%2C1024&amp;ssl=1 768w, https:\/\/i0.wp.com\/terjebjornstad.com\/no\/wp-content\/uploads\/2025\/09\/1971-volvo-164-1440x1920-1.jpg?resize=1152%2C1536&amp;ssl=1 1152w, https:\/\/i0.wp.com\/terjebjornstad.com\/no\/wp-content\/uploads\/2025\/09\/1971-volvo-164-1440x1920-1.jpg?resize=690%2C920&amp;ssl=1 690w, https:\/\/i0.wp.com\/terjebjornstad.com\/no\/wp-content\/uploads\/2025\/09\/1971-volvo-164-1440x1920-1.jpg?resize=980%2C1307&amp;ssl=1 980w\" sizes=\"auto, (max-width: 980px) 100vw, 980px\" \/><\/a><figcaption id=\"caption-attachment-84764\" class=\"wp-caption-text\">1971 Volvo 164<\/figcaption><\/figure><\/p>\n<h3 class=\"tebh2ingreslbcenter\">Volvo 200-serie<\/h3>\n<p><figure id=\"attachment_84765\" aria-describedby=\"caption-attachment-84765\" style=\"width: 1920px\" class=\"wp-caption aligncenter\"><a href=\"https:\/\/i0.wp.com\/terjebjornstad.com\/no\/wp-content\/uploads\/2025\/09\/1981-volvo-142-dl-b23-1920x1440-1.jpg?ssl=1\"><img data-recalc-dims=\"1\" loading=\"lazy\" decoding=\"async\" data-attachment-id=\"84765\" data-permalink=\"https:\/\/terjebjornstad.com\/no\/2025\/09\/28\/volvo-hosttreff-hos-bilia-jessheim\/1981-volvo-142-dl-b23-1920x1440\/\" data-orig-file=\"https:\/\/i0.wp.com\/terjebjornstad.com\/no\/wp-content\/uploads\/2025\/09\/1981-volvo-142-dl-b23-1920x1440-1.jpg?fit=1920%2C1440&amp;ssl=1\" data-orig-size=\"1920,1440\" data-comments-opened=\"1\" data-image-meta=\"{&quot;aperture&quot;:&quot;0&quot;,&quot;credit&quot;:&quot;&quot;,&quot;camera&quot;:&quot;&quot;,&quot;caption&quot;:&quot;&quot;,&quot;created_timestamp&quot;:&quot;0&quot;,&quot;copyright&quot;:&quot;&quot;,&quot;focal_length&quot;:&quot;0&quot;,&quot;iso&quot;:&quot;0&quot;,&quot;shutter_speed&quot;:&quot;0&quot;,&quot;title&quot;:&quot;&quot;,&quot;orientation&quot;:&quot;0&quot;}\" data-image-title=\"1981-volvo-142-dl-b23-1920&amp;#215;1440\" data-image-description=\"\" data-image-caption=\"&lt;p&gt;1981 Volvo 142 DL&lt;\/p&gt;\n\" data-large-file=\"https:\/\/i0.wp.com\/terjebjornstad.com\/no\/wp-content\/uploads\/2025\/09\/1981-volvo-142-dl-b23-1920x1440-1.jpg?fit=980%2C735&amp;ssl=1\" src=\"https:\/\/i0.wp.com\/terjebjornstad.com\/no\/wp-content\/uploads\/2025\/09\/1981-volvo-142-dl-b23-1920x1440-1.jpg?resize=980%2C735&#038;ssl=1\" alt=\"Bilia Jessheim\" width=\"980\" height=\"735\" class=\"size-full wp-image-84765\" srcset=\"https:\/\/i0.wp.com\/terjebjornstad.com\/no\/wp-content\/uploads\/2025\/09\/1981-volvo-142-dl-b23-1920x1440-1.jpg?w=1920&amp;ssl=1 1920w, https:\/\/i0.wp.com\/terjebjornstad.com\/no\/wp-content\/uploads\/2025\/09\/1981-volvo-142-dl-b23-1920x1440-1.jpg?resize=300%2C225&amp;ssl=1 300w, https:\/\/i0.wp.com\/terjebjornstad.com\/no\/wp-content\/uploads\/2025\/09\/1981-volvo-142-dl-b23-1920x1440-1.jpg?resize=1080%2C810&amp;ssl=1 1080w, https:\/\/i0.wp.com\/terjebjornstad.com\/no\/wp-content\/uploads\/2025\/09\/1981-volvo-142-dl-b23-1920x1440-1.jpg?resize=768%2C576&amp;ssl=1 768w, https:\/\/i0.wp.com\/terjebjornstad.com\/no\/wp-content\/uploads\/2025\/09\/1981-volvo-142-dl-b23-1920x1440-1.jpg?resize=1536%2C1152&amp;ssl=1 1536w, https:\/\/i0.wp.com\/terjebjornstad.com\/no\/wp-content\/uploads\/2025\/09\/1981-volvo-142-dl-b23-1920x1440-1.jpg?resize=690%2C518&amp;ssl=1 690w, https:\/\/i0.wp.com\/terjebjornstad.com\/no\/wp-content\/uploads\/2025\/09\/1981-volvo-142-dl-b23-1920x1440-1.jpg?resize=980%2C735&amp;ssl=1 980w\" sizes=\"auto, (max-width: 980px) 100vw, 980px\" \/><\/a><figcaption id=\"caption-attachment-84765\" class=\"wp-caption-text\">1981 Volvo 242 DL<\/figcaption><\/figure><br \/>\n&nbsp;<br \/>\n<figure id=\"attachment_84767\" aria-describedby=\"caption-attachment-84767\" style=\"width: 1920px\" class=\"wp-caption aligncenter\"><a href=\"https:\/\/i0.wp.com\/terjebjornstad.com\/no\/wp-content\/uploads\/2025\/09\/1990-volvo-262c-2-7-1920x1280-1.jpg?ssl=1\"><img data-recalc-dims=\"1\" loading=\"lazy\" decoding=\"async\" data-attachment-id=\"84767\" data-permalink=\"https:\/\/terjebjornstad.com\/no\/2025\/09\/28\/volvo-hosttreff-hos-bilia-jessheim\/1990-volvo-262c-2-7-1920x1280\/\" data-orig-file=\"https:\/\/i0.wp.com\/terjebjornstad.com\/no\/wp-content\/uploads\/2025\/09\/1990-volvo-262c-2-7-1920x1280-1.jpg?fit=1920%2C1280&amp;ssl=1\" data-orig-size=\"1920,1280\" data-comments-opened=\"1\" data-image-meta=\"{&quot;aperture&quot;:&quot;0&quot;,&quot;credit&quot;:&quot;&quot;,&quot;camera&quot;:&quot;&quot;,&quot;caption&quot;:&quot;&quot;,&quot;created_timestamp&quot;:&quot;0&quot;,&quot;copyright&quot;:&quot;&quot;,&quot;focal_length&quot;:&quot;0&quot;,&quot;iso&quot;:&quot;0&quot;,&quot;shutter_speed&quot;:&quot;0&quot;,&quot;title&quot;:&quot;&quot;,&quot;orientation&quot;:&quot;0&quot;}\" data-image-title=\"1990-volvo-262c-2-7-1920&amp;#215;1280\" data-image-description=\"\" data-image-caption=\"&lt;p&gt;1990 Volvo 262c.&lt;\/p&gt;\n\" data-large-file=\"https:\/\/i0.wp.com\/terjebjornstad.com\/no\/wp-content\/uploads\/2025\/09\/1990-volvo-262c-2-7-1920x1280-1.jpg?fit=980%2C653&amp;ssl=1\" src=\"https:\/\/i0.wp.com\/terjebjornstad.com\/no\/wp-content\/uploads\/2025\/09\/1990-volvo-262c-2-7-1920x1280-1.jpg?resize=980%2C653&#038;ssl=1\" alt=\"Volvo 900-serie\" width=\"980\" height=\"653\" class=\"size-full wp-image-84767\" srcset=\"https:\/\/i0.wp.com\/terjebjornstad.com\/no\/wp-content\/uploads\/2025\/09\/1990-volvo-262c-2-7-1920x1280-1.jpg?w=1920&amp;ssl=1 1920w, https:\/\/i0.wp.com\/terjebjornstad.com\/no\/wp-content\/uploads\/2025\/09\/1990-volvo-262c-2-7-1920x1280-1.jpg?resize=300%2C200&amp;ssl=1 300w, https:\/\/i0.wp.com\/terjebjornstad.com\/no\/wp-content\/uploads\/2025\/09\/1990-volvo-262c-2-7-1920x1280-1.jpg?resize=1080%2C720&amp;ssl=1 1080w, https:\/\/i0.wp.com\/terjebjornstad.com\/no\/wp-content\/uploads\/2025\/09\/1990-volvo-262c-2-7-1920x1280-1.jpg?resize=768%2C512&amp;ssl=1 768w, https:\/\/i0.wp.com\/terjebjornstad.com\/no\/wp-content\/uploads\/2025\/09\/1990-volvo-262c-2-7-1920x1280-1.jpg?resize=1536%2C1024&amp;ssl=1 1536w, https:\/\/i0.wp.com\/terjebjornstad.com\/no\/wp-content\/uploads\/2025\/09\/1990-volvo-262c-2-7-1920x1280-1.jpg?resize=690%2C460&amp;ssl=1 690w, https:\/\/i0.wp.com\/terjebjornstad.com\/no\/wp-content\/uploads\/2025\/09\/1990-volvo-262c-2-7-1920x1280-1.jpg?resize=980%2C653&amp;ssl=1 980w\" sizes=\"auto, (max-width: 980px) 100vw, 980px\" \/><\/a><figcaption id=\"caption-attachment-84767\" class=\"wp-caption-text\">1990 Volvo 262C.<\/figcaption><\/figure><\/p>\n<h3 class=\"tebh2ingreslbcenter\">Volvo 700-serie<\/h3>\n<figure id=\"attachment_84766\" aria-describedby=\"caption-attachment-84766\" style=\"width: 1920px\" class=\"wp-caption aligncenter\"><a href=\"https:\/\/i0.wp.com\/terjebjornstad.com\/no\/wp-content\/uploads\/2025\/09\/1985-volvo-740-1920x1280-1.jpg?ssl=1\"><img data-recalc-dims=\"1\" loading=\"lazy\" decoding=\"async\" data-attachment-id=\"84766\" data-permalink=\"https:\/\/terjebjornstad.com\/no\/2025\/09\/28\/volvo-hosttreff-hos-bilia-jessheim\/1985-volvo-740-1920x1280\/\" data-orig-file=\"https:\/\/i0.wp.com\/terjebjornstad.com\/no\/wp-content\/uploads\/2025\/09\/1985-volvo-740-1920x1280-1.jpg?fit=1920%2C1280&amp;ssl=1\" data-orig-size=\"1920,1280\" data-comments-opened=\"1\" data-image-meta=\"{&quot;aperture&quot;:&quot;0&quot;,&quot;credit&quot;:&quot;&quot;,&quot;camera&quot;:&quot;&quot;,&quot;caption&quot;:&quot;&quot;,&quot;created_timestamp&quot;:&quot;0&quot;,&quot;copyright&quot;:&quot;&quot;,&quot;focal_length&quot;:&quot;0&quot;,&quot;iso&quot;:&quot;0&quot;,&quot;shutter_speed&quot;:&quot;0&quot;,&quot;title&quot;:&quot;&quot;,&quot;orientation&quot;:&quot;0&quot;}\" data-image-title=\"1985-volvo-740-1920&amp;#215;1280\" data-image-description=\"\" data-image-caption=\"&lt;p&gt;1985 Volvo 740.&lt;\/p&gt;\n\" data-large-file=\"https:\/\/i0.wp.com\/terjebjornstad.com\/no\/wp-content\/uploads\/2025\/09\/1985-volvo-740-1920x1280-1.jpg?fit=980%2C653&amp;ssl=1\" src=\"https:\/\/i0.wp.com\/terjebjornstad.com\/no\/wp-content\/uploads\/2025\/09\/1985-volvo-740-1920x1280-1.jpg?resize=980%2C653&#038;ssl=1\" alt=\"Volvo Jessheim\" width=\"980\" height=\"653\" class=\"size-full wp-image-84766\" srcset=\"https:\/\/i0.wp.com\/terjebjornstad.com\/no\/wp-content\/uploads\/2025\/09\/1985-volvo-740-1920x1280-1.jpg?w=1920&amp;ssl=1 1920w, https:\/\/i0.wp.com\/terjebjornstad.com\/no\/wp-content\/uploads\/2025\/09\/1985-volvo-740-1920x1280-1.jpg?resize=300%2C200&amp;ssl=1 300w, https:\/\/i0.wp.com\/terjebjornstad.com\/no\/wp-content\/uploads\/2025\/09\/1985-volvo-740-1920x1280-1.jpg?resize=1080%2C720&amp;ssl=1 1080w, https:\/\/i0.wp.com\/terjebjornstad.com\/no\/wp-content\/uploads\/2025\/09\/1985-volvo-740-1920x1280-1.jpg?resize=768%2C512&amp;ssl=1 768w, https:\/\/i0.wp.com\/terjebjornstad.com\/no\/wp-content\/uploads\/2025\/09\/1985-volvo-740-1920x1280-1.jpg?resize=1536%2C1024&amp;ssl=1 1536w, https:\/\/i0.wp.com\/terjebjornstad.com\/no\/wp-content\/uploads\/2025\/09\/1985-volvo-740-1920x1280-1.jpg?resize=690%2C460&amp;ssl=1 690w, https:\/\/i0.wp.com\/terjebjornstad.com\/no\/wp-content\/uploads\/2025\/09\/1985-volvo-740-1920x1280-1.jpg?resize=980%2C653&amp;ssl=1 980w\" sizes=\"auto, (max-width: 980px) 100vw, 980px\" \/><\/a><figcaption id=\"caption-attachment-84766\" class=\"wp-caption-text\">1985 Volvo 740.<\/figcaption><\/figure>\n<h3 class=\"tebh2ingreslbcenter\">Volvo 900-serie<\/h3>\n<p><figure id=\"attachment_84768\" aria-describedby=\"caption-attachment-84768\" style=\"width: 1920px\" class=\"wp-caption aligncenter\"><a href=\"https:\/\/i0.wp.com\/terjebjornstad.com\/no\/wp-content\/uploads\/2025\/09\/1991-volvo-940-gl-1920x1440-1.jpg?ssl=1\"><img data-recalc-dims=\"1\" loading=\"lazy\" decoding=\"async\" data-attachment-id=\"84768\" data-permalink=\"https:\/\/terjebjornstad.com\/no\/2025\/09\/28\/volvo-hosttreff-hos-bilia-jessheim\/1991-volvo-940-gl-1920x1440\/\" data-orig-file=\"https:\/\/i0.wp.com\/terjebjornstad.com\/no\/wp-content\/uploads\/2025\/09\/1991-volvo-940-gl-1920x1440-1.jpg?fit=1920%2C1440&amp;ssl=1\" data-orig-size=\"1920,1440\" data-comments-opened=\"1\" data-image-meta=\"{&quot;aperture&quot;:&quot;0&quot;,&quot;credit&quot;:&quot;&quot;,&quot;camera&quot;:&quot;&quot;,&quot;caption&quot;:&quot;&quot;,&quot;created_timestamp&quot;:&quot;0&quot;,&quot;copyright&quot;:&quot;&quot;,&quot;focal_length&quot;:&quot;0&quot;,&quot;iso&quot;:&quot;0&quot;,&quot;shutter_speed&quot;:&quot;0&quot;,&quot;title&quot;:&quot;&quot;,&quot;orientation&quot;:&quot;0&quot;}\" data-image-title=\"1991-volvo-940-gl-1920&amp;#215;1440\" data-image-description=\"\" data-image-caption=\"&lt;p&gt;1991 Volvo 940 GL.&lt;\/p&gt;\n\" data-large-file=\"https:\/\/i0.wp.com\/terjebjornstad.com\/no\/wp-content\/uploads\/2025\/09\/1991-volvo-940-gl-1920x1440-1.jpg?fit=980%2C735&amp;ssl=1\" src=\"https:\/\/i0.wp.com\/terjebjornstad.com\/no\/wp-content\/uploads\/2025\/09\/1991-volvo-940-gl-1920x1440-1.jpg?resize=980%2C735&#038;ssl=1\" alt=\"Volvo\" width=\"980\" height=\"735\" class=\"size-full wp-image-84768\" srcset=\"https:\/\/i0.wp.com\/terjebjornstad.com\/no\/wp-content\/uploads\/2025\/09\/1991-volvo-940-gl-1920x1440-1.jpg?w=1920&amp;ssl=1 1920w, https:\/\/i0.wp.com\/terjebjornstad.com\/no\/wp-content\/uploads\/2025\/09\/1991-volvo-940-gl-1920x1440-1.jpg?resize=300%2C225&amp;ssl=1 300w, https:\/\/i0.wp.com\/terjebjornstad.com\/no\/wp-content\/uploads\/2025\/09\/1991-volvo-940-gl-1920x1440-1.jpg?resize=1080%2C810&amp;ssl=1 1080w, https:\/\/i0.wp.com\/terjebjornstad.com\/no\/wp-content\/uploads\/2025\/09\/1991-volvo-940-gl-1920x1440-1.jpg?resize=768%2C576&amp;ssl=1 768w, https:\/\/i0.wp.com\/terjebjornstad.com\/no\/wp-content\/uploads\/2025\/09\/1991-volvo-940-gl-1920x1440-1.jpg?resize=1536%2C1152&amp;ssl=1 1536w, https:\/\/i0.wp.com\/terjebjornstad.com\/no\/wp-content\/uploads\/2025\/09\/1991-volvo-940-gl-1920x1440-1.jpg?resize=690%2C518&amp;ssl=1 690w, https:\/\/i0.wp.com\/terjebjornstad.com\/no\/wp-content\/uploads\/2025\/09\/1991-volvo-940-gl-1920x1440-1.jpg?resize=980%2C735&amp;ssl=1 980w\" sizes=\"auto, (max-width: 980px) 100vw, 980px\" \/><\/a><figcaption id=\"caption-attachment-84768\" class=\"wp-caption-text\">1991 Volvo 940 GL.<\/figcaption><\/figure><br \/>\n&nbsp;<br \/>\n<figure id=\"attachment_84791\" aria-describedby=\"caption-attachment-84791\" style=\"width: 1920px\" class=\"wp-caption aligncenter\"><a href=\"https:\/\/i0.wp.com\/terjebjornstad.com\/no\/wp-content\/uploads\/2025\/09\/volvo-240-bilia-jessheim-1920x1280-1.jpg?ssl=1\"><img data-recalc-dims=\"1\" loading=\"lazy\" decoding=\"async\" data-attachment-id=\"84791\" data-permalink=\"https:\/\/terjebjornstad.com\/no\/2025\/09\/28\/volvo-hosttreff-hos-bilia-jessheim\/volvo-240-bilia-jessheim-1920x1280\/\" data-orig-file=\"https:\/\/i0.wp.com\/terjebjornstad.com\/no\/wp-content\/uploads\/2025\/09\/volvo-240-bilia-jessheim-1920x1280-1.jpg?fit=1920%2C1280&amp;ssl=1\" data-orig-size=\"1920,1280\" data-comments-opened=\"1\" data-image-meta=\"{&quot;aperture&quot;:&quot;0&quot;,&quot;credit&quot;:&quot;&quot;,&quot;camera&quot;:&quot;&quot;,&quot;caption&quot;:&quot;&quot;,&quot;created_timestamp&quot;:&quot;0&quot;,&quot;copyright&quot;:&quot;&quot;,&quot;focal_length&quot;:&quot;0&quot;,&quot;iso&quot;:&quot;0&quot;,&quot;shutter_speed&quot;:&quot;0&quot;,&quot;title&quot;:&quot;&quot;,&quot;orientation&quot;:&quot;0&quot;}\" data-image-title=\"volvo-240-bilia-jessheim-1920&amp;#215;1280\" data-image-description=\"\" data-image-caption=\"&lt;p&gt;Volvo 940  biler som var innom Bilia Jessheim p\u00e5 l\u00f8rdag.&lt;\/p&gt;\n\" data-large-file=\"https:\/\/i0.wp.com\/terjebjornstad.com\/no\/wp-content\/uploads\/2025\/09\/volvo-240-bilia-jessheim-1920x1280-1.jpg?fit=980%2C653&amp;ssl=1\" src=\"https:\/\/i0.wp.com\/terjebjornstad.com\/no\/wp-content\/uploads\/2025\/09\/volvo-240-bilia-jessheim-1920x1280-1.jpg?resize=980%2C653&#038;ssl=1\" alt=\"\" width=\"980\" height=\"653\" class=\"size-full wp-image-84791\" srcset=\"https:\/\/i0.wp.com\/terjebjornstad.com\/no\/wp-content\/uploads\/2025\/09\/volvo-240-bilia-jessheim-1920x1280-1.jpg?w=1920&amp;ssl=1 1920w, https:\/\/i0.wp.com\/terjebjornstad.com\/no\/wp-content\/uploads\/2025\/09\/volvo-240-bilia-jessheim-1920x1280-1.jpg?resize=300%2C200&amp;ssl=1 300w, https:\/\/i0.wp.com\/terjebjornstad.com\/no\/wp-content\/uploads\/2025\/09\/volvo-240-bilia-jessheim-1920x1280-1.jpg?resize=1080%2C720&amp;ssl=1 1080w, https:\/\/i0.wp.com\/terjebjornstad.com\/no\/wp-content\/uploads\/2025\/09\/volvo-240-bilia-jessheim-1920x1280-1.jpg?resize=768%2C512&amp;ssl=1 768w, https:\/\/i0.wp.com\/terjebjornstad.com\/no\/wp-content\/uploads\/2025\/09\/volvo-240-bilia-jessheim-1920x1280-1.jpg?resize=1536%2C1024&amp;ssl=1 1536w, https:\/\/i0.wp.com\/terjebjornstad.com\/no\/wp-content\/uploads\/2025\/09\/volvo-240-bilia-jessheim-1920x1280-1.jpg?resize=690%2C460&amp;ssl=1 690w, https:\/\/i0.wp.com\/terjebjornstad.com\/no\/wp-content\/uploads\/2025\/09\/volvo-240-bilia-jessheim-1920x1280-1.jpg?resize=980%2C653&amp;ssl=1 980w\" sizes=\"auto, (max-width: 980px) 100vw, 980px\" \/><\/a><figcaption id=\"caption-attachment-84791\" class=\"wp-caption-text\">Volvo 940  biler som var innom Bilia Jessheim p\u00e5 l\u00f8rdag.<\/figcaption><\/figure><br \/>\n&nbsp;<br \/>\n<figure id=\"attachment_84769\" aria-describedby=\"caption-attachment-84769\" style=\"width: 1920px\" class=\"wp-caption aligncenter\"><a href=\"https:\/\/i0.wp.com\/terjebjornstad.com\/no\/wp-content\/uploads\/2025\/09\/1998-volvo-940-hgv-b23-1920x1440-1.jpg?ssl=1\"><img data-recalc-dims=\"1\" loading=\"lazy\" decoding=\"async\" data-attachment-id=\"84769\" data-permalink=\"https:\/\/terjebjornstad.com\/no\/2025\/09\/28\/volvo-hosttreff-hos-bilia-jessheim\/1998-volvo-940-hgv-b23-1920x1440\/\" data-orig-file=\"https:\/\/i0.wp.com\/terjebjornstad.com\/no\/wp-content\/uploads\/2025\/09\/1998-volvo-940-hgv-b23-1920x1440-1.jpg?fit=1920%2C1280&amp;ssl=1\" data-orig-size=\"1920,1280\" data-comments-opened=\"1\" data-image-meta=\"{&quot;aperture&quot;:&quot;0&quot;,&quot;credit&quot;:&quot;&quot;,&quot;camera&quot;:&quot;&quot;,&quot;caption&quot;:&quot;&quot;,&quot;created_timestamp&quot;:&quot;0&quot;,&quot;copyright&quot;:&quot;&quot;,&quot;focal_length&quot;:&quot;0&quot;,&quot;iso&quot;:&quot;0&quot;,&quot;shutter_speed&quot;:&quot;0&quot;,&quot;title&quot;:&quot;&quot;,&quot;orientation&quot;:&quot;0&quot;}\" data-image-title=\"1998-volvo-940-hgv-b23-1920&amp;#215;1440\" data-image-description=\"\" data-image-caption=\"&lt;p&gt;1998 Volvo940  Herreg\u00e5rdsvogn&lt;\/p&gt;\n\" data-large-file=\"https:\/\/i0.wp.com\/terjebjornstad.com\/no\/wp-content\/uploads\/2025\/09\/1998-volvo-940-hgv-b23-1920x1440-1.jpg?fit=980%2C653&amp;ssl=1\" src=\"https:\/\/i0.wp.com\/terjebjornstad.com\/no\/wp-content\/uploads\/2025\/09\/1998-volvo-940-hgv-b23-1920x1440-1.jpg?resize=980%2C653&#038;ssl=1\" alt=\"Volvo 940\" width=\"980\" height=\"653\" class=\"size-full wp-image-84769\" srcset=\"https:\/\/i0.wp.com\/terjebjornstad.com\/no\/wp-content\/uploads\/2025\/09\/1998-volvo-940-hgv-b23-1920x1440-1.jpg?w=1920&amp;ssl=1 1920w, https:\/\/i0.wp.com\/terjebjornstad.com\/no\/wp-content\/uploads\/2025\/09\/1998-volvo-940-hgv-b23-1920x1440-1.jpg?resize=300%2C200&amp;ssl=1 300w, https:\/\/i0.wp.com\/terjebjornstad.com\/no\/wp-content\/uploads\/2025\/09\/1998-volvo-940-hgv-b23-1920x1440-1.jpg?resize=1080%2C720&amp;ssl=1 1080w, https:\/\/i0.wp.com\/terjebjornstad.com\/no\/wp-content\/uploads\/2025\/09\/1998-volvo-940-hgv-b23-1920x1440-1.jpg?resize=768%2C512&amp;ssl=1 768w, https:\/\/i0.wp.com\/terjebjornstad.com\/no\/wp-content\/uploads\/2025\/09\/1998-volvo-940-hgv-b23-1920x1440-1.jpg?resize=1536%2C1024&amp;ssl=1 1536w, https:\/\/i0.wp.com\/terjebjornstad.com\/no\/wp-content\/uploads\/2025\/09\/1998-volvo-940-hgv-b23-1920x1440-1.jpg?resize=690%2C460&amp;ssl=1 690w, https:\/\/i0.wp.com\/terjebjornstad.com\/no\/wp-content\/uploads\/2025\/09\/1998-volvo-940-hgv-b23-1920x1440-1.jpg?resize=980%2C653&amp;ssl=1 980w\" sizes=\"auto, (max-width: 980px) 100vw, 980px\" \/><\/a><figcaption id=\"caption-attachment-84769\" class=\"wp-caption-text\">1998 Volvo 940 Herreg\u00e5rdsvogn<\/figcaption><\/figure><\/p>\n<p><figure id=\"attachment_84289\" aria-describedby=\"caption-attachment-84289\" style=\"width: 120px\" class=\"wp-caption alignleft\"><img data-recalc-dims=\"1\" loading=\"lazy\" decoding=\"async\" data-attachment-id=\"84289\" data-permalink=\"https:\/\/terjebjornstad.com\/no\/2025\/09\/15\/ny-bil-men-ikke-elektrisk\/gbu-2-120x160\/\" data-orig-file=\"https:\/\/i0.wp.com\/terjebjornstad.com\/no\/wp-content\/uploads\/2025\/09\/gbu-2-120x160-1.png?fit=120%2C160&amp;ssl=1\" data-orig-size=\"120,160\" data-comments-opened=\"1\" data-image-meta=\"{&quot;aperture&quot;:&quot;0&quot;,&quot;credit&quot;:&quot;&quot;,&quot;camera&quot;:&quot;&quot;,&quot;caption&quot;:&quot;&quot;,&quot;created_timestamp&quot;:&quot;0&quot;,&quot;copyright&quot;:&quot;&quot;,&quot;focal_length&quot;:&quot;0&quot;,&quot;iso&quot;:&quot;0&quot;,&quot;shutter_speed&quot;:&quot;0&quot;,&quot;title&quot;:&quot;&quot;,&quot;orientation&quot;:&quot;0&quot;}\" data-image-title=\"gbu-2-120&amp;#215;160\" data-image-description=\"\" data-image-caption=\"&lt;p&gt;&amp;nbsp;&lt;\/p&gt;\n\" data-large-file=\"https:\/\/i0.wp.com\/terjebjornstad.com\/no\/wp-content\/uploads\/2025\/09\/gbu-2-120x160-1.png?fit=120%2C160&amp;ssl=1\" src=\"https:\/\/i0.wp.com\/terjebjornstad.com\/no\/wp-content\/uploads\/2025\/09\/gbu-2-120x160-1.png?resize=120%2C150&#038;ssl=1\" alt=\"\" width=\"120\" height=\"150\" class=\"size-thumbnail wp-image-84289\" \/><figcaption id=\"caption-attachment-84289\" class=\"wp-caption-text\">&nbsp;<\/figcaption><\/figure>P\u00e5 1990-tallet fikk jeg l\u00e5ne en koksgr\u00e5 Volvo 940 Turbo Herreg\u00e5rdsvogn p\u00e5 ferie i Gudbrandsdalen. Alle familiefedres dr\u00f8mmebil med plass til barn, hund og feriebagasje. Jeg har hatt glede av \u00e5 kj\u00f8re mange flotte biler gjennom \u00e5rene, men sjelden har jeg opplevd s\u00e5 mange misunnelige blikk fra andre familiefedre. <\/p>\n<p>&nbsp;<\/p>\n<h3 class=\"tebh2\">Se ogs\u00e5<\/h3>\n<figure id=\"attachment_19945\" aria-describedby=\"caption-attachment-19945\" style=\"width: 150px\" class=\"wp-caption alignleft\"><a href=\"https:\/\/terjebjornstad.com\/no\/2018\/10\/22\/volvotreff-pa-jessheim\/\"><img data-recalc-dims=\"1\" loading=\"lazy\" decoding=\"async\" data-attachment-id=\"19945\" data-permalink=\"https:\/\/terjebjornstad.com\/no\/2018\/10\/22\/volvotreff-pa-jessheim\/volvo-bilia-jessheim-1080x720\/\" data-orig-file=\"https:\/\/i0.wp.com\/terjebjornstad.com\/no\/wp-content\/uploads\/2018\/10\/volvo-bilia-jessheim-1080x720.png?fit=1080%2C720&amp;ssl=1\" data-orig-size=\"1080,720\" data-comments-opened=\"1\" data-image-meta=\"{&quot;aperture&quot;:&quot;0&quot;,&quot;credit&quot;:&quot;&quot;,&quot;camera&quot;:&quot;&quot;,&quot;caption&quot;:&quot;&quot;,&quot;created_timestamp&quot;:&quot;0&quot;,&quot;copyright&quot;:&quot;&quot;,&quot;focal_length&quot;:&quot;0&quot;,&quot;iso&quot;:&quot;0&quot;,&quot;shutter_speed&quot;:&quot;0&quot;,&quot;title&quot;:&quot;&quot;,&quot;orientation&quot;:&quot;0&quot;}\" data-image-title=\"volvo-bilia-jessheim-1080&amp;#215;720\" data-image-description=\"\" data-image-caption=\"&lt;p&gt;Volvotreff hos Bilia Jessheim&lt;\/p&gt;\n\" data-large-file=\"https:\/\/i0.wp.com\/terjebjornstad.com\/no\/wp-content\/uploads\/2018\/10\/volvo-bilia-jessheim-1080x720.png?fit=980%2C653&amp;ssl=1\" src=\"https:\/\/i0.wp.com\/terjebjornstad.com\/no\/wp-content\/uploads\/2018\/10\/volvo-bilia-jessheim-1080x720.png?resize=150%2C150&#038;ssl=1\" alt=\"Volvo 940\" width=\"150\" height=\"150\" class=\"size-thumbnail wp-image-19945\" srcset=\"https:\/\/i0.wp.com\/terjebjornstad.com\/no\/wp-content\/uploads\/2018\/10\/volvo-bilia-jessheim-1080x720.png?resize=150%2C150&amp;ssl=1 150w, https:\/\/i0.wp.com\/terjebjornstad.com\/no\/wp-content\/uploads\/2018\/10\/volvo-bilia-jessheim-1080x720.png?resize=50%2C50&amp;ssl=1 50w, https:\/\/i0.wp.com\/terjebjornstad.com\/no\/wp-content\/uploads\/2018\/10\/volvo-bilia-jessheim-1080x720.png?zoom=2&amp;resize=150%2C150&amp;ssl=1 300w, https:\/\/i0.wp.com\/terjebjornstad.com\/no\/wp-content\/uploads\/2018\/10\/volvo-bilia-jessheim-1080x720.png?zoom=3&amp;resize=150%2C150&amp;ssl=1 450w\" sizes=\"auto, (max-width: 150px) 100vw, 150px\" \/><\/a><figcaption id=\"caption-attachment-19945\" class=\"wp-caption-text\">Volvotreff hos Bilia Jessheim<\/figcaption><\/figure>\n<h6><\/h6>\n<p><a href=\"https:\/\/www.vccn.no\/\" target=\"_blank\"><strong>Volvo Car Club Norway<\/strong><\/a><\/p>\n<h6><\/h6>\n<\/div>\n","protected":false,"gt_translate_keys":[{"key":"rendered","format":"html"}]},"excerpt":{"rendered":"<p>Sist l\u00f8rdag hadde Volvo Car Club Norway (VCCN) sitt h\u00f8stm\u00f8te hos Bilia Jessheim. Jeg var innom og tok noen bilder i det fine h\u00f8stv\u00e6ret. Intet er s\u00e5 vakkert som staselige Volvo&#8217;er under en lav h\u00f8stsol. VCCN har arrangert sine h\u00f8sttreff hos Bilia Jessheim ogs\u00e5 flere ganger tidligere. Forrige gang jeg var innom, holdt Bilia til [&hellip;]<\/p>\n","protected":false,"gt_translate_keys":[{"key":"rendered","format":"html"}]},"author":1,"featured_media":84770,"comment_status":"open","ping_status":"open","sticky":false,"template":"","format":"standard","meta":{"_monsterinsights_skip_tracking":false,"_monsterinsights_sitenote_active":false,"_monsterinsights_sitenote_note":"","_monsterinsights_sitenote_category":0,"jetpack_post_was_ever_published":false,"_jetpack_newsletter_access":"","_jetpack_dont_email_post_to_subs":false,"_jetpack_newsletter_tier_id":0,"_jetpack_memberships_contains_paywalled_content":false,"_jetpack_memberships_contains_paid_content":false,"footnotes":"","jetpack_publicize_message":"","jetpack_publicize_feature_enabled":true,"jetpack_social_post_already_shared":true,"jetpack_social_options":{"image_generator_settings":{"template":"highway","default_image_id":0,"font":"","enabled":false},"version":2}},"categories":[5537],"tags":[1976,1977,5538],"class_list":["post-84772","post","type-post","status-publish","format-standard","has-post-thumbnail","hentry","category-bilia-jessheim","tag-bilia-jessheim","tag-vccn","tag-volvo-car-club-norway"],"yoast_head":"<!-- This site is optimized with the Yoast SEO plugin v27.5 - https:\/\/yoast.com\/product\/yoast-seo-wordpress\/ -->\n<title>Volvo h\u00f8sttreff hos Bilia Jessheim - Terjes biler<\/title>\n<meta name=\"description\" content=\"Sist l\u00f8rdag hadde Volvo Car Club Norway (VCCN) sitt h\u00f8stm\u00f8te hos Bilia Jessheim. Jeg var innom og tok noen bilderfA\" \/>\n<meta name=\"robots\" content=\"index, follow, max-snippet:-1, max-image-preview:large, max-video-preview:-1\" \/>\n<link rel=\"canonical\" href=\"https:\/\/terjebjornstad.com\/no\/2025\/09\/28\/volvo-hosttreff-hos-bilia-jessheim\/\" \/>\n<meta property=\"og:locale\" content=\"nb_NO\" \/>\n<meta property=\"og:type\" content=\"article\" \/>\n<meta property=\"og:title\" content=\"Volvo h\u00f8sttreff hos Bilia Jessheim - Terjes biler\" \/>\n<meta property=\"og:description\" content=\"Sist l\u00f8rdag hadde Volvo Car Club Norway (VCCN) sitt h\u00f8stm\u00f8te hos Bilia Jessheim. Jeg var innom og tok noen bilderfA\" \/>\n<meta property=\"og:url\" content=\"https:\/\/terjebjornstad.com\/no\/2025\/09\/28\/volvo-hosttreff-hos-bilia-jessheim\/\" \/>\n<meta property=\"og:site_name\" content=\"Terjes biler\" \/>\n<meta property=\"article:publisher\" content=\"https:\/\/www.facebook.com\/terjesbiler\/\" \/>\n<meta property=\"article:author\" content=\"https:\/\/www.facebook.com\/terjesbiler\" \/>\n<meta property=\"article:published_time\" content=\"2025-09-28T14:44:46+00:00\" \/>\n<meta property=\"article:modified_time\" content=\"2025-09-28T19:37:42+00:00\" \/>\n<meta property=\"og:image\" content=\"https:\/\/terjebjornstad.com\/no\/wp-content\/uploads\/2025\/09\/vccn-at-bilia-jessheim-2025-1920x1280-1.jpg\" \/>\n\t<meta property=\"og:image:width\" content=\"1920\" \/>\n\t<meta property=\"og:image:height\" content=\"1280\" \/>\n\t<meta property=\"og:image:type\" content=\"image\/jpeg\" \/>\n<meta name=\"author\" content=\"Terje Bj\u00f8rnstad\" \/>\n<meta name=\"twitter:card\" content=\"summary_large_image\" \/>\n<meta name=\"twitter:label1\" content=\"Skrevet av\" \/>\n\t<meta name=\"twitter:data1\" content=\"Terje Bj\u00f8rnstad\" \/>\n\t<meta name=\"twitter:label2\" content=\"Ansl. lesetid\" \/>\n\t<meta name=\"twitter:data2\" content=\"5 minutter\" \/>\n<script type=\"application\/ld+json\" class=\"yoast-schema-graph\">{\"@context\":\"https:\\\/\\\/schema.org\",\"@graph\":[{\"@type\":\"Article\",\"@id\":\"https:\\\/\\\/terjebjornstad.com\\\/no\\\/2025\\\/09\\\/28\\\/volvo-hosttreff-hos-bilia-jessheim\\\/#article\",\"isPartOf\":{\"@id\":\"https:\\\/\\\/terjebjornstad.com\\\/no\\\/2025\\\/09\\\/28\\\/volvo-hosttreff-hos-bilia-jessheim\\\/\"},\"author\":{\"name\":\"Terje Bj\u00f8rnstad\",\"@id\":\"https:\\\/\\\/terjebjornstad.com\\\/no\\\/#\\\/schema\\\/person\\\/a281f6a6e0f3cc9fe468e7f0c655aa65\"},\"headline\":\"Volvo h\u00f8sttreff hos Bilia Jessheim\",\"datePublished\":\"2025-09-28T14:44:46+00:00\",\"dateModified\":\"2025-09-28T19:37:42+00:00\",\"mainEntityOfPage\":{\"@id\":\"https:\\\/\\\/terjebjornstad.com\\\/no\\\/2025\\\/09\\\/28\\\/volvo-hosttreff-hos-bilia-jessheim\\\/\"},\"wordCount\":434,\"commentCount\":1,\"publisher\":{\"@id\":\"https:\\\/\\\/terjebjornstad.com\\\/no\\\/#organization\"},\"image\":{\"@id\":\"https:\\\/\\\/terjebjornstad.com\\\/no\\\/2025\\\/09\\\/28\\\/volvo-hosttreff-hos-bilia-jessheim\\\/#primaryimage\"},\"thumbnailUrl\":\"https:\\\/\\\/i0.wp.com\\\/terjebjornstad.com\\\/no\\\/wp-content\\\/uploads\\\/2025\\\/09\\\/vccn-at-bilia-jessheim-2025-1920x1280-1.jpg?fit=1920%2C1280&ssl=1\",\"keywords\":[\"bilia jessheim\",\"vccn\",\"Volvo Car Club Norway\"],\"articleSection\":[\"Bilia Jessheim\"],\"inLanguage\":\"nb-NO\",\"potentialAction\":[{\"@type\":\"CommentAction\",\"name\":\"Comment\",\"target\":[\"https:\\\/\\\/terjebjornstad.com\\\/no\\\/2025\\\/09\\\/28\\\/volvo-hosttreff-hos-bilia-jessheim\\\/#respond\"]}]},{\"@type\":\"WebPage\",\"@id\":\"https:\\\/\\\/terjebjornstad.com\\\/no\\\/2025\\\/09\\\/28\\\/volvo-hosttreff-hos-bilia-jessheim\\\/\",\"url\":\"https:\\\/\\\/terjebjornstad.com\\\/no\\\/2025\\\/09\\\/28\\\/volvo-hosttreff-hos-bilia-jessheim\\\/\",\"name\":\"Volvo h\u00f8sttreff hos Bilia Jessheim - Terjes biler\",\"isPartOf\":{\"@id\":\"https:\\\/\\\/terjebjornstad.com\\\/no\\\/#website\"},\"primaryImageOfPage\":{\"@id\":\"https:\\\/\\\/terjebjornstad.com\\\/no\\\/2025\\\/09\\\/28\\\/volvo-hosttreff-hos-bilia-jessheim\\\/#primaryimage\"},\"image\":{\"@id\":\"https:\\\/\\\/terjebjornstad.com\\\/no\\\/2025\\\/09\\\/28\\\/volvo-hosttreff-hos-bilia-jessheim\\\/#primaryimage\"},\"thumbnailUrl\":\"https:\\\/\\\/i0.wp.com\\\/terjebjornstad.com\\\/no\\\/wp-content\\\/uploads\\\/2025\\\/09\\\/vccn-at-bilia-jessheim-2025-1920x1280-1.jpg?fit=1920%2C1280&ssl=1\",\"datePublished\":\"2025-09-28T14:44:46+00:00\",\"dateModified\":\"2025-09-28T19:37:42+00:00\",\"description\":\"Sist l\u00f8rdag hadde Volvo Car Club Norway (VCCN) sitt h\u00f8stm\u00f8te hos Bilia Jessheim. Jeg var innom og tok noen bilderfA\",\"breadcrumb\":{\"@id\":\"https:\\\/\\\/terjebjornstad.com\\\/no\\\/2025\\\/09\\\/28\\\/volvo-hosttreff-hos-bilia-jessheim\\\/#breadcrumb\"},\"inLanguage\":\"nb-NO\",\"potentialAction\":[{\"@type\":\"ReadAction\",\"target\":[\"https:\\\/\\\/terjebjornstad.com\\\/no\\\/2025\\\/09\\\/28\\\/volvo-hosttreff-hos-bilia-jessheim\\\/\"]}]},{\"@type\":\"ImageObject\",\"inLanguage\":\"nb-NO\",\"@id\":\"https:\\\/\\\/terjebjornstad.com\\\/no\\\/2025\\\/09\\\/28\\\/volvo-hosttreff-hos-bilia-jessheim\\\/#primaryimage\",\"url\":\"https:\\\/\\\/i0.wp.com\\\/terjebjornstad.com\\\/no\\\/wp-content\\\/uploads\\\/2025\\\/09\\\/vccn-at-bilia-jessheim-2025-1920x1280-1.jpg?fit=1920%2C1280&ssl=1\",\"contentUrl\":\"https:\\\/\\\/i0.wp.com\\\/terjebjornstad.com\\\/no\\\/wp-content\\\/uploads\\\/2025\\\/09\\\/vccn-at-bilia-jessheim-2025-1920x1280-1.jpg?fit=1920%2C1280&ssl=1\",\"width\":1920,\"height\":1280,\"caption\":\"&nbsp; Volvo h\u00f8sttreff hos Bilia Jessheim Sist l\u00f8rdag hadde Volvo Car Club Norway (VCCN) sitt h\u00f8stm\u00f8te hos Bilia Jessheim. Jeg var innom og tok noen bilder i det fine h\u00f8stv\u00e6ret. Intet er s\u00e5 vakkert som staselige Volvo'er under en lav h\u00f8stsol. Se mer &nbsp;\"},{\"@type\":\"BreadcrumbList\",\"@id\":\"https:\\\/\\\/terjebjornstad.com\\\/no\\\/2025\\\/09\\\/28\\\/volvo-hosttreff-hos-bilia-jessheim\\\/#breadcrumb\",\"itemListElement\":[{\"@type\":\"ListItem\",\"position\":1,\"name\":\"Hjem\",\"item\":\"https:\\\/\\\/terjebjornstad.com\\\/no\\\/\"},{\"@type\":\"ListItem\",\"position\":2,\"name\":\"Volvo h\u00f8sttreff hos Bilia Jessheim\"}]},{\"@type\":\"WebSite\",\"@id\":\"https:\\\/\\\/terjebjornstad.com\\\/no\\\/#website\",\"url\":\"https:\\\/\\\/terjebjornstad.com\\\/no\\\/\",\"name\":\"Terjes biler\",\"description\":\"HONEST ABOUT CARS\",\"publisher\":{\"@id\":\"https:\\\/\\\/terjebjornstad.com\\\/no\\\/#organization\"},\"alternateName\":\"Terjebjornstad.com\",\"potentialAction\":[{\"@type\":\"SearchAction\",\"target\":{\"@type\":\"EntryPoint\",\"urlTemplate\":\"https:\\\/\\\/terjebjornstad.com\\\/no\\\/?s={search_term_string}\"},\"query-input\":{\"@type\":\"PropertyValueSpecification\",\"valueRequired\":true,\"valueName\":\"search_term_string\"}}],\"inLanguage\":\"nb-NO\"},{\"@type\":\"Organization\",\"@id\":\"https:\\\/\\\/terjebjornstad.com\\\/no\\\/#organization\",\"name\":\"Terje Bj\u00f8rnstad ENK\",\"url\":\"https:\\\/\\\/terjebjornstad.com\\\/no\\\/\",\"logo\":{\"@type\":\"ImageObject\",\"inLanguage\":\"nb-NO\",\"@id\":\"https:\\\/\\\/terjebjornstad.com\\\/no\\\/#\\\/schema\\\/logo\\\/image\\\/\",\"url\":\"https:\\\/\\\/i0.wp.com\\\/terjebjornstad.com\\\/no\\\/wp-content\\\/uploads\\\/2026\\\/02\\\/terjesbiler2024-960x354-1.png?fit=960%2C354&ssl=1\",\"contentUrl\":\"https:\\\/\\\/i0.wp.com\\\/terjebjornstad.com\\\/no\\\/wp-content\\\/uploads\\\/2026\\\/02\\\/terjesbiler2024-960x354-1.png?fit=960%2C354&ssl=1\",\"width\":960,\"height\":354,\"caption\":\"Terje Bj\u00f8rnstad ENK\"},\"image\":{\"@id\":\"https:\\\/\\\/terjebjornstad.com\\\/no\\\/#\\\/schema\\\/logo\\\/image\\\/\"},\"sameAs\":[\"https:\\\/\\\/www.facebook.com\\\/terjesbiler\\\/\",\"https:\\\/\\\/www.instagram.com\\\/terjesbiler\\\/\",\"https:\\\/\\\/www.pinteres.com\\\/terjebjrnstad\\\/terjes-biler\\\/\"]},{\"@type\":\"Person\",\"@id\":\"https:\\\/\\\/terjebjornstad.com\\\/no\\\/#\\\/schema\\\/person\\\/a281f6a6e0f3cc9fe468e7f0c655aa65\",\"name\":\"Terje Bj\u00f8rnstad\",\"image\":{\"@type\":\"ImageObject\",\"inLanguage\":\"nb-NO\",\"@id\":\"https:\\\/\\\/secure.gravatar.com\\\/avatar\\\/e8dff505b51cf6cb67ae06a06022d2049aac2da1e79dc146a36b58798c4b40ea?s=96&d=mm&r=g\",\"url\":\"https:\\\/\\\/secure.gravatar.com\\\/avatar\\\/e8dff505b51cf6cb67ae06a06022d2049aac2da1e79dc146a36b58798c4b40ea?s=96&d=mm&r=g\",\"contentUrl\":\"https:\\\/\\\/secure.gravatar.com\\\/avatar\\\/e8dff505b51cf6cb67ae06a06022d2049aac2da1e79dc146a36b58798c4b40ea?s=96&d=mm&r=g\",\"caption\":\"Terje Bj\u00f8rnstad\"},\"description\":\"Terje Bj\u00f8rnstad. Bloggadministrator, hobbyfotograf og bilnerd.\",\"sameAs\":[\"https:\\\/\\\/www.facebook.com\\\/terjesbiler\",\"https:\\\/\\\/www.instagram.com\\\/terjesbiler\",\"https:\\\/\\\/no.pinterest.com\\\/terjebjrnstad\",\"https:\\\/\\\/www.youtube.com\\\/channel\\\/UCzCKJJDybyIgKqatc_JQqIg\"]}]}<\/script>\n<!-- \/ Yoast SEO plugin. -->","yoast_head_json":{"title":"Volvo h\u00f8sttreff hos Bilia Jessheim - Terjes biler","description":"Sist l\u00f8rdag hadde Volvo Car Club Norway (VCCN) sitt h\u00f8stm\u00f8te hos Bilia Jessheim. Jeg var innom og tok noen bilderfA","robots":{"index":"index","follow":"follow","max-snippet":"max-snippet:-1","max-image-preview":"max-image-preview:large","max-video-preview":"max-video-preview:-1"},"canonical":"https:\/\/terjebjornstad.com\/no\/2025\/09\/28\/volvo-hosttreff-hos-bilia-jessheim\/","og_locale":"nb_NO","og_type":"article","og_title":"Volvo h\u00f8sttreff hos Bilia Jessheim - Terjes biler","og_description":"Sist l\u00f8rdag hadde Volvo Car Club Norway (VCCN) sitt h\u00f8stm\u00f8te hos Bilia Jessheim. Jeg var innom og tok noen bilderfA","og_url":"https:\/\/terjebjornstad.com\/no\/2025\/09\/28\/volvo-hosttreff-hos-bilia-jessheim\/","og_site_name":"Terjes biler","article_publisher":"https:\/\/www.facebook.com\/terjesbiler\/","article_author":"https:\/\/www.facebook.com\/terjesbiler","article_published_time":"2025-09-28T14:44:46+00:00","article_modified_time":"2025-09-28T19:37:42+00:00","og_image":[{"width":1920,"height":1280,"url":"https:\/\/terjebjornstad.com\/no\/wp-content\/uploads\/2025\/09\/vccn-at-bilia-jessheim-2025-1920x1280-1.jpg","type":"image\/jpeg"}],"author":"Terje Bj\u00f8rnstad","twitter_card":"summary_large_image","twitter_misc":{"Skrevet av":"Terje Bj\u00f8rnstad","Ansl. lesetid":"5 minutter"},"schema":{"@context":"https:\/\/schema.org","@graph":[{"@type":"Article","@id":"https:\/\/terjebjornstad.com\/no\/2025\/09\/28\/volvo-hosttreff-hos-bilia-jessheim\/#article","isPartOf":{"@id":"https:\/\/terjebjornstad.com\/no\/2025\/09\/28\/volvo-hosttreff-hos-bilia-jessheim\/"},"author":{"name":"Terje Bj\u00f8rnstad","@id":"https:\/\/terjebjornstad.com\/no\/#\/schema\/person\/a281f6a6e0f3cc9fe468e7f0c655aa65"},"headline":"Volvo h\u00f8sttreff hos Bilia Jessheim","datePublished":"2025-09-28T14:44:46+00:00","dateModified":"2025-09-28T19:37:42+00:00","mainEntityOfPage":{"@id":"https:\/\/terjebjornstad.com\/no\/2025\/09\/28\/volvo-hosttreff-hos-bilia-jessheim\/"},"wordCount":434,"commentCount":1,"publisher":{"@id":"https:\/\/terjebjornstad.com\/no\/#organization"},"image":{"@id":"https:\/\/terjebjornstad.com\/no\/2025\/09\/28\/volvo-hosttreff-hos-bilia-jessheim\/#primaryimage"},"thumbnailUrl":"https:\/\/i0.wp.com\/terjebjornstad.com\/no\/wp-content\/uploads\/2025\/09\/vccn-at-bilia-jessheim-2025-1920x1280-1.jpg?fit=1920%2C1280&ssl=1","keywords":["bilia jessheim","vccn","Volvo Car Club Norway"],"articleSection":["Bilia Jessheim"],"inLanguage":"nb-NO","potentialAction":[{"@type":"CommentAction","name":"Comment","target":["https:\/\/terjebjornstad.com\/no\/2025\/09\/28\/volvo-hosttreff-hos-bilia-jessheim\/#respond"]}]},{"@type":"WebPage","@id":"https:\/\/terjebjornstad.com\/no\/2025\/09\/28\/volvo-hosttreff-hos-bilia-jessheim\/","url":"https:\/\/terjebjornstad.com\/no\/2025\/09\/28\/volvo-hosttreff-hos-bilia-jessheim\/","name":"Volvo h\u00f8sttreff hos Bilia Jessheim - Terjes biler","isPartOf":{"@id":"https:\/\/terjebjornstad.com\/no\/#website"},"primaryImageOfPage":{"@id":"https:\/\/terjebjornstad.com\/no\/2025\/09\/28\/volvo-hosttreff-hos-bilia-jessheim\/#primaryimage"},"image":{"@id":"https:\/\/terjebjornstad.com\/no\/2025\/09\/28\/volvo-hosttreff-hos-bilia-jessheim\/#primaryimage"},"thumbnailUrl":"https:\/\/i0.wp.com\/terjebjornstad.com\/no\/wp-content\/uploads\/2025\/09\/vccn-at-bilia-jessheim-2025-1920x1280-1.jpg?fit=1920%2C1280&ssl=1","datePublished":"2025-09-28T14:44:46+00:00","dateModified":"2025-09-28T19:37:42+00:00","description":"Sist l\u00f8rdag hadde Volvo Car Club Norway (VCCN) sitt h\u00f8stm\u00f8te hos Bilia Jessheim. Jeg var innom og tok noen bilderfA","breadcrumb":{"@id":"https:\/\/terjebjornstad.com\/no\/2025\/09\/28\/volvo-hosttreff-hos-bilia-jessheim\/#breadcrumb"},"inLanguage":"nb-NO","potentialAction":[{"@type":"ReadAction","target":["https:\/\/terjebjornstad.com\/no\/2025\/09\/28\/volvo-hosttreff-hos-bilia-jessheim\/"]}]},{"@type":"ImageObject","inLanguage":"nb-NO","@id":"https:\/\/terjebjornstad.com\/no\/2025\/09\/28\/volvo-hosttreff-hos-bilia-jessheim\/#primaryimage","url":"https:\/\/i0.wp.com\/terjebjornstad.com\/no\/wp-content\/uploads\/2025\/09\/vccn-at-bilia-jessheim-2025-1920x1280-1.jpg?fit=1920%2C1280&ssl=1","contentUrl":"https:\/\/i0.wp.com\/terjebjornstad.com\/no\/wp-content\/uploads\/2025\/09\/vccn-at-bilia-jessheim-2025-1920x1280-1.jpg?fit=1920%2C1280&ssl=1","width":1920,"height":1280,"caption":"&nbsp; Volvo h\u00f8sttreff hos Bilia Jessheim Sist l\u00f8rdag hadde Volvo Car Club Norway (VCCN) sitt h\u00f8stm\u00f8te hos Bilia Jessheim. Jeg var innom og tok noen bilder i det fine h\u00f8stv\u00e6ret. Intet er s\u00e5 vakkert som staselige Volvo'er under en lav h\u00f8stsol. Se mer &nbsp;"},{"@type":"BreadcrumbList","@id":"https:\/\/terjebjornstad.com\/no\/2025\/09\/28\/volvo-hosttreff-hos-bilia-jessheim\/#breadcrumb","itemListElement":[{"@type":"ListItem","position":1,"name":"Hjem","item":"https:\/\/terjebjornstad.com\/no\/"},{"@type":"ListItem","position":2,"name":"Volvo h\u00f8sttreff hos Bilia Jessheim"}]},{"@type":"WebSite","@id":"https:\/\/terjebjornstad.com\/no\/#website","url":"https:\/\/terjebjornstad.com\/no\/","name":"Terjes biler","description":"HONEST ABOUT CARS","publisher":{"@id":"https:\/\/terjebjornstad.com\/no\/#organization"},"alternateName":"Terjebjornstad.com","potentialAction":[{"@type":"SearchAction","target":{"@type":"EntryPoint","urlTemplate":"https:\/\/terjebjornstad.com\/no\/?s={search_term_string}"},"query-input":{"@type":"PropertyValueSpecification","valueRequired":true,"valueName":"search_term_string"}}],"inLanguage":"nb-NO"},{"@type":"Organization","@id":"https:\/\/terjebjornstad.com\/no\/#organization","name":"Terje Bj\u00f8rnstad ENK","url":"https:\/\/terjebjornstad.com\/no\/","logo":{"@type":"ImageObject","inLanguage":"nb-NO","@id":"https:\/\/terjebjornstad.com\/no\/#\/schema\/logo\/image\/","url":"https:\/\/i0.wp.com\/terjebjornstad.com\/no\/wp-content\/uploads\/2026\/02\/terjesbiler2024-960x354-1.png?fit=960%2C354&ssl=1","contentUrl":"https:\/\/i0.wp.com\/terjebjornstad.com\/no\/wp-content\/uploads\/2026\/02\/terjesbiler2024-960x354-1.png?fit=960%2C354&ssl=1","width":960,"height":354,"caption":"Terje Bj\u00f8rnstad ENK"},"image":{"@id":"https:\/\/terjebjornstad.com\/no\/#\/schema\/logo\/image\/"},"sameAs":["https:\/\/www.facebook.com\/terjesbiler\/","https:\/\/www.instagram.com\/terjesbiler\/","https:\/\/www.pinteres.com\/terjebjrnstad\/terjes-biler\/"]},{"@type":"Person","@id":"https:\/\/terjebjornstad.com\/no\/#\/schema\/person\/a281f6a6e0f3cc9fe468e7f0c655aa65","name":"Terje Bj\u00f8rnstad","image":{"@type":"ImageObject","inLanguage":"nb-NO","@id":"https:\/\/secure.gravatar.com\/avatar\/e8dff505b51cf6cb67ae06a06022d2049aac2da1e79dc146a36b58798c4b40ea?s=96&d=mm&r=g","url":"https:\/\/secure.gravatar.com\/avatar\/e8dff505b51cf6cb67ae06a06022d2049aac2da1e79dc146a36b58798c4b40ea?s=96&d=mm&r=g","contentUrl":"https:\/\/secure.gravatar.com\/avatar\/e8dff505b51cf6cb67ae06a06022d2049aac2da1e79dc146a36b58798c4b40ea?s=96&d=mm&r=g","caption":"Terje Bj\u00f8rnstad"},"description":"Terje Bj\u00f8rnstad. Bloggadministrator, hobbyfotograf og bilnerd.","sameAs":["https:\/\/www.facebook.com\/terjesbiler","https:\/\/www.instagram.com\/terjesbiler","https:\/\/no.pinterest.com\/terjebjrnstad","https:\/\/www.youtube.com\/channel\/UCzCKJJDybyIgKqatc_JQqIg"]}]}},"jetpack_publicize_connections":[],"jetpack_featured_media_url":"https:\/\/i0.wp.com\/terjebjornstad.com\/no\/wp-content\/uploads\/2025\/09\/vccn-at-bilia-jessheim-2025-1920x1280-1.jpg?fit=1920%2C1280&ssl=1","jetpack_sharing_enabled":true,"jetpack_shortlink":"https:\/\/wp.me\/p48zYA-m3i","jetpack-related-posts":[{"id":19966,"url":"https:\/\/terjebjornstad.com\/no\/2018\/10\/22\/volvotreff-pa-jessheim\/","url_meta":{"origin":84772,"position":0},"title":"Volvotreff p\u00e5 Jessheim","author":"Terje Bj\u00f8rnstad","date":"22\/10\/2018","format":false,"excerpt":"\"Gardermot\u00e5ka\" l\u00e5 over Jessheim og hindret solen \u00e5 bryte gjennom, s\u00e5 det var noks\u00e5 kaldt. Heldigvis har ikke gamle Volvoer problemer med kj\u00f8lig h\u00f8stv\u00e6r, s\u00e5 flere hadde tatt med seg finbilene sine. Travel l\u00f8rdag hos Bilia Jessheim Hjulskift til inntekt for Omsorg Jessheim, gratis grillmat, muffins, - samt Volvotreff med\u2026","rel":"","context":"i &quot;Artikkel&quot;","block_context":{"text":"Artikkel","link":"https:\/\/terjebjornstad.com\/no\/category\/artikkel\/"},"img":{"alt_text":"","src":"https:\/\/i0.wp.com\/terjebjornstad.com\/no\/wp-content\/uploads\/2018\/10\/volvo-bilia-jessheim-1080x720.png?fit=1080%2C720&ssl=1&resize=350%2C200","width":350,"height":200,"srcset":"https:\/\/i0.wp.com\/terjebjornstad.com\/no\/wp-content\/uploads\/2018\/10\/volvo-bilia-jessheim-1080x720.png?fit=1080%2C720&ssl=1&resize=350%2C200 1x, https:\/\/i0.wp.com\/terjebjornstad.com\/no\/wp-content\/uploads\/2018\/10\/volvo-bilia-jessheim-1080x720.png?fit=1080%2C720&ssl=1&resize=525%2C300 1.5x, https:\/\/i0.wp.com\/terjebjornstad.com\/no\/wp-content\/uploads\/2018\/10\/volvo-bilia-jessheim-1080x720.png?fit=1080%2C720&ssl=1&resize=700%2C400 2x, https:\/\/i0.wp.com\/terjebjornstad.com\/no\/wp-content\/uploads\/2018\/10\/volvo-bilia-jessheim-1080x720.png?fit=1080%2C720&ssl=1&resize=1050%2C600 3x"},"classes":[]},{"id":19159,"url":"https:\/\/terjebjornstad.com\/no\/2018\/09\/10\/lincoln-hosttreff\/","url_meta":{"origin":84772,"position":1},"title":"Lincoln h\u00f8sttreff","author":"Terje Bj\u00f8rnstad","date":"10\/09\/2018","format":false,"excerpt":"Presidentens bil Skulle det ha kommet en president innom Billingstad utenfor Oslo sist helg, kunne han f\u00e5tt skyss hos R\u00f8hneSelmer. Der sto det nemlig en Lincoln Town Car Presidential utstilt p\u00e5 l\u00f8rdag. En personlig hilsen p\u00e5 bagasjelokket fra selveste Bill Clinton vitner om hvilke celebre passasjerer som en gang har\u2026","rel":"","context":"i &quot;Artikkel&quot;","block_context":{"text":"Artikkel","link":"https:\/\/terjebjornstad.com\/no\/category\/artikkel\/"},"img":{"alt_text":"","src":"https:\/\/i0.wp.com\/terjebjornstad.com\/no\/wp-content\/uploads\/2018\/09\/1977-lincoln-town-car-limo-1-1080x720.png?fit=1080%2C720&ssl=1&resize=350%2C200","width":350,"height":200,"srcset":"https:\/\/i0.wp.com\/terjebjornstad.com\/no\/wp-content\/uploads\/2018\/09\/1977-lincoln-town-car-limo-1-1080x720.png?fit=1080%2C720&ssl=1&resize=350%2C200 1x, https:\/\/i0.wp.com\/terjebjornstad.com\/no\/wp-content\/uploads\/2018\/09\/1977-lincoln-town-car-limo-1-1080x720.png?fit=1080%2C720&ssl=1&resize=525%2C300 1.5x, https:\/\/i0.wp.com\/terjebjornstad.com\/no\/wp-content\/uploads\/2018\/09\/1977-lincoln-town-car-limo-1-1080x720.png?fit=1080%2C720&ssl=1&resize=700%2C400 2x, https:\/\/i0.wp.com\/terjebjornstad.com\/no\/wp-content\/uploads\/2018\/09\/1977-lincoln-town-car-limo-1-1080x720.png?fit=1080%2C720&ssl=1&resize=1050%2C600 3x"},"classes":[]},{"id":48945,"url":"https:\/\/terjebjornstad.com\/no\/2022\/06\/08\/takgjoken-volvo-vibber\/","url_meta":{"origin":84772,"position":2},"title":"Volvo-vibber","author":"Terje Bj\u00f8rnstad","date":"08\/06\/2022","format":false,"excerpt":"Om en kongelig Volvo fra den gang da kronprinsparet hadde C-skilter. Om takgj\u00f8ken som aldri ble noen suksess - og litt mimring om Volvo 760 som er blitt 40 \u00e5r. \u00a0 Norsk Volvoklubb treff I helgen var det Volvo-treff p\u00e5 Norsk Samferdselshistorisk Senter ved H\u00f8nefoss stasjon. Jeg liker Volvo bedre\u2026","rel":"","context":"i &quot;264&quot;","block_context":{"text":"264","link":"https:\/\/terjebjornstad.com\/no\/category\/volvo\/264\/"},"img":{"alt_text":"","src":"https:\/\/i0.wp.com\/terjebjornstad.com\/no\/wp-content\/uploads\/2022\/06\/1-1973-volvo-0209-1080x608-1.png?fit=1080%2C608&ssl=1&resize=350%2C200","width":350,"height":200,"srcset":"https:\/\/i0.wp.com\/terjebjornstad.com\/no\/wp-content\/uploads\/2022\/06\/1-1973-volvo-0209-1080x608-1.png?fit=1080%2C608&ssl=1&resize=350%2C200 1x, https:\/\/i0.wp.com\/terjebjornstad.com\/no\/wp-content\/uploads\/2022\/06\/1-1973-volvo-0209-1080x608-1.png?fit=1080%2C608&ssl=1&resize=525%2C300 1.5x, https:\/\/i0.wp.com\/terjebjornstad.com\/no\/wp-content\/uploads\/2022\/06\/1-1973-volvo-0209-1080x608-1.png?fit=1080%2C608&ssl=1&resize=700%2C400 2x, https:\/\/i0.wp.com\/terjebjornstad.com\/no\/wp-content\/uploads\/2022\/06\/1-1973-volvo-0209-1080x608-1.png?fit=1080%2C608&ssl=1&resize=1050%2C600 3x"},"classes":[]},{"id":11031,"url":"https:\/\/terjebjornstad.com\/no\/2017\/06\/24\/i-kongelig-tjeneste\/","url_meta":{"origin":84772,"position":3},"title":"I kongelig tjeneste","author":"Terje Bj\u00f8rnstad","date":"24\/06\/2017","format":false,"excerpt":"Det dukker fra tid til annen opp biler som tidligere har v\u00e6rt i kongelig tjeneste. \u00a0 Volvo S80 Limousine Akkurat n\u00e5 st\u00e5r det en Volvo S80 Limousine utstilt foran lokalene til Bilia Fornebu. Flaggfestet p\u00e5 panseret r\u00f8per at den har kongelig historie. Slottet hadde tidligere to S80-limousiner med registreringsnumre A-3\u2026","rel":"","context":"i &quot;Artikkel&quot;","block_context":{"text":"Artikkel","link":"https:\/\/terjebjornstad.com\/no\/category\/artikkel\/"},"img":{"alt_text":"","src":"https:\/\/i0.wp.com\/terjebjornstad.com\/no\/wp-content\/uploads\/2017\/06\/volvo-s80-limo-1.png?fit=686%2C660&ssl=1&resize=350%2C200","width":350,"height":200,"srcset":"https:\/\/i0.wp.com\/terjebjornstad.com\/no\/wp-content\/uploads\/2017\/06\/volvo-s80-limo-1.png?fit=686%2C660&ssl=1&resize=350%2C200 1x, https:\/\/i0.wp.com\/terjebjornstad.com\/no\/wp-content\/uploads\/2017\/06\/volvo-s80-limo-1.png?fit=686%2C660&ssl=1&resize=525%2C300 1.5x"},"classes":[]},{"id":48038,"url":"https:\/\/terjebjornstad.com\/no\/2022\/04\/19\/volvo-262c-svensk-luksus-og-stil\/","url_meta":{"origin":84772,"position":4},"title":"Volvo 262C \u2013 svensk luksus og stil","author":"Anders de Lange","date":"19\/04\/2022","format":false,"excerpt":"Et svensk bilmerke som alltid har hatt et godt grep p\u00e5 nordiske bilkj\u00f8pere. Solide biler med gode egenskaper og h\u00f8y driftssikkerhet er noe de fleste \u00f8nsker seg og det fant de hos Volvo. Volvo sin f\u00f8rste bilmodell dukket opp p\u00e5 markedet i 1927. Den fikk navnet P4 og var utstyrt\u2026","rel":"","context":"i &quot;262C&quot;","block_context":{"text":"262C","link":"https:\/\/terjebjornstad.com\/no\/category\/volvo\/262c\/"},"img":{"alt_text":"","src":"https:\/\/i0.wp.com\/terjebjornstad.com\/no\/wp-content\/uploads\/2022\/04\/79volvo262cupe_2.jpg?fit=1200%2C505&ssl=1&resize=350%2C200","width":350,"height":200,"srcset":"https:\/\/i0.wp.com\/terjebjornstad.com\/no\/wp-content\/uploads\/2022\/04\/79volvo262cupe_2.jpg?fit=1200%2C505&ssl=1&resize=350%2C200 1x, https:\/\/i0.wp.com\/terjebjornstad.com\/no\/wp-content\/uploads\/2022\/04\/79volvo262cupe_2.jpg?fit=1200%2C505&ssl=1&resize=525%2C300 1.5x, https:\/\/i0.wp.com\/terjebjornstad.com\/no\/wp-content\/uploads\/2022\/04\/79volvo262cupe_2.jpg?fit=1200%2C505&ssl=1&resize=700%2C400 2x, https:\/\/i0.wp.com\/terjebjornstad.com\/no\/wp-content\/uploads\/2022\/04\/79volvo262cupe_2.jpg?fit=1200%2C505&ssl=1&resize=1050%2C600 3x"},"classes":[]},{"id":62909,"url":"https:\/\/terjebjornstad.com\/no\/2023\/09\/15\/teslas-unike-nettverk\/","url_meta":{"origin":84772,"position":5},"title":"Tesla p\u00e5 verksted i utlandet","author":"Terje Bj\u00f8rnstad","date":"15\/09\/2023","format":false,"excerpt":"Vi har testet Tesla-verksted i utlandet. Tesla-nettverket fungerer og er kanskje merkets viktigste og avgj\u00f8rende faktor. Med Tesla i utlandet Jeg bor til tider i Frankrike. I de siste m\u00e5nedene har jeg oppdaget at det er kommet flere Teslaer p\u00e5 veien, flere ladestasjoner og et helt nytt servicesenter. I august\u2026","rel":"","context":"i &quot;Artikkel&quot;","block_context":{"text":"Artikkel","link":"https:\/\/terjebjornstad.com\/no\/category\/artikkel\/"},"img":{"alt_text":"","src":"https:\/\/i0.wp.com\/terjebjornstad.com\/no\/wp-content\/uploads\/2023\/09\/OceanProd-Depositphotos-tesla1644-2000.jpg?fit=1200%2C800&ssl=1&resize=350%2C200","width":350,"height":200,"srcset":"https:\/\/i0.wp.com\/terjebjornstad.com\/no\/wp-content\/uploads\/2023\/09\/OceanProd-Depositphotos-tesla1644-2000.jpg?fit=1200%2C800&ssl=1&resize=350%2C200 1x, https:\/\/i0.wp.com\/terjebjornstad.com\/no\/wp-content\/uploads\/2023\/09\/OceanProd-Depositphotos-tesla1644-2000.jpg?fit=1200%2C800&ssl=1&resize=525%2C300 1.5x, https:\/\/i0.wp.com\/terjebjornstad.com\/no\/wp-content\/uploads\/2023\/09\/OceanProd-Depositphotos-tesla1644-2000.jpg?fit=1200%2C800&ssl=1&resize=700%2C400 2x, https:\/\/i0.wp.com\/terjebjornstad.com\/no\/wp-content\/uploads\/2023\/09\/OceanProd-Depositphotos-tesla1644-2000.jpg?fit=1200%2C800&ssl=1&resize=1050%2C600 3x"},"classes":[]}],"gt_translate_keys":[{"key":"link","format":"url"}],"_links":{"self":[{"href":"https:\/\/terjebjornstad.com\/no\/wp-json\/wp\/v2\/posts\/84772","targetHints":{"allow":["GET"]}}],"collection":[{"href":"https:\/\/terjebjornstad.com\/no\/wp-json\/wp\/v2\/posts"}],"about":[{"href":"https:\/\/terjebjornstad.com\/no\/wp-json\/wp\/v2\/types\/post"}],"author":[{"embeddable":true,"href":"https:\/\/terjebjornstad.com\/no\/wp-json\/wp\/v2\/users\/1"}],"replies":[{"embeddable":true,"href":"https:\/\/terjebjornstad.com\/no\/wp-json\/wp\/v2\/comments?post=84772"}],"version-history":[{"count":20,"href":"https:\/\/terjebjornstad.com\/no\/wp-json\/wp\/v2\/posts\/84772\/revisions"}],"predecessor-version":[{"id":84806,"href":"https:\/\/terjebjornstad.com\/no\/wp-json\/wp\/v2\/posts\/84772\/revisions\/84806"}],"wp:featuredmedia":[{"embeddable":true,"href":"https:\/\/terjebjornstad.com\/no\/wp-json\/wp\/v2\/media\/84770"}],"wp:attachment":[{"href":"https:\/\/terjebjornstad.com\/no\/wp-json\/wp\/v2\/media?parent=84772"}],"wp:term":[{"taxonomy":"category","embeddable":true,"href":"https:\/\/terjebjornstad.com\/no\/wp-json\/wp\/v2\/categories?post=84772"},{"taxonomy":"post_tag","embeddable":true,"href":"https:\/\/terjebjornstad.com\/no\/wp-json\/wp\/v2\/tags?post=84772"}],"curies":[{"name":"wp","href":"https:\/\/api.w.org\/{rel}","templated":true}]}}