{"id":84076,"date":"2025-09-07T01:05:05","date_gmt":"2025-09-07T00:05:05","guid":{"rendered":"https:\/\/terjebjornstad.com\/no\/?p=84076"},"modified":"2026-02-06T17:01:59","modified_gmt":"2026-02-06T16:01:59","slug":"veteranbiltreff-hos-andresen-bil-ski","status":"publish","type":"post","link":"https:\/\/terjebjornstad.com\/no\/2025\/09\/07\/veteranbiltreff-hos-andresen-bil-ski\/","title":{"rendered":"Veteranbiltreff hos Andresen Bil, Ski","gt_translate_keys":[{"key":"rendered","format":"text"}]},"content":{"rendered":"<div class=\"copy_teb\"><figure id=\"attachment_84071\" aria-describedby=\"caption-attachment-84071\" style=\"width: 1920px\" class=\"wp-caption aligncenter\"><a href=\"https:\/\/i0.wp.com\/terjebjornstad.com\/no\/wp-content\/uploads\/2025\/09\/1983-mercedes-benz-230e-1920x1440-1.jpg?ssl=1\"><img data-recalc-dims=\"1\" loading=\"lazy\" decoding=\"async\" data-attachment-id=\"84071\" data-permalink=\"https:\/\/terjebjornstad.com\/no\/2025\/09\/07\/veteranbiltreff-hos-andresen-bil-ski\/1983-mercedes-benz-230e-1920x1440\/\" data-orig-file=\"https:\/\/i0.wp.com\/terjebjornstad.com\/no\/wp-content\/uploads\/2025\/09\/1983-mercedes-benz-230e-1920x1440-1.jpg?fit=1920%2C1440&amp;ssl=1\" data-orig-size=\"1920,1440\" data-comments-opened=\"1\" data-image-meta=\"{&quot;aperture&quot;:&quot;0&quot;,&quot;credit&quot;:&quot;&quot;,&quot;camera&quot;:&quot;&quot;,&quot;caption&quot;:&quot;&quot;,&quot;created_timestamp&quot;:&quot;0&quot;,&quot;copyright&quot;:&quot;&quot;,&quot;focal_length&quot;:&quot;0&quot;,&quot;iso&quot;:&quot;0&quot;,&quot;shutter_speed&quot;:&quot;0&quot;,&quot;title&quot;:&quot;&quot;,&quot;orientation&quot;:&quot;0&quot;}\" data-image-title=\"1983-mercedes-benz-230e-1920&amp;#215;1440\" data-image-description=\"\" data-image-caption=\"&lt;div class=&quot;tebingresw&quot;&gt;\n&lt;h2 class=&quot;tebh2ingresw&quot;&gt;&amp;nbsp;&lt;br \/&gt;Veteranbiltreff hos Andresen Bil, Ski&lt;\/h2&gt;\n&lt;p&gt;Veteranbiltreff hos Andresen Bil, Ski&lt;\/a&gt;&lt;\/h2&gt;\n&lt;p&gt;Andresen Bil p\u00e5 Ski feiret gjen\u00e5pning av sine lokaler etter oppussing. P\u00e5 l\u00f8rdag var det veteranbildag med blant annet to av firmaets egne biler med lokal historie. &lt;a href=&quot;https:\/\/terjebjornstad.com\/no\/2025\/09\/07\/veteranbiltreff-hos-andresen-bil-ski\/&quot;&gt; &lt;strong&gt;Se mer&lt;\/strong&gt;&lt;\/a&gt;&lt;br \/&gt;&amp;nbsp;&lt;\/div&gt;\n&lt;p&gt;&lt;\/p&gt;\n\" data-large-file=\"https:\/\/i0.wp.com\/terjebjornstad.com\/no\/wp-content\/uploads\/2025\/09\/1983-mercedes-benz-230e-1920x1440-1.jpg?fit=980%2C735&amp;ssl=1\" src=\"https:\/\/i0.wp.com\/terjebjornstad.com\/no\/wp-content\/uploads\/2025\/09\/1983-mercedes-benz-230e-1920x1440-1.jpg?resize=980%2C735&#038;ssl=1\" alt=\"Andresen Bil\" width=\"980\" height=\"735\" class=\"size-full wp-image-84071\" srcset=\"https:\/\/i0.wp.com\/terjebjornstad.com\/no\/wp-content\/uploads\/2025\/09\/1983-mercedes-benz-230e-1920x1440-1.jpg?w=1920&amp;ssl=1 1920w, https:\/\/i0.wp.com\/terjebjornstad.com\/no\/wp-content\/uploads\/2025\/09\/1983-mercedes-benz-230e-1920x1440-1.jpg?resize=300%2C225&amp;ssl=1 300w, https:\/\/i0.wp.com\/terjebjornstad.com\/no\/wp-content\/uploads\/2025\/09\/1983-mercedes-benz-230e-1920x1440-1.jpg?resize=1080%2C810&amp;ssl=1 1080w, https:\/\/i0.wp.com\/terjebjornstad.com\/no\/wp-content\/uploads\/2025\/09\/1983-mercedes-benz-230e-1920x1440-1.jpg?resize=768%2C576&amp;ssl=1 768w, https:\/\/i0.wp.com\/terjebjornstad.com\/no\/wp-content\/uploads\/2025\/09\/1983-mercedes-benz-230e-1920x1440-1.jpg?resize=1536%2C1152&amp;ssl=1 1536w, https:\/\/i0.wp.com\/terjebjornstad.com\/no\/wp-content\/uploads\/2025\/09\/1983-mercedes-benz-230e-1920x1440-1.jpg?resize=690%2C518&amp;ssl=1 690w, https:\/\/i0.wp.com\/terjebjornstad.com\/no\/wp-content\/uploads\/2025\/09\/1983-mercedes-benz-230e-1920x1440-1.jpg?resize=980%2C735&amp;ssl=1 980w\" sizes=\"auto, (max-width: 980px) 100vw, 980px\" \/><\/a><figcaption id=\"caption-attachment-84071\" class=\"wp-caption-text\">Das Beste oder nichts? Mercedes-Benz W123.<\/figcaption><\/figure><\/p>\n<blockquote><p>Andresen Bil p\u00e5 Ski feiret gjen\u00e5pning av sine lokaler etter oppussing. P\u00e5 l\u00f8rdag var det veteranbildag med biler eldre enn 30 \u00e5r.<\/p><\/blockquote>\n\n<p>Andresen Bil er et familiedrevet konsern som forhandler Mercedes-Benz, Peugeot, Citroen og Opel. R\u00f8ttene strekker seg tilbake til 1952 da <em>Bj\u00f8rn Andresen<\/em> etablerte et verksted i foreldrenes hus. Etter hvert ble det biler og <em>Follo bil &#038; karosseri<\/em> ble etter hvert forhandlere av Mercedes-Benz og Peugeot. I dag forhandler de i tillegg Citroen og Opel, skj\u00f8nt selskapets historie med disse merkene er av nyere dato.<\/p>\n<h3 class=\"tebh2ingreslbcenter\">Mercedes-Benz<\/h3>\n<figure id=\"attachment_84058\" aria-describedby=\"caption-attachment-84058\" style=\"width: 1920px\" class=\"wp-caption aligncenter\"><a href=\"https:\/\/i0.wp.com\/terjebjornstad.com\/no\/wp-content\/uploads\/2025\/09\/1968-mercedes-benz-220-1920x1440-1.jpg?ssl=1\"><img data-recalc-dims=\"1\" loading=\"lazy\" decoding=\"async\" data-attachment-id=\"84058\" data-permalink=\"https:\/\/terjebjornstad.com\/no\/2025\/09\/07\/veteranbiltreff-hos-andresen-bil-ski\/1968-mercedes-benz-220-1920x1440\/\" data-orig-file=\"https:\/\/i0.wp.com\/terjebjornstad.com\/no\/wp-content\/uploads\/2025\/09\/1968-mercedes-benz-220-1920x1440-1.jpg?fit=1920%2C1440&amp;ssl=1\" data-orig-size=\"1920,1440\" data-comments-opened=\"1\" data-image-meta=\"{&quot;aperture&quot;:&quot;0&quot;,&quot;credit&quot;:&quot;&quot;,&quot;camera&quot;:&quot;&quot;,&quot;caption&quot;:&quot;&quot;,&quot;created_timestamp&quot;:&quot;0&quot;,&quot;copyright&quot;:&quot;&quot;,&quot;focal_length&quot;:&quot;0&quot;,&quot;iso&quot;:&quot;0&quot;,&quot;shutter_speed&quot;:&quot;0&quot;,&quot;title&quot;:&quot;&quot;,&quot;orientation&quot;:&quot;0&quot;}\" data-image-title=\"1968-mercedes-benz-220-1920&amp;#215;1440\" data-image-description=\"\" data-image-caption=\"&lt;p&gt;1968 Mercedes-Benz 220.&lt;\/p&gt;\n\" data-large-file=\"https:\/\/i0.wp.com\/terjebjornstad.com\/no\/wp-content\/uploads\/2025\/09\/1968-mercedes-benz-220-1920x1440-1.jpg?fit=980%2C735&amp;ssl=1\" src=\"https:\/\/i0.wp.com\/terjebjornstad.com\/no\/wp-content\/uploads\/2025\/09\/1968-mercedes-benz-220-1920x1440-1.jpg?resize=980%2C735&#038;ssl=1\" alt=\"Andresen Bil\" width=\"980\" height=\"735\" class=\"size-full wp-image-84058\" srcset=\"https:\/\/i0.wp.com\/terjebjornstad.com\/no\/wp-content\/uploads\/2025\/09\/1968-mercedes-benz-220-1920x1440-1.jpg?w=1920&amp;ssl=1 1920w, https:\/\/i0.wp.com\/terjebjornstad.com\/no\/wp-content\/uploads\/2025\/09\/1968-mercedes-benz-220-1920x1440-1.jpg?resize=300%2C225&amp;ssl=1 300w, https:\/\/i0.wp.com\/terjebjornstad.com\/no\/wp-content\/uploads\/2025\/09\/1968-mercedes-benz-220-1920x1440-1.jpg?resize=1080%2C810&amp;ssl=1 1080w, https:\/\/i0.wp.com\/terjebjornstad.com\/no\/wp-content\/uploads\/2025\/09\/1968-mercedes-benz-220-1920x1440-1.jpg?resize=768%2C576&amp;ssl=1 768w, https:\/\/i0.wp.com\/terjebjornstad.com\/no\/wp-content\/uploads\/2025\/09\/1968-mercedes-benz-220-1920x1440-1.jpg?resize=1536%2C1152&amp;ssl=1 1536w, https:\/\/i0.wp.com\/terjebjornstad.com\/no\/wp-content\/uploads\/2025\/09\/1968-mercedes-benz-220-1920x1440-1.jpg?resize=690%2C518&amp;ssl=1 690w, https:\/\/i0.wp.com\/terjebjornstad.com\/no\/wp-content\/uploads\/2025\/09\/1968-mercedes-benz-220-1920x1440-1.jpg?resize=980%2C735&amp;ssl=1 980w\" sizes=\"auto, (max-width: 980px) 100vw, 980px\" \/><\/a><figcaption id=\"caption-attachment-84058\" class=\"wp-caption-text\">1968 Mercedes-Benz 220.<\/figcaption><\/figure>\n<p>For oss som er litt oppe i \u00e5rene, vekker det gode minner \u00e5 bli m\u00f8tt av en &laquo;ny&raquo; 1968 Mercedes-Benz &laquo;Strich-Acht&raquo; i utstillingslokalet. Dette var ikke en bil som hvem som helst kunne ta med seg hjem. &laquo;Strich-Acht&raquo; kom i utstillingslokalene i 1968, og bilen p\u00e5 bildene var den f\u00f8rste W115 som ble solgt i Ski. Den gikk til lastebileier <em>Johannes Enersen<\/em>, Askim, som benyttet den kun til h\u00f8ytider og staselige anledninger. Etter Enersens bortgang ble den tatt over av en bekjent av familien som utbedret noen rustskader, f\u00f8r den ble kj\u00f8pt tilbake av Andresen Bil med under 40.000 p\u00e5 km-telleren! Dette er alts\u00e5 ikke en hvilken som helst veteranbil, men en bil med lokal historie. Verdt \u00e5 ta vare p\u00e5!<br \/>\n&nbsp;<br \/>\n<figure id=\"attachment_84057\" aria-describedby=\"caption-attachment-84057\" style=\"width: 1920px\" class=\"wp-caption aligncenter\"><a href=\"https:\/\/i0.wp.com\/terjebjornstad.com\/no\/wp-content\/uploads\/2025\/09\/1968-mercedes-benz-220-1601-1920x1440-1.jpg?ssl=1\"><img data-recalc-dims=\"1\" loading=\"lazy\" decoding=\"async\" data-attachment-id=\"84057\" data-permalink=\"https:\/\/terjebjornstad.com\/no\/2025\/09\/07\/veteranbiltreff-hos-andresen-bil-ski\/1968-mercedes-benz-220-1601-1920x1440\/\" data-orig-file=\"https:\/\/i0.wp.com\/terjebjornstad.com\/no\/wp-content\/uploads\/2025\/09\/1968-mercedes-benz-220-1601-1920x1440-1.jpg?fit=1920%2C1440&amp;ssl=1\" data-orig-size=\"1920,1440\" data-comments-opened=\"1\" data-image-meta=\"{&quot;aperture&quot;:&quot;0&quot;,&quot;credit&quot;:&quot;&quot;,&quot;camera&quot;:&quot;&quot;,&quot;caption&quot;:&quot;&quot;,&quot;created_timestamp&quot;:&quot;0&quot;,&quot;copyright&quot;:&quot;&quot;,&quot;focal_length&quot;:&quot;0&quot;,&quot;iso&quot;:&quot;0&quot;,&quot;shutter_speed&quot;:&quot;0&quot;,&quot;title&quot;:&quot;&quot;,&quot;orientation&quot;:&quot;0&quot;}\" data-image-title=\"1968-mercedes-benz-220-1601-1920&amp;#215;1440\" data-image-description=\"\" data-image-caption=\"&lt;p&gt;1968 Mercedes-Benz 220.&lt;\/p&gt;\n\" data-large-file=\"https:\/\/i0.wp.com\/terjebjornstad.com\/no\/wp-content\/uploads\/2025\/09\/1968-mercedes-benz-220-1601-1920x1440-1.jpg?fit=980%2C735&amp;ssl=1\" src=\"https:\/\/i0.wp.com\/terjebjornstad.com\/no\/wp-content\/uploads\/2025\/09\/1968-mercedes-benz-220-1601-1920x1440-1.jpg?resize=980%2C735&#038;ssl=1\" alt=\"Andresen Bil\" width=\"980\" height=\"735\" class=\"size-full wp-image-84057\" srcset=\"https:\/\/i0.wp.com\/terjebjornstad.com\/no\/wp-content\/uploads\/2025\/09\/1968-mercedes-benz-220-1601-1920x1440-1.jpg?w=1920&amp;ssl=1 1920w, https:\/\/i0.wp.com\/terjebjornstad.com\/no\/wp-content\/uploads\/2025\/09\/1968-mercedes-benz-220-1601-1920x1440-1.jpg?resize=300%2C225&amp;ssl=1 300w, https:\/\/i0.wp.com\/terjebjornstad.com\/no\/wp-content\/uploads\/2025\/09\/1968-mercedes-benz-220-1601-1920x1440-1.jpg?resize=1080%2C810&amp;ssl=1 1080w, https:\/\/i0.wp.com\/terjebjornstad.com\/no\/wp-content\/uploads\/2025\/09\/1968-mercedes-benz-220-1601-1920x1440-1.jpg?resize=768%2C576&amp;ssl=1 768w, https:\/\/i0.wp.com\/terjebjornstad.com\/no\/wp-content\/uploads\/2025\/09\/1968-mercedes-benz-220-1601-1920x1440-1.jpg?resize=1536%2C1152&amp;ssl=1 1536w, https:\/\/i0.wp.com\/terjebjornstad.com\/no\/wp-content\/uploads\/2025\/09\/1968-mercedes-benz-220-1601-1920x1440-1.jpg?resize=690%2C518&amp;ssl=1 690w, https:\/\/i0.wp.com\/terjebjornstad.com\/no\/wp-content\/uploads\/2025\/09\/1968-mercedes-benz-220-1601-1920x1440-1.jpg?resize=980%2C735&amp;ssl=1 980w\" sizes=\"auto, (max-width: 980px) 100vw, 980px\" \/><\/a><figcaption id=\"caption-attachment-84057\" class=\"wp-caption-text\">1968 Mercedes-Benz 220.<\/figcaption><\/figure><\/p>\n<p>Ute p\u00e5 kundeparkeringen sto gjestenes veteranbiler. Her er noen av dem.<br \/>\n&nbsp;<br \/>\n<figure id=\"attachment_84066\" aria-describedby=\"caption-attachment-84066\" style=\"width: 1920px\" class=\"wp-caption aligncenter\"><a href=\"https:\/\/i0.wp.com\/terjebjornstad.com\/no\/wp-content\/uploads\/2025\/09\/1972-mercedes-benz-230-8-1920x1440-1.jpg?ssl=1\"><img data-recalc-dims=\"1\" loading=\"lazy\" decoding=\"async\" data-attachment-id=\"84066\" data-permalink=\"https:\/\/terjebjornstad.com\/no\/2025\/09\/07\/veteranbiltreff-hos-andresen-bil-ski\/1972-mercedes-benz-230-8-1920x1440\/\" data-orig-file=\"https:\/\/i0.wp.com\/terjebjornstad.com\/no\/wp-content\/uploads\/2025\/09\/1972-mercedes-benz-230-8-1920x1440-1.jpg?fit=1920%2C1440&amp;ssl=1\" data-orig-size=\"1920,1440\" data-comments-opened=\"1\" data-image-meta=\"{&quot;aperture&quot;:&quot;0&quot;,&quot;credit&quot;:&quot;&quot;,&quot;camera&quot;:&quot;&quot;,&quot;caption&quot;:&quot;&quot;,&quot;created_timestamp&quot;:&quot;0&quot;,&quot;copyright&quot;:&quot;&quot;,&quot;focal_length&quot;:&quot;0&quot;,&quot;iso&quot;:&quot;0&quot;,&quot;shutter_speed&quot;:&quot;0&quot;,&quot;title&quot;:&quot;&quot;,&quot;orientation&quot;:&quot;0&quot;}\" data-image-title=\"1972-mercedes-benz-230-8-1920&amp;#215;1440\" data-image-description=\"\" data-image-caption=\"&lt;p&gt;1972 Mercedes-Benz 230\/8 &amp;laquo;Stricht acht&amp;raquo;.&lt;\/p&gt;\n\" data-large-file=\"https:\/\/i0.wp.com\/terjebjornstad.com\/no\/wp-content\/uploads\/2025\/09\/1972-mercedes-benz-230-8-1920x1440-1.jpg?fit=980%2C735&amp;ssl=1\" src=\"https:\/\/i0.wp.com\/terjebjornstad.com\/no\/wp-content\/uploads\/2025\/09\/1972-mercedes-benz-230-8-1920x1440-1.jpg?resize=980%2C735&#038;ssl=1\" alt=\"Andresen Bil\" width=\"980\" height=\"735\" class=\"size-full wp-image-84066\" srcset=\"https:\/\/i0.wp.com\/terjebjornstad.com\/no\/wp-content\/uploads\/2025\/09\/1972-mercedes-benz-230-8-1920x1440-1.jpg?w=1920&amp;ssl=1 1920w, https:\/\/i0.wp.com\/terjebjornstad.com\/no\/wp-content\/uploads\/2025\/09\/1972-mercedes-benz-230-8-1920x1440-1.jpg?resize=300%2C225&amp;ssl=1 300w, https:\/\/i0.wp.com\/terjebjornstad.com\/no\/wp-content\/uploads\/2025\/09\/1972-mercedes-benz-230-8-1920x1440-1.jpg?resize=1080%2C810&amp;ssl=1 1080w, https:\/\/i0.wp.com\/terjebjornstad.com\/no\/wp-content\/uploads\/2025\/09\/1972-mercedes-benz-230-8-1920x1440-1.jpg?resize=768%2C576&amp;ssl=1 768w, https:\/\/i0.wp.com\/terjebjornstad.com\/no\/wp-content\/uploads\/2025\/09\/1972-mercedes-benz-230-8-1920x1440-1.jpg?resize=1536%2C1152&amp;ssl=1 1536w, https:\/\/i0.wp.com\/terjebjornstad.com\/no\/wp-content\/uploads\/2025\/09\/1972-mercedes-benz-230-8-1920x1440-1.jpg?resize=690%2C518&amp;ssl=1 690w, https:\/\/i0.wp.com\/terjebjornstad.com\/no\/wp-content\/uploads\/2025\/09\/1972-mercedes-benz-230-8-1920x1440-1.jpg?resize=980%2C735&amp;ssl=1 980w\" sizes=\"auto, (max-width: 980px) 100vw, 980px\" \/><\/a><figcaption id=\"caption-attachment-84066\" class=\"wp-caption-text\">1972 Mercedes-Benz 230\/8 &laquo;Stricht acht&raquo;.<\/figcaption><\/figure><br \/>\n&nbsp;<br \/>\n<figure id=\"attachment_84069\" aria-describedby=\"caption-attachment-84069\" style=\"width: 1920px\" class=\"wp-caption aligncenter\"><a href=\"https:\/\/i0.wp.com\/terjebjornstad.com\/no\/wp-content\/uploads\/2025\/09\/1976-mercedes-benz-250c-1920x1440-1.jpg?ssl=1\"><img data-recalc-dims=\"1\" loading=\"lazy\" decoding=\"async\" data-attachment-id=\"84069\" data-permalink=\"https:\/\/terjebjornstad.com\/no\/2025\/09\/07\/veteranbiltreff-hos-andresen-bil-ski\/1976-mercedes-benz-250c-1920x1440\/\" data-orig-file=\"https:\/\/i0.wp.com\/terjebjornstad.com\/no\/wp-content\/uploads\/2025\/09\/1976-mercedes-benz-250c-1920x1440-1.jpg?fit=1920%2C1280&amp;ssl=1\" data-orig-size=\"1920,1280\" data-comments-opened=\"1\" data-image-meta=\"{&quot;aperture&quot;:&quot;0&quot;,&quot;credit&quot;:&quot;&quot;,&quot;camera&quot;:&quot;&quot;,&quot;caption&quot;:&quot;&quot;,&quot;created_timestamp&quot;:&quot;0&quot;,&quot;copyright&quot;:&quot;&quot;,&quot;focal_length&quot;:&quot;0&quot;,&quot;iso&quot;:&quot;0&quot;,&quot;shutter_speed&quot;:&quot;0&quot;,&quot;title&quot;:&quot;&quot;,&quot;orientation&quot;:&quot;0&quot;}\" data-image-title=\"1976-mercedes-benz-250c-1920&amp;#215;1440\" data-image-description=\"\" data-image-caption=\"&lt;p&gt;1975 Mercedes-Benz 250 C.&lt;\/p&gt;\n\" data-large-file=\"https:\/\/i0.wp.com\/terjebjornstad.com\/no\/wp-content\/uploads\/2025\/09\/1976-mercedes-benz-250c-1920x1440-1.jpg?fit=980%2C653&amp;ssl=1\" src=\"https:\/\/i0.wp.com\/terjebjornstad.com\/no\/wp-content\/uploads\/2025\/09\/1976-mercedes-benz-250c-1920x1440-1.jpg?resize=980%2C653&#038;ssl=1\" alt=\"Andresen Bil\" width=\"980\" height=\"653\" class=\"size-full wp-image-84069\" srcset=\"https:\/\/i0.wp.com\/terjebjornstad.com\/no\/wp-content\/uploads\/2025\/09\/1976-mercedes-benz-250c-1920x1440-1.jpg?w=1920&amp;ssl=1 1920w, https:\/\/i0.wp.com\/terjebjornstad.com\/no\/wp-content\/uploads\/2025\/09\/1976-mercedes-benz-250c-1920x1440-1.jpg?resize=300%2C200&amp;ssl=1 300w, https:\/\/i0.wp.com\/terjebjornstad.com\/no\/wp-content\/uploads\/2025\/09\/1976-mercedes-benz-250c-1920x1440-1.jpg?resize=1080%2C720&amp;ssl=1 1080w, https:\/\/i0.wp.com\/terjebjornstad.com\/no\/wp-content\/uploads\/2025\/09\/1976-mercedes-benz-250c-1920x1440-1.jpg?resize=768%2C512&amp;ssl=1 768w, https:\/\/i0.wp.com\/terjebjornstad.com\/no\/wp-content\/uploads\/2025\/09\/1976-mercedes-benz-250c-1920x1440-1.jpg?resize=1536%2C1024&amp;ssl=1 1536w, https:\/\/i0.wp.com\/terjebjornstad.com\/no\/wp-content\/uploads\/2025\/09\/1976-mercedes-benz-250c-1920x1440-1.jpg?resize=690%2C460&amp;ssl=1 690w, https:\/\/i0.wp.com\/terjebjornstad.com\/no\/wp-content\/uploads\/2025\/09\/1976-mercedes-benz-250c-1920x1440-1.jpg?resize=980%2C653&amp;ssl=1 980w\" sizes=\"auto, (max-width: 980px) 100vw, 980px\" \/><\/a><figcaption id=\"caption-attachment-84069\" class=\"wp-caption-text\">1975 Mercedes-Benz 250 C.<\/figcaption><\/figure><br \/>\n&nbsp;<br \/>\n<figure id=\"attachment_84059\" aria-describedby=\"caption-attachment-84059\" style=\"width: 1920px\" class=\"wp-caption aligncenter\"><a href=\"https:\/\/i0.wp.com\/terjebjornstad.com\/no\/wp-content\/uploads\/2025\/09\/1968-mercedes-benz-280se-1920x1440-1.jpg?ssl=1\"><img data-recalc-dims=\"1\" loading=\"lazy\" decoding=\"async\" data-attachment-id=\"84059\" data-permalink=\"https:\/\/terjebjornstad.com\/no\/2025\/09\/07\/veteranbiltreff-hos-andresen-bil-ski\/1968-mercedes-benz-280se-1920x1440\/\" data-orig-file=\"https:\/\/i0.wp.com\/terjebjornstad.com\/no\/wp-content\/uploads\/2025\/09\/1968-mercedes-benz-280se-1920x1440-1.jpg?fit=1920%2C1440&amp;ssl=1\" data-orig-size=\"1920,1440\" data-comments-opened=\"1\" data-image-meta=\"{&quot;aperture&quot;:&quot;0&quot;,&quot;credit&quot;:&quot;&quot;,&quot;camera&quot;:&quot;&quot;,&quot;caption&quot;:&quot;&quot;,&quot;created_timestamp&quot;:&quot;0&quot;,&quot;copyright&quot;:&quot;&quot;,&quot;focal_length&quot;:&quot;0&quot;,&quot;iso&quot;:&quot;0&quot;,&quot;shutter_speed&quot;:&quot;0&quot;,&quot;title&quot;:&quot;&quot;,&quot;orientation&quot;:&quot;0&quot;}\" data-image-title=\"1968-mercedes-benz-280se-1920&amp;#215;1440\" data-image-description=\"\" data-image-caption=\"&lt;p&gt;1968 Mercedes-Benz 280 SE.&lt;\/p&gt;\n\" data-large-file=\"https:\/\/i0.wp.com\/terjebjornstad.com\/no\/wp-content\/uploads\/2025\/09\/1968-mercedes-benz-280se-1920x1440-1.jpg?fit=980%2C735&amp;ssl=1\" src=\"https:\/\/i0.wp.com\/terjebjornstad.com\/no\/wp-content\/uploads\/2025\/09\/1968-mercedes-benz-280se-1920x1440-1.jpg?resize=980%2C735&#038;ssl=1\" alt=\"Andresen Bil\" width=\"980\" height=\"735\" class=\"size-full wp-image-84059\" srcset=\"https:\/\/i0.wp.com\/terjebjornstad.com\/no\/wp-content\/uploads\/2025\/09\/1968-mercedes-benz-280se-1920x1440-1.jpg?w=1920&amp;ssl=1 1920w, https:\/\/i0.wp.com\/terjebjornstad.com\/no\/wp-content\/uploads\/2025\/09\/1968-mercedes-benz-280se-1920x1440-1.jpg?resize=300%2C225&amp;ssl=1 300w, https:\/\/i0.wp.com\/terjebjornstad.com\/no\/wp-content\/uploads\/2025\/09\/1968-mercedes-benz-280se-1920x1440-1.jpg?resize=1080%2C810&amp;ssl=1 1080w, https:\/\/i0.wp.com\/terjebjornstad.com\/no\/wp-content\/uploads\/2025\/09\/1968-mercedes-benz-280se-1920x1440-1.jpg?resize=768%2C576&amp;ssl=1 768w, https:\/\/i0.wp.com\/terjebjornstad.com\/no\/wp-content\/uploads\/2025\/09\/1968-mercedes-benz-280se-1920x1440-1.jpg?resize=1536%2C1152&amp;ssl=1 1536w, https:\/\/i0.wp.com\/terjebjornstad.com\/no\/wp-content\/uploads\/2025\/09\/1968-mercedes-benz-280se-1920x1440-1.jpg?resize=690%2C518&amp;ssl=1 690w, https:\/\/i0.wp.com\/terjebjornstad.com\/no\/wp-content\/uploads\/2025\/09\/1968-mercedes-benz-280se-1920x1440-1.jpg?resize=980%2C735&amp;ssl=1 980w\" sizes=\"auto, (max-width: 980px) 100vw, 980px\" \/><\/a><figcaption id=\"caption-attachment-84059\" class=\"wp-caption-text\">1968 Mercedes-Benz 280 SE.<\/figcaption><\/figure><\/p>\n<h3 class=\"tebh2ingreslbcenter\">Peugeot<\/h3>\n<figure id=\"attachment_84063\" aria-describedby=\"caption-attachment-84063\" style=\"width: 1440px\" class=\"wp-caption aligncenter\"><a href=\"https:\/\/i0.wp.com\/terjebjornstad.com\/no\/wp-content\/uploads\/2025\/09\/1969-peugeot-504-berline-1440x1920-1.jpg?ssl=1\"><img data-recalc-dims=\"1\" loading=\"lazy\" decoding=\"async\" data-attachment-id=\"84063\" data-permalink=\"https:\/\/terjebjornstad.com\/no\/2025\/09\/07\/veteranbiltreff-hos-andresen-bil-ski\/1969-peugeot-504-berline-1440x1920\/\" data-orig-file=\"https:\/\/i0.wp.com\/terjebjornstad.com\/no\/wp-content\/uploads\/2025\/09\/1969-peugeot-504-berline-1440x1920-1.jpg?fit=1440%2C1920&amp;ssl=1\" data-orig-size=\"1440,1920\" data-comments-opened=\"1\" data-image-meta=\"{&quot;aperture&quot;:&quot;0&quot;,&quot;credit&quot;:&quot;&quot;,&quot;camera&quot;:&quot;&quot;,&quot;caption&quot;:&quot;&quot;,&quot;created_timestamp&quot;:&quot;0&quot;,&quot;copyright&quot;:&quot;&quot;,&quot;focal_length&quot;:&quot;0&quot;,&quot;iso&quot;:&quot;0&quot;,&quot;shutter_speed&quot;:&quot;0&quot;,&quot;title&quot;:&quot;&quot;,&quot;orientation&quot;:&quot;0&quot;}\" data-image-title=\"1969-peugeot-504-berline-1440&amp;#215;1920\" data-image-description=\"\" data-image-caption=\"&lt;p&gt;1969 Peugeot 504 Berline.&lt;\/p&gt;\n\" data-large-file=\"https:\/\/i0.wp.com\/terjebjornstad.com\/no\/wp-content\/uploads\/2025\/09\/1969-peugeot-504-berline-1440x1920-1.jpg?fit=810%2C1080&amp;ssl=1\" src=\"https:\/\/i0.wp.com\/terjebjornstad.com\/no\/wp-content\/uploads\/2025\/09\/1969-peugeot-504-berline-1440x1920-1.jpg?resize=980%2C1307&#038;ssl=1\" alt=\"Andresen Bil\" width=\"980\" height=\"1307\" class=\"size-full wp-image-84063\" srcset=\"https:\/\/i0.wp.com\/terjebjornstad.com\/no\/wp-content\/uploads\/2025\/09\/1969-peugeot-504-berline-1440x1920-1.jpg?w=1440&amp;ssl=1 1440w, https:\/\/i0.wp.com\/terjebjornstad.com\/no\/wp-content\/uploads\/2025\/09\/1969-peugeot-504-berline-1440x1920-1.jpg?resize=225%2C300&amp;ssl=1 225w, https:\/\/i0.wp.com\/terjebjornstad.com\/no\/wp-content\/uploads\/2025\/09\/1969-peugeot-504-berline-1440x1920-1.jpg?resize=810%2C1080&amp;ssl=1 810w, https:\/\/i0.wp.com\/terjebjornstad.com\/no\/wp-content\/uploads\/2025\/09\/1969-peugeot-504-berline-1440x1920-1.jpg?resize=768%2C1024&amp;ssl=1 768w, https:\/\/i0.wp.com\/terjebjornstad.com\/no\/wp-content\/uploads\/2025\/09\/1969-peugeot-504-berline-1440x1920-1.jpg?resize=1152%2C1536&amp;ssl=1 1152w, https:\/\/i0.wp.com\/terjebjornstad.com\/no\/wp-content\/uploads\/2025\/09\/1969-peugeot-504-berline-1440x1920-1.jpg?resize=690%2C920&amp;ssl=1 690w, https:\/\/i0.wp.com\/terjebjornstad.com\/no\/wp-content\/uploads\/2025\/09\/1969-peugeot-504-berline-1440x1920-1.jpg?resize=980%2C1307&amp;ssl=1 980w\" sizes=\"auto, (max-width: 980px) 100vw, 980px\" \/><\/a><figcaption id=\"caption-attachment-84063\" class=\"wp-caption-text\">1969 Peugeot 504 Berline.<\/figcaption><\/figure>\n<p>I avdelingen for Peugeot, Citroen og Opel st\u00e5r denne hvite Peugeot 504 fra 1969. Det var f\u00f8rste modell\u00e5r, og akkurat denne bilen var den f\u00f8rste Peugeot 504 solgt av Follo Bil &#038; Karosseri. Den ble levert til tannlege <em>Olav Dag Viken<\/em> fra Ski. Han var en kjent personlighet i Ski. I tillegg til \u00e5 v\u00e6re tannlege var han lokalpolitiker for Venstre, bildekunstner, aktiv i kunstmilj\u00f8et og blant annet tegnet Ski&#8217;s kommunev\u00e5pen. Peugeot&#8217;en beholdt han resten av sitt liv. Etter sin bortgang i 1980 har den st\u00e5tt p\u00e5 lager og kj\u00f8pt tilbake til Andresen Bil i 2015 for \u00e5 bli totalrestaurert.<br \/>\n&nbsp;<br \/>\n<figure id=\"attachment_84064\" aria-describedby=\"caption-attachment-84064\" style=\"width: 1920px\" class=\"wp-caption aligncenter\"><a href=\"https:\/\/i0.wp.com\/terjebjornstad.com\/no\/wp-content\/uploads\/2025\/09\/1969-peugeot-504-berline-1920x1440-1.jpg?ssl=1\"><img data-recalc-dims=\"1\" loading=\"lazy\" decoding=\"async\" data-attachment-id=\"84064\" data-permalink=\"https:\/\/terjebjornstad.com\/no\/2025\/09\/07\/veteranbiltreff-hos-andresen-bil-ski\/1969-peugeot-504-berline-1920x1440\/\" data-orig-file=\"https:\/\/i0.wp.com\/terjebjornstad.com\/no\/wp-content\/uploads\/2025\/09\/1969-peugeot-504-berline-1920x1440-1.jpg?fit=1920%2C1440&amp;ssl=1\" data-orig-size=\"1920,1440\" data-comments-opened=\"1\" data-image-meta=\"{&quot;aperture&quot;:&quot;0&quot;,&quot;credit&quot;:&quot;&quot;,&quot;camera&quot;:&quot;&quot;,&quot;caption&quot;:&quot;&quot;,&quot;created_timestamp&quot;:&quot;0&quot;,&quot;copyright&quot;:&quot;&quot;,&quot;focal_length&quot;:&quot;0&quot;,&quot;iso&quot;:&quot;0&quot;,&quot;shutter_speed&quot;:&quot;0&quot;,&quot;title&quot;:&quot;&quot;,&quot;orientation&quot;:&quot;0&quot;}\" data-image-title=\"1969-peugeot-504-berline-1920&amp;#215;1440\" data-image-description=\"&lt;p&gt;1969 Peugeot 504 Berline.&lt;\/p&gt;\n\" data-image-caption=\"&lt;p&gt;1969-peugeot-504-berline-1920&amp;#215;1440&lt;\/p&gt;\n\" data-large-file=\"https:\/\/i0.wp.com\/terjebjornstad.com\/no\/wp-content\/uploads\/2025\/09\/1969-peugeot-504-berline-1920x1440-1.jpg?fit=980%2C735&amp;ssl=1\" src=\"https:\/\/i0.wp.com\/terjebjornstad.com\/no\/wp-content\/uploads\/2025\/09\/1969-peugeot-504-berline-1920x1440-1.jpg?resize=980%2C735&#038;ssl=1\" alt=\"Andresen Bil\" width=\"980\" height=\"735\" class=\"size-full wp-image-84064\" srcset=\"https:\/\/i0.wp.com\/terjebjornstad.com\/no\/wp-content\/uploads\/2025\/09\/1969-peugeot-504-berline-1920x1440-1.jpg?w=1920&amp;ssl=1 1920w, https:\/\/i0.wp.com\/terjebjornstad.com\/no\/wp-content\/uploads\/2025\/09\/1969-peugeot-504-berline-1920x1440-1.jpg?resize=300%2C225&amp;ssl=1 300w, https:\/\/i0.wp.com\/terjebjornstad.com\/no\/wp-content\/uploads\/2025\/09\/1969-peugeot-504-berline-1920x1440-1.jpg?resize=1080%2C810&amp;ssl=1 1080w, https:\/\/i0.wp.com\/terjebjornstad.com\/no\/wp-content\/uploads\/2025\/09\/1969-peugeot-504-berline-1920x1440-1.jpg?resize=768%2C576&amp;ssl=1 768w, https:\/\/i0.wp.com\/terjebjornstad.com\/no\/wp-content\/uploads\/2025\/09\/1969-peugeot-504-berline-1920x1440-1.jpg?resize=1536%2C1152&amp;ssl=1 1536w, https:\/\/i0.wp.com\/terjebjornstad.com\/no\/wp-content\/uploads\/2025\/09\/1969-peugeot-504-berline-1920x1440-1.jpg?resize=690%2C518&amp;ssl=1 690w, https:\/\/i0.wp.com\/terjebjornstad.com\/no\/wp-content\/uploads\/2025\/09\/1969-peugeot-504-berline-1920x1440-1.jpg?resize=980%2C735&amp;ssl=1 980w\" sizes=\"auto, (max-width: 980px) 100vw, 980px\" \/><\/a><figcaption id=\"caption-attachment-84064\" class=\"wp-caption-text\">1969 Peugeot 504 Berline<\/figcaption><\/figure><figure id=\"attachment_84065\" aria-describedby=\"caption-attachment-84065\" style=\"width: 1920px\" class=\"wp-caption aligncenter\"><a href=\"https:\/\/i0.wp.com\/terjebjornstad.com\/no\/wp-content\/uploads\/2025\/09\/1969-peugeot-504-interior-1920x1280-1.jpg?ssl=1\"><img data-recalc-dims=\"1\" loading=\"lazy\" decoding=\"async\" data-attachment-id=\"84065\" data-permalink=\"https:\/\/terjebjornstad.com\/no\/2025\/09\/07\/veteranbiltreff-hos-andresen-bil-ski\/1969-peugeot-504-interior-1920x1280\/\" data-orig-file=\"https:\/\/i0.wp.com\/terjebjornstad.com\/no\/wp-content\/uploads\/2025\/09\/1969-peugeot-504-interior-1920x1280-1.jpg?fit=1920%2C1280&amp;ssl=1\" data-orig-size=\"1920,1280\" data-comments-opened=\"1\" data-image-meta=\"{&quot;aperture&quot;:&quot;2.5&quot;,&quot;credit&quot;:&quot;&quot;,&quot;camera&quot;:&quot;DSC-RX100M3&quot;,&quot;caption&quot;:&quot;&quot;,&quot;created_timestamp&quot;:&quot;1757164800&quot;,&quot;copyright&quot;:&quot;&quot;,&quot;focal_length&quot;:&quot;10.15&quot;,&quot;iso&quot;:&quot;640&quot;,&quot;shutter_speed&quot;:&quot;0.008&quot;,&quot;title&quot;:&quot;&quot;,&quot;orientation&quot;:&quot;1&quot;}\" data-image-title=\"1969-peugeot-504-interior-1920&amp;#215;1280\" data-image-description=\"\" data-image-caption=\"&lt;p&gt;Interi\u00f8ret i 1969 Peugeot 504.&lt;\/p&gt;\n\" data-large-file=\"https:\/\/i0.wp.com\/terjebjornstad.com\/no\/wp-content\/uploads\/2025\/09\/1969-peugeot-504-interior-1920x1280-1.jpg?fit=980%2C653&amp;ssl=1\" src=\"https:\/\/i0.wp.com\/terjebjornstad.com\/no\/wp-content\/uploads\/2025\/09\/1969-peugeot-504-interior-1920x1280-1.jpg?resize=980%2C653&#038;ssl=1\" alt=\"\" width=\"980\" height=\"653\" class=\"size-full wp-image-84065\" srcset=\"https:\/\/i0.wp.com\/terjebjornstad.com\/no\/wp-content\/uploads\/2025\/09\/1969-peugeot-504-interior-1920x1280-1.jpg?w=1920&amp;ssl=1 1920w, https:\/\/i0.wp.com\/terjebjornstad.com\/no\/wp-content\/uploads\/2025\/09\/1969-peugeot-504-interior-1920x1280-1.jpg?resize=300%2C200&amp;ssl=1 300w, https:\/\/i0.wp.com\/terjebjornstad.com\/no\/wp-content\/uploads\/2025\/09\/1969-peugeot-504-interior-1920x1280-1.jpg?resize=1080%2C720&amp;ssl=1 1080w, https:\/\/i0.wp.com\/terjebjornstad.com\/no\/wp-content\/uploads\/2025\/09\/1969-peugeot-504-interior-1920x1280-1.jpg?resize=768%2C512&amp;ssl=1 768w, https:\/\/i0.wp.com\/terjebjornstad.com\/no\/wp-content\/uploads\/2025\/09\/1969-peugeot-504-interior-1920x1280-1.jpg?resize=1536%2C1024&amp;ssl=1 1536w, https:\/\/i0.wp.com\/terjebjornstad.com\/no\/wp-content\/uploads\/2025\/09\/1969-peugeot-504-interior-1920x1280-1.jpg?resize=690%2C460&amp;ssl=1 690w, https:\/\/i0.wp.com\/terjebjornstad.com\/no\/wp-content\/uploads\/2025\/09\/1969-peugeot-504-interior-1920x1280-1.jpg?resize=980%2C653&amp;ssl=1 980w\" sizes=\"auto, (max-width: 980px) 100vw, 980px\" \/><\/a><figcaption id=\"caption-attachment-84065\" class=\"wp-caption-text\">Interi\u00f8ret i 1969 Peugeot 504.<\/figcaption><\/figure><\/p>\n<p><figure id=\"attachment_84062\" aria-describedby=\"caption-attachment-84062\" style=\"width: 1440px\" class=\"wp-caption aligncenter\"><a href=\"https:\/\/i0.wp.com\/terjebjornstad.com\/no\/wp-content\/uploads\/2025\/09\/1969-peugeot-504-berline-1440x1440-1.jpg?ssl=1\"><img data-recalc-dims=\"1\" loading=\"lazy\" decoding=\"async\" data-attachment-id=\"84062\" data-permalink=\"https:\/\/terjebjornstad.com\/no\/2025\/09\/07\/veteranbiltreff-hos-andresen-bil-ski\/1969-peugeot-504-berline-1440x1440\/\" data-orig-file=\"https:\/\/i0.wp.com\/terjebjornstad.com\/no\/wp-content\/uploads\/2025\/09\/1969-peugeot-504-berline-1440x1440-1.jpg?fit=1440%2C1440&amp;ssl=1\" data-orig-size=\"1440,1440\" data-comments-opened=\"1\" data-image-meta=\"{&quot;aperture&quot;:&quot;0&quot;,&quot;credit&quot;:&quot;&quot;,&quot;camera&quot;:&quot;&quot;,&quot;caption&quot;:&quot;&quot;,&quot;created_timestamp&quot;:&quot;0&quot;,&quot;copyright&quot;:&quot;&quot;,&quot;focal_length&quot;:&quot;0&quot;,&quot;iso&quot;:&quot;0&quot;,&quot;shutter_speed&quot;:&quot;0&quot;,&quot;title&quot;:&quot;&quot;,&quot;orientation&quot;:&quot;0&quot;}\" data-image-title=\"1969-peugeot-504-berline-1440&amp;#215;1440\" data-image-description=\"\" data-image-caption=\"&lt;p&gt;1969 Peugeot 504 Berline.&lt;\/p&gt;\n\" data-large-file=\"https:\/\/i0.wp.com\/terjebjornstad.com\/no\/wp-content\/uploads\/2025\/09\/1969-peugeot-504-berline-1440x1440-1.jpg?fit=980%2C980&amp;ssl=1\" src=\"https:\/\/i0.wp.com\/terjebjornstad.com\/no\/wp-content\/uploads\/2025\/09\/1969-peugeot-504-berline-1440x1440-1.jpg?resize=980%2C980&#038;ssl=1\" alt=\"\" width=\"980\" height=\"980\" class=\"size-full wp-image-84062\" srcset=\"https:\/\/i0.wp.com\/terjebjornstad.com\/no\/wp-content\/uploads\/2025\/09\/1969-peugeot-504-berline-1440x1440-1.jpg?w=1440&amp;ssl=1 1440w, https:\/\/i0.wp.com\/terjebjornstad.com\/no\/wp-content\/uploads\/2025\/09\/1969-peugeot-504-berline-1440x1440-1.jpg?resize=300%2C300&amp;ssl=1 300w, https:\/\/i0.wp.com\/terjebjornstad.com\/no\/wp-content\/uploads\/2025\/09\/1969-peugeot-504-berline-1440x1440-1.jpg?resize=1080%2C1080&amp;ssl=1 1080w, https:\/\/i0.wp.com\/terjebjornstad.com\/no\/wp-content\/uploads\/2025\/09\/1969-peugeot-504-berline-1440x1440-1.jpg?resize=150%2C150&amp;ssl=1 150w, https:\/\/i0.wp.com\/terjebjornstad.com\/no\/wp-content\/uploads\/2025\/09\/1969-peugeot-504-berline-1440x1440-1.jpg?resize=768%2C768&amp;ssl=1 768w, https:\/\/i0.wp.com\/terjebjornstad.com\/no\/wp-content\/uploads\/2025\/09\/1969-peugeot-504-berline-1440x1440-1.jpg?resize=690%2C690&amp;ssl=1 690w, https:\/\/i0.wp.com\/terjebjornstad.com\/no\/wp-content\/uploads\/2025\/09\/1969-peugeot-504-berline-1440x1440-1.jpg?resize=980%2C980&amp;ssl=1 980w, https:\/\/i0.wp.com\/terjebjornstad.com\/no\/wp-content\/uploads\/2025\/09\/1969-peugeot-504-berline-1440x1440-1.jpg?resize=50%2C50&amp;ssl=1 50w\" sizes=\"auto, (max-width: 980px) 100vw, 980px\" \/><\/a><figcaption id=\"caption-attachment-84062\" class=\"wp-caption-text\">1969 Peugeot 504 Berline.<\/figcaption><\/figure><br \/>\n&nbsp;<br \/>\nPeugeot 504 ble avl\u00f8st av 505 i 1979, men produksjonen av pickup-utgaven fortsatte ut 1983. Mange av bilene er fremdeles i bruk i Frankrike. I Norge har aldri pickup&#8217;ene v\u00e6rt noe vanlig syn &#8211; i hvert fall ikke i dag. Pickup&#8217;en p\u00e5 bildet ble f\u00f8rstegangs registrert i Norge.<br \/>\n&nbsp;<br \/>\n<figure id=\"attachment_84072\" aria-describedby=\"caption-attachment-84072\" style=\"width: 1920px\" class=\"wp-caption aligncenter\"><a href=\"https:\/\/i0.wp.com\/terjebjornstad.com\/no\/wp-content\/uploads\/2025\/09\/1983-peugeot-504-pickup-1920x1440-1.jpg?ssl=1\"><img data-recalc-dims=\"1\" loading=\"lazy\" decoding=\"async\" data-attachment-id=\"84072\" data-permalink=\"https:\/\/terjebjornstad.com\/no\/2025\/09\/07\/veteranbiltreff-hos-andresen-bil-ski\/1983-peugeot-504-pickup-1920x1440\/\" data-orig-file=\"https:\/\/i0.wp.com\/terjebjornstad.com\/no\/wp-content\/uploads\/2025\/09\/1983-peugeot-504-pickup-1920x1440-1.jpg?fit=1920%2C1440&amp;ssl=1\" data-orig-size=\"1920,1440\" data-comments-opened=\"1\" data-image-meta=\"{&quot;aperture&quot;:&quot;0&quot;,&quot;credit&quot;:&quot;&quot;,&quot;camera&quot;:&quot;&quot;,&quot;caption&quot;:&quot;&quot;,&quot;created_timestamp&quot;:&quot;0&quot;,&quot;copyright&quot;:&quot;&quot;,&quot;focal_length&quot;:&quot;0&quot;,&quot;iso&quot;:&quot;0&quot;,&quot;shutter_speed&quot;:&quot;0&quot;,&quot;title&quot;:&quot;&quot;,&quot;orientation&quot;:&quot;0&quot;}\" data-image-title=\"1983-peugeot-504-pickup-1920&amp;#215;1440\" data-image-description=\"\" data-image-caption=\"&lt;p&gt;1977 Peugeot 504 Pickup f\u00f8rstegangs registrert i Norge,&lt;\/p&gt;\n\" data-large-file=\"https:\/\/i0.wp.com\/terjebjornstad.com\/no\/wp-content\/uploads\/2025\/09\/1983-peugeot-504-pickup-1920x1440-1.jpg?fit=980%2C735&amp;ssl=1\" src=\"https:\/\/i0.wp.com\/terjebjornstad.com\/no\/wp-content\/uploads\/2025\/09\/1983-peugeot-504-pickup-1920x1440-1.jpg?resize=980%2C735&#038;ssl=1\" alt=\"Andresen Bil\" width=\"980\" height=\"735\" class=\"size-full wp-image-84072\" srcset=\"https:\/\/i0.wp.com\/terjebjornstad.com\/no\/wp-content\/uploads\/2025\/09\/1983-peugeot-504-pickup-1920x1440-1.jpg?w=1920&amp;ssl=1 1920w, https:\/\/i0.wp.com\/terjebjornstad.com\/no\/wp-content\/uploads\/2025\/09\/1983-peugeot-504-pickup-1920x1440-1.jpg?resize=300%2C225&amp;ssl=1 300w, https:\/\/i0.wp.com\/terjebjornstad.com\/no\/wp-content\/uploads\/2025\/09\/1983-peugeot-504-pickup-1920x1440-1.jpg?resize=1080%2C810&amp;ssl=1 1080w, https:\/\/i0.wp.com\/terjebjornstad.com\/no\/wp-content\/uploads\/2025\/09\/1983-peugeot-504-pickup-1920x1440-1.jpg?resize=768%2C576&amp;ssl=1 768w, https:\/\/i0.wp.com\/terjebjornstad.com\/no\/wp-content\/uploads\/2025\/09\/1983-peugeot-504-pickup-1920x1440-1.jpg?resize=1536%2C1152&amp;ssl=1 1536w, https:\/\/i0.wp.com\/terjebjornstad.com\/no\/wp-content\/uploads\/2025\/09\/1983-peugeot-504-pickup-1920x1440-1.jpg?resize=690%2C518&amp;ssl=1 690w, https:\/\/i0.wp.com\/terjebjornstad.com\/no\/wp-content\/uploads\/2025\/09\/1983-peugeot-504-pickup-1920x1440-1.jpg?resize=980%2C735&amp;ssl=1 980w\" sizes=\"auto, (max-width: 980px) 100vw, 980px\" \/><\/a><figcaption id=\"caption-attachment-84072\" class=\"wp-caption-text\">1977 Peugeot 504 Pickup<\/figcaption><\/figure><br \/>\n&nbsp;<br \/>\n<figure id=\"attachment_84068\" aria-describedby=\"caption-attachment-84068\" style=\"width: 1920px\" class=\"wp-caption aligncenter\"><a href=\"https:\/\/i0.wp.com\/terjebjornstad.com\/no\/wp-content\/uploads\/2025\/09\/1974-peugeot-304-interior-1920x1280-1.jpg?ssl=1\"><img data-recalc-dims=\"1\" loading=\"lazy\" decoding=\"async\" data-attachment-id=\"84068\" data-permalink=\"https:\/\/terjebjornstad.com\/no\/1969-1980-peugeot-304\/1974-peugeot-304-interior-1920x1280\/\" data-orig-file=\"https:\/\/i0.wp.com\/terjebjornstad.com\/no\/wp-content\/uploads\/2025\/09\/1974-peugeot-304-interior-1920x1280-1.jpg?fit=1920%2C1280&amp;ssl=1\" data-orig-size=\"1920,1280\" data-comments-opened=\"1\" data-image-meta=\"{&quot;aperture&quot;:&quot;3.5&quot;,&quot;credit&quot;:&quot;&quot;,&quot;camera&quot;:&quot;DSC-RX100M3&quot;,&quot;caption&quot;:&quot;&quot;,&quot;created_timestamp&quot;:&quot;1757164031&quot;,&quot;copyright&quot;:&quot;&quot;,&quot;focal_length&quot;:&quot;11.22&quot;,&quot;iso&quot;:&quot;125&quot;,&quot;shutter_speed&quot;:&quot;0.0125&quot;,&quot;title&quot;:&quot;&quot;,&quot;orientation&quot;:&quot;1&quot;}\" data-image-title=\"1974-peugeot-304-interior-1920&amp;#215;1280\" data-image-description=\"\" data-image-caption=\"&lt;p&gt;Peugeot 304 interi\u00f8r.&lt;\/p&gt;\n\" data-large-file=\"https:\/\/i0.wp.com\/terjebjornstad.com\/no\/wp-content\/uploads\/2025\/09\/1974-peugeot-304-interior-1920x1280-1.jpg?fit=980%2C653&amp;ssl=1\" src=\"https:\/\/i0.wp.com\/terjebjornstad.com\/no\/wp-content\/uploads\/2025\/09\/1974-peugeot-304-interior-1920x1280-1.jpg?resize=980%2C653&#038;ssl=1\" alt=\"\" width=\"980\" height=\"653\" class=\"size-full wp-image-84068\" srcset=\"https:\/\/i0.wp.com\/terjebjornstad.com\/no\/wp-content\/uploads\/2025\/09\/1974-peugeot-304-interior-1920x1280-1.jpg?w=1920&amp;ssl=1 1920w, https:\/\/i0.wp.com\/terjebjornstad.com\/no\/wp-content\/uploads\/2025\/09\/1974-peugeot-304-interior-1920x1280-1.jpg?resize=300%2C200&amp;ssl=1 300w, https:\/\/i0.wp.com\/terjebjornstad.com\/no\/wp-content\/uploads\/2025\/09\/1974-peugeot-304-interior-1920x1280-1.jpg?resize=1080%2C720&amp;ssl=1 1080w, https:\/\/i0.wp.com\/terjebjornstad.com\/no\/wp-content\/uploads\/2025\/09\/1974-peugeot-304-interior-1920x1280-1.jpg?resize=768%2C512&amp;ssl=1 768w, https:\/\/i0.wp.com\/terjebjornstad.com\/no\/wp-content\/uploads\/2025\/09\/1974-peugeot-304-interior-1920x1280-1.jpg?resize=1536%2C1024&amp;ssl=1 1536w, https:\/\/i0.wp.com\/terjebjornstad.com\/no\/wp-content\/uploads\/2025\/09\/1974-peugeot-304-interior-1920x1280-1.jpg?resize=690%2C460&amp;ssl=1 690w, https:\/\/i0.wp.com\/terjebjornstad.com\/no\/wp-content\/uploads\/2025\/09\/1974-peugeot-304-interior-1920x1280-1.jpg?resize=980%2C653&amp;ssl=1 980w\" sizes=\"auto, (max-width: 980px) 100vw, 980px\" \/><\/a><figcaption id=\"caption-attachment-84068\" class=\"wp-caption-text\">Peugeot 304 interi\u00f8r.<\/figcaption><\/figure><\/p>\n<p><figure id=\"attachment_84067\" aria-describedby=\"caption-attachment-84067\" style=\"width: 1920px\" class=\"wp-caption aligncenter\"><a href=\"https:\/\/i0.wp.com\/terjebjornstad.com\/no\/wp-content\/uploads\/2025\/09\/1974-peugeot-304-1920x1920-1.jpg?ssl=1\"><img data-recalc-dims=\"1\" loading=\"lazy\" decoding=\"async\" data-attachment-id=\"84067\" data-permalink=\"https:\/\/terjebjornstad.com\/no\/1969-1980-peugeot-304\/1974-peugeot-304-1920x1920\/\" data-orig-file=\"https:\/\/i0.wp.com\/terjebjornstad.com\/no\/wp-content\/uploads\/2025\/09\/1974-peugeot-304-1920x1920-1.jpg?fit=1920%2C1920&amp;ssl=1\" data-orig-size=\"1920,1920\" data-comments-opened=\"1\" data-image-meta=\"{&quot;aperture&quot;:&quot;0&quot;,&quot;credit&quot;:&quot;&quot;,&quot;camera&quot;:&quot;&quot;,&quot;caption&quot;:&quot;&quot;,&quot;created_timestamp&quot;:&quot;0&quot;,&quot;copyright&quot;:&quot;&quot;,&quot;focal_length&quot;:&quot;0&quot;,&quot;iso&quot;:&quot;0&quot;,&quot;shutter_speed&quot;:&quot;0&quot;,&quot;title&quot;:&quot;&quot;,&quot;orientation&quot;:&quot;0&quot;}\" data-image-title=\"1974-peugeot-304-1920&amp;#215;1920\" data-image-description=\"\" data-image-caption=\"&lt;p&gt;1974 Peugeot 304 Berline.&lt;\/p&gt;\n\" data-large-file=\"https:\/\/i0.wp.com\/terjebjornstad.com\/no\/wp-content\/uploads\/2025\/09\/1974-peugeot-304-1920x1920-1.jpg?fit=980%2C980&amp;ssl=1\" src=\"https:\/\/i0.wp.com\/terjebjornstad.com\/no\/wp-content\/uploads\/2025\/09\/1974-peugeot-304-1920x1920-1.jpg?resize=980%2C980&#038;ssl=1\" alt=\"\" width=\"980\" height=\"980\" class=\"size-full wp-image-84067\" srcset=\"https:\/\/i0.wp.com\/terjebjornstad.com\/no\/wp-content\/uploads\/2025\/09\/1974-peugeot-304-1920x1920-1.jpg?w=1920&amp;ssl=1 1920w, https:\/\/i0.wp.com\/terjebjornstad.com\/no\/wp-content\/uploads\/2025\/09\/1974-peugeot-304-1920x1920-1.jpg?resize=300%2C300&amp;ssl=1 300w, https:\/\/i0.wp.com\/terjebjornstad.com\/no\/wp-content\/uploads\/2025\/09\/1974-peugeot-304-1920x1920-1.jpg?resize=1080%2C1080&amp;ssl=1 1080w, https:\/\/i0.wp.com\/terjebjornstad.com\/no\/wp-content\/uploads\/2025\/09\/1974-peugeot-304-1920x1920-1.jpg?resize=150%2C150&amp;ssl=1 150w, https:\/\/i0.wp.com\/terjebjornstad.com\/no\/wp-content\/uploads\/2025\/09\/1974-peugeot-304-1920x1920-1.jpg?resize=768%2C768&amp;ssl=1 768w, https:\/\/i0.wp.com\/terjebjornstad.com\/no\/wp-content\/uploads\/2025\/09\/1974-peugeot-304-1920x1920-1.jpg?resize=1536%2C1536&amp;ssl=1 1536w, https:\/\/i0.wp.com\/terjebjornstad.com\/no\/wp-content\/uploads\/2025\/09\/1974-peugeot-304-1920x1920-1.jpg?resize=690%2C690&amp;ssl=1 690w, https:\/\/i0.wp.com\/terjebjornstad.com\/no\/wp-content\/uploads\/2025\/09\/1974-peugeot-304-1920x1920-1.jpg?resize=980%2C980&amp;ssl=1 980w, https:\/\/i0.wp.com\/terjebjornstad.com\/no\/wp-content\/uploads\/2025\/09\/1974-peugeot-304-1920x1920-1.jpg?resize=50%2C50&amp;ssl=1 50w\" sizes=\"auto, (max-width: 980px) 100vw, 980px\" \/><\/a><figcaption id=\"caption-attachment-84067\" class=\"wp-caption-text\">1974 Peugeot 304 Berline.<\/figcaption><\/figure><\/p>\n<h3 class=\"tebh2ingreslbcenter\">Citroen<\/h3>\n<figure id=\"attachment_84070\" aria-describedby=\"caption-attachment-84070\" style=\"width: 1920px\" class=\"wp-caption aligncenter\"><a href=\"https:\/\/i0.wp.com\/terjebjornstad.com\/no\/wp-content\/uploads\/2025\/09\/1977-citroen-ak400-6-fourgonette-1920x1920-1.jpg?ssl=1\"><img data-recalc-dims=\"1\" loading=\"lazy\" decoding=\"async\" data-attachment-id=\"84070\" data-permalink=\"https:\/\/terjebjornstad.com\/no\/2025\/09\/07\/veteranbiltreff-hos-andresen-bil-ski\/1977-citroen-ak400-6-fourgonette-1920x1920\/\" data-orig-file=\"https:\/\/i0.wp.com\/terjebjornstad.com\/no\/wp-content\/uploads\/2025\/09\/1977-citroen-ak400-6-fourgonette-1920x1920-1.jpg?fit=1920%2C1920&amp;ssl=1\" data-orig-size=\"1920,1920\" data-comments-opened=\"1\" data-image-meta=\"{&quot;aperture&quot;:&quot;0&quot;,&quot;credit&quot;:&quot;&quot;,&quot;camera&quot;:&quot;&quot;,&quot;caption&quot;:&quot;&quot;,&quot;created_timestamp&quot;:&quot;0&quot;,&quot;copyright&quot;:&quot;&quot;,&quot;focal_length&quot;:&quot;0&quot;,&quot;iso&quot;:&quot;0&quot;,&quot;shutter_speed&quot;:&quot;0&quot;,&quot;title&quot;:&quot;&quot;,&quot;orientation&quot;:&quot;0&quot;}\" data-image-title=\"1977-citroen-ak400-6-fourgonette-1920&amp;#215;1920\" data-image-description=\"\" data-image-caption=\"&lt;p&gt;1977 Citroen AK400 Fourgonette registrert ny i Norge.&lt;\/p&gt;\n\" data-large-file=\"https:\/\/i0.wp.com\/terjebjornstad.com\/no\/wp-content\/uploads\/2025\/09\/1977-citroen-ak400-6-fourgonette-1920x1920-1.jpg?fit=980%2C980&amp;ssl=1\" src=\"https:\/\/i0.wp.com\/terjebjornstad.com\/no\/wp-content\/uploads\/2025\/09\/1977-citroen-ak400-6-fourgonette-1920x1920-1.jpg?resize=980%2C980&#038;ssl=1\" alt=\"Andresen Bil\" width=\"980\" height=\"980\" class=\"size-full wp-image-84070\" srcset=\"https:\/\/i0.wp.com\/terjebjornstad.com\/no\/wp-content\/uploads\/2025\/09\/1977-citroen-ak400-6-fourgonette-1920x1920-1.jpg?w=1920&amp;ssl=1 1920w, https:\/\/i0.wp.com\/terjebjornstad.com\/no\/wp-content\/uploads\/2025\/09\/1977-citroen-ak400-6-fourgonette-1920x1920-1.jpg?resize=300%2C300&amp;ssl=1 300w, https:\/\/i0.wp.com\/terjebjornstad.com\/no\/wp-content\/uploads\/2025\/09\/1977-citroen-ak400-6-fourgonette-1920x1920-1.jpg?resize=1080%2C1080&amp;ssl=1 1080w, https:\/\/i0.wp.com\/terjebjornstad.com\/no\/wp-content\/uploads\/2025\/09\/1977-citroen-ak400-6-fourgonette-1920x1920-1.jpg?resize=150%2C150&amp;ssl=1 150w, https:\/\/i0.wp.com\/terjebjornstad.com\/no\/wp-content\/uploads\/2025\/09\/1977-citroen-ak400-6-fourgonette-1920x1920-1.jpg?resize=768%2C768&amp;ssl=1 768w, https:\/\/i0.wp.com\/terjebjornstad.com\/no\/wp-content\/uploads\/2025\/09\/1977-citroen-ak400-6-fourgonette-1920x1920-1.jpg?resize=1536%2C1536&amp;ssl=1 1536w, https:\/\/i0.wp.com\/terjebjornstad.com\/no\/wp-content\/uploads\/2025\/09\/1977-citroen-ak400-6-fourgonette-1920x1920-1.jpg?resize=690%2C690&amp;ssl=1 690w, https:\/\/i0.wp.com\/terjebjornstad.com\/no\/wp-content\/uploads\/2025\/09\/1977-citroen-ak400-6-fourgonette-1920x1920-1.jpg?resize=980%2C980&amp;ssl=1 980w, https:\/\/i0.wp.com\/terjebjornstad.com\/no\/wp-content\/uploads\/2025\/09\/1977-citroen-ak400-6-fourgonette-1920x1920-1.jpg?resize=50%2C50&amp;ssl=1 50w\" sizes=\"auto, (max-width: 980px) 100vw, 980px\" \/><\/a><figcaption id=\"caption-attachment-84070\" class=\"wp-caption-text\">1977 Citroen AK400 Fourgonette.<\/figcaption><\/figure>\n<p>Citroen AK400 var en skikkelig arbeidshest, spesielt i landene rundt Middelhavet, hvor mange fremdeles er i bruk. Bilen p\u00e5 bildet er fra 1977 og f\u00f8rstegangs registrert i Norge. Motoren har et slagvolum p\u00e5 602 ccm og yter 32 hk.<\/p>\n<h3 class=\"tebh2ingreslbcenter\">Opel<\/h3>\n<figure id=\"attachment_84060\" aria-describedby=\"caption-attachment-84060\" style=\"width: 1920px\" class=\"wp-caption aligncenter\"><a href=\"https:\/\/i0.wp.com\/terjebjornstad.com\/no\/wp-content\/uploads\/2025\/09\/1969-opel-olympia-1100-1920x1440-1.jpg?ssl=1\"><img data-recalc-dims=\"1\" loading=\"lazy\" decoding=\"async\" data-attachment-id=\"84060\" data-permalink=\"https:\/\/terjebjornstad.com\/no\/2025\/09\/07\/veteranbiltreff-hos-andresen-bil-ski\/1969-opel-olympia-1100-1920x1440\/\" data-orig-file=\"https:\/\/i0.wp.com\/terjebjornstad.com\/no\/wp-content\/uploads\/2025\/09\/1969-opel-olympia-1100-1920x1440-1.jpg?fit=1920%2C1440&amp;ssl=1\" data-orig-size=\"1920,1440\" data-comments-opened=\"1\" data-image-meta=\"{&quot;aperture&quot;:&quot;0&quot;,&quot;credit&quot;:&quot;&quot;,&quot;camera&quot;:&quot;&quot;,&quot;caption&quot;:&quot;&quot;,&quot;created_timestamp&quot;:&quot;0&quot;,&quot;copyright&quot;:&quot;&quot;,&quot;focal_length&quot;:&quot;0&quot;,&quot;iso&quot;:&quot;0&quot;,&quot;shutter_speed&quot;:&quot;0&quot;,&quot;title&quot;:&quot;&quot;,&quot;orientation&quot;:&quot;0&quot;}\" data-image-title=\"1969-opel-olympia-1100-1920&amp;#215;1440\" data-image-description=\"\" data-image-caption=\"&lt;p&gt;1969 Opel Olympia.&lt;\/p&gt;\n\" data-large-file=\"https:\/\/i0.wp.com\/terjebjornstad.com\/no\/wp-content\/uploads\/2025\/09\/1969-opel-olympia-1100-1920x1440-1.jpg?fit=980%2C735&amp;ssl=1\" src=\"https:\/\/i0.wp.com\/terjebjornstad.com\/no\/wp-content\/uploads\/2025\/09\/1969-opel-olympia-1100-1920x1440-1.jpg?resize=980%2C735&#038;ssl=1\" alt=\"Bj\u00f8rn Andresen\" width=\"980\" height=\"735\" class=\"size-full wp-image-84060\" srcset=\"https:\/\/i0.wp.com\/terjebjornstad.com\/no\/wp-content\/uploads\/2025\/09\/1969-opel-olympia-1100-1920x1440-1.jpg?w=1920&amp;ssl=1 1920w, https:\/\/i0.wp.com\/terjebjornstad.com\/no\/wp-content\/uploads\/2025\/09\/1969-opel-olympia-1100-1920x1440-1.jpg?resize=300%2C225&amp;ssl=1 300w, https:\/\/i0.wp.com\/terjebjornstad.com\/no\/wp-content\/uploads\/2025\/09\/1969-opel-olympia-1100-1920x1440-1.jpg?resize=1080%2C810&amp;ssl=1 1080w, https:\/\/i0.wp.com\/terjebjornstad.com\/no\/wp-content\/uploads\/2025\/09\/1969-opel-olympia-1100-1920x1440-1.jpg?resize=768%2C576&amp;ssl=1 768w, https:\/\/i0.wp.com\/terjebjornstad.com\/no\/wp-content\/uploads\/2025\/09\/1969-opel-olympia-1100-1920x1440-1.jpg?resize=1536%2C1152&amp;ssl=1 1536w, https:\/\/i0.wp.com\/terjebjornstad.com\/no\/wp-content\/uploads\/2025\/09\/1969-opel-olympia-1100-1920x1440-1.jpg?resize=690%2C518&amp;ssl=1 690w, https:\/\/i0.wp.com\/terjebjornstad.com\/no\/wp-content\/uploads\/2025\/09\/1969-opel-olympia-1100-1920x1440-1.jpg?resize=980%2C735&amp;ssl=1 980w\" sizes=\"auto, (max-width: 980px) 100vw, 980px\" \/><\/a><figcaption id=\"caption-attachment-84060\" class=\"wp-caption-text\">1969 Opel Olympia.<\/figcaption><\/figure>\n<p>Opel Olympia mellom 1967 og 1970 var et fors\u00f8k p\u00e5 \u00e5 fylle tomrommet mellom Kadett og Rekord. Man kan tydelig se at modellen er basert p\u00e5 Kadett B, men den skilte seg ut ved \u00e5 kunne tilby en 4-d\u00f8rs fastback. Selv om bilene hadde coup\u00e9-fasong, ble de ikke laget med bakd\u00f8r (hatchback) &#8211; kun med luke til lukket bagasjerom.<br \/>\n&nbsp;<br \/>\n<figure id=\"attachment_84061\" aria-describedby=\"caption-attachment-84061\" style=\"width: 1920px\" class=\"wp-caption aligncenter\"><a href=\"https:\/\/i0.wp.com\/terjebjornstad.com\/no\/wp-content\/uploads\/2025\/09\/1969-opel-olympia-1100-interior-1920x1280-1.jpg?ssl=1\"><img data-recalc-dims=\"1\" loading=\"lazy\" decoding=\"async\" data-attachment-id=\"84061\" data-permalink=\"https:\/\/terjebjornstad.com\/no\/2025\/09\/07\/veteranbiltreff-hos-andresen-bil-ski\/1969-opel-olympia-1100-interior-1920x1280\/\" data-orig-file=\"https:\/\/i0.wp.com\/terjebjornstad.com\/no\/wp-content\/uploads\/2025\/09\/1969-opel-olympia-1100-interior-1920x1280-1.jpg?fit=1920%2C1280&amp;ssl=1\" data-orig-size=\"1920,1280\" data-comments-opened=\"1\" data-image-meta=\"{&quot;aperture&quot;:&quot;4&quot;,&quot;credit&quot;:&quot;&quot;,&quot;camera&quot;:&quot;DSC-RX100M3&quot;,&quot;caption&quot;:&quot;&quot;,&quot;created_timestamp&quot;:&quot;1757165629&quot;,&quot;copyright&quot;:&quot;&quot;,&quot;focal_length&quot;:&quot;11.12&quot;,&quot;iso&quot;:&quot;125&quot;,&quot;shutter_speed&quot;:&quot;0.00625&quot;,&quot;title&quot;:&quot;&quot;,&quot;orientation&quot;:&quot;1&quot;}\" data-image-title=\"1969-opel-olympia-1100-interior-1920&amp;#215;1280\" data-image-description=\"\" data-image-caption=\"&lt;p&gt;1969 Opel Olympia.&lt;\/p&gt;\n\" data-large-file=\"https:\/\/i0.wp.com\/terjebjornstad.com\/no\/wp-content\/uploads\/2025\/09\/1969-opel-olympia-1100-interior-1920x1280-1.jpg?fit=980%2C653&amp;ssl=1\" src=\"https:\/\/i0.wp.com\/terjebjornstad.com\/no\/wp-content\/uploads\/2025\/09\/1969-opel-olympia-1100-interior-1920x1280-1.jpg?resize=980%2C653&#038;ssl=1\" alt=\"Follo Bil &#038; Karosseri\" width=\"980\" height=\"653\" class=\"size-full wp-image-84061\" srcset=\"https:\/\/i0.wp.com\/terjebjornstad.com\/no\/wp-content\/uploads\/2025\/09\/1969-opel-olympia-1100-interior-1920x1280-1.jpg?w=1920&amp;ssl=1 1920w, https:\/\/i0.wp.com\/terjebjornstad.com\/no\/wp-content\/uploads\/2025\/09\/1969-opel-olympia-1100-interior-1920x1280-1.jpg?resize=300%2C200&amp;ssl=1 300w, https:\/\/i0.wp.com\/terjebjornstad.com\/no\/wp-content\/uploads\/2025\/09\/1969-opel-olympia-1100-interior-1920x1280-1.jpg?resize=1080%2C720&amp;ssl=1 1080w, https:\/\/i0.wp.com\/terjebjornstad.com\/no\/wp-content\/uploads\/2025\/09\/1969-opel-olympia-1100-interior-1920x1280-1.jpg?resize=768%2C512&amp;ssl=1 768w, https:\/\/i0.wp.com\/terjebjornstad.com\/no\/wp-content\/uploads\/2025\/09\/1969-opel-olympia-1100-interior-1920x1280-1.jpg?resize=1536%2C1024&amp;ssl=1 1536w, https:\/\/i0.wp.com\/terjebjornstad.com\/no\/wp-content\/uploads\/2025\/09\/1969-opel-olympia-1100-interior-1920x1280-1.jpg?resize=690%2C460&amp;ssl=1 690w, https:\/\/i0.wp.com\/terjebjornstad.com\/no\/wp-content\/uploads\/2025\/09\/1969-opel-olympia-1100-interior-1920x1280-1.jpg?resize=980%2C653&amp;ssl=1 980w\" sizes=\"auto, (max-width: 980px) 100vw, 980px\" \/><\/a><figcaption id=\"caption-attachment-84061\" class=\"wp-caption-text\">1969 Opel Olympia.<\/figcaption><\/figure><\/p>\n<h3 class=\"tebh2ingreslbcenter\">Veteran-ambulanse<\/h3>\n<figure id=\"attachment_84074\" aria-describedby=\"caption-attachment-84074\" style=\"width: 1920px\" class=\"wp-caption aligncenter\"><a href=\"https:\/\/i0.wp.com\/terjebjornstad.com\/no\/wp-content\/uploads\/2025\/09\/zz-1956-mercedes-benz-w120-1737-1920x1280-1.jpg?ssl=1\"><img data-recalc-dims=\"1\" loading=\"lazy\" decoding=\"async\" data-attachment-id=\"84074\" data-permalink=\"https:\/\/terjebjornstad.com\/no\/2025\/09\/07\/veteranbiltreff-hos-andresen-bil-ski\/zz-1956-mercedes-benz-w120-1737-1920x1280\/\" data-orig-file=\"https:\/\/i0.wp.com\/terjebjornstad.com\/no\/wp-content\/uploads\/2025\/09\/zz-1956-mercedes-benz-w120-1737-1920x1280-1.jpg?fit=1920%2C1280&amp;ssl=1\" data-orig-size=\"1920,1280\" data-comments-opened=\"1\" data-image-meta=\"{&quot;aperture&quot;:&quot;0&quot;,&quot;credit&quot;:&quot;&quot;,&quot;camera&quot;:&quot;&quot;,&quot;caption&quot;:&quot;&quot;,&quot;created_timestamp&quot;:&quot;0&quot;,&quot;copyright&quot;:&quot;&quot;,&quot;focal_length&quot;:&quot;0&quot;,&quot;iso&quot;:&quot;0&quot;,&quot;shutter_speed&quot;:&quot;0&quot;,&quot;title&quot;:&quot;&quot;,&quot;orientation&quot;:&quot;0&quot;}\" data-image-title=\"zz-1956-mercedes-benz-w120-1737-1920&amp;#215;1280\" data-image-description=\"\" data-image-caption=\"&lt;p&gt;1956 Mercedes-Benz 180 Ambulanse.&lt;\/p&gt;\n\" data-large-file=\"https:\/\/i0.wp.com\/terjebjornstad.com\/no\/wp-content\/uploads\/2025\/09\/zz-1956-mercedes-benz-w120-1737-1920x1280-1.jpg?fit=980%2C653&amp;ssl=1\" src=\"https:\/\/i0.wp.com\/terjebjornstad.com\/no\/wp-content\/uploads\/2025\/09\/zz-1956-mercedes-benz-w120-1737-1920x1280-1.jpg?resize=980%2C653&#038;ssl=1\" alt=\"Terjes biler\" width=\"980\" height=\"653\" class=\"size-full wp-image-84074\" srcset=\"https:\/\/i0.wp.com\/terjebjornstad.com\/no\/wp-content\/uploads\/2025\/09\/zz-1956-mercedes-benz-w120-1737-1920x1280-1.jpg?w=1920&amp;ssl=1 1920w, https:\/\/i0.wp.com\/terjebjornstad.com\/no\/wp-content\/uploads\/2025\/09\/zz-1956-mercedes-benz-w120-1737-1920x1280-1.jpg?resize=300%2C200&amp;ssl=1 300w, https:\/\/i0.wp.com\/terjebjornstad.com\/no\/wp-content\/uploads\/2025\/09\/zz-1956-mercedes-benz-w120-1737-1920x1280-1.jpg?resize=1080%2C720&amp;ssl=1 1080w, https:\/\/i0.wp.com\/terjebjornstad.com\/no\/wp-content\/uploads\/2025\/09\/zz-1956-mercedes-benz-w120-1737-1920x1280-1.jpg?resize=768%2C512&amp;ssl=1 768w, https:\/\/i0.wp.com\/terjebjornstad.com\/no\/wp-content\/uploads\/2025\/09\/zz-1956-mercedes-benz-w120-1737-1920x1280-1.jpg?resize=1536%2C1024&amp;ssl=1 1536w, https:\/\/i0.wp.com\/terjebjornstad.com\/no\/wp-content\/uploads\/2025\/09\/zz-1956-mercedes-benz-w120-1737-1920x1280-1.jpg?resize=690%2C460&amp;ssl=1 690w, https:\/\/i0.wp.com\/terjebjornstad.com\/no\/wp-content\/uploads\/2025\/09\/zz-1956-mercedes-benz-w120-1737-1920x1280-1.jpg?resize=980%2C653&amp;ssl=1 980w\" sizes=\"auto, (max-width: 980px) 100vw, 980px\" \/><\/a><figcaption id=\"caption-attachment-84074\" class=\"wp-caption-text\">1956 Mercedes-Benz 180 Ambulanse.<\/figcaption><\/figure>\n<p>Biltreffets midtpunkt ble nok denne flotte ambulansen basert p\u00e5 Mercedes-Benz 180 (W120). Det er ikke kjent hvor bilen er bygget om. Bilen p\u00e5 bildet har tjenestegjort i Gj\u00f8vik, men eies n\u00e5 av Oslo Universitetssykehus HF. Det skal ha befunnet seg \u00e9n maken bil i Oslo.<br \/>\n&nbsp;<br \/>\n<figure id=\"attachment_84055\" aria-describedby=\"caption-attachment-84055\" style=\"width: 1920px\" class=\"wp-caption aligncenter\"><a href=\"https:\/\/i0.wp.com\/terjebjornstad.com\/no\/wp-content\/uploads\/2025\/09\/1956-mercedes-benz-w120-1709-1920x1280-1.jpg?ssl=1\"><img data-recalc-dims=\"1\" loading=\"lazy\" decoding=\"async\" data-attachment-id=\"84055\" data-permalink=\"https:\/\/terjebjornstad.com\/no\/2025\/09\/07\/veteranbiltreff-hos-andresen-bil-ski\/1956-mercedes-benz-w120-1709-1920x1280\/\" data-orig-file=\"https:\/\/i0.wp.com\/terjebjornstad.com\/no\/wp-content\/uploads\/2025\/09\/1956-mercedes-benz-w120-1709-1920x1280-1.jpg?fit=1920%2C1280&amp;ssl=1\" data-orig-size=\"1920,1280\" data-comments-opened=\"1\" data-image-meta=\"{&quot;aperture&quot;:&quot;5.6&quot;,&quot;credit&quot;:&quot;&quot;,&quot;camera&quot;:&quot;DSC-RX100M3&quot;,&quot;caption&quot;:&quot;&quot;,&quot;created_timestamp&quot;:&quot;1757165362&quot;,&quot;copyright&quot;:&quot;&quot;,&quot;focal_length&quot;:&quot;24.64&quot;,&quot;iso&quot;:&quot;200&quot;,&quot;shutter_speed&quot;:&quot;0.008&quot;,&quot;title&quot;:&quot;&quot;,&quot;orientation&quot;:&quot;1&quot;}\" data-image-title=\"1956-mercedes-benz-w120-1709-1920&amp;#215;1280\" data-image-description=\"\" data-image-caption=\"&lt;p&gt;F\u00f8rerplassen i Mercedes-Benz 180 Ambulanse.&lt;\/p&gt;\n\" data-large-file=\"https:\/\/i0.wp.com\/terjebjornstad.com\/no\/wp-content\/uploads\/2025\/09\/1956-mercedes-benz-w120-1709-1920x1280-1.jpg?fit=980%2C653&amp;ssl=1\" src=\"https:\/\/i0.wp.com\/terjebjornstad.com\/no\/wp-content\/uploads\/2025\/09\/1956-mercedes-benz-w120-1709-1920x1280-1.jpg?resize=980%2C653&#038;ssl=1\" alt=\"\" width=\"980\" height=\"653\" class=\"size-full wp-image-84055\" srcset=\"https:\/\/i0.wp.com\/terjebjornstad.com\/no\/wp-content\/uploads\/2025\/09\/1956-mercedes-benz-w120-1709-1920x1280-1.jpg?w=1920&amp;ssl=1 1920w, https:\/\/i0.wp.com\/terjebjornstad.com\/no\/wp-content\/uploads\/2025\/09\/1956-mercedes-benz-w120-1709-1920x1280-1.jpg?resize=300%2C200&amp;ssl=1 300w, https:\/\/i0.wp.com\/terjebjornstad.com\/no\/wp-content\/uploads\/2025\/09\/1956-mercedes-benz-w120-1709-1920x1280-1.jpg?resize=1080%2C720&amp;ssl=1 1080w, https:\/\/i0.wp.com\/terjebjornstad.com\/no\/wp-content\/uploads\/2025\/09\/1956-mercedes-benz-w120-1709-1920x1280-1.jpg?resize=768%2C512&amp;ssl=1 768w, https:\/\/i0.wp.com\/terjebjornstad.com\/no\/wp-content\/uploads\/2025\/09\/1956-mercedes-benz-w120-1709-1920x1280-1.jpg?resize=1536%2C1024&amp;ssl=1 1536w, https:\/\/i0.wp.com\/terjebjornstad.com\/no\/wp-content\/uploads\/2025\/09\/1956-mercedes-benz-w120-1709-1920x1280-1.jpg?resize=690%2C460&amp;ssl=1 690w, https:\/\/i0.wp.com\/terjebjornstad.com\/no\/wp-content\/uploads\/2025\/09\/1956-mercedes-benz-w120-1709-1920x1280-1.jpg?resize=980%2C653&amp;ssl=1 980w\" sizes=\"auto, (max-width: 980px) 100vw, 980px\" \/><\/a><figcaption id=\"caption-attachment-84055\" class=\"wp-caption-text\">F\u00f8rerplassen i Mercedes-Benz 180 Ambulanse.<\/figcaption><\/figure><\/p>\n<p><figure id=\"attachment_84054\" aria-describedby=\"caption-attachment-84054\" style=\"width: 1920px\" class=\"wp-caption aligncenter\"><a href=\"https:\/\/i0.wp.com\/terjebjornstad.com\/no\/wp-content\/uploads\/2025\/09\/1956-mercedes-benz-w120-1703-1920x1440-1.jpg?ssl=1\"><img data-recalc-dims=\"1\" loading=\"lazy\" decoding=\"async\" data-attachment-id=\"84054\" data-permalink=\"https:\/\/terjebjornstad.com\/no\/2025\/09\/07\/veteranbiltreff-hos-andresen-bil-ski\/1956-mercedes-benz-w120-1703-1920x1440\/\" data-orig-file=\"https:\/\/i0.wp.com\/terjebjornstad.com\/no\/wp-content\/uploads\/2025\/09\/1956-mercedes-benz-w120-1703-1920x1440-1.jpg?fit=1920%2C1440&amp;ssl=1\" data-orig-size=\"1920,1440\" data-comments-opened=\"1\" data-image-meta=\"{&quot;aperture&quot;:&quot;0&quot;,&quot;credit&quot;:&quot;&quot;,&quot;camera&quot;:&quot;&quot;,&quot;caption&quot;:&quot;&quot;,&quot;created_timestamp&quot;:&quot;0&quot;,&quot;copyright&quot;:&quot;&quot;,&quot;focal_length&quot;:&quot;0&quot;,&quot;iso&quot;:&quot;0&quot;,&quot;shutter_speed&quot;:&quot;0&quot;,&quot;title&quot;:&quot;&quot;,&quot;orientation&quot;:&quot;0&quot;}\" data-image-title=\"1956-mercedes-benz-w120-1703-1920&amp;#215;1440\" data-image-description=\"\" data-image-caption=\"&lt;p&gt;1956 Mercedes-Benz 180 Ambulanse.&lt;\/p&gt;\n\" data-large-file=\"https:\/\/i0.wp.com\/terjebjornstad.com\/no\/wp-content\/uploads\/2025\/09\/1956-mercedes-benz-w120-1703-1920x1440-1.jpg?fit=980%2C735&amp;ssl=1\" src=\"https:\/\/i0.wp.com\/terjebjornstad.com\/no\/wp-content\/uploads\/2025\/09\/1956-mercedes-benz-w120-1703-1920x1440-1.jpg?resize=980%2C735&#038;ssl=1\" alt=\"\" width=\"980\" height=\"735\" class=\"size-full wp-image-84054\" srcset=\"https:\/\/i0.wp.com\/terjebjornstad.com\/no\/wp-content\/uploads\/2025\/09\/1956-mercedes-benz-w120-1703-1920x1440-1.jpg?w=1920&amp;ssl=1 1920w, https:\/\/i0.wp.com\/terjebjornstad.com\/no\/wp-content\/uploads\/2025\/09\/1956-mercedes-benz-w120-1703-1920x1440-1.jpg?resize=300%2C225&amp;ssl=1 300w, https:\/\/i0.wp.com\/terjebjornstad.com\/no\/wp-content\/uploads\/2025\/09\/1956-mercedes-benz-w120-1703-1920x1440-1.jpg?resize=1080%2C810&amp;ssl=1 1080w, https:\/\/i0.wp.com\/terjebjornstad.com\/no\/wp-content\/uploads\/2025\/09\/1956-mercedes-benz-w120-1703-1920x1440-1.jpg?resize=768%2C576&amp;ssl=1 768w, https:\/\/i0.wp.com\/terjebjornstad.com\/no\/wp-content\/uploads\/2025\/09\/1956-mercedes-benz-w120-1703-1920x1440-1.jpg?resize=1536%2C1152&amp;ssl=1 1536w, https:\/\/i0.wp.com\/terjebjornstad.com\/no\/wp-content\/uploads\/2025\/09\/1956-mercedes-benz-w120-1703-1920x1440-1.jpg?resize=690%2C518&amp;ssl=1 690w, https:\/\/i0.wp.com\/terjebjornstad.com\/no\/wp-content\/uploads\/2025\/09\/1956-mercedes-benz-w120-1703-1920x1440-1.jpg?resize=980%2C735&amp;ssl=1 980w\" sizes=\"auto, (max-width: 980px) 100vw, 980px\" \/><\/a><figcaption id=\"caption-attachment-84054\" class=\"wp-caption-text\">1956 Mercedes-Benz 180 Ambulanse.<\/figcaption><\/figure><\/p>\n<h3 class=\"tebh2\">Se ogs\u00e5<\/h3>\n<p><figure id=\"attachment_81033\" aria-describedby=\"caption-attachment-81033\" style=\"width: 150px\" class=\"wp-caption alignleft\"><a href=\"https:\/\/terjebjornstad.com\/no\/2025\/06\/08\/classic-weekend-hos-bertel-o-steen\/\"><img data-recalc-dims=\"1\" loading=\"lazy\" decoding=\"async\" data-attachment-id=\"81033\" data-permalink=\"https:\/\/terjebjornstad.com\/no\/2025\/06\/08\/classic-weekend-hos-bertel-o-steen\/amg-gt-black-series-1920x1280\/\" data-orig-file=\"https:\/\/i0.wp.com\/terjebjornstad.com\/no\/wp-content\/uploads\/2025\/06\/amg-gt-black-series-1920x1280-1.jpg?fit=1920%2C1280&amp;ssl=1\" data-orig-size=\"1920,1280\" data-comments-opened=\"1\" data-image-meta=\"{&quot;aperture&quot;:&quot;0&quot;,&quot;credit&quot;:&quot;&quot;,&quot;camera&quot;:&quot;&quot;,&quot;caption&quot;:&quot;&quot;,&quot;created_timestamp&quot;:&quot;0&quot;,&quot;copyright&quot;:&quot;&quot;,&quot;focal_length&quot;:&quot;0&quot;,&quot;iso&quot;:&quot;0&quot;,&quot;shutter_speed&quot;:&quot;0&quot;,&quot;title&quot;:&quot;&quot;,&quot;orientation&quot;:&quot;0&quot;}\" data-image-title=\"amg-gt-black-series-1920&amp;#215;1280\" data-image-description=\"\" data-image-caption=\"&lt;p&gt;Classic weekend hos Bertel O Steen.&lt;\/p&gt;\n\" data-large-file=\"https:\/\/i0.wp.com\/terjebjornstad.com\/no\/wp-content\/uploads\/2025\/06\/amg-gt-black-series-1920x1280-1.jpg?fit=980%2C653&amp;ssl=1\" src=\"https:\/\/i0.wp.com\/terjebjornstad.com\/no\/wp-content\/uploads\/2025\/06\/amg-gt-black-series-1920x1280-1.jpg?resize=150%2C150&#038;ssl=1\" alt=\"Follo Bil &#038; Karosseri\" width=\"150\" height=\"150\" class=\"size-thumbnail wp-image-81033\" srcset=\"https:\/\/i0.wp.com\/terjebjornstad.com\/no\/wp-content\/uploads\/2025\/06\/amg-gt-black-series-1920x1280-1.jpg?resize=150%2C150&amp;ssl=1 150w, https:\/\/i0.wp.com\/terjebjornstad.com\/no\/wp-content\/uploads\/2025\/06\/amg-gt-black-series-1920x1280-1.jpg?resize=50%2C50&amp;ssl=1 50w, https:\/\/i0.wp.com\/terjebjornstad.com\/no\/wp-content\/uploads\/2025\/06\/amg-gt-black-series-1920x1280-1.jpg?zoom=2&amp;resize=150%2C150&amp;ssl=1 300w, https:\/\/i0.wp.com\/terjebjornstad.com\/no\/wp-content\/uploads\/2025\/06\/amg-gt-black-series-1920x1280-1.jpg?zoom=3&amp;resize=150%2C150&amp;ssl=1 450w\" sizes=\"auto, (max-width: 150px) 100vw, 150px\" \/><\/a><figcaption id=\"caption-attachment-81033\" class=\"wp-caption-text\">Classic weekend hos Bertel O Steen.<\/figcaption><\/figure><figure id=\"attachment_9640\" aria-describedby=\"caption-attachment-9640\" style=\"width: 150px\" class=\"wp-caption alignleft\"><a href=\"https:\/\/terjebjornstad.com\/no\/mercedes-benz-w115\/\"><img data-recalc-dims=\"1\" loading=\"lazy\" decoding=\"async\" data-attachment-id=\"9640\" data-permalink=\"https:\/\/terjebjornstad.com\/no\/2017\/03\/27\/bilene-i-kensington\/mb115-kensington\/\" data-orig-file=\"https:\/\/i0.wp.com\/terjebjornstad.com\/no\/wp-content\/uploads\/2017\/03\/mb115-kensington.png?fit=686%2C457&amp;ssl=1\" data-orig-size=\"686,457\" data-comments-opened=\"1\" data-image-meta=\"{&quot;aperture&quot;:&quot;0&quot;,&quot;credit&quot;:&quot;&quot;,&quot;camera&quot;:&quot;&quot;,&quot;caption&quot;:&quot;&quot;,&quot;created_timestamp&quot;:&quot;0&quot;,&quot;copyright&quot;:&quot;&quot;,&quot;focal_length&quot;:&quot;0&quot;,&quot;iso&quot;:&quot;0&quot;,&quot;shutter_speed&quot;:&quot;0&quot;,&quot;title&quot;:&quot;&quot;,&quot;orientation&quot;:&quot;0&quot;}\" data-image-title=\"W115 i Kensington, London, UK.\" data-image-description=\"\" data-image-caption=\"&lt;p&gt;Mercedes Benz W115&lt;\/p&gt;\n\" data-large-file=\"https:\/\/i0.wp.com\/terjebjornstad.com\/no\/wp-content\/uploads\/2017\/03\/mb115-kensington.png?fit=686%2C457&amp;ssl=1\" src=\"https:\/\/i0.wp.com\/terjebjornstad.com\/no\/wp-content\/uploads\/2017\/03\/mb115-kensington.png?resize=150%2C150&#038;ssl=1\" alt=\"Follo Bil &#038; Karosseri\" width=\"150\" height=\"150\" class=\"size-thumbnail wp-image-9640\" srcset=\"https:\/\/i0.wp.com\/terjebjornstad.com\/no\/wp-content\/uploads\/2017\/03\/mb115-kensington.png?resize=150%2C150&amp;ssl=1 150w, https:\/\/i0.wp.com\/terjebjornstad.com\/no\/wp-content\/uploads\/2017\/03\/mb115-kensington.png?resize=50%2C50&amp;ssl=1 50w, https:\/\/i0.wp.com\/terjebjornstad.com\/no\/wp-content\/uploads\/2017\/03\/mb115-kensington.png?zoom=2&amp;resize=150%2C150&amp;ssl=1 300w, https:\/\/i0.wp.com\/terjebjornstad.com\/no\/wp-content\/uploads\/2017\/03\/mb115-kensington.png?zoom=3&amp;resize=150%2C150&amp;ssl=1 450w\" sizes=\"auto, (max-width: 150px) 100vw, 150px\" \/><\/a><figcaption id=\"caption-attachment-9640\" class=\"wp-caption-text\">Mercedes Benz W115<\/figcaption><\/figure><figure id=\"attachment_39752\" aria-describedby=\"caption-attachment-39752\" style=\"width: 150px\" class=\"wp-caption alignleft\"><a href=\"https:\/\/terjebjornstad.com\/no\/peugeot-504\/\"><img data-recalc-dims=\"1\" loading=\"lazy\" decoding=\"async\" data-attachment-id=\"39752\" data-permalink=\"https:\/\/terjebjornstad.com\/no\/peugeot-504\/peugeot-504-1080x720\/\" data-orig-file=\"https:\/\/i0.wp.com\/terjebjornstad.com\/no\/wp-content\/uploads\/2021\/04\/peugeot-504-1080x720-1.png?fit=1080%2C720&amp;ssl=1\" data-orig-size=\"1080,720\" data-comments-opened=\"1\" data-image-meta=\"{&quot;aperture&quot;:&quot;0&quot;,&quot;credit&quot;:&quot;&quot;,&quot;camera&quot;:&quot;&quot;,&quot;caption&quot;:&quot;&quot;,&quot;created_timestamp&quot;:&quot;0&quot;,&quot;copyright&quot;:&quot;&quot;,&quot;focal_length&quot;:&quot;0&quot;,&quot;iso&quot;:&quot;0&quot;,&quot;shutter_speed&quot;:&quot;0&quot;,&quot;title&quot;:&quot;&quot;,&quot;orientation&quot;:&quot;0&quot;}\" data-image-title=\"peugeot-504-1080&amp;#215;720\" data-image-description=\"\" data-image-caption=\"&lt;p&gt;Peugeot 504&lt;\/p&gt;\n\" data-large-file=\"https:\/\/i0.wp.com\/terjebjornstad.com\/no\/wp-content\/uploads\/2021\/04\/peugeot-504-1080x720-1.png?fit=980%2C653&amp;ssl=1\" src=\"https:\/\/i0.wp.com\/terjebjornstad.com\/no\/wp-content\/uploads\/2021\/04\/peugeot-504-1080x720-1.png?resize=150%2C150&#038;ssl=1\" alt=\"Follo Bil &#038; Karosseri\" width=\"150\" height=\"150\" class=\"size-thumbnail wp-image-39752\" srcset=\"https:\/\/i0.wp.com\/terjebjornstad.com\/no\/wp-content\/uploads\/2021\/04\/peugeot-504-1080x720-1.png?resize=150%2C150&amp;ssl=1 150w, https:\/\/i0.wp.com\/terjebjornstad.com\/no\/wp-content\/uploads\/2021\/04\/peugeot-504-1080x720-1.png?resize=50%2C50&amp;ssl=1 50w, https:\/\/i0.wp.com\/terjebjornstad.com\/no\/wp-content\/uploads\/2021\/04\/peugeot-504-1080x720-1.png?zoom=2&amp;resize=150%2C150&amp;ssl=1 300w, https:\/\/i0.wp.com\/terjebjornstad.com\/no\/wp-content\/uploads\/2021\/04\/peugeot-504-1080x720-1.png?zoom=3&amp;resize=150%2C150&amp;ssl=1 450w\" sizes=\"auto, (max-width: 150px) 100vw, 150px\" \/><\/a><figcaption id=\"caption-attachment-39752\" class=\"wp-caption-text\">Peugeot 504<\/figcaption><\/figure><\/p>\n<h6><\/h6>\n<p><a href=\"https:\/\/www.andresenbil.no\/\" target=\"_blank\"><strong>Andresen Bil<\/strong><\/a><\/p>\n<\/div>\n","protected":false,"gt_translate_keys":[{"key":"rendered","format":"html"}]},"excerpt":{"rendered":"<p>Andresen Bil p\u00e5 Ski feiret gjen\u00e5pning av sine lokaler etter oppussing. P\u00e5 l\u00f8rdag var det veteranbildag med biler eldre enn 30 \u00e5r. Andresen Bil er et familiedrevet konsern som forhandler Mercedes-Benz, Peugeot, Citroen og Opel. R\u00f8ttene strekker seg tilbake til 1952 da Bj\u00f8rn Andresen etablerte et verksted i foreldrenes hus. Etter hvert ble det biler [&hellip;]<\/p>\n","protected":false,"gt_translate_keys":[{"key":"rendered","format":"html"}]},"author":1,"featured_media":84071,"comment_status":"open","ping_status":"open","sticky":false,"template":"","format":"standard","meta":{"_monsterinsights_skip_tracking":false,"_monsterinsights_sitenote_active":false,"_monsterinsights_sitenote_note":"","_monsterinsights_sitenote_category":0,"jetpack_post_was_ever_published":false,"_jetpack_newsletter_access":"","_jetpack_dont_email_post_to_subs":false,"_jetpack_newsletter_tier_id":0,"_jetpack_memberships_contains_paywalled_content":false,"_jetpack_memberships_contains_paid_content":false,"footnotes":"","jetpack_publicize_message":"","jetpack_publicize_feature_enabled":true,"jetpack_social_post_already_shared":true,"jetpack_social_options":{"image_generator_settings":{"template":"highway","default_image_id":0,"font":"","enabled":false},"version":2}},"categories":[4374],"tags":[5528],"class_list":["post-84076","post","type-post","status-publish","format-standard","has-post-thumbnail","hentry","category-biltreff","tag-andresen-bil"],"yoast_head":"<!-- This site is optimized with the Yoast SEO plugin v27.5 - https:\/\/yoast.com\/product\/yoast-seo-wordpress\/ -->\n<title>Veteranbiltreff hos Andresen Bil, Ski - Terjes biler<\/title>\n<meta name=\"description\" content=\"Andresen Bil p\u00e5 Ski feiret gjen\u00e5pning av sine lokaler etter oppussing. P\u00e5 l\u00f8rdag var det veteranbildag med biler eldre enn 30 \u00e5r.\" \/>\n<meta name=\"robots\" content=\"index, follow, max-snippet:-1, max-image-preview:large, max-video-preview:-1\" \/>\n<link rel=\"canonical\" href=\"https:\/\/terjebjornstad.com\/no\/2025\/09\/07\/veteranbiltreff-hos-andresen-bil-ski\/\" \/>\n<meta property=\"og:locale\" content=\"nb_NO\" \/>\n<meta property=\"og:type\" content=\"article\" \/>\n<meta property=\"og:title\" content=\"Veteranbiltreff hos Andresen Bil, Ski - Terjes biler\" \/>\n<meta property=\"og:description\" content=\"Andresen Bil p\u00e5 Ski feiret gjen\u00e5pning av sine lokaler etter oppussing. P\u00e5 l\u00f8rdag var det veteranbildag med biler eldre enn 30 \u00e5r.\" \/>\n<meta property=\"og:url\" content=\"https:\/\/terjebjornstad.com\/no\/2025\/09\/07\/veteranbiltreff-hos-andresen-bil-ski\/\" \/>\n<meta property=\"og:site_name\" content=\"Terjes biler\" \/>\n<meta property=\"article:publisher\" content=\"https:\/\/www.facebook.com\/terjesbiler\/\" \/>\n<meta property=\"article:author\" content=\"https:\/\/www.facebook.com\/terjesbiler\" \/>\n<meta property=\"article:published_time\" content=\"2025-09-07T00:05:05+00:00\" \/>\n<meta property=\"article:modified_time\" content=\"2026-02-06T16:01:59+00:00\" \/>\n<meta property=\"og:image\" content=\"https:\/\/terjebjornstad.com\/no\/wp-content\/uploads\/2025\/09\/1983-mercedes-benz-230e-1920x1440-1.jpg\" \/>\n\t<meta property=\"og:image:width\" content=\"1920\" \/>\n\t<meta property=\"og:image:height\" content=\"1440\" \/>\n\t<meta property=\"og:image:type\" content=\"image\/jpeg\" \/>\n<meta name=\"author\" content=\"Terje Bj\u00f8rnstad\" \/>\n<meta name=\"twitter:card\" content=\"summary_large_image\" \/>\n<meta name=\"twitter:label1\" content=\"Skrevet av\" \/>\n\t<meta name=\"twitter:data1\" content=\"Terje Bj\u00f8rnstad\" \/>\n\t<meta name=\"twitter:label2\" content=\"Ansl. lesetid\" \/>\n\t<meta name=\"twitter:data2\" content=\"9 minutter\" \/>\n<script type=\"application\/ld+json\" class=\"yoast-schema-graph\">{\"@context\":\"https:\\\/\\\/schema.org\",\"@graph\":[{\"@type\":\"Article\",\"@id\":\"https:\\\/\\\/terjebjornstad.com\\\/no\\\/2025\\\/09\\\/07\\\/veteranbiltreff-hos-andresen-bil-ski\\\/#article\",\"isPartOf\":{\"@id\":\"https:\\\/\\\/terjebjornstad.com\\\/no\\\/2025\\\/09\\\/07\\\/veteranbiltreff-hos-andresen-bil-ski\\\/\"},\"author\":{\"name\":\"Terje Bj\u00f8rnstad\",\"@id\":\"https:\\\/\\\/terjebjornstad.com\\\/no\\\/#\\\/schema\\\/person\\\/a281f6a6e0f3cc9fe468e7f0c655aa65\"},\"headline\":\"Veteranbiltreff hos Andresen Bil, Ski\",\"datePublished\":\"2025-09-07T00:05:05+00:00\",\"dateModified\":\"2026-02-06T16:01:59+00:00\",\"mainEntityOfPage\":{\"@id\":\"https:\\\/\\\/terjebjornstad.com\\\/no\\\/2025\\\/09\\\/07\\\/veteranbiltreff-hos-andresen-bil-ski\\\/\"},\"wordCount\":771,\"commentCount\":0,\"publisher\":{\"@id\":\"https:\\\/\\\/terjebjornstad.com\\\/no\\\/#organization\"},\"image\":{\"@id\":\"https:\\\/\\\/terjebjornstad.com\\\/no\\\/2025\\\/09\\\/07\\\/veteranbiltreff-hos-andresen-bil-ski\\\/#primaryimage\"},\"thumbnailUrl\":\"https:\\\/\\\/i0.wp.com\\\/terjebjornstad.com\\\/no\\\/wp-content\\\/uploads\\\/2025\\\/09\\\/1983-mercedes-benz-230e-1920x1440-1.jpg?fit=1920%2C1440&ssl=1\",\"keywords\":[\"Andresen Bil\"],\"articleSection\":[\"Biltreff\"],\"inLanguage\":\"nb-NO\",\"potentialAction\":[{\"@type\":\"CommentAction\",\"name\":\"Comment\",\"target\":[\"https:\\\/\\\/terjebjornstad.com\\\/no\\\/2025\\\/09\\\/07\\\/veteranbiltreff-hos-andresen-bil-ski\\\/#respond\"]}]},{\"@type\":\"WebPage\",\"@id\":\"https:\\\/\\\/terjebjornstad.com\\\/no\\\/2025\\\/09\\\/07\\\/veteranbiltreff-hos-andresen-bil-ski\\\/\",\"url\":\"https:\\\/\\\/terjebjornstad.com\\\/no\\\/2025\\\/09\\\/07\\\/veteranbiltreff-hos-andresen-bil-ski\\\/\",\"name\":\"Veteranbiltreff hos Andresen Bil, Ski - Terjes biler\",\"isPartOf\":{\"@id\":\"https:\\\/\\\/terjebjornstad.com\\\/no\\\/#website\"},\"primaryImageOfPage\":{\"@id\":\"https:\\\/\\\/terjebjornstad.com\\\/no\\\/2025\\\/09\\\/07\\\/veteranbiltreff-hos-andresen-bil-ski\\\/#primaryimage\"},\"image\":{\"@id\":\"https:\\\/\\\/terjebjornstad.com\\\/no\\\/2025\\\/09\\\/07\\\/veteranbiltreff-hos-andresen-bil-ski\\\/#primaryimage\"},\"thumbnailUrl\":\"https:\\\/\\\/i0.wp.com\\\/terjebjornstad.com\\\/no\\\/wp-content\\\/uploads\\\/2025\\\/09\\\/1983-mercedes-benz-230e-1920x1440-1.jpg?fit=1920%2C1440&ssl=1\",\"datePublished\":\"2025-09-07T00:05:05+00:00\",\"dateModified\":\"2026-02-06T16:01:59+00:00\",\"description\":\"Andresen Bil p\u00e5 Ski feiret gjen\u00e5pning av sine lokaler etter oppussing. P\u00e5 l\u00f8rdag var det veteranbildag med biler eldre enn 30 \u00e5r.\",\"breadcrumb\":{\"@id\":\"https:\\\/\\\/terjebjornstad.com\\\/no\\\/2025\\\/09\\\/07\\\/veteranbiltreff-hos-andresen-bil-ski\\\/#breadcrumb\"},\"inLanguage\":\"nb-NO\",\"potentialAction\":[{\"@type\":\"ReadAction\",\"target\":[\"https:\\\/\\\/terjebjornstad.com\\\/no\\\/2025\\\/09\\\/07\\\/veteranbiltreff-hos-andresen-bil-ski\\\/\"]}]},{\"@type\":\"ImageObject\",\"inLanguage\":\"nb-NO\",\"@id\":\"https:\\\/\\\/terjebjornstad.com\\\/no\\\/2025\\\/09\\\/07\\\/veteranbiltreff-hos-andresen-bil-ski\\\/#primaryimage\",\"url\":\"https:\\\/\\\/i0.wp.com\\\/terjebjornstad.com\\\/no\\\/wp-content\\\/uploads\\\/2025\\\/09\\\/1983-mercedes-benz-230e-1920x1440-1.jpg?fit=1920%2C1440&ssl=1\",\"contentUrl\":\"https:\\\/\\\/i0.wp.com\\\/terjebjornstad.com\\\/no\\\/wp-content\\\/uploads\\\/2025\\\/09\\\/1983-mercedes-benz-230e-1920x1440-1.jpg?fit=1920%2C1440&ssl=1\",\"width\":1920,\"height\":1440,\"caption\":\"&nbsp; Veteranbiltreff hos Andresen Bil, Ski Veteranbiltreff hos Andresen Bil, Ski Andresen Bil p\u00e5 Ski feiret gjen\u00e5pning av sine lokaler etter oppussing. P\u00e5 l\u00f8rdag var det veteranbildag med blant annet to av firmaets egne biler med lokal historie. Se mer &nbsp;\"},{\"@type\":\"BreadcrumbList\",\"@id\":\"https:\\\/\\\/terjebjornstad.com\\\/no\\\/2025\\\/09\\\/07\\\/veteranbiltreff-hos-andresen-bil-ski\\\/#breadcrumb\",\"itemListElement\":[{\"@type\":\"ListItem\",\"position\":1,\"name\":\"Hjem\",\"item\":\"https:\\\/\\\/terjebjornstad.com\\\/no\\\/\"},{\"@type\":\"ListItem\",\"position\":2,\"name\":\"Veteranbiltreff hos Andresen Bil, Ski\"}]},{\"@type\":\"WebSite\",\"@id\":\"https:\\\/\\\/terjebjornstad.com\\\/no\\\/#website\",\"url\":\"https:\\\/\\\/terjebjornstad.com\\\/no\\\/\",\"name\":\"Terjes biler\",\"description\":\"HONEST ABOUT CARS\",\"publisher\":{\"@id\":\"https:\\\/\\\/terjebjornstad.com\\\/no\\\/#organization\"},\"alternateName\":\"Terjebjornstad.com\",\"potentialAction\":[{\"@type\":\"SearchAction\",\"target\":{\"@type\":\"EntryPoint\",\"urlTemplate\":\"https:\\\/\\\/terjebjornstad.com\\\/no\\\/?s={search_term_string}\"},\"query-input\":{\"@type\":\"PropertyValueSpecification\",\"valueRequired\":true,\"valueName\":\"search_term_string\"}}],\"inLanguage\":\"nb-NO\"},{\"@type\":\"Organization\",\"@id\":\"https:\\\/\\\/terjebjornstad.com\\\/no\\\/#organization\",\"name\":\"Terje Bj\u00f8rnstad ENK\",\"url\":\"https:\\\/\\\/terjebjornstad.com\\\/no\\\/\",\"logo\":{\"@type\":\"ImageObject\",\"inLanguage\":\"nb-NO\",\"@id\":\"https:\\\/\\\/terjebjornstad.com\\\/no\\\/#\\\/schema\\\/logo\\\/image\\\/\",\"url\":\"https:\\\/\\\/i0.wp.com\\\/terjebjornstad.com\\\/no\\\/wp-content\\\/uploads\\\/2026\\\/02\\\/terjesbiler2024-960x354-1.png?fit=960%2C354&ssl=1\",\"contentUrl\":\"https:\\\/\\\/i0.wp.com\\\/terjebjornstad.com\\\/no\\\/wp-content\\\/uploads\\\/2026\\\/02\\\/terjesbiler2024-960x354-1.png?fit=960%2C354&ssl=1\",\"width\":960,\"height\":354,\"caption\":\"Terje Bj\u00f8rnstad ENK\"},\"image\":{\"@id\":\"https:\\\/\\\/terjebjornstad.com\\\/no\\\/#\\\/schema\\\/logo\\\/image\\\/\"},\"sameAs\":[\"https:\\\/\\\/www.facebook.com\\\/terjesbiler\\\/\",\"https:\\\/\\\/www.instagram.com\\\/terjesbiler\\\/\",\"https:\\\/\\\/www.pinteres.com\\\/terjebjrnstad\\\/terjes-biler\\\/\"]},{\"@type\":\"Person\",\"@id\":\"https:\\\/\\\/terjebjornstad.com\\\/no\\\/#\\\/schema\\\/person\\\/a281f6a6e0f3cc9fe468e7f0c655aa65\",\"name\":\"Terje Bj\u00f8rnstad\",\"image\":{\"@type\":\"ImageObject\",\"inLanguage\":\"nb-NO\",\"@id\":\"https:\\\/\\\/secure.gravatar.com\\\/avatar\\\/e8dff505b51cf6cb67ae06a06022d2049aac2da1e79dc146a36b58798c4b40ea?s=96&d=mm&r=g\",\"url\":\"https:\\\/\\\/secure.gravatar.com\\\/avatar\\\/e8dff505b51cf6cb67ae06a06022d2049aac2da1e79dc146a36b58798c4b40ea?s=96&d=mm&r=g\",\"contentUrl\":\"https:\\\/\\\/secure.gravatar.com\\\/avatar\\\/e8dff505b51cf6cb67ae06a06022d2049aac2da1e79dc146a36b58798c4b40ea?s=96&d=mm&r=g\",\"caption\":\"Terje Bj\u00f8rnstad\"},\"description\":\"Terje Bj\u00f8rnstad. Bloggadministrator, hobbyfotograf og bilnerd.\",\"sameAs\":[\"https:\\\/\\\/www.facebook.com\\\/terjesbiler\",\"https:\\\/\\\/www.instagram.com\\\/terjesbiler\",\"https:\\\/\\\/no.pinterest.com\\\/terjebjrnstad\",\"https:\\\/\\\/www.youtube.com\\\/channel\\\/UCzCKJJDybyIgKqatc_JQqIg\"]}]}<\/script>\n<!-- \/ Yoast SEO plugin. -->","yoast_head_json":{"title":"Veteranbiltreff hos Andresen Bil, Ski - Terjes biler","description":"Andresen Bil p\u00e5 Ski feiret gjen\u00e5pning av sine lokaler etter oppussing. P\u00e5 l\u00f8rdag var det veteranbildag med biler eldre enn 30 \u00e5r.","robots":{"index":"index","follow":"follow","max-snippet":"max-snippet:-1","max-image-preview":"max-image-preview:large","max-video-preview":"max-video-preview:-1"},"canonical":"https:\/\/terjebjornstad.com\/no\/2025\/09\/07\/veteranbiltreff-hos-andresen-bil-ski\/","og_locale":"nb_NO","og_type":"article","og_title":"Veteranbiltreff hos Andresen Bil, Ski - Terjes biler","og_description":"Andresen Bil p\u00e5 Ski feiret gjen\u00e5pning av sine lokaler etter oppussing. P\u00e5 l\u00f8rdag var det veteranbildag med biler eldre enn 30 \u00e5r.","og_url":"https:\/\/terjebjornstad.com\/no\/2025\/09\/07\/veteranbiltreff-hos-andresen-bil-ski\/","og_site_name":"Terjes biler","article_publisher":"https:\/\/www.facebook.com\/terjesbiler\/","article_author":"https:\/\/www.facebook.com\/terjesbiler","article_published_time":"2025-09-07T00:05:05+00:00","article_modified_time":"2026-02-06T16:01:59+00:00","og_image":[{"width":1920,"height":1440,"url":"https:\/\/terjebjornstad.com\/no\/wp-content\/uploads\/2025\/09\/1983-mercedes-benz-230e-1920x1440-1.jpg","type":"image\/jpeg"}],"author":"Terje Bj\u00f8rnstad","twitter_card":"summary_large_image","twitter_misc":{"Skrevet av":"Terje Bj\u00f8rnstad","Ansl. lesetid":"9 minutter"},"schema":{"@context":"https:\/\/schema.org","@graph":[{"@type":"Article","@id":"https:\/\/terjebjornstad.com\/no\/2025\/09\/07\/veteranbiltreff-hos-andresen-bil-ski\/#article","isPartOf":{"@id":"https:\/\/terjebjornstad.com\/no\/2025\/09\/07\/veteranbiltreff-hos-andresen-bil-ski\/"},"author":{"name":"Terje Bj\u00f8rnstad","@id":"https:\/\/terjebjornstad.com\/no\/#\/schema\/person\/a281f6a6e0f3cc9fe468e7f0c655aa65"},"headline":"Veteranbiltreff hos Andresen Bil, Ski","datePublished":"2025-09-07T00:05:05+00:00","dateModified":"2026-02-06T16:01:59+00:00","mainEntityOfPage":{"@id":"https:\/\/terjebjornstad.com\/no\/2025\/09\/07\/veteranbiltreff-hos-andresen-bil-ski\/"},"wordCount":771,"commentCount":0,"publisher":{"@id":"https:\/\/terjebjornstad.com\/no\/#organization"},"image":{"@id":"https:\/\/terjebjornstad.com\/no\/2025\/09\/07\/veteranbiltreff-hos-andresen-bil-ski\/#primaryimage"},"thumbnailUrl":"https:\/\/i0.wp.com\/terjebjornstad.com\/no\/wp-content\/uploads\/2025\/09\/1983-mercedes-benz-230e-1920x1440-1.jpg?fit=1920%2C1440&ssl=1","keywords":["Andresen Bil"],"articleSection":["Biltreff"],"inLanguage":"nb-NO","potentialAction":[{"@type":"CommentAction","name":"Comment","target":["https:\/\/terjebjornstad.com\/no\/2025\/09\/07\/veteranbiltreff-hos-andresen-bil-ski\/#respond"]}]},{"@type":"WebPage","@id":"https:\/\/terjebjornstad.com\/no\/2025\/09\/07\/veteranbiltreff-hos-andresen-bil-ski\/","url":"https:\/\/terjebjornstad.com\/no\/2025\/09\/07\/veteranbiltreff-hos-andresen-bil-ski\/","name":"Veteranbiltreff hos Andresen Bil, Ski - Terjes biler","isPartOf":{"@id":"https:\/\/terjebjornstad.com\/no\/#website"},"primaryImageOfPage":{"@id":"https:\/\/terjebjornstad.com\/no\/2025\/09\/07\/veteranbiltreff-hos-andresen-bil-ski\/#primaryimage"},"image":{"@id":"https:\/\/terjebjornstad.com\/no\/2025\/09\/07\/veteranbiltreff-hos-andresen-bil-ski\/#primaryimage"},"thumbnailUrl":"https:\/\/i0.wp.com\/terjebjornstad.com\/no\/wp-content\/uploads\/2025\/09\/1983-mercedes-benz-230e-1920x1440-1.jpg?fit=1920%2C1440&ssl=1","datePublished":"2025-09-07T00:05:05+00:00","dateModified":"2026-02-06T16:01:59+00:00","description":"Andresen Bil p\u00e5 Ski feiret gjen\u00e5pning av sine lokaler etter oppussing. P\u00e5 l\u00f8rdag var det veteranbildag med biler eldre enn 30 \u00e5r.","breadcrumb":{"@id":"https:\/\/terjebjornstad.com\/no\/2025\/09\/07\/veteranbiltreff-hos-andresen-bil-ski\/#breadcrumb"},"inLanguage":"nb-NO","potentialAction":[{"@type":"ReadAction","target":["https:\/\/terjebjornstad.com\/no\/2025\/09\/07\/veteranbiltreff-hos-andresen-bil-ski\/"]}]},{"@type":"ImageObject","inLanguage":"nb-NO","@id":"https:\/\/terjebjornstad.com\/no\/2025\/09\/07\/veteranbiltreff-hos-andresen-bil-ski\/#primaryimage","url":"https:\/\/i0.wp.com\/terjebjornstad.com\/no\/wp-content\/uploads\/2025\/09\/1983-mercedes-benz-230e-1920x1440-1.jpg?fit=1920%2C1440&ssl=1","contentUrl":"https:\/\/i0.wp.com\/terjebjornstad.com\/no\/wp-content\/uploads\/2025\/09\/1983-mercedes-benz-230e-1920x1440-1.jpg?fit=1920%2C1440&ssl=1","width":1920,"height":1440,"caption":"&nbsp; Veteranbiltreff hos Andresen Bil, Ski Veteranbiltreff hos Andresen Bil, Ski Andresen Bil p\u00e5 Ski feiret gjen\u00e5pning av sine lokaler etter oppussing. P\u00e5 l\u00f8rdag var det veteranbildag med blant annet to av firmaets egne biler med lokal historie. Se mer &nbsp;"},{"@type":"BreadcrumbList","@id":"https:\/\/terjebjornstad.com\/no\/2025\/09\/07\/veteranbiltreff-hos-andresen-bil-ski\/#breadcrumb","itemListElement":[{"@type":"ListItem","position":1,"name":"Hjem","item":"https:\/\/terjebjornstad.com\/no\/"},{"@type":"ListItem","position":2,"name":"Veteranbiltreff hos Andresen Bil, Ski"}]},{"@type":"WebSite","@id":"https:\/\/terjebjornstad.com\/no\/#website","url":"https:\/\/terjebjornstad.com\/no\/","name":"Terjes biler","description":"HONEST ABOUT CARS","publisher":{"@id":"https:\/\/terjebjornstad.com\/no\/#organization"},"alternateName":"Terjebjornstad.com","potentialAction":[{"@type":"SearchAction","target":{"@type":"EntryPoint","urlTemplate":"https:\/\/terjebjornstad.com\/no\/?s={search_term_string}"},"query-input":{"@type":"PropertyValueSpecification","valueRequired":true,"valueName":"search_term_string"}}],"inLanguage":"nb-NO"},{"@type":"Organization","@id":"https:\/\/terjebjornstad.com\/no\/#organization","name":"Terje Bj\u00f8rnstad ENK","url":"https:\/\/terjebjornstad.com\/no\/","logo":{"@type":"ImageObject","inLanguage":"nb-NO","@id":"https:\/\/terjebjornstad.com\/no\/#\/schema\/logo\/image\/","url":"https:\/\/i0.wp.com\/terjebjornstad.com\/no\/wp-content\/uploads\/2026\/02\/terjesbiler2024-960x354-1.png?fit=960%2C354&ssl=1","contentUrl":"https:\/\/i0.wp.com\/terjebjornstad.com\/no\/wp-content\/uploads\/2026\/02\/terjesbiler2024-960x354-1.png?fit=960%2C354&ssl=1","width":960,"height":354,"caption":"Terje Bj\u00f8rnstad ENK"},"image":{"@id":"https:\/\/terjebjornstad.com\/no\/#\/schema\/logo\/image\/"},"sameAs":["https:\/\/www.facebook.com\/terjesbiler\/","https:\/\/www.instagram.com\/terjesbiler\/","https:\/\/www.pinteres.com\/terjebjrnstad\/terjes-biler\/"]},{"@type":"Person","@id":"https:\/\/terjebjornstad.com\/no\/#\/schema\/person\/a281f6a6e0f3cc9fe468e7f0c655aa65","name":"Terje Bj\u00f8rnstad","image":{"@type":"ImageObject","inLanguage":"nb-NO","@id":"https:\/\/secure.gravatar.com\/avatar\/e8dff505b51cf6cb67ae06a06022d2049aac2da1e79dc146a36b58798c4b40ea?s=96&d=mm&r=g","url":"https:\/\/secure.gravatar.com\/avatar\/e8dff505b51cf6cb67ae06a06022d2049aac2da1e79dc146a36b58798c4b40ea?s=96&d=mm&r=g","contentUrl":"https:\/\/secure.gravatar.com\/avatar\/e8dff505b51cf6cb67ae06a06022d2049aac2da1e79dc146a36b58798c4b40ea?s=96&d=mm&r=g","caption":"Terje Bj\u00f8rnstad"},"description":"Terje Bj\u00f8rnstad. Bloggadministrator, hobbyfotograf og bilnerd.","sameAs":["https:\/\/www.facebook.com\/terjesbiler","https:\/\/www.instagram.com\/terjesbiler","https:\/\/no.pinterest.com\/terjebjrnstad","https:\/\/www.youtube.com\/channel\/UCzCKJJDybyIgKqatc_JQqIg"]}]}},"jetpack_publicize_connections":[],"jetpack_featured_media_url":"https:\/\/i0.wp.com\/terjebjornstad.com\/no\/wp-content\/uploads\/2025\/09\/1983-mercedes-benz-230e-1920x1440-1.jpg?fit=1920%2C1440&ssl=1","jetpack_sharing_enabled":true,"jetpack_shortlink":"https:\/\/wp.me\/p48zYA-lS4","jetpack-related-posts":[{"id":46005,"url":"https:\/\/terjebjornstad.com\/no\/2022\/01\/23\/hillmannen-som-ble-nasjonalbil-i-iran\/","url_meta":{"origin":84076,"position":0},"title":"Hillman Hunter ble nasjonalbil i Iran","author":"Terje Bj\u00f8rnstad","date":"23\/01\/2022","format":false,"excerpt":"Jeg rakk akkurat \u00e5 ta et bilde f\u00f8r eierne dro av g\u00e5rde og kunne vanskelig skjule min begeistring. Det m\u00e5 v\u00e6re flere ti\u00e5r siden jeg sist s\u00e5 en Hillman Hunter - modellen som for lengst ville v\u00e6rt glemt og begravet hadde det ikke v\u00e6rt for Iran. \u00a0 Flashback Den vakre\u2026","rel":"","context":"i &quot;Artikkel&quot;","block_context":{"text":"Artikkel","link":"https:\/\/terjebjornstad.com\/no\/category\/artikkel\/"},"img":{"alt_text":"","src":"https:\/\/i0.wp.com\/terjebjornstad.com\/no\/wp-content\/uploads\/2022\/01\/1hillman-hunter-1080x720-1.png?fit=1080%2C720&ssl=1&resize=350%2C200","width":350,"height":200,"srcset":"https:\/\/i0.wp.com\/terjebjornstad.com\/no\/wp-content\/uploads\/2022\/01\/1hillman-hunter-1080x720-1.png?fit=1080%2C720&ssl=1&resize=350%2C200 1x, https:\/\/i0.wp.com\/terjebjornstad.com\/no\/wp-content\/uploads\/2022\/01\/1hillman-hunter-1080x720-1.png?fit=1080%2C720&ssl=1&resize=525%2C300 1.5x, https:\/\/i0.wp.com\/terjebjornstad.com\/no\/wp-content\/uploads\/2022\/01\/1hillman-hunter-1080x720-1.png?fit=1080%2C720&ssl=1&resize=700%2C400 2x, https:\/\/i0.wp.com\/terjebjornstad.com\/no\/wp-content\/uploads\/2022\/01\/1hillman-hunter-1080x720-1.png?fit=1080%2C720&ssl=1&resize=1050%2C600 3x"},"classes":[]},{"id":41379,"url":"https:\/\/terjebjornstad.com\/no\/2021\/06\/28\/fotosondag-liv-i-kunstnergaten\/","url_meta":{"origin":84076,"position":1},"title":"Fotos\u00f8ndag &#8211; Liv i kunstnergaten","author":"Terje Bj\u00f8rnstad","date":"28\/06\/2021","format":false,"excerpt":"S\u00f8ndagen ble ikke like varm som det var varslet. Sola glimret med sitt frav\u00e6r. Da var det fint \u00e5 bevege seg ute og det var fint fotov\u00e6r. Jeg fikk luftet b\u00e5de tr\u00e5sykkelen og hunden noen timer denne dagen. Jeg fikk ogs\u00e5 \u00f8ye p\u00e5 noe skikkelig flotte biler i Kunstnergaten. \u00a0\u2026","rel":"","context":"i &quot;Artikkel&quot;","block_context":{"text":"Artikkel","link":"https:\/\/terjebjornstad.com\/no\/category\/artikkel\/"},"img":{"alt_text":"","src":"https:\/\/i0.wp.com\/terjebjornstad.com\/no\/wp-content\/uploads\/2021\/06\/1-1958-mercedes-benz-190-sl-1080x720-1.png?fit=1080%2C720&ssl=1&resize=350%2C200","width":350,"height":200,"srcset":"https:\/\/i0.wp.com\/terjebjornstad.com\/no\/wp-content\/uploads\/2021\/06\/1-1958-mercedes-benz-190-sl-1080x720-1.png?fit=1080%2C720&ssl=1&resize=350%2C200 1x, https:\/\/i0.wp.com\/terjebjornstad.com\/no\/wp-content\/uploads\/2021\/06\/1-1958-mercedes-benz-190-sl-1080x720-1.png?fit=1080%2C720&ssl=1&resize=525%2C300 1.5x, https:\/\/i0.wp.com\/terjebjornstad.com\/no\/wp-content\/uploads\/2021\/06\/1-1958-mercedes-benz-190-sl-1080x720-1.png?fit=1080%2C720&ssl=1&resize=700%2C400 2x, https:\/\/i0.wp.com\/terjebjornstad.com\/no\/wp-content\/uploads\/2021\/06\/1-1958-mercedes-benz-190-sl-1080x720-1.png?fit=1080%2C720&ssl=1&resize=1050%2C600 3x"},"classes":[]},{"id":72530,"url":"https:\/\/terjebjornstad.com\/no\/2024\/06\/03\/sondagsfoto-et-gyllent-biltreff-carre-d-or\/","url_meta":{"origin":84076,"position":2},"title":"S\u00f8ndagsfoto: Et gyllent biltreff","author":"Terje Bj\u00f8rnstad","date":"03\/06\/2024","format":false,"excerpt":"Vi oppholder oss for tiden i Frankrike, og har som vanlig bes\u00f8kt det m\u00e5nedlige biltreffet i Perpignan, n\u00e6rmere bestemt p\u00e5 shopping-senteret Carr\u00e9 D'or. P\u00e5 s\u00f8ndager er senteret stengt, og da f\u00e5r arrang\u00f8rene av biltreffet samle gamle, sjeldne og eksklusive biler, eiere og andre bilinteresserte. Mange av bilene dukker opp regelmessig.\u2026","rel":"","context":"i &quot;Artikkel&quot;","block_context":{"text":"Artikkel","link":"https:\/\/terjebjornstad.com\/no\/category\/artikkel\/"},"img":{"alt_text":"","src":"https:\/\/i0.wp.com\/terjebjornstad.com\/no\/wp-content\/uploads\/2024\/06\/lamborghini-aventador-lp700-4-1920x1280-1.jpg?fit=1200%2C800&ssl=1&resize=350%2C200","width":350,"height":200,"srcset":"https:\/\/i0.wp.com\/terjebjornstad.com\/no\/wp-content\/uploads\/2024\/06\/lamborghini-aventador-lp700-4-1920x1280-1.jpg?fit=1200%2C800&ssl=1&resize=350%2C200 1x, https:\/\/i0.wp.com\/terjebjornstad.com\/no\/wp-content\/uploads\/2024\/06\/lamborghini-aventador-lp700-4-1920x1280-1.jpg?fit=1200%2C800&ssl=1&resize=525%2C300 1.5x, https:\/\/i0.wp.com\/terjebjornstad.com\/no\/wp-content\/uploads\/2024\/06\/lamborghini-aventador-lp700-4-1920x1280-1.jpg?fit=1200%2C800&ssl=1&resize=700%2C400 2x, https:\/\/i0.wp.com\/terjebjornstad.com\/no\/wp-content\/uploads\/2024\/06\/lamborghini-aventador-lp700-4-1920x1280-1.jpg?fit=1200%2C800&ssl=1&resize=1050%2C600 3x"},"classes":[]},{"id":4591,"url":"https:\/\/terjebjornstad.com\/no\/2016\/05\/29\/tor-du-velge-gront\/","url_meta":{"origin":84076,"position":3},"title":"T\u00f8r du velge gr\u00f8nt?","author":"Terje Bj\u00f8rnstad","date":"29\/05\/2016","format":false,"excerpt":"Er gressgr\u00f8nt p\u00e5 vei inn igjen? Forrige gang gr\u00f8nt var p\u00e5 mote som bilfarge, var p\u00e5 syttitallet. Da var det mye mer fargerikt p\u00e5 parkeringsplassene enn i dag. Kameraten min kj\u00f8pte seg en signalgr\u00f8nn Mazda 323 MkI. Selv hadde jeg en signalbl\u00e5 818. Andre popul\u00e6re farger den gangen var knall\u2026","rel":"","context":"i &quot;Artikkel&quot;","block_context":{"text":"Artikkel","link":"https:\/\/terjebjornstad.com\/no\/category\/artikkel\/"},"img":{"alt_text":"","src":"https:\/\/i0.wp.com\/terjebjornstad.com\/no\/wp-content\/uploads\/2016\/05\/fax2.png?resize=350%2C200&ssl=1","width":350,"height":200,"srcset":"https:\/\/i0.wp.com\/terjebjornstad.com\/no\/wp-content\/uploads\/2016\/05\/fax2.png?resize=350%2C200&ssl=1 1x, https:\/\/i0.wp.com\/terjebjornstad.com\/no\/wp-content\/uploads\/2016\/05\/fax2.png?resize=525%2C300&ssl=1 1.5x"},"classes":[]},{"id":23171,"url":"https:\/\/terjebjornstad.com\/no\/2019\/05\/10\/franske-klassikere-4\/","url_meta":{"origin":84076,"position":4},"title":"Franske klassikere 4","author":"Terje Bj\u00f8rnstad","date":"10\/05\/2019","format":false,"excerpt":"Mange flotte doninger, 60 \u00e5rs jubileum for Mini og en helt spesiell Peugeot 403. Billedgalleri fra RVA66 - Samling av gamle, eksklusive og spesielle kj\u00f8ret\u00f8yer i Perpignan, Frankrike. Ikke bare franske biler Mange av bilene p\u00e5 samlingen ble slettes ikke laget i Frankrike, - men likevel h\u00f8yt verdsatt. Amerikanere, for\u2026","rel":"","context":"i &quot;Artikkel&quot;","block_context":{"text":"Artikkel","link":"https:\/\/terjebjornstad.com\/no\/category\/artikkel\/"},"img":{"alt_text":"","src":"https:\/\/i0.wp.com\/terjebjornstad.com\/no\/wp-content\/uploads\/2019\/05\/leaving-2-1080x720.png?fit=1080%2C720&ssl=1&resize=350%2C200","width":350,"height":200,"srcset":"https:\/\/i0.wp.com\/terjebjornstad.com\/no\/wp-content\/uploads\/2019\/05\/leaving-2-1080x720.png?fit=1080%2C720&ssl=1&resize=350%2C200 1x, https:\/\/i0.wp.com\/terjebjornstad.com\/no\/wp-content\/uploads\/2019\/05\/leaving-2-1080x720.png?fit=1080%2C720&ssl=1&resize=525%2C300 1.5x, https:\/\/i0.wp.com\/terjebjornstad.com\/no\/wp-content\/uploads\/2019\/05\/leaving-2-1080x720.png?fit=1080%2C720&ssl=1&resize=700%2C400 2x, https:\/\/i0.wp.com\/terjebjornstad.com\/no\/wp-content\/uploads\/2019\/05\/leaving-2-1080x720.png?fit=1080%2C720&ssl=1&resize=1050%2C600 3x"},"classes":[]},{"id":72929,"url":"https:\/\/terjebjornstad.com\/no\/2024\/06\/21\/konseptbil-til-100-mill\/","url_meta":{"origin":84076,"position":5},"title":"Konseptbil til 100 mill.","author":"Terje Bj\u00f8rnstad","date":"21\/06\/2024","format":false,"excerpt":"Denne Mercedes-Benz F200 \u201cImagination\u201d finnes det kun \u00e9n av. Den ble bygget som konseptbil, presentert p\u00e5 bilutstillingen i Paris 1996, deretter satt p\u00e5 museum og senere solgt for ufattelige 100 millioner kroner! Form\u00e5let med konseptbiler som dette, er \u00e5 vise frem og teste nye ideer p\u00e5 publikum. Ofte handler det\u2026","rel":"","context":"i &quot;Artikkel&quot;","block_context":{"text":"Artikkel","link":"https:\/\/terjebjornstad.com\/no\/category\/artikkel\/"},"img":{"alt_text":"","src":"https:\/\/i0.wp.com\/terjebjornstad.com\/no\/wp-content\/uploads\/2024\/06\/1996-mercedes-benz-f200-1920x1920-1.jpg?fit=1200%2C1200&ssl=1&resize=350%2C200","width":350,"height":200,"srcset":"https:\/\/i0.wp.com\/terjebjornstad.com\/no\/wp-content\/uploads\/2024\/06\/1996-mercedes-benz-f200-1920x1920-1.jpg?fit=1200%2C1200&ssl=1&resize=350%2C200 1x, https:\/\/i0.wp.com\/terjebjornstad.com\/no\/wp-content\/uploads\/2024\/06\/1996-mercedes-benz-f200-1920x1920-1.jpg?fit=1200%2C1200&ssl=1&resize=525%2C300 1.5x, https:\/\/i0.wp.com\/terjebjornstad.com\/no\/wp-content\/uploads\/2024\/06\/1996-mercedes-benz-f200-1920x1920-1.jpg?fit=1200%2C1200&ssl=1&resize=700%2C400 2x, https:\/\/i0.wp.com\/terjebjornstad.com\/no\/wp-content\/uploads\/2024\/06\/1996-mercedes-benz-f200-1920x1920-1.jpg?fit=1200%2C1200&ssl=1&resize=1050%2C600 3x"},"classes":[]}],"gt_translate_keys":[{"key":"link","format":"url"}],"_links":{"self":[{"href":"https:\/\/terjebjornstad.com\/no\/wp-json\/wp\/v2\/posts\/84076","targetHints":{"allow":["GET"]}}],"collection":[{"href":"https:\/\/terjebjornstad.com\/no\/wp-json\/wp\/v2\/posts"}],"about":[{"href":"https:\/\/terjebjornstad.com\/no\/wp-json\/wp\/v2\/types\/post"}],"author":[{"embeddable":true,"href":"https:\/\/terjebjornstad.com\/no\/wp-json\/wp\/v2\/users\/1"}],"replies":[{"embeddable":true,"href":"https:\/\/terjebjornstad.com\/no\/wp-json\/wp\/v2\/comments?post=84076"}],"version-history":[{"count":20,"href":"https:\/\/terjebjornstad.com\/no\/wp-json\/wp\/v2\/posts\/84076\/revisions"}],"predecessor-version":[{"id":88075,"href":"https:\/\/terjebjornstad.com\/no\/wp-json\/wp\/v2\/posts\/84076\/revisions\/88075"}],"wp:featuredmedia":[{"embeddable":true,"href":"https:\/\/terjebjornstad.com\/no\/wp-json\/wp\/v2\/media\/84071"}],"wp:attachment":[{"href":"https:\/\/terjebjornstad.com\/no\/wp-json\/wp\/v2\/media?parent=84076"}],"wp:term":[{"taxonomy":"category","embeddable":true,"href":"https:\/\/terjebjornstad.com\/no\/wp-json\/wp\/v2\/categories?post=84076"},{"taxonomy":"post_tag","embeddable":true,"href":"https:\/\/terjebjornstad.com\/no\/wp-json\/wp\/v2\/tags?post=84076"}],"curies":[{"name":"wp","href":"https:\/\/api.w.org\/{rel}","templated":true}]}}