{"id":83303,"date":"2025-07-28T09:03:17","date_gmt":"2025-07-28T08:03:17","guid":{"rendered":"https:\/\/terjebjornstad.com\/no\/?p=83303"},"modified":"2026-03-18T20:24:35","modified_gmt":"2026-03-18T19:24:35","slug":"cars-coffee-pa-ovrevoll","status":"publish","type":"post","link":"https:\/\/terjebjornstad.com\/no\/2025\/07\/28\/cars-coffee-pa-ovrevoll\/","title":{"rendered":"Cars &#038; Coffee p\u00e5 \u00d8vrevoll","gt_translate_keys":[{"key":"rendered","format":"text"}]},"content":{"rendered":"<div class=\"copy_teb\"><figure id=\"attachment_83284\" aria-describedby=\"caption-attachment-83284\" style=\"width: 1920px\" class=\"wp-caption aligncenter\"><a href=\"https:\/\/i0.wp.com\/terjebjornstad.com\/no\/wp-content\/uploads\/2025\/07\/1966-ford-lotus-cortina-2207-1920x1440-1.jpg?ssl=1\"><img data-recalc-dims=\"1\" loading=\"lazy\" decoding=\"async\" data-attachment-id=\"83284\" data-permalink=\"https:\/\/terjebjornstad.com\/no\/2025\/07\/28\/cars-coffee-pa-ovrevoll\/1966-ford-lotus-cortina-2207-1920x1440\/\" data-orig-file=\"https:\/\/i0.wp.com\/terjebjornstad.com\/no\/wp-content\/uploads\/2025\/07\/1966-ford-lotus-cortina-2207-1920x1440-1.jpg?fit=1920%2C1440&amp;ssl=1\" data-orig-size=\"1920,1440\" data-comments-opened=\"1\" data-image-meta=\"{&quot;aperture&quot;:&quot;0&quot;,&quot;credit&quot;:&quot;&quot;,&quot;camera&quot;:&quot;&quot;,&quot;caption&quot;:&quot;&quot;,&quot;created_timestamp&quot;:&quot;0&quot;,&quot;copyright&quot;:&quot;&quot;,&quot;focal_length&quot;:&quot;0&quot;,&quot;iso&quot;:&quot;0&quot;,&quot;shutter_speed&quot;:&quot;0&quot;,&quot;title&quot;:&quot;&quot;,&quot;orientation&quot;:&quot;0&quot;}\" data-image-title=\"1966-ford-lotus-cortina-2207-1920&amp;#215;1440\" data-image-description=\"\" data-image-caption=\"&lt;div class=&quot;tebingresw&quot;&gt;\n&lt;h2 class=&quot;tebh2ingresw&quot;&gt;&amp;nbsp;&lt;br \/&gt;Cars &amp;#038; Coffee p\u00e5 \u00d8vrevoll&lt;\/h2&gt;\n&lt;p&gt;\u00d8vrevoll Galoppbane er et vakkert sted for vakre, klassiske biler. Her er et bildegalleri fra Cars &amp;#038; Coffee Asker og B\u00e6rum sist s\u00f8ndag. &lt;a href=&quot;https:\/\/terjebjornstad.com\/no\/2025\/07\/28\/cars-coffee-pa-ovrevoll\/&quot;&gt; &lt;strong&gt;Se mer&lt;\/strong&gt;&lt;\/a&gt;&lt;br \/&gt;&amp;nbsp;&lt;\/div&gt;\n&lt;p&gt;&lt;\/p&gt;\n\" data-large-file=\"https:\/\/i0.wp.com\/terjebjornstad.com\/no\/wp-content\/uploads\/2025\/07\/1966-ford-lotus-cortina-2207-1920x1440-1.jpg?fit=980%2C735&amp;ssl=1\" src=\"https:\/\/i0.wp.com\/terjebjornstad.com\/no\/wp-content\/uploads\/2025\/07\/1966-ford-lotus-cortina-2207-1920x1440-1.jpg?resize=980%2C735&#038;ssl=1\" alt=\"\" width=\"980\" height=\"735\" class=\"size-full wp-image-83284\" srcset=\"https:\/\/i0.wp.com\/terjebjornstad.com\/no\/wp-content\/uploads\/2025\/07\/1966-ford-lotus-cortina-2207-1920x1440-1.jpg?w=1920&amp;ssl=1 1920w, https:\/\/i0.wp.com\/terjebjornstad.com\/no\/wp-content\/uploads\/2025\/07\/1966-ford-lotus-cortina-2207-1920x1440-1.jpg?resize=300%2C225&amp;ssl=1 300w, https:\/\/i0.wp.com\/terjebjornstad.com\/no\/wp-content\/uploads\/2025\/07\/1966-ford-lotus-cortina-2207-1920x1440-1.jpg?resize=1080%2C810&amp;ssl=1 1080w, https:\/\/i0.wp.com\/terjebjornstad.com\/no\/wp-content\/uploads\/2025\/07\/1966-ford-lotus-cortina-2207-1920x1440-1.jpg?resize=768%2C576&amp;ssl=1 768w, https:\/\/i0.wp.com\/terjebjornstad.com\/no\/wp-content\/uploads\/2025\/07\/1966-ford-lotus-cortina-2207-1920x1440-1.jpg?resize=1536%2C1152&amp;ssl=1 1536w, https:\/\/i0.wp.com\/terjebjornstad.com\/no\/wp-content\/uploads\/2025\/07\/1966-ford-lotus-cortina-2207-1920x1440-1.jpg?resize=690%2C518&amp;ssl=1 690w, https:\/\/i0.wp.com\/terjebjornstad.com\/no\/wp-content\/uploads\/2025\/07\/1966-ford-lotus-cortina-2207-1920x1440-1.jpg?resize=980%2C735&amp;ssl=1 980w\" sizes=\"auto, (max-width: 980px) 100vw, 980px\" \/><\/a><figcaption id=\"caption-attachment-83284\" class=\"wp-caption-text\">1966 Ford Lotus Cortina og Mini Cooper.<\/figcaption><\/figure><\/p>\n<blockquote><p>Det ser ut som biltreffene p\u00e5 \u00d8vrevoll Galoppbane er er i ferd med \u00e5 komme igang igjen etter Covid. Galoppbanen er et vakkert sted for vakre biler. Jeg lar bildene tale for seg selv.<\/p><\/blockquote>\n\n<p><figure id=\"attachment_83286\" aria-describedby=\"caption-attachment-83286\" style=\"width: 1920px\" class=\"wp-caption aligncenter\"><a href=\"https:\/\/i0.wp.com\/terjebjornstad.com\/no\/wp-content\/uploads\/2025\/07\/1969morris-cooper-s-1920x1920-1.jpg?ssl=1\"><img data-recalc-dims=\"1\" loading=\"lazy\" decoding=\"async\" data-attachment-id=\"83286\" data-permalink=\"https:\/\/terjebjornstad.com\/no\/2025\/07\/28\/cars-coffee-pa-ovrevoll\/1969morris-cooper-s-1920x1920\/\" data-orig-file=\"https:\/\/i0.wp.com\/terjebjornstad.com\/no\/wp-content\/uploads\/2025\/07\/1969morris-cooper-s-1920x1920-1.jpg?fit=1920%2C1920&amp;ssl=1\" data-orig-size=\"1920,1920\" data-comments-opened=\"1\" data-image-meta=\"{&quot;aperture&quot;:&quot;0&quot;,&quot;credit&quot;:&quot;&quot;,&quot;camera&quot;:&quot;&quot;,&quot;caption&quot;:&quot;&quot;,&quot;created_timestamp&quot;:&quot;0&quot;,&quot;copyright&quot;:&quot;&quot;,&quot;focal_length&quot;:&quot;0&quot;,&quot;iso&quot;:&quot;0&quot;,&quot;shutter_speed&quot;:&quot;0&quot;,&quot;title&quot;:&quot;&quot;,&quot;orientation&quot;:&quot;0&quot;}\" data-image-title=\"1969morris-cooper-s-1920&amp;#215;1920\" data-image-description=\"\" data-image-caption=\"&lt;p&gt;1969 Morris Cooper S&lt;\/p&gt;\n\" data-large-file=\"https:\/\/i0.wp.com\/terjebjornstad.com\/no\/wp-content\/uploads\/2025\/07\/1969morris-cooper-s-1920x1920-1.jpg?fit=980%2C980&amp;ssl=1\" src=\"https:\/\/i0.wp.com\/terjebjornstad.com\/no\/wp-content\/uploads\/2025\/07\/1969morris-cooper-s-1920x1920-1.jpg?resize=980%2C980&#038;ssl=1\" alt=\"\" width=\"980\" height=\"980\" class=\"size-full wp-image-83286\" srcset=\"https:\/\/i0.wp.com\/terjebjornstad.com\/no\/wp-content\/uploads\/2025\/07\/1969morris-cooper-s-1920x1920-1.jpg?w=1920&amp;ssl=1 1920w, https:\/\/i0.wp.com\/terjebjornstad.com\/no\/wp-content\/uploads\/2025\/07\/1969morris-cooper-s-1920x1920-1.jpg?resize=300%2C300&amp;ssl=1 300w, https:\/\/i0.wp.com\/terjebjornstad.com\/no\/wp-content\/uploads\/2025\/07\/1969morris-cooper-s-1920x1920-1.jpg?resize=1080%2C1080&amp;ssl=1 1080w, https:\/\/i0.wp.com\/terjebjornstad.com\/no\/wp-content\/uploads\/2025\/07\/1969morris-cooper-s-1920x1920-1.jpg?resize=150%2C150&amp;ssl=1 150w, https:\/\/i0.wp.com\/terjebjornstad.com\/no\/wp-content\/uploads\/2025\/07\/1969morris-cooper-s-1920x1920-1.jpg?resize=768%2C768&amp;ssl=1 768w, https:\/\/i0.wp.com\/terjebjornstad.com\/no\/wp-content\/uploads\/2025\/07\/1969morris-cooper-s-1920x1920-1.jpg?resize=1536%2C1536&amp;ssl=1 1536w, https:\/\/i0.wp.com\/terjebjornstad.com\/no\/wp-content\/uploads\/2025\/07\/1969morris-cooper-s-1920x1920-1.jpg?resize=690%2C690&amp;ssl=1 690w, https:\/\/i0.wp.com\/terjebjornstad.com\/no\/wp-content\/uploads\/2025\/07\/1969morris-cooper-s-1920x1920-1.jpg?resize=980%2C980&amp;ssl=1 980w, https:\/\/i0.wp.com\/terjebjornstad.com\/no\/wp-content\/uploads\/2025\/07\/1969morris-cooper-s-1920x1920-1.jpg?resize=50%2C50&amp;ssl=1 50w\" sizes=\"auto, (max-width: 980px) 100vw, 980px\" \/><\/a><figcaption id=\"caption-attachment-83286\" class=\"wp-caption-text\">1969 Morris Cooper S<\/figcaption><\/figure><br \/>\n&nbsp;<br \/>\n<figure id=\"attachment_83287\" aria-describedby=\"caption-attachment-83287\" style=\"width: 1920px\" class=\"wp-caption aligncenter\"><a href=\"https:\/\/i0.wp.com\/terjebjornstad.com\/no\/wp-content\/uploads\/2025\/07\/1969-morris-mini-cooper-0052-1920x1920-1.jpg?ssl=1\"><img data-recalc-dims=\"1\" loading=\"lazy\" decoding=\"async\" data-attachment-id=\"83287\" data-permalink=\"https:\/\/terjebjornstad.com\/no\/2025\/07\/28\/cars-coffee-pa-ovrevoll\/1969-morris-mini-cooper-0052-1920x1920\/\" data-orig-file=\"https:\/\/i0.wp.com\/terjebjornstad.com\/no\/wp-content\/uploads\/2025\/07\/1969-morris-mini-cooper-0052-1920x1920-1.jpg?fit=1920%2C1920&amp;ssl=1\" data-orig-size=\"1920,1920\" data-comments-opened=\"1\" data-image-meta=\"{&quot;aperture&quot;:&quot;0&quot;,&quot;credit&quot;:&quot;&quot;,&quot;camera&quot;:&quot;&quot;,&quot;caption&quot;:&quot;&quot;,&quot;created_timestamp&quot;:&quot;0&quot;,&quot;copyright&quot;:&quot;&quot;,&quot;focal_length&quot;:&quot;0&quot;,&quot;iso&quot;:&quot;0&quot;,&quot;shutter_speed&quot;:&quot;0&quot;,&quot;title&quot;:&quot;&quot;,&quot;orientation&quot;:&quot;0&quot;}\" data-image-title=\"1969-morris-mini-cooper-0052-1920&amp;#215;1920\" data-image-description=\"\" data-image-caption=\"&lt;p&gt;1969 Morris Mini Cooper&lt;\/p&gt;\n\" data-large-file=\"https:\/\/i0.wp.com\/terjebjornstad.com\/no\/wp-content\/uploads\/2025\/07\/1969-morris-mini-cooper-0052-1920x1920-1.jpg?fit=980%2C980&amp;ssl=1\" src=\"https:\/\/i0.wp.com\/terjebjornstad.com\/no\/wp-content\/uploads\/2025\/07\/1969-morris-mini-cooper-0052-1920x1920-1.jpg?resize=980%2C980&#038;ssl=1\" alt=\"\" width=\"980\" height=\"980\" class=\"size-full wp-image-83287\" srcset=\"https:\/\/i0.wp.com\/terjebjornstad.com\/no\/wp-content\/uploads\/2025\/07\/1969-morris-mini-cooper-0052-1920x1920-1.jpg?w=1920&amp;ssl=1 1920w, https:\/\/i0.wp.com\/terjebjornstad.com\/no\/wp-content\/uploads\/2025\/07\/1969-morris-mini-cooper-0052-1920x1920-1.jpg?resize=300%2C300&amp;ssl=1 300w, https:\/\/i0.wp.com\/terjebjornstad.com\/no\/wp-content\/uploads\/2025\/07\/1969-morris-mini-cooper-0052-1920x1920-1.jpg?resize=1080%2C1080&amp;ssl=1 1080w, https:\/\/i0.wp.com\/terjebjornstad.com\/no\/wp-content\/uploads\/2025\/07\/1969-morris-mini-cooper-0052-1920x1920-1.jpg?resize=150%2C150&amp;ssl=1 150w, https:\/\/i0.wp.com\/terjebjornstad.com\/no\/wp-content\/uploads\/2025\/07\/1969-morris-mini-cooper-0052-1920x1920-1.jpg?resize=768%2C768&amp;ssl=1 768w, https:\/\/i0.wp.com\/terjebjornstad.com\/no\/wp-content\/uploads\/2025\/07\/1969-morris-mini-cooper-0052-1920x1920-1.jpg?resize=1536%2C1536&amp;ssl=1 1536w, https:\/\/i0.wp.com\/terjebjornstad.com\/no\/wp-content\/uploads\/2025\/07\/1969-morris-mini-cooper-0052-1920x1920-1.jpg?resize=690%2C690&amp;ssl=1 690w, https:\/\/i0.wp.com\/terjebjornstad.com\/no\/wp-content\/uploads\/2025\/07\/1969-morris-mini-cooper-0052-1920x1920-1.jpg?resize=980%2C980&amp;ssl=1 980w, https:\/\/i0.wp.com\/terjebjornstad.com\/no\/wp-content\/uploads\/2025\/07\/1969-morris-mini-cooper-0052-1920x1920-1.jpg?resize=50%2C50&amp;ssl=1 50w\" sizes=\"auto, (max-width: 980px) 100vw, 980px\" \/><\/a><figcaption id=\"caption-attachment-83287\" class=\"wp-caption-text\">1969 Morris Mini Cooper<\/figcaption><\/figure><br \/>\n&nbsp;<br \/>\n<figure id=\"attachment_83282\" aria-describedby=\"caption-attachment-83282\" style=\"width: 1920px\" class=\"wp-caption aligncenter\"><a href=\"https:\/\/i0.wp.com\/terjebjornstad.com\/no\/wp-content\/uploads\/2025\/07\/1958-volvo-pv-444-2300-1920x1440-1.jpg?ssl=1\"><img data-recalc-dims=\"1\" loading=\"lazy\" decoding=\"async\" data-attachment-id=\"83282\" data-permalink=\"https:\/\/terjebjornstad.com\/no\/2025\/07\/28\/cars-coffee-pa-ovrevoll\/1958-volvo-pv-444-2300-1920x1440\/\" data-orig-file=\"https:\/\/i0.wp.com\/terjebjornstad.com\/no\/wp-content\/uploads\/2025\/07\/1958-volvo-pv-444-2300-1920x1440-1.jpg?fit=1920%2C1440&amp;ssl=1\" data-orig-size=\"1920,1440\" data-comments-opened=\"1\" data-image-meta=\"{&quot;aperture&quot;:&quot;0&quot;,&quot;credit&quot;:&quot;&quot;,&quot;camera&quot;:&quot;&quot;,&quot;caption&quot;:&quot;&quot;,&quot;created_timestamp&quot;:&quot;0&quot;,&quot;copyright&quot;:&quot;&quot;,&quot;focal_length&quot;:&quot;0&quot;,&quot;iso&quot;:&quot;0&quot;,&quot;shutter_speed&quot;:&quot;0&quot;,&quot;title&quot;:&quot;&quot;,&quot;orientation&quot;:&quot;0&quot;}\" data-image-title=\"1958-volvo-pv-444-2300-1920&amp;#215;1440\" data-image-description=\"\" data-image-caption=\"&lt;p&gt;1958 Volvo PV444.&lt;\/p&gt;\n\" data-large-file=\"https:\/\/i0.wp.com\/terjebjornstad.com\/no\/wp-content\/uploads\/2025\/07\/1958-volvo-pv-444-2300-1920x1440-1.jpg?fit=980%2C735&amp;ssl=1\" src=\"https:\/\/i0.wp.com\/terjebjornstad.com\/no\/wp-content\/uploads\/2025\/07\/1958-volvo-pv-444-2300-1920x1440-1.jpg?resize=980%2C735&#038;ssl=1\" alt=\"\" width=\"980\" height=\"735\" class=\"size-full wp-image-83282\" srcset=\"https:\/\/i0.wp.com\/terjebjornstad.com\/no\/wp-content\/uploads\/2025\/07\/1958-volvo-pv-444-2300-1920x1440-1.jpg?w=1920&amp;ssl=1 1920w, https:\/\/i0.wp.com\/terjebjornstad.com\/no\/wp-content\/uploads\/2025\/07\/1958-volvo-pv-444-2300-1920x1440-1.jpg?resize=300%2C225&amp;ssl=1 300w, https:\/\/i0.wp.com\/terjebjornstad.com\/no\/wp-content\/uploads\/2025\/07\/1958-volvo-pv-444-2300-1920x1440-1.jpg?resize=1080%2C810&amp;ssl=1 1080w, https:\/\/i0.wp.com\/terjebjornstad.com\/no\/wp-content\/uploads\/2025\/07\/1958-volvo-pv-444-2300-1920x1440-1.jpg?resize=768%2C576&amp;ssl=1 768w, https:\/\/i0.wp.com\/terjebjornstad.com\/no\/wp-content\/uploads\/2025\/07\/1958-volvo-pv-444-2300-1920x1440-1.jpg?resize=1536%2C1152&amp;ssl=1 1536w, https:\/\/i0.wp.com\/terjebjornstad.com\/no\/wp-content\/uploads\/2025\/07\/1958-volvo-pv-444-2300-1920x1440-1.jpg?resize=690%2C518&amp;ssl=1 690w, https:\/\/i0.wp.com\/terjebjornstad.com\/no\/wp-content\/uploads\/2025\/07\/1958-volvo-pv-444-2300-1920x1440-1.jpg?resize=980%2C735&amp;ssl=1 980w\" sizes=\"auto, (max-width: 980px) 100vw, 980px\" \/><\/a><figcaption id=\"caption-attachment-83282\" class=\"wp-caption-text\">1958 Volvo PV444.<\/figcaption><\/figure><br \/>\n&nbsp;<br \/>\n<figure id=\"attachment_83283\" aria-describedby=\"caption-attachment-83283\" style=\"width: 1920px\" class=\"wp-caption aligncenter\"><a href=\"https:\/\/i0.wp.com\/terjebjornstad.com\/no\/wp-content\/uploads\/2025\/07\/1958-volvo-pv-444-2303-1920x1280-1.jpg?ssl=1\"><img data-recalc-dims=\"1\" loading=\"lazy\" decoding=\"async\" data-attachment-id=\"83283\" data-permalink=\"https:\/\/terjebjornstad.com\/no\/2025\/07\/28\/cars-coffee-pa-ovrevoll\/1958-volvo-pv-444-2303-1920x1280\/\" data-orig-file=\"https:\/\/i0.wp.com\/terjebjornstad.com\/no\/wp-content\/uploads\/2025\/07\/1958-volvo-pv-444-2303-1920x1280-1.jpg?fit=1920%2C1280&amp;ssl=1\" data-orig-size=\"1920,1280\" data-comments-opened=\"1\" data-image-meta=\"{&quot;aperture&quot;:&quot;4&quot;,&quot;credit&quot;:&quot;&quot;,&quot;camera&quot;:&quot;DSC-RX100M3&quot;,&quot;caption&quot;:&quot;&quot;,&quot;created_timestamp&quot;:&quot;1753635407&quot;,&quot;copyright&quot;:&quot;&quot;,&quot;focal_length&quot;:&quot;13.34&quot;,&quot;iso&quot;:&quot;125&quot;,&quot;shutter_speed&quot;:&quot;0.0025&quot;,&quot;title&quot;:&quot;&quot;,&quot;orientation&quot;:&quot;1&quot;}\" data-image-title=\"1958-volvo-pv-444-2303-1920&amp;#215;1280\" data-image-description=\"\" data-image-caption=\"&lt;p&gt;Like vakker inni som utenp\u00e5 denne Volvo PV444.&lt;\/p&gt;\n\" data-large-file=\"https:\/\/i0.wp.com\/terjebjornstad.com\/no\/wp-content\/uploads\/2025\/07\/1958-volvo-pv-444-2303-1920x1280-1.jpg?fit=980%2C653&amp;ssl=1\" src=\"https:\/\/i0.wp.com\/terjebjornstad.com\/no\/wp-content\/uploads\/2025\/07\/1958-volvo-pv-444-2303-1920x1280-1.jpg?resize=980%2C653&#038;ssl=1\" alt=\"\" width=\"980\" height=\"653\" class=\"size-full wp-image-83283\" srcset=\"https:\/\/i0.wp.com\/terjebjornstad.com\/no\/wp-content\/uploads\/2025\/07\/1958-volvo-pv-444-2303-1920x1280-1.jpg?w=1920&amp;ssl=1 1920w, https:\/\/i0.wp.com\/terjebjornstad.com\/no\/wp-content\/uploads\/2025\/07\/1958-volvo-pv-444-2303-1920x1280-1.jpg?resize=300%2C200&amp;ssl=1 300w, https:\/\/i0.wp.com\/terjebjornstad.com\/no\/wp-content\/uploads\/2025\/07\/1958-volvo-pv-444-2303-1920x1280-1.jpg?resize=1080%2C720&amp;ssl=1 1080w, https:\/\/i0.wp.com\/terjebjornstad.com\/no\/wp-content\/uploads\/2025\/07\/1958-volvo-pv-444-2303-1920x1280-1.jpg?resize=768%2C512&amp;ssl=1 768w, https:\/\/i0.wp.com\/terjebjornstad.com\/no\/wp-content\/uploads\/2025\/07\/1958-volvo-pv-444-2303-1920x1280-1.jpg?resize=1536%2C1024&amp;ssl=1 1536w, https:\/\/i0.wp.com\/terjebjornstad.com\/no\/wp-content\/uploads\/2025\/07\/1958-volvo-pv-444-2303-1920x1280-1.jpg?resize=690%2C460&amp;ssl=1 690w, https:\/\/i0.wp.com\/terjebjornstad.com\/no\/wp-content\/uploads\/2025\/07\/1958-volvo-pv-444-2303-1920x1280-1.jpg?resize=980%2C653&amp;ssl=1 980w\" sizes=\"auto, (max-width: 980px) 100vw, 980px\" \/><\/a><figcaption id=\"caption-attachment-83283\" class=\"wp-caption-text\">Like vakker inni som utenp\u00e5 denne Volvo PV444.<\/figcaption><\/figure><br \/>\n&nbsp;<br \/>\n<figure id=\"attachment_83290\" aria-describedby=\"caption-attachment-83290\" style=\"width: 1440px\" class=\"wp-caption aligncenter\"><a href=\"https:\/\/i0.wp.com\/terjebjornstad.com\/no\/wp-content\/uploads\/2025\/07\/1969-pel-diplomat-2-8-e-1440x1440-1.jpg?ssl=1\"><img data-recalc-dims=\"1\" loading=\"lazy\" decoding=\"async\" data-attachment-id=\"83290\" data-permalink=\"https:\/\/terjebjornstad.com\/no\/2025\/07\/28\/cars-coffee-pa-ovrevoll\/1969-pel-diplomat-2-8-e-1440x1440\/\" data-orig-file=\"https:\/\/i0.wp.com\/terjebjornstad.com\/no\/wp-content\/uploads\/2025\/07\/1969-pel-diplomat-2-8-e-1440x1440-1.jpg?fit=1440%2C1440&amp;ssl=1\" data-orig-size=\"1440,1440\" data-comments-opened=\"1\" data-image-meta=\"{&quot;aperture&quot;:&quot;0&quot;,&quot;credit&quot;:&quot;&quot;,&quot;camera&quot;:&quot;&quot;,&quot;caption&quot;:&quot;&quot;,&quot;created_timestamp&quot;:&quot;0&quot;,&quot;copyright&quot;:&quot;&quot;,&quot;focal_length&quot;:&quot;0&quot;,&quot;iso&quot;:&quot;0&quot;,&quot;shutter_speed&quot;:&quot;0&quot;,&quot;title&quot;:&quot;&quot;,&quot;orientation&quot;:&quot;0&quot;}\" data-image-title=\"1969-pel-diplomat-2-8-e-1440&amp;#215;1440\" data-image-description=\"\" data-image-caption=\"&lt;p&gt;1969 Opel Diplomat B 2.8 E.&lt;\/p&gt;\n\" data-large-file=\"https:\/\/i0.wp.com\/terjebjornstad.com\/no\/wp-content\/uploads\/2025\/07\/1969-pel-diplomat-2-8-e-1440x1440-1.jpg?fit=980%2C980&amp;ssl=1\" src=\"https:\/\/i0.wp.com\/terjebjornstad.com\/no\/wp-content\/uploads\/2025\/07\/1969-pel-diplomat-2-8-e-1440x1440-1.jpg?resize=980%2C980&#038;ssl=1\" alt=\"\" width=\"980\" height=\"980\" class=\"size-full wp-image-83290\" srcset=\"https:\/\/i0.wp.com\/terjebjornstad.com\/no\/wp-content\/uploads\/2025\/07\/1969-pel-diplomat-2-8-e-1440x1440-1.jpg?w=1440&amp;ssl=1 1440w, https:\/\/i0.wp.com\/terjebjornstad.com\/no\/wp-content\/uploads\/2025\/07\/1969-pel-diplomat-2-8-e-1440x1440-1.jpg?resize=300%2C300&amp;ssl=1 300w, https:\/\/i0.wp.com\/terjebjornstad.com\/no\/wp-content\/uploads\/2025\/07\/1969-pel-diplomat-2-8-e-1440x1440-1.jpg?resize=1080%2C1080&amp;ssl=1 1080w, https:\/\/i0.wp.com\/terjebjornstad.com\/no\/wp-content\/uploads\/2025\/07\/1969-pel-diplomat-2-8-e-1440x1440-1.jpg?resize=150%2C150&amp;ssl=1 150w, https:\/\/i0.wp.com\/terjebjornstad.com\/no\/wp-content\/uploads\/2025\/07\/1969-pel-diplomat-2-8-e-1440x1440-1.jpg?resize=768%2C768&amp;ssl=1 768w, https:\/\/i0.wp.com\/terjebjornstad.com\/no\/wp-content\/uploads\/2025\/07\/1969-pel-diplomat-2-8-e-1440x1440-1.jpg?resize=690%2C690&amp;ssl=1 690w, https:\/\/i0.wp.com\/terjebjornstad.com\/no\/wp-content\/uploads\/2025\/07\/1969-pel-diplomat-2-8-e-1440x1440-1.jpg?resize=980%2C980&amp;ssl=1 980w, https:\/\/i0.wp.com\/terjebjornstad.com\/no\/wp-content\/uploads\/2025\/07\/1969-pel-diplomat-2-8-e-1440x1440-1.jpg?resize=50%2C50&amp;ssl=1 50w\" sizes=\"auto, (max-width: 980px) 100vw, 980px\" \/><\/a><figcaption id=\"caption-attachment-83290\" class=\"wp-caption-text\">1969 Opel Diplomat B 2.8 E.<\/figcaption><\/figure><br \/>\n&nbsp;<br \/>\n<figure id=\"attachment_83291\" aria-describedby=\"caption-attachment-83291\" style=\"width: 1920px\" class=\"wp-caption aligncenter\"><a href=\"https:\/\/i0.wp.com\/terjebjornstad.com\/no\/wp-content\/uploads\/2025\/07\/1970-ford-capri-3500-1920x1920-1.jpg?ssl=1\"><img data-recalc-dims=\"1\" loading=\"lazy\" decoding=\"async\" data-attachment-id=\"83291\" data-permalink=\"https:\/\/terjebjornstad.com\/no\/2025\/07\/28\/cars-coffee-pa-ovrevoll\/1970-ford-capri-3500-1920x1920\/\" data-orig-file=\"https:\/\/i0.wp.com\/terjebjornstad.com\/no\/wp-content\/uploads\/2025\/07\/1970-ford-capri-3500-1920x1920-1.jpg?fit=1920%2C1920&amp;ssl=1\" data-orig-size=\"1920,1920\" data-comments-opened=\"1\" data-image-meta=\"{&quot;aperture&quot;:&quot;0&quot;,&quot;credit&quot;:&quot;&quot;,&quot;camera&quot;:&quot;&quot;,&quot;caption&quot;:&quot;&quot;,&quot;created_timestamp&quot;:&quot;0&quot;,&quot;copyright&quot;:&quot;&quot;,&quot;focal_length&quot;:&quot;0&quot;,&quot;iso&quot;:&quot;0&quot;,&quot;shutter_speed&quot;:&quot;0&quot;,&quot;title&quot;:&quot;&quot;,&quot;orientation&quot;:&quot;0&quot;}\" data-image-title=\"1970-ford-capri-3500-1920&amp;#215;1920\" data-image-description=\"\" data-image-caption=\"&lt;p&gt;Ingen A4-bil. Ford Capri 3500 V8.&lt;\/p&gt;\n\" data-large-file=\"https:\/\/i0.wp.com\/terjebjornstad.com\/no\/wp-content\/uploads\/2025\/07\/1970-ford-capri-3500-1920x1920-1.jpg?fit=980%2C980&amp;ssl=1\" src=\"https:\/\/i0.wp.com\/terjebjornstad.com\/no\/wp-content\/uploads\/2025\/07\/1970-ford-capri-3500-1920x1920-1.jpg?resize=980%2C980&#038;ssl=1\" alt=\"\" width=\"980\" height=\"980\" class=\"size-full wp-image-83291\" srcset=\"https:\/\/i0.wp.com\/terjebjornstad.com\/no\/wp-content\/uploads\/2025\/07\/1970-ford-capri-3500-1920x1920-1.jpg?w=1920&amp;ssl=1 1920w, https:\/\/i0.wp.com\/terjebjornstad.com\/no\/wp-content\/uploads\/2025\/07\/1970-ford-capri-3500-1920x1920-1.jpg?resize=300%2C300&amp;ssl=1 300w, https:\/\/i0.wp.com\/terjebjornstad.com\/no\/wp-content\/uploads\/2025\/07\/1970-ford-capri-3500-1920x1920-1.jpg?resize=1080%2C1080&amp;ssl=1 1080w, https:\/\/i0.wp.com\/terjebjornstad.com\/no\/wp-content\/uploads\/2025\/07\/1970-ford-capri-3500-1920x1920-1.jpg?resize=150%2C150&amp;ssl=1 150w, https:\/\/i0.wp.com\/terjebjornstad.com\/no\/wp-content\/uploads\/2025\/07\/1970-ford-capri-3500-1920x1920-1.jpg?resize=768%2C768&amp;ssl=1 768w, https:\/\/i0.wp.com\/terjebjornstad.com\/no\/wp-content\/uploads\/2025\/07\/1970-ford-capri-3500-1920x1920-1.jpg?resize=1536%2C1536&amp;ssl=1 1536w, https:\/\/i0.wp.com\/terjebjornstad.com\/no\/wp-content\/uploads\/2025\/07\/1970-ford-capri-3500-1920x1920-1.jpg?resize=690%2C690&amp;ssl=1 690w, https:\/\/i0.wp.com\/terjebjornstad.com\/no\/wp-content\/uploads\/2025\/07\/1970-ford-capri-3500-1920x1920-1.jpg?resize=980%2C980&amp;ssl=1 980w, https:\/\/i0.wp.com\/terjebjornstad.com\/no\/wp-content\/uploads\/2025\/07\/1970-ford-capri-3500-1920x1920-1.jpg?resize=50%2C50&amp;ssl=1 50w\" sizes=\"auto, (max-width: 980px) 100vw, 980px\" \/><\/a><figcaption id=\"caption-attachment-83291\" class=\"wp-caption-text\">Ingen A4-bil. Ford Capri 3500 V8.<\/figcaption><\/figure><br \/>\nFord laget ikke offisielt noen Capri-varianter med V8, men det finnes flere Capri og Cortina som i ettertid er bygget om med Rover&#8217;s 3500 V8 motor. Denne motoren egnet seg godt p\u00e5 grunn av sin lave vekt. Jeg vet ikke hva slags motor som sitter i den avbildede bilen.<br \/>\n&nbsp;<br \/>\n<figure id=\"attachment_83292\" aria-describedby=\"caption-attachment-83292\" style=\"width: 1920px\" class=\"wp-caption aligncenter\"><a href=\"https:\/\/i0.wp.com\/terjebjornstad.com\/no\/wp-content\/uploads\/2025\/07\/1970-mercury-cougar-xr7-0058-1920x1920-1.jpg?ssl=1\"><img data-recalc-dims=\"1\" loading=\"lazy\" decoding=\"async\" data-attachment-id=\"83292\" data-permalink=\"https:\/\/terjebjornstad.com\/no\/2025\/07\/28\/cars-coffee-pa-ovrevoll\/1970-mercury-cougar-xr7-0058-1920x1920\/\" data-orig-file=\"https:\/\/i0.wp.com\/terjebjornstad.com\/no\/wp-content\/uploads\/2025\/07\/1970-mercury-cougar-xr7-0058-1920x1920-1.jpg?fit=1920%2C1440&amp;ssl=1\" data-orig-size=\"1920,1440\" data-comments-opened=\"1\" data-image-meta=\"{&quot;aperture&quot;:&quot;0&quot;,&quot;credit&quot;:&quot;&quot;,&quot;camera&quot;:&quot;&quot;,&quot;caption&quot;:&quot;&quot;,&quot;created_timestamp&quot;:&quot;0&quot;,&quot;copyright&quot;:&quot;&quot;,&quot;focal_length&quot;:&quot;0&quot;,&quot;iso&quot;:&quot;0&quot;,&quot;shutter_speed&quot;:&quot;0&quot;,&quot;title&quot;:&quot;&quot;,&quot;orientation&quot;:&quot;0&quot;}\" data-image-title=\"1970-mercury-cougar-xr7-0058-1920&amp;#215;1920\" data-image-description=\"\" data-image-caption=\"&lt;p&gt;1970 Mercury Cougar XR7.&lt;\/p&gt;\n\" data-large-file=\"https:\/\/i0.wp.com\/terjebjornstad.com\/no\/wp-content\/uploads\/2025\/07\/1970-mercury-cougar-xr7-0058-1920x1920-1.jpg?fit=980%2C735&amp;ssl=1\" src=\"https:\/\/i0.wp.com\/terjebjornstad.com\/no\/wp-content\/uploads\/2025\/07\/1970-mercury-cougar-xr7-0058-1920x1920-1.jpg?resize=980%2C735&#038;ssl=1\" alt=\"\" width=\"980\" height=\"735\" class=\"size-full wp-image-83292\" srcset=\"https:\/\/i0.wp.com\/terjebjornstad.com\/no\/wp-content\/uploads\/2025\/07\/1970-mercury-cougar-xr7-0058-1920x1920-1.jpg?w=1920&amp;ssl=1 1920w, https:\/\/i0.wp.com\/terjebjornstad.com\/no\/wp-content\/uploads\/2025\/07\/1970-mercury-cougar-xr7-0058-1920x1920-1.jpg?resize=300%2C225&amp;ssl=1 300w, https:\/\/i0.wp.com\/terjebjornstad.com\/no\/wp-content\/uploads\/2025\/07\/1970-mercury-cougar-xr7-0058-1920x1920-1.jpg?resize=1080%2C810&amp;ssl=1 1080w, https:\/\/i0.wp.com\/terjebjornstad.com\/no\/wp-content\/uploads\/2025\/07\/1970-mercury-cougar-xr7-0058-1920x1920-1.jpg?resize=768%2C576&amp;ssl=1 768w, https:\/\/i0.wp.com\/terjebjornstad.com\/no\/wp-content\/uploads\/2025\/07\/1970-mercury-cougar-xr7-0058-1920x1920-1.jpg?resize=1536%2C1152&amp;ssl=1 1536w, https:\/\/i0.wp.com\/terjebjornstad.com\/no\/wp-content\/uploads\/2025\/07\/1970-mercury-cougar-xr7-0058-1920x1920-1.jpg?resize=690%2C518&amp;ssl=1 690w, https:\/\/i0.wp.com\/terjebjornstad.com\/no\/wp-content\/uploads\/2025\/07\/1970-mercury-cougar-xr7-0058-1920x1920-1.jpg?resize=980%2C735&amp;ssl=1 980w\" sizes=\"auto, (max-width: 980px) 100vw, 980px\" \/><\/a><figcaption id=\"caption-attachment-83292\" class=\"wp-caption-text\">1970 Mercury Cougar XR7.<\/figcaption><\/figure><br \/>\n&nbsp;<br \/>\n<figure id=\"attachment_83301\" aria-describedby=\"caption-attachment-83301\" style=\"width: 1920px\" class=\"wp-caption aligncenter\"><a href=\"https:\/\/i0.wp.com\/terjebjornstad.com\/no\/wp-content\/uploads\/2025\/07\/1970-mercury-cougar-xr7-0854-1920x1280-1.jpg?ssl=1\"><img data-recalc-dims=\"1\" loading=\"lazy\" decoding=\"async\" data-attachment-id=\"83301\" data-permalink=\"https:\/\/terjebjornstad.com\/no\/2025\/07\/28\/cars-coffee-pa-ovrevoll\/1970-mercury-cougar-xr7-0854-1920x1280\/\" data-orig-file=\"https:\/\/i0.wp.com\/terjebjornstad.com\/no\/wp-content\/uploads\/2025\/07\/1970-mercury-cougar-xr7-0854-1920x1280-1.jpg?fit=1920%2C1280&amp;ssl=1\" data-orig-size=\"1920,1280\" data-comments-opened=\"1\" data-image-meta=\"{&quot;aperture&quot;:&quot;4&quot;,&quot;credit&quot;:&quot;&quot;,&quot;camera&quot;:&quot;DSC-RX100M3&quot;,&quot;caption&quot;:&quot;&quot;,&quot;created_timestamp&quot;:&quot;1753635799&quot;,&quot;copyright&quot;:&quot;&quot;,&quot;focal_length&quot;:&quot;11.22&quot;,&quot;iso&quot;:&quot;125&quot;,&quot;shutter_speed&quot;:&quot;0.0025&quot;,&quot;title&quot;:&quot;&quot;,&quot;orientation&quot;:&quot;1&quot;}\" data-image-title=\"1970-mercury-cougar-xr7-0854-1920&amp;#215;1280\" data-image-description=\"\" data-image-caption=\"&lt;p&gt;Interi\u00f8ret i Mercury Cougar XR7.&lt;\/p&gt;\n\" data-large-file=\"https:\/\/i0.wp.com\/terjebjornstad.com\/no\/wp-content\/uploads\/2025\/07\/1970-mercury-cougar-xr7-0854-1920x1280-1.jpg?fit=980%2C653&amp;ssl=1\" src=\"https:\/\/i0.wp.com\/terjebjornstad.com\/no\/wp-content\/uploads\/2025\/07\/1970-mercury-cougar-xr7-0854-1920x1280-1.jpg?resize=980%2C653&#038;ssl=1\" alt=\"\" width=\"980\" height=\"653\" class=\"size-full wp-image-83301\" srcset=\"https:\/\/i0.wp.com\/terjebjornstad.com\/no\/wp-content\/uploads\/2025\/07\/1970-mercury-cougar-xr7-0854-1920x1280-1.jpg?w=1920&amp;ssl=1 1920w, https:\/\/i0.wp.com\/terjebjornstad.com\/no\/wp-content\/uploads\/2025\/07\/1970-mercury-cougar-xr7-0854-1920x1280-1.jpg?resize=300%2C200&amp;ssl=1 300w, https:\/\/i0.wp.com\/terjebjornstad.com\/no\/wp-content\/uploads\/2025\/07\/1970-mercury-cougar-xr7-0854-1920x1280-1.jpg?resize=1080%2C720&amp;ssl=1 1080w, https:\/\/i0.wp.com\/terjebjornstad.com\/no\/wp-content\/uploads\/2025\/07\/1970-mercury-cougar-xr7-0854-1920x1280-1.jpg?resize=768%2C512&amp;ssl=1 768w, https:\/\/i0.wp.com\/terjebjornstad.com\/no\/wp-content\/uploads\/2025\/07\/1970-mercury-cougar-xr7-0854-1920x1280-1.jpg?resize=1536%2C1024&amp;ssl=1 1536w, https:\/\/i0.wp.com\/terjebjornstad.com\/no\/wp-content\/uploads\/2025\/07\/1970-mercury-cougar-xr7-0854-1920x1280-1.jpg?resize=690%2C460&amp;ssl=1 690w, https:\/\/i0.wp.com\/terjebjornstad.com\/no\/wp-content\/uploads\/2025\/07\/1970-mercury-cougar-xr7-0854-1920x1280-1.jpg?resize=980%2C653&amp;ssl=1 980w\" sizes=\"auto, (max-width: 980px) 100vw, 980px\" \/><\/a><figcaption id=\"caption-attachment-83301\" class=\"wp-caption-text\">Interi\u00f8ret i Mercury Cougar XR7.<\/figcaption><\/figure><br \/>\n&nbsp;<br \/>\n<figure id=\"attachment_83293\" aria-describedby=\"caption-attachment-83293\" style=\"width: 1920px\" class=\"wp-caption aligncenter\"><a href=\"https:\/\/i0.wp.com\/terjebjornstad.com\/no\/wp-content\/uploads\/2025\/07\/1976-mercedes-benz-280-se-1920x1280-1.jpg?ssl=1\"><img data-recalc-dims=\"1\" loading=\"lazy\" decoding=\"async\" data-attachment-id=\"83293\" data-permalink=\"https:\/\/terjebjornstad.com\/no\/2025\/07\/28\/cars-coffee-pa-ovrevoll\/1976-mercedes-benz-280-se-1920x1280\/\" data-orig-file=\"https:\/\/i0.wp.com\/terjebjornstad.com\/no\/wp-content\/uploads\/2025\/07\/1976-mercedes-benz-280-se-1920x1280-1.jpg?fit=1920%2C1280&amp;ssl=1\" data-orig-size=\"1920,1280\" data-comments-opened=\"1\" data-image-meta=\"{&quot;aperture&quot;:&quot;0&quot;,&quot;credit&quot;:&quot;&quot;,&quot;camera&quot;:&quot;&quot;,&quot;caption&quot;:&quot;&quot;,&quot;created_timestamp&quot;:&quot;0&quot;,&quot;copyright&quot;:&quot;&quot;,&quot;focal_length&quot;:&quot;0&quot;,&quot;iso&quot;:&quot;0&quot;,&quot;shutter_speed&quot;:&quot;0&quot;,&quot;title&quot;:&quot;&quot;,&quot;orientation&quot;:&quot;0&quot;}\" data-image-title=\"1976-mercedes-benz-280-se-1920&amp;#215;1280\" data-image-description=\"\" data-image-caption=\"&lt;p&gt;1976 Mercedes-Benz 280 SE.&lt;\/p&gt;\n\" data-large-file=\"https:\/\/i0.wp.com\/terjebjornstad.com\/no\/wp-content\/uploads\/2025\/07\/1976-mercedes-benz-280-se-1920x1280-1.jpg?fit=980%2C653&amp;ssl=1\" src=\"https:\/\/i0.wp.com\/terjebjornstad.com\/no\/wp-content\/uploads\/2025\/07\/1976-mercedes-benz-280-se-1920x1280-1.jpg?resize=980%2C653&#038;ssl=1\" alt=\"\" width=\"980\" height=\"653\" class=\"size-full wp-image-83293\" srcset=\"https:\/\/i0.wp.com\/terjebjornstad.com\/no\/wp-content\/uploads\/2025\/07\/1976-mercedes-benz-280-se-1920x1280-1.jpg?w=1920&amp;ssl=1 1920w, https:\/\/i0.wp.com\/terjebjornstad.com\/no\/wp-content\/uploads\/2025\/07\/1976-mercedes-benz-280-se-1920x1280-1.jpg?resize=300%2C200&amp;ssl=1 300w, https:\/\/i0.wp.com\/terjebjornstad.com\/no\/wp-content\/uploads\/2025\/07\/1976-mercedes-benz-280-se-1920x1280-1.jpg?resize=1080%2C720&amp;ssl=1 1080w, https:\/\/i0.wp.com\/terjebjornstad.com\/no\/wp-content\/uploads\/2025\/07\/1976-mercedes-benz-280-se-1920x1280-1.jpg?resize=768%2C512&amp;ssl=1 768w, https:\/\/i0.wp.com\/terjebjornstad.com\/no\/wp-content\/uploads\/2025\/07\/1976-mercedes-benz-280-se-1920x1280-1.jpg?resize=1536%2C1024&amp;ssl=1 1536w, https:\/\/i0.wp.com\/terjebjornstad.com\/no\/wp-content\/uploads\/2025\/07\/1976-mercedes-benz-280-se-1920x1280-1.jpg?resize=690%2C460&amp;ssl=1 690w, https:\/\/i0.wp.com\/terjebjornstad.com\/no\/wp-content\/uploads\/2025\/07\/1976-mercedes-benz-280-se-1920x1280-1.jpg?resize=980%2C653&amp;ssl=1 980w\" sizes=\"auto, (max-width: 980px) 100vw, 980px\" \/><\/a><figcaption id=\"caption-attachment-83293\" class=\"wp-caption-text\">1976 Mercedes-Benz 280 SE.<\/figcaption><\/figure><br \/>\nDenne bilen er til salgs. <a href=\"https:\/\/www.finn.no\/mobility\/item\/414781260\" target=\"_blank\"><strong>Salgsannonse med flere bilder<\/strong><\/a>. Km: 127000, prisforlangende: 109000 kr.<br \/>\n&nbsp;<br \/>\n<figure id=\"attachment_83294\" aria-describedby=\"caption-attachment-83294\" style=\"width: 1920px\" class=\"wp-caption aligncenter\"><a href=\"https:\/\/i0.wp.com\/terjebjornstad.com\/no\/wp-content\/uploads\/2025\/07\/1977-renault-16-tl-1920x1290-1.jpg?ssl=1\"><img data-recalc-dims=\"1\" loading=\"lazy\" decoding=\"async\" data-attachment-id=\"83294\" data-permalink=\"https:\/\/terjebjornstad.com\/no\/2025\/07\/28\/cars-coffee-pa-ovrevoll\/1977-renault-16-tl-1920x1290\/\" data-orig-file=\"https:\/\/i0.wp.com\/terjebjornstad.com\/no\/wp-content\/uploads\/2025\/07\/1977-renault-16-tl-1920x1290-1.jpg?fit=1920%2C1920&amp;ssl=1\" data-orig-size=\"1920,1920\" data-comments-opened=\"1\" data-image-meta=\"{&quot;aperture&quot;:&quot;0&quot;,&quot;credit&quot;:&quot;&quot;,&quot;camera&quot;:&quot;&quot;,&quot;caption&quot;:&quot;&quot;,&quot;created_timestamp&quot;:&quot;0&quot;,&quot;copyright&quot;:&quot;&quot;,&quot;focal_length&quot;:&quot;0&quot;,&quot;iso&quot;:&quot;0&quot;,&quot;shutter_speed&quot;:&quot;0&quot;,&quot;title&quot;:&quot;&quot;,&quot;orientation&quot;:&quot;0&quot;}\" data-image-title=\"1977-renault-16-tl-1920&amp;#215;1290\" data-image-description=\"\" data-image-caption=\"&lt;p&gt;1977 Renault 16 TL &amp;#8211; en survivor.&lt;\/p&gt;\n\" data-large-file=\"https:\/\/i0.wp.com\/terjebjornstad.com\/no\/wp-content\/uploads\/2025\/07\/1977-renault-16-tl-1920x1290-1.jpg?fit=980%2C980&amp;ssl=1\" src=\"https:\/\/i0.wp.com\/terjebjornstad.com\/no\/wp-content\/uploads\/2025\/07\/1977-renault-16-tl-1920x1290-1.jpg?resize=980%2C980&#038;ssl=1\" alt=\"\" width=\"980\" height=\"980\" class=\"size-full wp-image-83294\" srcset=\"https:\/\/i0.wp.com\/terjebjornstad.com\/no\/wp-content\/uploads\/2025\/07\/1977-renault-16-tl-1920x1290-1.jpg?w=1920&amp;ssl=1 1920w, https:\/\/i0.wp.com\/terjebjornstad.com\/no\/wp-content\/uploads\/2025\/07\/1977-renault-16-tl-1920x1290-1.jpg?resize=300%2C300&amp;ssl=1 300w, https:\/\/i0.wp.com\/terjebjornstad.com\/no\/wp-content\/uploads\/2025\/07\/1977-renault-16-tl-1920x1290-1.jpg?resize=1080%2C1080&amp;ssl=1 1080w, https:\/\/i0.wp.com\/terjebjornstad.com\/no\/wp-content\/uploads\/2025\/07\/1977-renault-16-tl-1920x1290-1.jpg?resize=150%2C150&amp;ssl=1 150w, https:\/\/i0.wp.com\/terjebjornstad.com\/no\/wp-content\/uploads\/2025\/07\/1977-renault-16-tl-1920x1290-1.jpg?resize=768%2C768&amp;ssl=1 768w, https:\/\/i0.wp.com\/terjebjornstad.com\/no\/wp-content\/uploads\/2025\/07\/1977-renault-16-tl-1920x1290-1.jpg?resize=1536%2C1536&amp;ssl=1 1536w, https:\/\/i0.wp.com\/terjebjornstad.com\/no\/wp-content\/uploads\/2025\/07\/1977-renault-16-tl-1920x1290-1.jpg?resize=690%2C690&amp;ssl=1 690w, https:\/\/i0.wp.com\/terjebjornstad.com\/no\/wp-content\/uploads\/2025\/07\/1977-renault-16-tl-1920x1290-1.jpg?resize=980%2C980&amp;ssl=1 980w, https:\/\/i0.wp.com\/terjebjornstad.com\/no\/wp-content\/uploads\/2025\/07\/1977-renault-16-tl-1920x1290-1.jpg?resize=50%2C50&amp;ssl=1 50w\" sizes=\"auto, (max-width: 980px) 100vw, 980px\" \/><\/a><figcaption id=\"caption-attachment-83294\" class=\"wp-caption-text\">1977 Renault 16 TL &#8211; en survivor.<\/figcaption><\/figure><br \/>\n&nbsp;<br \/>\n<figure id=\"attachment_83295\" aria-describedby=\"caption-attachment-83295\" style=\"width: 1920px\" class=\"wp-caption aligncenter\"><a href=\"https:\/\/i0.wp.com\/terjebjornstad.com\/no\/wp-content\/uploads\/2025\/07\/1977-renault-16-tl-interior-1920x1280-1.jpg?ssl=1\"><img data-recalc-dims=\"1\" loading=\"lazy\" decoding=\"async\" data-attachment-id=\"83295\" data-permalink=\"https:\/\/terjebjornstad.com\/no\/2025\/07\/28\/cars-coffee-pa-ovrevoll\/1977-renault-16-tl-interior-1920x1280\/\" data-orig-file=\"https:\/\/i0.wp.com\/terjebjornstad.com\/no\/wp-content\/uploads\/2025\/07\/1977-renault-16-tl-interior-1920x1280-1.jpg?fit=1920%2C1280&amp;ssl=1\" data-orig-size=\"1920,1280\" data-comments-opened=\"1\" data-image-meta=\"{&quot;aperture&quot;:&quot;3.5&quot;,&quot;credit&quot;:&quot;&quot;,&quot;camera&quot;:&quot;DSC-RX100M3&quot;,&quot;caption&quot;:&quot;&quot;,&quot;created_timestamp&quot;:&quot;1753634707&quot;,&quot;copyright&quot;:&quot;&quot;,&quot;focal_length&quot;:&quot;9.02&quot;,&quot;iso&quot;:&quot;125&quot;,&quot;shutter_speed&quot;:&quot;0.0125&quot;,&quot;title&quot;:&quot;&quot;,&quot;orientation&quot;:&quot;1&quot;}\" data-image-title=\"1977-renault-16-tl-interior-1920&amp;#215;1280\" data-image-description=\"\" data-image-caption=\"&lt;p&gt;F\u00f8rerplassen i Renault 16 TL.&lt;\/p&gt;\n\" data-large-file=\"https:\/\/i0.wp.com\/terjebjornstad.com\/no\/wp-content\/uploads\/2025\/07\/1977-renault-16-tl-interior-1920x1280-1.jpg?fit=980%2C653&amp;ssl=1\" src=\"https:\/\/i0.wp.com\/terjebjornstad.com\/no\/wp-content\/uploads\/2025\/07\/1977-renault-16-tl-interior-1920x1280-1.jpg?resize=980%2C653&#038;ssl=1\" alt=\"\" width=\"980\" height=\"653\" class=\"size-full wp-image-83295\" srcset=\"https:\/\/i0.wp.com\/terjebjornstad.com\/no\/wp-content\/uploads\/2025\/07\/1977-renault-16-tl-interior-1920x1280-1.jpg?w=1920&amp;ssl=1 1920w, https:\/\/i0.wp.com\/terjebjornstad.com\/no\/wp-content\/uploads\/2025\/07\/1977-renault-16-tl-interior-1920x1280-1.jpg?resize=300%2C200&amp;ssl=1 300w, https:\/\/i0.wp.com\/terjebjornstad.com\/no\/wp-content\/uploads\/2025\/07\/1977-renault-16-tl-interior-1920x1280-1.jpg?resize=1080%2C720&amp;ssl=1 1080w, https:\/\/i0.wp.com\/terjebjornstad.com\/no\/wp-content\/uploads\/2025\/07\/1977-renault-16-tl-interior-1920x1280-1.jpg?resize=768%2C512&amp;ssl=1 768w, https:\/\/i0.wp.com\/terjebjornstad.com\/no\/wp-content\/uploads\/2025\/07\/1977-renault-16-tl-interior-1920x1280-1.jpg?resize=1536%2C1024&amp;ssl=1 1536w, https:\/\/i0.wp.com\/terjebjornstad.com\/no\/wp-content\/uploads\/2025\/07\/1977-renault-16-tl-interior-1920x1280-1.jpg?resize=690%2C460&amp;ssl=1 690w, https:\/\/i0.wp.com\/terjebjornstad.com\/no\/wp-content\/uploads\/2025\/07\/1977-renault-16-tl-interior-1920x1280-1.jpg?resize=980%2C653&amp;ssl=1 980w\" sizes=\"auto, (max-width: 980px) 100vw, 980px\" \/><\/a><figcaption id=\"caption-attachment-83295\" class=\"wp-caption-text\">F\u00f8rerplassen i Renault 16 TL.<\/figcaption><\/figure><br \/>\n&nbsp;<br \/>\n<figure id=\"attachment_83297\" aria-describedby=\"caption-attachment-83297\" style=\"width: 1920px\" class=\"wp-caption aligncenter\"><a href=\"https:\/\/i0.wp.com\/terjebjornstad.com\/no\/wp-content\/uploads\/2025\/07\/2009-caterham-superlight-r500-1920x1440-1.jpg?ssl=1\"><img data-recalc-dims=\"1\" loading=\"lazy\" decoding=\"async\" data-attachment-id=\"83297\" data-permalink=\"https:\/\/terjebjornstad.com\/no\/2025\/07\/28\/cars-coffee-pa-ovrevoll\/2009-caterham-superlight-r500-1920x1440\/\" data-orig-file=\"https:\/\/i0.wp.com\/terjebjornstad.com\/no\/wp-content\/uploads\/2025\/07\/2009-caterham-superlight-r500-1920x1440-1.jpg?fit=1920%2C1440&amp;ssl=1\" data-orig-size=\"1920,1440\" data-comments-opened=\"1\" data-image-meta=\"{&quot;aperture&quot;:&quot;0&quot;,&quot;credit&quot;:&quot;&quot;,&quot;camera&quot;:&quot;&quot;,&quot;caption&quot;:&quot;&quot;,&quot;created_timestamp&quot;:&quot;0&quot;,&quot;copyright&quot;:&quot;&quot;,&quot;focal_length&quot;:&quot;0&quot;,&quot;iso&quot;:&quot;0&quot;,&quot;shutter_speed&quot;:&quot;0&quot;,&quot;title&quot;:&quot;&quot;,&quot;orientation&quot;:&quot;0&quot;}\" data-image-title=\"2009-caterham-superlight-r500-1920&amp;#215;1440\" data-image-description=\"\" data-image-caption=\"&lt;p&gt;2009 Caterham Superlight R500 &lt;\/p&gt;\n\" data-large-file=\"https:\/\/i0.wp.com\/terjebjornstad.com\/no\/wp-content\/uploads\/2025\/07\/2009-caterham-superlight-r500-1920x1440-1.jpg?fit=980%2C735&amp;ssl=1\" src=\"https:\/\/i0.wp.com\/terjebjornstad.com\/no\/wp-content\/uploads\/2025\/07\/2009-caterham-superlight-r500-1920x1440-1.jpg?resize=980%2C735&#038;ssl=1\" alt=\"\" width=\"980\" height=\"735\" class=\"size-full wp-image-83297\" srcset=\"https:\/\/i0.wp.com\/terjebjornstad.com\/no\/wp-content\/uploads\/2025\/07\/2009-caterham-superlight-r500-1920x1440-1.jpg?w=1920&amp;ssl=1 1920w, https:\/\/i0.wp.com\/terjebjornstad.com\/no\/wp-content\/uploads\/2025\/07\/2009-caterham-superlight-r500-1920x1440-1.jpg?resize=300%2C225&amp;ssl=1 300w, https:\/\/i0.wp.com\/terjebjornstad.com\/no\/wp-content\/uploads\/2025\/07\/2009-caterham-superlight-r500-1920x1440-1.jpg?resize=1080%2C810&amp;ssl=1 1080w, https:\/\/i0.wp.com\/terjebjornstad.com\/no\/wp-content\/uploads\/2025\/07\/2009-caterham-superlight-r500-1920x1440-1.jpg?resize=768%2C576&amp;ssl=1 768w, https:\/\/i0.wp.com\/terjebjornstad.com\/no\/wp-content\/uploads\/2025\/07\/2009-caterham-superlight-r500-1920x1440-1.jpg?resize=1536%2C1152&amp;ssl=1 1536w, https:\/\/i0.wp.com\/terjebjornstad.com\/no\/wp-content\/uploads\/2025\/07\/2009-caterham-superlight-r500-1920x1440-1.jpg?resize=690%2C518&amp;ssl=1 690w, https:\/\/i0.wp.com\/terjebjornstad.com\/no\/wp-content\/uploads\/2025\/07\/2009-caterham-superlight-r500-1920x1440-1.jpg?resize=980%2C735&amp;ssl=1 980w\" sizes=\"auto, (max-width: 980px) 100vw, 980px\" \/><\/a><figcaption id=\"caption-attachment-83297\" class=\"wp-caption-text\">2009 Caterham Superlight R500<\/figcaption><\/figure><br \/>\n&nbsp;<br \/>\n<figure id=\"attachment_83298\" aria-describedby=\"caption-attachment-83298\" style=\"width: 1920px\" class=\"wp-caption aligncenter\"><a href=\"https:\/\/i0.wp.com\/terjebjornstad.com\/no\/wp-content\/uploads\/2025\/07\/2018-porsche-911-gt3-0029-1920x1440-1.jpg?ssl=1\"><img data-recalc-dims=\"1\" loading=\"lazy\" decoding=\"async\" data-attachment-id=\"83298\" data-permalink=\"https:\/\/terjebjornstad.com\/no\/2025\/07\/28\/cars-coffee-pa-ovrevoll\/2018-porsche-911-gt3-0029-1920x1440\/\" data-orig-file=\"https:\/\/i0.wp.com\/terjebjornstad.com\/no\/wp-content\/uploads\/2025\/07\/2018-porsche-911-gt3-0029-1920x1440-1.jpg?fit=1920%2C1440&amp;ssl=1\" data-orig-size=\"1920,1440\" data-comments-opened=\"1\" data-image-meta=\"{&quot;aperture&quot;:&quot;0&quot;,&quot;credit&quot;:&quot;&quot;,&quot;camera&quot;:&quot;&quot;,&quot;caption&quot;:&quot;&quot;,&quot;created_timestamp&quot;:&quot;0&quot;,&quot;copyright&quot;:&quot;&quot;,&quot;focal_length&quot;:&quot;0&quot;,&quot;iso&quot;:&quot;0&quot;,&quot;shutter_speed&quot;:&quot;0&quot;,&quot;title&quot;:&quot;&quot;,&quot;orientation&quot;:&quot;0&quot;}\" data-image-title=\"2018-porsche-911-gt3-0029-1920&amp;#215;1440\" data-image-description=\"\" data-image-caption=\"&lt;p&gt;2018 Porsche 911 GT3&lt;\/p&gt;\n\" data-large-file=\"https:\/\/i0.wp.com\/terjebjornstad.com\/no\/wp-content\/uploads\/2025\/07\/2018-porsche-911-gt3-0029-1920x1440-1.jpg?fit=980%2C735&amp;ssl=1\" src=\"https:\/\/i0.wp.com\/terjebjornstad.com\/no\/wp-content\/uploads\/2025\/07\/2018-porsche-911-gt3-0029-1920x1440-1.jpg?resize=980%2C735&#038;ssl=1\" alt=\"\" width=\"980\" height=\"735\" class=\"size-full wp-image-83298\" srcset=\"https:\/\/i0.wp.com\/terjebjornstad.com\/no\/wp-content\/uploads\/2025\/07\/2018-porsche-911-gt3-0029-1920x1440-1.jpg?w=1920&amp;ssl=1 1920w, https:\/\/i0.wp.com\/terjebjornstad.com\/no\/wp-content\/uploads\/2025\/07\/2018-porsche-911-gt3-0029-1920x1440-1.jpg?resize=300%2C225&amp;ssl=1 300w, https:\/\/i0.wp.com\/terjebjornstad.com\/no\/wp-content\/uploads\/2025\/07\/2018-porsche-911-gt3-0029-1920x1440-1.jpg?resize=1080%2C810&amp;ssl=1 1080w, https:\/\/i0.wp.com\/terjebjornstad.com\/no\/wp-content\/uploads\/2025\/07\/2018-porsche-911-gt3-0029-1920x1440-1.jpg?resize=768%2C576&amp;ssl=1 768w, https:\/\/i0.wp.com\/terjebjornstad.com\/no\/wp-content\/uploads\/2025\/07\/2018-porsche-911-gt3-0029-1920x1440-1.jpg?resize=1536%2C1152&amp;ssl=1 1536w, https:\/\/i0.wp.com\/terjebjornstad.com\/no\/wp-content\/uploads\/2025\/07\/2018-porsche-911-gt3-0029-1920x1440-1.jpg?resize=690%2C518&amp;ssl=1 690w, https:\/\/i0.wp.com\/terjebjornstad.com\/no\/wp-content\/uploads\/2025\/07\/2018-porsche-911-gt3-0029-1920x1440-1.jpg?resize=980%2C735&amp;ssl=1 980w\" sizes=\"auto, (max-width: 980px) 100vw, 980px\" \/><\/a><figcaption id=\"caption-attachment-83298\" class=\"wp-caption-text\">2018 Porsche 911 GT3<\/figcaption><\/figure><br \/>\n&nbsp;<br \/>\n<figure id=\"attachment_83299\" aria-describedby=\"caption-attachment-83299\" style=\"width: 1920px\" class=\"wp-caption aligncenter\"><a href=\"https:\/\/i0.wp.com\/terjebjornstad.com\/no\/wp-content\/uploads\/2025\/07\/2018-porsche-911-gt3-0040-1920x1280-1.jpg?ssl=1\"><img data-recalc-dims=\"1\" loading=\"lazy\" decoding=\"async\" data-attachment-id=\"83299\" data-permalink=\"https:\/\/terjebjornstad.com\/no\/2025\/07\/28\/cars-coffee-pa-ovrevoll\/2018-porsche-911-gt3-0040-1920x1280\/\" data-orig-file=\"https:\/\/i0.wp.com\/terjebjornstad.com\/no\/wp-content\/uploads\/2025\/07\/2018-porsche-911-gt3-0040-1920x1280-1.jpg?fit=1920%2C1280&amp;ssl=1\" data-orig-size=\"1920,1280\" data-comments-opened=\"1\" data-image-meta=\"{&quot;aperture&quot;:&quot;0&quot;,&quot;credit&quot;:&quot;&quot;,&quot;camera&quot;:&quot;&quot;,&quot;caption&quot;:&quot;&quot;,&quot;created_timestamp&quot;:&quot;0&quot;,&quot;copyright&quot;:&quot;&quot;,&quot;focal_length&quot;:&quot;0&quot;,&quot;iso&quot;:&quot;0&quot;,&quot;shutter_speed&quot;:&quot;0&quot;,&quot;title&quot;:&quot;&quot;,&quot;orientation&quot;:&quot;0&quot;}\" data-image-title=\"2018-porsche-911-gt3-0040-1920&amp;#215;1280\" data-image-description=\"\" data-image-caption=\"&lt;p&gt;2018 Porsche 911 GT3&lt;\/p&gt;\n\" data-large-file=\"https:\/\/i0.wp.com\/terjebjornstad.com\/no\/wp-content\/uploads\/2025\/07\/2018-porsche-911-gt3-0040-1920x1280-1.jpg?fit=980%2C653&amp;ssl=1\" src=\"https:\/\/i0.wp.com\/terjebjornstad.com\/no\/wp-content\/uploads\/2025\/07\/2018-porsche-911-gt3-0040-1920x1280-1.jpg?resize=980%2C653&#038;ssl=1\" alt=\"\" width=\"980\" height=\"653\" class=\"size-full wp-image-83299\" srcset=\"https:\/\/i0.wp.com\/terjebjornstad.com\/no\/wp-content\/uploads\/2025\/07\/2018-porsche-911-gt3-0040-1920x1280-1.jpg?w=1920&amp;ssl=1 1920w, https:\/\/i0.wp.com\/terjebjornstad.com\/no\/wp-content\/uploads\/2025\/07\/2018-porsche-911-gt3-0040-1920x1280-1.jpg?resize=300%2C200&amp;ssl=1 300w, https:\/\/i0.wp.com\/terjebjornstad.com\/no\/wp-content\/uploads\/2025\/07\/2018-porsche-911-gt3-0040-1920x1280-1.jpg?resize=1080%2C720&amp;ssl=1 1080w, https:\/\/i0.wp.com\/terjebjornstad.com\/no\/wp-content\/uploads\/2025\/07\/2018-porsche-911-gt3-0040-1920x1280-1.jpg?resize=768%2C512&amp;ssl=1 768w, https:\/\/i0.wp.com\/terjebjornstad.com\/no\/wp-content\/uploads\/2025\/07\/2018-porsche-911-gt3-0040-1920x1280-1.jpg?resize=1536%2C1024&amp;ssl=1 1536w, https:\/\/i0.wp.com\/terjebjornstad.com\/no\/wp-content\/uploads\/2025\/07\/2018-porsche-911-gt3-0040-1920x1280-1.jpg?resize=690%2C460&amp;ssl=1 690w, https:\/\/i0.wp.com\/terjebjornstad.com\/no\/wp-content\/uploads\/2025\/07\/2018-porsche-911-gt3-0040-1920x1280-1.jpg?resize=980%2C653&amp;ssl=1 980w\" sizes=\"auto, (max-width: 980px) 100vw, 980px\" \/><\/a><figcaption id=\"caption-attachment-83299\" class=\"wp-caption-text\">2018 Porsche 911 GT3<\/figcaption><\/figure><br \/>\n&nbsp;<br \/>\n<a href=\"https:\/\/i0.wp.com\/terjebjornstad.com\/no\/wp-content\/uploads\/2025\/07\/2008-aston-martin-v8-vantage-1920x1280-1.jpg?ssl=1\"><img data-recalc-dims=\"1\" loading=\"lazy\" decoding=\"async\" data-attachment-id=\"83296\" data-permalink=\"https:\/\/terjebjornstad.com\/no\/2025\/07\/28\/cars-coffee-pa-ovrevoll\/2008-aston-martin-v8-vantage-1920x1280\/\" data-orig-file=\"https:\/\/i0.wp.com\/terjebjornstad.com\/no\/wp-content\/uploads\/2025\/07\/2008-aston-martin-v8-vantage-1920x1280-1.jpg?fit=1920%2C1280&amp;ssl=1\" data-orig-size=\"1920,1280\" data-comments-opened=\"1\" data-image-meta=\"{&quot;aperture&quot;:&quot;0&quot;,&quot;credit&quot;:&quot;&quot;,&quot;camera&quot;:&quot;&quot;,&quot;caption&quot;:&quot;&quot;,&quot;created_timestamp&quot;:&quot;0&quot;,&quot;copyright&quot;:&quot;&quot;,&quot;focal_length&quot;:&quot;0&quot;,&quot;iso&quot;:&quot;0&quot;,&quot;shutter_speed&quot;:&quot;0&quot;,&quot;title&quot;:&quot;&quot;,&quot;orientation&quot;:&quot;0&quot;}\" data-image-title=\"2008-aston-martin-v8-vantage-1920&amp;#215;1280\" data-image-description=\"&lt;p&gt;2008 Aston Martin Vantage V8&lt;\/p&gt;\n\" data-image-caption=\"&lt;p&gt;2008 Aston Martin Vantage V8&lt;\/p&gt;\n\" data-large-file=\"https:\/\/i0.wp.com\/terjebjornstad.com\/no\/wp-content\/uploads\/2025\/07\/2008-aston-martin-v8-vantage-1920x1280-1.jpg?fit=980%2C653&amp;ssl=1\" src=\"https:\/\/i0.wp.com\/terjebjornstad.com\/no\/wp-content\/uploads\/2025\/07\/2008-aston-martin-v8-vantage-1920x1280-1.jpg?resize=980%2C653&#038;ssl=1\" alt=\"\" width=\"980\" height=\"653\" class=\"aligncenter size-full wp-image-83296\" srcset=\"https:\/\/i0.wp.com\/terjebjornstad.com\/no\/wp-content\/uploads\/2025\/07\/2008-aston-martin-v8-vantage-1920x1280-1.jpg?w=1920&amp;ssl=1 1920w, https:\/\/i0.wp.com\/terjebjornstad.com\/no\/wp-content\/uploads\/2025\/07\/2008-aston-martin-v8-vantage-1920x1280-1.jpg?resize=300%2C200&amp;ssl=1 300w, https:\/\/i0.wp.com\/terjebjornstad.com\/no\/wp-content\/uploads\/2025\/07\/2008-aston-martin-v8-vantage-1920x1280-1.jpg?resize=1080%2C720&amp;ssl=1 1080w, https:\/\/i0.wp.com\/terjebjornstad.com\/no\/wp-content\/uploads\/2025\/07\/2008-aston-martin-v8-vantage-1920x1280-1.jpg?resize=768%2C512&amp;ssl=1 768w, https:\/\/i0.wp.com\/terjebjornstad.com\/no\/wp-content\/uploads\/2025\/07\/2008-aston-martin-v8-vantage-1920x1280-1.jpg?resize=1536%2C1024&amp;ssl=1 1536w, https:\/\/i0.wp.com\/terjebjornstad.com\/no\/wp-content\/uploads\/2025\/07\/2008-aston-martin-v8-vantage-1920x1280-1.jpg?resize=690%2C460&amp;ssl=1 690w, https:\/\/i0.wp.com\/terjebjornstad.com\/no\/wp-content\/uploads\/2025\/07\/2008-aston-martin-v8-vantage-1920x1280-1.jpg?resize=980%2C653&amp;ssl=1 980w\" sizes=\"auto, (max-width: 980px) 100vw, 980px\" \/><\/a><br \/>\nDenne bilen er til salgs fra lokal forhandler. <a href=\"https:\/\/www.finn.no\/mobility\/item\/415074285\" target=\"_blank\"><strong>Annonse med flere bilder<\/strong><\/a>. Km: 62000, prisforlangede: 799385 kr.<br \/>\n&nbsp;<\/p>\n<h3 class=\"tebh2\">Se ogs\u00e5<\/h3>\n<p><figure id=\"attachment_25535\" aria-describedby=\"caption-attachment-25535\" style=\"width: 150px\" class=\"wp-caption alignleft\"><a href=\"https:\/\/terjebjornstad.com\/no\/2019\/08\/20\/cars-and-coffee-ovrevoll-galopp-3\/\"><img data-recalc-dims=\"1\" loading=\"lazy\" decoding=\"async\" data-attachment-id=\"25535\" data-permalink=\"https:\/\/terjebjornstad.com\/no\/terjes-biler\/ovrevoll-avers-18-7-320x400\/\" data-orig-file=\"https:\/\/i0.wp.com\/terjebjornstad.com\/no\/wp-content\/uploads\/2019\/08\/ovrevoll-avers-18-7-320x400.png?fit=320%2C400&amp;ssl=1\" data-orig-size=\"320,400\" data-comments-opened=\"1\" data-image-meta=\"{&quot;aperture&quot;:&quot;0&quot;,&quot;credit&quot;:&quot;&quot;,&quot;camera&quot;:&quot;&quot;,&quot;caption&quot;:&quot;&quot;,&quot;created_timestamp&quot;:&quot;0&quot;,&quot;copyright&quot;:&quot;&quot;,&quot;focal_length&quot;:&quot;0&quot;,&quot;iso&quot;:&quot;0&quot;,&quot;shutter_speed&quot;:&quot;0&quot;,&quot;title&quot;:&quot;&quot;,&quot;orientation&quot;:&quot;0&quot;}\" data-image-title=\"ovrevoll-avers-18-7-320&amp;#215;400\" data-image-description=\"\" data-image-caption=\"&lt;p&gt;Cars and Coffee, \u00d8vrevoll Galopp&lt;\/p&gt;\n\" data-large-file=\"https:\/\/i0.wp.com\/terjebjornstad.com\/no\/wp-content\/uploads\/2019\/08\/ovrevoll-avers-18-7-320x400.png?fit=320%2C400&amp;ssl=1\" src=\"https:\/\/i0.wp.com\/terjebjornstad.com\/no\/wp-content\/uploads\/2019\/08\/ovrevoll-avers-18-7-320x400.png?resize=150%2C150&#038;ssl=1\" alt=\"\" width=\"150\" height=\"150\" class=\"size-full wp-image-25535\" srcset=\"https:\/\/i0.wp.com\/terjebjornstad.com\/no\/wp-content\/uploads\/2019\/08\/ovrevoll-avers-18-7-320x400.png?resize=150%2C150&amp;ssl=1 150w, https:\/\/i0.wp.com\/terjebjornstad.com\/no\/wp-content\/uploads\/2019\/08\/ovrevoll-avers-18-7-320x400.png?resize=50%2C50&amp;ssl=1 50w, https:\/\/i0.wp.com\/terjebjornstad.com\/no\/wp-content\/uploads\/2019\/08\/ovrevoll-avers-18-7-320x400.png?zoom=2&amp;resize=150%2C150&amp;ssl=1 300w\" sizes=\"auto, (max-width: 150px) 100vw, 150px\" \/><\/a><figcaption id=\"caption-attachment-25535\" class=\"wp-caption-text\">Cars and Coffee, \u00d8vrevoll Galopp<\/figcaption><\/figure><figure id=\"attachment_80512\" aria-describedby=\"caption-attachment-80512\" style=\"width: 150px\" class=\"wp-caption alignleft\"><a href=\"https:\/\/terjebjornstad.com\/no\/2025\/05\/13\/sportsvogner-pa-ovrevoll\/\"><img data-recalc-dims=\"1\" loading=\"lazy\" decoding=\"async\" data-attachment-id=\"80512\" data-permalink=\"https:\/\/terjebjornstad.com\/no\/2025\/07\/28\/cars-coffee-pa-ovrevoll\/2023-shelby-cobra-daytona-replika-5-7-1920x1280\/\" data-orig-file=\"https:\/\/i0.wp.com\/terjebjornstad.com\/no\/wp-content\/uploads\/2025\/05\/2023-shelby-cobra-daytona-replika-5-7-1920x1280-1.jpg?fit=1920%2C1280&amp;ssl=1\" data-orig-size=\"1920,1280\" data-comments-opened=\"1\" data-image-meta=\"{&quot;aperture&quot;:&quot;0&quot;,&quot;credit&quot;:&quot;&quot;,&quot;camera&quot;:&quot;&quot;,&quot;caption&quot;:&quot;&quot;,&quot;created_timestamp&quot;:&quot;0&quot;,&quot;copyright&quot;:&quot;&quot;,&quot;focal_length&quot;:&quot;0&quot;,&quot;iso&quot;:&quot;0&quot;,&quot;shutter_speed&quot;:&quot;0&quot;,&quot;title&quot;:&quot;&quot;,&quot;orientation&quot;:&quot;0&quot;}\" data-image-title=\"2023-shelby-cobra-daytona-replika-5-7-1920&amp;#215;1280\" data-image-description=\"\" data-image-caption=\"&lt;p&gt;Sportsvogner p\u00e5 \u00d8vrevoll&lt;\/p&gt;\n\" data-large-file=\"https:\/\/i0.wp.com\/terjebjornstad.com\/no\/wp-content\/uploads\/2025\/05\/2023-shelby-cobra-daytona-replika-5-7-1920x1280-1.jpg?fit=980%2C653&amp;ssl=1\" src=\"https:\/\/i0.wp.com\/terjebjornstad.com\/no\/wp-content\/uploads\/2025\/05\/2023-shelby-cobra-daytona-replika-5-7-1920x1280-1.jpg?resize=150%2C150&#038;ssl=1\" alt=\"\" width=\"150\" height=\"150\" class=\"size-thumbnail wp-image-80512\" srcset=\"https:\/\/i0.wp.com\/terjebjornstad.com\/no\/wp-content\/uploads\/2025\/05\/2023-shelby-cobra-daytona-replika-5-7-1920x1280-1.jpg?resize=150%2C150&amp;ssl=1 150w, https:\/\/i0.wp.com\/terjebjornstad.com\/no\/wp-content\/uploads\/2025\/05\/2023-shelby-cobra-daytona-replika-5-7-1920x1280-1.jpg?resize=50%2C50&amp;ssl=1 50w, https:\/\/i0.wp.com\/terjebjornstad.com\/no\/wp-content\/uploads\/2025\/05\/2023-shelby-cobra-daytona-replika-5-7-1920x1280-1.jpg?zoom=2&amp;resize=150%2C150&amp;ssl=1 300w, https:\/\/i0.wp.com\/terjebjornstad.com\/no\/wp-content\/uploads\/2025\/05\/2023-shelby-cobra-daytona-replika-5-7-1920x1280-1.jpg?zoom=3&amp;resize=150%2C150&amp;ssl=1 450w\" sizes=\"auto, (max-width: 150px) 100vw, 150px\" \/><\/a><figcaption id=\"caption-attachment-80512\" class=\"wp-caption-text\">Sportsvogner p\u00e5 \u00d8vrevoll<\/figcaption><\/figure><\/p>\n<h6><\/h6>\n<p><a href=\"https:\/\/www.facebook.com\/carsandcoffeeaskerogbaerum\/?locale=nb_NO\" target=\"_blank\"><strong>Cars &#038; Coffee Asker og B\u00e6rum<\/strong><\/a><\/p>\n<h6><\/h6>\n<\/div>\n","protected":false,"gt_translate_keys":[{"key":"rendered","format":"html"}]},"excerpt":{"rendered":"<p>Det ser ut som biltreffene p\u00e5 \u00d8vrevoll Galoppbane er er i ferd med \u00e5 komme igang igjen etter Covid. Galoppbanen er et vakkert sted for vakre biler. Jeg lar bildene tale for seg selv. &nbsp; &nbsp; &nbsp; &nbsp; &nbsp; Ford laget ikke offisielt noen Capri-varianter med V8, men det finnes flere Capri og Cortina som [&hellip;]<\/p>\n","protected":false,"gt_translate_keys":[{"key":"rendered","format":"html"}]},"author":1,"featured_media":0,"comment_status":"open","ping_status":"open","sticky":false,"template":"","format":"standard","meta":{"_monsterinsights_skip_tracking":false,"_monsterinsights_sitenote_active":false,"_monsterinsights_sitenote_note":"","_monsterinsights_sitenote_category":0,"jetpack_post_was_ever_published":false,"_jetpack_newsletter_access":"","_jetpack_dont_email_post_to_subs":false,"_jetpack_newsletter_tier_id":0,"_jetpack_memberships_contains_paywalled_content":false,"_jetpack_memberships_contains_paid_content":false,"footnotes":"","jetpack_publicize_message":"","jetpack_publicize_feature_enabled":true,"jetpack_social_post_already_shared":true,"jetpack_social_options":{"image_generator_settings":{"template":"highway","default_image_id":0,"font":"","enabled":false},"version":2}},"categories":[34,5505],"tags":[5506,5507],"class_list":["post-83303","post","type-post","status-publish","format-standard","hentry","category-artikkel","category-cars-coffee-asker-og-baerum","tag-cars-coffee-asker-og-baerum","tag-ovrevoll-galoppbane"],"yoast_head":"<!-- This site is optimized with the Yoast SEO plugin v27.5 - https:\/\/yoast.com\/product\/yoast-seo-wordpress\/ -->\n<title>Cars &amp; Coffee p\u00e5 \u00d8vrevoll - Terjes biler<\/title>\n<meta name=\"description\" content=\"Cars &amp; Coffee Asker og B\u00e6rum er i ferd med \u00e5 komme i gang igjen etter Covid. \u00d8vrevoll Galoppbane danner en fin ramme rundt treffet.\" \/>\n<meta name=\"robots\" content=\"index, follow, max-snippet:-1, max-image-preview:large, max-video-preview:-1\" \/>\n<link rel=\"canonical\" href=\"https:\/\/terjebjornstad.com\/no\/2025\/07\/28\/cars-coffee-pa-ovrevoll\/\" \/>\n<meta property=\"og:locale\" content=\"nb_NO\" \/>\n<meta property=\"og:type\" content=\"article\" \/>\n<meta property=\"og:title\" content=\"Cars &amp; Coffee p\u00e5 \u00d8vrevoll - Terjes biler\" \/>\n<meta property=\"og:description\" content=\"Cars &amp; Coffee Asker og B\u00e6rum er i ferd med \u00e5 komme i gang igjen etter Covid. \u00d8vrevoll Galoppbane danner en fin ramme rundt treffet.\" \/>\n<meta property=\"og:url\" content=\"https:\/\/terjebjornstad.com\/no\/2025\/07\/28\/cars-coffee-pa-ovrevoll\/\" \/>\n<meta property=\"og:site_name\" content=\"Terjes biler\" \/>\n<meta property=\"article:publisher\" content=\"https:\/\/www.facebook.com\/terjesbiler\/\" \/>\n<meta property=\"article:author\" content=\"https:\/\/www.facebook.com\/terjesbiler\" \/>\n<meta property=\"article:published_time\" content=\"2025-07-28T08:03:17+00:00\" \/>\n<meta property=\"article:modified_time\" content=\"2026-03-18T19:24:35+00:00\" \/>\n<meta property=\"og:image\" content=\"https:\/\/terjebjornstad.com\/no\/wp-content\/uploads\/2025\/07\/1966-ford-lotus-cortina-2207-1920x1440-1.jpg\" \/>\n<meta name=\"author\" content=\"Terje Bj\u00f8rnstad\" \/>\n<meta name=\"twitter:card\" content=\"summary_large_image\" \/>\n<meta name=\"twitter:label1\" content=\"Skrevet av\" \/>\n\t<meta name=\"twitter:data1\" content=\"Terje Bj\u00f8rnstad\" \/>\n\t<meta name=\"twitter:label2\" content=\"Ansl. lesetid\" \/>\n\t<meta name=\"twitter:data2\" content=\"5 minutter\" \/>\n<script type=\"application\/ld+json\" class=\"yoast-schema-graph\">{\"@context\":\"https:\\\/\\\/schema.org\",\"@graph\":[{\"@type\":\"Article\",\"@id\":\"https:\\\/\\\/terjebjornstad.com\\\/no\\\/2025\\\/07\\\/28\\\/cars-coffee-pa-ovrevoll\\\/#article\",\"isPartOf\":{\"@id\":\"https:\\\/\\\/terjebjornstad.com\\\/no\\\/2025\\\/07\\\/28\\\/cars-coffee-pa-ovrevoll\\\/\"},\"author\":{\"name\":\"Terje Bj\u00f8rnstad\",\"@id\":\"https:\\\/\\\/terjebjornstad.com\\\/no\\\/#\\\/schema\\\/person\\\/a281f6a6e0f3cc9fe468e7f0c655aa65\"},\"headline\":\"Cars &#038; Coffee p\u00e5 \u00d8vrevoll\",\"datePublished\":\"2025-07-28T08:03:17+00:00\",\"dateModified\":\"2026-03-18T19:24:35+00:00\",\"mainEntityOfPage\":{\"@id\":\"https:\\\/\\\/terjebjornstad.com\\\/no\\\/2025\\\/07\\\/28\\\/cars-coffee-pa-ovrevoll\\\/\"},\"wordCount\":326,\"commentCount\":0,\"publisher\":{\"@id\":\"https:\\\/\\\/terjebjornstad.com\\\/no\\\/#organization\"},\"image\":{\"@id\":\"https:\\\/\\\/terjebjornstad.com\\\/no\\\/2025\\\/07\\\/28\\\/cars-coffee-pa-ovrevoll\\\/#primaryimage\"},\"thumbnailUrl\":\"https:\\\/\\\/terjebjornstad.com\\\/no\\\/wp-content\\\/uploads\\\/2025\\\/07\\\/1966-ford-lotus-cortina-2207-1920x1440-1.jpg\",\"keywords\":[\"Cars &amp; Coffee Asker og B\u00e6rum\",\"\u00d8vrevoll galoppbane\"],\"articleSection\":[\"Artikkel\",\"Cars &amp; Coffee Asker og B\u00e6rum\"],\"inLanguage\":\"nb-NO\",\"potentialAction\":[{\"@type\":\"CommentAction\",\"name\":\"Comment\",\"target\":[\"https:\\\/\\\/terjebjornstad.com\\\/no\\\/2025\\\/07\\\/28\\\/cars-coffee-pa-ovrevoll\\\/#respond\"]}]},{\"@type\":\"WebPage\",\"@id\":\"https:\\\/\\\/terjebjornstad.com\\\/no\\\/2025\\\/07\\\/28\\\/cars-coffee-pa-ovrevoll\\\/\",\"url\":\"https:\\\/\\\/terjebjornstad.com\\\/no\\\/2025\\\/07\\\/28\\\/cars-coffee-pa-ovrevoll\\\/\",\"name\":\"Cars & Coffee p\u00e5 \u00d8vrevoll - Terjes biler\",\"isPartOf\":{\"@id\":\"https:\\\/\\\/terjebjornstad.com\\\/no\\\/#website\"},\"primaryImageOfPage\":{\"@id\":\"https:\\\/\\\/terjebjornstad.com\\\/no\\\/2025\\\/07\\\/28\\\/cars-coffee-pa-ovrevoll\\\/#primaryimage\"},\"image\":{\"@id\":\"https:\\\/\\\/terjebjornstad.com\\\/no\\\/2025\\\/07\\\/28\\\/cars-coffee-pa-ovrevoll\\\/#primaryimage\"},\"thumbnailUrl\":\"https:\\\/\\\/terjebjornstad.com\\\/no\\\/wp-content\\\/uploads\\\/2025\\\/07\\\/1966-ford-lotus-cortina-2207-1920x1440-1.jpg\",\"datePublished\":\"2025-07-28T08:03:17+00:00\",\"dateModified\":\"2026-03-18T19:24:35+00:00\",\"description\":\"Cars & Coffee Asker og B\u00e6rum er i ferd med \u00e5 komme i gang igjen etter Covid. \u00d8vrevoll Galoppbane danner en fin ramme rundt treffet.\",\"breadcrumb\":{\"@id\":\"https:\\\/\\\/terjebjornstad.com\\\/no\\\/2025\\\/07\\\/28\\\/cars-coffee-pa-ovrevoll\\\/#breadcrumb\"},\"inLanguage\":\"nb-NO\",\"potentialAction\":[{\"@type\":\"ReadAction\",\"target\":[\"https:\\\/\\\/terjebjornstad.com\\\/no\\\/2025\\\/07\\\/28\\\/cars-coffee-pa-ovrevoll\\\/\"]}]},{\"@type\":\"ImageObject\",\"inLanguage\":\"nb-NO\",\"@id\":\"https:\\\/\\\/terjebjornstad.com\\\/no\\\/2025\\\/07\\\/28\\\/cars-coffee-pa-ovrevoll\\\/#primaryimage\",\"url\":\"https:\\\/\\\/i0.wp.com\\\/terjebjornstad.com\\\/no\\\/wp-content\\\/uploads\\\/2025\\\/07\\\/1966-ford-lotus-cortina-2207-1920x1440-1.jpg?fit=1920%2C1440&ssl=1\",\"contentUrl\":\"https:\\\/\\\/i0.wp.com\\\/terjebjornstad.com\\\/no\\\/wp-content\\\/uploads\\\/2025\\\/07\\\/1966-ford-lotus-cortina-2207-1920x1440-1.jpg?fit=1920%2C1440&ssl=1\",\"width\":1920,\"height\":1440,\"caption\":\"&nbsp; Cars & Coffee p\u00e5 \u00d8vrevoll \u00d8vrevoll Galoppbane er et vakkert sted for vakre, klassiske biler. Her er et bildegalleri fra Cars & Coffee Asker og B\u00e6rum sist s\u00f8ndag. Se mer &nbsp;\"},{\"@type\":\"BreadcrumbList\",\"@id\":\"https:\\\/\\\/terjebjornstad.com\\\/no\\\/2025\\\/07\\\/28\\\/cars-coffee-pa-ovrevoll\\\/#breadcrumb\",\"itemListElement\":[{\"@type\":\"ListItem\",\"position\":1,\"name\":\"Hjem\",\"item\":\"https:\\\/\\\/terjebjornstad.com\\\/no\\\/\"},{\"@type\":\"ListItem\",\"position\":2,\"name\":\"Cars &#038; Coffee p\u00e5 \u00d8vrevoll\"}]},{\"@type\":\"WebSite\",\"@id\":\"https:\\\/\\\/terjebjornstad.com\\\/no\\\/#website\",\"url\":\"https:\\\/\\\/terjebjornstad.com\\\/no\\\/\",\"name\":\"Terjes biler\",\"description\":\"HONEST ABOUT CARS\",\"publisher\":{\"@id\":\"https:\\\/\\\/terjebjornstad.com\\\/no\\\/#organization\"},\"alternateName\":\"Terjebjornstad.com\",\"potentialAction\":[{\"@type\":\"SearchAction\",\"target\":{\"@type\":\"EntryPoint\",\"urlTemplate\":\"https:\\\/\\\/terjebjornstad.com\\\/no\\\/?s={search_term_string}\"},\"query-input\":{\"@type\":\"PropertyValueSpecification\",\"valueRequired\":true,\"valueName\":\"search_term_string\"}}],\"inLanguage\":\"nb-NO\"},{\"@type\":\"Organization\",\"@id\":\"https:\\\/\\\/terjebjornstad.com\\\/no\\\/#organization\",\"name\":\"Terje Bj\u00f8rnstad ENK\",\"url\":\"https:\\\/\\\/terjebjornstad.com\\\/no\\\/\",\"logo\":{\"@type\":\"ImageObject\",\"inLanguage\":\"nb-NO\",\"@id\":\"https:\\\/\\\/terjebjornstad.com\\\/no\\\/#\\\/schema\\\/logo\\\/image\\\/\",\"url\":\"https:\\\/\\\/i0.wp.com\\\/terjebjornstad.com\\\/no\\\/wp-content\\\/uploads\\\/2026\\\/02\\\/terjesbiler2024-960x354-1.png?fit=960%2C354&ssl=1\",\"contentUrl\":\"https:\\\/\\\/i0.wp.com\\\/terjebjornstad.com\\\/no\\\/wp-content\\\/uploads\\\/2026\\\/02\\\/terjesbiler2024-960x354-1.png?fit=960%2C354&ssl=1\",\"width\":960,\"height\":354,\"caption\":\"Terje Bj\u00f8rnstad ENK\"},\"image\":{\"@id\":\"https:\\\/\\\/terjebjornstad.com\\\/no\\\/#\\\/schema\\\/logo\\\/image\\\/\"},\"sameAs\":[\"https:\\\/\\\/www.facebook.com\\\/terjesbiler\\\/\",\"https:\\\/\\\/www.instagram.com\\\/terjesbiler\\\/\",\"https:\\\/\\\/www.pinteres.com\\\/terjebjrnstad\\\/terjes-biler\\\/\"]},{\"@type\":\"Person\",\"@id\":\"https:\\\/\\\/terjebjornstad.com\\\/no\\\/#\\\/schema\\\/person\\\/a281f6a6e0f3cc9fe468e7f0c655aa65\",\"name\":\"Terje Bj\u00f8rnstad\",\"image\":{\"@type\":\"ImageObject\",\"inLanguage\":\"nb-NO\",\"@id\":\"https:\\\/\\\/secure.gravatar.com\\\/avatar\\\/e8dff505b51cf6cb67ae06a06022d2049aac2da1e79dc146a36b58798c4b40ea?s=96&d=mm&r=g\",\"url\":\"https:\\\/\\\/secure.gravatar.com\\\/avatar\\\/e8dff505b51cf6cb67ae06a06022d2049aac2da1e79dc146a36b58798c4b40ea?s=96&d=mm&r=g\",\"contentUrl\":\"https:\\\/\\\/secure.gravatar.com\\\/avatar\\\/e8dff505b51cf6cb67ae06a06022d2049aac2da1e79dc146a36b58798c4b40ea?s=96&d=mm&r=g\",\"caption\":\"Terje Bj\u00f8rnstad\"},\"description\":\"Terje Bj\u00f8rnstad. Bloggadministrator, hobbyfotograf og bilnerd.\",\"sameAs\":[\"https:\\\/\\\/www.facebook.com\\\/terjesbiler\",\"https:\\\/\\\/www.instagram.com\\\/terjesbiler\",\"https:\\\/\\\/no.pinterest.com\\\/terjebjrnstad\",\"https:\\\/\\\/www.youtube.com\\\/channel\\\/UCzCKJJDybyIgKqatc_JQqIg\"]}]}<\/script>\n<!-- \/ Yoast SEO plugin. -->","yoast_head_json":{"title":"Cars & Coffee p\u00e5 \u00d8vrevoll - Terjes biler","description":"Cars & Coffee Asker og B\u00e6rum er i ferd med \u00e5 komme i gang igjen etter Covid. \u00d8vrevoll Galoppbane danner en fin ramme rundt treffet.","robots":{"index":"index","follow":"follow","max-snippet":"max-snippet:-1","max-image-preview":"max-image-preview:large","max-video-preview":"max-video-preview:-1"},"canonical":"https:\/\/terjebjornstad.com\/no\/2025\/07\/28\/cars-coffee-pa-ovrevoll\/","og_locale":"nb_NO","og_type":"article","og_title":"Cars & Coffee p\u00e5 \u00d8vrevoll - Terjes biler","og_description":"Cars & Coffee Asker og B\u00e6rum er i ferd med \u00e5 komme i gang igjen etter Covid. \u00d8vrevoll Galoppbane danner en fin ramme rundt treffet.","og_url":"https:\/\/terjebjornstad.com\/no\/2025\/07\/28\/cars-coffee-pa-ovrevoll\/","og_site_name":"Terjes biler","article_publisher":"https:\/\/www.facebook.com\/terjesbiler\/","article_author":"https:\/\/www.facebook.com\/terjesbiler","article_published_time":"2025-07-28T08:03:17+00:00","article_modified_time":"2026-03-18T19:24:35+00:00","og_image":[{"url":"https:\/\/terjebjornstad.com\/no\/wp-content\/uploads\/2025\/07\/1966-ford-lotus-cortina-2207-1920x1440-1.jpg","type":"","width":"","height":""}],"author":"Terje Bj\u00f8rnstad","twitter_card":"summary_large_image","twitter_misc":{"Skrevet av":"Terje Bj\u00f8rnstad","Ansl. lesetid":"5 minutter"},"schema":{"@context":"https:\/\/schema.org","@graph":[{"@type":"Article","@id":"https:\/\/terjebjornstad.com\/no\/2025\/07\/28\/cars-coffee-pa-ovrevoll\/#article","isPartOf":{"@id":"https:\/\/terjebjornstad.com\/no\/2025\/07\/28\/cars-coffee-pa-ovrevoll\/"},"author":{"name":"Terje Bj\u00f8rnstad","@id":"https:\/\/terjebjornstad.com\/no\/#\/schema\/person\/a281f6a6e0f3cc9fe468e7f0c655aa65"},"headline":"Cars &#038; Coffee p\u00e5 \u00d8vrevoll","datePublished":"2025-07-28T08:03:17+00:00","dateModified":"2026-03-18T19:24:35+00:00","mainEntityOfPage":{"@id":"https:\/\/terjebjornstad.com\/no\/2025\/07\/28\/cars-coffee-pa-ovrevoll\/"},"wordCount":326,"commentCount":0,"publisher":{"@id":"https:\/\/terjebjornstad.com\/no\/#organization"},"image":{"@id":"https:\/\/terjebjornstad.com\/no\/2025\/07\/28\/cars-coffee-pa-ovrevoll\/#primaryimage"},"thumbnailUrl":"https:\/\/terjebjornstad.com\/no\/wp-content\/uploads\/2025\/07\/1966-ford-lotus-cortina-2207-1920x1440-1.jpg","keywords":["Cars &amp; Coffee Asker og B\u00e6rum","\u00d8vrevoll galoppbane"],"articleSection":["Artikkel","Cars &amp; Coffee Asker og B\u00e6rum"],"inLanguage":"nb-NO","potentialAction":[{"@type":"CommentAction","name":"Comment","target":["https:\/\/terjebjornstad.com\/no\/2025\/07\/28\/cars-coffee-pa-ovrevoll\/#respond"]}]},{"@type":"WebPage","@id":"https:\/\/terjebjornstad.com\/no\/2025\/07\/28\/cars-coffee-pa-ovrevoll\/","url":"https:\/\/terjebjornstad.com\/no\/2025\/07\/28\/cars-coffee-pa-ovrevoll\/","name":"Cars & Coffee p\u00e5 \u00d8vrevoll - Terjes biler","isPartOf":{"@id":"https:\/\/terjebjornstad.com\/no\/#website"},"primaryImageOfPage":{"@id":"https:\/\/terjebjornstad.com\/no\/2025\/07\/28\/cars-coffee-pa-ovrevoll\/#primaryimage"},"image":{"@id":"https:\/\/terjebjornstad.com\/no\/2025\/07\/28\/cars-coffee-pa-ovrevoll\/#primaryimage"},"thumbnailUrl":"https:\/\/terjebjornstad.com\/no\/wp-content\/uploads\/2025\/07\/1966-ford-lotus-cortina-2207-1920x1440-1.jpg","datePublished":"2025-07-28T08:03:17+00:00","dateModified":"2026-03-18T19:24:35+00:00","description":"Cars & Coffee Asker og B\u00e6rum er i ferd med \u00e5 komme i gang igjen etter Covid. \u00d8vrevoll Galoppbane danner en fin ramme rundt treffet.","breadcrumb":{"@id":"https:\/\/terjebjornstad.com\/no\/2025\/07\/28\/cars-coffee-pa-ovrevoll\/#breadcrumb"},"inLanguage":"nb-NO","potentialAction":[{"@type":"ReadAction","target":["https:\/\/terjebjornstad.com\/no\/2025\/07\/28\/cars-coffee-pa-ovrevoll\/"]}]},{"@type":"ImageObject","inLanguage":"nb-NO","@id":"https:\/\/terjebjornstad.com\/no\/2025\/07\/28\/cars-coffee-pa-ovrevoll\/#primaryimage","url":"https:\/\/i0.wp.com\/terjebjornstad.com\/no\/wp-content\/uploads\/2025\/07\/1966-ford-lotus-cortina-2207-1920x1440-1.jpg?fit=1920%2C1440&ssl=1","contentUrl":"https:\/\/i0.wp.com\/terjebjornstad.com\/no\/wp-content\/uploads\/2025\/07\/1966-ford-lotus-cortina-2207-1920x1440-1.jpg?fit=1920%2C1440&ssl=1","width":1920,"height":1440,"caption":"&nbsp; Cars & Coffee p\u00e5 \u00d8vrevoll \u00d8vrevoll Galoppbane er et vakkert sted for vakre, klassiske biler. Her er et bildegalleri fra Cars & Coffee Asker og B\u00e6rum sist s\u00f8ndag. Se mer &nbsp;"},{"@type":"BreadcrumbList","@id":"https:\/\/terjebjornstad.com\/no\/2025\/07\/28\/cars-coffee-pa-ovrevoll\/#breadcrumb","itemListElement":[{"@type":"ListItem","position":1,"name":"Hjem","item":"https:\/\/terjebjornstad.com\/no\/"},{"@type":"ListItem","position":2,"name":"Cars &#038; Coffee p\u00e5 \u00d8vrevoll"}]},{"@type":"WebSite","@id":"https:\/\/terjebjornstad.com\/no\/#website","url":"https:\/\/terjebjornstad.com\/no\/","name":"Terjes biler","description":"HONEST ABOUT CARS","publisher":{"@id":"https:\/\/terjebjornstad.com\/no\/#organization"},"alternateName":"Terjebjornstad.com","potentialAction":[{"@type":"SearchAction","target":{"@type":"EntryPoint","urlTemplate":"https:\/\/terjebjornstad.com\/no\/?s={search_term_string}"},"query-input":{"@type":"PropertyValueSpecification","valueRequired":true,"valueName":"search_term_string"}}],"inLanguage":"nb-NO"},{"@type":"Organization","@id":"https:\/\/terjebjornstad.com\/no\/#organization","name":"Terje Bj\u00f8rnstad ENK","url":"https:\/\/terjebjornstad.com\/no\/","logo":{"@type":"ImageObject","inLanguage":"nb-NO","@id":"https:\/\/terjebjornstad.com\/no\/#\/schema\/logo\/image\/","url":"https:\/\/i0.wp.com\/terjebjornstad.com\/no\/wp-content\/uploads\/2026\/02\/terjesbiler2024-960x354-1.png?fit=960%2C354&ssl=1","contentUrl":"https:\/\/i0.wp.com\/terjebjornstad.com\/no\/wp-content\/uploads\/2026\/02\/terjesbiler2024-960x354-1.png?fit=960%2C354&ssl=1","width":960,"height":354,"caption":"Terje Bj\u00f8rnstad ENK"},"image":{"@id":"https:\/\/terjebjornstad.com\/no\/#\/schema\/logo\/image\/"},"sameAs":["https:\/\/www.facebook.com\/terjesbiler\/","https:\/\/www.instagram.com\/terjesbiler\/","https:\/\/www.pinteres.com\/terjebjrnstad\/terjes-biler\/"]},{"@type":"Person","@id":"https:\/\/terjebjornstad.com\/no\/#\/schema\/person\/a281f6a6e0f3cc9fe468e7f0c655aa65","name":"Terje Bj\u00f8rnstad","image":{"@type":"ImageObject","inLanguage":"nb-NO","@id":"https:\/\/secure.gravatar.com\/avatar\/e8dff505b51cf6cb67ae06a06022d2049aac2da1e79dc146a36b58798c4b40ea?s=96&d=mm&r=g","url":"https:\/\/secure.gravatar.com\/avatar\/e8dff505b51cf6cb67ae06a06022d2049aac2da1e79dc146a36b58798c4b40ea?s=96&d=mm&r=g","contentUrl":"https:\/\/secure.gravatar.com\/avatar\/e8dff505b51cf6cb67ae06a06022d2049aac2da1e79dc146a36b58798c4b40ea?s=96&d=mm&r=g","caption":"Terje Bj\u00f8rnstad"},"description":"Terje Bj\u00f8rnstad. Bloggadministrator, hobbyfotograf og bilnerd.","sameAs":["https:\/\/www.facebook.com\/terjesbiler","https:\/\/www.instagram.com\/terjesbiler","https:\/\/no.pinterest.com\/terjebjrnstad","https:\/\/www.youtube.com\/channel\/UCzCKJJDybyIgKqatc_JQqIg"]}]}},"jetpack_publicize_connections":[],"jetpack_featured_media_url":"","jetpack_sharing_enabled":true,"jetpack_shortlink":"https:\/\/wp.me\/p48zYA-lFB","jetpack-related-posts":[{"id":19625,"url":"https:\/\/terjebjornstad.com\/no\/2018\/10\/04\/cars-and-coffee-ovrevoll-galopp-2\/","url_meta":{"origin":83303,"position":0},"title":"Cars and Coffee, \u00d8vrevoll Galopp","author":"Terje Bj\u00f8rnstad","date":"04\/10\/2018","format":false,"excerpt":"Det var siste dag i september og stort oppm\u00f8te av flotte biler i anledning Cars and coffee p\u00e5 \u00d8vrevoll galopp. Det fine h\u00f8stv\u00e6ret gjorde at noen ankom i \u00e5pne biler. Jeg tok en del bilder, som vanlig. Hovedbildet er en helt ny modell fra Ferrari - GTC4. Nysgjerring p\u00e5 hva\u2026","rel":"","context":"i &quot;Artikkel&quot;","block_context":{"text":"Artikkel","link":"https:\/\/terjebjornstad.com\/no\/category\/artikkel\/"},"img":{"alt_text":"","src":"https:\/\/i0.wp.com\/terjebjornstad.com\/no\/wp-content\/uploads\/2018\/10\/ferrari-gtc4-lusso-1080x720.png?fit=1080%2C720&ssl=1&resize=350%2C200","width":350,"height":200,"srcset":"https:\/\/i0.wp.com\/terjebjornstad.com\/no\/wp-content\/uploads\/2018\/10\/ferrari-gtc4-lusso-1080x720.png?fit=1080%2C720&ssl=1&resize=350%2C200 1x, https:\/\/i0.wp.com\/terjebjornstad.com\/no\/wp-content\/uploads\/2018\/10\/ferrari-gtc4-lusso-1080x720.png?fit=1080%2C720&ssl=1&resize=525%2C300 1.5x, https:\/\/i0.wp.com\/terjebjornstad.com\/no\/wp-content\/uploads\/2018\/10\/ferrari-gtc4-lusso-1080x720.png?fit=1080%2C720&ssl=1&resize=700%2C400 2x, https:\/\/i0.wp.com\/terjebjornstad.com\/no\/wp-content\/uploads\/2018\/10\/ferrari-gtc4-lusso-1080x720.png?fit=1080%2C720&ssl=1&resize=1050%2C600 3x"},"classes":[]},{"id":25536,"url":"https:\/\/terjebjornstad.com\/no\/2019\/08\/20\/cars-and-coffee-ovrevoll-galopp-3\/","url_meta":{"origin":83303,"position":1},"title":"Cars and Coffee, \u00d8vrevoll Galopp","author":"Terje Bj\u00f8rnstad","date":"20\/08\/2019","format":false,"excerpt":"Cars and Coffee er et biltreff for alle bilkategorier - og ditto eiere. Sist s\u00f8ndag arrangerte Cars and Coffee Asker og B\u00e6rum treff p\u00e5 \u00d8vrevoll Galopp utenfor Oslo. I l\u00f8pet av et par timer dukket det opp kj\u00f8ret\u00f8y fra 1912 til 2019. Jeg ankom sammen med en gjeng med str\u00f8kne\u2026","rel":"","context":"i &quot;Artikkel&quot;","block_context":{"text":"Artikkel","link":"https:\/\/terjebjornstad.com\/no\/category\/artikkel\/"},"img":{"alt_text":"","src":"https:\/\/i0.wp.com\/terjebjornstad.com\/no\/wp-content\/uploads\/2019\/08\/ovrevoll-18-7-1-1080x720.png?fit=1080%2C720&ssl=1&resize=350%2C200","width":350,"height":200,"srcset":"https:\/\/i0.wp.com\/terjebjornstad.com\/no\/wp-content\/uploads\/2019\/08\/ovrevoll-18-7-1-1080x720.png?fit=1080%2C720&ssl=1&resize=350%2C200 1x, https:\/\/i0.wp.com\/terjebjornstad.com\/no\/wp-content\/uploads\/2019\/08\/ovrevoll-18-7-1-1080x720.png?fit=1080%2C720&ssl=1&resize=525%2C300 1.5x, https:\/\/i0.wp.com\/terjebjornstad.com\/no\/wp-content\/uploads\/2019\/08\/ovrevoll-18-7-1-1080x720.png?fit=1080%2C720&ssl=1&resize=700%2C400 2x, https:\/\/i0.wp.com\/terjebjornstad.com\/no\/wp-content\/uploads\/2019\/08\/ovrevoll-18-7-1-1080x720.png?fit=1080%2C720&ssl=1&resize=1050%2C600 3x"},"classes":[]},{"id":15572,"url":"https:\/\/terjebjornstad.com\/no\/2018\/04\/30\/varslepp-pa-ovrevoll\/","url_meta":{"origin":83303,"position":2},"title":"V\u00e5rslepp p\u00e5 \u00d8vrevoll","author":"Terje Bj\u00f8rnstad","date":"30\/04\/2018","format":false,"excerpt":"- Gamle biler svetter ikke. De markerer reviret sitt. Sitatet over er overh\u00f8rt fra Cars and Coffee p\u00e5 \u00d8vrevoll p\u00e5 s\u00f8ndag. Det var mange flotte biler \u00e5 se. Mange som kan glede seg til sommer i flotte sportsbiler, stasbiler, hobbybiler eller bruksbiler. Jeg var innom og tok, som vanlig, noen\u2026","rel":"","context":"i &quot;Artikkel&quot;","block_context":{"text":"Artikkel","link":"https:\/\/terjebjornstad.com\/no\/category\/artikkel\/"},"img":{"alt_text":"","src":"https:\/\/i0.wp.com\/terjebjornstad.com\/no\/wp-content\/uploads\/2018\/04\/porsche-ovrevoll-686.png?fit=686%2C457&ssl=1&resize=350%2C200","width":350,"height":200,"srcset":"https:\/\/i0.wp.com\/terjebjornstad.com\/no\/wp-content\/uploads\/2018\/04\/porsche-ovrevoll-686.png?fit=686%2C457&ssl=1&resize=350%2C200 1x, https:\/\/i0.wp.com\/terjebjornstad.com\/no\/wp-content\/uploads\/2018\/04\/porsche-ovrevoll-686.png?fit=686%2C457&ssl=1&resize=525%2C300 1.5x"},"classes":[]},{"id":19048,"url":"https:\/\/terjebjornstad.com\/no\/2018\/09\/03\/cars-and-coffee-ovrevoll-galopp\/","url_meta":{"origin":83303,"position":3},"title":"Cars and coffee, \u00d8vrevoll galopp","author":"Terje Bj\u00f8rnstad","date":"03\/09\/2018","format":false,"excerpt":"I helgen bes\u00f8kte jeg to biltreff - \"Bilens dag p\u00e5 Romerike\" og \"Cars and coffe p\u00e5 \u00d8vrevoll galopp\", - eller \"Cars, bikes and coffee\" som det heter n\u00e5. Bobler og I-Pace Tett parkerte biler i skarp kveldssol og lange skygger gjorde det vanskelig \u00e5 ta fine bilder. Denne gang ble\u2026","rel":"","context":"i &quot;Artikkel&quot;","block_context":{"text":"Artikkel","link":"https:\/\/terjebjornstad.com\/no\/category\/artikkel\/"},"img":{"alt_text":"","src":"https:\/\/i0.wp.com\/terjebjornstad.com\/no\/wp-content\/uploads\/2018\/09\/Z-1967-vw-1300-1-1080x1080.png?fit=1080%2C1080&ssl=1&resize=350%2C200","width":350,"height":200,"srcset":"https:\/\/i0.wp.com\/terjebjornstad.com\/no\/wp-content\/uploads\/2018\/09\/Z-1967-vw-1300-1-1080x1080.png?fit=1080%2C1080&ssl=1&resize=350%2C200 1x, https:\/\/i0.wp.com\/terjebjornstad.com\/no\/wp-content\/uploads\/2018\/09\/Z-1967-vw-1300-1-1080x1080.png?fit=1080%2C1080&ssl=1&resize=525%2C300 1.5x, https:\/\/i0.wp.com\/terjebjornstad.com\/no\/wp-content\/uploads\/2018\/09\/Z-1967-vw-1300-1-1080x1080.png?fit=1080%2C1080&ssl=1&resize=700%2C400 2x, https:\/\/i0.wp.com\/terjebjornstad.com\/no\/wp-content\/uploads\/2018\/09\/Z-1967-vw-1300-1-1080x1080.png?fit=1080%2C1080&ssl=1&resize=1050%2C600 3x"},"classes":[]},{"id":17794,"url":"https:\/\/terjebjornstad.com\/no\/2018\/07\/10\/cars-and-coffe-ovrevoll-galopp\/","url_meta":{"origin":83303,"position":4},"title":"Cars and coffe, \u00d8vrevoll galopp","author":"Terje Bj\u00f8rnstad","date":"10\/07\/2018","format":false,"excerpt":"\u00d8vrevoll, S\u00f8ndag 8. juli 2018 Variomatic p\u00e5 tur P\u00e5 vei oppover Vollsveien fra Lysaker havnet jeg bak en tundragr\u00f8nn DAF 66. Gjennom \u00e5pent soltak kunne jeg h\u00f8re den karakteristiske hviningen i Variomatic'en. DAF hadde nemlig automatgir som standard. Verdens f\u00f8rste CVT-gir. Men i motsetning til dagens st\u00e5lbelter, hadde DAF et\u2026","rel":"","context":"i &quot;Artikkel&quot;","block_context":{"text":"Artikkel","link":"https:\/\/terjebjornstad.com\/no\/category\/artikkel\/"},"img":{"alt_text":"Volvo 544 PV og DAF Marathon","src":"https:\/\/i0.wp.com\/terjebjornstad.com\/no\/wp-content\/uploads\/2018\/07\/ovrevoll-1-0807-1080x720.png?fit=1080%2C720&ssl=1&resize=350%2C200","width":350,"height":200,"srcset":"https:\/\/i0.wp.com\/terjebjornstad.com\/no\/wp-content\/uploads\/2018\/07\/ovrevoll-1-0807-1080x720.png?fit=1080%2C720&ssl=1&resize=350%2C200 1x, https:\/\/i0.wp.com\/terjebjornstad.com\/no\/wp-content\/uploads\/2018\/07\/ovrevoll-1-0807-1080x720.png?fit=1080%2C720&ssl=1&resize=525%2C300 1.5x, https:\/\/i0.wp.com\/terjebjornstad.com\/no\/wp-content\/uploads\/2018\/07\/ovrevoll-1-0807-1080x720.png?fit=1080%2C720&ssl=1&resize=700%2C400 2x, https:\/\/i0.wp.com\/terjebjornstad.com\/no\/wp-content\/uploads\/2018\/07\/ovrevoll-1-0807-1080x720.png?fit=1080%2C720&ssl=1&resize=1050%2C600 3x"},"classes":[]},{"id":7723,"url":"https:\/\/terjebjornstad.com\/no\/2016\/10\/11\/cars-coffee-rariteter-pa-ovrevoll\/","url_meta":{"origin":83303,"position":5},"title":"Cars, Coffee &#038; rariteter p\u00e5 \u00d8vrevoll","author":"Terje Bj\u00f8rnstad","date":"11\/10\/2016","format":false,"excerpt":"Ikke langt mellom raritetene p\u00e5 Cars & Coffee. Cars & Coffee er et uformelt arrangement hvor man kan komme innom med bilen sin, ta en kopp kaffe p\u00e5 Sherryhaugen, kikke p\u00e5 andre biler og dra videre. Selv hadde jeg parkert \"Bulkisen\" p\u00e5 utsiden og tok med meg kameraet for \u00e5\u2026","rel":"","context":"i &quot;Artikkel&quot;","block_context":{"text":"Artikkel","link":"https:\/\/terjebjornstad.com\/no\/category\/artikkel\/"},"img":{"alt_text":"","src":"https:\/\/i0.wp.com\/terjebjornstad.com\/no\/wp-content\/uploads\/2016\/10\/1983-delorean-3.png?fit=686%2C457&ssl=1&resize=350%2C200","width":350,"height":200,"srcset":"https:\/\/i0.wp.com\/terjebjornstad.com\/no\/wp-content\/uploads\/2016\/10\/1983-delorean-3.png?fit=686%2C457&ssl=1&resize=350%2C200 1x, https:\/\/i0.wp.com\/terjebjornstad.com\/no\/wp-content\/uploads\/2016\/10\/1983-delorean-3.png?fit=686%2C457&ssl=1&resize=525%2C300 1.5x"},"classes":[]}],"gt_translate_keys":[{"key":"link","format":"url"}],"_links":{"self":[{"href":"https:\/\/terjebjornstad.com\/no\/wp-json\/wp\/v2\/posts\/83303","targetHints":{"allow":["GET"]}}],"collection":[{"href":"https:\/\/terjebjornstad.com\/no\/wp-json\/wp\/v2\/posts"}],"about":[{"href":"https:\/\/terjebjornstad.com\/no\/wp-json\/wp\/v2\/types\/post"}],"author":[{"embeddable":true,"href":"https:\/\/terjebjornstad.com\/no\/wp-json\/wp\/v2\/users\/1"}],"replies":[{"embeddable":true,"href":"https:\/\/terjebjornstad.com\/no\/wp-json\/wp\/v2\/comments?post=83303"}],"version-history":[{"count":13,"href":"https:\/\/terjebjornstad.com\/no\/wp-json\/wp\/v2\/posts\/83303\/revisions"}],"predecessor-version":[{"id":83318,"href":"https:\/\/terjebjornstad.com\/no\/wp-json\/wp\/v2\/posts\/83303\/revisions\/83318"}],"wp:attachment":[{"href":"https:\/\/terjebjornstad.com\/no\/wp-json\/wp\/v2\/media?parent=83303"}],"wp:term":[{"taxonomy":"category","embeddable":true,"href":"https:\/\/terjebjornstad.com\/no\/wp-json\/wp\/v2\/categories?post=83303"},{"taxonomy":"post_tag","embeddable":true,"href":"https:\/\/terjebjornstad.com\/no\/wp-json\/wp\/v2\/tags?post=83303"}],"curies":[{"name":"wp","href":"https:\/\/api.w.org\/{rel}","templated":true}]}}