{"id":81049,"date":"2025-06-08T01:07:47","date_gmt":"2025-06-08T00:07:47","guid":{"rendered":"https:\/\/terjebjornstad.com\/no\/?p=81049"},"modified":"2026-03-18T20:27:00","modified_gmt":"2026-03-18T19:27:00","slug":"classic-weekend-hos-bertel-o-steen","status":"publish","type":"post","link":"https:\/\/terjebjornstad.com\/no\/2025\/06\/08\/classic-weekend-hos-bertel-o-steen\/","title":{"rendered":"Classic Weekend hos Bertel O. Steen","gt_translate_keys":[{"key":"rendered","format":"text"}]},"content":{"rendered":"<div class=\"copy_teb\"><figure id=\"attachment_81033\" aria-describedby=\"caption-attachment-81033\" style=\"width: 1920px\" class=\"wp-caption aligncenter\"><a href=\"https:\/\/i0.wp.com\/terjebjornstad.com\/no\/wp-content\/uploads\/2025\/06\/amg-gt-black-series-1920x1280-1.jpg?ssl=1\"><img data-recalc-dims=\"1\" loading=\"lazy\" decoding=\"async\" data-attachment-id=\"81033\" data-permalink=\"https:\/\/terjebjornstad.com\/no\/2025\/06\/08\/classic-weekend-hos-bertel-o-steen\/amg-gt-black-series-1920x1280\/\" data-orig-file=\"https:\/\/i0.wp.com\/terjebjornstad.com\/no\/wp-content\/uploads\/2025\/06\/amg-gt-black-series-1920x1280-1.jpg?fit=1920%2C1280&amp;ssl=1\" data-orig-size=\"1920,1280\" data-comments-opened=\"1\" data-image-meta=\"{&quot;aperture&quot;:&quot;0&quot;,&quot;credit&quot;:&quot;&quot;,&quot;camera&quot;:&quot;&quot;,&quot;caption&quot;:&quot;&quot;,&quot;created_timestamp&quot;:&quot;0&quot;,&quot;copyright&quot;:&quot;&quot;,&quot;focal_length&quot;:&quot;0&quot;,&quot;iso&quot;:&quot;0&quot;,&quot;shutter_speed&quot;:&quot;0&quot;,&quot;title&quot;:&quot;&quot;,&quot;orientation&quot;:&quot;0&quot;}\" data-image-title=\"amg-gt-black-series-1920&amp;#215;1280\" data-image-description=\"\" data-image-caption=\"&lt;p&gt;Classic weekend hos Bertel O Steen.&lt;\/p&gt;\n\" data-large-file=\"https:\/\/i0.wp.com\/terjebjornstad.com\/no\/wp-content\/uploads\/2025\/06\/amg-gt-black-series-1920x1280-1.jpg?fit=980%2C653&amp;ssl=1\" src=\"https:\/\/i0.wp.com\/terjebjornstad.com\/no\/wp-content\/uploads\/2025\/06\/amg-gt-black-series-1920x1280-1.jpg?resize=980%2C653&#038;ssl=1\" alt=\"classic weekend\" width=\"980\" height=\"653\" class=\"size-full wp-image-81033\" srcset=\"https:\/\/i0.wp.com\/terjebjornstad.com\/no\/wp-content\/uploads\/2025\/06\/amg-gt-black-series-1920x1280-1.jpg?w=1920&amp;ssl=1 1920w, https:\/\/i0.wp.com\/terjebjornstad.com\/no\/wp-content\/uploads\/2025\/06\/amg-gt-black-series-1920x1280-1.jpg?resize=300%2C200&amp;ssl=1 300w, https:\/\/i0.wp.com\/terjebjornstad.com\/no\/wp-content\/uploads\/2025\/06\/amg-gt-black-series-1920x1280-1.jpg?resize=1080%2C720&amp;ssl=1 1080w, https:\/\/i0.wp.com\/terjebjornstad.com\/no\/wp-content\/uploads\/2025\/06\/amg-gt-black-series-1920x1280-1.jpg?resize=768%2C512&amp;ssl=1 768w, https:\/\/i0.wp.com\/terjebjornstad.com\/no\/wp-content\/uploads\/2025\/06\/amg-gt-black-series-1920x1280-1.jpg?resize=1536%2C1024&amp;ssl=1 1536w, https:\/\/i0.wp.com\/terjebjornstad.com\/no\/wp-content\/uploads\/2025\/06\/amg-gt-black-series-1920x1280-1.jpg?resize=690%2C460&amp;ssl=1 690w, https:\/\/i0.wp.com\/terjebjornstad.com\/no\/wp-content\/uploads\/2025\/06\/amg-gt-black-series-1920x1280-1.jpg?resize=980%2C653&amp;ssl=1 980w\" sizes=\"auto, (max-width: 980px) 100vw, 980px\" \/><\/a><figcaption id=\"caption-attachment-81033\" class=\"wp-caption-text\">AMG GT Black Series<\/figcaption><\/figure><\/p>\n<blockquote><p>Det var et stjernespekket utvalg av biler som var samlet hos Bertel O. Steens hovedkvarter p\u00e5 L\u00f8renskog i anledning Classic Weekend. Flere av bilene er b\u00e5de sjeldne og s\u00e6rdeles kostbare.<\/p><\/blockquote>\n\n<h3 class=\"tebh2\">Das Beste oder nichts<\/h3>\n<p>Steller du pent med en Mercedes-Benz i 30 \u00e5r, vil den sannsynligvis bli en klassiker. Det handler ikke bare om at bilene er attraktive, men ogs\u00e5 at de holder usedvanlig god kvalitet. Det beviste flere av de private bileierne som kom innom med sine egne klassikere. <\/p>\n<h3 class=\"tebh2ingreslbcenter\">Bilder<\/h3>\n<figure id=\"attachment_81039\" aria-describedby=\"caption-attachment-81039\" style=\"width: 1920px\" class=\"wp-caption aligncenter\"><a href=\"https:\/\/i0.wp.com\/terjebjornstad.com\/no\/wp-content\/uploads\/2025\/06\/mercedes-benz-sls-amg-1920x1280-1.jpg?ssl=1\"><img data-recalc-dims=\"1\" loading=\"lazy\" decoding=\"async\" data-attachment-id=\"81039\" data-permalink=\"https:\/\/terjebjornstad.com\/no\/2025\/06\/08\/classic-weekend-hos-bertel-o-steen\/mercedes-benz-sls-amg-1920x1280\/\" data-orig-file=\"https:\/\/i0.wp.com\/terjebjornstad.com\/no\/wp-content\/uploads\/2025\/06\/mercedes-benz-sls-amg-1920x1280-1.jpg?fit=1920%2C1280&amp;ssl=1\" data-orig-size=\"1920,1280\" data-comments-opened=\"1\" data-image-meta=\"{&quot;aperture&quot;:&quot;0&quot;,&quot;credit&quot;:&quot;&quot;,&quot;camera&quot;:&quot;&quot;,&quot;caption&quot;:&quot;&quot;,&quot;created_timestamp&quot;:&quot;0&quot;,&quot;copyright&quot;:&quot;&quot;,&quot;focal_length&quot;:&quot;0&quot;,&quot;iso&quot;:&quot;0&quot;,&quot;shutter_speed&quot;:&quot;0&quot;,&quot;title&quot;:&quot;&quot;,&quot;orientation&quot;:&quot;0&quot;}\" data-image-title=\"mercedes-benz-sls-amg-1920&amp;#215;1280\" data-image-description=\"\" data-image-caption=\"&lt;p&gt;Mercedes-Benz SLS AMG&lt;\/p&gt;\n\" data-large-file=\"https:\/\/i0.wp.com\/terjebjornstad.com\/no\/wp-content\/uploads\/2025\/06\/mercedes-benz-sls-amg-1920x1280-1.jpg?fit=980%2C653&amp;ssl=1\" src=\"https:\/\/i0.wp.com\/terjebjornstad.com\/no\/wp-content\/uploads\/2025\/06\/mercedes-benz-sls-amg-1920x1280-1.jpg?resize=980%2C653&#038;ssl=1\" alt=\"classic weekend\" width=\"980\" height=\"653\" class=\"size-full wp-image-81039\" srcset=\"https:\/\/i0.wp.com\/terjebjornstad.com\/no\/wp-content\/uploads\/2025\/06\/mercedes-benz-sls-amg-1920x1280-1.jpg?w=1920&amp;ssl=1 1920w, https:\/\/i0.wp.com\/terjebjornstad.com\/no\/wp-content\/uploads\/2025\/06\/mercedes-benz-sls-amg-1920x1280-1.jpg?resize=300%2C200&amp;ssl=1 300w, https:\/\/i0.wp.com\/terjebjornstad.com\/no\/wp-content\/uploads\/2025\/06\/mercedes-benz-sls-amg-1920x1280-1.jpg?resize=1080%2C720&amp;ssl=1 1080w, https:\/\/i0.wp.com\/terjebjornstad.com\/no\/wp-content\/uploads\/2025\/06\/mercedes-benz-sls-amg-1920x1280-1.jpg?resize=768%2C512&amp;ssl=1 768w, https:\/\/i0.wp.com\/terjebjornstad.com\/no\/wp-content\/uploads\/2025\/06\/mercedes-benz-sls-amg-1920x1280-1.jpg?resize=1536%2C1024&amp;ssl=1 1536w, https:\/\/i0.wp.com\/terjebjornstad.com\/no\/wp-content\/uploads\/2025\/06\/mercedes-benz-sls-amg-1920x1280-1.jpg?resize=690%2C460&amp;ssl=1 690w, https:\/\/i0.wp.com\/terjebjornstad.com\/no\/wp-content\/uploads\/2025\/06\/mercedes-benz-sls-amg-1920x1280-1.jpg?resize=980%2C653&amp;ssl=1 980w\" sizes=\"auto, (max-width: 980px) 100vw, 980px\" \/><\/a><figcaption id=\"caption-attachment-81039\" class=\"wp-caption-text\">Mercedes-Benz SLS AMG<\/figcaption><\/figure>\n<p><figure id=\"attachment_81040\" aria-describedby=\"caption-attachment-81040\" style=\"width: 1920px\" class=\"wp-caption aligncenter\"><a href=\"https:\/\/i0.wp.com\/terjebjornstad.com\/no\/wp-content\/uploads\/2025\/06\/mercedes-benz-sls-black-series-wing-1920x1440-1.jpg?ssl=1\"><img data-recalc-dims=\"1\" loading=\"lazy\" decoding=\"async\" data-attachment-id=\"81040\" data-permalink=\"https:\/\/terjebjornstad.com\/no\/2025\/06\/08\/classic-weekend-hos-bertel-o-steen\/mercedes-benz-sls-black-series-wing-1920x1440\/\" data-orig-file=\"https:\/\/i0.wp.com\/terjebjornstad.com\/no\/wp-content\/uploads\/2025\/06\/mercedes-benz-sls-black-series-wing-1920x1440-1.jpg?fit=1920%2C1440&amp;ssl=1\" data-orig-size=\"1920,1440\" data-comments-opened=\"1\" data-image-meta=\"{&quot;aperture&quot;:&quot;0&quot;,&quot;credit&quot;:&quot;&quot;,&quot;camera&quot;:&quot;&quot;,&quot;caption&quot;:&quot;&quot;,&quot;created_timestamp&quot;:&quot;0&quot;,&quot;copyright&quot;:&quot;&quot;,&quot;focal_length&quot;:&quot;0&quot;,&quot;iso&quot;:&quot;0&quot;,&quot;shutter_speed&quot;:&quot;0&quot;,&quot;title&quot;:&quot;&quot;,&quot;orientation&quot;:&quot;0&quot;}\" data-image-title=\"mercedes-benz-sls-black-series-wing-1920&amp;#215;1440\" data-image-description=\"\" data-image-caption=\"&lt;p&gt;SLS AMG Black Series&lt;\/p&gt;\n\" data-large-file=\"https:\/\/i0.wp.com\/terjebjornstad.com\/no\/wp-content\/uploads\/2025\/06\/mercedes-benz-sls-black-series-wing-1920x1440-1.jpg?fit=980%2C735&amp;ssl=1\" src=\"https:\/\/i0.wp.com\/terjebjornstad.com\/no\/wp-content\/uploads\/2025\/06\/mercedes-benz-sls-black-series-wing-1920x1440-1.jpg?resize=980%2C735&#038;ssl=1\" alt=\"classic weekend\" width=\"980\" height=\"735\" class=\"size-full wp-image-81040\" srcset=\"https:\/\/i0.wp.com\/terjebjornstad.com\/no\/wp-content\/uploads\/2025\/06\/mercedes-benz-sls-black-series-wing-1920x1440-1.jpg?w=1920&amp;ssl=1 1920w, https:\/\/i0.wp.com\/terjebjornstad.com\/no\/wp-content\/uploads\/2025\/06\/mercedes-benz-sls-black-series-wing-1920x1440-1.jpg?resize=300%2C225&amp;ssl=1 300w, https:\/\/i0.wp.com\/terjebjornstad.com\/no\/wp-content\/uploads\/2025\/06\/mercedes-benz-sls-black-series-wing-1920x1440-1.jpg?resize=1080%2C810&amp;ssl=1 1080w, https:\/\/i0.wp.com\/terjebjornstad.com\/no\/wp-content\/uploads\/2025\/06\/mercedes-benz-sls-black-series-wing-1920x1440-1.jpg?resize=768%2C576&amp;ssl=1 768w, https:\/\/i0.wp.com\/terjebjornstad.com\/no\/wp-content\/uploads\/2025\/06\/mercedes-benz-sls-black-series-wing-1920x1440-1.jpg?resize=1536%2C1152&amp;ssl=1 1536w, https:\/\/i0.wp.com\/terjebjornstad.com\/no\/wp-content\/uploads\/2025\/06\/mercedes-benz-sls-black-series-wing-1920x1440-1.jpg?resize=690%2C518&amp;ssl=1 690w, https:\/\/i0.wp.com\/terjebjornstad.com\/no\/wp-content\/uploads\/2025\/06\/mercedes-benz-sls-black-series-wing-1920x1440-1.jpg?resize=980%2C735&amp;ssl=1 980w\" sizes=\"auto, (max-width: 980px) 100vw, 980px\" \/><\/a><figcaption id=\"caption-attachment-81040\" class=\"wp-caption-text\">SLS AMG Black Series<\/figcaption><\/figure><br \/>\nBlack Series er biler med redusert vekt. Denne 2014 Mercedes-AMG SLS Black Series er den eneste i Norge. Den kan akselerere fra 0 til 100 km\/t p\u00e5 3,5 sekunder og n\u00e5 en toppfart p\u00e5 315 km\/t.<\/p>\n<p>&nbsp;<br \/>\n<figure id=\"attachment_81048\" aria-describedby=\"caption-attachment-81048\" style=\"width: 1920px\" class=\"wp-caption aligncenter\"><a href=\"https:\/\/i0.wp.com\/terjebjornstad.com\/no\/wp-content\/uploads\/2025\/06\/mercedes-benz-300-sl-1920x1280-1.jpg?ssl=1\"><img data-recalc-dims=\"1\" loading=\"lazy\" decoding=\"async\" data-attachment-id=\"81048\" data-permalink=\"https:\/\/terjebjornstad.com\/no\/2025\/06\/08\/classic-weekend-hos-bertel-o-steen\/mercedes-benz-300-sl-1920x1280-1\/\" data-orig-file=\"https:\/\/i0.wp.com\/terjebjornstad.com\/no\/wp-content\/uploads\/2025\/06\/mercedes-benz-300-sl-1920x1280-1.jpg?fit=1920%2C1280&amp;ssl=1\" data-orig-size=\"1920,1280\" data-comments-opened=\"1\" data-image-meta=\"{&quot;aperture&quot;:&quot;2.8&quot;,&quot;credit&quot;:&quot;&quot;,&quot;camera&quot;:&quot;DSC-RX100M3&quot;,&quot;caption&quot;:&quot;&quot;,&quot;created_timestamp&quot;:&quot;1749300800&quot;,&quot;copyright&quot;:&quot;&quot;,&quot;focal_length&quot;:&quot;22&quot;,&quot;iso&quot;:&quot;125&quot;,&quot;shutter_speed&quot;:&quot;0.0125&quot;,&quot;title&quot;:&quot;&quot;,&quot;orientation&quot;:&quot;1&quot;}\" data-image-title=\"mercedes-benz-300-sl-1920&amp;#215;1280-1\" data-image-description=\"\" data-image-caption=\"&lt;p&gt;Mercedes-Benz 300 SL&lt;\/p&gt;\n\" data-large-file=\"https:\/\/i0.wp.com\/terjebjornstad.com\/no\/wp-content\/uploads\/2025\/06\/mercedes-benz-300-sl-1920x1280-1.jpg?fit=980%2C653&amp;ssl=1\" src=\"https:\/\/i0.wp.com\/terjebjornstad.com\/no\/wp-content\/uploads\/2025\/06\/mercedes-benz-300-sl-1920x1280-1.jpg?resize=980%2C653&#038;ssl=1\" alt=\"\" width=\"980\" height=\"653\" class=\"size-full wp-image-81048\" srcset=\"https:\/\/i0.wp.com\/terjebjornstad.com\/no\/wp-content\/uploads\/2025\/06\/mercedes-benz-300-sl-1920x1280-1.jpg?w=1920&amp;ssl=1 1920w, https:\/\/i0.wp.com\/terjebjornstad.com\/no\/wp-content\/uploads\/2025\/06\/mercedes-benz-300-sl-1920x1280-1.jpg?resize=300%2C200&amp;ssl=1 300w, https:\/\/i0.wp.com\/terjebjornstad.com\/no\/wp-content\/uploads\/2025\/06\/mercedes-benz-300-sl-1920x1280-1.jpg?resize=1080%2C720&amp;ssl=1 1080w, https:\/\/i0.wp.com\/terjebjornstad.com\/no\/wp-content\/uploads\/2025\/06\/mercedes-benz-300-sl-1920x1280-1.jpg?resize=768%2C512&amp;ssl=1 768w, https:\/\/i0.wp.com\/terjebjornstad.com\/no\/wp-content\/uploads\/2025\/06\/mercedes-benz-300-sl-1920x1280-1.jpg?resize=1536%2C1024&amp;ssl=1 1536w, https:\/\/i0.wp.com\/terjebjornstad.com\/no\/wp-content\/uploads\/2025\/06\/mercedes-benz-300-sl-1920x1280-1.jpg?resize=690%2C460&amp;ssl=1 690w, https:\/\/i0.wp.com\/terjebjornstad.com\/no\/wp-content\/uploads\/2025\/06\/mercedes-benz-300-sl-1920x1280-1.jpg?resize=980%2C653&amp;ssl=1 980w\" sizes=\"auto, (max-width: 980px) 100vw, 980px\" \/><\/a><figcaption id=\"caption-attachment-81048\" class=\"wp-caption-text\">Mercedes-Benz 300 SL<\/figcaption><\/figure><\/p>\n<p><figure id=\"attachment_81035\" aria-describedby=\"caption-attachment-81035\" style=\"width: 1920px\" class=\"wp-caption aligncenter\"><a href=\"https:\/\/i0.wp.com\/terjebjornstad.com\/no\/wp-content\/uploads\/2025\/06\/mercedes-benz-300-sl-1920x1920-1.jpg?ssl=1\"><img data-recalc-dims=\"1\" loading=\"lazy\" decoding=\"async\" data-attachment-id=\"81035\" data-permalink=\"https:\/\/terjebjornstad.com\/no\/2025\/06\/08\/classic-weekend-hos-bertel-o-steen\/mercedes-benz-300-sl-1920x1920\/\" data-orig-file=\"https:\/\/i0.wp.com\/terjebjornstad.com\/no\/wp-content\/uploads\/2025\/06\/mercedes-benz-300-sl-1920x1920-1.jpg?fit=1920%2C1920&amp;ssl=1\" data-orig-size=\"1920,1920\" data-comments-opened=\"1\" data-image-meta=\"{&quot;aperture&quot;:&quot;0&quot;,&quot;credit&quot;:&quot;&quot;,&quot;camera&quot;:&quot;&quot;,&quot;caption&quot;:&quot;&quot;,&quot;created_timestamp&quot;:&quot;0&quot;,&quot;copyright&quot;:&quot;&quot;,&quot;focal_length&quot;:&quot;0&quot;,&quot;iso&quot;:&quot;0&quot;,&quot;shutter_speed&quot;:&quot;0&quot;,&quot;title&quot;:&quot;&quot;,&quot;orientation&quot;:&quot;0&quot;}\" data-image-title=\"mercedes-benz-300-sl-1920&amp;#215;1920\" data-image-description=\"\" data-image-caption=\"&lt;p&gt;Mercedes-Benz 300 SL&lt;\/p&gt;\n\" data-large-file=\"https:\/\/i0.wp.com\/terjebjornstad.com\/no\/wp-content\/uploads\/2025\/06\/mercedes-benz-300-sl-1920x1920-1.jpg?fit=980%2C980&amp;ssl=1\" src=\"https:\/\/i0.wp.com\/terjebjornstad.com\/no\/wp-content\/uploads\/2025\/06\/mercedes-benz-300-sl-1920x1920-1.jpg?resize=980%2C980&#038;ssl=1\" alt=\"\" width=\"980\" height=\"980\" class=\"size-full wp-image-81035\" srcset=\"https:\/\/i0.wp.com\/terjebjornstad.com\/no\/wp-content\/uploads\/2025\/06\/mercedes-benz-300-sl-1920x1920-1.jpg?w=1920&amp;ssl=1 1920w, https:\/\/i0.wp.com\/terjebjornstad.com\/no\/wp-content\/uploads\/2025\/06\/mercedes-benz-300-sl-1920x1920-1.jpg?resize=300%2C300&amp;ssl=1 300w, https:\/\/i0.wp.com\/terjebjornstad.com\/no\/wp-content\/uploads\/2025\/06\/mercedes-benz-300-sl-1920x1920-1.jpg?resize=1080%2C1080&amp;ssl=1 1080w, https:\/\/i0.wp.com\/terjebjornstad.com\/no\/wp-content\/uploads\/2025\/06\/mercedes-benz-300-sl-1920x1920-1.jpg?resize=150%2C150&amp;ssl=1 150w, https:\/\/i0.wp.com\/terjebjornstad.com\/no\/wp-content\/uploads\/2025\/06\/mercedes-benz-300-sl-1920x1920-1.jpg?resize=768%2C768&amp;ssl=1 768w, https:\/\/i0.wp.com\/terjebjornstad.com\/no\/wp-content\/uploads\/2025\/06\/mercedes-benz-300-sl-1920x1920-1.jpg?resize=1536%2C1536&amp;ssl=1 1536w, https:\/\/i0.wp.com\/terjebjornstad.com\/no\/wp-content\/uploads\/2025\/06\/mercedes-benz-300-sl-1920x1920-1.jpg?resize=690%2C690&amp;ssl=1 690w, https:\/\/i0.wp.com\/terjebjornstad.com\/no\/wp-content\/uploads\/2025\/06\/mercedes-benz-300-sl-1920x1920-1.jpg?resize=980%2C980&amp;ssl=1 980w, https:\/\/i0.wp.com\/terjebjornstad.com\/no\/wp-content\/uploads\/2025\/06\/mercedes-benz-300-sl-1920x1920-1.jpg?resize=50%2C50&amp;ssl=1 50w\" sizes=\"auto, (max-width: 980px) 100vw, 980px\" \/><\/a><figcaption id=\"caption-attachment-81035\" class=\"wp-caption-text\">Mercedes-Benz 300 SL<\/figcaption><\/figure><br \/>\n&nbsp;<br \/>\n<figure id=\"attachment_81047\" aria-describedby=\"caption-attachment-81047\" style=\"width: 1920px\" class=\"wp-caption aligncenter\"><a href=\"https:\/\/i0.wp.com\/terjebjornstad.com\/no\/wp-content\/uploads\/2025\/06\/1957-mercedes-benz-220-s-1920x1440-1.jpg?ssl=1\"><img data-recalc-dims=\"1\" loading=\"lazy\" decoding=\"async\" data-attachment-id=\"81047\" data-permalink=\"https:\/\/terjebjornstad.com\/no\/2025\/06\/08\/classic-weekend-hos-bertel-o-steen\/1957-mercedes-benz-220-s-1920x1440-1\/\" data-orig-file=\"https:\/\/i0.wp.com\/terjebjornstad.com\/no\/wp-content\/uploads\/2025\/06\/1957-mercedes-benz-220-s-1920x1440-1.jpg?fit=1920%2C1440&amp;ssl=1\" data-orig-size=\"1920,1440\" data-comments-opened=\"1\" data-image-meta=\"{&quot;aperture&quot;:&quot;0&quot;,&quot;credit&quot;:&quot;&quot;,&quot;camera&quot;:&quot;&quot;,&quot;caption&quot;:&quot;&quot;,&quot;created_timestamp&quot;:&quot;0&quot;,&quot;copyright&quot;:&quot;&quot;,&quot;focal_length&quot;:&quot;0&quot;,&quot;iso&quot;:&quot;0&quot;,&quot;shutter_speed&quot;:&quot;0&quot;,&quot;title&quot;:&quot;&quot;,&quot;orientation&quot;:&quot;0&quot;}\" data-image-title=\"1957-mercedes-benz-220-s-1920&amp;#215;1440-1\" data-image-description=\"\" data-image-caption=\"&lt;p&gt;1957 Mercedes-Benz 220S&lt;\/p&gt;\n\" data-large-file=\"https:\/\/i0.wp.com\/terjebjornstad.com\/no\/wp-content\/uploads\/2025\/06\/1957-mercedes-benz-220-s-1920x1440-1.jpg?fit=980%2C735&amp;ssl=1\" src=\"https:\/\/i0.wp.com\/terjebjornstad.com\/no\/wp-content\/uploads\/2025\/06\/1957-mercedes-benz-220-s-1920x1440-1.jpg?resize=980%2C735&#038;ssl=1\" alt=\"classic weekend\" width=\"980\" height=\"735\" class=\"size-full wp-image-81047\" srcset=\"https:\/\/i0.wp.com\/terjebjornstad.com\/no\/wp-content\/uploads\/2025\/06\/1957-mercedes-benz-220-s-1920x1440-1.jpg?w=1920&amp;ssl=1 1920w, https:\/\/i0.wp.com\/terjebjornstad.com\/no\/wp-content\/uploads\/2025\/06\/1957-mercedes-benz-220-s-1920x1440-1.jpg?resize=300%2C225&amp;ssl=1 300w, https:\/\/i0.wp.com\/terjebjornstad.com\/no\/wp-content\/uploads\/2025\/06\/1957-mercedes-benz-220-s-1920x1440-1.jpg?resize=1080%2C810&amp;ssl=1 1080w, https:\/\/i0.wp.com\/terjebjornstad.com\/no\/wp-content\/uploads\/2025\/06\/1957-mercedes-benz-220-s-1920x1440-1.jpg?resize=768%2C576&amp;ssl=1 768w, https:\/\/i0.wp.com\/terjebjornstad.com\/no\/wp-content\/uploads\/2025\/06\/1957-mercedes-benz-220-s-1920x1440-1.jpg?resize=1536%2C1152&amp;ssl=1 1536w, https:\/\/i0.wp.com\/terjebjornstad.com\/no\/wp-content\/uploads\/2025\/06\/1957-mercedes-benz-220-s-1920x1440-1.jpg?resize=690%2C518&amp;ssl=1 690w, https:\/\/i0.wp.com\/terjebjornstad.com\/no\/wp-content\/uploads\/2025\/06\/1957-mercedes-benz-220-s-1920x1440-1.jpg?resize=980%2C735&amp;ssl=1 980w\" sizes=\"auto, (max-width: 980px) 100vw, 980px\" \/><\/a><figcaption id=\"caption-attachment-81047\" class=\"wp-caption-text\">1957 Mercedes-Benz 220S<\/figcaption><\/figure><\/p>\n<figure id=\"attachment_81020\" aria-describedby=\"caption-attachment-81020\" style=\"width: 1920px\" class=\"wp-caption aligncenter\"><a href=\"https:\/\/i0.wp.com\/terjebjornstad.com\/no\/wp-content\/uploads\/2025\/06\/1955-mercedes-benz-190-sl-1724-1920x1920-1.jpg?ssl=1\"><img data-recalc-dims=\"1\" loading=\"lazy\" decoding=\"async\" data-attachment-id=\"81020\" data-permalink=\"https:\/\/terjebjornstad.com\/no\/2025\/06\/08\/classic-weekend-hos-bertel-o-steen\/1955-mercedes-benz-190-sl-1724-1920x1920\/\" data-orig-file=\"https:\/\/i0.wp.com\/terjebjornstad.com\/no\/wp-content\/uploads\/2025\/06\/1955-mercedes-benz-190-sl-1724-1920x1920-1.jpg?fit=1920%2C1920&amp;ssl=1\" data-orig-size=\"1920,1920\" data-comments-opened=\"1\" data-image-meta=\"{&quot;aperture&quot;:&quot;0&quot;,&quot;credit&quot;:&quot;&quot;,&quot;camera&quot;:&quot;&quot;,&quot;caption&quot;:&quot;&quot;,&quot;created_timestamp&quot;:&quot;0&quot;,&quot;copyright&quot;:&quot;&quot;,&quot;focal_length&quot;:&quot;0&quot;,&quot;iso&quot;:&quot;0&quot;,&quot;shutter_speed&quot;:&quot;0&quot;,&quot;title&quot;:&quot;&quot;,&quot;orientation&quot;:&quot;0&quot;}\" data-image-title=\"1955-mercedes-benz-190-sl-1724-1920&amp;#215;1920\" data-image-description=\"\" data-image-caption=\"&lt;p&gt;1955 Mercedes-Benz 190SL&lt;\/p&gt;\n\" data-large-file=\"https:\/\/i0.wp.com\/terjebjornstad.com\/no\/wp-content\/uploads\/2025\/06\/1955-mercedes-benz-190-sl-1724-1920x1920-1.jpg?fit=980%2C980&amp;ssl=1\" src=\"https:\/\/i0.wp.com\/terjebjornstad.com\/no\/wp-content\/uploads\/2025\/06\/1955-mercedes-benz-190-sl-1724-1920x1920-1.jpg?resize=980%2C980&#038;ssl=1\" alt=\"\" width=\"980\" height=\"980\" class=\"size-full wp-image-81020\" srcset=\"https:\/\/i0.wp.com\/terjebjornstad.com\/no\/wp-content\/uploads\/2025\/06\/1955-mercedes-benz-190-sl-1724-1920x1920-1.jpg?w=1920&amp;ssl=1 1920w, https:\/\/i0.wp.com\/terjebjornstad.com\/no\/wp-content\/uploads\/2025\/06\/1955-mercedes-benz-190-sl-1724-1920x1920-1.jpg?resize=300%2C300&amp;ssl=1 300w, https:\/\/i0.wp.com\/terjebjornstad.com\/no\/wp-content\/uploads\/2025\/06\/1955-mercedes-benz-190-sl-1724-1920x1920-1.jpg?resize=1080%2C1080&amp;ssl=1 1080w, https:\/\/i0.wp.com\/terjebjornstad.com\/no\/wp-content\/uploads\/2025\/06\/1955-mercedes-benz-190-sl-1724-1920x1920-1.jpg?resize=150%2C150&amp;ssl=1 150w, https:\/\/i0.wp.com\/terjebjornstad.com\/no\/wp-content\/uploads\/2025\/06\/1955-mercedes-benz-190-sl-1724-1920x1920-1.jpg?resize=768%2C768&amp;ssl=1 768w, https:\/\/i0.wp.com\/terjebjornstad.com\/no\/wp-content\/uploads\/2025\/06\/1955-mercedes-benz-190-sl-1724-1920x1920-1.jpg?resize=1536%2C1536&amp;ssl=1 1536w, https:\/\/i0.wp.com\/terjebjornstad.com\/no\/wp-content\/uploads\/2025\/06\/1955-mercedes-benz-190-sl-1724-1920x1920-1.jpg?resize=690%2C690&amp;ssl=1 690w, https:\/\/i0.wp.com\/terjebjornstad.com\/no\/wp-content\/uploads\/2025\/06\/1955-mercedes-benz-190-sl-1724-1920x1920-1.jpg?resize=980%2C980&amp;ssl=1 980w, https:\/\/i0.wp.com\/terjebjornstad.com\/no\/wp-content\/uploads\/2025\/06\/1955-mercedes-benz-190-sl-1724-1920x1920-1.jpg?resize=50%2C50&amp;ssl=1 50w\" sizes=\"auto, (max-width: 980px) 100vw, 980px\" \/><\/a><figcaption id=\"caption-attachment-81020\" class=\"wp-caption-text\">1955 Mercedes-Benz 190SL<\/figcaption><\/figure>\n<figure id=\"attachment_81026\" aria-describedby=\"caption-attachment-81026\" style=\"width: 1920px\" class=\"wp-caption aligncenter\"><a href=\"https:\/\/i0.wp.com\/terjebjornstad.com\/no\/wp-content\/uploads\/2025\/06\/1970-mercedes-benz-280-sl-1920x1280-1.jpg?ssl=1\"><img data-recalc-dims=\"1\" loading=\"lazy\" decoding=\"async\" data-attachment-id=\"81026\" data-permalink=\"https:\/\/terjebjornstad.com\/no\/2025\/06\/08\/classic-weekend-hos-bertel-o-steen\/1970-mercedes-benz-280-sl-1920x1280\/\" data-orig-file=\"https:\/\/i0.wp.com\/terjebjornstad.com\/no\/wp-content\/uploads\/2025\/06\/1970-mercedes-benz-280-sl-1920x1280-1.jpg?fit=1920%2C1280&amp;ssl=1\" data-orig-size=\"1920,1280\" data-comments-opened=\"1\" data-image-meta=\"{&quot;aperture&quot;:&quot;0&quot;,&quot;credit&quot;:&quot;&quot;,&quot;camera&quot;:&quot;&quot;,&quot;caption&quot;:&quot;&quot;,&quot;created_timestamp&quot;:&quot;0&quot;,&quot;copyright&quot;:&quot;&quot;,&quot;focal_length&quot;:&quot;0&quot;,&quot;iso&quot;:&quot;0&quot;,&quot;shutter_speed&quot;:&quot;0&quot;,&quot;title&quot;:&quot;&quot;,&quot;orientation&quot;:&quot;0&quot;}\" data-image-title=\"1970-mercedes-benz-280-sl-1920&amp;#215;1280\" data-image-description=\"\" data-image-caption=\"&lt;p&gt;Mercedes W113 &amp;laquo;Pagode&amp;raquo;&lt;\/p&gt;\n\" data-large-file=\"https:\/\/i0.wp.com\/terjebjornstad.com\/no\/wp-content\/uploads\/2025\/06\/1970-mercedes-benz-280-sl-1920x1280-1.jpg?fit=980%2C653&amp;ssl=1\" src=\"https:\/\/i0.wp.com\/terjebjornstad.com\/no\/wp-content\/uploads\/2025\/06\/1970-mercedes-benz-280-sl-1920x1280-1.jpg?resize=980%2C653&#038;ssl=1\" alt=\"classic weekend\" width=\"980\" height=\"653\" class=\"size-full wp-image-81026\" srcset=\"https:\/\/i0.wp.com\/terjebjornstad.com\/no\/wp-content\/uploads\/2025\/06\/1970-mercedes-benz-280-sl-1920x1280-1.jpg?w=1920&amp;ssl=1 1920w, https:\/\/i0.wp.com\/terjebjornstad.com\/no\/wp-content\/uploads\/2025\/06\/1970-mercedes-benz-280-sl-1920x1280-1.jpg?resize=300%2C200&amp;ssl=1 300w, https:\/\/i0.wp.com\/terjebjornstad.com\/no\/wp-content\/uploads\/2025\/06\/1970-mercedes-benz-280-sl-1920x1280-1.jpg?resize=1080%2C720&amp;ssl=1 1080w, https:\/\/i0.wp.com\/terjebjornstad.com\/no\/wp-content\/uploads\/2025\/06\/1970-mercedes-benz-280-sl-1920x1280-1.jpg?resize=768%2C512&amp;ssl=1 768w, https:\/\/i0.wp.com\/terjebjornstad.com\/no\/wp-content\/uploads\/2025\/06\/1970-mercedes-benz-280-sl-1920x1280-1.jpg?resize=1536%2C1024&amp;ssl=1 1536w, https:\/\/i0.wp.com\/terjebjornstad.com\/no\/wp-content\/uploads\/2025\/06\/1970-mercedes-benz-280-sl-1920x1280-1.jpg?resize=690%2C460&amp;ssl=1 690w, https:\/\/i0.wp.com\/terjebjornstad.com\/no\/wp-content\/uploads\/2025\/06\/1970-mercedes-benz-280-sl-1920x1280-1.jpg?resize=980%2C653&amp;ssl=1 980w\" sizes=\"auto, (max-width: 980px) 100vw, 980px\" \/><\/a><figcaption id=\"caption-attachment-81026\" class=\"wp-caption-text\">1970 Mercedes 280SL &laquo;Pagode&raquo;<\/figcaption><\/figure>\n<figure id=\"attachment_81019\" aria-describedby=\"caption-attachment-81019\" style=\"width: 1920px\" class=\"wp-caption aligncenter\"><a href=\"https:\/\/i0.wp.com\/terjebjornstad.com\/no\/wp-content\/uploads\/2025\/06\/165-mercedes-benz-220-se-1920x1440-1.jpg?ssl=1\"><img data-recalc-dims=\"1\" loading=\"lazy\" decoding=\"async\" data-attachment-id=\"81019\" data-permalink=\"https:\/\/terjebjornstad.com\/no\/2025\/06\/08\/classic-weekend-hos-bertel-o-steen\/165-mercedes-benz-220-se-1920x1440\/\" data-orig-file=\"https:\/\/i0.wp.com\/terjebjornstad.com\/no\/wp-content\/uploads\/2025\/06\/165-mercedes-benz-220-se-1920x1440-1.jpg?fit=1920%2C1440&amp;ssl=1\" data-orig-size=\"1920,1440\" data-comments-opened=\"1\" data-image-meta=\"{&quot;aperture&quot;:&quot;0&quot;,&quot;credit&quot;:&quot;&quot;,&quot;camera&quot;:&quot;&quot;,&quot;caption&quot;:&quot;&quot;,&quot;created_timestamp&quot;:&quot;0&quot;,&quot;copyright&quot;:&quot;&quot;,&quot;focal_length&quot;:&quot;0&quot;,&quot;iso&quot;:&quot;0&quot;,&quot;shutter_speed&quot;:&quot;0&quot;,&quot;title&quot;:&quot;&quot;,&quot;orientation&quot;:&quot;0&quot;}\" data-image-title=\"1965-mercedes-benz-220-se-1920&amp;#215;1440\" data-image-description=\"\" data-image-caption=\"&lt;p&gt;1965 Mercedes-Benz 220SE&lt;\/p&gt;\n\" data-large-file=\"https:\/\/i0.wp.com\/terjebjornstad.com\/no\/wp-content\/uploads\/2025\/06\/165-mercedes-benz-220-se-1920x1440-1.jpg?fit=980%2C735&amp;ssl=1\" src=\"https:\/\/i0.wp.com\/terjebjornstad.com\/no\/wp-content\/uploads\/2025\/06\/165-mercedes-benz-220-se-1920x1440-1.jpg?resize=980%2C735&#038;ssl=1\" alt=\"classic weekend\" width=\"980\" height=\"735\" class=\"size-full wp-image-81019\" srcset=\"https:\/\/i0.wp.com\/terjebjornstad.com\/no\/wp-content\/uploads\/2025\/06\/165-mercedes-benz-220-se-1920x1440-1.jpg?w=1920&amp;ssl=1 1920w, https:\/\/i0.wp.com\/terjebjornstad.com\/no\/wp-content\/uploads\/2025\/06\/165-mercedes-benz-220-se-1920x1440-1.jpg?resize=300%2C225&amp;ssl=1 300w, https:\/\/i0.wp.com\/terjebjornstad.com\/no\/wp-content\/uploads\/2025\/06\/165-mercedes-benz-220-se-1920x1440-1.jpg?resize=1080%2C810&amp;ssl=1 1080w, https:\/\/i0.wp.com\/terjebjornstad.com\/no\/wp-content\/uploads\/2025\/06\/165-mercedes-benz-220-se-1920x1440-1.jpg?resize=768%2C576&amp;ssl=1 768w, https:\/\/i0.wp.com\/terjebjornstad.com\/no\/wp-content\/uploads\/2025\/06\/165-mercedes-benz-220-se-1920x1440-1.jpg?resize=1536%2C1152&amp;ssl=1 1536w, https:\/\/i0.wp.com\/terjebjornstad.com\/no\/wp-content\/uploads\/2025\/06\/165-mercedes-benz-220-se-1920x1440-1.jpg?resize=690%2C518&amp;ssl=1 690w, https:\/\/i0.wp.com\/terjebjornstad.com\/no\/wp-content\/uploads\/2025\/06\/165-mercedes-benz-220-se-1920x1440-1.jpg?resize=980%2C735&amp;ssl=1 980w\" sizes=\"auto, (max-width: 980px) 100vw, 980px\" \/><\/a><figcaption id=\"caption-attachment-81019\" class=\"wp-caption-text\">1965 Mercedes-Benz 220SE<\/figcaption><\/figure>\n<p><figure id=\"attachment_81024\" aria-describedby=\"caption-attachment-81024\" style=\"width: 1920px\" class=\"wp-caption aligncenter\"><a href=\"https:\/\/i0.wp.com\/terjebjornstad.com\/no\/wp-content\/uploads\/2025\/06\/1965-mercedes-benz-190-d-1920x1440-1.jpg?ssl=1\"><img data-recalc-dims=\"1\" loading=\"lazy\" decoding=\"async\" data-attachment-id=\"81024\" data-permalink=\"https:\/\/terjebjornstad.com\/no\/mercedes-benz-w110\/1965-mercedes-benz-190-d-1920x1440\/\" data-orig-file=\"https:\/\/i0.wp.com\/terjebjornstad.com\/no\/wp-content\/uploads\/2025\/06\/1965-mercedes-benz-190-d-1920x1440-1.jpg?fit=1920%2C1440&amp;ssl=1\" data-orig-size=\"1920,1440\" data-comments-opened=\"1\" data-image-meta=\"{&quot;aperture&quot;:&quot;0&quot;,&quot;credit&quot;:&quot;&quot;,&quot;camera&quot;:&quot;&quot;,&quot;caption&quot;:&quot;&quot;,&quot;created_timestamp&quot;:&quot;0&quot;,&quot;copyright&quot;:&quot;&quot;,&quot;focal_length&quot;:&quot;0&quot;,&quot;iso&quot;:&quot;0&quot;,&quot;shutter_speed&quot;:&quot;0&quot;,&quot;title&quot;:&quot;&quot;,&quot;orientation&quot;:&quot;0&quot;}\" data-image-title=\"1965-mercedes-benz-190-d-1920&amp;#215;1440\" data-image-description=\"\" data-image-caption=\"&lt;p&gt;1965 Mercedes-Benz 190D&lt;\/p&gt;\n\" data-large-file=\"https:\/\/i0.wp.com\/terjebjornstad.com\/no\/wp-content\/uploads\/2025\/06\/1965-mercedes-benz-190-d-1920x1440-1.jpg?fit=980%2C735&amp;ssl=1\" src=\"https:\/\/i0.wp.com\/terjebjornstad.com\/no\/wp-content\/uploads\/2025\/06\/1965-mercedes-benz-190-d-1920x1440-1.jpg?resize=980%2C735&#038;ssl=1\" alt=\"\" width=\"980\" height=\"735\" class=\"size-full wp-image-81024\" srcset=\"https:\/\/i0.wp.com\/terjebjornstad.com\/no\/wp-content\/uploads\/2025\/06\/1965-mercedes-benz-190-d-1920x1440-1.jpg?w=1920&amp;ssl=1 1920w, https:\/\/i0.wp.com\/terjebjornstad.com\/no\/wp-content\/uploads\/2025\/06\/1965-mercedes-benz-190-d-1920x1440-1.jpg?resize=300%2C225&amp;ssl=1 300w, https:\/\/i0.wp.com\/terjebjornstad.com\/no\/wp-content\/uploads\/2025\/06\/1965-mercedes-benz-190-d-1920x1440-1.jpg?resize=1080%2C810&amp;ssl=1 1080w, https:\/\/i0.wp.com\/terjebjornstad.com\/no\/wp-content\/uploads\/2025\/06\/1965-mercedes-benz-190-d-1920x1440-1.jpg?resize=768%2C576&amp;ssl=1 768w, https:\/\/i0.wp.com\/terjebjornstad.com\/no\/wp-content\/uploads\/2025\/06\/1965-mercedes-benz-190-d-1920x1440-1.jpg?resize=1536%2C1152&amp;ssl=1 1536w, https:\/\/i0.wp.com\/terjebjornstad.com\/no\/wp-content\/uploads\/2025\/06\/1965-mercedes-benz-190-d-1920x1440-1.jpg?resize=690%2C518&amp;ssl=1 690w, https:\/\/i0.wp.com\/terjebjornstad.com\/no\/wp-content\/uploads\/2025\/06\/1965-mercedes-benz-190-d-1920x1440-1.jpg?resize=980%2C735&amp;ssl=1 980w\" sizes=\"auto, (max-width: 980px) 100vw, 980px\" \/><\/a><figcaption id=\"caption-attachment-81024\" class=\"wp-caption-text\">1965 Mercedes-Benz 190D<\/figcaption><\/figure><\/p>\n<p><figure id=\"attachment_81023\" aria-describedby=\"caption-attachment-81023\" style=\"width: 1920px\" class=\"wp-caption aligncenter\"><a href=\"https:\/\/i0.wp.com\/terjebjornstad.com\/no\/wp-content\/uploads\/2025\/06\/1965-mercedes-benz-190d-1711-1920x1440-1.jpg?ssl=1\"><img data-recalc-dims=\"1\" loading=\"lazy\" decoding=\"async\" data-attachment-id=\"81023\" data-permalink=\"https:\/\/terjebjornstad.com\/no\/mercedes-benz-w110\/1965-mercedes-benz-190d-1711-1920x1440\/\" data-orig-file=\"https:\/\/i0.wp.com\/terjebjornstad.com\/no\/wp-content\/uploads\/2025\/06\/1965-mercedes-benz-190d-1711-1920x1440-1.jpg?fit=1920%2C1440&amp;ssl=1\" data-orig-size=\"1920,1440\" data-comments-opened=\"1\" data-image-meta=\"{&quot;aperture&quot;:&quot;0&quot;,&quot;credit&quot;:&quot;&quot;,&quot;camera&quot;:&quot;&quot;,&quot;caption&quot;:&quot;&quot;,&quot;created_timestamp&quot;:&quot;0&quot;,&quot;copyright&quot;:&quot;&quot;,&quot;focal_length&quot;:&quot;0&quot;,&quot;iso&quot;:&quot;0&quot;,&quot;shutter_speed&quot;:&quot;0&quot;,&quot;title&quot;:&quot;&quot;,&quot;orientation&quot;:&quot;0&quot;}\" data-image-title=\"1965-mercedes-benz-190d&amp;#8211;1711-1920&amp;#215;1440\" data-image-description=\"\" data-image-caption=\"&lt;p&gt;1965 Mercedes-Benz 190D&lt;\/p&gt;\n\" data-large-file=\"https:\/\/i0.wp.com\/terjebjornstad.com\/no\/wp-content\/uploads\/2025\/06\/1965-mercedes-benz-190d-1711-1920x1440-1.jpg?fit=980%2C735&amp;ssl=1\" src=\"https:\/\/i0.wp.com\/terjebjornstad.com\/no\/wp-content\/uploads\/2025\/06\/1965-mercedes-benz-190d-1711-1920x1440-1.jpg?resize=980%2C735&#038;ssl=1\" alt=\"\" width=\"980\" height=\"735\" class=\"size-full wp-image-81023\" srcset=\"https:\/\/i0.wp.com\/terjebjornstad.com\/no\/wp-content\/uploads\/2025\/06\/1965-mercedes-benz-190d-1711-1920x1440-1.jpg?w=1920&amp;ssl=1 1920w, https:\/\/i0.wp.com\/terjebjornstad.com\/no\/wp-content\/uploads\/2025\/06\/1965-mercedes-benz-190d-1711-1920x1440-1.jpg?resize=300%2C225&amp;ssl=1 300w, https:\/\/i0.wp.com\/terjebjornstad.com\/no\/wp-content\/uploads\/2025\/06\/1965-mercedes-benz-190d-1711-1920x1440-1.jpg?resize=1080%2C810&amp;ssl=1 1080w, https:\/\/i0.wp.com\/terjebjornstad.com\/no\/wp-content\/uploads\/2025\/06\/1965-mercedes-benz-190d-1711-1920x1440-1.jpg?resize=768%2C576&amp;ssl=1 768w, https:\/\/i0.wp.com\/terjebjornstad.com\/no\/wp-content\/uploads\/2025\/06\/1965-mercedes-benz-190d-1711-1920x1440-1.jpg?resize=1536%2C1152&amp;ssl=1 1536w, https:\/\/i0.wp.com\/terjebjornstad.com\/no\/wp-content\/uploads\/2025\/06\/1965-mercedes-benz-190d-1711-1920x1440-1.jpg?resize=690%2C518&amp;ssl=1 690w, https:\/\/i0.wp.com\/terjebjornstad.com\/no\/wp-content\/uploads\/2025\/06\/1965-mercedes-benz-190d-1711-1920x1440-1.jpg?resize=980%2C735&amp;ssl=1 980w\" sizes=\"auto, (max-width: 980px) 100vw, 980px\" \/><\/a><figcaption id=\"caption-attachment-81023\" class=\"wp-caption-text\">1965 Mercedes-Benz 190D<\/figcaption><\/figure><\/p>\n<figure id=\"attachment_81025\" aria-describedby=\"caption-attachment-81025\" style=\"width: 1920px\" class=\"wp-caption aligncenter\"><a href=\"https:\/\/i0.wp.com\/terjebjornstad.com\/no\/wp-content\/uploads\/2025\/06\/1969-mercedes-benz-w111-coupe-1920x1920-1.jpg?ssl=1\"><img data-recalc-dims=\"1\" loading=\"lazy\" decoding=\"async\" data-attachment-id=\"81025\" data-permalink=\"https:\/\/terjebjornstad.com\/no\/2025\/06\/08\/classic-weekend-hos-bertel-o-steen\/1969-mercedes-benz-w111-coupe-1920x1920\/\" data-orig-file=\"https:\/\/i0.wp.com\/terjebjornstad.com\/no\/wp-content\/uploads\/2025\/06\/1969-mercedes-benz-w111-coupe-1920x1920-1.jpg?fit=1920%2C1920&amp;ssl=1\" data-orig-size=\"1920,1920\" data-comments-opened=\"1\" data-image-meta=\"{&quot;aperture&quot;:&quot;0&quot;,&quot;credit&quot;:&quot;&quot;,&quot;camera&quot;:&quot;&quot;,&quot;caption&quot;:&quot;&quot;,&quot;created_timestamp&quot;:&quot;0&quot;,&quot;copyright&quot;:&quot;&quot;,&quot;focal_length&quot;:&quot;0&quot;,&quot;iso&quot;:&quot;0&quot;,&quot;shutter_speed&quot;:&quot;0&quot;,&quot;title&quot;:&quot;&quot;,&quot;orientation&quot;:&quot;0&quot;}\" data-image-title=\"1969-mercedes-benz-w111-coupe-1920&amp;#215;1920\" data-image-description=\"\" data-image-caption=\"&lt;p&gt;1969 Mercedes Benz W111 Coupe&lt;\/p&gt;\n\" data-large-file=\"https:\/\/i0.wp.com\/terjebjornstad.com\/no\/wp-content\/uploads\/2025\/06\/1969-mercedes-benz-w111-coupe-1920x1920-1.jpg?fit=980%2C980&amp;ssl=1\" src=\"https:\/\/i0.wp.com\/terjebjornstad.com\/no\/wp-content\/uploads\/2025\/06\/1969-mercedes-benz-w111-coupe-1920x1920-1.jpg?resize=980%2C980&#038;ssl=1\" alt=\"classic weekend\" width=\"980\" height=\"980\" class=\"size-full wp-image-81025\" srcset=\"https:\/\/i0.wp.com\/terjebjornstad.com\/no\/wp-content\/uploads\/2025\/06\/1969-mercedes-benz-w111-coupe-1920x1920-1.jpg?w=1920&amp;ssl=1 1920w, https:\/\/i0.wp.com\/terjebjornstad.com\/no\/wp-content\/uploads\/2025\/06\/1969-mercedes-benz-w111-coupe-1920x1920-1.jpg?resize=300%2C300&amp;ssl=1 300w, https:\/\/i0.wp.com\/terjebjornstad.com\/no\/wp-content\/uploads\/2025\/06\/1969-mercedes-benz-w111-coupe-1920x1920-1.jpg?resize=1080%2C1080&amp;ssl=1 1080w, https:\/\/i0.wp.com\/terjebjornstad.com\/no\/wp-content\/uploads\/2025\/06\/1969-mercedes-benz-w111-coupe-1920x1920-1.jpg?resize=150%2C150&amp;ssl=1 150w, https:\/\/i0.wp.com\/terjebjornstad.com\/no\/wp-content\/uploads\/2025\/06\/1969-mercedes-benz-w111-coupe-1920x1920-1.jpg?resize=768%2C768&amp;ssl=1 768w, https:\/\/i0.wp.com\/terjebjornstad.com\/no\/wp-content\/uploads\/2025\/06\/1969-mercedes-benz-w111-coupe-1920x1920-1.jpg?resize=1536%2C1536&amp;ssl=1 1536w, https:\/\/i0.wp.com\/terjebjornstad.com\/no\/wp-content\/uploads\/2025\/06\/1969-mercedes-benz-w111-coupe-1920x1920-1.jpg?resize=690%2C690&amp;ssl=1 690w, https:\/\/i0.wp.com\/terjebjornstad.com\/no\/wp-content\/uploads\/2025\/06\/1969-mercedes-benz-w111-coupe-1920x1920-1.jpg?resize=980%2C980&amp;ssl=1 980w, https:\/\/i0.wp.com\/terjebjornstad.com\/no\/wp-content\/uploads\/2025\/06\/1969-mercedes-benz-w111-coupe-1920x1920-1.jpg?resize=50%2C50&amp;ssl=1 50w\" sizes=\"auto, (max-width: 980px) 100vw, 980px\" \/><\/a><figcaption id=\"caption-attachment-81025\" class=\"wp-caption-text\">1969 Mercedes Benz W111 Coupe<\/figcaption><\/figure>\n<p><figure id=\"attachment_81027\" aria-describedby=\"caption-attachment-81027\" style=\"width: 1920px\" class=\"wp-caption aligncenter\"><a href=\"https:\/\/i0.wp.com\/terjebjornstad.com\/no\/wp-content\/uploads\/2025\/06\/1974-mercedes-benz-200-d-1920x1920-1.jpg?ssl=1\"><img data-recalc-dims=\"1\" loading=\"lazy\" decoding=\"async\" data-attachment-id=\"81027\" data-permalink=\"https:\/\/terjebjornstad.com\/no\/mercedes-benz-w115\/1974-mercedes-benz-200-d-1920x1920\/\" data-orig-file=\"https:\/\/i0.wp.com\/terjebjornstad.com\/no\/wp-content\/uploads\/2025\/06\/1974-mercedes-benz-200-d-1920x1920-1.jpg?fit=1920%2C1920&amp;ssl=1\" data-orig-size=\"1920,1920\" data-comments-opened=\"1\" data-image-meta=\"{&quot;aperture&quot;:&quot;0&quot;,&quot;credit&quot;:&quot;&quot;,&quot;camera&quot;:&quot;&quot;,&quot;caption&quot;:&quot;&quot;,&quot;created_timestamp&quot;:&quot;0&quot;,&quot;copyright&quot;:&quot;&quot;,&quot;focal_length&quot;:&quot;0&quot;,&quot;iso&quot;:&quot;0&quot;,&quot;shutter_speed&quot;:&quot;0&quot;,&quot;title&quot;:&quot;&quot;,&quot;orientation&quot;:&quot;0&quot;}\" data-image-title=\"1974-mercedes-benz-200-d-1920&amp;#215;1920\" data-image-description=\"\" data-image-caption=\"&lt;p&gt;1973 Mercedes-Benz 200D&lt;\/p&gt;\n\" data-large-file=\"https:\/\/i0.wp.com\/terjebjornstad.com\/no\/wp-content\/uploads\/2025\/06\/1974-mercedes-benz-200-d-1920x1920-1.jpg?fit=980%2C980&amp;ssl=1\" src=\"https:\/\/i0.wp.com\/terjebjornstad.com\/no\/wp-content\/uploads\/2025\/06\/1974-mercedes-benz-200-d-1920x1920-1.jpg?resize=980%2C980&#038;ssl=1\" alt=\"\" width=\"980\" height=\"980\" class=\"size-full wp-image-81027\" srcset=\"https:\/\/i0.wp.com\/terjebjornstad.com\/no\/wp-content\/uploads\/2025\/06\/1974-mercedes-benz-200-d-1920x1920-1.jpg?w=1920&amp;ssl=1 1920w, https:\/\/i0.wp.com\/terjebjornstad.com\/no\/wp-content\/uploads\/2025\/06\/1974-mercedes-benz-200-d-1920x1920-1.jpg?resize=300%2C300&amp;ssl=1 300w, https:\/\/i0.wp.com\/terjebjornstad.com\/no\/wp-content\/uploads\/2025\/06\/1974-mercedes-benz-200-d-1920x1920-1.jpg?resize=1080%2C1080&amp;ssl=1 1080w, https:\/\/i0.wp.com\/terjebjornstad.com\/no\/wp-content\/uploads\/2025\/06\/1974-mercedes-benz-200-d-1920x1920-1.jpg?resize=150%2C150&amp;ssl=1 150w, https:\/\/i0.wp.com\/terjebjornstad.com\/no\/wp-content\/uploads\/2025\/06\/1974-mercedes-benz-200-d-1920x1920-1.jpg?resize=768%2C768&amp;ssl=1 768w, https:\/\/i0.wp.com\/terjebjornstad.com\/no\/wp-content\/uploads\/2025\/06\/1974-mercedes-benz-200-d-1920x1920-1.jpg?resize=1536%2C1536&amp;ssl=1 1536w, https:\/\/i0.wp.com\/terjebjornstad.com\/no\/wp-content\/uploads\/2025\/06\/1974-mercedes-benz-200-d-1920x1920-1.jpg?resize=690%2C690&amp;ssl=1 690w, https:\/\/i0.wp.com\/terjebjornstad.com\/no\/wp-content\/uploads\/2025\/06\/1974-mercedes-benz-200-d-1920x1920-1.jpg?resize=980%2C980&amp;ssl=1 980w, https:\/\/i0.wp.com\/terjebjornstad.com\/no\/wp-content\/uploads\/2025\/06\/1974-mercedes-benz-200-d-1920x1920-1.jpg?resize=50%2C50&amp;ssl=1 50w\" sizes=\"auto, (max-width: 980px) 100vw, 980px\" \/><\/a><figcaption id=\"caption-attachment-81027\" class=\"wp-caption-text\">1973 Mercedes-Benz 200D<\/figcaption><\/figure><\/p>\n<p><figure id=\"attachment_81043\" aria-describedby=\"caption-attachment-81043\" style=\"width: 1920px\" class=\"wp-caption aligncenter\"><a href=\"https:\/\/i0.wp.com\/terjebjornstad.com\/no\/wp-content\/uploads\/2025\/06\/mercedes-benz-w115-laerdal-1920x1920-1.jpg?ssl=1\"><img data-recalc-dims=\"1\" loading=\"lazy\" decoding=\"async\" data-attachment-id=\"81043\" data-permalink=\"https:\/\/terjebjornstad.com\/no\/2025\/06\/08\/classic-weekend-hos-bertel-o-steen\/mercedes-benz-w115-laerdal-1920x1920\/\" data-orig-file=\"https:\/\/i0.wp.com\/terjebjornstad.com\/no\/wp-content\/uploads\/2025\/06\/mercedes-benz-w115-laerdal-1920x1920-1.jpg?fit=1920%2C1920&amp;ssl=1\" data-orig-size=\"1920,1920\" data-comments-opened=\"1\" data-image-meta=\"{&quot;aperture&quot;:&quot;0&quot;,&quot;credit&quot;:&quot;&quot;,&quot;camera&quot;:&quot;&quot;,&quot;caption&quot;:&quot;&quot;,&quot;created_timestamp&quot;:&quot;0&quot;,&quot;copyright&quot;:&quot;&quot;,&quot;focal_length&quot;:&quot;0&quot;,&quot;iso&quot;:&quot;0&quot;,&quot;shutter_speed&quot;:&quot;0&quot;,&quot;title&quot;:&quot;&quot;,&quot;orientation&quot;:&quot;0&quot;}\" data-image-title=\"mercedes-benz-w115-laerdal-1920&amp;#215;1920\" data-image-description=\"\" data-image-caption=\"&lt;p&gt;Mercedes-Benz 200D med L\u00e6rdal f\u00f8rstehjelpspute&lt;\/p&gt;\n\" data-large-file=\"https:\/\/i0.wp.com\/terjebjornstad.com\/no\/wp-content\/uploads\/2025\/06\/mercedes-benz-w115-laerdal-1920x1920-1.jpg?fit=980%2C980&amp;ssl=1\" src=\"https:\/\/i0.wp.com\/terjebjornstad.com\/no\/wp-content\/uploads\/2025\/06\/mercedes-benz-w115-laerdal-1920x1920-1.jpg?resize=980%2C980&#038;ssl=1\" alt=\"\" width=\"980\" height=\"980\" class=\"size-full wp-image-81043\" srcset=\"https:\/\/i0.wp.com\/terjebjornstad.com\/no\/wp-content\/uploads\/2025\/06\/mercedes-benz-w115-laerdal-1920x1920-1.jpg?w=1920&amp;ssl=1 1920w, https:\/\/i0.wp.com\/terjebjornstad.com\/no\/wp-content\/uploads\/2025\/06\/mercedes-benz-w115-laerdal-1920x1920-1.jpg?resize=300%2C300&amp;ssl=1 300w, https:\/\/i0.wp.com\/terjebjornstad.com\/no\/wp-content\/uploads\/2025\/06\/mercedes-benz-w115-laerdal-1920x1920-1.jpg?resize=1080%2C1080&amp;ssl=1 1080w, https:\/\/i0.wp.com\/terjebjornstad.com\/no\/wp-content\/uploads\/2025\/06\/mercedes-benz-w115-laerdal-1920x1920-1.jpg?resize=150%2C150&amp;ssl=1 150w, https:\/\/i0.wp.com\/terjebjornstad.com\/no\/wp-content\/uploads\/2025\/06\/mercedes-benz-w115-laerdal-1920x1920-1.jpg?resize=768%2C768&amp;ssl=1 768w, https:\/\/i0.wp.com\/terjebjornstad.com\/no\/wp-content\/uploads\/2025\/06\/mercedes-benz-w115-laerdal-1920x1920-1.jpg?resize=1536%2C1536&amp;ssl=1 1536w, https:\/\/i0.wp.com\/terjebjornstad.com\/no\/wp-content\/uploads\/2025\/06\/mercedes-benz-w115-laerdal-1920x1920-1.jpg?resize=690%2C690&amp;ssl=1 690w, https:\/\/i0.wp.com\/terjebjornstad.com\/no\/wp-content\/uploads\/2025\/06\/mercedes-benz-w115-laerdal-1920x1920-1.jpg?resize=980%2C980&amp;ssl=1 980w, https:\/\/i0.wp.com\/terjebjornstad.com\/no\/wp-content\/uploads\/2025\/06\/mercedes-benz-w115-laerdal-1920x1920-1.jpg?resize=50%2C50&amp;ssl=1 50w\" sizes=\"auto, (max-width: 980px) 100vw, 980px\" \/><\/a><figcaption id=\"caption-attachment-81043\" class=\"wp-caption-text\">Mercedes-Benz 200D med L\u00e6rdal f\u00f8rstehjelpspute<\/figcaption><\/figure><br \/>\n&nbsp;<br \/>\n1973 var siste \u00e5r f\u00f8r W114\/W115 fikk en facelift for modell\u00e5ret 1974. Legg merke til f\u00f8rstehjelps-puta p\u00e5 hattehyllen. Disse ble produsert i L\u00e6rdal og var popul\u00e6re julegaver til bileiere over hele landet p\u00e5 1970-tallet<\/p>\n<p>&nbsp;<br \/>\n<figure id=\"attachment_81030\" aria-describedby=\"caption-attachment-81030\" style=\"width: 1920px\" class=\"wp-caption aligncenter\"><a href=\"https:\/\/i0.wp.com\/terjebjornstad.com\/no\/wp-content\/uploads\/2025\/06\/1985-mercedes-benz-300-tdt-1920x1440-1.jpg?ssl=1\"><img data-recalc-dims=\"1\" loading=\"lazy\" decoding=\"async\" data-attachment-id=\"81030\" data-permalink=\"https:\/\/terjebjornstad.com\/no\/2025\/06\/08\/classic-weekend-hos-bertel-o-steen\/1985-mercedes-benz-300-tdt-1920x1440\/\" data-orig-file=\"https:\/\/i0.wp.com\/terjebjornstad.com\/no\/wp-content\/uploads\/2025\/06\/1985-mercedes-benz-300-tdt-1920x1440-1.jpg?fit=1920%2C1440&amp;ssl=1\" data-orig-size=\"1920,1440\" data-comments-opened=\"1\" data-image-meta=\"{&quot;aperture&quot;:&quot;0&quot;,&quot;credit&quot;:&quot;&quot;,&quot;camera&quot;:&quot;&quot;,&quot;caption&quot;:&quot;&quot;,&quot;created_timestamp&quot;:&quot;0&quot;,&quot;copyright&quot;:&quot;&quot;,&quot;focal_length&quot;:&quot;0&quot;,&quot;iso&quot;:&quot;0&quot;,&quot;shutter_speed&quot;:&quot;0&quot;,&quot;title&quot;:&quot;&quot;,&quot;orientation&quot;:&quot;0&quot;}\" data-image-title=\"1985-mercedes-benz-300-tdt-1920&amp;#215;1440\" data-image-description=\"\" data-image-caption=\"&lt;p&gt;1985 Mercedes-Benz 300TDT&lt;\/p&gt;\n\" data-large-file=\"https:\/\/i0.wp.com\/terjebjornstad.com\/no\/wp-content\/uploads\/2025\/06\/1985-mercedes-benz-300-tdt-1920x1440-1.jpg?fit=980%2C735&amp;ssl=1\" src=\"https:\/\/i0.wp.com\/terjebjornstad.com\/no\/wp-content\/uploads\/2025\/06\/1985-mercedes-benz-300-tdt-1920x1440-1.jpg?resize=980%2C735&#038;ssl=1\" alt=\"bertel o. steen\" width=\"980\" height=\"735\" class=\"size-full wp-image-81030\" srcset=\"https:\/\/i0.wp.com\/terjebjornstad.com\/no\/wp-content\/uploads\/2025\/06\/1985-mercedes-benz-300-tdt-1920x1440-1.jpg?w=1920&amp;ssl=1 1920w, https:\/\/i0.wp.com\/terjebjornstad.com\/no\/wp-content\/uploads\/2025\/06\/1985-mercedes-benz-300-tdt-1920x1440-1.jpg?resize=300%2C225&amp;ssl=1 300w, https:\/\/i0.wp.com\/terjebjornstad.com\/no\/wp-content\/uploads\/2025\/06\/1985-mercedes-benz-300-tdt-1920x1440-1.jpg?resize=1080%2C810&amp;ssl=1 1080w, https:\/\/i0.wp.com\/terjebjornstad.com\/no\/wp-content\/uploads\/2025\/06\/1985-mercedes-benz-300-tdt-1920x1440-1.jpg?resize=768%2C576&amp;ssl=1 768w, https:\/\/i0.wp.com\/terjebjornstad.com\/no\/wp-content\/uploads\/2025\/06\/1985-mercedes-benz-300-tdt-1920x1440-1.jpg?resize=1536%2C1152&amp;ssl=1 1536w, https:\/\/i0.wp.com\/terjebjornstad.com\/no\/wp-content\/uploads\/2025\/06\/1985-mercedes-benz-300-tdt-1920x1440-1.jpg?resize=690%2C518&amp;ssl=1 690w, https:\/\/i0.wp.com\/terjebjornstad.com\/no\/wp-content\/uploads\/2025\/06\/1985-mercedes-benz-300-tdt-1920x1440-1.jpg?resize=980%2C735&amp;ssl=1 980w\" sizes=\"auto, (max-width: 980px) 100vw, 980px\" \/><\/a><figcaption id=\"caption-attachment-81030\" class=\"wp-caption-text\">1985 Mercedes-Benz 300TDT<\/figcaption><\/figure><\/p>\n<p><figure id=\"attachment_81028\" aria-describedby=\"caption-attachment-81028\" style=\"width: 1920px\" class=\"wp-caption aligncenter\"><a href=\"https:\/\/i0.wp.com\/terjebjornstad.com\/no\/wp-content\/uploads\/2025\/06\/1977-mercedes-benz-280-ce-1920x1440-1.jpg?ssl=1\"><img data-recalc-dims=\"1\" loading=\"lazy\" decoding=\"async\" data-attachment-id=\"81028\" data-permalink=\"https:\/\/terjebjornstad.com\/no\/mercedes-benz-w123\/1977-mercedes-benz-280-ce-1920x1440\/\" data-orig-file=\"https:\/\/i0.wp.com\/terjebjornstad.com\/no\/wp-content\/uploads\/2025\/06\/1977-mercedes-benz-280-ce-1920x1440-1.jpg?fit=1920%2C1440&amp;ssl=1\" data-orig-size=\"1920,1440\" data-comments-opened=\"1\" data-image-meta=\"{&quot;aperture&quot;:&quot;0&quot;,&quot;credit&quot;:&quot;&quot;,&quot;camera&quot;:&quot;&quot;,&quot;caption&quot;:&quot;&quot;,&quot;created_timestamp&quot;:&quot;0&quot;,&quot;copyright&quot;:&quot;&quot;,&quot;focal_length&quot;:&quot;0&quot;,&quot;iso&quot;:&quot;0&quot;,&quot;shutter_speed&quot;:&quot;0&quot;,&quot;title&quot;:&quot;&quot;,&quot;orientation&quot;:&quot;0&quot;}\" data-image-title=\"1977-mercedes-benz-280-ce-1920&amp;#215;1440\" data-image-description=\"\" data-image-caption=\"&lt;p&gt;1977 Mercedes-Benz 280CE&lt;\/p&gt;\n\" data-large-file=\"https:\/\/i0.wp.com\/terjebjornstad.com\/no\/wp-content\/uploads\/2025\/06\/1977-mercedes-benz-280-ce-1920x1440-1.jpg?fit=980%2C735&amp;ssl=1\" src=\"https:\/\/i0.wp.com\/terjebjornstad.com\/no\/wp-content\/uploads\/2025\/06\/1977-mercedes-benz-280-ce-1920x1440-1.jpg?resize=980%2C735&#038;ssl=1\" alt=\"\" width=\"980\" height=\"735\" class=\"size-full wp-image-81028\" srcset=\"https:\/\/i0.wp.com\/terjebjornstad.com\/no\/wp-content\/uploads\/2025\/06\/1977-mercedes-benz-280-ce-1920x1440-1.jpg?w=1920&amp;ssl=1 1920w, https:\/\/i0.wp.com\/terjebjornstad.com\/no\/wp-content\/uploads\/2025\/06\/1977-mercedes-benz-280-ce-1920x1440-1.jpg?resize=300%2C225&amp;ssl=1 300w, https:\/\/i0.wp.com\/terjebjornstad.com\/no\/wp-content\/uploads\/2025\/06\/1977-mercedes-benz-280-ce-1920x1440-1.jpg?resize=1080%2C810&amp;ssl=1 1080w, https:\/\/i0.wp.com\/terjebjornstad.com\/no\/wp-content\/uploads\/2025\/06\/1977-mercedes-benz-280-ce-1920x1440-1.jpg?resize=768%2C576&amp;ssl=1 768w, https:\/\/i0.wp.com\/terjebjornstad.com\/no\/wp-content\/uploads\/2025\/06\/1977-mercedes-benz-280-ce-1920x1440-1.jpg?resize=1536%2C1152&amp;ssl=1 1536w, https:\/\/i0.wp.com\/terjebjornstad.com\/no\/wp-content\/uploads\/2025\/06\/1977-mercedes-benz-280-ce-1920x1440-1.jpg?resize=690%2C518&amp;ssl=1 690w, https:\/\/i0.wp.com\/terjebjornstad.com\/no\/wp-content\/uploads\/2025\/06\/1977-mercedes-benz-280-ce-1920x1440-1.jpg?resize=980%2C735&amp;ssl=1 980w\" sizes=\"auto, (max-width: 980px) 100vw, 980px\" \/><\/a><figcaption id=\"caption-attachment-81028\" class=\"wp-caption-text\">1977 Mercedes-Benz 280CE<\/figcaption><\/figure><\/p>\n<p><figure id=\"attachment_81029\" aria-describedby=\"caption-attachment-81029\" style=\"width: 1920px\" class=\"wp-caption aligncenter\"><a href=\"https:\/\/i0.wp.com\/terjebjornstad.com\/no\/wp-content\/uploads\/2025\/06\/1977-mercedes-benz-280-ce-1920x1920-1.jpg?ssl=1\"><img data-recalc-dims=\"1\" loading=\"lazy\" decoding=\"async\" data-attachment-id=\"81029\" data-permalink=\"https:\/\/terjebjornstad.com\/no\/mercedes-benz-w123\/1977-mercedes-benz-280-ce-1920x1920\/\" data-orig-file=\"https:\/\/i0.wp.com\/terjebjornstad.com\/no\/wp-content\/uploads\/2025\/06\/1977-mercedes-benz-280-ce-1920x1920-1.jpg?fit=1920%2C1920&amp;ssl=1\" data-orig-size=\"1920,1920\" data-comments-opened=\"1\" data-image-meta=\"{&quot;aperture&quot;:&quot;0&quot;,&quot;credit&quot;:&quot;&quot;,&quot;camera&quot;:&quot;&quot;,&quot;caption&quot;:&quot;&quot;,&quot;created_timestamp&quot;:&quot;0&quot;,&quot;copyright&quot;:&quot;&quot;,&quot;focal_length&quot;:&quot;0&quot;,&quot;iso&quot;:&quot;0&quot;,&quot;shutter_speed&quot;:&quot;0&quot;,&quot;title&quot;:&quot;&quot;,&quot;orientation&quot;:&quot;0&quot;}\" data-image-title=\"1977-mercedes-benz-280-ce-1920&amp;#215;1920\" data-image-description=\"\" data-image-caption=\"&lt;p&gt;1977 Mercedes-Benz 280CE&lt;\/p&gt;\n\" data-large-file=\"https:\/\/i0.wp.com\/terjebjornstad.com\/no\/wp-content\/uploads\/2025\/06\/1977-mercedes-benz-280-ce-1920x1920-1.jpg?fit=980%2C980&amp;ssl=1\" src=\"https:\/\/i0.wp.com\/terjebjornstad.com\/no\/wp-content\/uploads\/2025\/06\/1977-mercedes-benz-280-ce-1920x1920-1.jpg?resize=980%2C980&#038;ssl=1\" alt=\"\" width=\"980\" height=\"980\" class=\"size-full wp-image-81029\" srcset=\"https:\/\/i0.wp.com\/terjebjornstad.com\/no\/wp-content\/uploads\/2025\/06\/1977-mercedes-benz-280-ce-1920x1920-1.jpg?w=1920&amp;ssl=1 1920w, https:\/\/i0.wp.com\/terjebjornstad.com\/no\/wp-content\/uploads\/2025\/06\/1977-mercedes-benz-280-ce-1920x1920-1.jpg?resize=300%2C300&amp;ssl=1 300w, https:\/\/i0.wp.com\/terjebjornstad.com\/no\/wp-content\/uploads\/2025\/06\/1977-mercedes-benz-280-ce-1920x1920-1.jpg?resize=1080%2C1080&amp;ssl=1 1080w, https:\/\/i0.wp.com\/terjebjornstad.com\/no\/wp-content\/uploads\/2025\/06\/1977-mercedes-benz-280-ce-1920x1920-1.jpg?resize=150%2C150&amp;ssl=1 150w, https:\/\/i0.wp.com\/terjebjornstad.com\/no\/wp-content\/uploads\/2025\/06\/1977-mercedes-benz-280-ce-1920x1920-1.jpg?resize=768%2C768&amp;ssl=1 768w, https:\/\/i0.wp.com\/terjebjornstad.com\/no\/wp-content\/uploads\/2025\/06\/1977-mercedes-benz-280-ce-1920x1920-1.jpg?resize=1536%2C1536&amp;ssl=1 1536w, https:\/\/i0.wp.com\/terjebjornstad.com\/no\/wp-content\/uploads\/2025\/06\/1977-mercedes-benz-280-ce-1920x1920-1.jpg?resize=690%2C690&amp;ssl=1 690w, https:\/\/i0.wp.com\/terjebjornstad.com\/no\/wp-content\/uploads\/2025\/06\/1977-mercedes-benz-280-ce-1920x1920-1.jpg?resize=980%2C980&amp;ssl=1 980w, https:\/\/i0.wp.com\/terjebjornstad.com\/no\/wp-content\/uploads\/2025\/06\/1977-mercedes-benz-280-ce-1920x1920-1.jpg?resize=50%2C50&amp;ssl=1 50w\" sizes=\"auto, (max-width: 980px) 100vw, 980px\" \/><\/a><figcaption id=\"caption-attachment-81029\" class=\"wp-caption-text\">1977 Mercedes-Benz 280CE<\/figcaption><\/figure><br \/>\n&nbsp;<br \/>\nW123 er en skikkelig kvalitetsbil. Bilene t\u00e5lte mange hundre tusener problemfrie kilometere og var popul\u00e6re som taxi over nesten hele verden. Ikke bare var bilenes konstruksjon sv\u00e6rt solid og robust, \u2013 de var ogs\u00e5 sammensatt under streng kvalitetskontroll. Da er det kanskje ikke s\u00e5 merkelig at mange fremdeles ruller p\u00e5 veiene.<\/p>\n<p>&nbsp;<br \/>\n<figure id=\"attachment_81036\" aria-describedby=\"caption-attachment-81036\" style=\"width: 1920px\" class=\"wp-caption aligncenter\"><a href=\"https:\/\/i0.wp.com\/terjebjornstad.com\/no\/wp-content\/uploads\/2025\/06\/mercedes-benz-g-wagen-manufaktur-1920x1920-1.jpg?ssl=1\"><img data-recalc-dims=\"1\" loading=\"lazy\" decoding=\"async\" data-attachment-id=\"81036\" data-permalink=\"https:\/\/terjebjornstad.com\/no\/2025\/06\/08\/classic-weekend-hos-bertel-o-steen\/mercedes-benz-g-wagen-manufaktur-1920x1920\/\" data-orig-file=\"https:\/\/i0.wp.com\/terjebjornstad.com\/no\/wp-content\/uploads\/2025\/06\/mercedes-benz-g-wagen-manufaktur-1920x1920-1.jpg?fit=1920%2C1920&amp;ssl=1\" data-orig-size=\"1920,1920\" data-comments-opened=\"1\" data-image-meta=\"{&quot;aperture&quot;:&quot;0&quot;,&quot;credit&quot;:&quot;&quot;,&quot;camera&quot;:&quot;&quot;,&quot;caption&quot;:&quot;&quot;,&quot;created_timestamp&quot;:&quot;0&quot;,&quot;copyright&quot;:&quot;&quot;,&quot;focal_length&quot;:&quot;0&quot;,&quot;iso&quot;:&quot;0&quot;,&quot;shutter_speed&quot;:&quot;0&quot;,&quot;title&quot;:&quot;&quot;,&quot;orientation&quot;:&quot;0&quot;}\" data-image-title=\"mercedes-benz-g-wagen-manufaktur-1920&amp;#215;1920\" data-image-description=\"\" data-image-caption=\"&lt;p&gt;Mercedes-Benz G Klasse Manufaktur&lt;\/p&gt;\n\" data-large-file=\"https:\/\/i0.wp.com\/terjebjornstad.com\/no\/wp-content\/uploads\/2025\/06\/mercedes-benz-g-wagen-manufaktur-1920x1920-1.jpg?fit=980%2C980&amp;ssl=1\" src=\"https:\/\/i0.wp.com\/terjebjornstad.com\/no\/wp-content\/uploads\/2025\/06\/mercedes-benz-g-wagen-manufaktur-1920x1920-1.jpg?resize=980%2C980&#038;ssl=1\" alt=\"bertel o. steen\" width=\"980\" height=\"980\" class=\"size-full wp-image-81036\" srcset=\"https:\/\/i0.wp.com\/terjebjornstad.com\/no\/wp-content\/uploads\/2025\/06\/mercedes-benz-g-wagen-manufaktur-1920x1920-1.jpg?w=1920&amp;ssl=1 1920w, https:\/\/i0.wp.com\/terjebjornstad.com\/no\/wp-content\/uploads\/2025\/06\/mercedes-benz-g-wagen-manufaktur-1920x1920-1.jpg?resize=300%2C300&amp;ssl=1 300w, https:\/\/i0.wp.com\/terjebjornstad.com\/no\/wp-content\/uploads\/2025\/06\/mercedes-benz-g-wagen-manufaktur-1920x1920-1.jpg?resize=1080%2C1080&amp;ssl=1 1080w, https:\/\/i0.wp.com\/terjebjornstad.com\/no\/wp-content\/uploads\/2025\/06\/mercedes-benz-g-wagen-manufaktur-1920x1920-1.jpg?resize=150%2C150&amp;ssl=1 150w, https:\/\/i0.wp.com\/terjebjornstad.com\/no\/wp-content\/uploads\/2025\/06\/mercedes-benz-g-wagen-manufaktur-1920x1920-1.jpg?resize=768%2C768&amp;ssl=1 768w, https:\/\/i0.wp.com\/terjebjornstad.com\/no\/wp-content\/uploads\/2025\/06\/mercedes-benz-g-wagen-manufaktur-1920x1920-1.jpg?resize=1536%2C1536&amp;ssl=1 1536w, https:\/\/i0.wp.com\/terjebjornstad.com\/no\/wp-content\/uploads\/2025\/06\/mercedes-benz-g-wagen-manufaktur-1920x1920-1.jpg?resize=690%2C690&amp;ssl=1 690w, https:\/\/i0.wp.com\/terjebjornstad.com\/no\/wp-content\/uploads\/2025\/06\/mercedes-benz-g-wagen-manufaktur-1920x1920-1.jpg?resize=980%2C980&amp;ssl=1 980w, https:\/\/i0.wp.com\/terjebjornstad.com\/no\/wp-content\/uploads\/2025\/06\/mercedes-benz-g-wagen-manufaktur-1920x1920-1.jpg?resize=50%2C50&amp;ssl=1 50w\" sizes=\"auto, (max-width: 980px) 100vw, 980px\" \/><\/a><figcaption id=\"caption-attachment-81036\" class=\"wp-caption-text\">Mercedes-Benz G Klasse MANUFAKTUR<\/figcaption><\/figure><br \/>\nMANUFAKTUR gir kunden muligheter til \u00e5 bestemme unike og personlige preg p\u00e5 bilene &#8211; b\u00e5de utvendig og innvendig. Ett eksempel er valg av farger.<\/p>\n<p>&nbsp;<br \/>\n<figure id=\"attachment_81037\" aria-describedby=\"caption-attachment-81037\" style=\"width: 1920px\" class=\"wp-caption aligncenter\"><a href=\"https:\/\/i0.wp.com\/terjebjornstad.com\/no\/wp-content\/uploads\/2025\/06\/mercedes-benz-slr-mclaren-1920x1440-1.jpg?ssl=1\"><img data-recalc-dims=\"1\" loading=\"lazy\" decoding=\"async\" data-attachment-id=\"81037\" data-permalink=\"https:\/\/terjebjornstad.com\/no\/2025\/06\/08\/classic-weekend-hos-bertel-o-steen\/mercedes-benz-slr-mclaren-1920x1440\/\" data-orig-file=\"https:\/\/i0.wp.com\/terjebjornstad.com\/no\/wp-content\/uploads\/2025\/06\/mercedes-benz-slr-mclaren-1920x1440-1.jpg?fit=1920%2C1440&amp;ssl=1\" data-orig-size=\"1920,1440\" data-comments-opened=\"1\" data-image-meta=\"{&quot;aperture&quot;:&quot;0&quot;,&quot;credit&quot;:&quot;&quot;,&quot;camera&quot;:&quot;&quot;,&quot;caption&quot;:&quot;&quot;,&quot;created_timestamp&quot;:&quot;0&quot;,&quot;copyright&quot;:&quot;&quot;,&quot;focal_length&quot;:&quot;0&quot;,&quot;iso&quot;:&quot;0&quot;,&quot;shutter_speed&quot;:&quot;0&quot;,&quot;title&quot;:&quot;&quot;,&quot;orientation&quot;:&quot;0&quot;}\" data-image-title=\"mercedes-benz-slr-mclaren-1920&amp;#215;1440\" data-image-description=\"\" data-image-caption=\"&lt;p&gt;Mercedes-Benz SLR McLaren&lt;\/p&gt;\n\" data-large-file=\"https:\/\/i0.wp.com\/terjebjornstad.com\/no\/wp-content\/uploads\/2025\/06\/mercedes-benz-slr-mclaren-1920x1440-1.jpg?fit=980%2C735&amp;ssl=1\" src=\"https:\/\/i0.wp.com\/terjebjornstad.com\/no\/wp-content\/uploads\/2025\/06\/mercedes-benz-slr-mclaren-1920x1440-1.jpg?resize=980%2C735&#038;ssl=1\" alt=\"\" width=\"980\" height=\"735\" class=\"size-full wp-image-81037\" srcset=\"https:\/\/i0.wp.com\/terjebjornstad.com\/no\/wp-content\/uploads\/2025\/06\/mercedes-benz-slr-mclaren-1920x1440-1.jpg?w=1920&amp;ssl=1 1920w, https:\/\/i0.wp.com\/terjebjornstad.com\/no\/wp-content\/uploads\/2025\/06\/mercedes-benz-slr-mclaren-1920x1440-1.jpg?resize=300%2C225&amp;ssl=1 300w, https:\/\/i0.wp.com\/terjebjornstad.com\/no\/wp-content\/uploads\/2025\/06\/mercedes-benz-slr-mclaren-1920x1440-1.jpg?resize=1080%2C810&amp;ssl=1 1080w, https:\/\/i0.wp.com\/terjebjornstad.com\/no\/wp-content\/uploads\/2025\/06\/mercedes-benz-slr-mclaren-1920x1440-1.jpg?resize=768%2C576&amp;ssl=1 768w, https:\/\/i0.wp.com\/terjebjornstad.com\/no\/wp-content\/uploads\/2025\/06\/mercedes-benz-slr-mclaren-1920x1440-1.jpg?resize=1536%2C1152&amp;ssl=1 1536w, https:\/\/i0.wp.com\/terjebjornstad.com\/no\/wp-content\/uploads\/2025\/06\/mercedes-benz-slr-mclaren-1920x1440-1.jpg?resize=690%2C518&amp;ssl=1 690w, https:\/\/i0.wp.com\/terjebjornstad.com\/no\/wp-content\/uploads\/2025\/06\/mercedes-benz-slr-mclaren-1920x1440-1.jpg?resize=980%2C735&amp;ssl=1 980w\" sizes=\"auto, (max-width: 980px) 100vw, 980px\" \/><\/a><figcaption id=\"caption-attachment-81037\" class=\"wp-caption-text\">Mercedes-Benz SLR McLaren<\/figcaption><\/figure><\/p>\n<p><figure id=\"attachment_81038\" aria-describedby=\"caption-attachment-81038\" style=\"width: 1920px\" class=\"wp-caption aligncenter\"><a href=\"https:\/\/i0.wp.com\/terjebjornstad.com\/no\/wp-content\/uploads\/2025\/06\/mercedes-benz-slr-mclaren-2229-1920x1280-1.jpg?ssl=1\"><img data-recalc-dims=\"1\" loading=\"lazy\" decoding=\"async\" data-attachment-id=\"81038\" data-permalink=\"https:\/\/terjebjornstad.com\/no\/2025\/06\/08\/classic-weekend-hos-bertel-o-steen\/mercedes-benz-slr-mclaren-2229-1920x1280\/\" data-orig-file=\"https:\/\/i0.wp.com\/terjebjornstad.com\/no\/wp-content\/uploads\/2025\/06\/mercedes-benz-slr-mclaren-2229-1920x1280-1.jpg?fit=1920%2C1280&amp;ssl=1\" data-orig-size=\"1920,1280\" data-comments-opened=\"1\" data-image-meta=\"{&quot;aperture&quot;:&quot;5.6&quot;,&quot;credit&quot;:&quot;&quot;,&quot;camera&quot;:&quot;DSC-RX100M3&quot;,&quot;caption&quot;:&quot;&quot;,&quot;created_timestamp&quot;:&quot;1749301180&quot;,&quot;copyright&quot;:&quot;&quot;,&quot;focal_length&quot;:&quot;8.8&quot;,&quot;iso&quot;:&quot;125&quot;,&quot;shutter_speed&quot;:&quot;0.0025&quot;,&quot;title&quot;:&quot;&quot;,&quot;orientation&quot;:&quot;1&quot;}\" data-image-title=\"mercedes-benz-slr-mclaren-2229-1920&amp;#215;1280\" data-image-description=\"\" data-image-caption=\"&lt;p&gt;Mercedes-Benz SLR McLaren&lt;\/p&gt;\n\" data-large-file=\"https:\/\/i0.wp.com\/terjebjornstad.com\/no\/wp-content\/uploads\/2025\/06\/mercedes-benz-slr-mclaren-2229-1920x1280-1.jpg?fit=980%2C653&amp;ssl=1\" src=\"https:\/\/i0.wp.com\/terjebjornstad.com\/no\/wp-content\/uploads\/2025\/06\/mercedes-benz-slr-mclaren-2229-1920x1280-1.jpg?resize=980%2C653&#038;ssl=1\" alt=\"\" width=\"980\" height=\"653\" class=\"size-full wp-image-81038\" srcset=\"https:\/\/i0.wp.com\/terjebjornstad.com\/no\/wp-content\/uploads\/2025\/06\/mercedes-benz-slr-mclaren-2229-1920x1280-1.jpg?w=1920&amp;ssl=1 1920w, https:\/\/i0.wp.com\/terjebjornstad.com\/no\/wp-content\/uploads\/2025\/06\/mercedes-benz-slr-mclaren-2229-1920x1280-1.jpg?resize=300%2C200&amp;ssl=1 300w, https:\/\/i0.wp.com\/terjebjornstad.com\/no\/wp-content\/uploads\/2025\/06\/mercedes-benz-slr-mclaren-2229-1920x1280-1.jpg?resize=1080%2C720&amp;ssl=1 1080w, https:\/\/i0.wp.com\/terjebjornstad.com\/no\/wp-content\/uploads\/2025\/06\/mercedes-benz-slr-mclaren-2229-1920x1280-1.jpg?resize=768%2C512&amp;ssl=1 768w, https:\/\/i0.wp.com\/terjebjornstad.com\/no\/wp-content\/uploads\/2025\/06\/mercedes-benz-slr-mclaren-2229-1920x1280-1.jpg?resize=1536%2C1024&amp;ssl=1 1536w, https:\/\/i0.wp.com\/terjebjornstad.com\/no\/wp-content\/uploads\/2025\/06\/mercedes-benz-slr-mclaren-2229-1920x1280-1.jpg?resize=690%2C460&amp;ssl=1 690w, https:\/\/i0.wp.com\/terjebjornstad.com\/no\/wp-content\/uploads\/2025\/06\/mercedes-benz-slr-mclaren-2229-1920x1280-1.jpg?resize=980%2C653&amp;ssl=1 980w\" sizes=\"auto, (max-width: 980px) 100vw, 980px\" \/><\/a><figcaption id=\"caption-attachment-81038\" class=\"wp-caption-text\">Mercedes-Benz SLR McLaren<\/figcaption><\/figure><br \/>\n&nbsp;<br \/>\n<figure id=\"attachment_81042\" aria-describedby=\"caption-attachment-81042\" style=\"width: 1920px\" class=\"wp-caption aligncenter\"><a href=\"https:\/\/i0.wp.com\/terjebjornstad.com\/no\/wp-content\/uploads\/2025\/06\/mercedes-benz-w108-1920x1280-1.jpg?ssl=1\"><img data-recalc-dims=\"1\" loading=\"lazy\" decoding=\"async\" data-attachment-id=\"81042\" data-permalink=\"https:\/\/terjebjornstad.com\/no\/2025\/06\/08\/classic-weekend-hos-bertel-o-steen\/mercedes-benz-w108-1920x1280\/\" data-orig-file=\"https:\/\/i0.wp.com\/terjebjornstad.com\/no\/wp-content\/uploads\/2025\/06\/mercedes-benz-w108-1920x1280-1.jpg?fit=1920%2C1280&amp;ssl=1\" data-orig-size=\"1920,1280\" data-comments-opened=\"1\" data-image-meta=\"{&quot;aperture&quot;:&quot;0&quot;,&quot;credit&quot;:&quot;&quot;,&quot;camera&quot;:&quot;&quot;,&quot;caption&quot;:&quot;&quot;,&quot;created_timestamp&quot;:&quot;0&quot;,&quot;copyright&quot;:&quot;&quot;,&quot;focal_length&quot;:&quot;0&quot;,&quot;iso&quot;:&quot;0&quot;,&quot;shutter_speed&quot;:&quot;0&quot;,&quot;title&quot;:&quot;&quot;,&quot;orientation&quot;:&quot;0&quot;}\" data-image-title=\"mercedes-benz-w108-1920&amp;#215;1280\" data-image-description=\"\" data-image-caption=\"&lt;p&gt;Mercedes-Benz W108&lt;\/p&gt;\n\" data-large-file=\"https:\/\/i0.wp.com\/terjebjornstad.com\/no\/wp-content\/uploads\/2025\/06\/mercedes-benz-w108-1920x1280-1.jpg?fit=980%2C653&amp;ssl=1\" src=\"https:\/\/i0.wp.com\/terjebjornstad.com\/no\/wp-content\/uploads\/2025\/06\/mercedes-benz-w108-1920x1280-1.jpg?resize=980%2C653&#038;ssl=1\" alt=\"bertel o. steen l\u00f8renskog\" width=\"980\" height=\"653\" class=\"size-full wp-image-81042\" srcset=\"https:\/\/i0.wp.com\/terjebjornstad.com\/no\/wp-content\/uploads\/2025\/06\/mercedes-benz-w108-1920x1280-1.jpg?w=1920&amp;ssl=1 1920w, https:\/\/i0.wp.com\/terjebjornstad.com\/no\/wp-content\/uploads\/2025\/06\/mercedes-benz-w108-1920x1280-1.jpg?resize=300%2C200&amp;ssl=1 300w, https:\/\/i0.wp.com\/terjebjornstad.com\/no\/wp-content\/uploads\/2025\/06\/mercedes-benz-w108-1920x1280-1.jpg?resize=1080%2C720&amp;ssl=1 1080w, https:\/\/i0.wp.com\/terjebjornstad.com\/no\/wp-content\/uploads\/2025\/06\/mercedes-benz-w108-1920x1280-1.jpg?resize=768%2C512&amp;ssl=1 768w, https:\/\/i0.wp.com\/terjebjornstad.com\/no\/wp-content\/uploads\/2025\/06\/mercedes-benz-w108-1920x1280-1.jpg?resize=1536%2C1024&amp;ssl=1 1536w, https:\/\/i0.wp.com\/terjebjornstad.com\/no\/wp-content\/uploads\/2025\/06\/mercedes-benz-w108-1920x1280-1.jpg?resize=690%2C460&amp;ssl=1 690w, https:\/\/i0.wp.com\/terjebjornstad.com\/no\/wp-content\/uploads\/2025\/06\/mercedes-benz-w108-1920x1280-1.jpg?resize=980%2C653&amp;ssl=1 980w\" sizes=\"auto, (max-width: 980px) 100vw, 980px\" \/><\/a><figcaption id=\"caption-attachment-81042\" class=\"wp-caption-text\">Mercedes-Benz W108<\/figcaption><\/figure><\/p>\n<h3 class=\"tebh2\">Se ogs\u00e5<\/h3>\n<p><figure id=\"attachment_17421\" aria-describedby=\"caption-attachment-17421\" style=\"width: 150px\" class=\"wp-caption alignleft\"><a href=\"https:\/\/terjebjornstad.com\/no\/2018\/06\/18\/fotolordag-mustang-og-mercedes\/\"><img data-recalc-dims=\"1\" loading=\"lazy\" decoding=\"async\" data-attachment-id=\"17421\" data-permalink=\"https:\/\/terjebjornstad.com\/no\/2018\/06\/18\/fotolordag-mustang-og-mercedes\/mercedes-benz-slr-mclaren-1080\/\" data-orig-file=\"https:\/\/i0.wp.com\/terjebjornstad.com\/no\/wp-content\/uploads\/2018\/06\/mercedes-benz-slr-mclaren-1080.png?fit=1080%2C1080&amp;ssl=1\" data-orig-size=\"1080,1080\" data-comments-opened=\"1\" data-image-meta=\"{&quot;aperture&quot;:&quot;0&quot;,&quot;credit&quot;:&quot;&quot;,&quot;camera&quot;:&quot;&quot;,&quot;caption&quot;:&quot;&quot;,&quot;created_timestamp&quot;:&quot;0&quot;,&quot;copyright&quot;:&quot;&quot;,&quot;focal_length&quot;:&quot;0&quot;,&quot;iso&quot;:&quot;0&quot;,&quot;shutter_speed&quot;:&quot;0&quot;,&quot;title&quot;:&quot;&quot;,&quot;orientation&quot;:&quot;0&quot;}\" data-image-title=\"mercedes-benz-slr-mclaren-1080\" data-image-description=\"\" data-image-caption=\"&lt;p&gt;Fotol\u00f8rdag: Mustang og Mercedes&lt;\/p&gt;\n\" data-large-file=\"https:\/\/i0.wp.com\/terjebjornstad.com\/no\/wp-content\/uploads\/2018\/06\/mercedes-benz-slr-mclaren-1080.png?fit=980%2C980&amp;ssl=1\" src=\"https:\/\/i0.wp.com\/terjebjornstad.com\/no\/wp-content\/uploads\/2018\/06\/mercedes-benz-slr-mclaren-1080.png?resize=150%2C150&#038;ssl=1\" alt=\"bertel o. steen l\u00f8renskog\" width=\"150\" height=\"150\" class=\"size-thumbnail wp-image-17421\" srcset=\"https:\/\/i0.wp.com\/terjebjornstad.com\/no\/wp-content\/uploads\/2018\/06\/mercedes-benz-slr-mclaren-1080.png?resize=150%2C150&amp;ssl=1 150w, https:\/\/i0.wp.com\/terjebjornstad.com\/no\/wp-content\/uploads\/2018\/06\/mercedes-benz-slr-mclaren-1080.png?resize=300%2C300&amp;ssl=1 300w, https:\/\/i0.wp.com\/terjebjornstad.com\/no\/wp-content\/uploads\/2018\/06\/mercedes-benz-slr-mclaren-1080.png?resize=768%2C768&amp;ssl=1 768w, https:\/\/i0.wp.com\/terjebjornstad.com\/no\/wp-content\/uploads\/2018\/06\/mercedes-benz-slr-mclaren-1080.png?resize=1024%2C1024&amp;ssl=1 1024w, https:\/\/i0.wp.com\/terjebjornstad.com\/no\/wp-content\/uploads\/2018\/06\/mercedes-benz-slr-mclaren-1080.png?resize=690%2C690&amp;ssl=1 690w, https:\/\/i0.wp.com\/terjebjornstad.com\/no\/wp-content\/uploads\/2018\/06\/mercedes-benz-slr-mclaren-1080.png?resize=980%2C980&amp;ssl=1 980w, https:\/\/i0.wp.com\/terjebjornstad.com\/no\/wp-content\/uploads\/2018\/06\/mercedes-benz-slr-mclaren-1080.png?resize=50%2C50&amp;ssl=1 50w, https:\/\/i0.wp.com\/terjebjornstad.com\/no\/wp-content\/uploads\/2018\/06\/mercedes-benz-slr-mclaren-1080.png?w=1080&amp;ssl=1 1080w\" sizes=\"auto, (max-width: 150px) 100vw, 150px\" \/><\/a><figcaption id=\"caption-attachment-17421\" class=\"wp-caption-text\">Fotol\u00f8rdag: Mustang og Mercedes<\/figcaption><\/figure><figure id=\"attachment_14842\" aria-describedby=\"caption-attachment-14842\" style=\"width: 150px\" class=\"wp-caption alignleft\"><a href=\"https:\/\/terjebjornstad.com\/no\/2018\/03\/05\/mercedes-benz-historie-pa-brooklands\/\"><img data-recalc-dims=\"1\" loading=\"lazy\" decoding=\"async\" data-attachment-id=\"14842\" data-permalink=\"https:\/\/terjebjornstad.com\/no\/2018\/03\/05\/mercedes-benz-historie-pa-brooklands\/mbw-decor-1\/\" data-orig-file=\"https:\/\/i0.wp.com\/terjebjornstad.com\/no\/wp-content\/uploads\/2018\/03\/mbw-decor-1.png?fit=686%2C457&amp;ssl=1\" data-orig-size=\"686,457\" data-comments-opened=\"1\" data-image-meta=\"{&quot;aperture&quot;:&quot;0&quot;,&quot;credit&quot;:&quot;&quot;,&quot;camera&quot;:&quot;&quot;,&quot;caption&quot;:&quot;&quot;,&quot;created_timestamp&quot;:&quot;0&quot;,&quot;copyright&quot;:&quot;&quot;,&quot;focal_length&quot;:&quot;0&quot;,&quot;iso&quot;:&quot;0&quot;,&quot;shutter_speed&quot;:&quot;0&quot;,&quot;title&quot;:&quot;&quot;,&quot;orientation&quot;:&quot;0&quot;}\" data-image-title=\"mbw-decor-1\" data-image-description=\"\" data-image-caption=\"&lt;p&gt;Mercedes-Benz World Brooklands&lt;\/p&gt;\n\" data-large-file=\"https:\/\/i0.wp.com\/terjebjornstad.com\/no\/wp-content\/uploads\/2018\/03\/mbw-decor-1.png?fit=686%2C457&amp;ssl=1\" src=\"https:\/\/i0.wp.com\/terjebjornstad.com\/no\/wp-content\/uploads\/2018\/03\/mbw-decor-1.png?resize=150%2C150&#038;ssl=1\" alt=\"bertel o. steen l\u00f8renskog\" width=\"150\" height=\"150\" class=\"size-thumbnail wp-image-14842\" srcset=\"https:\/\/i0.wp.com\/terjebjornstad.com\/no\/wp-content\/uploads\/2018\/03\/mbw-decor-1.png?resize=150%2C150&amp;ssl=1 150w, https:\/\/i0.wp.com\/terjebjornstad.com\/no\/wp-content\/uploads\/2018\/03\/mbw-decor-1.png?resize=50%2C50&amp;ssl=1 50w, https:\/\/i0.wp.com\/terjebjornstad.com\/no\/wp-content\/uploads\/2018\/03\/mbw-decor-1.png?zoom=2&amp;resize=150%2C150&amp;ssl=1 300w, https:\/\/i0.wp.com\/terjebjornstad.com\/no\/wp-content\/uploads\/2018\/03\/mbw-decor-1.png?zoom=3&amp;resize=150%2C150&amp;ssl=1 450w\" sizes=\"auto, (max-width: 150px) 100vw, 150px\" \/><\/a><figcaption id=\"caption-attachment-14842\" class=\"wp-caption-text\">Mercedes-Benz World Brooklands<\/figcaption><\/figure><\/p>\n<h6><\/h6>\n<p><a href=\"https:\/\/www.bos.no\/\" target=\"_blank\"><strong>Bertel O. Steen<\/strong><\/a><\/p>\n<h6><\/h6>\n<\/div>\n","protected":false,"gt_translate_keys":[{"key":"rendered","format":"html"}]},"excerpt":{"rendered":"<p>Det var et stjernespekket utvalg av biler som var samlet hos Bertel O. Steens hovedkvarter p\u00e5 L\u00f8renskog i anledning Classic Weekend. Flere av bilene er b\u00e5de sjeldne og s\u00e6rdeles kostbare. Das Beste oder nichts Steller du pent med en Mercedes-Benz i 30 \u00e5r, vil den sannsynligvis bli en klassiker. Det handler ikke bare om at [&hellip;]<\/p>\n","protected":false,"gt_translate_keys":[{"key":"rendered","format":"html"}]},"author":1,"featured_media":81033,"comment_status":"open","ping_status":"open","sticky":false,"template":"","format":"standard","meta":{"_monsterinsights_skip_tracking":false,"_monsterinsights_sitenote_active":false,"_monsterinsights_sitenote_note":"","_monsterinsights_sitenote_category":0,"jetpack_post_was_ever_published":false,"_jetpack_newsletter_access":"","_jetpack_dont_email_post_to_subs":false,"_jetpack_newsletter_tier_id":0,"_jetpack_memberships_contains_paywalled_content":false,"_jetpack_memberships_contains_paid_content":false,"footnotes":"","jetpack_publicize_message":"","jetpack_publicize_feature_enabled":true,"jetpack_social_post_already_shared":true,"jetpack_social_options":{"image_generator_settings":{"template":"highway","default_image_id":0,"font":"","enabled":false},"version":2}},"categories":[34,5499],"tags":[],"class_list":["post-81049","post","type-post","status-publish","format-standard","has-post-thumbnail","hentry","category-artikkel","category-classic-weekend"],"yoast_head":"<!-- This site is optimized with the Yoast SEO plugin v27.5 - https:\/\/yoast.com\/product\/yoast-seo-wordpress\/ -->\n<title>Classic Weekend hos Bertel O. Steen - Terjes biler<\/title>\n<meta name=\"description\" content=\"Det var et stjernespekket utvalg av biler som var samlet hos Bertel O. Steens hovedkvarter p\u00e5 L\u00f8renskog for Classic Weekend.\" \/>\n<meta name=\"robots\" content=\"index, follow, max-snippet:-1, max-image-preview:large, max-video-preview:-1\" \/>\n<link rel=\"canonical\" href=\"https:\/\/terjebjornstad.com\/no\/2025\/06\/08\/classic-weekend-hos-bertel-o-steen\/\" \/>\n<meta property=\"og:locale\" content=\"nb_NO\" \/>\n<meta property=\"og:type\" content=\"article\" \/>\n<meta property=\"og:title\" content=\"Classic Weekend hos Bertel O. Steen - Terjes biler\" \/>\n<meta property=\"og:description\" content=\"Det var et stjernespekket utvalg av biler som var samlet hos Bertel O. Steens hovedkvarter p\u00e5 L\u00f8renskog for Classic Weekend.\" \/>\n<meta property=\"og:url\" content=\"https:\/\/terjebjornstad.com\/no\/2025\/06\/08\/classic-weekend-hos-bertel-o-steen\/\" \/>\n<meta property=\"og:site_name\" content=\"Terjes biler\" \/>\n<meta property=\"article:publisher\" content=\"https:\/\/www.facebook.com\/terjesbiler\/\" \/>\n<meta property=\"article:author\" content=\"https:\/\/www.facebook.com\/terjesbiler\" \/>\n<meta property=\"article:published_time\" content=\"2025-06-08T00:07:47+00:00\" \/>\n<meta property=\"article:modified_time\" content=\"2026-03-18T19:27:00+00:00\" \/>\n<meta property=\"og:image\" content=\"https:\/\/terjebjornstad.com\/no\/wp-content\/uploads\/2025\/06\/amg-gt-black-series-1920x1280-1.jpg\" \/>\n\t<meta property=\"og:image:width\" content=\"1920\" \/>\n\t<meta property=\"og:image:height\" content=\"1280\" \/>\n\t<meta property=\"og:image:type\" content=\"image\/jpeg\" \/>\n<meta name=\"author\" content=\"Terje Bj\u00f8rnstad\" \/>\n<meta name=\"twitter:card\" content=\"summary_large_image\" \/>\n<meta name=\"twitter:label1\" content=\"Skrevet av\" \/>\n\t<meta name=\"twitter:data1\" content=\"Terje Bj\u00f8rnstad\" \/>\n\t<meta name=\"twitter:label2\" content=\"Ansl. lesetid\" \/>\n\t<meta name=\"twitter:data2\" content=\"7 minutter\" \/>\n<script type=\"application\/ld+json\" class=\"yoast-schema-graph\">{\"@context\":\"https:\\\/\\\/schema.org\",\"@graph\":[{\"@type\":\"Article\",\"@id\":\"https:\\\/\\\/terjebjornstad.com\\\/no\\\/2025\\\/06\\\/08\\\/classic-weekend-hos-bertel-o-steen\\\/#article\",\"isPartOf\":{\"@id\":\"https:\\\/\\\/terjebjornstad.com\\\/no\\\/2025\\\/06\\\/08\\\/classic-weekend-hos-bertel-o-steen\\\/\"},\"author\":{\"name\":\"Terje Bj\u00f8rnstad\",\"@id\":\"https:\\\/\\\/terjebjornstad.com\\\/no\\\/#\\\/schema\\\/person\\\/a281f6a6e0f3cc9fe468e7f0c655aa65\"},\"headline\":\"Classic Weekend hos Bertel O. Steen\",\"datePublished\":\"2025-06-08T00:07:47+00:00\",\"dateModified\":\"2026-03-18T19:27:00+00:00\",\"mainEntityOfPage\":{\"@id\":\"https:\\\/\\\/terjebjornstad.com\\\/no\\\/2025\\\/06\\\/08\\\/classic-weekend-hos-bertel-o-steen\\\/\"},\"wordCount\":511,\"commentCount\":1,\"publisher\":{\"@id\":\"https:\\\/\\\/terjebjornstad.com\\\/no\\\/#organization\"},\"image\":{\"@id\":\"https:\\\/\\\/terjebjornstad.com\\\/no\\\/2025\\\/06\\\/08\\\/classic-weekend-hos-bertel-o-steen\\\/#primaryimage\"},\"thumbnailUrl\":\"https:\\\/\\\/i0.wp.com\\\/terjebjornstad.com\\\/no\\\/wp-content\\\/uploads\\\/2025\\\/06\\\/amg-gt-black-series-1920x1280-1.jpg?fit=1920%2C1280&ssl=1\",\"articleSection\":[\"Artikkel\",\"Classic Weekend\"],\"inLanguage\":\"nb-NO\",\"potentialAction\":[{\"@type\":\"CommentAction\",\"name\":\"Comment\",\"target\":[\"https:\\\/\\\/terjebjornstad.com\\\/no\\\/2025\\\/06\\\/08\\\/classic-weekend-hos-bertel-o-steen\\\/#respond\"]}]},{\"@type\":\"WebPage\",\"@id\":\"https:\\\/\\\/terjebjornstad.com\\\/no\\\/2025\\\/06\\\/08\\\/classic-weekend-hos-bertel-o-steen\\\/\",\"url\":\"https:\\\/\\\/terjebjornstad.com\\\/no\\\/2025\\\/06\\\/08\\\/classic-weekend-hos-bertel-o-steen\\\/\",\"name\":\"Classic Weekend hos Bertel O. Steen - Terjes biler\",\"isPartOf\":{\"@id\":\"https:\\\/\\\/terjebjornstad.com\\\/no\\\/#website\"},\"primaryImageOfPage\":{\"@id\":\"https:\\\/\\\/terjebjornstad.com\\\/no\\\/2025\\\/06\\\/08\\\/classic-weekend-hos-bertel-o-steen\\\/#primaryimage\"},\"image\":{\"@id\":\"https:\\\/\\\/terjebjornstad.com\\\/no\\\/2025\\\/06\\\/08\\\/classic-weekend-hos-bertel-o-steen\\\/#primaryimage\"},\"thumbnailUrl\":\"https:\\\/\\\/i0.wp.com\\\/terjebjornstad.com\\\/no\\\/wp-content\\\/uploads\\\/2025\\\/06\\\/amg-gt-black-series-1920x1280-1.jpg?fit=1920%2C1280&ssl=1\",\"datePublished\":\"2025-06-08T00:07:47+00:00\",\"dateModified\":\"2026-03-18T19:27:00+00:00\",\"description\":\"Det var et stjernespekket utvalg av biler som var samlet hos Bertel O. Steens hovedkvarter p\u00e5 L\u00f8renskog for Classic Weekend.\",\"breadcrumb\":{\"@id\":\"https:\\\/\\\/terjebjornstad.com\\\/no\\\/2025\\\/06\\\/08\\\/classic-weekend-hos-bertel-o-steen\\\/#breadcrumb\"},\"inLanguage\":\"nb-NO\",\"potentialAction\":[{\"@type\":\"ReadAction\",\"target\":[\"https:\\\/\\\/terjebjornstad.com\\\/no\\\/2025\\\/06\\\/08\\\/classic-weekend-hos-bertel-o-steen\\\/\"]}]},{\"@type\":\"ImageObject\",\"inLanguage\":\"nb-NO\",\"@id\":\"https:\\\/\\\/terjebjornstad.com\\\/no\\\/2025\\\/06\\\/08\\\/classic-weekend-hos-bertel-o-steen\\\/#primaryimage\",\"url\":\"https:\\\/\\\/i0.wp.com\\\/terjebjornstad.com\\\/no\\\/wp-content\\\/uploads\\\/2025\\\/06\\\/amg-gt-black-series-1920x1280-1.jpg?fit=1920%2C1280&ssl=1\",\"contentUrl\":\"https:\\\/\\\/i0.wp.com\\\/terjebjornstad.com\\\/no\\\/wp-content\\\/uploads\\\/2025\\\/06\\\/amg-gt-black-series-1920x1280-1.jpg?fit=1920%2C1280&ssl=1\",\"width\":1920,\"height\":1280,\"caption\":\"Classic weekend hos Bertel O Steen.\"},{\"@type\":\"BreadcrumbList\",\"@id\":\"https:\\\/\\\/terjebjornstad.com\\\/no\\\/2025\\\/06\\\/08\\\/classic-weekend-hos-bertel-o-steen\\\/#breadcrumb\",\"itemListElement\":[{\"@type\":\"ListItem\",\"position\":1,\"name\":\"Hjem\",\"item\":\"https:\\\/\\\/terjebjornstad.com\\\/no\\\/\"},{\"@type\":\"ListItem\",\"position\":2,\"name\":\"Classic Weekend hos Bertel O. Steen\"}]},{\"@type\":\"WebSite\",\"@id\":\"https:\\\/\\\/terjebjornstad.com\\\/no\\\/#website\",\"url\":\"https:\\\/\\\/terjebjornstad.com\\\/no\\\/\",\"name\":\"Terjes biler\",\"description\":\"HONEST ABOUT CARS\",\"publisher\":{\"@id\":\"https:\\\/\\\/terjebjornstad.com\\\/no\\\/#organization\"},\"alternateName\":\"Terjebjornstad.com\",\"potentialAction\":[{\"@type\":\"SearchAction\",\"target\":{\"@type\":\"EntryPoint\",\"urlTemplate\":\"https:\\\/\\\/terjebjornstad.com\\\/no\\\/?s={search_term_string}\"},\"query-input\":{\"@type\":\"PropertyValueSpecification\",\"valueRequired\":true,\"valueName\":\"search_term_string\"}}],\"inLanguage\":\"nb-NO\"},{\"@type\":\"Organization\",\"@id\":\"https:\\\/\\\/terjebjornstad.com\\\/no\\\/#organization\",\"name\":\"Terje Bj\u00f8rnstad ENK\",\"url\":\"https:\\\/\\\/terjebjornstad.com\\\/no\\\/\",\"logo\":{\"@type\":\"ImageObject\",\"inLanguage\":\"nb-NO\",\"@id\":\"https:\\\/\\\/terjebjornstad.com\\\/no\\\/#\\\/schema\\\/logo\\\/image\\\/\",\"url\":\"https:\\\/\\\/i0.wp.com\\\/terjebjornstad.com\\\/no\\\/wp-content\\\/uploads\\\/2026\\\/02\\\/terjesbiler2024-960x354-1.png?fit=960%2C354&ssl=1\",\"contentUrl\":\"https:\\\/\\\/i0.wp.com\\\/terjebjornstad.com\\\/no\\\/wp-content\\\/uploads\\\/2026\\\/02\\\/terjesbiler2024-960x354-1.png?fit=960%2C354&ssl=1\",\"width\":960,\"height\":354,\"caption\":\"Terje Bj\u00f8rnstad ENK\"},\"image\":{\"@id\":\"https:\\\/\\\/terjebjornstad.com\\\/no\\\/#\\\/schema\\\/logo\\\/image\\\/\"},\"sameAs\":[\"https:\\\/\\\/www.facebook.com\\\/terjesbiler\\\/\",\"https:\\\/\\\/www.instagram.com\\\/terjesbiler\\\/\",\"https:\\\/\\\/www.pinteres.com\\\/terjebjrnstad\\\/terjes-biler\\\/\"]},{\"@type\":\"Person\",\"@id\":\"https:\\\/\\\/terjebjornstad.com\\\/no\\\/#\\\/schema\\\/person\\\/a281f6a6e0f3cc9fe468e7f0c655aa65\",\"name\":\"Terje Bj\u00f8rnstad\",\"image\":{\"@type\":\"ImageObject\",\"inLanguage\":\"nb-NO\",\"@id\":\"https:\\\/\\\/secure.gravatar.com\\\/avatar\\\/e8dff505b51cf6cb67ae06a06022d2049aac2da1e79dc146a36b58798c4b40ea?s=96&d=mm&r=g\",\"url\":\"https:\\\/\\\/secure.gravatar.com\\\/avatar\\\/e8dff505b51cf6cb67ae06a06022d2049aac2da1e79dc146a36b58798c4b40ea?s=96&d=mm&r=g\",\"contentUrl\":\"https:\\\/\\\/secure.gravatar.com\\\/avatar\\\/e8dff505b51cf6cb67ae06a06022d2049aac2da1e79dc146a36b58798c4b40ea?s=96&d=mm&r=g\",\"caption\":\"Terje Bj\u00f8rnstad\"},\"description\":\"Terje Bj\u00f8rnstad. Bloggadministrator, hobbyfotograf og bilnerd.\",\"sameAs\":[\"https:\\\/\\\/www.facebook.com\\\/terjesbiler\",\"https:\\\/\\\/www.instagram.com\\\/terjesbiler\",\"https:\\\/\\\/no.pinterest.com\\\/terjebjrnstad\",\"https:\\\/\\\/www.youtube.com\\\/channel\\\/UCzCKJJDybyIgKqatc_JQqIg\"]}]}<\/script>\n<!-- \/ Yoast SEO plugin. -->","yoast_head_json":{"title":"Classic Weekend hos Bertel O. Steen - Terjes biler","description":"Det var et stjernespekket utvalg av biler som var samlet hos Bertel O. Steens hovedkvarter p\u00e5 L\u00f8renskog for Classic Weekend.","robots":{"index":"index","follow":"follow","max-snippet":"max-snippet:-1","max-image-preview":"max-image-preview:large","max-video-preview":"max-video-preview:-1"},"canonical":"https:\/\/terjebjornstad.com\/no\/2025\/06\/08\/classic-weekend-hos-bertel-o-steen\/","og_locale":"nb_NO","og_type":"article","og_title":"Classic Weekend hos Bertel O. Steen - Terjes biler","og_description":"Det var et stjernespekket utvalg av biler som var samlet hos Bertel O. Steens hovedkvarter p\u00e5 L\u00f8renskog for Classic Weekend.","og_url":"https:\/\/terjebjornstad.com\/no\/2025\/06\/08\/classic-weekend-hos-bertel-o-steen\/","og_site_name":"Terjes biler","article_publisher":"https:\/\/www.facebook.com\/terjesbiler\/","article_author":"https:\/\/www.facebook.com\/terjesbiler","article_published_time":"2025-06-08T00:07:47+00:00","article_modified_time":"2026-03-18T19:27:00+00:00","og_image":[{"width":1920,"height":1280,"url":"https:\/\/terjebjornstad.com\/no\/wp-content\/uploads\/2025\/06\/amg-gt-black-series-1920x1280-1.jpg","type":"image\/jpeg"}],"author":"Terje Bj\u00f8rnstad","twitter_card":"summary_large_image","twitter_misc":{"Skrevet av":"Terje Bj\u00f8rnstad","Ansl. lesetid":"7 minutter"},"schema":{"@context":"https:\/\/schema.org","@graph":[{"@type":"Article","@id":"https:\/\/terjebjornstad.com\/no\/2025\/06\/08\/classic-weekend-hos-bertel-o-steen\/#article","isPartOf":{"@id":"https:\/\/terjebjornstad.com\/no\/2025\/06\/08\/classic-weekend-hos-bertel-o-steen\/"},"author":{"name":"Terje Bj\u00f8rnstad","@id":"https:\/\/terjebjornstad.com\/no\/#\/schema\/person\/a281f6a6e0f3cc9fe468e7f0c655aa65"},"headline":"Classic Weekend hos Bertel O. Steen","datePublished":"2025-06-08T00:07:47+00:00","dateModified":"2026-03-18T19:27:00+00:00","mainEntityOfPage":{"@id":"https:\/\/terjebjornstad.com\/no\/2025\/06\/08\/classic-weekend-hos-bertel-o-steen\/"},"wordCount":511,"commentCount":1,"publisher":{"@id":"https:\/\/terjebjornstad.com\/no\/#organization"},"image":{"@id":"https:\/\/terjebjornstad.com\/no\/2025\/06\/08\/classic-weekend-hos-bertel-o-steen\/#primaryimage"},"thumbnailUrl":"https:\/\/i0.wp.com\/terjebjornstad.com\/no\/wp-content\/uploads\/2025\/06\/amg-gt-black-series-1920x1280-1.jpg?fit=1920%2C1280&ssl=1","articleSection":["Artikkel","Classic Weekend"],"inLanguage":"nb-NO","potentialAction":[{"@type":"CommentAction","name":"Comment","target":["https:\/\/terjebjornstad.com\/no\/2025\/06\/08\/classic-weekend-hos-bertel-o-steen\/#respond"]}]},{"@type":"WebPage","@id":"https:\/\/terjebjornstad.com\/no\/2025\/06\/08\/classic-weekend-hos-bertel-o-steen\/","url":"https:\/\/terjebjornstad.com\/no\/2025\/06\/08\/classic-weekend-hos-bertel-o-steen\/","name":"Classic Weekend hos Bertel O. Steen - Terjes biler","isPartOf":{"@id":"https:\/\/terjebjornstad.com\/no\/#website"},"primaryImageOfPage":{"@id":"https:\/\/terjebjornstad.com\/no\/2025\/06\/08\/classic-weekend-hos-bertel-o-steen\/#primaryimage"},"image":{"@id":"https:\/\/terjebjornstad.com\/no\/2025\/06\/08\/classic-weekend-hos-bertel-o-steen\/#primaryimage"},"thumbnailUrl":"https:\/\/i0.wp.com\/terjebjornstad.com\/no\/wp-content\/uploads\/2025\/06\/amg-gt-black-series-1920x1280-1.jpg?fit=1920%2C1280&ssl=1","datePublished":"2025-06-08T00:07:47+00:00","dateModified":"2026-03-18T19:27:00+00:00","description":"Det var et stjernespekket utvalg av biler som var samlet hos Bertel O. Steens hovedkvarter p\u00e5 L\u00f8renskog for Classic Weekend.","breadcrumb":{"@id":"https:\/\/terjebjornstad.com\/no\/2025\/06\/08\/classic-weekend-hos-bertel-o-steen\/#breadcrumb"},"inLanguage":"nb-NO","potentialAction":[{"@type":"ReadAction","target":["https:\/\/terjebjornstad.com\/no\/2025\/06\/08\/classic-weekend-hos-bertel-o-steen\/"]}]},{"@type":"ImageObject","inLanguage":"nb-NO","@id":"https:\/\/terjebjornstad.com\/no\/2025\/06\/08\/classic-weekend-hos-bertel-o-steen\/#primaryimage","url":"https:\/\/i0.wp.com\/terjebjornstad.com\/no\/wp-content\/uploads\/2025\/06\/amg-gt-black-series-1920x1280-1.jpg?fit=1920%2C1280&ssl=1","contentUrl":"https:\/\/i0.wp.com\/terjebjornstad.com\/no\/wp-content\/uploads\/2025\/06\/amg-gt-black-series-1920x1280-1.jpg?fit=1920%2C1280&ssl=1","width":1920,"height":1280,"caption":"Classic weekend hos Bertel O Steen."},{"@type":"BreadcrumbList","@id":"https:\/\/terjebjornstad.com\/no\/2025\/06\/08\/classic-weekend-hos-bertel-o-steen\/#breadcrumb","itemListElement":[{"@type":"ListItem","position":1,"name":"Hjem","item":"https:\/\/terjebjornstad.com\/no\/"},{"@type":"ListItem","position":2,"name":"Classic Weekend hos Bertel O. Steen"}]},{"@type":"WebSite","@id":"https:\/\/terjebjornstad.com\/no\/#website","url":"https:\/\/terjebjornstad.com\/no\/","name":"Terjes biler","description":"HONEST ABOUT CARS","publisher":{"@id":"https:\/\/terjebjornstad.com\/no\/#organization"},"alternateName":"Terjebjornstad.com","potentialAction":[{"@type":"SearchAction","target":{"@type":"EntryPoint","urlTemplate":"https:\/\/terjebjornstad.com\/no\/?s={search_term_string}"},"query-input":{"@type":"PropertyValueSpecification","valueRequired":true,"valueName":"search_term_string"}}],"inLanguage":"nb-NO"},{"@type":"Organization","@id":"https:\/\/terjebjornstad.com\/no\/#organization","name":"Terje Bj\u00f8rnstad ENK","url":"https:\/\/terjebjornstad.com\/no\/","logo":{"@type":"ImageObject","inLanguage":"nb-NO","@id":"https:\/\/terjebjornstad.com\/no\/#\/schema\/logo\/image\/","url":"https:\/\/i0.wp.com\/terjebjornstad.com\/no\/wp-content\/uploads\/2026\/02\/terjesbiler2024-960x354-1.png?fit=960%2C354&ssl=1","contentUrl":"https:\/\/i0.wp.com\/terjebjornstad.com\/no\/wp-content\/uploads\/2026\/02\/terjesbiler2024-960x354-1.png?fit=960%2C354&ssl=1","width":960,"height":354,"caption":"Terje Bj\u00f8rnstad ENK"},"image":{"@id":"https:\/\/terjebjornstad.com\/no\/#\/schema\/logo\/image\/"},"sameAs":["https:\/\/www.facebook.com\/terjesbiler\/","https:\/\/www.instagram.com\/terjesbiler\/","https:\/\/www.pinteres.com\/terjebjrnstad\/terjes-biler\/"]},{"@type":"Person","@id":"https:\/\/terjebjornstad.com\/no\/#\/schema\/person\/a281f6a6e0f3cc9fe468e7f0c655aa65","name":"Terje Bj\u00f8rnstad","image":{"@type":"ImageObject","inLanguage":"nb-NO","@id":"https:\/\/secure.gravatar.com\/avatar\/e8dff505b51cf6cb67ae06a06022d2049aac2da1e79dc146a36b58798c4b40ea?s=96&d=mm&r=g","url":"https:\/\/secure.gravatar.com\/avatar\/e8dff505b51cf6cb67ae06a06022d2049aac2da1e79dc146a36b58798c4b40ea?s=96&d=mm&r=g","contentUrl":"https:\/\/secure.gravatar.com\/avatar\/e8dff505b51cf6cb67ae06a06022d2049aac2da1e79dc146a36b58798c4b40ea?s=96&d=mm&r=g","caption":"Terje Bj\u00f8rnstad"},"description":"Terje Bj\u00f8rnstad. Bloggadministrator, hobbyfotograf og bilnerd.","sameAs":["https:\/\/www.facebook.com\/terjesbiler","https:\/\/www.instagram.com\/terjesbiler","https:\/\/no.pinterest.com\/terjebjrnstad","https:\/\/www.youtube.com\/channel\/UCzCKJJDybyIgKqatc_JQqIg"]}]}},"jetpack_publicize_connections":[],"jetpack_featured_media_url":"https:\/\/i0.wp.com\/terjebjornstad.com\/no\/wp-content\/uploads\/2025\/06\/amg-gt-black-series-1920x1280-1.jpg?fit=1920%2C1280&ssl=1","jetpack_sharing_enabled":true,"jetpack_shortlink":"https:\/\/wp.me\/p48zYA-l5f","jetpack-related-posts":[{"id":84076,"url":"https:\/\/terjebjornstad.com\/no\/2025\/09\/07\/veteranbiltreff-hos-andresen-bil-ski\/","url_meta":{"origin":81049,"position":0},"title":"Veteranbiltreff hos Andresen Bil, Ski","author":"Terje Bj\u00f8rnstad","date":"07\/09\/2025","format":false,"excerpt":"Andresen Bil p\u00e5 Ski feiret gjen\u00e5pning av sine lokaler etter oppussing. P\u00e5 l\u00f8rdag var det veteranbildag med biler eldre enn 30 \u00e5r. Andresen Bil er et familiedrevet konsern som forhandler Mercedes-Benz, Peugeot, Citroen og Opel. R\u00f8ttene strekker seg tilbake til 1952 da Bj\u00f8rn Andresen etablerte et verksted i foreldrenes hus.\u2026","rel":"","context":"i &quot;Biltreff&quot;","block_context":{"text":"Biltreff","link":"https:\/\/terjebjornstad.com\/no\/category\/biltreff\/"},"img":{"alt_text":"","src":"https:\/\/i0.wp.com\/terjebjornstad.com\/no\/wp-content\/uploads\/2025\/09\/1983-mercedes-benz-230e-1920x1440-1.jpg?fit=1200%2C900&ssl=1&resize=350%2C200","width":350,"height":200,"srcset":"https:\/\/i0.wp.com\/terjebjornstad.com\/no\/wp-content\/uploads\/2025\/09\/1983-mercedes-benz-230e-1920x1440-1.jpg?fit=1200%2C900&ssl=1&resize=350%2C200 1x, https:\/\/i0.wp.com\/terjebjornstad.com\/no\/wp-content\/uploads\/2025\/09\/1983-mercedes-benz-230e-1920x1440-1.jpg?fit=1200%2C900&ssl=1&resize=525%2C300 1.5x, https:\/\/i0.wp.com\/terjebjornstad.com\/no\/wp-content\/uploads\/2025\/09\/1983-mercedes-benz-230e-1920x1440-1.jpg?fit=1200%2C900&ssl=1&resize=700%2C400 2x, https:\/\/i0.wp.com\/terjebjornstad.com\/no\/wp-content\/uploads\/2025\/09\/1983-mercedes-benz-230e-1920x1440-1.jpg?fit=1200%2C900&ssl=1&resize=1050%2C600 3x"},"classes":[]},{"id":58570,"url":"https:\/\/terjebjornstad.com\/no\/2023\/03\/28\/gordon-keeble-gt\/","url_meta":{"origin":81049,"position":1},"title":"Gordon Keeble GT","author":"Terje Bj\u00f8rnstad","date":"28\/03\/2023","format":false,"excerpt":"Jeg synes engelsk bilhistorie er fascinerende. Spesielt biler som ble bygget i sm\u00e5 serier \u2013 av ekte entusiaster i gamle flyhangarer. Noen av folkene som bygde bilene, er enn\u00e5 i live. Og bilene - de tar man godt vare p\u00e5. Id\u00e9en om sette V8-motor i en engelsk gran turismo Historien,\u2026","rel":"","context":"i &quot;Gordon Keeble&quot;","block_context":{"text":"Gordon Keeble","link":"https:\/\/terjebjornstad.com\/no\/category\/gordon-keeble\/"},"img":{"alt_text":"","src":"https:\/\/i0.wp.com\/terjebjornstad.com\/no\/wp-content\/uploads\/2023\/03\/gordon-keeble-prototype-geneva-1920x1280-1.jpg?fit=1200%2C800&ssl=1&resize=350%2C200","width":350,"height":200,"srcset":"https:\/\/i0.wp.com\/terjebjornstad.com\/no\/wp-content\/uploads\/2023\/03\/gordon-keeble-prototype-geneva-1920x1280-1.jpg?fit=1200%2C800&ssl=1&resize=350%2C200 1x, https:\/\/i0.wp.com\/terjebjornstad.com\/no\/wp-content\/uploads\/2023\/03\/gordon-keeble-prototype-geneva-1920x1280-1.jpg?fit=1200%2C800&ssl=1&resize=525%2C300 1.5x, https:\/\/i0.wp.com\/terjebjornstad.com\/no\/wp-content\/uploads\/2023\/03\/gordon-keeble-prototype-geneva-1920x1280-1.jpg?fit=1200%2C800&ssl=1&resize=700%2C400 2x, https:\/\/i0.wp.com\/terjebjornstad.com\/no\/wp-content\/uploads\/2023\/03\/gordon-keeble-prototype-geneva-1920x1280-1.jpg?fit=1200%2C800&ssl=1&resize=1050%2C600 3x"},"classes":[]},{"id":46387,"url":"https:\/\/terjebjornstad.com\/no\/2022\/01\/30\/bmw-isetta-300\/","url_meta":{"origin":81049,"position":2},"title":"BMW Isetta 300","author":"Terje Bj\u00f8rnstad","date":"30\/01\/2022","format":false,"excerpt":"BMW's legendariske \"bubble car\" hadde d\u00f8r foran, stofftak som kunne \u00e5pnes og en benk hvor to mennesker kunne sitte ganske komfortabelt. Skulle man ha med seg bagasje, festet man det p\u00e5 et utvendig bagasjestativ. Med en lengde p\u00e5 kun 2,3 meter er det begrenset hva man kan f\u00e5 med seg,\u2026","rel":"","context":"i &quot;Artikkel&quot;","block_context":{"text":"Artikkel","link":"https:\/\/terjebjornstad.com\/no\/category\/artikkel\/"},"img":{"alt_text":"","src":"https:\/\/i0.wp.com\/terjebjornstad.com\/no\/wp-content\/uploads\/2022\/01\/1961-bmw-isetta-300-1.png?fit=1080%2C1080&ssl=1&resize=350%2C200","width":350,"height":200,"srcset":"https:\/\/i0.wp.com\/terjebjornstad.com\/no\/wp-content\/uploads\/2022\/01\/1961-bmw-isetta-300-1.png?fit=1080%2C1080&ssl=1&resize=350%2C200 1x, https:\/\/i0.wp.com\/terjebjornstad.com\/no\/wp-content\/uploads\/2022\/01\/1961-bmw-isetta-300-1.png?fit=1080%2C1080&ssl=1&resize=525%2C300 1.5x, https:\/\/i0.wp.com\/terjebjornstad.com\/no\/wp-content\/uploads\/2022\/01\/1961-bmw-isetta-300-1.png?fit=1080%2C1080&ssl=1&resize=700%2C400 2x, https:\/\/i0.wp.com\/terjebjornstad.com\/no\/wp-content\/uploads\/2022\/01\/1961-bmw-isetta-300-1.png?fit=1080%2C1080&ssl=1&resize=1050%2C600 3x"},"classes":[]},{"id":85311,"url":"https:\/\/terjebjornstad.com\/no\/2025\/10\/11\/eight-amcars-club-ekte-amerikanske-biler\/","url_meta":{"origin":81049,"position":3},"title":"Eight Amcars Club &#8211; ekte amerikanske biler","author":"Terje Bj\u00f8rnstad","date":"11\/10\/2025","format":false,"excerpt":"Jeg bes\u00f8kte Eight Amcars Club i dag for \u00e5 se \u00e5tte bilmerker som ikke klarte \u00e5 konkurrere med de tre store. Dette er ikke bare ekte amerikanske biler - det er ogs\u00e5 bilmodeller som ble vel tatt imot i Norge og som mange fikk oppleve. Bilindustrien i USA opplevde turbulente\u2026","rel":"","context":"i &quot;Artikkel&quot;","block_context":{"text":"Artikkel","link":"https:\/\/terjebjornstad.com\/no\/category\/artikkel\/"},"img":{"alt_text":"","src":"https:\/\/i0.wp.com\/terjebjornstad.com\/no\/wp-content\/uploads\/2025\/10\/eac-1949-hudson-commodore-six-1920x1280-1.jpg?fit=1200%2C800&ssl=1&resize=350%2C200","width":350,"height":200,"srcset":"https:\/\/i0.wp.com\/terjebjornstad.com\/no\/wp-content\/uploads\/2025\/10\/eac-1949-hudson-commodore-six-1920x1280-1.jpg?fit=1200%2C800&ssl=1&resize=350%2C200 1x, https:\/\/i0.wp.com\/terjebjornstad.com\/no\/wp-content\/uploads\/2025\/10\/eac-1949-hudson-commodore-six-1920x1280-1.jpg?fit=1200%2C800&ssl=1&resize=525%2C300 1.5x, https:\/\/i0.wp.com\/terjebjornstad.com\/no\/wp-content\/uploads\/2025\/10\/eac-1949-hudson-commodore-six-1920x1280-1.jpg?fit=1200%2C800&ssl=1&resize=700%2C400 2x, https:\/\/i0.wp.com\/terjebjornstad.com\/no\/wp-content\/uploads\/2025\/10\/eac-1949-hudson-commodore-six-1920x1280-1.jpg?fit=1200%2C800&ssl=1&resize=1050%2C600 3x"},"classes":[]},{"id":30983,"url":"https:\/\/terjebjornstad.com\/no\/2020\/02\/25\/london-classic-car-show\/","url_meta":{"origin":81049,"position":4},"title":"London Classic Car Show","author":"Terje Bj\u00f8rnstad","date":"25\/02\/2020","format":false,"excerpt":"Klassiske biler er stort i England. \u00c5rets London Classic Car Show samlet ikke bare folk som ville se. Flere var ogs\u00e5 i kj\u00f8pemodus, - helt vanlige folk som deg og meg. Blant superbiler til 10-talls millioner kroner befant det seg ogs\u00e5 rimelige biler. For eksempel et komplett 1968 Mini Cooper-prosjekt\u2026","rel":"","context":"i &quot;Artikkel&quot;","block_context":{"text":"Artikkel","link":"https:\/\/terjebjornstad.com\/no\/category\/artikkel\/"},"img":{"alt_text":"","src":"https:\/\/i0.wp.com\/terjebjornstad.com\/no\/wp-content\/uploads\/2020\/02\/the-london-classic-car-show.png?fit=1080%2C720&ssl=1&resize=350%2C200","width":350,"height":200,"srcset":"https:\/\/i0.wp.com\/terjebjornstad.com\/no\/wp-content\/uploads\/2020\/02\/the-london-classic-car-show.png?fit=1080%2C720&ssl=1&resize=350%2C200 1x, https:\/\/i0.wp.com\/terjebjornstad.com\/no\/wp-content\/uploads\/2020\/02\/the-london-classic-car-show.png?fit=1080%2C720&ssl=1&resize=525%2C300 1.5x, https:\/\/i0.wp.com\/terjebjornstad.com\/no\/wp-content\/uploads\/2020\/02\/the-london-classic-car-show.png?fit=1080%2C720&ssl=1&resize=700%2C400 2x, https:\/\/i0.wp.com\/terjebjornstad.com\/no\/wp-content\/uploads\/2020\/02\/the-london-classic-car-show.png?fit=1080%2C720&ssl=1&resize=1050%2C600 3x"},"classes":[]},{"id":25536,"url":"https:\/\/terjebjornstad.com\/no\/2019\/08\/20\/cars-and-coffee-ovrevoll-galopp-3\/","url_meta":{"origin":81049,"position":5},"title":"Cars and Coffee, \u00d8vrevoll Galopp","author":"Terje Bj\u00f8rnstad","date":"20\/08\/2019","format":false,"excerpt":"Cars and Coffee er et biltreff for alle bilkategorier - og ditto eiere. Sist s\u00f8ndag arrangerte Cars and Coffee Asker og B\u00e6rum treff p\u00e5 \u00d8vrevoll Galopp utenfor Oslo. I l\u00f8pet av et par timer dukket det opp kj\u00f8ret\u00f8y fra 1912 til 2019. Jeg ankom sammen med en gjeng med str\u00f8kne\u2026","rel":"","context":"i &quot;Artikkel&quot;","block_context":{"text":"Artikkel","link":"https:\/\/terjebjornstad.com\/no\/category\/artikkel\/"},"img":{"alt_text":"","src":"https:\/\/i0.wp.com\/terjebjornstad.com\/no\/wp-content\/uploads\/2019\/08\/ovrevoll-18-7-1-1080x720.png?fit=1080%2C720&ssl=1&resize=350%2C200","width":350,"height":200,"srcset":"https:\/\/i0.wp.com\/terjebjornstad.com\/no\/wp-content\/uploads\/2019\/08\/ovrevoll-18-7-1-1080x720.png?fit=1080%2C720&ssl=1&resize=350%2C200 1x, https:\/\/i0.wp.com\/terjebjornstad.com\/no\/wp-content\/uploads\/2019\/08\/ovrevoll-18-7-1-1080x720.png?fit=1080%2C720&ssl=1&resize=525%2C300 1.5x, https:\/\/i0.wp.com\/terjebjornstad.com\/no\/wp-content\/uploads\/2019\/08\/ovrevoll-18-7-1-1080x720.png?fit=1080%2C720&ssl=1&resize=700%2C400 2x, https:\/\/i0.wp.com\/terjebjornstad.com\/no\/wp-content\/uploads\/2019\/08\/ovrevoll-18-7-1-1080x720.png?fit=1080%2C720&ssl=1&resize=1050%2C600 3x"},"classes":[]}],"gt_translate_keys":[{"key":"link","format":"url"}],"_links":{"self":[{"href":"https:\/\/terjebjornstad.com\/no\/wp-json\/wp\/v2\/posts\/81049","targetHints":{"allow":["GET"]}}],"collection":[{"href":"https:\/\/terjebjornstad.com\/no\/wp-json\/wp\/v2\/posts"}],"about":[{"href":"https:\/\/terjebjornstad.com\/no\/wp-json\/wp\/v2\/types\/post"}],"author":[{"embeddable":true,"href":"https:\/\/terjebjornstad.com\/no\/wp-json\/wp\/v2\/users\/1"}],"replies":[{"embeddable":true,"href":"https:\/\/terjebjornstad.com\/no\/wp-json\/wp\/v2\/comments?post=81049"}],"version-history":[{"count":23,"href":"https:\/\/terjebjornstad.com\/no\/wp-json\/wp\/v2\/posts\/81049\/revisions"}],"predecessor-version":[{"id":91539,"href":"https:\/\/terjebjornstad.com\/no\/wp-json\/wp\/v2\/posts\/81049\/revisions\/91539"}],"wp:featuredmedia":[{"embeddable":true,"href":"https:\/\/terjebjornstad.com\/no\/wp-json\/wp\/v2\/media\/81033"}],"wp:attachment":[{"href":"https:\/\/terjebjornstad.com\/no\/wp-json\/wp\/v2\/media?parent=81049"}],"wp:term":[{"taxonomy":"category","embeddable":true,"href":"https:\/\/terjebjornstad.com\/no\/wp-json\/wp\/v2\/categories?post=81049"},{"taxonomy":"post_tag","embeddable":true,"href":"https:\/\/terjebjornstad.com\/no\/wp-json\/wp\/v2\/tags?post=81049"}],"curies":[{"name":"wp","href":"https:\/\/api.w.org\/{rel}","templated":true}]}}