{"id":79125,"date":"2025-02-08T14:24:55","date_gmt":"2025-02-08T13:24:55","guid":{"rendered":"https:\/\/terjebjornstad.com\/no\/?p=79125"},"modified":"2026-02-07T12:32:24","modified_gmt":"2026-02-07T11:32:24","slug":"ecarexpo-2025","status":"publish","type":"post","link":"https:\/\/terjebjornstad.com\/no\/2025\/02\/08\/ecarexpo-2025\/","title":{"rendered":"eCarExpo 2025","gt_translate_keys":[{"key":"rendered","format":"text"}]},"content":{"rendered":"<div class=\"copy_teb\"><figure id=\"attachment_79112\" aria-describedby=\"caption-attachment-79112\" style=\"width: 1920px\" class=\"wp-caption aligncenter\"><a href=\"https:\/\/i0.wp.com\/terjebjornstad.com\/no\/wp-content\/uploads\/2025\/02\/mazda-6e-1920x1280-1.jpg?ssl=1\"><img data-recalc-dims=\"1\" loading=\"lazy\" decoding=\"async\" data-attachment-id=\"79112\" data-permalink=\"https:\/\/terjebjornstad.com\/no\/2025\/02\/08\/ecarexpo-2025\/mazda-6e-1920x1280\/\" data-orig-file=\"https:\/\/i0.wp.com\/terjebjornstad.com\/no\/wp-content\/uploads\/2025\/02\/mazda-6e-1920x1280-1.jpg?fit=1920%2C1280&amp;ssl=1\" data-orig-size=\"1920,1280\" data-comments-opened=\"1\" data-image-meta=\"{&quot;aperture&quot;:&quot;0&quot;,&quot;credit&quot;:&quot;&quot;,&quot;camera&quot;:&quot;&quot;,&quot;caption&quot;:&quot;&quot;,&quot;created_timestamp&quot;:&quot;0&quot;,&quot;copyright&quot;:&quot;&quot;,&quot;focal_length&quot;:&quot;0&quot;,&quot;iso&quot;:&quot;0&quot;,&quot;shutter_speed&quot;:&quot;0&quot;,&quot;title&quot;:&quot;&quot;,&quot;orientation&quot;:&quot;0&quot;}\" data-image-title=\"mazda-6e-1920&amp;#215;1280\" data-image-description=\"\" data-image-caption=\"&lt;div class=&quot;tebingresw&quot;&gt;\n&lt;h2 class=&quot;tebh2ingresw&quot;&gt;&amp;nbsp;&lt;br \/&gt;eCarExpo 2025&lt;\/h2&gt;\n&lt;p&gt;Den st\u00f8rste nyheten var Mazda 6e som ble avduket for et norsk publikum. Nye Renault R5 og R4 E-Tech fanger opp linjene fra tidligere modeller og kan vekke gode minner hos mange. En annen, mer ukjent nyhet var Nammi Box, en prisbombe fra Kina med overraskende god plass. &lt;a href=&quot;https:\/\/terjebjornstad.com\/no\/2025\/02\/08\/ecarexpo-2025\/&quot;&gt; &lt;strong&gt;Se mer&lt;\/strong&gt;&lt;\/a&gt;&lt;br \/&gt;&amp;nbsp;&lt;\/div&gt;\n&lt;p&gt;&lt;\/p&gt;\n\" data-large-file=\"https:\/\/i0.wp.com\/terjebjornstad.com\/no\/wp-content\/uploads\/2025\/02\/mazda-6e-1920x1280-1.jpg?fit=980%2C653&amp;ssl=1\" src=\"https:\/\/i0.wp.com\/terjebjornstad.com\/no\/wp-content\/uploads\/2025\/02\/mazda-6e-1920x1280-1.jpg?resize=980%2C653&#038;ssl=1\" alt=\"ecarexpo 2025\" width=\"980\" height=\"653\" class=\"size-full wp-image-79112\" srcset=\"https:\/\/i0.wp.com\/terjebjornstad.com\/no\/wp-content\/uploads\/2025\/02\/mazda-6e-1920x1280-1.jpg?w=1920&amp;ssl=1 1920w, https:\/\/i0.wp.com\/terjebjornstad.com\/no\/wp-content\/uploads\/2025\/02\/mazda-6e-1920x1280-1.jpg?resize=300%2C200&amp;ssl=1 300w, https:\/\/i0.wp.com\/terjebjornstad.com\/no\/wp-content\/uploads\/2025\/02\/mazda-6e-1920x1280-1.jpg?resize=1080%2C720&amp;ssl=1 1080w, https:\/\/i0.wp.com\/terjebjornstad.com\/no\/wp-content\/uploads\/2025\/02\/mazda-6e-1920x1280-1.jpg?resize=768%2C512&amp;ssl=1 768w, https:\/\/i0.wp.com\/terjebjornstad.com\/no\/wp-content\/uploads\/2025\/02\/mazda-6e-1920x1280-1.jpg?resize=1536%2C1024&amp;ssl=1 1536w, https:\/\/i0.wp.com\/terjebjornstad.com\/no\/wp-content\/uploads\/2025\/02\/mazda-6e-1920x1280-1.jpg?resize=690%2C460&amp;ssl=1 690w, https:\/\/i0.wp.com\/terjebjornstad.com\/no\/wp-content\/uploads\/2025\/02\/mazda-6e-1920x1280-1.jpg?resize=980%2C653&amp;ssl=1 980w\" sizes=\"auto, (max-width: 980px) 100vw, 980px\" \/><\/a><figcaption id=\"caption-attachment-79112\" class=\"wp-caption-text\">Mazda 6e at eCarExpo Oslo 2025<\/figcaption><\/figure><figure id=\"attachment_79110\" aria-describedby=\"caption-attachment-79110\" style=\"width: 1920px\" class=\"wp-caption aligncenter\"><a href=\"https:\/\/i0.wp.com\/terjebjornstad.com\/no\/wp-content\/uploads\/2025\/02\/mazda-6e-3-1920x1080-1.jpg?ssl=1\"><img data-recalc-dims=\"1\" loading=\"lazy\" decoding=\"async\" data-attachment-id=\"79110\" data-permalink=\"https:\/\/terjebjornstad.com\/no\/2025\/02\/08\/ecarexpo-2025\/mazda-6e-3-1920x1080\/\" data-orig-file=\"https:\/\/i0.wp.com\/terjebjornstad.com\/no\/wp-content\/uploads\/2025\/02\/mazda-6e-3-1920x1080-1.jpg?fit=1920%2C1080&amp;ssl=1\" data-orig-size=\"1920,1080\" data-comments-opened=\"1\" data-image-meta=\"{&quot;aperture&quot;:&quot;0&quot;,&quot;credit&quot;:&quot;&quot;,&quot;camera&quot;:&quot;&quot;,&quot;caption&quot;:&quot;&quot;,&quot;created_timestamp&quot;:&quot;0&quot;,&quot;copyright&quot;:&quot;&quot;,&quot;focal_length&quot;:&quot;0&quot;,&quot;iso&quot;:&quot;0&quot;,&quot;shutter_speed&quot;:&quot;0&quot;,&quot;title&quot;:&quot;&quot;,&quot;orientation&quot;:&quot;0&quot;}\" data-image-title=\"mazda-6e-3-1920&amp;#215;1080\" data-image-description=\"\" data-image-caption=\"&lt;p&gt;Mazda 6e&lt;\/p&gt;\n\" data-large-file=\"https:\/\/i0.wp.com\/terjebjornstad.com\/no\/wp-content\/uploads\/2025\/02\/mazda-6e-3-1920x1080-1.jpg?fit=980%2C552&amp;ssl=1\" src=\"https:\/\/i0.wp.com\/terjebjornstad.com\/no\/wp-content\/uploads\/2025\/02\/mazda-6e-3-1920x1080-1.jpg?resize=980%2C551&#038;ssl=1\" alt=\"\" width=\"980\" height=\"551\" class=\"size-full wp-image-79110\" srcset=\"https:\/\/i0.wp.com\/terjebjornstad.com\/no\/wp-content\/uploads\/2025\/02\/mazda-6e-3-1920x1080-1.jpg?w=1920&amp;ssl=1 1920w, https:\/\/i0.wp.com\/terjebjornstad.com\/no\/wp-content\/uploads\/2025\/02\/mazda-6e-3-1920x1080-1.jpg?resize=300%2C169&amp;ssl=1 300w, https:\/\/i0.wp.com\/terjebjornstad.com\/no\/wp-content\/uploads\/2025\/02\/mazda-6e-3-1920x1080-1.jpg?resize=1080%2C608&amp;ssl=1 1080w, https:\/\/i0.wp.com\/terjebjornstad.com\/no\/wp-content\/uploads\/2025\/02\/mazda-6e-3-1920x1080-1.jpg?resize=768%2C432&amp;ssl=1 768w, https:\/\/i0.wp.com\/terjebjornstad.com\/no\/wp-content\/uploads\/2025\/02\/mazda-6e-3-1920x1080-1.jpg?resize=1536%2C864&amp;ssl=1 1536w, https:\/\/i0.wp.com\/terjebjornstad.com\/no\/wp-content\/uploads\/2025\/02\/mazda-6e-3-1920x1080-1.jpg?resize=690%2C388&amp;ssl=1 690w, https:\/\/i0.wp.com\/terjebjornstad.com\/no\/wp-content\/uploads\/2025\/02\/mazda-6e-3-1920x1080-1.jpg?resize=980%2C551&amp;ssl=1 980w\" sizes=\"auto, (max-width: 980px) 100vw, 980px\" \/><\/a><figcaption id=\"caption-attachment-79110\" class=\"wp-caption-text\">Mazda 6e<\/figcaption><\/figure><\/p>\n<p><figure id=\"attachment_79111\" aria-describedby=\"caption-attachment-79111\" style=\"width: 1280px\" class=\"wp-caption aligncenter\"><a href=\"https:\/\/i0.wp.com\/terjebjornstad.com\/no\/wp-content\/uploads\/2025\/02\/mazda-6e-4-1280x1920-1.jpg?ssl=1\"><img data-recalc-dims=\"1\" loading=\"lazy\" decoding=\"async\" data-attachment-id=\"79111\" data-permalink=\"https:\/\/terjebjornstad.com\/no\/2025\/02\/08\/ecarexpo-2025\/mazda-6e-4-1280x1920\/\" data-orig-file=\"https:\/\/i0.wp.com\/terjebjornstad.com\/no\/wp-content\/uploads\/2025\/02\/mazda-6e-4-1280x1920-1.jpg?fit=1280%2C1920&amp;ssl=1\" data-orig-size=\"1280,1920\" data-comments-opened=\"1\" data-image-meta=\"{&quot;aperture&quot;:&quot;2.8&quot;,&quot;credit&quot;:&quot;&quot;,&quot;camera&quot;:&quot;DSC-RX100M3&quot;,&quot;caption&quot;:&quot;&quot;,&quot;created_timestamp&quot;:&quot;1738928737&quot;,&quot;copyright&quot;:&quot;&quot;,&quot;focal_length&quot;:&quot;25.7&quot;,&quot;iso&quot;:&quot;1250&quot;,&quot;shutter_speed&quot;:&quot;0.033333333333333&quot;,&quot;title&quot;:&quot;&quot;,&quot;orientation&quot;:&quot;1&quot;}\" data-image-title=\"mazda-6e-4-1280&amp;#215;1920\" data-image-description=\"\" data-image-caption=\"&lt;p&gt;Mazda 6e&lt;\/p&gt;\n\" data-large-file=\"https:\/\/i0.wp.com\/terjebjornstad.com\/no\/wp-content\/uploads\/2025\/02\/mazda-6e-4-1280x1920-1.jpg?fit=720%2C1080&amp;ssl=1\" src=\"https:\/\/i0.wp.com\/terjebjornstad.com\/no\/wp-content\/uploads\/2025\/02\/mazda-6e-4-1280x1920-1.jpg?resize=980%2C1470&#038;ssl=1\" alt=\"\" width=\"980\" height=\"1470\" class=\"size-full wp-image-79111\" srcset=\"https:\/\/i0.wp.com\/terjebjornstad.com\/no\/wp-content\/uploads\/2025\/02\/mazda-6e-4-1280x1920-1.jpg?w=1280&amp;ssl=1 1280w, https:\/\/i0.wp.com\/terjebjornstad.com\/no\/wp-content\/uploads\/2025\/02\/mazda-6e-4-1280x1920-1.jpg?resize=200%2C300&amp;ssl=1 200w, https:\/\/i0.wp.com\/terjebjornstad.com\/no\/wp-content\/uploads\/2025\/02\/mazda-6e-4-1280x1920-1.jpg?resize=720%2C1080&amp;ssl=1 720w, https:\/\/i0.wp.com\/terjebjornstad.com\/no\/wp-content\/uploads\/2025\/02\/mazda-6e-4-1280x1920-1.jpg?resize=768%2C1152&amp;ssl=1 768w, https:\/\/i0.wp.com\/terjebjornstad.com\/no\/wp-content\/uploads\/2025\/02\/mazda-6e-4-1280x1920-1.jpg?resize=1024%2C1536&amp;ssl=1 1024w, https:\/\/i0.wp.com\/terjebjornstad.com\/no\/wp-content\/uploads\/2025\/02\/mazda-6e-4-1280x1920-1.jpg?resize=690%2C1035&amp;ssl=1 690w, https:\/\/i0.wp.com\/terjebjornstad.com\/no\/wp-content\/uploads\/2025\/02\/mazda-6e-4-1280x1920-1.jpg?resize=980%2C1470&amp;ssl=1 980w\" sizes=\"auto, (max-width: 980px) 100vw, 980px\" \/><\/a><figcaption id=\"caption-attachment-79111\" class=\"wp-caption-text\">Mazda 6e<\/figcaption><\/figure><\/p>\n<blockquote><p>Flere nyheter ble vist p\u00e5 eCarExpo 2025. Den st\u00f8rste var Mazda 6e som ble avduket for et norsk publikum. Nye Renault R5 og R4 E-Tech fanger opp linjene fra tidligere modeller, og kan vekke gode minner hos mange. En annen, mer ukjent nyhet, var Nammi Box, en prisbombe fra Kina med overraskende god plass.<\/p><\/blockquote>\n\n<h3 class=\"tebh2ingreslbcenter\">Mazda 6e<\/h3>\n<p>I presentasjonen av Mazdas nye elektriske bil ble det lagt mer vekt p\u00e5 design og utstyr enn teknologi. Designet f\u00f8lger Mazdas nye linjef\u00f8ringer som ble staket ut med deres <em>Vision Coupe Concept<\/em>. Den kommer i to uilke varianter &#8211; <em>long range<\/em> med et 80 kWh batteri og rekkevidde p\u00e5 opptil 552 km og <em>standard<\/em> med et batteri som kan gi en rekkevidde p\u00e5 480 km.<\/p>\n<h3 class=\"tebh2ingreslbcenter\">Renault R5 E-Tech<\/h3>\n<p><figure id=\"attachment_79120\" aria-describedby=\"caption-attachment-79120\" style=\"width: 1920px\" class=\"wp-caption aligncenter\"><a href=\"https:\/\/i0.wp.com\/terjebjornstad.com\/no\/wp-content\/uploads\/2025\/02\/renault-r5-e-tech-21-1920x1280-1.jpg?ssl=1\"><img data-recalc-dims=\"1\" loading=\"lazy\" decoding=\"async\" data-attachment-id=\"79120\" data-permalink=\"https:\/\/terjebjornstad.com\/no\/2025\/02\/08\/ecarexpo-2025\/renault-r5-e-tech-21-1920x1280\/\" data-orig-file=\"https:\/\/i0.wp.com\/terjebjornstad.com\/no\/wp-content\/uploads\/2025\/02\/renault-r5-e-tech-21-1920x1280-1.jpg?fit=1920%2C1280&amp;ssl=1\" data-orig-size=\"1920,1280\" data-comments-opened=\"1\" data-image-meta=\"{&quot;aperture&quot;:&quot;0&quot;,&quot;credit&quot;:&quot;&quot;,&quot;camera&quot;:&quot;&quot;,&quot;caption&quot;:&quot;&quot;,&quot;created_timestamp&quot;:&quot;0&quot;,&quot;copyright&quot;:&quot;&quot;,&quot;focal_length&quot;:&quot;0&quot;,&quot;iso&quot;:&quot;0&quot;,&quot;shutter_speed&quot;:&quot;0&quot;,&quot;title&quot;:&quot;&quot;,&quot;orientation&quot;:&quot;0&quot;}\" data-image-title=\"renault-r5-e-tech-21-1920&amp;#215;1280\" data-image-description=\"\" data-image-caption=\"&lt;p&gt;Renault R5 E-Tech &amp;#8211; kandidat til \u00c5rets bil 2025&lt;\/p&gt;\n\" data-large-file=\"https:\/\/i0.wp.com\/terjebjornstad.com\/no\/wp-content\/uploads\/2025\/02\/renault-r5-e-tech-21-1920x1280-1.jpg?fit=980%2C653&amp;ssl=1\" src=\"https:\/\/i0.wp.com\/terjebjornstad.com\/no\/wp-content\/uploads\/2025\/02\/renault-r5-e-tech-21-1920x1280-1.jpg?resize=980%2C653&#038;ssl=1\" alt=\"ecarexpo 2025\" width=\"980\" height=\"653\" class=\"size-full wp-image-79120\" srcset=\"https:\/\/i0.wp.com\/terjebjornstad.com\/no\/wp-content\/uploads\/2025\/02\/renault-r5-e-tech-21-1920x1280-1.jpg?w=1920&amp;ssl=1 1920w, https:\/\/i0.wp.com\/terjebjornstad.com\/no\/wp-content\/uploads\/2025\/02\/renault-r5-e-tech-21-1920x1280-1.jpg?resize=300%2C200&amp;ssl=1 300w, https:\/\/i0.wp.com\/terjebjornstad.com\/no\/wp-content\/uploads\/2025\/02\/renault-r5-e-tech-21-1920x1280-1.jpg?resize=1080%2C720&amp;ssl=1 1080w, https:\/\/i0.wp.com\/terjebjornstad.com\/no\/wp-content\/uploads\/2025\/02\/renault-r5-e-tech-21-1920x1280-1.jpg?resize=768%2C512&amp;ssl=1 768w, https:\/\/i0.wp.com\/terjebjornstad.com\/no\/wp-content\/uploads\/2025\/02\/renault-r5-e-tech-21-1920x1280-1.jpg?resize=1536%2C1024&amp;ssl=1 1536w, https:\/\/i0.wp.com\/terjebjornstad.com\/no\/wp-content\/uploads\/2025\/02\/renault-r5-e-tech-21-1920x1280-1.jpg?resize=690%2C460&amp;ssl=1 690w, https:\/\/i0.wp.com\/terjebjornstad.com\/no\/wp-content\/uploads\/2025\/02\/renault-r5-e-tech-21-1920x1280-1.jpg?resize=980%2C653&amp;ssl=1 980w\" sizes=\"auto, (max-width: 980px) 100vw, 980px\" \/><\/a><figcaption id=\"caption-attachment-79120\" class=\"wp-caption-text\">Renault R5 E-Tech &#8211; kandidat til \u00c5rets bil 2025<\/figcaption><\/figure><figure id=\"attachment_79128\" aria-describedby=\"caption-attachment-79128\" style=\"width: 1920px\" class=\"wp-caption aligncenter\"><a href=\"https:\/\/i0.wp.com\/terjebjornstad.com\/no\/wp-content\/uploads\/2025\/02\/renault-r5-e-tech-11-1920x1080-1.jpg?ssl=1\"><img data-recalc-dims=\"1\" loading=\"lazy\" decoding=\"async\" data-attachment-id=\"79128\" data-permalink=\"https:\/\/terjebjornstad.com\/no\/2025\/02\/08\/ecarexpo-2025\/renault-r5-e-tech-11-1920x1080\/\" data-orig-file=\"https:\/\/i0.wp.com\/terjebjornstad.com\/no\/wp-content\/uploads\/2025\/02\/renault-r5-e-tech-11-1920x1080-1.jpg?fit=1920%2C1080&amp;ssl=1\" data-orig-size=\"1920,1080\" data-comments-opened=\"1\" data-image-meta=\"{&quot;aperture&quot;:&quot;0&quot;,&quot;credit&quot;:&quot;&quot;,&quot;camera&quot;:&quot;&quot;,&quot;caption&quot;:&quot;&quot;,&quot;created_timestamp&quot;:&quot;0&quot;,&quot;copyright&quot;:&quot;&quot;,&quot;focal_length&quot;:&quot;0&quot;,&quot;iso&quot;:&quot;0&quot;,&quot;shutter_speed&quot;:&quot;0&quot;,&quot;title&quot;:&quot;&quot;,&quot;orientation&quot;:&quot;0&quot;}\" data-image-title=\"renault-r5-e-tech-11-1920&amp;#215;1080\" data-image-description=\"\" data-image-caption=\"&lt;p&gt;Renault R5 E-Tech Green Pop&lt;\/p&gt;\n\" data-large-file=\"https:\/\/i0.wp.com\/terjebjornstad.com\/no\/wp-content\/uploads\/2025\/02\/renault-r5-e-tech-11-1920x1080-1.jpg?fit=980%2C552&amp;ssl=1\" src=\"https:\/\/i0.wp.com\/terjebjornstad.com\/no\/wp-content\/uploads\/2025\/02\/renault-r5-e-tech-11-1920x1080-1.jpg?resize=980%2C551&#038;ssl=1\" alt=\"\" width=\"980\" height=\"551\" class=\"size-full wp-image-79128\" srcset=\"https:\/\/i0.wp.com\/terjebjornstad.com\/no\/wp-content\/uploads\/2025\/02\/renault-r5-e-tech-11-1920x1080-1.jpg?w=1920&amp;ssl=1 1920w, https:\/\/i0.wp.com\/terjebjornstad.com\/no\/wp-content\/uploads\/2025\/02\/renault-r5-e-tech-11-1920x1080-1.jpg?resize=300%2C169&amp;ssl=1 300w, https:\/\/i0.wp.com\/terjebjornstad.com\/no\/wp-content\/uploads\/2025\/02\/renault-r5-e-tech-11-1920x1080-1.jpg?resize=1080%2C608&amp;ssl=1 1080w, https:\/\/i0.wp.com\/terjebjornstad.com\/no\/wp-content\/uploads\/2025\/02\/renault-r5-e-tech-11-1920x1080-1.jpg?resize=768%2C432&amp;ssl=1 768w, https:\/\/i0.wp.com\/terjebjornstad.com\/no\/wp-content\/uploads\/2025\/02\/renault-r5-e-tech-11-1920x1080-1.jpg?resize=1536%2C864&amp;ssl=1 1536w, https:\/\/i0.wp.com\/terjebjornstad.com\/no\/wp-content\/uploads\/2025\/02\/renault-r5-e-tech-11-1920x1080-1.jpg?resize=690%2C388&amp;ssl=1 690w, https:\/\/i0.wp.com\/terjebjornstad.com\/no\/wp-content\/uploads\/2025\/02\/renault-r5-e-tech-11-1920x1080-1.jpg?resize=980%2C551&amp;ssl=1 980w\" sizes=\"auto, (max-width: 980px) 100vw, 980px\" \/><\/a><figcaption id=\"caption-attachment-79128\" class=\"wp-caption-text\">Renault R5 E-Tech Green Pop<\/figcaption><\/figure><\/p>\n<figure id=\"attachment_79117\" aria-describedby=\"caption-attachment-79117\" style=\"width: 1920px\" class=\"wp-caption aligncenter\"><a href=\"https:\/\/i0.wp.com\/terjebjornstad.com\/no\/wp-content\/uploads\/2025\/02\/renault-r5-e-tech-15-1920x1920-1.jpg?ssl=1\"><img data-recalc-dims=\"1\" loading=\"lazy\" decoding=\"async\" data-attachment-id=\"79117\" data-permalink=\"https:\/\/terjebjornstad.com\/no\/2026\/01\/06\/r5-med-retrofit-elektrisitet\/renault-r5-e-tech-15-1920x1920\/\" data-orig-file=\"https:\/\/i0.wp.com\/terjebjornstad.com\/no\/wp-content\/uploads\/2025\/02\/renault-r5-e-tech-15-1920x1920-1.jpg?fit=1920%2C1920&amp;ssl=1\" data-orig-size=\"1920,1920\" data-comments-opened=\"1\" data-image-meta=\"{&quot;aperture&quot;:&quot;0&quot;,&quot;credit&quot;:&quot;&quot;,&quot;camera&quot;:&quot;&quot;,&quot;caption&quot;:&quot;&quot;,&quot;created_timestamp&quot;:&quot;0&quot;,&quot;copyright&quot;:&quot;&quot;,&quot;focal_length&quot;:&quot;0&quot;,&quot;iso&quot;:&quot;0&quot;,&quot;shutter_speed&quot;:&quot;0&quot;,&quot;title&quot;:&quot;&quot;,&quot;orientation&quot;:&quot;0&quot;}\" data-image-title=\"renault-r5-e-tech-15-1920&amp;#215;1920\" data-image-description=\"\" data-image-caption=\"&lt;p&gt;Bagasjerommet i R5 E-Tech&lt;\/p&gt;\n\" data-large-file=\"https:\/\/i0.wp.com\/terjebjornstad.com\/no\/wp-content\/uploads\/2025\/02\/renault-r5-e-tech-15-1920x1920-1.jpg?fit=980%2C980&amp;ssl=1\" src=\"https:\/\/i0.wp.com\/terjebjornstad.com\/no\/wp-content\/uploads\/2025\/02\/renault-r5-e-tech-15-1920x1920-1.jpg?resize=980%2C980&#038;ssl=1\" alt=\"\" width=\"980\" height=\"980\" class=\"size-full wp-image-79117\" srcset=\"https:\/\/i0.wp.com\/terjebjornstad.com\/no\/wp-content\/uploads\/2025\/02\/renault-r5-e-tech-15-1920x1920-1.jpg?w=1920&amp;ssl=1 1920w, https:\/\/i0.wp.com\/terjebjornstad.com\/no\/wp-content\/uploads\/2025\/02\/renault-r5-e-tech-15-1920x1920-1.jpg?resize=300%2C300&amp;ssl=1 300w, https:\/\/i0.wp.com\/terjebjornstad.com\/no\/wp-content\/uploads\/2025\/02\/renault-r5-e-tech-15-1920x1920-1.jpg?resize=1080%2C1080&amp;ssl=1 1080w, https:\/\/i0.wp.com\/terjebjornstad.com\/no\/wp-content\/uploads\/2025\/02\/renault-r5-e-tech-15-1920x1920-1.jpg?resize=150%2C150&amp;ssl=1 150w, https:\/\/i0.wp.com\/terjebjornstad.com\/no\/wp-content\/uploads\/2025\/02\/renault-r5-e-tech-15-1920x1920-1.jpg?resize=768%2C768&amp;ssl=1 768w, https:\/\/i0.wp.com\/terjebjornstad.com\/no\/wp-content\/uploads\/2025\/02\/renault-r5-e-tech-15-1920x1920-1.jpg?resize=1536%2C1536&amp;ssl=1 1536w, https:\/\/i0.wp.com\/terjebjornstad.com\/no\/wp-content\/uploads\/2025\/02\/renault-r5-e-tech-15-1920x1920-1.jpg?resize=690%2C690&amp;ssl=1 690w, https:\/\/i0.wp.com\/terjebjornstad.com\/no\/wp-content\/uploads\/2025\/02\/renault-r5-e-tech-15-1920x1920-1.jpg?resize=980%2C980&amp;ssl=1 980w, https:\/\/i0.wp.com\/terjebjornstad.com\/no\/wp-content\/uploads\/2025\/02\/renault-r5-e-tech-15-1920x1920-1.jpg?resize=50%2C50&amp;ssl=1 50w\" sizes=\"auto, (max-width: 980px) 100vw, 980px\" \/><\/a><figcaption id=\"caption-attachment-79117\" class=\"wp-caption-text\">Bagasjerommet i R5 E-Tech<\/figcaption><\/figure>\n<figure id=\"attachment_79118\" aria-describedby=\"caption-attachment-79118\" style=\"width: 1920px\" class=\"wp-caption aligncenter\"><a href=\"https:\/\/i0.wp.com\/terjebjornstad.com\/no\/wp-content\/uploads\/2025\/02\/renault-r5-e-tech-17-1920x1280-1.jpg?ssl=1\"><img data-recalc-dims=\"1\" loading=\"lazy\" decoding=\"async\" data-attachment-id=\"79118\" data-permalink=\"https:\/\/terjebjornstad.com\/no\/2025\/02\/23\/ny-bil-til-under-300-000-kr\/renault-r5-e-tech-17-1920x1280\/\" data-orig-file=\"https:\/\/i0.wp.com\/terjebjornstad.com\/no\/wp-content\/uploads\/2025\/02\/renault-r5-e-tech-17-1920x1280-1.jpg?fit=1920%2C1280&amp;ssl=1\" data-orig-size=\"1920,1280\" data-comments-opened=\"1\" data-image-meta=\"{&quot;aperture&quot;:&quot;1.8&quot;,&quot;credit&quot;:&quot;&quot;,&quot;camera&quot;:&quot;DSC-RX100M3&quot;,&quot;caption&quot;:&quot;&quot;,&quot;created_timestamp&quot;:&quot;1738927898&quot;,&quot;copyright&quot;:&quot;&quot;,&quot;focal_length&quot;:&quot;8.8&quot;,&quot;iso&quot;:&quot;1000&quot;,&quot;shutter_speed&quot;:&quot;0.02&quot;,&quot;title&quot;:&quot;&quot;,&quot;orientation&quot;:&quot;1&quot;}\" data-image-title=\"renault-r5-e-tech-17-1920&amp;#215;1280\" data-image-description=\"\" data-image-caption=\"&lt;p&gt;Bakseteplass med f\u00f8rersetet innstilt til en voksen mann.&lt;\/p&gt;\n\" data-large-file=\"https:\/\/i0.wp.com\/terjebjornstad.com\/no\/wp-content\/uploads\/2025\/02\/renault-r5-e-tech-17-1920x1280-1.jpg?fit=980%2C653&amp;ssl=1\" src=\"https:\/\/i0.wp.com\/terjebjornstad.com\/no\/wp-content\/uploads\/2025\/02\/renault-r5-e-tech-17-1920x1280-1.jpg?resize=980%2C653&#038;ssl=1\" alt=\"\" width=\"980\" height=\"653\" class=\"size-full wp-image-79118\" srcset=\"https:\/\/i0.wp.com\/terjebjornstad.com\/no\/wp-content\/uploads\/2025\/02\/renault-r5-e-tech-17-1920x1280-1.jpg?w=1920&amp;ssl=1 1920w, https:\/\/i0.wp.com\/terjebjornstad.com\/no\/wp-content\/uploads\/2025\/02\/renault-r5-e-tech-17-1920x1280-1.jpg?resize=300%2C200&amp;ssl=1 300w, https:\/\/i0.wp.com\/terjebjornstad.com\/no\/wp-content\/uploads\/2025\/02\/renault-r5-e-tech-17-1920x1280-1.jpg?resize=1080%2C720&amp;ssl=1 1080w, https:\/\/i0.wp.com\/terjebjornstad.com\/no\/wp-content\/uploads\/2025\/02\/renault-r5-e-tech-17-1920x1280-1.jpg?resize=768%2C512&amp;ssl=1 768w, https:\/\/i0.wp.com\/terjebjornstad.com\/no\/wp-content\/uploads\/2025\/02\/renault-r5-e-tech-17-1920x1280-1.jpg?resize=1536%2C1024&amp;ssl=1 1536w, https:\/\/i0.wp.com\/terjebjornstad.com\/no\/wp-content\/uploads\/2025\/02\/renault-r5-e-tech-17-1920x1280-1.jpg?resize=690%2C460&amp;ssl=1 690w, https:\/\/i0.wp.com\/terjebjornstad.com\/no\/wp-content\/uploads\/2025\/02\/renault-r5-e-tech-17-1920x1280-1.jpg?resize=980%2C653&amp;ssl=1 980w\" sizes=\"auto, (max-width: 980px) 100vw, 980px\" \/><\/a><figcaption id=\"caption-attachment-79118\" class=\"wp-caption-text\">Bakseteplass med f\u00f8rersetet innstilt til en voksen mann.<\/figcaption><\/figure>\n<figure id=\"attachment_79119\" aria-describedby=\"caption-attachment-79119\" style=\"width: 1920px\" class=\"wp-caption aligncenter\"><a href=\"https:\/\/i0.wp.com\/terjebjornstad.com\/no\/wp-content\/uploads\/2025\/02\/renault-r5-e-tech-19-1920x1280-1.jpg?ssl=1\"><img data-recalc-dims=\"1\" loading=\"lazy\" decoding=\"async\" data-attachment-id=\"79119\" data-permalink=\"https:\/\/terjebjornstad.com\/no\/2025\/02\/23\/ny-bil-til-under-300-000-kr\/renault-r5-e-tech-19-1920x1280\/\" data-orig-file=\"https:\/\/i0.wp.com\/terjebjornstad.com\/no\/wp-content\/uploads\/2025\/02\/renault-r5-e-tech-19-1920x1280-1.jpg?fit=1920%2C1080&amp;ssl=1\" data-orig-size=\"1920,1080\" data-comments-opened=\"1\" data-image-meta=\"{&quot;aperture&quot;:&quot;1.8&quot;,&quot;credit&quot;:&quot;&quot;,&quot;camera&quot;:&quot;DSC-RX100M3&quot;,&quot;caption&quot;:&quot;&quot;,&quot;created_timestamp&quot;:&quot;1738927989&quot;,&quot;copyright&quot;:&quot;&quot;,&quot;focal_length&quot;:&quot;8.8&quot;,&quot;iso&quot;:&quot;800&quot;,&quot;shutter_speed&quot;:&quot;0.033333333333333&quot;,&quot;title&quot;:&quot;&quot;,&quot;orientation&quot;:&quot;1&quot;}\" data-image-title=\"renault-r5-e-tech-19-1920&amp;#215;1280\" data-image-description=\"\" data-image-caption=\"&lt;p&gt;Interi\u00f8ret i en gul Renault R5 E-Tech.&lt;\/p&gt;\n\" data-large-file=\"https:\/\/i0.wp.com\/terjebjornstad.com\/no\/wp-content\/uploads\/2025\/02\/renault-r5-e-tech-19-1920x1280-1.jpg?fit=980%2C552&amp;ssl=1\" src=\"https:\/\/i0.wp.com\/terjebjornstad.com\/no\/wp-content\/uploads\/2025\/02\/renault-r5-e-tech-19-1920x1280-1.jpg?resize=980%2C551&#038;ssl=1\" alt=\"\" width=\"980\" height=\"551\" class=\"size-full wp-image-79119\" srcset=\"https:\/\/i0.wp.com\/terjebjornstad.com\/no\/wp-content\/uploads\/2025\/02\/renault-r5-e-tech-19-1920x1280-1.jpg?w=1920&amp;ssl=1 1920w, https:\/\/i0.wp.com\/terjebjornstad.com\/no\/wp-content\/uploads\/2025\/02\/renault-r5-e-tech-19-1920x1280-1.jpg?resize=300%2C169&amp;ssl=1 300w, https:\/\/i0.wp.com\/terjebjornstad.com\/no\/wp-content\/uploads\/2025\/02\/renault-r5-e-tech-19-1920x1280-1.jpg?resize=1080%2C608&amp;ssl=1 1080w, https:\/\/i0.wp.com\/terjebjornstad.com\/no\/wp-content\/uploads\/2025\/02\/renault-r5-e-tech-19-1920x1280-1.jpg?resize=768%2C432&amp;ssl=1 768w, https:\/\/i0.wp.com\/terjebjornstad.com\/no\/wp-content\/uploads\/2025\/02\/renault-r5-e-tech-19-1920x1280-1.jpg?resize=1536%2C864&amp;ssl=1 1536w, https:\/\/i0.wp.com\/terjebjornstad.com\/no\/wp-content\/uploads\/2025\/02\/renault-r5-e-tech-19-1920x1280-1.jpg?resize=690%2C388&amp;ssl=1 690w, https:\/\/i0.wp.com\/terjebjornstad.com\/no\/wp-content\/uploads\/2025\/02\/renault-r5-e-tech-19-1920x1280-1.jpg?resize=980%2C551&amp;ssl=1 980w\" sizes=\"auto, (max-width: 980px) 100vw, 980px\" \/><\/a><figcaption id=\"caption-attachment-79119\" class=\"wp-caption-text\">Interi\u00f8ret i en gul Renault R5 E-Tech.<\/figcaption><\/figure>\n<p><figure id=\"attachment_79113\" aria-describedby=\"caption-attachment-79113\" style=\"width: 1920px\" class=\"wp-caption aligncenter\"><a href=\"https:\/\/i0.wp.com\/terjebjornstad.com\/no\/wp-content\/uploads\/2025\/02\/renault-5-electric-battery-1920x1080-1.jpg?ssl=1\"><img data-recalc-dims=\"1\" loading=\"lazy\" decoding=\"async\" data-attachment-id=\"79113\" data-permalink=\"https:\/\/terjebjornstad.com\/no\/2025\/02\/08\/ecarexpo-2025\/renault-5-electric-battery-1920x1080\/\" data-orig-file=\"https:\/\/i0.wp.com\/terjebjornstad.com\/no\/wp-content\/uploads\/2025\/02\/renault-5-electric-battery-1920x1080-1.jpg?fit=1920%2C1080&amp;ssl=1\" data-orig-size=\"1920,1080\" data-comments-opened=\"1\" data-image-meta=\"{&quot;aperture&quot;:&quot;0&quot;,&quot;credit&quot;:&quot;&quot;,&quot;camera&quot;:&quot;&quot;,&quot;caption&quot;:&quot;&quot;,&quot;created_timestamp&quot;:&quot;0&quot;,&quot;copyright&quot;:&quot;&quot;,&quot;focal_length&quot;:&quot;0&quot;,&quot;iso&quot;:&quot;0&quot;,&quot;shutter_speed&quot;:&quot;0&quot;,&quot;title&quot;:&quot;&quot;,&quot;orientation&quot;:&quot;0&quot;}\" data-image-title=\"renault-5-electric-battery-1920&amp;#215;1080\" data-image-description=\"&lt;p&gt;LED design p\u00e5 panseret som viser gjenv\u00e6rende batterikapasitet.&lt;\/p&gt;\n\" data-image-caption=\"&lt;p&gt;Ladeniv\u00e5et vises p\u00e5 panseret Renault R5 E-Tech.&lt;\/p&gt;\n\" data-large-file=\"https:\/\/i0.wp.com\/terjebjornstad.com\/no\/wp-content\/uploads\/2025\/02\/renault-5-electric-battery-1920x1080-1.jpg?fit=980%2C552&amp;ssl=1\" src=\"https:\/\/i0.wp.com\/terjebjornstad.com\/no\/wp-content\/uploads\/2025\/02\/renault-5-electric-battery-1920x1080-1.jpg?resize=980%2C551&#038;ssl=1\" alt=\"\" width=\"980\" height=\"551\" class=\"size-full wp-image-79113\" srcset=\"https:\/\/i0.wp.com\/terjebjornstad.com\/no\/wp-content\/uploads\/2025\/02\/renault-5-electric-battery-1920x1080-1.jpg?w=1920&amp;ssl=1 1920w, https:\/\/i0.wp.com\/terjebjornstad.com\/no\/wp-content\/uploads\/2025\/02\/renault-5-electric-battery-1920x1080-1.jpg?resize=300%2C169&amp;ssl=1 300w, https:\/\/i0.wp.com\/terjebjornstad.com\/no\/wp-content\/uploads\/2025\/02\/renault-5-electric-battery-1920x1080-1.jpg?resize=1080%2C608&amp;ssl=1 1080w, https:\/\/i0.wp.com\/terjebjornstad.com\/no\/wp-content\/uploads\/2025\/02\/renault-5-electric-battery-1920x1080-1.jpg?resize=768%2C432&amp;ssl=1 768w, https:\/\/i0.wp.com\/terjebjornstad.com\/no\/wp-content\/uploads\/2025\/02\/renault-5-electric-battery-1920x1080-1.jpg?resize=1536%2C864&amp;ssl=1 1536w, https:\/\/i0.wp.com\/terjebjornstad.com\/no\/wp-content\/uploads\/2025\/02\/renault-5-electric-battery-1920x1080-1.jpg?resize=690%2C388&amp;ssl=1 690w, https:\/\/i0.wp.com\/terjebjornstad.com\/no\/wp-content\/uploads\/2025\/02\/renault-5-electric-battery-1920x1080-1.jpg?resize=980%2C551&amp;ssl=1 980w\" sizes=\"auto, (max-width: 980px) 100vw, 980px\" \/><\/a><figcaption id=\"caption-attachment-79113\" class=\"wp-caption-text\">Ladeniv\u00e5et vises p\u00e5 panseret Renault R5 E-Tech.<\/figcaption><\/figure><\/p>\n<p><em>Renault R5 E-Tech<\/em> kan bli en av Europas viktigste elektriske modeller. For det f\u00f8rste, er den europeisk &#8211; for det andre, begynner prisene p\u00e5 249.900 kroner. Rekkevidde opptil 411 km er bra for en bil som dette. En smart finesse er at man avlese gjenv\u00e6rende batterikapasitet som LED-dioder p\u00e5 utsiden av motor-panseret. Lengde like under 4 meter og 326 liter bagasjerom plasserer bilen i den s\u00e5kalte B-klassen. De skarpe fargene <em>Yellow Pop<\/em> og <em>Green Pop<\/em> minner om de man kunne f\u00e5 p\u00e5 den opprinnelige R5 fra 1970-tallet. Kanskje f\u00e5r vi se flere biler i andre farger enn gr\u00e5-toner?<\/p>\n<h3 class=\"tebh2ingreslbcenter\">Renault R4 E-Tech<\/h3>\n<p><figure id=\"attachment_79116\" aria-describedby=\"caption-attachment-79116\" style=\"width: 1920px\" class=\"wp-caption aligncenter\"><a href=\"https:\/\/i0.wp.com\/terjebjornstad.com\/no\/wp-content\/uploads\/2025\/02\/renault-r4-e-tech-3-1920x1440-1.jpg?ssl=1\"><img data-recalc-dims=\"1\" loading=\"lazy\" decoding=\"async\" data-attachment-id=\"79116\" data-permalink=\"https:\/\/terjebjornstad.com\/no\/2025\/02\/08\/ecarexpo-2025\/renault-r4-e-tech-3-1920x1440\/\" data-orig-file=\"https:\/\/i0.wp.com\/terjebjornstad.com\/no\/wp-content\/uploads\/2025\/02\/renault-r4-e-tech-3-1920x1440-1.jpg?fit=1920%2C1440&amp;ssl=1\" data-orig-size=\"1920,1440\" data-comments-opened=\"1\" data-image-meta=\"{&quot;aperture&quot;:&quot;0&quot;,&quot;credit&quot;:&quot;&quot;,&quot;camera&quot;:&quot;&quot;,&quot;caption&quot;:&quot;&quot;,&quot;created_timestamp&quot;:&quot;0&quot;,&quot;copyright&quot;:&quot;&quot;,&quot;focal_length&quot;:&quot;0&quot;,&quot;iso&quot;:&quot;0&quot;,&quot;shutter_speed&quot;:&quot;0&quot;,&quot;title&quot;:&quot;&quot;,&quot;orientation&quot;:&quot;0&quot;}\" data-image-title=\"renault-r4-e-tech-3-1920&amp;#215;1440\" data-image-description=\"\" data-image-caption=\"&lt;p&gt;R4 E-Tech med design elementer fra den opprinnelige R4.&lt;\/p&gt;\n\" data-large-file=\"https:\/\/i0.wp.com\/terjebjornstad.com\/no\/wp-content\/uploads\/2025\/02\/renault-r4-e-tech-3-1920x1440-1.jpg?fit=980%2C735&amp;ssl=1\" src=\"https:\/\/i0.wp.com\/terjebjornstad.com\/no\/wp-content\/uploads\/2025\/02\/renault-r4-e-tech-3-1920x1440-1.jpg?resize=980%2C735&#038;ssl=1\" alt=\"ecarexpo 2025\" width=\"980\" height=\"735\" class=\"size-full wp-image-79116\" srcset=\"https:\/\/i0.wp.com\/terjebjornstad.com\/no\/wp-content\/uploads\/2025\/02\/renault-r4-e-tech-3-1920x1440-1.jpg?w=1920&amp;ssl=1 1920w, https:\/\/i0.wp.com\/terjebjornstad.com\/no\/wp-content\/uploads\/2025\/02\/renault-r4-e-tech-3-1920x1440-1.jpg?resize=300%2C225&amp;ssl=1 300w, https:\/\/i0.wp.com\/terjebjornstad.com\/no\/wp-content\/uploads\/2025\/02\/renault-r4-e-tech-3-1920x1440-1.jpg?resize=1080%2C810&amp;ssl=1 1080w, https:\/\/i0.wp.com\/terjebjornstad.com\/no\/wp-content\/uploads\/2025\/02\/renault-r4-e-tech-3-1920x1440-1.jpg?resize=768%2C576&amp;ssl=1 768w, https:\/\/i0.wp.com\/terjebjornstad.com\/no\/wp-content\/uploads\/2025\/02\/renault-r4-e-tech-3-1920x1440-1.jpg?resize=1536%2C1152&amp;ssl=1 1536w, https:\/\/i0.wp.com\/terjebjornstad.com\/no\/wp-content\/uploads\/2025\/02\/renault-r4-e-tech-3-1920x1440-1.jpg?resize=690%2C518&amp;ssl=1 690w, https:\/\/i0.wp.com\/terjebjornstad.com\/no\/wp-content\/uploads\/2025\/02\/renault-r4-e-tech-3-1920x1440-1.jpg?resize=980%2C735&amp;ssl=1 980w\" sizes=\"auto, (max-width: 980px) 100vw, 980px\" \/><\/a><figcaption id=\"caption-attachment-79116\" class=\"wp-caption-text\">R4 E-Tech med design elementer fra den opprinnelige R4.<\/figcaption><\/figure><figure id=\"attachment_79115\" aria-describedby=\"caption-attachment-79115\" style=\"width: 1920px\" class=\"wp-caption aligncenter\"><a href=\"https:\/\/i0.wp.com\/terjebjornstad.com\/no\/wp-content\/uploads\/2025\/02\/renault-r4-e-tech-1-1920x1280-1.jpg?ssl=1\"><img data-recalc-dims=\"1\" loading=\"lazy\" decoding=\"async\" data-attachment-id=\"79115\" data-permalink=\"https:\/\/terjebjornstad.com\/no\/2025\/02\/08\/ecarexpo-2025\/renault-r4-e-tech-1-1920x1280\/\" data-orig-file=\"https:\/\/i0.wp.com\/terjebjornstad.com\/no\/wp-content\/uploads\/2025\/02\/renault-r4-e-tech-1-1920x1280-1.jpg?fit=1920%2C1280&amp;ssl=1\" data-orig-size=\"1920,1280\" data-comments-opened=\"1\" data-image-meta=\"{&quot;aperture&quot;:&quot;0&quot;,&quot;credit&quot;:&quot;&quot;,&quot;camera&quot;:&quot;&quot;,&quot;caption&quot;:&quot;&quot;,&quot;created_timestamp&quot;:&quot;0&quot;,&quot;copyright&quot;:&quot;&quot;,&quot;focal_length&quot;:&quot;0&quot;,&quot;iso&quot;:&quot;0&quot;,&quot;shutter_speed&quot;:&quot;0&quot;,&quot;title&quot;:&quot;&quot;,&quot;orientation&quot;:&quot;0&quot;}\" data-image-title=\"renault-r4-e-tech-1-1920&amp;#215;1280\" data-image-description=\"\" data-image-caption=\"&lt;p&gt;Renault R4 R-Tech dashboard&lt;\/p&gt;\n\" data-large-file=\"https:\/\/i0.wp.com\/terjebjornstad.com\/no\/wp-content\/uploads\/2025\/02\/renault-r4-e-tech-1-1920x1280-1.jpg?fit=980%2C653&amp;ssl=1\" src=\"https:\/\/i0.wp.com\/terjebjornstad.com\/no\/wp-content\/uploads\/2025\/02\/renault-r4-e-tech-1-1920x1280-1.jpg?resize=980%2C653&#038;ssl=1\" alt=\"\" width=\"980\" height=\"653\" class=\"size-full wp-image-79115\" srcset=\"https:\/\/i0.wp.com\/terjebjornstad.com\/no\/wp-content\/uploads\/2025\/02\/renault-r4-e-tech-1-1920x1280-1.jpg?w=1920&amp;ssl=1 1920w, https:\/\/i0.wp.com\/terjebjornstad.com\/no\/wp-content\/uploads\/2025\/02\/renault-r4-e-tech-1-1920x1280-1.jpg?resize=300%2C200&amp;ssl=1 300w, https:\/\/i0.wp.com\/terjebjornstad.com\/no\/wp-content\/uploads\/2025\/02\/renault-r4-e-tech-1-1920x1280-1.jpg?resize=1080%2C720&amp;ssl=1 1080w, https:\/\/i0.wp.com\/terjebjornstad.com\/no\/wp-content\/uploads\/2025\/02\/renault-r4-e-tech-1-1920x1280-1.jpg?resize=768%2C512&amp;ssl=1 768w, https:\/\/i0.wp.com\/terjebjornstad.com\/no\/wp-content\/uploads\/2025\/02\/renault-r4-e-tech-1-1920x1280-1.jpg?resize=1536%2C1024&amp;ssl=1 1536w, https:\/\/i0.wp.com\/terjebjornstad.com\/no\/wp-content\/uploads\/2025\/02\/renault-r4-e-tech-1-1920x1280-1.jpg?resize=690%2C460&amp;ssl=1 690w, https:\/\/i0.wp.com\/terjebjornstad.com\/no\/wp-content\/uploads\/2025\/02\/renault-r4-e-tech-1-1920x1280-1.jpg?resize=980%2C653&amp;ssl=1 980w\" sizes=\"auto, (max-width: 980px) 100vw, 980px\" \/><\/a><figcaption id=\"caption-attachment-79115\" class=\"wp-caption-text\">Renault R4 R-Tech dashboard<\/figcaption><\/figure><\/p>\n<p><figure id=\"attachment_79114\" aria-describedby=\"caption-attachment-79114\" style=\"width: 1920px\" class=\"wp-caption aligncenter\"><a href=\"https:\/\/i0.wp.com\/terjebjornstad.com\/no\/wp-content\/uploads\/2025\/02\/renault-r4-electric-3-1920x1440-1.jpg?ssl=1\"><img data-recalc-dims=\"1\" loading=\"lazy\" decoding=\"async\" data-attachment-id=\"79114\" data-permalink=\"https:\/\/terjebjornstad.com\/no\/2025\/02\/08\/ecarexpo-2025\/renault-r4-electric-3-1920x1440\/\" data-orig-file=\"https:\/\/i0.wp.com\/terjebjornstad.com\/no\/wp-content\/uploads\/2025\/02\/renault-r4-electric-3-1920x1440-1.jpg?fit=1920%2C1440&amp;ssl=1\" data-orig-size=\"1920,1440\" data-comments-opened=\"1\" data-image-meta=\"{&quot;aperture&quot;:&quot;0&quot;,&quot;credit&quot;:&quot;&quot;,&quot;camera&quot;:&quot;&quot;,&quot;caption&quot;:&quot;&quot;,&quot;created_timestamp&quot;:&quot;0&quot;,&quot;copyright&quot;:&quot;&quot;,&quot;focal_length&quot;:&quot;0&quot;,&quot;iso&quot;:&quot;0&quot;,&quot;shutter_speed&quot;:&quot;0&quot;,&quot;title&quot;:&quot;&quot;,&quot;orientation&quot;:&quot;0&quot;}\" data-image-title=\"renault-r4-electric-3-1920&amp;#215;1440\" data-image-description=\"&lt;p&gt;Renault R4 E-Tech&lt;\/p&gt;\n\" data-image-caption=\"&lt;p&gt;Renault R4 E-Tech.&lt;\/p&gt;\n\" data-large-file=\"https:\/\/i0.wp.com\/terjebjornstad.com\/no\/wp-content\/uploads\/2025\/02\/renault-r4-electric-3-1920x1440-1.jpg?fit=980%2C735&amp;ssl=1\" src=\"https:\/\/i0.wp.com\/terjebjornstad.com\/no\/wp-content\/uploads\/2025\/02\/renault-r4-electric-3-1920x1440-1.jpg?resize=980%2C735&#038;ssl=1\" alt=\"\" width=\"980\" height=\"735\" class=\"size-full wp-image-79114\" srcset=\"https:\/\/i0.wp.com\/terjebjornstad.com\/no\/wp-content\/uploads\/2025\/02\/renault-r4-electric-3-1920x1440-1.jpg?w=1920&amp;ssl=1 1920w, https:\/\/i0.wp.com\/terjebjornstad.com\/no\/wp-content\/uploads\/2025\/02\/renault-r4-electric-3-1920x1440-1.jpg?resize=300%2C225&amp;ssl=1 300w, https:\/\/i0.wp.com\/terjebjornstad.com\/no\/wp-content\/uploads\/2025\/02\/renault-r4-electric-3-1920x1440-1.jpg?resize=1080%2C810&amp;ssl=1 1080w, https:\/\/i0.wp.com\/terjebjornstad.com\/no\/wp-content\/uploads\/2025\/02\/renault-r4-electric-3-1920x1440-1.jpg?resize=768%2C576&amp;ssl=1 768w, https:\/\/i0.wp.com\/terjebjornstad.com\/no\/wp-content\/uploads\/2025\/02\/renault-r4-electric-3-1920x1440-1.jpg?resize=1536%2C1152&amp;ssl=1 1536w, https:\/\/i0.wp.com\/terjebjornstad.com\/no\/wp-content\/uploads\/2025\/02\/renault-r4-electric-3-1920x1440-1.jpg?resize=690%2C518&amp;ssl=1 690w, https:\/\/i0.wp.com\/terjebjornstad.com\/no\/wp-content\/uploads\/2025\/02\/renault-r4-electric-3-1920x1440-1.jpg?resize=980%2C735&amp;ssl=1 980w\" sizes=\"auto, (max-width: 980px) 100vw, 980px\" \/><\/a><figcaption id=\"caption-attachment-79114\" class=\"wp-caption-text\">Renault R4 E-Tech.<\/figcaption><\/figure><\/p>\n<p>Renault R4 E-Tech b\u00e6rer design-elementer fra den legendariske Renault 4, men representerer i virkeligheten et helt annet bilkonsept. Ikke misforst\u00e5. Dette er en flott elbil som er stor nok som familiebil, men som neppe appellerer til gamle R4-entusiaster. Den opprinnelige modellen som kom i 1961, var sv\u00e6rt lett og genialt enkel. Setter man seg inn bak rattet i den nye R4 E-Tech, f\u00e5r man en helt annen f\u00f8lelse. Instrumentbordet her er som en Boeing 737 i forhold til den opprinnelige modellen. Lengde: 414, bagasjerom: 420 liter.<\/p>\n<h3 class=\"tebh2ingreslbcenter\">Dongfeng Nammi Box<\/h3>\n<p><figure id=\"attachment_79102\" aria-describedby=\"caption-attachment-79102\" style=\"width: 1920px\" class=\"wp-caption aligncenter\"><a href=\"https:\/\/i0.wp.com\/terjebjornstad.com\/no\/wp-content\/uploads\/2025\/02\/dongfeng-nammi-box-1-1920x1440-1.jpg?ssl=1\"><img data-recalc-dims=\"1\" loading=\"lazy\" decoding=\"async\" data-attachment-id=\"79102\" data-permalink=\"https:\/\/terjebjornstad.com\/no\/2025\/02\/08\/ecarexpo-2025\/dongfeng-nammi-box-1-1920x1440\/\" data-orig-file=\"https:\/\/i0.wp.com\/terjebjornstad.com\/no\/wp-content\/uploads\/2025\/02\/dongfeng-nammi-box-1-1920x1440-1.jpg?fit=1920%2C1440&amp;ssl=1\" data-orig-size=\"1920,1440\" data-comments-opened=\"1\" data-image-meta=\"{&quot;aperture&quot;:&quot;0&quot;,&quot;credit&quot;:&quot;&quot;,&quot;camera&quot;:&quot;&quot;,&quot;caption&quot;:&quot;&quot;,&quot;created_timestamp&quot;:&quot;0&quot;,&quot;copyright&quot;:&quot;&quot;,&quot;focal_length&quot;:&quot;0&quot;,&quot;iso&quot;:&quot;0&quot;,&quot;shutter_speed&quot;:&quot;0&quot;,&quot;title&quot;:&quot;&quot;,&quot;orientation&quot;:&quot;0&quot;}\" data-image-title=\"dongfeng-nammi-box-1-1920&amp;#215;1440\" data-image-description=\"\" data-image-caption=\"&lt;p&gt;Dongfeng Nammi Box&lt;\/p&gt;\n\" data-large-file=\"https:\/\/i0.wp.com\/terjebjornstad.com\/no\/wp-content\/uploads\/2025\/02\/dongfeng-nammi-box-1-1920x1440-1.jpg?fit=980%2C735&amp;ssl=1\" src=\"https:\/\/i0.wp.com\/terjebjornstad.com\/no\/wp-content\/uploads\/2025\/02\/dongfeng-nammi-box-1-1920x1440-1.jpg?resize=980%2C735&#038;ssl=1\" alt=\"ecarexpo 2025\" width=\"980\" height=\"735\" class=\"size-full wp-image-79102\" srcset=\"https:\/\/i0.wp.com\/terjebjornstad.com\/no\/wp-content\/uploads\/2025\/02\/dongfeng-nammi-box-1-1920x1440-1.jpg?w=1920&amp;ssl=1 1920w, https:\/\/i0.wp.com\/terjebjornstad.com\/no\/wp-content\/uploads\/2025\/02\/dongfeng-nammi-box-1-1920x1440-1.jpg?resize=300%2C225&amp;ssl=1 300w, https:\/\/i0.wp.com\/terjebjornstad.com\/no\/wp-content\/uploads\/2025\/02\/dongfeng-nammi-box-1-1920x1440-1.jpg?resize=1080%2C810&amp;ssl=1 1080w, https:\/\/i0.wp.com\/terjebjornstad.com\/no\/wp-content\/uploads\/2025\/02\/dongfeng-nammi-box-1-1920x1440-1.jpg?resize=768%2C576&amp;ssl=1 768w, https:\/\/i0.wp.com\/terjebjornstad.com\/no\/wp-content\/uploads\/2025\/02\/dongfeng-nammi-box-1-1920x1440-1.jpg?resize=1536%2C1152&amp;ssl=1 1536w, https:\/\/i0.wp.com\/terjebjornstad.com\/no\/wp-content\/uploads\/2025\/02\/dongfeng-nammi-box-1-1920x1440-1.jpg?resize=690%2C518&amp;ssl=1 690w, https:\/\/i0.wp.com\/terjebjornstad.com\/no\/wp-content\/uploads\/2025\/02\/dongfeng-nammi-box-1-1920x1440-1.jpg?resize=980%2C735&amp;ssl=1 980w\" sizes=\"auto, (max-width: 980px) 100vw, 980px\" \/><\/a><figcaption id=\"caption-attachment-79102\" class=\"wp-caption-text\">Dongfeng Nammi Box<\/figcaption><\/figure><figure id=\"attachment_79103\" aria-describedby=\"caption-attachment-79103\" style=\"width: 1920px\" class=\"wp-caption aligncenter\"><a href=\"https:\/\/i0.wp.com\/terjebjornstad.com\/no\/wp-content\/uploads\/2025\/02\/dongfeng-nammi-box-3-1920x1280-1.jpg?ssl=1\"><img data-recalc-dims=\"1\" loading=\"lazy\" decoding=\"async\" data-attachment-id=\"79103\" data-permalink=\"https:\/\/terjebjornstad.com\/no\/2025\/08\/29\/litt-om-leasing\/dongfeng-nammi-box-3-1920x1280\/\" data-orig-file=\"https:\/\/i0.wp.com\/terjebjornstad.com\/no\/wp-content\/uploads\/2025\/02\/dongfeng-nammi-box-3-1920x1280-1.jpg?fit=1920%2C1280&amp;ssl=1\" data-orig-size=\"1920,1280\" data-comments-opened=\"1\" data-image-meta=\"{&quot;aperture&quot;:&quot;1.8&quot;,&quot;credit&quot;:&quot;&quot;,&quot;camera&quot;:&quot;DSC-RX100M3&quot;,&quot;caption&quot;:&quot;&quot;,&quot;created_timestamp&quot;:&quot;1738928424&quot;,&quot;copyright&quot;:&quot;&quot;,&quot;focal_length&quot;:&quot;8.8&quot;,&quot;iso&quot;:&quot;5000&quot;,&quot;shutter_speed&quot;:&quot;0.0125&quot;,&quot;title&quot;:&quot;&quot;,&quot;orientation&quot;:&quot;1&quot;}\" data-image-title=\"dongfeng-nammi-box-3-1920&amp;#215;1280\" data-image-description=\"\" data-image-caption=\"&lt;p&gt;Nammi Box bagasjerom&lt;\/p&gt;\n\" data-large-file=\"https:\/\/i0.wp.com\/terjebjornstad.com\/no\/wp-content\/uploads\/2025\/02\/dongfeng-nammi-box-3-1920x1280-1.jpg?fit=980%2C653&amp;ssl=1\" src=\"https:\/\/i0.wp.com\/terjebjornstad.com\/no\/wp-content\/uploads\/2025\/02\/dongfeng-nammi-box-3-1920x1280-1.jpg?resize=980%2C653&#038;ssl=1\" alt=\"\" width=\"980\" height=\"653\" class=\"size-full wp-image-79103\" srcset=\"https:\/\/i0.wp.com\/terjebjornstad.com\/no\/wp-content\/uploads\/2025\/02\/dongfeng-nammi-box-3-1920x1280-1.jpg?w=1920&amp;ssl=1 1920w, https:\/\/i0.wp.com\/terjebjornstad.com\/no\/wp-content\/uploads\/2025\/02\/dongfeng-nammi-box-3-1920x1280-1.jpg?resize=300%2C200&amp;ssl=1 300w, https:\/\/i0.wp.com\/terjebjornstad.com\/no\/wp-content\/uploads\/2025\/02\/dongfeng-nammi-box-3-1920x1280-1.jpg?resize=1080%2C720&amp;ssl=1 1080w, https:\/\/i0.wp.com\/terjebjornstad.com\/no\/wp-content\/uploads\/2025\/02\/dongfeng-nammi-box-3-1920x1280-1.jpg?resize=768%2C512&amp;ssl=1 768w, https:\/\/i0.wp.com\/terjebjornstad.com\/no\/wp-content\/uploads\/2025\/02\/dongfeng-nammi-box-3-1920x1280-1.jpg?resize=1536%2C1024&amp;ssl=1 1536w, https:\/\/i0.wp.com\/terjebjornstad.com\/no\/wp-content\/uploads\/2025\/02\/dongfeng-nammi-box-3-1920x1280-1.jpg?resize=690%2C460&amp;ssl=1 690w, https:\/\/i0.wp.com\/terjebjornstad.com\/no\/wp-content\/uploads\/2025\/02\/dongfeng-nammi-box-3-1920x1280-1.jpg?resize=980%2C653&amp;ssl=1 980w\" sizes=\"auto, (max-width: 980px) 100vw, 980px\" \/><\/a><figcaption id=\"caption-attachment-79103\" class=\"wp-caption-text\">Nammi Box bagasjerom<\/figcaption><\/figure><\/p>\n<figure id=\"attachment_79105\" aria-describedby=\"caption-attachment-79105\" style=\"width: 1920px\" class=\"wp-caption aligncenter\"><a href=\"https:\/\/i0.wp.com\/terjebjornstad.com\/no\/wp-content\/uploads\/2025\/02\/dongfeng-nammi-box-1920x1280-1.jpg?ssl=1\"><img data-recalc-dims=\"1\" loading=\"lazy\" decoding=\"async\" data-attachment-id=\"79105\" data-permalink=\"https:\/\/terjebjornstad.com\/no\/2025\/02\/23\/ny-bil-til-under-300-000-kr\/dongfeng-nammi-box-1920x1280\/\" data-orig-file=\"https:\/\/i0.wp.com\/terjebjornstad.com\/no\/wp-content\/uploads\/2025\/02\/dongfeng-nammi-box-1920x1280-1.jpg?fit=1920%2C1280&amp;ssl=1\" data-orig-size=\"1920,1280\" data-comments-opened=\"1\" data-image-meta=\"{&quot;aperture&quot;:&quot;2.8&quot;,&quot;credit&quot;:&quot;&quot;,&quot;camera&quot;:&quot;DSC-RX100M3&quot;,&quot;caption&quot;:&quot;&quot;,&quot;created_timestamp&quot;:&quot;1738928503&quot;,&quot;copyright&quot;:&quot;&quot;,&quot;focal_length&quot;:&quot;12.48&quot;,&quot;iso&quot;:&quot;800&quot;,&quot;shutter_speed&quot;:&quot;0.066666666666667&quot;,&quot;title&quot;:&quot;&quot;,&quot;orientation&quot;:&quot;1&quot;}\" data-image-title=\"dongfeng-nammi-box&amp;#8211;1920&amp;#215;1280\" data-image-description=\"\" data-image-caption=\"&lt;p&gt;Dongfeng Nammi Box&lt;\/p&gt;\n\" data-large-file=\"https:\/\/i0.wp.com\/terjebjornstad.com\/no\/wp-content\/uploads\/2025\/02\/dongfeng-nammi-box-1920x1280-1.jpg?fit=980%2C653&amp;ssl=1\" src=\"https:\/\/i0.wp.com\/terjebjornstad.com\/no\/wp-content\/uploads\/2025\/02\/dongfeng-nammi-box-1920x1280-1.jpg?resize=980%2C653&#038;ssl=1\" alt=\"\" width=\"980\" height=\"653\" class=\"size-full wp-image-79105\" srcset=\"https:\/\/i0.wp.com\/terjebjornstad.com\/no\/wp-content\/uploads\/2025\/02\/dongfeng-nammi-box-1920x1280-1.jpg?w=1920&amp;ssl=1 1920w, https:\/\/i0.wp.com\/terjebjornstad.com\/no\/wp-content\/uploads\/2025\/02\/dongfeng-nammi-box-1920x1280-1.jpg?resize=300%2C200&amp;ssl=1 300w, https:\/\/i0.wp.com\/terjebjornstad.com\/no\/wp-content\/uploads\/2025\/02\/dongfeng-nammi-box-1920x1280-1.jpg?resize=1080%2C720&amp;ssl=1 1080w, https:\/\/i0.wp.com\/terjebjornstad.com\/no\/wp-content\/uploads\/2025\/02\/dongfeng-nammi-box-1920x1280-1.jpg?resize=768%2C512&amp;ssl=1 768w, https:\/\/i0.wp.com\/terjebjornstad.com\/no\/wp-content\/uploads\/2025\/02\/dongfeng-nammi-box-1920x1280-1.jpg?resize=1536%2C1024&amp;ssl=1 1536w, https:\/\/i0.wp.com\/terjebjornstad.com\/no\/wp-content\/uploads\/2025\/02\/dongfeng-nammi-box-1920x1280-1.jpg?resize=690%2C460&amp;ssl=1 690w, https:\/\/i0.wp.com\/terjebjornstad.com\/no\/wp-content\/uploads\/2025\/02\/dongfeng-nammi-box-1920x1280-1.jpg?resize=980%2C653&amp;ssl=1 980w\" sizes=\"auto, (max-width: 980px) 100vw, 980px\" \/><\/a><figcaption id=\"caption-attachment-79105\" class=\"wp-caption-text\">&nbsp;<\/figcaption><\/figure>\n<p><figure id=\"attachment_79104\" aria-describedby=\"caption-attachment-79104\" style=\"width: 1920px\" class=\"wp-caption aligncenter\"><a href=\"https:\/\/i0.wp.com\/terjebjornstad.com\/no\/wp-content\/uploads\/2025\/02\/dongfeng-nammi-box-5-1920x1920-1.jpg?ssl=1\"><img data-recalc-dims=\"1\" loading=\"lazy\" decoding=\"async\" data-attachment-id=\"79104\" data-permalink=\"https:\/\/terjebjornstad.com\/no\/2025\/02\/23\/ny-bil-til-under-300-000-kr\/dongfeng-nammi-box-5-1920x1920\/\" data-orig-file=\"https:\/\/i0.wp.com\/terjebjornstad.com\/no\/wp-content\/uploads\/2025\/02\/dongfeng-nammi-box-5-1920x1920-1.jpg?fit=1920%2C1920&amp;ssl=1\" data-orig-size=\"1920,1920\" data-comments-opened=\"1\" data-image-meta=\"{&quot;aperture&quot;:&quot;0&quot;,&quot;credit&quot;:&quot;&quot;,&quot;camera&quot;:&quot;&quot;,&quot;caption&quot;:&quot;&quot;,&quot;created_timestamp&quot;:&quot;0&quot;,&quot;copyright&quot;:&quot;&quot;,&quot;focal_length&quot;:&quot;0&quot;,&quot;iso&quot;:&quot;0&quot;,&quot;shutter_speed&quot;:&quot;0&quot;,&quot;title&quot;:&quot;&quot;,&quot;orientation&quot;:&quot;0&quot;}\" data-image-title=\"dongfeng-nammi-box-5-1920&amp;#215;1920\" data-image-description=\"\" data-image-caption=\"&lt;p&gt;Overraskende god benplass bak i Nammi Box&lt;\/p&gt;\n\" data-large-file=\"https:\/\/i0.wp.com\/terjebjornstad.com\/no\/wp-content\/uploads\/2025\/02\/dongfeng-nammi-box-5-1920x1920-1.jpg?fit=980%2C980&amp;ssl=1\" src=\"https:\/\/i0.wp.com\/terjebjornstad.com\/no\/wp-content\/uploads\/2025\/02\/dongfeng-nammi-box-5-1920x1920-1.jpg?resize=980%2C980&#038;ssl=1\" alt=\"\" width=\"980\" height=\"980\" class=\"size-full wp-image-79104\" srcset=\"https:\/\/i0.wp.com\/terjebjornstad.com\/no\/wp-content\/uploads\/2025\/02\/dongfeng-nammi-box-5-1920x1920-1.jpg?w=1920&amp;ssl=1 1920w, https:\/\/i0.wp.com\/terjebjornstad.com\/no\/wp-content\/uploads\/2025\/02\/dongfeng-nammi-box-5-1920x1920-1.jpg?resize=300%2C300&amp;ssl=1 300w, https:\/\/i0.wp.com\/terjebjornstad.com\/no\/wp-content\/uploads\/2025\/02\/dongfeng-nammi-box-5-1920x1920-1.jpg?resize=1080%2C1080&amp;ssl=1 1080w, https:\/\/i0.wp.com\/terjebjornstad.com\/no\/wp-content\/uploads\/2025\/02\/dongfeng-nammi-box-5-1920x1920-1.jpg?resize=150%2C150&amp;ssl=1 150w, https:\/\/i0.wp.com\/terjebjornstad.com\/no\/wp-content\/uploads\/2025\/02\/dongfeng-nammi-box-5-1920x1920-1.jpg?resize=768%2C768&amp;ssl=1 768w, https:\/\/i0.wp.com\/terjebjornstad.com\/no\/wp-content\/uploads\/2025\/02\/dongfeng-nammi-box-5-1920x1920-1.jpg?resize=1536%2C1536&amp;ssl=1 1536w, https:\/\/i0.wp.com\/terjebjornstad.com\/no\/wp-content\/uploads\/2025\/02\/dongfeng-nammi-box-5-1920x1920-1.jpg?resize=690%2C690&amp;ssl=1 690w, https:\/\/i0.wp.com\/terjebjornstad.com\/no\/wp-content\/uploads\/2025\/02\/dongfeng-nammi-box-5-1920x1920-1.jpg?resize=980%2C980&amp;ssl=1 980w, https:\/\/i0.wp.com\/terjebjornstad.com\/no\/wp-content\/uploads\/2025\/02\/dongfeng-nammi-box-5-1920x1920-1.jpg?resize=50%2C50&amp;ssl=1 50w\" sizes=\"auto, (max-width: 980px) 100vw, 980px\" \/><\/a><figcaption id=\"caption-attachment-79104\" class=\"wp-caption-text\">Overraskende god benplass bak i Nammi Box<\/figcaption><\/figure><\/p>\n<p>Vi har tidligere skrevet om <a href=\"https:\/\/terjebjornstad.com\/no\/2025\/01\/21\/nye-kinesiske-bilmerker\/\" target=\"_blank\" rel=\"noopener\"><strong>Nammi Box<\/strong><\/a>. Det er vel det n\u00e6rmeste man kan komme en prisbombe med startpris p\u00e5 s\u00e5 vidt under 200.000 kroner. Den minste batteripakken gir en rekkevidde p\u00e5 bare 200 km, men legger man til 20.000 f\u00e5r man st\u00f8rre batteripakke som gir en anstendig rekkevidde p\u00e5 310 km. Nammi Box har imponerende god innvendig plass, takket v\u00e6re lang akselavstand. Bagasjerommet kan ta 326 liter, men ikke delbart nedfellbart baksete. <\/p>\n<h3 class=\"tebh2ingreslbcenter\">KIA EV3<\/h3>\n<p><figure id=\"attachment_79107\" aria-describedby=\"caption-attachment-79107\" style=\"width: 1920px\" class=\"wp-caption aligncenter\"><a href=\"https:\/\/i0.wp.com\/terjebjornstad.com\/no\/wp-content\/uploads\/2025\/02\/kia-ev3-5-1920x1280-1.jpg?ssl=1\"><img data-recalc-dims=\"1\" loading=\"lazy\" decoding=\"async\" data-attachment-id=\"79107\" data-permalink=\"https:\/\/terjebjornstad.com\/no\/2025\/02\/08\/ecarexpo-2025\/kia-ev3-5-1920x1280\/\" data-orig-file=\"https:\/\/i0.wp.com\/terjebjornstad.com\/no\/wp-content\/uploads\/2025\/02\/kia-ev3-5-1920x1280-1.jpg?fit=1920%2C1280&amp;ssl=1\" data-orig-size=\"1920,1280\" data-comments-opened=\"1\" data-image-meta=\"{&quot;aperture&quot;:&quot;0&quot;,&quot;credit&quot;:&quot;&quot;,&quot;camera&quot;:&quot;&quot;,&quot;caption&quot;:&quot;&quot;,&quot;created_timestamp&quot;:&quot;0&quot;,&quot;copyright&quot;:&quot;&quot;,&quot;focal_length&quot;:&quot;0&quot;,&quot;iso&quot;:&quot;0&quot;,&quot;shutter_speed&quot;:&quot;0&quot;,&quot;title&quot;:&quot;&quot;,&quot;orientation&quot;:&quot;0&quot;}\" data-image-title=\"kia-ev3-5-1920&amp;#215;1280\" data-image-description=\"\" data-image-caption=\"&lt;p&gt;KIA EV3&lt;\/p&gt;\n\" data-large-file=\"https:\/\/i0.wp.com\/terjebjornstad.com\/no\/wp-content\/uploads\/2025\/02\/kia-ev3-5-1920x1280-1.jpg?fit=980%2C653&amp;ssl=1\" src=\"https:\/\/i0.wp.com\/terjebjornstad.com\/no\/wp-content\/uploads\/2025\/02\/kia-ev3-5-1920x1280-1.jpg?resize=980%2C653&#038;ssl=1\" alt=\"ecarexpo 2025\" width=\"980\" height=\"653\" class=\"size-full wp-image-79107\" srcset=\"https:\/\/i0.wp.com\/terjebjornstad.com\/no\/wp-content\/uploads\/2025\/02\/kia-ev3-5-1920x1280-1.jpg?w=1920&amp;ssl=1 1920w, https:\/\/i0.wp.com\/terjebjornstad.com\/no\/wp-content\/uploads\/2025\/02\/kia-ev3-5-1920x1280-1.jpg?resize=300%2C200&amp;ssl=1 300w, https:\/\/i0.wp.com\/terjebjornstad.com\/no\/wp-content\/uploads\/2025\/02\/kia-ev3-5-1920x1280-1.jpg?resize=1080%2C720&amp;ssl=1 1080w, https:\/\/i0.wp.com\/terjebjornstad.com\/no\/wp-content\/uploads\/2025\/02\/kia-ev3-5-1920x1280-1.jpg?resize=768%2C512&amp;ssl=1 768w, https:\/\/i0.wp.com\/terjebjornstad.com\/no\/wp-content\/uploads\/2025\/02\/kia-ev3-5-1920x1280-1.jpg?resize=1536%2C1024&amp;ssl=1 1536w, https:\/\/i0.wp.com\/terjebjornstad.com\/no\/wp-content\/uploads\/2025\/02\/kia-ev3-5-1920x1280-1.jpg?resize=690%2C460&amp;ssl=1 690w, https:\/\/i0.wp.com\/terjebjornstad.com\/no\/wp-content\/uploads\/2025\/02\/kia-ev3-5-1920x1280-1.jpg?resize=980%2C653&amp;ssl=1 980w\" sizes=\"auto, (max-width: 980px) 100vw, 980px\" \/><\/a><figcaption id=\"caption-attachment-79107\" class=\"wp-caption-text\">KIA EV3<\/figcaption><\/figure><figure id=\"attachment_79109\" aria-describedby=\"caption-attachment-79109\" style=\"width: 1920px\" class=\"wp-caption aligncenter\"><a href=\"https:\/\/i0.wp.com\/terjebjornstad.com\/no\/wp-content\/uploads\/2025\/02\/kia-eve3-1-1920x1280-1.jpg?ssl=1\"><img data-recalc-dims=\"1\" loading=\"lazy\" decoding=\"async\" data-attachment-id=\"79109\" data-permalink=\"https:\/\/terjebjornstad.com\/no\/2025\/02\/12\/lifestyle-camper-drapeformet-camping-glede\/kia-eve3-1-1920x1280\/\" data-orig-file=\"https:\/\/i0.wp.com\/terjebjornstad.com\/no\/wp-content\/uploads\/2025\/02\/kia-eve3-1-1920x1280-1.jpg?fit=1920%2C1280&amp;ssl=1\" data-orig-size=\"1920,1280\" data-comments-opened=\"1\" data-image-meta=\"{&quot;aperture&quot;:&quot;1.8&quot;,&quot;credit&quot;:&quot;&quot;,&quot;camera&quot;:&quot;DSC-RX100M3&quot;,&quot;caption&quot;:&quot;&quot;,&quot;created_timestamp&quot;:&quot;1738929761&quot;,&quot;copyright&quot;:&quot;&quot;,&quot;focal_length&quot;:&quot;8.8&quot;,&quot;iso&quot;:&quot;640&quot;,&quot;shutter_speed&quot;:&quot;0.033333333333333&quot;,&quot;title&quot;:&quot;&quot;,&quot;orientation&quot;:&quot;1&quot;}\" data-image-title=\"kia-eve3-1-1920&amp;#215;1280\" data-image-description=\"\" data-image-caption=\"&lt;p&gt;Kia EV3&lt;\/p&gt;\n\" data-large-file=\"https:\/\/i0.wp.com\/terjebjornstad.com\/no\/wp-content\/uploads\/2025\/02\/kia-eve3-1-1920x1280-1.jpg?fit=980%2C653&amp;ssl=1\" src=\"https:\/\/i0.wp.com\/terjebjornstad.com\/no\/wp-content\/uploads\/2025\/02\/kia-eve3-1-1920x1280-1.jpg?resize=980%2C653&#038;ssl=1\" alt=\"\" width=\"980\" height=\"653\" class=\"size-full wp-image-79109\" srcset=\"https:\/\/i0.wp.com\/terjebjornstad.com\/no\/wp-content\/uploads\/2025\/02\/kia-eve3-1-1920x1280-1.jpg?w=1920&amp;ssl=1 1920w, https:\/\/i0.wp.com\/terjebjornstad.com\/no\/wp-content\/uploads\/2025\/02\/kia-eve3-1-1920x1280-1.jpg?resize=300%2C200&amp;ssl=1 300w, https:\/\/i0.wp.com\/terjebjornstad.com\/no\/wp-content\/uploads\/2025\/02\/kia-eve3-1-1920x1280-1.jpg?resize=1080%2C720&amp;ssl=1 1080w, https:\/\/i0.wp.com\/terjebjornstad.com\/no\/wp-content\/uploads\/2025\/02\/kia-eve3-1-1920x1280-1.jpg?resize=768%2C512&amp;ssl=1 768w, https:\/\/i0.wp.com\/terjebjornstad.com\/no\/wp-content\/uploads\/2025\/02\/kia-eve3-1-1920x1280-1.jpg?resize=1536%2C1024&amp;ssl=1 1536w, https:\/\/i0.wp.com\/terjebjornstad.com\/no\/wp-content\/uploads\/2025\/02\/kia-eve3-1-1920x1280-1.jpg?resize=690%2C460&amp;ssl=1 690w, https:\/\/i0.wp.com\/terjebjornstad.com\/no\/wp-content\/uploads\/2025\/02\/kia-eve3-1-1920x1280-1.jpg?resize=980%2C653&amp;ssl=1 980w\" sizes=\"auto, (max-width: 980px) 100vw, 980px\" \/><\/a><figcaption id=\"caption-attachment-79109\" class=\"wp-caption-text\">Kia EV3<\/figcaption><\/figure><\/p>\n<figure id=\"attachment_79106\" aria-describedby=\"caption-attachment-79106\" style=\"width: 1920px\" class=\"wp-caption aligncenter\"><a href=\"https:\/\/i0.wp.com\/terjebjornstad.com\/no\/wp-content\/uploads\/2025\/02\/kia-ev3-3-1920x1440-1.jpg?ssl=1\"><img data-recalc-dims=\"1\" loading=\"lazy\" decoding=\"async\" data-attachment-id=\"79106\" data-permalink=\"https:\/\/terjebjornstad.com\/no\/2025\/02\/08\/ecarexpo-2025\/kia-ev3-3-1920x1440\/\" data-orig-file=\"https:\/\/i0.wp.com\/terjebjornstad.com\/no\/wp-content\/uploads\/2025\/02\/kia-ev3-3-1920x1440-1.jpg?fit=1920%2C1440&amp;ssl=1\" data-orig-size=\"1920,1440\" data-comments-opened=\"1\" data-image-meta=\"{&quot;aperture&quot;:&quot;0&quot;,&quot;credit&quot;:&quot;&quot;,&quot;camera&quot;:&quot;&quot;,&quot;caption&quot;:&quot;&quot;,&quot;created_timestamp&quot;:&quot;0&quot;,&quot;copyright&quot;:&quot;&quot;,&quot;focal_length&quot;:&quot;0&quot;,&quot;iso&quot;:&quot;0&quot;,&quot;shutter_speed&quot;:&quot;0&quot;,&quot;title&quot;:&quot;&quot;,&quot;orientation&quot;:&quot;0&quot;}\" data-image-title=\"kia-ev3-3-1920&amp;#215;1440\" data-image-description=\"\" data-image-caption=\"&lt;p&gt;Bagasjerommet i KIA EV3&lt;\/p&gt;\n\" data-large-file=\"https:\/\/i0.wp.com\/terjebjornstad.com\/no\/wp-content\/uploads\/2025\/02\/kia-ev3-3-1920x1440-1.jpg?fit=980%2C735&amp;ssl=1\" src=\"https:\/\/i0.wp.com\/terjebjornstad.com\/no\/wp-content\/uploads\/2025\/02\/kia-ev3-3-1920x1440-1.jpg?resize=980%2C735&#038;ssl=1\" alt=\"\" width=\"980\" height=\"735\" class=\"size-full wp-image-79106\" srcset=\"https:\/\/i0.wp.com\/terjebjornstad.com\/no\/wp-content\/uploads\/2025\/02\/kia-ev3-3-1920x1440-1.jpg?w=1920&amp;ssl=1 1920w, https:\/\/i0.wp.com\/terjebjornstad.com\/no\/wp-content\/uploads\/2025\/02\/kia-ev3-3-1920x1440-1.jpg?resize=300%2C225&amp;ssl=1 300w, https:\/\/i0.wp.com\/terjebjornstad.com\/no\/wp-content\/uploads\/2025\/02\/kia-ev3-3-1920x1440-1.jpg?resize=1080%2C810&amp;ssl=1 1080w, https:\/\/i0.wp.com\/terjebjornstad.com\/no\/wp-content\/uploads\/2025\/02\/kia-ev3-3-1920x1440-1.jpg?resize=768%2C576&amp;ssl=1 768w, https:\/\/i0.wp.com\/terjebjornstad.com\/no\/wp-content\/uploads\/2025\/02\/kia-ev3-3-1920x1440-1.jpg?resize=1536%2C1152&amp;ssl=1 1536w, https:\/\/i0.wp.com\/terjebjornstad.com\/no\/wp-content\/uploads\/2025\/02\/kia-ev3-3-1920x1440-1.jpg?resize=690%2C518&amp;ssl=1 690w, https:\/\/i0.wp.com\/terjebjornstad.com\/no\/wp-content\/uploads\/2025\/02\/kia-ev3-3-1920x1440-1.jpg?resize=980%2C735&amp;ssl=1 980w\" sizes=\"auto, (max-width: 980px) 100vw, 980px\" \/><\/a><figcaption id=\"caption-attachment-79106\" class=\"wp-caption-text\">Bagasjerommet i KIA EV3<\/figcaption><\/figure>\n<p><figure id=\"attachment_79108\" aria-describedby=\"caption-attachment-79108\" style=\"width: 1280px\" class=\"wp-caption aligncenter\"><a href=\"https:\/\/i0.wp.com\/terjebjornstad.com\/no\/wp-content\/uploads\/2025\/02\/kia-ev3-7-1280x1920-1.jpg?ssl=1\"><img data-recalc-dims=\"1\" loading=\"lazy\" decoding=\"async\" data-attachment-id=\"79108\" data-permalink=\"https:\/\/terjebjornstad.com\/no\/2025\/02\/08\/ecarexpo-2025\/kia-ev3-7-1280x1920\/\" data-orig-file=\"https:\/\/i0.wp.com\/terjebjornstad.com\/no\/wp-content\/uploads\/2025\/02\/kia-ev3-7-1280x1920-1.jpg?fit=1280%2C1920&amp;ssl=1\" data-orig-size=\"1280,1920\" data-comments-opened=\"1\" data-image-meta=\"{&quot;aperture&quot;:&quot;1.8&quot;,&quot;credit&quot;:&quot;&quot;,&quot;camera&quot;:&quot;DSC-RX100M3&quot;,&quot;caption&quot;:&quot;&quot;,&quot;created_timestamp&quot;:&quot;1738929816&quot;,&quot;copyright&quot;:&quot;&quot;,&quot;focal_length&quot;:&quot;8.8&quot;,&quot;iso&quot;:&quot;800&quot;,&quot;shutter_speed&quot;:&quot;0.04&quot;,&quot;title&quot;:&quot;&quot;,&quot;orientation&quot;:&quot;1&quot;}\" data-image-title=\"kia-ev3-7-1280&amp;#215;1920\" data-image-description=\"\" data-image-caption=\"&lt;p&gt;KIA EV3 legroom&lt;\/p&gt;\n\" data-large-file=\"https:\/\/i0.wp.com\/terjebjornstad.com\/no\/wp-content\/uploads\/2025\/02\/kia-ev3-7-1280x1920-1.jpg?fit=720%2C1080&amp;ssl=1\" src=\"https:\/\/i0.wp.com\/terjebjornstad.com\/no\/wp-content\/uploads\/2025\/02\/kia-ev3-7-1280x1920-1.jpg?resize=980%2C1470&#038;ssl=1\" alt=\"\" width=\"980\" height=\"1470\" class=\"size-full wp-image-79108\" srcset=\"https:\/\/i0.wp.com\/terjebjornstad.com\/no\/wp-content\/uploads\/2025\/02\/kia-ev3-7-1280x1920-1.jpg?w=1280&amp;ssl=1 1280w, https:\/\/i0.wp.com\/terjebjornstad.com\/no\/wp-content\/uploads\/2025\/02\/kia-ev3-7-1280x1920-1.jpg?resize=200%2C300&amp;ssl=1 200w, https:\/\/i0.wp.com\/terjebjornstad.com\/no\/wp-content\/uploads\/2025\/02\/kia-ev3-7-1280x1920-1.jpg?resize=720%2C1080&amp;ssl=1 720w, https:\/\/i0.wp.com\/terjebjornstad.com\/no\/wp-content\/uploads\/2025\/02\/kia-ev3-7-1280x1920-1.jpg?resize=768%2C1152&amp;ssl=1 768w, https:\/\/i0.wp.com\/terjebjornstad.com\/no\/wp-content\/uploads\/2025\/02\/kia-ev3-7-1280x1920-1.jpg?resize=1024%2C1536&amp;ssl=1 1024w, https:\/\/i0.wp.com\/terjebjornstad.com\/no\/wp-content\/uploads\/2025\/02\/kia-ev3-7-1280x1920-1.jpg?resize=690%2C1035&amp;ssl=1 690w, https:\/\/i0.wp.com\/terjebjornstad.com\/no\/wp-content\/uploads\/2025\/02\/kia-ev3-7-1280x1920-1.jpg?resize=980%2C1470&amp;ssl=1 980w\" sizes=\"auto, (max-width: 980px) 100vw, 980px\" \/><\/a><figcaption id=\"caption-attachment-79108\" class=\"wp-caption-text\">KIA EV3 legroom<\/figcaption><\/figure><\/p>\n<p>\u00d8nsker du et skikkelig &laquo;boxy&raquo; design, er <em>KIA EV3<\/em> verdt \u00e5 se n\u00e6rmere p\u00e5. Den er 4,3 meter lang, tar 430 liter bagasje og tilbyr en klasse-ledende rekkevidde p\u00e5 601 km med batteripakke p\u00e5 81,4 kWh. <\/p>\n<h3 class=\"tebh2ingreslbcenter\">Tesla Cyberspace<\/h3>\n<figure id=\"attachment_79121\" aria-describedby=\"caption-attachment-79121\" style=\"width: 1920px\" class=\"wp-caption aligncenter\"><a href=\"https:\/\/i0.wp.com\/terjebjornstad.com\/no\/wp-content\/uploads\/2025\/02\/tesla-cybertruck-1-1920x1280-1.jpg?ssl=1\"><img data-recalc-dims=\"1\" loading=\"lazy\" decoding=\"async\" data-attachment-id=\"79121\" data-permalink=\"https:\/\/terjebjornstad.com\/no\/2025\/02\/08\/ecarexpo-2025\/tesla-cybertruck-1-1920x1280\/\" data-orig-file=\"https:\/\/i0.wp.com\/terjebjornstad.com\/no\/wp-content\/uploads\/2025\/02\/tesla-cybertruck-1-1920x1280-1.jpg?fit=1920%2C1280&amp;ssl=1\" data-orig-size=\"1920,1280\" data-comments-opened=\"1\" data-image-meta=\"{&quot;aperture&quot;:&quot;1.8&quot;,&quot;credit&quot;:&quot;&quot;,&quot;camera&quot;:&quot;DSC-RX100M3&quot;,&quot;caption&quot;:&quot;&quot;,&quot;created_timestamp&quot;:&quot;1738927365&quot;,&quot;copyright&quot;:&quot;&quot;,&quot;focal_length&quot;:&quot;8.8&quot;,&quot;iso&quot;:&quot;200&quot;,&quot;shutter_speed&quot;:&quot;0.033333333333333&quot;,&quot;title&quot;:&quot;&quot;,&quot;orientation&quot;:&quot;1&quot;}\" data-image-title=\"tesla-cybertruck-1-1920&amp;#215;1280\" data-image-description=\"\" data-image-caption=\"&lt;p&gt;Tesla Cybertruck&lt;\/p&gt;\n\" data-large-file=\"https:\/\/i0.wp.com\/terjebjornstad.com\/no\/wp-content\/uploads\/2025\/02\/tesla-cybertruck-1-1920x1280-1.jpg?fit=980%2C653&amp;ssl=1\" src=\"https:\/\/i0.wp.com\/terjebjornstad.com\/no\/wp-content\/uploads\/2025\/02\/tesla-cybertruck-1-1920x1280-1.jpg?resize=980%2C653&#038;ssl=1\" alt=\"mazda 6e\" width=\"980\" height=\"653\" class=\"size-full wp-image-79121\" srcset=\"https:\/\/i0.wp.com\/terjebjornstad.com\/no\/wp-content\/uploads\/2025\/02\/tesla-cybertruck-1-1920x1280-1.jpg?w=1920&amp;ssl=1 1920w, https:\/\/i0.wp.com\/terjebjornstad.com\/no\/wp-content\/uploads\/2025\/02\/tesla-cybertruck-1-1920x1280-1.jpg?resize=300%2C200&amp;ssl=1 300w, https:\/\/i0.wp.com\/terjebjornstad.com\/no\/wp-content\/uploads\/2025\/02\/tesla-cybertruck-1-1920x1280-1.jpg?resize=1080%2C720&amp;ssl=1 1080w, https:\/\/i0.wp.com\/terjebjornstad.com\/no\/wp-content\/uploads\/2025\/02\/tesla-cybertruck-1-1920x1280-1.jpg?resize=768%2C512&amp;ssl=1 768w, https:\/\/i0.wp.com\/terjebjornstad.com\/no\/wp-content\/uploads\/2025\/02\/tesla-cybertruck-1-1920x1280-1.jpg?resize=1536%2C1024&amp;ssl=1 1536w, https:\/\/i0.wp.com\/terjebjornstad.com\/no\/wp-content\/uploads\/2025\/02\/tesla-cybertruck-1-1920x1280-1.jpg?resize=690%2C460&amp;ssl=1 690w, https:\/\/i0.wp.com\/terjebjornstad.com\/no\/wp-content\/uploads\/2025\/02\/tesla-cybertruck-1-1920x1280-1.jpg?resize=980%2C653&amp;ssl=1 980w\" sizes=\"auto, (max-width: 980px) 100vw, 980px\" \/><\/a><figcaption id=\"caption-attachment-79121\" class=\"wp-caption-text\">Bak rattet p\u00e5 Tesla Cybertruck<\/figcaption><\/figure>\n<p>Tesla Cybertruck er ikke EU-godkjent for europeiske veier. Elon Musk har varslet at det skal lages en europeisk versjon ogs\u00e5. Problemet er at dagens biler ikke oppfyller europeiske krav med hensyn til kollisjonsbeskyttelse av fotgjengere. \u00c9n bruktimportert CyberTruck har imidlertid blitt godkjent under spesialregler som ikke kan benyttes for ordin\u00e6r import. Uansett kommer Cybertruck til \u00e5 f\u00e5 s\u00e5 h\u00f8y totalvekt at den m\u00e5 registreres som lett lastebil som krever C1 f\u00f8rerkort. <\/p>\n<h3 class=\"tebh2ingreslbcenter\">Audi A6 Avant e-tron<\/h3>\n<p><a href=\"https:\/\/i0.wp.com\/terjebjornstad.com\/no\/wp-content\/uploads\/2025\/02\/audi-s6-avant-e-tron-3-1920x1280-1.jpg?ssl=1\"><img data-recalc-dims=\"1\" loading=\"lazy\" decoding=\"async\" data-attachment-id=\"79139\" data-permalink=\"https:\/\/terjebjornstad.com\/no\/2025\/02\/08\/ecarexpo-2025\/audi-s6-avant-e-tron-3-1920x1280\/\" data-orig-file=\"https:\/\/i0.wp.com\/terjebjornstad.com\/no\/wp-content\/uploads\/2025\/02\/audi-s6-avant-e-tron-3-1920x1280-1.jpg?fit=1920%2C1280&amp;ssl=1\" data-orig-size=\"1920,1280\" data-comments-opened=\"1\" data-image-meta=\"{&quot;aperture&quot;:&quot;0&quot;,&quot;credit&quot;:&quot;&quot;,&quot;camera&quot;:&quot;&quot;,&quot;caption&quot;:&quot;&quot;,&quot;created_timestamp&quot;:&quot;0&quot;,&quot;copyright&quot;:&quot;&quot;,&quot;focal_length&quot;:&quot;0&quot;,&quot;iso&quot;:&quot;0&quot;,&quot;shutter_speed&quot;:&quot;0&quot;,&quot;title&quot;:&quot;&quot;,&quot;orientation&quot;:&quot;0&quot;}\" data-image-title=\"audi-s6-avant-e-tron-3-1920&amp;#215;1280\" data-image-description=\"\" data-image-caption=\"\" data-large-file=\"https:\/\/i0.wp.com\/terjebjornstad.com\/no\/wp-content\/uploads\/2025\/02\/audi-s6-avant-e-tron-3-1920x1280-1.jpg?fit=980%2C653&amp;ssl=1\" src=\"https:\/\/i0.wp.com\/terjebjornstad.com\/no\/wp-content\/uploads\/2025\/02\/audi-s6-avant-e-tron-3-1920x1280-1.jpg?resize=980%2C653&#038;ssl=1\" alt=\"mazda 6e\" width=\"980\" height=\"653\" class=\"aligncenter size-full wp-image-79139\" srcset=\"https:\/\/i0.wp.com\/terjebjornstad.com\/no\/wp-content\/uploads\/2025\/02\/audi-s6-avant-e-tron-3-1920x1280-1.jpg?w=1920&amp;ssl=1 1920w, https:\/\/i0.wp.com\/terjebjornstad.com\/no\/wp-content\/uploads\/2025\/02\/audi-s6-avant-e-tron-3-1920x1280-1.jpg?resize=300%2C200&amp;ssl=1 300w, https:\/\/i0.wp.com\/terjebjornstad.com\/no\/wp-content\/uploads\/2025\/02\/audi-s6-avant-e-tron-3-1920x1280-1.jpg?resize=1080%2C720&amp;ssl=1 1080w, https:\/\/i0.wp.com\/terjebjornstad.com\/no\/wp-content\/uploads\/2025\/02\/audi-s6-avant-e-tron-3-1920x1280-1.jpg?resize=768%2C512&amp;ssl=1 768w, https:\/\/i0.wp.com\/terjebjornstad.com\/no\/wp-content\/uploads\/2025\/02\/audi-s6-avant-e-tron-3-1920x1280-1.jpg?resize=1536%2C1024&amp;ssl=1 1536w, https:\/\/i0.wp.com\/terjebjornstad.com\/no\/wp-content\/uploads\/2025\/02\/audi-s6-avant-e-tron-3-1920x1280-1.jpg?resize=690%2C460&amp;ssl=1 690w, https:\/\/i0.wp.com\/terjebjornstad.com\/no\/wp-content\/uploads\/2025\/02\/audi-s6-avant-e-tron-3-1920x1280-1.jpg?resize=980%2C653&amp;ssl=1 980w\" sizes=\"auto, (max-width: 980px) 100vw, 980px\" \/><\/a><figure id=\"attachment_79140\" aria-describedby=\"caption-attachment-79140\" style=\"width: 1920px\" class=\"wp-caption aligncenter\"><a href=\"https:\/\/i0.wp.com\/terjebjornstad.com\/no\/wp-content\/uploads\/2025\/02\/audi-s6-avant-e-tron-1920x1080-1.jpg?ssl=1\"><img data-recalc-dims=\"1\" loading=\"lazy\" decoding=\"async\" data-attachment-id=\"79140\" data-permalink=\"https:\/\/terjebjornstad.com\/no\/2025\/02\/08\/ecarexpo-2025\/audi-s6-avant-e-tron-1920x1080\/\" data-orig-file=\"https:\/\/i0.wp.com\/terjebjornstad.com\/no\/wp-content\/uploads\/2025\/02\/audi-s6-avant-e-tron-1920x1080-1.jpg?fit=1920%2C1080&amp;ssl=1\" data-orig-size=\"1920,1080\" data-comments-opened=\"1\" data-image-meta=\"{&quot;aperture&quot;:&quot;0&quot;,&quot;credit&quot;:&quot;&quot;,&quot;camera&quot;:&quot;&quot;,&quot;caption&quot;:&quot;&quot;,&quot;created_timestamp&quot;:&quot;0&quot;,&quot;copyright&quot;:&quot;&quot;,&quot;focal_length&quot;:&quot;0&quot;,&quot;iso&quot;:&quot;0&quot;,&quot;shutter_speed&quot;:&quot;0&quot;,&quot;title&quot;:&quot;&quot;,&quot;orientation&quot;:&quot;0&quot;}\" data-image-title=\"audi-s6-avant-e-tron-1920&amp;#215;1080\" data-image-description=\"\" data-image-caption=\"&lt;p&gt;Audi S6 Avant e-tron.&lt;\/p&gt;\n\" data-large-file=\"https:\/\/i0.wp.com\/terjebjornstad.com\/no\/wp-content\/uploads\/2025\/02\/audi-s6-avant-e-tron-1920x1080-1.jpg?fit=980%2C552&amp;ssl=1\" src=\"https:\/\/i0.wp.com\/terjebjornstad.com\/no\/wp-content\/uploads\/2025\/02\/audi-s6-avant-e-tron-1920x1080-1.jpg?resize=980%2C551&#038;ssl=1\" alt=\"\" width=\"980\" height=\"551\" class=\"size-full wp-image-79140\" srcset=\"https:\/\/i0.wp.com\/terjebjornstad.com\/no\/wp-content\/uploads\/2025\/02\/audi-s6-avant-e-tron-1920x1080-1.jpg?w=1920&amp;ssl=1 1920w, https:\/\/i0.wp.com\/terjebjornstad.com\/no\/wp-content\/uploads\/2025\/02\/audi-s6-avant-e-tron-1920x1080-1.jpg?resize=300%2C169&amp;ssl=1 300w, https:\/\/i0.wp.com\/terjebjornstad.com\/no\/wp-content\/uploads\/2025\/02\/audi-s6-avant-e-tron-1920x1080-1.jpg?resize=1080%2C608&amp;ssl=1 1080w, https:\/\/i0.wp.com\/terjebjornstad.com\/no\/wp-content\/uploads\/2025\/02\/audi-s6-avant-e-tron-1920x1080-1.jpg?resize=768%2C432&amp;ssl=1 768w, https:\/\/i0.wp.com\/terjebjornstad.com\/no\/wp-content\/uploads\/2025\/02\/audi-s6-avant-e-tron-1920x1080-1.jpg?resize=1536%2C864&amp;ssl=1 1536w, https:\/\/i0.wp.com\/terjebjornstad.com\/no\/wp-content\/uploads\/2025\/02\/audi-s6-avant-e-tron-1920x1080-1.jpg?resize=690%2C388&amp;ssl=1 690w, https:\/\/i0.wp.com\/terjebjornstad.com\/no\/wp-content\/uploads\/2025\/02\/audi-s6-avant-e-tron-1920x1080-1.jpg?resize=980%2C551&amp;ssl=1 980w\" sizes=\"auto, (max-width: 980px) 100vw, 980px\" \/><\/a><figcaption id=\"caption-attachment-79140\" class=\"wp-caption-text\">Audi S6 Avant e-tron.<\/figcaption><\/figure><\/p>\n<p><figure id=\"attachment_79138\" aria-describedby=\"caption-attachment-79138\" style=\"width: 1920px\" class=\"wp-caption aligncenter\"><a href=\"https:\/\/i0.wp.com\/terjebjornstad.com\/no\/wp-content\/uploads\/2025\/02\/audi-a6-avant-e-tron-1-1920x1920-1.jpg?ssl=1\"><img data-recalc-dims=\"1\" loading=\"lazy\" decoding=\"async\" data-attachment-id=\"79138\" data-permalink=\"https:\/\/terjebjornstad.com\/no\/2025\/02\/08\/ecarexpo-2025\/audi-a6-avant-e-tron-1-1920x1920\/\" data-orig-file=\"https:\/\/i0.wp.com\/terjebjornstad.com\/no\/wp-content\/uploads\/2025\/02\/audi-a6-avant-e-tron-1-1920x1920-1.jpg?fit=1920%2C1920&amp;ssl=1\" data-orig-size=\"1920,1920\" data-comments-opened=\"1\" data-image-meta=\"{&quot;aperture&quot;:&quot;0&quot;,&quot;credit&quot;:&quot;&quot;,&quot;camera&quot;:&quot;&quot;,&quot;caption&quot;:&quot;&quot;,&quot;created_timestamp&quot;:&quot;0&quot;,&quot;copyright&quot;:&quot;&quot;,&quot;focal_length&quot;:&quot;0&quot;,&quot;iso&quot;:&quot;0&quot;,&quot;shutter_speed&quot;:&quot;0&quot;,&quot;title&quot;:&quot;&quot;,&quot;orientation&quot;:&quot;0&quot;}\" data-image-title=\"audi-a6-avant-e-tron-1-1920&amp;#215;1920\" data-image-description=\"\" data-image-caption=\"&lt;p&gt;Audi S6 Avant e-tron&lt;\/p&gt;\n\" data-large-file=\"https:\/\/i0.wp.com\/terjebjornstad.com\/no\/wp-content\/uploads\/2025\/02\/audi-a6-avant-e-tron-1-1920x1920-1.jpg?fit=980%2C980&amp;ssl=1\" src=\"https:\/\/i0.wp.com\/terjebjornstad.com\/no\/wp-content\/uploads\/2025\/02\/audi-a6-avant-e-tron-1-1920x1920-1.jpg?resize=980%2C980&#038;ssl=1\" alt=\"\" width=\"980\" height=\"980\" class=\"size-full wp-image-79138\" srcset=\"https:\/\/i0.wp.com\/terjebjornstad.com\/no\/wp-content\/uploads\/2025\/02\/audi-a6-avant-e-tron-1-1920x1920-1.jpg?w=1920&amp;ssl=1 1920w, https:\/\/i0.wp.com\/terjebjornstad.com\/no\/wp-content\/uploads\/2025\/02\/audi-a6-avant-e-tron-1-1920x1920-1.jpg?resize=300%2C300&amp;ssl=1 300w, https:\/\/i0.wp.com\/terjebjornstad.com\/no\/wp-content\/uploads\/2025\/02\/audi-a6-avant-e-tron-1-1920x1920-1.jpg?resize=1080%2C1080&amp;ssl=1 1080w, https:\/\/i0.wp.com\/terjebjornstad.com\/no\/wp-content\/uploads\/2025\/02\/audi-a6-avant-e-tron-1-1920x1920-1.jpg?resize=150%2C150&amp;ssl=1 150w, https:\/\/i0.wp.com\/terjebjornstad.com\/no\/wp-content\/uploads\/2025\/02\/audi-a6-avant-e-tron-1-1920x1920-1.jpg?resize=768%2C768&amp;ssl=1 768w, https:\/\/i0.wp.com\/terjebjornstad.com\/no\/wp-content\/uploads\/2025\/02\/audi-a6-avant-e-tron-1-1920x1920-1.jpg?resize=1536%2C1536&amp;ssl=1 1536w, https:\/\/i0.wp.com\/terjebjornstad.com\/no\/wp-content\/uploads\/2025\/02\/audi-a6-avant-e-tron-1-1920x1920-1.jpg?resize=690%2C690&amp;ssl=1 690w, https:\/\/i0.wp.com\/terjebjornstad.com\/no\/wp-content\/uploads\/2025\/02\/audi-a6-avant-e-tron-1-1920x1920-1.jpg?resize=980%2C980&amp;ssl=1 980w, https:\/\/i0.wp.com\/terjebjornstad.com\/no\/wp-content\/uploads\/2025\/02\/audi-a6-avant-e-tron-1-1920x1920-1.jpg?resize=50%2C50&amp;ssl=1 50w\" sizes=\"auto, (max-width: 980px) 100vw, 980px\" \/><\/a><figcaption id=\"caption-attachment-79138\" class=\"wp-caption-text\">Audi S6 Avant e-tron<\/figcaption><\/figure><\/p>\n<p>Audi A6 Avant e-tron er kanskje en av bilene p\u00e5 utstillingen som de fleste (ogs\u00e5 undertegnede) kunne tenke seg \u00e5 ta med seg hjem i egen garasje. Teknisk sett deler den plattform med Q6 e-tron og Porsche Macan. Man kan se at Audi har greid \u00e5 f\u00e5 frem en modell i et lekkert personbil-design. Innvendig kj\u00f8rer man p\u00e5 f\u00f8rste klasse med kamera sidespeil. <\/p>\n<h3 class=\"tebh2\">Se ogs\u00e5<\/h3>\n<p><figure id=\"attachment_76249\" aria-describedby=\"caption-attachment-76249\" style=\"width: 150px\" class=\"wp-caption alignleft\"><a href=\"https:\/\/terjebjornstad.com\/no\/2024\/10\/22\/renault-4-e-tech-forer-arven-videre\/\"><img data-recalc-dims=\"1\" loading=\"lazy\" decoding=\"async\" data-attachment-id=\"76249\" data-permalink=\"https:\/\/terjebjornstad.com\/no\/2024\/10\/22\/renault-4-e-tech-forer-arven-videre\/renault-4-e-tech-electric-1043\/\" data-orig-file=\"https:\/\/i0.wp.com\/terjebjornstad.com\/no\/wp-content\/uploads\/2024\/10\/Renault-4-E-Tech-electric-1043.jpg?fit=2000%2C1334&amp;ssl=1\" data-orig-size=\"2000,1334\" data-comments-opened=\"1\" data-image-meta=\"{&quot;aperture&quot;:&quot;0&quot;,&quot;credit&quot;:&quot;&quot;,&quot;camera&quot;:&quot;&quot;,&quot;caption&quot;:&quot;&quot;,&quot;created_timestamp&quot;:&quot;0&quot;,&quot;copyright&quot;:&quot;&quot;,&quot;focal_length&quot;:&quot;0&quot;,&quot;iso&quot;:&quot;0&quot;,&quot;shutter_speed&quot;:&quot;0&quot;,&quot;title&quot;:&quot;&quot;,&quot;orientation&quot;:&quot;0&quot;}\" data-image-title=\"Renault-4-E-Tech-electric-1043\" data-image-description=\"\" data-image-caption=\"&lt;p&gt;Renault R4 E-Tech&lt;\/p&gt;\n\" data-large-file=\"https:\/\/i0.wp.com\/terjebjornstad.com\/no\/wp-content\/uploads\/2024\/10\/Renault-4-E-Tech-electric-1043.jpg?fit=980%2C653&amp;ssl=1\" src=\"https:\/\/i0.wp.com\/terjebjornstad.com\/no\/wp-content\/uploads\/2024\/10\/Renault-4-E-Tech-electric-1043.jpg?resize=150%2C150&#038;ssl=1\" alt=\"nammi box\" width=\"150\" height=\"150\" class=\"size-thumbnail wp-image-76249\" srcset=\"https:\/\/i0.wp.com\/terjebjornstad.com\/no\/wp-content\/uploads\/2024\/10\/Renault-4-E-Tech-electric-1043.jpg?resize=150%2C150&amp;ssl=1 150w, https:\/\/i0.wp.com\/terjebjornstad.com\/no\/wp-content\/uploads\/2024\/10\/Renault-4-E-Tech-electric-1043.jpg?resize=50%2C50&amp;ssl=1 50w, https:\/\/i0.wp.com\/terjebjornstad.com\/no\/wp-content\/uploads\/2024\/10\/Renault-4-E-Tech-electric-1043.jpg?zoom=2&amp;resize=150%2C150&amp;ssl=1 300w, https:\/\/i0.wp.com\/terjebjornstad.com\/no\/wp-content\/uploads\/2024\/10\/Renault-4-E-Tech-electric-1043.jpg?zoom=3&amp;resize=150%2C150&amp;ssl=1 450w\" sizes=\"auto, (max-width: 150px) 100vw, 150px\" \/><\/a><figcaption id=\"caption-attachment-76249\" class=\"wp-caption-text\">Renault R4 E-Tech<\/figcaption><\/figure><figure id=\"attachment_78863\" aria-describedby=\"caption-attachment-78863\" style=\"width: 150px\" class=\"wp-caption alignleft\"><a href=\"https:\/\/terjebjornstad.com\/no\/2025\/01\/21\/nye-kinesiske-bilmerker\/\"><img data-recalc-dims=\"1\" loading=\"lazy\" decoding=\"async\" data-attachment-id=\"78863\" data-permalink=\"https:\/\/terjebjornstad.com\/no\/terjes-biler\/kinesiske-bilmerker-1-1279x853\/\" data-orig-file=\"https:\/\/i0.wp.com\/terjebjornstad.com\/no\/wp-content\/uploads\/2025\/01\/kinesiske-bilmerker-1-1279x853-1.jpg?fit=1280%2C853&amp;ssl=1\" data-orig-size=\"1280,853\" data-comments-opened=\"1\" data-image-meta=\"{&quot;aperture&quot;:&quot;0&quot;,&quot;credit&quot;:&quot;&quot;,&quot;camera&quot;:&quot;&quot;,&quot;caption&quot;:&quot;&quot;,&quot;created_timestamp&quot;:&quot;0&quot;,&quot;copyright&quot;:&quot;&quot;,&quot;focal_length&quot;:&quot;0&quot;,&quot;iso&quot;:&quot;0&quot;,&quot;shutter_speed&quot;:&quot;0&quot;,&quot;title&quot;:&quot;&quot;,&quot;orientation&quot;:&quot;0&quot;}\" data-image-title=\"kinesiske-bilmerker-1-1279&amp;#215;853\" data-image-description=\"\" data-image-caption=\"&lt;p&gt;Nye kinesiske bilmerker&lt;\/p&gt;\n\" data-large-file=\"https:\/\/i0.wp.com\/terjebjornstad.com\/no\/wp-content\/uploads\/2025\/01\/kinesiske-bilmerker-1-1279x853-1.jpg?fit=980%2C653&amp;ssl=1\" src=\"https:\/\/i0.wp.com\/terjebjornstad.com\/no\/wp-content\/uploads\/2025\/01\/kinesiske-bilmerker-1-1279x853-1.jpg?resize=150%2C150&#038;ssl=1\" alt=\"nammi box\" width=\"150\" height=\"150\" class=\"size-thumbnail wp-image-78863\" srcset=\"https:\/\/i0.wp.com\/terjebjornstad.com\/no\/wp-content\/uploads\/2025\/01\/kinesiske-bilmerker-1-1279x853-1.jpg?resize=150%2C150&amp;ssl=1 150w, https:\/\/i0.wp.com\/terjebjornstad.com\/no\/wp-content\/uploads\/2025\/01\/kinesiske-bilmerker-1-1279x853-1.jpg?resize=50%2C50&amp;ssl=1 50w, https:\/\/i0.wp.com\/terjebjornstad.com\/no\/wp-content\/uploads\/2025\/01\/kinesiske-bilmerker-1-1279x853-1.jpg?zoom=2&amp;resize=150%2C150&amp;ssl=1 300w, https:\/\/i0.wp.com\/terjebjornstad.com\/no\/wp-content\/uploads\/2025\/01\/kinesiske-bilmerker-1-1279x853-1.jpg?zoom=3&amp;resize=150%2C150&amp;ssl=1 450w\" sizes=\"auto, (max-width: 150px) 100vw, 150px\" \/><\/a><figcaption id=\"caption-attachment-78863\" class=\"wp-caption-text\">Nye 2025 modeller fra Kina<\/figcaption><\/figure><\/p>\n<h6><\/h6>\n<p><a href=\"https:\/\/ecarexpo.no\/\" target=\"_blank\" rel=\"noopener\"><strong>eCarExpo.no<\/strong><\/a><\/p>\n<\/div>\n","protected":false,"gt_translate_keys":[{"key":"rendered","format":"html"}]},"excerpt":{"rendered":"<p>Flere nyheter ble vist p\u00e5 eCarExpo 2025. Den st\u00f8rste var Mazda 6e som ble avduket for et norsk publikum. Nye Renault R5 og R4 E-Tech fanger opp linjene fra tidligere modeller, og kan vekke gode minner hos mange. En annen, mer ukjent nyhet, var Nammi Box, en prisbombe fra Kina med overraskende god plass. Mazda [&hellip;]<\/p>\n","protected":false,"gt_translate_keys":[{"key":"rendered","format":"html"}]},"author":1,"featured_media":79112,"comment_status":"open","ping_status":"open","sticky":false,"template":"","format":"standard","meta":{"_monsterinsights_skip_tracking":false,"_monsterinsights_sitenote_active":false,"_monsterinsights_sitenote_note":"","_monsterinsights_sitenote_category":0,"jetpack_post_was_ever_published":false,"_jetpack_newsletter_access":"","_jetpack_dont_email_post_to_subs":false,"_jetpack_newsletter_tier_id":0,"_jetpack_memberships_contains_paywalled_content":false,"_jetpack_memberships_contains_paid_content":false,"footnotes":"","jetpack_publicize_message":"","jetpack_publicize_feature_enabled":true,"jetpack_social_post_already_shared":true,"jetpack_social_options":{"image_generator_settings":{"template":"highway","default_image_id":0,"font":"","enabled":false},"version":2}},"categories":[34,4599,5043],"tags":[5044,5435,5047],"class_list":["post-79125","post","type-post","status-publish","format-standard","has-post-thumbnail","hentry","category-artikkel","category-bilutstilling","category-ecarexpo","tag-ecarexpo","tag-ecarexpo-2025","tag-ecarexpo-oslo"],"yoast_head":"<!-- This site is optimized with the Yoast SEO plugin v27.5 - https:\/\/yoast.com\/product\/yoast-seo-wordpress\/ -->\n<title>eCarExpo 2025 - Terjes biler<\/title>\n<meta name=\"description\" content=\"Den st\u00f8rste nyhetene p\u00e5 eCarExpo 2025 var Mazda 6e, som ble avduket for et norske publikum - samt Renault R5 og R4 E-Tech med flere.\" \/>\n<meta name=\"robots\" content=\"index, follow, max-snippet:-1, max-image-preview:large, max-video-preview:-1\" \/>\n<link rel=\"canonical\" href=\"https:\/\/terjebjornstad.com\/no\/2025\/02\/08\/ecarexpo-2025\/\" \/>\n<meta property=\"og:locale\" content=\"nb_NO\" \/>\n<meta property=\"og:type\" content=\"article\" \/>\n<meta property=\"og:title\" content=\"eCarExpo 2025 - Terjes biler\" \/>\n<meta property=\"og:description\" content=\"Den st\u00f8rste nyhetene p\u00e5 eCarExpo 2025 var Mazda 6e, som ble avduket for et norske publikum - samt Renault R5 og R4 E-Tech med flere.\" \/>\n<meta property=\"og:url\" content=\"https:\/\/terjebjornstad.com\/no\/2025\/02\/08\/ecarexpo-2025\/\" \/>\n<meta property=\"og:site_name\" content=\"Terjes biler\" \/>\n<meta property=\"article:publisher\" content=\"https:\/\/www.facebook.com\/terjesbiler\/\" \/>\n<meta property=\"article:author\" content=\"https:\/\/www.facebook.com\/terjesbiler\" \/>\n<meta property=\"article:published_time\" content=\"2025-02-08T13:24:55+00:00\" \/>\n<meta property=\"article:modified_time\" content=\"2026-02-07T11:32:24+00:00\" \/>\n<meta property=\"og:image\" content=\"https:\/\/terjebjornstad.com\/no\/wp-content\/uploads\/2025\/02\/mazda-6e-1920x1280-1.jpg\" \/>\n\t<meta property=\"og:image:width\" content=\"1920\" \/>\n\t<meta property=\"og:image:height\" content=\"1280\" \/>\n\t<meta property=\"og:image:type\" content=\"image\/jpeg\" \/>\n<meta name=\"author\" content=\"Terje Bj\u00f8rnstad\" \/>\n<meta name=\"twitter:card\" content=\"summary_large_image\" \/>\n<meta name=\"twitter:label1\" content=\"Skrevet av\" \/>\n\t<meta name=\"twitter:data1\" content=\"Terje Bj\u00f8rnstad\" \/>\n\t<meta name=\"twitter:label2\" content=\"Ansl. lesetid\" \/>\n\t<meta name=\"twitter:data2\" content=\"10 minutter\" \/>\n<script type=\"application\/ld+json\" class=\"yoast-schema-graph\">{\"@context\":\"https:\\\/\\\/schema.org\",\"@graph\":[{\"@type\":\"Article\",\"@id\":\"https:\\\/\\\/terjebjornstad.com\\\/no\\\/2025\\\/02\\\/08\\\/ecarexpo-2025\\\/#article\",\"isPartOf\":{\"@id\":\"https:\\\/\\\/terjebjornstad.com\\\/no\\\/2025\\\/02\\\/08\\\/ecarexpo-2025\\\/\"},\"author\":{\"name\":\"Terje Bj\u00f8rnstad\",\"@id\":\"https:\\\/\\\/terjebjornstad.com\\\/no\\\/#\\\/schema\\\/person\\\/a281f6a6e0f3cc9fe468e7f0c655aa65\"},\"headline\":\"eCarExpo 2025\",\"datePublished\":\"2025-02-08T13:24:55+00:00\",\"dateModified\":\"2026-02-07T11:32:24+00:00\",\"mainEntityOfPage\":{\"@id\":\"https:\\\/\\\/terjebjornstad.com\\\/no\\\/2025\\\/02\\\/08\\\/ecarexpo-2025\\\/\"},\"wordCount\":893,\"commentCount\":1,\"publisher\":{\"@id\":\"https:\\\/\\\/terjebjornstad.com\\\/no\\\/#organization\"},\"image\":{\"@id\":\"https:\\\/\\\/terjebjornstad.com\\\/no\\\/2025\\\/02\\\/08\\\/ecarexpo-2025\\\/#primaryimage\"},\"thumbnailUrl\":\"https:\\\/\\\/i0.wp.com\\\/terjebjornstad.com\\\/no\\\/wp-content\\\/uploads\\\/2025\\\/02\\\/mazda-6e-1920x1280-1.jpg?fit=1920%2C1280&ssl=1\",\"keywords\":[\"eCarExpo\",\"ecarexpo 2025\",\"eCarExpo Oslo\"],\"articleSection\":[\"Artikkel\",\"Bilutstilling\",\"eCarExpo\"],\"inLanguage\":\"nb-NO\",\"potentialAction\":[{\"@type\":\"CommentAction\",\"name\":\"Comment\",\"target\":[\"https:\\\/\\\/terjebjornstad.com\\\/no\\\/2025\\\/02\\\/08\\\/ecarexpo-2025\\\/#respond\"]}]},{\"@type\":\"WebPage\",\"@id\":\"https:\\\/\\\/terjebjornstad.com\\\/no\\\/2025\\\/02\\\/08\\\/ecarexpo-2025\\\/\",\"url\":\"https:\\\/\\\/terjebjornstad.com\\\/no\\\/2025\\\/02\\\/08\\\/ecarexpo-2025\\\/\",\"name\":\"eCarExpo 2025 - Terjes biler\",\"isPartOf\":{\"@id\":\"https:\\\/\\\/terjebjornstad.com\\\/no\\\/#website\"},\"primaryImageOfPage\":{\"@id\":\"https:\\\/\\\/terjebjornstad.com\\\/no\\\/2025\\\/02\\\/08\\\/ecarexpo-2025\\\/#primaryimage\"},\"image\":{\"@id\":\"https:\\\/\\\/terjebjornstad.com\\\/no\\\/2025\\\/02\\\/08\\\/ecarexpo-2025\\\/#primaryimage\"},\"thumbnailUrl\":\"https:\\\/\\\/i0.wp.com\\\/terjebjornstad.com\\\/no\\\/wp-content\\\/uploads\\\/2025\\\/02\\\/mazda-6e-1920x1280-1.jpg?fit=1920%2C1280&ssl=1\",\"datePublished\":\"2025-02-08T13:24:55+00:00\",\"dateModified\":\"2026-02-07T11:32:24+00:00\",\"description\":\"Den st\u00f8rste nyhetene p\u00e5 eCarExpo 2025 var Mazda 6e, som ble avduket for et norske publikum - samt Renault R5 og R4 E-Tech med flere.\",\"breadcrumb\":{\"@id\":\"https:\\\/\\\/terjebjornstad.com\\\/no\\\/2025\\\/02\\\/08\\\/ecarexpo-2025\\\/#breadcrumb\"},\"inLanguage\":\"nb-NO\",\"potentialAction\":[{\"@type\":\"ReadAction\",\"target\":[\"https:\\\/\\\/terjebjornstad.com\\\/no\\\/2025\\\/02\\\/08\\\/ecarexpo-2025\\\/\"]}]},{\"@type\":\"ImageObject\",\"inLanguage\":\"nb-NO\",\"@id\":\"https:\\\/\\\/terjebjornstad.com\\\/no\\\/2025\\\/02\\\/08\\\/ecarexpo-2025\\\/#primaryimage\",\"url\":\"https:\\\/\\\/i0.wp.com\\\/terjebjornstad.com\\\/no\\\/wp-content\\\/uploads\\\/2025\\\/02\\\/mazda-6e-1920x1280-1.jpg?fit=1920%2C1280&ssl=1\",\"contentUrl\":\"https:\\\/\\\/i0.wp.com\\\/terjebjornstad.com\\\/no\\\/wp-content\\\/uploads\\\/2025\\\/02\\\/mazda-6e-1920x1280-1.jpg?fit=1920%2C1280&ssl=1\",\"width\":1920,\"height\":1280,\"caption\":\"&nbsp; eCarExpo 2025 Den st\u00f8rste nyheten var Mazda 6e som ble avduket for et norsk publikum. Nye Renault R5 og R4 E-Tech fanger opp linjene fra tidligere modeller og kan vekke gode minner hos mange. En annen, mer ukjent nyhet var Nammi Box, en prisbombe fra Kina med overraskende god plass. Se mer &nbsp;\"},{\"@type\":\"BreadcrumbList\",\"@id\":\"https:\\\/\\\/terjebjornstad.com\\\/no\\\/2025\\\/02\\\/08\\\/ecarexpo-2025\\\/#breadcrumb\",\"itemListElement\":[{\"@type\":\"ListItem\",\"position\":1,\"name\":\"Hjem\",\"item\":\"https:\\\/\\\/terjebjornstad.com\\\/no\\\/\"},{\"@type\":\"ListItem\",\"position\":2,\"name\":\"eCarExpo 2025\"}]},{\"@type\":\"WebSite\",\"@id\":\"https:\\\/\\\/terjebjornstad.com\\\/no\\\/#website\",\"url\":\"https:\\\/\\\/terjebjornstad.com\\\/no\\\/\",\"name\":\"Terjes biler\",\"description\":\"HONEST ABOUT CARS\",\"publisher\":{\"@id\":\"https:\\\/\\\/terjebjornstad.com\\\/no\\\/#organization\"},\"alternateName\":\"Terjebjornstad.com\",\"potentialAction\":[{\"@type\":\"SearchAction\",\"target\":{\"@type\":\"EntryPoint\",\"urlTemplate\":\"https:\\\/\\\/terjebjornstad.com\\\/no\\\/?s={search_term_string}\"},\"query-input\":{\"@type\":\"PropertyValueSpecification\",\"valueRequired\":true,\"valueName\":\"search_term_string\"}}],\"inLanguage\":\"nb-NO\"},{\"@type\":\"Organization\",\"@id\":\"https:\\\/\\\/terjebjornstad.com\\\/no\\\/#organization\",\"name\":\"Terje Bj\u00f8rnstad ENK\",\"url\":\"https:\\\/\\\/terjebjornstad.com\\\/no\\\/\",\"logo\":{\"@type\":\"ImageObject\",\"inLanguage\":\"nb-NO\",\"@id\":\"https:\\\/\\\/terjebjornstad.com\\\/no\\\/#\\\/schema\\\/logo\\\/image\\\/\",\"url\":\"https:\\\/\\\/i0.wp.com\\\/terjebjornstad.com\\\/no\\\/wp-content\\\/uploads\\\/2026\\\/02\\\/terjesbiler2024-960x354-1.png?fit=960%2C354&ssl=1\",\"contentUrl\":\"https:\\\/\\\/i0.wp.com\\\/terjebjornstad.com\\\/no\\\/wp-content\\\/uploads\\\/2026\\\/02\\\/terjesbiler2024-960x354-1.png?fit=960%2C354&ssl=1\",\"width\":960,\"height\":354,\"caption\":\"Terje Bj\u00f8rnstad ENK\"},\"image\":{\"@id\":\"https:\\\/\\\/terjebjornstad.com\\\/no\\\/#\\\/schema\\\/logo\\\/image\\\/\"},\"sameAs\":[\"https:\\\/\\\/www.facebook.com\\\/terjesbiler\\\/\",\"https:\\\/\\\/www.instagram.com\\\/terjesbiler\\\/\",\"https:\\\/\\\/www.pinteres.com\\\/terjebjrnstad\\\/terjes-biler\\\/\"]},{\"@type\":\"Person\",\"@id\":\"https:\\\/\\\/terjebjornstad.com\\\/no\\\/#\\\/schema\\\/person\\\/a281f6a6e0f3cc9fe468e7f0c655aa65\",\"name\":\"Terje Bj\u00f8rnstad\",\"image\":{\"@type\":\"ImageObject\",\"inLanguage\":\"nb-NO\",\"@id\":\"https:\\\/\\\/secure.gravatar.com\\\/avatar\\\/e8dff505b51cf6cb67ae06a06022d2049aac2da1e79dc146a36b58798c4b40ea?s=96&d=mm&r=g\",\"url\":\"https:\\\/\\\/secure.gravatar.com\\\/avatar\\\/e8dff505b51cf6cb67ae06a06022d2049aac2da1e79dc146a36b58798c4b40ea?s=96&d=mm&r=g\",\"contentUrl\":\"https:\\\/\\\/secure.gravatar.com\\\/avatar\\\/e8dff505b51cf6cb67ae06a06022d2049aac2da1e79dc146a36b58798c4b40ea?s=96&d=mm&r=g\",\"caption\":\"Terje Bj\u00f8rnstad\"},\"description\":\"Terje Bj\u00f8rnstad. Bloggadministrator, hobbyfotograf og bilnerd.\",\"sameAs\":[\"https:\\\/\\\/www.facebook.com\\\/terjesbiler\",\"https:\\\/\\\/www.instagram.com\\\/terjesbiler\",\"https:\\\/\\\/no.pinterest.com\\\/terjebjrnstad\",\"https:\\\/\\\/www.youtube.com\\\/channel\\\/UCzCKJJDybyIgKqatc_JQqIg\"]}]}<\/script>\n<!-- \/ Yoast SEO plugin. -->","yoast_head_json":{"title":"eCarExpo 2025 - Terjes biler","description":"Den st\u00f8rste nyhetene p\u00e5 eCarExpo 2025 var Mazda 6e, som ble avduket for et norske publikum - samt Renault R5 og R4 E-Tech med flere.","robots":{"index":"index","follow":"follow","max-snippet":"max-snippet:-1","max-image-preview":"max-image-preview:large","max-video-preview":"max-video-preview:-1"},"canonical":"https:\/\/terjebjornstad.com\/no\/2025\/02\/08\/ecarexpo-2025\/","og_locale":"nb_NO","og_type":"article","og_title":"eCarExpo 2025 - Terjes biler","og_description":"Den st\u00f8rste nyhetene p\u00e5 eCarExpo 2025 var Mazda 6e, som ble avduket for et norske publikum - samt Renault R5 og R4 E-Tech med flere.","og_url":"https:\/\/terjebjornstad.com\/no\/2025\/02\/08\/ecarexpo-2025\/","og_site_name":"Terjes biler","article_publisher":"https:\/\/www.facebook.com\/terjesbiler\/","article_author":"https:\/\/www.facebook.com\/terjesbiler","article_published_time":"2025-02-08T13:24:55+00:00","article_modified_time":"2026-02-07T11:32:24+00:00","og_image":[{"width":1920,"height":1280,"url":"https:\/\/terjebjornstad.com\/no\/wp-content\/uploads\/2025\/02\/mazda-6e-1920x1280-1.jpg","type":"image\/jpeg"}],"author":"Terje Bj\u00f8rnstad","twitter_card":"summary_large_image","twitter_misc":{"Skrevet av":"Terje Bj\u00f8rnstad","Ansl. lesetid":"10 minutter"},"schema":{"@context":"https:\/\/schema.org","@graph":[{"@type":"Article","@id":"https:\/\/terjebjornstad.com\/no\/2025\/02\/08\/ecarexpo-2025\/#article","isPartOf":{"@id":"https:\/\/terjebjornstad.com\/no\/2025\/02\/08\/ecarexpo-2025\/"},"author":{"name":"Terje Bj\u00f8rnstad","@id":"https:\/\/terjebjornstad.com\/no\/#\/schema\/person\/a281f6a6e0f3cc9fe468e7f0c655aa65"},"headline":"eCarExpo 2025","datePublished":"2025-02-08T13:24:55+00:00","dateModified":"2026-02-07T11:32:24+00:00","mainEntityOfPage":{"@id":"https:\/\/terjebjornstad.com\/no\/2025\/02\/08\/ecarexpo-2025\/"},"wordCount":893,"commentCount":1,"publisher":{"@id":"https:\/\/terjebjornstad.com\/no\/#organization"},"image":{"@id":"https:\/\/terjebjornstad.com\/no\/2025\/02\/08\/ecarexpo-2025\/#primaryimage"},"thumbnailUrl":"https:\/\/i0.wp.com\/terjebjornstad.com\/no\/wp-content\/uploads\/2025\/02\/mazda-6e-1920x1280-1.jpg?fit=1920%2C1280&ssl=1","keywords":["eCarExpo","ecarexpo 2025","eCarExpo Oslo"],"articleSection":["Artikkel","Bilutstilling","eCarExpo"],"inLanguage":"nb-NO","potentialAction":[{"@type":"CommentAction","name":"Comment","target":["https:\/\/terjebjornstad.com\/no\/2025\/02\/08\/ecarexpo-2025\/#respond"]}]},{"@type":"WebPage","@id":"https:\/\/terjebjornstad.com\/no\/2025\/02\/08\/ecarexpo-2025\/","url":"https:\/\/terjebjornstad.com\/no\/2025\/02\/08\/ecarexpo-2025\/","name":"eCarExpo 2025 - Terjes biler","isPartOf":{"@id":"https:\/\/terjebjornstad.com\/no\/#website"},"primaryImageOfPage":{"@id":"https:\/\/terjebjornstad.com\/no\/2025\/02\/08\/ecarexpo-2025\/#primaryimage"},"image":{"@id":"https:\/\/terjebjornstad.com\/no\/2025\/02\/08\/ecarexpo-2025\/#primaryimage"},"thumbnailUrl":"https:\/\/i0.wp.com\/terjebjornstad.com\/no\/wp-content\/uploads\/2025\/02\/mazda-6e-1920x1280-1.jpg?fit=1920%2C1280&ssl=1","datePublished":"2025-02-08T13:24:55+00:00","dateModified":"2026-02-07T11:32:24+00:00","description":"Den st\u00f8rste nyhetene p\u00e5 eCarExpo 2025 var Mazda 6e, som ble avduket for et norske publikum - samt Renault R5 og R4 E-Tech med flere.","breadcrumb":{"@id":"https:\/\/terjebjornstad.com\/no\/2025\/02\/08\/ecarexpo-2025\/#breadcrumb"},"inLanguage":"nb-NO","potentialAction":[{"@type":"ReadAction","target":["https:\/\/terjebjornstad.com\/no\/2025\/02\/08\/ecarexpo-2025\/"]}]},{"@type":"ImageObject","inLanguage":"nb-NO","@id":"https:\/\/terjebjornstad.com\/no\/2025\/02\/08\/ecarexpo-2025\/#primaryimage","url":"https:\/\/i0.wp.com\/terjebjornstad.com\/no\/wp-content\/uploads\/2025\/02\/mazda-6e-1920x1280-1.jpg?fit=1920%2C1280&ssl=1","contentUrl":"https:\/\/i0.wp.com\/terjebjornstad.com\/no\/wp-content\/uploads\/2025\/02\/mazda-6e-1920x1280-1.jpg?fit=1920%2C1280&ssl=1","width":1920,"height":1280,"caption":"&nbsp; eCarExpo 2025 Den st\u00f8rste nyheten var Mazda 6e som ble avduket for et norsk publikum. Nye Renault R5 og R4 E-Tech fanger opp linjene fra tidligere modeller og kan vekke gode minner hos mange. En annen, mer ukjent nyhet var Nammi Box, en prisbombe fra Kina med overraskende god plass. Se mer &nbsp;"},{"@type":"BreadcrumbList","@id":"https:\/\/terjebjornstad.com\/no\/2025\/02\/08\/ecarexpo-2025\/#breadcrumb","itemListElement":[{"@type":"ListItem","position":1,"name":"Hjem","item":"https:\/\/terjebjornstad.com\/no\/"},{"@type":"ListItem","position":2,"name":"eCarExpo 2025"}]},{"@type":"WebSite","@id":"https:\/\/terjebjornstad.com\/no\/#website","url":"https:\/\/terjebjornstad.com\/no\/","name":"Terjes biler","description":"HONEST ABOUT CARS","publisher":{"@id":"https:\/\/terjebjornstad.com\/no\/#organization"},"alternateName":"Terjebjornstad.com","potentialAction":[{"@type":"SearchAction","target":{"@type":"EntryPoint","urlTemplate":"https:\/\/terjebjornstad.com\/no\/?s={search_term_string}"},"query-input":{"@type":"PropertyValueSpecification","valueRequired":true,"valueName":"search_term_string"}}],"inLanguage":"nb-NO"},{"@type":"Organization","@id":"https:\/\/terjebjornstad.com\/no\/#organization","name":"Terje Bj\u00f8rnstad ENK","url":"https:\/\/terjebjornstad.com\/no\/","logo":{"@type":"ImageObject","inLanguage":"nb-NO","@id":"https:\/\/terjebjornstad.com\/no\/#\/schema\/logo\/image\/","url":"https:\/\/i0.wp.com\/terjebjornstad.com\/no\/wp-content\/uploads\/2026\/02\/terjesbiler2024-960x354-1.png?fit=960%2C354&ssl=1","contentUrl":"https:\/\/i0.wp.com\/terjebjornstad.com\/no\/wp-content\/uploads\/2026\/02\/terjesbiler2024-960x354-1.png?fit=960%2C354&ssl=1","width":960,"height":354,"caption":"Terje Bj\u00f8rnstad ENK"},"image":{"@id":"https:\/\/terjebjornstad.com\/no\/#\/schema\/logo\/image\/"},"sameAs":["https:\/\/www.facebook.com\/terjesbiler\/","https:\/\/www.instagram.com\/terjesbiler\/","https:\/\/www.pinteres.com\/terjebjrnstad\/terjes-biler\/"]},{"@type":"Person","@id":"https:\/\/terjebjornstad.com\/no\/#\/schema\/person\/a281f6a6e0f3cc9fe468e7f0c655aa65","name":"Terje Bj\u00f8rnstad","image":{"@type":"ImageObject","inLanguage":"nb-NO","@id":"https:\/\/secure.gravatar.com\/avatar\/e8dff505b51cf6cb67ae06a06022d2049aac2da1e79dc146a36b58798c4b40ea?s=96&d=mm&r=g","url":"https:\/\/secure.gravatar.com\/avatar\/e8dff505b51cf6cb67ae06a06022d2049aac2da1e79dc146a36b58798c4b40ea?s=96&d=mm&r=g","contentUrl":"https:\/\/secure.gravatar.com\/avatar\/e8dff505b51cf6cb67ae06a06022d2049aac2da1e79dc146a36b58798c4b40ea?s=96&d=mm&r=g","caption":"Terje Bj\u00f8rnstad"},"description":"Terje Bj\u00f8rnstad. Bloggadministrator, hobbyfotograf og bilnerd.","sameAs":["https:\/\/www.facebook.com\/terjesbiler","https:\/\/www.instagram.com\/terjesbiler","https:\/\/no.pinterest.com\/terjebjrnstad","https:\/\/www.youtube.com\/channel\/UCzCKJJDybyIgKqatc_JQqIg"]}]}},"jetpack_publicize_connections":[],"jetpack_featured_media_url":"https:\/\/i0.wp.com\/terjebjornstad.com\/no\/wp-content\/uploads\/2025\/02\/mazda-6e-1920x1280-1.jpg?fit=1920%2C1280&ssl=1","jetpack_sharing_enabled":true,"jetpack_shortlink":"https:\/\/wp.me\/p48zYA-kAd","jetpack-related-posts":[{"id":69530,"url":"https:\/\/terjebjornstad.com\/no\/2024\/02\/10\/ecarexpo-2024\/","url_meta":{"origin":79125,"position":0},"title":"eCarExpo 2024","author":"Terje Bj\u00f8rnstad","date":"10\/02\/2024","format":false,"excerpt":"Avdekking av nye modeller, samt bilmodeller fra nye bilmerker som Zeekr og Lucid. Mye kinesisk Like f\u00f8r inngangen til 2021 skrev jeg en artikkel kalt \"Kineserne kommer!\". Da hadde et par nye kinesiske bilmerker akkurat kommet p\u00e5 markedet, blant annet MG ZS - en bil med kinesisk utseende og sm\u00e5\u2026","rel":"","context":"i &quot;eCarExpo&quot;","block_context":{"text":"eCarExpo","link":"https:\/\/terjebjornstad.com\/no\/category\/bilutstilling\/ecarexpo\/"},"img":{"alt_text":"","src":"https:\/\/i0.wp.com\/terjebjornstad.com\/no\/wp-content\/uploads\/2024\/02\/zeekr-001-privilege-awd-1920x1280-1.jpg?fit=1200%2C800&ssl=1&resize=350%2C200","width":350,"height":200,"srcset":"https:\/\/i0.wp.com\/terjebjornstad.com\/no\/wp-content\/uploads\/2024\/02\/zeekr-001-privilege-awd-1920x1280-1.jpg?fit=1200%2C800&ssl=1&resize=350%2C200 1x, https:\/\/i0.wp.com\/terjebjornstad.com\/no\/wp-content\/uploads\/2024\/02\/zeekr-001-privilege-awd-1920x1280-1.jpg?fit=1200%2C800&ssl=1&resize=525%2C300 1.5x, https:\/\/i0.wp.com\/terjebjornstad.com\/no\/wp-content\/uploads\/2024\/02\/zeekr-001-privilege-awd-1920x1280-1.jpg?fit=1200%2C800&ssl=1&resize=700%2C400 2x, https:\/\/i0.wp.com\/terjebjornstad.com\/no\/wp-content\/uploads\/2024\/02\/zeekr-001-privilege-awd-1920x1280-1.jpg?fit=1200%2C800&ssl=1&resize=1050%2C600 3x"},"classes":[]},{"id":79172,"url":"https:\/\/terjebjornstad.com\/no\/2025\/02\/12\/lifestyle-camper-drapeformet-camping-glede\/","url_meta":{"origin":79125,"position":1},"title":"Dr\u00e5peformet camping-glede","author":"Terje Bj\u00f8rnstad","date":"12\/02\/2025","format":false,"excerpt":"Camping-konseptet Teardrop Trailers skal ha oppst\u00e5tt p\u00e5 1930-tallet i USA - med soveplass for to foran og \u00e5pent kj\u00f8kken bak. N\u00e5 er de kommet tilbake som Lifestyle Campers. Jeg har sett dem mange ganger langs veien, men p\u00e5 eCarExpo fikk jeg for f\u00f8rste gang ta en s\u00e5nn vogn n\u00e6rmere i\u2026","rel":"","context":"i &quot;Artikkel&quot;","block_context":{"text":"Artikkel","link":"https:\/\/terjebjornstad.com\/no\/category\/artikkel\/"},"img":{"alt_text":"","src":"https:\/\/i0.wp.com\/terjebjornstad.com\/no\/wp-content\/uploads\/2025\/02\/lifestyle-camp-655-491.jpg?fit=655%2C491&ssl=1&resize=350%2C200","width":350,"height":200,"srcset":"https:\/\/i0.wp.com\/terjebjornstad.com\/no\/wp-content\/uploads\/2025\/02\/lifestyle-camp-655-491.jpg?fit=655%2C491&ssl=1&resize=350%2C200 1x, https:\/\/i0.wp.com\/terjebjornstad.com\/no\/wp-content\/uploads\/2025\/02\/lifestyle-camp-655-491.jpg?fit=655%2C491&ssl=1&resize=525%2C300 1.5x"},"classes":[]},{"id":78101,"url":"https:\/\/terjebjornstad.com\/no\/2024\/12\/14\/nye-urban-cruiser-blir-toyotas-neste-elektriske-bil\/","url_meta":{"origin":79125,"position":2},"title":"Nye Urban Cruiser blir Toyotas neste elektriske bil","author":"Terje Bj\u00f8rnstad","date":"14\/12\/2024","format":false,"excerpt":"Hvis du reserverer n\u00e5, kan du bli en av de f\u00f8rste som f\u00e5r utlevert denne bilen etter sommerferien neste \u00e5r. Toyota Europe har akkurat presentert sin neste elektriske modell. Den skal vises p\u00e5 Brussels Motor Show i januar neste \u00e5r. De f\u00f8rste kundene kan f\u00e5 bilene utlevert etter neste sommer,\u2026","rel":"","context":"i &quot;Toyota&quot;","block_context":{"text":"Toyota","link":"https:\/\/terjebjornstad.com\/no\/category\/toyota\/"},"img":{"alt_text":"","src":"https:\/\/i0.wp.com\/terjebjornstad.com\/no\/wp-content\/uploads\/2024\/12\/2025-toyota-urban-cruiser-1-1920x1440-1.jpg?fit=1200%2C900&ssl=1&resize=350%2C200","width":350,"height":200,"srcset":"https:\/\/i0.wp.com\/terjebjornstad.com\/no\/wp-content\/uploads\/2024\/12\/2025-toyota-urban-cruiser-1-1920x1440-1.jpg?fit=1200%2C900&ssl=1&resize=350%2C200 1x, https:\/\/i0.wp.com\/terjebjornstad.com\/no\/wp-content\/uploads\/2024\/12\/2025-toyota-urban-cruiser-1-1920x1440-1.jpg?fit=1200%2C900&ssl=1&resize=525%2C300 1.5x, https:\/\/i0.wp.com\/terjebjornstad.com\/no\/wp-content\/uploads\/2024\/12\/2025-toyota-urban-cruiser-1-1920x1440-1.jpg?fit=1200%2C900&ssl=1&resize=700%2C400 2x, https:\/\/i0.wp.com\/terjebjornstad.com\/no\/wp-content\/uploads\/2024\/12\/2025-toyota-urban-cruiser-1-1920x1440-1.jpg?fit=1200%2C900&ssl=1&resize=1050%2C600 3x"},"classes":[]},{"id":40220,"url":"https:\/\/terjebjornstad.com\/no\/2021\/05\/16\/mazda-1500-japaner-med-europeisk-stil\/","url_meta":{"origin":79125,"position":3},"title":"Mazda 1500 &#8211; Japaner med europeisk stil","author":"Anders de Lange","date":"16\/05\/2021","format":false,"excerpt":"Da Mazda kom til Norge tidlig p\u00e5 1960 tallet, ble det av de fleste oppfattet som et helt nytt merke. Men denne fabrikken som holder til i Hiroshima i Japan, kan f\u00f8re historien helt tilbake til 1920. \u00a0 I starten ble det produsert forskjellige industrielle produkter. Produksjon av kj\u00f8ret\u00f8y startet\u2026","rel":"","context":"i &quot;Bilhistorie&quot;","block_context":{"text":"Bilhistorie","link":"https:\/\/terjebjornstad.com\/no\/category\/bilhistorie\/"},"img":{"alt_text":"","src":"https:\/\/i0.wp.com\/terjebjornstad.com\/no\/wp-content\/uploads\/2021\/05\/Mazda-1500-1100x812-1.jpg?fit=1100%2C812&ssl=1&resize=350%2C200","width":350,"height":200,"srcset":"https:\/\/i0.wp.com\/terjebjornstad.com\/no\/wp-content\/uploads\/2021\/05\/Mazda-1500-1100x812-1.jpg?fit=1100%2C812&ssl=1&resize=350%2C200 1x, https:\/\/i0.wp.com\/terjebjornstad.com\/no\/wp-content\/uploads\/2021\/05\/Mazda-1500-1100x812-1.jpg?fit=1100%2C812&ssl=1&resize=525%2C300 1.5x, https:\/\/i0.wp.com\/terjebjornstad.com\/no\/wp-content\/uploads\/2021\/05\/Mazda-1500-1100x812-1.jpg?fit=1100%2C812&ssl=1&resize=700%2C400 2x, https:\/\/i0.wp.com\/terjebjornstad.com\/no\/wp-content\/uploads\/2021\/05\/Mazda-1500-1100x812-1.jpg?fit=1100%2C812&ssl=1&resize=1050%2C600 3x"},"classes":[]},{"id":44955,"url":"https:\/\/terjebjornstad.com\/no\/2021\/11\/23\/mazda-616-populaer-familiebil\/","url_meta":{"origin":79125,"position":4},"title":"Mazda 616 &#8211; popul\u00e6r familiebil","author":"Anders de Lange","date":"23\/11\/2021","format":false,"excerpt":"En relativt enkel familiebil med kraftig motor, god plass og utstyr som gjorde den sv\u00e6rt konkurransedyktig. Bilen var s\u00e6rdeles driftssikker og det var noe folk flest satte pris p\u00e5. Veien mot dagens biler Da Mazda kom til Norge tidlig p\u00e5 1960 tallet, ble det av de fleste oppfattet som et\u2026","rel":"","context":"i &quot;Artikkel&quot;","block_context":{"text":"Artikkel","link":"https:\/\/terjebjornstad.com\/no\/category\/artikkel\/"},"img":{"alt_text":"","src":"https:\/\/i0.wp.com\/terjebjornstad.com\/no\/wp-content\/uploads\/2021\/11\/1974_mazda-katalog-3.jpg?fit=1100%2C579&ssl=1&resize=350%2C200","width":350,"height":200,"srcset":"https:\/\/i0.wp.com\/terjebjornstad.com\/no\/wp-content\/uploads\/2021\/11\/1974_mazda-katalog-3.jpg?fit=1100%2C579&ssl=1&resize=350%2C200 1x, https:\/\/i0.wp.com\/terjebjornstad.com\/no\/wp-content\/uploads\/2021\/11\/1974_mazda-katalog-3.jpg?fit=1100%2C579&ssl=1&resize=525%2C300 1.5x, https:\/\/i0.wp.com\/terjebjornstad.com\/no\/wp-content\/uploads\/2021\/11\/1974_mazda-katalog-3.jpg?fit=1100%2C579&ssl=1&resize=700%2C400 2x, https:\/\/i0.wp.com\/terjebjornstad.com\/no\/wp-content\/uploads\/2021\/11\/1974_mazda-katalog-3.jpg?fit=1100%2C579&ssl=1&resize=1050%2C600 3x"},"classes":[]},{"id":46426,"url":"https:\/\/terjebjornstad.com\/no\/2022\/01\/31\/mazda-r-360\/","url_meta":{"origin":79125,"position":5},"title":"En liten Mazda triller ut p\u00e5 markedet","author":"Anders de Lange","date":"31\/01\/2022","format":false,"excerpt":"Her en sv\u00e6rt liten bil fra 1960 som ble starten p\u00e5 en suksesshistorie. Den aller f\u00f8rste personbilen fra Mazda var utstyrt med \u201dstrikkmotor\u201d, men ble en god start for fabrikken. \u00a0 Mazdas f\u00f8rste personbil Da Mazda kom til Norge tidlig p\u00e5 1960 tallet, ble det av de fleste oppfattet som\u2026","rel":"","context":"i &quot;Artikkel&quot;","block_context":{"text":"Artikkel","link":"https:\/\/terjebjornstad.com\/no\/category\/artikkel\/"},"img":{"alt_text":"","src":"https:\/\/i0.wp.com\/terjebjornstad.com\/no\/wp-content\/uploads\/2022\/01\/R360coupe-002.jpg?fit=1100%2C840&ssl=1&resize=350%2C200","width":350,"height":200,"srcset":"https:\/\/i0.wp.com\/terjebjornstad.com\/no\/wp-content\/uploads\/2022\/01\/R360coupe-002.jpg?fit=1100%2C840&ssl=1&resize=350%2C200 1x, https:\/\/i0.wp.com\/terjebjornstad.com\/no\/wp-content\/uploads\/2022\/01\/R360coupe-002.jpg?fit=1100%2C840&ssl=1&resize=525%2C300 1.5x, https:\/\/i0.wp.com\/terjebjornstad.com\/no\/wp-content\/uploads\/2022\/01\/R360coupe-002.jpg?fit=1100%2C840&ssl=1&resize=700%2C400 2x, https:\/\/i0.wp.com\/terjebjornstad.com\/no\/wp-content\/uploads\/2022\/01\/R360coupe-002.jpg?fit=1100%2C840&ssl=1&resize=1050%2C600 3x"},"classes":[]}],"gt_translate_keys":[{"key":"link","format":"url"}],"_links":{"self":[{"href":"https:\/\/terjebjornstad.com\/no\/wp-json\/wp\/v2\/posts\/79125","targetHints":{"allow":["GET"]}}],"collection":[{"href":"https:\/\/terjebjornstad.com\/no\/wp-json\/wp\/v2\/posts"}],"about":[{"href":"https:\/\/terjebjornstad.com\/no\/wp-json\/wp\/v2\/types\/post"}],"author":[{"embeddable":true,"href":"https:\/\/terjebjornstad.com\/no\/wp-json\/wp\/v2\/users\/1"}],"replies":[{"embeddable":true,"href":"https:\/\/terjebjornstad.com\/no\/wp-json\/wp\/v2\/comments?post=79125"}],"version-history":[{"count":23,"href":"https:\/\/terjebjornstad.com\/no\/wp-json\/wp\/v2\/posts\/79125\/revisions"}],"predecessor-version":[{"id":88229,"href":"https:\/\/terjebjornstad.com\/no\/wp-json\/wp\/v2\/posts\/79125\/revisions\/88229"}],"wp:featuredmedia":[{"embeddable":true,"href":"https:\/\/terjebjornstad.com\/no\/wp-json\/wp\/v2\/media\/79112"}],"wp:attachment":[{"href":"https:\/\/terjebjornstad.com\/no\/wp-json\/wp\/v2\/media?parent=79125"}],"wp:term":[{"taxonomy":"category","embeddable":true,"href":"https:\/\/terjebjornstad.com\/no\/wp-json\/wp\/v2\/categories?post=79125"},{"taxonomy":"post_tag","embeddable":true,"href":"https:\/\/terjebjornstad.com\/no\/wp-json\/wp\/v2\/tags?post=79125"}],"curies":[{"name":"wp","href":"https:\/\/api.w.org\/{rel}","templated":true}]}}