{"id":79005,"date":"2025-02-07T02:04:46","date_gmt":"2025-02-07T01:04:46","guid":{"rendered":"https:\/\/terjebjornstad.com\/no\/?p=79005"},"modified":"2025-07-18T00:17:41","modified_gmt":"2025-07-17T23:17:41","slug":"hvilke-biler-vil-trump-at-vi-skal-kjope","status":"publish","type":"post","link":"https:\/\/terjebjornstad.com\/no\/2025\/02\/07\/hvilke-biler-vil-trump-at-vi-skal-kjope\/","title":{"rendered":"Hvilke biler vil Trump at vi skal kj\u00f8pe?","gt_translate_keys":[{"key":"rendered","format":"text"}]},"content":{"rendered":"<div class=\"copy_teb\"><figure id=\"attachment_79052\" aria-describedby=\"caption-attachment-79052\" style=\"width: 1000px\" class=\"wp-caption aligncenter\"><a href=\"https:\/\/i0.wp.com\/terjebjornstad.com\/no\/wp-content\/uploads\/2025\/02\/trump-about-car-imports-1000x750-1.jpg?ssl=1\"><img data-recalc-dims=\"1\" loading=\"lazy\" decoding=\"async\" data-attachment-id=\"79052\" data-permalink=\"https:\/\/terjebjornstad.com\/no\/2025\/02\/07\/hvilke-biler-vil-trump-at-vi-skal-kjope\/trump-about-car-imports-1000x750\/\" data-orig-file=\"https:\/\/i0.wp.com\/terjebjornstad.com\/no\/wp-content\/uploads\/2025\/02\/trump-about-car-imports-1000x750-1.jpg?fit=1000%2C750&amp;ssl=1\" data-orig-size=\"1000,750\" data-comments-opened=\"1\" data-image-meta=\"{&quot;aperture&quot;:&quot;0&quot;,&quot;credit&quot;:&quot;&quot;,&quot;camera&quot;:&quot;&quot;,&quot;caption&quot;:&quot;&quot;,&quot;created_timestamp&quot;:&quot;0&quot;,&quot;copyright&quot;:&quot;&quot;,&quot;focal_length&quot;:&quot;0&quot;,&quot;iso&quot;:&quot;0&quot;,&quot;shutter_speed&quot;:&quot;0&quot;,&quot;title&quot;:&quot;&quot;,&quot;orientation&quot;:&quot;1&quot;}\" data-image-title=\"trump-about-car-imports-1000&amp;#215;750\" data-image-description=\"\" data-image-caption=\"&lt;div class=&quot;tebingresw&quot;&gt;\n&lt;h2 class=&quot;tebh2ingresw&quot;&gt;&amp;nbsp;&lt;br \/&gt;Hvilke biler vil Trump at vi skal kj\u00f8pe?&lt;\/h2&gt;\n&lt;p&gt;\u00ab- They don\u2019t take our cars. Yet, they send cars to us by the millions! \u00bb&lt;br \/&gt;Trumps p\u00e5stand om at europeere ikke kj\u00f8per amerikanske biler, er sann. Men hvilke biler vil han at vi skal kj\u00f8pe? &lt;a href=&quot;https:\/\/terjebjornstad.com\/no\/2025\/02\/07\/hvilke-biler-vil-trump-at-vi-skal-kjope\/&quot;&gt; &lt;strong&gt;Se mer&lt;\/strong&gt;&lt;\/a&gt;&lt;br \/&gt;&amp;nbsp;&lt;\/div&gt;\n&lt;p&gt;&lt;\/p&gt;\n\" data-large-file=\"https:\/\/i0.wp.com\/terjebjornstad.com\/no\/wp-content\/uploads\/2025\/02\/trump-about-car-imports-1000x750-1.jpg?fit=980%2C735&amp;ssl=1\" src=\"https:\/\/i0.wp.com\/terjebjornstad.com\/no\/wp-content\/uploads\/2025\/02\/trump-about-car-imports-1000x750-1.jpg?resize=980%2C735&#038;ssl=1\" alt=\"trump\" width=\"980\" height=\"735\" class=\"size-full wp-image-79052\" srcset=\"https:\/\/i0.wp.com\/terjebjornstad.com\/no\/wp-content\/uploads\/2025\/02\/trump-about-car-imports-1000x750-1.jpg?w=1000&amp;ssl=1 1000w, https:\/\/i0.wp.com\/terjebjornstad.com\/no\/wp-content\/uploads\/2025\/02\/trump-about-car-imports-1000x750-1.jpg?resize=300%2C225&amp;ssl=1 300w, https:\/\/i0.wp.com\/terjebjornstad.com\/no\/wp-content\/uploads\/2025\/02\/trump-about-car-imports-1000x750-1.jpg?resize=768%2C576&amp;ssl=1 768w, https:\/\/i0.wp.com\/terjebjornstad.com\/no\/wp-content\/uploads\/2025\/02\/trump-about-car-imports-1000x750-1.jpg?resize=690%2C518&amp;ssl=1 690w, https:\/\/i0.wp.com\/terjebjornstad.com\/no\/wp-content\/uploads\/2025\/02\/trump-about-car-imports-1000x750-1.jpg?resize=980%2C735&amp;ssl=1 980w\" sizes=\"auto, (max-width: 980px) 100vw, 980px\" \/><\/a><figcaption id=\"caption-attachment-79052\" class=\"wp-caption-text\">Foto: Pascal Huot\/Shutterstock.com<\/figcaption><\/figure><\/p>\n<blockquote><p>&laquo;- They don\u2019t take our cars. Yet, they send cars to us by the millions! &raquo;<br \/>\nTrumps p\u00e5stand om at europeere ikke kj\u00f8per amerikanske biler, er sann. Men hvilke biler vil han at vi skal kj\u00f8pe?<\/p><\/blockquote>\n\n<p>Vi har etter hvert erfart at det som kommer ut av munnen p\u00e5 Donald Trump, dessverre ofte er usanne beskyldninger, sjikane og trusler. Trolig uttaler han seg uten \u00e5 ha sjekket fakta. Det gjelder kanskje ogs\u00e5 hans kunnskaper om bilmarkedet i Europa. Men p\u00e5standen om at europeere ikke kj\u00f8per s\u00e6rlig mange amerikanske biler &#8211; den er faktisk helt sann.<\/p>\n<h3 class=\"tebh2\">Hva med Tesla?<\/h3>\n<p>I 2024 ble Tesla Model Y den fjerde mest solgte bilmodell i Europa. Den vil sannsynligvis bli en storselger ogs\u00e5 dette \u00e5ret til tross for Elon Musk\u2019s dyssosiale trekk. Men de aller fleste Teslaene som selges i Europa, blir produsert i Berlin eller Shanghai &#8211; ikke i USA. De bidrar lite eller ingen ting til Trump&#8217;s st\u00e5lindustri. <\/p>\n<h3 class=\"tebh2\">GM avbr\u00f8t sine Europa-planer<\/h3>\n<p>I 2023 sa GM\u2019s europeiske president at de skulle etablere seg i Europa med sine nye, elektriske bilmodeller. I Oslo ble det satt i gang arbeider for \u00e5 danne et showroom, men det ble avlyst. Det er uvisst <em>om<\/em>, eller n\u00e5r, GM kommer tilbake. Elektriske <em>Cadillac Lyriq<\/em> kunne ha blitt godt mottatt. De rimeligere modellene, <em>Chevrolet Equinox EV<\/em> og Blazer EV<\/em>, ville kunne konkurrere med <em>Tesla<\/em> og <em>Mustang Mach-E<\/em>. <\/p>\n<p>&nbsp;<br \/>\n<figure id=\"attachment_62495\" aria-describedby=\"caption-attachment-62495\" style=\"width: 1920px\" class=\"wp-caption aligncenter\"><a href=\"https:\/\/i0.wp.com\/terjebjornstad.com\/no\/wp-content\/uploads\/2023\/08\/2024-cadillac-lyriq-005.jpg?ssl=1\"><img data-recalc-dims=\"1\" loading=\"lazy\" decoding=\"async\" data-attachment-id=\"62495\" data-permalink=\"https:\/\/terjebjornstad.com\/no\/2023\/08\/17\/gm-kommer-tilbake-equinox-ev-lyriq-blazer\/2024-cadillac-lyriq-005\/\" data-orig-file=\"https:\/\/i0.wp.com\/terjebjornstad.com\/no\/wp-content\/uploads\/2023\/08\/2024-cadillac-lyriq-005.jpg?fit=1920%2C1440&amp;ssl=1\" data-orig-size=\"1920,1440\" data-comments-opened=\"1\" data-image-meta=\"{&quot;aperture&quot;:&quot;0&quot;,&quot;credit&quot;:&quot;&quot;,&quot;camera&quot;:&quot;&quot;,&quot;caption&quot;:&quot;Front driver\\u2019s side 3\/4 view of the 2024 Cadillac LYRIQ Luxury trim with front grille illuminated.&quot;,&quot;created_timestamp&quot;:&quot;0&quot;,&quot;copyright&quot;:&quot;&quot;,&quot;focal_length&quot;:&quot;0&quot;,&quot;iso&quot;:&quot;0&quot;,&quot;shutter_speed&quot;:&quot;0&quot;,&quot;title&quot;:&quot;&quot;,&quot;orientation&quot;:&quot;1&quot;}\" data-image-title=\"2024-cadillac-lyriq-005\" data-image-description=\"\" data-image-caption=\"&lt;p&gt;Cadillac Lyriq&lt;\/p&gt;\n\" data-large-file=\"https:\/\/i0.wp.com\/terjebjornstad.com\/no\/wp-content\/uploads\/2023\/08\/2024-cadillac-lyriq-005.jpg?fit=980%2C735&amp;ssl=1\" src=\"https:\/\/i0.wp.com\/terjebjornstad.com\/no\/wp-content\/uploads\/2023\/08\/2024-cadillac-lyriq-005.jpg?resize=980%2C735&#038;ssl=1\" alt=\"\" width=\"980\" height=\"735\" class=\"size-full wp-image-62495\" srcset=\"https:\/\/i0.wp.com\/terjebjornstad.com\/no\/wp-content\/uploads\/2023\/08\/2024-cadillac-lyriq-005.jpg?w=1920&amp;ssl=1 1920w, https:\/\/i0.wp.com\/terjebjornstad.com\/no\/wp-content\/uploads\/2023\/08\/2024-cadillac-lyriq-005.jpg?resize=300%2C225&amp;ssl=1 300w, https:\/\/i0.wp.com\/terjebjornstad.com\/no\/wp-content\/uploads\/2023\/08\/2024-cadillac-lyriq-005.jpg?resize=1080%2C810&amp;ssl=1 1080w, https:\/\/i0.wp.com\/terjebjornstad.com\/no\/wp-content\/uploads\/2023\/08\/2024-cadillac-lyriq-005.jpg?resize=768%2C576&amp;ssl=1 768w, https:\/\/i0.wp.com\/terjebjornstad.com\/no\/wp-content\/uploads\/2023\/08\/2024-cadillac-lyriq-005.jpg?resize=1536%2C1152&amp;ssl=1 1536w, https:\/\/i0.wp.com\/terjebjornstad.com\/no\/wp-content\/uploads\/2023\/08\/2024-cadillac-lyriq-005.jpg?resize=690%2C518&amp;ssl=1 690w, https:\/\/i0.wp.com\/terjebjornstad.com\/no\/wp-content\/uploads\/2023\/08\/2024-cadillac-lyriq-005.jpg?resize=980%2C735&amp;ssl=1 980w\" sizes=\"auto, (max-width: 980px) 100vw, 980px\" \/><\/a><figcaption id=\"caption-attachment-62495\" class=\"wp-caption-text\">Cadillac Lyriq<\/figcaption><\/figure><br \/>\n&nbsp;<br \/>\n<figure id=\"attachment_62503\" aria-describedby=\"caption-attachment-62503\" style=\"width: 1920px\" class=\"wp-caption aligncenter\"><a href=\"https:\/\/i0.wp.com\/terjebjornstad.com\/no\/wp-content\/uploads\/2023\/08\/2024-Chevrolet-Equinox-EV-1LT-104.jpg?ssl=1\"><img data-recalc-dims=\"1\" loading=\"lazy\" decoding=\"async\" data-attachment-id=\"62503\" data-permalink=\"https:\/\/terjebjornstad.com\/no\/2023\/08\/17\/gm-kommer-tilbake-equinox-ev-lyriq-blazer\/2024-chevrolet-equinox-ev-1lt-104\/\" data-orig-file=\"https:\/\/i0.wp.com\/terjebjornstad.com\/no\/wp-content\/uploads\/2023\/08\/2024-Chevrolet-Equinox-EV-1LT-104.jpg?fit=1920%2C1281&amp;ssl=1\" data-orig-size=\"1920,1281\" data-comments-opened=\"1\" data-image-meta=\"{&quot;aperture&quot;:&quot;8&quot;,&quot;credit&quot;:&quot;&quot;,&quot;camera&quot;:&quot;Canon EOS R5&quot;,&quot;caption&quot;:&quot;Front view of 2024 Chevrolet Equinox EV 1LT in Galaxy Gray Metallic parked on a street. Preproduction model shown. Actual production model may vary. 2024 Chevrolet Equinox EV available Fall 2023.&quot;,&quot;created_timestamp&quot;:&quot;1658987031&quot;,&quot;copyright&quot;:&quot;&quot;,&quot;focal_length&quot;:&quot;70&quot;,&quot;iso&quot;:&quot;160&quot;,&quot;shutter_speed&quot;:&quot;0.6&quot;,&quot;title&quot;:&quot;&quot;,&quot;orientation&quot;:&quot;1&quot;}\" data-image-title=\"2024-Chevrolet-Equinox-EV-1LT-104\" data-image-description=\"\" data-image-caption=\"&lt;p&gt;Chevrolet Equinox EV&lt;\/p&gt;\n\" data-large-file=\"https:\/\/i0.wp.com\/terjebjornstad.com\/no\/wp-content\/uploads\/2023\/08\/2024-Chevrolet-Equinox-EV-1LT-104.jpg?fit=980%2C654&amp;ssl=1\" src=\"https:\/\/i0.wp.com\/terjebjornstad.com\/no\/wp-content\/uploads\/2023\/08\/2024-Chevrolet-Equinox-EV-1LT-104.jpg?resize=980%2C654&#038;ssl=1\" alt=\"\" width=\"980\" height=\"654\" class=\"size-full wp-image-62503\" srcset=\"https:\/\/i0.wp.com\/terjebjornstad.com\/no\/wp-content\/uploads\/2023\/08\/2024-Chevrolet-Equinox-EV-1LT-104.jpg?w=1920&amp;ssl=1 1920w, https:\/\/i0.wp.com\/terjebjornstad.com\/no\/wp-content\/uploads\/2023\/08\/2024-Chevrolet-Equinox-EV-1LT-104.jpg?resize=300%2C200&amp;ssl=1 300w, https:\/\/i0.wp.com\/terjebjornstad.com\/no\/wp-content\/uploads\/2023\/08\/2024-Chevrolet-Equinox-EV-1LT-104.jpg?resize=1080%2C721&amp;ssl=1 1080w, https:\/\/i0.wp.com\/terjebjornstad.com\/no\/wp-content\/uploads\/2023\/08\/2024-Chevrolet-Equinox-EV-1LT-104.jpg?resize=768%2C512&amp;ssl=1 768w, https:\/\/i0.wp.com\/terjebjornstad.com\/no\/wp-content\/uploads\/2023\/08\/2024-Chevrolet-Equinox-EV-1LT-104.jpg?resize=1536%2C1025&amp;ssl=1 1536w, https:\/\/i0.wp.com\/terjebjornstad.com\/no\/wp-content\/uploads\/2023\/08\/2024-Chevrolet-Equinox-EV-1LT-104.jpg?resize=690%2C460&amp;ssl=1 690w, https:\/\/i0.wp.com\/terjebjornstad.com\/no\/wp-content\/uploads\/2023\/08\/2024-Chevrolet-Equinox-EV-1LT-104.jpg?resize=980%2C654&amp;ssl=1 980w\" sizes=\"auto, (max-width: 980px) 100vw, 980px\" \/><\/a><figcaption id=\"caption-attachment-62503\" class=\"wp-caption-text\">Chevrolet Equinox EV<\/figcaption><\/figure><br \/>\n&nbsp;<br \/>\n<figure id=\"attachment_62497\" aria-describedby=\"caption-attachment-62497\" style=\"width: 1920px\" class=\"wp-caption aligncenter\"><a href=\"https:\/\/i0.wp.com\/terjebjornstad.com\/no\/wp-content\/uploads\/2023\/08\/2024-chevrolet-blazer-ev-030.jpg?ssl=1\"><img data-recalc-dims=\"1\" loading=\"lazy\" decoding=\"async\" data-attachment-id=\"62497\" data-permalink=\"https:\/\/terjebjornstad.com\/no\/2025\/02\/07\/hvilke-biler-vil-trump-at-vi-skal-kjope\/2024-chevrolet-blazer-ev-030\/\" data-orig-file=\"https:\/\/i0.wp.com\/terjebjornstad.com\/no\/wp-content\/uploads\/2023\/08\/2024-chevrolet-blazer-ev-030.jpg?fit=1920%2C1281&amp;ssl=1\" data-orig-size=\"1920,1281\" data-comments-opened=\"1\" data-image-meta=\"{&quot;aperture&quot;:&quot;5.6&quot;,&quot;credit&quot;:&quot;GM DESIGN&quot;,&quot;camera&quot;:&quot;Canon EOS R5&quot;,&quot;caption&quot;:&quot;Close up of front grille, illuminated headlights and wheel on 2024 Chevrolet Blazer EV SS in Radiant Red Tintcoat. Preproduction model shown. Actual production model may vary. 2024 Chevrolet Blazer EV available Spring 2023.&quot;,&quot;created_timestamp&quot;:&quot;1653893952&quot;,&quot;copyright&quot;:&quot;&quot;,&quot;focal_length&quot;:&quot;85&quot;,&quot;iso&quot;:&quot;800&quot;,&quot;shutter_speed&quot;:&quot;0.0125&quot;,&quot;title&quot;:&quot;&quot;,&quot;orientation&quot;:&quot;1&quot;}\" data-image-title=\"2024-chevrolet-blazer-ev-030\" data-image-description=\"\" data-image-caption=\"&lt;p&gt;Chevrolet Blazer EV&lt;\/p&gt;\n\" data-large-file=\"https:\/\/i0.wp.com\/terjebjornstad.com\/no\/wp-content\/uploads\/2023\/08\/2024-chevrolet-blazer-ev-030.jpg?fit=980%2C654&amp;ssl=1\" src=\"https:\/\/i0.wp.com\/terjebjornstad.com\/no\/wp-content\/uploads\/2023\/08\/2024-chevrolet-blazer-ev-030.jpg?resize=980%2C654&#038;ssl=1\" alt=\"\" width=\"980\" height=\"654\" class=\"size-full wp-image-62497\" srcset=\"https:\/\/i0.wp.com\/terjebjornstad.com\/no\/wp-content\/uploads\/2023\/08\/2024-chevrolet-blazer-ev-030.jpg?w=1920&amp;ssl=1 1920w, https:\/\/i0.wp.com\/terjebjornstad.com\/no\/wp-content\/uploads\/2023\/08\/2024-chevrolet-blazer-ev-030.jpg?resize=300%2C200&amp;ssl=1 300w, https:\/\/i0.wp.com\/terjebjornstad.com\/no\/wp-content\/uploads\/2023\/08\/2024-chevrolet-blazer-ev-030.jpg?resize=1080%2C721&amp;ssl=1 1080w, https:\/\/i0.wp.com\/terjebjornstad.com\/no\/wp-content\/uploads\/2023\/08\/2024-chevrolet-blazer-ev-030.jpg?resize=768%2C512&amp;ssl=1 768w, https:\/\/i0.wp.com\/terjebjornstad.com\/no\/wp-content\/uploads\/2023\/08\/2024-chevrolet-blazer-ev-030.jpg?resize=1536%2C1025&amp;ssl=1 1536w, https:\/\/i0.wp.com\/terjebjornstad.com\/no\/wp-content\/uploads\/2023\/08\/2024-chevrolet-blazer-ev-030.jpg?resize=690%2C460&amp;ssl=1 690w, https:\/\/i0.wp.com\/terjebjornstad.com\/no\/wp-content\/uploads\/2023\/08\/2024-chevrolet-blazer-ev-030.jpg?resize=980%2C654&amp;ssl=1 980w\" sizes=\"auto, (max-width: 980px) 100vw, 980px\" \/><\/a><figcaption id=\"caption-attachment-62497\" class=\"wp-caption-text\">Chevrolet Blazer EV<\/figcaption><\/figure><br \/>\n&nbsp;<br \/>\n<em>Kom aldri til Norge. F.v. Cadillac Lyriq, Chevrolet Equinox EV og Chevrolet Blazer EV.<\/em><br \/>\n&nbsp;<br \/>\nMen GM kommer alts\u00e5 ikke til Europa. Deres overskudd kommer fra salg av store fullsize pickup\u2019er og SUV\u2019er som ikke egner seg i Europa. Salget av elektriske modeller ble ikke som forventet, og de sm\u00e5 og mellomstore bensindrevne modellene fra GM vil neppe sl\u00e5 s\u00e6rlig godt an her. Dessuten produseres de ikke i USA, heller.<br \/>\n&nbsp;<br \/>\n<figure id=\"attachment_76795\" aria-describedby=\"caption-attachment-76795\" style=\"width: 1920px\" class=\"wp-caption aligncenter\"><a href=\"https:\/\/i0.wp.com\/terjebjornstad.com\/no\/wp-content\/uploads\/2024\/11\/shutterstock_2195550453-ford-lightning-1920x1280-1.jpg?ssl=1\"><img data-recalc-dims=\"1\" loading=\"lazy\" decoding=\"async\" data-attachment-id=\"76795\" data-permalink=\"https:\/\/terjebjornstad.com\/no\/2024\/11\/05\/tesla-cybertruck-pa-besok-i-norge\/shutterstock_2195550453-ford-lightning-1920x1280\/\" data-orig-file=\"https:\/\/i0.wp.com\/terjebjornstad.com\/no\/wp-content\/uploads\/2024\/11\/shutterstock_2195550453-ford-lightning-1920x1280-1.jpg?fit=1920%2C1280&amp;ssl=1\" data-orig-size=\"1920,1280\" data-comments-opened=\"1\" data-image-meta=\"{&quot;aperture&quot;:&quot;0&quot;,&quot;credit&quot;:&quot;&quot;,&quot;camera&quot;:&quot;&quot;,&quot;caption&quot;:&quot;&quot;,&quot;created_timestamp&quot;:&quot;0&quot;,&quot;copyright&quot;:&quot;&quot;,&quot;focal_length&quot;:&quot;0&quot;,&quot;iso&quot;:&quot;0&quot;,&quot;shutter_speed&quot;:&quot;0&quot;,&quot;title&quot;:&quot;&quot;,&quot;orientation&quot;:&quot;1&quot;}\" data-image-title=\"shutterstock_2195550453-ford-lightning-1920&amp;#215;1280\" data-image-description=\"\" data-image-caption=\"&lt;p&gt;Ford F-150 Lightning (Foto: Jonathan Weiss\/Shutterstock.com)&lt;\/p&gt;\n\" data-large-file=\"https:\/\/i0.wp.com\/terjebjornstad.com\/no\/wp-content\/uploads\/2024\/11\/shutterstock_2195550453-ford-lightning-1920x1280-1.jpg?fit=980%2C653&amp;ssl=1\" src=\"https:\/\/i0.wp.com\/terjebjornstad.com\/no\/wp-content\/uploads\/2024\/11\/shutterstock_2195550453-ford-lightning-1920x1280-1.jpg?resize=980%2C653&#038;ssl=1\" alt=\"trump\" width=\"980\" height=\"653\" class=\"size-full wp-image-76795\" srcset=\"https:\/\/i0.wp.com\/terjebjornstad.com\/no\/wp-content\/uploads\/2024\/11\/shutterstock_2195550453-ford-lightning-1920x1280-1.jpg?w=1920&amp;ssl=1 1920w, https:\/\/i0.wp.com\/terjebjornstad.com\/no\/wp-content\/uploads\/2024\/11\/shutterstock_2195550453-ford-lightning-1920x1280-1.jpg?resize=300%2C200&amp;ssl=1 300w, https:\/\/i0.wp.com\/terjebjornstad.com\/no\/wp-content\/uploads\/2024\/11\/shutterstock_2195550453-ford-lightning-1920x1280-1.jpg?resize=1080%2C720&amp;ssl=1 1080w, https:\/\/i0.wp.com\/terjebjornstad.com\/no\/wp-content\/uploads\/2024\/11\/shutterstock_2195550453-ford-lightning-1920x1280-1.jpg?resize=768%2C512&amp;ssl=1 768w, https:\/\/i0.wp.com\/terjebjornstad.com\/no\/wp-content\/uploads\/2024\/11\/shutterstock_2195550453-ford-lightning-1920x1280-1.jpg?resize=1536%2C1024&amp;ssl=1 1536w, https:\/\/i0.wp.com\/terjebjornstad.com\/no\/wp-content\/uploads\/2024\/11\/shutterstock_2195550453-ford-lightning-1920x1280-1.jpg?resize=690%2C460&amp;ssl=1 690w, https:\/\/i0.wp.com\/terjebjornstad.com\/no\/wp-content\/uploads\/2024\/11\/shutterstock_2195550453-ford-lightning-1920x1280-1.jpg?resize=980%2C653&amp;ssl=1 980w\" sizes=\"auto, (max-width: 980px) 100vw, 980px\" \/><\/a><figcaption id=\"caption-attachment-76795\" class=\"wp-caption-text\">Ford F-150 Lightning. Antall i Norge: 414 (Foto: Jonathan Weiss\/Shutterstock.com)<\/figcaption><\/figure><\/p>\n<h3 class=\"tebh2\">Amerikansk pickup-kultur passer ikke i Europa<\/h3>\n<p>Bilene som Trump sannsynligvis har i tankene, er <em>Ford F-serie<\/em> og <em>Chevrolet Silverado<\/em>, <em>Suburban<\/em> og <em>Tahoe<\/em> &#8211; biler som har v\u00e6rt toppselgere i USA flere \u00e5r. Alle de store rammebygde bilene blir fremdeles bygget i USA. For mange amerikanere er dette den ultimate biltypen. Har man ikke r\u00e5d til en ny bil, kj\u00f8per man en brukt. Suksessen kan forklares med en kultur som er basert p\u00e5 amerikansk patriotisme og western-idealisme. Amerikanere har alltid elsket store biler &#8211; mange av eierne er jo selv store mennesker &#8211; og etter flere \u00e5r med downsizing representerer pickup\u2019ene de siste store bilmodellene. Man kan vel ogs\u00e5 tilf\u00f8ye at \u00e5 ha en ny fullsize pickup foran boligen, gir signaler om \u00e5 ha lykkes i livet &#8211; noe som er viktig i USA.<br \/>\n&nbsp;<br \/>\nStore amerikanske pickup\u2019er og SUV&#8217;er passer d\u00e5rlig i europeiske byer. De er for lange og brede, og med d\u00e5rlig svingradius passer de best p\u00e5 rette, brede veier. Dessuten blir de ogs\u00e5 uforholdsmessig kostbare i europeiske land med avgifter beregnet etter motorstyrke og vekt.  <\/p>\n<p>&nbsp;<br \/>\n<figure id=\"attachment_79051\" aria-describedby=\"caption-attachment-79051\" style=\"width: 1920px\" class=\"wp-caption aligncenter\"><a href=\"https:\/\/i0.wp.com\/terjebjornstad.com\/no\/wp-content\/uploads\/2025\/02\/mid-siz-us-suvs-1920x1080-1.jpg?ssl=1\"><img data-recalc-dims=\"1\" loading=\"lazy\" decoding=\"async\" data-attachment-id=\"79051\" data-permalink=\"https:\/\/terjebjornstad.com\/no\/2025\/02\/07\/hvilke-biler-vil-trump-at-vi-skal-kjope\/mid-siz-us-suvs-1920x1080\/\" data-orig-file=\"https:\/\/i0.wp.com\/terjebjornstad.com\/no\/wp-content\/uploads\/2025\/02\/mid-siz-us-suvs-1920x1080-1.jpg?fit=1920%2C1080&amp;ssl=1\" data-orig-size=\"1920,1080\" data-comments-opened=\"1\" data-image-meta=\"{&quot;aperture&quot;:&quot;0&quot;,&quot;credit&quot;:&quot;&quot;,&quot;camera&quot;:&quot;&quot;,&quot;caption&quot;:&quot;&quot;,&quot;created_timestamp&quot;:&quot;0&quot;,&quot;copyright&quot;:&quot;&quot;,&quot;focal_length&quot;:&quot;0&quot;,&quot;iso&quot;:&quot;0&quot;,&quot;shutter_speed&quot;:&quot;0&quot;,&quot;title&quot;:&quot;&quot;,&quot;orientation&quot;:&quot;0&quot;}\" data-image-title=\"mid-siz-us-suvs-1920&amp;#215;1080\" data-image-description=\"\" data-image-caption=\"&lt;p&gt;&amp;nbsp;&lt;\/p&gt;\n\" data-large-file=\"https:\/\/i0.wp.com\/terjebjornstad.com\/no\/wp-content\/uploads\/2025\/02\/mid-siz-us-suvs-1920x1080-1.jpg?fit=980%2C552&amp;ssl=1\" src=\"https:\/\/i0.wp.com\/terjebjornstad.com\/no\/wp-content\/uploads\/2025\/02\/mid-siz-us-suvs-1920x1080-1.jpg?resize=980%2C551&#038;ssl=1\" alt=\"trump\" width=\"980\" height=\"551\" class=\"size-full wp-image-79051\" srcset=\"https:\/\/i0.wp.com\/terjebjornstad.com\/no\/wp-content\/uploads\/2025\/02\/mid-siz-us-suvs-1920x1080-1.jpg?w=1920&amp;ssl=1 1920w, https:\/\/i0.wp.com\/terjebjornstad.com\/no\/wp-content\/uploads\/2025\/02\/mid-siz-us-suvs-1920x1080-1.jpg?resize=300%2C169&amp;ssl=1 300w, https:\/\/i0.wp.com\/terjebjornstad.com\/no\/wp-content\/uploads\/2025\/02\/mid-siz-us-suvs-1920x1080-1.jpg?resize=1080%2C608&amp;ssl=1 1080w, https:\/\/i0.wp.com\/terjebjornstad.com\/no\/wp-content\/uploads\/2025\/02\/mid-siz-us-suvs-1920x1080-1.jpg?resize=768%2C432&amp;ssl=1 768w, https:\/\/i0.wp.com\/terjebjornstad.com\/no\/wp-content\/uploads\/2025\/02\/mid-siz-us-suvs-1920x1080-1.jpg?resize=1536%2C864&amp;ssl=1 1536w, https:\/\/i0.wp.com\/terjebjornstad.com\/no\/wp-content\/uploads\/2025\/02\/mid-siz-us-suvs-1920x1080-1.jpg?resize=690%2C388&amp;ssl=1 690w, https:\/\/i0.wp.com\/terjebjornstad.com\/no\/wp-content\/uploads\/2025\/02\/mid-siz-us-suvs-1920x1080-1.jpg?resize=980%2C551&amp;ssl=1 980w\" sizes=\"auto, (max-width: 980px) 100vw, 980px\" \/><\/a><figcaption id=\"caption-attachment-79051\" class=\"wp-caption-text\">&nbsp;<\/figcaption><\/figure><em>Til venstre: (Built in USA) Chevrolet Traverse Z71 AWD 2.5 liter Turbo 4-cyl. 8-speed automat. Mid-size SUV med 3 seterader p\u00e5 selvb\u00e6rende karosseri. Lengde 524 cm, bredde 200 cm. Pris: $47.795. Antall i Norge: 2. <\/p>\n<p>Til h\u00f8yre: (Built in USA) Dodge Durango GT Plus 3.6 liter V6 Pentastar. 8-speed automat. Mid-size SUV med 3 seterader p\u00e5 ramme. Lengde 502 cm, bredde 194 cm. Pris: $40.565. Antall i Norge fra 2020: 16.<br \/>\n<\/em><\/p>\n<h3 class=\"tebh2\">Nye amerikanske tollsatser vil ramme vanlige amerikanere<\/h3>\n<p>Trumps <em>andre<\/em> p\u00e5stand er at USA importerer millioner av biler. Dette dreier seg om bilmodeller i lavere prisklasser &#8211; biler som folk flest er avhengige av. For i USA er de fleste avhengige av bil. 16-\u00e5ringer trenger bil for \u00e5 komme til skolen. Har man jobb, trenger man bil uansett hvor lite man tjener. De kostbare, kjempestore pickup\u2019ene troner \u00f8verst p\u00e5 salgslistene, men rimelige bilmodeller som <em>Toyota Corolla<\/em>, <em>Honda Civic<\/em> og <em>Nissan Sentra<\/em> kommer hakk i h\u00e6l. <em>Toyota Corolla<\/em> og <em>Honda Civic Liftback<\/em> blir produsert i USA, mens Honda <em>Civic Sedan<\/em> blir produsert i Canada og <em>Nissan Sentra<\/em> i Mexico. Mange av bilene i lavere prisklasser blir produsert utenfor USA, men er tilpasset USA-markedet. Prisene p\u00e5 disse bilene vil trolig stige uansett hvor de produseres. <\/p>\n<p>&nbsp;<br \/>\n<figure id=\"attachment_79072\" aria-describedby=\"caption-attachment-79072\" style=\"width: 1600px\" class=\"wp-caption aligncenter\"><a href=\"https:\/\/i0.wp.com\/terjebjornstad.com\/no\/wp-content\/uploads\/2025\/02\/modern-buicks-1600-900-1.jpg?ssl=1\"><img data-recalc-dims=\"1\" loading=\"lazy\" decoding=\"async\" data-attachment-id=\"79072\" data-permalink=\"https:\/\/terjebjornstad.com\/no\/2025\/02\/07\/hvilke-biler-vil-trump-at-vi-skal-kjope\/modern-buicks-1600-900-1\/\" data-orig-file=\"https:\/\/i0.wp.com\/terjebjornstad.com\/no\/wp-content\/uploads\/2025\/02\/modern-buicks-1600-900-1.jpg?fit=1600%2C900&amp;ssl=1\" data-orig-size=\"1600,900\" data-comments-opened=\"1\" data-image-meta=\"{&quot;aperture&quot;:&quot;0&quot;,&quot;credit&quot;:&quot;&quot;,&quot;camera&quot;:&quot;&quot;,&quot;caption&quot;:&quot;&quot;,&quot;created_timestamp&quot;:&quot;0&quot;,&quot;copyright&quot;:&quot;&quot;,&quot;focal_length&quot;:&quot;0&quot;,&quot;iso&quot;:&quot;0&quot;,&quot;shutter_speed&quot;:&quot;0&quot;,&quot;title&quot;:&quot;&quot;,&quot;orientation&quot;:&quot;0&quot;}\" data-image-title=\"modern-buicks-1600-900-1\" data-image-description=\"\" data-image-caption=\"&lt;p&gt;2025 Buick&lt;\/p&gt;\n\" data-large-file=\"https:\/\/i0.wp.com\/terjebjornstad.com\/no\/wp-content\/uploads\/2025\/02\/modern-buicks-1600-900-1.jpg?fit=980%2C552&amp;ssl=1\" src=\"https:\/\/i0.wp.com\/terjebjornstad.com\/no\/wp-content\/uploads\/2025\/02\/modern-buicks-1600-900-1.jpg?resize=980%2C551&#038;ssl=1\" alt=\"trump\" width=\"980\" height=\"551\" class=\"size-full wp-image-79072\" srcset=\"https:\/\/i0.wp.com\/terjebjornstad.com\/no\/wp-content\/uploads\/2025\/02\/modern-buicks-1600-900-1.jpg?w=1600&amp;ssl=1 1600w, https:\/\/i0.wp.com\/terjebjornstad.com\/no\/wp-content\/uploads\/2025\/02\/modern-buicks-1600-900-1.jpg?resize=300%2C169&amp;ssl=1 300w, https:\/\/i0.wp.com\/terjebjornstad.com\/no\/wp-content\/uploads\/2025\/02\/modern-buicks-1600-900-1.jpg?resize=1080%2C608&amp;ssl=1 1080w, https:\/\/i0.wp.com\/terjebjornstad.com\/no\/wp-content\/uploads\/2025\/02\/modern-buicks-1600-900-1.jpg?resize=768%2C432&amp;ssl=1 768w, https:\/\/i0.wp.com\/terjebjornstad.com\/no\/wp-content\/uploads\/2025\/02\/modern-buicks-1600-900-1.jpg?resize=1536%2C864&amp;ssl=1 1536w, https:\/\/i0.wp.com\/terjebjornstad.com\/no\/wp-content\/uploads\/2025\/02\/modern-buicks-1600-900-1.jpg?resize=690%2C388&amp;ssl=1 690w, https:\/\/i0.wp.com\/terjebjornstad.com\/no\/wp-content\/uploads\/2025\/02\/modern-buicks-1600-900-1.jpg?resize=980%2C551&amp;ssl=1 980w\" sizes=\"auto, (max-width: 980px) 100vw, 980px\" \/><\/a><figcaption id=\"caption-attachment-79072\" class=\"wp-caption-text\">2025 Buick<\/figcaption><\/figure><em>Til venstre: (Built at GM South Korea) Buick Encore Avenir 1.3 Turbo. 9-speed automat. Compact SUV. Pris AWD $34395. Lengde 435 cm, bredde 181 cm. Antall i Norge: 0.<\/p>\n<p>Til h\u00f8yre: (Built in USA) Buick Enclave Avenir 2.5 Turbo 4-cyl. 333hk. 8-speed automat. Mid-size SUV med 3 seterader. Lengde: 527 cm, bredde: 202 cm. Antall i Norge: 0.<br \/>\n<\/em><\/p>\n<h3 class=\"tebh2\">Amerikanske biler som blir produsert utenfor USA<\/h3>\n<p><em>Tall i parentes er antall solgt Q4 2024.<\/em><\/p>\n<p><strong>Chevrolet<\/strong><br \/>\nTrax &#8211; S\u00f8r-Korea og Mexico (50900)<br \/>\nEquinox &#8211; Mexico (64200)<br \/>\nTrailblazer &#8211; S\u00f8r-Korea (22000)<br \/>\nBlazer &#8211; Mexico (7800)<\/p>\n<p><strong>Buick<\/strong><br \/>\nEnvista &#8211; S\u00f8r-Korea (12400)<br \/>\nBuick Encore GX &#8211; S\u00f8r-Korea (13600)<br \/>\nEnvision &#8211; Kina (12900)<\/p>\n<p><strong>Ford<\/strong><br \/>\nBronco Sport &#8211; Mexico (30300)<br \/>\nMustang Mach-E &#8211; Mexico (16100)<br \/>\nMaverick (pickup) &#8211; Mexico (22100)<br \/>\nEscape (Kuga) og Ranger produseres andre steder for det europeiske markedet. <\/p>\n<p><strong>Dodge<\/strong><br \/>\nHornet &#8211; Italia (5000)<br \/>\nCharger &#8211; Canada (2800)<\/p>\n<p><strong>Chrysler<\/strong><br \/>\nPacifica &#8211; Canada (11900)<\/p>\n<p><strong>Jeep<\/strong><br \/>\nCompass &#8211; Mexico (27200)<\/p>\n<h3 class=\"tebh2\">Utenlandske bilmerker i USA<\/h3>\n<p>Flere utenlandske bilprodusenter har etablert produksjon i USA. Siste kvartal i 2024 ble det solgt 82300 <em>Toyota Camry<\/em> der, 55800 <em>Toyota Corolla<\/em> samt 25300 <em>Corolla Cross<\/em> &#8211; alle produsert i USA. Volkswagen har etablert produksjon b\u00e5de i USA og Mexico. Deres USA-produserte SUV, <em>Atlas<\/em> og <em>Atlas Sport<\/em>, solgte til sammen 32000 biler i Q2 2024. Produksjonsanlegg i USA gir beskyttelse mot toll, men kan eventuelt m\u00f8te nye tollbarrierer ved eksport til Canada. Honda produserer Civic b\u00e5de i USA og Canada, og transporterer derfor bildeler mellom fabrikkene. Da kan toll ramme flere ganger.co<figure id=\"attachment_79053\" aria-describedby=\"caption-attachment-79053\" style=\"width: 1920px\" class=\"wp-caption aligncenter\"><a href=\"https:\/\/i0.wp.com\/terjebjornstad.com\/no\/wp-content\/uploads\/2025\/02\/2020-chevrolet-colorado-north-american-int-motor-show-1920x1280-1.jpg?ssl=1\"><img data-recalc-dims=\"1\" loading=\"lazy\" decoding=\"async\" data-attachment-id=\"79053\" data-permalink=\"https:\/\/terjebjornstad.com\/no\/2025\/02\/07\/hvilke-biler-vil-trump-at-vi-skal-kjope\/2020-chevrolet-colorado-north-american-int-motor-show-1920x1280\/\" data-orig-file=\"https:\/\/i0.wp.com\/terjebjornstad.com\/no\/wp-content\/uploads\/2025\/02\/2020-chevrolet-colorado-north-american-int-motor-show-1920x1280-1.jpg?fit=1920%2C1281&amp;ssl=1\" data-orig-size=\"1920,1281\" data-comments-opened=\"1\" data-image-meta=\"{&quot;aperture&quot;:&quot;0&quot;,&quot;credit&quot;:&quot;&quot;,&quot;camera&quot;:&quot;&quot;,&quot;caption&quot;:&quot;&quot;,&quot;created_timestamp&quot;:&quot;0&quot;,&quot;copyright&quot;:&quot;&quot;,&quot;focal_length&quot;:&quot;0&quot;,&quot;iso&quot;:&quot;0&quot;,&quot;shutter_speed&quot;:&quot;0&quot;,&quot;title&quot;:&quot;&quot;,&quot;orientation&quot;:&quot;1&quot;}\" data-image-title=\"2020-chevrolet-colorado-north-american-int-motor-show-1920&amp;#215;1280\" data-image-description=\"\" data-image-caption=\"&lt;p&gt;Chevrolet Colorado at The 2020 North American International Motor Show (Foto: Steve Lagreca\/Shutterstock.com)&lt;\/p&gt;\n\" data-large-file=\"https:\/\/i0.wp.com\/terjebjornstad.com\/no\/wp-content\/uploads\/2025\/02\/2020-chevrolet-colorado-north-american-int-motor-show-1920x1280-1.jpg?fit=980%2C654&amp;ssl=1\" src=\"https:\/\/i0.wp.com\/terjebjornstad.com\/no\/wp-content\/uploads\/2025\/02\/2020-chevrolet-colorado-north-american-int-motor-show-1920x1280-1.jpg?resize=980%2C654&#038;ssl=1\" alt=\"\" width=\"980\" height=\"654\" class=\"size-full wp-image-79053\" srcset=\"https:\/\/i0.wp.com\/terjebjornstad.com\/no\/wp-content\/uploads\/2025\/02\/2020-chevrolet-colorado-north-american-int-motor-show-1920x1280-1.jpg?w=1920&amp;ssl=1 1920w, https:\/\/i0.wp.com\/terjebjornstad.com\/no\/wp-content\/uploads\/2025\/02\/2020-chevrolet-colorado-north-american-int-motor-show-1920x1280-1.jpg?resize=300%2C200&amp;ssl=1 300w, https:\/\/i0.wp.com\/terjebjornstad.com\/no\/wp-content\/uploads\/2025\/02\/2020-chevrolet-colorado-north-american-int-motor-show-1920x1280-1.jpg?resize=1080%2C721&amp;ssl=1 1080w, https:\/\/i0.wp.com\/terjebjornstad.com\/no\/wp-content\/uploads\/2025\/02\/2020-chevrolet-colorado-north-american-int-motor-show-1920x1280-1.jpg?resize=768%2C512&amp;ssl=1 768w, https:\/\/i0.wp.com\/terjebjornstad.com\/no\/wp-content\/uploads\/2025\/02\/2020-chevrolet-colorado-north-american-int-motor-show-1920x1280-1.jpg?resize=1536%2C1025&amp;ssl=1 1536w, https:\/\/i0.wp.com\/terjebjornstad.com\/no\/wp-content\/uploads\/2025\/02\/2020-chevrolet-colorado-north-american-int-motor-show-1920x1280-1.jpg?resize=690%2C460&amp;ssl=1 690w, https:\/\/i0.wp.com\/terjebjornstad.com\/no\/wp-content\/uploads\/2025\/02\/2020-chevrolet-colorado-north-american-int-motor-show-1920x1280-1.jpg?resize=980%2C654&amp;ssl=1 980w\" sizes=\"auto, (max-width: 980px) 100vw, 980px\" \/><\/a><figcaption id=\"caption-attachment-79053\" class=\"wp-caption-text\">Chevrolet Colorado at The 2020 North American International Motor Show (Foto: Steve Lagreca\/Shutterstock.com)<\/figcaption><\/figure><\/p>\n<figure id=\"attachment_79068\" aria-describedby=\"caption-attachment-79068\" style=\"width: 1920px\" class=\"wp-caption aligncenter\"><a href=\"https:\/\/i0.wp.com\/terjebjornstad.com\/no\/wp-content\/uploads\/2025\/02\/ford-maveric-pickup-1920x1280-1.jpg?ssl=1\"><img data-recalc-dims=\"1\" loading=\"lazy\" decoding=\"async\" data-attachment-id=\"79068\" data-permalink=\"https:\/\/terjebjornstad.com\/no\/2025\/02\/07\/hvilke-biler-vil-trump-at-vi-skal-kjope\/ford-maveric-pickup-1920x1280\/\" data-orig-file=\"https:\/\/i0.wp.com\/terjebjornstad.com\/no\/wp-content\/uploads\/2025\/02\/ford-maveric-pickup-1920x1280-1.jpg?fit=1920%2C1280&amp;ssl=1\" data-orig-size=\"1920,1280\" data-comments-opened=\"1\" data-image-meta=\"{&quot;aperture&quot;:&quot;0&quot;,&quot;credit&quot;:&quot;&quot;,&quot;camera&quot;:&quot;&quot;,&quot;caption&quot;:&quot;&quot;,&quot;created_timestamp&quot;:&quot;0&quot;,&quot;copyright&quot;:&quot;&quot;,&quot;focal_length&quot;:&quot;0&quot;,&quot;iso&quot;:&quot;0&quot;,&quot;shutter_speed&quot;:&quot;0&quot;,&quot;title&quot;:&quot;&quot;,&quot;orientation&quot;:&quot;0&quot;}\" data-image-title=\"ford-maveric-pickup-1920&amp;#215;1280\" data-image-description=\"\" data-image-caption=\"&lt;p&gt;Ford Maverick pickup&lt;\/p&gt;\n\" data-large-file=\"https:\/\/i0.wp.com\/terjebjornstad.com\/no\/wp-content\/uploads\/2025\/02\/ford-maveric-pickup-1920x1280-1.jpg?fit=980%2C653&amp;ssl=1\" src=\"https:\/\/i0.wp.com\/terjebjornstad.com\/no\/wp-content\/uploads\/2025\/02\/ford-maveric-pickup-1920x1280-1.jpg?resize=980%2C653&#038;ssl=1\" alt=\"\" width=\"980\" height=\"653\" class=\"size-full wp-image-79068\" srcset=\"https:\/\/i0.wp.com\/terjebjornstad.com\/no\/wp-content\/uploads\/2025\/02\/ford-maveric-pickup-1920x1280-1.jpg?w=1920&amp;ssl=1 1920w, https:\/\/i0.wp.com\/terjebjornstad.com\/no\/wp-content\/uploads\/2025\/02\/ford-maveric-pickup-1920x1280-1.jpg?resize=300%2C200&amp;ssl=1 300w, https:\/\/i0.wp.com\/terjebjornstad.com\/no\/wp-content\/uploads\/2025\/02\/ford-maveric-pickup-1920x1280-1.jpg?resize=1080%2C720&amp;ssl=1 1080w, https:\/\/i0.wp.com\/terjebjornstad.com\/no\/wp-content\/uploads\/2025\/02\/ford-maveric-pickup-1920x1280-1.jpg?resize=768%2C512&amp;ssl=1 768w, https:\/\/i0.wp.com\/terjebjornstad.com\/no\/wp-content\/uploads\/2025\/02\/ford-maveric-pickup-1920x1280-1.jpg?resize=1536%2C1024&amp;ssl=1 1536w, https:\/\/i0.wp.com\/terjebjornstad.com\/no\/wp-content\/uploads\/2025\/02\/ford-maveric-pickup-1920x1280-1.jpg?resize=690%2C460&amp;ssl=1 690w, https:\/\/i0.wp.com\/terjebjornstad.com\/no\/wp-content\/uploads\/2025\/02\/ford-maveric-pickup-1920x1280-1.jpg?resize=980%2C653&amp;ssl=1 980w\" sizes=\"auto, (max-width: 980px) 100vw, 980px\" \/><\/a><figcaption id=\"caption-attachment-79068\" class=\"wp-caption-text\">Ford Maverick pickup<\/figcaption><\/figure>\n<p>I det \u00f8verste bildet: : (Built in USA) Chevrolet Colorado, rammebygget mid-size pickup. Antall i Norge: 105. Foto: Steve Lageca\/Shutterstock.<\/p>\n<p>I det neste bildet: (Built in Mexico) Ford Maverick, mid-size pickup bygget p\u00e5 samme plattform som Escape\/Kuga. Antall i Norge: 1.<br \/>\n<\/em><\/p>\n<h3 class=\"tebh2\">Konklusjon<\/h3>\n<p><figure id=\"attachment_21608\" aria-describedby=\"caption-attachment-21608\" style=\"width: 96px\" class=\"wp-caption alignleft\"><img data-recalc-dims=\"1\" loading=\"lazy\" decoding=\"async\" data-attachment-id=\"21608\" data-permalink=\"https:\/\/terjebjornstad.com\/no\/2019\/02\/08\/enkel-motorisering-til-unnsetning\/terjesbiler-the-gbu\/\" data-orig-file=\"https:\/\/i0.wp.com\/terjebjornstad.com\/no\/wp-content\/uploads\/2019\/02\/terjesbiler-the-gbu.png?fit=96%2C96&amp;ssl=1\" data-orig-size=\"96,96\" data-comments-opened=\"1\" data-image-meta=\"{&quot;aperture&quot;:&quot;0&quot;,&quot;credit&quot;:&quot;&quot;,&quot;camera&quot;:&quot;&quot;,&quot;caption&quot;:&quot;&quot;,&quot;created_timestamp&quot;:&quot;0&quot;,&quot;copyright&quot;:&quot;&quot;,&quot;focal_length&quot;:&quot;0&quot;,&quot;iso&quot;:&quot;0&quot;,&quot;shutter_speed&quot;:&quot;0&quot;,&quot;title&quot;:&quot;&quot;,&quot;orientation&quot;:&quot;0&quot;}\" data-image-title=\"terjesbiler-the-gbu\" data-image-description=\"\" data-image-caption=\"&lt;p&gt;&amp;nbsp;&lt;\/p&gt;\n\" data-large-file=\"https:\/\/i0.wp.com\/terjebjornstad.com\/no\/wp-content\/uploads\/2019\/02\/terjesbiler-the-gbu.png?fit=96%2C96&amp;ssl=1\" src=\"https:\/\/i0.wp.com\/terjebjornstad.com\/no\/wp-content\/uploads\/2019\/02\/terjesbiler-the-gbu.png?resize=96%2C96&#038;ssl=1\" alt=\"terjes biler\" width=\"96\" height=\"96\" class=\"size-full wp-image-21608\" srcset=\"https:\/\/i0.wp.com\/terjebjornstad.com\/no\/wp-content\/uploads\/2019\/02\/terjesbiler-the-gbu.png?w=96&amp;ssl=1 96w, https:\/\/i0.wp.com\/terjebjornstad.com\/no\/wp-content\/uploads\/2019\/02\/terjesbiler-the-gbu.png?resize=50%2C50&amp;ssl=1 50w\" sizes=\"auto, (max-width: 96px) 100vw, 96px\" \/><figcaption id=\"caption-attachment-21608\" class=\"wp-caption-text\">&nbsp;<\/figcaption><\/figure>I 2010 hadde min venn, forretningsmannen <em>Jonny Bun\u00e6s<\/em> et m\u00f8te med Teslas markedssjef hvor han fortalte at Tesla kunne v\u00e6re en optimal elbil for det norske markedet. Da svarte markedssjefen t\u00f8rt at <em>\u00abNorge er nok alt for lite til at vi vil satse p\u00e5 det landet p\u00e5 mange \u00e5r.\u00bb<\/em> Hvem kunne tro at Tesla skulle bli en storselger i Norge &#8211; og Europa? <em>Ford Mustang E-Mach<\/em> passet ogs\u00e5 godt for europeiske forhold, skj\u00f8nt den er jo produsert i Mexico, ikke USA. Skal USA lykkes i \u00e5 selge flere biler til Europa, m\u00e5 de bygge biler som passer europeiske forhold. Men s\u00e5nne biler er vel neppe Trump interessert i?<\/p>\n\n<h3 class=\"tebh2\">Se ogs\u00e5<\/h3>\n<p><a href=\"https:\/\/www.whitehouse.gov\/remarks\/2025\/01\/remarks-by-president-trump-at-the-world-economic-forum\/\" target=\"_blank\" rel=\"noopener\"><strong>Remarks by President Trump &#8211; Whitehouse.gov<\/strong><\/a><\/p>\n<p><figure id=\"attachment_62503\" aria-describedby=\"caption-attachment-62503\" style=\"width: 150px\" class=\"wp-caption alignleft\"><a href=\"https:\/\/terjebjornstad.com\/no\/2023\/08\/17\/gm-kommer-tilbake-equinox-ev-lyriq-blazer\/\"><img data-recalc-dims=\"1\" loading=\"lazy\" decoding=\"async\" data-attachment-id=\"62503\" data-permalink=\"https:\/\/terjebjornstad.com\/no\/2023\/08\/17\/gm-kommer-tilbake-equinox-ev-lyriq-blazer\/2024-chevrolet-equinox-ev-1lt-104\/\" data-orig-file=\"https:\/\/i0.wp.com\/terjebjornstad.com\/no\/wp-content\/uploads\/2023\/08\/2024-Chevrolet-Equinox-EV-1LT-104.jpg?fit=1920%2C1281&amp;ssl=1\" data-orig-size=\"1920,1281\" data-comments-opened=\"1\" data-image-meta=\"{&quot;aperture&quot;:&quot;8&quot;,&quot;credit&quot;:&quot;&quot;,&quot;camera&quot;:&quot;Canon EOS R5&quot;,&quot;caption&quot;:&quot;Front view of 2024 Chevrolet Equinox EV 1LT in Galaxy Gray Metallic parked on a street. Preproduction model shown. Actual production model may vary. 2024 Chevrolet Equinox EV available Fall 2023.&quot;,&quot;created_timestamp&quot;:&quot;1658987031&quot;,&quot;copyright&quot;:&quot;&quot;,&quot;focal_length&quot;:&quot;70&quot;,&quot;iso&quot;:&quot;160&quot;,&quot;shutter_speed&quot;:&quot;0.6&quot;,&quot;title&quot;:&quot;&quot;,&quot;orientation&quot;:&quot;1&quot;}\" data-image-title=\"2024-Chevrolet-Equinox-EV-1LT-104\" data-image-description=\"\" data-image-caption=\"&lt;p&gt;Chevrolet Equinox EV&lt;\/p&gt;\n\" data-large-file=\"https:\/\/i0.wp.com\/terjebjornstad.com\/no\/wp-content\/uploads\/2023\/08\/2024-Chevrolet-Equinox-EV-1LT-104.jpg?fit=980%2C654&amp;ssl=1\" src=\"https:\/\/i0.wp.com\/terjebjornstad.com\/no\/wp-content\/uploads\/2023\/08\/2024-Chevrolet-Equinox-EV-1LT-104.jpg?resize=150%2C150&#038;ssl=1\" alt=\"tollsatser\" width=\"150\" height=\"150\" class=\"size-thumbnail wp-image-62503\" srcset=\"https:\/\/i0.wp.com\/terjebjornstad.com\/no\/wp-content\/uploads\/2023\/08\/2024-Chevrolet-Equinox-EV-1LT-104.jpg?resize=150%2C150&amp;ssl=1 150w, https:\/\/i0.wp.com\/terjebjornstad.com\/no\/wp-content\/uploads\/2023\/08\/2024-Chevrolet-Equinox-EV-1LT-104.jpg?resize=50%2C50&amp;ssl=1 50w, https:\/\/i0.wp.com\/terjebjornstad.com\/no\/wp-content\/uploads\/2023\/08\/2024-Chevrolet-Equinox-EV-1LT-104.jpg?zoom=2&amp;resize=150%2C150&amp;ssl=1 300w, https:\/\/i0.wp.com\/terjebjornstad.com\/no\/wp-content\/uploads\/2023\/08\/2024-Chevrolet-Equinox-EV-1LT-104.jpg?zoom=3&amp;resize=150%2C150&amp;ssl=1 450w\" sizes=\"auto, (max-width: 150px) 100vw, 150px\" \/><\/a><figcaption id=\"caption-attachment-62503\" class=\"wp-caption-text\">GM vender tilbake<\/figcaption><\/figure><figure id=\"attachment_5017\" aria-describedby=\"caption-attachment-5017\" style=\"width: 150px\" class=\"wp-caption alignleft\"><a href=\"https:\/\/terjebjornstad.com\/no\/2016-ford-edge\/\"><img data-recalc-dims=\"1\" loading=\"lazy\" decoding=\"async\" data-attachment-id=\"5017\" data-permalink=\"https:\/\/terjebjornstad.com\/no\/2016\/06\/19\/blant-lillegul-og-vennene-hans\/ford-edge-5\/\" data-orig-file=\"https:\/\/i0.wp.com\/terjebjornstad.com\/no\/wp-content\/uploads\/2016\/06\/ford-edge-5.png?fit=457%2C459&amp;ssl=1\" data-orig-size=\"457,459\" data-comments-opened=\"1\" data-image-meta=\"{&quot;aperture&quot;:&quot;0&quot;,&quot;credit&quot;:&quot;&quot;,&quot;camera&quot;:&quot;&quot;,&quot;caption&quot;:&quot;&quot;,&quot;created_timestamp&quot;:&quot;0&quot;,&quot;copyright&quot;:&quot;&quot;,&quot;focal_length&quot;:&quot;0&quot;,&quot;iso&quot;:&quot;0&quot;,&quot;shutter_speed&quot;:&quot;0&quot;,&quot;title&quot;:&quot;&quot;,&quot;orientation&quot;:&quot;0&quot;}\" data-image-title=\"2016 Ford Edge\" data-image-description=\"\" data-image-caption=\"&lt;p&gt;Ford Edge&lt;\/p&gt;\n\" data-large-file=\"https:\/\/i0.wp.com\/terjebjornstad.com\/no\/wp-content\/uploads\/2016\/06\/ford-edge-5.png?fit=457%2C459&amp;ssl=1\" src=\"https:\/\/i0.wp.com\/terjebjornstad.com\/no\/wp-content\/uploads\/2016\/06\/ford-edge-5.png?resize=150%2C150&#038;ssl=1\" alt=\"\" width=\"150\" height=\"150\" class=\"size-thumbnail wp-image-5017\" srcset=\"https:\/\/i0.wp.com\/terjebjornstad.com\/no\/wp-content\/uploads\/2016\/06\/ford-edge-5.png?resize=150%2C150&amp;ssl=1 150w, https:\/\/i0.wp.com\/terjebjornstad.com\/no\/wp-content\/uploads\/2016\/06\/ford-edge-5.png?resize=300%2C300&amp;ssl=1 300w, https:\/\/i0.wp.com\/terjebjornstad.com\/no\/wp-content\/uploads\/2016\/06\/ford-edge-5.png?resize=50%2C50&amp;ssl=1 50w, https:\/\/i0.wp.com\/terjebjornstad.com\/no\/wp-content\/uploads\/2016\/06\/ford-edge-5.png?w=457&amp;ssl=1 457w\" sizes=\"auto, (max-width: 150px) 100vw, 150px\" \/><\/a><figcaption id=\"caption-attachment-5017\" class=\"wp-caption-text\">Ford Edge<\/figcaption><\/figure><\/p>\n<h6><\/h6>\n<\/div>\n","protected":false,"gt_translate_keys":[{"key":"rendered","format":"html"}]},"excerpt":{"rendered":"<p>&laquo;- They don\u2019t take our cars. Yet, they send cars to us by the millions! &raquo; Trumps p\u00e5stand om at europeere ikke kj\u00f8per amerikanske biler, er sann. Men hvilke biler vil han at vi skal kj\u00f8pe? Vi har etter hvert erfart at det som kommer ut av munnen p\u00e5 Donald Trump, dessverre ofte er usanne [&hellip;]<\/p>\n","protected":false,"gt_translate_keys":[{"key":"rendered","format":"html"}]},"author":1,"featured_media":79052,"comment_status":"open","ping_status":"open","sticky":false,"template":"","format":"standard","meta":{"_monsterinsights_skip_tracking":false,"_monsterinsights_sitenote_active":false,"_monsterinsights_sitenote_note":"","_monsterinsights_sitenote_category":0,"jetpack_post_was_ever_published":false,"_jetpack_newsletter_access":"","_jetpack_dont_email_post_to_subs":false,"_jetpack_newsletter_tier_id":0,"_jetpack_memberships_contains_paywalled_content":false,"_jetpack_memberships_contains_paid_content":false,"footnotes":"","jetpack_publicize_message":"","jetpack_publicize_feature_enabled":true,"jetpack_social_post_already_shared":true,"jetpack_social_options":{"image_generator_settings":{"template":"highway","default_image_id":0,"font":"","enabled":false},"version":2}},"categories":[1437,34,5427,5425,5429,5428,5426,5424],"tags":[5433,5434,5432,5430,5431],"class_list":["post-79005","post","type-post","status-publish","format-standard","has-post-thumbnail","hentry","category-amcar","category-artikkel","category-buick","category-colorado","category-enclave","category-encore","category-maverick","category-traverse","tag-amerikansk-bilindustri","tag-bilimport-usa","tag-tollsatser-biler","tag-tollsatser-usa","tag-usa-tollsatser"],"yoast_head":"<!-- This site is optimized with the Yoast SEO plugin v27.5 - https:\/\/yoast.com\/product\/yoast-seo-wordpress\/ -->\n<title>Hvilke biler vil Trump at vi skal kj\u00f8pe? - Terjes biler<\/title>\n<meta name=\"description\" content=\"Trump sin p\u00e5stand om at europeere ikke kj\u00f8per amerikanske biler, er sann. Men hvilke biler vil han at vi skal kj\u00f8pe?\" \/>\n<meta name=\"robots\" content=\"index, follow, max-snippet:-1, max-image-preview:large, max-video-preview:-1\" \/>\n<link rel=\"canonical\" href=\"https:\/\/terjebjornstad.com\/no\/2025\/02\/07\/hvilke-biler-vil-trump-at-vi-skal-kjope\/\" \/>\n<meta property=\"og:locale\" content=\"nb_NO\" \/>\n<meta property=\"og:type\" content=\"article\" \/>\n<meta property=\"og:title\" content=\"Hvilke biler vil Trump at vi skal kj\u00f8pe? - Terjes biler\" \/>\n<meta property=\"og:description\" content=\"Trump sin p\u00e5stand om at europeere ikke kj\u00f8per amerikanske biler, er sann. Men hvilke biler vil han at vi skal kj\u00f8pe?\" \/>\n<meta property=\"og:url\" content=\"https:\/\/terjebjornstad.com\/no\/2025\/02\/07\/hvilke-biler-vil-trump-at-vi-skal-kjope\/\" \/>\n<meta property=\"og:site_name\" content=\"Terjes biler\" \/>\n<meta property=\"article:publisher\" content=\"https:\/\/www.facebook.com\/terjesbiler\/\" \/>\n<meta property=\"article:author\" content=\"https:\/\/www.facebook.com\/terjesbiler\" \/>\n<meta property=\"article:published_time\" content=\"2025-02-07T01:04:46+00:00\" \/>\n<meta property=\"article:modified_time\" content=\"2025-07-17T23:17:41+00:00\" \/>\n<meta property=\"og:image\" content=\"https:\/\/terjebjornstad.com\/no\/wp-content\/uploads\/2025\/02\/trump-about-car-imports-1000x750-1.jpg\" \/>\n\t<meta property=\"og:image:width\" content=\"1000\" \/>\n\t<meta property=\"og:image:height\" content=\"750\" \/>\n\t<meta property=\"og:image:type\" content=\"image\/jpeg\" \/>\n<meta name=\"author\" content=\"Terje Bj\u00f8rnstad\" \/>\n<meta name=\"twitter:card\" content=\"summary_large_image\" \/>\n<meta name=\"twitter:label1\" content=\"Skrevet av\" \/>\n\t<meta name=\"twitter:data1\" content=\"Terje Bj\u00f8rnstad\" \/>\n\t<meta name=\"twitter:label2\" content=\"Ansl. lesetid\" \/>\n\t<meta name=\"twitter:data2\" content=\"9 minutter\" \/>\n<script type=\"application\/ld+json\" class=\"yoast-schema-graph\">{\"@context\":\"https:\\\/\\\/schema.org\",\"@graph\":[{\"@type\":\"Article\",\"@id\":\"https:\\\/\\\/terjebjornstad.com\\\/no\\\/2025\\\/02\\\/07\\\/hvilke-biler-vil-trump-at-vi-skal-kjope\\\/#article\",\"isPartOf\":{\"@id\":\"https:\\\/\\\/terjebjornstad.com\\\/no\\\/2025\\\/02\\\/07\\\/hvilke-biler-vil-trump-at-vi-skal-kjope\\\/\"},\"author\":{\"name\":\"Terje Bj\u00f8rnstad\",\"@id\":\"https:\\\/\\\/terjebjornstad.com\\\/no\\\/#\\\/schema\\\/person\\\/a281f6a6e0f3cc9fe468e7f0c655aa65\"},\"headline\":\"Hvilke biler vil Trump at vi skal kj\u00f8pe?\",\"datePublished\":\"2025-02-07T01:04:46+00:00\",\"dateModified\":\"2025-07-17T23:17:41+00:00\",\"mainEntityOfPage\":{\"@id\":\"https:\\\/\\\/terjebjornstad.com\\\/no\\\/2025\\\/02\\\/07\\\/hvilke-biler-vil-trump-at-vi-skal-kjope\\\/\"},\"wordCount\":1233,\"commentCount\":0,\"publisher\":{\"@id\":\"https:\\\/\\\/terjebjornstad.com\\\/no\\\/#organization\"},\"image\":{\"@id\":\"https:\\\/\\\/terjebjornstad.com\\\/no\\\/2025\\\/02\\\/07\\\/hvilke-biler-vil-trump-at-vi-skal-kjope\\\/#primaryimage\"},\"thumbnailUrl\":\"https:\\\/\\\/i0.wp.com\\\/terjebjornstad.com\\\/no\\\/wp-content\\\/uploads\\\/2025\\\/02\\\/trump-about-car-imports-1000x750-1.jpg?fit=1000%2C750&ssl=1\",\"keywords\":[\"amerikansk bilindustri\",\"bilimport usa\",\"tollsatser biler\",\"tollsatser usa\",\"usa tollsatser\"],\"articleSection\":[\"Amcar\",\"Artikkel\",\"Buick\",\"Colorado\",\"Enclave\",\"Encore\",\"Maverick\",\"Traverse\"],\"inLanguage\":\"nb-NO\",\"potentialAction\":[{\"@type\":\"CommentAction\",\"name\":\"Comment\",\"target\":[\"https:\\\/\\\/terjebjornstad.com\\\/no\\\/2025\\\/02\\\/07\\\/hvilke-biler-vil-trump-at-vi-skal-kjope\\\/#respond\"]}]},{\"@type\":\"WebPage\",\"@id\":\"https:\\\/\\\/terjebjornstad.com\\\/no\\\/2025\\\/02\\\/07\\\/hvilke-biler-vil-trump-at-vi-skal-kjope\\\/\",\"url\":\"https:\\\/\\\/terjebjornstad.com\\\/no\\\/2025\\\/02\\\/07\\\/hvilke-biler-vil-trump-at-vi-skal-kjope\\\/\",\"name\":\"Hvilke biler vil Trump at vi skal kj\u00f8pe? - Terjes biler\",\"isPartOf\":{\"@id\":\"https:\\\/\\\/terjebjornstad.com\\\/no\\\/#website\"},\"primaryImageOfPage\":{\"@id\":\"https:\\\/\\\/terjebjornstad.com\\\/no\\\/2025\\\/02\\\/07\\\/hvilke-biler-vil-trump-at-vi-skal-kjope\\\/#primaryimage\"},\"image\":{\"@id\":\"https:\\\/\\\/terjebjornstad.com\\\/no\\\/2025\\\/02\\\/07\\\/hvilke-biler-vil-trump-at-vi-skal-kjope\\\/#primaryimage\"},\"thumbnailUrl\":\"https:\\\/\\\/i0.wp.com\\\/terjebjornstad.com\\\/no\\\/wp-content\\\/uploads\\\/2025\\\/02\\\/trump-about-car-imports-1000x750-1.jpg?fit=1000%2C750&ssl=1\",\"datePublished\":\"2025-02-07T01:04:46+00:00\",\"dateModified\":\"2025-07-17T23:17:41+00:00\",\"description\":\"Trump sin p\u00e5stand om at europeere ikke kj\u00f8per amerikanske biler, er sann. Men hvilke biler vil han at vi skal kj\u00f8pe?\",\"breadcrumb\":{\"@id\":\"https:\\\/\\\/terjebjornstad.com\\\/no\\\/2025\\\/02\\\/07\\\/hvilke-biler-vil-trump-at-vi-skal-kjope\\\/#breadcrumb\"},\"inLanguage\":\"nb-NO\",\"potentialAction\":[{\"@type\":\"ReadAction\",\"target\":[\"https:\\\/\\\/terjebjornstad.com\\\/no\\\/2025\\\/02\\\/07\\\/hvilke-biler-vil-trump-at-vi-skal-kjope\\\/\"]}]},{\"@type\":\"ImageObject\",\"inLanguage\":\"nb-NO\",\"@id\":\"https:\\\/\\\/terjebjornstad.com\\\/no\\\/2025\\\/02\\\/07\\\/hvilke-biler-vil-trump-at-vi-skal-kjope\\\/#primaryimage\",\"url\":\"https:\\\/\\\/i0.wp.com\\\/terjebjornstad.com\\\/no\\\/wp-content\\\/uploads\\\/2025\\\/02\\\/trump-about-car-imports-1000x750-1.jpg?fit=1000%2C750&ssl=1\",\"contentUrl\":\"https:\\\/\\\/i0.wp.com\\\/terjebjornstad.com\\\/no\\\/wp-content\\\/uploads\\\/2025\\\/02\\\/trump-about-car-imports-1000x750-1.jpg?fit=1000%2C750&ssl=1\",\"width\":1000,\"height\":750,\"caption\":\"&nbsp; Hvilke biler vil Trump at vi skal kj\u00f8pe? \u00ab- They don\u2019t take our cars. Yet, they send cars to us by the millions! \u00bb Trumps p\u00e5stand om at europeere ikke kj\u00f8per amerikanske biler, er sann. Men hvilke biler vil han at vi skal kj\u00f8pe? Se mer &nbsp;\"},{\"@type\":\"BreadcrumbList\",\"@id\":\"https:\\\/\\\/terjebjornstad.com\\\/no\\\/2025\\\/02\\\/07\\\/hvilke-biler-vil-trump-at-vi-skal-kjope\\\/#breadcrumb\",\"itemListElement\":[{\"@type\":\"ListItem\",\"position\":1,\"name\":\"Hjem\",\"item\":\"https:\\\/\\\/terjebjornstad.com\\\/no\\\/\"},{\"@type\":\"ListItem\",\"position\":2,\"name\":\"Hvilke biler vil Trump at vi skal kj\u00f8pe?\"}]},{\"@type\":\"WebSite\",\"@id\":\"https:\\\/\\\/terjebjornstad.com\\\/no\\\/#website\",\"url\":\"https:\\\/\\\/terjebjornstad.com\\\/no\\\/\",\"name\":\"Terjes biler\",\"description\":\"HONEST ABOUT CARS\",\"publisher\":{\"@id\":\"https:\\\/\\\/terjebjornstad.com\\\/no\\\/#organization\"},\"alternateName\":\"Terjebjornstad.com\",\"potentialAction\":[{\"@type\":\"SearchAction\",\"target\":{\"@type\":\"EntryPoint\",\"urlTemplate\":\"https:\\\/\\\/terjebjornstad.com\\\/no\\\/?s={search_term_string}\"},\"query-input\":{\"@type\":\"PropertyValueSpecification\",\"valueRequired\":true,\"valueName\":\"search_term_string\"}}],\"inLanguage\":\"nb-NO\"},{\"@type\":\"Organization\",\"@id\":\"https:\\\/\\\/terjebjornstad.com\\\/no\\\/#organization\",\"name\":\"Terje Bj\u00f8rnstad ENK\",\"url\":\"https:\\\/\\\/terjebjornstad.com\\\/no\\\/\",\"logo\":{\"@type\":\"ImageObject\",\"inLanguage\":\"nb-NO\",\"@id\":\"https:\\\/\\\/terjebjornstad.com\\\/no\\\/#\\\/schema\\\/logo\\\/image\\\/\",\"url\":\"https:\\\/\\\/i0.wp.com\\\/terjebjornstad.com\\\/no\\\/wp-content\\\/uploads\\\/2026\\\/02\\\/terjesbiler2024-960x354-1.png?fit=960%2C354&ssl=1\",\"contentUrl\":\"https:\\\/\\\/i0.wp.com\\\/terjebjornstad.com\\\/no\\\/wp-content\\\/uploads\\\/2026\\\/02\\\/terjesbiler2024-960x354-1.png?fit=960%2C354&ssl=1\",\"width\":960,\"height\":354,\"caption\":\"Terje Bj\u00f8rnstad ENK\"},\"image\":{\"@id\":\"https:\\\/\\\/terjebjornstad.com\\\/no\\\/#\\\/schema\\\/logo\\\/image\\\/\"},\"sameAs\":[\"https:\\\/\\\/www.facebook.com\\\/terjesbiler\\\/\",\"https:\\\/\\\/www.instagram.com\\\/terjesbiler\\\/\",\"https:\\\/\\\/www.pinteres.com\\\/terjebjrnstad\\\/terjes-biler\\\/\"]},{\"@type\":\"Person\",\"@id\":\"https:\\\/\\\/terjebjornstad.com\\\/no\\\/#\\\/schema\\\/person\\\/a281f6a6e0f3cc9fe468e7f0c655aa65\",\"name\":\"Terje Bj\u00f8rnstad\",\"image\":{\"@type\":\"ImageObject\",\"inLanguage\":\"nb-NO\",\"@id\":\"https:\\\/\\\/secure.gravatar.com\\\/avatar\\\/e8dff505b51cf6cb67ae06a06022d2049aac2da1e79dc146a36b58798c4b40ea?s=96&d=mm&r=g\",\"url\":\"https:\\\/\\\/secure.gravatar.com\\\/avatar\\\/e8dff505b51cf6cb67ae06a06022d2049aac2da1e79dc146a36b58798c4b40ea?s=96&d=mm&r=g\",\"contentUrl\":\"https:\\\/\\\/secure.gravatar.com\\\/avatar\\\/e8dff505b51cf6cb67ae06a06022d2049aac2da1e79dc146a36b58798c4b40ea?s=96&d=mm&r=g\",\"caption\":\"Terje Bj\u00f8rnstad\"},\"description\":\"Terje Bj\u00f8rnstad. Bloggadministrator, hobbyfotograf og bilnerd.\",\"sameAs\":[\"https:\\\/\\\/www.facebook.com\\\/terjesbiler\",\"https:\\\/\\\/www.instagram.com\\\/terjesbiler\",\"https:\\\/\\\/no.pinterest.com\\\/terjebjrnstad\",\"https:\\\/\\\/www.youtube.com\\\/channel\\\/UCzCKJJDybyIgKqatc_JQqIg\"]}]}<\/script>\n<!-- \/ Yoast SEO plugin. -->","yoast_head_json":{"title":"Hvilke biler vil Trump at vi skal kj\u00f8pe? - Terjes biler","description":"Trump sin p\u00e5stand om at europeere ikke kj\u00f8per amerikanske biler, er sann. Men hvilke biler vil han at vi skal kj\u00f8pe?","robots":{"index":"index","follow":"follow","max-snippet":"max-snippet:-1","max-image-preview":"max-image-preview:large","max-video-preview":"max-video-preview:-1"},"canonical":"https:\/\/terjebjornstad.com\/no\/2025\/02\/07\/hvilke-biler-vil-trump-at-vi-skal-kjope\/","og_locale":"nb_NO","og_type":"article","og_title":"Hvilke biler vil Trump at vi skal kj\u00f8pe? - Terjes biler","og_description":"Trump sin p\u00e5stand om at europeere ikke kj\u00f8per amerikanske biler, er sann. Men hvilke biler vil han at vi skal kj\u00f8pe?","og_url":"https:\/\/terjebjornstad.com\/no\/2025\/02\/07\/hvilke-biler-vil-trump-at-vi-skal-kjope\/","og_site_name":"Terjes biler","article_publisher":"https:\/\/www.facebook.com\/terjesbiler\/","article_author":"https:\/\/www.facebook.com\/terjesbiler","article_published_time":"2025-02-07T01:04:46+00:00","article_modified_time":"2025-07-17T23:17:41+00:00","og_image":[{"width":1000,"height":750,"url":"https:\/\/terjebjornstad.com\/no\/wp-content\/uploads\/2025\/02\/trump-about-car-imports-1000x750-1.jpg","type":"image\/jpeg"}],"author":"Terje Bj\u00f8rnstad","twitter_card":"summary_large_image","twitter_misc":{"Skrevet av":"Terje Bj\u00f8rnstad","Ansl. lesetid":"9 minutter"},"schema":{"@context":"https:\/\/schema.org","@graph":[{"@type":"Article","@id":"https:\/\/terjebjornstad.com\/no\/2025\/02\/07\/hvilke-biler-vil-trump-at-vi-skal-kjope\/#article","isPartOf":{"@id":"https:\/\/terjebjornstad.com\/no\/2025\/02\/07\/hvilke-biler-vil-trump-at-vi-skal-kjope\/"},"author":{"name":"Terje Bj\u00f8rnstad","@id":"https:\/\/terjebjornstad.com\/no\/#\/schema\/person\/a281f6a6e0f3cc9fe468e7f0c655aa65"},"headline":"Hvilke biler vil Trump at vi skal kj\u00f8pe?","datePublished":"2025-02-07T01:04:46+00:00","dateModified":"2025-07-17T23:17:41+00:00","mainEntityOfPage":{"@id":"https:\/\/terjebjornstad.com\/no\/2025\/02\/07\/hvilke-biler-vil-trump-at-vi-skal-kjope\/"},"wordCount":1233,"commentCount":0,"publisher":{"@id":"https:\/\/terjebjornstad.com\/no\/#organization"},"image":{"@id":"https:\/\/terjebjornstad.com\/no\/2025\/02\/07\/hvilke-biler-vil-trump-at-vi-skal-kjope\/#primaryimage"},"thumbnailUrl":"https:\/\/i0.wp.com\/terjebjornstad.com\/no\/wp-content\/uploads\/2025\/02\/trump-about-car-imports-1000x750-1.jpg?fit=1000%2C750&ssl=1","keywords":["amerikansk bilindustri","bilimport usa","tollsatser biler","tollsatser usa","usa tollsatser"],"articleSection":["Amcar","Artikkel","Buick","Colorado","Enclave","Encore","Maverick","Traverse"],"inLanguage":"nb-NO","potentialAction":[{"@type":"CommentAction","name":"Comment","target":["https:\/\/terjebjornstad.com\/no\/2025\/02\/07\/hvilke-biler-vil-trump-at-vi-skal-kjope\/#respond"]}]},{"@type":"WebPage","@id":"https:\/\/terjebjornstad.com\/no\/2025\/02\/07\/hvilke-biler-vil-trump-at-vi-skal-kjope\/","url":"https:\/\/terjebjornstad.com\/no\/2025\/02\/07\/hvilke-biler-vil-trump-at-vi-skal-kjope\/","name":"Hvilke biler vil Trump at vi skal kj\u00f8pe? - Terjes biler","isPartOf":{"@id":"https:\/\/terjebjornstad.com\/no\/#website"},"primaryImageOfPage":{"@id":"https:\/\/terjebjornstad.com\/no\/2025\/02\/07\/hvilke-biler-vil-trump-at-vi-skal-kjope\/#primaryimage"},"image":{"@id":"https:\/\/terjebjornstad.com\/no\/2025\/02\/07\/hvilke-biler-vil-trump-at-vi-skal-kjope\/#primaryimage"},"thumbnailUrl":"https:\/\/i0.wp.com\/terjebjornstad.com\/no\/wp-content\/uploads\/2025\/02\/trump-about-car-imports-1000x750-1.jpg?fit=1000%2C750&ssl=1","datePublished":"2025-02-07T01:04:46+00:00","dateModified":"2025-07-17T23:17:41+00:00","description":"Trump sin p\u00e5stand om at europeere ikke kj\u00f8per amerikanske biler, er sann. Men hvilke biler vil han at vi skal kj\u00f8pe?","breadcrumb":{"@id":"https:\/\/terjebjornstad.com\/no\/2025\/02\/07\/hvilke-biler-vil-trump-at-vi-skal-kjope\/#breadcrumb"},"inLanguage":"nb-NO","potentialAction":[{"@type":"ReadAction","target":["https:\/\/terjebjornstad.com\/no\/2025\/02\/07\/hvilke-biler-vil-trump-at-vi-skal-kjope\/"]}]},{"@type":"ImageObject","inLanguage":"nb-NO","@id":"https:\/\/terjebjornstad.com\/no\/2025\/02\/07\/hvilke-biler-vil-trump-at-vi-skal-kjope\/#primaryimage","url":"https:\/\/i0.wp.com\/terjebjornstad.com\/no\/wp-content\/uploads\/2025\/02\/trump-about-car-imports-1000x750-1.jpg?fit=1000%2C750&ssl=1","contentUrl":"https:\/\/i0.wp.com\/terjebjornstad.com\/no\/wp-content\/uploads\/2025\/02\/trump-about-car-imports-1000x750-1.jpg?fit=1000%2C750&ssl=1","width":1000,"height":750,"caption":"&nbsp; Hvilke biler vil Trump at vi skal kj\u00f8pe? \u00ab- They don\u2019t take our cars. Yet, they send cars to us by the millions! \u00bb Trumps p\u00e5stand om at europeere ikke kj\u00f8per amerikanske biler, er sann. Men hvilke biler vil han at vi skal kj\u00f8pe? Se mer &nbsp;"},{"@type":"BreadcrumbList","@id":"https:\/\/terjebjornstad.com\/no\/2025\/02\/07\/hvilke-biler-vil-trump-at-vi-skal-kjope\/#breadcrumb","itemListElement":[{"@type":"ListItem","position":1,"name":"Hjem","item":"https:\/\/terjebjornstad.com\/no\/"},{"@type":"ListItem","position":2,"name":"Hvilke biler vil Trump at vi skal kj\u00f8pe?"}]},{"@type":"WebSite","@id":"https:\/\/terjebjornstad.com\/no\/#website","url":"https:\/\/terjebjornstad.com\/no\/","name":"Terjes biler","description":"HONEST ABOUT CARS","publisher":{"@id":"https:\/\/terjebjornstad.com\/no\/#organization"},"alternateName":"Terjebjornstad.com","potentialAction":[{"@type":"SearchAction","target":{"@type":"EntryPoint","urlTemplate":"https:\/\/terjebjornstad.com\/no\/?s={search_term_string}"},"query-input":{"@type":"PropertyValueSpecification","valueRequired":true,"valueName":"search_term_string"}}],"inLanguage":"nb-NO"},{"@type":"Organization","@id":"https:\/\/terjebjornstad.com\/no\/#organization","name":"Terje Bj\u00f8rnstad ENK","url":"https:\/\/terjebjornstad.com\/no\/","logo":{"@type":"ImageObject","inLanguage":"nb-NO","@id":"https:\/\/terjebjornstad.com\/no\/#\/schema\/logo\/image\/","url":"https:\/\/i0.wp.com\/terjebjornstad.com\/no\/wp-content\/uploads\/2026\/02\/terjesbiler2024-960x354-1.png?fit=960%2C354&ssl=1","contentUrl":"https:\/\/i0.wp.com\/terjebjornstad.com\/no\/wp-content\/uploads\/2026\/02\/terjesbiler2024-960x354-1.png?fit=960%2C354&ssl=1","width":960,"height":354,"caption":"Terje Bj\u00f8rnstad ENK"},"image":{"@id":"https:\/\/terjebjornstad.com\/no\/#\/schema\/logo\/image\/"},"sameAs":["https:\/\/www.facebook.com\/terjesbiler\/","https:\/\/www.instagram.com\/terjesbiler\/","https:\/\/www.pinteres.com\/terjebjrnstad\/terjes-biler\/"]},{"@type":"Person","@id":"https:\/\/terjebjornstad.com\/no\/#\/schema\/person\/a281f6a6e0f3cc9fe468e7f0c655aa65","name":"Terje Bj\u00f8rnstad","image":{"@type":"ImageObject","inLanguage":"nb-NO","@id":"https:\/\/secure.gravatar.com\/avatar\/e8dff505b51cf6cb67ae06a06022d2049aac2da1e79dc146a36b58798c4b40ea?s=96&d=mm&r=g","url":"https:\/\/secure.gravatar.com\/avatar\/e8dff505b51cf6cb67ae06a06022d2049aac2da1e79dc146a36b58798c4b40ea?s=96&d=mm&r=g","contentUrl":"https:\/\/secure.gravatar.com\/avatar\/e8dff505b51cf6cb67ae06a06022d2049aac2da1e79dc146a36b58798c4b40ea?s=96&d=mm&r=g","caption":"Terje Bj\u00f8rnstad"},"description":"Terje Bj\u00f8rnstad. Bloggadministrator, hobbyfotograf og bilnerd.","sameAs":["https:\/\/www.facebook.com\/terjesbiler","https:\/\/www.instagram.com\/terjesbiler","https:\/\/no.pinterest.com\/terjebjrnstad","https:\/\/www.youtube.com\/channel\/UCzCKJJDybyIgKqatc_JQqIg"]}]}},"jetpack_publicize_connections":[],"jetpack_featured_media_url":"https:\/\/i0.wp.com\/terjebjornstad.com\/no\/wp-content\/uploads\/2025\/02\/trump-about-car-imports-1000x750-1.jpg?fit=1000%2C750&ssl=1","jetpack_sharing_enabled":true,"jetpack_shortlink":"https:\/\/wp.me\/p48zYA-kyh","jetpack-related-posts":[{"id":92126,"url":"https:\/\/terjebjornstad.com\/no\/2026\/04\/05\/rolls-royce-endrer-sine-planer-for-2030\/","url_meta":{"origin":79005,"position":0},"title":"Rolls-Royce endrer sine planer for 2030","author":"Terje Bj\u00f8rnstad","date":"05\/04\/2026","format":false,"excerpt":"I likhet med flere andre bilprodusenter har Rolls-Royce reversert sine planer om at alle modeller skal v\u00e6re utslippsfrie innen 2030. Et selskap som lever av \u00e5 bygge skreddersydde biler til verdens rikeste mennesker, er n\u00f8dt til \u00e5 lytte til sine kunder. Den elektriske Rolls-Royce Spectre ble satt i produksjon h\u00f8sten\u2026","rel":"","context":"i &quot;Rolls Royce&quot;","block_context":{"text":"Rolls Royce","link":"https:\/\/terjebjornstad.com\/no\/category\/rolls-royce\/"},"img":{"alt_text":"","src":"https:\/\/i0.wp.com\/terjebjornstad.com\/no\/wp-content\/uploads\/2026\/04\/rolls-royce-spectre-1920x1440-1.jpg?fit=1200%2C900&ssl=1&resize=350%2C200","width":350,"height":200,"srcset":"https:\/\/i0.wp.com\/terjebjornstad.com\/no\/wp-content\/uploads\/2026\/04\/rolls-royce-spectre-1920x1440-1.jpg?fit=1200%2C900&ssl=1&resize=350%2C200 1x, https:\/\/i0.wp.com\/terjebjornstad.com\/no\/wp-content\/uploads\/2026\/04\/rolls-royce-spectre-1920x1440-1.jpg?fit=1200%2C900&ssl=1&resize=525%2C300 1.5x, https:\/\/i0.wp.com\/terjebjornstad.com\/no\/wp-content\/uploads\/2026\/04\/rolls-royce-spectre-1920x1440-1.jpg?fit=1200%2C900&ssl=1&resize=700%2C400 2x, https:\/\/i0.wp.com\/terjebjornstad.com\/no\/wp-content\/uploads\/2026\/04\/rolls-royce-spectre-1920x1440-1.jpg?fit=1200%2C900&ssl=1&resize=1050%2C600 3x"},"classes":[]},{"id":69733,"url":"https:\/\/terjebjornstad.com\/no\/2024\/02\/15\/the-next-big-thing\/","url_meta":{"origin":79005,"position":1},"title":"The next big thing","author":"Terje Bj\u00f8rnstad","date":"15\/02\/2024","format":false,"excerpt":"Vil GM greie \u00e5 opprettholde sine m\u00e5l om nullutslipp n\u00e5r salgstallene avtar og landets kommende president h\u00e5ner elbiler? Og hvorfor har ikke Toyota g\u00e5tt inn i elbilmarkedet med st\u00f8rre tyngde? Da Mary T. Barra nylig presenterte GM's \u00e5rsmelding, kom det frem at salget av elbiler har avtatt og at GM\u2026","rel":"","context":"i &quot;Aiko Toyoda&quot;","block_context":{"text":"Aiko Toyoda","link":"https:\/\/terjebjornstad.com\/no\/category\/toyota\/aiko-toyoda\/"},"img":{"alt_text":"","src":"https:\/\/i0.wp.com\/terjebjornstad.com\/no\/wp-content\/uploads\/2024\/02\/2021-chevrolet-silverado-pickup-Wirestock-1920x1280-1.jpg?fit=1200%2C801&ssl=1&resize=350%2C200","width":350,"height":200,"srcset":"https:\/\/i0.wp.com\/terjebjornstad.com\/no\/wp-content\/uploads\/2024\/02\/2021-chevrolet-silverado-pickup-Wirestock-1920x1280-1.jpg?fit=1200%2C801&ssl=1&resize=350%2C200 1x, https:\/\/i0.wp.com\/terjebjornstad.com\/no\/wp-content\/uploads\/2024\/02\/2021-chevrolet-silverado-pickup-Wirestock-1920x1280-1.jpg?fit=1200%2C801&ssl=1&resize=525%2C300 1.5x, https:\/\/i0.wp.com\/terjebjornstad.com\/no\/wp-content\/uploads\/2024\/02\/2021-chevrolet-silverado-pickup-Wirestock-1920x1280-1.jpg?fit=1200%2C801&ssl=1&resize=700%2C400 2x, https:\/\/i0.wp.com\/terjebjornstad.com\/no\/wp-content\/uploads\/2024\/02\/2021-chevrolet-silverado-pickup-Wirestock-1920x1280-1.jpg?fit=1200%2C801&ssl=1&resize=1050%2C600 3x"},"classes":[]},{"id":20225,"url":"https:\/\/terjebjornstad.com\/no\/2018\/11\/06\/kjope-bil-i-frankrike\/","url_meta":{"origin":79005,"position":2},"title":"Kj\u00f8pe bil i Frankrike","author":"Terje Bj\u00f8rnstad","date":"06\/11\/2018","format":false,"excerpt":"Une Peugeot 208 s'il vous pla\u00eet Hva heter n\u00e5 ryggealarm igjen p\u00e5 fransk? Jeg sa: \"De vet, den lyden man h\u00f8rer n\u00e5r man rygger?\", hvorp\u00e5 selgeren utbryter jovialt \"Ah d\u2019accord! Un Bip-bip-bip!\". Jeg har hatt gleden av \u00e5 bist\u00e5 en venninne med \u00e5 kj\u00f8pe bil - i Frankrike. Det ble\u2026","rel":"","context":"i &quot;208&quot;","block_context":{"text":"208","link":"https:\/\/terjebjornstad.com\/no\/category\/peugeot\/208\/"},"img":{"alt_text":"","src":"https:\/\/i0.wp.com\/terjebjornstad.com\/no\/wp-content\/uploads\/2018\/11\/peugeot-208-facelift-1080x720.png?fit=1080%2C720&ssl=1&resize=350%2C200","width":350,"height":200,"srcset":"https:\/\/i0.wp.com\/terjebjornstad.com\/no\/wp-content\/uploads\/2018\/11\/peugeot-208-facelift-1080x720.png?fit=1080%2C720&ssl=1&resize=350%2C200 1x, https:\/\/i0.wp.com\/terjebjornstad.com\/no\/wp-content\/uploads\/2018\/11\/peugeot-208-facelift-1080x720.png?fit=1080%2C720&ssl=1&resize=525%2C300 1.5x, https:\/\/i0.wp.com\/terjebjornstad.com\/no\/wp-content\/uploads\/2018\/11\/peugeot-208-facelift-1080x720.png?fit=1080%2C720&ssl=1&resize=700%2C400 2x, https:\/\/i0.wp.com\/terjebjornstad.com\/no\/wp-content\/uploads\/2018\/11\/peugeot-208-facelift-1080x720.png?fit=1080%2C720&ssl=1&resize=1050%2C600 3x"},"classes":[]},{"id":40238,"url":"https:\/\/terjebjornstad.com\/no\/2021\/05\/17\/sannheten-om-tsi-motoren\/","url_meta":{"origin":79005,"position":3},"title":"Sannheten om TSI-motoren","author":"Terje Bj\u00f8rnstad","date":"17\/05\/2021","format":false,"excerpt":"TSI-motorene har f\u00e5tt mange lovord. De er morsomme \u00e5 kj\u00f8re - responsive, kraftfulle turbomotorer med fint lydbilde. Et godt eksempel p\u00e5 downsizing. Men de er ikke feilfrie. Advarslene er mange. Er det trygt \u00e5 kj\u00f8pe en bil med TSI-motor? \u00a0 Hvilke motorer dreier det seg om? Nesten alle bensinmotorer produsert\u2026","rel":"","context":"i &quot;Artikkel&quot;","block_context":{"text":"Artikkel","link":"https:\/\/terjebjornstad.com\/no\/category\/artikkel\/"},"img":{"alt_text":"","src":"https:\/\/i0.wp.com\/terjebjornstad.com\/no\/wp-content\/uploads\/2021\/05\/tsi-686x457-1.png?fit=686%2C457&ssl=1&resize=350%2C200","width":350,"height":200,"srcset":"https:\/\/i0.wp.com\/terjebjornstad.com\/no\/wp-content\/uploads\/2021\/05\/tsi-686x457-1.png?fit=686%2C457&ssl=1&resize=350%2C200 1x, https:\/\/i0.wp.com\/terjebjornstad.com\/no\/wp-content\/uploads\/2021\/05\/tsi-686x457-1.png?fit=686%2C457&ssl=1&resize=525%2C300 1.5x"},"classes":[]},{"id":9543,"url":"https:\/\/terjebjornstad.com\/no\/2017\/03\/05\/psa-kjoper-opel\/","url_meta":{"origin":79005,"position":4},"title":"PSA kj\u00f8per Opel","author":"Terje Bj\u00f8rnstad","date":"05\/03\/2017","format":false,"excerpt":"Den franske bilgiganten PSA har gitt gr\u00f8nt lys for \u00e5 kj\u00f8pe de europeiske aksjene i GM (Opel og Vauxhall). Det er ventet at oppkj\u00f8pet skal offentliggj\u00f8res i dag, mandag 6 mars. Den nye PSA-gruppen vil dermed bli Europas nest st\u00f8rste bilfabrikant etter Volkswagen-gruppen. De to bilgigantene vil til sammen produsere\u2026","rel":"","context":"i &quot;Artikkel&quot;","block_context":{"text":"Artikkel","link":"https:\/\/terjebjornstad.com\/no\/category\/artikkel\/"},"img":{"alt_text":"","src":"https:\/\/i0.wp.com\/terjebjornstad.com\/no\/wp-content\/uploads\/2017\/03\/psa-opel.png?resize=350%2C200&ssl=1","width":350,"height":200,"srcset":"https:\/\/i0.wp.com\/terjebjornstad.com\/no\/wp-content\/uploads\/2017\/03\/psa-opel.png?resize=350%2C200&ssl=1 1x, https:\/\/i0.wp.com\/terjebjornstad.com\/no\/wp-content\/uploads\/2017\/03\/psa-opel.png?resize=525%2C300&ssl=1 1.5x"},"classes":[]},{"id":44621,"url":"https:\/\/terjebjornstad.com\/no\/2021\/11\/13\/leveringstid-pa-nye-biler\/","url_meta":{"origin":79005,"position":5},"title":"Lang leveringstid p\u00e5 ny bil?","author":"Terje Bj\u00f8rnstad","date":"13\/11\/2021","format":false,"excerpt":"Brikkemangel og stor ettersp\u00f8rsel f\u00e5r skylden for lange leveringstider p\u00e5 enkelte nye bilmodeller. Er det verdt \u00e5 vente p\u00e5 dr\u00f8mmebilen? Her er momentene du b\u00f8r ha i minnet. \u00a0 Leveringstider p\u00e5 et \u00e5r eller mer Er du p\u00e5 utkikk etter ny familie-elbil, har du sikkert vurdert Skoda Enyaq iV80X. Den\u2026","rel":"","context":"i &quot;Artikkel&quot;","block_context":{"text":"Artikkel","link":"https:\/\/terjebjornstad.com\/no\/category\/artikkel\/"},"img":{"alt_text":"leveringstid","src":"https:\/\/i0.wp.com\/terjebjornstad.com\/no\/wp-content\/uploads\/2021\/11\/10-skoda-2023-686x457-1.png?fit=686%2C457&ssl=1&resize=350%2C200","width":350,"height":200,"srcset":"https:\/\/i0.wp.com\/terjebjornstad.com\/no\/wp-content\/uploads\/2021\/11\/10-skoda-2023-686x457-1.png?fit=686%2C457&ssl=1&resize=350%2C200 1x, https:\/\/i0.wp.com\/terjebjornstad.com\/no\/wp-content\/uploads\/2021\/11\/10-skoda-2023-686x457-1.png?fit=686%2C457&ssl=1&resize=525%2C300 1.5x"},"classes":[]}],"gt_translate_keys":[{"key":"link","format":"url"}],"_links":{"self":[{"href":"https:\/\/terjebjornstad.com\/no\/wp-json\/wp\/v2\/posts\/79005","targetHints":{"allow":["GET"]}}],"collection":[{"href":"https:\/\/terjebjornstad.com\/no\/wp-json\/wp\/v2\/posts"}],"about":[{"href":"https:\/\/terjebjornstad.com\/no\/wp-json\/wp\/v2\/types\/post"}],"author":[{"embeddable":true,"href":"https:\/\/terjebjornstad.com\/no\/wp-json\/wp\/v2\/users\/1"}],"replies":[{"embeddable":true,"href":"https:\/\/terjebjornstad.com\/no\/wp-json\/wp\/v2\/comments?post=79005"}],"version-history":[{"count":84,"href":"https:\/\/terjebjornstad.com\/no\/wp-json\/wp\/v2\/posts\/79005\/revisions"}],"predecessor-version":[{"id":82959,"href":"https:\/\/terjebjornstad.com\/no\/wp-json\/wp\/v2\/posts\/79005\/revisions\/82959"}],"wp:featuredmedia":[{"embeddable":true,"href":"https:\/\/terjebjornstad.com\/no\/wp-json\/wp\/v2\/media\/79052"}],"wp:attachment":[{"href":"https:\/\/terjebjornstad.com\/no\/wp-json\/wp\/v2\/media?parent=79005"}],"wp:term":[{"taxonomy":"category","embeddable":true,"href":"https:\/\/terjebjornstad.com\/no\/wp-json\/wp\/v2\/categories?post=79005"},{"taxonomy":"post_tag","embeddable":true,"href":"https:\/\/terjebjornstad.com\/no\/wp-json\/wp\/v2\/tags?post=79005"}],"curies":[{"name":"wp","href":"https:\/\/api.w.org\/{rel}","templated":true}]}}