{"id":76219,"date":"2024-10-22T18:56:35","date_gmt":"2024-10-22T17:56:35","guid":{"rendered":"https:\/\/terjebjornstad.com\/no\/?p=76219"},"modified":"2026-02-14T00:24:39","modified_gmt":"2026-02-13T23:24:39","slug":"renault-4-e-tech-forer-arven-videre","status":"publish","type":"post","link":"https:\/\/terjebjornstad.com\/no\/2024\/10\/22\/renault-4-e-tech-forer-arven-videre\/","title":{"rendered":"Renault 4 E-Tech f\u00f8rer arven videre","gt_translate_keys":[{"key":"rendered","format":"text"}]},"content":{"rendered":"<div class=\"copy_teb\"><figure id=\"attachment_76215\" aria-describedby=\"caption-attachment-76215\" style=\"width: 2000px\" class=\"wp-caption aligncenter\"><a href=\"https:\/\/i0.wp.com\/terjebjornstad.com\/no\/wp-content\/uploads\/2024\/10\/Renault-4-E-Tech-electric.jpg?ssl=1\"><img data-recalc-dims=\"1\" loading=\"lazy\" decoding=\"async\" data-attachment-id=\"76215\" data-permalink=\"https:\/\/terjebjornstad.com\/no\/2024\/10\/22\/renault-4-e-tech-forer-arven-videre\/renault-4-e-tech-electric\/\" data-orig-file=\"https:\/\/i0.wp.com\/terjebjornstad.com\/no\/wp-content\/uploads\/2024\/10\/Renault-4-E-Tech-electric.jpg?fit=2000%2C1125&amp;ssl=1\" data-orig-size=\"2000,1125\" data-comments-opened=\"1\" data-image-meta=\"{&quot;aperture&quot;:&quot;0&quot;,&quot;credit&quot;:&quot;&quot;,&quot;camera&quot;:&quot;&quot;,&quot;caption&quot;:&quot;&quot;,&quot;created_timestamp&quot;:&quot;0&quot;,&quot;copyright&quot;:&quot;&quot;,&quot;focal_length&quot;:&quot;0&quot;,&quot;iso&quot;:&quot;0&quot;,&quot;shutter_speed&quot;:&quot;0&quot;,&quot;title&quot;:&quot;&quot;,&quot;orientation&quot;:&quot;0&quot;}\" data-image-title=\"Renault 4 E-Tech electric\" data-image-description=\"\" data-image-caption=\"&lt;p&gt;Renault 4 E-Tech (Kilde: Renault)&lt;\/p&gt;\n\" data-large-file=\"https:\/\/i0.wp.com\/terjebjornstad.com\/no\/wp-content\/uploads\/2024\/10\/Renault-4-E-Tech-electric.jpg?fit=980%2C552&amp;ssl=1\" src=\"https:\/\/i0.wp.com\/terjebjornstad.com\/no\/wp-content\/uploads\/2024\/10\/Renault-4-E-Tech-electric.jpg?resize=980%2C551&#038;ssl=1\" alt=\"renault 4 e-tech\" width=\"980\" height=\"551\" class=\"size-full wp-image-76215\" srcset=\"https:\/\/i0.wp.com\/terjebjornstad.com\/no\/wp-content\/uploads\/2024\/10\/Renault-4-E-Tech-electric.jpg?w=2000&amp;ssl=1 2000w, https:\/\/i0.wp.com\/terjebjornstad.com\/no\/wp-content\/uploads\/2024\/10\/Renault-4-E-Tech-electric.jpg?resize=300%2C169&amp;ssl=1 300w, https:\/\/i0.wp.com\/terjebjornstad.com\/no\/wp-content\/uploads\/2024\/10\/Renault-4-E-Tech-electric.jpg?resize=1080%2C608&amp;ssl=1 1080w, https:\/\/i0.wp.com\/terjebjornstad.com\/no\/wp-content\/uploads\/2024\/10\/Renault-4-E-Tech-electric.jpg?resize=768%2C432&amp;ssl=1 768w, https:\/\/i0.wp.com\/terjebjornstad.com\/no\/wp-content\/uploads\/2024\/10\/Renault-4-E-Tech-electric.jpg?resize=1536%2C864&amp;ssl=1 1536w, https:\/\/i0.wp.com\/terjebjornstad.com\/no\/wp-content\/uploads\/2024\/10\/Renault-4-E-Tech-electric.jpg?resize=690%2C388&amp;ssl=1 690w, https:\/\/i0.wp.com\/terjebjornstad.com\/no\/wp-content\/uploads\/2024\/10\/Renault-4-E-Tech-electric.jpg?resize=980%2C551&amp;ssl=1 980w\" sizes=\"auto, (max-width: 980px) 100vw, 980px\" \/><\/a><figcaption id=\"caption-attachment-76215\" class=\"wp-caption-text\">Renault 4 E-Tech (Kilde: Renault)<\/figcaption><\/figure><\/p>\n<blockquote><p>Det er blitt ganske vanlig \u00e5 la nye elektriske bilmodeller arve navn etter tidligere legendariske modeller. Har nye Renault 4 E-Tech de samme egenskapene som i sin tid gjorde Renault 4 til en av Europas mest elskede og popul\u00e6re biler?<\/p><\/blockquote>\n\n<p>Skal EU n\u00e5 sine m\u00e5l med hensyn til null-utslipp er man avhengig av \u00e5 produsere flere sm\u00e5biler. Med <em>Zoe<\/em> var Renault lenge alene om \u00e5 produsere elektriske biler med lang rekkevidde i den s\u00e5kalte B-klassen. B\u00e5de Renault 5 E-Tech og 4 E-Tech benytter den nye <em>AmpR Small<\/em>-plattformen som Renault og Nissan har utviklet i fellesskap. Dette handler om elektriske biler for folk flest.<\/p>\n<h3 class=\"tebh2\">Et retro-prosjekt?<\/h3>\n<p>\u00c5 sammenligne en helt ny modell med \u00e9n som ble lansert for over 60 \u00e5r siden, gir lite mening. Nye <em>Renault 4 E-Tech<\/em> fremst\u00e5r som et retro-prosjekt hvor man skaper et design som minner om en tidligere popul\u00e6r modell. <em>Fiat 500<\/em> og <em>Mini<\/em> har lykkes ganske godt med \u00e5 videref\u00f8re etablerte modellnavn til nye elektriske biler, mens det for eksempel er vanskelig \u00e5 forst\u00e5 hvorfor Ford valgte \u00e5 kalle sin elektriske SUV for <em>Mustang<\/em>. \u00c5 videref\u00f8re modellnavnet <em>Capri<\/em> til en helt annen biltype virker ogs\u00e5 galt for oss som opplevde Capri som nye biler. N\u00e5r det gjelder Renault 4, er det fortsatt mange som har gode minner om bilene, og som ville gremmet seg over \u00e5 finne modellnavnet brukt p\u00e5 en helt annen type kj\u00f8ret\u00f8y. Det har de ingen grunn til.<\/p>\n<p>&nbsp;<br \/>\n<figure id=\"attachment_76251\" aria-describedby=\"caption-attachment-76251\" style=\"width: 2000px\" class=\"wp-caption aligncenter\"><a href=\"https:\/\/i0.wp.com\/terjebjornstad.com\/no\/wp-content\/uploads\/2024\/10\/Renault-4-E-Tech-electric-1040.jpg?ssl=1\"><img data-recalc-dims=\"1\" loading=\"lazy\" decoding=\"async\" data-attachment-id=\"76251\" data-permalink=\"https:\/\/terjebjornstad.com\/no\/2024\/10\/22\/renault-4-e-tech-forer-arven-videre\/renault-r4-e-tech-techno-bleue-photo\/\" data-orig-file=\"https:\/\/i0.wp.com\/terjebjornstad.com\/no\/wp-content\/uploads\/2024\/10\/Renault-4-E-Tech-electric-1040.jpg?fit=2000%2C1334&amp;ssl=1\" data-orig-size=\"2000,1334\" data-comments-opened=\"1\" data-image-meta=\"{&quot;aperture&quot;:&quot;0&quot;,&quot;credit&quot;:&quot;DPPI&quot;,&quot;camera&quot;:&quot;&quot;,&quot;caption&quot;:&quot;Renault R4 \/ Twingo Legend image bank media Pre-Show, from October 7 to 10th 2024 at Ivey-sur-Seine, France - Photo Cl\\u00e9ment Choulot \/ DPPI&quot;,&quot;created_timestamp&quot;:&quot;0&quot;,&quot;copyright&quot;:&quot;C.Choulot&quot;,&quot;focal_length&quot;:&quot;0&quot;,&quot;iso&quot;:&quot;0&quot;,&quot;shutter_speed&quot;:&quot;0&quot;,&quot;title&quot;:&quot;Renault R4 E-TECH Techno Bleue - Photo&quot;,&quot;orientation&quot;:&quot;0&quot;}\" data-image-title=\"Renault R4 E-TECH Techno Bleue &amp;#8211; Photo\" data-image-description=\"\" data-image-caption=\"&lt;p&gt;Renault R4 at Ivey-sur-Seine, France &amp;#8211; Photo Cl\u00e9ment Choulot \/ DPPI&lt;\/p&gt;\n\" data-large-file=\"https:\/\/i0.wp.com\/terjebjornstad.com\/no\/wp-content\/uploads\/2024\/10\/Renault-4-E-Tech-electric-1040.jpg?fit=980%2C653&amp;ssl=1\" src=\"https:\/\/i0.wp.com\/terjebjornstad.com\/no\/wp-content\/uploads\/2024\/10\/Renault-4-E-Tech-electric-1040.jpg?resize=980%2C654&#038;ssl=1\" alt=\"\" width=\"980\" height=\"654\" class=\"size-full wp-image-76251\" srcset=\"https:\/\/i0.wp.com\/terjebjornstad.com\/no\/wp-content\/uploads\/2024\/10\/Renault-4-E-Tech-electric-1040.jpg?w=2000&amp;ssl=1 2000w, https:\/\/i0.wp.com\/terjebjornstad.com\/no\/wp-content\/uploads\/2024\/10\/Renault-4-E-Tech-electric-1040.jpg?resize=300%2C200&amp;ssl=1 300w, https:\/\/i0.wp.com\/terjebjornstad.com\/no\/wp-content\/uploads\/2024\/10\/Renault-4-E-Tech-electric-1040.jpg?resize=1080%2C720&amp;ssl=1 1080w, https:\/\/i0.wp.com\/terjebjornstad.com\/no\/wp-content\/uploads\/2024\/10\/Renault-4-E-Tech-electric-1040.jpg?resize=768%2C512&amp;ssl=1 768w, https:\/\/i0.wp.com\/terjebjornstad.com\/no\/wp-content\/uploads\/2024\/10\/Renault-4-E-Tech-electric-1040.jpg?resize=1536%2C1025&amp;ssl=1 1536w, https:\/\/i0.wp.com\/terjebjornstad.com\/no\/wp-content\/uploads\/2024\/10\/Renault-4-E-Tech-electric-1040.jpg?resize=690%2C460&amp;ssl=1 690w, https:\/\/i0.wp.com\/terjebjornstad.com\/no\/wp-content\/uploads\/2024\/10\/Renault-4-E-Tech-electric-1040.jpg?resize=980%2C654&amp;ssl=1 980w\" sizes=\"auto, (max-width: 980px) 100vw, 980px\" \/><\/a><figcaption id=\"caption-attachment-76251\" class=\"wp-caption-text\">Renault R4 at Ivey-sur-Seine, France &#8211; Photo Cl\u00e9ment Choulot \/ DPPI<\/figcaption><\/figure><\/p>\n<p><figure id=\"attachment_76217\" aria-describedby=\"caption-attachment-76217\" style=\"width: 2000px\" class=\"wp-caption aligncenter\"><a href=\"https:\/\/i0.wp.com\/terjebjornstad.com\/no\/wp-content\/uploads\/2024\/10\/Renault-4-E-Tech-electric-1.jpg?ssl=1\"><img data-recalc-dims=\"1\" loading=\"lazy\" decoding=\"async\" data-attachment-id=\"76217\" data-permalink=\"https:\/\/terjebjornstad.com\/no\/2024\/10\/22\/renault-4-e-tech-forer-arven-videre\/renault-4-e-tech-electric-3\/\" data-orig-file=\"https:\/\/i0.wp.com\/terjebjornstad.com\/no\/wp-content\/uploads\/2024\/10\/Renault-4-E-Tech-electric-1.jpg?fit=2000%2C1334&amp;ssl=1\" data-orig-size=\"2000,1334\" data-comments-opened=\"1\" data-image-meta=\"{&quot;aperture&quot;:&quot;0&quot;,&quot;credit&quot;:&quot;&quot;,&quot;camera&quot;:&quot;&quot;,&quot;caption&quot;:&quot;&quot;,&quot;created_timestamp&quot;:&quot;0&quot;,&quot;copyright&quot;:&quot;&quot;,&quot;focal_length&quot;:&quot;0&quot;,&quot;iso&quot;:&quot;0&quot;,&quot;shutter_speed&quot;:&quot;0&quot;,&quot;title&quot;:&quot;&quot;,&quot;orientation&quot;:&quot;0&quot;}\" data-image-title=\"Renault 4 E-Tech electric\" data-image-description=\"\" data-image-caption=\"&lt;p&gt;Renault 4 E-Tech bagasjerom (Kilde: Renault)&lt;\/p&gt;\n\" data-large-file=\"https:\/\/i0.wp.com\/terjebjornstad.com\/no\/wp-content\/uploads\/2024\/10\/Renault-4-E-Tech-electric-1.jpg?fit=980%2C653&amp;ssl=1\" src=\"https:\/\/i0.wp.com\/terjebjornstad.com\/no\/wp-content\/uploads\/2024\/10\/Renault-4-E-Tech-electric-1.jpg?resize=980%2C654&#038;ssl=1\" alt=\"\" width=\"980\" height=\"654\" class=\"size-full wp-image-76217\" srcset=\"https:\/\/i0.wp.com\/terjebjornstad.com\/no\/wp-content\/uploads\/2024\/10\/Renault-4-E-Tech-electric-1.jpg?w=2000&amp;ssl=1 2000w, https:\/\/i0.wp.com\/terjebjornstad.com\/no\/wp-content\/uploads\/2024\/10\/Renault-4-E-Tech-electric-1.jpg?resize=300%2C200&amp;ssl=1 300w, https:\/\/i0.wp.com\/terjebjornstad.com\/no\/wp-content\/uploads\/2024\/10\/Renault-4-E-Tech-electric-1.jpg?resize=1080%2C720&amp;ssl=1 1080w, https:\/\/i0.wp.com\/terjebjornstad.com\/no\/wp-content\/uploads\/2024\/10\/Renault-4-E-Tech-electric-1.jpg?resize=768%2C512&amp;ssl=1 768w, https:\/\/i0.wp.com\/terjebjornstad.com\/no\/wp-content\/uploads\/2024\/10\/Renault-4-E-Tech-electric-1.jpg?resize=1536%2C1025&amp;ssl=1 1536w, https:\/\/i0.wp.com\/terjebjornstad.com\/no\/wp-content\/uploads\/2024\/10\/Renault-4-E-Tech-electric-1.jpg?resize=690%2C460&amp;ssl=1 690w, https:\/\/i0.wp.com\/terjebjornstad.com\/no\/wp-content\/uploads\/2024\/10\/Renault-4-E-Tech-electric-1.jpg?resize=980%2C654&amp;ssl=1 980w\" sizes=\"auto, (max-width: 980px) 100vw, 980px\" \/><\/a><figcaption id=\"caption-attachment-76217\" class=\"wp-caption-text\">Renault 4 E-Tech bagasjerom (Kilde: Renault)<\/figcaption><\/figure><\/p>\n<h3 class=\"tebh2\">I samme klasse som Captur<\/h3>\n<p>St\u00f8rrelsesmessig kan Renault 4 E-Tech sammenlignes med <em>Captur<\/em>, en h\u00f8ybygd bil basert p\u00e5 <em>Clio<\/em>. Renault tilbyr alts\u00e5 Clio og Captur som <em>fossil- og hybridbiler<\/em> i B-klassen, samt Renault 5 og 4 som <em>elektriske<\/em> alternativer. Det blir til sammen 4 forskjellige modeller i samme klasse!<\/p>\n<h3 class=\"tebh2\">Kort om Renault 4 E-Tech<\/h3>\n<p>Den st\u00f8rste batteripakken til Renault 4 E-Tech er p\u00e5 52 kWt og kan gi en rekkevidde p\u00e5 400 km med en motor p\u00e5 150 hk. Med 40 kWt batterier blir rekkevidden p\u00e5 300 km med en motor p\u00e5 122 hk. Batteriene er plassert under gulvet. Motoren er frontmontert med forhjulsdrift. Renault ser for seg at m\u00e5lgruppen er unge familier. Den vil v\u00e6re stor nok til d\u00e9t, med f\u00f8lgende m\u00e5l: Lengde 414 cm, bredde 180 cm og h\u00f8yde 157 cm. Bagasjerommet rommer 420 liter og bilen er godkjent for \u00e5 trekke henger p\u00e5 750 kg.<\/p>\n<p>&nbsp;<br \/>\n<figure id=\"attachment_76224\" aria-describedby=\"caption-attachment-76224\" style=\"width: 2000px\" class=\"wp-caption aligncenter\"><a href=\"https:\/\/i0.wp.com\/terjebjornstad.com\/no\/wp-content\/uploads\/2024\/10\/FL4WER-POWER-Concept-1502.jpg?ssl=1\"><img data-recalc-dims=\"1\" loading=\"lazy\" decoding=\"async\" data-attachment-id=\"76224\" data-permalink=\"https:\/\/terjebjornstad.com\/no\/2024\/10\/22\/renault-4-e-tech-forer-arven-videre\/fl4wer-power-concept-1502\/\" data-orig-file=\"https:\/\/i0.wp.com\/terjebjornstad.com\/no\/wp-content\/uploads\/2024\/10\/FL4WER-POWER-Concept-1502.jpg?fit=2000%2C1125&amp;ssl=1\" data-orig-size=\"2000,1125\" data-comments-opened=\"1\" data-image-meta=\"{&quot;aperture&quot;:&quot;0&quot;,&quot;credit&quot;:&quot;&quot;,&quot;camera&quot;:&quot;&quot;,&quot;caption&quot;:&quot;&quot;,&quot;created_timestamp&quot;:&quot;0&quot;,&quot;copyright&quot;:&quot;&quot;,&quot;focal_length&quot;:&quot;0&quot;,&quot;iso&quot;:&quot;0&quot;,&quot;shutter_speed&quot;:&quot;0&quot;,&quot;title&quot;:&quot;&quot;,&quot;orientation&quot;:&quot;0&quot;}\" data-image-title=\"FL4WER-POWER-Concept-1502\" data-image-description=\"\" data-image-caption=\"&lt;p&gt;Renault 4 E-Tech FL4WER POWER Concept (Kilde: Renault)&lt;\/p&gt;\n\" data-large-file=\"https:\/\/i0.wp.com\/terjebjornstad.com\/no\/wp-content\/uploads\/2024\/10\/FL4WER-POWER-Concept-1502.jpg?fit=980%2C552&amp;ssl=1\" src=\"https:\/\/i0.wp.com\/terjebjornstad.com\/no\/wp-content\/uploads\/2024\/10\/FL4WER-POWER-Concept-1502.jpg?resize=980%2C551&#038;ssl=1\" alt=\"\" width=\"980\" height=\"551\" class=\"size-full wp-image-76224\" srcset=\"https:\/\/i0.wp.com\/terjebjornstad.com\/no\/wp-content\/uploads\/2024\/10\/FL4WER-POWER-Concept-1502.jpg?w=2000&amp;ssl=1 2000w, https:\/\/i0.wp.com\/terjebjornstad.com\/no\/wp-content\/uploads\/2024\/10\/FL4WER-POWER-Concept-1502.jpg?resize=300%2C169&amp;ssl=1 300w, https:\/\/i0.wp.com\/terjebjornstad.com\/no\/wp-content\/uploads\/2024\/10\/FL4WER-POWER-Concept-1502.jpg?resize=1080%2C608&amp;ssl=1 1080w, https:\/\/i0.wp.com\/terjebjornstad.com\/no\/wp-content\/uploads\/2024\/10\/FL4WER-POWER-Concept-1502.jpg?resize=768%2C432&amp;ssl=1 768w, https:\/\/i0.wp.com\/terjebjornstad.com\/no\/wp-content\/uploads\/2024\/10\/FL4WER-POWER-Concept-1502.jpg?resize=1536%2C864&amp;ssl=1 1536w, https:\/\/i0.wp.com\/terjebjornstad.com\/no\/wp-content\/uploads\/2024\/10\/FL4WER-POWER-Concept-1502.jpg?resize=690%2C388&amp;ssl=1 690w, https:\/\/i0.wp.com\/terjebjornstad.com\/no\/wp-content\/uploads\/2024\/10\/FL4WER-POWER-Concept-1502.jpg?resize=980%2C551&amp;ssl=1 980w\" sizes=\"auto, (max-width: 980px) 100vw, 980px\" \/><\/a><figcaption id=\"caption-attachment-76224\" class=\"wp-caption-text\">Renault 4 E-Tech FL4WER POWER Concept (Kilde: Renault)<\/figcaption><\/figure><\/p>\n<p><figure id=\"attachment_76223\" aria-describedby=\"caption-attachment-76223\" style=\"width: 2000px\" class=\"wp-caption aligncenter\"><a href=\"https:\/\/i0.wp.com\/terjebjornstad.com\/no\/wp-content\/uploads\/2024\/10\/FL4WER-POWER-Concept-1503.jpg?ssl=1\"><img data-recalc-dims=\"1\" loading=\"lazy\" decoding=\"async\" data-attachment-id=\"76223\" data-permalink=\"https:\/\/terjebjornstad.com\/no\/2024\/10\/22\/renault-4-e-tech-forer-arven-videre\/fl4wer-power-concept-1503\/\" data-orig-file=\"https:\/\/i0.wp.com\/terjebjornstad.com\/no\/wp-content\/uploads\/2024\/10\/FL4WER-POWER-Concept-1503.jpg?fit=2000%2C1125&amp;ssl=1\" data-orig-size=\"2000,1125\" data-comments-opened=\"1\" data-image-meta=\"{&quot;aperture&quot;:&quot;0&quot;,&quot;credit&quot;:&quot;&quot;,&quot;camera&quot;:&quot;&quot;,&quot;caption&quot;:&quot;&quot;,&quot;created_timestamp&quot;:&quot;0&quot;,&quot;copyright&quot;:&quot;&quot;,&quot;focal_length&quot;:&quot;0&quot;,&quot;iso&quot;:&quot;0&quot;,&quot;shutter_speed&quot;:&quot;0&quot;,&quot;title&quot;:&quot;&quot;,&quot;orientation&quot;:&quot;0&quot;}\" data-image-title=\"FL4WER-POWER-Concept-1503\" data-image-description=\"\" data-image-caption=\"&lt;p&gt;Renault 4 E-Tech FL4WER POWER Concept (Kilde: Renault)&lt;\/p&gt;\n\" data-large-file=\"https:\/\/i0.wp.com\/terjebjornstad.com\/no\/wp-content\/uploads\/2024\/10\/FL4WER-POWER-Concept-1503.jpg?fit=980%2C552&amp;ssl=1\" src=\"https:\/\/i0.wp.com\/terjebjornstad.com\/no\/wp-content\/uploads\/2024\/10\/FL4WER-POWER-Concept-1503.jpg?resize=980%2C551&#038;ssl=1\" alt=\"\" width=\"980\" height=\"551\" class=\"size-full wp-image-76223\" srcset=\"https:\/\/i0.wp.com\/terjebjornstad.com\/no\/wp-content\/uploads\/2024\/10\/FL4WER-POWER-Concept-1503.jpg?w=2000&amp;ssl=1 2000w, https:\/\/i0.wp.com\/terjebjornstad.com\/no\/wp-content\/uploads\/2024\/10\/FL4WER-POWER-Concept-1503.jpg?resize=300%2C169&amp;ssl=1 300w, https:\/\/i0.wp.com\/terjebjornstad.com\/no\/wp-content\/uploads\/2024\/10\/FL4WER-POWER-Concept-1503.jpg?resize=1080%2C608&amp;ssl=1 1080w, https:\/\/i0.wp.com\/terjebjornstad.com\/no\/wp-content\/uploads\/2024\/10\/FL4WER-POWER-Concept-1503.jpg?resize=768%2C432&amp;ssl=1 768w, https:\/\/i0.wp.com\/terjebjornstad.com\/no\/wp-content\/uploads\/2024\/10\/FL4WER-POWER-Concept-1503.jpg?resize=1536%2C864&amp;ssl=1 1536w, https:\/\/i0.wp.com\/terjebjornstad.com\/no\/wp-content\/uploads\/2024\/10\/FL4WER-POWER-Concept-1503.jpg?resize=690%2C388&amp;ssl=1 690w, https:\/\/i0.wp.com\/terjebjornstad.com\/no\/wp-content\/uploads\/2024\/10\/FL4WER-POWER-Concept-1503.jpg?resize=980%2C551&amp;ssl=1 980w\" sizes=\"auto, (max-width: 980px) 100vw, 980px\" \/><\/a><figcaption id=\"caption-attachment-76223\" class=\"wp-caption-text\">Renault 4 E-Tech FL4WER POWER Concept (Kilde: Renault)<\/figcaption><\/figure><\/p>\n<p><figure id=\"attachment_76216\" aria-describedby=\"caption-attachment-76216\" style=\"width: 2000px\" class=\"wp-caption aligncenter\"><a href=\"https:\/\/i0.wp.com\/terjebjornstad.com\/no\/wp-content\/uploads\/2024\/10\/FL4WER-POWER-Concept.jpg?ssl=1\"><img data-recalc-dims=\"1\" loading=\"lazy\" decoding=\"async\" data-attachment-id=\"76216\" data-permalink=\"https:\/\/terjebjornstad.com\/no\/2024\/10\/22\/renault-4-e-tech-forer-arven-videre\/fl4wer-power-concept\/\" data-orig-file=\"https:\/\/i0.wp.com\/terjebjornstad.com\/no\/wp-content\/uploads\/2024\/10\/FL4WER-POWER-Concept.jpg?fit=2000%2C1125&amp;ssl=1\" data-orig-size=\"2000,1125\" data-comments-opened=\"1\" data-image-meta=\"{&quot;aperture&quot;:&quot;0&quot;,&quot;credit&quot;:&quot;&quot;,&quot;camera&quot;:&quot;&quot;,&quot;caption&quot;:&quot;&quot;,&quot;created_timestamp&quot;:&quot;0&quot;,&quot;copyright&quot;:&quot;&quot;,&quot;focal_length&quot;:&quot;0&quot;,&quot;iso&quot;:&quot;0&quot;,&quot;shutter_speed&quot;:&quot;0&quot;,&quot;title&quot;:&quot;&quot;,&quot;orientation&quot;:&quot;0&quot;}\" data-image-title=\"FL4WER POWER Concept\" data-image-description=\"\" data-image-caption=\"&lt;p&gt;Renault 4 E-Tech FL4WER POWER Concept (Kilde: Renault)&lt;\/p&gt;\n\" data-large-file=\"https:\/\/i0.wp.com\/terjebjornstad.com\/no\/wp-content\/uploads\/2024\/10\/FL4WER-POWER-Concept.jpg?fit=980%2C552&amp;ssl=1\" src=\"https:\/\/i0.wp.com\/terjebjornstad.com\/no\/wp-content\/uploads\/2024\/10\/FL4WER-POWER-Concept.jpg?resize=980%2C551&#038;ssl=1\" alt=\"\" width=\"980\" height=\"551\" class=\"size-full wp-image-76216\" srcset=\"https:\/\/i0.wp.com\/terjebjornstad.com\/no\/wp-content\/uploads\/2024\/10\/FL4WER-POWER-Concept.jpg?w=2000&amp;ssl=1 2000w, https:\/\/i0.wp.com\/terjebjornstad.com\/no\/wp-content\/uploads\/2024\/10\/FL4WER-POWER-Concept.jpg?resize=300%2C169&amp;ssl=1 300w, https:\/\/i0.wp.com\/terjebjornstad.com\/no\/wp-content\/uploads\/2024\/10\/FL4WER-POWER-Concept.jpg?resize=1080%2C608&amp;ssl=1 1080w, https:\/\/i0.wp.com\/terjebjornstad.com\/no\/wp-content\/uploads\/2024\/10\/FL4WER-POWER-Concept.jpg?resize=768%2C432&amp;ssl=1 768w, https:\/\/i0.wp.com\/terjebjornstad.com\/no\/wp-content\/uploads\/2024\/10\/FL4WER-POWER-Concept.jpg?resize=1536%2C864&amp;ssl=1 1536w, https:\/\/i0.wp.com\/terjebjornstad.com\/no\/wp-content\/uploads\/2024\/10\/FL4WER-POWER-Concept.jpg?resize=690%2C388&amp;ssl=1 690w, https:\/\/i0.wp.com\/terjebjornstad.com\/no\/wp-content\/uploads\/2024\/10\/FL4WER-POWER-Concept.jpg?resize=980%2C551&amp;ssl=1 980w\" sizes=\"auto, (max-width: 980px) 100vw, 980px\" \/><\/a><figcaption id=\"caption-attachment-76216\" class=\"wp-caption-text\">Renault 4 E-Tech FL4WER POWER Concept (Kilde: Renault)<\/figcaption><\/figure><br \/>\n&nbsp;<\/p>\n<h3 class=\"tebh2\">Dekor som skaper assosiasjoner<\/h3>\n<p>Det finnes flere designmessige likhetstrekk mellom den nye og den gamle Renault 4. Mange av effektene er skapt som rene dekor-elementer. De bringer assosiasjoner til den opprinnelige modellen, men det b\u00f8r vel ogs\u00e5 tilf\u00f8yes at <em>den<\/em> hadde ingen dekor &#8211; intet j\u00e5leri. Alt hadde en funksjon.<br \/>\n&nbsp;<br \/>\nGrillen som kom i 1975 er n\u00e5 dekorativt markert med LED-lys. En liten spesiell sak er et skr\u00e5stilt ikon i bakkant av hver forskjerm, ved ladeluken. Det illustrerer en synlig karosseri-skj\u00f8t de gamle bilene hadde som fulgte torpedoveggen i samme vinkel som frontruten. For \u00f8vrig illustrerer ribbene i metallet nede p\u00e5 sided\u00f8rene de kraftige sidebeskyttelsene som GTL-modellen hadde. Avslutningen av bakd\u00f8ren er ogs\u00e5 utf\u00f8rt i samme \u00e5nd som originalen. Ogs\u00e5 det bakerste, trapes-formede sidevinduet er et sv\u00e6rt viktig design-element. <\/p>\n<p>&nbsp;<br \/>\n<figure id=\"attachment_59483\" aria-describedby=\"caption-attachment-59483\" style=\"width: 1920px\" class=\"wp-caption aligncenter\"><a href=\"https:\/\/i0.wp.com\/terjebjornstad.com\/no\/wp-content\/uploads\/2023\/05\/Attachment-1-2.jpeg?ssl=1\"><img data-recalc-dims=\"1\" loading=\"lazy\" decoding=\"async\" data-attachment-id=\"59483\" data-permalink=\"https:\/\/terjebjornstad.com\/no\/2024\/10\/22\/renault-4-e-tech-forer-arven-videre\/attachment-1-2\/\" data-orig-file=\"https:\/\/i0.wp.com\/terjebjornstad.com\/no\/wp-content\/uploads\/2023\/05\/Attachment-1-2.jpeg?fit=1920%2C1280&amp;ssl=1\" data-orig-size=\"1920,1280\" data-comments-opened=\"1\" data-image-meta=\"{&quot;aperture&quot;:&quot;0&quot;,&quot;credit&quot;:&quot;&quot;,&quot;camera&quot;:&quot;&quot;,&quot;caption&quot;:&quot;&quot;,&quot;created_timestamp&quot;:&quot;0&quot;,&quot;copyright&quot;:&quot;&quot;,&quot;focal_length&quot;:&quot;0&quot;,&quot;iso&quot;:&quot;0&quot;,&quot;shutter_speed&quot;:&quot;0&quot;,&quot;title&quot;:&quot;&quot;,&quot;orientation&quot;:&quot;0&quot;}\" data-image-title=\"renault-4-sixties-rva66\" data-image-description=\"\" data-image-caption=\"&lt;p&gt;Renault 4 Sixties&lt;\/p&gt;\n\" data-large-file=\"https:\/\/i0.wp.com\/terjebjornstad.com\/no\/wp-content\/uploads\/2023\/05\/Attachment-1-2.jpeg?fit=980%2C653&amp;ssl=1\" src=\"https:\/\/i0.wp.com\/terjebjornstad.com\/no\/wp-content\/uploads\/2023\/05\/Attachment-1-2.jpeg?resize=980%2C653&#038;ssl=1\" alt=\"\" width=\"980\" height=\"653\" class=\"size-full wp-image-59483\" srcset=\"https:\/\/i0.wp.com\/terjebjornstad.com\/no\/wp-content\/uploads\/2023\/05\/Attachment-1-2.jpeg?w=1920&amp;ssl=1 1920w, https:\/\/i0.wp.com\/terjebjornstad.com\/no\/wp-content\/uploads\/2023\/05\/Attachment-1-2.jpeg?resize=300%2C200&amp;ssl=1 300w, https:\/\/i0.wp.com\/terjebjornstad.com\/no\/wp-content\/uploads\/2023\/05\/Attachment-1-2.jpeg?resize=1080%2C720&amp;ssl=1 1080w, https:\/\/i0.wp.com\/terjebjornstad.com\/no\/wp-content\/uploads\/2023\/05\/Attachment-1-2.jpeg?resize=768%2C512&amp;ssl=1 768w, https:\/\/i0.wp.com\/terjebjornstad.com\/no\/wp-content\/uploads\/2023\/05\/Attachment-1-2.jpeg?resize=1536%2C1024&amp;ssl=1 1536w, https:\/\/i0.wp.com\/terjebjornstad.com\/no\/wp-content\/uploads\/2023\/05\/Attachment-1-2.jpeg?resize=690%2C460&amp;ssl=1 690w, https:\/\/i0.wp.com\/terjebjornstad.com\/no\/wp-content\/uploads\/2023\/05\/Attachment-1-2.jpeg?resize=980%2C653&amp;ssl=1 980w\" sizes=\"auto, (max-width: 980px) 100vw, 980px\" \/><\/a><figcaption id=\"caption-attachment-59483\" class=\"wp-caption-text\">Renault 4 Sixties<\/figcaption><\/figure><\/p>\n<p><figure id=\"attachment_59512\" aria-describedby=\"caption-attachment-59512\" style=\"width: 1920px\" class=\"wp-caption aligncenter\"><a href=\"https:\/\/i0.wp.com\/terjebjornstad.com\/no\/wp-content\/uploads\/2023\/05\/renault-4-sixties-logo.jpeg?ssl=1\"><img data-recalc-dims=\"1\" loading=\"lazy\" decoding=\"async\" data-attachment-id=\"59512\" data-permalink=\"https:\/\/terjebjornstad.com\/no\/2024\/10\/22\/renault-4-e-tech-forer-arven-videre\/renault-4-sixties-logo\/\" data-orig-file=\"https:\/\/i0.wp.com\/terjebjornstad.com\/no\/wp-content\/uploads\/2023\/05\/renault-4-sixties-logo.jpeg?fit=1920%2C1281&amp;ssl=1\" data-orig-size=\"1920,1281\" data-comments-opened=\"1\" data-image-meta=\"{&quot;aperture&quot;:&quot;0&quot;,&quot;credit&quot;:&quot;&quot;,&quot;camera&quot;:&quot;&quot;,&quot;caption&quot;:&quot;&quot;,&quot;created_timestamp&quot;:&quot;0&quot;,&quot;copyright&quot;:&quot;&quot;,&quot;focal_length&quot;:&quot;0&quot;,&quot;iso&quot;:&quot;0&quot;,&quot;shutter_speed&quot;:&quot;0&quot;,&quot;title&quot;:&quot;&quot;,&quot;orientation&quot;:&quot;0&quot;}\" data-image-title=\"renault-4-sixties-logo\" data-image-description=\"\" data-image-caption=\"&lt;p&gt;Renault bragte 60-talls nostalgi inn i en ungdommelig utgave av R4&lt;\/p&gt;\n\" data-large-file=\"https:\/\/i0.wp.com\/terjebjornstad.com\/no\/wp-content\/uploads\/2023\/05\/renault-4-sixties-logo.jpeg?fit=980%2C654&amp;ssl=1\" src=\"https:\/\/i0.wp.com\/terjebjornstad.com\/no\/wp-content\/uploads\/2023\/05\/renault-4-sixties-logo.jpeg?resize=980%2C654&#038;ssl=1\" alt=\"\" width=\"980\" height=\"654\" class=\"size-full wp-image-59512\" srcset=\"https:\/\/i0.wp.com\/terjebjornstad.com\/no\/wp-content\/uploads\/2023\/05\/renault-4-sixties-logo.jpeg?w=1920&amp;ssl=1 1920w, https:\/\/i0.wp.com\/terjebjornstad.com\/no\/wp-content\/uploads\/2023\/05\/renault-4-sixties-logo.jpeg?resize=300%2C200&amp;ssl=1 300w, https:\/\/i0.wp.com\/terjebjornstad.com\/no\/wp-content\/uploads\/2023\/05\/renault-4-sixties-logo.jpeg?resize=1080%2C721&amp;ssl=1 1080w, https:\/\/i0.wp.com\/terjebjornstad.com\/no\/wp-content\/uploads\/2023\/05\/renault-4-sixties-logo.jpeg?resize=768%2C512&amp;ssl=1 768w, https:\/\/i0.wp.com\/terjebjornstad.com\/no\/wp-content\/uploads\/2023\/05\/renault-4-sixties-logo.jpeg?resize=1536%2C1025&amp;ssl=1 1536w, https:\/\/i0.wp.com\/terjebjornstad.com\/no\/wp-content\/uploads\/2023\/05\/renault-4-sixties-logo.jpeg?resize=690%2C460&amp;ssl=1 690w, https:\/\/i0.wp.com\/terjebjornstad.com\/no\/wp-content\/uploads\/2023\/05\/renault-4-sixties-logo.jpeg?resize=980%2C654&amp;ssl=1 980w\" sizes=\"auto, (max-width: 980px) 100vw, 980px\" \/><\/a><figcaption id=\"caption-attachment-59512\" class=\"wp-caption-text\">Renault bragte 60-talls nostalgi inn i en ungdommelig utgave av R4<\/figcaption><\/figure><\/p>\n<p><figure id=\"attachment_59513\" aria-describedby=\"caption-attachment-59513\" style=\"width: 1920px\" class=\"wp-caption aligncenter\"><a href=\"https:\/\/i0.wp.com\/terjebjornstad.com\/no\/wp-content\/uploads\/2023\/05\/renault-4-sixties-arriere.jpeg?ssl=1\"><img data-recalc-dims=\"1\" loading=\"lazy\" decoding=\"async\" data-attachment-id=\"59513\" data-permalink=\"https:\/\/terjebjornstad.com\/no\/2024\/10\/22\/renault-4-e-tech-forer-arven-videre\/renault-4-sixties-arriere\/\" data-orig-file=\"https:\/\/i0.wp.com\/terjebjornstad.com\/no\/wp-content\/uploads\/2023\/05\/renault-4-sixties-arriere.jpeg?fit=1920%2C1921&amp;ssl=1\" data-orig-size=\"1920,1921\" data-comments-opened=\"1\" data-image-meta=\"{&quot;aperture&quot;:&quot;0&quot;,&quot;credit&quot;:&quot;&quot;,&quot;camera&quot;:&quot;&quot;,&quot;caption&quot;:&quot;&quot;,&quot;created_timestamp&quot;:&quot;0&quot;,&quot;copyright&quot;:&quot;&quot;,&quot;focal_length&quot;:&quot;0&quot;,&quot;iso&quot;:&quot;0&quot;,&quot;shutter_speed&quot;:&quot;0&quot;,&quot;title&quot;:&quot;&quot;,&quot;orientation&quot;:&quot;0&quot;}\" data-image-title=\"renault-4-sixties-arriere\" data-image-description=\"\" data-image-caption=\"&lt;p&gt;Renault fra 80-\u00e5rene med to soltak&lt;\/p&gt;\n\" data-large-file=\"https:\/\/i0.wp.com\/terjebjornstad.com\/no\/wp-content\/uploads\/2023\/05\/renault-4-sixties-arriere.jpeg?fit=980%2C980&amp;ssl=1\" src=\"https:\/\/i0.wp.com\/terjebjornstad.com\/no\/wp-content\/uploads\/2023\/05\/renault-4-sixties-arriere.jpeg?resize=980%2C981&#038;ssl=1\" alt=\"\" width=\"980\" height=\"981\" class=\"size-full wp-image-59513\" srcset=\"https:\/\/i0.wp.com\/terjebjornstad.com\/no\/wp-content\/uploads\/2023\/05\/renault-4-sixties-arriere.jpeg?w=1920&amp;ssl=1 1920w, https:\/\/i0.wp.com\/terjebjornstad.com\/no\/wp-content\/uploads\/2023\/05\/renault-4-sixties-arriere.jpeg?resize=300%2C300&amp;ssl=1 300w, https:\/\/i0.wp.com\/terjebjornstad.com\/no\/wp-content\/uploads\/2023\/05\/renault-4-sixties-arriere.jpeg?resize=1080%2C1080&amp;ssl=1 1080w, https:\/\/i0.wp.com\/terjebjornstad.com\/no\/wp-content\/uploads\/2023\/05\/renault-4-sixties-arriere.jpeg?resize=150%2C150&amp;ssl=1 150w, https:\/\/i0.wp.com\/terjebjornstad.com\/no\/wp-content\/uploads\/2023\/05\/renault-4-sixties-arriere.jpeg?resize=768%2C768&amp;ssl=1 768w, https:\/\/i0.wp.com\/terjebjornstad.com\/no\/wp-content\/uploads\/2023\/05\/renault-4-sixties-arriere.jpeg?resize=1536%2C1536&amp;ssl=1 1536w, https:\/\/i0.wp.com\/terjebjornstad.com\/no\/wp-content\/uploads\/2023\/05\/renault-4-sixties-arriere.jpeg?resize=690%2C690&amp;ssl=1 690w, https:\/\/i0.wp.com\/terjebjornstad.com\/no\/wp-content\/uploads\/2023\/05\/renault-4-sixties-arriere.jpeg?resize=980%2C981&amp;ssl=1 980w, https:\/\/i0.wp.com\/terjebjornstad.com\/no\/wp-content\/uploads\/2023\/05\/renault-4-sixties-arriere.jpeg?resize=50%2C50&amp;ssl=1 50w\" sizes=\"auto, (max-width: 980px) 100vw, 980px\" \/><\/a><figcaption id=\"caption-attachment-59513\" class=\"wp-caption-text\">Renault fra 80-\u00e5rene med to soltak<\/figcaption><\/figure><br \/>\n&nbsp;<\/p>\n<p>De originale bilene hadde en egenvekt p\u00e5 litt over 700 kg, omtrent halvparten av en ny bil med stor batteripakke. Motorene var p\u00e5 845 cm3 og med 34 hk akselererte de kvikt opp til 50 km\/t og kunne n\u00e5 en toppfart p\u00e5 110-115 km\/t under gunstige forhold. Lengden var en halv meter kortere og bredden 30 cm smalere enn den nye modellen. H\u00f8yden, derimot, er den samme. St\u00f8rrelsesforholdene mellom gammel og ny modell kommer neppe til \u00e5 bli oppfattet som noe problem, ettersom alle nye biler n\u00e5 er st\u00f8rre enn de var p\u00e5 60- og 70-tallet. Den gode innvendige h\u00f8yden i de gamle bilene ga god romf\u00f8lelse. Bagasjerommet virket ogs\u00e5 rommelig siden hjuloppheng og fj\u00e6ring l\u00e5 skjult under bilen. Men opprinnelig var Renault 4 bare registrert for 4 personer. <\/p>\n<p>&nbsp;<br \/>\n<figure id=\"attachment_21608\" aria-describedby=\"caption-attachment-21608\" style=\"width: 96px\" class=\"wp-caption alignleft\"><a href=\"https:\/\/i0.wp.com\/terjebjornstad.com\/no\/wp-content\/uploads\/2019\/02\/terjesbiler-the-gbu.png?ssl=1\"><img data-recalc-dims=\"1\" loading=\"lazy\" decoding=\"async\" data-attachment-id=\"21608\" data-permalink=\"https:\/\/terjebjornstad.com\/no\/2019\/02\/08\/enkel-motorisering-til-unnsetning\/terjesbiler-the-gbu\/\" data-orig-file=\"https:\/\/i0.wp.com\/terjebjornstad.com\/no\/wp-content\/uploads\/2019\/02\/terjesbiler-the-gbu.png?fit=96%2C96&amp;ssl=1\" data-orig-size=\"96,96\" data-comments-opened=\"1\" data-image-meta=\"{&quot;aperture&quot;:&quot;0&quot;,&quot;credit&quot;:&quot;&quot;,&quot;camera&quot;:&quot;&quot;,&quot;caption&quot;:&quot;&quot;,&quot;created_timestamp&quot;:&quot;0&quot;,&quot;copyright&quot;:&quot;&quot;,&quot;focal_length&quot;:&quot;0&quot;,&quot;iso&quot;:&quot;0&quot;,&quot;shutter_speed&quot;:&quot;0&quot;,&quot;title&quot;:&quot;&quot;,&quot;orientation&quot;:&quot;0&quot;}\" data-image-title=\"terjesbiler-the-gbu\" data-image-description=\"\" data-image-caption=\"&lt;p&gt;&amp;nbsp;&lt;\/p&gt;\n\" data-large-file=\"https:\/\/i0.wp.com\/terjebjornstad.com\/no\/wp-content\/uploads\/2019\/02\/terjesbiler-the-gbu.png?fit=96%2C96&amp;ssl=1\" src=\"https:\/\/i0.wp.com\/terjebjornstad.com\/no\/wp-content\/uploads\/2019\/02\/terjesbiler-the-gbu.png?resize=96%2C96&#038;ssl=1\" alt=\"terjes biler\" width=\"96\" height=\"96\" class=\"size-full wp-image-21608\" srcset=\"https:\/\/i0.wp.com\/terjebjornstad.com\/no\/wp-content\/uploads\/2019\/02\/terjesbiler-the-gbu.png?w=96&amp;ssl=1 96w, https:\/\/i0.wp.com\/terjebjornstad.com\/no\/wp-content\/uploads\/2019\/02\/terjesbiler-the-gbu.png?resize=50%2C50&amp;ssl=1 50w\" sizes=\"auto, (max-width: 96px) 100vw, 96px\" \/><\/a><figcaption id=\"caption-attachment-21608\" class=\"wp-caption-text\">&nbsp;<\/figcaption><\/figure>Jeg har tidligere eid en 1977 Renault 4TL. Den var fire og et halvt \u00e5r da jeg kj\u00f8pte den som et rep-objekt fordi den var kj\u00f8rt tom for olje. Motoren kunne ikke reddes, s\u00e5 jeg satte inn en nyoverhalt byttemotor, skiftet slitedeler og fikk lagt p\u00e5 ny lakk. Og s\u00e5 gjorde jeg den tabben mange tidligere Renault 4-eiere gjorde, \u2013 jeg solgte den.<\/p>\n<p>&nbsp;<br \/>\n<figure id=\"attachment_75212\" aria-describedby=\"caption-attachment-75212\" style=\"width: 2236px\" class=\"wp-caption aligncenter\"><a href=\"https:\/\/i0.wp.com\/terjebjornstad.com\/no\/wp-content\/uploads\/2024\/09\/renault-4-gtl-clan-1955-1920x1920-1.jpg?ssl=1\"><img data-recalc-dims=\"1\" loading=\"lazy\" decoding=\"async\" data-attachment-id=\"75212\" data-permalink=\"https:\/\/terjebjornstad.com\/no\/1981-renault-4\/renault-4-gtl-clan-1955-1920x1920\/\" data-orig-file=\"https:\/\/i0.wp.com\/terjebjornstad.com\/no\/wp-content\/uploads\/2024\/09\/renault-4-gtl-clan-1955-1920x1920-1.jpg?fit=2236%2C2528&amp;ssl=1\" data-orig-size=\"2236,2528\" data-comments-opened=\"1\" data-image-meta=\"{&quot;aperture&quot;:&quot;1.6&quot;,&quot;credit&quot;:&quot;&quot;,&quot;camera&quot;:&quot;iPhone 12 Pro Max&quot;,&quot;caption&quot;:&quot;&quot;,&quot;created_timestamp&quot;:&quot;1726066348&quot;,&quot;copyright&quot;:&quot;&quot;,&quot;focal_length&quot;:&quot;5.1&quot;,&quot;iso&quot;:&quot;32&quot;,&quot;shutter_speed&quot;:&quot;0.0019723865877712&quot;,&quot;title&quot;:&quot;&quot;,&quot;orientation&quot;:&quot;1&quot;}\" data-image-title=\"renault-4-gtl-clan-1955-1920&amp;#215;1920\" data-image-description=\"\" data-image-caption=\"&lt;p&gt;Renault 4 GTL Clan&lt;\/p&gt;\n\" data-large-file=\"https:\/\/i0.wp.com\/terjebjornstad.com\/no\/wp-content\/uploads\/2024\/09\/renault-4-gtl-clan-1955-1920x1920-1.jpg?fit=955%2C1080&amp;ssl=1\" src=\"https:\/\/i0.wp.com\/terjebjornstad.com\/no\/wp-content\/uploads\/2024\/09\/renault-4-gtl-clan-1955-1920x1920-1.jpg?resize=980%2C1108&#038;ssl=1\" alt=\"\" width=\"980\" height=\"1108\" class=\"size-full wp-image-75212\" srcset=\"https:\/\/i0.wp.com\/terjebjornstad.com\/no\/wp-content\/uploads\/2024\/09\/renault-4-gtl-clan-1955-1920x1920-1.jpg?w=2236&amp;ssl=1 2236w, https:\/\/i0.wp.com\/terjebjornstad.com\/no\/wp-content\/uploads\/2024\/09\/renault-4-gtl-clan-1955-1920x1920-1.jpg?resize=265%2C300&amp;ssl=1 265w, https:\/\/i0.wp.com\/terjebjornstad.com\/no\/wp-content\/uploads\/2024\/09\/renault-4-gtl-clan-1955-1920x1920-1.jpg?resize=955%2C1080&amp;ssl=1 955w, https:\/\/i0.wp.com\/terjebjornstad.com\/no\/wp-content\/uploads\/2024\/09\/renault-4-gtl-clan-1955-1920x1920-1.jpg?resize=768%2C868&amp;ssl=1 768w, https:\/\/i0.wp.com\/terjebjornstad.com\/no\/wp-content\/uploads\/2024\/09\/renault-4-gtl-clan-1955-1920x1920-1.jpg?resize=1359%2C1536&amp;ssl=1 1359w, https:\/\/i0.wp.com\/terjebjornstad.com\/no\/wp-content\/uploads\/2024\/09\/renault-4-gtl-clan-1955-1920x1920-1.jpg?resize=1811%2C2048&amp;ssl=1 1811w, https:\/\/i0.wp.com\/terjebjornstad.com\/no\/wp-content\/uploads\/2024\/09\/renault-4-gtl-clan-1955-1920x1920-1.jpg?resize=690%2C780&amp;ssl=1 690w, https:\/\/i0.wp.com\/terjebjornstad.com\/no\/wp-content\/uploads\/2024\/09\/renault-4-gtl-clan-1955-1920x1920-1.jpg?resize=980%2C1108&amp;ssl=1 980w, https:\/\/i0.wp.com\/terjebjornstad.com\/no\/wp-content\/uploads\/2024\/09\/renault-4-gtl-clan-1955-1920x1920-1.jpg?w=1960&amp;ssl=1 1960w\" sizes=\"auto, (max-width: 980px) 100vw, 980px\" \/><\/a><figcaption id=\"caption-attachment-75212\" class=\"wp-caption-text\">Renault 4 GTL Clan<\/figcaption><\/figure><\/p>\n<p><figure id=\"attachment_75211\" aria-describedby=\"caption-attachment-75211\" style=\"width: 1920px\" class=\"wp-caption aligncenter\"><a href=\"https:\/\/i0.wp.com\/terjebjornstad.com\/no\/wp-content\/uploads\/2024\/09\/renault-4-gtl-clan-1920x1920-1.jpg?ssl=1\"><img data-recalc-dims=\"1\" loading=\"lazy\" decoding=\"async\" data-attachment-id=\"75211\" data-permalink=\"https:\/\/terjebjornstad.com\/no\/1981-renault-4\/renault-4-gtl-clan-1920x1920\/\" data-orig-file=\"https:\/\/i0.wp.com\/terjebjornstad.com\/no\/wp-content\/uploads\/2024\/09\/renault-4-gtl-clan-1920x1920-1.jpg?fit=1920%2C1920&amp;ssl=1\" data-orig-size=\"1920,1920\" data-comments-opened=\"1\" data-image-meta=\"{&quot;aperture&quot;:&quot;0&quot;,&quot;credit&quot;:&quot;&quot;,&quot;camera&quot;:&quot;&quot;,&quot;caption&quot;:&quot;&quot;,&quot;created_timestamp&quot;:&quot;0&quot;,&quot;copyright&quot;:&quot;&quot;,&quot;focal_length&quot;:&quot;0&quot;,&quot;iso&quot;:&quot;0&quot;,&quot;shutter_speed&quot;:&quot;0&quot;,&quot;title&quot;:&quot;&quot;,&quot;orientation&quot;:&quot;0&quot;}\" data-image-title=\"renault-4-gtl-clan-1920&amp;#215;1920\" data-image-description=\"\" data-image-caption=\"&lt;p&gt;Renault 4 GTL Clan&lt;\/p&gt;\n\" data-large-file=\"https:\/\/i0.wp.com\/terjebjornstad.com\/no\/wp-content\/uploads\/2024\/09\/renault-4-gtl-clan-1920x1920-1.jpg?fit=980%2C980&amp;ssl=1\" src=\"https:\/\/i0.wp.com\/terjebjornstad.com\/no\/wp-content\/uploads\/2024\/09\/renault-4-gtl-clan-1920x1920-1.jpg?resize=980%2C980&#038;ssl=1\" alt=\"\" width=\"980\" height=\"980\" class=\"size-full wp-image-75211\" srcset=\"https:\/\/i0.wp.com\/terjebjornstad.com\/no\/wp-content\/uploads\/2024\/09\/renault-4-gtl-clan-1920x1920-1.jpg?w=1920&amp;ssl=1 1920w, https:\/\/i0.wp.com\/terjebjornstad.com\/no\/wp-content\/uploads\/2024\/09\/renault-4-gtl-clan-1920x1920-1.jpg?resize=300%2C300&amp;ssl=1 300w, https:\/\/i0.wp.com\/terjebjornstad.com\/no\/wp-content\/uploads\/2024\/09\/renault-4-gtl-clan-1920x1920-1.jpg?resize=1080%2C1080&amp;ssl=1 1080w, https:\/\/i0.wp.com\/terjebjornstad.com\/no\/wp-content\/uploads\/2024\/09\/renault-4-gtl-clan-1920x1920-1.jpg?resize=150%2C150&amp;ssl=1 150w, https:\/\/i0.wp.com\/terjebjornstad.com\/no\/wp-content\/uploads\/2024\/09\/renault-4-gtl-clan-1920x1920-1.jpg?resize=768%2C768&amp;ssl=1 768w, https:\/\/i0.wp.com\/terjebjornstad.com\/no\/wp-content\/uploads\/2024\/09\/renault-4-gtl-clan-1920x1920-1.jpg?resize=1536%2C1536&amp;ssl=1 1536w, https:\/\/i0.wp.com\/terjebjornstad.com\/no\/wp-content\/uploads\/2024\/09\/renault-4-gtl-clan-1920x1920-1.jpg?resize=690%2C690&amp;ssl=1 690w, https:\/\/i0.wp.com\/terjebjornstad.com\/no\/wp-content\/uploads\/2024\/09\/renault-4-gtl-clan-1920x1920-1.jpg?resize=980%2C980&amp;ssl=1 980w, https:\/\/i0.wp.com\/terjebjornstad.com\/no\/wp-content\/uploads\/2024\/09\/renault-4-gtl-clan-1920x1920-1.jpg?resize=50%2C50&amp;ssl=1 50w\" sizes=\"auto, (max-width: 980px) 100vw, 980px\" \/><\/a><figcaption id=\"caption-attachment-75211\" class=\"wp-caption-text\">Renault 4 GTL Clan<\/figcaption><\/figure><\/p>\n<p><figure id=\"attachment_54242\" aria-describedby=\"caption-attachment-54242\" style=\"width: 1280px\" class=\"wp-caption aligncenter\"><a href=\"https:\/\/i0.wp.com\/terjebjornstad.com\/no\/wp-content\/uploads\/2022\/11\/renault-4-80s-0145-1280x1280-1.jpg?ssl=1\"><img data-recalc-dims=\"1\" loading=\"lazy\" decoding=\"async\" data-attachment-id=\"54242\" data-permalink=\"https:\/\/terjebjornstad.com\/no\/2024\/10\/22\/renault-4-e-tech-forer-arven-videre\/renault-4-80s-0145-1280x1280\/\" data-orig-file=\"https:\/\/i0.wp.com\/terjebjornstad.com\/no\/wp-content\/uploads\/2022\/11\/renault-4-80s-0145-1280x1280-1.jpg?fit=1280%2C1280&amp;ssl=1\" data-orig-size=\"1280,1280\" data-comments-opened=\"1\" data-image-meta=\"{&quot;aperture&quot;:&quot;0&quot;,&quot;credit&quot;:&quot;&quot;,&quot;camera&quot;:&quot;&quot;,&quot;caption&quot;:&quot;&quot;,&quot;created_timestamp&quot;:&quot;0&quot;,&quot;copyright&quot;:&quot;&quot;,&quot;focal_length&quot;:&quot;0&quot;,&quot;iso&quot;:&quot;0&quot;,&quot;shutter_speed&quot;:&quot;0&quot;,&quot;title&quot;:&quot;&quot;,&quot;orientation&quot;:&quot;0&quot;}\" data-image-title=\"renault-4-80s-0145-1280&amp;#215;1280\" data-image-description=\"\" data-image-caption=\"&lt;p&gt;Renault 4 GTL&lt;\/p&gt;\n\" data-large-file=\"https:\/\/i0.wp.com\/terjebjornstad.com\/no\/wp-content\/uploads\/2022\/11\/renault-4-80s-0145-1280x1280-1.jpg?fit=980%2C980&amp;ssl=1\" src=\"https:\/\/i0.wp.com\/terjebjornstad.com\/no\/wp-content\/uploads\/2022\/11\/renault-4-80s-0145-1280x1280-1.jpg?resize=980%2C980&#038;ssl=1\" alt=\"\" width=\"980\" height=\"980\" class=\"size-full wp-image-54242\" srcset=\"https:\/\/i0.wp.com\/terjebjornstad.com\/no\/wp-content\/uploads\/2022\/11\/renault-4-80s-0145-1280x1280-1.jpg?w=1280&amp;ssl=1 1280w, https:\/\/i0.wp.com\/terjebjornstad.com\/no\/wp-content\/uploads\/2022\/11\/renault-4-80s-0145-1280x1280-1.jpg?resize=300%2C300&amp;ssl=1 300w, https:\/\/i0.wp.com\/terjebjornstad.com\/no\/wp-content\/uploads\/2022\/11\/renault-4-80s-0145-1280x1280-1.jpg?resize=1080%2C1080&amp;ssl=1 1080w, https:\/\/i0.wp.com\/terjebjornstad.com\/no\/wp-content\/uploads\/2022\/11\/renault-4-80s-0145-1280x1280-1.jpg?resize=150%2C150&amp;ssl=1 150w, https:\/\/i0.wp.com\/terjebjornstad.com\/no\/wp-content\/uploads\/2022\/11\/renault-4-80s-0145-1280x1280-1.jpg?resize=768%2C768&amp;ssl=1 768w, https:\/\/i0.wp.com\/terjebjornstad.com\/no\/wp-content\/uploads\/2022\/11\/renault-4-80s-0145-1280x1280-1.jpg?resize=690%2C690&amp;ssl=1 690w, https:\/\/i0.wp.com\/terjebjornstad.com\/no\/wp-content\/uploads\/2022\/11\/renault-4-80s-0145-1280x1280-1.jpg?resize=980%2C980&amp;ssl=1 980w, https:\/\/i0.wp.com\/terjebjornstad.com\/no\/wp-content\/uploads\/2022\/11\/renault-4-80s-0145-1280x1280-1.jpg?resize=50%2C50&amp;ssl=1 50w\" sizes=\"auto, (max-width: 980px) 100vw, 980px\" \/><\/a><figcaption id=\"caption-attachment-54242\" class=\"wp-caption-text\">Renault 4 GTL<\/figcaption><\/figure><\/p>\n<p>&nbsp;<\/p>\n<h3 class=\"tebh2\">Den ubestemmelige faktoren<\/h3>\n<p>En faktor som gjorde Renault 4 spesiell, var at den hadde noe ved seg &#8211; en ubestemmelig faktor av sjarm eller personlighet. Den fikk meg til \u00e5 f\u00f8le gjensynsglede hver gang jeg n\u00e6rmet meg bilen. Som \u00e5 m\u00f8te et kj\u00e6ledyr. Innvendig var det alltid god stemning, spesielt n\u00e5r vi var flere. Med en Renault 4 kunne man erfare at kj\u00f8reglede handler om mye mer enn hestekrefter og fart. Man beh\u00f8ver ikke \u00e5 v\u00e6re s\u00e6rlig observant for \u00e5 konstatere at sjarm og personlighet ikke lenger er noe tema i dagens bilpark. Jeg innser at unge mennesker neppe har hatt egne erfaringer med \u201cfirern\u201d, men kan kanskje oppdage at Renault har laget en bil som har <em>litt<\/em> mer personlighet enn andre SUV&#8217;er og crossover&#8217;e?<\/p>\n<h3 class=\"tebh2\">Bilder av Renault 4 E-Tech<\/h3>\n<p><figure id=\"attachment_76218\" aria-describedby=\"caption-attachment-76218\" style=\"width: 2000px\" class=\"wp-caption aligncenter\"><a href=\"https:\/\/i0.wp.com\/terjebjornstad.com\/no\/wp-content\/uploads\/2024\/10\/Renault-4-E-Tech-electric-2.jpg?ssl=1\"><img data-recalc-dims=\"1\" loading=\"lazy\" decoding=\"async\" data-attachment-id=\"76218\" data-permalink=\"https:\/\/terjebjornstad.com\/no\/2024\/10\/22\/renault-4-e-tech-forer-arven-videre\/renault-r4-e-tech-techno-rouge-photo\/\" data-orig-file=\"https:\/\/i0.wp.com\/terjebjornstad.com\/no\/wp-content\/uploads\/2024\/10\/Renault-4-E-Tech-electric-2.jpg?fit=2000%2C1333&amp;ssl=1\" data-orig-size=\"2000,1333\" data-comments-opened=\"1\" data-image-meta=\"{&quot;aperture&quot;:&quot;11&quot;,&quot;credit&quot;:&quot;DPPI&quot;,&quot;camera&quot;:&quot;Canon EOS R6m2&quot;,&quot;caption&quot;:&quot;Renault R4 image bank media Pre-Show, from October 7 to 10th 2024 at Ivey-sur-Seine, France - Photo Benji \/ DPPI&quot;,&quot;created_timestamp&quot;:&quot;1728147745&quot;,&quot;copyright&quot;:&quot;LEFEBVRE YANN&quot;,&quot;focal_length&quot;:&quot;43&quot;,&quot;iso&quot;:&quot;400&quot;,&quot;shutter_speed&quot;:&quot;0.5&quot;,&quot;title&quot;:&quot;Renault R4 E-TECH Techno Rouge - Photo&quot;,&quot;orientation&quot;:&quot;0&quot;}\" data-image-title=\"Renault R4 E-TECH Techno Rouge &amp;#8211; Photo\" data-image-description=\"\" data-image-caption=\"&lt;p&gt;Renault R4. ved Ivey-sur-Seine, France &amp;#8211; Photo Benji \/ DPPI&lt;\/p&gt;\n\" data-large-file=\"https:\/\/i0.wp.com\/terjebjornstad.com\/no\/wp-content\/uploads\/2024\/10\/Renault-4-E-Tech-electric-2.jpg?fit=980%2C653&amp;ssl=1\" src=\"https:\/\/i0.wp.com\/terjebjornstad.com\/no\/wp-content\/uploads\/2024\/10\/Renault-4-E-Tech-electric-2.jpg?resize=980%2C653&#038;ssl=1\" alt=\"renault 4 e-tech\" width=\"980\" height=\"653\" class=\"size-full wp-image-76218\" srcset=\"https:\/\/i0.wp.com\/terjebjornstad.com\/no\/wp-content\/uploads\/2024\/10\/Renault-4-E-Tech-electric-2.jpg?w=2000&amp;ssl=1 2000w, https:\/\/i0.wp.com\/terjebjornstad.com\/no\/wp-content\/uploads\/2024\/10\/Renault-4-E-Tech-electric-2.jpg?resize=300%2C200&amp;ssl=1 300w, https:\/\/i0.wp.com\/terjebjornstad.com\/no\/wp-content\/uploads\/2024\/10\/Renault-4-E-Tech-electric-2.jpg?resize=1080%2C720&amp;ssl=1 1080w, https:\/\/i0.wp.com\/terjebjornstad.com\/no\/wp-content\/uploads\/2024\/10\/Renault-4-E-Tech-electric-2.jpg?resize=768%2C512&amp;ssl=1 768w, https:\/\/i0.wp.com\/terjebjornstad.com\/no\/wp-content\/uploads\/2024\/10\/Renault-4-E-Tech-electric-2.jpg?resize=1536%2C1024&amp;ssl=1 1536w, https:\/\/i0.wp.com\/terjebjornstad.com\/no\/wp-content\/uploads\/2024\/10\/Renault-4-E-Tech-electric-2.jpg?resize=690%2C460&amp;ssl=1 690w, https:\/\/i0.wp.com\/terjebjornstad.com\/no\/wp-content\/uploads\/2024\/10\/Renault-4-E-Tech-electric-2.jpg?resize=980%2C653&amp;ssl=1 980w\" sizes=\"auto, (max-width: 980px) 100vw, 980px\" \/><\/a><figcaption id=\"caption-attachment-76218\" class=\"wp-caption-text\">Renault R4. ved Ivey-sur-Seine, France &#8211; Photo Benji \/ DPPI<\/figcaption><\/figure><br \/>\n&nbsp;<br \/>\n<figure id=\"attachment_76246\" aria-describedby=\"caption-attachment-76246\" style=\"width: 2000px\" class=\"wp-caption aligncenter\"><a href=\"https:\/\/i0.wp.com\/terjebjornstad.com\/no\/wp-content\/uploads\/2024\/10\/Renault-4-E-Tech-electric-1041.jpg?ssl=1\"><img data-recalc-dims=\"1\" loading=\"lazy\" decoding=\"async\" data-attachment-id=\"76246\" data-permalink=\"https:\/\/terjebjornstad.com\/no\/2024\/10\/22\/renault-4-e-tech-forer-arven-videre\/renault-4-e-tech-electric-1041\/\" data-orig-file=\"https:\/\/i0.wp.com\/terjebjornstad.com\/no\/wp-content\/uploads\/2024\/10\/Renault-4-E-Tech-electric-1041.jpg?fit=2000%2C1334&amp;ssl=1\" data-orig-size=\"2000,1334\" data-comments-opened=\"1\" data-image-meta=\"{&quot;aperture&quot;:&quot;0&quot;,&quot;credit&quot;:&quot;&quot;,&quot;camera&quot;:&quot;&quot;,&quot;caption&quot;:&quot;&quot;,&quot;created_timestamp&quot;:&quot;0&quot;,&quot;copyright&quot;:&quot;&quot;,&quot;focal_length&quot;:&quot;0&quot;,&quot;iso&quot;:&quot;0&quot;,&quot;shutter_speed&quot;:&quot;0&quot;,&quot;title&quot;:&quot;&quot;,&quot;orientation&quot;:&quot;0&quot;}\" data-image-title=\"Renault-4-E-Tech-electric-1041\" data-image-description=\"\" data-image-caption=\"&lt;p&gt;Renault 4 E-Tech (Kilde: Renault)&lt;\/p&gt;\n\" data-large-file=\"https:\/\/i0.wp.com\/terjebjornstad.com\/no\/wp-content\/uploads\/2024\/10\/Renault-4-E-Tech-electric-1041.jpg?fit=980%2C653&amp;ssl=1\" src=\"https:\/\/i0.wp.com\/terjebjornstad.com\/no\/wp-content\/uploads\/2024\/10\/Renault-4-E-Tech-electric-1041.jpg?resize=980%2C654&#038;ssl=1\" alt=\"\" width=\"980\" height=\"654\" class=\"size-full wp-image-76246\" srcset=\"https:\/\/i0.wp.com\/terjebjornstad.com\/no\/wp-content\/uploads\/2024\/10\/Renault-4-E-Tech-electric-1041.jpg?w=2000&amp;ssl=1 2000w, https:\/\/i0.wp.com\/terjebjornstad.com\/no\/wp-content\/uploads\/2024\/10\/Renault-4-E-Tech-electric-1041.jpg?resize=300%2C200&amp;ssl=1 300w, https:\/\/i0.wp.com\/terjebjornstad.com\/no\/wp-content\/uploads\/2024\/10\/Renault-4-E-Tech-electric-1041.jpg?resize=1080%2C720&amp;ssl=1 1080w, https:\/\/i0.wp.com\/terjebjornstad.com\/no\/wp-content\/uploads\/2024\/10\/Renault-4-E-Tech-electric-1041.jpg?resize=768%2C512&amp;ssl=1 768w, https:\/\/i0.wp.com\/terjebjornstad.com\/no\/wp-content\/uploads\/2024\/10\/Renault-4-E-Tech-electric-1041.jpg?resize=1536%2C1025&amp;ssl=1 1536w, https:\/\/i0.wp.com\/terjebjornstad.com\/no\/wp-content\/uploads\/2024\/10\/Renault-4-E-Tech-electric-1041.jpg?resize=690%2C460&amp;ssl=1 690w, https:\/\/i0.wp.com\/terjebjornstad.com\/no\/wp-content\/uploads\/2024\/10\/Renault-4-E-Tech-electric-1041.jpg?resize=980%2C654&amp;ssl=1 980w\" sizes=\"auto, (max-width: 980px) 100vw, 980px\" \/><\/a><figcaption id=\"caption-attachment-76246\" class=\"wp-caption-text\">Renault 4 E-Tech (Kilde: Renault)<\/figcaption><\/figure><\/p>\n<p><figure id=\"attachment_76247\" aria-describedby=\"caption-attachment-76247\" style=\"width: 2000px\" class=\"wp-caption aligncenter\"><a href=\"https:\/\/i0.wp.com\/terjebjornstad.com\/no\/wp-content\/uploads\/2024\/10\/Renault-4-E-Tech-electric-1042.jpg?ssl=1\"><img data-recalc-dims=\"1\" loading=\"lazy\" decoding=\"async\" data-attachment-id=\"76247\" data-permalink=\"https:\/\/terjebjornstad.com\/no\/2024\/10\/22\/renault-4-e-tech-forer-arven-videre\/renault-4-e-tech-electric-1042\/\" data-orig-file=\"https:\/\/i0.wp.com\/terjebjornstad.com\/no\/wp-content\/uploads\/2024\/10\/Renault-4-E-Tech-electric-1042.jpg?fit=2000%2C1334&amp;ssl=1\" data-orig-size=\"2000,1334\" data-comments-opened=\"1\" data-image-meta=\"{&quot;aperture&quot;:&quot;0&quot;,&quot;credit&quot;:&quot;&quot;,&quot;camera&quot;:&quot;&quot;,&quot;caption&quot;:&quot;&quot;,&quot;created_timestamp&quot;:&quot;0&quot;,&quot;copyright&quot;:&quot;&quot;,&quot;focal_length&quot;:&quot;0&quot;,&quot;iso&quot;:&quot;0&quot;,&quot;shutter_speed&quot;:&quot;0&quot;,&quot;title&quot;:&quot;&quot;,&quot;orientation&quot;:&quot;0&quot;}\" data-image-title=\"Renault-4-E-Tech-electric-1042\" data-image-description=\"\" data-image-caption=\"&lt;p&gt;Renault 4 E-Tech (Kilde: Renault)&lt;\/p&gt;\n\" data-large-file=\"https:\/\/i0.wp.com\/terjebjornstad.com\/no\/wp-content\/uploads\/2024\/10\/Renault-4-E-Tech-electric-1042.jpg?fit=980%2C653&amp;ssl=1\" src=\"https:\/\/i0.wp.com\/terjebjornstad.com\/no\/wp-content\/uploads\/2024\/10\/Renault-4-E-Tech-electric-1042.jpg?resize=980%2C654&#038;ssl=1\" alt=\"\" width=\"980\" height=\"654\" class=\"size-full wp-image-76247\" srcset=\"https:\/\/i0.wp.com\/terjebjornstad.com\/no\/wp-content\/uploads\/2024\/10\/Renault-4-E-Tech-electric-1042.jpg?w=2000&amp;ssl=1 2000w, https:\/\/i0.wp.com\/terjebjornstad.com\/no\/wp-content\/uploads\/2024\/10\/Renault-4-E-Tech-electric-1042.jpg?resize=300%2C200&amp;ssl=1 300w, https:\/\/i0.wp.com\/terjebjornstad.com\/no\/wp-content\/uploads\/2024\/10\/Renault-4-E-Tech-electric-1042.jpg?resize=1080%2C720&amp;ssl=1 1080w, https:\/\/i0.wp.com\/terjebjornstad.com\/no\/wp-content\/uploads\/2024\/10\/Renault-4-E-Tech-electric-1042.jpg?resize=768%2C512&amp;ssl=1 768w, https:\/\/i0.wp.com\/terjebjornstad.com\/no\/wp-content\/uploads\/2024\/10\/Renault-4-E-Tech-electric-1042.jpg?resize=1536%2C1025&amp;ssl=1 1536w, https:\/\/i0.wp.com\/terjebjornstad.com\/no\/wp-content\/uploads\/2024\/10\/Renault-4-E-Tech-electric-1042.jpg?resize=690%2C460&amp;ssl=1 690w, https:\/\/i0.wp.com\/terjebjornstad.com\/no\/wp-content\/uploads\/2024\/10\/Renault-4-E-Tech-electric-1042.jpg?resize=980%2C654&amp;ssl=1 980w\" sizes=\"auto, (max-width: 980px) 100vw, 980px\" \/><\/a><figcaption id=\"caption-attachment-76247\" class=\"wp-caption-text\">Renault 4 E-Tech (Kilde: Renault)<\/figcaption><\/figure><\/p>\n<figure id=\"attachment_76249\" aria-describedby=\"caption-attachment-76249\" style=\"width: 2000px\" class=\"wp-caption aligncenter\"><a href=\"https:\/\/i0.wp.com\/terjebjornstad.com\/no\/wp-content\/uploads\/2024\/10\/Renault-4-E-Tech-electric-1043.jpg?ssl=1\"><img data-recalc-dims=\"1\" loading=\"lazy\" decoding=\"async\" data-attachment-id=\"76249\" data-permalink=\"https:\/\/terjebjornstad.com\/no\/2024\/10\/22\/renault-4-e-tech-forer-arven-videre\/renault-4-e-tech-electric-1043\/\" data-orig-file=\"https:\/\/i0.wp.com\/terjebjornstad.com\/no\/wp-content\/uploads\/2024\/10\/Renault-4-E-Tech-electric-1043.jpg?fit=2000%2C1334&amp;ssl=1\" data-orig-size=\"2000,1334\" data-comments-opened=\"1\" data-image-meta=\"{&quot;aperture&quot;:&quot;0&quot;,&quot;credit&quot;:&quot;&quot;,&quot;camera&quot;:&quot;&quot;,&quot;caption&quot;:&quot;&quot;,&quot;created_timestamp&quot;:&quot;0&quot;,&quot;copyright&quot;:&quot;&quot;,&quot;focal_length&quot;:&quot;0&quot;,&quot;iso&quot;:&quot;0&quot;,&quot;shutter_speed&quot;:&quot;0&quot;,&quot;title&quot;:&quot;&quot;,&quot;orientation&quot;:&quot;0&quot;}\" data-image-title=\"Renault-4-E-Tech-electric-1043\" data-image-description=\"\" data-image-caption=\"&lt;p&gt;Renault R4 E-Tech&lt;\/p&gt;\n\" data-large-file=\"https:\/\/i0.wp.com\/terjebjornstad.com\/no\/wp-content\/uploads\/2024\/10\/Renault-4-E-Tech-electric-1043.jpg?fit=980%2C653&amp;ssl=1\" src=\"https:\/\/i0.wp.com\/terjebjornstad.com\/no\/wp-content\/uploads\/2024\/10\/Renault-4-E-Tech-electric-1043.jpg?resize=980%2C654&#038;ssl=1\" alt=\"\" width=\"980\" height=\"654\" class=\"size-full wp-image-76249\" srcset=\"https:\/\/i0.wp.com\/terjebjornstad.com\/no\/wp-content\/uploads\/2024\/10\/Renault-4-E-Tech-electric-1043.jpg?w=2000&amp;ssl=1 2000w, https:\/\/i0.wp.com\/terjebjornstad.com\/no\/wp-content\/uploads\/2024\/10\/Renault-4-E-Tech-electric-1043.jpg?resize=300%2C200&amp;ssl=1 300w, https:\/\/i0.wp.com\/terjebjornstad.com\/no\/wp-content\/uploads\/2024\/10\/Renault-4-E-Tech-electric-1043.jpg?resize=1080%2C720&amp;ssl=1 1080w, https:\/\/i0.wp.com\/terjebjornstad.com\/no\/wp-content\/uploads\/2024\/10\/Renault-4-E-Tech-electric-1043.jpg?resize=768%2C512&amp;ssl=1 768w, https:\/\/i0.wp.com\/terjebjornstad.com\/no\/wp-content\/uploads\/2024\/10\/Renault-4-E-Tech-electric-1043.jpg?resize=1536%2C1025&amp;ssl=1 1536w, https:\/\/i0.wp.com\/terjebjornstad.com\/no\/wp-content\/uploads\/2024\/10\/Renault-4-E-Tech-electric-1043.jpg?resize=690%2C460&amp;ssl=1 690w, https:\/\/i0.wp.com\/terjebjornstad.com\/no\/wp-content\/uploads\/2024\/10\/Renault-4-E-Tech-electric-1043.jpg?resize=980%2C654&amp;ssl=1 980w\" sizes=\"auto, (max-width: 980px) 100vw, 980px\" \/><\/a><figcaption id=\"caption-attachment-76249\" class=\"wp-caption-text\">Renault R4 E-Tech<\/figcaption><\/figure>\n<p><figure id=\"attachment_76248\" aria-describedby=\"caption-attachment-76248\" style=\"width: 2000px\" class=\"wp-caption aligncenter\"><a href=\"https:\/\/i0.wp.com\/terjebjornstad.com\/no\/wp-content\/uploads\/2024\/10\/Renault-4-E-Tech-electric-1044.jpg?ssl=1\"><img data-recalc-dims=\"1\" loading=\"lazy\" decoding=\"async\" data-attachment-id=\"76248\" data-permalink=\"https:\/\/terjebjornstad.com\/no\/2024\/10\/22\/renault-4-e-tech-forer-arven-videre\/renault-4-e-tech-electric-1044\/\" data-orig-file=\"https:\/\/i0.wp.com\/terjebjornstad.com\/no\/wp-content\/uploads\/2024\/10\/Renault-4-E-Tech-electric-1044.jpg?fit=2000%2C1334&amp;ssl=1\" data-orig-size=\"2000,1334\" data-comments-opened=\"1\" data-image-meta=\"{&quot;aperture&quot;:&quot;0&quot;,&quot;credit&quot;:&quot;&quot;,&quot;camera&quot;:&quot;&quot;,&quot;caption&quot;:&quot;&quot;,&quot;created_timestamp&quot;:&quot;0&quot;,&quot;copyright&quot;:&quot;&quot;,&quot;focal_length&quot;:&quot;0&quot;,&quot;iso&quot;:&quot;0&quot;,&quot;shutter_speed&quot;:&quot;0&quot;,&quot;title&quot;:&quot;&quot;,&quot;orientation&quot;:&quot;0&quot;}\" data-image-title=\"Renault-4-E-Tech-electric-1044\" data-image-description=\"\" data-image-caption=\"&lt;p&gt;Renault 4 E-Tech (Kilde: Renault)&lt;\/p&gt;\n\" data-large-file=\"https:\/\/i0.wp.com\/terjebjornstad.com\/no\/wp-content\/uploads\/2024\/10\/Renault-4-E-Tech-electric-1044.jpg?fit=980%2C653&amp;ssl=1\" src=\"https:\/\/i0.wp.com\/terjebjornstad.com\/no\/wp-content\/uploads\/2024\/10\/Renault-4-E-Tech-electric-1044.jpg?resize=980%2C654&#038;ssl=1\" alt=\"\" width=\"980\" height=\"654\" class=\"size-full wp-image-76248\" srcset=\"https:\/\/i0.wp.com\/terjebjornstad.com\/no\/wp-content\/uploads\/2024\/10\/Renault-4-E-Tech-electric-1044.jpg?w=2000&amp;ssl=1 2000w, https:\/\/i0.wp.com\/terjebjornstad.com\/no\/wp-content\/uploads\/2024\/10\/Renault-4-E-Tech-electric-1044.jpg?resize=300%2C200&amp;ssl=1 300w, https:\/\/i0.wp.com\/terjebjornstad.com\/no\/wp-content\/uploads\/2024\/10\/Renault-4-E-Tech-electric-1044.jpg?resize=1080%2C720&amp;ssl=1 1080w, https:\/\/i0.wp.com\/terjebjornstad.com\/no\/wp-content\/uploads\/2024\/10\/Renault-4-E-Tech-electric-1044.jpg?resize=768%2C512&amp;ssl=1 768w, https:\/\/i0.wp.com\/terjebjornstad.com\/no\/wp-content\/uploads\/2024\/10\/Renault-4-E-Tech-electric-1044.jpg?resize=1536%2C1025&amp;ssl=1 1536w, https:\/\/i0.wp.com\/terjebjornstad.com\/no\/wp-content\/uploads\/2024\/10\/Renault-4-E-Tech-electric-1044.jpg?resize=690%2C460&amp;ssl=1 690w, https:\/\/i0.wp.com\/terjebjornstad.com\/no\/wp-content\/uploads\/2024\/10\/Renault-4-E-Tech-electric-1044.jpg?resize=980%2C654&amp;ssl=1 980w\" sizes=\"auto, (max-width: 980px) 100vw, 980px\" \/><\/a><figcaption id=\"caption-attachment-76248\" class=\"wp-caption-text\">Renault 4 E-Tech (Kilde: Renault)<\/figcaption><\/figure><\/p>\n<p><figure id=\"attachment_76245\" aria-describedby=\"caption-attachment-76245\" style=\"width: 2000px\" class=\"wp-caption aligncenter\"><a href=\"https:\/\/i0.wp.com\/terjebjornstad.com\/no\/wp-content\/uploads\/2024\/10\/Renault-4-E-Tech-electric-1045.jpg?ssl=1\"><img data-recalc-dims=\"1\" loading=\"lazy\" decoding=\"async\" data-attachment-id=\"76245\" data-permalink=\"https:\/\/terjebjornstad.com\/no\/2024\/10\/22\/renault-4-e-tech-forer-arven-videre\/renault-4-e-tech-electric-1045\/\" data-orig-file=\"https:\/\/i0.wp.com\/terjebjornstad.com\/no\/wp-content\/uploads\/2024\/10\/Renault-4-E-Tech-electric-1045.jpg?fit=2000%2C1334&amp;ssl=1\" data-orig-size=\"2000,1334\" data-comments-opened=\"1\" data-image-meta=\"{&quot;aperture&quot;:&quot;0&quot;,&quot;credit&quot;:&quot;&quot;,&quot;camera&quot;:&quot;&quot;,&quot;caption&quot;:&quot;&quot;,&quot;created_timestamp&quot;:&quot;0&quot;,&quot;copyright&quot;:&quot;&quot;,&quot;focal_length&quot;:&quot;0&quot;,&quot;iso&quot;:&quot;0&quot;,&quot;shutter_speed&quot;:&quot;0&quot;,&quot;title&quot;:&quot;&quot;,&quot;orientation&quot;:&quot;0&quot;}\" data-image-title=\"Renault-4-E-Tech-electric-1045\" data-image-description=\"\" data-image-caption=\"&lt;p&gt;Renault 4 E-Tech (Kilde: Renault)&lt;\/p&gt;\n\" data-large-file=\"https:\/\/i0.wp.com\/terjebjornstad.com\/no\/wp-content\/uploads\/2024\/10\/Renault-4-E-Tech-electric-1045.jpg?fit=980%2C653&amp;ssl=1\" src=\"https:\/\/i0.wp.com\/terjebjornstad.com\/no\/wp-content\/uploads\/2024\/10\/Renault-4-E-Tech-electric-1045.jpg?resize=980%2C654&#038;ssl=1\" alt=\"\" width=\"980\" height=\"654\" class=\"size-full wp-image-76245\" srcset=\"https:\/\/i0.wp.com\/terjebjornstad.com\/no\/wp-content\/uploads\/2024\/10\/Renault-4-E-Tech-electric-1045.jpg?w=2000&amp;ssl=1 2000w, https:\/\/i0.wp.com\/terjebjornstad.com\/no\/wp-content\/uploads\/2024\/10\/Renault-4-E-Tech-electric-1045.jpg?resize=300%2C200&amp;ssl=1 300w, https:\/\/i0.wp.com\/terjebjornstad.com\/no\/wp-content\/uploads\/2024\/10\/Renault-4-E-Tech-electric-1045.jpg?resize=1080%2C720&amp;ssl=1 1080w, https:\/\/i0.wp.com\/terjebjornstad.com\/no\/wp-content\/uploads\/2024\/10\/Renault-4-E-Tech-electric-1045.jpg?resize=768%2C512&amp;ssl=1 768w, https:\/\/i0.wp.com\/terjebjornstad.com\/no\/wp-content\/uploads\/2024\/10\/Renault-4-E-Tech-electric-1045.jpg?resize=1536%2C1025&amp;ssl=1 1536w, https:\/\/i0.wp.com\/terjebjornstad.com\/no\/wp-content\/uploads\/2024\/10\/Renault-4-E-Tech-electric-1045.jpg?resize=690%2C460&amp;ssl=1 690w, https:\/\/i0.wp.com\/terjebjornstad.com\/no\/wp-content\/uploads\/2024\/10\/Renault-4-E-Tech-electric-1045.jpg?resize=980%2C654&amp;ssl=1 980w\" sizes=\"auto, (max-width: 980px) 100vw, 980px\" \/><\/a><figcaption id=\"caption-attachment-76245\" class=\"wp-caption-text\">Renault 4 E-Tech (Kilde: Renault)<\/figcaption><\/figure><\/p>\n<h3 class=\"tebh2\">Se ogs\u00e5<\/h3>\n<p><figure id=\"attachment_43970\" aria-describedby=\"caption-attachment-43970\" style=\"width: 150px\" class=\"wp-caption alignleft\"><a href=\"https:\/\/terjebjornstad.com\/no\/1981-renault-4\/\"><img data-recalc-dims=\"1\" loading=\"lazy\" decoding=\"async\" data-attachment-id=\"43970\" data-permalink=\"https:\/\/terjebjornstad.com\/no\/1981-renault-4\/renault-4-1080x720\/\" data-orig-file=\"https:\/\/i0.wp.com\/terjebjornstad.com\/no\/wp-content\/uploads\/2021\/10\/renault-4-1080x720-1.png?fit=1080%2C720&amp;ssl=1\" data-orig-size=\"1080,720\" data-comments-opened=\"1\" data-image-meta=\"{&quot;aperture&quot;:&quot;0&quot;,&quot;credit&quot;:&quot;&quot;,&quot;camera&quot;:&quot;&quot;,&quot;caption&quot;:&quot;&quot;,&quot;created_timestamp&quot;:&quot;0&quot;,&quot;copyright&quot;:&quot;&quot;,&quot;focal_length&quot;:&quot;0&quot;,&quot;iso&quot;:&quot;0&quot;,&quot;shutter_speed&quot;:&quot;0&quot;,&quot;title&quot;:&quot;&quot;,&quot;orientation&quot;:&quot;0&quot;}\" data-image-title=\"renault-4-1080&amp;#215;720\" data-image-description=\"\" data-image-caption=\"&lt;p&gt;Renault 4&lt;\/p&gt;\n\" data-large-file=\"https:\/\/i0.wp.com\/terjebjornstad.com\/no\/wp-content\/uploads\/2021\/10\/renault-4-1080x720-1.png?fit=980%2C653&amp;ssl=1\" src=\"https:\/\/i0.wp.com\/terjebjornstad.com\/no\/wp-content\/uploads\/2021\/10\/renault-4-1080x720-1.png?resize=150%2C150&#038;ssl=1\" alt=\"renault 4\" width=\"150\" height=\"150\" class=\"size-thumbnail wp-image-43970\" srcset=\"https:\/\/i0.wp.com\/terjebjornstad.com\/no\/wp-content\/uploads\/2021\/10\/renault-4-1080x720-1.png?resize=150%2C150&amp;ssl=1 150w, https:\/\/i0.wp.com\/terjebjornstad.com\/no\/wp-content\/uploads\/2021\/10\/renault-4-1080x720-1.png?resize=50%2C50&amp;ssl=1 50w, https:\/\/i0.wp.com\/terjebjornstad.com\/no\/wp-content\/uploads\/2021\/10\/renault-4-1080x720-1.png?zoom=2&amp;resize=150%2C150&amp;ssl=1 300w, https:\/\/i0.wp.com\/terjebjornstad.com\/no\/wp-content\/uploads\/2021\/10\/renault-4-1080x720-1.png?zoom=3&amp;resize=150%2C150&amp;ssl=1 450w\" sizes=\"auto, (max-width: 150px) 100vw, 150px\" \/><\/a><figcaption id=\"caption-attachment-43970\" class=\"wp-caption-text\">Renault 4<\/figcaption><\/figure><figure id=\"attachment_46973\" aria-describedby=\"caption-attachment-46973\" style=\"width: 150px\" class=\"wp-caption alignleft\"><a href=\"https:\/\/terjebjornstad.com\/no\/2022\/02\/22\/nye-renault-5-zoe-etterolger\/\"><img data-recalc-dims=\"1\" loading=\"lazy\" decoding=\"async\" data-attachment-id=\"46973\" data-permalink=\"https:\/\/terjebjornstad.com\/no\/2022\/02\/22\/nye-renault-5-zoe-etterolger\/2021-renault-5-prototype-1080x617\/\" data-orig-file=\"https:\/\/i0.wp.com\/terjebjornstad.com\/no\/wp-content\/uploads\/2022\/02\/2021-Renault-5-Prototype-1080x617-1.png?fit=1080%2C617&amp;ssl=1\" data-orig-size=\"1080,617\" data-comments-opened=\"1\" data-image-meta=\"{&quot;aperture&quot;:&quot;0&quot;,&quot;credit&quot;:&quot;&quot;,&quot;camera&quot;:&quot;&quot;,&quot;caption&quot;:&quot;&quot;,&quot;created_timestamp&quot;:&quot;0&quot;,&quot;copyright&quot;:&quot;&quot;,&quot;focal_length&quot;:&quot;0&quot;,&quot;iso&quot;:&quot;0&quot;,&quot;shutter_speed&quot;:&quot;0&quot;,&quot;title&quot;:&quot;&quot;,&quot;orientation&quot;:&quot;0&quot;}\" data-image-title=\"2021-Renault-5-Prototype-1080&amp;#215;617\" data-image-description=\"\" data-image-caption=\"&lt;p&gt;Femmern kommer tilbake&lt;\/p&gt;\n\" data-large-file=\"https:\/\/i0.wp.com\/terjebjornstad.com\/no\/wp-content\/uploads\/2022\/02\/2021-Renault-5-Prototype-1080x617-1.png?fit=980%2C560&amp;ssl=1\" src=\"https:\/\/i0.wp.com\/terjebjornstad.com\/no\/wp-content\/uploads\/2022\/02\/2021-Renault-5-Prototype-1080x617-1.png?resize=150%2C150&#038;ssl=1\" alt=\"renault 4 e-tech\" width=\"150\" height=\"150\" class=\"size-thumbnail wp-image-46973\" srcset=\"https:\/\/i0.wp.com\/terjebjornstad.com\/no\/wp-content\/uploads\/2022\/02\/2021-Renault-5-Prototype-1080x617-1.png?resize=150%2C150&amp;ssl=1 150w, https:\/\/i0.wp.com\/terjebjornstad.com\/no\/wp-content\/uploads\/2022\/02\/2021-Renault-5-Prototype-1080x617-1.png?resize=50%2C50&amp;ssl=1 50w, https:\/\/i0.wp.com\/terjebjornstad.com\/no\/wp-content\/uploads\/2022\/02\/2021-Renault-5-Prototype-1080x617-1.png?zoom=2&amp;resize=150%2C150&amp;ssl=1 300w, https:\/\/i0.wp.com\/terjebjornstad.com\/no\/wp-content\/uploads\/2022\/02\/2021-Renault-5-Prototype-1080x617-1.png?zoom=3&amp;resize=150%2C150&amp;ssl=1 450w\" sizes=\"auto, (max-width: 150px) 100vw, 150px\" \/><\/a><figcaption id=\"caption-attachment-46973\" class=\"wp-caption-text\">Femmern kommer tilbake<\/figcaption><\/figure><figure id=\"attachment_9434\" aria-describedby=\"caption-attachment-9434\" style=\"width: 150px\" class=\"wp-caption alignleft\"><a href=\"https:\/\/terjebjornstad.com\/no\/2016\/11\/03\/allsidig-bil-renault-captur\/\"><img data-recalc-dims=\"1\" loading=\"lazy\" decoding=\"async\" data-attachment-id=\"9434\" data-permalink=\"https:\/\/terjebjornstad.com\/no\/2020\/09\/04\/citroen-c3-aircross-familiepakka\/captur-235\/\" data-orig-file=\"https:\/\/i0.wp.com\/terjebjornstad.com\/no\/wp-content\/uploads\/2017\/02\/captur-235.png?fit=235%2C174&amp;ssl=1\" data-orig-size=\"235,174\" data-comments-opened=\"1\" data-image-meta=\"{&quot;aperture&quot;:&quot;0&quot;,&quot;credit&quot;:&quot;&quot;,&quot;camera&quot;:&quot;&quot;,&quot;caption&quot;:&quot;&quot;,&quot;created_timestamp&quot;:&quot;0&quot;,&quot;copyright&quot;:&quot;&quot;,&quot;focal_length&quot;:&quot;0&quot;,&quot;iso&quot;:&quot;0&quot;,&quot;shutter_speed&quot;:&quot;0&quot;,&quot;title&quot;:&quot;&quot;,&quot;orientation&quot;:&quot;0&quot;}\" data-image-title=\"captur-235\" data-image-description=\"\" data-image-caption=\"&lt;p&gt;Renault Captur&lt;\/p&gt;\n\" data-large-file=\"https:\/\/i0.wp.com\/terjebjornstad.com\/no\/wp-content\/uploads\/2017\/02\/captur-235.png?fit=235%2C174&amp;ssl=1\" src=\"https:\/\/i0.wp.com\/terjebjornstad.com\/no\/wp-content\/uploads\/2017\/02\/captur-235.png?resize=150%2C150&#038;ssl=1\" alt=\"renaulution\" width=\"150\" height=\"150\" class=\"size-thumbnail wp-image-9434\" srcset=\"https:\/\/i0.wp.com\/terjebjornstad.com\/no\/wp-content\/uploads\/2017\/02\/captur-235.png?resize=150%2C150&amp;ssl=1 150w, https:\/\/i0.wp.com\/terjebjornstad.com\/no\/wp-content\/uploads\/2017\/02\/captur-235.png?resize=50%2C50&amp;ssl=1 50w\" sizes=\"auto, (max-width: 150px) 100vw, 150px\" \/><\/a><figcaption id=\"caption-attachment-9434\" class=\"wp-caption-text\">Renault Captur<\/figcaption><\/figure><\/p>\n<h6><\/h6>\n<p><a href=\"https:\/\/renault.no\" target=\"_blank\" rel=\"noopener\"><strong>Renault.no<\/strong><\/a><\/p>\n<h6><\/h6>\n<\/div>\n","protected":false,"gt_translate_keys":[{"key":"rendered","format":"html"}]},"excerpt":{"rendered":"<p>Det er blitt ganske vanlig \u00e5 la nye elektriske bilmodeller arve navn etter tidligere legendariske modeller. Har nye Renault 4 E-Tech de samme egenskapene som i sin tid gjorde Renault 4 til en av Europas mest elskede og popul\u00e6re biler? Skal EU n\u00e5 sine m\u00e5l med hensyn til null-utslipp er man avhengig av \u00e5 produsere [&hellip;]<\/p>\n","protected":false,"gt_translate_keys":[{"key":"rendered","format":"html"}]},"author":1,"featured_media":76249,"comment_status":"open","ping_status":"open","sticky":false,"template":"","format":"standard","meta":{"_monsterinsights_skip_tracking":false,"_monsterinsights_sitenote_active":false,"_monsterinsights_sitenote_note":"","_monsterinsights_sitenote_category":0,"jetpack_post_was_ever_published":false,"_jetpack_newsletter_access":"","_jetpack_dont_email_post_to_subs":false,"_jetpack_newsletter_tier_id":0,"_jetpack_memberships_contains_paywalled_content":false,"_jetpack_memberships_contains_paid_content":false,"footnotes":"","jetpack_publicize_message":"","jetpack_publicize_feature_enabled":true,"jetpack_social_post_already_shared":true,"jetpack_social_options":{"image_generator_settings":{"template":"highway","default_image_id":0,"font":"","enabled":false},"version":2}},"categories":[486,5321],"tags":[5323,5322],"class_list":["post-76219","post","type-post","status-publish","format-standard","has-post-thumbnail","hentry","category-renault","category-renault-4-e-tech","tag-ampr-small","tag-renault-4-e-tech"],"yoast_head":"<!-- This site is optimized with the Yoast SEO plugin v27.5 - https:\/\/yoast.com\/product\/yoast-seo-wordpress\/ -->\n<title>Renault 4 E-Tech f\u00f8rer arven videre - Terjes biler<\/title>\n<meta name=\"description\" content=\"Har nye Renault 4 E-Tech de samme egenskapene som i sin tid gjorde Renault 4 til en av Europas mest elskede og popul\u00e6re biler?\" \/>\n<meta name=\"robots\" content=\"index, follow, max-snippet:-1, max-image-preview:large, max-video-preview:-1\" \/>\n<link rel=\"canonical\" href=\"https:\/\/terjebjornstad.com\/no\/2024\/10\/22\/renault-4-e-tech-forer-arven-videre\/\" \/>\n<meta property=\"og:locale\" content=\"nb_NO\" \/>\n<meta property=\"og:type\" content=\"article\" \/>\n<meta property=\"og:title\" content=\"Renault 4 E-Tech f\u00f8rer arven videre - Terjes biler\" \/>\n<meta property=\"og:description\" content=\"Har nye Renault 4 E-Tech de samme egenskapene som i sin tid gjorde Renault 4 til en av Europas mest elskede og popul\u00e6re biler?\" \/>\n<meta property=\"og:url\" content=\"https:\/\/terjebjornstad.com\/no\/2024\/10\/22\/renault-4-e-tech-forer-arven-videre\/\" \/>\n<meta property=\"og:site_name\" content=\"Terjes biler\" \/>\n<meta property=\"article:publisher\" content=\"https:\/\/www.facebook.com\/terjesbiler\/\" \/>\n<meta property=\"article:author\" content=\"https:\/\/www.facebook.com\/terjesbiler\" \/>\n<meta property=\"article:published_time\" content=\"2024-10-22T17:56:35+00:00\" \/>\n<meta property=\"article:modified_time\" content=\"2026-02-13T23:24:39+00:00\" \/>\n<meta property=\"og:image\" content=\"https:\/\/terjebjornstad.com\/no\/wp-content\/uploads\/2024\/10\/Renault-4-E-Tech-electric-1043.jpg\" \/>\n\t<meta property=\"og:image:width\" content=\"2000\" \/>\n\t<meta property=\"og:image:height\" content=\"1334\" \/>\n\t<meta property=\"og:image:type\" content=\"image\/jpeg\" \/>\n<meta name=\"author\" content=\"Terje Bj\u00f8rnstad\" \/>\n<meta name=\"twitter:card\" content=\"summary_large_image\" \/>\n<meta name=\"twitter:label1\" content=\"Skrevet av\" \/>\n\t<meta name=\"twitter:data1\" content=\"Terje Bj\u00f8rnstad\" \/>\n\t<meta name=\"twitter:label2\" content=\"Ansl. lesetid\" \/>\n\t<meta name=\"twitter:data2\" content=\"11 minutter\" \/>\n<script type=\"application\/ld+json\" class=\"yoast-schema-graph\">{\"@context\":\"https:\\\/\\\/schema.org\",\"@graph\":[{\"@type\":\"Article\",\"@id\":\"https:\\\/\\\/terjebjornstad.com\\\/no\\\/2024\\\/10\\\/22\\\/renault-4-e-tech-forer-arven-videre\\\/#article\",\"isPartOf\":{\"@id\":\"https:\\\/\\\/terjebjornstad.com\\\/no\\\/2024\\\/10\\\/22\\\/renault-4-e-tech-forer-arven-videre\\\/\"},\"author\":{\"name\":\"Terje Bj\u00f8rnstad\",\"@id\":\"https:\\\/\\\/terjebjornstad.com\\\/no\\\/#\\\/schema\\\/person\\\/a281f6a6e0f3cc9fe468e7f0c655aa65\"},\"headline\":\"Renault 4 E-Tech f\u00f8rer arven videre\",\"datePublished\":\"2024-10-22T17:56:35+00:00\",\"dateModified\":\"2026-02-13T23:24:39+00:00\",\"mainEntityOfPage\":{\"@id\":\"https:\\\/\\\/terjebjornstad.com\\\/no\\\/2024\\\/10\\\/22\\\/renault-4-e-tech-forer-arven-videre\\\/\"},\"wordCount\":1152,\"commentCount\":0,\"publisher\":{\"@id\":\"https:\\\/\\\/terjebjornstad.com\\\/no\\\/#organization\"},\"image\":{\"@id\":\"https:\\\/\\\/terjebjornstad.com\\\/no\\\/2024\\\/10\\\/22\\\/renault-4-e-tech-forer-arven-videre\\\/#primaryimage\"},\"thumbnailUrl\":\"https:\\\/\\\/i0.wp.com\\\/terjebjornstad.com\\\/no\\\/wp-content\\\/uploads\\\/2024\\\/10\\\/Renault-4-E-Tech-electric-1043.jpg?fit=2000%2C1334&ssl=1\",\"keywords\":[\"AmpR Small\",\"renault 4 e-tech\"],\"articleSection\":[\"Renault\",\"Renault 4 E-Tech\"],\"inLanguage\":\"nb-NO\",\"potentialAction\":[{\"@type\":\"CommentAction\",\"name\":\"Comment\",\"target\":[\"https:\\\/\\\/terjebjornstad.com\\\/no\\\/2024\\\/10\\\/22\\\/renault-4-e-tech-forer-arven-videre\\\/#respond\"]}]},{\"@type\":\"WebPage\",\"@id\":\"https:\\\/\\\/terjebjornstad.com\\\/no\\\/2024\\\/10\\\/22\\\/renault-4-e-tech-forer-arven-videre\\\/\",\"url\":\"https:\\\/\\\/terjebjornstad.com\\\/no\\\/2024\\\/10\\\/22\\\/renault-4-e-tech-forer-arven-videre\\\/\",\"name\":\"Renault 4 E-Tech f\u00f8rer arven videre - Terjes biler\",\"isPartOf\":{\"@id\":\"https:\\\/\\\/terjebjornstad.com\\\/no\\\/#website\"},\"primaryImageOfPage\":{\"@id\":\"https:\\\/\\\/terjebjornstad.com\\\/no\\\/2024\\\/10\\\/22\\\/renault-4-e-tech-forer-arven-videre\\\/#primaryimage\"},\"image\":{\"@id\":\"https:\\\/\\\/terjebjornstad.com\\\/no\\\/2024\\\/10\\\/22\\\/renault-4-e-tech-forer-arven-videre\\\/#primaryimage\"},\"thumbnailUrl\":\"https:\\\/\\\/i0.wp.com\\\/terjebjornstad.com\\\/no\\\/wp-content\\\/uploads\\\/2024\\\/10\\\/Renault-4-E-Tech-electric-1043.jpg?fit=2000%2C1334&ssl=1\",\"datePublished\":\"2024-10-22T17:56:35+00:00\",\"dateModified\":\"2026-02-13T23:24:39+00:00\",\"description\":\"Har nye Renault 4 E-Tech de samme egenskapene som i sin tid gjorde Renault 4 til en av Europas mest elskede og popul\u00e6re biler?\",\"breadcrumb\":{\"@id\":\"https:\\\/\\\/terjebjornstad.com\\\/no\\\/2024\\\/10\\\/22\\\/renault-4-e-tech-forer-arven-videre\\\/#breadcrumb\"},\"inLanguage\":\"nb-NO\",\"potentialAction\":[{\"@type\":\"ReadAction\",\"target\":[\"https:\\\/\\\/terjebjornstad.com\\\/no\\\/2024\\\/10\\\/22\\\/renault-4-e-tech-forer-arven-videre\\\/\"]}]},{\"@type\":\"ImageObject\",\"inLanguage\":\"nb-NO\",\"@id\":\"https:\\\/\\\/terjebjornstad.com\\\/no\\\/2024\\\/10\\\/22\\\/renault-4-e-tech-forer-arven-videre\\\/#primaryimage\",\"url\":\"https:\\\/\\\/i0.wp.com\\\/terjebjornstad.com\\\/no\\\/wp-content\\\/uploads\\\/2024\\\/10\\\/Renault-4-E-Tech-electric-1043.jpg?fit=2000%2C1334&ssl=1\",\"contentUrl\":\"https:\\\/\\\/i0.wp.com\\\/terjebjornstad.com\\\/no\\\/wp-content\\\/uploads\\\/2024\\\/10\\\/Renault-4-E-Tech-electric-1043.jpg?fit=2000%2C1334&ssl=1\",\"width\":2000,\"height\":1334,\"caption\":\"Renault R4 E-Tech\"},{\"@type\":\"BreadcrumbList\",\"@id\":\"https:\\\/\\\/terjebjornstad.com\\\/no\\\/2024\\\/10\\\/22\\\/renault-4-e-tech-forer-arven-videre\\\/#breadcrumb\",\"itemListElement\":[{\"@type\":\"ListItem\",\"position\":1,\"name\":\"Hjem\",\"item\":\"https:\\\/\\\/terjebjornstad.com\\\/no\\\/\"},{\"@type\":\"ListItem\",\"position\":2,\"name\":\"Renault 4 E-Tech f\u00f8rer arven videre\"}]},{\"@type\":\"WebSite\",\"@id\":\"https:\\\/\\\/terjebjornstad.com\\\/no\\\/#website\",\"url\":\"https:\\\/\\\/terjebjornstad.com\\\/no\\\/\",\"name\":\"Terjes biler\",\"description\":\"HONEST ABOUT CARS\",\"publisher\":{\"@id\":\"https:\\\/\\\/terjebjornstad.com\\\/no\\\/#organization\"},\"alternateName\":\"Terjebjornstad.com\",\"potentialAction\":[{\"@type\":\"SearchAction\",\"target\":{\"@type\":\"EntryPoint\",\"urlTemplate\":\"https:\\\/\\\/terjebjornstad.com\\\/no\\\/?s={search_term_string}\"},\"query-input\":{\"@type\":\"PropertyValueSpecification\",\"valueRequired\":true,\"valueName\":\"search_term_string\"}}],\"inLanguage\":\"nb-NO\"},{\"@type\":\"Organization\",\"@id\":\"https:\\\/\\\/terjebjornstad.com\\\/no\\\/#organization\",\"name\":\"Terje Bj\u00f8rnstad ENK\",\"url\":\"https:\\\/\\\/terjebjornstad.com\\\/no\\\/\",\"logo\":{\"@type\":\"ImageObject\",\"inLanguage\":\"nb-NO\",\"@id\":\"https:\\\/\\\/terjebjornstad.com\\\/no\\\/#\\\/schema\\\/logo\\\/image\\\/\",\"url\":\"https:\\\/\\\/i0.wp.com\\\/terjebjornstad.com\\\/no\\\/wp-content\\\/uploads\\\/2026\\\/02\\\/terjesbiler2024-960x354-1.png?fit=960%2C354&ssl=1\",\"contentUrl\":\"https:\\\/\\\/i0.wp.com\\\/terjebjornstad.com\\\/no\\\/wp-content\\\/uploads\\\/2026\\\/02\\\/terjesbiler2024-960x354-1.png?fit=960%2C354&ssl=1\",\"width\":960,\"height\":354,\"caption\":\"Terje Bj\u00f8rnstad ENK\"},\"image\":{\"@id\":\"https:\\\/\\\/terjebjornstad.com\\\/no\\\/#\\\/schema\\\/logo\\\/image\\\/\"},\"sameAs\":[\"https:\\\/\\\/www.facebook.com\\\/terjesbiler\\\/\",\"https:\\\/\\\/www.instagram.com\\\/terjesbiler\\\/\",\"https:\\\/\\\/www.pinteres.com\\\/terjebjrnstad\\\/terjes-biler\\\/\"]},{\"@type\":\"Person\",\"@id\":\"https:\\\/\\\/terjebjornstad.com\\\/no\\\/#\\\/schema\\\/person\\\/a281f6a6e0f3cc9fe468e7f0c655aa65\",\"name\":\"Terje Bj\u00f8rnstad\",\"image\":{\"@type\":\"ImageObject\",\"inLanguage\":\"nb-NO\",\"@id\":\"https:\\\/\\\/secure.gravatar.com\\\/avatar\\\/e8dff505b51cf6cb67ae06a06022d2049aac2da1e79dc146a36b58798c4b40ea?s=96&d=mm&r=g\",\"url\":\"https:\\\/\\\/secure.gravatar.com\\\/avatar\\\/e8dff505b51cf6cb67ae06a06022d2049aac2da1e79dc146a36b58798c4b40ea?s=96&d=mm&r=g\",\"contentUrl\":\"https:\\\/\\\/secure.gravatar.com\\\/avatar\\\/e8dff505b51cf6cb67ae06a06022d2049aac2da1e79dc146a36b58798c4b40ea?s=96&d=mm&r=g\",\"caption\":\"Terje Bj\u00f8rnstad\"},\"description\":\"Terje Bj\u00f8rnstad. Bloggadministrator, hobbyfotograf og bilnerd.\",\"sameAs\":[\"https:\\\/\\\/www.facebook.com\\\/terjesbiler\",\"https:\\\/\\\/www.instagram.com\\\/terjesbiler\",\"https:\\\/\\\/no.pinterest.com\\\/terjebjrnstad\",\"https:\\\/\\\/www.youtube.com\\\/channel\\\/UCzCKJJDybyIgKqatc_JQqIg\"]}]}<\/script>\n<!-- \/ Yoast SEO plugin. -->","yoast_head_json":{"title":"Renault 4 E-Tech f\u00f8rer arven videre - Terjes biler","description":"Har nye Renault 4 E-Tech de samme egenskapene som i sin tid gjorde Renault 4 til en av Europas mest elskede og popul\u00e6re biler?","robots":{"index":"index","follow":"follow","max-snippet":"max-snippet:-1","max-image-preview":"max-image-preview:large","max-video-preview":"max-video-preview:-1"},"canonical":"https:\/\/terjebjornstad.com\/no\/2024\/10\/22\/renault-4-e-tech-forer-arven-videre\/","og_locale":"nb_NO","og_type":"article","og_title":"Renault 4 E-Tech f\u00f8rer arven videre - Terjes biler","og_description":"Har nye Renault 4 E-Tech de samme egenskapene som i sin tid gjorde Renault 4 til en av Europas mest elskede og popul\u00e6re biler?","og_url":"https:\/\/terjebjornstad.com\/no\/2024\/10\/22\/renault-4-e-tech-forer-arven-videre\/","og_site_name":"Terjes biler","article_publisher":"https:\/\/www.facebook.com\/terjesbiler\/","article_author":"https:\/\/www.facebook.com\/terjesbiler","article_published_time":"2024-10-22T17:56:35+00:00","article_modified_time":"2026-02-13T23:24:39+00:00","og_image":[{"width":2000,"height":1334,"url":"https:\/\/terjebjornstad.com\/no\/wp-content\/uploads\/2024\/10\/Renault-4-E-Tech-electric-1043.jpg","type":"image\/jpeg"}],"author":"Terje Bj\u00f8rnstad","twitter_card":"summary_large_image","twitter_misc":{"Skrevet av":"Terje Bj\u00f8rnstad","Ansl. lesetid":"11 minutter"},"schema":{"@context":"https:\/\/schema.org","@graph":[{"@type":"Article","@id":"https:\/\/terjebjornstad.com\/no\/2024\/10\/22\/renault-4-e-tech-forer-arven-videre\/#article","isPartOf":{"@id":"https:\/\/terjebjornstad.com\/no\/2024\/10\/22\/renault-4-e-tech-forer-arven-videre\/"},"author":{"name":"Terje Bj\u00f8rnstad","@id":"https:\/\/terjebjornstad.com\/no\/#\/schema\/person\/a281f6a6e0f3cc9fe468e7f0c655aa65"},"headline":"Renault 4 E-Tech f\u00f8rer arven videre","datePublished":"2024-10-22T17:56:35+00:00","dateModified":"2026-02-13T23:24:39+00:00","mainEntityOfPage":{"@id":"https:\/\/terjebjornstad.com\/no\/2024\/10\/22\/renault-4-e-tech-forer-arven-videre\/"},"wordCount":1152,"commentCount":0,"publisher":{"@id":"https:\/\/terjebjornstad.com\/no\/#organization"},"image":{"@id":"https:\/\/terjebjornstad.com\/no\/2024\/10\/22\/renault-4-e-tech-forer-arven-videre\/#primaryimage"},"thumbnailUrl":"https:\/\/i0.wp.com\/terjebjornstad.com\/no\/wp-content\/uploads\/2024\/10\/Renault-4-E-Tech-electric-1043.jpg?fit=2000%2C1334&ssl=1","keywords":["AmpR Small","renault 4 e-tech"],"articleSection":["Renault","Renault 4 E-Tech"],"inLanguage":"nb-NO","potentialAction":[{"@type":"CommentAction","name":"Comment","target":["https:\/\/terjebjornstad.com\/no\/2024\/10\/22\/renault-4-e-tech-forer-arven-videre\/#respond"]}]},{"@type":"WebPage","@id":"https:\/\/terjebjornstad.com\/no\/2024\/10\/22\/renault-4-e-tech-forer-arven-videre\/","url":"https:\/\/terjebjornstad.com\/no\/2024\/10\/22\/renault-4-e-tech-forer-arven-videre\/","name":"Renault 4 E-Tech f\u00f8rer arven videre - Terjes biler","isPartOf":{"@id":"https:\/\/terjebjornstad.com\/no\/#website"},"primaryImageOfPage":{"@id":"https:\/\/terjebjornstad.com\/no\/2024\/10\/22\/renault-4-e-tech-forer-arven-videre\/#primaryimage"},"image":{"@id":"https:\/\/terjebjornstad.com\/no\/2024\/10\/22\/renault-4-e-tech-forer-arven-videre\/#primaryimage"},"thumbnailUrl":"https:\/\/i0.wp.com\/terjebjornstad.com\/no\/wp-content\/uploads\/2024\/10\/Renault-4-E-Tech-electric-1043.jpg?fit=2000%2C1334&ssl=1","datePublished":"2024-10-22T17:56:35+00:00","dateModified":"2026-02-13T23:24:39+00:00","description":"Har nye Renault 4 E-Tech de samme egenskapene som i sin tid gjorde Renault 4 til en av Europas mest elskede og popul\u00e6re biler?","breadcrumb":{"@id":"https:\/\/terjebjornstad.com\/no\/2024\/10\/22\/renault-4-e-tech-forer-arven-videre\/#breadcrumb"},"inLanguage":"nb-NO","potentialAction":[{"@type":"ReadAction","target":["https:\/\/terjebjornstad.com\/no\/2024\/10\/22\/renault-4-e-tech-forer-arven-videre\/"]}]},{"@type":"ImageObject","inLanguage":"nb-NO","@id":"https:\/\/terjebjornstad.com\/no\/2024\/10\/22\/renault-4-e-tech-forer-arven-videre\/#primaryimage","url":"https:\/\/i0.wp.com\/terjebjornstad.com\/no\/wp-content\/uploads\/2024\/10\/Renault-4-E-Tech-electric-1043.jpg?fit=2000%2C1334&ssl=1","contentUrl":"https:\/\/i0.wp.com\/terjebjornstad.com\/no\/wp-content\/uploads\/2024\/10\/Renault-4-E-Tech-electric-1043.jpg?fit=2000%2C1334&ssl=1","width":2000,"height":1334,"caption":"Renault R4 E-Tech"},{"@type":"BreadcrumbList","@id":"https:\/\/terjebjornstad.com\/no\/2024\/10\/22\/renault-4-e-tech-forer-arven-videre\/#breadcrumb","itemListElement":[{"@type":"ListItem","position":1,"name":"Hjem","item":"https:\/\/terjebjornstad.com\/no\/"},{"@type":"ListItem","position":2,"name":"Renault 4 E-Tech f\u00f8rer arven videre"}]},{"@type":"WebSite","@id":"https:\/\/terjebjornstad.com\/no\/#website","url":"https:\/\/terjebjornstad.com\/no\/","name":"Terjes biler","description":"HONEST ABOUT CARS","publisher":{"@id":"https:\/\/terjebjornstad.com\/no\/#organization"},"alternateName":"Terjebjornstad.com","potentialAction":[{"@type":"SearchAction","target":{"@type":"EntryPoint","urlTemplate":"https:\/\/terjebjornstad.com\/no\/?s={search_term_string}"},"query-input":{"@type":"PropertyValueSpecification","valueRequired":true,"valueName":"search_term_string"}}],"inLanguage":"nb-NO"},{"@type":"Organization","@id":"https:\/\/terjebjornstad.com\/no\/#organization","name":"Terje Bj\u00f8rnstad ENK","url":"https:\/\/terjebjornstad.com\/no\/","logo":{"@type":"ImageObject","inLanguage":"nb-NO","@id":"https:\/\/terjebjornstad.com\/no\/#\/schema\/logo\/image\/","url":"https:\/\/i0.wp.com\/terjebjornstad.com\/no\/wp-content\/uploads\/2026\/02\/terjesbiler2024-960x354-1.png?fit=960%2C354&ssl=1","contentUrl":"https:\/\/i0.wp.com\/terjebjornstad.com\/no\/wp-content\/uploads\/2026\/02\/terjesbiler2024-960x354-1.png?fit=960%2C354&ssl=1","width":960,"height":354,"caption":"Terje Bj\u00f8rnstad ENK"},"image":{"@id":"https:\/\/terjebjornstad.com\/no\/#\/schema\/logo\/image\/"},"sameAs":["https:\/\/www.facebook.com\/terjesbiler\/","https:\/\/www.instagram.com\/terjesbiler\/","https:\/\/www.pinteres.com\/terjebjrnstad\/terjes-biler\/"]},{"@type":"Person","@id":"https:\/\/terjebjornstad.com\/no\/#\/schema\/person\/a281f6a6e0f3cc9fe468e7f0c655aa65","name":"Terje Bj\u00f8rnstad","image":{"@type":"ImageObject","inLanguage":"nb-NO","@id":"https:\/\/secure.gravatar.com\/avatar\/e8dff505b51cf6cb67ae06a06022d2049aac2da1e79dc146a36b58798c4b40ea?s=96&d=mm&r=g","url":"https:\/\/secure.gravatar.com\/avatar\/e8dff505b51cf6cb67ae06a06022d2049aac2da1e79dc146a36b58798c4b40ea?s=96&d=mm&r=g","contentUrl":"https:\/\/secure.gravatar.com\/avatar\/e8dff505b51cf6cb67ae06a06022d2049aac2da1e79dc146a36b58798c4b40ea?s=96&d=mm&r=g","caption":"Terje Bj\u00f8rnstad"},"description":"Terje Bj\u00f8rnstad. Bloggadministrator, hobbyfotograf og bilnerd.","sameAs":["https:\/\/www.facebook.com\/terjesbiler","https:\/\/www.instagram.com\/terjesbiler","https:\/\/no.pinterest.com\/terjebjrnstad","https:\/\/www.youtube.com\/channel\/UCzCKJJDybyIgKqatc_JQqIg"]}]}},"jetpack_publicize_connections":[],"jetpack_featured_media_url":"https:\/\/i0.wp.com\/terjebjornstad.com\/no\/wp-content\/uploads\/2024\/10\/Renault-4-E-Tech-electric-1043.jpg?fit=2000%2C1334&ssl=1","jetpack_sharing_enabled":true,"jetpack_shortlink":"https:\/\/wp.me\/p48zYA-jPl","jetpack-related-posts":[{"id":92494,"url":"https:\/\/terjebjornstad.com\/no\/2026\/04\/24\/renault-r5-e-tech\/","url_meta":{"origin":76219,"position":0},"title":"Renault R5 E-Tech","author":"Terje Bj\u00f8rnstad","date":"24\/04\/2026","format":false,"excerpt":"Det er p\u00e5fallende hvor mange elektriske biler som ser helt like ut. Hensyn til batterikapasitet, vindtunnel og kunstig intelligens bidrar til \u00e5 forme nye biler i samme lest. Etter hvert kan merkeidentiteten forsvinne, og med den ogs\u00e5 kundenes lojalitet. \u00a0 Da Renault lanserte en elektrisk bil med likhetstrekk til \u00e9n\u2026","rel":"","context":"i &quot;Artikkel&quot;","block_context":{"text":"Artikkel","link":"https:\/\/terjebjornstad.com\/no\/category\/artikkel\/"},"img":{"alt_text":"","src":"https:\/\/i0.wp.com\/terjebjornstad.com\/no\/wp-content\/uploads\/2026\/04\/renault-r5-electric-kiosk-hjulet-1920x1280-1.jpg?fit=1200%2C800&ssl=1&resize=350%2C200","width":350,"height":200,"srcset":"https:\/\/i0.wp.com\/terjebjornstad.com\/no\/wp-content\/uploads\/2026\/04\/renault-r5-electric-kiosk-hjulet-1920x1280-1.jpg?fit=1200%2C800&ssl=1&resize=350%2C200 1x, https:\/\/i0.wp.com\/terjebjornstad.com\/no\/wp-content\/uploads\/2026\/04\/renault-r5-electric-kiosk-hjulet-1920x1280-1.jpg?fit=1200%2C800&ssl=1&resize=525%2C300 1.5x, https:\/\/i0.wp.com\/terjebjornstad.com\/no\/wp-content\/uploads\/2026\/04\/renault-r5-electric-kiosk-hjulet-1920x1280-1.jpg?fit=1200%2C800&ssl=1&resize=700%2C400 2x, https:\/\/i0.wp.com\/terjebjornstad.com\/no\/wp-content\/uploads\/2026\/04\/renault-r5-electric-kiosk-hjulet-1920x1280-1.jpg?fit=1200%2C800&ssl=1&resize=1050%2C600 3x"},"classes":[]},{"id":85379,"url":"https:\/\/terjebjornstad.com\/no\/2025\/10\/13\/renault-scenic-e-tech\/","url_meta":{"origin":76219,"position":1},"title":"Renault Scenic E-Tech","author":"Terje Bj\u00f8rnstad","date":"13\/10\/2025","format":false,"excerpt":"Renault har vist at de kan lage gode elektriske biler. Zoe var \u00e9n av de aller f\u00f8rste brukbare elektriske bilene p\u00e5 markedet. Scenic E-Tech ble k\u00e5ret til \u00e5rets bil i Europa 2024. Kan den hevde seg blant de andre elektriske SUV-modellene? Hvor er knotten? Man b\u00f8r ikke ta en ukjent\u2026","rel":"","context":"i &quot;Renault Scenic E-tech&quot;","block_context":{"text":"Renault Scenic E-tech","link":"https:\/\/terjebjornstad.com\/no\/category\/renault\/renault-scenic-e-tech\/"},"img":{"alt_text":"","src":"https:\/\/i0.wp.com\/terjebjornstad.com\/no\/wp-content\/uploads\/2025\/10\/renault-scenic-e-tech-10-1920x1440-1.jpg?fit=1200%2C900&ssl=1&resize=350%2C200","width":350,"height":200,"srcset":"https:\/\/i0.wp.com\/terjebjornstad.com\/no\/wp-content\/uploads\/2025\/10\/renault-scenic-e-tech-10-1920x1440-1.jpg?fit=1200%2C900&ssl=1&resize=350%2C200 1x, https:\/\/i0.wp.com\/terjebjornstad.com\/no\/wp-content\/uploads\/2025\/10\/renault-scenic-e-tech-10-1920x1440-1.jpg?fit=1200%2C900&ssl=1&resize=525%2C300 1.5x, https:\/\/i0.wp.com\/terjebjornstad.com\/no\/wp-content\/uploads\/2025\/10\/renault-scenic-e-tech-10-1920x1440-1.jpg?fit=1200%2C900&ssl=1&resize=700%2C400 2x, https:\/\/i0.wp.com\/terjebjornstad.com\/no\/wp-content\/uploads\/2025\/10\/renault-scenic-e-tech-10-1920x1440-1.jpg?fit=1200%2C900&ssl=1&resize=1050%2C600 3x"},"classes":[]},{"id":87312,"url":"https:\/\/terjebjornstad.com\/no\/2026\/01\/06\/r5-med-retrofit-elektrisitet\/","url_meta":{"origin":76219,"position":2},"title":"R5 med ettermontert elektrisitet","author":"Terje Bj\u00f8rnstad","date":"06\/01\/2026","format":false,"excerpt":"Renault-entusiaster kan f\u00e5 ettermontert elektrisk drivverk i sine klassiske R5 og R4. De f\u00f8rste bilene ble konvertert p\u00e5 oppdrag fra Renault. F\u00e5 bilmerker har like lang historie som Renault. I 2027 skal de \u00e5pne d\u00f8rene til et stort museum p\u00e5 den nedlagte fabrikken i Flins, vel 40 km fra Paris.\u2026","rel":"","context":"i &quot;R5&quot;","block_context":{"text":"R5","link":"https:\/\/terjebjornstad.com\/no\/category\/renault\/r5\/"},"img":{"alt_text":"","src":"https:\/\/i0.wp.com\/terjebjornstad.com\/no\/wp-content\/uploads\/2026\/01\/r5-rfit-charging-DPPI-2000x1333-1.jpg?fit=1200%2C801&ssl=1&resize=350%2C200","width":350,"height":200,"srcset":"https:\/\/i0.wp.com\/terjebjornstad.com\/no\/wp-content\/uploads\/2026\/01\/r5-rfit-charging-DPPI-2000x1333-1.jpg?fit=1200%2C801&ssl=1&resize=350%2C200 1x, https:\/\/i0.wp.com\/terjebjornstad.com\/no\/wp-content\/uploads\/2026\/01\/r5-rfit-charging-DPPI-2000x1333-1.jpg?fit=1200%2C801&ssl=1&resize=525%2C300 1.5x, https:\/\/i0.wp.com\/terjebjornstad.com\/no\/wp-content\/uploads\/2026\/01\/r5-rfit-charging-DPPI-2000x1333-1.jpg?fit=1200%2C801&ssl=1&resize=700%2C400 2x, https:\/\/i0.wp.com\/terjebjornstad.com\/no\/wp-content\/uploads\/2026\/01\/r5-rfit-charging-DPPI-2000x1333-1.jpg?fit=1200%2C801&ssl=1&resize=1050%2C600 3x"},"classes":[]},{"id":79125,"url":"https:\/\/terjebjornstad.com\/no\/2025\/02\/08\/ecarexpo-2025\/","url_meta":{"origin":76219,"position":3},"title":"eCarExpo 2025","author":"Terje Bj\u00f8rnstad","date":"08\/02\/2025","format":false,"excerpt":"Flere nyheter ble vist p\u00e5 eCarExpo 2025. Den st\u00f8rste var Mazda 6e som ble avduket for et norsk publikum. Nye Renault R5 og R4 E-Tech fanger opp linjene fra tidligere modeller, og kan vekke gode minner hos mange. En annen, mer ukjent nyhet, var Nammi Box, en prisbombe fra Kina\u2026","rel":"","context":"i &quot;Artikkel&quot;","block_context":{"text":"Artikkel","link":"https:\/\/terjebjornstad.com\/no\/category\/artikkel\/"},"img":{"alt_text":"","src":"https:\/\/i0.wp.com\/terjebjornstad.com\/no\/wp-content\/uploads\/2025\/02\/mazda-6e-1920x1280-1.jpg?fit=1200%2C800&ssl=1&resize=350%2C200","width":350,"height":200,"srcset":"https:\/\/i0.wp.com\/terjebjornstad.com\/no\/wp-content\/uploads\/2025\/02\/mazda-6e-1920x1280-1.jpg?fit=1200%2C800&ssl=1&resize=350%2C200 1x, https:\/\/i0.wp.com\/terjebjornstad.com\/no\/wp-content\/uploads\/2025\/02\/mazda-6e-1920x1280-1.jpg?fit=1200%2C800&ssl=1&resize=525%2C300 1.5x, https:\/\/i0.wp.com\/terjebjornstad.com\/no\/wp-content\/uploads\/2025\/02\/mazda-6e-1920x1280-1.jpg?fit=1200%2C800&ssl=1&resize=700%2C400 2x, https:\/\/i0.wp.com\/terjebjornstad.com\/no\/wp-content\/uploads\/2025\/02\/mazda-6e-1920x1280-1.jpg?fit=1200%2C800&ssl=1&resize=1050%2C600 3x"},"classes":[]},{"id":85853,"url":"https:\/\/terjebjornstad.com\/no\/2025\/10\/28\/bilnyhetene-fra-oslo-motorshow\/","url_meta":{"origin":76219,"position":4},"title":"Nyhetsbilder fra Oslo Motorshow","author":"Terje Bj\u00f8rnstad","date":"28\/10\/2025","format":false,"excerpt":"Bilnyhetene p\u00e5 \u00e5rets motor show var elektriske - alt fra uvirkelige dr\u00f8mmeprosjekter til folkelige biler. Her er noen av dem. Heldekkende svarte vinduer kjennetegner protoyper og biler som enn\u00e5 ikke er produksjonsklare. Renault RS Turbo 3E tilh\u00f8rer sistnevnte kategori. Produksjonen er planlagt i 2027 i et antall p\u00e5 1980 biler.\u2026","rel":"","context":"i &quot;Oslo Motor Show&quot;","block_context":{"text":"Oslo Motor Show","link":"https:\/\/terjebjornstad.com\/no\/category\/bilutstilling\/oslo-motor-show-bilutstilling\/"},"img":{"alt_text":"","src":"https:\/\/i0.wp.com\/terjebjornstad.com\/no\/wp-content\/uploads\/2025\/10\/renault-rs-turbo-3e-1920x1280-1.jpg?fit=1200%2C800&ssl=1&resize=350%2C200","width":350,"height":200,"srcset":"https:\/\/i0.wp.com\/terjebjornstad.com\/no\/wp-content\/uploads\/2025\/10\/renault-rs-turbo-3e-1920x1280-1.jpg?fit=1200%2C800&ssl=1&resize=350%2C200 1x, https:\/\/i0.wp.com\/terjebjornstad.com\/no\/wp-content\/uploads\/2025\/10\/renault-rs-turbo-3e-1920x1280-1.jpg?fit=1200%2C800&ssl=1&resize=525%2C300 1.5x, https:\/\/i0.wp.com\/terjebjornstad.com\/no\/wp-content\/uploads\/2025\/10\/renault-rs-turbo-3e-1920x1280-1.jpg?fit=1200%2C800&ssl=1&resize=700%2C400 2x, https:\/\/i0.wp.com\/terjebjornstad.com\/no\/wp-content\/uploads\/2025\/10\/renault-rs-turbo-3e-1920x1280-1.jpg?fit=1200%2C800&ssl=1&resize=1050%2C600 3x"},"classes":[]},{"id":59995,"url":"https:\/\/terjebjornstad.com\/no\/2023\/05\/29\/nye-r5-i-kjomda-a290\/","url_meta":{"origin":76219,"position":5},"title":"Nye R5 i kj\u00f8mda","author":"Terje Bj\u00f8rnstad","date":"29\/05\/2023","format":false,"excerpt":"Renault Zoe tilbys ikke lenger i Norge. Innen f\u00f8rste halv\u00e5r av 2024 vil den forsvinne for godt fra utstillingsvinduene over hele Europa. Det finnes ingen direkte etterf\u00f8lger. Det er Fabrice Cambolive, sjef for Renault-divisjonen, som har opplyst dette til britisk bilpresse. Det er ingen overraskelse at dagens Zoe vil forsvinne.\u2026","rel":"","context":"i &quot;A290&quot;","block_context":{"text":"A290","link":"https:\/\/terjebjornstad.com\/no\/category\/alpine\/a290\/"},"img":{"alt_text":"","src":"https:\/\/i0.wp.com\/terjebjornstad.com\/no\/wp-content\/uploads\/2023\/05\/renault-5-roland-garros-1920x1080-1.jpg?fit=1200%2C675&ssl=1&resize=350%2C200","width":350,"height":200,"srcset":"https:\/\/i0.wp.com\/terjebjornstad.com\/no\/wp-content\/uploads\/2023\/05\/renault-5-roland-garros-1920x1080-1.jpg?fit=1200%2C675&ssl=1&resize=350%2C200 1x, https:\/\/i0.wp.com\/terjebjornstad.com\/no\/wp-content\/uploads\/2023\/05\/renault-5-roland-garros-1920x1080-1.jpg?fit=1200%2C675&ssl=1&resize=525%2C300 1.5x, https:\/\/i0.wp.com\/terjebjornstad.com\/no\/wp-content\/uploads\/2023\/05\/renault-5-roland-garros-1920x1080-1.jpg?fit=1200%2C675&ssl=1&resize=700%2C400 2x, https:\/\/i0.wp.com\/terjebjornstad.com\/no\/wp-content\/uploads\/2023\/05\/renault-5-roland-garros-1920x1080-1.jpg?fit=1200%2C675&ssl=1&resize=1050%2C600 3x"},"classes":[]}],"gt_translate_keys":[{"key":"link","format":"url"}],"_links":{"self":[{"href":"https:\/\/terjebjornstad.com\/no\/wp-json\/wp\/v2\/posts\/76219","targetHints":{"allow":["GET"]}}],"collection":[{"href":"https:\/\/terjebjornstad.com\/no\/wp-json\/wp\/v2\/posts"}],"about":[{"href":"https:\/\/terjebjornstad.com\/no\/wp-json\/wp\/v2\/types\/post"}],"author":[{"embeddable":true,"href":"https:\/\/terjebjornstad.com\/no\/wp-json\/wp\/v2\/users\/1"}],"replies":[{"embeddable":true,"href":"https:\/\/terjebjornstad.com\/no\/wp-json\/wp\/v2\/comments?post=76219"}],"version-history":[{"count":87,"href":"https:\/\/terjebjornstad.com\/no\/wp-json\/wp\/v2\/posts\/76219\/revisions"}],"predecessor-version":[{"id":89639,"href":"https:\/\/terjebjornstad.com\/no\/wp-json\/wp\/v2\/posts\/76219\/revisions\/89639"}],"wp:featuredmedia":[{"embeddable":true,"href":"https:\/\/terjebjornstad.com\/no\/wp-json\/wp\/v2\/media\/76249"}],"wp:attachment":[{"href":"https:\/\/terjebjornstad.com\/no\/wp-json\/wp\/v2\/media?parent=76219"}],"wp:term":[{"taxonomy":"category","embeddable":true,"href":"https:\/\/terjebjornstad.com\/no\/wp-json\/wp\/v2\/categories?post=76219"},{"taxonomy":"post_tag","embeddable":true,"href":"https:\/\/terjebjornstad.com\/no\/wp-json\/wp\/v2\/tags?post=76219"}],"curies":[{"name":"wp","href":"https:\/\/api.w.org\/{rel}","templated":true}]}}