{"id":75821,"date":"2024-10-07T18:08:57","date_gmt":"2024-10-07T17:08:57","guid":{"rendered":"https:\/\/terjebjornstad.com\/no\/?p=75821"},"modified":"2026-02-15T00:21:52","modified_gmt":"2026-02-14T23:21:52","slug":"sondagsfoto-biltreff-pa-kjopesenteret-carre-dor","status":"publish","type":"post","link":"https:\/\/terjebjornstad.com\/no\/2024\/10\/07\/sondagsfoto-biltreff-pa-kjopesenteret-carre-dor\/","title":{"rendered":"S\u00f8ndagsfoto: Biltreff p\u00e5 kj\u00f8pesenteret","gt_translate_keys":[{"key":"rendered","format":"text"}]},"content":{"rendered":"<div class=\"copy_teb\"><figure id=\"attachment_75834\" aria-describedby=\"caption-attachment-75834\" style=\"width: 1920px\" class=\"wp-caption aligncenter\"><a href=\"https:\/\/i0.wp.com\/terjebjornstad.com\/no\/wp-content\/uploads\/2024\/10\/renaiult-alpine-v6-turbo-rva-305-1920x1280-1.jpg?ssl=1\"><img data-recalc-dims=\"1\" loading=\"lazy\" decoding=\"async\" data-attachment-id=\"75834\" data-permalink=\"https:\/\/terjebjornstad.com\/no\/2024\/10\/07\/sondagsfoto-biltreff-pa-kjopesenteret-carre-dor\/renaiult-alpine-v6-turbo-rva-305-1920x1280\/\" data-orig-file=\"https:\/\/i0.wp.com\/terjebjornstad.com\/no\/wp-content\/uploads\/2024\/10\/renaiult-alpine-v6-turbo-rva-305-1920x1280-1.jpg?fit=1920%2C1280&amp;ssl=1\" data-orig-size=\"1920,1280\" data-comments-opened=\"1\" data-image-meta=\"{&quot;aperture&quot;:&quot;0&quot;,&quot;credit&quot;:&quot;&quot;,&quot;camera&quot;:&quot;&quot;,&quot;caption&quot;:&quot;&quot;,&quot;created_timestamp&quot;:&quot;0&quot;,&quot;copyright&quot;:&quot;&quot;,&quot;focal_length&quot;:&quot;0&quot;,&quot;iso&quot;:&quot;0&quot;,&quot;shutter_speed&quot;:&quot;0&quot;,&quot;title&quot;:&quot;&quot;,&quot;orientation&quot;:&quot;0&quot;}\" data-image-title=\"renaiult-alpine-v6-turbo-rva-305-1920&amp;#215;1280\" data-image-description=\"\" data-image-caption=\"&lt;p&gt;Alpine V6 Turbo fotografert p\u00e5 et biltreff i Perpignan, Frankrike.&lt;\/p&gt;\n\" data-large-file=\"https:\/\/i0.wp.com\/terjebjornstad.com\/no\/wp-content\/uploads\/2024\/10\/renaiult-alpine-v6-turbo-rva-305-1920x1280-1.jpg?fit=980%2C653&amp;ssl=1\" src=\"https:\/\/i0.wp.com\/terjebjornstad.com\/no\/wp-content\/uploads\/2024\/10\/renaiult-alpine-v6-turbo-rva-305-1920x1280-1.jpg?resize=980%2C653&#038;ssl=1\" alt=\"carre d'or\" width=\"980\" height=\"653\" class=\"size-full wp-image-75834\" srcset=\"https:\/\/i0.wp.com\/terjebjornstad.com\/no\/wp-content\/uploads\/2024\/10\/renaiult-alpine-v6-turbo-rva-305-1920x1280-1.jpg?w=1920&amp;ssl=1 1920w, https:\/\/i0.wp.com\/terjebjornstad.com\/no\/wp-content\/uploads\/2024\/10\/renaiult-alpine-v6-turbo-rva-305-1920x1280-1.jpg?resize=300%2C200&amp;ssl=1 300w, https:\/\/i0.wp.com\/terjebjornstad.com\/no\/wp-content\/uploads\/2024\/10\/renaiult-alpine-v6-turbo-rva-305-1920x1280-1.jpg?resize=1080%2C720&amp;ssl=1 1080w, https:\/\/i0.wp.com\/terjebjornstad.com\/no\/wp-content\/uploads\/2024\/10\/renaiult-alpine-v6-turbo-rva-305-1920x1280-1.jpg?resize=768%2C512&amp;ssl=1 768w, https:\/\/i0.wp.com\/terjebjornstad.com\/no\/wp-content\/uploads\/2024\/10\/renaiult-alpine-v6-turbo-rva-305-1920x1280-1.jpg?resize=1536%2C1024&amp;ssl=1 1536w, https:\/\/i0.wp.com\/terjebjornstad.com\/no\/wp-content\/uploads\/2024\/10\/renaiult-alpine-v6-turbo-rva-305-1920x1280-1.jpg?resize=690%2C460&amp;ssl=1 690w, https:\/\/i0.wp.com\/terjebjornstad.com\/no\/wp-content\/uploads\/2024\/10\/renaiult-alpine-v6-turbo-rva-305-1920x1280-1.jpg?resize=980%2C653&amp;ssl=1 980w\" sizes=\"auto, (max-width: 980px) 100vw, 980px\" \/><\/a><figcaption id=\"caption-attachment-75834\" class=\"wp-caption-text\">&nbsp;<\/figcaption><\/figure><\/p>\n<blockquote><p>Vi har v\u00e6rt her mange ganger tidligere &#8211; Carre d&#8217;Or kj\u00f8pesenter utenfor Perpignan i Frankrike. Den f\u00f8rste s\u00f8ndag i hver m\u00e5ned blir parkeringsomr\u00e5det benyttet til biltreff &#8211; i samme \u00e5nd som Cars and Coffee. Her kan man friske opp bilkunnskapene sine med biler man kanskje kun f\u00e5r se \u00e9n gang i livet.<\/p><\/blockquote>\n\n<figure id=\"attachment_75831\" aria-describedby=\"caption-attachment-75831\" style=\"width: 1920px\" class=\"wp-caption aligncenter\"><a href=\"https:\/\/i0.wp.com\/terjebjornstad.com\/no\/wp-content\/uploads\/2024\/10\/maserati-gran-turismo-1819-1920x1280-1.jpg?ssl=1\"><img data-recalc-dims=\"1\" loading=\"lazy\" decoding=\"async\" data-attachment-id=\"75831\" data-permalink=\"https:\/\/terjebjornstad.com\/no\/2024\/10\/07\/sondagsfoto-biltreff-pa-kjopesenteret-carre-dor\/maserati-gran-turismo-1819-1920x1280\/\" data-orig-file=\"https:\/\/i0.wp.com\/terjebjornstad.com\/no\/wp-content\/uploads\/2024\/10\/maserati-gran-turismo-1819-1920x1280-1.jpg?fit=1920%2C1280&amp;ssl=1\" data-orig-size=\"1920,1280\" data-comments-opened=\"1\" data-image-meta=\"{&quot;aperture&quot;:&quot;0&quot;,&quot;credit&quot;:&quot;&quot;,&quot;camera&quot;:&quot;&quot;,&quot;caption&quot;:&quot;&quot;,&quot;created_timestamp&quot;:&quot;0&quot;,&quot;copyright&quot;:&quot;&quot;,&quot;focal_length&quot;:&quot;0&quot;,&quot;iso&quot;:&quot;0&quot;,&quot;shutter_speed&quot;:&quot;0&quot;,&quot;title&quot;:&quot;&quot;,&quot;orientation&quot;:&quot;0&quot;}\" data-image-title=\"maserati-gran-turismo-1819-1920&amp;#215;1280\" data-image-description=\"\" data-image-caption=\"&lt;p&gt;Maserati Gran Turismo.&lt;\/p&gt;\n\" data-large-file=\"https:\/\/i0.wp.com\/terjebjornstad.com\/no\/wp-content\/uploads\/2024\/10\/maserati-gran-turismo-1819-1920x1280-1.jpg?fit=980%2C653&amp;ssl=1\" src=\"https:\/\/i0.wp.com\/terjebjornstad.com\/no\/wp-content\/uploads\/2024\/10\/maserati-gran-turismo-1819-1920x1280-1.jpg?resize=980%2C653&#038;ssl=1\" alt=\"carre d'or\" width=\"980\" height=\"653\" class=\"size-full wp-image-75831\" srcset=\"https:\/\/i0.wp.com\/terjebjornstad.com\/no\/wp-content\/uploads\/2024\/10\/maserati-gran-turismo-1819-1920x1280-1.jpg?w=1920&amp;ssl=1 1920w, https:\/\/i0.wp.com\/terjebjornstad.com\/no\/wp-content\/uploads\/2024\/10\/maserati-gran-turismo-1819-1920x1280-1.jpg?resize=300%2C200&amp;ssl=1 300w, https:\/\/i0.wp.com\/terjebjornstad.com\/no\/wp-content\/uploads\/2024\/10\/maserati-gran-turismo-1819-1920x1280-1.jpg?resize=1080%2C720&amp;ssl=1 1080w, https:\/\/i0.wp.com\/terjebjornstad.com\/no\/wp-content\/uploads\/2024\/10\/maserati-gran-turismo-1819-1920x1280-1.jpg?resize=768%2C512&amp;ssl=1 768w, https:\/\/i0.wp.com\/terjebjornstad.com\/no\/wp-content\/uploads\/2024\/10\/maserati-gran-turismo-1819-1920x1280-1.jpg?resize=1536%2C1024&amp;ssl=1 1536w, https:\/\/i0.wp.com\/terjebjornstad.com\/no\/wp-content\/uploads\/2024\/10\/maserati-gran-turismo-1819-1920x1280-1.jpg?resize=690%2C460&amp;ssl=1 690w, https:\/\/i0.wp.com\/terjebjornstad.com\/no\/wp-content\/uploads\/2024\/10\/maserati-gran-turismo-1819-1920x1280-1.jpg?resize=980%2C653&amp;ssl=1 980w\" sizes=\"auto, (max-width: 980px) 100vw, 980px\" \/><\/a><figcaption id=\"caption-attachment-75831\" class=\"wp-caption-text\">Maserati Gran Turismo.<\/figcaption><\/figure>\n<h3 class=\"tebh2\">Maserati eller Dodge?<\/h3>\n<p>Kona mi er med p\u00e5 turen og hun liker veldig godt Maserati p\u00e5 grunn av de smakfulle interi\u00f8ret med Maserati-monogram preget inn i de skinnkledte nakkest\u00f8ttene. Av og til snakker vi om hva vi skulle kj\u00f8pe hvis vi hadde vunnet i Lotto &#8211; for eksempel 130 millioner eller noe s\u00e5nt. Mens vi rusler blant de utstilte bilene p\u00e5 Carre d&#8217;Or sp\u00f8r hun meg om hvilken bil jeg ville kj\u00f8pe om vi vant i lotto. Jeg er ikke sikker, men <em>Maserati Gran Turismo<\/em> er en god kandidat. Ikke skal jeg kj\u00f8re fort, og ikke skal jeg imponere noen. Jeg \u00f8nsker meg bare en trivelig atmosf\u00e6re ute p\u00e5 veien. Litt lenger borte st\u00e5r en <em>Dodge Challenger SRT<\/em> med Hemi V8. Men interi\u00f8ret i Challenger er langt mindre ekslusivt enn italieneren. S\u00e5 koster den da ogs\u00e5 &laquo;bare&raquo; en tredjedel av hva man m\u00e5 gi for en ny Maserati Gran Turismo, &#8211; men s\u00e5nt betyr kanskje ikke s\u00e5 mye n\u00e5r man har vunnet i lotto?<\/p>\n<p>&nbsp;<br \/>\n<figure id=\"attachment_75828\" aria-describedby=\"caption-attachment-75828\" style=\"width: 1920px\" class=\"wp-caption aligncenter\"><a href=\"https:\/\/i0.wp.com\/terjebjornstad.com\/no\/wp-content\/uploads\/2024\/10\/dodge-challenger-srt-1920x1440-1.jpg?ssl=1\"><img data-recalc-dims=\"1\" loading=\"lazy\" decoding=\"async\" data-attachment-id=\"75828\" data-permalink=\"https:\/\/terjebjornstad.com\/no\/2024\/10\/07\/sondagsfoto-biltreff-pa-kjopesenteret-carre-dor\/dodge-challenger-srt-1920x1440\/\" data-orig-file=\"https:\/\/i0.wp.com\/terjebjornstad.com\/no\/wp-content\/uploads\/2024\/10\/dodge-challenger-srt-1920x1440-1.jpg?fit=1920%2C1440&amp;ssl=1\" data-orig-size=\"1920,1440\" data-comments-opened=\"1\" data-image-meta=\"{&quot;aperture&quot;:&quot;0&quot;,&quot;credit&quot;:&quot;&quot;,&quot;camera&quot;:&quot;&quot;,&quot;caption&quot;:&quot;&quot;,&quot;created_timestamp&quot;:&quot;0&quot;,&quot;copyright&quot;:&quot;&quot;,&quot;focal_length&quot;:&quot;0&quot;,&quot;iso&quot;:&quot;0&quot;,&quot;shutter_speed&quot;:&quot;0&quot;,&quot;title&quot;:&quot;&quot;,&quot;orientation&quot;:&quot;0&quot;}\" data-image-title=\"dodge-challenger-srt-1920&amp;#215;1440\" data-image-description=\"\" data-image-caption=\"&lt;p&gt;Dodge Challenger SRT&lt;\/p&gt;\n\" data-large-file=\"https:\/\/i0.wp.com\/terjebjornstad.com\/no\/wp-content\/uploads\/2024\/10\/dodge-challenger-srt-1920x1440-1.jpg?fit=980%2C735&amp;ssl=1\" src=\"https:\/\/i0.wp.com\/terjebjornstad.com\/no\/wp-content\/uploads\/2024\/10\/dodge-challenger-srt-1920x1440-1.jpg?resize=980%2C735&#038;ssl=1\" alt=\"carre d'or\" width=\"980\" height=\"735\" class=\"size-full wp-image-75828\" srcset=\"https:\/\/i0.wp.com\/terjebjornstad.com\/no\/wp-content\/uploads\/2024\/10\/dodge-challenger-srt-1920x1440-1.jpg?w=1920&amp;ssl=1 1920w, https:\/\/i0.wp.com\/terjebjornstad.com\/no\/wp-content\/uploads\/2024\/10\/dodge-challenger-srt-1920x1440-1.jpg?resize=300%2C225&amp;ssl=1 300w, https:\/\/i0.wp.com\/terjebjornstad.com\/no\/wp-content\/uploads\/2024\/10\/dodge-challenger-srt-1920x1440-1.jpg?resize=1080%2C810&amp;ssl=1 1080w, https:\/\/i0.wp.com\/terjebjornstad.com\/no\/wp-content\/uploads\/2024\/10\/dodge-challenger-srt-1920x1440-1.jpg?resize=768%2C576&amp;ssl=1 768w, https:\/\/i0.wp.com\/terjebjornstad.com\/no\/wp-content\/uploads\/2024\/10\/dodge-challenger-srt-1920x1440-1.jpg?resize=1536%2C1152&amp;ssl=1 1536w, https:\/\/i0.wp.com\/terjebjornstad.com\/no\/wp-content\/uploads\/2024\/10\/dodge-challenger-srt-1920x1440-1.jpg?resize=690%2C518&amp;ssl=1 690w, https:\/\/i0.wp.com\/terjebjornstad.com\/no\/wp-content\/uploads\/2024\/10\/dodge-challenger-srt-1920x1440-1.jpg?resize=980%2C735&amp;ssl=1 980w\" sizes=\"auto, (max-width: 980px) 100vw, 980px\" \/><\/a><figcaption id=\"caption-attachment-75828\" class=\"wp-caption-text\">Dodge Challenger SRT<\/figcaption><\/figure><\/p>\n<p><figure id=\"attachment_75830\" aria-describedby=\"caption-attachment-75830\" style=\"width: 1920px\" class=\"wp-caption aligncenter\"><a href=\"https:\/\/i0.wp.com\/terjebjornstad.com\/no\/wp-content\/uploads\/2024\/10\/ford-thunderbird-2gen-1920x1440-1.jpg?ssl=1\"><img data-recalc-dims=\"1\" loading=\"lazy\" decoding=\"async\" data-attachment-id=\"75830\" data-permalink=\"https:\/\/terjebjornstad.com\/no\/2024\/10\/07\/sondagsfoto-biltreff-pa-kjopesenteret-carre-dor\/ford-thunderbird-2gen-1920x1440\/\" data-orig-file=\"https:\/\/i0.wp.com\/terjebjornstad.com\/no\/wp-content\/uploads\/2024\/10\/ford-thunderbird-2gen-1920x1440-1.jpg?fit=1920%2C1440&amp;ssl=1\" data-orig-size=\"1920,1440\" data-comments-opened=\"1\" data-image-meta=\"{&quot;aperture&quot;:&quot;0&quot;,&quot;credit&quot;:&quot;&quot;,&quot;camera&quot;:&quot;&quot;,&quot;caption&quot;:&quot;&quot;,&quot;created_timestamp&quot;:&quot;0&quot;,&quot;copyright&quot;:&quot;&quot;,&quot;focal_length&quot;:&quot;0&quot;,&quot;iso&quot;:&quot;0&quot;,&quot;shutter_speed&quot;:&quot;0&quot;,&quot;title&quot;:&quot;&quot;,&quot;orientation&quot;:&quot;0&quot;}\" data-image-title=\"ford-thunderbird-2gen-1920&amp;#215;1440\" data-image-description=\"\" data-image-caption=\"&lt;p&gt;Ford Thunderbird mk2&lt;\/p&gt;\n\" data-large-file=\"https:\/\/i0.wp.com\/terjebjornstad.com\/no\/wp-content\/uploads\/2024\/10\/ford-thunderbird-2gen-1920x1440-1.jpg?fit=980%2C735&amp;ssl=1\" src=\"https:\/\/i0.wp.com\/terjebjornstad.com\/no\/wp-content\/uploads\/2024\/10\/ford-thunderbird-2gen-1920x1440-1.jpg?resize=980%2C735&#038;ssl=1\" alt=\"\" width=\"980\" height=\"735\" class=\"size-full wp-image-75830\" srcset=\"https:\/\/i0.wp.com\/terjebjornstad.com\/no\/wp-content\/uploads\/2024\/10\/ford-thunderbird-2gen-1920x1440-1.jpg?w=1920&amp;ssl=1 1920w, https:\/\/i0.wp.com\/terjebjornstad.com\/no\/wp-content\/uploads\/2024\/10\/ford-thunderbird-2gen-1920x1440-1.jpg?resize=300%2C225&amp;ssl=1 300w, https:\/\/i0.wp.com\/terjebjornstad.com\/no\/wp-content\/uploads\/2024\/10\/ford-thunderbird-2gen-1920x1440-1.jpg?resize=1080%2C810&amp;ssl=1 1080w, https:\/\/i0.wp.com\/terjebjornstad.com\/no\/wp-content\/uploads\/2024\/10\/ford-thunderbird-2gen-1920x1440-1.jpg?resize=768%2C576&amp;ssl=1 768w, https:\/\/i0.wp.com\/terjebjornstad.com\/no\/wp-content\/uploads\/2024\/10\/ford-thunderbird-2gen-1920x1440-1.jpg?resize=1536%2C1152&amp;ssl=1 1536w, https:\/\/i0.wp.com\/terjebjornstad.com\/no\/wp-content\/uploads\/2024\/10\/ford-thunderbird-2gen-1920x1440-1.jpg?resize=690%2C518&amp;ssl=1 690w, https:\/\/i0.wp.com\/terjebjornstad.com\/no\/wp-content\/uploads\/2024\/10\/ford-thunderbird-2gen-1920x1440-1.jpg?resize=980%2C735&amp;ssl=1 980w\" sizes=\"auto, (max-width: 980px) 100vw, 980px\" \/><\/a><figcaption id=\"caption-attachment-75830\" class=\"wp-caption-text\">Ford Thunderbird mk2<\/figcaption><\/figure><\/p>\n<p><figure id=\"attachment_75829\" aria-describedby=\"caption-attachment-75829\" style=\"width: 1920px\" class=\"wp-caption aligncenter\"><a href=\"https:\/\/i0.wp.com\/terjebjornstad.com\/no\/wp-content\/uploads\/2024\/10\/ford-thunderbird-2gen-1837-1920x1440-1.jpg?ssl=1\"><img data-recalc-dims=\"1\" loading=\"lazy\" decoding=\"async\" data-attachment-id=\"75829\" data-permalink=\"https:\/\/terjebjornstad.com\/no\/2024\/10\/07\/sondagsfoto-biltreff-pa-kjopesenteret-carre-dor\/ford-thunderbird-2gen-1837-1920x1440\/\" data-orig-file=\"https:\/\/i0.wp.com\/terjebjornstad.com\/no\/wp-content\/uploads\/2024\/10\/ford-thunderbird-2gen-1837-1920x1440-1.jpg?fit=1920%2C1440&amp;ssl=1\" data-orig-size=\"1920,1440\" data-comments-opened=\"1\" data-image-meta=\"{&quot;aperture&quot;:&quot;0&quot;,&quot;credit&quot;:&quot;&quot;,&quot;camera&quot;:&quot;&quot;,&quot;caption&quot;:&quot;&quot;,&quot;created_timestamp&quot;:&quot;0&quot;,&quot;copyright&quot;:&quot;&quot;,&quot;focal_length&quot;:&quot;0&quot;,&quot;iso&quot;:&quot;0&quot;,&quot;shutter_speed&quot;:&quot;0&quot;,&quot;title&quot;:&quot;&quot;,&quot;orientation&quot;:&quot;0&quot;}\" data-image-title=\"ford-thunderbird-2gen-1837-1920&amp;#215;1440\" data-image-description=\"\" data-image-caption=\"&lt;p&gt;1960 Ford Thunderbird&lt;\/p&gt;\n\" data-large-file=\"https:\/\/i0.wp.com\/terjebjornstad.com\/no\/wp-content\/uploads\/2024\/10\/ford-thunderbird-2gen-1837-1920x1440-1.jpg?fit=980%2C735&amp;ssl=1\" src=\"https:\/\/i0.wp.com\/terjebjornstad.com\/no\/wp-content\/uploads\/2024\/10\/ford-thunderbird-2gen-1837-1920x1440-1.jpg?resize=980%2C735&#038;ssl=1\" alt=\"\" width=\"980\" height=\"735\" class=\"size-full wp-image-75829\" srcset=\"https:\/\/i0.wp.com\/terjebjornstad.com\/no\/wp-content\/uploads\/2024\/10\/ford-thunderbird-2gen-1837-1920x1440-1.jpg?w=1920&amp;ssl=1 1920w, https:\/\/i0.wp.com\/terjebjornstad.com\/no\/wp-content\/uploads\/2024\/10\/ford-thunderbird-2gen-1837-1920x1440-1.jpg?resize=300%2C225&amp;ssl=1 300w, https:\/\/i0.wp.com\/terjebjornstad.com\/no\/wp-content\/uploads\/2024\/10\/ford-thunderbird-2gen-1837-1920x1440-1.jpg?resize=1080%2C810&amp;ssl=1 1080w, https:\/\/i0.wp.com\/terjebjornstad.com\/no\/wp-content\/uploads\/2024\/10\/ford-thunderbird-2gen-1837-1920x1440-1.jpg?resize=768%2C576&amp;ssl=1 768w, https:\/\/i0.wp.com\/terjebjornstad.com\/no\/wp-content\/uploads\/2024\/10\/ford-thunderbird-2gen-1837-1920x1440-1.jpg?resize=1536%2C1152&amp;ssl=1 1536w, https:\/\/i0.wp.com\/terjebjornstad.com\/no\/wp-content\/uploads\/2024\/10\/ford-thunderbird-2gen-1837-1920x1440-1.jpg?resize=690%2C518&amp;ssl=1 690w, https:\/\/i0.wp.com\/terjebjornstad.com\/no\/wp-content\/uploads\/2024\/10\/ford-thunderbird-2gen-1837-1920x1440-1.jpg?resize=980%2C735&amp;ssl=1 980w\" sizes=\"auto, (max-width: 980px) 100vw, 980px\" \/><\/a><figcaption id=\"caption-attachment-75829\" class=\"wp-caption-text\">1960 Ford Thunderbird<\/figcaption><\/figure><\/p>\n<figure id=\"attachment_75824\" aria-describedby=\"caption-attachment-75824\" style=\"width: 1920px\" class=\"wp-caption aligncenter\"><a href=\"https:\/\/i0.wp.com\/terjebjornstad.com\/no\/wp-content\/uploads\/2024\/10\/1987-porsche-911-3-2-l-backdated-1920x1440-1.jpg?ssl=1\"><img data-recalc-dims=\"1\" loading=\"lazy\" decoding=\"async\" data-attachment-id=\"75824\" data-permalink=\"https:\/\/terjebjornstad.com\/no\/2024\/10\/07\/sondagsfoto-biltreff-pa-kjopesenteret-carre-dor\/1987-porsche-911-3-2-l-backdated-1920x1440\/\" data-orig-file=\"https:\/\/i0.wp.com\/terjebjornstad.com\/no\/wp-content\/uploads\/2024\/10\/1987-porsche-911-3-2-l-backdated-1920x1440-1.jpg?fit=1920%2C1440&amp;ssl=1\" data-orig-size=\"1920,1440\" data-comments-opened=\"1\" data-image-meta=\"{&quot;aperture&quot;:&quot;0&quot;,&quot;credit&quot;:&quot;&quot;,&quot;camera&quot;:&quot;&quot;,&quot;caption&quot;:&quot;&quot;,&quot;created_timestamp&quot;:&quot;0&quot;,&quot;copyright&quot;:&quot;&quot;,&quot;focal_length&quot;:&quot;0&quot;,&quot;iso&quot;:&quot;0&quot;,&quot;shutter_speed&quot;:&quot;0&quot;,&quot;title&quot;:&quot;&quot;,&quot;orientation&quot;:&quot;0&quot;}\" data-image-title=\"1987-porsche-911-3-2-l-backdated-1920&amp;#215;1440\" data-image-description=\"\" data-image-caption=\"&lt;p&gt;Treffets fineste Porsche! 1987 Porsche 911 Backdated.&lt;\/p&gt;\n\" data-large-file=\"https:\/\/i0.wp.com\/terjebjornstad.com\/no\/wp-content\/uploads\/2024\/10\/1987-porsche-911-3-2-l-backdated-1920x1440-1.jpg?fit=980%2C735&amp;ssl=1\" src=\"https:\/\/i0.wp.com\/terjebjornstad.com\/no\/wp-content\/uploads\/2024\/10\/1987-porsche-911-3-2-l-backdated-1920x1440-1.jpg?resize=980%2C735&#038;ssl=1\" alt=\"carre d'or\" width=\"980\" height=\"735\" class=\"size-full wp-image-75824\" srcset=\"https:\/\/i0.wp.com\/terjebjornstad.com\/no\/wp-content\/uploads\/2024\/10\/1987-porsche-911-3-2-l-backdated-1920x1440-1.jpg?w=1920&amp;ssl=1 1920w, https:\/\/i0.wp.com\/terjebjornstad.com\/no\/wp-content\/uploads\/2024\/10\/1987-porsche-911-3-2-l-backdated-1920x1440-1.jpg?resize=300%2C225&amp;ssl=1 300w, https:\/\/i0.wp.com\/terjebjornstad.com\/no\/wp-content\/uploads\/2024\/10\/1987-porsche-911-3-2-l-backdated-1920x1440-1.jpg?resize=1080%2C810&amp;ssl=1 1080w, https:\/\/i0.wp.com\/terjebjornstad.com\/no\/wp-content\/uploads\/2024\/10\/1987-porsche-911-3-2-l-backdated-1920x1440-1.jpg?resize=768%2C576&amp;ssl=1 768w, https:\/\/i0.wp.com\/terjebjornstad.com\/no\/wp-content\/uploads\/2024\/10\/1987-porsche-911-3-2-l-backdated-1920x1440-1.jpg?resize=1536%2C1152&amp;ssl=1 1536w, https:\/\/i0.wp.com\/terjebjornstad.com\/no\/wp-content\/uploads\/2024\/10\/1987-porsche-911-3-2-l-backdated-1920x1440-1.jpg?resize=690%2C518&amp;ssl=1 690w, https:\/\/i0.wp.com\/terjebjornstad.com\/no\/wp-content\/uploads\/2024\/10\/1987-porsche-911-3-2-l-backdated-1920x1440-1.jpg?resize=980%2C735&amp;ssl=1 980w\" sizes=\"auto, (max-width: 980px) 100vw, 980px\" \/><\/a><figcaption id=\"caption-attachment-75824\" class=\"wp-caption-text\">Treffets fineste Porsche var denne Porsche 911 &laquo;backdated&raquo;.<\/figcaption><\/figure>\n<h3 class=\"tebh2\">Backdated<\/h3>\n<p>Jeg trengte bare \u00e5 ta et raskt blikk over plassen der Porsche&#8217;ne sto oppstilt, for \u00e5 oppdage den fineste av dem alle. Det er en 1987-modell &laquo;backdated&raquo; &#8211; en restomod med moderne teknikk og den klassiske, orginale Porsche-looken.<\/p>\n<p>&nbsp;<br \/>\n<figure id=\"attachment_75826\" aria-describedby=\"caption-attachment-75826\" style=\"width: 1920px\" class=\"wp-caption aligncenter\"><a href=\"https:\/\/i0.wp.com\/terjebjornstad.com\/no\/wp-content\/uploads\/2024\/10\/bmw-2002-1920x1440-1.jpg?ssl=1\"><img data-recalc-dims=\"1\" loading=\"lazy\" decoding=\"async\" data-attachment-id=\"75826\" data-permalink=\"https:\/\/terjebjornstad.com\/no\/2024\/10\/07\/sondagsfoto-biltreff-pa-kjopesenteret-carre-dor\/bmw-2002-1920x1440\/\" data-orig-file=\"https:\/\/i0.wp.com\/terjebjornstad.com\/no\/wp-content\/uploads\/2024\/10\/bmw-2002-1920x1440-1.jpg?fit=1920%2C1440&amp;ssl=1\" data-orig-size=\"1920,1440\" data-comments-opened=\"1\" data-image-meta=\"{&quot;aperture&quot;:&quot;0&quot;,&quot;credit&quot;:&quot;&quot;,&quot;camera&quot;:&quot;&quot;,&quot;caption&quot;:&quot;&quot;,&quot;created_timestamp&quot;:&quot;0&quot;,&quot;copyright&quot;:&quot;&quot;,&quot;focal_length&quot;:&quot;0&quot;,&quot;iso&quot;:&quot;0&quot;,&quot;shutter_speed&quot;:&quot;0&quot;,&quot;title&quot;:&quot;&quot;,&quot;orientation&quot;:&quot;0&quot;}\" data-image-title=\"bmw-2002-1920&amp;#215;1440\" data-image-description=\"\" data-image-caption=\"&lt;p&gt;BMW 2002&lt;\/p&gt;\n\" data-large-file=\"https:\/\/i0.wp.com\/terjebjornstad.com\/no\/wp-content\/uploads\/2024\/10\/bmw-2002-1920x1440-1.jpg?fit=980%2C735&amp;ssl=1\" src=\"https:\/\/i0.wp.com\/terjebjornstad.com\/no\/wp-content\/uploads\/2024\/10\/bmw-2002-1920x1440-1.jpg?resize=980%2C735&#038;ssl=1\" alt=\"\" width=\"980\" height=\"735\" class=\"size-full wp-image-75826\" srcset=\"https:\/\/i0.wp.com\/terjebjornstad.com\/no\/wp-content\/uploads\/2024\/10\/bmw-2002-1920x1440-1.jpg?w=1920&amp;ssl=1 1920w, https:\/\/i0.wp.com\/terjebjornstad.com\/no\/wp-content\/uploads\/2024\/10\/bmw-2002-1920x1440-1.jpg?resize=300%2C225&amp;ssl=1 300w, https:\/\/i0.wp.com\/terjebjornstad.com\/no\/wp-content\/uploads\/2024\/10\/bmw-2002-1920x1440-1.jpg?resize=1080%2C810&amp;ssl=1 1080w, https:\/\/i0.wp.com\/terjebjornstad.com\/no\/wp-content\/uploads\/2024\/10\/bmw-2002-1920x1440-1.jpg?resize=768%2C576&amp;ssl=1 768w, https:\/\/i0.wp.com\/terjebjornstad.com\/no\/wp-content\/uploads\/2024\/10\/bmw-2002-1920x1440-1.jpg?resize=1536%2C1152&amp;ssl=1 1536w, https:\/\/i0.wp.com\/terjebjornstad.com\/no\/wp-content\/uploads\/2024\/10\/bmw-2002-1920x1440-1.jpg?resize=690%2C518&amp;ssl=1 690w, https:\/\/i0.wp.com\/terjebjornstad.com\/no\/wp-content\/uploads\/2024\/10\/bmw-2002-1920x1440-1.jpg?resize=980%2C735&amp;ssl=1 980w\" sizes=\"auto, (max-width: 980px) 100vw, 980px\" \/><\/a><figcaption id=\"caption-attachment-75826\" class=\"wp-caption-text\">BMW 2002<\/figcaption><\/figure><\/p>\n<p><figure id=\"attachment_75825\" aria-describedby=\"caption-attachment-75825\" style=\"width: 1920px\" class=\"wp-caption aligncenter\"><a href=\"https:\/\/i0.wp.com\/terjebjornstad.com\/no\/wp-content\/uploads\/2024\/10\/bmw-2002-1920x1280-1.jpg?ssl=1\"><img data-recalc-dims=\"1\" loading=\"lazy\" decoding=\"async\" data-attachment-id=\"75825\" data-permalink=\"https:\/\/terjebjornstad.com\/no\/2024\/10\/07\/sondagsfoto-biltreff-pa-kjopesenteret-carre-dor\/bmw-2002-1920x1280\/\" data-orig-file=\"https:\/\/i0.wp.com\/terjebjornstad.com\/no\/wp-content\/uploads\/2024\/10\/bmw-2002-1920x1280-1.jpg?fit=1920%2C1280&amp;ssl=1\" data-orig-size=\"1920,1280\" data-comments-opened=\"1\" data-image-meta=\"{&quot;aperture&quot;:&quot;2.8&quot;,&quot;credit&quot;:&quot;&quot;,&quot;camera&quot;:&quot;DSC-RX100M3&quot;,&quot;caption&quot;:&quot;&quot;,&quot;created_timestamp&quot;:&quot;1728213657&quot;,&quot;copyright&quot;:&quot;&quot;,&quot;focal_length&quot;:&quot;11.81&quot;,&quot;iso&quot;:&quot;125&quot;,&quot;shutter_speed&quot;:&quot;0.0125&quot;,&quot;title&quot;:&quot;&quot;,&quot;orientation&quot;:&quot;1&quot;}\" data-image-title=\"bmw-2002-1920&amp;#215;1280\" data-image-description=\"\" data-image-caption=\"&lt;p&gt;BMW 2002&lt;\/p&gt;\n\" data-large-file=\"https:\/\/i0.wp.com\/terjebjornstad.com\/no\/wp-content\/uploads\/2024\/10\/bmw-2002-1920x1280-1.jpg?fit=980%2C653&amp;ssl=1\" src=\"https:\/\/i0.wp.com\/terjebjornstad.com\/no\/wp-content\/uploads\/2024\/10\/bmw-2002-1920x1280-1.jpg?resize=980%2C653&#038;ssl=1\" alt=\"\" width=\"980\" height=\"653\" class=\"size-full wp-image-75825\" srcset=\"https:\/\/i0.wp.com\/terjebjornstad.com\/no\/wp-content\/uploads\/2024\/10\/bmw-2002-1920x1280-1.jpg?w=1920&amp;ssl=1 1920w, https:\/\/i0.wp.com\/terjebjornstad.com\/no\/wp-content\/uploads\/2024\/10\/bmw-2002-1920x1280-1.jpg?resize=300%2C200&amp;ssl=1 300w, https:\/\/i0.wp.com\/terjebjornstad.com\/no\/wp-content\/uploads\/2024\/10\/bmw-2002-1920x1280-1.jpg?resize=1080%2C720&amp;ssl=1 1080w, https:\/\/i0.wp.com\/terjebjornstad.com\/no\/wp-content\/uploads\/2024\/10\/bmw-2002-1920x1280-1.jpg?resize=768%2C512&amp;ssl=1 768w, https:\/\/i0.wp.com\/terjebjornstad.com\/no\/wp-content\/uploads\/2024\/10\/bmw-2002-1920x1280-1.jpg?resize=1536%2C1024&amp;ssl=1 1536w, https:\/\/i0.wp.com\/terjebjornstad.com\/no\/wp-content\/uploads\/2024\/10\/bmw-2002-1920x1280-1.jpg?resize=690%2C460&amp;ssl=1 690w, https:\/\/i0.wp.com\/terjebjornstad.com\/no\/wp-content\/uploads\/2024\/10\/bmw-2002-1920x1280-1.jpg?resize=980%2C653&amp;ssl=1 980w\" sizes=\"auto, (max-width: 980px) 100vw, 980px\" \/><\/a><figcaption id=\"caption-attachment-75825\" class=\"wp-caption-text\">BMW 2002<\/figcaption><\/figure><\/p>\n<figure id=\"attachment_75832\" aria-describedby=\"caption-attachment-75832\" style=\"width: 1920px\" class=\"wp-caption aligncenter\"><a href=\"https:\/\/i0.wp.com\/terjebjornstad.com\/no\/wp-content\/uploads\/2024\/10\/panhard-dyna-x-1920x1280-1.jpg?ssl=1\"><img data-recalc-dims=\"1\" loading=\"lazy\" decoding=\"async\" data-attachment-id=\"75832\" data-permalink=\"https:\/\/terjebjornstad.com\/no\/2024\/10\/07\/sondagsfoto-biltreff-pa-kjopesenteret-carre-dor\/panhard-dyna-x-1920x1280\/\" data-orig-file=\"https:\/\/i0.wp.com\/terjebjornstad.com\/no\/wp-content\/uploads\/2024\/10\/panhard-dyna-x-1920x1280-1.jpg?fit=1920%2C1280&amp;ssl=1\" data-orig-size=\"1920,1280\" data-comments-opened=\"1\" data-image-meta=\"{&quot;aperture&quot;:&quot;0&quot;,&quot;credit&quot;:&quot;&quot;,&quot;camera&quot;:&quot;&quot;,&quot;caption&quot;:&quot;&quot;,&quot;created_timestamp&quot;:&quot;0&quot;,&quot;copyright&quot;:&quot;&quot;,&quot;focal_length&quot;:&quot;0&quot;,&quot;iso&quot;:&quot;0&quot;,&quot;shutter_speed&quot;:&quot;0&quot;,&quot;title&quot;:&quot;&quot;,&quot;orientation&quot;:&quot;0&quot;}\" data-image-title=\"panhard-dyna-x-1920&amp;#215;1280\" data-image-description=\"\" data-image-caption=\"&lt;p&gt;Treffets fineste bil! Panhard Dyna X&lt;\/p&gt;\n\" data-large-file=\"https:\/\/i0.wp.com\/terjebjornstad.com\/no\/wp-content\/uploads\/2024\/10\/panhard-dyna-x-1920x1280-1.jpg?fit=980%2C653&amp;ssl=1\" src=\"https:\/\/i0.wp.com\/terjebjornstad.com\/no\/wp-content\/uploads\/2024\/10\/panhard-dyna-x-1920x1280-1.jpg?resize=980%2C653&#038;ssl=1\" alt=\"carre d'or\" width=\"980\" height=\"653\" class=\"size-full wp-image-75832\" srcset=\"https:\/\/i0.wp.com\/terjebjornstad.com\/no\/wp-content\/uploads\/2024\/10\/panhard-dyna-x-1920x1280-1.jpg?w=1920&amp;ssl=1 1920w, https:\/\/i0.wp.com\/terjebjornstad.com\/no\/wp-content\/uploads\/2024\/10\/panhard-dyna-x-1920x1280-1.jpg?resize=300%2C200&amp;ssl=1 300w, https:\/\/i0.wp.com\/terjebjornstad.com\/no\/wp-content\/uploads\/2024\/10\/panhard-dyna-x-1920x1280-1.jpg?resize=1080%2C720&amp;ssl=1 1080w, https:\/\/i0.wp.com\/terjebjornstad.com\/no\/wp-content\/uploads\/2024\/10\/panhard-dyna-x-1920x1280-1.jpg?resize=768%2C512&amp;ssl=1 768w, https:\/\/i0.wp.com\/terjebjornstad.com\/no\/wp-content\/uploads\/2024\/10\/panhard-dyna-x-1920x1280-1.jpg?resize=1536%2C1024&amp;ssl=1 1536w, https:\/\/i0.wp.com\/terjebjornstad.com\/no\/wp-content\/uploads\/2024\/10\/panhard-dyna-x-1920x1280-1.jpg?resize=690%2C460&amp;ssl=1 690w, https:\/\/i0.wp.com\/terjebjornstad.com\/no\/wp-content\/uploads\/2024\/10\/panhard-dyna-x-1920x1280-1.jpg?resize=980%2C653&amp;ssl=1 980w\" sizes=\"auto, (max-width: 980px) 100vw, 980px\" \/><\/a><figcaption id=\"caption-attachment-75832\" class=\"wp-caption-text\">Treffets fineste bil! Panhard Dyna X<\/figcaption><\/figure>\n<h3 class=\"tebh2\">Panhard Dyna X<\/h3>\n<p>Den f\u00f8rste modellen etter krigen fikk karosseri i aluminium og en 2-sylindret luftavkj\u00f8lt motor &#8211; som etter hvert skulle bli et felles konsept for etterf\u00f8lgende modeller.<\/p>\n<h3 class=\"tebh2\">P\u00e5 to hjul i svingen<\/h3>\n<p>Vi hadde gleden av \u00e5 kj\u00f8re bak en Citroen Ami Break p\u00e5 vei til treffet. Det var herlig \u00e5 se hvordan den gynget og duvet p\u00e5 veien, spesielt i rundkj\u00f8ringene. Kona mi trodde bilen skulle velte med de to karene ombord. For noen ti\u00e5r siden spekulerte biljournalistene om Citroen&#8217;ene kunne velte. Det gj\u00f8r de ikke. Bilen svaier og krenger, men hjulene er plantet til underlaget hele tiden.<\/p>\n<p>&nbsp;<br \/>\n<figure id=\"attachment_75836\" aria-describedby=\"caption-attachment-75836\" style=\"width: 1280px\" class=\"wp-caption aligncenter\"><a href=\"https:\/\/i0.wp.com\/terjebjornstad.com\/no\/wp-content\/uploads\/2024\/10\/show4-10-1280x1707-1.jpg?ssl=1\"><img data-recalc-dims=\"1\" loading=\"lazy\" decoding=\"async\" data-attachment-id=\"75836\" data-permalink=\"https:\/\/terjebjornstad.com\/no\/2024\/10\/07\/sondagsfoto-biltreff-pa-kjopesenteret-carre-dor\/show4-10-1280x1707\/\" data-orig-file=\"https:\/\/i0.wp.com\/terjebjornstad.com\/no\/wp-content\/uploads\/2024\/10\/show4-10-1280x1707-1.jpg?fit=1280%2C1707&amp;ssl=1\" data-orig-size=\"1280,1707\" data-comments-opened=\"1\" data-image-meta=\"{&quot;aperture&quot;:&quot;2.2&quot;,&quot;credit&quot;:&quot;&quot;,&quot;camera&quot;:&quot;iPhone 12 Pro Max&quot;,&quot;caption&quot;:&quot;&quot;,&quot;created_timestamp&quot;:&quot;1728210176&quot;,&quot;copyright&quot;:&quot;&quot;,&quot;focal_length&quot;:&quot;7.5&quot;,&quot;iso&quot;:&quot;32&quot;,&quot;shutter_speed&quot;:&quot;0.01010101010101&quot;,&quot;title&quot;:&quot;&quot;,&quot;orientation&quot;:&quot;1&quot;}\" data-image-title=\"show4-10-1280&amp;#215;1707\" data-image-description=\"\" data-image-caption=\"&lt;p&gt;Vi fikk et glimt av denne Citroen Ami Break p\u00e5 vei til biltreffet.&lt;\/p&gt;\n\" data-large-file=\"https:\/\/i0.wp.com\/terjebjornstad.com\/no\/wp-content\/uploads\/2024\/10\/show4-10-1280x1707-1.jpg?fit=810%2C1080&amp;ssl=1\" src=\"https:\/\/i0.wp.com\/terjebjornstad.com\/no\/wp-content\/uploads\/2024\/10\/show4-10-1280x1707-1.jpg?resize=980%2C1307&#038;ssl=1\" alt=\"Vi fikk et glimt av denne Citroen Ami Break p\u00e5 vei til biltreffet.\" width=\"980\" height=\"1307\" class=\"size-full wp-image-75836\" srcset=\"https:\/\/i0.wp.com\/terjebjornstad.com\/no\/wp-content\/uploads\/2024\/10\/show4-10-1280x1707-1.jpg?w=1280&amp;ssl=1 1280w, https:\/\/i0.wp.com\/terjebjornstad.com\/no\/wp-content\/uploads\/2024\/10\/show4-10-1280x1707-1.jpg?resize=225%2C300&amp;ssl=1 225w, https:\/\/i0.wp.com\/terjebjornstad.com\/no\/wp-content\/uploads\/2024\/10\/show4-10-1280x1707-1.jpg?resize=810%2C1080&amp;ssl=1 810w, https:\/\/i0.wp.com\/terjebjornstad.com\/no\/wp-content\/uploads\/2024\/10\/show4-10-1280x1707-1.jpg?resize=768%2C1024&amp;ssl=1 768w, https:\/\/i0.wp.com\/terjebjornstad.com\/no\/wp-content\/uploads\/2024\/10\/show4-10-1280x1707-1.jpg?resize=1152%2C1536&amp;ssl=1 1152w, https:\/\/i0.wp.com\/terjebjornstad.com\/no\/wp-content\/uploads\/2024\/10\/show4-10-1280x1707-1.jpg?resize=690%2C920&amp;ssl=1 690w, https:\/\/i0.wp.com\/terjebjornstad.com\/no\/wp-content\/uploads\/2024\/10\/show4-10-1280x1707-1.jpg?resize=980%2C1307&amp;ssl=1 980w\" sizes=\"auto, (max-width: 980px) 100vw, 980px\" \/><\/a><figcaption id=\"caption-attachment-75836\" class=\"wp-caption-text\">Vi fikk et glimt av denne Citroen Ami Break p\u00e5 vei til biltreffet.<\/figcaption><\/figure><\/p>\n<p><figure id=\"attachment_75827\" aria-describedby=\"caption-attachment-75827\" style=\"width: 1920px\" class=\"wp-caption aligncenter\"><a href=\"https:\/\/i0.wp.com\/terjebjornstad.com\/no\/wp-content\/uploads\/2024\/10\/citroen-ami-break-phase1-1920x1280-1.jpg?ssl=1\"><img data-recalc-dims=\"1\" loading=\"lazy\" decoding=\"async\" data-attachment-id=\"75827\" data-permalink=\"https:\/\/terjebjornstad.com\/no\/2024\/10\/07\/sondagsfoto-biltreff-pa-kjopesenteret-carre-dor\/citroen-ami-break-phase1-1920x1280\/\" data-orig-file=\"https:\/\/i0.wp.com\/terjebjornstad.com\/no\/wp-content\/uploads\/2024\/10\/citroen-ami-break-phase1-1920x1280-1.jpg?fit=1920%2C1280&amp;ssl=1\" data-orig-size=\"1920,1280\" data-comments-opened=\"1\" data-image-meta=\"{&quot;aperture&quot;:&quot;0&quot;,&quot;credit&quot;:&quot;&quot;,&quot;camera&quot;:&quot;&quot;,&quot;caption&quot;:&quot;&quot;,&quot;created_timestamp&quot;:&quot;0&quot;,&quot;copyright&quot;:&quot;&quot;,&quot;focal_length&quot;:&quot;0&quot;,&quot;iso&quot;:&quot;0&quot;,&quot;shutter_speed&quot;:&quot;0&quot;,&quot;title&quot;:&quot;&quot;,&quot;orientation&quot;:&quot;0&quot;}\" data-image-title=\"citroen-ami-break-phase1-1920&amp;#215;1280\" data-image-description=\"\" data-image-caption=\"&lt;p&gt;Citroen Ami Break serie 2.&lt;\/p&gt;\n\" data-large-file=\"https:\/\/i0.wp.com\/terjebjornstad.com\/no\/wp-content\/uploads\/2024\/10\/citroen-ami-break-phase1-1920x1280-1.jpg?fit=980%2C653&amp;ssl=1\" src=\"https:\/\/i0.wp.com\/terjebjornstad.com\/no\/wp-content\/uploads\/2024\/10\/citroen-ami-break-phase1-1920x1280-1.jpg?resize=980%2C653&#038;ssl=1\" alt=\"\" width=\"980\" height=\"653\" class=\"size-full wp-image-75827\" srcset=\"https:\/\/i0.wp.com\/terjebjornstad.com\/no\/wp-content\/uploads\/2024\/10\/citroen-ami-break-phase1-1920x1280-1.jpg?w=1920&amp;ssl=1 1920w, https:\/\/i0.wp.com\/terjebjornstad.com\/no\/wp-content\/uploads\/2024\/10\/citroen-ami-break-phase1-1920x1280-1.jpg?resize=300%2C200&amp;ssl=1 300w, https:\/\/i0.wp.com\/terjebjornstad.com\/no\/wp-content\/uploads\/2024\/10\/citroen-ami-break-phase1-1920x1280-1.jpg?resize=1080%2C720&amp;ssl=1 1080w, https:\/\/i0.wp.com\/terjebjornstad.com\/no\/wp-content\/uploads\/2024\/10\/citroen-ami-break-phase1-1920x1280-1.jpg?resize=768%2C512&amp;ssl=1 768w, https:\/\/i0.wp.com\/terjebjornstad.com\/no\/wp-content\/uploads\/2024\/10\/citroen-ami-break-phase1-1920x1280-1.jpg?resize=1536%2C1024&amp;ssl=1 1536w, https:\/\/i0.wp.com\/terjebjornstad.com\/no\/wp-content\/uploads\/2024\/10\/citroen-ami-break-phase1-1920x1280-1.jpg?resize=690%2C460&amp;ssl=1 690w, https:\/\/i0.wp.com\/terjebjornstad.com\/no\/wp-content\/uploads\/2024\/10\/citroen-ami-break-phase1-1920x1280-1.jpg?resize=980%2C653&amp;ssl=1 980w\" sizes=\"auto, (max-width: 980px) 100vw, 980px\" \/><\/a><figcaption id=\"caption-attachment-75827\" class=\"wp-caption-text\">Citroen Ami Break serie 2.<\/figcaption><\/figure><\/p>\n<figure id=\"attachment_75833\" aria-describedby=\"caption-attachment-75833\" style=\"width: 1920px\" class=\"wp-caption aligncenter\"><a href=\"https:\/\/i0.wp.com\/terjebjornstad.com\/no\/wp-content\/uploads\/2024\/10\/peugeot-504-coupe.phase2-2330-1920x1440-1.jpg?ssl=1\"><img data-recalc-dims=\"1\" loading=\"lazy\" decoding=\"async\" data-attachment-id=\"75833\" data-permalink=\"https:\/\/terjebjornstad.com\/no\/2024\/10\/07\/sondagsfoto-biltreff-pa-kjopesenteret-carre-dor\/peugeot-504-coupe-phase2-2330-1920x1440\/\" data-orig-file=\"https:\/\/i0.wp.com\/terjebjornstad.com\/no\/wp-content\/uploads\/2024\/10\/peugeot-504-coupe.phase2-2330-1920x1440-1.jpg?fit=1920%2C1440&amp;ssl=1\" data-orig-size=\"1920,1440\" data-comments-opened=\"1\" data-image-meta=\"{&quot;aperture&quot;:&quot;0&quot;,&quot;credit&quot;:&quot;&quot;,&quot;camera&quot;:&quot;&quot;,&quot;caption&quot;:&quot;&quot;,&quot;created_timestamp&quot;:&quot;0&quot;,&quot;copyright&quot;:&quot;&quot;,&quot;focal_length&quot;:&quot;0&quot;,&quot;iso&quot;:&quot;0&quot;,&quot;shutter_speed&quot;:&quot;0&quot;,&quot;title&quot;:&quot;&quot;,&quot;orientation&quot;:&quot;0&quot;}\" data-image-title=\"peugeot-504-coupe.phase2-2330-1920&amp;#215;1440\" data-image-description=\"\" data-image-caption=\"&lt;p&gt;Peugeot 504 Coupe (serie 2).&lt;\/p&gt;\n\" data-large-file=\"https:\/\/i0.wp.com\/terjebjornstad.com\/no\/wp-content\/uploads\/2024\/10\/peugeot-504-coupe.phase2-2330-1920x1440-1.jpg?fit=980%2C735&amp;ssl=1\" src=\"https:\/\/i0.wp.com\/terjebjornstad.com\/no\/wp-content\/uploads\/2024\/10\/peugeot-504-coupe.phase2-2330-1920x1440-1.jpg?resize=980%2C735&#038;ssl=1\" alt=\"carre d'or\" width=\"980\" height=\"735\" class=\"size-full wp-image-75833\" srcset=\"https:\/\/i0.wp.com\/terjebjornstad.com\/no\/wp-content\/uploads\/2024\/10\/peugeot-504-coupe.phase2-2330-1920x1440-1.jpg?w=1920&amp;ssl=1 1920w, https:\/\/i0.wp.com\/terjebjornstad.com\/no\/wp-content\/uploads\/2024\/10\/peugeot-504-coupe.phase2-2330-1920x1440-1.jpg?resize=300%2C225&amp;ssl=1 300w, https:\/\/i0.wp.com\/terjebjornstad.com\/no\/wp-content\/uploads\/2024\/10\/peugeot-504-coupe.phase2-2330-1920x1440-1.jpg?resize=1080%2C810&amp;ssl=1 1080w, https:\/\/i0.wp.com\/terjebjornstad.com\/no\/wp-content\/uploads\/2024\/10\/peugeot-504-coupe.phase2-2330-1920x1440-1.jpg?resize=768%2C576&amp;ssl=1 768w, https:\/\/i0.wp.com\/terjebjornstad.com\/no\/wp-content\/uploads\/2024\/10\/peugeot-504-coupe.phase2-2330-1920x1440-1.jpg?resize=1536%2C1152&amp;ssl=1 1536w, https:\/\/i0.wp.com\/terjebjornstad.com\/no\/wp-content\/uploads\/2024\/10\/peugeot-504-coupe.phase2-2330-1920x1440-1.jpg?resize=690%2C518&amp;ssl=1 690w, https:\/\/i0.wp.com\/terjebjornstad.com\/no\/wp-content\/uploads\/2024\/10\/peugeot-504-coupe.phase2-2330-1920x1440-1.jpg?resize=980%2C735&amp;ssl=1 980w\" sizes=\"auto, (max-width: 980px) 100vw, 980px\" \/><\/a><figcaption id=\"caption-attachment-75833\" class=\"wp-caption-text\">Peugeot 504 Coupe (serie 2).<\/figcaption><\/figure>\n<figure id=\"attachment_75835\" aria-describedby=\"caption-attachment-75835\" style=\"width: 1920px\" class=\"wp-caption aligncenter\"><a href=\"https:\/\/i0.wp.com\/terjebjornstad.com\/no\/wp-content\/uploads\/2024\/10\/renault-alpine-v6-turbo-1920x1440-1.jpg?ssl=1\"><img data-recalc-dims=\"1\" loading=\"lazy\" decoding=\"async\" data-attachment-id=\"75835\" data-permalink=\"https:\/\/terjebjornstad.com\/no\/2024\/10\/07\/sondagsfoto-biltreff-pa-kjopesenteret-carre-dor\/renault-alpine-v6-turbo-1920x1440\/\" data-orig-file=\"https:\/\/i0.wp.com\/terjebjornstad.com\/no\/wp-content\/uploads\/2024\/10\/renault-alpine-v6-turbo-1920x1440-1.jpg?fit=1920%2C1440&amp;ssl=1\" data-orig-size=\"1920,1440\" data-comments-opened=\"1\" data-image-meta=\"{&quot;aperture&quot;:&quot;0&quot;,&quot;credit&quot;:&quot;&quot;,&quot;camera&quot;:&quot;&quot;,&quot;caption&quot;:&quot;&quot;,&quot;created_timestamp&quot;:&quot;0&quot;,&quot;copyright&quot;:&quot;&quot;,&quot;focal_length&quot;:&quot;0&quot;,&quot;iso&quot;:&quot;0&quot;,&quot;shutter_speed&quot;:&quot;0&quot;,&quot;title&quot;:&quot;&quot;,&quot;orientation&quot;:&quot;0&quot;}\" data-image-title=\"renault-alpine-v6-turbo-1920&amp;#215;1440\" data-image-description=\"\" data-image-caption=\"&lt;p&gt;Alpine V6 Turbo&lt;\/p&gt;\n\" data-large-file=\"https:\/\/i0.wp.com\/terjebjornstad.com\/no\/wp-content\/uploads\/2024\/10\/renault-alpine-v6-turbo-1920x1440-1.jpg?fit=980%2C735&amp;ssl=1\" src=\"https:\/\/i0.wp.com\/terjebjornstad.com\/no\/wp-content\/uploads\/2024\/10\/renault-alpine-v6-turbo-1920x1440-1.jpg?resize=980%2C735&#038;ssl=1\" alt=\"carre d'or\" width=\"980\" height=\"735\" class=\"size-full wp-image-75835\" srcset=\"https:\/\/i0.wp.com\/terjebjornstad.com\/no\/wp-content\/uploads\/2024\/10\/renault-alpine-v6-turbo-1920x1440-1.jpg?w=1920&amp;ssl=1 1920w, https:\/\/i0.wp.com\/terjebjornstad.com\/no\/wp-content\/uploads\/2024\/10\/renault-alpine-v6-turbo-1920x1440-1.jpg?resize=300%2C225&amp;ssl=1 300w, https:\/\/i0.wp.com\/terjebjornstad.com\/no\/wp-content\/uploads\/2024\/10\/renault-alpine-v6-turbo-1920x1440-1.jpg?resize=1080%2C810&amp;ssl=1 1080w, https:\/\/i0.wp.com\/terjebjornstad.com\/no\/wp-content\/uploads\/2024\/10\/renault-alpine-v6-turbo-1920x1440-1.jpg?resize=768%2C576&amp;ssl=1 768w, https:\/\/i0.wp.com\/terjebjornstad.com\/no\/wp-content\/uploads\/2024\/10\/renault-alpine-v6-turbo-1920x1440-1.jpg?resize=1536%2C1152&amp;ssl=1 1536w, https:\/\/i0.wp.com\/terjebjornstad.com\/no\/wp-content\/uploads\/2024\/10\/renault-alpine-v6-turbo-1920x1440-1.jpg?resize=690%2C518&amp;ssl=1 690w, https:\/\/i0.wp.com\/terjebjornstad.com\/no\/wp-content\/uploads\/2024\/10\/renault-alpine-v6-turbo-1920x1440-1.jpg?resize=980%2C735&amp;ssl=1 980w\" sizes=\"auto, (max-width: 980px) 100vw, 980px\" \/><\/a><figcaption id=\"caption-attachment-75835\" class=\"wp-caption-text\">Alpine V6 Turbo<\/figcaption><\/figure>\n<h3 class=\"tebh2\">Alpine V6 Turbo<\/h3>\n<p>Modellen ble utviklet etter at Renault overtok Alpine. Bilene er bygget i glassfiber p\u00e5 st\u00e5lr\u00f8rsramme med en V6-motor i aluminium, basert p\u00e5 den s\u00e5kalte PRV-motoren. Alpine GTA kunne leveres med to motorvalg, \u2013 <em>V6 GTA<\/em> med 160 HK og <em>V6 Turbo<\/em> med 200 HK.<\/p>\n<p>&nbsp;<br \/>\n<div id=\"v-xL042i7c-1\" class=\"video-player\"><iframe title='VideoPress videoavspiller' aria-label='VideoPress videoavspiller' width='980' height='550' src='https:\/\/videopress.com\/embed\/xL042i7c?hd=1&amp;cover=1&amp;loop=0&amp;autoPlay=0&amp;permalink=1&amp;muted=0&amp;controls=1&amp;playsinline=0&amp;useAverageColor=0&amp;preloadContent=metadata' frameborder='0' allowfullscreen data-resize-to-parent=\"true\" allow='clipboard-write'><\/iframe><script data-jetpack-boost=\"ignore\" src='https:\/\/s0.wp.com\/wp-content\/plugins\/video\/assets\/js\/next\/videopress-iframe.js'><\/script><\/div><\/p>\n<h3 class=\"tebh2\">Se ogs\u00e5<\/h3>\n<p><a href=\"https:\/\/terjebjornstad.com\/no\/2024\/06\/03\/sondagsfoto-et-gyllent-biltreff-carre-d-or\/\"><img data-recalc-dims=\"1\" loading=\"lazy\" decoding=\"async\" data-attachment-id=\"72654\" data-permalink=\"https:\/\/terjebjornstad.com\/no\/?attachment_id=72654\" data-orig-file=\"https:\/\/i0.wp.com\/terjebjornstad.com\/no\/wp-content\/uploads\/2024\/06\/rva66-2024-06.png?fit=235%2C157&amp;ssl=1\" data-orig-size=\"235,157\" data-comments-opened=\"1\" data-image-meta=\"{&quot;aperture&quot;:&quot;0&quot;,&quot;credit&quot;:&quot;&quot;,&quot;camera&quot;:&quot;&quot;,&quot;caption&quot;:&quot;&quot;,&quot;created_timestamp&quot;:&quot;0&quot;,&quot;copyright&quot;:&quot;&quot;,&quot;focal_length&quot;:&quot;0&quot;,&quot;iso&quot;:&quot;0&quot;,&quot;shutter_speed&quot;:&quot;0&quot;,&quot;title&quot;:&quot;&quot;,&quot;orientation&quot;:&quot;0&quot;}\" data-image-title=\"rva66-2024-06\" data-image-description=\"\" data-image-caption=\"\" data-large-file=\"https:\/\/i0.wp.com\/terjebjornstad.com\/no\/wp-content\/uploads\/2024\/06\/rva66-2024-06.png?fit=235%2C157&amp;ssl=1\" src=\"https:\/\/i0.wp.com\/terjebjornstad.com\/no\/wp-content\/uploads\/2024\/06\/rva66-2024-06.png?resize=235%2C157&#038;ssl=1\" alt=\"biltreff\" width=\"235\" height=\"157\" class=\"alignleft size-full wp-image-72654\" \/><\/a><a href=\"https:\/\/terjebjornstad.com\/no\/2024\/05\/06\/bilder-fra-rva66-nr-300\/\"><img data-recalc-dims=\"1\" loading=\"lazy\" decoding=\"async\" data-attachment-id=\"71619\" data-permalink=\"https:\/\/terjebjornstad.com\/no\/bildekatalogen\/rva-2024-05-05-235\/\" data-orig-file=\"https:\/\/i0.wp.com\/terjebjornstad.com\/no\/wp-content\/uploads\/2024\/05\/rva-2024-05-05-235.png?fit=235%2C157&amp;ssl=1\" data-orig-size=\"235,157\" data-comments-opened=\"1\" data-image-meta=\"{&quot;aperture&quot;:&quot;0&quot;,&quot;credit&quot;:&quot;&quot;,&quot;camera&quot;:&quot;&quot;,&quot;caption&quot;:&quot;&quot;,&quot;created_timestamp&quot;:&quot;0&quot;,&quot;copyright&quot;:&quot;&quot;,&quot;focal_length&quot;:&quot;0&quot;,&quot;iso&quot;:&quot;0&quot;,&quot;shutter_speed&quot;:&quot;0&quot;,&quot;title&quot;:&quot;&quot;,&quot;orientation&quot;:&quot;0&quot;}\" data-image-title=\"rva-2024-05-05-235\" data-image-description=\"\" data-image-caption=\"\" data-large-file=\"https:\/\/i0.wp.com\/terjebjornstad.com\/no\/wp-content\/uploads\/2024\/05\/rva-2024-05-05-235.png?fit=235%2C157&amp;ssl=1\" src=\"https:\/\/i0.wp.com\/terjebjornstad.com\/no\/wp-content\/uploads\/2024\/05\/rva-2024-05-05-235.png?resize=235%2C157&#038;ssl=1\" alt=\"rva66\" width=\"235\" height=\"157\" class=\"alignleft size-full wp-image-71619\" \/><\/a><a href=\"https:\/\/terjebjornstad.com\/no\/2023\/10\/02\/fotosondag-perpignan-10-2023-c15\/\"><img data-recalc-dims=\"1\" loading=\"lazy\" decoding=\"async\" data-attachment-id=\"64710\" data-permalink=\"https:\/\/terjebjornstad.com\/no\/biltreff\/rsv-2023-10-235\/\" data-orig-file=\"https:\/\/i0.wp.com\/terjebjornstad.com\/no\/wp-content\/uploads\/2023\/10\/rsv-2023-10-235.jpg?fit=235%2C157&amp;ssl=1\" data-orig-size=\"235,157\" data-comments-opened=\"1\" data-image-meta=\"{&quot;aperture&quot;:&quot;0&quot;,&quot;credit&quot;:&quot;&quot;,&quot;camera&quot;:&quot;&quot;,&quot;caption&quot;:&quot;&quot;,&quot;created_timestamp&quot;:&quot;0&quot;,&quot;copyright&quot;:&quot;&quot;,&quot;focal_length&quot;:&quot;0&quot;,&quot;iso&quot;:&quot;0&quot;,&quot;shutter_speed&quot;:&quot;0&quot;,&quot;title&quot;:&quot;&quot;,&quot;orientation&quot;:&quot;0&quot;}\" data-image-title=\"rsv-2023-10-235\" data-image-description=\"\" data-image-caption=\"\" data-large-file=\"https:\/\/i0.wp.com\/terjebjornstad.com\/no\/wp-content\/uploads\/2023\/10\/rsv-2023-10-235.jpg?fit=235%2C157&amp;ssl=1\" src=\"https:\/\/i0.wp.com\/terjebjornstad.com\/no\/wp-content\/uploads\/2024\/05\/rsv-2023-10-235.png?resize=235%2C157&#038;ssl=1\" alt=\"perpignan\" width=\"235\" height=\"157\" class=\"alignleft size-full wp-image-64710\" \/><\/a><\/p>\n<h6><\/h6>\n<p><a href=\"https:\/\/www.carredor-perpignan.com\/\" target=\"_blank\" rel=\"noopener\"><strong>Carre d&#8217;Or Perpignan<\/strong><\/a><\/p>\n<h6><\/h6>\n<\/div>\n","protected":false,"gt_translate_keys":[{"key":"rendered","format":"html"}]},"excerpt":{"rendered":"<p>Vi har v\u00e6rt her mange ganger tidligere &#8211; Carre d&#8217;Or kj\u00f8pesenter utenfor Perpignan i Frankrike. Den f\u00f8rste s\u00f8ndag i hver m\u00e5ned blir parkeringsomr\u00e5det benyttet til biltreff &#8211; i samme \u00e5nd som Cars and Coffee. Her kan man friske opp bilkunnskapene sine med biler man kanskje kun f\u00e5r se \u00e9n gang i livet. Maserati eller Dodge? [&hellip;]<\/p>\n","protected":false,"gt_translate_keys":[{"key":"rendered","format":"html"}]},"author":1,"featured_media":75834,"comment_status":"open","ping_status":"open","sticky":false,"template":"","format":"standard","meta":{"_monsterinsights_skip_tracking":false,"_monsterinsights_sitenote_active":false,"_monsterinsights_sitenote_note":"","_monsterinsights_sitenote_category":0,"jetpack_post_was_ever_published":false,"_jetpack_newsletter_access":"","_jetpack_dont_email_post_to_subs":false,"_jetpack_newsletter_tier_id":0,"_jetpack_memberships_contains_paywalled_content":false,"_jetpack_memberships_contains_paid_content":false,"footnotes":"","jetpack_publicize_message":"","jetpack_publicize_feature_enabled":true,"jetpack_social_post_already_shared":true,"jetpack_social_options":{"image_generator_settings":{"template":"highway","default_image_id":0,"font":"","enabled":false},"version":2}},"categories":[34,4374,4852],"tags":[1852,4673,5308,4672],"class_list":["post-75821","post","type-post","status-publish","format-standard","has-post-thumbnail","hentry","category-artikkel","category-biltreff","category-rva66","tag-biltreff","tag-carre-dor","tag-frankrike","tag-perpignan"],"yoast_head":"<!-- This site is optimized with the Yoast SEO plugin v27.5 - https:\/\/yoast.com\/product\/yoast-seo-wordpress\/ -->\n<title>S\u00f8ndagsfoto: Biltreff p\u00e5 kj\u00f8pesenteret - Terjes biler<\/title>\n<meta name=\"description\" content=\"Under biltreffene p\u00e5 Carre d&#039;Or kj\u00f8pesenter kan man se biler man kanskje bare f\u00e5r se en eneste gang i livet.\" \/>\n<meta name=\"robots\" content=\"index, follow, max-snippet:-1, max-image-preview:large, max-video-preview:-1\" \/>\n<link rel=\"canonical\" href=\"https:\/\/terjebjornstad.com\/no\/2024\/10\/07\/sondagsfoto-biltreff-pa-kjopesenteret-carre-dor\/\" \/>\n<meta property=\"og:locale\" content=\"nb_NO\" \/>\n<meta property=\"og:type\" content=\"article\" \/>\n<meta property=\"og:title\" content=\"S\u00f8ndagsfoto: Biltreff p\u00e5 kj\u00f8pesenteret - Terjes biler\" \/>\n<meta property=\"og:description\" content=\"Under biltreffene p\u00e5 Carre d&#039;Or kj\u00f8pesenter kan man se biler man kanskje bare f\u00e5r se en eneste gang i livet.\" \/>\n<meta property=\"og:url\" content=\"https:\/\/terjebjornstad.com\/no\/2024\/10\/07\/sondagsfoto-biltreff-pa-kjopesenteret-carre-dor\/\" \/>\n<meta property=\"og:site_name\" content=\"Terjes biler\" \/>\n<meta property=\"article:publisher\" content=\"https:\/\/www.facebook.com\/terjesbiler\/\" \/>\n<meta property=\"article:author\" content=\"https:\/\/www.facebook.com\/terjesbiler\" \/>\n<meta property=\"article:published_time\" content=\"2024-10-07T17:08:57+00:00\" \/>\n<meta property=\"article:modified_time\" content=\"2026-02-14T23:21:52+00:00\" \/>\n<meta property=\"og:image\" content=\"https:\/\/terjebjornstad.com\/no\/wp-content\/uploads\/2024\/10\/renaiult-alpine-v6-turbo-rva-305-1920x1280-1.jpg\" \/>\n\t<meta property=\"og:image:width\" content=\"1920\" \/>\n\t<meta property=\"og:image:height\" content=\"1280\" \/>\n\t<meta property=\"og:image:type\" content=\"image\/jpeg\" \/>\n<meta name=\"author\" content=\"Terje Bj\u00f8rnstad\" \/>\n<meta name=\"twitter:card\" content=\"summary_large_image\" \/>\n<meta name=\"twitter:label1\" content=\"Skrevet av\" \/>\n\t<meta name=\"twitter:data1\" content=\"Terje Bj\u00f8rnstad\" \/>\n\t<meta name=\"twitter:label2\" content=\"Ansl. lesetid\" \/>\n\t<meta name=\"twitter:data2\" content=\"6 minutter\" \/>\n<script type=\"application\/ld+json\" class=\"yoast-schema-graph\">{\"@context\":\"https:\\\/\\\/schema.org\",\"@graph\":[{\"@type\":\"Article\",\"@id\":\"https:\\\/\\\/terjebjornstad.com\\\/no\\\/2024\\\/10\\\/07\\\/sondagsfoto-biltreff-pa-kjopesenteret-carre-dor\\\/#article\",\"isPartOf\":{\"@id\":\"https:\\\/\\\/terjebjornstad.com\\\/no\\\/2024\\\/10\\\/07\\\/sondagsfoto-biltreff-pa-kjopesenteret-carre-dor\\\/\"},\"author\":{\"name\":\"Terje Bj\u00f8rnstad\",\"@id\":\"https:\\\/\\\/terjebjornstad.com\\\/no\\\/#\\\/schema\\\/person\\\/a281f6a6e0f3cc9fe468e7f0c655aa65\"},\"headline\":\"S\u00f8ndagsfoto: Biltreff p\u00e5 kj\u00f8pesenteret\",\"datePublished\":\"2024-10-07T17:08:57+00:00\",\"dateModified\":\"2026-02-14T23:21:52+00:00\",\"mainEntityOfPage\":{\"@id\":\"https:\\\/\\\/terjebjornstad.com\\\/no\\\/2024\\\/10\\\/07\\\/sondagsfoto-biltreff-pa-kjopesenteret-carre-dor\\\/\"},\"wordCount\":611,\"commentCount\":0,\"publisher\":{\"@id\":\"https:\\\/\\\/terjebjornstad.com\\\/no\\\/#organization\"},\"image\":{\"@id\":\"https:\\\/\\\/terjebjornstad.com\\\/no\\\/2024\\\/10\\\/07\\\/sondagsfoto-biltreff-pa-kjopesenteret-carre-dor\\\/#primaryimage\"},\"thumbnailUrl\":\"https:\\\/\\\/i0.wp.com\\\/terjebjornstad.com\\\/no\\\/wp-content\\\/uploads\\\/2024\\\/10\\\/renaiult-alpine-v6-turbo-rva-305-1920x1280-1.jpg?fit=1920%2C1280&ssl=1\",\"keywords\":[\"Biltreff\",\"Carre d'Or\",\"frankrike\",\"Perpignan\"],\"articleSection\":[\"Artikkel\",\"Biltreff\",\"RVA66\"],\"inLanguage\":\"nb-NO\",\"potentialAction\":[{\"@type\":\"CommentAction\",\"name\":\"Comment\",\"target\":[\"https:\\\/\\\/terjebjornstad.com\\\/no\\\/2024\\\/10\\\/07\\\/sondagsfoto-biltreff-pa-kjopesenteret-carre-dor\\\/#respond\"]}]},{\"@type\":\"WebPage\",\"@id\":\"https:\\\/\\\/terjebjornstad.com\\\/no\\\/2024\\\/10\\\/07\\\/sondagsfoto-biltreff-pa-kjopesenteret-carre-dor\\\/\",\"url\":\"https:\\\/\\\/terjebjornstad.com\\\/no\\\/2024\\\/10\\\/07\\\/sondagsfoto-biltreff-pa-kjopesenteret-carre-dor\\\/\",\"name\":\"S\u00f8ndagsfoto: Biltreff p\u00e5 kj\u00f8pesenteret - Terjes biler\",\"isPartOf\":{\"@id\":\"https:\\\/\\\/terjebjornstad.com\\\/no\\\/#website\"},\"primaryImageOfPage\":{\"@id\":\"https:\\\/\\\/terjebjornstad.com\\\/no\\\/2024\\\/10\\\/07\\\/sondagsfoto-biltreff-pa-kjopesenteret-carre-dor\\\/#primaryimage\"},\"image\":{\"@id\":\"https:\\\/\\\/terjebjornstad.com\\\/no\\\/2024\\\/10\\\/07\\\/sondagsfoto-biltreff-pa-kjopesenteret-carre-dor\\\/#primaryimage\"},\"thumbnailUrl\":\"https:\\\/\\\/i0.wp.com\\\/terjebjornstad.com\\\/no\\\/wp-content\\\/uploads\\\/2024\\\/10\\\/renaiult-alpine-v6-turbo-rva-305-1920x1280-1.jpg?fit=1920%2C1280&ssl=1\",\"datePublished\":\"2024-10-07T17:08:57+00:00\",\"dateModified\":\"2026-02-14T23:21:52+00:00\",\"description\":\"Under biltreffene p\u00e5 Carre d'Or kj\u00f8pesenter kan man se biler man kanskje bare f\u00e5r se en eneste gang i livet.\",\"breadcrumb\":{\"@id\":\"https:\\\/\\\/terjebjornstad.com\\\/no\\\/2024\\\/10\\\/07\\\/sondagsfoto-biltreff-pa-kjopesenteret-carre-dor\\\/#breadcrumb\"},\"inLanguage\":\"nb-NO\",\"potentialAction\":[{\"@type\":\"ReadAction\",\"target\":[\"https:\\\/\\\/terjebjornstad.com\\\/no\\\/2024\\\/10\\\/07\\\/sondagsfoto-biltreff-pa-kjopesenteret-carre-dor\\\/\"]}]},{\"@type\":\"ImageObject\",\"inLanguage\":\"nb-NO\",\"@id\":\"https:\\\/\\\/terjebjornstad.com\\\/no\\\/2024\\\/10\\\/07\\\/sondagsfoto-biltreff-pa-kjopesenteret-carre-dor\\\/#primaryimage\",\"url\":\"https:\\\/\\\/i0.wp.com\\\/terjebjornstad.com\\\/no\\\/wp-content\\\/uploads\\\/2024\\\/10\\\/renaiult-alpine-v6-turbo-rva-305-1920x1280-1.jpg?fit=1920%2C1280&ssl=1\",\"contentUrl\":\"https:\\\/\\\/i0.wp.com\\\/terjebjornstad.com\\\/no\\\/wp-content\\\/uploads\\\/2024\\\/10\\\/renaiult-alpine-v6-turbo-rva-305-1920x1280-1.jpg?fit=1920%2C1280&ssl=1\",\"width\":1920,\"height\":1280,\"caption\":\"Alpine V6 Turbo fotografert p\u00e5 et biltreff i Perpignan, Frankrike.\"},{\"@type\":\"BreadcrumbList\",\"@id\":\"https:\\\/\\\/terjebjornstad.com\\\/no\\\/2024\\\/10\\\/07\\\/sondagsfoto-biltreff-pa-kjopesenteret-carre-dor\\\/#breadcrumb\",\"itemListElement\":[{\"@type\":\"ListItem\",\"position\":1,\"name\":\"Hjem\",\"item\":\"https:\\\/\\\/terjebjornstad.com\\\/no\\\/\"},{\"@type\":\"ListItem\",\"position\":2,\"name\":\"S\u00f8ndagsfoto: Biltreff p\u00e5 kj\u00f8pesenteret\"}]},{\"@type\":\"WebSite\",\"@id\":\"https:\\\/\\\/terjebjornstad.com\\\/no\\\/#website\",\"url\":\"https:\\\/\\\/terjebjornstad.com\\\/no\\\/\",\"name\":\"Terjes biler\",\"description\":\"HONEST ABOUT CARS\",\"publisher\":{\"@id\":\"https:\\\/\\\/terjebjornstad.com\\\/no\\\/#organization\"},\"alternateName\":\"Terjebjornstad.com\",\"potentialAction\":[{\"@type\":\"SearchAction\",\"target\":{\"@type\":\"EntryPoint\",\"urlTemplate\":\"https:\\\/\\\/terjebjornstad.com\\\/no\\\/?s={search_term_string}\"},\"query-input\":{\"@type\":\"PropertyValueSpecification\",\"valueRequired\":true,\"valueName\":\"search_term_string\"}}],\"inLanguage\":\"nb-NO\"},{\"@type\":\"Organization\",\"@id\":\"https:\\\/\\\/terjebjornstad.com\\\/no\\\/#organization\",\"name\":\"Terje Bj\u00f8rnstad ENK\",\"url\":\"https:\\\/\\\/terjebjornstad.com\\\/no\\\/\",\"logo\":{\"@type\":\"ImageObject\",\"inLanguage\":\"nb-NO\",\"@id\":\"https:\\\/\\\/terjebjornstad.com\\\/no\\\/#\\\/schema\\\/logo\\\/image\\\/\",\"url\":\"https:\\\/\\\/i0.wp.com\\\/terjebjornstad.com\\\/no\\\/wp-content\\\/uploads\\\/2026\\\/02\\\/terjesbiler2024-960x354-1.png?fit=960%2C354&ssl=1\",\"contentUrl\":\"https:\\\/\\\/i0.wp.com\\\/terjebjornstad.com\\\/no\\\/wp-content\\\/uploads\\\/2026\\\/02\\\/terjesbiler2024-960x354-1.png?fit=960%2C354&ssl=1\",\"width\":960,\"height\":354,\"caption\":\"Terje Bj\u00f8rnstad ENK\"},\"image\":{\"@id\":\"https:\\\/\\\/terjebjornstad.com\\\/no\\\/#\\\/schema\\\/logo\\\/image\\\/\"},\"sameAs\":[\"https:\\\/\\\/www.facebook.com\\\/terjesbiler\\\/\",\"https:\\\/\\\/www.instagram.com\\\/terjesbiler\\\/\",\"https:\\\/\\\/www.pinteres.com\\\/terjebjrnstad\\\/terjes-biler\\\/\"]},{\"@type\":\"Person\",\"@id\":\"https:\\\/\\\/terjebjornstad.com\\\/no\\\/#\\\/schema\\\/person\\\/a281f6a6e0f3cc9fe468e7f0c655aa65\",\"name\":\"Terje Bj\u00f8rnstad\",\"image\":{\"@type\":\"ImageObject\",\"inLanguage\":\"nb-NO\",\"@id\":\"https:\\\/\\\/secure.gravatar.com\\\/avatar\\\/e8dff505b51cf6cb67ae06a06022d2049aac2da1e79dc146a36b58798c4b40ea?s=96&d=mm&r=g\",\"url\":\"https:\\\/\\\/secure.gravatar.com\\\/avatar\\\/e8dff505b51cf6cb67ae06a06022d2049aac2da1e79dc146a36b58798c4b40ea?s=96&d=mm&r=g\",\"contentUrl\":\"https:\\\/\\\/secure.gravatar.com\\\/avatar\\\/e8dff505b51cf6cb67ae06a06022d2049aac2da1e79dc146a36b58798c4b40ea?s=96&d=mm&r=g\",\"caption\":\"Terje Bj\u00f8rnstad\"},\"description\":\"Terje Bj\u00f8rnstad. Bloggadministrator, hobbyfotograf og bilnerd.\",\"sameAs\":[\"https:\\\/\\\/www.facebook.com\\\/terjesbiler\",\"https:\\\/\\\/www.instagram.com\\\/terjesbiler\",\"https:\\\/\\\/no.pinterest.com\\\/terjebjrnstad\",\"https:\\\/\\\/www.youtube.com\\\/channel\\\/UCzCKJJDybyIgKqatc_JQqIg\"]}]}<\/script>\n<!-- \/ Yoast SEO plugin. -->","yoast_head_json":{"title":"S\u00f8ndagsfoto: Biltreff p\u00e5 kj\u00f8pesenteret - Terjes biler","description":"Under biltreffene p\u00e5 Carre d'Or kj\u00f8pesenter kan man se biler man kanskje bare f\u00e5r se en eneste gang i livet.","robots":{"index":"index","follow":"follow","max-snippet":"max-snippet:-1","max-image-preview":"max-image-preview:large","max-video-preview":"max-video-preview:-1"},"canonical":"https:\/\/terjebjornstad.com\/no\/2024\/10\/07\/sondagsfoto-biltreff-pa-kjopesenteret-carre-dor\/","og_locale":"nb_NO","og_type":"article","og_title":"S\u00f8ndagsfoto: Biltreff p\u00e5 kj\u00f8pesenteret - Terjes biler","og_description":"Under biltreffene p\u00e5 Carre d'Or kj\u00f8pesenter kan man se biler man kanskje bare f\u00e5r se en eneste gang i livet.","og_url":"https:\/\/terjebjornstad.com\/no\/2024\/10\/07\/sondagsfoto-biltreff-pa-kjopesenteret-carre-dor\/","og_site_name":"Terjes biler","article_publisher":"https:\/\/www.facebook.com\/terjesbiler\/","article_author":"https:\/\/www.facebook.com\/terjesbiler","article_published_time":"2024-10-07T17:08:57+00:00","article_modified_time":"2026-02-14T23:21:52+00:00","og_image":[{"width":1920,"height":1280,"url":"https:\/\/terjebjornstad.com\/no\/wp-content\/uploads\/2024\/10\/renaiult-alpine-v6-turbo-rva-305-1920x1280-1.jpg","type":"image\/jpeg"}],"author":"Terje Bj\u00f8rnstad","twitter_card":"summary_large_image","twitter_misc":{"Skrevet av":"Terje Bj\u00f8rnstad","Ansl. lesetid":"6 minutter"},"schema":{"@context":"https:\/\/schema.org","@graph":[{"@type":"Article","@id":"https:\/\/terjebjornstad.com\/no\/2024\/10\/07\/sondagsfoto-biltreff-pa-kjopesenteret-carre-dor\/#article","isPartOf":{"@id":"https:\/\/terjebjornstad.com\/no\/2024\/10\/07\/sondagsfoto-biltreff-pa-kjopesenteret-carre-dor\/"},"author":{"name":"Terje Bj\u00f8rnstad","@id":"https:\/\/terjebjornstad.com\/no\/#\/schema\/person\/a281f6a6e0f3cc9fe468e7f0c655aa65"},"headline":"S\u00f8ndagsfoto: Biltreff p\u00e5 kj\u00f8pesenteret","datePublished":"2024-10-07T17:08:57+00:00","dateModified":"2026-02-14T23:21:52+00:00","mainEntityOfPage":{"@id":"https:\/\/terjebjornstad.com\/no\/2024\/10\/07\/sondagsfoto-biltreff-pa-kjopesenteret-carre-dor\/"},"wordCount":611,"commentCount":0,"publisher":{"@id":"https:\/\/terjebjornstad.com\/no\/#organization"},"image":{"@id":"https:\/\/terjebjornstad.com\/no\/2024\/10\/07\/sondagsfoto-biltreff-pa-kjopesenteret-carre-dor\/#primaryimage"},"thumbnailUrl":"https:\/\/i0.wp.com\/terjebjornstad.com\/no\/wp-content\/uploads\/2024\/10\/renaiult-alpine-v6-turbo-rva-305-1920x1280-1.jpg?fit=1920%2C1280&ssl=1","keywords":["Biltreff","Carre d'Or","frankrike","Perpignan"],"articleSection":["Artikkel","Biltreff","RVA66"],"inLanguage":"nb-NO","potentialAction":[{"@type":"CommentAction","name":"Comment","target":["https:\/\/terjebjornstad.com\/no\/2024\/10\/07\/sondagsfoto-biltreff-pa-kjopesenteret-carre-dor\/#respond"]}]},{"@type":"WebPage","@id":"https:\/\/terjebjornstad.com\/no\/2024\/10\/07\/sondagsfoto-biltreff-pa-kjopesenteret-carre-dor\/","url":"https:\/\/terjebjornstad.com\/no\/2024\/10\/07\/sondagsfoto-biltreff-pa-kjopesenteret-carre-dor\/","name":"S\u00f8ndagsfoto: Biltreff p\u00e5 kj\u00f8pesenteret - Terjes biler","isPartOf":{"@id":"https:\/\/terjebjornstad.com\/no\/#website"},"primaryImageOfPage":{"@id":"https:\/\/terjebjornstad.com\/no\/2024\/10\/07\/sondagsfoto-biltreff-pa-kjopesenteret-carre-dor\/#primaryimage"},"image":{"@id":"https:\/\/terjebjornstad.com\/no\/2024\/10\/07\/sondagsfoto-biltreff-pa-kjopesenteret-carre-dor\/#primaryimage"},"thumbnailUrl":"https:\/\/i0.wp.com\/terjebjornstad.com\/no\/wp-content\/uploads\/2024\/10\/renaiult-alpine-v6-turbo-rva-305-1920x1280-1.jpg?fit=1920%2C1280&ssl=1","datePublished":"2024-10-07T17:08:57+00:00","dateModified":"2026-02-14T23:21:52+00:00","description":"Under biltreffene p\u00e5 Carre d'Or kj\u00f8pesenter kan man se biler man kanskje bare f\u00e5r se en eneste gang i livet.","breadcrumb":{"@id":"https:\/\/terjebjornstad.com\/no\/2024\/10\/07\/sondagsfoto-biltreff-pa-kjopesenteret-carre-dor\/#breadcrumb"},"inLanguage":"nb-NO","potentialAction":[{"@type":"ReadAction","target":["https:\/\/terjebjornstad.com\/no\/2024\/10\/07\/sondagsfoto-biltreff-pa-kjopesenteret-carre-dor\/"]}]},{"@type":"ImageObject","inLanguage":"nb-NO","@id":"https:\/\/terjebjornstad.com\/no\/2024\/10\/07\/sondagsfoto-biltreff-pa-kjopesenteret-carre-dor\/#primaryimage","url":"https:\/\/i0.wp.com\/terjebjornstad.com\/no\/wp-content\/uploads\/2024\/10\/renaiult-alpine-v6-turbo-rva-305-1920x1280-1.jpg?fit=1920%2C1280&ssl=1","contentUrl":"https:\/\/i0.wp.com\/terjebjornstad.com\/no\/wp-content\/uploads\/2024\/10\/renaiult-alpine-v6-turbo-rva-305-1920x1280-1.jpg?fit=1920%2C1280&ssl=1","width":1920,"height":1280,"caption":"Alpine V6 Turbo fotografert p\u00e5 et biltreff i Perpignan, Frankrike."},{"@type":"BreadcrumbList","@id":"https:\/\/terjebjornstad.com\/no\/2024\/10\/07\/sondagsfoto-biltreff-pa-kjopesenteret-carre-dor\/#breadcrumb","itemListElement":[{"@type":"ListItem","position":1,"name":"Hjem","item":"https:\/\/terjebjornstad.com\/no\/"},{"@type":"ListItem","position":2,"name":"S\u00f8ndagsfoto: Biltreff p\u00e5 kj\u00f8pesenteret"}]},{"@type":"WebSite","@id":"https:\/\/terjebjornstad.com\/no\/#website","url":"https:\/\/terjebjornstad.com\/no\/","name":"Terjes biler","description":"HONEST ABOUT CARS","publisher":{"@id":"https:\/\/terjebjornstad.com\/no\/#organization"},"alternateName":"Terjebjornstad.com","potentialAction":[{"@type":"SearchAction","target":{"@type":"EntryPoint","urlTemplate":"https:\/\/terjebjornstad.com\/no\/?s={search_term_string}"},"query-input":{"@type":"PropertyValueSpecification","valueRequired":true,"valueName":"search_term_string"}}],"inLanguage":"nb-NO"},{"@type":"Organization","@id":"https:\/\/terjebjornstad.com\/no\/#organization","name":"Terje Bj\u00f8rnstad ENK","url":"https:\/\/terjebjornstad.com\/no\/","logo":{"@type":"ImageObject","inLanguage":"nb-NO","@id":"https:\/\/terjebjornstad.com\/no\/#\/schema\/logo\/image\/","url":"https:\/\/i0.wp.com\/terjebjornstad.com\/no\/wp-content\/uploads\/2026\/02\/terjesbiler2024-960x354-1.png?fit=960%2C354&ssl=1","contentUrl":"https:\/\/i0.wp.com\/terjebjornstad.com\/no\/wp-content\/uploads\/2026\/02\/terjesbiler2024-960x354-1.png?fit=960%2C354&ssl=1","width":960,"height":354,"caption":"Terje Bj\u00f8rnstad ENK"},"image":{"@id":"https:\/\/terjebjornstad.com\/no\/#\/schema\/logo\/image\/"},"sameAs":["https:\/\/www.facebook.com\/terjesbiler\/","https:\/\/www.instagram.com\/terjesbiler\/","https:\/\/www.pinteres.com\/terjebjrnstad\/terjes-biler\/"]},{"@type":"Person","@id":"https:\/\/terjebjornstad.com\/no\/#\/schema\/person\/a281f6a6e0f3cc9fe468e7f0c655aa65","name":"Terje Bj\u00f8rnstad","image":{"@type":"ImageObject","inLanguage":"nb-NO","@id":"https:\/\/secure.gravatar.com\/avatar\/e8dff505b51cf6cb67ae06a06022d2049aac2da1e79dc146a36b58798c4b40ea?s=96&d=mm&r=g","url":"https:\/\/secure.gravatar.com\/avatar\/e8dff505b51cf6cb67ae06a06022d2049aac2da1e79dc146a36b58798c4b40ea?s=96&d=mm&r=g","contentUrl":"https:\/\/secure.gravatar.com\/avatar\/e8dff505b51cf6cb67ae06a06022d2049aac2da1e79dc146a36b58798c4b40ea?s=96&d=mm&r=g","caption":"Terje Bj\u00f8rnstad"},"description":"Terje Bj\u00f8rnstad. Bloggadministrator, hobbyfotograf og bilnerd.","sameAs":["https:\/\/www.facebook.com\/terjesbiler","https:\/\/www.instagram.com\/terjesbiler","https:\/\/no.pinterest.com\/terjebjrnstad","https:\/\/www.youtube.com\/channel\/UCzCKJJDybyIgKqatc_JQqIg"]}]}},"jetpack_publicize_connections":[],"jetpack_featured_media_url":"https:\/\/i0.wp.com\/terjebjornstad.com\/no\/wp-content\/uploads\/2024\/10\/renaiult-alpine-v6-turbo-rva-305-1920x1280-1.jpg?fit=1920%2C1280&ssl=1","jetpack_sharing_enabled":true,"jetpack_shortlink":"https:\/\/wp.me\/p48zYA-jIV","jetpack-related-posts":[{"id":72530,"url":"https:\/\/terjebjornstad.com\/no\/2024\/06\/03\/sondagsfoto-et-gyllent-biltreff-carre-d-or\/","url_meta":{"origin":75821,"position":0},"title":"S\u00f8ndagsfoto: Et gyllent biltreff","author":"Terje Bj\u00f8rnstad","date":"03\/06\/2024","format":false,"excerpt":"Vi oppholder oss for tiden i Frankrike, og har som vanlig bes\u00f8kt det m\u00e5nedlige biltreffet i Perpignan, n\u00e6rmere bestemt p\u00e5 shopping-senteret Carr\u00e9 D'or. P\u00e5 s\u00f8ndager er senteret stengt, og da f\u00e5r arrang\u00f8rene av biltreffet samle gamle, sjeldne og eksklusive biler, eiere og andre bilinteresserte. Mange av bilene dukker opp regelmessig.\u2026","rel":"","context":"i &quot;Artikkel&quot;","block_context":{"text":"Artikkel","link":"https:\/\/terjebjornstad.com\/no\/category\/artikkel\/"},"img":{"alt_text":"","src":"https:\/\/i0.wp.com\/terjebjornstad.com\/no\/wp-content\/uploads\/2024\/06\/lamborghini-aventador-lp700-4-1920x1280-1.jpg?fit=1200%2C800&ssl=1&resize=350%2C200","width":350,"height":200,"srcset":"https:\/\/i0.wp.com\/terjebjornstad.com\/no\/wp-content\/uploads\/2024\/06\/lamborghini-aventador-lp700-4-1920x1280-1.jpg?fit=1200%2C800&ssl=1&resize=350%2C200 1x, https:\/\/i0.wp.com\/terjebjornstad.com\/no\/wp-content\/uploads\/2024\/06\/lamborghini-aventador-lp700-4-1920x1280-1.jpg?fit=1200%2C800&ssl=1&resize=525%2C300 1.5x, https:\/\/i0.wp.com\/terjebjornstad.com\/no\/wp-content\/uploads\/2024\/06\/lamborghini-aventador-lp700-4-1920x1280-1.jpg?fit=1200%2C800&ssl=1&resize=700%2C400 2x, https:\/\/i0.wp.com\/terjebjornstad.com\/no\/wp-content\/uploads\/2024\/06\/lamborghini-aventador-lp700-4-1920x1280-1.jpg?fit=1200%2C800&ssl=1&resize=1050%2C600 3x"},"classes":[]},{"id":59495,"url":"https:\/\/terjebjornstad.com\/no\/2023\/05\/09\/franske-klassikere-9-perpignan\/","url_meta":{"origin":75821,"position":1},"title":"Franske klassikere 9","author":"Terje Bj\u00f8rnstad","date":"09\/05\/2023","format":false,"excerpt":"Det kunne ha forsvunnet - det m\u00e5nedlige biltreffet i Perpignan som har holdt stand den f\u00f8rste s\u00f8ndag hver m\u00e5ned i 24 \u00e5r. Denne v\u00e5ren hadde imidlertid arrang\u00f8rene f\u00e5tt nok. De hadde sett seg lei av det stadig \u00f8kende antallet BMW\u2019er og Mercedes-Benz uten klassikerstatus - med eiere som var mer\u2026","rel":"","context":"i &quot;Artikkel&quot;","block_context":{"text":"Artikkel","link":"https:\/\/terjebjornstad.com\/no\/category\/artikkel\/"},"img":{"alt_text":"","src":"https:\/\/i0.wp.com\/terjebjornstad.com\/no\/wp-content\/uploads\/2023\/05\/lynxrva66-1.jpeg?fit=1200%2C798&ssl=1&resize=350%2C200","width":350,"height":200,"srcset":"https:\/\/i0.wp.com\/terjebjornstad.com\/no\/wp-content\/uploads\/2023\/05\/lynxrva66-1.jpeg?fit=1200%2C798&ssl=1&resize=350%2C200 1x, https:\/\/i0.wp.com\/terjebjornstad.com\/no\/wp-content\/uploads\/2023\/05\/lynxrva66-1.jpeg?fit=1200%2C798&ssl=1&resize=525%2C300 1.5x, https:\/\/i0.wp.com\/terjebjornstad.com\/no\/wp-content\/uploads\/2023\/05\/lynxrva66-1.jpeg?fit=1200%2C798&ssl=1&resize=700%2C400 2x, https:\/\/i0.wp.com\/terjebjornstad.com\/no\/wp-content\/uploads\/2023\/05\/lynxrva66-1.jpeg?fit=1200%2C798&ssl=1&resize=1050%2C600 3x"},"classes":[]},{"id":71557,"url":"https:\/\/terjebjornstad.com\/no\/2024\/05\/06\/bilder-fra-rva66-nr-300\/","url_meta":{"origin":75821,"position":2},"title":"Bilder fra RVA66 nr 300","author":"Terje Bj\u00f8rnstad","date":"06\/05\/2024","format":false,"excerpt":"Folk samler seg om gamle, sjeldne og eksepsjonelle biler i Perpignan. Sist s\u00f8ndag ble det 300'de treffet gjennomf\u00f8rt. Disse bilene er historie og kultur - og biler skal kj\u00f8res, ikke st\u00e5 stille. Faste lesere kjenner innleggene med bilder fra franske biltreff i Perpignan, Frankrike. Vi har et lite hus i\u2026","rel":"","context":"i &quot;Artikkel&quot;","block_context":{"text":"Artikkel","link":"https:\/\/terjebjornstad.com\/no\/category\/artikkel\/"},"img":{"alt_text":"","src":"https:\/\/i0.wp.com\/terjebjornstad.com\/no\/wp-content\/uploads\/2024\/05\/rva66-300-avers-1280x853-1.jpg?fit=1200%2C800&ssl=1&resize=350%2C200","width":350,"height":200,"srcset":"https:\/\/i0.wp.com\/terjebjornstad.com\/no\/wp-content\/uploads\/2024\/05\/rva66-300-avers-1280x853-1.jpg?fit=1200%2C800&ssl=1&resize=350%2C200 1x, https:\/\/i0.wp.com\/terjebjornstad.com\/no\/wp-content\/uploads\/2024\/05\/rva66-300-avers-1280x853-1.jpg?fit=1200%2C800&ssl=1&resize=525%2C300 1.5x, https:\/\/i0.wp.com\/terjebjornstad.com\/no\/wp-content\/uploads\/2024\/05\/rva66-300-avers-1280x853-1.jpg?fit=1200%2C800&ssl=1&resize=700%2C400 2x, https:\/\/i0.wp.com\/terjebjornstad.com\/no\/wp-content\/uploads\/2024\/05\/rva66-300-avers-1280x853-1.jpg?fit=1200%2C800&ssl=1&resize=1050%2C600 3x"},"classes":[]},{"id":48402,"url":"https:\/\/terjebjornstad.com\/no\/2022\/05\/04\/fotosondag-fransk-biltreff\/","url_meta":{"origin":75821,"position":3},"title":"Fotos\u00f8ndag &#8211; Fransk biltreff","author":"Terje Bj\u00f8rnstad","date":"04\/05\/2022","format":false,"excerpt":"Jeg har v\u00e6rt p\u00e5 et fransk biltreff i Perpignan og tatt bilder som etter hvert skal legges inn i respektive artikler under bilkatalogen for \u00e5 illustrere ulike modeller, varianter, utstyrsgrader og farger. Her er en smakebit fra galleriet sist s\u00f8ndag. \u00a0 Sjeldne italienere Vespa (Piaggio) 400 er et kj\u00f8ret\u00f8y som\u2026","rel":"","context":"i &quot;Artikkel&quot;","block_context":{"text":"Artikkel","link":"https:\/\/terjebjornstad.com\/no\/category\/artikkel\/"},"img":{"alt_text":"","src":"https:\/\/i0.wp.com\/terjebjornstad.com\/no\/wp-content\/uploads\/2022\/05\/rva-1080x609-1.png?fit=1080%2C609&ssl=1&resize=350%2C200","width":350,"height":200,"srcset":"https:\/\/i0.wp.com\/terjebjornstad.com\/no\/wp-content\/uploads\/2022\/05\/rva-1080x609-1.png?fit=1080%2C609&ssl=1&resize=350%2C200 1x, https:\/\/i0.wp.com\/terjebjornstad.com\/no\/wp-content\/uploads\/2022\/05\/rva-1080x609-1.png?fit=1080%2C609&ssl=1&resize=525%2C300 1.5x, https:\/\/i0.wp.com\/terjebjornstad.com\/no\/wp-content\/uploads\/2022\/05\/rva-1080x609-1.png?fit=1080%2C609&ssl=1&resize=700%2C400 2x, https:\/\/i0.wp.com\/terjebjornstad.com\/no\/wp-content\/uploads\/2022\/05\/rva-1080x609-1.png?fit=1080%2C609&ssl=1&resize=1050%2C600 3x"},"classes":[]},{"id":43659,"url":"https:\/\/terjebjornstad.com\/no\/2021\/10\/05\/franske-klassikere-6\/","url_meta":{"origin":75821,"position":4},"title":"Franske klassikere 6","author":"Terje Bj\u00f8rnstad","date":"05\/10\/2021","format":false,"excerpt":"Gjennom en serie artikler har jeg presentert franske klassikere som jeg har kommet over p\u00e5 forskjellige biltreff i Frankrike. Det handler ikke bare om biler som er produsert i Frankrike - men ogs\u00e5 biler som franskmenn elsker. \u00a0 Gjensyn med et lokalt biltreff For f\u00f8rste gang etter Covid har det\u2026","rel":"","context":"i &quot;Artikkel&quot;","block_context":{"text":"Artikkel","link":"https:\/\/terjebjornstad.com\/no\/category\/artikkel\/"},"img":{"alt_text":"","src":"https:\/\/i0.wp.com\/terjebjornstad.com\/no\/wp-content\/uploads\/2021\/10\/simca-rallye-2-2-1080x720-1.png?resize=350%2C200&ssl=1","width":350,"height":200,"srcset":"https:\/\/i0.wp.com\/terjebjornstad.com\/no\/wp-content\/uploads\/2021\/10\/simca-rallye-2-2-1080x720-1.png?resize=350%2C200&ssl=1 1x, https:\/\/i0.wp.com\/terjebjornstad.com\/no\/wp-content\/uploads\/2021\/10\/simca-rallye-2-2-1080x720-1.png?resize=525%2C300&ssl=1 1.5x, https:\/\/i0.wp.com\/terjebjornstad.com\/no\/wp-content\/uploads\/2021\/10\/simca-rallye-2-2-1080x720-1.png?resize=700%2C400&ssl=1 2x, https:\/\/i0.wp.com\/terjebjornstad.com\/no\/wp-content\/uploads\/2021\/10\/simca-rallye-2-2-1080x720-1.png?resize=1050%2C600&ssl=1 3x"},"classes":[]},{"id":23171,"url":"https:\/\/terjebjornstad.com\/no\/2019\/05\/10\/franske-klassikere-4\/","url_meta":{"origin":75821,"position":5},"title":"Franske klassikere 4","author":"Terje Bj\u00f8rnstad","date":"10\/05\/2019","format":false,"excerpt":"Mange flotte doninger, 60 \u00e5rs jubileum for Mini og en helt spesiell Peugeot 403. Billedgalleri fra RVA66 - Samling av gamle, eksklusive og spesielle kj\u00f8ret\u00f8yer i Perpignan, Frankrike. Ikke bare franske biler Mange av bilene p\u00e5 samlingen ble slettes ikke laget i Frankrike, - men likevel h\u00f8yt verdsatt. Amerikanere, for\u2026","rel":"","context":"i &quot;Artikkel&quot;","block_context":{"text":"Artikkel","link":"https:\/\/terjebjornstad.com\/no\/category\/artikkel\/"},"img":{"alt_text":"","src":"https:\/\/i0.wp.com\/terjebjornstad.com\/no\/wp-content\/uploads\/2019\/05\/leaving-2-1080x720.png?fit=1080%2C720&ssl=1&resize=350%2C200","width":350,"height":200,"srcset":"https:\/\/i0.wp.com\/terjebjornstad.com\/no\/wp-content\/uploads\/2019\/05\/leaving-2-1080x720.png?fit=1080%2C720&ssl=1&resize=350%2C200 1x, https:\/\/i0.wp.com\/terjebjornstad.com\/no\/wp-content\/uploads\/2019\/05\/leaving-2-1080x720.png?fit=1080%2C720&ssl=1&resize=525%2C300 1.5x, https:\/\/i0.wp.com\/terjebjornstad.com\/no\/wp-content\/uploads\/2019\/05\/leaving-2-1080x720.png?fit=1080%2C720&ssl=1&resize=700%2C400 2x, https:\/\/i0.wp.com\/terjebjornstad.com\/no\/wp-content\/uploads\/2019\/05\/leaving-2-1080x720.png?fit=1080%2C720&ssl=1&resize=1050%2C600 3x"},"classes":[]}],"gt_translate_keys":[{"key":"link","format":"url"}],"_links":{"self":[{"href":"https:\/\/terjebjornstad.com\/no\/wp-json\/wp\/v2\/posts\/75821","targetHints":{"allow":["GET"]}}],"collection":[{"href":"https:\/\/terjebjornstad.com\/no\/wp-json\/wp\/v2\/posts"}],"about":[{"href":"https:\/\/terjebjornstad.com\/no\/wp-json\/wp\/v2\/types\/post"}],"author":[{"embeddable":true,"href":"https:\/\/terjebjornstad.com\/no\/wp-json\/wp\/v2\/users\/1"}],"replies":[{"embeddable":true,"href":"https:\/\/terjebjornstad.com\/no\/wp-json\/wp\/v2\/comments?post=75821"}],"version-history":[{"count":34,"href":"https:\/\/terjebjornstad.com\/no\/wp-json\/wp\/v2\/posts\/75821\/revisions"}],"predecessor-version":[{"id":89675,"href":"https:\/\/terjebjornstad.com\/no\/wp-json\/wp\/v2\/posts\/75821\/revisions\/89675"}],"wp:featuredmedia":[{"embeddable":true,"href":"https:\/\/terjebjornstad.com\/no\/wp-json\/wp\/v2\/media\/75834"}],"wp:attachment":[{"href":"https:\/\/terjebjornstad.com\/no\/wp-json\/wp\/v2\/media?parent=75821"}],"wp:term":[{"taxonomy":"category","embeddable":true,"href":"https:\/\/terjebjornstad.com\/no\/wp-json\/wp\/v2\/categories?post=75821"},{"taxonomy":"post_tag","embeddable":true,"href":"https:\/\/terjebjornstad.com\/no\/wp-json\/wp\/v2\/tags?post=75821"}],"curies":[{"name":"wp","href":"https:\/\/api.w.org\/{rel}","templated":true}]}}