{"id":72929,"date":"2024-06-21T12:56:08","date_gmt":"2024-06-21T11:56:08","guid":{"rendered":"https:\/\/terjebjornstad.com\/no\/?p=72929"},"modified":"2025-07-21T23:12:44","modified_gmt":"2025-07-21T22:12:44","slug":"konseptbil-til-100-mill","status":"publish","type":"post","link":"https:\/\/terjebjornstad.com\/no\/2024\/06\/21\/konseptbil-til-100-mill\/","title":{"rendered":"Konseptbil til 100 mill.","gt_translate_keys":[{"key":"rendered","format":"text"}]},"content":{"rendered":"<div class=\"copy_teb\"><figure id=\"attachment_72919\" aria-describedby=\"caption-attachment-72919\" style=\"width: 1920px\" class=\"wp-caption aligncenter\"><a href=\"https:\/\/i0.wp.com\/terjebjornstad.com\/no\/wp-content\/uploads\/2024\/06\/1996-mercedes-benz-f200-1920x1920-1.jpg?ssl=1\"><img data-recalc-dims=\"1\" loading=\"lazy\" decoding=\"async\" data-attachment-id=\"72919\" data-permalink=\"https:\/\/terjebjornstad.com\/no\/2024\/06\/21\/konseptbil-til-100-mill\/1996-mercedes-benz-f200-1920x1920\/\" data-orig-file=\"https:\/\/i0.wp.com\/terjebjornstad.com\/no\/wp-content\/uploads\/2024\/06\/1996-mercedes-benz-f200-1920x1920-1.jpg?fit=1920%2C1920&amp;ssl=1\" data-orig-size=\"1920,1920\" data-comments-opened=\"1\" data-image-meta=\"{&quot;aperture&quot;:&quot;0&quot;,&quot;credit&quot;:&quot;&quot;,&quot;camera&quot;:&quot;&quot;,&quot;caption&quot;:&quot;&quot;,&quot;created_timestamp&quot;:&quot;0&quot;,&quot;copyright&quot;:&quot;&quot;,&quot;focal_length&quot;:&quot;0&quot;,&quot;iso&quot;:&quot;0&quot;,&quot;shutter_speed&quot;:&quot;0&quot;,&quot;title&quot;:&quot;&quot;,&quot;orientation&quot;:&quot;0&quot;}\" data-image-title=\"1996-mercedes-benz-f200-1920&amp;#215;1920\" data-image-description=\"\" data-image-caption=\"&lt;p&gt;Konseptbil til 100 mill.&lt;\/h2&gt;\n&lt;p&gt;Det som gj\u00f8r denne bilen ekstra spesiell, at noen har gitt ufattelige 100 millioner kroner for den!&amp;raquo;&lt;\/p&gt;\n\" data-large-file=\"https:\/\/i0.wp.com\/terjebjornstad.com\/no\/wp-content\/uploads\/2024\/06\/1996-mercedes-benz-f200-1920x1920-1.jpg?fit=980%2C980&amp;ssl=1\" src=\"https:\/\/i0.wp.com\/terjebjornstad.com\/no\/wp-content\/uploads\/2024\/06\/1996-mercedes-benz-f200-1920x1920-1.jpg?resize=980%2C980&#038;ssl=1\" alt=\"\" width=\"980\" height=\"980\" class=\"size-full wp-image-72919\" srcset=\"https:\/\/i0.wp.com\/terjebjornstad.com\/no\/wp-content\/uploads\/2024\/06\/1996-mercedes-benz-f200-1920x1920-1.jpg?w=1920&amp;ssl=1 1920w, https:\/\/i0.wp.com\/terjebjornstad.com\/no\/wp-content\/uploads\/2024\/06\/1996-mercedes-benz-f200-1920x1920-1.jpg?resize=300%2C300&amp;ssl=1 300w, https:\/\/i0.wp.com\/terjebjornstad.com\/no\/wp-content\/uploads\/2024\/06\/1996-mercedes-benz-f200-1920x1920-1.jpg?resize=1080%2C1080&amp;ssl=1 1080w, https:\/\/i0.wp.com\/terjebjornstad.com\/no\/wp-content\/uploads\/2024\/06\/1996-mercedes-benz-f200-1920x1920-1.jpg?resize=150%2C150&amp;ssl=1 150w, https:\/\/i0.wp.com\/terjebjornstad.com\/no\/wp-content\/uploads\/2024\/06\/1996-mercedes-benz-f200-1920x1920-1.jpg?resize=768%2C768&amp;ssl=1 768w, https:\/\/i0.wp.com\/terjebjornstad.com\/no\/wp-content\/uploads\/2024\/06\/1996-mercedes-benz-f200-1920x1920-1.jpg?resize=1536%2C1536&amp;ssl=1 1536w, https:\/\/i0.wp.com\/terjebjornstad.com\/no\/wp-content\/uploads\/2024\/06\/1996-mercedes-benz-f200-1920x1920-1.jpg?resize=690%2C690&amp;ssl=1 690w, https:\/\/i0.wp.com\/terjebjornstad.com\/no\/wp-content\/uploads\/2024\/06\/1996-mercedes-benz-f200-1920x1920-1.jpg?resize=980%2C980&amp;ssl=1 980w, https:\/\/i0.wp.com\/terjebjornstad.com\/no\/wp-content\/uploads\/2024\/06\/1996-mercedes-benz-f200-1920x1920-1.jpg?resize=50%2C50&amp;ssl=1 50w\" sizes=\"auto, (max-width: 980px) 100vw, 980px\" \/><\/a><figcaption id=\"caption-attachment-72919\" class=\"wp-caption-text\">1996 Mercedes-Benz F200 &laquo;Imagination&raquo;. Foto: Terjes biler<\/figcaption><\/figure><\/p>\n<blockquote><p>Denne Mercedes-Benz F200 \u201cImagination\u201d finnes det kun \u00e9n av. Den ble bygget som konseptbil, presentert p\u00e5 bilutstillingen i Paris 1996, deretter satt p\u00e5 museum og senere solgt for ufattelige 100 millioner kroner!<\/p><\/blockquote>\n\n<p>Form\u00e5let med konseptbiler som dette, er \u00e5 vise frem og teste nye ideer p\u00e5 publikum. Ofte handler det om rene stilstudier &#8211; biler som skal sees men ikke kj\u00f8res. Konseptbilen til Daimler-Benz var ikke bare en stiltudie &#8211; den var spekket med ny <em>teknologi<\/em>. Den st\u00f8rste nyheten var at ratt og pedaler ble erstattet med joystick. I dag kan man vel trygt si at d\u00e9t var et blindspor. Joystick fungerer bra p\u00e5 spillkonsoller, men selv hardbarkede \u201cgamere\u201d ville f\u00f8le seg utrygge i en ekte bil uten ratt og pedaler. Daimler-Benz lanserte joystick-l\u00f8sningen under navnet \u201cSidesticks\u201d. Bilf\u00f8reren hadde to joysticks &#8211; \u00e9n p\u00e5 hver side &#8211; i f\u00f8rerd\u00f8ren og p\u00e5 midtkonsollen. Konseptbilen F200 ble ogs\u00e5 utstyrt med Sidesticks for <em>passasjeren<\/em>. En bisarr l\u00f8sning som kan minne om en fly-cockpit.<br \/>\n&nbsp;<br \/>\n<figure id=\"attachment_72920\" aria-describedby=\"caption-attachment-72920\" style=\"width: 1600px\" class=\"wp-caption aligncenter\"><a href=\"https:\/\/i0.wp.com\/terjebjornstad.com\/no\/wp-content\/uploads\/2024\/06\/mercedes-benz_concepts_1996_wallpapers_2_1600x1200.jpg?ssl=1\"><img data-recalc-dims=\"1\" loading=\"lazy\" decoding=\"async\" data-attachment-id=\"72920\" data-permalink=\"https:\/\/terjebjornstad.com\/no\/2024\/06\/21\/konseptbil-til-100-mill\/mercedes-benz_concepts_1996_wallpapers_2_1600x1200\/\" data-orig-file=\"https:\/\/i0.wp.com\/terjebjornstad.com\/no\/wp-content\/uploads\/2024\/06\/mercedes-benz_concepts_1996_wallpapers_2_1600x1200.jpg?fit=1600%2C1200&amp;ssl=1\" data-orig-size=\"1600,1200\" data-comments-opened=\"1\" data-image-meta=\"{&quot;aperture&quot;:&quot;0&quot;,&quot;credit&quot;:&quot;&quot;,&quot;camera&quot;:&quot;&quot;,&quot;caption&quot;:&quot;&quot;,&quot;created_timestamp&quot;:&quot;0&quot;,&quot;copyright&quot;:&quot;&quot;,&quot;focal_length&quot;:&quot;0&quot;,&quot;iso&quot;:&quot;0&quot;,&quot;shutter_speed&quot;:&quot;0&quot;,&quot;title&quot;:&quot;&quot;,&quot;orientation&quot;:&quot;0&quot;}\" data-image-title=\"mercedes-benz_concepts_1996_wallpapers_2_1600x1200\" data-image-description=\"\" data-image-caption=\"&lt;p&gt;Mercedes-Benz Concept car F200 &amp;laquo;Imagination&amp;raquo; &amp;#8211; Kilde: FavCars.com&lt;\/p&gt;\n\" data-large-file=\"https:\/\/i0.wp.com\/terjebjornstad.com\/no\/wp-content\/uploads\/2024\/06\/mercedes-benz_concepts_1996_wallpapers_2_1600x1200.jpg?fit=980%2C735&amp;ssl=1\" src=\"https:\/\/i0.wp.com\/terjebjornstad.com\/no\/wp-content\/uploads\/2024\/06\/mercedes-benz_concepts_1996_wallpapers_2_1600x1200.jpg?resize=980%2C735&#038;ssl=1\" alt=\"\" width=\"980\" height=\"735\" class=\"size-full wp-image-72920\" srcset=\"https:\/\/i0.wp.com\/terjebjornstad.com\/no\/wp-content\/uploads\/2024\/06\/mercedes-benz_concepts_1996_wallpapers_2_1600x1200.jpg?w=1600&amp;ssl=1 1600w, https:\/\/i0.wp.com\/terjebjornstad.com\/no\/wp-content\/uploads\/2024\/06\/mercedes-benz_concepts_1996_wallpapers_2_1600x1200.jpg?resize=300%2C225&amp;ssl=1 300w, https:\/\/i0.wp.com\/terjebjornstad.com\/no\/wp-content\/uploads\/2024\/06\/mercedes-benz_concepts_1996_wallpapers_2_1600x1200.jpg?resize=1080%2C810&amp;ssl=1 1080w, https:\/\/i0.wp.com\/terjebjornstad.com\/no\/wp-content\/uploads\/2024\/06\/mercedes-benz_concepts_1996_wallpapers_2_1600x1200.jpg?resize=768%2C576&amp;ssl=1 768w, https:\/\/i0.wp.com\/terjebjornstad.com\/no\/wp-content\/uploads\/2024\/06\/mercedes-benz_concepts_1996_wallpapers_2_1600x1200.jpg?resize=1536%2C1152&amp;ssl=1 1536w, https:\/\/i0.wp.com\/terjebjornstad.com\/no\/wp-content\/uploads\/2024\/06\/mercedes-benz_concepts_1996_wallpapers_2_1600x1200.jpg?resize=690%2C518&amp;ssl=1 690w, https:\/\/i0.wp.com\/terjebjornstad.com\/no\/wp-content\/uploads\/2024\/06\/mercedes-benz_concepts_1996_wallpapers_2_1600x1200.jpg?resize=980%2C735&amp;ssl=1 980w\" sizes=\"auto, (max-width: 980px) 100vw, 980px\" \/><\/a><figcaption id=\"caption-attachment-72920\" class=\"wp-caption-text\">Mercedes-Benz Concept car F200 &laquo;Imagination&raquo; &#8211; Kilde: FavCars.com<\/figcaption><\/figure><br \/>\n&nbsp;<\/p>\n<blockquote><p>Vel var joystick et blindspor, men l\u00f8sningen fra 1996 viste faktisk et helt enest\u00e5ende, komplett og fungerende drive-by-wire konsept. Med joysticks ble denne teknologien sv\u00e6rt synlig.<\/p><\/blockquote>\n<p>&nbsp;<br \/>\n<figure id=\"attachment_72918\" aria-describedby=\"caption-attachment-72918\" style=\"width: 280px\" class=\"wp-caption alignright\"><img data-recalc-dims=\"1\" loading=\"lazy\" decoding=\"async\" data-attachment-id=\"72918\" data-permalink=\"https:\/\/terjebjornstad.com\/no\/2024\/06\/21\/konseptbil-til-100-mill\/f200-interior-280x201\/\" data-orig-file=\"https:\/\/i0.wp.com\/terjebjornstad.com\/no\/wp-content\/uploads\/2024\/06\/f200-interior-280x201-1.jpg?fit=280%2C201&amp;ssl=1\" data-orig-size=\"280,201\" data-comments-opened=\"1\" data-image-meta=\"{&quot;aperture&quot;:&quot;0&quot;,&quot;credit&quot;:&quot;&quot;,&quot;camera&quot;:&quot;&quot;,&quot;caption&quot;:&quot;&quot;,&quot;created_timestamp&quot;:&quot;0&quot;,&quot;copyright&quot;:&quot;&quot;,&quot;focal_length&quot;:&quot;0&quot;,&quot;iso&quot;:&quot;0&quot;,&quot;shutter_speed&quot;:&quot;0&quot;,&quot;title&quot;:&quot;&quot;,&quot;orientation&quot;:&quot;0&quot;}\" data-image-title=\"f200-interior-280&amp;#215;201\" data-image-description=\"\" data-image-caption=\"&lt;p&gt;Mercedes-Benz F200 Interior. Kilde: Pressebilde &amp;#8211; Daimler-Benz&lt;\/p&gt;\n\" data-large-file=\"https:\/\/i0.wp.com\/terjebjornstad.com\/no\/wp-content\/uploads\/2024\/06\/f200-interior-280x201-1.jpg?fit=280%2C201&amp;ssl=1\" src=\"https:\/\/i0.wp.com\/terjebjornstad.com\/no\/wp-content\/uploads\/2024\/06\/f200-interior-280x201-1.jpg?resize=280%2C201&#038;ssl=1\" alt=\"\" width=\"280\" height=\"201\" class=\"size-full wp-image-72918\" \/><figcaption id=\"caption-attachment-72918\" class=\"wp-caption-text\">Mercedes-Benz F200 Interior. Kilde: Pressebilde &#8211; Daimler-Benz<\/figcaption><\/figure>Flere av nyvinningene i F200 \u201cImagination\u201d regnes som moderne selv i dagens biler &#8211; som for eksempel hovedlys med variabel fordeling av lysmengden, elektrostyrt hydropneumatisk fj\u00e6ring (Active Body Control), speil erstattet av monitorer, stemmegjenkjennelse (Linguatronic) og digitalt dashboard. Andre nyvinninger var airbag-gardiner som enn\u00e5 ikke var vanlig i 1996. Videre kunne F200 tilby fremtidsrettede og coole l\u00f8sninger som hydrauliske saksed\u00f8rer og glasstak med elektrostyrt blending.<br \/>\n&nbsp;<\/p>\n<figure id=\"attachment_72924\" aria-describedby=\"caption-attachment-72924\" style=\"width: 2000px\" class=\"wp-caption aligncenter\"><a href=\"https:\/\/i0.wp.com\/terjebjornstad.com\/no\/wp-content\/uploads\/2024\/06\/Mercedes-Benz-F200-myronstandret-2000x1335-1.jpg?ssl=1\"><img data-recalc-dims=\"1\" loading=\"lazy\" decoding=\"async\" data-attachment-id=\"72924\" data-permalink=\"https:\/\/terjebjornstad.com\/no\/2024\/06\/21\/konseptbil-til-100-mill\/mercedes-benz-f200-myronstandret-2000x1335\/\" data-orig-file=\"https:\/\/i0.wp.com\/terjebjornstad.com\/no\/wp-content\/uploads\/2024\/06\/Mercedes-Benz-F200-myronstandret-2000x1335-1.jpg?fit=2000%2C1335&amp;ssl=1\" data-orig-size=\"2000,1335\" data-comments-opened=\"1\" data-image-meta=\"{&quot;aperture&quot;:&quot;0&quot;,&quot;credit&quot;:&quot;&quot;,&quot;camera&quot;:&quot;&quot;,&quot;caption&quot;:&quot;&quot;,&quot;created_timestamp&quot;:&quot;0&quot;,&quot;copyright&quot;:&quot;&quot;,&quot;focal_length&quot;:&quot;0&quot;,&quot;iso&quot;:&quot;0&quot;,&quot;shutter_speed&quot;:&quot;0&quot;,&quot;title&quot;:&quot;&quot;,&quot;orientation&quot;:&quot;0&quot;}\" data-image-title=\"Mercedes-Benz-F200-myronstandret-2000&amp;#215;1335\" data-image-description=\"\" data-image-caption=\"&lt;p&gt;Mercedes-Benz F200 &amp;laquo;Imagination&amp;raquo;. Foto: Myronstandret (Depositphotos.com).&lt;\/p&gt;\n\" data-large-file=\"https:\/\/i0.wp.com\/terjebjornstad.com\/no\/wp-content\/uploads\/2024\/06\/Mercedes-Benz-F200-myronstandret-2000x1335-1.jpg?fit=980%2C654&amp;ssl=1\" src=\"https:\/\/i0.wp.com\/terjebjornstad.com\/no\/wp-content\/uploads\/2024\/06\/Mercedes-Benz-F200-myronstandret-2000x1335-1.jpg?resize=980%2C654&#038;ssl=1\" alt=\"\" width=\"980\" height=\"654\" class=\"size-full wp-image-72924\" srcset=\"https:\/\/i0.wp.com\/terjebjornstad.com\/no\/wp-content\/uploads\/2024\/06\/Mercedes-Benz-F200-myronstandret-2000x1335-1.jpg?w=2000&amp;ssl=1 2000w, https:\/\/i0.wp.com\/terjebjornstad.com\/no\/wp-content\/uploads\/2024\/06\/Mercedes-Benz-F200-myronstandret-2000x1335-1.jpg?resize=300%2C200&amp;ssl=1 300w, https:\/\/i0.wp.com\/terjebjornstad.com\/no\/wp-content\/uploads\/2024\/06\/Mercedes-Benz-F200-myronstandret-2000x1335-1.jpg?resize=1080%2C721&amp;ssl=1 1080w, https:\/\/i0.wp.com\/terjebjornstad.com\/no\/wp-content\/uploads\/2024\/06\/Mercedes-Benz-F200-myronstandret-2000x1335-1.jpg?resize=768%2C513&amp;ssl=1 768w, https:\/\/i0.wp.com\/terjebjornstad.com\/no\/wp-content\/uploads\/2024\/06\/Mercedes-Benz-F200-myronstandret-2000x1335-1.jpg?resize=1536%2C1025&amp;ssl=1 1536w, https:\/\/i0.wp.com\/terjebjornstad.com\/no\/wp-content\/uploads\/2024\/06\/Mercedes-Benz-F200-myronstandret-2000x1335-1.jpg?resize=690%2C461&amp;ssl=1 690w, https:\/\/i0.wp.com\/terjebjornstad.com\/no\/wp-content\/uploads\/2024\/06\/Mercedes-Benz-F200-myronstandret-2000x1335-1.jpg?resize=980%2C654&amp;ssl=1 980w\" sizes=\"auto, (max-width: 980px) 100vw, 980px\" \/><\/a><figcaption id=\"caption-attachment-72924\" class=\"wp-caption-text\">Mercedes-Benz F200 &laquo;Imagination&raquo;. Foto: Myronstandret (Depositphotos.com).<\/figcaption><\/figure>\n<h3 class=\"tebh2\">En mulighetsstudie<\/h3>\n<p>Mercedes-Benz F200 \u201cImagination\u201d Coup\u00e9 var, som navnet antyder, en mulighetsstudie av ny teknologi. Bekreftelsen p\u00e5 at teknologien var mulig, ble bevist ved at alle innovative l\u00f8sninger fungerte i praksis. Bilen var &#8211; og er fremdeles &#8211; fullt kj\u00f8rbar.<\/p>\n<h3 class=\"tebh2\">F\u00f8rst museum, deretter solgt<\/h3>\n<p>Jeg s\u00e5 bilen f\u00f8rste gang p\u00e5 Mercedes-Benz World i England i 2018. F\u00f8r det, har den, etter bilder \u00e5 d\u00f8mme, trolig st\u00e5tt utstilt p\u00e5 Mercedes-Benz\u2019 museum i Stuttgart. Etter mitt f\u00f8rste m\u00f8te med bilen har den v\u00e6rt utstilt p\u00e5 London Concours, og den skal n\u00e5 v\u00e6re i privat eie. Salgsprisen var like under 10 millioner dollar, alts\u00e5 100 millioner norske kroner. En ufattelig sum som kanskje kan vise seg \u00e5 v\u00e6re en god investering. Bilen er b\u00e5de unik og historisk &#8211; og ingen sinke med 6,0 liters V12 motor. Uansett kan aldri dette bli en bil man kan bruke til daglig. Hvem v\u00e5ger \u00e5 ta en s\u00e5 dyr bil ut i London-trafikken og man\u00f8vrere den med Sidesticks i stedet for ratt og pedaler?<\/p>\n<hr \/>\n<p>&nbsp;<br \/>\n<figure id=\"attachment_72925\" aria-describedby=\"caption-attachment-72925\" style=\"width: 2000px\" class=\"wp-caption aligncenter\"><a href=\"https:\/\/i0.wp.com\/terjebjornstad.com\/no\/wp-content\/uploads\/2024\/06\/Mercedes-Benz-F200-tamix115-2000x1331-1.jpg?ssl=1\"><img data-recalc-dims=\"1\" loading=\"lazy\" decoding=\"async\" data-attachment-id=\"72925\" data-permalink=\"https:\/\/terjebjornstad.com\/no\/2024\/06\/21\/konseptbil-til-100-mill\/mercedes-benz-f200-tamix115-2000x1331\/\" data-orig-file=\"https:\/\/i0.wp.com\/terjebjornstad.com\/no\/wp-content\/uploads\/2024\/06\/Mercedes-Benz-F200-tamix115-2000x1331-1.jpg?fit=2000%2C1331&amp;ssl=1\" data-orig-size=\"2000,1331\" data-comments-opened=\"1\" data-image-meta=\"{&quot;aperture&quot;:&quot;0&quot;,&quot;credit&quot;:&quot;&quot;,&quot;camera&quot;:&quot;&quot;,&quot;caption&quot;:&quot;&quot;,&quot;created_timestamp&quot;:&quot;0&quot;,&quot;copyright&quot;:&quot;&quot;,&quot;focal_length&quot;:&quot;0&quot;,&quot;iso&quot;:&quot;0&quot;,&quot;shutter_speed&quot;:&quot;0&quot;,&quot;title&quot;:&quot;&quot;,&quot;orientation&quot;:&quot;0&quot;}\" data-image-title=\"Mercedes-Benz-F200-tamix115-2000&amp;#215;1331\" data-image-description=\"\" data-image-caption=\"&lt;p&gt;Mercedes-Benz F200. Foto: Tamix (Depositphotos.com).&lt;\/p&gt;\n\" data-large-file=\"https:\/\/i0.wp.com\/terjebjornstad.com\/no\/wp-content\/uploads\/2024\/06\/Mercedes-Benz-F200-tamix115-2000x1331-1.jpg?fit=980%2C652&amp;ssl=1\" src=\"https:\/\/i0.wp.com\/terjebjornstad.com\/no\/wp-content\/uploads\/2024\/06\/Mercedes-Benz-F200-tamix115-2000x1331-1.jpg?resize=980%2C652&#038;ssl=1\" alt=\"\" width=\"980\" height=\"652\" class=\"size-full wp-image-72925\" srcset=\"https:\/\/i0.wp.com\/terjebjornstad.com\/no\/wp-content\/uploads\/2024\/06\/Mercedes-Benz-F200-tamix115-2000x1331-1.jpg?w=2000&amp;ssl=1 2000w, https:\/\/i0.wp.com\/terjebjornstad.com\/no\/wp-content\/uploads\/2024\/06\/Mercedes-Benz-F200-tamix115-2000x1331-1.jpg?resize=300%2C200&amp;ssl=1 300w, https:\/\/i0.wp.com\/terjebjornstad.com\/no\/wp-content\/uploads\/2024\/06\/Mercedes-Benz-F200-tamix115-2000x1331-1.jpg?resize=1080%2C719&amp;ssl=1 1080w, https:\/\/i0.wp.com\/terjebjornstad.com\/no\/wp-content\/uploads\/2024\/06\/Mercedes-Benz-F200-tamix115-2000x1331-1.jpg?resize=768%2C511&amp;ssl=1 768w, https:\/\/i0.wp.com\/terjebjornstad.com\/no\/wp-content\/uploads\/2024\/06\/Mercedes-Benz-F200-tamix115-2000x1331-1.jpg?resize=1536%2C1022&amp;ssl=1 1536w, https:\/\/i0.wp.com\/terjebjornstad.com\/no\/wp-content\/uploads\/2024\/06\/Mercedes-Benz-F200-tamix115-2000x1331-1.jpg?resize=690%2C459&amp;ssl=1 690w, https:\/\/i0.wp.com\/terjebjornstad.com\/no\/wp-content\/uploads\/2024\/06\/Mercedes-Benz-F200-tamix115-2000x1331-1.jpg?resize=980%2C652&amp;ssl=1 980w\" sizes=\"auto, (max-width: 980px) 100vw, 980px\" \/><\/a><figcaption id=\"caption-attachment-72925\" class=\"wp-caption-text\">Mercedes-Benz F200. Foto: Tamix (Depositphotos.com).<\/figcaption><\/figure><br \/>\n&nbsp;<br \/>\n<figure id=\"attachment_72922\" aria-describedby=\"caption-attachment-72922\" style=\"width: 575px\" class=\"wp-caption aligncenter\"><a href=\"https:\/\/i0.wp.com\/terjebjornstad.com\/no\/wp-content\/uploads\/2024\/06\/mercedes-benz_concepts_1996_wallpapers_1_b.jpg?ssl=1\"><img data-recalc-dims=\"1\" loading=\"lazy\" decoding=\"async\" data-attachment-id=\"72922\" data-permalink=\"https:\/\/terjebjornstad.com\/no\/2024\/06\/21\/konseptbil-til-100-mill\/mercedes-benz_concepts_1996_wallpapers_1_b\/\" data-orig-file=\"https:\/\/i0.wp.com\/terjebjornstad.com\/no\/wp-content\/uploads\/2024\/06\/mercedes-benz_concepts_1996_wallpapers_1_b.jpg?fit=575%2C400&amp;ssl=1\" data-orig-size=\"575,400\" data-comments-opened=\"1\" data-image-meta=\"{&quot;aperture&quot;:&quot;0&quot;,&quot;credit&quot;:&quot;&quot;,&quot;camera&quot;:&quot;&quot;,&quot;caption&quot;:&quot;&quot;,&quot;created_timestamp&quot;:&quot;0&quot;,&quot;copyright&quot;:&quot;&quot;,&quot;focal_length&quot;:&quot;0&quot;,&quot;iso&quot;:&quot;0&quot;,&quot;shutter_speed&quot;:&quot;0&quot;,&quot;title&quot;:&quot;&quot;,&quot;orientation&quot;:&quot;0&quot;}\" data-image-title=\"mercedes-benz_concepts_1996_wallpapers_1_b\" data-image-description=\"\" data-image-caption=\"&lt;p&gt;Mercedes-Benz Concepts. Kilde: FavCars.com&lt;\/p&gt;\n\" data-large-file=\"https:\/\/i0.wp.com\/terjebjornstad.com\/no\/wp-content\/uploads\/2024\/06\/mercedes-benz_concepts_1996_wallpapers_1_b.jpg?fit=575%2C400&amp;ssl=1\" src=\"https:\/\/i0.wp.com\/terjebjornstad.com\/no\/wp-content\/uploads\/2024\/06\/mercedes-benz_concepts_1996_wallpapers_1_b.jpg?resize=575%2C400&#038;ssl=1\" alt=\"\" width=\"575\" height=\"400\" class=\"size-full wp-image-72922\" srcset=\"https:\/\/i0.wp.com\/terjebjornstad.com\/no\/wp-content\/uploads\/2024\/06\/mercedes-benz_concepts_1996_wallpapers_1_b.jpg?w=575&amp;ssl=1 575w, https:\/\/i0.wp.com\/terjebjornstad.com\/no\/wp-content\/uploads\/2024\/06\/mercedes-benz_concepts_1996_wallpapers_1_b.jpg?resize=300%2C209&amp;ssl=1 300w\" sizes=\"auto, (max-width: 575px) 100vw, 575px\" \/><\/a><figcaption id=\"caption-attachment-72922\" class=\"wp-caption-text\">Mercedes-Benz Concepts. Kilde: FavCars.com<\/figcaption><\/figure><br \/>\n&nbsp;<br \/>\nMine f\u00f8rsteinntrykk av bilen var ikke overveldende. Den var ikke s\u00e6rlig gunstig plassert for fotografering, delvis skjult av sperreb\u00e5nd og en plakat, samt et \u00e5pent bagasjelokk hvor lokket sto hevet i vannrett stilling s\u00e5nn at bilens fine linjer ble brutt.<\/p>\n<h3 class=\"tebh2\">Skapte rykter<\/h3>\n<p>Da bilen ble vist frem til publikum, bar den registreringsnummeret \u201cSCL600\u201d. Det fikk bilpressen til \u00e5 spekulere i om neste generasjon av S CL 600 ville bli tilbudt med joystick-styring, noe som ikke ble godt mottatt i datidens sosiale medier. Den nye CL klassen (C215) ble da lansert 2 \u00e5r senere uten det flotte  glasstaket og uten joystick-styring. Men Daimler-Benz hadde ikke lagt bort ideen. I 1998 viste de nemlig frem en SL 500 (R129) med &laquo;Sidesticks&raquo; &#8211; en prototype som etter kort tid ble plassert p\u00e5 museum.<br \/>\n&nbsp;<br \/>\nDesignmessig kan man ane linjef\u00f8ringen etter F200 \u201cImagination\u201d i CL-klassen som kom i 1998. Men konseptbilen gir ogs\u00e5 klare assosiasjoner til en annen Mercedes-Benz modell som ble lansert p\u00e5 samme tid som F200, nemlig den lille sportsbilen SLK (R170).<\/p>\n<hr \/>\n<p>&nbsp;<br \/>\n<figure id=\"attachment_25183\" aria-describedby=\"caption-attachment-25183\" style=\"width: 1080px\" class=\"wp-caption aligncenter\"><a href=\"https:\/\/i0.wp.com\/terjebjornstad.com\/no\/wp-content\/uploads\/2019\/07\/mercedes-benz-slk230-1-1080x720.png?ssl=1\"><img data-recalc-dims=\"1\" loading=\"lazy\" decoding=\"async\" data-attachment-id=\"25183\" data-permalink=\"https:\/\/terjebjornstad.com\/no\/2019\/07\/05\/nye-importregler\/mercedes-benz-slk230-1-1080x720\/\" data-orig-file=\"https:\/\/i0.wp.com\/terjebjornstad.com\/no\/wp-content\/uploads\/2019\/07\/mercedes-benz-slk230-1-1080x720.png?fit=1080%2C720&amp;ssl=1\" data-orig-size=\"1080,720\" data-comments-opened=\"1\" data-image-meta=\"{&quot;aperture&quot;:&quot;0&quot;,&quot;credit&quot;:&quot;&quot;,&quot;camera&quot;:&quot;&quot;,&quot;caption&quot;:&quot;&quot;,&quot;created_timestamp&quot;:&quot;0&quot;,&quot;copyright&quot;:&quot;&quot;,&quot;focal_length&quot;:&quot;0&quot;,&quot;iso&quot;:&quot;0&quot;,&quot;shutter_speed&quot;:&quot;0&quot;,&quot;title&quot;:&quot;&quot;,&quot;orientation&quot;:&quot;0&quot;}\" data-image-title=\"mercedes-benz-slk230-1-1080&amp;#215;720\" data-image-description=\"\" data-image-caption=\"&lt;p&gt;Mercedes-Benz SLK 230&lt;\/p&gt;\n\" data-large-file=\"https:\/\/i0.wp.com\/terjebjornstad.com\/no\/wp-content\/uploads\/2019\/07\/mercedes-benz-slk230-1-1080x720.png?fit=980%2C653&amp;ssl=1\" src=\"https:\/\/i0.wp.com\/terjebjornstad.com\/no\/wp-content\/uploads\/2019\/07\/mercedes-benz-slk230-1-1080x720.png?resize=980%2C653&#038;ssl=1\" alt=\"\" width=\"980\" height=\"653\" class=\"size-full wp-image-25183\" srcset=\"https:\/\/i0.wp.com\/terjebjornstad.com\/no\/wp-content\/uploads\/2019\/07\/mercedes-benz-slk230-1-1080x720.png?resize=1080%2C720&amp;ssl=1 1080w, https:\/\/i0.wp.com\/terjebjornstad.com\/no\/wp-content\/uploads\/2019\/07\/mercedes-benz-slk230-1-1080x720.png?resize=300%2C200&amp;ssl=1 300w, https:\/\/i0.wp.com\/terjebjornstad.com\/no\/wp-content\/uploads\/2019\/07\/mercedes-benz-slk230-1-1080x720.png?resize=768%2C512&amp;ssl=1 768w, https:\/\/i0.wp.com\/terjebjornstad.com\/no\/wp-content\/uploads\/2019\/07\/mercedes-benz-slk230-1-1080x720.png?resize=690%2C460&amp;ssl=1 690w, https:\/\/i0.wp.com\/terjebjornstad.com\/no\/wp-content\/uploads\/2019\/07\/mercedes-benz-slk230-1-1080x720.png?resize=980%2C653&amp;ssl=1 980w\" sizes=\"auto, (max-width: 980px) 100vw, 980px\" \/><\/a><figcaption id=\"caption-attachment-25183\" class=\"wp-caption-text\">Mercedes-Benz SLK 230<\/figcaption><\/figure><\/p>\n<figure id=\"attachment_72921\" aria-describedby=\"caption-attachment-72921\" style=\"width: 1280px\" class=\"wp-caption aligncenter\"><a href=\"https:\/\/i0.wp.com\/terjebjornstad.com\/no\/wp-content\/uploads\/2024\/06\/pictures_mercedes-benz_concepts_1996_3.jpg?ssl=1\"><img data-recalc-dims=\"1\" loading=\"lazy\" decoding=\"async\" data-attachment-id=\"72921\" data-permalink=\"https:\/\/terjebjornstad.com\/no\/2024\/06\/21\/konseptbil-til-100-mill\/pictures_mercedes-benz_concepts_1996_3\/\" data-orig-file=\"https:\/\/i0.wp.com\/terjebjornstad.com\/no\/wp-content\/uploads\/2024\/06\/pictures_mercedes-benz_concepts_1996_3.jpg?fit=1280%2C960&amp;ssl=1\" data-orig-size=\"1280,960\" data-comments-opened=\"1\" data-image-meta=\"{&quot;aperture&quot;:&quot;0&quot;,&quot;credit&quot;:&quot;&quot;,&quot;camera&quot;:&quot;&quot;,&quot;caption&quot;:&quot;&quot;,&quot;created_timestamp&quot;:&quot;0&quot;,&quot;copyright&quot;:&quot;&quot;,&quot;focal_length&quot;:&quot;0&quot;,&quot;iso&quot;:&quot;0&quot;,&quot;shutter_speed&quot;:&quot;0&quot;,&quot;title&quot;:&quot;&quot;,&quot;orientation&quot;:&quot;1&quot;}\" data-image-title=\"pictures_mercedes-benz_concepts_1996_3\" data-image-description=\"\" data-image-caption=\"&lt;p&gt;Mercedes-Benz Concepts. Kilde: FavCars.com.&lt;\/p&gt;\n\" data-large-file=\"https:\/\/i0.wp.com\/terjebjornstad.com\/no\/wp-content\/uploads\/2024\/06\/pictures_mercedes-benz_concepts_1996_3.jpg?fit=980%2C735&amp;ssl=1\" src=\"https:\/\/i0.wp.com\/terjebjornstad.com\/no\/wp-content\/uploads\/2024\/06\/pictures_mercedes-benz_concepts_1996_3.jpg?resize=980%2C735&#038;ssl=1\" alt=\"\" width=\"980\" height=\"735\" class=\"size-full wp-image-72921\" srcset=\"https:\/\/i0.wp.com\/terjebjornstad.com\/no\/wp-content\/uploads\/2024\/06\/pictures_mercedes-benz_concepts_1996_3.jpg?w=1280&amp;ssl=1 1280w, https:\/\/i0.wp.com\/terjebjornstad.com\/no\/wp-content\/uploads\/2024\/06\/pictures_mercedes-benz_concepts_1996_3.jpg?resize=300%2C225&amp;ssl=1 300w, https:\/\/i0.wp.com\/terjebjornstad.com\/no\/wp-content\/uploads\/2024\/06\/pictures_mercedes-benz_concepts_1996_3.jpg?resize=1080%2C810&amp;ssl=1 1080w, https:\/\/i0.wp.com\/terjebjornstad.com\/no\/wp-content\/uploads\/2024\/06\/pictures_mercedes-benz_concepts_1996_3.jpg?resize=768%2C576&amp;ssl=1 768w, https:\/\/i0.wp.com\/terjebjornstad.com\/no\/wp-content\/uploads\/2024\/06\/pictures_mercedes-benz_concepts_1996_3.jpg?resize=690%2C518&amp;ssl=1 690w, https:\/\/i0.wp.com\/terjebjornstad.com\/no\/wp-content\/uploads\/2024\/06\/pictures_mercedes-benz_concepts_1996_3.jpg?resize=980%2C735&amp;ssl=1 980w\" sizes=\"auto, (max-width: 980px) 100vw, 980px\" \/><\/a><figcaption id=\"caption-attachment-72921\" class=\"wp-caption-text\">Mercedes-Benz Concepts. Kilde: FavCars.com.<\/figcaption><\/figure>\n<h3 class=\"tebh2\">Se ogs\u00e5<\/h3>\n<figure id=\"attachment_25238\" aria-describedby=\"caption-attachment-25238\" style=\"width: 150px\" class=\"wp-caption alignleft\"><a href=\"https:\/\/terjebjornstad.com\/no\/2019\/07\/20\/mercedes-benz-slk-r170\/\"><img data-recalc-dims=\"1\" loading=\"lazy\" decoding=\"async\" data-attachment-id=\"25238\" data-permalink=\"https:\/\/terjebjornstad.com\/no\/terjes-biler\/r170-avers-320x400\/\" data-orig-file=\"https:\/\/i0.wp.com\/terjebjornstad.com\/no\/wp-content\/uploads\/2019\/07\/r170-avers-320x400.png?fit=320%2C400&amp;ssl=1\" data-orig-size=\"320,400\" data-comments-opened=\"1\" data-image-meta=\"{&quot;aperture&quot;:&quot;0&quot;,&quot;credit&quot;:&quot;&quot;,&quot;camera&quot;:&quot;&quot;,&quot;caption&quot;:&quot;&quot;,&quot;created_timestamp&quot;:&quot;0&quot;,&quot;copyright&quot;:&quot;&quot;,&quot;focal_length&quot;:&quot;0&quot;,&quot;iso&quot;:&quot;0&quot;,&quot;shutter_speed&quot;:&quot;0&quot;,&quot;title&quot;:&quot;&quot;,&quot;orientation&quot;:&quot;0&quot;}\" data-image-title=\"r170-avers-320&amp;#215;400\" data-image-description=\"\" data-image-caption=\"&lt;p&gt;Mercedes-Benz SLK R170&lt;\/p&gt;\n\" data-large-file=\"https:\/\/i0.wp.com\/terjebjornstad.com\/no\/wp-content\/uploads\/2019\/07\/r170-avers-320x400.png?fit=320%2C400&amp;ssl=1\" src=\"https:\/\/i0.wp.com\/terjebjornstad.com\/no\/wp-content\/uploads\/2019\/07\/r170-avers-320x400.png?resize=150%2C150&#038;ssl=1\" alt=\"\" width=\"150\" height=\"150\" class=\"size-thumbnail wp-image-25238\" srcset=\"https:\/\/i0.wp.com\/terjebjornstad.com\/no\/wp-content\/uploads\/2019\/07\/r170-avers-320x400.png?resize=150%2C150&amp;ssl=1 150w, https:\/\/i0.wp.com\/terjebjornstad.com\/no\/wp-content\/uploads\/2019\/07\/r170-avers-320x400.png?resize=50%2C50&amp;ssl=1 50w, https:\/\/i0.wp.com\/terjebjornstad.com\/no\/wp-content\/uploads\/2019\/07\/r170-avers-320x400.png?zoom=2&amp;resize=150%2C150&amp;ssl=1 300w\" sizes=\"auto, (max-width: 150px) 100vw, 150px\" \/><\/a><figcaption id=\"caption-attachment-25238\" class=\"wp-caption-text\">Mercedes-Benz SLK R170<\/figcaption><\/figure>\n<h6><\/h6>\n<p><a href=\"https:\/\/www.youtube.com\/watch?v=hlMwQXiC0Ro\" target=\"_blank\" rel=\"noopener\"><strong>YouTube: Hvordan Mercedes-Benz&#8217; viste F200 p\u00e5 veiene<\/strong><\/a><\/p>\n<h6><\/h6>\n<\/div>\n","protected":false,"gt_translate_keys":[{"key":"rendered","format":"html"}]},"excerpt":{"rendered":"<p>Denne Mercedes-Benz F200 \u201cImagination\u201d finnes det kun \u00e9n av. Den ble bygget som konseptbil, presentert p\u00e5 bilutstillingen i Paris 1996, deretter satt p\u00e5 museum og senere solgt for ufattelige 100 millioner kroner! Form\u00e5let med konseptbiler som dette, er \u00e5 vise frem og teste nye ideer p\u00e5 publikum. Ofte handler det om rene stilstudier &#8211; biler [&hellip;]<\/p>\n","protected":false,"gt_translate_keys":[{"key":"rendered","format":"html"}]},"author":1,"featured_media":72919,"comment_status":"open","ping_status":"open","sticky":false,"template":"","format":"standard","meta":{"_monsterinsights_skip_tracking":false,"_monsterinsights_sitenote_active":false,"_monsterinsights_sitenote_note":"","_monsterinsights_sitenote_category":0,"jetpack_post_was_ever_published":false,"_jetpack_newsletter_access":"","_jetpack_dont_email_post_to_subs":false,"_jetpack_newsletter_tier_id":0,"_jetpack_memberships_contains_paywalled_content":false,"_jetpack_memberships_contains_paid_content":false,"footnotes":"","jetpack_publicize_message":"","jetpack_publicize_feature_enabled":true,"jetpack_social_post_already_shared":true,"jetpack_social_options":{"image_generator_settings":{"template":"highway","default_image_id":0,"font":"","enabled":false},"version":2}},"categories":[34,5228],"tags":[5231,5229,5230],"class_list":["post-72929","post","type-post","status-publish","format-standard","has-post-thumbnail","hentry","category-artikkel","category-f200","tag-f200","tag-mercedes-benz-f200","tag-sidesticks"],"yoast_head":"<!-- This site is optimized with the Yoast SEO plugin v27.4 - https:\/\/yoast.com\/product\/yoast-seo-wordpress\/ -->\n<title>Konseptbil til 100 mill. - Terjes biler<\/title>\n<meta name=\"description\" content=\"Etter at Mercedes-Benz F200 \u201cImagination\u201d ble vist p\u00e5 utstillingen i Paris 1996, havnet den p\u00e5 museum og senere solgt for 100 mill. kr.\" \/>\n<meta name=\"robots\" content=\"index, follow, max-snippet:-1, max-image-preview:large, max-video-preview:-1\" \/>\n<link rel=\"canonical\" href=\"https:\/\/terjebjornstad.com\/no\/2024\/06\/21\/konseptbil-til-100-mill\/\" \/>\n<meta property=\"og:locale\" content=\"nb_NO\" \/>\n<meta property=\"og:type\" content=\"article\" \/>\n<meta property=\"og:title\" content=\"Konseptbil til 100 mill. - Terjes biler\" \/>\n<meta property=\"og:description\" content=\"Etter at Mercedes-Benz F200 \u201cImagination\u201d ble vist p\u00e5 utstillingen i Paris 1996, havnet den p\u00e5 museum og senere solgt for 100 mill. kr.\" \/>\n<meta property=\"og:url\" content=\"https:\/\/terjebjornstad.com\/no\/2024\/06\/21\/konseptbil-til-100-mill\/\" \/>\n<meta property=\"og:site_name\" content=\"Terjes biler\" \/>\n<meta property=\"article:publisher\" content=\"https:\/\/www.facebook.com\/terjesbiler\/\" \/>\n<meta property=\"article:author\" content=\"https:\/\/www.facebook.com\/terjesbiler\" \/>\n<meta property=\"article:published_time\" content=\"2024-06-21T11:56:08+00:00\" \/>\n<meta property=\"article:modified_time\" content=\"2025-07-21T22:12:44+00:00\" \/>\n<meta property=\"og:image\" content=\"https:\/\/terjebjornstad.com\/no\/wp-content\/uploads\/2024\/06\/1996-mercedes-benz-f200-1920x1920-1.jpg\" \/>\n\t<meta property=\"og:image:width\" content=\"1920\" \/>\n\t<meta property=\"og:image:height\" content=\"1920\" \/>\n\t<meta property=\"og:image:type\" content=\"image\/jpeg\" \/>\n<meta name=\"author\" content=\"Terje Bj\u00f8rnstad\" \/>\n<meta name=\"twitter:card\" content=\"summary_large_image\" \/>\n<meta name=\"twitter:label1\" content=\"Skrevet av\" \/>\n\t<meta name=\"twitter:data1\" content=\"Terje Bj\u00f8rnstad\" \/>\n\t<meta name=\"twitter:label2\" content=\"Ansl. lesetid\" \/>\n\t<meta name=\"twitter:data2\" content=\"6 minutter\" \/>\n<script type=\"application\/ld+json\" class=\"yoast-schema-graph\">{\"@context\":\"https:\\\/\\\/schema.org\",\"@graph\":[{\"@type\":\"Article\",\"@id\":\"https:\\\/\\\/terjebjornstad.com\\\/no\\\/2024\\\/06\\\/21\\\/konseptbil-til-100-mill\\\/#article\",\"isPartOf\":{\"@id\":\"https:\\\/\\\/terjebjornstad.com\\\/no\\\/2024\\\/06\\\/21\\\/konseptbil-til-100-mill\\\/\"},\"author\":{\"name\":\"Terje Bj\u00f8rnstad\",\"@id\":\"https:\\\/\\\/terjebjornstad.com\\\/no\\\/#\\\/schema\\\/person\\\/a281f6a6e0f3cc9fe468e7f0c655aa65\"},\"headline\":\"Konseptbil til 100 mill.\",\"datePublished\":\"2024-06-21T11:56:08+00:00\",\"dateModified\":\"2025-07-21T22:12:44+00:00\",\"mainEntityOfPage\":{\"@id\":\"https:\\\/\\\/terjebjornstad.com\\\/no\\\/2024\\\/06\\\/21\\\/konseptbil-til-100-mill\\\/\"},\"wordCount\":742,\"commentCount\":0,\"publisher\":{\"@id\":\"https:\\\/\\\/terjebjornstad.com\\\/no\\\/#organization\"},\"image\":{\"@id\":\"https:\\\/\\\/terjebjornstad.com\\\/no\\\/2024\\\/06\\\/21\\\/konseptbil-til-100-mill\\\/#primaryimage\"},\"thumbnailUrl\":\"https:\\\/\\\/i0.wp.com\\\/terjebjornstad.com\\\/no\\\/wp-content\\\/uploads\\\/2024\\\/06\\\/1996-mercedes-benz-f200-1920x1920-1.jpg?fit=1920%2C1920&ssl=1\",\"keywords\":[\"F200\",\"Mercedes-Benz F200\",\"Sidesticks\"],\"articleSection\":[\"Artikkel\",\"F200\"],\"inLanguage\":\"nb-NO\",\"potentialAction\":[{\"@type\":\"CommentAction\",\"name\":\"Comment\",\"target\":[\"https:\\\/\\\/terjebjornstad.com\\\/no\\\/2024\\\/06\\\/21\\\/konseptbil-til-100-mill\\\/#respond\"]}]},{\"@type\":\"WebPage\",\"@id\":\"https:\\\/\\\/terjebjornstad.com\\\/no\\\/2024\\\/06\\\/21\\\/konseptbil-til-100-mill\\\/\",\"url\":\"https:\\\/\\\/terjebjornstad.com\\\/no\\\/2024\\\/06\\\/21\\\/konseptbil-til-100-mill\\\/\",\"name\":\"Konseptbil til 100 mill. - Terjes biler\",\"isPartOf\":{\"@id\":\"https:\\\/\\\/terjebjornstad.com\\\/no\\\/#website\"},\"primaryImageOfPage\":{\"@id\":\"https:\\\/\\\/terjebjornstad.com\\\/no\\\/2024\\\/06\\\/21\\\/konseptbil-til-100-mill\\\/#primaryimage\"},\"image\":{\"@id\":\"https:\\\/\\\/terjebjornstad.com\\\/no\\\/2024\\\/06\\\/21\\\/konseptbil-til-100-mill\\\/#primaryimage\"},\"thumbnailUrl\":\"https:\\\/\\\/i0.wp.com\\\/terjebjornstad.com\\\/no\\\/wp-content\\\/uploads\\\/2024\\\/06\\\/1996-mercedes-benz-f200-1920x1920-1.jpg?fit=1920%2C1920&ssl=1\",\"datePublished\":\"2024-06-21T11:56:08+00:00\",\"dateModified\":\"2025-07-21T22:12:44+00:00\",\"description\":\"Etter at Mercedes-Benz F200 \u201cImagination\u201d ble vist p\u00e5 utstillingen i Paris 1996, havnet den p\u00e5 museum og senere solgt for 100 mill. kr.\",\"breadcrumb\":{\"@id\":\"https:\\\/\\\/terjebjornstad.com\\\/no\\\/2024\\\/06\\\/21\\\/konseptbil-til-100-mill\\\/#breadcrumb\"},\"inLanguage\":\"nb-NO\",\"potentialAction\":[{\"@type\":\"ReadAction\",\"target\":[\"https:\\\/\\\/terjebjornstad.com\\\/no\\\/2024\\\/06\\\/21\\\/konseptbil-til-100-mill\\\/\"]}]},{\"@type\":\"ImageObject\",\"inLanguage\":\"nb-NO\",\"@id\":\"https:\\\/\\\/terjebjornstad.com\\\/no\\\/2024\\\/06\\\/21\\\/konseptbil-til-100-mill\\\/#primaryimage\",\"url\":\"https:\\\/\\\/i0.wp.com\\\/terjebjornstad.com\\\/no\\\/wp-content\\\/uploads\\\/2024\\\/06\\\/1996-mercedes-benz-f200-1920x1920-1.jpg?fit=1920%2C1920&ssl=1\",\"contentUrl\":\"https:\\\/\\\/i0.wp.com\\\/terjebjornstad.com\\\/no\\\/wp-content\\\/uploads\\\/2024\\\/06\\\/1996-mercedes-benz-f200-1920x1920-1.jpg?fit=1920%2C1920&ssl=1\",\"width\":1920,\"height\":1920,\"caption\":\"Konseptbil til 100 mill. Det som gj\u00f8r denne bilen ekstra spesiell, at noen har gitt ufattelige 100 millioner kroner for den!\\\"\"},{\"@type\":\"BreadcrumbList\",\"@id\":\"https:\\\/\\\/terjebjornstad.com\\\/no\\\/2024\\\/06\\\/21\\\/konseptbil-til-100-mill\\\/#breadcrumb\",\"itemListElement\":[{\"@type\":\"ListItem\",\"position\":1,\"name\":\"Hjem\",\"item\":\"https:\\\/\\\/terjebjornstad.com\\\/no\\\/\"},{\"@type\":\"ListItem\",\"position\":2,\"name\":\"Konseptbil til 100 mill.\"}]},{\"@type\":\"WebSite\",\"@id\":\"https:\\\/\\\/terjebjornstad.com\\\/no\\\/#website\",\"url\":\"https:\\\/\\\/terjebjornstad.com\\\/no\\\/\",\"name\":\"Terjes biler\",\"description\":\"HONEST ABOUT CARS\",\"publisher\":{\"@id\":\"https:\\\/\\\/terjebjornstad.com\\\/no\\\/#organization\"},\"alternateName\":\"Terjebjornstad.com\",\"potentialAction\":[{\"@type\":\"SearchAction\",\"target\":{\"@type\":\"EntryPoint\",\"urlTemplate\":\"https:\\\/\\\/terjebjornstad.com\\\/no\\\/?s={search_term_string}\"},\"query-input\":{\"@type\":\"PropertyValueSpecification\",\"valueRequired\":true,\"valueName\":\"search_term_string\"}}],\"inLanguage\":\"nb-NO\"},{\"@type\":\"Organization\",\"@id\":\"https:\\\/\\\/terjebjornstad.com\\\/no\\\/#organization\",\"name\":\"Terje Bj\u00f8rnstad ENK\",\"url\":\"https:\\\/\\\/terjebjornstad.com\\\/no\\\/\",\"logo\":{\"@type\":\"ImageObject\",\"inLanguage\":\"nb-NO\",\"@id\":\"https:\\\/\\\/terjebjornstad.com\\\/no\\\/#\\\/schema\\\/logo\\\/image\\\/\",\"url\":\"https:\\\/\\\/i0.wp.com\\\/terjebjornstad.com\\\/no\\\/wp-content\\\/uploads\\\/2026\\\/02\\\/terjesbiler2024-960x354-1.png?fit=960%2C354&ssl=1\",\"contentUrl\":\"https:\\\/\\\/i0.wp.com\\\/terjebjornstad.com\\\/no\\\/wp-content\\\/uploads\\\/2026\\\/02\\\/terjesbiler2024-960x354-1.png?fit=960%2C354&ssl=1\",\"width\":960,\"height\":354,\"caption\":\"Terje Bj\u00f8rnstad ENK\"},\"image\":{\"@id\":\"https:\\\/\\\/terjebjornstad.com\\\/no\\\/#\\\/schema\\\/logo\\\/image\\\/\"},\"sameAs\":[\"https:\\\/\\\/www.facebook.com\\\/terjesbiler\\\/\",\"https:\\\/\\\/www.instagram.com\\\/terjesbiler\\\/\",\"https:\\\/\\\/www.pinteres.com\\\/terjebjrnstad\\\/terjes-biler\\\/\"]},{\"@type\":\"Person\",\"@id\":\"https:\\\/\\\/terjebjornstad.com\\\/no\\\/#\\\/schema\\\/person\\\/a281f6a6e0f3cc9fe468e7f0c655aa65\",\"name\":\"Terje Bj\u00f8rnstad\",\"image\":{\"@type\":\"ImageObject\",\"inLanguage\":\"nb-NO\",\"@id\":\"https:\\\/\\\/secure.gravatar.com\\\/avatar\\\/e8dff505b51cf6cb67ae06a06022d2049aac2da1e79dc146a36b58798c4b40ea?s=96&d=mm&r=g\",\"url\":\"https:\\\/\\\/secure.gravatar.com\\\/avatar\\\/e8dff505b51cf6cb67ae06a06022d2049aac2da1e79dc146a36b58798c4b40ea?s=96&d=mm&r=g\",\"contentUrl\":\"https:\\\/\\\/secure.gravatar.com\\\/avatar\\\/e8dff505b51cf6cb67ae06a06022d2049aac2da1e79dc146a36b58798c4b40ea?s=96&d=mm&r=g\",\"caption\":\"Terje Bj\u00f8rnstad\"},\"description\":\"Terje Bj\u00f8rnstad. Bloggadministrator, hobbyfotograf og bilnerd.\",\"sameAs\":[\"https:\\\/\\\/www.facebook.com\\\/terjesbiler\",\"https:\\\/\\\/www.instagram.com\\\/terjesbiler\",\"https:\\\/\\\/no.pinterest.com\\\/terjebjrnstad\",\"https:\\\/\\\/www.youtube.com\\\/channel\\\/UCzCKJJDybyIgKqatc_JQqIg\"]}]}<\/script>\n<!-- \/ Yoast SEO plugin. -->","yoast_head_json":{"title":"Konseptbil til 100 mill. - Terjes biler","description":"Etter at Mercedes-Benz F200 \u201cImagination\u201d ble vist p\u00e5 utstillingen i Paris 1996, havnet den p\u00e5 museum og senere solgt for 100 mill. kr.","robots":{"index":"index","follow":"follow","max-snippet":"max-snippet:-1","max-image-preview":"max-image-preview:large","max-video-preview":"max-video-preview:-1"},"canonical":"https:\/\/terjebjornstad.com\/no\/2024\/06\/21\/konseptbil-til-100-mill\/","og_locale":"nb_NO","og_type":"article","og_title":"Konseptbil til 100 mill. - Terjes biler","og_description":"Etter at Mercedes-Benz F200 \u201cImagination\u201d ble vist p\u00e5 utstillingen i Paris 1996, havnet den p\u00e5 museum og senere solgt for 100 mill. kr.","og_url":"https:\/\/terjebjornstad.com\/no\/2024\/06\/21\/konseptbil-til-100-mill\/","og_site_name":"Terjes biler","article_publisher":"https:\/\/www.facebook.com\/terjesbiler\/","article_author":"https:\/\/www.facebook.com\/terjesbiler","article_published_time":"2024-06-21T11:56:08+00:00","article_modified_time":"2025-07-21T22:12:44+00:00","og_image":[{"width":1920,"height":1920,"url":"https:\/\/terjebjornstad.com\/no\/wp-content\/uploads\/2024\/06\/1996-mercedes-benz-f200-1920x1920-1.jpg","type":"image\/jpeg"}],"author":"Terje Bj\u00f8rnstad","twitter_card":"summary_large_image","twitter_misc":{"Skrevet av":"Terje Bj\u00f8rnstad","Ansl. lesetid":"6 minutter"},"schema":{"@context":"https:\/\/schema.org","@graph":[{"@type":"Article","@id":"https:\/\/terjebjornstad.com\/no\/2024\/06\/21\/konseptbil-til-100-mill\/#article","isPartOf":{"@id":"https:\/\/terjebjornstad.com\/no\/2024\/06\/21\/konseptbil-til-100-mill\/"},"author":{"name":"Terje Bj\u00f8rnstad","@id":"https:\/\/terjebjornstad.com\/no\/#\/schema\/person\/a281f6a6e0f3cc9fe468e7f0c655aa65"},"headline":"Konseptbil til 100 mill.","datePublished":"2024-06-21T11:56:08+00:00","dateModified":"2025-07-21T22:12:44+00:00","mainEntityOfPage":{"@id":"https:\/\/terjebjornstad.com\/no\/2024\/06\/21\/konseptbil-til-100-mill\/"},"wordCount":742,"commentCount":0,"publisher":{"@id":"https:\/\/terjebjornstad.com\/no\/#organization"},"image":{"@id":"https:\/\/terjebjornstad.com\/no\/2024\/06\/21\/konseptbil-til-100-mill\/#primaryimage"},"thumbnailUrl":"https:\/\/i0.wp.com\/terjebjornstad.com\/no\/wp-content\/uploads\/2024\/06\/1996-mercedes-benz-f200-1920x1920-1.jpg?fit=1920%2C1920&ssl=1","keywords":["F200","Mercedes-Benz F200","Sidesticks"],"articleSection":["Artikkel","F200"],"inLanguage":"nb-NO","potentialAction":[{"@type":"CommentAction","name":"Comment","target":["https:\/\/terjebjornstad.com\/no\/2024\/06\/21\/konseptbil-til-100-mill\/#respond"]}]},{"@type":"WebPage","@id":"https:\/\/terjebjornstad.com\/no\/2024\/06\/21\/konseptbil-til-100-mill\/","url":"https:\/\/terjebjornstad.com\/no\/2024\/06\/21\/konseptbil-til-100-mill\/","name":"Konseptbil til 100 mill. - Terjes biler","isPartOf":{"@id":"https:\/\/terjebjornstad.com\/no\/#website"},"primaryImageOfPage":{"@id":"https:\/\/terjebjornstad.com\/no\/2024\/06\/21\/konseptbil-til-100-mill\/#primaryimage"},"image":{"@id":"https:\/\/terjebjornstad.com\/no\/2024\/06\/21\/konseptbil-til-100-mill\/#primaryimage"},"thumbnailUrl":"https:\/\/i0.wp.com\/terjebjornstad.com\/no\/wp-content\/uploads\/2024\/06\/1996-mercedes-benz-f200-1920x1920-1.jpg?fit=1920%2C1920&ssl=1","datePublished":"2024-06-21T11:56:08+00:00","dateModified":"2025-07-21T22:12:44+00:00","description":"Etter at Mercedes-Benz F200 \u201cImagination\u201d ble vist p\u00e5 utstillingen i Paris 1996, havnet den p\u00e5 museum og senere solgt for 100 mill. kr.","breadcrumb":{"@id":"https:\/\/terjebjornstad.com\/no\/2024\/06\/21\/konseptbil-til-100-mill\/#breadcrumb"},"inLanguage":"nb-NO","potentialAction":[{"@type":"ReadAction","target":["https:\/\/terjebjornstad.com\/no\/2024\/06\/21\/konseptbil-til-100-mill\/"]}]},{"@type":"ImageObject","inLanguage":"nb-NO","@id":"https:\/\/terjebjornstad.com\/no\/2024\/06\/21\/konseptbil-til-100-mill\/#primaryimage","url":"https:\/\/i0.wp.com\/terjebjornstad.com\/no\/wp-content\/uploads\/2024\/06\/1996-mercedes-benz-f200-1920x1920-1.jpg?fit=1920%2C1920&ssl=1","contentUrl":"https:\/\/i0.wp.com\/terjebjornstad.com\/no\/wp-content\/uploads\/2024\/06\/1996-mercedes-benz-f200-1920x1920-1.jpg?fit=1920%2C1920&ssl=1","width":1920,"height":1920,"caption":"Konseptbil til 100 mill. Det som gj\u00f8r denne bilen ekstra spesiell, at noen har gitt ufattelige 100 millioner kroner for den!\""},{"@type":"BreadcrumbList","@id":"https:\/\/terjebjornstad.com\/no\/2024\/06\/21\/konseptbil-til-100-mill\/#breadcrumb","itemListElement":[{"@type":"ListItem","position":1,"name":"Hjem","item":"https:\/\/terjebjornstad.com\/no\/"},{"@type":"ListItem","position":2,"name":"Konseptbil til 100 mill."}]},{"@type":"WebSite","@id":"https:\/\/terjebjornstad.com\/no\/#website","url":"https:\/\/terjebjornstad.com\/no\/","name":"Terjes biler","description":"HONEST ABOUT CARS","publisher":{"@id":"https:\/\/terjebjornstad.com\/no\/#organization"},"alternateName":"Terjebjornstad.com","potentialAction":[{"@type":"SearchAction","target":{"@type":"EntryPoint","urlTemplate":"https:\/\/terjebjornstad.com\/no\/?s={search_term_string}"},"query-input":{"@type":"PropertyValueSpecification","valueRequired":true,"valueName":"search_term_string"}}],"inLanguage":"nb-NO"},{"@type":"Organization","@id":"https:\/\/terjebjornstad.com\/no\/#organization","name":"Terje Bj\u00f8rnstad ENK","url":"https:\/\/terjebjornstad.com\/no\/","logo":{"@type":"ImageObject","inLanguage":"nb-NO","@id":"https:\/\/terjebjornstad.com\/no\/#\/schema\/logo\/image\/","url":"https:\/\/i0.wp.com\/terjebjornstad.com\/no\/wp-content\/uploads\/2026\/02\/terjesbiler2024-960x354-1.png?fit=960%2C354&ssl=1","contentUrl":"https:\/\/i0.wp.com\/terjebjornstad.com\/no\/wp-content\/uploads\/2026\/02\/terjesbiler2024-960x354-1.png?fit=960%2C354&ssl=1","width":960,"height":354,"caption":"Terje Bj\u00f8rnstad ENK"},"image":{"@id":"https:\/\/terjebjornstad.com\/no\/#\/schema\/logo\/image\/"},"sameAs":["https:\/\/www.facebook.com\/terjesbiler\/","https:\/\/www.instagram.com\/terjesbiler\/","https:\/\/www.pinteres.com\/terjebjrnstad\/terjes-biler\/"]},{"@type":"Person","@id":"https:\/\/terjebjornstad.com\/no\/#\/schema\/person\/a281f6a6e0f3cc9fe468e7f0c655aa65","name":"Terje Bj\u00f8rnstad","image":{"@type":"ImageObject","inLanguage":"nb-NO","@id":"https:\/\/secure.gravatar.com\/avatar\/e8dff505b51cf6cb67ae06a06022d2049aac2da1e79dc146a36b58798c4b40ea?s=96&d=mm&r=g","url":"https:\/\/secure.gravatar.com\/avatar\/e8dff505b51cf6cb67ae06a06022d2049aac2da1e79dc146a36b58798c4b40ea?s=96&d=mm&r=g","contentUrl":"https:\/\/secure.gravatar.com\/avatar\/e8dff505b51cf6cb67ae06a06022d2049aac2da1e79dc146a36b58798c4b40ea?s=96&d=mm&r=g","caption":"Terje Bj\u00f8rnstad"},"description":"Terje Bj\u00f8rnstad. Bloggadministrator, hobbyfotograf og bilnerd.","sameAs":["https:\/\/www.facebook.com\/terjesbiler","https:\/\/www.instagram.com\/terjesbiler","https:\/\/no.pinterest.com\/terjebjrnstad","https:\/\/www.youtube.com\/channel\/UCzCKJJDybyIgKqatc_JQqIg"]}]}},"jetpack_publicize_connections":[],"jetpack_featured_media_url":"https:\/\/i0.wp.com\/terjebjornstad.com\/no\/wp-content\/uploads\/2024\/06\/1996-mercedes-benz-f200-1920x1920-1.jpg?fit=1920%2C1920&ssl=1","jetpack_sharing_enabled":true,"jetpack_shortlink":"https:\/\/wp.me\/p48zYA-iYh","jetpack-related-posts":[{"id":84076,"url":"https:\/\/terjebjornstad.com\/no\/2025\/09\/07\/veteranbiltreff-hos-andresen-bil-ski\/","url_meta":{"origin":72929,"position":0},"title":"Veteranbiltreff hos Andresen Bil, Ski","author":"Terje Bj\u00f8rnstad","date":"07\/09\/2025","format":false,"excerpt":"Andresen Bil p\u00e5 Ski feiret gjen\u00e5pning av sine lokaler etter oppussing. P\u00e5 l\u00f8rdag var det veteranbildag med biler eldre enn 30 \u00e5r. Andresen Bil er et familiedrevet konsern som forhandler Mercedes-Benz, Peugeot, Citroen og Opel. R\u00f8ttene strekker seg tilbake til 1952 da Bj\u00f8rn Andresen etablerte et verksted i foreldrenes hus.\u2026","rel":"","context":"i &quot;Biltreff&quot;","block_context":{"text":"Biltreff","link":"https:\/\/terjebjornstad.com\/no\/category\/biltreff\/"},"img":{"alt_text":"","src":"https:\/\/i0.wp.com\/terjebjornstad.com\/no\/wp-content\/uploads\/2025\/09\/1983-mercedes-benz-230e-1920x1440-1.jpg?fit=1200%2C900&ssl=1&resize=350%2C200","width":350,"height":200,"srcset":"https:\/\/i0.wp.com\/terjebjornstad.com\/no\/wp-content\/uploads\/2025\/09\/1983-mercedes-benz-230e-1920x1440-1.jpg?fit=1200%2C900&ssl=1&resize=350%2C200 1x, https:\/\/i0.wp.com\/terjebjornstad.com\/no\/wp-content\/uploads\/2025\/09\/1983-mercedes-benz-230e-1920x1440-1.jpg?fit=1200%2C900&ssl=1&resize=525%2C300 1.5x, https:\/\/i0.wp.com\/terjebjornstad.com\/no\/wp-content\/uploads\/2025\/09\/1983-mercedes-benz-230e-1920x1440-1.jpg?fit=1200%2C900&ssl=1&resize=700%2C400 2x, https:\/\/i0.wp.com\/terjebjornstad.com\/no\/wp-content\/uploads\/2025\/09\/1983-mercedes-benz-230e-1920x1440-1.jpg?fit=1200%2C900&ssl=1&resize=1050%2C600 3x"},"classes":[]},{"id":81049,"url":"https:\/\/terjebjornstad.com\/no\/2025\/06\/08\/classic-weekend-hos-bertel-o-steen\/","url_meta":{"origin":72929,"position":1},"title":"Classic Weekend hos Bertel O. Steen","author":"Terje Bj\u00f8rnstad","date":"08\/06\/2025","format":false,"excerpt":"Det var et stjernespekket utvalg av biler som var samlet hos Bertel O. Steens hovedkvarter p\u00e5 L\u00f8renskog i anledning Classic Weekend. Flere av bilene er b\u00e5de sjeldne og s\u00e6rdeles kostbare. Das Beste oder nichts Steller du pent med en Mercedes-Benz i 30 \u00e5r, vil den sannsynligvis bli en klassiker. Det\u2026","rel":"","context":"i &quot;Artikkel&quot;","block_context":{"text":"Artikkel","link":"https:\/\/terjebjornstad.com\/no\/category\/artikkel\/"},"img":{"alt_text":"","src":"https:\/\/i0.wp.com\/terjebjornstad.com\/no\/wp-content\/uploads\/2025\/06\/amg-gt-black-series-1920x1280-1.jpg?fit=1200%2C800&ssl=1&resize=350%2C200","width":350,"height":200,"srcset":"https:\/\/i0.wp.com\/terjebjornstad.com\/no\/wp-content\/uploads\/2025\/06\/amg-gt-black-series-1920x1280-1.jpg?fit=1200%2C800&ssl=1&resize=350%2C200 1x, https:\/\/i0.wp.com\/terjebjornstad.com\/no\/wp-content\/uploads\/2025\/06\/amg-gt-black-series-1920x1280-1.jpg?fit=1200%2C800&ssl=1&resize=525%2C300 1.5x, https:\/\/i0.wp.com\/terjebjornstad.com\/no\/wp-content\/uploads\/2025\/06\/amg-gt-black-series-1920x1280-1.jpg?fit=1200%2C800&ssl=1&resize=700%2C400 2x, https:\/\/i0.wp.com\/terjebjornstad.com\/no\/wp-content\/uploads\/2025\/06\/amg-gt-black-series-1920x1280-1.jpg?fit=1200%2C800&ssl=1&resize=1050%2C600 3x"},"classes":[]},{"id":80239,"url":"https:\/\/terjebjornstad.com\/no\/2025\/04\/27\/g-klasse-i-1980-talls-look\/","url_meta":{"origin":72929,"position":2},"title":"G Klasse i 1980-talls look","author":"Terje Bj\u00f8rnstad","date":"27\/04\/2025","format":false,"excerpt":"F\u00e5 bilmodeller kan se tilbake p\u00e5 46 \u00e5r sammenhengende produksjon. N\u00e5 har Mercedes-Benz presentert en spesialutgave av sin G Klasse med assosiasjoner til de tidlige \u00e5rene, kalt \"Stronger than the 1980s\". F\u00e5 bilmodeller har like lang fartstid som Mercedes-Benz G klasse. Da bil nr 500000 skulle presenteres for publikum i\u2026","rel":"","context":"i &quot;Artikkel&quot;","block_context":{"text":"Artikkel","link":"https:\/\/terjebjornstad.com\/no\/category\/artikkel\/"},"img":{"alt_text":"","src":"https:\/\/i0.wp.com\/terjebjornstad.com\/no\/wp-content\/uploads\/2025\/04\/mercedes-benz-w460-2-1500x1000-1.jpg?fit=1200%2C800&ssl=1&resize=350%2C200","width":350,"height":200,"srcset":"https:\/\/i0.wp.com\/terjebjornstad.com\/no\/wp-content\/uploads\/2025\/04\/mercedes-benz-w460-2-1500x1000-1.jpg?fit=1200%2C800&ssl=1&resize=350%2C200 1x, https:\/\/i0.wp.com\/terjebjornstad.com\/no\/wp-content\/uploads\/2025\/04\/mercedes-benz-w460-2-1500x1000-1.jpg?fit=1200%2C800&ssl=1&resize=525%2C300 1.5x, https:\/\/i0.wp.com\/terjebjornstad.com\/no\/wp-content\/uploads\/2025\/04\/mercedes-benz-w460-2-1500x1000-1.jpg?fit=1200%2C800&ssl=1&resize=700%2C400 2x, https:\/\/i0.wp.com\/terjebjornstad.com\/no\/wp-content\/uploads\/2025\/04\/mercedes-benz-w460-2-1500x1000-1.jpg?fit=1200%2C800&ssl=1&resize=1050%2C600 3x"},"classes":[]},{"id":41509,"url":"https:\/\/terjebjornstad.com\/no\/2021\/07\/07\/made-for-america\/","url_meta":{"origin":72929,"position":3},"title":"Made for America","author":"Terje Bj\u00f8rnstad","date":"07\/07\/2021","format":false,"excerpt":"P\u00e5 70-tallet var det ikke \"bare-bare\" \u00e5 eksportere biler til USA. Amerikanske myndigheter hadde innf\u00f8rt strenge krav til avgassrensing og st\u00f8tfangere som skulle t\u00e5le sm\u00e5 sammenst\u00f8t. L\u00f8sningen ble egne USA-modeller. N\u00e5 er mange kommet tilbake til Europa. \u00a0 Mercedes-Benz' tredje utgave av SL-klassen ble sv\u00e6rt popul\u00e6r i USA. Den hadde\u2026","rel":"","context":"i &quot;450 SL&quot;","block_context":{"text":"450 SL","link":"https:\/\/terjebjornstad.com\/no\/category\/mercedes-benz\/450-sl\/"},"img":{"alt_text":"450 SL","src":"https:\/\/i0.wp.com\/terjebjornstad.com\/no\/wp-content\/uploads\/2021\/07\/1974-mercedes-benz-450sl-99-1080x720-1.png?resize=350%2C200&ssl=1","width":350,"height":200,"srcset":"https:\/\/i0.wp.com\/terjebjornstad.com\/no\/wp-content\/uploads\/2021\/07\/1974-mercedes-benz-450sl-99-1080x720-1.png?resize=350%2C200&ssl=1 1x, https:\/\/i0.wp.com\/terjebjornstad.com\/no\/wp-content\/uploads\/2021\/07\/1974-mercedes-benz-450sl-99-1080x720-1.png?resize=525%2C300&ssl=1 1.5x, https:\/\/i0.wp.com\/terjebjornstad.com\/no\/wp-content\/uploads\/2021\/07\/1974-mercedes-benz-450sl-99-1080x720-1.png?resize=700%2C400&ssl=1 2x, https:\/\/i0.wp.com\/terjebjornstad.com\/no\/wp-content\/uploads\/2021\/07\/1974-mercedes-benz-450sl-99-1080x720-1.png?resize=1050%2C600&ssl=1 3x"},"classes":[]},{"id":25200,"url":"https:\/\/terjebjornstad.com\/no\/2019\/07\/20\/mercedes-benz-slk-r170\/","url_meta":{"origin":72929,"position":4},"title":"Mercedes-Benz SLK R170","author":"Terje Bj\u00f8rnstad","date":"20\/07\/2019","format":false,"excerpt":"Jeg har alltid et v\u00e5kent \u00f8ye for spesielle biler. En radar i underbevisstheten kartlegger omgivelsene og varsler straks den oppdager noe \"spesielt\". Det er vanskelig \u00e5 sette ord p\u00e5 hva dette \"spesielle\" egentlig er. Det kan v\u00e6re annerledes form, farge, detaljer, lyd... Her om dagen kom jeg over et s\u00e5nt\u2026","rel":"","context":"i &quot;Artikkel&quot;","block_context":{"text":"Artikkel","link":"https:\/\/terjebjornstad.com\/no\/category\/artikkel\/"},"img":{"alt_text":"","src":"https:\/\/i0.wp.com\/terjebjornstad.com\/no\/wp-content\/uploads\/2019\/07\/mercedes-benz-slk-sjopped-1080x720.png?fit=1080%2C720&ssl=1&resize=350%2C200","width":350,"height":200,"srcset":"https:\/\/i0.wp.com\/terjebjornstad.com\/no\/wp-content\/uploads\/2019\/07\/mercedes-benz-slk-sjopped-1080x720.png?fit=1080%2C720&ssl=1&resize=350%2C200 1x, https:\/\/i0.wp.com\/terjebjornstad.com\/no\/wp-content\/uploads\/2019\/07\/mercedes-benz-slk-sjopped-1080x720.png?fit=1080%2C720&ssl=1&resize=525%2C300 1.5x, https:\/\/i0.wp.com\/terjebjornstad.com\/no\/wp-content\/uploads\/2019\/07\/mercedes-benz-slk-sjopped-1080x720.png?fit=1080%2C720&ssl=1&resize=700%2C400 2x, https:\/\/i0.wp.com\/terjebjornstad.com\/no\/wp-content\/uploads\/2019\/07\/mercedes-benz-slk-sjopped-1080x720.png?fit=1080%2C720&ssl=1&resize=1050%2C600 3x"},"classes":[]},{"id":17427,"url":"https:\/\/terjebjornstad.com\/no\/2018\/06\/18\/fotolordag-mustang-og-mercedes\/","url_meta":{"origin":72929,"position":5},"title":"Fotol\u00f8rdag &#8211; Mustang og Mercedes","author":"Terje Bj\u00f8rnstad","date":"18\/06\/2018","format":false,"excerpt":"Mustangtreff hos R\u00f8hneSelmer Asker og B\u00e6rum \u00a0 L\u00f8rdager i juni er fine dager for fotografering. Da organiseres det biltreff nesten over alt. Dessuten er mange ute \u00e5 lufter finbilen sin. Da legger jeg ut p\u00e5 tur, - enten i et motorisert kj\u00f8ret\u00f8y, eller p\u00e5 tr\u00e5sykkel, som n\u00e5. Jeg er bilentusiast,\u2026","rel":"","context":"i &quot;Artikkel&quot;","block_context":{"text":"Artikkel","link":"https:\/\/terjebjornstad.com\/no\/category\/artikkel\/"},"img":{"alt_text":"","src":"https:\/\/i0.wp.com\/terjebjornstad.com\/no\/wp-content\/uploads\/2018\/06\/2018-shelby-gte-1-1080.png?fit=1080%2C720&ssl=1&resize=350%2C200","width":350,"height":200,"srcset":"https:\/\/i0.wp.com\/terjebjornstad.com\/no\/wp-content\/uploads\/2018\/06\/2018-shelby-gte-1-1080.png?fit=1080%2C720&ssl=1&resize=350%2C200 1x, https:\/\/i0.wp.com\/terjebjornstad.com\/no\/wp-content\/uploads\/2018\/06\/2018-shelby-gte-1-1080.png?fit=1080%2C720&ssl=1&resize=525%2C300 1.5x, https:\/\/i0.wp.com\/terjebjornstad.com\/no\/wp-content\/uploads\/2018\/06\/2018-shelby-gte-1-1080.png?fit=1080%2C720&ssl=1&resize=700%2C400 2x, https:\/\/i0.wp.com\/terjebjornstad.com\/no\/wp-content\/uploads\/2018\/06\/2018-shelby-gte-1-1080.png?fit=1080%2C720&ssl=1&resize=1050%2C600 3x"},"classes":[]}],"gt_translate_keys":[{"key":"link","format":"url"}],"_links":{"self":[{"href":"https:\/\/terjebjornstad.com\/no\/wp-json\/wp\/v2\/posts\/72929","targetHints":{"allow":["GET"]}}],"collection":[{"href":"https:\/\/terjebjornstad.com\/no\/wp-json\/wp\/v2\/posts"}],"about":[{"href":"https:\/\/terjebjornstad.com\/no\/wp-json\/wp\/v2\/types\/post"}],"author":[{"embeddable":true,"href":"https:\/\/terjebjornstad.com\/no\/wp-json\/wp\/v2\/users\/1"}],"replies":[{"embeddable":true,"href":"https:\/\/terjebjornstad.com\/no\/wp-json\/wp\/v2\/comments?post=72929"}],"version-history":[{"count":11,"href":"https:\/\/terjebjornstad.com\/no\/wp-json\/wp\/v2\/posts\/72929\/revisions"}],"predecessor-version":[{"id":83128,"href":"https:\/\/terjebjornstad.com\/no\/wp-json\/wp\/v2\/posts\/72929\/revisions\/83128"}],"wp:featuredmedia":[{"embeddable":true,"href":"https:\/\/terjebjornstad.com\/no\/wp-json\/wp\/v2\/media\/72919"}],"wp:attachment":[{"href":"https:\/\/terjebjornstad.com\/no\/wp-json\/wp\/v2\/media?parent=72929"}],"wp:term":[{"taxonomy":"category","embeddable":true,"href":"https:\/\/terjebjornstad.com\/no\/wp-json\/wp\/v2\/categories?post=72929"},{"taxonomy":"post_tag","embeddable":true,"href":"https:\/\/terjebjornstad.com\/no\/wp-json\/wp\/v2\/tags?post=72929"}],"curies":[{"name":"wp","href":"https:\/\/api.w.org\/{rel}","templated":true}]}}