{"id":6716,"date":"2016-08-21T14:58:37","date_gmt":"2016-08-21T14:58:37","guid":{"rendered":"http:\/\/terjebjornstad.com\/no\/?p=6716"},"modified":"2024-08-26T23:41:37","modified_gmt":"2024-08-26T22:41:37","slug":"ingen-vanlig-golf","status":"publish","type":"post","link":"https:\/\/terjebjornstad.com\/no\/2016\/08\/21\/ingen-vanlig-golf\/","title":{"rendered":"Ingen vanlig Golf","gt_translate_keys":[{"key":"rendered","format":"text"}]},"content":{"rendered":"<blockquote><p>Siden Volkswagen Golf er en av verdens mest solgte biler, kunne man falle for fristelsen til \u00e5 kalle den en vanlig bil, &#8211; men er Golf virkelig en vanlig bil?<\/p><\/blockquote>\n<figure id=\"attachment_6708\" aria-describedby=\"caption-attachment-6708\" style=\"width: 686px\" class=\"wp-caption aligncenter\"><img data-recalc-dims=\"1\" loading=\"lazy\" decoding=\"async\" data-attachment-id=\"6708\" data-permalink=\"https:\/\/terjebjornstad.com\/no\/2016\/08\/21\/ingen-vanlig-golf\/1983-volkswagen-golf-gti-16v-11\/\" data-orig-file=\"https:\/\/i0.wp.com\/terjebjornstad.com\/no\/wp-content\/uploads\/2016\/08\/1983-volkswagen-golf-gti-16v-11.png?fit=686%2C457&amp;ssl=1\" data-orig-size=\"686,457\" data-comments-opened=\"1\" data-image-meta=\"{&quot;aperture&quot;:&quot;0&quot;,&quot;credit&quot;:&quot;&quot;,&quot;camera&quot;:&quot;&quot;,&quot;caption&quot;:&quot;&quot;,&quot;created_timestamp&quot;:&quot;0&quot;,&quot;copyright&quot;:&quot;&quot;,&quot;focal_length&quot;:&quot;0&quot;,&quot;iso&quot;:&quot;0&quot;,&quot;shutter_speed&quot;:&quot;0&quot;,&quot;title&quot;:&quot;&quot;,&quot;orientation&quot;:&quot;0&quot;}\" data-image-title=\"1983-volkswagen-golf-gti-16v-11\" data-image-description=\"\" data-image-caption=\"&lt;p&gt;Ingen vanlig golf!&lt;\/p&gt;\n\" data-large-file=\"https:\/\/i0.wp.com\/terjebjornstad.com\/no\/wp-content\/uploads\/2016\/08\/1983-volkswagen-golf-gti-16v-11.png?fit=686%2C457&amp;ssl=1\" src=\"https:\/\/i0.wp.com\/terjebjornstad.com\/no\/wp-content\/uploads\/2016\/08\/1983-volkswagen-golf-gti-16v-11.png?resize=686%2C457&#038;ssl=1\" alt=\"Golf I er ikke lenger noen  vanlig bil - i hvert fall ikke disse to.\" width=\"686\" height=\"457\" class=\"size-full wp-image-6708\" srcset=\"https:\/\/i0.wp.com\/terjebjornstad.com\/no\/wp-content\/uploads\/2016\/08\/1983-volkswagen-golf-gti-16v-11.png?w=686&amp;ssl=1 686w, https:\/\/i0.wp.com\/terjebjornstad.com\/no\/wp-content\/uploads\/2016\/08\/1983-volkswagen-golf-gti-16v-11.png?resize=300%2C200&amp;ssl=1 300w\" sizes=\"auto, (max-width: 686px) 100vw, 686px\" \/><figcaption id=\"caption-attachment-6708\" class=\"wp-caption-text\">Golf I er ikke lenger noen  vanlig bil &#8211; i hvert fall ikke disse to.<\/figcaption><\/figure>\n<p>Jeg tenker ikke bare p\u00e5 alle konfigurasjonsmulighetene du har med nye biler, men hvilke muligheter du har til \u00e5 style Golf senere som hobbybil eller veteranbil. Mulighetene for \u00e5 oppgradere motor og understell er mange, &#8211; og ikke minst tilbud av tilbeh\u00f8r og stylingprodukter. Du kan virkelig sette ditt personlige preg p\u00e5 bilen, og skape en unik Golf. Skulle du f\u00e5 en karrosseriskade, er det likevel godt \u00e5 vite at Golf tross alt er en av verdens mest utbredte biler.<\/p>\n<p>I helgen var jeg p\u00e5 VACN (VW Audi Club Norwegen) sitt utstillingstreff i Oslo. En hvit 1983 GTI &laquo;Oettinger&raquo; fanget oppmerksomheten. Eieren opplyste at bilen var spesiallaget for det franske markedet i et begrenset opplag (1250). Prisen den gang var 50% dyrere enn en vanlig GTI. <\/p>\n<figure id=\"attachment_6703\" aria-describedby=\"caption-attachment-6703\" style=\"width: 686px\" class=\"wp-caption aligncenter\"><img data-recalc-dims=\"1\" loading=\"lazy\" decoding=\"async\" data-attachment-id=\"6703\" data-permalink=\"https:\/\/terjebjornstad.com\/no\/2016\/08\/21\/ingen-vanlig-golf\/1983-volkswagen-golf-gti-16v-1\/\" data-orig-file=\"https:\/\/i0.wp.com\/terjebjornstad.com\/no\/wp-content\/uploads\/2016\/08\/1983-volkswagen-golf-gti-16v-1.png?fit=686%2C457&amp;ssl=1\" data-orig-size=\"686,457\" data-comments-opened=\"1\" data-image-meta=\"{&quot;aperture&quot;:&quot;0&quot;,&quot;credit&quot;:&quot;&quot;,&quot;camera&quot;:&quot;&quot;,&quot;caption&quot;:&quot;&quot;,&quot;created_timestamp&quot;:&quot;0&quot;,&quot;copyright&quot;:&quot;&quot;,&quot;focal_length&quot;:&quot;0&quot;,&quot;iso&quot;:&quot;0&quot;,&quot;shutter_speed&quot;:&quot;0&quot;,&quot;title&quot;:&quot;&quot;,&quot;orientation&quot;:&quot;0&quot;}\" data-image-title=\"1983-volkswagen-golf-gti-16v-1\" data-image-description=\"\" data-image-caption=\"&lt;p&gt;Gule p\u00e6rer i ekstralysene vitner om et tidligere liv i Frankrike (Oslo NO, 2016).&lt;\/p&gt;\n\" data-large-file=\"https:\/\/i0.wp.com\/terjebjornstad.com\/no\/wp-content\/uploads\/2016\/08\/1983-volkswagen-golf-gti-16v-1.png?fit=686%2C457&amp;ssl=1\" src=\"https:\/\/i0.wp.com\/terjebjornstad.com\/no\/wp-content\/uploads\/2016\/08\/1983-volkswagen-golf-gti-16v-1.png?resize=686%2C457&#038;ssl=1\" alt=\"Gule p\u00e6rer i ekstralysene vitner om et tidligere liv i Frankrike.\" width=\"686\" height=\"457\" class=\"size-full wp-image-6703\" srcset=\"https:\/\/i0.wp.com\/terjebjornstad.com\/no\/wp-content\/uploads\/2016\/08\/1983-volkswagen-golf-gti-16v-1.png?w=686&amp;ssl=1 686w, https:\/\/i0.wp.com\/terjebjornstad.com\/no\/wp-content\/uploads\/2016\/08\/1983-volkswagen-golf-gti-16v-1.png?resize=300%2C200&amp;ssl=1 300w\" sizes=\"auto, (max-width: 686px) 100vw, 686px\" \/><figcaption id=\"caption-attachment-6703\" class=\"wp-caption-text\">Gule p\u00e6rer i ekstralysene vitner om et tidligere liv i Frankrike.<\/figcaption><\/figure>\n<p>En GTI i modellprogrammet bidrar til \u00e5 selge vanlige modeller, akkurat som en toppidrettsut\u00f8ver bidrar til \u00f8kt masseidrett. Den franske import\u00f8ren var bekymret for at Golf GTI ikke var rask nok til \u00e5 hevde seg mot konkurrentene. De \u00f8nsket en utgave med mer kraft. Kanskje hadde de f\u00e5tt vite om Peugeots forest\u00e5ende 205 GTI? Og hva med konkurransen fra Renault 5 Alpine? Ved hjelp at Oettinger kunne Volkswagen levere en oppgradert GTI med 136 hesters 16-ventilers motor og oppgradert understell. Modellen skulle v\u00e6re et supplement til den ordin\u00e6re 110 hesters utgaven og ble produsert i kun 1250 eksemplarer &#8211; kun for det franske markedet. Det var et tilstrekkelig antall til \u00e5 komme p\u00e5 f\u00f8rstesidene av franske bilmagasiner, men langt fra tilstrekkelig til at hvermannsen kunne skaffet seg et eksemplar.<\/p>\n<figure id=\"attachment_6704\" aria-describedby=\"caption-attachment-6704\" style=\"width: 686px\" class=\"wp-caption aligncenter\"><img data-recalc-dims=\"1\" loading=\"lazy\" decoding=\"async\" data-attachment-id=\"6704\" data-permalink=\"https:\/\/terjebjornstad.com\/no\/2016\/08\/21\/ingen-vanlig-golf\/1983-volkswagen-golf-gti-16v-3\/\" data-orig-file=\"https:\/\/i0.wp.com\/terjebjornstad.com\/no\/wp-content\/uploads\/2016\/08\/1983-volkswagen-golf-gti-16v-3.png?fit=686%2C457&amp;ssl=1\" data-orig-size=\"686,457\" data-comments-opened=\"1\" data-image-meta=\"{&quot;aperture&quot;:&quot;0&quot;,&quot;credit&quot;:&quot;&quot;,&quot;camera&quot;:&quot;&quot;,&quot;caption&quot;:&quot;&quot;,&quot;created_timestamp&quot;:&quot;0&quot;,&quot;copyright&quot;:&quot;&quot;,&quot;focal_length&quot;:&quot;0&quot;,&quot;iso&quot;:&quot;0&quot;,&quot;shutter_speed&quot;:&quot;0&quot;,&quot;title&quot;:&quot;&quot;,&quot;orientation&quot;:&quot;0&quot;}\" data-image-title=\"1983-volkswagen-golf-gti-16v-3\" data-image-description=\"\" data-image-caption=\"&lt;p&gt;Ved hjelp av &amp;laquo;Oettinger&amp;raquo; kunne Volkswagen levere en vassere GTI (Oslo NO, 2016)&lt;\/p&gt;\n\" data-large-file=\"https:\/\/i0.wp.com\/terjebjornstad.com\/no\/wp-content\/uploads\/2016\/08\/1983-volkswagen-golf-gti-16v-3.png?fit=686%2C457&amp;ssl=1\" src=\"https:\/\/i0.wp.com\/terjebjornstad.com\/no\/wp-content\/uploads\/2016\/08\/1983-volkswagen-golf-gti-16v-3.png?resize=686%2C457&#038;ssl=1\" alt=\"Ved hjelp av &quot;Oettinger&quot; kunne Volkswagen levere en vassere GTI.\" width=\"686\" height=\"457\" class=\"size-full wp-image-6704\" srcset=\"https:\/\/i0.wp.com\/terjebjornstad.com\/no\/wp-content\/uploads\/2016\/08\/1983-volkswagen-golf-gti-16v-3.png?w=686&amp;ssl=1 686w, https:\/\/i0.wp.com\/terjebjornstad.com\/no\/wp-content\/uploads\/2016\/08\/1983-volkswagen-golf-gti-16v-3.png?resize=300%2C200&amp;ssl=1 300w\" sizes=\"auto, (max-width: 686px) 100vw, 686px\" \/><figcaption id=\"caption-attachment-6704\" class=\"wp-caption-text\">Ved hjelp av &laquo;Oettinger&raquo; kunne Volkswagen levere en vassere GTI &#8211; og dermed ble det skapt et stykke bilhistorie.<\/figcaption><\/figure>\n<figure id=\"attachment_6705\" aria-describedby=\"caption-attachment-6705\" style=\"width: 686px\" class=\"wp-caption aligncenter\"><img data-recalc-dims=\"1\" loading=\"lazy\" decoding=\"async\" data-attachment-id=\"6705\" data-permalink=\"https:\/\/terjebjornstad.com\/no\/2016\/08\/21\/ingen-vanlig-golf\/1983-volkswagen-golf-gti-16v-5\/\" data-orig-file=\"https:\/\/i0.wp.com\/terjebjornstad.com\/no\/wp-content\/uploads\/2016\/08\/1983-volkswagen-golf-gti-16v-5.png?fit=686%2C457&amp;ssl=1\" data-orig-size=\"686,457\" data-comments-opened=\"1\" data-image-meta=\"{&quot;aperture&quot;:&quot;0&quot;,&quot;credit&quot;:&quot;&quot;,&quot;camera&quot;:&quot;&quot;,&quot;caption&quot;:&quot;&quot;,&quot;created_timestamp&quot;:&quot;0&quot;,&quot;copyright&quot;:&quot;&quot;,&quot;focal_length&quot;:&quot;0&quot;,&quot;iso&quot;:&quot;0&quot;,&quot;shutter_speed&quot;:&quot;0&quot;,&quot;title&quot;:&quot;&quot;,&quot;orientation&quot;:&quot;0&quot;}\" data-image-title=\"1983-volkswagen-golf-gti-16v-5\" data-image-description=\"\" data-image-caption=\"&lt;p&gt;I 1983 var ikke 16 ventiler vanlig (Akershus NO, 2016)&lt;\/p&gt;\n\" data-large-file=\"https:\/\/i0.wp.com\/terjebjornstad.com\/no\/wp-content\/uploads\/2016\/08\/1983-volkswagen-golf-gti-16v-5.png?fit=686%2C457&amp;ssl=1\" src=\"https:\/\/i0.wp.com\/terjebjornstad.com\/no\/wp-content\/uploads\/2016\/08\/1983-volkswagen-golf-gti-16v-5.png?resize=686%2C457&#038;ssl=1\" alt=\"I 1983 var ikke 16 ventiler vanlig.\" width=\"686\" height=\"457\" class=\"size-full wp-image-6705\" srcset=\"https:\/\/i0.wp.com\/terjebjornstad.com\/no\/wp-content\/uploads\/2016\/08\/1983-volkswagen-golf-gti-16v-5.png?w=686&amp;ssl=1 686w, https:\/\/i0.wp.com\/terjebjornstad.com\/no\/wp-content\/uploads\/2016\/08\/1983-volkswagen-golf-gti-16v-5.png?resize=300%2C200&amp;ssl=1 300w\" sizes=\"auto, (max-width: 686px) 100vw, 686px\" \/><figcaption id=\"caption-attachment-6705\" class=\"wp-caption-text\">I 1983 var ikke 16 ventiler vanlig.<\/figcaption><\/figure>\n<figure id=\"attachment_6706\" aria-describedby=\"caption-attachment-6706\" style=\"width: 686px\" class=\"wp-caption aligncenter\"><img data-recalc-dims=\"1\" loading=\"lazy\" decoding=\"async\" data-attachment-id=\"6706\" data-permalink=\"https:\/\/terjebjornstad.com\/no\/2016\/08\/21\/ingen-vanlig-golf\/1983-volkswagen-golf-gti-16v-7\/\" data-orig-file=\"https:\/\/i0.wp.com\/terjebjornstad.com\/no\/wp-content\/uploads\/2016\/08\/1983-volkswagen-golf-gti-16v-7.png?fit=686%2C471&amp;ssl=1\" data-orig-size=\"686,471\" data-comments-opened=\"1\" data-image-meta=\"{&quot;aperture&quot;:&quot;0&quot;,&quot;credit&quot;:&quot;&quot;,&quot;camera&quot;:&quot;&quot;,&quot;caption&quot;:&quot;&quot;,&quot;created_timestamp&quot;:&quot;0&quot;,&quot;copyright&quot;:&quot;&quot;,&quot;focal_length&quot;:&quot;0&quot;,&quot;iso&quot;:&quot;0&quot;,&quot;shutter_speed&quot;:&quot;0&quot;,&quot;title&quot;:&quot;&quot;,&quot;orientation&quot;:&quot;0&quot;}\" data-image-title=\"1983-volkswagen-golf-gti-16v-7\" data-image-description=\"\" data-image-caption=\"&lt;p&gt;1983 Volkswagen Golf GTI Oettinger 16 S&lt;\/p&gt;\n\" data-large-file=\"https:\/\/i0.wp.com\/terjebjornstad.com\/no\/wp-content\/uploads\/2016\/08\/1983-volkswagen-golf-gti-16v-7.png?fit=686%2C471&amp;ssl=1\" src=\"https:\/\/i0.wp.com\/terjebjornstad.com\/no\/wp-content\/uploads\/2016\/08\/1983-volkswagen-golf-gti-16v-7.png?resize=686%2C471&#038;ssl=1\" alt=\"Denne Golfen var i det man kalle mint condition.\" width=\"686\" height=\"471\" class=\"size-full wp-image-6706\" srcset=\"https:\/\/i0.wp.com\/terjebjornstad.com\/no\/wp-content\/uploads\/2016\/08\/1983-volkswagen-golf-gti-16v-7.png?w=686&amp;ssl=1 686w, https:\/\/i0.wp.com\/terjebjornstad.com\/no\/wp-content\/uploads\/2016\/08\/1983-volkswagen-golf-gti-16v-7.png?resize=300%2C206&amp;ssl=1 300w\" sizes=\"auto, (max-width: 686px) 100vw, 686px\" \/><figcaption id=\"caption-attachment-6706\" class=\"wp-caption-text\">Denne Golfen var i det man kalle mint condition.<\/figcaption><\/figure>\n<figure id=\"attachment_6707\" aria-describedby=\"caption-attachment-6707\" style=\"width: 686px\" class=\"wp-caption aligncenter\"><img data-recalc-dims=\"1\" loading=\"lazy\" decoding=\"async\" data-attachment-id=\"6707\" data-permalink=\"https:\/\/terjebjornstad.com\/no\/2016\/08\/21\/ingen-vanlig-golf\/1983-volkswagen-golf-gti-16v-9\/\" data-orig-file=\"https:\/\/i0.wp.com\/terjebjornstad.com\/no\/wp-content\/uploads\/2016\/08\/1983-volkswagen-golf-gti-16v-9.png?fit=686%2C457&amp;ssl=1\" data-orig-size=\"686,457\" data-comments-opened=\"1\" data-image-meta=\"{&quot;aperture&quot;:&quot;0&quot;,&quot;credit&quot;:&quot;&quot;,&quot;camera&quot;:&quot;&quot;,&quot;caption&quot;:&quot;&quot;,&quot;created_timestamp&quot;:&quot;0&quot;,&quot;copyright&quot;:&quot;&quot;,&quot;focal_length&quot;:&quot;0&quot;,&quot;iso&quot;:&quot;0&quot;,&quot;shutter_speed&quot;:&quot;0&quot;,&quot;title&quot;:&quot;&quot;,&quot;orientation&quot;:&quot;0&quot;}\" data-image-title=\"1983-volkswagen-golf-gti-16v-9\" data-image-description=\"\" data-image-caption=\"&lt;p&gt;Ingen vanlig Golf.&lt;\/p&gt;\n\" data-large-file=\"https:\/\/i0.wp.com\/terjebjornstad.com\/no\/wp-content\/uploads\/2016\/08\/1983-volkswagen-golf-gti-16v-9.png?fit=686%2C457&amp;ssl=1\" src=\"https:\/\/i0.wp.com\/terjebjornstad.com\/no\/wp-content\/uploads\/2016\/08\/1983-volkswagen-golf-gti-16v-9.png?resize=686%2C457&#038;ssl=1\" alt=\"Golf GTI 16S (S for ventiler p\u00e5 fransk).\" width=\"686\" height=\"457\" class=\"size-full wp-image-6707\" srcset=\"https:\/\/i0.wp.com\/terjebjornstad.com\/no\/wp-content\/uploads\/2016\/08\/1983-volkswagen-golf-gti-16v-9.png?w=686&amp;ssl=1 686w, https:\/\/i0.wp.com\/terjebjornstad.com\/no\/wp-content\/uploads\/2016\/08\/1983-volkswagen-golf-gti-16v-9.png?resize=300%2C200&amp;ssl=1 300w\" sizes=\"auto, (max-width: 686px) 100vw, 686px\" \/><figcaption id=\"caption-attachment-6707\" class=\"wp-caption-text\">Golf GTI 16S (S for ventiler p\u00e5 fransk).<\/figcaption><\/figure>\n<p>P\u00e5 utstillingstreffet s\u00e5 jeg ogs\u00e5 en &laquo;ur-Golf&raquo;, utstilt i den karakteristiske r\u00f8dfargen &laquo;Phoenix Red&raquo;. Denne Golfen s\u00e5 ved f\u00f8rste \u00f8yekast helt standard ut, men hadde f\u00e5tt diverse tekniske og kosmetiske endringer som gjorde at den ikke lenger kunne karakteriseres som en vanlig Golf.<\/p>\n<blockquote><p>En &laquo;ur-Golf&raquo; i god stand er uansett ingen vanlig Golf.<\/p><\/blockquote>\n<figure id=\"attachment_6698\" aria-describedby=\"caption-attachment-6698\" style=\"width: 686px\" class=\"wp-caption aligncenter\"><img data-recalc-dims=\"1\" loading=\"lazy\" decoding=\"async\" data-attachment-id=\"6698\" data-permalink=\"https:\/\/terjebjornstad.com\/no\/2016\/08\/21\/ingen-vanlig-golf\/1975-volkswagen-gls-1\/\" data-orig-file=\"https:\/\/i0.wp.com\/terjebjornstad.com\/no\/wp-content\/uploads\/2016\/08\/1975-volkswagen-gls-1.png?fit=686%2C457&amp;ssl=1\" data-orig-size=\"686,457\" data-comments-opened=\"1\" data-image-meta=\"{&quot;aperture&quot;:&quot;0&quot;,&quot;credit&quot;:&quot;&quot;,&quot;camera&quot;:&quot;&quot;,&quot;caption&quot;:&quot;&quot;,&quot;created_timestamp&quot;:&quot;0&quot;,&quot;copyright&quot;:&quot;&quot;,&quot;focal_length&quot;:&quot;0&quot;,&quot;iso&quot;:&quot;0&quot;,&quot;shutter_speed&quot;:&quot;0&quot;,&quot;title&quot;:&quot;&quot;,&quot;orientation&quot;:&quot;0&quot;}\" data-image-title=\"1975 Volkswagen Golf GLS\" data-image-description=\"\" data-image-caption=\"&lt;p&gt;En vakkert utstyrt &amp;laquo;ur-Golf&amp;raquo; (Oslo NO, 2016)&lt;\/p&gt;\n\" data-large-file=\"https:\/\/i0.wp.com\/terjebjornstad.com\/no\/wp-content\/uploads\/2016\/08\/1975-volkswagen-gls-1.png?fit=686%2C457&amp;ssl=1\" src=\"https:\/\/i0.wp.com\/terjebjornstad.com\/no\/wp-content\/uploads\/2016\/08\/1975-volkswagen-gls-1.png?resize=686%2C457&#038;ssl=1\" alt=\"En vakkert utstyrt &quot;ur-Golf&quot;.\" width=\"686\" height=\"457\" class=\"size-full wp-image-6698\" srcset=\"https:\/\/i0.wp.com\/terjebjornstad.com\/no\/wp-content\/uploads\/2016\/08\/1975-volkswagen-gls-1.png?w=686&amp;ssl=1 686w, https:\/\/i0.wp.com\/terjebjornstad.com\/no\/wp-content\/uploads\/2016\/08\/1975-volkswagen-gls-1.png?resize=300%2C200&amp;ssl=1 300w\" sizes=\"auto, (max-width: 686px) 100vw, 686px\" \/><figcaption id=\"caption-attachment-6698\" class=\"wp-caption-text\">En vakkert utstyrt &laquo;ur-Golf&raquo;.<\/figcaption><\/figure>\n<figure id=\"attachment_6699\" aria-describedby=\"caption-attachment-6699\" style=\"width: 686px\" class=\"wp-caption aligncenter\"><img data-recalc-dims=\"1\" loading=\"lazy\" decoding=\"async\" data-attachment-id=\"6699\" data-permalink=\"https:\/\/terjebjornstad.com\/no\/2016\/08\/21\/ingen-vanlig-golf\/1975-volkswagen-gls-3\/\" data-orig-file=\"https:\/\/i0.wp.com\/terjebjornstad.com\/no\/wp-content\/uploads\/2016\/08\/1975-volkswagen-gls-3.png?fit=686%2C457&amp;ssl=1\" data-orig-size=\"686,457\" data-comments-opened=\"1\" data-image-meta=\"{&quot;aperture&quot;:&quot;0&quot;,&quot;credit&quot;:&quot;&quot;,&quot;camera&quot;:&quot;&quot;,&quot;caption&quot;:&quot;&quot;,&quot;created_timestamp&quot;:&quot;0&quot;,&quot;copyright&quot;:&quot;&quot;,&quot;focal_length&quot;:&quot;0&quot;,&quot;iso&quot;:&quot;0&quot;,&quot;shutter_speed&quot;:&quot;0&quot;,&quot;title&quot;:&quot;&quot;,&quot;orientation&quot;:&quot;0&quot;}\" data-image-title=\"1975 Volkswagen Golf GLS\" data-image-description=\"\" data-image-caption=\"&lt;p&gt;Felgene virker fargeavstemt med originallakken Phoenix Red (Oslo NO, 2016).&lt;\/p&gt;\n\" data-large-file=\"https:\/\/i0.wp.com\/terjebjornstad.com\/no\/wp-content\/uploads\/2016\/08\/1975-volkswagen-gls-3.png?fit=686%2C457&amp;ssl=1\" src=\"https:\/\/i0.wp.com\/terjebjornstad.com\/no\/wp-content\/uploads\/2016\/08\/1975-volkswagen-gls-3.png?resize=686%2C457&#038;ssl=1\" alt=\"Felgene virker fargeavstemt med originallakken Phoenix Red.\" width=\"686\" height=\"457\" class=\"size-full wp-image-6699\" srcset=\"https:\/\/i0.wp.com\/terjebjornstad.com\/no\/wp-content\/uploads\/2016\/08\/1975-volkswagen-gls-3.png?w=686&amp;ssl=1 686w, https:\/\/i0.wp.com\/terjebjornstad.com\/no\/wp-content\/uploads\/2016\/08\/1975-volkswagen-gls-3.png?resize=300%2C200&amp;ssl=1 300w\" sizes=\"auto, (max-width: 686px) 100vw, 686px\" \/><figcaption id=\"caption-attachment-6699\" class=\"wp-caption-text\">Felgene virker fargeavstemt med originallakken Phoenix Red.<\/figcaption><\/figure>\n<figure id=\"attachment_6700\" aria-describedby=\"caption-attachment-6700\" style=\"width: 686px\" class=\"wp-caption aligncenter\"><img data-recalc-dims=\"1\" loading=\"lazy\" decoding=\"async\" data-attachment-id=\"6700\" data-permalink=\"https:\/\/terjebjornstad.com\/no\/2016\/08\/21\/ingen-vanlig-golf\/1975-volkswagen-gls-5\/\" data-orig-file=\"https:\/\/i0.wp.com\/terjebjornstad.com\/no\/wp-content\/uploads\/2016\/08\/1975-volkswagen-gls-5.png?fit=686%2C607&amp;ssl=1\" data-orig-size=\"686,607\" data-comments-opened=\"1\" data-image-meta=\"{&quot;aperture&quot;:&quot;0&quot;,&quot;credit&quot;:&quot;&quot;,&quot;camera&quot;:&quot;&quot;,&quot;caption&quot;:&quot;&quot;,&quot;created_timestamp&quot;:&quot;0&quot;,&quot;copyright&quot;:&quot;&quot;,&quot;focal_length&quot;:&quot;0&quot;,&quot;iso&quot;:&quot;0&quot;,&quot;shutter_speed&quot;:&quot;0&quot;,&quot;title&quot;:&quot;&quot;,&quot;orientation&quot;:&quot;0&quot;}\" data-image-title=\"1975 Volkswagen Golf GLS\" data-image-description=\"\" data-image-caption=\"&lt;p&gt;Et utrolig godt design. F\u00e5 biler fra 70-tallet ser s\u00e5 bra ut i dag (Oslo NO, 2016).&lt;\/p&gt;\n\" data-large-file=\"https:\/\/i0.wp.com\/terjebjornstad.com\/no\/wp-content\/uploads\/2016\/08\/1975-volkswagen-gls-5.png?fit=686%2C607&amp;ssl=1\" src=\"https:\/\/i0.wp.com\/terjebjornstad.com\/no\/wp-content\/uploads\/2016\/08\/1975-volkswagen-gls-5.png?resize=686%2C607&#038;ssl=1\" alt=\"Et utrolig godt design. F\u00e5 biler fra 70-tallet ser s\u00e5 bra ut i dag.\" width=\"686\" height=\"607\" class=\"size-full wp-image-6700\" srcset=\"https:\/\/i0.wp.com\/terjebjornstad.com\/no\/wp-content\/uploads\/2016\/08\/1975-volkswagen-gls-5.png?w=686&amp;ssl=1 686w, https:\/\/i0.wp.com\/terjebjornstad.com\/no\/wp-content\/uploads\/2016\/08\/1975-volkswagen-gls-5.png?resize=300%2C265&amp;ssl=1 300w\" sizes=\"auto, (max-width: 686px) 100vw, 686px\" \/><figcaption id=\"caption-attachment-6700\" class=\"wp-caption-text\">Et utrolig godt design. F\u00e5 biler fra 70-tallet ser s\u00e5 bra ut i dag. Tidsriktig velour-interi\u00f8r.<\/figcaption><\/figure>\n<figure id=\"attachment_6701\" aria-describedby=\"caption-attachment-6701\" style=\"width: 686px\" class=\"wp-caption aligncenter\"><img data-recalc-dims=\"1\" loading=\"lazy\" decoding=\"async\" data-attachment-id=\"6701\" data-permalink=\"https:\/\/terjebjornstad.com\/no\/2016\/08\/21\/ingen-vanlig-golf\/1975-volkswagen-gls-7\/\" data-orig-file=\"https:\/\/i0.wp.com\/terjebjornstad.com\/no\/wp-content\/uploads\/2016\/08\/1975-volkswagen-gls-7.png?fit=686%2C457&amp;ssl=1\" data-orig-size=\"686,457\" data-comments-opened=\"1\" data-image-meta=\"{&quot;aperture&quot;:&quot;0&quot;,&quot;credit&quot;:&quot;&quot;,&quot;camera&quot;:&quot;&quot;,&quot;caption&quot;:&quot;&quot;,&quot;created_timestamp&quot;:&quot;0&quot;,&quot;copyright&quot;:&quot;&quot;,&quot;focal_length&quot;:&quot;0&quot;,&quot;iso&quot;:&quot;0&quot;,&quot;shutter_speed&quot;:&quot;0&quot;,&quot;title&quot;:&quot;&quot;,&quot;orientation&quot;:&quot;0&quot;}\" data-image-title=\"1975 Volkswagen Golf GLS\" data-image-description=\"\" data-image-caption=\"&lt;p&gt;Fine detaljer, &amp;#8211; d\u00f8rh\u00e5ndtak fra Porsche.&lt;\/p&gt;\n\" data-large-file=\"https:\/\/i0.wp.com\/terjebjornstad.com\/no\/wp-content\/uploads\/2016\/08\/1975-volkswagen-gls-7.png?fit=686%2C457&amp;ssl=1\" src=\"https:\/\/i0.wp.com\/terjebjornstad.com\/no\/wp-content\/uploads\/2016\/08\/1975-volkswagen-gls-7.png?resize=686%2C457&#038;ssl=1\" alt=\"Fine detaljer, - d\u00f8rh\u00e5ndtak fra Porsche.\" width=\"686\" height=\"457\" class=\"size-full wp-image-6701\" srcset=\"https:\/\/i0.wp.com\/terjebjornstad.com\/no\/wp-content\/uploads\/2016\/08\/1975-volkswagen-gls-7.png?w=686&amp;ssl=1 686w, https:\/\/i0.wp.com\/terjebjornstad.com\/no\/wp-content\/uploads\/2016\/08\/1975-volkswagen-gls-7.png?resize=300%2C200&amp;ssl=1 300w\" sizes=\"auto, (max-width: 686px) 100vw, 686px\" \/><figcaption id=\"caption-attachment-6701\" class=\"wp-caption-text\">Fine detaljer, &#8211; d\u00f8rh\u00e5ndtak fra Porsche.<\/figcaption><\/figure>\n<figure id=\"attachment_6702\" aria-describedby=\"caption-attachment-6702\" style=\"width: 686px\" class=\"wp-caption aligncenter\"><img data-recalc-dims=\"1\" loading=\"lazy\" decoding=\"async\" data-attachment-id=\"6702\" data-permalink=\"https:\/\/terjebjornstad.com\/no\/2016\/08\/21\/ingen-vanlig-golf\/1975-volkswagen-gls-9\/\" data-orig-file=\"https:\/\/i0.wp.com\/terjebjornstad.com\/no\/wp-content\/uploads\/2016\/08\/1975-volkswagen-gls-9.png?fit=686%2C457&amp;ssl=1\" data-orig-size=\"686,457\" data-comments-opened=\"1\" data-image-meta=\"{&quot;aperture&quot;:&quot;0&quot;,&quot;credit&quot;:&quot;&quot;,&quot;camera&quot;:&quot;&quot;,&quot;caption&quot;:&quot;&quot;,&quot;created_timestamp&quot;:&quot;0&quot;,&quot;copyright&quot;:&quot;&quot;,&quot;focal_length&quot;:&quot;0&quot;,&quot;iso&quot;:&quot;0&quot;,&quot;shutter_speed&quot;:&quot;0&quot;,&quot;title&quot;:&quot;&quot;,&quot;orientation&quot;:&quot;0&quot;}\" data-image-title=\"1975 Volkswagen Golf GLS\" data-image-description=\"\" data-image-caption=\"&lt;p&gt;Flotte detaljer.&lt;\/p&gt;\n\" data-large-file=\"https:\/\/i0.wp.com\/terjebjornstad.com\/no\/wp-content\/uploads\/2016\/08\/1975-volkswagen-gls-9.png?fit=686%2C457&amp;ssl=1\" src=\"https:\/\/i0.wp.com\/terjebjornstad.com\/no\/wp-content\/uploads\/2016\/08\/1975-volkswagen-gls-9.png?resize=686%2C457&#038;ssl=1\" alt=\"Flotte detaljer.\" width=\"686\" height=\"457\" class=\"size-full wp-image-6702\" srcset=\"https:\/\/i0.wp.com\/terjebjornstad.com\/no\/wp-content\/uploads\/2016\/08\/1975-volkswagen-gls-9.png?w=686&amp;ssl=1 686w, https:\/\/i0.wp.com\/terjebjornstad.com\/no\/wp-content\/uploads\/2016\/08\/1975-volkswagen-gls-9.png?resize=300%2C200&amp;ssl=1 300w\" sizes=\"auto, (max-width: 686px) 100vw, 686px\" \/><figcaption id=\"caption-attachment-6702\" class=\"wp-caption-text\">Flotte detaljer.<\/figcaption><\/figure>\n<p>Med Golf skapte Volkswagen en helt ny bilklasse etter det ble bestemt \u00e5 avvikle produksjonen av de legendariske folkevogn-boblene. Det handler om sunn teknikk, vakkert design og &#8211; ikke minst &#8211; vellykket markedsf\u00f8ring og image-bygging. Mange har kopiert konseptet, men ingen har lykkes like bra som Volkswagen p\u00e5 alle feltene. Golf I ble produsert fra 1974 til 1983. Den fikk en facelift i 1981 med nye st\u00f8tfangere i plast, bredere baklys og oppgradert instrumentpanel. <\/p>\n<figure id=\"attachment_6711\" aria-describedby=\"caption-attachment-6711\" style=\"width: 686px\" class=\"wp-caption aligncenter\"><img data-recalc-dims=\"1\" loading=\"lazy\" decoding=\"async\" data-attachment-id=\"6711\" data-permalink=\"https:\/\/terjebjornstad.com\/no\/2016\/08\/21\/ingen-vanlig-golf\/2016-volkswagen-golf-gti-logo-1\/\" data-orig-file=\"https:\/\/i0.wp.com\/terjebjornstad.com\/no\/wp-content\/uploads\/2016\/08\/2016-volkswagen-golf-gti-logo-1.png?fit=686%2C457&amp;ssl=1\" data-orig-size=\"686,457\" data-comments-opened=\"1\" data-image-meta=\"{&quot;aperture&quot;:&quot;0&quot;,&quot;credit&quot;:&quot;&quot;,&quot;camera&quot;:&quot;&quot;,&quot;caption&quot;:&quot;&quot;,&quot;created_timestamp&quot;:&quot;0&quot;,&quot;copyright&quot;:&quot;&quot;,&quot;focal_length&quot;:&quot;0&quot;,&quot;iso&quot;:&quot;0&quot;,&quot;shutter_speed&quot;:&quot;0&quot;,&quot;title&quot;:&quot;&quot;,&quot;orientation&quot;:&quot;0&quot;}\" data-image-title=\"2016-volkswagen-golf-gti-logo-1\" data-image-description=\"\" data-image-caption=\"&lt;p&gt;Et par detaljer fra en flunkende ny GTI Clubsport.&lt;\/p&gt;\n\" data-large-file=\"https:\/\/i0.wp.com\/terjebjornstad.com\/no\/wp-content\/uploads\/2016\/08\/2016-volkswagen-golf-gti-logo-1.png?fit=686%2C457&amp;ssl=1\" src=\"https:\/\/i0.wp.com\/terjebjornstad.com\/no\/wp-content\/uploads\/2016\/08\/2016-volkswagen-golf-gti-logo-1.png?resize=686%2C457&#038;ssl=1\" alt=\"Et par detaljer fra en flunkende ny GTI Clubsport.\" width=\"686\" height=\"457\" class=\"size-full wp-image-6711\" srcset=\"https:\/\/i0.wp.com\/terjebjornstad.com\/no\/wp-content\/uploads\/2016\/08\/2016-volkswagen-golf-gti-logo-1.png?w=686&amp;ssl=1 686w, https:\/\/i0.wp.com\/terjebjornstad.com\/no\/wp-content\/uploads\/2016\/08\/2016-volkswagen-golf-gti-logo-1.png?resize=300%2C200&amp;ssl=1 300w\" sizes=\"auto, (max-width: 686px) 100vw, 686px\" \/><figcaption id=\"caption-attachment-6711\" class=\"wp-caption-text\">Et par detaljer fra en flunkende ny GTI Clubsport, &#8211; ikke helt vanlig, den heller.<\/figcaption><\/figure>\n<figure id=\"attachment_6710\" aria-describedby=\"caption-attachment-6710\" style=\"width: 686px\" class=\"wp-caption aligncenter\"><img data-recalc-dims=\"1\" loading=\"lazy\" decoding=\"async\" data-attachment-id=\"6710\" data-permalink=\"https:\/\/terjebjornstad.com\/no\/2016\/08\/21\/ingen-vanlig-golf\/2016-volkswagen-golf-gti-dash-1\/\" data-orig-file=\"https:\/\/i0.wp.com\/terjebjornstad.com\/no\/wp-content\/uploads\/2016\/08\/2016-volkswagen-golf-gti-dash-1.png?fit=686%2C457&amp;ssl=1\" data-orig-size=\"686,457\" data-comments-opened=\"1\" data-image-meta=\"{&quot;aperture&quot;:&quot;0&quot;,&quot;credit&quot;:&quot;&quot;,&quot;camera&quot;:&quot;&quot;,&quot;caption&quot;:&quot;&quot;,&quot;created_timestamp&quot;:&quot;0&quot;,&quot;copyright&quot;:&quot;&quot;,&quot;focal_length&quot;:&quot;0&quot;,&quot;iso&quot;:&quot;0&quot;,&quot;shutter_speed&quot;:&quot;0&quot;,&quot;title&quot;:&quot;&quot;,&quot;orientation&quot;:&quot;0&quot;}\" data-image-title=\"2016-volkswagen-golf-gti-dash-1\" data-image-description=\"\" data-image-caption=\"&lt;p&gt;Ratt i alcantara.&lt;\/p&gt;\n\" data-large-file=\"https:\/\/i0.wp.com\/terjebjornstad.com\/no\/wp-content\/uploads\/2016\/08\/2016-volkswagen-golf-gti-dash-1.png?fit=686%2C457&amp;ssl=1\" src=\"https:\/\/i0.wp.com\/terjebjornstad.com\/no\/wp-content\/uploads\/2016\/08\/2016-volkswagen-golf-gti-dash-1.png?resize=686%2C457&#038;ssl=1\" alt=\"Ratt i alcantara.\" width=\"686\" height=\"457\" class=\"size-full wp-image-6710\" srcset=\"https:\/\/i0.wp.com\/terjebjornstad.com\/no\/wp-content\/uploads\/2016\/08\/2016-volkswagen-golf-gti-dash-1.png?w=686&amp;ssl=1 686w, https:\/\/i0.wp.com\/terjebjornstad.com\/no\/wp-content\/uploads\/2016\/08\/2016-volkswagen-golf-gti-dash-1.png?resize=300%2C200&amp;ssl=1 300w\" sizes=\"auto, (max-width: 686px) 100vw, 686px\" \/><figcaption id=\"caption-attachment-6710\" class=\"wp-caption-text\">Ratt i alcantara.<\/figcaption><\/figure>\n<figure id=\"attachment_6712\" aria-describedby=\"caption-attachment-6712\" style=\"width: 686px\" class=\"wp-caption aligncenter\"><img data-recalc-dims=\"1\" loading=\"lazy\" decoding=\"async\" data-attachment-id=\"6712\" data-permalink=\"https:\/\/terjebjornstad.com\/no\/2016\/08\/21\/ingen-vanlig-golf\/2016-volkswagen-golf-gti-wheel-1\/\" data-orig-file=\"https:\/\/i0.wp.com\/terjebjornstad.com\/no\/wp-content\/uploads\/2016\/08\/2016-volkswagen-golf-gti-wheel-1.png?fit=686%2C457&amp;ssl=1\" data-orig-size=\"686,457\" data-comments-opened=\"1\" data-image-meta=\"{&quot;aperture&quot;:&quot;0&quot;,&quot;credit&quot;:&quot;&quot;,&quot;camera&quot;:&quot;&quot;,&quot;caption&quot;:&quot;&quot;,&quot;created_timestamp&quot;:&quot;0&quot;,&quot;copyright&quot;:&quot;&quot;,&quot;focal_length&quot;:&quot;0&quot;,&quot;iso&quot;:&quot;0&quot;,&quot;shutter_speed&quot;:&quot;0&quot;,&quot;title&quot;:&quot;&quot;,&quot;orientation&quot;:&quot;0&quot;}\" data-image-title=\"2016-volkswagen-golf-gti-wheel-1\" data-image-description=\"\" data-image-caption=\"&lt;p&gt;Flotte hjul.&lt;\/p&gt;\n\" data-large-file=\"https:\/\/i0.wp.com\/terjebjornstad.com\/no\/wp-content\/uploads\/2016\/08\/2016-volkswagen-golf-gti-wheel-1.png?fit=686%2C457&amp;ssl=1\" src=\"https:\/\/i0.wp.com\/terjebjornstad.com\/no\/wp-content\/uploads\/2016\/08\/2016-volkswagen-golf-gti-wheel-1.png?resize=686%2C457&#038;ssl=1\" alt=\"Flotte hjul.\" width=\"686\" height=\"457\" class=\"size-full wp-image-6712\" srcset=\"https:\/\/i0.wp.com\/terjebjornstad.com\/no\/wp-content\/uploads\/2016\/08\/2016-volkswagen-golf-gti-wheel-1.png?w=686&amp;ssl=1 686w, https:\/\/i0.wp.com\/terjebjornstad.com\/no\/wp-content\/uploads\/2016\/08\/2016-volkswagen-golf-gti-wheel-1.png?resize=300%2C200&amp;ssl=1 300w\" sizes=\"auto, (max-width: 686px) 100vw, 686px\" \/><figcaption id=\"caption-attachment-6712\" class=\"wp-caption-text\">Flotte hjul.<\/figcaption><\/figure>\n<figure id=\"attachment_6697\" aria-describedby=\"caption-attachment-6697\" style=\"width: 686px\" class=\"wp-caption aligncenter\"><img data-recalc-dims=\"1\" loading=\"lazy\" decoding=\"async\" data-attachment-id=\"6697\" data-permalink=\"https:\/\/terjebjornstad.com\/no\/2016\/08\/21\/ingen-vanlig-golf\/198x-golf-ii-sound-1\/\" data-orig-file=\"https:\/\/i0.wp.com\/terjebjornstad.com\/no\/wp-content\/uploads\/2016\/08\/198x-golf-II-sound-1.png?fit=686%2C502&amp;ssl=1\" data-orig-size=\"686,502\" data-comments-opened=\"1\" data-image-meta=\"{&quot;aperture&quot;:&quot;0&quot;,&quot;credit&quot;:&quot;&quot;,&quot;camera&quot;:&quot;&quot;,&quot;caption&quot;:&quot;&quot;,&quot;created_timestamp&quot;:&quot;0&quot;,&quot;copyright&quot;:&quot;&quot;,&quot;focal_length&quot;:&quot;0&quot;,&quot;iso&quot;:&quot;0&quot;,&quot;shutter_speed&quot;:&quot;0&quot;,&quot;title&quot;:&quot;&quot;,&quot;orientation&quot;:&quot;0&quot;}\" data-image-title=\"198x-golf-II-sound-1\" data-image-description=\"\" data-image-caption=\"&lt;p&gt;Musikkanlegget i denne Golf II kunne parkert en hvilken som helst russebuss.&lt;\/p&gt;\n\" data-large-file=\"https:\/\/i0.wp.com\/terjebjornstad.com\/no\/wp-content\/uploads\/2016\/08\/198x-golf-II-sound-1.png?fit=686%2C502&amp;ssl=1\" src=\"https:\/\/i0.wp.com\/terjebjornstad.com\/no\/wp-content\/uploads\/2016\/08\/198x-golf-II-sound-1.png?resize=686%2C502&#038;ssl=1\" alt=\"Musikkanlegget i denne Golf II kunne parkert en hvilken som helst russebuss.\" width=\"686\" height=\"502\" class=\"size-full wp-image-6697\" srcset=\"https:\/\/i0.wp.com\/terjebjornstad.com\/no\/wp-content\/uploads\/2016\/08\/198x-golf-II-sound-1.png?w=686&amp;ssl=1 686w, https:\/\/i0.wp.com\/terjebjornstad.com\/no\/wp-content\/uploads\/2016\/08\/198x-golf-II-sound-1.png?resize=300%2C220&amp;ssl=1 300w\" sizes=\"auto, (max-width: 686px) 100vw, 686px\" \/><figcaption id=\"caption-attachment-6697\" class=\"wp-caption-text\">Musikkanlegget i denne Golf II kunne parkere en russebuss, men jeg tror den kunne trenge mer str\u00f8m, som et str\u00f8maggregat p\u00e5 taket eller noe s\u00e5nt.<\/figcaption><\/figure>\n<figure id=\"attachment_6719\" aria-describedby=\"caption-attachment-6719\" style=\"width: 686px\" class=\"wp-caption aligncenter\"><img data-recalc-dims=\"1\" loading=\"lazy\" decoding=\"async\" src=\"https:\/\/i0.wp.com\/terjebjornstad.com\/no\/wp-content\/uploads\/2016\/08\/autohebdogolfgti16s-7.jpg?resize=686%2C880&#038;ssl=1\" alt=\"Forsiden p\u00e5 det franske ukemagasinet Auto Hebdo.\" width=\"686\" height=\"880\" class=\"size-full wp-image-6719\" \/><figcaption id=\"caption-attachment-6719\" class=\"wp-caption-text\">En forside p\u00e5 det franske ukemagasinet Auto Hebdo.<\/figcaption><\/figure>\n","protected":false,"gt_translate_keys":[{"key":"rendered","format":"html"}]},"excerpt":{"rendered":"<p>Siden Volkswagen Golf er en av verdens mest solgte biler, kunne man falle for fristelsen til \u00e5 kalle den en vanlig bil, &#8211; men er Golf virkelig en vanlig bil? Jeg tenker ikke bare p\u00e5 alle konfigurasjonsmulighetene du har med nye biler, men hvilke muligheter du har til \u00e5 style Golf senere som hobbybil eller [&hellip;]<\/p>\n","protected":false,"gt_translate_keys":[{"key":"rendered","format":"html"}]},"author":1,"featured_media":6708,"comment_status":"open","ping_status":"open","sticky":false,"template":"","format":"standard","meta":{"_monsterinsights_skip_tracking":false,"_monsterinsights_sitenote_active":false,"_monsterinsights_sitenote_note":"","_monsterinsights_sitenote_category":0,"jetpack_post_was_ever_published":false,"_jetpack_newsletter_access":"","_jetpack_dont_email_post_to_subs":false,"_jetpack_newsletter_tier_id":0,"_jetpack_memberships_contains_paywalled_content":false,"_jetpack_memberships_contains_paid_content":false,"footnotes":"","jetpack_publicize_message":"","jetpack_publicize_feature_enabled":true,"jetpack_social_post_already_shared":true,"jetpack_social_options":{"image_generator_settings":{"template":"highway","default_image_id":0,"font":"","enabled":false},"version":2}},"categories":[38],"tags":[801,811,810,806,808,802,803,812,813,804],"class_list":["post-6716","post","type-post","status-publish","format-standard","has-post-thumbnail","hentry","category-volkswagen","tag-golf-1","tag-golf-1-gti","tag-golf-gti","tag-golf-gti-16s","tag-golf-gti-oettinger","tag-golf-mk1","tag-golf-mki","tag-golf-oettinger","tag-gti-oettinger","tag-urgolf"],"yoast_head":"<!-- This site is optimized with the Yoast SEO plugin v27.5 - https:\/\/yoast.com\/product\/yoast-seo-wordpress\/ -->\n<title>Ingen vanlig Golf - Terjes biler<\/title>\n<meta name=\"robots\" content=\"index, follow, max-snippet:-1, max-image-preview:large, max-video-preview:-1\" \/>\n<link rel=\"canonical\" href=\"https:\/\/terjebjornstad.com\/no\/2016\/08\/21\/ingen-vanlig-golf\/\" \/>\n<meta property=\"og:locale\" content=\"nb_NO\" \/>\n<meta property=\"og:type\" content=\"article\" \/>\n<meta property=\"og:title\" content=\"Ingen vanlig Golf - Terjes biler\" \/>\n<meta property=\"og:description\" content=\"Siden Volkswagen Golf er en av verdens mest solgte biler, kunne man falle for fristelsen til \u00e5 kalle den en vanlig bil, &#8211; men er Golf virkelig en vanlig bil? Jeg tenker ikke bare p\u00e5 alle konfigurasjonsmulighetene du har med nye biler, men hvilke muligheter du har til \u00e5 style Golf senere som hobbybil eller [&hellip;]\" \/>\n<meta property=\"og:url\" content=\"https:\/\/terjebjornstad.com\/no\/2016\/08\/21\/ingen-vanlig-golf\/\" \/>\n<meta property=\"og:site_name\" content=\"Terjes biler\" \/>\n<meta property=\"article:publisher\" content=\"https:\/\/www.facebook.com\/terjesbiler\/\" \/>\n<meta property=\"article:author\" content=\"https:\/\/www.facebook.com\/terjesbiler\" \/>\n<meta property=\"article:published_time\" content=\"2016-08-21T14:58:37+00:00\" \/>\n<meta property=\"article:modified_time\" content=\"2024-08-26T22:41:37+00:00\" \/>\n<meta property=\"og:image\" content=\"https:\/\/terjebjornstad.com\/no\/wp-content\/uploads\/2016\/08\/1983-volkswagen-golf-gti-16v-11.png\" \/>\n\t<meta property=\"og:image:width\" content=\"686\" \/>\n\t<meta property=\"og:image:height\" content=\"457\" \/>\n\t<meta property=\"og:image:type\" content=\"image\/png\" \/>\n<meta name=\"author\" content=\"Terje Bj\u00f8rnstad\" \/>\n<meta name=\"twitter:card\" content=\"summary_large_image\" \/>\n<meta name=\"twitter:label1\" content=\"Skrevet av\" \/>\n\t<meta name=\"twitter:data1\" content=\"Terje Bj\u00f8rnstad\" \/>\n\t<meta name=\"twitter:label2\" content=\"Ansl. lesetid\" \/>\n\t<meta name=\"twitter:data2\" content=\"7 minutter\" \/>\n<script type=\"application\/ld+json\" class=\"yoast-schema-graph\">{\"@context\":\"https:\\\/\\\/schema.org\",\"@graph\":[{\"@type\":\"Article\",\"@id\":\"https:\\\/\\\/terjebjornstad.com\\\/no\\\/2016\\\/08\\\/21\\\/ingen-vanlig-golf\\\/#article\",\"isPartOf\":{\"@id\":\"https:\\\/\\\/terjebjornstad.com\\\/no\\\/2016\\\/08\\\/21\\\/ingen-vanlig-golf\\\/\"},\"author\":{\"name\":\"Terje Bj\u00f8rnstad\",\"@id\":\"https:\\\/\\\/terjebjornstad.com\\\/no\\\/#\\\/schema\\\/person\\\/a281f6a6e0f3cc9fe468e7f0c655aa65\"},\"headline\":\"Ingen vanlig Golf\",\"datePublished\":\"2016-08-21T14:58:37+00:00\",\"dateModified\":\"2024-08-26T22:41:37+00:00\",\"mainEntityOfPage\":{\"@id\":\"https:\\\/\\\/terjebjornstad.com\\\/no\\\/2016\\\/08\\\/21\\\/ingen-vanlig-golf\\\/\"},\"wordCount\":683,\"commentCount\":0,\"publisher\":{\"@id\":\"https:\\\/\\\/terjebjornstad.com\\\/no\\\/#organization\"},\"image\":{\"@id\":\"https:\\\/\\\/terjebjornstad.com\\\/no\\\/2016\\\/08\\\/21\\\/ingen-vanlig-golf\\\/#primaryimage\"},\"thumbnailUrl\":\"https:\\\/\\\/i0.wp.com\\\/terjebjornstad.com\\\/no\\\/wp-content\\\/uploads\\\/2016\\\/08\\\/1983-volkswagen-golf-gti-16v-11.png?fit=686%2C457&ssl=1\",\"keywords\":[\"golf 1\",\"golf 1 gti\",\"golf gti\",\"golf gti 16s\",\"golf gti oettinger\",\"golf mk1\",\"golf mkI\",\"golf oettinger\",\"gti oettinger\",\"urgolf\"],\"articleSection\":[\"Volkswagen\"],\"inLanguage\":\"nb-NO\",\"potentialAction\":[{\"@type\":\"CommentAction\",\"name\":\"Comment\",\"target\":[\"https:\\\/\\\/terjebjornstad.com\\\/no\\\/2016\\\/08\\\/21\\\/ingen-vanlig-golf\\\/#respond\"]}]},{\"@type\":\"WebPage\",\"@id\":\"https:\\\/\\\/terjebjornstad.com\\\/no\\\/2016\\\/08\\\/21\\\/ingen-vanlig-golf\\\/\",\"url\":\"https:\\\/\\\/terjebjornstad.com\\\/no\\\/2016\\\/08\\\/21\\\/ingen-vanlig-golf\\\/\",\"name\":\"Ingen vanlig Golf - Terjes biler\",\"isPartOf\":{\"@id\":\"https:\\\/\\\/terjebjornstad.com\\\/no\\\/#website\"},\"primaryImageOfPage\":{\"@id\":\"https:\\\/\\\/terjebjornstad.com\\\/no\\\/2016\\\/08\\\/21\\\/ingen-vanlig-golf\\\/#primaryimage\"},\"image\":{\"@id\":\"https:\\\/\\\/terjebjornstad.com\\\/no\\\/2016\\\/08\\\/21\\\/ingen-vanlig-golf\\\/#primaryimage\"},\"thumbnailUrl\":\"https:\\\/\\\/i0.wp.com\\\/terjebjornstad.com\\\/no\\\/wp-content\\\/uploads\\\/2016\\\/08\\\/1983-volkswagen-golf-gti-16v-11.png?fit=686%2C457&ssl=1\",\"datePublished\":\"2016-08-21T14:58:37+00:00\",\"dateModified\":\"2024-08-26T22:41:37+00:00\",\"breadcrumb\":{\"@id\":\"https:\\\/\\\/terjebjornstad.com\\\/no\\\/2016\\\/08\\\/21\\\/ingen-vanlig-golf\\\/#breadcrumb\"},\"inLanguage\":\"nb-NO\",\"potentialAction\":[{\"@type\":\"ReadAction\",\"target\":[\"https:\\\/\\\/terjebjornstad.com\\\/no\\\/2016\\\/08\\\/21\\\/ingen-vanlig-golf\\\/\"]}]},{\"@type\":\"ImageObject\",\"inLanguage\":\"nb-NO\",\"@id\":\"https:\\\/\\\/terjebjornstad.com\\\/no\\\/2016\\\/08\\\/21\\\/ingen-vanlig-golf\\\/#primaryimage\",\"url\":\"https:\\\/\\\/i0.wp.com\\\/terjebjornstad.com\\\/no\\\/wp-content\\\/uploads\\\/2016\\\/08\\\/1983-volkswagen-golf-gti-16v-11.png?fit=686%2C457&ssl=1\",\"contentUrl\":\"https:\\\/\\\/i0.wp.com\\\/terjebjornstad.com\\\/no\\\/wp-content\\\/uploads\\\/2016\\\/08\\\/1983-volkswagen-golf-gti-16v-11.png?fit=686%2C457&ssl=1\",\"width\":686,\"height\":457,\"caption\":\"Ingen vanlig golf!\"},{\"@type\":\"BreadcrumbList\",\"@id\":\"https:\\\/\\\/terjebjornstad.com\\\/no\\\/2016\\\/08\\\/21\\\/ingen-vanlig-golf\\\/#breadcrumb\",\"itemListElement\":[{\"@type\":\"ListItem\",\"position\":1,\"name\":\"Hjem\",\"item\":\"https:\\\/\\\/terjebjornstad.com\\\/no\\\/\"},{\"@type\":\"ListItem\",\"position\":2,\"name\":\"Ingen vanlig Golf\"}]},{\"@type\":\"WebSite\",\"@id\":\"https:\\\/\\\/terjebjornstad.com\\\/no\\\/#website\",\"url\":\"https:\\\/\\\/terjebjornstad.com\\\/no\\\/\",\"name\":\"Terjes biler\",\"description\":\"HONEST ABOUT CARS\",\"publisher\":{\"@id\":\"https:\\\/\\\/terjebjornstad.com\\\/no\\\/#organization\"},\"alternateName\":\"Terjebjornstad.com\",\"potentialAction\":[{\"@type\":\"SearchAction\",\"target\":{\"@type\":\"EntryPoint\",\"urlTemplate\":\"https:\\\/\\\/terjebjornstad.com\\\/no\\\/?s={search_term_string}\"},\"query-input\":{\"@type\":\"PropertyValueSpecification\",\"valueRequired\":true,\"valueName\":\"search_term_string\"}}],\"inLanguage\":\"nb-NO\"},{\"@type\":\"Organization\",\"@id\":\"https:\\\/\\\/terjebjornstad.com\\\/no\\\/#organization\",\"name\":\"Terje Bj\u00f8rnstad ENK\",\"url\":\"https:\\\/\\\/terjebjornstad.com\\\/no\\\/\",\"logo\":{\"@type\":\"ImageObject\",\"inLanguage\":\"nb-NO\",\"@id\":\"https:\\\/\\\/terjebjornstad.com\\\/no\\\/#\\\/schema\\\/logo\\\/image\\\/\",\"url\":\"https:\\\/\\\/i0.wp.com\\\/terjebjornstad.com\\\/no\\\/wp-content\\\/uploads\\\/2026\\\/02\\\/terjesbiler2024-960x354-1.png?fit=960%2C354&ssl=1\",\"contentUrl\":\"https:\\\/\\\/i0.wp.com\\\/terjebjornstad.com\\\/no\\\/wp-content\\\/uploads\\\/2026\\\/02\\\/terjesbiler2024-960x354-1.png?fit=960%2C354&ssl=1\",\"width\":960,\"height\":354,\"caption\":\"Terje Bj\u00f8rnstad ENK\"},\"image\":{\"@id\":\"https:\\\/\\\/terjebjornstad.com\\\/no\\\/#\\\/schema\\\/logo\\\/image\\\/\"},\"sameAs\":[\"https:\\\/\\\/www.facebook.com\\\/terjesbiler\\\/\",\"https:\\\/\\\/www.instagram.com\\\/terjesbiler\\\/\",\"https:\\\/\\\/www.pinteres.com\\\/terjebjrnstad\\\/terjes-biler\\\/\"]},{\"@type\":\"Person\",\"@id\":\"https:\\\/\\\/terjebjornstad.com\\\/no\\\/#\\\/schema\\\/person\\\/a281f6a6e0f3cc9fe468e7f0c655aa65\",\"name\":\"Terje Bj\u00f8rnstad\",\"image\":{\"@type\":\"ImageObject\",\"inLanguage\":\"nb-NO\",\"@id\":\"https:\\\/\\\/secure.gravatar.com\\\/avatar\\\/e8dff505b51cf6cb67ae06a06022d2049aac2da1e79dc146a36b58798c4b40ea?s=96&d=mm&r=g\",\"url\":\"https:\\\/\\\/secure.gravatar.com\\\/avatar\\\/e8dff505b51cf6cb67ae06a06022d2049aac2da1e79dc146a36b58798c4b40ea?s=96&d=mm&r=g\",\"contentUrl\":\"https:\\\/\\\/secure.gravatar.com\\\/avatar\\\/e8dff505b51cf6cb67ae06a06022d2049aac2da1e79dc146a36b58798c4b40ea?s=96&d=mm&r=g\",\"caption\":\"Terje Bj\u00f8rnstad\"},\"description\":\"Terje Bj\u00f8rnstad. Bloggadministrator, hobbyfotograf og bilnerd.\",\"sameAs\":[\"https:\\\/\\\/www.facebook.com\\\/terjesbiler\",\"https:\\\/\\\/www.instagram.com\\\/terjesbiler\",\"https:\\\/\\\/no.pinterest.com\\\/terjebjrnstad\",\"https:\\\/\\\/www.youtube.com\\\/channel\\\/UCzCKJJDybyIgKqatc_JQqIg\"]}]}<\/script>\n<!-- \/ Yoast SEO plugin. -->","yoast_head_json":{"title":"Ingen vanlig Golf - Terjes biler","robots":{"index":"index","follow":"follow","max-snippet":"max-snippet:-1","max-image-preview":"max-image-preview:large","max-video-preview":"max-video-preview:-1"},"canonical":"https:\/\/terjebjornstad.com\/no\/2016\/08\/21\/ingen-vanlig-golf\/","og_locale":"nb_NO","og_type":"article","og_title":"Ingen vanlig Golf - Terjes biler","og_description":"Siden Volkswagen Golf er en av verdens mest solgte biler, kunne man falle for fristelsen til \u00e5 kalle den en vanlig bil, &#8211; men er Golf virkelig en vanlig bil? Jeg tenker ikke bare p\u00e5 alle konfigurasjonsmulighetene du har med nye biler, men hvilke muligheter du har til \u00e5 style Golf senere som hobbybil eller [&hellip;]","og_url":"https:\/\/terjebjornstad.com\/no\/2016\/08\/21\/ingen-vanlig-golf\/","og_site_name":"Terjes biler","article_publisher":"https:\/\/www.facebook.com\/terjesbiler\/","article_author":"https:\/\/www.facebook.com\/terjesbiler","article_published_time":"2016-08-21T14:58:37+00:00","article_modified_time":"2024-08-26T22:41:37+00:00","og_image":[{"width":686,"height":457,"url":"https:\/\/terjebjornstad.com\/no\/wp-content\/uploads\/2016\/08\/1983-volkswagen-golf-gti-16v-11.png","type":"image\/png"}],"author":"Terje Bj\u00f8rnstad","twitter_card":"summary_large_image","twitter_misc":{"Skrevet av":"Terje Bj\u00f8rnstad","Ansl. lesetid":"7 minutter"},"schema":{"@context":"https:\/\/schema.org","@graph":[{"@type":"Article","@id":"https:\/\/terjebjornstad.com\/no\/2016\/08\/21\/ingen-vanlig-golf\/#article","isPartOf":{"@id":"https:\/\/terjebjornstad.com\/no\/2016\/08\/21\/ingen-vanlig-golf\/"},"author":{"name":"Terje Bj\u00f8rnstad","@id":"https:\/\/terjebjornstad.com\/no\/#\/schema\/person\/a281f6a6e0f3cc9fe468e7f0c655aa65"},"headline":"Ingen vanlig Golf","datePublished":"2016-08-21T14:58:37+00:00","dateModified":"2024-08-26T22:41:37+00:00","mainEntityOfPage":{"@id":"https:\/\/terjebjornstad.com\/no\/2016\/08\/21\/ingen-vanlig-golf\/"},"wordCount":683,"commentCount":0,"publisher":{"@id":"https:\/\/terjebjornstad.com\/no\/#organization"},"image":{"@id":"https:\/\/terjebjornstad.com\/no\/2016\/08\/21\/ingen-vanlig-golf\/#primaryimage"},"thumbnailUrl":"https:\/\/i0.wp.com\/terjebjornstad.com\/no\/wp-content\/uploads\/2016\/08\/1983-volkswagen-golf-gti-16v-11.png?fit=686%2C457&ssl=1","keywords":["golf 1","golf 1 gti","golf gti","golf gti 16s","golf gti oettinger","golf mk1","golf mkI","golf oettinger","gti oettinger","urgolf"],"articleSection":["Volkswagen"],"inLanguage":"nb-NO","potentialAction":[{"@type":"CommentAction","name":"Comment","target":["https:\/\/terjebjornstad.com\/no\/2016\/08\/21\/ingen-vanlig-golf\/#respond"]}]},{"@type":"WebPage","@id":"https:\/\/terjebjornstad.com\/no\/2016\/08\/21\/ingen-vanlig-golf\/","url":"https:\/\/terjebjornstad.com\/no\/2016\/08\/21\/ingen-vanlig-golf\/","name":"Ingen vanlig Golf - Terjes biler","isPartOf":{"@id":"https:\/\/terjebjornstad.com\/no\/#website"},"primaryImageOfPage":{"@id":"https:\/\/terjebjornstad.com\/no\/2016\/08\/21\/ingen-vanlig-golf\/#primaryimage"},"image":{"@id":"https:\/\/terjebjornstad.com\/no\/2016\/08\/21\/ingen-vanlig-golf\/#primaryimage"},"thumbnailUrl":"https:\/\/i0.wp.com\/terjebjornstad.com\/no\/wp-content\/uploads\/2016\/08\/1983-volkswagen-golf-gti-16v-11.png?fit=686%2C457&ssl=1","datePublished":"2016-08-21T14:58:37+00:00","dateModified":"2024-08-26T22:41:37+00:00","breadcrumb":{"@id":"https:\/\/terjebjornstad.com\/no\/2016\/08\/21\/ingen-vanlig-golf\/#breadcrumb"},"inLanguage":"nb-NO","potentialAction":[{"@type":"ReadAction","target":["https:\/\/terjebjornstad.com\/no\/2016\/08\/21\/ingen-vanlig-golf\/"]}]},{"@type":"ImageObject","inLanguage":"nb-NO","@id":"https:\/\/terjebjornstad.com\/no\/2016\/08\/21\/ingen-vanlig-golf\/#primaryimage","url":"https:\/\/i0.wp.com\/terjebjornstad.com\/no\/wp-content\/uploads\/2016\/08\/1983-volkswagen-golf-gti-16v-11.png?fit=686%2C457&ssl=1","contentUrl":"https:\/\/i0.wp.com\/terjebjornstad.com\/no\/wp-content\/uploads\/2016\/08\/1983-volkswagen-golf-gti-16v-11.png?fit=686%2C457&ssl=1","width":686,"height":457,"caption":"Ingen vanlig golf!"},{"@type":"BreadcrumbList","@id":"https:\/\/terjebjornstad.com\/no\/2016\/08\/21\/ingen-vanlig-golf\/#breadcrumb","itemListElement":[{"@type":"ListItem","position":1,"name":"Hjem","item":"https:\/\/terjebjornstad.com\/no\/"},{"@type":"ListItem","position":2,"name":"Ingen vanlig Golf"}]},{"@type":"WebSite","@id":"https:\/\/terjebjornstad.com\/no\/#website","url":"https:\/\/terjebjornstad.com\/no\/","name":"Terjes biler","description":"HONEST ABOUT CARS","publisher":{"@id":"https:\/\/terjebjornstad.com\/no\/#organization"},"alternateName":"Terjebjornstad.com","potentialAction":[{"@type":"SearchAction","target":{"@type":"EntryPoint","urlTemplate":"https:\/\/terjebjornstad.com\/no\/?s={search_term_string}"},"query-input":{"@type":"PropertyValueSpecification","valueRequired":true,"valueName":"search_term_string"}}],"inLanguage":"nb-NO"},{"@type":"Organization","@id":"https:\/\/terjebjornstad.com\/no\/#organization","name":"Terje Bj\u00f8rnstad ENK","url":"https:\/\/terjebjornstad.com\/no\/","logo":{"@type":"ImageObject","inLanguage":"nb-NO","@id":"https:\/\/terjebjornstad.com\/no\/#\/schema\/logo\/image\/","url":"https:\/\/i0.wp.com\/terjebjornstad.com\/no\/wp-content\/uploads\/2026\/02\/terjesbiler2024-960x354-1.png?fit=960%2C354&ssl=1","contentUrl":"https:\/\/i0.wp.com\/terjebjornstad.com\/no\/wp-content\/uploads\/2026\/02\/terjesbiler2024-960x354-1.png?fit=960%2C354&ssl=1","width":960,"height":354,"caption":"Terje Bj\u00f8rnstad ENK"},"image":{"@id":"https:\/\/terjebjornstad.com\/no\/#\/schema\/logo\/image\/"},"sameAs":["https:\/\/www.facebook.com\/terjesbiler\/","https:\/\/www.instagram.com\/terjesbiler\/","https:\/\/www.pinteres.com\/terjebjrnstad\/terjes-biler\/"]},{"@type":"Person","@id":"https:\/\/terjebjornstad.com\/no\/#\/schema\/person\/a281f6a6e0f3cc9fe468e7f0c655aa65","name":"Terje Bj\u00f8rnstad","image":{"@type":"ImageObject","inLanguage":"nb-NO","@id":"https:\/\/secure.gravatar.com\/avatar\/e8dff505b51cf6cb67ae06a06022d2049aac2da1e79dc146a36b58798c4b40ea?s=96&d=mm&r=g","url":"https:\/\/secure.gravatar.com\/avatar\/e8dff505b51cf6cb67ae06a06022d2049aac2da1e79dc146a36b58798c4b40ea?s=96&d=mm&r=g","contentUrl":"https:\/\/secure.gravatar.com\/avatar\/e8dff505b51cf6cb67ae06a06022d2049aac2da1e79dc146a36b58798c4b40ea?s=96&d=mm&r=g","caption":"Terje Bj\u00f8rnstad"},"description":"Terje Bj\u00f8rnstad. Bloggadministrator, hobbyfotograf og bilnerd.","sameAs":["https:\/\/www.facebook.com\/terjesbiler","https:\/\/www.instagram.com\/terjesbiler","https:\/\/no.pinterest.com\/terjebjrnstad","https:\/\/www.youtube.com\/channel\/UCzCKJJDybyIgKqatc_JQqIg"]}]}},"jetpack_publicize_connections":[],"jetpack_featured_media_url":"https:\/\/i0.wp.com\/terjebjornstad.com\/no\/wp-content\/uploads\/2016\/08\/1983-volkswagen-golf-gti-16v-11.png?fit=686%2C457&ssl=1","jetpack_sharing_enabled":true,"jetpack_shortlink":"https:\/\/wp.me\/p48zYA-1Kk","jetpack-related-posts":[{"id":45007,"url":"https:\/\/terjebjornstad.com\/no\/2021\/11\/27\/golf-3-snart-klassiker\/","url_meta":{"origin":6716,"position":0},"title":"Golf 3 snart klassiker","author":"Terje Bj\u00f8rnstad","date":"27\/11\/2021","format":false,"excerpt":"Blir en modell automatisk klassiker bare fordi forgjengeren er det? Mye taler for det, og det gir anledning til \u00e5 kj\u00f8pe en klassiker mens den enn\u00e5 er billig. Golf 3 kan v\u00e6re en s\u00e5nn modell. \u00a0 Det er flere tegn som tyder p\u00e5 at Golf 3 kommer til \u00e5 bli\u2026","rel":"","context":"i &quot;Artikkel&quot;","block_context":{"text":"Artikkel","link":"https:\/\/terjebjornstad.com\/no\/category\/artikkel\/"},"img":{"alt_text":"","src":"https:\/\/i0.wp.com\/terjebjornstad.com\/no\/wp-content\/uploads\/2021\/11\/20-vw-golf-gti-1080x720-1.png?fit=1080%2C720&ssl=1&resize=350%2C200","width":350,"height":200,"srcset":"https:\/\/i0.wp.com\/terjebjornstad.com\/no\/wp-content\/uploads\/2021\/11\/20-vw-golf-gti-1080x720-1.png?fit=1080%2C720&ssl=1&resize=350%2C200 1x, https:\/\/i0.wp.com\/terjebjornstad.com\/no\/wp-content\/uploads\/2021\/11\/20-vw-golf-gti-1080x720-1.png?fit=1080%2C720&ssl=1&resize=525%2C300 1.5x, https:\/\/i0.wp.com\/terjebjornstad.com\/no\/wp-content\/uploads\/2021\/11\/20-vw-golf-gti-1080x720-1.png?fit=1080%2C720&ssl=1&resize=700%2C400 2x, https:\/\/i0.wp.com\/terjebjornstad.com\/no\/wp-content\/uploads\/2021\/11\/20-vw-golf-gti-1080x720-1.png?fit=1080%2C720&ssl=1&resize=1050%2C600 3x"},"classes":[]},{"id":8169,"url":"https:\/\/terjebjornstad.com\/no\/2016\/10\/30\/klassiske-katalanske-rallybiler\/","url_meta":{"origin":6716,"position":1},"title":"Klassiske katalanske rallybiler","author":"Terje Bj\u00f8rnstad","date":"30\/10\/2016","format":false,"excerpt":"Et rally oppkalt etter vinden som bl\u00e5ser mellom fjellene. Jeg var til stede da 60 deltakerbiler stilte opp utenfor kasinoet ved den lille franske Middelhavsbyen Saint Cyprien forut for det 12. Tramontane Classic Rallye. Etter at 60 biler var stilt opp og godkjent av de tekniske inspekt\u00f8rene, var det tid\u2026","rel":"","context":"i &quot;Artikkel&quot;","block_context":{"text":"Artikkel","link":"https:\/\/terjebjornstad.com\/no\/category\/artikkel\/"},"img":{"alt_text":"","src":"https:\/\/i0.wp.com\/terjebjornstad.com\/no\/wp-content\/uploads\/2016\/10\/renault-alpine-110-3.png?fit=686%2C457&ssl=1&resize=350%2C200","width":350,"height":200,"srcset":"https:\/\/i0.wp.com\/terjebjornstad.com\/no\/wp-content\/uploads\/2016\/10\/renault-alpine-110-3.png?fit=686%2C457&ssl=1&resize=350%2C200 1x, https:\/\/i0.wp.com\/terjebjornstad.com\/no\/wp-content\/uploads\/2016\/10\/renault-alpine-110-3.png?fit=686%2C457&ssl=1&resize=525%2C300 1.5x"},"classes":[]},{"id":11462,"url":"https:\/\/terjebjornstad.com\/no\/2017\/08\/09\/heller-bilsamlinger-enn-museer\/","url_meta":{"origin":6716,"position":2},"title":"Heller bilsamlinger enn mus\u00e9er","author":"Terje Bj\u00f8rnstad","date":"09\/08\/2017","format":false,"excerpt":"Er du p\u00e5 utenlandstur, er det naturlig \u00e5 bes\u00f8ke museer. Men hvor ofte st\u00e5r man ikke igjen med et inntrykk av at bes\u00f8ket bare var kostbart og kjedelig? Hvis du befinner deg i Frankrike, er det gode muligheter for at det finnes en bilsamling i n\u00e6rheten. Rassemblement des voitures anciennes\u2026","rel":"","context":"i &quot;Artikkel&quot;","block_context":{"text":"Artikkel","link":"https:\/\/terjebjornstad.com\/no\/category\/artikkel\/"},"img":{"alt_text":"","src":"https:\/\/i0.wp.com\/terjebjornstad.com\/no\/wp-content\/uploads\/2017\/08\/rassemblement-canet-1-686.png?fit=686%2C457&ssl=1&resize=350%2C200","width":350,"height":200,"srcset":"https:\/\/i0.wp.com\/terjebjornstad.com\/no\/wp-content\/uploads\/2017\/08\/rassemblement-canet-1-686.png?fit=686%2C457&ssl=1&resize=350%2C200 1x, https:\/\/i0.wp.com\/terjebjornstad.com\/no\/wp-content\/uploads\/2017\/08\/rassemblement-canet-1-686.png?fit=686%2C457&ssl=1&resize=525%2C300 1.5x"},"classes":[]},{"id":15572,"url":"https:\/\/terjebjornstad.com\/no\/2018\/04\/30\/varslepp-pa-ovrevoll\/","url_meta":{"origin":6716,"position":3},"title":"V\u00e5rslepp p\u00e5 \u00d8vrevoll","author":"Terje Bj\u00f8rnstad","date":"30\/04\/2018","format":false,"excerpt":"- Gamle biler svetter ikke. De markerer reviret sitt. Sitatet over er overh\u00f8rt fra Cars and Coffee p\u00e5 \u00d8vrevoll p\u00e5 s\u00f8ndag. Det var mange flotte biler \u00e5 se. Mange som kan glede seg til sommer i flotte sportsbiler, stasbiler, hobbybiler eller bruksbiler. Jeg var innom og tok, som vanlig, noen\u2026","rel":"","context":"i &quot;Artikkel&quot;","block_context":{"text":"Artikkel","link":"https:\/\/terjebjornstad.com\/no\/category\/artikkel\/"},"img":{"alt_text":"","src":"https:\/\/i0.wp.com\/terjebjornstad.com\/no\/wp-content\/uploads\/2018\/04\/porsche-ovrevoll-686.png?fit=686%2C457&ssl=1&resize=350%2C200","width":350,"height":200,"srcset":"https:\/\/i0.wp.com\/terjebjornstad.com\/no\/wp-content\/uploads\/2018\/04\/porsche-ovrevoll-686.png?fit=686%2C457&ssl=1&resize=350%2C200 1x, https:\/\/i0.wp.com\/terjebjornstad.com\/no\/wp-content\/uploads\/2018\/04\/porsche-ovrevoll-686.png?fit=686%2C457&ssl=1&resize=525%2C300 1.5x"},"classes":[]},{"id":8089,"url":"https:\/\/terjebjornstad.com\/no\/2016\/10\/23\/golf-cabrio-bazinga\/","url_meta":{"origin":6716,"position":4},"title":"Golf Cabrio -Bazinga!","author":"Terje Bj\u00f8rnstad","date":"23\/10\/2016","format":false,"excerpt":"- Har du lagt merke til hva slags bil Penny kj\u00f8rer? Har du lagt merke til hvilke biler deltakerne i The Big Bang Theory bruker? Leonard kj\u00f8rer Saab, Howard kj\u00f8rer Mini Countryman, Amy kj\u00f8rer Honda eller Accura. Alle bilene er ganske nye. Penny, som ikke er p\u00e5 samme intellektuelle niv\u00e5\u2026","rel":"","context":"i &quot;Artikkel&quot;","block_context":{"text":"Artikkel","link":"https:\/\/terjebjornstad.com\/no\/category\/artikkel\/"},"img":{"alt_text":"","src":"https:\/\/i0.wp.com\/terjebjornstad.com\/no\/wp-content\/uploads\/2016\/10\/inside-pennys-car-1.png?resize=350%2C200&ssl=1","width":350,"height":200,"srcset":"https:\/\/i0.wp.com\/terjebjornstad.com\/no\/wp-content\/uploads\/2016\/10\/inside-pennys-car-1.png?resize=350%2C200&ssl=1 1x, https:\/\/i0.wp.com\/terjebjornstad.com\/no\/wp-content\/uploads\/2016\/10\/inside-pennys-car-1.png?resize=525%2C300&ssl=1 1.5x"},"classes":[]},{"id":1804,"url":"https:\/\/terjebjornstad.com\/no\/2015\/09\/27\/kunne-blitt-folkebilen\/","url_meta":{"origin":6716,"position":5},"title":"Folke-e-vognen","author":"Terje Bj\u00f8rnstad","date":"27\/09\/2015","format":false,"excerpt":"E-Golf en morsom bil \u00e5 kj\u00f8re, b\u00e5de fordi det er en elbil men ogs\u00e5 fordi det er en Golf. Look-and-feel Absolutt en Golf, tenkte jeg da jeg satte meg inn. Den eneste forskjellen jeg umiddelbart noterte meg, var at turtelleren var byttet ut med et instrument for lading og forbruk.\u2026","rel":"","context":"i &quot;Artikkel&quot;","block_context":{"text":"Artikkel","link":"https:\/\/terjebjornstad.com\/no\/category\/artikkel\/"},"img":{"alt_text":"","src":"https:\/\/i0.wp.com\/terjebjornstad.com\/no\/wp-content\/uploads\/2015\/09\/e-golf-686-5.png?resize=350%2C200&ssl=1","width":350,"height":200,"srcset":"https:\/\/i0.wp.com\/terjebjornstad.com\/no\/wp-content\/uploads\/2015\/09\/e-golf-686-5.png?resize=350%2C200&ssl=1 1x, https:\/\/i0.wp.com\/terjebjornstad.com\/no\/wp-content\/uploads\/2015\/09\/e-golf-686-5.png?resize=525%2C300&ssl=1 1.5x"},"classes":[]}],"gt_translate_keys":[{"key":"link","format":"url"}],"_links":{"self":[{"href":"https:\/\/terjebjornstad.com\/no\/wp-json\/wp\/v2\/posts\/6716","targetHints":{"allow":["GET"]}}],"collection":[{"href":"https:\/\/terjebjornstad.com\/no\/wp-json\/wp\/v2\/posts"}],"about":[{"href":"https:\/\/terjebjornstad.com\/no\/wp-json\/wp\/v2\/types\/post"}],"author":[{"embeddable":true,"href":"https:\/\/terjebjornstad.com\/no\/wp-json\/wp\/v2\/users\/1"}],"replies":[{"embeddable":true,"href":"https:\/\/terjebjornstad.com\/no\/wp-json\/wp\/v2\/comments?post=6716"}],"version-history":[{"count":1,"href":"https:\/\/terjebjornstad.com\/no\/wp-json\/wp\/v2\/posts\/6716\/revisions"}],"predecessor-version":[{"id":74113,"href":"https:\/\/terjebjornstad.com\/no\/wp-json\/wp\/v2\/posts\/6716\/revisions\/74113"}],"wp:featuredmedia":[{"embeddable":true,"href":"https:\/\/terjebjornstad.com\/no\/wp-json\/wp\/v2\/media\/6708"}],"wp:attachment":[{"href":"https:\/\/terjebjornstad.com\/no\/wp-json\/wp\/v2\/media?parent=6716"}],"wp:term":[{"taxonomy":"category","embeddable":true,"href":"https:\/\/terjebjornstad.com\/no\/wp-json\/wp\/v2\/categories?post=6716"},{"taxonomy":"post_tag","embeddable":true,"href":"https:\/\/terjebjornstad.com\/no\/wp-json\/wp\/v2\/tags?post=6716"}],"curies":[{"name":"wp","href":"https:\/\/api.w.org\/{rel}","templated":true}]}}