{"id":67061,"date":"2023-11-15T21:16:33","date_gmt":"2023-11-15T20:16:33","guid":{"rendered":"https:\/\/terjebjornstad.com\/no\/?p=67061"},"modified":"2026-03-15T00:39:23","modified_gmt":"2026-03-14T23:39:23","slug":"id-4-gtx-nar-vinteren-kommer","status":"publish","type":"post","link":"https:\/\/terjebjornstad.com\/no\/2023\/11\/15\/id-4-gtx-nar-vinteren-kommer\/","title":{"rendered":"ID.4 GTX n\u00e5r vinteren kommer","gt_translate_keys":[{"key":"rendered","format":"text"}]},"content":{"rendered":"<div class=\"copy_teb\"><figure id=\"attachment_67058\" aria-describedby=\"caption-attachment-67058\" style=\"width: 1920px\" class=\"wp-caption alignleft\"><a href=\"https:\/\/i0.wp.com\/terjebjornstad.com\/no\/wp-content\/uploads\/2023\/11\/volkswagen-id4-gtx-profil-1920x1280-1.jpg?ssl=1\"><img data-recalc-dims=\"1\" loading=\"lazy\" decoding=\"async\" data-attachment-id=\"67058\" data-permalink=\"https:\/\/terjebjornstad.com\/no\/2023\/11\/15\/id-4-gtx-nar-vinteren-kommer\/volkswagen-id4-gtx-profil-1920x1280\/\" data-orig-file=\"https:\/\/i0.wp.com\/terjebjornstad.com\/no\/wp-content\/uploads\/2023\/11\/volkswagen-id4-gtx-profil-1920x1280-1.jpg?fit=1920%2C1280&amp;ssl=1\" data-orig-size=\"1920,1280\" data-comments-opened=\"1\" data-image-meta=\"{&quot;aperture&quot;:&quot;0&quot;,&quot;credit&quot;:&quot;&quot;,&quot;camera&quot;:&quot;&quot;,&quot;caption&quot;:&quot;&quot;,&quot;created_timestamp&quot;:&quot;0&quot;,&quot;copyright&quot;:&quot;&quot;,&quot;focal_length&quot;:&quot;0&quot;,&quot;iso&quot;:&quot;0&quot;,&quot;shutter_speed&quot;:&quot;0&quot;,&quot;title&quot;:&quot;&quot;,&quot;orientation&quot;:&quot;0&quot;}\" data-image-title=\"volkswagen-id4-gtx-profil-1920&amp;#215;1280\" data-image-description=\"\" data-image-caption=\"&lt;div class=&quot;tebingresw&quot;&gt;\n&lt;h2 class=&quot;tebh2ingresw&quot;&gt;&amp;nbsp;&lt;br \/&gt;ID.4 GTX n\u00e5r vinteren kommer&lt;\/h2&gt;\n&lt;p&gt;De to viktigste egenskapene en elbil b\u00f8r ha, er lang rekkevidde og 4-hjulstrekk. Begge deler sikrer at du kommer helt frem. Det siste kan ogs\u00e5 redde liv. &lt;a href=&quot;https:\/\/terjebjornstad.com\/no\/2023\/11\/15\/id-4-gtx-nar-vinteren-kommer\/&quot;&gt;&lt;strong&gt;Se mer&lt;\/strong&gt;&lt;\/a&gt;&lt;br \/&gt;&amp;nbsp;&lt;\/div&gt;\n\" data-large-file=\"https:\/\/i0.wp.com\/terjebjornstad.com\/no\/wp-content\/uploads\/2023\/11\/volkswagen-id4-gtx-profil-1920x1280-1.jpg?fit=980%2C653&amp;ssl=1\" src=\"https:\/\/i0.wp.com\/terjebjornstad.com\/no\/wp-content\/uploads\/2023\/11\/volkswagen-id4-gtx-profil-1920x1280-1.jpg?resize=980%2C653&#038;ssl=1\" alt=\"id.4 gtx\" width=\"980\" height=\"653\" class=\"size-full wp-image-67058\" srcset=\"https:\/\/i0.wp.com\/terjebjornstad.com\/no\/wp-content\/uploads\/2023\/11\/volkswagen-id4-gtx-profil-1920x1280-1.jpg?w=1920&amp;ssl=1 1920w, https:\/\/i0.wp.com\/terjebjornstad.com\/no\/wp-content\/uploads\/2023\/11\/volkswagen-id4-gtx-profil-1920x1280-1.jpg?resize=300%2C200&amp;ssl=1 300w, https:\/\/i0.wp.com\/terjebjornstad.com\/no\/wp-content\/uploads\/2023\/11\/volkswagen-id4-gtx-profil-1920x1280-1.jpg?resize=1080%2C720&amp;ssl=1 1080w, https:\/\/i0.wp.com\/terjebjornstad.com\/no\/wp-content\/uploads\/2023\/11\/volkswagen-id4-gtx-profil-1920x1280-1.jpg?resize=768%2C512&amp;ssl=1 768w, https:\/\/i0.wp.com\/terjebjornstad.com\/no\/wp-content\/uploads\/2023\/11\/volkswagen-id4-gtx-profil-1920x1280-1.jpg?resize=1536%2C1024&amp;ssl=1 1536w, https:\/\/i0.wp.com\/terjebjornstad.com\/no\/wp-content\/uploads\/2023\/11\/volkswagen-id4-gtx-profil-1920x1280-1.jpg?resize=690%2C460&amp;ssl=1 690w, https:\/\/i0.wp.com\/terjebjornstad.com\/no\/wp-content\/uploads\/2023\/11\/volkswagen-id4-gtx-profil-1920x1280-1.jpg?resize=980%2C653&amp;ssl=1 980w\" sizes=\"auto, (max-width: 980px) 100vw, 980px\" \/><\/a><figcaption id=\"caption-attachment-67058\" class=\"wp-caption-text\">Volkswagen ID.4 GTX<\/figcaption><\/figure><\/p>\n<blockquote><p>De to viktigste egenskapene en elbil b\u00f8r ha, er lang rekkevidde og 4-hjulstrekk. Begge deler sikrer at du kommer helt frem. Det siste kan ogs\u00e5 redde liv.<\/p><\/blockquote>\n\n<h3 class=\"tebh2_first\">Ja takk, begge deler<\/h3>\n<p>Da vi kj\u00f8rte ID.4 for tre \u00e5r siden, var det en &laquo;long range&raquo; versjon uten 4-hjulstrekk. ID.4 GTX var nettopp sluppet ut p\u00e5 markedet og det ble sagt at 4-hjulstrekket ville stjele verdifull rekkevidde. Jeg konkluderte da med at rekkevidde trumfet 4-hjulstrekk. Men rekkevidden p\u00e5 ID.4 GTX er faktisk helt tilstrekkelig, s\u00e5 da m\u00e5 det vel v\u00e6re lov \u00e5 si &laquo;ja takk&raquo; til begge deler?<br \/>\n&nbsp;<br \/>\nDet var et par ting jeg \u00f8nsket \u00e5 se n\u00e6rmere p\u00e5 med ID.4 GTX. <\/p>\n<h3 class=\"tebh2_first\">Ingen sn\u00f8<\/h3>\n<p>Den eneste bildelingstjenesten som hadde ID.4 med 4-hjulsdrift i stallen, var Hertz Bildeling. Etter en liten busstur fant jeg en ledig leiebil mens kona var p\u00e5 handletur med familiens &laquo;prim\u00e6r-bil&raquo;. Jeg skulle bare ut p\u00e5 et lite \u00e6rend som p\u00e5skudd til \u00e5 leie, men tok en ekstra lang vei hjem mens sn\u00f8fillene flagret i luften. Denne gangen ville ikke sn\u00f8en legge seg i lavlandet, men for et par uker siden kunne 4-hjulstrekket virkelig f\u00e5tt sjansen til \u00e5 vise hva det er verdt.<\/p>\n<hr \/>\n<p>&nbsp;<br \/>\n<figure id=\"attachment_67055\" aria-describedby=\"caption-attachment-67055\" style=\"width: 1920px\" class=\"wp-caption aligncenter\"><a href=\"https:\/\/i0.wp.com\/terjebjornstad.com\/no\/wp-content\/uploads\/2023\/11\/volkswagen-id4-gtx-front-lake-1920x1280-1.jpg?ssl=1\"><img data-recalc-dims=\"1\" loading=\"lazy\" decoding=\"async\" data-attachment-id=\"67055\" data-permalink=\"https:\/\/terjebjornstad.com\/no\/2023\/11\/15\/id-4-gtx-nar-vinteren-kommer\/volkswagen-id4-gtx-front-lake-1920x1280\/\" data-orig-file=\"https:\/\/i0.wp.com\/terjebjornstad.com\/no\/wp-content\/uploads\/2023\/11\/volkswagen-id4-gtx-front-lake-1920x1280-1.jpg?fit=1920%2C1280&amp;ssl=1\" data-orig-size=\"1920,1280\" data-comments-opened=\"1\" data-image-meta=\"{&quot;aperture&quot;:&quot;0&quot;,&quot;credit&quot;:&quot;&quot;,&quot;camera&quot;:&quot;&quot;,&quot;caption&quot;:&quot;&quot;,&quot;created_timestamp&quot;:&quot;0&quot;,&quot;copyright&quot;:&quot;&quot;,&quot;focal_length&quot;:&quot;0&quot;,&quot;iso&quot;:&quot;0&quot;,&quot;shutter_speed&quot;:&quot;0&quot;,&quot;title&quot;:&quot;&quot;,&quot;orientation&quot;:&quot;0&quot;}\" data-image-title=\"volkswagen-id4-gtx-front-lake-1920&amp;#215;1280\" data-image-description=\"\" data-image-caption=\"&lt;p&gt;Volkswagen ID.4 GTX. Frontfangeren og luftinntakene deler plass. Skaper et underbitt preg.&lt;\/p&gt;\n\" data-large-file=\"https:\/\/i0.wp.com\/terjebjornstad.com\/no\/wp-content\/uploads\/2023\/11\/volkswagen-id4-gtx-front-lake-1920x1280-1.jpg?fit=980%2C653&amp;ssl=1\" src=\"https:\/\/i0.wp.com\/terjebjornstad.com\/no\/wp-content\/uploads\/2023\/11\/volkswagen-id4-gtx-front-lake-1920x1280-1.jpg?resize=980%2C653&#038;ssl=1\" alt=\"\" width=\"980\" height=\"653\" class=\"size-full wp-image-67055\" srcset=\"https:\/\/i0.wp.com\/terjebjornstad.com\/no\/wp-content\/uploads\/2023\/11\/volkswagen-id4-gtx-front-lake-1920x1280-1.jpg?w=1920&amp;ssl=1 1920w, https:\/\/i0.wp.com\/terjebjornstad.com\/no\/wp-content\/uploads\/2023\/11\/volkswagen-id4-gtx-front-lake-1920x1280-1.jpg?resize=300%2C200&amp;ssl=1 300w, https:\/\/i0.wp.com\/terjebjornstad.com\/no\/wp-content\/uploads\/2023\/11\/volkswagen-id4-gtx-front-lake-1920x1280-1.jpg?resize=1080%2C720&amp;ssl=1 1080w, https:\/\/i0.wp.com\/terjebjornstad.com\/no\/wp-content\/uploads\/2023\/11\/volkswagen-id4-gtx-front-lake-1920x1280-1.jpg?resize=768%2C512&amp;ssl=1 768w, https:\/\/i0.wp.com\/terjebjornstad.com\/no\/wp-content\/uploads\/2023\/11\/volkswagen-id4-gtx-front-lake-1920x1280-1.jpg?resize=1536%2C1024&amp;ssl=1 1536w, https:\/\/i0.wp.com\/terjebjornstad.com\/no\/wp-content\/uploads\/2023\/11\/volkswagen-id4-gtx-front-lake-1920x1280-1.jpg?resize=690%2C460&amp;ssl=1 690w, https:\/\/i0.wp.com\/terjebjornstad.com\/no\/wp-content\/uploads\/2023\/11\/volkswagen-id4-gtx-front-lake-1920x1280-1.jpg?resize=980%2C653&amp;ssl=1 980w\" sizes=\"auto, (max-width: 980px) 100vw, 980px\" \/><\/a><figcaption id=\"caption-attachment-67055\" class=\"wp-caption-text\">Volkswagen ID.4 GTX. Frontfangeren og luftinntakene deler plass. Skaper et underbitt preg.<\/figcaption><\/figure><\/p>\n<p>Gjensynet med ID.4 ga meg anledning til ogs\u00e5 \u00e5 unders\u00f8ke en annen ting. Jeg liker \u00e5 oppleve hvordan bilene legger seg inn i svingene p\u00e5 landeveien. En god bil kan man f\u00e5 til \u00e5 &laquo;sette seg&raquo; ved inngangen til svingen s\u00e5nn at den nesten styrer seg selv gjennom. For tre \u00e5r siden kj\u00f8rte jeg ID.4 for f\u00f8rste gang. Da m\u00e5tte jeg sette bilen i kj\u00f8remodus &laquo;Sport&raquo; for \u00e5 f\u00e5 bilen inn i korrekt spor. &laquo;Feilen&raquo; &#8211; om man kan si det s\u00e5nn &#8211; ligger i kj\u00f8reprogrammet &laquo;Comfort&raquo;.<br \/>\n&nbsp;<br \/>\nJeg trengte ikke kj\u00f8re fort for \u00e5 f\u00e5 den samme f\u00f8lelsen i GTX. I 60 km\/t p\u00e5 gamle Mossevei langs Gjersj\u00f8en fikk jeg tilbake de gamle minnene. &laquo;Comfort&raquo; egner seg d\u00e5rlig for s\u00e5nne landeveier, men i &laquo;Sport&raquo; fungerte alt mye bedre. Valg av kj\u00f8remodus kan p\u00e5virke gassrespons, styremotstand, regenerativ bremsing, 4-hjulstrekk og &#8211; i biler med DCC (Dynamisk Chassis Control) &#8211; ogs\u00e5 fj\u00e6ringen. Jeg tror &laquo;Comfort&raquo; med fordel kunne ha v\u00e6rt mindre &laquo;Eco&raquo;. Hvis kj\u00f8reprogrammet kutter motorenes moment n\u00e5r jeg reduserer farten inn i svingen, kan det p\u00e5virke hvordan bilen tar svingen. Sen gassrespons kan ogs\u00e5 \u00f8delegge for hva jeg vil kalle kj\u00f8reglede under aktiv landeveiskj\u00f8ring.<br \/>\n&nbsp;<br \/>\nDa jeg tok over bilen, la jeg for \u00f8vrig merke til at den allerede sto i Sport modus av tidligere sj\u00e5f\u00f8r(er). Tommel opp! Legg gjerne inn en kommentar om dine egne erfaringer.<br \/>\n&nbsp;<br \/>\nLa meg ogs\u00e5 tilf\u00f8ye at ID.4 GTX har et kj\u00f8reprogram som heter &laquo;Traction&raquo; som  gir maksimalt 4-hjulsgrep. Akkurat d\u00e9t kan spare deg for mange ergrelser i l\u00f8pet av vinteren, spesielt om du kj\u00f8rer og parkerer i Oslo. Best effekt f\u00e5r du hvis du setter bilen i Traction f\u00f8r du begynner \u00e5 spinne.<\/p>\n<hr \/>\n<p>&nbsp;<br \/>\n<figure id=\"attachment_67054\" aria-describedby=\"caption-attachment-67054\" style=\"width: 1920px\" class=\"wp-caption aligncenter\"><a href=\"https:\/\/i0.wp.com\/terjebjornstad.com\/no\/wp-content\/uploads\/2023\/11\/volkswagen-id4-gtx-dashboard-1920x1280-1.jpg?ssl=1\"><img data-recalc-dims=\"1\" loading=\"lazy\" decoding=\"async\" data-attachment-id=\"67054\" data-permalink=\"https:\/\/terjebjornstad.com\/no\/2023\/11\/15\/id-4-gtx-nar-vinteren-kommer\/volkswagen-id4-gtx-dashboard-1920x1280\/\" data-orig-file=\"https:\/\/i0.wp.com\/terjebjornstad.com\/no\/wp-content\/uploads\/2023\/11\/volkswagen-id4-gtx-dashboard-1920x1280-1.jpg?fit=1920%2C1280&amp;ssl=1\" data-orig-size=\"1920,1280\" data-comments-opened=\"1\" data-image-meta=\"{&quot;aperture&quot;:&quot;0&quot;,&quot;credit&quot;:&quot;&quot;,&quot;camera&quot;:&quot;&quot;,&quot;caption&quot;:&quot;&quot;,&quot;created_timestamp&quot;:&quot;0&quot;,&quot;copyright&quot;:&quot;&quot;,&quot;focal_length&quot;:&quot;0&quot;,&quot;iso&quot;:&quot;0&quot;,&quot;shutter_speed&quot;:&quot;0&quot;,&quot;title&quot;:&quot;&quot;,&quot;orientation&quot;:&quot;0&quot;}\" data-image-title=\"volkswagen-id4-gtx-dashboard-1920&amp;#215;1280\" data-image-description=\"\" data-image-caption=\"&lt;p&gt;Sportmodus med r\u00f8de stemningslys&lt;\/p&gt;\n\" data-large-file=\"https:\/\/i0.wp.com\/terjebjornstad.com\/no\/wp-content\/uploads\/2023\/11\/volkswagen-id4-gtx-dashboard-1920x1280-1.jpg?fit=980%2C653&amp;ssl=1\" src=\"https:\/\/i0.wp.com\/terjebjornstad.com\/no\/wp-content\/uploads\/2023\/11\/volkswagen-id4-gtx-dashboard-1920x1280-1.jpg?resize=980%2C653&#038;ssl=1\" alt=\"\" width=\"980\" height=\"653\" class=\"size-full wp-image-67054\" srcset=\"https:\/\/i0.wp.com\/terjebjornstad.com\/no\/wp-content\/uploads\/2023\/11\/volkswagen-id4-gtx-dashboard-1920x1280-1.jpg?w=1920&amp;ssl=1 1920w, https:\/\/i0.wp.com\/terjebjornstad.com\/no\/wp-content\/uploads\/2023\/11\/volkswagen-id4-gtx-dashboard-1920x1280-1.jpg?resize=300%2C200&amp;ssl=1 300w, https:\/\/i0.wp.com\/terjebjornstad.com\/no\/wp-content\/uploads\/2023\/11\/volkswagen-id4-gtx-dashboard-1920x1280-1.jpg?resize=1080%2C720&amp;ssl=1 1080w, https:\/\/i0.wp.com\/terjebjornstad.com\/no\/wp-content\/uploads\/2023\/11\/volkswagen-id4-gtx-dashboard-1920x1280-1.jpg?resize=768%2C512&amp;ssl=1 768w, https:\/\/i0.wp.com\/terjebjornstad.com\/no\/wp-content\/uploads\/2023\/11\/volkswagen-id4-gtx-dashboard-1920x1280-1.jpg?resize=1536%2C1024&amp;ssl=1 1536w, https:\/\/i0.wp.com\/terjebjornstad.com\/no\/wp-content\/uploads\/2023\/11\/volkswagen-id4-gtx-dashboard-1920x1280-1.jpg?resize=690%2C460&amp;ssl=1 690w, https:\/\/i0.wp.com\/terjebjornstad.com\/no\/wp-content\/uploads\/2023\/11\/volkswagen-id4-gtx-dashboard-1920x1280-1.jpg?resize=980%2C653&amp;ssl=1 980w\" sizes=\"auto, (max-width: 980px) 100vw, 980px\" \/><\/a><figcaption id=\"caption-attachment-67054\" class=\"wp-caption-text\">Volkswagen ID.4 GTX. Sportmodus med r\u00f8de stemningslys<\/figcaption><\/figure><br \/>\n&nbsp;<br \/>\n<figure id=\"attachment_67065\" aria-describedby=\"caption-attachment-67065\" style=\"width: 1920px\" class=\"wp-caption aligncenter\"><a href=\"https:\/\/i0.wp.com\/terjebjornstad.com\/no\/wp-content\/uploads\/2023\/11\/volkswagen-id4-gtx-modes-1920x1280-1-1.jpg?ssl=1\"><img data-recalc-dims=\"1\" loading=\"lazy\" decoding=\"async\" data-attachment-id=\"67065\" data-permalink=\"https:\/\/terjebjornstad.com\/no\/2023\/11\/15\/id-4-gtx-nar-vinteren-kommer\/volkswagen-id4-gtx-modes-1920x1280-1\/\" data-orig-file=\"https:\/\/i0.wp.com\/terjebjornstad.com\/no\/wp-content\/uploads\/2023\/11\/volkswagen-id4-gtx-modes-1920x1280-1-1.jpg?fit=1920%2C1280&amp;ssl=1\" data-orig-size=\"1920,1280\" data-comments-opened=\"1\" data-image-meta=\"{&quot;aperture&quot;:&quot;2.8&quot;,&quot;credit&quot;:&quot;&quot;,&quot;camera&quot;:&quot;DSC-RX100M3&quot;,&quot;caption&quot;:&quot;&quot;,&quot;created_timestamp&quot;:&quot;1699970608&quot;,&quot;copyright&quot;:&quot;&quot;,&quot;focal_length&quot;:&quot;8.8&quot;,&quot;iso&quot;:&quot;1000&quot;,&quot;shutter_speed&quot;:&quot;0.004&quot;,&quot;title&quot;:&quot;&quot;,&quot;orientation&quot;:&quot;1&quot;}\" data-image-title=\"volkswagen-id4-gtx-modes-1920&amp;#215;1280-1\" data-image-description=\"\" data-image-caption=\"&lt;p&gt;Kj\u00f8remodus-velger&lt;\/p&gt;\n\" data-large-file=\"https:\/\/i0.wp.com\/terjebjornstad.com\/no\/wp-content\/uploads\/2023\/11\/volkswagen-id4-gtx-modes-1920x1280-1-1.jpg?fit=980%2C653&amp;ssl=1\" src=\"https:\/\/i0.wp.com\/terjebjornstad.com\/no\/wp-content\/uploads\/2023\/11\/volkswagen-id4-gtx-modes-1920x1280-1-1.jpg?resize=980%2C653&#038;ssl=1\" alt=\"\" width=\"980\" height=\"653\" class=\"size-full wp-image-67065\" srcset=\"https:\/\/i0.wp.com\/terjebjornstad.com\/no\/wp-content\/uploads\/2023\/11\/volkswagen-id4-gtx-modes-1920x1280-1-1.jpg?w=1920&amp;ssl=1 1920w, https:\/\/i0.wp.com\/terjebjornstad.com\/no\/wp-content\/uploads\/2023\/11\/volkswagen-id4-gtx-modes-1920x1280-1-1.jpg?resize=300%2C200&amp;ssl=1 300w, https:\/\/i0.wp.com\/terjebjornstad.com\/no\/wp-content\/uploads\/2023\/11\/volkswagen-id4-gtx-modes-1920x1280-1-1.jpg?resize=1080%2C720&amp;ssl=1 1080w, https:\/\/i0.wp.com\/terjebjornstad.com\/no\/wp-content\/uploads\/2023\/11\/volkswagen-id4-gtx-modes-1920x1280-1-1.jpg?resize=768%2C512&amp;ssl=1 768w, https:\/\/i0.wp.com\/terjebjornstad.com\/no\/wp-content\/uploads\/2023\/11\/volkswagen-id4-gtx-modes-1920x1280-1-1.jpg?resize=1536%2C1024&amp;ssl=1 1536w, https:\/\/i0.wp.com\/terjebjornstad.com\/no\/wp-content\/uploads\/2023\/11\/volkswagen-id4-gtx-modes-1920x1280-1-1.jpg?resize=690%2C460&amp;ssl=1 690w, https:\/\/i0.wp.com\/terjebjornstad.com\/no\/wp-content\/uploads\/2023\/11\/volkswagen-id4-gtx-modes-1920x1280-1-1.jpg?resize=980%2C653&amp;ssl=1 980w\" sizes=\"auto, (max-width: 980px) 100vw, 980px\" \/><\/a><figcaption id=\"caption-attachment-67065\" class=\"wp-caption-text\">Kj\u00f8remodus-velger. Volkswagen ID.4 GTX.<\/figcaption><\/figure><\/p>\n<h3 class=\"tebh2\">Regenerativ bremsing<\/h3>\n<p>I biler fra Volkswagen kan man selv velge om man vil ha regenerativ bremsing eller ikke. Under krevende vinterforhold kan det v\u00e6re bra. I fjor opplyste NAF at man ikke b\u00f8r bruke regenerativ bremsing p\u00e5 glatta da det kan medf\u00f8re at man mister veigrepet. N\u00e5r girspaken st\u00e5r i &laquo;D&raquo;, ruller bilen fritt n\u00e5r man l\u00f8fter gassfoten. Skyver man girvelgeren frem \u00e9n gang til, velges &laquo;B&raquo; hvor bilen i stedet bremser og f\u00f8rer str\u00f8m tilbake til batteriene. Siden jeg er vant til \u00e5 kj\u00f8re med \u00e9n pedal, foretrekker jeg &laquo;B&raquo;. Jeg tviler p\u00e5 at den moderate regenerative bremsingen kan skape problemer p\u00e5 glatta.<br \/>\n&nbsp;<br \/>\nSom en generell regel kan det l\u00f8nne seg \u00e5 kj\u00f8re i &laquo;D&raquo; p\u00e5 motorveier og &laquo;B&raquo; i byen. Det siste gj\u00f8r at man kan kj\u00f8re smidig gjennom kryssene uten rykk og napp, som en gammel taxi. Har du forresten lagt merke til hvor popul\u00e6r ID.4 GTX er blitt i taxi-n\u00e6ringen?<\/p>\n<hr \/>\n<p>&nbsp;<br \/>\n<figure id=\"attachment_67053\" aria-describedby=\"caption-attachment-67053\" style=\"width: 1920px\" class=\"wp-caption aligncenter\"><a href=\"https:\/\/i0.wp.com\/terjebjornstad.com\/no\/wp-content\/uploads\/2023\/11\/volkswagen-id4-gtx-compartement-1920x1280-1.jpg?ssl=1\"><img data-recalc-dims=\"1\" loading=\"lazy\" decoding=\"async\" data-attachment-id=\"67053\" data-permalink=\"https:\/\/terjebjornstad.com\/no\/2023\/11\/15\/id-4-gtx-nar-vinteren-kommer\/volkswagen-id4-gtx-compartement-1920x1280\/\" data-orig-file=\"https:\/\/i0.wp.com\/terjebjornstad.com\/no\/wp-content\/uploads\/2023\/11\/volkswagen-id4-gtx-compartement-1920x1280-1.jpg?fit=1920%2C1280&amp;ssl=1\" data-orig-size=\"1920,1280\" data-comments-opened=\"1\" data-image-meta=\"{&quot;aperture&quot;:&quot;1.8&quot;,&quot;credit&quot;:&quot;&quot;,&quot;camera&quot;:&quot;DSC-RX100M3&quot;,&quot;caption&quot;:&quot;&quot;,&quot;created_timestamp&quot;:&quot;1699969358&quot;,&quot;copyright&quot;:&quot;&quot;,&quot;focal_length&quot;:&quot;8.8&quot;,&quot;iso&quot;:&quot;500&quot;,&quot;shutter_speed&quot;:&quot;0.025&quot;,&quot;title&quot;:&quot;&quot;,&quot;orientation&quot;:&quot;1&quot;}\" data-image-title=\"volkswagen-id4-gtx-compartement-1920&amp;#215;1280\" data-image-description=\"\" data-image-caption=\"&lt;p&gt;God plass i baksetet &amp;#8211; ogs\u00e5 bak meg som er 1,88 meter h\u00f8y.&lt;\/p&gt;\n\" data-large-file=\"https:\/\/i0.wp.com\/terjebjornstad.com\/no\/wp-content\/uploads\/2023\/11\/volkswagen-id4-gtx-compartement-1920x1280-1.jpg?fit=980%2C653&amp;ssl=1\" src=\"https:\/\/i0.wp.com\/terjebjornstad.com\/no\/wp-content\/uploads\/2023\/11\/volkswagen-id4-gtx-compartement-1920x1280-1.jpg?resize=980%2C653&#038;ssl=1\" alt=\"\" width=\"980\" height=\"653\" class=\"size-full wp-image-67053\" srcset=\"https:\/\/i0.wp.com\/terjebjornstad.com\/no\/wp-content\/uploads\/2023\/11\/volkswagen-id4-gtx-compartement-1920x1280-1.jpg?w=1920&amp;ssl=1 1920w, https:\/\/i0.wp.com\/terjebjornstad.com\/no\/wp-content\/uploads\/2023\/11\/volkswagen-id4-gtx-compartement-1920x1280-1.jpg?resize=300%2C200&amp;ssl=1 300w, https:\/\/i0.wp.com\/terjebjornstad.com\/no\/wp-content\/uploads\/2023\/11\/volkswagen-id4-gtx-compartement-1920x1280-1.jpg?resize=1080%2C720&amp;ssl=1 1080w, https:\/\/i0.wp.com\/terjebjornstad.com\/no\/wp-content\/uploads\/2023\/11\/volkswagen-id4-gtx-compartement-1920x1280-1.jpg?resize=768%2C512&amp;ssl=1 768w, https:\/\/i0.wp.com\/terjebjornstad.com\/no\/wp-content\/uploads\/2023\/11\/volkswagen-id4-gtx-compartement-1920x1280-1.jpg?resize=1536%2C1024&amp;ssl=1 1536w, https:\/\/i0.wp.com\/terjebjornstad.com\/no\/wp-content\/uploads\/2023\/11\/volkswagen-id4-gtx-compartement-1920x1280-1.jpg?resize=690%2C460&amp;ssl=1 690w, https:\/\/i0.wp.com\/terjebjornstad.com\/no\/wp-content\/uploads\/2023\/11\/volkswagen-id4-gtx-compartement-1920x1280-1.jpg?resize=980%2C653&amp;ssl=1 980w\" sizes=\"auto, (max-width: 980px) 100vw, 980px\" \/><\/a><figcaption id=\"caption-attachment-67053\" class=\"wp-caption-text\">God plass i baksetet &#8211; ogs\u00e5 bak meg som er 1,88 meter h\u00f8y.<\/figcaption><\/figure><br \/>\n&nbsp;<br \/>\n<figure id=\"attachment_67056\" aria-describedby=\"caption-attachment-67056\" style=\"width: 1920px\" class=\"wp-caption aligncenter\"><a href=\"https:\/\/i0.wp.com\/terjebjornstad.com\/no\/wp-content\/uploads\/2023\/11\/volkswagen-id4-gtx-luggage-1920x1280-1.jpg?ssl=1\"><img data-recalc-dims=\"1\" loading=\"lazy\" decoding=\"async\" data-attachment-id=\"67056\" data-permalink=\"https:\/\/terjebjornstad.com\/no\/2023\/11\/15\/id-4-gtx-nar-vinteren-kommer\/volkswagen-id4-gtx-luggage-1920x1280\/\" data-orig-file=\"https:\/\/i0.wp.com\/terjebjornstad.com\/no\/wp-content\/uploads\/2023\/11\/volkswagen-id4-gtx-luggage-1920x1280-1.jpg?fit=1920%2C1280&amp;ssl=1\" data-orig-size=\"1920,1280\" data-comments-opened=\"1\" data-image-meta=\"{&quot;aperture&quot;:&quot;1.8&quot;,&quot;credit&quot;:&quot;&quot;,&quot;camera&quot;:&quot;DSC-RX100M3&quot;,&quot;caption&quot;:&quot;&quot;,&quot;created_timestamp&quot;:&quot;1699969391&quot;,&quot;copyright&quot;:&quot;&quot;,&quot;focal_length&quot;:&quot;8.8&quot;,&quot;iso&quot;:&quot;800&quot;,&quot;shutter_speed&quot;:&quot;0.005&quot;,&quot;title&quot;:&quot;&quot;,&quot;orientation&quot;:&quot;1&quot;}\" data-image-title=\"volkswagen-id4-gtx-luggage-1920&amp;#215;1280\" data-image-description=\"\" data-image-caption=\"&lt;p&gt;God st\u00f8rrelse og skiluke&lt;\/p&gt;\n\" data-large-file=\"https:\/\/i0.wp.com\/terjebjornstad.com\/no\/wp-content\/uploads\/2023\/11\/volkswagen-id4-gtx-luggage-1920x1280-1.jpg?fit=980%2C653&amp;ssl=1\" src=\"https:\/\/i0.wp.com\/terjebjornstad.com\/no\/wp-content\/uploads\/2023\/11\/volkswagen-id4-gtx-luggage-1920x1280-1.jpg?resize=980%2C653&#038;ssl=1\" alt=\"\" width=\"980\" height=\"653\" class=\"size-full wp-image-67056\" srcset=\"https:\/\/i0.wp.com\/terjebjornstad.com\/no\/wp-content\/uploads\/2023\/11\/volkswagen-id4-gtx-luggage-1920x1280-1.jpg?w=1920&amp;ssl=1 1920w, https:\/\/i0.wp.com\/terjebjornstad.com\/no\/wp-content\/uploads\/2023\/11\/volkswagen-id4-gtx-luggage-1920x1280-1.jpg?resize=300%2C200&amp;ssl=1 300w, https:\/\/i0.wp.com\/terjebjornstad.com\/no\/wp-content\/uploads\/2023\/11\/volkswagen-id4-gtx-luggage-1920x1280-1.jpg?resize=1080%2C720&amp;ssl=1 1080w, https:\/\/i0.wp.com\/terjebjornstad.com\/no\/wp-content\/uploads\/2023\/11\/volkswagen-id4-gtx-luggage-1920x1280-1.jpg?resize=768%2C512&amp;ssl=1 768w, https:\/\/i0.wp.com\/terjebjornstad.com\/no\/wp-content\/uploads\/2023\/11\/volkswagen-id4-gtx-luggage-1920x1280-1.jpg?resize=1536%2C1024&amp;ssl=1 1536w, https:\/\/i0.wp.com\/terjebjornstad.com\/no\/wp-content\/uploads\/2023\/11\/volkswagen-id4-gtx-luggage-1920x1280-1.jpg?resize=690%2C460&amp;ssl=1 690w, https:\/\/i0.wp.com\/terjebjornstad.com\/no\/wp-content\/uploads\/2023\/11\/volkswagen-id4-gtx-luggage-1920x1280-1.jpg?resize=980%2C653&amp;ssl=1 980w\" sizes=\"auto, (max-width: 980px) 100vw, 980px\" \/><\/a><figcaption id=\"caption-attachment-67056\" class=\"wp-caption-text\">God st\u00f8rrelse og skiluke<\/figcaption><\/figure><br \/>\n&nbsp;<br \/>\n<figure id=\"attachment_67066\" aria-describedby=\"caption-attachment-67066\" style=\"width: 1920px\" class=\"wp-caption aligncenter\"><a href=\"https:\/\/i0.wp.com\/terjebjornstad.com\/no\/wp-content\/uploads\/2023\/11\/volkswagen-id4-gtx-ryggekamera-1920x1920-1-1.jpg?ssl=1\"><img data-recalc-dims=\"1\" loading=\"lazy\" decoding=\"async\" data-attachment-id=\"67066\" data-permalink=\"https:\/\/terjebjornstad.com\/no\/2023\/11\/15\/id-4-gtx-nar-vinteren-kommer\/volkswagen-id4-gtx-ryggekamera-1920x1920-1\/\" data-orig-file=\"https:\/\/i0.wp.com\/terjebjornstad.com\/no\/wp-content\/uploads\/2023\/11\/volkswagen-id4-gtx-ryggekamera-1920x1920-1-1.jpg?fit=1920%2C1920&amp;ssl=1\" data-orig-size=\"1920,1920\" data-comments-opened=\"1\" data-image-meta=\"{&quot;aperture&quot;:&quot;0&quot;,&quot;credit&quot;:&quot;&quot;,&quot;camera&quot;:&quot;&quot;,&quot;caption&quot;:&quot;&quot;,&quot;created_timestamp&quot;:&quot;0&quot;,&quot;copyright&quot;:&quot;&quot;,&quot;focal_length&quot;:&quot;0&quot;,&quot;iso&quot;:&quot;0&quot;,&quot;shutter_speed&quot;:&quot;0&quot;,&quot;title&quot;:&quot;&quot;,&quot;orientation&quot;:&quot;0&quot;}\" data-image-title=\"volkswagen-id4-gtx-ryggekamera-1920&amp;#215;1920-1\" data-image-description=\"\" data-image-caption=\"&lt;p&gt;Idyll fra Enerhaugen p\u00e5 Oslo. &lt;\/p&gt;\n\" data-large-file=\"https:\/\/i0.wp.com\/terjebjornstad.com\/no\/wp-content\/uploads\/2023\/11\/volkswagen-id4-gtx-ryggekamera-1920x1920-1-1.jpg?fit=980%2C980&amp;ssl=1\" src=\"https:\/\/i0.wp.com\/terjebjornstad.com\/no\/wp-content\/uploads\/2023\/11\/volkswagen-id4-gtx-ryggekamera-1920x1920-1-1.jpg?resize=980%2C980&#038;ssl=1\" alt=\"\" width=\"980\" height=\"980\" class=\"size-full wp-image-67066\" srcset=\"https:\/\/i0.wp.com\/terjebjornstad.com\/no\/wp-content\/uploads\/2023\/11\/volkswagen-id4-gtx-ryggekamera-1920x1920-1-1.jpg?w=1920&amp;ssl=1 1920w, https:\/\/i0.wp.com\/terjebjornstad.com\/no\/wp-content\/uploads\/2023\/11\/volkswagen-id4-gtx-ryggekamera-1920x1920-1-1.jpg?resize=300%2C300&amp;ssl=1 300w, https:\/\/i0.wp.com\/terjebjornstad.com\/no\/wp-content\/uploads\/2023\/11\/volkswagen-id4-gtx-ryggekamera-1920x1920-1-1.jpg?resize=1080%2C1080&amp;ssl=1 1080w, https:\/\/i0.wp.com\/terjebjornstad.com\/no\/wp-content\/uploads\/2023\/11\/volkswagen-id4-gtx-ryggekamera-1920x1920-1-1.jpg?resize=150%2C150&amp;ssl=1 150w, https:\/\/i0.wp.com\/terjebjornstad.com\/no\/wp-content\/uploads\/2023\/11\/volkswagen-id4-gtx-ryggekamera-1920x1920-1-1.jpg?resize=768%2C768&amp;ssl=1 768w, https:\/\/i0.wp.com\/terjebjornstad.com\/no\/wp-content\/uploads\/2023\/11\/volkswagen-id4-gtx-ryggekamera-1920x1920-1-1.jpg?resize=1536%2C1536&amp;ssl=1 1536w, https:\/\/i0.wp.com\/terjebjornstad.com\/no\/wp-content\/uploads\/2023\/11\/volkswagen-id4-gtx-ryggekamera-1920x1920-1-1.jpg?resize=690%2C690&amp;ssl=1 690w, https:\/\/i0.wp.com\/terjebjornstad.com\/no\/wp-content\/uploads\/2023\/11\/volkswagen-id4-gtx-ryggekamera-1920x1920-1-1.jpg?resize=980%2C980&amp;ssl=1 980w, https:\/\/i0.wp.com\/terjebjornstad.com\/no\/wp-content\/uploads\/2023\/11\/volkswagen-id4-gtx-ryggekamera-1920x1920-1-1.jpg?resize=50%2C50&amp;ssl=1 50w\" sizes=\"auto, (max-width: 980px) 100vw, 980px\" \/><\/a><figcaption id=\"caption-attachment-67066\" class=\"wp-caption-text\">Idyll fra Enerhaugen p\u00e5 Oslo.<\/figcaption><\/figure><\/p>\n<h3 class=\"tebh2_first\">Familiebil<\/h3>\n<p>Som familiebil holder det ikke bare med lang rekkevidde og 4-hjulstrekk. Man m\u00e5 ogs\u00e5 ha <em>plass<\/em>. Jeg tror mange har byttet inn sin gamle Passat eller Tiguan for en ny ID.4. De vil neppe f\u00e5 noen negative opplevelser med hensyn til plass. Med mulighet for \u00e5 montere takboks og 4-hjulstrekk er ID.4 GTX en flott hyttebil. GTX kan trekke henger p\u00e5 1200 kg, 200 kg mer enn biler med bakhjulsdrift. <\/p>\n<h3 class=\"tebh2\">Rekkevidde<\/h3>\n<p>Rekkevidden p\u00e5 GTX er fortsatt lavere enn p\u00e5 bakhjulsdrevne modeller, men cirka 500 km p\u00e5 papiret gir en reell rekkevidde p\u00e5 cirka 400 km &#8211; noe som betyr at man b\u00f8r lade omkring 300 km, eller etter 3 timer p\u00e5 veien. Dette er p\u00e5 h\u00f8yde med de beste &#8211; og legger ingen begrensinger verken i daglig bruk eller p\u00e5 langkj\u00f8ring. Oppgitt rekkevidde p\u00e5 &laquo;min&raquo; bil er 496 km. P\u00e5 min tur brukte jeg anstendige 22 prosent av batterikapasiteten &#8211; 90 km p\u00e5 t\u00f8rre veier med utetemperatur p\u00e5 0 grader og 21,5 grader inne.<\/p>\n<h3 class=\"tebh2\">2024-modellen f\u00e5r nye motorer<\/h3>\n<p>&laquo;Min&raquo; ID.4 var registrert tidligere i \u00e5r. Bestiller du en ny ID.4 n\u00e5, f\u00e5r du 2024-modellen. Etter hva jeg kan se, er det ingen utvendige endringer, men begge elmotorene skal v\u00e6re oppgradert &#8211; flere hestekrefter og bedre rekkevidde, n\u00e6rmere bestemt 340 hk i stedet for 299 og rekkevidde p\u00e5 512 km i stedet for 496. Man f\u00e5r ogs\u00e5 nytt ratt med varme, ny girvelger og nye felger. Infotainment-systemet skal ha f\u00e5tt st\u00f8rre skjerm og kanskje bedre funksjonalitet. Dagens system har nemlig f\u00e5tt mye kritikk av bilpressen for blant annet \u00e5 v\u00e6re for tregt. Jeg greidde i alle fall \u00e5 velge radiostasjon og f\u00e5 navigasjonssystemet til \u00e5 guide meg tilbake til bilens faste parkeringsplass.<\/p>\n<hr \/>\n<p>&nbsp;<\/p>\n<blockquote><p>For de som lurer p\u00e5 om 4-hjulstrekk har noe for seg p\u00e5 vinterf\u00f8re, er det bare \u00e5 tenke p\u00e5 sporete, d\u00e5rlig br\u00f8ytede veier med render av sn\u00f8 og slaps mellom hjulsporene og m\u00f8tende trafikk. God tur med trekk p\u00e5 alle hjul!<\/p><\/blockquote>\n\n<figure id=\"attachment_67059\" aria-describedby=\"caption-attachment-67059\" style=\"width: 1920px\" class=\"wp-caption aligncenter\"><a href=\"https:\/\/i0.wp.com\/terjebjornstad.com\/no\/wp-content\/uploads\/2023\/11\/volkswagen-id4-gtx-rear-1920x1280-1.jpg?ssl=1\"><img data-recalc-dims=\"1\" loading=\"lazy\" decoding=\"async\" data-attachment-id=\"67059\" data-permalink=\"https:\/\/terjebjornstad.com\/no\/2023\/11\/15\/id-4-gtx-nar-vinteren-kommer\/volkswagen-id4-gtx-rear-1920x1280\/\" data-orig-file=\"https:\/\/i0.wp.com\/terjebjornstad.com\/no\/wp-content\/uploads\/2023\/11\/volkswagen-id4-gtx-rear-1920x1280-1.jpg?fit=1920%2C1280&amp;ssl=1\" data-orig-size=\"1920,1280\" data-comments-opened=\"1\" data-image-meta=\"{&quot;aperture&quot;:&quot;0&quot;,&quot;credit&quot;:&quot;&quot;,&quot;camera&quot;:&quot;&quot;,&quot;caption&quot;:&quot;&quot;,&quot;created_timestamp&quot;:&quot;0&quot;,&quot;copyright&quot;:&quot;&quot;,&quot;focal_length&quot;:&quot;0&quot;,&quot;iso&quot;:&quot;0&quot;,&quot;shutter_speed&quot;:&quot;0&quot;,&quot;title&quot;:&quot;&quot;,&quot;orientation&quot;:&quot;0&quot;}\" data-image-title=\"volkswagen-id4-gtx-rear-1920&amp;#215;1280\" data-image-description=\"\" data-image-caption=\"&lt;p&gt;Fint baklysarrangement&lt;\/p&gt;\n\" data-large-file=\"https:\/\/i0.wp.com\/terjebjornstad.com\/no\/wp-content\/uploads\/2023\/11\/volkswagen-id4-gtx-rear-1920x1280-1.jpg?fit=980%2C653&amp;ssl=1\" src=\"https:\/\/i0.wp.com\/terjebjornstad.com\/no\/wp-content\/uploads\/2023\/11\/volkswagen-id4-gtx-rear-1920x1280-1.jpg?resize=980%2C653&#038;ssl=1\" alt=\"\" width=\"980\" height=\"653\" class=\"size-full wp-image-67059\" srcset=\"https:\/\/i0.wp.com\/terjebjornstad.com\/no\/wp-content\/uploads\/2023\/11\/volkswagen-id4-gtx-rear-1920x1280-1.jpg?w=1920&amp;ssl=1 1920w, https:\/\/i0.wp.com\/terjebjornstad.com\/no\/wp-content\/uploads\/2023\/11\/volkswagen-id4-gtx-rear-1920x1280-1.jpg?resize=300%2C200&amp;ssl=1 300w, https:\/\/i0.wp.com\/terjebjornstad.com\/no\/wp-content\/uploads\/2023\/11\/volkswagen-id4-gtx-rear-1920x1280-1.jpg?resize=1080%2C720&amp;ssl=1 1080w, https:\/\/i0.wp.com\/terjebjornstad.com\/no\/wp-content\/uploads\/2023\/11\/volkswagen-id4-gtx-rear-1920x1280-1.jpg?resize=768%2C512&amp;ssl=1 768w, https:\/\/i0.wp.com\/terjebjornstad.com\/no\/wp-content\/uploads\/2023\/11\/volkswagen-id4-gtx-rear-1920x1280-1.jpg?resize=1536%2C1024&amp;ssl=1 1536w, https:\/\/i0.wp.com\/terjebjornstad.com\/no\/wp-content\/uploads\/2023\/11\/volkswagen-id4-gtx-rear-1920x1280-1.jpg?resize=690%2C460&amp;ssl=1 690w, https:\/\/i0.wp.com\/terjebjornstad.com\/no\/wp-content\/uploads\/2023\/11\/volkswagen-id4-gtx-rear-1920x1280-1.jpg?resize=980%2C653&amp;ssl=1 980w\" sizes=\"auto, (max-width: 980px) 100vw, 980px\" \/><\/a><figcaption id=\"caption-attachment-67059\" class=\"wp-caption-text\">Fint baklysarrangement<\/figcaption><\/figure>\n<p>&nbsp;<\/p>\n<h3 class=\"tebh2_first\">Fakta ID.4 GTX (2023)<\/h3>\n<p><strong>M\u00e5l og vekt<\/strong><br \/>\nLengde, bredde, h\u00f8yde: 458 \/ 185 \/ 164 cm<br \/>\nAkselavstand: 277 cm<br \/>\nEgenvekt: 2216 kg (uten f\u00f8rer)<br \/>\nAntall seter: 5<br \/>\nMaks hengervekt m\/bremser: 1200 kg<br \/>\n&#8211; u\/bremser: 750 kg<br \/>\nBagasjerom: 543 liter<br \/>\nTaklast: 75 kg<\/p>\n<p><strong>Drivverk<\/strong><br \/>\nBatteripakke: Lithium Ion, 77 Kwh fra LG Chem, Polen<br \/>\nMotor 1: Elektrisk, plassert i bakakslingen, 204 hk, 545 Nm<br \/>\nMotor 2: Elektrisk, plassert foran, 109 hk, 134 Nm<br \/>\nSamlet effekt: 299 HK<br \/>\nGirkasse: Trinnl\u00f8s.<br \/>\n4-hjulstrekk.<\/p>\n<p><strong>Ytelser<\/strong><br \/>\nToppfart: 180 km\/t<br \/>\n0-100: 6,2 sekunder<\/p>\n<p><strong>Rekkevidde<\/strong><br \/>\nWLTP: 496 km<br \/>\nEgen m\u00e5ling: 391 &#8211; 409 km, rolig landevei ved 0 grader.<\/p>\n<p><strong>Dekk<\/strong><br \/>\nType: Vinterdekk uten pigger<br \/>\nMerke: Yokohama IceGUARD G075<\/p>\n<p><strong>Pris<\/strong><br \/>\nID.4 GTX: 509 900 (kampanjetilbud)<\/p>\n<p><strong>Om bilen<\/strong><br \/>\nProduksjonssted: Emden, Tyskland<br \/>\nEier: Hertz Bildeling<br \/>\nModell: 2023<br \/>\nKm-stand: 9259<br \/>\nKm kj\u00f8rt: 90<\/p>\n<p><strong>Smilefjes og surfjes<\/strong><br \/>\n\ud83d\ude42 Rekkevidde, 4-hjulstrekk, plass<br \/>\n\ud83d\ude41 Vag styring og treg gassrespons i Comfort<\/p>\n<p><strong>Kilder<\/strong><br \/>\n<a href=\"https:\/\/www.vegvesen.no\/\" target=\"_blank\" rel=\"noopener noreferrer\"><strong>Vegvesen.no<\/strong><\/a><br \/>\n<a href=\"https:\/\/volkswagen.no\" target=\"_blank\" rel=\"noopener noreferrer\"><strong>Volkswagen.no<\/strong><\/a><\/p>\n<p>&nbsp;<br \/>\n<figure id=\"attachment_67063\" aria-describedby=\"caption-attachment-67063\" style=\"width: 1920px\" class=\"wp-caption aligncenter\"><a href=\"https:\/\/i0.wp.com\/terjebjornstad.com\/no\/wp-content\/uploads\/2023\/11\/2023-volkswagen-id4-gtx-1920x1280-1.jpg?ssl=1\"><img data-recalc-dims=\"1\" loading=\"lazy\" decoding=\"async\" data-attachment-id=\"67063\" data-permalink=\"https:\/\/terjebjornstad.com\/no\/2023\/11\/15\/id-4-gtx-nar-vinteren-kommer\/2023-volkswagen-id4-gtx-1920x1280\/\" data-orig-file=\"https:\/\/i0.wp.com\/terjebjornstad.com\/no\/wp-content\/uploads\/2023\/11\/2023-volkswagen-id4-gtx-1920x1280-1.jpg?fit=1920%2C1280&amp;ssl=1\" data-orig-size=\"1920,1280\" data-comments-opened=\"1\" data-image-meta=\"{&quot;aperture&quot;:&quot;0&quot;,&quot;credit&quot;:&quot;&quot;,&quot;camera&quot;:&quot;&quot;,&quot;caption&quot;:&quot;&quot;,&quot;created_timestamp&quot;:&quot;0&quot;,&quot;copyright&quot;:&quot;&quot;,&quot;focal_length&quot;:&quot;0&quot;,&quot;iso&quot;:&quot;0&quot;,&quot;shutter_speed&quot;:&quot;0&quot;,&quot;title&quot;:&quot;&quot;,&quot;orientation&quot;:&quot;0&quot;}\" data-image-title=\"2023-volkswagen-id4-gtx-1920&amp;#215;1280\" data-image-description=\"\" data-image-caption=\"&lt;p&gt;Volkswagen ID.4 vil v\u00e6re kurant i mange \u00e5r&lt;\/p&gt;\n\" data-large-file=\"https:\/\/i0.wp.com\/terjebjornstad.com\/no\/wp-content\/uploads\/2023\/11\/2023-volkswagen-id4-gtx-1920x1280-1.jpg?fit=980%2C653&amp;ssl=1\" src=\"https:\/\/i0.wp.com\/terjebjornstad.com\/no\/wp-content\/uploads\/2023\/11\/2023-volkswagen-id4-gtx-1920x1280-1.jpg?resize=980%2C653&#038;ssl=1\" alt=\"\" width=\"980\" height=\"653\" class=\"size-full wp-image-67063\" srcset=\"https:\/\/i0.wp.com\/terjebjornstad.com\/no\/wp-content\/uploads\/2023\/11\/2023-volkswagen-id4-gtx-1920x1280-1.jpg?w=1920&amp;ssl=1 1920w, https:\/\/i0.wp.com\/terjebjornstad.com\/no\/wp-content\/uploads\/2023\/11\/2023-volkswagen-id4-gtx-1920x1280-1.jpg?resize=300%2C200&amp;ssl=1 300w, https:\/\/i0.wp.com\/terjebjornstad.com\/no\/wp-content\/uploads\/2023\/11\/2023-volkswagen-id4-gtx-1920x1280-1.jpg?resize=1080%2C720&amp;ssl=1 1080w, https:\/\/i0.wp.com\/terjebjornstad.com\/no\/wp-content\/uploads\/2023\/11\/2023-volkswagen-id4-gtx-1920x1280-1.jpg?resize=768%2C512&amp;ssl=1 768w, https:\/\/i0.wp.com\/terjebjornstad.com\/no\/wp-content\/uploads\/2023\/11\/2023-volkswagen-id4-gtx-1920x1280-1.jpg?resize=1536%2C1024&amp;ssl=1 1536w, https:\/\/i0.wp.com\/terjebjornstad.com\/no\/wp-content\/uploads\/2023\/11\/2023-volkswagen-id4-gtx-1920x1280-1.jpg?resize=690%2C460&amp;ssl=1 690w, https:\/\/i0.wp.com\/terjebjornstad.com\/no\/wp-content\/uploads\/2023\/11\/2023-volkswagen-id4-gtx-1920x1280-1.jpg?resize=980%2C653&amp;ssl=1 980w\" sizes=\"auto, (max-width: 980px) 100vw, 980px\" \/><\/a><figcaption id=\"caption-attachment-67063\" class=\"wp-caption-text\">Volkswagen ID.4 vil v\u00e6re kurant i mange \u00e5r<\/figcaption><\/figure><\/p>\n<h3 class=\"tebh2\">Se ogs\u00e5<\/h3>\n<p><figure id=\"attachment_41172\" aria-describedby=\"caption-attachment-41172\" style=\"width: 150px\" class=\"wp-caption alignleft\"><a href=\"https:\/\/terjebjornstad.com\/no\/2021\/06\/18\/id-4-gir-mye-rekkevidde-for-pengene\/\"><img data-recalc-dims=\"1\" loading=\"lazy\" decoding=\"async\" data-attachment-id=\"41172\" data-permalink=\"https:\/\/terjebjornstad.com\/no\/2021\/07\/15\/skoda-enyaq-iv80-pa-hoyde-med-de-beste\/id4-235\/\" data-orig-file=\"https:\/\/i0.wp.com\/terjebjornstad.com\/no\/wp-content\/uploads\/2021\/06\/id4-235.png?fit=235%2C235&amp;ssl=1\" data-orig-size=\"235,235\" data-comments-opened=\"1\" data-image-meta=\"{&quot;aperture&quot;:&quot;0&quot;,&quot;credit&quot;:&quot;&quot;,&quot;camera&quot;:&quot;&quot;,&quot;caption&quot;:&quot;&quot;,&quot;created_timestamp&quot;:&quot;0&quot;,&quot;copyright&quot;:&quot;&quot;,&quot;focal_length&quot;:&quot;0&quot;,&quot;iso&quot;:&quot;0&quot;,&quot;shutter_speed&quot;:&quot;0&quot;,&quot;title&quot;:&quot;&quot;,&quot;orientation&quot;:&quot;0&quot;}\" data-image-title=\"id4-235\" data-image-description=\"\" data-image-caption=\"&lt;p&gt;Volkswagen ID.4 &amp;#8211; Lang rekkevidde&lt;\/p&gt;\n\" data-large-file=\"https:\/\/i0.wp.com\/terjebjornstad.com\/no\/wp-content\/uploads\/2021\/06\/id4-235.png?fit=235%2C235&amp;ssl=1\" src=\"https:\/\/i0.wp.com\/terjebjornstad.com\/no\/wp-content\/uploads\/2021\/06\/id4-235.png?resize=150%2C150&#038;ssl=1\" alt=\"id.4 gtx\" width=\"150\" height=\"150\" class=\"size-thumbnail wp-image-41172\" srcset=\"https:\/\/i0.wp.com\/terjebjornstad.com\/no\/wp-content\/uploads\/2021\/06\/id4-235.png?resize=150%2C150&amp;ssl=1 150w, https:\/\/i0.wp.com\/terjebjornstad.com\/no\/wp-content\/uploads\/2021\/06\/id4-235.png?resize=50%2C50&amp;ssl=1 50w, https:\/\/i0.wp.com\/terjebjornstad.com\/no\/wp-content\/uploads\/2021\/06\/id4-235.png?w=235&amp;ssl=1 235w\" sizes=\"auto, (max-width: 150px) 100vw, 150px\" \/><\/a><figcaption id=\"caption-attachment-41172\" class=\"wp-caption-text\">Volkswagen ID.4 &#8211; Lang rekkevidde<\/figcaption><\/figure><figure id=\"attachment_65277\" aria-describedby=\"caption-attachment-65277\" style=\"width: 150px\" class=\"wp-caption alignleft\"><a href=\"https:\/\/terjebjornstad.com\/no\/2023\/10\/31\/ford-explorer-verdt-a-vente\/\"><img data-recalc-dims=\"1\" loading=\"lazy\" decoding=\"async\" data-attachment-id=\"65277\" data-permalink=\"https:\/\/terjebjornstad.com\/no\/2023\/10\/31\/ford-explorer-verdt-a-vente\/ford-explorer-1-1920x1280-1\/\" data-orig-file=\"https:\/\/i0.wp.com\/terjebjornstad.com\/no\/wp-content\/uploads\/2023\/10\/ford-explorer-1-1920x1280-1-1.jpg?fit=1920%2C1280&amp;ssl=1\" data-orig-size=\"1920,1280\" data-comments-opened=\"1\" data-image-meta=\"{&quot;aperture&quot;:&quot;0&quot;,&quot;credit&quot;:&quot;&quot;,&quot;camera&quot;:&quot;&quot;,&quot;caption&quot;:&quot;&quot;,&quot;created_timestamp&quot;:&quot;0&quot;,&quot;copyright&quot;:&quot;&quot;,&quot;focal_length&quot;:&quot;0&quot;,&quot;iso&quot;:&quot;0&quot;,&quot;shutter_speed&quot;:&quot;0&quot;,&quot;title&quot;:&quot;&quot;,&quot;orientation&quot;:&quot;0&quot;}\" data-image-title=\"ford-explorer-1-1920&amp;#215;1280-1\" data-image-description=\"\" data-image-caption=\"&lt;div class=&quot;tebingresw&quot;&gt;\n&lt;h2 class=&quot;tebh2ingresw&quot;&gt;&amp;nbsp;&lt;br \/&gt;Ford Explorer &amp;#8211; verdt \u00e5 vente?&lt;\/h2&gt;\n&lt;p&gt;De f\u00f8rste bilene av Fords nye Explorer kan trolig leveres fra juni neste \u00e5r. Ford Norge regner med \u00e5 \u00e5pne for bestilling til v\u00e5ren. Vi har fors\u00f8kt \u00e5 titte Ford i kortene. Er det verdt \u00e5 vente? &lt;a href=&quot;https:\/\/terjebjornstad.com\/no\/2023\/10\/31\/ford-explorer-verdt-a-vente\/&quot;&gt;&lt;strong&gt;Se mer&lt;\/strong&gt;&lt;\/a&gt;&lt;br \/&gt;&amp;nbsp;&lt;\/div&gt;\n\" data-large-file=\"https:\/\/i0.wp.com\/terjebjornstad.com\/no\/wp-content\/uploads\/2023\/10\/ford-explorer-1-1920x1280-1-1.jpg?fit=980%2C653&amp;ssl=1\" src=\"https:\/\/i0.wp.com\/terjebjornstad.com\/no\/wp-content\/uploads\/2023\/10\/ford-explorer-1-1920x1280-1-1.jpg?resize=150%2C150&#038;ssl=1\" alt=\"id.4 gtx\" width=\"150\" height=\"150\" class=\"size-thumbnail wp-image-65277\" srcset=\"https:\/\/i0.wp.com\/terjebjornstad.com\/no\/wp-content\/uploads\/2023\/10\/ford-explorer-1-1920x1280-1-1.jpg?resize=150%2C150&amp;ssl=1 150w, https:\/\/i0.wp.com\/terjebjornstad.com\/no\/wp-content\/uploads\/2023\/10\/ford-explorer-1-1920x1280-1-1.jpg?resize=50%2C50&amp;ssl=1 50w, https:\/\/i0.wp.com\/terjebjornstad.com\/no\/wp-content\/uploads\/2023\/10\/ford-explorer-1-1920x1280-1-1.jpg?zoom=2&amp;resize=150%2C150&amp;ssl=1 300w, https:\/\/i0.wp.com\/terjebjornstad.com\/no\/wp-content\/uploads\/2023\/10\/ford-explorer-1-1920x1280-1-1.jpg?zoom=3&amp;resize=150%2C150&amp;ssl=1 450w\" sizes=\"auto, (max-width: 150px) 100vw, 150px\" \/><\/a><figcaption id=\"caption-attachment-65277\" class=\"wp-caption-text\">Ford Explorer &#8211; verdt \u00e5 vente?<\/figcaption><\/figure><figure id=\"attachment_55772\" aria-describedby=\"caption-attachment-55772\" style=\"width: 150px\" class=\"wp-caption alignleft\"><a href=\"https:\/\/terjebjornstad.com\/no\/2023\/01\/08\/elbil-pa-glatta-regenerativ-brems\/\"><img data-recalc-dims=\"1\" loading=\"lazy\" decoding=\"async\" data-attachment-id=\"55772\" data-permalink=\"https:\/\/terjebjornstad.com\/no\/2023\/01\/08\/elbil-pa-glatta-regenerativ-brems\/depositphotos_543913978_l\/\" data-orig-file=\"https:\/\/i0.wp.com\/terjebjornstad.com\/no\/wp-content\/uploads\/2023\/01\/Depositphotos_543913978_L.jpg?fit=2000%2C1331&amp;ssl=1\" data-orig-size=\"2000,1331\" data-comments-opened=\"1\" data-image-meta=\"{&quot;aperture&quot;:&quot;5.6&quot;,&quot;credit&quot;:&quot;BUBLIK_POLINA&quot;,&quot;camera&quot;:&quot;NIKON Z 6&quot;,&quot;caption&quot;:&quot;&quot;,&quot;created_timestamp&quot;:&quot;1642331336&quot;,&quot;copyright&quot;:&quot;&quot;,&quot;focal_length&quot;:&quot;50&quot;,&quot;iso&quot;:&quot;400&quot;,&quot;shutter_speed&quot;:&quot;0.008&quot;,&quot;title&quot;:&quot;&quot;,&quot;orientation&quot;:&quot;0&quot;}\" data-image-title=\"Depositphotos_543913978_L\" data-image-description=\"\" data-image-caption=\"&lt;p&gt;Elbil p\u00e5 glatta&lt;\/p&gt;\n\" data-large-file=\"https:\/\/i0.wp.com\/terjebjornstad.com\/no\/wp-content\/uploads\/2023\/01\/Depositphotos_543913978_L.jpg?fit=980%2C652&amp;ssl=1\" src=\"https:\/\/i0.wp.com\/terjebjornstad.com\/no\/wp-content\/uploads\/2023\/01\/Depositphotos_543913978_L.jpg?resize=150%2C150&#038;ssl=1\" alt=\"\" width=\"150\" height=\"150\" class=\"size-thumbnail wp-image-55772\" srcset=\"https:\/\/i0.wp.com\/terjebjornstad.com\/no\/wp-content\/uploads\/2023\/01\/Depositphotos_543913978_L.jpg?resize=150%2C150&amp;ssl=1 150w, https:\/\/i0.wp.com\/terjebjornstad.com\/no\/wp-content\/uploads\/2023\/01\/Depositphotos_543913978_L.jpg?resize=50%2C50&amp;ssl=1 50w, https:\/\/i0.wp.com\/terjebjornstad.com\/no\/wp-content\/uploads\/2023\/01\/Depositphotos_543913978_L.jpg?zoom=2&amp;resize=150%2C150&amp;ssl=1 300w, https:\/\/i0.wp.com\/terjebjornstad.com\/no\/wp-content\/uploads\/2023\/01\/Depositphotos_543913978_L.jpg?zoom=3&amp;resize=150%2C150&amp;ssl=1 450w\" sizes=\"auto, (max-width: 150px) 100vw, 150px\" \/><\/a><figcaption id=\"caption-attachment-55772\" class=\"wp-caption-text\">Elbil p\u00e5 glatta<\/figcaption><\/figure><\/p>\n<h6><\/h6>\n<p><a href=\"https:\/\/www.hertzbilpool.no\/\" target=\"_blank\" rel=\"noopener\"><strong>Hertzbildeling.no<\/strong><\/a><br \/>\n<a href=\"https:\/\/www.volkswagen.no\/\" target=\"_blank\" rel=\"noopener\"><strong>Volkswagen.no<\/strong><\/a><br \/>\n<a href=\"https:\/\/terjebjornstad.com\/no\/hvordan-vi-tester-biler-testene\/\"><strong>Hvordan vi tester bilene<\/strong><\/a><\/p>\n<h6><\/h6>\n<\/div>\n","protected":false,"gt_translate_keys":[{"key":"rendered","format":"html"}]},"excerpt":{"rendered":"<p>De to viktigste egenskapene en elbil b\u00f8r ha, er lang rekkevidde og 4-hjulstrekk. Begge deler sikrer at du kommer helt frem. Det siste kan ogs\u00e5 redde liv. Ja takk, begge deler Da vi kj\u00f8rte ID.4 for tre \u00e5r siden, var det en &laquo;long range&raquo; versjon uten 4-hjulstrekk. ID.4 GTX var nettopp sluppet ut p\u00e5 markedet [&hellip;]<\/p>\n","protected":false,"gt_translate_keys":[{"key":"rendered","format":"html"}]},"author":1,"featured_media":67058,"comment_status":"open","ping_status":"open","sticky":false,"template":"","format":"standard","meta":{"_monsterinsights_skip_tracking":false,"_monsterinsights_sitenote_active":false,"_monsterinsights_sitenote_note":"","_monsterinsights_sitenote_category":0,"jetpack_post_was_ever_published":false,"_jetpack_newsletter_access":"","_jetpack_dont_email_post_to_subs":false,"_jetpack_newsletter_tier_id":0,"_jetpack_memberships_contains_paywalled_content":false,"_jetpack_memberships_contains_paid_content":false,"footnotes":"","jetpack_publicize_message":"","jetpack_publicize_feature_enabled":true,"jetpack_social_post_already_shared":true,"jetpack_social_options":{"image_generator_settings":{"template":"highway","default_image_id":0,"font":"","enabled":false},"version":2}},"categories":[3621,4906],"tags":[4907,3627,4909,4908,4916,3625,3629,4917,4912,4913,4910,4911],"class_list":["post-67061","post","type-post","status-publish","format-standard","has-post-thumbnail","hentry","category-id-4","category-id-4-gtx","tag-gtx","tag-id-4","tag-id-4-erfaring","tag-id-4-gtx","tag-id-4-gtx-test","tag-id-4-rekkevidde","tag-id4","tag-test-id-4-gtx","tag-volkswagen-id-4","tag-volkswagen-id-4-gtx","tag-vw-id-4","tag-vw-id-4-gtx"],"yoast_head":"<!-- This site is optimized with the Yoast SEO plugin v27.5 - https:\/\/yoast.com\/product\/yoast-seo-wordpress\/ -->\n<title>ID.4 GTX n\u00e5r vinteren kommer - Terjes biler<\/title>\n<meta name=\"description\" content=\"ID.4 GTX har de viktigste egenskapene en elbil b\u00f8r ha - lang rekkevidde og 4-hjulstrekk. Begge deler gj\u00f8r at du kommer frem om vinteren.\" \/>\n<meta name=\"robots\" content=\"index, follow, max-snippet:-1, max-image-preview:large, max-video-preview:-1\" \/>\n<link rel=\"canonical\" href=\"https:\/\/terjebjornstad.com\/no\/2023\/11\/15\/id-4-gtx-nar-vinteren-kommer\/\" \/>\n<meta property=\"og:locale\" content=\"nb_NO\" \/>\n<meta property=\"og:type\" content=\"article\" \/>\n<meta property=\"og:title\" content=\"ID.4 GTX n\u00e5r vinteren kommer - Terjes biler\" \/>\n<meta property=\"og:description\" content=\"ID.4 GTX har de viktigste egenskapene en elbil b\u00f8r ha - lang rekkevidde og 4-hjulstrekk. Begge deler gj\u00f8r at du kommer frem om vinteren.\" \/>\n<meta property=\"og:url\" content=\"https:\/\/terjebjornstad.com\/no\/2023\/11\/15\/id-4-gtx-nar-vinteren-kommer\/\" \/>\n<meta property=\"og:site_name\" content=\"Terjes biler\" \/>\n<meta property=\"article:publisher\" content=\"https:\/\/www.facebook.com\/terjesbiler\/\" \/>\n<meta property=\"article:author\" content=\"https:\/\/www.facebook.com\/terjesbiler\" \/>\n<meta property=\"article:published_time\" content=\"2023-11-15T20:16:33+00:00\" \/>\n<meta property=\"article:modified_time\" content=\"2026-03-14T23:39:23+00:00\" \/>\n<meta property=\"og:image\" content=\"https:\/\/terjebjornstad.com\/no\/wp-content\/uploads\/2023\/11\/volkswagen-id4-gtx-profil-1920x1280-1.jpg\" \/>\n\t<meta property=\"og:image:width\" content=\"1920\" \/>\n\t<meta property=\"og:image:height\" content=\"1280\" \/>\n\t<meta property=\"og:image:type\" content=\"image\/jpeg\" \/>\n<meta name=\"author\" content=\"Terje Bj\u00f8rnstad\" \/>\n<meta name=\"twitter:card\" content=\"summary_large_image\" \/>\n<meta name=\"twitter:label1\" content=\"Skrevet av\" \/>\n\t<meta name=\"twitter:data1\" content=\"Terje Bj\u00f8rnstad\" \/>\n\t<meta name=\"twitter:label2\" content=\"Ansl. lesetid\" \/>\n\t<meta name=\"twitter:data2\" content=\"9 minutter\" \/>\n<script type=\"application\/ld+json\" class=\"yoast-schema-graph\">{\"@context\":\"https:\\\/\\\/schema.org\",\"@graph\":[{\"@type\":\"Article\",\"@id\":\"https:\\\/\\\/terjebjornstad.com\\\/no\\\/2023\\\/11\\\/15\\\/id-4-gtx-nar-vinteren-kommer\\\/#article\",\"isPartOf\":{\"@id\":\"https:\\\/\\\/terjebjornstad.com\\\/no\\\/2023\\\/11\\\/15\\\/id-4-gtx-nar-vinteren-kommer\\\/\"},\"author\":{\"name\":\"Terje Bj\u00f8rnstad\",\"@id\":\"https:\\\/\\\/terjebjornstad.com\\\/no\\\/#\\\/schema\\\/person\\\/a281f6a6e0f3cc9fe468e7f0c655aa65\"},\"headline\":\"ID.4 GTX n\u00e5r vinteren kommer\",\"datePublished\":\"2023-11-15T20:16:33+00:00\",\"dateModified\":\"2026-03-14T23:39:23+00:00\",\"mainEntityOfPage\":{\"@id\":\"https:\\\/\\\/terjebjornstad.com\\\/no\\\/2023\\\/11\\\/15\\\/id-4-gtx-nar-vinteren-kommer\\\/\"},\"wordCount\":1315,\"commentCount\":0,\"publisher\":{\"@id\":\"https:\\\/\\\/terjebjornstad.com\\\/no\\\/#organization\"},\"image\":{\"@id\":\"https:\\\/\\\/terjebjornstad.com\\\/no\\\/2023\\\/11\\\/15\\\/id-4-gtx-nar-vinteren-kommer\\\/#primaryimage\"},\"thumbnailUrl\":\"https:\\\/\\\/i0.wp.com\\\/terjebjornstad.com\\\/no\\\/wp-content\\\/uploads\\\/2023\\\/11\\\/volkswagen-id4-gtx-profil-1920x1280-1.jpg?fit=1920%2C1280&ssl=1\",\"keywords\":[\"GTX\",\"ID.4\",\"ID.4 erfaring\",\"ID.4 GTX\",\"ID.4 GTX Test\",\"ID.4 rekkevidde\",\"ID4\",\"Test ID.4 GTX\",\"Volkswagen ID.4\",\"Volkswagen ID.4 GTX\",\"VW ID.4\",\"VW ID.4 GTX\"],\"articleSection\":[\"ID.4\",\"ID.4 GTX\"],\"inLanguage\":\"nb-NO\",\"potentialAction\":[{\"@type\":\"CommentAction\",\"name\":\"Comment\",\"target\":[\"https:\\\/\\\/terjebjornstad.com\\\/no\\\/2023\\\/11\\\/15\\\/id-4-gtx-nar-vinteren-kommer\\\/#respond\"]}]},{\"@type\":\"WebPage\",\"@id\":\"https:\\\/\\\/terjebjornstad.com\\\/no\\\/2023\\\/11\\\/15\\\/id-4-gtx-nar-vinteren-kommer\\\/\",\"url\":\"https:\\\/\\\/terjebjornstad.com\\\/no\\\/2023\\\/11\\\/15\\\/id-4-gtx-nar-vinteren-kommer\\\/\",\"name\":\"ID.4 GTX n\u00e5r vinteren kommer - Terjes biler\",\"isPartOf\":{\"@id\":\"https:\\\/\\\/terjebjornstad.com\\\/no\\\/#website\"},\"primaryImageOfPage\":{\"@id\":\"https:\\\/\\\/terjebjornstad.com\\\/no\\\/2023\\\/11\\\/15\\\/id-4-gtx-nar-vinteren-kommer\\\/#primaryimage\"},\"image\":{\"@id\":\"https:\\\/\\\/terjebjornstad.com\\\/no\\\/2023\\\/11\\\/15\\\/id-4-gtx-nar-vinteren-kommer\\\/#primaryimage\"},\"thumbnailUrl\":\"https:\\\/\\\/i0.wp.com\\\/terjebjornstad.com\\\/no\\\/wp-content\\\/uploads\\\/2023\\\/11\\\/volkswagen-id4-gtx-profil-1920x1280-1.jpg?fit=1920%2C1280&ssl=1\",\"datePublished\":\"2023-11-15T20:16:33+00:00\",\"dateModified\":\"2026-03-14T23:39:23+00:00\",\"description\":\"ID.4 GTX har de viktigste egenskapene en elbil b\u00f8r ha - lang rekkevidde og 4-hjulstrekk. Begge deler gj\u00f8r at du kommer frem om vinteren.\",\"breadcrumb\":{\"@id\":\"https:\\\/\\\/terjebjornstad.com\\\/no\\\/2023\\\/11\\\/15\\\/id-4-gtx-nar-vinteren-kommer\\\/#breadcrumb\"},\"inLanguage\":\"nb-NO\",\"potentialAction\":[{\"@type\":\"ReadAction\",\"target\":[\"https:\\\/\\\/terjebjornstad.com\\\/no\\\/2023\\\/11\\\/15\\\/id-4-gtx-nar-vinteren-kommer\\\/\"]}]},{\"@type\":\"ImageObject\",\"inLanguage\":\"nb-NO\",\"@id\":\"https:\\\/\\\/terjebjornstad.com\\\/no\\\/2023\\\/11\\\/15\\\/id-4-gtx-nar-vinteren-kommer\\\/#primaryimage\",\"url\":\"https:\\\/\\\/i0.wp.com\\\/terjebjornstad.com\\\/no\\\/wp-content\\\/uploads\\\/2023\\\/11\\\/volkswagen-id4-gtx-profil-1920x1280-1.jpg?fit=1920%2C1280&ssl=1\",\"contentUrl\":\"https:\\\/\\\/i0.wp.com\\\/terjebjornstad.com\\\/no\\\/wp-content\\\/uploads\\\/2023\\\/11\\\/volkswagen-id4-gtx-profil-1920x1280-1.jpg?fit=1920%2C1280&ssl=1\",\"width\":1920,\"height\":1280,\"caption\":\"&nbsp; ID.4 GTX n\u00e5r vinteren kommer De to viktigste egenskapene en elbil b\u00f8r ha, er lang rekkevidde og 4-hjulstrekk. Begge deler sikrer at du kommer helt frem. Det siste kan ogs\u00e5 redde liv. Se mer &nbsp;\"},{\"@type\":\"BreadcrumbList\",\"@id\":\"https:\\\/\\\/terjebjornstad.com\\\/no\\\/2023\\\/11\\\/15\\\/id-4-gtx-nar-vinteren-kommer\\\/#breadcrumb\",\"itemListElement\":[{\"@type\":\"ListItem\",\"position\":1,\"name\":\"Hjem\",\"item\":\"https:\\\/\\\/terjebjornstad.com\\\/no\\\/\"},{\"@type\":\"ListItem\",\"position\":2,\"name\":\"ID.4 GTX n\u00e5r vinteren kommer\"}]},{\"@type\":\"WebSite\",\"@id\":\"https:\\\/\\\/terjebjornstad.com\\\/no\\\/#website\",\"url\":\"https:\\\/\\\/terjebjornstad.com\\\/no\\\/\",\"name\":\"Terjes biler\",\"description\":\"HONEST ABOUT CARS\",\"publisher\":{\"@id\":\"https:\\\/\\\/terjebjornstad.com\\\/no\\\/#organization\"},\"alternateName\":\"Terjebjornstad.com\",\"potentialAction\":[{\"@type\":\"SearchAction\",\"target\":{\"@type\":\"EntryPoint\",\"urlTemplate\":\"https:\\\/\\\/terjebjornstad.com\\\/no\\\/?s={search_term_string}\"},\"query-input\":{\"@type\":\"PropertyValueSpecification\",\"valueRequired\":true,\"valueName\":\"search_term_string\"}}],\"inLanguage\":\"nb-NO\"},{\"@type\":\"Organization\",\"@id\":\"https:\\\/\\\/terjebjornstad.com\\\/no\\\/#organization\",\"name\":\"Terje Bj\u00f8rnstad ENK\",\"url\":\"https:\\\/\\\/terjebjornstad.com\\\/no\\\/\",\"logo\":{\"@type\":\"ImageObject\",\"inLanguage\":\"nb-NO\",\"@id\":\"https:\\\/\\\/terjebjornstad.com\\\/no\\\/#\\\/schema\\\/logo\\\/image\\\/\",\"url\":\"https:\\\/\\\/i0.wp.com\\\/terjebjornstad.com\\\/no\\\/wp-content\\\/uploads\\\/2026\\\/02\\\/terjesbiler2024-960x354-1.png?fit=960%2C354&ssl=1\",\"contentUrl\":\"https:\\\/\\\/i0.wp.com\\\/terjebjornstad.com\\\/no\\\/wp-content\\\/uploads\\\/2026\\\/02\\\/terjesbiler2024-960x354-1.png?fit=960%2C354&ssl=1\",\"width\":960,\"height\":354,\"caption\":\"Terje Bj\u00f8rnstad ENK\"},\"image\":{\"@id\":\"https:\\\/\\\/terjebjornstad.com\\\/no\\\/#\\\/schema\\\/logo\\\/image\\\/\"},\"sameAs\":[\"https:\\\/\\\/www.facebook.com\\\/terjesbiler\\\/\",\"https:\\\/\\\/www.instagram.com\\\/terjesbiler\\\/\",\"https:\\\/\\\/www.pinteres.com\\\/terjebjrnstad\\\/terjes-biler\\\/\"]},{\"@type\":\"Person\",\"@id\":\"https:\\\/\\\/terjebjornstad.com\\\/no\\\/#\\\/schema\\\/person\\\/a281f6a6e0f3cc9fe468e7f0c655aa65\",\"name\":\"Terje Bj\u00f8rnstad\",\"image\":{\"@type\":\"ImageObject\",\"inLanguage\":\"nb-NO\",\"@id\":\"https:\\\/\\\/secure.gravatar.com\\\/avatar\\\/e8dff505b51cf6cb67ae06a06022d2049aac2da1e79dc146a36b58798c4b40ea?s=96&d=mm&r=g\",\"url\":\"https:\\\/\\\/secure.gravatar.com\\\/avatar\\\/e8dff505b51cf6cb67ae06a06022d2049aac2da1e79dc146a36b58798c4b40ea?s=96&d=mm&r=g\",\"contentUrl\":\"https:\\\/\\\/secure.gravatar.com\\\/avatar\\\/e8dff505b51cf6cb67ae06a06022d2049aac2da1e79dc146a36b58798c4b40ea?s=96&d=mm&r=g\",\"caption\":\"Terje Bj\u00f8rnstad\"},\"description\":\"Terje Bj\u00f8rnstad. Bloggadministrator, hobbyfotograf og bilnerd.\",\"sameAs\":[\"https:\\\/\\\/www.facebook.com\\\/terjesbiler\",\"https:\\\/\\\/www.instagram.com\\\/terjesbiler\",\"https:\\\/\\\/no.pinterest.com\\\/terjebjrnstad\",\"https:\\\/\\\/www.youtube.com\\\/channel\\\/UCzCKJJDybyIgKqatc_JQqIg\"]}]}<\/script>\n<!-- \/ Yoast SEO plugin. -->","yoast_head_json":{"title":"ID.4 GTX n\u00e5r vinteren kommer - Terjes biler","description":"ID.4 GTX har de viktigste egenskapene en elbil b\u00f8r ha - lang rekkevidde og 4-hjulstrekk. Begge deler gj\u00f8r at du kommer frem om vinteren.","robots":{"index":"index","follow":"follow","max-snippet":"max-snippet:-1","max-image-preview":"max-image-preview:large","max-video-preview":"max-video-preview:-1"},"canonical":"https:\/\/terjebjornstad.com\/no\/2023\/11\/15\/id-4-gtx-nar-vinteren-kommer\/","og_locale":"nb_NO","og_type":"article","og_title":"ID.4 GTX n\u00e5r vinteren kommer - Terjes biler","og_description":"ID.4 GTX har de viktigste egenskapene en elbil b\u00f8r ha - lang rekkevidde og 4-hjulstrekk. Begge deler gj\u00f8r at du kommer frem om vinteren.","og_url":"https:\/\/terjebjornstad.com\/no\/2023\/11\/15\/id-4-gtx-nar-vinteren-kommer\/","og_site_name":"Terjes biler","article_publisher":"https:\/\/www.facebook.com\/terjesbiler\/","article_author":"https:\/\/www.facebook.com\/terjesbiler","article_published_time":"2023-11-15T20:16:33+00:00","article_modified_time":"2026-03-14T23:39:23+00:00","og_image":[{"width":1920,"height":1280,"url":"https:\/\/terjebjornstad.com\/no\/wp-content\/uploads\/2023\/11\/volkswagen-id4-gtx-profil-1920x1280-1.jpg","type":"image\/jpeg"}],"author":"Terje Bj\u00f8rnstad","twitter_card":"summary_large_image","twitter_misc":{"Skrevet av":"Terje Bj\u00f8rnstad","Ansl. lesetid":"9 minutter"},"schema":{"@context":"https:\/\/schema.org","@graph":[{"@type":"Article","@id":"https:\/\/terjebjornstad.com\/no\/2023\/11\/15\/id-4-gtx-nar-vinteren-kommer\/#article","isPartOf":{"@id":"https:\/\/terjebjornstad.com\/no\/2023\/11\/15\/id-4-gtx-nar-vinteren-kommer\/"},"author":{"name":"Terje Bj\u00f8rnstad","@id":"https:\/\/terjebjornstad.com\/no\/#\/schema\/person\/a281f6a6e0f3cc9fe468e7f0c655aa65"},"headline":"ID.4 GTX n\u00e5r vinteren kommer","datePublished":"2023-11-15T20:16:33+00:00","dateModified":"2026-03-14T23:39:23+00:00","mainEntityOfPage":{"@id":"https:\/\/terjebjornstad.com\/no\/2023\/11\/15\/id-4-gtx-nar-vinteren-kommer\/"},"wordCount":1315,"commentCount":0,"publisher":{"@id":"https:\/\/terjebjornstad.com\/no\/#organization"},"image":{"@id":"https:\/\/terjebjornstad.com\/no\/2023\/11\/15\/id-4-gtx-nar-vinteren-kommer\/#primaryimage"},"thumbnailUrl":"https:\/\/i0.wp.com\/terjebjornstad.com\/no\/wp-content\/uploads\/2023\/11\/volkswagen-id4-gtx-profil-1920x1280-1.jpg?fit=1920%2C1280&ssl=1","keywords":["GTX","ID.4","ID.4 erfaring","ID.4 GTX","ID.4 GTX Test","ID.4 rekkevidde","ID4","Test ID.4 GTX","Volkswagen ID.4","Volkswagen ID.4 GTX","VW ID.4","VW ID.4 GTX"],"articleSection":["ID.4","ID.4 GTX"],"inLanguage":"nb-NO","potentialAction":[{"@type":"CommentAction","name":"Comment","target":["https:\/\/terjebjornstad.com\/no\/2023\/11\/15\/id-4-gtx-nar-vinteren-kommer\/#respond"]}]},{"@type":"WebPage","@id":"https:\/\/terjebjornstad.com\/no\/2023\/11\/15\/id-4-gtx-nar-vinteren-kommer\/","url":"https:\/\/terjebjornstad.com\/no\/2023\/11\/15\/id-4-gtx-nar-vinteren-kommer\/","name":"ID.4 GTX n\u00e5r vinteren kommer - Terjes biler","isPartOf":{"@id":"https:\/\/terjebjornstad.com\/no\/#website"},"primaryImageOfPage":{"@id":"https:\/\/terjebjornstad.com\/no\/2023\/11\/15\/id-4-gtx-nar-vinteren-kommer\/#primaryimage"},"image":{"@id":"https:\/\/terjebjornstad.com\/no\/2023\/11\/15\/id-4-gtx-nar-vinteren-kommer\/#primaryimage"},"thumbnailUrl":"https:\/\/i0.wp.com\/terjebjornstad.com\/no\/wp-content\/uploads\/2023\/11\/volkswagen-id4-gtx-profil-1920x1280-1.jpg?fit=1920%2C1280&ssl=1","datePublished":"2023-11-15T20:16:33+00:00","dateModified":"2026-03-14T23:39:23+00:00","description":"ID.4 GTX har de viktigste egenskapene en elbil b\u00f8r ha - lang rekkevidde og 4-hjulstrekk. Begge deler gj\u00f8r at du kommer frem om vinteren.","breadcrumb":{"@id":"https:\/\/terjebjornstad.com\/no\/2023\/11\/15\/id-4-gtx-nar-vinteren-kommer\/#breadcrumb"},"inLanguage":"nb-NO","potentialAction":[{"@type":"ReadAction","target":["https:\/\/terjebjornstad.com\/no\/2023\/11\/15\/id-4-gtx-nar-vinteren-kommer\/"]}]},{"@type":"ImageObject","inLanguage":"nb-NO","@id":"https:\/\/terjebjornstad.com\/no\/2023\/11\/15\/id-4-gtx-nar-vinteren-kommer\/#primaryimage","url":"https:\/\/i0.wp.com\/terjebjornstad.com\/no\/wp-content\/uploads\/2023\/11\/volkswagen-id4-gtx-profil-1920x1280-1.jpg?fit=1920%2C1280&ssl=1","contentUrl":"https:\/\/i0.wp.com\/terjebjornstad.com\/no\/wp-content\/uploads\/2023\/11\/volkswagen-id4-gtx-profil-1920x1280-1.jpg?fit=1920%2C1280&ssl=1","width":1920,"height":1280,"caption":"&nbsp; ID.4 GTX n\u00e5r vinteren kommer De to viktigste egenskapene en elbil b\u00f8r ha, er lang rekkevidde og 4-hjulstrekk. Begge deler sikrer at du kommer helt frem. Det siste kan ogs\u00e5 redde liv. Se mer &nbsp;"},{"@type":"BreadcrumbList","@id":"https:\/\/terjebjornstad.com\/no\/2023\/11\/15\/id-4-gtx-nar-vinteren-kommer\/#breadcrumb","itemListElement":[{"@type":"ListItem","position":1,"name":"Hjem","item":"https:\/\/terjebjornstad.com\/no\/"},{"@type":"ListItem","position":2,"name":"ID.4 GTX n\u00e5r vinteren kommer"}]},{"@type":"WebSite","@id":"https:\/\/terjebjornstad.com\/no\/#website","url":"https:\/\/terjebjornstad.com\/no\/","name":"Terjes biler","description":"HONEST ABOUT CARS","publisher":{"@id":"https:\/\/terjebjornstad.com\/no\/#organization"},"alternateName":"Terjebjornstad.com","potentialAction":[{"@type":"SearchAction","target":{"@type":"EntryPoint","urlTemplate":"https:\/\/terjebjornstad.com\/no\/?s={search_term_string}"},"query-input":{"@type":"PropertyValueSpecification","valueRequired":true,"valueName":"search_term_string"}}],"inLanguage":"nb-NO"},{"@type":"Organization","@id":"https:\/\/terjebjornstad.com\/no\/#organization","name":"Terje Bj\u00f8rnstad ENK","url":"https:\/\/terjebjornstad.com\/no\/","logo":{"@type":"ImageObject","inLanguage":"nb-NO","@id":"https:\/\/terjebjornstad.com\/no\/#\/schema\/logo\/image\/","url":"https:\/\/i0.wp.com\/terjebjornstad.com\/no\/wp-content\/uploads\/2026\/02\/terjesbiler2024-960x354-1.png?fit=960%2C354&ssl=1","contentUrl":"https:\/\/i0.wp.com\/terjebjornstad.com\/no\/wp-content\/uploads\/2026\/02\/terjesbiler2024-960x354-1.png?fit=960%2C354&ssl=1","width":960,"height":354,"caption":"Terje Bj\u00f8rnstad ENK"},"image":{"@id":"https:\/\/terjebjornstad.com\/no\/#\/schema\/logo\/image\/"},"sameAs":["https:\/\/www.facebook.com\/terjesbiler\/","https:\/\/www.instagram.com\/terjesbiler\/","https:\/\/www.pinteres.com\/terjebjrnstad\/terjes-biler\/"]},{"@type":"Person","@id":"https:\/\/terjebjornstad.com\/no\/#\/schema\/person\/a281f6a6e0f3cc9fe468e7f0c655aa65","name":"Terje Bj\u00f8rnstad","image":{"@type":"ImageObject","inLanguage":"nb-NO","@id":"https:\/\/secure.gravatar.com\/avatar\/e8dff505b51cf6cb67ae06a06022d2049aac2da1e79dc146a36b58798c4b40ea?s=96&d=mm&r=g","url":"https:\/\/secure.gravatar.com\/avatar\/e8dff505b51cf6cb67ae06a06022d2049aac2da1e79dc146a36b58798c4b40ea?s=96&d=mm&r=g","contentUrl":"https:\/\/secure.gravatar.com\/avatar\/e8dff505b51cf6cb67ae06a06022d2049aac2da1e79dc146a36b58798c4b40ea?s=96&d=mm&r=g","caption":"Terje Bj\u00f8rnstad"},"description":"Terje Bj\u00f8rnstad. Bloggadministrator, hobbyfotograf og bilnerd.","sameAs":["https:\/\/www.facebook.com\/terjesbiler","https:\/\/www.instagram.com\/terjesbiler","https:\/\/no.pinterest.com\/terjebjrnstad","https:\/\/www.youtube.com\/channel\/UCzCKJJDybyIgKqatc_JQqIg"]}]}},"jetpack_publicize_connections":[],"jetpack_featured_media_url":"https:\/\/i0.wp.com\/terjebjornstad.com\/no\/wp-content\/uploads\/2023\/11\/volkswagen-id4-gtx-profil-1920x1280-1.jpg?fit=1920%2C1280&ssl=1","jetpack_sharing_enabled":true,"jetpack_shortlink":"https:\/\/wp.me\/p48zYA-hrD","jetpack-related-posts":[{"id":41148,"url":"https:\/\/terjebjornstad.com\/no\/2021\/06\/18\/id-4-gir-mye-rekkevidde-for-pengene\/","url_meta":{"origin":67061,"position":0},"title":"ID.4 gir mye rekkevidde for pengene","author":"Terje Bj\u00f8rnstad","date":"18\/06\/2021","format":false,"excerpt":"Av alle elbil-egenskaper er rekkevidde alfa omega for de aller fleste av oss. F\u00f8rst rekkevidde, deretter alt det andre. Vi har kj\u00f8rt Volkswagen ID.4 med 77 Kwh batteri og lang rekkevidde. Passe familiest\u00f8rrelse Elbil-markedet synes lenge \u00e5 ha v\u00e6rt dominert av sm\u00e5, kompakte biler og megastore SUV'er. Men n\u00e5 kommer\u2026","rel":"","context":"i &quot;Artikkel&quot;","block_context":{"text":"Artikkel","link":"https:\/\/terjebjornstad.com\/no\/category\/artikkel\/"},"img":{"alt_text":"id.4 77kwh","src":"https:\/\/i0.wp.com\/terjebjornstad.com\/no\/wp-content\/uploads\/2021\/06\/1-id.4-1080x720-1.png?fit=1080%2C720&ssl=1&resize=350%2C200","width":350,"height":200,"srcset":"https:\/\/i0.wp.com\/terjebjornstad.com\/no\/wp-content\/uploads\/2021\/06\/1-id.4-1080x720-1.png?fit=1080%2C720&ssl=1&resize=350%2C200 1x, https:\/\/i0.wp.com\/terjebjornstad.com\/no\/wp-content\/uploads\/2021\/06\/1-id.4-1080x720-1.png?fit=1080%2C720&ssl=1&resize=525%2C300 1.5x, https:\/\/i0.wp.com\/terjebjornstad.com\/no\/wp-content\/uploads\/2021\/06\/1-id.4-1080x720-1.png?fit=1080%2C720&ssl=1&resize=700%2C400 2x, https:\/\/i0.wp.com\/terjebjornstad.com\/no\/wp-content\/uploads\/2021\/06\/1-id.4-1080x720-1.png?fit=1080%2C720&ssl=1&resize=1050%2C600 3x"},"classes":[]},{"id":46863,"url":"https:\/\/terjebjornstad.com\/no\/2022\/02\/19\/aerodynamikk-og-forbruk\/","url_meta":{"origin":67061,"position":1},"title":"H\u00f8ybygget  eller lavbygget elbil?","author":"Terje Bj\u00f8rnstad","date":"19\/02\/2022","format":false,"excerpt":"Nye el-SUV'er oser ikke akkurat av aerodynamikk, men men skal ikke skue hunden p\u00e5 h\u00e5rene. Under er det bilde av helt ny h\u00f8ybygget bil og et 20 \u00e5r gammelt aerodynamisk vidunder for sin tid. De to bilene har utrolig nok samme Cw-verdi. \u00a0 \u00a0 NEDENST\u00c5ENDE AVSNITT ER UNDER OMSKRIVNING DA\u2026","rel":"","context":"i &quot;Elbil&quot;","block_context":{"text":"Elbil","link":"https:\/\/terjebjornstad.com\/no\/category\/elbil\/"},"img":{"alt_text":"","src":"https:\/\/i0.wp.com\/terjebjornstad.com\/no\/wp-content\/uploads\/2022\/02\/cw-1080x381-1.png?fit=1080%2C381&ssl=1&resize=350%2C200","width":350,"height":200,"srcset":"https:\/\/i0.wp.com\/terjebjornstad.com\/no\/wp-content\/uploads\/2022\/02\/cw-1080x381-1.png?fit=1080%2C381&ssl=1&resize=350%2C200 1x, https:\/\/i0.wp.com\/terjebjornstad.com\/no\/wp-content\/uploads\/2022\/02\/cw-1080x381-1.png?fit=1080%2C381&ssl=1&resize=525%2C300 1.5x, https:\/\/i0.wp.com\/terjebjornstad.com\/no\/wp-content\/uploads\/2022\/02\/cw-1080x381-1.png?fit=1080%2C381&ssl=1&resize=700%2C400 2x, https:\/\/i0.wp.com\/terjebjornstad.com\/no\/wp-content\/uploads\/2022\/02\/cw-1080x381-1.png?fit=1080%2C381&ssl=1&resize=1050%2C600 3x"},"classes":[]},{"id":65249,"url":"https:\/\/terjebjornstad.com\/no\/2023\/10\/31\/ford-explorer-verdt-a-vente\/","url_meta":{"origin":67061,"position":2},"title":"Ford Explorer &#8211; verdt \u00e5 vente?","author":"Terje Bj\u00f8rnstad","date":"31\/10\/2023","format":false,"excerpt":"De f\u00f8rste bilene av Fords nye Explorer kan trolig leveres fra juni neste \u00e5r. Ford Norge regner med \u00e5 \u00e5pne for bestilling til v\u00e5ren. Vi har fors\u00f8kt \u00e5 titte Ford i kortene. Er det verdt \u00e5 vente? P\u00e5 Norgesturn\u00e9 For tiden kj\u00f8res en ny Ford Explorer rundt til norske forhandlere.\u2026","rel":"","context":"i &quot;Artikkel&quot;","block_context":{"text":"Artikkel","link":"https:\/\/terjebjornstad.com\/no\/category\/artikkel\/"},"img":{"alt_text":"","src":"https:\/\/i0.wp.com\/terjebjornstad.com\/no\/wp-content\/uploads\/2023\/10\/ford-explorer-1-1920x1280-1.jpg?fit=1200%2C800&ssl=1&resize=350%2C200","width":350,"height":200,"srcset":"https:\/\/i0.wp.com\/terjebjornstad.com\/no\/wp-content\/uploads\/2023\/10\/ford-explorer-1-1920x1280-1.jpg?fit=1200%2C800&ssl=1&resize=350%2C200 1x, https:\/\/i0.wp.com\/terjebjornstad.com\/no\/wp-content\/uploads\/2023\/10\/ford-explorer-1-1920x1280-1.jpg?fit=1200%2C800&ssl=1&resize=525%2C300 1.5x, https:\/\/i0.wp.com\/terjebjornstad.com\/no\/wp-content\/uploads\/2023\/10\/ford-explorer-1-1920x1280-1.jpg?fit=1200%2C800&ssl=1&resize=700%2C400 2x, https:\/\/i0.wp.com\/terjebjornstad.com\/no\/wp-content\/uploads\/2023\/10\/ford-explorer-1-1920x1280-1.jpg?fit=1200%2C800&ssl=1&resize=1050%2C600 3x"},"classes":[]},{"id":80650,"url":"https:\/\/terjebjornstad.com\/no\/2025\/05\/26\/volkswagen-id-3-er-tilbake\/","url_meta":{"origin":67061,"position":3},"title":"Volkswagen ID.3 er tilbake","author":"Terje Bj\u00f8rnstad","date":"26\/05\/2025","format":false,"excerpt":"Store forventninger og mange forh\u00e5ndsbestillinger bidro til at Volkswagen ID.3 ble den 3. mest solgte bilmodell i 2020. Deretter havnet den i skyggen et par \u00e5r, men er n\u00e5 p\u00e5 vei tilbake. \u00c5ret var 2020 da vi beskrev Volkswagen ID.3 som et velkomment tilbud for folk flest. En bil i\u2026","rel":"","context":"i &quot;id.3&quot;","block_context":{"text":"id.3","link":"https:\/\/terjebjornstad.com\/no\/category\/volkswagen\/id-3\/"},"img":{"alt_text":"","src":"https:\/\/i0.wp.com\/terjebjornstad.com\/no\/wp-content\/uploads\/2025\/05\/Vw-id3-at-epping-forest-1440x1440-1.jpg?fit=1200%2C1200&ssl=1&resize=350%2C200","width":350,"height":200,"srcset":"https:\/\/i0.wp.com\/terjebjornstad.com\/no\/wp-content\/uploads\/2025\/05\/Vw-id3-at-epping-forest-1440x1440-1.jpg?fit=1200%2C1200&ssl=1&resize=350%2C200 1x, https:\/\/i0.wp.com\/terjebjornstad.com\/no\/wp-content\/uploads\/2025\/05\/Vw-id3-at-epping-forest-1440x1440-1.jpg?fit=1200%2C1200&ssl=1&resize=525%2C300 1.5x, https:\/\/i0.wp.com\/terjebjornstad.com\/no\/wp-content\/uploads\/2025\/05\/Vw-id3-at-epping-forest-1440x1440-1.jpg?fit=1200%2C1200&ssl=1&resize=700%2C400 2x, https:\/\/i0.wp.com\/terjebjornstad.com\/no\/wp-content\/uploads\/2025\/05\/Vw-id3-at-epping-forest-1440x1440-1.jpg?fit=1200%2C1200&ssl=1&resize=1050%2C600 3x"},"classes":[]},{"id":27381,"url":"https:\/\/terjebjornstad.com\/no\/2019\/11\/05\/alle-gode-ting-er-3\/","url_meta":{"origin":67061,"position":4},"title":"Alle gode ting er 3","author":"Terje Bj\u00f8rnstad","date":"05\/11\/2019","format":false,"excerpt":"Vi har sagt det tidligere: Ladbare biler kan falle fort i verdi. Ikke fordi den gamle er d\u00e5rlig, men fordi den nye er s\u00e5 mye bedre. Gamle e-Golf med 35,8 KWh batteri er ingen d\u00e5rlig bil Den har rekkevidde p\u00e5 230 km (WLTP) - men kan g\u00e5 lengere hvis du\u2026","rel":"","context":"i &quot;Artikkel&quot;","block_context":{"text":"Artikkel","link":"https:\/\/terjebjornstad.com\/no\/category\/artikkel\/"},"img":{"alt_text":"","src":"https:\/\/i0.wp.com\/terjebjornstad.com\/no\/wp-content\/uploads\/2019\/11\/oms-vw-id3-1st-4-1080x720.png?fit=1080%2C720&ssl=1&resize=350%2C200","width":350,"height":200,"srcset":"https:\/\/i0.wp.com\/terjebjornstad.com\/no\/wp-content\/uploads\/2019\/11\/oms-vw-id3-1st-4-1080x720.png?fit=1080%2C720&ssl=1&resize=350%2C200 1x, https:\/\/i0.wp.com\/terjebjornstad.com\/no\/wp-content\/uploads\/2019\/11\/oms-vw-id3-1st-4-1080x720.png?fit=1080%2C720&ssl=1&resize=525%2C300 1.5x, https:\/\/i0.wp.com\/terjebjornstad.com\/no\/wp-content\/uploads\/2019\/11\/oms-vw-id3-1st-4-1080x720.png?fit=1080%2C720&ssl=1&resize=700%2C400 2x, https:\/\/i0.wp.com\/terjebjornstad.com\/no\/wp-content\/uploads\/2019\/11\/oms-vw-id3-1st-4-1080x720.png?fit=1080%2C720&ssl=1&resize=1050%2C600 3x"},"classes":[]},{"id":80180,"url":"https:\/\/terjebjornstad.com\/no\/2025\/04\/25\/hvorfor-audi-e-trons-bakre-motor-svikter\/","url_meta":{"origin":67061,"position":5},"title":"Hvorfor Audi e-trons bakre motor svikter","author":"Terje Bj\u00f8rnstad","date":"25\/04\/2025","format":false,"excerpt":"Flere eiere av Audis f\u00f8rste elektriske modell, e-tron, har m\u00e5ttet bytte bakre motor og differensial p\u00e5 biler med moderat km-stand. Hvorfor skjer dette, og kan man forebygge at det skjer? Audi e-tron var Audis f\u00f8rste kommersielle, elektriske modell. Den ga markedet et signal om at Volkswagen-gruppen var klar for \u00e5\u2026","rel":"","context":"i &quot;Audi&quot;","block_context":{"text":"Audi","link":"https:\/\/terjebjornstad.com\/no\/category\/audi\/"},"img":{"alt_text":"","src":"https:\/\/i0.wp.com\/terjebjornstad.com\/no\/wp-content\/uploads\/2020\/11\/u-etron4.png?fit=686%2C463&ssl=1&resize=350%2C200","width":350,"height":200,"srcset":"https:\/\/i0.wp.com\/terjebjornstad.com\/no\/wp-content\/uploads\/2020\/11\/u-etron4.png?fit=686%2C463&ssl=1&resize=350%2C200 1x, https:\/\/i0.wp.com\/terjebjornstad.com\/no\/wp-content\/uploads\/2020\/11\/u-etron4.png?fit=686%2C463&ssl=1&resize=525%2C300 1.5x"},"classes":[]}],"gt_translate_keys":[{"key":"link","format":"url"}],"_links":{"self":[{"href":"https:\/\/terjebjornstad.com\/no\/wp-json\/wp\/v2\/posts\/67061","targetHints":{"allow":["GET"]}}],"collection":[{"href":"https:\/\/terjebjornstad.com\/no\/wp-json\/wp\/v2\/posts"}],"about":[{"href":"https:\/\/terjebjornstad.com\/no\/wp-json\/wp\/v2\/types\/post"}],"author":[{"embeddable":true,"href":"https:\/\/terjebjornstad.com\/no\/wp-json\/wp\/v2\/users\/1"}],"replies":[{"embeddable":true,"href":"https:\/\/terjebjornstad.com\/no\/wp-json\/wp\/v2\/comments?post=67061"}],"version-history":[{"count":49,"href":"https:\/\/terjebjornstad.com\/no\/wp-json\/wp\/v2\/posts\/67061\/revisions"}],"predecessor-version":[{"id":91123,"href":"https:\/\/terjebjornstad.com\/no\/wp-json\/wp\/v2\/posts\/67061\/revisions\/91123"}],"wp:featuredmedia":[{"embeddable":true,"href":"https:\/\/terjebjornstad.com\/no\/wp-json\/wp\/v2\/media\/67058"}],"wp:attachment":[{"href":"https:\/\/terjebjornstad.com\/no\/wp-json\/wp\/v2\/media?parent=67061"}],"wp:term":[{"taxonomy":"category","embeddable":true,"href":"https:\/\/terjebjornstad.com\/no\/wp-json\/wp\/v2\/categories?post=67061"},{"taxonomy":"post_tag","embeddable":true,"href":"https:\/\/terjebjornstad.com\/no\/wp-json\/wp\/v2\/tags?post=67061"}],"curies":[{"name":"wp","href":"https:\/\/api.w.org\/{rel}","templated":true}]}}