{"id":60147,"date":"2023-06-11T10:53:02","date_gmt":"2023-06-11T09:53:02","guid":{"rendered":"https:\/\/terjebjornstad.com\/no\/?p=60147"},"modified":"2025-07-22T00:48:35","modified_gmt":"2025-07-21T23:48:35","slug":"t-cross-en-god-klasse","status":"publish","type":"post","link":"https:\/\/terjebjornstad.com\/no\/2023\/06\/11\/t-cross-en-god-klasse\/","title":{"rendered":"En god klasse","gt_translate_keys":[{"key":"rendered","format":"text"}]},"content":{"rendered":"<div class=\"copy_teb\"><figure id=\"attachment_60120\" aria-describedby=\"caption-attachment-60120\" style=\"width: 1920px\" class=\"wp-caption aligncenter\"><a href=\"https:\/\/i0.wp.com\/terjebjornstad.com\/no\/wp-content\/uploads\/2023\/06\/volkswagen-t-cross-1157-1920x1920-1.jpg?ssl=1\"><img data-recalc-dims=\"1\" loading=\"lazy\" decoding=\"async\" data-attachment-id=\"60120\" data-permalink=\"https:\/\/terjebjornstad.com\/no\/2023\/06\/11\/t-cross-en-god-klasse\/volkswagen-t-cross-1157-1920x1920\/\" data-orig-file=\"https:\/\/i0.wp.com\/terjebjornstad.com\/no\/wp-content\/uploads\/2023\/06\/volkswagen-t-cross-1157-1920x1920-1.jpg?fit=1920%2C1920&amp;ssl=1\" data-orig-size=\"1920,1920\" data-comments-opened=\"1\" data-image-meta=\"{&quot;aperture&quot;:&quot;0&quot;,&quot;credit&quot;:&quot;&quot;,&quot;camera&quot;:&quot;&quot;,&quot;caption&quot;:&quot;&quot;,&quot;created_timestamp&quot;:&quot;0&quot;,&quot;copyright&quot;:&quot;&quot;,&quot;focal_length&quot;:&quot;0&quot;,&quot;iso&quot;:&quot;0&quot;,&quot;shutter_speed&quot;:&quot;0&quot;,&quot;title&quot;:&quot;&quot;,&quot;orientation&quot;:&quot;0&quot;}\" data-image-title=\"volkswagen-t-cross-1157-1920&amp;#215;1920\" data-image-description=\"\" data-image-caption=\"&lt;p&gt;Volkswagen T-CrossH\u00f8ybygde sm\u00e5biler som Volkswagen T-Cross er i ferd meg \u00e5 forsvinne fra det norske markedet.  Synd, for dette en klasse som gir mye bil for pengene.&lt;\/p&gt;\n\" data-large-file=\"https:\/\/i0.wp.com\/terjebjornstad.com\/no\/wp-content\/uploads\/2023\/06\/volkswagen-t-cross-1157-1920x1920-1.jpg?fit=980%2C980&amp;ssl=1\" src=\"https:\/\/i0.wp.com\/terjebjornstad.com\/no\/wp-content\/uploads\/2023\/06\/volkswagen-t-cross-1157-1920x1920-1.jpg?resize=980%2C980&#038;ssl=1\" alt=\"t-cross\" width=\"980\" height=\"980\" class=\"size-full wp-image-60120\" srcset=\"https:\/\/i0.wp.com\/terjebjornstad.com\/no\/wp-content\/uploads\/2023\/06\/volkswagen-t-cross-1157-1920x1920-1.jpg?w=1920&amp;ssl=1 1920w, https:\/\/i0.wp.com\/terjebjornstad.com\/no\/wp-content\/uploads\/2023\/06\/volkswagen-t-cross-1157-1920x1920-1.jpg?resize=300%2C300&amp;ssl=1 300w, https:\/\/i0.wp.com\/terjebjornstad.com\/no\/wp-content\/uploads\/2023\/06\/volkswagen-t-cross-1157-1920x1920-1.jpg?resize=1080%2C1080&amp;ssl=1 1080w, https:\/\/i0.wp.com\/terjebjornstad.com\/no\/wp-content\/uploads\/2023\/06\/volkswagen-t-cross-1157-1920x1920-1.jpg?resize=150%2C150&amp;ssl=1 150w, https:\/\/i0.wp.com\/terjebjornstad.com\/no\/wp-content\/uploads\/2023\/06\/volkswagen-t-cross-1157-1920x1920-1.jpg?resize=768%2C768&amp;ssl=1 768w, https:\/\/i0.wp.com\/terjebjornstad.com\/no\/wp-content\/uploads\/2023\/06\/volkswagen-t-cross-1157-1920x1920-1.jpg?resize=1536%2C1536&amp;ssl=1 1536w, https:\/\/i0.wp.com\/terjebjornstad.com\/no\/wp-content\/uploads\/2023\/06\/volkswagen-t-cross-1157-1920x1920-1.jpg?resize=690%2C690&amp;ssl=1 690w, https:\/\/i0.wp.com\/terjebjornstad.com\/no\/wp-content\/uploads\/2023\/06\/volkswagen-t-cross-1157-1920x1920-1.jpg?resize=980%2C980&amp;ssl=1 980w, https:\/\/i0.wp.com\/terjebjornstad.com\/no\/wp-content\/uploads\/2023\/06\/volkswagen-t-cross-1157-1920x1920-1.jpg?resize=50%2C50&amp;ssl=1 50w\" sizes=\"auto, (max-width: 980px) 100vw, 980px\" \/><\/a><figcaption id=\"caption-attachment-60120\" class=\"wp-caption-text\">Ved Les lacs de Saint-Jean-Pla-de-Corts klare til en g\u00e5tur og picknic<\/figcaption><\/figure><\/p>\n<blockquote><p>De siste \u00e5rene har jeg f\u00e5tt stifte bekjentskap med h\u00f8ybygde sm\u00e5biler. Er du ute etter en leiebil i ferien, er dette en klasse som gir mye bil for pengene.<\/p><\/blockquote>\n\n<h3 class=\"tebh2\">Forsvinner fra Norge<\/h3>\n<p>I de siste \u00e5rene har jeg kj\u00f8rt mange mil i h\u00f8ybygde sm\u00e5biler som Skoda Kamiq, Audi Q2, Citroen C3 Aircross, Opel Mokka, Renault Captur og n\u00e5 sist, Volkswagen T-Cross. Jeg kunne fortsatt med \u00e5 nevne biler som Seat Arona, Peugeot 2008, Opel Crossland, Nissan Juke og Toyota C-HR &#8211; alle bygget p\u00e5 samme konsept. Ingen av dem har blitt noen suksess i Norge og vil neppe bli det heller. Kanskje fordi de havner mellom to stoler &#8211; for sm\u00e5 til barnefamilier og for store som bil nummer to. I dag tas kun Peugeot 2008 og Opel Mokka inn til Norge fordi de leveres som elbiler.<\/p>\n<h3 class=\"tebh2\">Gunstig som leiebil<\/h3>\n<p>Jeg leier biler i Barcelona &#8211; alltid samme klasse &#8211; h\u00f8ybygde sm\u00e5biler. Sixt kjenner igjen trynet mitt, uten at trynefaktoren spiller noen stor rolle. Av og til blir jeg oppgradert gratis, men forrige helg kom Formel-1 sirkuset til byen, og da m\u00e5tte jeg n\u00f8ye meg med hva jeg bestilte, &#8211; en Volkswagen T-Cross. Det kunne like gjerne v\u00e6rt en Skoda Kamiq, Seat Arona eller Audi Q2. De deler nemlig samme plattform og drivverk. 1,0 TSI 110 hk med manuell 6-trinns girkasse er et helt utmerket drivverk for disse bilene. <\/p>\n<hr \/>\n\n<figure id=\"attachment_60122\" aria-describedby=\"caption-attachment-60122\" style=\"width: 1920px\" class=\"wp-caption aligncenter\"><a href=\"https:\/\/i0.wp.com\/terjebjornstad.com\/no\/wp-content\/uploads\/2023\/06\/volkswagen-t-cross-1023-1920x1920-1.jpeg?ssl=1\"><img data-recalc-dims=\"1\" loading=\"lazy\" decoding=\"async\" data-attachment-id=\"60122\" data-permalink=\"https:\/\/terjebjornstad.com\/no\/2023\/06\/11\/t-cross-en-god-klasse\/volkswagen-t-cross-1023-1920x1920\/\" data-orig-file=\"https:\/\/i0.wp.com\/terjebjornstad.com\/no\/wp-content\/uploads\/2023\/06\/volkswagen-t-cross-1023-1920x1920-1.jpeg?fit=1920%2C1920&amp;ssl=1\" data-orig-size=\"1920,1920\" data-comments-opened=\"1\" data-image-meta=\"{&quot;aperture&quot;:&quot;0&quot;,&quot;credit&quot;:&quot;&quot;,&quot;camera&quot;:&quot;&quot;,&quot;caption&quot;:&quot;&quot;,&quot;created_timestamp&quot;:&quot;0&quot;,&quot;copyright&quot;:&quot;&quot;,&quot;focal_length&quot;:&quot;0&quot;,&quot;iso&quot;:&quot;0&quot;,&quot;shutter_speed&quot;:&quot;0&quot;,&quot;title&quot;:&quot;&quot;,&quot;orientation&quot;:&quot;0&quot;}\" data-image-title=\"volkswagen-t-cross-1023-1920&amp;#215;1920\" data-image-description=\"\" data-image-caption=\"&lt;p&gt;Innom det gamle fabrikkutsalget for stoffer og espadrillos i den katalanske landsbyen Saint-Laurent-de-Cerdans.&lt;\/p&gt;\n\" data-large-file=\"https:\/\/i0.wp.com\/terjebjornstad.com\/no\/wp-content\/uploads\/2023\/06\/volkswagen-t-cross-1023-1920x1920-1.jpeg?fit=980%2C980&amp;ssl=1\" src=\"https:\/\/i0.wp.com\/terjebjornstad.com\/no\/wp-content\/uploads\/2023\/06\/volkswagen-t-cross-1023-1920x1920-1.jpeg?resize=980%2C980&#038;ssl=1\" alt=\"\" width=\"980\" height=\"980\" class=\"size-full wp-image-60122\" srcset=\"https:\/\/i0.wp.com\/terjebjornstad.com\/no\/wp-content\/uploads\/2023\/06\/volkswagen-t-cross-1023-1920x1920-1.jpeg?w=1920&amp;ssl=1 1920w, https:\/\/i0.wp.com\/terjebjornstad.com\/no\/wp-content\/uploads\/2023\/06\/volkswagen-t-cross-1023-1920x1920-1.jpeg?resize=300%2C300&amp;ssl=1 300w, https:\/\/i0.wp.com\/terjebjornstad.com\/no\/wp-content\/uploads\/2023\/06\/volkswagen-t-cross-1023-1920x1920-1.jpeg?resize=1080%2C1080&amp;ssl=1 1080w, https:\/\/i0.wp.com\/terjebjornstad.com\/no\/wp-content\/uploads\/2023\/06\/volkswagen-t-cross-1023-1920x1920-1.jpeg?resize=150%2C150&amp;ssl=1 150w, https:\/\/i0.wp.com\/terjebjornstad.com\/no\/wp-content\/uploads\/2023\/06\/volkswagen-t-cross-1023-1920x1920-1.jpeg?resize=768%2C768&amp;ssl=1 768w, https:\/\/i0.wp.com\/terjebjornstad.com\/no\/wp-content\/uploads\/2023\/06\/volkswagen-t-cross-1023-1920x1920-1.jpeg?resize=1536%2C1536&amp;ssl=1 1536w, https:\/\/i0.wp.com\/terjebjornstad.com\/no\/wp-content\/uploads\/2023\/06\/volkswagen-t-cross-1023-1920x1920-1.jpeg?resize=690%2C690&amp;ssl=1 690w, https:\/\/i0.wp.com\/terjebjornstad.com\/no\/wp-content\/uploads\/2023\/06\/volkswagen-t-cross-1023-1920x1920-1.jpeg?resize=980%2C980&amp;ssl=1 980w, https:\/\/i0.wp.com\/terjebjornstad.com\/no\/wp-content\/uploads\/2023\/06\/volkswagen-t-cross-1023-1920x1920-1.jpeg?resize=50%2C50&amp;ssl=1 50w\" sizes=\"auto, (max-width: 980px) 100vw, 980px\" \/><\/a><figcaption id=\"caption-attachment-60122\" class=\"wp-caption-text\">Volkswagen T-Cross. Ved det gamle fabrikkutsalget for stoffer og espadrillos i den katalanske landsbyen Saint-Laurent-de-Cerdans.<\/figcaption><\/figure>\n<h3 class=\"tebh2\">Storbilf\u00f8lelse<\/h3>\n<p>Volkswagen T-Cross produseres sammen med Polo i Pamplona, Spania. Den prim\u00e6re m\u00e5lgruppen for denne modellen befinner seg nok prim\u00e6rt i S\u00f8r-Europa, p\u00e5 steder hvor bilparken og veistandarden ikke er i toppklasse. T-Cross gir mye bil for pengene b\u00e5de for den som kj\u00f8per og den som leier. Jeg liker den fordi den er rimelig \u00e5 leie, komfortabel og velkj\u00f8rende. Jeg vet at den bygger p\u00e5 Polo, men den gir overraskende mye mer storbilf\u00f8lelse. Mye f\u00e5r man ved \u00e5 sitte h\u00f8yere, med mindre st\u00f8y fra motor og vei, men det m\u00e5 v\u00e6re mer enn ekstra h\u00f8yde og mer gummi i dekkene som skaper denne storbilf\u00f8lelsen. Jeg er sikker p\u00e5 at Volkswagen har gjort noen grep i understellet, kanskje lengre fj\u00e6ringsvei, annen demping? Jeg f\u00f8ler at T-Cross er mer en T-Roc \u201clight\u201d enn en h\u00f8ybygd Polo.<\/p>\n<hr \/>\n\n<figure id=\"attachment_60121\" aria-describedby=\"caption-attachment-60121\" style=\"width: 1920px\" class=\"wp-caption aligncenter\"><a href=\"https:\/\/i0.wp.com\/terjebjornstad.com\/no\/wp-content\/uploads\/2023\/06\/volkswagen-t-cross-1204-1920x1920-1.jpg?ssl=1\"><img data-recalc-dims=\"1\" loading=\"lazy\" decoding=\"async\" data-attachment-id=\"60121\" data-permalink=\"https:\/\/terjebjornstad.com\/no\/2023\/06\/11\/t-cross-en-god-klasse\/volkswagen-t-cross-1204-1920x1920\/\" data-orig-file=\"https:\/\/i0.wp.com\/terjebjornstad.com\/no\/wp-content\/uploads\/2023\/06\/volkswagen-t-cross-1204-1920x1920-1.jpg?fit=1920%2C1920&amp;ssl=1\" data-orig-size=\"1920,1920\" data-comments-opened=\"1\" data-image-meta=\"{&quot;aperture&quot;:&quot;0&quot;,&quot;credit&quot;:&quot;&quot;,&quot;camera&quot;:&quot;&quot;,&quot;caption&quot;:&quot;&quot;,&quot;created_timestamp&quot;:&quot;0&quot;,&quot;copyright&quot;:&quot;&quot;,&quot;focal_length&quot;:&quot;0&quot;,&quot;iso&quot;:&quot;0&quot;,&quot;shutter_speed&quot;:&quot;0&quot;,&quot;title&quot;:&quot;&quot;,&quot;orientation&quot;:&quot;0&quot;}\" data-image-title=\"volkswagen-t-cross-1204-1920&amp;#215;1920\" data-image-description=\"\" data-image-caption=\"&lt;p&gt;Volkswagen T-Cross p\u00e5 motorveien mellom  Figueres og La Jonquera&lt;\/p&gt;\n\" data-large-file=\"https:\/\/i0.wp.com\/terjebjornstad.com\/no\/wp-content\/uploads\/2023\/06\/volkswagen-t-cross-1204-1920x1920-1.jpg?fit=980%2C980&amp;ssl=1\" src=\"https:\/\/i0.wp.com\/terjebjornstad.com\/no\/wp-content\/uploads\/2023\/06\/volkswagen-t-cross-1204-1920x1920-1.jpg?resize=980%2C980&#038;ssl=1\" alt=\"\" width=\"980\" height=\"980\" class=\"size-full wp-image-60121\" srcset=\"https:\/\/i0.wp.com\/terjebjornstad.com\/no\/wp-content\/uploads\/2023\/06\/volkswagen-t-cross-1204-1920x1920-1.jpg?w=1920&amp;ssl=1 1920w, https:\/\/i0.wp.com\/terjebjornstad.com\/no\/wp-content\/uploads\/2023\/06\/volkswagen-t-cross-1204-1920x1920-1.jpg?resize=300%2C300&amp;ssl=1 300w, https:\/\/i0.wp.com\/terjebjornstad.com\/no\/wp-content\/uploads\/2023\/06\/volkswagen-t-cross-1204-1920x1920-1.jpg?resize=1080%2C1080&amp;ssl=1 1080w, https:\/\/i0.wp.com\/terjebjornstad.com\/no\/wp-content\/uploads\/2023\/06\/volkswagen-t-cross-1204-1920x1920-1.jpg?resize=150%2C150&amp;ssl=1 150w, https:\/\/i0.wp.com\/terjebjornstad.com\/no\/wp-content\/uploads\/2023\/06\/volkswagen-t-cross-1204-1920x1920-1.jpg?resize=768%2C768&amp;ssl=1 768w, https:\/\/i0.wp.com\/terjebjornstad.com\/no\/wp-content\/uploads\/2023\/06\/volkswagen-t-cross-1204-1920x1920-1.jpg?resize=1536%2C1536&amp;ssl=1 1536w, https:\/\/i0.wp.com\/terjebjornstad.com\/no\/wp-content\/uploads\/2023\/06\/volkswagen-t-cross-1204-1920x1920-1.jpg?resize=690%2C690&amp;ssl=1 690w, https:\/\/i0.wp.com\/terjebjornstad.com\/no\/wp-content\/uploads\/2023\/06\/volkswagen-t-cross-1204-1920x1920-1.jpg?resize=980%2C980&amp;ssl=1 980w, https:\/\/i0.wp.com\/terjebjornstad.com\/no\/wp-content\/uploads\/2023\/06\/volkswagen-t-cross-1204-1920x1920-1.jpg?resize=50%2C50&amp;ssl=1 50w\" sizes=\"auto, (max-width: 980px) 100vw, 980px\" \/><\/a><figcaption id=\"caption-attachment-60121\" class=\"wp-caption-text\">Volkswagen T-Cross p\u00e5 motorveien mellom  Figueres og La Jonquera<\/figcaption><\/figure>\n<h3 class=\"tebh2\">1,0 TSI motor<\/h3>\n<p>I Europa kan man f\u00e5 bilene med enten 95 hk eller 110 hk. Den st\u00f8rste motoren ga tidligere 115 hk, men fra 2022 ble den nedjustert til 110 hk. 110-hesteren passer bedre til Volkswagen-gruppens h\u00f8ybygde modeller enn 95-hesteren. Med 110 hk f\u00e5r man en 6-trinns manuell girkasse i stedet for 5-trinns. Begge girkassene er fine \u00e5 betjene, men 6-trinnskassa gj\u00f8r at man kan \u201ccruise\u201d st\u00f8dig i 120 km\/t p\u00e5 spanske motorveier med et veldig behagelig og lavt turtall. Man merker det <em>litt<\/em> p\u00e5 forbruket, men aller mest p\u00e5 komforten. I landene rundt Middelhavet velger de fleste fremdeles manuelt gir, og det gj\u00f8r de klokt i n\u00e5r det gjelder T-Cross (og de andre s\u00f8stermodellene). Automat-alternativet 7-trinns DSG gir dessverre ofte et \u201clag\u201d ved igangkj\u00f8ringer fra stillest\u00e5ende. Skal man ut i trafikkert vei, f\u00e5r man hjertet i halsen. Dette opplever man ogs\u00e5 i PSA sine modeller (PureTech 130 hk med EAT6). Det g\u00e5r bedre \u00e5 sette girspaken i \u201cS\u201d f\u00f8r man drar avg\u00e5rde, men det er ikke s\u00e5nn det skal v\u00e6re.  <\/p>\n<hr \/>\n\n<figure id=\"attachment_60123\" aria-describedby=\"caption-attachment-60123\" style=\"width: 1920px\" class=\"wp-caption aligncenter\"><a href=\"https:\/\/i0.wp.com\/terjebjornstad.com\/no\/wp-content\/uploads\/2023\/06\/volkswagen-t-cross-1025-1920x1920-1.jpeg?ssl=1\"><img data-recalc-dims=\"1\" loading=\"lazy\" decoding=\"async\" data-attachment-id=\"60123\" data-permalink=\"https:\/\/terjebjornstad.com\/no\/2023\/06\/11\/t-cross-en-god-klasse\/volkswagen-t-cross-1025-1920x1920\/\" data-orig-file=\"https:\/\/i0.wp.com\/terjebjornstad.com\/no\/wp-content\/uploads\/2023\/06\/volkswagen-t-cross-1025-1920x1920-1.jpeg?fit=1920%2C1920&amp;ssl=1\" data-orig-size=\"1920,1920\" data-comments-opened=\"1\" data-image-meta=\"{&quot;aperture&quot;:&quot;0&quot;,&quot;credit&quot;:&quot;&quot;,&quot;camera&quot;:&quot;&quot;,&quot;caption&quot;:&quot;&quot;,&quot;created_timestamp&quot;:&quot;0&quot;,&quot;copyright&quot;:&quot;&quot;,&quot;focal_length&quot;:&quot;0&quot;,&quot;iso&quot;:&quot;0&quot;,&quot;shutter_speed&quot;:&quot;0&quot;,&quot;title&quot;:&quot;&quot;,&quot;orientation&quot;:&quot;0&quot;}\" data-image-title=\"volkswagen-t-cross-1025-1920&amp;#215;1920\" data-image-description=\"\" data-image-caption=\"&lt;p&gt;Volkswagen T-Cross i den lllle spanske landsbyen Tapis for  lunsjpause.&lt;\/p&gt;\n\" data-large-file=\"https:\/\/i0.wp.com\/terjebjornstad.com\/no\/wp-content\/uploads\/2023\/06\/volkswagen-t-cross-1025-1920x1920-1.jpeg?fit=980%2C980&amp;ssl=1\" src=\"https:\/\/i0.wp.com\/terjebjornstad.com\/no\/wp-content\/uploads\/2023\/06\/volkswagen-t-cross-1025-1920x1920-1.jpeg?resize=980%2C980&#038;ssl=1\" alt=\"\" width=\"980\" height=\"980\" class=\"size-full wp-image-60123\" srcset=\"https:\/\/i0.wp.com\/terjebjornstad.com\/no\/wp-content\/uploads\/2023\/06\/volkswagen-t-cross-1025-1920x1920-1.jpeg?w=1920&amp;ssl=1 1920w, https:\/\/i0.wp.com\/terjebjornstad.com\/no\/wp-content\/uploads\/2023\/06\/volkswagen-t-cross-1025-1920x1920-1.jpeg?resize=300%2C300&amp;ssl=1 300w, https:\/\/i0.wp.com\/terjebjornstad.com\/no\/wp-content\/uploads\/2023\/06\/volkswagen-t-cross-1025-1920x1920-1.jpeg?resize=1080%2C1080&amp;ssl=1 1080w, https:\/\/i0.wp.com\/terjebjornstad.com\/no\/wp-content\/uploads\/2023\/06\/volkswagen-t-cross-1025-1920x1920-1.jpeg?resize=150%2C150&amp;ssl=1 150w, https:\/\/i0.wp.com\/terjebjornstad.com\/no\/wp-content\/uploads\/2023\/06\/volkswagen-t-cross-1025-1920x1920-1.jpeg?resize=768%2C768&amp;ssl=1 768w, https:\/\/i0.wp.com\/terjebjornstad.com\/no\/wp-content\/uploads\/2023\/06\/volkswagen-t-cross-1025-1920x1920-1.jpeg?resize=1536%2C1536&amp;ssl=1 1536w, https:\/\/i0.wp.com\/terjebjornstad.com\/no\/wp-content\/uploads\/2023\/06\/volkswagen-t-cross-1025-1920x1920-1.jpeg?resize=690%2C690&amp;ssl=1 690w, https:\/\/i0.wp.com\/terjebjornstad.com\/no\/wp-content\/uploads\/2023\/06\/volkswagen-t-cross-1025-1920x1920-1.jpeg?resize=980%2C980&amp;ssl=1 980w, https:\/\/i0.wp.com\/terjebjornstad.com\/no\/wp-content\/uploads\/2023\/06\/volkswagen-t-cross-1025-1920x1920-1.jpeg?resize=50%2C50&amp;ssl=1 50w\" sizes=\"auto, (max-width: 980px) 100vw, 980px\" \/><\/a><figcaption id=\"caption-attachment-60123\" class=\"wp-caption-text\">Volkswagen T-Cross i den lllle spanske landsbyen Tapis for  lunsjpause.<\/figcaption><\/figure>\n<h3 class=\"tebh2\">Plass<\/h3>\n<p>H\u00f8ybygde biler gir bedre plass. T-Cross har 385 liters bagasjerom som kan utvides til 455 ved \u00e5 skyve baksetet frem. Vi kunne ta med to ikke alt for store kofferter med baksetene intakte. Bagasjerommet er todelt. Ved \u00e5 fjerne mellomplaten kan man laste i h\u00f8yden &#8211; ikke s\u00e5 mye i lengden.<\/p>\n<h3 class=\"tebh2\">Passer fint til dagsturer<\/h3>\n<p>Volkswagen T-Cross oppfyller mange form\u00e5l, &#8211; som liten familiebil, bil for besteforeldre eller aktive unge. For oss fungerte den godt som en komfortabel og rimelig dagsturbil for inntil 4 voksne personer. Bildene er tatt p\u00e5 noen av turene v\u00e5re. T-Cross er en av de beste representantene i klassen h\u00f8ybygde sm\u00e5biler &#8211; klassen som gir mest bil for pengene. <\/p>\n<hr \/>\n\n<blockquote><p>Jeg kan ikke bringe Volkswagen T-Cross tilbake i norske salgslokaler, men anbefaler \u00e5 bestille en s\u00e5nn neste gang du leier bil andre steder i Europa. Da f\u00e5r du mer ut av feriebudsjettet. <\/p><\/blockquote>\n\n<figure id=\"attachment_60124\" aria-describedby=\"caption-attachment-60124\" style=\"width: 1920px\" class=\"wp-caption aligncenter\"><a href=\"https:\/\/i0.wp.com\/terjebjornstad.com\/no\/wp-content\/uploads\/2023\/06\/volkswagen-t-cross-cargo-1920x1920-1.jpg?ssl=1\"><img data-recalc-dims=\"1\" loading=\"lazy\" decoding=\"async\" data-attachment-id=\"60124\" data-permalink=\"https:\/\/terjebjornstad.com\/no\/2023\/06\/11\/t-cross-en-god-klasse\/volkswagen-t-cross-cargo-1920x1920\/\" data-orig-file=\"https:\/\/i0.wp.com\/terjebjornstad.com\/no\/wp-content\/uploads\/2023\/06\/volkswagen-t-cross-cargo-1920x1920-1.jpg?fit=1920%2C1920&amp;ssl=1\" data-orig-size=\"1920,1920\" data-comments-opened=\"1\" data-image-meta=\"{&quot;aperture&quot;:&quot;0&quot;,&quot;credit&quot;:&quot;&quot;,&quot;camera&quot;:&quot;&quot;,&quot;caption&quot;:&quot;&quot;,&quot;created_timestamp&quot;:&quot;0&quot;,&quot;copyright&quot;:&quot;&quot;,&quot;focal_length&quot;:&quot;0&quot;,&quot;iso&quot;:&quot;0&quot;,&quot;shutter_speed&quot;:&quot;0&quot;,&quot;title&quot;:&quot;&quot;,&quot;orientation&quot;:&quot;0&quot;}\" data-image-title=\"volkswagen-t-cross-cargo-1920&amp;#215;1920\" data-image-description=\"\" data-image-caption=\"&lt;p&gt;Retur av bil i Barcelona&lt;\/p&gt;\n\" data-large-file=\"https:\/\/i0.wp.com\/terjebjornstad.com\/no\/wp-content\/uploads\/2023\/06\/volkswagen-t-cross-cargo-1920x1920-1.jpg?fit=980%2C980&amp;ssl=1\" src=\"https:\/\/i0.wp.com\/terjebjornstad.com\/no\/wp-content\/uploads\/2023\/06\/volkswagen-t-cross-cargo-1920x1920-1.jpg?resize=980%2C980&#038;ssl=1\" alt=\"\" width=\"980\" height=\"980\" class=\"size-full wp-image-60124\" srcset=\"https:\/\/i0.wp.com\/terjebjornstad.com\/no\/wp-content\/uploads\/2023\/06\/volkswagen-t-cross-cargo-1920x1920-1.jpg?w=1920&amp;ssl=1 1920w, https:\/\/i0.wp.com\/terjebjornstad.com\/no\/wp-content\/uploads\/2023\/06\/volkswagen-t-cross-cargo-1920x1920-1.jpg?resize=300%2C300&amp;ssl=1 300w, https:\/\/i0.wp.com\/terjebjornstad.com\/no\/wp-content\/uploads\/2023\/06\/volkswagen-t-cross-cargo-1920x1920-1.jpg?resize=1080%2C1080&amp;ssl=1 1080w, https:\/\/i0.wp.com\/terjebjornstad.com\/no\/wp-content\/uploads\/2023\/06\/volkswagen-t-cross-cargo-1920x1920-1.jpg?resize=150%2C150&amp;ssl=1 150w, https:\/\/i0.wp.com\/terjebjornstad.com\/no\/wp-content\/uploads\/2023\/06\/volkswagen-t-cross-cargo-1920x1920-1.jpg?resize=768%2C768&amp;ssl=1 768w, https:\/\/i0.wp.com\/terjebjornstad.com\/no\/wp-content\/uploads\/2023\/06\/volkswagen-t-cross-cargo-1920x1920-1.jpg?resize=1536%2C1536&amp;ssl=1 1536w, https:\/\/i0.wp.com\/terjebjornstad.com\/no\/wp-content\/uploads\/2023\/06\/volkswagen-t-cross-cargo-1920x1920-1.jpg?resize=690%2C690&amp;ssl=1 690w, https:\/\/i0.wp.com\/terjebjornstad.com\/no\/wp-content\/uploads\/2023\/06\/volkswagen-t-cross-cargo-1920x1920-1.jpg?resize=980%2C980&amp;ssl=1 980w, https:\/\/i0.wp.com\/terjebjornstad.com\/no\/wp-content\/uploads\/2023\/06\/volkswagen-t-cross-cargo-1920x1920-1.jpg?resize=50%2C50&amp;ssl=1 50w\" sizes=\"auto, (max-width: 980px) 100vw, 980px\" \/><\/a><figcaption id=\"caption-attachment-60124\" class=\"wp-caption-text\">Volkswagen T-Cross. Retur av bil i Barcelona<\/figcaption><\/figure>\n<h3 class=\"tebh2\">Fakta om Volkswagen T-Cross<\/h3>\n<p><strong>M\u00e5l og vekt<\/strong><br \/>\nYtre m\u00e5l &#8211; L, B, H: 411 x 176 x 157 cm<br \/>\nAkselavstand: 255 cm<br \/>\nEgenvekt: 1270 kg (uten f\u00f8rer)<br \/>\nNyttelast: 395 kg<br \/>\nAntall seter: 5<br \/>\nBagasjerom: 385 &#8211; 455 liter<br \/>\nTilhenger med bremser: 1200 kg<br \/>\nuten bremser: 630 kg<br \/>\nTaklast: 75 kg<\/p>\n<p><strong>Drivverk<\/strong><br \/>\nMotor: 1,0 TSI MV<br \/>\nEffekt: 110 HK<br \/>\nDreiemoment: 200 Nm @ 2000-3000 rpm<br \/>\nGirkasse: 6 trinns manuell MQ200-6F<br \/>\nForhjulstrekk<\/p>\n<p><strong>Ytelser<\/strong><br \/>\nToppfart: 189 km\/t<br \/>\n0-100: 10,8 sekunder<\/p>\n<p><strong>Forbruk<\/strong><br \/>\nOppgitt forbruk WLTP kombinert: 0,57\/10 km<br \/>\nM\u00e5lt forbruk: 0,51 (195 km &#8211; snittfart 88 km\/t)<\/p>\n<p><strong>Dekk<\/strong><br \/>\nDimensjon: 205\/65 R16<br \/>\nType: Sommerdekk<\/p>\n<p><strong>Om bilen<\/strong><br \/>\nProduksjonssted: Pamplona, Spania<br \/>\nEier: <a href=\"https:\/\/sixt.es\" target=\"_blank\" rel=\"noopener\"><strong>Sixt.es<\/strong><\/a><br \/>\nModell: 2022<br \/>\nKm-stand: 11296<br \/>\nKm kj\u00f8rt: 766<br \/>\nLeietid: 10 dager<br \/>\nKilde: <a href=\"https:\/\/www.volkswagen.de\" target=\"_blank\" rel=\"noopener\"><strong>volkswagen.de<\/strong><\/a><\/p>\n<hr \/>\n<h3 class=\"tebh2\">Se ogs\u00e5<\/h3>\n<p><figure id=\"attachment_48081\" aria-describedby=\"caption-attachment-48081\" style=\"width: 150px\" class=\"wp-caption alignleft\"><a href=\"https:\/\/terjebjornstad.com\/no\/2022\/04\/08\/skoda-kamiq\/\"><img data-recalc-dims=\"1\" loading=\"lazy\" decoding=\"async\" data-attachment-id=\"48081\" data-permalink=\"https:\/\/terjebjornstad.com\/no\/terjes-biler\/kamiq-320x400\/\" data-orig-file=\"https:\/\/i0.wp.com\/terjebjornstad.com\/no\/wp-content\/uploads\/2022\/04\/kamiq-320x400-1.png?fit=320%2C400&amp;ssl=1\" data-orig-size=\"320,400\" data-comments-opened=\"1\" data-image-meta=\"{&quot;aperture&quot;:&quot;0&quot;,&quot;credit&quot;:&quot;&quot;,&quot;camera&quot;:&quot;&quot;,&quot;caption&quot;:&quot;&quot;,&quot;created_timestamp&quot;:&quot;0&quot;,&quot;copyright&quot;:&quot;&quot;,&quot;focal_length&quot;:&quot;0&quot;,&quot;iso&quot;:&quot;0&quot;,&quot;shutter_speed&quot;:&quot;0&quot;,&quot;title&quot;:&quot;&quot;,&quot;orientation&quot;:&quot;0&quot;}\" data-image-title=\"kamiq-320&amp;#215;400\" data-image-description=\"\" data-image-caption=\"&lt;p&gt;Skoda Kamiq&lt;\/p&gt;\n\" data-large-file=\"https:\/\/i0.wp.com\/terjebjornstad.com\/no\/wp-content\/uploads\/2022\/04\/kamiq-320x400-1.png?fit=320%2C400&amp;ssl=1\" src=\"https:\/\/i0.wp.com\/terjebjornstad.com\/no\/wp-content\/uploads\/2022\/04\/kamiq-320x400-1.png?resize=150%2C150&#038;ssl=1\" alt=\"t-cross\" width=\"150\" height=\"150\" class=\"size-thumbnail wp-image-48081\" srcset=\"https:\/\/i0.wp.com\/terjebjornstad.com\/no\/wp-content\/uploads\/2022\/04\/kamiq-320x400-1.png?resize=150%2C150&amp;ssl=1 150w, https:\/\/i0.wp.com\/terjebjornstad.com\/no\/wp-content\/uploads\/2022\/04\/kamiq-320x400-1.png?resize=50%2C50&amp;ssl=1 50w, https:\/\/i0.wp.com\/terjebjornstad.com\/no\/wp-content\/uploads\/2022\/04\/kamiq-320x400-1.png?zoom=2&amp;resize=150%2C150&amp;ssl=1 300w\" sizes=\"auto, (max-width: 150px) 100vw, 150px\" \/><\/a><figcaption id=\"caption-attachment-48081\" class=\"wp-caption-text\">Skoda Kamiq<\/figcaption><\/figure><figure id=\"attachment_28927\" aria-describedby=\"caption-attachment-28927\" style=\"width: 150px\" class=\"wp-caption alignleft\"><a href=\"https:\/\/terjebjornstad.com\/no\/2020\/01\/05\/audi-q2-30-tfsi\/\"><img data-recalc-dims=\"1\" loading=\"lazy\" decoding=\"async\" data-attachment-id=\"28927\" data-permalink=\"https:\/\/terjebjornstad.com\/no\/2020\/01\/05\/audi-q2-30-tfsi\/audi-q2-1-1\/\" data-orig-file=\"https:\/\/i0.wp.com\/terjebjornstad.com\/no\/wp-content\/uploads\/2020\/01\/audi-q2-1-1.png?fit=1080%2C720&amp;ssl=1\" data-orig-size=\"1080,720\" data-comments-opened=\"1\" data-image-meta=\"{&quot;aperture&quot;:&quot;0&quot;,&quot;credit&quot;:&quot;&quot;,&quot;camera&quot;:&quot;&quot;,&quot;caption&quot;:&quot;&quot;,&quot;created_timestamp&quot;:&quot;0&quot;,&quot;copyright&quot;:&quot;&quot;,&quot;focal_length&quot;:&quot;0&quot;,&quot;iso&quot;:&quot;0&quot;,&quot;shutter_speed&quot;:&quot;0&quot;,&quot;title&quot;:&quot;&quot;,&quot;orientation&quot;:&quot;0&quot;}\" data-image-title=\"audi-q2-1-1\" data-image-description=\"&lt;p&gt;Audi Q2&lt;\/p&gt;\n\" data-image-caption=\"&lt;p&gt;Audi Q2&lt;\/p&gt;\n\" data-large-file=\"https:\/\/i0.wp.com\/terjebjornstad.com\/no\/wp-content\/uploads\/2020\/01\/audi-q2-1-1.png?fit=980%2C653&amp;ssl=1\" src=\"https:\/\/i0.wp.com\/terjebjornstad.com\/no\/wp-content\/uploads\/2020\/01\/audi-q2-1-1.png?resize=150%2C150&#038;ssl=1\" alt=\"t-cross\" width=\"150\" height=\"150\" class=\"size-thumbnail wp-image-28927\" srcset=\"https:\/\/i0.wp.com\/terjebjornstad.com\/no\/wp-content\/uploads\/2020\/01\/audi-q2-1-1.png?resize=150%2C150&amp;ssl=1 150w, https:\/\/i0.wp.com\/terjebjornstad.com\/no\/wp-content\/uploads\/2020\/01\/audi-q2-1-1.png?resize=50%2C50&amp;ssl=1 50w, https:\/\/i0.wp.com\/terjebjornstad.com\/no\/wp-content\/uploads\/2020\/01\/audi-q2-1-1.png?zoom=2&amp;resize=150%2C150&amp;ssl=1 300w, https:\/\/i0.wp.com\/terjebjornstad.com\/no\/wp-content\/uploads\/2020\/01\/audi-q2-1-1.png?zoom=3&amp;resize=150%2C150&amp;ssl=1 450w\" sizes=\"auto, (max-width: 150px) 100vw, 150px\" \/><\/a><figcaption id=\"caption-attachment-28927\" class=\"wp-caption-text\">Audi Q2<\/figcaption><\/figure><figure id=\"attachment_43564\" aria-describedby=\"caption-attachment-43564\" style=\"width: 150px\" class=\"wp-caption alignleft\"><a href=\"https:\/\/terjebjornstad.com\/no\/2021\/10\/02\/citroen-c3-aircross-er-blitt-mer-voksen\/\"><img data-recalc-dims=\"1\" loading=\"lazy\" decoding=\"async\" data-attachment-id=\"43564\" data-permalink=\"https:\/\/terjebjornstad.com\/no\/2021\/10\/02\/citroen-c3-aircross-er-blitt-mer-voksen\/10-2021-citroen-c3-aircross-1080x720\/\" data-orig-file=\"https:\/\/i0.wp.com\/terjebjornstad.com\/no\/wp-content\/uploads\/2021\/09\/10-2021-citroen-c3-aircross-1080x720-1.png?fit=1080%2C720&amp;ssl=1\" data-orig-size=\"1080,720\" data-comments-opened=\"1\" data-image-meta=\"{&quot;aperture&quot;:&quot;0&quot;,&quot;credit&quot;:&quot;&quot;,&quot;camera&quot;:&quot;&quot;,&quot;caption&quot;:&quot;&quot;,&quot;created_timestamp&quot;:&quot;0&quot;,&quot;copyright&quot;:&quot;&quot;,&quot;focal_length&quot;:&quot;0&quot;,&quot;iso&quot;:&quot;0&quot;,&quot;shutter_speed&quot;:&quot;0&quot;,&quot;title&quot;:&quot;&quot;,&quot;orientation&quot;:&quot;0&quot;}\" data-image-title=\"10-2021-citroen-c3-aircross-1080&amp;#215;720\" data-image-description=\"\" data-image-caption=\"&lt;p&gt;Citroen C3 Aircross er blitt mer voksen&lt;\/p&gt;\n\" data-large-file=\"https:\/\/i0.wp.com\/terjebjornstad.com\/no\/wp-content\/uploads\/2021\/09\/10-2021-citroen-c3-aircross-1080x720-1.png?fit=980%2C653&amp;ssl=1\" src=\"https:\/\/i0.wp.com\/terjebjornstad.com\/no\/wp-content\/uploads\/2021\/09\/10-2021-citroen-c3-aircross-1080x720-1.png?resize=150%2C150&#038;ssl=1\" alt=\"c3 aircross\" width=\"150\" height=\"150\" class=\"size-thumbnail wp-image-43564\" srcset=\"https:\/\/i0.wp.com\/terjebjornstad.com\/no\/wp-content\/uploads\/2021\/09\/10-2021-citroen-c3-aircross-1080x720-1.png?resize=150%2C150&amp;ssl=1 150w, https:\/\/i0.wp.com\/terjebjornstad.com\/no\/wp-content\/uploads\/2021\/09\/10-2021-citroen-c3-aircross-1080x720-1.png?resize=50%2C50&amp;ssl=1 50w, https:\/\/i0.wp.com\/terjebjornstad.com\/no\/wp-content\/uploads\/2021\/09\/10-2021-citroen-c3-aircross-1080x720-1.png?zoom=2&amp;resize=150%2C150&amp;ssl=1 300w, https:\/\/i0.wp.com\/terjebjornstad.com\/no\/wp-content\/uploads\/2021\/09\/10-2021-citroen-c3-aircross-1080x720-1.png?zoom=3&amp;resize=150%2C150&amp;ssl=1 450w\" sizes=\"auto, (max-width: 150px) 100vw, 150px\" \/><\/a><figcaption id=\"caption-attachment-43564\" class=\"wp-caption-text\">Citroen C3 Aircross er blitt mer voksen<\/figcaption><\/figure><figure id=\"attachment_44130\" aria-describedby=\"caption-attachment-44130\" style=\"width: 150px\" class=\"wp-caption alignleft\"><a href=\"https:\/\/terjebjornstad.com\/no\/2021\/10\/20\/mokka-med-ny-vri\/\"><img data-recalc-dims=\"1\" loading=\"lazy\" decoding=\"async\" data-attachment-id=\"44130\" data-permalink=\"https:\/\/terjebjornstad.com\/no\/terjes-biler\/mokka-avers-320x400\/\" data-orig-file=\"https:\/\/i0.wp.com\/terjebjornstad.com\/no\/wp-content\/uploads\/2021\/10\/mokka-avers-320x400-1.png?fit=320%2C400&amp;ssl=1\" data-orig-size=\"320,400\" data-comments-opened=\"1\" data-image-meta=\"{&quot;aperture&quot;:&quot;0&quot;,&quot;credit&quot;:&quot;&quot;,&quot;camera&quot;:&quot;&quot;,&quot;caption&quot;:&quot;&quot;,&quot;created_timestamp&quot;:&quot;0&quot;,&quot;copyright&quot;:&quot;&quot;,&quot;focal_length&quot;:&quot;0&quot;,&quot;iso&quot;:&quot;0&quot;,&quot;shutter_speed&quot;:&quot;0&quot;,&quot;title&quot;:&quot;&quot;,&quot;orientation&quot;:&quot;0&quot;}\" data-image-title=\"mokka-avers-320&amp;#215;400\" data-image-description=\"\" data-image-caption=\"&lt;p&gt;Mokka med ny vri&lt;\/p&gt;\n\" data-large-file=\"https:\/\/i0.wp.com\/terjebjornstad.com\/no\/wp-content\/uploads\/2021\/10\/mokka-avers-320x400-1.png?fit=320%2C400&amp;ssl=1\" src=\"https:\/\/i0.wp.com\/terjebjornstad.com\/no\/wp-content\/uploads\/2021\/10\/mokka-avers-320x400-1.png?resize=150%2C150&#038;ssl=1\" alt=\"opel mokka\" width=\"150\" height=\"150\" class=\"size-thumbnail wp-image-44130\" srcset=\"https:\/\/i0.wp.com\/terjebjornstad.com\/no\/wp-content\/uploads\/2021\/10\/mokka-avers-320x400-1.png?resize=150%2C150&amp;ssl=1 150w, https:\/\/i0.wp.com\/terjebjornstad.com\/no\/wp-content\/uploads\/2021\/10\/mokka-avers-320x400-1.png?resize=50%2C50&amp;ssl=1 50w, https:\/\/i0.wp.com\/terjebjornstad.com\/no\/wp-content\/uploads\/2021\/10\/mokka-avers-320x400-1.png?zoom=2&amp;resize=150%2C150&amp;ssl=1 300w\" sizes=\"auto, (max-width: 150px) 100vw, 150px\" \/><\/a><figcaption id=\"caption-attachment-44130\" class=\"wp-caption-text\">Mokka med ny vri<\/figcaption><\/figure><\/p>\n<h6><\/h6>\n<p><a href=\"https:\/\/terjebjornstad.com\/no\/hvordan-vi-tester-biler-testene\/\"><strong>Hvordan vi tester bilene<\/strong><\/a><\/p>\n<h6><\/h6>\n<\/div>\n","protected":false,"gt_translate_keys":[{"key":"rendered","format":"html"}]},"excerpt":{"rendered":"<p>De siste \u00e5rene har jeg f\u00e5tt stifte bekjentskap med h\u00f8ybygde sm\u00e5biler. Er du ute etter en leiebil i ferien, er dette en klasse som gir mye bil for pengene. Forsvinner fra Norge I de siste \u00e5rene har jeg kj\u00f8rt mange mil i h\u00f8ybygde sm\u00e5biler som Skoda Kamiq, Audi Q2, Citroen C3 Aircross, Opel Mokka, Renault [&hellip;]<\/p>\n","protected":false,"gt_translate_keys":[{"key":"rendered","format":"html"}]},"author":1,"featured_media":60120,"comment_status":"open","ping_status":"open","sticky":false,"template":"","format":"standard","meta":{"_monsterinsights_skip_tracking":false,"_monsterinsights_sitenote_active":false,"_monsterinsights_sitenote_note":"","_monsterinsights_sitenote_category":0,"jetpack_post_was_ever_published":false,"_jetpack_newsletter_access":"","_jetpack_dont_email_post_to_subs":false,"_jetpack_newsletter_tier_id":0,"_jetpack_memberships_contains_paywalled_content":false,"_jetpack_memberships_contains_paid_content":false,"footnotes":"","jetpack_publicize_message":"","jetpack_publicize_feature_enabled":true,"jetpack_social_post_already_shared":true,"jetpack_social_options":{"image_generator_settings":{"template":"highway","default_image_id":0,"font":"","enabled":false},"version":2}},"categories":[34,4708],"tags":[4710,4712,5102,174,258,257,4709],"class_list":["post-60147","post","type-post","status-publish","format-standard","has-post-thumbnail","hentry","category-artikkel","category-t-cross","tag-t-cross","tag-t-cross-erfaring","tag-t-cross-test","tag-test","tag-volkswagen","tag-vw","tag-vw-t-cross"],"yoast_head":"<!-- This site is optimized with the Yoast SEO plugin v27.5 - https:\/\/yoast.com\/product\/yoast-seo-wordpress\/ -->\n<title>En god klasse - Terjes biler - Volkswagen T-Cross<\/title>\n<meta name=\"description\" content=\"H\u00f8ybygde sm\u00e5biler som Volkswagen T-Cross er i ferd med \u00e5 forsvinne fra det norske markedet. Men klassen gir mye bil for pengene.\" \/>\n<meta name=\"robots\" content=\"index, follow, max-snippet:-1, max-image-preview:large, max-video-preview:-1\" \/>\n<link rel=\"canonical\" href=\"https:\/\/terjebjornstad.com\/no\/2023\/06\/11\/t-cross-en-god-klasse\/\" \/>\n<meta property=\"og:locale\" content=\"nb_NO\" \/>\n<meta property=\"og:type\" content=\"article\" \/>\n<meta property=\"og:title\" content=\"En god klasse - Terjes biler - Volkswagen T-Cross\" \/>\n<meta property=\"og:description\" content=\"H\u00f8ybygde sm\u00e5biler som Volkswagen T-Cross er i ferd med \u00e5 forsvinne fra det norske markedet. Men klassen gir mye bil for pengene.\" \/>\n<meta property=\"og:url\" content=\"https:\/\/terjebjornstad.com\/no\/2023\/06\/11\/t-cross-en-god-klasse\/\" \/>\n<meta property=\"og:site_name\" content=\"Terjes biler\" \/>\n<meta property=\"article:publisher\" content=\"https:\/\/www.facebook.com\/terjesbiler\/\" \/>\n<meta property=\"article:author\" content=\"https:\/\/www.facebook.com\/terjesbiler\" \/>\n<meta property=\"article:published_time\" content=\"2023-06-11T09:53:02+00:00\" \/>\n<meta property=\"article:modified_time\" content=\"2025-07-21T23:48:35+00:00\" \/>\n<meta property=\"og:image\" content=\"https:\/\/terjebjornstad.com\/no\/wp-content\/uploads\/2023\/06\/volkswagen-t-cross-1157-1920x1920-1.jpg\" \/>\n\t<meta property=\"og:image:width\" content=\"1920\" \/>\n\t<meta property=\"og:image:height\" content=\"1920\" \/>\n\t<meta property=\"og:image:type\" content=\"image\/jpeg\" \/>\n<meta name=\"author\" content=\"Terje Bj\u00f8rnstad\" \/>\n<meta name=\"twitter:card\" content=\"summary_large_image\" \/>\n<meta name=\"twitter:label1\" content=\"Skrevet av\" \/>\n\t<meta name=\"twitter:data1\" content=\"Terje Bj\u00f8rnstad\" \/>\n\t<meta name=\"twitter:label2\" content=\"Ansl. lesetid\" \/>\n\t<meta name=\"twitter:data2\" content=\"7 minutter\" \/>\n<script type=\"application\/ld+json\" class=\"yoast-schema-graph\">{\"@context\":\"https:\\\/\\\/schema.org\",\"@graph\":[{\"@type\":\"Article\",\"@id\":\"https:\\\/\\\/terjebjornstad.com\\\/no\\\/2023\\\/06\\\/11\\\/t-cross-en-god-klasse\\\/#article\",\"isPartOf\":{\"@id\":\"https:\\\/\\\/terjebjornstad.com\\\/no\\\/2023\\\/06\\\/11\\\/t-cross-en-god-klasse\\\/\"},\"author\":{\"name\":\"Terje Bj\u00f8rnstad\",\"@id\":\"https:\\\/\\\/terjebjornstad.com\\\/no\\\/#\\\/schema\\\/person\\\/a281f6a6e0f3cc9fe468e7f0c655aa65\"},\"headline\":\"En god klasse\",\"datePublished\":\"2023-06-11T09:53:02+00:00\",\"dateModified\":\"2025-07-21T23:48:35+00:00\",\"mainEntityOfPage\":{\"@id\":\"https:\\\/\\\/terjebjornstad.com\\\/no\\\/2023\\\/06\\\/11\\\/t-cross-en-god-klasse\\\/\"},\"wordCount\":973,\"commentCount\":2,\"publisher\":{\"@id\":\"https:\\\/\\\/terjebjornstad.com\\\/no\\\/#organization\"},\"image\":{\"@id\":\"https:\\\/\\\/terjebjornstad.com\\\/no\\\/2023\\\/06\\\/11\\\/t-cross-en-god-klasse\\\/#primaryimage\"},\"thumbnailUrl\":\"https:\\\/\\\/i0.wp.com\\\/terjebjornstad.com\\\/no\\\/wp-content\\\/uploads\\\/2023\\\/06\\\/volkswagen-t-cross-1157-1920x1920-1.jpg?fit=1920%2C1920&ssl=1\",\"keywords\":[\"T-Cross\",\"T-Cross erfaring\",\"T-Cross test\",\"Test\",\"Volkswagen\",\"VW\",\"VW T-Cross\"],\"articleSection\":[\"Artikkel\",\"T-Cross\"],\"inLanguage\":\"nb-NO\",\"potentialAction\":[{\"@type\":\"CommentAction\",\"name\":\"Comment\",\"target\":[\"https:\\\/\\\/terjebjornstad.com\\\/no\\\/2023\\\/06\\\/11\\\/t-cross-en-god-klasse\\\/#respond\"]}]},{\"@type\":\"WebPage\",\"@id\":\"https:\\\/\\\/terjebjornstad.com\\\/no\\\/2023\\\/06\\\/11\\\/t-cross-en-god-klasse\\\/\",\"url\":\"https:\\\/\\\/terjebjornstad.com\\\/no\\\/2023\\\/06\\\/11\\\/t-cross-en-god-klasse\\\/\",\"name\":\"En god klasse - Terjes biler - Volkswagen T-Cross\",\"isPartOf\":{\"@id\":\"https:\\\/\\\/terjebjornstad.com\\\/no\\\/#website\"},\"primaryImageOfPage\":{\"@id\":\"https:\\\/\\\/terjebjornstad.com\\\/no\\\/2023\\\/06\\\/11\\\/t-cross-en-god-klasse\\\/#primaryimage\"},\"image\":{\"@id\":\"https:\\\/\\\/terjebjornstad.com\\\/no\\\/2023\\\/06\\\/11\\\/t-cross-en-god-klasse\\\/#primaryimage\"},\"thumbnailUrl\":\"https:\\\/\\\/i0.wp.com\\\/terjebjornstad.com\\\/no\\\/wp-content\\\/uploads\\\/2023\\\/06\\\/volkswagen-t-cross-1157-1920x1920-1.jpg?fit=1920%2C1920&ssl=1\",\"datePublished\":\"2023-06-11T09:53:02+00:00\",\"dateModified\":\"2025-07-21T23:48:35+00:00\",\"description\":\"H\u00f8ybygde sm\u00e5biler som Volkswagen T-Cross er i ferd med \u00e5 forsvinne fra det norske markedet. Men klassen gir mye bil for pengene.\",\"breadcrumb\":{\"@id\":\"https:\\\/\\\/terjebjornstad.com\\\/no\\\/2023\\\/06\\\/11\\\/t-cross-en-god-klasse\\\/#breadcrumb\"},\"inLanguage\":\"nb-NO\",\"potentialAction\":[{\"@type\":\"ReadAction\",\"target\":[\"https:\\\/\\\/terjebjornstad.com\\\/no\\\/2023\\\/06\\\/11\\\/t-cross-en-god-klasse\\\/\"]}]},{\"@type\":\"ImageObject\",\"inLanguage\":\"nb-NO\",\"@id\":\"https:\\\/\\\/terjebjornstad.com\\\/no\\\/2023\\\/06\\\/11\\\/t-cross-en-god-klasse\\\/#primaryimage\",\"url\":\"https:\\\/\\\/i0.wp.com\\\/terjebjornstad.com\\\/no\\\/wp-content\\\/uploads\\\/2023\\\/06\\\/volkswagen-t-cross-1157-1920x1920-1.jpg?fit=1920%2C1920&ssl=1\",\"contentUrl\":\"https:\\\/\\\/i0.wp.com\\\/terjebjornstad.com\\\/no\\\/wp-content\\\/uploads\\\/2023\\\/06\\\/volkswagen-t-cross-1157-1920x1920-1.jpg?fit=1920%2C1920&ssl=1\",\"width\":1920,\"height\":1920,\"caption\":\"Volkswagen T-CrossH\u00f8ybygde sm\u00e5biler som Volkswagen T-Cross er i ferd meg \u00e5 forsvinne fra det norske markedet. Synd, for dette en klasse som gir mye bil for pengene.\"},{\"@type\":\"BreadcrumbList\",\"@id\":\"https:\\\/\\\/terjebjornstad.com\\\/no\\\/2023\\\/06\\\/11\\\/t-cross-en-god-klasse\\\/#breadcrumb\",\"itemListElement\":[{\"@type\":\"ListItem\",\"position\":1,\"name\":\"Hjem\",\"item\":\"https:\\\/\\\/terjebjornstad.com\\\/no\\\/\"},{\"@type\":\"ListItem\",\"position\":2,\"name\":\"En god klasse\"}]},{\"@type\":\"WebSite\",\"@id\":\"https:\\\/\\\/terjebjornstad.com\\\/no\\\/#website\",\"url\":\"https:\\\/\\\/terjebjornstad.com\\\/no\\\/\",\"name\":\"Terjes biler\",\"description\":\"HONEST ABOUT CARS\",\"publisher\":{\"@id\":\"https:\\\/\\\/terjebjornstad.com\\\/no\\\/#organization\"},\"alternateName\":\"Terjebjornstad.com\",\"potentialAction\":[{\"@type\":\"SearchAction\",\"target\":{\"@type\":\"EntryPoint\",\"urlTemplate\":\"https:\\\/\\\/terjebjornstad.com\\\/no\\\/?s={search_term_string}\"},\"query-input\":{\"@type\":\"PropertyValueSpecification\",\"valueRequired\":true,\"valueName\":\"search_term_string\"}}],\"inLanguage\":\"nb-NO\"},{\"@type\":\"Organization\",\"@id\":\"https:\\\/\\\/terjebjornstad.com\\\/no\\\/#organization\",\"name\":\"Terje Bj\u00f8rnstad ENK\",\"url\":\"https:\\\/\\\/terjebjornstad.com\\\/no\\\/\",\"logo\":{\"@type\":\"ImageObject\",\"inLanguage\":\"nb-NO\",\"@id\":\"https:\\\/\\\/terjebjornstad.com\\\/no\\\/#\\\/schema\\\/logo\\\/image\\\/\",\"url\":\"https:\\\/\\\/i0.wp.com\\\/terjebjornstad.com\\\/no\\\/wp-content\\\/uploads\\\/2026\\\/02\\\/terjesbiler2024-960x354-1.png?fit=960%2C354&ssl=1\",\"contentUrl\":\"https:\\\/\\\/i0.wp.com\\\/terjebjornstad.com\\\/no\\\/wp-content\\\/uploads\\\/2026\\\/02\\\/terjesbiler2024-960x354-1.png?fit=960%2C354&ssl=1\",\"width\":960,\"height\":354,\"caption\":\"Terje Bj\u00f8rnstad ENK\"},\"image\":{\"@id\":\"https:\\\/\\\/terjebjornstad.com\\\/no\\\/#\\\/schema\\\/logo\\\/image\\\/\"},\"sameAs\":[\"https:\\\/\\\/www.facebook.com\\\/terjesbiler\\\/\",\"https:\\\/\\\/www.instagram.com\\\/terjesbiler\\\/\",\"https:\\\/\\\/www.pinteres.com\\\/terjebjrnstad\\\/terjes-biler\\\/\"]},{\"@type\":\"Person\",\"@id\":\"https:\\\/\\\/terjebjornstad.com\\\/no\\\/#\\\/schema\\\/person\\\/a281f6a6e0f3cc9fe468e7f0c655aa65\",\"name\":\"Terje Bj\u00f8rnstad\",\"image\":{\"@type\":\"ImageObject\",\"inLanguage\":\"nb-NO\",\"@id\":\"https:\\\/\\\/secure.gravatar.com\\\/avatar\\\/e8dff505b51cf6cb67ae06a06022d2049aac2da1e79dc146a36b58798c4b40ea?s=96&d=mm&r=g\",\"url\":\"https:\\\/\\\/secure.gravatar.com\\\/avatar\\\/e8dff505b51cf6cb67ae06a06022d2049aac2da1e79dc146a36b58798c4b40ea?s=96&d=mm&r=g\",\"contentUrl\":\"https:\\\/\\\/secure.gravatar.com\\\/avatar\\\/e8dff505b51cf6cb67ae06a06022d2049aac2da1e79dc146a36b58798c4b40ea?s=96&d=mm&r=g\",\"caption\":\"Terje Bj\u00f8rnstad\"},\"description\":\"Terje Bj\u00f8rnstad. Bloggadministrator, hobbyfotograf og bilnerd.\",\"sameAs\":[\"https:\\\/\\\/www.facebook.com\\\/terjesbiler\",\"https:\\\/\\\/www.instagram.com\\\/terjesbiler\",\"https:\\\/\\\/no.pinterest.com\\\/terjebjrnstad\",\"https:\\\/\\\/www.youtube.com\\\/channel\\\/UCzCKJJDybyIgKqatc_JQqIg\"]}]}<\/script>\n<!-- \/ Yoast SEO plugin. -->","yoast_head_json":{"title":"En god klasse - Terjes biler - Volkswagen T-Cross","description":"H\u00f8ybygde sm\u00e5biler som Volkswagen T-Cross er i ferd med \u00e5 forsvinne fra det norske markedet. Men klassen gir mye bil for pengene.","robots":{"index":"index","follow":"follow","max-snippet":"max-snippet:-1","max-image-preview":"max-image-preview:large","max-video-preview":"max-video-preview:-1"},"canonical":"https:\/\/terjebjornstad.com\/no\/2023\/06\/11\/t-cross-en-god-klasse\/","og_locale":"nb_NO","og_type":"article","og_title":"En god klasse - Terjes biler - Volkswagen T-Cross","og_description":"H\u00f8ybygde sm\u00e5biler som Volkswagen T-Cross er i ferd med \u00e5 forsvinne fra det norske markedet. Men klassen gir mye bil for pengene.","og_url":"https:\/\/terjebjornstad.com\/no\/2023\/06\/11\/t-cross-en-god-klasse\/","og_site_name":"Terjes biler","article_publisher":"https:\/\/www.facebook.com\/terjesbiler\/","article_author":"https:\/\/www.facebook.com\/terjesbiler","article_published_time":"2023-06-11T09:53:02+00:00","article_modified_time":"2025-07-21T23:48:35+00:00","og_image":[{"width":1920,"height":1920,"url":"https:\/\/terjebjornstad.com\/no\/wp-content\/uploads\/2023\/06\/volkswagen-t-cross-1157-1920x1920-1.jpg","type":"image\/jpeg"}],"author":"Terje Bj\u00f8rnstad","twitter_card":"summary_large_image","twitter_misc":{"Skrevet av":"Terje Bj\u00f8rnstad","Ansl. lesetid":"7 minutter"},"schema":{"@context":"https:\/\/schema.org","@graph":[{"@type":"Article","@id":"https:\/\/terjebjornstad.com\/no\/2023\/06\/11\/t-cross-en-god-klasse\/#article","isPartOf":{"@id":"https:\/\/terjebjornstad.com\/no\/2023\/06\/11\/t-cross-en-god-klasse\/"},"author":{"name":"Terje Bj\u00f8rnstad","@id":"https:\/\/terjebjornstad.com\/no\/#\/schema\/person\/a281f6a6e0f3cc9fe468e7f0c655aa65"},"headline":"En god klasse","datePublished":"2023-06-11T09:53:02+00:00","dateModified":"2025-07-21T23:48:35+00:00","mainEntityOfPage":{"@id":"https:\/\/terjebjornstad.com\/no\/2023\/06\/11\/t-cross-en-god-klasse\/"},"wordCount":973,"commentCount":2,"publisher":{"@id":"https:\/\/terjebjornstad.com\/no\/#organization"},"image":{"@id":"https:\/\/terjebjornstad.com\/no\/2023\/06\/11\/t-cross-en-god-klasse\/#primaryimage"},"thumbnailUrl":"https:\/\/i0.wp.com\/terjebjornstad.com\/no\/wp-content\/uploads\/2023\/06\/volkswagen-t-cross-1157-1920x1920-1.jpg?fit=1920%2C1920&ssl=1","keywords":["T-Cross","T-Cross erfaring","T-Cross test","Test","Volkswagen","VW","VW T-Cross"],"articleSection":["Artikkel","T-Cross"],"inLanguage":"nb-NO","potentialAction":[{"@type":"CommentAction","name":"Comment","target":["https:\/\/terjebjornstad.com\/no\/2023\/06\/11\/t-cross-en-god-klasse\/#respond"]}]},{"@type":"WebPage","@id":"https:\/\/terjebjornstad.com\/no\/2023\/06\/11\/t-cross-en-god-klasse\/","url":"https:\/\/terjebjornstad.com\/no\/2023\/06\/11\/t-cross-en-god-klasse\/","name":"En god klasse - Terjes biler - Volkswagen T-Cross","isPartOf":{"@id":"https:\/\/terjebjornstad.com\/no\/#website"},"primaryImageOfPage":{"@id":"https:\/\/terjebjornstad.com\/no\/2023\/06\/11\/t-cross-en-god-klasse\/#primaryimage"},"image":{"@id":"https:\/\/terjebjornstad.com\/no\/2023\/06\/11\/t-cross-en-god-klasse\/#primaryimage"},"thumbnailUrl":"https:\/\/i0.wp.com\/terjebjornstad.com\/no\/wp-content\/uploads\/2023\/06\/volkswagen-t-cross-1157-1920x1920-1.jpg?fit=1920%2C1920&ssl=1","datePublished":"2023-06-11T09:53:02+00:00","dateModified":"2025-07-21T23:48:35+00:00","description":"H\u00f8ybygde sm\u00e5biler som Volkswagen T-Cross er i ferd med \u00e5 forsvinne fra det norske markedet. Men klassen gir mye bil for pengene.","breadcrumb":{"@id":"https:\/\/terjebjornstad.com\/no\/2023\/06\/11\/t-cross-en-god-klasse\/#breadcrumb"},"inLanguage":"nb-NO","potentialAction":[{"@type":"ReadAction","target":["https:\/\/terjebjornstad.com\/no\/2023\/06\/11\/t-cross-en-god-klasse\/"]}]},{"@type":"ImageObject","inLanguage":"nb-NO","@id":"https:\/\/terjebjornstad.com\/no\/2023\/06\/11\/t-cross-en-god-klasse\/#primaryimage","url":"https:\/\/i0.wp.com\/terjebjornstad.com\/no\/wp-content\/uploads\/2023\/06\/volkswagen-t-cross-1157-1920x1920-1.jpg?fit=1920%2C1920&ssl=1","contentUrl":"https:\/\/i0.wp.com\/terjebjornstad.com\/no\/wp-content\/uploads\/2023\/06\/volkswagen-t-cross-1157-1920x1920-1.jpg?fit=1920%2C1920&ssl=1","width":1920,"height":1920,"caption":"Volkswagen T-CrossH\u00f8ybygde sm\u00e5biler som Volkswagen T-Cross er i ferd meg \u00e5 forsvinne fra det norske markedet. Synd, for dette en klasse som gir mye bil for pengene."},{"@type":"BreadcrumbList","@id":"https:\/\/terjebjornstad.com\/no\/2023\/06\/11\/t-cross-en-god-klasse\/#breadcrumb","itemListElement":[{"@type":"ListItem","position":1,"name":"Hjem","item":"https:\/\/terjebjornstad.com\/no\/"},{"@type":"ListItem","position":2,"name":"En god klasse"}]},{"@type":"WebSite","@id":"https:\/\/terjebjornstad.com\/no\/#website","url":"https:\/\/terjebjornstad.com\/no\/","name":"Terjes biler","description":"HONEST ABOUT CARS","publisher":{"@id":"https:\/\/terjebjornstad.com\/no\/#organization"},"alternateName":"Terjebjornstad.com","potentialAction":[{"@type":"SearchAction","target":{"@type":"EntryPoint","urlTemplate":"https:\/\/terjebjornstad.com\/no\/?s={search_term_string}"},"query-input":{"@type":"PropertyValueSpecification","valueRequired":true,"valueName":"search_term_string"}}],"inLanguage":"nb-NO"},{"@type":"Organization","@id":"https:\/\/terjebjornstad.com\/no\/#organization","name":"Terje Bj\u00f8rnstad ENK","url":"https:\/\/terjebjornstad.com\/no\/","logo":{"@type":"ImageObject","inLanguage":"nb-NO","@id":"https:\/\/terjebjornstad.com\/no\/#\/schema\/logo\/image\/","url":"https:\/\/i0.wp.com\/terjebjornstad.com\/no\/wp-content\/uploads\/2026\/02\/terjesbiler2024-960x354-1.png?fit=960%2C354&ssl=1","contentUrl":"https:\/\/i0.wp.com\/terjebjornstad.com\/no\/wp-content\/uploads\/2026\/02\/terjesbiler2024-960x354-1.png?fit=960%2C354&ssl=1","width":960,"height":354,"caption":"Terje Bj\u00f8rnstad ENK"},"image":{"@id":"https:\/\/terjebjornstad.com\/no\/#\/schema\/logo\/image\/"},"sameAs":["https:\/\/www.facebook.com\/terjesbiler\/","https:\/\/www.instagram.com\/terjesbiler\/","https:\/\/www.pinteres.com\/terjebjrnstad\/terjes-biler\/"]},{"@type":"Person","@id":"https:\/\/terjebjornstad.com\/no\/#\/schema\/person\/a281f6a6e0f3cc9fe468e7f0c655aa65","name":"Terje Bj\u00f8rnstad","image":{"@type":"ImageObject","inLanguage":"nb-NO","@id":"https:\/\/secure.gravatar.com\/avatar\/e8dff505b51cf6cb67ae06a06022d2049aac2da1e79dc146a36b58798c4b40ea?s=96&d=mm&r=g","url":"https:\/\/secure.gravatar.com\/avatar\/e8dff505b51cf6cb67ae06a06022d2049aac2da1e79dc146a36b58798c4b40ea?s=96&d=mm&r=g","contentUrl":"https:\/\/secure.gravatar.com\/avatar\/e8dff505b51cf6cb67ae06a06022d2049aac2da1e79dc146a36b58798c4b40ea?s=96&d=mm&r=g","caption":"Terje Bj\u00f8rnstad"},"description":"Terje Bj\u00f8rnstad. Bloggadministrator, hobbyfotograf og bilnerd.","sameAs":["https:\/\/www.facebook.com\/terjesbiler","https:\/\/www.instagram.com\/terjesbiler","https:\/\/no.pinterest.com\/terjebjrnstad","https:\/\/www.youtube.com\/channel\/UCzCKJJDybyIgKqatc_JQqIg"]}]}},"jetpack_publicize_connections":[],"jetpack_featured_media_url":"https:\/\/i0.wp.com\/terjebjornstad.com\/no\/wp-content\/uploads\/2023\/06\/volkswagen-t-cross-1157-1920x1920-1.jpg?fit=1920%2C1920&ssl=1","jetpack_sharing_enabled":true,"jetpack_shortlink":"https:\/\/wp.me\/p48zYA-fE7","jetpack-related-posts":[{"id":47782,"url":"https:\/\/terjebjornstad.com\/no\/2022\/04\/08\/skoda-kamiq\/","url_meta":{"origin":60147,"position":0},"title":"Skoda Kamiq","author":"Terje Bj\u00f8rnstad","date":"08\/04\/2022","format":false,"excerpt":"Jeg hadde bestilt en Volkswagen T-Cross eller tilsvarende kj\u00f8ret\u00f8y. Kundebehandleren hos Sixt viste meg tre andre biler jeg kunne velge mellom. \u00a0 Valgets kval Citroen C3 Aircross, Opel Crossland eller Skoda Kamiq? Siden jeg allerede har skrevet om C3 Aircross, skulle valget falle mellom Opel og Kamiq. Jeg valgte sistnevnte\u2026","rel":"","context":"i &quot;Artikkel&quot;","block_context":{"text":"Artikkel","link":"https:\/\/terjebjornstad.com\/no\/category\/artikkel\/"},"img":{"alt_text":"","src":"https:\/\/i0.wp.com\/terjebjornstad.com\/no\/wp-content\/uploads\/2022\/04\/skoda-kamiq-1-oms-1080x1080-1.png?fit=1080%2C1080&ssl=1&resize=350%2C200","width":350,"height":200,"srcset":"https:\/\/i0.wp.com\/terjebjornstad.com\/no\/wp-content\/uploads\/2022\/04\/skoda-kamiq-1-oms-1080x1080-1.png?fit=1080%2C1080&ssl=1&resize=350%2C200 1x, https:\/\/i0.wp.com\/terjebjornstad.com\/no\/wp-content\/uploads\/2022\/04\/skoda-kamiq-1-oms-1080x1080-1.png?fit=1080%2C1080&ssl=1&resize=525%2C300 1.5x, https:\/\/i0.wp.com\/terjebjornstad.com\/no\/wp-content\/uploads\/2022\/04\/skoda-kamiq-1-oms-1080x1080-1.png?fit=1080%2C1080&ssl=1&resize=700%2C400 2x, https:\/\/i0.wp.com\/terjebjornstad.com\/no\/wp-content\/uploads\/2022\/04\/skoda-kamiq-1-oms-1080x1080-1.png?fit=1080%2C1080&ssl=1&resize=1050%2C600 3x"},"classes":[]},{"id":9543,"url":"https:\/\/terjebjornstad.com\/no\/2017\/03\/05\/psa-kjoper-opel\/","url_meta":{"origin":60147,"position":1},"title":"PSA kj\u00f8per Opel","author":"Terje Bj\u00f8rnstad","date":"05\/03\/2017","format":false,"excerpt":"Den franske bilgiganten PSA har gitt gr\u00f8nt lys for \u00e5 kj\u00f8pe de europeiske aksjene i GM (Opel og Vauxhall). Det er ventet at oppkj\u00f8pet skal offentliggj\u00f8res i dag, mandag 6 mars. Den nye PSA-gruppen vil dermed bli Europas nest st\u00f8rste bilfabrikant etter Volkswagen-gruppen. De to bilgigantene vil til sammen produsere\u2026","rel":"","context":"i &quot;Artikkel&quot;","block_context":{"text":"Artikkel","link":"https:\/\/terjebjornstad.com\/no\/category\/artikkel\/"},"img":{"alt_text":"","src":"https:\/\/i0.wp.com\/terjebjornstad.com\/no\/wp-content\/uploads\/2017\/03\/psa-opel.png?resize=350%2C200&ssl=1","width":350,"height":200,"srcset":"https:\/\/i0.wp.com\/terjebjornstad.com\/no\/wp-content\/uploads\/2017\/03\/psa-opel.png?resize=350%2C200&ssl=1 1x, https:\/\/i0.wp.com\/terjebjornstad.com\/no\/wp-content\/uploads\/2017\/03\/psa-opel.png?resize=525%2C300&ssl=1 1.5x"},"classes":[]},{"id":366,"url":"https:\/\/terjebjornstad.com\/no\/2013\/08\/03\/hva-skjer-med-opel\/","url_meta":{"origin":60147,"position":2},"title":"Hva skjer med Opel?","author":"Terje Bj\u00f8rnstad","date":"03\/08\/2013","format":false,"excerpt":"I likhet med mange, har jeg eid flere nye Opeler. Den siste ble anskaffet for litt over tyve \u00e5r siden. Jeg hatt anledning til \u00e5 anskaffe flere nye biler de siste \u00e5rene, men aldri vurdert \u00e5 kj\u00f8pe Opel. Jeg tror jeg vet hvorfor. Opels markedsandel i Norge har g\u00e5tt jevn\u2026","rel":"","context":"i &quot;Artikkel&quot;","block_context":{"text":"Artikkel","link":"https:\/\/terjebjornstad.com\/no\/category\/artikkel\/"},"img":{"alt_text":"","src":"https:\/\/i0.wp.com\/terjebjornstad.com\/no\/wp-content\/uploads\/2013\/08\/astra5d_front.png?fit=640%2C376&ssl=1&resize=350%2C200","width":350,"height":200,"srcset":"https:\/\/i0.wp.com\/terjebjornstad.com\/no\/wp-content\/uploads\/2013\/08\/astra5d_front.png?fit=640%2C376&ssl=1&resize=350%2C200 1x, https:\/\/i0.wp.com\/terjebjornstad.com\/no\/wp-content\/uploads\/2013\/08\/astra5d_front.png?fit=640%2C376&ssl=1&resize=525%2C300 1.5x"},"classes":[]},{"id":14975,"url":"https:\/\/terjebjornstad.com\/no\/2018\/03\/12\/volvo-v40-cross-country\/","url_meta":{"origin":60147,"position":3},"title":"Volvo V40 Cross Country","author":"Terje Bj\u00f8rnstad","date":"12\/03\/2018","format":false,"excerpt":"Ny grill, nye motorer og Thors Hammer. Det er hva som var nytt da Volvo V40 fikk en facelift i fjor. Thors Hammer er Volvos nye, unike kjennemerke. De hammer-formede kj\u00f8relysene gj\u00f8r ikke bare en god jobb som kj\u00f8relys, de skaper gjenkjennelseseffekt. Du skj\u00f8nner med en gang at de tilh\u00f8rer\u2026","rel":"","context":"i &quot;Artikkel&quot;","block_context":{"text":"Artikkel","link":"https:\/\/terjebjornstad.com\/no\/category\/artikkel\/"},"img":{"alt_text":"","src":"https:\/\/i0.wp.com\/terjebjornstad.com\/no\/wp-content\/uploads\/2018\/03\/2018-volvo-v40-cross-country-d2-1.png?fit=686%2C457&ssl=1&resize=350%2C200","width":350,"height":200,"srcset":"https:\/\/i0.wp.com\/terjebjornstad.com\/no\/wp-content\/uploads\/2018\/03\/2018-volvo-v40-cross-country-d2-1.png?fit=686%2C457&ssl=1&resize=350%2C200 1x, https:\/\/i0.wp.com\/terjebjornstad.com\/no\/wp-content\/uploads\/2018\/03\/2018-volvo-v40-cross-country-d2-1.png?fit=686%2C457&ssl=1&resize=525%2C300 1.5x"},"classes":[]},{"id":64994,"url":"https:\/\/terjebjornstad.com\/no\/2023\/10\/25\/leap-3-0-kan-bane-vei-for-smabiler\/","url_meta":{"origin":60147,"position":4},"title":"Leap 3.0 kan bane vei for sm\u00e5biler","author":"Terje Bj\u00f8rnstad","date":"25\/10\/2023","format":false,"excerpt":"Da Leapmotor avdekket sin nyeste modell C10 p\u00e5 IAA Mobility-messen i M\u00fcnchen, var det ikke bilen som var det mest oppsiktsvekkende, men teknologien under skallet. Den kan nemlig \u00e5pne for en ny generasjon elbiler. Kan ny teknologi bane vei for sm\u00e5biler? En el-SUV p\u00e5 4,8 meter fra et relativt ukjent\u2026","rel":"","context":"i &quot;Artikkel&quot;","block_context":{"text":"Artikkel","link":"https:\/\/terjebjornstad.com\/no\/category\/artikkel\/"},"img":{"alt_text":"","src":"https:\/\/i0.wp.com\/terjebjornstad.com\/no\/wp-content\/uploads\/2023\/10\/leapmotor-c10-1628x915-1.jpg?fit=1200%2C674&ssl=1&resize=350%2C200","width":350,"height":200,"srcset":"https:\/\/i0.wp.com\/terjebjornstad.com\/no\/wp-content\/uploads\/2023\/10\/leapmotor-c10-1628x915-1.jpg?fit=1200%2C674&ssl=1&resize=350%2C200 1x, https:\/\/i0.wp.com\/terjebjornstad.com\/no\/wp-content\/uploads\/2023\/10\/leapmotor-c10-1628x915-1.jpg?fit=1200%2C674&ssl=1&resize=525%2C300 1.5x, https:\/\/i0.wp.com\/terjebjornstad.com\/no\/wp-content\/uploads\/2023\/10\/leapmotor-c10-1628x915-1.jpg?fit=1200%2C674&ssl=1&resize=700%2C400 2x, https:\/\/i0.wp.com\/terjebjornstad.com\/no\/wp-content\/uploads\/2023\/10\/leapmotor-c10-1628x915-1.jpg?fit=1200%2C674&ssl=1&resize=1050%2C600 3x"},"classes":[]},{"id":17847,"url":"https:\/\/terjebjornstad.com\/no\/2018\/07\/11\/fa-riktig-bil\/","url_meta":{"origin":60147,"position":5},"title":"F\u00e5 riktig bil!","author":"Terje Bj\u00f8rnstad","date":"11\/07\/2018","format":false,"excerpt":"Du f\u00e5r ikke alltid den leiebilen du bestiller \u2026 N\u00e5r du bestiller leiebil, bestiller du ikke en bestemt modell, men en modell som tilfredsstiller egenskapene i en 4-bokstavs kode. Koden kalles SIPP-kode eller ACRISS-kode. Det er en frivillig standard som beskriver leiebiler p\u00e5 tvers av merke, modell, land og kultur.\u2026","rel":"","context":"i &quot;Artikkel&quot;","block_context":{"text":"Artikkel","link":"https:\/\/terjebjornstad.com\/no\/category\/artikkel\/"},"img":{"alt_text":"","src":"https:\/\/i0.wp.com\/terjebjornstad.com\/no\/wp-content\/uploads\/2018\/07\/opel-corsa-es-red.png?fit=686%2C457&ssl=1&resize=350%2C200","width":350,"height":200,"srcset":"https:\/\/i0.wp.com\/terjebjornstad.com\/no\/wp-content\/uploads\/2018\/07\/opel-corsa-es-red.png?fit=686%2C457&ssl=1&resize=350%2C200 1x, https:\/\/i0.wp.com\/terjebjornstad.com\/no\/wp-content\/uploads\/2018\/07\/opel-corsa-es-red.png?fit=686%2C457&ssl=1&resize=525%2C300 1.5x"},"classes":[]}],"gt_translate_keys":[{"key":"link","format":"url"}],"_links":{"self":[{"href":"https:\/\/terjebjornstad.com\/no\/wp-json\/wp\/v2\/posts\/60147","targetHints":{"allow":["GET"]}}],"collection":[{"href":"https:\/\/terjebjornstad.com\/no\/wp-json\/wp\/v2\/posts"}],"about":[{"href":"https:\/\/terjebjornstad.com\/no\/wp-json\/wp\/v2\/types\/post"}],"author":[{"embeddable":true,"href":"https:\/\/terjebjornstad.com\/no\/wp-json\/wp\/v2\/users\/1"}],"replies":[{"embeddable":true,"href":"https:\/\/terjebjornstad.com\/no\/wp-json\/wp\/v2\/comments?post=60147"}],"version-history":[{"count":16,"href":"https:\/\/terjebjornstad.com\/no\/wp-json\/wp\/v2\/posts\/60147\/revisions"}],"predecessor-version":[{"id":83148,"href":"https:\/\/terjebjornstad.com\/no\/wp-json\/wp\/v2\/posts\/60147\/revisions\/83148"}],"wp:featuredmedia":[{"embeddable":true,"href":"https:\/\/terjebjornstad.com\/no\/wp-json\/wp\/v2\/media\/60120"}],"wp:attachment":[{"href":"https:\/\/terjebjornstad.com\/no\/wp-json\/wp\/v2\/media?parent=60147"}],"wp:term":[{"taxonomy":"category","embeddable":true,"href":"https:\/\/terjebjornstad.com\/no\/wp-json\/wp\/v2\/categories?post=60147"},{"taxonomy":"post_tag","embeddable":true,"href":"https:\/\/terjebjornstad.com\/no\/wp-json\/wp\/v2\/tags?post=60147"}],"curies":[{"name":"wp","href":"https:\/\/api.w.org\/{rel}","templated":true}]}}