{"id":58512,"date":"2023-03-25T00:17:05","date_gmt":"2023-03-24T23:17:05","guid":{"rendered":"https:\/\/terjebjornstad.com\/no\/?p=58512"},"modified":"2025-07-22T23:23:25","modified_gmt":"2025-07-22T22:23:25","slug":"ford-explorer-volkswagen-meb","status":"publish","type":"post","link":"https:\/\/terjebjornstad.com\/no\/2023\/03\/25\/ford-explorer-volkswagen-meb\/","title":{"rendered":"Ford og Volkswagen knytter b\u00e5nd","gt_translate_keys":[{"key":"rendered","format":"text"}]},"content":{"rendered":"<div class=\"copy_teb\"><figure id=\"attachment_58521\" aria-describedby=\"caption-attachment-58521\" style=\"width: 2560px\" class=\"wp-caption aligncenter\"><a href=\"https:\/\/i0.wp.com\/terjebjornstad.com\/no\/wp-content\/uploads\/2023\/03\/2023Ford_TheNewAll-ElectricFordExplorer_Norway_03-scaled.jpg?ssl=1\"><img data-recalc-dims=\"1\" loading=\"lazy\" decoding=\"async\" data-attachment-id=\"58521\" data-permalink=\"https:\/\/terjebjornstad.com\/no\/2023\/03\/25\/ford-explorer-volkswagen-meb\/the-new-all-electric-ford-explorer-2\/\" data-orig-file=\"https:\/\/i0.wp.com\/terjebjornstad.com\/no\/wp-content\/uploads\/2023\/03\/2023Ford_TheNewAll-ElectricFordExplorer_Norway_03-scaled.jpg?fit=2560%2C1948&amp;ssl=1\" data-orig-size=\"2560,1948\" data-comments-opened=\"1\" data-image-meta=\"{&quot;aperture&quot;:&quot;0&quot;,&quot;credit&quot;:&quot;&quot;,&quot;camera&quot;:&quot;&quot;,&quot;caption&quot;:&quot;License expires -------------------------- 28\/03\/2026  License scope -------------------------- A - Earned editorial, press releases, press kits B - All non-broadcast digital and online media D - All print media (newspaper, magazine etc)  Copyright and image rights -------------------------- This content is solely for editorial use and for providing individual users with information. Any storage in databases, or any distribution to third parties within the scope of commercial use, or for commercial use is permitted with written consent from Ford of Europe GmbH only.&quot;,&quot;created_timestamp&quot;:&quot;0&quot;,&quot;copyright&quot;:&quot;&quot;,&quot;focal_length&quot;:&quot;0&quot;,&quot;iso&quot;:&quot;0&quot;,&quot;shutter_speed&quot;:&quot;0&quot;,&quot;title&quot;:&quot;The New All-Electric Ford Explorer&quot;,&quot;orientation&quot;:&quot;0&quot;}\" data-image-title=\"The New All-Electric Ford Explorer\" data-image-description=\"\" data-image-caption=\"&lt;p&gt;Ford og Volkswagen knytter b\u00e5nd&lt;\/p&gt;\n\" data-large-file=\"https:\/\/i0.wp.com\/terjebjornstad.com\/no\/wp-content\/uploads\/2023\/03\/2023Ford_TheNewAll-ElectricFordExplorer_Norway_03-scaled.jpg?fit=980%2C746&amp;ssl=1\" src=\"https:\/\/i0.wp.com\/terjebjornstad.com\/no\/wp-content\/uploads\/2023\/03\/2023Ford_TheNewAll-ElectricFordExplorer_Norway_03-scaled.jpg?resize=980%2C746&#038;ssl=1\" alt=\"explorer\" width=\"980\" height=\"746\" class=\"size-full wp-image-58521\" srcset=\"https:\/\/i0.wp.com\/terjebjornstad.com\/no\/wp-content\/uploads\/2023\/03\/2023Ford_TheNewAll-ElectricFordExplorer_Norway_03-scaled.jpg?w=2560&amp;ssl=1 2560w, https:\/\/i0.wp.com\/terjebjornstad.com\/no\/wp-content\/uploads\/2023\/03\/2023Ford_TheNewAll-ElectricFordExplorer_Norway_03-scaled.jpg?resize=300%2C228&amp;ssl=1 300w, https:\/\/i0.wp.com\/terjebjornstad.com\/no\/wp-content\/uploads\/2023\/03\/2023Ford_TheNewAll-ElectricFordExplorer_Norway_03-scaled.jpg?resize=1080%2C822&amp;ssl=1 1080w, https:\/\/i0.wp.com\/terjebjornstad.com\/no\/wp-content\/uploads\/2023\/03\/2023Ford_TheNewAll-ElectricFordExplorer_Norway_03-scaled.jpg?resize=768%2C584&amp;ssl=1 768w, https:\/\/i0.wp.com\/terjebjornstad.com\/no\/wp-content\/uploads\/2023\/03\/2023Ford_TheNewAll-ElectricFordExplorer_Norway_03-scaled.jpg?resize=1536%2C1169&amp;ssl=1 1536w, https:\/\/i0.wp.com\/terjebjornstad.com\/no\/wp-content\/uploads\/2023\/03\/2023Ford_TheNewAll-ElectricFordExplorer_Norway_03-scaled.jpg?resize=2048%2C1559&amp;ssl=1 2048w, https:\/\/i0.wp.com\/terjebjornstad.com\/no\/wp-content\/uploads\/2023\/03\/2023Ford_TheNewAll-ElectricFordExplorer_Norway_03-scaled.jpg?resize=690%2C525&amp;ssl=1 690w, https:\/\/i0.wp.com\/terjebjornstad.com\/no\/wp-content\/uploads\/2023\/03\/2023Ford_TheNewAll-ElectricFordExplorer_Norway_03-scaled.jpg?resize=980%2C746&amp;ssl=1 980w, https:\/\/i0.wp.com\/terjebjornstad.com\/no\/wp-content\/uploads\/2023\/03\/2023Ford_TheNewAll-ElectricFordExplorer_Norway_03-scaled.jpg?w=1960&amp;ssl=1 1960w\" sizes=\"auto, (max-width: 980px) 100vw, 980px\" \/><\/a><figcaption id=\"caption-attachment-58521\" class=\"wp-caption-text\">Hel-elektrisk Ford Explrorer kan bli en flott hyttebil<\/figcaption><\/figure><\/p>\n<blockquote><p>Ford Europa har store ambisjoner for elbiler. Innen 2030 skal de kun tilby elektriske kj\u00f8ret\u00f8y i Europa. Produksjonsanlegget i K\u00f6ln skal omdannes til noe de kaller et <em>Electrification Center<\/em>. Produksjonen av Fiesta er allerede stanset der &#8211; og om jeg ikke tar feil, skal produksjonen av Focus v\u00e6re flyttet innen \u00e5ret er omme. <\/p><\/blockquote>\n\n<h3 class=\"tebh2\">Enda en Explorer?<\/h3>\n<p>Da Ford lettet p\u00e5 sl\u00f8ret til den f\u00f8rste av de nye elbilene denne uken, viste de oss hva de holder p\u00e5 med. Men det ga ikke bare svar &#8211; det ga ogs\u00e5 flere sp\u00f8rsm\u00e5lstegn. <\/p>\n<p>Man kan jo undre seg hvorfor Ford skaper en ny Explorer, n\u00e5r de allerede har en modell med samme navn i modellprogrammet sitt &#8211; og ingen av de to modellene har noe som helst til felles. Jeg forundrer meg ogs\u00e5 over at den nye modellen skal ligge s\u00e5 tett opp til Mustang Mach-E med hensyn til st\u00f8rrelse, egenskaper og pris. Jeg greier heller ikke \u00e5 finne noen ytre trekk ved nye Explorer som fremhever den i forhold til Volkswagen-gruppens egne MEB-baserte modeller som Volkswagen ID.4, Skoda Enyaq og Audi Q4 e-tron, skj\u00f8nt det handler vel om smak og behag.<br \/>\n&nbsp;<br \/>\nJeg tror Ford hadde v\u00e6rt bedre tjent med \u00e5 utvikle en mer folkelig modell som kunne appellere til Fords eksisterende markeder p\u00e5 kontinentet og i UK. Her hjemme kan nok nye Explorer ha en fair sjanse som hyttebil. Vi f\u00e5r \u00e5penbart ikke nok av firkantede SUV&#8217;er med tunge batterier. Dessuten vil nok mange kunder velge Ford basert p\u00e5 tidligere merkelojalitet og gode erfaringer med Ford-forhandlere. <\/p>\n<p>&nbsp;<br \/>\n<figure id=\"attachment_58517\" aria-describedby=\"caption-attachment-58517\" style=\"width: 1280px\" class=\"wp-caption aligncenter\"><a href=\"https:\/\/i0.wp.com\/terjebjornstad.com\/no\/wp-content\/uploads\/2023\/03\/2023_FORD_TheNewAll-ElectricFordExplorer_Studio_3.jpg?ssl=1\"><img data-recalc-dims=\"1\" loading=\"lazy\" decoding=\"async\" data-attachment-id=\"58517\" data-permalink=\"https:\/\/terjebjornstad.com\/no\/2023\/03\/25\/ford-explorer-volkswagen-meb\/2023_ford_thenewall-electricfordexplorer_studio_3\/\" data-orig-file=\"https:\/\/i0.wp.com\/terjebjornstad.com\/no\/wp-content\/uploads\/2023\/03\/2023_FORD_TheNewAll-ElectricFordExplorer_Studio_3.jpg?fit=1280%2C960&amp;ssl=1\" data-orig-size=\"1280,960\" data-comments-opened=\"1\" data-image-meta=\"{&quot;aperture&quot;:&quot;0&quot;,&quot;credit&quot;:&quot;&quot;,&quot;camera&quot;:&quot;&quot;,&quot;caption&quot;:&quot;&quot;,&quot;created_timestamp&quot;:&quot;0&quot;,&quot;copyright&quot;:&quot;&quot;,&quot;focal_length&quot;:&quot;0&quot;,&quot;iso&quot;:&quot;0&quot;,&quot;shutter_speed&quot;:&quot;0&quot;,&quot;title&quot;:&quot;&quot;,&quot;orientation&quot;:&quot;0&quot;}\" data-image-title=\"2023_FORD_TheNewAll-ElectricFordExplorer_Studio_3\" data-image-description=\"\" data-image-caption=\"&lt;p&gt;Ford Explorer (MEB)&lt;\/p&gt;\n\" data-large-file=\"https:\/\/i0.wp.com\/terjebjornstad.com\/no\/wp-content\/uploads\/2023\/03\/2023_FORD_TheNewAll-ElectricFordExplorer_Studio_3.jpg?fit=980%2C735&amp;ssl=1\" src=\"https:\/\/i0.wp.com\/terjebjornstad.com\/no\/wp-content\/uploads\/2023\/03\/2023_FORD_TheNewAll-ElectricFordExplorer_Studio_3.jpg?resize=980%2C735&#038;ssl=1\" alt=\"\" width=\"980\" height=\"735\" class=\"size-full wp-image-58517\" srcset=\"https:\/\/i0.wp.com\/terjebjornstad.com\/no\/wp-content\/uploads\/2023\/03\/2023_FORD_TheNewAll-ElectricFordExplorer_Studio_3.jpg?w=1280&amp;ssl=1 1280w, https:\/\/i0.wp.com\/terjebjornstad.com\/no\/wp-content\/uploads\/2023\/03\/2023_FORD_TheNewAll-ElectricFordExplorer_Studio_3.jpg?resize=300%2C225&amp;ssl=1 300w, https:\/\/i0.wp.com\/terjebjornstad.com\/no\/wp-content\/uploads\/2023\/03\/2023_FORD_TheNewAll-ElectricFordExplorer_Studio_3.jpg?resize=1080%2C810&amp;ssl=1 1080w, https:\/\/i0.wp.com\/terjebjornstad.com\/no\/wp-content\/uploads\/2023\/03\/2023_FORD_TheNewAll-ElectricFordExplorer_Studio_3.jpg?resize=768%2C576&amp;ssl=1 768w, https:\/\/i0.wp.com\/terjebjornstad.com\/no\/wp-content\/uploads\/2023\/03\/2023_FORD_TheNewAll-ElectricFordExplorer_Studio_3.jpg?resize=690%2C518&amp;ssl=1 690w, https:\/\/i0.wp.com\/terjebjornstad.com\/no\/wp-content\/uploads\/2023\/03\/2023_FORD_TheNewAll-ElectricFordExplorer_Studio_3.jpg?resize=980%2C735&amp;ssl=1 980w\" sizes=\"auto, (max-width: 980px) 100vw, 980px\" \/><\/a><figcaption id=\"caption-attachment-58517\" class=\"wp-caption-text\">Ford Explorer (MEB)<\/figcaption><\/figure><\/p>\n<hr \/>\n<p><br \/>\n<figure id=\"attachment_58519\" aria-describedby=\"caption-attachment-58519\" style=\"width: 2560px\" class=\"wp-caption aligncenter\"><a href=\"https:\/\/i0.wp.com\/terjebjornstad.com\/no\/wp-content\/uploads\/2023\/03\/2023_FORD_TheNewAll-ElectricFordExplorer_Studio_12-scaled.jpg?ssl=1\"><img data-recalc-dims=\"1\" loading=\"lazy\" decoding=\"async\" data-attachment-id=\"58519\" data-permalink=\"https:\/\/terjebjornstad.com\/no\/2023\/03\/25\/ford-explorer-volkswagen-meb\/the-new-all-electric-ford-explorer\/\" data-orig-file=\"https:\/\/i0.wp.com\/terjebjornstad.com\/no\/wp-content\/uploads\/2023\/03\/2023_FORD_TheNewAll-ElectricFordExplorer_Studio_12-scaled.jpg?fit=2560%2C1920&amp;ssl=1\" data-orig-size=\"2560,1920\" data-comments-opened=\"1\" data-image-meta=\"{&quot;aperture&quot;:&quot;0&quot;,&quot;credit&quot;:&quot;&quot;,&quot;camera&quot;:&quot;&quot;,&quot;caption&quot;:&quot;License expires -------------------------- 28\/03\/2026  License scope -------------------------- A - Earned editorial, press releases, press kits B - All non-broadcast digital and online media D - All print media (newspaper, magazine etc)  Copyright and image rights -------------------------- This content is solely for editorial use and for providing individual users with information. Any storage in databases, or any distribution to third parties within the scope of commercial use, or for commercial use is permitted with written consent from Ford of Europe GmbH only.&quot;,&quot;created_timestamp&quot;:&quot;0&quot;,&quot;copyright&quot;:&quot;&quot;,&quot;focal_length&quot;:&quot;0&quot;,&quot;iso&quot;:&quot;0&quot;,&quot;shutter_speed&quot;:&quot;0&quot;,&quot;title&quot;:&quot;The New All-Electric Ford Explorer&quot;,&quot;orientation&quot;:&quot;0&quot;}\" data-image-title=\"The New All-Electric Ford Explorer\" data-image-description=\"\" data-image-caption=\"&lt;p&gt;Nye Ford Explorer interi\u00f8r.&lt;\/p&gt;\n\" data-large-file=\"https:\/\/i0.wp.com\/terjebjornstad.com\/no\/wp-content\/uploads\/2023\/03\/2023_FORD_TheNewAll-ElectricFordExplorer_Studio_12-scaled.jpg?fit=980%2C735&amp;ssl=1\" src=\"https:\/\/i0.wp.com\/terjebjornstad.com\/no\/wp-content\/uploads\/2023\/03\/2023_FORD_TheNewAll-ElectricFordExplorer_Studio_12-scaled.jpg?resize=980%2C735&#038;ssl=1\" alt=\"\" width=\"980\" height=\"735\" class=\"size-full wp-image-58519\" srcset=\"https:\/\/i0.wp.com\/terjebjornstad.com\/no\/wp-content\/uploads\/2023\/03\/2023_FORD_TheNewAll-ElectricFordExplorer_Studio_12-scaled.jpg?w=2560&amp;ssl=1 2560w, https:\/\/i0.wp.com\/terjebjornstad.com\/no\/wp-content\/uploads\/2023\/03\/2023_FORD_TheNewAll-ElectricFordExplorer_Studio_12-scaled.jpg?resize=300%2C225&amp;ssl=1 300w, https:\/\/i0.wp.com\/terjebjornstad.com\/no\/wp-content\/uploads\/2023\/03\/2023_FORD_TheNewAll-ElectricFordExplorer_Studio_12-scaled.jpg?resize=1080%2C810&amp;ssl=1 1080w, https:\/\/i0.wp.com\/terjebjornstad.com\/no\/wp-content\/uploads\/2023\/03\/2023_FORD_TheNewAll-ElectricFordExplorer_Studio_12-scaled.jpg?resize=768%2C576&amp;ssl=1 768w, https:\/\/i0.wp.com\/terjebjornstad.com\/no\/wp-content\/uploads\/2023\/03\/2023_FORD_TheNewAll-ElectricFordExplorer_Studio_12-scaled.jpg?resize=1536%2C1152&amp;ssl=1 1536w, https:\/\/i0.wp.com\/terjebjornstad.com\/no\/wp-content\/uploads\/2023\/03\/2023_FORD_TheNewAll-ElectricFordExplorer_Studio_12-scaled.jpg?resize=2048%2C1536&amp;ssl=1 2048w, https:\/\/i0.wp.com\/terjebjornstad.com\/no\/wp-content\/uploads\/2023\/03\/2023_FORD_TheNewAll-ElectricFordExplorer_Studio_12-scaled.jpg?resize=690%2C518&amp;ssl=1 690w, https:\/\/i0.wp.com\/terjebjornstad.com\/no\/wp-content\/uploads\/2023\/03\/2023_FORD_TheNewAll-ElectricFordExplorer_Studio_12-scaled.jpg?resize=980%2C735&amp;ssl=1 980w, https:\/\/i0.wp.com\/terjebjornstad.com\/no\/wp-content\/uploads\/2023\/03\/2023_FORD_TheNewAll-ElectricFordExplorer_Studio_12-scaled.jpg?w=1960&amp;ssl=1 1960w\" sizes=\"auto, (max-width: 980px) 100vw, 980px\" \/><\/a><figcaption id=\"caption-attachment-58519\" class=\"wp-caption-text\">Nye Ford Explorer interi\u00f8r.<\/figcaption><\/figure><\/p>\n<h3 class=\"tebh2\">Firkantet ratt og regulerbar skjerm<\/h3>\n<p>Lanseringen av nye Explorer ga ikke s\u00e6rlig mange konkrete opplysninger om MEB-plattformen, skj\u00f8nt alle vet at den <em>er<\/em> der og tilbyr rekkevidde, lading og motorkraft p\u00e5 h\u00f8yde med de beste p\u00e5 markedet. Dessuten kan det hende at plattformen f\u00e5r ytterligere forbedringer n\u00e5r det n\u00e6rmer seg produksjon.<br \/>\n&nbsp;<br \/>\nHva mer er det verdt \u00e5 merke seg med nye Explorer?<br \/>\n&nbsp;<br \/>\nEt firkantet ratt og en regulerbar skjerm. Det siste tror jeg mange vil hilse velkommen. Det er faktisk en god id\u00e9. <a href=\"https:\/\/terjebjornstad.com\/no\/wp-content\/uploads\/2023\/03\/2023_FORD_TheNewAll-ElectricFordExplorer_StillAnimation_01.gif\">Se demo!<\/a><\/p>\n<h3 class=\"tebh2\">For tidlig \u00e5 trekke konklusjoner<\/h3>\n<p>N\u00e5r jeg uttrykker skepsis til Fords nye elbil, er det f\u00f8rst og fremst fordi jeg ikke ser noen vesentlige fordeler, sammenlignet med b\u00e5de Fords egen Mustang Mach-E og Volkswagen-gruppens egne MEB-modeller. Ford kunne vel ha funnet p\u00e5 noe bedre enn en regulerbar skjerm? Men la meg samtidig tilf\u00f8ye at bilen neppe er ferdig utviklet. Det kan hende at Ford har ett og annet ess i ermet n\u00e5r bilene g\u00e5r i produksjon.<\/p>\n<hr \/>\n\n<blockquote><p>Du kan reservere nye Ford Explorer allerede n\u00e5. Det er helt uten forpliktelser. Din reservasjon vil v\u00e6re en opsjon til \u00e5 v\u00e6re blant de f\u00f8rste til \u00e5 bestille n\u00e5r bestillingene \u00e5pner. <\/p><\/blockquote>\n<p><a href=\"https:\/\/www.ford.no\" target=\"_blank\" rel=\"noopener\"><strong>Ford.no<\/strong><\/a><\/p>\n<hr \/>\n\n<h3 class=\"tebh2bigger\">Et fornuftsekteskap<\/h3>\n<p>Samarbeidet mellom Volkswagen og Ford involverer ingen eierskap i hverandres selskaper. Det handler om et slags fornuftsekteskap som begge trekker fordeler av. De to selskapene har samarbeidet tidligere, blant annet om modellene Ford Galaxy og Volkswagen Sharan. Dagens samarbeid ble formalisert i 2019 og omfatter flere sentrale modeller. <\/p>\n<hr \/>\n\n<h3 class=\"tebh2\">Volkswagen Amarok og Ford Ranger<\/h3>\n<p><figure id=\"attachment_58524\" aria-describedby=\"caption-attachment-58524\" style=\"width: 1920px\" class=\"wp-caption aligncenter\"><a href=\"https:\/\/i0.wp.com\/terjebjornstad.com\/no\/wp-content\/uploads\/2023\/03\/Ford-Ranger-Wildtrak-1920x1280-1.jpg?ssl=1\"><img data-recalc-dims=\"1\" loading=\"lazy\" decoding=\"async\" data-attachment-id=\"58524\" data-permalink=\"https:\/\/terjebjornstad.com\/no\/2023\/03\/25\/ford-explorer-volkswagen-meb\/ford-ranger-wildtrak-1920x1280\/\" data-orig-file=\"https:\/\/i0.wp.com\/terjebjornstad.com\/no\/wp-content\/uploads\/2023\/03\/Ford-Ranger-Wildtrak-1920x1280-1.jpg?fit=1920%2C1280&amp;ssl=1\" data-orig-size=\"1920,1280\" data-comments-opened=\"1\" data-image-meta=\"{&quot;aperture&quot;:&quot;4&quot;,&quot;credit&quot;:&quot;&quot;,&quot;camera&quot;:&quot;Canon EOS 5D Mark III&quot;,&quot;caption&quot;:&quot;&quot;,&quot;created_timestamp&quot;:&quot;1661440796&quot;,&quot;copyright&quot;:&quot;&quot;,&quot;focal_length&quot;:&quot;35&quot;,&quot;iso&quot;:&quot;400&quot;,&quot;shutter_speed&quot;:&quot;0.000125&quot;,&quot;title&quot;:&quot;&quot;,&quot;orientation&quot;:&quot;1&quot;}\" data-image-title=\"Ford-Ranger-Wildtrak-1920&amp;#215;1280\" data-image-description=\"\" data-image-caption=\"&lt;p&gt;Ford Ranger Wildtrak&lt;\/p&gt;\n\" data-large-file=\"https:\/\/i0.wp.com\/terjebjornstad.com\/no\/wp-content\/uploads\/2023\/03\/Ford-Ranger-Wildtrak-1920x1280-1.jpg?fit=980%2C653&amp;ssl=1\" src=\"https:\/\/i0.wp.com\/terjebjornstad.com\/no\/wp-content\/uploads\/2023\/03\/Ford-Ranger-Wildtrak-1920x1280-1.jpg?resize=980%2C653&#038;ssl=1\" alt=\"\" width=\"980\" height=\"653\" class=\"size-full wp-image-58524\" srcset=\"https:\/\/i0.wp.com\/terjebjornstad.com\/no\/wp-content\/uploads\/2023\/03\/Ford-Ranger-Wildtrak-1920x1280-1.jpg?w=1920&amp;ssl=1 1920w, https:\/\/i0.wp.com\/terjebjornstad.com\/no\/wp-content\/uploads\/2023\/03\/Ford-Ranger-Wildtrak-1920x1280-1.jpg?resize=300%2C200&amp;ssl=1 300w, https:\/\/i0.wp.com\/terjebjornstad.com\/no\/wp-content\/uploads\/2023\/03\/Ford-Ranger-Wildtrak-1920x1280-1.jpg?resize=1080%2C720&amp;ssl=1 1080w, https:\/\/i0.wp.com\/terjebjornstad.com\/no\/wp-content\/uploads\/2023\/03\/Ford-Ranger-Wildtrak-1920x1280-1.jpg?resize=768%2C512&amp;ssl=1 768w, https:\/\/i0.wp.com\/terjebjornstad.com\/no\/wp-content\/uploads\/2023\/03\/Ford-Ranger-Wildtrak-1920x1280-1.jpg?resize=1536%2C1024&amp;ssl=1 1536w, https:\/\/i0.wp.com\/terjebjornstad.com\/no\/wp-content\/uploads\/2023\/03\/Ford-Ranger-Wildtrak-1920x1280-1.jpg?resize=690%2C460&amp;ssl=1 690w, https:\/\/i0.wp.com\/terjebjornstad.com\/no\/wp-content\/uploads\/2023\/03\/Ford-Ranger-Wildtrak-1920x1280-1.jpg?resize=980%2C653&amp;ssl=1 980w\" sizes=\"auto, (max-width: 980px) 100vw, 980px\" \/><\/a><figcaption id=\"caption-attachment-58524\" class=\"wp-caption-text\">Ford Ranger Wildtrak<\/figcaption><\/figure><br \/>\n&nbsp;<br \/>\n<figure id=\"attachment_58523\" aria-describedby=\"caption-attachment-58523\" style=\"width: 1280px\" class=\"wp-caption aligncenter\"><a href=\"https:\/\/i0.wp.com\/terjebjornstad.com\/no\/wp-content\/uploads\/2023\/03\/ford-ranger-1280x853-1.jpg?ssl=1\"><img data-recalc-dims=\"1\" loading=\"lazy\" decoding=\"async\" data-attachment-id=\"58523\" data-permalink=\"https:\/\/terjebjornstad.com\/no\/2023\/03\/25\/ford-explorer-volkswagen-meb\/ford-ranger-1280x853\/\" data-orig-file=\"https:\/\/i0.wp.com\/terjebjornstad.com\/no\/wp-content\/uploads\/2023\/03\/ford-ranger-1280x853-1.jpg?fit=1280%2C853&amp;ssl=1\" data-orig-size=\"1280,853\" data-comments-opened=\"1\" data-image-meta=\"{&quot;aperture&quot;:&quot;0&quot;,&quot;credit&quot;:&quot;&quot;,&quot;camera&quot;:&quot;&quot;,&quot;caption&quot;:&quot;&quot;,&quot;created_timestamp&quot;:&quot;0&quot;,&quot;copyright&quot;:&quot;&quot;,&quot;focal_length&quot;:&quot;0&quot;,&quot;iso&quot;:&quot;0&quot;,&quot;shutter_speed&quot;:&quot;0&quot;,&quot;title&quot;:&quot;&quot;,&quot;orientation&quot;:&quot;0&quot;}\" data-image-title=\"ford-ranger-1280&amp;#215;853\" data-image-description=\"\" data-image-caption=\"&lt;p&gt;Ford Ranger Wildtrak&lt;\/p&gt;\n\" data-large-file=\"https:\/\/i0.wp.com\/terjebjornstad.com\/no\/wp-content\/uploads\/2023\/03\/ford-ranger-1280x853-1.jpg?fit=980%2C653&amp;ssl=1\" src=\"https:\/\/i0.wp.com\/terjebjornstad.com\/no\/wp-content\/uploads\/2023\/03\/ford-ranger-1280x853-1.jpg?resize=980%2C653&#038;ssl=1\" alt=\"\" width=\"980\" height=\"653\" class=\"size-full wp-image-58523\" srcset=\"https:\/\/i0.wp.com\/terjebjornstad.com\/no\/wp-content\/uploads\/2023\/03\/ford-ranger-1280x853-1.jpg?w=1280&amp;ssl=1 1280w, https:\/\/i0.wp.com\/terjebjornstad.com\/no\/wp-content\/uploads\/2023\/03\/ford-ranger-1280x853-1.jpg?resize=300%2C200&amp;ssl=1 300w, https:\/\/i0.wp.com\/terjebjornstad.com\/no\/wp-content\/uploads\/2023\/03\/ford-ranger-1280x853-1.jpg?resize=1080%2C720&amp;ssl=1 1080w, https:\/\/i0.wp.com\/terjebjornstad.com\/no\/wp-content\/uploads\/2023\/03\/ford-ranger-1280x853-1.jpg?resize=768%2C512&amp;ssl=1 768w, https:\/\/i0.wp.com\/terjebjornstad.com\/no\/wp-content\/uploads\/2023\/03\/ford-ranger-1280x853-1.jpg?resize=690%2C460&amp;ssl=1 690w, https:\/\/i0.wp.com\/terjebjornstad.com\/no\/wp-content\/uploads\/2023\/03\/ford-ranger-1280x853-1.jpg?resize=980%2C653&amp;ssl=1 980w\" sizes=\"auto, (max-width: 980px) 100vw, 980px\" \/><\/a><figcaption id=\"caption-attachment-58523\" class=\"wp-caption-text\">Ford Ranger Wildtrak<\/figcaption><\/figure><br \/>\n&nbsp;<br \/>\nNye Volkswagen Amarok produseres n\u00e5 sammen med Ford Ranger p\u00e5 Fords <em>Silverton Assembly Plant<\/em> i Pretoria, S\u00f8r-Afrika. De to merkene bruker sine egne motorer.<\/p>\n<hr \/>\n\n<h3 class=\"tebh2\">Ford Connect og Volkswagen Caddy<\/h3>\n<p><figure id=\"attachment_58513\" aria-describedby=\"caption-attachment-58513\" style=\"width: 1920px\" class=\"wp-caption aligncenter\"><a href=\"https:\/\/i0.wp.com\/terjebjornstad.com\/no\/wp-content\/uploads\/2023\/03\/2021-ford-tourneo-connect-active-01-1920x1151-1.jpg?ssl=1\"><img data-recalc-dims=\"1\" loading=\"lazy\" decoding=\"async\" data-attachment-id=\"58513\" data-permalink=\"https:\/\/terjebjornstad.com\/no\/2023\/03\/25\/ford-explorer-volkswagen-meb\/2021-ford-tourneo-connect-active-01-1920x1151\/\" data-orig-file=\"https:\/\/i0.wp.com\/terjebjornstad.com\/no\/wp-content\/uploads\/2023\/03\/2021-ford-tourneo-connect-active-01-1920x1151-1.jpg?fit=1920%2C1151&amp;ssl=1\" data-orig-size=\"1920,1151\" data-comments-opened=\"1\" data-image-meta=\"{&quot;aperture&quot;:&quot;11&quot;,&quot;credit&quot;:&quot;Charlie Magee&quot;,&quot;camera&quot;:&quot;Canon EOS R5&quot;,&quot;caption&quot;:&quot;&quot;,&quot;created_timestamp&quot;:&quot;1629734668&quot;,&quot;copyright&quot;:&quot;Charlie Magee&quot;,&quot;focal_length&quot;:&quot;36&quot;,&quot;iso&quot;:&quot;100&quot;,&quot;shutter_speed&quot;:&quot;0.125&quot;,&quot;title&quot;:&quot;&quot;,&quot;orientation&quot;:&quot;1&quot;}\" data-image-title=\"2021-ford-tourneo-connect-active-01-1920&amp;#215;1151\" data-image-description=\"\" data-image-caption=\"&lt;p&gt;Ford Tourneo Connect (7-seter)&lt;\/p&gt;\n\" data-large-file=\"https:\/\/i0.wp.com\/terjebjornstad.com\/no\/wp-content\/uploads\/2023\/03\/2021-ford-tourneo-connect-active-01-1920x1151-1.jpg?fit=980%2C587&amp;ssl=1\" src=\"https:\/\/i0.wp.com\/terjebjornstad.com\/no\/wp-content\/uploads\/2023\/03\/2021-ford-tourneo-connect-active-01-1920x1151-1.jpg?resize=980%2C587&#038;ssl=1\" alt=\"\" width=\"980\" height=\"587\" class=\"size-full wp-image-58513\" srcset=\"https:\/\/i0.wp.com\/terjebjornstad.com\/no\/wp-content\/uploads\/2023\/03\/2021-ford-tourneo-connect-active-01-1920x1151-1.jpg?w=1920&amp;ssl=1 1920w, https:\/\/i0.wp.com\/terjebjornstad.com\/no\/wp-content\/uploads\/2023\/03\/2021-ford-tourneo-connect-active-01-1920x1151-1.jpg?resize=300%2C180&amp;ssl=1 300w, https:\/\/i0.wp.com\/terjebjornstad.com\/no\/wp-content\/uploads\/2023\/03\/2021-ford-tourneo-connect-active-01-1920x1151-1.jpg?resize=1080%2C647&amp;ssl=1 1080w, https:\/\/i0.wp.com\/terjebjornstad.com\/no\/wp-content\/uploads\/2023\/03\/2021-ford-tourneo-connect-active-01-1920x1151-1.jpg?resize=768%2C460&amp;ssl=1 768w, https:\/\/i0.wp.com\/terjebjornstad.com\/no\/wp-content\/uploads\/2023\/03\/2021-ford-tourneo-connect-active-01-1920x1151-1.jpg?resize=1536%2C921&amp;ssl=1 1536w, https:\/\/i0.wp.com\/terjebjornstad.com\/no\/wp-content\/uploads\/2023\/03\/2021-ford-tourneo-connect-active-01-1920x1151-1.jpg?resize=690%2C414&amp;ssl=1 690w, https:\/\/i0.wp.com\/terjebjornstad.com\/no\/wp-content\/uploads\/2023\/03\/2021-ford-tourneo-connect-active-01-1920x1151-1.jpg?resize=980%2C587&amp;ssl=1 980w\" sizes=\"auto, (max-width: 980px) 100vw, 980px\" \/><\/a><figcaption id=\"caption-attachment-58513\" class=\"wp-caption-text\">Ford Tourneo Connect (7-seter)<\/figcaption><\/figure><br \/>\n&nbsp;<br \/>\n<a href=\"https:\/\/i0.wp.com\/terjebjornstad.com\/no\/wp-content\/uploads\/2023\/03\/ford-tourneo-connect-interior-1920x1151-1.jpg?ssl=1\"><img data-recalc-dims=\"1\" loading=\"lazy\" decoding=\"async\" data-attachment-id=\"58539\" data-permalink=\"https:\/\/terjebjornstad.com\/no\/2023\/03\/25\/ford-explorer-volkswagen-meb\/ford-tourneo-connect-interior-1920x1151\/\" data-orig-file=\"https:\/\/i0.wp.com\/terjebjornstad.com\/no\/wp-content\/uploads\/2023\/03\/ford-tourneo-connect-interior-1920x1151-1.jpg?fit=1920%2C1151&amp;ssl=1\" data-orig-size=\"1920,1151\" data-comments-opened=\"1\" data-image-meta=\"{&quot;aperture&quot;:&quot;0&quot;,&quot;credit&quot;:&quot;&quot;,&quot;camera&quot;:&quot;&quot;,&quot;caption&quot;:&quot;&quot;,&quot;created_timestamp&quot;:&quot;0&quot;,&quot;copyright&quot;:&quot;&quot;,&quot;focal_length&quot;:&quot;0&quot;,&quot;iso&quot;:&quot;0&quot;,&quot;shutter_speed&quot;:&quot;0&quot;,&quot;title&quot;:&quot;&quot;,&quot;orientation&quot;:&quot;0&quot;}\" data-image-title=\"ford-tourneo-connect-interior-1920&amp;#215;1151\" data-image-description=\"\" data-image-caption=\"\" data-large-file=\"https:\/\/i0.wp.com\/terjebjornstad.com\/no\/wp-content\/uploads\/2023\/03\/ford-tourneo-connect-interior-1920x1151-1.jpg?fit=980%2C587&amp;ssl=1\" src=\"https:\/\/i0.wp.com\/terjebjornstad.com\/no\/wp-content\/uploads\/2023\/03\/ford-tourneo-connect-interior-1920x1151-1.jpg?resize=980%2C587&#038;ssl=1\" alt=\"\" width=\"980\" height=\"587\" class=\"aligncenter size-full wp-image-58539\" srcset=\"https:\/\/i0.wp.com\/terjebjornstad.com\/no\/wp-content\/uploads\/2023\/03\/ford-tourneo-connect-interior-1920x1151-1.jpg?w=1920&amp;ssl=1 1920w, https:\/\/i0.wp.com\/terjebjornstad.com\/no\/wp-content\/uploads\/2023\/03\/ford-tourneo-connect-interior-1920x1151-1.jpg?resize=300%2C180&amp;ssl=1 300w, https:\/\/i0.wp.com\/terjebjornstad.com\/no\/wp-content\/uploads\/2023\/03\/ford-tourneo-connect-interior-1920x1151-1.jpg?resize=1080%2C647&amp;ssl=1 1080w, https:\/\/i0.wp.com\/terjebjornstad.com\/no\/wp-content\/uploads\/2023\/03\/ford-tourneo-connect-interior-1920x1151-1.jpg?resize=768%2C460&amp;ssl=1 768w, https:\/\/i0.wp.com\/terjebjornstad.com\/no\/wp-content\/uploads\/2023\/03\/ford-tourneo-connect-interior-1920x1151-1.jpg?resize=1536%2C921&amp;ssl=1 1536w, https:\/\/i0.wp.com\/terjebjornstad.com\/no\/wp-content\/uploads\/2023\/03\/ford-tourneo-connect-interior-1920x1151-1.jpg?resize=690%2C414&amp;ssl=1 690w, https:\/\/i0.wp.com\/terjebjornstad.com\/no\/wp-content\/uploads\/2023\/03\/ford-tourneo-connect-interior-1920x1151-1.jpg?resize=980%2C587&amp;ssl=1 980w\" sizes=\"auto, (max-width: 980px) 100vw, 980px\" \/><\/a><br \/>\n&nbsp;<br \/>\nNye Ford Tourneo Connect (7-seter) produseres sammen med Volkswagen Caddy p\u00e5 Volkswagens produksjonsanlegg i Pozna\u0144, Polen. Snart kommer ogs\u00e5 Transit Connect \u00e5 dele produksjon med Volkswagen Caddy. Ford bruker sine egne motorer.<\/p>\n<hr \/>\n\n<h3 class=\"tebh2\">Nye Ford modeller basert p\u00e5 MEB<\/h3>\n<p>Fra annen halvdel i \u00e5r skal produksjonen av nye Ford Explorer basert p\u00e5 Volkswagens MEB-plattform starte ved Fords eget anlegg i K\u00f6ln. De f\u00f8rste bilene skal leveres i begynnelsen av 2024. I l\u00f8pet at 2024 skal Ford ogs\u00e5 lansere enda en ny elbil-modell, ogs\u00e5 den basert p\u00e5 MEB-plattformen. Det er sannsynlig at Ford kan f\u00e5 batterier levert fra Volkswagens nye produksjonsanlegg PowerCo med produksjonsstart i 2025.<\/p>\n<hr \/>\n\n<h3 class=\"tebh2\">Volkswagen T7 og Ford Transit Custom<\/h3>\n<figure id=\"attachment_58522\" aria-describedby=\"caption-attachment-58522\" style=\"width: 1920px\" class=\"wp-caption aligncenter\"><a href=\"https:\/\/i0.wp.com\/terjebjornstad.com\/no\/wp-content\/uploads\/2023\/03\/ford-e-transit-custom-sport-1920z1280.jpg?ssl=1\"><img data-recalc-dims=\"1\" loading=\"lazy\" decoding=\"async\" data-attachment-id=\"58522\" data-permalink=\"https:\/\/terjebjornstad.com\/no\/2023\/03\/25\/ford-explorer-volkswagen-meb\/ford-e-transit-custom-sport-1920z1280\/\" data-orig-file=\"https:\/\/i0.wp.com\/terjebjornstad.com\/no\/wp-content\/uploads\/2023\/03\/ford-e-transit-custom-sport-1920z1280.jpg?fit=1920%2C1280&amp;ssl=1\" data-orig-size=\"1920,1280\" data-comments-opened=\"1\" data-image-meta=\"{&quot;aperture&quot;:&quot;11&quot;,&quot;credit&quot;:&quot;&quot;,&quot;camera&quot;:&quot;GFX 100&quot;,&quot;caption&quot;:&quot;&quot;,&quot;created_timestamp&quot;:&quot;1663317886&quot;,&quot;copyright&quot;:&quot;&quot;,&quot;focal_length&quot;:&quot;32&quot;,&quot;iso&quot;:&quot;50&quot;,&quot;shutter_speed&quot;:&quot;30&quot;,&quot;title&quot;:&quot;&quot;,&quot;orientation&quot;:&quot;1&quot;}\" data-image-title=\"ford-e-transit-custom-sport-1920z1280\" data-image-description=\"\" data-image-caption=\"&lt;p&gt;Interi\u00f8ret i nye e-Transit&lt;\/p&gt;\n\" data-large-file=\"https:\/\/i0.wp.com\/terjebjornstad.com\/no\/wp-content\/uploads\/2023\/03\/ford-e-transit-custom-sport-1920z1280.jpg?fit=980%2C653&amp;ssl=1\" src=\"https:\/\/i0.wp.com\/terjebjornstad.com\/no\/wp-content\/uploads\/2023\/03\/ford-e-transit-custom-sport-1920z1280.jpg?resize=980%2C653&#038;ssl=1\" alt=\"\" width=\"980\" height=\"653\" class=\"size-full wp-image-58522\" srcset=\"https:\/\/i0.wp.com\/terjebjornstad.com\/no\/wp-content\/uploads\/2023\/03\/ford-e-transit-custom-sport-1920z1280.jpg?w=1920&amp;ssl=1 1920w, https:\/\/i0.wp.com\/terjebjornstad.com\/no\/wp-content\/uploads\/2023\/03\/ford-e-transit-custom-sport-1920z1280.jpg?resize=300%2C200&amp;ssl=1 300w, https:\/\/i0.wp.com\/terjebjornstad.com\/no\/wp-content\/uploads\/2023\/03\/ford-e-transit-custom-sport-1920z1280.jpg?resize=1080%2C720&amp;ssl=1 1080w, https:\/\/i0.wp.com\/terjebjornstad.com\/no\/wp-content\/uploads\/2023\/03\/ford-e-transit-custom-sport-1920z1280.jpg?resize=768%2C512&amp;ssl=1 768w, https:\/\/i0.wp.com\/terjebjornstad.com\/no\/wp-content\/uploads\/2023\/03\/ford-e-transit-custom-sport-1920z1280.jpg?resize=1536%2C1024&amp;ssl=1 1536w, https:\/\/i0.wp.com\/terjebjornstad.com\/no\/wp-content\/uploads\/2023\/03\/ford-e-transit-custom-sport-1920z1280.jpg?resize=690%2C460&amp;ssl=1 690w, https:\/\/i0.wp.com\/terjebjornstad.com\/no\/wp-content\/uploads\/2023\/03\/ford-e-transit-custom-sport-1920z1280.jpg?resize=980%2C653&amp;ssl=1 980w\" sizes=\"auto, (max-width: 980px) 100vw, 980px\" \/><\/a><figcaption id=\"caption-attachment-58522\" class=\"wp-caption-text\">Interi\u00f8ret i nye e-Transit<\/figcaption><\/figure>\n<p><figure id=\"attachment_58514\" aria-describedby=\"caption-attachment-58514\" style=\"width: 1280px\" class=\"wp-caption aligncenter\"><a href=\"https:\/\/i0.wp.com\/terjebjornstad.com\/no\/wp-content\/uploads\/2023\/03\/2022-ford-e-transit-custom-17-1280x873-1.jpg?ssl=1\"><img data-recalc-dims=\"1\" loading=\"lazy\" decoding=\"async\" data-attachment-id=\"58514\" data-permalink=\"https:\/\/terjebjornstad.com\/no\/2023\/03\/25\/ford-explorer-volkswagen-meb\/2022-ford-e-transit-custom-17-1280x873\/\" data-orig-file=\"https:\/\/i0.wp.com\/terjebjornstad.com\/no\/wp-content\/uploads\/2023\/03\/2022-ford-e-transit-custom-17-1280x873-1.jpg?fit=1280%2C873&amp;ssl=1\" data-orig-size=\"1280,873\" data-comments-opened=\"1\" data-image-meta=\"{&quot;aperture&quot;:&quot;0&quot;,&quot;credit&quot;:&quot;&quot;,&quot;camera&quot;:&quot;&quot;,&quot;caption&quot;:&quot;&quot;,&quot;created_timestamp&quot;:&quot;0&quot;,&quot;copyright&quot;:&quot;&quot;,&quot;focal_length&quot;:&quot;0&quot;,&quot;iso&quot;:&quot;0&quot;,&quot;shutter_speed&quot;:&quot;0&quot;,&quot;title&quot;:&quot;&quot;,&quot;orientation&quot;:&quot;0&quot;}\" data-image-title=\"2022-ford-e-transit-custom-17-1280&amp;#215;873\" data-image-description=\"\" data-image-caption=\"&lt;p&gt;Nye Ford e-Transit Custom&lt;\/p&gt;\n\" data-large-file=\"https:\/\/i0.wp.com\/terjebjornstad.com\/no\/wp-content\/uploads\/2023\/03\/2022-ford-e-transit-custom-17-1280x873-1.jpg?fit=980%2C669&amp;ssl=1\" src=\"https:\/\/i0.wp.com\/terjebjornstad.com\/no\/wp-content\/uploads\/2023\/03\/2022-ford-e-transit-custom-17-1280x873-1.jpg?resize=980%2C668&#038;ssl=1\" alt=\"\" width=\"980\" height=\"668\" class=\"size-full wp-image-58514\" srcset=\"https:\/\/i0.wp.com\/terjebjornstad.com\/no\/wp-content\/uploads\/2023\/03\/2022-ford-e-transit-custom-17-1280x873-1.jpg?w=1280&amp;ssl=1 1280w, https:\/\/i0.wp.com\/terjebjornstad.com\/no\/wp-content\/uploads\/2023\/03\/2022-ford-e-transit-custom-17-1280x873-1.jpg?resize=300%2C205&amp;ssl=1 300w, https:\/\/i0.wp.com\/terjebjornstad.com\/no\/wp-content\/uploads\/2023\/03\/2022-ford-e-transit-custom-17-1280x873-1.jpg?resize=1080%2C737&amp;ssl=1 1080w, https:\/\/i0.wp.com\/terjebjornstad.com\/no\/wp-content\/uploads\/2023\/03\/2022-ford-e-transit-custom-17-1280x873-1.jpg?resize=768%2C524&amp;ssl=1 768w, https:\/\/i0.wp.com\/terjebjornstad.com\/no\/wp-content\/uploads\/2023\/03\/2022-ford-e-transit-custom-17-1280x873-1.jpg?resize=690%2C471&amp;ssl=1 690w, https:\/\/i0.wp.com\/terjebjornstad.com\/no\/wp-content\/uploads\/2023\/03\/2022-ford-e-transit-custom-17-1280x873-1.jpg?resize=980%2C668&amp;ssl=1 980w\" sizes=\"auto, (max-width: 980px) 100vw, 980px\" \/><\/a><figcaption id=\"caption-attachment-58514\" class=\"wp-caption-text\">Nye Ford e-Transit fCustom<\/figcaption><\/figure><br \/>\n&nbsp;<br \/>\nNye Volkswagen Transporter T7 skal fra 2024 produseres p\u00e5 Fords Otosan fabrikk i Tyrkia sammen med Ford Transit Custom. Det er ikke opplyst om Transporter vil fortsette \u00e5 benytte Volkswagen-gruppens egne motorer eller samme som Transit Custom, som blant annet omfatter elektriske og hybride drivverk.<\/p>\n<hr \/>\n\n<h3 class=\"tebh2\">Se ogs\u00e5<\/h3>\n<p><figure id=\"attachment_38981\" aria-describedby=\"caption-attachment-38981\" style=\"width: 150px\" class=\"wp-caption alignleft\"><a href=\"https:\/\/terjebjornstad.com\/no\/2021\/03\/25\/mustang-mach-es-lillebror\/\"><img data-recalc-dims=\"1\" loading=\"lazy\" decoding=\"async\" data-attachment-id=\"38981\" data-permalink=\"https:\/\/terjebjornstad.com\/no\/2021\/03\/25\/mustang-mach-es-lillebror\/1-ford-focus-electric-ii-686x457\/\" data-orig-file=\"https:\/\/i0.wp.com\/terjebjornstad.com\/no\/wp-content\/uploads\/2021\/03\/1-ford-focus-electric-ii-686x457-1.png?fit=686%2C457&amp;ssl=1\" data-orig-size=\"686,457\" data-comments-opened=\"1\" data-image-meta=\"{&quot;aperture&quot;:&quot;0&quot;,&quot;credit&quot;:&quot;&quot;,&quot;camera&quot;:&quot;&quot;,&quot;caption&quot;:&quot;&quot;,&quot;created_timestamp&quot;:&quot;0&quot;,&quot;copyright&quot;:&quot;&quot;,&quot;focal_length&quot;:&quot;0&quot;,&quot;iso&quot;:&quot;0&quot;,&quot;shutter_speed&quot;:&quot;0&quot;,&quot;title&quot;:&quot;&quot;,&quot;orientation&quot;:&quot;0&quot;}\" data-image-title=\"1-ford-focus-electric-ii-686&amp;#215;457\" data-image-description=\"\" data-image-caption=\"&lt;p&gt;Mustang Mach-E&amp;#8217;s lillebror&lt;\/p&gt;\n\" data-large-file=\"https:\/\/i0.wp.com\/terjebjornstad.com\/no\/wp-content\/uploads\/2021\/03\/1-ford-focus-electric-ii-686x457-1.png?fit=686%2C457&amp;ssl=1\" src=\"https:\/\/i0.wp.com\/terjebjornstad.com\/no\/wp-content\/uploads\/2021\/03\/1-ford-focus-electric-ii-686x457-1.png?resize=150%2C150&#038;ssl=1\" alt=\"Ford MEB\" width=\"150\" height=\"150\" class=\"size-thumbnail wp-image-38981\" srcset=\"https:\/\/i0.wp.com\/terjebjornstad.com\/no\/wp-content\/uploads\/2021\/03\/1-ford-focus-electric-ii-686x457-1.png?resize=150%2C150&amp;ssl=1 150w, https:\/\/i0.wp.com\/terjebjornstad.com\/no\/wp-content\/uploads\/2021\/03\/1-ford-focus-electric-ii-686x457-1.png?resize=50%2C50&amp;ssl=1 50w, https:\/\/i0.wp.com\/terjebjornstad.com\/no\/wp-content\/uploads\/2021\/03\/1-ford-focus-electric-ii-686x457-1.png?zoom=2&amp;resize=150%2C150&amp;ssl=1 300w, https:\/\/i0.wp.com\/terjebjornstad.com\/no\/wp-content\/uploads\/2021\/03\/1-ford-focus-electric-ii-686x457-1.png?zoom=3&amp;resize=150%2C150&amp;ssl=1 450w\" sizes=\"auto, (max-width: 150px) 100vw, 150px\" \/><\/a><figcaption id=\"caption-attachment-38981\" class=\"wp-caption-text\">Mustang Mach-E&#8217;s lillebror<\/figcaption><\/figure><figure id=\"attachment_51948\" aria-describedby=\"caption-attachment-51948\" style=\"width: 150px\" class=\"wp-caption alignleft\"><a href=\"https:\/\/terjebjornstad.com\/no\/2022\/08\/17\/ladeforviklinger-i-sverige-2\/\"><img data-recalc-dims=\"1\" loading=\"lazy\" decoding=\"async\" data-attachment-id=\"51948\" data-permalink=\"https:\/\/terjebjornstad.com\/no\/2023\/03\/25\/ford-explorer-volkswagen-meb\/ladeforviklinger-i-sverige-2-200\/\" data-orig-file=\"https:\/\/i0.wp.com\/terjebjornstad.com\/no\/wp-content\/uploads\/2022\/08\/ladeforviklinger-i-sverige-2-200.jpg?fit=1280%2C960&amp;ssl=1\" data-orig-size=\"1280,960\" data-comments-opened=\"1\" data-image-meta=\"{&quot;aperture&quot;:&quot;0&quot;,&quot;credit&quot;:&quot;&quot;,&quot;camera&quot;:&quot;&quot;,&quot;caption&quot;:&quot;&quot;,&quot;created_timestamp&quot;:&quot;0&quot;,&quot;copyright&quot;:&quot;&quot;,&quot;focal_length&quot;:&quot;0&quot;,&quot;iso&quot;:&quot;0&quot;,&quot;shutter_speed&quot;:&quot;0&quot;,&quot;title&quot;:&quot;&quot;,&quot;orientation&quot;:&quot;1&quot;}\" data-image-title=\"ladeforviklinger-i-sverige-2-200\" data-image-description=\"\" data-image-caption=\"&lt;p&gt;Ladeforviklinger i Sverige&lt;\/p&gt;\n\" data-large-file=\"https:\/\/i0.wp.com\/terjebjornstad.com\/no\/wp-content\/uploads\/2022\/08\/ladeforviklinger-i-sverige-2-200.jpg?fit=980%2C735&amp;ssl=1\" src=\"https:\/\/i0.wp.com\/terjebjornstad.com\/no\/wp-content\/uploads\/2022\/08\/ladeforviklinger-i-sverige-2-200.jpg?resize=150%2C150&#038;ssl=1\" alt=\"explorer\" width=\"150\" height=\"150\" class=\"size-thumbnail wp-image-51948\" srcset=\"https:\/\/i0.wp.com\/terjebjornstad.com\/no\/wp-content\/uploads\/2022\/08\/ladeforviklinger-i-sverige-2-200.jpg?resize=150%2C150&amp;ssl=1 150w, https:\/\/i0.wp.com\/terjebjornstad.com\/no\/wp-content\/uploads\/2022\/08\/ladeforviklinger-i-sverige-2-200.jpg?resize=50%2C50&amp;ssl=1 50w, https:\/\/i0.wp.com\/terjebjornstad.com\/no\/wp-content\/uploads\/2022\/08\/ladeforviklinger-i-sverige-2-200.jpg?zoom=2&amp;resize=150%2C150&amp;ssl=1 300w, https:\/\/i0.wp.com\/terjebjornstad.com\/no\/wp-content\/uploads\/2022\/08\/ladeforviklinger-i-sverige-2-200.jpg?zoom=3&amp;resize=150%2C150&amp;ssl=1 450w\" sizes=\"auto, (max-width: 150px) 100vw, 150px\" \/><\/a><figcaption id=\"caption-attachment-51948\" class=\"wp-caption-text\">Ford Mustang Mach-e venter p\u00e5 str\u00f8m<\/figcaption><\/figure><figure id=\"attachment_47109\" aria-describedby=\"caption-attachment-47109\" style=\"width: 150px\" class=\"wp-caption alignleft\"><a href=\"https:\/\/terjebjornstad.com\/no\/2022\/02\/27\/ford-kuga-ladbar-hybrid\/\"><img data-recalc-dims=\"1\" loading=\"lazy\" decoding=\"async\" data-attachment-id=\"47109\" data-permalink=\"https:\/\/terjebjornstad.com\/no\/2022\/02\/27\/ford-kuga-ladbar-hybrid\/ford-kuga-phev-st-line-1-1080x710\/\" data-orig-file=\"https:\/\/i0.wp.com\/terjebjornstad.com\/no\/wp-content\/uploads\/2022\/02\/ford-kuga-phev-st-line-1-1080x710-1.png?fit=1080%2C720&amp;ssl=1\" data-orig-size=\"1080,720\" data-comments-opened=\"1\" data-image-meta=\"{&quot;aperture&quot;:&quot;0&quot;,&quot;credit&quot;:&quot;&quot;,&quot;camera&quot;:&quot;&quot;,&quot;caption&quot;:&quot;&quot;,&quot;created_timestamp&quot;:&quot;0&quot;,&quot;copyright&quot;:&quot;&quot;,&quot;focal_length&quot;:&quot;0&quot;,&quot;iso&quot;:&quot;0&quot;,&quot;shutter_speed&quot;:&quot;0&quot;,&quot;title&quot;:&quot;&quot;,&quot;orientation&quot;:&quot;0&quot;}\" data-image-title=\"ford-kuga-phev-st-line-1-1080&amp;#215;710\" data-image-description=\"\" data-image-caption=\"&lt;p&gt;Ford Kuga ladbar hybrid&lt;\/p&gt;\n\" data-large-file=\"https:\/\/i0.wp.com\/terjebjornstad.com\/no\/wp-content\/uploads\/2022\/02\/ford-kuga-phev-st-line-1-1080x710-1.png?fit=980%2C653&amp;ssl=1\" src=\"https:\/\/i0.wp.com\/terjebjornstad.com\/no\/wp-content\/uploads\/2022\/02\/ford-kuga-phev-st-line-1-1080x710-1.png?resize=150%2C150&#038;ssl=1\" alt=\"explorer\" width=\"150\" height=\"150\" class=\"size-thumbnail wp-image-47109\" srcset=\"https:\/\/i0.wp.com\/terjebjornstad.com\/no\/wp-content\/uploads\/2022\/02\/ford-kuga-phev-st-line-1-1080x710-1.png?resize=150%2C150&amp;ssl=1 150w, https:\/\/i0.wp.com\/terjebjornstad.com\/no\/wp-content\/uploads\/2022\/02\/ford-kuga-phev-st-line-1-1080x710-1.png?resize=50%2C50&amp;ssl=1 50w, https:\/\/i0.wp.com\/terjebjornstad.com\/no\/wp-content\/uploads\/2022\/02\/ford-kuga-phev-st-line-1-1080x710-1.png?zoom=2&amp;resize=150%2C150&amp;ssl=1 300w, https:\/\/i0.wp.com\/terjebjornstad.com\/no\/wp-content\/uploads\/2022\/02\/ford-kuga-phev-st-line-1-1080x710-1.png?zoom=3&amp;resize=150%2C150&amp;ssl=1 450w\" sizes=\"auto, (max-width: 150px) 100vw, 150px\" \/><\/a><figcaption id=\"caption-attachment-47109\" class=\"wp-caption-text\">Ford Kuga ladbar hybrid<\/figcaption><\/figure><\/p>\n<\/div>\n","protected":false,"gt_translate_keys":[{"key":"rendered","format":"html"}]},"excerpt":{"rendered":"<p>Ford Europa har store ambisjoner for elbiler. Innen 2030 skal de kun tilby elektriske kj\u00f8ret\u00f8y i Europa. Produksjonsanlegget i K\u00f6ln skal omdannes til noe de kaller et Electrification Center. Produksjonen av Fiesta er allerede stanset der &#8211; og om jeg ikke tar feil, skal produksjonen av Focus v\u00e6re flyttet innen \u00e5ret er omme. Enda en [&hellip;]<\/p>\n","protected":false,"gt_translate_keys":[{"key":"rendered","format":"html"}]},"author":1,"featured_media":58521,"comment_status":"open","ping_status":"open","sticky":false,"template":"","format":"standard","meta":{"_monsterinsights_skip_tracking":false,"_monsterinsights_sitenote_active":false,"_monsterinsights_sitenote_note":"","_monsterinsights_sitenote_category":0,"jetpack_post_was_ever_published":false,"_jetpack_newsletter_access":"","_jetpack_dont_email_post_to_subs":false,"_jetpack_newsletter_tier_id":0,"_jetpack_memberships_contains_paywalled_content":false,"_jetpack_memberships_contains_paid_content":false,"footnotes":"","jetpack_publicize_message":"","jetpack_publicize_feature_enabled":true,"jetpack_social_post_already_shared":true,"jetpack_social_options":{"image_generator_settings":{"template":"highway","default_image_id":0,"font":"","enabled":false},"version":2}},"categories":[34,4628,4629],"tags":[4634,4631,4630,3406,4632,3407,4633],"class_list":["post-58512","post","type-post","status-publish","format-standard","has-post-thumbnail","hentry","category-artikkel","category-explorer","category-meb","tag-electrification-center","tag-explorer-ev","tag-ford-explorer","tag-ford-meb","tag-ford-vw-allianse","tag-meb","tag-vw-ford-allianse"],"yoast_head":"<!-- This site is optimized with the Yoast SEO plugin v27.5 - https:\/\/yoast.com\/product\/yoast-seo-wordpress\/ -->\n<title>Ford og Volkswagen knytter b\u00e5nd - Terjes biler - Ford Explorer<\/title>\n<meta name=\"description\" content=\"Ford Explorer baserer seg p\u00e5 Volkswagens MEB plattform. Volkswagen og Ford har en l\u00f8pende allianse siden 2019\" \/>\n<meta name=\"robots\" content=\"index, follow, max-snippet:-1, max-image-preview:large, max-video-preview:-1\" \/>\n<link rel=\"canonical\" href=\"https:\/\/terjebjornstad.com\/no\/2023\/03\/25\/ford-explorer-volkswagen-meb\/\" \/>\n<meta property=\"og:locale\" content=\"nb_NO\" \/>\n<meta property=\"og:type\" content=\"article\" \/>\n<meta property=\"og:title\" content=\"Ford og Volkswagen knytter b\u00e5nd - Terjes biler - Ford Explorer\" \/>\n<meta property=\"og:description\" content=\"Ford Explorer baserer seg p\u00e5 Volkswagens MEB plattform. Volkswagen og Ford har en l\u00f8pende allianse siden 2019\" \/>\n<meta property=\"og:url\" content=\"https:\/\/terjebjornstad.com\/no\/2023\/03\/25\/ford-explorer-volkswagen-meb\/\" \/>\n<meta property=\"og:site_name\" content=\"Terjes biler\" \/>\n<meta property=\"article:publisher\" content=\"https:\/\/www.facebook.com\/terjesbiler\/\" \/>\n<meta property=\"article:author\" content=\"https:\/\/www.facebook.com\/terjesbiler\" \/>\n<meta property=\"article:published_time\" content=\"2023-03-24T23:17:05+00:00\" \/>\n<meta property=\"article:modified_time\" content=\"2025-07-22T22:23:25+00:00\" \/>\n<meta property=\"og:image\" content=\"https:\/\/terjebjornstad.com\/no\/wp-content\/uploads\/2023\/03\/2023Ford_TheNewAll-ElectricFordExplorer_Norway_03-scaled.jpg\" \/>\n\t<meta property=\"og:image:width\" content=\"2560\" \/>\n\t<meta property=\"og:image:height\" content=\"1948\" \/>\n\t<meta property=\"og:image:type\" content=\"image\/jpeg\" \/>\n<meta name=\"author\" content=\"Terje Bj\u00f8rnstad\" \/>\n<meta name=\"twitter:card\" content=\"summary_large_image\" \/>\n<meta name=\"twitter:label1\" content=\"Skrevet av\" \/>\n\t<meta name=\"twitter:data1\" content=\"Terje Bj\u00f8rnstad\" \/>\n\t<meta name=\"twitter:label2\" content=\"Ansl. lesetid\" \/>\n\t<meta name=\"twitter:data2\" content=\"7 minutter\" \/>\n<script type=\"application\/ld+json\" class=\"yoast-schema-graph\">{\"@context\":\"https:\\\/\\\/schema.org\",\"@graph\":[{\"@type\":\"Article\",\"@id\":\"https:\\\/\\\/terjebjornstad.com\\\/no\\\/2023\\\/03\\\/25\\\/ford-explorer-volkswagen-meb\\\/#article\",\"isPartOf\":{\"@id\":\"https:\\\/\\\/terjebjornstad.com\\\/no\\\/2023\\\/03\\\/25\\\/ford-explorer-volkswagen-meb\\\/\"},\"author\":{\"name\":\"Terje Bj\u00f8rnstad\",\"@id\":\"https:\\\/\\\/terjebjornstad.com\\\/no\\\/#\\\/schema\\\/person\\\/a281f6a6e0f3cc9fe468e7f0c655aa65\"},\"headline\":\"Ford og Volkswagen knytter b\u00e5nd\",\"datePublished\":\"2023-03-24T23:17:05+00:00\",\"dateModified\":\"2025-07-22T22:23:25+00:00\",\"mainEntityOfPage\":{\"@id\":\"https:\\\/\\\/terjebjornstad.com\\\/no\\\/2023\\\/03\\\/25\\\/ford-explorer-volkswagen-meb\\\/\"},\"wordCount\":881,\"commentCount\":0,\"publisher\":{\"@id\":\"https:\\\/\\\/terjebjornstad.com\\\/no\\\/#organization\"},\"image\":{\"@id\":\"https:\\\/\\\/terjebjornstad.com\\\/no\\\/2023\\\/03\\\/25\\\/ford-explorer-volkswagen-meb\\\/#primaryimage\"},\"thumbnailUrl\":\"https:\\\/\\\/i0.wp.com\\\/terjebjornstad.com\\\/no\\\/wp-content\\\/uploads\\\/2023\\\/03\\\/2023Ford_TheNewAll-ElectricFordExplorer_Norway_03-scaled.jpg?fit=2560%2C1948&ssl=1\",\"keywords\":[\"Electrification Center\",\"Explorer EV\",\"Ford Explorer\",\"Ford MEB\",\"Ford VW allianse\",\"MEB\",\"VW Ford allianse\"],\"articleSection\":[\"Artikkel\",\"Explorer\",\"MEB\"],\"inLanguage\":\"nb-NO\",\"potentialAction\":[{\"@type\":\"CommentAction\",\"name\":\"Comment\",\"target\":[\"https:\\\/\\\/terjebjornstad.com\\\/no\\\/2023\\\/03\\\/25\\\/ford-explorer-volkswagen-meb\\\/#respond\"]}]},{\"@type\":\"WebPage\",\"@id\":\"https:\\\/\\\/terjebjornstad.com\\\/no\\\/2023\\\/03\\\/25\\\/ford-explorer-volkswagen-meb\\\/\",\"url\":\"https:\\\/\\\/terjebjornstad.com\\\/no\\\/2023\\\/03\\\/25\\\/ford-explorer-volkswagen-meb\\\/\",\"name\":\"Ford og Volkswagen knytter b\u00e5nd - Terjes biler - Ford Explorer\",\"isPartOf\":{\"@id\":\"https:\\\/\\\/terjebjornstad.com\\\/no\\\/#website\"},\"primaryImageOfPage\":{\"@id\":\"https:\\\/\\\/terjebjornstad.com\\\/no\\\/2023\\\/03\\\/25\\\/ford-explorer-volkswagen-meb\\\/#primaryimage\"},\"image\":{\"@id\":\"https:\\\/\\\/terjebjornstad.com\\\/no\\\/2023\\\/03\\\/25\\\/ford-explorer-volkswagen-meb\\\/#primaryimage\"},\"thumbnailUrl\":\"https:\\\/\\\/i0.wp.com\\\/terjebjornstad.com\\\/no\\\/wp-content\\\/uploads\\\/2023\\\/03\\\/2023Ford_TheNewAll-ElectricFordExplorer_Norway_03-scaled.jpg?fit=2560%2C1948&ssl=1\",\"datePublished\":\"2023-03-24T23:17:05+00:00\",\"dateModified\":\"2025-07-22T22:23:25+00:00\",\"description\":\"Ford Explorer baserer seg p\u00e5 Volkswagens MEB plattform. Volkswagen og Ford har en l\u00f8pende allianse siden 2019\",\"breadcrumb\":{\"@id\":\"https:\\\/\\\/terjebjornstad.com\\\/no\\\/2023\\\/03\\\/25\\\/ford-explorer-volkswagen-meb\\\/#breadcrumb\"},\"inLanguage\":\"nb-NO\",\"potentialAction\":[{\"@type\":\"ReadAction\",\"target\":[\"https:\\\/\\\/terjebjornstad.com\\\/no\\\/2023\\\/03\\\/25\\\/ford-explorer-volkswagen-meb\\\/\"]}]},{\"@type\":\"ImageObject\",\"inLanguage\":\"nb-NO\",\"@id\":\"https:\\\/\\\/terjebjornstad.com\\\/no\\\/2023\\\/03\\\/25\\\/ford-explorer-volkswagen-meb\\\/#primaryimage\",\"url\":\"https:\\\/\\\/i0.wp.com\\\/terjebjornstad.com\\\/no\\\/wp-content\\\/uploads\\\/2023\\\/03\\\/2023Ford_TheNewAll-ElectricFordExplorer_Norway_03-scaled.jpg?fit=2560%2C1948&ssl=1\",\"contentUrl\":\"https:\\\/\\\/i0.wp.com\\\/terjebjornstad.com\\\/no\\\/wp-content\\\/uploads\\\/2023\\\/03\\\/2023Ford_TheNewAll-ElectricFordExplorer_Norway_03-scaled.jpg?fit=2560%2C1948&ssl=1\",\"width\":2560,\"height\":1948,\"caption\":\"Ford og Volkswagen knytter b\u00e5nd\"},{\"@type\":\"BreadcrumbList\",\"@id\":\"https:\\\/\\\/terjebjornstad.com\\\/no\\\/2023\\\/03\\\/25\\\/ford-explorer-volkswagen-meb\\\/#breadcrumb\",\"itemListElement\":[{\"@type\":\"ListItem\",\"position\":1,\"name\":\"Hjem\",\"item\":\"https:\\\/\\\/terjebjornstad.com\\\/no\\\/\"},{\"@type\":\"ListItem\",\"position\":2,\"name\":\"Ford og Volkswagen knytter b\u00e5nd\"}]},{\"@type\":\"WebSite\",\"@id\":\"https:\\\/\\\/terjebjornstad.com\\\/no\\\/#website\",\"url\":\"https:\\\/\\\/terjebjornstad.com\\\/no\\\/\",\"name\":\"Terjes biler\",\"description\":\"HONEST ABOUT CARS\",\"publisher\":{\"@id\":\"https:\\\/\\\/terjebjornstad.com\\\/no\\\/#organization\"},\"alternateName\":\"Terjebjornstad.com\",\"potentialAction\":[{\"@type\":\"SearchAction\",\"target\":{\"@type\":\"EntryPoint\",\"urlTemplate\":\"https:\\\/\\\/terjebjornstad.com\\\/no\\\/?s={search_term_string}\"},\"query-input\":{\"@type\":\"PropertyValueSpecification\",\"valueRequired\":true,\"valueName\":\"search_term_string\"}}],\"inLanguage\":\"nb-NO\"},{\"@type\":\"Organization\",\"@id\":\"https:\\\/\\\/terjebjornstad.com\\\/no\\\/#organization\",\"name\":\"Terje Bj\u00f8rnstad ENK\",\"url\":\"https:\\\/\\\/terjebjornstad.com\\\/no\\\/\",\"logo\":{\"@type\":\"ImageObject\",\"inLanguage\":\"nb-NO\",\"@id\":\"https:\\\/\\\/terjebjornstad.com\\\/no\\\/#\\\/schema\\\/logo\\\/image\\\/\",\"url\":\"https:\\\/\\\/i0.wp.com\\\/terjebjornstad.com\\\/no\\\/wp-content\\\/uploads\\\/2026\\\/02\\\/terjesbiler2024-960x354-1.png?fit=960%2C354&ssl=1\",\"contentUrl\":\"https:\\\/\\\/i0.wp.com\\\/terjebjornstad.com\\\/no\\\/wp-content\\\/uploads\\\/2026\\\/02\\\/terjesbiler2024-960x354-1.png?fit=960%2C354&ssl=1\",\"width\":960,\"height\":354,\"caption\":\"Terje Bj\u00f8rnstad ENK\"},\"image\":{\"@id\":\"https:\\\/\\\/terjebjornstad.com\\\/no\\\/#\\\/schema\\\/logo\\\/image\\\/\"},\"sameAs\":[\"https:\\\/\\\/www.facebook.com\\\/terjesbiler\\\/\",\"https:\\\/\\\/www.instagram.com\\\/terjesbiler\\\/\",\"https:\\\/\\\/www.pinteres.com\\\/terjebjrnstad\\\/terjes-biler\\\/\"]},{\"@type\":\"Person\",\"@id\":\"https:\\\/\\\/terjebjornstad.com\\\/no\\\/#\\\/schema\\\/person\\\/a281f6a6e0f3cc9fe468e7f0c655aa65\",\"name\":\"Terje Bj\u00f8rnstad\",\"image\":{\"@type\":\"ImageObject\",\"inLanguage\":\"nb-NO\",\"@id\":\"https:\\\/\\\/secure.gravatar.com\\\/avatar\\\/e8dff505b51cf6cb67ae06a06022d2049aac2da1e79dc146a36b58798c4b40ea?s=96&d=mm&r=g\",\"url\":\"https:\\\/\\\/secure.gravatar.com\\\/avatar\\\/e8dff505b51cf6cb67ae06a06022d2049aac2da1e79dc146a36b58798c4b40ea?s=96&d=mm&r=g\",\"contentUrl\":\"https:\\\/\\\/secure.gravatar.com\\\/avatar\\\/e8dff505b51cf6cb67ae06a06022d2049aac2da1e79dc146a36b58798c4b40ea?s=96&d=mm&r=g\",\"caption\":\"Terje Bj\u00f8rnstad\"},\"description\":\"Terje Bj\u00f8rnstad. Bloggadministrator, hobbyfotograf og bilnerd.\",\"sameAs\":[\"https:\\\/\\\/www.facebook.com\\\/terjesbiler\",\"https:\\\/\\\/www.instagram.com\\\/terjesbiler\",\"https:\\\/\\\/no.pinterest.com\\\/terjebjrnstad\",\"https:\\\/\\\/www.youtube.com\\\/channel\\\/UCzCKJJDybyIgKqatc_JQqIg\"]}]}<\/script>\n<!-- \/ Yoast SEO plugin. -->","yoast_head_json":{"title":"Ford og Volkswagen knytter b\u00e5nd - Terjes biler - Ford Explorer","description":"Ford Explorer baserer seg p\u00e5 Volkswagens MEB plattform. Volkswagen og Ford har en l\u00f8pende allianse siden 2019","robots":{"index":"index","follow":"follow","max-snippet":"max-snippet:-1","max-image-preview":"max-image-preview:large","max-video-preview":"max-video-preview:-1"},"canonical":"https:\/\/terjebjornstad.com\/no\/2023\/03\/25\/ford-explorer-volkswagen-meb\/","og_locale":"nb_NO","og_type":"article","og_title":"Ford og Volkswagen knytter b\u00e5nd - Terjes biler - Ford Explorer","og_description":"Ford Explorer baserer seg p\u00e5 Volkswagens MEB plattform. Volkswagen og Ford har en l\u00f8pende allianse siden 2019","og_url":"https:\/\/terjebjornstad.com\/no\/2023\/03\/25\/ford-explorer-volkswagen-meb\/","og_site_name":"Terjes biler","article_publisher":"https:\/\/www.facebook.com\/terjesbiler\/","article_author":"https:\/\/www.facebook.com\/terjesbiler","article_published_time":"2023-03-24T23:17:05+00:00","article_modified_time":"2025-07-22T22:23:25+00:00","og_image":[{"width":2560,"height":1948,"url":"https:\/\/terjebjornstad.com\/no\/wp-content\/uploads\/2023\/03\/2023Ford_TheNewAll-ElectricFordExplorer_Norway_03-scaled.jpg","type":"image\/jpeg"}],"author":"Terje Bj\u00f8rnstad","twitter_card":"summary_large_image","twitter_misc":{"Skrevet av":"Terje Bj\u00f8rnstad","Ansl. lesetid":"7 minutter"},"schema":{"@context":"https:\/\/schema.org","@graph":[{"@type":"Article","@id":"https:\/\/terjebjornstad.com\/no\/2023\/03\/25\/ford-explorer-volkswagen-meb\/#article","isPartOf":{"@id":"https:\/\/terjebjornstad.com\/no\/2023\/03\/25\/ford-explorer-volkswagen-meb\/"},"author":{"name":"Terje Bj\u00f8rnstad","@id":"https:\/\/terjebjornstad.com\/no\/#\/schema\/person\/a281f6a6e0f3cc9fe468e7f0c655aa65"},"headline":"Ford og Volkswagen knytter b\u00e5nd","datePublished":"2023-03-24T23:17:05+00:00","dateModified":"2025-07-22T22:23:25+00:00","mainEntityOfPage":{"@id":"https:\/\/terjebjornstad.com\/no\/2023\/03\/25\/ford-explorer-volkswagen-meb\/"},"wordCount":881,"commentCount":0,"publisher":{"@id":"https:\/\/terjebjornstad.com\/no\/#organization"},"image":{"@id":"https:\/\/terjebjornstad.com\/no\/2023\/03\/25\/ford-explorer-volkswagen-meb\/#primaryimage"},"thumbnailUrl":"https:\/\/i0.wp.com\/terjebjornstad.com\/no\/wp-content\/uploads\/2023\/03\/2023Ford_TheNewAll-ElectricFordExplorer_Norway_03-scaled.jpg?fit=2560%2C1948&ssl=1","keywords":["Electrification Center","Explorer EV","Ford Explorer","Ford MEB","Ford VW allianse","MEB","VW Ford allianse"],"articleSection":["Artikkel","Explorer","MEB"],"inLanguage":"nb-NO","potentialAction":[{"@type":"CommentAction","name":"Comment","target":["https:\/\/terjebjornstad.com\/no\/2023\/03\/25\/ford-explorer-volkswagen-meb\/#respond"]}]},{"@type":"WebPage","@id":"https:\/\/terjebjornstad.com\/no\/2023\/03\/25\/ford-explorer-volkswagen-meb\/","url":"https:\/\/terjebjornstad.com\/no\/2023\/03\/25\/ford-explorer-volkswagen-meb\/","name":"Ford og Volkswagen knytter b\u00e5nd - Terjes biler - Ford Explorer","isPartOf":{"@id":"https:\/\/terjebjornstad.com\/no\/#website"},"primaryImageOfPage":{"@id":"https:\/\/terjebjornstad.com\/no\/2023\/03\/25\/ford-explorer-volkswagen-meb\/#primaryimage"},"image":{"@id":"https:\/\/terjebjornstad.com\/no\/2023\/03\/25\/ford-explorer-volkswagen-meb\/#primaryimage"},"thumbnailUrl":"https:\/\/i0.wp.com\/terjebjornstad.com\/no\/wp-content\/uploads\/2023\/03\/2023Ford_TheNewAll-ElectricFordExplorer_Norway_03-scaled.jpg?fit=2560%2C1948&ssl=1","datePublished":"2023-03-24T23:17:05+00:00","dateModified":"2025-07-22T22:23:25+00:00","description":"Ford Explorer baserer seg p\u00e5 Volkswagens MEB plattform. Volkswagen og Ford har en l\u00f8pende allianse siden 2019","breadcrumb":{"@id":"https:\/\/terjebjornstad.com\/no\/2023\/03\/25\/ford-explorer-volkswagen-meb\/#breadcrumb"},"inLanguage":"nb-NO","potentialAction":[{"@type":"ReadAction","target":["https:\/\/terjebjornstad.com\/no\/2023\/03\/25\/ford-explorer-volkswagen-meb\/"]}]},{"@type":"ImageObject","inLanguage":"nb-NO","@id":"https:\/\/terjebjornstad.com\/no\/2023\/03\/25\/ford-explorer-volkswagen-meb\/#primaryimage","url":"https:\/\/i0.wp.com\/terjebjornstad.com\/no\/wp-content\/uploads\/2023\/03\/2023Ford_TheNewAll-ElectricFordExplorer_Norway_03-scaled.jpg?fit=2560%2C1948&ssl=1","contentUrl":"https:\/\/i0.wp.com\/terjebjornstad.com\/no\/wp-content\/uploads\/2023\/03\/2023Ford_TheNewAll-ElectricFordExplorer_Norway_03-scaled.jpg?fit=2560%2C1948&ssl=1","width":2560,"height":1948,"caption":"Ford og Volkswagen knytter b\u00e5nd"},{"@type":"BreadcrumbList","@id":"https:\/\/terjebjornstad.com\/no\/2023\/03\/25\/ford-explorer-volkswagen-meb\/#breadcrumb","itemListElement":[{"@type":"ListItem","position":1,"name":"Hjem","item":"https:\/\/terjebjornstad.com\/no\/"},{"@type":"ListItem","position":2,"name":"Ford og Volkswagen knytter b\u00e5nd"}]},{"@type":"WebSite","@id":"https:\/\/terjebjornstad.com\/no\/#website","url":"https:\/\/terjebjornstad.com\/no\/","name":"Terjes biler","description":"HONEST ABOUT CARS","publisher":{"@id":"https:\/\/terjebjornstad.com\/no\/#organization"},"alternateName":"Terjebjornstad.com","potentialAction":[{"@type":"SearchAction","target":{"@type":"EntryPoint","urlTemplate":"https:\/\/terjebjornstad.com\/no\/?s={search_term_string}"},"query-input":{"@type":"PropertyValueSpecification","valueRequired":true,"valueName":"search_term_string"}}],"inLanguage":"nb-NO"},{"@type":"Organization","@id":"https:\/\/terjebjornstad.com\/no\/#organization","name":"Terje Bj\u00f8rnstad ENK","url":"https:\/\/terjebjornstad.com\/no\/","logo":{"@type":"ImageObject","inLanguage":"nb-NO","@id":"https:\/\/terjebjornstad.com\/no\/#\/schema\/logo\/image\/","url":"https:\/\/i0.wp.com\/terjebjornstad.com\/no\/wp-content\/uploads\/2026\/02\/terjesbiler2024-960x354-1.png?fit=960%2C354&ssl=1","contentUrl":"https:\/\/i0.wp.com\/terjebjornstad.com\/no\/wp-content\/uploads\/2026\/02\/terjesbiler2024-960x354-1.png?fit=960%2C354&ssl=1","width":960,"height":354,"caption":"Terje Bj\u00f8rnstad ENK"},"image":{"@id":"https:\/\/terjebjornstad.com\/no\/#\/schema\/logo\/image\/"},"sameAs":["https:\/\/www.facebook.com\/terjesbiler\/","https:\/\/www.instagram.com\/terjesbiler\/","https:\/\/www.pinteres.com\/terjebjrnstad\/terjes-biler\/"]},{"@type":"Person","@id":"https:\/\/terjebjornstad.com\/no\/#\/schema\/person\/a281f6a6e0f3cc9fe468e7f0c655aa65","name":"Terje Bj\u00f8rnstad","image":{"@type":"ImageObject","inLanguage":"nb-NO","@id":"https:\/\/secure.gravatar.com\/avatar\/e8dff505b51cf6cb67ae06a06022d2049aac2da1e79dc146a36b58798c4b40ea?s=96&d=mm&r=g","url":"https:\/\/secure.gravatar.com\/avatar\/e8dff505b51cf6cb67ae06a06022d2049aac2da1e79dc146a36b58798c4b40ea?s=96&d=mm&r=g","contentUrl":"https:\/\/secure.gravatar.com\/avatar\/e8dff505b51cf6cb67ae06a06022d2049aac2da1e79dc146a36b58798c4b40ea?s=96&d=mm&r=g","caption":"Terje Bj\u00f8rnstad"},"description":"Terje Bj\u00f8rnstad. Bloggadministrator, hobbyfotograf og bilnerd.","sameAs":["https:\/\/www.facebook.com\/terjesbiler","https:\/\/www.instagram.com\/terjesbiler","https:\/\/no.pinterest.com\/terjebjrnstad","https:\/\/www.youtube.com\/channel\/UCzCKJJDybyIgKqatc_JQqIg"]}]}},"jetpack_publicize_connections":[],"jetpack_featured_media_url":"https:\/\/i0.wp.com\/terjebjornstad.com\/no\/wp-content\/uploads\/2023\/03\/2023Ford_TheNewAll-ElectricFordExplorer_Norway_03-scaled.jpg?fit=2560%2C1948&ssl=1","jetpack_sharing_enabled":true,"jetpack_shortlink":"https:\/\/wp.me\/p48zYA-fdK","jetpack-related-posts":[{"id":38986,"url":"https:\/\/terjebjornstad.com\/no\/2021\/03\/25\/mustang-mach-es-lillebror\/","url_meta":{"origin":58512,"position":0},"title":"Mustang Mach-E&#8217;s lillebror","author":"Terje Bj\u00f8rnstad","date":"25\/03\/2021","format":false,"excerpt":"Det g\u00e5r en sammenhengende linje mellom Ford Focus Electric og Ford Mustang Mach-E - til kommende E-Transit. Fords samarbeid med Volkswagen, derimot, danner en helt ny linje i Fords elbil-satsning. \u00a0 For 10 \u00e5r siden var Fords markedsandeler i personbilsalget p\u00e5 h\u00f8yde med Volkswagen og Toyota. I 2020 hadde Volkswagen\u2026","rel":"","context":"i &quot;Elbil&quot;","block_context":{"text":"Elbil","link":"https:\/\/terjebjornstad.com\/no\/category\/elbil\/"},"img":{"alt_text":"Ford MEB","src":"https:\/\/i0.wp.com\/terjebjornstad.com\/no\/wp-content\/uploads\/2021\/03\/1-ford-focus-electric-ii-686x457-1.png?fit=686%2C457&ssl=1&resize=350%2C200","width":350,"height":200,"srcset":"https:\/\/i0.wp.com\/terjebjornstad.com\/no\/wp-content\/uploads\/2021\/03\/1-ford-focus-electric-ii-686x457-1.png?fit=686%2C457&ssl=1&resize=350%2C200 1x, https:\/\/i0.wp.com\/terjebjornstad.com\/no\/wp-content\/uploads\/2021\/03\/1-ford-focus-electric-ii-686x457-1.png?fit=686%2C457&ssl=1&resize=525%2C300 1.5x"},"classes":[]},{"id":65249,"url":"https:\/\/terjebjornstad.com\/no\/2023\/10\/31\/ford-explorer-verdt-a-vente\/","url_meta":{"origin":58512,"position":1},"title":"Ford Explorer &#8211; verdt \u00e5 vente?","author":"Terje Bj\u00f8rnstad","date":"31\/10\/2023","format":false,"excerpt":"De f\u00f8rste bilene av Fords nye Explorer kan trolig leveres fra juni neste \u00e5r. Ford Norge regner med \u00e5 \u00e5pne for bestilling til v\u00e5ren. Vi har fors\u00f8kt \u00e5 titte Ford i kortene. Er det verdt \u00e5 vente? P\u00e5 Norgesturn\u00e9 For tiden kj\u00f8res en ny Ford Explorer rundt til norske forhandlere.\u2026","rel":"","context":"i &quot;Artikkel&quot;","block_context":{"text":"Artikkel","link":"https:\/\/terjebjornstad.com\/no\/category\/artikkel\/"},"img":{"alt_text":"","src":"https:\/\/i0.wp.com\/terjebjornstad.com\/no\/wp-content\/uploads\/2023\/10\/ford-explorer-1-1920x1280-1.jpg?fit=1200%2C800&ssl=1&resize=350%2C200","width":350,"height":200,"srcset":"https:\/\/i0.wp.com\/terjebjornstad.com\/no\/wp-content\/uploads\/2023\/10\/ford-explorer-1-1920x1280-1.jpg?fit=1200%2C800&ssl=1&resize=350%2C200 1x, https:\/\/i0.wp.com\/terjebjornstad.com\/no\/wp-content\/uploads\/2023\/10\/ford-explorer-1-1920x1280-1.jpg?fit=1200%2C800&ssl=1&resize=525%2C300 1.5x, https:\/\/i0.wp.com\/terjebjornstad.com\/no\/wp-content\/uploads\/2023\/10\/ford-explorer-1-1920x1280-1.jpg?fit=1200%2C800&ssl=1&resize=700%2C400 2x, https:\/\/i0.wp.com\/terjebjornstad.com\/no\/wp-content\/uploads\/2023\/10\/ford-explorer-1-1920x1280-1.jpg?fit=1200%2C800&ssl=1&resize=1050%2C600 3x"},"classes":[]},{"id":53389,"url":"https:\/\/terjebjornstad.com\/no\/2022\/10\/30\/ford-fiesta-er-over\/","url_meta":{"origin":58512,"position":2},"title":"Fiestaen er over","author":"Terje Bj\u00f8rnstad","date":"30\/10\/2022","format":false,"excerpt":"Den var ikke f\u00f8rst, men var den f\u00f8rste bilen som skulle \u00e5pne folks \u00f8yne for en ny sm\u00e5bilklasse. En klasse som n\u00e5 kan forsvinne n\u00e5r nye elbiler skal gj\u00f8re sitt inntog. Skal frigj\u00f8re produksjonskapasitet Ford har annonsert at Fiesta skal tas ut av modellprogrammet i l\u00f8pet av 2023. I Norge\u2026","rel":"","context":"i &quot;Artikkel&quot;","block_context":{"text":"Artikkel","link":"https:\/\/terjebjornstad.com\/no\/category\/artikkel\/"},"img":{"alt_text":"","src":"https:\/\/i0.wp.com\/terjebjornstad.com\/no\/wp-content\/uploads\/2022\/10\/fiesta-festival-1280-front.jpg?fit=1200%2C601&ssl=1&resize=350%2C200","width":350,"height":200,"srcset":"https:\/\/i0.wp.com\/terjebjornstad.com\/no\/wp-content\/uploads\/2022\/10\/fiesta-festival-1280-front.jpg?fit=1200%2C601&ssl=1&resize=350%2C200 1x, https:\/\/i0.wp.com\/terjebjornstad.com\/no\/wp-content\/uploads\/2022\/10\/fiesta-festival-1280-front.jpg?fit=1200%2C601&ssl=1&resize=525%2C300 1.5x, https:\/\/i0.wp.com\/terjebjornstad.com\/no\/wp-content\/uploads\/2022\/10\/fiesta-festival-1280-front.jpg?fit=1200%2C601&ssl=1&resize=700%2C400 2x, https:\/\/i0.wp.com\/terjebjornstad.com\/no\/wp-content\/uploads\/2022\/10\/fiesta-festival-1280-front.jpg?fit=1200%2C601&ssl=1&resize=1050%2C600 3x"},"classes":[]},{"id":61757,"url":"https:\/\/terjebjornstad.com\/no\/2023\/07\/20\/for-tidlig-a-fase-ut-dieselbiler\/","url_meta":{"origin":58512,"position":3},"title":"For tidlig \u00e5 fase ut dieselbiler?","author":"Terje Bj\u00f8rnstad","date":"20\/07\/2023","format":false,"excerpt":"Tilbudet av personbiler med dieselmotorer er kraftig redusert - spesielt i elbil-gunstige Norge, men ogs\u00e5 andre steder, ettersom bilprodusentene slutter \u00e5 lage dem. Samtidig meldes det om at fossilbiler er mer etterspurt enn elbiler p\u00e5 bruktmarkedet, og at utenlandske oppkj\u00f8pere n\u00e5 str\u00f8mmer til bruktbilhallene. Er det for tidlig \u00e5 fase\u2026","rel":"","context":"i &quot;Artikkel&quot;","block_context":{"text":"Artikkel","link":"https:\/\/terjebjornstad.com\/no\/category\/artikkel\/"},"img":{"alt_text":"","src":"https:\/\/i0.wp.com\/terjebjornstad.com\/no\/wp-content\/uploads\/2023\/07\/Depositphotos_70655407_L.jpg?fit=1200%2C800&ssl=1&resize=350%2C200","width":350,"height":200,"srcset":"https:\/\/i0.wp.com\/terjebjornstad.com\/no\/wp-content\/uploads\/2023\/07\/Depositphotos_70655407_L.jpg?fit=1200%2C800&ssl=1&resize=350%2C200 1x, https:\/\/i0.wp.com\/terjebjornstad.com\/no\/wp-content\/uploads\/2023\/07\/Depositphotos_70655407_L.jpg?fit=1200%2C800&ssl=1&resize=525%2C300 1.5x, https:\/\/i0.wp.com\/terjebjornstad.com\/no\/wp-content\/uploads\/2023\/07\/Depositphotos_70655407_L.jpg?fit=1200%2C800&ssl=1&resize=700%2C400 2x, https:\/\/i0.wp.com\/terjebjornstad.com\/no\/wp-content\/uploads\/2023\/07\/Depositphotos_70655407_L.jpg?fit=1200%2C800&ssl=1&resize=1050%2C600 3x"},"classes":[]},{"id":76382,"url":"https:\/\/terjebjornstad.com\/no\/2024\/10\/27\/oslo-motor-show-2024\/","url_meta":{"origin":58512,"position":4},"title":"Oslo Motor Show 2024","author":"Terje Bj\u00f8rnstad","date":"27\/10\/2024","format":false,"excerpt":"\"Av entusiaster, for entusiaster\" er ett av slagordene for Oslo Motor Show som fylte NOVA Spektrum i Lillestr\u00f8m sist helg. Arrang\u00f8ren stilte opp med utstillere for alle sjangere innen bil og motor. Jeg har valgt \u00e5 dele opp bildene i tre kategorier, - Show Cars, Nye biler og Entusiastbiler. Show\u2026","rel":"","context":"i &quot;Bilutstilling&quot;","block_context":{"text":"Bilutstilling","link":"https:\/\/terjebjornstad.com\/no\/category\/bilutstilling\/"},"img":{"alt_text":"","src":"https:\/\/i0.wp.com\/terjebjornstad.com\/no\/wp-content\/uploads\/2024\/10\/1-1000-bmw-0-csl-hommage-r-1920x1920-1.jpg?fit=1200%2C1200&ssl=1&resize=350%2C200","width":350,"height":200,"srcset":"https:\/\/i0.wp.com\/terjebjornstad.com\/no\/wp-content\/uploads\/2024\/10\/1-1000-bmw-0-csl-hommage-r-1920x1920-1.jpg?fit=1200%2C1200&ssl=1&resize=350%2C200 1x, https:\/\/i0.wp.com\/terjebjornstad.com\/no\/wp-content\/uploads\/2024\/10\/1-1000-bmw-0-csl-hommage-r-1920x1920-1.jpg?fit=1200%2C1200&ssl=1&resize=525%2C300 1.5x, https:\/\/i0.wp.com\/terjebjornstad.com\/no\/wp-content\/uploads\/2024\/10\/1-1000-bmw-0-csl-hommage-r-1920x1920-1.jpg?fit=1200%2C1200&ssl=1&resize=700%2C400 2x, https:\/\/i0.wp.com\/terjebjornstad.com\/no\/wp-content\/uploads\/2024\/10\/1-1000-bmw-0-csl-hommage-r-1920x1920-1.jpg?fit=1200%2C1200&ssl=1&resize=1050%2C600 3x"},"classes":[]},{"id":35944,"url":"https:\/\/terjebjornstad.com\/no\/2020\/11\/02\/taycan-selger-bedre-enn-mondeo\/","url_meta":{"origin":58512,"position":5},"title":"Taycan selger bedre enn Mondeo!","author":"Terje Bj\u00f8rnstad","date":"02\/11\/2020","format":false,"excerpt":"Kj\u00f8ret\u00f8yparken er i endring - og det skjer raskt. Flere biler som vi trodde solgte bra, er nesten ute av markedet. N\u00e5r Terjes biler kj\u00f8rer nye biler, er det ofte kj\u00f8ret\u00f8y formidlet via bilutleie- og bildelingsselskaper. Selv om bilene er nye, er de ofte ikke spesielt ettertraktet p\u00e5 markedet, snarere\u2026","rel":"","context":"i &quot;Artikkel&quot;","block_context":{"text":"Artikkel","link":"https:\/\/terjebjornstad.com\/no\/category\/artikkel\/"},"img":{"alt_text":"","src":"https:\/\/i0.wp.com\/terjebjornstad.com\/no\/wp-content\/uploads\/2020\/11\/2015-ford-mondeo-2.0-tdci-180-1-2.png?fit=686%2C457&ssl=1&resize=350%2C200","width":350,"height":200,"srcset":"https:\/\/i0.wp.com\/terjebjornstad.com\/no\/wp-content\/uploads\/2020\/11\/2015-ford-mondeo-2.0-tdci-180-1-2.png?fit=686%2C457&ssl=1&resize=350%2C200 1x, https:\/\/i0.wp.com\/terjebjornstad.com\/no\/wp-content\/uploads\/2020\/11\/2015-ford-mondeo-2.0-tdci-180-1-2.png?fit=686%2C457&ssl=1&resize=525%2C300 1.5x"},"classes":[]}],"gt_translate_keys":[{"key":"link","format":"url"}],"_links":{"self":[{"href":"https:\/\/terjebjornstad.com\/no\/wp-json\/wp\/v2\/posts\/58512","targetHints":{"allow":["GET"]}}],"collection":[{"href":"https:\/\/terjebjornstad.com\/no\/wp-json\/wp\/v2\/posts"}],"about":[{"href":"https:\/\/terjebjornstad.com\/no\/wp-json\/wp\/v2\/types\/post"}],"author":[{"embeddable":true,"href":"https:\/\/terjebjornstad.com\/no\/wp-json\/wp\/v2\/users\/1"}],"replies":[{"embeddable":true,"href":"https:\/\/terjebjornstad.com\/no\/wp-json\/wp\/v2\/comments?post=58512"}],"version-history":[{"count":31,"href":"https:\/\/terjebjornstad.com\/no\/wp-json\/wp\/v2\/posts\/58512\/revisions"}],"predecessor-version":[{"id":83186,"href":"https:\/\/terjebjornstad.com\/no\/wp-json\/wp\/v2\/posts\/58512\/revisions\/83186"}],"wp:featuredmedia":[{"embeddable":true,"href":"https:\/\/terjebjornstad.com\/no\/wp-json\/wp\/v2\/media\/58521"}],"wp:attachment":[{"href":"https:\/\/terjebjornstad.com\/no\/wp-json\/wp\/v2\/media?parent=58512"}],"wp:term":[{"taxonomy":"category","embeddable":true,"href":"https:\/\/terjebjornstad.com\/no\/wp-json\/wp\/v2\/categories?post=58512"},{"taxonomy":"post_tag","embeddable":true,"href":"https:\/\/terjebjornstad.com\/no\/wp-json\/wp\/v2\/tags?post=58512"}],"curies":[{"name":"wp","href":"https:\/\/api.w.org\/{rel}","templated":true}]}}