{"id":585,"date":"2013-12-08T17:17:45","date_gmt":"2013-12-08T17:17:45","guid":{"rendered":"http:\/\/terjebjornstad.com\/no\/?p=585"},"modified":"2024-08-27T01:59:24","modified_gmt":"2024-08-27T00:59:24","slug":"a4-med-den-minste-tdi","status":"publish","type":"post","link":"https:\/\/terjebjornstad.com\/no\/2013\/12\/08\/a4-med-den-minste-tdi\/","title":{"rendered":"A4 med den minste TDI","gt_translate_keys":[{"key":"rendered","format":"text"}]},"content":{"rendered":"<blockquote><p><em>I Audi A4 har ikke kravene til plass tatt overh\u00e5nd. Det er en sv\u00e6rt vakker bil som er lav og bred. Den ligger sv\u00e6rt godt p\u00e5 veien og hjelper f\u00f8reren i alle situasjoner, men ikke ha for store forventninger til drivlinjen med 120 hesters TDI!<\/em><\/p><\/blockquote>\n<figure id=\"attachment_5905\" aria-describedby=\"caption-attachment-5905\" style=\"width: 1000px\" class=\"wp-caption aligncenter\"><a href=\"https:\/\/i0.wp.com\/terjebjornstad.com\/no\/wp-content\/uploads\/2016\/06\/2010-Audi-A4-1000-2.png?ssl=1\"><img data-recalc-dims=\"1\" loading=\"lazy\" decoding=\"async\" data-attachment-id=\"5905\" data-permalink=\"https:\/\/terjebjornstad.com\/no\/2010-audi-a4\/2010-audi-a4-1000-2\/\" data-orig-file=\"https:\/\/i0.wp.com\/terjebjornstad.com\/no\/wp-content\/uploads\/2016\/06\/2010-Audi-A4-1000-2.png?fit=1000%2C667&amp;ssl=1\" data-orig-size=\"1000,667\" data-comments-opened=\"1\" data-image-meta=\"{&quot;aperture&quot;:&quot;0&quot;,&quot;credit&quot;:&quot;&quot;,&quot;camera&quot;:&quot;&quot;,&quot;caption&quot;:&quot;&quot;,&quot;created_timestamp&quot;:&quot;0&quot;,&quot;copyright&quot;:&quot;&quot;,&quot;focal_length&quot;:&quot;0&quot;,&quot;iso&quot;:&quot;0&quot;,&quot;shutter_speed&quot;:&quot;0&quot;,&quot;title&quot;:&quot;&quot;,&quot;orientation&quot;:&quot;0&quot;}\" data-image-title=\"2010-Audi-A4-1000-2\" data-image-description=\"\" data-image-caption=\"&lt;p&gt;Ogs\u00e5 ber\u00f8rt &amp;#8211; Audi A4 B8&lt;\/p&gt;\n\" data-large-file=\"https:\/\/i0.wp.com\/terjebjornstad.com\/no\/wp-content\/uploads\/2016\/06\/2010-Audi-A4-1000-2.png?fit=980%2C654&amp;ssl=1\" src=\"https:\/\/i0.wp.com\/terjebjornstad.com\/no\/wp-content\/uploads\/2016\/06\/2010-Audi-A4-1000-2.png?resize=980%2C654&#038;ssl=1\" alt=\"\" width=\"980\" height=\"654\" class=\"size-full wp-image-5905\" srcset=\"https:\/\/i0.wp.com\/terjebjornstad.com\/no\/wp-content\/uploads\/2016\/06\/2010-Audi-A4-1000-2.png?w=1000&amp;ssl=1 1000w, https:\/\/i0.wp.com\/terjebjornstad.com\/no\/wp-content\/uploads\/2016\/06\/2010-Audi-A4-1000-2.png?resize=300%2C200&amp;ssl=1 300w, https:\/\/i0.wp.com\/terjebjornstad.com\/no\/wp-content\/uploads\/2016\/06\/2010-Audi-A4-1000-2.png?resize=768%2C512&amp;ssl=1 768w, https:\/\/i0.wp.com\/terjebjornstad.com\/no\/wp-content\/uploads\/2016\/06\/2010-Audi-A4-1000-2.png?resize=690%2C460&amp;ssl=1 690w, https:\/\/i0.wp.com\/terjebjornstad.com\/no\/wp-content\/uploads\/2016\/06\/2010-Audi-A4-1000-2.png?resize=980%2C654&amp;ssl=1 980w\" sizes=\"auto, (max-width: 980px) 100vw, 980px\" \/><\/a><figcaption id=\"caption-attachment-5905\" class=\"wp-caption-text\">Audi A4 B8<\/figcaption><\/figure>\n<p><strong><a href=\"https:\/\/i0.wp.com\/terjebjornstad.com\/no\/wp-content\/uploads\/2013\/08\/5.jpg?ssl=1\"><img data-recalc-dims=\"1\" loading=\"lazy\" decoding=\"async\" class=\"alignright size-full wp-image-379\" alt=\"5\" src=\"https:\/\/i0.wp.com\/terjebjornstad.com\/no\/wp-content\/uploads\/2013\/08\/5.jpg?resize=91%2C17&#038;ssl=1\" width=\"91\" height=\"17\" \/><\/a><em><strong>Look-and-Feel<br \/>\n<\/strong><br \/>\n<\/em><\/strong>Den umiddelbare f\u00f8lelsen man f\u00e5r av Audi A4 er n\u00f8ktern og solid kvalitet uten dilldall og krimskrams. Lav og bred med sidespoilere (standard p\u00e5 biler levert i Norge) og fancy Xenon-lys gir signaler om sportslighet. Seter i skinn\/alcantara, ogs\u00e5 kledt p\u00e5 innvendige d\u00f8rsider, Audis infotainment-system med stor og liten fargeskjerm, navigasjon, betjeningshjul p\u00e5 midtkonsollen og knapper p\u00e5 rattet gir signaler om at man befinner seg i en dyr bil. Setene er ikke spesielt myke. Med uttrekkbare l\u00e5rst\u00f8tter og justerbar korsryggst\u00f8tte forst\u00e5r man at vekten er lagt p\u00e5 det sportslige og ikke det komfortable. Men bilen scorer h\u00f8yt p\u00e5 look-and-feel faktoren.<\/p>\n<p>Skal vi sette fingeren p\u00e5 noe, s\u00e5 m\u00e5 det v\u00e6re at alt som gir premiumf\u00f8lelse er ekstrautstyr. Dette utstyret <i>m\u00e5<\/i> du ha i din A4! En annen detalj som trekker litt ned p\u00e5 premiuminntrykket er den simple blikkplaten som omkranser den \u00f8verste delen av instrumentpanelet. Denne er ikke av samme kvalitet som de elegante aluminiumsinnleggene som er brukt andre steder, som i midtkonsollen og i d\u00f8rene. Dette synes \u00e5 v\u00e6re forbedret i den faceliftede modellen fra 2013.<\/p>\n<p><strong><a href=\"https:\/\/i0.wp.com\/terjebjornstad.com\/no\/wp-content\/uploads\/2013\/08\/4.jpg?ssl=1\"><img data-recalc-dims=\"1\" loading=\"lazy\" decoding=\"async\" class=\"alignright size-full wp-image-379\" alt=\"4\" src=\"https:\/\/i0.wp.com\/terjebjornstad.com\/no\/wp-content\/uploads\/2013\/08\/4.jpg?resize=91%2C17&#038;ssl=1\" width=\"91\" height=\"17\" \/><\/a><em><strong>Kj\u00f8reglede<\/strong><\/em><\/strong><\/p>\n<p>Den testede bilen har en common rail TDI motor med 120 hestekrefter. Sp\u00f8rsm\u00e5let er om dette er nok til \u00e5 gi kj\u00f8reglede. I utgangspunktet beh\u00f8ver man ikke flere hestekrefter, og bilen tilfredsstiller i de fleste situasjonene. P\u00e5 ett punkt f\u00f8lte jeg imidlertid at bilen sviktet mine forventninger: Akselerasjoner fra 80-100 km\/t, &#8211; alts\u00e5 forbikj\u00f8ringer p\u00e5 landeveien. Her er det n\u00e6rmest ingen hjelp \u00e5 f\u00e5 fra noen av de seks girene. Det virker rett og slett som om girkassen ikke er tilpasset TDI med 120 hester. De svake forbikj\u00f8ringsegenskapene legger demper p\u00e5 kj\u00f8regleden.<\/p>\n<figure id=\"attachment_5907\" aria-describedby=\"caption-attachment-5907\" style=\"width: 1000px\" class=\"wp-caption aligncenter\"><a href=\"https:\/\/i0.wp.com\/terjebjornstad.com\/no\/wp-content\/uploads\/2016\/06\/2010-Audi-A4-1000-7.png?ssl=1\"><img data-recalc-dims=\"1\" loading=\"lazy\" decoding=\"async\" data-attachment-id=\"5907\" data-permalink=\"https:\/\/terjebjornstad.com\/no\/2010-audi-a4\/2010-audi-a4-1000-7\/\" data-orig-file=\"https:\/\/i0.wp.com\/terjebjornstad.com\/no\/wp-content\/uploads\/2016\/06\/2010-Audi-A4-1000-7.png?fit=1000%2C667&amp;ssl=1\" data-orig-size=\"1000,667\" data-comments-opened=\"1\" data-image-meta=\"{&quot;aperture&quot;:&quot;0&quot;,&quot;credit&quot;:&quot;&quot;,&quot;camera&quot;:&quot;&quot;,&quot;caption&quot;:&quot;&quot;,&quot;created_timestamp&quot;:&quot;0&quot;,&quot;copyright&quot;:&quot;&quot;,&quot;focal_length&quot;:&quot;0&quot;,&quot;iso&quot;:&quot;0&quot;,&quot;shutter_speed&quot;:&quot;0&quot;,&quot;title&quot;:&quot;&quot;,&quot;orientation&quot;:&quot;0&quot;}\" data-image-title=\"2010-Audi-A4-1000-7\" data-image-description=\"\" data-image-caption=\"&lt;p&gt;Audi A4 B8&lt;\/p&gt;\n\" data-large-file=\"https:\/\/i0.wp.com\/terjebjornstad.com\/no\/wp-content\/uploads\/2016\/06\/2010-Audi-A4-1000-7.png?fit=980%2C654&amp;ssl=1\" src=\"https:\/\/i0.wp.com\/terjebjornstad.com\/no\/wp-content\/uploads\/2016\/06\/2010-Audi-A4-1000-7.png?resize=980%2C654&#038;ssl=1\" alt=\"\" width=\"980\" height=\"654\" class=\"size-full wp-image-5907\" srcset=\"https:\/\/i0.wp.com\/terjebjornstad.com\/no\/wp-content\/uploads\/2016\/06\/2010-Audi-A4-1000-7.png?w=1000&amp;ssl=1 1000w, https:\/\/i0.wp.com\/terjebjornstad.com\/no\/wp-content\/uploads\/2016\/06\/2010-Audi-A4-1000-7.png?resize=300%2C200&amp;ssl=1 300w, https:\/\/i0.wp.com\/terjebjornstad.com\/no\/wp-content\/uploads\/2016\/06\/2010-Audi-A4-1000-7.png?resize=768%2C512&amp;ssl=1 768w, https:\/\/i0.wp.com\/terjebjornstad.com\/no\/wp-content\/uploads\/2016\/06\/2010-Audi-A4-1000-7.png?resize=690%2C460&amp;ssl=1 690w, https:\/\/i0.wp.com\/terjebjornstad.com\/no\/wp-content\/uploads\/2016\/06\/2010-Audi-A4-1000-7.png?resize=980%2C654&amp;ssl=1 980w\" sizes=\"auto, (max-width: 980px) 100vw, 980px\" \/><\/a><figcaption id=\"caption-attachment-5907\" class=\"wp-caption-text\">Audi A4 B8<\/figcaption><\/figure>\n<p>Landeveiskj\u00f8ring p\u00e5 motorvei og landevei fungerer for \u00f8vrig bra. Bilen ligger sv\u00e6rt stabilt og godt p\u00e5 veien, selv p\u00e5 d\u00e5rlig vinterf\u00f8re. Bremseegenskapene er fenomenale.<\/p>\n<p><strong><a href=\"https:\/\/i0.wp.com\/terjebjornstad.com\/no\/wp-content\/uploads\/2013\/08\/4.jpg?ssl=1\"><img data-recalc-dims=\"1\" loading=\"lazy\" decoding=\"async\" class=\"alignright size-full wp-image-379\" alt=\"4\" src=\"https:\/\/i0.wp.com\/terjebjornstad.com\/no\/wp-content\/uploads\/2013\/08\/4.jpg?resize=91%2C17&#038;ssl=1\" width=\"91\" height=\"17\" \/><\/a><em><strong>Komfort<\/strong><\/em><\/strong><\/p>\n<p>&nbsp;<\/p>\n<p>Selv med fabrikksenket understell p\u00e5 2 cm og sportseter, f\u00f8les bilen komfortabel. Til sammenligning har en A4 med S-line\u00a0sitt understell senket med 3 cm og er stivere. Testbilens sportslige egenskaper g\u00e5r ikke ut over det komfortable. Foran sitter man kongelig, med to sones klimaanlegg, uttrekkbare l\u00e5rst\u00f8tter, justerbar korsryggst\u00f8tte og armlene. I baksetet sitter man ikke like godt. Sitteputen er for kort og lav for voksne personer. Selv om det er tilstrekkelig benplass, er sittestillingen ukomfortabel. I tillegg finnes det ingen klimakanaler til baksetet. Dette m\u00e5 bestilles som tilleggsutstyr (3-soners klima).<\/p>\n<p>Bilen er normalt godt lyddempet fra motor, understell og veibane.<\/p>\n<p><strong><a href=\"https:\/\/i0.wp.com\/terjebjornstad.com\/no\/wp-content\/uploads\/2013\/08\/3.jpg?ssl=1\"><img data-recalc-dims=\"1\" loading=\"lazy\" decoding=\"async\" class=\"alignright size-full wp-image-379\" alt=\"3\" src=\"https:\/\/i0.wp.com\/terjebjornstad.com\/no\/wp-content\/uploads\/2013\/08\/3.jpg?resize=91%2C17&#038;ssl=1\" width=\"91\" height=\"17\" \/><\/a><em><strong>Plass<\/strong><\/em><\/strong><\/p>\n<p>A4 er 10 cm kortere enn en VW Passat. Dette merkes i baksetet og i bagasjerommet. St\u00f8rrelsesmessig tilbyr A4 tilstrekkelig plass til en 5-seter. Bagasjerommet i sedan og Avant er ikke spesielt stort, men er stort nok til en liten familie. Jeg liker biler som ikke ensidig fokuserer p\u00e5 plass.<\/p>\n<p><strong><a href=\"https:\/\/i0.wp.com\/terjebjornstad.com\/no\/wp-content\/uploads\/2013\/08\/5.jpg?ssl=1\"><img data-recalc-dims=\"1\" loading=\"lazy\" decoding=\"async\" class=\"alignright size-full wp-image-379\" alt=\"5\" src=\"https:\/\/i0.wp.com\/terjebjornstad.com\/no\/wp-content\/uploads\/2013\/08\/5.jpg?resize=91%2C17&#038;ssl=1\" width=\"91\" height=\"17\" \/><\/a><em><strong>Sikkerhet<\/strong><\/em><\/strong><\/p>\n<p>Alt relevant sikkerhetsutstyr er p\u00e5 plass, og i modeller fra 2013 kan man under \u00abf\u00f8rerassistanse\u00bb bestille sikkerhetsutstyr som adaptiv cruise control, active lane assist (filskiftevarsling) og side assist (varsle trafikk i d\u00f8dsonene i sidespeilet). Det er i tillegg verdt \u00e5 nevne A4 sv\u00e6rt trygge kj\u00f8reegenskaper som hjelper f\u00f8reren \u00e5 holde bilen p\u00e5 veien.<\/p>\n<figure id=\"attachment_5904\" aria-describedby=\"caption-attachment-5904\" style=\"width: 1000px\" class=\"wp-caption aligncenter\"><a href=\"https:\/\/i0.wp.com\/terjebjornstad.com\/no\/wp-content\/uploads\/2016\/06\/2010-Audi-A4-1000-1.png?ssl=1\"><img data-recalc-dims=\"1\" loading=\"lazy\" decoding=\"async\" data-attachment-id=\"5904\" data-permalink=\"https:\/\/terjebjornstad.com\/no\/2010-audi-a4\/2010-audi-a4-1000-1\/\" data-orig-file=\"https:\/\/i0.wp.com\/terjebjornstad.com\/no\/wp-content\/uploads\/2016\/06\/2010-Audi-A4-1000-1.png?fit=1000%2C667&amp;ssl=1\" data-orig-size=\"1000,667\" data-comments-opened=\"1\" data-image-meta=\"{&quot;aperture&quot;:&quot;0&quot;,&quot;credit&quot;:&quot;&quot;,&quot;camera&quot;:&quot;&quot;,&quot;caption&quot;:&quot;&quot;,&quot;created_timestamp&quot;:&quot;0&quot;,&quot;copyright&quot;:&quot;&quot;,&quot;focal_length&quot;:&quot;0&quot;,&quot;iso&quot;:&quot;0&quot;,&quot;shutter_speed&quot;:&quot;0&quot;,&quot;title&quot;:&quot;&quot;,&quot;orientation&quot;:&quot;0&quot;}\" data-image-title=\"2010-Audi-A4-1000-1\" data-image-description=\"\" data-image-caption=\"&lt;p&gt;Audi A4 B8&lt;\/p&gt;\n\" data-large-file=\"https:\/\/i0.wp.com\/terjebjornstad.com\/no\/wp-content\/uploads\/2016\/06\/2010-Audi-A4-1000-1.png?fit=980%2C654&amp;ssl=1\" src=\"https:\/\/i0.wp.com\/terjebjornstad.com\/no\/wp-content\/uploads\/2016\/06\/2010-Audi-A4-1000-1.png?resize=980%2C654&#038;ssl=1\" alt=\"\" width=\"980\" height=\"654\" class=\"size-full wp-image-5904\" srcset=\"https:\/\/i0.wp.com\/terjebjornstad.com\/no\/wp-content\/uploads\/2016\/06\/2010-Audi-A4-1000-1.png?w=1000&amp;ssl=1 1000w, https:\/\/i0.wp.com\/terjebjornstad.com\/no\/wp-content\/uploads\/2016\/06\/2010-Audi-A4-1000-1.png?resize=300%2C200&amp;ssl=1 300w, https:\/\/i0.wp.com\/terjebjornstad.com\/no\/wp-content\/uploads\/2016\/06\/2010-Audi-A4-1000-1.png?resize=768%2C512&amp;ssl=1 768w, https:\/\/i0.wp.com\/terjebjornstad.com\/no\/wp-content\/uploads\/2016\/06\/2010-Audi-A4-1000-1.png?resize=690%2C460&amp;ssl=1 690w, https:\/\/i0.wp.com\/terjebjornstad.com\/no\/wp-content\/uploads\/2016\/06\/2010-Audi-A4-1000-1.png?resize=980%2C654&amp;ssl=1 980w\" sizes=\"auto, (max-width: 980px) 100vw, 980px\" \/><\/a><figcaption id=\"caption-attachment-5904\" class=\"wp-caption-text\">Audi A4 B8<\/figcaption><\/figure>\n<p>&nbsp;<\/p>\n<p><strong><a href=\"https:\/\/i0.wp.com\/terjebjornstad.com\/no\/wp-content\/uploads\/2013\/08\/3.jpg?ssl=1\"><img data-recalc-dims=\"1\" loading=\"lazy\" decoding=\"async\" class=\"alignright size-full wp-image-379\" alt=\"3\" src=\"https:\/\/i0.wp.com\/terjebjornstad.com\/no\/wp-content\/uploads\/2013\/08\/3.jpg?resize=91%2C17&#038;ssl=1\" width=\"91\" height=\"17\" \/><\/a><em><strong>\u00d8konomi<\/strong><\/em><\/strong><\/p>\n<p>Audi reklamerer med relativ lav innstegspris for Audi A4. Slike priser er ikke korrekte, fordi du m\u00e5 regne med \u00e5 bestille ekstrautstyr for mellom 50-100\u00a0000 kroner. Verditapet er h\u00f8yt, &#8211; ikke fordi A4 faller mer enn andre biler, men fordi innkj\u00f8psprisen er h\u00f8y. Det selges relativt mange A4 som firmabiler, noe som gj\u00f8r at det er ganske mange nyere brukte Audier p\u00e5 markedet. Det er s\u00e5ledes mye \u00e5 hente p\u00e5 \u00e5 kj\u00f8pe din A4 brukt.<\/p>\n<p>Driftsutgiftene blir noe h\u00f8yere enn Volkswagen fordi originaldelene er dyrere for Audi enn for Volkswagen.<\/p>\n<p>De nye TDI common rail motorene bruker sv\u00e6rt lite diesel.<\/p>\n<p><img data-recalc-dims=\"1\" loading=\"lazy\" decoding=\"async\" data-attachment-id=\"431\" data-permalink=\"https:\/\/terjebjornstad.com\/no\/2013\/08\/04\/nye-astra\/positive1\/\" data-orig-file=\"https:\/\/i0.wp.com\/terjebjornstad.com\/no\/wp-content\/uploads\/2013\/08\/positive1.jpg?fit=57%2C57&amp;ssl=1\" data-orig-size=\"57,57\" data-comments-opened=\"1\" data-image-meta=\"{&quot;aperture&quot;:&quot;0&quot;,&quot;credit&quot;:&quot;&quot;,&quot;camera&quot;:&quot;&quot;,&quot;caption&quot;:&quot;&quot;,&quot;created_timestamp&quot;:&quot;0&quot;,&quot;copyright&quot;:&quot;&quot;,&quot;focal_length&quot;:&quot;0&quot;,&quot;iso&quot;:&quot;0&quot;,&quot;shutter_speed&quot;:&quot;0&quot;,&quot;title&quot;:&quot;&quot;,&quot;orientation&quot;:&quot;0&quot;}\" data-image-title=\"positive1\" data-image-description=\"\" data-image-caption=\"\" data-large-file=\"https:\/\/i0.wp.com\/terjebjornstad.com\/no\/wp-content\/uploads\/2013\/08\/positive1.jpg?fit=57%2C57&amp;ssl=1\" class=\"size-full wp-image-431 alignnone\" alt=\"positive1\" src=\"https:\/\/i0.wp.com\/terjebjornstad.com\/no\/wp-content\/uploads\/2013\/08\/positive1.jpg?resize=57%2C57&#038;ssl=1\" width=\"57\" height=\"57\" srcset=\"https:\/\/i0.wp.com\/terjebjornstad.com\/no\/wp-content\/uploads\/2013\/08\/positive1.jpg?w=57&amp;ssl=1 57w, https:\/\/i0.wp.com\/terjebjornstad.com\/no\/wp-content\/uploads\/2013\/08\/positive1.jpg?resize=50%2C50&amp;ssl=1 50w\" sizes=\"auto, (max-width: 57px) 100vw, 57px\" \/><\/p>\n<ul>\n<li><em>Vellykket utseende<\/em><\/li>\n<li><em>Infotainment-systemet med navigasjon<\/em><\/li>\n<\/ul>\n<p><a href=\"https:\/\/i0.wp.com\/terjebjornstad.com\/no\/wp-content\/uploads\/2013\/08\/negative1.jpg?ssl=1\"><img data-recalc-dims=\"1\" loading=\"lazy\" decoding=\"async\" data-attachment-id=\"430\" data-permalink=\"https:\/\/terjebjornstad.com\/no\/2013\/08\/04\/nye-astra\/negative1\/\" data-orig-file=\"https:\/\/i0.wp.com\/terjebjornstad.com\/no\/wp-content\/uploads\/2013\/08\/negative1.jpg?fit=57%2C57&amp;ssl=1\" data-orig-size=\"57,57\" data-comments-opened=\"1\" data-image-meta=\"{&quot;aperture&quot;:&quot;0&quot;,&quot;credit&quot;:&quot;&quot;,&quot;camera&quot;:&quot;&quot;,&quot;caption&quot;:&quot;&quot;,&quot;created_timestamp&quot;:&quot;0&quot;,&quot;copyright&quot;:&quot;&quot;,&quot;focal_length&quot;:&quot;0&quot;,&quot;iso&quot;:&quot;0&quot;,&quot;shutter_speed&quot;:&quot;0&quot;,&quot;title&quot;:&quot;&quot;,&quot;orientation&quot;:&quot;0&quot;}\" data-image-title=\"negative1\" data-image-description=\"\" data-image-caption=\"\" data-large-file=\"https:\/\/i0.wp.com\/terjebjornstad.com\/no\/wp-content\/uploads\/2013\/08\/negative1.jpg?fit=57%2C57&amp;ssl=1\" class=\"size-full wp-image-430 alignnone\" alt=\"negative1\" src=\"https:\/\/i0.wp.com\/terjebjornstad.com\/no\/wp-content\/uploads\/2013\/08\/negative1.jpg?resize=57%2C57&#038;ssl=1\" width=\"57\" height=\"57\" srcset=\"https:\/\/i0.wp.com\/terjebjornstad.com\/no\/wp-content\/uploads\/2013\/08\/negative1.jpg?w=57&amp;ssl=1 57w, https:\/\/i0.wp.com\/terjebjornstad.com\/no\/wp-content\/uploads\/2013\/08\/negative1.jpg?resize=50%2C50&amp;ssl=1 50w\" sizes=\"auto, (max-width: 57px) 100vw, 57px\" \/><\/a><\/p>\n<ul>\n<li><em>6-trinns girkassen harmonerer ikke helt godt med 120-hesteren<\/em><\/li>\n<\/ul>\n<figure id=\"attachment_5906\" aria-describedby=\"caption-attachment-5906\" style=\"width: 1000px\" class=\"wp-caption aligncenter\"><a href=\"https:\/\/i0.wp.com\/terjebjornstad.com\/no\/wp-content\/uploads\/2016\/06\/2010-Audi-A4-1000-5.png?ssl=1\"><img data-recalc-dims=\"1\" loading=\"lazy\" decoding=\"async\" data-attachment-id=\"5906\" data-permalink=\"https:\/\/terjebjornstad.com\/no\/2010-audi-a4\/2010-audi-a4-1000-5\/\" data-orig-file=\"https:\/\/i0.wp.com\/terjebjornstad.com\/no\/wp-content\/uploads\/2016\/06\/2010-Audi-A4-1000-5.png?fit=1000%2C667&amp;ssl=1\" data-orig-size=\"1000,667\" data-comments-opened=\"1\" data-image-meta=\"{&quot;aperture&quot;:&quot;0&quot;,&quot;credit&quot;:&quot;&quot;,&quot;camera&quot;:&quot;&quot;,&quot;caption&quot;:&quot;&quot;,&quot;created_timestamp&quot;:&quot;0&quot;,&quot;copyright&quot;:&quot;&quot;,&quot;focal_length&quot;:&quot;0&quot;,&quot;iso&quot;:&quot;0&quot;,&quot;shutter_speed&quot;:&quot;0&quot;,&quot;title&quot;:&quot;&quot;,&quot;orientation&quot;:&quot;0&quot;}\" data-image-title=\"2010-Audi-A4-1000-5\" data-image-description=\"\" data-image-caption=\"&lt;p&gt;Audi A4 B8&lt;\/p&gt;\n\" data-large-file=\"https:\/\/i0.wp.com\/terjebjornstad.com\/no\/wp-content\/uploads\/2016\/06\/2010-Audi-A4-1000-5.png?fit=980%2C654&amp;ssl=1\" src=\"https:\/\/i0.wp.com\/terjebjornstad.com\/no\/wp-content\/uploads\/2016\/06\/2010-Audi-A4-1000-5.png?resize=980%2C654&#038;ssl=1\" alt=\"\" width=\"980\" height=\"654\" class=\"size-full wp-image-5906\" srcset=\"https:\/\/i0.wp.com\/terjebjornstad.com\/no\/wp-content\/uploads\/2016\/06\/2010-Audi-A4-1000-5.png?w=1000&amp;ssl=1 1000w, https:\/\/i0.wp.com\/terjebjornstad.com\/no\/wp-content\/uploads\/2016\/06\/2010-Audi-A4-1000-5.png?resize=300%2C200&amp;ssl=1 300w, https:\/\/i0.wp.com\/terjebjornstad.com\/no\/wp-content\/uploads\/2016\/06\/2010-Audi-A4-1000-5.png?resize=768%2C512&amp;ssl=1 768w, https:\/\/i0.wp.com\/terjebjornstad.com\/no\/wp-content\/uploads\/2016\/06\/2010-Audi-A4-1000-5.png?resize=690%2C460&amp;ssl=1 690w, https:\/\/i0.wp.com\/terjebjornstad.com\/no\/wp-content\/uploads\/2016\/06\/2010-Audi-A4-1000-5.png?resize=980%2C654&amp;ssl=1 980w\" sizes=\"auto, (max-width: 980px) 100vw, 980px\" \/><\/a><figcaption id=\"caption-attachment-5906\" class=\"wp-caption-text\">Audi A4 B8<\/figcaption><\/figure>\n","protected":false,"gt_translate_keys":[{"key":"rendered","format":"html"}]},"excerpt":{"rendered":"<p>I Audi A4 har ikke kravene til plass tatt overh\u00e5nd. Det er en sv\u00e6rt vakker bil som er lav og bred. Den ligger sv\u00e6rt godt p\u00e5 veien og hjelper f\u00f8reren i alle situasjoner, men ikke ha for store forventninger til drivlinjen med 120 hesters TDI! Look-and-Feel Den umiddelbare f\u00f8lelsen man f\u00e5r av Audi A4 er [&hellip;]<\/p>\n","protected":false,"gt_translate_keys":[{"key":"rendered","format":"html"}]},"author":1,"featured_media":0,"comment_status":"closed","ping_status":"open","sticky":false,"template":"","format":"standard","meta":{"_monsterinsights_skip_tracking":false,"_monsterinsights_sitenote_active":false,"_monsterinsights_sitenote_note":"","_monsterinsights_sitenote_category":0,"jetpack_post_was_ever_published":false,"_jetpack_newsletter_access":"","_jetpack_dont_email_post_to_subs":false,"_jetpack_newsletter_tier_id":0,"_jetpack_memberships_contains_paywalled_content":false,"_jetpack_memberships_contains_paid_content":false,"footnotes":"","jetpack_publicize_message":"","jetpack_publicize_feature_enabled":true,"jetpack_social_post_already_shared":true,"jetpack_social_options":{"image_generator_settings":{"template":"highway","default_image_id":0,"font":"","enabled":false},"version":2}},"categories":[2349,34,40],"tags":[195,197,42,78,176,175,180,60,179,177,178,198,61,174],"class_list":["post-585","post","type-post","status-publish","format-standard","hentry","category-a4","category-artikkel","category-audi","tag-2-0-tdi","tag-2-0-tdi-120","tag-a4","tag-infotainment","tag-kjoreglede","tag-komfort","tag-look-and-feel","tag-navigasjon","tag-okonomi","tag-plass","tag-sikkerhet","tag-skinn-alcantara","tag-sportsseter","tag-test"],"yoast_head":"<!-- This site is optimized with the Yoast SEO plugin v27.5 - https:\/\/yoast.com\/product\/yoast-seo-wordpress\/ -->\n<title>A4 med den minste TDI - Terjes biler<\/title>\n<meta name=\"robots\" content=\"index, follow, max-snippet:-1, max-image-preview:large, max-video-preview:-1\" \/>\n<link rel=\"canonical\" href=\"https:\/\/terjebjornstad.com\/no\/2013\/12\/08\/a4-med-den-minste-tdi\/\" \/>\n<meta property=\"og:locale\" content=\"nb_NO\" \/>\n<meta property=\"og:type\" content=\"article\" \/>\n<meta property=\"og:title\" content=\"A4 med den minste TDI - Terjes biler\" \/>\n<meta property=\"og:description\" content=\"I Audi A4 har ikke kravene til plass tatt overh\u00e5nd. Det er en sv\u00e6rt vakker bil som er lav og bred. Den ligger sv\u00e6rt godt p\u00e5 veien og hjelper f\u00f8reren i alle situasjoner, men ikke ha for store forventninger til drivlinjen med 120 hesters TDI! Look-and-Feel Den umiddelbare f\u00f8lelsen man f\u00e5r av Audi A4 er [&hellip;]\" \/>\n<meta property=\"og:url\" content=\"https:\/\/terjebjornstad.com\/no\/2013\/12\/08\/a4-med-den-minste-tdi\/\" \/>\n<meta property=\"og:site_name\" content=\"Terjes biler\" \/>\n<meta property=\"article:publisher\" content=\"https:\/\/www.facebook.com\/terjesbiler\/\" \/>\n<meta property=\"article:author\" content=\"https:\/\/www.facebook.com\/terjesbiler\" \/>\n<meta property=\"article:published_time\" content=\"2013-12-08T17:17:45+00:00\" \/>\n<meta property=\"article:modified_time\" content=\"2024-08-27T00:59:24+00:00\" \/>\n<meta property=\"og:image\" content=\"https:\/\/terjebjornstad.com\/no\/wp-content\/uploads\/2016\/06\/2010-Audi-A4-1000-2.png\" \/>\n<meta name=\"author\" content=\"Terje Bj\u00f8rnstad\" \/>\n<meta name=\"twitter:card\" content=\"summary_large_image\" \/>\n<meta name=\"twitter:label1\" content=\"Skrevet av\" \/>\n\t<meta name=\"twitter:data1\" content=\"Terje Bj\u00f8rnstad\" \/>\n\t<meta name=\"twitter:label2\" content=\"Ansl. lesetid\" \/>\n\t<meta name=\"twitter:data2\" content=\"6 minutter\" \/>\n<script type=\"application\/ld+json\" class=\"yoast-schema-graph\">{\"@context\":\"https:\\\/\\\/schema.org\",\"@graph\":[{\"@type\":\"Article\",\"@id\":\"https:\\\/\\\/terjebjornstad.com\\\/no\\\/2013\\\/12\\\/08\\\/a4-med-den-minste-tdi\\\/#article\",\"isPartOf\":{\"@id\":\"https:\\\/\\\/terjebjornstad.com\\\/no\\\/2013\\\/12\\\/08\\\/a4-med-den-minste-tdi\\\/\"},\"author\":{\"name\":\"Terje Bj\u00f8rnstad\",\"@id\":\"https:\\\/\\\/terjebjornstad.com\\\/no\\\/#\\\/schema\\\/person\\\/a281f6a6e0f3cc9fe468e7f0c655aa65\"},\"headline\":\"A4 med den minste TDI\",\"datePublished\":\"2013-12-08T17:17:45+00:00\",\"dateModified\":\"2024-08-27T00:59:24+00:00\",\"mainEntityOfPage\":{\"@id\":\"https:\\\/\\\/terjebjornstad.com\\\/no\\\/2013\\\/12\\\/08\\\/a4-med-den-minste-tdi\\\/\"},\"wordCount\":744,\"publisher\":{\"@id\":\"https:\\\/\\\/terjebjornstad.com\\\/no\\\/#organization\"},\"image\":{\"@id\":\"https:\\\/\\\/terjebjornstad.com\\\/no\\\/2013\\\/12\\\/08\\\/a4-med-den-minste-tdi\\\/#primaryimage\"},\"thumbnailUrl\":\"https:\\\/\\\/terjebjornstad.com\\\/no\\\/wp-content\\\/uploads\\\/2016\\\/06\\\/2010-Audi-A4-1000-2.png\",\"keywords\":[\"2.0 TDI\",\"2.0 TDI 120\",\"A4\",\"infotainment\",\"kj\u00f8reglede\",\"komfort\",\"look and feel\",\"navigasjon\",\"\u00f8konomi\",\"plass\",\"sikkerhet\",\"skinn alcantara\",\"sportsseter\",\"Test\"],\"articleSection\":[\"A4\",\"Artikkel\",\"Audi\"],\"inLanguage\":\"nb-NO\"},{\"@type\":\"WebPage\",\"@id\":\"https:\\\/\\\/terjebjornstad.com\\\/no\\\/2013\\\/12\\\/08\\\/a4-med-den-minste-tdi\\\/\",\"url\":\"https:\\\/\\\/terjebjornstad.com\\\/no\\\/2013\\\/12\\\/08\\\/a4-med-den-minste-tdi\\\/\",\"name\":\"A4 med den minste TDI - Terjes biler\",\"isPartOf\":{\"@id\":\"https:\\\/\\\/terjebjornstad.com\\\/no\\\/#website\"},\"primaryImageOfPage\":{\"@id\":\"https:\\\/\\\/terjebjornstad.com\\\/no\\\/2013\\\/12\\\/08\\\/a4-med-den-minste-tdi\\\/#primaryimage\"},\"image\":{\"@id\":\"https:\\\/\\\/terjebjornstad.com\\\/no\\\/2013\\\/12\\\/08\\\/a4-med-den-minste-tdi\\\/#primaryimage\"},\"thumbnailUrl\":\"https:\\\/\\\/terjebjornstad.com\\\/no\\\/wp-content\\\/uploads\\\/2016\\\/06\\\/2010-Audi-A4-1000-2.png\",\"datePublished\":\"2013-12-08T17:17:45+00:00\",\"dateModified\":\"2024-08-27T00:59:24+00:00\",\"breadcrumb\":{\"@id\":\"https:\\\/\\\/terjebjornstad.com\\\/no\\\/2013\\\/12\\\/08\\\/a4-med-den-minste-tdi\\\/#breadcrumb\"},\"inLanguage\":\"nb-NO\",\"potentialAction\":[{\"@type\":\"ReadAction\",\"target\":[\"https:\\\/\\\/terjebjornstad.com\\\/no\\\/2013\\\/12\\\/08\\\/a4-med-den-minste-tdi\\\/\"]}]},{\"@type\":\"ImageObject\",\"inLanguage\":\"nb-NO\",\"@id\":\"https:\\\/\\\/terjebjornstad.com\\\/no\\\/2013\\\/12\\\/08\\\/a4-med-den-minste-tdi\\\/#primaryimage\",\"url\":\"https:\\\/\\\/i0.wp.com\\\/terjebjornstad.com\\\/no\\\/wp-content\\\/uploads\\\/2016\\\/06\\\/2010-Audi-A4-1000-2.png?fit=1000%2C667&ssl=1\",\"contentUrl\":\"https:\\\/\\\/i0.wp.com\\\/terjebjornstad.com\\\/no\\\/wp-content\\\/uploads\\\/2016\\\/06\\\/2010-Audi-A4-1000-2.png?fit=1000%2C667&ssl=1\",\"width\":1000,\"height\":667,\"caption\":\"Ogs\u00e5 ber\u00f8rt - Audi A4 B8\"},{\"@type\":\"BreadcrumbList\",\"@id\":\"https:\\\/\\\/terjebjornstad.com\\\/no\\\/2013\\\/12\\\/08\\\/a4-med-den-minste-tdi\\\/#breadcrumb\",\"itemListElement\":[{\"@type\":\"ListItem\",\"position\":1,\"name\":\"Hjem\",\"item\":\"https:\\\/\\\/terjebjornstad.com\\\/no\\\/\"},{\"@type\":\"ListItem\",\"position\":2,\"name\":\"A4 med den minste TDI\"}]},{\"@type\":\"WebSite\",\"@id\":\"https:\\\/\\\/terjebjornstad.com\\\/no\\\/#website\",\"url\":\"https:\\\/\\\/terjebjornstad.com\\\/no\\\/\",\"name\":\"Terjes biler\",\"description\":\"HONEST ABOUT CARS\",\"publisher\":{\"@id\":\"https:\\\/\\\/terjebjornstad.com\\\/no\\\/#organization\"},\"alternateName\":\"Terjebjornstad.com\",\"potentialAction\":[{\"@type\":\"SearchAction\",\"target\":{\"@type\":\"EntryPoint\",\"urlTemplate\":\"https:\\\/\\\/terjebjornstad.com\\\/no\\\/?s={search_term_string}\"},\"query-input\":{\"@type\":\"PropertyValueSpecification\",\"valueRequired\":true,\"valueName\":\"search_term_string\"}}],\"inLanguage\":\"nb-NO\"},{\"@type\":\"Organization\",\"@id\":\"https:\\\/\\\/terjebjornstad.com\\\/no\\\/#organization\",\"name\":\"Terje Bj\u00f8rnstad ENK\",\"url\":\"https:\\\/\\\/terjebjornstad.com\\\/no\\\/\",\"logo\":{\"@type\":\"ImageObject\",\"inLanguage\":\"nb-NO\",\"@id\":\"https:\\\/\\\/terjebjornstad.com\\\/no\\\/#\\\/schema\\\/logo\\\/image\\\/\",\"url\":\"https:\\\/\\\/i0.wp.com\\\/terjebjornstad.com\\\/no\\\/wp-content\\\/uploads\\\/2026\\\/02\\\/terjesbiler2024-960x354-1.png?fit=960%2C354&ssl=1\",\"contentUrl\":\"https:\\\/\\\/i0.wp.com\\\/terjebjornstad.com\\\/no\\\/wp-content\\\/uploads\\\/2026\\\/02\\\/terjesbiler2024-960x354-1.png?fit=960%2C354&ssl=1\",\"width\":960,\"height\":354,\"caption\":\"Terje Bj\u00f8rnstad ENK\"},\"image\":{\"@id\":\"https:\\\/\\\/terjebjornstad.com\\\/no\\\/#\\\/schema\\\/logo\\\/image\\\/\"},\"sameAs\":[\"https:\\\/\\\/www.facebook.com\\\/terjesbiler\\\/\",\"https:\\\/\\\/www.instagram.com\\\/terjesbiler\\\/\",\"https:\\\/\\\/www.pinteres.com\\\/terjebjrnstad\\\/terjes-biler\\\/\"]},{\"@type\":\"Person\",\"@id\":\"https:\\\/\\\/terjebjornstad.com\\\/no\\\/#\\\/schema\\\/person\\\/a281f6a6e0f3cc9fe468e7f0c655aa65\",\"name\":\"Terje Bj\u00f8rnstad\",\"image\":{\"@type\":\"ImageObject\",\"inLanguage\":\"nb-NO\",\"@id\":\"https:\\\/\\\/secure.gravatar.com\\\/avatar\\\/e8dff505b51cf6cb67ae06a06022d2049aac2da1e79dc146a36b58798c4b40ea?s=96&d=mm&r=g\",\"url\":\"https:\\\/\\\/secure.gravatar.com\\\/avatar\\\/e8dff505b51cf6cb67ae06a06022d2049aac2da1e79dc146a36b58798c4b40ea?s=96&d=mm&r=g\",\"contentUrl\":\"https:\\\/\\\/secure.gravatar.com\\\/avatar\\\/e8dff505b51cf6cb67ae06a06022d2049aac2da1e79dc146a36b58798c4b40ea?s=96&d=mm&r=g\",\"caption\":\"Terje Bj\u00f8rnstad\"},\"description\":\"Terje Bj\u00f8rnstad. Bloggadministrator, hobbyfotograf og bilnerd.\",\"sameAs\":[\"https:\\\/\\\/www.facebook.com\\\/terjesbiler\",\"https:\\\/\\\/www.instagram.com\\\/terjesbiler\",\"https:\\\/\\\/no.pinterest.com\\\/terjebjrnstad\",\"https:\\\/\\\/www.youtube.com\\\/channel\\\/UCzCKJJDybyIgKqatc_JQqIg\"]}]}<\/script>\n<!-- \/ Yoast SEO plugin. -->","yoast_head_json":{"title":"A4 med den minste TDI - Terjes biler","robots":{"index":"index","follow":"follow","max-snippet":"max-snippet:-1","max-image-preview":"max-image-preview:large","max-video-preview":"max-video-preview:-1"},"canonical":"https:\/\/terjebjornstad.com\/no\/2013\/12\/08\/a4-med-den-minste-tdi\/","og_locale":"nb_NO","og_type":"article","og_title":"A4 med den minste TDI - Terjes biler","og_description":"I Audi A4 har ikke kravene til plass tatt overh\u00e5nd. Det er en sv\u00e6rt vakker bil som er lav og bred. Den ligger sv\u00e6rt godt p\u00e5 veien og hjelper f\u00f8reren i alle situasjoner, men ikke ha for store forventninger til drivlinjen med 120 hesters TDI! Look-and-Feel Den umiddelbare f\u00f8lelsen man f\u00e5r av Audi A4 er [&hellip;]","og_url":"https:\/\/terjebjornstad.com\/no\/2013\/12\/08\/a4-med-den-minste-tdi\/","og_site_name":"Terjes biler","article_publisher":"https:\/\/www.facebook.com\/terjesbiler\/","article_author":"https:\/\/www.facebook.com\/terjesbiler","article_published_time":"2013-12-08T17:17:45+00:00","article_modified_time":"2024-08-27T00:59:24+00:00","og_image":[{"url":"https:\/\/terjebjornstad.com\/no\/wp-content\/uploads\/2016\/06\/2010-Audi-A4-1000-2.png","type":"","width":"","height":""}],"author":"Terje Bj\u00f8rnstad","twitter_card":"summary_large_image","twitter_misc":{"Skrevet av":"Terje Bj\u00f8rnstad","Ansl. lesetid":"6 minutter"},"schema":{"@context":"https:\/\/schema.org","@graph":[{"@type":"Article","@id":"https:\/\/terjebjornstad.com\/no\/2013\/12\/08\/a4-med-den-minste-tdi\/#article","isPartOf":{"@id":"https:\/\/terjebjornstad.com\/no\/2013\/12\/08\/a4-med-den-minste-tdi\/"},"author":{"name":"Terje Bj\u00f8rnstad","@id":"https:\/\/terjebjornstad.com\/no\/#\/schema\/person\/a281f6a6e0f3cc9fe468e7f0c655aa65"},"headline":"A4 med den minste TDI","datePublished":"2013-12-08T17:17:45+00:00","dateModified":"2024-08-27T00:59:24+00:00","mainEntityOfPage":{"@id":"https:\/\/terjebjornstad.com\/no\/2013\/12\/08\/a4-med-den-minste-tdi\/"},"wordCount":744,"publisher":{"@id":"https:\/\/terjebjornstad.com\/no\/#organization"},"image":{"@id":"https:\/\/terjebjornstad.com\/no\/2013\/12\/08\/a4-med-den-minste-tdi\/#primaryimage"},"thumbnailUrl":"https:\/\/terjebjornstad.com\/no\/wp-content\/uploads\/2016\/06\/2010-Audi-A4-1000-2.png","keywords":["2.0 TDI","2.0 TDI 120","A4","infotainment","kj\u00f8reglede","komfort","look and feel","navigasjon","\u00f8konomi","plass","sikkerhet","skinn alcantara","sportsseter","Test"],"articleSection":["A4","Artikkel","Audi"],"inLanguage":"nb-NO"},{"@type":"WebPage","@id":"https:\/\/terjebjornstad.com\/no\/2013\/12\/08\/a4-med-den-minste-tdi\/","url":"https:\/\/terjebjornstad.com\/no\/2013\/12\/08\/a4-med-den-minste-tdi\/","name":"A4 med den minste TDI - Terjes biler","isPartOf":{"@id":"https:\/\/terjebjornstad.com\/no\/#website"},"primaryImageOfPage":{"@id":"https:\/\/terjebjornstad.com\/no\/2013\/12\/08\/a4-med-den-minste-tdi\/#primaryimage"},"image":{"@id":"https:\/\/terjebjornstad.com\/no\/2013\/12\/08\/a4-med-den-minste-tdi\/#primaryimage"},"thumbnailUrl":"https:\/\/terjebjornstad.com\/no\/wp-content\/uploads\/2016\/06\/2010-Audi-A4-1000-2.png","datePublished":"2013-12-08T17:17:45+00:00","dateModified":"2024-08-27T00:59:24+00:00","breadcrumb":{"@id":"https:\/\/terjebjornstad.com\/no\/2013\/12\/08\/a4-med-den-minste-tdi\/#breadcrumb"},"inLanguage":"nb-NO","potentialAction":[{"@type":"ReadAction","target":["https:\/\/terjebjornstad.com\/no\/2013\/12\/08\/a4-med-den-minste-tdi\/"]}]},{"@type":"ImageObject","inLanguage":"nb-NO","@id":"https:\/\/terjebjornstad.com\/no\/2013\/12\/08\/a4-med-den-minste-tdi\/#primaryimage","url":"https:\/\/i0.wp.com\/terjebjornstad.com\/no\/wp-content\/uploads\/2016\/06\/2010-Audi-A4-1000-2.png?fit=1000%2C667&ssl=1","contentUrl":"https:\/\/i0.wp.com\/terjebjornstad.com\/no\/wp-content\/uploads\/2016\/06\/2010-Audi-A4-1000-2.png?fit=1000%2C667&ssl=1","width":1000,"height":667,"caption":"Ogs\u00e5 ber\u00f8rt - Audi A4 B8"},{"@type":"BreadcrumbList","@id":"https:\/\/terjebjornstad.com\/no\/2013\/12\/08\/a4-med-den-minste-tdi\/#breadcrumb","itemListElement":[{"@type":"ListItem","position":1,"name":"Hjem","item":"https:\/\/terjebjornstad.com\/no\/"},{"@type":"ListItem","position":2,"name":"A4 med den minste TDI"}]},{"@type":"WebSite","@id":"https:\/\/terjebjornstad.com\/no\/#website","url":"https:\/\/terjebjornstad.com\/no\/","name":"Terjes biler","description":"HONEST ABOUT CARS","publisher":{"@id":"https:\/\/terjebjornstad.com\/no\/#organization"},"alternateName":"Terjebjornstad.com","potentialAction":[{"@type":"SearchAction","target":{"@type":"EntryPoint","urlTemplate":"https:\/\/terjebjornstad.com\/no\/?s={search_term_string}"},"query-input":{"@type":"PropertyValueSpecification","valueRequired":true,"valueName":"search_term_string"}}],"inLanguage":"nb-NO"},{"@type":"Organization","@id":"https:\/\/terjebjornstad.com\/no\/#organization","name":"Terje Bj\u00f8rnstad ENK","url":"https:\/\/terjebjornstad.com\/no\/","logo":{"@type":"ImageObject","inLanguage":"nb-NO","@id":"https:\/\/terjebjornstad.com\/no\/#\/schema\/logo\/image\/","url":"https:\/\/i0.wp.com\/terjebjornstad.com\/no\/wp-content\/uploads\/2026\/02\/terjesbiler2024-960x354-1.png?fit=960%2C354&ssl=1","contentUrl":"https:\/\/i0.wp.com\/terjebjornstad.com\/no\/wp-content\/uploads\/2026\/02\/terjesbiler2024-960x354-1.png?fit=960%2C354&ssl=1","width":960,"height":354,"caption":"Terje Bj\u00f8rnstad ENK"},"image":{"@id":"https:\/\/terjebjornstad.com\/no\/#\/schema\/logo\/image\/"},"sameAs":["https:\/\/www.facebook.com\/terjesbiler\/","https:\/\/www.instagram.com\/terjesbiler\/","https:\/\/www.pinteres.com\/terjebjrnstad\/terjes-biler\/"]},{"@type":"Person","@id":"https:\/\/terjebjornstad.com\/no\/#\/schema\/person\/a281f6a6e0f3cc9fe468e7f0c655aa65","name":"Terje Bj\u00f8rnstad","image":{"@type":"ImageObject","inLanguage":"nb-NO","@id":"https:\/\/secure.gravatar.com\/avatar\/e8dff505b51cf6cb67ae06a06022d2049aac2da1e79dc146a36b58798c4b40ea?s=96&d=mm&r=g","url":"https:\/\/secure.gravatar.com\/avatar\/e8dff505b51cf6cb67ae06a06022d2049aac2da1e79dc146a36b58798c4b40ea?s=96&d=mm&r=g","contentUrl":"https:\/\/secure.gravatar.com\/avatar\/e8dff505b51cf6cb67ae06a06022d2049aac2da1e79dc146a36b58798c4b40ea?s=96&d=mm&r=g","caption":"Terje Bj\u00f8rnstad"},"description":"Terje Bj\u00f8rnstad. Bloggadministrator, hobbyfotograf og bilnerd.","sameAs":["https:\/\/www.facebook.com\/terjesbiler","https:\/\/www.instagram.com\/terjesbiler","https:\/\/no.pinterest.com\/terjebjrnstad","https:\/\/www.youtube.com\/channel\/UCzCKJJDybyIgKqatc_JQqIg"]}]}},"jetpack_publicize_connections":[],"jetpack_featured_media_url":"","jetpack_sharing_enabled":true,"jetpack_shortlink":"https:\/\/wp.me\/p48zYA-9r","jetpack-related-posts":[{"id":1913,"url":"https:\/\/terjebjornstad.com\/no\/2015\/09\/29\/er-din-bil-berort-av-utslippsjukset\/","url_meta":{"origin":585,"position":0},"title":"Er din bil ber\u00f8rt av utslippsjukset?","author":"Terje Bj\u00f8rnstad","date":"29\/09\/2015","format":false,"excerpt":"\u00a0 Det skrives om at millioner av biler er ber\u00f8rt av utslippsjukset der Volkswagen over flere \u00e5r har levert biler som er programmert til \u00e5 gi lavere NOx-verdier under m\u00e5lingene enn i trafikken. Ingen av nyhetskanalene forteller konkret hvilke modeller som er ber\u00f8rt. \u00a0 Med utgangspunkt i motorbetegnelsen EA 189\u2026","rel":"","context":"i &quot;Artikkel&quot;","block_context":{"text":"Artikkel","link":"https:\/\/terjebjornstad.com\/no\/category\/artikkel\/"},"img":{"alt_text":"","src":"https:\/\/i0.wp.com\/terjebjornstad.com\/no\/wp-content\/uploads\/2015\/09\/motorkode-1.png?resize=350%2C200&ssl=1","width":350,"height":200},"classes":[]},{"id":4950,"url":"https:\/\/terjebjornstad.com\/no\/2016\/06\/15\/50-000-km-med-q3\/","url_meta":{"origin":585,"position":1},"title":"50 000 km med Q3","author":"Terje Bj\u00f8rnstad","date":"15\/06\/2016","format":false,"excerpt":"Spanjolene bygger like gode Audier som tyskerne Det er ikke s\u00e5 ofte vi passerer 50 000 km i samme bil, men nylig hendte det alts\u00e5. En av husets biler, min kones Audi Q3 passerte nylig denne grensen da vi var p\u00e5 vei hjem med to strih\u00e5rete dachser i baksetet fra\u2026","rel":"","context":"i &quot;Artikkel&quot;","block_context":{"text":"Artikkel","link":"https:\/\/terjebjornstad.com\/no\/category\/artikkel\/"},"img":{"alt_text":"","src":"https:\/\/i0.wp.com\/terjebjornstad.com\/no\/wp-content\/uploads\/2016\/06\/audi-q3-tdi-177-7-1000-1.png?fit=1000%2C500&ssl=1&resize=350%2C200","width":350,"height":200,"srcset":"https:\/\/i0.wp.com\/terjebjornstad.com\/no\/wp-content\/uploads\/2016\/06\/audi-q3-tdi-177-7-1000-1.png?fit=1000%2C500&ssl=1&resize=350%2C200 1x, https:\/\/i0.wp.com\/terjebjornstad.com\/no\/wp-content\/uploads\/2016\/06\/audi-q3-tdi-177-7-1000-1.png?fit=1000%2C500&ssl=1&resize=525%2C300 1.5x, https:\/\/i0.wp.com\/terjebjornstad.com\/no\/wp-content\/uploads\/2016\/06\/audi-q3-tdi-177-7-1000-1.png?fit=1000%2C500&ssl=1&resize=700%2C400 2x"},"classes":[]},{"id":591,"url":"https:\/\/terjebjornstad.com\/no\/2013\/12\/09\/en-sabla-godt-drivverk\/","url_meta":{"origin":585,"position":2},"title":"Et sabla godt drivverk","author":"Terje Bj\u00f8rnstad","date":"09\/12\/2013","format":false,"excerpt":"Kan en SUV som bygges i Barcelona, baserer seg p\u00e5 Volkswagens 4-hjulstrekk (Haldex 5) og A6\u2019ens drivverk egne seg i vinter-Norge? Det er tommel opp, s\u00e6rlig p\u00e5 vinterf\u00f8re. Look-and-Feel Q3 har et utseende man kan elske eller hate. Uansett, ser den kostbar ut, - dyrere enn sin toeggede tvilling, Volkswagen\u2026","rel":"","context":"i &quot;Artikkel&quot;","block_context":{"text":"Artikkel","link":"https:\/\/terjebjornstad.com\/no\/category\/artikkel\/"},"img":{"alt_text":"","src":"https:\/\/i0.wp.com\/terjebjornstad.com\/no\/wp-content\/uploads\/2013\/12\/audi-q3-177-2.png?resize=350%2C200&ssl=1","width":350,"height":200,"srcset":"https:\/\/i0.wp.com\/terjebjornstad.com\/no\/wp-content\/uploads\/2013\/12\/audi-q3-177-2.png?resize=350%2C200&ssl=1 1x, https:\/\/i0.wp.com\/terjebjornstad.com\/no\/wp-content\/uploads\/2013\/12\/audi-q3-177-2.png?resize=525%2C300&ssl=1 1.5x"},"classes":[]},{"id":43305,"url":"https:\/\/terjebjornstad.com\/no\/2021\/09\/16\/kjoreglad-audi-a3-30-tdi\/","url_meta":{"origin":585,"position":3},"title":"Kj\u00f8reglad Audi A3 30 TDI","author":"Terje Bj\u00f8rnstad","date":"16\/09\/2021","format":false,"excerpt":"N\u00e5r man leier bil, hender det at man f\u00e5r stifte bekjentskap med en modell som overrasker positivt - en som man ellers aldri ville sett to ganger p\u00e5. Nye Audi A3 8Y er en s\u00e5nn bil. \u00a0 Dalende popularitet? Audis modell 8Y erstattet 8V i 2020 og deler plattform med\u2026","rel":"","context":"i &quot;A3&quot;","block_context":{"text":"A3","link":"https:\/\/terjebjornstad.com\/no\/category\/audi\/a3\/"},"img":{"alt_text":"","src":"https:\/\/i0.wp.com\/terjebjornstad.com\/no\/wp-content\/uploads\/2021\/09\/audi-a3-8y-60-1080x720-1.png?fit=1080%2C720&ssl=1&resize=350%2C200","width":350,"height":200,"srcset":"https:\/\/i0.wp.com\/terjebjornstad.com\/no\/wp-content\/uploads\/2021\/09\/audi-a3-8y-60-1080x720-1.png?fit=1080%2C720&ssl=1&resize=350%2C200 1x, https:\/\/i0.wp.com\/terjebjornstad.com\/no\/wp-content\/uploads\/2021\/09\/audi-a3-8y-60-1080x720-1.png?fit=1080%2C720&ssl=1&resize=525%2C300 1.5x, https:\/\/i0.wp.com\/terjebjornstad.com\/no\/wp-content\/uploads\/2021\/09\/audi-a3-8y-60-1080x720-1.png?fit=1080%2C720&ssl=1&resize=700%2C400 2x, https:\/\/i0.wp.com\/terjebjornstad.com\/no\/wp-content\/uploads\/2021\/09\/audi-a3-8y-60-1080x720-1.png?fit=1080%2C720&ssl=1&resize=1050%2C600 3x"},"classes":[]},{"id":3849,"url":"https:\/\/terjebjornstad.com\/no\/2016\/04\/03\/audi-a3-tdi-pa-sparebluss\/","url_meta":{"origin":585,"position":4},"title":"Audi A3 TDI p\u00e5 sparebluss","author":"Terje Bj\u00f8rnstad","date":"03\/04\/2016","format":false,"excerpt":"Sist gang jeg testet Volkswagen-gruppens TDI 110 HK motor ble jeg imponert over det lave forbruket. Alle bilprodusenter har sine \"potetmotorer\", - motorer som g\u00e5r igjen i flere modeller og som blir storselgere. VAGs TDI 110 HK kan bli en s\u00e5dan motor. Jeg testet den for to \u00e5r siden i\u2026","rel":"","context":"i &quot;A3&quot;","block_context":{"text":"A3","link":"https:\/\/terjebjornstad.com\/no\/category\/audi\/a3\/"},"img":{"alt_text":"","src":"https:\/\/i0.wp.com\/terjebjornstad.com\/no\/wp-content\/uploads\/2016\/04\/audi-a3-tdi-110-attraction-1.png?resize=350%2C200&ssl=1","width":350,"height":200,"srcset":"https:\/\/i0.wp.com\/terjebjornstad.com\/no\/wp-content\/uploads\/2016\/04\/audi-a3-tdi-110-attraction-1.png?resize=350%2C200&ssl=1 1x, https:\/\/i0.wp.com\/terjebjornstad.com\/no\/wp-content\/uploads\/2016\/04\/audi-a3-tdi-110-attraction-1.png?resize=525%2C300&ssl=1 1.5x"},"classes":[]},{"id":28917,"url":"https:\/\/terjebjornstad.com\/no\/2020\/01\/05\/audi-q2-30-tfsi\/","url_meta":{"origin":585,"position":5},"title":"Audi Q2 30 TFSI","author":"Terje Bj\u00f8rnstad","date":"05\/01\/2020","format":false,"excerpt":"Bilkonsern som Volkswagen-gruppen kan h\u00f8ste stordriftsfordeler n\u00e5r de benytter samme plattform og drivverk i flere modeller. Da kan utviklingskostnadene holdes nede. Audi Q2 deler teknikk med Seat Arona, Skoda Kamiq og Volkswagen T-Cross. Ikke uventet er Q2 dyrest av dem alle. \u00a0 Hva som skaper Audi-f\u00f8lelse Vi har kj\u00f8rt Audi\u2026","rel":"","context":"i &quot;Artikkel&quot;","block_context":{"text":"Artikkel","link":"https:\/\/terjebjornstad.com\/no\/category\/artikkel\/"},"img":{"alt_text":"","src":"https:\/\/i0.wp.com\/terjebjornstad.com\/no\/wp-content\/uploads\/2020\/01\/audi-q2-1-1.png?fit=1080%2C720&ssl=1&resize=350%2C200","width":350,"height":200,"srcset":"https:\/\/i0.wp.com\/terjebjornstad.com\/no\/wp-content\/uploads\/2020\/01\/audi-q2-1-1.png?fit=1080%2C720&ssl=1&resize=350%2C200 1x, https:\/\/i0.wp.com\/terjebjornstad.com\/no\/wp-content\/uploads\/2020\/01\/audi-q2-1-1.png?fit=1080%2C720&ssl=1&resize=525%2C300 1.5x, https:\/\/i0.wp.com\/terjebjornstad.com\/no\/wp-content\/uploads\/2020\/01\/audi-q2-1-1.png?fit=1080%2C720&ssl=1&resize=700%2C400 2x, https:\/\/i0.wp.com\/terjebjornstad.com\/no\/wp-content\/uploads\/2020\/01\/audi-q2-1-1.png?fit=1080%2C720&ssl=1&resize=1050%2C600 3x"},"classes":[]}],"gt_translate_keys":[{"key":"link","format":"url"}],"_links":{"self":[{"href":"https:\/\/terjebjornstad.com\/no\/wp-json\/wp\/v2\/posts\/585","targetHints":{"allow":["GET"]}}],"collection":[{"href":"https:\/\/terjebjornstad.com\/no\/wp-json\/wp\/v2\/posts"}],"about":[{"href":"https:\/\/terjebjornstad.com\/no\/wp-json\/wp\/v2\/types\/post"}],"author":[{"embeddable":true,"href":"https:\/\/terjebjornstad.com\/no\/wp-json\/wp\/v2\/users\/1"}],"replies":[{"embeddable":true,"href":"https:\/\/terjebjornstad.com\/no\/wp-json\/wp\/v2\/comments?post=585"}],"version-history":[{"count":2,"href":"https:\/\/terjebjornstad.com\/no\/wp-json\/wp\/v2\/posts\/585\/revisions"}],"predecessor-version":[{"id":74215,"href":"https:\/\/terjebjornstad.com\/no\/wp-json\/wp\/v2\/posts\/585\/revisions\/74215"}],"wp:attachment":[{"href":"https:\/\/terjebjornstad.com\/no\/wp-json\/wp\/v2\/media?parent=585"}],"wp:term":[{"taxonomy":"category","embeddable":true,"href":"https:\/\/terjebjornstad.com\/no\/wp-json\/wp\/v2\/categories?post=585"},{"taxonomy":"post_tag","embeddable":true,"href":"https:\/\/terjebjornstad.com\/no\/wp-json\/wp\/v2\/tags?post=585"}],"curies":[{"name":"wp","href":"https:\/\/api.w.org\/{rel}","templated":true}]}}