{"id":56853,"date":"2023-02-11T12:38:09","date_gmt":"2023-02-11T11:38:09","guid":{"rendered":"https:\/\/terjebjornstad.com\/no\/?p=56853"},"modified":"2026-03-18T15:56:35","modified_gmt":"2026-03-18T14:56:35","slug":"ora-funky-cat-fra-kina","status":"publish","type":"post","link":"https:\/\/terjebjornstad.com\/no\/2023\/02\/11\/ora-funky-cat-fra-kina\/","title":{"rendered":"ORA &#8211; Funky Cat fra Kina","gt_translate_keys":[{"key":"rendered","format":"text"}]},"content":{"rendered":"<div class=\"copy_teb\"><figure id=\"attachment_56849\" aria-describedby=\"caption-attachment-56849\" style=\"width: 1200px\" class=\"wp-caption aligncenter\"><a href=\"https:\/\/i0.wp.com\/terjebjornstad.com\/no\/wp-content\/uploads\/2023\/02\/ora-funky-cat-200x689-1.jpg?ssl=1\"><img data-recalc-dims=\"1\" loading=\"lazy\" decoding=\"async\" data-attachment-id=\"56849\" data-permalink=\"https:\/\/terjebjornstad.com\/no\/2023\/02\/11\/ora-funky-cat-fra-kina\/ora-funky-cat-200x689\/\" data-orig-file=\"https:\/\/i0.wp.com\/terjebjornstad.com\/no\/wp-content\/uploads\/2023\/02\/ora-funky-cat-200x689-1.jpg?fit=1200%2C689&amp;ssl=1\" data-orig-size=\"1200,689\" data-comments-opened=\"1\" data-image-meta=\"{&quot;aperture&quot;:&quot;0&quot;,&quot;credit&quot;:&quot;&quot;,&quot;camera&quot;:&quot;&quot;,&quot;caption&quot;:&quot;&quot;,&quot;created_timestamp&quot;:&quot;0&quot;,&quot;copyright&quot;:&quot;&quot;,&quot;focal_length&quot;:&quot;0&quot;,&quot;iso&quot;:&quot;0&quot;,&quot;shutter_speed&quot;:&quot;0&quot;,&quot;title&quot;:&quot;&quot;,&quot;orientation&quot;:&quot;0&quot;}\" data-image-title=\"ora-funky-cat-200&amp;#215;689\" data-image-description=\"\" data-image-caption=\"&lt;p&gt;ORA 300 Pro&lt;\/p&gt;\n\" data-large-file=\"https:\/\/i0.wp.com\/terjebjornstad.com\/no\/wp-content\/uploads\/2023\/02\/ora-funky-cat-200x689-1.jpg?fit=980%2C563&amp;ssl=1\" src=\"https:\/\/i0.wp.com\/terjebjornstad.com\/no\/wp-content\/uploads\/2023\/02\/ora-funky-cat-200x689-1.jpg?resize=980%2C563&#038;ssl=1\" alt=\"ora\" width=\"980\" height=\"563\" class=\"size-full wp-image-56849\" srcset=\"https:\/\/i0.wp.com\/terjebjornstad.com\/no\/wp-content\/uploads\/2023\/02\/ora-funky-cat-200x689-1.jpg?w=1200&amp;ssl=1 1200w, https:\/\/i0.wp.com\/terjebjornstad.com\/no\/wp-content\/uploads\/2023\/02\/ora-funky-cat-200x689-1.jpg?resize=300%2C172&amp;ssl=1 300w, https:\/\/i0.wp.com\/terjebjornstad.com\/no\/wp-content\/uploads\/2023\/02\/ora-funky-cat-200x689-1.jpg?resize=1080%2C620&amp;ssl=1 1080w, https:\/\/i0.wp.com\/terjebjornstad.com\/no\/wp-content\/uploads\/2023\/02\/ora-funky-cat-200x689-1.jpg?resize=768%2C441&amp;ssl=1 768w, https:\/\/i0.wp.com\/terjebjornstad.com\/no\/wp-content\/uploads\/2023\/02\/ora-funky-cat-200x689-1.jpg?resize=690%2C396&amp;ssl=1 690w, https:\/\/i0.wp.com\/terjebjornstad.com\/no\/wp-content\/uploads\/2023\/02\/ora-funky-cat-200x689-1.jpg?resize=980%2C563&amp;ssl=1 980w\" sizes=\"auto, (max-width: 980px) 100vw, 980px\" \/><\/a><figcaption id=\"caption-attachment-56849\" class=\"wp-caption-text\">ORA 400 Pro+ (Foto: ORA EV)<\/figcaption><\/figure><\/p>\n<blockquote><p>Da bildene av en kinesisk folkevognkopi spredte seg p\u00e5 sosiale medier mente alle at den ville bli stanset av Volkswagen. ORA &laquo;Punk Cat&raquo; var en 4-d\u00f8rs folkevogn med elmotor. N\u00e5 er den satt i produksjon. <\/p><\/blockquote>\n\n<h3 class=\"tebh2\">Great Wall Motors<\/h3>\n<p>GWM er ingen hvem som helst innen kinesisk bilindustri. Det er heller ikke Volkswagen. Jeg vet ikke hvilke forhandlinger som har p\u00e5g\u00e5tt i kulissene, men partene har trolig kommet til enighet. ORA, som eies av Great Wall Motors, har iallefall planlagt \u00e5 eksportere 6000 biler til Tyskland i l\u00f8pet av 2023. F\u00f8rst og fremst handler det om en snillere versjon, kalt &laquo;Funky Cat&raquo; &#8211; eller &laquo;Good Cat&raquo; p\u00e5 det kinesiske markedet. Modellen fremst\u00e5r som en kompaktbil p\u00e5 st\u00f8rrelse med Volkswagen ID.3. <\/p>\n\n<figure id=\"attachment_56850\" aria-describedby=\"caption-attachment-56850\" style=\"width: 980px\" class=\"wp-caption aligncenter\"><a href=\"https:\/\/i0.wp.com\/terjebjornstad.com\/no\/wp-content\/uploads\/2023\/02\/ora-funky-cat-instruments-200x700-1.jpg?ssl=1\"><img data-recalc-dims=\"1\" loading=\"lazy\" decoding=\"async\" data-attachment-id=\"56850\" data-permalink=\"https:\/\/terjebjornstad.com\/no\/2023\/02\/11\/ora-funky-cat-fra-kina\/ora-funky-cat-instruments-200x700\/\" data-orig-file=\"https:\/\/i0.wp.com\/terjebjornstad.com\/no\/wp-content\/uploads\/2023\/02\/ora-funky-cat-instruments-200x700-1.jpg?fit=1200%2C700&amp;ssl=1\" data-orig-size=\"1200,700\" data-comments-opened=\"1\" data-image-meta=\"{&quot;aperture&quot;:&quot;0&quot;,&quot;credit&quot;:&quot;&quot;,&quot;camera&quot;:&quot;&quot;,&quot;caption&quot;:&quot;&quot;,&quot;created_timestamp&quot;:&quot;0&quot;,&quot;copyright&quot;:&quot;&quot;,&quot;focal_length&quot;:&quot;0&quot;,&quot;iso&quot;:&quot;0&quot;,&quot;shutter_speed&quot;:&quot;0&quot;,&quot;title&quot;:&quot;&quot;,&quot;orientation&quot;:&quot;0&quot;}\" data-image-title=\"ora-funky-cat-instruments-200&amp;#215;700\" data-image-description=\"\" data-image-caption=\"&lt;p&gt;ORA 300 Pro (Funky Cat) kommer med topp moderne  (Foto: ORA EV)instrumentbord.&lt;\/p&gt;\n\" data-large-file=\"https:\/\/i0.wp.com\/terjebjornstad.com\/no\/wp-content\/uploads\/2023\/02\/ora-funky-cat-instruments-200x700-1.jpg?fit=980%2C572&amp;ssl=1\" src=\"https:\/\/i0.wp.com\/terjebjornstad.com\/no\/wp-content\/uploads\/2023\/02\/ora-funky-cat-instruments-200x700-1.jpg?resize=980%2C572&#038;ssl=1\" alt=\"\" width=\"980\" height=\"572\" class=\"size-large wp-image-56850\" srcset=\"https:\/\/i0.wp.com\/terjebjornstad.com\/no\/wp-content\/uploads\/2023\/02\/ora-funky-cat-instruments-200x700-1.jpg?resize=1080%2C630&amp;ssl=1 1080w, https:\/\/i0.wp.com\/terjebjornstad.com\/no\/wp-content\/uploads\/2023\/02\/ora-funky-cat-instruments-200x700-1.jpg?resize=300%2C175&amp;ssl=1 300w, https:\/\/i0.wp.com\/terjebjornstad.com\/no\/wp-content\/uploads\/2023\/02\/ora-funky-cat-instruments-200x700-1.jpg?resize=768%2C448&amp;ssl=1 768w, https:\/\/i0.wp.com\/terjebjornstad.com\/no\/wp-content\/uploads\/2023\/02\/ora-funky-cat-instruments-200x700-1.jpg?resize=690%2C403&amp;ssl=1 690w, https:\/\/i0.wp.com\/terjebjornstad.com\/no\/wp-content\/uploads\/2023\/02\/ora-funky-cat-instruments-200x700-1.jpg?resize=980%2C572&amp;ssl=1 980w, https:\/\/i0.wp.com\/terjebjornstad.com\/no\/wp-content\/uploads\/2023\/02\/ora-funky-cat-instruments-200x700-1.jpg?w=1200&amp;ssl=1 1200w\" sizes=\"auto, (max-width: 980px) 100vw, 980px\" \/><\/a><figcaption id=\"caption-attachment-56850\" class=\"wp-caption-text\">ORA 300 Pro (Funky Cat) kommer med topp moderne  (Foto: ORA EV)instrumentbord.<\/figcaption><\/figure>\n<h3 class=\"tebh2\">Kommer til Norge ogs\u00e5<\/h3>\n<p>Det er inng\u00e5tt avtale for eksport av ORA-biler til b\u00e5de Sverige og Norge (skulle bare mangle). Her hjemme er det Bilia som skal st\u00e5 for import og distribusjon. Den f\u00f8rste modellen er ORA Funky Cat &#8211; eller 300 Pro og 400 Pro+ som de skal kalles her. ORA har ogs\u00e5 en st\u00f8rre utgave i sitt modellprogram, kalt ORA Lightning Cat. Denne modellen er sterkt inspirert av Porsche. Man kan ane b\u00e5de Panamera og Macan. Etter bildene \u00e5 d\u00f8mme ser den fantastisk ut, og har ogs\u00e5 interessante spesifikasjoner og utstyr. Men &#8211; \u00e6rlig talt &#8211; det kreves baller for \u00e5 kj\u00f8re rundt i noe som ser ut som en Porsche-kopi i Porsche-landet Norge.<\/p>\n<h3 class=\"tebh2\">Retrodesign og pastellfarger<\/h3>\n<p>St\u00f8rrelsesmessig er ORA 300 Pro midt i mellom Opel Corsa-e og Nissan Leaf. Dette er en st\u00f8rrelsesklasse som appellerer til unge kj\u00f8pere &#8211; og kanskje spesielt kvinner. Den kinesiske markedsf\u00f8ringen legger vekt p\u00e5 de feminine sidene ved modellen, som blir synliggjort i form av retrodesign og varme pastellfarger. Ikke misforst\u00e5. Bilene st\u00e5r ikke tilbake for noen med hensyn til teknologi, selv om designet er preget av 1960. Hadde Volkswagen lansert sin ID.3 i samme design, er jeg sikker p\u00e5 den kunne ha tatt markedet med storm. <\/p>\n\n<figure id=\"attachment_56849\" aria-describedby=\"caption-attachment-56849\" style=\"width: 1200px\" class=\"wp-caption aligncenter\"><a href=\"https:\/\/i0.wp.com\/terjebjornstad.com\/no\/wp-content\/uploads\/2023\/02\/ora-funky-cat-200x689-1.jpg?ssl=1\"><img data-recalc-dims=\"1\" loading=\"lazy\" decoding=\"async\" data-attachment-id=\"56849\" data-permalink=\"https:\/\/terjebjornstad.com\/no\/2023\/02\/11\/ora-funky-cat-fra-kina\/ora-funky-cat-200x689\/\" data-orig-file=\"https:\/\/i0.wp.com\/terjebjornstad.com\/no\/wp-content\/uploads\/2023\/02\/ora-funky-cat-200x689-1.jpg?fit=1200%2C689&amp;ssl=1\" data-orig-size=\"1200,689\" data-comments-opened=\"1\" data-image-meta=\"{&quot;aperture&quot;:&quot;0&quot;,&quot;credit&quot;:&quot;&quot;,&quot;camera&quot;:&quot;&quot;,&quot;caption&quot;:&quot;&quot;,&quot;created_timestamp&quot;:&quot;0&quot;,&quot;copyright&quot;:&quot;&quot;,&quot;focal_length&quot;:&quot;0&quot;,&quot;iso&quot;:&quot;0&quot;,&quot;shutter_speed&quot;:&quot;0&quot;,&quot;title&quot;:&quot;&quot;,&quot;orientation&quot;:&quot;0&quot;}\" data-image-title=\"ora-funky-cat-200&amp;#215;689\" data-image-description=\"\" data-image-caption=\"&lt;p&gt;ORA 300 Pro&lt;\/p&gt;\n\" data-large-file=\"https:\/\/i0.wp.com\/terjebjornstad.com\/no\/wp-content\/uploads\/2023\/02\/ora-funky-cat-200x689-1.jpg?fit=980%2C563&amp;ssl=1\" src=\"https:\/\/i0.wp.com\/terjebjornstad.com\/no\/wp-content\/uploads\/2023\/02\/ora-funky-cat-200x689-1.jpg?resize=980%2C563&#038;ssl=1\" alt=\"\" width=\"980\" height=\"563\" class=\"size-full wp-image-56849\" srcset=\"https:\/\/i0.wp.com\/terjebjornstad.com\/no\/wp-content\/uploads\/2023\/02\/ora-funky-cat-200x689-1.jpg?w=1200&amp;ssl=1 1200w, https:\/\/i0.wp.com\/terjebjornstad.com\/no\/wp-content\/uploads\/2023\/02\/ora-funky-cat-200x689-1.jpg?resize=300%2C172&amp;ssl=1 300w, https:\/\/i0.wp.com\/terjebjornstad.com\/no\/wp-content\/uploads\/2023\/02\/ora-funky-cat-200x689-1.jpg?resize=1080%2C620&amp;ssl=1 1080w, https:\/\/i0.wp.com\/terjebjornstad.com\/no\/wp-content\/uploads\/2023\/02\/ora-funky-cat-200x689-1.jpg?resize=768%2C441&amp;ssl=1 768w, https:\/\/i0.wp.com\/terjebjornstad.com\/no\/wp-content\/uploads\/2023\/02\/ora-funky-cat-200x689-1.jpg?resize=690%2C396&amp;ssl=1 690w, https:\/\/i0.wp.com\/terjebjornstad.com\/no\/wp-content\/uploads\/2023\/02\/ora-funky-cat-200x689-1.jpg?resize=980%2C563&amp;ssl=1 980w\" sizes=\"auto, (max-width: 980px) 100vw, 980px\" \/><\/a><figcaption id=\"caption-attachment-56849\" class=\"wp-caption-text\">ORA 300 Pro<\/figcaption><\/figure>\n<h3 class=\"tebh2\">Inspirert av Volkswagen<\/h3>\n<p>Alle modellene fra ORA &#8211; &laquo;Funky Cat&raquo; (300 Pro), &laquo;Ballet Cat&raquo; (folkevogn-kopi) og &laquo;Lightning Cat&raquo; (Porsche-kopi) er inspirert av Ferdinand Porsche. Den cooleste modellen er utvilsomt &laquo;Ballet Cat&raquo; &#8211; tidligere lansert som &laquo;Punk Cat&raquo;. Den ser ut som Volkswagens &laquo;boble&raquo; kunne  ha sett ut i dag, hvis den fortsatt hadde v\u00e6rt i produksjon. Nettmagasinet <em>Jalopnik<\/em> viser Volkswagens <a href=\"https:\/\/jalopnik.com\/great-wall-motors-is-going-to-make-an-ev-beetle-before-1846675172\" target=\"_blank\" rel=\"noopener\"><strong>egne skisser<\/strong><\/a> p\u00e5 hvordan en 4-d\u00f8rs folkevogn kunne se ut, og det er vel liten tvil om at disse m\u00e5 ha v\u00e6rt til inspirasjon for ORA. <\/p>\n\n<figure id=\"attachment_56847\" aria-describedby=\"caption-attachment-56847\" style=\"width: 1176px\" class=\"wp-caption aligncenter\"><a href=\"https:\/\/i0.wp.com\/terjebjornstad.com\/no\/wp-content\/uploads\/2023\/02\/ora-ballet-cat-1176x656-1.jpg?ssl=1\"><img data-recalc-dims=\"1\" loading=\"lazy\" decoding=\"async\" data-attachment-id=\"56847\" data-permalink=\"https:\/\/terjebjornstad.com\/no\/2023\/02\/11\/ora-funky-cat-fra-kina\/ora-ballet-cat-1176x656\/\" data-orig-file=\"https:\/\/i0.wp.com\/terjebjornstad.com\/no\/wp-content\/uploads\/2023\/02\/ora-ballet-cat-1176x656-1.jpg?fit=1176%2C656&amp;ssl=1\" data-orig-size=\"1176,656\" data-comments-opened=\"1\" data-image-meta=\"{&quot;aperture&quot;:&quot;0&quot;,&quot;credit&quot;:&quot;&quot;,&quot;camera&quot;:&quot;&quot;,&quot;caption&quot;:&quot;&quot;,&quot;created_timestamp&quot;:&quot;0&quot;,&quot;copyright&quot;:&quot;&quot;,&quot;focal_length&quot;:&quot;0&quot;,&quot;iso&quot;:&quot;0&quot;,&quot;shutter_speed&quot;:&quot;0&quot;,&quot;title&quot;:&quot;&quot;,&quot;orientation&quot;:&quot;0&quot;}\" data-image-title=\"ora-ballet-cat-1176&amp;#215;656\" data-image-description=\"\" data-image-caption=\"&lt;p&gt;Den nye folkevogna er en klasse st\u00f8rre enn modellen som Ferdinand Porsche skapte (Foto: ORA EV)&lt;\/p&gt;\n\" data-large-file=\"https:\/\/i0.wp.com\/terjebjornstad.com\/no\/wp-content\/uploads\/2023\/02\/ora-ballet-cat-1176x656-1.jpg?fit=980%2C546&amp;ssl=1\" src=\"https:\/\/i0.wp.com\/terjebjornstad.com\/no\/wp-content\/uploads\/2023\/02\/ora-ballet-cat-1176x656-1.jpg?resize=980%2C547&#038;ssl=1\" alt=\"\" width=\"980\" height=\"547\" class=\"size-full wp-image-56847\" srcset=\"https:\/\/i0.wp.com\/terjebjornstad.com\/no\/wp-content\/uploads\/2023\/02\/ora-ballet-cat-1176x656-1.jpg?w=1176&amp;ssl=1 1176w, https:\/\/i0.wp.com\/terjebjornstad.com\/no\/wp-content\/uploads\/2023\/02\/ora-ballet-cat-1176x656-1.jpg?resize=300%2C167&amp;ssl=1 300w, https:\/\/i0.wp.com\/terjebjornstad.com\/no\/wp-content\/uploads\/2023\/02\/ora-ballet-cat-1176x656-1.jpg?resize=1080%2C602&amp;ssl=1 1080w, https:\/\/i0.wp.com\/terjebjornstad.com\/no\/wp-content\/uploads\/2023\/02\/ora-ballet-cat-1176x656-1.jpg?resize=768%2C428&amp;ssl=1 768w, https:\/\/i0.wp.com\/terjebjornstad.com\/no\/wp-content\/uploads\/2023\/02\/ora-ballet-cat-1176x656-1.jpg?resize=690%2C385&amp;ssl=1 690w, https:\/\/i0.wp.com\/terjebjornstad.com\/no\/wp-content\/uploads\/2023\/02\/ora-ballet-cat-1176x656-1.jpg?resize=980%2C547&amp;ssl=1 980w\" sizes=\"auto, (max-width: 980px) 100vw, 980px\" \/><\/a><figcaption id=\"caption-attachment-56847\" class=\"wp-caption-text\">Den nye folkevogna er en klasse st\u00f8rre enn modellen som Ferdinand Porsche skapte (Foto: ORA EV)<\/figcaption><\/figure>\n<h3 class=\"tebh2\">Kvinnebilen?<\/h3>\n<p>ORA Ballet Cat &#8211; eller hva den eventuelt vil bli kalt i Norge &#8211; har noen interessante funksjoner spesielt tilpasset kvinner. \u00c9n av funksjonene som kanskje kommer i de andre modellene ogs\u00e5, er &laquo;Guardian Mode&raquo; som er en diskret knapp under f\u00f8rersetet som kvinner (og sikkert ogs\u00e5 menn) kan trykke p\u00e5 for \u00e5 tilkalle hjelp hvis de f\u00f8ler seg truet. \u00d8vrige funksjoner som ikke s\u00e5 lett lar seg markedsf\u00f8re i Norge, er &laquo;Lady Driving Mode&raquo; som legger inn adaptiv cruise med ekstra god avstand til bilen foran &#8211; og aktiviserer et selfie kamera (!) hvor f\u00f8reren kan se seg selv mens hen kj\u00f8rer. Funksjonen spiller p\u00e5 at kvinner er d\u00e5rligere sj\u00e5f\u00f8rer enn menn, noe som regnes som kontroversielt ogs\u00e5 blant kinesere. La meg til slutt nevne at ORA Ballet Cat markedsf\u00f8res med en funksjon som kalles &laquo;Warm Man Mode&raquo; (direkte oversatt fra kinesisk) som i f\u00f8lge ORA skal redusere ubehaget ved menstruasjon. Ved et knappetrykk settes det p\u00e5 varme i rattet, nedre del av ryggen og i setet. <\/p>\n\n<figure id=\"attachment_56851\" aria-describedby=\"caption-attachment-56851\" style=\"width: 1920px\" class=\"wp-caption aligncenter\"><a href=\"https:\/\/i0.wp.com\/terjebjornstad.com\/no\/wp-content\/uploads\/2023\/02\/ora-lightning-cat-1920x1080-1.jpg?ssl=1\"><img data-recalc-dims=\"1\" loading=\"lazy\" decoding=\"async\" data-attachment-id=\"56851\" data-permalink=\"https:\/\/terjebjornstad.com\/no\/2023\/02\/11\/ora-funky-cat-fra-kina\/ora-lightning-cat-1920x1080\/\" data-orig-file=\"https:\/\/i0.wp.com\/terjebjornstad.com\/no\/wp-content\/uploads\/2023\/02\/ora-lightning-cat-1920x1080-1.jpg?fit=1920%2C1080&amp;ssl=1\" data-orig-size=\"1920,1080\" data-comments-opened=\"1\" data-image-meta=\"{&quot;aperture&quot;:&quot;0&quot;,&quot;credit&quot;:&quot;&quot;,&quot;camera&quot;:&quot;&quot;,&quot;caption&quot;:&quot;&quot;,&quot;created_timestamp&quot;:&quot;0&quot;,&quot;copyright&quot;:&quot;&quot;,&quot;focal_length&quot;:&quot;0&quot;,&quot;iso&quot;:&quot;0&quot;,&quot;shutter_speed&quot;:&quot;0&quot;,&quot;title&quot;:&quot;&quot;,&quot;orientation&quot;:&quot;0&quot;}\" data-image-title=\"ora-lightning-cat-1920&amp;#215;1080\" data-image-description=\"\" data-image-caption=\"&lt;p&gt;ORA Lightning Cat er tydelig inspirert av Porsche (Foto: ORA EV)&lt;\/p&gt;\n\" data-large-file=\"https:\/\/i0.wp.com\/terjebjornstad.com\/no\/wp-content\/uploads\/2023\/02\/ora-lightning-cat-1920x1080-1.jpg?fit=980%2C552&amp;ssl=1\" src=\"https:\/\/i0.wp.com\/terjebjornstad.com\/no\/wp-content\/uploads\/2023\/02\/ora-lightning-cat-1920x1080-1.jpg?resize=980%2C551&#038;ssl=1\" alt=\"\" width=\"980\" height=\"551\" class=\"size-full wp-image-56851\" srcset=\"https:\/\/i0.wp.com\/terjebjornstad.com\/no\/wp-content\/uploads\/2023\/02\/ora-lightning-cat-1920x1080-1.jpg?w=1920&amp;ssl=1 1920w, https:\/\/i0.wp.com\/terjebjornstad.com\/no\/wp-content\/uploads\/2023\/02\/ora-lightning-cat-1920x1080-1.jpg?resize=300%2C169&amp;ssl=1 300w, https:\/\/i0.wp.com\/terjebjornstad.com\/no\/wp-content\/uploads\/2023\/02\/ora-lightning-cat-1920x1080-1.jpg?resize=1080%2C608&amp;ssl=1 1080w, https:\/\/i0.wp.com\/terjebjornstad.com\/no\/wp-content\/uploads\/2023\/02\/ora-lightning-cat-1920x1080-1.jpg?resize=768%2C432&amp;ssl=1 768w, https:\/\/i0.wp.com\/terjebjornstad.com\/no\/wp-content\/uploads\/2023\/02\/ora-lightning-cat-1920x1080-1.jpg?resize=1536%2C864&amp;ssl=1 1536w, https:\/\/i0.wp.com\/terjebjornstad.com\/no\/wp-content\/uploads\/2023\/02\/ora-lightning-cat-1920x1080-1.jpg?resize=690%2C388&amp;ssl=1 690w, https:\/\/i0.wp.com\/terjebjornstad.com\/no\/wp-content\/uploads\/2023\/02\/ora-lightning-cat-1920x1080-1.jpg?resize=980%2C551&amp;ssl=1 980w\" sizes=\"auto, (max-width: 980px) 100vw, 980px\" \/><\/a><figcaption id=\"caption-attachment-56851\" class=\"wp-caption-text\">ORA Lightning Cat er tydelig inspirert av Porsche (Foto: ORA EV)<\/figcaption><\/figure>\n<h3 class=\"tebh2\">ORA 300 Pro eller &laquo;Funky Cat&raquo;?<\/h3>\n<p>N\u00e5r kinesere skal finne p\u00e5 vestlige navn kan det g\u00e5 galt, fryktelig galt. Men modellens opprinnelige navn, &laquo;Funky Cat&raquo;, synes jeg er helt fantastisk. Men p\u00e5 ORA sine hjemmesider selges n\u00e5 <em>ORA 300 Pro<\/em> som <em>Euler Good Cat<\/em> oppkalt etter fysikeren <a href=\"https:\/\/no.wikipedia.org\/wiki\/Leonhard_Euler\" target=\"_blank\" rel=\"noopener\"><strong>Leonhard Euler<\/strong><\/a>. Jeg aner at kinesiske markedsfolk fors\u00f8ker \u00e5 bygge en merkevare lik Tesla. Modellbetegnelsen &laquo;Good Cat&raquo; funker ogs\u00e5 bra i mine \u00f8rer. &laquo;Funky Cat&raquo; l\u00e5ter coolere, skj\u00f8nt pensjonistene vil kanskje foretrekke et mer konservativt navn. I Tyskland har import\u00f8ren forel\u00f8pig valgt \u00e5 bruke modellens originale navn &laquo;Funky Cat&raquo; som passer bilens retrostil godt. Den norske import\u00f8ren har valgt \u00e5 kalle modellen &laquo;300 Pro&raquo; og &laquo;400 Pro+&raquo;, sannsynligvis for \u00e5 skape assosiasjoner til Volkswagen ID.3 Pro. Synd, fordi den kinesiske &laquo;katten&raquo; har noe ved seg som elbilene fra Volkswagen mangler  &#8211; nemlig identitet.<\/p>\n<blockquote><p>&#8211; Identitet hentet fra Volkswagen.<\/p><\/blockquote>\n\n<figure id=\"attachment_56852\" aria-describedby=\"caption-attachment-56852\" style=\"width: 1920px\" class=\"wp-caption aligncenter\"><a href=\"https:\/\/i0.wp.com\/terjebjornstad.com\/no\/wp-content\/uploads\/2023\/02\/ora-lightning-cat-interior-1920x1080-1.jpg?ssl=1\"><img data-recalc-dims=\"1\" loading=\"lazy\" decoding=\"async\" data-attachment-id=\"56852\" data-permalink=\"https:\/\/terjebjornstad.com\/no\/2023\/02\/11\/ora-funky-cat-fra-kina\/ora-lightning-cat-interior-1920x1080\/\" data-orig-file=\"https:\/\/i0.wp.com\/terjebjornstad.com\/no\/wp-content\/uploads\/2023\/02\/ora-lightning-cat-interior-1920x1080-1.jpg?fit=1920%2C1080&amp;ssl=1\" data-orig-size=\"1920,1080\" data-comments-opened=\"1\" data-image-meta=\"{&quot;aperture&quot;:&quot;0&quot;,&quot;credit&quot;:&quot;&quot;,&quot;camera&quot;:&quot;&quot;,&quot;caption&quot;:&quot;&quot;,&quot;created_timestamp&quot;:&quot;0&quot;,&quot;copyright&quot;:&quot;&quot;,&quot;focal_length&quot;:&quot;0&quot;,&quot;iso&quot;:&quot;0&quot;,&quot;shutter_speed&quot;:&quot;0&quot;,&quot;title&quot;:&quot;&quot;,&quot;orientation&quot;:&quot;0&quot;}\" data-image-title=\"ora-lightning-cat-interior-1920&amp;#215;1080\" data-image-description=\"\" data-image-caption=\"&lt;p&gt;En blanding av retro og moderne design i ORA Lightning Cat (Foto: ORA EV)&lt;\/p&gt;\n\" data-large-file=\"https:\/\/i0.wp.com\/terjebjornstad.com\/no\/wp-content\/uploads\/2023\/02\/ora-lightning-cat-interior-1920x1080-1.jpg?fit=980%2C552&amp;ssl=1\" src=\"https:\/\/i0.wp.com\/terjebjornstad.com\/no\/wp-content\/uploads\/2023\/02\/ora-lightning-cat-interior-1920x1080-1.jpg?resize=980%2C551&#038;ssl=1\" alt=\"\" width=\"980\" height=\"551\" class=\"size-full wp-image-56852\" srcset=\"https:\/\/i0.wp.com\/terjebjornstad.com\/no\/wp-content\/uploads\/2023\/02\/ora-lightning-cat-interior-1920x1080-1.jpg?w=1920&amp;ssl=1 1920w, https:\/\/i0.wp.com\/terjebjornstad.com\/no\/wp-content\/uploads\/2023\/02\/ora-lightning-cat-interior-1920x1080-1.jpg?resize=300%2C169&amp;ssl=1 300w, https:\/\/i0.wp.com\/terjebjornstad.com\/no\/wp-content\/uploads\/2023\/02\/ora-lightning-cat-interior-1920x1080-1.jpg?resize=1080%2C608&amp;ssl=1 1080w, https:\/\/i0.wp.com\/terjebjornstad.com\/no\/wp-content\/uploads\/2023\/02\/ora-lightning-cat-interior-1920x1080-1.jpg?resize=768%2C432&amp;ssl=1 768w, https:\/\/i0.wp.com\/terjebjornstad.com\/no\/wp-content\/uploads\/2023\/02\/ora-lightning-cat-interior-1920x1080-1.jpg?resize=1536%2C864&amp;ssl=1 1536w, https:\/\/i0.wp.com\/terjebjornstad.com\/no\/wp-content\/uploads\/2023\/02\/ora-lightning-cat-interior-1920x1080-1.jpg?resize=690%2C388&amp;ssl=1 690w, https:\/\/i0.wp.com\/terjebjornstad.com\/no\/wp-content\/uploads\/2023\/02\/ora-lightning-cat-interior-1920x1080-1.jpg?resize=980%2C551&amp;ssl=1 980w\" sizes=\"auto, (max-width: 980px) 100vw, 980px\" \/><\/a><figcaption id=\"caption-attachment-56852\" class=\"wp-caption-text\">En blanding av retro og moderne design i ORA Lightning Cat (Foto: ORA EV)<\/figcaption><\/figure>\n<h3 class=\"tebh2\">Fakta ORA &laquo;Funky Cat&raquo;<\/h3>\n<p>Lengde, bredde, h\u00f8yde: 424 x 183 x 160 cm<br \/>\nBilene kan leveres med liten eller stor batteripakke.<br \/>\nLiten batteripakke (ORA 300 Pro): 49 kwh, 300 km (WLTP), 145 HK<br \/>\nStor batteripakke (ORA 400 Pro+): 63 kwh, 400 km (WLTP), 171 HK<br \/>\n0-100: 8,3 sekunder (stor batteripakke)<br \/>\nToppfart: 160 km\/t (stor batteripakke)<br \/>\nTestet av EuroNCAP i 2022 med 5\/5 stjerner<br \/>\nBeskyttelse for voksne: 92%<br \/>\nBeskyttelse for barn: 83%<br \/>\nRapport (PDF-format): <a href=\"https:\/\/cdn.euroncap.com\/media\/71331\/euroncap-2022-ora-funky-cat-datasheet.pdf\" target=\"_blank\" rel=\"noopener\"><strong>Last ned<\/strong><\/a><\/p>\n<h3 class=\"tebh2\">Kilder<\/h3>\n<p><a href=\"https:\/\/www.oraev.com\/\" target=\"_blank\" rel=\"noopener\"><strong>ORA EV internasjonale sider<\/strong><\/a><br \/>\n<a href=\"https:\/\/www.ora.no\/\" target=_blank\"><strong>ORA norske sider<\/strong><\/a><\/p>\n<h3 class=\"tebh2\">Oppdatert: ORA Funky Cat i Norge<\/h3>\n<figure id=\"attachment_59044\" aria-describedby=\"caption-attachment-59044\" style=\"width: 1920px\" class=\"wp-caption aligncenter\"><a href=\"https:\/\/i0.wp.com\/terjebjornstad.com\/no\/wp-content\/uploads\/2023\/02\/ora-400-pro-1703-1920x1280-1.jpg?ssl=1\"><img data-recalc-dims=\"1\" loading=\"lazy\" decoding=\"async\" data-attachment-id=\"59044\" data-permalink=\"https:\/\/terjebjornstad.com\/no\/2023\/02\/11\/ora-funky-cat-fra-kina\/ora-400-pro-1703-1920x1280\/\" data-orig-file=\"https:\/\/i0.wp.com\/terjebjornstad.com\/no\/wp-content\/uploads\/2023\/02\/ora-400-pro-1703-1920x1280-1.jpg?fit=1920%2C1280&amp;ssl=1\" data-orig-size=\"1920,1280\" data-comments-opened=\"1\" data-image-meta=\"{&quot;aperture&quot;:&quot;0&quot;,&quot;credit&quot;:&quot;&quot;,&quot;camera&quot;:&quot;&quot;,&quot;caption&quot;:&quot;&quot;,&quot;created_timestamp&quot;:&quot;0&quot;,&quot;copyright&quot;:&quot;&quot;,&quot;focal_length&quot;:&quot;0&quot;,&quot;iso&quot;:&quot;0&quot;,&quot;shutter_speed&quot;:&quot;0&quot;,&quot;title&quot;:&quot;&quot;,&quot;orientation&quot;:&quot;0&quot;}\" data-image-title=\"ora-400-pro-1703-1920&amp;#215;1280\" data-image-description=\"\" data-image-caption=\"&lt;p&gt;ORA &amp;#8211; Funky Cat fra Kina&lt;\/p&gt;\n\" data-large-file=\"https:\/\/i0.wp.com\/terjebjornstad.com\/no\/wp-content\/uploads\/2023\/02\/ora-400-pro-1703-1920x1280-1.jpg?fit=980%2C653&amp;ssl=1\" src=\"https:\/\/i0.wp.com\/terjebjornstad.com\/no\/wp-content\/uploads\/2023\/02\/ora-400-pro-1703-1920x1280-1.jpg?resize=980%2C653&#038;ssl=1\" alt=\"\" width=\"980\" height=\"653\" class=\"size-full wp-image-59044\" srcset=\"https:\/\/i0.wp.com\/terjebjornstad.com\/no\/wp-content\/uploads\/2023\/02\/ora-400-pro-1703-1920x1280-1.jpg?w=1920&amp;ssl=1 1920w, https:\/\/i0.wp.com\/terjebjornstad.com\/no\/wp-content\/uploads\/2023\/02\/ora-400-pro-1703-1920x1280-1.jpg?resize=300%2C200&amp;ssl=1 300w, https:\/\/i0.wp.com\/terjebjornstad.com\/no\/wp-content\/uploads\/2023\/02\/ora-400-pro-1703-1920x1280-1.jpg?resize=1080%2C720&amp;ssl=1 1080w, https:\/\/i0.wp.com\/terjebjornstad.com\/no\/wp-content\/uploads\/2023\/02\/ora-400-pro-1703-1920x1280-1.jpg?resize=768%2C512&amp;ssl=1 768w, https:\/\/i0.wp.com\/terjebjornstad.com\/no\/wp-content\/uploads\/2023\/02\/ora-400-pro-1703-1920x1280-1.jpg?resize=1536%2C1024&amp;ssl=1 1536w, https:\/\/i0.wp.com\/terjebjornstad.com\/no\/wp-content\/uploads\/2023\/02\/ora-400-pro-1703-1920x1280-1.jpg?resize=690%2C460&amp;ssl=1 690w, https:\/\/i0.wp.com\/terjebjornstad.com\/no\/wp-content\/uploads\/2023\/02\/ora-400-pro-1703-1920x1280-1.jpg?resize=980%2C653&amp;ssl=1 980w\" sizes=\"auto, (max-width: 980px) 100vw, 980px\" \/><\/a><figcaption id=\"caption-attachment-59044\" class=\"wp-caption-text\">ORA &#8211; Funky Cat fra Kina<\/figcaption><\/figure>\n<p><a href=\"https:\/\/i0.wp.com\/terjebjornstad.com\/no\/wp-content\/uploads\/2023\/02\/ora-400-pro-1633-1920x1280-1.jpg?ssl=1\"><img data-recalc-dims=\"1\" loading=\"lazy\" decoding=\"async\" data-attachment-id=\"59043\" data-permalink=\"https:\/\/terjebjornstad.com\/no\/2023\/02\/11\/ora-funky-cat-fra-kina\/ora-400-pro-1633-1920x1280\/\" data-orig-file=\"https:\/\/i0.wp.com\/terjebjornstad.com\/no\/wp-content\/uploads\/2023\/02\/ora-400-pro-1633-1920x1280-1.jpg?fit=1920%2C1280&amp;ssl=1\" data-orig-size=\"1920,1280\" data-comments-opened=\"1\" data-image-meta=\"{&quot;aperture&quot;:&quot;0&quot;,&quot;credit&quot;:&quot;&quot;,&quot;camera&quot;:&quot;&quot;,&quot;caption&quot;:&quot;&quot;,&quot;created_timestamp&quot;:&quot;0&quot;,&quot;copyright&quot;:&quot;&quot;,&quot;focal_length&quot;:&quot;0&quot;,&quot;iso&quot;:&quot;0&quot;,&quot;shutter_speed&quot;:&quot;0&quot;,&quot;title&quot;:&quot;&quot;,&quot;orientation&quot;:&quot;0&quot;}\" data-image-title=\"ora-400-pro-1633-1920&amp;#215;1280\" data-image-description=\"\" data-image-caption=\"\" data-large-file=\"https:\/\/i0.wp.com\/terjebjornstad.com\/no\/wp-content\/uploads\/2023\/02\/ora-400-pro-1633-1920x1280-1.jpg?fit=980%2C653&amp;ssl=1\" src=\"https:\/\/i0.wp.com\/terjebjornstad.com\/no\/wp-content\/uploads\/2023\/02\/ora-400-pro-1633-1920x1280-1.jpg?resize=980%2C653&#038;ssl=1\" alt=\"\" width=\"980\" height=\"653\" class=\"aligncenter size-full wp-image-59043\" srcset=\"https:\/\/i0.wp.com\/terjebjornstad.com\/no\/wp-content\/uploads\/2023\/02\/ora-400-pro-1633-1920x1280-1.jpg?w=1920&amp;ssl=1 1920w, https:\/\/i0.wp.com\/terjebjornstad.com\/no\/wp-content\/uploads\/2023\/02\/ora-400-pro-1633-1920x1280-1.jpg?resize=300%2C200&amp;ssl=1 300w, https:\/\/i0.wp.com\/terjebjornstad.com\/no\/wp-content\/uploads\/2023\/02\/ora-400-pro-1633-1920x1280-1.jpg?resize=1080%2C720&amp;ssl=1 1080w, https:\/\/i0.wp.com\/terjebjornstad.com\/no\/wp-content\/uploads\/2023\/02\/ora-400-pro-1633-1920x1280-1.jpg?resize=768%2C512&amp;ssl=1 768w, https:\/\/i0.wp.com\/terjebjornstad.com\/no\/wp-content\/uploads\/2023\/02\/ora-400-pro-1633-1920x1280-1.jpg?resize=1536%2C1024&amp;ssl=1 1536w, https:\/\/i0.wp.com\/terjebjornstad.com\/no\/wp-content\/uploads\/2023\/02\/ora-400-pro-1633-1920x1280-1.jpg?resize=690%2C460&amp;ssl=1 690w, https:\/\/i0.wp.com\/terjebjornstad.com\/no\/wp-content\/uploads\/2023\/02\/ora-400-pro-1633-1920x1280-1.jpg?resize=980%2C653&amp;ssl=1 980w\" sizes=\"auto, (max-width: 980px) 100vw, 980px\" \/><\/a><\/p>\n<p><a href=\"https:\/\/i0.wp.com\/terjebjornstad.com\/no\/wp-content\/uploads\/2023\/02\/ora-400-pro-1716-1920x1280-1.jpg?ssl=1\"><img data-recalc-dims=\"1\" loading=\"lazy\" decoding=\"async\" data-attachment-id=\"59045\" data-permalink=\"https:\/\/terjebjornstad.com\/no\/2023\/02\/11\/ora-funky-cat-fra-kina\/ora-400-pro-1716-1920x1280\/\" data-orig-file=\"https:\/\/i0.wp.com\/terjebjornstad.com\/no\/wp-content\/uploads\/2023\/02\/ora-400-pro-1716-1920x1280-1.jpg?fit=1920%2C1280&amp;ssl=1\" data-orig-size=\"1920,1280\" data-comments-opened=\"1\" data-image-meta=\"{&quot;aperture&quot;:&quot;0&quot;,&quot;credit&quot;:&quot;&quot;,&quot;camera&quot;:&quot;&quot;,&quot;caption&quot;:&quot;&quot;,&quot;created_timestamp&quot;:&quot;0&quot;,&quot;copyright&quot;:&quot;&quot;,&quot;focal_length&quot;:&quot;0&quot;,&quot;iso&quot;:&quot;0&quot;,&quot;shutter_speed&quot;:&quot;0&quot;,&quot;title&quot;:&quot;&quot;,&quot;orientation&quot;:&quot;0&quot;}\" data-image-title=\"ora-400-pro-1716-1920&amp;#215;1280\" data-image-description=\"\" data-image-caption=\"\" data-large-file=\"https:\/\/i0.wp.com\/terjebjornstad.com\/no\/wp-content\/uploads\/2023\/02\/ora-400-pro-1716-1920x1280-1.jpg?fit=980%2C653&amp;ssl=1\" src=\"https:\/\/i0.wp.com\/terjebjornstad.com\/no\/wp-content\/uploads\/2023\/02\/ora-400-pro-1716-1920x1280-1.jpg?resize=980%2C653&#038;ssl=1\" alt=\"\" width=\"980\" height=\"653\" class=\"aligncenter size-full wp-image-59045\" srcset=\"https:\/\/i0.wp.com\/terjebjornstad.com\/no\/wp-content\/uploads\/2023\/02\/ora-400-pro-1716-1920x1280-1.jpg?w=1920&amp;ssl=1 1920w, https:\/\/i0.wp.com\/terjebjornstad.com\/no\/wp-content\/uploads\/2023\/02\/ora-400-pro-1716-1920x1280-1.jpg?resize=300%2C200&amp;ssl=1 300w, https:\/\/i0.wp.com\/terjebjornstad.com\/no\/wp-content\/uploads\/2023\/02\/ora-400-pro-1716-1920x1280-1.jpg?resize=1080%2C720&amp;ssl=1 1080w, https:\/\/i0.wp.com\/terjebjornstad.com\/no\/wp-content\/uploads\/2023\/02\/ora-400-pro-1716-1920x1280-1.jpg?resize=768%2C512&amp;ssl=1 768w, https:\/\/i0.wp.com\/terjebjornstad.com\/no\/wp-content\/uploads\/2023\/02\/ora-400-pro-1716-1920x1280-1.jpg?resize=1536%2C1024&amp;ssl=1 1536w, https:\/\/i0.wp.com\/terjebjornstad.com\/no\/wp-content\/uploads\/2023\/02\/ora-400-pro-1716-1920x1280-1.jpg?resize=690%2C460&amp;ssl=1 690w, https:\/\/i0.wp.com\/terjebjornstad.com\/no\/wp-content\/uploads\/2023\/02\/ora-400-pro-1716-1920x1280-1.jpg?resize=980%2C653&amp;ssl=1 980w\" sizes=\"auto, (max-width: 980px) 100vw, 980px\" \/><\/a><\/p>\n<p>Pr 05.04.2023 var det registrert 7 ORA Funky Cat i Norge. \u00c9n av disse bilene er avbildet p\u00e5 bildene over. Det er en modell som skal kalles ORA 400 Pro+. Den har 171 HK, 63 kwh batteri og rekkevidde p\u00e5 400 km.<\/p>\n<h3 class=\"tebh2\">Se ogs\u00e5<\/h3>\n<p><figure id=\"attachment_45249\" aria-describedby=\"caption-attachment-45249\" style=\"width: 150px\" class=\"wp-caption alignleft\"><a href=\"https:\/\/terjebjornstad.com\/no\/2021\/12\/09\/dfsk-nio-xpeng-hongqi-biler-fra-kina\/\"><img data-recalc-dims=\"1\" loading=\"lazy\" decoding=\"async\" data-attachment-id=\"45249\" data-permalink=\"https:\/\/terjebjornstad.com\/no\/2021\/12\/09\/dfsk-nio-xpeng-hongqi-biler-fra-kina\/1-byd-dolphin-720x306\/\" data-orig-file=\"https:\/\/i0.wp.com\/terjebjornstad.com\/no\/wp-content\/uploads\/2021\/12\/1-byd-dolphin-720x306-1.png?fit=720%2C306&amp;ssl=1\" data-orig-size=\"720,306\" data-comments-opened=\"1\" data-image-meta=\"{&quot;aperture&quot;:&quot;0&quot;,&quot;credit&quot;:&quot;&quot;,&quot;camera&quot;:&quot;&quot;,&quot;caption&quot;:&quot;&quot;,&quot;created_timestamp&quot;:&quot;0&quot;,&quot;copyright&quot;:&quot;&quot;,&quot;focal_length&quot;:&quot;0&quot;,&quot;iso&quot;:&quot;0&quot;,&quot;shutter_speed&quot;:&quot;0&quot;,&quot;title&quot;:&quot;&quot;,&quot;orientation&quot;:&quot;0&quot;}\" data-image-title=\"1-byd-dolphin-720&amp;#215;306\" data-image-description=\"\" data-image-caption=\"&lt;p&gt;Hver 3. elbil fra Kina&lt;\/p&gt;\n\" data-large-file=\"https:\/\/i0.wp.com\/terjebjornstad.com\/no\/wp-content\/uploads\/2021\/12\/1-byd-dolphin-720x306-1.png?fit=720%2C306&amp;ssl=1\" src=\"https:\/\/i0.wp.com\/terjebjornstad.com\/no\/wp-content\/uploads\/2021\/12\/1-byd-dolphin-720x306-1.png?resize=150%2C150&#038;ssl=1\" alt=\"ora\" width=\"150\" height=\"150\" class=\"size-thumbnail wp-image-45249\" srcset=\"https:\/\/i0.wp.com\/terjebjornstad.com\/no\/wp-content\/uploads\/2021\/12\/1-byd-dolphin-720x306-1.png?resize=150%2C150&amp;ssl=1 150w, https:\/\/i0.wp.com\/terjebjornstad.com\/no\/wp-content\/uploads\/2021\/12\/1-byd-dolphin-720x306-1.png?resize=50%2C50&amp;ssl=1 50w, https:\/\/i0.wp.com\/terjebjornstad.com\/no\/wp-content\/uploads\/2021\/12\/1-byd-dolphin-720x306-1.png?zoom=2&amp;resize=150%2C150&amp;ssl=1 300w, https:\/\/i0.wp.com\/terjebjornstad.com\/no\/wp-content\/uploads\/2021\/12\/1-byd-dolphin-720x306-1.png?zoom=3&amp;resize=150%2C150&amp;ssl=1 450w\" sizes=\"auto, (max-width: 150px) 100vw, 150px\" \/><\/a><figcaption id=\"caption-attachment-45249\" class=\"wp-caption-text\">Hver 3. elbil fra Kina<\/figcaption><\/figure><figure id=\"attachment_37044\" aria-describedby=\"caption-attachment-37044\" style=\"width: 150px\" class=\"wp-caption alignleft\"><a href=\"https:\/\/terjebjornstad.com\/no\/2020\/12\/27\/kineserne-kommer\/\"><img data-recalc-dims=\"1\" loading=\"lazy\" decoding=\"async\" data-attachment-id=\"37044\" data-permalink=\"https:\/\/terjebjornstad.com\/no\/2020\/12\/27\/kineserne-kommer\/42-dfsk-5-1080x401\/\" data-orig-file=\"https:\/\/i0.wp.com\/terjebjornstad.com\/no\/wp-content\/uploads\/2020\/12\/42-DFSK-5-1080x401-1.png?fit=1080%2C401&amp;ssl=1\" data-orig-size=\"1080,401\" data-comments-opened=\"1\" data-image-meta=\"{&quot;aperture&quot;:&quot;0&quot;,&quot;credit&quot;:&quot;&quot;,&quot;camera&quot;:&quot;&quot;,&quot;caption&quot;:&quot;&quot;,&quot;created_timestamp&quot;:&quot;0&quot;,&quot;copyright&quot;:&quot;&quot;,&quot;focal_length&quot;:&quot;0&quot;,&quot;iso&quot;:&quot;0&quot;,&quot;shutter_speed&quot;:&quot;0&quot;,&quot;title&quot;:&quot;&quot;,&quot;orientation&quot;:&quot;0&quot;}\" data-image-title=\"42-DFSK-5-1080&amp;#215;401\" data-image-description=\"\" data-image-caption=\"&lt;p&gt;Kineserne kommer!&lt;\/p&gt;\n\" data-large-file=\"https:\/\/i0.wp.com\/terjebjornstad.com\/no\/wp-content\/uploads\/2020\/12\/42-DFSK-5-1080x401-1.png?fit=980%2C364&amp;ssl=1\" src=\"https:\/\/i0.wp.com\/terjebjornstad.com\/no\/wp-content\/uploads\/2020\/12\/42-DFSK-5-1080x401-1.png?resize=150%2C150&#038;ssl=1\" alt=\"elbiler fra kina\" width=\"150\" height=\"150\" class=\"size-thumbnail wp-image-37044\" srcset=\"https:\/\/i0.wp.com\/terjebjornstad.com\/no\/wp-content\/uploads\/2020\/12\/42-DFSK-5-1080x401-1.png?resize=150%2C150&amp;ssl=1 150w, https:\/\/i0.wp.com\/terjebjornstad.com\/no\/wp-content\/uploads\/2020\/12\/42-DFSK-5-1080x401-1.png?resize=50%2C50&amp;ssl=1 50w, https:\/\/i0.wp.com\/terjebjornstad.com\/no\/wp-content\/uploads\/2020\/12\/42-DFSK-5-1080x401-1.png?zoom=2&amp;resize=150%2C150&amp;ssl=1 300w, https:\/\/i0.wp.com\/terjebjornstad.com\/no\/wp-content\/uploads\/2020\/12\/42-DFSK-5-1080x401-1.png?zoom=3&amp;resize=150%2C150&amp;ssl=1 450w\" sizes=\"auto, (max-width: 150px) 100vw, 150px\" \/><\/a><figcaption id=\"caption-attachment-37044\" class=\"wp-caption-text\">Kineserne kommer!<\/figcaption><\/figure><figure id=\"attachment_20385\" aria-describedby=\"caption-attachment-20385\" style=\"width: 150px\" class=\"wp-caption alignleft\"><a href=\"https:\/\/terjebjornstad.com\/no\/2018\/12\/08\/nissan-figaro\/\"><img data-recalc-dims=\"1\" loading=\"lazy\" decoding=\"async\" data-attachment-id=\"20385\" data-permalink=\"https:\/\/terjebjornstad.com\/no\/2018\/12\/08\/nissan-figaro\/nissanfigaro-1080x1080\/\" data-orig-file=\"https:\/\/i0.wp.com\/terjebjornstad.com\/no\/wp-content\/uploads\/2018\/11\/nissanfigaro.1080x1080.png?fit=1080%2C1080&amp;ssl=1\" data-orig-size=\"1080,1080\" data-comments-opened=\"1\" data-image-meta=\"{&quot;aperture&quot;:&quot;0&quot;,&quot;credit&quot;:&quot;&quot;,&quot;camera&quot;:&quot;&quot;,&quot;caption&quot;:&quot;&quot;,&quot;created_timestamp&quot;:&quot;0&quot;,&quot;copyright&quot;:&quot;&quot;,&quot;focal_length&quot;:&quot;0&quot;,&quot;iso&quot;:&quot;0&quot;,&quot;shutter_speed&quot;:&quot;0&quot;,&quot;title&quot;:&quot;&quot;,&quot;orientation&quot;:&quot;0&quot;}\" data-image-title=\"nissanfigaro.1080&amp;#215;1080\" data-image-description=\"\" data-image-caption=\"&lt;p&gt;Nissan Figaro&lt;\/p&gt;\n\" data-large-file=\"https:\/\/i0.wp.com\/terjebjornstad.com\/no\/wp-content\/uploads\/2018\/11\/nissanfigaro.1080x1080.png?fit=980%2C980&amp;ssl=1\" src=\"https:\/\/i0.wp.com\/terjebjornstad.com\/no\/wp-content\/uploads\/2018\/11\/nissanfigaro.1080x1080.png?resize=150%2C150&#038;ssl=1\" alt=\"ora\" width=\"150\" height=\"150\" class=\"size-thumbnail wp-image-20385\" srcset=\"https:\/\/i0.wp.com\/terjebjornstad.com\/no\/wp-content\/uploads\/2018\/11\/nissanfigaro.1080x1080.png?resize=150%2C150&amp;ssl=1 150w, https:\/\/i0.wp.com\/terjebjornstad.com\/no\/wp-content\/uploads\/2018\/11\/nissanfigaro.1080x1080.png?resize=300%2C300&amp;ssl=1 300w, https:\/\/i0.wp.com\/terjebjornstad.com\/no\/wp-content\/uploads\/2018\/11\/nissanfigaro.1080x1080.png?resize=768%2C768&amp;ssl=1 768w, https:\/\/i0.wp.com\/terjebjornstad.com\/no\/wp-content\/uploads\/2018\/11\/nissanfigaro.1080x1080.png?resize=690%2C690&amp;ssl=1 690w, https:\/\/i0.wp.com\/terjebjornstad.com\/no\/wp-content\/uploads\/2018\/11\/nissanfigaro.1080x1080.png?resize=980%2C980&amp;ssl=1 980w, https:\/\/i0.wp.com\/terjebjornstad.com\/no\/wp-content\/uploads\/2018\/11\/nissanfigaro.1080x1080.png?resize=50%2C50&amp;ssl=1 50w, https:\/\/i0.wp.com\/terjebjornstad.com\/no\/wp-content\/uploads\/2018\/11\/nissanfigaro.1080x1080.png?w=1080&amp;ssl=1 1080w\" sizes=\"auto, (max-width: 150px) 100vw, 150px\" \/><\/a><figcaption id=\"caption-attachment-20385\" class=\"wp-caption-text\">Nissan Figaro<\/figcaption><\/figure><\/p>\n<\/div>\n","protected":false,"gt_translate_keys":[{"key":"rendered","format":"html"}]},"excerpt":{"rendered":"<p>Da bildene av en kinesisk folkevognkopi spredte seg p\u00e5 sosiale medier mente alle at den ville bli stanset av Volkswagen. ORA &laquo;Punk Cat&raquo; var en 4-d\u00f8rs folkevogn med elmotor. N\u00e5 er den satt i produksjon. Great Wall Motors GWM er ingen hvem som helst innen kinesisk bilindustri. Det er heller ikke Volkswagen. Jeg vet ikke [&hellip;]<\/p>\n","protected":false,"gt_translate_keys":[{"key":"rendered","format":"html"}]},"author":1,"featured_media":56849,"comment_status":"open","ping_status":"open","sticky":false,"template":"","format":"standard","meta":{"_monsterinsights_skip_tracking":false,"_monsterinsights_sitenote_active":false,"_monsterinsights_sitenote_note":"","_monsterinsights_sitenote_category":0,"jetpack_post_was_ever_published":false,"_jetpack_newsletter_access":"","_jetpack_dont_email_post_to_subs":false,"_jetpack_newsletter_tier_id":0,"_jetpack_memberships_contains_paywalled_content":false,"_jetpack_memberships_contains_paid_content":false,"footnotes":"","jetpack_publicize_message":"","jetpack_publicize_feature_enabled":true,"jetpack_social_post_already_shared":true,"jetpack_social_options":{"image_generator_settings":{"template":"highway","default_image_id":0,"font":"","enabled":false},"version":2}},"categories":[4576,4578,4577,4579,4575],"tags":[4581,4586,4583,4585,4580,4582],"class_list":["post-56853","post","type-post","status-publish","format-standard","has-post-thumbnail","hentry","category-300-pro","category-ballet-cat","category-funky-cat","category-lightning-cat","category-ora","tag-300-pro","tag-ballet-cat","tag-funky-cat","tag-lightning-cat","tag-ora","tag-ora-300-pro"],"yoast_head":"<!-- This site is optimized with the Yoast SEO plugin v27.5 - https:\/\/yoast.com\/product\/yoast-seo-wordpress\/ -->\n<title>ORA - Funky Cat fra Kina - Terjes biler - Retro og pastell<\/title>\n<meta name=\"description\" content=\"ORA tilf\u00f8rer noe Volkswagen mangler - nemlig identitet - og paradoksalt nok har ORA hentet inspirasjon fra Ferdinand Porsche.\" \/>\n<meta name=\"robots\" content=\"index, follow, max-snippet:-1, max-image-preview:large, max-video-preview:-1\" \/>\n<link rel=\"canonical\" href=\"https:\/\/terjebjornstad.com\/no\/2023\/02\/11\/ora-funky-cat-fra-kina\/\" \/>\n<meta property=\"og:locale\" content=\"nb_NO\" \/>\n<meta property=\"og:type\" content=\"article\" \/>\n<meta property=\"og:title\" content=\"ORA - Funky Cat fra Kina - Terjes biler - Retro og pastell\" \/>\n<meta property=\"og:description\" content=\"ORA tilf\u00f8rer noe Volkswagen mangler - nemlig identitet - og paradoksalt nok har ORA hentet inspirasjon fra Ferdinand Porsche.\" \/>\n<meta property=\"og:url\" content=\"https:\/\/terjebjornstad.com\/no\/2023\/02\/11\/ora-funky-cat-fra-kina\/\" \/>\n<meta property=\"og:site_name\" content=\"Terjes biler\" \/>\n<meta property=\"article:publisher\" content=\"https:\/\/www.facebook.com\/terjesbiler\/\" \/>\n<meta property=\"article:author\" content=\"https:\/\/www.facebook.com\/terjesbiler\" \/>\n<meta property=\"article:published_time\" content=\"2023-02-11T11:38:09+00:00\" \/>\n<meta property=\"article:modified_time\" content=\"2026-03-18T14:56:35+00:00\" \/>\n<meta property=\"og:image\" content=\"https:\/\/terjebjornstad.com\/no\/wp-content\/uploads\/2023\/02\/ora-funky-cat-200x689-1.jpg\" \/>\n\t<meta property=\"og:image:width\" content=\"1200\" \/>\n\t<meta property=\"og:image:height\" content=\"689\" \/>\n\t<meta property=\"og:image:type\" content=\"image\/jpeg\" \/>\n<meta name=\"author\" content=\"Terje Bj\u00f8rnstad\" \/>\n<meta name=\"twitter:card\" content=\"summary_large_image\" \/>\n<meta name=\"twitter:label1\" content=\"Skrevet av\" \/>\n\t<meta name=\"twitter:data1\" content=\"Terje Bj\u00f8rnstad\" \/>\n\t<meta name=\"twitter:label2\" content=\"Ansl. lesetid\" \/>\n\t<meta name=\"twitter:data2\" content=\"8 minutter\" \/>\n<script type=\"application\/ld+json\" class=\"yoast-schema-graph\">{\"@context\":\"https:\\\/\\\/schema.org\",\"@graph\":[{\"@type\":\"Article\",\"@id\":\"https:\\\/\\\/terjebjornstad.com\\\/no\\\/2023\\\/02\\\/11\\\/ora-funky-cat-fra-kina\\\/#article\",\"isPartOf\":{\"@id\":\"https:\\\/\\\/terjebjornstad.com\\\/no\\\/2023\\\/02\\\/11\\\/ora-funky-cat-fra-kina\\\/\"},\"author\":{\"name\":\"Terje Bj\u00f8rnstad\",\"@id\":\"https:\\\/\\\/terjebjornstad.com\\\/no\\\/#\\\/schema\\\/person\\\/a281f6a6e0f3cc9fe468e7f0c655aa65\"},\"headline\":\"ORA &#8211; Funky Cat fra Kina\",\"datePublished\":\"2023-02-11T11:38:09+00:00\",\"dateModified\":\"2026-03-18T14:56:35+00:00\",\"mainEntityOfPage\":{\"@id\":\"https:\\\/\\\/terjebjornstad.com\\\/no\\\/2023\\\/02\\\/11\\\/ora-funky-cat-fra-kina\\\/\"},\"wordCount\":935,\"commentCount\":0,\"publisher\":{\"@id\":\"https:\\\/\\\/terjebjornstad.com\\\/no\\\/#organization\"},\"image\":{\"@id\":\"https:\\\/\\\/terjebjornstad.com\\\/no\\\/2023\\\/02\\\/11\\\/ora-funky-cat-fra-kina\\\/#primaryimage\"},\"thumbnailUrl\":\"https:\\\/\\\/i0.wp.com\\\/terjebjornstad.com\\\/no\\\/wp-content\\\/uploads\\\/2023\\\/02\\\/ora-funky-cat-200x689-1.jpg?fit=1200%2C689&ssl=1\",\"keywords\":[\"300 Pro\",\"Ballet Cat\",\"Funky Cat\",\"Lightning Cat\",\"ORA\",\"ORA 300 Pro\"],\"articleSection\":[\"300 Pro\",\"Ballet Cat\",\"Funky Cat\",\"Lightning Cat\",\"ORA\"],\"inLanguage\":\"nb-NO\",\"potentialAction\":[{\"@type\":\"CommentAction\",\"name\":\"Comment\",\"target\":[\"https:\\\/\\\/terjebjornstad.com\\\/no\\\/2023\\\/02\\\/11\\\/ora-funky-cat-fra-kina\\\/#respond\"]}]},{\"@type\":\"WebPage\",\"@id\":\"https:\\\/\\\/terjebjornstad.com\\\/no\\\/2023\\\/02\\\/11\\\/ora-funky-cat-fra-kina\\\/\",\"url\":\"https:\\\/\\\/terjebjornstad.com\\\/no\\\/2023\\\/02\\\/11\\\/ora-funky-cat-fra-kina\\\/\",\"name\":\"ORA - Funky Cat fra Kina - Terjes biler - Retro og pastell\",\"isPartOf\":{\"@id\":\"https:\\\/\\\/terjebjornstad.com\\\/no\\\/#website\"},\"primaryImageOfPage\":{\"@id\":\"https:\\\/\\\/terjebjornstad.com\\\/no\\\/2023\\\/02\\\/11\\\/ora-funky-cat-fra-kina\\\/#primaryimage\"},\"image\":{\"@id\":\"https:\\\/\\\/terjebjornstad.com\\\/no\\\/2023\\\/02\\\/11\\\/ora-funky-cat-fra-kina\\\/#primaryimage\"},\"thumbnailUrl\":\"https:\\\/\\\/i0.wp.com\\\/terjebjornstad.com\\\/no\\\/wp-content\\\/uploads\\\/2023\\\/02\\\/ora-funky-cat-200x689-1.jpg?fit=1200%2C689&ssl=1\",\"datePublished\":\"2023-02-11T11:38:09+00:00\",\"dateModified\":\"2026-03-18T14:56:35+00:00\",\"description\":\"ORA tilf\u00f8rer noe Volkswagen mangler - nemlig identitet - og paradoksalt nok har ORA hentet inspirasjon fra Ferdinand Porsche.\",\"breadcrumb\":{\"@id\":\"https:\\\/\\\/terjebjornstad.com\\\/no\\\/2023\\\/02\\\/11\\\/ora-funky-cat-fra-kina\\\/#breadcrumb\"},\"inLanguage\":\"nb-NO\",\"potentialAction\":[{\"@type\":\"ReadAction\",\"target\":[\"https:\\\/\\\/terjebjornstad.com\\\/no\\\/2023\\\/02\\\/11\\\/ora-funky-cat-fra-kina\\\/\"]}]},{\"@type\":\"ImageObject\",\"inLanguage\":\"nb-NO\",\"@id\":\"https:\\\/\\\/terjebjornstad.com\\\/no\\\/2023\\\/02\\\/11\\\/ora-funky-cat-fra-kina\\\/#primaryimage\",\"url\":\"https:\\\/\\\/i0.wp.com\\\/terjebjornstad.com\\\/no\\\/wp-content\\\/uploads\\\/2023\\\/02\\\/ora-funky-cat-200x689-1.jpg?fit=1200%2C689&ssl=1\",\"contentUrl\":\"https:\\\/\\\/i0.wp.com\\\/terjebjornstad.com\\\/no\\\/wp-content\\\/uploads\\\/2023\\\/02\\\/ora-funky-cat-200x689-1.jpg?fit=1200%2C689&ssl=1\",\"width\":1200,\"height\":689,\"caption\":\"ORA 300 Pro\"},{\"@type\":\"BreadcrumbList\",\"@id\":\"https:\\\/\\\/terjebjornstad.com\\\/no\\\/2023\\\/02\\\/11\\\/ora-funky-cat-fra-kina\\\/#breadcrumb\",\"itemListElement\":[{\"@type\":\"ListItem\",\"position\":1,\"name\":\"Hjem\",\"item\":\"https:\\\/\\\/terjebjornstad.com\\\/no\\\/\"},{\"@type\":\"ListItem\",\"position\":2,\"name\":\"ORA &#8211; Funky Cat fra Kina\"}]},{\"@type\":\"WebSite\",\"@id\":\"https:\\\/\\\/terjebjornstad.com\\\/no\\\/#website\",\"url\":\"https:\\\/\\\/terjebjornstad.com\\\/no\\\/\",\"name\":\"Terjes biler\",\"description\":\"HONEST ABOUT CARS\",\"publisher\":{\"@id\":\"https:\\\/\\\/terjebjornstad.com\\\/no\\\/#organization\"},\"alternateName\":\"Terjebjornstad.com\",\"potentialAction\":[{\"@type\":\"SearchAction\",\"target\":{\"@type\":\"EntryPoint\",\"urlTemplate\":\"https:\\\/\\\/terjebjornstad.com\\\/no\\\/?s={search_term_string}\"},\"query-input\":{\"@type\":\"PropertyValueSpecification\",\"valueRequired\":true,\"valueName\":\"search_term_string\"}}],\"inLanguage\":\"nb-NO\"},{\"@type\":\"Organization\",\"@id\":\"https:\\\/\\\/terjebjornstad.com\\\/no\\\/#organization\",\"name\":\"Terje Bj\u00f8rnstad ENK\",\"url\":\"https:\\\/\\\/terjebjornstad.com\\\/no\\\/\",\"logo\":{\"@type\":\"ImageObject\",\"inLanguage\":\"nb-NO\",\"@id\":\"https:\\\/\\\/terjebjornstad.com\\\/no\\\/#\\\/schema\\\/logo\\\/image\\\/\",\"url\":\"https:\\\/\\\/i0.wp.com\\\/terjebjornstad.com\\\/no\\\/wp-content\\\/uploads\\\/2026\\\/02\\\/terjesbiler2024-960x354-1.png?fit=960%2C354&ssl=1\",\"contentUrl\":\"https:\\\/\\\/i0.wp.com\\\/terjebjornstad.com\\\/no\\\/wp-content\\\/uploads\\\/2026\\\/02\\\/terjesbiler2024-960x354-1.png?fit=960%2C354&ssl=1\",\"width\":960,\"height\":354,\"caption\":\"Terje Bj\u00f8rnstad ENK\"},\"image\":{\"@id\":\"https:\\\/\\\/terjebjornstad.com\\\/no\\\/#\\\/schema\\\/logo\\\/image\\\/\"},\"sameAs\":[\"https:\\\/\\\/www.facebook.com\\\/terjesbiler\\\/\",\"https:\\\/\\\/www.instagram.com\\\/terjesbiler\\\/\",\"https:\\\/\\\/www.pinteres.com\\\/terjebjrnstad\\\/terjes-biler\\\/\"]},{\"@type\":\"Person\",\"@id\":\"https:\\\/\\\/terjebjornstad.com\\\/no\\\/#\\\/schema\\\/person\\\/a281f6a6e0f3cc9fe468e7f0c655aa65\",\"name\":\"Terje Bj\u00f8rnstad\",\"image\":{\"@type\":\"ImageObject\",\"inLanguage\":\"nb-NO\",\"@id\":\"https:\\\/\\\/secure.gravatar.com\\\/avatar\\\/e8dff505b51cf6cb67ae06a06022d2049aac2da1e79dc146a36b58798c4b40ea?s=96&d=mm&r=g\",\"url\":\"https:\\\/\\\/secure.gravatar.com\\\/avatar\\\/e8dff505b51cf6cb67ae06a06022d2049aac2da1e79dc146a36b58798c4b40ea?s=96&d=mm&r=g\",\"contentUrl\":\"https:\\\/\\\/secure.gravatar.com\\\/avatar\\\/e8dff505b51cf6cb67ae06a06022d2049aac2da1e79dc146a36b58798c4b40ea?s=96&d=mm&r=g\",\"caption\":\"Terje Bj\u00f8rnstad\"},\"description\":\"Terje Bj\u00f8rnstad. Bloggadministrator, hobbyfotograf og bilnerd.\",\"sameAs\":[\"https:\\\/\\\/www.facebook.com\\\/terjesbiler\",\"https:\\\/\\\/www.instagram.com\\\/terjesbiler\",\"https:\\\/\\\/no.pinterest.com\\\/terjebjrnstad\",\"https:\\\/\\\/www.youtube.com\\\/channel\\\/UCzCKJJDybyIgKqatc_JQqIg\"]}]}<\/script>\n<!-- \/ Yoast SEO plugin. -->","yoast_head_json":{"title":"ORA - Funky Cat fra Kina - Terjes biler - Retro og pastell","description":"ORA tilf\u00f8rer noe Volkswagen mangler - nemlig identitet - og paradoksalt nok har ORA hentet inspirasjon fra Ferdinand Porsche.","robots":{"index":"index","follow":"follow","max-snippet":"max-snippet:-1","max-image-preview":"max-image-preview:large","max-video-preview":"max-video-preview:-1"},"canonical":"https:\/\/terjebjornstad.com\/no\/2023\/02\/11\/ora-funky-cat-fra-kina\/","og_locale":"nb_NO","og_type":"article","og_title":"ORA - Funky Cat fra Kina - Terjes biler - Retro og pastell","og_description":"ORA tilf\u00f8rer noe Volkswagen mangler - nemlig identitet - og paradoksalt nok har ORA hentet inspirasjon fra Ferdinand Porsche.","og_url":"https:\/\/terjebjornstad.com\/no\/2023\/02\/11\/ora-funky-cat-fra-kina\/","og_site_name":"Terjes biler","article_publisher":"https:\/\/www.facebook.com\/terjesbiler\/","article_author":"https:\/\/www.facebook.com\/terjesbiler","article_published_time":"2023-02-11T11:38:09+00:00","article_modified_time":"2026-03-18T14:56:35+00:00","og_image":[{"width":1200,"height":689,"url":"https:\/\/terjebjornstad.com\/no\/wp-content\/uploads\/2023\/02\/ora-funky-cat-200x689-1.jpg","type":"image\/jpeg"}],"author":"Terje Bj\u00f8rnstad","twitter_card":"summary_large_image","twitter_misc":{"Skrevet av":"Terje Bj\u00f8rnstad","Ansl. lesetid":"8 minutter"},"schema":{"@context":"https:\/\/schema.org","@graph":[{"@type":"Article","@id":"https:\/\/terjebjornstad.com\/no\/2023\/02\/11\/ora-funky-cat-fra-kina\/#article","isPartOf":{"@id":"https:\/\/terjebjornstad.com\/no\/2023\/02\/11\/ora-funky-cat-fra-kina\/"},"author":{"name":"Terje Bj\u00f8rnstad","@id":"https:\/\/terjebjornstad.com\/no\/#\/schema\/person\/a281f6a6e0f3cc9fe468e7f0c655aa65"},"headline":"ORA &#8211; Funky Cat fra Kina","datePublished":"2023-02-11T11:38:09+00:00","dateModified":"2026-03-18T14:56:35+00:00","mainEntityOfPage":{"@id":"https:\/\/terjebjornstad.com\/no\/2023\/02\/11\/ora-funky-cat-fra-kina\/"},"wordCount":935,"commentCount":0,"publisher":{"@id":"https:\/\/terjebjornstad.com\/no\/#organization"},"image":{"@id":"https:\/\/terjebjornstad.com\/no\/2023\/02\/11\/ora-funky-cat-fra-kina\/#primaryimage"},"thumbnailUrl":"https:\/\/i0.wp.com\/terjebjornstad.com\/no\/wp-content\/uploads\/2023\/02\/ora-funky-cat-200x689-1.jpg?fit=1200%2C689&ssl=1","keywords":["300 Pro","Ballet Cat","Funky Cat","Lightning Cat","ORA","ORA 300 Pro"],"articleSection":["300 Pro","Ballet Cat","Funky Cat","Lightning Cat","ORA"],"inLanguage":"nb-NO","potentialAction":[{"@type":"CommentAction","name":"Comment","target":["https:\/\/terjebjornstad.com\/no\/2023\/02\/11\/ora-funky-cat-fra-kina\/#respond"]}]},{"@type":"WebPage","@id":"https:\/\/terjebjornstad.com\/no\/2023\/02\/11\/ora-funky-cat-fra-kina\/","url":"https:\/\/terjebjornstad.com\/no\/2023\/02\/11\/ora-funky-cat-fra-kina\/","name":"ORA - Funky Cat fra Kina - Terjes biler - Retro og pastell","isPartOf":{"@id":"https:\/\/terjebjornstad.com\/no\/#website"},"primaryImageOfPage":{"@id":"https:\/\/terjebjornstad.com\/no\/2023\/02\/11\/ora-funky-cat-fra-kina\/#primaryimage"},"image":{"@id":"https:\/\/terjebjornstad.com\/no\/2023\/02\/11\/ora-funky-cat-fra-kina\/#primaryimage"},"thumbnailUrl":"https:\/\/i0.wp.com\/terjebjornstad.com\/no\/wp-content\/uploads\/2023\/02\/ora-funky-cat-200x689-1.jpg?fit=1200%2C689&ssl=1","datePublished":"2023-02-11T11:38:09+00:00","dateModified":"2026-03-18T14:56:35+00:00","description":"ORA tilf\u00f8rer noe Volkswagen mangler - nemlig identitet - og paradoksalt nok har ORA hentet inspirasjon fra Ferdinand Porsche.","breadcrumb":{"@id":"https:\/\/terjebjornstad.com\/no\/2023\/02\/11\/ora-funky-cat-fra-kina\/#breadcrumb"},"inLanguage":"nb-NO","potentialAction":[{"@type":"ReadAction","target":["https:\/\/terjebjornstad.com\/no\/2023\/02\/11\/ora-funky-cat-fra-kina\/"]}]},{"@type":"ImageObject","inLanguage":"nb-NO","@id":"https:\/\/terjebjornstad.com\/no\/2023\/02\/11\/ora-funky-cat-fra-kina\/#primaryimage","url":"https:\/\/i0.wp.com\/terjebjornstad.com\/no\/wp-content\/uploads\/2023\/02\/ora-funky-cat-200x689-1.jpg?fit=1200%2C689&ssl=1","contentUrl":"https:\/\/i0.wp.com\/terjebjornstad.com\/no\/wp-content\/uploads\/2023\/02\/ora-funky-cat-200x689-1.jpg?fit=1200%2C689&ssl=1","width":1200,"height":689,"caption":"ORA 300 Pro"},{"@type":"BreadcrumbList","@id":"https:\/\/terjebjornstad.com\/no\/2023\/02\/11\/ora-funky-cat-fra-kina\/#breadcrumb","itemListElement":[{"@type":"ListItem","position":1,"name":"Hjem","item":"https:\/\/terjebjornstad.com\/no\/"},{"@type":"ListItem","position":2,"name":"ORA &#8211; Funky Cat fra Kina"}]},{"@type":"WebSite","@id":"https:\/\/terjebjornstad.com\/no\/#website","url":"https:\/\/terjebjornstad.com\/no\/","name":"Terjes biler","description":"HONEST ABOUT CARS","publisher":{"@id":"https:\/\/terjebjornstad.com\/no\/#organization"},"alternateName":"Terjebjornstad.com","potentialAction":[{"@type":"SearchAction","target":{"@type":"EntryPoint","urlTemplate":"https:\/\/terjebjornstad.com\/no\/?s={search_term_string}"},"query-input":{"@type":"PropertyValueSpecification","valueRequired":true,"valueName":"search_term_string"}}],"inLanguage":"nb-NO"},{"@type":"Organization","@id":"https:\/\/terjebjornstad.com\/no\/#organization","name":"Terje Bj\u00f8rnstad ENK","url":"https:\/\/terjebjornstad.com\/no\/","logo":{"@type":"ImageObject","inLanguage":"nb-NO","@id":"https:\/\/terjebjornstad.com\/no\/#\/schema\/logo\/image\/","url":"https:\/\/i0.wp.com\/terjebjornstad.com\/no\/wp-content\/uploads\/2026\/02\/terjesbiler2024-960x354-1.png?fit=960%2C354&ssl=1","contentUrl":"https:\/\/i0.wp.com\/terjebjornstad.com\/no\/wp-content\/uploads\/2026\/02\/terjesbiler2024-960x354-1.png?fit=960%2C354&ssl=1","width":960,"height":354,"caption":"Terje Bj\u00f8rnstad ENK"},"image":{"@id":"https:\/\/terjebjornstad.com\/no\/#\/schema\/logo\/image\/"},"sameAs":["https:\/\/www.facebook.com\/terjesbiler\/","https:\/\/www.instagram.com\/terjesbiler\/","https:\/\/www.pinteres.com\/terjebjrnstad\/terjes-biler\/"]},{"@type":"Person","@id":"https:\/\/terjebjornstad.com\/no\/#\/schema\/person\/a281f6a6e0f3cc9fe468e7f0c655aa65","name":"Terje Bj\u00f8rnstad","image":{"@type":"ImageObject","inLanguage":"nb-NO","@id":"https:\/\/secure.gravatar.com\/avatar\/e8dff505b51cf6cb67ae06a06022d2049aac2da1e79dc146a36b58798c4b40ea?s=96&d=mm&r=g","url":"https:\/\/secure.gravatar.com\/avatar\/e8dff505b51cf6cb67ae06a06022d2049aac2da1e79dc146a36b58798c4b40ea?s=96&d=mm&r=g","contentUrl":"https:\/\/secure.gravatar.com\/avatar\/e8dff505b51cf6cb67ae06a06022d2049aac2da1e79dc146a36b58798c4b40ea?s=96&d=mm&r=g","caption":"Terje Bj\u00f8rnstad"},"description":"Terje Bj\u00f8rnstad. Bloggadministrator, hobbyfotograf og bilnerd.","sameAs":["https:\/\/www.facebook.com\/terjesbiler","https:\/\/www.instagram.com\/terjesbiler","https:\/\/no.pinterest.com\/terjebjrnstad","https:\/\/www.youtube.com\/channel\/UCzCKJJDybyIgKqatc_JQqIg"]}]}},"jetpack_publicize_connections":[],"jetpack_featured_media_url":"https:\/\/i0.wp.com\/terjebjornstad.com\/no\/wp-content\/uploads\/2023\/02\/ora-funky-cat-200x689-1.jpg?fit=1200%2C689&ssl=1","jetpack_sharing_enabled":true,"jetpack_shortlink":"https:\/\/wp.me\/p48zYA-eMZ","jetpack-related-posts":[{"id":68024,"url":"https:\/\/terjebjornstad.com\/no\/2023\/12\/15\/geely-og-gwm-er-biler-zelensky-vil-boikotte\/","url_meta":{"origin":56853,"position":0},"title":"Bilene Zelensky vil at vi skal boikotte","author":"Terje Bj\u00f8rnstad","date":"15\/12\/2023","format":false,"excerpt":"Ukrainske myndigheter har opprettet en liste over selskaper og personer som de betrakter som st\u00f8ttespillere til krigen. Her finner vi ogs\u00e5 bilprodusenter som kan dukke opp i Norge. Kinesiske biler Kina har ikke innf\u00f8rt noen handelsrestriksjoner mot Russland. Tvert imot. Frav\u00e6ret av vestlige bilmerker er fylt opp av kinesiske. Like\u2026","rel":"","context":"i &quot;Artikkel&quot;","block_context":{"text":"Artikkel","link":"https:\/\/terjebjornstad.com\/no\/category\/artikkel\/"},"img":{"alt_text":"","src":"https:\/\/i0.wp.com\/terjebjornstad.com\/no\/wp-content\/uploads\/2023\/12\/belgee-2018-ChinaImages-2000x1333-1.jpg?fit=1200%2C800&ssl=1&resize=350%2C200","width":350,"height":200,"srcset":"https:\/\/i0.wp.com\/terjebjornstad.com\/no\/wp-content\/uploads\/2023\/12\/belgee-2018-ChinaImages-2000x1333-1.jpg?fit=1200%2C800&ssl=1&resize=350%2C200 1x, https:\/\/i0.wp.com\/terjebjornstad.com\/no\/wp-content\/uploads\/2023\/12\/belgee-2018-ChinaImages-2000x1333-1.jpg?fit=1200%2C800&ssl=1&resize=525%2C300 1.5x, https:\/\/i0.wp.com\/terjebjornstad.com\/no\/wp-content\/uploads\/2023\/12\/belgee-2018-ChinaImages-2000x1333-1.jpg?fit=1200%2C800&ssl=1&resize=700%2C400 2x, https:\/\/i0.wp.com\/terjebjornstad.com\/no\/wp-content\/uploads\/2023\/12\/belgee-2018-ChinaImages-2000x1333-1.jpg?fit=1200%2C800&ssl=1&resize=1050%2C600 3x"},"classes":[]},{"id":58431,"url":"https:\/\/terjebjornstad.com\/no\/2023\/03\/19\/volkswagens-kommende-signaturmodell\/","url_meta":{"origin":56853,"position":1},"title":"Volkswagens kommende signaturmodell","author":"Terje Bj\u00f8rnstad","date":"19\/03\/2023","format":false,"excerpt":"Volkswagen har gitt oss et innblikk i en modell som kan ta en stor jafs av elbilmarkedet om et par \u00e5r. Det handler om pris, plass og en C-stolpe som minner om Golfs tidlige modeller. Folkelig pris Volkswagens verdenspremiere av ID.2all sender signaler om at det kan v\u00e6re mulig \u00e5\u2026","rel":"","context":"i &quot;Artikkel&quot;","block_context":{"text":"Artikkel","link":"https:\/\/terjebjornstad.com\/no\/category\/artikkel\/"},"img":{"alt_text":"","src":"https:\/\/i0.wp.com\/terjebjornstad.com\/no\/wp-content\/uploads\/2023\/03\/DB2023AU00185_medium.jpg?fit=1200%2C800&ssl=1&resize=350%2C200","width":350,"height":200,"srcset":"https:\/\/i0.wp.com\/terjebjornstad.com\/no\/wp-content\/uploads\/2023\/03\/DB2023AU00185_medium.jpg?fit=1200%2C800&ssl=1&resize=350%2C200 1x, https:\/\/i0.wp.com\/terjebjornstad.com\/no\/wp-content\/uploads\/2023\/03\/DB2023AU00185_medium.jpg?fit=1200%2C800&ssl=1&resize=525%2C300 1.5x, https:\/\/i0.wp.com\/terjebjornstad.com\/no\/wp-content\/uploads\/2023\/03\/DB2023AU00185_medium.jpg?fit=1200%2C800&ssl=1&resize=700%2C400 2x, https:\/\/i0.wp.com\/terjebjornstad.com\/no\/wp-content\/uploads\/2023\/03\/DB2023AU00185_medium.jpg?fit=1200%2C800&ssl=1&resize=1050%2C600 3x"},"classes":[]},{"id":53990,"url":"https:\/\/terjebjornstad.com\/no\/2022\/11\/23\/jac-e-s4-blir-ny-moskvich\/","url_meta":{"origin":56853,"position":2},"title":"JAC e-JS4 blir ny Moskvich","author":"Terje Bj\u00f8rnstad","date":"23\/11\/2022","format":false,"excerpt":"Verden blir stadig mindre. En ny kinesisk bilmodell er p\u00e5 vei til Norge, samtidig som den skal produseres som Moskvich i Russland. Erstatter Renault Da EU innf\u00f8rte \u00f8konomiske sanksjoner mot Russland, stanset vareflyten mellom EU og Russland opp. Flere vestlige selskaper valgte \u00e5 trekke seg ut ogs\u00e5 av politiske grunner.\u2026","rel":"","context":"i &quot;e-JS4&quot;","block_context":{"text":"e-JS4","link":"https:\/\/terjebjornstad.com\/no\/category\/jac\/e-js4\/"},"img":{"alt_text":"","src":"https:\/\/i0.wp.com\/terjebjornstad.com\/no\/wp-content\/uploads\/2022\/11\/jac-moskvich-960x470-1.jpg?fit=960%2C470&ssl=1&resize=350%2C200","width":350,"height":200,"srcset":"https:\/\/i0.wp.com\/terjebjornstad.com\/no\/wp-content\/uploads\/2022\/11\/jac-moskvich-960x470-1.jpg?fit=960%2C470&ssl=1&resize=350%2C200 1x, https:\/\/i0.wp.com\/terjebjornstad.com\/no\/wp-content\/uploads\/2022\/11\/jac-moskvich-960x470-1.jpg?fit=960%2C470&ssl=1&resize=525%2C300 1.5x, https:\/\/i0.wp.com\/terjebjornstad.com\/no\/wp-content\/uploads\/2022\/11\/jac-moskvich-960x470-1.jpg?fit=960%2C470&ssl=1&resize=700%2C400 2x"},"classes":[]},{"id":37045,"url":"https:\/\/terjebjornstad.com\/no\/2020\/12\/27\/kineserne-kommer\/","url_meta":{"origin":56853,"position":3},"title":"Kineserne kommer!","author":"Terje Bj\u00f8rnstad","date":"27\/12\/2020","format":false,"excerpt":"Kinas \"New Energy\" tvinger kinesiske bilprodusenter over p\u00e5 ladbare biler. Omstillingen av kj\u00f8ret\u00f8yparken i Norge gj\u00f8r at nye kinesiske elbiler finner veien hit forut for andre vestlige land. \u00a0 Made in China Det er ikke sikkert forhandlerne opplyser om at nye BMW iX3 blir produsert av Brilliance i Shenyang eller\u2026","rel":"","context":"i &quot;Artikkel&quot;","block_context":{"text":"Artikkel","link":"https:\/\/terjebjornstad.com\/no\/category\/artikkel\/"},"img":{"alt_text":"elbiler fra kina","src":"https:\/\/i0.wp.com\/terjebjornstad.com\/no\/wp-content\/uploads\/2020\/12\/42-DFSK-5-1080x401-1.png?fit=1080%2C401&ssl=1&resize=350%2C200","width":350,"height":200,"srcset":"https:\/\/i0.wp.com\/terjebjornstad.com\/no\/wp-content\/uploads\/2020\/12\/42-DFSK-5-1080x401-1.png?fit=1080%2C401&ssl=1&resize=350%2C200 1x, https:\/\/i0.wp.com\/terjebjornstad.com\/no\/wp-content\/uploads\/2020\/12\/42-DFSK-5-1080x401-1.png?fit=1080%2C401&ssl=1&resize=525%2C300 1.5x, https:\/\/i0.wp.com\/terjebjornstad.com\/no\/wp-content\/uploads\/2020\/12\/42-DFSK-5-1080x401-1.png?fit=1080%2C401&ssl=1&resize=700%2C400 2x, https:\/\/i0.wp.com\/terjebjornstad.com\/no\/wp-content\/uploads\/2020\/12\/42-DFSK-5-1080x401-1.png?fit=1080%2C401&ssl=1&resize=1050%2C600 3x"},"classes":[]},{"id":80650,"url":"https:\/\/terjebjornstad.com\/no\/2025\/05\/26\/volkswagen-id-3-er-tilbake\/","url_meta":{"origin":56853,"position":4},"title":"Volkswagen ID.3 er tilbake","author":"Terje Bj\u00f8rnstad","date":"26\/05\/2025","format":false,"excerpt":"Store forventninger og mange forh\u00e5ndsbestillinger bidro til at Volkswagen ID.3 ble den 3. mest solgte bilmodell i 2020. Deretter havnet den i skyggen et par \u00e5r, men er n\u00e5 p\u00e5 vei tilbake. \u00c5ret var 2020 da vi beskrev Volkswagen ID.3 som et velkomment tilbud for folk flest. En bil i\u2026","rel":"","context":"i &quot;id.3&quot;","block_context":{"text":"id.3","link":"https:\/\/terjebjornstad.com\/no\/category\/volkswagen\/id-3\/"},"img":{"alt_text":"","src":"https:\/\/i0.wp.com\/terjebjornstad.com\/no\/wp-content\/uploads\/2025\/05\/Vw-id3-at-epping-forest-1440x1440-1.jpg?fit=1200%2C1200&ssl=1&resize=350%2C200","width":350,"height":200,"srcset":"https:\/\/i0.wp.com\/terjebjornstad.com\/no\/wp-content\/uploads\/2025\/05\/Vw-id3-at-epping-forest-1440x1440-1.jpg?fit=1200%2C1200&ssl=1&resize=350%2C200 1x, https:\/\/i0.wp.com\/terjebjornstad.com\/no\/wp-content\/uploads\/2025\/05\/Vw-id3-at-epping-forest-1440x1440-1.jpg?fit=1200%2C1200&ssl=1&resize=525%2C300 1.5x, https:\/\/i0.wp.com\/terjebjornstad.com\/no\/wp-content\/uploads\/2025\/05\/Vw-id3-at-epping-forest-1440x1440-1.jpg?fit=1200%2C1200&ssl=1&resize=700%2C400 2x, https:\/\/i0.wp.com\/terjebjornstad.com\/no\/wp-content\/uploads\/2025\/05\/Vw-id3-at-epping-forest-1440x1440-1.jpg?fit=1200%2C1200&ssl=1&resize=1050%2C600 3x"},"classes":[]},{"id":31308,"url":"https:\/\/terjebjornstad.com\/no\/2020\/03\/01\/boble-med-tesla-drivverk\/","url_meta":{"origin":56853,"position":5},"title":"Tesla-drivverk i bobla","author":"Terje Bj\u00f8rnstad","date":"01\/03\/2020","format":false,"excerpt":"Bertie er ikke som andre folkevogner. Den er blitt konvertert til elbil. 1200-motoren er byttet ut med elmotor. Bensintanken er fjernet og bagasjerommet foran inneholder n\u00e5 batterier. \u00a0 Det er ogs\u00e5 montert batterier under baksetet. I f\u00f8lge produsenten er det ikke sk\u00e5ret ut eller gjort noen modifikasjoner av ramme og\u2026","rel":"","context":"i &quot;Aircooled&quot;","block_context":{"text":"Aircooled","link":"https:\/\/terjebjornstad.com\/no\/category\/volkswagen\/aircooled\/"},"img":{"alt_text":"","src":"https:\/\/i0.wp.com\/terjebjornstad.com\/no\/wp-content\/uploads\/2020\/03\/elektrogenic-1-1080x720-1.png?fit=1080%2C720&ssl=1&resize=350%2C200","width":350,"height":200,"srcset":"https:\/\/i0.wp.com\/terjebjornstad.com\/no\/wp-content\/uploads\/2020\/03\/elektrogenic-1-1080x720-1.png?fit=1080%2C720&ssl=1&resize=350%2C200 1x, https:\/\/i0.wp.com\/terjebjornstad.com\/no\/wp-content\/uploads\/2020\/03\/elektrogenic-1-1080x720-1.png?fit=1080%2C720&ssl=1&resize=525%2C300 1.5x, https:\/\/i0.wp.com\/terjebjornstad.com\/no\/wp-content\/uploads\/2020\/03\/elektrogenic-1-1080x720-1.png?fit=1080%2C720&ssl=1&resize=700%2C400 2x, https:\/\/i0.wp.com\/terjebjornstad.com\/no\/wp-content\/uploads\/2020\/03\/elektrogenic-1-1080x720-1.png?fit=1080%2C720&ssl=1&resize=1050%2C600 3x"},"classes":[]}],"gt_translate_keys":[{"key":"link","format":"url"}],"_links":{"self":[{"href":"https:\/\/terjebjornstad.com\/no\/wp-json\/wp\/v2\/posts\/56853","targetHints":{"allow":["GET"]}}],"collection":[{"href":"https:\/\/terjebjornstad.com\/no\/wp-json\/wp\/v2\/posts"}],"about":[{"href":"https:\/\/terjebjornstad.com\/no\/wp-json\/wp\/v2\/types\/post"}],"author":[{"embeddable":true,"href":"https:\/\/terjebjornstad.com\/no\/wp-json\/wp\/v2\/users\/1"}],"replies":[{"embeddable":true,"href":"https:\/\/terjebjornstad.com\/no\/wp-json\/wp\/v2\/comments?post=56853"}],"version-history":[{"count":25,"href":"https:\/\/terjebjornstad.com\/no\/wp-json\/wp\/v2\/posts\/56853\/revisions"}],"predecessor-version":[{"id":89998,"href":"https:\/\/terjebjornstad.com\/no\/wp-json\/wp\/v2\/posts\/56853\/revisions\/89998"}],"wp:featuredmedia":[{"embeddable":true,"href":"https:\/\/terjebjornstad.com\/no\/wp-json\/wp\/v2\/media\/56849"}],"wp:attachment":[{"href":"https:\/\/terjebjornstad.com\/no\/wp-json\/wp\/v2\/media?parent=56853"}],"wp:term":[{"taxonomy":"category","embeddable":true,"href":"https:\/\/terjebjornstad.com\/no\/wp-json\/wp\/v2\/categories?post=56853"},{"taxonomy":"post_tag","embeddable":true,"href":"https:\/\/terjebjornstad.com\/no\/wp-json\/wp\/v2\/tags?post=56853"}],"curies":[{"name":"wp","href":"https:\/\/api.w.org\/{rel}","templated":true}]}}