{"id":55939,"date":"2023-01-11T03:03:13","date_gmt":"2023-01-11T02:03:13","guid":{"rendered":"https:\/\/terjebjornstad.com\/no\/?p=55939"},"modified":"2026-03-02T10:57:19","modified_gmt":"2026-03-02T09:57:19","slug":"lotus-inntar-byen","status":"publish","type":"post","link":"https:\/\/terjebjornstad.com\/no\/2023\/01\/11\/lotus-inntar-byen\/","title":{"rendered":"Lotus inntar byen","gt_translate_keys":[{"key":"rendered","format":"text"}]},"content":{"rendered":"<div class=\"copy_teb\"><figure id=\"attachment_55940\" aria-describedby=\"caption-attachment-55940\" style=\"width: 1280px\" class=\"wp-caption aligncenter\"><a href=\"https:\/\/i0.wp.com\/terjebjornstad.com\/no\/wp-content\/uploads\/2023\/01\/2023-lotus-emira-1280x1280-1.jpg?ssl=1\"><img data-recalc-dims=\"1\" loading=\"lazy\" decoding=\"async\" data-attachment-id=\"55940\" data-permalink=\"https:\/\/terjebjornstad.com\/no\/2023\/01\/11\/lotus-inntar-byen\/2023-lotus-emira-1280x1280\/\" data-orig-file=\"https:\/\/i0.wp.com\/terjebjornstad.com\/no\/wp-content\/uploads\/2023\/01\/2023-lotus-emira-1280x1280-1.jpg?fit=1280%2C1280&amp;ssl=1\" data-orig-size=\"1280,1280\" data-comments-opened=\"1\" data-image-meta=\"{&quot;aperture&quot;:&quot;0&quot;,&quot;credit&quot;:&quot;&quot;,&quot;camera&quot;:&quot;&quot;,&quot;caption&quot;:&quot;&quot;,&quot;created_timestamp&quot;:&quot;0&quot;,&quot;copyright&quot;:&quot;&quot;,&quot;focal_length&quot;:&quot;0&quot;,&quot;iso&quot;:&quot;0&quot;,&quot;shutter_speed&quot;:&quot;0&quot;,&quot;title&quot;:&quot;&quot;,&quot;orientation&quot;:&quot;0&quot;}\" data-image-title=\"2023-lotus-emira-1280&amp;#215;1280\" data-image-description=\"\" data-image-caption=\"&lt;h3 class=&quot;tebh2s&quot;&gt;Lotus inntar byen&lt;\/p&gt;\n&lt;div class=&quot;tebtext&quot;&gt;Lotus etablerer et showroom i Oslo. Her er et glimt fra \u00e9n av nyhetene &amp;#8211; Lotus Emira.&lt;\/div \n\n\" data-large-file=\"https:\/\/i0.wp.com\/terjebjornstad.com\/no\/wp-content\/uploads\/2023\/01\/2023-lotus-emira-1280x1280-1.jpg?fit=980%2C980&amp;ssl=1\" src=\"https:\/\/i0.wp.com\/terjebjornstad.com\/no\/wp-content\/uploads\/2023\/01\/2023-lotus-emira-1280x1280-1.jpg?resize=980%2C980&#038;ssl=1\" alt=\"emira\" width=\"980\" height=\"980\" class=\"size-full wp-image-55940\" srcset=\"https:\/\/i0.wp.com\/terjebjornstad.com\/no\/wp-content\/uploads\/2023\/01\/2023-lotus-emira-1280x1280-1.jpg?w=1280&amp;ssl=1 1280w, https:\/\/i0.wp.com\/terjebjornstad.com\/no\/wp-content\/uploads\/2023\/01\/2023-lotus-emira-1280x1280-1.jpg?resize=300%2C300&amp;ssl=1 300w, https:\/\/i0.wp.com\/terjebjornstad.com\/no\/wp-content\/uploads\/2023\/01\/2023-lotus-emira-1280x1280-1.jpg?resize=1080%2C1080&amp;ssl=1 1080w, https:\/\/i0.wp.com\/terjebjornstad.com\/no\/wp-content\/uploads\/2023\/01\/2023-lotus-emira-1280x1280-1.jpg?resize=150%2C150&amp;ssl=1 150w, https:\/\/i0.wp.com\/terjebjornstad.com\/no\/wp-content\/uploads\/2023\/01\/2023-lotus-emira-1280x1280-1.jpg?resize=768%2C768&amp;ssl=1 768w, https:\/\/i0.wp.com\/terjebjornstad.com\/no\/wp-content\/uploads\/2023\/01\/2023-lotus-emira-1280x1280-1.jpg?resize=690%2C690&amp;ssl=1 690w, https:\/\/i0.wp.com\/terjebjornstad.com\/no\/wp-content\/uploads\/2023\/01\/2023-lotus-emira-1280x1280-1.jpg?resize=980%2C980&amp;ssl=1 980w, https:\/\/i0.wp.com\/terjebjornstad.com\/no\/wp-content\/uploads\/2023\/01\/2023-lotus-emira-1280x1280-1.jpg?resize=50%2C50&amp;ssl=1 50w\" sizes=\"auto, (max-width: 980px) 100vw, 980px\" \/><\/a><figcaption id=\"caption-attachment-55940\" class=\"wp-caption-text\">Lotus Emira<\/figcaption><\/figure><\/p>\n<blockquote><p>Lotus vekker positive assosiasjoner i alle bilmilj\u00f8er. Ikke bare har de bygget flotte sportsbiler &#8211; de har ogs\u00e5 hjulpet andre bilprodusenter med sin spesialkompetanse. N\u00e5 er Lotus Norges-aktuelle med 3 nye modeller &#8211; to av dem p\u00e5 str\u00f8m.\n<\/p><\/blockquote>\n\n<h3 class=\"tebh2\">Showroom p\u00e5 Steen &#038; Str\u00f8m<\/h3>\n<p>Det var kona mi som oppdaget dem f\u00f8rst p\u00e5 Steen &#038; Str\u00f8m i Oslo sentrum. Der kan det se ut som om Lotus etablerer et showroom p\u00e5 samme m\u00e5te som vi kjenner fra for eksempel Polestar og NIO. Jeg er ikke sikker p\u00e5 hvordan lokalene kommer til \u00e5 bli, men det var interessant \u00e5 f\u00e5 et glimt av \u00e9n av nyhetene &#8211; <em>Lotus Emira<\/em> delvis skjult bak et forheng. N\u00e5 er det ikke denne modellen som hausses opp, det er <em>Eletre<\/em>, en h\u00f8ybygd el-SUV i premiumklassen som enn\u00e5 ikke er ankommet. Lotus&#8217; tredje nye modell er <em>Evija<\/em> &#8211; en rendyrket batteridrevet superbil som jeg verken har sett eller h\u00f8rt noe om. Sammenlignet med de nye elbilene viser <em>Emira<\/em> hva Lotus st\u00e5r for &#8211; arven etter <em>Elise<\/em>, <em>Exige<\/em> og <em>Evora<\/em>. Et sportsbil-konsept basert p\u00e5 lav vekt takket v\u00e6re aluminiums-chassis, h\u00f8ye ytelser basert p\u00e5 teknologi fremfor slagvolum og et understell som fungerer til b\u00e5de banekj\u00f8ring og turkj\u00f8ring. <\/p>\n<h3 class=\"tebh2\">Lotus Emira<\/h3>\n<p>Bilen som akkurat n\u00e5 st\u00e5r i Oslo, <em>Lotus Emira<\/em>, tilh\u00f8rer sannsynligvis fjor\u00e5rets produksjonsparti &#8211; <em>First Edition<\/em>. Da har den midtplassert Toyota 3.5 liter V6 motor med supercharger, 405 HK og &#8211; enten 6-trinns manuell &#8211; eller 6-trinns automatkasse med momentomformer &#8211; begge kommer fra Aisin. If\u00f8lge Lotus&#8217; hjemmesider er First Edition med V6-alternativet utsolgt, men biler i standard versjon kan leveres fra v\u00e5ren 2023.<\/p>\n<p>Emira Standard er utstyrt med en 2,0 turbomatet rekkefirer fra AMG, samme motor som sitter i Mercedes-Benz A-klasse A45S. I Mercedes-Benz yter den 421 HK, men &laquo;kun&raquo; 360 HK i Emira. Dreiemomentet er 430 Nm og med 8-trinns dual clutch girkasse med bakhjulstrekk skal den gj\u00f8re 0-100 p\u00e5 4,2 sekunder. Jeg vet ikke om Lotus kommer til \u00e5 tilby noe manuelt alternativ. Prisene er forel\u00f8pig ikke annonsert, men i Storbritannia koster Emira Standard 60 000 GBP, omtrent det samme som Porsche Cayman 718 S, &#8211; og siden de to modellene er sammenlignbare p\u00e5 flere omr\u00e5der, er det ikke utenkelig at Emira vil f\u00e5 omtrent samme pris som tilsvarende Porsche her i Norge.<\/p>\n\n<figure id=\"attachment_55941\" aria-describedby=\"caption-attachment-55941\" style=\"width: 1024px\" class=\"wp-caption aligncenter\"><a href=\"https:\/\/i0.wp.com\/terjebjornstad.com\/no\/wp-content\/uploads\/2023\/01\/Lotus-Eletre-hero-image_7.jpg?ssl=1\"><img data-recalc-dims=\"1\" loading=\"lazy\" decoding=\"async\" data-attachment-id=\"55941\" data-permalink=\"https:\/\/terjebjornstad.com\/no\/2023\/01\/11\/lotus-inntar-byen\/lotus-eletre-hero-image_7\/\" data-orig-file=\"https:\/\/i0.wp.com\/terjebjornstad.com\/no\/wp-content\/uploads\/2023\/01\/Lotus-Eletre-hero-image_7.jpg?fit=1024%2C576&amp;ssl=1\" data-orig-size=\"1024,576\" data-comments-opened=\"1\" data-image-meta=\"{&quot;aperture&quot;:&quot;0&quot;,&quot;credit&quot;:&quot;&quot;,&quot;camera&quot;:&quot;&quot;,&quot;caption&quot;:&quot;&quot;,&quot;created_timestamp&quot;:&quot;0&quot;,&quot;copyright&quot;:&quot;&quot;,&quot;focal_length&quot;:&quot;0&quot;,&quot;iso&quot;:&quot;0&quot;,&quot;shutter_speed&quot;:&quot;0&quot;,&quot;title&quot;:&quot;&quot;,&quot;orientation&quot;:&quot;1&quot;}\" data-image-title=\"Lotus-Eletre-hero-image_7\" data-image-description=\"\" data-image-caption=\"&lt;p&gt;Lotus Eletre (kilde: Lotus)&lt;\/p&gt;\n\" data-large-file=\"https:\/\/i0.wp.com\/terjebjornstad.com\/no\/wp-content\/uploads\/2023\/01\/Lotus-Eletre-hero-image_7.jpg?fit=980%2C551&amp;ssl=1\" src=\"https:\/\/i0.wp.com\/terjebjornstad.com\/no\/wp-content\/uploads\/2023\/01\/Lotus-Eletre-hero-image_7.jpg?resize=980%2C551&#038;ssl=1\" alt=\"\" width=\"980\" height=\"551\" class=\"size-full wp-image-55941\" srcset=\"https:\/\/i0.wp.com\/terjebjornstad.com\/no\/wp-content\/uploads\/2023\/01\/Lotus-Eletre-hero-image_7.jpg?w=1024&amp;ssl=1 1024w, https:\/\/i0.wp.com\/terjebjornstad.com\/no\/wp-content\/uploads\/2023\/01\/Lotus-Eletre-hero-image_7.jpg?resize=300%2C169&amp;ssl=1 300w, https:\/\/i0.wp.com\/terjebjornstad.com\/no\/wp-content\/uploads\/2023\/01\/Lotus-Eletre-hero-image_7.jpg?resize=768%2C432&amp;ssl=1 768w, https:\/\/i0.wp.com\/terjebjornstad.com\/no\/wp-content\/uploads\/2023\/01\/Lotus-Eletre-hero-image_7.jpg?resize=690%2C388&amp;ssl=1 690w, https:\/\/i0.wp.com\/terjebjornstad.com\/no\/wp-content\/uploads\/2023\/01\/Lotus-Eletre-hero-image_7.jpg?resize=980%2C551&amp;ssl=1 980w\" sizes=\"auto, (max-width: 980px) 100vw, 980px\" \/><\/a><figcaption id=\"caption-attachment-55941\" class=\"wp-caption-text\">Lotus Eletre (kilde: Lotus)<\/figcaption><\/figure>\n<h3 class=\"tebh2\">Lotus Eletre<\/h3>\n<p>I 2017 kj\u00f8pte kinesiske Geely Holding 51% i Lotus Cars. De har senere kj\u00f8pt seg opp i selskapet. Mens sportsbilene til Lotus fremdeles produseres i England, kommer Eletre fra en supermoderne ny fabrikk i Wuhan, Kina. Det SUV-aktige designet er skapt og utformet i England. Jeg vil ogs\u00e5 tro at engelskmennene har v\u00e6rt delaktig i \u00e5 konstruere understell med mer. Elbil-konseptet er basert p\u00e5 dual motor og 4-hjulstrekk. Rekkevidden er oppgitt til 600 km (WLTP), toppfarten til 260 km\/t, og 0-100 p\u00e5 2,95 sekunder. Standard skal bilene komme utstyrt med selvkj\u00f8rende funksjoner. De f\u00e5r b\u00e5de LIDAR, radar, kameraer og programvare for dette form\u00e5let. Prismessig starter Eletre Standard p\u00e5 NOK 897 990. P\u00e5 Lotus&#8217; sine <a href=\"https:\/\/www.lotuscars.com\/nb-NO\" target=\"_blank\" rel=\"noopener\"><strong>hjemmesider<\/strong><\/a> kan man konfigurere og velge hvilket kvartal man \u00f8nsker \u00e5 f\u00e5 bilen levert.<\/p>\n<h3 class=\"tebh2\">Bli en av de f\u00f8rste?<\/h3>\n<p><em>&#8211; &laquo;Bli en av de f\u00f8rste til \u00e5 kj\u00f8re Eletre&raquo;<\/em>, lokker Lotus. Jeg tenker med skepsis p\u00e5 \u00e5 v\u00e6re f\u00f8rstemann til \u00e5 kj\u00f8pe en helt ny modell fra en helt ny bilfabrikk i Kina. Men i dagens raske skifte i bilparken er ikke Lotus Eletre mer usikkert enn mange andre, nye bilmerker og modeller som dukker opp. Det er lett \u00e5 like Lotus. Eletre har enn\u00e5 ikke ankommet Oslo, men av de to modellene ville jeg heller \u00f8nsket \u00e5 hatt en Lotus Emira i garasjen min fremfor Eletre, &#8211; til tross for at jeg da <em>ikke<\/em> f\u00e5r verken bagasjerom p\u00e5 688 liter eller tilhengerfeste \ud83d\ude42<\/p>\n\n<figure id=\"attachment_55932\" aria-describedby=\"caption-attachment-55932\" style=\"width: 1080px\" class=\"wp-caption aligncenter\"><a href=\"https:\/\/i0.wp.com\/terjebjornstad.com\/no\/wp-content\/uploads\/2023\/01\/2011-lotus-evora-35-1080x720-2.jpg?ssl=1\"><img data-recalc-dims=\"1\" loading=\"lazy\" decoding=\"async\" data-attachment-id=\"55932\" data-permalink=\"https:\/\/terjebjornstad.com\/no\/lotus-evora\/2011-lotus-evora-35-1080x720-2\/\" data-orig-file=\"https:\/\/i0.wp.com\/terjebjornstad.com\/no\/wp-content\/uploads\/2023\/01\/2011-lotus-evora-35-1080x720-2.jpg?fit=1080%2C720&amp;ssl=1\" data-orig-size=\"1080,720\" data-comments-opened=\"1\" data-image-meta=\"{&quot;aperture&quot;:&quot;0&quot;,&quot;credit&quot;:&quot;&quot;,&quot;camera&quot;:&quot;&quot;,&quot;caption&quot;:&quot;&quot;,&quot;created_timestamp&quot;:&quot;0&quot;,&quot;copyright&quot;:&quot;&quot;,&quot;focal_length&quot;:&quot;0&quot;,&quot;iso&quot;:&quot;0&quot;,&quot;shutter_speed&quot;:&quot;0&quot;,&quot;title&quot;:&quot;&quot;,&quot;orientation&quot;:&quot;0&quot;}\" data-image-title=\"2011-lotus-evora-35-1080&amp;#215;720-2\" data-image-description=\"\" data-image-caption=\"&lt;p&gt;Lotus Evora&lt;\/p&gt;\n\" data-large-file=\"https:\/\/i0.wp.com\/terjebjornstad.com\/no\/wp-content\/uploads\/2023\/01\/2011-lotus-evora-35-1080x720-2.jpg?fit=980%2C653&amp;ssl=1\" src=\"https:\/\/i0.wp.com\/terjebjornstad.com\/no\/wp-content\/uploads\/2023\/01\/2011-lotus-evora-35-1080x720-2.jpg?resize=980%2C653&#038;ssl=1\" alt=\"\" width=\"980\" height=\"653\" class=\"size-full wp-image-55932\" srcset=\"https:\/\/i0.wp.com\/terjebjornstad.com\/no\/wp-content\/uploads\/2023\/01\/2011-lotus-evora-35-1080x720-2.jpg?w=1080&amp;ssl=1 1080w, https:\/\/i0.wp.com\/terjebjornstad.com\/no\/wp-content\/uploads\/2023\/01\/2011-lotus-evora-35-1080x720-2.jpg?resize=300%2C200&amp;ssl=1 300w, https:\/\/i0.wp.com\/terjebjornstad.com\/no\/wp-content\/uploads\/2023\/01\/2011-lotus-evora-35-1080x720-2.jpg?resize=768%2C512&amp;ssl=1 768w, https:\/\/i0.wp.com\/terjebjornstad.com\/no\/wp-content\/uploads\/2023\/01\/2011-lotus-evora-35-1080x720-2.jpg?resize=690%2C460&amp;ssl=1 690w, https:\/\/i0.wp.com\/terjebjornstad.com\/no\/wp-content\/uploads\/2023\/01\/2011-lotus-evora-35-1080x720-2.jpg?resize=980%2C653&amp;ssl=1 980w\" sizes=\"auto, (max-width: 980px) 100vw, 980px\" \/><\/a><figcaption id=\"caption-attachment-55932\" class=\"wp-caption-text\">Lotus Evora<\/figcaption><\/figure>\n<h3 class=\"tebh2\">Se ogs\u00e5<\/h3>\n<p><figure id=\"attachment_21444\" aria-describedby=\"caption-attachment-21444\" style=\"width: 150px\" class=\"wp-caption alignleft\"><a href=\"https:\/\/terjebjornstad.com\/no\/porsche-718-cayman\/\"><img data-recalc-dims=\"1\" loading=\"lazy\" decoding=\"async\" data-attachment-id=\"21444\" data-permalink=\"https:\/\/terjebjornstad.com\/no\/porsche-718-cayman\/porsche-718-cayman-1080x720\/\" data-orig-file=\"https:\/\/i0.wp.com\/terjebjornstad.com\/no\/wp-content\/uploads\/2019\/01\/porsche-718-cayman-1080x720.png?fit=1080%2C720&amp;ssl=1\" data-orig-size=\"1080,720\" data-comments-opened=\"1\" data-image-meta=\"{&quot;aperture&quot;:&quot;0&quot;,&quot;credit&quot;:&quot;&quot;,&quot;camera&quot;:&quot;&quot;,&quot;caption&quot;:&quot;&quot;,&quot;created_timestamp&quot;:&quot;0&quot;,&quot;copyright&quot;:&quot;&quot;,&quot;focal_length&quot;:&quot;0&quot;,&quot;iso&quot;:&quot;0&quot;,&quot;shutter_speed&quot;:&quot;0&quot;,&quot;title&quot;:&quot;&quot;,&quot;orientation&quot;:&quot;0&quot;}\" data-image-title=\"porsche-718-cayman-1080&amp;#215;720\" data-image-description=\"\" data-image-caption=\"&lt;p&gt;Porsche 982&lt;\/p&gt;\n\" data-large-file=\"https:\/\/i0.wp.com\/terjebjornstad.com\/no\/wp-content\/uploads\/2019\/01\/porsche-718-cayman-1080x720.png?fit=980%2C653&amp;ssl=1\" src=\"https:\/\/i0.wp.com\/terjebjornstad.com\/no\/wp-content\/uploads\/2019\/01\/porsche-718-cayman-1080x720.png?resize=150%2C150&#038;ssl=1\" alt=\"emira\" width=\"150\" height=\"150\" class=\"size-thumbnail wp-image-21444\" srcset=\"https:\/\/i0.wp.com\/terjebjornstad.com\/no\/wp-content\/uploads\/2019\/01\/porsche-718-cayman-1080x720.png?resize=150%2C150&amp;ssl=1 150w, https:\/\/i0.wp.com\/terjebjornstad.com\/no\/wp-content\/uploads\/2019\/01\/porsche-718-cayman-1080x720.png?resize=50%2C50&amp;ssl=1 50w, https:\/\/i0.wp.com\/terjebjornstad.com\/no\/wp-content\/uploads\/2019\/01\/porsche-718-cayman-1080x720.png?zoom=2&amp;resize=150%2C150&amp;ssl=1 300w, https:\/\/i0.wp.com\/terjebjornstad.com\/no\/wp-content\/uploads\/2019\/01\/porsche-718-cayman-1080x720.png?zoom=3&amp;resize=150%2C150&amp;ssl=1 450w\" sizes=\"auto, (max-width: 150px) 100vw, 150px\" \/><\/a><figcaption id=\"caption-attachment-21444\" class=\"wp-caption-text\">Porsche 718<\/figcaption><\/figure><figure id=\"attachment_4364\" aria-describedby=\"caption-attachment-4364\" style=\"width: 150px\" class=\"wp-caption alignleft\"><a href=\"https:\/\/terjebjornstad.com\/no\/1996-lotus-elise\/\"><img data-recalc-dims=\"1\" loading=\"lazy\" decoding=\"async\" data-attachment-id=\"4364\" data-permalink=\"https:\/\/terjebjornstad.com\/no\/2016\/05\/09\/varmonstring-av-sportsbiler\/lotus-elise-11\/\" data-orig-file=\"https:\/\/i0.wp.com\/terjebjornstad.com\/no\/wp-content\/uploads\/2016\/05\/lotus-elise-11.png?fit=686%2C457&amp;ssl=1\" data-orig-size=\"686,457\" data-comments-opened=\"1\" data-image-meta=\"{&quot;aperture&quot;:&quot;0&quot;,&quot;credit&quot;:&quot;&quot;,&quot;camera&quot;:&quot;&quot;,&quot;caption&quot;:&quot;&quot;,&quot;created_timestamp&quot;:&quot;0&quot;,&quot;copyright&quot;:&quot;&quot;,&quot;focal_length&quot;:&quot;0&quot;,&quot;iso&quot;:&quot;0&quot;,&quot;shutter_speed&quot;:&quot;0&quot;,&quot;title&quot;:&quot;&quot;,&quot;orientation&quot;:&quot;0&quot;}\" data-image-title=\"lotus-elise-11\" data-image-description=\"\" data-image-caption=\"&lt;p&gt;Lotus Elise&lt;\/p&gt;\n\" data-large-file=\"https:\/\/i0.wp.com\/terjebjornstad.com\/no\/wp-content\/uploads\/2016\/05\/lotus-elise-11.png?fit=686%2C457&amp;ssl=1\" src=\"https:\/\/i0.wp.com\/terjebjornstad.com\/no\/wp-content\/uploads\/2016\/05\/lotus-elise-11.png?resize=150%2C150&#038;ssl=1\" alt=\"emira\" width=\"150\" height=\"150\" class=\"size-thumbnail wp-image-4364\" srcset=\"https:\/\/i0.wp.com\/terjebjornstad.com\/no\/wp-content\/uploads\/2016\/05\/lotus-elise-11.png?resize=150%2C150&amp;ssl=1 150w, https:\/\/i0.wp.com\/terjebjornstad.com\/no\/wp-content\/uploads\/2016\/05\/lotus-elise-11.png?resize=50%2C50&amp;ssl=1 50w, https:\/\/i0.wp.com\/terjebjornstad.com\/no\/wp-content\/uploads\/2016\/05\/lotus-elise-11.png?zoom=2&amp;resize=150%2C150&amp;ssl=1 300w, https:\/\/i0.wp.com\/terjebjornstad.com\/no\/wp-content\/uploads\/2016\/05\/lotus-elise-11.png?zoom=3&amp;resize=150%2C150&amp;ssl=1 450w\" sizes=\"auto, (max-width: 150px) 100vw, 150px\" \/><\/a><figcaption id=\"caption-attachment-4364\" class=\"wp-caption-text\">Lotus Elise<\/figcaption><\/figure><figure id=\"attachment_54550\" aria-describedby=\"caption-attachment-54550\" style=\"width: 150px\" class=\"wp-caption alignleft\"><a href=\"https:\/\/terjebjornstad.com\/no\/2022\/12\/04\/tesla-fjerner-avstandssensorer-lidar\/\"><img data-recalc-dims=\"1\" loading=\"lazy\" decoding=\"async\" data-attachment-id=\"54550\" data-permalink=\"https:\/\/terjebjornstad.com\/no\/2022\/12\/04\/tesla-fjerner-avstandssensorer-lidar\/tesla-uss-1280-720\/\" data-orig-file=\"https:\/\/i0.wp.com\/terjebjornstad.com\/no\/wp-content\/uploads\/2022\/12\/tesla-uss-1280-720.jpg?fit=1280%2C720&amp;ssl=1\" data-orig-size=\"1280,720\" data-comments-opened=\"1\" data-image-meta=\"{&quot;aperture&quot;:&quot;0&quot;,&quot;credit&quot;:&quot;&quot;,&quot;camera&quot;:&quot;&quot;,&quot;caption&quot;:&quot;&quot;,&quot;created_timestamp&quot;:&quot;0&quot;,&quot;copyright&quot;:&quot;&quot;,&quot;focal_length&quot;:&quot;0&quot;,&quot;iso&quot;:&quot;0&quot;,&quot;shutter_speed&quot;:&quot;0&quot;,&quot;title&quot;:&quot;&quot;,&quot;orientation&quot;:&quot;0&quot;}\" data-image-title=\"tesla-uss&amp;#8211;1280-720\" data-image-description=\"\" data-image-caption=\"&lt;p&gt;Tesla fjerner avstandssensorer&lt;\/p&gt;\n\" data-large-file=\"https:\/\/i0.wp.com\/terjebjornstad.com\/no\/wp-content\/uploads\/2022\/12\/tesla-uss-1280-720.jpg?fit=980%2C552&amp;ssl=1\" src=\"https:\/\/i0.wp.com\/terjebjornstad.com\/no\/wp-content\/uploads\/2022\/12\/tesla-uss-1280-720.jpg?resize=150%2C150&#038;ssl=1\" alt=\"\" width=\"150\" height=\"150\" class=\"size-thumbnail wp-image-54550\" srcset=\"https:\/\/i0.wp.com\/terjebjornstad.com\/no\/wp-content\/uploads\/2022\/12\/tesla-uss-1280-720.jpg?resize=150%2C150&amp;ssl=1 150w, https:\/\/i0.wp.com\/terjebjornstad.com\/no\/wp-content\/uploads\/2022\/12\/tesla-uss-1280-720.jpg?resize=50%2C50&amp;ssl=1 50w, https:\/\/i0.wp.com\/terjebjornstad.com\/no\/wp-content\/uploads\/2022\/12\/tesla-uss-1280-720.jpg?zoom=2&amp;resize=150%2C150&amp;ssl=1 300w, https:\/\/i0.wp.com\/terjebjornstad.com\/no\/wp-content\/uploads\/2022\/12\/tesla-uss-1280-720.jpg?zoom=3&amp;resize=150%2C150&amp;ssl=1 450w\" sizes=\"auto, (max-width: 150px) 100vw, 150px\" \/><\/a><figcaption id=\"caption-attachment-54550\" class=\"wp-caption-text\">Tesla fjerner avstandssensorer<\/figcaption><\/figure><\/p>\n\n<p><a href=\"https:\/\/www.lotuscars.com\/nb-NO\" target=\"_blank\" rel=\"noopener\"><strong>Lotus Car hjemmesider<\/strong><\/a><\/p>\n<p><a href=\"https:\/\/paultan.org\/2022\/04\/08\/lotus-emira-previewed-in-malaysia-fully-loaded-first-edition-400-hp-rm1-13m-pen-msia-rm457k-duty-free\/\" target=\"_blank\" rel=\"noopener\"><strong>Lotus Emira forh\u00e5ndsvisning i Malaysia (2022 Payltan.org)<\/strong><\/a><\/p>\n<p><a href=\"https:\/\/emobilcar.com\/news\/first-all-electric-lotus-eletre-suv-rolled-assembly-line\" target=\"_blank\" rel=\"noopener\"><strong>First all-electric Lotus Eletre suv rolled of assembly line (2022 emobilcar.com)<\/strong><\/a><\/p>\n<\/div>\n","protected":false,"gt_translate_keys":[{"key":"rendered","format":"html"}]},"excerpt":{"rendered":"<p>Lotus vekker positive assosiasjoner i alle bilmilj\u00f8er. Ikke bare har de bygget flotte sportsbiler &#8211; de har ogs\u00e5 hjulpet andre bilprodusenter med sin spesialkompetanse. N\u00e5 er Lotus Norges-aktuelle med 3 nye modeller &#8211; to av dem p\u00e5 str\u00f8m. Showroom p\u00e5 Steen &#038; Str\u00f8m Det var kona mi som oppdaget dem f\u00f8rst p\u00e5 Steen &#038; Str\u00f8m [&hellip;]<\/p>\n","protected":false,"gt_translate_keys":[{"key":"rendered","format":"html"}]},"author":1,"featured_media":55940,"comment_status":"open","ping_status":"open","sticky":false,"template":"","format":"standard","meta":{"_monsterinsights_skip_tracking":false,"_monsterinsights_sitenote_active":false,"_monsterinsights_sitenote_note":"","_monsterinsights_sitenote_category":0,"jetpack_post_was_ever_published":false,"_jetpack_newsletter_access":"","_jetpack_dont_email_post_to_subs":false,"_jetpack_newsletter_tier_id":0,"_jetpack_memberships_contains_paywalled_content":false,"_jetpack_memberships_contains_paid_content":false,"footnotes":"","jetpack_publicize_message":"","jetpack_publicize_feature_enabled":true,"jetpack_social_post_already_shared":true,"jetpack_social_options":{"image_generator_settings":{"template":"highway","default_image_id":0,"font":"","enabled":false},"version":2}},"categories":[34,4531,4532],"tags":[4536,4534,4537,4535,4533],"class_list":["post-55939","post","type-post","status-publish","format-standard","has-post-thumbnail","hentry","category-artikkel","category-eletre-lotus","category-emira","tag-eletre","tag-emira","tag-hvor-produseres-eletre","tag-lotus-eletre","tag-lotus-emira"],"yoast_head":"<!-- This site is optimized with the Yoast SEO plugin v27.5 - https:\/\/yoast.com\/product\/yoast-seo-wordpress\/ -->\n<title>Lotus inntar byen - Terjes biler - Emira og Eletre i Oslo<\/title>\n<meta name=\"description\" content=\"Lotus Emira og Eletre er to modeller som kommer til Lotus&#039; nye showroom i varemagasinet Steen &amp; Str\u00f8m i Oslo sentrum.\" \/>\n<meta name=\"robots\" content=\"index, follow, max-snippet:-1, max-image-preview:large, max-video-preview:-1\" \/>\n<link rel=\"canonical\" href=\"https:\/\/terjebjornstad.com\/no\/2023\/01\/11\/lotus-inntar-byen\/\" \/>\n<meta property=\"og:locale\" content=\"nb_NO\" \/>\n<meta property=\"og:type\" content=\"article\" \/>\n<meta property=\"og:title\" content=\"Lotus inntar byen - Terjes biler - Emira og Eletre i Oslo\" \/>\n<meta property=\"og:description\" content=\"Lotus Emira og Eletre er to modeller som kommer til Lotus&#039; nye showroom i varemagasinet Steen &amp; Str\u00f8m i Oslo sentrum.\" \/>\n<meta property=\"og:url\" content=\"https:\/\/terjebjornstad.com\/no\/2023\/01\/11\/lotus-inntar-byen\/\" \/>\n<meta property=\"og:site_name\" content=\"Terjes biler\" \/>\n<meta property=\"article:publisher\" content=\"https:\/\/www.facebook.com\/terjesbiler\/\" \/>\n<meta property=\"article:author\" content=\"https:\/\/www.facebook.com\/terjesbiler\" \/>\n<meta property=\"article:published_time\" content=\"2023-01-11T02:03:13+00:00\" \/>\n<meta property=\"article:modified_time\" content=\"2026-03-02T09:57:19+00:00\" \/>\n<meta property=\"og:image\" content=\"https:\/\/terjebjornstad.com\/no\/wp-content\/uploads\/2023\/01\/2023-lotus-emira-1280x1280-1.jpg\" \/>\n\t<meta property=\"og:image:width\" content=\"1280\" \/>\n\t<meta property=\"og:image:height\" content=\"1280\" \/>\n\t<meta property=\"og:image:type\" content=\"image\/jpeg\" \/>\n<meta name=\"author\" content=\"Terje Bj\u00f8rnstad\" \/>\n<meta name=\"twitter:card\" content=\"summary_large_image\" \/>\n<meta name=\"twitter:label1\" content=\"Skrevet av\" \/>\n\t<meta name=\"twitter:data1\" content=\"Terje Bj\u00f8rnstad\" \/>\n\t<meta name=\"twitter:label2\" content=\"Ansl. lesetid\" \/>\n\t<meta name=\"twitter:data2\" content=\"5 minutter\" \/>\n<script type=\"application\/ld+json\" class=\"yoast-schema-graph\">{\"@context\":\"https:\\\/\\\/schema.org\",\"@graph\":[{\"@type\":\"Article\",\"@id\":\"https:\\\/\\\/terjebjornstad.com\\\/no\\\/2023\\\/01\\\/11\\\/lotus-inntar-byen\\\/#article\",\"isPartOf\":{\"@id\":\"https:\\\/\\\/terjebjornstad.com\\\/no\\\/2023\\\/01\\\/11\\\/lotus-inntar-byen\\\/\"},\"author\":{\"name\":\"Terje Bj\u00f8rnstad\",\"@id\":\"https:\\\/\\\/terjebjornstad.com\\\/no\\\/#\\\/schema\\\/person\\\/a281f6a6e0f3cc9fe468e7f0c655aa65\"},\"headline\":\"Lotus inntar byen\",\"datePublished\":\"2023-01-11T02:03:13+00:00\",\"dateModified\":\"2026-03-02T09:57:19+00:00\",\"mainEntityOfPage\":{\"@id\":\"https:\\\/\\\/terjebjornstad.com\\\/no\\\/2023\\\/01\\\/11\\\/lotus-inntar-byen\\\/\"},\"wordCount\":717,\"commentCount\":0,\"publisher\":{\"@id\":\"https:\\\/\\\/terjebjornstad.com\\\/no\\\/#organization\"},\"image\":{\"@id\":\"https:\\\/\\\/terjebjornstad.com\\\/no\\\/2023\\\/01\\\/11\\\/lotus-inntar-byen\\\/#primaryimage\"},\"thumbnailUrl\":\"https:\\\/\\\/i0.wp.com\\\/terjebjornstad.com\\\/no\\\/wp-content\\\/uploads\\\/2023\\\/01\\\/2023-lotus-emira-1280x1280-1.jpg?fit=1280%2C1280&ssl=1\",\"keywords\":[\"Eletre\",\"Emira\",\"Hvor produseres Eletre\",\"Lotus eletre\",\"Lotus Emira\"],\"articleSection\":[\"Artikkel\",\"Eletre\",\"Emira\"],\"inLanguage\":\"nb-NO\",\"potentialAction\":[{\"@type\":\"CommentAction\",\"name\":\"Comment\",\"target\":[\"https:\\\/\\\/terjebjornstad.com\\\/no\\\/2023\\\/01\\\/11\\\/lotus-inntar-byen\\\/#respond\"]}]},{\"@type\":\"WebPage\",\"@id\":\"https:\\\/\\\/terjebjornstad.com\\\/no\\\/2023\\\/01\\\/11\\\/lotus-inntar-byen\\\/\",\"url\":\"https:\\\/\\\/terjebjornstad.com\\\/no\\\/2023\\\/01\\\/11\\\/lotus-inntar-byen\\\/\",\"name\":\"Lotus inntar byen - Terjes biler - Emira og Eletre i Oslo\",\"isPartOf\":{\"@id\":\"https:\\\/\\\/terjebjornstad.com\\\/no\\\/#website\"},\"primaryImageOfPage\":{\"@id\":\"https:\\\/\\\/terjebjornstad.com\\\/no\\\/2023\\\/01\\\/11\\\/lotus-inntar-byen\\\/#primaryimage\"},\"image\":{\"@id\":\"https:\\\/\\\/terjebjornstad.com\\\/no\\\/2023\\\/01\\\/11\\\/lotus-inntar-byen\\\/#primaryimage\"},\"thumbnailUrl\":\"https:\\\/\\\/i0.wp.com\\\/terjebjornstad.com\\\/no\\\/wp-content\\\/uploads\\\/2023\\\/01\\\/2023-lotus-emira-1280x1280-1.jpg?fit=1280%2C1280&ssl=1\",\"datePublished\":\"2023-01-11T02:03:13+00:00\",\"dateModified\":\"2026-03-02T09:57:19+00:00\",\"description\":\"Lotus Emira og Eletre er to modeller som kommer til Lotus' nye showroom i varemagasinet Steen & Str\u00f8m i Oslo sentrum.\",\"breadcrumb\":{\"@id\":\"https:\\\/\\\/terjebjornstad.com\\\/no\\\/2023\\\/01\\\/11\\\/lotus-inntar-byen\\\/#breadcrumb\"},\"inLanguage\":\"nb-NO\",\"potentialAction\":[{\"@type\":\"ReadAction\",\"target\":[\"https:\\\/\\\/terjebjornstad.com\\\/no\\\/2023\\\/01\\\/11\\\/lotus-inntar-byen\\\/\"]}]},{\"@type\":\"ImageObject\",\"inLanguage\":\"nb-NO\",\"@id\":\"https:\\\/\\\/terjebjornstad.com\\\/no\\\/2023\\\/01\\\/11\\\/lotus-inntar-byen\\\/#primaryimage\",\"url\":\"https:\\\/\\\/i0.wp.com\\\/terjebjornstad.com\\\/no\\\/wp-content\\\/uploads\\\/2023\\\/01\\\/2023-lotus-emira-1280x1280-1.jpg?fit=1280%2C1280&ssl=1\",\"contentUrl\":\"https:\\\/\\\/i0.wp.com\\\/terjebjornstad.com\\\/no\\\/wp-content\\\/uploads\\\/2023\\\/01\\\/2023-lotus-emira-1280x1280-1.jpg?fit=1280%2C1280&ssl=1\",\"width\":1280,\"height\":1280,\"caption\":\"Lotus inntar byenLotus etablerer et showroom i Oslo. Her er et glimt fra \u00e9n av nyhetene - Lotus Emira.\"},{\"@type\":\"BreadcrumbList\",\"@id\":\"https:\\\/\\\/terjebjornstad.com\\\/no\\\/2023\\\/01\\\/11\\\/lotus-inntar-byen\\\/#breadcrumb\",\"itemListElement\":[{\"@type\":\"ListItem\",\"position\":1,\"name\":\"Hjem\",\"item\":\"https:\\\/\\\/terjebjornstad.com\\\/no\\\/\"},{\"@type\":\"ListItem\",\"position\":2,\"name\":\"Lotus inntar byen\"}]},{\"@type\":\"WebSite\",\"@id\":\"https:\\\/\\\/terjebjornstad.com\\\/no\\\/#website\",\"url\":\"https:\\\/\\\/terjebjornstad.com\\\/no\\\/\",\"name\":\"Terjes biler\",\"description\":\"HONEST ABOUT CARS\",\"publisher\":{\"@id\":\"https:\\\/\\\/terjebjornstad.com\\\/no\\\/#organization\"},\"alternateName\":\"Terjebjornstad.com\",\"potentialAction\":[{\"@type\":\"SearchAction\",\"target\":{\"@type\":\"EntryPoint\",\"urlTemplate\":\"https:\\\/\\\/terjebjornstad.com\\\/no\\\/?s={search_term_string}\"},\"query-input\":{\"@type\":\"PropertyValueSpecification\",\"valueRequired\":true,\"valueName\":\"search_term_string\"}}],\"inLanguage\":\"nb-NO\"},{\"@type\":\"Organization\",\"@id\":\"https:\\\/\\\/terjebjornstad.com\\\/no\\\/#organization\",\"name\":\"Terje Bj\u00f8rnstad ENK\",\"url\":\"https:\\\/\\\/terjebjornstad.com\\\/no\\\/\",\"logo\":{\"@type\":\"ImageObject\",\"inLanguage\":\"nb-NO\",\"@id\":\"https:\\\/\\\/terjebjornstad.com\\\/no\\\/#\\\/schema\\\/logo\\\/image\\\/\",\"url\":\"https:\\\/\\\/i0.wp.com\\\/terjebjornstad.com\\\/no\\\/wp-content\\\/uploads\\\/2026\\\/02\\\/terjesbiler2024-960x354-1.png?fit=960%2C354&ssl=1\",\"contentUrl\":\"https:\\\/\\\/i0.wp.com\\\/terjebjornstad.com\\\/no\\\/wp-content\\\/uploads\\\/2026\\\/02\\\/terjesbiler2024-960x354-1.png?fit=960%2C354&ssl=1\",\"width\":960,\"height\":354,\"caption\":\"Terje Bj\u00f8rnstad ENK\"},\"image\":{\"@id\":\"https:\\\/\\\/terjebjornstad.com\\\/no\\\/#\\\/schema\\\/logo\\\/image\\\/\"},\"sameAs\":[\"https:\\\/\\\/www.facebook.com\\\/terjesbiler\\\/\",\"https:\\\/\\\/www.instagram.com\\\/terjesbiler\\\/\",\"https:\\\/\\\/www.pinteres.com\\\/terjebjrnstad\\\/terjes-biler\\\/\"]},{\"@type\":\"Person\",\"@id\":\"https:\\\/\\\/terjebjornstad.com\\\/no\\\/#\\\/schema\\\/person\\\/a281f6a6e0f3cc9fe468e7f0c655aa65\",\"name\":\"Terje Bj\u00f8rnstad\",\"image\":{\"@type\":\"ImageObject\",\"inLanguage\":\"nb-NO\",\"@id\":\"https:\\\/\\\/secure.gravatar.com\\\/avatar\\\/e8dff505b51cf6cb67ae06a06022d2049aac2da1e79dc146a36b58798c4b40ea?s=96&d=mm&r=g\",\"url\":\"https:\\\/\\\/secure.gravatar.com\\\/avatar\\\/e8dff505b51cf6cb67ae06a06022d2049aac2da1e79dc146a36b58798c4b40ea?s=96&d=mm&r=g\",\"contentUrl\":\"https:\\\/\\\/secure.gravatar.com\\\/avatar\\\/e8dff505b51cf6cb67ae06a06022d2049aac2da1e79dc146a36b58798c4b40ea?s=96&d=mm&r=g\",\"caption\":\"Terje Bj\u00f8rnstad\"},\"description\":\"Terje Bj\u00f8rnstad. Bloggadministrator, hobbyfotograf og bilnerd.\",\"sameAs\":[\"https:\\\/\\\/www.facebook.com\\\/terjesbiler\",\"https:\\\/\\\/www.instagram.com\\\/terjesbiler\",\"https:\\\/\\\/no.pinterest.com\\\/terjebjrnstad\",\"https:\\\/\\\/www.youtube.com\\\/channel\\\/UCzCKJJDybyIgKqatc_JQqIg\"]}]}<\/script>\n<!-- \/ Yoast SEO plugin. -->","yoast_head_json":{"title":"Lotus inntar byen - Terjes biler - Emira og Eletre i Oslo","description":"Lotus Emira og Eletre er to modeller som kommer til Lotus' nye showroom i varemagasinet Steen & Str\u00f8m i Oslo sentrum.","robots":{"index":"index","follow":"follow","max-snippet":"max-snippet:-1","max-image-preview":"max-image-preview:large","max-video-preview":"max-video-preview:-1"},"canonical":"https:\/\/terjebjornstad.com\/no\/2023\/01\/11\/lotus-inntar-byen\/","og_locale":"nb_NO","og_type":"article","og_title":"Lotus inntar byen - Terjes biler - Emira og Eletre i Oslo","og_description":"Lotus Emira og Eletre er to modeller som kommer til Lotus' nye showroom i varemagasinet Steen & Str\u00f8m i Oslo sentrum.","og_url":"https:\/\/terjebjornstad.com\/no\/2023\/01\/11\/lotus-inntar-byen\/","og_site_name":"Terjes biler","article_publisher":"https:\/\/www.facebook.com\/terjesbiler\/","article_author":"https:\/\/www.facebook.com\/terjesbiler","article_published_time":"2023-01-11T02:03:13+00:00","article_modified_time":"2026-03-02T09:57:19+00:00","og_image":[{"width":1280,"height":1280,"url":"https:\/\/terjebjornstad.com\/no\/wp-content\/uploads\/2023\/01\/2023-lotus-emira-1280x1280-1.jpg","type":"image\/jpeg"}],"author":"Terje Bj\u00f8rnstad","twitter_card":"summary_large_image","twitter_misc":{"Skrevet av":"Terje Bj\u00f8rnstad","Ansl. lesetid":"5 minutter"},"schema":{"@context":"https:\/\/schema.org","@graph":[{"@type":"Article","@id":"https:\/\/terjebjornstad.com\/no\/2023\/01\/11\/lotus-inntar-byen\/#article","isPartOf":{"@id":"https:\/\/terjebjornstad.com\/no\/2023\/01\/11\/lotus-inntar-byen\/"},"author":{"name":"Terje Bj\u00f8rnstad","@id":"https:\/\/terjebjornstad.com\/no\/#\/schema\/person\/a281f6a6e0f3cc9fe468e7f0c655aa65"},"headline":"Lotus inntar byen","datePublished":"2023-01-11T02:03:13+00:00","dateModified":"2026-03-02T09:57:19+00:00","mainEntityOfPage":{"@id":"https:\/\/terjebjornstad.com\/no\/2023\/01\/11\/lotus-inntar-byen\/"},"wordCount":717,"commentCount":0,"publisher":{"@id":"https:\/\/terjebjornstad.com\/no\/#organization"},"image":{"@id":"https:\/\/terjebjornstad.com\/no\/2023\/01\/11\/lotus-inntar-byen\/#primaryimage"},"thumbnailUrl":"https:\/\/i0.wp.com\/terjebjornstad.com\/no\/wp-content\/uploads\/2023\/01\/2023-lotus-emira-1280x1280-1.jpg?fit=1280%2C1280&ssl=1","keywords":["Eletre","Emira","Hvor produseres Eletre","Lotus eletre","Lotus Emira"],"articleSection":["Artikkel","Eletre","Emira"],"inLanguage":"nb-NO","potentialAction":[{"@type":"CommentAction","name":"Comment","target":["https:\/\/terjebjornstad.com\/no\/2023\/01\/11\/lotus-inntar-byen\/#respond"]}]},{"@type":"WebPage","@id":"https:\/\/terjebjornstad.com\/no\/2023\/01\/11\/lotus-inntar-byen\/","url":"https:\/\/terjebjornstad.com\/no\/2023\/01\/11\/lotus-inntar-byen\/","name":"Lotus inntar byen - Terjes biler - Emira og Eletre i Oslo","isPartOf":{"@id":"https:\/\/terjebjornstad.com\/no\/#website"},"primaryImageOfPage":{"@id":"https:\/\/terjebjornstad.com\/no\/2023\/01\/11\/lotus-inntar-byen\/#primaryimage"},"image":{"@id":"https:\/\/terjebjornstad.com\/no\/2023\/01\/11\/lotus-inntar-byen\/#primaryimage"},"thumbnailUrl":"https:\/\/i0.wp.com\/terjebjornstad.com\/no\/wp-content\/uploads\/2023\/01\/2023-lotus-emira-1280x1280-1.jpg?fit=1280%2C1280&ssl=1","datePublished":"2023-01-11T02:03:13+00:00","dateModified":"2026-03-02T09:57:19+00:00","description":"Lotus Emira og Eletre er to modeller som kommer til Lotus' nye showroom i varemagasinet Steen & Str\u00f8m i Oslo sentrum.","breadcrumb":{"@id":"https:\/\/terjebjornstad.com\/no\/2023\/01\/11\/lotus-inntar-byen\/#breadcrumb"},"inLanguage":"nb-NO","potentialAction":[{"@type":"ReadAction","target":["https:\/\/terjebjornstad.com\/no\/2023\/01\/11\/lotus-inntar-byen\/"]}]},{"@type":"ImageObject","inLanguage":"nb-NO","@id":"https:\/\/terjebjornstad.com\/no\/2023\/01\/11\/lotus-inntar-byen\/#primaryimage","url":"https:\/\/i0.wp.com\/terjebjornstad.com\/no\/wp-content\/uploads\/2023\/01\/2023-lotus-emira-1280x1280-1.jpg?fit=1280%2C1280&ssl=1","contentUrl":"https:\/\/i0.wp.com\/terjebjornstad.com\/no\/wp-content\/uploads\/2023\/01\/2023-lotus-emira-1280x1280-1.jpg?fit=1280%2C1280&ssl=1","width":1280,"height":1280,"caption":"Lotus inntar byenLotus etablerer et showroom i Oslo. Her er et glimt fra \u00e9n av nyhetene - Lotus Emira."},{"@type":"BreadcrumbList","@id":"https:\/\/terjebjornstad.com\/no\/2023\/01\/11\/lotus-inntar-byen\/#breadcrumb","itemListElement":[{"@type":"ListItem","position":1,"name":"Hjem","item":"https:\/\/terjebjornstad.com\/no\/"},{"@type":"ListItem","position":2,"name":"Lotus inntar byen"}]},{"@type":"WebSite","@id":"https:\/\/terjebjornstad.com\/no\/#website","url":"https:\/\/terjebjornstad.com\/no\/","name":"Terjes biler","description":"HONEST ABOUT CARS","publisher":{"@id":"https:\/\/terjebjornstad.com\/no\/#organization"},"alternateName":"Terjebjornstad.com","potentialAction":[{"@type":"SearchAction","target":{"@type":"EntryPoint","urlTemplate":"https:\/\/terjebjornstad.com\/no\/?s={search_term_string}"},"query-input":{"@type":"PropertyValueSpecification","valueRequired":true,"valueName":"search_term_string"}}],"inLanguage":"nb-NO"},{"@type":"Organization","@id":"https:\/\/terjebjornstad.com\/no\/#organization","name":"Terje Bj\u00f8rnstad ENK","url":"https:\/\/terjebjornstad.com\/no\/","logo":{"@type":"ImageObject","inLanguage":"nb-NO","@id":"https:\/\/terjebjornstad.com\/no\/#\/schema\/logo\/image\/","url":"https:\/\/i0.wp.com\/terjebjornstad.com\/no\/wp-content\/uploads\/2026\/02\/terjesbiler2024-960x354-1.png?fit=960%2C354&ssl=1","contentUrl":"https:\/\/i0.wp.com\/terjebjornstad.com\/no\/wp-content\/uploads\/2026\/02\/terjesbiler2024-960x354-1.png?fit=960%2C354&ssl=1","width":960,"height":354,"caption":"Terje Bj\u00f8rnstad ENK"},"image":{"@id":"https:\/\/terjebjornstad.com\/no\/#\/schema\/logo\/image\/"},"sameAs":["https:\/\/www.facebook.com\/terjesbiler\/","https:\/\/www.instagram.com\/terjesbiler\/","https:\/\/www.pinteres.com\/terjebjrnstad\/terjes-biler\/"]},{"@type":"Person","@id":"https:\/\/terjebjornstad.com\/no\/#\/schema\/person\/a281f6a6e0f3cc9fe468e7f0c655aa65","name":"Terje Bj\u00f8rnstad","image":{"@type":"ImageObject","inLanguage":"nb-NO","@id":"https:\/\/secure.gravatar.com\/avatar\/e8dff505b51cf6cb67ae06a06022d2049aac2da1e79dc146a36b58798c4b40ea?s=96&d=mm&r=g","url":"https:\/\/secure.gravatar.com\/avatar\/e8dff505b51cf6cb67ae06a06022d2049aac2da1e79dc146a36b58798c4b40ea?s=96&d=mm&r=g","contentUrl":"https:\/\/secure.gravatar.com\/avatar\/e8dff505b51cf6cb67ae06a06022d2049aac2da1e79dc146a36b58798c4b40ea?s=96&d=mm&r=g","caption":"Terje Bj\u00f8rnstad"},"description":"Terje Bj\u00f8rnstad. Bloggadministrator, hobbyfotograf og bilnerd.","sameAs":["https:\/\/www.facebook.com\/terjesbiler","https:\/\/www.instagram.com\/terjesbiler","https:\/\/no.pinterest.com\/terjebjrnstad","https:\/\/www.youtube.com\/channel\/UCzCKJJDybyIgKqatc_JQqIg"]}]}},"jetpack_publicize_connections":[],"jetpack_featured_media_url":"https:\/\/i0.wp.com\/terjebjornstad.com\/no\/wp-content\/uploads\/2023\/01\/2023-lotus-emira-1280x1280-1.jpg?fit=1280%2C1280&ssl=1","jetpack_sharing_enabled":true,"jetpack_shortlink":"https:\/\/wp.me\/p48zYA-eyf","jetpack-related-posts":[{"id":69530,"url":"https:\/\/terjebjornstad.com\/no\/2024\/02\/10\/ecarexpo-2024\/","url_meta":{"origin":55939,"position":0},"title":"eCarExpo 2024","author":"Terje Bj\u00f8rnstad","date":"10\/02\/2024","format":false,"excerpt":"Avdekking av nye modeller, samt bilmodeller fra nye bilmerker som Zeekr og Lucid. Mye kinesisk Like f\u00f8r inngangen til 2021 skrev jeg en artikkel kalt \"Kineserne kommer!\". Da hadde et par nye kinesiske bilmerker akkurat kommet p\u00e5 markedet, blant annet MG ZS - en bil med kinesisk utseende og sm\u00e5\u2026","rel":"","context":"i &quot;eCarExpo&quot;","block_context":{"text":"eCarExpo","link":"https:\/\/terjebjornstad.com\/no\/category\/bilutstilling\/ecarexpo\/"},"img":{"alt_text":"","src":"https:\/\/i0.wp.com\/terjebjornstad.com\/no\/wp-content\/uploads\/2024\/02\/zeekr-001-privilege-awd-1920x1280-1.jpg?fit=1200%2C800&ssl=1&resize=350%2C200","width":350,"height":200,"srcset":"https:\/\/i0.wp.com\/terjebjornstad.com\/no\/wp-content\/uploads\/2024\/02\/zeekr-001-privilege-awd-1920x1280-1.jpg?fit=1200%2C800&ssl=1&resize=350%2C200 1x, https:\/\/i0.wp.com\/terjebjornstad.com\/no\/wp-content\/uploads\/2024\/02\/zeekr-001-privilege-awd-1920x1280-1.jpg?fit=1200%2C800&ssl=1&resize=525%2C300 1.5x, https:\/\/i0.wp.com\/terjebjornstad.com\/no\/wp-content\/uploads\/2024\/02\/zeekr-001-privilege-awd-1920x1280-1.jpg?fit=1200%2C800&ssl=1&resize=700%2C400 2x, https:\/\/i0.wp.com\/terjebjornstad.com\/no\/wp-content\/uploads\/2024\/02\/zeekr-001-privilege-awd-1920x1280-1.jpg?fit=1200%2C800&ssl=1&resize=1050%2C600 3x"},"classes":[]},{"id":42245,"url":"https:\/\/terjebjornstad.com\/no\/2021\/08\/11\/kompromisslost-sportslig\/","url_meta":{"origin":55939,"position":1},"title":"Kompromissl\u00f8st sportslig","author":"Terje Bj\u00f8rnstad","date":"11\/08\/2021","format":false,"excerpt":"GM hjalp Lotus \u00e5 komme i m\u00e5l med ny aluminiumsplattform og understell til Elise og Exige. Til gjengjeld fikk GM tegnet en avtale om produksjon av sine egne modeller p\u00e5 samme plattform. Opel Speedster og den h\u00f8yrerattede s\u00f8stermodellen Vauxhall VX220 var et direkte resultat av dette samarbeidet. \u00a0 Ingen vanlig\u2026","rel":"","context":"i &quot;Artikkel&quot;","block_context":{"text":"Artikkel","link":"https:\/\/terjebjornstad.com\/no\/category\/artikkel\/"},"img":{"alt_text":"","src":"https:\/\/i0.wp.com\/terjebjornstad.com\/no\/wp-content\/uploads\/2021\/08\/110-opel-speedster-1080x608-1.png?fit=1080%2C608&ssl=1&resize=350%2C200","width":350,"height":200,"srcset":"https:\/\/i0.wp.com\/terjebjornstad.com\/no\/wp-content\/uploads\/2021\/08\/110-opel-speedster-1080x608-1.png?fit=1080%2C608&ssl=1&resize=350%2C200 1x, https:\/\/i0.wp.com\/terjebjornstad.com\/no\/wp-content\/uploads\/2021\/08\/110-opel-speedster-1080x608-1.png?fit=1080%2C608&ssl=1&resize=525%2C300 1.5x, https:\/\/i0.wp.com\/terjebjornstad.com\/no\/wp-content\/uploads\/2021\/08\/110-opel-speedster-1080x608-1.png?fit=1080%2C608&ssl=1&resize=700%2C400 2x, https:\/\/i0.wp.com\/terjebjornstad.com\/no\/wp-content\/uploads\/2021\/08\/110-opel-speedster-1080x608-1.png?fit=1080%2C608&ssl=1&resize=1050%2C600 3x"},"classes":[]},{"id":92256,"url":"https:\/\/terjebjornstad.com\/no\/2026\/04\/13\/sawbridgeworth-coffees-and-cars\/","url_meta":{"origin":55939,"position":2},"title":"Sawbridgeworth Coffees and Cars","author":"Terje Bj\u00f8rnstad","date":"13\/04\/2026","format":false,"excerpt":"Hver 2. s\u00f8ndag i m\u00e5neden samles bilentusiaster seg i sentrum av den lille landsbyen i Hertfordshire. Sammenkomstene startet sommeren 2021. Da eieren av en lokal pizza-restaurant ikke lenger kunne ta sin bil ut p\u00e5 veien, tok lokale bilentusiaster med seg sine biler til restauranten hans som en oppmuntring. Etter dette\u2026","rel":"","context":"i &quot;Biltreff&quot;","block_context":{"text":"Biltreff","link":"https:\/\/terjebjornstad.com\/no\/category\/biltreff\/"},"img":{"alt_text":"","src":"https:\/\/i0.wp.com\/terjebjornstad.com\/no\/wp-content\/uploads\/2026\/04\/sawbridgeworth-1920x1280-1.jpg?fit=1200%2C800&ssl=1&resize=350%2C200","width":350,"height":200,"srcset":"https:\/\/i0.wp.com\/terjebjornstad.com\/no\/wp-content\/uploads\/2026\/04\/sawbridgeworth-1920x1280-1.jpg?fit=1200%2C800&ssl=1&resize=350%2C200 1x, https:\/\/i0.wp.com\/terjebjornstad.com\/no\/wp-content\/uploads\/2026\/04\/sawbridgeworth-1920x1280-1.jpg?fit=1200%2C800&ssl=1&resize=525%2C300 1.5x, https:\/\/i0.wp.com\/terjebjornstad.com\/no\/wp-content\/uploads\/2026\/04\/sawbridgeworth-1920x1280-1.jpg?fit=1200%2C800&ssl=1&resize=700%2C400 2x, https:\/\/i0.wp.com\/terjebjornstad.com\/no\/wp-content\/uploads\/2026\/04\/sawbridgeworth-1920x1280-1.jpg?fit=1200%2C800&ssl=1&resize=1050%2C600 3x"},"classes":[]},{"id":37768,"url":"https:\/\/terjebjornstad.com\/no\/2021\/01\/27\/5-biler-5-historier\/","url_meta":{"origin":55939,"position":3},"title":"5 biler &#8211; 5 historier","author":"Terje Bj\u00f8rnstad","date":"27\/01\/2021","format":false,"excerpt":"N\u00e5r jeg har tatt bilder fra biltreff og utstillinger, \u00f8nsker jeg \u00e5 vise flere biler av samme modell f\u00f8r de publiseres. Da blir det mer legitimt \u00e5 skrive en historie om modellen ikke bilen. Men hva gj\u00f8r man, n\u00e5r man kun har greidd \u00e5 ta ett bilde? Her er 5\u2026","rel":"","context":"i &quot;503&quot;","block_context":{"text":"503","link":"https:\/\/terjebjornstad.com\/no\/category\/bmw\/503\/"},"img":{"alt_text":"","src":"https:\/\/i0.wp.com\/terjebjornstad.com\/no\/wp-content\/uploads\/2021\/01\/3-.png?fit=675%2C1200&ssl=1&resize=350%2C200","width":350,"height":200,"srcset":"https:\/\/i0.wp.com\/terjebjornstad.com\/no\/wp-content\/uploads\/2021\/01\/3-.png?fit=675%2C1200&ssl=1&resize=350%2C200 1x, https:\/\/i0.wp.com\/terjebjornstad.com\/no\/wp-content\/uploads\/2021\/01\/3-.png?fit=675%2C1200&ssl=1&resize=525%2C300 1.5x"},"classes":[]},{"id":78455,"url":"https:\/\/terjebjornstad.com\/no\/2025\/01\/04\/carspotting-i-2024\/","url_meta":{"origin":55939,"position":4},"title":"Carspotting i 2024","author":"Terje Bj\u00f8rnstad","date":"04\/01\/2025","format":false,"excerpt":"N\u00e5r man har et \u00f8ye for fine biler og samtidig ferdes land og strand rundt, er det synd \u00e5 ikke dele bilder. Carspotting handler om \u00e5 oppdage spesielle biler som er i trafikk eller parkert i vakre omgivelser - ikke p\u00e5 utstillinger og museer. Og hva er spesielle biler? Det\u2026","rel":"","context":"i &quot;Carspotting&quot;","block_context":{"text":"Carspotting","link":"https:\/\/terjebjornstad.com\/no\/category\/carspotting\/"},"img":{"alt_text":"","src":"https:\/\/i0.wp.com\/terjebjornstad.com\/no\/wp-content\/uploads\/2025\/01\/2024-1-1.jpg?fit=1200%2C406&ssl=1&resize=350%2C200","width":350,"height":200,"srcset":"https:\/\/i0.wp.com\/terjebjornstad.com\/no\/wp-content\/uploads\/2025\/01\/2024-1-1.jpg?fit=1200%2C406&ssl=1&resize=350%2C200 1x, https:\/\/i0.wp.com\/terjebjornstad.com\/no\/wp-content\/uploads\/2025\/01\/2024-1-1.jpg?fit=1200%2C406&ssl=1&resize=525%2C300 1.5x, https:\/\/i0.wp.com\/terjebjornstad.com\/no\/wp-content\/uploads\/2025\/01\/2024-1-1.jpg?fit=1200%2C406&ssl=1&resize=700%2C400 2x, https:\/\/i0.wp.com\/terjebjornstad.com\/no\/wp-content\/uploads\/2025\/01\/2024-1-1.jpg?fit=1200%2C406&ssl=1&resize=1050%2C600 3x"},"classes":[]},{"id":4374,"url":"https:\/\/terjebjornstad.com\/no\/2016\/05\/09\/varmonstring-av-sportsbiler\/","url_meta":{"origin":55939,"position":5},"title":"V\u00e5rm\u00f8nstring av sportsbiler","author":"Terje Bj\u00f8rnstad","date":"09\/05\/2016","format":false,"excerpt":"N\u00e5 tyter sportsbilene frem! \u00a0 Forestill deg et helt jorde fullt med Porscher, deretter ett til med Mercedeser, ett med BMW'er, ett med japsebiler, ett med amerikanere, - og hele publikumsomr\u00e5det fullt av italienske og engelske vogner. Det er inntrykket du f\u00e5r n\u00e5r du bes\u00f8ker Norsk Sportsvogn Klubbs \u00e5rlige v\u00e5rm\u00f8nstring\u2026","rel":"","context":"i &quot;Artikkel&quot;","block_context":{"text":"Artikkel","link":"https:\/\/terjebjornstad.com\/no\/category\/artikkel\/"},"img":{"alt_text":"caterham","src":"https:\/\/i0.wp.com\/terjebjornstad.com\/no\/wp-content\/uploads\/2016\/05\/caterham-7-1.png?fit=686%2C476&ssl=1&resize=350%2C200","width":350,"height":200,"srcset":"https:\/\/i0.wp.com\/terjebjornstad.com\/no\/wp-content\/uploads\/2016\/05\/caterham-7-1.png?fit=686%2C476&ssl=1&resize=350%2C200 1x, https:\/\/i0.wp.com\/terjebjornstad.com\/no\/wp-content\/uploads\/2016\/05\/caterham-7-1.png?fit=686%2C476&ssl=1&resize=525%2C300 1.5x"},"classes":[]}],"gt_translate_keys":[{"key":"link","format":"url"}],"_links":{"self":[{"href":"https:\/\/terjebjornstad.com\/no\/wp-json\/wp\/v2\/posts\/55939","targetHints":{"allow":["GET"]}}],"collection":[{"href":"https:\/\/terjebjornstad.com\/no\/wp-json\/wp\/v2\/posts"}],"about":[{"href":"https:\/\/terjebjornstad.com\/no\/wp-json\/wp\/v2\/types\/post"}],"author":[{"embeddable":true,"href":"https:\/\/terjebjornstad.com\/no\/wp-json\/wp\/v2\/users\/1"}],"replies":[{"embeddable":true,"href":"https:\/\/terjebjornstad.com\/no\/wp-json\/wp\/v2\/comments?post=55939"}],"version-history":[{"count":28,"href":"https:\/\/terjebjornstad.com\/no\/wp-json\/wp\/v2\/posts\/55939\/revisions"}],"predecessor-version":[{"id":90349,"href":"https:\/\/terjebjornstad.com\/no\/wp-json\/wp\/v2\/posts\/55939\/revisions\/90349"}],"wp:featuredmedia":[{"embeddable":true,"href":"https:\/\/terjebjornstad.com\/no\/wp-json\/wp\/v2\/media\/55940"}],"wp:attachment":[{"href":"https:\/\/terjebjornstad.com\/no\/wp-json\/wp\/v2\/media?parent=55939"}],"wp:term":[{"taxonomy":"category","embeddable":true,"href":"https:\/\/terjebjornstad.com\/no\/wp-json\/wp\/v2\/categories?post=55939"},{"taxonomy":"post_tag","embeddable":true,"href":"https:\/\/terjebjornstad.com\/no\/wp-json\/wp\/v2\/tags?post=55939"}],"curies":[{"name":"wp","href":"https:\/\/api.w.org\/{rel}","templated":true}]}}