{"id":53303,"date":"2022-10-26T21:50:46","date_gmt":"2022-10-26T20:50:46","guid":{"rendered":"https:\/\/terjebjornstad.com\/no\/?p=53303"},"modified":"2026-03-18T20:04:43","modified_gmt":"2026-03-18T19:04:43","slug":"bil-i-utlandet-langtidsleie","status":"publish","type":"post","link":"https:\/\/terjebjornstad.com\/no\/2022\/10\/26\/bil-i-utlandet-langtidsleie\/","title":{"rendered":"Bil i utlandet &#8211; langtidsleie eller eie?","gt_translate_keys":[{"key":"rendered","format":"text"}]},"content":{"rendered":"<div class=\"copy_teb\"><a href=\"https:\/\/i0.wp.com\/terjebjornstad.com\/no\/wp-content\/uploads\/2022\/10\/ceret-1280x853-1.png?ssl=1\"><img data-recalc-dims=\"1\" loading=\"lazy\" decoding=\"async\" data-attachment-id=\"53296\" data-permalink=\"https:\/\/terjebjornstad.com\/no\/2022\/10\/26\/bil-i-utlandet-langtidsleie\/ceret-1280x853\/\" data-orig-file=\"https:\/\/i0.wp.com\/terjebjornstad.com\/no\/wp-content\/uploads\/2022\/10\/ceret-1280x853-1.png?fit=1280%2C853&amp;ssl=1\" data-orig-size=\"1280,853\" data-comments-opened=\"1\" data-image-meta=\"{&quot;aperture&quot;:&quot;0&quot;,&quot;credit&quot;:&quot;&quot;,&quot;camera&quot;:&quot;&quot;,&quot;caption&quot;:&quot;&quot;,&quot;created_timestamp&quot;:&quot;0&quot;,&quot;copyright&quot;:&quot;&quot;,&quot;focal_length&quot;:&quot;0&quot;,&quot;iso&quot;:&quot;0&quot;,&quot;shutter_speed&quot;:&quot;0&quot;,&quot;title&quot;:&quot;&quot;,&quot;orientation&quot;:&quot;0&quot;}\" data-image-title=\"ceret-1280&amp;#215;853\" data-image-description=\"\" data-image-caption=\"&lt;div class=&quot;tebspecial&quot;&gt;\n&lt;h2 class=&quot;tebh2special&quot;&gt;&amp;nbsp;&lt;br \/&gt;Bil i utlandet &amp;#8211; langtidsleie eller eie?&lt;\/h2&gt;\n&lt;p&gt;I likhet med mange andre nordmenn bor vi deler av \u00e5ret i utlandet. Jeg lurer p\u00e5 hvilken bill\u00f8sning som passer best for et ektepar med hund. Kj\u00f8pe, leie \u2013 eller ta med sin norske bil? &lt;a href=&quot;https:\/\/terjebjornstad.com\/no\/2022\/10\/26\/bil-i-utlandet-langtidsleie\/&quot;&gt;Se mer &gt;&gt;&lt;\/a&gt;&lt;br \/&gt;&amp;nbsp;&lt;\/div&gt;\n\" data-large-file=\"https:\/\/i0.wp.com\/terjebjornstad.com\/no\/wp-content\/uploads\/2022\/10\/ceret-1280x853-1.png?fit=980%2C653&amp;ssl=1\" src=\"https:\/\/i0.wp.com\/terjebjornstad.com\/no\/wp-content\/uploads\/2022\/10\/ceret-1280x853-1.png?resize=980%2C653&#038;ssl=1\" alt=\"langtidsleie\" width=\"980\" height=\"653\" class=\"aligncenter size-full wp-image-53296\" srcset=\"https:\/\/i0.wp.com\/terjebjornstad.com\/no\/wp-content\/uploads\/2022\/10\/ceret-1280x853-1.png?w=1280&amp;ssl=1 1280w, https:\/\/i0.wp.com\/terjebjornstad.com\/no\/wp-content\/uploads\/2022\/10\/ceret-1280x853-1.png?resize=300%2C200&amp;ssl=1 300w, https:\/\/i0.wp.com\/terjebjornstad.com\/no\/wp-content\/uploads\/2022\/10\/ceret-1280x853-1.png?resize=1080%2C720&amp;ssl=1 1080w, https:\/\/i0.wp.com\/terjebjornstad.com\/no\/wp-content\/uploads\/2022\/10\/ceret-1280x853-1.png?resize=768%2C512&amp;ssl=1 768w, https:\/\/i0.wp.com\/terjebjornstad.com\/no\/wp-content\/uploads\/2022\/10\/ceret-1280x853-1.png?resize=690%2C460&amp;ssl=1 690w, https:\/\/i0.wp.com\/terjebjornstad.com\/no\/wp-content\/uploads\/2022\/10\/ceret-1280x853-1.png?resize=980%2C653&amp;ssl=1 980w\" sizes=\"auto, (max-width: 980px) 100vw, 980px\" \/><\/a><\/p>\n<blockquote><p>I likhet med mange andre nordmenn bor vi deler av \u00e5ret i utlandet. Jeg lurer p\u00e5 hvilken bill\u00f8sning som passer best for et ektepar med hund. Kj\u00f8pe, leie &#8211; eller ta med sin norske bil?<\/p><\/blockquote>\n\n<h3 class=\"tebh2\">Terrassed\u00f8ren er \u00e5pen<\/h3>\n<p>Ute er det 29 grader til tross for at vi er i slutten av oktober. Restaurantene serverer enn\u00e5 m\u00e5ltidene utend\u00f8rs. Vi er ikke de eneste skandinavene i denne lille, franske byen. De fleste her har bil. Noen har kj\u00f8pt egen bil mens andre leier. Det finnes ingen eksakt svar p\u00e5 hva som er best for alle. Det handler om smak og behag, og ikke alltid like mye om kroner og \u00f8re. Jeg har samlet noen momenter som taler i fav\u00f8r og disfav\u00f8r til ulike alternativer.<\/p>\n<h3 class=\"tebh2\">Utenlandsoppholdets begrensninger<\/h3>\n<p>Det finnes regler for hvor lenge man kan oppholde seg utenlands uten \u00e5 miste rettighetene i det norske helsesystemet: Maksimum 12 m\u00e5neder sammenhengende eller 6 m\u00e5neder pr \u00e5r i l\u00f8pet av de seneste 2 \u00e5r. I tillegg begrenser reiseforsikringen oppholdets varighet, avhengig av hvilken avtale man har med sitt selskap. Vi har en maksimums lengde p\u00e5 10 uker p\u00e5 v\u00e5r forsikring. <\/p>\n<h3 class=\"tebh2\">&#8211; Jeg kjenner deg igjen! <\/h3>\n<p>Det er alltid hyggelig \u00e5 bli gjenkjent som kunde. Mannen i leiebilskranken sa at de har tusenvis av bes\u00f8kere. Likevel kjente de igjen meg. <em>&laquo;Jeg er ganske ofte innom her&raquo;<\/em>, svarte jeg beskjedent. Uansett hvilket lojalitetsprogram utleiefirmaet har, s\u00e5 blir leiebil en kostbar aff\u00e6re for privatpersoner. Samler man sammen leieprisen for et par \u00e5r, kunne man kj\u00f8pe en brukbar bil. <\/p>\n\n<figure id=\"attachment_53298\" aria-describedby=\"caption-attachment-53298\" style=\"width: 1280px\" class=\"wp-caption aligncenter\"><a href=\"https:\/\/i0.wp.com\/terjebjornstad.com\/no\/wp-content\/uploads\/2022\/10\/sixt-skoda-bmw-1280x1280-1.png?ssl=1\"><img data-recalc-dims=\"1\" loading=\"lazy\" decoding=\"async\" data-attachment-id=\"53298\" data-permalink=\"https:\/\/terjebjornstad.com\/no\/2022\/10\/26\/bil-i-utlandet-langtidsleie\/sixt-skoda-bmw-1280x1280\/\" data-orig-file=\"https:\/\/i0.wp.com\/terjebjornstad.com\/no\/wp-content\/uploads\/2022\/10\/sixt-skoda-bmw-1280x1280-1.png?fit=1280%2C1280&amp;ssl=1\" data-orig-size=\"1280,1280\" data-comments-opened=\"1\" data-image-meta=\"{&quot;aperture&quot;:&quot;0&quot;,&quot;credit&quot;:&quot;&quot;,&quot;camera&quot;:&quot;&quot;,&quot;caption&quot;:&quot;&quot;,&quot;created_timestamp&quot;:&quot;0&quot;,&quot;copyright&quot;:&quot;&quot;,&quot;focal_length&quot;:&quot;0&quot;,&quot;iso&quot;:&quot;0&quot;,&quot;shutter_speed&quot;:&quot;0&quot;,&quot;title&quot;:&quot;&quot;,&quot;orientation&quot;:&quot;0&quot;}\" data-image-title=\"sixt-skoda-bmw-1280&amp;#215;1280\" data-image-description=\"\" data-image-caption=\"&lt;p&gt;Leiebilen klar til avhenting&lt;\/p&gt;\n\" data-large-file=\"https:\/\/i0.wp.com\/terjebjornstad.com\/no\/wp-content\/uploads\/2022\/10\/sixt-skoda-bmw-1280x1280-1.png?fit=980%2C980&amp;ssl=1\" src=\"https:\/\/i0.wp.com\/terjebjornstad.com\/no\/wp-content\/uploads\/2022\/10\/sixt-skoda-bmw-1280x1280-1.png?resize=980%2C980&#038;ssl=1\" alt=\"langtidsleie\" width=\"980\" height=\"980\" class=\"size-full wp-image-53298\" srcset=\"https:\/\/i0.wp.com\/terjebjornstad.com\/no\/wp-content\/uploads\/2022\/10\/sixt-skoda-bmw-1280x1280-1.png?w=1280&amp;ssl=1 1280w, https:\/\/i0.wp.com\/terjebjornstad.com\/no\/wp-content\/uploads\/2022\/10\/sixt-skoda-bmw-1280x1280-1.png?resize=300%2C300&amp;ssl=1 300w, https:\/\/i0.wp.com\/terjebjornstad.com\/no\/wp-content\/uploads\/2022\/10\/sixt-skoda-bmw-1280x1280-1.png?resize=1080%2C1080&amp;ssl=1 1080w, https:\/\/i0.wp.com\/terjebjornstad.com\/no\/wp-content\/uploads\/2022\/10\/sixt-skoda-bmw-1280x1280-1.png?resize=150%2C150&amp;ssl=1 150w, https:\/\/i0.wp.com\/terjebjornstad.com\/no\/wp-content\/uploads\/2022\/10\/sixt-skoda-bmw-1280x1280-1.png?resize=768%2C768&amp;ssl=1 768w, https:\/\/i0.wp.com\/terjebjornstad.com\/no\/wp-content\/uploads\/2022\/10\/sixt-skoda-bmw-1280x1280-1.png?resize=690%2C690&amp;ssl=1 690w, https:\/\/i0.wp.com\/terjebjornstad.com\/no\/wp-content\/uploads\/2022\/10\/sixt-skoda-bmw-1280x1280-1.png?resize=980%2C980&amp;ssl=1 980w, https:\/\/i0.wp.com\/terjebjornstad.com\/no\/wp-content\/uploads\/2022\/10\/sixt-skoda-bmw-1280x1280-1.png?resize=50%2C50&amp;ssl=1 50w\" sizes=\"auto, (max-width: 980px) 100vw, 980px\" \/><\/a><figcaption id=\"caption-attachment-53298\" class=\"wp-caption-text\">Leiebilen klar til avhenting (Skodaen &#8211; ikke BMW&#8217;ene)<\/figcaption><\/figure>\n<h3 class=\"tebh2\">Langtidsleie eller eie?<\/h3>\n<p>V\u00e5rt feriehus ligger 2 timer med bil fra Barcelona. Vi reiser dit to ganger om \u00e5ret, h\u00f8st og v\u00e5r, og bor der 2 m\u00e5neder av gangen for \u00e5 v\u00e6re sikker p\u00e5 \u00e5 beholde v\u00e5rt medlemskap i Folketrygden. Vi har tre \u00e5penbare alternativer: Fly og langtidsleie bil lokalt, kj\u00f8pe bil i lokalt eller kj\u00f8re bil fra Norge<\/p>\n<table>\n<tbody>\n<tr>\n<th style=\"color:white;background-color: #008AD0;\">L\u00f8sning<\/th>\n<th style=\"color:white;background-color: #008AD0;\">\ud83d\ude42<\/th>\n<th style=\"color:white;background-color: #008AD0;\">\ud83d\ude41<\/th>\n<\/tr>\n<tr>\n<td>Fly og leiebil<\/td>\n<td>Slipper ansvar for bil mens man er i Norge.<br \/>Slipper \u00e5 f\u00f8lge opp vedlikeholdet.<\/td>\n<td>Leieprisene er flytende og kan bli veldig h\u00f8ye.<br \/>Kan bli trukket for skader og renhold.<\/td>\n<\/tr>\n<tr>\n<td>Kj\u00f8pe bil i utlandet<\/td>\n<td>Har alltid tilgang til bil.<br \/>Familie og venner kan l\u00e5ne samme bil.<\/td>\n<td>M\u00e5 b\u00e6re alle kostnader ved \u00e5 eie bil.<br \/>Kostnader p\u00e5l\u00f8per uansett bruksgrad.<\/td>\n<\/tr>\n<tr>\n<td>Kj\u00f8re bil fra Norge<\/td>\n<td>Slipper utgifter til lokal bil.<br \/>Kan bruke en st\u00f8rre og sikrere bil.<\/td>\n<td>Kostbar og tidkrevende bilreise.<br \/>Vinterdekk-problematikk.<\/td>\n<\/tr>\n<\/tbody>\n<\/table>\n<h3 class=\"tebh2\">Parkering<\/h3>\n<p>En forutsetning for \u00e5 kj\u00f8pe bil i utlandet er at bilen har egen parkering. Har du ikke egen parkering, m\u00e5 du leie garasje eller oppstillingsplass for \u00e5 f\u00e5 bilen vekk fra gaten mens du oppholder deg i Norge. Ved flyplassen i Barcelona &#8211; og sikkert andre steder ogs\u00e5 &#8211; kan du leie parkering p\u00e5 \u00e5rsbasis i n\u00e6rheten av flyplassen. Leie av hel\u00e5rsparkering koster om lag 10 000 kroner pr \u00e5r. <\/p>\n<h3 class=\"tebh2\">EU-kontroller<\/h3>\n<p>Hvis du reiser til utlandet et par ganger i \u00e5ret, vil du sikkert kunne f\u00e5 gjennomf\u00f8rt EU-kontroll (CT) av din utenlandske bil mens du befinner deg i landet. Men du kan ogs\u00e5 risikere at du blir forhindret fra \u00e5 reise ned de m\u00e5nedene kontrollen kan gjennomf\u00f8res. Verre er det hvis du har tatt din <em>norske<\/em> bil til utlandet for langtidsopphold. Du kan nemlig ikke ta EU-kontroll av din norske bil i Spania eller Frankrike.<\/p>\n\n<figure id=\"attachment_53295\" aria-describedby=\"caption-attachment-53295\" style=\"width: 1280px\" class=\"wp-caption aligncenter\"><a href=\"https:\/\/i0.wp.com\/terjebjornstad.com\/no\/wp-content\/uploads\/2022\/10\/bmw-m4-1280x853-1.png?ssl=1\"><img data-recalc-dims=\"1\" loading=\"lazy\" decoding=\"async\" data-attachment-id=\"53295\" data-permalink=\"https:\/\/terjebjornstad.com\/no\/2022\/10\/26\/bil-i-utlandet-langtidsleie\/bmw-m4-1280x853-1\/\" data-orig-file=\"https:\/\/i0.wp.com\/terjebjornstad.com\/no\/wp-content\/uploads\/2022\/10\/bmw-m4-1280x853-1.png?fit=1280%2C853&amp;ssl=1\" data-orig-size=\"1280,853\" data-comments-opened=\"1\" data-image-meta=\"{&quot;aperture&quot;:&quot;0&quot;,&quot;credit&quot;:&quot;&quot;,&quot;camera&quot;:&quot;&quot;,&quot;caption&quot;:&quot;&quot;,&quot;created_timestamp&quot;:&quot;0&quot;,&quot;copyright&quot;:&quot;&quot;,&quot;focal_length&quot;:&quot;0&quot;,&quot;iso&quot;:&quot;0&quot;,&quot;shutter_speed&quot;:&quot;0&quot;,&quot;title&quot;:&quot;&quot;,&quot;orientation&quot;:&quot;0&quot;}\" data-image-title=\"bmw-m4-1280&amp;#215;853-1\" data-image-description=\"\" data-image-caption=\"&lt;p&gt;Har Sixt forbindelser til BMW? To flotte M4 p\u00e5 tyske skilter i Barcelona&lt;\/p&gt;\n\" data-large-file=\"https:\/\/i0.wp.com\/terjebjornstad.com\/no\/wp-content\/uploads\/2022\/10\/bmw-m4-1280x853-1.png?fit=980%2C653&amp;ssl=1\" src=\"https:\/\/i0.wp.com\/terjebjornstad.com\/no\/wp-content\/uploads\/2022\/10\/bmw-m4-1280x853-1.png?resize=980%2C653&#038;ssl=1\" alt=\"langtidsleie\" width=\"980\" height=\"653\" class=\"size-full wp-image-53295\" srcset=\"https:\/\/i0.wp.com\/terjebjornstad.com\/no\/wp-content\/uploads\/2022\/10\/bmw-m4-1280x853-1.png?w=1280&amp;ssl=1 1280w, https:\/\/i0.wp.com\/terjebjornstad.com\/no\/wp-content\/uploads\/2022\/10\/bmw-m4-1280x853-1.png?resize=300%2C200&amp;ssl=1 300w, https:\/\/i0.wp.com\/terjebjornstad.com\/no\/wp-content\/uploads\/2022\/10\/bmw-m4-1280x853-1.png?resize=1080%2C720&amp;ssl=1 1080w, https:\/\/i0.wp.com\/terjebjornstad.com\/no\/wp-content\/uploads\/2022\/10\/bmw-m4-1280x853-1.png?resize=768%2C512&amp;ssl=1 768w, https:\/\/i0.wp.com\/terjebjornstad.com\/no\/wp-content\/uploads\/2022\/10\/bmw-m4-1280x853-1.png?resize=690%2C460&amp;ssl=1 690w, https:\/\/i0.wp.com\/terjebjornstad.com\/no\/wp-content\/uploads\/2022\/10\/bmw-m4-1280x853-1.png?resize=980%2C653&amp;ssl=1 980w\" sizes=\"auto, (max-width: 980px) 100vw, 980px\" \/><\/a><figcaption id=\"caption-attachment-53295\" class=\"wp-caption-text\">Har Sixt forbindelser til BMW? To flotte M4 p\u00e5 tyske skilter i Barcelona<\/figcaption><\/figure>\n<h3 class=\"tebh2\">Covid<\/h3>\n<p>N\u00e5r landene stenger sine grenser, som ved siste Covid-pandemi, ville de fleste \u00f8nske at man ikke eide bil i utlandet. Etter to \u00e5r er det ikke sikkert bilen starter. Den m\u00e5 rett p\u00e5 service, og du f\u00e5r to \u00e5r med verditap p\u00e5 kj\u00f8pet. Eventuell gevinst ved \u00e5 eie fremfor \u00e5 leie kan bli spist opp hvis man er forhindret fra \u00e5 reise.<\/p>\n<h3 class=\"tebh2\">Ny eller gammel bil<\/h3>\n<p>Kostnadene ved \u00e5 eie bil i utlandet kan reduseres ved \u00e5 kj\u00f8pe en litt eldre bil. S\u00e5 lenge du unng\u00e5r premium-merkene koster ikke verkstedopphold like mye som i Norge. Ulempen med en eldre bil er at det lett kan dukke opp sm\u00e5, men irriterende problemer etter at den har st\u00e5tt noen m\u00e5neder. Ikke s\u00e5 farlig hvis du kan fikse sm\u00e5ting selv og kan la bilen st\u00e5 et par dager. St\u00f8rre problem hvis bilen st\u00e5r parkert ved flyplassen. Verditapet p\u00e5 ny bil er relativt h\u00f8yt, men er hentet fra virkeligheten. \u00c5 v\u00e6re utlending, er sannsynligvis en ulempe n\u00e5r man skal selge lokalt.<\/p>\n<h3 class=\"tebh2\">Vurd\u00e9r ulike leieordninger<\/h3>\n<p>Man kan ikke regne med noen form for rabatt n\u00e5r man leier ordin\u00e6rt over lang tid, men de fleste leiebilfirmaene tilbyr langtidsleie hvor man betaler pr m\u00e5ned, for eksempel fra 4-6 000 kroner (Europcar, Sixt+). I tillegg kan det tilkomme et startgebyr. N\u00e5 kan man tegne <em>bilabonnement<\/em> ogs\u00e5 i Spania og Frankrike, for eksempel via <a href=\"https:\/\/bipicar.com\/es\/es\" target=\"_blank\" rel=\"noopener\"><strong>bipi<\/strong><\/a>. Felles for langtidsleie er at man m\u00e5 bestille i god tid. <\/p>\n<h3 class=\"tebh2\">Unng\u00e5 \u00e5 leie p\u00e5 topp<\/h3>\n<p>Prisene hos leiebilselskapene styres av ettersp\u00f8rsel. \u00c5 leie bil i p\u00e5skeuken kan derfor koste mer enn det doble av &laquo;normal&raquo; pris. P\u00e5 flyplassen i Barcelona kan prisene stige for eksempel n\u00e5r FC Barcelona spiller storkamp hjemme. Man kan spare en del penger p\u00e5 \u00e5 sjekke prisbildet uke for uke og unng\u00e5 \u00e5 leie bil n\u00e5r prisene er p\u00e5 topp. I praksis betyr det \u00e5 levere bilen inn f\u00f8r prisene stiger og hente en ny n\u00e5r prisene er falt. Da kan man bli en &laquo;gjenganger&raquo; i skranken \ud83d\ude42<\/p>\n<h3 class=\"tebh2\">Dele bil med andre?<\/h3>\n<p>Gitt at man kun tilbringer f\u00e5 m\u00e5neder i utlandet hvert \u00e5r, kan det v\u00e6re win-win for alle parter \u00e5 la andre bruke (leie) bilen n\u00e5r man ikke selv kan. Den som eier bilen, kan tjene inn noe av bilholdet. Dessuten har bilen godt av regelmessig bruk. \u00c5 leie fra kjente, kan v\u00e6re et fint supplement til \u00e5 langtidsleie fra bilutleieselskaper. <\/p>\n<figure id=\"attachment_53299\" aria-describedby=\"caption-attachment-53299\" style=\"width: 1280px\" class=\"wp-caption aligncenter\"><a href=\"https:\/\/i0.wp.com\/terjebjornstad.com\/no\/wp-content\/uploads\/2022\/10\/skoda-kamiq-1017-1280x853-1.png?ssl=1\"><img data-recalc-dims=\"1\" loading=\"lazy\" decoding=\"async\" data-attachment-id=\"53299\" data-permalink=\"https:\/\/terjebjornstad.com\/no\/2022\/10\/26\/bil-i-utlandet-langtidsleie\/skoda-kamiq-1017-1280x853\/\" data-orig-file=\"https:\/\/i0.wp.com\/terjebjornstad.com\/no\/wp-content\/uploads\/2022\/10\/skoda-kamiq-1017-1280x853-1.png?fit=1280%2C853&amp;ssl=1\" data-orig-size=\"1280,853\" data-comments-opened=\"1\" data-image-meta=\"{&quot;aperture&quot;:&quot;0&quot;,&quot;credit&quot;:&quot;&quot;,&quot;camera&quot;:&quot;&quot;,&quot;caption&quot;:&quot;&quot;,&quot;created_timestamp&quot;:&quot;0&quot;,&quot;copyright&quot;:&quot;&quot;,&quot;focal_length&quot;:&quot;0&quot;,&quot;iso&quot;:&quot;0&quot;,&quot;shutter_speed&quot;:&quot;0&quot;,&quot;title&quot;:&quot;&quot;,&quot;orientation&quot;:&quot;0&quot;}\" data-image-title=\"skoda-kamiq-1017-1280&amp;#215;853\" data-image-description=\"\" data-image-caption=\"&lt;p&gt;Skoda Kamiq deler plattform med Volkswagen T-Cross. En god &amp;#8211; og stor bil &amp;#8211; for spanske og franske forhold.&lt;\/p&gt;\n\" data-large-file=\"https:\/\/i0.wp.com\/terjebjornstad.com\/no\/wp-content\/uploads\/2022\/10\/skoda-kamiq-1017-1280x853-1.png?fit=980%2C653&amp;ssl=1\" src=\"https:\/\/i0.wp.com\/terjebjornstad.com\/no\/wp-content\/uploads\/2022\/10\/skoda-kamiq-1017-1280x853-1.png?resize=980%2C653&#038;ssl=1\" alt=\"langtidsleie\" width=\"980\" height=\"653\" class=\"size-full wp-image-53299\" srcset=\"https:\/\/i0.wp.com\/terjebjornstad.com\/no\/wp-content\/uploads\/2022\/10\/skoda-kamiq-1017-1280x853-1.png?w=1280&amp;ssl=1 1280w, https:\/\/i0.wp.com\/terjebjornstad.com\/no\/wp-content\/uploads\/2022\/10\/skoda-kamiq-1017-1280x853-1.png?resize=300%2C200&amp;ssl=1 300w, https:\/\/i0.wp.com\/terjebjornstad.com\/no\/wp-content\/uploads\/2022\/10\/skoda-kamiq-1017-1280x853-1.png?resize=1080%2C720&amp;ssl=1 1080w, https:\/\/i0.wp.com\/terjebjornstad.com\/no\/wp-content\/uploads\/2022\/10\/skoda-kamiq-1017-1280x853-1.png?resize=768%2C512&amp;ssl=1 768w, https:\/\/i0.wp.com\/terjebjornstad.com\/no\/wp-content\/uploads\/2022\/10\/skoda-kamiq-1017-1280x853-1.png?resize=690%2C460&amp;ssl=1 690w, https:\/\/i0.wp.com\/terjebjornstad.com\/no\/wp-content\/uploads\/2022\/10\/skoda-kamiq-1017-1280x853-1.png?resize=980%2C653&amp;ssl=1 980w\" sizes=\"auto, (max-width: 980px) 100vw, 980px\" \/><\/a><figcaption id=\"caption-attachment-53299\" class=\"wp-caption-text\">Skoda Kamiq deler plattform med Volkswagen T-Cross. En god &#8211; og stor sm\u00e5bil &#8211; for spanske og franske forhold. Denne har bare g\u00e5tt 3000 km.<\/figcaption><\/figure>\n<h3 class=\"tebh2\">Kj\u00f8re selv &#8211; med hvilke dekk?<\/h3>\n<p>Med dagens flypriser sparer man ingen ting p\u00e5 \u00e5 kj\u00f8re bil fra Norge &#8211; tvert imot. Men turen kan v\u00e6re en positiv opplevelse. Kanskje kan man velge ulike ruter? Ett av de st\u00f8rste problemene er hvis man skal oppholde seg i utlandet p\u00e5 h\u00f8sten og v\u00e5ren. Drar man ned i august og hjem i november, kan man risikere at det i mellomtiden er blitt vinterf\u00f8re hjemme. Man kan ogs\u00e5 risikere \u00e5 f\u00e5 problemer i Tyskland hvor de har et vinterdekkp\u00e5bud som gjelder under vinterlige kj\u00f8reforhold &#8211; generelt mellom oktober og p\u00e5ske. <\/p>\n<h3 class=\"tebh2\">Reise med hund<\/h3>\n<p>Hund som reisebagasje har fungert bra for oss (takk til Norwegian). Uten hund kunne vi ha tatt hurtigtoget videre fra Barcelona Sants, men de godtar dessverre ikke v\u00e5r hundest\u00f8rrelse om bord. Da er bil eneste altenativ &#8211; men hvilke selskaper godtar hunder? Sixt gj\u00f8r det. Selskapet vi brukte lojalt tidligere, Europcar, forbyr hund i sine biler. Synd, for prisene hos Europcar er billigere. Hertz har en litt uklar policy. De forbyr hunder p\u00e5 sitt billigselskap, Thrifty, mens de offisielt gir en forbeholden tillatelse til \u00e5 ta med hunder p\u00e5 Hertz &#8211; men if\u00f8lge tilbakemeldinger fra kunder, f\u00e5r kundebehandlerne det siste ordet &#8211; og det er ofte &laquo;nei&raquo;. En hund gj\u00f8r det \u00e5 eie bil mer attraktivt enn \u00e5 langtidsleie.<\/p>\n<figure id=\"attachment_53297\" aria-describedby=\"caption-attachment-53297\" style=\"width: 1280px\" class=\"wp-caption aligncenter\"><a href=\"https:\/\/i0.wp.com\/terjebjornstad.com\/no\/wp-content\/uploads\/2022\/10\/gdm-1-1280x11280-1.png?ssl=1\"><img data-recalc-dims=\"1\" loading=\"lazy\" decoding=\"async\" data-attachment-id=\"53297\" data-permalink=\"https:\/\/terjebjornstad.com\/no\/2022\/10\/26\/bil-i-utlandet-langtidsleie\/gdm-1-1280x11280\/\" data-orig-file=\"https:\/\/i0.wp.com\/terjebjornstad.com\/no\/wp-content\/uploads\/2022\/10\/gdm-1-1280x11280-1.png?fit=1280%2C1280&amp;ssl=1\" data-orig-size=\"1280,1280\" data-comments-opened=\"1\" data-image-meta=\"{&quot;aperture&quot;:&quot;0&quot;,&quot;credit&quot;:&quot;&quot;,&quot;camera&quot;:&quot;&quot;,&quot;caption&quot;:&quot;&quot;,&quot;created_timestamp&quot;:&quot;0&quot;,&quot;copyright&quot;:&quot;&quot;,&quot;focal_length&quot;:&quot;0&quot;,&quot;iso&quot;:&quot;0&quot;,&quot;shutter_speed&quot;:&quot;0&quot;,&quot;title&quot;:&quot;&quot;,&quot;orientation&quot;:&quot;0&quot;}\" data-image-title=\"gdm-1-1280&amp;#215;11280\" data-image-description=\"\" data-image-caption=\"&lt;p&gt;Tidlig morgen p\u00e5 Gardermoen. Tr\u00f8tt hundeier venter p\u00e5 innsjekking av hund&lt;\/p&gt;\n\" data-large-file=\"https:\/\/i0.wp.com\/terjebjornstad.com\/no\/wp-content\/uploads\/2022\/10\/gdm-1-1280x11280-1.png?fit=980%2C980&amp;ssl=1\" src=\"https:\/\/i0.wp.com\/terjebjornstad.com\/no\/wp-content\/uploads\/2022\/10\/gdm-1-1280x11280-1.png?resize=980%2C980&#038;ssl=1\" alt=\"langtidsleie\" width=\"980\" height=\"980\" class=\"size-full wp-image-53297\" srcset=\"https:\/\/i0.wp.com\/terjebjornstad.com\/no\/wp-content\/uploads\/2022\/10\/gdm-1-1280x11280-1.png?w=1280&amp;ssl=1 1280w, https:\/\/i0.wp.com\/terjebjornstad.com\/no\/wp-content\/uploads\/2022\/10\/gdm-1-1280x11280-1.png?resize=300%2C300&amp;ssl=1 300w, https:\/\/i0.wp.com\/terjebjornstad.com\/no\/wp-content\/uploads\/2022\/10\/gdm-1-1280x11280-1.png?resize=1080%2C1080&amp;ssl=1 1080w, https:\/\/i0.wp.com\/terjebjornstad.com\/no\/wp-content\/uploads\/2022\/10\/gdm-1-1280x11280-1.png?resize=150%2C150&amp;ssl=1 150w, https:\/\/i0.wp.com\/terjebjornstad.com\/no\/wp-content\/uploads\/2022\/10\/gdm-1-1280x11280-1.png?resize=768%2C768&amp;ssl=1 768w, https:\/\/i0.wp.com\/terjebjornstad.com\/no\/wp-content\/uploads\/2022\/10\/gdm-1-1280x11280-1.png?resize=690%2C690&amp;ssl=1 690w, https:\/\/i0.wp.com\/terjebjornstad.com\/no\/wp-content\/uploads\/2022\/10\/gdm-1-1280x11280-1.png?resize=980%2C980&amp;ssl=1 980w, https:\/\/i0.wp.com\/terjebjornstad.com\/no\/wp-content\/uploads\/2022\/10\/gdm-1-1280x11280-1.png?resize=50%2C50&amp;ssl=1 50w\" sizes=\"auto, (max-width: 980px) 100vw, 980px\" \/><\/a><figcaption id=\"caption-attachment-53297\" class=\"wp-caption-text\">Tidlig morgen p\u00e5 Gardermoen. Tr\u00f8tt hundeier venter p\u00e5 innsjekking av hund<\/figcaption><\/figure>\n<h3 class=\"tebh2\">\u00d8konomiske betraktninger<\/h3>\n<p>Ta disse betraktningene med en klype salt! Det er kun ment som indikasjon p\u00e5 hva bil i utlandet kan koste. Forsikring er ikke tatt med i oversikten. <\/p>\n\n<p><strong>Ordin\u00e6r leiebil<\/strong><br \/>\nPr mnd basert p\u00e5 leieperiode a 2 mnd: 13 650 NOK<br \/>\nEksempel er basert p\u00e5 leie av Skoda Kamiq fra Sixt i Barcelona tidlig 2023. Prisene kan variere enormt!<\/p>\n<p><strong>Langtidsleie<\/strong><br \/>\nPr mnd basert p\u00e5 leieperiode a 2 mnd: 6 000 NOK<br \/>\nAntatt andel av etableringskostnad: 1 000 NOK<br \/>\nEksempel er basert p\u00e5 langtidsleie av Skoda Kamiq fra Sixt+ i Barcelona tidlig 2023. L\u00f8sningen er i startfasen for Barcelona.<\/p>\n<p><strong>Kj\u00f8pe ny bil til hel\u00e5rsbruk 12 mnd\/\u00e5r<\/strong><br \/>\nAntatt verditap pr mnd: 2 000 NOK<br \/>\nAntatt servicekost pr mnd: 150 NOK<br \/>\nAntatt kapitalkost pr mnd: 600 NOK<br \/>\nLeie av garasje\/parkering: 1 000 NOK<br \/>\nEksemplet er basert p\u00e5 kj\u00f8p av bil til 240 000, antatt salgspris etter 5 \u00e5r 120 000, 3% kapitalkost p.a. Parkeringsleie enten i lokal garasje eller avtalt p-avtale i n\u00e6rheten av Barcelona El Prat.<\/p>\n<p><strong>Kj\u00f8pe ny bil som brukes kun 4 mnd\/\u00e5r<\/strong><br \/>\nAntatt verditap pr mnd i bruk: 6 000 NOK<br \/>\nAntatt servicekost pr mnd i bruk: 450 NOK<br \/>\nAntatt kapitalkost pr mnd i bruk: 1 800 NOK<br \/>\nLeie av garasje\/parkering: 1 000 NOK<br \/>\nEksemplet er basert p\u00e5 kj\u00f8p av bil til 240 000, antatt salgspris etter 5 \u00e5r 120 000, 3% kapitalkost p.a. Parkeringsleie enten i lokal garasje eller avtalt p-avtale i n\u00e6rheten av Barcelona El Prat.<\/p>\n<p><strong>Kj\u00f8pe eldre bil til hel\u00e5rsbruk 12 mnd\/\u00e5r<\/strong><br \/>\nAntatt verditap pr mnd: 1 000 NOK<br \/>\nAntatt servicekost pr mnd: 300 NOK<br \/>\nAntatt kapitalkost pr mnd: 300 NOK<br \/>\nLeie av garasje\/parkering: 1 000 NOK<br \/>\nEksemplet er basert p\u00e5 kj\u00f8p av bil til 120 000, antatt salgspris etter 5 \u00e5r 60 000, 3% kapitalkost p.a. Parkeringsleie enten i lokal garasje eller avtalt p-avtale i n\u00e6rheten av Barcelona El Prat.<\/p>\n<p><strong>Kj\u00f8pe eldre bil som brukes i kun 4 mnd\/\u00e5r<\/strong><br \/>\nAntatt verditap pr mnd i bruk: 3 000 NOK<br \/>\nAntatt servicekost pr mnd i bruk: 900 NOK<br \/>\nAntatt kapitalkost pr mnd i bruk: 900 NOK<br \/>\nLeie av garasje\/parkering: 1 000 NOK<br \/>\nEksemplet er basert p\u00e5 kj\u00f8p av bil til 120 000, antatt salgspris etter 5 \u00e5r 60 000, 3% kapitalkost p.a. Parkeringsleie enten i lokal garasje eller avtalt p-avtale i n\u00e6rheten av Barcelona El Prat.<\/p>\n<hr \/>\n<h3 class=\"tebh2\">NAV f\u00f8lger med<\/h3>\n<p><img data-recalc-dims=\"1\" loading=\"lazy\" decoding=\"async\" data-attachment-id=\"21608\" data-permalink=\"https:\/\/terjebjornstad.com\/no\/2019\/02\/08\/enkel-motorisering-til-unnsetning\/terjesbiler-the-gbu\/\" data-orig-file=\"https:\/\/i0.wp.com\/terjebjornstad.com\/no\/wp-content\/uploads\/2019\/02\/terjesbiler-the-gbu.png?fit=96%2C96&amp;ssl=1\" data-orig-size=\"96,96\" data-comments-opened=\"1\" data-image-meta=\"{&quot;aperture&quot;:&quot;0&quot;,&quot;credit&quot;:&quot;&quot;,&quot;camera&quot;:&quot;&quot;,&quot;caption&quot;:&quot;&quot;,&quot;created_timestamp&quot;:&quot;0&quot;,&quot;copyright&quot;:&quot;&quot;,&quot;focal_length&quot;:&quot;0&quot;,&quot;iso&quot;:&quot;0&quot;,&quot;shutter_speed&quot;:&quot;0&quot;,&quot;title&quot;:&quot;&quot;,&quot;orientation&quot;:&quot;0&quot;}\" data-image-title=\"terjesbiler-the-gbu\" data-image-description=\"\" data-image-caption=\"&lt;p&gt;&amp;nbsp;&lt;\/p&gt;\n\" data-large-file=\"https:\/\/i0.wp.com\/terjebjornstad.com\/no\/wp-content\/uploads\/2019\/02\/terjesbiler-the-gbu.png?fit=96%2C96&amp;ssl=1\" src=\"https:\/\/i0.wp.com\/terjebjornstad.com\/no\/wp-content\/uploads\/2019\/02\/terjesbiler-the-gbu.png?resize=96%2C96&#038;ssl=1\" alt=\"terjes biler\" width=\"96\" height=\"96\" class=\"alignleft size-full wp-image-21608\" srcset=\"https:\/\/i0.wp.com\/terjebjornstad.com\/no\/wp-content\/uploads\/2019\/02\/terjesbiler-the-gbu.png?w=96&amp;ssl=1 96w, https:\/\/i0.wp.com\/terjebjornstad.com\/no\/wp-content\/uploads\/2019\/02\/terjesbiler-the-gbu.png?resize=50%2C50&amp;ssl=1 50w\" sizes=\"auto, (max-width: 96px) 100vw, 96px\" \/>Feriehus og pensjonist &#8211; eller mulighet til \u00e5 jobbe fra utlandet? Synes du 6 m\u00e5neder pr \u00e5r er for lite? Sjekk dette!<\/p>\n<p>Av de siste 2 \u00e5r kan man oppholde seg inntil 12 m\u00e5neder i utlandet uten \u00e5 bli utmeldt av Folketrygden. Det betyr mindre enn 6 m\u00e5neder i snitt pr \u00e5r. <\/p>\n<p>Kan man ikke v\u00e6re lenger? Hva kan skje? Hvem bryr seg?<\/p>\n<p>Jeg er blitt fortalt at NAV kan identifisere deg som eier\/deleier av bolig i utlandet. Det er <em>d\u00e9t<\/em> som gj\u00f8r at du kan havne i s\u00f8kelyset. Innsyn i bevegelsene p\u00e5 dine bankkontoer og flyhistorikk avsl\u00f8rer tidsrommet som du bodde i utenlandshuset. S\u00e5 vidt jeg vet, foretas det ingen systematisk kontroll av personer med hus i utlandet, men kontroller blir av og til gjennomf\u00f8rt i forbindelse med utbetalinger fra NAV\/Folketrygden. Avdekkes det at reglene for utenlandsopphold er brutt, kan man risikere \u00e5 miste trygd eller at man m\u00e5 betale helseutgifter selv.<\/p>\n<h3 class=\"tebh2\">Se ogs\u00e5<\/h3>\n<p><figure id=\"attachment_20255\" aria-describedby=\"caption-attachment-20255\" style=\"width: 150px\" class=\"wp-caption alignleft\"><a href=\"https:\/\/terjebjornstad.com\/no\/2018\/11\/06\/kjope-bil-i-frankrike\/\"><img data-recalc-dims=\"1\" loading=\"lazy\" decoding=\"async\" data-attachment-id=\"20255\" data-permalink=\"https:\/\/terjebjornstad.com\/no\/terjes-biler\/kjope-bil-frankrike-320x400\/\" data-orig-file=\"https:\/\/i0.wp.com\/terjebjornstad.com\/no\/wp-content\/uploads\/2018\/11\/kjope-bil-frankrike-320x400.png?fit=320%2C400&amp;ssl=1\" data-orig-size=\"320,400\" data-comments-opened=\"1\" data-image-meta=\"{&quot;aperture&quot;:&quot;0&quot;,&quot;credit&quot;:&quot;&quot;,&quot;camera&quot;:&quot;&quot;,&quot;caption&quot;:&quot;&quot;,&quot;created_timestamp&quot;:&quot;0&quot;,&quot;copyright&quot;:&quot;&quot;,&quot;focal_length&quot;:&quot;0&quot;,&quot;iso&quot;:&quot;0&quot;,&quot;shutter_speed&quot;:&quot;0&quot;,&quot;title&quot;:&quot;&quot;,&quot;orientation&quot;:&quot;0&quot;}\" data-image-title=\"kjope-bil-frankrike-320&amp;#215;400\" data-image-description=\"\" data-image-caption=\"&lt;p&gt;Kj\u00f8pe bil i Frankrike&lt;\/p&gt;\n\" data-large-file=\"https:\/\/i0.wp.com\/terjebjornstad.com\/no\/wp-content\/uploads\/2018\/11\/kjope-bil-frankrike-320x400.png?fit=320%2C400&amp;ssl=1\" src=\"https:\/\/i0.wp.com\/terjebjornstad.com\/no\/wp-content\/uploads\/2018\/11\/kjope-bil-frankrike-320x400.png?resize=150%2C150&#038;ssl=1\" alt=\"\" width=\"150\" height=\"150\" class=\"size-thumbnail wp-image-20255\" srcset=\"https:\/\/i0.wp.com\/terjebjornstad.com\/no\/wp-content\/uploads\/2018\/11\/kjope-bil-frankrike-320x400.png?resize=150%2C150&amp;ssl=1 150w, https:\/\/i0.wp.com\/terjebjornstad.com\/no\/wp-content\/uploads\/2018\/11\/kjope-bil-frankrike-320x400.png?resize=50%2C50&amp;ssl=1 50w, https:\/\/i0.wp.com\/terjebjornstad.com\/no\/wp-content\/uploads\/2018\/11\/kjope-bil-frankrike-320x400.png?zoom=2&amp;resize=150%2C150&amp;ssl=1 300w\" sizes=\"auto, (max-width: 150px) 100vw, 150px\" \/><\/a><figcaption id=\"caption-attachment-20255\" class=\"wp-caption-text\">Kj\u00f8pe bil i Frankrike<\/figcaption><\/figure><figure id=\"attachment_48081\" aria-describedby=\"caption-attachment-48081\" style=\"width: 150px\" class=\"wp-caption alignleft\"><a href=\"https:\/\/terjebjornstad.com\/no\/2022\/04\/08\/skoda-kamiq\/\"><img data-recalc-dims=\"1\" loading=\"lazy\" decoding=\"async\" data-attachment-id=\"48081\" data-permalink=\"https:\/\/terjebjornstad.com\/no\/terjes-biler\/kamiq-320x400\/\" data-orig-file=\"https:\/\/i0.wp.com\/terjebjornstad.com\/no\/wp-content\/uploads\/2022\/04\/kamiq-320x400-1.png?fit=320%2C400&amp;ssl=1\" data-orig-size=\"320,400\" data-comments-opened=\"1\" data-image-meta=\"{&quot;aperture&quot;:&quot;0&quot;,&quot;credit&quot;:&quot;&quot;,&quot;camera&quot;:&quot;&quot;,&quot;caption&quot;:&quot;&quot;,&quot;created_timestamp&quot;:&quot;0&quot;,&quot;copyright&quot;:&quot;&quot;,&quot;focal_length&quot;:&quot;0&quot;,&quot;iso&quot;:&quot;0&quot;,&quot;shutter_speed&quot;:&quot;0&quot;,&quot;title&quot;:&quot;&quot;,&quot;orientation&quot;:&quot;0&quot;}\" data-image-title=\"kamiq-320&amp;#215;400\" data-image-description=\"\" data-image-caption=\"&lt;p&gt;Skoda Kamiq&lt;\/p&gt;\n\" data-large-file=\"https:\/\/i0.wp.com\/terjebjornstad.com\/no\/wp-content\/uploads\/2022\/04\/kamiq-320x400-1.png?fit=320%2C400&amp;ssl=1\" src=\"https:\/\/i0.wp.com\/terjebjornstad.com\/no\/wp-content\/uploads\/2022\/04\/kamiq-320x400-1.png?resize=150%2C150&#038;ssl=1\" alt=\"\" width=\"150\" height=\"150\" class=\"size-thumbnail wp-image-48081\" srcset=\"https:\/\/i0.wp.com\/terjebjornstad.com\/no\/wp-content\/uploads\/2022\/04\/kamiq-320x400-1.png?resize=150%2C150&amp;ssl=1 150w, https:\/\/i0.wp.com\/terjebjornstad.com\/no\/wp-content\/uploads\/2022\/04\/kamiq-320x400-1.png?resize=50%2C50&amp;ssl=1 50w, https:\/\/i0.wp.com\/terjebjornstad.com\/no\/wp-content\/uploads\/2022\/04\/kamiq-320x400-1.png?zoom=2&amp;resize=150%2C150&amp;ssl=1 300w\" sizes=\"auto, (max-width: 150px) 100vw, 150px\" \/><\/a><figcaption id=\"caption-attachment-48081\" class=\"wp-caption-text\">Skoda Kamiq<\/figcaption><\/figure>\n<\/div>\n","protected":false,"gt_translate_keys":[{"key":"rendered","format":"html"}]},"excerpt":{"rendered":"<p>I likhet med mange andre nordmenn bor vi deler av \u00e5ret i utlandet. Jeg lurer p\u00e5 hvilken bill\u00f8sning som passer best for et ektepar med hund. Kj\u00f8pe, leie &#8211; eller ta med sin norske bil? Terrassed\u00f8ren er \u00e5pen Ute er det 29 grader til tross for at vi er i slutten av oktober. Restaurantene serverer [&hellip;]<\/p>\n","protected":false,"gt_translate_keys":[{"key":"rendered","format":"html"}]},"author":1,"featured_media":53296,"comment_status":"open","ping_status":"open","sticky":false,"template":"","format":"standard","meta":{"_monsterinsights_skip_tracking":false,"_monsterinsights_sitenote_active":false,"_monsterinsights_sitenote_note":"","_monsterinsights_sitenote_category":0,"jetpack_post_was_ever_published":false,"_jetpack_newsletter_access":"","_jetpack_dont_email_post_to_subs":false,"_jetpack_newsletter_tier_id":0,"_jetpack_memberships_contains_paywalled_content":false,"_jetpack_memberships_contains_paid_content":false,"footnotes":"","jetpack_publicize_message":"","jetpack_publicize_feature_enabled":true,"jetpack_social_post_already_shared":true,"jetpack_social_options":{"image_generator_settings":{"template":"highway","default_image_id":0,"font":"","enabled":false},"version":2}},"categories":[34,2969,4257,1534,4303],"tags":[],"class_list":["post-53303","post","type-post","status-publish","format-standard","has-post-thumbnail","hentry","category-artikkel","category-bilkjop","category-kamiq","category-leiebil","category-sixt"],"yoast_head":"<!-- This site is optimized with the Yoast SEO plugin v27.5 - https:\/\/yoast.com\/product\/yoast-seo-wordpress\/ -->\n<title>Bil i utlandet - langtidsleie eller eie? - Terjes biler<\/title>\n<meta name=\"description\" content=\"Langtidsleie og bilabonnement er alternativer til \u00e5 eie bil i utlandet. Uansett blir det dyrt med tanke p\u00e5 hvor mye man bruker bilen.\" \/>\n<meta name=\"robots\" content=\"index, follow, max-snippet:-1, max-image-preview:large, max-video-preview:-1\" \/>\n<link rel=\"canonical\" href=\"https:\/\/terjebjornstad.com\/no\/2022\/10\/26\/bil-i-utlandet-langtidsleie\/\" \/>\n<meta property=\"og:locale\" content=\"nb_NO\" \/>\n<meta property=\"og:type\" content=\"article\" \/>\n<meta property=\"og:title\" content=\"Bil i utlandet - langtidsleie eller eie? - Terjes biler\" \/>\n<meta property=\"og:description\" content=\"Langtidsleie og bilabonnement er alternativer til \u00e5 eie bil i utlandet. Uansett blir det dyrt med tanke p\u00e5 hvor mye man bruker bilen.\" \/>\n<meta property=\"og:url\" content=\"https:\/\/terjebjornstad.com\/no\/2022\/10\/26\/bil-i-utlandet-langtidsleie\/\" \/>\n<meta property=\"og:site_name\" content=\"Terjes biler\" \/>\n<meta property=\"article:publisher\" content=\"https:\/\/www.facebook.com\/terjesbiler\/\" \/>\n<meta property=\"article:author\" content=\"https:\/\/www.facebook.com\/terjesbiler\" \/>\n<meta property=\"article:published_time\" content=\"2022-10-26T20:50:46+00:00\" \/>\n<meta property=\"article:modified_time\" content=\"2026-03-18T19:04:43+00:00\" \/>\n<meta property=\"og:image\" content=\"https:\/\/terjebjornstad.com\/no\/wp-content\/uploads\/2022\/10\/ceret-1280x853-1-1080x720.png\" \/>\n\t<meta property=\"og:image:width\" content=\"1080\" \/>\n\t<meta property=\"og:image:height\" content=\"720\" \/>\n\t<meta property=\"og:image:type\" content=\"image\/png\" \/>\n<meta name=\"author\" content=\"Terje Bj\u00f8rnstad\" \/>\n<meta name=\"twitter:card\" content=\"summary_large_image\" \/>\n<meta name=\"twitter:label1\" content=\"Skrevet av\" \/>\n\t<meta name=\"twitter:data1\" content=\"Terje Bj\u00f8rnstad\" \/>\n\t<meta name=\"twitter:label2\" content=\"Ansl. lesetid\" \/>\n\t<meta name=\"twitter:data2\" content=\"12 minutter\" \/>\n<script type=\"application\/ld+json\" class=\"yoast-schema-graph\">{\"@context\":\"https:\\\/\\\/schema.org\",\"@graph\":[{\"@type\":\"Article\",\"@id\":\"https:\\\/\\\/terjebjornstad.com\\\/no\\\/2022\\\/10\\\/26\\\/bil-i-utlandet-langtidsleie\\\/#article\",\"isPartOf\":{\"@id\":\"https:\\\/\\\/terjebjornstad.com\\\/no\\\/2022\\\/10\\\/26\\\/bil-i-utlandet-langtidsleie\\\/\"},\"author\":{\"name\":\"Terje Bj\u00f8rnstad\",\"@id\":\"https:\\\/\\\/terjebjornstad.com\\\/no\\\/#\\\/schema\\\/person\\\/a281f6a6e0f3cc9fe468e7f0c655aa65\"},\"headline\":\"Bil i utlandet &#8211; langtidsleie eller eie?\",\"datePublished\":\"2022-10-26T20:50:46+00:00\",\"dateModified\":\"2026-03-18T19:04:43+00:00\",\"mainEntityOfPage\":{\"@id\":\"https:\\\/\\\/terjebjornstad.com\\\/no\\\/2022\\\/10\\\/26\\\/bil-i-utlandet-langtidsleie\\\/\"},\"wordCount\":1831,\"commentCount\":0,\"publisher\":{\"@id\":\"https:\\\/\\\/terjebjornstad.com\\\/no\\\/#organization\"},\"image\":{\"@id\":\"https:\\\/\\\/terjebjornstad.com\\\/no\\\/2022\\\/10\\\/26\\\/bil-i-utlandet-langtidsleie\\\/#primaryimage\"},\"thumbnailUrl\":\"https:\\\/\\\/i0.wp.com\\\/terjebjornstad.com\\\/no\\\/wp-content\\\/uploads\\\/2022\\\/10\\\/ceret-1280x853-1.png?fit=1280%2C853&ssl=1\",\"articleSection\":[\"Artikkel\",\"Bilkj\u00f8p\",\"Kamiq\",\"Leiebil\",\"Sixt\"],\"inLanguage\":\"nb-NO\",\"potentialAction\":[{\"@type\":\"CommentAction\",\"name\":\"Comment\",\"target\":[\"https:\\\/\\\/terjebjornstad.com\\\/no\\\/2022\\\/10\\\/26\\\/bil-i-utlandet-langtidsleie\\\/#respond\"]}]},{\"@type\":\"WebPage\",\"@id\":\"https:\\\/\\\/terjebjornstad.com\\\/no\\\/2022\\\/10\\\/26\\\/bil-i-utlandet-langtidsleie\\\/\",\"url\":\"https:\\\/\\\/terjebjornstad.com\\\/no\\\/2022\\\/10\\\/26\\\/bil-i-utlandet-langtidsleie\\\/\",\"name\":\"Bil i utlandet - langtidsleie eller eie? - Terjes biler\",\"isPartOf\":{\"@id\":\"https:\\\/\\\/terjebjornstad.com\\\/no\\\/#website\"},\"primaryImageOfPage\":{\"@id\":\"https:\\\/\\\/terjebjornstad.com\\\/no\\\/2022\\\/10\\\/26\\\/bil-i-utlandet-langtidsleie\\\/#primaryimage\"},\"image\":{\"@id\":\"https:\\\/\\\/terjebjornstad.com\\\/no\\\/2022\\\/10\\\/26\\\/bil-i-utlandet-langtidsleie\\\/#primaryimage\"},\"thumbnailUrl\":\"https:\\\/\\\/i0.wp.com\\\/terjebjornstad.com\\\/no\\\/wp-content\\\/uploads\\\/2022\\\/10\\\/ceret-1280x853-1.png?fit=1280%2C853&ssl=1\",\"datePublished\":\"2022-10-26T20:50:46+00:00\",\"dateModified\":\"2026-03-18T19:04:43+00:00\",\"description\":\"Langtidsleie og bilabonnement er alternativer til \u00e5 eie bil i utlandet. Uansett blir det dyrt med tanke p\u00e5 hvor mye man bruker bilen.\",\"breadcrumb\":{\"@id\":\"https:\\\/\\\/terjebjornstad.com\\\/no\\\/2022\\\/10\\\/26\\\/bil-i-utlandet-langtidsleie\\\/#breadcrumb\"},\"inLanguage\":\"nb-NO\",\"potentialAction\":[{\"@type\":\"ReadAction\",\"target\":[\"https:\\\/\\\/terjebjornstad.com\\\/no\\\/2022\\\/10\\\/26\\\/bil-i-utlandet-langtidsleie\\\/\"]}]},{\"@type\":\"ImageObject\",\"inLanguage\":\"nb-NO\",\"@id\":\"https:\\\/\\\/terjebjornstad.com\\\/no\\\/2022\\\/10\\\/26\\\/bil-i-utlandet-langtidsleie\\\/#primaryimage\",\"url\":\"https:\\\/\\\/i0.wp.com\\\/terjebjornstad.com\\\/no\\\/wp-content\\\/uploads\\\/2022\\\/10\\\/ceret-1280x853-1.png?fit=1280%2C853&ssl=1\",\"contentUrl\":\"https:\\\/\\\/i0.wp.com\\\/terjebjornstad.com\\\/no\\\/wp-content\\\/uploads\\\/2022\\\/10\\\/ceret-1280x853-1.png?fit=1280%2C853&ssl=1\",\"width\":1280,\"height\":853,\"caption\":\"&nbsp; Bil i utlandet - langtidsleie eller eie? I likhet med mange andre nordmenn bor vi deler av \u00e5ret i utlandet. Jeg lurer p\u00e5 hvilken bill\u00f8sning som passer best for et ektepar med hund. Kj\u00f8pe, leie \u2013 eller ta med sin norske bil? Se mer >> &nbsp;\"},{\"@type\":\"BreadcrumbList\",\"@id\":\"https:\\\/\\\/terjebjornstad.com\\\/no\\\/2022\\\/10\\\/26\\\/bil-i-utlandet-langtidsleie\\\/#breadcrumb\",\"itemListElement\":[{\"@type\":\"ListItem\",\"position\":1,\"name\":\"Hjem\",\"item\":\"https:\\\/\\\/terjebjornstad.com\\\/no\\\/\"},{\"@type\":\"ListItem\",\"position\":2,\"name\":\"Bil i utlandet &#8211; langtidsleie eller eie?\"}]},{\"@type\":\"WebSite\",\"@id\":\"https:\\\/\\\/terjebjornstad.com\\\/no\\\/#website\",\"url\":\"https:\\\/\\\/terjebjornstad.com\\\/no\\\/\",\"name\":\"Terjes biler\",\"description\":\"HONEST ABOUT CARS\",\"publisher\":{\"@id\":\"https:\\\/\\\/terjebjornstad.com\\\/no\\\/#organization\"},\"alternateName\":\"Terjebjornstad.com\",\"potentialAction\":[{\"@type\":\"SearchAction\",\"target\":{\"@type\":\"EntryPoint\",\"urlTemplate\":\"https:\\\/\\\/terjebjornstad.com\\\/no\\\/?s={search_term_string}\"},\"query-input\":{\"@type\":\"PropertyValueSpecification\",\"valueRequired\":true,\"valueName\":\"search_term_string\"}}],\"inLanguage\":\"nb-NO\"},{\"@type\":\"Organization\",\"@id\":\"https:\\\/\\\/terjebjornstad.com\\\/no\\\/#organization\",\"name\":\"Terje Bj\u00f8rnstad ENK\",\"url\":\"https:\\\/\\\/terjebjornstad.com\\\/no\\\/\",\"logo\":{\"@type\":\"ImageObject\",\"inLanguage\":\"nb-NO\",\"@id\":\"https:\\\/\\\/terjebjornstad.com\\\/no\\\/#\\\/schema\\\/logo\\\/image\\\/\",\"url\":\"https:\\\/\\\/i0.wp.com\\\/terjebjornstad.com\\\/no\\\/wp-content\\\/uploads\\\/2026\\\/02\\\/terjesbiler2024-960x354-1.png?fit=960%2C354&ssl=1\",\"contentUrl\":\"https:\\\/\\\/i0.wp.com\\\/terjebjornstad.com\\\/no\\\/wp-content\\\/uploads\\\/2026\\\/02\\\/terjesbiler2024-960x354-1.png?fit=960%2C354&ssl=1\",\"width\":960,\"height\":354,\"caption\":\"Terje Bj\u00f8rnstad ENK\"},\"image\":{\"@id\":\"https:\\\/\\\/terjebjornstad.com\\\/no\\\/#\\\/schema\\\/logo\\\/image\\\/\"},\"sameAs\":[\"https:\\\/\\\/www.facebook.com\\\/terjesbiler\\\/\",\"https:\\\/\\\/www.instagram.com\\\/terjesbiler\\\/\",\"https:\\\/\\\/www.pinteres.com\\\/terjebjrnstad\\\/terjes-biler\\\/\"]},{\"@type\":\"Person\",\"@id\":\"https:\\\/\\\/terjebjornstad.com\\\/no\\\/#\\\/schema\\\/person\\\/a281f6a6e0f3cc9fe468e7f0c655aa65\",\"name\":\"Terje Bj\u00f8rnstad\",\"image\":{\"@type\":\"ImageObject\",\"inLanguage\":\"nb-NO\",\"@id\":\"https:\\\/\\\/secure.gravatar.com\\\/avatar\\\/e8dff505b51cf6cb67ae06a06022d2049aac2da1e79dc146a36b58798c4b40ea?s=96&d=mm&r=g\",\"url\":\"https:\\\/\\\/secure.gravatar.com\\\/avatar\\\/e8dff505b51cf6cb67ae06a06022d2049aac2da1e79dc146a36b58798c4b40ea?s=96&d=mm&r=g\",\"contentUrl\":\"https:\\\/\\\/secure.gravatar.com\\\/avatar\\\/e8dff505b51cf6cb67ae06a06022d2049aac2da1e79dc146a36b58798c4b40ea?s=96&d=mm&r=g\",\"caption\":\"Terje Bj\u00f8rnstad\"},\"description\":\"Terje Bj\u00f8rnstad. Bloggadministrator, hobbyfotograf og bilnerd.\",\"sameAs\":[\"https:\\\/\\\/www.facebook.com\\\/terjesbiler\",\"https:\\\/\\\/www.instagram.com\\\/terjesbiler\",\"https:\\\/\\\/no.pinterest.com\\\/terjebjrnstad\",\"https:\\\/\\\/www.youtube.com\\\/channel\\\/UCzCKJJDybyIgKqatc_JQqIg\"]}]}<\/script>\n<!-- \/ Yoast SEO plugin. -->","yoast_head_json":{"title":"Bil i utlandet - langtidsleie eller eie? - Terjes biler","description":"Langtidsleie og bilabonnement er alternativer til \u00e5 eie bil i utlandet. Uansett blir det dyrt med tanke p\u00e5 hvor mye man bruker bilen.","robots":{"index":"index","follow":"follow","max-snippet":"max-snippet:-1","max-image-preview":"max-image-preview:large","max-video-preview":"max-video-preview:-1"},"canonical":"https:\/\/terjebjornstad.com\/no\/2022\/10\/26\/bil-i-utlandet-langtidsleie\/","og_locale":"nb_NO","og_type":"article","og_title":"Bil i utlandet - langtidsleie eller eie? - Terjes biler","og_description":"Langtidsleie og bilabonnement er alternativer til \u00e5 eie bil i utlandet. Uansett blir det dyrt med tanke p\u00e5 hvor mye man bruker bilen.","og_url":"https:\/\/terjebjornstad.com\/no\/2022\/10\/26\/bil-i-utlandet-langtidsleie\/","og_site_name":"Terjes biler","article_publisher":"https:\/\/www.facebook.com\/terjesbiler\/","article_author":"https:\/\/www.facebook.com\/terjesbiler","article_published_time":"2022-10-26T20:50:46+00:00","article_modified_time":"2026-03-18T19:04:43+00:00","og_image":[{"width":1080,"height":720,"url":"https:\/\/terjebjornstad.com\/no\/wp-content\/uploads\/2022\/10\/ceret-1280x853-1-1080x720.png","type":"image\/png"}],"author":"Terje Bj\u00f8rnstad","twitter_card":"summary_large_image","twitter_misc":{"Skrevet av":"Terje Bj\u00f8rnstad","Ansl. lesetid":"12 minutter"},"schema":{"@context":"https:\/\/schema.org","@graph":[{"@type":"Article","@id":"https:\/\/terjebjornstad.com\/no\/2022\/10\/26\/bil-i-utlandet-langtidsleie\/#article","isPartOf":{"@id":"https:\/\/terjebjornstad.com\/no\/2022\/10\/26\/bil-i-utlandet-langtidsleie\/"},"author":{"name":"Terje Bj\u00f8rnstad","@id":"https:\/\/terjebjornstad.com\/no\/#\/schema\/person\/a281f6a6e0f3cc9fe468e7f0c655aa65"},"headline":"Bil i utlandet &#8211; langtidsleie eller eie?","datePublished":"2022-10-26T20:50:46+00:00","dateModified":"2026-03-18T19:04:43+00:00","mainEntityOfPage":{"@id":"https:\/\/terjebjornstad.com\/no\/2022\/10\/26\/bil-i-utlandet-langtidsleie\/"},"wordCount":1831,"commentCount":0,"publisher":{"@id":"https:\/\/terjebjornstad.com\/no\/#organization"},"image":{"@id":"https:\/\/terjebjornstad.com\/no\/2022\/10\/26\/bil-i-utlandet-langtidsleie\/#primaryimage"},"thumbnailUrl":"https:\/\/i0.wp.com\/terjebjornstad.com\/no\/wp-content\/uploads\/2022\/10\/ceret-1280x853-1.png?fit=1280%2C853&ssl=1","articleSection":["Artikkel","Bilkj\u00f8p","Kamiq","Leiebil","Sixt"],"inLanguage":"nb-NO","potentialAction":[{"@type":"CommentAction","name":"Comment","target":["https:\/\/terjebjornstad.com\/no\/2022\/10\/26\/bil-i-utlandet-langtidsleie\/#respond"]}]},{"@type":"WebPage","@id":"https:\/\/terjebjornstad.com\/no\/2022\/10\/26\/bil-i-utlandet-langtidsleie\/","url":"https:\/\/terjebjornstad.com\/no\/2022\/10\/26\/bil-i-utlandet-langtidsleie\/","name":"Bil i utlandet - langtidsleie eller eie? - Terjes biler","isPartOf":{"@id":"https:\/\/terjebjornstad.com\/no\/#website"},"primaryImageOfPage":{"@id":"https:\/\/terjebjornstad.com\/no\/2022\/10\/26\/bil-i-utlandet-langtidsleie\/#primaryimage"},"image":{"@id":"https:\/\/terjebjornstad.com\/no\/2022\/10\/26\/bil-i-utlandet-langtidsleie\/#primaryimage"},"thumbnailUrl":"https:\/\/i0.wp.com\/terjebjornstad.com\/no\/wp-content\/uploads\/2022\/10\/ceret-1280x853-1.png?fit=1280%2C853&ssl=1","datePublished":"2022-10-26T20:50:46+00:00","dateModified":"2026-03-18T19:04:43+00:00","description":"Langtidsleie og bilabonnement er alternativer til \u00e5 eie bil i utlandet. Uansett blir det dyrt med tanke p\u00e5 hvor mye man bruker bilen.","breadcrumb":{"@id":"https:\/\/terjebjornstad.com\/no\/2022\/10\/26\/bil-i-utlandet-langtidsleie\/#breadcrumb"},"inLanguage":"nb-NO","potentialAction":[{"@type":"ReadAction","target":["https:\/\/terjebjornstad.com\/no\/2022\/10\/26\/bil-i-utlandet-langtidsleie\/"]}]},{"@type":"ImageObject","inLanguage":"nb-NO","@id":"https:\/\/terjebjornstad.com\/no\/2022\/10\/26\/bil-i-utlandet-langtidsleie\/#primaryimage","url":"https:\/\/i0.wp.com\/terjebjornstad.com\/no\/wp-content\/uploads\/2022\/10\/ceret-1280x853-1.png?fit=1280%2C853&ssl=1","contentUrl":"https:\/\/i0.wp.com\/terjebjornstad.com\/no\/wp-content\/uploads\/2022\/10\/ceret-1280x853-1.png?fit=1280%2C853&ssl=1","width":1280,"height":853,"caption":"&nbsp; Bil i utlandet - langtidsleie eller eie? I likhet med mange andre nordmenn bor vi deler av \u00e5ret i utlandet. Jeg lurer p\u00e5 hvilken bill\u00f8sning som passer best for et ektepar med hund. Kj\u00f8pe, leie \u2013 eller ta med sin norske bil? Se mer >> &nbsp;"},{"@type":"BreadcrumbList","@id":"https:\/\/terjebjornstad.com\/no\/2022\/10\/26\/bil-i-utlandet-langtidsleie\/#breadcrumb","itemListElement":[{"@type":"ListItem","position":1,"name":"Hjem","item":"https:\/\/terjebjornstad.com\/no\/"},{"@type":"ListItem","position":2,"name":"Bil i utlandet &#8211; langtidsleie eller eie?"}]},{"@type":"WebSite","@id":"https:\/\/terjebjornstad.com\/no\/#website","url":"https:\/\/terjebjornstad.com\/no\/","name":"Terjes biler","description":"HONEST ABOUT CARS","publisher":{"@id":"https:\/\/terjebjornstad.com\/no\/#organization"},"alternateName":"Terjebjornstad.com","potentialAction":[{"@type":"SearchAction","target":{"@type":"EntryPoint","urlTemplate":"https:\/\/terjebjornstad.com\/no\/?s={search_term_string}"},"query-input":{"@type":"PropertyValueSpecification","valueRequired":true,"valueName":"search_term_string"}}],"inLanguage":"nb-NO"},{"@type":"Organization","@id":"https:\/\/terjebjornstad.com\/no\/#organization","name":"Terje Bj\u00f8rnstad ENK","url":"https:\/\/terjebjornstad.com\/no\/","logo":{"@type":"ImageObject","inLanguage":"nb-NO","@id":"https:\/\/terjebjornstad.com\/no\/#\/schema\/logo\/image\/","url":"https:\/\/i0.wp.com\/terjebjornstad.com\/no\/wp-content\/uploads\/2026\/02\/terjesbiler2024-960x354-1.png?fit=960%2C354&ssl=1","contentUrl":"https:\/\/i0.wp.com\/terjebjornstad.com\/no\/wp-content\/uploads\/2026\/02\/terjesbiler2024-960x354-1.png?fit=960%2C354&ssl=1","width":960,"height":354,"caption":"Terje Bj\u00f8rnstad ENK"},"image":{"@id":"https:\/\/terjebjornstad.com\/no\/#\/schema\/logo\/image\/"},"sameAs":["https:\/\/www.facebook.com\/terjesbiler\/","https:\/\/www.instagram.com\/terjesbiler\/","https:\/\/www.pinteres.com\/terjebjrnstad\/terjes-biler\/"]},{"@type":"Person","@id":"https:\/\/terjebjornstad.com\/no\/#\/schema\/person\/a281f6a6e0f3cc9fe468e7f0c655aa65","name":"Terje Bj\u00f8rnstad","image":{"@type":"ImageObject","inLanguage":"nb-NO","@id":"https:\/\/secure.gravatar.com\/avatar\/e8dff505b51cf6cb67ae06a06022d2049aac2da1e79dc146a36b58798c4b40ea?s=96&d=mm&r=g","url":"https:\/\/secure.gravatar.com\/avatar\/e8dff505b51cf6cb67ae06a06022d2049aac2da1e79dc146a36b58798c4b40ea?s=96&d=mm&r=g","contentUrl":"https:\/\/secure.gravatar.com\/avatar\/e8dff505b51cf6cb67ae06a06022d2049aac2da1e79dc146a36b58798c4b40ea?s=96&d=mm&r=g","caption":"Terje Bj\u00f8rnstad"},"description":"Terje Bj\u00f8rnstad. Bloggadministrator, hobbyfotograf og bilnerd.","sameAs":["https:\/\/www.facebook.com\/terjesbiler","https:\/\/www.instagram.com\/terjesbiler","https:\/\/no.pinterest.com\/terjebjrnstad","https:\/\/www.youtube.com\/channel\/UCzCKJJDybyIgKqatc_JQqIg"]}]}},"jetpack_publicize_connections":[],"jetpack_featured_media_url":"https:\/\/i0.wp.com\/terjebjornstad.com\/no\/wp-content\/uploads\/2022\/10\/ceret-1280x853-1.png?fit=1280%2C853&ssl=1","jetpack_sharing_enabled":true,"jetpack_shortlink":"https:\/\/wp.me\/p48zYA-dRJ","jetpack-related-posts":[{"id":20225,"url":"https:\/\/terjebjornstad.com\/no\/2018\/11\/06\/kjope-bil-i-frankrike\/","url_meta":{"origin":53303,"position":0},"title":"Kj\u00f8pe bil i Frankrike","author":"Terje Bj\u00f8rnstad","date":"06\/11\/2018","format":false,"excerpt":"Une Peugeot 208 s'il vous pla\u00eet Hva heter n\u00e5 ryggealarm igjen p\u00e5 fransk? Jeg sa: \"De vet, den lyden man h\u00f8rer n\u00e5r man rygger?\", hvorp\u00e5 selgeren utbryter jovialt \"Ah d\u2019accord! Un Bip-bip-bip!\". Jeg har hatt gleden av \u00e5 bist\u00e5 en venninne med \u00e5 kj\u00f8pe bil - i Frankrike. Det ble\u2026","rel":"","context":"i &quot;208&quot;","block_context":{"text":"208","link":"https:\/\/terjebjornstad.com\/no\/category\/peugeot\/208\/"},"img":{"alt_text":"","src":"https:\/\/i0.wp.com\/terjebjornstad.com\/no\/wp-content\/uploads\/2018\/11\/peugeot-208-facelift-1080x720.png?fit=1080%2C720&ssl=1&resize=350%2C200","width":350,"height":200,"srcset":"https:\/\/i0.wp.com\/terjebjornstad.com\/no\/wp-content\/uploads\/2018\/11\/peugeot-208-facelift-1080x720.png?fit=1080%2C720&ssl=1&resize=350%2C200 1x, https:\/\/i0.wp.com\/terjebjornstad.com\/no\/wp-content\/uploads\/2018\/11\/peugeot-208-facelift-1080x720.png?fit=1080%2C720&ssl=1&resize=525%2C300 1.5x, https:\/\/i0.wp.com\/terjebjornstad.com\/no\/wp-content\/uploads\/2018\/11\/peugeot-208-facelift-1080x720.png?fit=1080%2C720&ssl=1&resize=700%2C400 2x, https:\/\/i0.wp.com\/terjebjornstad.com\/no\/wp-content\/uploads\/2018\/11\/peugeot-208-facelift-1080x720.png?fit=1080%2C720&ssl=1&resize=1050%2C600 3x"},"classes":[]},{"id":75100,"url":"https:\/\/terjebjornstad.com\/no\/2024\/09\/10\/dyre-ladepriser-i-utlandet\/","url_meta":{"origin":53303,"position":1},"title":"Dyr lading i utlandet","author":"Terje Bj\u00f8rnstad","date":"10\/09\/2024","format":false,"excerpt":"Alle vet at det er dyrere \u00e5 lade langs veien enn p\u00e5 egen vegglader. Men er det ogs\u00e5 dyrere \u00e5 lade i utlandet? Her er noen ferske tall! Nettavisen har skrevet om Michelle Fjeldberg fra Drammen som var p\u00e5 bilferie med familien i Tyskland. Ladeprisene der var betydelig h\u00f8yere enn\u2026","rel":"","context":"i &quot;Artikkel&quot;","block_context":{"text":"Artikkel","link":"https:\/\/terjebjornstad.com\/no\/category\/artikkel\/"},"img":{"alt_text":"","src":"https:\/\/i0.wp.com\/terjebjornstad.com\/no\/wp-content\/uploads\/2024\/09\/tyskland.jpg?fit=1200%2C800&ssl=1&resize=350%2C200","width":350,"height":200,"srcset":"https:\/\/i0.wp.com\/terjebjornstad.com\/no\/wp-content\/uploads\/2024\/09\/tyskland.jpg?fit=1200%2C800&ssl=1&resize=350%2C200 1x, https:\/\/i0.wp.com\/terjebjornstad.com\/no\/wp-content\/uploads\/2024\/09\/tyskland.jpg?fit=1200%2C800&ssl=1&resize=525%2C300 1.5x, https:\/\/i0.wp.com\/terjebjornstad.com\/no\/wp-content\/uploads\/2024\/09\/tyskland.jpg?fit=1200%2C800&ssl=1&resize=700%2C400 2x, https:\/\/i0.wp.com\/terjebjornstad.com\/no\/wp-content\/uploads\/2024\/09\/tyskland.jpg?fit=1200%2C800&ssl=1&resize=1050%2C600 3x"},"classes":[]},{"id":62909,"url":"https:\/\/terjebjornstad.com\/no\/2023\/09\/15\/teslas-unike-nettverk\/","url_meta":{"origin":53303,"position":2},"title":"Tesla p\u00e5 verksted i utlandet","author":"Terje Bj\u00f8rnstad","date":"15\/09\/2023","format":false,"excerpt":"Vi har testet Tesla-verksted i utlandet. Tesla-nettverket fungerer og er kanskje merkets viktigste og avgj\u00f8rende faktor. Med Tesla i utlandet Jeg bor til tider i Frankrike. I de siste m\u00e5nedene har jeg oppdaget at det er kommet flere Teslaer p\u00e5 veien, flere ladestasjoner og et helt nytt servicesenter. I august\u2026","rel":"","context":"i &quot;Artikkel&quot;","block_context":{"text":"Artikkel","link":"https:\/\/terjebjornstad.com\/no\/category\/artikkel\/"},"img":{"alt_text":"","src":"https:\/\/i0.wp.com\/terjebjornstad.com\/no\/wp-content\/uploads\/2023\/09\/OceanProd-Depositphotos-tesla1644-2000.jpg?fit=1200%2C800&ssl=1&resize=350%2C200","width":350,"height":200,"srcset":"https:\/\/i0.wp.com\/terjebjornstad.com\/no\/wp-content\/uploads\/2023\/09\/OceanProd-Depositphotos-tesla1644-2000.jpg?fit=1200%2C800&ssl=1&resize=350%2C200 1x, https:\/\/i0.wp.com\/terjebjornstad.com\/no\/wp-content\/uploads\/2023\/09\/OceanProd-Depositphotos-tesla1644-2000.jpg?fit=1200%2C800&ssl=1&resize=525%2C300 1.5x, https:\/\/i0.wp.com\/terjebjornstad.com\/no\/wp-content\/uploads\/2023\/09\/OceanProd-Depositphotos-tesla1644-2000.jpg?fit=1200%2C800&ssl=1&resize=700%2C400 2x, https:\/\/i0.wp.com\/terjebjornstad.com\/no\/wp-content\/uploads\/2023\/09\/OceanProd-Depositphotos-tesla1644-2000.jpg?fit=1200%2C800&ssl=1&resize=1050%2C600 3x"},"classes":[]},{"id":71413,"url":"https:\/\/terjebjornstad.com\/no\/2024\/04\/28\/med-elbil-til-europa-i-sommer\/","url_meta":{"origin":53303,"position":3},"title":"Med elbil til Europa i sommer?","author":"Terje Bj\u00f8rnstad","date":"28\/04\/2024","format":false,"excerpt":"Bare siden i fjor h\u00f8st, er det dukket opp flere nye ladestasjoner langs hovedrutene nedover i Europa. Det er enklere enn noensinne \u00e5 kj\u00f8re elbil. Men det l\u00f8nner seg \u00e5 planlegge turen p\u00e5 forh\u00e5nd i stedet for \u00e5 reise p\u00e5 lykke og fromme. Velg en god rute Hvis man skal\u2026","rel":"","context":"i &quot;Bilturisme&quot;","block_context":{"text":"Bilturisme","link":"https:\/\/terjebjornstad.com\/no\/category\/bilturisme\/"},"img":{"alt_text":"","src":"https:\/\/i0.wp.com\/terjebjornstad.com\/no\/wp-content\/uploads\/2024\/04\/reise.2024-1920x1280-1.jpg?fit=1200%2C800&ssl=1&resize=350%2C200","width":350,"height":200,"srcset":"https:\/\/i0.wp.com\/terjebjornstad.com\/no\/wp-content\/uploads\/2024\/04\/reise.2024-1920x1280-1.jpg?fit=1200%2C800&ssl=1&resize=350%2C200 1x, https:\/\/i0.wp.com\/terjebjornstad.com\/no\/wp-content\/uploads\/2024\/04\/reise.2024-1920x1280-1.jpg?fit=1200%2C800&ssl=1&resize=525%2C300 1.5x, https:\/\/i0.wp.com\/terjebjornstad.com\/no\/wp-content\/uploads\/2024\/04\/reise.2024-1920x1280-1.jpg?fit=1200%2C800&ssl=1&resize=700%2C400 2x, https:\/\/i0.wp.com\/terjebjornstad.com\/no\/wp-content\/uploads\/2024\/04\/reise.2024-1920x1280-1.jpg?fit=1200%2C800&ssl=1&resize=1050%2C600 3x"},"classes":[]},{"id":77476,"url":"https:\/\/terjebjornstad.com\/no\/2024\/11\/14\/i-en-kollisjon-har-to-gjort-feil\/","url_meta":{"origin":53303,"position":4},"title":"I en kollisjon har to gjort feil","author":"Terje Bj\u00f8rnstad","date":"14\/11\/2024","format":false,"excerpt":"\u00c5 kj\u00f8re bil er en av livets gleder. Men det kan ogs\u00e5 forandre livet totalt i l\u00f8pet av et sekund. Etter mange \u00e5r p\u00e5 veien, er ikke ulykker begrenset til noe man leser om i avisene. Selv om jeg har sett ulykker p\u00e5 n\u00e6rt hold, har jeg enn\u00e5 ikke v\u00e6rt\u2026","rel":"","context":"i &quot;adferd i trafikken&quot;","block_context":{"text":"adferd i trafikken","link":"https:\/\/terjebjornstad.com\/no\/category\/adferd-i-trafikken\/"},"img":{"alt_text":"","src":"https:\/\/i0.wp.com\/terjebjornstad.com\/no\/wp-content\/uploads\/2024\/11\/227291202_4769319173079324_507896668835812384_n.jpg?fit=500%2C261&ssl=1&resize=350%2C200","width":350,"height":200},"classes":[]},{"id":366,"url":"https:\/\/terjebjornstad.com\/no\/2013\/08\/03\/hva-skjer-med-opel\/","url_meta":{"origin":53303,"position":5},"title":"Hva skjer med Opel?","author":"Terje Bj\u00f8rnstad","date":"03\/08\/2013","format":false,"excerpt":"I likhet med mange, har jeg eid flere nye Opeler. Den siste ble anskaffet for litt over tyve \u00e5r siden. Jeg hatt anledning til \u00e5 anskaffe flere nye biler de siste \u00e5rene, men aldri vurdert \u00e5 kj\u00f8pe Opel. Jeg tror jeg vet hvorfor. Opels markedsandel i Norge har g\u00e5tt jevn\u2026","rel":"","context":"i &quot;Artikkel&quot;","block_context":{"text":"Artikkel","link":"https:\/\/terjebjornstad.com\/no\/category\/artikkel\/"},"img":{"alt_text":"","src":"https:\/\/i0.wp.com\/terjebjornstad.com\/no\/wp-content\/uploads\/2013\/08\/astra5d_front.png?fit=640%2C376&ssl=1&resize=350%2C200","width":350,"height":200,"srcset":"https:\/\/i0.wp.com\/terjebjornstad.com\/no\/wp-content\/uploads\/2013\/08\/astra5d_front.png?fit=640%2C376&ssl=1&resize=350%2C200 1x, https:\/\/i0.wp.com\/terjebjornstad.com\/no\/wp-content\/uploads\/2013\/08\/astra5d_front.png?fit=640%2C376&ssl=1&resize=525%2C300 1.5x"},"classes":[]}],"gt_translate_keys":[{"key":"link","format":"url"}],"_links":{"self":[{"href":"https:\/\/terjebjornstad.com\/no\/wp-json\/wp\/v2\/posts\/53303","targetHints":{"allow":["GET"]}}],"collection":[{"href":"https:\/\/terjebjornstad.com\/no\/wp-json\/wp\/v2\/posts"}],"about":[{"href":"https:\/\/terjebjornstad.com\/no\/wp-json\/wp\/v2\/types\/post"}],"author":[{"embeddable":true,"href":"https:\/\/terjebjornstad.com\/no\/wp-json\/wp\/v2\/users\/1"}],"replies":[{"embeddable":true,"href":"https:\/\/terjebjornstad.com\/no\/wp-json\/wp\/v2\/comments?post=53303"}],"version-history":[{"count":52,"href":"https:\/\/terjebjornstad.com\/no\/wp-json\/wp\/v2\/posts\/53303\/revisions"}],"predecessor-version":[{"id":91520,"href":"https:\/\/terjebjornstad.com\/no\/wp-json\/wp\/v2\/posts\/53303\/revisions\/91520"}],"wp:featuredmedia":[{"embeddable":true,"href":"https:\/\/terjebjornstad.com\/no\/wp-json\/wp\/v2\/media\/53296"}],"wp:attachment":[{"href":"https:\/\/terjebjornstad.com\/no\/wp-json\/wp\/v2\/media?parent=53303"}],"wp:term":[{"taxonomy":"category","embeddable":true,"href":"https:\/\/terjebjornstad.com\/no\/wp-json\/wp\/v2\/categories?post=53303"},{"taxonomy":"post_tag","embeddable":true,"href":"https:\/\/terjebjornstad.com\/no\/wp-json\/wp\/v2\/tags?post=53303"}],"curies":[{"name":"wp","href":"https:\/\/api.w.org\/{rel}","templated":true}]}}