{"id":52482,"date":"2022-09-09T23:55:04","date_gmt":"2022-09-09T22:55:04","guid":{"rendered":"https:\/\/terjebjornstad.com\/no\/?p=52482"},"modified":"2026-03-14T22:50:09","modified_gmt":"2026-03-14T21:50:09","slug":"volvo-c40-recharge","status":"publish","type":"post","link":"https:\/\/terjebjornstad.com\/no\/2022\/09\/09\/volvo-c40-recharge\/","title":{"rendered":"Volvo C40 Recharge","gt_translate_keys":[{"key":"rendered","format":"text"}]},"content":{"rendered":"<div class=\"copy_teb\"><figure id=\"attachment_52466\" aria-describedby=\"caption-attachment-52466\" style=\"width: 1280px\" class=\"wp-caption aligncenter\"><a href=\"https:\/\/i0.wp.com\/terjebjornstad.com\/no\/wp-content\/uploads\/2022\/09\/volvo-c40-recharge-5-1280x853-1.jpg?ssl=1\"><img data-recalc-dims=\"1\" loading=\"lazy\" decoding=\"async\" data-attachment-id=\"52466\" data-permalink=\"https:\/\/terjebjornstad.com\/no\/2022\/09\/09\/volvo-c40-recharge\/volvo-c40-recharge-5-1280x853\/\" data-orig-file=\"https:\/\/i0.wp.com\/terjebjornstad.com\/no\/wp-content\/uploads\/2022\/09\/volvo-c40-recharge-5-1280x853-1.jpg?fit=1280%2C853&amp;ssl=1\" data-orig-size=\"1280,853\" data-comments-opened=\"1\" data-image-meta=\"{&quot;aperture&quot;:&quot;5.6&quot;,&quot;credit&quot;:&quot;&quot;,&quot;camera&quot;:&quot;DSC-RX100M3&quot;,&quot;caption&quot;:&quot;&quot;,&quot;created_timestamp&quot;:&quot;1662556286&quot;,&quot;copyright&quot;:&quot;&quot;,&quot;focal_length&quot;:&quot;12.48&quot;,&quot;iso&quot;:&quot;125&quot;,&quot;shutter_speed&quot;:&quot;0.01&quot;,&quot;title&quot;:&quot;&quot;,&quot;orientation&quot;:&quot;1&quot;}\" data-image-title=\"volvo-c40-recharge-5-1280&amp;#215;853\" data-image-description=\"\" data-image-caption=\"&lt;p&gt;Volvo C40 Recharge&lt;\/p&gt;\n\" data-large-file=\"https:\/\/i0.wp.com\/terjebjornstad.com\/no\/wp-content\/uploads\/2022\/09\/volvo-c40-recharge-5-1280x853-1.jpg?fit=980%2C653&amp;ssl=1\" src=\"https:\/\/i0.wp.com\/terjebjornstad.com\/no\/wp-content\/uploads\/2022\/09\/volvo-c40-recharge-5-1280x853-1.jpg?resize=980%2C653&#038;ssl=1\" alt=\"\" width=\"980\" height=\"653\" class=\"size-full wp-image-52466\" srcset=\"https:\/\/i0.wp.com\/terjebjornstad.com\/no\/wp-content\/uploads\/2022\/09\/volvo-c40-recharge-5-1280x853-1.jpg?w=1280&amp;ssl=1 1280w, https:\/\/i0.wp.com\/terjebjornstad.com\/no\/wp-content\/uploads\/2022\/09\/volvo-c40-recharge-5-1280x853-1.jpg?resize=300%2C200&amp;ssl=1 300w, https:\/\/i0.wp.com\/terjebjornstad.com\/no\/wp-content\/uploads\/2022\/09\/volvo-c40-recharge-5-1280x853-1.jpg?resize=1080%2C720&amp;ssl=1 1080w, https:\/\/i0.wp.com\/terjebjornstad.com\/no\/wp-content\/uploads\/2022\/09\/volvo-c40-recharge-5-1280x853-1.jpg?resize=768%2C512&amp;ssl=1 768w, https:\/\/i0.wp.com\/terjebjornstad.com\/no\/wp-content\/uploads\/2022\/09\/volvo-c40-recharge-5-1280x853-1.jpg?resize=690%2C460&amp;ssl=1 690w, https:\/\/i0.wp.com\/terjebjornstad.com\/no\/wp-content\/uploads\/2022\/09\/volvo-c40-recharge-5-1280x853-1.jpg?resize=980%2C653&amp;ssl=1 980w\" sizes=\"auto, (max-width: 980px) 100vw, 980px\" \/><\/a><figcaption id=\"caption-attachment-52466\" class=\"wp-caption-text\">Volvo C40 Recharge<\/figcaption><\/figure><\/p>\n<blockquote><p>Blir lavbygde SUV&#8217;er en ny trend for elbiler? Vi har tilbrakt en h\u00f8stdag p\u00e5 tur i Volvo&#8217;s crossover C40 Recharge.<\/p><\/blockquote>\n\n<h3 class=\"tebh2\">SUV som pakkesel?<\/h3>\n<p>Batteripakken i &laquo;v\u00e5r&raquo; Volvo C40 veier 500 kg og krever trolig SUV-plattform p\u00e5 grunn av vekt og volum. M\u00e5 kunder som \u00f8nsker seg elbil med stor batteripakke, ufrivillig kj\u00f8pe SUV? I s\u00e5 fall kan coup\u00e9-varianten v\u00e6re et bra alternativ for de som prioriterer <em>skj\u00f8nnhet<\/em> fremfor plass. De f\u00e5r SUV&#8217;ens understell til \u00e5 frakte batteripakken, men et lavere, mer avrundet og elegant glasshus. Coup\u00e9-aktige SUV&#8217;er har v\u00e6rt laget tidligere uten st\u00f8rre suksess. Ville biler som Volvo C40 hatt livets rett hvis batteriene kunne plasseres i vanlige personbiler? <\/p>\n<h3 class=\"tebh2\">Merker tyngden godt<\/h3>\n<p>Allerede etter f\u00e5 meter merket jeg tyngden av bilen. Utvilsomt tyngre enn XC40 med dieselmotor som jeg har kj\u00f8rt tidligere. If\u00f8lge vognkortet veier da ogs\u00e5 elbilen 450 kg mer. I trafikken merker man at man kj\u00f8rer et ruvende kj\u00f8ret\u00f8y. N\u00e5r jeg legger meg tett inn bak andre biler i lyskryssene forsvinner de nesten under fronten. Coup\u00e9-fasongen oppdager man f\u00f8rst n\u00e5r man bruker sladrespeilet. Synsfeltet gjennom bakruten er ekstremt smalt og blindsonene store. Jeg priser blindsonevarslerne i sidespeilene. Rygging g\u00e5r for \u00f8vrig som en lek med 360 graders ryggeskjerm hvor man ser bilen fra oven. <\/p>\n<h3 class=\"tebh2\">Kan kj\u00f8res med \u00e9n pedal<\/h3>\n<p>Man kan velge om man vil kj\u00f8re i \u00e9n-pedal modus eller som vanlig bil. Jeg brukte \u00e9n-pedal hele tiden og var komfortabel med det. Men i instruksjonsboken anbefaler Volvo \u00e5 bruke \u00e9n-pedal kun i bykj\u00f8ring. \u00c9n-pedal-l\u00f8sningen krever tilvenning n\u00e5r man vipper mellom punktet der bilen gir gass eller bremser &#8211; alts\u00e5 der den kan rulle fritt. Motorbremsen hogger inn ganske kraftig, s\u00e5nn at man lett kan ende opp i en brems-gass-brems situasjon. \u00c5 utnytte at bilen ruller fritt, kan v\u00e6re l\u00f8nnsomt og lettere \u00e5 f\u00e5 til hvis man kobler ut \u00e9n-pedal-modusen. Volvo har et poeng der.<\/p>\n<hr \/>\n\n<p><figure id=\"attachment_52467\" aria-describedby=\"caption-attachment-52467\" style=\"width: 1280px\" class=\"wp-caption aligncenter\"><a href=\"https:\/\/i0.wp.com\/terjebjornstad.com\/no\/wp-content\/uploads\/2022\/09\/volvo-c40-recharge-20-1280x853-1.jpg?ssl=1\"><img data-recalc-dims=\"1\" loading=\"lazy\" decoding=\"async\" data-attachment-id=\"52467\" data-permalink=\"https:\/\/terjebjornstad.com\/no\/2022\/09\/09\/volvo-c40-recharge\/volvo-c40-recharge-20-1280x853\/\" data-orig-file=\"https:\/\/i0.wp.com\/terjebjornstad.com\/no\/wp-content\/uploads\/2022\/09\/volvo-c40-recharge-20-1280x853-1.jpg?fit=1280%2C853&amp;ssl=1\" data-orig-size=\"1280,853\" data-comments-opened=\"1\" data-image-meta=\"{&quot;aperture&quot;:&quot;0&quot;,&quot;credit&quot;:&quot;&quot;,&quot;camera&quot;:&quot;&quot;,&quot;caption&quot;:&quot;&quot;,&quot;created_timestamp&quot;:&quot;0&quot;,&quot;copyright&quot;:&quot;&quot;,&quot;focal_length&quot;:&quot;0&quot;,&quot;iso&quot;:&quot;0&quot;,&quot;shutter_speed&quot;:&quot;0&quot;,&quot;title&quot;:&quot;&quot;,&quot;orientation&quot;:&quot;0&quot;}\" data-image-title=\"volvo-c40-recharge-20-1280&amp;#215;853\" data-image-description=\"\" data-image-caption=\"&lt;p&gt;Fargen Fjord Blue harmonerer fint med Glomma&lt;\/p&gt;\n\" data-large-file=\"https:\/\/i0.wp.com\/terjebjornstad.com\/no\/wp-content\/uploads\/2022\/09\/volvo-c40-recharge-20-1280x853-1.jpg?fit=980%2C653&amp;ssl=1\" src=\"https:\/\/i0.wp.com\/terjebjornstad.com\/no\/wp-content\/uploads\/2022\/09\/volvo-c40-recharge-20-1280x853-1.jpg?resize=980%2C653&#038;ssl=1\" alt=\"volvo c40\" width=\"980\" height=\"653\" class=\"size-full wp-image-52467\" srcset=\"https:\/\/i0.wp.com\/terjebjornstad.com\/no\/wp-content\/uploads\/2022\/09\/volvo-c40-recharge-20-1280x853-1.jpg?w=1280&amp;ssl=1 1280w, https:\/\/i0.wp.com\/terjebjornstad.com\/no\/wp-content\/uploads\/2022\/09\/volvo-c40-recharge-20-1280x853-1.jpg?resize=300%2C200&amp;ssl=1 300w, https:\/\/i0.wp.com\/terjebjornstad.com\/no\/wp-content\/uploads\/2022\/09\/volvo-c40-recharge-20-1280x853-1.jpg?resize=1080%2C720&amp;ssl=1 1080w, https:\/\/i0.wp.com\/terjebjornstad.com\/no\/wp-content\/uploads\/2022\/09\/volvo-c40-recharge-20-1280x853-1.jpg?resize=768%2C512&amp;ssl=1 768w, https:\/\/i0.wp.com\/terjebjornstad.com\/no\/wp-content\/uploads\/2022\/09\/volvo-c40-recharge-20-1280x853-1.jpg?resize=690%2C460&amp;ssl=1 690w, https:\/\/i0.wp.com\/terjebjornstad.com\/no\/wp-content\/uploads\/2022\/09\/volvo-c40-recharge-20-1280x853-1.jpg?resize=980%2C653&amp;ssl=1 980w\" sizes=\"auto, (max-width: 980px) 100vw, 980px\" \/><\/a><figcaption id=\"caption-attachment-52467\" class=\"wp-caption-text\">Fargen Fjord Blue harmonerer fint med Glomma. Her parkert p\u00e5 Sanngrund hvor vi hadde lunsj.<\/figcaption><\/figure><br \/>\n&nbsp;<br \/>\nKj\u00f8rer du med \u00e9n-pedal, bremser bilen ned og gjenvinner energi n\u00e5r du slipper opp gasspedalen &#8211; kun svakt hvis du slipper opp <em>forsiktig<\/em>, og kraftigere hvis du slipper opp br\u00e5tt. H\u00e5ndbrekket g\u00e5r automatisk p\u00e5 n\u00e5r bilen stanser. Det settes ogs\u00e5 p\u00e5 n\u00e5r bilen settes i &laquo;Park&raquo; med &laquo;P&raquo;-knappen. Jeg fant ikke noe separat h\u00e5ndbrekk. Jeg fant heller ingen start-knapp. N\u00e5r n\u00f8kkelen &#8211; eller kanskje eiers mobiltelefon &#8211; er i n\u00e6rheten, er det bare \u00e5 sette bilen i &laquo;Drive&raquo; og kj\u00f8re i vei. Dette er moderne brukergrensesnitt.<\/p>\n<h3 class=\"tebh2\">Google er med<\/h3>\n<p>P\u00e5 vei for \u00e5 plukke opp kona mi, stilte jeg inn radiokanalen hennes, P5 Hits, og gjorde meg kjent med infotainment-systemet. Jeg noterte meg at det er Google-programvare ombord og at navigasjonssystemet er basert p\u00e5 Google Maps &#8211; verdens beste kartsystem. Jeg innser at jeg ikke er skapt for \u00e5 fikle med sm\u00e5 dataskjermer. Med mine store never treffer jeg ofte flere knapper samtidig og sveiper s\u00e5 alt forsvinner. Men p\u00e5 C40&#8217;en fungerte det ganske bra. Var dette takket v\u00e6re Google, tro?<\/p>\n<h3 class=\"tebh2\">Min kritiske kone<\/h3>\n<p>Jeg innr\u00f8mmer at jeg liker Volvo bedre enn mange andre biler. De er laget for lange nordboere som meg. Det gjelder ogs\u00e5 C40. Og forresten &#8211; s\u00e5 opplever jeg at medtrafikantene er ekstra hensynsfulle og positive n\u00e5r jeg kj\u00f8rer Volvo. Kona mi er mer objektiv enn meg. Jeg var spent p\u00e5 \u00e5 h\u00f8re hennes dom.<\/p>\n<hr \/>\n\n<figure id=\"attachment_52468\" aria-describedby=\"caption-attachment-52468\" style=\"width: 1280px\" class=\"wp-caption aligncenter\"><a href=\"https:\/\/i0.wp.com\/terjebjornstad.com\/no\/wp-content\/uploads\/2022\/09\/volvo-c40-recharge-25-1280x781-2.jpg?ssl=1\"><img data-recalc-dims=\"1\" loading=\"lazy\" decoding=\"async\" data-attachment-id=\"52468\" data-permalink=\"https:\/\/terjebjornstad.com\/no\/2022\/09\/09\/volvo-c40-recharge\/volvo-c40-recharge-25-1280x781-2\/\" data-orig-file=\"https:\/\/i0.wp.com\/terjebjornstad.com\/no\/wp-content\/uploads\/2022\/09\/volvo-c40-recharge-25-1280x781-2.jpg?fit=1280%2C781&amp;ssl=1\" data-orig-size=\"1280,781\" data-comments-opened=\"1\" data-image-meta=\"{&quot;aperture&quot;:&quot;2.8&quot;,&quot;credit&quot;:&quot;&quot;,&quot;camera&quot;:&quot;DSC-RX100M3&quot;,&quot;caption&quot;:&quot;&quot;,&quot;created_timestamp&quot;:&quot;1662568429&quot;,&quot;copyright&quot;:&quot;&quot;,&quot;focal_length&quot;:&quot;8.8&quot;,&quot;iso&quot;:&quot;125&quot;,&quot;shutter_speed&quot;:&quot;0.02&quot;,&quot;title&quot;:&quot;&quot;,&quot;orientation&quot;:&quot;1&quot;}\" data-image-title=\"volvo-c40-recharge-25-1280&amp;#215;781-2\" data-image-description=\"\" data-image-caption=\"&lt;p&gt;Google Maps og oversiktskamera&lt;\/p&gt;\n\" data-large-file=\"https:\/\/i0.wp.com\/terjebjornstad.com\/no\/wp-content\/uploads\/2022\/09\/volvo-c40-recharge-25-1280x781-2.jpg?fit=980%2C598&amp;ssl=1\" src=\"https:\/\/i0.wp.com\/terjebjornstad.com\/no\/wp-content\/uploads\/2022\/09\/volvo-c40-recharge-25-1280x781-2.jpg?resize=980%2C598&#038;ssl=1\" alt=\"volvo c40\" width=\"980\" height=\"598\" class=\"size-full wp-image-52468\" srcset=\"https:\/\/i0.wp.com\/terjebjornstad.com\/no\/wp-content\/uploads\/2022\/09\/volvo-c40-recharge-25-1280x781-2.jpg?w=1280&amp;ssl=1 1280w, https:\/\/i0.wp.com\/terjebjornstad.com\/no\/wp-content\/uploads\/2022\/09\/volvo-c40-recharge-25-1280x781-2.jpg?resize=300%2C183&amp;ssl=1 300w, https:\/\/i0.wp.com\/terjebjornstad.com\/no\/wp-content\/uploads\/2022\/09\/volvo-c40-recharge-25-1280x781-2.jpg?resize=1080%2C659&amp;ssl=1 1080w, https:\/\/i0.wp.com\/terjebjornstad.com\/no\/wp-content\/uploads\/2022\/09\/volvo-c40-recharge-25-1280x781-2.jpg?resize=768%2C469&amp;ssl=1 768w, https:\/\/i0.wp.com\/terjebjornstad.com\/no\/wp-content\/uploads\/2022\/09\/volvo-c40-recharge-25-1280x781-2.jpg?resize=690%2C421&amp;ssl=1 690w, https:\/\/i0.wp.com\/terjebjornstad.com\/no\/wp-content\/uploads\/2022\/09\/volvo-c40-recharge-25-1280x781-2.jpg?resize=980%2C598&amp;ssl=1 980w\" sizes=\"auto, (max-width: 980px) 100vw, 980px\" \/><\/a><figcaption id=\"caption-attachment-52468\" class=\"wp-caption-text\">Google Maps og oversiktskamera<\/figcaption><\/figure>\n<p>Volvo reklamerer med &laquo;b\u00e6rekraftig&raquo; &#8211; at deler av interi\u00f8ret i C40 benytter gjenvinnbar plast og er fri for dyreskinn. &laquo;V\u00e5r&raquo; bil hadde stoff med noe som lignet p\u00e5 alcantara i sitteflatene. Setene var ganske harde, men ga god st\u00f8tte alle veier for meg. Kona mi var helt enig. Hun likte stoffene og sittekomforten. Hennes eneste kritiske bemerkning gjaldt det innvendige lydbildet. Vel, alts\u00e5, dette er kanskje flisespikkeri, men det virket som bilens innvendige akustikk drepte lyden fra musikkanlegget. &laquo;V\u00e5r&raquo; bil hadde lydanlegg fra Harman\/Kardon med en dr\u00f8ss h\u00f8yttalere spredt omkring som automatisk skal justere lydbildet etter hvem som sitter i bilen og etter fartsforholdene. Den innvendige st\u00f8yen i C40 er ikke generende. Frekvensen er noks\u00e5 lav og monoton. Sammenligner vi med Tesla 3 gir dekkene der et mye mer markant og skarpere lydbilde, men d\u00e9t kommer ikke i konflikt med lydanlegget.<\/p>\n<h3 class=\"tebh2\">P\u00e5 veien<\/h3>\n<p>Jeg tror ikke alle 408 hestene er konstant med n\u00e5r man kj\u00f8rer, men de er raskt p\u00e5 pletten n\u00e5r man trenger dem. Bilen kj\u00f8rer absolutt som en SUV. Man sitter h\u00f8yt, har store hjul med lang fj\u00e6ringsvei og et understell som svelger det meste uten \u00e5 v\u00e6re for myk. Styringen er speed-sensitiv &#8211; ikke superskarp, men heller ikke d\u00e5rlig til \u00e5 v\u00e6re SUV. Men det kan v\u00e6re de myke dekkene. Styremotstanden kan stilles inn til myk eller hard. Jeg stilte den p\u00e5 hard og var forn\u00f8yd med det.<br \/>\n&nbsp;<br \/>\nDet gode dreiemomentet gj\u00f8r at  bilen uanstrengt kan holde jevn fart, men det monotone lydbildet gj\u00f8r at man lett kan glemme farten hvis man kj\u00f8rer alene p\u00e5 veien uten cruise control. Jeg fikk for \u00f8vrig testet 4-hjulstrekket \u00e9n gang da jeg skulle kj\u00f8re i gang etter \u00e5 ha rygget ned en bratt og steinete traktorvei. Det hadde v\u00e6rt pinlig \u00e5 kj\u00f8re seg fast. 4-hjulstrekket kan i sannhet redde dagen din!<\/p>\n<hr \/>\n<p><br \/>\n<figure id=\"attachment_52469\" aria-describedby=\"caption-attachment-52469\" style=\"width: 1280px\" class=\"wp-caption aligncenter\"><a href=\"https:\/\/i0.wp.com\/terjebjornstad.com\/no\/wp-content\/uploads\/2022\/09\/volvo-c40-recharge-30-1280x853-1.jpg?ssl=1\"><img data-recalc-dims=\"1\" loading=\"lazy\" decoding=\"async\" data-attachment-id=\"52469\" data-permalink=\"https:\/\/terjebjornstad.com\/no\/2022\/09\/09\/volvo-c40-recharge\/volvo-c40-recharge-30-1280x853\/\" data-orig-file=\"https:\/\/i0.wp.com\/terjebjornstad.com\/no\/wp-content\/uploads\/2022\/09\/volvo-c40-recharge-30-1280x853-1.jpg?fit=1280%2C853&amp;ssl=1\" data-orig-size=\"1280,853\" data-comments-opened=\"1\" data-image-meta=\"{&quot;aperture&quot;:&quot;1.8&quot;,&quot;credit&quot;:&quot;&quot;,&quot;camera&quot;:&quot;DSC-RX100M3&quot;,&quot;caption&quot;:&quot;&quot;,&quot;created_timestamp&quot;:&quot;1662571002&quot;,&quot;copyright&quot;:&quot;&quot;,&quot;focal_length&quot;:&quot;8.8&quot;,&quot;iso&quot;:&quot;200&quot;,&quot;shutter_speed&quot;:&quot;0.033333333333333&quot;,&quot;title&quot;:&quot;&quot;,&quot;orientation&quot;:&quot;1&quot;}\" data-image-title=\"volvo-c40-recharge-30-1280&amp;#215;853\" data-image-description=\"\" data-image-caption=\"&lt;p&gt;Panoramatak gir hyggelig inne-atmosf\u00e6re&lt;\/p&gt;\n\" data-large-file=\"https:\/\/i0.wp.com\/terjebjornstad.com\/no\/wp-content\/uploads\/2022\/09\/volvo-c40-recharge-30-1280x853-1.jpg?fit=980%2C653&amp;ssl=1\" src=\"https:\/\/i0.wp.com\/terjebjornstad.com\/no\/wp-content\/uploads\/2022\/09\/volvo-c40-recharge-30-1280x853-1.jpg?resize=980%2C653&#038;ssl=1\" alt=\"\" width=\"980\" height=\"653\" class=\"size-full wp-image-52469\" srcset=\"https:\/\/i0.wp.com\/terjebjornstad.com\/no\/wp-content\/uploads\/2022\/09\/volvo-c40-recharge-30-1280x853-1.jpg?w=1280&amp;ssl=1 1280w, https:\/\/i0.wp.com\/terjebjornstad.com\/no\/wp-content\/uploads\/2022\/09\/volvo-c40-recharge-30-1280x853-1.jpg?resize=300%2C200&amp;ssl=1 300w, https:\/\/i0.wp.com\/terjebjornstad.com\/no\/wp-content\/uploads\/2022\/09\/volvo-c40-recharge-30-1280x853-1.jpg?resize=1080%2C720&amp;ssl=1 1080w, https:\/\/i0.wp.com\/terjebjornstad.com\/no\/wp-content\/uploads\/2022\/09\/volvo-c40-recharge-30-1280x853-1.jpg?resize=768%2C512&amp;ssl=1 768w, https:\/\/i0.wp.com\/terjebjornstad.com\/no\/wp-content\/uploads\/2022\/09\/volvo-c40-recharge-30-1280x853-1.jpg?resize=690%2C460&amp;ssl=1 690w, https:\/\/i0.wp.com\/terjebjornstad.com\/no\/wp-content\/uploads\/2022\/09\/volvo-c40-recharge-30-1280x853-1.jpg?resize=980%2C653&amp;ssl=1 980w\" sizes=\"auto, (max-width: 980px) 100vw, 980px\" \/><\/a><figcaption id=\"caption-attachment-52469\" class=\"wp-caption-text\">Panoramatak gir hyggelig inne-atmosf\u00e6re<\/figcaption><\/figure><br \/>\n&nbsp;<br \/>\n<figure id=\"attachment_52470\" aria-describedby=\"caption-attachment-52470\" style=\"width: 1280px\" class=\"wp-caption aligncenter\"><a href=\"https:\/\/i0.wp.com\/terjebjornstad.com\/no\/wp-content\/uploads\/2022\/09\/volvo-c40-recharge-45-1280x853-1.jpg?ssl=1\"><img data-recalc-dims=\"1\" loading=\"lazy\" decoding=\"async\" data-attachment-id=\"52470\" data-permalink=\"https:\/\/terjebjornstad.com\/no\/2022\/09\/09\/volvo-c40-recharge\/volvo-c40-recharge-45-1280x853\/\" data-orig-file=\"https:\/\/i0.wp.com\/terjebjornstad.com\/no\/wp-content\/uploads\/2022\/09\/volvo-c40-recharge-45-1280x853-1.jpg?fit=1280%2C853&amp;ssl=1\" data-orig-size=\"1280,853\" data-comments-opened=\"1\" data-image-meta=\"{&quot;aperture&quot;:&quot;1.8&quot;,&quot;credit&quot;:&quot;&quot;,&quot;camera&quot;:&quot;DSC-RX100M3&quot;,&quot;caption&quot;:&quot;&quot;,&quot;created_timestamp&quot;:&quot;1662568467&quot;,&quot;copyright&quot;:&quot;&quot;,&quot;focal_length&quot;:&quot;8.8&quot;,&quot;iso&quot;:&quot;200&quot;,&quot;shutter_speed&quot;:&quot;0.033333333333333&quot;,&quot;title&quot;:&quot;&quot;,&quot;orientation&quot;:&quot;1&quot;}\" data-image-title=\"volvo-c40-recharge-45-1280&amp;#215;853\" data-image-description=\"\" data-image-caption=\"&lt;p&gt;Volvo garanterer et skinnfritt interi\u00f8r&lt;\/p&gt;\n\" data-large-file=\"https:\/\/i0.wp.com\/terjebjornstad.com\/no\/wp-content\/uploads\/2022\/09\/volvo-c40-recharge-45-1280x853-1.jpg?fit=980%2C653&amp;ssl=1\" src=\"https:\/\/i0.wp.com\/terjebjornstad.com\/no\/wp-content\/uploads\/2022\/09\/volvo-c40-recharge-45-1280x853-1.jpg?resize=980%2C653&#038;ssl=1\" alt=\"\" width=\"980\" height=\"653\" class=\"size-full wp-image-52470\" srcset=\"https:\/\/i0.wp.com\/terjebjornstad.com\/no\/wp-content\/uploads\/2022\/09\/volvo-c40-recharge-45-1280x853-1.jpg?w=1280&amp;ssl=1 1280w, https:\/\/i0.wp.com\/terjebjornstad.com\/no\/wp-content\/uploads\/2022\/09\/volvo-c40-recharge-45-1280x853-1.jpg?resize=300%2C200&amp;ssl=1 300w, https:\/\/i0.wp.com\/terjebjornstad.com\/no\/wp-content\/uploads\/2022\/09\/volvo-c40-recharge-45-1280x853-1.jpg?resize=1080%2C720&amp;ssl=1 1080w, https:\/\/i0.wp.com\/terjebjornstad.com\/no\/wp-content\/uploads\/2022\/09\/volvo-c40-recharge-45-1280x853-1.jpg?resize=768%2C512&amp;ssl=1 768w, https:\/\/i0.wp.com\/terjebjornstad.com\/no\/wp-content\/uploads\/2022\/09\/volvo-c40-recharge-45-1280x853-1.jpg?resize=690%2C460&amp;ssl=1 690w, https:\/\/i0.wp.com\/terjebjornstad.com\/no\/wp-content\/uploads\/2022\/09\/volvo-c40-recharge-45-1280x853-1.jpg?resize=980%2C653&amp;ssl=1 980w\" sizes=\"auto, (max-width: 980px) 100vw, 980px\" \/><\/a><figcaption id=\"caption-attachment-52470\" class=\"wp-caption-text\">Volvo garanterer et skinnfritt interi\u00f8r<\/figcaption><\/figure><\/p>\n<h3 class=\"tebh2\">Dekkvalg<\/h3>\n<p>&laquo;V\u00e5r&raquo; bil sto p\u00e5 19 tommers hel\u00e5rsdekk med 50 profil. N\u00e5r man konfigurerer bilen p\u00e5 nettet, kommer de samme hel\u00e5rsdekkene opp som standardvalg med en undertekst om at <em>vinterdekk<\/em> kan v\u00e6re n\u00f8dvendig hvis man skal kj\u00f8re under ekstreme forhold. Hel\u00e5rsdekk har mykere gummi enn sommerdekk og avgir ikke like mye st\u00f8y. Kan st\u00f8y v\u00e6re grunnen til at Volvo anbefaler hel\u00e5rsdekk p\u00e5 C40? Uansett, fortjener denne fine bilen separate sommerdekk.<\/p>\n<h3 class=\"tebh2\">Rekkevidde<\/h3>\n<p>If\u00f8lge opplysninger p\u00e5 <em>Vegvesen.no<\/em> er oppgitt rekkevidde 441 km. Reell rekkevidde kan som kjent variere mye med v\u00e6r og f\u00f8reforhold. Mine egne erfaringer er at reell rekkevidde ofte havner p\u00e5 4\/5 deler av oppgitt rekkevidde m\u00e5lt etter WLTP kombinert kj\u00f8ring. Det vil si omtrent 350 km for C40. Basert p\u00e5 v\u00e5r tur kom jeg frem til en beregnet rekkevidde p\u00e5 388 km. Det er basert p\u00e5 en kj\u00f8restrekning p\u00e5 186 km &#8211; halvparten p\u00e5 80-110 motorvei og resten p\u00e5 landevei og i by midt i &laquo;rushen&raquo;. Hvis vi holder bykj\u00f8ringen utenfor, ville rekkevidden havnet p\u00e5 397 km over t\u00f8rre veier i 18-20 grader med klimaanlegget stilt p\u00e5 22 grader. <\/p>\n<h3 class=\"tebh2\">Forbruk<\/h3>\n<p>Oppgitt forbruk basert p\u00e5 WLTP kombinert kj\u00f8ring er 20 kwh\/100 km. V\u00e5rt forbruk basert p\u00e5 kj\u00f8recomputeren var 18,7 kwh\/100 km n\u00e5r rushtidskj\u00f8ringen er holdt utenfor, &#8211; 19.1 kwh\/100 km inkludert k\u00f8kj\u00f8ring. Dette er gunstig sett i forhold til at bilen veier nesten 2,3 tonn med to personer ombord. Det styrker ogs\u00e5 teorien om at bilen kobler inn motor nummer 2 kun ved behov.<\/p>\n<hr \/>\n\n<figure id=\"attachment_52471\" aria-describedby=\"caption-attachment-52471\" style=\"width: 1280px\" class=\"wp-caption aligncenter\"><a href=\"https:\/\/i0.wp.com\/terjebjornstad.com\/no\/wp-content\/uploads\/2022\/09\/volvo-c40-recharge-50-1280x853-1.jpg?ssl=1\"><img data-recalc-dims=\"1\" loading=\"lazy\" decoding=\"async\" data-attachment-id=\"52471\" data-permalink=\"https:\/\/terjebjornstad.com\/no\/2022\/09\/09\/volvo-c40-recharge\/volvo-c40-recharge-50-1280x853\/\" data-orig-file=\"https:\/\/i0.wp.com\/terjebjornstad.com\/no\/wp-content\/uploads\/2022\/09\/volvo-c40-recharge-50-1280x853-1.jpg?fit=1280%2C853&amp;ssl=1\" data-orig-size=\"1280,853\" data-comments-opened=\"1\" data-image-meta=\"{&quot;aperture&quot;:&quot;2.5&quot;,&quot;credit&quot;:&quot;&quot;,&quot;camera&quot;:&quot;DSC-RX100M3&quot;,&quot;caption&quot;:&quot;&quot;,&quot;created_timestamp&quot;:&quot;1662570852&quot;,&quot;copyright&quot;:&quot;&quot;,&quot;focal_length&quot;:&quot;8.8&quot;,&quot;iso&quot;:&quot;125&quot;,&quot;shutter_speed&quot;:&quot;0.033333333333333&quot;,&quot;title&quot;:&quot;&quot;,&quot;orientation&quot;:&quot;1&quot;}\" data-image-title=\"volvo-c40-recharge-50-1280&amp;#215;853\" data-image-description=\"\" data-image-caption=\"&lt;p&gt;Lasterommet bak er todelt med plass til ladekabler under dekselet&lt;\/p&gt;\n\" data-large-file=\"https:\/\/i0.wp.com\/terjebjornstad.com\/no\/wp-content\/uploads\/2022\/09\/volvo-c40-recharge-50-1280x853-1.jpg?fit=980%2C653&amp;ssl=1\" src=\"https:\/\/i0.wp.com\/terjebjornstad.com\/no\/wp-content\/uploads\/2022\/09\/volvo-c40-recharge-50-1280x853-1.jpg?resize=980%2C653&#038;ssl=1\" alt=\"volvo c40\" width=\"980\" height=\"653\" class=\"size-full wp-image-52471\" srcset=\"https:\/\/i0.wp.com\/terjebjornstad.com\/no\/wp-content\/uploads\/2022\/09\/volvo-c40-recharge-50-1280x853-1.jpg?w=1280&amp;ssl=1 1280w, https:\/\/i0.wp.com\/terjebjornstad.com\/no\/wp-content\/uploads\/2022\/09\/volvo-c40-recharge-50-1280x853-1.jpg?resize=300%2C200&amp;ssl=1 300w, https:\/\/i0.wp.com\/terjebjornstad.com\/no\/wp-content\/uploads\/2022\/09\/volvo-c40-recharge-50-1280x853-1.jpg?resize=1080%2C720&amp;ssl=1 1080w, https:\/\/i0.wp.com\/terjebjornstad.com\/no\/wp-content\/uploads\/2022\/09\/volvo-c40-recharge-50-1280x853-1.jpg?resize=768%2C512&amp;ssl=1 768w, https:\/\/i0.wp.com\/terjebjornstad.com\/no\/wp-content\/uploads\/2022\/09\/volvo-c40-recharge-50-1280x853-1.jpg?resize=690%2C460&amp;ssl=1 690w, https:\/\/i0.wp.com\/terjebjornstad.com\/no\/wp-content\/uploads\/2022\/09\/volvo-c40-recharge-50-1280x853-1.jpg?resize=980%2C653&amp;ssl=1 980w\" sizes=\"auto, (max-width: 980px) 100vw, 980px\" \/><\/a><figcaption id=\"caption-attachment-52471\" class=\"wp-caption-text\">Lasterommet bak er todelt med plass til ladekabler under dekselet<\/figcaption><\/figure>\n<h3 class=\"tebh2\">Plass<\/h3>\n<p>P\u00e5 papiret er det ikke s\u00e5 mye som skiller C40 fra den mer firkantede XC40. Takh\u00f8yden bak er redusert med 6 cm, men holder for de aller fleste. Panoramataket bidrar til \u00e5 gi ekstra romf\u00f8lelse i kup\u00e9en. Bagasjevolumet er kun 6 liter mindre med setene oppsl\u00e5tt og 123 liter mindre med setene nede. I praksis vil det st\u00f8rste savnet v\u00e6re at man ikke kan laste like mye over hattehyllen i C40 som man kan i den firkantede XC40. \u00c5 kunne laste i h\u00f8yden gj\u00f8r at man blant annet kan frakte kofferter st\u00e5ende. Volvo C40 byr likevel p\u00e5 et anstendig bagasjevolum p\u00e5 413 liter som er todelt med en plate. Foran finnes en &laquo;frunk&raquo; med 31 liters lasterom &#8211; stort nok til en handlepose. <\/p>\n<h3 class=\"tebh2\">Sikkerhet<\/h3>\n<p>Volvo C40 \u00e5rsmodell 2022 ble testet av Euro NCAP med sv\u00e6rt gode resultater. Med ett lite unntak kom alle dukkene ut med gr\u00f8nt resultat og 5\/5 stjerner. Totalscore ble 92% for voksne og 89% for barn. Bilen har automatisk n\u00f8dkall ved sammenst\u00f8t og bremsene g\u00e5r da automatisk p\u00e5 for \u00e5 forhindre f\u00f8lgeskader.<\/p>\n<p><a href=\"https:\/\/cdn.euroncap.com\/media\/69501\/euroncap-2022-volvo-c40-recharge-datasheet.pdf\" target=\"_blank\" rel=\"noopener\"><strong>Euro NCAP rapport<\/strong><\/a><\/p>\n<p>Amerikanske IIHS &#8211; The Insurance Institute for Highway Safety &#8211; har i 2022 tildelt Volvo C40 tittelen <em>Top Safety Pick +<\/em>. Ogs\u00e5 i deres tester kom C40 sv\u00e6rt godt ut. \u00c9n av testene hvor elbiler ofte kan komme d\u00e5rligere ut enn fossilbiler, er sideveis kollisjon. Denne besto C40 fint.<\/p>\n<h3 class=\"tebh2\">Bestilling p\u00e5 nettet?<\/h3>\n<p>Volvo reklamerer med at du kan bestille din C40 p\u00e5 nettet. Det kan du <em>ikke<\/em>. Du kan gj\u00f8re mye, men du kan <em>ikke<\/em> effektuere bestillingen til fabrikken. Det m\u00e5 gj\u00f8res av en Volvo forhandler. Ventetiden i \u00f8yeblikket er oppgitt til 5-6 m\u00e5neder f\u00f8r du kan f\u00e5 bilen levert. Bilene produseres ved Volvos fabrikker i Gent. El-drivverket kommer fra Polestar i Kina. Batteriene blir enten levert fra LG Chem i S\u00f8r-Korea eller CATL i Kina.<\/p>\n<hr \/>\n<p><br \/>\n<figure id=\"attachment_52473\" aria-describedby=\"caption-attachment-52473\" style=\"width: 1280px\" class=\"wp-caption aligncenter\"><a href=\"https:\/\/i0.wp.com\/terjebjornstad.com\/no\/wp-content\/uploads\/2022\/09\/volvo-c40-recharge-55-1280x853-1.jpg?ssl=1\"><img data-recalc-dims=\"1\" loading=\"lazy\" decoding=\"async\" data-attachment-id=\"52473\" data-permalink=\"https:\/\/terjebjornstad.com\/no\/2022\/09\/09\/volvo-c40-recharge\/volvo-c40-recharge-55-1280x853\/\" data-orig-file=\"https:\/\/i0.wp.com\/terjebjornstad.com\/no\/wp-content\/uploads\/2022\/09\/volvo-c40-recharge-55-1280x853-1.jpg?fit=1280%2C853&amp;ssl=1\" data-orig-size=\"1280,853\" data-comments-opened=\"1\" data-image-meta=\"{&quot;aperture&quot;:&quot;2.8&quot;,&quot;credit&quot;:&quot;&quot;,&quot;camera&quot;:&quot;DSC-RX100M3&quot;,&quot;caption&quot;:&quot;&quot;,&quot;created_timestamp&quot;:&quot;1662568483&quot;,&quot;copyright&quot;:&quot;&quot;,&quot;focal_length&quot;:&quot;8.8&quot;,&quot;iso&quot;:&quot;125&quot;,&quot;shutter_speed&quot;:&quot;0.016666666666667&quot;,&quot;title&quot;:&quot;&quot;,&quot;orientation&quot;:&quot;1&quot;}\" data-image-title=\"volvo-c40-recharge-55-1280&amp;#215;853\" data-image-description=\"\" data-image-caption=\"&lt;p&gt;Lekre d\u00f8rsider med innfelte h\u00f8yttalere fra harman\/kardon&lt;\/p&gt;\n\" data-large-file=\"https:\/\/i0.wp.com\/terjebjornstad.com\/no\/wp-content\/uploads\/2022\/09\/volvo-c40-recharge-55-1280x853-1.jpg?fit=980%2C653&amp;ssl=1\" src=\"https:\/\/i0.wp.com\/terjebjornstad.com\/no\/wp-content\/uploads\/2022\/09\/volvo-c40-recharge-55-1280x853-1.jpg?resize=980%2C653&#038;ssl=1\" alt=\"\" width=\"980\" height=\"653\" class=\"size-full wp-image-52473\" srcset=\"https:\/\/i0.wp.com\/terjebjornstad.com\/no\/wp-content\/uploads\/2022\/09\/volvo-c40-recharge-55-1280x853-1.jpg?w=1280&amp;ssl=1 1280w, https:\/\/i0.wp.com\/terjebjornstad.com\/no\/wp-content\/uploads\/2022\/09\/volvo-c40-recharge-55-1280x853-1.jpg?resize=300%2C200&amp;ssl=1 300w, https:\/\/i0.wp.com\/terjebjornstad.com\/no\/wp-content\/uploads\/2022\/09\/volvo-c40-recharge-55-1280x853-1.jpg?resize=1080%2C720&amp;ssl=1 1080w, https:\/\/i0.wp.com\/terjebjornstad.com\/no\/wp-content\/uploads\/2022\/09\/volvo-c40-recharge-55-1280x853-1.jpg?resize=768%2C512&amp;ssl=1 768w, https:\/\/i0.wp.com\/terjebjornstad.com\/no\/wp-content\/uploads\/2022\/09\/volvo-c40-recharge-55-1280x853-1.jpg?resize=690%2C460&amp;ssl=1 690w, https:\/\/i0.wp.com\/terjebjornstad.com\/no\/wp-content\/uploads\/2022\/09\/volvo-c40-recharge-55-1280x853-1.jpg?resize=980%2C653&amp;ssl=1 980w\" sizes=\"auto, (max-width: 980px) 100vw, 980px\" \/><\/a><figcaption id=\"caption-attachment-52473\" class=\"wp-caption-text\">Lekre d\u00f8rsider med innfelte h\u00f8yttalere fra harman\/kardon<\/figcaption><\/figure><br \/>\n&nbsp;<br \/>\n<figure id=\"attachment_52474\" aria-describedby=\"caption-attachment-52474\" style=\"width: 1280px\" class=\"wp-caption aligncenter\"><a href=\"https:\/\/i0.wp.com\/terjebjornstad.com\/no\/wp-content\/uploads\/2022\/09\/volvo-c40-recharge-60-1280x720-1.jpg?ssl=1\"><img data-recalc-dims=\"1\" loading=\"lazy\" decoding=\"async\" data-attachment-id=\"52474\" data-permalink=\"https:\/\/terjebjornstad.com\/no\/2022\/09\/09\/volvo-c40-recharge\/volvo-c40-recharge-60-1280x720\/\" data-orig-file=\"https:\/\/i0.wp.com\/terjebjornstad.com\/no\/wp-content\/uploads\/2022\/09\/volvo-c40-recharge-60-1280x720-1.jpg?fit=1280%2C720&amp;ssl=1\" data-orig-size=\"1280,720\" data-comments-opened=\"1\" data-image-meta=\"{&quot;aperture&quot;:&quot;0&quot;,&quot;credit&quot;:&quot;&quot;,&quot;camera&quot;:&quot;&quot;,&quot;caption&quot;:&quot;&quot;,&quot;created_timestamp&quot;:&quot;0&quot;,&quot;copyright&quot;:&quot;&quot;,&quot;focal_length&quot;:&quot;0&quot;,&quot;iso&quot;:&quot;0&quot;,&quot;shutter_speed&quot;:&quot;0&quot;,&quot;title&quot;:&quot;&quot;,&quot;orientation&quot;:&quot;0&quot;}\" data-image-title=\"volvo-c40-recharge-60-1280&amp;#215;720\" data-image-description=\"\" data-image-caption=\"&lt;p&gt;Stemningsfullt lys i garasjen&lt;\/p&gt;\n\" data-large-file=\"https:\/\/i0.wp.com\/terjebjornstad.com\/no\/wp-content\/uploads\/2022\/09\/volvo-c40-recharge-60-1280x720-1.jpg?fit=980%2C552&amp;ssl=1\" src=\"https:\/\/i0.wp.com\/terjebjornstad.com\/no\/wp-content\/uploads\/2022\/09\/volvo-c40-recharge-60-1280x720-1.jpg?resize=980%2C551&#038;ssl=1\" alt=\"\" width=\"980\" height=\"551\" class=\"size-full wp-image-52474\" srcset=\"https:\/\/i0.wp.com\/terjebjornstad.com\/no\/wp-content\/uploads\/2022\/09\/volvo-c40-recharge-60-1280x720-1.jpg?w=1280&amp;ssl=1 1280w, https:\/\/i0.wp.com\/terjebjornstad.com\/no\/wp-content\/uploads\/2022\/09\/volvo-c40-recharge-60-1280x720-1.jpg?resize=300%2C169&amp;ssl=1 300w, https:\/\/i0.wp.com\/terjebjornstad.com\/no\/wp-content\/uploads\/2022\/09\/volvo-c40-recharge-60-1280x720-1.jpg?resize=1080%2C608&amp;ssl=1 1080w, https:\/\/i0.wp.com\/terjebjornstad.com\/no\/wp-content\/uploads\/2022\/09\/volvo-c40-recharge-60-1280x720-1.jpg?resize=768%2C432&amp;ssl=1 768w, https:\/\/i0.wp.com\/terjebjornstad.com\/no\/wp-content\/uploads\/2022\/09\/volvo-c40-recharge-60-1280x720-1.jpg?resize=690%2C388&amp;ssl=1 690w, https:\/\/i0.wp.com\/terjebjornstad.com\/no\/wp-content\/uploads\/2022\/09\/volvo-c40-recharge-60-1280x720-1.jpg?resize=980%2C551&amp;ssl=1 980w\" sizes=\"auto, (max-width: 980px) 100vw, 980px\" \/><\/a><figcaption id=\"caption-attachment-52474\" class=\"wp-caption-text\">Stemningsfullt lys i garasjen<\/figcaption><\/figure><\/p>\n<h3 class=\"tebh2bigger\">Konklusjon<\/h3>\n<p>Fant vi sjarmen med lavbygde SUV&#8217;er? <\/p>\n<p>Sammenligner vi Volvo C40 Recharge Twin med tilsvarende XC40, finnes det kun marginale forskjeller. C40 gir <em>litt<\/em> bedre rekkevidde, men tilbyr <em>litt<\/em> mindre bagasjerom og koster <em>litt<\/em> mer.<br \/>\n&nbsp;<br \/>\nEr C40 vakrere enn XC40? &#8211; Og oppveier det for tapet av muligheten til laste over hattehyllen?<br \/>\n&nbsp;<br \/>\nSmak og behag. Jeg synes C40 var finere enn jeg hadde forestilt meg p\u00e5 forh\u00e5nd. Den har drivverk fra Polestar og oser premiumklasse tvers igjennom. For meg teller &laquo;good looks&raquo; mer enn &laquo;mer plass&raquo;, skj\u00f8nt jeg sp\u00e5r at biltypen kan komme til \u00e5 forsvinne fra markedet n\u00e5r de mindre plass- og vektkrevende &laquo;solid-state&raquo; batteriene blir mer tilgjengelige. <\/p>\n<figure id=\"attachment_52475\" aria-describedby=\"caption-attachment-52475\" style=\"width: 1280px\" class=\"wp-caption aligncenter\"><a href=\"https:\/\/i0.wp.com\/terjebjornstad.com\/no\/wp-content\/uploads\/2022\/09\/volvo-c40-recharge-90-1280x1280-1.jpg?ssl=1\"><img data-recalc-dims=\"1\" loading=\"lazy\" decoding=\"async\" data-attachment-id=\"52475\" data-permalink=\"https:\/\/terjebjornstad.com\/no\/2022\/09\/09\/volvo-c40-recharge\/volvo-c40-recharge-90-1280x1280\/\" data-orig-file=\"https:\/\/i0.wp.com\/terjebjornstad.com\/no\/wp-content\/uploads\/2022\/09\/volvo-c40-recharge-90-1280x1280-1.jpg?fit=1280%2C720&amp;ssl=1\" data-orig-size=\"1280,720\" data-comments-opened=\"1\" data-image-meta=\"{&quot;aperture&quot;:&quot;0&quot;,&quot;credit&quot;:&quot;&quot;,&quot;camera&quot;:&quot;&quot;,&quot;caption&quot;:&quot;&quot;,&quot;created_timestamp&quot;:&quot;0&quot;,&quot;copyright&quot;:&quot;&quot;,&quot;focal_length&quot;:&quot;0&quot;,&quot;iso&quot;:&quot;0&quot;,&quot;shutter_speed&quot;:&quot;0&quot;,&quot;title&quot;:&quot;&quot;,&quot;orientation&quot;:&quot;0&quot;}\" data-image-title=\"volvo-c40-recharge-90-1280&amp;#215;1280\" data-image-description=\"\" data-image-caption=\"&lt;p&gt;Vellykket utforming av hekken, men synsfeltet i bakruten er d\u00e5rlig&lt;\/p&gt;\n\" data-large-file=\"https:\/\/i0.wp.com\/terjebjornstad.com\/no\/wp-content\/uploads\/2022\/09\/volvo-c40-recharge-90-1280x1280-1.jpg?fit=980%2C552&amp;ssl=1\" src=\"https:\/\/i0.wp.com\/terjebjornstad.com\/no\/wp-content\/uploads\/2022\/09\/volvo-c40-recharge-90-1280x1280-1.jpg?resize=980%2C551&#038;ssl=1\" alt=\"volvo c40\" width=\"980\" height=\"551\" class=\"size-full wp-image-52475\" srcset=\"https:\/\/i0.wp.com\/terjebjornstad.com\/no\/wp-content\/uploads\/2022\/09\/volvo-c40-recharge-90-1280x1280-1.jpg?w=1280&amp;ssl=1 1280w, https:\/\/i0.wp.com\/terjebjornstad.com\/no\/wp-content\/uploads\/2022\/09\/volvo-c40-recharge-90-1280x1280-1.jpg?resize=300%2C169&amp;ssl=1 300w, https:\/\/i0.wp.com\/terjebjornstad.com\/no\/wp-content\/uploads\/2022\/09\/volvo-c40-recharge-90-1280x1280-1.jpg?resize=1080%2C608&amp;ssl=1 1080w, https:\/\/i0.wp.com\/terjebjornstad.com\/no\/wp-content\/uploads\/2022\/09\/volvo-c40-recharge-90-1280x1280-1.jpg?resize=768%2C432&amp;ssl=1 768w, https:\/\/i0.wp.com\/terjebjornstad.com\/no\/wp-content\/uploads\/2022\/09\/volvo-c40-recharge-90-1280x1280-1.jpg?resize=690%2C388&amp;ssl=1 690w, https:\/\/i0.wp.com\/terjebjornstad.com\/no\/wp-content\/uploads\/2022\/09\/volvo-c40-recharge-90-1280x1280-1.jpg?resize=980%2C551&amp;ssl=1 980w\" sizes=\"auto, (max-width: 980px) 100vw, 980px\" \/><\/a><figcaption id=\"caption-attachment-52475\" class=\"wp-caption-text\">Vellykket utforming av hekken, men synsfeltet i bakruten er d\u00e5rlig<\/figcaption><\/figure>\n<hr \/>\n\n<h3 class=\"tebh2\">Fakta Volvo C40 Recharge Twin<\/h3>\n<p><strong>M\u00e5l og vekt<\/strong><br \/>\nYtre m\u00e5l &#8211; L, B, H: 444 x 187 x 159 cm<br \/>\nAkselavstand: 270 cm<br \/>\nEgenvekt: 2110 kg (uten f\u00f8rer)<br \/>\nNyttelast: 435 kg<br \/>\nAntall seter: 5<br \/>\nMaks hengervekt m\/bremser: 1800<br \/>\n&#8211; uten bremser: 750<br \/>\nTaklast: Er ikke oppgitt i vognkortet<\/p>\n<p><strong>Drivverk<\/strong><br \/>\nMotor: To motorer fra Polestar, \u00e9n plassert foran og \u00e9n plassert i bakakslingen.<br \/>\nEffekt: 204 HK x 2 med total boozt effekt p\u00e5 408 HK<br \/>\nDreiemoment: 330 Nm x 2 &#8211; med totaleffekt p\u00e5 660 Nm<br \/>\nGirkasse: 1 trinns automat<br \/>\nElektronisk styrt firehjulstrekk<\/p>\n<p><strong>Ytelser<\/strong><br \/>\nToppfart: 180 km\/t<br \/>\n0-100: 4,7 sekunder<\/p>\n<p><strong>Batteripakke<\/strong><br \/>\nProdusent: Fabrikken f\u00e5r levert batterier fra b\u00e5de LG Chem og CATL<br \/>\nType: Li-ion<br \/>\nPlassering: Midtplassert under, trukket godt inn fra begge sider<br \/>\nTotal kapasitet: 78 Kwh<br \/>\nTIlgjengelig kapasitet: 75 Kwh<\/p>\n<p><strong>Rekkevidde og forbruk<\/strong><br \/>\nRekkevidde WLTP kombinert: 441 km<br \/>\nForbruk WLTP kombinert: 20,0 kwh\/100 km<br \/>\nForhold under egen m\u00e5ling: T\u00f8rr vei, utetemperatur 18-20 grader, aircon, halvparten p\u00e5 motorvei, resten p\u00e5 landevei og by.<br \/>\nBeregnet rekkevidde: 388 km<br \/>\nM\u00e5lt gjennomsnittsforbruk: 19,1 kwh\/100 km<\/p>\n<p><strong>Lading<\/strong><br \/>\nKontakter: Type2 og CSS<br \/>\nLadetid 11Kw ombordlader, 0-80%: 8 timer<br \/>\nLadetid CSS, 130Kw, 10-80%: 28 min.<\/p>\n<p><strong>Bagasjerom<\/strong><br \/>\nSom femseter: 413 liter<br \/>\nSom toseter: 1205 liter<br \/>\nFrunk-plass: 31 liter<\/p>\n<p><strong>Dekk<\/strong><br \/>\nDimensjon: 235\/50R19<br \/>\nType: Hel\u00e5rsdekk<br \/>\nMerke: Michelin CrossClimate 2<\/p>\n<p><strong>Priser<\/strong><br \/>\nTwin Plus: 568 900,-<br \/>\nTwin Ultimate: 588 900,-<br \/>\nLakktillegg metallic: 7 920,-<br \/>\nHengerfeste: 9 520,- (anbefales)<\/p>\n<p><strong>Om bilen<\/strong><br \/>\nProduksjonssted: Gent, Belgia<br \/>\nFarge: Fjordbl\u00e5\/Sort<br \/>\nUtstyrsgrad: Ultimate<br \/>\nLeid av <a href=\"https:\/\/www.hertzbilpool.no\/\" target=\"_blank\" rel=\"noopener\"><strong>Hertz Bildeling<\/strong><\/a><br \/>\nEier: Hertz Bildeling<br \/>\nModell: 2022<br \/>\nKm-stand: 5100<br \/>\nKm kj\u00f8rt: 186<br \/>\nKilder: <a href=\"https:\/\/www.vegvesen.no\/\" target=\"_blank\" rel=\"noopener\"><strong>vegvesen.no<\/strong><\/a>, <a href=\"https:\/\/www.volvocars.com\/\" target=\"_blank\" rel=\"noopener\"><strong>volvocars.com<\/strong><\/a><\/p>\n<p><br \/>\n<figure id=\"attachment_52483\" aria-describedby=\"caption-attachment-52483\" style=\"width: 1280px\" class=\"wp-caption aligncenter\"><a href=\"https:\/\/i0.wp.com\/terjebjornstad.com\/no\/wp-content\/uploads\/2022\/09\/nes-strandhager-1280x853-2.jpg?ssl=1\"><img data-recalc-dims=\"1\" loading=\"lazy\" decoding=\"async\" src=\"https:\/\/i0.wp.com\/terjebjornstad.com\/no\/wp-content\/uploads\/2022\/09\/nes-strandhager-1280x853-2.jpg?resize=980%2C730&#038;ssl=1\" alt=\"\" width=\"980\" height=\"730\" class=\"size-full wp-image-52483\" \/><\/a><figcaption id=\"caption-attachment-52483\" class=\"wp-caption-text\">Parti ved Glomma<\/figcaption><\/figure><\/p>\n<hr \/>\n\n<figure id=\"attachment_52472\" aria-describedby=\"caption-attachment-52472\" style=\"width: 1280px\" class=\"wp-caption aligncenter\"><a href=\"https:\/\/i0.wp.com\/terjebjornstad.com\/no\/wp-content\/uploads\/2022\/09\/volvo-c40-recharge-51-1280x853-1.jpg?ssl=1\"><img data-recalc-dims=\"1\" loading=\"lazy\" decoding=\"async\" data-attachment-id=\"52472\" data-permalink=\"https:\/\/terjebjornstad.com\/no\/2022\/09\/09\/volvo-c40-recharge\/volvo-c40-recharge-51-1280x853\/\" data-orig-file=\"https:\/\/i0.wp.com\/terjebjornstad.com\/no\/wp-content\/uploads\/2022\/09\/volvo-c40-recharge-51-1280x853-1.jpg?fit=1280%2C853&amp;ssl=1\" data-orig-size=\"1280,853\" data-comments-opened=\"1\" data-image-meta=\"{&quot;aperture&quot;:&quot;0&quot;,&quot;credit&quot;:&quot;&quot;,&quot;camera&quot;:&quot;&quot;,&quot;caption&quot;:&quot;&quot;,&quot;created_timestamp&quot;:&quot;0&quot;,&quot;copyright&quot;:&quot;&quot;,&quot;focal_length&quot;:&quot;0&quot;,&quot;iso&quot;:&quot;0&quot;,&quot;shutter_speed&quot;:&quot;0&quot;,&quot;title&quot;:&quot;&quot;,&quot;orientation&quot;:&quot;0&quot;}\" data-image-title=\"volvo-c40-recharge-51-1280&amp;#215;853\" data-image-description=\"\" data-image-caption=\"&lt;p&gt;P\u00e5 vei hjem etter \u00e5 plantet og stelt p\u00e5 familiegraver for h\u00f8sten.&lt;\/p&gt;\n\" data-large-file=\"https:\/\/i0.wp.com\/terjebjornstad.com\/no\/wp-content\/uploads\/2022\/09\/volvo-c40-recharge-51-1280x853-1.jpg?fit=980%2C653&amp;ssl=1\" src=\"https:\/\/i0.wp.com\/terjebjornstad.com\/no\/wp-content\/uploads\/2022\/09\/volvo-c40-recharge-51-1280x853-1.jpg?resize=980%2C653&#038;ssl=1\" alt=\"\" width=\"980\" height=\"653\" class=\"size-full wp-image-52472\" srcset=\"https:\/\/i0.wp.com\/terjebjornstad.com\/no\/wp-content\/uploads\/2022\/09\/volvo-c40-recharge-51-1280x853-1.jpg?w=1280&amp;ssl=1 1280w, https:\/\/i0.wp.com\/terjebjornstad.com\/no\/wp-content\/uploads\/2022\/09\/volvo-c40-recharge-51-1280x853-1.jpg?resize=300%2C200&amp;ssl=1 300w, https:\/\/i0.wp.com\/terjebjornstad.com\/no\/wp-content\/uploads\/2022\/09\/volvo-c40-recharge-51-1280x853-1.jpg?resize=1080%2C720&amp;ssl=1 1080w, https:\/\/i0.wp.com\/terjebjornstad.com\/no\/wp-content\/uploads\/2022\/09\/volvo-c40-recharge-51-1280x853-1.jpg?resize=768%2C512&amp;ssl=1 768w, https:\/\/i0.wp.com\/terjebjornstad.com\/no\/wp-content\/uploads\/2022\/09\/volvo-c40-recharge-51-1280x853-1.jpg?resize=690%2C460&amp;ssl=1 690w, https:\/\/i0.wp.com\/terjebjornstad.com\/no\/wp-content\/uploads\/2022\/09\/volvo-c40-recharge-51-1280x853-1.jpg?resize=980%2C653&amp;ssl=1 980w\" sizes=\"auto, (max-width: 980px) 100vw, 980px\" \/><\/a><figcaption id=\"caption-attachment-52472\" class=\"wp-caption-text\">P\u00e5 vei hjem etter \u00e5 plantet og stelt familiegraver for h\u00f8sten.<\/figcaption><\/figure>\n\n<h3 class=\"tebh2\">Se ogs\u00e5<\/h3>\n<p><figure id=\"attachment_20817\" aria-describedby=\"caption-attachment-20817\" style=\"width: 320px\" class=\"wp-caption alignleft\"><a href=\"https:\/\/terjebjornstad.com\/no\/2018\/12\/20\/volvo-xc40\/\"><img data-recalc-dims=\"1\" loading=\"lazy\" decoding=\"async\" data-attachment-id=\"20817\" data-permalink=\"https:\/\/terjebjornstad.com\/no\/terjes-biler\/volvo-xc40-320x400\/\" data-orig-file=\"https:\/\/i0.wp.com\/terjebjornstad.com\/no\/wp-content\/uploads\/2018\/12\/volvo-xc40-320x400.png?fit=320%2C400&amp;ssl=1\" data-orig-size=\"320,400\" data-comments-opened=\"1\" data-image-meta=\"{&quot;aperture&quot;:&quot;0&quot;,&quot;credit&quot;:&quot;&quot;,&quot;camera&quot;:&quot;&quot;,&quot;caption&quot;:&quot;&quot;,&quot;created_timestamp&quot;:&quot;0&quot;,&quot;copyright&quot;:&quot;&quot;,&quot;focal_length&quot;:&quot;0&quot;,&quot;iso&quot;:&quot;0&quot;,&quot;shutter_speed&quot;:&quot;0&quot;,&quot;title&quot;:&quot;&quot;,&quot;orientation&quot;:&quot;0&quot;}\" data-image-title=\"volvo-xc40-320&amp;#215;400\" data-image-description=\"\" data-image-caption=\"&lt;h3&gt;Volvo XC40&lt;\/h3&gt;\n&lt;p&gt;Vi har kj\u00f8rt Volvos kompakte SUV p\u00e5 vinterf\u00f8re. XC40\u2019en l\u00e5 fjellst\u00f8tt. Som forventet. Skulle det oppst\u00e5 en ustabilitet, griper bilens \u00abStability Traction Control\u00bb og Haldex 5 firehjulsystem inn. Jeg nyter \u00e5 gi gass rundt krappe svinger og kjenne hvordan firehjulsystemet griper inn. Firehjulstrekk er et \u00abmust\u00bb i biler som XC40, selv om det g\u00e5r an \u00e5 bestille uten.&lt;br \/&gt;&amp;nbsp;&lt;br \/&gt;&lt;a href=&quot;https:\/\/terjebjornstad.com\/no\/2018\/12\/20\/volvo-xc40\/&quot;&gt;&lt;img src=&quot;http:\/\/terjebjornstad.com\/no\/wp-content\/uploads\/2018\/06\/lesmer2.png&quot; alt=&quot;bilblog&quot; width=&quot;320&quot; height=&quot;24&quot; class=&quot;alignleft size-full wp-image-17286&quot; \/&gt;&lt;\/a&gt;&lt;\/p&gt;\n\" data-large-file=\"https:\/\/i0.wp.com\/terjebjornstad.com\/no\/wp-content\/uploads\/2018\/12\/volvo-xc40-320x400.png?fit=320%2C400&amp;ssl=1\" src=\"https:\/\/i0.wp.com\/terjebjornstad.com\/no\/wp-content\/uploads\/2019\/04\/volvo-xc40-avers-2-320x160.jpg?resize=320%2C400&#038;ssl=1\" alt=\"\" width=\"320\" height=\"400\" class=\"size-full wp-image-20817\" \/><\/a><figcaption id=\"caption-attachment-20817\" class=\"wp-caption-text\"><strong>Volvo XC40 D3 R-Design<\/strong><br \/>Jeg liker R-Design-pakka \u2013 b\u00e5de det visuelle inntrykket med helsort grill, sortlakkerte ytterspeiler, innvendig dekor og sort taktrekk. Jeg vil ogs\u00e5 fremheve sports-chassiset.<br \/><a href=\"https:\/\/terjebjornstad.com\/no\/2018\/12\/20\/volvo-xc40\/\"><img data-recalc-dims=\"1\" loading=\"lazy\" decoding=\"async\" src=\"https:\/\/i0.wp.com\/terjebjornstad.com\/no\/wp-content\/uploads\/2018\/06\/lesmer2.png?resize=320%2C24&#038;ssl=1\" alt=\"bilblog\" width=\"320\" height=\"24\" class=\"alignleft size-full wp-image-17286\" \/><\/a><br \/><\/figcaption><\/figure><figure id=\"attachment_47170\" aria-describedby=\"caption-attachment-47170\" style=\"width: 150px\" class=\"wp-caption alignleft\"><a href=\"https:\/\/terjebjornstad.com\/no\/2022\/02\/19\/aerodynamikk-og-forbruk\/\"><img data-recalc-dims=\"1\" loading=\"lazy\" decoding=\"async\" data-attachment-id=\"47170\" data-permalink=\"https:\/\/terjebjornstad.com\/no\/terjes-biler\/cw-avers-320x400\/\" data-orig-file=\"https:\/\/i0.wp.com\/terjebjornstad.com\/no\/wp-content\/uploads\/2022\/02\/cw-avers-320x400-1.png?fit=320%2C400&amp;ssl=1\" data-orig-size=\"320,400\" data-comments-opened=\"1\" data-image-meta=\"{&quot;aperture&quot;:&quot;0&quot;,&quot;credit&quot;:&quot;&quot;,&quot;camera&quot;:&quot;&quot;,&quot;caption&quot;:&quot;&quot;,&quot;created_timestamp&quot;:&quot;0&quot;,&quot;copyright&quot;:&quot;&quot;,&quot;focal_length&quot;:&quot;0&quot;,&quot;iso&quot;:&quot;0&quot;,&quot;shutter_speed&quot;:&quot;0&quot;,&quot;title&quot;:&quot;&quot;,&quot;orientation&quot;:&quot;0&quot;}\" data-image-title=\"cw-avers-320&amp;#215;400\" data-image-description=\"\" data-image-caption=\"&lt;p&gt;H\u00f8ybygget eller lavbygget elbil?&lt;\/p&gt;\n\" data-large-file=\"https:\/\/i0.wp.com\/terjebjornstad.com\/no\/wp-content\/uploads\/2022\/02\/cw-avers-320x400-1.png?fit=320%2C400&amp;ssl=1\" src=\"https:\/\/i0.wp.com\/terjebjornstad.com\/no\/wp-content\/uploads\/2022\/02\/cw-avers-320x400-1.png?resize=150%2C150&#038;ssl=1\" alt=\"\" width=\"150\" height=\"150\" class=\"size-thumbnail wp-image-47170\" srcset=\"https:\/\/i0.wp.com\/terjebjornstad.com\/no\/wp-content\/uploads\/2022\/02\/cw-avers-320x400-1.png?resize=150%2C150&amp;ssl=1 150w, https:\/\/i0.wp.com\/terjebjornstad.com\/no\/wp-content\/uploads\/2022\/02\/cw-avers-320x400-1.png?resize=50%2C50&amp;ssl=1 50w, https:\/\/i0.wp.com\/terjebjornstad.com\/no\/wp-content\/uploads\/2022\/02\/cw-avers-320x400-1.png?zoom=2&amp;resize=150%2C150&amp;ssl=1 300w\" sizes=\"auto, (max-width: 150px) 100vw, 150px\" \/><\/a><figcaption id=\"caption-attachment-47170\" class=\"wp-caption-text\">H\u00f8ybygget eller lavbygget elbil?<\/figcaption><\/figure><br \/>\n<br \/>\n<a href=\"https:\/\/terjebjornstad.com\/no\/hvordan-vi-tester-biler-testene\/\"><strong>Hvordan vi tester bilene<\/strong><\/a><\/p>\n<h6><\/h6>\n<\/div>\n","protected":false,"gt_translate_keys":[{"key":"rendered","format":"html"}]},"excerpt":{"rendered":"<p>Blir lavbygde SUV&#8217;er en ny trend for elbiler? Vi har tilbrakt en h\u00f8stdag p\u00e5 tur i Volvo&#8217;s crossover C40 Recharge. SUV som pakkesel? Batteripakken i &laquo;v\u00e5r&raquo; Volvo C40 veier 500 kg og krever trolig SUV-plattform p\u00e5 grunn av vekt og volum. M\u00e5 kunder som \u00f8nsker seg elbil med stor batteripakke, ufrivillig kj\u00f8pe SUV? I s\u00e5 [&hellip;]<\/p>\n","protected":false,"gt_translate_keys":[{"key":"rendered","format":"html"}]},"author":1,"featured_media":52466,"comment_status":"open","ping_status":"open","sticky":false,"template":"","format":"standard","meta":{"_monsterinsights_skip_tracking":false,"_monsterinsights_sitenote_active":false,"_monsterinsights_sitenote_note":"","_monsterinsights_sitenote_category":0,"jetpack_post_was_ever_published":false,"_jetpack_newsletter_access":"","_jetpack_dont_email_post_to_subs":false,"_jetpack_newsletter_tier_id":0,"_jetpack_memberships_contains_paywalled_content":false,"_jetpack_memberships_contains_paid_content":false,"footnotes":"","jetpack_publicize_message":"","jetpack_publicize_feature_enabled":true,"jetpack_social_post_already_shared":true,"jetpack_social_options":{"image_generator_settings":{"template":"highway","default_image_id":0,"font":"","enabled":false},"version":2}},"categories":[34,4418,138,2408],"tags":[4420,4421,3771,5126,4419,4422,4423,5125],"class_list":["post-52482","post","type-post","status-publish","format-standard","has-post-thumbnail","hentry","category-artikkel","category-c40","category-volvo","category-xc40","tag-c40-recharge","tag-c40-twin","tag-erfaringer","tag-test-volvo-c40","tag-volvo-c40","tag-volvo-c40-recharge","tag-volvo-c40-recharge-twin","tag-volvo-c40-test"],"yoast_head":"<!-- This site is optimized with the Yoast SEO plugin v27.5 - https:\/\/yoast.com\/product\/yoast-seo-wordpress\/ -->\n<title>Volvo C40 Recharge - Terjes biler - Blir lavbygd SUV ny trend?<\/title>\n<meta name=\"description\" content=\"Volvo C40 Recharge Twin - man kan se opphavet fra den firkantede XC40. Har C40 noe XC40 ikke har - eller omvendt?\" \/>\n<meta name=\"robots\" content=\"index, follow, max-snippet:-1, max-image-preview:large, max-video-preview:-1\" \/>\n<link rel=\"canonical\" href=\"https:\/\/terjebjornstad.com\/no\/2022\/09\/09\/volvo-c40-recharge\/\" \/>\n<meta property=\"og:locale\" content=\"nb_NO\" \/>\n<meta property=\"og:type\" content=\"article\" \/>\n<meta property=\"og:title\" content=\"Volvo C40 Recharge - Terjes biler - Blir lavbygd SUV ny trend?\" \/>\n<meta property=\"og:description\" content=\"Volvo C40 Recharge Twin - man kan se opphavet fra den firkantede XC40. Har C40 noe XC40 ikke har - eller omvendt?\" \/>\n<meta property=\"og:url\" content=\"https:\/\/terjebjornstad.com\/no\/2022\/09\/09\/volvo-c40-recharge\/\" \/>\n<meta property=\"og:site_name\" content=\"Terjes biler\" \/>\n<meta property=\"article:publisher\" content=\"https:\/\/www.facebook.com\/terjesbiler\/\" \/>\n<meta property=\"article:author\" content=\"https:\/\/www.facebook.com\/terjesbiler\" \/>\n<meta property=\"article:published_time\" content=\"2022-09-09T22:55:04+00:00\" \/>\n<meta property=\"article:modified_time\" content=\"2026-03-14T21:50:09+00:00\" \/>\n<meta property=\"og:image\" content=\"https:\/\/terjebjornstad.com\/no\/wp-content\/uploads\/2022\/09\/volvo-c40-recharge-5-1280x853-1.jpg\" \/>\n\t<meta property=\"og:image:width\" content=\"1280\" \/>\n\t<meta property=\"og:image:height\" content=\"853\" \/>\n\t<meta property=\"og:image:type\" content=\"image\/jpeg\" \/>\n<meta name=\"author\" content=\"Terje Bj\u00f8rnstad\" \/>\n<meta name=\"twitter:card\" content=\"summary_large_image\" \/>\n<meta name=\"twitter:label1\" content=\"Skrevet av\" \/>\n\t<meta name=\"twitter:data1\" content=\"Terje Bj\u00f8rnstad\" \/>\n\t<meta name=\"twitter:label2\" content=\"Ansl. lesetid\" \/>\n\t<meta name=\"twitter:data2\" content=\"14 minutter\" \/>\n<script type=\"application\/ld+json\" class=\"yoast-schema-graph\">{\"@context\":\"https:\\\/\\\/schema.org\",\"@graph\":[{\"@type\":\"Article\",\"@id\":\"https:\\\/\\\/terjebjornstad.com\\\/no\\\/2022\\\/09\\\/09\\\/volvo-c40-recharge\\\/#article\",\"isPartOf\":{\"@id\":\"https:\\\/\\\/terjebjornstad.com\\\/no\\\/2022\\\/09\\\/09\\\/volvo-c40-recharge\\\/\"},\"author\":{\"name\":\"Terje Bj\u00f8rnstad\",\"@id\":\"https:\\\/\\\/terjebjornstad.com\\\/no\\\/#\\\/schema\\\/person\\\/a281f6a6e0f3cc9fe468e7f0c655aa65\"},\"headline\":\"Volvo C40 Recharge\",\"datePublished\":\"2022-09-09T22:55:04+00:00\",\"dateModified\":\"2026-03-14T21:50:09+00:00\",\"mainEntityOfPage\":{\"@id\":\"https:\\\/\\\/terjebjornstad.com\\\/no\\\/2022\\\/09\\\/09\\\/volvo-c40-recharge\\\/\"},\"wordCount\":2067,\"commentCount\":0,\"publisher\":{\"@id\":\"https:\\\/\\\/terjebjornstad.com\\\/no\\\/#organization\"},\"image\":{\"@id\":\"https:\\\/\\\/terjebjornstad.com\\\/no\\\/2022\\\/09\\\/09\\\/volvo-c40-recharge\\\/#primaryimage\"},\"thumbnailUrl\":\"https:\\\/\\\/i0.wp.com\\\/terjebjornstad.com\\\/no\\\/wp-content\\\/uploads\\\/2022\\\/09\\\/volvo-c40-recharge-5-1280x853-1.jpg?fit=1280%2C853&ssl=1\",\"keywords\":[\"C40 Recharge\",\"C40 twin\",\"Erfaringer\",\"Test Volvo C40\",\"Volvo C40\",\"Volvo C40 Recharge\",\"Volvo C40 Recharge Twin\",\"Volvo C40 test\"],\"articleSection\":[\"Artikkel\",\"C40\",\"Volvo\",\"XC40\"],\"inLanguage\":\"nb-NO\",\"potentialAction\":[{\"@type\":\"CommentAction\",\"name\":\"Comment\",\"target\":[\"https:\\\/\\\/terjebjornstad.com\\\/no\\\/2022\\\/09\\\/09\\\/volvo-c40-recharge\\\/#respond\"]}]},{\"@type\":\"WebPage\",\"@id\":\"https:\\\/\\\/terjebjornstad.com\\\/no\\\/2022\\\/09\\\/09\\\/volvo-c40-recharge\\\/\",\"url\":\"https:\\\/\\\/terjebjornstad.com\\\/no\\\/2022\\\/09\\\/09\\\/volvo-c40-recharge\\\/\",\"name\":\"Volvo C40 Recharge - Terjes biler - Blir lavbygd SUV ny trend?\",\"isPartOf\":{\"@id\":\"https:\\\/\\\/terjebjornstad.com\\\/no\\\/#website\"},\"primaryImageOfPage\":{\"@id\":\"https:\\\/\\\/terjebjornstad.com\\\/no\\\/2022\\\/09\\\/09\\\/volvo-c40-recharge\\\/#primaryimage\"},\"image\":{\"@id\":\"https:\\\/\\\/terjebjornstad.com\\\/no\\\/2022\\\/09\\\/09\\\/volvo-c40-recharge\\\/#primaryimage\"},\"thumbnailUrl\":\"https:\\\/\\\/i0.wp.com\\\/terjebjornstad.com\\\/no\\\/wp-content\\\/uploads\\\/2022\\\/09\\\/volvo-c40-recharge-5-1280x853-1.jpg?fit=1280%2C853&ssl=1\",\"datePublished\":\"2022-09-09T22:55:04+00:00\",\"dateModified\":\"2026-03-14T21:50:09+00:00\",\"description\":\"Volvo C40 Recharge Twin - man kan se opphavet fra den firkantede XC40. Har C40 noe XC40 ikke har - eller omvendt?\",\"breadcrumb\":{\"@id\":\"https:\\\/\\\/terjebjornstad.com\\\/no\\\/2022\\\/09\\\/09\\\/volvo-c40-recharge\\\/#breadcrumb\"},\"inLanguage\":\"nb-NO\",\"potentialAction\":[{\"@type\":\"ReadAction\",\"target\":[\"https:\\\/\\\/terjebjornstad.com\\\/no\\\/2022\\\/09\\\/09\\\/volvo-c40-recharge\\\/\"]}]},{\"@type\":\"ImageObject\",\"inLanguage\":\"nb-NO\",\"@id\":\"https:\\\/\\\/terjebjornstad.com\\\/no\\\/2022\\\/09\\\/09\\\/volvo-c40-recharge\\\/#primaryimage\",\"url\":\"https:\\\/\\\/i0.wp.com\\\/terjebjornstad.com\\\/no\\\/wp-content\\\/uploads\\\/2022\\\/09\\\/volvo-c40-recharge-5-1280x853-1.jpg?fit=1280%2C853&ssl=1\",\"contentUrl\":\"https:\\\/\\\/i0.wp.com\\\/terjebjornstad.com\\\/no\\\/wp-content\\\/uploads\\\/2022\\\/09\\\/volvo-c40-recharge-5-1280x853-1.jpg?fit=1280%2C853&ssl=1\",\"width\":1280,\"height\":853,\"caption\":\"Volvo C40 Recharge\"},{\"@type\":\"BreadcrumbList\",\"@id\":\"https:\\\/\\\/terjebjornstad.com\\\/no\\\/2022\\\/09\\\/09\\\/volvo-c40-recharge\\\/#breadcrumb\",\"itemListElement\":[{\"@type\":\"ListItem\",\"position\":1,\"name\":\"Hjem\",\"item\":\"https:\\\/\\\/terjebjornstad.com\\\/no\\\/\"},{\"@type\":\"ListItem\",\"position\":2,\"name\":\"Volvo C40 Recharge\"}]},{\"@type\":\"WebSite\",\"@id\":\"https:\\\/\\\/terjebjornstad.com\\\/no\\\/#website\",\"url\":\"https:\\\/\\\/terjebjornstad.com\\\/no\\\/\",\"name\":\"Terjes biler\",\"description\":\"HONEST ABOUT CARS\",\"publisher\":{\"@id\":\"https:\\\/\\\/terjebjornstad.com\\\/no\\\/#organization\"},\"alternateName\":\"Terjebjornstad.com\",\"potentialAction\":[{\"@type\":\"SearchAction\",\"target\":{\"@type\":\"EntryPoint\",\"urlTemplate\":\"https:\\\/\\\/terjebjornstad.com\\\/no\\\/?s={search_term_string}\"},\"query-input\":{\"@type\":\"PropertyValueSpecification\",\"valueRequired\":true,\"valueName\":\"search_term_string\"}}],\"inLanguage\":\"nb-NO\"},{\"@type\":\"Organization\",\"@id\":\"https:\\\/\\\/terjebjornstad.com\\\/no\\\/#organization\",\"name\":\"Terje Bj\u00f8rnstad ENK\",\"url\":\"https:\\\/\\\/terjebjornstad.com\\\/no\\\/\",\"logo\":{\"@type\":\"ImageObject\",\"inLanguage\":\"nb-NO\",\"@id\":\"https:\\\/\\\/terjebjornstad.com\\\/no\\\/#\\\/schema\\\/logo\\\/image\\\/\",\"url\":\"https:\\\/\\\/i0.wp.com\\\/terjebjornstad.com\\\/no\\\/wp-content\\\/uploads\\\/2026\\\/02\\\/terjesbiler2024-960x354-1.png?fit=960%2C354&ssl=1\",\"contentUrl\":\"https:\\\/\\\/i0.wp.com\\\/terjebjornstad.com\\\/no\\\/wp-content\\\/uploads\\\/2026\\\/02\\\/terjesbiler2024-960x354-1.png?fit=960%2C354&ssl=1\",\"width\":960,\"height\":354,\"caption\":\"Terje Bj\u00f8rnstad ENK\"},\"image\":{\"@id\":\"https:\\\/\\\/terjebjornstad.com\\\/no\\\/#\\\/schema\\\/logo\\\/image\\\/\"},\"sameAs\":[\"https:\\\/\\\/www.facebook.com\\\/terjesbiler\\\/\",\"https:\\\/\\\/www.instagram.com\\\/terjesbiler\\\/\",\"https:\\\/\\\/www.pinteres.com\\\/terjebjrnstad\\\/terjes-biler\\\/\"]},{\"@type\":\"Person\",\"@id\":\"https:\\\/\\\/terjebjornstad.com\\\/no\\\/#\\\/schema\\\/person\\\/a281f6a6e0f3cc9fe468e7f0c655aa65\",\"name\":\"Terje Bj\u00f8rnstad\",\"image\":{\"@type\":\"ImageObject\",\"inLanguage\":\"nb-NO\",\"@id\":\"https:\\\/\\\/secure.gravatar.com\\\/avatar\\\/e8dff505b51cf6cb67ae06a06022d2049aac2da1e79dc146a36b58798c4b40ea?s=96&d=mm&r=g\",\"url\":\"https:\\\/\\\/secure.gravatar.com\\\/avatar\\\/e8dff505b51cf6cb67ae06a06022d2049aac2da1e79dc146a36b58798c4b40ea?s=96&d=mm&r=g\",\"contentUrl\":\"https:\\\/\\\/secure.gravatar.com\\\/avatar\\\/e8dff505b51cf6cb67ae06a06022d2049aac2da1e79dc146a36b58798c4b40ea?s=96&d=mm&r=g\",\"caption\":\"Terje Bj\u00f8rnstad\"},\"description\":\"Terje Bj\u00f8rnstad. Bloggadministrator, hobbyfotograf og bilnerd.\",\"sameAs\":[\"https:\\\/\\\/www.facebook.com\\\/terjesbiler\",\"https:\\\/\\\/www.instagram.com\\\/terjesbiler\",\"https:\\\/\\\/no.pinterest.com\\\/terjebjrnstad\",\"https:\\\/\\\/www.youtube.com\\\/channel\\\/UCzCKJJDybyIgKqatc_JQqIg\"]}]}<\/script>\n<!-- \/ Yoast SEO plugin. -->","yoast_head_json":{"title":"Volvo C40 Recharge - Terjes biler - Blir lavbygd SUV ny trend?","description":"Volvo C40 Recharge Twin - man kan se opphavet fra den firkantede XC40. Har C40 noe XC40 ikke har - eller omvendt?","robots":{"index":"index","follow":"follow","max-snippet":"max-snippet:-1","max-image-preview":"max-image-preview:large","max-video-preview":"max-video-preview:-1"},"canonical":"https:\/\/terjebjornstad.com\/no\/2022\/09\/09\/volvo-c40-recharge\/","og_locale":"nb_NO","og_type":"article","og_title":"Volvo C40 Recharge - Terjes biler - Blir lavbygd SUV ny trend?","og_description":"Volvo C40 Recharge Twin - man kan se opphavet fra den firkantede XC40. Har C40 noe XC40 ikke har - eller omvendt?","og_url":"https:\/\/terjebjornstad.com\/no\/2022\/09\/09\/volvo-c40-recharge\/","og_site_name":"Terjes biler","article_publisher":"https:\/\/www.facebook.com\/terjesbiler\/","article_author":"https:\/\/www.facebook.com\/terjesbiler","article_published_time":"2022-09-09T22:55:04+00:00","article_modified_time":"2026-03-14T21:50:09+00:00","og_image":[{"width":1280,"height":853,"url":"https:\/\/terjebjornstad.com\/no\/wp-content\/uploads\/2022\/09\/volvo-c40-recharge-5-1280x853-1.jpg","type":"image\/jpeg"}],"author":"Terje Bj\u00f8rnstad","twitter_card":"summary_large_image","twitter_misc":{"Skrevet av":"Terje Bj\u00f8rnstad","Ansl. lesetid":"14 minutter"},"schema":{"@context":"https:\/\/schema.org","@graph":[{"@type":"Article","@id":"https:\/\/terjebjornstad.com\/no\/2022\/09\/09\/volvo-c40-recharge\/#article","isPartOf":{"@id":"https:\/\/terjebjornstad.com\/no\/2022\/09\/09\/volvo-c40-recharge\/"},"author":{"name":"Terje Bj\u00f8rnstad","@id":"https:\/\/terjebjornstad.com\/no\/#\/schema\/person\/a281f6a6e0f3cc9fe468e7f0c655aa65"},"headline":"Volvo C40 Recharge","datePublished":"2022-09-09T22:55:04+00:00","dateModified":"2026-03-14T21:50:09+00:00","mainEntityOfPage":{"@id":"https:\/\/terjebjornstad.com\/no\/2022\/09\/09\/volvo-c40-recharge\/"},"wordCount":2067,"commentCount":0,"publisher":{"@id":"https:\/\/terjebjornstad.com\/no\/#organization"},"image":{"@id":"https:\/\/terjebjornstad.com\/no\/2022\/09\/09\/volvo-c40-recharge\/#primaryimage"},"thumbnailUrl":"https:\/\/i0.wp.com\/terjebjornstad.com\/no\/wp-content\/uploads\/2022\/09\/volvo-c40-recharge-5-1280x853-1.jpg?fit=1280%2C853&ssl=1","keywords":["C40 Recharge","C40 twin","Erfaringer","Test Volvo C40","Volvo C40","Volvo C40 Recharge","Volvo C40 Recharge Twin","Volvo C40 test"],"articleSection":["Artikkel","C40","Volvo","XC40"],"inLanguage":"nb-NO","potentialAction":[{"@type":"CommentAction","name":"Comment","target":["https:\/\/terjebjornstad.com\/no\/2022\/09\/09\/volvo-c40-recharge\/#respond"]}]},{"@type":"WebPage","@id":"https:\/\/terjebjornstad.com\/no\/2022\/09\/09\/volvo-c40-recharge\/","url":"https:\/\/terjebjornstad.com\/no\/2022\/09\/09\/volvo-c40-recharge\/","name":"Volvo C40 Recharge - Terjes biler - Blir lavbygd SUV ny trend?","isPartOf":{"@id":"https:\/\/terjebjornstad.com\/no\/#website"},"primaryImageOfPage":{"@id":"https:\/\/terjebjornstad.com\/no\/2022\/09\/09\/volvo-c40-recharge\/#primaryimage"},"image":{"@id":"https:\/\/terjebjornstad.com\/no\/2022\/09\/09\/volvo-c40-recharge\/#primaryimage"},"thumbnailUrl":"https:\/\/i0.wp.com\/terjebjornstad.com\/no\/wp-content\/uploads\/2022\/09\/volvo-c40-recharge-5-1280x853-1.jpg?fit=1280%2C853&ssl=1","datePublished":"2022-09-09T22:55:04+00:00","dateModified":"2026-03-14T21:50:09+00:00","description":"Volvo C40 Recharge Twin - man kan se opphavet fra den firkantede XC40. Har C40 noe XC40 ikke har - eller omvendt?","breadcrumb":{"@id":"https:\/\/terjebjornstad.com\/no\/2022\/09\/09\/volvo-c40-recharge\/#breadcrumb"},"inLanguage":"nb-NO","potentialAction":[{"@type":"ReadAction","target":["https:\/\/terjebjornstad.com\/no\/2022\/09\/09\/volvo-c40-recharge\/"]}]},{"@type":"ImageObject","inLanguage":"nb-NO","@id":"https:\/\/terjebjornstad.com\/no\/2022\/09\/09\/volvo-c40-recharge\/#primaryimage","url":"https:\/\/i0.wp.com\/terjebjornstad.com\/no\/wp-content\/uploads\/2022\/09\/volvo-c40-recharge-5-1280x853-1.jpg?fit=1280%2C853&ssl=1","contentUrl":"https:\/\/i0.wp.com\/terjebjornstad.com\/no\/wp-content\/uploads\/2022\/09\/volvo-c40-recharge-5-1280x853-1.jpg?fit=1280%2C853&ssl=1","width":1280,"height":853,"caption":"Volvo C40 Recharge"},{"@type":"BreadcrumbList","@id":"https:\/\/terjebjornstad.com\/no\/2022\/09\/09\/volvo-c40-recharge\/#breadcrumb","itemListElement":[{"@type":"ListItem","position":1,"name":"Hjem","item":"https:\/\/terjebjornstad.com\/no\/"},{"@type":"ListItem","position":2,"name":"Volvo C40 Recharge"}]},{"@type":"WebSite","@id":"https:\/\/terjebjornstad.com\/no\/#website","url":"https:\/\/terjebjornstad.com\/no\/","name":"Terjes biler","description":"HONEST ABOUT CARS","publisher":{"@id":"https:\/\/terjebjornstad.com\/no\/#organization"},"alternateName":"Terjebjornstad.com","potentialAction":[{"@type":"SearchAction","target":{"@type":"EntryPoint","urlTemplate":"https:\/\/terjebjornstad.com\/no\/?s={search_term_string}"},"query-input":{"@type":"PropertyValueSpecification","valueRequired":true,"valueName":"search_term_string"}}],"inLanguage":"nb-NO"},{"@type":"Organization","@id":"https:\/\/terjebjornstad.com\/no\/#organization","name":"Terje Bj\u00f8rnstad ENK","url":"https:\/\/terjebjornstad.com\/no\/","logo":{"@type":"ImageObject","inLanguage":"nb-NO","@id":"https:\/\/terjebjornstad.com\/no\/#\/schema\/logo\/image\/","url":"https:\/\/i0.wp.com\/terjebjornstad.com\/no\/wp-content\/uploads\/2026\/02\/terjesbiler2024-960x354-1.png?fit=960%2C354&ssl=1","contentUrl":"https:\/\/i0.wp.com\/terjebjornstad.com\/no\/wp-content\/uploads\/2026\/02\/terjesbiler2024-960x354-1.png?fit=960%2C354&ssl=1","width":960,"height":354,"caption":"Terje Bj\u00f8rnstad ENK"},"image":{"@id":"https:\/\/terjebjornstad.com\/no\/#\/schema\/logo\/image\/"},"sameAs":["https:\/\/www.facebook.com\/terjesbiler\/","https:\/\/www.instagram.com\/terjesbiler\/","https:\/\/www.pinteres.com\/terjebjrnstad\/terjes-biler\/"]},{"@type":"Person","@id":"https:\/\/terjebjornstad.com\/no\/#\/schema\/person\/a281f6a6e0f3cc9fe468e7f0c655aa65","name":"Terje Bj\u00f8rnstad","image":{"@type":"ImageObject","inLanguage":"nb-NO","@id":"https:\/\/secure.gravatar.com\/avatar\/e8dff505b51cf6cb67ae06a06022d2049aac2da1e79dc146a36b58798c4b40ea?s=96&d=mm&r=g","url":"https:\/\/secure.gravatar.com\/avatar\/e8dff505b51cf6cb67ae06a06022d2049aac2da1e79dc146a36b58798c4b40ea?s=96&d=mm&r=g","contentUrl":"https:\/\/secure.gravatar.com\/avatar\/e8dff505b51cf6cb67ae06a06022d2049aac2da1e79dc146a36b58798c4b40ea?s=96&d=mm&r=g","caption":"Terje Bj\u00f8rnstad"},"description":"Terje Bj\u00f8rnstad. Bloggadministrator, hobbyfotograf og bilnerd.","sameAs":["https:\/\/www.facebook.com\/terjesbiler","https:\/\/www.instagram.com\/terjesbiler","https:\/\/no.pinterest.com\/terjebjrnstad","https:\/\/www.youtube.com\/channel\/UCzCKJJDybyIgKqatc_JQqIg"]}]}},"jetpack_publicize_connections":[],"jetpack_featured_media_url":"https:\/\/i0.wp.com\/terjebjornstad.com\/no\/wp-content\/uploads\/2022\/09\/volvo-c40-recharge-5-1280x853-1.jpg?fit=1280%2C853&ssl=1","jetpack_sharing_enabled":true,"jetpack_shortlink":"https:\/\/wp.me\/p48zYA-dEu","jetpack-related-posts":[{"id":69222,"url":"https:\/\/terjebjornstad.com\/no\/2024\/01\/30\/polestar-2-vi-har-jo-volvo\/","url_meta":{"origin":52482,"position":0},"title":"Polestar? Vi har jo Volvo","author":"Terje Bj\u00f8rnstad","date":"30\/01\/2024","format":false,"excerpt":"If\u00f8lge nyhetsbyr\u00e5et Reuters kutter Polestar 15% av sine ansatte, n\u00e6rmere bestemt 450 mennesker over hele verden. Begrunnelsen er den utfordrende markedssituasjonen. En midlertidig nedgang? I oktober ble det konstatert at veksten i det globale elbilmarkedet begynte \u00e5 avta. Situasjonen er sannsynligvis bare midlertidig, men ogs\u00e5 et varsel om at markedet\u2026","rel":"","context":"i &quot;Artikkel&quot;","block_context":{"text":"Artikkel","link":"https:\/\/terjebjornstad.com\/no\/category\/artikkel\/"},"img":{"alt_text":"","src":"https:\/\/i0.wp.com\/terjebjornstad.com\/no\/wp-content\/uploads\/2024\/01\/polestar-gt-1920x1280-1.jpg?fit=1200%2C800&ssl=1&resize=350%2C200","width":350,"height":200,"srcset":"https:\/\/i0.wp.com\/terjebjornstad.com\/no\/wp-content\/uploads\/2024\/01\/polestar-gt-1920x1280-1.jpg?fit=1200%2C800&ssl=1&resize=350%2C200 1x, https:\/\/i0.wp.com\/terjebjornstad.com\/no\/wp-content\/uploads\/2024\/01\/polestar-gt-1920x1280-1.jpg?fit=1200%2C800&ssl=1&resize=525%2C300 1.5x, https:\/\/i0.wp.com\/terjebjornstad.com\/no\/wp-content\/uploads\/2024\/01\/polestar-gt-1920x1280-1.jpg?fit=1200%2C800&ssl=1&resize=700%2C400 2x, https:\/\/i0.wp.com\/terjebjornstad.com\/no\/wp-content\/uploads\/2024\/01\/polestar-gt-1920x1280-1.jpg?fit=1200%2C800&ssl=1&resize=1050%2C600 3x"},"classes":[]},{"id":46863,"url":"https:\/\/terjebjornstad.com\/no\/2022\/02\/19\/aerodynamikk-og-forbruk\/","url_meta":{"origin":52482,"position":1},"title":"H\u00f8ybygget  eller lavbygget elbil?","author":"Terje Bj\u00f8rnstad","date":"19\/02\/2022","format":false,"excerpt":"Nye el-SUV'er oser ikke akkurat av aerodynamikk, men men skal ikke skue hunden p\u00e5 h\u00e5rene. Under er det bilde av helt ny h\u00f8ybygget bil og et 20 \u00e5r gammelt aerodynamisk vidunder for sin tid. De to bilene har utrolig nok samme Cw-verdi. \u00a0 \u00a0 NEDENST\u00c5ENDE AVSNITT ER UNDER OMSKRIVNING DA\u2026","rel":"","context":"i &quot;Elbil&quot;","block_context":{"text":"Elbil","link":"https:\/\/terjebjornstad.com\/no\/category\/elbil\/"},"img":{"alt_text":"","src":"https:\/\/i0.wp.com\/terjebjornstad.com\/no\/wp-content\/uploads\/2022\/02\/cw-1080x381-1.png?fit=1080%2C381&ssl=1&resize=350%2C200","width":350,"height":200,"srcset":"https:\/\/i0.wp.com\/terjebjornstad.com\/no\/wp-content\/uploads\/2022\/02\/cw-1080x381-1.png?fit=1080%2C381&ssl=1&resize=350%2C200 1x, https:\/\/i0.wp.com\/terjebjornstad.com\/no\/wp-content\/uploads\/2022\/02\/cw-1080x381-1.png?fit=1080%2C381&ssl=1&resize=525%2C300 1.5x, https:\/\/i0.wp.com\/terjebjornstad.com\/no\/wp-content\/uploads\/2022\/02\/cw-1080x381-1.png?fit=1080%2C381&ssl=1&resize=700%2C400 2x, https:\/\/i0.wp.com\/terjebjornstad.com\/no\/wp-content\/uploads\/2022\/02\/cw-1080x381-1.png?fit=1080%2C381&ssl=1&resize=1050%2C600 3x"},"classes":[]},{"id":75530,"url":"https:\/\/terjebjornstad.com\/no\/2024\/09\/27\/utilsiktede-akselerasjoner-biler-som-akselererer-selv\/","url_meta":{"origin":52482,"position":2},"title":"P\u00e5 tide \u00e5 ta utilsiktede akselerasjoner p\u00e5 alvor","author":"Terje Bj\u00f8rnstad","date":"27\/09\/2024","format":false,"excerpt":"I flere ulykker hvor biler har akselerert ukontrollert, har bilf\u00f8rerne hevdet at det har v\u00e6rt feil ved bilene. Men bilprodusentene p\u00e5 sin side hevder \u00e5 ha data som viser at bilene kan frikjennes. Hvem kan vi stole p\u00e5? Hvordan kan en moderne bil akselerere p\u00e5 egen h\u00e5nd? Kan feil i\u2026","rel":"","context":"i &quot;Jaguar I-Pace&quot;","block_context":{"text":"Jaguar I-Pace","link":"https:\/\/terjebjornstad.com\/no\/category\/jaguar\/jaguar-i-pace\/"},"img":{"alt_text":"","src":"https:\/\/i0.wp.com\/terjebjornstad.com\/no\/wp-content\/uploads\/2024\/09\/shutterstock_1469394275-1920x1278-1.jpg?fit=1200%2C799&ssl=1&resize=350%2C200","width":350,"height":200,"srcset":"https:\/\/i0.wp.com\/terjebjornstad.com\/no\/wp-content\/uploads\/2024\/09\/shutterstock_1469394275-1920x1278-1.jpg?fit=1200%2C799&ssl=1&resize=350%2C200 1x, https:\/\/i0.wp.com\/terjebjornstad.com\/no\/wp-content\/uploads\/2024\/09\/shutterstock_1469394275-1920x1278-1.jpg?fit=1200%2C799&ssl=1&resize=525%2C300 1.5x, https:\/\/i0.wp.com\/terjebjornstad.com\/no\/wp-content\/uploads\/2024\/09\/shutterstock_1469394275-1920x1278-1.jpg?fit=1200%2C799&ssl=1&resize=700%2C400 2x, https:\/\/i0.wp.com\/terjebjornstad.com\/no\/wp-content\/uploads\/2024\/09\/shutterstock_1469394275-1920x1278-1.jpg?fit=1200%2C799&ssl=1&resize=1050%2C600 3x"},"classes":[]},{"id":20784,"url":"https:\/\/terjebjornstad.com\/no\/2018\/12\/20\/volvo-xc40\/","url_meta":{"origin":52482,"position":3},"title":"Volvo XC40 D3 R-Design","author":"Terje Bj\u00f8rnstad","date":"20\/12\/2018","format":false,"excerpt":"I stedet for \u00e5 sitte p\u00e5 en br\u00e5kete kaffebar tenkte jeg at vi kunne ta en road trip - til \"gamle tomter\". Jeg hadde bestilt en Volvo XC40. Det er faktisk en av de mest interessante bilnyhetene det siste \u00e5ret, selv om den enn\u00e5 ikke tilbys med noen form for\u2026","rel":"","context":"i &quot;Artikkel&quot;","block_context":{"text":"Artikkel","link":"https:\/\/terjebjornstad.com\/no\/category\/artikkel\/"},"img":{"alt_text":"","src":"https:\/\/i0.wp.com\/terjebjornstad.com\/no\/wp-content\/uploads\/2018\/12\/volvo-xc40-1-719x617-1.jpg?resize=350%2C200&ssl=1","width":350,"height":200,"srcset":"https:\/\/i0.wp.com\/terjebjornstad.com\/no\/wp-content\/uploads\/2018\/12\/volvo-xc40-1-719x617-1.jpg?resize=350%2C200&ssl=1 1x, https:\/\/i0.wp.com\/terjebjornstad.com\/no\/wp-content\/uploads\/2018\/12\/volvo-xc40-1-719x617-1.jpg?resize=525%2C300&ssl=1 1.5x, https:\/\/i0.wp.com\/terjebjornstad.com\/no\/wp-content\/uploads\/2018\/12\/volvo-xc40-1-719x617-1.jpg?resize=700%2C400&ssl=1 2x"},"classes":[]},{"id":70741,"url":"https:\/\/terjebjornstad.com\/no\/2024\/03\/23\/hvor-elbilene-er-produsert\/","url_meta":{"origin":52482,"position":4},"title":"Hvor elbilene er produsert","author":"Terje Bj\u00f8rnstad","date":"23\/03\/2024","format":false,"excerpt":"N\u00e5r samme modell blir produsert flere steder i verden - og ikke alltid p\u00e5 samme sted hvert \u00e5r - er det ikke enkelt \u00e5 vite. Finn ut hvor elbilen din er produsert! Ikke glem batteriene! Batteriene utgj\u00f8r en vesentlig del av elbilen. I verdi kan det v\u00e6re s\u00e5 mye som\u2026","rel":"","context":"i &quot;Elbil&quot;","block_context":{"text":"Elbil","link":"https:\/\/terjebjornstad.com\/no\/category\/elbil\/"},"img":{"alt_text":"","src":"https:\/\/i0.wp.com\/terjebjornstad.com\/no\/wp-content\/uploads\/2024\/03\/elbil-from-where-1012x620-1.jpg?fit=1012%2C620&ssl=1&resize=350%2C200","width":350,"height":200,"srcset":"https:\/\/i0.wp.com\/terjebjornstad.com\/no\/wp-content\/uploads\/2024\/03\/elbil-from-where-1012x620-1.jpg?fit=1012%2C620&ssl=1&resize=350%2C200 1x, https:\/\/i0.wp.com\/terjebjornstad.com\/no\/wp-content\/uploads\/2024\/03\/elbil-from-where-1012x620-1.jpg?fit=1012%2C620&ssl=1&resize=525%2C300 1.5x, https:\/\/i0.wp.com\/terjebjornstad.com\/no\/wp-content\/uploads\/2024\/03\/elbil-from-where-1012x620-1.jpg?fit=1012%2C620&ssl=1&resize=700%2C400 2x"},"classes":[]},{"id":52900,"url":"https:\/\/terjebjornstad.com\/no\/2022\/09\/30\/volvo-xc90-recharge\/","url_meta":{"origin":52482,"position":5},"title":"Volvo XC90 Recharge","author":"Terje Bj\u00f8rnstad","date":"30\/09\/2022","format":false,"excerpt":"Interessen for Volvo XC90 vil trolig dale n\u00e5r den nye helelektriske EX90 dukker opp i butikkvinduene. Skj\u00f8nt det er imponerende \u00e5 se hvor popul\u00e6r XC90 fremdeles er. Vi snakker tross alt om en hybridbil som koster over en million kroner. Kort modellhistorikk Volvo er p\u00e5 ingen m\u00e5te ferdig med XC90.\u2026","rel":"","context":"i &quot;Artikkel&quot;","block_context":{"text":"Artikkel","link":"https:\/\/terjebjornstad.com\/no\/category\/artikkel\/"},"img":{"alt_text":"","src":"https:\/\/i0.wp.com\/terjebjornstad.com\/no\/wp-content\/uploads\/2022\/09\/volvo-xc90-0107-1280x853-1.jpg?fit=1200%2C800&ssl=1&resize=350%2C200","width":350,"height":200,"srcset":"https:\/\/i0.wp.com\/terjebjornstad.com\/no\/wp-content\/uploads\/2022\/09\/volvo-xc90-0107-1280x853-1.jpg?fit=1200%2C800&ssl=1&resize=350%2C200 1x, https:\/\/i0.wp.com\/terjebjornstad.com\/no\/wp-content\/uploads\/2022\/09\/volvo-xc90-0107-1280x853-1.jpg?fit=1200%2C800&ssl=1&resize=525%2C300 1.5x, https:\/\/i0.wp.com\/terjebjornstad.com\/no\/wp-content\/uploads\/2022\/09\/volvo-xc90-0107-1280x853-1.jpg?fit=1200%2C800&ssl=1&resize=700%2C400 2x, https:\/\/i0.wp.com\/terjebjornstad.com\/no\/wp-content\/uploads\/2022\/09\/volvo-xc90-0107-1280x853-1.jpg?fit=1200%2C800&ssl=1&resize=1050%2C600 3x"},"classes":[]}],"gt_translate_keys":[{"key":"link","format":"url"}],"_links":{"self":[{"href":"https:\/\/terjebjornstad.com\/no\/wp-json\/wp\/v2\/posts\/52482","targetHints":{"allow":["GET"]}}],"collection":[{"href":"https:\/\/terjebjornstad.com\/no\/wp-json\/wp\/v2\/posts"}],"about":[{"href":"https:\/\/terjebjornstad.com\/no\/wp-json\/wp\/v2\/types\/post"}],"author":[{"embeddable":true,"href":"https:\/\/terjebjornstad.com\/no\/wp-json\/wp\/v2\/users\/1"}],"replies":[{"embeddable":true,"href":"https:\/\/terjebjornstad.com\/no\/wp-json\/wp\/v2\/comments?post=52482"}],"version-history":[{"count":53,"href":"https:\/\/terjebjornstad.com\/no\/wp-json\/wp\/v2\/posts\/52482\/revisions"}],"predecessor-version":[{"id":91095,"href":"https:\/\/terjebjornstad.com\/no\/wp-json\/wp\/v2\/posts\/52482\/revisions\/91095"}],"wp:featuredmedia":[{"embeddable":true,"href":"https:\/\/terjebjornstad.com\/no\/wp-json\/wp\/v2\/media\/52466"}],"wp:attachment":[{"href":"https:\/\/terjebjornstad.com\/no\/wp-json\/wp\/v2\/media?parent=52482"}],"wp:term":[{"taxonomy":"category","embeddable":true,"href":"https:\/\/terjebjornstad.com\/no\/wp-json\/wp\/v2\/categories?post=52482"},{"taxonomy":"post_tag","embeddable":true,"href":"https:\/\/terjebjornstad.com\/no\/wp-json\/wp\/v2\/tags?post=52482"}],"curies":[{"name":"wp","href":"https:\/\/api.w.org\/{rel}","templated":true}]}}