{"id":48945,"date":"2022-06-08T13:06:57","date_gmt":"2022-06-08T12:06:57","guid":{"rendered":"https:\/\/terjebjornstad.com\/no\/?p=48945"},"modified":"2026-02-28T01:35:38","modified_gmt":"2026-02-28T00:35:38","slug":"takgjoken-volvo-vibber","status":"publish","type":"post","link":"https:\/\/terjebjornstad.com\/no\/2022\/06\/08\/takgjoken-volvo-vibber\/","title":{"rendered":"Volvo-vibber","gt_translate_keys":[{"key":"rendered","format":"text"}]},"content":{"rendered":"<div class=\"copy_teb\"><figure id=\"attachment_48925\" aria-describedby=\"caption-attachment-48925\" style=\"width: 1080px\" class=\"wp-caption aligncenter\"><a href=\"https:\/\/i0.wp.com\/terjebjornstad.com\/no\/wp-content\/uploads\/2022\/06\/1-1973-volvo-0209-1080x608-1.png?ssl=1\"><img data-recalc-dims=\"1\" loading=\"lazy\" decoding=\"async\" data-attachment-id=\"48925\" data-permalink=\"https:\/\/terjebjornstad.com\/no\/2022\/06\/08\/takgjoken-volvo-vibber\/1-1973-volvo-0209-1080x608\/\" data-orig-file=\"https:\/\/i0.wp.com\/terjebjornstad.com\/no\/wp-content\/uploads\/2022\/06\/1-1973-volvo-0209-1080x608-1.png?fit=1080%2C608&amp;ssl=1\" data-orig-size=\"1080,608\" data-comments-opened=\"1\" data-image-meta=\"{&quot;aperture&quot;:&quot;0&quot;,&quot;credit&quot;:&quot;&quot;,&quot;camera&quot;:&quot;&quot;,&quot;caption&quot;:&quot;&quot;,&quot;created_timestamp&quot;:&quot;0&quot;,&quot;copyright&quot;:&quot;&quot;,&quot;focal_length&quot;:&quot;0&quot;,&quot;iso&quot;:&quot;0&quot;,&quot;shutter_speed&quot;:&quot;0&quot;,&quot;title&quot;:&quot;&quot;,&quot;orientation&quot;:&quot;0&quot;}\" data-image-title=\"1-1973-volvo-0209-1080&amp;#215;608\" data-image-description=\"\" data-image-caption=\"&lt;p&gt;1973 Volvo 144. \u00c5rsmodell 1973 regnes av mange for \u00e5 v\u00e6re den  beste i 140-serien&lt;\/p&gt;\n\" data-large-file=\"https:\/\/i0.wp.com\/terjebjornstad.com\/no\/wp-content\/uploads\/2022\/06\/1-1973-volvo-0209-1080x608-1.png?fit=980%2C552&amp;ssl=1\" src=\"https:\/\/i0.wp.com\/terjebjornstad.com\/no\/wp-content\/uploads\/2022\/06\/1-1973-volvo-0209-1080x608-1.png?resize=980%2C552&#038;ssl=1\" alt=\"takgj\u00f8ken\" width=\"980\" height=\"552\" class=\"size-full wp-image-48925\" srcset=\"https:\/\/i0.wp.com\/terjebjornstad.com\/no\/wp-content\/uploads\/2022\/06\/1-1973-volvo-0209-1080x608-1.png?w=1080&amp;ssl=1 1080w, https:\/\/i0.wp.com\/terjebjornstad.com\/no\/wp-content\/uploads\/2022\/06\/1-1973-volvo-0209-1080x608-1.png?resize=300%2C169&amp;ssl=1 300w, https:\/\/i0.wp.com\/terjebjornstad.com\/no\/wp-content\/uploads\/2022\/06\/1-1973-volvo-0209-1080x608-1.png?resize=768%2C432&amp;ssl=1 768w, https:\/\/i0.wp.com\/terjebjornstad.com\/no\/wp-content\/uploads\/2022\/06\/1-1973-volvo-0209-1080x608-1.png?resize=690%2C388&amp;ssl=1 690w, https:\/\/i0.wp.com\/terjebjornstad.com\/no\/wp-content\/uploads\/2022\/06\/1-1973-volvo-0209-1080x608-1.png?resize=980%2C552&amp;ssl=1 980w\" sizes=\"auto, (max-width: 980px) 100vw, 980px\" \/><\/a><figcaption id=\"caption-attachment-48925\" class=\"wp-caption-text\">Kanskje de beste Volvoene som noen sinne er laget-<\/figcaption><\/figure><\/p>\n<blockquote><p>Om en kongelig Volvo fra den gang da kronprinsparet hadde C-skilter. Om takgj\u00f8ken som aldri ble noen suksess &#8211; og litt mimring om Volvo 760 som er blitt 40 \u00e5r.<\/p><\/blockquote>\n<h3>&nbsp;<\/h3>\n<h3 class=\"tebh2bigger\">Norsk Volvoklubb treff<\/h3>\n<p>I helgen var det Volvo-treff p\u00e5 Norsk Samferdselshistorisk Senter ved H\u00f8nefoss stasjon. Jeg liker Volvo bedre enn andre biler. Det er f\u00e5 biler som er like holdbare. 50 \u00e5r gamle standardbiler kan kj\u00f8res 8-10 mil p\u00e5 treff. N\u00e5r panseret \u00e5pnes etter ankomst, avdekkes et helt spotless motorrom. Innimellom standardbilene, fant jeg ogs\u00e5 noen spesielle kj\u00f8ret\u00f8y.<\/p>\n<h3 class=\"tebh2bigger\">Volvoen fra Skaugum<\/h3>\n<figure id=\"attachment_48926\" aria-describedby=\"caption-attachment-48926\" style=\"width: 1080px\" class=\"wp-caption aligncenter\"><a href=\"https:\/\/i0.wp.com\/terjebjornstad.com\/no\/wp-content\/uploads\/2022\/06\/2-1983-volvo-264-te-1336-1080x1080-1.png?ssl=1\"><img data-recalc-dims=\"1\" loading=\"lazy\" decoding=\"async\" data-attachment-id=\"48926\" data-permalink=\"https:\/\/terjebjornstad.com\/no\/2022\/06\/08\/takgjoken-volvo-vibber\/2-1983-volvo-264-te-1336-1080x1080\/\" data-orig-file=\"https:\/\/i0.wp.com\/terjebjornstad.com\/no\/wp-content\/uploads\/2022\/06\/2-1983-volvo-264-te-1336-1080x1080-1.png?fit=1080%2C1080&amp;ssl=1\" data-orig-size=\"1080,1080\" data-comments-opened=\"1\" data-image-meta=\"{&quot;aperture&quot;:&quot;0&quot;,&quot;credit&quot;:&quot;&quot;,&quot;camera&quot;:&quot;&quot;,&quot;caption&quot;:&quot;&quot;,&quot;created_timestamp&quot;:&quot;0&quot;,&quot;copyright&quot;:&quot;&quot;,&quot;focal_length&quot;:&quot;0&quot;,&quot;iso&quot;:&quot;0&quot;,&quot;shutter_speed&quot;:&quot;0&quot;,&quot;title&quot;:&quot;&quot;,&quot;orientation&quot;:&quot;0&quot;}\" data-image-title=\"2-1983-volvo-264-te-1336-1080&amp;#215;1080\" data-image-description=\"\" data-image-caption=\"&lt;p&gt;Ser du dette flaggfestet, vet du at det dreier seg om en kongelig bil.&lt;\/p&gt;\n\" data-large-file=\"https:\/\/i0.wp.com\/terjebjornstad.com\/no\/wp-content\/uploads\/2022\/06\/2-1983-volvo-264-te-1336-1080x1080-1.png?fit=980%2C980&amp;ssl=1\" src=\"https:\/\/i0.wp.com\/terjebjornstad.com\/no\/wp-content\/uploads\/2022\/06\/2-1983-volvo-264-te-1336-1080x1080-1.png?resize=980%2C980&#038;ssl=1\" alt=\"\" width=\"980\" height=\"980\" class=\"size-full wp-image-48926\" srcset=\"https:\/\/i0.wp.com\/terjebjornstad.com\/no\/wp-content\/uploads\/2022\/06\/2-1983-volvo-264-te-1336-1080x1080-1.png?w=1080&amp;ssl=1 1080w, https:\/\/i0.wp.com\/terjebjornstad.com\/no\/wp-content\/uploads\/2022\/06\/2-1983-volvo-264-te-1336-1080x1080-1.png?resize=300%2C300&amp;ssl=1 300w, https:\/\/i0.wp.com\/terjebjornstad.com\/no\/wp-content\/uploads\/2022\/06\/2-1983-volvo-264-te-1336-1080x1080-1.png?resize=150%2C150&amp;ssl=1 150w, https:\/\/i0.wp.com\/terjebjornstad.com\/no\/wp-content\/uploads\/2022\/06\/2-1983-volvo-264-te-1336-1080x1080-1.png?resize=768%2C768&amp;ssl=1 768w, https:\/\/i0.wp.com\/terjebjornstad.com\/no\/wp-content\/uploads\/2022\/06\/2-1983-volvo-264-te-1336-1080x1080-1.png?resize=690%2C690&amp;ssl=1 690w, https:\/\/i0.wp.com\/terjebjornstad.com\/no\/wp-content\/uploads\/2022\/06\/2-1983-volvo-264-te-1336-1080x1080-1.png?resize=980%2C980&amp;ssl=1 980w, https:\/\/i0.wp.com\/terjebjornstad.com\/no\/wp-content\/uploads\/2022\/06\/2-1983-volvo-264-te-1336-1080x1080-1.png?resize=50%2C50&amp;ssl=1 50w\" sizes=\"auto, (max-width: 980px) 100vw, 980px\" \/><\/a><figcaption id=\"caption-attachment-48926\" class=\"wp-caption-text\">Ser du dette flaggfestet, vet du at det dreier seg om en kongelig bil.<\/figcaption><\/figure>\n<p><figure id=\"attachment_48936\" aria-describedby=\"caption-attachment-48936\" style=\"width: 1080px\" class=\"wp-caption aligncenter\"><a href=\"https:\/\/i0.wp.com\/terjebjornstad.com\/no\/wp-content\/uploads\/2022\/06\/3-1983-volvo-264-te-c-2-1080x720-1.png?ssl=1\"><img data-recalc-dims=\"1\" loading=\"lazy\" decoding=\"async\" data-attachment-id=\"48936\" data-permalink=\"https:\/\/terjebjornstad.com\/no\/volvo-260\/3-1983-volvo-264-te-c-2-1080x720\/\" data-orig-file=\"https:\/\/i0.wp.com\/terjebjornstad.com\/no\/wp-content\/uploads\/2022\/06\/3-1983-volvo-264-te-c-2-1080x720-1.png?fit=1080%2C720&amp;ssl=1\" data-orig-size=\"1080,720\" data-comments-opened=\"1\" data-image-meta=\"{&quot;aperture&quot;:&quot;0&quot;,&quot;credit&quot;:&quot;&quot;,&quot;camera&quot;:&quot;&quot;,&quot;caption&quot;:&quot;&quot;,&quot;created_timestamp&quot;:&quot;0&quot;,&quot;copyright&quot;:&quot;&quot;,&quot;focal_length&quot;:&quot;0&quot;,&quot;iso&quot;:&quot;0&quot;,&quot;shutter_speed&quot;:&quot;0&quot;,&quot;title&quot;:&quot;&quot;,&quot;orientation&quot;:&quot;0&quot;}\" data-image-title=\"3-1983-volvo-264-te-c-2-1080&amp;#215;720\" data-image-description=\"\" data-image-caption=\"&lt;p&gt;1983 Volvo 264 Top Executive (Nilsson Special Vehicles).&lt;\/p&gt;\n\" data-large-file=\"https:\/\/i0.wp.com\/terjebjornstad.com\/no\/wp-content\/uploads\/2022\/06\/3-1983-volvo-264-te-c-2-1080x720-1.png?fit=980%2C653&amp;ssl=1\" src=\"https:\/\/i0.wp.com\/terjebjornstad.com\/no\/wp-content\/uploads\/2022\/06\/3-1983-volvo-264-te-c-2-1080x720-1.png?resize=980%2C653&#038;ssl=1\" alt=\"\" width=\"980\" height=\"653\" class=\"size-full wp-image-48936\" srcset=\"https:\/\/i0.wp.com\/terjebjornstad.com\/no\/wp-content\/uploads\/2022\/06\/3-1983-volvo-264-te-c-2-1080x720-1.png?w=1080&amp;ssl=1 1080w, https:\/\/i0.wp.com\/terjebjornstad.com\/no\/wp-content\/uploads\/2022\/06\/3-1983-volvo-264-te-c-2-1080x720-1.png?resize=300%2C200&amp;ssl=1 300w, https:\/\/i0.wp.com\/terjebjornstad.com\/no\/wp-content\/uploads\/2022\/06\/3-1983-volvo-264-te-c-2-1080x720-1.png?resize=768%2C512&amp;ssl=1 768w, https:\/\/i0.wp.com\/terjebjornstad.com\/no\/wp-content\/uploads\/2022\/06\/3-1983-volvo-264-te-c-2-1080x720-1.png?resize=690%2C460&amp;ssl=1 690w, https:\/\/i0.wp.com\/terjebjornstad.com\/no\/wp-content\/uploads\/2022\/06\/3-1983-volvo-264-te-c-2-1080x720-1.png?resize=980%2C653&amp;ssl=1 980w\" sizes=\"auto, (max-width: 980px) 100vw, 980px\" \/><\/a><figcaption id=\"caption-attachment-48936\" class=\"wp-caption-text\">1983 Volvo 264 Top Executive (Nilsson Special Vehicles).<\/figcaption><\/figure><\/p>\n<p><figure id=\"attachment_48928\" aria-describedby=\"caption-attachment-48928\" style=\"width: 1080px\" class=\"wp-caption aligncenter\"><a href=\"https:\/\/i0.wp.com\/terjebjornstad.com\/no\/wp-content\/uploads\/2022\/06\/4-1983-volvo-264-te-c-2-1300-1080x720-1.png?ssl=1\"><img data-recalc-dims=\"1\" loading=\"lazy\" decoding=\"async\" data-attachment-id=\"48928\" data-permalink=\"https:\/\/terjebjornstad.com\/no\/volvo-260\/4-1983-volvo-264-te-c-2-1300-1080x720\/\" data-orig-file=\"https:\/\/i0.wp.com\/terjebjornstad.com\/no\/wp-content\/uploads\/2022\/06\/4-1983-volvo-264-te-c-2-1300-1080x720-1.png?fit=1080%2C720&amp;ssl=1\" data-orig-size=\"1080,720\" data-comments-opened=\"1\" data-image-meta=\"{&quot;aperture&quot;:&quot;0&quot;,&quot;credit&quot;:&quot;&quot;,&quot;camera&quot;:&quot;&quot;,&quot;caption&quot;:&quot;&quot;,&quot;created_timestamp&quot;:&quot;0&quot;,&quot;copyright&quot;:&quot;&quot;,&quot;focal_length&quot;:&quot;0&quot;,&quot;iso&quot;:&quot;0&quot;,&quot;shutter_speed&quot;:&quot;0&quot;,&quot;title&quot;:&quot;&quot;,&quot;orientation&quot;:&quot;0&quot;}\" data-image-title=\"4-1983-volvo-264-te-c-2-1300-1080&amp;#215;720\" data-image-description=\"\" data-image-caption=\"&lt;p&gt;1983 Volvo 264 TE sannsynligvis laget av Nilsson.&lt;\/p&gt;\n\" data-large-file=\"https:\/\/i0.wp.com\/terjebjornstad.com\/no\/wp-content\/uploads\/2022\/06\/4-1983-volvo-264-te-c-2-1300-1080x720-1.png?fit=980%2C653&amp;ssl=1\" src=\"https:\/\/i0.wp.com\/terjebjornstad.com\/no\/wp-content\/uploads\/2022\/06\/4-1983-volvo-264-te-c-2-1300-1080x720-1.png?resize=980%2C653&#038;ssl=1\" alt=\"\" width=\"980\" height=\"653\" class=\"size-full wp-image-48928\" srcset=\"https:\/\/i0.wp.com\/terjebjornstad.com\/no\/wp-content\/uploads\/2022\/06\/4-1983-volvo-264-te-c-2-1300-1080x720-1.png?w=1080&amp;ssl=1 1080w, https:\/\/i0.wp.com\/terjebjornstad.com\/no\/wp-content\/uploads\/2022\/06\/4-1983-volvo-264-te-c-2-1300-1080x720-1.png?resize=300%2C200&amp;ssl=1 300w, https:\/\/i0.wp.com\/terjebjornstad.com\/no\/wp-content\/uploads\/2022\/06\/4-1983-volvo-264-te-c-2-1300-1080x720-1.png?resize=768%2C512&amp;ssl=1 768w, https:\/\/i0.wp.com\/terjebjornstad.com\/no\/wp-content\/uploads\/2022\/06\/4-1983-volvo-264-te-c-2-1300-1080x720-1.png?resize=690%2C460&amp;ssl=1 690w, https:\/\/i0.wp.com\/terjebjornstad.com\/no\/wp-content\/uploads\/2022\/06\/4-1983-volvo-264-te-c-2-1300-1080x720-1.png?resize=980%2C653&amp;ssl=1 980w\" sizes=\"auto, (max-width: 980px) 100vw, 980px\" \/><\/a><figcaption id=\"caption-attachment-48928\" class=\"wp-caption-text\">1983 Volvo 264 TE sannsynligvis laget av Nilsson.<\/figcaption><\/figure><\/p>\n<p>Flaggfestet avsl\u00f8rer at denne 264 streched limousine ikke har tilh\u00f8rt den gemene hop. Det er nemlig kun de kongelige som f\u00e5r lov til \u00e5 kj\u00f8re med flagget festet midt p\u00e5 panseret. Den flotte Volvo 264 TE har tidligere hatt registreringsnummer C-2. Den har tilh\u00f8rt dav\u00e6rende kronprins Harald og kronprinsesse Sonja. Jeg antar at bilen fikk C-skilter fordi kronprinsfamilien bodde p\u00e5 Skaugum i Asker &#8211; som fra gammelt av hadde &laquo;C&raquo; som registreringsbokstav. Bilene med &laquo;A&raquo; var forbeholdt slottet i Oslo. I dag benytter ikke Kongehuset lenger &laquo;C&raquo; som registreringsnummer.<br \/>\n&nbsp;<br \/>\nDen staselige Volvo 264 limo er sannsynligvis bygget hos Nilsson Special Vehicles og levert til Kongehuset i 1983. Linjene er like harmoniske som de originale modellene. L\u00f8rdag 14. mai hadde den avbildede bilen v\u00e6rt p\u00e5 slottet for \u00e5 kaste glans over utstillingen &laquo;Kongens biler&raquo;. Utstillingen ble holdt i Dronning Sonja Kunststall og viste kongens biler gjennom 4 generasjoner. P\u00e5 denne dagen hadde De kongelige samlinger invitert tidligere Kongehus-biler &laquo;hjem&raquo;.<\/p>\n<h3 class=\"tebh2bigger\">H\u00f6r ni g\u00f6korna?<\/h3>\n<figure id=\"attachment_48930\" aria-describedby=\"caption-attachment-48930\" style=\"width: 1080px\" class=\"wp-caption aligncenter\"><a href=\"https:\/\/i0.wp.com\/terjebjornstad.com\/no\/wp-content\/uploads\/2022\/06\/6-1952-volvo-pv-444-takgjok-1080x720-1.png?ssl=1\"><img data-recalc-dims=\"1\" loading=\"lazy\" decoding=\"async\" data-attachment-id=\"48930\" data-permalink=\"https:\/\/terjebjornstad.com\/no\/2022\/06\/08\/takgjoken-volvo-vibber\/6-1952-volvo-pv-444-takgjok-1080x720\/\" data-orig-file=\"https:\/\/i0.wp.com\/terjebjornstad.com\/no\/wp-content\/uploads\/2022\/06\/6-1952-volvo-pv-444-takgjok-1080x720-1.png?fit=1080%2C720&amp;ssl=1\" data-orig-size=\"1080,720\" data-comments-opened=\"1\" data-image-meta=\"{&quot;aperture&quot;:&quot;0&quot;,&quot;credit&quot;:&quot;&quot;,&quot;camera&quot;:&quot;&quot;,&quot;caption&quot;:&quot;&quot;,&quot;created_timestamp&quot;:&quot;0&quot;,&quot;copyright&quot;:&quot;&quot;,&quot;focal_length&quot;:&quot;0&quot;,&quot;iso&quot;:&quot;0&quot;,&quot;shutter_speed&quot;:&quot;0&quot;,&quot;title&quot;:&quot;&quot;,&quot;orientation&quot;:&quot;0&quot;}\" data-image-title=\"6-1952-volvo-pv-444-takgjok-1080&amp;#215;720\" data-image-description=\"\" data-image-caption=\"&lt;p&gt;Tenk om takgj\u00f8ken hadde blitt standard p\u00e5 alle biler?&lt;\/p&gt;\n\" data-large-file=\"https:\/\/i0.wp.com\/terjebjornstad.com\/no\/wp-content\/uploads\/2022\/06\/6-1952-volvo-pv-444-takgjok-1080x720-1.png?fit=980%2C653&amp;ssl=1\" src=\"https:\/\/i0.wp.com\/terjebjornstad.com\/no\/wp-content\/uploads\/2022\/06\/6-1952-volvo-pv-444-takgjok-1080x720-1.png?resize=980%2C653&#038;ssl=1\" alt=\"takgj\u00f8ken\" width=\"980\" height=\"653\" class=\"size-full wp-image-48930\" srcset=\"https:\/\/i0.wp.com\/terjebjornstad.com\/no\/wp-content\/uploads\/2022\/06\/6-1952-volvo-pv-444-takgjok-1080x720-1.png?w=1080&amp;ssl=1 1080w, https:\/\/i0.wp.com\/terjebjornstad.com\/no\/wp-content\/uploads\/2022\/06\/6-1952-volvo-pv-444-takgjok-1080x720-1.png?resize=300%2C200&amp;ssl=1 300w, https:\/\/i0.wp.com\/terjebjornstad.com\/no\/wp-content\/uploads\/2022\/06\/6-1952-volvo-pv-444-takgjok-1080x720-1.png?resize=768%2C512&amp;ssl=1 768w, https:\/\/i0.wp.com\/terjebjornstad.com\/no\/wp-content\/uploads\/2022\/06\/6-1952-volvo-pv-444-takgjok-1080x720-1.png?resize=690%2C460&amp;ssl=1 690w, https:\/\/i0.wp.com\/terjebjornstad.com\/no\/wp-content\/uploads\/2022\/06\/6-1952-volvo-pv-444-takgjok-1080x720-1.png?resize=980%2C653&amp;ssl=1 980w\" sizes=\"auto, (max-width: 980px) 100vw, 980px\" \/><\/a><figcaption id=\"caption-attachment-48930\" class=\"wp-caption-text\">Tenk om takgj\u00f8ken hadde blitt standard p\u00e5 alle biler?<\/figcaption><\/figure>\n<figure id=\"attachment_48931\" aria-describedby=\"caption-attachment-48931\" style=\"width: 1080px\" class=\"wp-caption aligncenter\"><a href=\"https:\/\/i0.wp.com\/terjebjornstad.com\/no\/wp-content\/uploads\/2022\/06\/7-1952-volvo-pv-444-1356-1080x720-1.png?ssl=1\"><img data-recalc-dims=\"1\" loading=\"lazy\" decoding=\"async\" data-attachment-id=\"48931\" data-permalink=\"https:\/\/terjebjornstad.com\/no\/2022\/06\/08\/takgjoken-volvo-vibber\/7-1952-volvo-pv-444-1356-1080x720\/\" data-orig-file=\"https:\/\/i0.wp.com\/terjebjornstad.com\/no\/wp-content\/uploads\/2022\/06\/7-1952-volvo-pv-444-1356-1080x720-1.png?fit=1080%2C720&amp;ssl=1\" data-orig-size=\"1080,720\" data-comments-opened=\"1\" data-image-meta=\"{&quot;aperture&quot;:&quot;0&quot;,&quot;credit&quot;:&quot;&quot;,&quot;camera&quot;:&quot;&quot;,&quot;caption&quot;:&quot;&quot;,&quot;created_timestamp&quot;:&quot;0&quot;,&quot;copyright&quot;:&quot;&quot;,&quot;focal_length&quot;:&quot;0&quot;,&quot;iso&quot;:&quot;0&quot;,&quot;shutter_speed&quot;:&quot;0&quot;,&quot;title&quot;:&quot;&quot;,&quot;orientation&quot;:&quot;0&quot;}\" data-image-title=\"7-1952-volvo-pv-444-1356-1080&amp;#215;720\" data-image-description=\"\" data-image-caption=\"&lt;p&gt;To blanke Volvo PV 444. Takgj\u00f8ken sitter p\u00e5 bilen t.v.&lt;\/p&gt;\n\" data-large-file=\"https:\/\/i0.wp.com\/terjebjornstad.com\/no\/wp-content\/uploads\/2022\/06\/7-1952-volvo-pv-444-1356-1080x720-1.png?fit=980%2C653&amp;ssl=1\" src=\"https:\/\/i0.wp.com\/terjebjornstad.com\/no\/wp-content\/uploads\/2022\/06\/7-1952-volvo-pv-444-1356-1080x720-1.png?resize=980%2C653&#038;ssl=1\" alt=\"takgj\u00f8ken\" width=\"980\" height=\"653\" class=\"size-full wp-image-48931\" srcset=\"https:\/\/i0.wp.com\/terjebjornstad.com\/no\/wp-content\/uploads\/2022\/06\/7-1952-volvo-pv-444-1356-1080x720-1.png?w=1080&amp;ssl=1 1080w, https:\/\/i0.wp.com\/terjebjornstad.com\/no\/wp-content\/uploads\/2022\/06\/7-1952-volvo-pv-444-1356-1080x720-1.png?resize=300%2C200&amp;ssl=1 300w, https:\/\/i0.wp.com\/terjebjornstad.com\/no\/wp-content\/uploads\/2022\/06\/7-1952-volvo-pv-444-1356-1080x720-1.png?resize=768%2C512&amp;ssl=1 768w, https:\/\/i0.wp.com\/terjebjornstad.com\/no\/wp-content\/uploads\/2022\/06\/7-1952-volvo-pv-444-1356-1080x720-1.png?resize=690%2C460&amp;ssl=1 690w, https:\/\/i0.wp.com\/terjebjornstad.com\/no\/wp-content\/uploads\/2022\/06\/7-1952-volvo-pv-444-1356-1080x720-1.png?resize=980%2C653&amp;ssl=1 980w\" sizes=\"auto, (max-width: 980px) 100vw, 980px\" \/><\/a><figcaption id=\"caption-attachment-48931\" class=\"wp-caption-text\">To blanke Volvo PV 444. Takgj\u00f8ken sitter p\u00e5 bilen t.v.<\/figcaption><\/figure>\n<p>En annen sjeldenhet p\u00e5 utstillingen var takgj\u00f8ken. Svenskene har jo alltid fors\u00f8kt \u00e5 v\u00e6re i forkant n\u00e5r det gjelder trafikksikkerhet. Det var d\u00e9t som var foranledningen til at Volvo en kort periode tidlig p\u00e5 50-tallet leverte biler med en slags lanterne p\u00e5 taket &#8211; popul\u00e6rt kalt &laquo;takgj\u00f8ken&raquo;. P\u00e5 den tiden var retningspiler mer vanlig enn blinklys. Takgj\u00f8ken skulle gj\u00f8re blinkingen mer tydelig. P\u00e5 hver av vingene satt et blinklys. P\u00e5 midten foran, var det et bl\u00e5aktig lys s\u00e5 man kunne se at bilen kom mot deg i m\u00f8rket. Systemet fungerte ikke s\u00e5 bra i praksis. For det f\u00f8rste kunne ikke biler med takgj\u00f8k f\u00e5 montert takgrind. For det andre var det vanskelig \u00e5 oppfatte hvilken vei takgj\u00f8ken blinket. Men tenk hvordan dagens biler ville sett ut om takgj\u00f8ken hadde blitt obligatorisk!<\/p>\n<p><a href=\"https:\/\/sv.wikipedia.org\/wiki\/Fixlight\" target=\"_blank\" rel=\"noopener\"><strong>Historien om takgj\u00f8ken<\/strong><\/a><\/p>\n<p>&nbsp;<\/p>\n<h3 class=\"tebh2bigger\">700-serien<\/h3>\n<figure id=\"attachment_48932\" aria-describedby=\"caption-attachment-48932\" style=\"width: 1080px\" class=\"wp-caption aligncenter\"><a href=\"https:\/\/i0.wp.com\/terjebjornstad.com\/no\/wp-content\/uploads\/2022\/06\/8-1984-volvo-760-turbo-1713-1080x720-1.png?ssl=1\"><img data-recalc-dims=\"1\" loading=\"lazy\" decoding=\"async\" data-attachment-id=\"48932\" data-permalink=\"https:\/\/terjebjornstad.com\/no\/2022\/06\/08\/takgjoken-volvo-vibber\/8-1984-volvo-760-turbo-1713-1080x720\/\" data-orig-file=\"https:\/\/i0.wp.com\/terjebjornstad.com\/no\/wp-content\/uploads\/2022\/06\/8-1984-volvo-760-turbo-1713-1080x720-1.png?fit=1080%2C720&amp;ssl=1\" data-orig-size=\"1080,720\" data-comments-opened=\"1\" data-image-meta=\"{&quot;aperture&quot;:&quot;0&quot;,&quot;credit&quot;:&quot;&quot;,&quot;camera&quot;:&quot;&quot;,&quot;caption&quot;:&quot;&quot;,&quot;created_timestamp&quot;:&quot;0&quot;,&quot;copyright&quot;:&quot;&quot;,&quot;focal_length&quot;:&quot;0&quot;,&quot;iso&quot;:&quot;0&quot;,&quot;shutter_speed&quot;:&quot;0&quot;,&quot;title&quot;:&quot;&quot;,&quot;orientation&quot;:&quot;0&quot;}\" data-image-title=\"8-1984-volvo-760-turbo-1713-1080&amp;#215;720\" data-image-description=\"\" data-image-caption=\"&lt;p&gt;Volvo 760 Turbo&lt;\/p&gt;\n\" data-large-file=\"https:\/\/i0.wp.com\/terjebjornstad.com\/no\/wp-content\/uploads\/2022\/06\/8-1984-volvo-760-turbo-1713-1080x720-1.png?fit=980%2C653&amp;ssl=1\" src=\"https:\/\/i0.wp.com\/terjebjornstad.com\/no\/wp-content\/uploads\/2022\/06\/8-1984-volvo-760-turbo-1713-1080x720-1.png?resize=980%2C653&#038;ssl=1\" alt=\"takgj\u00f8ken\" width=\"980\" height=\"653\" class=\"size-full wp-image-48932\" srcset=\"https:\/\/i0.wp.com\/terjebjornstad.com\/no\/wp-content\/uploads\/2022\/06\/8-1984-volvo-760-turbo-1713-1080x720-1.png?w=1080&amp;ssl=1 1080w, https:\/\/i0.wp.com\/terjebjornstad.com\/no\/wp-content\/uploads\/2022\/06\/8-1984-volvo-760-turbo-1713-1080x720-1.png?resize=300%2C200&amp;ssl=1 300w, https:\/\/i0.wp.com\/terjebjornstad.com\/no\/wp-content\/uploads\/2022\/06\/8-1984-volvo-760-turbo-1713-1080x720-1.png?resize=768%2C512&amp;ssl=1 768w, https:\/\/i0.wp.com\/terjebjornstad.com\/no\/wp-content\/uploads\/2022\/06\/8-1984-volvo-760-turbo-1713-1080x720-1.png?resize=690%2C460&amp;ssl=1 690w, https:\/\/i0.wp.com\/terjebjornstad.com\/no\/wp-content\/uploads\/2022\/06\/8-1984-volvo-760-turbo-1713-1080x720-1.png?resize=980%2C653&amp;ssl=1 980w\" sizes=\"auto, (max-width: 980px) 100vw, 980px\" \/><\/a><figcaption id=\"caption-attachment-48932\" class=\"wp-caption-text\">Volvo 760 f\u00f8rste serie<\/figcaption><\/figure>\n<p>P\u00e5 biltreff som dette, er bilene i 200-serien godt representert. Det kommer ogs\u00e5 ofte en del biler av 900-serien, &#8211; mens 700-serien er mer sjelden. Av og til lurer jeg p\u00e5 hvor 740&#8217;ene og 760&#8217;ene ble av. Jeg fant flere p\u00e5 dette treffet. P\u00e5 bildet er en tidlig 760 Turbo. Man kan se at skrifttypen som viser modell, er snirklete. Fra 1986 fikk modell-dekalene rettlinjet skrift.<br \/>\n&nbsp;<br \/>\nDen f\u00f8rste modellen i 700-serien var 760 GLE. Den ble satt i produksjon i 1982 og selv om man i ettertid kan se klare likhetstrekk med 200-serien, fremsto 760 som en revolusjon. Jeg kan godt huske f\u00f8rste gang jeg s\u00e5 den. Jeg jobbet i Sverige p\u00e5 den tiden og var p\u00e5 vei ut til Fornebu Lufthavn i drosje. Sj\u00e5f\u00f8ren var nok minst like interessert som meg. <em>&laquo;Se!&raquo;<\/em>, utbr\u00f8t han. <em>&laquo;Den nye Volvo&#8217;en!&raquo;<\/em>. Og ganske riktig. Foran oss sto en lysebl\u00e5 metallic Volvo 760 GLE i all sin prakt. Lav og bred med store glassflater, maffig grill og spoilerleppe foran. Det var som \u00e5 se en bil fra en annen verden!<\/p>\n<blockquote><p>\ud83d\ude42 Hvor var du da du s\u00e5 760 for f\u00f8rste gang?<\/p><\/blockquote>\n<p><figure id=\"attachment_48933\" aria-describedby=\"caption-attachment-48933\" style=\"width: 1080px\" class=\"wp-caption aligncenter\"><a href=\"https:\/\/i0.wp.com\/terjebjornstad.com\/no\/wp-content\/uploads\/2022\/06\/9-1984-volvo-760-turbo-1742-1080x720-1.png?ssl=1\"><img data-recalc-dims=\"1\" loading=\"lazy\" decoding=\"async\" data-attachment-id=\"48933\" data-permalink=\"https:\/\/terjebjornstad.com\/no\/volvo-740-760\/9-1984-volvo-760-turbo-1742-1080x720\/\" data-orig-file=\"https:\/\/i0.wp.com\/terjebjornstad.com\/no\/wp-content\/uploads\/2022\/06\/9-1984-volvo-760-turbo-1742-1080x720-1.png?fit=1080%2C720&amp;ssl=1\" data-orig-size=\"1080,720\" data-comments-opened=\"1\" data-image-meta=\"{&quot;aperture&quot;:&quot;0&quot;,&quot;credit&quot;:&quot;&quot;,&quot;camera&quot;:&quot;&quot;,&quot;caption&quot;:&quot;&quot;,&quot;created_timestamp&quot;:&quot;0&quot;,&quot;copyright&quot;:&quot;&quot;,&quot;focal_length&quot;:&quot;0&quot;,&quot;iso&quot;:&quot;0&quot;,&quot;shutter_speed&quot;:&quot;0&quot;,&quot;title&quot;:&quot;&quot;,&quot;orientation&quot;:&quot;0&quot;}\" data-image-title=\"9-1984-volvo-760-turbo-1742-1080&amp;#215;720\" data-image-description=\"\" data-image-caption=\"&lt;p&gt;Volvo 760 Turbo&lt;\/p&gt;\n\" data-large-file=\"https:\/\/i0.wp.com\/terjebjornstad.com\/no\/wp-content\/uploads\/2022\/06\/9-1984-volvo-760-turbo-1742-1080x720-1.png?fit=980%2C653&amp;ssl=1\" src=\"https:\/\/i0.wp.com\/terjebjornstad.com\/no\/wp-content\/uploads\/2022\/06\/9-1984-volvo-760-turbo-1742-1080x720-1.png?resize=980%2C653&#038;ssl=1\" alt=\"\" width=\"980\" height=\"653\" class=\"size-full wp-image-48933\" srcset=\"https:\/\/i0.wp.com\/terjebjornstad.com\/no\/wp-content\/uploads\/2022\/06\/9-1984-volvo-760-turbo-1742-1080x720-1.png?w=1080&amp;ssl=1 1080w, https:\/\/i0.wp.com\/terjebjornstad.com\/no\/wp-content\/uploads\/2022\/06\/9-1984-volvo-760-turbo-1742-1080x720-1.png?resize=300%2C200&amp;ssl=1 300w, https:\/\/i0.wp.com\/terjebjornstad.com\/no\/wp-content\/uploads\/2022\/06\/9-1984-volvo-760-turbo-1742-1080x720-1.png?resize=768%2C512&amp;ssl=1 768w, https:\/\/i0.wp.com\/terjebjornstad.com\/no\/wp-content\/uploads\/2022\/06\/9-1984-volvo-760-turbo-1742-1080x720-1.png?resize=690%2C460&amp;ssl=1 690w, https:\/\/i0.wp.com\/terjebjornstad.com\/no\/wp-content\/uploads\/2022\/06\/9-1984-volvo-760-turbo-1742-1080x720-1.png?resize=980%2C653&amp;ssl=1 980w\" sizes=\"auto, (max-width: 980px) 100vw, 980px\" \/><\/a><figcaption id=\"caption-attachment-48933\" class=\"wp-caption-text\">Volvo 760 Turbo<\/figcaption><\/figure><\/p>\n<p><figure id=\"attachment_48934\" aria-describedby=\"caption-attachment-48934\" style=\"width: 1080px\" class=\"wp-caption aligncenter\"><a href=\"https:\/\/i0.wp.com\/terjebjornstad.com\/no\/wp-content\/uploads\/2022\/06\/11-1992-volvo-240-10-1839-1080x720-1.png?ssl=1\"><img data-recalc-dims=\"1\" loading=\"lazy\" decoding=\"async\" data-attachment-id=\"48934\" data-permalink=\"https:\/\/terjebjornstad.com\/no\/2022\/06\/08\/takgjoken-volvo-vibber\/11-1992-volvo-240-10-1839-1080x720\/\" data-orig-file=\"https:\/\/i0.wp.com\/terjebjornstad.com\/no\/wp-content\/uploads\/2022\/06\/11-1992-volvo-240-10-1839-1080x720-1.png?fit=1080%2C720&amp;ssl=1\" data-orig-size=\"1080,720\" data-comments-opened=\"1\" data-image-meta=\"{&quot;aperture&quot;:&quot;0&quot;,&quot;credit&quot;:&quot;&quot;,&quot;camera&quot;:&quot;&quot;,&quot;caption&quot;:&quot;&quot;,&quot;created_timestamp&quot;:&quot;0&quot;,&quot;copyright&quot;:&quot;&quot;,&quot;focal_length&quot;:&quot;0&quot;,&quot;iso&quot;:&quot;0&quot;,&quot;shutter_speed&quot;:&quot;0&quot;,&quot;title&quot;:&quot;&quot;,&quot;orientation&quot;:&quot;0&quot;}\" data-image-title=\"11-1992-volvo-240-10-1839-1080&amp;#215;720\" data-image-description=\"\" data-image-caption=\"&lt;p&gt;Volvo 240 siste serie&lt;\/p&gt;\n\" data-large-file=\"https:\/\/i0.wp.com\/terjebjornstad.com\/no\/wp-content\/uploads\/2022\/06\/11-1992-volvo-240-10-1839-1080x720-1.png?fit=980%2C653&amp;ssl=1\" src=\"https:\/\/i0.wp.com\/terjebjornstad.com\/no\/wp-content\/uploads\/2022\/06\/11-1992-volvo-240-10-1839-1080x720-1.png?resize=980%2C653&#038;ssl=1\" alt=\"\" width=\"980\" height=\"653\" class=\"size-full wp-image-48934\" srcset=\"https:\/\/i0.wp.com\/terjebjornstad.com\/no\/wp-content\/uploads\/2022\/06\/11-1992-volvo-240-10-1839-1080x720-1.png?w=1080&amp;ssl=1 1080w, https:\/\/i0.wp.com\/terjebjornstad.com\/no\/wp-content\/uploads\/2022\/06\/11-1992-volvo-240-10-1839-1080x720-1.png?resize=300%2C200&amp;ssl=1 300w, https:\/\/i0.wp.com\/terjebjornstad.com\/no\/wp-content\/uploads\/2022\/06\/11-1992-volvo-240-10-1839-1080x720-1.png?resize=768%2C512&amp;ssl=1 768w, https:\/\/i0.wp.com\/terjebjornstad.com\/no\/wp-content\/uploads\/2022\/06\/11-1992-volvo-240-10-1839-1080x720-1.png?resize=690%2C460&amp;ssl=1 690w, https:\/\/i0.wp.com\/terjebjornstad.com\/no\/wp-content\/uploads\/2022\/06\/11-1992-volvo-240-10-1839-1080x720-1.png?resize=980%2C653&amp;ssl=1 980w\" sizes=\"auto, (max-width: 980px) 100vw, 980px\" \/><\/a><figcaption id=\"caption-attachment-48934\" class=\"wp-caption-text\">Volvo 240 siste serie<\/figcaption><\/figure><\/p>\n<figure id=\"attachment_48935\" aria-describedby=\"caption-attachment-48935\" style=\"width: 1080px\" class=\"wp-caption aligncenter\"><a href=\"https:\/\/i0.wp.com\/terjebjornstad.com\/no\/wp-content\/uploads\/2022\/06\/1977-volvo-242-gt-0243-1080x720-1.png?ssl=1\"><img data-recalc-dims=\"1\" loading=\"lazy\" decoding=\"async\" data-attachment-id=\"48935\" data-permalink=\"https:\/\/terjebjornstad.com\/no\/2022\/06\/08\/takgjoken-volvo-vibber\/1977-volvo-242-gt-0243-1080x720\/\" data-orig-file=\"https:\/\/i0.wp.com\/terjebjornstad.com\/no\/wp-content\/uploads\/2022\/06\/1977-volvo-242-gt-0243-1080x720-1.png?fit=1080%2C720&amp;ssl=1\" data-orig-size=\"1080,720\" data-comments-opened=\"1\" data-image-meta=\"{&quot;aperture&quot;:&quot;0&quot;,&quot;credit&quot;:&quot;&quot;,&quot;camera&quot;:&quot;&quot;,&quot;caption&quot;:&quot;&quot;,&quot;created_timestamp&quot;:&quot;0&quot;,&quot;copyright&quot;:&quot;&quot;,&quot;focal_length&quot;:&quot;0&quot;,&quot;iso&quot;:&quot;0&quot;,&quot;shutter_speed&quot;:&quot;0&quot;,&quot;title&quot;:&quot;&quot;,&quot;orientation&quot;:&quot;0&quot;}\" data-image-title=\"1977-volvo-242-gt-0243-1080&amp;#215;720\" data-image-description=\"\" data-image-caption=\"&lt;p&gt;Volvo 242 GT&lt;\/p&gt;\n\" data-large-file=\"https:\/\/i0.wp.com\/terjebjornstad.com\/no\/wp-content\/uploads\/2022\/06\/1977-volvo-242-gt-0243-1080x720-1.png?fit=980%2C653&amp;ssl=1\" src=\"https:\/\/i0.wp.com\/terjebjornstad.com\/no\/wp-content\/uploads\/2022\/06\/1977-volvo-242-gt-0243-1080x720-1.png?resize=980%2C653&#038;ssl=1\" alt=\"takgj\u00f8ken\" width=\"980\" height=\"653\" class=\"size-full wp-image-48935\" srcset=\"https:\/\/i0.wp.com\/terjebjornstad.com\/no\/wp-content\/uploads\/2022\/06\/1977-volvo-242-gt-0243-1080x720-1.png?w=1080&amp;ssl=1 1080w, https:\/\/i0.wp.com\/terjebjornstad.com\/no\/wp-content\/uploads\/2022\/06\/1977-volvo-242-gt-0243-1080x720-1.png?resize=300%2C200&amp;ssl=1 300w, https:\/\/i0.wp.com\/terjebjornstad.com\/no\/wp-content\/uploads\/2022\/06\/1977-volvo-242-gt-0243-1080x720-1.png?resize=768%2C512&amp;ssl=1 768w, https:\/\/i0.wp.com\/terjebjornstad.com\/no\/wp-content\/uploads\/2022\/06\/1977-volvo-242-gt-0243-1080x720-1.png?resize=690%2C460&amp;ssl=1 690w, https:\/\/i0.wp.com\/terjebjornstad.com\/no\/wp-content\/uploads\/2022\/06\/1977-volvo-242-gt-0243-1080x720-1.png?resize=980%2C653&amp;ssl=1 980w\" sizes=\"auto, (max-width: 980px) 100vw, 980px\" \/><\/a><figcaption id=\"caption-attachment-48935\" class=\"wp-caption-text\">Volvo 242 GT<\/figcaption><\/figure>\n<figure id=\"attachment_48929\" aria-describedby=\"caption-attachment-48929\" style=\"width: 1080px\" class=\"wp-caption aligncenter\"><a href=\"https:\/\/i0.wp.com\/terjebjornstad.com\/no\/wp-content\/uploads\/2022\/06\/5-1969-volvo-210-duett-drammens-is-1080x1080-1.png?ssl=1\"><img data-recalc-dims=\"1\" loading=\"lazy\" decoding=\"async\" data-attachment-id=\"48929\" data-permalink=\"https:\/\/terjebjornstad.com\/no\/2022\/06\/08\/takgjoken-volvo-vibber\/5-1969-volvo-210-duett-drammens-is-1080x1080\/\" data-orig-file=\"https:\/\/i0.wp.com\/terjebjornstad.com\/no\/wp-content\/uploads\/2022\/06\/5-1969-volvo-210-duett-drammens-is-1080x1080-1.png?fit=1080%2C1080&amp;ssl=1\" data-orig-size=\"1080,1080\" data-comments-opened=\"1\" data-image-meta=\"{&quot;aperture&quot;:&quot;0&quot;,&quot;credit&quot;:&quot;&quot;,&quot;camera&quot;:&quot;&quot;,&quot;caption&quot;:&quot;&quot;,&quot;created_timestamp&quot;:&quot;0&quot;,&quot;copyright&quot;:&quot;&quot;,&quot;focal_length&quot;:&quot;0&quot;,&quot;iso&quot;:&quot;0&quot;,&quot;shutter_speed&quot;:&quot;0&quot;,&quot;title&quot;:&quot;&quot;,&quot;orientation&quot;:&quot;0&quot;}\" data-image-title=\"5-1969-volvo-210-duett-drammens-is-1080&amp;#215;1080\" data-image-description=\"\" data-image-caption=\"&lt;p&gt;Volvo Duett i tjeneste for Drammens is.&lt;\/p&gt;\n\" data-large-file=\"https:\/\/i0.wp.com\/terjebjornstad.com\/no\/wp-content\/uploads\/2022\/06\/5-1969-volvo-210-duett-drammens-is-1080x1080-1.png?fit=980%2C980&amp;ssl=1\" src=\"https:\/\/i0.wp.com\/terjebjornstad.com\/no\/wp-content\/uploads\/2022\/06\/5-1969-volvo-210-duett-drammens-is-1080x1080-1.png?resize=980%2C980&#038;ssl=1\" alt=\"takgj\u00f8ken\" width=\"980\" height=\"980\" class=\"size-full wp-image-48929\" srcset=\"https:\/\/i0.wp.com\/terjebjornstad.com\/no\/wp-content\/uploads\/2022\/06\/5-1969-volvo-210-duett-drammens-is-1080x1080-1.png?w=1080&amp;ssl=1 1080w, https:\/\/i0.wp.com\/terjebjornstad.com\/no\/wp-content\/uploads\/2022\/06\/5-1969-volvo-210-duett-drammens-is-1080x1080-1.png?resize=300%2C300&amp;ssl=1 300w, https:\/\/i0.wp.com\/terjebjornstad.com\/no\/wp-content\/uploads\/2022\/06\/5-1969-volvo-210-duett-drammens-is-1080x1080-1.png?resize=150%2C150&amp;ssl=1 150w, https:\/\/i0.wp.com\/terjebjornstad.com\/no\/wp-content\/uploads\/2022\/06\/5-1969-volvo-210-duett-drammens-is-1080x1080-1.png?resize=768%2C768&amp;ssl=1 768w, https:\/\/i0.wp.com\/terjebjornstad.com\/no\/wp-content\/uploads\/2022\/06\/5-1969-volvo-210-duett-drammens-is-1080x1080-1.png?resize=690%2C690&amp;ssl=1 690w, https:\/\/i0.wp.com\/terjebjornstad.com\/no\/wp-content\/uploads\/2022\/06\/5-1969-volvo-210-duett-drammens-is-1080x1080-1.png?resize=980%2C980&amp;ssl=1 980w, https:\/\/i0.wp.com\/terjebjornstad.com\/no\/wp-content\/uploads\/2022\/06\/5-1969-volvo-210-duett-drammens-is-1080x1080-1.png?resize=50%2C50&amp;ssl=1 50w\" sizes=\"auto, (max-width: 980px) 100vw, 980px\" \/><\/a><figcaption id=\"caption-attachment-48929\" class=\"wp-caption-text\">Volvo Duett i tjeneste for Drammens-is.<\/figcaption><\/figure>\n<h3>&nbsp;<\/h3>\n<h3 class=\"tebh2\">Se ogs\u00e5<\/h3>\n<p><figure id=\"attachment_11027\" aria-describedby=\"caption-attachment-11027\" style=\"width: 150px\" class=\"wp-caption alignleft\"><a href=\"https:\/\/terjebjornstad.com\/no\/2022\/02\/12\/kongehusets-kjoretoy-gjennom-4-generasjoner\/\"><img data-recalc-dims=\"1\" loading=\"lazy\" decoding=\"async\" data-attachment-id=\"11027\" data-permalink=\"https:\/\/terjebjornstad.com\/no\/2017\/06\/24\/i-kongelig-tjeneste\/volvo-s80-limo-5\/\" data-orig-file=\"https:\/\/i0.wp.com\/terjebjornstad.com\/no\/wp-content\/uploads\/2017\/06\/volvo-s80-limo-5.png?fit=686%2C457&amp;ssl=1\" data-orig-size=\"686,457\" data-comments-opened=\"1\" data-image-meta=\"{&quot;aperture&quot;:&quot;0&quot;,&quot;credit&quot;:&quot;&quot;,&quot;camera&quot;:&quot;&quot;,&quot;caption&quot;:&quot;&quot;,&quot;created_timestamp&quot;:&quot;0&quot;,&quot;copyright&quot;:&quot;&quot;,&quot;focal_length&quot;:&quot;0&quot;,&quot;iso&quot;:&quot;0&quot;,&quot;shutter_speed&quot;:&quot;0&quot;,&quot;title&quot;:&quot;&quot;,&quot;orientation&quot;:&quot;0&quot;}\" data-image-title=\"volvo-s80-limo-5\" data-image-description=\"\" data-image-caption=\"&lt;p&gt;I kongelig tjeneste.&lt;\/p&gt;\n\" data-large-file=\"https:\/\/i0.wp.com\/terjebjornstad.com\/no\/wp-content\/uploads\/2017\/06\/volvo-s80-limo-5.png?fit=686%2C457&amp;ssl=1\" src=\"https:\/\/i0.wp.com\/terjebjornstad.com\/no\/wp-content\/uploads\/2017\/06\/volvo-s80-limo-5.png?resize=150%2C150&#038;ssl=1\" alt=\"takgj\u00f8ken\" width=\"150\" height=\"150\" class=\"size-thumbnail wp-image-11027\" srcset=\"https:\/\/i0.wp.com\/terjebjornstad.com\/no\/wp-content\/uploads\/2017\/06\/volvo-s80-limo-5.png?resize=150%2C150&amp;ssl=1 150w, https:\/\/i0.wp.com\/terjebjornstad.com\/no\/wp-content\/uploads\/2017\/06\/volvo-s80-limo-5.png?resize=50%2C50&amp;ssl=1 50w, https:\/\/i0.wp.com\/terjebjornstad.com\/no\/wp-content\/uploads\/2017\/06\/volvo-s80-limo-5.png?zoom=2&amp;resize=150%2C150&amp;ssl=1 300w, https:\/\/i0.wp.com\/terjebjornstad.com\/no\/wp-content\/uploads\/2017\/06\/volvo-s80-limo-5.png?zoom=3&amp;resize=150%2C150&amp;ssl=1 450w\" sizes=\"auto, (max-width: 150px) 100vw, 150px\" \/><\/a><figcaption id=\"caption-attachment-11027\" class=\"wp-caption-text\">I kongelig tjeneste.<\/figcaption><\/figure><figure id=\"attachment_46753\" aria-describedby=\"caption-attachment-46753\" style=\"width: 150px\" class=\"wp-caption alignleft\"><a href=\"https:\/\/terjebjornstad.com\/no\/2022\/02\/12\/kongehusets-kjoretoy-gjennom-4-generasjoner\/\"><img data-recalc-dims=\"1\" loading=\"lazy\" decoding=\"async\" data-attachment-id=\"46753\" data-permalink=\"https:\/\/terjebjornstad.com\/no\/2022\/02\/12\/kongehusets-kjoretoy-gjennom-4-generasjoner\/kongens-biler-lincoln-continental-a5-3\/\" data-orig-file=\"https:\/\/i0.wp.com\/terjebjornstad.com\/no\/wp-content\/uploads\/2022\/02\/kongens-biler-lincoln-continental-a5-3.png?fit=1080%2C720&amp;ssl=1\" data-orig-size=\"1080,720\" data-comments-opened=\"1\" data-image-meta=\"{&quot;aperture&quot;:&quot;0&quot;,&quot;credit&quot;:&quot;&quot;,&quot;camera&quot;:&quot;&quot;,&quot;caption&quot;:&quot;&quot;,&quot;created_timestamp&quot;:&quot;0&quot;,&quot;copyright&quot;:&quot;&quot;,&quot;focal_length&quot;:&quot;0&quot;,&quot;iso&quot;:&quot;0&quot;,&quot;shutter_speed&quot;:&quot;0&quot;,&quot;title&quot;:&quot;&quot;,&quot;orientation&quot;:&quot;0&quot;}\" data-image-title=\"kongens-biler-lincoln-continental-a5-3\" data-image-description=\"\" data-image-caption=\"&lt;p&gt;Kongens biler. Kj\u00f8ret\u00f8y gjennom 4 generasjoner&lt;\/p&gt;\n\" data-large-file=\"https:\/\/i0.wp.com\/terjebjornstad.com\/no\/wp-content\/uploads\/2022\/02\/kongens-biler-lincoln-continental-a5-3.png?fit=980%2C653&amp;ssl=1\" src=\"https:\/\/i0.wp.com\/terjebjornstad.com\/no\/wp-content\/uploads\/2022\/02\/kongens-biler-lincoln-continental-a5-3.png?resize=150%2C150&#038;ssl=1\" alt=\"1966 Lincoln Continental\" width=\"150\" height=\"150\" class=\"size-thumbnail wp-image-46753\" srcset=\"https:\/\/i0.wp.com\/terjebjornstad.com\/no\/wp-content\/uploads\/2022\/02\/kongens-biler-lincoln-continental-a5-3.png?resize=150%2C150&amp;ssl=1 150w, https:\/\/i0.wp.com\/terjebjornstad.com\/no\/wp-content\/uploads\/2022\/02\/kongens-biler-lincoln-continental-a5-3.png?resize=50%2C50&amp;ssl=1 50w, https:\/\/i0.wp.com\/terjebjornstad.com\/no\/wp-content\/uploads\/2022\/02\/kongens-biler-lincoln-continental-a5-3.png?zoom=2&amp;resize=150%2C150&amp;ssl=1 300w, https:\/\/i0.wp.com\/terjebjornstad.com\/no\/wp-content\/uploads\/2022\/02\/kongens-biler-lincoln-continental-a5-3.png?zoom=3&amp;resize=150%2C150&amp;ssl=1 450w\" sizes=\"auto, (max-width: 150px) 100vw, 150px\" \/><\/a><figcaption id=\"caption-attachment-46753\" class=\"wp-caption-text\">Kongens biler. Kj\u00f8ret\u00f8y gjennom 4 generasjoner<\/figcaption><\/figure><figure id=\"attachment_19945\" aria-describedby=\"caption-attachment-19945\" style=\"width: 150px\" class=\"wp-caption alignleft\"><a href=\"https:\/\/terjebjornstad.com\/no\/2018\/10\/22\/volvotreff-pa-jessheim\/\"><img data-recalc-dims=\"1\" loading=\"lazy\" decoding=\"async\" data-attachment-id=\"19945\" data-permalink=\"https:\/\/terjebjornstad.com\/no\/2018\/10\/22\/volvotreff-pa-jessheim\/volvo-bilia-jessheim-1080x720\/\" data-orig-file=\"https:\/\/i0.wp.com\/terjebjornstad.com\/no\/wp-content\/uploads\/2018\/10\/volvo-bilia-jessheim-1080x720.png?fit=1080%2C720&amp;ssl=1\" data-orig-size=\"1080,720\" data-comments-opened=\"1\" data-image-meta=\"{&quot;aperture&quot;:&quot;0&quot;,&quot;credit&quot;:&quot;&quot;,&quot;camera&quot;:&quot;&quot;,&quot;caption&quot;:&quot;&quot;,&quot;created_timestamp&quot;:&quot;0&quot;,&quot;copyright&quot;:&quot;&quot;,&quot;focal_length&quot;:&quot;0&quot;,&quot;iso&quot;:&quot;0&quot;,&quot;shutter_speed&quot;:&quot;0&quot;,&quot;title&quot;:&quot;&quot;,&quot;orientation&quot;:&quot;0&quot;}\" data-image-title=\"volvo-bilia-jessheim-1080&amp;#215;720\" data-image-description=\"\" data-image-caption=\"&lt;p&gt;Volvotreff hos Bilia Jessheim&lt;\/p&gt;\n\" data-large-file=\"https:\/\/i0.wp.com\/terjebjornstad.com\/no\/wp-content\/uploads\/2018\/10\/volvo-bilia-jessheim-1080x720.png?fit=980%2C653&amp;ssl=1\" src=\"https:\/\/i0.wp.com\/terjebjornstad.com\/no\/wp-content\/uploads\/2018\/10\/volvo-bilia-jessheim-1080x720.png?resize=150%2C150&#038;ssl=1\" alt=\"takgj\u00f8ken\" width=\"150\" height=\"150\" class=\"size-thumbnail wp-image-19945\" srcset=\"https:\/\/i0.wp.com\/terjebjornstad.com\/no\/wp-content\/uploads\/2018\/10\/volvo-bilia-jessheim-1080x720.png?resize=150%2C150&amp;ssl=1 150w, https:\/\/i0.wp.com\/terjebjornstad.com\/no\/wp-content\/uploads\/2018\/10\/volvo-bilia-jessheim-1080x720.png?resize=50%2C50&amp;ssl=1 50w, https:\/\/i0.wp.com\/terjebjornstad.com\/no\/wp-content\/uploads\/2018\/10\/volvo-bilia-jessheim-1080x720.png?zoom=2&amp;resize=150%2C150&amp;ssl=1 300w, https:\/\/i0.wp.com\/terjebjornstad.com\/no\/wp-content\/uploads\/2018\/10\/volvo-bilia-jessheim-1080x720.png?zoom=3&amp;resize=150%2C150&amp;ssl=1 450w\" sizes=\"auto, (max-width: 150px) 100vw, 150px\" \/><\/a><figcaption id=\"caption-attachment-19945\" class=\"wp-caption-text\">Volvotreff p\u00e5 Jessheim<\/figcaption><\/figure><\/p>\n<h3>&nbsp;<\/h3>\n<\/div>\n","protected":false,"gt_translate_keys":[{"key":"rendered","format":"html"}]},"excerpt":{"rendered":"<p>Om en kongelig Volvo fra den gang da kronprinsparet hadde C-skilter. Om takgj\u00f8ken som aldri ble noen suksess &#8211; og litt mimring om Volvo 760 som er blitt 40 \u00e5r. &nbsp; Norsk Volvoklubb treff I helgen var det Volvo-treff p\u00e5 Norsk Samferdselshistorisk Senter ved H\u00f8nefoss stasjon. Jeg liker Volvo bedre enn andre biler. Det er [&hellip;]<\/p>\n","protected":false,"gt_translate_keys":[{"key":"rendered","format":"html"}]},"author":1,"featured_media":48925,"comment_status":"open","ping_status":"open","sticky":false,"template":"","format":"standard","meta":{"_monsterinsights_skip_tracking":false,"_monsterinsights_sitenote_active":false,"_monsterinsights_sitenote_note":"","_monsterinsights_sitenote_category":0,"jetpack_post_was_ever_published":false,"_jetpack_newsletter_access":"","_jetpack_dont_email_post_to_subs":false,"_jetpack_newsletter_tier_id":0,"_jetpack_memberships_contains_paywalled_content":false,"_jetpack_memberships_contains_paid_content":false,"footnotes":"","jetpack_publicize_message":"","jetpack_publicize_feature_enabled":true,"jetpack_social_post_already_shared":true,"jetpack_social_options":{"image_generator_settings":{"template":"highway","default_image_id":0,"font":"","enabled":false},"version":2}},"categories":[4342,4341,34,138],"tags":[4350,4348,4351,4345,4344,4346,4349,4347,1395],"class_list":["post-48945","post","type-post","status-publish","format-standard","has-post-thumbnail","hentry","category-4342","category-4341","category-artikkel","category-volvo","tag-264-nilsson","tag-c-2","tag-nilsson","tag-takgjok","tag-takgjoken","tag-takgoken","tag-volvo-264-te","tag-volvo-760","tag-volvo-limousine"],"yoast_head":"<!-- This site is optimized with the Yoast SEO plugin v27.5 - https:\/\/yoast.com\/product\/yoast-seo-wordpress\/ -->\n<title>Volvo-vibber - Terjes biler - Vi har f\u00e5tt et glimt av takgj\u00f8ken<\/title>\n<meta name=\"description\" content=\"N\u00e5r panseret \u00e5pnes etter ankomst, avdekkes et helt spotless motorrom. Innimellom standardbilene, fikk jeg ogs\u00e5 \u00f8ye p\u00e5 takgj\u00f8ken.\" \/>\n<meta name=\"robots\" content=\"index, follow, max-snippet:-1, max-image-preview:large, max-video-preview:-1\" \/>\n<link rel=\"canonical\" href=\"https:\/\/terjebjornstad.com\/no\/2022\/06\/08\/takgjoken-volvo-vibber\/\" \/>\n<meta property=\"og:locale\" content=\"nb_NO\" \/>\n<meta property=\"og:type\" content=\"article\" \/>\n<meta property=\"og:title\" content=\"Volvo-vibber - Terjes biler - Vi har f\u00e5tt et glimt av takgj\u00f8ken\" \/>\n<meta property=\"og:description\" content=\"N\u00e5r panseret \u00e5pnes etter ankomst, avdekkes et helt spotless motorrom. Innimellom standardbilene, fikk jeg ogs\u00e5 \u00f8ye p\u00e5 takgj\u00f8ken.\" \/>\n<meta property=\"og:url\" content=\"https:\/\/terjebjornstad.com\/no\/2022\/06\/08\/takgjoken-volvo-vibber\/\" \/>\n<meta property=\"og:site_name\" content=\"Terjes biler\" \/>\n<meta property=\"article:publisher\" content=\"https:\/\/www.facebook.com\/terjesbiler\/\" \/>\n<meta property=\"article:author\" content=\"https:\/\/www.facebook.com\/terjesbiler\" \/>\n<meta property=\"article:published_time\" content=\"2022-06-08T12:06:57+00:00\" \/>\n<meta property=\"article:modified_time\" content=\"2026-02-28T00:35:38+00:00\" \/>\n<meta property=\"og:image\" content=\"https:\/\/terjebjornstad.com\/no\/wp-content\/uploads\/2022\/06\/1-1973-volvo-0209-1080x608-1.png\" \/>\n\t<meta property=\"og:image:width\" content=\"1080\" \/>\n\t<meta property=\"og:image:height\" content=\"608\" \/>\n\t<meta property=\"og:image:type\" content=\"image\/png\" \/>\n<meta name=\"author\" content=\"Terje Bj\u00f8rnstad\" \/>\n<meta name=\"twitter:card\" content=\"summary_large_image\" \/>\n<meta name=\"twitter:label1\" content=\"Skrevet av\" \/>\n\t<meta name=\"twitter:data1\" content=\"Terje Bj\u00f8rnstad\" \/>\n\t<meta name=\"twitter:label2\" content=\"Ansl. lesetid\" \/>\n\t<meta name=\"twitter:data2\" content=\"7 minutter\" \/>\n<script type=\"application\/ld+json\" class=\"yoast-schema-graph\">{\"@context\":\"https:\\\/\\\/schema.org\",\"@graph\":[{\"@type\":\"Article\",\"@id\":\"https:\\\/\\\/terjebjornstad.com\\\/no\\\/2022\\\/06\\\/08\\\/takgjoken-volvo-vibber\\\/#article\",\"isPartOf\":{\"@id\":\"https:\\\/\\\/terjebjornstad.com\\\/no\\\/2022\\\/06\\\/08\\\/takgjoken-volvo-vibber\\\/\"},\"author\":{\"name\":\"Terje Bj\u00f8rnstad\",\"@id\":\"https:\\\/\\\/terjebjornstad.com\\\/no\\\/#\\\/schema\\\/person\\\/a281f6a6e0f3cc9fe468e7f0c655aa65\"},\"headline\":\"Volvo-vibber\",\"datePublished\":\"2022-06-08T12:06:57+00:00\",\"dateModified\":\"2026-02-28T00:35:38+00:00\",\"mainEntityOfPage\":{\"@id\":\"https:\\\/\\\/terjebjornstad.com\\\/no\\\/2022\\\/06\\\/08\\\/takgjoken-volvo-vibber\\\/\"},\"wordCount\":797,\"commentCount\":0,\"publisher\":{\"@id\":\"https:\\\/\\\/terjebjornstad.com\\\/no\\\/#organization\"},\"image\":{\"@id\":\"https:\\\/\\\/terjebjornstad.com\\\/no\\\/2022\\\/06\\\/08\\\/takgjoken-volvo-vibber\\\/#primaryimage\"},\"thumbnailUrl\":\"https:\\\/\\\/i0.wp.com\\\/terjebjornstad.com\\\/no\\\/wp-content\\\/uploads\\\/2022\\\/06\\\/1-1973-volvo-0209-1080x608-1.png?fit=1080%2C608&ssl=1\",\"keywords\":[\"264 Nilsson\",\"C-2\",\"Nilsson\",\"Takgj\u00f8k\",\"Takgj\u00f8ken\",\"Takg\u00f6ken\",\"Volvo 264 te\",\"volvo 760\",\"Volvo limousine\"],\"articleSection\":[\"264\",\"760\",\"Artikkel\",\"Volvo\"],\"inLanguage\":\"nb-NO\",\"potentialAction\":[{\"@type\":\"CommentAction\",\"name\":\"Comment\",\"target\":[\"https:\\\/\\\/terjebjornstad.com\\\/no\\\/2022\\\/06\\\/08\\\/takgjoken-volvo-vibber\\\/#respond\"]}]},{\"@type\":\"WebPage\",\"@id\":\"https:\\\/\\\/terjebjornstad.com\\\/no\\\/2022\\\/06\\\/08\\\/takgjoken-volvo-vibber\\\/\",\"url\":\"https:\\\/\\\/terjebjornstad.com\\\/no\\\/2022\\\/06\\\/08\\\/takgjoken-volvo-vibber\\\/\",\"name\":\"Volvo-vibber - Terjes biler - Vi har f\u00e5tt et glimt av takgj\u00f8ken\",\"isPartOf\":{\"@id\":\"https:\\\/\\\/terjebjornstad.com\\\/no\\\/#website\"},\"primaryImageOfPage\":{\"@id\":\"https:\\\/\\\/terjebjornstad.com\\\/no\\\/2022\\\/06\\\/08\\\/takgjoken-volvo-vibber\\\/#primaryimage\"},\"image\":{\"@id\":\"https:\\\/\\\/terjebjornstad.com\\\/no\\\/2022\\\/06\\\/08\\\/takgjoken-volvo-vibber\\\/#primaryimage\"},\"thumbnailUrl\":\"https:\\\/\\\/i0.wp.com\\\/terjebjornstad.com\\\/no\\\/wp-content\\\/uploads\\\/2022\\\/06\\\/1-1973-volvo-0209-1080x608-1.png?fit=1080%2C608&ssl=1\",\"datePublished\":\"2022-06-08T12:06:57+00:00\",\"dateModified\":\"2026-02-28T00:35:38+00:00\",\"description\":\"N\u00e5r panseret \u00e5pnes etter ankomst, avdekkes et helt spotless motorrom. Innimellom standardbilene, fikk jeg ogs\u00e5 \u00f8ye p\u00e5 takgj\u00f8ken.\",\"breadcrumb\":{\"@id\":\"https:\\\/\\\/terjebjornstad.com\\\/no\\\/2022\\\/06\\\/08\\\/takgjoken-volvo-vibber\\\/#breadcrumb\"},\"inLanguage\":\"nb-NO\",\"potentialAction\":[{\"@type\":\"ReadAction\",\"target\":[\"https:\\\/\\\/terjebjornstad.com\\\/no\\\/2022\\\/06\\\/08\\\/takgjoken-volvo-vibber\\\/\"]}]},{\"@type\":\"ImageObject\",\"inLanguage\":\"nb-NO\",\"@id\":\"https:\\\/\\\/terjebjornstad.com\\\/no\\\/2022\\\/06\\\/08\\\/takgjoken-volvo-vibber\\\/#primaryimage\",\"url\":\"https:\\\/\\\/i0.wp.com\\\/terjebjornstad.com\\\/no\\\/wp-content\\\/uploads\\\/2022\\\/06\\\/1-1973-volvo-0209-1080x608-1.png?fit=1080%2C608&ssl=1\",\"contentUrl\":\"https:\\\/\\\/i0.wp.com\\\/terjebjornstad.com\\\/no\\\/wp-content\\\/uploads\\\/2022\\\/06\\\/1-1973-volvo-0209-1080x608-1.png?fit=1080%2C608&ssl=1\",\"width\":1080,\"height\":608,\"caption\":\"1973 Volvo 144. \u00c5rsmodell 1973 regnes av mange for \u00e5 v\u00e6re den beste i 140-serien\"},{\"@type\":\"BreadcrumbList\",\"@id\":\"https:\\\/\\\/terjebjornstad.com\\\/no\\\/2022\\\/06\\\/08\\\/takgjoken-volvo-vibber\\\/#breadcrumb\",\"itemListElement\":[{\"@type\":\"ListItem\",\"position\":1,\"name\":\"Hjem\",\"item\":\"https:\\\/\\\/terjebjornstad.com\\\/no\\\/\"},{\"@type\":\"ListItem\",\"position\":2,\"name\":\"Volvo-vibber\"}]},{\"@type\":\"WebSite\",\"@id\":\"https:\\\/\\\/terjebjornstad.com\\\/no\\\/#website\",\"url\":\"https:\\\/\\\/terjebjornstad.com\\\/no\\\/\",\"name\":\"Terjes biler\",\"description\":\"HONEST ABOUT CARS\",\"publisher\":{\"@id\":\"https:\\\/\\\/terjebjornstad.com\\\/no\\\/#organization\"},\"alternateName\":\"Terjebjornstad.com\",\"potentialAction\":[{\"@type\":\"SearchAction\",\"target\":{\"@type\":\"EntryPoint\",\"urlTemplate\":\"https:\\\/\\\/terjebjornstad.com\\\/no\\\/?s={search_term_string}\"},\"query-input\":{\"@type\":\"PropertyValueSpecification\",\"valueRequired\":true,\"valueName\":\"search_term_string\"}}],\"inLanguage\":\"nb-NO\"},{\"@type\":\"Organization\",\"@id\":\"https:\\\/\\\/terjebjornstad.com\\\/no\\\/#organization\",\"name\":\"Terje Bj\u00f8rnstad ENK\",\"url\":\"https:\\\/\\\/terjebjornstad.com\\\/no\\\/\",\"logo\":{\"@type\":\"ImageObject\",\"inLanguage\":\"nb-NO\",\"@id\":\"https:\\\/\\\/terjebjornstad.com\\\/no\\\/#\\\/schema\\\/logo\\\/image\\\/\",\"url\":\"https:\\\/\\\/i0.wp.com\\\/terjebjornstad.com\\\/no\\\/wp-content\\\/uploads\\\/2026\\\/02\\\/terjesbiler2024-960x354-1.png?fit=960%2C354&ssl=1\",\"contentUrl\":\"https:\\\/\\\/i0.wp.com\\\/terjebjornstad.com\\\/no\\\/wp-content\\\/uploads\\\/2026\\\/02\\\/terjesbiler2024-960x354-1.png?fit=960%2C354&ssl=1\",\"width\":960,\"height\":354,\"caption\":\"Terje Bj\u00f8rnstad ENK\"},\"image\":{\"@id\":\"https:\\\/\\\/terjebjornstad.com\\\/no\\\/#\\\/schema\\\/logo\\\/image\\\/\"},\"sameAs\":[\"https:\\\/\\\/www.facebook.com\\\/terjesbiler\\\/\",\"https:\\\/\\\/www.instagram.com\\\/terjesbiler\\\/\",\"https:\\\/\\\/www.pinteres.com\\\/terjebjrnstad\\\/terjes-biler\\\/\"]},{\"@type\":\"Person\",\"@id\":\"https:\\\/\\\/terjebjornstad.com\\\/no\\\/#\\\/schema\\\/person\\\/a281f6a6e0f3cc9fe468e7f0c655aa65\",\"name\":\"Terje Bj\u00f8rnstad\",\"image\":{\"@type\":\"ImageObject\",\"inLanguage\":\"nb-NO\",\"@id\":\"https:\\\/\\\/secure.gravatar.com\\\/avatar\\\/e8dff505b51cf6cb67ae06a06022d2049aac2da1e79dc146a36b58798c4b40ea?s=96&d=mm&r=g\",\"url\":\"https:\\\/\\\/secure.gravatar.com\\\/avatar\\\/e8dff505b51cf6cb67ae06a06022d2049aac2da1e79dc146a36b58798c4b40ea?s=96&d=mm&r=g\",\"contentUrl\":\"https:\\\/\\\/secure.gravatar.com\\\/avatar\\\/e8dff505b51cf6cb67ae06a06022d2049aac2da1e79dc146a36b58798c4b40ea?s=96&d=mm&r=g\",\"caption\":\"Terje Bj\u00f8rnstad\"},\"description\":\"Terje Bj\u00f8rnstad. Bloggadministrator, hobbyfotograf og bilnerd.\",\"sameAs\":[\"https:\\\/\\\/www.facebook.com\\\/terjesbiler\",\"https:\\\/\\\/www.instagram.com\\\/terjesbiler\",\"https:\\\/\\\/no.pinterest.com\\\/terjebjrnstad\",\"https:\\\/\\\/www.youtube.com\\\/channel\\\/UCzCKJJDybyIgKqatc_JQqIg\"]}]}<\/script>\n<!-- \/ Yoast SEO plugin. -->","yoast_head_json":{"title":"Volvo-vibber - Terjes biler - Vi har f\u00e5tt et glimt av takgj\u00f8ken","description":"N\u00e5r panseret \u00e5pnes etter ankomst, avdekkes et helt spotless motorrom. Innimellom standardbilene, fikk jeg ogs\u00e5 \u00f8ye p\u00e5 takgj\u00f8ken.","robots":{"index":"index","follow":"follow","max-snippet":"max-snippet:-1","max-image-preview":"max-image-preview:large","max-video-preview":"max-video-preview:-1"},"canonical":"https:\/\/terjebjornstad.com\/no\/2022\/06\/08\/takgjoken-volvo-vibber\/","og_locale":"nb_NO","og_type":"article","og_title":"Volvo-vibber - Terjes biler - Vi har f\u00e5tt et glimt av takgj\u00f8ken","og_description":"N\u00e5r panseret \u00e5pnes etter ankomst, avdekkes et helt spotless motorrom. Innimellom standardbilene, fikk jeg ogs\u00e5 \u00f8ye p\u00e5 takgj\u00f8ken.","og_url":"https:\/\/terjebjornstad.com\/no\/2022\/06\/08\/takgjoken-volvo-vibber\/","og_site_name":"Terjes biler","article_publisher":"https:\/\/www.facebook.com\/terjesbiler\/","article_author":"https:\/\/www.facebook.com\/terjesbiler","article_published_time":"2022-06-08T12:06:57+00:00","article_modified_time":"2026-02-28T00:35:38+00:00","og_image":[{"width":1080,"height":608,"url":"https:\/\/terjebjornstad.com\/no\/wp-content\/uploads\/2022\/06\/1-1973-volvo-0209-1080x608-1.png","type":"image\/png"}],"author":"Terje Bj\u00f8rnstad","twitter_card":"summary_large_image","twitter_misc":{"Skrevet av":"Terje Bj\u00f8rnstad","Ansl. lesetid":"7 minutter"},"schema":{"@context":"https:\/\/schema.org","@graph":[{"@type":"Article","@id":"https:\/\/terjebjornstad.com\/no\/2022\/06\/08\/takgjoken-volvo-vibber\/#article","isPartOf":{"@id":"https:\/\/terjebjornstad.com\/no\/2022\/06\/08\/takgjoken-volvo-vibber\/"},"author":{"name":"Terje Bj\u00f8rnstad","@id":"https:\/\/terjebjornstad.com\/no\/#\/schema\/person\/a281f6a6e0f3cc9fe468e7f0c655aa65"},"headline":"Volvo-vibber","datePublished":"2022-06-08T12:06:57+00:00","dateModified":"2026-02-28T00:35:38+00:00","mainEntityOfPage":{"@id":"https:\/\/terjebjornstad.com\/no\/2022\/06\/08\/takgjoken-volvo-vibber\/"},"wordCount":797,"commentCount":0,"publisher":{"@id":"https:\/\/terjebjornstad.com\/no\/#organization"},"image":{"@id":"https:\/\/terjebjornstad.com\/no\/2022\/06\/08\/takgjoken-volvo-vibber\/#primaryimage"},"thumbnailUrl":"https:\/\/i0.wp.com\/terjebjornstad.com\/no\/wp-content\/uploads\/2022\/06\/1-1973-volvo-0209-1080x608-1.png?fit=1080%2C608&ssl=1","keywords":["264 Nilsson","C-2","Nilsson","Takgj\u00f8k","Takgj\u00f8ken","Takg\u00f6ken","Volvo 264 te","volvo 760","Volvo limousine"],"articleSection":["264","760","Artikkel","Volvo"],"inLanguage":"nb-NO","potentialAction":[{"@type":"CommentAction","name":"Comment","target":["https:\/\/terjebjornstad.com\/no\/2022\/06\/08\/takgjoken-volvo-vibber\/#respond"]}]},{"@type":"WebPage","@id":"https:\/\/terjebjornstad.com\/no\/2022\/06\/08\/takgjoken-volvo-vibber\/","url":"https:\/\/terjebjornstad.com\/no\/2022\/06\/08\/takgjoken-volvo-vibber\/","name":"Volvo-vibber - Terjes biler - Vi har f\u00e5tt et glimt av takgj\u00f8ken","isPartOf":{"@id":"https:\/\/terjebjornstad.com\/no\/#website"},"primaryImageOfPage":{"@id":"https:\/\/terjebjornstad.com\/no\/2022\/06\/08\/takgjoken-volvo-vibber\/#primaryimage"},"image":{"@id":"https:\/\/terjebjornstad.com\/no\/2022\/06\/08\/takgjoken-volvo-vibber\/#primaryimage"},"thumbnailUrl":"https:\/\/i0.wp.com\/terjebjornstad.com\/no\/wp-content\/uploads\/2022\/06\/1-1973-volvo-0209-1080x608-1.png?fit=1080%2C608&ssl=1","datePublished":"2022-06-08T12:06:57+00:00","dateModified":"2026-02-28T00:35:38+00:00","description":"N\u00e5r panseret \u00e5pnes etter ankomst, avdekkes et helt spotless motorrom. Innimellom standardbilene, fikk jeg ogs\u00e5 \u00f8ye p\u00e5 takgj\u00f8ken.","breadcrumb":{"@id":"https:\/\/terjebjornstad.com\/no\/2022\/06\/08\/takgjoken-volvo-vibber\/#breadcrumb"},"inLanguage":"nb-NO","potentialAction":[{"@type":"ReadAction","target":["https:\/\/terjebjornstad.com\/no\/2022\/06\/08\/takgjoken-volvo-vibber\/"]}]},{"@type":"ImageObject","inLanguage":"nb-NO","@id":"https:\/\/terjebjornstad.com\/no\/2022\/06\/08\/takgjoken-volvo-vibber\/#primaryimage","url":"https:\/\/i0.wp.com\/terjebjornstad.com\/no\/wp-content\/uploads\/2022\/06\/1-1973-volvo-0209-1080x608-1.png?fit=1080%2C608&ssl=1","contentUrl":"https:\/\/i0.wp.com\/terjebjornstad.com\/no\/wp-content\/uploads\/2022\/06\/1-1973-volvo-0209-1080x608-1.png?fit=1080%2C608&ssl=1","width":1080,"height":608,"caption":"1973 Volvo 144. \u00c5rsmodell 1973 regnes av mange for \u00e5 v\u00e6re den beste i 140-serien"},{"@type":"BreadcrumbList","@id":"https:\/\/terjebjornstad.com\/no\/2022\/06\/08\/takgjoken-volvo-vibber\/#breadcrumb","itemListElement":[{"@type":"ListItem","position":1,"name":"Hjem","item":"https:\/\/terjebjornstad.com\/no\/"},{"@type":"ListItem","position":2,"name":"Volvo-vibber"}]},{"@type":"WebSite","@id":"https:\/\/terjebjornstad.com\/no\/#website","url":"https:\/\/terjebjornstad.com\/no\/","name":"Terjes biler","description":"HONEST ABOUT CARS","publisher":{"@id":"https:\/\/terjebjornstad.com\/no\/#organization"},"alternateName":"Terjebjornstad.com","potentialAction":[{"@type":"SearchAction","target":{"@type":"EntryPoint","urlTemplate":"https:\/\/terjebjornstad.com\/no\/?s={search_term_string}"},"query-input":{"@type":"PropertyValueSpecification","valueRequired":true,"valueName":"search_term_string"}}],"inLanguage":"nb-NO"},{"@type":"Organization","@id":"https:\/\/terjebjornstad.com\/no\/#organization","name":"Terje Bj\u00f8rnstad ENK","url":"https:\/\/terjebjornstad.com\/no\/","logo":{"@type":"ImageObject","inLanguage":"nb-NO","@id":"https:\/\/terjebjornstad.com\/no\/#\/schema\/logo\/image\/","url":"https:\/\/i0.wp.com\/terjebjornstad.com\/no\/wp-content\/uploads\/2026\/02\/terjesbiler2024-960x354-1.png?fit=960%2C354&ssl=1","contentUrl":"https:\/\/i0.wp.com\/terjebjornstad.com\/no\/wp-content\/uploads\/2026\/02\/terjesbiler2024-960x354-1.png?fit=960%2C354&ssl=1","width":960,"height":354,"caption":"Terje Bj\u00f8rnstad ENK"},"image":{"@id":"https:\/\/terjebjornstad.com\/no\/#\/schema\/logo\/image\/"},"sameAs":["https:\/\/www.facebook.com\/terjesbiler\/","https:\/\/www.instagram.com\/terjesbiler\/","https:\/\/www.pinteres.com\/terjebjrnstad\/terjes-biler\/"]},{"@type":"Person","@id":"https:\/\/terjebjornstad.com\/no\/#\/schema\/person\/a281f6a6e0f3cc9fe468e7f0c655aa65","name":"Terje Bj\u00f8rnstad","image":{"@type":"ImageObject","inLanguage":"nb-NO","@id":"https:\/\/secure.gravatar.com\/avatar\/e8dff505b51cf6cb67ae06a06022d2049aac2da1e79dc146a36b58798c4b40ea?s=96&d=mm&r=g","url":"https:\/\/secure.gravatar.com\/avatar\/e8dff505b51cf6cb67ae06a06022d2049aac2da1e79dc146a36b58798c4b40ea?s=96&d=mm&r=g","contentUrl":"https:\/\/secure.gravatar.com\/avatar\/e8dff505b51cf6cb67ae06a06022d2049aac2da1e79dc146a36b58798c4b40ea?s=96&d=mm&r=g","caption":"Terje Bj\u00f8rnstad"},"description":"Terje Bj\u00f8rnstad. Bloggadministrator, hobbyfotograf og bilnerd.","sameAs":["https:\/\/www.facebook.com\/terjesbiler","https:\/\/www.instagram.com\/terjesbiler","https:\/\/no.pinterest.com\/terjebjrnstad","https:\/\/www.youtube.com\/channel\/UCzCKJJDybyIgKqatc_JQqIg"]}]}},"jetpack_publicize_connections":[],"jetpack_featured_media_url":"https:\/\/i0.wp.com\/terjebjornstad.com\/no\/wp-content\/uploads\/2022\/06\/1-1973-volvo-0209-1080x608-1.png?fit=1080%2C608&ssl=1","jetpack_sharing_enabled":true,"jetpack_shortlink":"https:\/\/wp.me\/p48zYA-cJr","jetpack-related-posts":[{"id":32976,"url":"https:\/\/terjebjornstad.com\/no\/2020\/06\/08\/veteran-volvoer-pa-sollihogda\/","url_meta":{"origin":48945,"position":0},"title":"Veteran-Volvoer p\u00e5 Sollih\u00f8gda","author":"Terje Bj\u00f8rnstad","date":"08\/06\/2020","format":false,"excerpt":"Sollih\u00f8gda Tursenter Sist s\u00f8ndag kunne passerende over Sollih\u00f8gda f\u00e5 \u00f8ye p\u00e5 flotte veteran-Volvoer utenfor Sollih\u00f8gda Tursenter. Dette var et lite og privat treff hvor det var god avstand mellom folk som ikke kjente hverandre. Jeg tillot meg \u00e5 stikke innom \u00e5 kikke p\u00e5 bilene. Jeg kjente noen av dem igjen\u2026","rel":"","context":"i &quot;121&quot;","block_context":{"text":"121","link":"https:\/\/terjebjornstad.com\/no\/category\/volvo\/121\/"},"img":{"alt_text":"","src":"https:\/\/i0.wp.com\/terjebjornstad.com\/no\/wp-content\/uploads\/2020\/06\/volvo-142-1080x720-1.png?fit=1080%2C720&ssl=1&resize=350%2C200","width":350,"height":200,"srcset":"https:\/\/i0.wp.com\/terjebjornstad.com\/no\/wp-content\/uploads\/2020\/06\/volvo-142-1080x720-1.png?fit=1080%2C720&ssl=1&resize=350%2C200 1x, https:\/\/i0.wp.com\/terjebjornstad.com\/no\/wp-content\/uploads\/2020\/06\/volvo-142-1080x720-1.png?fit=1080%2C720&ssl=1&resize=525%2C300 1.5x, https:\/\/i0.wp.com\/terjebjornstad.com\/no\/wp-content\/uploads\/2020\/06\/volvo-142-1080x720-1.png?fit=1080%2C720&ssl=1&resize=700%2C400 2x, https:\/\/i0.wp.com\/terjebjornstad.com\/no\/wp-content\/uploads\/2020\/06\/volvo-142-1080x720-1.png?fit=1080%2C720&ssl=1&resize=1050%2C600 3x"},"classes":[]},{"id":12865,"url":"https:\/\/terjebjornstad.com\/no\/2017\/09\/26\/har-d4-noen-fremtid-i-xc60\/","url_meta":{"origin":48945,"position":1},"title":"Har D4 noen fremtid i XC60?","author":"Terje Bj\u00f8rnstad","date":"26\/09\/2017","format":false,"excerpt":"I Volvos utg\u00e5ende XC60 har D4 v\u00e6rt et popul\u00e6rt drivverk. Nye D4 er bedre, men f\u00e5 kommer til \u00e5 velge det. \u00a0 Misunnelig Hvis du er en av dem som har skaffet deg den nye Volvo XC60, eller har en i bestilling, skal du vite at jeg er dypt misunnelig.\u2026","rel":"","context":"i &quot;Artikkel&quot;","block_context":{"text":"Artikkel","link":"https:\/\/terjebjornstad.com\/no\/category\/artikkel\/"},"img":{"alt_text":"","src":"https:\/\/i0.wp.com\/terjebjornstad.com\/no\/wp-content\/uploads\/2017\/09\/volvo-xc60-d4-1.png?fit=686%2C457&ssl=1&resize=350%2C200","width":350,"height":200,"srcset":"https:\/\/i0.wp.com\/terjebjornstad.com\/no\/wp-content\/uploads\/2017\/09\/volvo-xc60-d4-1.png?fit=686%2C457&ssl=1&resize=350%2C200 1x, https:\/\/i0.wp.com\/terjebjornstad.com\/no\/wp-content\/uploads\/2017\/09\/volvo-xc60-d4-1.png?fit=686%2C457&ssl=1&resize=525%2C300 1.5x"},"classes":[]},{"id":84772,"url":"https:\/\/terjebjornstad.com\/no\/2025\/09\/28\/volvo-hosttreff-hos-bilia-jessheim\/","url_meta":{"origin":48945,"position":2},"title":"Volvo h\u00f8sttreff hos Bilia Jessheim","author":"Terje Bj\u00f8rnstad","date":"28\/09\/2025","format":false,"excerpt":"Sist l\u00f8rdag hadde Volvo Car Club Norway (VCCN) sitt h\u00f8stm\u00f8te hos Bilia Jessheim. Jeg var innom og tok noen bilder i det fine h\u00f8stv\u00e6ret. Intet er s\u00e5 vakkert som staselige Volvo'er under en lav h\u00f8stsol. VCCN har arrangert sine h\u00f8sttreff hos Bilia Jessheim ogs\u00e5 flere ganger tidligere. Forrige gang jeg\u2026","rel":"","context":"i &quot;Bilia Jessheim&quot;","block_context":{"text":"Bilia Jessheim","link":"https:\/\/terjebjornstad.com\/no\/category\/bilutstilling\/bilia-jessheim\/"},"img":{"alt_text":"","src":"https:\/\/i0.wp.com\/terjebjornstad.com\/no\/wp-content\/uploads\/2025\/09\/vccn-at-bilia-jessheim-2025-1920x1280-1.jpg?fit=1200%2C800&ssl=1&resize=350%2C200","width":350,"height":200,"srcset":"https:\/\/i0.wp.com\/terjebjornstad.com\/no\/wp-content\/uploads\/2025\/09\/vccn-at-bilia-jessheim-2025-1920x1280-1.jpg?fit=1200%2C800&ssl=1&resize=350%2C200 1x, https:\/\/i0.wp.com\/terjebjornstad.com\/no\/wp-content\/uploads\/2025\/09\/vccn-at-bilia-jessheim-2025-1920x1280-1.jpg?fit=1200%2C800&ssl=1&resize=525%2C300 1.5x, https:\/\/i0.wp.com\/terjebjornstad.com\/no\/wp-content\/uploads\/2025\/09\/vccn-at-bilia-jessheim-2025-1920x1280-1.jpg?fit=1200%2C800&ssl=1&resize=700%2C400 2x, https:\/\/i0.wp.com\/terjebjornstad.com\/no\/wp-content\/uploads\/2025\/09\/vccn-at-bilia-jessheim-2025-1920x1280-1.jpg?fit=1200%2C800&ssl=1&resize=1050%2C600 3x"},"classes":[]},{"id":11031,"url":"https:\/\/terjebjornstad.com\/no\/2017\/06\/24\/i-kongelig-tjeneste\/","url_meta":{"origin":48945,"position":3},"title":"I kongelig tjeneste","author":"Terje Bj\u00f8rnstad","date":"24\/06\/2017","format":false,"excerpt":"Det dukker fra tid til annen opp biler som tidligere har v\u00e6rt i kongelig tjeneste. \u00a0 Volvo S80 Limousine Akkurat n\u00e5 st\u00e5r det en Volvo S80 Limousine utstilt foran lokalene til Bilia Fornebu. Flaggfestet p\u00e5 panseret r\u00f8per at den har kongelig historie. Slottet hadde tidligere to S80-limousiner med registreringsnumre A-3\u2026","rel":"","context":"i &quot;Artikkel&quot;","block_context":{"text":"Artikkel","link":"https:\/\/terjebjornstad.com\/no\/category\/artikkel\/"},"img":{"alt_text":"","src":"https:\/\/i0.wp.com\/terjebjornstad.com\/no\/wp-content\/uploads\/2017\/06\/volvo-s80-limo-1.png?fit=686%2C660&ssl=1&resize=350%2C200","width":350,"height":200,"srcset":"https:\/\/i0.wp.com\/terjebjornstad.com\/no\/wp-content\/uploads\/2017\/06\/volvo-s80-limo-1.png?fit=686%2C660&ssl=1&resize=350%2C200 1x, https:\/\/i0.wp.com\/terjebjornstad.com\/no\/wp-content\/uploads\/2017\/06\/volvo-s80-limo-1.png?fit=686%2C660&ssl=1&resize=525%2C300 1.5x"},"classes":[]},{"id":19966,"url":"https:\/\/terjebjornstad.com\/no\/2018\/10\/22\/volvotreff-pa-jessheim\/","url_meta":{"origin":48945,"position":4},"title":"Volvotreff p\u00e5 Jessheim","author":"Terje Bj\u00f8rnstad","date":"22\/10\/2018","format":false,"excerpt":"\"Gardermot\u00e5ka\" l\u00e5 over Jessheim og hindret solen \u00e5 bryte gjennom, s\u00e5 det var noks\u00e5 kaldt. Heldigvis har ikke gamle Volvoer problemer med kj\u00f8lig h\u00f8stv\u00e6r, s\u00e5 flere hadde tatt med seg finbilene sine. Travel l\u00f8rdag hos Bilia Jessheim Hjulskift til inntekt for Omsorg Jessheim, gratis grillmat, muffins, - samt Volvotreff med\u2026","rel":"","context":"i &quot;Artikkel&quot;","block_context":{"text":"Artikkel","link":"https:\/\/terjebjornstad.com\/no\/category\/artikkel\/"},"img":{"alt_text":"","src":"https:\/\/i0.wp.com\/terjebjornstad.com\/no\/wp-content\/uploads\/2018\/10\/volvo-bilia-jessheim-1080x720.png?fit=1080%2C720&ssl=1&resize=350%2C200","width":350,"height":200,"srcset":"https:\/\/i0.wp.com\/terjebjornstad.com\/no\/wp-content\/uploads\/2018\/10\/volvo-bilia-jessheim-1080x720.png?fit=1080%2C720&ssl=1&resize=350%2C200 1x, https:\/\/i0.wp.com\/terjebjornstad.com\/no\/wp-content\/uploads\/2018\/10\/volvo-bilia-jessheim-1080x720.png?fit=1080%2C720&ssl=1&resize=525%2C300 1.5x, https:\/\/i0.wp.com\/terjebjornstad.com\/no\/wp-content\/uploads\/2018\/10\/volvo-bilia-jessheim-1080x720.png?fit=1080%2C720&ssl=1&resize=700%2C400 2x, https:\/\/i0.wp.com\/terjebjornstad.com\/no\/wp-content\/uploads\/2018\/10\/volvo-bilia-jessheim-1080x720.png?fit=1080%2C720&ssl=1&resize=1050%2C600 3x"},"classes":[]},{"id":75962,"url":"https:\/\/terjebjornstad.com\/no\/2024\/10\/13\/fotolordag-veteraner-i-lillestrom\/","url_meta":{"origin":48945,"position":5},"title":"L\u00f8rdagsfoto: Veteraner i Lillestr\u00f8m","author":"Terje Bj\u00f8rnstad","date":"13\/10\/2024","format":false,"excerpt":"Sist l\u00f8rdag inviterte R\u00f8hneSelmer, Ford-forhandleren i Lillestr\u00f8m og nedre Romerike, til veteranbildag. Plassen foran salgslokalene ble ryddet for eldre Forder og andre fine biler. Arrangementer som dette, er avhengig av fint v\u00e6r. Ettersom dagen begynte med frost mange steder, m\u00e5tte flere bes\u00f8kere vente med \u00e5 ta ut sine sommerskodde veteranbiler\u2026","rel":"","context":"i &quot;Artikkel&quot;","block_context":{"text":"Artikkel","link":"https:\/\/terjebjornstad.com\/no\/category\/artikkel\/"},"img":{"alt_text":"","src":"https:\/\/i0.wp.com\/terjebjornstad.com\/no\/wp-content\/uploads\/2024\/10\/1973-ford-taunus-1-6-gxl-1920x1440-1.jpg?resize=350%2C200&ssl=1","width":350,"height":200,"srcset":"https:\/\/i0.wp.com\/terjebjornstad.com\/no\/wp-content\/uploads\/2024\/10\/1973-ford-taunus-1-6-gxl-1920x1440-1.jpg?resize=350%2C200&ssl=1 1x, https:\/\/i0.wp.com\/terjebjornstad.com\/no\/wp-content\/uploads\/2024\/10\/1973-ford-taunus-1-6-gxl-1920x1440-1.jpg?resize=525%2C300&ssl=1 1.5x, https:\/\/i0.wp.com\/terjebjornstad.com\/no\/wp-content\/uploads\/2024\/10\/1973-ford-taunus-1-6-gxl-1920x1440-1.jpg?resize=700%2C400&ssl=1 2x, https:\/\/i0.wp.com\/terjebjornstad.com\/no\/wp-content\/uploads\/2024\/10\/1973-ford-taunus-1-6-gxl-1920x1440-1.jpg?resize=1050%2C600&ssl=1 3x, https:\/\/i0.wp.com\/terjebjornstad.com\/no\/wp-content\/uploads\/2024\/10\/1973-ford-taunus-1-6-gxl-1920x1440-1.jpg?resize=1400%2C800&ssl=1 4x"},"classes":[]}],"gt_translate_keys":[{"key":"link","format":"url"}],"_links":{"self":[{"href":"https:\/\/terjebjornstad.com\/no\/wp-json\/wp\/v2\/posts\/48945","targetHints":{"allow":["GET"]}}],"collection":[{"href":"https:\/\/terjebjornstad.com\/no\/wp-json\/wp\/v2\/posts"}],"about":[{"href":"https:\/\/terjebjornstad.com\/no\/wp-json\/wp\/v2\/types\/post"}],"author":[{"embeddable":true,"href":"https:\/\/terjebjornstad.com\/no\/wp-json\/wp\/v2\/users\/1"}],"replies":[{"embeddable":true,"href":"https:\/\/terjebjornstad.com\/no\/wp-json\/wp\/v2\/comments?post=48945"}],"version-history":[{"count":26,"href":"https:\/\/terjebjornstad.com\/no\/wp-json\/wp\/v2\/posts\/48945\/revisions"}],"predecessor-version":[{"id":90057,"href":"https:\/\/terjebjornstad.com\/no\/wp-json\/wp\/v2\/posts\/48945\/revisions\/90057"}],"wp:featuredmedia":[{"embeddable":true,"href":"https:\/\/terjebjornstad.com\/no\/wp-json\/wp\/v2\/media\/48925"}],"wp:attachment":[{"href":"https:\/\/terjebjornstad.com\/no\/wp-json\/wp\/v2\/media?parent=48945"}],"wp:term":[{"taxonomy":"category","embeddable":true,"href":"https:\/\/terjebjornstad.com\/no\/wp-json\/wp\/v2\/categories?post=48945"},{"taxonomy":"post_tag","embeddable":true,"href":"https:\/\/terjebjornstad.com\/no\/wp-json\/wp\/v2\/tags?post=48945"}],"curies":[{"name":"wp","href":"https:\/\/api.w.org\/{rel}","templated":true}]}}