{"id":48402,"date":"2022-05-04T21:19:06","date_gmt":"2022-05-04T20:19:06","guid":{"rendered":"https:\/\/terjebjornstad.com\/no\/?p=48402"},"modified":"2026-03-15T13:35:56","modified_gmt":"2026-03-15T12:35:56","slug":"fotosondag-fransk-biltreff","status":"publish","type":"post","link":"https:\/\/terjebjornstad.com\/no\/2022\/05\/04\/fotosondag-fransk-biltreff\/","title":{"rendered":"Fotos\u00f8ndag &#8211; Fransk biltreff","gt_translate_keys":[{"key":"rendered","format":"text"}]},"content":{"rendered":"<div class=\"copy_teb\">\n<blockquote><p>Jeg har v\u00e6rt p\u00e5 et fransk <a href=\"http:\/\/rva66.unblog.fr\/\" target=\"_blank\" rel=\"noopener\"><strong>biltreff<\/strong><\/a> i Perpignan og tatt bilder som etter hvert skal legges inn i respektive artikler under <a href=\"https:\/\/terjebjornstad.com\/no\/bildekatalogen\/\"><strong>bilkatalogen<\/strong><\/a> for \u00e5 illustrere ulike modeller, varianter, utstyrsgrader og farger. Her er en smakebit fra galleriet sist s\u00f8ndag.<\/p><\/blockquote>\n<p>&nbsp;<\/p>\n<h3 class=\"tebh2bigger\">Sjeldne italienere<\/h3>\n<figure id=\"attachment_48399\" aria-describedby=\"caption-attachment-48399\" style=\"width: 1080px\" class=\"wp-caption aligncenter\"><a href=\"https:\/\/i0.wp.com\/terjebjornstad.com\/no\/wp-content\/uploads\/2022\/05\/vespa-1080x1080-1.png?ssl=1\"><img data-recalc-dims=\"1\" loading=\"lazy\" decoding=\"async\" data-attachment-id=\"48399\" data-permalink=\"https:\/\/terjebjornstad.com\/no\/2023\/04\/18\/fotosondag-kobenhavn\/vespa-1080x1080\/\" data-orig-file=\"https:\/\/i0.wp.com\/terjebjornstad.com\/no\/wp-content\/uploads\/2022\/05\/vespa-1080x1080-1.png?fit=1080%2C1080&amp;ssl=1\" data-orig-size=\"1080,1080\" data-comments-opened=\"1\" data-image-meta=\"{&quot;aperture&quot;:&quot;0&quot;,&quot;credit&quot;:&quot;&quot;,&quot;camera&quot;:&quot;&quot;,&quot;caption&quot;:&quot;&quot;,&quot;created_timestamp&quot;:&quot;0&quot;,&quot;copyright&quot;:&quot;&quot;,&quot;focal_length&quot;:&quot;0&quot;,&quot;iso&quot;:&quot;0&quot;,&quot;shutter_speed&quot;:&quot;0&quot;,&quot;title&quot;:&quot;&quot;,&quot;orientation&quot;:&quot;0&quot;}\" data-image-title=\"vespa-1080&amp;#215;1080\" data-image-description=\"\" data-image-caption=\"&lt;p&gt;Vespa 400 fra et fransk biltreff&lt;\/p&gt;\n\" data-large-file=\"https:\/\/i0.wp.com\/terjebjornstad.com\/no\/wp-content\/uploads\/2022\/05\/vespa-1080x1080-1.png?fit=980%2C980&amp;ssl=1\" src=\"https:\/\/i0.wp.com\/terjebjornstad.com\/no\/wp-content\/uploads\/2022\/05\/vespa-1080x1080-1.png?resize=980%2C980&#038;ssl=1\" alt=\"fotos\u00f8ndag\" width=\"980\" height=\"980\" class=\"size-full wp-image-48399\" srcset=\"https:\/\/i0.wp.com\/terjebjornstad.com\/no\/wp-content\/uploads\/2022\/05\/vespa-1080x1080-1.png?w=1080&amp;ssl=1 1080w, https:\/\/i0.wp.com\/terjebjornstad.com\/no\/wp-content\/uploads\/2022\/05\/vespa-1080x1080-1.png?resize=300%2C300&amp;ssl=1 300w, https:\/\/i0.wp.com\/terjebjornstad.com\/no\/wp-content\/uploads\/2022\/05\/vespa-1080x1080-1.png?resize=150%2C150&amp;ssl=1 150w, https:\/\/i0.wp.com\/terjebjornstad.com\/no\/wp-content\/uploads\/2022\/05\/vespa-1080x1080-1.png?resize=768%2C768&amp;ssl=1 768w, https:\/\/i0.wp.com\/terjebjornstad.com\/no\/wp-content\/uploads\/2022\/05\/vespa-1080x1080-1.png?resize=690%2C690&amp;ssl=1 690w, https:\/\/i0.wp.com\/terjebjornstad.com\/no\/wp-content\/uploads\/2022\/05\/vespa-1080x1080-1.png?resize=980%2C980&amp;ssl=1 980w, https:\/\/i0.wp.com\/terjebjornstad.com\/no\/wp-content\/uploads\/2022\/05\/vespa-1080x1080-1.png?resize=50%2C50&amp;ssl=1 50w\" sizes=\"auto, (max-width: 980px) 100vw, 980px\" \/><\/a><figcaption id=\"caption-attachment-48399\" class=\"wp-caption-text\">Vespa 400 fra et fransk biltreff<\/figcaption><\/figure>\n<p><figure id=\"attachment_48387\" aria-describedby=\"caption-attachment-48387\" style=\"width: 1080px\" class=\"wp-caption aligncenter\"><a href=\"https:\/\/i0.wp.com\/terjebjornstad.com\/no\/wp-content\/uploads\/2022\/05\/lamborghini-aventador-1636-1080x720-1.png?ssl=1\"><img data-recalc-dims=\"1\" loading=\"lazy\" decoding=\"async\" data-attachment-id=\"48387\" data-permalink=\"https:\/\/terjebjornstad.com\/no\/lamborghini-aventador\/lamborghini-aventador-1636-1080x720\/\" data-orig-file=\"https:\/\/i0.wp.com\/terjebjornstad.com\/no\/wp-content\/uploads\/2022\/05\/lamborghini-aventador-1636-1080x720-1.png?fit=1080%2C720&amp;ssl=1\" data-orig-size=\"1080,720\" data-comments-opened=\"1\" data-image-meta=\"{&quot;aperture&quot;:&quot;0&quot;,&quot;credit&quot;:&quot;&quot;,&quot;camera&quot;:&quot;&quot;,&quot;caption&quot;:&quot;&quot;,&quot;created_timestamp&quot;:&quot;0&quot;,&quot;copyright&quot;:&quot;&quot;,&quot;focal_length&quot;:&quot;0&quot;,&quot;iso&quot;:&quot;0&quot;,&quot;shutter_speed&quot;:&quot;0&quot;,&quot;title&quot;:&quot;&quot;,&quot;orientation&quot;:&quot;0&quot;}\" data-image-title=\"lamborghini-aventador-1636-1080&amp;#215;720\" data-image-description=\"\" data-image-caption=\"&lt;p&gt;Lamborghini Aventador&lt;\/p&gt;\n\" data-large-file=\"https:\/\/i0.wp.com\/terjebjornstad.com\/no\/wp-content\/uploads\/2022\/05\/lamborghini-aventador-1636-1080x720-1.png?fit=980%2C653&amp;ssl=1\" src=\"https:\/\/i0.wp.com\/terjebjornstad.com\/no\/wp-content\/uploads\/2022\/05\/lamborghini-aventador-1636-1080x720-1.png?resize=980%2C653&#038;ssl=1\" alt=\"fotos\u00f8ndag\" width=\"980\" height=\"653\" class=\"size-full wp-image-48387\" srcset=\"https:\/\/i0.wp.com\/terjebjornstad.com\/no\/wp-content\/uploads\/2022\/05\/lamborghini-aventador-1636-1080x720-1.png?w=1080&amp;ssl=1 1080w, https:\/\/i0.wp.com\/terjebjornstad.com\/no\/wp-content\/uploads\/2022\/05\/lamborghini-aventador-1636-1080x720-1.png?resize=300%2C200&amp;ssl=1 300w, https:\/\/i0.wp.com\/terjebjornstad.com\/no\/wp-content\/uploads\/2022\/05\/lamborghini-aventador-1636-1080x720-1.png?resize=768%2C512&amp;ssl=1 768w, https:\/\/i0.wp.com\/terjebjornstad.com\/no\/wp-content\/uploads\/2022\/05\/lamborghini-aventador-1636-1080x720-1.png?resize=690%2C460&amp;ssl=1 690w, https:\/\/i0.wp.com\/terjebjornstad.com\/no\/wp-content\/uploads\/2022\/05\/lamborghini-aventador-1636-1080x720-1.png?resize=980%2C653&amp;ssl=1 980w\" sizes=\"auto, (max-width: 980px) 100vw, 980px\" \/><\/a><figcaption id=\"caption-attachment-48387\" class=\"wp-caption-text\">Lamborghini Aventador<\/figcaption><\/figure><\/p>\n<p><figure id=\"attachment_48415\" aria-describedby=\"caption-attachment-48415\" style=\"width: 1080px\" class=\"wp-caption aligncenter\"><a href=\"https:\/\/i0.wp.com\/terjebjornstad.com\/no\/wp-content\/uploads\/2022\/05\/ferrari-308-gt4-1080x720-1-1.png?ssl=1\"><img data-recalc-dims=\"1\" loading=\"lazy\" decoding=\"async\" data-attachment-id=\"48415\" data-permalink=\"https:\/\/terjebjornstad.com\/no\/2022\/05\/04\/fotosondag-fransk-biltreff\/ferrari-308-gt4-1080x720-1\/\" data-orig-file=\"https:\/\/i0.wp.com\/terjebjornstad.com\/no\/wp-content\/uploads\/2022\/05\/ferrari-308-gt4-1080x720-1-1.png?fit=1080%2C720&amp;ssl=1\" data-orig-size=\"1080,720\" data-comments-opened=\"1\" data-image-meta=\"{&quot;aperture&quot;:&quot;0&quot;,&quot;credit&quot;:&quot;&quot;,&quot;camera&quot;:&quot;&quot;,&quot;caption&quot;:&quot;&quot;,&quot;created_timestamp&quot;:&quot;0&quot;,&quot;copyright&quot;:&quot;&quot;,&quot;focal_length&quot;:&quot;0&quot;,&quot;iso&quot;:&quot;0&quot;,&quot;shutter_speed&quot;:&quot;0&quot;,&quot;title&quot;:&quot;&quot;,&quot;orientation&quot;:&quot;0&quot;}\" data-image-title=\"ferrari-308-gt4-1080&amp;#215;720-1\" data-image-description=\"\" data-image-caption=\"&lt;p&gt;Dino 308 GT4&lt;\/p&gt;\n\" data-large-file=\"https:\/\/i0.wp.com\/terjebjornstad.com\/no\/wp-content\/uploads\/2022\/05\/ferrari-308-gt4-1080x720-1-1.png?fit=980%2C653&amp;ssl=1\" src=\"https:\/\/i0.wp.com\/terjebjornstad.com\/no\/wp-content\/uploads\/2022\/05\/ferrari-308-gt4-1080x720-1-1.png?resize=980%2C653&#038;ssl=1\" alt=\"fotos\u00f8ndag\" width=\"980\" height=\"653\" class=\"size-full wp-image-48415\" srcset=\"https:\/\/i0.wp.com\/terjebjornstad.com\/no\/wp-content\/uploads\/2022\/05\/ferrari-308-gt4-1080x720-1-1.png?w=1080&amp;ssl=1 1080w, https:\/\/i0.wp.com\/terjebjornstad.com\/no\/wp-content\/uploads\/2022\/05\/ferrari-308-gt4-1080x720-1-1.png?resize=300%2C200&amp;ssl=1 300w, https:\/\/i0.wp.com\/terjebjornstad.com\/no\/wp-content\/uploads\/2022\/05\/ferrari-308-gt4-1080x720-1-1.png?resize=768%2C512&amp;ssl=1 768w, https:\/\/i0.wp.com\/terjebjornstad.com\/no\/wp-content\/uploads\/2022\/05\/ferrari-308-gt4-1080x720-1-1.png?resize=690%2C460&amp;ssl=1 690w, https:\/\/i0.wp.com\/terjebjornstad.com\/no\/wp-content\/uploads\/2022\/05\/ferrari-308-gt4-1080x720-1-1.png?resize=980%2C653&amp;ssl=1 980w\" sizes=\"auto, (max-width: 980px) 100vw, 980px\" \/><\/a><figcaption id=\"caption-attachment-48415\" class=\"wp-caption-text\">Dino 308 GT4<\/figcaption><\/figure><\/p>\n<p><strong>Vespa (Piaggio) 400<\/strong> er et kj\u00f8ret\u00f8y som det neppe finnes mange av i Norge. Den ble produsert omtrent samtidig med Isetta. Den har en 2-sylindret luftavkj\u00f8lt hekkmontert scootermotor som if\u00f8lge spesifikasjonene skal yte 14 hester og n\u00e5 en toppfart p\u00e5 80-90 km\/t. Denne bilen er  ofte innom de lokale biltreffene, og det er i grunnen det eneste eksemplaret jeg noen sinne har sett. <strong>Lamborghini Aventador<\/strong> ligger i den andre enden av ytelsesspekteret. Den har V12-motor og kan gj\u00f8re 0-100 p\u00e5 2.9 sekunder. B\u00e5de Aventador og neste bil, <strong>Dino 308 GT4<\/strong>, er sjeldne. Dino er som alle vet, Ferrari. Men da Ferrari utviklet en modell med 6 og etter hvert 8 sylindre, ble Dino valgt som merkenavn da man fryktet at det kunne trekke Ferrari-merket ned. Ferrari var jo kjent for kun \u00e5 lage biler med V12-motorer. Da Dino 308 GT4 fikk nytt karosseri i 1977, fikk den navnet Ferrari 308 &#8211; offisielt den f\u00f8rste Ferrari med 8 sylindre.<\/p>\n<p><a href=\"https:\/\/terjebjornstad.com\/no\/lamborghini-aventador\/\" target=\"_blank\" rel=\"noopener\"><strong>Lamborhini Aventador<\/strong><\/a><br \/>\n<a href=\"https:\/\/terjebjornstad.com\/no\/1975-1985-ferrari-308\/\" target=\"_blank\" rel=\"noopener\"><strong>Dino 308 GT4<\/strong><\/a><\/p>\n<h3 class=\"tebh2bigger\">Ford og Jaguar<\/h3>\n<figure id=\"attachment_48384\" aria-describedby=\"caption-attachment-48384\" style=\"width: 1080px\" class=\"wp-caption aligncenter\"><a href=\"https:\/\/i0.wp.com\/terjebjornstad.com\/no\/wp-content\/uploads\/2022\/05\/ford-sierra-rs-0115-1080x720-1.png?ssl=1\"><img data-recalc-dims=\"1\" loading=\"lazy\" decoding=\"async\" data-attachment-id=\"48384\" data-permalink=\"https:\/\/terjebjornstad.com\/no\/ford-sierra\/ford-sierra-rs-0115-1080x720\/\" data-orig-file=\"https:\/\/i0.wp.com\/terjebjornstad.com\/no\/wp-content\/uploads\/2022\/05\/ford-sierra-rs-0115-1080x720-1.png?fit=1080%2C720&amp;ssl=1\" data-orig-size=\"1080,720\" data-comments-opened=\"1\" data-image-meta=\"{&quot;aperture&quot;:&quot;0&quot;,&quot;credit&quot;:&quot;&quot;,&quot;camera&quot;:&quot;&quot;,&quot;caption&quot;:&quot;&quot;,&quot;created_timestamp&quot;:&quot;0&quot;,&quot;copyright&quot;:&quot;&quot;,&quot;focal_length&quot;:&quot;0&quot;,&quot;iso&quot;:&quot;0&quot;,&quot;shutter_speed&quot;:&quot;0&quot;,&quot;title&quot;:&quot;&quot;,&quot;orientation&quot;:&quot;0&quot;}\" data-image-title=\"ford-sierra-rs-0115-1080&amp;#215;720\" data-image-description=\"\" data-image-caption=\"&lt;p&gt;Ford Sierra RS Cosworth&lt;\/p&gt;\n\" data-large-file=\"https:\/\/i0.wp.com\/terjebjornstad.com\/no\/wp-content\/uploads\/2022\/05\/ford-sierra-rs-0115-1080x720-1.png?fit=980%2C653&amp;ssl=1\" src=\"https:\/\/i0.wp.com\/terjebjornstad.com\/no\/wp-content\/uploads\/2022\/05\/ford-sierra-rs-0115-1080x720-1.png?resize=980%2C653&#038;ssl=1\" alt=\"\" width=\"980\" height=\"653\" class=\"size-full wp-image-48384\" srcset=\"https:\/\/i0.wp.com\/terjebjornstad.com\/no\/wp-content\/uploads\/2022\/05\/ford-sierra-rs-0115-1080x720-1.png?w=1080&amp;ssl=1 1080w, https:\/\/i0.wp.com\/terjebjornstad.com\/no\/wp-content\/uploads\/2022\/05\/ford-sierra-rs-0115-1080x720-1.png?resize=300%2C200&amp;ssl=1 300w, https:\/\/i0.wp.com\/terjebjornstad.com\/no\/wp-content\/uploads\/2022\/05\/ford-sierra-rs-0115-1080x720-1.png?resize=768%2C512&amp;ssl=1 768w, https:\/\/i0.wp.com\/terjebjornstad.com\/no\/wp-content\/uploads\/2022\/05\/ford-sierra-rs-0115-1080x720-1.png?resize=690%2C460&amp;ssl=1 690w, https:\/\/i0.wp.com\/terjebjornstad.com\/no\/wp-content\/uploads\/2022\/05\/ford-sierra-rs-0115-1080x720-1.png?resize=980%2C653&amp;ssl=1 980w\" sizes=\"auto, (max-width: 980px) 100vw, 980px\" \/><\/a><figcaption id=\"caption-attachment-48384\" class=\"wp-caption-text\">Ford Sierra RS Cosworth<\/figcaption><\/figure>\n<p><figure id=\"attachment_48385\" aria-describedby=\"caption-attachment-48385\" style=\"width: 1080px\" class=\"wp-caption aligncenter\"><a href=\"https:\/\/i0.wp.com\/terjebjornstad.com\/no\/wp-content\/uploads\/2022\/05\/ford-taunus-1300-xl-1080x720-1.png?ssl=1\"><img data-recalc-dims=\"1\" loading=\"lazy\" decoding=\"async\" data-attachment-id=\"48385\" data-permalink=\"https:\/\/terjebjornstad.com\/no\/ford-taunus-tc\/ford-taunus-1300-xl-1080x720\/\" data-orig-file=\"https:\/\/i0.wp.com\/terjebjornstad.com\/no\/wp-content\/uploads\/2022\/05\/ford-taunus-1300-xl-1080x720-1.png?fit=1080%2C720&amp;ssl=1\" data-orig-size=\"1080,720\" data-comments-opened=\"1\" data-image-meta=\"{&quot;aperture&quot;:&quot;0&quot;,&quot;credit&quot;:&quot;&quot;,&quot;camera&quot;:&quot;&quot;,&quot;caption&quot;:&quot;&quot;,&quot;created_timestamp&quot;:&quot;0&quot;,&quot;copyright&quot;:&quot;&quot;,&quot;focal_length&quot;:&quot;0&quot;,&quot;iso&quot;:&quot;0&quot;,&quot;shutter_speed&quot;:&quot;0&quot;,&quot;title&quot;:&quot;&quot;,&quot;orientation&quot;:&quot;0&quot;}\" data-image-title=\"ford-taunus-1300-xl-1080&amp;#215;720\" data-image-description=\"\" data-image-caption=\"&lt;p&gt;Ford Taunus &amp;laquo;TC&amp;raquo;&lt;\/p&gt;\n\" data-large-file=\"https:\/\/i0.wp.com\/terjebjornstad.com\/no\/wp-content\/uploads\/2022\/05\/ford-taunus-1300-xl-1080x720-1.png?fit=980%2C653&amp;ssl=1\" src=\"https:\/\/i0.wp.com\/terjebjornstad.com\/no\/wp-content\/uploads\/2022\/05\/ford-taunus-1300-xl-1080x720-1.png?resize=980%2C653&#038;ssl=1\" alt=\"\" width=\"980\" height=\"653\" class=\"size-full wp-image-48385\" srcset=\"https:\/\/i0.wp.com\/terjebjornstad.com\/no\/wp-content\/uploads\/2022\/05\/ford-taunus-1300-xl-1080x720-1.png?w=1080&amp;ssl=1 1080w, https:\/\/i0.wp.com\/terjebjornstad.com\/no\/wp-content\/uploads\/2022\/05\/ford-taunus-1300-xl-1080x720-1.png?resize=300%2C200&amp;ssl=1 300w, https:\/\/i0.wp.com\/terjebjornstad.com\/no\/wp-content\/uploads\/2022\/05\/ford-taunus-1300-xl-1080x720-1.png?resize=768%2C512&amp;ssl=1 768w, https:\/\/i0.wp.com\/terjebjornstad.com\/no\/wp-content\/uploads\/2022\/05\/ford-taunus-1300-xl-1080x720-1.png?resize=690%2C460&amp;ssl=1 690w, https:\/\/i0.wp.com\/terjebjornstad.com\/no\/wp-content\/uploads\/2022\/05\/ford-taunus-1300-xl-1080x720-1.png?resize=980%2C653&amp;ssl=1 980w\" sizes=\"auto, (max-width: 980px) 100vw, 980px\" \/><\/a><figcaption id=\"caption-attachment-48385\" class=\"wp-caption-text\">Ford Taunus &laquo;TC&raquo;<\/figcaption><\/figure><\/p>\n<p><figure id=\"attachment_48386\" aria-describedby=\"caption-attachment-48386\" style=\"width: 1080px\" class=\"wp-caption aligncenter\"><a href=\"https:\/\/i0.wp.com\/terjebjornstad.com\/no\/wp-content\/uploads\/2022\/05\/jaguar-xk8-cabriolet-1080x720-1.png?ssl=1\"><img data-recalc-dims=\"1\" loading=\"lazy\" decoding=\"async\" data-attachment-id=\"48386\" data-permalink=\"https:\/\/terjebjornstad.com\/no\/2022\/03\/13\/jaguar-xk8-xkr-x100-x150\/jaguar-xk8-cabriolet-1080x720\/\" data-orig-file=\"https:\/\/i0.wp.com\/terjebjornstad.com\/no\/wp-content\/uploads\/2022\/05\/jaguar-xk8-cabriolet-1080x720-1.png?fit=1080%2C720&amp;ssl=1\" data-orig-size=\"1080,720\" data-comments-opened=\"1\" data-image-meta=\"{&quot;aperture&quot;:&quot;0&quot;,&quot;credit&quot;:&quot;&quot;,&quot;camera&quot;:&quot;&quot;,&quot;caption&quot;:&quot;&quot;,&quot;created_timestamp&quot;:&quot;0&quot;,&quot;copyright&quot;:&quot;&quot;,&quot;focal_length&quot;:&quot;0&quot;,&quot;iso&quot;:&quot;0&quot;,&quot;shutter_speed&quot;:&quot;0&quot;,&quot;title&quot;:&quot;&quot;,&quot;orientation&quot;:&quot;0&quot;}\" data-image-title=\"jaguar-xk8-cabriolet-1080&amp;#215;720\" data-image-description=\"\" data-image-caption=\"&lt;p&gt;Jaguar XK8 Cabriolet&lt;\/p&gt;\n\" data-large-file=\"https:\/\/i0.wp.com\/terjebjornstad.com\/no\/wp-content\/uploads\/2022\/05\/jaguar-xk8-cabriolet-1080x720-1.png?fit=980%2C653&amp;ssl=1\" src=\"https:\/\/i0.wp.com\/terjebjornstad.com\/no\/wp-content\/uploads\/2022\/05\/jaguar-xk8-cabriolet-1080x720-1.png?resize=980%2C653&#038;ssl=1\" alt=\"\" width=\"980\" height=\"653\" class=\"size-full wp-image-48386\" srcset=\"https:\/\/i0.wp.com\/terjebjornstad.com\/no\/wp-content\/uploads\/2022\/05\/jaguar-xk8-cabriolet-1080x720-1.png?w=1080&amp;ssl=1 1080w, https:\/\/i0.wp.com\/terjebjornstad.com\/no\/wp-content\/uploads\/2022\/05\/jaguar-xk8-cabriolet-1080x720-1.png?resize=300%2C200&amp;ssl=1 300w, https:\/\/i0.wp.com\/terjebjornstad.com\/no\/wp-content\/uploads\/2022\/05\/jaguar-xk8-cabriolet-1080x720-1.png?resize=768%2C512&amp;ssl=1 768w, https:\/\/i0.wp.com\/terjebjornstad.com\/no\/wp-content\/uploads\/2022\/05\/jaguar-xk8-cabriolet-1080x720-1.png?resize=690%2C460&amp;ssl=1 690w, https:\/\/i0.wp.com\/terjebjornstad.com\/no\/wp-content\/uploads\/2022\/05\/jaguar-xk8-cabriolet-1080x720-1.png?resize=980%2C653&amp;ssl=1 980w\" sizes=\"auto, (max-width: 980px) 100vw, 980px\" \/><\/a><figcaption id=\"caption-attachment-48386\" class=\"wp-caption-text\">Jaguar XK8 Cabriolet<\/figcaption><\/figure><\/p>\n<p><strong>Ford Sierra<\/strong> st\u00e5r for mange som en av de siste ordentlige Ford&#8217;er &#8211; med bakhjulstrekk. Toppmodellen RS Cosworth var &#8211; og er &#8211; dr\u00f8mmebilen for mange. Det bidro ogs\u00e5 til \u00e5 gj\u00f8re Sierra attraktiv som familiebil, bruktbil og r\u00e5nebil. Forgjengeren <strong>Ford Taunus &laquo;Knudsen&raquo;<\/strong> er g\u00e5tt i glemmeboken for de fleste. En av \u00e5rsakene er at det nesten ikke finnes noen igjen. I Syd-Frankrike er ikke bilene like utsatt for rust som hjemme. I likhet med Sierra, var Taunus popul\u00e6re i mange \u00e5r &#8211; ogs\u00e5 som ungdomsbiler. De fleste var 2- eller 4 d\u00f8rer. Den gjeveste av dem alle var denne coupe-modellen. Jeg har ogs\u00e5 tatt bilde av en <strong>Jaguar XK8<\/strong>, en modell som etterfulgte XJ12. XK8 var f\u00f8rste serieproduserte Jaguar med V8-motor, utviklet som en ekte Jaguar men satt i produksjon like etter at Ford tok over.<\/p>\n<p><a href=\"https:\/\/terjebjornstad.com\/no\/ford-sierra\/\" target=\"_blank\" rel=\"noopener\"><strong>Ford Sierra<\/strong><\/a><br \/>\n<a href=\"https:\/\/terjebjornstad.com\/no\/2022\/03\/13\/jaguar-xk8-xkr-x100-x150\/\" target=\"_blank\" rel=\"noopener\"><strong>Jaguar XK8<\/strong><\/a><\/p>\n<h3 class=\"tebh2bigger\">Spesielle franske<\/h3>\n<figure id=\"attachment_48393\" aria-describedby=\"caption-attachment-48393\" style=\"width: 1080px\" class=\"wp-caption aligncenter\"><a href=\"https:\/\/i0.wp.com\/terjebjornstad.com\/no\/wp-content\/uploads\/2022\/05\/renault-4cv-2211-1080x720-1.png?ssl=1\"><img data-recalc-dims=\"1\" loading=\"lazy\" decoding=\"async\" data-attachment-id=\"48393\" data-permalink=\"https:\/\/terjebjornstad.com\/no\/alfa-romeo\/renault-4cv\/renault-4cv-2211-1080x720\/\" data-orig-file=\"https:\/\/i0.wp.com\/terjebjornstad.com\/no\/wp-content\/uploads\/2022\/05\/renault-4cv-2211-1080x720-1.png?fit=1080%2C720&amp;ssl=1\" data-orig-size=\"1080,720\" data-comments-opened=\"1\" data-image-meta=\"{&quot;aperture&quot;:&quot;0&quot;,&quot;credit&quot;:&quot;&quot;,&quot;camera&quot;:&quot;&quot;,&quot;caption&quot;:&quot;&quot;,&quot;created_timestamp&quot;:&quot;0&quot;,&quot;copyright&quot;:&quot;&quot;,&quot;focal_length&quot;:&quot;0&quot;,&quot;iso&quot;:&quot;0&quot;,&quot;shutter_speed&quot;:&quot;0&quot;,&quot;title&quot;:&quot;&quot;,&quot;orientation&quot;:&quot;0&quot;}\" data-image-title=\"renault-4cv-2211-1080&amp;#215;720\" data-image-description=\"\" data-image-caption=\"&lt;p&gt;Renault 4CV i selskap med andre franskmenn fra samme epoke&lt;\/p&gt;\n\" data-large-file=\"https:\/\/i0.wp.com\/terjebjornstad.com\/no\/wp-content\/uploads\/2022\/05\/renault-4cv-2211-1080x720-1.png?fit=980%2C653&amp;ssl=1\" src=\"https:\/\/i0.wp.com\/terjebjornstad.com\/no\/wp-content\/uploads\/2022\/05\/renault-4cv-2211-1080x720-1.png?resize=980%2C653&#038;ssl=1\" alt=\"\" width=\"980\" height=\"653\" class=\"size-full wp-image-48393\" srcset=\"https:\/\/i0.wp.com\/terjebjornstad.com\/no\/wp-content\/uploads\/2022\/05\/renault-4cv-2211-1080x720-1.png?w=1080&amp;ssl=1 1080w, https:\/\/i0.wp.com\/terjebjornstad.com\/no\/wp-content\/uploads\/2022\/05\/renault-4cv-2211-1080x720-1.png?resize=300%2C200&amp;ssl=1 300w, https:\/\/i0.wp.com\/terjebjornstad.com\/no\/wp-content\/uploads\/2022\/05\/renault-4cv-2211-1080x720-1.png?resize=768%2C512&amp;ssl=1 768w, https:\/\/i0.wp.com\/terjebjornstad.com\/no\/wp-content\/uploads\/2022\/05\/renault-4cv-2211-1080x720-1.png?resize=690%2C460&amp;ssl=1 690w, https:\/\/i0.wp.com\/terjebjornstad.com\/no\/wp-content\/uploads\/2022\/05\/renault-4cv-2211-1080x720-1.png?resize=980%2C653&amp;ssl=1 980w\" sizes=\"auto, (max-width: 980px) 100vw, 980px\" \/><\/a><figcaption id=\"caption-attachment-48393\" class=\"wp-caption-text\">Renault 4CV i selskap med andre franskmenn fra samme epoke<\/figcaption><\/figure>\n<p><figure id=\"attachment_48395\" aria-describedby=\"caption-attachment-48395\" style=\"width: 1080px\" class=\"wp-caption aligncenter\"><a href=\"https:\/\/i0.wp.com\/terjebjornstad.com\/no\/wp-content\/uploads\/2022\/05\/renault-dauphine-gordini-1080x720-1.png?ssl=1\"><img data-recalc-dims=\"1\" loading=\"lazy\" decoding=\"async\" data-attachment-id=\"48395\" data-permalink=\"https:\/\/terjebjornstad.com\/no\/renault-dauphine\/renault-dauphine-gordini-1080x720\/\" data-orig-file=\"https:\/\/i0.wp.com\/terjebjornstad.com\/no\/wp-content\/uploads\/2022\/05\/renault-dauphine-gordini-1080x720-1.png?fit=1080%2C720&amp;ssl=1\" data-orig-size=\"1080,720\" data-comments-opened=\"1\" data-image-meta=\"{&quot;aperture&quot;:&quot;0&quot;,&quot;credit&quot;:&quot;&quot;,&quot;camera&quot;:&quot;&quot;,&quot;caption&quot;:&quot;&quot;,&quot;created_timestamp&quot;:&quot;0&quot;,&quot;copyright&quot;:&quot;&quot;,&quot;focal_length&quot;:&quot;0&quot;,&quot;iso&quot;:&quot;0&quot;,&quot;shutter_speed&quot;:&quot;0&quot;,&quot;title&quot;:&quot;&quot;,&quot;orientation&quot;:&quot;0&quot;}\" data-image-title=\"renault-dauphine-gordini-1080&amp;#215;720\" data-image-description=\"\" data-image-caption=\"&lt;p&gt;Renault Dauphine Gordini&lt;\/p&gt;\n\" data-large-file=\"https:\/\/i0.wp.com\/terjebjornstad.com\/no\/wp-content\/uploads\/2022\/05\/renault-dauphine-gordini-1080x720-1.png?fit=980%2C653&amp;ssl=1\" src=\"https:\/\/i0.wp.com\/terjebjornstad.com\/no\/wp-content\/uploads\/2022\/05\/renault-dauphine-gordini-1080x720-1.png?resize=980%2C653&#038;ssl=1\" alt=\"fotos\u00f8ndag\" width=\"980\" height=\"653\" class=\"size-full wp-image-48395\" srcset=\"https:\/\/i0.wp.com\/terjebjornstad.com\/no\/wp-content\/uploads\/2022\/05\/renault-dauphine-gordini-1080x720-1.png?w=1080&amp;ssl=1 1080w, https:\/\/i0.wp.com\/terjebjornstad.com\/no\/wp-content\/uploads\/2022\/05\/renault-dauphine-gordini-1080x720-1.png?resize=300%2C200&amp;ssl=1 300w, https:\/\/i0.wp.com\/terjebjornstad.com\/no\/wp-content\/uploads\/2022\/05\/renault-dauphine-gordini-1080x720-1.png?resize=768%2C512&amp;ssl=1 768w, https:\/\/i0.wp.com\/terjebjornstad.com\/no\/wp-content\/uploads\/2022\/05\/renault-dauphine-gordini-1080x720-1.png?resize=690%2C460&amp;ssl=1 690w, https:\/\/i0.wp.com\/terjebjornstad.com\/no\/wp-content\/uploads\/2022\/05\/renault-dauphine-gordini-1080x720-1.png?resize=980%2C653&amp;ssl=1 980w\" sizes=\"auto, (max-width: 980px) 100vw, 980px\" \/><\/a><figcaption id=\"caption-attachment-48395\" class=\"wp-caption-text\">Renault Dauphine Gordini<\/figcaption><\/figure><\/p>\n<p><figure id=\"attachment_48388\" aria-describedby=\"caption-attachment-48388\" style=\"width: 1080px\" class=\"wp-caption aligncenter\"><a href=\"https:\/\/i0.wp.com\/terjebjornstad.com\/no\/wp-content\/uploads\/2022\/05\/panhard-24-1080x720-1.png?ssl=1\"><img data-recalc-dims=\"1\" loading=\"lazy\" decoding=\"async\" data-attachment-id=\"48388\" data-permalink=\"https:\/\/terjebjornstad.com\/no\/bilene-fra-1964\/panhard-24-1080x720\/\" data-orig-file=\"https:\/\/i0.wp.com\/terjebjornstad.com\/no\/wp-content\/uploads\/2022\/05\/panhard-24-1080x720-1.png?fit=1080%2C720&amp;ssl=1\" data-orig-size=\"1080,720\" data-comments-opened=\"1\" data-image-meta=\"{&quot;aperture&quot;:&quot;0&quot;,&quot;credit&quot;:&quot;&quot;,&quot;camera&quot;:&quot;&quot;,&quot;caption&quot;:&quot;&quot;,&quot;created_timestamp&quot;:&quot;0&quot;,&quot;copyright&quot;:&quot;&quot;,&quot;focal_length&quot;:&quot;0&quot;,&quot;iso&quot;:&quot;0&quot;,&quot;shutter_speed&quot;:&quot;0&quot;,&quot;title&quot;:&quot;&quot;,&quot;orientation&quot;:&quot;0&quot;}\" data-image-title=\"panhard-24-1080&amp;#215;720\" data-image-description=\"\" data-image-caption=\"&lt;p&gt;Panhard 24&lt;\/p&gt;\n\" data-large-file=\"https:\/\/i0.wp.com\/terjebjornstad.com\/no\/wp-content\/uploads\/2022\/05\/panhard-24-1080x720-1.png?fit=980%2C653&amp;ssl=1\" src=\"https:\/\/i0.wp.com\/terjebjornstad.com\/no\/wp-content\/uploads\/2022\/05\/panhard-24-1080x720-1.png?resize=980%2C653&#038;ssl=1\" alt=\"fotos\u00f8ndag\" width=\"980\" height=\"653\" class=\"size-full wp-image-48388\" srcset=\"https:\/\/i0.wp.com\/terjebjornstad.com\/no\/wp-content\/uploads\/2022\/05\/panhard-24-1080x720-1.png?w=1080&amp;ssl=1 1080w, https:\/\/i0.wp.com\/terjebjornstad.com\/no\/wp-content\/uploads\/2022\/05\/panhard-24-1080x720-1.png?resize=300%2C200&amp;ssl=1 300w, https:\/\/i0.wp.com\/terjebjornstad.com\/no\/wp-content\/uploads\/2022\/05\/panhard-24-1080x720-1.png?resize=768%2C512&amp;ssl=1 768w, https:\/\/i0.wp.com\/terjebjornstad.com\/no\/wp-content\/uploads\/2022\/05\/panhard-24-1080x720-1.png?resize=690%2C460&amp;ssl=1 690w, https:\/\/i0.wp.com\/terjebjornstad.com\/no\/wp-content\/uploads\/2022\/05\/panhard-24-1080x720-1.png?resize=980%2C653&amp;ssl=1 980w\" sizes=\"auto, (max-width: 980px) 100vw, 980px\" \/><\/a><figcaption id=\"caption-attachment-48388\" class=\"wp-caption-text\">Panhard 24<\/figcaption><\/figure><\/p>\n<p>En r\u00f8d <strong>Renault 4CV<\/strong> er i sentrum &#8211; til h\u00f8yre for en <strong>Panhard PL17<\/strong>. Dette var vanlige biler p\u00e5 50-tallet, men ikke like vanlige i dag. En r\u00f8d Renault 4CV m\u00e5 ha v\u00e6rt en flott bil \u00e5 eie. Etterf\u00f8lgeren <strong>Renault Dauphine<\/strong> er det flere av p\u00e5 treff som dette, men sv\u00e6rt sjelden <em>Gordini<\/em> som bilen p\u00e5 bildet. Den har ogs\u00e5 det spesielle Aerostable demperl\u00f8sningen basert p\u00e5 luftfylte gummiputer. <strong>Panhard 24<\/strong> er den siste Panhard personbilen som ble laget. Den kom i to utgaver &#8211; Berlina og en kortere Coup\u00e9. Avbildet modell er en BT &#8211; Berlina med Tigre motoren.<\/p>\n<p><a href=\"https:\/\/terjebjornstad.com\/no\/alfa-romeo\/renault-4cv\/\" target=\"_blank\" rel=\"noopener\"><strong>Renault 4CV<\/strong><\/a><br \/>\n<a href=\"https:\/\/terjebjornstad.com\/no\/renault-dauphine\/\" target=\"_blank\" rel=\"noopener\"><strong>Renault Dauphine<\/strong><\/a><\/p>\n<h3 class=\"tebh2bigger\">Diverse<\/h3>\n<figure id=\"attachment_48400\" aria-describedby=\"caption-attachment-48400\" style=\"width: 1080px\" class=\"wp-caption aligncenter\"><a href=\"https:\/\/i0.wp.com\/terjebjornstad.com\/no\/wp-content\/uploads\/2022\/05\/willys-interlagos-1080x720-1.png?ssl=1\"><img data-recalc-dims=\"1\" loading=\"lazy\" decoding=\"async\" data-attachment-id=\"48400\" data-permalink=\"https:\/\/terjebjornstad.com\/no\/alpine-a108\/willys-interlagos-1080x720\/\" data-orig-file=\"https:\/\/i0.wp.com\/terjebjornstad.com\/no\/wp-content\/uploads\/2022\/05\/willys-interlagos-1080x720-1.png?fit=1080%2C720&amp;ssl=1\" data-orig-size=\"1080,720\" data-comments-opened=\"1\" data-image-meta=\"{&quot;aperture&quot;:&quot;0&quot;,&quot;credit&quot;:&quot;&quot;,&quot;camera&quot;:&quot;&quot;,&quot;caption&quot;:&quot;&quot;,&quot;created_timestamp&quot;:&quot;0&quot;,&quot;copyright&quot;:&quot;&quot;,&quot;focal_length&quot;:&quot;0&quot;,&quot;iso&quot;:&quot;0&quot;,&quot;shutter_speed&quot;:&quot;0&quot;,&quot;title&quot;:&quot;&quot;,&quot;orientation&quot;:&quot;0&quot;}\" data-image-title=\"willys-interlagos-1080&amp;#215;720\" data-image-description=\"\" data-image-caption=\"&lt;p&gt;Willys Interlagos (Alpine A108).&lt;\/p&gt;\n\" data-large-file=\"https:\/\/i0.wp.com\/terjebjornstad.com\/no\/wp-content\/uploads\/2022\/05\/willys-interlagos-1080x720-1.png?fit=980%2C653&amp;ssl=1\" src=\"https:\/\/i0.wp.com\/terjebjornstad.com\/no\/wp-content\/uploads\/2022\/05\/willys-interlagos-1080x720-1.png?resize=980%2C653&#038;ssl=1\" alt=\"fotos\u00f8ndag\" width=\"980\" height=\"653\" class=\"size-full wp-image-48400\" srcset=\"https:\/\/i0.wp.com\/terjebjornstad.com\/no\/wp-content\/uploads\/2022\/05\/willys-interlagos-1080x720-1.png?w=1080&amp;ssl=1 1080w, https:\/\/i0.wp.com\/terjebjornstad.com\/no\/wp-content\/uploads\/2022\/05\/willys-interlagos-1080x720-1.png?resize=300%2C200&amp;ssl=1 300w, https:\/\/i0.wp.com\/terjebjornstad.com\/no\/wp-content\/uploads\/2022\/05\/willys-interlagos-1080x720-1.png?resize=768%2C512&amp;ssl=1 768w, https:\/\/i0.wp.com\/terjebjornstad.com\/no\/wp-content\/uploads\/2022\/05\/willys-interlagos-1080x720-1.png?resize=690%2C460&amp;ssl=1 690w, https:\/\/i0.wp.com\/terjebjornstad.com\/no\/wp-content\/uploads\/2022\/05\/willys-interlagos-1080x720-1.png?resize=980%2C653&amp;ssl=1 980w\" sizes=\"auto, (max-width: 980px) 100vw, 980px\" \/><\/a><figcaption id=\"caption-attachment-48400\" class=\"wp-caption-text\">Willys Interlagos (Alpine A108).<\/figcaption><\/figure>\n<p><figure id=\"attachment_48381\" aria-describedby=\"caption-attachment-48381\" style=\"width: 1080px\" class=\"wp-caption aligncenter\"><a href=\"https:\/\/i0.wp.com\/terjebjornstad.com\/no\/wp-content\/uploads\/2022\/05\/alfa-33-1080x720-1.png?ssl=1\"><img data-recalc-dims=\"1\" loading=\"lazy\" decoding=\"async\" data-attachment-id=\"48381\" data-permalink=\"https:\/\/terjebjornstad.com\/no\/?attachment_id=48381\" data-orig-file=\"https:\/\/i0.wp.com\/terjebjornstad.com\/no\/wp-content\/uploads\/2022\/05\/alfa-33-1080x720-1.png?fit=1080%2C720&amp;ssl=1\" data-orig-size=\"1080,720\" data-comments-opened=\"1\" data-image-meta=\"{&quot;aperture&quot;:&quot;0&quot;,&quot;credit&quot;:&quot;&quot;,&quot;camera&quot;:&quot;&quot;,&quot;caption&quot;:&quot;&quot;,&quot;created_timestamp&quot;:&quot;0&quot;,&quot;copyright&quot;:&quot;&quot;,&quot;focal_length&quot;:&quot;0&quot;,&quot;iso&quot;:&quot;0&quot;,&quot;shutter_speed&quot;:&quot;0&quot;,&quot;title&quot;:&quot;&quot;,&quot;orientation&quot;:&quot;0&quot;}\" data-image-title=\"alfa-33-1080&amp;#215;720\" data-image-description=\"\" data-image-caption=\"&lt;p&gt;Alfa Romeo Alfasud TI&lt;\/p&gt;\n\" data-large-file=\"https:\/\/i0.wp.com\/terjebjornstad.com\/no\/wp-content\/uploads\/2022\/05\/alfa-33-1080x720-1.png?fit=980%2C653&amp;ssl=1\" src=\"https:\/\/i0.wp.com\/terjebjornstad.com\/no\/wp-content\/uploads\/2022\/05\/alfa-33-1080x720-1.png?resize=980%2C653&#038;ssl=1\" alt=\"\" width=\"980\" height=\"653\" class=\"size-full wp-image-48381\" srcset=\"https:\/\/i0.wp.com\/terjebjornstad.com\/no\/wp-content\/uploads\/2022\/05\/alfa-33-1080x720-1.png?w=1080&amp;ssl=1 1080w, https:\/\/i0.wp.com\/terjebjornstad.com\/no\/wp-content\/uploads\/2022\/05\/alfa-33-1080x720-1.png?resize=300%2C200&amp;ssl=1 300w, https:\/\/i0.wp.com\/terjebjornstad.com\/no\/wp-content\/uploads\/2022\/05\/alfa-33-1080x720-1.png?resize=768%2C512&amp;ssl=1 768w, https:\/\/i0.wp.com\/terjebjornstad.com\/no\/wp-content\/uploads\/2022\/05\/alfa-33-1080x720-1.png?resize=690%2C460&amp;ssl=1 690w, https:\/\/i0.wp.com\/terjebjornstad.com\/no\/wp-content\/uploads\/2022\/05\/alfa-33-1080x720-1.png?resize=980%2C653&amp;ssl=1 980w\" sizes=\"auto, (max-width: 980px) 100vw, 980px\" \/><\/a><figcaption id=\"caption-attachment-48381\" class=\"wp-caption-text\">Alfa Romeo Alfasud TI<\/figcaption><\/figure><\/p>\n<p><figure id=\"attachment_48382\" aria-describedby=\"caption-attachment-48382\" style=\"width: 1080px\" class=\"wp-caption aligncenter\"><a href=\"https:\/\/i0.wp.com\/terjebjornstad.com\/no\/wp-content\/uploads\/2022\/05\/cox-1549-1080x720-1.png?ssl=1\"><img data-recalc-dims=\"1\" loading=\"lazy\" decoding=\"async\" data-attachment-id=\"48382\" data-permalink=\"https:\/\/terjebjornstad.com\/no\/2022\/05\/04\/fotosondag-fransk-biltreff\/cox-1549-1080x720\/\" data-orig-file=\"https:\/\/i0.wp.com\/terjebjornstad.com\/no\/wp-content\/uploads\/2022\/05\/cox-1549-1080x720-1.png?fit=1080%2C720&amp;ssl=1\" data-orig-size=\"1080,720\" data-comments-opened=\"1\" data-image-meta=\"{&quot;aperture&quot;:&quot;0&quot;,&quot;credit&quot;:&quot;&quot;,&quot;camera&quot;:&quot;&quot;,&quot;caption&quot;:&quot;&quot;,&quot;created_timestamp&quot;:&quot;0&quot;,&quot;copyright&quot;:&quot;&quot;,&quot;focal_length&quot;:&quot;0&quot;,&quot;iso&quot;:&quot;0&quot;,&quot;shutter_speed&quot;:&quot;0&quot;,&quot;title&quot;:&quot;&quot;,&quot;orientation&quot;:&quot;0&quot;}\" data-image-title=\"cox-1549-1080&amp;#215;720\" data-image-description=\"\" data-image-caption=\"&lt;p&gt;Volkswagen 1300&lt;\/p&gt;\n\" data-large-file=\"https:\/\/i0.wp.com\/terjebjornstad.com\/no\/wp-content\/uploads\/2022\/05\/cox-1549-1080x720-1.png?fit=980%2C653&amp;ssl=1\" src=\"https:\/\/i0.wp.com\/terjebjornstad.com\/no\/wp-content\/uploads\/2022\/05\/cox-1549-1080x720-1.png?resize=980%2C653&#038;ssl=1\" alt=\"\" width=\"980\" height=\"653\" class=\"size-full wp-image-48382\" srcset=\"https:\/\/i0.wp.com\/terjebjornstad.com\/no\/wp-content\/uploads\/2022\/05\/cox-1549-1080x720-1.png?w=1080&amp;ssl=1 1080w, https:\/\/i0.wp.com\/terjebjornstad.com\/no\/wp-content\/uploads\/2022\/05\/cox-1549-1080x720-1.png?resize=300%2C200&amp;ssl=1 300w, https:\/\/i0.wp.com\/terjebjornstad.com\/no\/wp-content\/uploads\/2022\/05\/cox-1549-1080x720-1.png?resize=768%2C512&amp;ssl=1 768w, https:\/\/i0.wp.com\/terjebjornstad.com\/no\/wp-content\/uploads\/2022\/05\/cox-1549-1080x720-1.png?resize=690%2C460&amp;ssl=1 690w, https:\/\/i0.wp.com\/terjebjornstad.com\/no\/wp-content\/uploads\/2022\/05\/cox-1549-1080x720-1.png?resize=980%2C653&amp;ssl=1 980w\" sizes=\"auto, (max-width: 980px) 100vw, 980px\" \/><\/a><figcaption id=\"caption-attachment-48382\" class=\"wp-caption-text\">Volkswagen 1300<\/figcaption><\/figure><\/p>\n<p>Jeg h\u00f8rte den isbl\u00e5 sportsbilen da den ankom. Det l\u00e5t umiskjennelig som Renault Dauphine, men en s\u00e5nn bil hadde jeg aldri sett tidligere. Og ganske riktig, det <em>sitter<\/em> en Dauphine-motor i den. Men merket? <strong>Willys Interlagos<\/strong>? Var det en Renault i forkledning? Eieren forklarte at dette egentlig er en Alpine A108 produsert &laquo;p\u00e5 overtid&raquo; i Brasil under eget navn. N\u00e5 er den tatt &laquo;tilbake&raquo; til Frankrike. A108 er en fantastisk vakker bil! Under Diverse-fanen tar jeg ogs\u00e5 med en r\u00f8d <strong>Alfa Romeo Alfasud TI<\/strong>. Jeg vet ikke s\u00e6rlig mye om bilen, men Alfasud er sjelden \u00e5 se. De var jo kjent for \u00e5 ruste sv\u00e6rt lett og sjeldne p\u00e5 v\u00e5re breddegrader. Til slutt m\u00e5tte jeg ta med en lekker <strong>Volkswagen 1300<\/strong>.<\/p>\n<h3 class=\"tebh2bigger\">Franske slitere<\/h3>\n<figure id=\"attachment_48391\" aria-describedby=\"caption-attachment-48391\" style=\"width: 1080px\" class=\"wp-caption aligncenter\"><a href=\"https:\/\/i0.wp.com\/terjebjornstad.com\/no\/wp-content\/uploads\/2022\/05\/peugeot-304-break-1080x720-1.png?ssl=1\"><img data-recalc-dims=\"1\" loading=\"lazy\" decoding=\"async\" data-attachment-id=\"48391\" data-permalink=\"https:\/\/terjebjornstad.com\/no\/1969-1980-peugeot-304\/peugeot-304-break-1080x720\/\" data-orig-file=\"https:\/\/i0.wp.com\/terjebjornstad.com\/no\/wp-content\/uploads\/2022\/05\/peugeot-304-break-1080x720-1.png?fit=1080%2C720&amp;ssl=1\" data-orig-size=\"1080,720\" data-comments-opened=\"1\" data-image-meta=\"{&quot;aperture&quot;:&quot;0&quot;,&quot;credit&quot;:&quot;&quot;,&quot;camera&quot;:&quot;&quot;,&quot;caption&quot;:&quot;&quot;,&quot;created_timestamp&quot;:&quot;0&quot;,&quot;copyright&quot;:&quot;&quot;,&quot;focal_length&quot;:&quot;0&quot;,&quot;iso&quot;:&quot;0&quot;,&quot;shutter_speed&quot;:&quot;0&quot;,&quot;title&quot;:&quot;&quot;,&quot;orientation&quot;:&quot;0&quot;}\" data-image-title=\"peugeot-304-break-1080&amp;#215;720\" data-image-description=\"\" data-image-caption=\"&lt;p&gt;Peugeot 304 Break&lt;\/p&gt;\n\" data-large-file=\"https:\/\/i0.wp.com\/terjebjornstad.com\/no\/wp-content\/uploads\/2022\/05\/peugeot-304-break-1080x720-1.png?fit=980%2C653&amp;ssl=1\" src=\"https:\/\/i0.wp.com\/terjebjornstad.com\/no\/wp-content\/uploads\/2022\/05\/peugeot-304-break-1080x720-1.png?resize=980%2C653&#038;ssl=1\" alt=\"fotos\u00f8ndag\" width=\"980\" height=\"653\" class=\"size-full wp-image-48391\" srcset=\"https:\/\/i0.wp.com\/terjebjornstad.com\/no\/wp-content\/uploads\/2022\/05\/peugeot-304-break-1080x720-1.png?w=1080&amp;ssl=1 1080w, https:\/\/i0.wp.com\/terjebjornstad.com\/no\/wp-content\/uploads\/2022\/05\/peugeot-304-break-1080x720-1.png?resize=300%2C200&amp;ssl=1 300w, https:\/\/i0.wp.com\/terjebjornstad.com\/no\/wp-content\/uploads\/2022\/05\/peugeot-304-break-1080x720-1.png?resize=768%2C512&amp;ssl=1 768w, https:\/\/i0.wp.com\/terjebjornstad.com\/no\/wp-content\/uploads\/2022\/05\/peugeot-304-break-1080x720-1.png?resize=690%2C460&amp;ssl=1 690w, https:\/\/i0.wp.com\/terjebjornstad.com\/no\/wp-content\/uploads\/2022\/05\/peugeot-304-break-1080x720-1.png?resize=980%2C653&amp;ssl=1 980w\" sizes=\"auto, (max-width: 980px) 100vw, 980px\" \/><\/a><figcaption id=\"caption-attachment-48391\" class=\"wp-caption-text\">Peugeot 304 Break<\/figcaption><\/figure>\n<p><figure id=\"attachment_48390\" aria-describedby=\"caption-attachment-48390\" style=\"width: 1080px\" class=\"wp-caption aligncenter\"><a href=\"https:\/\/i0.wp.com\/terjebjornstad.com\/no\/wp-content\/uploads\/2022\/05\/peugeot-204-1080x720-1.png?ssl=1\"><img data-recalc-dims=\"1\" loading=\"lazy\" decoding=\"async\" data-attachment-id=\"48390\" data-permalink=\"https:\/\/terjebjornstad.com\/no\/peugeot-204\/peugeot-204-1080x720\/\" data-orig-file=\"https:\/\/i0.wp.com\/terjebjornstad.com\/no\/wp-content\/uploads\/2022\/05\/peugeot-204-1080x720-1.png?fit=1080%2C720&amp;ssl=1\" data-orig-size=\"1080,720\" data-comments-opened=\"1\" data-image-meta=\"{&quot;aperture&quot;:&quot;0&quot;,&quot;credit&quot;:&quot;&quot;,&quot;camera&quot;:&quot;&quot;,&quot;caption&quot;:&quot;&quot;,&quot;created_timestamp&quot;:&quot;0&quot;,&quot;copyright&quot;:&quot;&quot;,&quot;focal_length&quot;:&quot;0&quot;,&quot;iso&quot;:&quot;0&quot;,&quot;shutter_speed&quot;:&quot;0&quot;,&quot;title&quot;:&quot;&quot;,&quot;orientation&quot;:&quot;0&quot;}\" data-image-title=\"peugeot-204-1080&amp;#215;720\" data-image-description=\"\" data-image-caption=\"&lt;p&gt;Peugeot 204&lt;\/p&gt;\n\" data-large-file=\"https:\/\/i0.wp.com\/terjebjornstad.com\/no\/wp-content\/uploads\/2022\/05\/peugeot-204-1080x720-1.png?fit=980%2C653&amp;ssl=1\" src=\"https:\/\/i0.wp.com\/terjebjornstad.com\/no\/wp-content\/uploads\/2022\/05\/peugeot-204-1080x720-1.png?resize=980%2C653&#038;ssl=1\" alt=\"Peugeot 204\" width=\"980\" height=\"653\" class=\"size-full wp-image-48390\" srcset=\"https:\/\/i0.wp.com\/terjebjornstad.com\/no\/wp-content\/uploads\/2022\/05\/peugeot-204-1080x720-1.png?w=1080&amp;ssl=1 1080w, https:\/\/i0.wp.com\/terjebjornstad.com\/no\/wp-content\/uploads\/2022\/05\/peugeot-204-1080x720-1.png?resize=300%2C200&amp;ssl=1 300w, https:\/\/i0.wp.com\/terjebjornstad.com\/no\/wp-content\/uploads\/2022\/05\/peugeot-204-1080x720-1.png?resize=768%2C512&amp;ssl=1 768w, https:\/\/i0.wp.com\/terjebjornstad.com\/no\/wp-content\/uploads\/2022\/05\/peugeot-204-1080x720-1.png?resize=690%2C460&amp;ssl=1 690w, https:\/\/i0.wp.com\/terjebjornstad.com\/no\/wp-content\/uploads\/2022\/05\/peugeot-204-1080x720-1.png?resize=980%2C653&amp;ssl=1 980w\" sizes=\"auto, (max-width: 980px) 100vw, 980px\" \/><\/a><figcaption id=\"caption-attachment-48390\" class=\"wp-caption-text\">Peugeot 204<\/figcaption><\/figure><\/p>\n<figure id=\"attachment_48389\" aria-describedby=\"caption-attachment-48389\" style=\"width: 1080px\" class=\"wp-caption aligncenter\"><a href=\"https:\/\/i0.wp.com\/terjebjornstad.com\/no\/wp-content\/uploads\/2022\/05\/peugeot-204-0058-1080x720-1.png?ssl=1\"><img data-recalc-dims=\"1\" loading=\"lazy\" decoding=\"async\" data-attachment-id=\"48389\" data-permalink=\"https:\/\/terjebjornstad.com\/no\/peugeot-204\/peugeot-204-0058-1080x720\/\" data-orig-file=\"https:\/\/i0.wp.com\/terjebjornstad.com\/no\/wp-content\/uploads\/2022\/05\/peugeot-204-0058-1080x720-1.png?fit=1080%2C720&amp;ssl=1\" data-orig-size=\"1080,720\" data-comments-opened=\"1\" data-image-meta=\"{&quot;aperture&quot;:&quot;0&quot;,&quot;credit&quot;:&quot;&quot;,&quot;camera&quot;:&quot;&quot;,&quot;caption&quot;:&quot;&quot;,&quot;created_timestamp&quot;:&quot;0&quot;,&quot;copyright&quot;:&quot;&quot;,&quot;focal_length&quot;:&quot;0&quot;,&quot;iso&quot;:&quot;0&quot;,&quot;shutter_speed&quot;:&quot;0&quot;,&quot;title&quot;:&quot;&quot;,&quot;orientation&quot;:&quot;0&quot;}\" data-image-title=\"peugeot-204-0058-1080&amp;#215;720\" data-image-description=\"\" data-image-caption=\"&lt;p&gt;Peugeot 204&lt;\/p&gt;\n\" data-large-file=\"https:\/\/i0.wp.com\/terjebjornstad.com\/no\/wp-content\/uploads\/2022\/05\/peugeot-204-0058-1080x720-1.png?fit=980%2C653&amp;ssl=1\" src=\"https:\/\/i0.wp.com\/terjebjornstad.com\/no\/wp-content\/uploads\/2022\/05\/peugeot-204-0058-1080x720-1.png?resize=980%2C653&#038;ssl=1\" alt=\"Peugeot 204\" width=\"980\" height=\"653\" class=\"size-full wp-image-48389\" srcset=\"https:\/\/i0.wp.com\/terjebjornstad.com\/no\/wp-content\/uploads\/2022\/05\/peugeot-204-0058-1080x720-1.png?w=1080&amp;ssl=1 1080w, https:\/\/i0.wp.com\/terjebjornstad.com\/no\/wp-content\/uploads\/2022\/05\/peugeot-204-0058-1080x720-1.png?resize=300%2C200&amp;ssl=1 300w, https:\/\/i0.wp.com\/terjebjornstad.com\/no\/wp-content\/uploads\/2022\/05\/peugeot-204-0058-1080x720-1.png?resize=768%2C512&amp;ssl=1 768w, https:\/\/i0.wp.com\/terjebjornstad.com\/no\/wp-content\/uploads\/2022\/05\/peugeot-204-0058-1080x720-1.png?resize=690%2C460&amp;ssl=1 690w, https:\/\/i0.wp.com\/terjebjornstad.com\/no\/wp-content\/uploads\/2022\/05\/peugeot-204-0058-1080x720-1.png?resize=980%2C653&amp;ssl=1 980w\" sizes=\"auto, (max-width: 980px) 100vw, 980px\" \/><\/a><figcaption id=\"caption-attachment-48389\" class=\"wp-caption-text\">Peugeot 204<\/figcaption><\/figure>\n<figure id=\"attachment_48398\" aria-describedby=\"caption-attachment-48398\" style=\"width: 1080px\" class=\"wp-caption aligncenter\"><a href=\"https:\/\/i0.wp.com\/terjebjornstad.com\/no\/wp-content\/uploads\/2022\/05\/simca-aronde-1902-1080x720-1.png?ssl=1\"><img data-recalc-dims=\"1\" loading=\"lazy\" decoding=\"async\" data-attachment-id=\"48398\" data-permalink=\"https:\/\/terjebjornstad.com\/no\/simca-9-aronde\/simca-aronde-1902-1080x720\/\" data-orig-file=\"https:\/\/i0.wp.com\/terjebjornstad.com\/no\/wp-content\/uploads\/2022\/05\/simca-aronde-1902-1080x720-1.png?fit=1080%2C720&amp;ssl=1\" data-orig-size=\"1080,720\" data-comments-opened=\"1\" data-image-meta=\"{&quot;aperture&quot;:&quot;0&quot;,&quot;credit&quot;:&quot;&quot;,&quot;camera&quot;:&quot;&quot;,&quot;caption&quot;:&quot;&quot;,&quot;created_timestamp&quot;:&quot;0&quot;,&quot;copyright&quot;:&quot;&quot;,&quot;focal_length&quot;:&quot;0&quot;,&quot;iso&quot;:&quot;0&quot;,&quot;shutter_speed&quot;:&quot;0&quot;,&quot;title&quot;:&quot;&quot;,&quot;orientation&quot;:&quot;0&quot;}\" data-image-title=\"simca-aronde-1902-1080&amp;#215;720\" data-image-description=\"\" data-image-caption=\"&lt;p&gt;Simca 9 Aronde&lt;\/p&gt;\n\" data-large-file=\"https:\/\/i0.wp.com\/terjebjornstad.com\/no\/wp-content\/uploads\/2022\/05\/simca-aronde-1902-1080x720-1.png?fit=980%2C653&amp;ssl=1\" src=\"https:\/\/i0.wp.com\/terjebjornstad.com\/no\/wp-content\/uploads\/2022\/05\/simca-aronde-1902-1080x720-1.png?resize=980%2C653&#038;ssl=1\" alt=\"fotos\u00f8ndag\" width=\"980\" height=\"653\" class=\"size-full wp-image-48398\" srcset=\"https:\/\/i0.wp.com\/terjebjornstad.com\/no\/wp-content\/uploads\/2022\/05\/simca-aronde-1902-1080x720-1.png?w=1080&amp;ssl=1 1080w, https:\/\/i0.wp.com\/terjebjornstad.com\/no\/wp-content\/uploads\/2022\/05\/simca-aronde-1902-1080x720-1.png?resize=300%2C200&amp;ssl=1 300w, https:\/\/i0.wp.com\/terjebjornstad.com\/no\/wp-content\/uploads\/2022\/05\/simca-aronde-1902-1080x720-1.png?resize=768%2C512&amp;ssl=1 768w, https:\/\/i0.wp.com\/terjebjornstad.com\/no\/wp-content\/uploads\/2022\/05\/simca-aronde-1902-1080x720-1.png?resize=690%2C460&amp;ssl=1 690w, https:\/\/i0.wp.com\/terjebjornstad.com\/no\/wp-content\/uploads\/2022\/05\/simca-aronde-1902-1080x720-1.png?resize=980%2C653&amp;ssl=1 980w\" sizes=\"auto, (max-width: 980px) 100vw, 980px\" \/><\/a><figcaption id=\"caption-attachment-48398\" class=\"wp-caption-text\">Simca 9 Aronde<\/figcaption><\/figure>\n<figure id=\"attachment_48397\" aria-describedby=\"caption-attachment-48397\" style=\"width: 1080px\" class=\"wp-caption aligncenter\"><a href=\"https:\/\/i0.wp.com\/terjebjornstad.com\/no\/wp-content\/uploads\/2022\/05\/simca-aronde-1854-1080x720-1.png?ssl=1\"><img data-recalc-dims=\"1\" loading=\"lazy\" decoding=\"async\" data-attachment-id=\"48397\" data-permalink=\"https:\/\/terjebjornstad.com\/no\/simca-9-aronde\/simca-aronde-1854-1080x720\/\" data-orig-file=\"https:\/\/i0.wp.com\/terjebjornstad.com\/no\/wp-content\/uploads\/2022\/05\/simca-aronde-1854-1080x720-1.png?fit=1080%2C720&amp;ssl=1\" data-orig-size=\"1080,720\" data-comments-opened=\"1\" data-image-meta=\"{&quot;aperture&quot;:&quot;0&quot;,&quot;credit&quot;:&quot;&quot;,&quot;camera&quot;:&quot;&quot;,&quot;caption&quot;:&quot;&quot;,&quot;created_timestamp&quot;:&quot;0&quot;,&quot;copyright&quot;:&quot;&quot;,&quot;focal_length&quot;:&quot;0&quot;,&quot;iso&quot;:&quot;0&quot;,&quot;shutter_speed&quot;:&quot;0&quot;,&quot;title&quot;:&quot;&quot;,&quot;orientation&quot;:&quot;0&quot;}\" data-image-title=\"simca-aronde-1854-1080&amp;#215;720\" data-image-description=\"\" data-image-caption=\"&lt;p&gt;Simca 9 Aronde&lt;\/p&gt;\n\" data-large-file=\"https:\/\/i0.wp.com\/terjebjornstad.com\/no\/wp-content\/uploads\/2022\/05\/simca-aronde-1854-1080x720-1.png?fit=980%2C653&amp;ssl=1\" src=\"https:\/\/i0.wp.com\/terjebjornstad.com\/no\/wp-content\/uploads\/2022\/05\/simca-aronde-1854-1080x720-1.png?resize=980%2C653&#038;ssl=1\" alt=\"fotos\u00f8ndag\" width=\"980\" height=\"653\" class=\"size-full wp-image-48397\" srcset=\"https:\/\/i0.wp.com\/terjebjornstad.com\/no\/wp-content\/uploads\/2022\/05\/simca-aronde-1854-1080x720-1.png?w=1080&amp;ssl=1 1080w, https:\/\/i0.wp.com\/terjebjornstad.com\/no\/wp-content\/uploads\/2022\/05\/simca-aronde-1854-1080x720-1.png?resize=300%2C200&amp;ssl=1 300w, https:\/\/i0.wp.com\/terjebjornstad.com\/no\/wp-content\/uploads\/2022\/05\/simca-aronde-1854-1080x720-1.png?resize=768%2C512&amp;ssl=1 768w, https:\/\/i0.wp.com\/terjebjornstad.com\/no\/wp-content\/uploads\/2022\/05\/simca-aronde-1854-1080x720-1.png?resize=690%2C460&amp;ssl=1 690w, https:\/\/i0.wp.com\/terjebjornstad.com\/no\/wp-content\/uploads\/2022\/05\/simca-aronde-1854-1080x720-1.png?resize=980%2C653&amp;ssl=1 980w\" sizes=\"auto, (max-width: 980px) 100vw, 980px\" \/><\/a><figcaption id=\"caption-attachment-48397\" class=\"wp-caption-text\">Simca 9 Aronde<\/figcaption><\/figure>\n<figure id=\"attachment_48396\" aria-describedby=\"caption-attachment-48396\" style=\"width: 1080px\" class=\"wp-caption aligncenter\"><a href=\"https:\/\/i0.wp.com\/terjebjornstad.com\/no\/wp-content\/uploads\/2022\/05\/simca-aronde-1729-1080x720-1.png?ssl=1\"><img data-recalc-dims=\"1\" loading=\"lazy\" decoding=\"async\" data-attachment-id=\"48396\" data-permalink=\"https:\/\/terjebjornstad.com\/no\/simca-9-aronde\/simca-aronde-1729-1080x720\/\" data-orig-file=\"https:\/\/i0.wp.com\/terjebjornstad.com\/no\/wp-content\/uploads\/2022\/05\/simca-aronde-1729-1080x720-1.png?fit=1080%2C720&amp;ssl=1\" data-orig-size=\"1080,720\" data-comments-opened=\"1\" data-image-meta=\"{&quot;aperture&quot;:&quot;0&quot;,&quot;credit&quot;:&quot;&quot;,&quot;camera&quot;:&quot;&quot;,&quot;caption&quot;:&quot;&quot;,&quot;created_timestamp&quot;:&quot;0&quot;,&quot;copyright&quot;:&quot;&quot;,&quot;focal_length&quot;:&quot;0&quot;,&quot;iso&quot;:&quot;0&quot;,&quot;shutter_speed&quot;:&quot;0&quot;,&quot;title&quot;:&quot;&quot;,&quot;orientation&quot;:&quot;0&quot;}\" data-image-title=\"simca-aronde-1729-1080&amp;#215;720\" data-image-description=\"\" data-image-caption=\"&lt;p&gt;Simca 9 Aronde&lt;\/p&gt;\n\" data-large-file=\"https:\/\/i0.wp.com\/terjebjornstad.com\/no\/wp-content\/uploads\/2022\/05\/simca-aronde-1729-1080x720-1.png?fit=980%2C653&amp;ssl=1\" src=\"https:\/\/i0.wp.com\/terjebjornstad.com\/no\/wp-content\/uploads\/2022\/05\/simca-aronde-1729-1080x720-1.png?resize=980%2C653&#038;ssl=1\" alt=\"fotos\u00f8ndag\" width=\"980\" height=\"653\" class=\"size-full wp-image-48396\" srcset=\"https:\/\/i0.wp.com\/terjebjornstad.com\/no\/wp-content\/uploads\/2022\/05\/simca-aronde-1729-1080x720-1.png?w=1080&amp;ssl=1 1080w, https:\/\/i0.wp.com\/terjebjornstad.com\/no\/wp-content\/uploads\/2022\/05\/simca-aronde-1729-1080x720-1.png?resize=300%2C200&amp;ssl=1 300w, https:\/\/i0.wp.com\/terjebjornstad.com\/no\/wp-content\/uploads\/2022\/05\/simca-aronde-1729-1080x720-1.png?resize=768%2C512&amp;ssl=1 768w, https:\/\/i0.wp.com\/terjebjornstad.com\/no\/wp-content\/uploads\/2022\/05\/simca-aronde-1729-1080x720-1.png?resize=690%2C460&amp;ssl=1 690w, https:\/\/i0.wp.com\/terjebjornstad.com\/no\/wp-content\/uploads\/2022\/05\/simca-aronde-1729-1080x720-1.png?resize=980%2C653&amp;ssl=1 980w\" sizes=\"auto, (max-width: 980px) 100vw, 980px\" \/><\/a><figcaption id=\"caption-attachment-48396\" class=\"wp-caption-text\">Simca 9 Aronde<\/figcaption><\/figure>\n<p><figure id=\"attachment_48392\" aria-describedby=\"caption-attachment-48392\" style=\"width: 1080px\" class=\"wp-caption aligncenter\"><a href=\"https:\/\/i0.wp.com\/terjebjornstad.com\/no\/wp-content\/uploads\/2022\/05\/peugeot-305-1080x720-1.png?ssl=1\"><img data-recalc-dims=\"1\" loading=\"lazy\" decoding=\"async\" data-attachment-id=\"48392\" data-permalink=\"https:\/\/terjebjornstad.com\/no\/peugeot-305\/peugeot-305-1080x720\/\" data-orig-file=\"https:\/\/i0.wp.com\/terjebjornstad.com\/no\/wp-content\/uploads\/2022\/05\/peugeot-305-1080x720-1.png?fit=1080%2C720&amp;ssl=1\" data-orig-size=\"1080,720\" data-comments-opened=\"1\" data-image-meta=\"{&quot;aperture&quot;:&quot;0&quot;,&quot;credit&quot;:&quot;&quot;,&quot;camera&quot;:&quot;&quot;,&quot;caption&quot;:&quot;&quot;,&quot;created_timestamp&quot;:&quot;0&quot;,&quot;copyright&quot;:&quot;&quot;,&quot;focal_length&quot;:&quot;0&quot;,&quot;iso&quot;:&quot;0&quot;,&quot;shutter_speed&quot;:&quot;0&quot;,&quot;title&quot;:&quot;&quot;,&quot;orientation&quot;:&quot;0&quot;}\" data-image-title=\"peugeot-305-1080&amp;#215;720\" data-image-description=\"\" data-image-caption=\"&lt;p&gt;Peugeot 305&lt;\/p&gt;\n\" data-large-file=\"https:\/\/i0.wp.com\/terjebjornstad.com\/no\/wp-content\/uploads\/2022\/05\/peugeot-305-1080x720-1.png?fit=980%2C653&amp;ssl=1\" src=\"https:\/\/i0.wp.com\/terjebjornstad.com\/no\/wp-content\/uploads\/2022\/05\/peugeot-305-1080x720-1.png?resize=980%2C653&#038;ssl=1\" alt=\"fotos\u00f8ndag\" width=\"980\" height=\"653\" class=\"size-full wp-image-48392\" srcset=\"https:\/\/i0.wp.com\/terjebjornstad.com\/no\/wp-content\/uploads\/2022\/05\/peugeot-305-1080x720-1.png?w=1080&amp;ssl=1 1080w, https:\/\/i0.wp.com\/terjebjornstad.com\/no\/wp-content\/uploads\/2022\/05\/peugeot-305-1080x720-1.png?resize=300%2C200&amp;ssl=1 300w, https:\/\/i0.wp.com\/terjebjornstad.com\/no\/wp-content\/uploads\/2022\/05\/peugeot-305-1080x720-1.png?resize=768%2C512&amp;ssl=1 768w, https:\/\/i0.wp.com\/terjebjornstad.com\/no\/wp-content\/uploads\/2022\/05\/peugeot-305-1080x720-1.png?resize=690%2C460&amp;ssl=1 690w, https:\/\/i0.wp.com\/terjebjornstad.com\/no\/wp-content\/uploads\/2022\/05\/peugeot-305-1080x720-1.png?resize=980%2C653&amp;ssl=1 980w\" sizes=\"auto, (max-width: 980px) 100vw, 980px\" \/><\/a><figcaption id=\"caption-attachment-48392\" class=\"wp-caption-text\">Peugeot 305<\/figcaption><\/figure><\/p>\n<figure id=\"attachment_48394\" aria-describedby=\"caption-attachment-48394\" style=\"width: 1080px\" class=\"wp-caption aligncenter\"><a href=\"https:\/\/i0.wp.com\/terjebjornstad.com\/no\/wp-content\/uploads\/2022\/05\/renault-alliianze-1723.1080x720.png?ssl=1\"><img data-recalc-dims=\"1\" loading=\"lazy\" decoding=\"async\" data-attachment-id=\"48394\" data-permalink=\"https:\/\/terjebjornstad.com\/no\/renault-11\/renault-alliianze-1723-1080x720\/\" data-orig-file=\"https:\/\/i0.wp.com\/terjebjornstad.com\/no\/wp-content\/uploads\/2022\/05\/renault-alliianze-1723.1080x720.png?fit=1080%2C720&amp;ssl=1\" data-orig-size=\"1080,720\" data-comments-opened=\"1\" data-image-meta=\"{&quot;aperture&quot;:&quot;0&quot;,&quot;credit&quot;:&quot;&quot;,&quot;camera&quot;:&quot;&quot;,&quot;caption&quot;:&quot;&quot;,&quot;created_timestamp&quot;:&quot;0&quot;,&quot;copyright&quot;:&quot;&quot;,&quot;focal_length&quot;:&quot;0&quot;,&quot;iso&quot;:&quot;0&quot;,&quot;shutter_speed&quot;:&quot;0&quot;,&quot;title&quot;:&quot;&quot;,&quot;orientation&quot;:&quot;0&quot;}\" data-image-title=\"renault-alliianze-1723.1080&amp;#215;720\" data-image-description=\"\" data-image-caption=\"&lt;p&gt;Renault Alliance Convertible.&lt;\/p&gt;\n\" data-large-file=\"https:\/\/i0.wp.com\/terjebjornstad.com\/no\/wp-content\/uploads\/2022\/05\/renault-alliianze-1723.1080x720.png?fit=980%2C653&amp;ssl=1\" src=\"https:\/\/i0.wp.com\/terjebjornstad.com\/no\/wp-content\/uploads\/2022\/05\/renault-alliianze-1723.1080x720.png?resize=980%2C653&#038;ssl=1\" alt=\"fotos\u00f8ndag\" width=\"980\" height=\"653\" class=\"size-full wp-image-48394\" srcset=\"https:\/\/i0.wp.com\/terjebjornstad.com\/no\/wp-content\/uploads\/2022\/05\/renault-alliianze-1723.1080x720.png?w=1080&amp;ssl=1 1080w, https:\/\/i0.wp.com\/terjebjornstad.com\/no\/wp-content\/uploads\/2022\/05\/renault-alliianze-1723.1080x720.png?resize=300%2C200&amp;ssl=1 300w, https:\/\/i0.wp.com\/terjebjornstad.com\/no\/wp-content\/uploads\/2022\/05\/renault-alliianze-1723.1080x720.png?resize=768%2C512&amp;ssl=1 768w, https:\/\/i0.wp.com\/terjebjornstad.com\/no\/wp-content\/uploads\/2022\/05\/renault-alliianze-1723.1080x720.png?resize=690%2C460&amp;ssl=1 690w, https:\/\/i0.wp.com\/terjebjornstad.com\/no\/wp-content\/uploads\/2022\/05\/renault-alliianze-1723.1080x720.png?resize=980%2C653&amp;ssl=1 980w\" sizes=\"auto, (max-width: 980px) 100vw, 980px\" \/><\/a><figcaption id=\"caption-attachment-48394\" class=\"wp-caption-text\">Renault Alliance Convertible.<\/figcaption><\/figure>\n<p><a href=\"https:\/\/terjebjornstad.com\/no\/peugeot-204\/\" target=\"_blank\" rel=\"noopener\"><strong>Peugeot 204<\/strong><\/a><br \/>\n<a href=\"https:\/\/terjebjornstad.com\/no\/1969-1980-peugeot-304\/\" target=\"_blank\" rel=\"noopener\"><strong>Peugeot 304<\/strong><\/a><br \/>\n<a href=\"https:\/\/terjebjornstad.com\/no\/peugeot-305\/\" target=\"_blank\" rel=\"noopener\"><strong>Peugeot 305<\/strong><\/a><br \/>\n<a href=\"https:\/\/terjebjornstad.com\/no\/simca-9-aronde\/\" target=\"_blank\" rel=\"noopener\"><strong>Simca 9 Aronde<\/strong><\/a><br \/>\n<a href=\"https:\/\/terjebjornstad.com\/no\/renault-11\/\" target=\"_blank\" rel=\"noopener\"><strong>Renault 9\/11\/Allianze<\/strong><\/a><\/p>\n<h3>&nbsp;<\/h3>\n<h3 class=\"tebh2\">Se ogs\u00e5<\/h3>\n<p><a href=\"http:\/\/rva66.unblog.fr\/\" target=\"_blank\" rel=\"noopener\"><strong>Ressamblement V\u00e9hicules Anciens du 66<\/strong><\/a><\/p>\n<p><figure id=\"attachment_43321\" aria-describedby=\"caption-attachment-43321\" style=\"width: 150px\" class=\"wp-caption alignleft\"><a href=\"https:\/\/terjebjornstad.com\/no\/2021\/07\/29\/fotosondag\/\"><img data-recalc-dims=\"1\" loading=\"lazy\" decoding=\"async\" data-attachment-id=\"43321\" data-permalink=\"https:\/\/terjebjornstad.com\/no\/terjes-biler\/cadillac-diner-320x400\/\" data-orig-file=\"https:\/\/i0.wp.com\/terjebjornstad.com\/no\/wp-content\/uploads\/2021\/09\/cadillac-diner-320x400-1.png?fit=320%2C400&amp;ssl=1\" data-orig-size=\"320,400\" data-comments-opened=\"1\" data-image-meta=\"{&quot;aperture&quot;:&quot;0&quot;,&quot;credit&quot;:&quot;&quot;,&quot;camera&quot;:&quot;&quot;,&quot;caption&quot;:&quot;&quot;,&quot;created_timestamp&quot;:&quot;0&quot;,&quot;copyright&quot;:&quot;&quot;,&quot;focal_length&quot;:&quot;0&quot;,&quot;iso&quot;:&quot;0&quot;,&quot;shutter_speed&quot;:&quot;0&quot;,&quot;title&quot;:&quot;&quot;,&quot;orientation&quot;:&quot;0&quot;}\" data-image-title=\"cadillac-diner-320&amp;#215;400\" data-image-description=\"\" data-image-caption=\"&lt;p&gt;Fotos\u00f8ndag &amp;#8211; Cadillac Diner&lt;\/p&gt;\n\" data-large-file=\"https:\/\/i0.wp.com\/terjebjornstad.com\/no\/wp-content\/uploads\/2021\/09\/cadillac-diner-320x400-1.png?fit=320%2C400&amp;ssl=1\" src=\"https:\/\/i0.wp.com\/terjebjornstad.com\/no\/wp-content\/uploads\/2021\/09\/cadillac-diner-320x400-1.png?resize=150%2C150&#038;ssl=1\" alt=\"\" width=\"150\" height=\"150\" class=\"size-thumbnail wp-image-43321\" srcset=\"https:\/\/i0.wp.com\/terjebjornstad.com\/no\/wp-content\/uploads\/2021\/09\/cadillac-diner-320x400-1.png?resize=150%2C150&amp;ssl=1 150w, https:\/\/i0.wp.com\/terjebjornstad.com\/no\/wp-content\/uploads\/2021\/09\/cadillac-diner-320x400-1.png?resize=50%2C50&amp;ssl=1 50w, https:\/\/i0.wp.com\/terjebjornstad.com\/no\/wp-content\/uploads\/2021\/09\/cadillac-diner-320x400-1.png?zoom=2&amp;resize=150%2C150&amp;ssl=1 300w\" sizes=\"auto, (max-width: 150px) 100vw, 150px\" \/><\/a><figcaption id=\"caption-attachment-43321\" class=\"wp-caption-text\">Fotos\u00f8ndag &#8211; Cadillac Diner<\/figcaption><\/figure><figure id=\"attachment_41965\" aria-describedby=\"caption-attachment-41965\" style=\"width: 150px\" class=\"wp-caption alignleft\"><a href=\"https:\/\/terjebjornstad.com\/no\/2021\/07\/29\/fotosondag\/\"><img data-recalc-dims=\"1\" loading=\"lazy\" decoding=\"async\" data-attachment-id=\"41965\" data-permalink=\"https:\/\/terjebjornstad.com\/no\/2021\/07\/29\/fotosondag\/1969-bmw-2800-csi-1080x720\/\" data-orig-file=\"https:\/\/i0.wp.com\/terjebjornstad.com\/no\/wp-content\/uploads\/2021\/07\/1969-bmw-2800-csi-1080x720-1.png?fit=1080%2C729&amp;ssl=1\" data-orig-size=\"1080,729\" data-comments-opened=\"1\" data-image-meta=\"{&quot;aperture&quot;:&quot;0&quot;,&quot;credit&quot;:&quot;&quot;,&quot;camera&quot;:&quot;&quot;,&quot;caption&quot;:&quot;&quot;,&quot;created_timestamp&quot;:&quot;0&quot;,&quot;copyright&quot;:&quot;&quot;,&quot;focal_length&quot;:&quot;0&quot;,&quot;iso&quot;:&quot;0&quot;,&quot;shutter_speed&quot;:&quot;0&quot;,&quot;title&quot;:&quot;&quot;,&quot;orientation&quot;:&quot;0&quot;}\" data-image-title=\"1969-bmw-2800-csi-1080&amp;#215;720\" data-image-description=\"\" data-image-caption=\"&lt;p&gt;Fotos\u00f8ndag &amp;#8211; Youngtimers&lt;\/p&gt;\n\" data-large-file=\"https:\/\/i0.wp.com\/terjebjornstad.com\/no\/wp-content\/uploads\/2021\/07\/1969-bmw-2800-csi-1080x720-1.png?fit=980%2C662&amp;ssl=1\" src=\"https:\/\/i0.wp.com\/terjebjornstad.com\/no\/wp-content\/uploads\/2021\/07\/1969-bmw-2800-csi-1080x720-1.png?resize=150%2C150&#038;ssl=1\" alt=\"\" width=\"150\" height=\"150\" class=\"size-thumbnail wp-image-41965\" srcset=\"https:\/\/i0.wp.com\/terjebjornstad.com\/no\/wp-content\/uploads\/2021\/07\/1969-bmw-2800-csi-1080x720-1.png?resize=150%2C150&amp;ssl=1 150w, https:\/\/i0.wp.com\/terjebjornstad.com\/no\/wp-content\/uploads\/2021\/07\/1969-bmw-2800-csi-1080x720-1.png?resize=50%2C50&amp;ssl=1 50w, https:\/\/i0.wp.com\/terjebjornstad.com\/no\/wp-content\/uploads\/2021\/07\/1969-bmw-2800-csi-1080x720-1.png?zoom=2&amp;resize=150%2C150&amp;ssl=1 300w, https:\/\/i0.wp.com\/terjebjornstad.com\/no\/wp-content\/uploads\/2021\/07\/1969-bmw-2800-csi-1080x720-1.png?zoom=3&amp;resize=150%2C150&amp;ssl=1 450w\" sizes=\"auto, (max-width: 150px) 100vw, 150px\" \/><\/a><figcaption id=\"caption-attachment-41965\" class=\"wp-caption-text\">Fotos\u00f8ndag &#8211; Youngtimers<\/figcaption><\/figure><figure id=\"attachment_41671\" aria-describedby=\"caption-attachment-41671\" style=\"width: 150px\" class=\"wp-caption alignleft\"><a href=\"https:\/\/terjebjornstad.com\/no\/2021\/07\/12\/fotosondag-biler-utstilt-langs-veien\/\"><img data-recalc-dims=\"1\" loading=\"lazy\" decoding=\"async\" data-attachment-id=\"41671\" data-permalink=\"https:\/\/terjebjornstad.com\/no\/2021\/07\/12\/fotosondag-biler-utstilt-langs-veien\/3-2000-bentley-arnage-green-label-1080x720\/\" data-orig-file=\"https:\/\/i0.wp.com\/terjebjornstad.com\/no\/wp-content\/uploads\/2021\/07\/3-2000-bentley-arnage-green-label-1080x720-1.png?fit=1080%2C720&amp;ssl=1\" data-orig-size=\"1080,720\" data-comments-opened=\"1\" data-image-meta=\"{&quot;aperture&quot;:&quot;0&quot;,&quot;credit&quot;:&quot;&quot;,&quot;camera&quot;:&quot;&quot;,&quot;caption&quot;:&quot;&quot;,&quot;created_timestamp&quot;:&quot;0&quot;,&quot;copyright&quot;:&quot;&quot;,&quot;focal_length&quot;:&quot;0&quot;,&quot;iso&quot;:&quot;0&quot;,&quot;shutter_speed&quot;:&quot;0&quot;,&quot;title&quot;:&quot;&quot;,&quot;orientation&quot;:&quot;0&quot;}\" data-image-title=\"3-2000-bentley-arnage-green-label-1080&amp;#215;720\" data-image-description=\"\" data-image-caption=\"&lt;p&gt;Fotos\u00f8ndag &amp;#8211; Biler utstilt langs veien&lt;\/p&gt;\n\" data-large-file=\"https:\/\/i0.wp.com\/terjebjornstad.com\/no\/wp-content\/uploads\/2021\/07\/3-2000-bentley-arnage-green-label-1080x720-1.png?fit=980%2C653&amp;ssl=1\" src=\"https:\/\/i0.wp.com\/terjebjornstad.com\/no\/wp-content\/uploads\/2021\/07\/3-2000-bentley-arnage-green-label-1080x720-1.png?resize=150%2C150&#038;ssl=1\" alt=\"fotos\u00f8ndag\" width=\"150\" height=\"150\" class=\"size-thumbnail wp-image-41671\" srcset=\"https:\/\/i0.wp.com\/terjebjornstad.com\/no\/wp-content\/uploads\/2021\/07\/3-2000-bentley-arnage-green-label-1080x720-1.png?resize=150%2C150&amp;ssl=1 150w, https:\/\/i0.wp.com\/terjebjornstad.com\/no\/wp-content\/uploads\/2021\/07\/3-2000-bentley-arnage-green-label-1080x720-1.png?resize=50%2C50&amp;ssl=1 50w, https:\/\/i0.wp.com\/terjebjornstad.com\/no\/wp-content\/uploads\/2021\/07\/3-2000-bentley-arnage-green-label-1080x720-1.png?zoom=2&amp;resize=150%2C150&amp;ssl=1 300w, https:\/\/i0.wp.com\/terjebjornstad.com\/no\/wp-content\/uploads\/2021\/07\/3-2000-bentley-arnage-green-label-1080x720-1.png?zoom=3&amp;resize=150%2C150&amp;ssl=1 450w\" sizes=\"auto, (max-width: 150px) 100vw, 150px\" \/><\/a><figcaption id=\"caption-attachment-41671\" class=\"wp-caption-text\">Fotos\u00f8ndag &#8211; Biler utstilt langs veien<\/figcaption><\/figure><figure id=\"attachment_41365\" aria-describedby=\"caption-attachment-41365\" style=\"width: 150px\" class=\"wp-caption alignleft\"><a href=\"https:\/\/terjebjornstad.com\/no\/2021\/06\/28\/fotosondag-liv-i-kunstnergaten\/\"><img data-recalc-dims=\"1\" loading=\"lazy\" decoding=\"async\" data-attachment-id=\"41365\" data-permalink=\"https:\/\/terjebjornstad.com\/no\/2021\/06\/28\/fotosondag-liv-i-kunstnergaten\/1-1958-mercedes-benz-190-sl-1080x720\/\" data-orig-file=\"https:\/\/i0.wp.com\/terjebjornstad.com\/no\/wp-content\/uploads\/2021\/06\/1-1958-mercedes-benz-190-sl-1080x720-1.png?fit=1080%2C720&amp;ssl=1\" data-orig-size=\"1080,720\" data-comments-opened=\"1\" data-image-meta=\"{&quot;aperture&quot;:&quot;0&quot;,&quot;credit&quot;:&quot;&quot;,&quot;camera&quot;:&quot;&quot;,&quot;caption&quot;:&quot;&quot;,&quot;created_timestamp&quot;:&quot;0&quot;,&quot;copyright&quot;:&quot;&quot;,&quot;focal_length&quot;:&quot;0&quot;,&quot;iso&quot;:&quot;0&quot;,&quot;shutter_speed&quot;:&quot;0&quot;,&quot;title&quot;:&quot;&quot;,&quot;orientation&quot;:&quot;0&quot;}\" data-image-title=\"1-1958-mercedes-benz-190-sl-1080&amp;#215;720\" data-image-description=\"&lt;p&gt;Fotos\u00f8ndag &amp;#8211; Liv i kunstnergaten&lt;\/p&gt;\n\" data-image-caption=\"&lt;p&gt;Fotos\u00f8ndag &amp;#8211; Liv i kunstnergaten&lt;\/p&gt;\n\" data-large-file=\"https:\/\/i0.wp.com\/terjebjornstad.com\/no\/wp-content\/uploads\/2021\/06\/1-1958-mercedes-benz-190-sl-1080x720-1.png?fit=980%2C653&amp;ssl=1\" src=\"https:\/\/i0.wp.com\/terjebjornstad.com\/no\/wp-content\/uploads\/2021\/06\/1-1958-mercedes-benz-190-sl-1080x720-1.png?resize=150%2C150&#038;ssl=1\" alt=\"fotos\u00f8ndag\" width=\"150\" height=\"150\" class=\"size-thumbnail wp-image-41365\" srcset=\"https:\/\/i0.wp.com\/terjebjornstad.com\/no\/wp-content\/uploads\/2021\/06\/1-1958-mercedes-benz-190-sl-1080x720-1.png?resize=150%2C150&amp;ssl=1 150w, https:\/\/i0.wp.com\/terjebjornstad.com\/no\/wp-content\/uploads\/2021\/06\/1-1958-mercedes-benz-190-sl-1080x720-1.png?resize=50%2C50&amp;ssl=1 50w, https:\/\/i0.wp.com\/terjebjornstad.com\/no\/wp-content\/uploads\/2021\/06\/1-1958-mercedes-benz-190-sl-1080x720-1.png?zoom=2&amp;resize=150%2C150&amp;ssl=1 300w, https:\/\/i0.wp.com\/terjebjornstad.com\/no\/wp-content\/uploads\/2021\/06\/1-1958-mercedes-benz-190-sl-1080x720-1.png?zoom=3&amp;resize=150%2C150&amp;ssl=1 450w\" sizes=\"auto, (max-width: 150px) 100vw, 150px\" \/><\/a><figcaption id=\"caption-attachment-41365\" class=\"wp-caption-text\">Fotos\u00f8ndag &#8211; Liv i kunstnergaten<\/figcaption><\/figure><figure id=\"attachment_40998\" aria-describedby=\"caption-attachment-40998\" style=\"width: 150px\" class=\"wp-caption alignleft\"><a href=\"https:\/\/terjebjornstad.com\/no\/2021\/06\/14\/fotosondag-citroen-og-g-500\/\"><img data-recalc-dims=\"1\" loading=\"lazy\" decoding=\"async\" data-attachment-id=\"40998\" data-permalink=\"https:\/\/terjebjornstad.com\/no\/2021\/06\/14\/fotosondag-citroen-og-g-500\/10-citroen-c6-1080x720\/\" data-orig-file=\"https:\/\/i0.wp.com\/terjebjornstad.com\/no\/wp-content\/uploads\/2021\/06\/10-citroen-c6-1080x720-1.png?fit=1080%2C720&amp;ssl=1\" data-orig-size=\"1080,720\" data-comments-opened=\"1\" data-image-meta=\"{&quot;aperture&quot;:&quot;0&quot;,&quot;credit&quot;:&quot;&quot;,&quot;camera&quot;:&quot;&quot;,&quot;caption&quot;:&quot;&quot;,&quot;created_timestamp&quot;:&quot;0&quot;,&quot;copyright&quot;:&quot;&quot;,&quot;focal_length&quot;:&quot;0&quot;,&quot;iso&quot;:&quot;0&quot;,&quot;shutter_speed&quot;:&quot;0&quot;,&quot;title&quot;:&quot;&quot;,&quot;orientation&quot;:&quot;0&quot;}\" data-image-title=\"10-citroen-c6-1080&amp;#215;720\" data-image-description=\"\" data-image-caption=\"&lt;p&gt;Fotos\u00f8ndag \u2013 Citroen og G 500&lt;\/p&gt;\n\" data-large-file=\"https:\/\/i0.wp.com\/terjebjornstad.com\/no\/wp-content\/uploads\/2021\/06\/10-citroen-c6-1080x720-1.png?fit=980%2C653&amp;ssl=1\" src=\"https:\/\/i0.wp.com\/terjebjornstad.com\/no\/wp-content\/uploads\/2021\/06\/10-citroen-c6-1080x720-1.png?resize=150%2C150&#038;ssl=1\" alt=\"fotos\u00f8ndag\" width=\"150\" height=\"150\" class=\"size-thumbnail wp-image-40998\" srcset=\"https:\/\/i0.wp.com\/terjebjornstad.com\/no\/wp-content\/uploads\/2021\/06\/10-citroen-c6-1080x720-1.png?resize=150%2C150&amp;ssl=1 150w, https:\/\/i0.wp.com\/terjebjornstad.com\/no\/wp-content\/uploads\/2021\/06\/10-citroen-c6-1080x720-1.png?resize=50%2C50&amp;ssl=1 50w, https:\/\/i0.wp.com\/terjebjornstad.com\/no\/wp-content\/uploads\/2021\/06\/10-citroen-c6-1080x720-1.png?zoom=2&amp;resize=150%2C150&amp;ssl=1 300w, https:\/\/i0.wp.com\/terjebjornstad.com\/no\/wp-content\/uploads\/2021\/06\/10-citroen-c6-1080x720-1.png?zoom=3&amp;resize=150%2C150&amp;ssl=1 450w\" sizes=\"auto, (max-width: 150px) 100vw, 150px\" \/><\/a><figcaption id=\"caption-attachment-40998\" class=\"wp-caption-text\">Fotos\u00f8ndag \u2013 Citroen og G 500<\/figcaption><\/figure><\/p>\n<h3>&nbsp;<\/h3>\n<\/div>\n","protected":false,"gt_translate_keys":[{"key":"rendered","format":"html"}]},"excerpt":{"rendered":"<p>Jeg har v\u00e6rt p\u00e5 et fransk biltreff i Perpignan og tatt bilder som etter hvert skal legges inn i respektive artikler under bilkatalogen for \u00e5 illustrere ulike modeller, varianter, utstyrsgrader og farger. Her er en smakebit fra galleriet sist s\u00f8ndag. &nbsp; Sjeldne italienere Vespa (Piaggio) 400 er et kj\u00f8ret\u00f8y som det neppe finnes mange av [&hellip;]<\/p>\n","protected":false,"gt_translate_keys":[{"key":"rendered","format":"html"}]},"author":1,"featured_media":48432,"comment_status":"open","ping_status":"open","sticky":false,"template":"","format":"standard","meta":{"_monsterinsights_skip_tracking":false,"_monsterinsights_sitenote_active":false,"_monsterinsights_sitenote_note":"","_monsterinsights_sitenote_category":0,"jetpack_post_was_ever_published":false,"_jetpack_newsletter_access":"","_jetpack_dont_email_post_to_subs":false,"_jetpack_newsletter_tier_id":0,"_jetpack_memberships_contains_paywalled_content":false,"_jetpack_memberships_contains_paid_content":false,"footnotes":"","jetpack_publicize_message":"","jetpack_publicize_feature_enabled":true,"jetpack_social_post_already_shared":true,"jetpack_social_options":{"image_generator_settings":{"template":"highway","default_image_id":0,"font":"","enabled":false},"version":2}},"categories":[34,3653],"tags":[776],"class_list":["post-48402","post","type-post","status-publish","format-standard","has-post-thumbnail","hentry","category-artikkel","category-fotosondag","tag-franske-biler"],"yoast_head":"<!-- This site is optimized with the Yoast SEO plugin v27.5 - https:\/\/yoast.com\/product\/yoast-seo-wordpress\/ -->\n<title>Fotos\u00f8ndag - Fransk biltreff - Terjes biler - Bildegalleri av biler<\/title>\n<meta name=\"description\" content=\"Fotos\u00f8ndag er tilbragt p\u00e5 biltreff i Perpignan. Bildene fra treffet ser du her. Etter hvert skal de inn i &quot;Bilkatalogen&quot;.\" \/>\n<meta name=\"robots\" content=\"index, follow, max-snippet:-1, max-image-preview:large, max-video-preview:-1\" \/>\n<link rel=\"canonical\" href=\"https:\/\/terjebjornstad.com\/no\/2022\/05\/04\/fotosondag-fransk-biltreff\/\" \/>\n<meta property=\"og:locale\" content=\"nb_NO\" \/>\n<meta property=\"og:type\" content=\"article\" \/>\n<meta property=\"og:title\" content=\"Fotos\u00f8ndag - Fransk biltreff - Terjes biler - Bildegalleri av biler\" \/>\n<meta property=\"og:description\" content=\"Fotos\u00f8ndag er tilbragt p\u00e5 biltreff i Perpignan. Bildene fra treffet ser du her. Etter hvert skal de inn i &quot;Bilkatalogen&quot;.\" \/>\n<meta property=\"og:url\" content=\"https:\/\/terjebjornstad.com\/no\/2022\/05\/04\/fotosondag-fransk-biltreff\/\" \/>\n<meta property=\"og:site_name\" content=\"Terjes biler\" \/>\n<meta property=\"article:publisher\" content=\"https:\/\/www.facebook.com\/terjesbiler\/\" \/>\n<meta property=\"article:author\" content=\"https:\/\/www.facebook.com\/terjesbiler\" \/>\n<meta property=\"article:published_time\" content=\"2022-05-04T20:19:06+00:00\" \/>\n<meta property=\"article:modified_time\" content=\"2026-03-15T12:35:56+00:00\" \/>\n<meta property=\"og:image\" content=\"https:\/\/terjebjornstad.com\/no\/wp-content\/uploads\/2022\/05\/rva-1080x609-1.png\" \/>\n\t<meta property=\"og:image:width\" content=\"1080\" \/>\n\t<meta property=\"og:image:height\" content=\"609\" \/>\n\t<meta property=\"og:image:type\" content=\"image\/png\" \/>\n<meta name=\"author\" content=\"Terje Bj\u00f8rnstad\" \/>\n<meta name=\"twitter:card\" content=\"summary_large_image\" \/>\n<meta name=\"twitter:label1\" content=\"Skrevet av\" \/>\n\t<meta name=\"twitter:data1\" content=\"Terje Bj\u00f8rnstad\" \/>\n\t<meta name=\"twitter:label2\" content=\"Ansl. lesetid\" \/>\n\t<meta name=\"twitter:data2\" content=\"10 minutter\" \/>\n<script type=\"application\/ld+json\" class=\"yoast-schema-graph\">{\"@context\":\"https:\\\/\\\/schema.org\",\"@graph\":[{\"@type\":\"Article\",\"@id\":\"https:\\\/\\\/terjebjornstad.com\\\/no\\\/2022\\\/05\\\/04\\\/fotosondag-fransk-biltreff\\\/#article\",\"isPartOf\":{\"@id\":\"https:\\\/\\\/terjebjornstad.com\\\/no\\\/2022\\\/05\\\/04\\\/fotosondag-fransk-biltreff\\\/\"},\"author\":{\"name\":\"Terje Bj\u00f8rnstad\",\"@id\":\"https:\\\/\\\/terjebjornstad.com\\\/no\\\/#\\\/schema\\\/person\\\/a281f6a6e0f3cc9fe468e7f0c655aa65\"},\"headline\":\"Fotos\u00f8ndag &#8211; Fransk biltreff\",\"datePublished\":\"2022-05-04T20:19:06+00:00\",\"dateModified\":\"2026-03-15T12:35:56+00:00\",\"mainEntityOfPage\":{\"@id\":\"https:\\\/\\\/terjebjornstad.com\\\/no\\\/2022\\\/05\\\/04\\\/fotosondag-fransk-biltreff\\\/\"},\"wordCount\":905,\"commentCount\":0,\"publisher\":{\"@id\":\"https:\\\/\\\/terjebjornstad.com\\\/no\\\/#organization\"},\"image\":{\"@id\":\"https:\\\/\\\/terjebjornstad.com\\\/no\\\/2022\\\/05\\\/04\\\/fotosondag-fransk-biltreff\\\/#primaryimage\"},\"thumbnailUrl\":\"https:\\\/\\\/i0.wp.com\\\/terjebjornstad.com\\\/no\\\/wp-content\\\/uploads\\\/2022\\\/05\\\/rva-1080x609-1.png?fit=1080%2C609&ssl=1\",\"keywords\":[\"Franske biler\"],\"articleSection\":[\"Artikkel\",\"Fotos\u00f8ndag\"],\"inLanguage\":\"nb-NO\",\"potentialAction\":[{\"@type\":\"CommentAction\",\"name\":\"Comment\",\"target\":[\"https:\\\/\\\/terjebjornstad.com\\\/no\\\/2022\\\/05\\\/04\\\/fotosondag-fransk-biltreff\\\/#respond\"]}]},{\"@type\":\"WebPage\",\"@id\":\"https:\\\/\\\/terjebjornstad.com\\\/no\\\/2022\\\/05\\\/04\\\/fotosondag-fransk-biltreff\\\/\",\"url\":\"https:\\\/\\\/terjebjornstad.com\\\/no\\\/2022\\\/05\\\/04\\\/fotosondag-fransk-biltreff\\\/\",\"name\":\"Fotos\u00f8ndag - Fransk biltreff - Terjes biler - Bildegalleri av biler\",\"isPartOf\":{\"@id\":\"https:\\\/\\\/terjebjornstad.com\\\/no\\\/#website\"},\"primaryImageOfPage\":{\"@id\":\"https:\\\/\\\/terjebjornstad.com\\\/no\\\/2022\\\/05\\\/04\\\/fotosondag-fransk-biltreff\\\/#primaryimage\"},\"image\":{\"@id\":\"https:\\\/\\\/terjebjornstad.com\\\/no\\\/2022\\\/05\\\/04\\\/fotosondag-fransk-biltreff\\\/#primaryimage\"},\"thumbnailUrl\":\"https:\\\/\\\/i0.wp.com\\\/terjebjornstad.com\\\/no\\\/wp-content\\\/uploads\\\/2022\\\/05\\\/rva-1080x609-1.png?fit=1080%2C609&ssl=1\",\"datePublished\":\"2022-05-04T20:19:06+00:00\",\"dateModified\":\"2026-03-15T12:35:56+00:00\",\"description\":\"Fotos\u00f8ndag er tilbragt p\u00e5 biltreff i Perpignan. Bildene fra treffet ser du her. Etter hvert skal de inn i \\\"Bilkatalogen\\\".\",\"breadcrumb\":{\"@id\":\"https:\\\/\\\/terjebjornstad.com\\\/no\\\/2022\\\/05\\\/04\\\/fotosondag-fransk-biltreff\\\/#breadcrumb\"},\"inLanguage\":\"nb-NO\",\"potentialAction\":[{\"@type\":\"ReadAction\",\"target\":[\"https:\\\/\\\/terjebjornstad.com\\\/no\\\/2022\\\/05\\\/04\\\/fotosondag-fransk-biltreff\\\/\"]}]},{\"@type\":\"ImageObject\",\"inLanguage\":\"nb-NO\",\"@id\":\"https:\\\/\\\/terjebjornstad.com\\\/no\\\/2022\\\/05\\\/04\\\/fotosondag-fransk-biltreff\\\/#primaryimage\",\"url\":\"https:\\\/\\\/i0.wp.com\\\/terjebjornstad.com\\\/no\\\/wp-content\\\/uploads\\\/2022\\\/05\\\/rva-1080x609-1.png?fit=1080%2C609&ssl=1\",\"contentUrl\":\"https:\\\/\\\/i0.wp.com\\\/terjebjornstad.com\\\/no\\\/wp-content\\\/uploads\\\/2022\\\/05\\\/rva-1080x609-1.png?fit=1080%2C609&ssl=1\",\"width\":1080,\"height\":609,\"caption\":\"&nbsp; Fotos\u00f8ndag \u2013 Fransk biltreff Jeg har v\u00e6rt p\u00e5 et fransk biltreff i Perpignan og tatt bilder som etter hvert skal legges inn i BilkatalogenHer er en smakebit fra galleriet sist s\u00f8ndag. Se mer >> &nbsp;\"},{\"@type\":\"BreadcrumbList\",\"@id\":\"https:\\\/\\\/terjebjornstad.com\\\/no\\\/2022\\\/05\\\/04\\\/fotosondag-fransk-biltreff\\\/#breadcrumb\",\"itemListElement\":[{\"@type\":\"ListItem\",\"position\":1,\"name\":\"Hjem\",\"item\":\"https:\\\/\\\/terjebjornstad.com\\\/no\\\/\"},{\"@type\":\"ListItem\",\"position\":2,\"name\":\"Fotos\u00f8ndag &#8211; Fransk biltreff\"}]},{\"@type\":\"WebSite\",\"@id\":\"https:\\\/\\\/terjebjornstad.com\\\/no\\\/#website\",\"url\":\"https:\\\/\\\/terjebjornstad.com\\\/no\\\/\",\"name\":\"Terjes biler\",\"description\":\"HONEST ABOUT CARS\",\"publisher\":{\"@id\":\"https:\\\/\\\/terjebjornstad.com\\\/no\\\/#organization\"},\"alternateName\":\"Terjebjornstad.com\",\"potentialAction\":[{\"@type\":\"SearchAction\",\"target\":{\"@type\":\"EntryPoint\",\"urlTemplate\":\"https:\\\/\\\/terjebjornstad.com\\\/no\\\/?s={search_term_string}\"},\"query-input\":{\"@type\":\"PropertyValueSpecification\",\"valueRequired\":true,\"valueName\":\"search_term_string\"}}],\"inLanguage\":\"nb-NO\"},{\"@type\":\"Organization\",\"@id\":\"https:\\\/\\\/terjebjornstad.com\\\/no\\\/#organization\",\"name\":\"Terje Bj\u00f8rnstad ENK\",\"url\":\"https:\\\/\\\/terjebjornstad.com\\\/no\\\/\",\"logo\":{\"@type\":\"ImageObject\",\"inLanguage\":\"nb-NO\",\"@id\":\"https:\\\/\\\/terjebjornstad.com\\\/no\\\/#\\\/schema\\\/logo\\\/image\\\/\",\"url\":\"https:\\\/\\\/i0.wp.com\\\/terjebjornstad.com\\\/no\\\/wp-content\\\/uploads\\\/2026\\\/02\\\/terjesbiler2024-960x354-1.png?fit=960%2C354&ssl=1\",\"contentUrl\":\"https:\\\/\\\/i0.wp.com\\\/terjebjornstad.com\\\/no\\\/wp-content\\\/uploads\\\/2026\\\/02\\\/terjesbiler2024-960x354-1.png?fit=960%2C354&ssl=1\",\"width\":960,\"height\":354,\"caption\":\"Terje Bj\u00f8rnstad ENK\"},\"image\":{\"@id\":\"https:\\\/\\\/terjebjornstad.com\\\/no\\\/#\\\/schema\\\/logo\\\/image\\\/\"},\"sameAs\":[\"https:\\\/\\\/www.facebook.com\\\/terjesbiler\\\/\",\"https:\\\/\\\/www.instagram.com\\\/terjesbiler\\\/\",\"https:\\\/\\\/www.pinteres.com\\\/terjebjrnstad\\\/terjes-biler\\\/\"]},{\"@type\":\"Person\",\"@id\":\"https:\\\/\\\/terjebjornstad.com\\\/no\\\/#\\\/schema\\\/person\\\/a281f6a6e0f3cc9fe468e7f0c655aa65\",\"name\":\"Terje Bj\u00f8rnstad\",\"image\":{\"@type\":\"ImageObject\",\"inLanguage\":\"nb-NO\",\"@id\":\"https:\\\/\\\/secure.gravatar.com\\\/avatar\\\/e8dff505b51cf6cb67ae06a06022d2049aac2da1e79dc146a36b58798c4b40ea?s=96&d=mm&r=g\",\"url\":\"https:\\\/\\\/secure.gravatar.com\\\/avatar\\\/e8dff505b51cf6cb67ae06a06022d2049aac2da1e79dc146a36b58798c4b40ea?s=96&d=mm&r=g\",\"contentUrl\":\"https:\\\/\\\/secure.gravatar.com\\\/avatar\\\/e8dff505b51cf6cb67ae06a06022d2049aac2da1e79dc146a36b58798c4b40ea?s=96&d=mm&r=g\",\"caption\":\"Terje Bj\u00f8rnstad\"},\"description\":\"Terje Bj\u00f8rnstad. Bloggadministrator, hobbyfotograf og bilnerd.\",\"sameAs\":[\"https:\\\/\\\/www.facebook.com\\\/terjesbiler\",\"https:\\\/\\\/www.instagram.com\\\/terjesbiler\",\"https:\\\/\\\/no.pinterest.com\\\/terjebjrnstad\",\"https:\\\/\\\/www.youtube.com\\\/channel\\\/UCzCKJJDybyIgKqatc_JQqIg\"]}]}<\/script>\n<!-- \/ Yoast SEO plugin. -->","yoast_head_json":{"title":"Fotos\u00f8ndag - Fransk biltreff - Terjes biler - Bildegalleri av biler","description":"Fotos\u00f8ndag er tilbragt p\u00e5 biltreff i Perpignan. Bildene fra treffet ser du her. Etter hvert skal de inn i \"Bilkatalogen\".","robots":{"index":"index","follow":"follow","max-snippet":"max-snippet:-1","max-image-preview":"max-image-preview:large","max-video-preview":"max-video-preview:-1"},"canonical":"https:\/\/terjebjornstad.com\/no\/2022\/05\/04\/fotosondag-fransk-biltreff\/","og_locale":"nb_NO","og_type":"article","og_title":"Fotos\u00f8ndag - Fransk biltreff - Terjes biler - Bildegalleri av biler","og_description":"Fotos\u00f8ndag er tilbragt p\u00e5 biltreff i Perpignan. Bildene fra treffet ser du her. Etter hvert skal de inn i \"Bilkatalogen\".","og_url":"https:\/\/terjebjornstad.com\/no\/2022\/05\/04\/fotosondag-fransk-biltreff\/","og_site_name":"Terjes biler","article_publisher":"https:\/\/www.facebook.com\/terjesbiler\/","article_author":"https:\/\/www.facebook.com\/terjesbiler","article_published_time":"2022-05-04T20:19:06+00:00","article_modified_time":"2026-03-15T12:35:56+00:00","og_image":[{"width":1080,"height":609,"url":"https:\/\/terjebjornstad.com\/no\/wp-content\/uploads\/2022\/05\/rva-1080x609-1.png","type":"image\/png"}],"author":"Terje Bj\u00f8rnstad","twitter_card":"summary_large_image","twitter_misc":{"Skrevet av":"Terje Bj\u00f8rnstad","Ansl. lesetid":"10 minutter"},"schema":{"@context":"https:\/\/schema.org","@graph":[{"@type":"Article","@id":"https:\/\/terjebjornstad.com\/no\/2022\/05\/04\/fotosondag-fransk-biltreff\/#article","isPartOf":{"@id":"https:\/\/terjebjornstad.com\/no\/2022\/05\/04\/fotosondag-fransk-biltreff\/"},"author":{"name":"Terje Bj\u00f8rnstad","@id":"https:\/\/terjebjornstad.com\/no\/#\/schema\/person\/a281f6a6e0f3cc9fe468e7f0c655aa65"},"headline":"Fotos\u00f8ndag &#8211; Fransk biltreff","datePublished":"2022-05-04T20:19:06+00:00","dateModified":"2026-03-15T12:35:56+00:00","mainEntityOfPage":{"@id":"https:\/\/terjebjornstad.com\/no\/2022\/05\/04\/fotosondag-fransk-biltreff\/"},"wordCount":905,"commentCount":0,"publisher":{"@id":"https:\/\/terjebjornstad.com\/no\/#organization"},"image":{"@id":"https:\/\/terjebjornstad.com\/no\/2022\/05\/04\/fotosondag-fransk-biltreff\/#primaryimage"},"thumbnailUrl":"https:\/\/i0.wp.com\/terjebjornstad.com\/no\/wp-content\/uploads\/2022\/05\/rva-1080x609-1.png?fit=1080%2C609&ssl=1","keywords":["Franske biler"],"articleSection":["Artikkel","Fotos\u00f8ndag"],"inLanguage":"nb-NO","potentialAction":[{"@type":"CommentAction","name":"Comment","target":["https:\/\/terjebjornstad.com\/no\/2022\/05\/04\/fotosondag-fransk-biltreff\/#respond"]}]},{"@type":"WebPage","@id":"https:\/\/terjebjornstad.com\/no\/2022\/05\/04\/fotosondag-fransk-biltreff\/","url":"https:\/\/terjebjornstad.com\/no\/2022\/05\/04\/fotosondag-fransk-biltreff\/","name":"Fotos\u00f8ndag - Fransk biltreff - Terjes biler - Bildegalleri av biler","isPartOf":{"@id":"https:\/\/terjebjornstad.com\/no\/#website"},"primaryImageOfPage":{"@id":"https:\/\/terjebjornstad.com\/no\/2022\/05\/04\/fotosondag-fransk-biltreff\/#primaryimage"},"image":{"@id":"https:\/\/terjebjornstad.com\/no\/2022\/05\/04\/fotosondag-fransk-biltreff\/#primaryimage"},"thumbnailUrl":"https:\/\/i0.wp.com\/terjebjornstad.com\/no\/wp-content\/uploads\/2022\/05\/rva-1080x609-1.png?fit=1080%2C609&ssl=1","datePublished":"2022-05-04T20:19:06+00:00","dateModified":"2026-03-15T12:35:56+00:00","description":"Fotos\u00f8ndag er tilbragt p\u00e5 biltreff i Perpignan. Bildene fra treffet ser du her. Etter hvert skal de inn i \"Bilkatalogen\".","breadcrumb":{"@id":"https:\/\/terjebjornstad.com\/no\/2022\/05\/04\/fotosondag-fransk-biltreff\/#breadcrumb"},"inLanguage":"nb-NO","potentialAction":[{"@type":"ReadAction","target":["https:\/\/terjebjornstad.com\/no\/2022\/05\/04\/fotosondag-fransk-biltreff\/"]}]},{"@type":"ImageObject","inLanguage":"nb-NO","@id":"https:\/\/terjebjornstad.com\/no\/2022\/05\/04\/fotosondag-fransk-biltreff\/#primaryimage","url":"https:\/\/i0.wp.com\/terjebjornstad.com\/no\/wp-content\/uploads\/2022\/05\/rva-1080x609-1.png?fit=1080%2C609&ssl=1","contentUrl":"https:\/\/i0.wp.com\/terjebjornstad.com\/no\/wp-content\/uploads\/2022\/05\/rva-1080x609-1.png?fit=1080%2C609&ssl=1","width":1080,"height":609,"caption":"&nbsp; Fotos\u00f8ndag \u2013 Fransk biltreff Jeg har v\u00e6rt p\u00e5 et fransk biltreff i Perpignan og tatt bilder som etter hvert skal legges inn i BilkatalogenHer er en smakebit fra galleriet sist s\u00f8ndag. Se mer >> &nbsp;"},{"@type":"BreadcrumbList","@id":"https:\/\/terjebjornstad.com\/no\/2022\/05\/04\/fotosondag-fransk-biltreff\/#breadcrumb","itemListElement":[{"@type":"ListItem","position":1,"name":"Hjem","item":"https:\/\/terjebjornstad.com\/no\/"},{"@type":"ListItem","position":2,"name":"Fotos\u00f8ndag &#8211; Fransk biltreff"}]},{"@type":"WebSite","@id":"https:\/\/terjebjornstad.com\/no\/#website","url":"https:\/\/terjebjornstad.com\/no\/","name":"Terjes biler","description":"HONEST ABOUT CARS","publisher":{"@id":"https:\/\/terjebjornstad.com\/no\/#organization"},"alternateName":"Terjebjornstad.com","potentialAction":[{"@type":"SearchAction","target":{"@type":"EntryPoint","urlTemplate":"https:\/\/terjebjornstad.com\/no\/?s={search_term_string}"},"query-input":{"@type":"PropertyValueSpecification","valueRequired":true,"valueName":"search_term_string"}}],"inLanguage":"nb-NO"},{"@type":"Organization","@id":"https:\/\/terjebjornstad.com\/no\/#organization","name":"Terje Bj\u00f8rnstad ENK","url":"https:\/\/terjebjornstad.com\/no\/","logo":{"@type":"ImageObject","inLanguage":"nb-NO","@id":"https:\/\/terjebjornstad.com\/no\/#\/schema\/logo\/image\/","url":"https:\/\/i0.wp.com\/terjebjornstad.com\/no\/wp-content\/uploads\/2026\/02\/terjesbiler2024-960x354-1.png?fit=960%2C354&ssl=1","contentUrl":"https:\/\/i0.wp.com\/terjebjornstad.com\/no\/wp-content\/uploads\/2026\/02\/terjesbiler2024-960x354-1.png?fit=960%2C354&ssl=1","width":960,"height":354,"caption":"Terje Bj\u00f8rnstad ENK"},"image":{"@id":"https:\/\/terjebjornstad.com\/no\/#\/schema\/logo\/image\/"},"sameAs":["https:\/\/www.facebook.com\/terjesbiler\/","https:\/\/www.instagram.com\/terjesbiler\/","https:\/\/www.pinteres.com\/terjebjrnstad\/terjes-biler\/"]},{"@type":"Person","@id":"https:\/\/terjebjornstad.com\/no\/#\/schema\/person\/a281f6a6e0f3cc9fe468e7f0c655aa65","name":"Terje Bj\u00f8rnstad","image":{"@type":"ImageObject","inLanguage":"nb-NO","@id":"https:\/\/secure.gravatar.com\/avatar\/e8dff505b51cf6cb67ae06a06022d2049aac2da1e79dc146a36b58798c4b40ea?s=96&d=mm&r=g","url":"https:\/\/secure.gravatar.com\/avatar\/e8dff505b51cf6cb67ae06a06022d2049aac2da1e79dc146a36b58798c4b40ea?s=96&d=mm&r=g","contentUrl":"https:\/\/secure.gravatar.com\/avatar\/e8dff505b51cf6cb67ae06a06022d2049aac2da1e79dc146a36b58798c4b40ea?s=96&d=mm&r=g","caption":"Terje Bj\u00f8rnstad"},"description":"Terje Bj\u00f8rnstad. Bloggadministrator, hobbyfotograf og bilnerd.","sameAs":["https:\/\/www.facebook.com\/terjesbiler","https:\/\/www.instagram.com\/terjesbiler","https:\/\/no.pinterest.com\/terjebjrnstad","https:\/\/www.youtube.com\/channel\/UCzCKJJDybyIgKqatc_JQqIg"]}]}},"jetpack_publicize_connections":[],"jetpack_featured_media_url":"https:\/\/i0.wp.com\/terjebjornstad.com\/no\/wp-content\/uploads\/2022\/05\/rva-1080x609-1.png?fit=1080%2C609&ssl=1","jetpack_sharing_enabled":true,"jetpack_shortlink":"https:\/\/wp.me\/p48zYA-cAG","jetpack-related-posts":[{"id":41379,"url":"https:\/\/terjebjornstad.com\/no\/2021\/06\/28\/fotosondag-liv-i-kunstnergaten\/","url_meta":{"origin":48402,"position":0},"title":"Fotos\u00f8ndag &#8211; Liv i kunstnergaten","author":"Terje Bj\u00f8rnstad","date":"28\/06\/2021","format":false,"excerpt":"S\u00f8ndagen ble ikke like varm som det var varslet. Sola glimret med sitt frav\u00e6r. Da var det fint \u00e5 bevege seg ute og det var fint fotov\u00e6r. Jeg fikk luftet b\u00e5de tr\u00e5sykkelen og hunden noen timer denne dagen. Jeg fikk ogs\u00e5 \u00f8ye p\u00e5 noe skikkelig flotte biler i Kunstnergaten. \u00a0\u2026","rel":"","context":"i &quot;Artikkel&quot;","block_context":{"text":"Artikkel","link":"https:\/\/terjebjornstad.com\/no\/category\/artikkel\/"},"img":{"alt_text":"","src":"https:\/\/i0.wp.com\/terjebjornstad.com\/no\/wp-content\/uploads\/2021\/06\/1-1958-mercedes-benz-190-sl-1080x720-1.png?fit=1080%2C720&ssl=1&resize=350%2C200","width":350,"height":200,"srcset":"https:\/\/i0.wp.com\/terjebjornstad.com\/no\/wp-content\/uploads\/2021\/06\/1-1958-mercedes-benz-190-sl-1080x720-1.png?fit=1080%2C720&ssl=1&resize=350%2C200 1x, https:\/\/i0.wp.com\/terjebjornstad.com\/no\/wp-content\/uploads\/2021\/06\/1-1958-mercedes-benz-190-sl-1080x720-1.png?fit=1080%2C720&ssl=1&resize=525%2C300 1.5x, https:\/\/i0.wp.com\/terjebjornstad.com\/no\/wp-content\/uploads\/2021\/06\/1-1958-mercedes-benz-190-sl-1080x720-1.png?fit=1080%2C720&ssl=1&resize=700%2C400 2x, https:\/\/i0.wp.com\/terjebjornstad.com\/no\/wp-content\/uploads\/2021\/06\/1-1958-mercedes-benz-190-sl-1080x720-1.png?fit=1080%2C720&ssl=1&resize=1050%2C600 3x"},"classes":[]},{"id":59965,"url":"https:\/\/terjebjornstad.com\/no\/2023\/05\/29\/fotosondag-frihjul-roue-libre\/","url_meta":{"origin":48402,"position":1},"title":"Fotos\u00f8ndag &#8211; Frihjul","author":"Terje Bj\u00f8rnstad","date":"29\/05\/2023","format":false,"excerpt":"I pinsehelgen arrangerte Perpignan by en kj\u00f8ret\u00f8ymesse med et bredt spekter av temaer. Bildene i ukens fotos\u00f8ndag er fra \"Roue Libre\" som fritt oversatt er \"frihjul\" eller \"fritt h. Heller M-Town enn elbil Jeg hadde forventet meg at elbilene skulle v\u00e6re mer i fokus. Ett av form\u00e5lene med arrangementet var\u2026","rel":"","context":"i &quot;Artikkel&quot;","block_context":{"text":"Artikkel","link":"https:\/\/terjebjornstad.com\/no\/category\/artikkel\/"},"img":{"alt_text":"","src":"https:\/\/i0.wp.com\/terjebjornstad.com\/no\/wp-content\/uploads\/2023\/05\/bmw-z1-1826-1920x1920-1.jpg?fit=1200%2C1200&ssl=1&resize=350%2C200","width":350,"height":200,"srcset":"https:\/\/i0.wp.com\/terjebjornstad.com\/no\/wp-content\/uploads\/2023\/05\/bmw-z1-1826-1920x1920-1.jpg?fit=1200%2C1200&ssl=1&resize=350%2C200 1x, https:\/\/i0.wp.com\/terjebjornstad.com\/no\/wp-content\/uploads\/2023\/05\/bmw-z1-1826-1920x1920-1.jpg?fit=1200%2C1200&ssl=1&resize=525%2C300 1.5x, https:\/\/i0.wp.com\/terjebjornstad.com\/no\/wp-content\/uploads\/2023\/05\/bmw-z1-1826-1920x1920-1.jpg?fit=1200%2C1200&ssl=1&resize=700%2C400 2x, https:\/\/i0.wp.com\/terjebjornstad.com\/no\/wp-content\/uploads\/2023\/05\/bmw-z1-1826-1920x1920-1.jpg?fit=1200%2C1200&ssl=1&resize=1050%2C600 3x"},"classes":[]},{"id":49573,"url":"https:\/\/terjebjornstad.com\/no\/2022\/07\/05\/fotosondag-biltreff-pa-nebbenes\/","url_meta":{"origin":48402,"position":2},"title":"Fotos\u00f8ndag &#8211; Biltreff p\u00e5 Nebbenes","author":"Terje Bj\u00f8rnstad","date":"05\/07\/2022","format":false,"excerpt":"Sist s\u00f8ndag arrangerte American Cruisers Club Eidsvoll og Romerike Gammelbilklubb et biltreff ved kafeen ved Nebbenes nordg\u00e5ende. Det var grill, musikk og fine biler, selvf\u00f8lgelig. Nostalgi p\u00e5 E6 Jeg stakk innom Nebbenes p\u00e5 vei oppover E6 for et n\u00f8dvendig \u00e6rend p\u00e5 hytta. Bilene fra 60- 70- og 80-\u00e5rene vekket minner\u2026","rel":"","context":"i &quot;Artikkel&quot;","block_context":{"text":"Artikkel","link":"https:\/\/terjebjornstad.com\/no\/category\/artikkel\/"},"img":{"alt_text":"","src":"https:\/\/i0.wp.com\/terjebjornstad.com\/no\/wp-content\/uploads\/2022\/07\/nebbenes-nord-1280x853-1.jpg?fit=1200%2C800&ssl=1&resize=350%2C200","width":350,"height":200,"srcset":"https:\/\/i0.wp.com\/terjebjornstad.com\/no\/wp-content\/uploads\/2022\/07\/nebbenes-nord-1280x853-1.jpg?fit=1200%2C800&ssl=1&resize=350%2C200 1x, https:\/\/i0.wp.com\/terjebjornstad.com\/no\/wp-content\/uploads\/2022\/07\/nebbenes-nord-1280x853-1.jpg?fit=1200%2C800&ssl=1&resize=525%2C300 1.5x, https:\/\/i0.wp.com\/terjebjornstad.com\/no\/wp-content\/uploads\/2022\/07\/nebbenes-nord-1280x853-1.jpg?fit=1200%2C800&ssl=1&resize=700%2C400 2x, https:\/\/i0.wp.com\/terjebjornstad.com\/no\/wp-content\/uploads\/2022\/07\/nebbenes-nord-1280x853-1.jpg?fit=1200%2C800&ssl=1&resize=1050%2C600 3x"},"classes":[]},{"id":71756,"url":"https:\/\/terjebjornstad.com\/no\/2024\/05\/14\/vespaen-som-italienerne-ikke-fikk-kjope\/","url_meta":{"origin":48402,"position":3},"title":"Vespaen som italienerne ikke fikk kj\u00f8pe","author":"Terje Bj\u00f8rnstad","date":"14\/05\/2024","format":false,"excerpt":"Vespas f\u00f8rste og eneste bil kom aldri i salg i Italia. Agnelli-familien, som eide Fiat, stakk kjepper i hjulene for ikke \u00e5 f\u00e5 en utfordrer til sin Fiat 500. P\u00e5 1950-tallet dukket det opp flere mikrobiler. Vi har tidligere skrevet om Berkeley, Isetta, Frisky, Goliath, Lloyd og norske Troll, merker\u2026","rel":"","context":"i &quot;Mikrobil&quot;","block_context":{"text":"Mikrobil","link":"https:\/\/terjebjornstad.com\/no\/category\/mikrobil\/"},"img":{"alt_text":"","src":"https:\/\/i0.wp.com\/terjebjornstad.com\/no\/wp-content\/uploads\/2024\/05\/Vespa-400-closeup-2000x1333-1.jpg?fit=1200%2C800&ssl=1&resize=350%2C200","width":350,"height":200,"srcset":"https:\/\/i0.wp.com\/terjebjornstad.com\/no\/wp-content\/uploads\/2024\/05\/Vespa-400-closeup-2000x1333-1.jpg?fit=1200%2C800&ssl=1&resize=350%2C200 1x, https:\/\/i0.wp.com\/terjebjornstad.com\/no\/wp-content\/uploads\/2024\/05\/Vespa-400-closeup-2000x1333-1.jpg?fit=1200%2C800&ssl=1&resize=525%2C300 1.5x, https:\/\/i0.wp.com\/terjebjornstad.com\/no\/wp-content\/uploads\/2024\/05\/Vespa-400-closeup-2000x1333-1.jpg?fit=1200%2C800&ssl=1&resize=700%2C400 2x, https:\/\/i0.wp.com\/terjebjornstad.com\/no\/wp-content\/uploads\/2024\/05\/Vespa-400-closeup-2000x1333-1.jpg?fit=1200%2C800&ssl=1&resize=1050%2C600 3x"},"classes":[]},{"id":59300,"url":"https:\/\/terjebjornstad.com\/no\/2023\/04\/18\/fotosondag-kobenhavn\/","url_meta":{"origin":48402,"position":4},"title":"Fotos\u00f8ndag &#8211; K\u00f8benhavn","author":"Terje Bj\u00f8rnstad","date":"18\/04\/2023","format":false,"excerpt":"Tivoli, Str\u00f8get og Nyhavn er popul\u00e6re destinasjoner for nordmenn. Vi har v\u00e6rt der p\u00e5 en v\u00e5rtur sammen med et vennepar som kjenner byen bedre enn de fleste. Det var en tur uten innlagte bil-evenementer, men med sm\u00e5 raske turer rundt i byen med \u00e9nh\u00e5ndskameraet klart i lommen og et blikk\u2026","rel":"","context":"i &quot;Artikkel&quot;","block_context":{"text":"Artikkel","link":"https:\/\/terjebjornstad.com\/no\/category\/artikkel\/"},"img":{"alt_text":"","src":"https:\/\/i0.wp.com\/terjebjornstad.com\/no\/wp-content\/uploads\/2023\/04\/1-kobenhavn-1280x853-1.jpg?fit=1200%2C800&ssl=1&resize=350%2C200","width":350,"height":200,"srcset":"https:\/\/i0.wp.com\/terjebjornstad.com\/no\/wp-content\/uploads\/2023\/04\/1-kobenhavn-1280x853-1.jpg?fit=1200%2C800&ssl=1&resize=350%2C200 1x, https:\/\/i0.wp.com\/terjebjornstad.com\/no\/wp-content\/uploads\/2023\/04\/1-kobenhavn-1280x853-1.jpg?fit=1200%2C800&ssl=1&resize=525%2C300 1.5x, https:\/\/i0.wp.com\/terjebjornstad.com\/no\/wp-content\/uploads\/2023\/04\/1-kobenhavn-1280x853-1.jpg?fit=1200%2C800&ssl=1&resize=700%2C400 2x, https:\/\/i0.wp.com\/terjebjornstad.com\/no\/wp-content\/uploads\/2023\/04\/1-kobenhavn-1280x853-1.jpg?fit=1200%2C800&ssl=1&resize=1050%2C600 3x"},"classes":[]},{"id":16736,"url":"https:\/\/terjebjornstad.com\/no\/2018\/05\/22\/fransk-v8\/","url_meta":{"origin":48402,"position":5},"title":"Fransk V8","author":"Terje Bj\u00f8rnstad","date":"22\/05\/2018","format":"gallery","excerpt":"Den s\u00e5 ut som bilen til Sp\u00f8kelseskladden eller B-gjengen. Den hadde en r\u00f8ff, ukultivert motorlyd. Ikke like lun som Buick'en jeg nylig hadde v\u00e6rt p\u00e5 tur med. Beskrivelsen av Simca Vedette er hentet fra min egen erindring som guttunge omkring 1970. En nabo passerte huset v\u00e5rt daglig med sin Simca\u2026","rel":"","context":"i &quot;Artikkel&quot;","block_context":{"text":"Artikkel","link":"https:\/\/terjebjornstad.com\/no\/category\/artikkel\/"},"img":{"alt_text":"","src":"https:\/\/i0.wp.com\/terjebjornstad.com\/no\/wp-content\/uploads\/2018\/05\/vedette-beaulieu-110.png?fit=686%2C457&ssl=1&resize=350%2C200","width":350,"height":200,"srcset":"https:\/\/i0.wp.com\/terjebjornstad.com\/no\/wp-content\/uploads\/2018\/05\/vedette-beaulieu-110.png?fit=686%2C457&ssl=1&resize=350%2C200 1x, https:\/\/i0.wp.com\/terjebjornstad.com\/no\/wp-content\/uploads\/2018\/05\/vedette-beaulieu-110.png?fit=686%2C457&ssl=1&resize=525%2C300 1.5x"},"classes":[]}],"gt_translate_keys":[{"key":"link","format":"url"}],"_links":{"self":[{"href":"https:\/\/terjebjornstad.com\/no\/wp-json\/wp\/v2\/posts\/48402","targetHints":{"allow":["GET"]}}],"collection":[{"href":"https:\/\/terjebjornstad.com\/no\/wp-json\/wp\/v2\/posts"}],"about":[{"href":"https:\/\/terjebjornstad.com\/no\/wp-json\/wp\/v2\/types\/post"}],"author":[{"embeddable":true,"href":"https:\/\/terjebjornstad.com\/no\/wp-json\/wp\/v2\/users\/1"}],"replies":[{"embeddable":true,"href":"https:\/\/terjebjornstad.com\/no\/wp-json\/wp\/v2\/comments?post=48402"}],"version-history":[{"count":37,"href":"https:\/\/terjebjornstad.com\/no\/wp-json\/wp\/v2\/posts\/48402\/revisions"}],"predecessor-version":[{"id":91275,"href":"https:\/\/terjebjornstad.com\/no\/wp-json\/wp\/v2\/posts\/48402\/revisions\/91275"}],"wp:featuredmedia":[{"embeddable":true,"href":"https:\/\/terjebjornstad.com\/no\/wp-json\/wp\/v2\/media\/48432"}],"wp:attachment":[{"href":"https:\/\/terjebjornstad.com\/no\/wp-json\/wp\/v2\/media?parent=48402"}],"wp:term":[{"taxonomy":"category","embeddable":true,"href":"https:\/\/terjebjornstad.com\/no\/wp-json\/wp\/v2\/categories?post=48402"},{"taxonomy":"post_tag","embeddable":true,"href":"https:\/\/terjebjornstad.com\/no\/wp-json\/wp\/v2\/tags?post=48402"}],"curies":[{"name":"wp","href":"https:\/\/api.w.org\/{rel}","templated":true}]}}