{"id":47213,"date":"2022-03-06T22:24:45","date_gmt":"2022-03-06T21:24:45","guid":{"rendered":"https:\/\/terjebjornstad.com\/no\/?p=47213"},"modified":"2024-03-21T09:50:30","modified_gmt":"2024-03-21T08:50:30","slug":"ladbare-veier-med-induksjon","status":"publish","type":"post","link":"https:\/\/terjebjornstad.com\/no\/2022\/03\/06\/ladbare-veier-med-induksjon\/","title":{"rendered":"Ladbare veier med induksjon","gt_translate_keys":[{"key":"rendered","format":"text"}]},"content":{"rendered":"<div class=\"copy_teb\"><figure id=\"attachment_47209\" aria-describedby=\"caption-attachment-47209\" style=\"width: 1080px\" class=\"wp-caption aligncenter\"><a href=\"https:\/\/i0.wp.com\/terjebjornstad.com\/no\/wp-content\/uploads\/2022\/03\/1920-ladung-1080x674-1.png?ssl=1\"><img data-recalc-dims=\"1\" loading=\"lazy\" decoding=\"async\" data-attachment-id=\"47209\" data-permalink=\"https:\/\/terjebjornstad.com\/no\/2022\/03\/06\/ladbare-veier-med-induksjon\/1920-ladung-1080x674\/\" data-orig-file=\"https:\/\/i0.wp.com\/terjebjornstad.com\/no\/wp-content\/uploads\/2022\/03\/1920-ladung-1080x674-1.png?fit=1080%2C674&amp;ssl=1\" data-orig-size=\"1080,674\" data-comments-opened=\"1\" data-image-meta=\"{&quot;aperture&quot;:&quot;0&quot;,&quot;credit&quot;:&quot;&quot;,&quot;camera&quot;:&quot;&quot;,&quot;caption&quot;:&quot;&quot;,&quot;created_timestamp&quot;:&quot;0&quot;,&quot;copyright&quot;:&quot;&quot;,&quot;focal_length&quot;:&quot;0&quot;,&quot;iso&quot;:&quot;0&quot;,&quot;shutter_speed&quot;:&quot;0&quot;,&quot;title&quot;:&quot;&quot;,&quot;orientation&quot;:&quot;0&quot;}\" data-image-title=\"1920-ladung-1080&amp;#215;674\" data-image-description=\"\" data-image-caption=\"&lt;p&gt;Ladbare veier med induksjon&lt;\/p&gt;\n\" data-large-file=\"https:\/\/i0.wp.com\/terjebjornstad.com\/no\/wp-content\/uploads\/2022\/03\/1920-ladung-1080x674-1.png?fit=980%2C612&amp;ssl=1\" src=\"https:\/\/i0.wp.com\/terjebjornstad.com\/no\/wp-content\/uploads\/2022\/03\/1920-ladung-1080x674-1.png?resize=980%2C612&#038;ssl=1\" alt=\"ladbare veier\" width=\"980\" height=\"612\" class=\"size-full wp-image-47209\" srcset=\"https:\/\/i0.wp.com\/terjebjornstad.com\/no\/wp-content\/uploads\/2022\/03\/1920-ladung-1080x674-1.png?w=1080&amp;ssl=1 1080w, https:\/\/i0.wp.com\/terjebjornstad.com\/no\/wp-content\/uploads\/2022\/03\/1920-ladung-1080x674-1.png?resize=300%2C187&amp;ssl=1 300w, https:\/\/i0.wp.com\/terjebjornstad.com\/no\/wp-content\/uploads\/2022\/03\/1920-ladung-1080x674-1.png?resize=768%2C479&amp;ssl=1 768w, https:\/\/i0.wp.com\/terjebjornstad.com\/no\/wp-content\/uploads\/2022\/03\/1920-ladung-1080x674-1.png?resize=690%2C431&amp;ssl=1 690w, https:\/\/i0.wp.com\/terjebjornstad.com\/no\/wp-content\/uploads\/2022\/03\/1920-ladung-1080x674-1.png?resize=980%2C612&amp;ssl=1 980w\" sizes=\"auto, (max-width: 980px) 100vw, 980px\" \/><\/a><figcaption id=\"caption-attachment-47209\" class=\"wp-caption-text\">Illustrasjon etter id\u00e9 av Dr Archibald Low (bilde: Anders de Lange)<\/figcaption><\/figure><\/p>\n<blockquote><p>Mange biler tilbyr n\u00e5 tr\u00e5dl\u00f8s lading av mobiltelefoner. Legger jeg mobilen over midtkonsollen p\u00e5 Teslaen, lades den uten fysisk kontakt med str\u00f8mkilden. Det fungerer p\u00e5 samme m\u00e5ten n\u00e5r jeg lader den elektriske tannb\u00f8rsten. Den settes opp p\u00e5 en lader hvor man godt kan s\u00f8le med vann og tannkrem uten at noe kortslutter.<\/p><\/blockquote>\n<h3>&nbsp;<\/h3>\n<h3 class=\"tebh2\">Konseptet fungerer ogs\u00e5 for lading av elbiler<\/h3>\n<p>Det testes ut flere steder for \u00f8yeblikket. I Haakon VIIs gate i Oslo har Norgestaxi egne tr\u00e5dl\u00f8se ladestasjoner. Det er et prosjekt i samarbeid med Jaguar Land Rover. Bilene som benyttes, er Jaguar I-Pace tilpasset induksjonslading. I G\u00f8teborg kj\u00f8res et tilsvarende prosjekt med Volvo XC-40 Recharge fra Cabonline taxi. Prosjektet er et samarbeid mellom Volvo Bil, Volvo Car S\u00f6rred, Vattenfall, inCharge og G\u00f6teborg Energi. Bilene som er med i programmet, er i bruk mer enn 12 timer pr d\u00f8gn og ruller 100 000 km i \u00e5ret. Ikke bare f\u00e5r man testet ladeopplegget, men ogs\u00e5 Volvoene.<\/p>\n<h3 class=\"tebh2\">Ladbare veier<\/h3>\n<p>Induksjonslading \u00e5pner ogs\u00e5 muligheter for \u00e5 bygge ladbare veier. P\u00e5 Gotland finnes det i dag en 1,6 km lang ladbar vei mellom Visby sentrum og flyplassen hvor en el-drevet buss g\u00e5r i rute. Det er et prosjekt som drives av Smartroad Gotland sammen med det israelske teknologifirmaet Electreon. Prosjektet finansieres av det svenske Trafikverket. Flere land studerer erfaringene fra Gotland. Et tilsvarende prosjekt skal bygges i Detroit hvor Ford er involvert. Det er mange som er skeptiske til ladbare veier, blant annet hvordan de takler sn\u00f8, is, salt og br\u00f8yting. Forel\u00f8pig ser veien p\u00e5 Gotland ut til \u00e5 ha greidd seg fint siden den ble satt i drift i oktober i fjor. <\/p>\n<h3 class=\"tebh2\">Bygger lite i h\u00f8yden<\/h3>\n<p>L\u00f8sningen fra Electreon baserer seg p\u00e5 kobbersl\u00f8yfer under veien. De bygger bare 8 cm, s\u00e5 det beh\u00f8ves ingen strukturelle endringer i fundamenteringen. I f\u00f8lge produsenten medf\u00f8rer ikke el-sl\u00f8yfene noen risiko for folk &#8211; verken i inne i kj\u00f8ret\u00f8yene eller langs veien. <\/p>\n<h3>&nbsp;<\/h3>\n<figure id=\"attachment_47210\" aria-describedby=\"caption-attachment-47210\" style=\"width: 720px\" class=\"wp-caption aligncenter\"><a href=\"https:\/\/i0.wp.com\/terjebjornstad.com\/no\/wp-content\/uploads\/2022\/03\/smartroads-gotland-720x1080-1.png?ssl=1\"><img data-recalc-dims=\"1\" loading=\"lazy\" decoding=\"async\" data-attachment-id=\"47210\" data-permalink=\"https:\/\/terjebjornstad.com\/no\/2022\/03\/06\/ladbare-veier-med-induksjon\/smartroads-gotland-720x1080\/\" data-orig-file=\"https:\/\/i0.wp.com\/terjebjornstad.com\/no\/wp-content\/uploads\/2022\/03\/smartroads-gotland-720x1080-1.png?fit=720%2C1080&amp;ssl=1\" data-orig-size=\"720,1080\" data-comments-opened=\"1\" data-image-meta=\"{&quot;aperture&quot;:&quot;0&quot;,&quot;credit&quot;:&quot;&quot;,&quot;camera&quot;:&quot;&quot;,&quot;caption&quot;:&quot;&quot;,&quot;created_timestamp&quot;:&quot;0&quot;,&quot;copyright&quot;:&quot;&quot;,&quot;focal_length&quot;:&quot;0&quot;,&quot;iso&quot;:&quot;0&quot;,&quot;shutter_speed&quot;:&quot;0&quot;,&quot;title&quot;:&quot;&quot;,&quot;orientation&quot;:&quot;0&quot;}\" data-image-title=\"smartroads-gotland-720&amp;#215;1080\" data-image-description=\"\" data-image-caption=\"&lt;p&gt;Smartroads Gotland fra byggingen av selvladende vei (kilde: Smartroads Gotland)&lt;\/p&gt;\n\" data-large-file=\"https:\/\/i0.wp.com\/terjebjornstad.com\/no\/wp-content\/uploads\/2022\/03\/smartroads-gotland-720x1080-1.png?fit=720%2C1080&amp;ssl=1\" src=\"https:\/\/i0.wp.com\/terjebjornstad.com\/no\/wp-content\/uploads\/2022\/03\/smartroads-gotland-720x1080-1.png?resize=720%2C1080&#038;ssl=1\" alt=\"ladbare veier\" width=\"720\" height=\"1080\" class=\"size-full wp-image-47210\" srcset=\"https:\/\/i0.wp.com\/terjebjornstad.com\/no\/wp-content\/uploads\/2022\/03\/smartroads-gotland-720x1080-1.png?w=720&amp;ssl=1 720w, https:\/\/i0.wp.com\/terjebjornstad.com\/no\/wp-content\/uploads\/2022\/03\/smartroads-gotland-720x1080-1.png?resize=200%2C300&amp;ssl=1 200w, https:\/\/i0.wp.com\/terjebjornstad.com\/no\/wp-content\/uploads\/2022\/03\/smartroads-gotland-720x1080-1.png?resize=690%2C1035&amp;ssl=1 690w\" sizes=\"auto, (max-width: 720px) 100vw, 720px\" \/><\/a><figcaption id=\"caption-attachment-47210\" class=\"wp-caption-text\">Smartroads Gotland fra byggingen av selvladende vei (kilde: Smartroads Gotland)<\/figcaption><\/figure>\n<h3 class=\"tebh2\">Skaper gr\u00f8nne lunger i byene<\/h3>\n<p>Selv om teknologien for ladbare veier finnes, gjenst\u00e5r en rekke ul\u00f8ste sp\u00f8rsm\u00e5l med hensyn til st\u00f8rre utbygginger. Hvordan skal utbyggingene finansieres? Hvem skal betale? &#8211; Og hvordan skal man beregne avgiften? \u00c9n l\u00f8sning er via bompenger hvor elbiler med muligheter for induksjonslading betaler en h\u00f8yere sats enn andre biler. Forel\u00f8pig kan ladbare gater v\u00e6re en naturlig del av gr\u00f8nne, utslippsfrie omr\u00e5der som innf\u00f8res i flere byer nedover i Europa. Da kan ogs\u00e5 hybridbiler som er utstyrt med induksjonslader, slippes inn p\u00e5 linje med nullutslipps-kj\u00f8ret\u00f8y. <\/p>\n<h3 class=\"tebh2\">Kommer langt p\u00e5 liten batteripakke<\/h3>\n<p>Ladbare veier kan nemlig bety en oppblomstring av ladbare hybridbiler og elbiler med sm\u00e5 batteripakker. Ikke alle \u00f8nsker &#8211; eller har r\u00e5d til \u00e5 kj\u00f8pe store el-SUV&#8217;er p\u00e5 2,5 tonn &#8211; i hvert fall ikke i Syd-Europa. Fiat (Stellantis) har et samarbeid med Electreon hvor man tester ladbare veier b\u00e5de p\u00e5 et vogntog og en el-drevet Fiat 500. En annen ting som taler for ladbare veier, er at f\u00e5 bileiere disponerer egen garasje og hjemmelader i de store byene.<\/p>\n<h3 class=\"tebh2\">Ingen ny id\u00e9<\/h3>\n<p>Mange tror at elbiler er en nymotens oppfinnelse. Faktum er at flere bilprodusenter bygde elbiler allerede i bilens barndom p\u00e5 1900-tallet. Bensin var dyrt og forurensning var et tema allerede da. <em>Anders de Lange<\/em> sendte meg nylig en artikkel fra 1920 som presenterer ideer fra den britiske vitenskapsmannen <em>Archibald Low<\/em>. Dr. Low forsket p\u00e5 tr\u00e5dl\u00f8s kommunikasjon, blant annet TV-signaler og tr\u00e5dl\u00f8s fjernstyring. Han bygde den f\u00f8rste fjernstyrte dronen i verden. En annen av Low&#8217;s id\u00e9er var elbiler som kunne fange opp elektrisitet fra tr\u00e5dl\u00f8se kraftfelt &#8211; en forgjenger til dagens ladbare veier (se hovedbildet).<br \/>\n&nbsp;<br \/>\nJeg tenker at Dr. Lows l\u00f8sning neppe ville v\u00e6re ufarlig for folkene inne i kj\u00f8ret\u00f8yene &#8211; i hvert fall ikke med tanke p\u00e5 elektromagnetisk str\u00e5ling. Det som imidlertid sl\u00e5r meg, er hvor elegante dagens biler kunne blitt hvis elbilteknologien hadde tatt overh\u00e5nd tidlig p\u00e5 1900-tallet.<br \/>\n&nbsp;<\/p>\n<blockquote><p>Tommel opp for sigarformede biler.<\/p><\/blockquote>\n<p>&nbsp;<\/p>\n<h3>&nbsp;<\/h3>\n<figure id=\"attachment_47211\" aria-describedby=\"caption-attachment-47211\" style=\"width: 1080px\" class=\"wp-caption aligncenter\"><a href=\"https:\/\/i0.wp.com\/terjebjornstad.com\/no\/wp-content\/uploads\/2022\/03\/Volvo_Cars_tests_wireless_charging_technology-2-1080x608-1.png?ssl=1\"><img data-recalc-dims=\"1\" loading=\"lazy\" decoding=\"async\" data-attachment-id=\"47211\" data-permalink=\"https:\/\/terjebjornstad.com\/no\/2022\/03\/06\/ladbare-veier-med-induksjon\/volvo_cars_tests_wireless_charging_technology-2-1080x608\/\" data-orig-file=\"https:\/\/i0.wp.com\/terjebjornstad.com\/no\/wp-content\/uploads\/2022\/03\/Volvo_Cars_tests_wireless_charging_technology-2-1080x608-1.png?fit=1080%2C608&amp;ssl=1\" data-orig-size=\"1080,608\" data-comments-opened=\"1\" data-image-meta=\"{&quot;aperture&quot;:&quot;0&quot;,&quot;credit&quot;:&quot;&quot;,&quot;camera&quot;:&quot;&quot;,&quot;caption&quot;:&quot;&quot;,&quot;created_timestamp&quot;:&quot;0&quot;,&quot;copyright&quot;:&quot;&quot;,&quot;focal_length&quot;:&quot;0&quot;,&quot;iso&quot;:&quot;0&quot;,&quot;shutter_speed&quot;:&quot;0&quot;,&quot;title&quot;:&quot;&quot;,&quot;orientation&quot;:&quot;0&quot;}\" data-image-title=\"Volvo_Cars_tests_wireless_charging_technology-2-1080&amp;#215;608\" data-image-description=\"\" data-image-caption=\"&lt;p&gt;Tr\u00e5dl\u00f8s lading av taxier fra Cabonline i G\u00f6teborg (kilde: Volvo Cars)&lt;\/p&gt;\n\" data-large-file=\"https:\/\/i0.wp.com\/terjebjornstad.com\/no\/wp-content\/uploads\/2022\/03\/Volvo_Cars_tests_wireless_charging_technology-2-1080x608-1.png?fit=980%2C552&amp;ssl=1\" src=\"https:\/\/i0.wp.com\/terjebjornstad.com\/no\/wp-content\/uploads\/2022\/03\/Volvo_Cars_tests_wireless_charging_technology-2-1080x608-1.png?resize=980%2C552&#038;ssl=1\" alt=\"ladbare veier\" width=\"980\" height=\"552\" class=\"size-full wp-image-47211\" srcset=\"https:\/\/i0.wp.com\/terjebjornstad.com\/no\/wp-content\/uploads\/2022\/03\/Volvo_Cars_tests_wireless_charging_technology-2-1080x608-1.png?w=1080&amp;ssl=1 1080w, https:\/\/i0.wp.com\/terjebjornstad.com\/no\/wp-content\/uploads\/2022\/03\/Volvo_Cars_tests_wireless_charging_technology-2-1080x608-1.png?resize=300%2C169&amp;ssl=1 300w, https:\/\/i0.wp.com\/terjebjornstad.com\/no\/wp-content\/uploads\/2022\/03\/Volvo_Cars_tests_wireless_charging_technology-2-1080x608-1.png?resize=768%2C432&amp;ssl=1 768w, https:\/\/i0.wp.com\/terjebjornstad.com\/no\/wp-content\/uploads\/2022\/03\/Volvo_Cars_tests_wireless_charging_technology-2-1080x608-1.png?resize=690%2C388&amp;ssl=1 690w, https:\/\/i0.wp.com\/terjebjornstad.com\/no\/wp-content\/uploads\/2022\/03\/Volvo_Cars_tests_wireless_charging_technology-2-1080x608-1.png?resize=980%2C552&amp;ssl=1 980w\" sizes=\"auto, (max-width: 980px) 100vw, 980px\" \/><\/a><figcaption id=\"caption-attachment-47211\" class=\"wp-caption-text\">Tr\u00e5dl\u00f8s lading av taxier fra Cabonline i G\u00f6teborg (kilde: Volvo Cars)<\/figcaption><\/figure>\n<figure id=\"attachment_47212\" aria-describedby=\"caption-attachment-47212\" style=\"width: 1080px\" class=\"wp-caption aligncenter\"><a href=\"https:\/\/i0.wp.com\/terjebjornstad.com\/no\/wp-content\/uploads\/2022\/03\/Volvo_Cars_wireless_charging_technology-1-1080x720-1.png?ssl=1\"><img data-recalc-dims=\"1\" loading=\"lazy\" decoding=\"async\" data-attachment-id=\"47212\" data-permalink=\"https:\/\/terjebjornstad.com\/no\/2022\/03\/06\/ladbare-veier-med-induksjon\/volvo_cars_wireless_charging_technology-1-1080x720\/\" data-orig-file=\"https:\/\/i0.wp.com\/terjebjornstad.com\/no\/wp-content\/uploads\/2022\/03\/Volvo_Cars_wireless_charging_technology-1-1080x720-1.png?fit=1080%2C720&amp;ssl=1\" data-orig-size=\"1080,720\" data-comments-opened=\"1\" data-image-meta=\"{&quot;aperture&quot;:&quot;0&quot;,&quot;credit&quot;:&quot;&quot;,&quot;camera&quot;:&quot;&quot;,&quot;caption&quot;:&quot;&quot;,&quot;created_timestamp&quot;:&quot;0&quot;,&quot;copyright&quot;:&quot;&quot;,&quot;focal_length&quot;:&quot;0&quot;,&quot;iso&quot;:&quot;0&quot;,&quot;shutter_speed&quot;:&quot;0&quot;,&quot;title&quot;:&quot;&quot;,&quot;orientation&quot;:&quot;0&quot;}\" data-image-title=\"Volvo_Cars_wireless_charging_technology-1-1080&amp;#215;720\" data-image-description=\"\" data-image-caption=\"&lt;p&gt;Tr\u00e5dl\u00f8s lading uten \u00e5 forlate bilen (kilde: Volvo Cars)&lt;\/p&gt;\n\" data-large-file=\"https:\/\/i0.wp.com\/terjebjornstad.com\/no\/wp-content\/uploads\/2022\/03\/Volvo_Cars_wireless_charging_technology-1-1080x720-1.png?fit=980%2C653&amp;ssl=1\" src=\"https:\/\/i0.wp.com\/terjebjornstad.com\/no\/wp-content\/uploads\/2022\/03\/Volvo_Cars_wireless_charging_technology-1-1080x720-1.png?resize=980%2C653&#038;ssl=1\" alt=\"ladbare veier\" width=\"980\" height=\"653\" class=\"size-full wp-image-47212\" srcset=\"https:\/\/i0.wp.com\/terjebjornstad.com\/no\/wp-content\/uploads\/2022\/03\/Volvo_Cars_wireless_charging_technology-1-1080x720-1.png?w=1080&amp;ssl=1 1080w, https:\/\/i0.wp.com\/terjebjornstad.com\/no\/wp-content\/uploads\/2022\/03\/Volvo_Cars_wireless_charging_technology-1-1080x720-1.png?resize=300%2C200&amp;ssl=1 300w, https:\/\/i0.wp.com\/terjebjornstad.com\/no\/wp-content\/uploads\/2022\/03\/Volvo_Cars_wireless_charging_technology-1-1080x720-1.png?resize=768%2C512&amp;ssl=1 768w, https:\/\/i0.wp.com\/terjebjornstad.com\/no\/wp-content\/uploads\/2022\/03\/Volvo_Cars_wireless_charging_technology-1-1080x720-1.png?resize=690%2C460&amp;ssl=1 690w, https:\/\/i0.wp.com\/terjebjornstad.com\/no\/wp-content\/uploads\/2022\/03\/Volvo_Cars_wireless_charging_technology-1-1080x720-1.png?resize=980%2C653&amp;ssl=1 980w\" sizes=\"auto, (max-width: 980px) 100vw, 980px\" \/><\/a><figcaption id=\"caption-attachment-47212\" class=\"wp-caption-text\">Tr\u00e5dl\u00f8s lading uten \u00e5 forlate bilen (kilde: Volvo Cars)<\/figcaption><\/figure>\n<h3>&nbsp;<\/h3>\n<h3 class=\"tebh2\">Kilder<\/h3>\n<p><a href=\"https:\/\/en.wikipedia.org\/wiki\/Archibald_Low\" target=\"_blank\" rel=\"noopener\"><strong>Archibald Low p\u00e5 Wikipedia<\/strong><\/a><\/p>\n<p><a href=\"https:\/\/www.smartroadgotland.com\/\" target=\"_blank\" rel=\"noopener\"><strong>Smartroad Gotland<\/strong><\/a><\/p>\n<p><a href=\"https:\/\/electreon.com\/\" target=\"_blank\" rel=\"noopener\"><strong>Electreon<\/strong><\/a><\/p>\n<h3 class=\"tebh2\">Se ogs\u00e5<\/h3>\n<p><figure id=\"attachment_42581\" aria-describedby=\"caption-attachment-42581\" style=\"width: 150px\" class=\"wp-caption alignleft\"><a href=\"https:\/\/terjebjornstad.com\/no\/2021\/08\/22\/ladeforviklinger-i-sverige\/\"><img data-recalc-dims=\"1\" loading=\"lazy\" decoding=\"async\" data-attachment-id=\"42581\" data-permalink=\"https:\/\/terjebjornstad.com\/no\/2022\/03\/06\/ladbare-veier-med-induksjon\/1-xpeng-g3-1080x720-5\/\" data-orig-file=\"https:\/\/i0.wp.com\/terjebjornstad.com\/no\/wp-content\/uploads\/2021\/08\/1-xpeng-g3-1080x720-5.png?fit=1080%2C608&amp;ssl=1\" data-orig-size=\"1080,608\" data-comments-opened=\"1\" data-image-meta=\"{&quot;aperture&quot;:&quot;0&quot;,&quot;credit&quot;:&quot;&quot;,&quot;camera&quot;:&quot;&quot;,&quot;caption&quot;:&quot;&quot;,&quot;created_timestamp&quot;:&quot;0&quot;,&quot;copyright&quot;:&quot;&quot;,&quot;focal_length&quot;:&quot;0&quot;,&quot;iso&quot;:&quot;0&quot;,&quot;shutter_speed&quot;:&quot;0&quot;,&quot;title&quot;:&quot;&quot;,&quot;orientation&quot;:&quot;0&quot;}\" data-image-title=\"1-xpeng-g3-1080&amp;#215;720-5\" data-image-description=\"\" data-image-caption=\"&lt;p&gt;Ladeforviklinger i Sverige&lt;\/p&gt;\n\" data-large-file=\"https:\/\/i0.wp.com\/terjebjornstad.com\/no\/wp-content\/uploads\/2021\/08\/1-xpeng-g3-1080x720-5.png?fit=980%2C552&amp;ssl=1\" src=\"https:\/\/i0.wp.com\/terjebjornstad.com\/no\/wp-content\/uploads\/2021\/08\/1-xpeng-g3-1080x720-5.png?resize=150%2C150&#038;ssl=1\" alt=\"leveringstid\" width=\"150\" height=\"150\" class=\"size-thumbnail wp-image-42581\" srcset=\"https:\/\/i0.wp.com\/terjebjornstad.com\/no\/wp-content\/uploads\/2021\/08\/1-xpeng-g3-1080x720-5.png?resize=150%2C150&amp;ssl=1 150w, https:\/\/i0.wp.com\/terjebjornstad.com\/no\/wp-content\/uploads\/2021\/08\/1-xpeng-g3-1080x720-5.png?resize=50%2C50&amp;ssl=1 50w, https:\/\/i0.wp.com\/terjebjornstad.com\/no\/wp-content\/uploads\/2021\/08\/1-xpeng-g3-1080x720-5.png?zoom=2&amp;resize=150%2C150&amp;ssl=1 300w, https:\/\/i0.wp.com\/terjebjornstad.com\/no\/wp-content\/uploads\/2021\/08\/1-xpeng-g3-1080x720-5.png?zoom=3&amp;resize=150%2C150&amp;ssl=1 450w\" sizes=\"auto, (max-width: 150px) 100vw, 150px\" \/><\/a><figcaption id=\"caption-attachment-42581\" class=\"wp-caption-text\">Ladeforviklinger i Sverige<\/figcaption><\/figure><figure id=\"attachment_30501\" aria-describedby=\"caption-attachment-30501\" style=\"width: 150px\" class=\"wp-caption alignleft\"><a href=\"https:\/\/terjebjornstad.com\/no\/2020\/02\/13\/termisk-styring-av-battericeller\/\"><img data-recalc-dims=\"1\" loading=\"lazy\" decoding=\"async\" data-attachment-id=\"30501\" data-permalink=\"https:\/\/terjebjornstad.com\/no\/terjes-biler\/testof3-320x400\/\" data-orig-file=\"https:\/\/i0.wp.com\/terjebjornstad.com\/no\/wp-content\/uploads\/2020\/02\/testof3-320x400-1.png?fit=320%2C400&amp;ssl=1\" data-orig-size=\"320,400\" data-comments-opened=\"1\" data-image-meta=\"{&quot;aperture&quot;:&quot;0&quot;,&quot;credit&quot;:&quot;&quot;,&quot;camera&quot;:&quot;&quot;,&quot;caption&quot;:&quot;&quot;,&quot;created_timestamp&quot;:&quot;0&quot;,&quot;copyright&quot;:&quot;&quot;,&quot;focal_length&quot;:&quot;0&quot;,&quot;iso&quot;:&quot;0&quot;,&quot;shutter_speed&quot;:&quot;0&quot;,&quot;title&quot;:&quot;&quot;,&quot;orientation&quot;:&quot;0&quot;}\" data-image-title=\"testof3-320&amp;#215;400\" data-image-description=\"\" data-image-caption=\"&lt;p&gt;Aktiv batterikj\u00f8ling?&lt;\/p&gt;\n\" data-large-file=\"https:\/\/i0.wp.com\/terjebjornstad.com\/no\/wp-content\/uploads\/2020\/02\/testof3-320x400-1.png?fit=320%2C400&amp;ssl=1\" src=\"https:\/\/i0.wp.com\/terjebjornstad.com\/no\/wp-content\/uploads\/2020\/02\/testof3-320x400-1.png?resize=150%2C150&#038;ssl=1\" alt=\"Temperaturstyring av elbil-batterier\" width=\"150\" height=\"150\" class=\"size-thumbnail wp-image-30501\" srcset=\"https:\/\/i0.wp.com\/terjebjornstad.com\/no\/wp-content\/uploads\/2020\/02\/testof3-320x400-1.png?resize=150%2C150&amp;ssl=1 150w, https:\/\/i0.wp.com\/terjebjornstad.com\/no\/wp-content\/uploads\/2020\/02\/testof3-320x400-1.png?resize=50%2C50&amp;ssl=1 50w, https:\/\/i0.wp.com\/terjebjornstad.com\/no\/wp-content\/uploads\/2020\/02\/testof3-320x400-1.png?zoom=2&amp;resize=150%2C150&amp;ssl=1 300w\" sizes=\"auto, (max-width: 150px) 100vw, 150px\" \/><\/a><figcaption id=\"caption-attachment-30501\" class=\"wp-caption-text\">Aktiv batterikj\u00f8ling?<\/figcaption><\/figure><\/p>\n<h3>&nbsp;<\/h3>\n<\/div>\n","protected":false,"gt_translate_keys":[{"key":"rendered","format":"html"}]},"excerpt":{"rendered":"<p>Mange biler tilbyr n\u00e5 tr\u00e5dl\u00f8s lading av mobiltelefoner. Legger jeg mobilen over midtkonsollen p\u00e5 Teslaen, lades den uten fysisk kontakt med str\u00f8mkilden. Det fungerer p\u00e5 samme m\u00e5ten n\u00e5r jeg lader den elektriske tannb\u00f8rsten. Den settes opp p\u00e5 en lader hvor man godt kan s\u00f8le med vann og tannkrem uten at noe kortslutter. &nbsp; Konseptet fungerer [&hellip;]<\/p>\n","protected":false,"gt_translate_keys":[{"key":"rendered","format":"html"}]},"author":1,"featured_media":47209,"comment_status":"open","ping_status":"open","sticky":false,"template":"","format":"standard","meta":{"_monsterinsights_skip_tracking":false,"_monsterinsights_sitenote_active":false,"_monsterinsights_sitenote_note":"","_monsterinsights_sitenote_category":0,"jetpack_post_was_ever_published":false,"_jetpack_newsletter_access":"","_jetpack_dont_email_post_to_subs":false,"_jetpack_newsletter_tier_id":0,"_jetpack_memberships_contains_paywalled_content":false,"_jetpack_memberships_contains_paid_content":false,"footnotes":"","jetpack_publicize_message":"","jetpack_publicize_feature_enabled":true,"jetpack_social_post_already_shared":true,"jetpack_social_options":{"image_generator_settings":{"template":"highway","default_image_id":0,"font":"","enabled":false},"version":2}},"categories":[34,2137,2610],"tags":[4174,4168,4170,4169,4166,4171,4167],"class_list":["post-47213","post","type-post","status-publish","format-standard","has-post-thumbnail","hentry","category-artikkel","category-elbil","category-lading","tag-electreon","tag-induksjon","tag-induksjonslader","tag-induksjonslading","tag-ladbar-vei","tag-smartroads","tag-tradlos-lading"],"yoast_head":"<!-- This site is optimized with the Yoast SEO plugin v27.5 - https:\/\/yoast.com\/product\/yoast-seo-wordpress\/ -->\n<title>Ladbare veier med induksjon - Terjes biler - Elektriske tannb\u00f8rster<\/title>\n<meta name=\"description\" content=\"Induksjonslading \u00e5pner muligheter for bygge ladbare veier. P\u00e5 Gotland finnes det i dag en 1,6 km lang ladbar vei\" \/>\n<meta name=\"robots\" content=\"index, follow, max-snippet:-1, max-image-preview:large, max-video-preview:-1\" \/>\n<link rel=\"canonical\" href=\"https:\/\/terjebjornstad.com\/no\/2022\/03\/06\/ladbare-veier-med-induksjon\/\" \/>\n<meta property=\"og:locale\" content=\"nb_NO\" \/>\n<meta property=\"og:type\" content=\"article\" \/>\n<meta property=\"og:title\" content=\"Ladbare veier med induksjon - Terjes biler - Elektriske tannb\u00f8rster\" \/>\n<meta property=\"og:description\" content=\"Induksjonslading \u00e5pner muligheter for bygge ladbare veier. P\u00e5 Gotland finnes det i dag en 1,6 km lang ladbar vei\" \/>\n<meta property=\"og:url\" content=\"https:\/\/terjebjornstad.com\/no\/2022\/03\/06\/ladbare-veier-med-induksjon\/\" \/>\n<meta property=\"og:site_name\" content=\"Terjes biler\" \/>\n<meta property=\"article:publisher\" content=\"https:\/\/www.facebook.com\/terjesbiler\/\" \/>\n<meta property=\"article:author\" content=\"https:\/\/www.facebook.com\/terjesbiler\" \/>\n<meta property=\"article:published_time\" content=\"2022-03-06T21:24:45+00:00\" \/>\n<meta property=\"article:modified_time\" content=\"2024-03-21T08:50:30+00:00\" \/>\n<meta property=\"og:image\" content=\"https:\/\/terjebjornstad.com\/no\/wp-content\/uploads\/2022\/03\/1920-ladung-1080x674-1.png\" \/>\n\t<meta property=\"og:image:width\" content=\"1080\" \/>\n\t<meta property=\"og:image:height\" content=\"674\" \/>\n\t<meta property=\"og:image:type\" content=\"image\/png\" \/>\n<meta name=\"author\" content=\"Terje Bj\u00f8rnstad\" \/>\n<meta name=\"twitter:card\" content=\"summary_large_image\" \/>\n<meta name=\"twitter:label1\" content=\"Skrevet av\" \/>\n\t<meta name=\"twitter:data1\" content=\"Terje Bj\u00f8rnstad\" \/>\n\t<meta name=\"twitter:label2\" content=\"Ansl. lesetid\" \/>\n\t<meta name=\"twitter:data2\" content=\"5 minutter\" \/>\n<script type=\"application\/ld+json\" class=\"yoast-schema-graph\">{\"@context\":\"https:\\\/\\\/schema.org\",\"@graph\":[{\"@type\":\"Article\",\"@id\":\"https:\\\/\\\/terjebjornstad.com\\\/no\\\/2022\\\/03\\\/06\\\/ladbare-veier-med-induksjon\\\/#article\",\"isPartOf\":{\"@id\":\"https:\\\/\\\/terjebjornstad.com\\\/no\\\/2022\\\/03\\\/06\\\/ladbare-veier-med-induksjon\\\/\"},\"author\":{\"name\":\"Terje Bj\u00f8rnstad\",\"@id\":\"https:\\\/\\\/terjebjornstad.com\\\/no\\\/#\\\/schema\\\/person\\\/a281f6a6e0f3cc9fe468e7f0c655aa65\"},\"headline\":\"Ladbare veier med induksjon\",\"datePublished\":\"2022-03-06T21:24:45+00:00\",\"dateModified\":\"2024-03-21T08:50:30+00:00\",\"mainEntityOfPage\":{\"@id\":\"https:\\\/\\\/terjebjornstad.com\\\/no\\\/2022\\\/03\\\/06\\\/ladbare-veier-med-induksjon\\\/\"},\"wordCount\":799,\"commentCount\":0,\"publisher\":{\"@id\":\"https:\\\/\\\/terjebjornstad.com\\\/no\\\/#organization\"},\"image\":{\"@id\":\"https:\\\/\\\/terjebjornstad.com\\\/no\\\/2022\\\/03\\\/06\\\/ladbare-veier-med-induksjon\\\/#primaryimage\"},\"thumbnailUrl\":\"https:\\\/\\\/i0.wp.com\\\/terjebjornstad.com\\\/no\\\/wp-content\\\/uploads\\\/2022\\\/03\\\/1920-ladung-1080x674-1.png?fit=1080%2C674&ssl=1\",\"keywords\":[\"Electreon\",\"Induksjon\",\"Induksjonslader\",\"Induksjonslading\",\"Ladbar vei\",\"Smartroads\",\"Tr\u00e5dl\u00f8s lading\"],\"articleSection\":[\"Artikkel\",\"Elbil\",\"Lading\"],\"inLanguage\":\"nb-NO\",\"potentialAction\":[{\"@type\":\"CommentAction\",\"name\":\"Comment\",\"target\":[\"https:\\\/\\\/terjebjornstad.com\\\/no\\\/2022\\\/03\\\/06\\\/ladbare-veier-med-induksjon\\\/#respond\"]}]},{\"@type\":\"WebPage\",\"@id\":\"https:\\\/\\\/terjebjornstad.com\\\/no\\\/2022\\\/03\\\/06\\\/ladbare-veier-med-induksjon\\\/\",\"url\":\"https:\\\/\\\/terjebjornstad.com\\\/no\\\/2022\\\/03\\\/06\\\/ladbare-veier-med-induksjon\\\/\",\"name\":\"Ladbare veier med induksjon - Terjes biler - Elektriske tannb\u00f8rster\",\"isPartOf\":{\"@id\":\"https:\\\/\\\/terjebjornstad.com\\\/no\\\/#website\"},\"primaryImageOfPage\":{\"@id\":\"https:\\\/\\\/terjebjornstad.com\\\/no\\\/2022\\\/03\\\/06\\\/ladbare-veier-med-induksjon\\\/#primaryimage\"},\"image\":{\"@id\":\"https:\\\/\\\/terjebjornstad.com\\\/no\\\/2022\\\/03\\\/06\\\/ladbare-veier-med-induksjon\\\/#primaryimage\"},\"thumbnailUrl\":\"https:\\\/\\\/i0.wp.com\\\/terjebjornstad.com\\\/no\\\/wp-content\\\/uploads\\\/2022\\\/03\\\/1920-ladung-1080x674-1.png?fit=1080%2C674&ssl=1\",\"datePublished\":\"2022-03-06T21:24:45+00:00\",\"dateModified\":\"2024-03-21T08:50:30+00:00\",\"description\":\"Induksjonslading \u00e5pner muligheter for bygge ladbare veier. P\u00e5 Gotland finnes det i dag en 1,6 km lang ladbar vei\",\"breadcrumb\":{\"@id\":\"https:\\\/\\\/terjebjornstad.com\\\/no\\\/2022\\\/03\\\/06\\\/ladbare-veier-med-induksjon\\\/#breadcrumb\"},\"inLanguage\":\"nb-NO\",\"potentialAction\":[{\"@type\":\"ReadAction\",\"target\":[\"https:\\\/\\\/terjebjornstad.com\\\/no\\\/2022\\\/03\\\/06\\\/ladbare-veier-med-induksjon\\\/\"]}]},{\"@type\":\"ImageObject\",\"inLanguage\":\"nb-NO\",\"@id\":\"https:\\\/\\\/terjebjornstad.com\\\/no\\\/2022\\\/03\\\/06\\\/ladbare-veier-med-induksjon\\\/#primaryimage\",\"url\":\"https:\\\/\\\/i0.wp.com\\\/terjebjornstad.com\\\/no\\\/wp-content\\\/uploads\\\/2022\\\/03\\\/1920-ladung-1080x674-1.png?fit=1080%2C674&ssl=1\",\"contentUrl\":\"https:\\\/\\\/i0.wp.com\\\/terjebjornstad.com\\\/no\\\/wp-content\\\/uploads\\\/2022\\\/03\\\/1920-ladung-1080x674-1.png?fit=1080%2C674&ssl=1\",\"width\":1080,\"height\":674,\"caption\":\"Ladbare veier med induksjon\"},{\"@type\":\"BreadcrumbList\",\"@id\":\"https:\\\/\\\/terjebjornstad.com\\\/no\\\/2022\\\/03\\\/06\\\/ladbare-veier-med-induksjon\\\/#breadcrumb\",\"itemListElement\":[{\"@type\":\"ListItem\",\"position\":1,\"name\":\"Hjem\",\"item\":\"https:\\\/\\\/terjebjornstad.com\\\/no\\\/\"},{\"@type\":\"ListItem\",\"position\":2,\"name\":\"Ladbare veier med induksjon\"}]},{\"@type\":\"WebSite\",\"@id\":\"https:\\\/\\\/terjebjornstad.com\\\/no\\\/#website\",\"url\":\"https:\\\/\\\/terjebjornstad.com\\\/no\\\/\",\"name\":\"Terjes biler\",\"description\":\"HONEST ABOUT CARS\",\"publisher\":{\"@id\":\"https:\\\/\\\/terjebjornstad.com\\\/no\\\/#organization\"},\"alternateName\":\"Terjebjornstad.com\",\"potentialAction\":[{\"@type\":\"SearchAction\",\"target\":{\"@type\":\"EntryPoint\",\"urlTemplate\":\"https:\\\/\\\/terjebjornstad.com\\\/no\\\/?s={search_term_string}\"},\"query-input\":{\"@type\":\"PropertyValueSpecification\",\"valueRequired\":true,\"valueName\":\"search_term_string\"}}],\"inLanguage\":\"nb-NO\"},{\"@type\":\"Organization\",\"@id\":\"https:\\\/\\\/terjebjornstad.com\\\/no\\\/#organization\",\"name\":\"Terje Bj\u00f8rnstad ENK\",\"url\":\"https:\\\/\\\/terjebjornstad.com\\\/no\\\/\",\"logo\":{\"@type\":\"ImageObject\",\"inLanguage\":\"nb-NO\",\"@id\":\"https:\\\/\\\/terjebjornstad.com\\\/no\\\/#\\\/schema\\\/logo\\\/image\\\/\",\"url\":\"https:\\\/\\\/i0.wp.com\\\/terjebjornstad.com\\\/no\\\/wp-content\\\/uploads\\\/2026\\\/02\\\/terjesbiler2024-960x354-1.png?fit=960%2C354&ssl=1\",\"contentUrl\":\"https:\\\/\\\/i0.wp.com\\\/terjebjornstad.com\\\/no\\\/wp-content\\\/uploads\\\/2026\\\/02\\\/terjesbiler2024-960x354-1.png?fit=960%2C354&ssl=1\",\"width\":960,\"height\":354,\"caption\":\"Terje Bj\u00f8rnstad ENK\"},\"image\":{\"@id\":\"https:\\\/\\\/terjebjornstad.com\\\/no\\\/#\\\/schema\\\/logo\\\/image\\\/\"},\"sameAs\":[\"https:\\\/\\\/www.facebook.com\\\/terjesbiler\\\/\",\"https:\\\/\\\/www.instagram.com\\\/terjesbiler\\\/\",\"https:\\\/\\\/www.pinteres.com\\\/terjebjrnstad\\\/terjes-biler\\\/\"]},{\"@type\":\"Person\",\"@id\":\"https:\\\/\\\/terjebjornstad.com\\\/no\\\/#\\\/schema\\\/person\\\/a281f6a6e0f3cc9fe468e7f0c655aa65\",\"name\":\"Terje Bj\u00f8rnstad\",\"image\":{\"@type\":\"ImageObject\",\"inLanguage\":\"nb-NO\",\"@id\":\"https:\\\/\\\/secure.gravatar.com\\\/avatar\\\/e8dff505b51cf6cb67ae06a06022d2049aac2da1e79dc146a36b58798c4b40ea?s=96&d=mm&r=g\",\"url\":\"https:\\\/\\\/secure.gravatar.com\\\/avatar\\\/e8dff505b51cf6cb67ae06a06022d2049aac2da1e79dc146a36b58798c4b40ea?s=96&d=mm&r=g\",\"contentUrl\":\"https:\\\/\\\/secure.gravatar.com\\\/avatar\\\/e8dff505b51cf6cb67ae06a06022d2049aac2da1e79dc146a36b58798c4b40ea?s=96&d=mm&r=g\",\"caption\":\"Terje Bj\u00f8rnstad\"},\"description\":\"Terje Bj\u00f8rnstad. Bloggadministrator, hobbyfotograf og bilnerd.\",\"sameAs\":[\"https:\\\/\\\/www.facebook.com\\\/terjesbiler\",\"https:\\\/\\\/www.instagram.com\\\/terjesbiler\",\"https:\\\/\\\/no.pinterest.com\\\/terjebjrnstad\",\"https:\\\/\\\/www.youtube.com\\\/channel\\\/UCzCKJJDybyIgKqatc_JQqIg\"]}]}<\/script>\n<!-- \/ Yoast SEO plugin. -->","yoast_head_json":{"title":"Ladbare veier med induksjon - Terjes biler - Elektriske tannb\u00f8rster","description":"Induksjonslading \u00e5pner muligheter for bygge ladbare veier. P\u00e5 Gotland finnes det i dag en 1,6 km lang ladbar vei","robots":{"index":"index","follow":"follow","max-snippet":"max-snippet:-1","max-image-preview":"max-image-preview:large","max-video-preview":"max-video-preview:-1"},"canonical":"https:\/\/terjebjornstad.com\/no\/2022\/03\/06\/ladbare-veier-med-induksjon\/","og_locale":"nb_NO","og_type":"article","og_title":"Ladbare veier med induksjon - Terjes biler - Elektriske tannb\u00f8rster","og_description":"Induksjonslading \u00e5pner muligheter for bygge ladbare veier. P\u00e5 Gotland finnes det i dag en 1,6 km lang ladbar vei","og_url":"https:\/\/terjebjornstad.com\/no\/2022\/03\/06\/ladbare-veier-med-induksjon\/","og_site_name":"Terjes biler","article_publisher":"https:\/\/www.facebook.com\/terjesbiler\/","article_author":"https:\/\/www.facebook.com\/terjesbiler","article_published_time":"2022-03-06T21:24:45+00:00","article_modified_time":"2024-03-21T08:50:30+00:00","og_image":[{"width":1080,"height":674,"url":"https:\/\/terjebjornstad.com\/no\/wp-content\/uploads\/2022\/03\/1920-ladung-1080x674-1.png","type":"image\/png"}],"author":"Terje Bj\u00f8rnstad","twitter_card":"summary_large_image","twitter_misc":{"Skrevet av":"Terje Bj\u00f8rnstad","Ansl. lesetid":"5 minutter"},"schema":{"@context":"https:\/\/schema.org","@graph":[{"@type":"Article","@id":"https:\/\/terjebjornstad.com\/no\/2022\/03\/06\/ladbare-veier-med-induksjon\/#article","isPartOf":{"@id":"https:\/\/terjebjornstad.com\/no\/2022\/03\/06\/ladbare-veier-med-induksjon\/"},"author":{"name":"Terje Bj\u00f8rnstad","@id":"https:\/\/terjebjornstad.com\/no\/#\/schema\/person\/a281f6a6e0f3cc9fe468e7f0c655aa65"},"headline":"Ladbare veier med induksjon","datePublished":"2022-03-06T21:24:45+00:00","dateModified":"2024-03-21T08:50:30+00:00","mainEntityOfPage":{"@id":"https:\/\/terjebjornstad.com\/no\/2022\/03\/06\/ladbare-veier-med-induksjon\/"},"wordCount":799,"commentCount":0,"publisher":{"@id":"https:\/\/terjebjornstad.com\/no\/#organization"},"image":{"@id":"https:\/\/terjebjornstad.com\/no\/2022\/03\/06\/ladbare-veier-med-induksjon\/#primaryimage"},"thumbnailUrl":"https:\/\/i0.wp.com\/terjebjornstad.com\/no\/wp-content\/uploads\/2022\/03\/1920-ladung-1080x674-1.png?fit=1080%2C674&ssl=1","keywords":["Electreon","Induksjon","Induksjonslader","Induksjonslading","Ladbar vei","Smartroads","Tr\u00e5dl\u00f8s lading"],"articleSection":["Artikkel","Elbil","Lading"],"inLanguage":"nb-NO","potentialAction":[{"@type":"CommentAction","name":"Comment","target":["https:\/\/terjebjornstad.com\/no\/2022\/03\/06\/ladbare-veier-med-induksjon\/#respond"]}]},{"@type":"WebPage","@id":"https:\/\/terjebjornstad.com\/no\/2022\/03\/06\/ladbare-veier-med-induksjon\/","url":"https:\/\/terjebjornstad.com\/no\/2022\/03\/06\/ladbare-veier-med-induksjon\/","name":"Ladbare veier med induksjon - Terjes biler - Elektriske tannb\u00f8rster","isPartOf":{"@id":"https:\/\/terjebjornstad.com\/no\/#website"},"primaryImageOfPage":{"@id":"https:\/\/terjebjornstad.com\/no\/2022\/03\/06\/ladbare-veier-med-induksjon\/#primaryimage"},"image":{"@id":"https:\/\/terjebjornstad.com\/no\/2022\/03\/06\/ladbare-veier-med-induksjon\/#primaryimage"},"thumbnailUrl":"https:\/\/i0.wp.com\/terjebjornstad.com\/no\/wp-content\/uploads\/2022\/03\/1920-ladung-1080x674-1.png?fit=1080%2C674&ssl=1","datePublished":"2022-03-06T21:24:45+00:00","dateModified":"2024-03-21T08:50:30+00:00","description":"Induksjonslading \u00e5pner muligheter for bygge ladbare veier. P\u00e5 Gotland finnes det i dag en 1,6 km lang ladbar vei","breadcrumb":{"@id":"https:\/\/terjebjornstad.com\/no\/2022\/03\/06\/ladbare-veier-med-induksjon\/#breadcrumb"},"inLanguage":"nb-NO","potentialAction":[{"@type":"ReadAction","target":["https:\/\/terjebjornstad.com\/no\/2022\/03\/06\/ladbare-veier-med-induksjon\/"]}]},{"@type":"ImageObject","inLanguage":"nb-NO","@id":"https:\/\/terjebjornstad.com\/no\/2022\/03\/06\/ladbare-veier-med-induksjon\/#primaryimage","url":"https:\/\/i0.wp.com\/terjebjornstad.com\/no\/wp-content\/uploads\/2022\/03\/1920-ladung-1080x674-1.png?fit=1080%2C674&ssl=1","contentUrl":"https:\/\/i0.wp.com\/terjebjornstad.com\/no\/wp-content\/uploads\/2022\/03\/1920-ladung-1080x674-1.png?fit=1080%2C674&ssl=1","width":1080,"height":674,"caption":"Ladbare veier med induksjon"},{"@type":"BreadcrumbList","@id":"https:\/\/terjebjornstad.com\/no\/2022\/03\/06\/ladbare-veier-med-induksjon\/#breadcrumb","itemListElement":[{"@type":"ListItem","position":1,"name":"Hjem","item":"https:\/\/terjebjornstad.com\/no\/"},{"@type":"ListItem","position":2,"name":"Ladbare veier med induksjon"}]},{"@type":"WebSite","@id":"https:\/\/terjebjornstad.com\/no\/#website","url":"https:\/\/terjebjornstad.com\/no\/","name":"Terjes biler","description":"HONEST ABOUT CARS","publisher":{"@id":"https:\/\/terjebjornstad.com\/no\/#organization"},"alternateName":"Terjebjornstad.com","potentialAction":[{"@type":"SearchAction","target":{"@type":"EntryPoint","urlTemplate":"https:\/\/terjebjornstad.com\/no\/?s={search_term_string}"},"query-input":{"@type":"PropertyValueSpecification","valueRequired":true,"valueName":"search_term_string"}}],"inLanguage":"nb-NO"},{"@type":"Organization","@id":"https:\/\/terjebjornstad.com\/no\/#organization","name":"Terje Bj\u00f8rnstad ENK","url":"https:\/\/terjebjornstad.com\/no\/","logo":{"@type":"ImageObject","inLanguage":"nb-NO","@id":"https:\/\/terjebjornstad.com\/no\/#\/schema\/logo\/image\/","url":"https:\/\/i0.wp.com\/terjebjornstad.com\/no\/wp-content\/uploads\/2026\/02\/terjesbiler2024-960x354-1.png?fit=960%2C354&ssl=1","contentUrl":"https:\/\/i0.wp.com\/terjebjornstad.com\/no\/wp-content\/uploads\/2026\/02\/terjesbiler2024-960x354-1.png?fit=960%2C354&ssl=1","width":960,"height":354,"caption":"Terje Bj\u00f8rnstad ENK"},"image":{"@id":"https:\/\/terjebjornstad.com\/no\/#\/schema\/logo\/image\/"},"sameAs":["https:\/\/www.facebook.com\/terjesbiler\/","https:\/\/www.instagram.com\/terjesbiler\/","https:\/\/www.pinteres.com\/terjebjrnstad\/terjes-biler\/"]},{"@type":"Person","@id":"https:\/\/terjebjornstad.com\/no\/#\/schema\/person\/a281f6a6e0f3cc9fe468e7f0c655aa65","name":"Terje Bj\u00f8rnstad","image":{"@type":"ImageObject","inLanguage":"nb-NO","@id":"https:\/\/secure.gravatar.com\/avatar\/e8dff505b51cf6cb67ae06a06022d2049aac2da1e79dc146a36b58798c4b40ea?s=96&d=mm&r=g","url":"https:\/\/secure.gravatar.com\/avatar\/e8dff505b51cf6cb67ae06a06022d2049aac2da1e79dc146a36b58798c4b40ea?s=96&d=mm&r=g","contentUrl":"https:\/\/secure.gravatar.com\/avatar\/e8dff505b51cf6cb67ae06a06022d2049aac2da1e79dc146a36b58798c4b40ea?s=96&d=mm&r=g","caption":"Terje Bj\u00f8rnstad"},"description":"Terje Bj\u00f8rnstad. Bloggadministrator, hobbyfotograf og bilnerd.","sameAs":["https:\/\/www.facebook.com\/terjesbiler","https:\/\/www.instagram.com\/terjesbiler","https:\/\/no.pinterest.com\/terjebjrnstad","https:\/\/www.youtube.com\/channel\/UCzCKJJDybyIgKqatc_JQqIg"]}]}},"jetpack_publicize_connections":[],"jetpack_featured_media_url":"https:\/\/i0.wp.com\/terjebjornstad.com\/no\/wp-content\/uploads\/2022\/03\/1920-ladung-1080x674-1.png?fit=1080%2C674&ssl=1","jetpack_sharing_enabled":true,"jetpack_shortlink":"https:\/\/wp.me\/p48zYA-chv","jetpack-related-posts":[{"id":51967,"url":"https:\/\/terjebjornstad.com\/no\/2022\/08\/17\/ladeforviklinger-i-sverige-2\/","url_meta":{"origin":47213,"position":0},"title":"Ladeforviklinger i Sverige 2","author":"Jonny Bun\u00e6s","date":"17\/08\/2022","format":false,"excerpt":"Ny tur med elbil til Sverige. Vi dro med god tro p\u00e5 at feil og mangler ved ladestasjonene var rettet opp siden vi var innom i august i fjor. Men det var ikke blitt bedre. Langt i fra. Vi ankom Rasta i V\u00e4rnamo hvor vi hadde bestilt rom og tenkte\u2026","rel":"","context":"i &quot;Artikkel&quot;","block_context":{"text":"Artikkel","link":"https:\/\/terjebjornstad.com\/no\/category\/artikkel\/"},"img":{"alt_text":"","src":"https:\/\/i0.wp.com\/terjebjornstad.com\/no\/wp-content\/uploads\/2022\/08\/ladeforviklinger-i-sverige-2-1020.jpg?resize=350%2C200&ssl=1","width":350,"height":200,"srcset":"https:\/\/i0.wp.com\/terjebjornstad.com\/no\/wp-content\/uploads\/2022\/08\/ladeforviklinger-i-sverige-2-1020.jpg?resize=350%2C200&ssl=1 1x, https:\/\/i0.wp.com\/terjebjornstad.com\/no\/wp-content\/uploads\/2022\/08\/ladeforviklinger-i-sverige-2-1020.jpg?resize=525%2C300&ssl=1 1.5x, https:\/\/i0.wp.com\/terjebjornstad.com\/no\/wp-content\/uploads\/2022\/08\/ladeforviklinger-i-sverige-2-1020.jpg?resize=700%2C400&ssl=1 2x, https:\/\/i0.wp.com\/terjebjornstad.com\/no\/wp-content\/uploads\/2022\/08\/ladeforviklinger-i-sverige-2-1020.jpg?resize=1050%2C600&ssl=1 3x"},"classes":[]},{"id":72616,"url":"https:\/\/terjebjornstad.com\/no\/2024\/06\/10\/bensinstasjonene-tar-grep-om-ladingen-okq8\/","url_meta":{"origin":47213,"position":1},"title":"Bensinstasjonene tar grep om ladingen","author":"Terje Bj\u00f8rnstad","date":"10\/06\/2024","format":false,"excerpt":"Nylig fikk jeg en helt ny opplevelse i forbindelse med lading. Jeg svingte inn p\u00e5 en bensinstasjon, stanset ved en ladestolpe, \u201ct\u00e6ppet\u201d kortet og satte inn kontakten. S\u00e5 enkelt - s\u00e5 genialt! OKQ8-stasjonen p\u00e5 Rasta H\u00e5by i Munkedal, Sverige, er \u00e9n av selskapets 100 hurtigladestasjoner hvor man kan \"t\u00e6ppe\" bankkortet.\u2026","rel":"","context":"i &quot;Artikkel&quot;","block_context":{"text":"Artikkel","link":"https:\/\/terjebjornstad.com\/no\/category\/artikkel\/"},"img":{"alt_text":"","src":"https:\/\/i0.wp.com\/terjebjornstad.com\/no\/wp-content\/uploads\/2024\/06\/Supersnabbladdning.jpg?fit=1000%2C750&ssl=1&resize=350%2C200","width":350,"height":200,"srcset":"https:\/\/i0.wp.com\/terjebjornstad.com\/no\/wp-content\/uploads\/2024\/06\/Supersnabbladdning.jpg?fit=1000%2C750&ssl=1&resize=350%2C200 1x, https:\/\/i0.wp.com\/terjebjornstad.com\/no\/wp-content\/uploads\/2024\/06\/Supersnabbladdning.jpg?fit=1000%2C750&ssl=1&resize=525%2C300 1.5x, https:\/\/i0.wp.com\/terjebjornstad.com\/no\/wp-content\/uploads\/2024\/06\/Supersnabbladdning.jpg?fit=1000%2C750&ssl=1&resize=700%2C400 2x"},"classes":[]},{"id":17572,"url":"https:\/\/terjebjornstad.com\/no\/2018\/07\/02\/e-golf-facelift\/","url_meta":{"origin":47213,"position":2},"title":"e-Golf facelift","author":"Terje Bj\u00f8rnstad","date":"02\/07\/2018","format":false,"excerpt":"Det er ikke lett \u00e5 oppdage nyhetene p\u00e5 den oppgraderte e-Golfen som kom i fjor. De vesentligste endringene sitter under skallet. Mer kraft, bedre batterikapasitet og \u00f8kt rekkevidde. Hva som er nytt I fronten krummer den bl\u00e5 linjen under grillen seg n\u00e5 rundt ytterhj\u00f8rnene p\u00e5 lysene. Tidligere l\u00e5 linjen flatt\u2026","rel":"","context":"i &quot;Artikkel&quot;","block_context":{"text":"Artikkel","link":"https:\/\/terjebjornstad.com\/no\/category\/artikkel\/"},"img":{"alt_text":"","src":"https:\/\/i0.wp.com\/terjebjornstad.com\/no\/wp-content\/uploads\/2018\/07\/e-golf-4-3006.png?fit=1080%2C1080&ssl=1&resize=350%2C200","width":350,"height":200,"srcset":"https:\/\/i0.wp.com\/terjebjornstad.com\/no\/wp-content\/uploads\/2018\/07\/e-golf-4-3006.png?fit=1080%2C1080&ssl=1&resize=350%2C200 1x, https:\/\/i0.wp.com\/terjebjornstad.com\/no\/wp-content\/uploads\/2018\/07\/e-golf-4-3006.png?fit=1080%2C1080&ssl=1&resize=525%2C300 1.5x, https:\/\/i0.wp.com\/terjebjornstad.com\/no\/wp-content\/uploads\/2018\/07\/e-golf-4-3006.png?fit=1080%2C1080&ssl=1&resize=700%2C400 2x, https:\/\/i0.wp.com\/terjebjornstad.com\/no\/wp-content\/uploads\/2018\/07\/e-golf-4-3006.png?fit=1080%2C1080&ssl=1&resize=1050%2C600 3x"},"classes":[]},{"id":67530,"url":"https:\/\/terjebjornstad.com\/no\/2023\/12\/01\/opel-mokka-e\/","url_meta":{"origin":47213,"position":3},"title":"Opel Mokka e","author":"Terje Bj\u00f8rnstad","date":"01\/12\/2023","format":false,"excerpt":"Opel var fra gammelt av kjent for \u00e5 lage biler med flott design og velkjent teknologi for vanlige folk - en oppskrift Opel er i ferd med \u00e5 finne tilbake til. Mokka vekker til live gamle minner. Rett ut av boksen Det var spesielt i 1960- og 70-\u00e5rene det svingte\u2026","rel":"","context":"i &quot;Mokka&quot;","block_context":{"text":"Mokka","link":"https:\/\/terjebjornstad.com\/no\/category\/opel\/mokka\/"},"img":{"alt_text":"","src":"https:\/\/i0.wp.com\/terjebjornstad.com\/no\/wp-content\/uploads\/2023\/11\/opel-mokka-1-1920x1280-1.jpg?fit=1200%2C800&ssl=1&resize=350%2C200","width":350,"height":200,"srcset":"https:\/\/i0.wp.com\/terjebjornstad.com\/no\/wp-content\/uploads\/2023\/11\/opel-mokka-1-1920x1280-1.jpg?fit=1200%2C800&ssl=1&resize=350%2C200 1x, https:\/\/i0.wp.com\/terjebjornstad.com\/no\/wp-content\/uploads\/2023\/11\/opel-mokka-1-1920x1280-1.jpg?fit=1200%2C800&ssl=1&resize=525%2C300 1.5x, https:\/\/i0.wp.com\/terjebjornstad.com\/no\/wp-content\/uploads\/2023\/11\/opel-mokka-1-1920x1280-1.jpg?fit=1200%2C800&ssl=1&resize=700%2C400 2x, https:\/\/i0.wp.com\/terjebjornstad.com\/no\/wp-content\/uploads\/2023\/11\/opel-mokka-1-1920x1280-1.jpg?fit=1200%2C800&ssl=1&resize=1050%2C600 3x"},"classes":[]},{"id":68422,"url":"https:\/\/terjebjornstad.com\/no\/2024\/01\/05\/lading-med-qr-kode-scam\/","url_meta":{"origin":47213,"position":4},"title":"Scammet via QR-kode p\u00e5 ladestolpe","author":"Terje Bj\u00f8rnstad","date":"05\/01\/2024","format":false,"excerpt":"Ved en ladestasjon i Loiret, Frankrike, ble det nylig avdekket at noen hadde klebet en falsk QR-kode over den ekte QR-koden s\u00e5nn at brukerne ble ledet til en falsk betalingstjeneste. Ingen reagerte Ofrene i dette tilfellet opplevde \u00e5 betale uten \u00e5 f\u00e5 noe str\u00f8m. Dessverre hender det alt for ofte\u2026","rel":"","context":"i &quot;Lading&quot;","block_context":{"text":"Lading","link":"https:\/\/terjebjornstad.com\/no\/category\/elbil\/lading\/"},"img":{"alt_text":"","src":"https:\/\/i0.wp.com\/terjebjornstad.com\/no\/wp-content\/uploads\/2024\/01\/qr-code-ev-harger-yaakovberg-at-gmail-com-1920x1280-1.jpg?fit=1200%2C800&ssl=1&resize=350%2C200","width":350,"height":200,"srcset":"https:\/\/i0.wp.com\/terjebjornstad.com\/no\/wp-content\/uploads\/2024\/01\/qr-code-ev-harger-yaakovberg-at-gmail-com-1920x1280-1.jpg?fit=1200%2C800&ssl=1&resize=350%2C200 1x, https:\/\/i0.wp.com\/terjebjornstad.com\/no\/wp-content\/uploads\/2024\/01\/qr-code-ev-harger-yaakovberg-at-gmail-com-1920x1280-1.jpg?fit=1200%2C800&ssl=1&resize=525%2C300 1.5x, https:\/\/i0.wp.com\/terjebjornstad.com\/no\/wp-content\/uploads\/2024\/01\/qr-code-ev-harger-yaakovberg-at-gmail-com-1920x1280-1.jpg?fit=1200%2C800&ssl=1&resize=700%2C400 2x, https:\/\/i0.wp.com\/terjebjornstad.com\/no\/wp-content\/uploads\/2024\/01\/qr-code-ev-harger-yaakovberg-at-gmail-com-1920x1280-1.jpg?fit=1200%2C800&ssl=1&resize=1050%2C600 3x"},"classes":[]},{"id":6589,"url":"https:\/\/terjebjornstad.com\/no\/2016\/08\/14\/audi-a3-e-tron\/","url_meta":{"origin":47213,"position":5},"title":"Audi A3 e-tron","author":"Terje Bj\u00f8rnstad","date":"14\/08\/2016","format":false,"excerpt":"2016 Audi A3 e-tron - Kos dere! Selgeren hos M\u00f8llerBil Vest \u00f8nsket oss vel av g\u00e5rde etter \u00e5 ha gitt en rask instruksjon. Fruen hadde nemlig bestilt pr\u00f8vekj\u00f8ring av en Audi A3 e-tron. Instruksjon var egentlig ikke n\u00f8dvendig. Setter du deg inn i en Audi er det meste ganske innlysende,\u2026","rel":"","context":"i &quot;Artikkel&quot;","block_context":{"text":"Artikkel","link":"https:\/\/terjebjornstad.com\/no\/category\/artikkel\/"},"img":{"alt_text":"","src":"https:\/\/i0.wp.com\/terjebjornstad.com\/no\/wp-content\/uploads\/2016\/08\/2016-audi-a3-etron-1.png?fit=686%2C457&ssl=1&resize=350%2C200","width":350,"height":200,"srcset":"https:\/\/i0.wp.com\/terjebjornstad.com\/no\/wp-content\/uploads\/2016\/08\/2016-audi-a3-etron-1.png?fit=686%2C457&ssl=1&resize=350%2C200 1x, https:\/\/i0.wp.com\/terjebjornstad.com\/no\/wp-content\/uploads\/2016\/08\/2016-audi-a3-etron-1.png?fit=686%2C457&ssl=1&resize=525%2C300 1.5x"},"classes":[]}],"gt_translate_keys":[{"key":"link","format":"url"}],"_links":{"self":[{"href":"https:\/\/terjebjornstad.com\/no\/wp-json\/wp\/v2\/posts\/47213","targetHints":{"allow":["GET"]}}],"collection":[{"href":"https:\/\/terjebjornstad.com\/no\/wp-json\/wp\/v2\/posts"}],"about":[{"href":"https:\/\/terjebjornstad.com\/no\/wp-json\/wp\/v2\/types\/post"}],"author":[{"embeddable":true,"href":"https:\/\/terjebjornstad.com\/no\/wp-json\/wp\/v2\/users\/1"}],"replies":[{"embeddable":true,"href":"https:\/\/terjebjornstad.com\/no\/wp-json\/wp\/v2\/comments?post=47213"}],"version-history":[{"count":22,"href":"https:\/\/terjebjornstad.com\/no\/wp-json\/wp\/v2\/posts\/47213\/revisions"}],"predecessor-version":[{"id":70738,"href":"https:\/\/terjebjornstad.com\/no\/wp-json\/wp\/v2\/posts\/47213\/revisions\/70738"}],"wp:featuredmedia":[{"embeddable":true,"href":"https:\/\/terjebjornstad.com\/no\/wp-json\/wp\/v2\/media\/47209"}],"wp:attachment":[{"href":"https:\/\/terjebjornstad.com\/no\/wp-json\/wp\/v2\/media?parent=47213"}],"wp:term":[{"taxonomy":"category","embeddable":true,"href":"https:\/\/terjebjornstad.com\/no\/wp-json\/wp\/v2\/categories?post=47213"},{"taxonomy":"post_tag","embeddable":true,"href":"https:\/\/terjebjornstad.com\/no\/wp-json\/wp\/v2\/tags?post=47213"}],"curies":[{"name":"wp","href":"https:\/\/api.w.org\/{rel}","templated":true}]}}