{"id":46977,"date":"2022-02-22T01:33:51","date_gmt":"2022-02-22T00:33:51","guid":{"rendered":"https:\/\/terjebjornstad.com\/no\/?p=46977"},"modified":"2026-03-02T11:52:21","modified_gmt":"2026-03-02T10:52:21","slug":"nye-renault-5-zoe-etterolger","status":"publish","type":"post","link":"https:\/\/terjebjornstad.com\/no\/2022\/02\/22\/nye-renault-5-zoe-etterolger\/","title":{"rendered":"Femmern kommer tilbake","gt_translate_keys":[{"key":"rendered","format":"text"}]},"content":{"rendered":"<div class=\"copy_teb\"><a href=\"https:\/\/i0.wp.com\/terjebjornstad.com\/no\/wp-content\/uploads\/2022\/02\/2021-Renault-5-Prototype-1080x617-1.png?ssl=1\"><img data-recalc-dims=\"1\" loading=\"lazy\" decoding=\"async\" data-attachment-id=\"46973\" data-permalink=\"https:\/\/terjebjornstad.com\/no\/2022\/02\/22\/nye-renault-5-zoe-etterolger\/2021-renault-5-prototype-1080x617\/\" data-orig-file=\"https:\/\/i0.wp.com\/terjebjornstad.com\/no\/wp-content\/uploads\/2022\/02\/2021-Renault-5-Prototype-1080x617-1.png?fit=1080%2C617&amp;ssl=1\" data-orig-size=\"1080,617\" data-comments-opened=\"1\" data-image-meta=\"{&quot;aperture&quot;:&quot;0&quot;,&quot;credit&quot;:&quot;&quot;,&quot;camera&quot;:&quot;&quot;,&quot;caption&quot;:&quot;&quot;,&quot;created_timestamp&quot;:&quot;0&quot;,&quot;copyright&quot;:&quot;&quot;,&quot;focal_length&quot;:&quot;0&quot;,&quot;iso&quot;:&quot;0&quot;,&quot;shutter_speed&quot;:&quot;0&quot;,&quot;title&quot;:&quot;&quot;,&quot;orientation&quot;:&quot;0&quot;}\" data-image-title=\"2021-Renault-5-Prototype-1080&amp;#215;617\" data-image-description=\"\" data-image-caption=\"&lt;p&gt;Femmern kommer tilbake&lt;\/p&gt;\n\" data-large-file=\"https:\/\/i0.wp.com\/terjebjornstad.com\/no\/wp-content\/uploads\/2022\/02\/2021-Renault-5-Prototype-1080x617-1.png?fit=980%2C560&amp;ssl=1\" src=\"https:\/\/i0.wp.com\/terjebjornstad.com\/no\/wp-content\/uploads\/2022\/02\/2021-Renault-5-Prototype-1080x617-1.png?resize=980%2C560&#038;ssl=1\" alt=\"nye renault 5\" width=\"980\" height=\"560\" class=\"aligncenter size-full wp-image-46973\" srcset=\"https:\/\/i0.wp.com\/terjebjornstad.com\/no\/wp-content\/uploads\/2022\/02\/2021-Renault-5-Prototype-1080x617-1.png?w=1080&amp;ssl=1 1080w, https:\/\/i0.wp.com\/terjebjornstad.com\/no\/wp-content\/uploads\/2022\/02\/2021-Renault-5-Prototype-1080x617-1.png?resize=300%2C171&amp;ssl=1 300w, https:\/\/i0.wp.com\/terjebjornstad.com\/no\/wp-content\/uploads\/2022\/02\/2021-Renault-5-Prototype-1080x617-1.png?resize=768%2C439&amp;ssl=1 768w, https:\/\/i0.wp.com\/terjebjornstad.com\/no\/wp-content\/uploads\/2022\/02\/2021-Renault-5-Prototype-1080x617-1.png?resize=690%2C394&amp;ssl=1 690w, https:\/\/i0.wp.com\/terjebjornstad.com\/no\/wp-content\/uploads\/2022\/02\/2021-Renault-5-Prototype-1080x617-1.png?resize=980%2C560&amp;ssl=1 980w\" sizes=\"auto, (max-width: 980px) 100vw, 980px\" \/><\/a><\/p>\n<blockquote><p>For ett \u00e5r siden presenterte Renault en prototype p\u00e5 det som kan bli etterf\u00f8lgeren etter Zoe. Det handlet om et retrodesign av legendariske Renault 5. Samtidig ble det brukt ord som &laquo;ny b\u00f8lge&raquo; og &laquo;Renaulution&raquo;. Dette er musikk i \u00f8rene for oss som liker Renault.<\/p><\/blockquote>\n<h3>&nbsp;<\/h3>\n<h3 class=\"tebh2\">Kan bli Zoe&#8217;s etterf\u00f8lger<\/h3>\n<p>Den franske bilprodusenten g\u00e5r &laquo;all in&raquo; for elektrifisering av sin modellpark, og har annonsert at alle europeiske modeller skal g\u00e5 p\u00e5 elektrisitet innen 2030. Det blir antakelig neste Zoe som skal bli debutmodell for den nye b\u00f8lgen. Det er neppe tilfeldig, ettersom Zoe representerte en ny b\u00f8lge da <em>den<\/em> ble lansert i 2012.<\/p>\n<h3 class=\"tebh2\">Moderne linjer og retro-design<\/h3>\n<p>Designmessig er nye Renault 5 interessant. For det f\u00f8rste fordi den viser moderne, rette linjer og slette flater som Ioniq 5 og Kia EV6. For det andre fordi den bringer frem design-elementer fra tidligere modeller av Renault. Mange av dagens bilmodeller mangler s\u00e6rpreg. I likhet med flere andre bilmerker trenger Renault \u00e5 styrke sin merkevare-identitet. Det kan de lykkes med hvis &laquo;Renaulution&raquo; inneb\u00e6rer \u00e5 vekke til live gode minner fra fordums modeller.<\/p>\n<h3>&nbsp;<\/h3>\n<figure id=\"attachment_46972\" aria-describedby=\"caption-attachment-46972\" style=\"width: 1080px\" class=\"wp-caption aligncenter\"><a href=\"https:\/\/i0.wp.com\/terjebjornstad.com\/no\/wp-content\/uploads\/2022\/02\/2021-Renault-5-Prototype-1-1080x617-1.png?ssl=1\"><img data-recalc-dims=\"1\" loading=\"lazy\" decoding=\"async\" data-attachment-id=\"46972\" data-permalink=\"https:\/\/terjebjornstad.com\/no\/2022\/02\/22\/nye-renault-5-zoe-etterolger\/2021-renault-5-prototype-1-1080x617\/\" data-orig-file=\"https:\/\/i0.wp.com\/terjebjornstad.com\/no\/wp-content\/uploads\/2022\/02\/2021-Renault-5-Prototype-1-1080x617-1.png?fit=1080%2C617&amp;ssl=1\" data-orig-size=\"1080,617\" data-comments-opened=\"1\" data-image-meta=\"{&quot;aperture&quot;:&quot;0&quot;,&quot;credit&quot;:&quot;&quot;,&quot;camera&quot;:&quot;&quot;,&quot;caption&quot;:&quot;&quot;,&quot;created_timestamp&quot;:&quot;0&quot;,&quot;copyright&quot;:&quot;&quot;,&quot;focal_length&quot;:&quot;0&quot;,&quot;iso&quot;:&quot;0&quot;,&quot;shutter_speed&quot;:&quot;0&quot;,&quot;title&quot;:&quot;&quot;,&quot;orientation&quot;:&quot;0&quot;}\" data-image-title=\"2021-Renault-5-Prototype-1-1080&amp;#215;617\" data-image-description=\"\" data-image-caption=\"&lt;p&gt;Klar i 2024. Renault 5 prototype (Foto: Renault)&lt;\/p&gt;\n\" data-large-file=\"https:\/\/i0.wp.com\/terjebjornstad.com\/no\/wp-content\/uploads\/2022\/02\/2021-Renault-5-Prototype-1-1080x617-1.png?fit=980%2C560&amp;ssl=1\" src=\"https:\/\/i0.wp.com\/terjebjornstad.com\/no\/wp-content\/uploads\/2022\/02\/2021-Renault-5-Prototype-1-1080x617-1.png?resize=980%2C560&#038;ssl=1\" alt=\"nye renault 5\" width=\"980\" height=\"560\" class=\"size-full wp-image-46972\" srcset=\"https:\/\/i0.wp.com\/terjebjornstad.com\/no\/wp-content\/uploads\/2022\/02\/2021-Renault-5-Prototype-1-1080x617-1.png?w=1080&amp;ssl=1 1080w, https:\/\/i0.wp.com\/terjebjornstad.com\/no\/wp-content\/uploads\/2022\/02\/2021-Renault-5-Prototype-1-1080x617-1.png?resize=300%2C171&amp;ssl=1 300w, https:\/\/i0.wp.com\/terjebjornstad.com\/no\/wp-content\/uploads\/2022\/02\/2021-Renault-5-Prototype-1-1080x617-1.png?resize=768%2C439&amp;ssl=1 768w, https:\/\/i0.wp.com\/terjebjornstad.com\/no\/wp-content\/uploads\/2022\/02\/2021-Renault-5-Prototype-1-1080x617-1.png?resize=690%2C394&amp;ssl=1 690w, https:\/\/i0.wp.com\/terjebjornstad.com\/no\/wp-content\/uploads\/2022\/02\/2021-Renault-5-Prototype-1-1080x617-1.png?resize=980%2C560&amp;ssl=1 980w\" sizes=\"auto, (max-width: 980px) 100vw, 980px\" \/><\/a><figcaption id=\"caption-attachment-46972\" class=\"wp-caption-text\">2024 Renault 5 prototype (Foto: Renault)<\/figcaption><\/figure>\n<h3 class=\"tebh2\">Zoe var et friskt pust<\/h3>\n<p>Zoe har v\u00e6rt en viktig modell for Renault, ikke bare salgsmessig. Den har ogs\u00e5 plassert Renault p\u00e5 kartet som en ledende produsent av elbiler. I 2021 var Zoe Frankrikes nest mest solgte elbil med 23 573 eksemplarer, kun s\u00e5 vidt sl\u00e5tt av Tesla Model 3. Renault Zoe har tidligere v\u00e6rt Frankrikes mest solgte elbil i flere \u00e5r. Sammenlignet med Norge er Frankrike enn\u00e5 i startgropen for elektrifisering. Det er nemlig sv\u00e6rt f\u00e5 elbiler utenfor de store byene. Lanseringen av Zoe for nesten ti \u00e5r siden skjedde med en massiv innenlands reklamekampanje. Det var ikke bare elbil-egenskapene som ble fremhevet, men ogs\u00e5 bilens bolle-aktige utseende. S\u00e5ledes bidro nok Zoe-kampanjen til ogs\u00e5 \u00e5 fremme andre modeller fra Renault. <\/p>\n<h3 class=\"tebh2\">Godt mottatt<\/h3>\n<p>Prototypens friske, rette linjer representerer en stil vi kommer til \u00e5 se mer av i n\u00e6r fremtid. Dagens kontempor\u00e6re bildesign med flagrende, krummede linjer, gjerne lag p\u00e5 lag &#8211; som Clio, Megane, Captur og Kadjar har, &#8211; er p\u00e5 vei ut &#8211; i hvert fall som elbil-fasong. Inn kommer modeller som Hyundai Ioniq 5, Kia EV6 og Tesla Cybertruck. Form\u00e5let med prototyper som Renault 5, er \u00e5 teste hvordan publikum reagerer p\u00e5 de nye formene. S\u00e5 langt er de nye linjene godt mottatt. Designet ble k\u00e5ret til <em>Concept-car of the year<\/em> i september i fjor av en jury best\u00e5ende av ledende bildesignere. I januar i \u00e5r ble nye Renault 5 k\u00e5ret til den vakreste konseptbilen av publikum p\u00e5 \u00e5rets <a href=\"https:\/\/festivalautomobile.com\/en\/home-page\/\" target=\"_blank\" rel=\"noopener\"><strong>Festival Automobile International<\/strong><\/a> i Paris. <\/p>\n<h3 class=\"tebh2\">Vil Renault g\u00e5 for en ny femmer?<\/h3>\n<p>Det gjenst\u00e5r \u00e5 se hvordan Zoe&#8217;s etterf\u00f8lger kommer til \u00e5 bli n\u00e5r den kommer for salg i 2024. Dagens prototype fremhever kreativ og fancy LED-belysning, ting som fascinerer p\u00e5 utstillinger, men som klokelig nok ofte ikke f\u00f8res over i produksjon. I pressemeldingen fra introduksjonen fremheves ogs\u00e5 nye IT-funksjoner p\u00e5 linje med Teslas l\u00f8sninger. Renault 5 skal benytte Renault-Nissans felles plattform for batteri-drivverk i B-segmentet (CMF-B EV). Men selv om alt ser lovende ut for nye Renault 5 n\u00e5 ett \u00e5r etter introduksjonen, s\u00e5 vil fremtiden avhenge av hva som bestemmes p\u00e5 styrerommene. Ett tenkelig utfall kan v\u00e6re at Renault velger \u00e5 stanse prosjektet, eller produsere Renault 5 kun i et begrenset opplag &#8211; som Stellantis valgte for Opel Manta GSe ElektroMOD. I s\u00e5 fall kan Zoe bli etterfulgt av en mer anonym modell med utspring fra dagens modellprogram.<\/p>\n<h3>&nbsp;<\/h3>\n<figure id=\"attachment_56723\" aria-describedby=\"caption-attachment-56723\" style=\"width: 686px\" class=\"wp-caption aligncenter\"><a href=\"https:\/\/i0.wp.com\/terjebjornstad.com\/no\/wp-content\/uploads\/2023\/02\/renault-5-mk1-686-1.jpg?ssl=1\"><img data-recalc-dims=\"1\" loading=\"lazy\" decoding=\"async\" data-attachment-id=\"56723\" data-permalink=\"https:\/\/terjebjornstad.com\/no\/1985-1991-renault-express\/renault-5-mk1-686-1\/\" data-orig-file=\"https:\/\/i0.wp.com\/terjebjornstad.com\/no\/wp-content\/uploads\/2023\/02\/renault-5-mk1-686-1.jpg?fit=686%2C457&amp;ssl=1\" data-orig-size=\"686,457\" data-comments-opened=\"1\" data-image-meta=\"{&quot;aperture&quot;:&quot;0&quot;,&quot;credit&quot;:&quot;&quot;,&quot;camera&quot;:&quot;&quot;,&quot;caption&quot;:&quot;&quot;,&quot;created_timestamp&quot;:&quot;0&quot;,&quot;copyright&quot;:&quot;&quot;,&quot;focal_length&quot;:&quot;0&quot;,&quot;iso&quot;:&quot;0&quot;,&quot;shutter_speed&quot;:&quot;0&quot;,&quot;title&quot;:&quot;&quot;,&quot;orientation&quot;:&quot;0&quot;}\" data-image-title=\"renault-5-mk1-686-1\" data-image-description=\"\" data-image-caption=\"&lt;p&gt;Renault 5&lt;\/p&gt;\n\" data-large-file=\"https:\/\/i0.wp.com\/terjebjornstad.com\/no\/wp-content\/uploads\/2023\/02\/renault-5-mk1-686-1.jpg?fit=686%2C457&amp;ssl=1\" src=\"https:\/\/i0.wp.com\/terjebjornstad.com\/no\/wp-content\/uploads\/2023\/02\/renault-5-mk1-686-1.jpg?resize=686%2C457&#038;ssl=1\" alt=\"\" width=\"686\" height=\"457\" class=\"size-full wp-image-56723\" srcset=\"https:\/\/i0.wp.com\/terjebjornstad.com\/no\/wp-content\/uploads\/2023\/02\/renault-5-mk1-686-1.jpg?w=686&amp;ssl=1 686w, https:\/\/i0.wp.com\/terjebjornstad.com\/no\/wp-content\/uploads\/2023\/02\/renault-5-mk1-686-1.jpg?resize=300%2C200&amp;ssl=1 300w\" sizes=\"auto, (max-width: 686px) 100vw, 686px\" \/><\/a><figcaption id=\"caption-attachment-56723\" class=\"wp-caption-text\">Husker du Renault 5?<\/figcaption><\/figure>\n<h3 class=\"tebh2\">Renault 5 feirer 50 \u00e5r i \u00e5r<\/h3>\n<p>Renault 5 dukket opp i 1972 som en ny bilklasse, i dag omtalt som B-klassen. 1972-modellen var 365 cm lang med ett hjul i hvert hj\u00f8rne. Dagens Clio er 404 cm lang. N\u00e5r Renaults prototype vises sammen med &laquo;ur-femmern&raquo;, ser man tydelig at prototypen er en langt st\u00f8rre bil. Utseendemessig ligner den i grunnen mer p\u00e5 andre generasjon av Renault 5 &#8211; den som etter hvert ble kalt &laquo;superfemmern&raquo;. Disse bilene ble produsert frem til 1996 og er enn\u00e5 hyppige innslag p\u00e5 franske veier.  Siste modellserie med lakkert grill og slette flater har t\u00e5lt alderen sv\u00e6rt godt. <\/p>\n<h3>&nbsp;<\/h3>\n<figure id=\"attachment_43334\" aria-describedby=\"caption-attachment-43334\" style=\"width: 1080px\" class=\"wp-caption aligncenter\"><a href=\"https:\/\/i0.wp.com\/terjebjornstad.com\/no\/wp-content\/uploads\/2021\/09\/r5-2-1080x720-1.png?ssl=1\"><img data-recalc-dims=\"1\" loading=\"lazy\" decoding=\"async\" data-attachment-id=\"43334\" data-permalink=\"https:\/\/terjebjornstad.com\/no\/1984-96-renault-5\/r5-2-1080x720\/\" data-orig-file=\"https:\/\/i0.wp.com\/terjebjornstad.com\/no\/wp-content\/uploads\/2021\/09\/r5-2-1080x720-1.png?fit=1080%2C720&amp;ssl=1\" data-orig-size=\"1080,720\" data-comments-opened=\"1\" data-image-meta=\"{&quot;aperture&quot;:&quot;0&quot;,&quot;credit&quot;:&quot;&quot;,&quot;camera&quot;:&quot;&quot;,&quot;caption&quot;:&quot;&quot;,&quot;created_timestamp&quot;:&quot;0&quot;,&quot;copyright&quot;:&quot;&quot;,&quot;focal_length&quot;:&quot;0&quot;,&quot;iso&quot;:&quot;0&quot;,&quot;shutter_speed&quot;:&quot;0&quot;,&quot;title&quot;:&quot;&quot;,&quot;orientation&quot;:&quot;0&quot;}\" data-image-title=\"r5-2-1080&amp;#215;720\" data-image-description=\"\" data-image-caption=\"&lt;p&gt;Renault 5 mk2&lt;\/p&gt;\n\" data-large-file=\"https:\/\/i0.wp.com\/terjebjornstad.com\/no\/wp-content\/uploads\/2021\/09\/r5-2-1080x720-1.png?fit=980%2C653&amp;ssl=1\" src=\"https:\/\/i0.wp.com\/terjebjornstad.com\/no\/wp-content\/uploads\/2021\/09\/r5-2-1080x720-1.png?resize=980%2C653&#038;ssl=1\" alt=\"ny zoe\" width=\"980\" height=\"653\" class=\"size-full wp-image-43334\" srcset=\"https:\/\/i0.wp.com\/terjebjornstad.com\/no\/wp-content\/uploads\/2021\/09\/r5-2-1080x720-1.png?w=1080&amp;ssl=1 1080w, https:\/\/i0.wp.com\/terjebjornstad.com\/no\/wp-content\/uploads\/2021\/09\/r5-2-1080x720-1.png?resize=300%2C200&amp;ssl=1 300w, https:\/\/i0.wp.com\/terjebjornstad.com\/no\/wp-content\/uploads\/2021\/09\/r5-2-1080x720-1.png?resize=768%2C512&amp;ssl=1 768w, https:\/\/i0.wp.com\/terjebjornstad.com\/no\/wp-content\/uploads\/2021\/09\/r5-2-1080x720-1.png?resize=690%2C460&amp;ssl=1 690w, https:\/\/i0.wp.com\/terjebjornstad.com\/no\/wp-content\/uploads\/2021\/09\/r5-2-1080x720-1.png?resize=980%2C653&amp;ssl=1 980w\" sizes=\"auto, (max-width: 980px) 100vw, 980px\" \/><\/a><figcaption id=\"caption-attachment-43334\" class=\"wp-caption-text\">Renault 5<\/figcaption><\/figure>\n<p><figure id=\"attachment_43784\" aria-describedby=\"caption-attachment-43784\" style=\"width: 810px\" class=\"wp-caption aligncenter\"><a href=\"https:\/\/i0.wp.com\/terjebjornstad.com\/no\/wp-content\/uploads\/2021\/10\/supersinq-810x720-1.png?ssl=1\"><img data-recalc-dims=\"1\" loading=\"lazy\" decoding=\"async\" data-attachment-id=\"43784\" data-permalink=\"https:\/\/terjebjornstad.com\/no\/1984-96-renault-5\/supersinq-810x720\/\" data-orig-file=\"https:\/\/i0.wp.com\/terjebjornstad.com\/no\/wp-content\/uploads\/2021\/10\/supersinq-810x720-1.png?fit=810%2C720&amp;ssl=1\" data-orig-size=\"810,720\" data-comments-opened=\"1\" data-image-meta=\"{&quot;aperture&quot;:&quot;0&quot;,&quot;credit&quot;:&quot;&quot;,&quot;camera&quot;:&quot;&quot;,&quot;caption&quot;:&quot;&quot;,&quot;created_timestamp&quot;:&quot;0&quot;,&quot;copyright&quot;:&quot;&quot;,&quot;focal_length&quot;:&quot;0&quot;,&quot;iso&quot;:&quot;0&quot;,&quot;shutter_speed&quot;:&quot;0&quot;,&quot;title&quot;:&quot;&quot;,&quot;orientation&quot;:&quot;0&quot;}\" data-image-title=\"supersinq-810&amp;#215;720\" data-image-description=\"\" data-image-caption=\"&lt;p&gt;Rally-rigget Renault&lt;\/p&gt;\n\" data-large-file=\"https:\/\/i0.wp.com\/terjebjornstad.com\/no\/wp-content\/uploads\/2021\/10\/supersinq-810x720-1.png?fit=810%2C720&amp;ssl=1\" src=\"https:\/\/i0.wp.com\/terjebjornstad.com\/no\/wp-content\/uploads\/2021\/10\/supersinq-810x720-1.png?resize=810%2C720&#038;ssl=1\" alt=\"Rally-rigget Renault\" width=\"810\" height=\"720\" class=\"size-full wp-image-43784\" srcset=\"https:\/\/i0.wp.com\/terjebjornstad.com\/no\/wp-content\/uploads\/2021\/10\/supersinq-810x720-1.png?w=810&amp;ssl=1 810w, https:\/\/i0.wp.com\/terjebjornstad.com\/no\/wp-content\/uploads\/2021\/10\/supersinq-810x720-1.png?resize=300%2C267&amp;ssl=1 300w, https:\/\/i0.wp.com\/terjebjornstad.com\/no\/wp-content\/uploads\/2021\/10\/supersinq-810x720-1.png?resize=768%2C683&amp;ssl=1 768w, https:\/\/i0.wp.com\/terjebjornstad.com\/no\/wp-content\/uploads\/2021\/10\/supersinq-810x720-1.png?resize=690%2C613&amp;ssl=1 690w\" sizes=\"auto, (max-width: 810px) 100vw, 810px\" \/><\/a><figcaption id=\"caption-attachment-43784\" class=\"wp-caption-text\">Rally-rigget Renault<\/figcaption><\/figure><\/p>\n<h3 class=\"tebh2\">Se ogs\u00e5<\/h3>\n<p><figure id=\"attachment_59939\" aria-describedby=\"caption-attachment-59939\" style=\"width: 150px\" class=\"wp-caption alignleft\"><a href=\"https:\/\/terjebjornstad.com\/no\/2023\/05\/29\/nye-r5-i-kjomda-a290\/\"><img data-recalc-dims=\"1\" loading=\"lazy\" decoding=\"async\" data-attachment-id=\"59939\" data-permalink=\"https:\/\/terjebjornstad.com\/no\/2023\/05\/29\/nye-r5-i-kjomda-a290\/renault-5-roland-garros-1920x1080\/\" data-orig-file=\"https:\/\/i0.wp.com\/terjebjornstad.com\/no\/wp-content\/uploads\/2023\/05\/renault-5-roland-garros-1920x1080-1.jpg?fit=1920%2C1080&amp;ssl=1\" data-orig-size=\"1920,1080\" data-comments-opened=\"1\" data-image-meta=\"{&quot;aperture&quot;:&quot;0&quot;,&quot;credit&quot;:&quot;&quot;,&quot;camera&quot;:&quot;&quot;,&quot;caption&quot;:&quot;&quot;,&quot;created_timestamp&quot;:&quot;0&quot;,&quot;copyright&quot;:&quot;&quot;,&quot;focal_length&quot;:&quot;0&quot;,&quot;iso&quot;:&quot;0&quot;,&quot;shutter_speed&quot;:&quot;0&quot;,&quot;title&quot;:&quot;&quot;,&quot;orientation&quot;:&quot;0&quot;}\" data-image-title=\"renault-5-roland-garros-1920&amp;#215;1080\" data-image-description=\"\" data-image-caption=\"&lt;p&gt;Nye R5 i kj\u00f8mda&lt;\/p&gt;\n\" data-large-file=\"https:\/\/i0.wp.com\/terjebjornstad.com\/no\/wp-content\/uploads\/2023\/05\/renault-5-roland-garros-1920x1080-1.jpg?fit=980%2C552&amp;ssl=1\" src=\"https:\/\/i0.wp.com\/terjebjornstad.com\/no\/wp-content\/uploads\/2023\/05\/renault-5-roland-garros-1920x1080-1.jpg?resize=150%2C150&#038;ssl=1\" alt=\"\" width=\"150\" height=\"150\" class=\"size-thumbnail wp-image-59939\" srcset=\"https:\/\/i0.wp.com\/terjebjornstad.com\/no\/wp-content\/uploads\/2023\/05\/renault-5-roland-garros-1920x1080-1.jpg?resize=150%2C150&amp;ssl=1 150w, https:\/\/i0.wp.com\/terjebjornstad.com\/no\/wp-content\/uploads\/2023\/05\/renault-5-roland-garros-1920x1080-1.jpg?resize=50%2C50&amp;ssl=1 50w, https:\/\/i0.wp.com\/terjebjornstad.com\/no\/wp-content\/uploads\/2023\/05\/renault-5-roland-garros-1920x1080-1.jpg?zoom=2&amp;resize=150%2C150&amp;ssl=1 300w, https:\/\/i0.wp.com\/terjebjornstad.com\/no\/wp-content\/uploads\/2023\/05\/renault-5-roland-garros-1920x1080-1.jpg?zoom=3&amp;resize=150%2C150&amp;ssl=1 450w\" sizes=\"auto, (max-width: 150px) 100vw, 150px\" \/><\/a><figcaption id=\"caption-attachment-59939\" class=\"wp-caption-text\">Nye R5 i kj\u00f8mda<\/figcaption><\/figure><figure id=\"attachment_15568\" aria-describedby=\"caption-attachment-15568\" style=\"width: 150px\" class=\"wp-caption alignleft\"><a href=\"https:\/\/terjebjornstad.com\/no\/1984-96-renault-5\/\"><img data-recalc-dims=\"1\" loading=\"lazy\" decoding=\"async\" data-attachment-id=\"15568\" data-permalink=\"https:\/\/terjebjornstad.com\/no\/2018\/04\/30\/varslepp-pa-ovrevoll\/renault-5-gte-686-5\/\" data-orig-file=\"https:\/\/i0.wp.com\/terjebjornstad.com\/no\/wp-content\/uploads\/2018\/04\/renault-5-gte-686-5.png?fit=686%2C457&amp;ssl=1\" data-orig-size=\"686,457\" data-comments-opened=\"1\" data-image-meta=\"{&quot;aperture&quot;:&quot;0&quot;,&quot;credit&quot;:&quot;&quot;,&quot;camera&quot;:&quot;&quot;,&quot;caption&quot;:&quot;&quot;,&quot;created_timestamp&quot;:&quot;0&quot;,&quot;copyright&quot;:&quot;&quot;,&quot;focal_length&quot;:&quot;0&quot;,&quot;iso&quot;:&quot;0&quot;,&quot;shutter_speed&quot;:&quot;0&quot;,&quot;title&quot;:&quot;&quot;,&quot;orientation&quot;:&quot;0&quot;}\" data-image-title=\"Renault 5 GTE\" data-image-description=\"\" data-image-caption=\"&lt;p&gt;Renault 5&lt;\/p&gt;\n\" data-large-file=\"https:\/\/i0.wp.com\/terjebjornstad.com\/no\/wp-content\/uploads\/2018\/04\/renault-5-gte-686-5.png?fit=686%2C457&amp;ssl=1\" src=\"https:\/\/i0.wp.com\/terjebjornstad.com\/no\/wp-content\/uploads\/2018\/04\/renault-5-gte-686-5.png?resize=150%2C150&#038;ssl=1\" alt=\"\" width=\"150\" height=\"150\" class=\"size-thumbnail wp-image-15568\" srcset=\"https:\/\/i0.wp.com\/terjebjornstad.com\/no\/wp-content\/uploads\/2018\/04\/renault-5-gte-686-5.png?resize=150%2C150&amp;ssl=1 150w, https:\/\/i0.wp.com\/terjebjornstad.com\/no\/wp-content\/uploads\/2018\/04\/renault-5-gte-686-5.png?resize=50%2C50&amp;ssl=1 50w, https:\/\/i0.wp.com\/terjebjornstad.com\/no\/wp-content\/uploads\/2018\/04\/renault-5-gte-686-5.png?zoom=2&amp;resize=150%2C150&amp;ssl=1 300w, https:\/\/i0.wp.com\/terjebjornstad.com\/no\/wp-content\/uploads\/2018\/04\/renault-5-gte-686-5.png?zoom=3&amp;resize=150%2C150&amp;ssl=1 450w\" sizes=\"auto, (max-width: 150px) 100vw, 150px\" \/><\/a><figcaption id=\"caption-attachment-15568\" class=\"wp-caption-text\">Renault 5<\/figcaption><\/figure><figure id=\"attachment_40502\" aria-describedby=\"caption-attachment-40502\" style=\"width: 150px\" class=\"wp-caption alignleft\"><a href=\"https:\/\/terjebjornstad.com\/no\/2021\/05\/24\/60-ar-en-hyllest-til-alle-pariserinner\/\"><img data-recalc-dims=\"1\" loading=\"lazy\" decoding=\"async\" data-attachment-id=\"40502\" data-permalink=\"https:\/\/terjebjornstad.com\/no\/2021\/05\/24\/renault-4-en-allsidig-franskmann\/toutes-parisiennes\/\" data-orig-file=\"https:\/\/i0.wp.com\/terjebjornstad.com\/no\/wp-content\/uploads\/2021\/05\/toutes-parisiennes.png?fit=900%2C506&amp;ssl=1\" data-orig-size=\"900,506\" data-comments-opened=\"1\" data-image-meta=\"{&quot;aperture&quot;:&quot;0&quot;,&quot;credit&quot;:&quot;&quot;,&quot;camera&quot;:&quot;&quot;,&quot;caption&quot;:&quot;&quot;,&quot;created_timestamp&quot;:&quot;0&quot;,&quot;copyright&quot;:&quot;&quot;,&quot;focal_length&quot;:&quot;0&quot;,&quot;iso&quot;:&quot;0&quot;,&quot;shutter_speed&quot;:&quot;0&quot;,&quot;title&quot;:&quot;&quot;,&quot;orientation&quot;:&quot;0&quot;}\" data-image-title=\"toutes-parisiennes\" data-image-description=\"\" data-image-caption=\"&lt;p&gt;60 \u00e5r &amp;#8211; En hyllest til Renault 4&lt;\/p&gt;\n\" data-large-file=\"https:\/\/i0.wp.com\/terjebjornstad.com\/no\/wp-content\/uploads\/2021\/05\/toutes-parisiennes.png?fit=900%2C506&amp;ssl=1\" src=\"https:\/\/i0.wp.com\/terjebjornstad.com\/no\/wp-content\/uploads\/2021\/05\/toutes-parisiennes.png?resize=150%2C150&#038;ssl=1\" alt=\"Renault 4\" width=\"150\" height=\"150\" class=\"size-thumbnail wp-image-40502\" srcset=\"https:\/\/i0.wp.com\/terjebjornstad.com\/no\/wp-content\/uploads\/2021\/05\/toutes-parisiennes.png?resize=150%2C150&amp;ssl=1 150w, https:\/\/i0.wp.com\/terjebjornstad.com\/no\/wp-content\/uploads\/2021\/05\/toutes-parisiennes.png?resize=50%2C50&amp;ssl=1 50w, https:\/\/i0.wp.com\/terjebjornstad.com\/no\/wp-content\/uploads\/2021\/05\/toutes-parisiennes.png?zoom=2&amp;resize=150%2C150&amp;ssl=1 300w, https:\/\/i0.wp.com\/terjebjornstad.com\/no\/wp-content\/uploads\/2021\/05\/toutes-parisiennes.png?zoom=3&amp;resize=150%2C150&amp;ssl=1 450w\" sizes=\"auto, (max-width: 150px) 100vw, 150px\" \/><\/a><figcaption id=\"caption-attachment-40502\" class=\"wp-caption-text\">Renault 4 fyller \u00e5r<\/figcaption><\/figure><\/p>\n<h3>&nbsp;<\/h3>\n<\/div>\n","protected":false,"gt_translate_keys":[{"key":"rendered","format":"html"}]},"excerpt":{"rendered":"<p>For ett \u00e5r siden presenterte Renault en prototype p\u00e5 det som kan bli etterf\u00f8lgeren etter Zoe. Det handlet om et retrodesign av legendariske Renault 5. Samtidig ble det brukt ord som &laquo;ny b\u00f8lge&raquo; og &laquo;Renaulution&raquo;. Dette er musikk i \u00f8rene for oss som liker Renault. &nbsp; Kan bli Zoe&#8217;s etterf\u00f8lger Den franske bilprodusenten g\u00e5r &laquo;all [&hellip;]<\/p>\n","protected":false,"gt_translate_keys":[{"key":"rendered","format":"html"}]},"author":1,"featured_media":46973,"comment_status":"open","ping_status":"open","sticky":false,"template":"","format":"standard","meta":{"_monsterinsights_skip_tracking":false,"_monsterinsights_sitenote_active":false,"_monsterinsights_sitenote_note":"","_monsterinsights_sitenote_category":0,"jetpack_post_was_ever_published":false,"_jetpack_newsletter_access":"","_jetpack_dont_email_post_to_subs":false,"_jetpack_newsletter_tier_id":0,"_jetpack_memberships_contains_paywalled_content":false,"_jetpack_memberships_contains_paid_content":false,"footnotes":"","jetpack_publicize_message":"","jetpack_publicize_feature_enabled":true,"jetpack_social_post_already_shared":true,"jetpack_social_options":{"image_generator_settings":{"template":"highway","default_image_id":0,"font":"","enabled":false},"version":2}},"categories":[34,4132,486],"tags":[4136,4134,4135,1575,4137,4140,4133],"class_list":["post-46977","post","type-post","status-publish","format-standard","has-post-thumbnail","hentry","category-artikkel","category-r5","category-renault","tag-ny-r5","tag-ny-zoe","tag-nye-renault-5","tag-renault-5","tag-renault-r5","tag-renaulution","tag-zoe-etterfolger"],"yoast_head":"<!-- This site is optimized with the Yoast SEO plugin v27.5 - https:\/\/yoast.com\/product\/yoast-seo-wordpress\/ -->\n<title>Femmern kommer tilbake - Terjes biler - Kan bli etterf\u00f8lger til Zoe.<\/title>\n<meta name=\"description\" content=\"Nye Renault 5 kan styrke Renaults merkevare-identitet hvis &quot;Renaulution&quot; inneb\u00e6rer \u00e5 vekke til live gode minner fra fordums modeller.\" \/>\n<meta name=\"robots\" content=\"index, follow, max-snippet:-1, max-image-preview:large, max-video-preview:-1\" \/>\n<link rel=\"canonical\" href=\"https:\/\/terjebjornstad.com\/no\/2022\/02\/22\/nye-renault-5-zoe-etterolger\/\" \/>\n<meta property=\"og:locale\" content=\"nb_NO\" \/>\n<meta property=\"og:type\" content=\"article\" \/>\n<meta property=\"og:title\" content=\"Femmern kommer tilbake - Terjes biler - Kan bli etterf\u00f8lger til Zoe.\" \/>\n<meta property=\"og:description\" content=\"Nye Renault 5 kan styrke Renaults merkevare-identitet hvis &quot;Renaulution&quot; inneb\u00e6rer \u00e5 vekke til live gode minner fra fordums modeller.\" \/>\n<meta property=\"og:url\" content=\"https:\/\/terjebjornstad.com\/no\/2022\/02\/22\/nye-renault-5-zoe-etterolger\/\" \/>\n<meta property=\"og:site_name\" content=\"Terjes biler\" \/>\n<meta property=\"article:publisher\" content=\"https:\/\/www.facebook.com\/terjesbiler\/\" \/>\n<meta property=\"article:author\" content=\"https:\/\/www.facebook.com\/terjesbiler\" \/>\n<meta property=\"article:published_time\" content=\"2022-02-22T00:33:51+00:00\" \/>\n<meta property=\"article:modified_time\" content=\"2026-03-02T10:52:21+00:00\" \/>\n<meta property=\"og:image\" content=\"https:\/\/terjebjornstad.com\/no\/wp-content\/uploads\/2022\/02\/2021-Renault-5-Prototype-1080x617-1.png\" \/>\n\t<meta property=\"og:image:width\" content=\"1080\" \/>\n\t<meta property=\"og:image:height\" content=\"617\" \/>\n\t<meta property=\"og:image:type\" content=\"image\/png\" \/>\n<meta name=\"author\" content=\"Terje Bj\u00f8rnstad\" \/>\n<meta name=\"twitter:card\" content=\"summary_large_image\" \/>\n<meta name=\"twitter:label1\" content=\"Skrevet av\" \/>\n\t<meta name=\"twitter:data1\" content=\"Terje Bj\u00f8rnstad\" \/>\n\t<meta name=\"twitter:label2\" content=\"Ansl. lesetid\" \/>\n\t<meta name=\"twitter:data2\" content=\"6 minutter\" \/>\n<script type=\"application\/ld+json\" class=\"yoast-schema-graph\">{\"@context\":\"https:\\\/\\\/schema.org\",\"@graph\":[{\"@type\":\"Article\",\"@id\":\"https:\\\/\\\/terjebjornstad.com\\\/no\\\/2022\\\/02\\\/22\\\/nye-renault-5-zoe-etterolger\\\/#article\",\"isPartOf\":{\"@id\":\"https:\\\/\\\/terjebjornstad.com\\\/no\\\/2022\\\/02\\\/22\\\/nye-renault-5-zoe-etterolger\\\/\"},\"author\":{\"name\":\"Terje Bj\u00f8rnstad\",\"@id\":\"https:\\\/\\\/terjebjornstad.com\\\/no\\\/#\\\/schema\\\/person\\\/a281f6a6e0f3cc9fe468e7f0c655aa65\"},\"headline\":\"Femmern kommer tilbake\",\"datePublished\":\"2022-02-22T00:33:51+00:00\",\"dateModified\":\"2026-03-02T10:52:21+00:00\",\"mainEntityOfPage\":{\"@id\":\"https:\\\/\\\/terjebjornstad.com\\\/no\\\/2022\\\/02\\\/22\\\/nye-renault-5-zoe-etterolger\\\/\"},\"wordCount\":759,\"commentCount\":0,\"publisher\":{\"@id\":\"https:\\\/\\\/terjebjornstad.com\\\/no\\\/#organization\"},\"image\":{\"@id\":\"https:\\\/\\\/terjebjornstad.com\\\/no\\\/2022\\\/02\\\/22\\\/nye-renault-5-zoe-etterolger\\\/#primaryimage\"},\"thumbnailUrl\":\"https:\\\/\\\/i0.wp.com\\\/terjebjornstad.com\\\/no\\\/wp-content\\\/uploads\\\/2022\\\/02\\\/2021-Renault-5-Prototype-1080x617-1.png?fit=1080%2C617&ssl=1\",\"keywords\":[\"Ny R5\",\"Ny Zoe\",\"Nye Renault 5\",\"Renault 5\",\"Renault R5\",\"Renaulution\",\"Zoe etterf\u00f8lger\"],\"articleSection\":[\"Artikkel\",\"R5\",\"Renault\"],\"inLanguage\":\"nb-NO\",\"potentialAction\":[{\"@type\":\"CommentAction\",\"name\":\"Comment\",\"target\":[\"https:\\\/\\\/terjebjornstad.com\\\/no\\\/2022\\\/02\\\/22\\\/nye-renault-5-zoe-etterolger\\\/#respond\"]}]},{\"@type\":\"WebPage\",\"@id\":\"https:\\\/\\\/terjebjornstad.com\\\/no\\\/2022\\\/02\\\/22\\\/nye-renault-5-zoe-etterolger\\\/\",\"url\":\"https:\\\/\\\/terjebjornstad.com\\\/no\\\/2022\\\/02\\\/22\\\/nye-renault-5-zoe-etterolger\\\/\",\"name\":\"Femmern kommer tilbake - Terjes biler - Kan bli etterf\u00f8lger til Zoe.\",\"isPartOf\":{\"@id\":\"https:\\\/\\\/terjebjornstad.com\\\/no\\\/#website\"},\"primaryImageOfPage\":{\"@id\":\"https:\\\/\\\/terjebjornstad.com\\\/no\\\/2022\\\/02\\\/22\\\/nye-renault-5-zoe-etterolger\\\/#primaryimage\"},\"image\":{\"@id\":\"https:\\\/\\\/terjebjornstad.com\\\/no\\\/2022\\\/02\\\/22\\\/nye-renault-5-zoe-etterolger\\\/#primaryimage\"},\"thumbnailUrl\":\"https:\\\/\\\/i0.wp.com\\\/terjebjornstad.com\\\/no\\\/wp-content\\\/uploads\\\/2022\\\/02\\\/2021-Renault-5-Prototype-1080x617-1.png?fit=1080%2C617&ssl=1\",\"datePublished\":\"2022-02-22T00:33:51+00:00\",\"dateModified\":\"2026-03-02T10:52:21+00:00\",\"description\":\"Nye Renault 5 kan styrke Renaults merkevare-identitet hvis \\\"Renaulution\\\" inneb\u00e6rer \u00e5 vekke til live gode minner fra fordums modeller.\",\"breadcrumb\":{\"@id\":\"https:\\\/\\\/terjebjornstad.com\\\/no\\\/2022\\\/02\\\/22\\\/nye-renault-5-zoe-etterolger\\\/#breadcrumb\"},\"inLanguage\":\"nb-NO\",\"potentialAction\":[{\"@type\":\"ReadAction\",\"target\":[\"https:\\\/\\\/terjebjornstad.com\\\/no\\\/2022\\\/02\\\/22\\\/nye-renault-5-zoe-etterolger\\\/\"]}]},{\"@type\":\"ImageObject\",\"inLanguage\":\"nb-NO\",\"@id\":\"https:\\\/\\\/terjebjornstad.com\\\/no\\\/2022\\\/02\\\/22\\\/nye-renault-5-zoe-etterolger\\\/#primaryimage\",\"url\":\"https:\\\/\\\/i0.wp.com\\\/terjebjornstad.com\\\/no\\\/wp-content\\\/uploads\\\/2022\\\/02\\\/2021-Renault-5-Prototype-1080x617-1.png?fit=1080%2C617&ssl=1\",\"contentUrl\":\"https:\\\/\\\/i0.wp.com\\\/terjebjornstad.com\\\/no\\\/wp-content\\\/uploads\\\/2022\\\/02\\\/2021-Renault-5-Prototype-1080x617-1.png?fit=1080%2C617&ssl=1\",\"width\":1080,\"height\":617,\"caption\":\"Femmern kommer tilbake\"},{\"@type\":\"BreadcrumbList\",\"@id\":\"https:\\\/\\\/terjebjornstad.com\\\/no\\\/2022\\\/02\\\/22\\\/nye-renault-5-zoe-etterolger\\\/#breadcrumb\",\"itemListElement\":[{\"@type\":\"ListItem\",\"position\":1,\"name\":\"Hjem\",\"item\":\"https:\\\/\\\/terjebjornstad.com\\\/no\\\/\"},{\"@type\":\"ListItem\",\"position\":2,\"name\":\"Femmern kommer tilbake\"}]},{\"@type\":\"WebSite\",\"@id\":\"https:\\\/\\\/terjebjornstad.com\\\/no\\\/#website\",\"url\":\"https:\\\/\\\/terjebjornstad.com\\\/no\\\/\",\"name\":\"Terjes biler\",\"description\":\"HONEST ABOUT CARS\",\"publisher\":{\"@id\":\"https:\\\/\\\/terjebjornstad.com\\\/no\\\/#organization\"},\"alternateName\":\"Terjebjornstad.com\",\"potentialAction\":[{\"@type\":\"SearchAction\",\"target\":{\"@type\":\"EntryPoint\",\"urlTemplate\":\"https:\\\/\\\/terjebjornstad.com\\\/no\\\/?s={search_term_string}\"},\"query-input\":{\"@type\":\"PropertyValueSpecification\",\"valueRequired\":true,\"valueName\":\"search_term_string\"}}],\"inLanguage\":\"nb-NO\"},{\"@type\":\"Organization\",\"@id\":\"https:\\\/\\\/terjebjornstad.com\\\/no\\\/#organization\",\"name\":\"Terje Bj\u00f8rnstad ENK\",\"url\":\"https:\\\/\\\/terjebjornstad.com\\\/no\\\/\",\"logo\":{\"@type\":\"ImageObject\",\"inLanguage\":\"nb-NO\",\"@id\":\"https:\\\/\\\/terjebjornstad.com\\\/no\\\/#\\\/schema\\\/logo\\\/image\\\/\",\"url\":\"https:\\\/\\\/i0.wp.com\\\/terjebjornstad.com\\\/no\\\/wp-content\\\/uploads\\\/2026\\\/02\\\/terjesbiler2024-960x354-1.png?fit=960%2C354&ssl=1\",\"contentUrl\":\"https:\\\/\\\/i0.wp.com\\\/terjebjornstad.com\\\/no\\\/wp-content\\\/uploads\\\/2026\\\/02\\\/terjesbiler2024-960x354-1.png?fit=960%2C354&ssl=1\",\"width\":960,\"height\":354,\"caption\":\"Terje Bj\u00f8rnstad ENK\"},\"image\":{\"@id\":\"https:\\\/\\\/terjebjornstad.com\\\/no\\\/#\\\/schema\\\/logo\\\/image\\\/\"},\"sameAs\":[\"https:\\\/\\\/www.facebook.com\\\/terjesbiler\\\/\",\"https:\\\/\\\/www.instagram.com\\\/terjesbiler\\\/\",\"https:\\\/\\\/www.pinteres.com\\\/terjebjrnstad\\\/terjes-biler\\\/\"]},{\"@type\":\"Person\",\"@id\":\"https:\\\/\\\/terjebjornstad.com\\\/no\\\/#\\\/schema\\\/person\\\/a281f6a6e0f3cc9fe468e7f0c655aa65\",\"name\":\"Terje Bj\u00f8rnstad\",\"image\":{\"@type\":\"ImageObject\",\"inLanguage\":\"nb-NO\",\"@id\":\"https:\\\/\\\/secure.gravatar.com\\\/avatar\\\/e8dff505b51cf6cb67ae06a06022d2049aac2da1e79dc146a36b58798c4b40ea?s=96&d=mm&r=g\",\"url\":\"https:\\\/\\\/secure.gravatar.com\\\/avatar\\\/e8dff505b51cf6cb67ae06a06022d2049aac2da1e79dc146a36b58798c4b40ea?s=96&d=mm&r=g\",\"contentUrl\":\"https:\\\/\\\/secure.gravatar.com\\\/avatar\\\/e8dff505b51cf6cb67ae06a06022d2049aac2da1e79dc146a36b58798c4b40ea?s=96&d=mm&r=g\",\"caption\":\"Terje Bj\u00f8rnstad\"},\"description\":\"Terje Bj\u00f8rnstad. Bloggadministrator, hobbyfotograf og bilnerd.\",\"sameAs\":[\"https:\\\/\\\/www.facebook.com\\\/terjesbiler\",\"https:\\\/\\\/www.instagram.com\\\/terjesbiler\",\"https:\\\/\\\/no.pinterest.com\\\/terjebjrnstad\",\"https:\\\/\\\/www.youtube.com\\\/channel\\\/UCzCKJJDybyIgKqatc_JQqIg\"]}]}<\/script>\n<!-- \/ Yoast SEO plugin. -->","yoast_head_json":{"title":"Femmern kommer tilbake - Terjes biler - Kan bli etterf\u00f8lger til Zoe.","description":"Nye Renault 5 kan styrke Renaults merkevare-identitet hvis \"Renaulution\" inneb\u00e6rer \u00e5 vekke til live gode minner fra fordums modeller.","robots":{"index":"index","follow":"follow","max-snippet":"max-snippet:-1","max-image-preview":"max-image-preview:large","max-video-preview":"max-video-preview:-1"},"canonical":"https:\/\/terjebjornstad.com\/no\/2022\/02\/22\/nye-renault-5-zoe-etterolger\/","og_locale":"nb_NO","og_type":"article","og_title":"Femmern kommer tilbake - Terjes biler - Kan bli etterf\u00f8lger til Zoe.","og_description":"Nye Renault 5 kan styrke Renaults merkevare-identitet hvis \"Renaulution\" inneb\u00e6rer \u00e5 vekke til live gode minner fra fordums modeller.","og_url":"https:\/\/terjebjornstad.com\/no\/2022\/02\/22\/nye-renault-5-zoe-etterolger\/","og_site_name":"Terjes biler","article_publisher":"https:\/\/www.facebook.com\/terjesbiler\/","article_author":"https:\/\/www.facebook.com\/terjesbiler","article_published_time":"2022-02-22T00:33:51+00:00","article_modified_time":"2026-03-02T10:52:21+00:00","og_image":[{"width":1080,"height":617,"url":"https:\/\/terjebjornstad.com\/no\/wp-content\/uploads\/2022\/02\/2021-Renault-5-Prototype-1080x617-1.png","type":"image\/png"}],"author":"Terje Bj\u00f8rnstad","twitter_card":"summary_large_image","twitter_misc":{"Skrevet av":"Terje Bj\u00f8rnstad","Ansl. lesetid":"6 minutter"},"schema":{"@context":"https:\/\/schema.org","@graph":[{"@type":"Article","@id":"https:\/\/terjebjornstad.com\/no\/2022\/02\/22\/nye-renault-5-zoe-etterolger\/#article","isPartOf":{"@id":"https:\/\/terjebjornstad.com\/no\/2022\/02\/22\/nye-renault-5-zoe-etterolger\/"},"author":{"name":"Terje Bj\u00f8rnstad","@id":"https:\/\/terjebjornstad.com\/no\/#\/schema\/person\/a281f6a6e0f3cc9fe468e7f0c655aa65"},"headline":"Femmern kommer tilbake","datePublished":"2022-02-22T00:33:51+00:00","dateModified":"2026-03-02T10:52:21+00:00","mainEntityOfPage":{"@id":"https:\/\/terjebjornstad.com\/no\/2022\/02\/22\/nye-renault-5-zoe-etterolger\/"},"wordCount":759,"commentCount":0,"publisher":{"@id":"https:\/\/terjebjornstad.com\/no\/#organization"},"image":{"@id":"https:\/\/terjebjornstad.com\/no\/2022\/02\/22\/nye-renault-5-zoe-etterolger\/#primaryimage"},"thumbnailUrl":"https:\/\/i0.wp.com\/terjebjornstad.com\/no\/wp-content\/uploads\/2022\/02\/2021-Renault-5-Prototype-1080x617-1.png?fit=1080%2C617&ssl=1","keywords":["Ny R5","Ny Zoe","Nye Renault 5","Renault 5","Renault R5","Renaulution","Zoe etterf\u00f8lger"],"articleSection":["Artikkel","R5","Renault"],"inLanguage":"nb-NO","potentialAction":[{"@type":"CommentAction","name":"Comment","target":["https:\/\/terjebjornstad.com\/no\/2022\/02\/22\/nye-renault-5-zoe-etterolger\/#respond"]}]},{"@type":"WebPage","@id":"https:\/\/terjebjornstad.com\/no\/2022\/02\/22\/nye-renault-5-zoe-etterolger\/","url":"https:\/\/terjebjornstad.com\/no\/2022\/02\/22\/nye-renault-5-zoe-etterolger\/","name":"Femmern kommer tilbake - Terjes biler - Kan bli etterf\u00f8lger til Zoe.","isPartOf":{"@id":"https:\/\/terjebjornstad.com\/no\/#website"},"primaryImageOfPage":{"@id":"https:\/\/terjebjornstad.com\/no\/2022\/02\/22\/nye-renault-5-zoe-etterolger\/#primaryimage"},"image":{"@id":"https:\/\/terjebjornstad.com\/no\/2022\/02\/22\/nye-renault-5-zoe-etterolger\/#primaryimage"},"thumbnailUrl":"https:\/\/i0.wp.com\/terjebjornstad.com\/no\/wp-content\/uploads\/2022\/02\/2021-Renault-5-Prototype-1080x617-1.png?fit=1080%2C617&ssl=1","datePublished":"2022-02-22T00:33:51+00:00","dateModified":"2026-03-02T10:52:21+00:00","description":"Nye Renault 5 kan styrke Renaults merkevare-identitet hvis \"Renaulution\" inneb\u00e6rer \u00e5 vekke til live gode minner fra fordums modeller.","breadcrumb":{"@id":"https:\/\/terjebjornstad.com\/no\/2022\/02\/22\/nye-renault-5-zoe-etterolger\/#breadcrumb"},"inLanguage":"nb-NO","potentialAction":[{"@type":"ReadAction","target":["https:\/\/terjebjornstad.com\/no\/2022\/02\/22\/nye-renault-5-zoe-etterolger\/"]}]},{"@type":"ImageObject","inLanguage":"nb-NO","@id":"https:\/\/terjebjornstad.com\/no\/2022\/02\/22\/nye-renault-5-zoe-etterolger\/#primaryimage","url":"https:\/\/i0.wp.com\/terjebjornstad.com\/no\/wp-content\/uploads\/2022\/02\/2021-Renault-5-Prototype-1080x617-1.png?fit=1080%2C617&ssl=1","contentUrl":"https:\/\/i0.wp.com\/terjebjornstad.com\/no\/wp-content\/uploads\/2022\/02\/2021-Renault-5-Prototype-1080x617-1.png?fit=1080%2C617&ssl=1","width":1080,"height":617,"caption":"Femmern kommer tilbake"},{"@type":"BreadcrumbList","@id":"https:\/\/terjebjornstad.com\/no\/2022\/02\/22\/nye-renault-5-zoe-etterolger\/#breadcrumb","itemListElement":[{"@type":"ListItem","position":1,"name":"Hjem","item":"https:\/\/terjebjornstad.com\/no\/"},{"@type":"ListItem","position":2,"name":"Femmern kommer tilbake"}]},{"@type":"WebSite","@id":"https:\/\/terjebjornstad.com\/no\/#website","url":"https:\/\/terjebjornstad.com\/no\/","name":"Terjes biler","description":"HONEST ABOUT CARS","publisher":{"@id":"https:\/\/terjebjornstad.com\/no\/#organization"},"alternateName":"Terjebjornstad.com","potentialAction":[{"@type":"SearchAction","target":{"@type":"EntryPoint","urlTemplate":"https:\/\/terjebjornstad.com\/no\/?s={search_term_string}"},"query-input":{"@type":"PropertyValueSpecification","valueRequired":true,"valueName":"search_term_string"}}],"inLanguage":"nb-NO"},{"@type":"Organization","@id":"https:\/\/terjebjornstad.com\/no\/#organization","name":"Terje Bj\u00f8rnstad ENK","url":"https:\/\/terjebjornstad.com\/no\/","logo":{"@type":"ImageObject","inLanguage":"nb-NO","@id":"https:\/\/terjebjornstad.com\/no\/#\/schema\/logo\/image\/","url":"https:\/\/i0.wp.com\/terjebjornstad.com\/no\/wp-content\/uploads\/2026\/02\/terjesbiler2024-960x354-1.png?fit=960%2C354&ssl=1","contentUrl":"https:\/\/i0.wp.com\/terjebjornstad.com\/no\/wp-content\/uploads\/2026\/02\/terjesbiler2024-960x354-1.png?fit=960%2C354&ssl=1","width":960,"height":354,"caption":"Terje Bj\u00f8rnstad ENK"},"image":{"@id":"https:\/\/terjebjornstad.com\/no\/#\/schema\/logo\/image\/"},"sameAs":["https:\/\/www.facebook.com\/terjesbiler\/","https:\/\/www.instagram.com\/terjesbiler\/","https:\/\/www.pinteres.com\/terjebjrnstad\/terjes-biler\/"]},{"@type":"Person","@id":"https:\/\/terjebjornstad.com\/no\/#\/schema\/person\/a281f6a6e0f3cc9fe468e7f0c655aa65","name":"Terje Bj\u00f8rnstad","image":{"@type":"ImageObject","inLanguage":"nb-NO","@id":"https:\/\/secure.gravatar.com\/avatar\/e8dff505b51cf6cb67ae06a06022d2049aac2da1e79dc146a36b58798c4b40ea?s=96&d=mm&r=g","url":"https:\/\/secure.gravatar.com\/avatar\/e8dff505b51cf6cb67ae06a06022d2049aac2da1e79dc146a36b58798c4b40ea?s=96&d=mm&r=g","contentUrl":"https:\/\/secure.gravatar.com\/avatar\/e8dff505b51cf6cb67ae06a06022d2049aac2da1e79dc146a36b58798c4b40ea?s=96&d=mm&r=g","caption":"Terje Bj\u00f8rnstad"},"description":"Terje Bj\u00f8rnstad. Bloggadministrator, hobbyfotograf og bilnerd.","sameAs":["https:\/\/www.facebook.com\/terjesbiler","https:\/\/www.instagram.com\/terjesbiler","https:\/\/no.pinterest.com\/terjebjrnstad","https:\/\/www.youtube.com\/channel\/UCzCKJJDybyIgKqatc_JQqIg"]}]}},"jetpack_publicize_connections":[],"jetpack_featured_media_url":"https:\/\/i0.wp.com\/terjebjornstad.com\/no\/wp-content\/uploads\/2022\/02\/2021-Renault-5-Prototype-1080x617-1.png?fit=1080%2C617&ssl=1","jetpack_sharing_enabled":true,"jetpack_shortlink":"https:\/\/wp.me\/p48zYA-cdH","jetpack-related-posts":[{"id":59995,"url":"https:\/\/terjebjornstad.com\/no\/2023\/05\/29\/nye-r5-i-kjomda-a290\/","url_meta":{"origin":46977,"position":0},"title":"Nye R5 i kj\u00f8mda","author":"Terje Bj\u00f8rnstad","date":"29\/05\/2023","format":false,"excerpt":"Renault Zoe tilbys ikke lenger i Norge. Innen f\u00f8rste halv\u00e5r av 2024 vil den forsvinne for godt fra utstillingsvinduene over hele Europa. Det finnes ingen direkte etterf\u00f8lger. Det er Fabrice Cambolive, sjef for Renault-divisjonen, som har opplyst dette til britisk bilpresse. Det er ingen overraskelse at dagens Zoe vil forsvinne.\u2026","rel":"","context":"i &quot;A290&quot;","block_context":{"text":"A290","link":"https:\/\/terjebjornstad.com\/no\/category\/alpine\/a290\/"},"img":{"alt_text":"","src":"https:\/\/i0.wp.com\/terjebjornstad.com\/no\/wp-content\/uploads\/2023\/05\/renault-5-roland-garros-1920x1080-1.jpg?fit=1200%2C675&ssl=1&resize=350%2C200","width":350,"height":200,"srcset":"https:\/\/i0.wp.com\/terjebjornstad.com\/no\/wp-content\/uploads\/2023\/05\/renault-5-roland-garros-1920x1080-1.jpg?fit=1200%2C675&ssl=1&resize=350%2C200 1x, https:\/\/i0.wp.com\/terjebjornstad.com\/no\/wp-content\/uploads\/2023\/05\/renault-5-roland-garros-1920x1080-1.jpg?fit=1200%2C675&ssl=1&resize=525%2C300 1.5x, https:\/\/i0.wp.com\/terjebjornstad.com\/no\/wp-content\/uploads\/2023\/05\/renault-5-roland-garros-1920x1080-1.jpg?fit=1200%2C675&ssl=1&resize=700%2C400 2x, https:\/\/i0.wp.com\/terjebjornstad.com\/no\/wp-content\/uploads\/2023\/05\/renault-5-roland-garros-1920x1080-1.jpg?fit=1200%2C675&ssl=1&resize=1050%2C600 3x"},"classes":[]},{"id":87312,"url":"https:\/\/terjebjornstad.com\/no\/2026\/01\/06\/r5-med-retrofit-elektrisitet\/","url_meta":{"origin":46977,"position":1},"title":"R5 med ettermontert elektrisitet","author":"Terje Bj\u00f8rnstad","date":"06\/01\/2026","format":false,"excerpt":"Renault-entusiaster kan f\u00e5 ettermontert elektrisk drivverk i sine klassiske R5 og R4. De f\u00f8rste bilene ble konvertert p\u00e5 oppdrag fra Renault. F\u00e5 bilmerker har like lang historie som Renault. I 2027 skal de \u00e5pne d\u00f8rene til et stort museum p\u00e5 den nedlagte fabrikken i Flins, vel 40 km fra Paris.\u2026","rel":"","context":"i &quot;R5&quot;","block_context":{"text":"R5","link":"https:\/\/terjebjornstad.com\/no\/category\/renault\/r5\/"},"img":{"alt_text":"","src":"https:\/\/i0.wp.com\/terjebjornstad.com\/no\/wp-content\/uploads\/2026\/01\/r5-rfit-charging-DPPI-2000x1333-1.jpg?fit=1200%2C801&ssl=1&resize=350%2C200","width":350,"height":200,"srcset":"https:\/\/i0.wp.com\/terjebjornstad.com\/no\/wp-content\/uploads\/2026\/01\/r5-rfit-charging-DPPI-2000x1333-1.jpg?fit=1200%2C801&ssl=1&resize=350%2C200 1x, https:\/\/i0.wp.com\/terjebjornstad.com\/no\/wp-content\/uploads\/2026\/01\/r5-rfit-charging-DPPI-2000x1333-1.jpg?fit=1200%2C801&ssl=1&resize=525%2C300 1.5x, https:\/\/i0.wp.com\/terjebjornstad.com\/no\/wp-content\/uploads\/2026\/01\/r5-rfit-charging-DPPI-2000x1333-1.jpg?fit=1200%2C801&ssl=1&resize=700%2C400 2x, https:\/\/i0.wp.com\/terjebjornstad.com\/no\/wp-content\/uploads\/2026\/01\/r5-rfit-charging-DPPI-2000x1333-1.jpg?fit=1200%2C801&ssl=1&resize=1050%2C600 3x"},"classes":[]},{"id":92494,"url":"https:\/\/terjebjornstad.com\/no\/2026\/04\/24\/renault-r5-e-tech\/","url_meta":{"origin":46977,"position":2},"title":"Renault R5 E-Tech","author":"Terje Bj\u00f8rnstad","date":"24\/04\/2026","format":false,"excerpt":"Det er p\u00e5fallende hvor mange elektriske biler som ser helt like ut. Hensyn til batterikapasitet, vindtunnel og kunstig intelligens bidrar til \u00e5 forme nye biler i samme lest. Etter hvert kan merkeidentiteten forsvinne, og med den ogs\u00e5 kundenes lojalitet. \u00a0 Da Renault lanserte en elektrisk bil med likhetstrekk til \u00e9n\u2026","rel":"","context":"i &quot;Artikkel&quot;","block_context":{"text":"Artikkel","link":"https:\/\/terjebjornstad.com\/no\/category\/artikkel\/"},"img":{"alt_text":"","src":"https:\/\/i0.wp.com\/terjebjornstad.com\/no\/wp-content\/uploads\/2026\/04\/renault-r5-electric-kiosk-hjulet-1920x1280-1.jpg?fit=1200%2C800&ssl=1&resize=350%2C200","width":350,"height":200,"srcset":"https:\/\/i0.wp.com\/terjebjornstad.com\/no\/wp-content\/uploads\/2026\/04\/renault-r5-electric-kiosk-hjulet-1920x1280-1.jpg?fit=1200%2C800&ssl=1&resize=350%2C200 1x, https:\/\/i0.wp.com\/terjebjornstad.com\/no\/wp-content\/uploads\/2026\/04\/renault-r5-electric-kiosk-hjulet-1920x1280-1.jpg?fit=1200%2C800&ssl=1&resize=525%2C300 1.5x, https:\/\/i0.wp.com\/terjebjornstad.com\/no\/wp-content\/uploads\/2026\/04\/renault-r5-electric-kiosk-hjulet-1920x1280-1.jpg?fit=1200%2C800&ssl=1&resize=700%2C400 2x, https:\/\/i0.wp.com\/terjebjornstad.com\/no\/wp-content\/uploads\/2026\/04\/renault-r5-electric-kiosk-hjulet-1920x1280-1.jpg?fit=1200%2C800&ssl=1&resize=1050%2C600 3x"},"classes":[]},{"id":76219,"url":"https:\/\/terjebjornstad.com\/no\/2024\/10\/22\/renault-4-e-tech-forer-arven-videre\/","url_meta":{"origin":46977,"position":3},"title":"Renault 4 E-Tech f\u00f8rer arven videre","author":"Terje Bj\u00f8rnstad","date":"22\/10\/2024","format":false,"excerpt":"Det er blitt ganske vanlig \u00e5 la nye elektriske bilmodeller arve navn etter tidligere legendariske modeller. Har nye Renault 4 E-Tech de samme egenskapene som i sin tid gjorde Renault 4 til en av Europas mest elskede og popul\u00e6re biler? Skal EU n\u00e5 sine m\u00e5l med hensyn til null-utslipp er\u2026","rel":"","context":"i &quot;Renault&quot;","block_context":{"text":"Renault","link":"https:\/\/terjebjornstad.com\/no\/category\/renault\/"},"img":{"alt_text":"","src":"https:\/\/i0.wp.com\/terjebjornstad.com\/no\/wp-content\/uploads\/2024\/10\/Renault-4-E-Tech-electric-1043.jpg?fit=1200%2C800&ssl=1&resize=350%2C200","width":350,"height":200,"srcset":"https:\/\/i0.wp.com\/terjebjornstad.com\/no\/wp-content\/uploads\/2024\/10\/Renault-4-E-Tech-electric-1043.jpg?fit=1200%2C800&ssl=1&resize=350%2C200 1x, https:\/\/i0.wp.com\/terjebjornstad.com\/no\/wp-content\/uploads\/2024\/10\/Renault-4-E-Tech-electric-1043.jpg?fit=1200%2C800&ssl=1&resize=525%2C300 1.5x, https:\/\/i0.wp.com\/terjebjornstad.com\/no\/wp-content\/uploads\/2024\/10\/Renault-4-E-Tech-electric-1043.jpg?fit=1200%2C800&ssl=1&resize=700%2C400 2x, https:\/\/i0.wp.com\/terjebjornstad.com\/no\/wp-content\/uploads\/2024\/10\/Renault-4-E-Tech-electric-1043.jpg?fit=1200%2C800&ssl=1&resize=1050%2C600 3x"},"classes":[]},{"id":79125,"url":"https:\/\/terjebjornstad.com\/no\/2025\/02\/08\/ecarexpo-2025\/","url_meta":{"origin":46977,"position":4},"title":"eCarExpo 2025","author":"Terje Bj\u00f8rnstad","date":"08\/02\/2025","format":false,"excerpt":"Flere nyheter ble vist p\u00e5 eCarExpo 2025. Den st\u00f8rste var Mazda 6e som ble avduket for et norsk publikum. Nye Renault R5 og R4 E-Tech fanger opp linjene fra tidligere modeller, og kan vekke gode minner hos mange. En annen, mer ukjent nyhet, var Nammi Box, en prisbombe fra Kina\u2026","rel":"","context":"i &quot;Artikkel&quot;","block_context":{"text":"Artikkel","link":"https:\/\/terjebjornstad.com\/no\/category\/artikkel\/"},"img":{"alt_text":"","src":"https:\/\/i0.wp.com\/terjebjornstad.com\/no\/wp-content\/uploads\/2025\/02\/mazda-6e-1920x1280-1.jpg?fit=1200%2C800&ssl=1&resize=350%2C200","width":350,"height":200,"srcset":"https:\/\/i0.wp.com\/terjebjornstad.com\/no\/wp-content\/uploads\/2025\/02\/mazda-6e-1920x1280-1.jpg?fit=1200%2C800&ssl=1&resize=350%2C200 1x, https:\/\/i0.wp.com\/terjebjornstad.com\/no\/wp-content\/uploads\/2025\/02\/mazda-6e-1920x1280-1.jpg?fit=1200%2C800&ssl=1&resize=525%2C300 1.5x, https:\/\/i0.wp.com\/terjebjornstad.com\/no\/wp-content\/uploads\/2025\/02\/mazda-6e-1920x1280-1.jpg?fit=1200%2C800&ssl=1&resize=700%2C400 2x, https:\/\/i0.wp.com\/terjebjornstad.com\/no\/wp-content\/uploads\/2025\/02\/mazda-6e-1920x1280-1.jpg?fit=1200%2C800&ssl=1&resize=1050%2C600 3x"},"classes":[]},{"id":58431,"url":"https:\/\/terjebjornstad.com\/no\/2023\/03\/19\/volkswagens-kommende-signaturmodell\/","url_meta":{"origin":46977,"position":5},"title":"Volkswagens kommende signaturmodell","author":"Terje Bj\u00f8rnstad","date":"19\/03\/2023","format":false,"excerpt":"Volkswagen har gitt oss et innblikk i en modell som kan ta en stor jafs av elbilmarkedet om et par \u00e5r. Det handler om pris, plass og en C-stolpe som minner om Golfs tidlige modeller. Folkelig pris Volkswagens verdenspremiere av ID.2all sender signaler om at det kan v\u00e6re mulig \u00e5\u2026","rel":"","context":"i &quot;Artikkel&quot;","block_context":{"text":"Artikkel","link":"https:\/\/terjebjornstad.com\/no\/category\/artikkel\/"},"img":{"alt_text":"","src":"https:\/\/i0.wp.com\/terjebjornstad.com\/no\/wp-content\/uploads\/2023\/03\/DB2023AU00185_medium.jpg?fit=1200%2C800&ssl=1&resize=350%2C200","width":350,"height":200,"srcset":"https:\/\/i0.wp.com\/terjebjornstad.com\/no\/wp-content\/uploads\/2023\/03\/DB2023AU00185_medium.jpg?fit=1200%2C800&ssl=1&resize=350%2C200 1x, https:\/\/i0.wp.com\/terjebjornstad.com\/no\/wp-content\/uploads\/2023\/03\/DB2023AU00185_medium.jpg?fit=1200%2C800&ssl=1&resize=525%2C300 1.5x, https:\/\/i0.wp.com\/terjebjornstad.com\/no\/wp-content\/uploads\/2023\/03\/DB2023AU00185_medium.jpg?fit=1200%2C800&ssl=1&resize=700%2C400 2x, https:\/\/i0.wp.com\/terjebjornstad.com\/no\/wp-content\/uploads\/2023\/03\/DB2023AU00185_medium.jpg?fit=1200%2C800&ssl=1&resize=1050%2C600 3x"},"classes":[]}],"gt_translate_keys":[{"key":"link","format":"url"}],"_links":{"self":[{"href":"https:\/\/terjebjornstad.com\/no\/wp-json\/wp\/v2\/posts\/46977","targetHints":{"allow":["GET"]}}],"collection":[{"href":"https:\/\/terjebjornstad.com\/no\/wp-json\/wp\/v2\/posts"}],"about":[{"href":"https:\/\/terjebjornstad.com\/no\/wp-json\/wp\/v2\/types\/post"}],"author":[{"embeddable":true,"href":"https:\/\/terjebjornstad.com\/no\/wp-json\/wp\/v2\/users\/1"}],"replies":[{"embeddable":true,"href":"https:\/\/terjebjornstad.com\/no\/wp-json\/wp\/v2\/comments?post=46977"}],"version-history":[{"count":29,"href":"https:\/\/terjebjornstad.com\/no\/wp-json\/wp\/v2\/posts\/46977\/revisions"}],"predecessor-version":[{"id":90364,"href":"https:\/\/terjebjornstad.com\/no\/wp-json\/wp\/v2\/posts\/46977\/revisions\/90364"}],"wp:featuredmedia":[{"embeddable":true,"href":"https:\/\/terjebjornstad.com\/no\/wp-json\/wp\/v2\/media\/46973"}],"wp:attachment":[{"href":"https:\/\/terjebjornstad.com\/no\/wp-json\/wp\/v2\/media?parent=46977"}],"wp:term":[{"taxonomy":"category","embeddable":true,"href":"https:\/\/terjebjornstad.com\/no\/wp-json\/wp\/v2\/categories?post=46977"},{"taxonomy":"post_tag","embeddable":true,"href":"https:\/\/terjebjornstad.com\/no\/wp-json\/wp\/v2\/tags?post=46977"}],"curies":[{"name":"wp","href":"https:\/\/api.w.org\/{rel}","templated":true}]}}