{"id":46521,"date":"2022-02-05T11:05:57","date_gmt":"2022-02-05T10:05:57","guid":{"rendered":"https:\/\/terjebjornstad.com\/no\/?p=46521"},"modified":"2026-03-15T01:24:12","modified_gmt":"2026-03-15T00:24:12","slug":"ny-aygo-x-citroen-c1-forsvinner","status":"publish","type":"post","link":"https:\/\/terjebjornstad.com\/no\/2022\/02\/05\/ny-aygo-x-citroen-c1-forsvinner\/","title":{"rendered":"Ny Aygo X &#8211; Citroen C1 forsvinner","gt_translate_keys":[{"key":"rendered","format":"text"}]},"content":{"rendered":"<div class=\"copy_teb\"><figure id=\"attachment_2803\" aria-describedby=\"caption-attachment-2803\" style=\"width: 660px\" class=\"wp-caption aligncenter\"><a href=\"https:\/\/i0.wp.com\/terjebjornstad.com\/no\/wp-content\/uploads\/2014\/02\/citroen-c1-1.png?ssl=1\"><img data-recalc-dims=\"1\" loading=\"lazy\" decoding=\"async\" data-attachment-id=\"2803\" data-permalink=\"https:\/\/terjebjornstad.com\/no\/terjes-biler\/citroen-c1-1\/\" data-orig-file=\"https:\/\/i0.wp.com\/terjebjornstad.com\/no\/wp-content\/uploads\/2014\/02\/citroen-c1-1.png?fit=660%2C440&amp;ssl=1\" data-orig-size=\"660,440\" data-comments-opened=\"1\" data-image-meta=\"{&quot;aperture&quot;:&quot;0&quot;,&quot;credit&quot;:&quot;&quot;,&quot;camera&quot;:&quot;&quot;,&quot;caption&quot;:&quot;&quot;,&quot;created_timestamp&quot;:&quot;0&quot;,&quot;copyright&quot;:&quot;&quot;,&quot;focal_length&quot;:&quot;0&quot;,&quot;iso&quot;:&quot;0&quot;,&quot;shutter_speed&quot;:&quot;0&quot;,&quot;title&quot;:&quot;&quot;,&quot;orientation&quot;:&quot;0&quot;}\" data-image-title=\"citroen-c1-1\" data-image-description=\"\" data-image-caption=\"&lt;p&gt;Citroen C1&lt;\/p&gt;\n\" data-large-file=\"https:\/\/i0.wp.com\/terjebjornstad.com\/no\/wp-content\/uploads\/2014\/02\/citroen-c1-1.png?fit=660%2C440&amp;ssl=1\" src=\"https:\/\/i0.wp.com\/terjebjornstad.com\/no\/wp-content\/uploads\/2014\/02\/citroen-c1-1.png?resize=660%2C440&#038;ssl=1\" alt=\"\" width=\"660\" height=\"440\" class=\"size-full wp-image-2803\" srcset=\"https:\/\/i0.wp.com\/terjebjornstad.com\/no\/wp-content\/uploads\/2014\/02\/citroen-c1-1.png?w=660&amp;ssl=1 660w, https:\/\/i0.wp.com\/terjebjornstad.com\/no\/wp-content\/uploads\/2014\/02\/citroen-c1-1.png?resize=300%2C200&amp;ssl=1 300w\" sizes=\"auto, (max-width: 660px) 100vw, 660px\" \/><\/a><figcaption id=\"caption-attachment-2803\" class=\"wp-caption-text\">Citroen C1<\/figcaption><\/figure><\/p>\n<p><a href=\"https:\/\/i0.wp.com\/terjebjornstad.com\/no\/wp-content\/uploads\/2014\/02\/citroen-c1-7.png?ssl=1\"><img data-recalc-dims=\"1\" loading=\"lazy\" decoding=\"async\" data-attachment-id=\"2806\" data-permalink=\"https:\/\/terjebjornstad.com\/no\/terjes-biler\/citroen-c1-7\/\" data-orig-file=\"https:\/\/i0.wp.com\/terjebjornstad.com\/no\/wp-content\/uploads\/2014\/02\/citroen-c1-7.png?fit=660%2C440&amp;ssl=1\" data-orig-size=\"660,440\" data-comments-opened=\"1\" data-image-meta=\"{&quot;aperture&quot;:&quot;0&quot;,&quot;credit&quot;:&quot;&quot;,&quot;camera&quot;:&quot;&quot;,&quot;caption&quot;:&quot;&quot;,&quot;created_timestamp&quot;:&quot;0&quot;,&quot;copyright&quot;:&quot;&quot;,&quot;focal_length&quot;:&quot;0&quot;,&quot;iso&quot;:&quot;0&quot;,&quot;shutter_speed&quot;:&quot;0&quot;,&quot;title&quot;:&quot;&quot;,&quot;orientation&quot;:&quot;0&quot;}\" data-image-title=\"citroen-c1-7\" data-image-description=\"\" data-image-caption=\"\" data-large-file=\"https:\/\/i0.wp.com\/terjebjornstad.com\/no\/wp-content\/uploads\/2014\/02\/citroen-c1-7.png?fit=660%2C440&amp;ssl=1\" src=\"https:\/\/i0.wp.com\/terjebjornstad.com\/no\/wp-content\/uploads\/2014\/02\/citroen-c1-7.png?resize=660%2C440&#038;ssl=1\" alt=\"\" width=\"660\" height=\"440\" class=\"aligncenter size-full wp-image-2806\" srcset=\"https:\/\/i0.wp.com\/terjebjornstad.com\/no\/wp-content\/uploads\/2014\/02\/citroen-c1-7.png?w=660&amp;ssl=1 660w, https:\/\/i0.wp.com\/terjebjornstad.com\/no\/wp-content\/uploads\/2014\/02\/citroen-c1-7.png?resize=300%2C200&amp;ssl=1 300w\" sizes=\"auto, (max-width: 660px) 100vw, 660px\" \/><\/a><\/p>\n<blockquote><p>Citroen C1 og Peugeot 108 avsluttes, mens Toyota Aygo X kommer i en helt ny, trendy, h\u00f8ybygd crossover-utgave. Vi ser n\u00e6rmere p\u00e5 de utg\u00e5tte modellene som blir \u00e5 finne i bruktbil-markedet fremover.<\/p><\/blockquote>\n<h3>&nbsp;<\/h3>\n<h3 class=\"tebh2\">Rydder i modellprogrammet<\/h3>\n<p>Beslutningen om \u00e5 ofre de to PSA-modellene er en konsekvens av sammensl\u00e5ingen mellom PSA og Fiat-Chrysler. Stellantis \u00f8nsker \u00e5 sikre Fiat Panda og Fiat 500 sine posisjoner i markedet. Disse modellene er viktigere for <em>Fiat<\/em> enn hva Citroen C1 og Peugeot 108 er for PSA. Dermed st\u00e5r PSA uten noen modell i A-segmentet. Citroen tetter tomrommet med f\u00f8lgende to modeller: Den nye hel-elektriske AMI som er en mopedbil med batterikapasitet p\u00e5 5,5 kwh, rekkevidde p\u00e5 75 km og toppfart p\u00e5 45 km\/t. I tillegg har Citroen lansert en nedtonet variant av C3, kalt C3 You, med PureTech 82 HK motor og manuelt gir. Den har f\u00e5tt enklere dekor, simplere setetrekk og et nedskalert infotainment-system, men samme sikkerhetsniv\u00e5 som de \u00f8vrige C3-variantene. <\/p>\n<h3 class=\"tebh2\">Toyotas fabrikk<\/h3>\n<p>Samarbeidet mellom PSA og Toyota har omfattet modellene Citroen C1, Peugeot 107\/108 og Toyota Aygo. De er produsert p\u00e5 samme fabrikk med identiske tekniske komponenter. G\u00e5r man bilene n\u00e6rmere etter i s\u00f8mmene, st\u00e5r det &laquo;Toyota&raquo; p\u00e5 flere av delene. Det er nemlig mye Toyota i dem, og for ett \u00e5r siden overtok Toyota eierskapet til fabrikken i Kolin, Tsjekkia. Der skal de produsere nye Aygo X-samt Yaris.<\/p>\n<h3>&nbsp;<\/h3>\n<figure id=\"attachment_46513\" aria-describedby=\"caption-attachment-46513\" style=\"width: 1080px\" class=\"wp-caption aligncenter\"><a href=\"https:\/\/i0.wp.com\/terjebjornstad.com\/no\/wp-content\/uploads\/2022\/02\/3-2g3ginger-2.jpg?ssl=1\"><img data-recalc-dims=\"1\" loading=\"lazy\" decoding=\"async\" data-attachment-id=\"46513\" data-permalink=\"https:\/\/terjebjornstad.com\/no\/2022\/02\/05\/ny-aygo-x-citroen-c1-forsvinner\/3-2g3ginger-2\/\" data-orig-file=\"https:\/\/i0.wp.com\/terjebjornstad.com\/no\/wp-content\/uploads\/2022\/02\/3-2g3ginger-2.jpg?fit=1080%2C811&amp;ssl=1\" data-orig-size=\"1080,811\" data-comments-opened=\"1\" data-image-meta=\"{&quot;aperture&quot;:&quot;16&quot;,&quot;credit&quot;:&quot;&quot;,&quot;camera&quot;:&quot;IQ3 50MP&quot;,&quot;caption&quot;:&quot;&quot;,&quot;created_timestamp&quot;:&quot;1626276872&quot;,&quot;copyright&quot;:&quot;&quot;,&quot;focal_length&quot;:&quot;80&quot;,&quot;iso&quot;:&quot;100&quot;,&quot;shutter_speed&quot;:&quot;0.399999471791&quot;,&quot;title&quot;:&quot;&quot;,&quot;orientation&quot;:&quot;1&quot;}\" data-image-title=\"3-2g3ginger-2\" data-image-description=\"\" data-image-caption=\"&lt;p&gt;Nye Toyota Aygo X &amp;laquo;Ginger&amp;raquo;&lt;\/p&gt;\n\" data-large-file=\"https:\/\/i0.wp.com\/terjebjornstad.com\/no\/wp-content\/uploads\/2022\/02\/3-2g3ginger-2.jpg?fit=980%2C736&amp;ssl=1\" src=\"https:\/\/i0.wp.com\/terjebjornstad.com\/no\/wp-content\/uploads\/2022\/02\/3-2g3ginger-2.jpg?resize=980%2C736&#038;ssl=1\" alt=\"aygo x\" width=\"980\" height=\"736\" class=\"size-full wp-image-46513\" srcset=\"https:\/\/i0.wp.com\/terjebjornstad.com\/no\/wp-content\/uploads\/2022\/02\/3-2g3ginger-2.jpg?w=1080&amp;ssl=1 1080w, https:\/\/i0.wp.com\/terjebjornstad.com\/no\/wp-content\/uploads\/2022\/02\/3-2g3ginger-2.jpg?resize=300%2C225&amp;ssl=1 300w, https:\/\/i0.wp.com\/terjebjornstad.com\/no\/wp-content\/uploads\/2022\/02\/3-2g3ginger-2.jpg?resize=768%2C577&amp;ssl=1 768w, https:\/\/i0.wp.com\/terjebjornstad.com\/no\/wp-content\/uploads\/2022\/02\/3-2g3ginger-2.jpg?resize=690%2C518&amp;ssl=1 690w, https:\/\/i0.wp.com\/terjebjornstad.com\/no\/wp-content\/uploads\/2022\/02\/3-2g3ginger-2.jpg?resize=980%2C736&amp;ssl=1 980w\" sizes=\"auto, (max-width: 980px) 100vw, 980px\" \/><\/a><figcaption id=\"caption-attachment-46513\" class=\"wp-caption-text\">Nye Toyota Aygo X &laquo;Ginger&raquo;<\/figcaption><\/figure>\n<p><figure id=\"attachment_46514\" aria-describedby=\"caption-attachment-46514\" style=\"width: 1080px\" class=\"wp-caption aligncenter\"><a href=\"https:\/\/i0.wp.com\/terjebjornstad.com\/no\/wp-content\/uploads\/2022\/02\/4-4g3ginger-2.jpg?ssl=1\"><img data-recalc-dims=\"1\" loading=\"lazy\" decoding=\"async\" data-attachment-id=\"46514\" data-permalink=\"https:\/\/terjebjornstad.com\/no\/2022\/02\/05\/ny-aygo-x-citroen-c1-forsvinner\/4-4g3ginger-2\/\" data-orig-file=\"https:\/\/i0.wp.com\/terjebjornstad.com\/no\/wp-content\/uploads\/2022\/02\/4-4g3ginger-2.jpg?fit=1080%2C786&amp;ssl=1\" data-orig-size=\"1080,786\" data-comments-opened=\"1\" data-image-meta=\"{&quot;aperture&quot;:&quot;16&quot;,&quot;credit&quot;:&quot;&quot;,&quot;camera&quot;:&quot;IQ3 50MP&quot;,&quot;caption&quot;:&quot;&quot;,&quot;created_timestamp&quot;:&quot;1626288792&quot;,&quot;copyright&quot;:&quot;&quot;,&quot;focal_length&quot;:&quot;80&quot;,&quot;iso&quot;:&quot;100&quot;,&quot;shutter_speed&quot;:&quot;0.799998943582&quot;,&quot;title&quot;:&quot;&quot;,&quot;orientation&quot;:&quot;1&quot;}\" data-image-title=\"4-4g3ginger-2\" data-image-description=\"\" data-image-caption=\"&lt;p&gt;Nye Toyota Aygo X &amp;laquo;Ginger&amp;raquo;&lt;\/p&gt;\n\" data-large-file=\"https:\/\/i0.wp.com\/terjebjornstad.com\/no\/wp-content\/uploads\/2022\/02\/4-4g3ginger-2.jpg?fit=980%2C713&amp;ssl=1\" src=\"https:\/\/i0.wp.com\/terjebjornstad.com\/no\/wp-content\/uploads\/2022\/02\/4-4g3ginger-2.jpg?resize=980%2C713&#038;ssl=1\" alt=\"Aygo X\" width=\"980\" height=\"713\" class=\"size-full wp-image-46514\" srcset=\"https:\/\/i0.wp.com\/terjebjornstad.com\/no\/wp-content\/uploads\/2022\/02\/4-4g3ginger-2.jpg?w=1080&amp;ssl=1 1080w, https:\/\/i0.wp.com\/terjebjornstad.com\/no\/wp-content\/uploads\/2022\/02\/4-4g3ginger-2.jpg?resize=300%2C218&amp;ssl=1 300w, https:\/\/i0.wp.com\/terjebjornstad.com\/no\/wp-content\/uploads\/2022\/02\/4-4g3ginger-2.jpg?resize=768%2C559&amp;ssl=1 768w, https:\/\/i0.wp.com\/terjebjornstad.com\/no\/wp-content\/uploads\/2022\/02\/4-4g3ginger-2.jpg?resize=690%2C502&amp;ssl=1 690w, https:\/\/i0.wp.com\/terjebjornstad.com\/no\/wp-content\/uploads\/2022\/02\/4-4g3ginger-2.jpg?resize=980%2C713&amp;ssl=1 980w\" sizes=\"auto, (max-width: 980px) 100vw, 980px\" \/><\/a><figcaption id=\"caption-attachment-46514\" class=\"wp-caption-text\">Nye Toyota Aygo X &laquo;Ginger&raquo;<\/figcaption><\/figure><\/p>\n<p><figure id=\"attachment_46515\" aria-describedby=\"caption-attachment-46515\" style=\"width: 800px\" class=\"wp-caption aligncenter\"><a href=\"https:\/\/i0.wp.com\/terjebjornstad.com\/no\/wp-content\/uploads\/2022\/02\/5-800_7g3ginger-2.jpg?ssl=1\"><img data-recalc-dims=\"1\" loading=\"lazy\" decoding=\"async\" data-attachment-id=\"46515\" data-permalink=\"https:\/\/terjebjornstad.com\/no\/2022\/02\/05\/ny-aygo-x-citroen-c1-forsvinner\/5-800_7g3ginger-2\/\" data-orig-file=\"https:\/\/i0.wp.com\/terjebjornstad.com\/no\/wp-content\/uploads\/2022\/02\/5-800_7g3ginger-2.jpg?fit=800%2C600&amp;ssl=1\" data-orig-size=\"800,600\" data-comments-opened=\"1\" data-image-meta=\"{&quot;aperture&quot;:&quot;0&quot;,&quot;credit&quot;:&quot;&quot;,&quot;camera&quot;:&quot;&quot;,&quot;caption&quot;:&quot;&quot;,&quot;created_timestamp&quot;:&quot;0&quot;,&quot;copyright&quot;:&quot;&quot;,&quot;focal_length&quot;:&quot;0&quot;,&quot;iso&quot;:&quot;0&quot;,&quot;shutter_speed&quot;:&quot;0&quot;,&quot;title&quot;:&quot;&quot;,&quot;orientation&quot;:&quot;0&quot;}\" data-image-title=\"5-800_7g3ginger-2\" data-image-description=\"\" data-image-caption=\"&lt;p&gt;Nye Toyota Aygo X &amp;laquo;Ginger&amp;raquo;&lt;\/p&gt;\n\" data-large-file=\"https:\/\/i0.wp.com\/terjebjornstad.com\/no\/wp-content\/uploads\/2022\/02\/5-800_7g3ginger-2.jpg?fit=800%2C600&amp;ssl=1\" src=\"https:\/\/i0.wp.com\/terjebjornstad.com\/no\/wp-content\/uploads\/2022\/02\/5-800_7g3ginger-2.jpg?resize=800%2C600&#038;ssl=1\" alt=\"Aygo X\" width=\"800\" height=\"600\" class=\"size-full wp-image-46515\" srcset=\"https:\/\/i0.wp.com\/terjebjornstad.com\/no\/wp-content\/uploads\/2022\/02\/5-800_7g3ginger-2.jpg?w=800&amp;ssl=1 800w, https:\/\/i0.wp.com\/terjebjornstad.com\/no\/wp-content\/uploads\/2022\/02\/5-800_7g3ginger-2.jpg?resize=300%2C225&amp;ssl=1 300w, https:\/\/i0.wp.com\/terjebjornstad.com\/no\/wp-content\/uploads\/2022\/02\/5-800_7g3ginger-2.jpg?resize=768%2C576&amp;ssl=1 768w, https:\/\/i0.wp.com\/terjebjornstad.com\/no\/wp-content\/uploads\/2022\/02\/5-800_7g3ginger-2.jpg?resize=690%2C518&amp;ssl=1 690w\" sizes=\"auto, (max-width: 800px) 100vw, 800px\" \/><\/a><figcaption id=\"caption-attachment-46515\" class=\"wp-caption-text\">Nye Toyota Aygo X &laquo;Ginger&raquo;<\/figcaption><\/figure><\/p>\n<h3>&nbsp;<\/h3>\n<h3 class=\"tebh2\">Aygo X som crossover<\/h3>\n<p>Nye Aygo X &#8211; &laquo;X&raquo; st\u00e5r for cross &#8211; er bygget p\u00e5 samme plattform som Yaris. Med total lengde p\u00e5 370 cm, bredde p\u00e5 174 cm og 18-tommers hjul er den stor for sin klasse. Motoren er i utgangspunktet den samme som satt i Aygo, men n\u00e5 tilpasset nye europeiske milj\u00f8krav. Nye Aygo X er ingen kjedelig Toyota. Den har skarpe, moderne linjer og app-l\u00f8sninger rettet mot unge, caf\u00e9latte-drikkende, urbane mennesker. Den tilbys i 4 forskjellige krydderfarger &#8211; Cardamom (kardemomme), Chili, Ginger og Juniper (einerb\u00e6r). Signaturmodellen lages i begrenset opplag &#8211; utf\u00f8rt i &laquo;Cardamom&raquo; med dekorinnslag i &laquo;Matte Mandarina&raquo;. <\/p>\n<h3 class=\"tebh2\">Toyota st\u00f8rst av de tre<\/h3>\n<p>I de siste 3-4 \u00e5rene har nybilsalget av Citroen C1, Peugeot 108 og Toyota Aygo v\u00e6rt sv\u00e6rt beskjedent i Norge. I resten av Europa, derimot, har Aygo hatt gode salgstall med nesten 100 000 solgte biler i 2019. Av de tre modellene har Aygo st\u00e5tt for 50% av salget, mens Citroen C1 og Peugeot 108 hver har st\u00e5tt for 25%. Det samme forholdet var til stede i Norge.<\/p>\n<h3 class=\"tebh2bigger\">Bruktbiler<\/h3>\n<p>I \u00f8yeblikket ligger det 178 brukte biler av minitrioen fra Tjekkia til salgs p\u00e5 <a href=\"https:\/\/www.finn.no\/car\/used\/search.html?model=1.757.8237&#038;model=1.796.8293&#038;model=1.796.2000299&#038;model=1.813.1480&#038;sort=PUBLISHED_DESC&#038;year_from=2005\" target=\"_blank\" rel=\"noopener\"><strong>Finn.no<\/strong><\/a>. Som bruktbil kan du f\u00e5 en enkel, driftssikker bil med lav km-stand for rundt 30 000 kroner. Toyota Aygo er generelt dyrere enn de to andre modellene uten at det er noen reell grunn til det. Alle tre modellene er produsert ved samme samleb\u00e5nd. I f\u00f8lge T\u00dcV-rapporter fra 2015 til 2019 kommer de tre modellene bedre ut enn gjennomsnittet. Nesten alle bilene til salgs har samme 1,0-liters motor med 3 sylindre og registerkjede. Nyere biler kunne leveres med 1,0 VTi motorer &#8211; ogs\u00e5 de med 3 sylindre og registerkjede. De gir 72 HK i stedet for 69 HK. I Europa ble det solgt biler med 1,4 dieselmotor som gir 54 HK. Disse har registerreim &#8211; ikke kjede. Noen biler har automatgir, som er en usofistikert, robotisert, manuell 5-trinns gir-l\u00f8sning. Den skifter hardt og uberegnelig og er lite egnet for kj\u00f8ring p\u00e5 is- og sn\u00f8f\u00f8re. Anbefales ikke. <\/p>\n<h3 class=\"tebh2\">Kjente feil<\/h3>\n<p>Feil som g\u00e5r igjen oftere enn andre biler, er slitt clutch, og vann som trenger inn i kupeen. Noen eiere opplever \u00e5 f\u00e5 vann inn fra taket, andre fra bagasjerommet. Det har ogs\u00e5 v\u00e6rt en garantiutbedring p\u00e5 grunn av d\u00e5rlig limte bakruter. <\/p>\n<figure id=\"attachment_46519\" aria-describedby=\"caption-attachment-46519\" style=\"width: 1280px\" class=\"wp-caption aligncenter\"><a href=\"https:\/\/i0.wp.com\/terjebjornstad.com\/no\/wp-content\/uploads\/2022\/02\/8-peugeot_107_2012_images_1_1280x960.jpg?ssl=1\"><img data-recalc-dims=\"1\" loading=\"lazy\" decoding=\"async\" data-attachment-id=\"46519\" data-permalink=\"https:\/\/terjebjornstad.com\/no\/2022\/02\/05\/ny-aygo-x-citroen-c1-forsvinner\/8-peugeot_107_2012_images_1_1280x960\/\" data-orig-file=\"https:\/\/i0.wp.com\/terjebjornstad.com\/no\/wp-content\/uploads\/2022\/02\/8-peugeot_107_2012_images_1_1280x960.jpg?fit=1280%2C960&amp;ssl=1\" data-orig-size=\"1280,960\" data-comments-opened=\"1\" data-image-meta=\"{&quot;aperture&quot;:&quot;0&quot;,&quot;credit&quot;:&quot;&quot;,&quot;camera&quot;:&quot;&quot;,&quot;caption&quot;:&quot;&quot;,&quot;created_timestamp&quot;:&quot;0&quot;,&quot;copyright&quot;:&quot;&quot;,&quot;focal_length&quot;:&quot;0&quot;,&quot;iso&quot;:&quot;0&quot;,&quot;shutter_speed&quot;:&quot;0&quot;,&quot;title&quot;:&quot;&quot;,&quot;orientation&quot;:&quot;0&quot;}\" data-image-title=\"8-peugeot_107_2012_images_1_1280x960\" data-image-description=\"\" data-image-caption=\"&lt;p&gt;2012 Peugeot 107 (Foto: FavCars.com)&lt;\/p&gt;\n\" data-large-file=\"https:\/\/i0.wp.com\/terjebjornstad.com\/no\/wp-content\/uploads\/2022\/02\/8-peugeot_107_2012_images_1_1280x960.jpg?fit=980%2C735&amp;ssl=1\" src=\"https:\/\/i0.wp.com\/terjebjornstad.com\/no\/wp-content\/uploads\/2022\/02\/8-peugeot_107_2012_images_1_1280x960.jpg?resize=980%2C735&#038;ssl=1\" alt=\"aygo x\" width=\"980\" height=\"735\" class=\"size-full wp-image-46519\" srcset=\"https:\/\/i0.wp.com\/terjebjornstad.com\/no\/wp-content\/uploads\/2022\/02\/8-peugeot_107_2012_images_1_1280x960.jpg?w=1280&amp;ssl=1 1280w, https:\/\/i0.wp.com\/terjebjornstad.com\/no\/wp-content\/uploads\/2022\/02\/8-peugeot_107_2012_images_1_1280x960.jpg?resize=300%2C225&amp;ssl=1 300w, https:\/\/i0.wp.com\/terjebjornstad.com\/no\/wp-content\/uploads\/2022\/02\/8-peugeot_107_2012_images_1_1280x960.jpg?resize=1080%2C810&amp;ssl=1 1080w, https:\/\/i0.wp.com\/terjebjornstad.com\/no\/wp-content\/uploads\/2022\/02\/8-peugeot_107_2012_images_1_1280x960.jpg?resize=768%2C576&amp;ssl=1 768w, https:\/\/i0.wp.com\/terjebjornstad.com\/no\/wp-content\/uploads\/2022\/02\/8-peugeot_107_2012_images_1_1280x960.jpg?resize=690%2C518&amp;ssl=1 690w, https:\/\/i0.wp.com\/terjebjornstad.com\/no\/wp-content\/uploads\/2022\/02\/8-peugeot_107_2012_images_1_1280x960.jpg?resize=980%2C735&amp;ssl=1 980w\" sizes=\"auto, (max-width: 980px) 100vw, 980px\" \/><\/a><figcaption id=\"caption-attachment-46519\" class=\"wp-caption-text\">2012 Peugeot 107 (Foto: FavCars.com)<\/figcaption><\/figure>\n<h3>&nbsp;<\/h3>\n<h3 class=\"tebh2bigger\">Modellhistorikk<\/h3>\n<figure id=\"attachment_46517\" aria-describedby=\"caption-attachment-46517\" style=\"width: 1080px\" class=\"wp-caption aligncenter\"><a href=\"https:\/\/i0.wp.com\/terjebjornstad.com\/no\/wp-content\/uploads\/2022\/02\/6-c1-4.jpg?ssl=1\"><img data-recalc-dims=\"1\" loading=\"lazy\" decoding=\"async\" data-attachment-id=\"46517\" data-permalink=\"https:\/\/terjebjornstad.com\/no\/2022\/02\/05\/ny-aygo-x-citroen-c1-forsvinner\/6-c1-4\/\" data-orig-file=\"https:\/\/i0.wp.com\/terjebjornstad.com\/no\/wp-content\/uploads\/2022\/02\/6-c1-4.jpg?fit=1080%2C255&amp;ssl=1\" data-orig-size=\"1080,255\" data-comments-opened=\"1\" data-image-meta=\"{&quot;aperture&quot;:&quot;0&quot;,&quot;credit&quot;:&quot;&quot;,&quot;camera&quot;:&quot;&quot;,&quot;caption&quot;:&quot;&quot;,&quot;created_timestamp&quot;:&quot;0&quot;,&quot;copyright&quot;:&quot;&quot;,&quot;focal_length&quot;:&quot;0&quot;,&quot;iso&quot;:&quot;0&quot;,&quot;shutter_speed&quot;:&quot;0&quot;,&quot;title&quot;:&quot;&quot;,&quot;orientation&quot;:&quot;0&quot;}\" data-image-title=\"6-c1-4\" data-image-description=\"\" data-image-caption=\"&lt;p&gt;Citroen C1&lt;\/p&gt;\n\" data-large-file=\"https:\/\/i0.wp.com\/terjebjornstad.com\/no\/wp-content\/uploads\/2022\/02\/6-c1-4.jpg?fit=980%2C231&amp;ssl=1\" src=\"https:\/\/i0.wp.com\/terjebjornstad.com\/no\/wp-content\/uploads\/2022\/02\/6-c1-4.jpg?resize=980%2C231&#038;ssl=1\" alt=\"aygo x\" width=\"980\" height=\"231\" class=\"size-full wp-image-46517\" srcset=\"https:\/\/i0.wp.com\/terjebjornstad.com\/no\/wp-content\/uploads\/2022\/02\/6-c1-4.jpg?w=1080&amp;ssl=1 1080w, https:\/\/i0.wp.com\/terjebjornstad.com\/no\/wp-content\/uploads\/2022\/02\/6-c1-4.jpg?resize=300%2C71&amp;ssl=1 300w, https:\/\/i0.wp.com\/terjebjornstad.com\/no\/wp-content\/uploads\/2022\/02\/6-c1-4.jpg?resize=768%2C181&amp;ssl=1 768w, https:\/\/i0.wp.com\/terjebjornstad.com\/no\/wp-content\/uploads\/2022\/02\/6-c1-4.jpg?resize=690%2C163&amp;ssl=1 690w, https:\/\/i0.wp.com\/terjebjornstad.com\/no\/wp-content\/uploads\/2022\/02\/6-c1-4.jpg?resize=980%2C231&amp;ssl=1 980w\" sizes=\"auto, (max-width: 980px) 100vw, 980px\" \/><\/a><figcaption id=\"caption-attachment-46517\" class=\"wp-caption-text\">Citroen C1<\/figcaption><\/figure>\n<figure id=\"attachment_46518\" aria-describedby=\"caption-attachment-46518\" style=\"width: 1080px\" class=\"wp-caption aligncenter\"><a href=\"https:\/\/i0.wp.com\/terjebjornstad.com\/no\/wp-content\/uploads\/2022\/02\/7-p1-4.jpg?ssl=1\"><img data-recalc-dims=\"1\" loading=\"lazy\" decoding=\"async\" data-attachment-id=\"46518\" data-permalink=\"https:\/\/terjebjornstad.com\/no\/2022\/02\/05\/ny-aygo-x-citroen-c1-forsvinner\/7-p1-4\/\" data-orig-file=\"https:\/\/i0.wp.com\/terjebjornstad.com\/no\/wp-content\/uploads\/2022\/02\/7-p1-4.jpg?fit=1080%2C255&amp;ssl=1\" data-orig-size=\"1080,255\" data-comments-opened=\"1\" data-image-meta=\"{&quot;aperture&quot;:&quot;0&quot;,&quot;credit&quot;:&quot;&quot;,&quot;camera&quot;:&quot;&quot;,&quot;caption&quot;:&quot;&quot;,&quot;created_timestamp&quot;:&quot;0&quot;,&quot;copyright&quot;:&quot;&quot;,&quot;focal_length&quot;:&quot;0&quot;,&quot;iso&quot;:&quot;0&quot;,&quot;shutter_speed&quot;:&quot;0&quot;,&quot;title&quot;:&quot;&quot;,&quot;orientation&quot;:&quot;0&quot;}\" data-image-title=\"7-p1-4\" data-image-description=\"\" data-image-caption=\"&lt;p&gt;Peugeot 107\/108&lt;\/p&gt;\n\" data-large-file=\"https:\/\/i0.wp.com\/terjebjornstad.com\/no\/wp-content\/uploads\/2022\/02\/7-p1-4.jpg?fit=980%2C231&amp;ssl=1\" src=\"https:\/\/i0.wp.com\/terjebjornstad.com\/no\/wp-content\/uploads\/2022\/02\/7-p1-4.jpg?resize=980%2C231&#038;ssl=1\" alt=\"aygo x\" width=\"980\" height=\"231\" class=\"size-full wp-image-46518\" srcset=\"https:\/\/i0.wp.com\/terjebjornstad.com\/no\/wp-content\/uploads\/2022\/02\/7-p1-4.jpg?w=1080&amp;ssl=1 1080w, https:\/\/i0.wp.com\/terjebjornstad.com\/no\/wp-content\/uploads\/2022\/02\/7-p1-4.jpg?resize=300%2C71&amp;ssl=1 300w, https:\/\/i0.wp.com\/terjebjornstad.com\/no\/wp-content\/uploads\/2022\/02\/7-p1-4.jpg?resize=768%2C181&amp;ssl=1 768w, https:\/\/i0.wp.com\/terjebjornstad.com\/no\/wp-content\/uploads\/2022\/02\/7-p1-4.jpg?resize=690%2C163&amp;ssl=1 690w, https:\/\/i0.wp.com\/terjebjornstad.com\/no\/wp-content\/uploads\/2022\/02\/7-p1-4.jpg?resize=980%2C231&amp;ssl=1 980w\" sizes=\"auto, (max-width: 980px) 100vw, 980px\" \/><\/a><figcaption id=\"caption-attachment-46518\" class=\"wp-caption-text\">Peugeot 107\/108<\/figcaption><\/figure>\n<figure id=\"attachment_46516\" aria-describedby=\"caption-attachment-46516\" style=\"width: 1080px\" class=\"wp-caption aligncenter\"><a href=\"https:\/\/i0.wp.com\/terjebjornstad.com\/no\/wp-content\/uploads\/2022\/02\/5-t1-4.jpg?ssl=1\"><img data-recalc-dims=\"1\" loading=\"lazy\" decoding=\"async\" data-attachment-id=\"46516\" data-permalink=\"https:\/\/terjebjornstad.com\/no\/2022\/02\/05\/ny-aygo-x-citroen-c1-forsvinner\/5-t1-4\/\" data-orig-file=\"https:\/\/i0.wp.com\/terjebjornstad.com\/no\/wp-content\/uploads\/2022\/02\/5-t1-4.jpg?fit=1080%2C255&amp;ssl=1\" data-orig-size=\"1080,255\" data-comments-opened=\"1\" data-image-meta=\"{&quot;aperture&quot;:&quot;0&quot;,&quot;credit&quot;:&quot;&quot;,&quot;camera&quot;:&quot;&quot;,&quot;caption&quot;:&quot;&quot;,&quot;created_timestamp&quot;:&quot;0&quot;,&quot;copyright&quot;:&quot;&quot;,&quot;focal_length&quot;:&quot;0&quot;,&quot;iso&quot;:&quot;0&quot;,&quot;shutter_speed&quot;:&quot;0&quot;,&quot;title&quot;:&quot;&quot;,&quot;orientation&quot;:&quot;0&quot;}\" data-image-title=\"5-t1-4\" data-image-description=\"\" data-image-caption=\"&lt;p&gt;Toyota Aygo&lt;\/p&gt;\n\" data-large-file=\"https:\/\/i0.wp.com\/terjebjornstad.com\/no\/wp-content\/uploads\/2022\/02\/5-t1-4.jpg?fit=980%2C231&amp;ssl=1\" src=\"https:\/\/i0.wp.com\/terjebjornstad.com\/no\/wp-content\/uploads\/2022\/02\/5-t1-4.jpg?resize=980%2C231&#038;ssl=1\" alt=\"aygo x\" width=\"980\" height=\"231\" class=\"size-full wp-image-46516\" srcset=\"https:\/\/i0.wp.com\/terjebjornstad.com\/no\/wp-content\/uploads\/2022\/02\/5-t1-4.jpg?w=1080&amp;ssl=1 1080w, https:\/\/i0.wp.com\/terjebjornstad.com\/no\/wp-content\/uploads\/2022\/02\/5-t1-4.jpg?resize=300%2C71&amp;ssl=1 300w, https:\/\/i0.wp.com\/terjebjornstad.com\/no\/wp-content\/uploads\/2022\/02\/5-t1-4.jpg?resize=768%2C181&amp;ssl=1 768w, https:\/\/i0.wp.com\/terjebjornstad.com\/no\/wp-content\/uploads\/2022\/02\/5-t1-4.jpg?resize=690%2C163&amp;ssl=1 690w, https:\/\/i0.wp.com\/terjebjornstad.com\/no\/wp-content\/uploads\/2022\/02\/5-t1-4.jpg?resize=980%2C231&amp;ssl=1 980w\" sizes=\"auto, (max-width: 980px) 100vw, 980px\" \/><\/a><figcaption id=\"caption-attachment-46516\" class=\"wp-caption-text\">Toyota Aygo<\/figcaption><\/figure>\n<p>Modellene ble produsert fra 2005 til 2022. I den tiden ble det gjort 3 oppgraderinger. Den f\u00f8rste for modell\u00e5r 2009, deretter 2012 og en st\u00f8rre endring for 2014. Peugeot gikk under modellnavnet 107 frem til 2014, da den endret navn til 108. Endringene besto av visuelle endringer, innvendig betjening og setetrekk. Endringene i 2014 omfattet blant annet forbedringer av bakhjulsopphenget og mulighet for bakkestart-holder. <\/p>\n<h3 class=\"tebh2\">P\u00e5 veien<\/h3>\n<p>Selv om ikke 1-liters motoren yter all verdens p\u00e5 papiret, oppleves den som responsiv og kvikk med god trekkraft p\u00e5 lave turtall s\u00e5nn at man sjelden har behov for \u00e5 presse motoren. Girkassa egner seg for kjapp giring, styringen er lett, og med bakkestart-holder &#8211; b\u00e5de lettkj\u00f8rt og morsom \u00e5 kj\u00f8re. Den egner seg godt til oppl\u00e6ring av nye sj\u00e5f\u00f8rer. Plassmessig dreier det seg om en 2+2, ikke 4-seter. F\u00f8rersetet med fast hodest\u00f8tte er overraskende komfortabelt ogs\u00e5 for lange personer. Lydniv\u00e5et er h\u00f8yere enn i klassene over, uten \u00e5 v\u00e6re spesielt irriterende.<\/p>\n<h3 class=\"tebh2\">Fakta om 2014 Citroen C1<\/h3>\n<p>Lengde, bredde, h\u00f8yde: 347 x 162 x 146 cm<br \/>\nAkselavstand: 234 cm<br \/>\nEgenvekt: 855 kg<br \/>\nNyttevekt: 310 kg<br \/>\nMotor: 1KR-FE, 998 ccm, 3 syl, 12V<br \/>\nKraft: 69 HK v\/6000 omdreininger<br \/>\nDreiemoment: 95 Nm v\/4800 omdreininger<br \/>\nKraftoverf\u00f8ring: 5-trinn, forhjulsdrift<br \/>\nHjuloppheng foran: MacPherson, uavhengig fj\u00e6ring<br \/>\n&#8212; bak: semi-uavhengig<br \/>\nBremser foran: Ventilerte skiver<br \/>\n&#8212; bak: Tromler<br \/>\nToppfart: 157 km\/t<br \/>\n0-100: 14,3 sekunder<\/p>\n<p><a href=\"https:\/\/terjebjornstad.com\/no\/under-30-000\/\"><img data-recalc-dims=\"1\" loading=\"lazy\" decoding=\"async\" data-attachment-id=\"8744\" data-permalink=\"https:\/\/terjebjornstad.com\/no\/2016\/06\/24\/en-galant-verdensbil\/memorylane1\/\" data-orig-file=\"https:\/\/i0.wp.com\/terjebjornstad.com\/no\/wp-content\/uploads\/2016\/11\/memorylane1.png?fit=183%2C53&amp;ssl=1\" data-orig-size=\"183,53\" data-comments-opened=\"1\" data-image-meta=\"{&quot;aperture&quot;:&quot;0&quot;,&quot;credit&quot;:&quot;&quot;,&quot;camera&quot;:&quot;&quot;,&quot;caption&quot;:&quot;&quot;,&quot;created_timestamp&quot;:&quot;0&quot;,&quot;copyright&quot;:&quot;&quot;,&quot;focal_length&quot;:&quot;0&quot;,&quot;iso&quot;:&quot;0&quot;,&quot;shutter_speed&quot;:&quot;0&quot;,&quot;title&quot;:&quot;&quot;,&quot;orientation&quot;:&quot;0&quot;}\" data-image-title=\"memorylane1\" data-image-description=\"\" data-image-caption=\"\" data-large-file=\"https:\/\/i0.wp.com\/terjebjornstad.com\/no\/wp-content\/uploads\/2016\/11\/memorylane1.png?fit=183%2C53&amp;ssl=1\" class=\"alignright size-full wp-image-8744\" src=\"https:\/\/i0.wp.com\/terjebjornstad.com\/no\/wp-content\/uploads\/2017\/01\/under30000.png?resize=183%2C53&#038;ssl=1\" alt=\"memorylane1\" width=\"183\" height=\"53\" \/><\/a><br \/>\n<figure id=\"attachment_2809\" aria-describedby=\"caption-attachment-2809\" style=\"width: 480px\" class=\"wp-caption aligncenter\"><a href=\"https:\/\/i0.wp.com\/terjebjornstad.com\/no\/wp-content\/uploads\/2014\/02\/citroen-c1-b.png?ssl=1\"><img data-recalc-dims=\"1\" loading=\"lazy\" decoding=\"async\" data-attachment-id=\"2809\" data-permalink=\"https:\/\/terjebjornstad.com\/no\/terjes-biler\/citroen-c1-b\/\" data-orig-file=\"https:\/\/i0.wp.com\/terjebjornstad.com\/no\/wp-content\/uploads\/2014\/02\/citroen-c1-b.png?fit=480%2C480&amp;ssl=1\" data-orig-size=\"480,480\" data-comments-opened=\"1\" data-image-meta=\"{&quot;aperture&quot;:&quot;0&quot;,&quot;credit&quot;:&quot;&quot;,&quot;camera&quot;:&quot;&quot;,&quot;caption&quot;:&quot;&quot;,&quot;created_timestamp&quot;:&quot;0&quot;,&quot;copyright&quot;:&quot;&quot;,&quot;focal_length&quot;:&quot;0&quot;,&quot;iso&quot;:&quot;0&quot;,&quot;shutter_speed&quot;:&quot;0&quot;,&quot;title&quot;:&quot;&quot;,&quot;orientation&quot;:&quot;0&quot;}\" data-image-title=\"citroen-c1-b\" data-image-description=\"\" data-image-caption=\"&lt;p&gt;Innredningen er i &amp;laquo;zebra red&amp;raquo;&lt;\/p&gt;\n\" data-large-file=\"https:\/\/i0.wp.com\/terjebjornstad.com\/no\/wp-content\/uploads\/2014\/02\/citroen-c1-b.png?fit=480%2C480&amp;ssl=1\" src=\"https:\/\/i0.wp.com\/terjebjornstad.com\/no\/wp-content\/uploads\/2014\/02\/citroen-c1-b.png?resize=480%2C480&#038;ssl=1\" alt=\"\" width=\"480\" height=\"480\" class=\"size-full wp-image-2809\" srcset=\"https:\/\/i0.wp.com\/terjebjornstad.com\/no\/wp-content\/uploads\/2014\/02\/citroen-c1-b.png?w=480&amp;ssl=1 480w, https:\/\/i0.wp.com\/terjebjornstad.com\/no\/wp-content\/uploads\/2014\/02\/citroen-c1-b.png?resize=150%2C150&amp;ssl=1 150w, https:\/\/i0.wp.com\/terjebjornstad.com\/no\/wp-content\/uploads\/2014\/02\/citroen-c1-b.png?resize=300%2C300&amp;ssl=1 300w, https:\/\/i0.wp.com\/terjebjornstad.com\/no\/wp-content\/uploads\/2014\/02\/citroen-c1-b.png?resize=50%2C50&amp;ssl=1 50w\" sizes=\"auto, (max-width: 480px) 100vw, 480px\" \/><\/a><figcaption id=\"caption-attachment-2809\" class=\"wp-caption-text\">Innredningen er i &laquo;zebra red&raquo;<\/figcaption><\/figure><\/p>\n<figure id=\"attachment_241\" aria-describedby=\"caption-attachment-241\" style=\"width: 480px\" class=\"wp-caption aligncenter\"><img data-recalc-dims=\"1\" loading=\"lazy\" decoding=\"async\" data-attachment-id=\"241\" data-permalink=\"https:\/\/terjebjornstad.com\/no\/2012\/12\/31\/91\/citroenc1confort\/\" data-orig-file=\"https:\/\/i0.wp.com\/terjebjornstad.com\/no\/wp-content\/uploads\/2012\/12\/citroenc1confort.png?fit=480%2C360&amp;ssl=1\" data-orig-size=\"480,360\" data-comments-opened=\"1\" data-image-meta=\"{&quot;aperture&quot;:&quot;0&quot;,&quot;credit&quot;:&quot;&quot;,&quot;camera&quot;:&quot;&quot;,&quot;caption&quot;:&quot;&quot;,&quot;created_timestamp&quot;:&quot;0&quot;,&quot;copyright&quot;:&quot;&quot;,&quot;focal_length&quot;:&quot;0&quot;,&quot;iso&quot;:&quot;0&quot;,&quot;shutter_speed&quot;:&quot;0&quot;,&quot;title&quot;:&quot;&quot;,&quot;orientation&quot;:&quot;0&quot;}\" data-image-title=\"citroenc1confort\" data-image-description=\"\" data-image-caption=\"&lt;p&gt;2013 Citro\u00ebn C1&lt;\/p&gt;\n\" data-large-file=\"https:\/\/i0.wp.com\/terjebjornstad.com\/no\/wp-content\/uploads\/2012\/12\/citroenc1confort.png?fit=480%2C360&amp;ssl=1\" src=\"https:\/\/i0.wp.com\/terjebjornstad.com\/no\/wp-content\/uploads\/2012\/12\/citroenc1confort.png?resize=480%2C360&#038;ssl=1\" alt=\"aygo x\" width=\"480\" height=\"360\" class=\"size-full wp-image-241\" srcset=\"https:\/\/i0.wp.com\/terjebjornstad.com\/no\/wp-content\/uploads\/2012\/12\/citroenc1confort.png?w=480&amp;ssl=1 480w, https:\/\/i0.wp.com\/terjebjornstad.com\/no\/wp-content\/uploads\/2012\/12\/citroenc1confort.png?resize=300%2C225&amp;ssl=1 300w\" sizes=\"auto, (max-width: 480px) 100vw, 480px\" \/><figcaption id=\"caption-attachment-241\" class=\"wp-caption-text\">2013 Citro\u00ebn C1<\/figcaption><\/figure>\n<figure id=\"attachment_46520\" aria-describedby=\"caption-attachment-46520\" style=\"width: 405px\" class=\"wp-caption aligncenter\"><a href=\"https:\/\/i0.wp.com\/terjebjornstad.com\/no\/wp-content\/uploads\/2022\/11\/show4-810x1440-1-608x1080.png?ssl=1\"><img data-recalc-dims=\"1\" loading=\"lazy\" decoding=\"async\" data-attachment-id=\"46520\" data-permalink=\"https:\/\/terjebjornstad.com\/no\/2022\/02\/05\/ny-aygo-x-citroen-c1-forsvinner\/14-ami-titre\/\" data-orig-file=\"https:\/\/i0.wp.com\/terjebjornstad.com\/no\/wp-content\/uploads\/2022\/02\/14-AMI-Titre.jpg?fit=1080%2C675&amp;ssl=1\" data-orig-size=\"1080,675\" data-comments-opened=\"1\" data-image-meta=\"{&quot;aperture&quot;:&quot;0&quot;,&quot;credit&quot;:&quot;&quot;,&quot;camera&quot;:&quot;&quot;,&quot;caption&quot;:&quot;&quot;,&quot;created_timestamp&quot;:&quot;0&quot;,&quot;copyright&quot;:&quot;&quot;,&quot;focal_length&quot;:&quot;0&quot;,&quot;iso&quot;:&quot;0&quot;,&quot;shutter_speed&quot;:&quot;0&quot;,&quot;title&quot;:&quot;&quot;,&quot;orientation&quot;:&quot;0&quot;}\" data-image-title=\"14-AMI-Titre\" data-image-description=\"\" data-image-caption=\"&lt;p&gt;Citroen AMI er en elbil registrert som mopedbil. Maksfart er 45 km\/t og rekkevidden er 75 km.&lt;\/p&gt;\n\" data-large-file=\"https:\/\/i0.wp.com\/terjebjornstad.com\/no\/wp-content\/uploads\/2022\/02\/14-AMI-Titre.jpg?fit=980%2C613&amp;ssl=1\" src=\"https:\/\/i0.wp.com\/terjebjornstad.com\/no\/wp-content\/uploads\/2022\/11\/show4-810x1440-1.png?resize=405%2C720&#038;ssl=1\" alt=\"aygo x\" width=\"405\" height=\"720\" class=\"size-full wp-image-46520\" \/><\/a><figcaption id=\"caption-attachment-46520\" class=\"wp-caption-text\"><\/p>\n<blockquote><p>Citroen AMI er en elbil registrert som mopedbil. Maksfart er 45 km\/t og rekkevidden er 75 km. Det spesielle utseendet gj\u00f8r at man ikke alltid kan fastsl\u00e5 hvilken side som er foran og hvilken som er bak \ud83d\ude42 <\/p><\/blockquote>\n<p><\/figcaption><\/figure>\n<h3 class=\"tebh2\">Se ogs\u00e5<\/h3>\n<p><figure id=\"attachment_172\" aria-describedby=\"caption-attachment-172\" style=\"width: 150px\" class=\"wp-caption alignleft\"><a href=\"https:\/\/terjebjornstad.com\/no\/2013\/08\/03\/bor-jeg-kjope-en-minibil\/\"><img data-recalc-dims=\"1\" loading=\"lazy\" decoding=\"async\" data-attachment-id=\"172\" data-permalink=\"https:\/\/terjebjornstad.com\/no\/2015\/11\/30\/pa-bytur-med-citroen-c1\/whitemini\/\" data-orig-file=\"https:\/\/i0.wp.com\/terjebjornstad.com\/no\/wp-content\/uploads\/2013\/01\/whitemini.png?fit=720%2C180&amp;ssl=1\" data-orig-size=\"720,180\" data-comments-opened=\"1\" data-image-meta=\"{&quot;aperture&quot;:&quot;0&quot;,&quot;credit&quot;:&quot;&quot;,&quot;camera&quot;:&quot;&quot;,&quot;caption&quot;:&quot;&quot;,&quot;created_timestamp&quot;:&quot;0&quot;,&quot;copyright&quot;:&quot;&quot;,&quot;focal_length&quot;:&quot;0&quot;,&quot;iso&quot;:&quot;0&quot;,&quot;shutter_speed&quot;:&quot;0&quot;,&quot;title&quot;:&quot;&quot;,&quot;orientation&quot;:&quot;0&quot;}\" data-image-title=\"whitemini\" data-image-description=\"\" data-image-caption=\"&lt;p&gt;Jas\u00e5, du vil kj\u00f8pe en supermini?&lt;\/p&gt;\n\" data-large-file=\"https:\/\/i0.wp.com\/terjebjornstad.com\/no\/wp-content\/uploads\/2013\/01\/whitemini.png?fit=720%2C180&amp;ssl=1\" src=\"https:\/\/i0.wp.com\/terjebjornstad.com\/no\/wp-content\/uploads\/2013\/01\/whitemini.png?resize=150%2C150&#038;ssl=1\" alt=\"\" width=\"150\" height=\"150\" class=\"size-thumbnail wp-image-172\" srcset=\"https:\/\/i0.wp.com\/terjebjornstad.com\/no\/wp-content\/uploads\/2013\/01\/whitemini.png?resize=150%2C150&amp;ssl=1 150w, https:\/\/i0.wp.com\/terjebjornstad.com\/no\/wp-content\/uploads\/2013\/01\/whitemini.png?resize=50%2C50&amp;ssl=1 50w, https:\/\/i0.wp.com\/terjebjornstad.com\/no\/wp-content\/uploads\/2013\/01\/whitemini.png?zoom=2&amp;resize=150%2C150&amp;ssl=1 300w, https:\/\/i0.wp.com\/terjebjornstad.com\/no\/wp-content\/uploads\/2013\/01\/whitemini.png?zoom=3&amp;resize=150%2C150&amp;ssl=1 450w\" sizes=\"auto, (max-width: 150px) 100vw, 150px\" \/><\/a><figcaption id=\"caption-attachment-172\" class=\"wp-caption-text\">Jas\u00e5, du vil kj\u00f8pe en supermini?<\/figcaption><\/figure><figure id=\"attachment_2803\" aria-describedby=\"caption-attachment-2803\" style=\"width: 150px\" class=\"wp-caption alignleft\"><a href=\"https:\/\/terjebjornstad.com\/no\/2015\/11\/30\/pa-bytur-med-citroen-c1\/\"><img data-recalc-dims=\"1\" loading=\"lazy\" decoding=\"async\" data-attachment-id=\"2803\" data-permalink=\"https:\/\/terjebjornstad.com\/no\/terjes-biler\/citroen-c1-1\/\" data-orig-file=\"https:\/\/i0.wp.com\/terjebjornstad.com\/no\/wp-content\/uploads\/2014\/02\/citroen-c1-1.png?fit=660%2C440&amp;ssl=1\" data-orig-size=\"660,440\" data-comments-opened=\"1\" data-image-meta=\"{&quot;aperture&quot;:&quot;0&quot;,&quot;credit&quot;:&quot;&quot;,&quot;camera&quot;:&quot;&quot;,&quot;caption&quot;:&quot;&quot;,&quot;created_timestamp&quot;:&quot;0&quot;,&quot;copyright&quot;:&quot;&quot;,&quot;focal_length&quot;:&quot;0&quot;,&quot;iso&quot;:&quot;0&quot;,&quot;shutter_speed&quot;:&quot;0&quot;,&quot;title&quot;:&quot;&quot;,&quot;orientation&quot;:&quot;0&quot;}\" data-image-title=\"citroen-c1-1\" data-image-description=\"\" data-image-caption=\"&lt;p&gt;Citroen C1&lt;\/p&gt;\n\" data-large-file=\"https:\/\/i0.wp.com\/terjebjornstad.com\/no\/wp-content\/uploads\/2014\/02\/citroen-c1-1.png?fit=660%2C440&amp;ssl=1\" src=\"https:\/\/i0.wp.com\/terjebjornstad.com\/no\/wp-content\/uploads\/2014\/02\/citroen-c1-1.png?resize=150%2C150&#038;ssl=1\" alt=\"\" width=\"150\" height=\"150\" class=\"size-thumbnail wp-image-2803\" srcset=\"https:\/\/i0.wp.com\/terjebjornstad.com\/no\/wp-content\/uploads\/2014\/02\/citroen-c1-1.png?resize=150%2C150&amp;ssl=1 150w, https:\/\/i0.wp.com\/terjebjornstad.com\/no\/wp-content\/uploads\/2014\/02\/citroen-c1-1.png?resize=50%2C50&amp;ssl=1 50w, https:\/\/i0.wp.com\/terjebjornstad.com\/no\/wp-content\/uploads\/2014\/02\/citroen-c1-1.png?zoom=2&amp;resize=150%2C150&amp;ssl=1 300w, https:\/\/i0.wp.com\/terjebjornstad.com\/no\/wp-content\/uploads\/2014\/02\/citroen-c1-1.png?zoom=3&amp;resize=150%2C150&amp;ssl=1 450w\" sizes=\"auto, (max-width: 150px) 100vw, 150px\" \/><\/a><figcaption id=\"caption-attachment-2803\" class=\"wp-caption-text\">P\u00e5 bytur med Citroen C1<\/figcaption><\/figure><figure id=\"attachment_11406\" aria-describedby=\"caption-attachment-11406\" style=\"width: 150px\" class=\"wp-caption alignleft\"><a href=\"https:\/\/terjebjornstad.com\/no\/2017\/08\/03\/fiat-500-i-feriemodus\/\"><img data-recalc-dims=\"1\" loading=\"lazy\" decoding=\"async\" data-attachment-id=\"11406\" data-permalink=\"https:\/\/terjebjornstad.com\/no\/2017\/08\/03\/fiat-500-i-feriemodus\/fiat-500-686-5\/\" data-orig-file=\"https:\/\/i0.wp.com\/terjebjornstad.com\/no\/wp-content\/uploads\/2017\/08\/fiat-500-686-5.png?fit=686%2C457&amp;ssl=1\" data-orig-size=\"686,457\" data-comments-opened=\"1\" data-image-meta=\"{&quot;aperture&quot;:&quot;0&quot;,&quot;credit&quot;:&quot;&quot;,&quot;camera&quot;:&quot;&quot;,&quot;caption&quot;:&quot;&quot;,&quot;created_timestamp&quot;:&quot;0&quot;,&quot;copyright&quot;:&quot;&quot;,&quot;focal_length&quot;:&quot;0&quot;,&quot;iso&quot;:&quot;0&quot;,&quot;shutter_speed&quot;:&quot;0&quot;,&quot;title&quot;:&quot;&quot;,&quot;orientation&quot;:&quot;0&quot;}\" data-image-title=\"fiat-500-686-5\" data-image-description=\"\" data-image-caption=\"&lt;p&gt;Fiat 500&lt;\/p&gt;\n\" data-large-file=\"https:\/\/i0.wp.com\/terjebjornstad.com\/no\/wp-content\/uploads\/2017\/08\/fiat-500-686-5.png?fit=686%2C457&amp;ssl=1\" src=\"https:\/\/i0.wp.com\/terjebjornstad.com\/no\/wp-content\/uploads\/2017\/08\/fiat-500-686-5.png?resize=150%2C150&#038;ssl=1\" alt=\"\" width=\"150\" height=\"150\" class=\"size-thumbnail wp-image-11406\" srcset=\"https:\/\/i0.wp.com\/terjebjornstad.com\/no\/wp-content\/uploads\/2017\/08\/fiat-500-686-5.png?resize=150%2C150&amp;ssl=1 150w, https:\/\/i0.wp.com\/terjebjornstad.com\/no\/wp-content\/uploads\/2017\/08\/fiat-500-686-5.png?resize=50%2C50&amp;ssl=1 50w, https:\/\/i0.wp.com\/terjebjornstad.com\/no\/wp-content\/uploads\/2017\/08\/fiat-500-686-5.png?zoom=2&amp;resize=150%2C150&amp;ssl=1 300w, https:\/\/i0.wp.com\/terjebjornstad.com\/no\/wp-content\/uploads\/2017\/08\/fiat-500-686-5.png?zoom=3&amp;resize=150%2C150&amp;ssl=1 450w\" sizes=\"auto, (max-width: 150px) 100vw, 150px\" \/><\/a><figcaption id=\"caption-attachment-11406\" class=\"wp-caption-text\">Fiat 500<\/figcaption><\/figure><figure id=\"attachment_14270\" aria-describedby=\"caption-attachment-14270\" style=\"width: 150px\" class=\"wp-caption alignleft\"><a href=\"https:\/\/terjebjornstad.com\/no\/2017\/12\/23\/kia-picanto-ikke-sa-stor-som-du-tror\/\"><img data-recalc-dims=\"1\" loading=\"lazy\" decoding=\"async\" data-attachment-id=\"14270\" data-permalink=\"https:\/\/terjebjornstad.com\/no\/2017\/12\/23\/kia-picanto-ikke-sa-stor-som-du-tror\/kia-picanto-5-686\/\" data-orig-file=\"https:\/\/i0.wp.com\/terjebjornstad.com\/no\/wp-content\/uploads\/2017\/12\/kia-picanto-5-686.png?fit=686%2C457&amp;ssl=1\" data-orig-size=\"686,457\" data-comments-opened=\"1\" data-image-meta=\"{&quot;aperture&quot;:&quot;0&quot;,&quot;credit&quot;:&quot;&quot;,&quot;camera&quot;:&quot;&quot;,&quot;caption&quot;:&quot;&quot;,&quot;created_timestamp&quot;:&quot;0&quot;,&quot;copyright&quot;:&quot;&quot;,&quot;focal_length&quot;:&quot;0&quot;,&quot;iso&quot;:&quot;0&quot;,&quot;shutter_speed&quot;:&quot;0&quot;,&quot;title&quot;:&quot;&quot;,&quot;orientation&quot;:&quot;0&quot;}\" data-image-title=\"2016 KIA Picanto SR7\" data-image-description=\"\" data-image-caption=\"&lt;p&gt;KIA Picanto &amp;#8211; ikke s\u00e5 stor som du tror&lt;\/p&gt;\n\" data-large-file=\"https:\/\/i0.wp.com\/terjebjornstad.com\/no\/wp-content\/uploads\/2017\/12\/kia-picanto-5-686.png?fit=686%2C457&amp;ssl=1\" src=\"https:\/\/i0.wp.com\/terjebjornstad.com\/no\/wp-content\/uploads\/2017\/12\/kia-picanto-5-686.png?resize=150%2C150&#038;ssl=1\" alt=\"\" width=\"150\" height=\"150\" class=\"size-thumbnail wp-image-14270\" srcset=\"https:\/\/i0.wp.com\/terjebjornstad.com\/no\/wp-content\/uploads\/2017\/12\/kia-picanto-5-686.png?resize=150%2C150&amp;ssl=1 150w, https:\/\/i0.wp.com\/terjebjornstad.com\/no\/wp-content\/uploads\/2017\/12\/kia-picanto-5-686.png?resize=50%2C50&amp;ssl=1 50w, https:\/\/i0.wp.com\/terjebjornstad.com\/no\/wp-content\/uploads\/2017\/12\/kia-picanto-5-686.png?zoom=2&amp;resize=150%2C150&amp;ssl=1 300w, https:\/\/i0.wp.com\/terjebjornstad.com\/no\/wp-content\/uploads\/2017\/12\/kia-picanto-5-686.png?zoom=3&amp;resize=150%2C150&amp;ssl=1 450w\" sizes=\"auto, (max-width: 150px) 100vw, 150px\" \/><\/a><figcaption id=\"caption-attachment-14270\" class=\"wp-caption-text\">KIA Picanto &#8211; ikke s\u00e5 stor som du tror<\/figcaption><\/figure><\/p>\n<h3>&nbsp;<\/h3>\n<\/div>\n","protected":false,"gt_translate_keys":[{"key":"rendered","format":"html"}]},"excerpt":{"rendered":"<p>Citroen C1 og Peugeot 108 avsluttes, mens Toyota Aygo X kommer i en helt ny, trendy, h\u00f8ybygd crossover-utgave. Vi ser n\u00e6rmere p\u00e5 de utg\u00e5tte modellene som blir \u00e5 finne i bruktbil-markedet fremover. &nbsp; Rydder i modellprogrammet Beslutningen om \u00e5 ofre de to PSA-modellene er en konsekvens av sammensl\u00e5ingen mellom PSA og Fiat-Chrysler. Stellantis \u00f8nsker \u00e5 [&hellip;]<\/p>\n","protected":false,"gt_translate_keys":[{"key":"rendered","format":"html"}]},"author":1,"featured_media":46569,"comment_status":"open","ping_status":"open","sticky":false,"template":"","format":"standard","meta":{"_monsterinsights_skip_tracking":false,"_monsterinsights_sitenote_active":false,"_monsterinsights_sitenote_note":"","_monsterinsights_sitenote_category":0,"jetpack_post_was_ever_published":false,"_jetpack_newsletter_access":"","_jetpack_dont_email_post_to_subs":false,"_jetpack_newsletter_tier_id":0,"_jetpack_memberships_contains_paywalled_content":false,"_jetpack_memberships_contains_paid_content":false,"footnotes":"","jetpack_publicize_message":"","jetpack_publicize_feature_enabled":true,"jetpack_social_post_already_shared":true,"jetpack_social_options":{"image_generator_settings":{"template":"highway","default_image_id":0,"font":"","enabled":false},"version":2}},"categories":[4067,4068,34,4066,4065,2358],"tags":[24,4071,343,4069,4070],"class_list":["post-46521","post","type-post","status-publish","format-standard","has-post-thumbnail","hentry","category-4067","category-4068","category-artikkel","category-aygo","category-aygo-x","category-c1","tag-aygo","tag-aygo-x","tag-citroen-c1","tag-peugeot-107","tag-peugeot-108"],"yoast_head":"<!-- This site is optimized with the Yoast SEO plugin v27.5 - https:\/\/yoast.com\/product\/yoast-seo-wordpress\/ -->\n<title>Ny Aygo X - Citroen C1 forsvinner - Terjes biler - Vil sikre Fiat 500<\/title>\n<meta name=\"description\" content=\"Aygo X skal fortsatt bygges ved Kolin-fabrikken i Tsjekkia men i en ny crossover-modell. Citroen C1 og Peugeot 108 forsvinner fra markedet.\" \/>\n<meta name=\"robots\" content=\"index, follow, max-snippet:-1, max-image-preview:large, max-video-preview:-1\" \/>\n<link rel=\"canonical\" href=\"https:\/\/terjebjornstad.com\/no\/2022\/02\/05\/ny-aygo-x-citroen-c1-forsvinner\/\" \/>\n<meta property=\"og:locale\" content=\"nb_NO\" \/>\n<meta property=\"og:type\" content=\"article\" \/>\n<meta property=\"og:title\" content=\"Ny Aygo X - Citroen C1 forsvinner - Terjes biler - Vil sikre Fiat 500\" \/>\n<meta property=\"og:description\" content=\"Aygo X skal fortsatt bygges ved Kolin-fabrikken i Tsjekkia men i en ny crossover-modell. Citroen C1 og Peugeot 108 forsvinner fra markedet.\" \/>\n<meta property=\"og:url\" content=\"https:\/\/terjebjornstad.com\/no\/2022\/02\/05\/ny-aygo-x-citroen-c1-forsvinner\/\" \/>\n<meta property=\"og:site_name\" content=\"Terjes biler\" \/>\n<meta property=\"article:publisher\" content=\"https:\/\/www.facebook.com\/terjesbiler\/\" \/>\n<meta property=\"article:author\" content=\"https:\/\/www.facebook.com\/terjesbiler\" \/>\n<meta property=\"article:published_time\" content=\"2022-02-05T10:05:57+00:00\" \/>\n<meta property=\"article:modified_time\" content=\"2026-03-15T00:24:12+00:00\" \/>\n<meta property=\"og:image\" content=\"https:\/\/terjebjornstad.com\/no\/wp-content\/uploads\/2022\/02\/c1-aygo-1080c381.jpg\" \/>\n\t<meta property=\"og:image:width\" content=\"1080\" \/>\n\t<meta property=\"og:image:height\" content=\"381\" \/>\n\t<meta property=\"og:image:type\" content=\"image\/jpeg\" \/>\n<meta name=\"author\" content=\"Terje Bj\u00f8rnstad\" \/>\n<meta name=\"twitter:card\" content=\"summary_large_image\" \/>\n<meta name=\"twitter:label1\" content=\"Skrevet av\" \/>\n\t<meta name=\"twitter:data1\" content=\"Terje Bj\u00f8rnstad\" \/>\n\t<meta name=\"twitter:label2\" content=\"Ansl. lesetid\" \/>\n\t<meta name=\"twitter:data2\" content=\"9 minutter\" \/>\n<script type=\"application\/ld+json\" class=\"yoast-schema-graph\">{\"@context\":\"https:\\\/\\\/schema.org\",\"@graph\":[{\"@type\":\"Article\",\"@id\":\"https:\\\/\\\/terjebjornstad.com\\\/no\\\/2022\\\/02\\\/05\\\/ny-aygo-x-citroen-c1-forsvinner\\\/#article\",\"isPartOf\":{\"@id\":\"https:\\\/\\\/terjebjornstad.com\\\/no\\\/2022\\\/02\\\/05\\\/ny-aygo-x-citroen-c1-forsvinner\\\/\"},\"author\":{\"name\":\"Terje Bj\u00f8rnstad\",\"@id\":\"https:\\\/\\\/terjebjornstad.com\\\/no\\\/#\\\/schema\\\/person\\\/a281f6a6e0f3cc9fe468e7f0c655aa65\"},\"headline\":\"Ny Aygo X &#8211; Citroen C1 forsvinner\",\"datePublished\":\"2022-02-05T10:05:57+00:00\",\"dateModified\":\"2026-03-15T00:24:12+00:00\",\"mainEntityOfPage\":{\"@id\":\"https:\\\/\\\/terjebjornstad.com\\\/no\\\/2022\\\/02\\\/05\\\/ny-aygo-x-citroen-c1-forsvinner\\\/\"},\"wordCount\":1047,\"commentCount\":0,\"publisher\":{\"@id\":\"https:\\\/\\\/terjebjornstad.com\\\/no\\\/#organization\"},\"image\":{\"@id\":\"https:\\\/\\\/terjebjornstad.com\\\/no\\\/2022\\\/02\\\/05\\\/ny-aygo-x-citroen-c1-forsvinner\\\/#primaryimage\"},\"thumbnailUrl\":\"https:\\\/\\\/i0.wp.com\\\/terjebjornstad.com\\\/no\\\/wp-content\\\/uploads\\\/2022\\\/02\\\/c1-aygo-1080c381.jpg?fit=1080%2C381&ssl=1\",\"keywords\":[\"Aygo\",\"Aygo x\",\"Citroen C1\",\"Peugeot 107\",\"Peugeot 108\"],\"articleSection\":[\"107\",\"108\",\"Artikkel\",\"Aygo\",\"Aygo X\",\"C1\"],\"inLanguage\":\"nb-NO\",\"potentialAction\":[{\"@type\":\"CommentAction\",\"name\":\"Comment\",\"target\":[\"https:\\\/\\\/terjebjornstad.com\\\/no\\\/2022\\\/02\\\/05\\\/ny-aygo-x-citroen-c1-forsvinner\\\/#respond\"]}]},{\"@type\":\"WebPage\",\"@id\":\"https:\\\/\\\/terjebjornstad.com\\\/no\\\/2022\\\/02\\\/05\\\/ny-aygo-x-citroen-c1-forsvinner\\\/\",\"url\":\"https:\\\/\\\/terjebjornstad.com\\\/no\\\/2022\\\/02\\\/05\\\/ny-aygo-x-citroen-c1-forsvinner\\\/\",\"name\":\"Ny Aygo X - Citroen C1 forsvinner - Terjes biler - Vil sikre Fiat 500\",\"isPartOf\":{\"@id\":\"https:\\\/\\\/terjebjornstad.com\\\/no\\\/#website\"},\"primaryImageOfPage\":{\"@id\":\"https:\\\/\\\/terjebjornstad.com\\\/no\\\/2022\\\/02\\\/05\\\/ny-aygo-x-citroen-c1-forsvinner\\\/#primaryimage\"},\"image\":{\"@id\":\"https:\\\/\\\/terjebjornstad.com\\\/no\\\/2022\\\/02\\\/05\\\/ny-aygo-x-citroen-c1-forsvinner\\\/#primaryimage\"},\"thumbnailUrl\":\"https:\\\/\\\/i0.wp.com\\\/terjebjornstad.com\\\/no\\\/wp-content\\\/uploads\\\/2022\\\/02\\\/c1-aygo-1080c381.jpg?fit=1080%2C381&ssl=1\",\"datePublished\":\"2022-02-05T10:05:57+00:00\",\"dateModified\":\"2026-03-15T00:24:12+00:00\",\"description\":\"Aygo X skal fortsatt bygges ved Kolin-fabrikken i Tsjekkia men i en ny crossover-modell. Citroen C1 og Peugeot 108 forsvinner fra markedet.\",\"breadcrumb\":{\"@id\":\"https:\\\/\\\/terjebjornstad.com\\\/no\\\/2022\\\/02\\\/05\\\/ny-aygo-x-citroen-c1-forsvinner\\\/#breadcrumb\"},\"inLanguage\":\"nb-NO\",\"potentialAction\":[{\"@type\":\"ReadAction\",\"target\":[\"https:\\\/\\\/terjebjornstad.com\\\/no\\\/2022\\\/02\\\/05\\\/ny-aygo-x-citroen-c1-forsvinner\\\/\"]}]},{\"@type\":\"ImageObject\",\"inLanguage\":\"nb-NO\",\"@id\":\"https:\\\/\\\/terjebjornstad.com\\\/no\\\/2022\\\/02\\\/05\\\/ny-aygo-x-citroen-c1-forsvinner\\\/#primaryimage\",\"url\":\"https:\\\/\\\/i0.wp.com\\\/terjebjornstad.com\\\/no\\\/wp-content\\\/uploads\\\/2022\\\/02\\\/c1-aygo-1080c381.jpg?fit=1080%2C381&ssl=1\",\"contentUrl\":\"https:\\\/\\\/i0.wp.com\\\/terjebjornstad.com\\\/no\\\/wp-content\\\/uploads\\\/2022\\\/02\\\/c1-aygo-1080c381.jpg?fit=1080%2C381&ssl=1\",\"width\":1080,\"height\":381,\"caption\":\"&nbsp; Ny Aygo X - Citroen C1 forsvinner Citroen C1 og Peugeot 108 avsluttes, mens Toyota Aygo X kommer i ny, trendy crossover-utgave. Vi ser n\u00e6rmere p\u00e5 de utg\u00e5tte modellene som bruktbil-kj\u00f8p. Se mer >> &nbsp;\"},{\"@type\":\"BreadcrumbList\",\"@id\":\"https:\\\/\\\/terjebjornstad.com\\\/no\\\/2022\\\/02\\\/05\\\/ny-aygo-x-citroen-c1-forsvinner\\\/#breadcrumb\",\"itemListElement\":[{\"@type\":\"ListItem\",\"position\":1,\"name\":\"Hjem\",\"item\":\"https:\\\/\\\/terjebjornstad.com\\\/no\\\/\"},{\"@type\":\"ListItem\",\"position\":2,\"name\":\"Ny Aygo X &#8211; Citroen C1 forsvinner\"}]},{\"@type\":\"WebSite\",\"@id\":\"https:\\\/\\\/terjebjornstad.com\\\/no\\\/#website\",\"url\":\"https:\\\/\\\/terjebjornstad.com\\\/no\\\/\",\"name\":\"Terjes biler\",\"description\":\"HONEST ABOUT CARS\",\"publisher\":{\"@id\":\"https:\\\/\\\/terjebjornstad.com\\\/no\\\/#organization\"},\"alternateName\":\"Terjebjornstad.com\",\"potentialAction\":[{\"@type\":\"SearchAction\",\"target\":{\"@type\":\"EntryPoint\",\"urlTemplate\":\"https:\\\/\\\/terjebjornstad.com\\\/no\\\/?s={search_term_string}\"},\"query-input\":{\"@type\":\"PropertyValueSpecification\",\"valueRequired\":true,\"valueName\":\"search_term_string\"}}],\"inLanguage\":\"nb-NO\"},{\"@type\":\"Organization\",\"@id\":\"https:\\\/\\\/terjebjornstad.com\\\/no\\\/#organization\",\"name\":\"Terje Bj\u00f8rnstad ENK\",\"url\":\"https:\\\/\\\/terjebjornstad.com\\\/no\\\/\",\"logo\":{\"@type\":\"ImageObject\",\"inLanguage\":\"nb-NO\",\"@id\":\"https:\\\/\\\/terjebjornstad.com\\\/no\\\/#\\\/schema\\\/logo\\\/image\\\/\",\"url\":\"https:\\\/\\\/i0.wp.com\\\/terjebjornstad.com\\\/no\\\/wp-content\\\/uploads\\\/2026\\\/02\\\/terjesbiler2024-960x354-1.png?fit=960%2C354&ssl=1\",\"contentUrl\":\"https:\\\/\\\/i0.wp.com\\\/terjebjornstad.com\\\/no\\\/wp-content\\\/uploads\\\/2026\\\/02\\\/terjesbiler2024-960x354-1.png?fit=960%2C354&ssl=1\",\"width\":960,\"height\":354,\"caption\":\"Terje Bj\u00f8rnstad ENK\"},\"image\":{\"@id\":\"https:\\\/\\\/terjebjornstad.com\\\/no\\\/#\\\/schema\\\/logo\\\/image\\\/\"},\"sameAs\":[\"https:\\\/\\\/www.facebook.com\\\/terjesbiler\\\/\",\"https:\\\/\\\/www.instagram.com\\\/terjesbiler\\\/\",\"https:\\\/\\\/www.pinteres.com\\\/terjebjrnstad\\\/terjes-biler\\\/\"]},{\"@type\":\"Person\",\"@id\":\"https:\\\/\\\/terjebjornstad.com\\\/no\\\/#\\\/schema\\\/person\\\/a281f6a6e0f3cc9fe468e7f0c655aa65\",\"name\":\"Terje Bj\u00f8rnstad\",\"image\":{\"@type\":\"ImageObject\",\"inLanguage\":\"nb-NO\",\"@id\":\"https:\\\/\\\/secure.gravatar.com\\\/avatar\\\/e8dff505b51cf6cb67ae06a06022d2049aac2da1e79dc146a36b58798c4b40ea?s=96&d=mm&r=g\",\"url\":\"https:\\\/\\\/secure.gravatar.com\\\/avatar\\\/e8dff505b51cf6cb67ae06a06022d2049aac2da1e79dc146a36b58798c4b40ea?s=96&d=mm&r=g\",\"contentUrl\":\"https:\\\/\\\/secure.gravatar.com\\\/avatar\\\/e8dff505b51cf6cb67ae06a06022d2049aac2da1e79dc146a36b58798c4b40ea?s=96&d=mm&r=g\",\"caption\":\"Terje Bj\u00f8rnstad\"},\"description\":\"Terje Bj\u00f8rnstad. Bloggadministrator, hobbyfotograf og bilnerd.\",\"sameAs\":[\"https:\\\/\\\/www.facebook.com\\\/terjesbiler\",\"https:\\\/\\\/www.instagram.com\\\/terjesbiler\",\"https:\\\/\\\/no.pinterest.com\\\/terjebjrnstad\",\"https:\\\/\\\/www.youtube.com\\\/channel\\\/UCzCKJJDybyIgKqatc_JQqIg\"]}]}<\/script>\n<!-- \/ Yoast SEO plugin. -->","yoast_head_json":{"title":"Ny Aygo X - Citroen C1 forsvinner - Terjes biler - Vil sikre Fiat 500","description":"Aygo X skal fortsatt bygges ved Kolin-fabrikken i Tsjekkia men i en ny crossover-modell. Citroen C1 og Peugeot 108 forsvinner fra markedet.","robots":{"index":"index","follow":"follow","max-snippet":"max-snippet:-1","max-image-preview":"max-image-preview:large","max-video-preview":"max-video-preview:-1"},"canonical":"https:\/\/terjebjornstad.com\/no\/2022\/02\/05\/ny-aygo-x-citroen-c1-forsvinner\/","og_locale":"nb_NO","og_type":"article","og_title":"Ny Aygo X - Citroen C1 forsvinner - Terjes biler - Vil sikre Fiat 500","og_description":"Aygo X skal fortsatt bygges ved Kolin-fabrikken i Tsjekkia men i en ny crossover-modell. Citroen C1 og Peugeot 108 forsvinner fra markedet.","og_url":"https:\/\/terjebjornstad.com\/no\/2022\/02\/05\/ny-aygo-x-citroen-c1-forsvinner\/","og_site_name":"Terjes biler","article_publisher":"https:\/\/www.facebook.com\/terjesbiler\/","article_author":"https:\/\/www.facebook.com\/terjesbiler","article_published_time":"2022-02-05T10:05:57+00:00","article_modified_time":"2026-03-15T00:24:12+00:00","og_image":[{"width":1080,"height":381,"url":"https:\/\/terjebjornstad.com\/no\/wp-content\/uploads\/2022\/02\/c1-aygo-1080c381.jpg","type":"image\/jpeg"}],"author":"Terje Bj\u00f8rnstad","twitter_card":"summary_large_image","twitter_misc":{"Skrevet av":"Terje Bj\u00f8rnstad","Ansl. lesetid":"9 minutter"},"schema":{"@context":"https:\/\/schema.org","@graph":[{"@type":"Article","@id":"https:\/\/terjebjornstad.com\/no\/2022\/02\/05\/ny-aygo-x-citroen-c1-forsvinner\/#article","isPartOf":{"@id":"https:\/\/terjebjornstad.com\/no\/2022\/02\/05\/ny-aygo-x-citroen-c1-forsvinner\/"},"author":{"name":"Terje Bj\u00f8rnstad","@id":"https:\/\/terjebjornstad.com\/no\/#\/schema\/person\/a281f6a6e0f3cc9fe468e7f0c655aa65"},"headline":"Ny Aygo X &#8211; Citroen C1 forsvinner","datePublished":"2022-02-05T10:05:57+00:00","dateModified":"2026-03-15T00:24:12+00:00","mainEntityOfPage":{"@id":"https:\/\/terjebjornstad.com\/no\/2022\/02\/05\/ny-aygo-x-citroen-c1-forsvinner\/"},"wordCount":1047,"commentCount":0,"publisher":{"@id":"https:\/\/terjebjornstad.com\/no\/#organization"},"image":{"@id":"https:\/\/terjebjornstad.com\/no\/2022\/02\/05\/ny-aygo-x-citroen-c1-forsvinner\/#primaryimage"},"thumbnailUrl":"https:\/\/i0.wp.com\/terjebjornstad.com\/no\/wp-content\/uploads\/2022\/02\/c1-aygo-1080c381.jpg?fit=1080%2C381&ssl=1","keywords":["Aygo","Aygo x","Citroen C1","Peugeot 107","Peugeot 108"],"articleSection":["107","108","Artikkel","Aygo","Aygo X","C1"],"inLanguage":"nb-NO","potentialAction":[{"@type":"CommentAction","name":"Comment","target":["https:\/\/terjebjornstad.com\/no\/2022\/02\/05\/ny-aygo-x-citroen-c1-forsvinner\/#respond"]}]},{"@type":"WebPage","@id":"https:\/\/terjebjornstad.com\/no\/2022\/02\/05\/ny-aygo-x-citroen-c1-forsvinner\/","url":"https:\/\/terjebjornstad.com\/no\/2022\/02\/05\/ny-aygo-x-citroen-c1-forsvinner\/","name":"Ny Aygo X - Citroen C1 forsvinner - Terjes biler - Vil sikre Fiat 500","isPartOf":{"@id":"https:\/\/terjebjornstad.com\/no\/#website"},"primaryImageOfPage":{"@id":"https:\/\/terjebjornstad.com\/no\/2022\/02\/05\/ny-aygo-x-citroen-c1-forsvinner\/#primaryimage"},"image":{"@id":"https:\/\/terjebjornstad.com\/no\/2022\/02\/05\/ny-aygo-x-citroen-c1-forsvinner\/#primaryimage"},"thumbnailUrl":"https:\/\/i0.wp.com\/terjebjornstad.com\/no\/wp-content\/uploads\/2022\/02\/c1-aygo-1080c381.jpg?fit=1080%2C381&ssl=1","datePublished":"2022-02-05T10:05:57+00:00","dateModified":"2026-03-15T00:24:12+00:00","description":"Aygo X skal fortsatt bygges ved Kolin-fabrikken i Tsjekkia men i en ny crossover-modell. Citroen C1 og Peugeot 108 forsvinner fra markedet.","breadcrumb":{"@id":"https:\/\/terjebjornstad.com\/no\/2022\/02\/05\/ny-aygo-x-citroen-c1-forsvinner\/#breadcrumb"},"inLanguage":"nb-NO","potentialAction":[{"@type":"ReadAction","target":["https:\/\/terjebjornstad.com\/no\/2022\/02\/05\/ny-aygo-x-citroen-c1-forsvinner\/"]}]},{"@type":"ImageObject","inLanguage":"nb-NO","@id":"https:\/\/terjebjornstad.com\/no\/2022\/02\/05\/ny-aygo-x-citroen-c1-forsvinner\/#primaryimage","url":"https:\/\/i0.wp.com\/terjebjornstad.com\/no\/wp-content\/uploads\/2022\/02\/c1-aygo-1080c381.jpg?fit=1080%2C381&ssl=1","contentUrl":"https:\/\/i0.wp.com\/terjebjornstad.com\/no\/wp-content\/uploads\/2022\/02\/c1-aygo-1080c381.jpg?fit=1080%2C381&ssl=1","width":1080,"height":381,"caption":"&nbsp; Ny Aygo X - Citroen C1 forsvinner Citroen C1 og Peugeot 108 avsluttes, mens Toyota Aygo X kommer i ny, trendy crossover-utgave. Vi ser n\u00e6rmere p\u00e5 de utg\u00e5tte modellene som bruktbil-kj\u00f8p. Se mer >> &nbsp;"},{"@type":"BreadcrumbList","@id":"https:\/\/terjebjornstad.com\/no\/2022\/02\/05\/ny-aygo-x-citroen-c1-forsvinner\/#breadcrumb","itemListElement":[{"@type":"ListItem","position":1,"name":"Hjem","item":"https:\/\/terjebjornstad.com\/no\/"},{"@type":"ListItem","position":2,"name":"Ny Aygo X &#8211; Citroen C1 forsvinner"}]},{"@type":"WebSite","@id":"https:\/\/terjebjornstad.com\/no\/#website","url":"https:\/\/terjebjornstad.com\/no\/","name":"Terjes biler","description":"HONEST ABOUT CARS","publisher":{"@id":"https:\/\/terjebjornstad.com\/no\/#organization"},"alternateName":"Terjebjornstad.com","potentialAction":[{"@type":"SearchAction","target":{"@type":"EntryPoint","urlTemplate":"https:\/\/terjebjornstad.com\/no\/?s={search_term_string}"},"query-input":{"@type":"PropertyValueSpecification","valueRequired":true,"valueName":"search_term_string"}}],"inLanguage":"nb-NO"},{"@type":"Organization","@id":"https:\/\/terjebjornstad.com\/no\/#organization","name":"Terje Bj\u00f8rnstad ENK","url":"https:\/\/terjebjornstad.com\/no\/","logo":{"@type":"ImageObject","inLanguage":"nb-NO","@id":"https:\/\/terjebjornstad.com\/no\/#\/schema\/logo\/image\/","url":"https:\/\/i0.wp.com\/terjebjornstad.com\/no\/wp-content\/uploads\/2026\/02\/terjesbiler2024-960x354-1.png?fit=960%2C354&ssl=1","contentUrl":"https:\/\/i0.wp.com\/terjebjornstad.com\/no\/wp-content\/uploads\/2026\/02\/terjesbiler2024-960x354-1.png?fit=960%2C354&ssl=1","width":960,"height":354,"caption":"Terje Bj\u00f8rnstad ENK"},"image":{"@id":"https:\/\/terjebjornstad.com\/no\/#\/schema\/logo\/image\/"},"sameAs":["https:\/\/www.facebook.com\/terjesbiler\/","https:\/\/www.instagram.com\/terjesbiler\/","https:\/\/www.pinteres.com\/terjebjrnstad\/terjes-biler\/"]},{"@type":"Person","@id":"https:\/\/terjebjornstad.com\/no\/#\/schema\/person\/a281f6a6e0f3cc9fe468e7f0c655aa65","name":"Terje Bj\u00f8rnstad","image":{"@type":"ImageObject","inLanguage":"nb-NO","@id":"https:\/\/secure.gravatar.com\/avatar\/e8dff505b51cf6cb67ae06a06022d2049aac2da1e79dc146a36b58798c4b40ea?s=96&d=mm&r=g","url":"https:\/\/secure.gravatar.com\/avatar\/e8dff505b51cf6cb67ae06a06022d2049aac2da1e79dc146a36b58798c4b40ea?s=96&d=mm&r=g","contentUrl":"https:\/\/secure.gravatar.com\/avatar\/e8dff505b51cf6cb67ae06a06022d2049aac2da1e79dc146a36b58798c4b40ea?s=96&d=mm&r=g","caption":"Terje Bj\u00f8rnstad"},"description":"Terje Bj\u00f8rnstad. Bloggadministrator, hobbyfotograf og bilnerd.","sameAs":["https:\/\/www.facebook.com\/terjesbiler","https:\/\/www.instagram.com\/terjesbiler","https:\/\/no.pinterest.com\/terjebjrnstad","https:\/\/www.youtube.com\/channel\/UCzCKJJDybyIgKqatc_JQqIg"]}]}},"jetpack_publicize_connections":[],"jetpack_featured_media_url":"https:\/\/i0.wp.com\/terjebjornstad.com\/no\/wp-content\/uploads\/2022\/02\/c1-aygo-1080c381.jpg?fit=1080%2C381&ssl=1","jetpack_sharing_enabled":true,"jetpack_shortlink":"https:\/\/wp.me\/p48zYA-c6l","jetpack-related-posts":[{"id":189,"url":"https:\/\/terjebjornstad.com\/no\/2013\/02\/11\/eurobiler-med-trynefaktor\/","url_meta":{"origin":46521,"position":0},"title":"2013 Citro\u00ebn C1 og eurobiler med trynefaktor","author":"Terje Bj\u00f8rnstad","date":"11\/02\/2013","format":false,"excerpt":"Amerikanerne kaller det \u00abbadging\u00bb. Man tar samme modell og klistrer p\u00e5 et nytt merke i fronten. Voila! S\u00e5 kan man lansere en helt ny modell. I 2005 startet PSA-konsernet og Toyota felles produksjon av en nyutviklet minibil i Kolin i Tsjekkia. Samme bil har siden v\u00e6rt i salg som Peugeot\u2026","rel":"","context":"i &quot;Citroen&quot;","block_context":{"text":"Citroen","link":"https:\/\/terjebjornstad.com\/no\/category\/citroen\/"},"img":{"alt_text":"","src":"https:\/\/i0.wp.com\/terjebjornstad.com\/no\/wp-content\/uploads\/2013\/02\/toyotaaygoplus.jpg?resize=350%2C200&ssl=1","width":350,"height":200},"classes":[]},{"id":2810,"url":"https:\/\/terjebjornstad.com\/no\/2015\/11\/30\/pa-bytur-med-citroen-c1\/","url_meta":{"origin":46521,"position":1},"title":"P\u00e5 bytur med Citroen C1","author":"Terje Bj\u00f8rnstad","date":"30\/11\/2015","format":false,"excerpt":"Jeg innser med et smil at denne bilen kan brukes til mye mer enn juleshopping. Jeg kj\u00f8rer gladelig hvor som helst, bare jeg slipper \u00e5 sitte i baksetet. Det er s\u00f8ndag 1. advent. Julelysene i Oslo har v\u00e6rt tent lenge. De muntrer oss opp n\u00e5r m\u00f8rket siger p\u00e5 ved tretiden\u2026","rel":"","context":"i &quot;Artikkel&quot;","block_context":{"text":"Artikkel","link":"https:\/\/terjebjornstad.com\/no\/category\/artikkel\/"},"img":{"alt_text":"citroen c1","src":"https:\/\/i0.wp.com\/terjebjornstad.com\/no\/wp-content\/uploads\/2014\/02\/citroen-c1-1.png?resize=350%2C200&ssl=1","width":350,"height":200,"srcset":"https:\/\/i0.wp.com\/terjebjornstad.com\/no\/wp-content\/uploads\/2014\/02\/citroen-c1-1.png?resize=350%2C200&ssl=1 1x, https:\/\/i0.wp.com\/terjebjornstad.com\/no\/wp-content\/uploads\/2014\/02\/citroen-c1-1.png?resize=525%2C300&ssl=1 1.5x"},"classes":[]},{"id":35944,"url":"https:\/\/terjebjornstad.com\/no\/2020\/11\/02\/taycan-selger-bedre-enn-mondeo\/","url_meta":{"origin":46521,"position":2},"title":"Taycan selger bedre enn Mondeo!","author":"Terje Bj\u00f8rnstad","date":"02\/11\/2020","format":false,"excerpt":"Kj\u00f8ret\u00f8yparken er i endring - og det skjer raskt. Flere biler som vi trodde solgte bra, er nesten ute av markedet. N\u00e5r Terjes biler kj\u00f8rer nye biler, er det ofte kj\u00f8ret\u00f8y formidlet via bilutleie- og bildelingsselskaper. Selv om bilene er nye, er de ofte ikke spesielt ettertraktet p\u00e5 markedet, snarere\u2026","rel":"","context":"i &quot;Artikkel&quot;","block_context":{"text":"Artikkel","link":"https:\/\/terjebjornstad.com\/no\/category\/artikkel\/"},"img":{"alt_text":"","src":"https:\/\/i0.wp.com\/terjebjornstad.com\/no\/wp-content\/uploads\/2020\/11\/2015-ford-mondeo-2.0-tdci-180-1-2.png?fit=686%2C457&ssl=1&resize=350%2C200","width":350,"height":200,"srcset":"https:\/\/i0.wp.com\/terjebjornstad.com\/no\/wp-content\/uploads\/2020\/11\/2015-ford-mondeo-2.0-tdci-180-1-2.png?fit=686%2C457&ssl=1&resize=350%2C200 1x, https:\/\/i0.wp.com\/terjebjornstad.com\/no\/wp-content\/uploads\/2020\/11\/2015-ford-mondeo-2.0-tdci-180-1-2.png?fit=686%2C457&ssl=1&resize=525%2C300 1.5x"},"classes":[]},{"id":23171,"url":"https:\/\/terjebjornstad.com\/no\/2019\/05\/10\/franske-klassikere-4\/","url_meta":{"origin":46521,"position":3},"title":"Franske klassikere 4","author":"Terje Bj\u00f8rnstad","date":"10\/05\/2019","format":false,"excerpt":"Mange flotte doninger, 60 \u00e5rs jubileum for Mini og en helt spesiell Peugeot 403. Billedgalleri fra RVA66 - Samling av gamle, eksklusive og spesielle kj\u00f8ret\u00f8yer i Perpignan, Frankrike. Ikke bare franske biler Mange av bilene p\u00e5 samlingen ble slettes ikke laget i Frankrike, - men likevel h\u00f8yt verdsatt. Amerikanere, for\u2026","rel":"","context":"i &quot;Artikkel&quot;","block_context":{"text":"Artikkel","link":"https:\/\/terjebjornstad.com\/no\/category\/artikkel\/"},"img":{"alt_text":"","src":"https:\/\/i0.wp.com\/terjebjornstad.com\/no\/wp-content\/uploads\/2019\/05\/leaving-2-1080x720.png?fit=1080%2C720&ssl=1&resize=350%2C200","width":350,"height":200,"srcset":"https:\/\/i0.wp.com\/terjebjornstad.com\/no\/wp-content\/uploads\/2019\/05\/leaving-2-1080x720.png?fit=1080%2C720&ssl=1&resize=350%2C200 1x, https:\/\/i0.wp.com\/terjebjornstad.com\/no\/wp-content\/uploads\/2019\/05\/leaving-2-1080x720.png?fit=1080%2C720&ssl=1&resize=525%2C300 1.5x, https:\/\/i0.wp.com\/terjebjornstad.com\/no\/wp-content\/uploads\/2019\/05\/leaving-2-1080x720.png?fit=1080%2C720&ssl=1&resize=700%2C400 2x, https:\/\/i0.wp.com\/terjebjornstad.com\/no\/wp-content\/uploads\/2019\/05\/leaving-2-1080x720.png?fit=1080%2C720&ssl=1&resize=1050%2C600 3x"},"classes":[]},{"id":3943,"url":"https:\/\/terjebjornstad.com\/no\/2016\/04\/10\/syd-franske-youngtimers\/","url_meta":{"origin":46521,"position":4},"title":"Syd-Franske youngtimers","author":"Terje Bj\u00f8rnstad","date":"10\/04\/2016","format":"image","excerpt":"I Syd-Frankrike ved foten av Pyreneene, mot Spania, ruster ikke bilene. Utrolig men sant. Derfor er det mulig \u00e5 finne biler som hjemme for lengst er blitt til \"kjeks\". Mange av Frankrikes folkebiler, som Citro\u00ebn 2CV og Renault 4, holdes enn\u00e5 i live og er i daglig bruk. En av\u2026","rel":"","context":"i &quot;Artikkel&quot;","block_context":{"text":"Artikkel","link":"https:\/\/terjebjornstad.com\/no\/category\/artikkel\/"},"img":{"alt_text":"renault 4","src":"https:\/\/i0.wp.com\/terjebjornstad.com\/no\/wp-content\/uploads\/2016\/04\/renault-4-savane-1.png?fit=686%2C457&ssl=1&resize=350%2C200","width":350,"height":200,"srcset":"https:\/\/i0.wp.com\/terjebjornstad.com\/no\/wp-content\/uploads\/2016\/04\/renault-4-savane-1.png?fit=686%2C457&ssl=1&resize=350%2C200 1x, https:\/\/i0.wp.com\/terjebjornstad.com\/no\/wp-content\/uploads\/2016\/04\/renault-4-savane-1.png?fit=686%2C457&ssl=1&resize=525%2C300 1.5x"},"classes":[]},{"id":75895,"url":"https:\/\/terjebjornstad.com\/no\/2024\/10\/15\/militaere-veteranbiler-peugeot-p4\/","url_meta":{"origin":46521,"position":5},"title":"Milit\u00e6re veteranbiler","author":"Terje Bj\u00f8rnstad","date":"15\/10\/2024","format":false,"excerpt":"Milit\u00e6re kj\u00f8ret\u00f8y er for spesielt interesserte. Som tidligere vognf\u00f8rer i milit\u00e6ret vekker det gode minner n\u00e5r jeg kommer over en Gems, Kvarting eller Valp. Selv begynte jeg med GMC 6x6 og endte opp som vognf\u00f8rer p\u00e5 Scania krokbil. Her er en bildeserie over franske milit\u00e6re veterankj\u00f8ret\u00f8yer. Peugeot P4 \"Gel\u00e4ndewagen\" \u00a0\u2026","rel":"","context":"i &quot;ACMAT VT4&quot;","block_context":{"text":"ACMAT VT4","link":"https:\/\/terjebjornstad.com\/no\/category\/acmat-vt4\/"},"img":{"alt_text":"","src":"https:\/\/i0.wp.com\/terjebjornstad.com\/no\/wp-content\/uploads\/2024\/10\/d-day-militaire-jeep-1280x853-1.jpg?resize=350%2C200&ssl=1","width":350,"height":200,"srcset":"https:\/\/i0.wp.com\/terjebjornstad.com\/no\/wp-content\/uploads\/2024\/10\/d-day-militaire-jeep-1280x853-1.jpg?resize=350%2C200&ssl=1 1x, https:\/\/i0.wp.com\/terjebjornstad.com\/no\/wp-content\/uploads\/2024\/10\/d-day-militaire-jeep-1280x853-1.jpg?resize=525%2C300&ssl=1 1.5x, https:\/\/i0.wp.com\/terjebjornstad.com\/no\/wp-content\/uploads\/2024\/10\/d-day-militaire-jeep-1280x853-1.jpg?resize=700%2C400&ssl=1 2x, https:\/\/i0.wp.com\/terjebjornstad.com\/no\/wp-content\/uploads\/2024\/10\/d-day-militaire-jeep-1280x853-1.jpg?resize=1050%2C600&ssl=1 3x"},"classes":[]}],"gt_translate_keys":[{"key":"link","format":"url"}],"_links":{"self":[{"href":"https:\/\/terjebjornstad.com\/no\/wp-json\/wp\/v2\/posts\/46521","targetHints":{"allow":["GET"]}}],"collection":[{"href":"https:\/\/terjebjornstad.com\/no\/wp-json\/wp\/v2\/posts"}],"about":[{"href":"https:\/\/terjebjornstad.com\/no\/wp-json\/wp\/v2\/types\/post"}],"author":[{"embeddable":true,"href":"https:\/\/terjebjornstad.com\/no\/wp-json\/wp\/v2\/users\/1"}],"replies":[{"embeddable":true,"href":"https:\/\/terjebjornstad.com\/no\/wp-json\/wp\/v2\/comments?post=46521"}],"version-history":[{"count":57,"href":"https:\/\/terjebjornstad.com\/no\/wp-json\/wp\/v2\/posts\/46521\/revisions"}],"predecessor-version":[{"id":91143,"href":"https:\/\/terjebjornstad.com\/no\/wp-json\/wp\/v2\/posts\/46521\/revisions\/91143"}],"wp:featuredmedia":[{"embeddable":true,"href":"https:\/\/terjebjornstad.com\/no\/wp-json\/wp\/v2\/media\/46569"}],"wp:attachment":[{"href":"https:\/\/terjebjornstad.com\/no\/wp-json\/wp\/v2\/media?parent=46521"}],"wp:term":[{"taxonomy":"category","embeddable":true,"href":"https:\/\/terjebjornstad.com\/no\/wp-json\/wp\/v2\/categories?post=46521"},{"taxonomy":"post_tag","embeddable":true,"href":"https:\/\/terjebjornstad.com\/no\/wp-json\/wp\/v2\/tags?post=46521"}],"curies":[{"name":"wp","href":"https:\/\/api.w.org\/{rel}","templated":true}]}}