{"id":44621,"date":"2021-11-13T16:46:03","date_gmt":"2021-11-13T15:46:03","guid":{"rendered":"https:\/\/terjebjornstad.com\/no\/?p=44621"},"modified":"2026-03-02T13:18:09","modified_gmt":"2026-03-02T12:18:09","slug":"leveringstid-pa-nye-biler","status":"publish","type":"post","link":"https:\/\/terjebjornstad.com\/no\/2021\/11\/13\/leveringstid-pa-nye-biler\/","title":{"rendered":"Lang leveringstid p\u00e5 ny bil?","gt_translate_keys":[{"key":"rendered","format":"text"}]},"content":{"rendered":"<div class=\"copy_teb\"><figure style=\"width: 686px\" class=\"wp-caption aligncenter\"><img data-recalc-dims=\"1\" loading=\"lazy\" decoding=\"async\" src=\"https:\/\/i0.wp.com\/terjebjornstad.com\/no\/wp-content\/uploads\/2021\/11\/10-skoda-2023-686x457-1.png?resize=686%2C457&#038;ssl=1\" width=\"686\" height=\"457\" alt=\"leveringstid\" class=\"size-full\" \/><figcaption class=\"wp-caption-text\">Popul\u00e6r familiebil med lang leveringstid<\/figcaption><\/figure><\/p>\n<blockquote><p>Brikkemangel og stor ettersp\u00f8rsel f\u00e5r skylden for lange leveringstider p\u00e5 enkelte nye bilmodeller. Er det verdt \u00e5 vente p\u00e5 dr\u00f8mmebilen? Her er momentene du b\u00f8r ha i minnet.<\/p><\/blockquote>\n<h3>&nbsp;<\/h3>\n<h3 class=\"tebh2\">Leveringstider p\u00e5 et \u00e5r eller mer<\/h3>\n<p>Er du p\u00e5 utkikk etter ny familie-elbil, har du sikkert vurdert Skoda Enyaq iV80X. Den tikker relevante bokser som: Rekkevidde, plass, firehjulstrekk og hengerfeste. Da vi kj\u00f8rte Enyaq tidligere i \u00e5r, konkluderte vi med at den var er blant de beste. Dette er en bil vi virkelig kan anbefale. Ulempen er leveringstiden. Den er 12 m\u00e5neder, n\u00e6rmere bestemt jul til neste \u00e5r.<\/p>\n<h3 class=\"tebh2\">Stor usikkerhet<\/h3>\n<p>At leveringstidspunktet er avhengig av underleverand\u00f8rer, skaper usikkerhet. En annen faktor som gj\u00f8r leveringstiden usikker, er at fabrikken kan favorisere enkelte modeller p\u00e5 bekostning av andre. Dette kan skje mens du venter. For Skoda sitt vedkommende kan det ogs\u00e5 hende at hovedselskapet &#8211;  Volkswagen-gruppen &#8211; velger \u00e5 prioriter andre merker innen samme konsern. Usikkerheten kan sl\u00e5 begge veier. Hvis produsenten \u00f8nsker \u00e5 prioritere din bil, kan leveringstiden bli kortere enn estimert.<\/p>\n<h3 class=\"tebh2\">N\u00e5r k\u00f8en plutselig forsvinner<\/h3>\n<p>Vi har sett det f\u00f8r. Etter lanseringene av modeller som Opel Ampera-e, Hyundai Kona og Tesla Model 3, oppsto det lange leveringstider p\u00e5 grunn av stor ettersp\u00f8rsel. Det var produksjonen av batteripakkene som var den offisielle \u00e5rsaken. Da oppsto det et merkelig k\u00f8-fenomen. Mange hadde st\u00e5tt p\u00e5 venteliste i over ett \u00e5r for \u00e5 f\u00e5 sin nye bil. P\u00e5 samme tid som de fikk sine biler, kunne helt nye kunder f\u00e5 biler levert nesten samme dag som de skrev kontrakt. Fenomenet kan kanskje forklares med at produksjonen greier \u00e5 &laquo;kj\u00f8re seg inn&raquo; n\u00e5r knappheten er l\u00f8st. Dessuten dukker det jo stadig opp nye, bedre modeller som fenger nye kunder.<\/p>\n<figure style=\"width: 1080px\" class=\"wp-caption aligncenter\"><a href=\"https:\/\/i0.wp.com\/terjebjornstad.com\/no\/wp-content\/uploads\/2020\/12\/10-byd-tang-ev-www.bydauto.com_.cn-1080x476-1.png?ssl=1\"><img data-recalc-dims=\"1\" loading=\"lazy\" decoding=\"async\" src=\"https:\/\/i0.wp.com\/terjebjornstad.com\/no\/wp-content\/uploads\/2020\/12\/10-byd-tang-ev-www.bydauto.com_.cn-1080x476-1.png?resize=980%2C432&#038;ssl=1\" width=\"980\" height=\"432\" alt=\"leveringstid\" class=\"size-full\" \/><\/a><figcaption class=\"wp-caption-text\">BYD Tang &#8211; fullsize SUV med kort leveringstid<\/figcaption><\/figure>\n<h3 class=\"tebh2\">Som et pyramidespill<\/h3>\n<p>N\u00e5r en anerkjent bilprodusent annonserer kommende lansering av en ny bil med lang rekkevidde, god plass og firehjulstrekk, kan det v\u00e6re mye \u00e5 tjene p\u00e5 \u00e5 forh\u00e5ndsbestille f\u00f8r man har sett bilen. Venter man til bilen er tilgjengelig for pr\u00f8vekj\u00f8ring og f\u00e5tt rosende omtale i pressen, hoper bestillingene seg opp. Det vil de f\u00f8rste som bestilte, tjene p\u00e5. Bilen de f\u00e5r, vil kunne videreselges uten verditap det f\u00f8rste \u00e5ret. De siste i bestillingsk\u00f8en risikerer \u00e5 bli tapere.<\/p>\n<h3 class=\"tebh2\">Hva kan man tape p\u00e5 \u00e5 vente?<\/h3>\n<p>Vi skal ikke glemme at en kj\u00f8pekontrakt er en <em>rettighet<\/em> &#8211; en plass i k\u00f8en for \u00e5 kj\u00f8pe en ettertraktet bil. Men det er ogs\u00e5 en &laquo;gisselsituasjon&raquo;. Mye kan skje p\u00e5 ett \u00e5r. Det er turbulente tider. Hvem som helst kan miste sitt inntektsgrunnlag, bli syk, oppleve samlivsbrudd eller endret familiesituasjon s\u00e5nn at man ikke lenger trenger bilen som man har skrevet kontrakt p\u00e5. <\/p>\n<p>Men la oss fokusere p\u00e5 det \u00f8konomiske. Hvis leveringstiden strekker seg over \u00e5rsskiftet til 2023, vil politikerne sannsynligvis ha bestemt seg for \u00e5 innf\u00f8re avgifter p\u00e5 elbiler &#8211; i f\u00f8rste omgang merverdiavgift. Er du avhengig av \u00e5 selge den gamle bilen, kan det by p\u00e5 problemer, spesielt n\u00e5r du ikke vet n\u00e5r den nye bilen kommer. Det kan ogs\u00e5 v\u00e6re vanskelig for bilforhandleren \u00e5 gi en innbyttepris som skal v\u00e6re forpliktende om ett \u00e5r. Dersom du tvinges til \u00e5 selge raskt, kan du tape titusenvis av kroner. En l\u00f8sning mange velger, er \u00e5 selge bilen tidlig og leie bil i ventetiden. Flere selskaper har spesialisert seg p\u00e5 dette. Uansett representerer det en merkostnad.<\/p>\n<h3 class=\"tebh2\">Ta med leveringstid i vurderingen!<\/h3>\n<p>Vi nevnte at Skoda Enyaq iV80X tikker relevante bokser som: Rekkevidde, plass, firehjulstrekk og hengerfeste. Kanskje man ogs\u00e5 b\u00f8r legge til <em>leveringstid<\/em> som en egenskap? Hvis vi alts\u00e5 legger til leveringstid som et femte krav, tikker Skoda Enyaq iV80X 4 av 5 bokser. Hvilke andre modeller tikker 4 av 5 bokser &#8211; gitt at boksene er likeverdige og man kan unnv\u00e6re \u00e9n?<\/p>\n<h3 class=\"tebh2\">Nye biler som kan leveres n\u00e5<\/h3>\n<p>Vi har gjort et s\u00f8k p\u00e5 Finn.no etter nye og &laquo;brukte&raquo; biler med ubetydelig km-stand til salgs fra merkeforhandler. V\u00e6r klar over at parallell-importerte biler kan ha andre garantibetingelser enn norske biler. Det er ikke sikkert forhandleren opplyser om at bilen er parallell-importert. Pass ogs\u00e5 p\u00e5 at du f\u00e5r biler med &laquo;riktig&raquo; batteripakke og utstyr &#8211; det vil si av samme type som tas inn via vanlig import. Varmeveksler og forvarming av batteripakker beh\u00f8ver ikke v\u00e6re standard i alle markeder.<\/p>\n<p><code><\/p>\n<table>\n<tbody>\n<tr>\n<th style=\"color:white;background-color: #008AD0;\">Modell<\/th>\n<th style=\"color:white;background-color: #008AD0;\">Antall<\/th>\n<th style=\"color:white;background-color: #008AD0;\">Rekkevidde *)<\/th>\n<th style=\"color:white;background-color: #008AD0;\">Plass<\/th>\n<th style=\"color:white;background-color: #008AD0;\">4WD<\/th>\n<th style=\"color:white;background-color: #008AD0;\">Hengerfeste **)<\/th>\n<th style=\"color:white;background-color: #008AD0;\">Levering ***)<\/th>\n<\/tr>\n<tr>\n<td>BYD Tang<\/td>\n<td>18<\/td>\n<td>-<\/td>\n<td>X<\/td>\n<td>X<\/td>\n<td>X<\/td>\n<td>X<\/td\n<\/tr>\n<tr>\n<td>Jaguar I-Pace<\/td>\n<td>24<\/td>\n<td>-<\/td>\n<td>X<\/td>\n<td>X<\/td>\n<td>X<\/td>\n<td>X<\/td\n<\/tr>\n<tr>\n<td>Fiat 500<\/td>\n<td>58<\/td>\n<td>-<\/td>\n<td>-<\/td>\n<td>-<\/td>\n<td>-<\/td>\n<td>X<\/td\n<\/tr>\n<tr>\n<td>Hyundai Kona 64kwh<\/td>\n<td>58<\/td>\n<td>X<\/td>\n<td>-<\/td>\n<td>-<\/td>\n<td>-<\/td>\n<td>X<\/td\n<\/tr>\n<tr>\n<td>Hyundai e-Niro 64kwh<\/td>\n<td>58<\/td>\n<td>X<\/td>\n<td>X<\/td>\n<td>-<\/td>\n<td>X<\/td>\n<td>X<\/td\n<\/tr>\n<tr>\n<td>KIA Soul 64kwh<\/td>\n<td>58<\/td>\n<td>X<\/td>\n<td>-<\/td>\n<td>-<\/td>\n<td>-<\/td>\n<td>X<\/td\n<\/tr>\n<tr>\n<td>Maxus Euniq<\/td>\n<td>17<\/td>\n<td>-<\/td>\n<td>X<\/td>\n<td>-<\/td>\n<td>-<\/td>\n<td>X<\/td\n<\/tr>\n<tr>\n<td>Nissan Leaf<\/td>\n<td>38<\/td>\n<td>-<\/td>\n<td>-<\/td>\n<td>-<\/td>\n<td>-<\/td>\n<td>X<\/td\n<\/tr>\n<tr>\n<td>Peugeot e2008<\/td>\n<td>8<\/td>\n<td>-<\/td>\n<td>X<\/td>\n<td>-<\/td>\n<td>X<\/td>\n<td>X<\/td\n<\/tr>\n<tr>\n<td>Skoda Enyaq iV80<\/td>\n<td>8<\/td>\n<td>X<\/td>\n<td>X<\/td>\n<td>-<\/td>\n<td>X<\/td>\n<td>X<\/td\n<\/tr>\n<tr>\n<td>Tesla Model 3 SR<\/td>\n<td>18<\/td>\n<td>-<\/td>\n<td>-<\/td>\n<td>-<\/td>\n<td>X<\/td>\n<td>X<\/td\n<\/tr>\n<tr>\n<td>Tesla Model 3 LR<\/td>\n<td>20<\/td>\n<td>X<\/td>\n<td>-<\/td>\n<td>X<\/td>\n<td>X<\/td>\n<td>X<\/td\n<\/tr>\n<tr>\n<td>Xpeng G3<\/td>\n<td>4<\/td>\n<td>-<\/td>\n<td>X<\/td>\n<td>-<\/td>\n<td>-<\/td>\n<td>X<\/td\n<\/tr>\n<\/tbody>\n<\/table>\n<p><\/code><br \/>\n<em>*) Rekkeviddekrav &#8211; over 500 km p\u00e5 sommerf\u00f8re basert p\u00e5 denne artikkelen publisert i <a href=\"https:\/\/nye.naf.no\/elbil\/bruke-elbil\/elbiltest\" target=\"_blank\" rel=\"noopener\"><strong>NAF.no<\/strong><\/a><br \/>\n**) Hengerfestekrav &#8211; kunne trekke henger p\u00e5 minimum 750 kg<br \/>\n***) Lagerf\u00f8rte biler til salgs p\u00e5 <a href=\"https:\/\/finn.no\" target=\"_blank\" rel=\"noopener\"><strong>Finn.no<\/strong><\/a>. Hvis det finnes lagerf\u00f8rte biler p\u00e5 Finn.no, finnes det sannsynligvis flere i forhandlernettet. Vi har ogs\u00e5 s\u00f8kt &laquo;ferdigbygde&raquo; biler p\u00e5 <a href=\"https:\/\/tesla.com\" target=\"_blank\" rel=\"noopener\"><strong>Tesla.com<\/strong><\/a>.<\/em><\/p>\n<p>&nbsp;<\/p>\n<p><figure id=\"attachment_22093\" aria-describedby=\"caption-attachment-22093\" style=\"width: 1080px\" class=\"wp-caption aligncenter\"><a href=\"https:\/\/i0.wp.com\/terjebjornstad.com\/no\/wp-content\/uploads\/2019\/02\/bilkollektivet-3-jaguar-i-pace-1080x1080.png?ssl=1\"><img data-recalc-dims=\"1\" loading=\"lazy\" decoding=\"async\" data-attachment-id=\"22093\" data-permalink=\"https:\/\/terjebjornstad.com\/no\/2019\/03\/02\/oslo-apner-egne-p-plasser-for-bildeling\/bilkollektivet-3-jaguar-i-pace-1080x1080\/\" data-orig-file=\"https:\/\/i0.wp.com\/terjebjornstad.com\/no\/wp-content\/uploads\/2019\/02\/bilkollektivet-3-jaguar-i-pace-1080x1080.png?fit=1080%2C1080&amp;ssl=1\" data-orig-size=\"1080,1080\" data-comments-opened=\"1\" data-image-meta=\"{&quot;aperture&quot;:&quot;0&quot;,&quot;credit&quot;:&quot;&quot;,&quot;camera&quot;:&quot;&quot;,&quot;caption&quot;:&quot;&quot;,&quot;created_timestamp&quot;:&quot;0&quot;,&quot;copyright&quot;:&quot;&quot;,&quot;focal_length&quot;:&quot;0&quot;,&quot;iso&quot;:&quot;0&quot;,&quot;shutter_speed&quot;:&quot;0&quot;,&quot;title&quot;:&quot;&quot;,&quot;orientation&quot;:&quot;0&quot;}\" data-image-title=\"bilkollektivet-3-jaguar-i-pace-1080&amp;#215;1080\" data-image-description=\"\" data-image-caption=\"&lt;p&gt;Jaguar I-Pace &amp;#8211; en modell som ikke st\u00e5r p\u00e5 listen.&lt;\/p&gt;\n\" data-large-file=\"https:\/\/i0.wp.com\/terjebjornstad.com\/no\/wp-content\/uploads\/2019\/02\/bilkollektivet-3-jaguar-i-pace-1080x1080.png?fit=980%2C980&amp;ssl=1\" src=\"https:\/\/i0.wp.com\/terjebjornstad.com\/no\/wp-content\/uploads\/2019\/02\/bilkollektivet-3-jaguar-i-pace-1080x1080.png?resize=980%2C980&#038;ssl=1\" alt=\"\" width=\"980\" height=\"980\" class=\"size-full wp-image-22093\" srcset=\"https:\/\/i0.wp.com\/terjebjornstad.com\/no\/wp-content\/uploads\/2019\/02\/bilkollektivet-3-jaguar-i-pace-1080x1080.png?resize=1080%2C1080&amp;ssl=1 1080w, https:\/\/i0.wp.com\/terjebjornstad.com\/no\/wp-content\/uploads\/2019\/02\/bilkollektivet-3-jaguar-i-pace-1080x1080.png?resize=150%2C150&amp;ssl=1 150w, https:\/\/i0.wp.com\/terjebjornstad.com\/no\/wp-content\/uploads\/2019\/02\/bilkollektivet-3-jaguar-i-pace-1080x1080.png?resize=300%2C300&amp;ssl=1 300w, https:\/\/i0.wp.com\/terjebjornstad.com\/no\/wp-content\/uploads\/2019\/02\/bilkollektivet-3-jaguar-i-pace-1080x1080.png?resize=768%2C768&amp;ssl=1 768w, https:\/\/i0.wp.com\/terjebjornstad.com\/no\/wp-content\/uploads\/2019\/02\/bilkollektivet-3-jaguar-i-pace-1080x1080.png?resize=690%2C690&amp;ssl=1 690w, https:\/\/i0.wp.com\/terjebjornstad.com\/no\/wp-content\/uploads\/2019\/02\/bilkollektivet-3-jaguar-i-pace-1080x1080.png?resize=980%2C980&amp;ssl=1 980w, https:\/\/i0.wp.com\/terjebjornstad.com\/no\/wp-content\/uploads\/2019\/02\/bilkollektivet-3-jaguar-i-pace-1080x1080.png?resize=50%2C50&amp;ssl=1 50w\" sizes=\"auto, (max-width: 980px) 100vw, 980px\" \/><\/a><figcaption id=\"caption-attachment-22093\" class=\"wp-caption-text\">Jaguar I-Pace &#8211; en modell som ikke st\u00e5r p\u00e5 listen.<\/figcaption><\/figure><\/p>\n<p><figure id=\"attachment_6878\" aria-describedby=\"caption-attachment-6878\" style=\"width: 686px\" class=\"wp-caption aligncenter\"><a href=\"https:\/\/i0.wp.com\/terjebjornstad.com\/no\/wp-content\/uploads\/2016\/08\/kia-niro-3.png?ssl=1\"><img data-recalc-dims=\"1\" loading=\"lazy\" decoding=\"async\" data-attachment-id=\"6878\" data-permalink=\"https:\/\/terjebjornstad.com\/no\/2016\/08\/28\/nyheter-pa-aker-brygge\/kia-niro-3\/\" data-orig-file=\"https:\/\/i0.wp.com\/terjebjornstad.com\/no\/wp-content\/uploads\/2016\/08\/kia-niro-3.png?fit=686%2C665&amp;ssl=1\" data-orig-size=\"686,665\" data-comments-opened=\"1\" data-image-meta=\"{&quot;aperture&quot;:&quot;0&quot;,&quot;credit&quot;:&quot;&quot;,&quot;camera&quot;:&quot;&quot;,&quot;caption&quot;:&quot;&quot;,&quot;created_timestamp&quot;:&quot;0&quot;,&quot;copyright&quot;:&quot;&quot;,&quot;focal_length&quot;:&quot;0&quot;,&quot;iso&quot;:&quot;0&quot;,&quot;shutter_speed&quot;:&quot;0&quot;,&quot;title&quot;:&quot;&quot;,&quot;orientation&quot;:&quot;0&quot;}\" data-image-title=\"kia-niro-3\" data-image-description=\"\" data-image-caption=\"&lt;p&gt;KIA Niro &amp;#8211; h\u00f8ybygd kompaktbil&lt;\/p&gt;\n\" data-large-file=\"https:\/\/i0.wp.com\/terjebjornstad.com\/no\/wp-content\/uploads\/2016\/08\/kia-niro-3.png?fit=686%2C665&amp;ssl=1\" src=\"https:\/\/i0.wp.com\/terjebjornstad.com\/no\/wp-content\/uploads\/2016\/08\/kia-niro-3.png?resize=686%2C665&#038;ssl=1\" alt=\"\" width=\"686\" height=\"665\" class=\"size-full wp-image-6878\" srcset=\"https:\/\/i0.wp.com\/terjebjornstad.com\/no\/wp-content\/uploads\/2016\/08\/kia-niro-3.png?w=686&amp;ssl=1 686w, https:\/\/i0.wp.com\/terjebjornstad.com\/no\/wp-content\/uploads\/2016\/08\/kia-niro-3.png?resize=300%2C291&amp;ssl=1 300w\" sizes=\"auto, (max-width: 686px) 100vw, 686px\" \/><\/a><figcaption id=\"caption-attachment-6878\" class=\"wp-caption-text\">KIA Niro &#8211; h\u00f8ybygd kompaktbil<\/figcaption><\/figure><\/p>\n<p>Teller vi opp antall avhukede bokser, ser vi at BYD Tang, Jaguar I-Pace, KIA Niro, Skoda Enyaq iv80 og Tesla 3 LR tikker 4 av 5 bokser. Disse konkurrentene har kort leveringstid, men BYD og Jaguar oppfyller ikke rekkeviddekravet &#8211; KIA Niro og Skoda Enyaq iV80 har ikke 4-hjulstrekk og Tesla 3 LR har for lite plass til \u00e5 kalles familiebil. Kompaktbilene KIA Soul og Hyundai Kona har gode rekkevidder, men kan kun trekke fj\u00e6rlette tilhengere. Disse modellene har v\u00e6rt p\u00e5 markedet lenge, og har relativt kort leveringstid da mange finnes p\u00e5 lager eller kan bestilles fra b\u00e5tene.<\/p>\n<p><figure id=\"attachment_33948\" aria-describedby=\"caption-attachment-33948\" style=\"width: 686px\" class=\"wp-caption aligncenter\"><a href=\"https:\/\/i0.wp.com\/terjebjornstad.com\/no\/wp-content\/uploads\/2020\/07\/peugeot-2008-686x457-1.png?ssl=1\"><img data-recalc-dims=\"1\" loading=\"lazy\" decoding=\"async\" data-attachment-id=\"33948\" data-permalink=\"https:\/\/terjebjornstad.com\/no\/2020\/07\/25\/tesla-mot-rokla\/peugeot-2008-686x457\/\" data-orig-file=\"https:\/\/i0.wp.com\/terjebjornstad.com\/no\/wp-content\/uploads\/2020\/07\/peugeot-2008-686x457-1.png?fit=686%2C457&amp;ssl=1\" data-orig-size=\"686,457\" data-comments-opened=\"1\" data-image-meta=\"{&quot;aperture&quot;:&quot;0&quot;,&quot;credit&quot;:&quot;&quot;,&quot;camera&quot;:&quot;&quot;,&quot;caption&quot;:&quot;&quot;,&quot;created_timestamp&quot;:&quot;0&quot;,&quot;copyright&quot;:&quot;&quot;,&quot;focal_length&quot;:&quot;0&quot;,&quot;iso&quot;:&quot;0&quot;,&quot;shutter_speed&quot;:&quot;0&quot;,&quot;title&quot;:&quot;&quot;,&quot;orientation&quot;:&quot;0&quot;}\" data-image-title=\"peugeot-2008-686&amp;#215;457\" data-image-description=\"\" data-image-caption=\"&lt;p&gt;H\u00f8ybygd kompaktbil. Peugeot 2008.&lt;\/p&gt;\n\" data-large-file=\"https:\/\/i0.wp.com\/terjebjornstad.com\/no\/wp-content\/uploads\/2020\/07\/peugeot-2008-686x457-1.png?fit=686%2C457&amp;ssl=1\" src=\"https:\/\/i0.wp.com\/terjebjornstad.com\/no\/wp-content\/uploads\/2020\/07\/peugeot-2008-686x457-1.png?resize=686%2C457&#038;ssl=1\" alt=\"leveringstid\" width=\"686\" height=\"457\" class=\"size-full wp-image-33948\" srcset=\"https:\/\/i0.wp.com\/terjebjornstad.com\/no\/wp-content\/uploads\/2020\/07\/peugeot-2008-686x457-1.png?w=686&amp;ssl=1 686w, https:\/\/i0.wp.com\/terjebjornstad.com\/no\/wp-content\/uploads\/2020\/07\/peugeot-2008-686x457-1.png?resize=300%2C200&amp;ssl=1 300w\" sizes=\"auto, (max-width: 686px) 100vw, 686px\" \/><\/a><figcaption id=\"caption-attachment-33948\" class=\"wp-caption-text\">H\u00f8ybygd kompaktbil. Peugeot 2008.<\/figcaption><\/figure><\/p>\n<p><figure id=\"attachment_22826\" aria-describedby=\"caption-attachment-22826\" style=\"width: 1080px\" class=\"wp-caption aligncenter\"><a href=\"https:\/\/i0.wp.com\/terjebjornstad.com\/no\/wp-content\/uploads\/2019\/04\/hyundai-kona-5-1080x720.png?ssl=1\"><img data-recalc-dims=\"1\" loading=\"lazy\" decoding=\"async\" data-attachment-id=\"22826\" data-permalink=\"https:\/\/terjebjornstad.com\/no\/2019\/04\/13\/hyundai-kona-electric\/hyundai-kona-5-1080x720\/\" data-orig-file=\"https:\/\/i0.wp.com\/terjebjornstad.com\/no\/wp-content\/uploads\/2019\/04\/hyundai-kona-5-1080x720.png?fit=1080%2C720&amp;ssl=1\" data-orig-size=\"1080,720\" data-comments-opened=\"1\" data-image-meta=\"{&quot;aperture&quot;:&quot;0&quot;,&quot;credit&quot;:&quot;&quot;,&quot;camera&quot;:&quot;&quot;,&quot;caption&quot;:&quot;&quot;,&quot;created_timestamp&quot;:&quot;0&quot;,&quot;copyright&quot;:&quot;&quot;,&quot;focal_length&quot;:&quot;0&quot;,&quot;iso&quot;:&quot;0&quot;,&quot;shutter_speed&quot;:&quot;0&quot;,&quot;title&quot;:&quot;&quot;,&quot;orientation&quot;:&quot;0&quot;}\" data-image-title=\"hyundai-kona-5-1080&amp;#215;720\" data-image-description=\"\" data-image-caption=\"&lt;p&gt;Kompakt familiebil. Hyundai Kona.&lt;\/p&gt;\n\" data-large-file=\"https:\/\/i0.wp.com\/terjebjornstad.com\/no\/wp-content\/uploads\/2019\/04\/hyundai-kona-5-1080x720.png?fit=980%2C653&amp;ssl=1\" src=\"https:\/\/i0.wp.com\/terjebjornstad.com\/no\/wp-content\/uploads\/2019\/04\/hyundai-kona-5-1080x720.png?resize=980%2C653&#038;ssl=1\" alt=\"\" width=\"980\" height=\"653\" class=\"size-full wp-image-22826\" srcset=\"https:\/\/i0.wp.com\/terjebjornstad.com\/no\/wp-content\/uploads\/2019\/04\/hyundai-kona-5-1080x720.png?resize=1080%2C720&amp;ssl=1 1080w, https:\/\/i0.wp.com\/terjebjornstad.com\/no\/wp-content\/uploads\/2019\/04\/hyundai-kona-5-1080x720.png?resize=300%2C200&amp;ssl=1 300w, https:\/\/i0.wp.com\/terjebjornstad.com\/no\/wp-content\/uploads\/2019\/04\/hyundai-kona-5-1080x720.png?resize=768%2C512&amp;ssl=1 768w, https:\/\/i0.wp.com\/terjebjornstad.com\/no\/wp-content\/uploads\/2019\/04\/hyundai-kona-5-1080x720.png?resize=690%2C460&amp;ssl=1 690w, https:\/\/i0.wp.com\/terjebjornstad.com\/no\/wp-content\/uploads\/2019\/04\/hyundai-kona-5-1080x720.png?resize=980%2C653&amp;ssl=1 980w\" sizes=\"auto, (max-width: 980px) 100vw, 980px\" \/><\/a><figcaption id=\"caption-attachment-22826\" class=\"wp-caption-text\">Kompakt familiebil. Hyundai Kona.<\/figcaption><\/figure><\/p>\n<h3 class=\"tebh2\">Andre modeller<\/h3>\n<p><strong>Volkswagen ID.4 GTX<\/strong><br \/>\nVi nevnte at leveringstiden for Skoda Enyaq iV80X er 12 m\u00e5neder. Dette er hva Skoda-forhandlere oppgir akkurat n\u00e5. Volkswagen oppgir leveringstid for ID.4 GTX til 5 m\u00e5neder &#8211; alts\u00e5 innen sommerferien 2022. ID.4 GTX er imidlertid teknisk identisk med Enyaq iV80X. De to modellene bruker de samme databrikkene og burde s\u00e5ledes hatt like lange leveringstider. Siden flere modeller n\u00e5 \u00f8ker sine leveringstider, er det ikke uventet om Volkswagen blir tvunget til \u00e5 revurdere sine leveringstider. <\/p>\n<p><strong>Kinesiske biler<\/strong><br \/>\nDet ser ut til at kinesiske modeller ikke er like hardt rammet av leveransebristen p\u00e5 databrikker som vestlige modeller. Dette gjelder modeller som BYD Tang, Maxus Euniq, Polestar 2 og Xpeng G3. Mange er forel\u00f8pig skeptiske til \u00e5 kj\u00f8pe kinesiske bilmerker. Vedvarende leveransekrise for vestlige bilmerker kan gj\u00f8re at flere velger kinesisk.<\/p>\n<p><strong>Tesla Model 3 og Model Y<\/strong><br \/>\nTesla har utviklet et stort produksjonsanlegg i Shanghai, Kina, som fra i sommer leverer biler til Norge. De har oppgitt at de nylig har endret programvaren s\u00e5nn at den kan bruke andre databrikker &#8211; sannsynligvis levert fra kinesiske underleverand\u00f8rer. Tesla har leveranser til Norge hvert kvartal. Man f\u00e5r h\u00e5pe at bilene med nye brikker og ny programvare ikke har barnesykdommer n\u00e5r de kommer til Norge. Tesla har enkle konfigurasjoner &#8211; f\u00e5 valgmuligheter &#8211; noe som gj\u00f8r det enkelt \u00e5 velge biler fra lager eller b\u00e5t. <\/p>\n<p><figure id=\"attachment_40954\" aria-describedby=\"caption-attachment-40954\" style=\"width: 1080px\" class=\"wp-caption aligncenter\"><a href=\"https:\/\/terjebjornstad.com\/no\/wp-content\/uploads\/2021\/06\/volkswagen-id.4-1080x720-1.bmp\"><img loading=\"lazy\" decoding=\"async\" data-attachment-id=\"40954\" data-permalink=\"https:\/\/terjebjornstad.com\/no\/2021\/06\/11\/elbil-hybrid-eller-fossil-hva-er-best-for-deg\/volkswagen-id-4-1080x720\/\" data-orig-file=\"https:\/\/terjebjornstad.com\/no\/wp-content\/uploads\/2021\/06\/volkswagen-id.4-1080x720-1.bmp\" data-orig-size=\"1080,720\" data-comments-opened=\"1\" data-image-meta=\"{&quot;aperture&quot;:&quot;0&quot;,&quot;credit&quot;:&quot;&quot;,&quot;camera&quot;:&quot;&quot;,&quot;caption&quot;:&quot;&quot;,&quot;created_timestamp&quot;:&quot;0&quot;,&quot;copyright&quot;:&quot;&quot;,&quot;focal_length&quot;:&quot;0&quot;,&quot;iso&quot;:&quot;0&quot;,&quot;shutter_speed&quot;:&quot;0&quot;,&quot;title&quot;:&quot;&quot;,&quot;orientation&quot;:&quot;0&quot;}\" data-image-title=\"volkswagen-id.4-1080&amp;#215;720\" data-image-description=\"\" data-image-caption=\"&lt;p&gt;Volkswagen ID.4&lt;\/p&gt;\n\" data-large-file=\"https:\/\/terjebjornstad.com\/no\/wp-content\/uploads\/2021\/06\/volkswagen-id.4-1080x720-1.bmp\" src=\"https:\/\/terjebjornstad.com\/no\/wp-content\/uploads\/2021\/06\/volkswagen-id.4-1080x720-1.bmp\" alt=\"\" width=\"1080\" height=\"720\" class=\"size-full wp-image-40954\" \/><\/a><figcaption id=\"caption-attachment-40954\" class=\"wp-caption-text\">Volkswagen ID.4<\/figcaption><\/figure><\/p>\n<p><figure id=\"attachment_41139\" aria-describedby=\"caption-attachment-41139\" style=\"width: 1080px\" class=\"wp-caption aligncenter\"><a href=\"https:\/\/i0.wp.com\/terjebjornstad.com\/no\/wp-content\/uploads\/2021\/06\/34-id.4-1080x720-1.png?ssl=1\"><img data-recalc-dims=\"1\" loading=\"lazy\" decoding=\"async\" data-attachment-id=\"41139\" data-permalink=\"https:\/\/terjebjornstad.com\/no\/2021\/06\/18\/id-4-gir-mye-rekkevidde-for-pengene\/34-id-4-1080x720\/\" data-orig-file=\"https:\/\/i0.wp.com\/terjebjornstad.com\/no\/wp-content\/uploads\/2021\/06\/34-id.4-1080x720-1.png?fit=1080%2C720&amp;ssl=1\" data-orig-size=\"1080,720\" data-comments-opened=\"1\" data-image-meta=\"{&quot;aperture&quot;:&quot;0&quot;,&quot;credit&quot;:&quot;&quot;,&quot;camera&quot;:&quot;&quot;,&quot;caption&quot;:&quot;&quot;,&quot;created_timestamp&quot;:&quot;0&quot;,&quot;copyright&quot;:&quot;&quot;,&quot;focal_length&quot;:&quot;0&quot;,&quot;iso&quot;:&quot;0&quot;,&quot;shutter_speed&quot;:&quot;0&quot;,&quot;title&quot;:&quot;&quot;,&quot;orientation&quot;:&quot;0&quot;}\" data-image-title=\"34-id.4-1080&amp;#215;720\" data-image-description=\"\" data-image-caption=\"&lt;p&gt;Volkswagen ID.4&lt;\/p&gt;\n\" data-large-file=\"https:\/\/i0.wp.com\/terjebjornstad.com\/no\/wp-content\/uploads\/2021\/06\/34-id.4-1080x720-1.png?fit=980%2C653&amp;ssl=1\" src=\"https:\/\/i0.wp.com\/terjebjornstad.com\/no\/wp-content\/uploads\/2021\/06\/34-id.4-1080x720-1.png?resize=980%2C653&#038;ssl=1\" alt=\"id.4 test\" width=\"980\" height=\"653\" class=\"size-full wp-image-41139\" srcset=\"https:\/\/i0.wp.com\/terjebjornstad.com\/no\/wp-content\/uploads\/2021\/06\/34-id.4-1080x720-1.png?w=1080&amp;ssl=1 1080w, https:\/\/i0.wp.com\/terjebjornstad.com\/no\/wp-content\/uploads\/2021\/06\/34-id.4-1080x720-1.png?resize=300%2C200&amp;ssl=1 300w, https:\/\/i0.wp.com\/terjebjornstad.com\/no\/wp-content\/uploads\/2021\/06\/34-id.4-1080x720-1.png?resize=768%2C512&amp;ssl=1 768w, https:\/\/i0.wp.com\/terjebjornstad.com\/no\/wp-content\/uploads\/2021\/06\/34-id.4-1080x720-1.png?resize=690%2C460&amp;ssl=1 690w, https:\/\/i0.wp.com\/terjebjornstad.com\/no\/wp-content\/uploads\/2021\/06\/34-id.4-1080x720-1.png?resize=980%2C653&amp;ssl=1 980w\" sizes=\"auto, (max-width: 980px) 100vw, 980px\" \/><\/a><figcaption id=\"caption-attachment-41139\" class=\"wp-caption-text\">Volkswagen ID.4<\/figcaption><\/figure><\/p>\n<figure style=\"width: 1080px\" class=\"wp-caption aligncenter\"><a href=\"https:\/\/i0.wp.com\/terjebjornstad.com\/no\/wp-content\/uploads\/2021\/08\/1-xpeng-g3-1080x720-5.png?ssl=1\"><img data-recalc-dims=\"1\" loading=\"lazy\" decoding=\"async\" src=\"https:\/\/i0.wp.com\/terjebjornstad.com\/no\/wp-content\/uploads\/2021\/08\/1-xpeng-g3-1080x720-5.png?resize=980%2C552&#038;ssl=1\" width=\"980\" height=\"552\" alt=\"leveringstid\" class=\"size-full\" \/><\/a><figcaption class=\"wp-caption-text\">Xpeng G3 (foto: Jonny Bun\u00e6s)<\/figcaption><\/figure>\n<h3 class=\"tebh2\">Hvordan takle leveringstiden<\/h3>\n<p><strong>Sitte p\u00e5 gjerdet?<\/strong><br \/>\nEn m\u00e5te \u00e5 takle leveringstiden p\u00e5, er \u00e5 ikke skrive noen kontrakt f\u00f8r k\u00f8en er borte. Det h\u00f8res ut som \u00f8nsketenkning, men ved flere tidligere tilfeller har det vist seg at k\u00f8ene forsvinner raskt. Da Tesla 3 ble lansert, var leveringstiden p\u00e5 cirka 9 m\u00e5neder. Hvis man ventet til &laquo;alle&raquo; hadde f\u00e5tt, kunne man f\u00e5 bil med kort leveringstid &#8211; flere biler sto til og med p\u00e5 lager fra kj\u00f8pere som hadde trukket seg. Man f\u00e5r ikke bilen raskere enn andre ved \u00e5 sitte p\u00e5 gjerdet, men man f\u00e5r den nesten like raskt &#8211; og man slipper \u00e5 gj\u00f8re noen langsiktig binding. <\/p>\n<p><strong>Selg den gamle bilen i god tid!<\/strong><br \/>\nIkke alle bilforhandlere v\u00e5ger \u00e5 gi innbyttepris ett \u00e5r frem i tid. Er du avhengig av \u00e5 selge den gamle bilen selv f\u00f8r du f\u00e5r den nye &#8211; for eksempel p\u00e5 grunn av parkeringssituasjon eller cashflow &#8211; l\u00f8nner det seg \u00e5 selge bilen i god tid f\u00f8r den nye ankommer. Det tar gjerne flere uker \u00e5 selge en bil. Hvis du er tvunget til et raskt salg, m\u00e5 du droppe prisen. Det kan du tape flere titusener p\u00e5. V\u00e6r oppmerksom p\u00e5 at profesjonelle oppkj\u00f8pere vet \u00e5 utnytte &laquo;m\u00e5 selge&raquo;-situasjoner. I tiden fra den gamle bilen er levert til ny bil ankommer, kan du leie bil. Det finnes flere selskaper som har spesialisert seg p\u00e5 kortsiktig leie til privatpersoner. Her har kanskje forhandleren l\u00f8sninger, for eksempel ved \u00e5 ta i mot innbyttebil med \u00e9n gang og formidle leiebil i ventetiden.<\/p>\n<p><strong>V\u00e6r i dialog med forhandler!<\/strong><br \/>\nMens du venter p\u00e5 ny bil, b\u00f8r du v\u00e6re i l\u00f8pende kontakt med forhandler. Forhandlere med gode rutiner og systemer s\u00f8rger for \u00e5 holde kundene l\u00f8pende orientert. Hvis ikke b\u00f8r du sjekke opp status med din kontaktperson via mail eller telefon minst et par-tre ganger under ventetiden. Har din selger sluttet i firmaet, kan det nemlig hende at du selv m\u00e5 s\u00f8ke ny kontaktperson. Det finnes eksempler p\u00e5 at bilkj\u00f8pere har f\u00e5tt utsatt levering p\u00e5 grunn av rot i forhandlerens rekker.<\/p>\n<h5>&nbsp;<\/h5>\n<figure style=\"width: 1080px\" class=\"wp-caption aligncenter\"><a href=\"https:\/\/i0.wp.com\/terjebjornstad.com\/no\/wp-content\/uploads\/2021\/11\/190-skoda-enyaq-eidsfoss-1080x720-1.png?ssl=1\"><img data-recalc-dims=\"1\" loading=\"lazy\" decoding=\"async\" src=\"https:\/\/i0.wp.com\/terjebjornstad.com\/no\/wp-content\/uploads\/2021\/11\/190-skoda-enyaq-eidsfoss-1080x720-1.png?resize=980%2C653&#038;ssl=1\" width=\"980\" height=\"653\" alt=\"leveringstid\" class=\"size-full\" \/><\/a><figcaption class=\"wp-caption-text\">Skoda Enyaq<\/figcaption><\/figure>\n<h3>&nbsp;<\/h3>\n<\/div>\n","protected":false,"gt_translate_keys":[{"key":"rendered","format":"html"}]},"excerpt":{"rendered":"<p>Brikkemangel og stor ettersp\u00f8rsel f\u00e5r skylden for lange leveringstider p\u00e5 enkelte nye bilmodeller. Er det verdt \u00e5 vente p\u00e5 dr\u00f8mmebilen? Her er momentene du b\u00f8r ha i minnet. &nbsp; Leveringstider p\u00e5 et \u00e5r eller mer Er du p\u00e5 utkikk etter ny familie-elbil, har du sikkert vurdert Skoda Enyaq iV80X. Den tikker relevante bokser som: Rekkevidde, [&hellip;]<\/p>\n","protected":false,"gt_translate_keys":[{"key":"rendered","format":"html"}]},"author":1,"featured_media":44622,"comment_status":"open","ping_status":"open","sticky":false,"template":"","format":"standard","meta":{"_monsterinsights_skip_tracking":false,"_monsterinsights_sitenote_active":false,"_monsterinsights_sitenote_note":"","_monsterinsights_sitenote_category":0,"jetpack_post_was_ever_published":false,"_jetpack_newsletter_access":"","_jetpack_dont_email_post_to_subs":false,"_jetpack_newsletter_tier_id":0,"_jetpack_memberships_contains_paywalled_content":false,"_jetpack_memberships_contains_paid_content":false,"footnotes":"","jetpack_publicize_message":"","jetpack_publicize_feature_enabled":true,"jetpack_social_post_already_shared":true,"jetpack_social_options":{"image_generator_settings":{"template":"highway","default_image_id":0,"font":"","enabled":false},"version":2}},"categories":[34,2969,2137,3694,2979,3876],"tags":[3882,3878,3877,3880],"class_list":["post-44621","post","type-post","status-publish","format-standard","has-post-thumbnail","hentry","category-artikkel","category-bilkjop","category-elbil","category-enyaq","category-kjope","category-leveringstid","tag-kort-leveringstid","tag-lang-leveringstid","tag-lange-leveringstider","tag-leveringstider-leveringstid"],"yoast_head":"<!-- This site is optimized with the Yoast SEO plugin v27.5 - https:\/\/yoast.com\/product\/yoast-seo-wordpress\/ -->\n<title>Lang leveringstid p\u00e5 ny bil? - Terjes biler - Kj\u00f8pe og vente, eller...?<\/title>\n<meta name=\"description\" content=\"Brikkemangel f\u00e5r skylden for lang leveringstid p\u00e5 nye bilmodeller. Er det verdt \u00e5 vente p\u00e5 dr\u00f8mmebilen? Her er momentene du b\u00f8r ha i minnet.\" \/>\n<meta name=\"robots\" content=\"index, follow, max-snippet:-1, max-image-preview:large, max-video-preview:-1\" \/>\n<link rel=\"canonical\" href=\"https:\/\/terjebjornstad.com\/no\/2021\/11\/13\/leveringstid-pa-nye-biler\/\" \/>\n<meta property=\"og:locale\" content=\"nb_NO\" \/>\n<meta property=\"og:type\" content=\"article\" \/>\n<meta property=\"og:title\" content=\"Lang leveringstid p\u00e5 ny bil? - Terjes biler - Kj\u00f8pe og vente, eller...?\" \/>\n<meta property=\"og:description\" content=\"Brikkemangel f\u00e5r skylden for lang leveringstid p\u00e5 nye bilmodeller. Er det verdt \u00e5 vente p\u00e5 dr\u00f8mmebilen? Her er momentene du b\u00f8r ha i minnet.\" \/>\n<meta property=\"og:url\" content=\"https:\/\/terjebjornstad.com\/no\/2021\/11\/13\/leveringstid-pa-nye-biler\/\" \/>\n<meta property=\"og:site_name\" content=\"Terjes biler\" \/>\n<meta property=\"article:publisher\" content=\"https:\/\/www.facebook.com\/terjesbiler\/\" \/>\n<meta property=\"article:author\" content=\"https:\/\/www.facebook.com\/terjesbiler\" \/>\n<meta property=\"article:published_time\" content=\"2021-11-13T15:46:03+00:00\" \/>\n<meta property=\"article:modified_time\" content=\"2026-03-02T12:18:09+00:00\" \/>\n<meta property=\"og:image\" content=\"https:\/\/terjebjornstad.com\/no\/wp-content\/uploads\/2021\/11\/10-skoda-2023-686x457-1.png\" \/>\n\t<meta property=\"og:image:width\" content=\"686\" \/>\n\t<meta property=\"og:image:height\" content=\"457\" \/>\n\t<meta property=\"og:image:type\" content=\"image\/png\" \/>\n<meta name=\"author\" content=\"Terje Bj\u00f8rnstad\" \/>\n<meta name=\"twitter:card\" content=\"summary_large_image\" \/>\n<meta name=\"twitter:label1\" content=\"Skrevet av\" \/>\n\t<meta name=\"twitter:data1\" content=\"Terje Bj\u00f8rnstad\" \/>\n\t<meta name=\"twitter:label2\" content=\"Ansl. lesetid\" \/>\n\t<meta name=\"twitter:data2\" content=\"11 minutter\" \/>\n<script type=\"application\/ld+json\" class=\"yoast-schema-graph\">{\"@context\":\"https:\\\/\\\/schema.org\",\"@graph\":[{\"@type\":\"Article\",\"@id\":\"https:\\\/\\\/terjebjornstad.com\\\/no\\\/2021\\\/11\\\/13\\\/leveringstid-pa-nye-biler\\\/#article\",\"isPartOf\":{\"@id\":\"https:\\\/\\\/terjebjornstad.com\\\/no\\\/2021\\\/11\\\/13\\\/leveringstid-pa-nye-biler\\\/\"},\"author\":{\"name\":\"Terje Bj\u00f8rnstad\",\"@id\":\"https:\\\/\\\/terjebjornstad.com\\\/no\\\/#\\\/schema\\\/person\\\/a281f6a6e0f3cc9fe468e7f0c655aa65\"},\"headline\":\"Lang leveringstid p\u00e5 ny bil?\",\"datePublished\":\"2021-11-13T15:46:03+00:00\",\"dateModified\":\"2026-03-02T12:18:09+00:00\",\"mainEntityOfPage\":{\"@id\":\"https:\\\/\\\/terjebjornstad.com\\\/no\\\/2021\\\/11\\\/13\\\/leveringstid-pa-nye-biler\\\/\"},\"wordCount\":1609,\"commentCount\":0,\"publisher\":{\"@id\":\"https:\\\/\\\/terjebjornstad.com\\\/no\\\/#organization\"},\"image\":{\"@id\":\"https:\\\/\\\/terjebjornstad.com\\\/no\\\/2021\\\/11\\\/13\\\/leveringstid-pa-nye-biler\\\/#primaryimage\"},\"thumbnailUrl\":\"https:\\\/\\\/i0.wp.com\\\/terjebjornstad.com\\\/no\\\/wp-content\\\/uploads\\\/2021\\\/11\\\/10-skoda-2023-686x457-1.png?fit=686%2C457&ssl=1\",\"keywords\":[\"Kort leveringstid\",\"Lang leveringstid\",\"Lange leveringstider\",\"Leveringstid\"],\"articleSection\":[\"Artikkel\",\"Bilkj\u00f8p\",\"Elbil\",\"Enyaq\",\"Kj\u00f8pe bil\",\"Leveringstid\"],\"inLanguage\":\"nb-NO\",\"potentialAction\":[{\"@type\":\"CommentAction\",\"name\":\"Comment\",\"target\":[\"https:\\\/\\\/terjebjornstad.com\\\/no\\\/2021\\\/11\\\/13\\\/leveringstid-pa-nye-biler\\\/#respond\"]}]},{\"@type\":\"WebPage\",\"@id\":\"https:\\\/\\\/terjebjornstad.com\\\/no\\\/2021\\\/11\\\/13\\\/leveringstid-pa-nye-biler\\\/\",\"url\":\"https:\\\/\\\/terjebjornstad.com\\\/no\\\/2021\\\/11\\\/13\\\/leveringstid-pa-nye-biler\\\/\",\"name\":\"Lang leveringstid p\u00e5 ny bil? - Terjes biler - Kj\u00f8pe og vente, eller...?\",\"isPartOf\":{\"@id\":\"https:\\\/\\\/terjebjornstad.com\\\/no\\\/#website\"},\"primaryImageOfPage\":{\"@id\":\"https:\\\/\\\/terjebjornstad.com\\\/no\\\/2021\\\/11\\\/13\\\/leveringstid-pa-nye-biler\\\/#primaryimage\"},\"image\":{\"@id\":\"https:\\\/\\\/terjebjornstad.com\\\/no\\\/2021\\\/11\\\/13\\\/leveringstid-pa-nye-biler\\\/#primaryimage\"},\"thumbnailUrl\":\"https:\\\/\\\/i0.wp.com\\\/terjebjornstad.com\\\/no\\\/wp-content\\\/uploads\\\/2021\\\/11\\\/10-skoda-2023-686x457-1.png?fit=686%2C457&ssl=1\",\"datePublished\":\"2021-11-13T15:46:03+00:00\",\"dateModified\":\"2026-03-02T12:18:09+00:00\",\"description\":\"Brikkemangel f\u00e5r skylden for lang leveringstid p\u00e5 nye bilmodeller. Er det verdt \u00e5 vente p\u00e5 dr\u00f8mmebilen? Her er momentene du b\u00f8r ha i minnet.\",\"breadcrumb\":{\"@id\":\"https:\\\/\\\/terjebjornstad.com\\\/no\\\/2021\\\/11\\\/13\\\/leveringstid-pa-nye-biler\\\/#breadcrumb\"},\"inLanguage\":\"nb-NO\",\"potentialAction\":[{\"@type\":\"ReadAction\",\"target\":[\"https:\\\/\\\/terjebjornstad.com\\\/no\\\/2021\\\/11\\\/13\\\/leveringstid-pa-nye-biler\\\/\"]}]},{\"@type\":\"ImageObject\",\"inLanguage\":\"nb-NO\",\"@id\":\"https:\\\/\\\/terjebjornstad.com\\\/no\\\/2021\\\/11\\\/13\\\/leveringstid-pa-nye-biler\\\/#primaryimage\",\"url\":\"https:\\\/\\\/i0.wp.com\\\/terjebjornstad.com\\\/no\\\/wp-content\\\/uploads\\\/2021\\\/11\\\/10-skoda-2023-686x457-1.png?fit=686%2C457&ssl=1\",\"contentUrl\":\"https:\\\/\\\/i0.wp.com\\\/terjebjornstad.com\\\/no\\\/wp-content\\\/uploads\\\/2021\\\/11\\\/10-skoda-2023-686x457-1.png?fit=686%2C457&ssl=1\",\"width\":686,\"height\":457,\"caption\":\"Lang ventetid p\u00e5 fullverdig familiebil fra Skoda\"},{\"@type\":\"BreadcrumbList\",\"@id\":\"https:\\\/\\\/terjebjornstad.com\\\/no\\\/2021\\\/11\\\/13\\\/leveringstid-pa-nye-biler\\\/#breadcrumb\",\"itemListElement\":[{\"@type\":\"ListItem\",\"position\":1,\"name\":\"Hjem\",\"item\":\"https:\\\/\\\/terjebjornstad.com\\\/no\\\/\"},{\"@type\":\"ListItem\",\"position\":2,\"name\":\"Lang leveringstid p\u00e5 ny bil?\"}]},{\"@type\":\"WebSite\",\"@id\":\"https:\\\/\\\/terjebjornstad.com\\\/no\\\/#website\",\"url\":\"https:\\\/\\\/terjebjornstad.com\\\/no\\\/\",\"name\":\"Terjes biler\",\"description\":\"HONEST ABOUT CARS\",\"publisher\":{\"@id\":\"https:\\\/\\\/terjebjornstad.com\\\/no\\\/#organization\"},\"alternateName\":\"Terjebjornstad.com\",\"potentialAction\":[{\"@type\":\"SearchAction\",\"target\":{\"@type\":\"EntryPoint\",\"urlTemplate\":\"https:\\\/\\\/terjebjornstad.com\\\/no\\\/?s={search_term_string}\"},\"query-input\":{\"@type\":\"PropertyValueSpecification\",\"valueRequired\":true,\"valueName\":\"search_term_string\"}}],\"inLanguage\":\"nb-NO\"},{\"@type\":\"Organization\",\"@id\":\"https:\\\/\\\/terjebjornstad.com\\\/no\\\/#organization\",\"name\":\"Terje Bj\u00f8rnstad ENK\",\"url\":\"https:\\\/\\\/terjebjornstad.com\\\/no\\\/\",\"logo\":{\"@type\":\"ImageObject\",\"inLanguage\":\"nb-NO\",\"@id\":\"https:\\\/\\\/terjebjornstad.com\\\/no\\\/#\\\/schema\\\/logo\\\/image\\\/\",\"url\":\"https:\\\/\\\/i0.wp.com\\\/terjebjornstad.com\\\/no\\\/wp-content\\\/uploads\\\/2026\\\/02\\\/terjesbiler2024-960x354-1.png?fit=960%2C354&ssl=1\",\"contentUrl\":\"https:\\\/\\\/i0.wp.com\\\/terjebjornstad.com\\\/no\\\/wp-content\\\/uploads\\\/2026\\\/02\\\/terjesbiler2024-960x354-1.png?fit=960%2C354&ssl=1\",\"width\":960,\"height\":354,\"caption\":\"Terje Bj\u00f8rnstad ENK\"},\"image\":{\"@id\":\"https:\\\/\\\/terjebjornstad.com\\\/no\\\/#\\\/schema\\\/logo\\\/image\\\/\"},\"sameAs\":[\"https:\\\/\\\/www.facebook.com\\\/terjesbiler\\\/\",\"https:\\\/\\\/www.instagram.com\\\/terjesbiler\\\/\",\"https:\\\/\\\/www.pinteres.com\\\/terjebjrnstad\\\/terjes-biler\\\/\"]},{\"@type\":\"Person\",\"@id\":\"https:\\\/\\\/terjebjornstad.com\\\/no\\\/#\\\/schema\\\/person\\\/a281f6a6e0f3cc9fe468e7f0c655aa65\",\"name\":\"Terje Bj\u00f8rnstad\",\"image\":{\"@type\":\"ImageObject\",\"inLanguage\":\"nb-NO\",\"@id\":\"https:\\\/\\\/secure.gravatar.com\\\/avatar\\\/e8dff505b51cf6cb67ae06a06022d2049aac2da1e79dc146a36b58798c4b40ea?s=96&d=mm&r=g\",\"url\":\"https:\\\/\\\/secure.gravatar.com\\\/avatar\\\/e8dff505b51cf6cb67ae06a06022d2049aac2da1e79dc146a36b58798c4b40ea?s=96&d=mm&r=g\",\"contentUrl\":\"https:\\\/\\\/secure.gravatar.com\\\/avatar\\\/e8dff505b51cf6cb67ae06a06022d2049aac2da1e79dc146a36b58798c4b40ea?s=96&d=mm&r=g\",\"caption\":\"Terje Bj\u00f8rnstad\"},\"description\":\"Terje Bj\u00f8rnstad. Bloggadministrator, hobbyfotograf og bilnerd.\",\"sameAs\":[\"https:\\\/\\\/www.facebook.com\\\/terjesbiler\",\"https:\\\/\\\/www.instagram.com\\\/terjesbiler\",\"https:\\\/\\\/no.pinterest.com\\\/terjebjrnstad\",\"https:\\\/\\\/www.youtube.com\\\/channel\\\/UCzCKJJDybyIgKqatc_JQqIg\"]}]}<\/script>\n<!-- \/ Yoast SEO plugin. -->","yoast_head_json":{"title":"Lang leveringstid p\u00e5 ny bil? - Terjes biler - Kj\u00f8pe og vente, eller...?","description":"Brikkemangel f\u00e5r skylden for lang leveringstid p\u00e5 nye bilmodeller. Er det verdt \u00e5 vente p\u00e5 dr\u00f8mmebilen? Her er momentene du b\u00f8r ha i minnet.","robots":{"index":"index","follow":"follow","max-snippet":"max-snippet:-1","max-image-preview":"max-image-preview:large","max-video-preview":"max-video-preview:-1"},"canonical":"https:\/\/terjebjornstad.com\/no\/2021\/11\/13\/leveringstid-pa-nye-biler\/","og_locale":"nb_NO","og_type":"article","og_title":"Lang leveringstid p\u00e5 ny bil? - Terjes biler - Kj\u00f8pe og vente, eller...?","og_description":"Brikkemangel f\u00e5r skylden for lang leveringstid p\u00e5 nye bilmodeller. Er det verdt \u00e5 vente p\u00e5 dr\u00f8mmebilen? Her er momentene du b\u00f8r ha i minnet.","og_url":"https:\/\/terjebjornstad.com\/no\/2021\/11\/13\/leveringstid-pa-nye-biler\/","og_site_name":"Terjes biler","article_publisher":"https:\/\/www.facebook.com\/terjesbiler\/","article_author":"https:\/\/www.facebook.com\/terjesbiler","article_published_time":"2021-11-13T15:46:03+00:00","article_modified_time":"2026-03-02T12:18:09+00:00","og_image":[{"width":686,"height":457,"url":"https:\/\/terjebjornstad.com\/no\/wp-content\/uploads\/2021\/11\/10-skoda-2023-686x457-1.png","type":"image\/png"}],"author":"Terje Bj\u00f8rnstad","twitter_card":"summary_large_image","twitter_misc":{"Skrevet av":"Terje Bj\u00f8rnstad","Ansl. lesetid":"11 minutter"},"schema":{"@context":"https:\/\/schema.org","@graph":[{"@type":"Article","@id":"https:\/\/terjebjornstad.com\/no\/2021\/11\/13\/leveringstid-pa-nye-biler\/#article","isPartOf":{"@id":"https:\/\/terjebjornstad.com\/no\/2021\/11\/13\/leveringstid-pa-nye-biler\/"},"author":{"name":"Terje Bj\u00f8rnstad","@id":"https:\/\/terjebjornstad.com\/no\/#\/schema\/person\/a281f6a6e0f3cc9fe468e7f0c655aa65"},"headline":"Lang leveringstid p\u00e5 ny bil?","datePublished":"2021-11-13T15:46:03+00:00","dateModified":"2026-03-02T12:18:09+00:00","mainEntityOfPage":{"@id":"https:\/\/terjebjornstad.com\/no\/2021\/11\/13\/leveringstid-pa-nye-biler\/"},"wordCount":1609,"commentCount":0,"publisher":{"@id":"https:\/\/terjebjornstad.com\/no\/#organization"},"image":{"@id":"https:\/\/terjebjornstad.com\/no\/2021\/11\/13\/leveringstid-pa-nye-biler\/#primaryimage"},"thumbnailUrl":"https:\/\/i0.wp.com\/terjebjornstad.com\/no\/wp-content\/uploads\/2021\/11\/10-skoda-2023-686x457-1.png?fit=686%2C457&ssl=1","keywords":["Kort leveringstid","Lang leveringstid","Lange leveringstider","Leveringstid"],"articleSection":["Artikkel","Bilkj\u00f8p","Elbil","Enyaq","Kj\u00f8pe bil","Leveringstid"],"inLanguage":"nb-NO","potentialAction":[{"@type":"CommentAction","name":"Comment","target":["https:\/\/terjebjornstad.com\/no\/2021\/11\/13\/leveringstid-pa-nye-biler\/#respond"]}]},{"@type":"WebPage","@id":"https:\/\/terjebjornstad.com\/no\/2021\/11\/13\/leveringstid-pa-nye-biler\/","url":"https:\/\/terjebjornstad.com\/no\/2021\/11\/13\/leveringstid-pa-nye-biler\/","name":"Lang leveringstid p\u00e5 ny bil? - Terjes biler - Kj\u00f8pe og vente, eller...?","isPartOf":{"@id":"https:\/\/terjebjornstad.com\/no\/#website"},"primaryImageOfPage":{"@id":"https:\/\/terjebjornstad.com\/no\/2021\/11\/13\/leveringstid-pa-nye-biler\/#primaryimage"},"image":{"@id":"https:\/\/terjebjornstad.com\/no\/2021\/11\/13\/leveringstid-pa-nye-biler\/#primaryimage"},"thumbnailUrl":"https:\/\/i0.wp.com\/terjebjornstad.com\/no\/wp-content\/uploads\/2021\/11\/10-skoda-2023-686x457-1.png?fit=686%2C457&ssl=1","datePublished":"2021-11-13T15:46:03+00:00","dateModified":"2026-03-02T12:18:09+00:00","description":"Brikkemangel f\u00e5r skylden for lang leveringstid p\u00e5 nye bilmodeller. Er det verdt \u00e5 vente p\u00e5 dr\u00f8mmebilen? Her er momentene du b\u00f8r ha i minnet.","breadcrumb":{"@id":"https:\/\/terjebjornstad.com\/no\/2021\/11\/13\/leveringstid-pa-nye-biler\/#breadcrumb"},"inLanguage":"nb-NO","potentialAction":[{"@type":"ReadAction","target":["https:\/\/terjebjornstad.com\/no\/2021\/11\/13\/leveringstid-pa-nye-biler\/"]}]},{"@type":"ImageObject","inLanguage":"nb-NO","@id":"https:\/\/terjebjornstad.com\/no\/2021\/11\/13\/leveringstid-pa-nye-biler\/#primaryimage","url":"https:\/\/i0.wp.com\/terjebjornstad.com\/no\/wp-content\/uploads\/2021\/11\/10-skoda-2023-686x457-1.png?fit=686%2C457&ssl=1","contentUrl":"https:\/\/i0.wp.com\/terjebjornstad.com\/no\/wp-content\/uploads\/2021\/11\/10-skoda-2023-686x457-1.png?fit=686%2C457&ssl=1","width":686,"height":457,"caption":"Lang ventetid p\u00e5 fullverdig familiebil fra Skoda"},{"@type":"BreadcrumbList","@id":"https:\/\/terjebjornstad.com\/no\/2021\/11\/13\/leveringstid-pa-nye-biler\/#breadcrumb","itemListElement":[{"@type":"ListItem","position":1,"name":"Hjem","item":"https:\/\/terjebjornstad.com\/no\/"},{"@type":"ListItem","position":2,"name":"Lang leveringstid p\u00e5 ny bil?"}]},{"@type":"WebSite","@id":"https:\/\/terjebjornstad.com\/no\/#website","url":"https:\/\/terjebjornstad.com\/no\/","name":"Terjes biler","description":"HONEST ABOUT CARS","publisher":{"@id":"https:\/\/terjebjornstad.com\/no\/#organization"},"alternateName":"Terjebjornstad.com","potentialAction":[{"@type":"SearchAction","target":{"@type":"EntryPoint","urlTemplate":"https:\/\/terjebjornstad.com\/no\/?s={search_term_string}"},"query-input":{"@type":"PropertyValueSpecification","valueRequired":true,"valueName":"search_term_string"}}],"inLanguage":"nb-NO"},{"@type":"Organization","@id":"https:\/\/terjebjornstad.com\/no\/#organization","name":"Terje Bj\u00f8rnstad ENK","url":"https:\/\/terjebjornstad.com\/no\/","logo":{"@type":"ImageObject","inLanguage":"nb-NO","@id":"https:\/\/terjebjornstad.com\/no\/#\/schema\/logo\/image\/","url":"https:\/\/i0.wp.com\/terjebjornstad.com\/no\/wp-content\/uploads\/2026\/02\/terjesbiler2024-960x354-1.png?fit=960%2C354&ssl=1","contentUrl":"https:\/\/i0.wp.com\/terjebjornstad.com\/no\/wp-content\/uploads\/2026\/02\/terjesbiler2024-960x354-1.png?fit=960%2C354&ssl=1","width":960,"height":354,"caption":"Terje Bj\u00f8rnstad ENK"},"image":{"@id":"https:\/\/terjebjornstad.com\/no\/#\/schema\/logo\/image\/"},"sameAs":["https:\/\/www.facebook.com\/terjesbiler\/","https:\/\/www.instagram.com\/terjesbiler\/","https:\/\/www.pinteres.com\/terjebjrnstad\/terjes-biler\/"]},{"@type":"Person","@id":"https:\/\/terjebjornstad.com\/no\/#\/schema\/person\/a281f6a6e0f3cc9fe468e7f0c655aa65","name":"Terje Bj\u00f8rnstad","image":{"@type":"ImageObject","inLanguage":"nb-NO","@id":"https:\/\/secure.gravatar.com\/avatar\/e8dff505b51cf6cb67ae06a06022d2049aac2da1e79dc146a36b58798c4b40ea?s=96&d=mm&r=g","url":"https:\/\/secure.gravatar.com\/avatar\/e8dff505b51cf6cb67ae06a06022d2049aac2da1e79dc146a36b58798c4b40ea?s=96&d=mm&r=g","contentUrl":"https:\/\/secure.gravatar.com\/avatar\/e8dff505b51cf6cb67ae06a06022d2049aac2da1e79dc146a36b58798c4b40ea?s=96&d=mm&r=g","caption":"Terje Bj\u00f8rnstad"},"description":"Terje Bj\u00f8rnstad. Bloggadministrator, hobbyfotograf og bilnerd.","sameAs":["https:\/\/www.facebook.com\/terjesbiler","https:\/\/www.instagram.com\/terjesbiler","https:\/\/no.pinterest.com\/terjebjrnstad","https:\/\/www.youtube.com\/channel\/UCzCKJJDybyIgKqatc_JQqIg"]}]}},"jetpack_publicize_connections":[],"jetpack_featured_media_url":"https:\/\/i0.wp.com\/terjebjornstad.com\/no\/wp-content\/uploads\/2021\/11\/10-skoda-2023-686x457-1.png?fit=686%2C457&ssl=1","jetpack_sharing_enabled":true,"jetpack_shortlink":"https:\/\/wp.me\/p48zYA-bBH","jetpack-related-posts":[{"id":22610,"url":"https:\/\/terjebjornstad.com\/no\/2019\/03\/27\/ventepolser-i-bilbransjen\/","url_meta":{"origin":44621,"position":0},"title":"Ventep\u00f8lser i bilbransjen","author":"Terje Bj\u00f8rnstad","date":"27\/03\/2019","format":false,"excerpt":"N\u00e5r grillen er tent og f\u00f8rste \u00f8l er t\u00f8mt, legger man gjerne p\u00e5 et par \"ventep\u00f8lser\" sammen med de langt mer h\u00f8yverdige kj\u00f8ttstykkene man skal nyte senere p\u00e5 kvelden. P\u00f8lsene, som er ferdige p\u00e5 et par minutter, d\u00f8yver sultf\u00f8lelsen og ventetiden til hovedretten blir klar. Ventetiden foran grillen kan ikke\u2026","rel":"","context":"i &quot;Artikkel&quot;","block_context":{"text":"Artikkel","link":"https:\/\/terjebjornstad.com\/no\/category\/artikkel\/"},"img":{"alt_text":"","src":"https:\/\/i0.wp.com\/terjebjornstad.com\/no\/wp-content\/uploads\/2019\/03\/soulplusioniq-686x457-2.png?fit=686%2C457&ssl=1&resize=350%2C200","width":350,"height":200,"srcset":"https:\/\/i0.wp.com\/terjebjornstad.com\/no\/wp-content\/uploads\/2019\/03\/soulplusioniq-686x457-2.png?fit=686%2C457&ssl=1&resize=350%2C200 1x, https:\/\/i0.wp.com\/terjebjornstad.com\/no\/wp-content\/uploads\/2019\/03\/soulplusioniq-686x457-2.png?fit=686%2C457&ssl=1&resize=525%2C300 1.5x"},"classes":[]},{"id":41769,"url":"https:\/\/terjebjornstad.com\/no\/2021\/07\/15\/skoda-enyaq-iv80-pa-hoyde-med-de-beste\/","url_meta":{"origin":44621,"position":1},"title":"Skoda Enyaq iV80 &#8211; P\u00e5 h\u00f8yde med de beste","author":"Terje Bj\u00f8rnstad","date":"15\/07\/2021","format":false,"excerpt":"Skoda Enyaq bygger p\u00e5 Volkswagen-gruppens MEB-plattform - samme lest som blant annet ID.4. V\u00e5r Enyaq var utstyrt med 77 Kwh batteri, bakhjulsdrift og lang rekkevidde. \u00a0 Ser ikke ut som noen elbil Da jeg fikk se Enyaq for f\u00f8rste gang, m\u00e5tte jeg se to ganger - \u00e9n gang p\u00e5 bilen\u2026","rel":"","context":"i &quot;Artikkel&quot;","block_context":{"text":"Artikkel","link":"https:\/\/terjebjornstad.com\/no\/category\/artikkel\/"},"img":{"alt_text":"skoda enyaq","src":"https:\/\/i0.wp.com\/terjebjornstad.com\/no\/wp-content\/uploads\/2021\/07\/skoda-enyaq-80-3-1080x720-1.png?fit=1080%2C720&ssl=1&resize=350%2C200","width":350,"height":200,"srcset":"https:\/\/i0.wp.com\/terjebjornstad.com\/no\/wp-content\/uploads\/2021\/07\/skoda-enyaq-80-3-1080x720-1.png?fit=1080%2C720&ssl=1&resize=350%2C200 1x, https:\/\/i0.wp.com\/terjebjornstad.com\/no\/wp-content\/uploads\/2021\/07\/skoda-enyaq-80-3-1080x720-1.png?fit=1080%2C720&ssl=1&resize=525%2C300 1.5x, https:\/\/i0.wp.com\/terjebjornstad.com\/no\/wp-content\/uploads\/2021\/07\/skoda-enyaq-80-3-1080x720-1.png?fit=1080%2C720&ssl=1&resize=700%2C400 2x, https:\/\/i0.wp.com\/terjebjornstad.com\/no\/wp-content\/uploads\/2021\/07\/skoda-enyaq-80-3-1080x720-1.png?fit=1080%2C720&ssl=1&resize=1050%2C600 3x"},"classes":[]},{"id":65249,"url":"https:\/\/terjebjornstad.com\/no\/2023\/10\/31\/ford-explorer-verdt-a-vente\/","url_meta":{"origin":44621,"position":2},"title":"Ford Explorer &#8211; verdt \u00e5 vente?","author":"Terje Bj\u00f8rnstad","date":"31\/10\/2023","format":false,"excerpt":"De f\u00f8rste bilene av Fords nye Explorer kan trolig leveres fra juni neste \u00e5r. Ford Norge regner med \u00e5 \u00e5pne for bestilling til v\u00e5ren. Vi har fors\u00f8kt \u00e5 titte Ford i kortene. Er det verdt \u00e5 vente? P\u00e5 Norgesturn\u00e9 For tiden kj\u00f8res en ny Ford Explorer rundt til norske forhandlere.\u2026","rel":"","context":"i &quot;Artikkel&quot;","block_context":{"text":"Artikkel","link":"https:\/\/terjebjornstad.com\/no\/category\/artikkel\/"},"img":{"alt_text":"","src":"https:\/\/i0.wp.com\/terjebjornstad.com\/no\/wp-content\/uploads\/2023\/10\/ford-explorer-1-1920x1280-1.jpg?fit=1200%2C800&ssl=1&resize=350%2C200","width":350,"height":200,"srcset":"https:\/\/i0.wp.com\/terjebjornstad.com\/no\/wp-content\/uploads\/2023\/10\/ford-explorer-1-1920x1280-1.jpg?fit=1200%2C800&ssl=1&resize=350%2C200 1x, https:\/\/i0.wp.com\/terjebjornstad.com\/no\/wp-content\/uploads\/2023\/10\/ford-explorer-1-1920x1280-1.jpg?fit=1200%2C800&ssl=1&resize=525%2C300 1.5x, https:\/\/i0.wp.com\/terjebjornstad.com\/no\/wp-content\/uploads\/2023\/10\/ford-explorer-1-1920x1280-1.jpg?fit=1200%2C800&ssl=1&resize=700%2C400 2x, https:\/\/i0.wp.com\/terjebjornstad.com\/no\/wp-content\/uploads\/2023\/10\/ford-explorer-1-1920x1280-1.jpg?fit=1200%2C800&ssl=1&resize=1050%2C600 3x"},"classes":[]},{"id":45248,"url":"https:\/\/terjebjornstad.com\/no\/2021\/12\/09\/dfsk-nio-xpeng-hongqi-biler-fra-kina\/","url_meta":{"origin":44621,"position":3},"title":"Hver 3. elbil fra Kina","author":"Terje Bj\u00f8rnstad","date":"09\/12\/2021","format":false,"excerpt":"For ett \u00e5r siden skrev jeg om kinesiske biler under tittelen \"Kineserne kommer!\" Da var andelen kinesiske biler ubetydelig. Ser vi p\u00e5 registreringsstatistikken er 30% av alle elbiler kinesiske - og prosentandelen er stigende *) \u00a0 De aller f\u00f8rste kinesiske elbilene For bare ett \u00e5r siden - i desember 2020\u2026","rel":"","context":"i &quot;Artikkel&quot;","block_context":{"text":"Artikkel","link":"https:\/\/terjebjornstad.com\/no\/category\/artikkel\/"},"img":{"alt_text":"hongqi norge","src":"https:\/\/i0.wp.com\/terjebjornstad.com\/no\/wp-content\/uploads\/2021\/12\/1-byd-dolphin-720x306-1.png?fit=720%2C306&ssl=1&resize=350%2C200","width":350,"height":200,"srcset":"https:\/\/i0.wp.com\/terjebjornstad.com\/no\/wp-content\/uploads\/2021\/12\/1-byd-dolphin-720x306-1.png?fit=720%2C306&ssl=1&resize=350%2C200 1x, https:\/\/i0.wp.com\/terjebjornstad.com\/no\/wp-content\/uploads\/2021\/12\/1-byd-dolphin-720x306-1.png?fit=720%2C306&ssl=1&resize=525%2C300 1.5x, https:\/\/i0.wp.com\/terjebjornstad.com\/no\/wp-content\/uploads\/2021\/12\/1-byd-dolphin-720x306-1.png?fit=720%2C306&ssl=1&resize=700%2C400 2x"},"classes":[]},{"id":42584,"url":"https:\/\/terjebjornstad.com\/no\/2021\/08\/22\/ladeforviklinger-i-sverige\/","url_meta":{"origin":44621,"position":4},"title":"Ladeforviklinger i Sverige","author":"Terje Bj\u00f8rnstad","date":"22\/08\/2021","format":false,"excerpt":"Infrastrukturen for elbilbrukere er ikke like godt utbygget i Sverige. Hvis du skal kj\u00f8re elbil inn i Sverige, b\u00f8r du lese dette innlegget skrevet av Jonny Bun\u00e6s. \u00a0 Xpeng var god \u00e5 kj\u00f8re, men vi fikk oppleve hvor katastrofalt d\u00e5rlig ladenettverket er utbygget i Sverige. Det minnet meg om hvordan\u2026","rel":"","context":"i &quot;Artikkel&quot;","block_context":{"text":"Artikkel","link":"https:\/\/terjebjornstad.com\/no\/category\/artikkel\/"},"img":{"alt_text":"leveringstid","src":"https:\/\/i0.wp.com\/terjebjornstad.com\/no\/wp-content\/uploads\/2021\/08\/1-xpeng-g3-1080x720-5.png?fit=1080%2C608&ssl=1&resize=350%2C200","width":350,"height":200,"srcset":"https:\/\/i0.wp.com\/terjebjornstad.com\/no\/wp-content\/uploads\/2021\/08\/1-xpeng-g3-1080x720-5.png?fit=1080%2C608&ssl=1&resize=350%2C200 1x, https:\/\/i0.wp.com\/terjebjornstad.com\/no\/wp-content\/uploads\/2021\/08\/1-xpeng-g3-1080x720-5.png?fit=1080%2C608&ssl=1&resize=525%2C300 1.5x, https:\/\/i0.wp.com\/terjebjornstad.com\/no\/wp-content\/uploads\/2021\/08\/1-xpeng-g3-1080x720-5.png?fit=1080%2C608&ssl=1&resize=700%2C400 2x, https:\/\/i0.wp.com\/terjebjornstad.com\/no\/wp-content\/uploads\/2021\/08\/1-xpeng-g3-1080x720-5.png?fit=1080%2C608&ssl=1&resize=1050%2C600 3x"},"classes":[]},{"id":57796,"url":"https:\/\/terjebjornstad.com\/no\/2023\/03\/12\/nio-et5-pa-norsk-jord\/","url_meta":{"origin":44621,"position":5},"title":"NIO ET5 p\u00e5 norsk jord","author":"Terje Bj\u00f8rnstad","date":"12\/03\/2023","format":false,"excerpt":"ET5 er NIOs f\u00f8rste modell som havner under mva-grensen. N\u00e5 er f\u00f8rste leveranse av biler ankommet Norge for utpakking og klargj\u00f8ring. Hvis jeg ikke husker feil, stemmer tidspunktet for bilenes ankomst godt med hva jeg fikk oppgitt for ett \u00e5r siden. Asbj\u00f8rn Mitusch, pressetalsmann for NIO Norge, vil ikke avsl\u00f8re\u2026","rel":"","context":"i &quot;Artikkel&quot;","block_context":{"text":"Artikkel","link":"https:\/\/terjebjornstad.com\/no\/category\/artikkel\/"},"img":{"alt_text":"","src":"https:\/\/i0.wp.com\/terjebjornstad.com\/no\/wp-content\/uploads\/2023\/03\/nio-et5-DSC01111-1920x1080-1.jpg?fit=1200%2C676&ssl=1&resize=350%2C200","width":350,"height":200,"srcset":"https:\/\/i0.wp.com\/terjebjornstad.com\/no\/wp-content\/uploads\/2023\/03\/nio-et5-DSC01111-1920x1080-1.jpg?fit=1200%2C676&ssl=1&resize=350%2C200 1x, https:\/\/i0.wp.com\/terjebjornstad.com\/no\/wp-content\/uploads\/2023\/03\/nio-et5-DSC01111-1920x1080-1.jpg?fit=1200%2C676&ssl=1&resize=525%2C300 1.5x, https:\/\/i0.wp.com\/terjebjornstad.com\/no\/wp-content\/uploads\/2023\/03\/nio-et5-DSC01111-1920x1080-1.jpg?fit=1200%2C676&ssl=1&resize=700%2C400 2x, https:\/\/i0.wp.com\/terjebjornstad.com\/no\/wp-content\/uploads\/2023\/03\/nio-et5-DSC01111-1920x1080-1.jpg?fit=1200%2C676&ssl=1&resize=1050%2C600 3x"},"classes":[]}],"gt_translate_keys":[{"key":"link","format":"url"}],"_links":{"self":[{"href":"https:\/\/terjebjornstad.com\/no\/wp-json\/wp\/v2\/posts\/44621","targetHints":{"allow":["GET"]}}],"collection":[{"href":"https:\/\/terjebjornstad.com\/no\/wp-json\/wp\/v2\/posts"}],"about":[{"href":"https:\/\/terjebjornstad.com\/no\/wp-json\/wp\/v2\/types\/post"}],"author":[{"embeddable":true,"href":"https:\/\/terjebjornstad.com\/no\/wp-json\/wp\/v2\/users\/1"}],"replies":[{"embeddable":true,"href":"https:\/\/terjebjornstad.com\/no\/wp-json\/wp\/v2\/comments?post=44621"}],"version-history":[{"count":34,"href":"https:\/\/terjebjornstad.com\/no\/wp-json\/wp\/v2\/posts\/44621\/revisions"}],"predecessor-version":[{"id":90386,"href":"https:\/\/terjebjornstad.com\/no\/wp-json\/wp\/v2\/posts\/44621\/revisions\/90386"}],"wp:featuredmedia":[{"embeddable":true,"href":"https:\/\/terjebjornstad.com\/no\/wp-json\/wp\/v2\/media\/44622"}],"wp:attachment":[{"href":"https:\/\/terjebjornstad.com\/no\/wp-json\/wp\/v2\/media?parent=44621"}],"wp:term":[{"taxonomy":"category","embeddable":true,"href":"https:\/\/terjebjornstad.com\/no\/wp-json\/wp\/v2\/categories?post=44621"},{"taxonomy":"post_tag","embeddable":true,"href":"https:\/\/terjebjornstad.com\/no\/wp-json\/wp\/v2\/tags?post=44621"}],"curies":[{"name":"wp","href":"https:\/\/api.w.org\/{rel}","templated":true}]}}