{"id":42584,"date":"2021-08-22T02:10:11","date_gmt":"2021-08-22T01:10:11","guid":{"rendered":"https:\/\/terjebjornstad.com\/no\/?p=42584"},"modified":"2024-06-14T10:06:47","modified_gmt":"2024-06-14T09:06:47","slug":"ladeforviklinger-i-sverige","status":"publish","type":"post","link":"https:\/\/terjebjornstad.com\/no\/2021\/08\/22\/ladeforviklinger-i-sverige\/","title":{"rendered":"Ladeforviklinger i Sverige","gt_translate_keys":[{"key":"rendered","format":"text"}]},"content":{"rendered":"<div class=\"copy_teb\"><figure id=\"attachment_42581\" aria-describedby=\"caption-attachment-42581\" style=\"width: 1080px\" class=\"wp-caption aligncenter\"><a href=\"https:\/\/i0.wp.com\/terjebjornstad.com\/no\/wp-content\/uploads\/2021\/08\/1-xpeng-g3-1080x720-5.png?ssl=1\"><img data-recalc-dims=\"1\" loading=\"lazy\" decoding=\"async\" data-attachment-id=\"42581\" data-permalink=\"https:\/\/terjebjornstad.com\/no\/2022\/03\/06\/ladbare-veier-med-induksjon\/1-xpeng-g3-1080x720-5\/\" data-orig-file=\"https:\/\/i0.wp.com\/terjebjornstad.com\/no\/wp-content\/uploads\/2021\/08\/1-xpeng-g3-1080x720-5.png?fit=1080%2C608&amp;ssl=1\" data-orig-size=\"1080,608\" data-comments-opened=\"1\" data-image-meta=\"{&quot;aperture&quot;:&quot;0&quot;,&quot;credit&quot;:&quot;&quot;,&quot;camera&quot;:&quot;&quot;,&quot;caption&quot;:&quot;&quot;,&quot;created_timestamp&quot;:&quot;0&quot;,&quot;copyright&quot;:&quot;&quot;,&quot;focal_length&quot;:&quot;0&quot;,&quot;iso&quot;:&quot;0&quot;,&quot;shutter_speed&quot;:&quot;0&quot;,&quot;title&quot;:&quot;&quot;,&quot;orientation&quot;:&quot;0&quot;}\" data-image-title=\"1-xpeng-g3-1080&amp;#215;720-5\" data-image-description=\"\" data-image-caption=\"&lt;p&gt;Ladeforviklinger i Sverige&lt;\/p&gt;\n\" data-large-file=\"https:\/\/i0.wp.com\/terjebjornstad.com\/no\/wp-content\/uploads\/2021\/08\/1-xpeng-g3-1080x720-5.png?fit=980%2C552&amp;ssl=1\" src=\"https:\/\/i0.wp.com\/terjebjornstad.com\/no\/wp-content\/uploads\/2021\/08\/1-xpeng-g3-1080x720-5.png?resize=980%2C552&#038;ssl=1\" alt=\"ladere\" width=\"980\" height=\"552\" class=\"size-full wp-image-42581\" srcset=\"https:\/\/i0.wp.com\/terjebjornstad.com\/no\/wp-content\/uploads\/2021\/08\/1-xpeng-g3-1080x720-5.png?w=1080&amp;ssl=1 1080w, https:\/\/i0.wp.com\/terjebjornstad.com\/no\/wp-content\/uploads\/2021\/08\/1-xpeng-g3-1080x720-5.png?resize=300%2C169&amp;ssl=1 300w, https:\/\/i0.wp.com\/terjebjornstad.com\/no\/wp-content\/uploads\/2021\/08\/1-xpeng-g3-1080x720-5.png?resize=768%2C432&amp;ssl=1 768w, https:\/\/i0.wp.com\/terjebjornstad.com\/no\/wp-content\/uploads\/2021\/08\/1-xpeng-g3-1080x720-5.png?resize=690%2C388&amp;ssl=1 690w, https:\/\/i0.wp.com\/terjebjornstad.com\/no\/wp-content\/uploads\/2021\/08\/1-xpeng-g3-1080x720-5.png?resize=980%2C552&amp;ssl=1 980w\" sizes=\"auto, (max-width: 980px) 100vw, 980px\" \/><\/a><figcaption id=\"caption-attachment-42581\" class=\"wp-caption-text\">Xpeng G3 p\u00e5 tur i Sverige. Her ved ABBs ladel\u00f8sning.<\/figcaption><\/figure><\/p>\n<blockquote><p>Infrastrukturen for elbilbrukere er ikke like godt utbygget i Sverige. Hvis du skal kj\u00f8re elbil inn i Sverige, b\u00f8r du lese dette innlegget skrevet av Jonny Bun\u00e6s.<\/p><\/blockquote>\n<h3>&nbsp;<\/h3>\n<figure id=\"attachment_42580\" aria-describedby=\"caption-attachment-42580\" style=\"width: 224px\" class=\"wp-caption alignleft\"><img data-recalc-dims=\"1\" loading=\"lazy\" decoding=\"async\" data-attachment-id=\"42580\" data-permalink=\"https:\/\/terjebjornstad.com\/no\/om-databiler\/attachment\/1517231128747\/\" data-orig-file=\"https:\/\/i0.wp.com\/terjebjornstad.com\/no\/wp-content\/uploads\/2021\/08\/1517231128747.jpg?fit=182%2C182&amp;ssl=1\" data-orig-size=\"182,182\" data-comments-opened=\"1\" data-image-meta=\"{&quot;aperture&quot;:&quot;0&quot;,&quot;credit&quot;:&quot;&quot;,&quot;camera&quot;:&quot;&quot;,&quot;caption&quot;:&quot;&quot;,&quot;created_timestamp&quot;:&quot;0&quot;,&quot;copyright&quot;:&quot;&quot;,&quot;focal_length&quot;:&quot;0&quot;,&quot;iso&quot;:&quot;0&quot;,&quot;shutter_speed&quot;:&quot;0&quot;,&quot;title&quot;:&quot;&quot;,&quot;orientation&quot;:&quot;0&quot;}\" data-image-title=\"1517231128747\" data-image-description=\"\" data-image-caption=\"&lt;p&gt;Jonny Bun\u00e6s har blant annet v\u00e6rt med \u00e5 utvikle infrastruktur for elbilbrukere og ladenettverk. Han var en av f\u00f8rste til \u00e5 bruke elbil i Norge.&lt;\/p&gt;\n\" data-large-file=\"https:\/\/i0.wp.com\/terjebjornstad.com\/no\/wp-content\/uploads\/2021\/08\/1517231128747.jpg?fit=182%2C182&amp;ssl=1\" src=\"https:\/\/i0.wp.com\/terjebjornstad.com\/no\/wp-content\/uploads\/2021\/08\/1517231128747.jpg?resize=182%2C182&#038;ssl=1\" alt=\"ladere\" width=\"182\" height=\"182\" class=\"size-full wp-image-42580\" srcset=\"https:\/\/i0.wp.com\/terjebjornstad.com\/no\/wp-content\/uploads\/2021\/08\/1517231128747.jpg?w=182&amp;ssl=1 182w, https:\/\/i0.wp.com\/terjebjornstad.com\/no\/wp-content\/uploads\/2021\/08\/1517231128747.jpg?resize=150%2C150&amp;ssl=1 150w, https:\/\/i0.wp.com\/terjebjornstad.com\/no\/wp-content\/uploads\/2021\/08\/1517231128747.jpg?resize=50%2C50&amp;ssl=1 50w\" sizes=\"auto, (max-width: 182px) 100vw, 182px\" \/><figcaption id=\"caption-attachment-42580\" class=\"wp-caption-text\"><\/p>\n<div class=\"tebbox\">Jonny Bun\u00e6s er forretningsmann med mange prosjekter i inn- og utland. Ett av tidligere prosjekter har v\u00e6rt \u00e5 utvikle infrastruktur for elbilbrukere og ladenettverk. Han var en av pionerene med \u00e5 ta i bruk elbil. Sammen med kunstmaler Ingar Aasen (kartleser) kj\u00f8rte han en Think fra San Diego til Salt Lake.<\/p>\n<h3>&nbsp;<\/h3>\n<p>&nbsp;<\/h3>\n<\/div>\n<p><\/figcaption><\/figure>\n<blockquote><p>Xpeng var god \u00e5 kj\u00f8re, men vi fikk oppleve hvor katastrofalt d\u00e5rlig ladenettverket er utbygget i Sverige. Det minnet meg om hvordan det var her hjemme da jeg for ca 20 \u00e5r siden kj\u00f8rte min elbil &#8211; med registreringsnummer <a href=\"https:\/\/regnr.info\/EL10052\" target=\"_blank\" rel=\"noopener\">EL10052<\/a>. Vi hadde kommet n\u00e6r G\u00f8teborg da vi gikk nesten tom for str\u00f8m!<\/p><\/blockquote>\n<p>&nbsp;<br \/>\nHvor skulle vi lade?<br \/>\n&nbsp;<br \/>\nVi hadde bare str\u00f8m igjen til f\u00e5 kilometer! Etter en times fors\u00f8k med nedlasting av apper, d\u00e5rlig informasjon og problemer med \u00e5 f\u00e5 godkjent bankkort og mobil fra Norge, fikk vi beskjed om at ladestasjonen vi sto ved, var i ustand. Da hadde vi holdt p\u00e5 i cirka 1 time. Kjenner ikke str\u00f8mleverand\u00f8ren tilstanden p\u00e5 sine ladere s\u00e5nn at vi kunne blitt varslet p\u00e5 appen med \u00e9n gang? Telefonnummeret som vi kunne ringe, var betjent frem til kl 17.00. Det hjalp oss lite da klokka var 23.30!<br \/>\n&nbsp;<br \/>\nVi s\u00f8kte etter andre ladestasjoner i n\u00e6rheten og trodde vi hadde funnet en. Kartet ga d\u00e5rlige muligheter for detaljs\u00f8k, og etter \u00e5 ha s\u00f8kt lenge og vel i omr\u00e5det, fant vi ladestasjonen gjemt bak en container! Vi ladet opp en times tid &#8211; nok til \u00e5 rekke helt frem til m\u00e5let v\u00e5rt, V\u00e4rnamo i J\u00f6nk\u00f6ping. Turen videre gikk greit, bortsett fra at vi m\u00e5tte vente i over 30 minutter, grunnet asfaltering.<br \/>\n&nbsp;<br \/>\nVi kom frem til v\u00e5r bestilte Airbnb-leilighet flere timer for sent. Klokka var rundt 5 om morgenen da vi vekket verten som kunne l\u00e5se oss inn. Det var ikke et spesielt kostbart rom. Men det ble dyr timepris siden vi kun fikk sovet der to timer f\u00f8r vi m\u00e5tte dra i avtalt m\u00f8te.<\/p>\n<h3>&nbsp;<\/h3>\n<figure id=\"attachment_42582\" aria-describedby=\"caption-attachment-42582\" style=\"width: 1080px\" class=\"wp-caption aligncenter\"><a href=\"https:\/\/i0.wp.com\/terjebjornstad.com\/no\/wp-content\/uploads\/2021\/08\/2-vattenfall-1080x608-1.png?ssl=1\"><img data-recalc-dims=\"1\" loading=\"lazy\" decoding=\"async\" data-attachment-id=\"42582\" data-permalink=\"https:\/\/terjebjornstad.com\/no\/2-vattenfall-1080x608\/\" data-orig-file=\"https:\/\/i0.wp.com\/terjebjornstad.com\/no\/wp-content\/uploads\/2021\/08\/2-vattenfall-1080x608-1.png?fit=1080%2C608&amp;ssl=1\" data-orig-size=\"1080,608\" data-comments-opened=\"1\" data-image-meta=\"{&quot;aperture&quot;:&quot;0&quot;,&quot;credit&quot;:&quot;&quot;,&quot;camera&quot;:&quot;&quot;,&quot;caption&quot;:&quot;&quot;,&quot;created_timestamp&quot;:&quot;0&quot;,&quot;copyright&quot;:&quot;&quot;,&quot;focal_length&quot;:&quot;0&quot;,&quot;iso&quot;:&quot;0&quot;,&quot;shutter_speed&quot;:&quot;0&quot;,&quot;title&quot;:&quot;&quot;,&quot;orientation&quot;:&quot;0&quot;}\" data-image-title=\"2-vattenfall-1080&amp;#215;608\" data-image-description=\"\" data-image-caption=\"&lt;p&gt;Iherdige fors\u00f8k p\u00e5 \u00e5 finne en ladestasjon som fungerer&lt;\/p&gt;\n\" data-large-file=\"https:\/\/i0.wp.com\/terjebjornstad.com\/no\/wp-content\/uploads\/2021\/08\/2-vattenfall-1080x608-1.png?fit=980%2C552&amp;ssl=1\" src=\"https:\/\/i0.wp.com\/terjebjornstad.com\/no\/wp-content\/uploads\/2021\/08\/2-vattenfall-1080x608-1.png?resize=980%2C552&#038;ssl=1\" alt=\"ladere\" width=\"980\" height=\"552\" class=\"size-full wp-image-42582\" srcset=\"https:\/\/i0.wp.com\/terjebjornstad.com\/no\/wp-content\/uploads\/2021\/08\/2-vattenfall-1080x608-1.png?w=1080&amp;ssl=1 1080w, https:\/\/i0.wp.com\/terjebjornstad.com\/no\/wp-content\/uploads\/2021\/08\/2-vattenfall-1080x608-1.png?resize=300%2C169&amp;ssl=1 300w, https:\/\/i0.wp.com\/terjebjornstad.com\/no\/wp-content\/uploads\/2021\/08\/2-vattenfall-1080x608-1.png?resize=768%2C432&amp;ssl=1 768w, https:\/\/i0.wp.com\/terjebjornstad.com\/no\/wp-content\/uploads\/2021\/08\/2-vattenfall-1080x608-1.png?resize=690%2C388&amp;ssl=1 690w, https:\/\/i0.wp.com\/terjebjornstad.com\/no\/wp-content\/uploads\/2021\/08\/2-vattenfall-1080x608-1.png?resize=980%2C552&amp;ssl=1 980w\" sizes=\"auto, (max-width: 980px) 100vw, 980px\" \/><\/a><figcaption id=\"caption-attachment-42582\" class=\"wp-caption-text\">Iherdige fors\u00f8k p\u00e5 \u00e5 finne en ladestasjon som fungerer. Her ved Vattenfalls ladel\u00f8sning.<\/figcaption><\/figure>\n<h3>&nbsp;<\/h3>\n<h3 class=\"tebh2\">Ladere som ikke fungerer<\/h3>\n<p>Klok av skade, \u00f8nsket vi \u00e5 lade helt fullt f\u00f8r vi bega oss p\u00e5 hjemvei. Vi fant to ladesteder tett ved der vi spiste lunsj. Den ene hadde \u00e9n hurtiglader og \u00e9n normal. Da vi kom dit for \u00e5 hente bilen for \u00e5 dra i neste m\u00f8te, sto en annen elbileier som ville ha laderen v\u00e5r. Vi hadde ladet opp til 50% og m\u00e5tte belage oss p\u00e5 \u00e5 finne en ny stasjon etter m\u00f8tet for \u00e5 komme oss lengst mulig mot Oslo.<br \/>\n&nbsp;<br \/>\nVi testet da den andre ladestasjonen som var et kort stykke unna. Her m\u00e5tte vi pr\u00f8ve tre ladere f\u00f8r vi fant en som virket. At bare en av tre ladere fungerte, var jo merkelig. Flaks at det ikke var flere som ville lade samtidig!<br \/>\n&nbsp;<br \/>\nPrisen for \u00e5 lade her var over det dobbelte av hva vi betalte p\u00e5 den forrige stasjonen. <\/p>\n<h3 class=\"tebh2\">Sverige ligger flere \u00e5r bak Norge<\/h3>\n<p>I Sverige er ikke den \u00f8konomiske fordelen ved \u00e5 kj\u00f8pe elbil like stor som i Norge. Med s\u00e5 d\u00e5rlige ladesystemer som vi opplevde, kan det ta mange \u00e5r f\u00f8r Sverige oppn\u00e5r like h\u00f8y prosentandel. S\u00e5 lenge  svenskene ikke tar elbilbrukere p\u00e5 alvor, er ikke landet s\u00e6rlig egnet for elbiler. Det kan ta 10-20 \u00e5r \u00e5 bygge opp tilsvarende ladenettverk som her i landet.<\/p>\n<h3>&nbsp;<\/h3>\n<hr \/>\n<blockquote><p>Nordmenn b\u00f8r jo advares mot hvor elendig lademulighetene er i Sverige og kanskje v\u00e6re glad for at grensen forblir stengt en stund! &#8211; Jonny Bun\u00e6s.<\/p><\/blockquote>\n<hr\/>\n<h3 class=\"tebh2\">Fakta<\/h3>\n<p><strong>Totalt bilsalg av personbiler for juli 2021<\/strong><br \/>\nSverige: 16 778<br \/>\nNorge: 10 507<\/p>\n<p><strong>Antall elbiler solgt i juli 2021<\/strong><br \/>\nSverige: 2 535<br \/>\nNorge: 6 731 (7 723 inklusiv parallellimport nye\/brukte elbiler)<\/p>\n<p><strong>Prosent elbiler solgt i juli 2021<\/strong><br \/>\nSverige: 15,1%<br \/>\nNorge: 64,1% (73,5% inkl. parallellimport)<\/p>\n<p><strong>Mest solgte bilmerker i juli 2021<\/strong><br \/>\nSverige: Volvo S60\/V60, Volvo XC60, Volvo XC40<br \/>\nNorge: Tesla 3, Toyota RAV4, Volkswagen ID.4<\/p>\n<h5>&nbsp;<\/h5>\n<h3 class=\"tebh2\">Se ogs\u00e5<\/h3>\n<p><a href=\"https:\/\/www.youtube.com\/watch?v=T2JoON6_H9I&#038;t=281\"><img data-recalc-dims=\"1\" loading=\"lazy\" decoding=\"async\" data-attachment-id=\"65350\" data-permalink=\"https:\/\/terjebjornstad.com\/no\/2022\/02\/06\/think-elbil-stunts\/youtube-think-jonny\/\" data-orig-file=\"https:\/\/i0.wp.com\/terjebjornstad.com\/no\/wp-content\/uploads\/2022\/02\/youtube-think-jonny.jpg?fit=544%2C318&amp;ssl=1\" data-orig-size=\"544,318\" data-comments-opened=\"1\" data-image-meta=\"{&quot;aperture&quot;:&quot;0&quot;,&quot;credit&quot;:&quot;&quot;,&quot;camera&quot;:&quot;&quot;,&quot;caption&quot;:&quot;&quot;,&quot;created_timestamp&quot;:&quot;0&quot;,&quot;copyright&quot;:&quot;&quot;,&quot;focal_length&quot;:&quot;0&quot;,&quot;iso&quot;:&quot;0&quot;,&quot;shutter_speed&quot;:&quot;0&quot;,&quot;title&quot;:&quot;&quot;,&quot;orientation&quot;:&quot;0&quot;}\" data-image-title=\"youtube-think-jonny\" data-image-description=\"\" data-image-caption=\"\" data-large-file=\"https:\/\/i0.wp.com\/terjebjornstad.com\/no\/wp-content\/uploads\/2022\/02\/youtube-think-jonny.jpg?fit=544%2C318&amp;ssl=1\" src=\"https:\/\/i0.wp.com\/terjebjornstad.com\/no\/wp-content\/uploads\/2022\/02\/youtube-think-jonny.jpg?resize=544%2C318&#038;ssl=1\" alt=\"\" width=\"544\" height=\"318\" class=\"alignleft size-full wp-image-65350\" srcset=\"https:\/\/i0.wp.com\/terjebjornstad.com\/no\/wp-content\/uploads\/2022\/02\/youtube-think-jonny.jpg?w=544&amp;ssl=1 544w, https:\/\/i0.wp.com\/terjebjornstad.com\/no\/wp-content\/uploads\/2022\/02\/youtube-think-jonny.jpg?resize=300%2C175&amp;ssl=1 300w\" sizes=\"auto, (max-width: 544px) 100vw, 544px\" \/><\/a><\/p>\n<h5>&nbsp;<\/h5>\n<p>Det er ikke mange som har kj\u00f8rt over fartsgrensen med Think p\u00e5 amerikansk highway. Jonny Bun\u00e6s blir her stanset av politiet for akkurat det &#8230;<\/p>\n<h3>&nbsp;<\/h3>\n<p><a href=\"https:\/\/incharge.vattenfall.se\/\" target=\"_blank\" rel=\"noopener\"><strong>InCharge fra Vattenfall<\/strong><\/a><\/p>\n<p><figure id=\"attachment_72625\" aria-describedby=\"caption-attachment-72625\" style=\"width: 150px\" class=\"wp-caption alignleft\"><a href=\"https:\/\/terjebjornstad.com\/no\/2024\/06\/10\/bensinstasjonene-tar-grep-om-ladingen-okq8\/\"><img data-recalc-dims=\"1\" loading=\"lazy\" decoding=\"async\" data-attachment-id=\"72625\" data-permalink=\"https:\/\/terjebjornstad.com\/no\/2024\/06\/10\/bensinstasjonene-tar-grep-om-ladingen-okq8\/supersnabbladdning\/\" data-orig-file=\"https:\/\/i0.wp.com\/terjebjornstad.com\/no\/wp-content\/uploads\/2024\/06\/Supersnabbladdning.jpg?fit=1000%2C750&amp;ssl=1\" data-orig-size=\"1000,750\" data-comments-opened=\"1\" data-image-meta=\"{&quot;aperture&quot;:&quot;2&quot;,&quot;credit&quot;:&quot;&quot;,&quot;camera&quot;:&quot;iPhone 12 Pro&quot;,&quot;caption&quot;:&quot;&quot;,&quot;created_timestamp&quot;:&quot;1660731367&quot;,&quot;copyright&quot;:&quot;&quot;,&quot;focal_length&quot;:&quot;6&quot;,&quot;iso&quot;:&quot;32&quot;,&quot;shutter_speed&quot;:&quot;0.0011261261261261&quot;,&quot;title&quot;:&quot;&quot;,&quot;orientation&quot;:&quot;1&quot;}\" data-image-title=\"Supersnabbladdning\" data-image-description=\"\" data-image-caption=\"&lt;div class=&quot;tebingresw&quot;&gt;\n&lt;h2 class=&quot;tebh2ingresw&quot;&gt;&amp;nbsp;&lt;br \/&gt;Bensinstasjonene tar grep om ladingen&lt;\/h2&gt;\n&lt;p&gt;Nylig fikk jeg en helt ny opplevelse i forbindelse med lading. Jeg svingte inn p\u00e5 en bensinstasjon, stanset ved en ladestolpe, \u201ct\u00e6ppet\u201d kortet og satte inn kontakten. S\u00e5 enkelt \u2013 s\u00e5 genialt! &lt;a href=&quot;https:\/\/terjebjornstad.com\/no\/2024\/06\/10\/bensinstasjonene-tar-grep-om-ladingen-okq8\/&quot;&gt; &lt;strong&gt;Se mer&lt;\/strong&gt;&lt;\/a&gt;&lt;br \/&gt;&amp;nbsp;&lt;\/div&gt;\n&lt;p&gt;&lt;\/p&gt;\n\" data-large-file=\"https:\/\/i0.wp.com\/terjebjornstad.com\/no\/wp-content\/uploads\/2024\/06\/Supersnabbladdning.jpg?fit=980%2C735&amp;ssl=1\" src=\"https:\/\/i0.wp.com\/terjebjornstad.com\/no\/wp-content\/uploads\/2024\/06\/Supersnabbladdning.jpg?resize=150%2C150&#038;ssl=1\" alt=\"\" width=\"150\" height=\"150\" class=\"size-thumbnail wp-image-72625\" srcset=\"https:\/\/i0.wp.com\/terjebjornstad.com\/no\/wp-content\/uploads\/2024\/06\/Supersnabbladdning.jpg?resize=150%2C150&amp;ssl=1 150w, https:\/\/i0.wp.com\/terjebjornstad.com\/no\/wp-content\/uploads\/2024\/06\/Supersnabbladdning.jpg?resize=50%2C50&amp;ssl=1 50w, https:\/\/i0.wp.com\/terjebjornstad.com\/no\/wp-content\/uploads\/2024\/06\/Supersnabbladdning.jpg?zoom=2&amp;resize=150%2C150&amp;ssl=1 300w, https:\/\/i0.wp.com\/terjebjornstad.com\/no\/wp-content\/uploads\/2024\/06\/Supersnabbladdning.jpg?zoom=3&amp;resize=150%2C150&amp;ssl=1 450w\" sizes=\"auto, (max-width: 150px) 100vw, 150px\" \/><\/a><figcaption id=\"caption-attachment-72625\" class=\"wp-caption-text\">Bensinstasjonene tar grep om ladingen<\/figcaption><\/figure><figure id=\"attachment_38919\" aria-describedby=\"caption-attachment-38919\" style=\"width: 150px\" class=\"wp-caption alignleft\"><a href=\"https:\/\/terjebjornstad.com\/no\/2021\/03\/21\/nio-bytter-batterier-pa-3-minutter\/\"><img data-recalc-dims=\"1\" loading=\"lazy\" decoding=\"async\" data-attachment-id=\"38919\" data-permalink=\"https:\/\/terjebjornstad.com\/no\/2021\/03\/21\/nio-bytter-batterier-pa-3-minutter\/nio-power-services-battery-swap-station\/\" data-orig-file=\"https:\/\/i0.wp.com\/terjebjornstad.com\/no\/wp-content\/uploads\/2021\/03\/nio-power-services-battery-swap-station.jpg?fit=1200%2C720&amp;ssl=1\" data-orig-size=\"1200,720\" data-comments-opened=\"1\" data-image-meta=\"{&quot;aperture&quot;:&quot;0&quot;,&quot;credit&quot;:&quot;&quot;,&quot;camera&quot;:&quot;&quot;,&quot;caption&quot;:&quot;&quot;,&quot;created_timestamp&quot;:&quot;0&quot;,&quot;copyright&quot;:&quot;&quot;,&quot;focal_length&quot;:&quot;0&quot;,&quot;iso&quot;:&quot;0&quot;,&quot;shutter_speed&quot;:&quot;0&quot;,&quot;title&quot;:&quot;&quot;,&quot;orientation&quot;:&quot;0&quot;}\" data-image-title=\"nio-power-services-battery-swap-station\" data-image-description=\"\" data-image-caption=\"&lt;p&gt;NIO bytter batterier p\u00e5 3 minutter&lt;\/p&gt;\n\" data-large-file=\"https:\/\/i0.wp.com\/terjebjornstad.com\/no\/wp-content\/uploads\/2021\/03\/nio-power-services-battery-swap-station.jpg?fit=980%2C588&amp;ssl=1\" src=\"https:\/\/i0.wp.com\/terjebjornstad.com\/no\/wp-content\/uploads\/2021\/03\/nio-power-services-battery-swap-station.jpg?resize=150%2C150&#038;ssl=1\" alt=\"nio norge\" width=\"150\" height=\"150\" class=\"size-thumbnail wp-image-38919\" srcset=\"https:\/\/i0.wp.com\/terjebjornstad.com\/no\/wp-content\/uploads\/2021\/03\/nio-power-services-battery-swap-station.jpg?resize=150%2C150&amp;ssl=1 150w, https:\/\/i0.wp.com\/terjebjornstad.com\/no\/wp-content\/uploads\/2021\/03\/nio-power-services-battery-swap-station.jpg?resize=50%2C50&amp;ssl=1 50w, https:\/\/i0.wp.com\/terjebjornstad.com\/no\/wp-content\/uploads\/2021\/03\/nio-power-services-battery-swap-station.jpg?zoom=2&amp;resize=150%2C150&amp;ssl=1 300w, https:\/\/i0.wp.com\/terjebjornstad.com\/no\/wp-content\/uploads\/2021\/03\/nio-power-services-battery-swap-station.jpg?zoom=3&amp;resize=150%2C150&amp;ssl=1 450w\" sizes=\"auto, (max-width: 150px) 100vw, 150px\" \/><\/a><figcaption id=\"caption-attachment-38919\" class=\"wp-caption-text\">NIO bytter batterier p\u00e5 3 minutter<\/figcaption><\/figure><figure id=\"attachment_35755\" aria-describedby=\"caption-attachment-35755\" style=\"width: 150px\" class=\"wp-caption alignleft\"><a href=\"https:\/\/terjebjornstad.com\/no\/2020\/10\/24\/livet-med-tesla-3\/\"><img data-recalc-dims=\"1\" loading=\"lazy\" decoding=\"async\" data-attachment-id=\"35755\" data-permalink=\"https:\/\/terjebjornstad.com\/no\/terjes-biler\/livet-med-tesla-320x400\/\" data-orig-file=\"https:\/\/i0.wp.com\/terjebjornstad.com\/no\/wp-content\/uploads\/2020\/10\/livet-med-tesla-320x400-1.png?fit=320%2C400&amp;ssl=1\" data-orig-size=\"320,400\" data-comments-opened=\"1\" data-image-meta=\"{&quot;aperture&quot;:&quot;0&quot;,&quot;credit&quot;:&quot;&quot;,&quot;camera&quot;:&quot;&quot;,&quot;caption&quot;:&quot;&quot;,&quot;created_timestamp&quot;:&quot;0&quot;,&quot;copyright&quot;:&quot;&quot;,&quot;focal_length&quot;:&quot;0&quot;,&quot;iso&quot;:&quot;0&quot;,&quot;shutter_speed&quot;:&quot;0&quot;,&quot;title&quot;:&quot;&quot;,&quot;orientation&quot;:&quot;0&quot;}\" data-image-title=\"livet-med-tesla-320&amp;#215;400\" data-image-description=\"\" data-image-caption=\"&lt;p&gt;Livet med Tesla 3&lt;\/p&gt;\n\" data-large-file=\"https:\/\/i0.wp.com\/terjebjornstad.com\/no\/wp-content\/uploads\/2020\/10\/livet-med-tesla-320x400-1.png?fit=320%2C400&amp;ssl=1\" src=\"https:\/\/i0.wp.com\/terjebjornstad.com\/no\/wp-content\/uploads\/2020\/10\/livet-med-tesla-320x400-1.png?resize=150%2C150&#038;ssl=1\" alt=\"terjes biler\" width=\"150\" height=\"150\" class=\"size-thumbnail wp-image-35755\" srcset=\"https:\/\/i0.wp.com\/terjebjornstad.com\/no\/wp-content\/uploads\/2020\/10\/livet-med-tesla-320x400-1.png?resize=150%2C150&amp;ssl=1 150w, https:\/\/i0.wp.com\/terjebjornstad.com\/no\/wp-content\/uploads\/2020\/10\/livet-med-tesla-320x400-1.png?resize=50%2C50&amp;ssl=1 50w, https:\/\/i0.wp.com\/terjebjornstad.com\/no\/wp-content\/uploads\/2020\/10\/livet-med-tesla-320x400-1.png?zoom=2&amp;resize=150%2C150&amp;ssl=1 300w\" sizes=\"auto, (max-width: 150px) 100vw, 150px\" \/><\/a><figcaption id=\"caption-attachment-35755\" class=\"wp-caption-text\">Livet med Tesla 3<\/figcaption><\/figure><\/p>\n<h3>&nbsp;<\/h3>\n<\/div>\n","protected":false,"gt_translate_keys":[{"key":"rendered","format":"html"}]},"excerpt":{"rendered":"<p>Infrastrukturen for elbilbrukere er ikke like godt utbygget i Sverige. Hvis du skal kj\u00f8re elbil inn i Sverige, b\u00f8r du lese dette innlegget skrevet av Jonny Bun\u00e6s. &nbsp; Xpeng var god \u00e5 kj\u00f8re, men vi fikk oppleve hvor katastrofalt d\u00e5rlig ladenettverket er utbygget i Sverige. Det minnet meg om hvordan det var her hjemme da [&hellip;]<\/p>\n","protected":false,"gt_translate_keys":[{"key":"rendered","format":"html"}]},"author":1,"featured_media":42581,"comment_status":"open","ping_status":"open","sticky":false,"template":"","format":"standard","meta":{"_monsterinsights_skip_tracking":false,"_monsterinsights_sitenote_active":false,"_monsterinsights_sitenote_note":"","_monsterinsights_sitenote_category":0,"jetpack_post_was_ever_published":false,"_jetpack_newsletter_access":"","_jetpack_dont_email_post_to_subs":false,"_jetpack_newsletter_tier_id":0,"_jetpack_memberships_contains_paywalled_content":false,"_jetpack_memberships_contains_paid_content":false,"footnotes":"","jetpack_publicize_message":"","jetpack_publicize_feature_enabled":true,"jetpack_social_post_already_shared":true,"jetpack_social_options":{"image_generator_settings":{"template":"highway","default_image_id":0,"font":"","enabled":false},"version":2}},"categories":[34,3211,2651,3196],"tags":[4146,3750,4098,3749,3748,4084,4099],"class_list":["post-42584","post","type-post","status-publish","format-standard","has-post-thumbnail","hentry","category-artikkel","category-g3","category-ladeproblemer","category-xpeng","tag-elbil-i-sverige","tag-elbil-sverige","tag-elbillading-sverige","tag-ladestasjoner-sverige","tag-lading-i-sverige","tag-lading-kortbetaling","tag-svenske-ladestasjoner"],"yoast_head":"<!-- This site is optimized with the Yoast SEO plugin v27.5 - https:\/\/yoast.com\/product\/yoast-seo-wordpress\/ -->\n<title>Ladeforviklinger i Sverige - Terjes biler - Ladere med problemer<\/title>\n<meta name=\"description\" content=\"Sverige har ikke like godt utbygget infrastruktur for elbiler som i Norge. Det er ikke like lett \u00e5 finne ladere - som fungerer!\" \/>\n<meta name=\"robots\" content=\"index, follow, max-snippet:-1, max-image-preview:large, max-video-preview:-1\" \/>\n<link rel=\"canonical\" href=\"https:\/\/terjebjornstad.com\/no\/2021\/08\/22\/ladeforviklinger-i-sverige\/\" \/>\n<meta property=\"og:locale\" content=\"nb_NO\" \/>\n<meta property=\"og:type\" content=\"article\" \/>\n<meta property=\"og:title\" content=\"Ladeforviklinger i Sverige - Terjes biler - Ladere med problemer\" \/>\n<meta property=\"og:description\" content=\"Sverige har ikke like godt utbygget infrastruktur for elbiler som i Norge. Det er ikke like lett \u00e5 finne ladere - som fungerer!\" \/>\n<meta property=\"og:url\" content=\"https:\/\/terjebjornstad.com\/no\/2021\/08\/22\/ladeforviklinger-i-sverige\/\" \/>\n<meta property=\"og:site_name\" content=\"Terjes biler\" \/>\n<meta property=\"article:publisher\" content=\"https:\/\/www.facebook.com\/terjesbiler\/\" \/>\n<meta property=\"article:author\" content=\"https:\/\/www.facebook.com\/terjesbiler\" \/>\n<meta property=\"article:published_time\" content=\"2021-08-22T01:10:11+00:00\" \/>\n<meta property=\"article:modified_time\" content=\"2024-06-14T09:06:47+00:00\" \/>\n<meta property=\"og:image\" content=\"https:\/\/terjebjornstad.com\/no\/wp-content\/uploads\/2021\/08\/1-xpeng-g3-1080x720-5.png\" \/>\n\t<meta property=\"og:image:width\" content=\"1080\" \/>\n\t<meta property=\"og:image:height\" content=\"608\" \/>\n\t<meta property=\"og:image:type\" content=\"image\/png\" \/>\n<meta name=\"author\" content=\"Terje Bj\u00f8rnstad\" \/>\n<meta name=\"twitter:card\" content=\"summary_large_image\" \/>\n<meta name=\"twitter:label1\" content=\"Skrevet av\" \/>\n\t<meta name=\"twitter:data1\" content=\"Terje Bj\u00f8rnstad\" \/>\n\t<meta name=\"twitter:label2\" content=\"Ansl. lesetid\" \/>\n\t<meta name=\"twitter:data2\" content=\"6 minutter\" \/>\n<script type=\"application\/ld+json\" class=\"yoast-schema-graph\">{\"@context\":\"https:\\\/\\\/schema.org\",\"@graph\":[{\"@type\":\"Article\",\"@id\":\"https:\\\/\\\/terjebjornstad.com\\\/no\\\/2021\\\/08\\\/22\\\/ladeforviklinger-i-sverige\\\/#article\",\"isPartOf\":{\"@id\":\"https:\\\/\\\/terjebjornstad.com\\\/no\\\/2021\\\/08\\\/22\\\/ladeforviklinger-i-sverige\\\/\"},\"author\":{\"name\":\"Terje Bj\u00f8rnstad\",\"@id\":\"https:\\\/\\\/terjebjornstad.com\\\/no\\\/#\\\/schema\\\/person\\\/a281f6a6e0f3cc9fe468e7f0c655aa65\"},\"headline\":\"Ladeforviklinger i Sverige\",\"datePublished\":\"2021-08-22T01:10:11+00:00\",\"dateModified\":\"2024-06-14T09:06:47+00:00\",\"mainEntityOfPage\":{\"@id\":\"https:\\\/\\\/terjebjornstad.com\\\/no\\\/2021\\\/08\\\/22\\\/ladeforviklinger-i-sverige\\\/\"},\"wordCount\":796,\"commentCount\":0,\"publisher\":{\"@id\":\"https:\\\/\\\/terjebjornstad.com\\\/no\\\/#organization\"},\"image\":{\"@id\":\"https:\\\/\\\/terjebjornstad.com\\\/no\\\/2021\\\/08\\\/22\\\/ladeforviklinger-i-sverige\\\/#primaryimage\"},\"thumbnailUrl\":\"https:\\\/\\\/i0.wp.com\\\/terjebjornstad.com\\\/no\\\/wp-content\\\/uploads\\\/2021\\\/08\\\/1-xpeng-g3-1080x720-5.png?fit=1080%2C608&ssl=1\",\"keywords\":[\"Elbil i Sverige\",\"Elbil Sverige\",\"Elbillading Sverige\",\"Ladestasjoner Sverige\",\"Lading i Sverige\",\"Lading kortbetaling\",\"Svenske ladestasjoner\"],\"articleSection\":[\"Artikkel\",\"G3\",\"Ladeproblemer\",\"Xpeng\"],\"inLanguage\":\"nb-NO\",\"potentialAction\":[{\"@type\":\"CommentAction\",\"name\":\"Comment\",\"target\":[\"https:\\\/\\\/terjebjornstad.com\\\/no\\\/2021\\\/08\\\/22\\\/ladeforviklinger-i-sverige\\\/#respond\"]}]},{\"@type\":\"WebPage\",\"@id\":\"https:\\\/\\\/terjebjornstad.com\\\/no\\\/2021\\\/08\\\/22\\\/ladeforviklinger-i-sverige\\\/\",\"url\":\"https:\\\/\\\/terjebjornstad.com\\\/no\\\/2021\\\/08\\\/22\\\/ladeforviklinger-i-sverige\\\/\",\"name\":\"Ladeforviklinger i Sverige - Terjes biler - Ladere med problemer\",\"isPartOf\":{\"@id\":\"https:\\\/\\\/terjebjornstad.com\\\/no\\\/#website\"},\"primaryImageOfPage\":{\"@id\":\"https:\\\/\\\/terjebjornstad.com\\\/no\\\/2021\\\/08\\\/22\\\/ladeforviklinger-i-sverige\\\/#primaryimage\"},\"image\":{\"@id\":\"https:\\\/\\\/terjebjornstad.com\\\/no\\\/2021\\\/08\\\/22\\\/ladeforviklinger-i-sverige\\\/#primaryimage\"},\"thumbnailUrl\":\"https:\\\/\\\/i0.wp.com\\\/terjebjornstad.com\\\/no\\\/wp-content\\\/uploads\\\/2021\\\/08\\\/1-xpeng-g3-1080x720-5.png?fit=1080%2C608&ssl=1\",\"datePublished\":\"2021-08-22T01:10:11+00:00\",\"dateModified\":\"2024-06-14T09:06:47+00:00\",\"description\":\"Sverige har ikke like godt utbygget infrastruktur for elbiler som i Norge. Det er ikke like lett \u00e5 finne ladere - som fungerer!\",\"breadcrumb\":{\"@id\":\"https:\\\/\\\/terjebjornstad.com\\\/no\\\/2021\\\/08\\\/22\\\/ladeforviklinger-i-sverige\\\/#breadcrumb\"},\"inLanguage\":\"nb-NO\",\"potentialAction\":[{\"@type\":\"ReadAction\",\"target\":[\"https:\\\/\\\/terjebjornstad.com\\\/no\\\/2021\\\/08\\\/22\\\/ladeforviklinger-i-sverige\\\/\"]}]},{\"@type\":\"ImageObject\",\"inLanguage\":\"nb-NO\",\"@id\":\"https:\\\/\\\/terjebjornstad.com\\\/no\\\/2021\\\/08\\\/22\\\/ladeforviklinger-i-sverige\\\/#primaryimage\",\"url\":\"https:\\\/\\\/i0.wp.com\\\/terjebjornstad.com\\\/no\\\/wp-content\\\/uploads\\\/2021\\\/08\\\/1-xpeng-g3-1080x720-5.png?fit=1080%2C608&ssl=1\",\"contentUrl\":\"https:\\\/\\\/i0.wp.com\\\/terjebjornstad.com\\\/no\\\/wp-content\\\/uploads\\\/2021\\\/08\\\/1-xpeng-g3-1080x720-5.png?fit=1080%2C608&ssl=1\",\"width\":1080,\"height\":608,\"caption\":\"Ladeforviklinger i Sverige\"},{\"@type\":\"BreadcrumbList\",\"@id\":\"https:\\\/\\\/terjebjornstad.com\\\/no\\\/2021\\\/08\\\/22\\\/ladeforviklinger-i-sverige\\\/#breadcrumb\",\"itemListElement\":[{\"@type\":\"ListItem\",\"position\":1,\"name\":\"Hjem\",\"item\":\"https:\\\/\\\/terjebjornstad.com\\\/no\\\/\"},{\"@type\":\"ListItem\",\"position\":2,\"name\":\"Ladeforviklinger i Sverige\"}]},{\"@type\":\"WebSite\",\"@id\":\"https:\\\/\\\/terjebjornstad.com\\\/no\\\/#website\",\"url\":\"https:\\\/\\\/terjebjornstad.com\\\/no\\\/\",\"name\":\"Terjes biler\",\"description\":\"HONEST ABOUT CARS\",\"publisher\":{\"@id\":\"https:\\\/\\\/terjebjornstad.com\\\/no\\\/#organization\"},\"alternateName\":\"Terjebjornstad.com\",\"potentialAction\":[{\"@type\":\"SearchAction\",\"target\":{\"@type\":\"EntryPoint\",\"urlTemplate\":\"https:\\\/\\\/terjebjornstad.com\\\/no\\\/?s={search_term_string}\"},\"query-input\":{\"@type\":\"PropertyValueSpecification\",\"valueRequired\":true,\"valueName\":\"search_term_string\"}}],\"inLanguage\":\"nb-NO\"},{\"@type\":\"Organization\",\"@id\":\"https:\\\/\\\/terjebjornstad.com\\\/no\\\/#organization\",\"name\":\"Terje Bj\u00f8rnstad ENK\",\"url\":\"https:\\\/\\\/terjebjornstad.com\\\/no\\\/\",\"logo\":{\"@type\":\"ImageObject\",\"inLanguage\":\"nb-NO\",\"@id\":\"https:\\\/\\\/terjebjornstad.com\\\/no\\\/#\\\/schema\\\/logo\\\/image\\\/\",\"url\":\"https:\\\/\\\/i0.wp.com\\\/terjebjornstad.com\\\/no\\\/wp-content\\\/uploads\\\/2026\\\/02\\\/terjesbiler2024-960x354-1.png?fit=960%2C354&ssl=1\",\"contentUrl\":\"https:\\\/\\\/i0.wp.com\\\/terjebjornstad.com\\\/no\\\/wp-content\\\/uploads\\\/2026\\\/02\\\/terjesbiler2024-960x354-1.png?fit=960%2C354&ssl=1\",\"width\":960,\"height\":354,\"caption\":\"Terje Bj\u00f8rnstad ENK\"},\"image\":{\"@id\":\"https:\\\/\\\/terjebjornstad.com\\\/no\\\/#\\\/schema\\\/logo\\\/image\\\/\"},\"sameAs\":[\"https:\\\/\\\/www.facebook.com\\\/terjesbiler\\\/\",\"https:\\\/\\\/www.instagram.com\\\/terjesbiler\\\/\",\"https:\\\/\\\/www.pinteres.com\\\/terjebjrnstad\\\/terjes-biler\\\/\"]},{\"@type\":\"Person\",\"@id\":\"https:\\\/\\\/terjebjornstad.com\\\/no\\\/#\\\/schema\\\/person\\\/a281f6a6e0f3cc9fe468e7f0c655aa65\",\"name\":\"Terje Bj\u00f8rnstad\",\"image\":{\"@type\":\"ImageObject\",\"inLanguage\":\"nb-NO\",\"@id\":\"https:\\\/\\\/secure.gravatar.com\\\/avatar\\\/e8dff505b51cf6cb67ae06a06022d2049aac2da1e79dc146a36b58798c4b40ea?s=96&d=mm&r=g\",\"url\":\"https:\\\/\\\/secure.gravatar.com\\\/avatar\\\/e8dff505b51cf6cb67ae06a06022d2049aac2da1e79dc146a36b58798c4b40ea?s=96&d=mm&r=g\",\"contentUrl\":\"https:\\\/\\\/secure.gravatar.com\\\/avatar\\\/e8dff505b51cf6cb67ae06a06022d2049aac2da1e79dc146a36b58798c4b40ea?s=96&d=mm&r=g\",\"caption\":\"Terje Bj\u00f8rnstad\"},\"description\":\"Terje Bj\u00f8rnstad. Bloggadministrator, hobbyfotograf og bilnerd.\",\"sameAs\":[\"https:\\\/\\\/www.facebook.com\\\/terjesbiler\",\"https:\\\/\\\/www.instagram.com\\\/terjesbiler\",\"https:\\\/\\\/no.pinterest.com\\\/terjebjrnstad\",\"https:\\\/\\\/www.youtube.com\\\/channel\\\/UCzCKJJDybyIgKqatc_JQqIg\"]}]}<\/script>\n<!-- \/ Yoast SEO plugin. -->","yoast_head_json":{"title":"Ladeforviklinger i Sverige - Terjes biler - Ladere med problemer","description":"Sverige har ikke like godt utbygget infrastruktur for elbiler som i Norge. Det er ikke like lett \u00e5 finne ladere - som fungerer!","robots":{"index":"index","follow":"follow","max-snippet":"max-snippet:-1","max-image-preview":"max-image-preview:large","max-video-preview":"max-video-preview:-1"},"canonical":"https:\/\/terjebjornstad.com\/no\/2021\/08\/22\/ladeforviklinger-i-sverige\/","og_locale":"nb_NO","og_type":"article","og_title":"Ladeforviklinger i Sverige - Terjes biler - Ladere med problemer","og_description":"Sverige har ikke like godt utbygget infrastruktur for elbiler som i Norge. Det er ikke like lett \u00e5 finne ladere - som fungerer!","og_url":"https:\/\/terjebjornstad.com\/no\/2021\/08\/22\/ladeforviklinger-i-sverige\/","og_site_name":"Terjes biler","article_publisher":"https:\/\/www.facebook.com\/terjesbiler\/","article_author":"https:\/\/www.facebook.com\/terjesbiler","article_published_time":"2021-08-22T01:10:11+00:00","article_modified_time":"2024-06-14T09:06:47+00:00","og_image":[{"width":1080,"height":608,"url":"https:\/\/terjebjornstad.com\/no\/wp-content\/uploads\/2021\/08\/1-xpeng-g3-1080x720-5.png","type":"image\/png"}],"author":"Terje Bj\u00f8rnstad","twitter_card":"summary_large_image","twitter_misc":{"Skrevet av":"Terje Bj\u00f8rnstad","Ansl. lesetid":"6 minutter"},"schema":{"@context":"https:\/\/schema.org","@graph":[{"@type":"Article","@id":"https:\/\/terjebjornstad.com\/no\/2021\/08\/22\/ladeforviklinger-i-sverige\/#article","isPartOf":{"@id":"https:\/\/terjebjornstad.com\/no\/2021\/08\/22\/ladeforviklinger-i-sverige\/"},"author":{"name":"Terje Bj\u00f8rnstad","@id":"https:\/\/terjebjornstad.com\/no\/#\/schema\/person\/a281f6a6e0f3cc9fe468e7f0c655aa65"},"headline":"Ladeforviklinger i Sverige","datePublished":"2021-08-22T01:10:11+00:00","dateModified":"2024-06-14T09:06:47+00:00","mainEntityOfPage":{"@id":"https:\/\/terjebjornstad.com\/no\/2021\/08\/22\/ladeforviklinger-i-sverige\/"},"wordCount":796,"commentCount":0,"publisher":{"@id":"https:\/\/terjebjornstad.com\/no\/#organization"},"image":{"@id":"https:\/\/terjebjornstad.com\/no\/2021\/08\/22\/ladeforviklinger-i-sverige\/#primaryimage"},"thumbnailUrl":"https:\/\/i0.wp.com\/terjebjornstad.com\/no\/wp-content\/uploads\/2021\/08\/1-xpeng-g3-1080x720-5.png?fit=1080%2C608&ssl=1","keywords":["Elbil i Sverige","Elbil Sverige","Elbillading Sverige","Ladestasjoner Sverige","Lading i Sverige","Lading kortbetaling","Svenske ladestasjoner"],"articleSection":["Artikkel","G3","Ladeproblemer","Xpeng"],"inLanguage":"nb-NO","potentialAction":[{"@type":"CommentAction","name":"Comment","target":["https:\/\/terjebjornstad.com\/no\/2021\/08\/22\/ladeforviklinger-i-sverige\/#respond"]}]},{"@type":"WebPage","@id":"https:\/\/terjebjornstad.com\/no\/2021\/08\/22\/ladeforviklinger-i-sverige\/","url":"https:\/\/terjebjornstad.com\/no\/2021\/08\/22\/ladeforviklinger-i-sverige\/","name":"Ladeforviklinger i Sverige - Terjes biler - Ladere med problemer","isPartOf":{"@id":"https:\/\/terjebjornstad.com\/no\/#website"},"primaryImageOfPage":{"@id":"https:\/\/terjebjornstad.com\/no\/2021\/08\/22\/ladeforviklinger-i-sverige\/#primaryimage"},"image":{"@id":"https:\/\/terjebjornstad.com\/no\/2021\/08\/22\/ladeforviklinger-i-sverige\/#primaryimage"},"thumbnailUrl":"https:\/\/i0.wp.com\/terjebjornstad.com\/no\/wp-content\/uploads\/2021\/08\/1-xpeng-g3-1080x720-5.png?fit=1080%2C608&ssl=1","datePublished":"2021-08-22T01:10:11+00:00","dateModified":"2024-06-14T09:06:47+00:00","description":"Sverige har ikke like godt utbygget infrastruktur for elbiler som i Norge. Det er ikke like lett \u00e5 finne ladere - som fungerer!","breadcrumb":{"@id":"https:\/\/terjebjornstad.com\/no\/2021\/08\/22\/ladeforviklinger-i-sverige\/#breadcrumb"},"inLanguage":"nb-NO","potentialAction":[{"@type":"ReadAction","target":["https:\/\/terjebjornstad.com\/no\/2021\/08\/22\/ladeforviklinger-i-sverige\/"]}]},{"@type":"ImageObject","inLanguage":"nb-NO","@id":"https:\/\/terjebjornstad.com\/no\/2021\/08\/22\/ladeforviklinger-i-sverige\/#primaryimage","url":"https:\/\/i0.wp.com\/terjebjornstad.com\/no\/wp-content\/uploads\/2021\/08\/1-xpeng-g3-1080x720-5.png?fit=1080%2C608&ssl=1","contentUrl":"https:\/\/i0.wp.com\/terjebjornstad.com\/no\/wp-content\/uploads\/2021\/08\/1-xpeng-g3-1080x720-5.png?fit=1080%2C608&ssl=1","width":1080,"height":608,"caption":"Ladeforviklinger i Sverige"},{"@type":"BreadcrumbList","@id":"https:\/\/terjebjornstad.com\/no\/2021\/08\/22\/ladeforviklinger-i-sverige\/#breadcrumb","itemListElement":[{"@type":"ListItem","position":1,"name":"Hjem","item":"https:\/\/terjebjornstad.com\/no\/"},{"@type":"ListItem","position":2,"name":"Ladeforviklinger i Sverige"}]},{"@type":"WebSite","@id":"https:\/\/terjebjornstad.com\/no\/#website","url":"https:\/\/terjebjornstad.com\/no\/","name":"Terjes biler","description":"HONEST ABOUT CARS","publisher":{"@id":"https:\/\/terjebjornstad.com\/no\/#organization"},"alternateName":"Terjebjornstad.com","potentialAction":[{"@type":"SearchAction","target":{"@type":"EntryPoint","urlTemplate":"https:\/\/terjebjornstad.com\/no\/?s={search_term_string}"},"query-input":{"@type":"PropertyValueSpecification","valueRequired":true,"valueName":"search_term_string"}}],"inLanguage":"nb-NO"},{"@type":"Organization","@id":"https:\/\/terjebjornstad.com\/no\/#organization","name":"Terje Bj\u00f8rnstad ENK","url":"https:\/\/terjebjornstad.com\/no\/","logo":{"@type":"ImageObject","inLanguage":"nb-NO","@id":"https:\/\/terjebjornstad.com\/no\/#\/schema\/logo\/image\/","url":"https:\/\/i0.wp.com\/terjebjornstad.com\/no\/wp-content\/uploads\/2026\/02\/terjesbiler2024-960x354-1.png?fit=960%2C354&ssl=1","contentUrl":"https:\/\/i0.wp.com\/terjebjornstad.com\/no\/wp-content\/uploads\/2026\/02\/terjesbiler2024-960x354-1.png?fit=960%2C354&ssl=1","width":960,"height":354,"caption":"Terje Bj\u00f8rnstad ENK"},"image":{"@id":"https:\/\/terjebjornstad.com\/no\/#\/schema\/logo\/image\/"},"sameAs":["https:\/\/www.facebook.com\/terjesbiler\/","https:\/\/www.instagram.com\/terjesbiler\/","https:\/\/www.pinteres.com\/terjebjrnstad\/terjes-biler\/"]},{"@type":"Person","@id":"https:\/\/terjebjornstad.com\/no\/#\/schema\/person\/a281f6a6e0f3cc9fe468e7f0c655aa65","name":"Terje Bj\u00f8rnstad","image":{"@type":"ImageObject","inLanguage":"nb-NO","@id":"https:\/\/secure.gravatar.com\/avatar\/e8dff505b51cf6cb67ae06a06022d2049aac2da1e79dc146a36b58798c4b40ea?s=96&d=mm&r=g","url":"https:\/\/secure.gravatar.com\/avatar\/e8dff505b51cf6cb67ae06a06022d2049aac2da1e79dc146a36b58798c4b40ea?s=96&d=mm&r=g","contentUrl":"https:\/\/secure.gravatar.com\/avatar\/e8dff505b51cf6cb67ae06a06022d2049aac2da1e79dc146a36b58798c4b40ea?s=96&d=mm&r=g","caption":"Terje Bj\u00f8rnstad"},"description":"Terje Bj\u00f8rnstad. Bloggadministrator, hobbyfotograf og bilnerd.","sameAs":["https:\/\/www.facebook.com\/terjesbiler","https:\/\/www.instagram.com\/terjesbiler","https:\/\/no.pinterest.com\/terjebjrnstad","https:\/\/www.youtube.com\/channel\/UCzCKJJDybyIgKqatc_JQqIg"]}]}},"jetpack_publicize_connections":[],"jetpack_featured_media_url":"https:\/\/i0.wp.com\/terjebjornstad.com\/no\/wp-content\/uploads\/2021\/08\/1-xpeng-g3-1080x720-5.png?fit=1080%2C608&ssl=1","jetpack_sharing_enabled":true,"jetpack_shortlink":"https:\/\/wp.me\/p48zYA-b4Q","jetpack-related-posts":[{"id":51967,"url":"https:\/\/terjebjornstad.com\/no\/2022\/08\/17\/ladeforviklinger-i-sverige-2\/","url_meta":{"origin":42584,"position":0},"title":"Ladeforviklinger i Sverige 2","author":"Jonny Bun\u00e6s","date":"17\/08\/2022","format":false,"excerpt":"Ny tur med elbil til Sverige. Vi dro med god tro p\u00e5 at feil og mangler ved ladestasjonene var rettet opp siden vi var innom i august i fjor. Men det var ikke blitt bedre. Langt i fra. Vi ankom Rasta i V\u00e4rnamo hvor vi hadde bestilt rom og tenkte\u2026","rel":"","context":"i &quot;Artikkel&quot;","block_context":{"text":"Artikkel","link":"https:\/\/terjebjornstad.com\/no\/category\/artikkel\/"},"img":{"alt_text":"","src":"https:\/\/i0.wp.com\/terjebjornstad.com\/no\/wp-content\/uploads\/2022\/08\/ladeforviklinger-i-sverige-2-1020.jpg?resize=350%2C200&ssl=1","width":350,"height":200,"srcset":"https:\/\/i0.wp.com\/terjebjornstad.com\/no\/wp-content\/uploads\/2022\/08\/ladeforviklinger-i-sverige-2-1020.jpg?resize=350%2C200&ssl=1 1x, https:\/\/i0.wp.com\/terjebjornstad.com\/no\/wp-content\/uploads\/2022\/08\/ladeforviklinger-i-sverige-2-1020.jpg?resize=525%2C300&ssl=1 1.5x, https:\/\/i0.wp.com\/terjebjornstad.com\/no\/wp-content\/uploads\/2022\/08\/ladeforviklinger-i-sverige-2-1020.jpg?resize=700%2C400&ssl=1 2x, https:\/\/i0.wp.com\/terjebjornstad.com\/no\/wp-content\/uploads\/2022\/08\/ladeforviklinger-i-sverige-2-1020.jpg?resize=1050%2C600&ssl=1 3x"},"classes":[]},{"id":72616,"url":"https:\/\/terjebjornstad.com\/no\/2024\/06\/10\/bensinstasjonene-tar-grep-om-ladingen-okq8\/","url_meta":{"origin":42584,"position":1},"title":"Bensinstasjonene tar grep om ladingen","author":"Terje Bj\u00f8rnstad","date":"10\/06\/2024","format":false,"excerpt":"Nylig fikk jeg en helt ny opplevelse i forbindelse med lading. Jeg svingte inn p\u00e5 en bensinstasjon, stanset ved en ladestolpe, \u201ct\u00e6ppet\u201d kortet og satte inn kontakten. S\u00e5 enkelt - s\u00e5 genialt! OKQ8-stasjonen p\u00e5 Rasta H\u00e5by i Munkedal, Sverige, er \u00e9n av selskapets 100 hurtigladestasjoner hvor man kan \"t\u00e6ppe\" bankkortet.\u2026","rel":"","context":"i &quot;Artikkel&quot;","block_context":{"text":"Artikkel","link":"https:\/\/terjebjornstad.com\/no\/category\/artikkel\/"},"img":{"alt_text":"","src":"https:\/\/i0.wp.com\/terjebjornstad.com\/no\/wp-content\/uploads\/2024\/06\/Supersnabbladdning.jpg?fit=1000%2C750&ssl=1&resize=350%2C200","width":350,"height":200,"srcset":"https:\/\/i0.wp.com\/terjebjornstad.com\/no\/wp-content\/uploads\/2024\/06\/Supersnabbladdning.jpg?fit=1000%2C750&ssl=1&resize=350%2C200 1x, https:\/\/i0.wp.com\/terjebjornstad.com\/no\/wp-content\/uploads\/2024\/06\/Supersnabbladdning.jpg?fit=1000%2C750&ssl=1&resize=525%2C300 1.5x, https:\/\/i0.wp.com\/terjebjornstad.com\/no\/wp-content\/uploads\/2024\/06\/Supersnabbladdning.jpg?fit=1000%2C750&ssl=1&resize=700%2C400 2x"},"classes":[]},{"id":61757,"url":"https:\/\/terjebjornstad.com\/no\/2023\/07\/20\/for-tidlig-a-fase-ut-dieselbiler\/","url_meta":{"origin":42584,"position":2},"title":"For tidlig \u00e5 fase ut dieselbiler?","author":"Terje Bj\u00f8rnstad","date":"20\/07\/2023","format":false,"excerpt":"Tilbudet av personbiler med dieselmotorer er kraftig redusert - spesielt i elbil-gunstige Norge, men ogs\u00e5 andre steder, ettersom bilprodusentene slutter \u00e5 lage dem. Samtidig meldes det om at fossilbiler er mer etterspurt enn elbiler p\u00e5 bruktmarkedet, og at utenlandske oppkj\u00f8pere n\u00e5 str\u00f8mmer til bruktbilhallene. Er det for tidlig \u00e5 fase\u2026","rel":"","context":"i &quot;Artikkel&quot;","block_context":{"text":"Artikkel","link":"https:\/\/terjebjornstad.com\/no\/category\/artikkel\/"},"img":{"alt_text":"","src":"https:\/\/i0.wp.com\/terjebjornstad.com\/no\/wp-content\/uploads\/2023\/07\/Depositphotos_70655407_L.jpg?fit=1200%2C800&ssl=1&resize=350%2C200","width":350,"height":200,"srcset":"https:\/\/i0.wp.com\/terjebjornstad.com\/no\/wp-content\/uploads\/2023\/07\/Depositphotos_70655407_L.jpg?fit=1200%2C800&ssl=1&resize=350%2C200 1x, https:\/\/i0.wp.com\/terjebjornstad.com\/no\/wp-content\/uploads\/2023\/07\/Depositphotos_70655407_L.jpg?fit=1200%2C800&ssl=1&resize=525%2C300 1.5x, https:\/\/i0.wp.com\/terjebjornstad.com\/no\/wp-content\/uploads\/2023\/07\/Depositphotos_70655407_L.jpg?fit=1200%2C800&ssl=1&resize=700%2C400 2x, https:\/\/i0.wp.com\/terjebjornstad.com\/no\/wp-content\/uploads\/2023\/07\/Depositphotos_70655407_L.jpg?fit=1200%2C800&ssl=1&resize=1050%2C600 3x"},"classes":[]},{"id":62644,"url":"https:\/\/terjebjornstad.com\/no\/2023\/08\/25\/til-europa-med-elbil-2023\/","url_meta":{"origin":42584,"position":3},"title":"Til Europa med elbil 2023","author":"Terje Bj\u00f8rnstad","date":"25\/08\/2023","format":false,"excerpt":"Jeg har stor respekt for elbil-pionerene som dro nedover til Europa for ti \u00e5r siden. Det m\u00e5 ha v\u00e6rt spennende \u00e5 ankomme byens eneste ladestasjon og finne ut at den var i ustand. S\u00e5nt blir det gode historier av. Mange av historiene ligger enn\u00e5 ute p\u00e5 nettet og kan skremme\u2026","rel":"","context":"i &quot;Artikkel&quot;","block_context":{"text":"Artikkel","link":"https:\/\/terjebjornstad.com\/no\/category\/artikkel\/"},"img":{"alt_text":"","src":"https:\/\/i0.wp.com\/terjebjornstad.com\/no\/wp-content\/uploads\/2023\/08\/tesla-oresundbroen.1920x1280.jpg?fit=1200%2C800&ssl=1&resize=350%2C200","width":350,"height":200,"srcset":"https:\/\/i0.wp.com\/terjebjornstad.com\/no\/wp-content\/uploads\/2023\/08\/tesla-oresundbroen.1920x1280.jpg?fit=1200%2C800&ssl=1&resize=350%2C200 1x, https:\/\/i0.wp.com\/terjebjornstad.com\/no\/wp-content\/uploads\/2023\/08\/tesla-oresundbroen.1920x1280.jpg?fit=1200%2C800&ssl=1&resize=525%2C300 1.5x, https:\/\/i0.wp.com\/terjebjornstad.com\/no\/wp-content\/uploads\/2023\/08\/tesla-oresundbroen.1920x1280.jpg?fit=1200%2C800&ssl=1&resize=700%2C400 2x, https:\/\/i0.wp.com\/terjebjornstad.com\/no\/wp-content\/uploads\/2023\/08\/tesla-oresundbroen.1920x1280.jpg?fit=1200%2C800&ssl=1&resize=1050%2C600 3x"},"classes":[]},{"id":71413,"url":"https:\/\/terjebjornstad.com\/no\/2024\/04\/28\/med-elbil-til-europa-i-sommer\/","url_meta":{"origin":42584,"position":4},"title":"Med elbil til Europa i sommer?","author":"Terje Bj\u00f8rnstad","date":"28\/04\/2024","format":false,"excerpt":"Bare siden i fjor h\u00f8st, er det dukket opp flere nye ladestasjoner langs hovedrutene nedover i Europa. Det er enklere enn noensinne \u00e5 kj\u00f8re elbil. Men det l\u00f8nner seg \u00e5 planlegge turen p\u00e5 forh\u00e5nd i stedet for \u00e5 reise p\u00e5 lykke og fromme. Velg en god rute Hvis man skal\u2026","rel":"","context":"i &quot;Bilturisme&quot;","block_context":{"text":"Bilturisme","link":"https:\/\/terjebjornstad.com\/no\/category\/bilturisme\/"},"img":{"alt_text":"","src":"https:\/\/i0.wp.com\/terjebjornstad.com\/no\/wp-content\/uploads\/2024\/04\/reise.2024-1920x1280-1.jpg?fit=1200%2C800&ssl=1&resize=350%2C200","width":350,"height":200,"srcset":"https:\/\/i0.wp.com\/terjebjornstad.com\/no\/wp-content\/uploads\/2024\/04\/reise.2024-1920x1280-1.jpg?fit=1200%2C800&ssl=1&resize=350%2C200 1x, https:\/\/i0.wp.com\/terjebjornstad.com\/no\/wp-content\/uploads\/2024\/04\/reise.2024-1920x1280-1.jpg?fit=1200%2C800&ssl=1&resize=525%2C300 1.5x, https:\/\/i0.wp.com\/terjebjornstad.com\/no\/wp-content\/uploads\/2024\/04\/reise.2024-1920x1280-1.jpg?fit=1200%2C800&ssl=1&resize=700%2C400 2x, https:\/\/i0.wp.com\/terjebjornstad.com\/no\/wp-content\/uploads\/2024\/04\/reise.2024-1920x1280-1.jpg?fit=1200%2C800&ssl=1&resize=1050%2C600 3x"},"classes":[]},{"id":64899,"url":"https:\/\/terjebjornstad.com\/no\/2023\/10\/22\/den-beste-motorvei-europa\/","url_meta":{"origin":42584,"position":5},"title":"Den beste motorvei?","author":"Terje Bj\u00f8rnstad","date":"22\/10\/2023","format":false,"excerpt":"Skal du kj\u00f8re gjennom Europa, er det motorveier som gjelder. Jeg har rullet terning over motorveier gjennom 6 forskjellige land - og har k\u00e5ret en vinner! En motorvei, er en motorvei, er en... Vi fikk en fin tur denne gangen ogs\u00e5. Tre dager p\u00e5 motorvei gikk som en dr\u00f8m, takket\u2026","rel":"","context":"i &quot;Artikkel&quot;","block_context":{"text":"Artikkel","link":"https:\/\/terjebjornstad.com\/no\/category\/artikkel\/"},"img":{"alt_text":"","src":"https:\/\/i0.wp.com\/terjebjornstad.com\/no\/wp-content\/uploads\/2023\/10\/german-motorway-depositphotos-lembit-2000x1500-1.jpg?fit=1200%2C900&ssl=1&resize=350%2C200","width":350,"height":200,"srcset":"https:\/\/i0.wp.com\/terjebjornstad.com\/no\/wp-content\/uploads\/2023\/10\/german-motorway-depositphotos-lembit-2000x1500-1.jpg?fit=1200%2C900&ssl=1&resize=350%2C200 1x, https:\/\/i0.wp.com\/terjebjornstad.com\/no\/wp-content\/uploads\/2023\/10\/german-motorway-depositphotos-lembit-2000x1500-1.jpg?fit=1200%2C900&ssl=1&resize=525%2C300 1.5x, https:\/\/i0.wp.com\/terjebjornstad.com\/no\/wp-content\/uploads\/2023\/10\/german-motorway-depositphotos-lembit-2000x1500-1.jpg?fit=1200%2C900&ssl=1&resize=700%2C400 2x, https:\/\/i0.wp.com\/terjebjornstad.com\/no\/wp-content\/uploads\/2023\/10\/german-motorway-depositphotos-lembit-2000x1500-1.jpg?fit=1200%2C900&ssl=1&resize=1050%2C600 3x"},"classes":[]}],"gt_translate_keys":[{"key":"link","format":"url"}],"_links":{"self":[{"href":"https:\/\/terjebjornstad.com\/no\/wp-json\/wp\/v2\/posts\/42584","targetHints":{"allow":["GET"]}}],"collection":[{"href":"https:\/\/terjebjornstad.com\/no\/wp-json\/wp\/v2\/posts"}],"about":[{"href":"https:\/\/terjebjornstad.com\/no\/wp-json\/wp\/v2\/types\/post"}],"author":[{"embeddable":true,"href":"https:\/\/terjebjornstad.com\/no\/wp-json\/wp\/v2\/users\/1"}],"replies":[{"embeddable":true,"href":"https:\/\/terjebjornstad.com\/no\/wp-json\/wp\/v2\/comments?post=42584"}],"version-history":[{"count":42,"href":"https:\/\/terjebjornstad.com\/no\/wp-json\/wp\/v2\/posts\/42584\/revisions"}],"predecessor-version":[{"id":72797,"href":"https:\/\/terjebjornstad.com\/no\/wp-json\/wp\/v2\/posts\/42584\/revisions\/72797"}],"wp:featuredmedia":[{"embeddable":true,"href":"https:\/\/terjebjornstad.com\/no\/wp-json\/wp\/v2\/media\/42581"}],"wp:attachment":[{"href":"https:\/\/terjebjornstad.com\/no\/wp-json\/wp\/v2\/media?parent=42584"}],"wp:term":[{"taxonomy":"category","embeddable":true,"href":"https:\/\/terjebjornstad.com\/no\/wp-json\/wp\/v2\/categories?post=42584"},{"taxonomy":"post_tag","embeddable":true,"href":"https:\/\/terjebjornstad.com\/no\/wp-json\/wp\/v2\/tags?post=42584"}],"curies":[{"name":"wp","href":"https:\/\/api.w.org\/{rel}","templated":true}]}}