{"id":41904,"date":"2021-07-22T02:12:23","date_gmt":"2021-07-22T01:12:23","guid":{"rendered":"https:\/\/terjebjornstad.com\/no\/?p=41904"},"modified":"2024-02-08T16:09:31","modified_gmt":"2024-02-08T15:09:31","slug":"viking-camp-fra-andalsnes","status":"publish","type":"post","link":"https:\/\/terjebjornstad.com\/no\/2021\/07\/22\/viking-camp-fra-andalsnes\/","title":{"rendered":"Viking-Camp fra \u00c5ndalsnes","gt_translate_keys":[{"key":"rendered","format":"text"}]},"content":{"rendered":"<div class=\"copy_teb\"><a href=\"https:\/\/i0.wp.com\/terjebjornstad.com\/no\/wp-content\/uploads\/2021\/07\/1988-volkswagen-t3-viking-1080x720-2.png?ssl=1\"><img data-recalc-dims=\"1\" loading=\"lazy\" decoding=\"async\" data-attachment-id=\"41905\" data-permalink=\"https:\/\/terjebjornstad.com\/no\/2021\/07\/22\/viking-camp-fra-andalsnes\/1988-volkswagen-t3-viking-1080x720\/\" data-orig-file=\"https:\/\/i0.wp.com\/terjebjornstad.com\/no\/wp-content\/uploads\/2021\/07\/1988-volkswagen-t3-viking-1080x720-1.png?fit=1080%2C720&amp;ssl=1\" data-orig-size=\"1080,720\" data-comments-opened=\"1\" data-image-meta=\"{&quot;aperture&quot;:&quot;0&quot;,&quot;credit&quot;:&quot;&quot;,&quot;camera&quot;:&quot;&quot;,&quot;caption&quot;:&quot;&quot;,&quot;created_timestamp&quot;:&quot;0&quot;,&quot;copyright&quot;:&quot;&quot;,&quot;focal_length&quot;:&quot;0&quot;,&quot;iso&quot;:&quot;0&quot;,&quot;shutter_speed&quot;:&quot;0&quot;,&quot;title&quot;:&quot;&quot;,&quot;orientation&quot;:&quot;0&quot;}\" data-image-title=\"1988-volkswagen-t3-viking-1080&amp;#215;720\" data-image-description=\"\" data-image-caption=\"&lt;p&gt;Volkswagen T3 campingbil fra Viking Camp (1 bilde + 2 reklamebilder)&lt;\/p&gt;\n\" data-large-file=\"https:\/\/i0.wp.com\/terjebjornstad.com\/no\/wp-content\/uploads\/2021\/07\/1988-volkswagen-t3-viking-1080x720-1.png?fit=980%2C653&amp;ssl=1\" class=\"size-full wp-image-41905\" src=\"https:\/\/i0.wp.com\/terjebjornstad.com\/no\/wp-content\/uploads\/2021\/07\/1988-volkswagen-t3-viking-1080x720-2.png?resize=980%2C653&#038;ssl=1\" alt=\"\" width=\"980\" height=\"653\" \/><\/a><\/p>\n<blockquote><p>Etter at kredittpolitikken ble liberalisert p\u00e5 80-tallet kunne mange realisere sine dr\u00f8mmer om luksus. Det var da bobilene for alvor kom til Norge. Noen begynte med import, mens andre startet produksjon.<\/p><\/blockquote>\n<h3>&nbsp;<\/h3>\n<p>Jeg kom over denne flotte campingbilen her forleden. Den hadde M\u00f8re-skilter og var registrert som Volkswagen Transporter, noe som indikerer at den er ombygget <u>etter<\/u> f\u00f8rste gangs registrering i Norge.<\/p>\n<h3 class=\"tebh2\">Men hvor?<\/h3>\n<p>Navnet &laquo;Viking&raquo; gir en liten pekepinn. Jeg m\u00e5tte gj\u00f8re et dypdykk i tidligere utgaver av <em>Caravan<\/em> &#8211; medlemsbladet til Norsk caravan club. I 1987 lagde bladet en reportasje fra Caravanmessen p\u00e5 Sj\u00f8lyst. Da presenterte de Viking-Camp p\u00e5 f\u00f8lgende m\u00e5te (sitat):<\/p>\n<p><figure id=\"attachment_46803\" aria-describedby=\"caption-attachment-46803\" style=\"width: 64px\" class=\"wp-caption alignleft\"><img data-recalc-dims=\"1\" loading=\"lazy\" decoding=\"async\" data-attachment-id=\"46803\" data-permalink=\"https:\/\/terjebjornstad.com\/no\/2022\/02\/14\/1961-volkswagen-type-3-cabriolet-1500-cabriolet\/bigquote2-1\/\" data-orig-file=\"https:\/\/i0.wp.com\/terjebjornstad.com\/no\/wp-content\/uploads\/2022\/02\/bigquote2-1.png?fit=64%2C64&amp;ssl=1\" data-orig-size=\"64,64\" data-comments-opened=\"1\" data-image-meta=\"{&quot;aperture&quot;:&quot;0&quot;,&quot;credit&quot;:&quot;&quot;,&quot;camera&quot;:&quot;&quot;,&quot;caption&quot;:&quot;&quot;,&quot;created_timestamp&quot;:&quot;0&quot;,&quot;copyright&quot;:&quot;&quot;,&quot;focal_length&quot;:&quot;0&quot;,&quot;iso&quot;:&quot;0&quot;,&quot;shutter_speed&quot;:&quot;0&quot;,&quot;title&quot;:&quot;&quot;,&quot;orientation&quot;:&quot;0&quot;}\" data-image-title=\"bigquote2-1\" data-image-description=\"\" data-image-caption=\"&lt;p&gt;&amp;nbsp;&lt;\/p&gt;\n\" data-large-file=\"https:\/\/i0.wp.com\/terjebjornstad.com\/no\/wp-content\/uploads\/2022\/02\/bigquote2-1.png?fit=64%2C64&amp;ssl=1\" src=\"https:\/\/i0.wp.com\/terjebjornstad.com\/no\/wp-content\/uploads\/2022\/02\/bigquote2-1.png?resize=64%2C64&#038;ssl=1\" alt=\"\" width=\"64\" height=\"64\" class=\"size-full wp-image-46803\" srcset=\"https:\/\/i0.wp.com\/terjebjornstad.com\/no\/wp-content\/uploads\/2022\/02\/bigquote2-1.png?w=64&amp;ssl=1 64w, https:\/\/i0.wp.com\/terjebjornstad.com\/no\/wp-content\/uploads\/2022\/02\/bigquote2-1.png?resize=50%2C50&amp;ssl=1 50w\" sizes=\"auto, (max-width: 64px) 100vw, 64px\" \/><figcaption id=\"caption-attachment-46803\" class=\"wp-caption-text\">&nbsp;<\/figcaption><\/figure><em>Fra \u00d8ranprodukter p\u00e5 \u00c5ndalsnes kommer en bobil med betegnelsen Viking. Firmaet har eksistert i 10 \u00e5r, hvorav man de siste 3 har satset mer p\u00e5 bobiler. All innredning er h\u00e5ndprodusert ved egen fabrikk og utf\u00f8rt i teakfin\u00e9r, med matchende stofftrekk i mellombl\u00e5 farge. Bilen gir sengeplass til 4 personer og har en rekke snedige detaljl\u00f8sninger. Som basis tjener enten Citro\u00ebn D25 med langt chassis, eller VW Transporter.<\/em><\/p>\n<h3>&nbsp;<\/H3><\/p>\n<h3 class=\"tebh2\">Fra Transporter til campingbil<\/h3>\n<p>Bilen p\u00e5 bildet v\u00e5rt, er en 1988-modell Transporter registrert som campingbil med 4 seter. Hvis vi tenker oss at utgangspunktet var en Transporter med Caravelle sidevinduer, m\u00e5 taket v\u00e6re klippet opp og erstattet med en fast glassfibertopp &#8211; og eventuell skillevegg til varerommet fjernet. P\u00e5 venstre side (business-siden) er det laget en luke til gass og vanntanker, samt inntak for str\u00f8m. Det er hva vi kan se fra utsiden. Det er mange som har laget takl\u00f8sninger for Volkswagen T3. De fleste er mer praktiske enn vakre. Viking-Camp kler bilen godt. Det har en enkel form som fullf\u00f8rer de eksisterende linjene p\u00e5 en fin m\u00e5te (shutlines).<\/p>\n<p><a href=\"https:\/\/i0.wp.com\/terjebjornstad.com\/no\/wp-content\/uploads\/2021\/07\/viking-reklame-1987-01.png?ssl=1\"><img data-recalc-dims=\"1\" loading=\"lazy\" decoding=\"async\" data-attachment-id=\"41906\" data-permalink=\"https:\/\/terjebjornstad.com\/no\/2021\/07\/22\/viking-camp-fra-andalsnes\/viking-reklame-1987-01\/\" data-orig-file=\"https:\/\/i0.wp.com\/terjebjornstad.com\/no\/wp-content\/uploads\/2021\/07\/viking-reklame-1987-01.png?fit=649%2C905&amp;ssl=1\" data-orig-size=\"649,905\" data-comments-opened=\"1\" data-image-meta=\"{&quot;aperture&quot;:&quot;0&quot;,&quot;credit&quot;:&quot;&quot;,&quot;camera&quot;:&quot;&quot;,&quot;caption&quot;:&quot;&quot;,&quot;created_timestamp&quot;:&quot;0&quot;,&quot;copyright&quot;:&quot;&quot;,&quot;focal_length&quot;:&quot;0&quot;,&quot;iso&quot;:&quot;0&quot;,&quot;shutter_speed&quot;:&quot;0&quot;,&quot;title&quot;:&quot;&quot;,&quot;orientation&quot;:&quot;0&quot;}\" data-image-title=\"viking-reklame-1987-01\" data-image-description=\"\" data-image-caption=\"&lt;p&gt;Reklame i Caravan nummer 1987-2&lt;\/p&gt;\n\" data-large-file=\"https:\/\/i0.wp.com\/terjebjornstad.com\/no\/wp-content\/uploads\/2021\/07\/viking-reklame-1987-01.png?fit=649%2C905&amp;ssl=1\" class=\"size-full wp-image-41906\" src=\"https:\/\/i0.wp.com\/terjebjornstad.com\/no\/wp-content\/uploads\/2021\/07\/viking-reklame-1987-01.png?resize=649%2C905&#038;ssl=1\" alt=\"viking camp\" width=\"649\" height=\"905\" srcset=\"https:\/\/i0.wp.com\/terjebjornstad.com\/no\/wp-content\/uploads\/2021\/07\/viking-reklame-1987-01.png?w=649&amp;ssl=1 649w, https:\/\/i0.wp.com\/terjebjornstad.com\/no\/wp-content\/uploads\/2021\/07\/viking-reklame-1987-01.png?resize=215%2C300&amp;ssl=1 215w\" sizes=\"auto, (max-width: 649px) 100vw, 649px\" \/><\/a><\/p>\n<h3><\/h3>\n<h3 class=\"tebh2\">H\u00e5ndlaget<\/h3>\n<p>Bildet av campingbilen er nylig tatt ved Oslo konserthus. Etter 32 \u00e5r er det flott at bilens opprinnelse er markert. Jeg er ikke sikker p\u00e5 hvilken tekst eller dekor bilene opprinnelig ble levert med. &laquo;Viking&raquo;, &laquo;Viking-Camp&raquo; eller &laquo;Viking-Camping&raquo;. Sannsynligvis varierte det over tid. Hver bil ble nemlig h\u00e5ndlaget.<\/p>\n<h3 class=\"tebh2\">Bilbyggeren<\/h3>\n<p>Jeg har greidd \u00e5 spore opp litt informasjon om campingbil-produksjonen ved \u00d8ranprodukter. I eldre utgaver av D\u00f8ves Tidsskrift &#8211; et organ for Norges D\u00f8veforbund &#8211; st\u00e5r det \u00e5 lese om <em>Torbj\u00f8rn Tokle<\/em> som har hatt mange jern i ilden &#8211; ikke bare i D\u00f8veforbundet &#8211; men ogs\u00e5 hos \u00d8ranprodukter hvor han bygde om varebiler til campingbiler &#8211; for det meste alene. Noen \u00e5r tidligere hadde han p\u00e5 egen h\u00e5nd bygget om en Fiat varebil til bobil. Den kj\u00f8rte han og to kompiser fra Norge gjennom hele Afrika. Han forteller videre til D\u00f8ves Tidsskrift at han jobbet med flere bilmerker hos \u00d8ranprodukter. Hovedsakelig var det Caravelle og Mazda E2000.<\/p>\n<p>P\u00e5 det meste var de cirka 50 ansatte i attf\u00f8ringsbedriften som var eid av fylkeskommunen. Ombyggingen av varebiler var bare en del av virksomheten. Det p\u00e5gikk omtrent under samme \u00e5rene som Tokle jobbet der &#8211; fra 1984 til 1990. I 1999 gikk hele bedriften konkurs.<\/p>\n<p><a href=\"https:\/\/i0.wp.com\/terjebjornstad.com\/no\/wp-content\/uploads\/2021\/07\/viking-reklame-e2000.png?ssl=1\"><img data-recalc-dims=\"1\" loading=\"lazy\" decoding=\"async\" data-attachment-id=\"41909\" data-permalink=\"https:\/\/terjebjornstad.com\/no\/2021\/07\/22\/viking-camp-fra-andalsnes\/viking-reklame-e2000\/\" data-orig-file=\"https:\/\/i0.wp.com\/terjebjornstad.com\/no\/wp-content\/uploads\/2021\/07\/viking-reklame-e2000.png?fit=1016%2C521&amp;ssl=1\" data-orig-size=\"1016,521\" data-comments-opened=\"1\" data-image-meta=\"{&quot;aperture&quot;:&quot;0&quot;,&quot;credit&quot;:&quot;&quot;,&quot;camera&quot;:&quot;&quot;,&quot;caption&quot;:&quot;&quot;,&quot;created_timestamp&quot;:&quot;0&quot;,&quot;copyright&quot;:&quot;&quot;,&quot;focal_length&quot;:&quot;0&quot;,&quot;iso&quot;:&quot;0&quot;,&quot;shutter_speed&quot;:&quot;0&quot;,&quot;title&quot;:&quot;&quot;,&quot;orientation&quot;:&quot;0&quot;}\" data-image-title=\"viking-reklame-e2000\" data-image-description=\"\" data-image-caption=\"&lt;p&gt;Reklame fra D\u00f8ves Tidskrift 1987&lt;\/p&gt;\n\" data-large-file=\"https:\/\/i0.wp.com\/terjebjornstad.com\/no\/wp-content\/uploads\/2021\/07\/viking-reklame-e2000.png?fit=980%2C503&amp;ssl=1\" class=\"size-full wp-image-41909\" src=\"https:\/\/i0.wp.com\/terjebjornstad.com\/no\/wp-content\/uploads\/2021\/07\/viking-reklame-e2000.png?resize=980%2C503&#038;ssl=1\" alt=\"\" width=\"980\" height=\"503\" srcset=\"https:\/\/i0.wp.com\/terjebjornstad.com\/no\/wp-content\/uploads\/2021\/07\/viking-reklame-e2000.png?w=1016&amp;ssl=1 1016w, https:\/\/i0.wp.com\/terjebjornstad.com\/no\/wp-content\/uploads\/2021\/07\/viking-reklame-e2000.png?resize=300%2C154&amp;ssl=1 300w, https:\/\/i0.wp.com\/terjebjornstad.com\/no\/wp-content\/uploads\/2021\/07\/viking-reklame-e2000.png?resize=768%2C394&amp;ssl=1 768w, https:\/\/i0.wp.com\/terjebjornstad.com\/no\/wp-content\/uploads\/2021\/07\/viking-reklame-e2000.png?resize=690%2C354&amp;ssl=1 690w, https:\/\/i0.wp.com\/terjebjornstad.com\/no\/wp-content\/uploads\/2021\/07\/viking-reklame-e2000.png?resize=980%2C503&amp;ssl=1 980w\" sizes=\"auto, (max-width: 980px) 100vw, 980px\" \/><\/a><\/p>\n<h3><\/h3>\n<h3 class=\"tebh2\">Flere fortsatt p\u00e5 veien<\/h3>\n<p>Mye tyder p\u00e5 at campingbilene som ble ombygget ved \u00d8ranprodukter holdt god kvalitet. I et senere intervju med D\u00f8ves Tidsskrift forteller Tokle at flere av bilene fortsatt kj\u00f8rer rundt. Det vitner om yrkesstolthet fra mannen som trolig bygde den flotte bilen p\u00e5 bildet.<\/p>\n<p>Kilder:<br \/>\n<a href=\"http:\/\/www.ndhs.no\/wp-content\/uploads\/dt\/DT1986-38.pdf\" target=\"_blank\" rel=\"noopener\">D\u00f8ves Tidsskrift 1986-38 (pdf)<\/a><br \/>\n<a href=\"http:\/\/www.ndhs.no\/wp-content\/uploads\/dt\/DT2000-4.pdf\" target=\"_blank\" rel=\"noopener\">D\u00f8ves Tidsskrift 2000-4 (pdf)<\/a><\/p>\n<figure id=\"attachment_39474\" aria-describedby=\"caption-attachment-39474\" style=\"width: 1080px\" class=\"wp-caption aligncenter\"><a href=\"https:\/\/i0.wp.com\/terjebjornstad.com\/no\/wp-content\/uploads\/2021\/04\/snow-in-april-1080x720-1.png?ssl=1\"><img data-recalc-dims=\"1\" loading=\"lazy\" decoding=\"async\" data-attachment-id=\"39474\" data-permalink=\"https:\/\/terjebjornstad.com\/no\/2021\/04\/14\/toyota-proace-electric-50-kwh-med-trivselsfaktor\/snow-in-april-1080x720\/\" data-orig-file=\"https:\/\/i0.wp.com\/terjebjornstad.com\/no\/wp-content\/uploads\/2021\/04\/snow-in-april-1080x720-1.png?fit=1080%2C720&amp;ssl=1\" data-orig-size=\"1080,720\" data-comments-opened=\"1\" data-image-meta=\"{&quot;aperture&quot;:&quot;0&quot;,&quot;credit&quot;:&quot;&quot;,&quot;camera&quot;:&quot;&quot;,&quot;caption&quot;:&quot;&quot;,&quot;created_timestamp&quot;:&quot;0&quot;,&quot;copyright&quot;:&quot;&quot;,&quot;focal_length&quot;:&quot;0&quot;,&quot;iso&quot;:&quot;0&quot;,&quot;shutter_speed&quot;:&quot;0&quot;,&quot;title&quot;:&quot;&quot;,&quot;orientation&quot;:&quot;0&quot;}\" data-image-title=\"snow-in-april-1080&amp;#215;720\" data-image-description=\"\" data-image-caption=\"&lt;p&gt;Campingbil basert p\u00e5 Mazda E2000. Uvisst om den er laget av Viking Camp.&lt;\/p&gt;\n\" data-large-file=\"https:\/\/i0.wp.com\/terjebjornstad.com\/no\/wp-content\/uploads\/2021\/04\/snow-in-april-1080x720-1.png?fit=980%2C653&amp;ssl=1\" class=\"size-full wp-image-39474\" src=\"https:\/\/i0.wp.com\/terjebjornstad.com\/no\/wp-content\/uploads\/2021\/04\/snow-in-april-1080x720-1.png?resize=980%2C653&#038;ssl=1\" alt=\"viking camp\" width=\"980\" height=\"653\" srcset=\"https:\/\/i0.wp.com\/terjebjornstad.com\/no\/wp-content\/uploads\/2021\/04\/snow-in-april-1080x720-1.png?w=1080&amp;ssl=1 1080w, https:\/\/i0.wp.com\/terjebjornstad.com\/no\/wp-content\/uploads\/2021\/04\/snow-in-april-1080x720-1.png?resize=300%2C200&amp;ssl=1 300w, https:\/\/i0.wp.com\/terjebjornstad.com\/no\/wp-content\/uploads\/2021\/04\/snow-in-april-1080x720-1.png?resize=768%2C512&amp;ssl=1 768w, https:\/\/i0.wp.com\/terjebjornstad.com\/no\/wp-content\/uploads\/2021\/04\/snow-in-april-1080x720-1.png?resize=690%2C460&amp;ssl=1 690w, https:\/\/i0.wp.com\/terjebjornstad.com\/no\/wp-content\/uploads\/2021\/04\/snow-in-april-1080x720-1.png?resize=980%2C653&amp;ssl=1 980w\" sizes=\"auto, (max-width: 980px) 100vw, 980px\" \/><\/a><figcaption id=\"caption-attachment-39474\" class=\"wp-caption-text\">Campingbil basert p\u00e5 Mazda E2000. Uvisst om det er Viking-Camp.<\/figcaption><\/figure>\n<h3 class=\"tebh2\">Se ogs\u00e5<\/h3>\n<figure id=\"attachment_10943\" aria-describedby=\"caption-attachment-10943\" style=\"width: 150px\" class=\"wp-caption alignleft\"><a href=\"https:\/\/terjebjornstad.com\/no\/ford-transit-mk1\/\"><img data-recalc-dims=\"1\" loading=\"lazy\" decoding=\"async\" data-attachment-id=\"10943\" data-permalink=\"https:\/\/terjebjornstad.com\/no\/2017\/06\/17\/bil-reisebrev-fra-katalonia\/66-transit-camper-686\/\" data-orig-file=\"https:\/\/i0.wp.com\/terjebjornstad.com\/no\/wp-content\/uploads\/2017\/06\/66-transit-camper-686.png?fit=686%2C457&amp;ssl=1\" data-orig-size=\"686,457\" data-comments-opened=\"1\" data-image-meta=\"{&quot;aperture&quot;:&quot;0&quot;,&quot;credit&quot;:&quot;&quot;,&quot;camera&quot;:&quot;&quot;,&quot;caption&quot;:&quot;&quot;,&quot;created_timestamp&quot;:&quot;0&quot;,&quot;copyright&quot;:&quot;&quot;,&quot;focal_length&quot;:&quot;0&quot;,&quot;iso&quot;:&quot;0&quot;,&quot;shutter_speed&quot;:&quot;0&quot;,&quot;title&quot;:&quot;&quot;,&quot;orientation&quot;:&quot;0&quot;}\" data-image-title=\"66-transit-camper-686\" data-image-description=\"\" data-image-caption=\"&lt;p&gt;Ford Transit mk2 Camper&lt;\/p&gt;\n\" data-large-file=\"https:\/\/i0.wp.com\/terjebjornstad.com\/no\/wp-content\/uploads\/2017\/06\/66-transit-camper-686.png?fit=686%2C457&amp;ssl=1\" class=\"size-thumbnail wp-image-10943\" src=\"https:\/\/i0.wp.com\/terjebjornstad.com\/no\/wp-content\/uploads\/2017\/06\/66-transit-camper-686.png?resize=150%2C150&#038;ssl=1\" alt=\"transitcamper\" width=\"150\" height=\"150\" srcset=\"https:\/\/i0.wp.com\/terjebjornstad.com\/no\/wp-content\/uploads\/2017\/06\/66-transit-camper-686.png?resize=150%2C150&amp;ssl=1 150w, https:\/\/i0.wp.com\/terjebjornstad.com\/no\/wp-content\/uploads\/2017\/06\/66-transit-camper-686.png?resize=50%2C50&amp;ssl=1 50w, https:\/\/i0.wp.com\/terjebjornstad.com\/no\/wp-content\/uploads\/2017\/06\/66-transit-camper-686.png?zoom=2&amp;resize=150%2C150&amp;ssl=1 300w, https:\/\/i0.wp.com\/terjebjornstad.com\/no\/wp-content\/uploads\/2017\/06\/66-transit-camper-686.png?zoom=3&amp;resize=150%2C150&amp;ssl=1 450w\" sizes=\"auto, (max-width: 150px) 100vw, 150px\" \/><\/a><figcaption id=\"caption-attachment-10943\" class=\"wp-caption-text\">Ford Transit mk2<\/figcaption><\/figure>\n<figure id=\"attachment_34128\" aria-describedby=\"caption-attachment-34128\" style=\"width: 150px\" class=\"wp-caption alignleft\"><a href=\"https:\/\/terjebjornstad.com\/no\/2020\/08\/01\/bo-retro-kjor-veteran\/\"><img data-recalc-dims=\"1\" loading=\"lazy\" decoding=\"async\" data-attachment-id=\"34128\" data-permalink=\"https:\/\/terjebjornstad.com\/no\/terjes-biler\/toyota-rv-320x400\/\" data-orig-file=\"https:\/\/i0.wp.com\/terjebjornstad.com\/no\/wp-content\/uploads\/2020\/08\/toyota-rv-320x400-1.png?fit=320%2C400&amp;ssl=1\" data-orig-size=\"320,400\" data-comments-opened=\"1\" data-image-meta=\"{&quot;aperture&quot;:&quot;0&quot;,&quot;credit&quot;:&quot;&quot;,&quot;camera&quot;:&quot;&quot;,&quot;caption&quot;:&quot;&quot;,&quot;created_timestamp&quot;:&quot;0&quot;,&quot;copyright&quot;:&quot;&quot;,&quot;focal_length&quot;:&quot;0&quot;,&quot;iso&quot;:&quot;0&quot;,&quot;shutter_speed&quot;:&quot;0&quot;,&quot;title&quot;:&quot;&quot;,&quot;orientation&quot;:&quot;0&quot;}\" data-image-title=\"toyota-rv-320&amp;#215;400\" data-image-description=\"\" data-image-caption=\"&lt;p&gt;Toyota Hilux Gulfstream&lt;\/p&gt;\n\" data-large-file=\"https:\/\/i0.wp.com\/terjebjornstad.com\/no\/wp-content\/uploads\/2020\/08\/toyota-rv-320x400-1.png?fit=320%2C400&amp;ssl=1\" class=\"size-thumbnail wp-image-34128\" src=\"https:\/\/i0.wp.com\/terjebjornstad.com\/no\/wp-content\/uploads\/2020\/08\/toyota-rv-320x400-1.png?resize=150%2C150&#038;ssl=1\" alt=\"retrocamping\" width=\"150\" height=\"150\" srcset=\"https:\/\/i0.wp.com\/terjebjornstad.com\/no\/wp-content\/uploads\/2020\/08\/toyota-rv-320x400-1.png?resize=150%2C150&amp;ssl=1 150w, https:\/\/i0.wp.com\/terjebjornstad.com\/no\/wp-content\/uploads\/2020\/08\/toyota-rv-320x400-1.png?resize=50%2C50&amp;ssl=1 50w, https:\/\/i0.wp.com\/terjebjornstad.com\/no\/wp-content\/uploads\/2020\/08\/toyota-rv-320x400-1.png?zoom=2&amp;resize=150%2C150&amp;ssl=1 300w\" sizes=\"auto, (max-width: 150px) 100vw, 150px\" \/><\/a><figcaption id=\"caption-attachment-34128\" class=\"wp-caption-text\">Toyota Hilux Gulfstream<\/figcaption><\/figure>\n<figure id=\"attachment_35364\" aria-describedby=\"caption-attachment-35364\" style=\"width: 150px\" class=\"wp-caption alignleft\"><a href=\"https:\/\/terjebjornstad.com\/no\/2016-ford-ranger\/mini-cab-fra-straume\/\"><img data-recalc-dims=\"1\" loading=\"lazy\" decoding=\"async\" data-attachment-id=\"35364\" data-permalink=\"https:\/\/terjebjornstad.com\/no\/2016-ford-ranger\/mini-cab-fra-straume\/ranger-mini-cab-straume-1-1080x720\/\" data-orig-file=\"https:\/\/i0.wp.com\/terjebjornstad.com\/no\/wp-content\/uploads\/2020\/10\/ranger-mini-cab-straume-1-1080x720-1.png?fit=1080%2C720&amp;ssl=1\" data-orig-size=\"1080,720\" data-comments-opened=\"1\" data-image-meta=\"{&quot;aperture&quot;:&quot;0&quot;,&quot;credit&quot;:&quot;&quot;,&quot;camera&quot;:&quot;&quot;,&quot;caption&quot;:&quot;&quot;,&quot;created_timestamp&quot;:&quot;0&quot;,&quot;copyright&quot;:&quot;&quot;,&quot;focal_length&quot;:&quot;0&quot;,&quot;iso&quot;:&quot;0&quot;,&quot;shutter_speed&quot;:&quot;0&quot;,&quot;title&quot;:&quot;&quot;,&quot;orientation&quot;:&quot;0&quot;}\" data-image-title=\"ranger-mini-cab-straume-1-1080&amp;#215;720\" data-image-description=\"\" data-image-caption=\"&lt;p&gt;Mini-Cab fra Straume&lt;\/p&gt;\n\" data-large-file=\"https:\/\/i0.wp.com\/terjebjornstad.com\/no\/wp-content\/uploads\/2020\/10\/ranger-mini-cab-straume-1-1080x720-1.png?fit=980%2C653&amp;ssl=1\" class=\"size-thumbnail wp-image-35364\" src=\"https:\/\/i0.wp.com\/terjebjornstad.com\/no\/wp-content\/uploads\/2020\/10\/ranger-mini-cab-straume-1-1080x720-1.png?resize=150%2C150&#038;ssl=1\" alt=\"mini-cab\" width=\"150\" height=\"150\" srcset=\"https:\/\/i0.wp.com\/terjebjornstad.com\/no\/wp-content\/uploads\/2020\/10\/ranger-mini-cab-straume-1-1080x720-1.png?resize=150%2C150&amp;ssl=1 150w, https:\/\/i0.wp.com\/terjebjornstad.com\/no\/wp-content\/uploads\/2020\/10\/ranger-mini-cab-straume-1-1080x720-1.png?resize=50%2C50&amp;ssl=1 50w, https:\/\/i0.wp.com\/terjebjornstad.com\/no\/wp-content\/uploads\/2020\/10\/ranger-mini-cab-straume-1-1080x720-1.png?zoom=2&amp;resize=150%2C150&amp;ssl=1 300w, https:\/\/i0.wp.com\/terjebjornstad.com\/no\/wp-content\/uploads\/2020\/10\/ranger-mini-cab-straume-1-1080x720-1.png?zoom=3&amp;resize=150%2C150&amp;ssl=1 450w\" sizes=\"auto, (max-width: 150px) 100vw, 150px\" \/><\/a><figcaption id=\"caption-attachment-35364\" class=\"wp-caption-text\">Mini-Cab fra Straume<\/figcaption><\/figure>\n<figure id=\"attachment_17517\" aria-describedby=\"caption-attachment-17517\" style=\"width: 150px\" class=\"wp-caption alignleft\"><a href=\"https:\/\/terjebjornstad.com\/no\/volkswagen-t3\/\"><img data-recalc-dims=\"1\" loading=\"lazy\" decoding=\"async\" data-attachment-id=\"17517\" data-permalink=\"https:\/\/terjebjornstad.com\/no\/volkswagen-t3\/bordeaux-t3-1080x720\/\" data-orig-file=\"https:\/\/i0.wp.com\/terjebjornstad.com\/no\/wp-content\/uploads\/2018\/06\/bordeaux-t3-1080x720.png?fit=1080%2C720&amp;ssl=1\" data-orig-size=\"1080,720\" data-comments-opened=\"1\" data-image-meta=\"{&quot;aperture&quot;:&quot;0&quot;,&quot;credit&quot;:&quot;&quot;,&quot;camera&quot;:&quot;&quot;,&quot;caption&quot;:&quot;&quot;,&quot;created_timestamp&quot;:&quot;0&quot;,&quot;copyright&quot;:&quot;&quot;,&quot;focal_length&quot;:&quot;0&quot;,&quot;iso&quot;:&quot;0&quot;,&quot;shutter_speed&quot;:&quot;0&quot;,&quot;title&quot;:&quot;&quot;,&quot;orientation&quot;:&quot;0&quot;}\" data-image-title=\"bordeaux-t3-1080&amp;#215;720\" data-image-description=\"\" data-image-caption=\"&lt;p&gt;Volkswagen T3&lt;\/p&gt;\n\" data-large-file=\"https:\/\/i0.wp.com\/terjebjornstad.com\/no\/wp-content\/uploads\/2018\/06\/bordeaux-t3-1080x720.png?fit=980%2C654&amp;ssl=1\" src=\"https:\/\/i0.wp.com\/terjebjornstad.com\/no\/wp-content\/uploads\/2018\/06\/bordeaux-t3-1080x720.png?resize=150%2C150&#038;ssl=1\" alt=\"\" width=\"150\" height=\"150\" class=\"size-thumbnail wp-image-17517\" srcset=\"https:\/\/i0.wp.com\/terjebjornstad.com\/no\/wp-content\/uploads\/2018\/06\/bordeaux-t3-1080x720.png?resize=150%2C150&amp;ssl=1 150w, https:\/\/i0.wp.com\/terjebjornstad.com\/no\/wp-content\/uploads\/2018\/06\/bordeaux-t3-1080x720.png?resize=50%2C50&amp;ssl=1 50w, https:\/\/i0.wp.com\/terjebjornstad.com\/no\/wp-content\/uploads\/2018\/06\/bordeaux-t3-1080x720.png?zoom=2&amp;resize=150%2C150&amp;ssl=1 300w, https:\/\/i0.wp.com\/terjebjornstad.com\/no\/wp-content\/uploads\/2018\/06\/bordeaux-t3-1080x720.png?zoom=3&amp;resize=150%2C150&amp;ssl=1 450w\" sizes=\"auto, (max-width: 150px) 100vw, 150px\" \/><\/a><figcaption id=\"caption-attachment-17517\" class=\"wp-caption-text\">Volkswagen T3<\/figcaption><\/figure>\n<h3>&nbsp;<\/h3>\n<\/div>\n","protected":false,"gt_translate_keys":[{"key":"rendered","format":"html"}]},"excerpt":{"rendered":"<p>Etter at kredittpolitikken ble liberalisert p\u00e5 80-tallet kunne mange realisere sine dr\u00f8mmer om luksus. Det var da bobilene for alvor kom til Norge. Noen begynte med import, mens andre startet produksjon. &nbsp; Jeg kom over denne flotte campingbilen her forleden. Den hadde M\u00f8re-skilter og var registrert som Volkswagen Transporter, noe som indikerer at den er [&hellip;]<\/p>\n","protected":false,"gt_translate_keys":[{"key":"rendered","format":"html"}]},"author":1,"featured_media":41905,"comment_status":"open","ping_status":"open","sticky":false,"template":"","format":"standard","meta":{"_monsterinsights_skip_tracking":false,"_monsterinsights_sitenote_active":false,"_monsterinsights_sitenote_note":"","_monsterinsights_sitenote_category":0,"jetpack_post_was_ever_published":false,"_jetpack_newsletter_access":"","_jetpack_dont_email_post_to_subs":false,"_jetpack_newsletter_tier_id":0,"_jetpack_memberships_contains_paywalled_content":false,"_jetpack_memberships_contains_paid_content":false,"footnotes":"","jetpack_publicize_message":"","jetpack_publicize_feature_enabled":true,"jetpack_social_post_already_shared":true,"jetpack_social_options":{"image_generator_settings":{"template":"highway","default_image_id":0,"font":"","enabled":false},"version":2}},"categories":[2874,3708,38],"tags":[3715,3717,3716,3713,3710,3711,3709,3712,3714],"class_list":["post-41904","post","type-post","status-publish","format-standard","has-post-thumbnail","hentry","category-bobiler","category-t3","category-volkswagen","tag-mazda-e2000-bobil","tag-oran-produkter","tag-oranprodukter","tag-t3-bobil","tag-viking","tag-viking-bobil","tag-viking-camp","tag-vw-t3-bobil","tag-vw-t3-campingbil"],"yoast_head":"<!-- This site is optimized with the Yoast SEO plugin v27.5 - https:\/\/yoast.com\/product\/yoast-seo-wordpress\/ -->\n<title>Viking-Camp fra \u00c5ndalsnes - Terjes biler - bygget om varebiler<\/title>\n<meta name=\"description\" content=\"Viking-Camp ble benyttet for varebiler som ble ombygget til campingbiler av \u00d8ran Produkter i \u00c5ndalsnes. Volkswagen T3 var en av dem.\" \/>\n<meta name=\"robots\" content=\"index, follow, max-snippet:-1, max-image-preview:large, max-video-preview:-1\" \/>\n<link rel=\"canonical\" href=\"https:\/\/terjebjornstad.com\/no\/2021\/07\/22\/viking-camp-fra-andalsnes\/\" \/>\n<meta property=\"og:locale\" content=\"nb_NO\" \/>\n<meta property=\"og:type\" content=\"article\" \/>\n<meta property=\"og:title\" content=\"Viking-Camp fra \u00c5ndalsnes - Terjes biler - bygget om varebiler\" \/>\n<meta property=\"og:description\" content=\"Viking-Camp ble benyttet for varebiler som ble ombygget til campingbiler av \u00d8ran Produkter i \u00c5ndalsnes. Volkswagen T3 var en av dem.\" \/>\n<meta property=\"og:url\" content=\"https:\/\/terjebjornstad.com\/no\/2021\/07\/22\/viking-camp-fra-andalsnes\/\" \/>\n<meta property=\"og:site_name\" content=\"Terjes biler\" \/>\n<meta property=\"article:publisher\" content=\"https:\/\/www.facebook.com\/terjesbiler\/\" \/>\n<meta property=\"article:author\" content=\"https:\/\/www.facebook.com\/terjesbiler\" \/>\n<meta property=\"article:published_time\" content=\"2021-07-22T01:12:23+00:00\" \/>\n<meta property=\"article:modified_time\" content=\"2024-02-08T15:09:31+00:00\" \/>\n<meta property=\"og:image\" content=\"https:\/\/terjebjornstad.com\/no\/wp-content\/uploads\/2021\/07\/1988-volkswagen-t3-viking-1080x720-1.png\" \/>\n\t<meta property=\"og:image:width\" content=\"1080\" \/>\n\t<meta property=\"og:image:height\" content=\"720\" \/>\n\t<meta property=\"og:image:type\" content=\"image\/png\" \/>\n<meta name=\"author\" content=\"Terje Bj\u00f8rnstad\" \/>\n<meta name=\"twitter:card\" content=\"summary_large_image\" \/>\n<meta name=\"twitter:label1\" content=\"Skrevet av\" \/>\n\t<meta name=\"twitter:data1\" content=\"Terje Bj\u00f8rnstad\" \/>\n\t<meta name=\"twitter:label2\" content=\"Ansl. lesetid\" \/>\n\t<meta name=\"twitter:data2\" content=\"5 minutter\" \/>\n<script type=\"application\/ld+json\" class=\"yoast-schema-graph\">{\"@context\":\"https:\\\/\\\/schema.org\",\"@graph\":[{\"@type\":\"Article\",\"@id\":\"https:\\\/\\\/terjebjornstad.com\\\/no\\\/2021\\\/07\\\/22\\\/viking-camp-fra-andalsnes\\\/#article\",\"isPartOf\":{\"@id\":\"https:\\\/\\\/terjebjornstad.com\\\/no\\\/2021\\\/07\\\/22\\\/viking-camp-fra-andalsnes\\\/\"},\"author\":{\"name\":\"Terje Bj\u00f8rnstad\",\"@id\":\"https:\\\/\\\/terjebjornstad.com\\\/no\\\/#\\\/schema\\\/person\\\/a281f6a6e0f3cc9fe468e7f0c655aa65\"},\"headline\":\"Viking-Camp fra \u00c5ndalsnes\",\"datePublished\":\"2021-07-22T01:12:23+00:00\",\"dateModified\":\"2024-02-08T15:09:31+00:00\",\"mainEntityOfPage\":{\"@id\":\"https:\\\/\\\/terjebjornstad.com\\\/no\\\/2021\\\/07\\\/22\\\/viking-camp-fra-andalsnes\\\/\"},\"wordCount\":633,\"commentCount\":3,\"publisher\":{\"@id\":\"https:\\\/\\\/terjebjornstad.com\\\/no\\\/#organization\"},\"image\":{\"@id\":\"https:\\\/\\\/terjebjornstad.com\\\/no\\\/2021\\\/07\\\/22\\\/viking-camp-fra-andalsnes\\\/#primaryimage\"},\"thumbnailUrl\":\"https:\\\/\\\/i0.wp.com\\\/terjebjornstad.com\\\/no\\\/wp-content\\\/uploads\\\/2021\\\/07\\\/1988-volkswagen-t3-viking-1080x720-1.png?fit=1080%2C720&ssl=1\",\"keywords\":[\"Mazda E2000 Bobil\",\"\u00d8ran Produkter\",\"\u00d8ranprodukter\",\"T3 Bobil\",\"Viking\",\"Viking Bobil\",\"Viking Camp\",\"VW T3 Bobil\",\"VW T3 Campingbil\"],\"articleSection\":[\"Bobiler\",\"T3\",\"Volkswagen\"],\"inLanguage\":\"nb-NO\",\"potentialAction\":[{\"@type\":\"CommentAction\",\"name\":\"Comment\",\"target\":[\"https:\\\/\\\/terjebjornstad.com\\\/no\\\/2021\\\/07\\\/22\\\/viking-camp-fra-andalsnes\\\/#respond\"]}]},{\"@type\":\"WebPage\",\"@id\":\"https:\\\/\\\/terjebjornstad.com\\\/no\\\/2021\\\/07\\\/22\\\/viking-camp-fra-andalsnes\\\/\",\"url\":\"https:\\\/\\\/terjebjornstad.com\\\/no\\\/2021\\\/07\\\/22\\\/viking-camp-fra-andalsnes\\\/\",\"name\":\"Viking-Camp fra \u00c5ndalsnes - Terjes biler - bygget om varebiler\",\"isPartOf\":{\"@id\":\"https:\\\/\\\/terjebjornstad.com\\\/no\\\/#website\"},\"primaryImageOfPage\":{\"@id\":\"https:\\\/\\\/terjebjornstad.com\\\/no\\\/2021\\\/07\\\/22\\\/viking-camp-fra-andalsnes\\\/#primaryimage\"},\"image\":{\"@id\":\"https:\\\/\\\/terjebjornstad.com\\\/no\\\/2021\\\/07\\\/22\\\/viking-camp-fra-andalsnes\\\/#primaryimage\"},\"thumbnailUrl\":\"https:\\\/\\\/i0.wp.com\\\/terjebjornstad.com\\\/no\\\/wp-content\\\/uploads\\\/2021\\\/07\\\/1988-volkswagen-t3-viking-1080x720-1.png?fit=1080%2C720&ssl=1\",\"datePublished\":\"2021-07-22T01:12:23+00:00\",\"dateModified\":\"2024-02-08T15:09:31+00:00\",\"description\":\"Viking-Camp ble benyttet for varebiler som ble ombygget til campingbiler av \u00d8ran Produkter i \u00c5ndalsnes. Volkswagen T3 var en av dem.\",\"breadcrumb\":{\"@id\":\"https:\\\/\\\/terjebjornstad.com\\\/no\\\/2021\\\/07\\\/22\\\/viking-camp-fra-andalsnes\\\/#breadcrumb\"},\"inLanguage\":\"nb-NO\",\"potentialAction\":[{\"@type\":\"ReadAction\",\"target\":[\"https:\\\/\\\/terjebjornstad.com\\\/no\\\/2021\\\/07\\\/22\\\/viking-camp-fra-andalsnes\\\/\"]}]},{\"@type\":\"ImageObject\",\"inLanguage\":\"nb-NO\",\"@id\":\"https:\\\/\\\/terjebjornstad.com\\\/no\\\/2021\\\/07\\\/22\\\/viking-camp-fra-andalsnes\\\/#primaryimage\",\"url\":\"https:\\\/\\\/i0.wp.com\\\/terjebjornstad.com\\\/no\\\/wp-content\\\/uploads\\\/2021\\\/07\\\/1988-volkswagen-t3-viking-1080x720-1.png?fit=1080%2C720&ssl=1\",\"contentUrl\":\"https:\\\/\\\/i0.wp.com\\\/terjebjornstad.com\\\/no\\\/wp-content\\\/uploads\\\/2021\\\/07\\\/1988-volkswagen-t3-viking-1080x720-1.png?fit=1080%2C720&ssl=1\",\"width\":1080,\"height\":720,\"caption\":\"Volkswagen T3 campingbil fra Viking Camp (1 bilde + 2 reklamebilder)\"},{\"@type\":\"BreadcrumbList\",\"@id\":\"https:\\\/\\\/terjebjornstad.com\\\/no\\\/2021\\\/07\\\/22\\\/viking-camp-fra-andalsnes\\\/#breadcrumb\",\"itemListElement\":[{\"@type\":\"ListItem\",\"position\":1,\"name\":\"Hjem\",\"item\":\"https:\\\/\\\/terjebjornstad.com\\\/no\\\/\"},{\"@type\":\"ListItem\",\"position\":2,\"name\":\"Viking-Camp fra \u00c5ndalsnes\"}]},{\"@type\":\"WebSite\",\"@id\":\"https:\\\/\\\/terjebjornstad.com\\\/no\\\/#website\",\"url\":\"https:\\\/\\\/terjebjornstad.com\\\/no\\\/\",\"name\":\"Terjes biler\",\"description\":\"HONEST ABOUT CARS\",\"publisher\":{\"@id\":\"https:\\\/\\\/terjebjornstad.com\\\/no\\\/#organization\"},\"alternateName\":\"Terjebjornstad.com\",\"potentialAction\":[{\"@type\":\"SearchAction\",\"target\":{\"@type\":\"EntryPoint\",\"urlTemplate\":\"https:\\\/\\\/terjebjornstad.com\\\/no\\\/?s={search_term_string}\"},\"query-input\":{\"@type\":\"PropertyValueSpecification\",\"valueRequired\":true,\"valueName\":\"search_term_string\"}}],\"inLanguage\":\"nb-NO\"},{\"@type\":\"Organization\",\"@id\":\"https:\\\/\\\/terjebjornstad.com\\\/no\\\/#organization\",\"name\":\"Terje Bj\u00f8rnstad ENK\",\"url\":\"https:\\\/\\\/terjebjornstad.com\\\/no\\\/\",\"logo\":{\"@type\":\"ImageObject\",\"inLanguage\":\"nb-NO\",\"@id\":\"https:\\\/\\\/terjebjornstad.com\\\/no\\\/#\\\/schema\\\/logo\\\/image\\\/\",\"url\":\"https:\\\/\\\/i0.wp.com\\\/terjebjornstad.com\\\/no\\\/wp-content\\\/uploads\\\/2026\\\/02\\\/terjesbiler2024-960x354-1.png?fit=960%2C354&ssl=1\",\"contentUrl\":\"https:\\\/\\\/i0.wp.com\\\/terjebjornstad.com\\\/no\\\/wp-content\\\/uploads\\\/2026\\\/02\\\/terjesbiler2024-960x354-1.png?fit=960%2C354&ssl=1\",\"width\":960,\"height\":354,\"caption\":\"Terje Bj\u00f8rnstad ENK\"},\"image\":{\"@id\":\"https:\\\/\\\/terjebjornstad.com\\\/no\\\/#\\\/schema\\\/logo\\\/image\\\/\"},\"sameAs\":[\"https:\\\/\\\/www.facebook.com\\\/terjesbiler\\\/\",\"https:\\\/\\\/www.instagram.com\\\/terjesbiler\\\/\",\"https:\\\/\\\/www.pinteres.com\\\/terjebjrnstad\\\/terjes-biler\\\/\"]},{\"@type\":\"Person\",\"@id\":\"https:\\\/\\\/terjebjornstad.com\\\/no\\\/#\\\/schema\\\/person\\\/a281f6a6e0f3cc9fe468e7f0c655aa65\",\"name\":\"Terje Bj\u00f8rnstad\",\"image\":{\"@type\":\"ImageObject\",\"inLanguage\":\"nb-NO\",\"@id\":\"https:\\\/\\\/secure.gravatar.com\\\/avatar\\\/e8dff505b51cf6cb67ae06a06022d2049aac2da1e79dc146a36b58798c4b40ea?s=96&d=mm&r=g\",\"url\":\"https:\\\/\\\/secure.gravatar.com\\\/avatar\\\/e8dff505b51cf6cb67ae06a06022d2049aac2da1e79dc146a36b58798c4b40ea?s=96&d=mm&r=g\",\"contentUrl\":\"https:\\\/\\\/secure.gravatar.com\\\/avatar\\\/e8dff505b51cf6cb67ae06a06022d2049aac2da1e79dc146a36b58798c4b40ea?s=96&d=mm&r=g\",\"caption\":\"Terje Bj\u00f8rnstad\"},\"description\":\"Terje Bj\u00f8rnstad. Bloggadministrator, hobbyfotograf og bilnerd.\",\"sameAs\":[\"https:\\\/\\\/www.facebook.com\\\/terjesbiler\",\"https:\\\/\\\/www.instagram.com\\\/terjesbiler\",\"https:\\\/\\\/no.pinterest.com\\\/terjebjrnstad\",\"https:\\\/\\\/www.youtube.com\\\/channel\\\/UCzCKJJDybyIgKqatc_JQqIg\"]}]}<\/script>\n<!-- \/ Yoast SEO plugin. -->","yoast_head_json":{"title":"Viking-Camp fra \u00c5ndalsnes - Terjes biler - bygget om varebiler","description":"Viking-Camp ble benyttet for varebiler som ble ombygget til campingbiler av \u00d8ran Produkter i \u00c5ndalsnes. Volkswagen T3 var en av dem.","robots":{"index":"index","follow":"follow","max-snippet":"max-snippet:-1","max-image-preview":"max-image-preview:large","max-video-preview":"max-video-preview:-1"},"canonical":"https:\/\/terjebjornstad.com\/no\/2021\/07\/22\/viking-camp-fra-andalsnes\/","og_locale":"nb_NO","og_type":"article","og_title":"Viking-Camp fra \u00c5ndalsnes - Terjes biler - bygget om varebiler","og_description":"Viking-Camp ble benyttet for varebiler som ble ombygget til campingbiler av \u00d8ran Produkter i \u00c5ndalsnes. Volkswagen T3 var en av dem.","og_url":"https:\/\/terjebjornstad.com\/no\/2021\/07\/22\/viking-camp-fra-andalsnes\/","og_site_name":"Terjes biler","article_publisher":"https:\/\/www.facebook.com\/terjesbiler\/","article_author":"https:\/\/www.facebook.com\/terjesbiler","article_published_time":"2021-07-22T01:12:23+00:00","article_modified_time":"2024-02-08T15:09:31+00:00","og_image":[{"width":1080,"height":720,"url":"https:\/\/terjebjornstad.com\/no\/wp-content\/uploads\/2021\/07\/1988-volkswagen-t3-viking-1080x720-1.png","type":"image\/png"}],"author":"Terje Bj\u00f8rnstad","twitter_card":"summary_large_image","twitter_misc":{"Skrevet av":"Terje Bj\u00f8rnstad","Ansl. lesetid":"5 minutter"},"schema":{"@context":"https:\/\/schema.org","@graph":[{"@type":"Article","@id":"https:\/\/terjebjornstad.com\/no\/2021\/07\/22\/viking-camp-fra-andalsnes\/#article","isPartOf":{"@id":"https:\/\/terjebjornstad.com\/no\/2021\/07\/22\/viking-camp-fra-andalsnes\/"},"author":{"name":"Terje Bj\u00f8rnstad","@id":"https:\/\/terjebjornstad.com\/no\/#\/schema\/person\/a281f6a6e0f3cc9fe468e7f0c655aa65"},"headline":"Viking-Camp fra \u00c5ndalsnes","datePublished":"2021-07-22T01:12:23+00:00","dateModified":"2024-02-08T15:09:31+00:00","mainEntityOfPage":{"@id":"https:\/\/terjebjornstad.com\/no\/2021\/07\/22\/viking-camp-fra-andalsnes\/"},"wordCount":633,"commentCount":3,"publisher":{"@id":"https:\/\/terjebjornstad.com\/no\/#organization"},"image":{"@id":"https:\/\/terjebjornstad.com\/no\/2021\/07\/22\/viking-camp-fra-andalsnes\/#primaryimage"},"thumbnailUrl":"https:\/\/i0.wp.com\/terjebjornstad.com\/no\/wp-content\/uploads\/2021\/07\/1988-volkswagen-t3-viking-1080x720-1.png?fit=1080%2C720&ssl=1","keywords":["Mazda E2000 Bobil","\u00d8ran Produkter","\u00d8ranprodukter","T3 Bobil","Viking","Viking Bobil","Viking Camp","VW T3 Bobil","VW T3 Campingbil"],"articleSection":["Bobiler","T3","Volkswagen"],"inLanguage":"nb-NO","potentialAction":[{"@type":"CommentAction","name":"Comment","target":["https:\/\/terjebjornstad.com\/no\/2021\/07\/22\/viking-camp-fra-andalsnes\/#respond"]}]},{"@type":"WebPage","@id":"https:\/\/terjebjornstad.com\/no\/2021\/07\/22\/viking-camp-fra-andalsnes\/","url":"https:\/\/terjebjornstad.com\/no\/2021\/07\/22\/viking-camp-fra-andalsnes\/","name":"Viking-Camp fra \u00c5ndalsnes - Terjes biler - bygget om varebiler","isPartOf":{"@id":"https:\/\/terjebjornstad.com\/no\/#website"},"primaryImageOfPage":{"@id":"https:\/\/terjebjornstad.com\/no\/2021\/07\/22\/viking-camp-fra-andalsnes\/#primaryimage"},"image":{"@id":"https:\/\/terjebjornstad.com\/no\/2021\/07\/22\/viking-camp-fra-andalsnes\/#primaryimage"},"thumbnailUrl":"https:\/\/i0.wp.com\/terjebjornstad.com\/no\/wp-content\/uploads\/2021\/07\/1988-volkswagen-t3-viking-1080x720-1.png?fit=1080%2C720&ssl=1","datePublished":"2021-07-22T01:12:23+00:00","dateModified":"2024-02-08T15:09:31+00:00","description":"Viking-Camp ble benyttet for varebiler som ble ombygget til campingbiler av \u00d8ran Produkter i \u00c5ndalsnes. Volkswagen T3 var en av dem.","breadcrumb":{"@id":"https:\/\/terjebjornstad.com\/no\/2021\/07\/22\/viking-camp-fra-andalsnes\/#breadcrumb"},"inLanguage":"nb-NO","potentialAction":[{"@type":"ReadAction","target":["https:\/\/terjebjornstad.com\/no\/2021\/07\/22\/viking-camp-fra-andalsnes\/"]}]},{"@type":"ImageObject","inLanguage":"nb-NO","@id":"https:\/\/terjebjornstad.com\/no\/2021\/07\/22\/viking-camp-fra-andalsnes\/#primaryimage","url":"https:\/\/i0.wp.com\/terjebjornstad.com\/no\/wp-content\/uploads\/2021\/07\/1988-volkswagen-t3-viking-1080x720-1.png?fit=1080%2C720&ssl=1","contentUrl":"https:\/\/i0.wp.com\/terjebjornstad.com\/no\/wp-content\/uploads\/2021\/07\/1988-volkswagen-t3-viking-1080x720-1.png?fit=1080%2C720&ssl=1","width":1080,"height":720,"caption":"Volkswagen T3 campingbil fra Viking Camp (1 bilde + 2 reklamebilder)"},{"@type":"BreadcrumbList","@id":"https:\/\/terjebjornstad.com\/no\/2021\/07\/22\/viking-camp-fra-andalsnes\/#breadcrumb","itemListElement":[{"@type":"ListItem","position":1,"name":"Hjem","item":"https:\/\/terjebjornstad.com\/no\/"},{"@type":"ListItem","position":2,"name":"Viking-Camp fra \u00c5ndalsnes"}]},{"@type":"WebSite","@id":"https:\/\/terjebjornstad.com\/no\/#website","url":"https:\/\/terjebjornstad.com\/no\/","name":"Terjes biler","description":"HONEST ABOUT CARS","publisher":{"@id":"https:\/\/terjebjornstad.com\/no\/#organization"},"alternateName":"Terjebjornstad.com","potentialAction":[{"@type":"SearchAction","target":{"@type":"EntryPoint","urlTemplate":"https:\/\/terjebjornstad.com\/no\/?s={search_term_string}"},"query-input":{"@type":"PropertyValueSpecification","valueRequired":true,"valueName":"search_term_string"}}],"inLanguage":"nb-NO"},{"@type":"Organization","@id":"https:\/\/terjebjornstad.com\/no\/#organization","name":"Terje Bj\u00f8rnstad ENK","url":"https:\/\/terjebjornstad.com\/no\/","logo":{"@type":"ImageObject","inLanguage":"nb-NO","@id":"https:\/\/terjebjornstad.com\/no\/#\/schema\/logo\/image\/","url":"https:\/\/i0.wp.com\/terjebjornstad.com\/no\/wp-content\/uploads\/2026\/02\/terjesbiler2024-960x354-1.png?fit=960%2C354&ssl=1","contentUrl":"https:\/\/i0.wp.com\/terjebjornstad.com\/no\/wp-content\/uploads\/2026\/02\/terjesbiler2024-960x354-1.png?fit=960%2C354&ssl=1","width":960,"height":354,"caption":"Terje Bj\u00f8rnstad ENK"},"image":{"@id":"https:\/\/terjebjornstad.com\/no\/#\/schema\/logo\/image\/"},"sameAs":["https:\/\/www.facebook.com\/terjesbiler\/","https:\/\/www.instagram.com\/terjesbiler\/","https:\/\/www.pinteres.com\/terjebjrnstad\/terjes-biler\/"]},{"@type":"Person","@id":"https:\/\/terjebjornstad.com\/no\/#\/schema\/person\/a281f6a6e0f3cc9fe468e7f0c655aa65","name":"Terje Bj\u00f8rnstad","image":{"@type":"ImageObject","inLanguage":"nb-NO","@id":"https:\/\/secure.gravatar.com\/avatar\/e8dff505b51cf6cb67ae06a06022d2049aac2da1e79dc146a36b58798c4b40ea?s=96&d=mm&r=g","url":"https:\/\/secure.gravatar.com\/avatar\/e8dff505b51cf6cb67ae06a06022d2049aac2da1e79dc146a36b58798c4b40ea?s=96&d=mm&r=g","contentUrl":"https:\/\/secure.gravatar.com\/avatar\/e8dff505b51cf6cb67ae06a06022d2049aac2da1e79dc146a36b58798c4b40ea?s=96&d=mm&r=g","caption":"Terje Bj\u00f8rnstad"},"description":"Terje Bj\u00f8rnstad. Bloggadministrator, hobbyfotograf og bilnerd.","sameAs":["https:\/\/www.facebook.com\/terjesbiler","https:\/\/www.instagram.com\/terjesbiler","https:\/\/no.pinterest.com\/terjebjrnstad","https:\/\/www.youtube.com\/channel\/UCzCKJJDybyIgKqatc_JQqIg"]}]}},"jetpack_publicize_connections":[],"jetpack_featured_media_url":"https:\/\/i0.wp.com\/terjebjornstad.com\/no\/wp-content\/uploads\/2021\/07\/1988-volkswagen-t3-viking-1080x720-1.png?fit=1080%2C720&ssl=1","jetpack_sharing_enabled":true,"jetpack_shortlink":"https:\/\/wp.me\/p48zYA-aTS","jetpack-related-posts":[{"id":45315,"url":"https:\/\/terjebjornstad.com\/no\/2021\/12\/12\/peugeot-d4-bobil-med-grisetryne\/","url_meta":{"origin":41904,"position":0},"title":"Bobil med grisetryne","author":"Terje Bj\u00f8rnstad","date":"12\/12\/2021","format":false,"excerpt":"Hvis du bygger om en veteranbil til bobil, kan du skape din egen tidsboble og tilbringe mange dager i den. \u00a0 Et rullende prosjekt Bilen p\u00e5 bildene har registreringsnumre fra nyere tid, men mangler synlig forsikringsbevis i frontruta som er obligatorisk i Frankrike. Gjennom frontvinduet kunne jeg skimte innredning av\u2026","rel":"","context":"i &quot;Artikkel&quot;","block_context":{"text":"Artikkel","link":"https:\/\/terjebjornstad.com\/no\/category\/artikkel\/"},"img":{"alt_text":"","src":"https:\/\/i0.wp.com\/terjebjornstad.com\/no\/wp-content\/uploads\/2021\/12\/peugeot-d4a-2-camping-car-1080x1080-1.png?fit=1080%2C1080&ssl=1&resize=350%2C200","width":350,"height":200,"srcset":"https:\/\/i0.wp.com\/terjebjornstad.com\/no\/wp-content\/uploads\/2021\/12\/peugeot-d4a-2-camping-car-1080x1080-1.png?fit=1080%2C1080&ssl=1&resize=350%2C200 1x, https:\/\/i0.wp.com\/terjebjornstad.com\/no\/wp-content\/uploads\/2021\/12\/peugeot-d4a-2-camping-car-1080x1080-1.png?fit=1080%2C1080&ssl=1&resize=525%2C300 1.5x, https:\/\/i0.wp.com\/terjebjornstad.com\/no\/wp-content\/uploads\/2021\/12\/peugeot-d4a-2-camping-car-1080x1080-1.png?fit=1080%2C1080&ssl=1&resize=700%2C400 2x, https:\/\/i0.wp.com\/terjebjornstad.com\/no\/wp-content\/uploads\/2021\/12\/peugeot-d4a-2-camping-car-1080x1080-1.png?fit=1080%2C1080&ssl=1&resize=1050%2C600 3x"},"classes":[]},{"id":71266,"url":"https:\/\/terjebjornstad.com\/no\/2024\/04\/15\/heku-car-camp-astra-og-scudo\/","url_meta":{"origin":41904,"position":1},"title":"Astra og Scudo som bobiler","author":"Terje Bj\u00f8rnstad","date":"15\/04\/2024","format":false,"excerpt":"Jeg fikk \u00f8ye p\u00e5 en cool Fiat Scudo bobil og mens jeg s\u00f8kte etter tilsvarende biler p\u00e5 nettet, oppdaget jeg noe jeg aldri har sett f\u00f8r - et meget spesielt bobil-konsept. Heku Fahrzeugbau Jeg er imponert av hvor mye kreativitet produsentene har lagt i sm\u00e5 campingbiler. Fiat Scudo, for eksempel,\u2026","rel":"","context":"i &quot;Artikkel&quot;","block_context":{"text":"Artikkel","link":"https:\/\/terjebjornstad.com\/no\/category\/artikkel\/"},"img":{"alt_text":"","src":"https:\/\/i0.wp.com\/terjebjornstad.com\/no\/wp-content\/uploads\/2024\/04\/heku-car-camp-1-838x558-2.jpg?fit=838%2C558&ssl=1&resize=350%2C200","width":350,"height":200,"srcset":"https:\/\/i0.wp.com\/terjebjornstad.com\/no\/wp-content\/uploads\/2024\/04\/heku-car-camp-1-838x558-2.jpg?fit=838%2C558&ssl=1&resize=350%2C200 1x, https:\/\/i0.wp.com\/terjebjornstad.com\/no\/wp-content\/uploads\/2024\/04\/heku-car-camp-1-838x558-2.jpg?fit=838%2C558&ssl=1&resize=525%2C300 1.5x, https:\/\/i0.wp.com\/terjebjornstad.com\/no\/wp-content\/uploads\/2024\/04\/heku-car-camp-1-838x558-2.jpg?fit=838%2C558&ssl=1&resize=700%2C400 2x"},"classes":[]},{"id":40848,"url":"https:\/\/terjebjornstad.com\/no\/2021\/06\/07\/folkevogner-pa-vift\/","url_meta":{"origin":41904,"position":2},"title":"Folkevogner p\u00e5 vift","author":"Terje Bj\u00f8rnstad","date":"07\/06\/2021","format":false,"excerpt":"Det var Veteran VW klubben i R\u00f8yken, Asker og B\u00e6rum som arrangerte en kj\u00f8retur for forh\u00e5ndsp\u00e5meldte medlemmer. Turen startet p\u00e5 S\u00e6tre og gikk Hurum rundt. \u00a0 Fortsatt bruksbiler Veteran VW klubben er for folkevogner som er 30 \u00e5r eller eldre, alts\u00e5 ordentlige veteranbiler etter gammel ordning. Men n\u00e5r man ser\u2026","rel":"","context":"i &quot;Aircooled&quot;","block_context":{"text":"Aircooled","link":"https:\/\/terjebjornstad.com\/no\/category\/volkswagen\/aircooled\/"},"img":{"alt_text":"#veteranVWklubb","src":"https:\/\/i0.wp.com\/terjebjornstad.com\/no\/wp-content\/uploads\/2021\/06\/1958-volkswagen-1200-vvw-2-1080x720-1.png?fit=1080%2C720&ssl=1&resize=350%2C200","width":350,"height":200,"srcset":"https:\/\/i0.wp.com\/terjebjornstad.com\/no\/wp-content\/uploads\/2021\/06\/1958-volkswagen-1200-vvw-2-1080x720-1.png?fit=1080%2C720&ssl=1&resize=350%2C200 1x, https:\/\/i0.wp.com\/terjebjornstad.com\/no\/wp-content\/uploads\/2021\/06\/1958-volkswagen-1200-vvw-2-1080x720-1.png?fit=1080%2C720&ssl=1&resize=525%2C300 1.5x, https:\/\/i0.wp.com\/terjebjornstad.com\/no\/wp-content\/uploads\/2021\/06\/1958-volkswagen-1200-vvw-2-1080x720-1.png?fit=1080%2C720&ssl=1&resize=700%2C400 2x, https:\/\/i0.wp.com\/terjebjornstad.com\/no\/wp-content\/uploads\/2021\/06\/1958-volkswagen-1200-vvw-2-1080x720-1.png?fit=1080%2C720&ssl=1&resize=1050%2C600 3x"},"classes":[]},{"id":43449,"url":"https:\/\/terjebjornstad.com\/no\/2021\/09\/26\/aircooled-tossa-de-mar-2021\/","url_meta":{"origin":41904,"position":3},"title":"Aircooled Tossa de Mar 2021","author":"Terje Bj\u00f8rnstad","date":"26\/09\/2021","format":false,"excerpt":"Litt show, litt sirkus, fulle gatekaf\u00e9er med glade mennesker, h\u00f8y musikk og mye folk. \u00a0 To \u00e5r siden sist Covid satte en stopper for arrangementet i fjor. I \u00e5r var arrangementet tonet ned - fra et helgetreff til et \u00e9n-dags evenement begrenset til 150 biler. Arrang\u00f8ren, Amics del Volkswagen de\u2026","rel":"","context":"i &quot;Aircooled&quot;","block_context":{"text":"Aircooled","link":"https:\/\/terjebjornstad.com\/no\/category\/volkswagen\/aircooled\/"},"img":{"alt_text":"","src":"https:\/\/i0.wp.com\/terjebjornstad.com\/no\/wp-content\/uploads\/2021\/09\/2021-tossa-vw-t1-2-1080x720-1.png?fit=1080%2C720&ssl=1&resize=350%2C200","width":350,"height":200,"srcset":"https:\/\/i0.wp.com\/terjebjornstad.com\/no\/wp-content\/uploads\/2021\/09\/2021-tossa-vw-t1-2-1080x720-1.png?fit=1080%2C720&ssl=1&resize=350%2C200 1x, https:\/\/i0.wp.com\/terjebjornstad.com\/no\/wp-content\/uploads\/2021\/09\/2021-tossa-vw-t1-2-1080x720-1.png?fit=1080%2C720&ssl=1&resize=525%2C300 1.5x, https:\/\/i0.wp.com\/terjebjornstad.com\/no\/wp-content\/uploads\/2021\/09\/2021-tossa-vw-t1-2-1080x720-1.png?fit=1080%2C720&ssl=1&resize=700%2C400 2x, https:\/\/i0.wp.com\/terjebjornstad.com\/no\/wp-content\/uploads\/2021\/09\/2021-tossa-vw-t1-2-1080x720-1.png?fit=1080%2C720&ssl=1&resize=1050%2C600 3x"},"classes":[]},{"id":34123,"url":"https:\/\/terjebjornstad.com\/no\/2020\/08\/01\/bo-retro-kjor-veteran\/","url_meta":{"origin":41904,"position":4},"title":"Bo retro &#8211; kj\u00f8r veteran!","author":"Terje Bj\u00f8rnstad","date":"01\/08\/2020","format":false,"excerpt":"Ett av \u00e5rets store s\u00f8k p\u00e5 Internett i \u00e5r er \u00abbobil\u00bb. Hytte p\u00e5 hjul som du kan ta med hvor du vil. Glem hytteskam og stengte grenser! Vogna beh\u00f8ver ikke koste en million P\u00e5 60- og 70-tallet var det telt og campingvogner som dominerte. Bobilene ble ikke vanlige f\u00f8r p\u00e5\u2026","rel":"","context":"i &quot;Artikkel&quot;","block_context":{"text":"Artikkel","link":"https:\/\/terjebjornstad.com\/no\/category\/artikkel\/"},"img":{"alt_text":"","src":"https:\/\/i0.wp.com\/terjebjornstad.com\/no\/wp-content\/uploads\/2020\/08\/toyota-rv-1-720x1080-22.png?fit=720%2C1080&ssl=1&resize=350%2C200","width":350,"height":200,"srcset":"https:\/\/i0.wp.com\/terjebjornstad.com\/no\/wp-content\/uploads\/2020\/08\/toyota-rv-1-720x1080-22.png?fit=720%2C1080&ssl=1&resize=350%2C200 1x, https:\/\/i0.wp.com\/terjebjornstad.com\/no\/wp-content\/uploads\/2020\/08\/toyota-rv-1-720x1080-22.png?fit=720%2C1080&ssl=1&resize=525%2C300 1.5x, https:\/\/i0.wp.com\/terjebjornstad.com\/no\/wp-content\/uploads\/2020\/08\/toyota-rv-1-720x1080-22.png?fit=720%2C1080&ssl=1&resize=700%2C400 2x"},"classes":[]},{"id":14975,"url":"https:\/\/terjebjornstad.com\/no\/2018\/03\/12\/volvo-v40-cross-country\/","url_meta":{"origin":41904,"position":5},"title":"Volvo V40 Cross Country","author":"Terje Bj\u00f8rnstad","date":"12\/03\/2018","format":false,"excerpt":"Ny grill, nye motorer og Thors Hammer. Det er hva som var nytt da Volvo V40 fikk en facelift i fjor. Thors Hammer er Volvos nye, unike kjennemerke. De hammer-formede kj\u00f8relysene gj\u00f8r ikke bare en god jobb som kj\u00f8relys, de skaper gjenkjennelseseffekt. Du skj\u00f8nner med en gang at de tilh\u00f8rer\u2026","rel":"","context":"i &quot;Artikkel&quot;","block_context":{"text":"Artikkel","link":"https:\/\/terjebjornstad.com\/no\/category\/artikkel\/"},"img":{"alt_text":"","src":"https:\/\/i0.wp.com\/terjebjornstad.com\/no\/wp-content\/uploads\/2018\/03\/2018-volvo-v40-cross-country-d2-1.png?fit=686%2C457&ssl=1&resize=350%2C200","width":350,"height":200,"srcset":"https:\/\/i0.wp.com\/terjebjornstad.com\/no\/wp-content\/uploads\/2018\/03\/2018-volvo-v40-cross-country-d2-1.png?fit=686%2C457&ssl=1&resize=350%2C200 1x, https:\/\/i0.wp.com\/terjebjornstad.com\/no\/wp-content\/uploads\/2018\/03\/2018-volvo-v40-cross-country-d2-1.png?fit=686%2C457&ssl=1&resize=525%2C300 1.5x"},"classes":[]}],"gt_translate_keys":[{"key":"link","format":"url"}],"_links":{"self":[{"href":"https:\/\/terjebjornstad.com\/no\/wp-json\/wp\/v2\/posts\/41904","targetHints":{"allow":["GET"]}}],"collection":[{"href":"https:\/\/terjebjornstad.com\/no\/wp-json\/wp\/v2\/posts"}],"about":[{"href":"https:\/\/terjebjornstad.com\/no\/wp-json\/wp\/v2\/types\/post"}],"author":[{"embeddable":true,"href":"https:\/\/terjebjornstad.com\/no\/wp-json\/wp\/v2\/users\/1"}],"replies":[{"embeddable":true,"href":"https:\/\/terjebjornstad.com\/no\/wp-json\/wp\/v2\/comments?post=41904"}],"version-history":[{"count":36,"href":"https:\/\/terjebjornstad.com\/no\/wp-json\/wp\/v2\/posts\/41904\/revisions"}],"predecessor-version":[{"id":69488,"href":"https:\/\/terjebjornstad.com\/no\/wp-json\/wp\/v2\/posts\/41904\/revisions\/69488"}],"wp:featuredmedia":[{"embeddable":true,"href":"https:\/\/terjebjornstad.com\/no\/wp-json\/wp\/v2\/media\/41905"}],"wp:attachment":[{"href":"https:\/\/terjebjornstad.com\/no\/wp-json\/wp\/v2\/media?parent=41904"}],"wp:term":[{"taxonomy":"category","embeddable":true,"href":"https:\/\/terjebjornstad.com\/no\/wp-json\/wp\/v2\/categories?post=41904"},{"taxonomy":"post_tag","embeddable":true,"href":"https:\/\/terjebjornstad.com\/no\/wp-json\/wp\/v2\/tags?post=41904"}],"curies":[{"name":"wp","href":"https:\/\/api.w.org\/{rel}","templated":true}]}}