{"id":40848,"date":"2021-06-07T00:54:16","date_gmt":"2021-06-06T23:54:16","guid":{"rendered":"https:\/\/terjebjornstad.com\/no\/?p=40848"},"modified":"2026-03-01T16:59:48","modified_gmt":"2026-03-01T15:59:48","slug":"folkevogner-pa-vift","status":"publish","type":"post","link":"https:\/\/terjebjornstad.com\/no\/2021\/06\/07\/folkevogner-pa-vift\/","title":{"rendered":"Folkevogner p\u00e5 vift","gt_translate_keys":[{"key":"rendered","format":"text"}]},"content":{"rendered":"<div class=\"copy_teb\"><figure id=\"attachment_40859\" aria-describedby=\"caption-attachment-40859\" style=\"width: 1080px\" class=\"wp-caption aligncenter\"><a href=\"https:\/\/i0.wp.com\/terjebjornstad.com\/no\/wp-content\/uploads\/2021\/06\/z_veteran-vw-1-1080x1080-1.png?ssl=1\"><img data-recalc-dims=\"1\" loading=\"lazy\" decoding=\"async\" data-attachment-id=\"40859\" data-permalink=\"https:\/\/terjebjornstad.com\/no\/2021\/06\/07\/folkevogner-pa-vift\/z_veteran-vw-1-1080x1080\/\" data-orig-file=\"https:\/\/i0.wp.com\/terjebjornstad.com\/no\/wp-content\/uploads\/2021\/06\/z_veteran-vw-1-1080x1080-1.png?fit=1080%2C1080&amp;ssl=1\" data-orig-size=\"1080,1080\" data-comments-opened=\"1\" data-image-meta=\"{&quot;aperture&quot;:&quot;0&quot;,&quot;credit&quot;:&quot;&quot;,&quot;camera&quot;:&quot;&quot;,&quot;caption&quot;:&quot;&quot;,&quot;created_timestamp&quot;:&quot;0&quot;,&quot;copyright&quot;:&quot;&quot;,&quot;focal_length&quot;:&quot;0&quot;,&quot;iso&quot;:&quot;0&quot;,&quot;shutter_speed&quot;:&quot;0&quot;,&quot;title&quot;:&quot;&quot;,&quot;orientation&quot;:&quot;0&quot;}\" data-image-title=\"z_veteran-vw-1-1080&amp;#215;1080\" data-image-description=\"\" data-image-caption=\"&lt;p&gt;Oppstilt f\u00f8r avgang&lt;\/p&gt;\n\" data-large-file=\"https:\/\/i0.wp.com\/terjebjornstad.com\/no\/wp-content\/uploads\/2021\/06\/z_veteran-vw-1-1080x1080-1.png?fit=980%2C980&amp;ssl=1\" src=\"https:\/\/i0.wp.com\/terjebjornstad.com\/no\/wp-content\/uploads\/2021\/06\/z_veteran-vw-1-1080x1080-1.png?resize=980%2C980&#038;ssl=1\" alt=\"veteran VW klubben\" width=\"980\" height=\"980\" class=\"size-full wp-image-40859\" srcset=\"https:\/\/i0.wp.com\/terjebjornstad.com\/no\/wp-content\/uploads\/2021\/06\/z_veteran-vw-1-1080x1080-1.png?w=1080&amp;ssl=1 1080w, https:\/\/i0.wp.com\/terjebjornstad.com\/no\/wp-content\/uploads\/2021\/06\/z_veteran-vw-1-1080x1080-1.png?resize=300%2C300&amp;ssl=1 300w, https:\/\/i0.wp.com\/terjebjornstad.com\/no\/wp-content\/uploads\/2021\/06\/z_veteran-vw-1-1080x1080-1.png?resize=150%2C150&amp;ssl=1 150w, https:\/\/i0.wp.com\/terjebjornstad.com\/no\/wp-content\/uploads\/2021\/06\/z_veteran-vw-1-1080x1080-1.png?resize=768%2C768&amp;ssl=1 768w, https:\/\/i0.wp.com\/terjebjornstad.com\/no\/wp-content\/uploads\/2021\/06\/z_veteran-vw-1-1080x1080-1.png?resize=690%2C690&amp;ssl=1 690w, https:\/\/i0.wp.com\/terjebjornstad.com\/no\/wp-content\/uploads\/2021\/06\/z_veteran-vw-1-1080x1080-1.png?resize=980%2C980&amp;ssl=1 980w, https:\/\/i0.wp.com\/terjebjornstad.com\/no\/wp-content\/uploads\/2021\/06\/z_veteran-vw-1-1080x1080-1.png?resize=50%2C50&amp;ssl=1 50w\" sizes=\"auto, (max-width: 980px) 100vw, 980px\" \/><\/a><figcaption id=\"caption-attachment-40859\" class=\"wp-caption-text\">Oppstilt f\u00f8r avgang<\/figcaption><\/figure><\/p>\n<blockquote><p>Det var Veteran VW klubben i R\u00f8yken, Asker og B\u00e6rum som arrangerte en kj\u00f8retur for forh\u00e5ndsp\u00e5meldte medlemmer. Turen startet p\u00e5 S\u00e6tre og gikk Hurum rundt.<\/p><\/blockquote>\n<h5>&nbsp;<\/h5>\n<h3 class=\"tebh2\">Fortsatt bruksbiler<\/h3>\n<p><a href=\"https:\/\/www.vvwklubb.no\/\" target=\"_blank\" rel=\"noopener\"><strong>Veteran VW klubben<\/strong><\/a> er for folkevogner som er 30 \u00e5r eller eldre, alts\u00e5 ordentlige veteranbiler etter gammel ordning. Men n\u00e5r man ser ei folkevogn, tenker man ikke alltid veteranbil, &#8211; i hvert fall ikke hvis man selv er litt opp i \u00e5rene. I mitt nabolag putrer det rundt et par Volkswagen 1300 i daglig bruk. De er <em>bruksbiler<\/em>, ikke til pynt. N\u00e5r flere folkevogner er samlet, som p\u00e5 S\u00e6tre f\u00f8r avgang, kan man nesten ikke unng\u00e5 \u00e5 tenke at mange av disse bilene utmerket kunne ha fungert i daglig bruk. Plasserer du en beige Volkswagen 1300 p\u00e5 en vanlig parkeringsplass, vekker den ingen oppsikt. Det burde den. Den er tross alt over 50 \u00e5r gammel.<\/p>\n<h3 class=\"tebh2\">Er den virkelig veteran?<\/h3>\n<p>Det er spesielt for Volkswagen at mange modeller faktisk er eldre enn man skulle tro. Trekker vi grensen for veteran ved 30 \u00e5r, faller biler som T3 (Caravelle og Transporter) inn under begrepet, skj\u00f8nt de ser faktisk nyere ut, spesielt i Caravelle-utf\u00f8relse. Til neste \u00e5r vil tidlige utgaver av T4 Caravelle og Transporter kunne slutte seg til kortesjen som &laquo;veteranbil&raquo;. Likes\u00e5 Golf III. <\/p>\n<h3 class=\"tebh2\">Type-3 utrydningstruet?<\/h3>\n<p>Det er ingen fare for at folkevogn-bobla skal forsvinne. Ikke bare var den sv\u00e6rt utbredt, men fikk tidlig kultstatus. Volkswagens Type-3 skulle som kjent erstatte bobla. Den kom som fastback, notchback og variant. I dag har den utvilsomt kultstatus, men det kan virke som det tok lengere enn bobla. Med tanke p\u00e5 hvor mange Volkswagen 1500 Variant som gikk i Norge p\u00e5 1960- og 70-tallet er det merkelig at s\u00e5 f\u00e5 er igjen &#8211; sammenlignet med folkevogn-bobla. Forklaringen kan v\u00e6re at Volkswagen (Type-3) 1500 i st\u00f8rre grad ble brukt som familiebil &#8211; og ble kj\u00f8rt i filler, mens mange av samtidige bobler ble kj\u00f8pt av besteforeldre og gamle tanter. Det er kanskje de som fortsatt putrer rundt?<\/p>\n<blockquote><p>Bildene er fra fremm\u00f8teplassen p\u00e5 S\u00e6tre. Videre i innlegget er et YouTube-klipp fra starten av utflukten.<\/p><\/blockquote>\n<figure id=\"attachment_40849\" aria-describedby=\"caption-attachment-40849\" style=\"width: 1080px\" class=\"wp-caption aligncenter\"><a href=\"https:\/\/i0.wp.com\/terjebjornstad.com\/no\/wp-content\/uploads\/2021\/06\/1955-volkswagen-oval-vvw-1080x720-1.png?ssl=1\"><img data-recalc-dims=\"1\" loading=\"lazy\" decoding=\"async\" data-attachment-id=\"40849\" data-permalink=\"https:\/\/terjebjornstad.com\/no\/2021\/06\/07\/folkevogner-pa-vift\/1955-volkswagen-oval-vvw-1080x720\/\" data-orig-file=\"https:\/\/i0.wp.com\/terjebjornstad.com\/no\/wp-content\/uploads\/2021\/06\/1955-volkswagen-oval-vvw-1080x720-1.png?fit=1080%2C720&amp;ssl=1\" data-orig-size=\"1080,720\" data-comments-opened=\"1\" data-image-meta=\"{&quot;aperture&quot;:&quot;0&quot;,&quot;credit&quot;:&quot;&quot;,&quot;camera&quot;:&quot;&quot;,&quot;caption&quot;:&quot;&quot;,&quot;created_timestamp&quot;:&quot;0&quot;,&quot;copyright&quot;:&quot;&quot;,&quot;focal_length&quot;:&quot;0&quot;,&quot;iso&quot;:&quot;0&quot;,&quot;shutter_speed&quot;:&quot;0&quot;,&quot;title&quot;:&quot;&quot;,&quot;orientation&quot;:&quot;0&quot;}\" data-image-title=\"1955-volkswagen-oval-vvw-1080&amp;#215;720\" data-image-description=\"\" data-image-caption=\"&lt;p&gt;Oval-vindu Volkswagen&lt;\/p&gt;\n\" data-large-file=\"https:\/\/i0.wp.com\/terjebjornstad.com\/no\/wp-content\/uploads\/2021\/06\/1955-volkswagen-oval-vvw-1080x720-1.png?fit=980%2C653&amp;ssl=1\" src=\"https:\/\/i0.wp.com\/terjebjornstad.com\/no\/wp-content\/uploads\/2021\/06\/1955-volkswagen-oval-vvw-1080x720-1.png?resize=980%2C653&#038;ssl=1\" alt=\"s\u00e6tre\" width=\"980\" height=\"653\" class=\"size-full wp-image-40849\" srcset=\"https:\/\/i0.wp.com\/terjebjornstad.com\/no\/wp-content\/uploads\/2021\/06\/1955-volkswagen-oval-vvw-1080x720-1.png?w=1080&amp;ssl=1 1080w, https:\/\/i0.wp.com\/terjebjornstad.com\/no\/wp-content\/uploads\/2021\/06\/1955-volkswagen-oval-vvw-1080x720-1.png?resize=300%2C200&amp;ssl=1 300w, https:\/\/i0.wp.com\/terjebjornstad.com\/no\/wp-content\/uploads\/2021\/06\/1955-volkswagen-oval-vvw-1080x720-1.png?resize=768%2C512&amp;ssl=1 768w, https:\/\/i0.wp.com\/terjebjornstad.com\/no\/wp-content\/uploads\/2021\/06\/1955-volkswagen-oval-vvw-1080x720-1.png?resize=690%2C460&amp;ssl=1 690w, https:\/\/i0.wp.com\/terjebjornstad.com\/no\/wp-content\/uploads\/2021\/06\/1955-volkswagen-oval-vvw-1080x720-1.png?resize=980%2C653&amp;ssl=1 980w\" sizes=\"auto, (max-width: 980px) 100vw, 980px\" \/><\/a><figcaption id=\"caption-attachment-40849\" class=\"wp-caption-text\">Oval-vindu Volkswagen<\/figcaption><\/figure>\n<figure id=\"attachment_40853\" aria-describedby=\"caption-attachment-40853\" style=\"width: 1080px\" class=\"wp-caption aligncenter\"><a href=\"https:\/\/i0.wp.com\/terjebjornstad.com\/no\/wp-content\/uploads\/2021\/06\/1958-volkswagen-1200-vvw-2-1080x720-1.png?ssl=1\"><img data-recalc-dims=\"1\" loading=\"lazy\" decoding=\"async\" data-attachment-id=\"40853\" data-permalink=\"https:\/\/terjebjornstad.com\/no\/2021\/06\/07\/folkevogner-pa-vift\/1958-volkswagen-1200-vvw-2-1080x720\/\" data-orig-file=\"https:\/\/i0.wp.com\/terjebjornstad.com\/no\/wp-content\/uploads\/2021\/06\/1958-volkswagen-1200-vvw-2-1080x720-1.png?fit=1080%2C720&amp;ssl=1\" data-orig-size=\"1080,720\" data-comments-opened=\"1\" data-image-meta=\"{&quot;aperture&quot;:&quot;0&quot;,&quot;credit&quot;:&quot;&quot;,&quot;camera&quot;:&quot;&quot;,&quot;caption&quot;:&quot;&quot;,&quot;created_timestamp&quot;:&quot;0&quot;,&quot;copyright&quot;:&quot;&quot;,&quot;focal_length&quot;:&quot;0&quot;,&quot;iso&quot;:&quot;0&quot;,&quot;shutter_speed&quot;:&quot;0&quot;,&quot;title&quot;:&quot;&quot;,&quot;orientation&quot;:&quot;0&quot;}\" data-image-title=\"1958-volkswagen-1200-vvw-2-1080&amp;#215;720\" data-image-description=\"\" data-image-caption=\"&lt;p&gt;1957 eller 1958 Volkswagen med soltak, stor bakrute og retningspil. I bakgrunnen en T2 Camper.&lt;\/p&gt;\n\" data-large-file=\"https:\/\/i0.wp.com\/terjebjornstad.com\/no\/wp-content\/uploads\/2021\/06\/1958-volkswagen-1200-vvw-2-1080x720-1.png?fit=980%2C653&amp;ssl=1\" src=\"https:\/\/i0.wp.com\/terjebjornstad.com\/no\/wp-content\/uploads\/2021\/06\/1958-volkswagen-1200-vvw-2-1080x720-1.png?resize=980%2C653&#038;ssl=1\" alt=\"#veteranVWklubb\" width=\"980\" height=\"653\" class=\"size-full wp-image-40853\" srcset=\"https:\/\/i0.wp.com\/terjebjornstad.com\/no\/wp-content\/uploads\/2021\/06\/1958-volkswagen-1200-vvw-2-1080x720-1.png?w=1080&amp;ssl=1 1080w, https:\/\/i0.wp.com\/terjebjornstad.com\/no\/wp-content\/uploads\/2021\/06\/1958-volkswagen-1200-vvw-2-1080x720-1.png?resize=300%2C200&amp;ssl=1 300w, https:\/\/i0.wp.com\/terjebjornstad.com\/no\/wp-content\/uploads\/2021\/06\/1958-volkswagen-1200-vvw-2-1080x720-1.png?resize=768%2C512&amp;ssl=1 768w, https:\/\/i0.wp.com\/terjebjornstad.com\/no\/wp-content\/uploads\/2021\/06\/1958-volkswagen-1200-vvw-2-1080x720-1.png?resize=690%2C460&amp;ssl=1 690w, https:\/\/i0.wp.com\/terjebjornstad.com\/no\/wp-content\/uploads\/2021\/06\/1958-volkswagen-1200-vvw-2-1080x720-1.png?resize=980%2C653&amp;ssl=1 980w\" sizes=\"auto, (max-width: 980px) 100vw, 980px\" \/><\/a><figcaption id=\"caption-attachment-40853\" class=\"wp-caption-text\">1957 eller 1958 Volkswagen med soltak, stor bakrute og retningspil. I bakgrunnen en T2 Camper.<\/figcaption><\/figure>\n<figure id=\"attachment_40852\" aria-describedby=\"caption-attachment-40852\" style=\"width: 1080px\" class=\"wp-caption aligncenter\"><a href=\"https:\/\/i0.wp.com\/terjebjornstad.com\/no\/wp-content\/uploads\/2021\/06\/1958-volkswagen-1200-vvw-1-1080x1080-1.png?ssl=1\"><img data-recalc-dims=\"1\" loading=\"lazy\" decoding=\"async\" data-attachment-id=\"40852\" data-permalink=\"https:\/\/terjebjornstad.com\/no\/2021\/06\/07\/folkevogner-pa-vift\/1958-volkswagen-1200-vvw-1-1080x1080\/\" data-orig-file=\"https:\/\/i0.wp.com\/terjebjornstad.com\/no\/wp-content\/uploads\/2021\/06\/1958-volkswagen-1200-vvw-1-1080x1080-1.png?fit=1080%2C1080&amp;ssl=1\" data-orig-size=\"1080,1080\" data-comments-opened=\"1\" data-image-meta=\"{&quot;aperture&quot;:&quot;0&quot;,&quot;credit&quot;:&quot;&quot;,&quot;camera&quot;:&quot;&quot;,&quot;caption&quot;:&quot;&quot;,&quot;created_timestamp&quot;:&quot;0&quot;,&quot;copyright&quot;:&quot;&quot;,&quot;focal_length&quot;:&quot;0&quot;,&quot;iso&quot;:&quot;0&quot;,&quot;shutter_speed&quot;:&quot;0&quot;,&quot;title&quot;:&quot;&quot;,&quot;orientation&quot;:&quot;0&quot;}\" data-image-title=\"1958-volkswagen-1200-vvw-1-1080&amp;#215;1080\" data-image-description=\"\" data-image-caption=\"&lt;p&gt;Bagasjerack og USA-st\u00f8tfanger&lt;\/p&gt;\n\" data-large-file=\"https:\/\/i0.wp.com\/terjebjornstad.com\/no\/wp-content\/uploads\/2021\/06\/1958-volkswagen-1200-vvw-1-1080x1080-1.png?fit=980%2C980&amp;ssl=1\" src=\"https:\/\/i0.wp.com\/terjebjornstad.com\/no\/wp-content\/uploads\/2021\/06\/1958-volkswagen-1200-vvw-1-1080x1080-1.png?resize=980%2C980&#038;ssl=1\" alt=\"#veteranVWklubb\" width=\"980\" height=\"980\" class=\"size-full wp-image-40852\" srcset=\"https:\/\/i0.wp.com\/terjebjornstad.com\/no\/wp-content\/uploads\/2021\/06\/1958-volkswagen-1200-vvw-1-1080x1080-1.png?w=1080&amp;ssl=1 1080w, https:\/\/i0.wp.com\/terjebjornstad.com\/no\/wp-content\/uploads\/2021\/06\/1958-volkswagen-1200-vvw-1-1080x1080-1.png?resize=300%2C300&amp;ssl=1 300w, https:\/\/i0.wp.com\/terjebjornstad.com\/no\/wp-content\/uploads\/2021\/06\/1958-volkswagen-1200-vvw-1-1080x1080-1.png?resize=150%2C150&amp;ssl=1 150w, https:\/\/i0.wp.com\/terjebjornstad.com\/no\/wp-content\/uploads\/2021\/06\/1958-volkswagen-1200-vvw-1-1080x1080-1.png?resize=768%2C768&amp;ssl=1 768w, https:\/\/i0.wp.com\/terjebjornstad.com\/no\/wp-content\/uploads\/2021\/06\/1958-volkswagen-1200-vvw-1-1080x1080-1.png?resize=690%2C690&amp;ssl=1 690w, https:\/\/i0.wp.com\/terjebjornstad.com\/no\/wp-content\/uploads\/2021\/06\/1958-volkswagen-1200-vvw-1-1080x1080-1.png?resize=980%2C980&amp;ssl=1 980w, https:\/\/i0.wp.com\/terjebjornstad.com\/no\/wp-content\/uploads\/2021\/06\/1958-volkswagen-1200-vvw-1-1080x1080-1.png?resize=50%2C50&amp;ssl=1 50w\" sizes=\"auto, (max-width: 980px) 100vw, 980px\" \/><\/a><figcaption id=\"caption-attachment-40852\" class=\"wp-caption-text\">Bagasjerack og USA-st\u00f8tfanger<\/figcaption><\/figure>\n<figure id=\"attachment_40855\" aria-describedby=\"caption-attachment-40855\" style=\"width: 1080px\" class=\"wp-caption aligncenter\"><a href=\"https:\/\/i0.wp.com\/terjebjornstad.com\/no\/wp-content\/uploads\/2021\/06\/1968-vw-1300-1966-vw-1500-vvw-1080x720-1.png?ssl=1\"><img data-recalc-dims=\"1\" loading=\"lazy\" decoding=\"async\" data-attachment-id=\"40855\" data-permalink=\"https:\/\/terjebjornstad.com\/no\/2021\/06\/07\/folkevogner-pa-vift\/1968-vw-1300-1966-vw-1500-vvw-1080x720\/\" data-orig-file=\"https:\/\/i0.wp.com\/terjebjornstad.com\/no\/wp-content\/uploads\/2021\/06\/1968-vw-1300-1966-vw-1500-vvw-1080x720-1.png?fit=1080%2C720&amp;ssl=1\" data-orig-size=\"1080,720\" data-comments-opened=\"1\" data-image-meta=\"{&quot;aperture&quot;:&quot;0&quot;,&quot;credit&quot;:&quot;&quot;,&quot;camera&quot;:&quot;&quot;,&quot;caption&quot;:&quot;&quot;,&quot;created_timestamp&quot;:&quot;0&quot;,&quot;copyright&quot;:&quot;&quot;,&quot;focal_length&quot;:&quot;0&quot;,&quot;iso&quot;:&quot;0&quot;,&quot;shutter_speed&quot;:&quot;0&quot;,&quot;title&quot;:&quot;&quot;,&quot;orientation&quot;:&quot;0&quot;}\" data-image-title=\"1968-vw-1300-1966-vw-1500-vvw-1080&amp;#215;720\" data-image-description=\"\" data-image-caption=\"&lt;p&gt;Volkswagen 1500&lt;\/p&gt;\n\" data-large-file=\"https:\/\/i0.wp.com\/terjebjornstad.com\/no\/wp-content\/uploads\/2021\/06\/1968-vw-1300-1966-vw-1500-vvw-1080x720-1.png?fit=980%2C653&amp;ssl=1\" src=\"https:\/\/i0.wp.com\/terjebjornstad.com\/no\/wp-content\/uploads\/2021\/06\/1968-vw-1300-1966-vw-1500-vvw-1080x720-1.png?resize=980%2C653&#038;ssl=1\" alt=\"veteran VW klubben\" width=\"980\" height=\"653\" class=\"size-full wp-image-40855\" srcset=\"https:\/\/i0.wp.com\/terjebjornstad.com\/no\/wp-content\/uploads\/2021\/06\/1968-vw-1300-1966-vw-1500-vvw-1080x720-1.png?w=1080&amp;ssl=1 1080w, https:\/\/i0.wp.com\/terjebjornstad.com\/no\/wp-content\/uploads\/2021\/06\/1968-vw-1300-1966-vw-1500-vvw-1080x720-1.png?resize=300%2C200&amp;ssl=1 300w, https:\/\/i0.wp.com\/terjebjornstad.com\/no\/wp-content\/uploads\/2021\/06\/1968-vw-1300-1966-vw-1500-vvw-1080x720-1.png?resize=768%2C512&amp;ssl=1 768w, https:\/\/i0.wp.com\/terjebjornstad.com\/no\/wp-content\/uploads\/2021\/06\/1968-vw-1300-1966-vw-1500-vvw-1080x720-1.png?resize=690%2C460&amp;ssl=1 690w, https:\/\/i0.wp.com\/terjebjornstad.com\/no\/wp-content\/uploads\/2021\/06\/1968-vw-1300-1966-vw-1500-vvw-1080x720-1.png?resize=980%2C653&amp;ssl=1 980w\" sizes=\"auto, (max-width: 980px) 100vw, 980px\" \/><\/a><figcaption id=\"caption-attachment-40855\" class=\"wp-caption-text\">Volkswagen 1500 i forgrunnen. Volkswagen 1300 ved siden.<\/figcaption><\/figure>\n<figure id=\"attachment_40850\" aria-describedby=\"caption-attachment-40850\" style=\"width: 1080px\" class=\"wp-caption aligncenter\"><a href=\"https:\/\/i0.wp.com\/terjebjornstad.com\/no\/wp-content\/uploads\/2021\/06\/1958-volkswagen-1200-cabrio-t151-vvw-1080x720-1.png?ssl=1\"><img data-recalc-dims=\"1\" loading=\"lazy\" decoding=\"async\" data-attachment-id=\"40850\" data-permalink=\"https:\/\/terjebjornstad.com\/no\/2021\/06\/07\/folkevogner-pa-vift\/1958-volkswagen-1200-cabrio-t151-vvw-1080x720\/\" data-orig-file=\"https:\/\/i0.wp.com\/terjebjornstad.com\/no\/wp-content\/uploads\/2021\/06\/1958-volkswagen-1200-cabrio-t151-vvw-1080x720-1.png?fit=1080%2C720&amp;ssl=1\" data-orig-size=\"1080,720\" data-comments-opened=\"1\" data-image-meta=\"{&quot;aperture&quot;:&quot;0&quot;,&quot;credit&quot;:&quot;&quot;,&quot;camera&quot;:&quot;&quot;,&quot;caption&quot;:&quot;&quot;,&quot;created_timestamp&quot;:&quot;0&quot;,&quot;copyright&quot;:&quot;&quot;,&quot;focal_length&quot;:&quot;0&quot;,&quot;iso&quot;:&quot;0&quot;,&quot;shutter_speed&quot;:&quot;0&quot;,&quot;title&quot;:&quot;&quot;,&quot;orientation&quot;:&quot;0&quot;}\" data-image-title=\"1958-volkswagen-1200-cabrio-t151-vvw-1080&amp;#215;720\" data-image-description=\"\" data-image-caption=\"&lt;p&gt;Kamann Cabriolet&lt;\/p&gt;\n\" data-large-file=\"https:\/\/i0.wp.com\/terjebjornstad.com\/no\/wp-content\/uploads\/2021\/06\/1958-volkswagen-1200-cabrio-t151-vvw-1080x720-1.png?fit=980%2C653&amp;ssl=1\" src=\"https:\/\/i0.wp.com\/terjebjornstad.com\/no\/wp-content\/uploads\/2021\/06\/1958-volkswagen-1200-cabrio-t151-vvw-1080x720-1.png?resize=980%2C653&#038;ssl=1\" alt=\"s\u00e6tre\" width=\"980\" height=\"653\" class=\"size-full wp-image-40850\" srcset=\"https:\/\/i0.wp.com\/terjebjornstad.com\/no\/wp-content\/uploads\/2021\/06\/1958-volkswagen-1200-cabrio-t151-vvw-1080x720-1.png?w=1080&amp;ssl=1 1080w, https:\/\/i0.wp.com\/terjebjornstad.com\/no\/wp-content\/uploads\/2021\/06\/1958-volkswagen-1200-cabrio-t151-vvw-1080x720-1.png?resize=300%2C200&amp;ssl=1 300w, https:\/\/i0.wp.com\/terjebjornstad.com\/no\/wp-content\/uploads\/2021\/06\/1958-volkswagen-1200-cabrio-t151-vvw-1080x720-1.png?resize=768%2C512&amp;ssl=1 768w, https:\/\/i0.wp.com\/terjebjornstad.com\/no\/wp-content\/uploads\/2021\/06\/1958-volkswagen-1200-cabrio-t151-vvw-1080x720-1.png?resize=690%2C460&amp;ssl=1 690w, https:\/\/i0.wp.com\/terjebjornstad.com\/no\/wp-content\/uploads\/2021\/06\/1958-volkswagen-1200-cabrio-t151-vvw-1080x720-1.png?resize=980%2C653&amp;ssl=1 980w\" sizes=\"auto, (max-width: 980px) 100vw, 980px\" \/><\/a><figcaption id=\"caption-attachment-40850\" class=\"wp-caption-text\">Volkswagen (Type 151) Kamann Cabriolet<\/figcaption><\/figure>\n<figure id=\"attachment_40857\" aria-describedby=\"caption-attachment-40857\" style=\"width: 1080px\" class=\"wp-caption aligncenter\"><a href=\"https:\/\/i0.wp.com\/terjebjornstad.com\/no\/wp-content\/uploads\/2021\/06\/1986-t3-1967-t1-1966-t1-vvw-1080x720-1.png?ssl=1\"><img data-recalc-dims=\"1\" loading=\"lazy\" decoding=\"async\" data-attachment-id=\"40857\" data-permalink=\"https:\/\/terjebjornstad.com\/no\/2021\/06\/07\/folkevogner-pa-vift\/1986-t3-1967-t1-1966-t1-vvw-1080x720\/\" data-orig-file=\"https:\/\/i0.wp.com\/terjebjornstad.com\/no\/wp-content\/uploads\/2021\/06\/1986-t3-1967-t1-1966-t1-vvw-1080x720-1.png?fit=1080%2C720&amp;ssl=1\" data-orig-size=\"1080,720\" data-comments-opened=\"1\" data-image-meta=\"{&quot;aperture&quot;:&quot;0&quot;,&quot;credit&quot;:&quot;&quot;,&quot;camera&quot;:&quot;&quot;,&quot;caption&quot;:&quot;&quot;,&quot;created_timestamp&quot;:&quot;0&quot;,&quot;copyright&quot;:&quot;&quot;,&quot;focal_length&quot;:&quot;0&quot;,&quot;iso&quot;:&quot;0&quot;,&quot;shutter_speed&quot;:&quot;0&quot;,&quot;title&quot;:&quot;&quot;,&quot;orientation&quot;:&quot;0&quot;}\" data-image-title=\"1986-t3-1967-t1-1966-t1-vvw-1080&amp;#215;720\" data-image-description=\"\" data-image-caption=\"&lt;p&gt;Busser og pickup. T.v. T3 Caravelle. I midten er T1 md 11-vinduer. T.h. Singelkabin&lt;\/p&gt;\n\" data-large-file=\"https:\/\/i0.wp.com\/terjebjornstad.com\/no\/wp-content\/uploads\/2021\/06\/1986-t3-1967-t1-1966-t1-vvw-1080x720-1.png?fit=980%2C653&amp;ssl=1\" src=\"https:\/\/i0.wp.com\/terjebjornstad.com\/no\/wp-content\/uploads\/2021\/06\/1986-t3-1967-t1-1966-t1-vvw-1080x720-1.png?resize=980%2C653&#038;ssl=1\" alt=\"veteran VW klubben\" width=\"980\" height=\"653\" class=\"size-full wp-image-40857\" srcset=\"https:\/\/i0.wp.com\/terjebjornstad.com\/no\/wp-content\/uploads\/2021\/06\/1986-t3-1967-t1-1966-t1-vvw-1080x720-1.png?w=1080&amp;ssl=1 1080w, https:\/\/i0.wp.com\/terjebjornstad.com\/no\/wp-content\/uploads\/2021\/06\/1986-t3-1967-t1-1966-t1-vvw-1080x720-1.png?resize=300%2C200&amp;ssl=1 300w, https:\/\/i0.wp.com\/terjebjornstad.com\/no\/wp-content\/uploads\/2021\/06\/1986-t3-1967-t1-1966-t1-vvw-1080x720-1.png?resize=768%2C512&amp;ssl=1 768w, https:\/\/i0.wp.com\/terjebjornstad.com\/no\/wp-content\/uploads\/2021\/06\/1986-t3-1967-t1-1966-t1-vvw-1080x720-1.png?resize=690%2C460&amp;ssl=1 690w, https:\/\/i0.wp.com\/terjebjornstad.com\/no\/wp-content\/uploads\/2021\/06\/1986-t3-1967-t1-1966-t1-vvw-1080x720-1.png?resize=980%2C653&amp;ssl=1 980w\" sizes=\"auto, (max-width: 980px) 100vw, 980px\" \/><\/a><figcaption id=\"caption-attachment-40857\" class=\"wp-caption-text\">Busser og pickup. T.v. T3 Caravelle. I midten er T1 med 11-vinduer. T.h. Singelkabin<\/figcaption><\/figure>\n<figure id=\"attachment_40856\" aria-describedby=\"caption-attachment-40856\" style=\"width: 1080px\" class=\"wp-caption aligncenter\"><a href=\"https:\/\/i0.wp.com\/terjebjornstad.com\/no\/wp-content\/uploads\/2021\/06\/1969-volkswagen-1300-vvw-1080x720-1.png?ssl=1\"><img data-recalc-dims=\"1\" loading=\"lazy\" decoding=\"async\" data-attachment-id=\"40856\" data-permalink=\"https:\/\/terjebjornstad.com\/no\/2021\/06\/07\/folkevogner-pa-vift\/1969-volkswagen-1300-vvw-1080x720\/\" data-orig-file=\"https:\/\/i0.wp.com\/terjebjornstad.com\/no\/wp-content\/uploads\/2021\/06\/1969-volkswagen-1300-vvw-1080x720-1.png?fit=1080%2C720&amp;ssl=1\" data-orig-size=\"1080,720\" data-comments-opened=\"1\" data-image-meta=\"{&quot;aperture&quot;:&quot;0&quot;,&quot;credit&quot;:&quot;&quot;,&quot;camera&quot;:&quot;&quot;,&quot;caption&quot;:&quot;&quot;,&quot;created_timestamp&quot;:&quot;0&quot;,&quot;copyright&quot;:&quot;&quot;,&quot;focal_length&quot;:&quot;0&quot;,&quot;iso&quot;:&quot;0&quot;,&quot;shutter_speed&quot;:&quot;0&quot;,&quot;title&quot;:&quot;&quot;,&quot;orientation&quot;:&quot;0&quot;}\" data-image-title=\"1969-volkswagen-1300-vvw-1080&amp;#215;720\" data-image-description=\"\" data-image-caption=\"&lt;p&gt;Volkswagen 1300&lt;\/p&gt;\n\" data-large-file=\"https:\/\/i0.wp.com\/terjebjornstad.com\/no\/wp-content\/uploads\/2021\/06\/1969-volkswagen-1300-vvw-1080x720-1.png?fit=980%2C653&amp;ssl=1\" src=\"https:\/\/i0.wp.com\/terjebjornstad.com\/no\/wp-content\/uploads\/2021\/06\/1969-volkswagen-1300-vvw-1080x720-1.png?resize=980%2C653&#038;ssl=1\" alt=\"veteran VW klubben\" width=\"980\" height=\"653\" class=\"size-full wp-image-40856\" srcset=\"https:\/\/i0.wp.com\/terjebjornstad.com\/no\/wp-content\/uploads\/2021\/06\/1969-volkswagen-1300-vvw-1080x720-1.png?w=1080&amp;ssl=1 1080w, https:\/\/i0.wp.com\/terjebjornstad.com\/no\/wp-content\/uploads\/2021\/06\/1969-volkswagen-1300-vvw-1080x720-1.png?resize=300%2C200&amp;ssl=1 300w, https:\/\/i0.wp.com\/terjebjornstad.com\/no\/wp-content\/uploads\/2021\/06\/1969-volkswagen-1300-vvw-1080x720-1.png?resize=768%2C512&amp;ssl=1 768w, https:\/\/i0.wp.com\/terjebjornstad.com\/no\/wp-content\/uploads\/2021\/06\/1969-volkswagen-1300-vvw-1080x720-1.png?resize=690%2C460&amp;ssl=1 690w, https:\/\/i0.wp.com\/terjebjornstad.com\/no\/wp-content\/uploads\/2021\/06\/1969-volkswagen-1300-vvw-1080x720-1.png?resize=980%2C653&amp;ssl=1 980w\" sizes=\"auto, (max-width: 980px) 100vw, 980px\" \/><\/a><figcaption id=\"caption-attachment-40856\" class=\"wp-caption-text\">Volkswagen 1300<\/figcaption><\/figure>\n<figure id=\"attachment_40854\" aria-describedby=\"caption-attachment-40854\" style=\"width: 1080px\" class=\"wp-caption aligncenter\"><a href=\"https:\/\/i0.wp.com\/terjebjornstad.com\/no\/wp-content\/uploads\/2021\/06\/1962-volkswagen-1200-vvw-1080x720-1.png?ssl=1\"><img data-recalc-dims=\"1\" loading=\"lazy\" decoding=\"async\" data-attachment-id=\"40854\" data-permalink=\"https:\/\/terjebjornstad.com\/no\/2021\/06\/07\/folkevogner-pa-vift\/1962-volkswagen-1200-vvw-1080x720\/\" data-orig-file=\"https:\/\/i0.wp.com\/terjebjornstad.com\/no\/wp-content\/uploads\/2021\/06\/1962-volkswagen-1200-vvw-1080x720-1.png?fit=1080%2C720&amp;ssl=1\" data-orig-size=\"1080,720\" data-comments-opened=\"1\" data-image-meta=\"{&quot;aperture&quot;:&quot;0&quot;,&quot;credit&quot;:&quot;&quot;,&quot;camera&quot;:&quot;&quot;,&quot;caption&quot;:&quot;&quot;,&quot;created_timestamp&quot;:&quot;0&quot;,&quot;copyright&quot;:&quot;&quot;,&quot;focal_length&quot;:&quot;0&quot;,&quot;iso&quot;:&quot;0&quot;,&quot;shutter_speed&quot;:&quot;0&quot;,&quot;title&quot;:&quot;&quot;,&quot;orientation&quot;:&quot;0&quot;}\" data-image-title=\"1962-volkswagen-1200-vvw-1080&amp;#215;720\" data-image-description=\"\" data-image-caption=\"&lt;p&gt;1962 Volkswagen 1200&lt;\/p&gt;\n\" data-large-file=\"https:\/\/i0.wp.com\/terjebjornstad.com\/no\/wp-content\/uploads\/2021\/06\/1962-volkswagen-1200-vvw-1080x720-1.png?fit=980%2C653&amp;ssl=1\" src=\"https:\/\/i0.wp.com\/terjebjornstad.com\/no\/wp-content\/uploads\/2021\/06\/1962-volkswagen-1200-vvw-1080x720-1.png?resize=980%2C653&#038;ssl=1\" alt=\"#veteranVWklubb\" width=\"980\" height=\"653\" class=\"size-full wp-image-40854\" srcset=\"https:\/\/i0.wp.com\/terjebjornstad.com\/no\/wp-content\/uploads\/2021\/06\/1962-volkswagen-1200-vvw-1080x720-1.png?w=1080&amp;ssl=1 1080w, https:\/\/i0.wp.com\/terjebjornstad.com\/no\/wp-content\/uploads\/2021\/06\/1962-volkswagen-1200-vvw-1080x720-1.png?resize=300%2C200&amp;ssl=1 300w, https:\/\/i0.wp.com\/terjebjornstad.com\/no\/wp-content\/uploads\/2021\/06\/1962-volkswagen-1200-vvw-1080x720-1.png?resize=768%2C512&amp;ssl=1 768w, https:\/\/i0.wp.com\/terjebjornstad.com\/no\/wp-content\/uploads\/2021\/06\/1962-volkswagen-1200-vvw-1080x720-1.png?resize=690%2C460&amp;ssl=1 690w, https:\/\/i0.wp.com\/terjebjornstad.com\/no\/wp-content\/uploads\/2021\/06\/1962-volkswagen-1200-vvw-1080x720-1.png?resize=980%2C653&amp;ssl=1 980w\" sizes=\"auto, (max-width: 980px) 100vw, 980px\" \/><\/a><figcaption id=\"caption-attachment-40854\" class=\"wp-caption-text\">Volkswagen 1200 i forgrunnen<\/figcaption><\/figure>\n<p><a href=\"https:\/\/www.youtube.com\/watch?v=iEEdJW3vHwE\"><img data-recalc-dims=\"1\" loading=\"lazy\" decoding=\"async\" data-attachment-id=\"65412\" data-permalink=\"https:\/\/terjebjornstad.com\/no\/2021\/06\/07\/folkevogner-pa-vift\/youtube-volkswagen-pa-vift\/\" data-orig-file=\"https:\/\/i0.wp.com\/terjebjornstad.com\/no\/wp-content\/uploads\/2021\/06\/youtube-volkswagen-pa-vift.jpg?fit=544%2C312&amp;ssl=1\" data-orig-size=\"544,312\" data-comments-opened=\"1\" data-image-meta=\"{&quot;aperture&quot;:&quot;0&quot;,&quot;credit&quot;:&quot;&quot;,&quot;camera&quot;:&quot;&quot;,&quot;caption&quot;:&quot;&quot;,&quot;created_timestamp&quot;:&quot;0&quot;,&quot;copyright&quot;:&quot;&quot;,&quot;focal_length&quot;:&quot;0&quot;,&quot;iso&quot;:&quot;0&quot;,&quot;shutter_speed&quot;:&quot;0&quot;,&quot;title&quot;:&quot;&quot;,&quot;orientation&quot;:&quot;0&quot;}\" data-image-title=\"youtube-volkswagen-pa-vift\" data-image-description=\"\" data-image-caption=\"\" data-large-file=\"https:\/\/i0.wp.com\/terjebjornstad.com\/no\/wp-content\/uploads\/2021\/06\/youtube-volkswagen-pa-vift.jpg?fit=544%2C312&amp;ssl=1\" src=\"https:\/\/i0.wp.com\/terjebjornstad.com\/no\/wp-content\/uploads\/2021\/06\/youtube-volkswagen-pa-vift.jpg?resize=544%2C312&#038;ssl=1\" alt=\"\" width=\"544\" height=\"312\" class=\"alignleft size-full wp-image-65412\" srcset=\"https:\/\/i0.wp.com\/terjebjornstad.com\/no\/wp-content\/uploads\/2021\/06\/youtube-volkswagen-pa-vift.jpg?w=544&amp;ssl=1 544w, https:\/\/i0.wp.com\/terjebjornstad.com\/no\/wp-content\/uploads\/2021\/06\/youtube-volkswagen-pa-vift.jpg?resize=300%2C172&amp;ssl=1 300w\" sizes=\"auto, (max-width: 544px) 100vw, 544px\" \/><\/a><\/p>\n<h6><\/h6>\n<\/div>\n","protected":false,"gt_translate_keys":[{"key":"rendered","format":"html"}]},"excerpt":{"rendered":"<p>Det var Veteran VW klubben i R\u00f8yken, Asker og B\u00e6rum som arrangerte en kj\u00f8retur for forh\u00e5ndsp\u00e5meldte medlemmer. Turen startet p\u00e5 S\u00e6tre og gikk Hurum rundt. &nbsp; Fortsatt bruksbiler Veteran VW klubben er for folkevogner som er 30 \u00e5r eller eldre, alts\u00e5 ordentlige veteranbiler etter gammel ordning. Men n\u00e5r man ser ei folkevogn, tenker man ikke [&hellip;]<\/p>\n","protected":false,"gt_translate_keys":[{"key":"rendered","format":"html"}]},"author":1,"featured_media":40853,"comment_status":"open","ping_status":"open","sticky":false,"template":"","format":"standard","meta":{"_monsterinsights_skip_tracking":false,"_monsterinsights_sitenote_active":false,"_monsterinsights_sitenote_note":"","_monsterinsights_sitenote_category":0,"jetpack_post_was_ever_published":false,"_jetpack_newsletter_access":"","_jetpack_dont_email_post_to_subs":false,"_jetpack_newsletter_tier_id":0,"_jetpack_memberships_contains_paywalled_content":false,"_jetpack_memberships_contains_paid_content":false,"footnotes":"","jetpack_publicize_message":"","jetpack_publicize_feature_enabled":true,"jetpack_social_post_already_shared":true,"jetpack_social_options":{"image_generator_settings":{"template":"highway","default_image_id":0,"font":"","enabled":false},"version":2}},"categories":[2493,34,3078,484,38],"tags":[2305,590,3586,3585,2307,3581,3583,3582,3584],"class_list":["post-40848","post","type-post","status-publish","format-standard","has-post-thumbnail","hentry","category-aircooled","category-artikkel","category-k70","category-veteran","category-volkswagen","tag-folkevogn","tag-folkevognboble","tag-luftavkjolt","tag-luftkjolt","tag-veteran-vw-klubben","tag-veteranvwklubb","tag-vw-1200","tag-vw-1300","tag-vw-1500"],"yoast_head":"<!-- This site is optimized with the Yoast SEO plugin v27.5 - https:\/\/yoast.com\/product\/yoast-seo-wordpress\/ -->\n<title>Folkevogner p\u00e5 vift - Terjes biler - Volkswagen eldre enn 30 \u00e5r<\/title>\n<meta name=\"description\" content=\"Veteran VW klubben arrangerte tur Hurum rundt 2021 for forh\u00e5ndsp\u00e5meldte medlemmer. Vi har tittet p\u00e5 bilene og Die Abfahrt fra S\u00e6tre.\" \/>\n<meta name=\"robots\" content=\"index, follow, max-snippet:-1, max-image-preview:large, max-video-preview:-1\" \/>\n<link rel=\"canonical\" href=\"https:\/\/terjebjornstad.com\/no\/2021\/06\/07\/folkevogner-pa-vift\/\" \/>\n<meta property=\"og:locale\" content=\"nb_NO\" \/>\n<meta property=\"og:type\" content=\"article\" \/>\n<meta property=\"og:title\" content=\"Folkevogner p\u00e5 vift - Terjes biler - Volkswagen eldre enn 30 \u00e5r\" \/>\n<meta property=\"og:description\" content=\"Veteran VW klubben arrangerte tur Hurum rundt 2021 for forh\u00e5ndsp\u00e5meldte medlemmer. Vi har tittet p\u00e5 bilene og Die Abfahrt fra S\u00e6tre.\" \/>\n<meta property=\"og:url\" content=\"https:\/\/terjebjornstad.com\/no\/2021\/06\/07\/folkevogner-pa-vift\/\" \/>\n<meta property=\"og:site_name\" content=\"Terjes biler\" \/>\n<meta property=\"article:publisher\" content=\"https:\/\/www.facebook.com\/terjesbiler\/\" \/>\n<meta property=\"article:author\" content=\"https:\/\/www.facebook.com\/terjesbiler\" \/>\n<meta property=\"article:published_time\" content=\"2021-06-06T23:54:16+00:00\" \/>\n<meta property=\"article:modified_time\" content=\"2026-03-01T15:59:48+00:00\" \/>\n<meta property=\"og:image\" content=\"https:\/\/terjebjornstad.com\/no\/wp-content\/uploads\/2021\/06\/1958-volkswagen-1200-vvw-2-1080x720-1.png\" \/>\n\t<meta property=\"og:image:width\" content=\"1080\" \/>\n\t<meta property=\"og:image:height\" content=\"720\" \/>\n\t<meta property=\"og:image:type\" content=\"image\/png\" \/>\n<meta name=\"author\" content=\"Terje Bj\u00f8rnstad\" \/>\n<meta name=\"twitter:card\" content=\"summary_large_image\" \/>\n<meta name=\"twitter:label1\" content=\"Skrevet av\" \/>\n\t<meta name=\"twitter:data1\" content=\"Terje Bj\u00f8rnstad\" \/>\n\t<meta name=\"twitter:label2\" content=\"Ansl. lesetid\" \/>\n\t<meta name=\"twitter:data2\" content=\"5 minutter\" \/>\n<script type=\"application\/ld+json\" class=\"yoast-schema-graph\">{\"@context\":\"https:\\\/\\\/schema.org\",\"@graph\":[{\"@type\":\"Article\",\"@id\":\"https:\\\/\\\/terjebjornstad.com\\\/no\\\/2021\\\/06\\\/07\\\/folkevogner-pa-vift\\\/#article\",\"isPartOf\":{\"@id\":\"https:\\\/\\\/terjebjornstad.com\\\/no\\\/2021\\\/06\\\/07\\\/folkevogner-pa-vift\\\/\"},\"author\":{\"name\":\"Terje Bj\u00f8rnstad\",\"@id\":\"https:\\\/\\\/terjebjornstad.com\\\/no\\\/#\\\/schema\\\/person\\\/a281f6a6e0f3cc9fe468e7f0c655aa65\"},\"headline\":\"Folkevogner p\u00e5 vift\",\"datePublished\":\"2021-06-06T23:54:16+00:00\",\"dateModified\":\"2026-03-01T15:59:48+00:00\",\"mainEntityOfPage\":{\"@id\":\"https:\\\/\\\/terjebjornstad.com\\\/no\\\/2021\\\/06\\\/07\\\/folkevogner-pa-vift\\\/\"},\"wordCount\":475,\"commentCount\":0,\"publisher\":{\"@id\":\"https:\\\/\\\/terjebjornstad.com\\\/no\\\/#organization\"},\"image\":{\"@id\":\"https:\\\/\\\/terjebjornstad.com\\\/no\\\/2021\\\/06\\\/07\\\/folkevogner-pa-vift\\\/#primaryimage\"},\"thumbnailUrl\":\"https:\\\/\\\/i0.wp.com\\\/terjebjornstad.com\\\/no\\\/wp-content\\\/uploads\\\/2021\\\/06\\\/1958-volkswagen-1200-vvw-2-1080x720-1.png?fit=1080%2C720&ssl=1\",\"keywords\":[\"Folkevogn\",\"Folkevognboble\",\"luftavkj\u00f8lt\",\"luftkj\u00f8lt\",\"Veteran VW Klubben\",\"veteranvwklubb\",\"vw 1200\",\"vw 1300\",\"VW 1500\"],\"articleSection\":[\"Aircooled\",\"Artikkel\",\"K70\",\"Veteran\",\"Volkswagen\"],\"inLanguage\":\"nb-NO\",\"potentialAction\":[{\"@type\":\"CommentAction\",\"name\":\"Comment\",\"target\":[\"https:\\\/\\\/terjebjornstad.com\\\/no\\\/2021\\\/06\\\/07\\\/folkevogner-pa-vift\\\/#respond\"]}]},{\"@type\":\"WebPage\",\"@id\":\"https:\\\/\\\/terjebjornstad.com\\\/no\\\/2021\\\/06\\\/07\\\/folkevogner-pa-vift\\\/\",\"url\":\"https:\\\/\\\/terjebjornstad.com\\\/no\\\/2021\\\/06\\\/07\\\/folkevogner-pa-vift\\\/\",\"name\":\"Folkevogner p\u00e5 vift - Terjes biler - Volkswagen eldre enn 30 \u00e5r\",\"isPartOf\":{\"@id\":\"https:\\\/\\\/terjebjornstad.com\\\/no\\\/#website\"},\"primaryImageOfPage\":{\"@id\":\"https:\\\/\\\/terjebjornstad.com\\\/no\\\/2021\\\/06\\\/07\\\/folkevogner-pa-vift\\\/#primaryimage\"},\"image\":{\"@id\":\"https:\\\/\\\/terjebjornstad.com\\\/no\\\/2021\\\/06\\\/07\\\/folkevogner-pa-vift\\\/#primaryimage\"},\"thumbnailUrl\":\"https:\\\/\\\/i0.wp.com\\\/terjebjornstad.com\\\/no\\\/wp-content\\\/uploads\\\/2021\\\/06\\\/1958-volkswagen-1200-vvw-2-1080x720-1.png?fit=1080%2C720&ssl=1\",\"datePublished\":\"2021-06-06T23:54:16+00:00\",\"dateModified\":\"2026-03-01T15:59:48+00:00\",\"description\":\"Veteran VW klubben arrangerte tur Hurum rundt 2021 for forh\u00e5ndsp\u00e5meldte medlemmer. Vi har tittet p\u00e5 bilene og Die Abfahrt fra S\u00e6tre.\",\"breadcrumb\":{\"@id\":\"https:\\\/\\\/terjebjornstad.com\\\/no\\\/2021\\\/06\\\/07\\\/folkevogner-pa-vift\\\/#breadcrumb\"},\"inLanguage\":\"nb-NO\",\"potentialAction\":[{\"@type\":\"ReadAction\",\"target\":[\"https:\\\/\\\/terjebjornstad.com\\\/no\\\/2021\\\/06\\\/07\\\/folkevogner-pa-vift\\\/\"]}]},{\"@type\":\"ImageObject\",\"inLanguage\":\"nb-NO\",\"@id\":\"https:\\\/\\\/terjebjornstad.com\\\/no\\\/2021\\\/06\\\/07\\\/folkevogner-pa-vift\\\/#primaryimage\",\"url\":\"https:\\\/\\\/i0.wp.com\\\/terjebjornstad.com\\\/no\\\/wp-content\\\/uploads\\\/2021\\\/06\\\/1958-volkswagen-1200-vvw-2-1080x720-1.png?fit=1080%2C720&ssl=1\",\"contentUrl\":\"https:\\\/\\\/i0.wp.com\\\/terjebjornstad.com\\\/no\\\/wp-content\\\/uploads\\\/2021\\\/06\\\/1958-volkswagen-1200-vvw-2-1080x720-1.png?fit=1080%2C720&ssl=1\",\"width\":1080,\"height\":720,\"caption\":\"1957 eller 1958 Volkswagen med soltak, stor bakrute og retningspil. I bakgrunnen en T2 Camper.\"},{\"@type\":\"BreadcrumbList\",\"@id\":\"https:\\\/\\\/terjebjornstad.com\\\/no\\\/2021\\\/06\\\/07\\\/folkevogner-pa-vift\\\/#breadcrumb\",\"itemListElement\":[{\"@type\":\"ListItem\",\"position\":1,\"name\":\"Hjem\",\"item\":\"https:\\\/\\\/terjebjornstad.com\\\/no\\\/\"},{\"@type\":\"ListItem\",\"position\":2,\"name\":\"Folkevogner p\u00e5 vift\"}]},{\"@type\":\"WebSite\",\"@id\":\"https:\\\/\\\/terjebjornstad.com\\\/no\\\/#website\",\"url\":\"https:\\\/\\\/terjebjornstad.com\\\/no\\\/\",\"name\":\"Terjes biler\",\"description\":\"HONEST ABOUT CARS\",\"publisher\":{\"@id\":\"https:\\\/\\\/terjebjornstad.com\\\/no\\\/#organization\"},\"alternateName\":\"Terjebjornstad.com\",\"potentialAction\":[{\"@type\":\"SearchAction\",\"target\":{\"@type\":\"EntryPoint\",\"urlTemplate\":\"https:\\\/\\\/terjebjornstad.com\\\/no\\\/?s={search_term_string}\"},\"query-input\":{\"@type\":\"PropertyValueSpecification\",\"valueRequired\":true,\"valueName\":\"search_term_string\"}}],\"inLanguage\":\"nb-NO\"},{\"@type\":\"Organization\",\"@id\":\"https:\\\/\\\/terjebjornstad.com\\\/no\\\/#organization\",\"name\":\"Terje Bj\u00f8rnstad ENK\",\"url\":\"https:\\\/\\\/terjebjornstad.com\\\/no\\\/\",\"logo\":{\"@type\":\"ImageObject\",\"inLanguage\":\"nb-NO\",\"@id\":\"https:\\\/\\\/terjebjornstad.com\\\/no\\\/#\\\/schema\\\/logo\\\/image\\\/\",\"url\":\"https:\\\/\\\/i0.wp.com\\\/terjebjornstad.com\\\/no\\\/wp-content\\\/uploads\\\/2026\\\/02\\\/terjesbiler2024-960x354-1.png?fit=960%2C354&ssl=1\",\"contentUrl\":\"https:\\\/\\\/i0.wp.com\\\/terjebjornstad.com\\\/no\\\/wp-content\\\/uploads\\\/2026\\\/02\\\/terjesbiler2024-960x354-1.png?fit=960%2C354&ssl=1\",\"width\":960,\"height\":354,\"caption\":\"Terje Bj\u00f8rnstad ENK\"},\"image\":{\"@id\":\"https:\\\/\\\/terjebjornstad.com\\\/no\\\/#\\\/schema\\\/logo\\\/image\\\/\"},\"sameAs\":[\"https:\\\/\\\/www.facebook.com\\\/terjesbiler\\\/\",\"https:\\\/\\\/www.instagram.com\\\/terjesbiler\\\/\",\"https:\\\/\\\/www.pinteres.com\\\/terjebjrnstad\\\/terjes-biler\\\/\"]},{\"@type\":\"Person\",\"@id\":\"https:\\\/\\\/terjebjornstad.com\\\/no\\\/#\\\/schema\\\/person\\\/a281f6a6e0f3cc9fe468e7f0c655aa65\",\"name\":\"Terje Bj\u00f8rnstad\",\"image\":{\"@type\":\"ImageObject\",\"inLanguage\":\"nb-NO\",\"@id\":\"https:\\\/\\\/secure.gravatar.com\\\/avatar\\\/e8dff505b51cf6cb67ae06a06022d2049aac2da1e79dc146a36b58798c4b40ea?s=96&d=mm&r=g\",\"url\":\"https:\\\/\\\/secure.gravatar.com\\\/avatar\\\/e8dff505b51cf6cb67ae06a06022d2049aac2da1e79dc146a36b58798c4b40ea?s=96&d=mm&r=g\",\"contentUrl\":\"https:\\\/\\\/secure.gravatar.com\\\/avatar\\\/e8dff505b51cf6cb67ae06a06022d2049aac2da1e79dc146a36b58798c4b40ea?s=96&d=mm&r=g\",\"caption\":\"Terje Bj\u00f8rnstad\"},\"description\":\"Terje Bj\u00f8rnstad. Bloggadministrator, hobbyfotograf og bilnerd.\",\"sameAs\":[\"https:\\\/\\\/www.facebook.com\\\/terjesbiler\",\"https:\\\/\\\/www.instagram.com\\\/terjesbiler\",\"https:\\\/\\\/no.pinterest.com\\\/terjebjrnstad\",\"https:\\\/\\\/www.youtube.com\\\/channel\\\/UCzCKJJDybyIgKqatc_JQqIg\"]}]}<\/script>\n<!-- \/ Yoast SEO plugin. -->","yoast_head_json":{"title":"Folkevogner p\u00e5 vift - Terjes biler - Volkswagen eldre enn 30 \u00e5r","description":"Veteran VW klubben arrangerte tur Hurum rundt 2021 for forh\u00e5ndsp\u00e5meldte medlemmer. Vi har tittet p\u00e5 bilene og Die Abfahrt fra S\u00e6tre.","robots":{"index":"index","follow":"follow","max-snippet":"max-snippet:-1","max-image-preview":"max-image-preview:large","max-video-preview":"max-video-preview:-1"},"canonical":"https:\/\/terjebjornstad.com\/no\/2021\/06\/07\/folkevogner-pa-vift\/","og_locale":"nb_NO","og_type":"article","og_title":"Folkevogner p\u00e5 vift - Terjes biler - Volkswagen eldre enn 30 \u00e5r","og_description":"Veteran VW klubben arrangerte tur Hurum rundt 2021 for forh\u00e5ndsp\u00e5meldte medlemmer. Vi har tittet p\u00e5 bilene og Die Abfahrt fra S\u00e6tre.","og_url":"https:\/\/terjebjornstad.com\/no\/2021\/06\/07\/folkevogner-pa-vift\/","og_site_name":"Terjes biler","article_publisher":"https:\/\/www.facebook.com\/terjesbiler\/","article_author":"https:\/\/www.facebook.com\/terjesbiler","article_published_time":"2021-06-06T23:54:16+00:00","article_modified_time":"2026-03-01T15:59:48+00:00","og_image":[{"width":1080,"height":720,"url":"https:\/\/terjebjornstad.com\/no\/wp-content\/uploads\/2021\/06\/1958-volkswagen-1200-vvw-2-1080x720-1.png","type":"image\/png"}],"author":"Terje Bj\u00f8rnstad","twitter_card":"summary_large_image","twitter_misc":{"Skrevet av":"Terje Bj\u00f8rnstad","Ansl. lesetid":"5 minutter"},"schema":{"@context":"https:\/\/schema.org","@graph":[{"@type":"Article","@id":"https:\/\/terjebjornstad.com\/no\/2021\/06\/07\/folkevogner-pa-vift\/#article","isPartOf":{"@id":"https:\/\/terjebjornstad.com\/no\/2021\/06\/07\/folkevogner-pa-vift\/"},"author":{"name":"Terje Bj\u00f8rnstad","@id":"https:\/\/terjebjornstad.com\/no\/#\/schema\/person\/a281f6a6e0f3cc9fe468e7f0c655aa65"},"headline":"Folkevogner p\u00e5 vift","datePublished":"2021-06-06T23:54:16+00:00","dateModified":"2026-03-01T15:59:48+00:00","mainEntityOfPage":{"@id":"https:\/\/terjebjornstad.com\/no\/2021\/06\/07\/folkevogner-pa-vift\/"},"wordCount":475,"commentCount":0,"publisher":{"@id":"https:\/\/terjebjornstad.com\/no\/#organization"},"image":{"@id":"https:\/\/terjebjornstad.com\/no\/2021\/06\/07\/folkevogner-pa-vift\/#primaryimage"},"thumbnailUrl":"https:\/\/i0.wp.com\/terjebjornstad.com\/no\/wp-content\/uploads\/2021\/06\/1958-volkswagen-1200-vvw-2-1080x720-1.png?fit=1080%2C720&ssl=1","keywords":["Folkevogn","Folkevognboble","luftavkj\u00f8lt","luftkj\u00f8lt","Veteran VW Klubben","veteranvwklubb","vw 1200","vw 1300","VW 1500"],"articleSection":["Aircooled","Artikkel","K70","Veteran","Volkswagen"],"inLanguage":"nb-NO","potentialAction":[{"@type":"CommentAction","name":"Comment","target":["https:\/\/terjebjornstad.com\/no\/2021\/06\/07\/folkevogner-pa-vift\/#respond"]}]},{"@type":"WebPage","@id":"https:\/\/terjebjornstad.com\/no\/2021\/06\/07\/folkevogner-pa-vift\/","url":"https:\/\/terjebjornstad.com\/no\/2021\/06\/07\/folkevogner-pa-vift\/","name":"Folkevogner p\u00e5 vift - Terjes biler - Volkswagen eldre enn 30 \u00e5r","isPartOf":{"@id":"https:\/\/terjebjornstad.com\/no\/#website"},"primaryImageOfPage":{"@id":"https:\/\/terjebjornstad.com\/no\/2021\/06\/07\/folkevogner-pa-vift\/#primaryimage"},"image":{"@id":"https:\/\/terjebjornstad.com\/no\/2021\/06\/07\/folkevogner-pa-vift\/#primaryimage"},"thumbnailUrl":"https:\/\/i0.wp.com\/terjebjornstad.com\/no\/wp-content\/uploads\/2021\/06\/1958-volkswagen-1200-vvw-2-1080x720-1.png?fit=1080%2C720&ssl=1","datePublished":"2021-06-06T23:54:16+00:00","dateModified":"2026-03-01T15:59:48+00:00","description":"Veteran VW klubben arrangerte tur Hurum rundt 2021 for forh\u00e5ndsp\u00e5meldte medlemmer. Vi har tittet p\u00e5 bilene og Die Abfahrt fra S\u00e6tre.","breadcrumb":{"@id":"https:\/\/terjebjornstad.com\/no\/2021\/06\/07\/folkevogner-pa-vift\/#breadcrumb"},"inLanguage":"nb-NO","potentialAction":[{"@type":"ReadAction","target":["https:\/\/terjebjornstad.com\/no\/2021\/06\/07\/folkevogner-pa-vift\/"]}]},{"@type":"ImageObject","inLanguage":"nb-NO","@id":"https:\/\/terjebjornstad.com\/no\/2021\/06\/07\/folkevogner-pa-vift\/#primaryimage","url":"https:\/\/i0.wp.com\/terjebjornstad.com\/no\/wp-content\/uploads\/2021\/06\/1958-volkswagen-1200-vvw-2-1080x720-1.png?fit=1080%2C720&ssl=1","contentUrl":"https:\/\/i0.wp.com\/terjebjornstad.com\/no\/wp-content\/uploads\/2021\/06\/1958-volkswagen-1200-vvw-2-1080x720-1.png?fit=1080%2C720&ssl=1","width":1080,"height":720,"caption":"1957 eller 1958 Volkswagen med soltak, stor bakrute og retningspil. I bakgrunnen en T2 Camper."},{"@type":"BreadcrumbList","@id":"https:\/\/terjebjornstad.com\/no\/2021\/06\/07\/folkevogner-pa-vift\/#breadcrumb","itemListElement":[{"@type":"ListItem","position":1,"name":"Hjem","item":"https:\/\/terjebjornstad.com\/no\/"},{"@type":"ListItem","position":2,"name":"Folkevogner p\u00e5 vift"}]},{"@type":"WebSite","@id":"https:\/\/terjebjornstad.com\/no\/#website","url":"https:\/\/terjebjornstad.com\/no\/","name":"Terjes biler","description":"HONEST ABOUT CARS","publisher":{"@id":"https:\/\/terjebjornstad.com\/no\/#organization"},"alternateName":"Terjebjornstad.com","potentialAction":[{"@type":"SearchAction","target":{"@type":"EntryPoint","urlTemplate":"https:\/\/terjebjornstad.com\/no\/?s={search_term_string}"},"query-input":{"@type":"PropertyValueSpecification","valueRequired":true,"valueName":"search_term_string"}}],"inLanguage":"nb-NO"},{"@type":"Organization","@id":"https:\/\/terjebjornstad.com\/no\/#organization","name":"Terje Bj\u00f8rnstad ENK","url":"https:\/\/terjebjornstad.com\/no\/","logo":{"@type":"ImageObject","inLanguage":"nb-NO","@id":"https:\/\/terjebjornstad.com\/no\/#\/schema\/logo\/image\/","url":"https:\/\/i0.wp.com\/terjebjornstad.com\/no\/wp-content\/uploads\/2026\/02\/terjesbiler2024-960x354-1.png?fit=960%2C354&ssl=1","contentUrl":"https:\/\/i0.wp.com\/terjebjornstad.com\/no\/wp-content\/uploads\/2026\/02\/terjesbiler2024-960x354-1.png?fit=960%2C354&ssl=1","width":960,"height":354,"caption":"Terje Bj\u00f8rnstad ENK"},"image":{"@id":"https:\/\/terjebjornstad.com\/no\/#\/schema\/logo\/image\/"},"sameAs":["https:\/\/www.facebook.com\/terjesbiler\/","https:\/\/www.instagram.com\/terjesbiler\/","https:\/\/www.pinteres.com\/terjebjrnstad\/terjes-biler\/"]},{"@type":"Person","@id":"https:\/\/terjebjornstad.com\/no\/#\/schema\/person\/a281f6a6e0f3cc9fe468e7f0c655aa65","name":"Terje Bj\u00f8rnstad","image":{"@type":"ImageObject","inLanguage":"nb-NO","@id":"https:\/\/secure.gravatar.com\/avatar\/e8dff505b51cf6cb67ae06a06022d2049aac2da1e79dc146a36b58798c4b40ea?s=96&d=mm&r=g","url":"https:\/\/secure.gravatar.com\/avatar\/e8dff505b51cf6cb67ae06a06022d2049aac2da1e79dc146a36b58798c4b40ea?s=96&d=mm&r=g","contentUrl":"https:\/\/secure.gravatar.com\/avatar\/e8dff505b51cf6cb67ae06a06022d2049aac2da1e79dc146a36b58798c4b40ea?s=96&d=mm&r=g","caption":"Terje Bj\u00f8rnstad"},"description":"Terje Bj\u00f8rnstad. Bloggadministrator, hobbyfotograf og bilnerd.","sameAs":["https:\/\/www.facebook.com\/terjesbiler","https:\/\/www.instagram.com\/terjesbiler","https:\/\/no.pinterest.com\/terjebjrnstad","https:\/\/www.youtube.com\/channel\/UCzCKJJDybyIgKqatc_JQqIg"]}]}},"jetpack_publicize_connections":[],"jetpack_featured_media_url":"https:\/\/i0.wp.com\/terjebjornstad.com\/no\/wp-content\/uploads\/2021\/06\/1958-volkswagen-1200-vvw-2-1080x720-1.png?fit=1080%2C720&ssl=1","jetpack_sharing_enabled":true,"jetpack_shortlink":"https:\/\/wp.me\/p48zYA-aCQ","jetpack-related-posts":[{"id":24753,"url":"https:\/\/terjebjornstad.com\/no\/2019\/07\/08\/regnvaersnostalgi\/","url_meta":{"origin":40848,"position":0},"title":"Regnv\u00e6rsnostalgi","author":"Terje Bj\u00f8rnstad","date":"08\/07\/2019","format":false,"excerpt":"Mange sier at det nesten aldri regnet da man var barn. Sannheten er vel at det regnet like mye, men at det er solskinnsdagene som festet seg til minnet. Folkevogner i regnv\u00e6r vekker mange minner. I \"gamle dager\" hadde ikke folk store SUV'er. De dro p\u00e5 bilferie i folkevogner. Eksotiske\u2026","rel":"","context":"i &quot;Artikkel&quot;","block_context":{"text":"Artikkel","link":"https:\/\/terjebjornstad.com\/no\/category\/artikkel\/"},"img":{"alt_text":"","src":"https:\/\/i0.wp.com\/terjebjornstad.com\/no\/wp-content\/uploads\/2019\/07\/vvw-det-regnar-och-regnar-1080x1080.png?fit=1080%2C1080&ssl=1&resize=350%2C200","width":350,"height":200,"srcset":"https:\/\/i0.wp.com\/terjebjornstad.com\/no\/wp-content\/uploads\/2019\/07\/vvw-det-regnar-och-regnar-1080x1080.png?fit=1080%2C1080&ssl=1&resize=350%2C200 1x, https:\/\/i0.wp.com\/terjebjornstad.com\/no\/wp-content\/uploads\/2019\/07\/vvw-det-regnar-och-regnar-1080x1080.png?fit=1080%2C1080&ssl=1&resize=525%2C300 1.5x, https:\/\/i0.wp.com\/terjebjornstad.com\/no\/wp-content\/uploads\/2019\/07\/vvw-det-regnar-och-regnar-1080x1080.png?fit=1080%2C1080&ssl=1&resize=700%2C400 2x, https:\/\/i0.wp.com\/terjebjornstad.com\/no\/wp-content\/uploads\/2019\/07\/vvw-det-regnar-och-regnar-1080x1080.png?fit=1080%2C1080&ssl=1&resize=1050%2C600 3x"},"classes":[]},{"id":26378,"url":"https:\/\/terjebjornstad.com\/no\/2019\/09\/25\/herbie-i-tossa-de-mar\/","url_meta":{"origin":40848,"position":1},"title":"Herbie i Tossa de Mar","author":"Terje Bj\u00f8rnstad","date":"25\/09\/2019","format":false,"excerpt":"P\u00e5 sin 26. \u00e5rlige samling av luftavkj\u00f8lte folkevogner benyttet arrang\u00f8ren, Amics del Volkswagen de Catalunya, anledningen til \u00e5 feire Herbie. I \u00e5r er det 50 \u00e5r siden den f\u00f8rste gang ble vist p\u00e5 Katalanske kinoer. Filmen om den den sjarmerende og egenr\u00e5dige bobla hadde premiere i 1968, men kom ikke\u2026","rel":"","context":"i &quot;Aircooled&quot;","block_context":{"text":"Aircooled","link":"https:\/\/terjebjornstad.com\/no\/category\/volkswagen\/aircooled\/"},"img":{"alt_text":"herbie","src":"https:\/\/i0.wp.com\/terjebjornstad.com\/no\/wp-content\/uploads\/2019\/09\/herbie-1-1080x720.png?fit=1080%2C720&ssl=1&resize=350%2C200","width":350,"height":200,"srcset":"https:\/\/i0.wp.com\/terjebjornstad.com\/no\/wp-content\/uploads\/2019\/09\/herbie-1-1080x720.png?fit=1080%2C720&ssl=1&resize=350%2C200 1x, https:\/\/i0.wp.com\/terjebjornstad.com\/no\/wp-content\/uploads\/2019\/09\/herbie-1-1080x720.png?fit=1080%2C720&ssl=1&resize=525%2C300 1.5x, https:\/\/i0.wp.com\/terjebjornstad.com\/no\/wp-content\/uploads\/2019\/09\/herbie-1-1080x720.png?fit=1080%2C720&ssl=1&resize=700%2C400 2x, https:\/\/i0.wp.com\/terjebjornstad.com\/no\/wp-content\/uploads\/2019\/09\/herbie-1-1080x720.png?fit=1080%2C720&ssl=1&resize=1050%2C600 3x"},"classes":[]},{"id":9789,"url":"https:\/\/terjebjornstad.com\/no\/2017\/03\/29\/bobler-og-busser-pa-volksworld-2017\/","url_meta":{"origin":40848,"position":2},"title":"Bobler og busser p\u00e5 VolksWorld 2017","author":"Terje Bj\u00f8rnstad","date":"29\/03\/2017","format":false,"excerpt":"Noen fortalte meg at dette var verdens st\u00f8rste utstilling av luftavkj\u00f8lte folkevogner. Det tviler jeg ikke p\u00e5. Det var rett og slett enormt. En herlig blanding av bobler og busser fra hele Europa m\u00f8tte p\u00e5 \u00e5rets Volksworld. Ikke bare i utstillingsomr\u00e5dene, men ogs\u00e5 ute p\u00e5 parkeringsplassene, og p\u00e5 plenene der\u2026","rel":"","context":"i &quot;Artikkel&quot;","block_context":{"text":"Artikkel","link":"https:\/\/terjebjornstad.com\/no\/category\/artikkel\/"},"img":{"alt_text":"","src":"https:\/\/i0.wp.com\/terjebjornstad.com\/no\/wp-content\/uploads\/2017\/03\/vwmicrobus-1.png?resize=350%2C200&ssl=1","width":350,"height":200,"srcset":"https:\/\/i0.wp.com\/terjebjornstad.com\/no\/wp-content\/uploads\/2017\/03\/vwmicrobus-1.png?resize=350%2C200&ssl=1 1x, https:\/\/i0.wp.com\/terjebjornstad.com\/no\/wp-content\/uploads\/2017\/03\/vwmicrobus-1.png?resize=525%2C300&ssl=1 1.5x"},"classes":[]},{"id":4461,"url":"https:\/\/terjebjornstad.com\/no\/2016\/05\/16\/folkevogn-pa-folkemuseet\/","url_meta":{"origin":40848,"position":3},"title":"Folkevogn p\u00e5 Folkemuseet","author":"Terje Bj\u00f8rnstad","date":"16\/05\/2016","format":false,"excerpt":"Alle mennesker over en viss alder har et forhold til Folkevogn-bobla. En utstilling av Folkevogner treffer derfor folk flest, ikke bare oss som er bilentusiaster. Torget fullt av Bobler! Da jeg sto ved ei Boble med delt bakvindu, dr\u00f8mte jeg meg tilbake til 1964 da vi dro p\u00e5 sommerferie med\u2026","rel":"","context":"i &quot;Artikkel&quot;","block_context":{"text":"Artikkel","link":"https:\/\/terjebjornstad.com\/no\/category\/artikkel\/"},"img":{"alt_text":"","src":"https:\/\/i0.wp.com\/terjebjornstad.com\/no\/wp-content\/uploads\/2016\/05\/folkemuseet-1.png?fit=686%2C457&ssl=1&resize=350%2C200","width":350,"height":200,"srcset":"https:\/\/i0.wp.com\/terjebjornstad.com\/no\/wp-content\/uploads\/2016\/05\/folkemuseet-1.png?fit=686%2C457&ssl=1&resize=350%2C200 1x, https:\/\/i0.wp.com\/terjebjornstad.com\/no\/wp-content\/uploads\/2016\/05\/folkemuseet-1.png?fit=686%2C457&ssl=1&resize=525%2C300 1.5x"},"classes":[]},{"id":72421,"url":"https:\/\/terjebjornstad.com\/no\/2024\/05\/28\/karmann-volkswagens-ultimate-sommerbil\/","url_meta":{"origin":40848,"position":4},"title":"Volkswagens ultimate sommerbil","author":"Terje Bj\u00f8rnstad","date":"28\/05\/2024","format":false,"excerpt":"Det er mange visuelle likheter mellom de f\u00f8rste og de siste kabrioletene fra Karmann til tross for at det er over 30 \u00e5r i mellom. Linjene og formen p\u00e5 kalesjen er den samme. Men Volkswagen Cabriolet handler ikke bare om Karmann. Ingen r\u00f8verkj\u00f8p En venn av meg b\u00e6rer p\u00e5 en\u2026","rel":"","context":"i &quot;Artikkel&quot;","block_context":{"text":"Artikkel","link":"https:\/\/terjebjornstad.com\/no\/category\/artikkel\/"},"img":{"alt_text":"","src":"https:\/\/i0.wp.com\/terjebjornstad.com\/no\/wp-content\/uploads\/2024\/05\/volkswagen-1303-s-cabrio-1920x1280-1.jpg?fit=1200%2C800&ssl=1&resize=350%2C200","width":350,"height":200,"srcset":"https:\/\/i0.wp.com\/terjebjornstad.com\/no\/wp-content\/uploads\/2024\/05\/volkswagen-1303-s-cabrio-1920x1280-1.jpg?fit=1200%2C800&ssl=1&resize=350%2C200 1x, https:\/\/i0.wp.com\/terjebjornstad.com\/no\/wp-content\/uploads\/2024\/05\/volkswagen-1303-s-cabrio-1920x1280-1.jpg?fit=1200%2C800&ssl=1&resize=525%2C300 1.5x, https:\/\/i0.wp.com\/terjebjornstad.com\/no\/wp-content\/uploads\/2024\/05\/volkswagen-1303-s-cabrio-1920x1280-1.jpg?fit=1200%2C800&ssl=1&resize=700%2C400 2x, https:\/\/i0.wp.com\/terjebjornstad.com\/no\/wp-content\/uploads\/2024\/05\/volkswagen-1303-s-cabrio-1920x1280-1.jpg?fit=1200%2C800&ssl=1&resize=1050%2C600 3x"},"classes":[]},{"id":43449,"url":"https:\/\/terjebjornstad.com\/no\/2021\/09\/26\/aircooled-tossa-de-mar-2021\/","url_meta":{"origin":40848,"position":5},"title":"Aircooled Tossa de Mar 2021","author":"Terje Bj\u00f8rnstad","date":"26\/09\/2021","format":false,"excerpt":"Litt show, litt sirkus, fulle gatekaf\u00e9er med glade mennesker, h\u00f8y musikk og mye folk. \u00a0 To \u00e5r siden sist Covid satte en stopper for arrangementet i fjor. I \u00e5r var arrangementet tonet ned - fra et helgetreff til et \u00e9n-dags evenement begrenset til 150 biler. Arrang\u00f8ren, Amics del Volkswagen de\u2026","rel":"","context":"i &quot;Aircooled&quot;","block_context":{"text":"Aircooled","link":"https:\/\/terjebjornstad.com\/no\/category\/volkswagen\/aircooled\/"},"img":{"alt_text":"","src":"https:\/\/i0.wp.com\/terjebjornstad.com\/no\/wp-content\/uploads\/2021\/09\/2021-tossa-vw-t1-2-1080x720-1.png?fit=1080%2C720&ssl=1&resize=350%2C200","width":350,"height":200,"srcset":"https:\/\/i0.wp.com\/terjebjornstad.com\/no\/wp-content\/uploads\/2021\/09\/2021-tossa-vw-t1-2-1080x720-1.png?fit=1080%2C720&ssl=1&resize=350%2C200 1x, https:\/\/i0.wp.com\/terjebjornstad.com\/no\/wp-content\/uploads\/2021\/09\/2021-tossa-vw-t1-2-1080x720-1.png?fit=1080%2C720&ssl=1&resize=525%2C300 1.5x, https:\/\/i0.wp.com\/terjebjornstad.com\/no\/wp-content\/uploads\/2021\/09\/2021-tossa-vw-t1-2-1080x720-1.png?fit=1080%2C720&ssl=1&resize=700%2C400 2x, https:\/\/i0.wp.com\/terjebjornstad.com\/no\/wp-content\/uploads\/2021\/09\/2021-tossa-vw-t1-2-1080x720-1.png?fit=1080%2C720&ssl=1&resize=1050%2C600 3x"},"classes":[]}],"gt_translate_keys":[{"key":"link","format":"url"}],"_links":{"self":[{"href":"https:\/\/terjebjornstad.com\/no\/wp-json\/wp\/v2\/posts\/40848","targetHints":{"allow":["GET"]}}],"collection":[{"href":"https:\/\/terjebjornstad.com\/no\/wp-json\/wp\/v2\/posts"}],"about":[{"href":"https:\/\/terjebjornstad.com\/no\/wp-json\/wp\/v2\/types\/post"}],"author":[{"embeddable":true,"href":"https:\/\/terjebjornstad.com\/no\/wp-json\/wp\/v2\/users\/1"}],"replies":[{"embeddable":true,"href":"https:\/\/terjebjornstad.com\/no\/wp-json\/wp\/v2\/comments?post=40848"}],"version-history":[{"count":13,"href":"https:\/\/terjebjornstad.com\/no\/wp-json\/wp\/v2\/posts\/40848\/revisions"}],"predecessor-version":[{"id":90203,"href":"https:\/\/terjebjornstad.com\/no\/wp-json\/wp\/v2\/posts\/40848\/revisions\/90203"}],"wp:featuredmedia":[{"embeddable":true,"href":"https:\/\/terjebjornstad.com\/no\/wp-json\/wp\/v2\/media\/40853"}],"wp:attachment":[{"href":"https:\/\/terjebjornstad.com\/no\/wp-json\/wp\/v2\/media?parent=40848"}],"wp:term":[{"taxonomy":"category","embeddable":true,"href":"https:\/\/terjebjornstad.com\/no\/wp-json\/wp\/v2\/categories?post=40848"},{"taxonomy":"post_tag","embeddable":true,"href":"https:\/\/terjebjornstad.com\/no\/wp-json\/wp\/v2\/tags?post=40848"}],"curies":[{"name":"wp","href":"https:\/\/api.w.org\/{rel}","templated":true}]}}