{"id":40508,"date":"2021-05-24T03:08:49","date_gmt":"2021-05-24T02:08:49","guid":{"rendered":"https:\/\/terjebjornstad.com\/no\/?p=40508"},"modified":"2026-03-02T14:08:50","modified_gmt":"2026-03-02T13:08:50","slug":"60-ar-en-hyllest-til-alle-pariserinner","status":"publish","type":"post","link":"https:\/\/terjebjornstad.com\/no\/2021\/05\/24\/60-ar-en-hyllest-til-alle-pariserinner\/","title":{"rendered":"60 \u00e5r &#8211; En hyllest til Renault 4","gt_translate_keys":[{"key":"rendered","format":"text"}]},"content":{"rendered":"<div class=\"copy_teb\"><a href=\"https:\/\/i0.wp.com\/terjebjornstad.com\/no\/wp-content\/uploads\/2021\/05\/toutes-parisiennes.png?ssl=1\"><img data-recalc-dims=\"1\" loading=\"lazy\" decoding=\"async\" data-attachment-id=\"40502\" data-permalink=\"https:\/\/terjebjornstad.com\/no\/2021\/05\/24\/renault-4-en-allsidig-franskmann\/toutes-parisiennes\/\" data-orig-file=\"https:\/\/i0.wp.com\/terjebjornstad.com\/no\/wp-content\/uploads\/2021\/05\/toutes-parisiennes.png?fit=900%2C506&amp;ssl=1\" data-orig-size=\"900,506\" data-comments-opened=\"1\" data-image-meta=\"{&quot;aperture&quot;:&quot;0&quot;,&quot;credit&quot;:&quot;&quot;,&quot;camera&quot;:&quot;&quot;,&quot;caption&quot;:&quot;&quot;,&quot;created_timestamp&quot;:&quot;0&quot;,&quot;copyright&quot;:&quot;&quot;,&quot;focal_length&quot;:&quot;0&quot;,&quot;iso&quot;:&quot;0&quot;,&quot;shutter_speed&quot;:&quot;0&quot;,&quot;title&quot;:&quot;&quot;,&quot;orientation&quot;:&quot;0&quot;}\" data-image-title=\"toutes-parisiennes\" data-image-description=\"\" data-image-caption=\"&lt;p&gt;60 \u00e5r &amp;#8211; En hyllest til Renault 4&lt;\/p&gt;\n\" data-large-file=\"https:\/\/i0.wp.com\/terjebjornstad.com\/no\/wp-content\/uploads\/2021\/05\/toutes-parisiennes.png?fit=900%2C506&amp;ssl=1\" src=\"https:\/\/i0.wp.com\/terjebjornstad.com\/no\/wp-content\/uploads\/2021\/05\/toutes-parisiennes.png?resize=900%2C506&#038;ssl=1\" alt=\"Toutes Parisiennes\" width=\"900\" height=\"506\" class=\"aligncenter size-full wp-image-40502\" srcset=\"https:\/\/i0.wp.com\/terjebjornstad.com\/no\/wp-content\/uploads\/2021\/05\/toutes-parisiennes.png?w=900&amp;ssl=1 900w, https:\/\/i0.wp.com\/terjebjornstad.com\/no\/wp-content\/uploads\/2021\/05\/toutes-parisiennes.png?resize=300%2C169&amp;ssl=1 300w, https:\/\/i0.wp.com\/terjebjornstad.com\/no\/wp-content\/uploads\/2021\/05\/toutes-parisiennes.png?resize=768%2C432&amp;ssl=1 768w, https:\/\/i0.wp.com\/terjebjornstad.com\/no\/wp-content\/uploads\/2021\/05\/toutes-parisiennes.png?resize=690%2C388&amp;ssl=1 690w\" sizes=\"auto, (max-width: 900px) 100vw, 900px\" \/><\/a><\/p>\n<blockquote><p>Renaults &laquo;La Quatrelle&raquo; (4L) ble presentert for f\u00f8rste gang p\u00e5 Paris-utstillingen i 1961. Hos Renault har feiringen allerede begynt, selv om bilen f\u00f8rst ble presentert i september det \u00e5ret. <\/p><\/blockquote>\n<h5>&nbsp;<\/h5>\n<h3 class=\"tebh2\">Toutes Parisiennes<\/h3>\n<p>For to dager siden ble det sluppet et nytt album, kalt &laquo;Toutes Parisiennes&raquo; som hyller Renault 4 &#8211; og den spesielle &laquo;Parisienne&raquo;-utgaven av Renault 4 som kom i 1963. Tittelen henspiller b\u00e5de til bilen &#8211; og alle &laquo;pariserinner&raquo; &#8211; alts\u00e5 kvinner fra Paris. Albumet er ett av flere innlegg innen fransk kultur- og livsstil som har til form\u00e5l \u00e5 markere at Renault 4 fyller 60 \u00e5r. Albumet Toutes Parisiennes inneholder slagere fra perioden -60 og 70 tallet, sunget inn av n\u00e5v\u00e6rende sangerinner &#8211; i flott lydkvalitet. N\u00e5r det gjelder La Quatrelle kan man tillate seg \u00e5 v\u00e6re litt i overkant frankofil p\u00e5 musikkfronten. Dessuten m\u00e5 man v\u00e6re h\u00f8yt opp i \u00e5rene for \u00e5 minnes franske sanger som <a href=\"https:\/\/www.youtube.com\/watch?v=gpxmSUJNF_I&#038;list=TLPQMjQwNTIwMjGbIFvEbDPvoA&#038;index=2\" target=\"_blank\" rel=\"noopener\"><strong>Dalida &#8211; Love in Portofino<\/strong><\/a>, <a href=\"https:\/\/www.youtube.com\/watch?v=SgF-tlFFMhw\" target=\"_blank\" rel=\"noopener\"><strong>Joe Dassin &#8211; \u00c0 toi<\/strong><\/a> og <a href=\"https:\/\/www.youtube.com\/watch?v=FWRCJhsz5t4\" target=\"_blank\" rel=\"noopener\"><strong>France Gall &#8211; Laisse tomber les filles<\/strong><\/a>. Disse er alts\u00e5 spilt inn i nytt format.<\/p>\n<p>Albumet &laquo;Toutes Parisiennes&raquo; er gitt ut av livstilsmagasinet <a href=\"https:\/\/ideat.thegoodhub.com\/\" target=\"_blank\" rel=\"noopener\"><strong>IDEAT<\/strong><\/a> den 21 mai. Du kan lytte p\u00e5 <a href=\"https:\/\/open.spotify.com\/album\/7gDCuN6Kfc1plZoEoDd1Tj\" target=\"_blank\" rel=\"noopener\"><strong>Spotify<\/strong><\/a> (best lydkvalitet), <a href=\"https:\/\/music.apple.com\/us\/album\/toutes-parisiennes\/1566588908?l=fr&#038;ls=1&#038;app=itunes\" target=\"_blank\" rel=\"noopener\"><strong>Apple Music<\/strong><\/a> eller p\u00e5 YouTube ved \u00e5 klikke nedenst\u00e5ende lenke.<\/p>\n<p><a href=\"https:\/\/www.youtube.com\/watch?v=PKO0nChwPZE&#038;list=OLAK5uy_lPkBSH6zfxWCQK0JuET50Zxq88VOQCjm0\" target=\"_blank\" rel=\"noopener\"><strong>Toutes Parisiennes p\u00e5 YouTube<\/strong><\/a><\/p>\n<h5>&nbsp;<\/h5>\n<figure id=\"attachment_40500\" aria-describedby=\"caption-attachment-40500\" style=\"width: 1024px\" class=\"wp-caption aligncenter\"><a href=\"https:\/\/i0.wp.com\/terjebjornstad.com\/no\/wp-content\/uploads\/2021\/05\/renault_4_1963_images_1_1024x768.jpg?ssl=1\"><img data-recalc-dims=\"1\" loading=\"lazy\" decoding=\"async\" data-attachment-id=\"40500\" data-permalink=\"https:\/\/terjebjornstad.com\/no\/2021\/05\/24\/renault-4-en-allsidig-franskmann\/renault_4_1963_images_1_1024x768\/\" data-orig-file=\"https:\/\/i0.wp.com\/terjebjornstad.com\/no\/wp-content\/uploads\/2021\/05\/renault_4_1963_images_1_1024x768.jpg?fit=1024%2C768&amp;ssl=1\" data-orig-size=\"1024,768\" data-comments-opened=\"1\" data-image-meta=\"{&quot;aperture&quot;:&quot;0&quot;,&quot;credit&quot;:&quot;&quot;,&quot;camera&quot;:&quot;&quot;,&quot;caption&quot;:&quot;&quot;,&quot;created_timestamp&quot;:&quot;0&quot;,&quot;copyright&quot;:&quot;&quot;,&quot;focal_length&quot;:&quot;0&quot;,&quot;iso&quot;:&quot;0&quot;,&quot;shutter_speed&quot;:&quot;0&quot;,&quot;title&quot;:&quot;&quot;,&quot;orientation&quot;:&quot;0&quot;}\" data-image-title=\"renault_4_1963_images_1_1024x768\" data-image-description=\"\" data-image-caption=\"&lt;p&gt;I 1963 kom denne varianten. La Parisienne.&lt;\/p&gt;\n\" data-large-file=\"https:\/\/i0.wp.com\/terjebjornstad.com\/no\/wp-content\/uploads\/2021\/05\/renault_4_1963_images_1_1024x768.jpg?fit=980%2C735&amp;ssl=1\" src=\"https:\/\/i0.wp.com\/terjebjornstad.com\/no\/wp-content\/uploads\/2021\/05\/renault_4_1963_images_1_1024x768.jpg?resize=980%2C735&#038;ssl=1\" alt=\"Toutes Parisiennes\" width=\"980\" height=\"735\" class=\"size-full wp-image-40500\" srcset=\"https:\/\/i0.wp.com\/terjebjornstad.com\/no\/wp-content\/uploads\/2021\/05\/renault_4_1963_images_1_1024x768.jpg?w=1024&amp;ssl=1 1024w, https:\/\/i0.wp.com\/terjebjornstad.com\/no\/wp-content\/uploads\/2021\/05\/renault_4_1963_images_1_1024x768.jpg?resize=300%2C225&amp;ssl=1 300w, https:\/\/i0.wp.com\/terjebjornstad.com\/no\/wp-content\/uploads\/2021\/05\/renault_4_1963_images_1_1024x768.jpg?resize=768%2C576&amp;ssl=1 768w, https:\/\/i0.wp.com\/terjebjornstad.com\/no\/wp-content\/uploads\/2021\/05\/renault_4_1963_images_1_1024x768.jpg?resize=690%2C518&amp;ssl=1 690w, https:\/\/i0.wp.com\/terjebjornstad.com\/no\/wp-content\/uploads\/2021\/05\/renault_4_1963_images_1_1024x768.jpg?resize=980%2C735&amp;ssl=1 980w\" sizes=\"auto, (max-width: 980px) 100vw, 980px\" \/><\/a><figcaption id=\"caption-attachment-40500\" class=\"wp-caption-text\">I 1963 kom denne varianten. La Parisienne (source: FavCars.com).<\/figcaption><\/figure>\n<p><a href=\"https:\/\/i0.wp.com\/terjebjornstad.com\/no\/wp-content\/uploads\/2021\/05\/2018-Collection-Renault-Classic-1.jpg?ssl=1\"><img data-recalc-dims=\"1\" loading=\"lazy\" decoding=\"async\" data-attachment-id=\"40562\" data-permalink=\"https:\/\/terjebjornstad.com\/no\/2021\/05\/24\/60-ar-en-hyllest-til-alle-pariserinner\/2018-collection-renault-classic-1\/\" data-orig-file=\"https:\/\/i0.wp.com\/terjebjornstad.com\/no\/wp-content\/uploads\/2021\/05\/2018-Collection-Renault-Classic-1.jpg?fit=686%2C457&amp;ssl=1\" data-orig-size=\"686,457\" data-comments-opened=\"1\" data-image-meta=\"{&quot;aperture&quot;:&quot;5.6&quot;,&quot;credit&quot;:&quot;&quot;,&quot;camera&quot;:&quot;Canon EOS-1D X Mark II&quot;,&quot;caption&quot;:&quot;&quot;,&quot;created_timestamp&quot;:&quot;1521464363&quot;,&quot;copyright&quot;:&quot;&quot;,&quot;focal_length&quot;:&quot;50&quot;,&quot;iso&quot;:&quot;1250&quot;,&quot;shutter_speed&quot;:&quot;0.02&quot;,&quot;title&quot;:&quot;&quot;,&quot;orientation&quot;:&quot;1&quot;}\" data-image-title=\"2018 &amp;#8211; Collection Renault Classic-1\" data-image-description=\"\" data-image-caption=\"\" data-large-file=\"https:\/\/i0.wp.com\/terjebjornstad.com\/no\/wp-content\/uploads\/2021\/05\/2018-Collection-Renault-Classic-1.jpg?fit=686%2C457&amp;ssl=1\" src=\"https:\/\/i0.wp.com\/terjebjornstad.com\/no\/wp-content\/uploads\/2021\/05\/2018-Collection-Renault-Classic-1.jpg?resize=686%2C457&#038;ssl=1\" alt=\"\" width=\"686\" height=\"457\" class=\"aligncenter size-full wp-image-40562\" srcset=\"https:\/\/i0.wp.com\/terjebjornstad.com\/no\/wp-content\/uploads\/2021\/05\/2018-Collection-Renault-Classic-1.jpg?w=686&amp;ssl=1 686w, https:\/\/i0.wp.com\/terjebjornstad.com\/no\/wp-content\/uploads\/2021\/05\/2018-Collection-Renault-Classic-1.jpg?resize=300%2C200&amp;ssl=1 300w\" sizes=\"auto, (max-width: 686px) 100vw, 686px\" \/><\/a><\/p>\n<hr \/>\n<blockquote><p>&laquo;Et bilde, et minne, en duft, et kyss, et \u00f8yeblikk av lykke, smaken av frihet, av livet, av glade mennesker&raquo;.<\/p><\/blockquote>\n<hr \/>\n<p>Ordene over benyttes av det franske livsstilsmagasinet for \u00e5 gjenskape minner som vi alle har om Renault 4. N\u00e5r jeg tenker p\u00e5 min egen tid i R4, er det kanskje ikke s\u00e5 langt unna sannheten. For hvem husker ikke Renault 4? Kanskje bilen som l\u00e6reren p\u00e5 skolen hadde, postmannen, eller noen i familien eller nabolaget? Kanskje var det bilen du selv brukte til \u00e5 utforske livet og verden? <\/p>\n<h3 class=\"tebh2\">Del dine Renault 4-historier!<\/h3>\n<h5>&nbsp;<\/h5>\n<h5>&nbsp;<\/h5>\n<div class=\"tebingreslb\">\n<h5>&nbsp;<\/h5>\n<p><strong>Da Renault 4 slo Volvo PV<\/strong><\/p>\n<p><a href=\"https:\/\/i0.wp.com\/terjebjornstad.com\/no\/wp-content\/uploads\/2021\/05\/O-900-4.jpg?ssl=1\"><img data-recalc-dims=\"1\" loading=\"lazy\" decoding=\"async\" data-attachment-id=\"40496\" data-permalink=\"https:\/\/terjebjornstad.com\/no\/2021\/05\/24\/renault-4-en-allsidig-franskmann\/o-900-4\/\" data-orig-file=\"https:\/\/i0.wp.com\/terjebjornstad.com\/no\/wp-content\/uploads\/2021\/05\/O-900-4.jpg?fit=1100%2C918&amp;ssl=1\" data-orig-size=\"1100,918\" data-comments-opened=\"1\" data-image-meta=\"{&quot;aperture&quot;:&quot;0&quot;,&quot;credit&quot;:&quot;&quot;,&quot;camera&quot;:&quot;&quot;,&quot;caption&quot;:&quot;&quot;,&quot;created_timestamp&quot;:&quot;0&quot;,&quot;copyright&quot;:&quot;&quot;,&quot;focal_length&quot;:&quot;0&quot;,&quot;iso&quot;:&quot;0&quot;,&quot;shutter_speed&quot;:&quot;0&quot;,&quot;title&quot;:&quot;&quot;,&quot;orientation&quot;:&quot;1&quot;}\" data-image-title=\"O-900-4\" data-image-description=\"\" data-image-caption=\"\" data-large-file=\"https:\/\/i0.wp.com\/terjebjornstad.com\/no\/wp-content\/uploads\/2021\/05\/O-900-4.jpg?fit=980%2C818&amp;ssl=1\" src=\"https:\/\/i0.wp.com\/terjebjornstad.com\/no\/wp-content\/uploads\/2021\/05\/O-900-4.jpg?resize=300%2C250&#038;ssl=1\" alt=\"0-900\" width=\"300\" height=\"250\" class=\"alignright size-medium wp-image-40496\" srcset=\"https:\/\/i0.wp.com\/terjebjornstad.com\/no\/wp-content\/uploads\/2021\/05\/O-900-4.jpg?resize=300%2C250&amp;ssl=1 300w, https:\/\/i0.wp.com\/terjebjornstad.com\/no\/wp-content\/uploads\/2021\/05\/O-900-4.jpg?resize=1080%2C901&amp;ssl=1 1080w, https:\/\/i0.wp.com\/terjebjornstad.com\/no\/wp-content\/uploads\/2021\/05\/O-900-4.jpg?resize=768%2C641&amp;ssl=1 768w, https:\/\/i0.wp.com\/terjebjornstad.com\/no\/wp-content\/uploads\/2021\/05\/O-900-4.jpg?resize=690%2C576&amp;ssl=1 690w, https:\/\/i0.wp.com\/terjebjornstad.com\/no\/wp-content\/uploads\/2021\/05\/O-900-4.jpg?resize=980%2C818&amp;ssl=1 980w, https:\/\/i0.wp.com\/terjebjornstad.com\/no\/wp-content\/uploads\/2021\/05\/O-900-4.jpg?w=1100&amp;ssl=1 1100w\" sizes=\"auto, (max-width: 300px) 100vw, 300px\" \/><\/a>Anders de Lange kjenner Renault 4 meget godt og har gode minner om den. Hans far kj\u00f8pte sin f\u00f8rste i 1964. Den kj\u00f8rte Anders PO l\u00f8p med. Og det ble premie! Volvo PV-gutta m\u00e5tte se seg sl\u00e5tt. Forargelsen var stor over \u00e5 ha blitt sl\u00e5tt av den &laquo;blikkboksen&raquo;! <\/p>\n<p>Anders administrerer siten <a href=\"http:\/\/bilhistorie.no\" target=\"_blank\" rel=\"noopener\"><strong>Bilhistorie.no<\/strong><\/a> og har skrevet mye om biler og bilhistorie. Han deler bilder fra sitt arkiv fra tiden da bilene var popul\u00e6re.<\/p>\n<p>&nbsp;<br \/>\n<a href=\"https:\/\/terjebjornstad.com\/no\/2021\/05\/24\/renault-4-en-allsidig-franskmann\/\" target=\"_blank\" rel=\"noopener\"><strong>Renault 4 &#8211; en allsidig franskmann<\/strong><\/a><\/p>\n<h5>&nbsp;<\/h5>\n<\/div>\n<h5>&nbsp;<\/h5>\n<p>Mange har minner av opplevelser med Renault 4. Mange har eid en, og kanskje byttet den ut med en bil som var st\u00f8rre og sterkere. Har du en god historie eller minner eller bilder med Renault 4, del her p\u00e5 Terjes biler da vel! Bruk kommentarfeltet for korte innlegg, eller kontaktsiden (<a href=\"https:\/\/terjebjornstad.com\/no\/kontakt\/\"><strong>klikk her<\/strong><\/a>) &#8211; og har du bilder, kan du sende dem p\u00e5 denne mailadressen: post@terjebjornstad.com\n<\/div>\n","protected":false,"gt_translate_keys":[{"key":"rendered","format":"html"}]},"excerpt":{"rendered":"<p>Renaults &laquo;La Quatrelle&raquo; (4L) ble presentert for f\u00f8rste gang p\u00e5 Paris-utstillingen i 1961. Hos Renault har feiringen allerede begynt, selv om bilen f\u00f8rst ble presentert i september det \u00e5ret. &nbsp; Toutes Parisiennes For to dager siden ble det sluppet et nytt album, kalt &laquo;Toutes Parisiennes&raquo; som hyller Renault 4 &#8211; og den spesielle &laquo;Parisienne&raquo;-utgaven av [&hellip;]<\/p>\n","protected":false,"gt_translate_keys":[{"key":"rendered","format":"html"}]},"author":1,"featured_media":40502,"comment_status":"open","ping_status":"open","sticky":false,"template":"","format":"standard","meta":{"_monsterinsights_skip_tracking":false,"_monsterinsights_sitenote_active":false,"_monsterinsights_sitenote_note":"","_monsterinsights_sitenote_category":0,"jetpack_post_was_ever_published":false,"_jetpack_newsletter_access":"","_jetpack_dont_email_post_to_subs":false,"_jetpack_newsletter_tier_id":0,"_jetpack_memberships_contains_paywalled_content":false,"_jetpack_memberships_contains_paid_content":false,"footnotes":"","jetpack_publicize_message":"","jetpack_publicize_feature_enabled":true,"jetpack_social_post_already_shared":true,"jetpack_social_options":{"image_generator_settings":{"template":"highway","default_image_id":0,"font":"","enabled":false},"version":2}},"categories":[2436,3555,486,3556],"tags":[3559,3558,3557],"class_list":["post-40508","post","type-post","status-publish","format-standard","has-post-thumbnail","hentry","category-franske-biler","category-r4","category-renault","category-renault-4","tag-quatrelle","tag-r4-60","tag-renault-4-60"],"yoast_head":"<!-- This site is optimized with the Yoast SEO plugin v27.5 - https:\/\/yoast.com\/product\/yoast-seo-wordpress\/ -->\n<title>60 \u00e5r - En hyllest til Renault 4 - Toutes Parisiennes - Terjes biler<\/title>\n<meta name=\"description\" content=\"Toutes Parisiennes er et fransk album som bringer minner fra 60 \u00e5r siden som hyllest til Renault 4 Parisienne.\" \/>\n<meta name=\"robots\" content=\"index, follow, max-snippet:-1, max-image-preview:large, max-video-preview:-1\" \/>\n<link rel=\"canonical\" href=\"https:\/\/terjebjornstad.com\/no\/2021\/05\/24\/60-ar-en-hyllest-til-alle-pariserinner\/\" \/>\n<meta property=\"og:locale\" content=\"nb_NO\" \/>\n<meta property=\"og:type\" content=\"article\" \/>\n<meta property=\"og:title\" content=\"60 \u00e5r - En hyllest til Renault 4 - Toutes Parisiennes - Terjes biler\" \/>\n<meta property=\"og:description\" content=\"Toutes Parisiennes er et fransk album som bringer minner fra 60 \u00e5r siden som hyllest til Renault 4 Parisienne.\" \/>\n<meta property=\"og:url\" content=\"https:\/\/terjebjornstad.com\/no\/2021\/05\/24\/60-ar-en-hyllest-til-alle-pariserinner\/\" \/>\n<meta property=\"og:site_name\" content=\"Terjes biler\" \/>\n<meta property=\"article:publisher\" content=\"https:\/\/www.facebook.com\/terjesbiler\/\" \/>\n<meta property=\"article:author\" content=\"https:\/\/www.facebook.com\/terjesbiler\" \/>\n<meta property=\"article:published_time\" content=\"2021-05-24T02:08:49+00:00\" \/>\n<meta property=\"article:modified_time\" content=\"2026-03-02T13:08:50+00:00\" \/>\n<meta property=\"og:image\" content=\"https:\/\/terjebjornstad.com\/no\/wp-content\/uploads\/2021\/05\/toutes-parisiennes.png\" \/>\n\t<meta property=\"og:image:width\" content=\"900\" \/>\n\t<meta property=\"og:image:height\" content=\"506\" \/>\n\t<meta property=\"og:image:type\" content=\"image\/png\" \/>\n<meta name=\"author\" content=\"Terje Bj\u00f8rnstad\" \/>\n<meta name=\"twitter:card\" content=\"summary_large_image\" \/>\n<meta name=\"twitter:label1\" content=\"Skrevet av\" \/>\n\t<meta name=\"twitter:data1\" content=\"Terje Bj\u00f8rnstad\" \/>\n\t<meta name=\"twitter:label2\" content=\"Ansl. lesetid\" \/>\n\t<meta name=\"twitter:data2\" content=\"4 minutter\" \/>\n<script type=\"application\/ld+json\" class=\"yoast-schema-graph\">{\"@context\":\"https:\\\/\\\/schema.org\",\"@graph\":[{\"@type\":\"Article\",\"@id\":\"https:\\\/\\\/terjebjornstad.com\\\/no\\\/2021\\\/05\\\/24\\\/60-ar-en-hyllest-til-alle-pariserinner\\\/#article\",\"isPartOf\":{\"@id\":\"https:\\\/\\\/terjebjornstad.com\\\/no\\\/2021\\\/05\\\/24\\\/60-ar-en-hyllest-til-alle-pariserinner\\\/\"},\"author\":{\"name\":\"Terje Bj\u00f8rnstad\",\"@id\":\"https:\\\/\\\/terjebjornstad.com\\\/no\\\/#\\\/schema\\\/person\\\/a281f6a6e0f3cc9fe468e7f0c655aa65\"},\"headline\":\"60 \u00e5r &#8211; En hyllest til Renault 4\",\"datePublished\":\"2021-05-24T02:08:49+00:00\",\"dateModified\":\"2026-03-02T13:08:50+00:00\",\"mainEntityOfPage\":{\"@id\":\"https:\\\/\\\/terjebjornstad.com\\\/no\\\/2021\\\/05\\\/24\\\/60-ar-en-hyllest-til-alle-pariserinner\\\/\"},\"wordCount\":481,\"commentCount\":0,\"publisher\":{\"@id\":\"https:\\\/\\\/terjebjornstad.com\\\/no\\\/#organization\"},\"image\":{\"@id\":\"https:\\\/\\\/terjebjornstad.com\\\/no\\\/2021\\\/05\\\/24\\\/60-ar-en-hyllest-til-alle-pariserinner\\\/#primaryimage\"},\"thumbnailUrl\":\"https:\\\/\\\/i0.wp.com\\\/terjebjornstad.com\\\/no\\\/wp-content\\\/uploads\\\/2021\\\/05\\\/toutes-parisiennes.png?fit=900%2C506&ssl=1\",\"keywords\":[\"quatrelle\",\"r4 60\",\"renault 4 60\"],\"articleSection\":[\"Franske biler\",\"R4\",\"Renault\",\"Renault 4\"],\"inLanguage\":\"nb-NO\",\"potentialAction\":[{\"@type\":\"CommentAction\",\"name\":\"Comment\",\"target\":[\"https:\\\/\\\/terjebjornstad.com\\\/no\\\/2021\\\/05\\\/24\\\/60-ar-en-hyllest-til-alle-pariserinner\\\/#respond\"]}]},{\"@type\":\"WebPage\",\"@id\":\"https:\\\/\\\/terjebjornstad.com\\\/no\\\/2021\\\/05\\\/24\\\/60-ar-en-hyllest-til-alle-pariserinner\\\/\",\"url\":\"https:\\\/\\\/terjebjornstad.com\\\/no\\\/2021\\\/05\\\/24\\\/60-ar-en-hyllest-til-alle-pariserinner\\\/\",\"name\":\"60 \u00e5r - En hyllest til Renault 4 - Toutes Parisiennes - Terjes biler\",\"isPartOf\":{\"@id\":\"https:\\\/\\\/terjebjornstad.com\\\/no\\\/#website\"},\"primaryImageOfPage\":{\"@id\":\"https:\\\/\\\/terjebjornstad.com\\\/no\\\/2021\\\/05\\\/24\\\/60-ar-en-hyllest-til-alle-pariserinner\\\/#primaryimage\"},\"image\":{\"@id\":\"https:\\\/\\\/terjebjornstad.com\\\/no\\\/2021\\\/05\\\/24\\\/60-ar-en-hyllest-til-alle-pariserinner\\\/#primaryimage\"},\"thumbnailUrl\":\"https:\\\/\\\/i0.wp.com\\\/terjebjornstad.com\\\/no\\\/wp-content\\\/uploads\\\/2021\\\/05\\\/toutes-parisiennes.png?fit=900%2C506&ssl=1\",\"datePublished\":\"2021-05-24T02:08:49+00:00\",\"dateModified\":\"2026-03-02T13:08:50+00:00\",\"description\":\"Toutes Parisiennes er et fransk album som bringer minner fra 60 \u00e5r siden som hyllest til Renault 4 Parisienne.\",\"breadcrumb\":{\"@id\":\"https:\\\/\\\/terjebjornstad.com\\\/no\\\/2021\\\/05\\\/24\\\/60-ar-en-hyllest-til-alle-pariserinner\\\/#breadcrumb\"},\"inLanguage\":\"nb-NO\",\"potentialAction\":[{\"@type\":\"ReadAction\",\"target\":[\"https:\\\/\\\/terjebjornstad.com\\\/no\\\/2021\\\/05\\\/24\\\/60-ar-en-hyllest-til-alle-pariserinner\\\/\"]}]},{\"@type\":\"ImageObject\",\"inLanguage\":\"nb-NO\",\"@id\":\"https:\\\/\\\/terjebjornstad.com\\\/no\\\/2021\\\/05\\\/24\\\/60-ar-en-hyllest-til-alle-pariserinner\\\/#primaryimage\",\"url\":\"https:\\\/\\\/i0.wp.com\\\/terjebjornstad.com\\\/no\\\/wp-content\\\/uploads\\\/2021\\\/05\\\/toutes-parisiennes.png?fit=900%2C506&ssl=1\",\"contentUrl\":\"https:\\\/\\\/i0.wp.com\\\/terjebjornstad.com\\\/no\\\/wp-content\\\/uploads\\\/2021\\\/05\\\/toutes-parisiennes.png?fit=900%2C506&ssl=1\",\"width\":900,\"height\":506,\"caption\":\"60 \u00e5r - En hyllest til Renault 4\"},{\"@type\":\"BreadcrumbList\",\"@id\":\"https:\\\/\\\/terjebjornstad.com\\\/no\\\/2021\\\/05\\\/24\\\/60-ar-en-hyllest-til-alle-pariserinner\\\/#breadcrumb\",\"itemListElement\":[{\"@type\":\"ListItem\",\"position\":1,\"name\":\"Hjem\",\"item\":\"https:\\\/\\\/terjebjornstad.com\\\/no\\\/\"},{\"@type\":\"ListItem\",\"position\":2,\"name\":\"60 \u00e5r &#8211; En hyllest til Renault 4\"}]},{\"@type\":\"WebSite\",\"@id\":\"https:\\\/\\\/terjebjornstad.com\\\/no\\\/#website\",\"url\":\"https:\\\/\\\/terjebjornstad.com\\\/no\\\/\",\"name\":\"Terjes biler\",\"description\":\"HONEST ABOUT CARS\",\"publisher\":{\"@id\":\"https:\\\/\\\/terjebjornstad.com\\\/no\\\/#organization\"},\"alternateName\":\"Terjebjornstad.com\",\"potentialAction\":[{\"@type\":\"SearchAction\",\"target\":{\"@type\":\"EntryPoint\",\"urlTemplate\":\"https:\\\/\\\/terjebjornstad.com\\\/no\\\/?s={search_term_string}\"},\"query-input\":{\"@type\":\"PropertyValueSpecification\",\"valueRequired\":true,\"valueName\":\"search_term_string\"}}],\"inLanguage\":\"nb-NO\"},{\"@type\":\"Organization\",\"@id\":\"https:\\\/\\\/terjebjornstad.com\\\/no\\\/#organization\",\"name\":\"Terje Bj\u00f8rnstad ENK\",\"url\":\"https:\\\/\\\/terjebjornstad.com\\\/no\\\/\",\"logo\":{\"@type\":\"ImageObject\",\"inLanguage\":\"nb-NO\",\"@id\":\"https:\\\/\\\/terjebjornstad.com\\\/no\\\/#\\\/schema\\\/logo\\\/image\\\/\",\"url\":\"https:\\\/\\\/i0.wp.com\\\/terjebjornstad.com\\\/no\\\/wp-content\\\/uploads\\\/2026\\\/02\\\/terjesbiler2024-960x354-1.png?fit=960%2C354&ssl=1\",\"contentUrl\":\"https:\\\/\\\/i0.wp.com\\\/terjebjornstad.com\\\/no\\\/wp-content\\\/uploads\\\/2026\\\/02\\\/terjesbiler2024-960x354-1.png?fit=960%2C354&ssl=1\",\"width\":960,\"height\":354,\"caption\":\"Terje Bj\u00f8rnstad ENK\"},\"image\":{\"@id\":\"https:\\\/\\\/terjebjornstad.com\\\/no\\\/#\\\/schema\\\/logo\\\/image\\\/\"},\"sameAs\":[\"https:\\\/\\\/www.facebook.com\\\/terjesbiler\\\/\",\"https:\\\/\\\/www.instagram.com\\\/terjesbiler\\\/\",\"https:\\\/\\\/www.pinteres.com\\\/terjebjrnstad\\\/terjes-biler\\\/\"]},{\"@type\":\"Person\",\"@id\":\"https:\\\/\\\/terjebjornstad.com\\\/no\\\/#\\\/schema\\\/person\\\/a281f6a6e0f3cc9fe468e7f0c655aa65\",\"name\":\"Terje Bj\u00f8rnstad\",\"image\":{\"@type\":\"ImageObject\",\"inLanguage\":\"nb-NO\",\"@id\":\"https:\\\/\\\/secure.gravatar.com\\\/avatar\\\/e8dff505b51cf6cb67ae06a06022d2049aac2da1e79dc146a36b58798c4b40ea?s=96&d=mm&r=g\",\"url\":\"https:\\\/\\\/secure.gravatar.com\\\/avatar\\\/e8dff505b51cf6cb67ae06a06022d2049aac2da1e79dc146a36b58798c4b40ea?s=96&d=mm&r=g\",\"contentUrl\":\"https:\\\/\\\/secure.gravatar.com\\\/avatar\\\/e8dff505b51cf6cb67ae06a06022d2049aac2da1e79dc146a36b58798c4b40ea?s=96&d=mm&r=g\",\"caption\":\"Terje Bj\u00f8rnstad\"},\"description\":\"Terje Bj\u00f8rnstad. Bloggadministrator, hobbyfotograf og bilnerd.\",\"sameAs\":[\"https:\\\/\\\/www.facebook.com\\\/terjesbiler\",\"https:\\\/\\\/www.instagram.com\\\/terjesbiler\",\"https:\\\/\\\/no.pinterest.com\\\/terjebjrnstad\",\"https:\\\/\\\/www.youtube.com\\\/channel\\\/UCzCKJJDybyIgKqatc_JQqIg\"]}]}<\/script>\n<!-- \/ Yoast SEO plugin. -->","yoast_head_json":{"title":"60 \u00e5r - En hyllest til Renault 4 - Toutes Parisiennes - Terjes biler","description":"Toutes Parisiennes er et fransk album som bringer minner fra 60 \u00e5r siden som hyllest til Renault 4 Parisienne.","robots":{"index":"index","follow":"follow","max-snippet":"max-snippet:-1","max-image-preview":"max-image-preview:large","max-video-preview":"max-video-preview:-1"},"canonical":"https:\/\/terjebjornstad.com\/no\/2021\/05\/24\/60-ar-en-hyllest-til-alle-pariserinner\/","og_locale":"nb_NO","og_type":"article","og_title":"60 \u00e5r - En hyllest til Renault 4 - Toutes Parisiennes - Terjes biler","og_description":"Toutes Parisiennes er et fransk album som bringer minner fra 60 \u00e5r siden som hyllest til Renault 4 Parisienne.","og_url":"https:\/\/terjebjornstad.com\/no\/2021\/05\/24\/60-ar-en-hyllest-til-alle-pariserinner\/","og_site_name":"Terjes biler","article_publisher":"https:\/\/www.facebook.com\/terjesbiler\/","article_author":"https:\/\/www.facebook.com\/terjesbiler","article_published_time":"2021-05-24T02:08:49+00:00","article_modified_time":"2026-03-02T13:08:50+00:00","og_image":[{"width":900,"height":506,"url":"https:\/\/terjebjornstad.com\/no\/wp-content\/uploads\/2021\/05\/toutes-parisiennes.png","type":"image\/png"}],"author":"Terje Bj\u00f8rnstad","twitter_card":"summary_large_image","twitter_misc":{"Skrevet av":"Terje Bj\u00f8rnstad","Ansl. lesetid":"4 minutter"},"schema":{"@context":"https:\/\/schema.org","@graph":[{"@type":"Article","@id":"https:\/\/terjebjornstad.com\/no\/2021\/05\/24\/60-ar-en-hyllest-til-alle-pariserinner\/#article","isPartOf":{"@id":"https:\/\/terjebjornstad.com\/no\/2021\/05\/24\/60-ar-en-hyllest-til-alle-pariserinner\/"},"author":{"name":"Terje Bj\u00f8rnstad","@id":"https:\/\/terjebjornstad.com\/no\/#\/schema\/person\/a281f6a6e0f3cc9fe468e7f0c655aa65"},"headline":"60 \u00e5r &#8211; En hyllest til Renault 4","datePublished":"2021-05-24T02:08:49+00:00","dateModified":"2026-03-02T13:08:50+00:00","mainEntityOfPage":{"@id":"https:\/\/terjebjornstad.com\/no\/2021\/05\/24\/60-ar-en-hyllest-til-alle-pariserinner\/"},"wordCount":481,"commentCount":0,"publisher":{"@id":"https:\/\/terjebjornstad.com\/no\/#organization"},"image":{"@id":"https:\/\/terjebjornstad.com\/no\/2021\/05\/24\/60-ar-en-hyllest-til-alle-pariserinner\/#primaryimage"},"thumbnailUrl":"https:\/\/i0.wp.com\/terjebjornstad.com\/no\/wp-content\/uploads\/2021\/05\/toutes-parisiennes.png?fit=900%2C506&ssl=1","keywords":["quatrelle","r4 60","renault 4 60"],"articleSection":["Franske biler","R4","Renault","Renault 4"],"inLanguage":"nb-NO","potentialAction":[{"@type":"CommentAction","name":"Comment","target":["https:\/\/terjebjornstad.com\/no\/2021\/05\/24\/60-ar-en-hyllest-til-alle-pariserinner\/#respond"]}]},{"@type":"WebPage","@id":"https:\/\/terjebjornstad.com\/no\/2021\/05\/24\/60-ar-en-hyllest-til-alle-pariserinner\/","url":"https:\/\/terjebjornstad.com\/no\/2021\/05\/24\/60-ar-en-hyllest-til-alle-pariserinner\/","name":"60 \u00e5r - En hyllest til Renault 4 - Toutes Parisiennes - Terjes biler","isPartOf":{"@id":"https:\/\/terjebjornstad.com\/no\/#website"},"primaryImageOfPage":{"@id":"https:\/\/terjebjornstad.com\/no\/2021\/05\/24\/60-ar-en-hyllest-til-alle-pariserinner\/#primaryimage"},"image":{"@id":"https:\/\/terjebjornstad.com\/no\/2021\/05\/24\/60-ar-en-hyllest-til-alle-pariserinner\/#primaryimage"},"thumbnailUrl":"https:\/\/i0.wp.com\/terjebjornstad.com\/no\/wp-content\/uploads\/2021\/05\/toutes-parisiennes.png?fit=900%2C506&ssl=1","datePublished":"2021-05-24T02:08:49+00:00","dateModified":"2026-03-02T13:08:50+00:00","description":"Toutes Parisiennes er et fransk album som bringer minner fra 60 \u00e5r siden som hyllest til Renault 4 Parisienne.","breadcrumb":{"@id":"https:\/\/terjebjornstad.com\/no\/2021\/05\/24\/60-ar-en-hyllest-til-alle-pariserinner\/#breadcrumb"},"inLanguage":"nb-NO","potentialAction":[{"@type":"ReadAction","target":["https:\/\/terjebjornstad.com\/no\/2021\/05\/24\/60-ar-en-hyllest-til-alle-pariserinner\/"]}]},{"@type":"ImageObject","inLanguage":"nb-NO","@id":"https:\/\/terjebjornstad.com\/no\/2021\/05\/24\/60-ar-en-hyllest-til-alle-pariserinner\/#primaryimage","url":"https:\/\/i0.wp.com\/terjebjornstad.com\/no\/wp-content\/uploads\/2021\/05\/toutes-parisiennes.png?fit=900%2C506&ssl=1","contentUrl":"https:\/\/i0.wp.com\/terjebjornstad.com\/no\/wp-content\/uploads\/2021\/05\/toutes-parisiennes.png?fit=900%2C506&ssl=1","width":900,"height":506,"caption":"60 \u00e5r - En hyllest til Renault 4"},{"@type":"BreadcrumbList","@id":"https:\/\/terjebjornstad.com\/no\/2021\/05\/24\/60-ar-en-hyllest-til-alle-pariserinner\/#breadcrumb","itemListElement":[{"@type":"ListItem","position":1,"name":"Hjem","item":"https:\/\/terjebjornstad.com\/no\/"},{"@type":"ListItem","position":2,"name":"60 \u00e5r &#8211; En hyllest til Renault 4"}]},{"@type":"WebSite","@id":"https:\/\/terjebjornstad.com\/no\/#website","url":"https:\/\/terjebjornstad.com\/no\/","name":"Terjes biler","description":"HONEST ABOUT CARS","publisher":{"@id":"https:\/\/terjebjornstad.com\/no\/#organization"},"alternateName":"Terjebjornstad.com","potentialAction":[{"@type":"SearchAction","target":{"@type":"EntryPoint","urlTemplate":"https:\/\/terjebjornstad.com\/no\/?s={search_term_string}"},"query-input":{"@type":"PropertyValueSpecification","valueRequired":true,"valueName":"search_term_string"}}],"inLanguage":"nb-NO"},{"@type":"Organization","@id":"https:\/\/terjebjornstad.com\/no\/#organization","name":"Terje Bj\u00f8rnstad ENK","url":"https:\/\/terjebjornstad.com\/no\/","logo":{"@type":"ImageObject","inLanguage":"nb-NO","@id":"https:\/\/terjebjornstad.com\/no\/#\/schema\/logo\/image\/","url":"https:\/\/i0.wp.com\/terjebjornstad.com\/no\/wp-content\/uploads\/2026\/02\/terjesbiler2024-960x354-1.png?fit=960%2C354&ssl=1","contentUrl":"https:\/\/i0.wp.com\/terjebjornstad.com\/no\/wp-content\/uploads\/2026\/02\/terjesbiler2024-960x354-1.png?fit=960%2C354&ssl=1","width":960,"height":354,"caption":"Terje Bj\u00f8rnstad ENK"},"image":{"@id":"https:\/\/terjebjornstad.com\/no\/#\/schema\/logo\/image\/"},"sameAs":["https:\/\/www.facebook.com\/terjesbiler\/","https:\/\/www.instagram.com\/terjesbiler\/","https:\/\/www.pinteres.com\/terjebjrnstad\/terjes-biler\/"]},{"@type":"Person","@id":"https:\/\/terjebjornstad.com\/no\/#\/schema\/person\/a281f6a6e0f3cc9fe468e7f0c655aa65","name":"Terje Bj\u00f8rnstad","image":{"@type":"ImageObject","inLanguage":"nb-NO","@id":"https:\/\/secure.gravatar.com\/avatar\/e8dff505b51cf6cb67ae06a06022d2049aac2da1e79dc146a36b58798c4b40ea?s=96&d=mm&r=g","url":"https:\/\/secure.gravatar.com\/avatar\/e8dff505b51cf6cb67ae06a06022d2049aac2da1e79dc146a36b58798c4b40ea?s=96&d=mm&r=g","contentUrl":"https:\/\/secure.gravatar.com\/avatar\/e8dff505b51cf6cb67ae06a06022d2049aac2da1e79dc146a36b58798c4b40ea?s=96&d=mm&r=g","caption":"Terje Bj\u00f8rnstad"},"description":"Terje Bj\u00f8rnstad. Bloggadministrator, hobbyfotograf og bilnerd.","sameAs":["https:\/\/www.facebook.com\/terjesbiler","https:\/\/www.instagram.com\/terjesbiler","https:\/\/no.pinterest.com\/terjebjrnstad","https:\/\/www.youtube.com\/channel\/UCzCKJJDybyIgKqatc_JQqIg"]}]}},"jetpack_publicize_connections":[],"jetpack_featured_media_url":"https:\/\/i0.wp.com\/terjebjornstad.com\/no\/wp-content\/uploads\/2021\/05\/toutes-parisiennes.png?fit=900%2C506&ssl=1","jetpack_sharing_enabled":true,"jetpack_shortlink":"https:\/\/wp.me\/p48zYA-axm","jetpack-related-posts":[{"id":40495,"url":"https:\/\/terjebjornstad.com\/no\/2021\/05\/24\/renault-4-en-allsidig-franskmann\/","url_meta":{"origin":40508,"position":0},"title":"Renault 4 &#8211; en allsidig franskmann","author":"Anders de Lange","date":"24\/05\/2021","format":false,"excerpt":"Den hadde en rekke nyheter. Som barnesikre l\u00e5ser p\u00e5 bakd\u00f8rene, termostatstyrt kj\u00f8levifte og bremser med trykkutjevning mellom bremsene foran og bak. Som en av de f\u00f8rste familiebilene p\u00e5 markedet hadde den lukket kj\u00f8lesystem \u2013 ingen kontroll av vann og frostv\u00e6ske. \u00a0 Man m\u00e5 helt tilbake til 1898 for \u00e5 finne\u2026","rel":"","context":"i &quot;Artikkel&quot;","block_context":{"text":"Artikkel","link":"https:\/\/terjebjornstad.com\/no\/category\/artikkel\/"},"img":{"alt_text":"Renault 4","src":"https:\/\/i0.wp.com\/terjebjornstad.com\/no\/wp-content\/uploads\/2021\/05\/R-4-14.jpg?fit=1200%2C760&ssl=1&resize=350%2C200","width":350,"height":200,"srcset":"https:\/\/i0.wp.com\/terjebjornstad.com\/no\/wp-content\/uploads\/2021\/05\/R-4-14.jpg?fit=1200%2C760&ssl=1&resize=350%2C200 1x, https:\/\/i0.wp.com\/terjebjornstad.com\/no\/wp-content\/uploads\/2021\/05\/R-4-14.jpg?fit=1200%2C760&ssl=1&resize=525%2C300 1.5x, https:\/\/i0.wp.com\/terjebjornstad.com\/no\/wp-content\/uploads\/2021\/05\/R-4-14.jpg?fit=1200%2C760&ssl=1&resize=700%2C400 2x, https:\/\/i0.wp.com\/terjebjornstad.com\/no\/wp-content\/uploads\/2021\/05\/R-4-14.jpg?fit=1200%2C760&ssl=1&resize=1050%2C600 3x"},"classes":[]},{"id":34059,"url":"https:\/\/terjebjornstad.com\/no\/2020\/07\/26\/renault\/","url_meta":{"origin":40508,"position":1},"title":"Renault","author":"Anders de Lange","date":"26\/07\/2020","format":false,"excerpt":"Man m\u00e5 helt tilbake til 1898 for \u00e5 finne starten for Renault. Det skjedde i Paris, og mannen var Louis Renault. Den f\u00f8rste bilen ble bygget i et lite skur i foreldrenes hage utenfor Paris. Som for andre nystartede bilfabrikker var det viktig \u00e5 delta i bill\u00f8p, og Renault vant\u2026","rel":"","context":"i &quot;Artikkel&quot;","block_context":{"text":"Artikkel","link":"https:\/\/terjebjornstad.com\/no\/category\/artikkel\/"},"img":{"alt_text":"renault 4","src":"https:\/\/i0.wp.com\/terjebjornstad.com\/no\/wp-content\/uploads\/2018\/04\/renault-4-686-0804.png?fit=686%2C457&ssl=1&resize=350%2C200","width":350,"height":200,"srcset":"https:\/\/i0.wp.com\/terjebjornstad.com\/no\/wp-content\/uploads\/2018\/04\/renault-4-686-0804.png?fit=686%2C457&ssl=1&resize=350%2C200 1x, https:\/\/i0.wp.com\/terjebjornstad.com\/no\/wp-content\/uploads\/2018\/04\/renault-4-686-0804.png?fit=686%2C457&ssl=1&resize=525%2C300 1.5x"},"classes":[]},{"id":37503,"url":"https:\/\/terjebjornstad.com\/no\/2021\/01\/18\/en-liten-renault\/","url_meta":{"origin":40508,"position":2},"title":"En liten Renault","author":"Anders de Lange","date":"18\/01\/2021","format":false,"excerpt":"Et eksempel p\u00e5 hvor mye bil som kan presses inn i et lite skall. \u00a0 Man m\u00e5 helt tilbake til 1898 for \u00e5 finne starten for Renault. Det skjedde i Paris, og mannen var Louis Renault. Den f\u00f8rste bilen ble bygget i et lite skur i foreldrenes hage utenfor Paris.\u2026","rel":"","context":"i &quot;4 CV&quot;","block_context":{"text":"4 CV","link":"https:\/\/terjebjornstad.com\/no\/category\/renault\/4-cv\/"},"img":{"alt_text":"","src":"https:\/\/i0.wp.com\/terjebjornstad.com\/no\/wp-content\/uploads\/2021\/01\/renault-4cv58.jpg?fit=1100%2C614&ssl=1&resize=350%2C200","width":350,"height":200,"srcset":"https:\/\/i0.wp.com\/terjebjornstad.com\/no\/wp-content\/uploads\/2021\/01\/renault-4cv58.jpg?fit=1100%2C614&ssl=1&resize=350%2C200 1x, https:\/\/i0.wp.com\/terjebjornstad.com\/no\/wp-content\/uploads\/2021\/01\/renault-4cv58.jpg?fit=1100%2C614&ssl=1&resize=525%2C300 1.5x, https:\/\/i0.wp.com\/terjebjornstad.com\/no\/wp-content\/uploads\/2021\/01\/renault-4cv58.jpg?fit=1100%2C614&ssl=1&resize=700%2C400 2x, https:\/\/i0.wp.com\/terjebjornstad.com\/no\/wp-content\/uploads\/2021\/01\/renault-4cv58.jpg?fit=1100%2C614&ssl=1&resize=1050%2C600 3x"},"classes":[]},{"id":87312,"url":"https:\/\/terjebjornstad.com\/no\/2026\/01\/06\/r5-med-retrofit-elektrisitet\/","url_meta":{"origin":40508,"position":3},"title":"R5 med ettermontert elektrisitet","author":"Terje Bj\u00f8rnstad","date":"06\/01\/2026","format":false,"excerpt":"Renault-entusiaster kan f\u00e5 ettermontert elektrisk drivverk i sine klassiske R5 og R4. De f\u00f8rste bilene ble konvertert p\u00e5 oppdrag fra Renault. F\u00e5 bilmerker har like lang historie som Renault. I 2027 skal de \u00e5pne d\u00f8rene til et stort museum p\u00e5 den nedlagte fabrikken i Flins, vel 40 km fra Paris.\u2026","rel":"","context":"i &quot;R5&quot;","block_context":{"text":"R5","link":"https:\/\/terjebjornstad.com\/no\/category\/renault\/r5\/"},"img":{"alt_text":"","src":"https:\/\/i0.wp.com\/terjebjornstad.com\/no\/wp-content\/uploads\/2026\/01\/r5-rfit-charging-DPPI-2000x1333-1.jpg?fit=1200%2C801&ssl=1&resize=350%2C200","width":350,"height":200,"srcset":"https:\/\/i0.wp.com\/terjebjornstad.com\/no\/wp-content\/uploads\/2026\/01\/r5-rfit-charging-DPPI-2000x1333-1.jpg?fit=1200%2C801&ssl=1&resize=350%2C200 1x, https:\/\/i0.wp.com\/terjebjornstad.com\/no\/wp-content\/uploads\/2026\/01\/r5-rfit-charging-DPPI-2000x1333-1.jpg?fit=1200%2C801&ssl=1&resize=525%2C300 1.5x, https:\/\/i0.wp.com\/terjebjornstad.com\/no\/wp-content\/uploads\/2026\/01\/r5-rfit-charging-DPPI-2000x1333-1.jpg?fit=1200%2C801&ssl=1&resize=700%2C400 2x, https:\/\/i0.wp.com\/terjebjornstad.com\/no\/wp-content\/uploads\/2026\/01\/r5-rfit-charging-DPPI-2000x1333-1.jpg?fit=1200%2C801&ssl=1&resize=1050%2C600 3x"},"classes":[]},{"id":76219,"url":"https:\/\/terjebjornstad.com\/no\/2024\/10\/22\/renault-4-e-tech-forer-arven-videre\/","url_meta":{"origin":40508,"position":4},"title":"Renault 4 E-Tech f\u00f8rer arven videre","author":"Terje Bj\u00f8rnstad","date":"22\/10\/2024","format":false,"excerpt":"Det er blitt ganske vanlig \u00e5 la nye elektriske bilmodeller arve navn etter tidligere legendariske modeller. Har nye Renault 4 E-Tech de samme egenskapene som i sin tid gjorde Renault 4 til en av Europas mest elskede og popul\u00e6re biler? Skal EU n\u00e5 sine m\u00e5l med hensyn til null-utslipp er\u2026","rel":"","context":"i &quot;Renault&quot;","block_context":{"text":"Renault","link":"https:\/\/terjebjornstad.com\/no\/category\/renault\/"},"img":{"alt_text":"","src":"https:\/\/i0.wp.com\/terjebjornstad.com\/no\/wp-content\/uploads\/2024\/10\/Renault-4-E-Tech-electric-1043.jpg?fit=1200%2C800&ssl=1&resize=350%2C200","width":350,"height":200,"srcset":"https:\/\/i0.wp.com\/terjebjornstad.com\/no\/wp-content\/uploads\/2024\/10\/Renault-4-E-Tech-electric-1043.jpg?fit=1200%2C800&ssl=1&resize=350%2C200 1x, https:\/\/i0.wp.com\/terjebjornstad.com\/no\/wp-content\/uploads\/2024\/10\/Renault-4-E-Tech-electric-1043.jpg?fit=1200%2C800&ssl=1&resize=525%2C300 1.5x, https:\/\/i0.wp.com\/terjebjornstad.com\/no\/wp-content\/uploads\/2024\/10\/Renault-4-E-Tech-electric-1043.jpg?fit=1200%2C800&ssl=1&resize=700%2C400 2x, https:\/\/i0.wp.com\/terjebjornstad.com\/no\/wp-content\/uploads\/2024\/10\/Renault-4-E-Tech-electric-1043.jpg?fit=1200%2C800&ssl=1&resize=1050%2C600 3x"},"classes":[]},{"id":59995,"url":"https:\/\/terjebjornstad.com\/no\/2023\/05\/29\/nye-r5-i-kjomda-a290\/","url_meta":{"origin":40508,"position":5},"title":"Nye R5 i kj\u00f8mda","author":"Terje Bj\u00f8rnstad","date":"29\/05\/2023","format":false,"excerpt":"Renault Zoe tilbys ikke lenger i Norge. Innen f\u00f8rste halv\u00e5r av 2024 vil den forsvinne for godt fra utstillingsvinduene over hele Europa. Det finnes ingen direkte etterf\u00f8lger. Det er Fabrice Cambolive, sjef for Renault-divisjonen, som har opplyst dette til britisk bilpresse. Det er ingen overraskelse at dagens Zoe vil forsvinne.\u2026","rel":"","context":"i &quot;A290&quot;","block_context":{"text":"A290","link":"https:\/\/terjebjornstad.com\/no\/category\/alpine\/a290\/"},"img":{"alt_text":"","src":"https:\/\/i0.wp.com\/terjebjornstad.com\/no\/wp-content\/uploads\/2023\/05\/renault-5-roland-garros-1920x1080-1.jpg?fit=1200%2C675&ssl=1&resize=350%2C200","width":350,"height":200,"srcset":"https:\/\/i0.wp.com\/terjebjornstad.com\/no\/wp-content\/uploads\/2023\/05\/renault-5-roland-garros-1920x1080-1.jpg?fit=1200%2C675&ssl=1&resize=350%2C200 1x, https:\/\/i0.wp.com\/terjebjornstad.com\/no\/wp-content\/uploads\/2023\/05\/renault-5-roland-garros-1920x1080-1.jpg?fit=1200%2C675&ssl=1&resize=525%2C300 1.5x, https:\/\/i0.wp.com\/terjebjornstad.com\/no\/wp-content\/uploads\/2023\/05\/renault-5-roland-garros-1920x1080-1.jpg?fit=1200%2C675&ssl=1&resize=700%2C400 2x, https:\/\/i0.wp.com\/terjebjornstad.com\/no\/wp-content\/uploads\/2023\/05\/renault-5-roland-garros-1920x1080-1.jpg?fit=1200%2C675&ssl=1&resize=1050%2C600 3x"},"classes":[]}],"gt_translate_keys":[{"key":"link","format":"url"}],"_links":{"self":[{"href":"https:\/\/terjebjornstad.com\/no\/wp-json\/wp\/v2\/posts\/40508","targetHints":{"allow":["GET"]}}],"collection":[{"href":"https:\/\/terjebjornstad.com\/no\/wp-json\/wp\/v2\/posts"}],"about":[{"href":"https:\/\/terjebjornstad.com\/no\/wp-json\/wp\/v2\/types\/post"}],"author":[{"embeddable":true,"href":"https:\/\/terjebjornstad.com\/no\/wp-json\/wp\/v2\/users\/1"}],"replies":[{"embeddable":true,"href":"https:\/\/terjebjornstad.com\/no\/wp-json\/wp\/v2\/comments?post=40508"}],"version-history":[{"count":52,"href":"https:\/\/terjebjornstad.com\/no\/wp-json\/wp\/v2\/posts\/40508\/revisions"}],"predecessor-version":[{"id":90393,"href":"https:\/\/terjebjornstad.com\/no\/wp-json\/wp\/v2\/posts\/40508\/revisions\/90393"}],"wp:featuredmedia":[{"embeddable":true,"href":"https:\/\/terjebjornstad.com\/no\/wp-json\/wp\/v2\/media\/40502"}],"wp:attachment":[{"href":"https:\/\/terjebjornstad.com\/no\/wp-json\/wp\/v2\/media?parent=40508"}],"wp:term":[{"taxonomy":"category","embeddable":true,"href":"https:\/\/terjebjornstad.com\/no\/wp-json\/wp\/v2\/categories?post=40508"},{"taxonomy":"post_tag","embeddable":true,"href":"https:\/\/terjebjornstad.com\/no\/wp-json\/wp\/v2\/tags?post=40508"}],"curies":[{"name":"wp","href":"https:\/\/api.w.org\/{rel}","templated":true}]}}