{"id":37235,"date":"2021-01-05T23:30:00","date_gmt":"2021-01-05T22:30:00","guid":{"rendered":"https:\/\/terjebjornstad.com\/no\/?p=37235"},"modified":"2026-03-15T02:26:12","modified_gmt":"2026-03-15T01:26:12","slug":"rekkevidde-rekkevidde-og-rekkevidde","status":"publish","type":"post","link":"https:\/\/terjebjornstad.com\/no\/2021\/01\/05\/rekkevidde-rekkevidde-og-rekkevidde\/","title":{"rendered":"Rekkevidde, rekkevidde og rekkevidde","gt_translate_keys":[{"key":"rendered","format":"text"}]},"content":{"rendered":"<div class=\"copy_teb\"><figure id=\"attachment_37239\" aria-describedby=\"caption-attachment-37239\" style=\"width: 686px\" class=\"wp-caption aligncenter\"><a href=\"https:\/\/www.saicmaxus.com\/uploads\/month_2005\/2020052103280389874.mp4\" target=\"_blank\" rel=\"noopener\"><img data-recalc-dims=\"1\" loading=\"lazy\" decoding=\"async\" data-attachment-id=\"37239\" data-permalink=\"https:\/\/terjebjornstad.com\/no\/2021\/01\/05\/rekkevidde-rekkevidde-og-rekkevidde\/maxus2-686x383\/\" data-orig-file=\"https:\/\/i0.wp.com\/terjebjornstad.com\/no\/wp-content\/uploads\/2021\/01\/maxus2-686x383-1.png?fit=686%2C383&amp;ssl=1\" data-orig-size=\"686,383\" data-comments-opened=\"1\" data-image-meta=\"{&quot;aperture&quot;:&quot;0&quot;,&quot;credit&quot;:&quot;&quot;,&quot;camera&quot;:&quot;&quot;,&quot;caption&quot;:&quot;&quot;,&quot;created_timestamp&quot;:&quot;0&quot;,&quot;copyright&quot;:&quot;&quot;,&quot;focal_length&quot;:&quot;0&quot;,&quot;iso&quot;:&quot;0&quot;,&quot;shutter_speed&quot;:&quot;0&quot;,&quot;title&quot;:&quot;&quot;,&quot;orientation&quot;:&quot;0&quot;}\" data-image-title=\"maxus2-686&amp;#215;383\" data-image-description=\"\" data-image-caption=\"&lt;p&gt;Rekkevidde, rekkevidde&amp;#8230;&lt;\/p&gt;\n\" data-large-file=\"https:\/\/i0.wp.com\/terjebjornstad.com\/no\/wp-content\/uploads\/2021\/01\/maxus2-686x383-1.png?fit=686%2C383&amp;ssl=1\" src=\"https:\/\/i0.wp.com\/terjebjornstad.com\/no\/wp-content\/uploads\/2021\/01\/maxus2-686x383-1.png?resize=686%2C383&#038;ssl=1\" alt=\"maxus euniq\" width=\"686\" height=\"383\" class=\"size-full wp-image-37239\" srcset=\"https:\/\/i0.wp.com\/terjebjornstad.com\/no\/wp-content\/uploads\/2021\/01\/maxus2-686x383-1.png?w=686&amp;ssl=1 686w, https:\/\/i0.wp.com\/terjebjornstad.com\/no\/wp-content\/uploads\/2021\/01\/maxus2-686x383-1.png?resize=300%2C167&amp;ssl=1 300w\" sizes=\"auto, (max-width: 686px) 100vw, 686px\" \/><\/a><figcaption id=\"caption-attachment-37239\" class=\"wp-caption-text\">Rekkevidde er frihet med elbil &#8211; her Maxus Euniq 5. Klikk p\u00e5 bildet for \u00e5 snurre film!<\/figcaption><\/figure><\/p>\n<blockquote><p>Det overskygger alle andre egenskaper. Et lekkert utseende, komfortable seter, rikelig plass og krefter i overflod kommer til kort hvis rekkevidden er d\u00e5rlig. <\/p><\/blockquote>\n\n<p>&laquo;Rekkevidde, rekkevidde, rekkevidde&raquo; er analogt til boligmarkedets tre B&#8217;er &#8211; &laquo;beliggenhet, beliggenhet og beliggenhet&raquo;. Her kan du bli lurt. Mortensrud blir Nordstrand, Hovseter blir Holmenkollen, &#8211; og hvor langt er ikke et stenkast n\u00e5r det ligger ved Frognerparken?<\/p>\n<h3 class=\"tebh2\">Rekkevidde som varedeklarasjon<\/h3>\n<p>Bilbransjen vet at rekkevidde selger, og bidrar gjerne til \u00e5 f\u00f8re kundene bak lyset for \u00e5 skape inntrykk av at rekkevidden er h\u00f8yere enn den er. Rekkevidde er en varedeklarasjon som ikke bare skal oppgis i <em>km<\/em>, men ogs\u00e5 med hvilken testprosedyre som er brukt til m\u00e5lingen. <\/p>\n<h3 class=\"tebh2\">WLTP og NEDC<\/h3>\n<p>Dagens standard er WLTP (Worldwide Harmonised Light Vehicles Test Procedure). Den best\u00e5r av testprosedyrer som danner m\u00e5legrunnlag for utslipp, forbruk og rekkevidde. WLTP er lagt til grunn for beregning av norske engangsavgifter. Tidligere ble NEDC (New European Driving Cycle) benyttet. Problemet med NEDC er at den var utformet f\u00f8r dagens hybridbiler og elbiler ble laget. Spesielt hybridbiler fikk urealistiske gode resultater. Et fulladet hybridbatteri kunne ta bilen gjennom testkj\u00f8ringen nesten uten at bensinmotoren slo inn. Dermed fikk man m\u00e5linger som ingen greidde \u00e5 oppn\u00e5 under virkelige forhold. Elbiler oppn\u00e5dde alt for gode rekkevidder p\u00e5 grunn av lave hastigheter og &laquo;snill&raquo; kj\u00f8ring.<\/p>\n<h3 class=\"tebh2\">Rekkevidde m\u00e5lt etter hva?<\/h3>\n<p>Hvis du skal sammenligne to oppgitte rekkevidde-tall, m\u00e5 du forvisse deg om at de er testet under samme forhold. Selv i dag velger flere bilprodusenter \u00e5 oppgi rekkevidde <em>uten<\/em> \u00e5 oppgi hvilken testprosedyre som ligger til grunn. Det kan v\u00e6re WLTP eller NEDC. Hvis det st\u00e5r WLTP, er det underforst\u00e5tt en komplett testsyklus basert p\u00e5 kombinert kj\u00f8ring. Det hender at dette omtales som &laquo;WLTP kombinert&raquo; &#8211; eller bare &laquo;kombinert&raquo;. Det finnes ogs\u00e5 et tall for &laquo;WLTP urban&raquo; eller &laquo;WLTP bykj\u00f8ring&raquo;. Der beregnes rekkevidde kun etter de snilleste partiene i testsyklusen. <\/p>\n<h3 class=\"tebh2\">Reell rekkevidde vil alltid v\u00e6re en sp\u00e5dom<\/h3>\n<p>Reelle rekkevidder ligger som oftest <em>kortere<\/em> enn WLTPs testsyklus. Det er fordi reell kj\u00f8ring omfatter bruk av klimaanlegg, k\u00f8kj\u00f8ring, kj\u00f8ring p\u00e5 v\u00e5t veibane &#8211; noe som ikke omfattes i WLTPs testlaboratorier. Noen forhandlere oppgir derfor ogs\u00e5 reelle rekkevidder. P\u00e5 nettsidene for Volkswagen ID.3 f\u00e5r man i tillegg til WLTP rekkevidde ogs\u00e5 oppgitt hvilke rekkevidder man kan oppleve p\u00e5 sommer- og vinterf\u00f8re. Dette er nyttig forbrukerinformasjon. Men det er kun WLTP-tallene som kan brukes til sammenligning. <\/p>\n<figure id=\"attachment_37237\" aria-describedby=\"caption-attachment-37237\" style=\"width: 686px\" class=\"wp-caption aligncenter\"><img data-recalc-dims=\"1\" loading=\"lazy\" decoding=\"async\" data-attachment-id=\"37237\" data-permalink=\"https:\/\/terjebjornstad.com\/no\/2021\/01\/05\/rekkevidde-rekkevidde-og-rekkevidde\/124-story-686x386\/\" data-orig-file=\"https:\/\/i0.wp.com\/terjebjornstad.com\/no\/wp-content\/uploads\/2021\/01\/124-story-686x386-1.png?fit=686%2C386&amp;ssl=1\" data-orig-size=\"686,386\" data-comments-opened=\"1\" data-image-meta=\"{&quot;aperture&quot;:&quot;0&quot;,&quot;credit&quot;:&quot;&quot;,&quot;camera&quot;:&quot;&quot;,&quot;caption&quot;:&quot;&quot;,&quot;created_timestamp&quot;:&quot;0&quot;,&quot;copyright&quot;:&quot;&quot;,&quot;focal_length&quot;:&quot;0&quot;,&quot;iso&quot;:&quot;0&quot;,&quot;shutter_speed&quot;:&quot;0&quot;,&quot;title&quot;:&quot;&quot;,&quot;orientation&quot;:&quot;0&quot;}\" data-image-title=\"124-story-686&amp;#215;386\" data-image-description=\"\" data-image-caption=\"&lt;p&gt;Rekkevidde er et ullent begrep. WLTP gir en standard for sammenligning. Reell rekkevidde sommer og vinter er den du og jeg kan forvente. Til h\u00f8yre faktisk rekkevidde en dag i november.&lt;\/p&gt;\n\" data-large-file=\"https:\/\/i0.wp.com\/terjebjornstad.com\/no\/wp-content\/uploads\/2021\/01\/124-story-686x386-1.png?fit=686%2C386&amp;ssl=1\" src=\"https:\/\/i0.wp.com\/terjebjornstad.com\/no\/wp-content\/uploads\/2021\/01\/124-story-686x386-1.png?resize=686%2C386&#038;ssl=1\" alt=\"maxus euniq\" width=\"686\" height=\"386\" class=\"size-full wp-image-37237\" srcset=\"https:\/\/i0.wp.com\/terjebjornstad.com\/no\/wp-content\/uploads\/2021\/01\/124-story-686x386-1.png?w=686&amp;ssl=1 686w, https:\/\/i0.wp.com\/terjebjornstad.com\/no\/wp-content\/uploads\/2021\/01\/124-story-686x386-1.png?resize=300%2C169&amp;ssl=1 300w\" sizes=\"auto, (max-width: 686px) 100vw, 686px\" \/><figcaption id=\"caption-attachment-37237\" class=\"wp-caption-text\">Rekkevidde er et ullent begrep. P\u00e5 Volkswagens nettsider f\u00e5r man opplyst flere rekkevidder for VW ID.3. Ikke bare WLTP, men ogs\u00e5 reelle tall sommer og vinter. Til h\u00f8yre faktisk rekkevidde en dag i november.<\/figcaption><\/figure>\n<h3 class=\"tebh2\">Sjelden to dager med samme rekkevidde<\/h3>\n<p>Gjennom h\u00f8sten har vi kj\u00f8rt Tesla Model 3 Long Range med rekkevidde p\u00e5 560 km WLTP. Temperaturer p\u00e5 0 &#8211; 5 grader, v\u00e5t veibane og 110++ p\u00e5 motorveien gir reelle rekkevidder mellom 350-370 km. T\u00f8rr veibane og hastigheter under 100 km\/t \u00f8ker rekkevidden betydelig. Selv etter flere m\u00e5neder bak rattet i samme bil, er det vanskelig \u00e5 gjette hvor lang rekkevidde man f\u00e5r. <\/p>\n<figure id=\"attachment_37238\" aria-describedby=\"caption-attachment-37238\" style=\"width: 686px\" class=\"wp-caption aligncenter\"><img data-recalc-dims=\"1\" loading=\"lazy\" decoding=\"async\" data-attachment-id=\"37238\" data-permalink=\"https:\/\/terjebjornstad.com\/no\/2021\/01\/05\/rekkevidde-rekkevidde-og-rekkevidde\/id-3-686x457\/\" data-orig-file=\"https:\/\/i0.wp.com\/terjebjornstad.com\/no\/wp-content\/uploads\/2021\/01\/id-3-686x457-1.png?fit=686%2C457&amp;ssl=1\" data-orig-size=\"686,457\" data-comments-opened=\"1\" data-image-meta=\"{&quot;aperture&quot;:&quot;0&quot;,&quot;credit&quot;:&quot;&quot;,&quot;camera&quot;:&quot;&quot;,&quot;caption&quot;:&quot;&quot;,&quot;created_timestamp&quot;:&quot;0&quot;,&quot;copyright&quot;:&quot;&quot;,&quot;focal_length&quot;:&quot;0&quot;,&quot;iso&quot;:&quot;0&quot;,&quot;shutter_speed&quot;:&quot;0&quot;,&quot;title&quot;:&quot;&quot;,&quot;orientation&quot;:&quot;0&quot;}\" data-image-title=\"id-3-686&amp;#215;457\" data-image-description=\"\" data-image-caption=\"&lt;p&gt;Volkswagen ID.3&lt;\/p&gt;\n\" data-large-file=\"https:\/\/i0.wp.com\/terjebjornstad.com\/no\/wp-content\/uploads\/2021\/01\/id-3-686x457-1.png?fit=686%2C457&amp;ssl=1\" src=\"https:\/\/i0.wp.com\/terjebjornstad.com\/no\/wp-content\/uploads\/2021\/01\/id-3-686x457-1.png?resize=686%2C457&#038;ssl=1\" alt=\"\" width=\"686\" height=\"457\" class=\"size-full wp-image-37238\" srcset=\"https:\/\/i0.wp.com\/terjebjornstad.com\/no\/wp-content\/uploads\/2021\/01\/id-3-686x457-1.png?w=686&amp;ssl=1 686w, https:\/\/i0.wp.com\/terjebjornstad.com\/no\/wp-content\/uploads\/2021\/01\/id-3-686x457-1.png?resize=300%2C200&amp;ssl=1 300w\" sizes=\"auto, (max-width: 686px) 100vw, 686px\" \/><figcaption id=\"caption-attachment-37238\" class=\"wp-caption-text\">Volkswagen ID.3<\/figcaption><\/figure>\n<h3 class=\"tebh2\">Oppn\u00e5elig rekkevidde for vanlige bilf\u00f8rere?<\/h3>\n<p>I &laquo;Terjes biler&raquo; beregner vi teoretisk rekkevidde basert p\u00e5 kj\u00f8rte km. Alle turene f\u00f8lger et likedant, rolig og \u00f8konomisk kj\u00f8rem\u00f8nster. I prinsippet gj\u00f8r vi ikke annet enn \u00e5 f\u00f8lge trafikkflyten og fartsgrensene. Det er faktisk <em>det<\/em> som gir best utslag p\u00e5 rekkevidden &#8211; i positiv forstand. P\u00e5 t\u00f8rr vei og gunstig temperatur kan vi da oppn\u00e5 rekkevidder som ligger omkring 90% av offisielle WLTP-tall. At vi kan komme tett p\u00e5 WLTP-rekkevidden, gir tillit til bilprodusentens m\u00e5linger.<\/p>\n<h3 class=\"tebh2\">Hva bilbransjen oppgir<\/h3>\n<p>Etter nylig \u00e5 ha g\u00e5tt i gjennom ulike kinesiske bilmodeller p\u00e5 hjemmesider oversatt fra kinesisk, la jeg merke til at det er vanlig blant kinesiske bilprodusenter \u00e5 oppgi to rekkevidder, &#8211; &laquo;WLTP urban&raquo; og &laquo;WLTP combined&raquo;. Sistnevnte er den korrekte &#8211; alts\u00e5 rekkevidden som beregnes etter en full WLTP-syklus. Forleden s\u00e5 jeg RSA bils annonse for nye Maxus Euniq 5 p\u00e5 Facebook. I annonsen sto rekkevidde oppgitt til &laquo;356 km WLTP&raquo;. Ogs\u00e5 etter \u00e5 ha klikket meg videre inn p\u00e5 hjemmesiden for Maxus Euniq, finner jeg samme tall. Det er f\u00f8rst da jeg lastet ned PDF-dokumentet over  detaljerte, tekniske opplysninger at jeg fikk se at oppgitt rekkevidde ikke er WLTP, men WLTP <em>urban<\/em>. Korrekt rekkevidde etter full WLTP-syklus er 260 km.<\/p>\n<figure id=\"attachment_37273\" aria-describedby=\"caption-attachment-37273\" style=\"width: 751px\" class=\"wp-caption aligncenter\"><img data-recalc-dims=\"1\" loading=\"lazy\" decoding=\"async\" data-attachment-id=\"37273\" data-permalink=\"https:\/\/terjebjornstad.com\/no\/2021\/01\/05\/rekkevidde-rekkevidde-og-rekkevidde\/maxus-ad-wltp-686x341-rough-2\/\" data-orig-file=\"https:\/\/i0.wp.com\/terjebjornstad.com\/no\/wp-content\/uploads\/2021\/01\/maxus-ad-wltp-686x341-rough-2.png?fit=751%2C350&amp;ssl=1\" data-orig-size=\"751,350\" data-comments-opened=\"1\" data-image-meta=\"{&quot;aperture&quot;:&quot;0&quot;,&quot;credit&quot;:&quot;&quot;,&quot;camera&quot;:&quot;&quot;,&quot;caption&quot;:&quot;&quot;,&quot;created_timestamp&quot;:&quot;0&quot;,&quot;copyright&quot;:&quot;&quot;,&quot;focal_length&quot;:&quot;0&quot;,&quot;iso&quot;:&quot;0&quot;,&quot;shutter_speed&quot;:&quot;0&quot;,&quot;title&quot;:&quot;&quot;,&quot;orientation&quot;:&quot;0&quot;}\" data-image-title=\"maxus-ad-wltp-686&amp;#215;341-rough-2\" data-image-description=\"\" data-image-caption=\"&lt;p&gt;Eksempel p\u00e5 villende angivelse av rekkevidde. Antall km opplyses som det gjelder hele WLTP-syklusen, men omfatter kun &amp;laquo;WLTP urban&amp;raquo; &amp;#8211; den &amp;laquo;snille&amp;raquo; kj\u00f8ringen. Reell WLTP rekkevidde skal v\u00e6re 260 km.&lt;\/p&gt;\n\" data-large-file=\"https:\/\/i0.wp.com\/terjebjornstad.com\/no\/wp-content\/uploads\/2021\/01\/maxus-ad-wltp-686x341-rough-2.png?fit=751%2C350&amp;ssl=1\" src=\"https:\/\/i0.wp.com\/terjebjornstad.com\/no\/wp-content\/uploads\/2021\/01\/maxus-ad-wltp-686x341-rough-2.png?resize=751%2C350&#038;ssl=1\" alt=\"\" width=\"751\" height=\"350\" class=\"size-full wp-image-37273\" srcset=\"https:\/\/i0.wp.com\/terjebjornstad.com\/no\/wp-content\/uploads\/2021\/01\/maxus-ad-wltp-686x341-rough-2.png?w=751&amp;ssl=1 751w, https:\/\/i0.wp.com\/terjebjornstad.com\/no\/wp-content\/uploads\/2021\/01\/maxus-ad-wltp-686x341-rough-2.png?resize=300%2C140&amp;ssl=1 300w, https:\/\/i0.wp.com\/terjebjornstad.com\/no\/wp-content\/uploads\/2021\/01\/maxus-ad-wltp-686x341-rough-2.png?resize=690%2C322&amp;ssl=1 690w\" sizes=\"auto, (max-width: 751px) 100vw, 751px\" \/><figcaption id=\"caption-attachment-37273\" class=\"wp-caption-text\">Eksempel p\u00e5 villende angivelse av rekkevidde. Antall km opplyses som det gjelder hele WLTP-syklusen, men omfatter kun &laquo;WLTP urban&raquo; &#8211; den &laquo;snille&raquo; kj\u00f8ringen. Reell WLTP rekkevidde skal v\u00e6re 260 km.<\/figcaption><\/figure>\n<h3 class=\"tebh2\">Maxus Euniq og konkurrentene<\/h3>\n<p><figure id=\"attachment_37242\" aria-describedby=\"caption-attachment-37242\" style=\"width: 300px\" class=\"wp-caption alignright\"><a href=\"https:\/\/i0.wp.com\/terjebjornstad.com\/no\/wp-content\/uploads\/2021\/01\/peugeot-e-traveller-686-384.png?ssl=1\"><img data-recalc-dims=\"1\" loading=\"lazy\" decoding=\"async\" data-attachment-id=\"37242\" data-permalink=\"https:\/\/terjebjornstad.com\/no\/2021\/01\/05\/rekkevidde-rekkevidde-og-rekkevidde\/peugeot-e-traveller-686-384\/\" data-orig-file=\"https:\/\/i0.wp.com\/terjebjornstad.com\/no\/wp-content\/uploads\/2021\/01\/peugeot-e-traveller-686-384.png?fit=686%2C384&amp;ssl=1\" data-orig-size=\"686,384\" data-comments-opened=\"1\" data-image-meta=\"{&quot;aperture&quot;:&quot;0&quot;,&quot;credit&quot;:&quot;&quot;,&quot;camera&quot;:&quot;&quot;,&quot;caption&quot;:&quot;&quot;,&quot;created_timestamp&quot;:&quot;0&quot;,&quot;copyright&quot;:&quot;&quot;,&quot;focal_length&quot;:&quot;0&quot;,&quot;iso&quot;:&quot;0&quot;,&quot;shutter_speed&quot;:&quot;0&quot;,&quot;title&quot;:&quot;&quot;,&quot;orientation&quot;:&quot;0&quot;}\" data-image-title=\"peugeot-e-traveller-686-384\" data-image-description=\"\" data-image-caption=\"&lt;p&gt;Peugeot e-Traveller med 50 Kwh batteri gir en rekkevidde p\u00e5 230 km WLTP. Med 75 Kwh f\u00e5r man en rekkevidde p\u00e5 330 WLTP.&lt;\/p&gt;\n\" data-large-file=\"https:\/\/i0.wp.com\/terjebjornstad.com\/no\/wp-content\/uploads\/2021\/01\/peugeot-e-traveller-686-384.png?fit=686%2C384&amp;ssl=1\" src=\"https:\/\/i0.wp.com\/terjebjornstad.com\/no\/wp-content\/uploads\/2021\/01\/peugeot-e-traveller-686-384.png?resize=300%2C168&#038;ssl=1\" alt=\"e-traveller\" width=\"300\" height=\"168\" class=\"size-medium wp-image-37242\" srcset=\"https:\/\/i0.wp.com\/terjebjornstad.com\/no\/wp-content\/uploads\/2021\/01\/peugeot-e-traveller-686-384.png?resize=300%2C168&amp;ssl=1 300w, https:\/\/i0.wp.com\/terjebjornstad.com\/no\/wp-content\/uploads\/2021\/01\/peugeot-e-traveller-686-384.png?w=686&amp;ssl=1 686w\" sizes=\"auto, (max-width: 300px) 100vw, 300px\" \/><\/a><figcaption id=\"caption-attachment-37242\" class=\"wp-caption-text\">Peugeot e-Traveller med 50 Kwh batteri gir en rekkevidde p\u00e5 230 km WLTP. Med 75 Kwh f\u00e5r man en rekkevidde p\u00e5 330 WLTP.<\/figcaption><\/figure>Maxus Euniq 5 er en kinesisk 7-seters elbil som har gode muligheter p\u00e5 det norske markedet. F\u00f8rst og fremst p\u00e5 grunn av plass og pris &#8211; og at den faktisk er en fullverdig 7-seter med et trivelig interi\u00f8r med skinn og panoramatak. Med batterikapasitet p\u00e5 52,5 Kwh kan den sammenlignes med varebilen Peugeot e-Expert og tilsvarende 7-seter, e-Traveller, med minste batteri p\u00e5 50 Kwh, som har en rekkevidde p\u00e5 230 km WLTP. Peugeot kan ogs\u00e5 leveres med st\u00f8rre batteripakke 75 Kwh og rekkevidde p\u00e5 330 km WLTP &#8211; men vil da koste nesten over 100 000 mer i samme utstyrsgrad som Maxus. <\/p>\n<h5>&nbsp;<\/h5>\n<hr \/>\n<blockquote><p>Hvordan kan det ha seg at det av og til skal v\u00e6re s\u00e5 vanskelig \u00e5 finne ut hvilken rekkevidde de enkelte modellene har?<\/p><\/blockquote>\n<hr \/>\n<h3 class=\"tebh2\">Hvordan rekkevidde blir oppgitt p\u00e5 nettet<\/h3>\n<p>Rekkevidde skal ikke bare oppgis i km, men ogs\u00e5 med hvilken testprosedyre som er brukt til m\u00e5lingen. Det er n\u00f8dvendig for at vi som kunder skal kunne foreta sammenligninger. Etter en rask titt p\u00e5 hjemmesidene finner vi flere sider hvor det er n\u00f8dvendig \u00e5 g\u00e5 til andre kilder, for eksempel til <a href=\"https:\/\/elbil.no\" target=\"_blank\" rel=\"noopener\"><strong>Elbil.no<\/strong><\/a> for \u00e5 finne ut hvilken m\u00e5lemetode som er er brukt. Et annet fenomen er hvordan enkelte bilforhandlere \u00e5penbart fors\u00f8ker \u00e5 holde rekkevidden skjult, og i stedet fokusere p\u00e5 andre egenskaper. Rekkevidde er en vesentlig egenskap som man ikke skal beh\u00f8ve \u00e5 lete opp i et PDF-vedlegg. S\u00e5 er det vel ganske typisk da, at det er de <em>d\u00e5rligste<\/em> rekkeviddene som er vanskeligst \u00e5 finne. <\/p>\n<blockquote><p>Akkurat som i boligbransjen. D\u00e5rlig beliggenhet holdes enten skjult eller oppgis som flottere enn den faktisk er.<\/p><\/blockquote>\n<figure id=\"attachment_37251\" aria-describedby=\"caption-attachment-37251\" style=\"width: 686px\" class=\"wp-caption aligncenter\"><img data-recalc-dims=\"1\" loading=\"lazy\" decoding=\"async\" data-attachment-id=\"37251\" data-permalink=\"https:\/\/terjebjornstad.com\/no\/2021\/01\/05\/rekkevidde-rekkevidde-og-rekkevidde\/maxus3-686-377\/\" data-orig-file=\"https:\/\/i0.wp.com\/terjebjornstad.com\/no\/wp-content\/uploads\/2021\/01\/maxus3-686-377.png?fit=686%2C377&amp;ssl=1\" data-orig-size=\"686,377\" data-comments-opened=\"1\" data-image-meta=\"{&quot;aperture&quot;:&quot;0&quot;,&quot;credit&quot;:&quot;&quot;,&quot;camera&quot;:&quot;&quot;,&quot;caption&quot;:&quot;&quot;,&quot;created_timestamp&quot;:&quot;0&quot;,&quot;copyright&quot;:&quot;&quot;,&quot;focal_length&quot;:&quot;0&quot;,&quot;iso&quot;:&quot;0&quot;,&quot;shutter_speed&quot;:&quot;0&quot;,&quot;title&quot;:&quot;&quot;,&quot;orientation&quot;:&quot;0&quot;}\" data-image-title=\"maxus3-686-377\" data-image-description=\"\" data-image-caption=\"&lt;p&gt;Maxus Euniq 5 &amp;#8211; 7-seter med 52,5 Kwh batteri&lt;\/p&gt;\n\" data-large-file=\"https:\/\/i0.wp.com\/terjebjornstad.com\/no\/wp-content\/uploads\/2021\/01\/maxus3-686-377.png?fit=686%2C377&amp;ssl=1\" src=\"https:\/\/i0.wp.com\/terjebjornstad.com\/no\/wp-content\/uploads\/2021\/01\/maxus3-686-377.png?resize=686%2C377&#038;ssl=1\" alt=\"maxus euniq\" width=\"686\" height=\"377\" class=\"size-full wp-image-37251\" srcset=\"https:\/\/i0.wp.com\/terjebjornstad.com\/no\/wp-content\/uploads\/2021\/01\/maxus3-686-377.png?w=686&amp;ssl=1 686w, https:\/\/i0.wp.com\/terjebjornstad.com\/no\/wp-content\/uploads\/2021\/01\/maxus3-686-377.png?resize=300%2C165&amp;ssl=1 300w\" sizes=\"auto, (max-width: 686px) 100vw, 686px\" \/><figcaption id=\"caption-attachment-37251\" class=\"wp-caption-text\">Maxus Euniq 5 &#8211; en av f\u00e5 elbiler som leveres som 7-seter (kilde: www.maxus.com)<\/figcaption><\/figure>\n<h3 class=\"tebh2\">Fakta<\/h3>\n<p>Hvor lett er det \u00e5 finne rekkevidde?<\/p>\n<p><a href=\"https:\/\/Audi.no\" target=\"_blank\" rel=\"noopener\"><strong>Audi.no<\/strong><\/a> oppgitte utgangsrekkevidder er WLTP &#8211; men nevner ingen steder at det er WLTP<br \/>\n<a href=\"https:\/\/BMW.no\" target=\"_blank\" rel=\"noopener\"><strong>BMW.no<\/strong><\/a> oppgir rekkevidde WLTP &#8211; men nevner ingen steder at det er WLTP<br \/>\n<a href=\"https:\/\/BYD.no\" target=\"_blank\" rel=\"noopener\"><strong>BYD.no<\/strong><\/a> (RSA) oppgir rekkevidde som NEDC<br \/>\n<a href=\"https:\/\/Citroen.no\" target=\"_blank\" rel=\"noopener\"><strong>Citroen.no<\/strong><\/a> oppgir rekkevidde korrekt som WLTP<br \/>\n<a href=\"https:\/\/DFSK.no\" target=\"_blank\" rel=\"noopener\"><strong>DFSK.no<\/strong><\/a> (Gill) oppgir rekkevidde som NEDC<br \/>\n<a href=\"https:\/\/Fiat.no\" target=\"_blank\" rel=\"noopener\"><strong>Fiat.no<\/strong><\/a> oppgir rekkevidde WLTP bykj\u00f8ring med stor skrift og WLTP kombinert med liten skrift<br \/>\n<a href=\"https:\/\/Ford.no\" target=\"_blank\" rel=\"noopener\"><strong>Ford.no<\/strong><\/a> oppgir to verdier som maks rekkevidde uten at det er mulig \u00e5 bekrefte hvilken som er WLTP<br \/>\n<a href=\"https:\/\/Honda.no\" target=\"_blank\" rel=\"noopener\"><strong>Honda.no<\/strong><\/a> oppgitte rekkevidder er WLTP &#8211; men WLTP er ikke nevnt i noe infomateriell fra Honda<br \/>\n<a href=\"https:\/\/Hyundai.no\" target=\"_blank\" rel=\"noopener\"><strong>Hyundai.no<\/strong><\/a> oppgitte rekkevidder er WLTP &#8211; lett \u00e5 finne under teknisk informasjon<br \/>\n<a href=\"https:\/\/Jaguar.no\" target=\"_blank\" rel=\"noopener\"><strong>Jaguar.no<\/strong><\/a> oppgitt maks-rekkevidde er WLTP &#8211; men opplyse ingen steder om at det er WLTP<br \/>\n<a href=\"https:\/\/KIA.no\" target=\"_blank\" rel=\"noopener\"><strong>KIA.no<\/strong><\/a> oppgir rekkevidder korrekt som WLTP<br \/>\n<a href=\"https:\/\/Lexus.no\" target=\"_blank\" rel=\"noopener\"><strong>Lexus.no<\/strong><\/a> oppgir rekkevidde korrekt som WLTP<br \/>\n<a href=\"https:\/\/Maxus.no\" target=\"_blank\" rel=\"noopener\"><strong>Maxus.no<\/strong><\/a> (RSA) oppgir feilaktig &laquo;WLTP urban&raquo;-rekkevidde som om det var full WLTP-syklus<br \/>\n<a href=\"https:\/\/Mazda.no\" target=\"_blank\" rel=\"noopener\"><strong>Mazda.no<\/strong><\/a> oppgir rekkevidder i ht. WLTP &#8211; f\u00f8rst kombinert kj\u00f8ring, deretter bykj\u00f8ring<br \/>\n<a href=\"https:\/\/Mercedes-benz.no\" target=\"_blank\" rel=\"noopener\"><strong>Mercedes-benz.no<\/strong><\/a> oppgitte rekkevidder er WLTP &#8211; nevnes som &laquo;WLTP blandet&raquo; i brosjyre (PDF)<br \/>\n<a href=\"https:\/\/MGmotors.no\" target=\"_blank\" rel=\"noopener\"><strong>MGmotors.no<\/strong><\/a> (Gill) oppgir rekkevidde korrekt som WLTP<br \/>\n<a href=\"https:\/\/Mini.no\" target=\"_blank\" rel=\"noopener\"><strong>Mini.no<\/strong><\/a> oppgir rekkevidde korrekt som WLTP<br \/>\n<a href=\"https:\/\/Nissan.no\" target=\"_blank\" rel=\"noopener\"><strong>Nissan.no<\/strong><\/a> oppgir rekkevidder som WLTP men opplyser om at det basert p\u00e5 egne m\u00e5linger &#8211; ikke WLTP<br \/>\n<a href=\"https:\/\/Opel.no\" target=\"_blank\" rel=\"noopener\"><strong>Opel.no<\/strong><\/a> oppgir rekkevidde korrekt som WLTP<br \/>\n<a href=\"https:\/\/Peugeot.no\" target=\"_blank\" rel=\"noopener\"><strong>Peugeot.no<\/strong><\/a> oppgir rekkevidde korrekt som WLTP<br \/>\n<a href=\"https:\/\/Polestar.no\" target=\"_blank\" rel=\"noopener\"><strong>Polestar.no<\/strong><\/a> oppgir rekkevidde korrekt som WLTP<br \/>\n<a href=\"https:\/\/Porsche.no\" target=\"_blank\" rel=\"noopener\"><strong>Porsche.no<\/strong><\/a> oppgir rekkevidde korrekt som WLTP<br \/>\n<a href=\"https:\/\/Renault.no\" target=\"_blank\" rel=\"noopener\"><strong>Renault.no<\/strong><\/a> oppgir rekkevidder korrekt som WLTP<br \/>\n<a href=\"https:\/\/Seat.no\" target=\"_blank\" rel=\"noopener\"><strong>Seat.no<\/strong><\/a> rekkevidde er vanskelig \u00e5 finne, men korrekt oppgitt som WLTP<br \/>\n<a href=\"https:\/\/Seresbil.no\" target=\"_blank\" rel=\"noopener\"><strong>Seresbil.no<\/strong><\/a> (Gill) oppgir rekkevidde som NEDC<br \/>\n<a href=\"https:\/\/Tesla.no\" target=\"_blank\" rel=\"noopener\"><strong>Tesla.no<\/strong><\/a> oppgir rekkevidde korrekt som WLTP<br \/>\n<a href=\"https:\/\/Volkswagen.no\" target=\"_blank\" rel=\"noopener\"><strong>Volkswagen.no<\/strong><\/a> oppgitte rekkevidder er WLTP men man m\u00e5 laste ned tekniske data for \u00e5 se at det er WLTP<br \/>\n<a href=\"https:\/\/Volvo.no\" target=\"_blank\" rel=\"noopener\"><strong>Volvo.no<\/strong><\/a> oppgir rekkevidde WLTP. Oppgir at det er &laquo;kombinert&raquo; men forteller ikke at det er WLTP<br \/>\n<a href=\"https:\/\/Xpeng.no\" target=\"_blank\" rel=\"noopener\"><strong>Xpeng.no<\/strong><\/a> oppgir rekkevidde korrekt som WLTP<\/p>\n<h3 class=\"tebh2\">Se ogs\u00e5<\/h3>\n<p><figure id=\"attachment_37044\" aria-describedby=\"caption-attachment-37044\" style=\"width: 150px\" class=\"wp-caption alignleft\"><a href=\"https:\/\/terjebjornstad.com\/no\/2020\/12\/27\/kineserne-kommer\/\"><img data-recalc-dims=\"1\" loading=\"lazy\" decoding=\"async\" data-attachment-id=\"37044\" data-permalink=\"https:\/\/terjebjornstad.com\/no\/2020\/12\/27\/kineserne-kommer\/42-dfsk-5-1080x401\/\" data-orig-file=\"https:\/\/i0.wp.com\/terjebjornstad.com\/no\/wp-content\/uploads\/2020\/12\/42-DFSK-5-1080x401-1.png?fit=1080%2C401&amp;ssl=1\" data-orig-size=\"1080,401\" data-comments-opened=\"1\" data-image-meta=\"{&quot;aperture&quot;:&quot;0&quot;,&quot;credit&quot;:&quot;&quot;,&quot;camera&quot;:&quot;&quot;,&quot;caption&quot;:&quot;&quot;,&quot;created_timestamp&quot;:&quot;0&quot;,&quot;copyright&quot;:&quot;&quot;,&quot;focal_length&quot;:&quot;0&quot;,&quot;iso&quot;:&quot;0&quot;,&quot;shutter_speed&quot;:&quot;0&quot;,&quot;title&quot;:&quot;&quot;,&quot;orientation&quot;:&quot;0&quot;}\" data-image-title=\"42-DFSK-5-1080&amp;#215;401\" data-image-description=\"\" data-image-caption=\"&lt;p&gt;Kineserne kommer!&lt;\/p&gt;\n\" data-large-file=\"https:\/\/i0.wp.com\/terjebjornstad.com\/no\/wp-content\/uploads\/2020\/12\/42-DFSK-5-1080x401-1.png?fit=980%2C364&amp;ssl=1\" src=\"https:\/\/i0.wp.com\/terjebjornstad.com\/no\/wp-content\/uploads\/2020\/12\/42-DFSK-5-1080x401-1.png?resize=150%2C150&#038;ssl=1\" alt=\"elbiler fra kina\" width=\"150\" height=\"150\" class=\"size-thumbnail wp-image-37044\" srcset=\"https:\/\/i0.wp.com\/terjebjornstad.com\/no\/wp-content\/uploads\/2020\/12\/42-DFSK-5-1080x401-1.png?resize=150%2C150&amp;ssl=1 150w, https:\/\/i0.wp.com\/terjebjornstad.com\/no\/wp-content\/uploads\/2020\/12\/42-DFSK-5-1080x401-1.png?resize=50%2C50&amp;ssl=1 50w, https:\/\/i0.wp.com\/terjebjornstad.com\/no\/wp-content\/uploads\/2020\/12\/42-DFSK-5-1080x401-1.png?zoom=2&amp;resize=150%2C150&amp;ssl=1 300w, https:\/\/i0.wp.com\/terjebjornstad.com\/no\/wp-content\/uploads\/2020\/12\/42-DFSK-5-1080x401-1.png?zoom=3&amp;resize=150%2C150&amp;ssl=1 450w\" sizes=\"auto, (max-width: 150px) 100vw, 150px\" \/><\/a><figcaption id=\"caption-attachment-37044\" class=\"wp-caption-text\">Kineserne kommer!<\/figcaption><\/figure><figure id=\"attachment_35755\" aria-describedby=\"caption-attachment-35755\" style=\"width: 150px\" class=\"wp-caption alignleft\"><a href=\"https:\/\/terjebjornstad.com\/no\/2020\/10\/24\/livet-med-tesla-3\/\"><img data-recalc-dims=\"1\" loading=\"lazy\" decoding=\"async\" data-attachment-id=\"35755\" data-permalink=\"https:\/\/terjebjornstad.com\/no\/terjes-biler\/livet-med-tesla-320x400\/\" data-orig-file=\"https:\/\/i0.wp.com\/terjebjornstad.com\/no\/wp-content\/uploads\/2020\/10\/livet-med-tesla-320x400-1.png?fit=320%2C400&amp;ssl=1\" data-orig-size=\"320,400\" data-comments-opened=\"1\" data-image-meta=\"{&quot;aperture&quot;:&quot;0&quot;,&quot;credit&quot;:&quot;&quot;,&quot;camera&quot;:&quot;&quot;,&quot;caption&quot;:&quot;&quot;,&quot;created_timestamp&quot;:&quot;0&quot;,&quot;copyright&quot;:&quot;&quot;,&quot;focal_length&quot;:&quot;0&quot;,&quot;iso&quot;:&quot;0&quot;,&quot;shutter_speed&quot;:&quot;0&quot;,&quot;title&quot;:&quot;&quot;,&quot;orientation&quot;:&quot;0&quot;}\" data-image-title=\"livet-med-tesla-320&amp;#215;400\" data-image-description=\"\" data-image-caption=\"&lt;p&gt;Livet med Tesla 3&lt;\/p&gt;\n\" data-large-file=\"https:\/\/i0.wp.com\/terjebjornstad.com\/no\/wp-content\/uploads\/2020\/10\/livet-med-tesla-320x400-1.png?fit=320%2C400&amp;ssl=1\" src=\"https:\/\/i0.wp.com\/terjebjornstad.com\/no\/wp-content\/uploads\/2020\/10\/livet-med-tesla-320x400-1.png?resize=150%2C150&#038;ssl=1\" alt=\"terjes biler\" width=\"150\" height=\"150\" class=\"size-thumbnail wp-image-35755\" srcset=\"https:\/\/i0.wp.com\/terjebjornstad.com\/no\/wp-content\/uploads\/2020\/10\/livet-med-tesla-320x400-1.png?resize=150%2C150&amp;ssl=1 150w, https:\/\/i0.wp.com\/terjebjornstad.com\/no\/wp-content\/uploads\/2020\/10\/livet-med-tesla-320x400-1.png?resize=50%2C50&amp;ssl=1 50w, https:\/\/i0.wp.com\/terjebjornstad.com\/no\/wp-content\/uploads\/2020\/10\/livet-med-tesla-320x400-1.png?zoom=2&amp;resize=150%2C150&amp;ssl=1 300w\" sizes=\"auto, (max-width: 150px) 100vw, 150px\" \/><\/a><figcaption id=\"caption-attachment-35755\" class=\"wp-caption-text\">Livet med Tesla 3<\/figcaption><\/figure><\/div>\n","protected":false,"gt_translate_keys":[{"key":"rendered","format":"html"}]},"excerpt":{"rendered":"<p>Det overskygger alle andre egenskaper. Et lekkert utseende, komfortable seter, rikelig plass og krefter i overflod kommer til kort hvis rekkevidden er d\u00e5rlig. &laquo;Rekkevidde, rekkevidde, rekkevidde&raquo; er analogt til boligmarkedets tre B&#8217;er &#8211; &laquo;beliggenhet, beliggenhet og beliggenhet&raquo;. Her kan du bli lurt. Mortensrud blir Nordstrand, Hovseter blir Holmenkollen, &#8211; og hvor langt er ikke et [&hellip;]<\/p>\n","protected":false,"gt_translate_keys":[{"key":"rendered","format":"html"}]},"author":1,"featured_media":37239,"comment_status":"open","ping_status":"open","sticky":false,"template":"","format":"standard","meta":{"_monsterinsights_skip_tracking":false,"_monsterinsights_sitenote_active":false,"_monsterinsights_sitenote_note":"","_monsterinsights_sitenote_category":0,"jetpack_post_was_ever_published":false,"_jetpack_newsletter_access":"","_jetpack_dont_email_post_to_subs":false,"_jetpack_newsletter_tier_id":0,"_jetpack_memberships_contains_paywalled_content":false,"_jetpack_memberships_contains_paid_content":false,"footnotes":"","jetpack_publicize_message":"","jetpack_publicize_feature_enabled":true,"jetpack_social_post_already_shared":true,"jetpack_social_options":{"image_generator_settings":{"template":"highway","default_image_id":0,"font":"","enabled":false},"version":2}},"categories":[34,2137,3208,3235],"tags":[3237,3239,3236,3244,3238,3241,3243,3242,3240],"class_list":["post-37235","post","type-post","status-publish","format-standard","has-post-thumbnail","hentry","category-artikkel","category-elbil","category-euniq-5","category-rekkevidde","tag-maxus-rekkevidde","tag-nedc","tag-rekkevidde-maxus","tag-villedende-rekkevidde","tag-wltp","tag-wltp-bykjoring","tag-wltp-combined","tag-wltp-kombinert","tag-wltp-urban"],"yoast_head":"<!-- This site is optimized with the Yoast SEO plugin v27.5 - https:\/\/yoast.com\/product\/yoast-seo-wordpress\/ -->\n<title>Rekkevidde, rekkevidde og rekkevidde - Terjes biler - Maxus Euniq<\/title>\n<meta name=\"description\" content=\"Maxus Euniq ble lansert med rekkevidde p\u00e5 356 km WLTP - uten \u00e5 opplyse om at det var &quot;WLTP urban&quot;. Korrekt rekkevidde er 260 km WLTP.\" \/>\n<meta name=\"robots\" content=\"index, follow, max-snippet:-1, max-image-preview:large, max-video-preview:-1\" \/>\n<link rel=\"canonical\" href=\"https:\/\/terjebjornstad.com\/no\/2021\/01\/05\/rekkevidde-rekkevidde-og-rekkevidde\/\" \/>\n<meta property=\"og:locale\" content=\"nb_NO\" \/>\n<meta property=\"og:type\" content=\"article\" \/>\n<meta property=\"og:title\" content=\"Rekkevidde, rekkevidde og rekkevidde - Terjes biler - Maxus Euniq\" \/>\n<meta property=\"og:description\" content=\"Maxus Euniq ble lansert med rekkevidde p\u00e5 356 km WLTP - uten \u00e5 opplyse om at det var &quot;WLTP urban&quot;. Korrekt rekkevidde er 260 km WLTP.\" \/>\n<meta property=\"og:url\" content=\"https:\/\/terjebjornstad.com\/no\/2021\/01\/05\/rekkevidde-rekkevidde-og-rekkevidde\/\" \/>\n<meta property=\"og:site_name\" content=\"Terjes biler\" \/>\n<meta property=\"article:publisher\" content=\"https:\/\/www.facebook.com\/terjesbiler\/\" \/>\n<meta property=\"article:author\" content=\"https:\/\/www.facebook.com\/terjesbiler\" \/>\n<meta property=\"article:published_time\" content=\"2021-01-05T22:30:00+00:00\" \/>\n<meta property=\"article:modified_time\" content=\"2026-03-15T01:26:12+00:00\" \/>\n<meta property=\"og:image\" content=\"https:\/\/terjebjornstad.com\/no\/wp-content\/uploads\/2021\/01\/maxus2-686x383-1.png\" \/>\n\t<meta property=\"og:image:width\" content=\"686\" \/>\n\t<meta property=\"og:image:height\" content=\"383\" \/>\n\t<meta property=\"og:image:type\" content=\"image\/png\" \/>\n<meta name=\"author\" content=\"Terje Bj\u00f8rnstad\" \/>\n<meta name=\"twitter:card\" content=\"summary_large_image\" \/>\n<meta name=\"twitter:label1\" content=\"Skrevet av\" \/>\n\t<meta name=\"twitter:data1\" content=\"Terje Bj\u00f8rnstad\" \/>\n\t<meta name=\"twitter:label2\" content=\"Ansl. lesetid\" \/>\n\t<meta name=\"twitter:data2\" content=\"9 minutter\" \/>\n<script type=\"application\/ld+json\" class=\"yoast-schema-graph\">{\"@context\":\"https:\\\/\\\/schema.org\",\"@graph\":[{\"@type\":\"Article\",\"@id\":\"https:\\\/\\\/terjebjornstad.com\\\/no\\\/2021\\\/01\\\/05\\\/rekkevidde-rekkevidde-og-rekkevidde\\\/#article\",\"isPartOf\":{\"@id\":\"https:\\\/\\\/terjebjornstad.com\\\/no\\\/2021\\\/01\\\/05\\\/rekkevidde-rekkevidde-og-rekkevidde\\\/\"},\"author\":{\"name\":\"Terje Bj\u00f8rnstad\",\"@id\":\"https:\\\/\\\/terjebjornstad.com\\\/no\\\/#\\\/schema\\\/person\\\/a281f6a6e0f3cc9fe468e7f0c655aa65\"},\"headline\":\"Rekkevidde, rekkevidde og rekkevidde\",\"datePublished\":\"2021-01-05T22:30:00+00:00\",\"dateModified\":\"2026-03-15T01:26:12+00:00\",\"mainEntityOfPage\":{\"@id\":\"https:\\\/\\\/terjebjornstad.com\\\/no\\\/2021\\\/01\\\/05\\\/rekkevidde-rekkevidde-og-rekkevidde\\\/\"},\"wordCount\":1480,\"commentCount\":0,\"publisher\":{\"@id\":\"https:\\\/\\\/terjebjornstad.com\\\/no\\\/#organization\"},\"image\":{\"@id\":\"https:\\\/\\\/terjebjornstad.com\\\/no\\\/2021\\\/01\\\/05\\\/rekkevidde-rekkevidde-og-rekkevidde\\\/#primaryimage\"},\"thumbnailUrl\":\"https:\\\/\\\/i0.wp.com\\\/terjebjornstad.com\\\/no\\\/wp-content\\\/uploads\\\/2021\\\/01\\\/maxus2-686x383-1.png?fit=686%2C383&ssl=1\",\"keywords\":[\"maxus rekkevidde\",\"nedc\",\"rekkevidde maxus\",\"villedende rekkevidde\",\"wltp\",\"wltp bykj\u00f8ring\",\"wltp combined\",\"wltp kombinert\",\"wltp urban\"],\"articleSection\":[\"Artikkel\",\"Elbil\",\"Euniq 5\",\"Rekkevidde\"],\"inLanguage\":\"nb-NO\",\"potentialAction\":[{\"@type\":\"CommentAction\",\"name\":\"Comment\",\"target\":[\"https:\\\/\\\/terjebjornstad.com\\\/no\\\/2021\\\/01\\\/05\\\/rekkevidde-rekkevidde-og-rekkevidde\\\/#respond\"]}]},{\"@type\":\"WebPage\",\"@id\":\"https:\\\/\\\/terjebjornstad.com\\\/no\\\/2021\\\/01\\\/05\\\/rekkevidde-rekkevidde-og-rekkevidde\\\/\",\"url\":\"https:\\\/\\\/terjebjornstad.com\\\/no\\\/2021\\\/01\\\/05\\\/rekkevidde-rekkevidde-og-rekkevidde\\\/\",\"name\":\"Rekkevidde, rekkevidde og rekkevidde - Terjes biler - Maxus Euniq\",\"isPartOf\":{\"@id\":\"https:\\\/\\\/terjebjornstad.com\\\/no\\\/#website\"},\"primaryImageOfPage\":{\"@id\":\"https:\\\/\\\/terjebjornstad.com\\\/no\\\/2021\\\/01\\\/05\\\/rekkevidde-rekkevidde-og-rekkevidde\\\/#primaryimage\"},\"image\":{\"@id\":\"https:\\\/\\\/terjebjornstad.com\\\/no\\\/2021\\\/01\\\/05\\\/rekkevidde-rekkevidde-og-rekkevidde\\\/#primaryimage\"},\"thumbnailUrl\":\"https:\\\/\\\/i0.wp.com\\\/terjebjornstad.com\\\/no\\\/wp-content\\\/uploads\\\/2021\\\/01\\\/maxus2-686x383-1.png?fit=686%2C383&ssl=1\",\"datePublished\":\"2021-01-05T22:30:00+00:00\",\"dateModified\":\"2026-03-15T01:26:12+00:00\",\"description\":\"Maxus Euniq ble lansert med rekkevidde p\u00e5 356 km WLTP - uten \u00e5 opplyse om at det var \\\"WLTP urban\\\". Korrekt rekkevidde er 260 km WLTP.\",\"breadcrumb\":{\"@id\":\"https:\\\/\\\/terjebjornstad.com\\\/no\\\/2021\\\/01\\\/05\\\/rekkevidde-rekkevidde-og-rekkevidde\\\/#breadcrumb\"},\"inLanguage\":\"nb-NO\",\"potentialAction\":[{\"@type\":\"ReadAction\",\"target\":[\"https:\\\/\\\/terjebjornstad.com\\\/no\\\/2021\\\/01\\\/05\\\/rekkevidde-rekkevidde-og-rekkevidde\\\/\"]}]},{\"@type\":\"ImageObject\",\"inLanguage\":\"nb-NO\",\"@id\":\"https:\\\/\\\/terjebjornstad.com\\\/no\\\/2021\\\/01\\\/05\\\/rekkevidde-rekkevidde-og-rekkevidde\\\/#primaryimage\",\"url\":\"https:\\\/\\\/i0.wp.com\\\/terjebjornstad.com\\\/no\\\/wp-content\\\/uploads\\\/2021\\\/01\\\/maxus2-686x383-1.png?fit=686%2C383&ssl=1\",\"contentUrl\":\"https:\\\/\\\/i0.wp.com\\\/terjebjornstad.com\\\/no\\\/wp-content\\\/uploads\\\/2021\\\/01\\\/maxus2-686x383-1.png?fit=686%2C383&ssl=1\",\"width\":686,\"height\":383,\"caption\":\"Rekkevidde, rekkevidde...\"},{\"@type\":\"BreadcrumbList\",\"@id\":\"https:\\\/\\\/terjebjornstad.com\\\/no\\\/2021\\\/01\\\/05\\\/rekkevidde-rekkevidde-og-rekkevidde\\\/#breadcrumb\",\"itemListElement\":[{\"@type\":\"ListItem\",\"position\":1,\"name\":\"Hjem\",\"item\":\"https:\\\/\\\/terjebjornstad.com\\\/no\\\/\"},{\"@type\":\"ListItem\",\"position\":2,\"name\":\"Rekkevidde, rekkevidde og rekkevidde\"}]},{\"@type\":\"WebSite\",\"@id\":\"https:\\\/\\\/terjebjornstad.com\\\/no\\\/#website\",\"url\":\"https:\\\/\\\/terjebjornstad.com\\\/no\\\/\",\"name\":\"Terjes biler\",\"description\":\"HONEST ABOUT CARS\",\"publisher\":{\"@id\":\"https:\\\/\\\/terjebjornstad.com\\\/no\\\/#organization\"},\"alternateName\":\"Terjebjornstad.com\",\"potentialAction\":[{\"@type\":\"SearchAction\",\"target\":{\"@type\":\"EntryPoint\",\"urlTemplate\":\"https:\\\/\\\/terjebjornstad.com\\\/no\\\/?s={search_term_string}\"},\"query-input\":{\"@type\":\"PropertyValueSpecification\",\"valueRequired\":true,\"valueName\":\"search_term_string\"}}],\"inLanguage\":\"nb-NO\"},{\"@type\":\"Organization\",\"@id\":\"https:\\\/\\\/terjebjornstad.com\\\/no\\\/#organization\",\"name\":\"Terje Bj\u00f8rnstad ENK\",\"url\":\"https:\\\/\\\/terjebjornstad.com\\\/no\\\/\",\"logo\":{\"@type\":\"ImageObject\",\"inLanguage\":\"nb-NO\",\"@id\":\"https:\\\/\\\/terjebjornstad.com\\\/no\\\/#\\\/schema\\\/logo\\\/image\\\/\",\"url\":\"https:\\\/\\\/i0.wp.com\\\/terjebjornstad.com\\\/no\\\/wp-content\\\/uploads\\\/2026\\\/02\\\/terjesbiler2024-960x354-1.png?fit=960%2C354&ssl=1\",\"contentUrl\":\"https:\\\/\\\/i0.wp.com\\\/terjebjornstad.com\\\/no\\\/wp-content\\\/uploads\\\/2026\\\/02\\\/terjesbiler2024-960x354-1.png?fit=960%2C354&ssl=1\",\"width\":960,\"height\":354,\"caption\":\"Terje Bj\u00f8rnstad ENK\"},\"image\":{\"@id\":\"https:\\\/\\\/terjebjornstad.com\\\/no\\\/#\\\/schema\\\/logo\\\/image\\\/\"},\"sameAs\":[\"https:\\\/\\\/www.facebook.com\\\/terjesbiler\\\/\",\"https:\\\/\\\/www.instagram.com\\\/terjesbiler\\\/\",\"https:\\\/\\\/www.pinteres.com\\\/terjebjrnstad\\\/terjes-biler\\\/\"]},{\"@type\":\"Person\",\"@id\":\"https:\\\/\\\/terjebjornstad.com\\\/no\\\/#\\\/schema\\\/person\\\/a281f6a6e0f3cc9fe468e7f0c655aa65\",\"name\":\"Terje Bj\u00f8rnstad\",\"image\":{\"@type\":\"ImageObject\",\"inLanguage\":\"nb-NO\",\"@id\":\"https:\\\/\\\/secure.gravatar.com\\\/avatar\\\/e8dff505b51cf6cb67ae06a06022d2049aac2da1e79dc146a36b58798c4b40ea?s=96&d=mm&r=g\",\"url\":\"https:\\\/\\\/secure.gravatar.com\\\/avatar\\\/e8dff505b51cf6cb67ae06a06022d2049aac2da1e79dc146a36b58798c4b40ea?s=96&d=mm&r=g\",\"contentUrl\":\"https:\\\/\\\/secure.gravatar.com\\\/avatar\\\/e8dff505b51cf6cb67ae06a06022d2049aac2da1e79dc146a36b58798c4b40ea?s=96&d=mm&r=g\",\"caption\":\"Terje Bj\u00f8rnstad\"},\"description\":\"Terje Bj\u00f8rnstad. Bloggadministrator, hobbyfotograf og bilnerd.\",\"sameAs\":[\"https:\\\/\\\/www.facebook.com\\\/terjesbiler\",\"https:\\\/\\\/www.instagram.com\\\/terjesbiler\",\"https:\\\/\\\/no.pinterest.com\\\/terjebjrnstad\",\"https:\\\/\\\/www.youtube.com\\\/channel\\\/UCzCKJJDybyIgKqatc_JQqIg\"]}]}<\/script>\n<!-- \/ Yoast SEO plugin. -->","yoast_head_json":{"title":"Rekkevidde, rekkevidde og rekkevidde - Terjes biler - Maxus Euniq","description":"Maxus Euniq ble lansert med rekkevidde p\u00e5 356 km WLTP - uten \u00e5 opplyse om at det var \"WLTP urban\". Korrekt rekkevidde er 260 km WLTP.","robots":{"index":"index","follow":"follow","max-snippet":"max-snippet:-1","max-image-preview":"max-image-preview:large","max-video-preview":"max-video-preview:-1"},"canonical":"https:\/\/terjebjornstad.com\/no\/2021\/01\/05\/rekkevidde-rekkevidde-og-rekkevidde\/","og_locale":"nb_NO","og_type":"article","og_title":"Rekkevidde, rekkevidde og rekkevidde - Terjes biler - Maxus Euniq","og_description":"Maxus Euniq ble lansert med rekkevidde p\u00e5 356 km WLTP - uten \u00e5 opplyse om at det var \"WLTP urban\". Korrekt rekkevidde er 260 km WLTP.","og_url":"https:\/\/terjebjornstad.com\/no\/2021\/01\/05\/rekkevidde-rekkevidde-og-rekkevidde\/","og_site_name":"Terjes biler","article_publisher":"https:\/\/www.facebook.com\/terjesbiler\/","article_author":"https:\/\/www.facebook.com\/terjesbiler","article_published_time":"2021-01-05T22:30:00+00:00","article_modified_time":"2026-03-15T01:26:12+00:00","og_image":[{"width":686,"height":383,"url":"https:\/\/terjebjornstad.com\/no\/wp-content\/uploads\/2021\/01\/maxus2-686x383-1.png","type":"image\/png"}],"author":"Terje Bj\u00f8rnstad","twitter_card":"summary_large_image","twitter_misc":{"Skrevet av":"Terje Bj\u00f8rnstad","Ansl. lesetid":"9 minutter"},"schema":{"@context":"https:\/\/schema.org","@graph":[{"@type":"Article","@id":"https:\/\/terjebjornstad.com\/no\/2021\/01\/05\/rekkevidde-rekkevidde-og-rekkevidde\/#article","isPartOf":{"@id":"https:\/\/terjebjornstad.com\/no\/2021\/01\/05\/rekkevidde-rekkevidde-og-rekkevidde\/"},"author":{"name":"Terje Bj\u00f8rnstad","@id":"https:\/\/terjebjornstad.com\/no\/#\/schema\/person\/a281f6a6e0f3cc9fe468e7f0c655aa65"},"headline":"Rekkevidde, rekkevidde og rekkevidde","datePublished":"2021-01-05T22:30:00+00:00","dateModified":"2026-03-15T01:26:12+00:00","mainEntityOfPage":{"@id":"https:\/\/terjebjornstad.com\/no\/2021\/01\/05\/rekkevidde-rekkevidde-og-rekkevidde\/"},"wordCount":1480,"commentCount":0,"publisher":{"@id":"https:\/\/terjebjornstad.com\/no\/#organization"},"image":{"@id":"https:\/\/terjebjornstad.com\/no\/2021\/01\/05\/rekkevidde-rekkevidde-og-rekkevidde\/#primaryimage"},"thumbnailUrl":"https:\/\/i0.wp.com\/terjebjornstad.com\/no\/wp-content\/uploads\/2021\/01\/maxus2-686x383-1.png?fit=686%2C383&ssl=1","keywords":["maxus rekkevidde","nedc","rekkevidde maxus","villedende rekkevidde","wltp","wltp bykj\u00f8ring","wltp combined","wltp kombinert","wltp urban"],"articleSection":["Artikkel","Elbil","Euniq 5","Rekkevidde"],"inLanguage":"nb-NO","potentialAction":[{"@type":"CommentAction","name":"Comment","target":["https:\/\/terjebjornstad.com\/no\/2021\/01\/05\/rekkevidde-rekkevidde-og-rekkevidde\/#respond"]}]},{"@type":"WebPage","@id":"https:\/\/terjebjornstad.com\/no\/2021\/01\/05\/rekkevidde-rekkevidde-og-rekkevidde\/","url":"https:\/\/terjebjornstad.com\/no\/2021\/01\/05\/rekkevidde-rekkevidde-og-rekkevidde\/","name":"Rekkevidde, rekkevidde og rekkevidde - Terjes biler - Maxus Euniq","isPartOf":{"@id":"https:\/\/terjebjornstad.com\/no\/#website"},"primaryImageOfPage":{"@id":"https:\/\/terjebjornstad.com\/no\/2021\/01\/05\/rekkevidde-rekkevidde-og-rekkevidde\/#primaryimage"},"image":{"@id":"https:\/\/terjebjornstad.com\/no\/2021\/01\/05\/rekkevidde-rekkevidde-og-rekkevidde\/#primaryimage"},"thumbnailUrl":"https:\/\/i0.wp.com\/terjebjornstad.com\/no\/wp-content\/uploads\/2021\/01\/maxus2-686x383-1.png?fit=686%2C383&ssl=1","datePublished":"2021-01-05T22:30:00+00:00","dateModified":"2026-03-15T01:26:12+00:00","description":"Maxus Euniq ble lansert med rekkevidde p\u00e5 356 km WLTP - uten \u00e5 opplyse om at det var \"WLTP urban\". Korrekt rekkevidde er 260 km WLTP.","breadcrumb":{"@id":"https:\/\/terjebjornstad.com\/no\/2021\/01\/05\/rekkevidde-rekkevidde-og-rekkevidde\/#breadcrumb"},"inLanguage":"nb-NO","potentialAction":[{"@type":"ReadAction","target":["https:\/\/terjebjornstad.com\/no\/2021\/01\/05\/rekkevidde-rekkevidde-og-rekkevidde\/"]}]},{"@type":"ImageObject","inLanguage":"nb-NO","@id":"https:\/\/terjebjornstad.com\/no\/2021\/01\/05\/rekkevidde-rekkevidde-og-rekkevidde\/#primaryimage","url":"https:\/\/i0.wp.com\/terjebjornstad.com\/no\/wp-content\/uploads\/2021\/01\/maxus2-686x383-1.png?fit=686%2C383&ssl=1","contentUrl":"https:\/\/i0.wp.com\/terjebjornstad.com\/no\/wp-content\/uploads\/2021\/01\/maxus2-686x383-1.png?fit=686%2C383&ssl=1","width":686,"height":383,"caption":"Rekkevidde, rekkevidde..."},{"@type":"BreadcrumbList","@id":"https:\/\/terjebjornstad.com\/no\/2021\/01\/05\/rekkevidde-rekkevidde-og-rekkevidde\/#breadcrumb","itemListElement":[{"@type":"ListItem","position":1,"name":"Hjem","item":"https:\/\/terjebjornstad.com\/no\/"},{"@type":"ListItem","position":2,"name":"Rekkevidde, rekkevidde og rekkevidde"}]},{"@type":"WebSite","@id":"https:\/\/terjebjornstad.com\/no\/#website","url":"https:\/\/terjebjornstad.com\/no\/","name":"Terjes biler","description":"HONEST ABOUT CARS","publisher":{"@id":"https:\/\/terjebjornstad.com\/no\/#organization"},"alternateName":"Terjebjornstad.com","potentialAction":[{"@type":"SearchAction","target":{"@type":"EntryPoint","urlTemplate":"https:\/\/terjebjornstad.com\/no\/?s={search_term_string}"},"query-input":{"@type":"PropertyValueSpecification","valueRequired":true,"valueName":"search_term_string"}}],"inLanguage":"nb-NO"},{"@type":"Organization","@id":"https:\/\/terjebjornstad.com\/no\/#organization","name":"Terje Bj\u00f8rnstad ENK","url":"https:\/\/terjebjornstad.com\/no\/","logo":{"@type":"ImageObject","inLanguage":"nb-NO","@id":"https:\/\/terjebjornstad.com\/no\/#\/schema\/logo\/image\/","url":"https:\/\/i0.wp.com\/terjebjornstad.com\/no\/wp-content\/uploads\/2026\/02\/terjesbiler2024-960x354-1.png?fit=960%2C354&ssl=1","contentUrl":"https:\/\/i0.wp.com\/terjebjornstad.com\/no\/wp-content\/uploads\/2026\/02\/terjesbiler2024-960x354-1.png?fit=960%2C354&ssl=1","width":960,"height":354,"caption":"Terje Bj\u00f8rnstad ENK"},"image":{"@id":"https:\/\/terjebjornstad.com\/no\/#\/schema\/logo\/image\/"},"sameAs":["https:\/\/www.facebook.com\/terjesbiler\/","https:\/\/www.instagram.com\/terjesbiler\/","https:\/\/www.pinteres.com\/terjebjrnstad\/terjes-biler\/"]},{"@type":"Person","@id":"https:\/\/terjebjornstad.com\/no\/#\/schema\/person\/a281f6a6e0f3cc9fe468e7f0c655aa65","name":"Terje Bj\u00f8rnstad","image":{"@type":"ImageObject","inLanguage":"nb-NO","@id":"https:\/\/secure.gravatar.com\/avatar\/e8dff505b51cf6cb67ae06a06022d2049aac2da1e79dc146a36b58798c4b40ea?s=96&d=mm&r=g","url":"https:\/\/secure.gravatar.com\/avatar\/e8dff505b51cf6cb67ae06a06022d2049aac2da1e79dc146a36b58798c4b40ea?s=96&d=mm&r=g","contentUrl":"https:\/\/secure.gravatar.com\/avatar\/e8dff505b51cf6cb67ae06a06022d2049aac2da1e79dc146a36b58798c4b40ea?s=96&d=mm&r=g","caption":"Terje Bj\u00f8rnstad"},"description":"Terje Bj\u00f8rnstad. Bloggadministrator, hobbyfotograf og bilnerd.","sameAs":["https:\/\/www.facebook.com\/terjesbiler","https:\/\/www.instagram.com\/terjesbiler","https:\/\/no.pinterest.com\/terjebjrnstad","https:\/\/www.youtube.com\/channel\/UCzCKJJDybyIgKqatc_JQqIg"]}]}},"jetpack_publicize_connections":[],"jetpack_featured_media_url":"https:\/\/i0.wp.com\/terjebjornstad.com\/no\/wp-content\/uploads\/2021\/01\/maxus2-686x383-1.png?fit=686%2C383&ssl=1","jetpack_sharing_enabled":true,"jetpack_shortlink":"https:\/\/wp.me\/p48zYA-9Gz","jetpack-related-posts":[{"id":37045,"url":"https:\/\/terjebjornstad.com\/no\/2020\/12\/27\/kineserne-kommer\/","url_meta":{"origin":37235,"position":0},"title":"Kineserne kommer!","author":"Terje Bj\u00f8rnstad","date":"27\/12\/2020","format":false,"excerpt":"Kinas \"New Energy\" tvinger kinesiske bilprodusenter over p\u00e5 ladbare biler. Omstillingen av kj\u00f8ret\u00f8yparken i Norge gj\u00f8r at nye kinesiske elbiler finner veien hit forut for andre vestlige land. \u00a0 Made in China Det er ikke sikkert forhandlerne opplyser om at nye BMW iX3 blir produsert av Brilliance i Shenyang eller\u2026","rel":"","context":"i &quot;Artikkel&quot;","block_context":{"text":"Artikkel","link":"https:\/\/terjebjornstad.com\/no\/category\/artikkel\/"},"img":{"alt_text":"elbiler fra kina","src":"https:\/\/i0.wp.com\/terjebjornstad.com\/no\/wp-content\/uploads\/2020\/12\/42-DFSK-5-1080x401-1.png?fit=1080%2C401&ssl=1&resize=350%2C200","width":350,"height":200,"srcset":"https:\/\/i0.wp.com\/terjebjornstad.com\/no\/wp-content\/uploads\/2020\/12\/42-DFSK-5-1080x401-1.png?fit=1080%2C401&ssl=1&resize=350%2C200 1x, https:\/\/i0.wp.com\/terjebjornstad.com\/no\/wp-content\/uploads\/2020\/12\/42-DFSK-5-1080x401-1.png?fit=1080%2C401&ssl=1&resize=525%2C300 1.5x, https:\/\/i0.wp.com\/terjebjornstad.com\/no\/wp-content\/uploads\/2020\/12\/42-DFSK-5-1080x401-1.png?fit=1080%2C401&ssl=1&resize=700%2C400 2x, https:\/\/i0.wp.com\/terjebjornstad.com\/no\/wp-content\/uploads\/2020\/12\/42-DFSK-5-1080x401-1.png?fit=1080%2C401&ssl=1&resize=1050%2C600 3x"},"classes":[]},{"id":46863,"url":"https:\/\/terjebjornstad.com\/no\/2022\/02\/19\/aerodynamikk-og-forbruk\/","url_meta":{"origin":37235,"position":1},"title":"H\u00f8ybygget  eller lavbygget elbil?","author":"Terje Bj\u00f8rnstad","date":"19\/02\/2022","format":false,"excerpt":"Nye el-SUV'er oser ikke akkurat av aerodynamikk, men men skal ikke skue hunden p\u00e5 h\u00e5rene. Under er det bilde av helt ny h\u00f8ybygget bil og et 20 \u00e5r gammelt aerodynamisk vidunder for sin tid. De to bilene har utrolig nok samme Cw-verdi. \u00a0 \u00a0 NEDENST\u00c5ENDE AVSNITT ER UNDER OMSKRIVNING DA\u2026","rel":"","context":"i &quot;Elbil&quot;","block_context":{"text":"Elbil","link":"https:\/\/terjebjornstad.com\/no\/category\/elbil\/"},"img":{"alt_text":"","src":"https:\/\/i0.wp.com\/terjebjornstad.com\/no\/wp-content\/uploads\/2022\/02\/cw-1080x381-1.png?fit=1080%2C381&ssl=1&resize=350%2C200","width":350,"height":200,"srcset":"https:\/\/i0.wp.com\/terjebjornstad.com\/no\/wp-content\/uploads\/2022\/02\/cw-1080x381-1.png?fit=1080%2C381&ssl=1&resize=350%2C200 1x, https:\/\/i0.wp.com\/terjebjornstad.com\/no\/wp-content\/uploads\/2022\/02\/cw-1080x381-1.png?fit=1080%2C381&ssl=1&resize=525%2C300 1.5x, https:\/\/i0.wp.com\/terjebjornstad.com\/no\/wp-content\/uploads\/2022\/02\/cw-1080x381-1.png?fit=1080%2C381&ssl=1&resize=700%2C400 2x, https:\/\/i0.wp.com\/terjebjornstad.com\/no\/wp-content\/uploads\/2022\/02\/cw-1080x381-1.png?fit=1080%2C381&ssl=1&resize=1050%2C600 3x"},"classes":[]},{"id":33962,"url":"https:\/\/terjebjornstad.com\/no\/2020\/07\/25\/tesla-mot-rokla\/","url_meta":{"origin":37235,"position":2},"title":"Tesla mot &laquo;r\u00f8kla&raquo;","author":"Terje Bj\u00f8rnstad","date":"25\/07\/2020","format":false,"excerpt":"I jakten p\u00e5 ny reportasjebil falt valget i dag p\u00e5 Tesla Model 3 Long Range. Det skal godt gj\u00f8res ikke \u00e5 velge Tesla n\u00e5r man skal kj\u00f8re elbil til Frankrike. Har vegglader - s\u00f8ker bil Har du egen vegglader, kan du kj\u00f8re billig med ladbare biler. Fruen i huset mente\u2026","rel":"","context":"i &quot;Artikkel&quot;","block_context":{"text":"Artikkel","link":"https:\/\/terjebjornstad.com\/no\/category\/artikkel\/"},"img":{"alt_text":"tesla 3","src":"https:\/\/i0.wp.com\/terjebjornstad.com\/no\/wp-content\/uploads\/2020\/07\/tesla-3-4-1080x720-1.png?fit=1080%2C720&ssl=1&resize=350%2C200","width":350,"height":200,"srcset":"https:\/\/i0.wp.com\/terjebjornstad.com\/no\/wp-content\/uploads\/2020\/07\/tesla-3-4-1080x720-1.png?fit=1080%2C720&ssl=1&resize=350%2C200 1x, https:\/\/i0.wp.com\/terjebjornstad.com\/no\/wp-content\/uploads\/2020\/07\/tesla-3-4-1080x720-1.png?fit=1080%2C720&ssl=1&resize=525%2C300 1.5x, https:\/\/i0.wp.com\/terjebjornstad.com\/no\/wp-content\/uploads\/2020\/07\/tesla-3-4-1080x720-1.png?fit=1080%2C720&ssl=1&resize=700%2C400 2x, https:\/\/i0.wp.com\/terjebjornstad.com\/no\/wp-content\/uploads\/2020\/07\/tesla-3-4-1080x720-1.png?fit=1080%2C720&ssl=1&resize=1050%2C600 3x"},"classes":[]},{"id":27381,"url":"https:\/\/terjebjornstad.com\/no\/2019\/11\/05\/alle-gode-ting-er-3\/","url_meta":{"origin":37235,"position":3},"title":"Alle gode ting er 3","author":"Terje Bj\u00f8rnstad","date":"05\/11\/2019","format":false,"excerpt":"Vi har sagt det tidligere: Ladbare biler kan falle fort i verdi. Ikke fordi den gamle er d\u00e5rlig, men fordi den nye er s\u00e5 mye bedre. Gamle e-Golf med 35,8 KWh batteri er ingen d\u00e5rlig bil Den har rekkevidde p\u00e5 230 km (WLTP) - men kan g\u00e5 lengere hvis du\u2026","rel":"","context":"i &quot;Artikkel&quot;","block_context":{"text":"Artikkel","link":"https:\/\/terjebjornstad.com\/no\/category\/artikkel\/"},"img":{"alt_text":"","src":"https:\/\/i0.wp.com\/terjebjornstad.com\/no\/wp-content\/uploads\/2019\/11\/oms-vw-id3-1st-4-1080x720.png?fit=1080%2C720&ssl=1&resize=350%2C200","width":350,"height":200,"srcset":"https:\/\/i0.wp.com\/terjebjornstad.com\/no\/wp-content\/uploads\/2019\/11\/oms-vw-id3-1st-4-1080x720.png?fit=1080%2C720&ssl=1&resize=350%2C200 1x, https:\/\/i0.wp.com\/terjebjornstad.com\/no\/wp-content\/uploads\/2019\/11\/oms-vw-id3-1st-4-1080x720.png?fit=1080%2C720&ssl=1&resize=525%2C300 1.5x, https:\/\/i0.wp.com\/terjebjornstad.com\/no\/wp-content\/uploads\/2019\/11\/oms-vw-id3-1st-4-1080x720.png?fit=1080%2C720&ssl=1&resize=700%2C400 2x, https:\/\/i0.wp.com\/terjebjornstad.com\/no\/wp-content\/uploads\/2019\/11\/oms-vw-id3-1st-4-1080x720.png?fit=1080%2C720&ssl=1&resize=1050%2C600 3x"},"classes":[]},{"id":37377,"url":"https:\/\/terjebjornstad.com\/no\/2021\/01\/14\/den-mest-brukbare-lille-kassebilen\/","url_meta":{"origin":37235,"position":4},"title":"Den mest brukbare lille kassebilen","author":"Terje Bj\u00f8rnstad","date":"14\/01\/2021","format":false,"excerpt":"Nissan e-NV200 40 kwh er ikke verdens beste elbil, men forel\u00f8pig den mest brukbare lille kassebilen med hensyn til rekkevidde. Vi har tilbragt en kald vinterdag med den.\u00a0 F\u00f8rst i Norge Forel\u00f8pig er ikke utvalget av sm\u00e5 elektriske kassebiler s\u00e6rlig stort. De gamle er fortsatt eldst, - Renault Kangoo og\u2026","rel":"","context":"i &quot;Artikkel&quot;","block_context":{"text":"Artikkel","link":"https:\/\/terjebjornstad.com\/no\/category\/artikkel\/"},"img":{"alt_text":"","src":"https:\/\/i0.wp.com\/terjebjornstad.com\/no\/wp-content\/uploads\/2021\/01\/1-nissan-env200-6-1080x720-1.png?fit=1080%2C720&ssl=1&resize=350%2C200","width":350,"height":200,"srcset":"https:\/\/i0.wp.com\/terjebjornstad.com\/no\/wp-content\/uploads\/2021\/01\/1-nissan-env200-6-1080x720-1.png?fit=1080%2C720&ssl=1&resize=350%2C200 1x, https:\/\/i0.wp.com\/terjebjornstad.com\/no\/wp-content\/uploads\/2021\/01\/1-nissan-env200-6-1080x720-1.png?fit=1080%2C720&ssl=1&resize=525%2C300 1.5x, https:\/\/i0.wp.com\/terjebjornstad.com\/no\/wp-content\/uploads\/2021\/01\/1-nissan-env200-6-1080x720-1.png?fit=1080%2C720&ssl=1&resize=700%2C400 2x, https:\/\/i0.wp.com\/terjebjornstad.com\/no\/wp-content\/uploads\/2021\/01\/1-nissan-env200-6-1080x720-1.png?fit=1080%2C720&ssl=1&resize=1050%2C600 3x"},"classes":[]},{"id":22841,"url":"https:\/\/terjebjornstad.com\/no\/2019\/04\/13\/hyundai-kona-electric\/","url_meta":{"origin":37235,"position":5},"title":"Hyundai Kona Electric","author":"Terje Bj\u00f8rnstad","date":"13\/04\/2019","format":false,"excerpt":"- Glem de andre elbilene! Tanken streifet meg da jeg hadde passert 100 km. Niv\u00e5et p\u00e5 batteriene hadde knapt minket. For elbiler er det \u00e9n ting som gjelder mer enn noe annet: Rekkevidde. Ser vi bort fra Tesla-klassen, er det kun tre biler som tilbyr rekkevidde til hytta i Gudbrandsdalen\u2026","rel":"","context":"i &quot;Artikkel&quot;","block_context":{"text":"Artikkel","link":"https:\/\/terjebjornstad.com\/no\/category\/artikkel\/"},"img":{"alt_text":"","src":"https:\/\/i0.wp.com\/terjebjornstad.com\/no\/wp-content\/uploads\/2019\/04\/hyundai-kona-4-1080x720.png?fit=1080%2C720&ssl=1&resize=350%2C200","width":350,"height":200,"srcset":"https:\/\/i0.wp.com\/terjebjornstad.com\/no\/wp-content\/uploads\/2019\/04\/hyundai-kona-4-1080x720.png?fit=1080%2C720&ssl=1&resize=350%2C200 1x, https:\/\/i0.wp.com\/terjebjornstad.com\/no\/wp-content\/uploads\/2019\/04\/hyundai-kona-4-1080x720.png?fit=1080%2C720&ssl=1&resize=525%2C300 1.5x, https:\/\/i0.wp.com\/terjebjornstad.com\/no\/wp-content\/uploads\/2019\/04\/hyundai-kona-4-1080x720.png?fit=1080%2C720&ssl=1&resize=700%2C400 2x, https:\/\/i0.wp.com\/terjebjornstad.com\/no\/wp-content\/uploads\/2019\/04\/hyundai-kona-4-1080x720.png?fit=1080%2C720&ssl=1&resize=1050%2C600 3x"},"classes":[]}],"gt_translate_keys":[{"key":"link","format":"url"}],"_links":{"self":[{"href":"https:\/\/terjebjornstad.com\/no\/wp-json\/wp\/v2\/posts\/37235","targetHints":{"allow":["GET"]}}],"collection":[{"href":"https:\/\/terjebjornstad.com\/no\/wp-json\/wp\/v2\/posts"}],"about":[{"href":"https:\/\/terjebjornstad.com\/no\/wp-json\/wp\/v2\/types\/post"}],"author":[{"embeddable":true,"href":"https:\/\/terjebjornstad.com\/no\/wp-json\/wp\/v2\/users\/1"}],"replies":[{"embeddable":true,"href":"https:\/\/terjebjornstad.com\/no\/wp-json\/wp\/v2\/comments?post=37235"}],"version-history":[{"count":52,"href":"https:\/\/terjebjornstad.com\/no\/wp-json\/wp\/v2\/posts\/37235\/revisions"}],"predecessor-version":[{"id":91161,"href":"https:\/\/terjebjornstad.com\/no\/wp-json\/wp\/v2\/posts\/37235\/revisions\/91161"}],"wp:featuredmedia":[{"embeddable":true,"href":"https:\/\/terjebjornstad.com\/no\/wp-json\/wp\/v2\/media\/37239"}],"wp:attachment":[{"href":"https:\/\/terjebjornstad.com\/no\/wp-json\/wp\/v2\/media?parent=37235"}],"wp:term":[{"taxonomy":"category","embeddable":true,"href":"https:\/\/terjebjornstad.com\/no\/wp-json\/wp\/v2\/categories?post=37235"},{"taxonomy":"post_tag","embeddable":true,"href":"https:\/\/terjebjornstad.com\/no\/wp-json\/wp\/v2\/tags?post=37235"}],"curies":[{"name":"wp","href":"https:\/\/api.w.org\/{rel}","templated":true}]}}