{"id":36833,"date":"2020-12-18T00:50:44","date_gmt":"2020-12-18T00:50:44","guid":{"rendered":"https:\/\/terjebjornstad.com\/no\/?p=36833"},"modified":"2026-03-18T12:53:28","modified_gmt":"2026-03-18T11:53:28","slug":"bilruten-skien-porsgrund","status":"publish","type":"post","link":"https:\/\/terjebjornstad.com\/no\/2020\/12\/18\/bilruten-skien-porsgrund\/","title":{"rendered":"Bilruten Skien &#8211; Porsgrund","gt_translate_keys":[{"key":"rendered","format":"text"}]},"content":{"rendered":"<div class=\"copy_teb\"><figure id=\"attachment_36842\" aria-describedby=\"caption-attachment-36842\" style=\"width: 2160px\" class=\"wp-caption aligncenter\"><a href=\"https:\/\/i0.wp.com\/terjebjornstad.com\/no\/wp-content\/uploads\/2020\/12\/1-skien-porsgrund-2160x881-1.png?ssl=1\"><img data-recalc-dims=\"1\" loading=\"lazy\" decoding=\"async\" data-attachment-id=\"36842\" data-permalink=\"https:\/\/terjebjornstad.com\/no\/2020\/12\/18\/bilruten-skien-porsgrund\/1-skien-porsgrund-2160x881\/\" data-orig-file=\"https:\/\/i0.wp.com\/terjebjornstad.com\/no\/wp-content\/uploads\/2020\/12\/1-skien-porsgrund-2160x881-1.png?fit=2160%2C881&amp;ssl=1\" data-orig-size=\"2160,881\" data-comments-opened=\"1\" data-image-meta=\"{&quot;aperture&quot;:&quot;0&quot;,&quot;credit&quot;:&quot;&quot;,&quot;camera&quot;:&quot;&quot;,&quot;caption&quot;:&quot;&quot;,&quot;created_timestamp&quot;:&quot;0&quot;,&quot;copyright&quot;:&quot;&quot;,&quot;focal_length&quot;:&quot;0&quot;,&quot;iso&quot;:&quot;0&quot;,&quot;shutter_speed&quot;:&quot;0&quot;,&quot;title&quot;:&quot;&quot;,&quot;orientation&quot;:&quot;0&quot;}\" data-image-title=\"1-skien-porsgrund-2160&amp;#215;881\" data-image-description=\"\" data-image-caption=\"&lt;p&gt;Bilruten Skien &amp;#8211; Porsgrund&lt;\/p&gt;\n\" data-large-file=\"https:\/\/i0.wp.com\/terjebjornstad.com\/no\/wp-content\/uploads\/2020\/12\/1-skien-porsgrund-2160x881-1.png?fit=980%2C400&amp;ssl=1\" src=\"https:\/\/i0.wp.com\/terjebjornstad.com\/no\/wp-content\/uploads\/2020\/12\/1-skien-porsgrund-2160x881-1.png?resize=980%2C400&#038;ssl=1\" alt=\"denby\" width=\"980\" height=\"400\" class=\"size-full wp-image-36842\" srcset=\"https:\/\/i0.wp.com\/terjebjornstad.com\/no\/wp-content\/uploads\/2020\/12\/1-skien-porsgrund-2160x881-1.png?w=2160&amp;ssl=1 2160w, https:\/\/i0.wp.com\/terjebjornstad.com\/no\/wp-content\/uploads\/2020\/12\/1-skien-porsgrund-2160x881-1.png?resize=300%2C122&amp;ssl=1 300w, https:\/\/i0.wp.com\/terjebjornstad.com\/no\/wp-content\/uploads\/2020\/12\/1-skien-porsgrund-2160x881-1.png?resize=1080%2C441&amp;ssl=1 1080w, https:\/\/i0.wp.com\/terjebjornstad.com\/no\/wp-content\/uploads\/2020\/12\/1-skien-porsgrund-2160x881-1.png?resize=768%2C313&amp;ssl=1 768w, https:\/\/i0.wp.com\/terjebjornstad.com\/no\/wp-content\/uploads\/2020\/12\/1-skien-porsgrund-2160x881-1.png?resize=1536%2C626&amp;ssl=1 1536w, https:\/\/i0.wp.com\/terjebjornstad.com\/no\/wp-content\/uploads\/2020\/12\/1-skien-porsgrund-2160x881-1.png?resize=2048%2C835&amp;ssl=1 2048w, https:\/\/i0.wp.com\/terjebjornstad.com\/no\/wp-content\/uploads\/2020\/12\/1-skien-porsgrund-2160x881-1.png?resize=690%2C281&amp;ssl=1 690w, https:\/\/i0.wp.com\/terjebjornstad.com\/no\/wp-content\/uploads\/2020\/12\/1-skien-porsgrund-2160x881-1.png?resize=980%2C400&amp;ssl=1 980w, https:\/\/i0.wp.com\/terjebjornstad.com\/no\/wp-content\/uploads\/2020\/12\/1-skien-porsgrund-2160x881-1.png?w=1960&amp;ssl=1 1960w\" sizes=\"auto, (max-width: 980px) 100vw, 980px\" \/><\/a><figcaption id=\"caption-attachment-36842\" class=\"wp-caption-text\">Bilruten Skien &#8211; Porsgrund 1925. Fra venstre G. Riis, M. Andersen, Nik. S\u00f8rensen, Flatland, Randberg, Fredriksen, Kristiansen og B\u00e6rum. Bussene: 2 All-American, 3 Denby, 1 Hupp (kilde: Asbj\u00f8rn Kristiansens notater)<\/figcaption><\/figure><\/p>\n<blockquote><p>Et stort bilde pryder en vegg i stua v\u00e5r. Et slags &laquo;modige menn i skr\u00f8pelige farkoster&raquo;-motiv. Det viser stolte sj\u00e5f\u00f8rer og eiere som poserer foran selskapets f\u00f8rste busser. En av eierne var min kones farfar, Oluf Kristiansen. Bildet m\u00e5 v\u00e6re tatt i 1925 eller 1926.<\/p><\/blockquote>\n<h3 class=\"tebh2\">Perfekt timing<\/h3>\n<p>Timingen for et rutebilselskap kunne neppe v\u00e6rt bedre. I f\u00f8lge kassadagboken var billettinntektene gode allerede fra f\u00f8rste dag i mars 1924. De startet med \u00e5 anskaffe to busser som kunne settes i trafikk umiddelbart. 32 000 kroner kostet de. I l\u00f8pet at 1924 kj\u00f8rte de inn 62 000 kroner. Det  ga et driftsresultat p\u00e5 17 000.<\/p>\n<figure id=\"attachment_36835\" aria-describedby=\"caption-attachment-36835\" style=\"width: 700px\" class=\"wp-caption aligncenter\"><a href=\"https:\/\/i0.wp.com\/terjebjornstad.com\/no\/wp-content\/uploads\/2020\/12\/2-bilruten_skien_porsgrund_1.png?ssl=1\"><img data-recalc-dims=\"1\" loading=\"lazy\" decoding=\"async\" data-attachment-id=\"36835\" data-permalink=\"https:\/\/terjebjornstad.com\/no\/2020\/12\/18\/bilruten-skien-porsgrund\/2-bilruten_skien_porsgrund_1\/\" data-orig-file=\"https:\/\/i0.wp.com\/terjebjornstad.com\/no\/wp-content\/uploads\/2020\/12\/2-bilruten_skien_porsgrund_1.png?fit=700%2C395&amp;ssl=1\" data-orig-size=\"700,395\" data-comments-opened=\"1\" data-image-meta=\"{&quot;aperture&quot;:&quot;0&quot;,&quot;credit&quot;:&quot;&quot;,&quot;camera&quot;:&quot;&quot;,&quot;caption&quot;:&quot;&quot;,&quot;created_timestamp&quot;:&quot;0&quot;,&quot;copyright&quot;:&quot;&quot;,&quot;focal_length&quot;:&quot;0&quot;,&quot;iso&quot;:&quot;0&quot;,&quot;shutter_speed&quot;:&quot;0&quot;,&quot;title&quot;:&quot;&quot;,&quot;orientation&quot;:&quot;0&quot;}\" data-image-title=\"2-bilruten_skien_porsgrund_1\" data-image-description=\"\" data-image-caption=\"&lt;p&gt;Kassadagboken fra oppstarts\u00e5rene.&lt;\/p&gt;\n\" data-large-file=\"https:\/\/i0.wp.com\/terjebjornstad.com\/no\/wp-content\/uploads\/2020\/12\/2-bilruten_skien_porsgrund_1.png?fit=700%2C395&amp;ssl=1\" src=\"https:\/\/i0.wp.com\/terjebjornstad.com\/no\/wp-content\/uploads\/2020\/12\/2-bilruten_skien_porsgrund_1.png?resize=700%2C395&#038;ssl=1\" alt=\"denby\" width=\"700\" height=\"395\" class=\"size-full wp-image-36835\" srcset=\"https:\/\/i0.wp.com\/terjebjornstad.com\/no\/wp-content\/uploads\/2020\/12\/2-bilruten_skien_porsgrund_1.png?w=700&amp;ssl=1 700w, https:\/\/i0.wp.com\/terjebjornstad.com\/no\/wp-content\/uploads\/2020\/12\/2-bilruten_skien_porsgrund_1.png?resize=300%2C169&amp;ssl=1 300w, https:\/\/i0.wp.com\/terjebjornstad.com\/no\/wp-content\/uploads\/2020\/12\/2-bilruten_skien_porsgrund_1.png?resize=690%2C389&amp;ssl=1 690w\" sizes=\"auto, (max-width: 700px) 100vw, 700px\" \/><\/a><figcaption id=\"caption-attachment-36835\" class=\"wp-caption-text\">Kassadagboken fra oppstarts\u00e5rene.<\/figcaption><\/figure>\n<h3 class=\"tebh2\">All-American (AA)<\/h3>\n<p>De f\u00f8rste bussene var av merket All-American, ogs\u00e5 kalt AA fordi det sto &laquo;AA&raquo; over radiatoren. Det Chicago-baserte lastebilmerket All-American Truck Co. eksisterte kun f\u00e5 \u00e5r &#8211; fra 1918 til 1923. Konkurransen m\u00e5 ha v\u00e6rt t\u00f8ff. I 1919 skal det ha v\u00e6rt 26 lastebilprodusenter bare i Chicago. AA-bilene var lette \u00e5 kjenne igjen ved sine markerte kj\u00f8leribber som dannet en front man kan forbinde med &laquo;Darth Vader&raquo;.<\/p>\n<figure id=\"attachment_36836\" aria-describedby=\"caption-attachment-36836\" style=\"width: 1080px\" class=\"wp-caption aligncenter\"><a href=\"https:\/\/i0.wp.com\/terjebjornstad.com\/no\/wp-content\/uploads\/2020\/12\/3-h112-h123-aa-1080x720-1.png?ssl=1\"><img data-recalc-dims=\"1\" loading=\"lazy\" decoding=\"async\" data-attachment-id=\"36836\" data-permalink=\"https:\/\/terjebjornstad.com\/no\/2020\/12\/18\/bilruten-skien-porsgrund\/3-h112-h123-aa-1080x720\/\" data-orig-file=\"https:\/\/i0.wp.com\/terjebjornstad.com\/no\/wp-content\/uploads\/2020\/12\/3-h112-h123-aa-1080x720-1.png?fit=1080%2C720&amp;ssl=1\" data-orig-size=\"1080,720\" data-comments-opened=\"1\" data-image-meta=\"{&quot;aperture&quot;:&quot;0&quot;,&quot;credit&quot;:&quot;&quot;,&quot;camera&quot;:&quot;&quot;,&quot;caption&quot;:&quot;&quot;,&quot;created_timestamp&quot;:&quot;0&quot;,&quot;copyright&quot;:&quot;&quot;,&quot;focal_length&quot;:&quot;0&quot;,&quot;iso&quot;:&quot;0&quot;,&quot;shutter_speed&quot;:&quot;0&quot;,&quot;title&quot;:&quot;&quot;,&quot;orientation&quot;:&quot;0&quot;}\" data-image-title=\"3-h112-h123-aa-1080&amp;#215;720\" data-image-description=\"\" data-image-caption=\"&lt;p&gt;Sj\u00e5f\u00f8rer f.v. G. Riis, M. Andersen. All-American busser.&lt;\/p&gt;\n\" data-large-file=\"https:\/\/i0.wp.com\/terjebjornstad.com\/no\/wp-content\/uploads\/2020\/12\/3-h112-h123-aa-1080x720-1.png?fit=980%2C653&amp;ssl=1\" src=\"https:\/\/i0.wp.com\/terjebjornstad.com\/no\/wp-content\/uploads\/2020\/12\/3-h112-h123-aa-1080x720-1.png?resize=980%2C653&#038;ssl=1\" alt=\"bilruten skien - porsgrund\" width=\"980\" height=\"653\" class=\"size-full wp-image-36836\" srcset=\"https:\/\/i0.wp.com\/terjebjornstad.com\/no\/wp-content\/uploads\/2020\/12\/3-h112-h123-aa-1080x720-1.png?w=1080&amp;ssl=1 1080w, https:\/\/i0.wp.com\/terjebjornstad.com\/no\/wp-content\/uploads\/2020\/12\/3-h112-h123-aa-1080x720-1.png?resize=300%2C200&amp;ssl=1 300w, https:\/\/i0.wp.com\/terjebjornstad.com\/no\/wp-content\/uploads\/2020\/12\/3-h112-h123-aa-1080x720-1.png?resize=768%2C512&amp;ssl=1 768w, https:\/\/i0.wp.com\/terjebjornstad.com\/no\/wp-content\/uploads\/2020\/12\/3-h112-h123-aa-1080x720-1.png?resize=690%2C460&amp;ssl=1 690w, https:\/\/i0.wp.com\/terjebjornstad.com\/no\/wp-content\/uploads\/2020\/12\/3-h112-h123-aa-1080x720-1.png?resize=980%2C653&amp;ssl=1 980w\" sizes=\"auto, (max-width: 980px) 100vw, 980px\" \/><\/a><figcaption id=\"caption-attachment-36836\" class=\"wp-caption-text\">Sj\u00e5f\u00f8rer f.v. G. Riis og M. Andersen foran selskapets All-American busser.<\/figcaption><\/figure>\n<h3 class=\"tebh2\">Kan tidligere ha v\u00e6rt brukt av Sch\u00f8yen Bilcentraler<\/h3>\n<p><figure id=\"attachment_36837\" aria-describedby=\"caption-attachment-36837\" style=\"width: 400px\" class=\"wp-caption alignright\"><img data-recalc-dims=\"1\" loading=\"lazy\" decoding=\"async\" data-attachment-id=\"36837\" data-permalink=\"https:\/\/terjebjornstad.com\/no\/2020\/12\/18\/bilruten-skien-porsgrund\/8-all-american_truck_ad_400x540\/\" data-orig-file=\"https:\/\/i0.wp.com\/terjebjornstad.com\/no\/wp-content\/uploads\/2020\/12\/8-all-american_truck_ad_400x540.png?fit=400%2C540&amp;ssl=1\" data-orig-size=\"400,540\" data-comments-opened=\"1\" data-image-meta=\"{&quot;aperture&quot;:&quot;0&quot;,&quot;credit&quot;:&quot;&quot;,&quot;camera&quot;:&quot;&quot;,&quot;caption&quot;:&quot;&quot;,&quot;created_timestamp&quot;:&quot;0&quot;,&quot;copyright&quot;:&quot;&quot;,&quot;focal_length&quot;:&quot;0&quot;,&quot;iso&quot;:&quot;0&quot;,&quot;shutter_speed&quot;:&quot;0&quot;,&quot;title&quot;:&quot;&quot;,&quot;orientation&quot;:&quot;0&quot;}\" data-image-title=\"8-all-american_truck_ad_400x540\" data-image-description=\"\" data-image-caption=\"&lt;p&gt;AA-bilene ble importert som kj\u00f8rbare chassis.&lt;\/p&gt;\n\" data-large-file=\"https:\/\/i0.wp.com\/terjebjornstad.com\/no\/wp-content\/uploads\/2020\/12\/8-all-american_truck_ad_400x540.png?fit=400%2C540&amp;ssl=1\" src=\"https:\/\/i0.wp.com\/terjebjornstad.com\/no\/wp-content\/uploads\/2020\/12\/8-all-american_truck_ad_400x540.png?resize=400%2C540&#038;ssl=1\" alt=\"AA chassis\" width=\"400\" height=\"540\" class=\"size-full wp-image-36837\" srcset=\"https:\/\/i0.wp.com\/terjebjornstad.com\/no\/wp-content\/uploads\/2020\/12\/8-all-american_truck_ad_400x540.png?w=400&amp;ssl=1 400w, https:\/\/i0.wp.com\/terjebjornstad.com\/no\/wp-content\/uploads\/2020\/12\/8-all-american_truck_ad_400x540.png?resize=222%2C300&amp;ssl=1 222w\" sizes=\"auto, (max-width: 400px) 100vw, 400px\" \/><figcaption id=\"caption-attachment-36837\" class=\"wp-caption-text\">AA-bilene ble importert som kj\u00f8rbare chassis.<\/figcaption><\/figure>Vi vet ikke hvordan bussene kom til Norge eller hvem som solgte dem. Anskaffelsen er bokf\u00f8rt i mars 1924. De har mest sannsynlig g\u00e5tt i rute et annet sted f\u00f8r de ble kj\u00f8pt inn til Bilruten Skien &#8211; Porsgrund. Det er flere ting som tyder p\u00e5 det. I 1924 var portene til bilfabrikken All-American for lengst stengt. Bussene ble levert som driftsklare omnibusser med flotte karosserier &#8211; ikke som chassis, som var vanlig med <em>nye<\/em> biler. Hvem bestilte karosseriene? Tidligere eiere kan ha v\u00e6rt Sch\u00f8yen Bilcentraler. Busskj\u00f8pet var bankfinansiert, men et kontant bel\u00f8p ble utbetalt til SBC. SBC hadde etablert bilruter allerede tre \u00e5r tidligere, og var blant de f\u00f8rste i landet som anskaffet &laquo;store&raquo; busser. Dessverre har jeg ikke greidd \u00e5 spore opp hvilket materiell SBC benyttet mellom sin etablering i 1921 frem til 1924.<\/p>\n<h3 class=\"tebh2\">Lindz\u00e9n &#038; Robsahm<\/h3>\n<p>Farfar poserer foran sin Hupp. Modellen (R11) hadde 40 HK og var registrert for 5 personer. Hupmobile var sv\u00e6rt popul\u00e6re i Norge i 20-\u00e5rene, og de ble tatt inn til landet av Lindz\u00e9n &#038; Robsahm i Kristiania. Det skulle bli gjort flere handeler med Lindz\u00e9n &#038; Robsahm i tiden fremover. Ett \u00e5r etter oppstart ble det kj\u00f8pt 3 Denby-busser. Victor E Lindz\u00e9n i Lindz\u00e9n &#038; Robsahm hadde v\u00e6rt i Detroit og skaffet agentur for Denby i Norge. H1239 og H1240 ble kj\u00f8pt for 22 000 som chassis. <\/p>\n<h3 class=\"tebh2\">Wattenberg vogn- og karosserifabrikk<\/h3>\n<p>I etterf\u00f8lgende m\u00e5neder utbetalte busselskapet penger til A. Wattenberg for karosseriene. De flotte karosseriene til bussene ble laget lokalt i Skien. Wattenberg vogn- og karosserifabrikk holdt trolig til der Wattenberg XY-bensinstasjon og GB Autotech ligger i dag.<\/p>\n<p>H1238 hadde et litt enkelt trekarosseri og var rimeligere enn de to andre. Den virker mindre &#8211; mindre motor og nyttelast &#8211; og kanskje brukt?<\/p>\n<figure id=\"attachment_36838\" aria-describedby=\"caption-attachment-36838\" style=\"width: 1080px\" class=\"wp-caption aligncenter\"><img data-recalc-dims=\"1\" loading=\"lazy\" decoding=\"async\" data-attachment-id=\"36838\" data-permalink=\"https:\/\/terjebjornstad.com\/no\/2020\/12\/18\/bilruten-skien-porsgrund\/11-denby-h1239-h1240-h1238-1080x720\/\" data-orig-file=\"https:\/\/i0.wp.com\/terjebjornstad.com\/no\/wp-content\/uploads\/2020\/12\/11-denby-h1239-h1240-h1238-1080x720-1.png?fit=1080%2C720&amp;ssl=1\" data-orig-size=\"1080,720\" data-comments-opened=\"1\" data-image-meta=\"{&quot;aperture&quot;:&quot;0&quot;,&quot;credit&quot;:&quot;&quot;,&quot;camera&quot;:&quot;&quot;,&quot;caption&quot;:&quot;&quot;,&quot;created_timestamp&quot;:&quot;0&quot;,&quot;copyright&quot;:&quot;&quot;,&quot;focal_length&quot;:&quot;0&quot;,&quot;iso&quot;:&quot;0&quot;,&quot;shutter_speed&quot;:&quot;0&quot;,&quot;title&quot;:&quot;&quot;,&quot;orientation&quot;:&quot;0&quot;}\" data-image-title=\"11-denby-h1239-h1240-h1238-1080&amp;#215;720\" data-image-description=\"\" data-image-caption=\"&lt;p&gt;Sj\u00e5f\u00f8rer f.v. Nik. S\u00f8rensen, Flatland, Randberg foran Denby busser.&lt;\/p&gt;\n\" data-large-file=\"https:\/\/i0.wp.com\/terjebjornstad.com\/no\/wp-content\/uploads\/2020\/12\/11-denby-h1239-h1240-h1238-1080x720-1.png?fit=980%2C653&amp;ssl=1\" src=\"https:\/\/i0.wp.com\/terjebjornstad.com\/no\/wp-content\/uploads\/2020\/12\/11-denby-h1239-h1240-h1238-1080x720-1.png?resize=980%2C653&#038;ssl=1\" alt=\"denby\" width=\"980\" height=\"653\" class=\"size-full wp-image-36838\" srcset=\"https:\/\/i0.wp.com\/terjebjornstad.com\/no\/wp-content\/uploads\/2020\/12\/11-denby-h1239-h1240-h1238-1080x720-1.png?w=1080&amp;ssl=1 1080w, https:\/\/i0.wp.com\/terjebjornstad.com\/no\/wp-content\/uploads\/2020\/12\/11-denby-h1239-h1240-h1238-1080x720-1.png?resize=300%2C200&amp;ssl=1 300w, https:\/\/i0.wp.com\/terjebjornstad.com\/no\/wp-content\/uploads\/2020\/12\/11-denby-h1239-h1240-h1238-1080x720-1.png?resize=768%2C512&amp;ssl=1 768w, https:\/\/i0.wp.com\/terjebjornstad.com\/no\/wp-content\/uploads\/2020\/12\/11-denby-h1239-h1240-h1238-1080x720-1.png?resize=690%2C460&amp;ssl=1 690w, https:\/\/i0.wp.com\/terjebjornstad.com\/no\/wp-content\/uploads\/2020\/12\/11-denby-h1239-h1240-h1238-1080x720-1.png?resize=980%2C653&amp;ssl=1 980w\" sizes=\"auto, (max-width: 980px) 100vw, 980px\" \/><figcaption id=\"caption-attachment-36838\" class=\"wp-caption-text\">Sj\u00e5f\u00f8rer f.v. Nik. S\u00f8rensen, Flatland og Randberg. Denby busser. De to lengst til venstre har karosserier bygget av Wattenberg, Skien.<\/figcaption><\/figure>\n<h3 class=\"tebh2\">Denby Truck Co.<\/h3>\n<p>Nok et lastebilmerke som for lengst er borte. Produksjonen av Denby lastebiler p\u00e5gikk fra 1914 til 1930. Ogs\u00e5 de leverte ferdige chassis&#8217;er hvor p\u00e5byggene ble utf\u00f8rt lokalt. Sikkert ikke s\u00e5 dumt med hensyn p\u00e5 frakt. Dessuten fantes det vognmakere &laquo;over alt&raquo; kort tid etter hest-og-vogn-tiden. Denby var et ganske popul\u00e6rt merke for varebiler og lastebiler med nyttelast mellom 1 &#8211; 2,5 tonn. Bilene i Norge var i 1925 utstyrt med motorer p\u00e5 mellom 30 og 50 HK. H1239 og H1240 er sannsynligvis 2,5-tonns biler, mens H1238 kan ha v\u00e6rt en lettere utgave.<\/p>\n<figure id=\"attachment_36839\" aria-describedby=\"caption-attachment-36839\" style=\"width: 1080px\" class=\"wp-caption aligncenter\"><a href=\"https:\/\/digitaltmuseum.no\/011015354231\/bilruten-skien-porsgrunn-en-av-enger-skifjelds-rutebiler-buss-fra-omnibussfart\" target=\"_blank\" rel=\"noopener noreferrer\"><img data-recalc-dims=\"1\" loading=\"lazy\" decoding=\"async\" data-attachment-id=\"36839\" data-permalink=\"https:\/\/terjebjornstad.com\/no\/2020\/12\/18\/bilruten-skien-porsgrund\/12-h1239-nik-sorensen-telemark-museum-1080x765\/\" data-orig-file=\"https:\/\/i0.wp.com\/terjebjornstad.com\/no\/wp-content\/uploads\/2020\/12\/12-h1239-nik-sorensen-telemark-museum-1080x765-1.png?fit=1080%2C765&amp;ssl=1\" data-orig-size=\"1080,765\" data-comments-opened=\"1\" data-image-meta=\"{&quot;aperture&quot;:&quot;0&quot;,&quot;credit&quot;:&quot;&quot;,&quot;camera&quot;:&quot;&quot;,&quot;caption&quot;:&quot;&quot;,&quot;created_timestamp&quot;:&quot;0&quot;,&quot;copyright&quot;:&quot;&quot;,&quot;focal_length&quot;:&quot;0&quot;,&quot;iso&quot;:&quot;0&quot;,&quot;shutter_speed&quot;:&quot;0&quot;,&quot;title&quot;:&quot;&quot;,&quot;orientation&quot;:&quot;0&quot;}\" data-image-title=\"12-h1239-nik-sorensen-telemark-museum-1080&amp;#215;765\" data-image-description=\"\" data-image-caption=\"\" data-large-file=\"https:\/\/i0.wp.com\/terjebjornstad.com\/no\/wp-content\/uploads\/2020\/12\/12-h1239-nik-sorensen-telemark-museum-1080x765-1.png?fit=980%2C694&amp;ssl=1\" src=\"https:\/\/i0.wp.com\/terjebjornstad.com\/no\/wp-content\/uploads\/2020\/12\/12-h1239-nik-sorensen-telemark-museum-1080x765-1.png?resize=980%2C694&#038;ssl=1\" alt=\"skien-porsgrunn\" width=\"980\" height=\"694\" class=\"size-full wp-image-36839\" srcset=\"https:\/\/i0.wp.com\/terjebjornstad.com\/no\/wp-content\/uploads\/2020\/12\/12-h1239-nik-sorensen-telemark-museum-1080x765-1.png?w=1080&amp;ssl=1 1080w, https:\/\/i0.wp.com\/terjebjornstad.com\/no\/wp-content\/uploads\/2020\/12\/12-h1239-nik-sorensen-telemark-museum-1080x765-1.png?resize=300%2C213&amp;ssl=1 300w, https:\/\/i0.wp.com\/terjebjornstad.com\/no\/wp-content\/uploads\/2020\/12\/12-h1239-nik-sorensen-telemark-museum-1080x765-1.png?resize=768%2C544&amp;ssl=1 768w, https:\/\/i0.wp.com\/terjebjornstad.com\/no\/wp-content\/uploads\/2020\/12\/12-h1239-nik-sorensen-telemark-museum-1080x765-1.png?resize=690%2C489&amp;ssl=1 690w, https:\/\/i0.wp.com\/terjebjornstad.com\/no\/wp-content\/uploads\/2020\/12\/12-h1239-nik-sorensen-telemark-museum-1080x765-1.png?resize=980%2C694&amp;ssl=1 980w\" sizes=\"auto, (max-width: 980px) 100vw, 980px\" \/><\/a><figcaption id=\"caption-attachment-36839\" class=\"wp-caption-text\">H1239 med Nik. S\u00f8rensen bak rattet? Bilruten Skien &#8211; Porsgrund. <a href=\"https:\/\/digitaltmuseum.no\/011015354231\/bilruten-skien-porsgrunn-en-av-enger-skifjelds-rutebiler-buss-fra-omnibussfart\" target=\"_blank\" rel=\"noopener noreferrer\"><strong>Bildet er hentet fra Nasjonalbibliotekets bildesamling. Telemark Museum.<\/strong><\/a><\/figcaption><\/figure>\n<h3 class=\"tebh2\">Fra Denby til Studbaker<\/h3>\n<p>I f\u00f8lge regnskapene gikk busstrafikken mellom Skien og Porsgrunn over all forventning. Det rant ut en god del penger til byens bilverksteder, men billettinntektene gjorde at selskapet gikk med gode overskudd. To \u00e5r etter oppstart tok eierne turen til Drammen, til firmaet Chatinco Bang A\/S som solgte Studebaker. I l\u00f8pet av de neste to \u00e5rene ble Bilruten Skien &#8211; Porsgrund beriket med tre nye Studbaker&#8217;e. P\u00e5 slutten av tyvetallet og frem til krigen var Studebaker et meget popul\u00e6rt bussmerke. De kom som kj\u00f8rbare chassis fra USA og fikk karosseriene bygget her hjemme. <\/p>\n<h3 class=\"tebh2\">Ble en del av BO-bussene<\/h3>\n<p>Det skulle vise seg at det slettes ikke var noen dum id\u00e9 \u00e5 starte bilrute mellom Skien og Porsgrunn. F\u00e5 \u00e5r senere etablerte nemlig Norsk Hydro seg p\u00e5 Her\u00f8ya. Da \u00f8kte aktivitetsniv\u00e5et, og etter krigen ble selskapet sl\u00e5tt sammen med Porsgrunnsfirmaet Omnibusfart som fusjonerte med Busstrafikk til \u00abBO-bussene\u00bb, \u2013 som mange enn\u00e5 har gode minner om. I 1985 ble alt kj\u00f8pt opp av giganten NSB\/Nettbuss. Dagens rutebiler drives av noen f\u00e5 store selskaper. <\/p>\n<blockquote><p>Det er ikke lenger plass for sm\u00e5 akt\u00f8rer som i farfars dager.<\/p><\/blockquote>\n<figure id=\"attachment_36840\" aria-describedby=\"caption-attachment-36840\" style=\"width: 1080px\" class=\"wp-caption aligncenter\"><img data-recalc-dims=\"1\" loading=\"lazy\" decoding=\"async\" data-attachment-id=\"36840\" data-permalink=\"https:\/\/terjebjornstad.com\/no\/2020\/12\/18\/bilruten-skien-porsgrund\/14-h715-grundere-1080x720\/\" data-orig-file=\"https:\/\/i0.wp.com\/terjebjornstad.com\/no\/wp-content\/uploads\/2020\/12\/14-h715-grundere-1080x720-1.png?fit=1080%2C720&amp;ssl=1\" data-orig-size=\"1080,720\" data-comments-opened=\"1\" data-image-meta=\"{&quot;aperture&quot;:&quot;0&quot;,&quot;credit&quot;:&quot;&quot;,&quot;camera&quot;:&quot;&quot;,&quot;caption&quot;:&quot;&quot;,&quot;created_timestamp&quot;:&quot;0&quot;,&quot;copyright&quot;:&quot;&quot;,&quot;focal_length&quot;:&quot;0&quot;,&quot;iso&quot;:&quot;0&quot;,&quot;shutter_speed&quot;:&quot;0&quot;,&quot;title&quot;:&quot;&quot;,&quot;orientation&quot;:&quot;0&quot;}\" data-image-title=\"14-h715-grundere-1080&amp;#215;720\" data-image-description=\"\" data-image-caption=\"&lt;p&gt;Rutebileiere f.v. Fredriksen, Oluf Kristiansen, Karl B\u00e6rum.&lt;\/p&gt;\n\" data-large-file=\"https:\/\/i0.wp.com\/terjebjornstad.com\/no\/wp-content\/uploads\/2020\/12\/14-h715-grundere-1080x720-1.png?fit=980%2C653&amp;ssl=1\" src=\"https:\/\/i0.wp.com\/terjebjornstad.com\/no\/wp-content\/uploads\/2020\/12\/14-h715-grundere-1080x720-1.png?resize=980%2C653&#038;ssl=1\" alt=\"denby\" width=\"980\" height=\"653\" class=\"size-full wp-image-36840\" srcset=\"https:\/\/i0.wp.com\/terjebjornstad.com\/no\/wp-content\/uploads\/2020\/12\/14-h715-grundere-1080x720-1.png?w=1080&amp;ssl=1 1080w, https:\/\/i0.wp.com\/terjebjornstad.com\/no\/wp-content\/uploads\/2020\/12\/14-h715-grundere-1080x720-1.png?resize=300%2C200&amp;ssl=1 300w, https:\/\/i0.wp.com\/terjebjornstad.com\/no\/wp-content\/uploads\/2020\/12\/14-h715-grundere-1080x720-1.png?resize=768%2C512&amp;ssl=1 768w, https:\/\/i0.wp.com\/terjebjornstad.com\/no\/wp-content\/uploads\/2020\/12\/14-h715-grundere-1080x720-1.png?resize=690%2C460&amp;ssl=1 690w, https:\/\/i0.wp.com\/terjebjornstad.com\/no\/wp-content\/uploads\/2020\/12\/14-h715-grundere-1080x720-1.png?resize=980%2C653&amp;ssl=1 980w\" sizes=\"auto, (max-width: 980px) 100vw, 980px\" \/><figcaption id=\"caption-attachment-36840\" class=\"wp-caption-text\">Rutebileiere f.v. Fredriksen, Oluf Kristiansen (min kones farfar) og Karl B\u00e6rum foran Huppen.<\/figcaption><\/figure>\n<h3 class=\"tebh2\">Se ogs\u00e5<\/h3>\n<h5><a href=\"https:\/\/no.wikipedia.org\/wiki\/All-American_Truck_Company\" target=\"_blank\" rel=\"noopener noreferrer\">Wikipedia om All-American Truck Company (norsk tekst)<\/a><\/div>\n","protected":false,"gt_translate_keys":[{"key":"rendered","format":"html"}]},"excerpt":{"rendered":"<p>Et stort bilde pryder en vegg i stua v\u00e5r. Et slags &laquo;modige menn i skr\u00f8pelige farkoster&raquo;-motiv. Det viser stolte sj\u00e5f\u00f8rer og eiere som poserer foran selskapets f\u00f8rste busser. En av eierne var min kones farfar, Oluf Kristiansen. Bildet m\u00e5 v\u00e6re tatt i 1925 eller 1926. Perfekt timing Timingen for et rutebilselskap kunne neppe v\u00e6rt bedre. [&hellip;]<\/p>\n","protected":false,"gt_translate_keys":[{"key":"rendered","format":"html"}]},"author":1,"featured_media":36838,"comment_status":"open","ping_status":"open","sticky":false,"template":"","format":"standard","meta":{"_monsterinsights_skip_tracking":false,"_monsterinsights_sitenote_active":false,"_monsterinsights_sitenote_note":"","_monsterinsights_sitenote_category":0,"jetpack_post_was_ever_published":false,"_jetpack_newsletter_access":"","_jetpack_dont_email_post_to_subs":false,"_jetpack_newsletter_tier_id":0,"_jetpack_memberships_contains_paywalled_content":false,"_jetpack_memberships_contains_paid_content":false,"footnotes":"","jetpack_publicize_message":"","jetpack_publicize_feature_enabled":true,"jetpack_social_post_already_shared":true,"jetpack_social_options":{"image_generator_settings":{"template":"highway","default_image_id":0,"font":"","enabled":false},"version":2}},"categories":[3187,34,2905,3186,484,3188],"tags":[3181,3170,3185,3172,3171,3169,3177,3179,3180,3176,3175,3178,3182,3183],"class_list":["post-36833","post","type-post","status-publish","format-standard","has-post-thumbnail","hentry","category-all-american","category-artikkel","category-bilhistorie","category-denby","category-veteran","category-veteranbusser","tag-aksel-wattenberg","tag-all-american-truck","tag-cathinco-bang","tag-denby","tag-denby-buss","tag-denby-truck","tag-gamle-skien","tag-lindzen","tag-lindzen-robsahm","tag-nik-sorensen","tag-oluf-kristiansen","tag-skien-busser","tag-wattenberg-karosseri","tag-wattenberg-vogn-og-karosserifabrikk"],"yoast_head":"<!-- This site is optimized with the Yoast SEO plugin v27.5 - https:\/\/yoast.com\/product\/yoast-seo-wordpress\/ -->\n<title>Denby og All-American - Bilruten Skien - Porsgrund - Terjes biler -<\/title>\n<meta name=\"description\" content=\"Et stort bilde pryder stua v\u00e5r. Det viser stolte sj\u00e5f\u00f8rer og eiere som poserer foran Denby og All-american. En av dem var konas farfar.\" \/>\n<meta name=\"robots\" content=\"index, follow, max-snippet:-1, max-image-preview:large, max-video-preview:-1\" \/>\n<link rel=\"canonical\" href=\"https:\/\/terjebjornstad.com\/no\/2020\/12\/18\/bilruten-skien-porsgrund\/\" \/>\n<meta property=\"og:locale\" content=\"nb_NO\" \/>\n<meta property=\"og:type\" content=\"article\" \/>\n<meta property=\"og:title\" content=\"Denby og All-American - Bilruten Skien - Porsgrund - Terjes biler -\" \/>\n<meta property=\"og:description\" content=\"Et stort bilde pryder stua v\u00e5r. Det viser stolte sj\u00e5f\u00f8rer og eiere som poserer foran Denby og All-american. En av dem var konas farfar.\" \/>\n<meta property=\"og:url\" content=\"https:\/\/terjebjornstad.com\/no\/2020\/12\/18\/bilruten-skien-porsgrund\/\" \/>\n<meta property=\"og:site_name\" content=\"Terjes biler\" \/>\n<meta property=\"article:publisher\" content=\"https:\/\/www.facebook.com\/terjesbiler\/\" \/>\n<meta property=\"article:author\" content=\"https:\/\/www.facebook.com\/terjesbiler\" \/>\n<meta property=\"article:published_time\" content=\"2020-12-18T00:50:44+00:00\" \/>\n<meta property=\"article:modified_time\" content=\"2026-03-18T11:53:28+00:00\" \/>\n<meta property=\"og:image\" content=\"https:\/\/terjebjornstad.com\/no\/wp-content\/uploads\/2020\/12\/11-denby-h1239-h1240-h1238-1080x720-1.png\" \/>\n\t<meta property=\"og:image:width\" content=\"1080\" \/>\n\t<meta property=\"og:image:height\" content=\"720\" \/>\n\t<meta property=\"og:image:type\" content=\"image\/png\" \/>\n<meta name=\"author\" content=\"Terje Bj\u00f8rnstad\" \/>\n<meta name=\"twitter:card\" content=\"summary_large_image\" \/>\n<meta name=\"twitter:label1\" content=\"Skrevet av\" \/>\n\t<meta name=\"twitter:data1\" content=\"Terje Bj\u00f8rnstad\" \/>\n\t<meta name=\"twitter:label2\" content=\"Ansl. lesetid\" \/>\n\t<meta name=\"twitter:data2\" content=\"7 minutter\" \/>\n<script type=\"application\/ld+json\" class=\"yoast-schema-graph\">{\"@context\":\"https:\\\/\\\/schema.org\",\"@graph\":[{\"@type\":\"Article\",\"@id\":\"https:\\\/\\\/terjebjornstad.com\\\/no\\\/2020\\\/12\\\/18\\\/bilruten-skien-porsgrund\\\/#article\",\"isPartOf\":{\"@id\":\"https:\\\/\\\/terjebjornstad.com\\\/no\\\/2020\\\/12\\\/18\\\/bilruten-skien-porsgrund\\\/\"},\"author\":{\"name\":\"Terje Bj\u00f8rnstad\",\"@id\":\"https:\\\/\\\/terjebjornstad.com\\\/no\\\/#\\\/schema\\\/person\\\/a281f6a6e0f3cc9fe468e7f0c655aa65\"},\"headline\":\"Bilruten Skien &#8211; Porsgrund\",\"datePublished\":\"2020-12-18T00:50:44+00:00\",\"dateModified\":\"2026-03-18T11:53:28+00:00\",\"mainEntityOfPage\":{\"@id\":\"https:\\\/\\\/terjebjornstad.com\\\/no\\\/2020\\\/12\\\/18\\\/bilruten-skien-porsgrund\\\/\"},\"wordCount\":946,\"commentCount\":0,\"publisher\":{\"@id\":\"https:\\\/\\\/terjebjornstad.com\\\/no\\\/#organization\"},\"image\":{\"@id\":\"https:\\\/\\\/terjebjornstad.com\\\/no\\\/2020\\\/12\\\/18\\\/bilruten-skien-porsgrund\\\/#primaryimage\"},\"thumbnailUrl\":\"https:\\\/\\\/i0.wp.com\\\/terjebjornstad.com\\\/no\\\/wp-content\\\/uploads\\\/2020\\\/12\\\/11-denby-h1239-h1240-h1238-1080x720-1.png?fit=1080%2C720&ssl=1\",\"keywords\":[\"aksel wattenberg\",\"all-american truck\",\"cathinco bang\",\"denby\",\"denby buss\",\"denby truck\",\"gamle skien\",\"lindzen\",\"lindzen robsahm\",\"nik s\u00f8rensen\",\"oluf kristiansen\",\"skien busser\",\"wattenberg karosseri\",\"wattenberg vogn. og karosserifabrikk\"],\"articleSection\":[\"All-American\",\"Artikkel\",\"Bilhistorie\",\"Denby\",\"Veteran\",\"Veteranbusser\"],\"inLanguage\":\"nb-NO\",\"potentialAction\":[{\"@type\":\"CommentAction\",\"name\":\"Comment\",\"target\":[\"https:\\\/\\\/terjebjornstad.com\\\/no\\\/2020\\\/12\\\/18\\\/bilruten-skien-porsgrund\\\/#respond\"]}]},{\"@type\":\"WebPage\",\"@id\":\"https:\\\/\\\/terjebjornstad.com\\\/no\\\/2020\\\/12\\\/18\\\/bilruten-skien-porsgrund\\\/\",\"url\":\"https:\\\/\\\/terjebjornstad.com\\\/no\\\/2020\\\/12\\\/18\\\/bilruten-skien-porsgrund\\\/\",\"name\":\"Denby og All-American - Bilruten Skien - Porsgrund - Terjes biler -\",\"isPartOf\":{\"@id\":\"https:\\\/\\\/terjebjornstad.com\\\/no\\\/#website\"},\"primaryImageOfPage\":{\"@id\":\"https:\\\/\\\/terjebjornstad.com\\\/no\\\/2020\\\/12\\\/18\\\/bilruten-skien-porsgrund\\\/#primaryimage\"},\"image\":{\"@id\":\"https:\\\/\\\/terjebjornstad.com\\\/no\\\/2020\\\/12\\\/18\\\/bilruten-skien-porsgrund\\\/#primaryimage\"},\"thumbnailUrl\":\"https:\\\/\\\/i0.wp.com\\\/terjebjornstad.com\\\/no\\\/wp-content\\\/uploads\\\/2020\\\/12\\\/11-denby-h1239-h1240-h1238-1080x720-1.png?fit=1080%2C720&ssl=1\",\"datePublished\":\"2020-12-18T00:50:44+00:00\",\"dateModified\":\"2026-03-18T11:53:28+00:00\",\"description\":\"Et stort bilde pryder stua v\u00e5r. Det viser stolte sj\u00e5f\u00f8rer og eiere som poserer foran Denby og All-american. En av dem var konas farfar.\",\"breadcrumb\":{\"@id\":\"https:\\\/\\\/terjebjornstad.com\\\/no\\\/2020\\\/12\\\/18\\\/bilruten-skien-porsgrund\\\/#breadcrumb\"},\"inLanguage\":\"nb-NO\",\"potentialAction\":[{\"@type\":\"ReadAction\",\"target\":[\"https:\\\/\\\/terjebjornstad.com\\\/no\\\/2020\\\/12\\\/18\\\/bilruten-skien-porsgrund\\\/\"]}]},{\"@type\":\"ImageObject\",\"inLanguage\":\"nb-NO\",\"@id\":\"https:\\\/\\\/terjebjornstad.com\\\/no\\\/2020\\\/12\\\/18\\\/bilruten-skien-porsgrund\\\/#primaryimage\",\"url\":\"https:\\\/\\\/i0.wp.com\\\/terjebjornstad.com\\\/no\\\/wp-content\\\/uploads\\\/2020\\\/12\\\/11-denby-h1239-h1240-h1238-1080x720-1.png?fit=1080%2C720&ssl=1\",\"contentUrl\":\"https:\\\/\\\/i0.wp.com\\\/terjebjornstad.com\\\/no\\\/wp-content\\\/uploads\\\/2020\\\/12\\\/11-denby-h1239-h1240-h1238-1080x720-1.png?fit=1080%2C720&ssl=1\",\"width\":1080,\"height\":720,\"caption\":\"Sj\u00e5f\u00f8rer f.v. Nik. S\u00f8rensen, Flatland, Randberg foran Denby busser.\"},{\"@type\":\"BreadcrumbList\",\"@id\":\"https:\\\/\\\/terjebjornstad.com\\\/no\\\/2020\\\/12\\\/18\\\/bilruten-skien-porsgrund\\\/#breadcrumb\",\"itemListElement\":[{\"@type\":\"ListItem\",\"position\":1,\"name\":\"Hjem\",\"item\":\"https:\\\/\\\/terjebjornstad.com\\\/no\\\/\"},{\"@type\":\"ListItem\",\"position\":2,\"name\":\"Bilruten Skien &#8211; Porsgrund\"}]},{\"@type\":\"WebSite\",\"@id\":\"https:\\\/\\\/terjebjornstad.com\\\/no\\\/#website\",\"url\":\"https:\\\/\\\/terjebjornstad.com\\\/no\\\/\",\"name\":\"Terjes biler\",\"description\":\"HONEST ABOUT CARS\",\"publisher\":{\"@id\":\"https:\\\/\\\/terjebjornstad.com\\\/no\\\/#organization\"},\"alternateName\":\"Terjebjornstad.com\",\"potentialAction\":[{\"@type\":\"SearchAction\",\"target\":{\"@type\":\"EntryPoint\",\"urlTemplate\":\"https:\\\/\\\/terjebjornstad.com\\\/no\\\/?s={search_term_string}\"},\"query-input\":{\"@type\":\"PropertyValueSpecification\",\"valueRequired\":true,\"valueName\":\"search_term_string\"}}],\"inLanguage\":\"nb-NO\"},{\"@type\":\"Organization\",\"@id\":\"https:\\\/\\\/terjebjornstad.com\\\/no\\\/#organization\",\"name\":\"Terje Bj\u00f8rnstad ENK\",\"url\":\"https:\\\/\\\/terjebjornstad.com\\\/no\\\/\",\"logo\":{\"@type\":\"ImageObject\",\"inLanguage\":\"nb-NO\",\"@id\":\"https:\\\/\\\/terjebjornstad.com\\\/no\\\/#\\\/schema\\\/logo\\\/image\\\/\",\"url\":\"https:\\\/\\\/i0.wp.com\\\/terjebjornstad.com\\\/no\\\/wp-content\\\/uploads\\\/2026\\\/02\\\/terjesbiler2024-960x354-1.png?fit=960%2C354&ssl=1\",\"contentUrl\":\"https:\\\/\\\/i0.wp.com\\\/terjebjornstad.com\\\/no\\\/wp-content\\\/uploads\\\/2026\\\/02\\\/terjesbiler2024-960x354-1.png?fit=960%2C354&ssl=1\",\"width\":960,\"height\":354,\"caption\":\"Terje Bj\u00f8rnstad ENK\"},\"image\":{\"@id\":\"https:\\\/\\\/terjebjornstad.com\\\/no\\\/#\\\/schema\\\/logo\\\/image\\\/\"},\"sameAs\":[\"https:\\\/\\\/www.facebook.com\\\/terjesbiler\\\/\",\"https:\\\/\\\/www.instagram.com\\\/terjesbiler\\\/\",\"https:\\\/\\\/www.pinteres.com\\\/terjebjrnstad\\\/terjes-biler\\\/\"]},{\"@type\":\"Person\",\"@id\":\"https:\\\/\\\/terjebjornstad.com\\\/no\\\/#\\\/schema\\\/person\\\/a281f6a6e0f3cc9fe468e7f0c655aa65\",\"name\":\"Terje Bj\u00f8rnstad\",\"image\":{\"@type\":\"ImageObject\",\"inLanguage\":\"nb-NO\",\"@id\":\"https:\\\/\\\/secure.gravatar.com\\\/avatar\\\/e8dff505b51cf6cb67ae06a06022d2049aac2da1e79dc146a36b58798c4b40ea?s=96&d=mm&r=g\",\"url\":\"https:\\\/\\\/secure.gravatar.com\\\/avatar\\\/e8dff505b51cf6cb67ae06a06022d2049aac2da1e79dc146a36b58798c4b40ea?s=96&d=mm&r=g\",\"contentUrl\":\"https:\\\/\\\/secure.gravatar.com\\\/avatar\\\/e8dff505b51cf6cb67ae06a06022d2049aac2da1e79dc146a36b58798c4b40ea?s=96&d=mm&r=g\",\"caption\":\"Terje Bj\u00f8rnstad\"},\"description\":\"Terje Bj\u00f8rnstad. Bloggadministrator, hobbyfotograf og bilnerd.\",\"sameAs\":[\"https:\\\/\\\/www.facebook.com\\\/terjesbiler\",\"https:\\\/\\\/www.instagram.com\\\/terjesbiler\",\"https:\\\/\\\/no.pinterest.com\\\/terjebjrnstad\",\"https:\\\/\\\/www.youtube.com\\\/channel\\\/UCzCKJJDybyIgKqatc_JQqIg\"]}]}<\/script>\n<!-- \/ Yoast SEO plugin. -->","yoast_head_json":{"title":"Denby og All-American - Bilruten Skien - Porsgrund - Terjes biler -","description":"Et stort bilde pryder stua v\u00e5r. Det viser stolte sj\u00e5f\u00f8rer og eiere som poserer foran Denby og All-american. En av dem var konas farfar.","robots":{"index":"index","follow":"follow","max-snippet":"max-snippet:-1","max-image-preview":"max-image-preview:large","max-video-preview":"max-video-preview:-1"},"canonical":"https:\/\/terjebjornstad.com\/no\/2020\/12\/18\/bilruten-skien-porsgrund\/","og_locale":"nb_NO","og_type":"article","og_title":"Denby og All-American - Bilruten Skien - Porsgrund - Terjes biler -","og_description":"Et stort bilde pryder stua v\u00e5r. Det viser stolte sj\u00e5f\u00f8rer og eiere som poserer foran Denby og All-american. En av dem var konas farfar.","og_url":"https:\/\/terjebjornstad.com\/no\/2020\/12\/18\/bilruten-skien-porsgrund\/","og_site_name":"Terjes biler","article_publisher":"https:\/\/www.facebook.com\/terjesbiler\/","article_author":"https:\/\/www.facebook.com\/terjesbiler","article_published_time":"2020-12-18T00:50:44+00:00","article_modified_time":"2026-03-18T11:53:28+00:00","og_image":[{"width":1080,"height":720,"url":"https:\/\/terjebjornstad.com\/no\/wp-content\/uploads\/2020\/12\/11-denby-h1239-h1240-h1238-1080x720-1.png","type":"image\/png"}],"author":"Terje Bj\u00f8rnstad","twitter_card":"summary_large_image","twitter_misc":{"Skrevet av":"Terje Bj\u00f8rnstad","Ansl. lesetid":"7 minutter"},"schema":{"@context":"https:\/\/schema.org","@graph":[{"@type":"Article","@id":"https:\/\/terjebjornstad.com\/no\/2020\/12\/18\/bilruten-skien-porsgrund\/#article","isPartOf":{"@id":"https:\/\/terjebjornstad.com\/no\/2020\/12\/18\/bilruten-skien-porsgrund\/"},"author":{"name":"Terje Bj\u00f8rnstad","@id":"https:\/\/terjebjornstad.com\/no\/#\/schema\/person\/a281f6a6e0f3cc9fe468e7f0c655aa65"},"headline":"Bilruten Skien &#8211; Porsgrund","datePublished":"2020-12-18T00:50:44+00:00","dateModified":"2026-03-18T11:53:28+00:00","mainEntityOfPage":{"@id":"https:\/\/terjebjornstad.com\/no\/2020\/12\/18\/bilruten-skien-porsgrund\/"},"wordCount":946,"commentCount":0,"publisher":{"@id":"https:\/\/terjebjornstad.com\/no\/#organization"},"image":{"@id":"https:\/\/terjebjornstad.com\/no\/2020\/12\/18\/bilruten-skien-porsgrund\/#primaryimage"},"thumbnailUrl":"https:\/\/i0.wp.com\/terjebjornstad.com\/no\/wp-content\/uploads\/2020\/12\/11-denby-h1239-h1240-h1238-1080x720-1.png?fit=1080%2C720&ssl=1","keywords":["aksel wattenberg","all-american truck","cathinco bang","denby","denby buss","denby truck","gamle skien","lindzen","lindzen robsahm","nik s\u00f8rensen","oluf kristiansen","skien busser","wattenberg karosseri","wattenberg vogn. og karosserifabrikk"],"articleSection":["All-American","Artikkel","Bilhistorie","Denby","Veteran","Veteranbusser"],"inLanguage":"nb-NO","potentialAction":[{"@type":"CommentAction","name":"Comment","target":["https:\/\/terjebjornstad.com\/no\/2020\/12\/18\/bilruten-skien-porsgrund\/#respond"]}]},{"@type":"WebPage","@id":"https:\/\/terjebjornstad.com\/no\/2020\/12\/18\/bilruten-skien-porsgrund\/","url":"https:\/\/terjebjornstad.com\/no\/2020\/12\/18\/bilruten-skien-porsgrund\/","name":"Denby og All-American - Bilruten Skien - Porsgrund - Terjes biler -","isPartOf":{"@id":"https:\/\/terjebjornstad.com\/no\/#website"},"primaryImageOfPage":{"@id":"https:\/\/terjebjornstad.com\/no\/2020\/12\/18\/bilruten-skien-porsgrund\/#primaryimage"},"image":{"@id":"https:\/\/terjebjornstad.com\/no\/2020\/12\/18\/bilruten-skien-porsgrund\/#primaryimage"},"thumbnailUrl":"https:\/\/i0.wp.com\/terjebjornstad.com\/no\/wp-content\/uploads\/2020\/12\/11-denby-h1239-h1240-h1238-1080x720-1.png?fit=1080%2C720&ssl=1","datePublished":"2020-12-18T00:50:44+00:00","dateModified":"2026-03-18T11:53:28+00:00","description":"Et stort bilde pryder stua v\u00e5r. Det viser stolte sj\u00e5f\u00f8rer og eiere som poserer foran Denby og All-american. En av dem var konas farfar.","breadcrumb":{"@id":"https:\/\/terjebjornstad.com\/no\/2020\/12\/18\/bilruten-skien-porsgrund\/#breadcrumb"},"inLanguage":"nb-NO","potentialAction":[{"@type":"ReadAction","target":["https:\/\/terjebjornstad.com\/no\/2020\/12\/18\/bilruten-skien-porsgrund\/"]}]},{"@type":"ImageObject","inLanguage":"nb-NO","@id":"https:\/\/terjebjornstad.com\/no\/2020\/12\/18\/bilruten-skien-porsgrund\/#primaryimage","url":"https:\/\/i0.wp.com\/terjebjornstad.com\/no\/wp-content\/uploads\/2020\/12\/11-denby-h1239-h1240-h1238-1080x720-1.png?fit=1080%2C720&ssl=1","contentUrl":"https:\/\/i0.wp.com\/terjebjornstad.com\/no\/wp-content\/uploads\/2020\/12\/11-denby-h1239-h1240-h1238-1080x720-1.png?fit=1080%2C720&ssl=1","width":1080,"height":720,"caption":"Sj\u00e5f\u00f8rer f.v. Nik. S\u00f8rensen, Flatland, Randberg foran Denby busser."},{"@type":"BreadcrumbList","@id":"https:\/\/terjebjornstad.com\/no\/2020\/12\/18\/bilruten-skien-porsgrund\/#breadcrumb","itemListElement":[{"@type":"ListItem","position":1,"name":"Hjem","item":"https:\/\/terjebjornstad.com\/no\/"},{"@type":"ListItem","position":2,"name":"Bilruten Skien &#8211; Porsgrund"}]},{"@type":"WebSite","@id":"https:\/\/terjebjornstad.com\/no\/#website","url":"https:\/\/terjebjornstad.com\/no\/","name":"Terjes biler","description":"HONEST ABOUT CARS","publisher":{"@id":"https:\/\/terjebjornstad.com\/no\/#organization"},"alternateName":"Terjebjornstad.com","potentialAction":[{"@type":"SearchAction","target":{"@type":"EntryPoint","urlTemplate":"https:\/\/terjebjornstad.com\/no\/?s={search_term_string}"},"query-input":{"@type":"PropertyValueSpecification","valueRequired":true,"valueName":"search_term_string"}}],"inLanguage":"nb-NO"},{"@type":"Organization","@id":"https:\/\/terjebjornstad.com\/no\/#organization","name":"Terje Bj\u00f8rnstad ENK","url":"https:\/\/terjebjornstad.com\/no\/","logo":{"@type":"ImageObject","inLanguage":"nb-NO","@id":"https:\/\/terjebjornstad.com\/no\/#\/schema\/logo\/image\/","url":"https:\/\/i0.wp.com\/terjebjornstad.com\/no\/wp-content\/uploads\/2026\/02\/terjesbiler2024-960x354-1.png?fit=960%2C354&ssl=1","contentUrl":"https:\/\/i0.wp.com\/terjebjornstad.com\/no\/wp-content\/uploads\/2026\/02\/terjesbiler2024-960x354-1.png?fit=960%2C354&ssl=1","width":960,"height":354,"caption":"Terje Bj\u00f8rnstad ENK"},"image":{"@id":"https:\/\/terjebjornstad.com\/no\/#\/schema\/logo\/image\/"},"sameAs":["https:\/\/www.facebook.com\/terjesbiler\/","https:\/\/www.instagram.com\/terjesbiler\/","https:\/\/www.pinteres.com\/terjebjrnstad\/terjes-biler\/"]},{"@type":"Person","@id":"https:\/\/terjebjornstad.com\/no\/#\/schema\/person\/a281f6a6e0f3cc9fe468e7f0c655aa65","name":"Terje Bj\u00f8rnstad","image":{"@type":"ImageObject","inLanguage":"nb-NO","@id":"https:\/\/secure.gravatar.com\/avatar\/e8dff505b51cf6cb67ae06a06022d2049aac2da1e79dc146a36b58798c4b40ea?s=96&d=mm&r=g","url":"https:\/\/secure.gravatar.com\/avatar\/e8dff505b51cf6cb67ae06a06022d2049aac2da1e79dc146a36b58798c4b40ea?s=96&d=mm&r=g","contentUrl":"https:\/\/secure.gravatar.com\/avatar\/e8dff505b51cf6cb67ae06a06022d2049aac2da1e79dc146a36b58798c4b40ea?s=96&d=mm&r=g","caption":"Terje Bj\u00f8rnstad"},"description":"Terje Bj\u00f8rnstad. Bloggadministrator, hobbyfotograf og bilnerd.","sameAs":["https:\/\/www.facebook.com\/terjesbiler","https:\/\/www.instagram.com\/terjesbiler","https:\/\/no.pinterest.com\/terjebjrnstad","https:\/\/www.youtube.com\/channel\/UCzCKJJDybyIgKqatc_JQqIg"]}]}},"jetpack_publicize_connections":[],"jetpack_featured_media_url":"https:\/\/i0.wp.com\/terjebjornstad.com\/no\/wp-content\/uploads\/2020\/12\/11-denby-h1239-h1240-h1238-1080x720-1.png?fit=1080%2C720&ssl=1","jetpack_sharing_enabled":true,"jetpack_shortlink":"https:\/\/wp.me\/p48zYA-9A5","jetpack-related-posts":[{"id":92571,"url":"https:\/\/terjebjornstad.com\/no\/2026\/04\/28\/veteranbiler-i-skien\/","url_meta":{"origin":36833,"position":0},"title":"Veteranbiler i Skien","author":"Terje Bj\u00f8rnstad","date":"28\/04\/2026","format":false,"excerpt":"Sist l\u00f8rdag ble Skien sentrum fylt opp av vakre veteranbiler. Arrangementet ble holdt av Skien By, Grenland Veteranvognklubb og Amcar Grenland. De klassiske bilene fikk frem skj\u00f8nnheten i flere av de gamle byg\u00e5rdene. Arrang\u00f8ren, Skien By, er en forening for n\u00e6ringsdrivende og g\u00e5rdeiere i sentrum. De jobber for \u00e5 fremme\u2026","rel":"","context":"i &quot;Artikkel&quot;","block_context":{"text":"Artikkel","link":"https:\/\/terjebjornstad.com\/no\/category\/artikkel\/"},"img":{"alt_text":"","src":"https:\/\/i0.wp.com\/terjebjornstad.com\/no\/wp-content\/uploads\/2026\/04\/skien-veteranbildag-1920x1440-1.jpg?fit=1200%2C900&ssl=1&resize=350%2C200","width":350,"height":200,"srcset":"https:\/\/i0.wp.com\/terjebjornstad.com\/no\/wp-content\/uploads\/2026\/04\/skien-veteranbildag-1920x1440-1.jpg?fit=1200%2C900&ssl=1&resize=350%2C200 1x, https:\/\/i0.wp.com\/terjebjornstad.com\/no\/wp-content\/uploads\/2026\/04\/skien-veteranbildag-1920x1440-1.jpg?fit=1200%2C900&ssl=1&resize=525%2C300 1.5x, https:\/\/i0.wp.com\/terjebjornstad.com\/no\/wp-content\/uploads\/2026\/04\/skien-veteranbildag-1920x1440-1.jpg?fit=1200%2C900&ssl=1&resize=700%2C400 2x, https:\/\/i0.wp.com\/terjebjornstad.com\/no\/wp-content\/uploads\/2026\/04\/skien-veteranbildag-1920x1440-1.jpg?fit=1200%2C900&ssl=1&resize=1050%2C600 3x"},"classes":[]},{"id":68628,"url":"https:\/\/terjebjornstad.com\/no\/2024\/01\/12\/leddbusser-er-ikke-som-andre-busser-ebusco\/","url_meta":{"origin":36833,"position":1},"title":"Elektriske leddbusser er ikke som andre busser","author":"Terje Bj\u00f8rnstad","date":"12\/01\/2024","format":false,"excerpt":"Var elbusser i Oslo et feilgrep? La oss se n\u00e6rmere p\u00e5 de elektriske leddbussene - med fokus p\u00e5 vinteregenskaper og rekkevidde i kulde. Leddbusser er ideelle for \"hop on - hop off\" i bytrafikk. Folk kommer seg lett inn og ut av bussen gjennom brede d\u00f8rer og et flatt gulv\u2026","rel":"","context":"i &quot;Artikkel&quot;","block_context":{"text":"Artikkel","link":"https:\/\/terjebjornstad.com\/no\/category\/artikkel\/"},"img":{"alt_text":"","src":"https:\/\/i0.wp.com\/terjebjornstad.com\/no\/wp-content\/uploads\/2024\/01\/solaris-urbino-1875-1750x1166-1.jpg?fit=1200%2C800&ssl=1&resize=350%2C200","width":350,"height":200,"srcset":"https:\/\/i0.wp.com\/terjebjornstad.com\/no\/wp-content\/uploads\/2024\/01\/solaris-urbino-1875-1750x1166-1.jpg?fit=1200%2C800&ssl=1&resize=350%2C200 1x, https:\/\/i0.wp.com\/terjebjornstad.com\/no\/wp-content\/uploads\/2024\/01\/solaris-urbino-1875-1750x1166-1.jpg?fit=1200%2C800&ssl=1&resize=525%2C300 1.5x, https:\/\/i0.wp.com\/terjebjornstad.com\/no\/wp-content\/uploads\/2024\/01\/solaris-urbino-1875-1750x1166-1.jpg?fit=1200%2C800&ssl=1&resize=700%2C400 2x, https:\/\/i0.wp.com\/terjebjornstad.com\/no\/wp-content\/uploads\/2024\/01\/solaris-urbino-1875-1750x1166-1.jpg?fit=1200%2C800&ssl=1&resize=1050%2C600 3x"},"classes":[]},{"id":9789,"url":"https:\/\/terjebjornstad.com\/no\/2017\/03\/29\/bobler-og-busser-pa-volksworld-2017\/","url_meta":{"origin":36833,"position":2},"title":"Bobler og busser p\u00e5 VolksWorld 2017","author":"Terje Bj\u00f8rnstad","date":"29\/03\/2017","format":false,"excerpt":"Noen fortalte meg at dette var verdens st\u00f8rste utstilling av luftavkj\u00f8lte folkevogner. Det tviler jeg ikke p\u00e5. Det var rett og slett enormt. En herlig blanding av bobler og busser fra hele Europa m\u00f8tte p\u00e5 \u00e5rets Volksworld. Ikke bare i utstillingsomr\u00e5dene, men ogs\u00e5 ute p\u00e5 parkeringsplassene, og p\u00e5 plenene der\u2026","rel":"","context":"i &quot;Artikkel&quot;","block_context":{"text":"Artikkel","link":"https:\/\/terjebjornstad.com\/no\/category\/artikkel\/"},"img":{"alt_text":"","src":"https:\/\/i0.wp.com\/terjebjornstad.com\/no\/wp-content\/uploads\/2017\/03\/vwmicrobus-1.png?resize=350%2C200&ssl=1","width":350,"height":200,"srcset":"https:\/\/i0.wp.com\/terjebjornstad.com\/no\/wp-content\/uploads\/2017\/03\/vwmicrobus-1.png?resize=350%2C200&ssl=1 1x, https:\/\/i0.wp.com\/terjebjornstad.com\/no\/wp-content\/uploads\/2017\/03\/vwmicrobus-1.png?resize=525%2C300&ssl=1 1.5x"},"classes":[]},{"id":43449,"url":"https:\/\/terjebjornstad.com\/no\/2021\/09\/26\/aircooled-tossa-de-mar-2021\/","url_meta":{"origin":36833,"position":3},"title":"Aircooled Tossa de Mar 2021","author":"Terje Bj\u00f8rnstad","date":"26\/09\/2021","format":false,"excerpt":"Litt show, litt sirkus, fulle gatekaf\u00e9er med glade mennesker, h\u00f8y musikk og mye folk. \u00a0 To \u00e5r siden sist Covid satte en stopper for arrangementet i fjor. I \u00e5r var arrangementet tonet ned - fra et helgetreff til et \u00e9n-dags evenement begrenset til 150 biler. Arrang\u00f8ren, Amics del Volkswagen de\u2026","rel":"","context":"i &quot;Aircooled&quot;","block_context":{"text":"Aircooled","link":"https:\/\/terjebjornstad.com\/no\/category\/volkswagen\/aircooled\/"},"img":{"alt_text":"","src":"https:\/\/i0.wp.com\/terjebjornstad.com\/no\/wp-content\/uploads\/2021\/09\/2021-tossa-vw-t1-2-1080x720-1.png?fit=1080%2C720&ssl=1&resize=350%2C200","width":350,"height":200,"srcset":"https:\/\/i0.wp.com\/terjebjornstad.com\/no\/wp-content\/uploads\/2021\/09\/2021-tossa-vw-t1-2-1080x720-1.png?fit=1080%2C720&ssl=1&resize=350%2C200 1x, https:\/\/i0.wp.com\/terjebjornstad.com\/no\/wp-content\/uploads\/2021\/09\/2021-tossa-vw-t1-2-1080x720-1.png?fit=1080%2C720&ssl=1&resize=525%2C300 1.5x, https:\/\/i0.wp.com\/terjebjornstad.com\/no\/wp-content\/uploads\/2021\/09\/2021-tossa-vw-t1-2-1080x720-1.png?fit=1080%2C720&ssl=1&resize=700%2C400 2x, https:\/\/i0.wp.com\/terjebjornstad.com\/no\/wp-content\/uploads\/2021\/09\/2021-tossa-vw-t1-2-1080x720-1.png?fit=1080%2C720&ssl=1&resize=1050%2C600 3x"},"classes":[]},{"id":84111,"url":"https:\/\/terjebjornstad.com\/no\/2025\/09\/07\/havnelangs-i-oslo\/","url_meta":{"origin":36833,"position":4},"title":"Havnelangs i Oslo","author":"Terje Bj\u00f8rnstad","date":"07\/09\/2025","format":false,"excerpt":"I helgen ble Oslo Havn fylt med gamle skip, kj\u00f8ret\u00f8y og folk i alle aldre. Kj\u00f8ret\u00f8yene var b\u00e5de f\u00f8rkrigs og etterkrigs modeller. Vi kunne fornemme b\u00e5de 1930-tallet og 60-\u00e5rene. Oslo havnelangs er et \u00e5rlig, gratis familiearrangement. Siden 2012 har Oslo Havn sl\u00e5tt seg sammen med akt\u00f8rer som skaper aktiviteter langs\u2026","rel":"","context":"i &quot;Havnelangs&quot;","block_context":{"text":"Havnelangs","link":"https:\/\/terjebjornstad.com\/no\/category\/biltreff\/havnelangs\/"},"img":{"alt_text":"","src":"https:\/\/i0.wp.com\/terjebjornstad.com\/no\/wp-content\/uploads\/2025\/09\/1931-ford-a-pickup-1920x1280-1.jpg?fit=1200%2C800&ssl=1&resize=350%2C200","width":350,"height":200,"srcset":"https:\/\/i0.wp.com\/terjebjornstad.com\/no\/wp-content\/uploads\/2025\/09\/1931-ford-a-pickup-1920x1280-1.jpg?fit=1200%2C800&ssl=1&resize=350%2C200 1x, https:\/\/i0.wp.com\/terjebjornstad.com\/no\/wp-content\/uploads\/2025\/09\/1931-ford-a-pickup-1920x1280-1.jpg?fit=1200%2C800&ssl=1&resize=525%2C300 1.5x, https:\/\/i0.wp.com\/terjebjornstad.com\/no\/wp-content\/uploads\/2025\/09\/1931-ford-a-pickup-1920x1280-1.jpg?fit=1200%2C800&ssl=1&resize=700%2C400 2x, https:\/\/i0.wp.com\/terjebjornstad.com\/no\/wp-content\/uploads\/2025\/09\/1931-ford-a-pickup-1920x1280-1.jpg?fit=1200%2C800&ssl=1&resize=1050%2C600 3x"},"classes":[]},{"id":52900,"url":"https:\/\/terjebjornstad.com\/no\/2022\/09\/30\/volvo-xc90-recharge\/","url_meta":{"origin":36833,"position":5},"title":"Volvo XC90 Recharge","author":"Terje Bj\u00f8rnstad","date":"30\/09\/2022","format":false,"excerpt":"Interessen for Volvo XC90 vil trolig dale n\u00e5r den nye helelektriske EX90 dukker opp i butikkvinduene. Skj\u00f8nt det er imponerende \u00e5 se hvor popul\u00e6r XC90 fremdeles er. Vi snakker tross alt om en hybridbil som koster over en million kroner. Kort modellhistorikk Volvo er p\u00e5 ingen m\u00e5te ferdig med XC90.\u2026","rel":"","context":"i &quot;Artikkel&quot;","block_context":{"text":"Artikkel","link":"https:\/\/terjebjornstad.com\/no\/category\/artikkel\/"},"img":{"alt_text":"","src":"https:\/\/i0.wp.com\/terjebjornstad.com\/no\/wp-content\/uploads\/2022\/09\/volvo-xc90-0107-1280x853-1.jpg?fit=1200%2C800&ssl=1&resize=350%2C200","width":350,"height":200,"srcset":"https:\/\/i0.wp.com\/terjebjornstad.com\/no\/wp-content\/uploads\/2022\/09\/volvo-xc90-0107-1280x853-1.jpg?fit=1200%2C800&ssl=1&resize=350%2C200 1x, https:\/\/i0.wp.com\/terjebjornstad.com\/no\/wp-content\/uploads\/2022\/09\/volvo-xc90-0107-1280x853-1.jpg?fit=1200%2C800&ssl=1&resize=525%2C300 1.5x, https:\/\/i0.wp.com\/terjebjornstad.com\/no\/wp-content\/uploads\/2022\/09\/volvo-xc90-0107-1280x853-1.jpg?fit=1200%2C800&ssl=1&resize=700%2C400 2x, https:\/\/i0.wp.com\/terjebjornstad.com\/no\/wp-content\/uploads\/2022\/09\/volvo-xc90-0107-1280x853-1.jpg?fit=1200%2C800&ssl=1&resize=1050%2C600 3x"},"classes":[]}],"gt_translate_keys":[{"key":"link","format":"url"}],"_links":{"self":[{"href":"https:\/\/terjebjornstad.com\/no\/wp-json\/wp\/v2\/posts\/36833","targetHints":{"allow":["GET"]}}],"collection":[{"href":"https:\/\/terjebjornstad.com\/no\/wp-json\/wp\/v2\/posts"}],"about":[{"href":"https:\/\/terjebjornstad.com\/no\/wp-json\/wp\/v2\/types\/post"}],"author":[{"embeddable":true,"href":"https:\/\/terjebjornstad.com\/no\/wp-json\/wp\/v2\/users\/1"}],"replies":[{"embeddable":true,"href":"https:\/\/terjebjornstad.com\/no\/wp-json\/wp\/v2\/comments?post=36833"}],"version-history":[{"count":45,"href":"https:\/\/terjebjornstad.com\/no\/wp-json\/wp\/v2\/posts\/36833\/revisions"}],"predecessor-version":[{"id":91350,"href":"https:\/\/terjebjornstad.com\/no\/wp-json\/wp\/v2\/posts\/36833\/revisions\/91350"}],"wp:featuredmedia":[{"embeddable":true,"href":"https:\/\/terjebjornstad.com\/no\/wp-json\/wp\/v2\/media\/36838"}],"wp:attachment":[{"href":"https:\/\/terjebjornstad.com\/no\/wp-json\/wp\/v2\/media?parent=36833"}],"wp:term":[{"taxonomy":"category","embeddable":true,"href":"https:\/\/terjebjornstad.com\/no\/wp-json\/wp\/v2\/categories?post=36833"},{"taxonomy":"post_tag","embeddable":true,"href":"https:\/\/terjebjornstad.com\/no\/wp-json\/wp\/v2\/tags?post=36833"}],"curies":[{"name":"wp","href":"https:\/\/api.w.org\/{rel}","templated":true}]}}