{"id":32976,"date":"2020-06-08T08:09:42","date_gmt":"2020-06-08T08:09:42","guid":{"rendered":"https:\/\/terjebjornstad.com\/no\/?p=32976"},"modified":"2026-03-02T01:44:47","modified_gmt":"2026-03-02T00:44:47","slug":"veteran-volvoer-pa-sollihogda","status":"publish","type":"post","link":"https:\/\/terjebjornstad.com\/no\/2020\/06\/08\/veteran-volvoer-pa-sollihogda\/","title":{"rendered":"Veteran-Volvoer p\u00e5 Sollih\u00f8gda","gt_translate_keys":[{"key":"rendered","format":"text"}]},"content":{"rendered":"<div class=\"copy_teb\"><a href=\"https:\/\/i0.wp.com\/terjebjornstad.com\/no\/wp-content\/uploads\/2020\/06\/volvo-142-1080x720-1.png?ssl=1\"><img data-recalc-dims=\"1\" loading=\"lazy\" decoding=\"async\" data-attachment-id=\"32989\" data-permalink=\"https:\/\/terjebjornstad.com\/no\/2020\/06\/08\/veteran-volvoer-pa-sollihogda\/volvo-142-1080x720\/\" data-orig-file=\"https:\/\/i0.wp.com\/terjebjornstad.com\/no\/wp-content\/uploads\/2020\/06\/volvo-142-1080x720-1.png?fit=1080%2C720&amp;ssl=1\" data-orig-size=\"1080,720\" data-comments-opened=\"1\" data-image-meta=\"{&quot;aperture&quot;:&quot;0&quot;,&quot;credit&quot;:&quot;&quot;,&quot;camera&quot;:&quot;&quot;,&quot;caption&quot;:&quot;&quot;,&quot;created_timestamp&quot;:&quot;0&quot;,&quot;copyright&quot;:&quot;&quot;,&quot;focal_length&quot;:&quot;0&quot;,&quot;iso&quot;:&quot;0&quot;,&quot;shutter_speed&quot;:&quot;0&quot;,&quot;title&quot;:&quot;&quot;,&quot;orientation&quot;:&quot;0&quot;}\" data-image-title=\"volvo-142-1080&amp;#215;720\" data-image-description=\"\" data-image-caption=\"\" data-large-file=\"https:\/\/i0.wp.com\/terjebjornstad.com\/no\/wp-content\/uploads\/2020\/06\/volvo-142-1080x720-1.png?fit=980%2C653&amp;ssl=1\" src=\"https:\/\/i0.wp.com\/terjebjornstad.com\/no\/wp-content\/uploads\/2020\/06\/volvo-142-1080x720-1.png?resize=980%2C653&#038;ssl=1\" alt=\"sollih\u00f8gda\" width=\"980\" height=\"653\" class=\"aligncenter size-full wp-image-32989\" srcset=\"https:\/\/i0.wp.com\/terjebjornstad.com\/no\/wp-content\/uploads\/2020\/06\/volvo-142-1080x720-1.png?w=1080&amp;ssl=1 1080w, https:\/\/i0.wp.com\/terjebjornstad.com\/no\/wp-content\/uploads\/2020\/06\/volvo-142-1080x720-1.png?resize=300%2C200&amp;ssl=1 300w, https:\/\/i0.wp.com\/terjebjornstad.com\/no\/wp-content\/uploads\/2020\/06\/volvo-142-1080x720-1.png?resize=768%2C512&amp;ssl=1 768w, https:\/\/i0.wp.com\/terjebjornstad.com\/no\/wp-content\/uploads\/2020\/06\/volvo-142-1080x720-1.png?resize=690%2C460&amp;ssl=1 690w, https:\/\/i0.wp.com\/terjebjornstad.com\/no\/wp-content\/uploads\/2020\/06\/volvo-142-1080x720-1.png?resize=980%2C653&amp;ssl=1 980w\" sizes=\"auto, (max-width: 980px) 100vw, 980px\" \/><\/a><\/p>\n\n<h3 class=\"tebh2\">Sollih\u00f8gda Tursenter<\/h3>\n<p>Sist s\u00f8ndag kunne passerende over Sollih\u00f8gda f\u00e5 \u00f8ye p\u00e5 flotte veteran-Volvoer utenfor Sollih\u00f8gda Tursenter. Dette var et lite og privat treff hvor det var god avstand mellom folk som ikke kjente hverandre. Jeg tillot meg \u00e5 stikke innom \u00e5 kikke p\u00e5 bilene. Jeg kjente noen av dem igjen fra Cars &#038; Coffee-treff p\u00e5 begge sider av Sollih\u00f8gda. Likevel er det ikke hver dag man f\u00e5r se 7 Amazoner samlet p\u00e5 samme sted. Jeg noterte meg ogs\u00e5 2 PV 544, 2 Duetter, 1 Volvo 144, 1 stk 142, 1 stk 242 og 1 Volvo V90 Executive. <\/p>\n<p>Veteran-Volvoene passet perfekt foran Sollih\u00f8gda Tursenter, &#8211; akkurat som de gjorde da de var nye. Sollih\u00f8gda Tursenter gjen\u00e5pnet nemlig tidligere i \u00e5r, med retter basert p\u00e5 gode r\u00e5varer, &#8211; 2-retters meny til 200 kroner, &#8211; og sm\u00e5retter. Midt i blinken etter en s\u00f8ndagstur langs DNT&#8217;s merkede turstier &#8211; eller man svinger innom med nypolert finbil. <\/p>\n<p><a href=\"https:\/\/www.budstikka.no\/friluftsliv\/gjenapner-med-vafler-villsvin-og-gjeddekaker\/565334!\/\" target=\"_blank\" rel=\"noopener noreferrer\"><strong>Budstikka: Gjen\u00e5pner med vafler, villsvin og gjeddekaker<\/strong><\/a><br \/>\n<a href=\"https:\/\/www.facebook.com\/tursenteretSollihogda\" target=\"_blank\" rel=\"noopener noreferrer\"><strong>Sollih\u00f8gda Tursenter p\u00e5 Facebook<\/strong><\/a><\/p>\n<h3 class=\"tebh2\">Flere bilder<\/h3>\n<p>Du kan se bildene i st\u00f8rre format ved \u00e5 klikke p\u00e5 dem.<\/p>\n<figure id=\"attachment_32978\" aria-describedby=\"caption-attachment-32978\" style=\"width: 1080px\" class=\"wp-caption aligncenter\"><a href=\"https:\/\/i0.wp.com\/terjebjornstad.com\/no\/wp-content\/uploads\/2020\/06\/a2volvo-amazon-44-1080x720-1.png?ssl=1\"><img data-recalc-dims=\"1\" loading=\"lazy\" decoding=\"async\" data-attachment-id=\"32978\" data-permalink=\"https:\/\/terjebjornstad.com\/no\/2020\/06\/08\/veteran-volvoer-pa-sollihogda\/a2volvo-amazon-44-1080x720\/\" data-orig-file=\"https:\/\/i0.wp.com\/terjebjornstad.com\/no\/wp-content\/uploads\/2020\/06\/a2volvo-amazon-44-1080x720-1.png?fit=1080%2C720&amp;ssl=1\" data-orig-size=\"1080,720\" data-comments-opened=\"1\" data-image-meta=\"{&quot;aperture&quot;:&quot;0&quot;,&quot;credit&quot;:&quot;&quot;,&quot;camera&quot;:&quot;&quot;,&quot;caption&quot;:&quot;&quot;,&quot;created_timestamp&quot;:&quot;0&quot;,&quot;copyright&quot;:&quot;&quot;,&quot;focal_length&quot;:&quot;0&quot;,&quot;iso&quot;:&quot;0&quot;,&quot;shutter_speed&quot;:&quot;0&quot;,&quot;title&quot;:&quot;&quot;,&quot;orientation&quot;:&quot;0&quot;}\" data-image-title=\"a2volvo-amazon-44-1080&amp;#215;720\" data-image-description=\"\" data-image-caption=\"&lt;p&gt;Fra Amazon-samlingen&lt;\/p&gt;\n\" data-large-file=\"https:\/\/i0.wp.com\/terjebjornstad.com\/no\/wp-content\/uploads\/2020\/06\/a2volvo-amazon-44-1080x720-1.png?fit=980%2C653&amp;ssl=1\" src=\"https:\/\/i0.wp.com\/terjebjornstad.com\/no\/wp-content\/uploads\/2020\/06\/a2volvo-amazon-44-1080x720-1.png?resize=980%2C653&#038;ssl=1\" alt=\"sollih\u00f8gda\" width=\"980\" height=\"653\" class=\"size-full wp-image-32978\" srcset=\"https:\/\/i0.wp.com\/terjebjornstad.com\/no\/wp-content\/uploads\/2020\/06\/a2volvo-amazon-44-1080x720-1.png?w=1080&amp;ssl=1 1080w, https:\/\/i0.wp.com\/terjebjornstad.com\/no\/wp-content\/uploads\/2020\/06\/a2volvo-amazon-44-1080x720-1.png?resize=300%2C200&amp;ssl=1 300w, https:\/\/i0.wp.com\/terjebjornstad.com\/no\/wp-content\/uploads\/2020\/06\/a2volvo-amazon-44-1080x720-1.png?resize=768%2C512&amp;ssl=1 768w, https:\/\/i0.wp.com\/terjebjornstad.com\/no\/wp-content\/uploads\/2020\/06\/a2volvo-amazon-44-1080x720-1.png?resize=690%2C460&amp;ssl=1 690w, https:\/\/i0.wp.com\/terjebjornstad.com\/no\/wp-content\/uploads\/2020\/06\/a2volvo-amazon-44-1080x720-1.png?resize=980%2C653&amp;ssl=1 980w\" sizes=\"auto, (max-width: 980px) 100vw, 980px\" \/><\/a><figcaption id=\"caption-attachment-32978\" class=\"wp-caption-text\">Fra Amazon-samlingen<\/figcaption><\/figure>\n<figure id=\"attachment_32979\" aria-describedby=\"caption-attachment-32979\" style=\"width: 1080px\" class=\"wp-caption aligncenter\"><a href=\"https:\/\/i0.wp.com\/terjebjornstad.com\/no\/wp-content\/uploads\/2020\/06\/a3volvo-pv-duett-1080x720-1.png?ssl=1\"><img data-recalc-dims=\"1\" loading=\"lazy\" decoding=\"async\" data-attachment-id=\"32979\" data-permalink=\"https:\/\/terjebjornstad.com\/no\/2020\/06\/08\/veteran-volvoer-pa-sollihogda\/a3volvo-pv-duett-1080x720\/\" data-orig-file=\"https:\/\/i0.wp.com\/terjebjornstad.com\/no\/wp-content\/uploads\/2020\/06\/a3volvo-pv-duett-1080x720-1.png?fit=1080%2C720&amp;ssl=1\" data-orig-size=\"1080,720\" data-comments-opened=\"1\" data-image-meta=\"{&quot;aperture&quot;:&quot;0&quot;,&quot;credit&quot;:&quot;&quot;,&quot;camera&quot;:&quot;&quot;,&quot;caption&quot;:&quot;&quot;,&quot;created_timestamp&quot;:&quot;0&quot;,&quot;copyright&quot;:&quot;&quot;,&quot;focal_length&quot;:&quot;0&quot;,&quot;iso&quot;:&quot;0&quot;,&quot;shutter_speed&quot;:&quot;0&quot;,&quot;title&quot;:&quot;&quot;,&quot;orientation&quot;:&quot;0&quot;}\" data-image-title=\"a3volvo-pv-duett-1080&amp;#215;720\" data-image-description=\"\" data-image-caption=\"&lt;p&gt;Volvo PV 544 og Duett &amp;laquo;servicebil&amp;raquo;&lt;\/p&gt;\n\" data-large-file=\"https:\/\/i0.wp.com\/terjebjornstad.com\/no\/wp-content\/uploads\/2020\/06\/a3volvo-pv-duett-1080x720-1.png?fit=980%2C653&amp;ssl=1\" src=\"https:\/\/i0.wp.com\/terjebjornstad.com\/no\/wp-content\/uploads\/2020\/06\/a3volvo-pv-duett-1080x720-1.png?resize=980%2C653&#038;ssl=1\" alt=\"sollih\u00f8gda\" width=\"980\" height=\"653\" class=\"size-full wp-image-32979\" srcset=\"https:\/\/i0.wp.com\/terjebjornstad.com\/no\/wp-content\/uploads\/2020\/06\/a3volvo-pv-duett-1080x720-1.png?w=1080&amp;ssl=1 1080w, https:\/\/i0.wp.com\/terjebjornstad.com\/no\/wp-content\/uploads\/2020\/06\/a3volvo-pv-duett-1080x720-1.png?resize=300%2C200&amp;ssl=1 300w, https:\/\/i0.wp.com\/terjebjornstad.com\/no\/wp-content\/uploads\/2020\/06\/a3volvo-pv-duett-1080x720-1.png?resize=768%2C512&amp;ssl=1 768w, https:\/\/i0.wp.com\/terjebjornstad.com\/no\/wp-content\/uploads\/2020\/06\/a3volvo-pv-duett-1080x720-1.png?resize=690%2C460&amp;ssl=1 690w, https:\/\/i0.wp.com\/terjebjornstad.com\/no\/wp-content\/uploads\/2020\/06\/a3volvo-pv-duett-1080x720-1.png?resize=980%2C653&amp;ssl=1 980w\" sizes=\"auto, (max-width: 980px) 100vw, 980px\" \/><\/a><figcaption id=\"caption-attachment-32979\" class=\"wp-caption-text\">PV544 og Duett &laquo;servicebil&raquo;.<\/figcaption><\/figure>\n<figure id=\"attachment_32980\" aria-describedby=\"caption-attachment-32980\" style=\"width: 1080px\" class=\"wp-caption aligncenter\"><a href=\"https:\/\/i0.wp.com\/terjebjornstad.com\/no\/wp-content\/uploads\/2020\/06\/a4volvo-142-pv-544-1080x720-1.png?ssl=1\"><img data-recalc-dims=\"1\" loading=\"lazy\" decoding=\"async\" data-attachment-id=\"32980\" data-permalink=\"https:\/\/terjebjornstad.com\/no\/2020\/06\/08\/veteran-volvoer-pa-sollihogda\/a4volvo-142-pv-544-1080x720\/\" data-orig-file=\"https:\/\/i0.wp.com\/terjebjornstad.com\/no\/wp-content\/uploads\/2020\/06\/a4volvo-142-pv-544-1080x720-1.png?fit=1080%2C720&amp;ssl=1\" data-orig-size=\"1080,720\" data-comments-opened=\"1\" data-image-meta=\"{&quot;aperture&quot;:&quot;0&quot;,&quot;credit&quot;:&quot;&quot;,&quot;camera&quot;:&quot;&quot;,&quot;caption&quot;:&quot;&quot;,&quot;created_timestamp&quot;:&quot;0&quot;,&quot;copyright&quot;:&quot;&quot;,&quot;focal_length&quot;:&quot;0&quot;,&quot;iso&quot;:&quot;0&quot;,&quot;shutter_speed&quot;:&quot;0&quot;,&quot;title&quot;:&quot;&quot;,&quot;orientation&quot;:&quot;0&quot;}\" data-image-title=\"a4volvo-142-pv-544-1080&amp;#215;720\" data-image-description=\"&lt;p&gt;Volvo 142 B20 og Volvo PV 544&lt;\/p&gt;\n\" data-image-caption=\"&lt;p&gt;1971 Volvo 142 B20 Deluxe&lt;\/p&gt;\n\" data-large-file=\"https:\/\/i0.wp.com\/terjebjornstad.com\/no\/wp-content\/uploads\/2020\/06\/a4volvo-142-pv-544-1080x720-1.png?fit=980%2C653&amp;ssl=1\" src=\"https:\/\/i0.wp.com\/terjebjornstad.com\/no\/wp-content\/uploads\/2020\/06\/a4volvo-142-pv-544-1080x720-1.png?resize=980%2C653&#038;ssl=1\" alt=\"sollih\u00f8gda\" width=\"980\" height=\"653\" class=\"size-full wp-image-32980\" srcset=\"https:\/\/i0.wp.com\/terjebjornstad.com\/no\/wp-content\/uploads\/2020\/06\/a4volvo-142-pv-544-1080x720-1.png?w=1080&amp;ssl=1 1080w, https:\/\/i0.wp.com\/terjebjornstad.com\/no\/wp-content\/uploads\/2020\/06\/a4volvo-142-pv-544-1080x720-1.png?resize=300%2C200&amp;ssl=1 300w, https:\/\/i0.wp.com\/terjebjornstad.com\/no\/wp-content\/uploads\/2020\/06\/a4volvo-142-pv-544-1080x720-1.png?resize=768%2C512&amp;ssl=1 768w, https:\/\/i0.wp.com\/terjebjornstad.com\/no\/wp-content\/uploads\/2020\/06\/a4volvo-142-pv-544-1080x720-1.png?resize=690%2C460&amp;ssl=1 690w, https:\/\/i0.wp.com\/terjebjornstad.com\/no\/wp-content\/uploads\/2020\/06\/a4volvo-142-pv-544-1080x720-1.png?resize=980%2C653&amp;ssl=1 980w\" sizes=\"auto, (max-width: 980px) 100vw, 980px\" \/><\/a><figcaption id=\"caption-attachment-32980\" class=\"wp-caption-text\">1971 Volvo 142 B20 Deluxe<\/figcaption><\/figure>\n<figure id=\"attachment_32981\" aria-describedby=\"caption-attachment-32981\" style=\"width: 1080px\" class=\"wp-caption aligncenter\"><a href=\"https:\/\/i0.wp.com\/terjebjornstad.com\/no\/wp-content\/uploads\/2020\/06\/a5volvo-240-corsa-velocita-1080x720-1.png?ssl=1\"><img data-recalc-dims=\"1\" loading=\"lazy\" decoding=\"async\" data-attachment-id=\"32981\" data-permalink=\"https:\/\/terjebjornstad.com\/no\/2020\/06\/08\/veteran-volvoer-pa-sollihogda\/a5volvo-240-corsa-velocita-1080x720\/\" data-orig-file=\"https:\/\/i0.wp.com\/terjebjornstad.com\/no\/wp-content\/uploads\/2020\/06\/a5volvo-240-corsa-velocita-1080x720-1.png?fit=1080%2C720&amp;ssl=1\" data-orig-size=\"1080,720\" data-comments-opened=\"1\" data-image-meta=\"{&quot;aperture&quot;:&quot;0&quot;,&quot;credit&quot;:&quot;&quot;,&quot;camera&quot;:&quot;&quot;,&quot;caption&quot;:&quot;&quot;,&quot;created_timestamp&quot;:&quot;0&quot;,&quot;copyright&quot;:&quot;&quot;,&quot;focal_length&quot;:&quot;0&quot;,&quot;iso&quot;:&quot;0&quot;,&quot;shutter_speed&quot;:&quot;0&quot;,&quot;title&quot;:&quot;&quot;,&quot;orientation&quot;:&quot;0&quot;}\" data-image-title=\"a5volvo-240-corsa-velocita-1080&amp;#215;720\" data-image-description=\"\" data-image-caption=\"&lt;p&gt;Flotte hjul for veteranbilen. De er mye fetere enn de ser ut her i profil.&lt;\/p&gt;\n\" data-large-file=\"https:\/\/i0.wp.com\/terjebjornstad.com\/no\/wp-content\/uploads\/2020\/06\/a5volvo-240-corsa-velocita-1080x720-1.png?fit=980%2C653&amp;ssl=1\" src=\"https:\/\/i0.wp.com\/terjebjornstad.com\/no\/wp-content\/uploads\/2020\/06\/a5volvo-240-corsa-velocita-1080x720-1.png?resize=980%2C653&#038;ssl=1\" alt=\"sollih\u00f8gda\" width=\"980\" height=\"653\" class=\"size-full wp-image-32981\" srcset=\"https:\/\/i0.wp.com\/terjebjornstad.com\/no\/wp-content\/uploads\/2020\/06\/a5volvo-240-corsa-velocita-1080x720-1.png?w=1080&amp;ssl=1 1080w, https:\/\/i0.wp.com\/terjebjornstad.com\/no\/wp-content\/uploads\/2020\/06\/a5volvo-240-corsa-velocita-1080x720-1.png?resize=300%2C200&amp;ssl=1 300w, https:\/\/i0.wp.com\/terjebjornstad.com\/no\/wp-content\/uploads\/2020\/06\/a5volvo-240-corsa-velocita-1080x720-1.png?resize=768%2C512&amp;ssl=1 768w, https:\/\/i0.wp.com\/terjebjornstad.com\/no\/wp-content\/uploads\/2020\/06\/a5volvo-240-corsa-velocita-1080x720-1.png?resize=690%2C460&amp;ssl=1 690w, https:\/\/i0.wp.com\/terjebjornstad.com\/no\/wp-content\/uploads\/2020\/06\/a5volvo-240-corsa-velocita-1080x720-1.png?resize=980%2C653&amp;ssl=1 980w\" sizes=\"auto, (max-width: 980px) 100vw, 980px\" \/><\/a><figcaption id=\"caption-attachment-32981\" class=\"wp-caption-text\">De fleste Volvoene sto p\u00e5 Volvo breifelger. Disse felgene var enda fetere, &#8211; mye fetere enn de ser ut her i profil &#8211; men passer stilmessig til veteranbiler fra Volvo, BMW og italienske biler.<\/figcaption><\/figure>\n<figure id=\"attachment_32982\" aria-describedby=\"caption-attachment-32982\" style=\"width: 1080px\" class=\"wp-caption aligncenter\"><a href=\"https:\/\/i0.wp.com\/terjebjornstad.com\/no\/wp-content\/uploads\/2020\/06\/a6volvo-amazon-2-1080x720-1.png?ssl=1\"><img data-recalc-dims=\"1\" loading=\"lazy\" decoding=\"async\" data-attachment-id=\"32982\" data-permalink=\"https:\/\/terjebjornstad.com\/no\/2020\/06\/08\/veteran-volvoer-pa-sollihogda\/a6volvo-amazon-2-1080x720\/\" data-orig-file=\"https:\/\/i0.wp.com\/terjebjornstad.com\/no\/wp-content\/uploads\/2020\/06\/a6volvo-amazon-2-1080x720-1.png?fit=1080%2C720&amp;ssl=1\" data-orig-size=\"1080,720\" data-comments-opened=\"1\" data-image-meta=\"{&quot;aperture&quot;:&quot;0&quot;,&quot;credit&quot;:&quot;&quot;,&quot;camera&quot;:&quot;&quot;,&quot;caption&quot;:&quot;&quot;,&quot;created_timestamp&quot;:&quot;0&quot;,&quot;copyright&quot;:&quot;&quot;,&quot;focal_length&quot;:&quot;0&quot;,&quot;iso&quot;:&quot;0&quot;,&quot;shutter_speed&quot;:&quot;0&quot;,&quot;title&quot;:&quot;&quot;,&quot;orientation&quot;:&quot;0&quot;}\" data-image-title=\"a6volvo-amazon-2-1080&amp;#215;720\" data-image-description=\"\" data-image-caption=\"&lt;p&gt;Det er ikke hver dag man kommer over 6 Amazoner p\u00e5 samme sted.&lt;\/p&gt;\n\" data-large-file=\"https:\/\/i0.wp.com\/terjebjornstad.com\/no\/wp-content\/uploads\/2020\/06\/a6volvo-amazon-2-1080x720-1.png?fit=980%2C653&amp;ssl=1\" src=\"https:\/\/i0.wp.com\/terjebjornstad.com\/no\/wp-content\/uploads\/2020\/06\/a6volvo-amazon-2-1080x720-1.png?resize=980%2C653&#038;ssl=1\" alt=\"sollih\u00f8gda\" width=\"980\" height=\"653\" class=\"size-full wp-image-32982\" srcset=\"https:\/\/i0.wp.com\/terjebjornstad.com\/no\/wp-content\/uploads\/2020\/06\/a6volvo-amazon-2-1080x720-1.png?w=1080&amp;ssl=1 1080w, https:\/\/i0.wp.com\/terjebjornstad.com\/no\/wp-content\/uploads\/2020\/06\/a6volvo-amazon-2-1080x720-1.png?resize=300%2C200&amp;ssl=1 300w, https:\/\/i0.wp.com\/terjebjornstad.com\/no\/wp-content\/uploads\/2020\/06\/a6volvo-amazon-2-1080x720-1.png?resize=768%2C512&amp;ssl=1 768w, https:\/\/i0.wp.com\/terjebjornstad.com\/no\/wp-content\/uploads\/2020\/06\/a6volvo-amazon-2-1080x720-1.png?resize=690%2C460&amp;ssl=1 690w, https:\/\/i0.wp.com\/terjebjornstad.com\/no\/wp-content\/uploads\/2020\/06\/a6volvo-amazon-2-1080x720-1.png?resize=980%2C653&amp;ssl=1 980w\" sizes=\"auto, (max-width: 980px) 100vw, 980px\" \/><\/a><figcaption id=\"caption-attachment-32982\" class=\"wp-caption-text\">Det er ikke hver dag man kommer over 7 Amazoner p\u00e5 samme sted.<\/figcaption><\/figure>\n<figure id=\"attachment_32983\" aria-describedby=\"caption-attachment-32983\" style=\"width: 1080px\" class=\"wp-caption aligncenter\"><a href=\"https:\/\/i0.wp.com\/terjebjornstad.com\/no\/wp-content\/uploads\/2020\/06\/a7volvo-amazon-1-1080x720-1.png?ssl=1\"><img data-recalc-dims=\"1\" width=\"980\" loading=\"lazy\" decoding=\"async\" data-attachment-id=\"32983\" data-permalink=\"https:\/\/terjebjornstad.com\/no\/2020\/06\/08\/veteran-volvoer-pa-sollihogda\/a7volvo-amazon-1-1080x720\/\" data-orig-file=\"https:\/\/i0.wp.com\/terjebjornstad.com\/no\/wp-content\/uploads\/2020\/06\/a7volvo-amazon-1-1080x720-1.png?fit=1080%2C720&amp;ssl=1\" data-orig-size=\"1080,720\" data-comments-opened=\"1\" data-image-meta=\"{&quot;aperture&quot;:&quot;0&quot;,&quot;credit&quot;:&quot;&quot;,&quot;camera&quot;:&quot;&quot;,&quot;caption&quot;:&quot;&quot;,&quot;created_timestamp&quot;:&quot;0&quot;,&quot;copyright&quot;:&quot;&quot;,&quot;focal_length&quot;:&quot;0&quot;,&quot;iso&quot;:&quot;0&quot;,&quot;shutter_speed&quot;:&quot;0&quot;,&quot;title&quot;:&quot;&quot;,&quot;orientation&quot;:&quot;0&quot;}\" data-image-title=\"a7volvo-amazon-1-1080&amp;#215;720\" data-image-description=\"\" data-image-caption=\"&lt;p&gt;1970 Volvo 121 B20.&lt;\/p&gt;\n\" data-large-file=\"https:\/\/i0.wp.com\/terjebjornstad.com\/no\/wp-content\/uploads\/2020\/06\/a7volvo-amazon-1-1080x720-1.png?fit=980%2C653&amp;ssl=1\" src=\"https:\/\/i0.wp.com\/terjebjornstad.com\/no\/wp-content\/uploads\/2020\/06\/a7volvo-amazon-1-1080x720-1.png?fit=980%2C720&#038;ssl=1\" alt=\"sollih\u00f8gda width=\"1080\" height=\"720\" class=\"size-full wp-image-32983\" srcset=\"https:\/\/i0.wp.com\/terjebjornstad.com\/no\/wp-content\/uploads\/2020\/06\/a7volvo-amazon-1-1080x720-1.png?w=1080&amp;ssl=1 1080w, https:\/\/i0.wp.com\/terjebjornstad.com\/no\/wp-content\/uploads\/2020\/06\/a7volvo-amazon-1-1080x720-1.png?resize=300%2C200&amp;ssl=1 300w, https:\/\/i0.wp.com\/terjebjornstad.com\/no\/wp-content\/uploads\/2020\/06\/a7volvo-amazon-1-1080x720-1.png?resize=768%2C512&amp;ssl=1 768w, https:\/\/i0.wp.com\/terjebjornstad.com\/no\/wp-content\/uploads\/2020\/06\/a7volvo-amazon-1-1080x720-1.png?resize=690%2C460&amp;ssl=1 690w, https:\/\/i0.wp.com\/terjebjornstad.com\/no\/wp-content\/uploads\/2020\/06\/a7volvo-amazon-1-1080x720-1.png?resize=980%2C653&amp;ssl=1 980w\" sizes=\"(max-width: 980px) 100vw, 980px\" \/><\/a><figcaption id=\"caption-attachment-32983\" class=\"wp-caption-text\">1970 Volvo 121 B20.<\/figcaption><\/figure>\n<figure id=\"attachment_32984\" aria-describedby=\"caption-attachment-32984\" style=\"width: 1080px\" class=\"wp-caption aligncenter\"><a href=\"https:\/\/i0.wp.com\/terjebjornstad.com\/no\/wp-content\/uploads\/2020\/06\/a8volvo-amazon-3-1080x720-1.png?ssl=1\"><img data-recalc-dims=\"1\" loading=\"lazy\" decoding=\"async\" data-attachment-id=\"32984\" data-permalink=\"https:\/\/terjebjornstad.com\/no\/2020\/06\/08\/veteran-volvoer-pa-sollihogda\/a8volvo-amazon-3-1080x720\/\" data-orig-file=\"https:\/\/i0.wp.com\/terjebjornstad.com\/no\/wp-content\/uploads\/2020\/06\/a8volvo-amazon-3-1080x720-1.png?fit=1080%2C720&amp;ssl=1\" data-orig-size=\"1080,720\" data-comments-opened=\"1\" data-image-meta=\"{&quot;aperture&quot;:&quot;0&quot;,&quot;credit&quot;:&quot;&quot;,&quot;camera&quot;:&quot;&quot;,&quot;caption&quot;:&quot;&quot;,&quot;created_timestamp&quot;:&quot;0&quot;,&quot;copyright&quot;:&quot;&quot;,&quot;focal_length&quot;:&quot;0&quot;,&quot;iso&quot;:&quot;0&quot;,&quot;shutter_speed&quot;:&quot;0&quot;,&quot;title&quot;:&quot;&quot;,&quot;orientation&quot;:&quot;0&quot;}\" data-image-title=\"a8volvo-amazon-3-1080&amp;#215;720\" data-image-description=\"\" data-image-caption=\"&lt;p&gt;Klassise linjer med hint av USA og Italia.&lt;\/p&gt;\n\" data-large-file=\"https:\/\/i0.wp.com\/terjebjornstad.com\/no\/wp-content\/uploads\/2020\/06\/a8volvo-amazon-3-1080x720-1.png?fit=980%2C653&amp;ssl=1\" src=\"https:\/\/i0.wp.com\/terjebjornstad.com\/no\/wp-content\/uploads\/2020\/06\/a8volvo-amazon-3-1080x720-1.png?resize=980%2C653&#038;ssl=1\" alt=\"sollih\u00f8gda\" width=\"980\" height=\"653\" class=\"size-full wp-image-32984\" srcset=\"https:\/\/i0.wp.com\/terjebjornstad.com\/no\/wp-content\/uploads\/2020\/06\/a8volvo-amazon-3-1080x720-1.png?w=1080&amp;ssl=1 1080w, https:\/\/i0.wp.com\/terjebjornstad.com\/no\/wp-content\/uploads\/2020\/06\/a8volvo-amazon-3-1080x720-1.png?resize=300%2C200&amp;ssl=1 300w, https:\/\/i0.wp.com\/terjebjornstad.com\/no\/wp-content\/uploads\/2020\/06\/a8volvo-amazon-3-1080x720-1.png?resize=768%2C512&amp;ssl=1 768w, https:\/\/i0.wp.com\/terjebjornstad.com\/no\/wp-content\/uploads\/2020\/06\/a8volvo-amazon-3-1080x720-1.png?resize=690%2C460&amp;ssl=1 690w, https:\/\/i0.wp.com\/terjebjornstad.com\/no\/wp-content\/uploads\/2020\/06\/a8volvo-amazon-3-1080x720-1.png?resize=980%2C653&amp;ssl=1 980w\" sizes=\"auto, (max-width: 980px) 100vw, 980px\" \/><\/a><figcaption id=\"caption-attachment-32984\" class=\"wp-caption-text\">Klassise linjer med hint av USA og Italia.<\/figcaption><\/figure>\n<figure id=\"attachment_32986\" aria-describedby=\"caption-attachment-32986\" style=\"width: 1080px\" class=\"wp-caption aligncenter\"><a href=\"https:\/\/i0.wp.com\/terjebjornstad.com\/no\/wp-content\/uploads\/2020\/06\/1973-Volvo-144-B20-Deluxe.png?ssl=1\"><img data-recalc-dims=\"1\" loading=\"lazy\" decoding=\"async\" data-attachment-id=\"32986\" data-permalink=\"https:\/\/terjebjornstad.com\/no\/2020\/06\/08\/veteran-volvoer-pa-sollihogda\/1973-volvo-144-b20-deluxe\/\" data-orig-file=\"https:\/\/i0.wp.com\/terjebjornstad.com\/no\/wp-content\/uploads\/2020\/06\/1973-Volvo-144-B20-Deluxe.png?fit=1080%2C720&amp;ssl=1\" data-orig-size=\"1080,720\" data-comments-opened=\"1\" data-image-meta=\"{&quot;aperture&quot;:&quot;0&quot;,&quot;credit&quot;:&quot;&quot;,&quot;camera&quot;:&quot;&quot;,&quot;caption&quot;:&quot;&quot;,&quot;created_timestamp&quot;:&quot;0&quot;,&quot;copyright&quot;:&quot;&quot;,&quot;focal_length&quot;:&quot;0&quot;,&quot;iso&quot;:&quot;0&quot;,&quot;shutter_speed&quot;:&quot;0&quot;,&quot;title&quot;:&quot;&quot;,&quot;orientation&quot;:&quot;0&quot;}\" data-image-title=\"1973-Volvo-144-B20-Deluxe\" data-image-description=\"\" data-image-caption=\"&lt;p&gt;Ingen sak \u00e5 skru n\u00e5r alt er s\u00e5 rent i motorrommet.&lt;\/p&gt;\n\" data-large-file=\"https:\/\/i0.wp.com\/terjebjornstad.com\/no\/wp-content\/uploads\/2020\/06\/1973-Volvo-144-B20-Deluxe.png?fit=980%2C653&amp;ssl=1\" src=\"https:\/\/i0.wp.com\/terjebjornstad.com\/no\/wp-content\/uploads\/2020\/06\/1973-Volvo-144-B20-Deluxe.png?resize=980%2C653&#038;ssl=1\" alt=\"veteran-volvo\" width=\"980\" height=\"653\" class=\"size-full wp-image-32986\" srcset=\"https:\/\/i0.wp.com\/terjebjornstad.com\/no\/wp-content\/uploads\/2020\/06\/1973-Volvo-144-B20-Deluxe.png?w=1080&amp;ssl=1 1080w, https:\/\/i0.wp.com\/terjebjornstad.com\/no\/wp-content\/uploads\/2020\/06\/1973-Volvo-144-B20-Deluxe.png?resize=300%2C200&amp;ssl=1 300w, https:\/\/i0.wp.com\/terjebjornstad.com\/no\/wp-content\/uploads\/2020\/06\/1973-Volvo-144-B20-Deluxe.png?resize=768%2C512&amp;ssl=1 768w, https:\/\/i0.wp.com\/terjebjornstad.com\/no\/wp-content\/uploads\/2020\/06\/1973-Volvo-144-B20-Deluxe.png?resize=690%2C460&amp;ssl=1 690w, https:\/\/i0.wp.com\/terjebjornstad.com\/no\/wp-content\/uploads\/2020\/06\/1973-Volvo-144-B20-Deluxe.png?resize=980%2C653&amp;ssl=1 980w\" sizes=\"auto, (max-width: 980px) 100vw, 980px\" \/><\/a><figcaption id=\"caption-attachment-32986\" class=\"wp-caption-text\">Ingen sak \u00e5 skru n\u00e5r alt er s\u00e5 rent i motorrommet.<\/figcaption><\/figure>\n<figure id=\"attachment_32995\" aria-describedby=\"caption-attachment-32995\" style=\"width: 1080px\" class=\"wp-caption aligncenter\"><a href=\"https:\/\/i0.wp.com\/terjebjornstad.com\/no\/wp-content\/uploads\/2020\/06\/volvo-140-1080x720-1.png?ssl=1\"><img data-recalc-dims=\"1\" loading=\"lazy\" decoding=\"async\" data-attachment-id=\"32995\" data-permalink=\"https:\/\/terjebjornstad.com\/no\/2020\/06\/08\/veteran-volvoer-pa-sollihogda\/volvo-140-1080x720\/\" data-orig-file=\"https:\/\/i0.wp.com\/terjebjornstad.com\/no\/wp-content\/uploads\/2020\/06\/volvo-140-1080x720-1.png?fit=1080%2C720&amp;ssl=1\" data-orig-size=\"1080,720\" data-comments-opened=\"1\" data-image-meta=\"{&quot;aperture&quot;:&quot;0&quot;,&quot;credit&quot;:&quot;&quot;,&quot;camera&quot;:&quot;&quot;,&quot;caption&quot;:&quot;&quot;,&quot;created_timestamp&quot;:&quot;0&quot;,&quot;copyright&quot;:&quot;&quot;,&quot;focal_length&quot;:&quot;0&quot;,&quot;iso&quot;:&quot;0&quot;,&quot;shutter_speed&quot;:&quot;0&quot;,&quot;title&quot;:&quot;&quot;,&quot;orientation&quot;:&quot;0&quot;}\" data-image-title=\"volvo-140-1080&amp;#215;720\" data-image-description=\"\" data-image-caption=\"&lt;p&gt;1973 &amp;#8211; da 140-serien fikk nytt dashbord.&lt;\/p&gt;\n\" data-large-file=\"https:\/\/i0.wp.com\/terjebjornstad.com\/no\/wp-content\/uploads\/2020\/06\/volvo-140-1080x720-1.png?fit=980%2C653&amp;ssl=1\" src=\"https:\/\/i0.wp.com\/terjebjornstad.com\/no\/wp-content\/uploads\/2020\/06\/volvo-140-1080x720-1.png?resize=980%2C653&#038;ssl=1\" alt=\"\" width=\"980\" height=\"653\" class=\"size-full wp-image-32995\" srcset=\"https:\/\/i0.wp.com\/terjebjornstad.com\/no\/wp-content\/uploads\/2020\/06\/volvo-140-1080x720-1.png?w=1080&amp;ssl=1 1080w, https:\/\/i0.wp.com\/terjebjornstad.com\/no\/wp-content\/uploads\/2020\/06\/volvo-140-1080x720-1.png?resize=300%2C200&amp;ssl=1 300w, https:\/\/i0.wp.com\/terjebjornstad.com\/no\/wp-content\/uploads\/2020\/06\/volvo-140-1080x720-1.png?resize=768%2C512&amp;ssl=1 768w, https:\/\/i0.wp.com\/terjebjornstad.com\/no\/wp-content\/uploads\/2020\/06\/volvo-140-1080x720-1.png?resize=690%2C460&amp;ssl=1 690w, https:\/\/i0.wp.com\/terjebjornstad.com\/no\/wp-content\/uploads\/2020\/06\/volvo-140-1080x720-1.png?resize=980%2C653&amp;ssl=1 980w\" sizes=\"auto, (max-width: 980px) 100vw, 980px\" \/><\/a><figcaption id=\"caption-attachment-32995\" class=\"wp-caption-text\">1973 &#8211; da 140-serien fikk nytt dashbord.<\/figcaption><\/figure>\n<figure id=\"attachment_32977\" aria-describedby=\"caption-attachment-32977\" style=\"width: 1080px\" class=\"wp-caption aligncenter\"><a href=\"https:\/\/i0.wp.com\/terjebjornstad.com\/no\/wp-content\/uploads\/2020\/06\/a1volvo-duett-1080x720-1.png?ssl=1\"><img data-recalc-dims=\"1\" loading=\"lazy\" decoding=\"async\" data-attachment-id=\"32977\" data-permalink=\"https:\/\/terjebjornstad.com\/no\/2020\/06\/08\/veteran-volvoer-pa-sollihogda\/a1volvo-duett-1080x720\/\" data-orig-file=\"https:\/\/i0.wp.com\/terjebjornstad.com\/no\/wp-content\/uploads\/2020\/06\/a1volvo-duett-1080x720-1.png?fit=1080%2C720&amp;ssl=1\" data-orig-size=\"1080,720\" data-comments-opened=\"1\" data-image-meta=\"{&quot;aperture&quot;:&quot;0&quot;,&quot;credit&quot;:&quot;&quot;,&quot;camera&quot;:&quot;&quot;,&quot;caption&quot;:&quot;&quot;,&quot;created_timestamp&quot;:&quot;0&quot;,&quot;copyright&quot;:&quot;&quot;,&quot;focal_length&quot;:&quot;0&quot;,&quot;iso&quot;:&quot;0&quot;,&quot;shutter_speed&quot;:&quot;0&quot;,&quot;title&quot;:&quot;&quot;,&quot;orientation&quot;:&quot;0&quot;}\" data-image-title=\"a1volvo-duett-1080&amp;#215;720\" data-image-description=\"\" data-image-caption=\"&lt;p&gt;Volvo 210 Duett&lt;\/p&gt;\n\" data-large-file=\"https:\/\/i0.wp.com\/terjebjornstad.com\/no\/wp-content\/uploads\/2020\/06\/a1volvo-duett-1080x720-1.png?fit=980%2C653&amp;ssl=1\" src=\"https:\/\/i0.wp.com\/terjebjornstad.com\/no\/wp-content\/uploads\/2020\/06\/a1volvo-duett-1080x720-1.png?resize=980%2C653&#038;ssl=1\" alt=\"veteran-volvo\" width=\"980\" height=\"653\" class=\"size-full wp-image-32977\" srcset=\"https:\/\/i0.wp.com\/terjebjornstad.com\/no\/wp-content\/uploads\/2020\/06\/a1volvo-duett-1080x720-1.png?w=1080&amp;ssl=1 1080w, https:\/\/i0.wp.com\/terjebjornstad.com\/no\/wp-content\/uploads\/2020\/06\/a1volvo-duett-1080x720-1.png?resize=300%2C200&amp;ssl=1 300w, https:\/\/i0.wp.com\/terjebjornstad.com\/no\/wp-content\/uploads\/2020\/06\/a1volvo-duett-1080x720-1.png?resize=768%2C512&amp;ssl=1 768w, https:\/\/i0.wp.com\/terjebjornstad.com\/no\/wp-content\/uploads\/2020\/06\/a1volvo-duett-1080x720-1.png?resize=690%2C460&amp;ssl=1 690w, https:\/\/i0.wp.com\/terjebjornstad.com\/no\/wp-content\/uploads\/2020\/06\/a1volvo-duett-1080x720-1.png?resize=980%2C653&amp;ssl=1 980w\" sizes=\"auto, (max-width: 980px) 100vw, 980px\" \/><\/a><figcaption id=\"caption-attachment-32977\" class=\"wp-caption-text\">Volvo Duett B18<\/figcaption><\/figure>\n<h3 class=\"tebh2\">Se ogs\u00e5<\/h3>\n<p><figure id=\"attachment_19944\" aria-describedby=\"caption-attachment-19944\" style=\"width: 150px\" class=\"wp-caption alignleft\"><a href=\"https:\/\/terjebjornstad.com\/no\/2018\/10\/22\/volvotreff-pa-jessheim\/\"><img data-recalc-dims=\"1\" loading=\"lazy\" decoding=\"async\" data-attachment-id=\"19944\" data-permalink=\"https:\/\/terjebjornstad.com\/no\/2018\/10\/22\/volvotreff-pa-jessheim\/volvo-amazon-monte-carlo-1080x1350\/\" data-orig-file=\"https:\/\/i0.wp.com\/terjebjornstad.com\/no\/wp-content\/uploads\/2018\/10\/volvo-amazon-monte-carlo-1080x1350.png?fit=1080%2C1350&amp;ssl=1\" data-orig-size=\"1080,1350\" data-comments-opened=\"1\" data-image-meta=\"{&quot;aperture&quot;:&quot;0&quot;,&quot;credit&quot;:&quot;&quot;,&quot;camera&quot;:&quot;&quot;,&quot;caption&quot;:&quot;&quot;,&quot;created_timestamp&quot;:&quot;0&quot;,&quot;copyright&quot;:&quot;&quot;,&quot;focal_length&quot;:&quot;0&quot;,&quot;iso&quot;:&quot;0&quot;,&quot;shutter_speed&quot;:&quot;0&quot;,&quot;title&quot;:&quot;&quot;,&quot;orientation&quot;:&quot;0&quot;}\" data-image-title=\"Volvo 121 Monte Carlo\" data-image-description=\"\" data-image-caption=\"&lt;p&gt;Amazon med Monte Carlo historikk hos Bilia, Jessheim.&lt;\/p&gt;\n\" data-large-file=\"https:\/\/i0.wp.com\/terjebjornstad.com\/no\/wp-content\/uploads\/2018\/10\/volvo-amazon-monte-carlo-1080x1350.png?fit=864%2C1080&amp;ssl=1\" src=\"https:\/\/i0.wp.com\/terjebjornstad.com\/no\/wp-content\/uploads\/2018\/10\/volvo-amazon-monte-carlo-1080x1350.png?resize=150%2C150&#038;ssl=1\" alt=\"\" width=\"150\" height=\"150\" class=\"size-thumbnail wp-image-19944\" srcset=\"https:\/\/i0.wp.com\/terjebjornstad.com\/no\/wp-content\/uploads\/2018\/10\/volvo-amazon-monte-carlo-1080x1350.png?resize=150%2C150&amp;ssl=1 150w, https:\/\/i0.wp.com\/terjebjornstad.com\/no\/wp-content\/uploads\/2018\/10\/volvo-amazon-monte-carlo-1080x1350.png?resize=50%2C50&amp;ssl=1 50w, https:\/\/i0.wp.com\/terjebjornstad.com\/no\/wp-content\/uploads\/2018\/10\/volvo-amazon-monte-carlo-1080x1350.png?zoom=2&amp;resize=150%2C150&amp;ssl=1 300w, https:\/\/i0.wp.com\/terjebjornstad.com\/no\/wp-content\/uploads\/2018\/10\/volvo-amazon-monte-carlo-1080x1350.png?zoom=3&amp;resize=150%2C150&amp;ssl=1 450w\" sizes=\"auto, (max-width: 150px) 100vw, 150px\" \/><\/a><figcaption id=\"caption-attachment-19944\" class=\"wp-caption-text\">Volvotreff p\u00e5 Jessheim.<\/figcaption><\/figure><figure id=\"attachment_27256\" aria-describedby=\"caption-attachment-27256\" style=\"width: 150px\" class=\"wp-caption alignleft\"><a href=\"https:\/\/terjebjornstad.com\/no\/volvo-121-amazon\/\"><img data-recalc-dims=\"1\" loading=\"lazy\" decoding=\"async\" data-attachment-id=\"27256\" data-permalink=\"https:\/\/terjebjornstad.com\/no\/2019\/10\/28\/oslo-motor-show-2019\/oms-volvo-amazon-oms-1080x1080\/\" data-orig-file=\"https:\/\/i0.wp.com\/terjebjornstad.com\/no\/wp-content\/uploads\/2019\/10\/oms-volvo-amazon-oms-1080x1080.png?fit=1080%2C1080&amp;ssl=1\" data-orig-size=\"1080,1080\" data-comments-opened=\"1\" data-image-meta=\"{&quot;aperture&quot;:&quot;0&quot;,&quot;credit&quot;:&quot;&quot;,&quot;camera&quot;:&quot;&quot;,&quot;caption&quot;:&quot;&quot;,&quot;created_timestamp&quot;:&quot;0&quot;,&quot;copyright&quot;:&quot;&quot;,&quot;focal_length&quot;:&quot;0&quot;,&quot;iso&quot;:&quot;0&quot;,&quot;shutter_speed&quot;:&quot;0&quot;,&quot;title&quot;:&quot;&quot;,&quot;orientation&quot;:&quot;0&quot;}\" data-image-title=\"oms-volvo-amazon-oms-1080\u00d71080\" data-image-description=\"\" data-image-caption=\"&lt;p&gt;Volvo 121&lt;\/p&gt;\n\" data-large-file=\"https:\/\/i0.wp.com\/terjebjornstad.com\/no\/wp-content\/uploads\/2019\/10\/oms-volvo-amazon-oms-1080x1080.png?fit=980%2C980&amp;ssl=1\" src=\"https:\/\/i0.wp.com\/terjebjornstad.com\/no\/wp-content\/uploads\/2019\/10\/oms-volvo-amazon-oms-1080x1080.png?resize=150%2C150&#038;ssl=1\" alt=\"\" width=\"150\" height=\"150\" class=\"size-thumbnail wp-image-27256\" srcset=\"https:\/\/i0.wp.com\/terjebjornstad.com\/no\/wp-content\/uploads\/2019\/10\/oms-volvo-amazon-oms-1080x1080.png?resize=150%2C150&amp;ssl=1 150w, https:\/\/i0.wp.com\/terjebjornstad.com\/no\/wp-content\/uploads\/2019\/10\/oms-volvo-amazon-oms-1080x1080.png?resize=300%2C300&amp;ssl=1 300w, https:\/\/i0.wp.com\/terjebjornstad.com\/no\/wp-content\/uploads\/2019\/10\/oms-volvo-amazon-oms-1080x1080.png?resize=768%2C768&amp;ssl=1 768w, https:\/\/i0.wp.com\/terjebjornstad.com\/no\/wp-content\/uploads\/2019\/10\/oms-volvo-amazon-oms-1080x1080.png?resize=690%2C690&amp;ssl=1 690w, https:\/\/i0.wp.com\/terjebjornstad.com\/no\/wp-content\/uploads\/2019\/10\/oms-volvo-amazon-oms-1080x1080.png?resize=980%2C980&amp;ssl=1 980w, https:\/\/i0.wp.com\/terjebjornstad.com\/no\/wp-content\/uploads\/2019\/10\/oms-volvo-amazon-oms-1080x1080.png?resize=50%2C50&amp;ssl=1 50w, https:\/\/i0.wp.com\/terjebjornstad.com\/no\/wp-content\/uploads\/2019\/10\/oms-volvo-amazon-oms-1080x1080.png?resize=1080%2C1080&amp;ssl=1 1080w\" sizes=\"auto, (max-width: 150px) 100vw, 150px\" \/><\/a><figcaption id=\"caption-attachment-27256\" class=\"wp-caption-text\">Volvo Amazon<\/figcaption><\/figure><br \/>\n\n<\/div>\n","protected":false,"gt_translate_keys":[{"key":"rendered","format":"html"}]},"excerpt":{"rendered":"<p>Sollih\u00f8gda Tursenter Sist s\u00f8ndag kunne passerende over Sollih\u00f8gda f\u00e5 \u00f8ye p\u00e5 flotte veteran-Volvoer utenfor Sollih\u00f8gda Tursenter. Dette var et lite og privat treff hvor det var god avstand mellom folk som ikke kjente hverandre. Jeg tillot meg \u00e5 stikke innom \u00e5 kikke p\u00e5 bilene. Jeg kjente noen av dem igjen fra Cars &#038; Coffee-treff p\u00e5 [&hellip;]<\/p>\n","protected":false,"gt_translate_keys":[{"key":"rendered","format":"html"}]},"author":1,"featured_media":32989,"comment_status":"open","ping_status":"open","sticky":false,"template":"","format":"standard","meta":{"_monsterinsights_skip_tracking":false,"_monsterinsights_sitenote_active":false,"_monsterinsights_sitenote_note":"","_monsterinsights_sitenote_category":0,"jetpack_post_was_ever_published":false,"_jetpack_newsletter_access":"","_jetpack_dont_email_post_to_subs":false,"_jetpack_newsletter_tier_id":0,"_jetpack_memberships_contains_paywalled_content":false,"_jetpack_memberships_contains_paid_content":false,"footnotes":"","jetpack_publicize_message":"","jetpack_publicize_feature_enabled":true,"jetpack_social_post_already_shared":true,"jetpack_social_options":{"image_generator_settings":{"template":"highway","default_image_id":0,"font":"","enabled":false},"version":2}},"categories":[2777,34,2778,484,138],"tags":[2782,2780,2781,2779,1979],"class_list":["post-32976","post","type-post","status-publish","format-standard","has-post-thumbnail","hentry","category-2777","category-artikkel","category-pv544","category-veteran","category-volvo","tag-nvak","tag-sollihogda","tag-sollihogda-tursenter","tag-veteranvolvo","tag-volvotreff"],"yoast_head":"<!-- This site is optimized with the Yoast SEO plugin v27.5 - https:\/\/yoast.com\/product\/yoast-seo-wordpress\/ -->\n<title>Veteran-Volvoer p\u00e5 Sollih\u00f8gda - Terjes biler - Amazon og PV<\/title>\n<meta name=\"description\" content=\"Veteran-Volvo - Amazon, PV, Duett, 140-serien m.m. var samlet i et lite, privat Volvotreff p\u00e5 Sollih\u00f8gda Tursenter.\" \/>\n<meta name=\"robots\" content=\"index, follow, max-snippet:-1, max-image-preview:large, max-video-preview:-1\" \/>\n<link rel=\"canonical\" href=\"https:\/\/terjebjornstad.com\/no\/2020\/06\/08\/veteran-volvoer-pa-sollihogda\/\" \/>\n<meta property=\"og:locale\" content=\"nb_NO\" \/>\n<meta property=\"og:type\" content=\"article\" \/>\n<meta property=\"og:title\" content=\"Veteran-Volvoer p\u00e5 Sollih\u00f8gda - Terjes biler - Amazon og PV\" \/>\n<meta property=\"og:description\" content=\"Veteran-Volvo - Amazon, PV, Duett, 140-serien m.m. var samlet i et lite, privat Volvotreff p\u00e5 Sollih\u00f8gda Tursenter.\" \/>\n<meta property=\"og:url\" content=\"https:\/\/terjebjornstad.com\/no\/2020\/06\/08\/veteran-volvoer-pa-sollihogda\/\" \/>\n<meta property=\"og:site_name\" content=\"Terjes biler\" \/>\n<meta property=\"article:publisher\" content=\"https:\/\/www.facebook.com\/terjesbiler\/\" \/>\n<meta property=\"article:author\" content=\"https:\/\/www.facebook.com\/terjesbiler\" \/>\n<meta property=\"article:published_time\" content=\"2020-06-08T08:09:42+00:00\" \/>\n<meta property=\"article:modified_time\" content=\"2026-03-02T00:44:47+00:00\" \/>\n<meta property=\"og:image\" content=\"https:\/\/terjebjornstad.com\/no\/wp-content\/uploads\/2020\/06\/volvo-142-1080x720-1.png\" \/>\n\t<meta property=\"og:image:width\" content=\"1080\" \/>\n\t<meta property=\"og:image:height\" content=\"720\" \/>\n\t<meta property=\"og:image:type\" content=\"image\/png\" \/>\n<meta name=\"author\" content=\"Terje Bj\u00f8rnstad\" \/>\n<meta name=\"twitter:card\" content=\"summary_large_image\" \/>\n<meta name=\"twitter:label1\" content=\"Skrevet av\" \/>\n\t<meta name=\"twitter:data1\" content=\"Terje Bj\u00f8rnstad\" \/>\n\t<meta name=\"twitter:label2\" content=\"Ansl. lesetid\" \/>\n\t<meta name=\"twitter:data2\" content=\"5 minutter\" \/>\n<script type=\"application\/ld+json\" class=\"yoast-schema-graph\">{\"@context\":\"https:\\\/\\\/schema.org\",\"@graph\":[{\"@type\":\"Article\",\"@id\":\"https:\\\/\\\/terjebjornstad.com\\\/no\\\/2020\\\/06\\\/08\\\/veteran-volvoer-pa-sollihogda\\\/#article\",\"isPartOf\":{\"@id\":\"https:\\\/\\\/terjebjornstad.com\\\/no\\\/2020\\\/06\\\/08\\\/veteran-volvoer-pa-sollihogda\\\/\"},\"author\":{\"name\":\"Terje Bj\u00f8rnstad\",\"@id\":\"https:\\\/\\\/terjebjornstad.com\\\/no\\\/#\\\/schema\\\/person\\\/a281f6a6e0f3cc9fe468e7f0c655aa65\"},\"headline\":\"Veteran-Volvoer p\u00e5 Sollih\u00f8gda\",\"datePublished\":\"2020-06-08T08:09:42+00:00\",\"dateModified\":\"2026-03-02T00:44:47+00:00\",\"mainEntityOfPage\":{\"@id\":\"https:\\\/\\\/terjebjornstad.com\\\/no\\\/2020\\\/06\\\/08\\\/veteran-volvoer-pa-sollihogda\\\/\"},\"wordCount\":280,\"commentCount\":0,\"publisher\":{\"@id\":\"https:\\\/\\\/terjebjornstad.com\\\/no\\\/#organization\"},\"image\":{\"@id\":\"https:\\\/\\\/terjebjornstad.com\\\/no\\\/2020\\\/06\\\/08\\\/veteran-volvoer-pa-sollihogda\\\/#primaryimage\"},\"thumbnailUrl\":\"https:\\\/\\\/i0.wp.com\\\/terjebjornstad.com\\\/no\\\/wp-content\\\/uploads\\\/2020\\\/06\\\/volvo-142-1080x720-1.png?fit=1080%2C720&ssl=1\",\"keywords\":[\"nvak\",\"sollih\u00f8gda\",\"sollih\u00f8gda tursenter\",\"veteranvolvo\",\"volvotreff\"],\"articleSection\":[\"121\",\"Artikkel\",\"PV544\",\"Veteran\",\"Volvo\"],\"inLanguage\":\"nb-NO\",\"potentialAction\":[{\"@type\":\"CommentAction\",\"name\":\"Comment\",\"target\":[\"https:\\\/\\\/terjebjornstad.com\\\/no\\\/2020\\\/06\\\/08\\\/veteran-volvoer-pa-sollihogda\\\/#respond\"]}]},{\"@type\":\"WebPage\",\"@id\":\"https:\\\/\\\/terjebjornstad.com\\\/no\\\/2020\\\/06\\\/08\\\/veteran-volvoer-pa-sollihogda\\\/\",\"url\":\"https:\\\/\\\/terjebjornstad.com\\\/no\\\/2020\\\/06\\\/08\\\/veteran-volvoer-pa-sollihogda\\\/\",\"name\":\"Veteran-Volvoer p\u00e5 Sollih\u00f8gda - Terjes biler - Amazon og PV\",\"isPartOf\":{\"@id\":\"https:\\\/\\\/terjebjornstad.com\\\/no\\\/#website\"},\"primaryImageOfPage\":{\"@id\":\"https:\\\/\\\/terjebjornstad.com\\\/no\\\/2020\\\/06\\\/08\\\/veteran-volvoer-pa-sollihogda\\\/#primaryimage\"},\"image\":{\"@id\":\"https:\\\/\\\/terjebjornstad.com\\\/no\\\/2020\\\/06\\\/08\\\/veteran-volvoer-pa-sollihogda\\\/#primaryimage\"},\"thumbnailUrl\":\"https:\\\/\\\/i0.wp.com\\\/terjebjornstad.com\\\/no\\\/wp-content\\\/uploads\\\/2020\\\/06\\\/volvo-142-1080x720-1.png?fit=1080%2C720&ssl=1\",\"datePublished\":\"2020-06-08T08:09:42+00:00\",\"dateModified\":\"2026-03-02T00:44:47+00:00\",\"description\":\"Veteran-Volvo - Amazon, PV, Duett, 140-serien m.m. var samlet i et lite, privat Volvotreff p\u00e5 Sollih\u00f8gda Tursenter.\",\"breadcrumb\":{\"@id\":\"https:\\\/\\\/terjebjornstad.com\\\/no\\\/2020\\\/06\\\/08\\\/veteran-volvoer-pa-sollihogda\\\/#breadcrumb\"},\"inLanguage\":\"nb-NO\",\"potentialAction\":[{\"@type\":\"ReadAction\",\"target\":[\"https:\\\/\\\/terjebjornstad.com\\\/no\\\/2020\\\/06\\\/08\\\/veteran-volvoer-pa-sollihogda\\\/\"]}]},{\"@type\":\"ImageObject\",\"inLanguage\":\"nb-NO\",\"@id\":\"https:\\\/\\\/terjebjornstad.com\\\/no\\\/2020\\\/06\\\/08\\\/veteran-volvoer-pa-sollihogda\\\/#primaryimage\",\"url\":\"https:\\\/\\\/i0.wp.com\\\/terjebjornstad.com\\\/no\\\/wp-content\\\/uploads\\\/2020\\\/06\\\/volvo-142-1080x720-1.png?fit=1080%2C720&ssl=1\",\"contentUrl\":\"https:\\\/\\\/i0.wp.com\\\/terjebjornstad.com\\\/no\\\/wp-content\\\/uploads\\\/2020\\\/06\\\/volvo-142-1080x720-1.png?fit=1080%2C720&ssl=1\",\"width\":1080,\"height\":720},{\"@type\":\"BreadcrumbList\",\"@id\":\"https:\\\/\\\/terjebjornstad.com\\\/no\\\/2020\\\/06\\\/08\\\/veteran-volvoer-pa-sollihogda\\\/#breadcrumb\",\"itemListElement\":[{\"@type\":\"ListItem\",\"position\":1,\"name\":\"Hjem\",\"item\":\"https:\\\/\\\/terjebjornstad.com\\\/no\\\/\"},{\"@type\":\"ListItem\",\"position\":2,\"name\":\"Veteran-Volvoer p\u00e5 Sollih\u00f8gda\"}]},{\"@type\":\"WebSite\",\"@id\":\"https:\\\/\\\/terjebjornstad.com\\\/no\\\/#website\",\"url\":\"https:\\\/\\\/terjebjornstad.com\\\/no\\\/\",\"name\":\"Terjes biler\",\"description\":\"HONEST ABOUT CARS\",\"publisher\":{\"@id\":\"https:\\\/\\\/terjebjornstad.com\\\/no\\\/#organization\"},\"alternateName\":\"Terjebjornstad.com\",\"potentialAction\":[{\"@type\":\"SearchAction\",\"target\":{\"@type\":\"EntryPoint\",\"urlTemplate\":\"https:\\\/\\\/terjebjornstad.com\\\/no\\\/?s={search_term_string}\"},\"query-input\":{\"@type\":\"PropertyValueSpecification\",\"valueRequired\":true,\"valueName\":\"search_term_string\"}}],\"inLanguage\":\"nb-NO\"},{\"@type\":\"Organization\",\"@id\":\"https:\\\/\\\/terjebjornstad.com\\\/no\\\/#organization\",\"name\":\"Terje Bj\u00f8rnstad ENK\",\"url\":\"https:\\\/\\\/terjebjornstad.com\\\/no\\\/\",\"logo\":{\"@type\":\"ImageObject\",\"inLanguage\":\"nb-NO\",\"@id\":\"https:\\\/\\\/terjebjornstad.com\\\/no\\\/#\\\/schema\\\/logo\\\/image\\\/\",\"url\":\"https:\\\/\\\/i0.wp.com\\\/terjebjornstad.com\\\/no\\\/wp-content\\\/uploads\\\/2026\\\/02\\\/terjesbiler2024-960x354-1.png?fit=960%2C354&ssl=1\",\"contentUrl\":\"https:\\\/\\\/i0.wp.com\\\/terjebjornstad.com\\\/no\\\/wp-content\\\/uploads\\\/2026\\\/02\\\/terjesbiler2024-960x354-1.png?fit=960%2C354&ssl=1\",\"width\":960,\"height\":354,\"caption\":\"Terje Bj\u00f8rnstad ENK\"},\"image\":{\"@id\":\"https:\\\/\\\/terjebjornstad.com\\\/no\\\/#\\\/schema\\\/logo\\\/image\\\/\"},\"sameAs\":[\"https:\\\/\\\/www.facebook.com\\\/terjesbiler\\\/\",\"https:\\\/\\\/www.instagram.com\\\/terjesbiler\\\/\",\"https:\\\/\\\/www.pinteres.com\\\/terjebjrnstad\\\/terjes-biler\\\/\"]},{\"@type\":\"Person\",\"@id\":\"https:\\\/\\\/terjebjornstad.com\\\/no\\\/#\\\/schema\\\/person\\\/a281f6a6e0f3cc9fe468e7f0c655aa65\",\"name\":\"Terje Bj\u00f8rnstad\",\"image\":{\"@type\":\"ImageObject\",\"inLanguage\":\"nb-NO\",\"@id\":\"https:\\\/\\\/secure.gravatar.com\\\/avatar\\\/e8dff505b51cf6cb67ae06a06022d2049aac2da1e79dc146a36b58798c4b40ea?s=96&d=mm&r=g\",\"url\":\"https:\\\/\\\/secure.gravatar.com\\\/avatar\\\/e8dff505b51cf6cb67ae06a06022d2049aac2da1e79dc146a36b58798c4b40ea?s=96&d=mm&r=g\",\"contentUrl\":\"https:\\\/\\\/secure.gravatar.com\\\/avatar\\\/e8dff505b51cf6cb67ae06a06022d2049aac2da1e79dc146a36b58798c4b40ea?s=96&d=mm&r=g\",\"caption\":\"Terje Bj\u00f8rnstad\"},\"description\":\"Terje Bj\u00f8rnstad. Bloggadministrator, hobbyfotograf og bilnerd.\",\"sameAs\":[\"https:\\\/\\\/www.facebook.com\\\/terjesbiler\",\"https:\\\/\\\/www.instagram.com\\\/terjesbiler\",\"https:\\\/\\\/no.pinterest.com\\\/terjebjrnstad\",\"https:\\\/\\\/www.youtube.com\\\/channel\\\/UCzCKJJDybyIgKqatc_JQqIg\"]}]}<\/script>\n<!-- \/ Yoast SEO plugin. -->","yoast_head_json":{"title":"Veteran-Volvoer p\u00e5 Sollih\u00f8gda - Terjes biler - Amazon og PV","description":"Veteran-Volvo - Amazon, PV, Duett, 140-serien m.m. var samlet i et lite, privat Volvotreff p\u00e5 Sollih\u00f8gda Tursenter.","robots":{"index":"index","follow":"follow","max-snippet":"max-snippet:-1","max-image-preview":"max-image-preview:large","max-video-preview":"max-video-preview:-1"},"canonical":"https:\/\/terjebjornstad.com\/no\/2020\/06\/08\/veteran-volvoer-pa-sollihogda\/","og_locale":"nb_NO","og_type":"article","og_title":"Veteran-Volvoer p\u00e5 Sollih\u00f8gda - Terjes biler - Amazon og PV","og_description":"Veteran-Volvo - Amazon, PV, Duett, 140-serien m.m. var samlet i et lite, privat Volvotreff p\u00e5 Sollih\u00f8gda Tursenter.","og_url":"https:\/\/terjebjornstad.com\/no\/2020\/06\/08\/veteran-volvoer-pa-sollihogda\/","og_site_name":"Terjes biler","article_publisher":"https:\/\/www.facebook.com\/terjesbiler\/","article_author":"https:\/\/www.facebook.com\/terjesbiler","article_published_time":"2020-06-08T08:09:42+00:00","article_modified_time":"2026-03-02T00:44:47+00:00","og_image":[{"width":1080,"height":720,"url":"https:\/\/terjebjornstad.com\/no\/wp-content\/uploads\/2020\/06\/volvo-142-1080x720-1.png","type":"image\/png"}],"author":"Terje Bj\u00f8rnstad","twitter_card":"summary_large_image","twitter_misc":{"Skrevet av":"Terje Bj\u00f8rnstad","Ansl. lesetid":"5 minutter"},"schema":{"@context":"https:\/\/schema.org","@graph":[{"@type":"Article","@id":"https:\/\/terjebjornstad.com\/no\/2020\/06\/08\/veteran-volvoer-pa-sollihogda\/#article","isPartOf":{"@id":"https:\/\/terjebjornstad.com\/no\/2020\/06\/08\/veteran-volvoer-pa-sollihogda\/"},"author":{"name":"Terje Bj\u00f8rnstad","@id":"https:\/\/terjebjornstad.com\/no\/#\/schema\/person\/a281f6a6e0f3cc9fe468e7f0c655aa65"},"headline":"Veteran-Volvoer p\u00e5 Sollih\u00f8gda","datePublished":"2020-06-08T08:09:42+00:00","dateModified":"2026-03-02T00:44:47+00:00","mainEntityOfPage":{"@id":"https:\/\/terjebjornstad.com\/no\/2020\/06\/08\/veteran-volvoer-pa-sollihogda\/"},"wordCount":280,"commentCount":0,"publisher":{"@id":"https:\/\/terjebjornstad.com\/no\/#organization"},"image":{"@id":"https:\/\/terjebjornstad.com\/no\/2020\/06\/08\/veteran-volvoer-pa-sollihogda\/#primaryimage"},"thumbnailUrl":"https:\/\/i0.wp.com\/terjebjornstad.com\/no\/wp-content\/uploads\/2020\/06\/volvo-142-1080x720-1.png?fit=1080%2C720&ssl=1","keywords":["nvak","sollih\u00f8gda","sollih\u00f8gda tursenter","veteranvolvo","volvotreff"],"articleSection":["121","Artikkel","PV544","Veteran","Volvo"],"inLanguage":"nb-NO","potentialAction":[{"@type":"CommentAction","name":"Comment","target":["https:\/\/terjebjornstad.com\/no\/2020\/06\/08\/veteran-volvoer-pa-sollihogda\/#respond"]}]},{"@type":"WebPage","@id":"https:\/\/terjebjornstad.com\/no\/2020\/06\/08\/veteran-volvoer-pa-sollihogda\/","url":"https:\/\/terjebjornstad.com\/no\/2020\/06\/08\/veteran-volvoer-pa-sollihogda\/","name":"Veteran-Volvoer p\u00e5 Sollih\u00f8gda - Terjes biler - Amazon og PV","isPartOf":{"@id":"https:\/\/terjebjornstad.com\/no\/#website"},"primaryImageOfPage":{"@id":"https:\/\/terjebjornstad.com\/no\/2020\/06\/08\/veteran-volvoer-pa-sollihogda\/#primaryimage"},"image":{"@id":"https:\/\/terjebjornstad.com\/no\/2020\/06\/08\/veteran-volvoer-pa-sollihogda\/#primaryimage"},"thumbnailUrl":"https:\/\/i0.wp.com\/terjebjornstad.com\/no\/wp-content\/uploads\/2020\/06\/volvo-142-1080x720-1.png?fit=1080%2C720&ssl=1","datePublished":"2020-06-08T08:09:42+00:00","dateModified":"2026-03-02T00:44:47+00:00","description":"Veteran-Volvo - Amazon, PV, Duett, 140-serien m.m. var samlet i et lite, privat Volvotreff p\u00e5 Sollih\u00f8gda Tursenter.","breadcrumb":{"@id":"https:\/\/terjebjornstad.com\/no\/2020\/06\/08\/veteran-volvoer-pa-sollihogda\/#breadcrumb"},"inLanguage":"nb-NO","potentialAction":[{"@type":"ReadAction","target":["https:\/\/terjebjornstad.com\/no\/2020\/06\/08\/veteran-volvoer-pa-sollihogda\/"]}]},{"@type":"ImageObject","inLanguage":"nb-NO","@id":"https:\/\/terjebjornstad.com\/no\/2020\/06\/08\/veteran-volvoer-pa-sollihogda\/#primaryimage","url":"https:\/\/i0.wp.com\/terjebjornstad.com\/no\/wp-content\/uploads\/2020\/06\/volvo-142-1080x720-1.png?fit=1080%2C720&ssl=1","contentUrl":"https:\/\/i0.wp.com\/terjebjornstad.com\/no\/wp-content\/uploads\/2020\/06\/volvo-142-1080x720-1.png?fit=1080%2C720&ssl=1","width":1080,"height":720},{"@type":"BreadcrumbList","@id":"https:\/\/terjebjornstad.com\/no\/2020\/06\/08\/veteran-volvoer-pa-sollihogda\/#breadcrumb","itemListElement":[{"@type":"ListItem","position":1,"name":"Hjem","item":"https:\/\/terjebjornstad.com\/no\/"},{"@type":"ListItem","position":2,"name":"Veteran-Volvoer p\u00e5 Sollih\u00f8gda"}]},{"@type":"WebSite","@id":"https:\/\/terjebjornstad.com\/no\/#website","url":"https:\/\/terjebjornstad.com\/no\/","name":"Terjes biler","description":"HONEST ABOUT CARS","publisher":{"@id":"https:\/\/terjebjornstad.com\/no\/#organization"},"alternateName":"Terjebjornstad.com","potentialAction":[{"@type":"SearchAction","target":{"@type":"EntryPoint","urlTemplate":"https:\/\/terjebjornstad.com\/no\/?s={search_term_string}"},"query-input":{"@type":"PropertyValueSpecification","valueRequired":true,"valueName":"search_term_string"}}],"inLanguage":"nb-NO"},{"@type":"Organization","@id":"https:\/\/terjebjornstad.com\/no\/#organization","name":"Terje Bj\u00f8rnstad ENK","url":"https:\/\/terjebjornstad.com\/no\/","logo":{"@type":"ImageObject","inLanguage":"nb-NO","@id":"https:\/\/terjebjornstad.com\/no\/#\/schema\/logo\/image\/","url":"https:\/\/i0.wp.com\/terjebjornstad.com\/no\/wp-content\/uploads\/2026\/02\/terjesbiler2024-960x354-1.png?fit=960%2C354&ssl=1","contentUrl":"https:\/\/i0.wp.com\/terjebjornstad.com\/no\/wp-content\/uploads\/2026\/02\/terjesbiler2024-960x354-1.png?fit=960%2C354&ssl=1","width":960,"height":354,"caption":"Terje Bj\u00f8rnstad ENK"},"image":{"@id":"https:\/\/terjebjornstad.com\/no\/#\/schema\/logo\/image\/"},"sameAs":["https:\/\/www.facebook.com\/terjesbiler\/","https:\/\/www.instagram.com\/terjesbiler\/","https:\/\/www.pinteres.com\/terjebjrnstad\/terjes-biler\/"]},{"@type":"Person","@id":"https:\/\/terjebjornstad.com\/no\/#\/schema\/person\/a281f6a6e0f3cc9fe468e7f0c655aa65","name":"Terje Bj\u00f8rnstad","image":{"@type":"ImageObject","inLanguage":"nb-NO","@id":"https:\/\/secure.gravatar.com\/avatar\/e8dff505b51cf6cb67ae06a06022d2049aac2da1e79dc146a36b58798c4b40ea?s=96&d=mm&r=g","url":"https:\/\/secure.gravatar.com\/avatar\/e8dff505b51cf6cb67ae06a06022d2049aac2da1e79dc146a36b58798c4b40ea?s=96&d=mm&r=g","contentUrl":"https:\/\/secure.gravatar.com\/avatar\/e8dff505b51cf6cb67ae06a06022d2049aac2da1e79dc146a36b58798c4b40ea?s=96&d=mm&r=g","caption":"Terje Bj\u00f8rnstad"},"description":"Terje Bj\u00f8rnstad. Bloggadministrator, hobbyfotograf og bilnerd.","sameAs":["https:\/\/www.facebook.com\/terjesbiler","https:\/\/www.instagram.com\/terjesbiler","https:\/\/no.pinterest.com\/terjebjrnstad","https:\/\/www.youtube.com\/channel\/UCzCKJJDybyIgKqatc_JQqIg"]}]}},"jetpack_publicize_connections":[],"jetpack_featured_media_url":"https:\/\/i0.wp.com\/terjebjornstad.com\/no\/wp-content\/uploads\/2020\/06\/volvo-142-1080x720-1.png?fit=1080%2C720&ssl=1","jetpack_sharing_enabled":true,"jetpack_shortlink":"https:\/\/wp.me\/p48zYA-8zS","jetpack-related-posts":[{"id":4274,"url":"https:\/\/terjebjornstad.com\/no\/2016\/05\/02\/cars-coffee-ovrevoll\/","url_meta":{"origin":32976,"position":0},"title":"Cars &#038; Coffee, \u00d8vrevoll","author":"Terje Bj\u00f8rnstad","date":"02\/05\/2016","format":false,"excerpt":"Alt er gratis, bortsett fra kaffen. Hvis jeg har forst\u00e5tt konseptet korrekt, er hvert treff i Cars & Coffee en uformell samling av alle som har lyst til \u00e5 vise frem bilen sin, og som vil titte p\u00e5 andres biler. Det var bilene. Kaffen sto Sherryhaugen p\u00e5 \u00d8vrevoll Galloppbane for.\u2026","rel":"","context":"i &quot;Artikkel&quot;","block_context":{"text":"Artikkel","link":"https:\/\/terjebjornstad.com\/no\/category\/artikkel\/"},"img":{"alt_text":"","src":"https:\/\/i0.wp.com\/terjebjornstad.com\/no\/wp-content\/uploads\/2016\/05\/2004-corvette-3.png?fit=686%2C457&ssl=1&resize=350%2C200","width":350,"height":200,"srcset":"https:\/\/i0.wp.com\/terjebjornstad.com\/no\/wp-content\/uploads\/2016\/05\/2004-corvette-3.png?fit=686%2C457&ssl=1&resize=350%2C200 1x, https:\/\/i0.wp.com\/terjebjornstad.com\/no\/wp-content\/uploads\/2016\/05\/2004-corvette-3.png?fit=686%2C457&ssl=1&resize=525%2C300 1.5x"},"classes":[]},{"id":19966,"url":"https:\/\/terjebjornstad.com\/no\/2018\/10\/22\/volvotreff-pa-jessheim\/","url_meta":{"origin":32976,"position":1},"title":"Volvotreff p\u00e5 Jessheim","author":"Terje Bj\u00f8rnstad","date":"22\/10\/2018","format":false,"excerpt":"\"Gardermot\u00e5ka\" l\u00e5 over Jessheim og hindret solen \u00e5 bryte gjennom, s\u00e5 det var noks\u00e5 kaldt. Heldigvis har ikke gamle Volvoer problemer med kj\u00f8lig h\u00f8stv\u00e6r, s\u00e5 flere hadde tatt med seg finbilene sine. Travel l\u00f8rdag hos Bilia Jessheim Hjulskift til inntekt for Omsorg Jessheim, gratis grillmat, muffins, - samt Volvotreff med\u2026","rel":"","context":"i &quot;Artikkel&quot;","block_context":{"text":"Artikkel","link":"https:\/\/terjebjornstad.com\/no\/category\/artikkel\/"},"img":{"alt_text":"","src":"https:\/\/i0.wp.com\/terjebjornstad.com\/no\/wp-content\/uploads\/2018\/10\/volvo-bilia-jessheim-1080x720.png?fit=1080%2C720&ssl=1&resize=350%2C200","width":350,"height":200,"srcset":"https:\/\/i0.wp.com\/terjebjornstad.com\/no\/wp-content\/uploads\/2018\/10\/volvo-bilia-jessheim-1080x720.png?fit=1080%2C720&ssl=1&resize=350%2C200 1x, https:\/\/i0.wp.com\/terjebjornstad.com\/no\/wp-content\/uploads\/2018\/10\/volvo-bilia-jessheim-1080x720.png?fit=1080%2C720&ssl=1&resize=525%2C300 1.5x, https:\/\/i0.wp.com\/terjebjornstad.com\/no\/wp-content\/uploads\/2018\/10\/volvo-bilia-jessheim-1080x720.png?fit=1080%2C720&ssl=1&resize=700%2C400 2x, https:\/\/i0.wp.com\/terjebjornstad.com\/no\/wp-content\/uploads\/2018\/10\/volvo-bilia-jessheim-1080x720.png?fit=1080%2C720&ssl=1&resize=1050%2C600 3x"},"classes":[]},{"id":14652,"url":"https:\/\/terjebjornstad.com\/no\/2018\/02\/04\/naboens-transit-connect\/","url_meta":{"origin":32976,"position":2},"title":"Naboens Transit Connect","author":"Terje Bj\u00f8rnstad","date":"04\/02\/2018","format":false,"excerpt":"-Har du tatt naboens bil?! \u00a0 Stor munterhet hos mannskapet p\u00e5 ISI gjenbruksstasjon i det jeg \u00e5pnet bakd\u00f8rene p\u00e5 varebilen. Registreringsnummeret \"NABOBIL\" sa klart hvor jeg hadde hentet bilen. Den sto i n\u00e6rheten av der jeg jobber, og kunne l\u00e5ses opp med en app. Nabobil er bileiernes Airbnb. Private bileiere\u2026","rel":"","context":"i &quot;Artikkel&quot;","block_context":{"text":"Artikkel","link":"https:\/\/terjebjornstad.com\/no\/category\/artikkel\/"},"img":{"alt_text":"","src":"https:\/\/i0.wp.com\/terjebjornstad.com\/no\/wp-content\/uploads\/2018\/02\/ford-transit-connect-mk2-1-686.png?fit=686%2C457&ssl=1&resize=350%2C200","width":350,"height":200,"srcset":"https:\/\/i0.wp.com\/terjebjornstad.com\/no\/wp-content\/uploads\/2018\/02\/ford-transit-connect-mk2-1-686.png?fit=686%2C457&ssl=1&resize=350%2C200 1x, https:\/\/i0.wp.com\/terjebjornstad.com\/no\/wp-content\/uploads\/2018\/02\/ford-transit-connect-mk2-1-686.png?fit=686%2C457&ssl=1&resize=525%2C300 1.5x"},"classes":[]},{"id":1804,"url":"https:\/\/terjebjornstad.com\/no\/2015\/09\/27\/kunne-blitt-folkebilen\/","url_meta":{"origin":32976,"position":3},"title":"Folke-e-vognen","author":"Terje Bj\u00f8rnstad","date":"27\/09\/2015","format":false,"excerpt":"E-Golf en morsom bil \u00e5 kj\u00f8re, b\u00e5de fordi det er en elbil men ogs\u00e5 fordi det er en Golf. Look-and-feel Absolutt en Golf, tenkte jeg da jeg satte meg inn. Den eneste forskjellen jeg umiddelbart noterte meg, var at turtelleren var byttet ut med et instrument for lading og forbruk.\u2026","rel":"","context":"i &quot;Artikkel&quot;","block_context":{"text":"Artikkel","link":"https:\/\/terjebjornstad.com\/no\/category\/artikkel\/"},"img":{"alt_text":"","src":"https:\/\/i0.wp.com\/terjebjornstad.com\/no\/wp-content\/uploads\/2015\/09\/e-golf-686-5.png?resize=350%2C200&ssl=1","width":350,"height":200,"srcset":"https:\/\/i0.wp.com\/terjebjornstad.com\/no\/wp-content\/uploads\/2015\/09\/e-golf-686-5.png?resize=350%2C200&ssl=1 1x, https:\/\/i0.wp.com\/terjebjornstad.com\/no\/wp-content\/uploads\/2015\/09\/e-golf-686-5.png?resize=525%2C300&ssl=1 1.5x"},"classes":[]},{"id":48945,"url":"https:\/\/terjebjornstad.com\/no\/2022\/06\/08\/takgjoken-volvo-vibber\/","url_meta":{"origin":32976,"position":4},"title":"Volvo-vibber","author":"Terje Bj\u00f8rnstad","date":"08\/06\/2022","format":false,"excerpt":"Om en kongelig Volvo fra den gang da kronprinsparet hadde C-skilter. Om takgj\u00f8ken som aldri ble noen suksess - og litt mimring om Volvo 760 som er blitt 40 \u00e5r. \u00a0 Norsk Volvoklubb treff I helgen var det Volvo-treff p\u00e5 Norsk Samferdselshistorisk Senter ved H\u00f8nefoss stasjon. Jeg liker Volvo bedre\u2026","rel":"","context":"i &quot;264&quot;","block_context":{"text":"264","link":"https:\/\/terjebjornstad.com\/no\/category\/volvo\/264\/"},"img":{"alt_text":"","src":"https:\/\/i0.wp.com\/terjebjornstad.com\/no\/wp-content\/uploads\/2022\/06\/1-1973-volvo-0209-1080x608-1.png?fit=1080%2C608&ssl=1&resize=350%2C200","width":350,"height":200,"srcset":"https:\/\/i0.wp.com\/terjebjornstad.com\/no\/wp-content\/uploads\/2022\/06\/1-1973-volvo-0209-1080x608-1.png?fit=1080%2C608&ssl=1&resize=350%2C200 1x, https:\/\/i0.wp.com\/terjebjornstad.com\/no\/wp-content\/uploads\/2022\/06\/1-1973-volvo-0209-1080x608-1.png?fit=1080%2C608&ssl=1&resize=525%2C300 1.5x, https:\/\/i0.wp.com\/terjebjornstad.com\/no\/wp-content\/uploads\/2022\/06\/1-1973-volvo-0209-1080x608-1.png?fit=1080%2C608&ssl=1&resize=700%2C400 2x, https:\/\/i0.wp.com\/terjebjornstad.com\/no\/wp-content\/uploads\/2022\/06\/1-1973-volvo-0209-1080x608-1.png?fit=1080%2C608&ssl=1&resize=1050%2C600 3x"},"classes":[]},{"id":12800,"url":"https:\/\/terjebjornstad.com\/no\/2017\/09\/19\/speedway-og-gamle-forder\/","url_meta":{"origin":32976,"position":5},"title":"Speedway og gamle Forder","author":"Terje Bj\u00f8rnstad","date":"19\/09\/2017","format":false,"excerpt":"Fascinert av en flott Ford Thunderbird convertible, kom jeg i snakk med en kar mens vi studerte bilene p\u00e5 Cars & Coffee p\u00e5 \u00d8vrevoll Galloppbane utenfor Oslo. -\"Det er bilen til Henry Harrfelt\", sa sidemannen, som var noe eldre enn meg. Jeg bet meg ikke noe videre merke i navnet,\u2026","rel":"","context":"i &quot;Ford&quot;","block_context":{"text":"Ford","link":"https:\/\/terjebjornstad.com\/no\/category\/ford\/"},"img":{"alt_text":"","src":"https:\/\/i0.wp.com\/terjebjornstad.com\/no\/wp-content\/uploads\/2017\/09\/ford-escort-rs2000-686.png?fit=686%2C457&ssl=1&resize=350%2C200","width":350,"height":200,"srcset":"https:\/\/i0.wp.com\/terjebjornstad.com\/no\/wp-content\/uploads\/2017\/09\/ford-escort-rs2000-686.png?fit=686%2C457&ssl=1&resize=350%2C200 1x, https:\/\/i0.wp.com\/terjebjornstad.com\/no\/wp-content\/uploads\/2017\/09\/ford-escort-rs2000-686.png?fit=686%2C457&ssl=1&resize=525%2C300 1.5x"},"classes":[]}],"gt_translate_keys":[{"key":"link","format":"url"}],"_links":{"self":[{"href":"https:\/\/terjebjornstad.com\/no\/wp-json\/wp\/v2\/posts\/32976","targetHints":{"allow":["GET"]}}],"collection":[{"href":"https:\/\/terjebjornstad.com\/no\/wp-json\/wp\/v2\/posts"}],"about":[{"href":"https:\/\/terjebjornstad.com\/no\/wp-json\/wp\/v2\/types\/post"}],"author":[{"embeddable":true,"href":"https:\/\/terjebjornstad.com\/no\/wp-json\/wp\/v2\/users\/1"}],"replies":[{"embeddable":true,"href":"https:\/\/terjebjornstad.com\/no\/wp-json\/wp\/v2\/comments?post=32976"}],"version-history":[{"count":19,"href":"https:\/\/terjebjornstad.com\/no\/wp-json\/wp\/v2\/posts\/32976\/revisions"}],"predecessor-version":[{"id":90304,"href":"https:\/\/terjebjornstad.com\/no\/wp-json\/wp\/v2\/posts\/32976\/revisions\/90304"}],"wp:featuredmedia":[{"embeddable":true,"href":"https:\/\/terjebjornstad.com\/no\/wp-json\/wp\/v2\/media\/32989"}],"wp:attachment":[{"href":"https:\/\/terjebjornstad.com\/no\/wp-json\/wp\/v2\/media?parent=32976"}],"wp:term":[{"taxonomy":"category","embeddable":true,"href":"https:\/\/terjebjornstad.com\/no\/wp-json\/wp\/v2\/categories?post=32976"},{"taxonomy":"post_tag","embeddable":true,"href":"https:\/\/terjebjornstad.com\/no\/wp-json\/wp\/v2\/tags?post=32976"}],"curies":[{"name":"wp","href":"https:\/\/api.w.org\/{rel}","templated":true}]}}