{"id":329,"date":"2013-06-26T21:37:30","date_gmt":"2013-06-26T21:37:30","guid":{"rendered":"http:\/\/terjebjornstad.com\/no\/?p=329"},"modified":"2024-08-27T02:06:54","modified_gmt":"2024-08-27T01:06:54","slug":"2013-mitsubishi-space-star","status":"publish","type":"post","link":"https:\/\/terjebjornstad.com\/no\/2013\/06\/26\/2013-mitsubishi-space-star\/","title":{"rendered":"2013 Mitsubishi Space Star","gt_translate_keys":[{"key":"rendered","format":"text"}]},"content":{"rendered":"<blockquote><p>Med nye Space Star entrer Mitsubishi A-klassen\u00a0med et lite plassvidunder. Milj\u00f8vennlige motorer bidrar til lave priser. Denne bilen scorer nemlig\u00a0p\u00e5 plass, milj\u00f8 og pris.<\/p><\/blockquote>\n<figure id=\"attachment_339\" aria-describedby=\"caption-attachment-339\" style=\"width: 480px\" class=\"wp-caption aligncenter\"><a href=\"https:\/\/i0.wp.com\/terjebjornstad.com\/no\/wp-content\/uploads\/2013\/06\/mitsubishi_space.png?ssl=1\"><img data-recalc-dims=\"1\" loading=\"lazy\" decoding=\"async\" data-attachment-id=\"339\" data-permalink=\"https:\/\/terjebjornstad.com\/no\/2013\/06\/26\/2013-mitsubishi-space-star\/mitsubishi_space\/\" data-orig-file=\"https:\/\/i0.wp.com\/terjebjornstad.com\/no\/wp-content\/uploads\/2013\/06\/mitsubishi_space.png?fit=480%2C360&amp;ssl=1\" data-orig-size=\"480,360\" data-comments-opened=\"1\" data-image-meta=\"{&quot;aperture&quot;:&quot;0&quot;,&quot;credit&quot;:&quot;&quot;,&quot;camera&quot;:&quot;&quot;,&quot;caption&quot;:&quot;&quot;,&quot;created_timestamp&quot;:&quot;0&quot;,&quot;copyright&quot;:&quot;&quot;,&quot;focal_length&quot;:&quot;0&quot;,&quot;iso&quot;:&quot;0&quot;,&quot;shutter_speed&quot;:&quot;0&quot;,&quot;title&quot;:&quot;&quot;,&quot;orientation&quot;:&quot;0&quot;}\" data-image-title=\"mitsubishi_space\" data-image-description=\"\" data-image-caption=\"&lt;p&gt;2013 Mitsubishi Space Star&lt;\/p&gt;\n\" data-large-file=\"https:\/\/i0.wp.com\/terjebjornstad.com\/no\/wp-content\/uploads\/2013\/06\/mitsubishi_space.png?fit=480%2C360&amp;ssl=1\" class=\"size-full wp-image-339\" alt=\"2013 Mitsubishi Space Star\" src=\"https:\/\/i0.wp.com\/terjebjornstad.com\/no\/wp-content\/uploads\/2013\/06\/mitsubishi_space.png?resize=480%2C360&#038;ssl=1\" width=\"480\" height=\"360\" srcset=\"https:\/\/i0.wp.com\/terjebjornstad.com\/no\/wp-content\/uploads\/2013\/06\/mitsubishi_space.png?w=480&amp;ssl=1 480w, https:\/\/i0.wp.com\/terjebjornstad.com\/no\/wp-content\/uploads\/2013\/06\/mitsubishi_space.png?resize=300%2C225&amp;ssl=1 300w\" sizes=\"auto, (max-width: 480px) 100vw, 480px\" \/><\/a><figcaption id=\"caption-attachment-339\" class=\"wp-caption-text\">2013 Mitsubishi Space Star<\/figcaption><\/figure>\n<p>Den forrige Space Star gikk ut av produksjon p\u00e5 midten av forrige ti\u00e5r. Modellnavnet ble brukt p\u00e5 modeller som tilb\u00f8d mye plass p\u00e5 beskjedne ytre m\u00e5l. Mitsubishi i Skandinavia har nok hentet frem dette navnet igjen for \u00e5 signalisere god plassutnyttelse.<\/p>\n<p>Ved f\u00f8rste \u00f8yekast ser ikke Space Star ut til \u00e5 v\u00e6re noe plassvindunder i det hele tatt, med ganske mye overheng b\u00e5de foran\u00a0og bak. Akselavstanden er imidlertid p\u00e5 hele 245 cm! Det er like mye som Volkswagen Golf hadde for tyve \u00e5r siden eller hva dagens Polo i klassen over, har\u00a0i dag. Space Star tilh\u00f8rer\u00a0A-klassen, men kan m\u00e5le seg med biler i klassen over med hensyn til plass.<\/p>\n<p>Motorene har lave CO2-utlipp, noe som gir gunstig utslag p\u00e5 engangsavgiften til staten. I tillegg er forbrukstallene sv\u00e6rt lave. Det betyr god \u00f8konomi.<\/p>\n<figure id=\"attachment_338\" aria-describedby=\"caption-attachment-338\" style=\"width: 300px\" class=\"wp-caption alignright\"><a href=\"https:\/\/i0.wp.com\/terjebjornstad.com\/no\/wp-content\/uploads\/2013\/06\/mitsubishi_space_dash.png?ssl=1\"><img data-recalc-dims=\"1\" loading=\"lazy\" decoding=\"async\" data-attachment-id=\"338\" data-permalink=\"https:\/\/terjebjornstad.com\/no\/2013\/06\/26\/2013-mitsubishi-space-star\/mitsubishi_space_dash\/\" data-orig-file=\"https:\/\/i0.wp.com\/terjebjornstad.com\/no\/wp-content\/uploads\/2013\/06\/mitsubishi_space_dash.png?fit=300%2C225&amp;ssl=1\" data-orig-size=\"300,225\" data-comments-opened=\"1\" data-image-meta=\"{&quot;aperture&quot;:&quot;0&quot;,&quot;credit&quot;:&quot;&quot;,&quot;camera&quot;:&quot;&quot;,&quot;caption&quot;:&quot;&quot;,&quot;created_timestamp&quot;:&quot;0&quot;,&quot;copyright&quot;:&quot;&quot;,&quot;focal_length&quot;:&quot;0&quot;,&quot;iso&quot;:&quot;0&quot;,&quot;shutter_speed&quot;:&quot;0&quot;,&quot;title&quot;:&quot;&quot;,&quot;orientation&quot;:&quot;0&quot;}\" data-image-title=\"mitsubishi_space_dash\" data-image-description=\"\" data-image-caption=\"&lt;p&gt;Space Star Interi\u00f8r&lt;\/p&gt;\n\" data-large-file=\"https:\/\/i0.wp.com\/terjebjornstad.com\/no\/wp-content\/uploads\/2013\/06\/mitsubishi_space_dash.png?fit=300%2C225&amp;ssl=1\" class=\"size-full wp-image-338\" alt=\"Space Star Interi\u00f8r\" src=\"https:\/\/i0.wp.com\/terjebjornstad.com\/no\/wp-content\/uploads\/2013\/06\/mitsubishi_space_dash.png?resize=300%2C225&#038;ssl=1\" width=\"300\" height=\"225\" \/><\/a><figcaption id=\"caption-attachment-338\" class=\"wp-caption-text\">Space Star Interi\u00f8r<\/figcaption><\/figure>\n<p>Det er alts\u00e5 p\u00e5 plass, milj\u00f8 og pris som Space Star scorer h\u00f8yest. Europeiske motorjournalister rapporterer om helt alminnelige kj\u00f8reegenskaper. Interi\u00f8ret etterlater ingen spesielt gode inntrykk hverken med hensyn til utforming eller kvalitetsf\u00f8lelse.<\/p>\n<p>Du kan bestille din Space Star med Mitsubishis avanserte CVT-baserte automatgir-l\u00f8sning, INVECS-III. Dette er en trinnl\u00f8s og tenkende girkasse som tilpasser seg f\u00f8rerens kj\u00f8rem\u00f8nster, langt mer avansert enn de\u00a0de andre automatgir-l\u00f8sningene\u00a0i denne klassen. Den eneste ulempen er at automatgir kun er tilgjengelig for biler med h\u00f8yeste utstyrsgrad. Det ville v\u00e6rt \u00f8nskelig \u00e5 kunne velge automatgir i en lavere utstyrsgrad.<\/p>\n<p><strong>Mitt valg<\/strong><\/p>\n<p>Bybil og automatgir h\u00f8rer sammen, og varianten med Mitsubishis\u00a0trinnl\u00f8se girsystemet er mitt valg her.<\/p>\n<p>Det er\u00a0lite som skiller de ulike modellvariantene fra hverandre med hensyn til utseende. Jeg vil imidlertid fremheve den stilige bakrutespoileren som er tilgjengelig fra utstyrsgrad Invite. Jeg er vanligvis ikke overdrevet begeistret for slike plasteffekter, men jeg synes at Space Star, &#8211; som i utgangspunktet ikke er klassens cooleste\u00a0bil\u00a0&#8211;\u00a0faktisk kler en slik visuell effekt.<\/p>\n<p><strong><a href=\"https:\/\/i0.wp.com\/terjebjornstad.com\/no\/wp-content\/uploads\/2013\/06\/suzukialto.png?ssl=1\"><img data-recalc-dims=\"1\" loading=\"lazy\" decoding=\"async\" data-attachment-id=\"483\" data-permalink=\"https:\/\/terjebjornstad.com\/no\/2013\/06\/26\/2013-mitsubishi-space-star\/suzukialto\/\" data-orig-file=\"https:\/\/i0.wp.com\/terjebjornstad.com\/no\/wp-content\/uploads\/2013\/06\/suzukialto.png?fit=300%2C225&amp;ssl=1\" data-orig-size=\"300,225\" data-comments-opened=\"1\" data-image-meta=\"{&quot;aperture&quot;:&quot;0&quot;,&quot;credit&quot;:&quot;&quot;,&quot;camera&quot;:&quot;&quot;,&quot;caption&quot;:&quot;&quot;,&quot;created_timestamp&quot;:&quot;0&quot;,&quot;copyright&quot;:&quot;&quot;,&quot;focal_length&quot;:&quot;0&quot;,&quot;iso&quot;:&quot;0&quot;,&quot;shutter_speed&quot;:&quot;0&quot;,&quot;title&quot;:&quot;&quot;,&quot;orientation&quot;:&quot;0&quot;}\" data-image-title=\"suzukialto\" data-image-description=\"\" data-image-caption=\"\" data-large-file=\"https:\/\/i0.wp.com\/terjebjornstad.com\/no\/wp-content\/uploads\/2013\/06\/suzukialto.png?fit=300%2C225&amp;ssl=1\" class=\"alignright size-full wp-image-483\" alt=\"suzukialto\" src=\"https:\/\/i0.wp.com\/terjebjornstad.com\/no\/wp-content\/uploads\/2013\/06\/suzukialto.png?resize=300%2C225&#038;ssl=1\" width=\"300\" height=\"225\" \/><\/a>2013 Suzuki alto<\/strong><\/p>\n<p>Som sammenligningsgrunnlag\u00a0foresl\u00e5r jeg\u00a0Suzuki Alto. Den\u00a0er utviklet i Japan, men produseres i India\u00a0p\u00e5 samme samleb\u00e5nd som Nissan Pixo, som ikke tas inn til Norge. Alto er en mindre bil enn Space Star &#8211; hele 21 cm kortere og med 4 seter har den en sitteplass mindre enn Space Star. Alto leveres med ett motorvalg, 1.o liter, 72 hester og 3 sylindre. Dette tilsvarer den minste motoren i Space Star serien.\u00a0Altos st\u00f8rste fordel er en omfattende utstyrspakke.<\/p>\n","protected":false,"gt_translate_keys":[{"key":"rendered","format":"html"}]},"excerpt":{"rendered":"<p>Med nye Space Star entrer Mitsubishi A-klassen\u00a0med et lite plassvidunder. Milj\u00f8vennlige motorer bidrar til lave priser. Denne bilen scorer nemlig\u00a0p\u00e5 plass, milj\u00f8 og pris. Den forrige Space Star gikk ut av produksjon p\u00e5 midten av forrige ti\u00e5r. Modellnavnet ble brukt p\u00e5 modeller som tilb\u00f8d mye plass p\u00e5 beskjedne ytre m\u00e5l. Mitsubishi i Skandinavia har nok [&hellip;]<\/p>\n","protected":false,"gt_translate_keys":[{"key":"rendered","format":"html"}]},"author":1,"featured_media":0,"comment_status":"closed","ping_status":"open","sticky":false,"template":"","format":"standard","meta":{"_monsterinsights_skip_tracking":false,"_monsterinsights_sitenote_active":false,"_monsterinsights_sitenote_note":"","_monsterinsights_sitenote_category":0,"jetpack_post_was_ever_published":false,"_jetpack_newsletter_access":"","_jetpack_dont_email_post_to_subs":false,"_jetpack_newsletter_tier_id":0,"_jetpack_memberships_contains_paywalled_content":false,"_jetpack_memberships_contains_paid_content":false,"footnotes":"","jetpack_publicize_message":"","jetpack_publicize_feature_enabled":true,"jetpack_social_post_already_shared":false,"jetpack_social_options":{"image_generator_settings":{"template":"highway","default_image_id":0,"font":"","enabled":false},"version":2}},"categories":[30,31],"tags":[33,32],"class_list":["post-329","post","type-post","status-publish","format-standard","hentry","category-mitsubishi","category-suzuki","tag-alto","tag-space-star"],"yoast_head":"<!-- This site is optimized with the Yoast SEO plugin v27.5 - https:\/\/yoast.com\/product\/yoast-seo-wordpress\/ -->\n<title>2013 Mitsubishi Space Star - Terjes biler<\/title>\n<meta name=\"robots\" content=\"index, follow, max-snippet:-1, max-image-preview:large, max-video-preview:-1\" \/>\n<link rel=\"canonical\" href=\"https:\/\/terjebjornstad.com\/no\/2013\/06\/26\/2013-mitsubishi-space-star\/\" \/>\n<meta property=\"og:locale\" content=\"nb_NO\" \/>\n<meta property=\"og:type\" content=\"article\" \/>\n<meta property=\"og:title\" content=\"2013 Mitsubishi Space Star - Terjes biler\" \/>\n<meta property=\"og:description\" content=\"Med nye Space Star entrer Mitsubishi A-klassen\u00a0med et lite plassvidunder. Milj\u00f8vennlige motorer bidrar til lave priser. Denne bilen scorer nemlig\u00a0p\u00e5 plass, milj\u00f8 og pris. Den forrige Space Star gikk ut av produksjon p\u00e5 midten av forrige ti\u00e5r. Modellnavnet ble brukt p\u00e5 modeller som tilb\u00f8d mye plass p\u00e5 beskjedne ytre m\u00e5l. Mitsubishi i Skandinavia har nok [&hellip;]\" \/>\n<meta property=\"og:url\" content=\"https:\/\/terjebjornstad.com\/no\/2013\/06\/26\/2013-mitsubishi-space-star\/\" \/>\n<meta property=\"og:site_name\" content=\"Terjes biler\" \/>\n<meta property=\"article:publisher\" content=\"https:\/\/www.facebook.com\/terjesbiler\/\" \/>\n<meta property=\"article:author\" content=\"https:\/\/www.facebook.com\/terjesbiler\" \/>\n<meta property=\"article:published_time\" content=\"2013-06-26T21:37:30+00:00\" \/>\n<meta property=\"article:modified_time\" content=\"2024-08-27T01:06:54+00:00\" \/>\n<meta property=\"og:image\" content=\"https:\/\/terjebjornstad.com\/no\/wp-content\/uploads\/2013\/06\/mitsubishi_space.png\" \/>\n<meta name=\"author\" content=\"Terje Bj\u00f8rnstad\" \/>\n<meta name=\"twitter:card\" content=\"summary_large_image\" \/>\n<meta name=\"twitter:label1\" content=\"Skrevet av\" \/>\n\t<meta name=\"twitter:data1\" content=\"Terje Bj\u00f8rnstad\" \/>\n\t<meta name=\"twitter:label2\" content=\"Ansl. lesetid\" \/>\n\t<meta name=\"twitter:data2\" content=\"3 minutter\" \/>\n<script type=\"application\/ld+json\" class=\"yoast-schema-graph\">{\"@context\":\"https:\\\/\\\/schema.org\",\"@graph\":[{\"@type\":\"Article\",\"@id\":\"https:\\\/\\\/terjebjornstad.com\\\/no\\\/2013\\\/06\\\/26\\\/2013-mitsubishi-space-star\\\/#article\",\"isPartOf\":{\"@id\":\"https:\\\/\\\/terjebjornstad.com\\\/no\\\/2013\\\/06\\\/26\\\/2013-mitsubishi-space-star\\\/\"},\"author\":{\"name\":\"Terje Bj\u00f8rnstad\",\"@id\":\"https:\\\/\\\/terjebjornstad.com\\\/no\\\/#\\\/schema\\\/person\\\/a281f6a6e0f3cc9fe468e7f0c655aa65\"},\"headline\":\"2013 Mitsubishi Space Star\",\"datePublished\":\"2013-06-26T21:37:30+00:00\",\"dateModified\":\"2024-08-27T01:06:54+00:00\",\"mainEntityOfPage\":{\"@id\":\"https:\\\/\\\/terjebjornstad.com\\\/no\\\/2013\\\/06\\\/26\\\/2013-mitsubishi-space-star\\\/\"},\"wordCount\":456,\"publisher\":{\"@id\":\"https:\\\/\\\/terjebjornstad.com\\\/no\\\/#organization\"},\"image\":{\"@id\":\"https:\\\/\\\/terjebjornstad.com\\\/no\\\/2013\\\/06\\\/26\\\/2013-mitsubishi-space-star\\\/#primaryimage\"},\"thumbnailUrl\":\"https:\\\/\\\/terjebjornstad.com\\\/no\\\/wp-content\\\/uploads\\\/2013\\\/06\\\/mitsubishi_space.png\",\"keywords\":[\"Alto\",\"Space Star\"],\"articleSection\":[\"Mitsubishi\",\"Suzuki\"],\"inLanguage\":\"nb-NO\"},{\"@type\":\"WebPage\",\"@id\":\"https:\\\/\\\/terjebjornstad.com\\\/no\\\/2013\\\/06\\\/26\\\/2013-mitsubishi-space-star\\\/\",\"url\":\"https:\\\/\\\/terjebjornstad.com\\\/no\\\/2013\\\/06\\\/26\\\/2013-mitsubishi-space-star\\\/\",\"name\":\"2013 Mitsubishi Space Star - Terjes biler\",\"isPartOf\":{\"@id\":\"https:\\\/\\\/terjebjornstad.com\\\/no\\\/#website\"},\"primaryImageOfPage\":{\"@id\":\"https:\\\/\\\/terjebjornstad.com\\\/no\\\/2013\\\/06\\\/26\\\/2013-mitsubishi-space-star\\\/#primaryimage\"},\"image\":{\"@id\":\"https:\\\/\\\/terjebjornstad.com\\\/no\\\/2013\\\/06\\\/26\\\/2013-mitsubishi-space-star\\\/#primaryimage\"},\"thumbnailUrl\":\"https:\\\/\\\/terjebjornstad.com\\\/no\\\/wp-content\\\/uploads\\\/2013\\\/06\\\/mitsubishi_space.png\",\"datePublished\":\"2013-06-26T21:37:30+00:00\",\"dateModified\":\"2024-08-27T01:06:54+00:00\",\"breadcrumb\":{\"@id\":\"https:\\\/\\\/terjebjornstad.com\\\/no\\\/2013\\\/06\\\/26\\\/2013-mitsubishi-space-star\\\/#breadcrumb\"},\"inLanguage\":\"nb-NO\",\"potentialAction\":[{\"@type\":\"ReadAction\",\"target\":[\"https:\\\/\\\/terjebjornstad.com\\\/no\\\/2013\\\/06\\\/26\\\/2013-mitsubishi-space-star\\\/\"]}]},{\"@type\":\"ImageObject\",\"inLanguage\":\"nb-NO\",\"@id\":\"https:\\\/\\\/terjebjornstad.com\\\/no\\\/2013\\\/06\\\/26\\\/2013-mitsubishi-space-star\\\/#primaryimage\",\"url\":\"https:\\\/\\\/i0.wp.com\\\/terjebjornstad.com\\\/no\\\/wp-content\\\/uploads\\\/2013\\\/06\\\/mitsubishi_space.png?fit=480%2C360&ssl=1\",\"contentUrl\":\"https:\\\/\\\/i0.wp.com\\\/terjebjornstad.com\\\/no\\\/wp-content\\\/uploads\\\/2013\\\/06\\\/mitsubishi_space.png?fit=480%2C360&ssl=1\",\"width\":480,\"height\":360,\"caption\":\"2013 Mitsubishi Space Star\"},{\"@type\":\"BreadcrumbList\",\"@id\":\"https:\\\/\\\/terjebjornstad.com\\\/no\\\/2013\\\/06\\\/26\\\/2013-mitsubishi-space-star\\\/#breadcrumb\",\"itemListElement\":[{\"@type\":\"ListItem\",\"position\":1,\"name\":\"Hjem\",\"item\":\"https:\\\/\\\/terjebjornstad.com\\\/no\\\/\"},{\"@type\":\"ListItem\",\"position\":2,\"name\":\"2013 Mitsubishi Space Star\"}]},{\"@type\":\"WebSite\",\"@id\":\"https:\\\/\\\/terjebjornstad.com\\\/no\\\/#website\",\"url\":\"https:\\\/\\\/terjebjornstad.com\\\/no\\\/\",\"name\":\"Terjes biler\",\"description\":\"HONEST ABOUT CARS\",\"publisher\":{\"@id\":\"https:\\\/\\\/terjebjornstad.com\\\/no\\\/#organization\"},\"alternateName\":\"Terjebjornstad.com\",\"potentialAction\":[{\"@type\":\"SearchAction\",\"target\":{\"@type\":\"EntryPoint\",\"urlTemplate\":\"https:\\\/\\\/terjebjornstad.com\\\/no\\\/?s={search_term_string}\"},\"query-input\":{\"@type\":\"PropertyValueSpecification\",\"valueRequired\":true,\"valueName\":\"search_term_string\"}}],\"inLanguage\":\"nb-NO\"},{\"@type\":\"Organization\",\"@id\":\"https:\\\/\\\/terjebjornstad.com\\\/no\\\/#organization\",\"name\":\"Terje Bj\u00f8rnstad ENK\",\"url\":\"https:\\\/\\\/terjebjornstad.com\\\/no\\\/\",\"logo\":{\"@type\":\"ImageObject\",\"inLanguage\":\"nb-NO\",\"@id\":\"https:\\\/\\\/terjebjornstad.com\\\/no\\\/#\\\/schema\\\/logo\\\/image\\\/\",\"url\":\"https:\\\/\\\/i0.wp.com\\\/terjebjornstad.com\\\/no\\\/wp-content\\\/uploads\\\/2026\\\/02\\\/terjesbiler2024-960x354-1.png?fit=960%2C354&ssl=1\",\"contentUrl\":\"https:\\\/\\\/i0.wp.com\\\/terjebjornstad.com\\\/no\\\/wp-content\\\/uploads\\\/2026\\\/02\\\/terjesbiler2024-960x354-1.png?fit=960%2C354&ssl=1\",\"width\":960,\"height\":354,\"caption\":\"Terje Bj\u00f8rnstad ENK\"},\"image\":{\"@id\":\"https:\\\/\\\/terjebjornstad.com\\\/no\\\/#\\\/schema\\\/logo\\\/image\\\/\"},\"sameAs\":[\"https:\\\/\\\/www.facebook.com\\\/terjesbiler\\\/\",\"https:\\\/\\\/www.instagram.com\\\/terjesbiler\\\/\",\"https:\\\/\\\/www.pinteres.com\\\/terjebjrnstad\\\/terjes-biler\\\/\"]},{\"@type\":\"Person\",\"@id\":\"https:\\\/\\\/terjebjornstad.com\\\/no\\\/#\\\/schema\\\/person\\\/a281f6a6e0f3cc9fe468e7f0c655aa65\",\"name\":\"Terje Bj\u00f8rnstad\",\"image\":{\"@type\":\"ImageObject\",\"inLanguage\":\"nb-NO\",\"@id\":\"https:\\\/\\\/secure.gravatar.com\\\/avatar\\\/e8dff505b51cf6cb67ae06a06022d2049aac2da1e79dc146a36b58798c4b40ea?s=96&d=mm&r=g\",\"url\":\"https:\\\/\\\/secure.gravatar.com\\\/avatar\\\/e8dff505b51cf6cb67ae06a06022d2049aac2da1e79dc146a36b58798c4b40ea?s=96&d=mm&r=g\",\"contentUrl\":\"https:\\\/\\\/secure.gravatar.com\\\/avatar\\\/e8dff505b51cf6cb67ae06a06022d2049aac2da1e79dc146a36b58798c4b40ea?s=96&d=mm&r=g\",\"caption\":\"Terje Bj\u00f8rnstad\"},\"description\":\"Terje Bj\u00f8rnstad. Bloggadministrator, hobbyfotograf og bilnerd.\",\"sameAs\":[\"https:\\\/\\\/www.facebook.com\\\/terjesbiler\",\"https:\\\/\\\/www.instagram.com\\\/terjesbiler\",\"https:\\\/\\\/no.pinterest.com\\\/terjebjrnstad\",\"https:\\\/\\\/www.youtube.com\\\/channel\\\/UCzCKJJDybyIgKqatc_JQqIg\"]}]}<\/script>\n<!-- \/ Yoast SEO plugin. -->","yoast_head_json":{"title":"2013 Mitsubishi Space Star - Terjes biler","robots":{"index":"index","follow":"follow","max-snippet":"max-snippet:-1","max-image-preview":"max-image-preview:large","max-video-preview":"max-video-preview:-1"},"canonical":"https:\/\/terjebjornstad.com\/no\/2013\/06\/26\/2013-mitsubishi-space-star\/","og_locale":"nb_NO","og_type":"article","og_title":"2013 Mitsubishi Space Star - Terjes biler","og_description":"Med nye Space Star entrer Mitsubishi A-klassen\u00a0med et lite plassvidunder. Milj\u00f8vennlige motorer bidrar til lave priser. Denne bilen scorer nemlig\u00a0p\u00e5 plass, milj\u00f8 og pris. Den forrige Space Star gikk ut av produksjon p\u00e5 midten av forrige ti\u00e5r. Modellnavnet ble brukt p\u00e5 modeller som tilb\u00f8d mye plass p\u00e5 beskjedne ytre m\u00e5l. Mitsubishi i Skandinavia har nok [&hellip;]","og_url":"https:\/\/terjebjornstad.com\/no\/2013\/06\/26\/2013-mitsubishi-space-star\/","og_site_name":"Terjes biler","article_publisher":"https:\/\/www.facebook.com\/terjesbiler\/","article_author":"https:\/\/www.facebook.com\/terjesbiler","article_published_time":"2013-06-26T21:37:30+00:00","article_modified_time":"2024-08-27T01:06:54+00:00","og_image":[{"url":"https:\/\/terjebjornstad.com\/no\/wp-content\/uploads\/2013\/06\/mitsubishi_space.png","type":"","width":"","height":""}],"author":"Terje Bj\u00f8rnstad","twitter_card":"summary_large_image","twitter_misc":{"Skrevet av":"Terje Bj\u00f8rnstad","Ansl. lesetid":"3 minutter"},"schema":{"@context":"https:\/\/schema.org","@graph":[{"@type":"Article","@id":"https:\/\/terjebjornstad.com\/no\/2013\/06\/26\/2013-mitsubishi-space-star\/#article","isPartOf":{"@id":"https:\/\/terjebjornstad.com\/no\/2013\/06\/26\/2013-mitsubishi-space-star\/"},"author":{"name":"Terje Bj\u00f8rnstad","@id":"https:\/\/terjebjornstad.com\/no\/#\/schema\/person\/a281f6a6e0f3cc9fe468e7f0c655aa65"},"headline":"2013 Mitsubishi Space Star","datePublished":"2013-06-26T21:37:30+00:00","dateModified":"2024-08-27T01:06:54+00:00","mainEntityOfPage":{"@id":"https:\/\/terjebjornstad.com\/no\/2013\/06\/26\/2013-mitsubishi-space-star\/"},"wordCount":456,"publisher":{"@id":"https:\/\/terjebjornstad.com\/no\/#organization"},"image":{"@id":"https:\/\/terjebjornstad.com\/no\/2013\/06\/26\/2013-mitsubishi-space-star\/#primaryimage"},"thumbnailUrl":"https:\/\/terjebjornstad.com\/no\/wp-content\/uploads\/2013\/06\/mitsubishi_space.png","keywords":["Alto","Space Star"],"articleSection":["Mitsubishi","Suzuki"],"inLanguage":"nb-NO"},{"@type":"WebPage","@id":"https:\/\/terjebjornstad.com\/no\/2013\/06\/26\/2013-mitsubishi-space-star\/","url":"https:\/\/terjebjornstad.com\/no\/2013\/06\/26\/2013-mitsubishi-space-star\/","name":"2013 Mitsubishi Space Star - Terjes biler","isPartOf":{"@id":"https:\/\/terjebjornstad.com\/no\/#website"},"primaryImageOfPage":{"@id":"https:\/\/terjebjornstad.com\/no\/2013\/06\/26\/2013-mitsubishi-space-star\/#primaryimage"},"image":{"@id":"https:\/\/terjebjornstad.com\/no\/2013\/06\/26\/2013-mitsubishi-space-star\/#primaryimage"},"thumbnailUrl":"https:\/\/terjebjornstad.com\/no\/wp-content\/uploads\/2013\/06\/mitsubishi_space.png","datePublished":"2013-06-26T21:37:30+00:00","dateModified":"2024-08-27T01:06:54+00:00","breadcrumb":{"@id":"https:\/\/terjebjornstad.com\/no\/2013\/06\/26\/2013-mitsubishi-space-star\/#breadcrumb"},"inLanguage":"nb-NO","potentialAction":[{"@type":"ReadAction","target":["https:\/\/terjebjornstad.com\/no\/2013\/06\/26\/2013-mitsubishi-space-star\/"]}]},{"@type":"ImageObject","inLanguage":"nb-NO","@id":"https:\/\/terjebjornstad.com\/no\/2013\/06\/26\/2013-mitsubishi-space-star\/#primaryimage","url":"https:\/\/i0.wp.com\/terjebjornstad.com\/no\/wp-content\/uploads\/2013\/06\/mitsubishi_space.png?fit=480%2C360&ssl=1","contentUrl":"https:\/\/i0.wp.com\/terjebjornstad.com\/no\/wp-content\/uploads\/2013\/06\/mitsubishi_space.png?fit=480%2C360&ssl=1","width":480,"height":360,"caption":"2013 Mitsubishi Space Star"},{"@type":"BreadcrumbList","@id":"https:\/\/terjebjornstad.com\/no\/2013\/06\/26\/2013-mitsubishi-space-star\/#breadcrumb","itemListElement":[{"@type":"ListItem","position":1,"name":"Hjem","item":"https:\/\/terjebjornstad.com\/no\/"},{"@type":"ListItem","position":2,"name":"2013 Mitsubishi Space Star"}]},{"@type":"WebSite","@id":"https:\/\/terjebjornstad.com\/no\/#website","url":"https:\/\/terjebjornstad.com\/no\/","name":"Terjes biler","description":"HONEST ABOUT CARS","publisher":{"@id":"https:\/\/terjebjornstad.com\/no\/#organization"},"alternateName":"Terjebjornstad.com","potentialAction":[{"@type":"SearchAction","target":{"@type":"EntryPoint","urlTemplate":"https:\/\/terjebjornstad.com\/no\/?s={search_term_string}"},"query-input":{"@type":"PropertyValueSpecification","valueRequired":true,"valueName":"search_term_string"}}],"inLanguage":"nb-NO"},{"@type":"Organization","@id":"https:\/\/terjebjornstad.com\/no\/#organization","name":"Terje Bj\u00f8rnstad ENK","url":"https:\/\/terjebjornstad.com\/no\/","logo":{"@type":"ImageObject","inLanguage":"nb-NO","@id":"https:\/\/terjebjornstad.com\/no\/#\/schema\/logo\/image\/","url":"https:\/\/i0.wp.com\/terjebjornstad.com\/no\/wp-content\/uploads\/2026\/02\/terjesbiler2024-960x354-1.png?fit=960%2C354&ssl=1","contentUrl":"https:\/\/i0.wp.com\/terjebjornstad.com\/no\/wp-content\/uploads\/2026\/02\/terjesbiler2024-960x354-1.png?fit=960%2C354&ssl=1","width":960,"height":354,"caption":"Terje Bj\u00f8rnstad ENK"},"image":{"@id":"https:\/\/terjebjornstad.com\/no\/#\/schema\/logo\/image\/"},"sameAs":["https:\/\/www.facebook.com\/terjesbiler\/","https:\/\/www.instagram.com\/terjesbiler\/","https:\/\/www.pinteres.com\/terjebjrnstad\/terjes-biler\/"]},{"@type":"Person","@id":"https:\/\/terjebjornstad.com\/no\/#\/schema\/person\/a281f6a6e0f3cc9fe468e7f0c655aa65","name":"Terje Bj\u00f8rnstad","image":{"@type":"ImageObject","inLanguage":"nb-NO","@id":"https:\/\/secure.gravatar.com\/avatar\/e8dff505b51cf6cb67ae06a06022d2049aac2da1e79dc146a36b58798c4b40ea?s=96&d=mm&r=g","url":"https:\/\/secure.gravatar.com\/avatar\/e8dff505b51cf6cb67ae06a06022d2049aac2da1e79dc146a36b58798c4b40ea?s=96&d=mm&r=g","contentUrl":"https:\/\/secure.gravatar.com\/avatar\/e8dff505b51cf6cb67ae06a06022d2049aac2da1e79dc146a36b58798c4b40ea?s=96&d=mm&r=g","caption":"Terje Bj\u00f8rnstad"},"description":"Terje Bj\u00f8rnstad. Bloggadministrator, hobbyfotograf og bilnerd.","sameAs":["https:\/\/www.facebook.com\/terjesbiler","https:\/\/www.instagram.com\/terjesbiler","https:\/\/no.pinterest.com\/terjebjrnstad","https:\/\/www.youtube.com\/channel\/UCzCKJJDybyIgKqatc_JQqIg"]}]}},"jetpack_publicize_connections":[],"jetpack_featured_media_url":"","jetpack_sharing_enabled":true,"jetpack_shortlink":"https:\/\/wp.me\/p48zYA-5j","jetpack-related-posts":[{"id":55056,"url":"https:\/\/terjebjornstad.com\/no\/2022\/12\/16\/mitsubishi-eclipse-cross\/","url_meta":{"origin":329,"position":0},"title":"Mitsubishi Eclipse Cross","author":"Terje Bj\u00f8rnstad","date":"16\/12\/2022","format":false,"excerpt":"Den vinner ingen skj\u00f8nnhetskonkurranse, ei heller noen rekkeviddetester, - og bagasjekapasiteten er lite \u00e5 skryte av. Men den har et fantastisk bra firehjulstrekk som gj\u00f8r den til en ordentlig Norgesbil. Firehjulstrekket kan redde dagen din Sprengkulda p\u00e5 \u00d8stlandet gir glatte veier. Jeg ser biler som sklir ut i rundkj\u00f8ringene, og\u2026","rel":"","context":"i &quot;Eclipse&quot;","block_context":{"text":"Eclipse","link":"https:\/\/terjebjornstad.com\/no\/category\/mitsubishi\/eclipse\/"},"img":{"alt_text":"","src":"https:\/\/i0.wp.com\/terjebjornstad.com\/no\/wp-content\/uploads\/2022\/12\/mitsubishi-eclipse-cross-12154-1280x853-1.jpg?fit=1200%2C800&ssl=1&resize=350%2C200","width":350,"height":200,"srcset":"https:\/\/i0.wp.com\/terjebjornstad.com\/no\/wp-content\/uploads\/2022\/12\/mitsubishi-eclipse-cross-12154-1280x853-1.jpg?fit=1200%2C800&ssl=1&resize=350%2C200 1x, https:\/\/i0.wp.com\/terjebjornstad.com\/no\/wp-content\/uploads\/2022\/12\/mitsubishi-eclipse-cross-12154-1280x853-1.jpg?fit=1200%2C800&ssl=1&resize=525%2C300 1.5x, https:\/\/i0.wp.com\/terjebjornstad.com\/no\/wp-content\/uploads\/2022\/12\/mitsubishi-eclipse-cross-12154-1280x853-1.jpg?fit=1200%2C800&ssl=1&resize=700%2C400 2x, https:\/\/i0.wp.com\/terjebjornstad.com\/no\/wp-content\/uploads\/2022\/12\/mitsubishi-eclipse-cross-12154-1280x853-1.jpg?fit=1200%2C800&ssl=1&resize=1050%2C600 3x"},"classes":[]},{"id":37816,"url":"https:\/\/terjebjornstad.com\/no\/2021\/01\/29\/mitsubishi-outlander-phev\/","url_meta":{"origin":329,"position":1},"title":"Mitsubishi Outlander PHEV","author":"Terje Bj\u00f8rnstad","date":"29\/01\/2021","format":false,"excerpt":"Den har v\u00e6rt blant de topp-10 mest solgte bilene det siste \u00e5ret. Det er godt gjort for en modell som har v\u00e6rt p\u00e5 markedet i 7 \u00e5r. Henger Outlander PHEV enn\u00e5 med? \u00a0 \"- Fin SUV - Passer fint for de som bor litt landlig\", kommenterte min s\u00f8nn i det\u2026","rel":"","context":"i &quot;Artikkel&quot;","block_context":{"text":"Artikkel","link":"https:\/\/terjebjornstad.com\/no\/category\/artikkel\/"},"img":{"alt_text":"outlander phev","src":"https:\/\/i0.wp.com\/terjebjornstad.com\/no\/wp-content\/uploads\/2021\/01\/mitsubishi-outlander-phev-3-1080x720-1.png?fit=1080%2C720&ssl=1&resize=350%2C200","width":350,"height":200,"srcset":"https:\/\/i0.wp.com\/terjebjornstad.com\/no\/wp-content\/uploads\/2021\/01\/mitsubishi-outlander-phev-3-1080x720-1.png?fit=1080%2C720&ssl=1&resize=350%2C200 1x, https:\/\/i0.wp.com\/terjebjornstad.com\/no\/wp-content\/uploads\/2021\/01\/mitsubishi-outlander-phev-3-1080x720-1.png?fit=1080%2C720&ssl=1&resize=525%2C300 1.5x, https:\/\/i0.wp.com\/terjebjornstad.com\/no\/wp-content\/uploads\/2021\/01\/mitsubishi-outlander-phev-3-1080x720-1.png?fit=1080%2C720&ssl=1&resize=700%2C400 2x, https:\/\/i0.wp.com\/terjebjornstad.com\/no\/wp-content\/uploads\/2021\/01\/mitsubishi-outlander-phev-3-1080x720-1.png?fit=1080%2C720&ssl=1&resize=1050%2C600 3x"},"classes":[]},{"id":4163,"url":"https:\/\/terjebjornstad.com\/no\/2016\/04\/26\/l300-veteran-camper\/","url_meta":{"origin":329,"position":2},"title":"L300 veteran-camper","author":"Terje Bj\u00f8rnstad","date":"26\/04\/2016","format":false,"excerpt":"Liten og koselig Jeg kom over denne lille sk\u00f8yeren her om dagen. Den var i relativt fin form, med flaggene hengende ute til tross for at solen var g\u00e5tt ned. Den sto utenfor \u00d8kern Bilauksjon p\u00e5 Fornebu. Jeg har moret meg med \u00e5 lage et postkort hvor bilen virtuelt er\u2026","rel":"","context":"i &quot;Artikkel&quot;","block_context":{"text":"Artikkel","link":"https:\/\/terjebjornstad.com\/no\/category\/artikkel\/"},"img":{"alt_text":"","src":"https:\/\/i0.wp.com\/terjebjornstad.com\/no\/wp-content\/uploads\/2016\/04\/la-mitsubishi-l300-100.jpg?fit=686%2C407&ssl=1&resize=350%2C200","width":350,"height":200,"srcset":"https:\/\/i0.wp.com\/terjebjornstad.com\/no\/wp-content\/uploads\/2016\/04\/la-mitsubishi-l300-100.jpg?fit=686%2C407&ssl=1&resize=350%2C200 1x, https:\/\/i0.wp.com\/terjebjornstad.com\/no\/wp-content\/uploads\/2016\/04\/la-mitsubishi-l300-100.jpg?fit=686%2C407&ssl=1&resize=525%2C300 1.5x"},"classes":[]},{"id":5812,"url":"https:\/\/terjebjornstad.com\/no\/2016\/06\/24\/en-galant-verdensbil\/","url_meta":{"origin":329,"position":3},"title":"En Galant verdensbil","author":"Terje Bj\u00f8rnstad","date":"24\/06\/2016","format":false,"excerpt":"1980 Mitsubishi Galant Sigma (A123) Et helt nytt design som skulle prege Mistsubishi i mange \u00e5r. Den havnet naturlig nok h\u00f8yt p\u00e5 salgslistene sammen med familiebiler som Mazda 626, Honda Accord, Nissan 180B og Toyota Carina - alle mer eller mindre borte i dag. Mitsubishi Galant var storselger p\u00e5 \u00e5tti-\u2026","rel":"","context":"i &quot;Artikkel&quot;","block_context":{"text":"Artikkel","link":"https:\/\/terjebjornstad.com\/no\/category\/artikkel\/"},"img":{"alt_text":"","src":"https:\/\/i0.wp.com\/terjebjornstad.com\/no\/wp-content\/uploads\/2016\/06\/1980-mitsubishi-galant-1.png?fit=686%2C363&ssl=1&resize=350%2C200","width":350,"height":200,"srcset":"https:\/\/i0.wp.com\/terjebjornstad.com\/no\/wp-content\/uploads\/2016\/06\/1980-mitsubishi-galant-1.png?fit=686%2C363&ssl=1&resize=350%2C200 1x, https:\/\/i0.wp.com\/terjebjornstad.com\/no\/wp-content\/uploads\/2016\/06\/1980-mitsubishi-galant-1.png?fit=686%2C363&ssl=1&resize=525%2C300 1.5x"},"classes":[]},{"id":33592,"url":"https:\/\/terjebjornstad.com\/no\/2020\/07\/15\/familiebil-toyota-rav4\/","url_meta":{"origin":329,"position":4},"title":"Familiebil? Toyota RAV4!","author":"Terje Bj\u00f8rnstad","date":"15\/07\/2020","format":false,"excerpt":"Hvis noen ber meg anbefale en god familiebil, svarer jeg \"Toyota RAV4\". Brukervennlig, lettkj\u00f8rt, driftsikker og stor nok for en familie. Ingen vil komme tilbake i ettertid og p\u00e5st\u00e5 at jeg tok feil. \u00a0 Forbedret hybridl\u00f8sning Vi som liker \u00e5 kj\u00f8re bil, har vel ikke akkurat lovprist Toyotas hybriddrivverk og\u2026","rel":"","context":"i &quot;RAV4&quot;","block_context":{"text":"RAV4","link":"https:\/\/terjebjornstad.com\/no\/category\/toyota\/rav4\/"},"img":{"alt_text":"Toyota RAV4","src":"https:\/\/i0.wp.com\/terjebjornstad.com\/no\/wp-content\/uploads\/2020\/07\/toyota-rav4-3-1080x720-1.png?fit=1080%2C720&ssl=1&resize=350%2C200","width":350,"height":200,"srcset":"https:\/\/i0.wp.com\/terjebjornstad.com\/no\/wp-content\/uploads\/2020\/07\/toyota-rav4-3-1080x720-1.png?fit=1080%2C720&ssl=1&resize=350%2C200 1x, https:\/\/i0.wp.com\/terjebjornstad.com\/no\/wp-content\/uploads\/2020\/07\/toyota-rav4-3-1080x720-1.png?fit=1080%2C720&ssl=1&resize=525%2C300 1.5x, https:\/\/i0.wp.com\/terjebjornstad.com\/no\/wp-content\/uploads\/2020\/07\/toyota-rav4-3-1080x720-1.png?fit=1080%2C720&ssl=1&resize=700%2C400 2x, https:\/\/i0.wp.com\/terjebjornstad.com\/no\/wp-content\/uploads\/2020\/07\/toyota-rav4-3-1080x720-1.png?fit=1080%2C720&ssl=1&resize=1050%2C600 3x"},"classes":[]},{"id":45248,"url":"https:\/\/terjebjornstad.com\/no\/2021\/12\/09\/dfsk-nio-xpeng-hongqi-biler-fra-kina\/","url_meta":{"origin":329,"position":5},"title":"Hver 3. elbil fra Kina","author":"Terje Bj\u00f8rnstad","date":"09\/12\/2021","format":false,"excerpt":"For ett \u00e5r siden skrev jeg om kinesiske biler under tittelen \"Kineserne kommer!\" Da var andelen kinesiske biler ubetydelig. Ser vi p\u00e5 registreringsstatistikken er 30% av alle elbiler kinesiske - og prosentandelen er stigende *) \u00a0 De aller f\u00f8rste kinesiske elbilene For bare ett \u00e5r siden - i desember 2020\u2026","rel":"","context":"i &quot;Artikkel&quot;","block_context":{"text":"Artikkel","link":"https:\/\/terjebjornstad.com\/no\/category\/artikkel\/"},"img":{"alt_text":"hongqi norge","src":"https:\/\/i0.wp.com\/terjebjornstad.com\/no\/wp-content\/uploads\/2021\/12\/1-byd-dolphin-720x306-1.png?fit=720%2C306&ssl=1&resize=350%2C200","width":350,"height":200,"srcset":"https:\/\/i0.wp.com\/terjebjornstad.com\/no\/wp-content\/uploads\/2021\/12\/1-byd-dolphin-720x306-1.png?fit=720%2C306&ssl=1&resize=350%2C200 1x, https:\/\/i0.wp.com\/terjebjornstad.com\/no\/wp-content\/uploads\/2021\/12\/1-byd-dolphin-720x306-1.png?fit=720%2C306&ssl=1&resize=525%2C300 1.5x, https:\/\/i0.wp.com\/terjebjornstad.com\/no\/wp-content\/uploads\/2021\/12\/1-byd-dolphin-720x306-1.png?fit=720%2C306&ssl=1&resize=700%2C400 2x"},"classes":[]}],"gt_translate_keys":[{"key":"link","format":"url"}],"_links":{"self":[{"href":"https:\/\/terjebjornstad.com\/no\/wp-json\/wp\/v2\/posts\/329","targetHints":{"allow":["GET"]}}],"collection":[{"href":"https:\/\/terjebjornstad.com\/no\/wp-json\/wp\/v2\/posts"}],"about":[{"href":"https:\/\/terjebjornstad.com\/no\/wp-json\/wp\/v2\/types\/post"}],"author":[{"embeddable":true,"href":"https:\/\/terjebjornstad.com\/no\/wp-json\/wp\/v2\/users\/1"}],"replies":[{"embeddable":true,"href":"https:\/\/terjebjornstad.com\/no\/wp-json\/wp\/v2\/comments?post=329"}],"version-history":[{"count":1,"href":"https:\/\/terjebjornstad.com\/no\/wp-json\/wp\/v2\/posts\/329\/revisions"}],"predecessor-version":[{"id":74224,"href":"https:\/\/terjebjornstad.com\/no\/wp-json\/wp\/v2\/posts\/329\/revisions\/74224"}],"wp:attachment":[{"href":"https:\/\/terjebjornstad.com\/no\/wp-json\/wp\/v2\/media?parent=329"}],"wp:term":[{"taxonomy":"category","embeddable":true,"href":"https:\/\/terjebjornstad.com\/no\/wp-json\/wp\/v2\/categories?post=329"},{"taxonomy":"post_tag","embeddable":true,"href":"https:\/\/terjebjornstad.com\/no\/wp-json\/wp\/v2\/tags?post=329"}],"curies":[{"name":"wp","href":"https:\/\/api.w.org\/{rel}","templated":true}]}}