{"id":2810,"date":"2015-11-30T08:59:36","date_gmt":"2015-11-30T08:59:36","guid":{"rendered":"http:\/\/terjebjornstad.com\/no\/?p=2810"},"modified":"2024-08-27T00:41:54","modified_gmt":"2024-08-26T23:41:54","slug":"pa-bytur-med-citroen-c1","status":"publish","type":"post","link":"https:\/\/terjebjornstad.com\/no\/2015\/11\/30\/pa-bytur-med-citroen-c1\/","title":{"rendered":"P\u00e5 bytur med Citroen C1","gt_translate_keys":[{"key":"rendered","format":"text"}]},"content":{"rendered":"<div class=\"copy_teb\"><figure id=\"attachment_2803\" aria-describedby=\"caption-attachment-2803\" style=\"width: 660px\" class=\"wp-caption alignleft\"><img data-recalc-dims=\"1\" loading=\"lazy\" decoding=\"async\" data-attachment-id=\"2803\" data-permalink=\"https:\/\/terjebjornstad.com\/no\/terjes-biler\/citroen-c1-1\/\" data-orig-file=\"https:\/\/i0.wp.com\/terjebjornstad.com\/no\/wp-content\/uploads\/2014\/02\/citroen-c1-1.png?fit=660%2C440&amp;ssl=1\" data-orig-size=\"660,440\" data-comments-opened=\"1\" data-image-meta=\"{&quot;aperture&quot;:&quot;0&quot;,&quot;credit&quot;:&quot;&quot;,&quot;camera&quot;:&quot;&quot;,&quot;caption&quot;:&quot;&quot;,&quot;created_timestamp&quot;:&quot;0&quot;,&quot;copyright&quot;:&quot;&quot;,&quot;focal_length&quot;:&quot;0&quot;,&quot;iso&quot;:&quot;0&quot;,&quot;shutter_speed&quot;:&quot;0&quot;,&quot;title&quot;:&quot;&quot;,&quot;orientation&quot;:&quot;0&quot;}\" data-image-title=\"citroen-c1-1\" data-image-description=\"\" data-image-caption=\"&lt;p&gt;Citroen C1&lt;\/p&gt;\n\" data-large-file=\"https:\/\/i0.wp.com\/terjebjornstad.com\/no\/wp-content\/uploads\/2014\/02\/citroen-c1-1.png?fit=660%2C440&amp;ssl=1\" class=\"size-full wp-image-2803\" src=\"https:\/\/i0.wp.com\/terjebjornstad.com\/no\/wp-content\/uploads\/2014\/02\/citroen-c1-1.png?resize=660%2C440&#038;ssl=1\" alt=\"citroen c1\" width=\"660\" height=\"440\" srcset=\"https:\/\/i0.wp.com\/terjebjornstad.com\/no\/wp-content\/uploads\/2014\/02\/citroen-c1-1.png?w=660&amp;ssl=1 660w, https:\/\/i0.wp.com\/terjebjornstad.com\/no\/wp-content\/uploads\/2014\/02\/citroen-c1-1.png?resize=300%2C200&amp;ssl=1 300w\" sizes=\"auto, (max-width: 660px) 100vw, 660px\" \/><figcaption id=\"caption-attachment-2803\" class=\"wp-caption-text\">Den ser uforskammet bra ut til \u00e5 v\u00e6re bare 3,5 meter lang.<\/figcaption><\/figure><\/p>\n<blockquote><p>Jeg innser med et smil at denne bilen kan brukes til mye mer enn juleshopping. Jeg kj\u00f8rer gladelig hvor som helst, bare jeg slipper \u00e5 sitte i baksetet.<\/p><\/blockquote>\n\n<p>Det er s\u00f8ndag 1. advent. Julelysene i Oslo har v\u00e6rt tent lenge. De muntrer oss opp n\u00e5r m\u00f8rket siger p\u00e5 ved tretiden p\u00e5 ettermiddagen. Ikke bare blir det hyggeligere \u00e5 handle i byen, &#8211; det blir hyggeligere \u00e5 kj\u00f8re der ogs\u00e5. Jeg bruker en C1 til \u00e5 gj\u00f8re unna f\u00f8rjuls\u00e6render.<\/p>\n<p>F\u00f8rjulstid inneb\u00e6rer mye kj\u00f8ring, s\u00e6rlig bykj\u00f8ring. Tenk deg at du er p\u00e5 leting etter parkeringsplass, en uoppmerkede gateparkering hvor du kan parkere gratis. Poenget er \u00e5 finne en plass som er stor nok. Det gj\u00f8r du med en Citroen C1. Og har du f\u00f8rst funnet en plass, lukeparkerer du p\u00e5 1-2-3 med speed-sensitiv servo.<\/p>\n<h3 class=\"tebh2\"><img data-recalc-dims=\"1\" loading=\"lazy\" decoding=\"async\" data-attachment-id=\"534\" data-permalink=\"https:\/\/terjebjornstad.com\/no\/2013\/08\/04\/klassens-mest-komfortable\/attachment\/4\/\" data-orig-file=\"https:\/\/i0.wp.com\/terjebjornstad.com\/no\/wp-content\/uploads\/2013\/08\/4.jpg?fit=91%2C17&amp;ssl=1\" data-orig-size=\"91,17\" data-comments-opened=\"1\" data-image-meta=\"{&quot;aperture&quot;:&quot;0&quot;,&quot;credit&quot;:&quot;&quot;,&quot;camera&quot;:&quot;&quot;,&quot;caption&quot;:&quot;&quot;,&quot;created_timestamp&quot;:&quot;0&quot;,&quot;copyright&quot;:&quot;&quot;,&quot;focal_length&quot;:&quot;0&quot;,&quot;iso&quot;:&quot;0&quot;,&quot;shutter_speed&quot;:&quot;0&quot;,&quot;title&quot;:&quot;&quot;,&quot;orientation&quot;:&quot;0&quot;}\" data-image-title=\"4\" data-image-description=\"\" data-image-caption=\"\" data-large-file=\"https:\/\/i0.wp.com\/terjebjornstad.com\/no\/wp-content\/uploads\/2013\/08\/4.jpg?fit=91%2C17&amp;ssl=1\" class=\"alignright size-full wp-image-534\" src=\"https:\/\/i0.wp.com\/terjebjornstad.com\/no\/wp-content\/uploads\/2013\/08\/3.jpg?resize=91%2C17&#038;ssl=1\" alt=\"3\" width=\"91\" height=\"17\" \/>Look-and-Feel<\/h3>\n<p>Citroen C1 er en av de aller billigste bilene du kan kj\u00f8pe ny. Parkert mellom en Auris og en Corolla fylte den plassen sin godt. Bare litt kortere enn de andre, n\u00e6rmere bestemt en meter kortere enn en 4-d\u00f8rs Corolla og trekvartmeter kortere enn enn Auris. Jeg liker designet. Det er moderne, t\u00f8ft og funksjonelt, &#8211; og er heldigvis ingen krympet Auris eller Corolla.<\/p>\n<p>Jeg forventet ikke at f\u00f8rerposisjonen skulle v\u00e6re s\u00e5 rommelig. Jeg hadde strengt talt ikke beh\u00f8vd \u00e5 senke setet, men n\u00e5 satt jeg rett og slett kongelig. Setet passet min 1,88 meters kropp veldig godt. Rattet f\u00f8ltes godt \u00e5 holde i. Men dette er tross alt en billigbil. All plast er hardplast. Lyden n\u00e5r du lukker f\u00f8rerd\u00f8ren er mer metallisk enn du er vant til. Instrumentpanelet ser superbillig ut, selv om det ogs\u00e5 befinner seg en turteller p\u00e5 siden. Billig virket ogs\u00e5 hendlene til varmeapparatet, skj\u00f8nt de var ganske intuitive i bruk.<\/p>\n<p>Jeg likte den midtstilte fargeskjermen med touch-skjerm. Den ga hele interi\u00f8ret et coolt preg.<\/p>\n\n<figure id=\"attachment_2807\" aria-describedby=\"caption-attachment-2807\" style=\"width: 660px\" class=\"wp-caption alignleft\"><img data-recalc-dims=\"1\" loading=\"lazy\" decoding=\"async\" data-attachment-id=\"2807\" data-permalink=\"https:\/\/terjebjornstad.com\/no\/terjes-biler\/citroen-c1-9\/\" data-orig-file=\"https:\/\/i0.wp.com\/terjebjornstad.com\/no\/wp-content\/uploads\/2014\/02\/citroen-c1-9.png?fit=660%2C440&amp;ssl=1\" data-orig-size=\"660,440\" data-comments-opened=\"1\" data-image-meta=\"{&quot;aperture&quot;:&quot;0&quot;,&quot;credit&quot;:&quot;&quot;,&quot;camera&quot;:&quot;&quot;,&quot;caption&quot;:&quot;&quot;,&quot;created_timestamp&quot;:&quot;0&quot;,&quot;copyright&quot;:&quot;&quot;,&quot;focal_length&quot;:&quot;0&quot;,&quot;iso&quot;:&quot;0&quot;,&quot;shutter_speed&quot;:&quot;0&quot;,&quot;title&quot;:&quot;&quot;,&quot;orientation&quot;:&quot;0&quot;}\" data-image-title=\"citroen-c1-9\" data-image-description=\"\" data-image-caption=\"&lt;p&gt;2015 Citro\u00ebn C1 (Akershus NO, 2016)&lt;\/p&gt;\n\" data-large-file=\"https:\/\/i0.wp.com\/terjebjornstad.com\/no\/wp-content\/uploads\/2014\/02\/citroen-c1-9.png?fit=660%2C440&amp;ssl=1\" class=\"size-full wp-image-2807\" src=\"https:\/\/i0.wp.com\/terjebjornstad.com\/no\/wp-content\/uploads\/2014\/02\/citroen-c1-9.png?resize=660%2C440&#038;ssl=1\" alt=\"citroen c1 P\u00e5 dagtid fungerer de t\u00f8ffe vertikale ledlysene som kj\u00f8relys.\" width=\"660\" height=\"440\" srcset=\"https:\/\/i0.wp.com\/terjebjornstad.com\/no\/wp-content\/uploads\/2014\/02\/citroen-c1-9.png?w=660&amp;ssl=1 660w, https:\/\/i0.wp.com\/terjebjornstad.com\/no\/wp-content\/uploads\/2014\/02\/citroen-c1-9.png?resize=300%2C200&amp;ssl=1 300w\" sizes=\"auto, (max-width: 660px) 100vw, 660px\" \/><figcaption id=\"caption-attachment-2807\" class=\"wp-caption-text\">P\u00e5 dagtid fungerer de t\u00f8ffe vertikale ledlysene som kj\u00f8relys.<\/figcaption><\/figure>\n<h3 class=\"tebh2\"><img data-recalc-dims=\"1\" loading=\"lazy\" decoding=\"async\" data-attachment-id=\"534\" data-permalink=\"https:\/\/terjebjornstad.com\/no\/2013\/08\/04\/klassens-mest-komfortable\/attachment\/4\/\" data-orig-file=\"https:\/\/i0.wp.com\/terjebjornstad.com\/no\/wp-content\/uploads\/2013\/08\/4.jpg?fit=91%2C17&amp;ssl=1\" data-orig-size=\"91,17\" data-comments-opened=\"1\" data-image-meta=\"{&quot;aperture&quot;:&quot;0&quot;,&quot;credit&quot;:&quot;&quot;,&quot;camera&quot;:&quot;&quot;,&quot;caption&quot;:&quot;&quot;,&quot;created_timestamp&quot;:&quot;0&quot;,&quot;copyright&quot;:&quot;&quot;,&quot;focal_length&quot;:&quot;0&quot;,&quot;iso&quot;:&quot;0&quot;,&quot;shutter_speed&quot;:&quot;0&quot;,&quot;title&quot;:&quot;&quot;,&quot;orientation&quot;:&quot;0&quot;}\" data-image-title=\"4\" data-image-description=\"\" data-image-caption=\"\" data-large-file=\"https:\/\/i0.wp.com\/terjebjornstad.com\/no\/wp-content\/uploads\/2013\/08\/4.jpg?fit=91%2C17&amp;ssl=1\" class=\"alignright size-full wp-image-534\" src=\"https:\/\/i0.wp.com\/terjebjornstad.com\/no\/wp-content\/uploads\/2013\/08\/4.jpg?resize=91%2C17&#038;ssl=1\" alt=\"4\" width=\"91\" height=\"17\" \/>Kj\u00f8reglede<\/h3>\n<p>Det f\u00f8rste jeg la merke til, var hvor lett styringen var da jeg rattet meg ut av den trange parkeringsplassen. Det f\u00f8ltes som rattet dreide seg selv og traff full rattutslag med et &laquo;bonk&raquo;, som en god, gammel Buick. Servostyringen justerer seg alts\u00e5 etter hastighet.<\/p>\n<p>1-liters motoren yter 68 HK og har et dreiemoment p\u00e5 96 Nm ved 4800. Det er ikke all verdens p\u00e5 papiret, men jeg opplevde ikke bare motoren som responsiv og kvikk, &#8211; men ogs\u00e5 at den dro godt p\u00e5 lave turtall &#8211; ikke bare inne i byen, men ogs\u00e5 ute p\u00e5 veien. Da jeg giret til f\u00f8rste &#8211; andre &#8211; tredje i rask rekkef\u00f8lge, hadde jeg 35 km\/t p\u00e5 speedometeret. Jeg var overrasket over hvor sjelden jeg hadde behov for \u00e5 presse motoren.<\/p>\n<p>Citroen C1 er utrolig lettkj\u00f8rt. Den er lett p\u00e5 styringen, lett p\u00e5 clutchen, lett \u00e5 gire og bilen holdes et par sekunder i bakken ved bakkestart. Girkassa vekket p\u00e5 ingen m\u00e5te minner om tidligere Citroen&#8217;er, s\u00e5 her kan det vel tenkes at samarbeidet mellom Toyota og PSA-gruppen har b\u00e5ret frukter. Det er samme drivverk som i Peugeot 107 og Toyota Aygo.<\/p>\n<p>Etter \u00e5 ha kj\u00f8rt rundt i Oslo og omegn, ville jeg ikke hatt noen betenkeligheter med \u00e5 ta denne bilen p\u00e5 langtur til hytta i Valdres, &#8211; fortrinnsvis som sj\u00e5f\u00f8r.<\/p>\n\n<figure id=\"attachment_2805\" aria-describedby=\"caption-attachment-2805\" style=\"width: 660px\" class=\"wp-caption alignleft\"><img data-recalc-dims=\"1\" loading=\"lazy\" decoding=\"async\" data-attachment-id=\"2805\" data-permalink=\"https:\/\/terjebjornstad.com\/no\/terjes-biler\/citroen-c1-5\/\" data-orig-file=\"https:\/\/i0.wp.com\/terjebjornstad.com\/no\/wp-content\/uploads\/2014\/02\/citroen-c1-5.png?fit=660%2C440&amp;ssl=1\" data-orig-size=\"660,440\" data-comments-opened=\"1\" data-image-meta=\"{&quot;aperture&quot;:&quot;0&quot;,&quot;credit&quot;:&quot;&quot;,&quot;camera&quot;:&quot;&quot;,&quot;caption&quot;:&quot;&quot;,&quot;created_timestamp&quot;:&quot;0&quot;,&quot;copyright&quot;:&quot;&quot;,&quot;focal_length&quot;:&quot;0&quot;,&quot;iso&quot;:&quot;0&quot;,&quot;shutter_speed&quot;:&quot;0&quot;,&quot;title&quot;:&quot;&quot;,&quot;orientation&quot;:&quot;0&quot;}\" data-image-title=\"citroen-c1-5\" data-image-description=\"\" data-image-caption=\"&lt;p&gt;Fargeskjermen gj\u00f8r interi\u00f8ret litt coolere (Akershus NO, 2016).&lt;\/p&gt;\n\" data-large-file=\"https:\/\/i0.wp.com\/terjebjornstad.com\/no\/wp-content\/uploads\/2014\/02\/citroen-c1-5.png?fit=660%2C440&amp;ssl=1\" class=\"size-full wp-image-2805\" src=\"https:\/\/i0.wp.com\/terjebjornstad.com\/no\/wp-content\/uploads\/2014\/02\/citroen-c1-5.png?resize=660%2C440&#038;ssl=1\" alt=\"citroen c1 Fargeskjermen gj\u00f8r interi\u00f8ret litt coolere.\" width=\"660\" height=\"440\" srcset=\"https:\/\/i0.wp.com\/terjebjornstad.com\/no\/wp-content\/uploads\/2014\/02\/citroen-c1-5.png?w=660&amp;ssl=1 660w, https:\/\/i0.wp.com\/terjebjornstad.com\/no\/wp-content\/uploads\/2014\/02\/citroen-c1-5.png?resize=300%2C200&amp;ssl=1 300w\" sizes=\"auto, (max-width: 660px) 100vw, 660px\" \/><figcaption id=\"caption-attachment-2805\" class=\"wp-caption-text\">Fargeskjermen gj\u00f8r interi\u00f8ret litt coolere.<\/figcaption><\/figure>\n<h3 class=\"tebh2\"><img data-recalc-dims=\"1\" loading=\"lazy\" decoding=\"async\" data-attachment-id=\"534\" data-permalink=\"https:\/\/terjebjornstad.com\/no\/2013\/08\/04\/klassens-mest-komfortable\/attachment\/4\/\" data-orig-file=\"https:\/\/i0.wp.com\/terjebjornstad.com\/no\/wp-content\/uploads\/2013\/08\/4.jpg?fit=91%2C17&amp;ssl=1\" data-orig-size=\"91,17\" data-comments-opened=\"1\" data-image-meta=\"{&quot;aperture&quot;:&quot;0&quot;,&quot;credit&quot;:&quot;&quot;,&quot;camera&quot;:&quot;&quot;,&quot;caption&quot;:&quot;&quot;,&quot;created_timestamp&quot;:&quot;0&quot;,&quot;copyright&quot;:&quot;&quot;,&quot;focal_length&quot;:&quot;0&quot;,&quot;iso&quot;:&quot;0&quot;,&quot;shutter_speed&quot;:&quot;0&quot;,&quot;title&quot;:&quot;&quot;,&quot;orientation&quot;:&quot;0&quot;}\" data-image-title=\"4\" data-image-description=\"\" data-image-caption=\"\" data-large-file=\"https:\/\/i0.wp.com\/terjebjornstad.com\/no\/wp-content\/uploads\/2013\/08\/4.jpg?fit=91%2C17&amp;ssl=1\" class=\"alignright size-full wp-image-534\" src=\"https:\/\/i0.wp.com\/terjebjornstad.com\/no\/wp-content\/uploads\/2013\/08\/3.jpg?resize=91%2C17&#038;ssl=1\" alt=\"3\" width=\"91\" height=\"17\" \/>Komfort<\/h3>\n<p>Sittekomforten overrasket meg, spesielt hvor god l\u00e5rst\u00f8tte og ryggst\u00f8tte jeg fikk. De faste, integrerte nakkeputene p\u00e5 forsetene passet meg helt perfekt. Baksetet, derimot, var det vanskelig \u00e5 f\u00e5 plass i, &#8211; i hvert fall om jeg skulle ha sittet bak meg selv. Da m\u00e5tte sj\u00e5f\u00f8ren ha hjulpet til ved \u00e5 kneppe setet sitt frem et par hakk. Selv da ville komforten for en voksen kar v\u00e6re sv\u00e6rt d\u00e5rlig der han m\u00e5tte sittet krokb\u00f8yd. Baksetene egner seg nok bedre for barn, men stiller meg tvilende til om det er plass til bakovervendte barnestoler.<\/p>\n<p>C1 taklet ujevnheter i veien sv\u00e6rt godt til \u00e5 v\u00e6re s\u00e5 liten bil. Overraskende godt. Jeg synes Oslos gater har blitt bedre, men det finnes enn\u00e5 plenty av huller i asfalten.<\/p>\n<p>N\u00e5r det gjelder st\u00f8y, opplevde jeg lydbildet som behagelig. Ikke bare n\u00e5r jeg rullet gjennom byen p\u00e5 lave turtall, men ogs\u00e5 n\u00e5r jeg presset motoren. Hvis jeg hadde hatt st\u00f8ym\u00e5ler, tror jeg likevel lydbildet ville v\u00e6rt h\u00f8yere enn min subjektive oppfatning, for etter endte turer summet det fortsatt i \u00f8rene mine.<\/p>\n<p>Kanskje jeg hadde for h\u00f8y lyd p\u00e5 radioen?<\/p>\n\n<figure id=\"attachment_2804\" aria-describedby=\"caption-attachment-2804\" style=\"width: 660px\" class=\"wp-caption alignleft\"><img data-recalc-dims=\"1\" loading=\"lazy\" decoding=\"async\" data-attachment-id=\"2804\" data-permalink=\"https:\/\/terjebjornstad.com\/no\/terjes-biler\/citroen-c1-3\/\" data-orig-file=\"https:\/\/i0.wp.com\/terjebjornstad.com\/no\/wp-content\/uploads\/2014\/02\/citroen-c1-3.png?fit=660%2C440&amp;ssl=1\" data-orig-size=\"660,440\" data-comments-opened=\"1\" data-image-meta=\"{&quot;aperture&quot;:&quot;0&quot;,&quot;credit&quot;:&quot;&quot;,&quot;camera&quot;:&quot;&quot;,&quot;caption&quot;:&quot;&quot;,&quot;created_timestamp&quot;:&quot;0&quot;,&quot;copyright&quot;:&quot;&quot;,&quot;focal_length&quot;:&quot;0&quot;,&quot;iso&quot;:&quot;0&quot;,&quot;shutter_speed&quot;:&quot;0&quot;,&quot;title&quot;:&quot;&quot;,&quot;orientation&quot;:&quot;0&quot;}\" data-image-title=\"citroen-c1-3\" data-image-description=\"\" data-image-caption=\"&lt;p&gt;2015 Citro\u00ebn C1. Her er det ikke rom til stort annet enn handleposer (Akershus NO, 2015).&lt;\/p&gt;\n\" data-large-file=\"https:\/\/i0.wp.com\/terjebjornstad.com\/no\/wp-content\/uploads\/2014\/02\/citroen-c1-3.png?fit=660%2C440&amp;ssl=1\" class=\"size-full wp-image-2804\" src=\"https:\/\/i0.wp.com\/terjebjornstad.com\/no\/wp-content\/uploads\/2014\/02\/citroen-c1-3.png?resize=660%2C440&#038;ssl=1\" alt=\"citroen c1 Her er det ikke rom til stort annet enn handleposer.\" width=\"660\" height=\"440\" srcset=\"https:\/\/i0.wp.com\/terjebjornstad.com\/no\/wp-content\/uploads\/2014\/02\/citroen-c1-3.png?w=660&amp;ssl=1 660w, https:\/\/i0.wp.com\/terjebjornstad.com\/no\/wp-content\/uploads\/2014\/02\/citroen-c1-3.png?resize=300%2C200&amp;ssl=1 300w\" sizes=\"auto, (max-width: 660px) 100vw, 660px\" \/><figcaption id=\"caption-attachment-2804\" class=\"wp-caption-text\">Her er det ikke rom til stort annet enn handleposer.<\/figcaption><\/figure>\n<h3 class=\"tebh2\"><img data-recalc-dims=\"1\" loading=\"lazy\" decoding=\"async\" data-attachment-id=\"534\" data-permalink=\"https:\/\/terjebjornstad.com\/no\/2013\/08\/04\/klassens-mest-komfortable\/attachment\/4\/\" data-orig-file=\"https:\/\/i0.wp.com\/terjebjornstad.com\/no\/wp-content\/uploads\/2013\/08\/4.jpg?fit=91%2C17&amp;ssl=1\" data-orig-size=\"91,17\" data-comments-opened=\"1\" data-image-meta=\"{&quot;aperture&quot;:&quot;0&quot;,&quot;credit&quot;:&quot;&quot;,&quot;camera&quot;:&quot;&quot;,&quot;caption&quot;:&quot;&quot;,&quot;created_timestamp&quot;:&quot;0&quot;,&quot;copyright&quot;:&quot;&quot;,&quot;focal_length&quot;:&quot;0&quot;,&quot;iso&quot;:&quot;0&quot;,&quot;shutter_speed&quot;:&quot;0&quot;,&quot;title&quot;:&quot;&quot;,&quot;orientation&quot;:&quot;0&quot;}\" data-image-title=\"4\" data-image-description=\"\" data-image-caption=\"\" data-large-file=\"https:\/\/i0.wp.com\/terjebjornstad.com\/no\/wp-content\/uploads\/2013\/08\/4.jpg?fit=91%2C17&amp;ssl=1\" class=\"alignright size-full wp-image-534\" src=\"https:\/\/i0.wp.com\/terjebjornstad.com\/no\/wp-content\/uploads\/2013\/08\/3.jpg?resize=91%2C17&#038;ssl=1\" alt=\"2\" width=\"91\" height=\"17\" \/>Plass<\/h3>\n<p>F\u00f8rsteinntrykket mitt n\u00e5r jeg satte meg inn i bilen, var hvor luftig det f\u00f8ltes rundt meg. Bilen f\u00f8ltes overhodet ikke liten fra f\u00f8rerplassen. Dette er en bil hvor to mennesker sitter bekvemt og har rikelig med plass. Baksetet, derimot, egner seg d\u00e5rlig til voksne mennesker, f\u00f8rst og fremst p\u00e5 grunn av lite benplass, men ogs\u00e5 p\u00e5 grunn av h\u00f8yde over hodet.<\/p>\n<p>Bagasjeplassen er 180 liter p\u00e5 papiret. Det egner seg kun til \u00e5 frakte ting i handleposer. Jeg tror det g\u00e5r an \u00e5 plassere en kabinkoffert der, mens andre reisevesker krever at man sl\u00e5r ned en av seteryggene, og da blir bilen en tre-seter, s\u00e5 fremt man ikke lar passasjerene sitte med bagasjen p\u00e5 fanget.<\/p>\n<p>Vi m\u00e5 erkjenne at 3,5 meter ikke er tilstrekkelig til \u00e5 gi to gode seterader og bagasjeplass. Det som likevel imponerer meg, er de gode plassforholdene i forsetene. P\u00e5 papiret er C1 en 4-seter, men jeg vil karakterisere den mer som 2+2 seter, 2+1 seter med bagasje, eller 2-seter med mye bagasje.<\/p>\n\n<figure id=\"attachment_2806\" aria-describedby=\"caption-attachment-2806\" style=\"width: 660px\" class=\"wp-caption aligncenter\"><img data-recalc-dims=\"1\" loading=\"lazy\" decoding=\"async\" data-attachment-id=\"2806\" data-permalink=\"https:\/\/terjebjornstad.com\/no\/terjes-biler\/citroen-c1-7\/\" data-orig-file=\"https:\/\/i0.wp.com\/terjebjornstad.com\/no\/wp-content\/uploads\/2014\/02\/citroen-c1-7.png?fit=660%2C440&amp;ssl=1\" data-orig-size=\"660,440\" data-comments-opened=\"1\" data-image-meta=\"{&quot;aperture&quot;:&quot;0&quot;,&quot;credit&quot;:&quot;&quot;,&quot;camera&quot;:&quot;&quot;,&quot;caption&quot;:&quot;&quot;,&quot;created_timestamp&quot;:&quot;0&quot;,&quot;copyright&quot;:&quot;&quot;,&quot;focal_length&quot;:&quot;0&quot;,&quot;iso&quot;:&quot;0&quot;,&quot;shutter_speed&quot;:&quot;0&quot;,&quot;title&quot;:&quot;&quot;,&quot;orientation&quot;:&quot;0&quot;}\" data-image-title=\"citroen-c1-7\" data-image-description=\"\" data-image-caption=\"\" data-large-file=\"https:\/\/i0.wp.com\/terjebjornstad.com\/no\/wp-content\/uploads\/2014\/02\/citroen-c1-7.png?fit=660%2C440&amp;ssl=1\" class=\"size-full wp-image-2806\" src=\"https:\/\/i0.wp.com\/terjebjornstad.com\/no\/wp-content\/uploads\/2014\/02\/citroen-c1-7.png?resize=660%2C440&#038;ssl=1\" alt=\"citroen c1 Den svarte bakluken st\u00e5r i fin kontrast til lakkfargen &quot;Gallium gray&quot;.\" width=\"660\" height=\"440\" srcset=\"https:\/\/i0.wp.com\/terjebjornstad.com\/no\/wp-content\/uploads\/2014\/02\/citroen-c1-7.png?w=660&amp;ssl=1 660w, https:\/\/i0.wp.com\/terjebjornstad.com\/no\/wp-content\/uploads\/2014\/02\/citroen-c1-7.png?resize=300%2C200&amp;ssl=1 300w\" sizes=\"auto, (max-width: 660px) 100vw, 660px\" \/><figcaption id=\"caption-attachment-2806\" class=\"wp-caption-text\">Den svarte bakluken st\u00e5r i fin kontrast til lakkfargen &laquo;Gallium gray&raquo;.<\/figcaption><\/figure>\n<h3 class=\"tebh2\"><img data-recalc-dims=\"1\" loading=\"lazy\" decoding=\"async\" data-attachment-id=\"534\" data-permalink=\"https:\/\/terjebjornstad.com\/no\/2013\/08\/04\/klassens-mest-komfortable\/attachment\/4\/\" data-orig-file=\"https:\/\/i0.wp.com\/terjebjornstad.com\/no\/wp-content\/uploads\/2013\/08\/4.jpg?fit=91%2C17&amp;ssl=1\" data-orig-size=\"91,17\" data-comments-opened=\"1\" data-image-meta=\"{&quot;aperture&quot;:&quot;0&quot;,&quot;credit&quot;:&quot;&quot;,&quot;camera&quot;:&quot;&quot;,&quot;caption&quot;:&quot;&quot;,&quot;created_timestamp&quot;:&quot;0&quot;,&quot;copyright&quot;:&quot;&quot;,&quot;focal_length&quot;:&quot;0&quot;,&quot;iso&quot;:&quot;0&quot;,&quot;shutter_speed&quot;:&quot;0&quot;,&quot;title&quot;:&quot;&quot;,&quot;orientation&quot;:&quot;0&quot;}\" data-image-title=\"4\" data-image-description=\"\" data-image-caption=\"\" data-large-file=\"https:\/\/i0.wp.com\/terjebjornstad.com\/no\/wp-content\/uploads\/2013\/08\/4.jpg?fit=91%2C17&amp;ssl=1\" class=\"alignright size-full wp-image-534\" src=\"https:\/\/i0.wp.com\/terjebjornstad.com\/no\/wp-content\/uploads\/2013\/08\/3.jpg?resize=91%2C17&#038;ssl=1\" alt=\"3\" width=\"91\" height=\"17\" \/>Sikkerhet<\/h3>\n<p>Sammenlignet med klasseleder, Volkswagen Up!, scorer C1 d\u00e5rligere i frontkollisjoner mot barriere, hvor f\u00f8rer og passasjer foran, i f\u00f8lge NCAP, risikerer kneskader ved sammenst\u00f8t med rattstamme, tenningsenhete og midtkonsoll. NCAPs konklusjon sl\u00e5r imidlertid fast at passasjerene i C1 har meget god beskyttelse ved sidekollisjon, og C1 scorer faktisk bedre enn Up! ved frontkollisjon mot stolpe. Det C1 mangler, i likhet med alle de andre superminiene, er mulighet til \u00e5 bestille det siste sikkerhetsutstyret som for eksempel adaptiv fartsholder. NCAP legger vekt p\u00e5 at stabiliseringskontroll er standard. Det er for \u00f8vrig ogs\u00e5 ISOFIX i baksetene og avstengbar kollisjonspute p\u00e5 passasjersiden.<\/p>\n\n<figure id=\"attachment_2808\" aria-describedby=\"caption-attachment-2808\" style=\"width: 660px\" class=\"wp-caption alignleft\"><img data-recalc-dims=\"1\" loading=\"lazy\" decoding=\"async\" data-attachment-id=\"2808\" data-permalink=\"https:\/\/terjebjornstad.com\/no\/terjes-biler\/citroen-c1-a\/\" data-orig-file=\"https:\/\/i0.wp.com\/terjebjornstad.com\/no\/wp-content\/uploads\/2014\/02\/citroen-c1-a.png?fit=660%2C440&amp;ssl=1\" data-orig-size=\"660,440\" data-comments-opened=\"1\" data-image-meta=\"{&quot;aperture&quot;:&quot;0&quot;,&quot;credit&quot;:&quot;&quot;,&quot;camera&quot;:&quot;&quot;,&quot;caption&quot;:&quot;&quot;,&quot;created_timestamp&quot;:&quot;0&quot;,&quot;copyright&quot;:&quot;&quot;,&quot;focal_length&quot;:&quot;0&quot;,&quot;iso&quot;:&quot;0&quot;,&quot;shutter_speed&quot;:&quot;0&quot;,&quot;title&quot;:&quot;&quot;,&quot;orientation&quot;:&quot;0&quot;}\" data-image-title=\"citroen-c1-a\" data-image-description=\"\" data-image-caption=\"&lt;p&gt;2015 Citro\u00ebn C1. P\u00e5 st\u00f8rrelse med ei slepejolle (Akershus NO, 2015).&lt;\/p&gt;\n\" data-large-file=\"https:\/\/i0.wp.com\/terjebjornstad.com\/no\/wp-content\/uploads\/2014\/02\/citroen-c1-a.png?fit=660%2C440&amp;ssl=1\" class=\"size-full wp-image-2808\" src=\"https:\/\/i0.wp.com\/terjebjornstad.com\/no\/wp-content\/uploads\/2014\/02\/citroen-c1-a.png?resize=660%2C440&#038;ssl=1\" alt=\"citroen c1 P\u00e5 st\u00f8rrelse med ei slepejolle.\" width=\"660\" height=\"440\" srcset=\"https:\/\/i0.wp.com\/terjebjornstad.com\/no\/wp-content\/uploads\/2014\/02\/citroen-c1-a.png?w=660&amp;ssl=1 660w, https:\/\/i0.wp.com\/terjebjornstad.com\/no\/wp-content\/uploads\/2014\/02\/citroen-c1-a.png?resize=300%2C200&amp;ssl=1 300w\" sizes=\"auto, (max-width: 660px) 100vw, 660px\" \/><figcaption id=\"caption-attachment-2808\" class=\"wp-caption-text\">P\u00e5 st\u00f8rrelse med ei slepejolle.<\/figcaption><\/figure>\n<h3 class=\"tebh2\"><img data-recalc-dims=\"1\" decoding=\"async\" data-attachment-id=\"534\" data-permalink=\"https:\/\/terjebjornstad.com\/no\/2013\/08\/04\/klassens-mest-komfortable\/attachment\/4\/\" data-orig-file=\"https:\/\/i0.wp.com\/terjebjornstad.com\/no\/wp-content\/uploads\/2013\/08\/4.jpg?fit=91%2C17&amp;ssl=1\" data-orig-size=\"91,17\" data-comments-opened=\"1\" data-image-meta=\"{&quot;aperture&quot;:&quot;0&quot;,&quot;credit&quot;:&quot;&quot;,&quot;camera&quot;:&quot;&quot;,&quot;caption&quot;:&quot;&quot;,&quot;created_timestamp&quot;:&quot;0&quot;,&quot;copyright&quot;:&quot;&quot;,&quot;focal_length&quot;:&quot;0&quot;,&quot;iso&quot;:&quot;0&quot;,&quot;shutter_speed&quot;:&quot;0&quot;,&quot;title&quot;:&quot;&quot;,&quot;orientation&quot;:&quot;0&quot;}\" data-image-title=\"4\" data-image-description=\"\" data-image-caption=\"\" data-large-file=\"https:\/\/i0.wp.com\/terjebjornstad.com\/no\/wp-content\/uploads\/2013\/08\/4.jpg?fit=91%2C17&amp;ssl=1\" class=\"alignright size-full wp-image-534\" src=\"https:\/\/i0.wp.com\/terjebjornstad.com\/no\/wp-content\/uploads\/2013\/08\/5.jpg?w=980&#038;ssl=1\" alt=\"5\" 17\" \/>\u00d8konomi<\/h3>\n<p>For 129 000 kroner kan du skaffe deg en flunkende ny Citroen C1. Selv om det bare er 3,5 meter bil, er det mye bil for pengene. En av C1&#8217;s st\u00f8rste fordeler, er innkj\u00f8pspris. Men du skal ikke velge s\u00e6rlig mye utstyr, f\u00f8r denne prisfordelen forsvinner. Da mener jeg det er bedre \u00e5 velge en st\u00f8rre bil med mindre utstyr. Nordic Edition, som er avbildet her, koster 20 000 mer enn basismodellen. Det er vel anvendte penger og gj\u00f8r bilen mer attraktiv som innbyttebil.<\/p>\n<p>Foreg\u00e5ende modell av C1 har holdt seg godt i verdi. F\u00e5 biler har hatt s\u00e5 lavt verditap.<\/p>\n<p>Forbrukstallene er 0,50 (by) og 0,41 (landevei). Tallene for nye biler med &laquo;start &amp; stop&raquo; er hhv. 0,45 og 0,38.<\/p>\n<blockquote><p>Hvis noen hadde m\u00e5lt kj\u00f8reglede pr meter billengde, tror jeg C1 ville kommet h\u00f8yt opp.<\/p><\/blockquote>\n<p><img data-recalc-dims=\"1\" loading=\"lazy\" decoding=\"async\" data-attachment-id=\"431\" data-permalink=\"https:\/\/terjebjornstad.com\/no\/2013\/08\/04\/nye-astra\/positive1\/\" data-orig-file=\"https:\/\/i0.wp.com\/terjebjornstad.com\/no\/wp-content\/uploads\/2013\/08\/positive1.jpg?fit=57%2C57&amp;ssl=1\" data-orig-size=\"57,57\" data-comments-opened=\"1\" data-image-meta=\"{&quot;aperture&quot;:&quot;0&quot;,&quot;credit&quot;:&quot;&quot;,&quot;camera&quot;:&quot;&quot;,&quot;caption&quot;:&quot;&quot;,&quot;created_timestamp&quot;:&quot;0&quot;,&quot;copyright&quot;:&quot;&quot;,&quot;focal_length&quot;:&quot;0&quot;,&quot;iso&quot;:&quot;0&quot;,&quot;shutter_speed&quot;:&quot;0&quot;,&quot;title&quot;:&quot;&quot;,&quot;orientation&quot;:&quot;0&quot;}\" data-image-title=\"positive1\" data-image-description=\"\" data-image-caption=\"\" data-large-file=\"https:\/\/i0.wp.com\/terjebjornstad.com\/no\/wp-content\/uploads\/2013\/08\/positive1.jpg?fit=57%2C57&amp;ssl=1\" class=\"size-full wp-image-431 alignnone\" src=\"https:\/\/i0.wp.com\/terjebjornstad.com\/no\/wp-content\/uploads\/2016\/08\/positive1-5.jpg?resize=57%2C57&#038;ssl=1\" alt=\"citroen c1\" width=\"57\" height=\"57\" \/><\/p>\n<ul>\n<li><em>Utrolig lettkj\u00f8rt, spesielt i byen<\/em><\/li>\n<li><em>Motoren trekker godt p\u00e5 moderate turtall<\/em><\/li>\n<li><em>Komfortable forseter<\/em><\/li>\n<\/ul>\n<p><img data-recalc-dims=\"1\" loading=\"lazy\" decoding=\"async\" data-attachment-id=\"431\" data-permalink=\"https:\/\/terjebjornstad.com\/no\/2013\/08\/04\/nye-astra\/positive1\/\" data-orig-file=\"https:\/\/i0.wp.com\/terjebjornstad.com\/no\/wp-content\/uploads\/2013\/08\/positive1.jpg?fit=57%2C57&amp;ssl=1\" data-orig-size=\"57,57\" data-comments-opened=\"1\" data-image-meta=\"{&quot;aperture&quot;:&quot;0&quot;,&quot;credit&quot;:&quot;&quot;,&quot;camera&quot;:&quot;&quot;,&quot;caption&quot;:&quot;&quot;,&quot;created_timestamp&quot;:&quot;0&quot;,&quot;copyright&quot;:&quot;&quot;,&quot;focal_length&quot;:&quot;0&quot;,&quot;iso&quot;:&quot;0&quot;,&quot;shutter_speed&quot;:&quot;0&quot;,&quot;title&quot;:&quot;&quot;,&quot;orientation&quot;:&quot;0&quot;}\" data-image-title=\"positive1\" data-image-description=\"\" data-image-caption=\"\" data-large-file=\"https:\/\/i0.wp.com\/terjebjornstad.com\/no\/wp-content\/uploads\/2013\/08\/positive1.jpg?fit=57%2C57&amp;ssl=1\" class=\"size-full wp-image-431 alignnone\" src=\"https:\/\/i0.wp.com\/terjebjornstad.com\/no\/wp-content\/uploads\/2016\/08\/negative1-5.jpg?resize=57%2C57&#038;ssl=1\" alt=\"citroen c1\" width=\"57\" height=\"57\" \/><\/p>\n<ul>\n<li><em>Mer en 2+2 seter enn 4 seter.<\/em><\/li>\n<\/ul>\n\n<figure id=\"attachment_2809\" aria-describedby=\"caption-attachment-2809\" style=\"width: 480px\" class=\"wp-caption alignleft\"><img data-recalc-dims=\"1\" loading=\"lazy\" decoding=\"async\" data-attachment-id=\"2809\" data-permalink=\"https:\/\/terjebjornstad.com\/no\/terjes-biler\/citroen-c1-b\/\" data-orig-file=\"https:\/\/i0.wp.com\/terjebjornstad.com\/no\/wp-content\/uploads\/2014\/02\/citroen-c1-b.png?fit=480%2C480&amp;ssl=1\" data-orig-size=\"480,480\" data-comments-opened=\"1\" data-image-meta=\"{&quot;aperture&quot;:&quot;0&quot;,&quot;credit&quot;:&quot;&quot;,&quot;camera&quot;:&quot;&quot;,&quot;caption&quot;:&quot;&quot;,&quot;created_timestamp&quot;:&quot;0&quot;,&quot;copyright&quot;:&quot;&quot;,&quot;focal_length&quot;:&quot;0&quot;,&quot;iso&quot;:&quot;0&quot;,&quot;shutter_speed&quot;:&quot;0&quot;,&quot;title&quot;:&quot;&quot;,&quot;orientation&quot;:&quot;0&quot;}\" data-image-title=\"citroen-c1-b\" data-image-description=\"\" data-image-caption=\"&lt;p&gt;Innredningen er i &amp;laquo;zebra red&amp;raquo;&lt;\/p&gt;\n\" data-large-file=\"https:\/\/i0.wp.com\/terjebjornstad.com\/no\/wp-content\/uploads\/2014\/02\/citroen-c1-b.png?fit=480%2C480&amp;ssl=1\" class=\"size-full wp-image-2809\" src=\"https:\/\/i0.wp.com\/terjebjornstad.com\/no\/wp-content\/uploads\/2014\/02\/citroen-c1-b.png?resize=480%2C480&#038;ssl=1\" alt=\"citroen c1 Innredningen er i &quot;Zebra red&quot;\" width=\"480\" height=\"480\" srcset=\"https:\/\/i0.wp.com\/terjebjornstad.com\/no\/wp-content\/uploads\/2014\/02\/citroen-c1-b.png?w=480&amp;ssl=1 480w, https:\/\/i0.wp.com\/terjebjornstad.com\/no\/wp-content\/uploads\/2014\/02\/citroen-c1-b.png?resize=150%2C150&amp;ssl=1 150w, https:\/\/i0.wp.com\/terjebjornstad.com\/no\/wp-content\/uploads\/2014\/02\/citroen-c1-b.png?resize=300%2C300&amp;ssl=1 300w, https:\/\/i0.wp.com\/terjebjornstad.com\/no\/wp-content\/uploads\/2014\/02\/citroen-c1-b.png?resize=50%2C50&amp;ssl=1 50w\" sizes=\"auto, (max-width: 480px) 100vw, 480px\" \/><figcaption id=\"caption-attachment-2809\" class=\"wp-caption-text\">Innredningen er i &laquo;Zebra red&raquo;<\/figcaption><\/figure>\n\n<h3 class=\"tebh2\">Se ogs\u00e5<\/h3>\n<p><a href=\"https:\/\/terjebjornstad.com\/no\/2013\/02\/11\/eurobiler-med-trynefaktor\/\"><figure id=\"attachment_241\" aria-describedby=\"caption-attachment-241\" style=\"width: 150px\" class=\"wp-caption alignleft\"><img data-recalc-dims=\"1\" loading=\"lazy\" decoding=\"async\" data-attachment-id=\"241\" data-permalink=\"https:\/\/terjebjornstad.com\/no\/2012\/12\/31\/91\/citroenc1confort\/\" data-orig-file=\"https:\/\/i0.wp.com\/terjebjornstad.com\/no\/wp-content\/uploads\/2012\/12\/citroenc1confort.png?fit=480%2C360&amp;ssl=1\" data-orig-size=\"480,360\" data-comments-opened=\"1\" data-image-meta=\"{&quot;aperture&quot;:&quot;0&quot;,&quot;credit&quot;:&quot;&quot;,&quot;camera&quot;:&quot;&quot;,&quot;caption&quot;:&quot;&quot;,&quot;created_timestamp&quot;:&quot;0&quot;,&quot;copyright&quot;:&quot;&quot;,&quot;focal_length&quot;:&quot;0&quot;,&quot;iso&quot;:&quot;0&quot;,&quot;shutter_speed&quot;:&quot;0&quot;,&quot;title&quot;:&quot;&quot;,&quot;orientation&quot;:&quot;0&quot;}\" data-image-title=\"citroenc1confort\" data-image-description=\"\" data-image-caption=\"&lt;p&gt;2013 Citro\u00ebn C1&lt;\/p&gt;\n\" data-large-file=\"https:\/\/i0.wp.com\/terjebjornstad.com\/no\/wp-content\/uploads\/2012\/12\/citroenc1confort.png?fit=480%2C360&amp;ssl=1\" class=\"size-thumbnail wp-image-241\" src=\"https:\/\/i0.wp.com\/terjebjornstad.com\/no\/wp-content\/uploads\/2012\/12\/citroenc1confort.png?resize=150%2C150&#038;ssl=1\" alt=\"citroen c1 Citroen C1 Mk1\" width=\"150\" height=\"150\" srcset=\"https:\/\/i0.wp.com\/terjebjornstad.com\/no\/wp-content\/uploads\/2012\/12\/citroenc1confort.png?resize=150%2C150&amp;ssl=1 150w, https:\/\/i0.wp.com\/terjebjornstad.com\/no\/wp-content\/uploads\/2012\/12\/citroenc1confort.png?resize=50%2C50&amp;ssl=1 50w, https:\/\/i0.wp.com\/terjebjornstad.com\/no\/wp-content\/uploads\/2012\/12\/citroenc1confort.png?zoom=2&amp;resize=150%2C150&amp;ssl=1 300w, https:\/\/i0.wp.com\/terjebjornstad.com\/no\/wp-content\/uploads\/2012\/12\/citroenc1confort.png?zoom=3&amp;resize=150%2C150&amp;ssl=1 450w\" sizes=\"auto, (max-width: 150px) 100vw, 150px\" \/><figcaption id=\"caption-attachment-241\" class=\"wp-caption-text\">Citroen C1 Mk1<\/figcaption><\/figure><\/a><a href=\"https:\/\/terjebjornstad.com\/no\/2013\/08\/03\/bor-jeg-kjope-en-minibil\/\"><figure id=\"attachment_172\" aria-describedby=\"caption-attachment-172\" style=\"width: 150px\" class=\"wp-caption alignleft\"><img data-recalc-dims=\"1\" loading=\"lazy\" decoding=\"async\" data-attachment-id=\"172\" data-permalink=\"https:\/\/terjebjornstad.com\/no\/2015\/11\/30\/pa-bytur-med-citroen-c1\/whitemini\/\" data-orig-file=\"https:\/\/i0.wp.com\/terjebjornstad.com\/no\/wp-content\/uploads\/2013\/01\/whitemini.png?fit=720%2C180&amp;ssl=1\" data-orig-size=\"720,180\" data-comments-opened=\"1\" data-image-meta=\"{&quot;aperture&quot;:&quot;0&quot;,&quot;credit&quot;:&quot;&quot;,&quot;camera&quot;:&quot;&quot;,&quot;caption&quot;:&quot;&quot;,&quot;created_timestamp&quot;:&quot;0&quot;,&quot;copyright&quot;:&quot;&quot;,&quot;focal_length&quot;:&quot;0&quot;,&quot;iso&quot;:&quot;0&quot;,&quot;shutter_speed&quot;:&quot;0&quot;,&quot;title&quot;:&quot;&quot;,&quot;orientation&quot;:&quot;0&quot;}\" data-image-title=\"whitemini\" data-image-description=\"\" data-image-caption=\"&lt;p&gt;Jas\u00e5, du vil kj\u00f8pe en supermini?&lt;\/p&gt;\n\" data-large-file=\"https:\/\/i0.wp.com\/terjebjornstad.com\/no\/wp-content\/uploads\/2013\/01\/whitemini.png?fit=720%2C180&amp;ssl=1\" class=\"size-thumbnail wp-image-172\" src=\"https:\/\/i0.wp.com\/terjebjornstad.com\/no\/wp-content\/uploads\/2013\/01\/whitemini.png?resize=150%2C150&#038;ssl=1\" alt=\"citroen c1 Jas\u00e5, du vil kj\u00f8pe en supermini?\" width=\"150\" height=\"150\" srcset=\"https:\/\/i0.wp.com\/terjebjornstad.com\/no\/wp-content\/uploads\/2013\/01\/whitemini.png?resize=150%2C150&amp;ssl=1 150w, https:\/\/i0.wp.com\/terjebjornstad.com\/no\/wp-content\/uploads\/2013\/01\/whitemini.png?resize=50%2C50&amp;ssl=1 50w, https:\/\/i0.wp.com\/terjebjornstad.com\/no\/wp-content\/uploads\/2013\/01\/whitemini.png?zoom=2&amp;resize=150%2C150&amp;ssl=1 300w, https:\/\/i0.wp.com\/terjebjornstad.com\/no\/wp-content\/uploads\/2013\/01\/whitemini.png?zoom=3&amp;resize=150%2C150&amp;ssl=1 450w\" sizes=\"auto, (max-width: 150px) 100vw, 150px\" \/><figcaption id=\"caption-attachment-172\" class=\"wp-caption-text\">Jas\u00e5, du vil kj\u00f8pe en supermini?<\/figcaption><\/figure><\/a><br \/>\n<br \/>\n<a href=\"https:\/\/www.citroen.no\" target=\"_blank\" rel=\"noopener\"><strong>citroen.no<\/strong><\/a><br \/>\n\n<\/div>\n","protected":false,"gt_translate_keys":[{"key":"rendered","format":"html"}]},"excerpt":{"rendered":"<p>Jeg innser med et smil at denne bilen kan brukes til mye mer enn juleshopping. Jeg kj\u00f8rer gladelig hvor som helst, bare jeg slipper \u00e5 sitte i baksetet. Det er s\u00f8ndag 1. advent. Julelysene i Oslo har v\u00e6rt tent lenge. De muntrer oss opp n\u00e5r m\u00f8rket siger p\u00e5 ved tretiden p\u00e5 ettermiddagen. Ikke bare blir [&hellip;]<\/p>\n","protected":false,"gt_translate_keys":[{"key":"rendered","format":"html"}]},"author":1,"featured_media":0,"comment_status":"open","ping_status":"open","sticky":false,"template":"","format":"standard","meta":{"_monsterinsights_skip_tracking":false,"_monsterinsights_sitenote_active":false,"_monsterinsights_sitenote_note":"","_monsterinsights_sitenote_category":0,"jetpack_post_was_ever_published":false,"_jetpack_newsletter_access":"","_jetpack_dont_email_post_to_subs":false,"_jetpack_newsletter_tier_id":0,"_jetpack_memberships_contains_paywalled_content":false,"_jetpack_memberships_contains_paid_content":false,"footnotes":"","jetpack_publicize_message":"","jetpack_publicize_feature_enabled":true,"jetpack_social_post_already_shared":true,"jetpack_social_options":{"image_generator_settings":{"template":"highway","default_image_id":0,"font":"","enabled":false},"version":2}},"categories":[34,2358,19],"tags":[1422,1421,343,1417,347,1420,1419,1418],"class_list":["post-2810","post","type-post","status-publish","format-standard","hentry","category-artikkel","category-c1","category-citroen","tag-bilder-citroen-c1","tag-c1-nordic","tag-citroen-c1","tag-citroen-c1-test","tag-nye-citroen-c1","tag-plass-citroen-c1","tag-sikkerhet-citroen-c1","tag-test-citroen-c1"],"yoast_head":"<!-- This site is optimized with the Yoast SEO plugin v27.5 - https:\/\/yoast.com\/product\/yoast-seo-wordpress\/ -->\n<title>P\u00e5 bytur med Citroen C1 - Terjes biler<\/title>\n<meta name=\"description\" content=\"Citroen C1 er utrolig lettkj\u00f8rt - lett p\u00e5 styringen, lett p\u00e5 clutchen, lett \u00e5 gire og bilen holdes et par sekunder i bakken ved bakkestart.\" \/>\n<meta name=\"robots\" content=\"index, follow, max-snippet:-1, max-image-preview:large, max-video-preview:-1\" \/>\n<link rel=\"canonical\" href=\"https:\/\/terjebjornstad.com\/no\/2015\/11\/30\/pa-bytur-med-citroen-c1\/\" \/>\n<meta property=\"og:locale\" content=\"nb_NO\" \/>\n<meta property=\"og:type\" content=\"article\" \/>\n<meta property=\"og:title\" content=\"P\u00e5 bytur med Citroen C1 - Terjes biler\" \/>\n<meta property=\"og:description\" content=\"Citroen C1 er utrolig lettkj\u00f8rt - lett p\u00e5 styringen, lett p\u00e5 clutchen, lett \u00e5 gire og bilen holdes et par sekunder i bakken ved bakkestart.\" \/>\n<meta property=\"og:url\" content=\"https:\/\/terjebjornstad.com\/no\/2015\/11\/30\/pa-bytur-med-citroen-c1\/\" \/>\n<meta property=\"og:site_name\" content=\"Terjes biler\" \/>\n<meta property=\"article:publisher\" content=\"https:\/\/www.facebook.com\/terjesbiler\/\" \/>\n<meta property=\"article:author\" content=\"https:\/\/www.facebook.com\/terjesbiler\" \/>\n<meta property=\"article:published_time\" content=\"2015-11-30T08:59:36+00:00\" \/>\n<meta property=\"article:modified_time\" content=\"2024-08-26T23:41:54+00:00\" \/>\n<meta property=\"og:image\" content=\"https:\/\/terjebjornstad.com\/no\/wp-content\/uploads\/2014\/02\/citroen-c1-1.png\" \/>\n<meta name=\"author\" content=\"Terje Bj\u00f8rnstad\" \/>\n<meta name=\"twitter:card\" content=\"summary_large_image\" \/>\n<meta name=\"twitter:label1\" content=\"Skrevet av\" \/>\n\t<meta name=\"twitter:data1\" content=\"Terje Bj\u00f8rnstad\" \/>\n\t<meta name=\"twitter:label2\" content=\"Ansl. lesetid\" \/>\n\t<meta name=\"twitter:data2\" content=\"10 minutter\" \/>\n<script type=\"application\/ld+json\" class=\"yoast-schema-graph\">{\"@context\":\"https:\\\/\\\/schema.org\",\"@graph\":[{\"@type\":\"Article\",\"@id\":\"https:\\\/\\\/terjebjornstad.com\\\/no\\\/2015\\\/11\\\/30\\\/pa-bytur-med-citroen-c1\\\/#article\",\"isPartOf\":{\"@id\":\"https:\\\/\\\/terjebjornstad.com\\\/no\\\/2015\\\/11\\\/30\\\/pa-bytur-med-citroen-c1\\\/\"},\"author\":{\"name\":\"Terje Bj\u00f8rnstad\",\"@id\":\"https:\\\/\\\/terjebjornstad.com\\\/no\\\/#\\\/schema\\\/person\\\/a281f6a6e0f3cc9fe468e7f0c655aa65\"},\"headline\":\"P\u00e5 bytur med Citroen C1\",\"datePublished\":\"2015-11-30T08:59:36+00:00\",\"dateModified\":\"2024-08-26T23:41:54+00:00\",\"mainEntityOfPage\":{\"@id\":\"https:\\\/\\\/terjebjornstad.com\\\/no\\\/2015\\\/11\\\/30\\\/pa-bytur-med-citroen-c1\\\/\"},\"wordCount\":1146,\"commentCount\":0,\"publisher\":{\"@id\":\"https:\\\/\\\/terjebjornstad.com\\\/no\\\/#organization\"},\"image\":{\"@id\":\"https:\\\/\\\/terjebjornstad.com\\\/no\\\/2015\\\/11\\\/30\\\/pa-bytur-med-citroen-c1\\\/#primaryimage\"},\"thumbnailUrl\":\"https:\\\/\\\/terjebjornstad.com\\\/no\\\/wp-content\\\/uploads\\\/2014\\\/02\\\/citroen-c1-1.png\",\"keywords\":[\"bilder citroen c1\",\"c1 nordic\",\"Citroen C1\",\"citroen c1 test\",\"nye citroen c1\",\"plass citroen c1\",\"sikkerhet citroen c1\",\"test citroen c1\"],\"articleSection\":[\"Artikkel\",\"C1\",\"Citroen\"],\"inLanguage\":\"nb-NO\",\"potentialAction\":[{\"@type\":\"CommentAction\",\"name\":\"Comment\",\"target\":[\"https:\\\/\\\/terjebjornstad.com\\\/no\\\/2015\\\/11\\\/30\\\/pa-bytur-med-citroen-c1\\\/#respond\"]}]},{\"@type\":\"WebPage\",\"@id\":\"https:\\\/\\\/terjebjornstad.com\\\/no\\\/2015\\\/11\\\/30\\\/pa-bytur-med-citroen-c1\\\/\",\"url\":\"https:\\\/\\\/terjebjornstad.com\\\/no\\\/2015\\\/11\\\/30\\\/pa-bytur-med-citroen-c1\\\/\",\"name\":\"P\u00e5 bytur med Citroen C1 - Terjes biler\",\"isPartOf\":{\"@id\":\"https:\\\/\\\/terjebjornstad.com\\\/no\\\/#website\"},\"primaryImageOfPage\":{\"@id\":\"https:\\\/\\\/terjebjornstad.com\\\/no\\\/2015\\\/11\\\/30\\\/pa-bytur-med-citroen-c1\\\/#primaryimage\"},\"image\":{\"@id\":\"https:\\\/\\\/terjebjornstad.com\\\/no\\\/2015\\\/11\\\/30\\\/pa-bytur-med-citroen-c1\\\/#primaryimage\"},\"thumbnailUrl\":\"https:\\\/\\\/terjebjornstad.com\\\/no\\\/wp-content\\\/uploads\\\/2014\\\/02\\\/citroen-c1-1.png\",\"datePublished\":\"2015-11-30T08:59:36+00:00\",\"dateModified\":\"2024-08-26T23:41:54+00:00\",\"description\":\"Citroen C1 er utrolig lettkj\u00f8rt - lett p\u00e5 styringen, lett p\u00e5 clutchen, lett \u00e5 gire og bilen holdes et par sekunder i bakken ved bakkestart.\",\"breadcrumb\":{\"@id\":\"https:\\\/\\\/terjebjornstad.com\\\/no\\\/2015\\\/11\\\/30\\\/pa-bytur-med-citroen-c1\\\/#breadcrumb\"},\"inLanguage\":\"nb-NO\",\"potentialAction\":[{\"@type\":\"ReadAction\",\"target\":[\"https:\\\/\\\/terjebjornstad.com\\\/no\\\/2015\\\/11\\\/30\\\/pa-bytur-med-citroen-c1\\\/\"]}]},{\"@type\":\"ImageObject\",\"inLanguage\":\"nb-NO\",\"@id\":\"https:\\\/\\\/terjebjornstad.com\\\/no\\\/2015\\\/11\\\/30\\\/pa-bytur-med-citroen-c1\\\/#primaryimage\",\"url\":\"https:\\\/\\\/i0.wp.com\\\/terjebjornstad.com\\\/no\\\/wp-content\\\/uploads\\\/2014\\\/02\\\/citroen-c1-1.png?fit=660%2C440&ssl=1\",\"contentUrl\":\"https:\\\/\\\/i0.wp.com\\\/terjebjornstad.com\\\/no\\\/wp-content\\\/uploads\\\/2014\\\/02\\\/citroen-c1-1.png?fit=660%2C440&ssl=1\",\"width\":660,\"height\":440,\"caption\":\"Citroen C1\"},{\"@type\":\"BreadcrumbList\",\"@id\":\"https:\\\/\\\/terjebjornstad.com\\\/no\\\/2015\\\/11\\\/30\\\/pa-bytur-med-citroen-c1\\\/#breadcrumb\",\"itemListElement\":[{\"@type\":\"ListItem\",\"position\":1,\"name\":\"Hjem\",\"item\":\"https:\\\/\\\/terjebjornstad.com\\\/no\\\/\"},{\"@type\":\"ListItem\",\"position\":2,\"name\":\"P\u00e5 bytur med Citroen C1\"}]},{\"@type\":\"WebSite\",\"@id\":\"https:\\\/\\\/terjebjornstad.com\\\/no\\\/#website\",\"url\":\"https:\\\/\\\/terjebjornstad.com\\\/no\\\/\",\"name\":\"Terjes biler\",\"description\":\"HONEST ABOUT CARS\",\"publisher\":{\"@id\":\"https:\\\/\\\/terjebjornstad.com\\\/no\\\/#organization\"},\"alternateName\":\"Terjebjornstad.com\",\"potentialAction\":[{\"@type\":\"SearchAction\",\"target\":{\"@type\":\"EntryPoint\",\"urlTemplate\":\"https:\\\/\\\/terjebjornstad.com\\\/no\\\/?s={search_term_string}\"},\"query-input\":{\"@type\":\"PropertyValueSpecification\",\"valueRequired\":true,\"valueName\":\"search_term_string\"}}],\"inLanguage\":\"nb-NO\"},{\"@type\":\"Organization\",\"@id\":\"https:\\\/\\\/terjebjornstad.com\\\/no\\\/#organization\",\"name\":\"Terje Bj\u00f8rnstad ENK\",\"url\":\"https:\\\/\\\/terjebjornstad.com\\\/no\\\/\",\"logo\":{\"@type\":\"ImageObject\",\"inLanguage\":\"nb-NO\",\"@id\":\"https:\\\/\\\/terjebjornstad.com\\\/no\\\/#\\\/schema\\\/logo\\\/image\\\/\",\"url\":\"https:\\\/\\\/i0.wp.com\\\/terjebjornstad.com\\\/no\\\/wp-content\\\/uploads\\\/2026\\\/02\\\/terjesbiler2024-960x354-1.png?fit=960%2C354&ssl=1\",\"contentUrl\":\"https:\\\/\\\/i0.wp.com\\\/terjebjornstad.com\\\/no\\\/wp-content\\\/uploads\\\/2026\\\/02\\\/terjesbiler2024-960x354-1.png?fit=960%2C354&ssl=1\",\"width\":960,\"height\":354,\"caption\":\"Terje Bj\u00f8rnstad ENK\"},\"image\":{\"@id\":\"https:\\\/\\\/terjebjornstad.com\\\/no\\\/#\\\/schema\\\/logo\\\/image\\\/\"},\"sameAs\":[\"https:\\\/\\\/www.facebook.com\\\/terjesbiler\\\/\",\"https:\\\/\\\/www.instagram.com\\\/terjesbiler\\\/\",\"https:\\\/\\\/www.pinteres.com\\\/terjebjrnstad\\\/terjes-biler\\\/\"]},{\"@type\":\"Person\",\"@id\":\"https:\\\/\\\/terjebjornstad.com\\\/no\\\/#\\\/schema\\\/person\\\/a281f6a6e0f3cc9fe468e7f0c655aa65\",\"name\":\"Terje Bj\u00f8rnstad\",\"image\":{\"@type\":\"ImageObject\",\"inLanguage\":\"nb-NO\",\"@id\":\"https:\\\/\\\/secure.gravatar.com\\\/avatar\\\/e8dff505b51cf6cb67ae06a06022d2049aac2da1e79dc146a36b58798c4b40ea?s=96&d=mm&r=g\",\"url\":\"https:\\\/\\\/secure.gravatar.com\\\/avatar\\\/e8dff505b51cf6cb67ae06a06022d2049aac2da1e79dc146a36b58798c4b40ea?s=96&d=mm&r=g\",\"contentUrl\":\"https:\\\/\\\/secure.gravatar.com\\\/avatar\\\/e8dff505b51cf6cb67ae06a06022d2049aac2da1e79dc146a36b58798c4b40ea?s=96&d=mm&r=g\",\"caption\":\"Terje Bj\u00f8rnstad\"},\"description\":\"Terje Bj\u00f8rnstad. Bloggadministrator, hobbyfotograf og bilnerd.\",\"sameAs\":[\"https:\\\/\\\/www.facebook.com\\\/terjesbiler\",\"https:\\\/\\\/www.instagram.com\\\/terjesbiler\",\"https:\\\/\\\/no.pinterest.com\\\/terjebjrnstad\",\"https:\\\/\\\/www.youtube.com\\\/channel\\\/UCzCKJJDybyIgKqatc_JQqIg\"]}]}<\/script>\n<!-- \/ Yoast SEO plugin. -->","yoast_head_json":{"title":"P\u00e5 bytur med Citroen C1 - Terjes biler","description":"Citroen C1 er utrolig lettkj\u00f8rt - lett p\u00e5 styringen, lett p\u00e5 clutchen, lett \u00e5 gire og bilen holdes et par sekunder i bakken ved bakkestart.","robots":{"index":"index","follow":"follow","max-snippet":"max-snippet:-1","max-image-preview":"max-image-preview:large","max-video-preview":"max-video-preview:-1"},"canonical":"https:\/\/terjebjornstad.com\/no\/2015\/11\/30\/pa-bytur-med-citroen-c1\/","og_locale":"nb_NO","og_type":"article","og_title":"P\u00e5 bytur med Citroen C1 - Terjes biler","og_description":"Citroen C1 er utrolig lettkj\u00f8rt - lett p\u00e5 styringen, lett p\u00e5 clutchen, lett \u00e5 gire og bilen holdes et par sekunder i bakken ved bakkestart.","og_url":"https:\/\/terjebjornstad.com\/no\/2015\/11\/30\/pa-bytur-med-citroen-c1\/","og_site_name":"Terjes biler","article_publisher":"https:\/\/www.facebook.com\/terjesbiler\/","article_author":"https:\/\/www.facebook.com\/terjesbiler","article_published_time":"2015-11-30T08:59:36+00:00","article_modified_time":"2024-08-26T23:41:54+00:00","og_image":[{"url":"https:\/\/terjebjornstad.com\/no\/wp-content\/uploads\/2014\/02\/citroen-c1-1.png","type":"","width":"","height":""}],"author":"Terje Bj\u00f8rnstad","twitter_card":"summary_large_image","twitter_misc":{"Skrevet av":"Terje Bj\u00f8rnstad","Ansl. lesetid":"10 minutter"},"schema":{"@context":"https:\/\/schema.org","@graph":[{"@type":"Article","@id":"https:\/\/terjebjornstad.com\/no\/2015\/11\/30\/pa-bytur-med-citroen-c1\/#article","isPartOf":{"@id":"https:\/\/terjebjornstad.com\/no\/2015\/11\/30\/pa-bytur-med-citroen-c1\/"},"author":{"name":"Terje Bj\u00f8rnstad","@id":"https:\/\/terjebjornstad.com\/no\/#\/schema\/person\/a281f6a6e0f3cc9fe468e7f0c655aa65"},"headline":"P\u00e5 bytur med Citroen C1","datePublished":"2015-11-30T08:59:36+00:00","dateModified":"2024-08-26T23:41:54+00:00","mainEntityOfPage":{"@id":"https:\/\/terjebjornstad.com\/no\/2015\/11\/30\/pa-bytur-med-citroen-c1\/"},"wordCount":1146,"commentCount":0,"publisher":{"@id":"https:\/\/terjebjornstad.com\/no\/#organization"},"image":{"@id":"https:\/\/terjebjornstad.com\/no\/2015\/11\/30\/pa-bytur-med-citroen-c1\/#primaryimage"},"thumbnailUrl":"https:\/\/terjebjornstad.com\/no\/wp-content\/uploads\/2014\/02\/citroen-c1-1.png","keywords":["bilder citroen c1","c1 nordic","Citroen C1","citroen c1 test","nye citroen c1","plass citroen c1","sikkerhet citroen c1","test citroen c1"],"articleSection":["Artikkel","C1","Citroen"],"inLanguage":"nb-NO","potentialAction":[{"@type":"CommentAction","name":"Comment","target":["https:\/\/terjebjornstad.com\/no\/2015\/11\/30\/pa-bytur-med-citroen-c1\/#respond"]}]},{"@type":"WebPage","@id":"https:\/\/terjebjornstad.com\/no\/2015\/11\/30\/pa-bytur-med-citroen-c1\/","url":"https:\/\/terjebjornstad.com\/no\/2015\/11\/30\/pa-bytur-med-citroen-c1\/","name":"P\u00e5 bytur med Citroen C1 - Terjes biler","isPartOf":{"@id":"https:\/\/terjebjornstad.com\/no\/#website"},"primaryImageOfPage":{"@id":"https:\/\/terjebjornstad.com\/no\/2015\/11\/30\/pa-bytur-med-citroen-c1\/#primaryimage"},"image":{"@id":"https:\/\/terjebjornstad.com\/no\/2015\/11\/30\/pa-bytur-med-citroen-c1\/#primaryimage"},"thumbnailUrl":"https:\/\/terjebjornstad.com\/no\/wp-content\/uploads\/2014\/02\/citroen-c1-1.png","datePublished":"2015-11-30T08:59:36+00:00","dateModified":"2024-08-26T23:41:54+00:00","description":"Citroen C1 er utrolig lettkj\u00f8rt - lett p\u00e5 styringen, lett p\u00e5 clutchen, lett \u00e5 gire og bilen holdes et par sekunder i bakken ved bakkestart.","breadcrumb":{"@id":"https:\/\/terjebjornstad.com\/no\/2015\/11\/30\/pa-bytur-med-citroen-c1\/#breadcrumb"},"inLanguage":"nb-NO","potentialAction":[{"@type":"ReadAction","target":["https:\/\/terjebjornstad.com\/no\/2015\/11\/30\/pa-bytur-med-citroen-c1\/"]}]},{"@type":"ImageObject","inLanguage":"nb-NO","@id":"https:\/\/terjebjornstad.com\/no\/2015\/11\/30\/pa-bytur-med-citroen-c1\/#primaryimage","url":"https:\/\/i0.wp.com\/terjebjornstad.com\/no\/wp-content\/uploads\/2014\/02\/citroen-c1-1.png?fit=660%2C440&ssl=1","contentUrl":"https:\/\/i0.wp.com\/terjebjornstad.com\/no\/wp-content\/uploads\/2014\/02\/citroen-c1-1.png?fit=660%2C440&ssl=1","width":660,"height":440,"caption":"Citroen C1"},{"@type":"BreadcrumbList","@id":"https:\/\/terjebjornstad.com\/no\/2015\/11\/30\/pa-bytur-med-citroen-c1\/#breadcrumb","itemListElement":[{"@type":"ListItem","position":1,"name":"Hjem","item":"https:\/\/terjebjornstad.com\/no\/"},{"@type":"ListItem","position":2,"name":"P\u00e5 bytur med Citroen C1"}]},{"@type":"WebSite","@id":"https:\/\/terjebjornstad.com\/no\/#website","url":"https:\/\/terjebjornstad.com\/no\/","name":"Terjes biler","description":"HONEST ABOUT CARS","publisher":{"@id":"https:\/\/terjebjornstad.com\/no\/#organization"},"alternateName":"Terjebjornstad.com","potentialAction":[{"@type":"SearchAction","target":{"@type":"EntryPoint","urlTemplate":"https:\/\/terjebjornstad.com\/no\/?s={search_term_string}"},"query-input":{"@type":"PropertyValueSpecification","valueRequired":true,"valueName":"search_term_string"}}],"inLanguage":"nb-NO"},{"@type":"Organization","@id":"https:\/\/terjebjornstad.com\/no\/#organization","name":"Terje Bj\u00f8rnstad ENK","url":"https:\/\/terjebjornstad.com\/no\/","logo":{"@type":"ImageObject","inLanguage":"nb-NO","@id":"https:\/\/terjebjornstad.com\/no\/#\/schema\/logo\/image\/","url":"https:\/\/i0.wp.com\/terjebjornstad.com\/no\/wp-content\/uploads\/2026\/02\/terjesbiler2024-960x354-1.png?fit=960%2C354&ssl=1","contentUrl":"https:\/\/i0.wp.com\/terjebjornstad.com\/no\/wp-content\/uploads\/2026\/02\/terjesbiler2024-960x354-1.png?fit=960%2C354&ssl=1","width":960,"height":354,"caption":"Terje Bj\u00f8rnstad ENK"},"image":{"@id":"https:\/\/terjebjornstad.com\/no\/#\/schema\/logo\/image\/"},"sameAs":["https:\/\/www.facebook.com\/terjesbiler\/","https:\/\/www.instagram.com\/terjesbiler\/","https:\/\/www.pinteres.com\/terjebjrnstad\/terjes-biler\/"]},{"@type":"Person","@id":"https:\/\/terjebjornstad.com\/no\/#\/schema\/person\/a281f6a6e0f3cc9fe468e7f0c655aa65","name":"Terje Bj\u00f8rnstad","image":{"@type":"ImageObject","inLanguage":"nb-NO","@id":"https:\/\/secure.gravatar.com\/avatar\/e8dff505b51cf6cb67ae06a06022d2049aac2da1e79dc146a36b58798c4b40ea?s=96&d=mm&r=g","url":"https:\/\/secure.gravatar.com\/avatar\/e8dff505b51cf6cb67ae06a06022d2049aac2da1e79dc146a36b58798c4b40ea?s=96&d=mm&r=g","contentUrl":"https:\/\/secure.gravatar.com\/avatar\/e8dff505b51cf6cb67ae06a06022d2049aac2da1e79dc146a36b58798c4b40ea?s=96&d=mm&r=g","caption":"Terje Bj\u00f8rnstad"},"description":"Terje Bj\u00f8rnstad. Bloggadministrator, hobbyfotograf og bilnerd.","sameAs":["https:\/\/www.facebook.com\/terjesbiler","https:\/\/www.instagram.com\/terjesbiler","https:\/\/no.pinterest.com\/terjebjrnstad","https:\/\/www.youtube.com\/channel\/UCzCKJJDybyIgKqatc_JQqIg"]}]}},"jetpack_publicize_connections":[],"jetpack_featured_media_url":"","jetpack_sharing_enabled":true,"jetpack_shortlink":"https:\/\/wp.me\/p48zYA-Jk","jetpack-related-posts":[{"id":46521,"url":"https:\/\/terjebjornstad.com\/no\/2022\/02\/05\/ny-aygo-x-citroen-c1-forsvinner\/","url_meta":{"origin":2810,"position":0},"title":"Ny Aygo X &#8211; Citroen C1 forsvinner","author":"Terje Bj\u00f8rnstad","date":"05\/02\/2022","format":false,"excerpt":"Citroen C1 og Peugeot 108 avsluttes, mens Toyota Aygo X kommer i en helt ny, trendy, h\u00f8ybygd crossover-utgave. Vi ser n\u00e6rmere p\u00e5 de utg\u00e5tte modellene som blir \u00e5 finne i bruktbil-markedet fremover. \u00a0 Rydder i modellprogrammet Beslutningen om \u00e5 ofre de to PSA-modellene er en konsekvens av sammensl\u00e5ingen mellom PSA\u2026","rel":"","context":"i &quot;107&quot;","block_context":{"text":"107","link":"https:\/\/terjebjornstad.com\/no\/category\/peugeot\/107\/"},"img":{"alt_text":"","src":"https:\/\/i0.wp.com\/terjebjornstad.com\/no\/wp-content\/uploads\/2022\/02\/c1-aygo-1080c381.jpg?fit=1080%2C381&ssl=1&resize=350%2C200","width":350,"height":200,"srcset":"https:\/\/i0.wp.com\/terjebjornstad.com\/no\/wp-content\/uploads\/2022\/02\/c1-aygo-1080c381.jpg?fit=1080%2C381&ssl=1&resize=350%2C200 1x, https:\/\/i0.wp.com\/terjebjornstad.com\/no\/wp-content\/uploads\/2022\/02\/c1-aygo-1080c381.jpg?fit=1080%2C381&ssl=1&resize=525%2C300 1.5x, https:\/\/i0.wp.com\/terjebjornstad.com\/no\/wp-content\/uploads\/2022\/02\/c1-aygo-1080c381.jpg?fit=1080%2C381&ssl=1&resize=700%2C400 2x, https:\/\/i0.wp.com\/terjebjornstad.com\/no\/wp-content\/uploads\/2022\/02\/c1-aygo-1080c381.jpg?fit=1080%2C381&ssl=1&resize=1050%2C600 3x"},"classes":[]},{"id":189,"url":"https:\/\/terjebjornstad.com\/no\/2013\/02\/11\/eurobiler-med-trynefaktor\/","url_meta":{"origin":2810,"position":1},"title":"2013 Citro\u00ebn C1 og eurobiler med trynefaktor","author":"Terje Bj\u00f8rnstad","date":"11\/02\/2013","format":false,"excerpt":"Amerikanerne kaller det \u00abbadging\u00bb. Man tar samme modell og klistrer p\u00e5 et nytt merke i fronten. Voila! S\u00e5 kan man lansere en helt ny modell. I 2005 startet PSA-konsernet og Toyota felles produksjon av en nyutviklet minibil i Kolin i Tsjekkia. Samme bil har siden v\u00e6rt i salg som Peugeot\u2026","rel":"","context":"i &quot;Citroen&quot;","block_context":{"text":"Citroen","link":"https:\/\/terjebjornstad.com\/no\/category\/citroen\/"},"img":{"alt_text":"","src":"https:\/\/i0.wp.com\/terjebjornstad.com\/no\/wp-content\/uploads\/2013\/02\/toyotaaygoplus.jpg?resize=350%2C200&ssl=1","width":350,"height":200},"classes":[]},{"id":40996,"url":"https:\/\/terjebjornstad.com\/no\/2021\/06\/14\/fotosondag-citroen-og-g-500\/","url_meta":{"origin":2810,"position":2},"title":"Fotos\u00f8ndag &#8211; Citroen og G 500","author":"Terje Bj\u00f8rnstad","date":"14\/06\/2021","format":false,"excerpt":"\u00a0 Nasjonal motordag I helgen var det Nasjonal motordag. Jeg vet verken hva som er opphavet til denne spesielle dagen eller hvilken eksakt dato markeringen faller p\u00e5. Det var i alle fall mange fine kj\u00f8ret\u00f8yer ute p\u00e5 veien denne helgen. S\u00f8ndag formiddag er en hyggelig dag \u00e5 kj\u00f8re tur uten\u2026","rel":"","context":"i &quot;11cv&quot;","block_context":{"text":"11cv","link":"https:\/\/terjebjornstad.com\/no\/category\/citroen\/11cv\/"},"img":{"alt_text":"g500 4x22","src":"https:\/\/i0.wp.com\/terjebjornstad.com\/no\/wp-content\/uploads\/2021\/06\/10-citroen-c6-1080x720-1.png?fit=1080%2C720&ssl=1&resize=350%2C200","width":350,"height":200,"srcset":"https:\/\/i0.wp.com\/terjebjornstad.com\/no\/wp-content\/uploads\/2021\/06\/10-citroen-c6-1080x720-1.png?fit=1080%2C720&ssl=1&resize=350%2C200 1x, https:\/\/i0.wp.com\/terjebjornstad.com\/no\/wp-content\/uploads\/2021\/06\/10-citroen-c6-1080x720-1.png?fit=1080%2C720&ssl=1&resize=525%2C300 1.5x, https:\/\/i0.wp.com\/terjebjornstad.com\/no\/wp-content\/uploads\/2021\/06\/10-citroen-c6-1080x720-1.png?fit=1080%2C720&ssl=1&resize=700%2C400 2x, https:\/\/i0.wp.com\/terjebjornstad.com\/no\/wp-content\/uploads\/2021\/06\/10-citroen-c6-1080x720-1.png?fit=1080%2C720&ssl=1&resize=1050%2C600 3x"},"classes":[]},{"id":6158,"url":"https:\/\/terjebjornstad.com\/no\/2016\/07\/10\/follow-that-cab\/","url_meta":{"origin":2810,"position":3},"title":"Follow that cab!","author":"Terje Bj\u00f8rnstad","date":"10\/07\/2016","format":false,"excerpt":"N\u00e5r s\u00e5 du sist en Citro\u00ebn C6 som taxi? Det er sjelden man kommer over en Citro\u00ebn C6 langs veien. Det gjelder ogs\u00e5 i Citro\u00ebns hjemland, Frankrike. Finner du noen som kj\u00f8rer C6, kan du regne med at det er en liebhaber, en viderkommende Citro\u00ebn-eier, som sikkert har eid et\u2026","rel":"","context":"i &quot;Artikkel&quot;","block_context":{"text":"Artikkel","link":"https:\/\/terjebjornstad.com\/no\/category\/artikkel\/"},"img":{"alt_text":"","src":"https:\/\/i0.wp.com\/terjebjornstad.com\/no\/wp-content\/uploads\/2016\/07\/citroen-c6-taxi-3.png?fit=686%2C420&ssl=1&resize=350%2C200","width":350,"height":200,"srcset":"https:\/\/i0.wp.com\/terjebjornstad.com\/no\/wp-content\/uploads\/2016\/07\/citroen-c6-taxi-3.png?fit=686%2C420&ssl=1&resize=350%2C200 1x, https:\/\/i0.wp.com\/terjebjornstad.com\/no\/wp-content\/uploads\/2016\/07\/citroen-c6-taxi-3.png?fit=686%2C420&ssl=1&resize=525%2C300 1.5x"},"classes":[]},{"id":359,"url":"https:\/\/terjebjornstad.com\/no\/2013\/08\/03\/bor-jeg-kjope-en-minibil\/","url_meta":{"origin":2810,"position":4},"title":"B\u00f8r jeg kj\u00f8pe en minibil?","author":"Terje Bj\u00f8rnstad","date":"03\/08\/2013","format":false,"excerpt":"Jeg lover at du vil bli positivt overrasket over hvor god plass det faktisk er mulig \u00e5 f\u00e5 ut av en bil p\u00e5 vel 3,5 meter! Du vil finne alt moderne sikkerhetsutstyr som ABS, ESP og kollisjonsputer der de skal v\u00e6re. Du f\u00e5r en splitter ny bil til samme pris\u2026","rel":"","context":"i &quot;Artikkel&quot;","block_context":{"text":"Artikkel","link":"https:\/\/terjebjornstad.com\/no\/category\/artikkel\/"},"img":{"alt_text":"whitemini","src":"https:\/\/i0.wp.com\/terjebjornstad.com\/no\/wp-content\/uploads\/2013\/01\/whitemini.png?resize=350%2C200&ssl=1","width":350,"height":200,"srcset":"https:\/\/i0.wp.com\/terjebjornstad.com\/no\/wp-content\/uploads\/2013\/01\/whitemini.png?resize=350%2C200&ssl=1 1x, https:\/\/i0.wp.com\/terjebjornstad.com\/no\/wp-content\/uploads\/2013\/01\/whitemini.png?resize=525%2C300&ssl=1 1.5x, https:\/\/i0.wp.com\/terjebjornstad.com\/no\/wp-content\/uploads\/2013\/01\/whitemini.png?resize=700%2C400&ssl=1 2x"},"classes":[]},{"id":59356,"url":"https:\/\/terjebjornstad.com\/no\/2023\/04\/25\/citroen-c4-pa-fransk\/","url_meta":{"origin":2810,"position":5},"title":"Citroen C4 p\u00e5 fransk","author":"Terje Bj\u00f8rnstad","date":"25\/04\/2023","format":false,"excerpt":"Vi har kj\u00f8rt en ny Citroen C4 med bensinmotor. En typisk Citroen - lettkj\u00f8rt, vakker og komfortabel. Crossover coup\u00e9 Nye C4 faller inn i kategorien \"crossover coup\u00e9\". Jeg kan ikke huske at Citroen tidligere har laget noe lignende. Vi m\u00e5 helt tilbake til modeller som GSA og BX for \u00e5\u2026","rel":"","context":"i &quot;Artikkel&quot;","block_context":{"text":"Artikkel","link":"https:\/\/terjebjornstad.com\/no\/category\/artikkel\/"},"img":{"alt_text":"","src":"https:\/\/i0.wp.com\/terjebjornstad.com\/no\/wp-content\/uploads\/2023\/04\/IMG_1429.jpg?fit=1200%2C800&ssl=1&resize=350%2C200","width":350,"height":200,"srcset":"https:\/\/i0.wp.com\/terjebjornstad.com\/no\/wp-content\/uploads\/2023\/04\/IMG_1429.jpg?fit=1200%2C800&ssl=1&resize=350%2C200 1x, https:\/\/i0.wp.com\/terjebjornstad.com\/no\/wp-content\/uploads\/2023\/04\/IMG_1429.jpg?fit=1200%2C800&ssl=1&resize=525%2C300 1.5x, https:\/\/i0.wp.com\/terjebjornstad.com\/no\/wp-content\/uploads\/2023\/04\/IMG_1429.jpg?fit=1200%2C800&ssl=1&resize=700%2C400 2x, https:\/\/i0.wp.com\/terjebjornstad.com\/no\/wp-content\/uploads\/2023\/04\/IMG_1429.jpg?fit=1200%2C800&ssl=1&resize=1050%2C600 3x"},"classes":[]}],"gt_translate_keys":[{"key":"link","format":"url"}],"_links":{"self":[{"href":"https:\/\/terjebjornstad.com\/no\/wp-json\/wp\/v2\/posts\/2810","targetHints":{"allow":["GET"]}}],"collection":[{"href":"https:\/\/terjebjornstad.com\/no\/wp-json\/wp\/v2\/posts"}],"about":[{"href":"https:\/\/terjebjornstad.com\/no\/wp-json\/wp\/v2\/types\/post"}],"author":[{"embeddable":true,"href":"https:\/\/terjebjornstad.com\/no\/wp-json\/wp\/v2\/users\/1"}],"replies":[{"embeddable":true,"href":"https:\/\/terjebjornstad.com\/no\/wp-json\/wp\/v2\/comments?post=2810"}],"version-history":[{"count":6,"href":"https:\/\/terjebjornstad.com\/no\/wp-json\/wp\/v2\/posts\/2810\/revisions"}],"predecessor-version":[{"id":74154,"href":"https:\/\/terjebjornstad.com\/no\/wp-json\/wp\/v2\/posts\/2810\/revisions\/74154"}],"wp:attachment":[{"href":"https:\/\/terjebjornstad.com\/no\/wp-json\/wp\/v2\/media?parent=2810"}],"wp:term":[{"taxonomy":"category","embeddable":true,"href":"https:\/\/terjebjornstad.com\/no\/wp-json\/wp\/v2\/categories?post=2810"},{"taxonomy":"post_tag","embeddable":true,"href":"https:\/\/terjebjornstad.com\/no\/wp-json\/wp\/v2\/tags?post=2810"}],"curies":[{"name":"wp","href":"https:\/\/api.w.org\/{rel}","templated":true}]}}