{"id":26436,"date":"2019-09-28T22:05:03","date_gmt":"2019-09-28T22:05:03","guid":{"rendered":"https:\/\/terjebjornstad.com\/no\/?p=26436"},"modified":"2026-03-15T11:45:32","modified_gmt":"2026-03-15T10:45:32","slug":"audi-a3-30-tfsi","status":"publish","type":"post","link":"https:\/\/terjebjornstad.com\/no\/2019\/09\/28\/audi-a3-30-tfsi\/","title":{"rendered":"Audi A3 30 TFSI","gt_translate_keys":[{"key":"rendered","format":"text"}]},"content":{"rendered":"<div class=\"copy_teb\"><figure id=\"attachment_26358\" aria-describedby=\"caption-attachment-26358\" style=\"width: 1080px\" class=\"wp-caption aligncenter\"><img data-recalc-dims=\"1\" loading=\"lazy\" decoding=\"async\" data-attachment-id=\"26358\" data-permalink=\"https:\/\/terjebjornstad.com\/no\/2019\/09\/28\/audi-a3-30-tfsi\/audi-a3-30-tfsi-3-1080x720\/\" data-orig-file=\"https:\/\/i0.wp.com\/terjebjornstad.com\/no\/wp-content\/uploads\/2019\/09\/audi-a3-30-tfsi-3-1080x720.png?fit=1080%2C720&amp;ssl=1\" data-orig-size=\"1080,720\" data-comments-opened=\"1\" data-image-meta=\"{&quot;aperture&quot;:&quot;0&quot;,&quot;credit&quot;:&quot;&quot;,&quot;camera&quot;:&quot;&quot;,&quot;caption&quot;:&quot;&quot;,&quot;created_timestamp&quot;:&quot;0&quot;,&quot;copyright&quot;:&quot;&quot;,&quot;focal_length&quot;:&quot;0&quot;,&quot;iso&quot;:&quot;0&quot;,&quot;shutter_speed&quot;:&quot;0&quot;,&quot;title&quot;:&quot;&quot;,&quot;orientation&quot;:&quot;0&quot;}\" data-image-title=\"audi-a3-30-tfsi-3-1080&amp;#215;720\" data-image-description=\"\" data-image-caption=\"&lt;p&gt;Audi A3 30 TFSI&lt;\/p&gt;\n\" data-large-file=\"https:\/\/i0.wp.com\/terjebjornstad.com\/no\/wp-content\/uploads\/2019\/09\/audi-a3-30-tfsi-3-1080x720.png?fit=980%2C653&amp;ssl=1\" src=\"https:\/\/i0.wp.com\/terjebjornstad.com\/no\/wp-content\/uploads\/2019\/09\/audi-a3-30-tfsi-3-1080x720.png?resize=980%2C653&#038;ssl=1\" alt=\"a3 30\" width=\"980\" height=\"653\" class=\"size-full wp-image-26358\" srcset=\"https:\/\/i0.wp.com\/terjebjornstad.com\/no\/wp-content\/uploads\/2019\/09\/audi-a3-30-tfsi-3-1080x720.png?resize=1080%2C720&amp;ssl=1 1080w, https:\/\/i0.wp.com\/terjebjornstad.com\/no\/wp-content\/uploads\/2019\/09\/audi-a3-30-tfsi-3-1080x720.png?resize=300%2C200&amp;ssl=1 300w, https:\/\/i0.wp.com\/terjebjornstad.com\/no\/wp-content\/uploads\/2019\/09\/audi-a3-30-tfsi-3-1080x720.png?resize=768%2C512&amp;ssl=1 768w, https:\/\/i0.wp.com\/terjebjornstad.com\/no\/wp-content\/uploads\/2019\/09\/audi-a3-30-tfsi-3-1080x720.png?resize=690%2C460&amp;ssl=1 690w, https:\/\/i0.wp.com\/terjebjornstad.com\/no\/wp-content\/uploads\/2019\/09\/audi-a3-30-tfsi-3-1080x720.png?resize=980%2C653&amp;ssl=1 980w\" sizes=\"auto, (max-width: 980px) 100vw, 980px\" \/><figcaption id=\"caption-attachment-26358\" class=\"wp-caption-text\">Audi A3 med S-Line dekor.<\/figcaption><\/figure><\/p>\n<blockquote><p>Etter \u00e5 ha v\u00e6rt i produksjon i over 7 \u00e5r, tilbys den med konsernets nye 1-liter motor. Henger A3 fremdeles med i svingene?<\/p><\/blockquote>\n\n<p>Nanogr\u00e5 metallic, 18-tommers felger, sorte takrails, S line takkantspoiler og markante S line st\u00f8tfangere gir et veldig godt f\u00f8rsteinntrykk. Faktisk ser den s\u00e5 bra ut, at man forventer \u00e5 finne <em>to<\/em> ender\u00f8r gjennom diffusoren bak. Men det er bare ett &#8211; og motoren er konsernets nye 1-litersmotor med 116 hester. P\u00e5 Audi-spr\u00e5ket handler det om 30 TFSI, &#8211; en motor som ogs\u00e5 leveres til <a href=\"https:\/\/terjebjornstad.com\/no\/wp-content\/uploads\/2019\/02\/audi-a1-2019-1080x1080.png\" target=\"_blank\" rel=\"noopener noreferrer\"><strong>nye A1<\/strong><\/a> og Q2.<br \/>\n&nbsp;<br \/>\n<figure id=\"attachment_26432\" aria-describedby=\"caption-attachment-26432\" style=\"width: 1080px\" class=\"wp-caption aligncenter\"><img data-recalc-dims=\"1\" loading=\"lazy\" decoding=\"async\" data-attachment-id=\"26432\" data-permalink=\"https:\/\/terjebjornstad.com\/no\/2019\/09\/28\/audi-a3-30-tfsi\/audi-a3-30-tfsi-7-1080x700\/\" data-orig-file=\"https:\/\/i0.wp.com\/terjebjornstad.com\/no\/wp-content\/uploads\/2019\/09\/audi-a3-30-tfsi-7-1080x700.png?fit=1080%2C700&amp;ssl=1\" data-orig-size=\"1080,700\" data-comments-opened=\"1\" data-image-meta=\"{&quot;aperture&quot;:&quot;0&quot;,&quot;credit&quot;:&quot;&quot;,&quot;camera&quot;:&quot;&quot;,&quot;caption&quot;:&quot;&quot;,&quot;created_timestamp&quot;:&quot;0&quot;,&quot;copyright&quot;:&quot;&quot;,&quot;focal_length&quot;:&quot;0&quot;,&quot;iso&quot;:&quot;0&quot;,&quot;shutter_speed&quot;:&quot;0&quot;,&quot;title&quot;:&quot;&quot;,&quot;orientation&quot;:&quot;0&quot;}\" data-image-title=\"audi-a3-30-tfsi-7-1080&amp;#215;700\" data-image-description=\"\" data-image-caption=\"&lt;p&gt;Pickup &amp;#8211; p\u00e5 flyplassen i Barcelona terminal 2.&lt;\/p&gt;\n\" data-large-file=\"https:\/\/i0.wp.com\/terjebjornstad.com\/no\/wp-content\/uploads\/2019\/09\/audi-a3-30-tfsi-7-1080x700.png?fit=980%2C635&amp;ssl=1\" src=\"https:\/\/i0.wp.com\/terjebjornstad.com\/no\/wp-content\/uploads\/2019\/09\/audi-a3-30-tfsi-7-1080x700.png?resize=980%2C635&#038;ssl=1\" alt=\"a3 30\" width=\"980\" height=\"635\" class=\"size-full wp-image-26432\" srcset=\"https:\/\/i0.wp.com\/terjebjornstad.com\/no\/wp-content\/uploads\/2019\/09\/audi-a3-30-tfsi-7-1080x700.png?resize=1080%2C700&amp;ssl=1 1080w, https:\/\/i0.wp.com\/terjebjornstad.com\/no\/wp-content\/uploads\/2019\/09\/audi-a3-30-tfsi-7-1080x700.png?resize=300%2C194&amp;ssl=1 300w, https:\/\/i0.wp.com\/terjebjornstad.com\/no\/wp-content\/uploads\/2019\/09\/audi-a3-30-tfsi-7-1080x700.png?resize=768%2C498&amp;ssl=1 768w, https:\/\/i0.wp.com\/terjebjornstad.com\/no\/wp-content\/uploads\/2019\/09\/audi-a3-30-tfsi-7-1080x700.png?resize=690%2C447&amp;ssl=1 690w, https:\/\/i0.wp.com\/terjebjornstad.com\/no\/wp-content\/uploads\/2019\/09\/audi-a3-30-tfsi-7-1080x700.png?resize=980%2C635&amp;ssl=1 980w\" sizes=\"auto, (max-width: 980px) 100vw, 980px\" \/><figcaption id=\"caption-attachment-26432\" class=\"wp-caption-text\">Pickup &#8211; p\u00e5 flyplassen i Barcelona terminal 2.<\/figcaption><\/figure><\/p>\n<h3 class=\"tebh2\">Kj\u00f8rer p\u00e5 dreiemomentet<\/h3>\n<p>Det nye drivverket erstatter 1,2-litersmotoren p\u00e5 110 HK. Den gir h\u00f8yere dreiemoment, flere hestekrefter, lavere forbruk, lavere CO2 og lavere avgifter enn forgjengeren. En win-win situasjon, hadde det ikke v\u00e6rt for at motorkarakteristikken er endret. Man kj\u00f8rer enda mer &laquo;p\u00e5 dreiemomentet&raquo; enn tidligere. Motoren gir godt bunndrag fra 1500 omdreininger helt opp til 4000. Under vanlig kj\u00f8ring kan du holde turtallet helt nede p\u00e5 1500-2000 omdreininger og spare st\u00f8y og bensin. Den manuelle seks-trinnskassa gj\u00f8r det mulig \u00e5 holde turtallet nede ogs\u00e5 p\u00e5 motorveien. Motorens st\u00f8rste ulempe er at den er tre-sylindret, at den vibrerer p\u00e5 tomgang, at lydbildet ved gassp\u00e5drag l\u00e5ter billig og motoren virker treg n\u00e5r man \u00f8nsker \u00e5 hente opp turtall raskt. <\/p>\n<h3 class=\"tebh2\">Audi-f\u00f8lelsen er til stede<\/h3>\n<p>Bekveme sportsseter, dreiemomentsterk motor, lavt st\u00f8yniv\u00e5, god radio og sort taktrekk gir f\u00f8lelsen av \u00e5 kj\u00f8re en premiumbil. Bak rattet er Audi-f\u00f8lelsen til stede. Det hjelper ogs\u00e5 at bilen ser bra ut fra utsiden. Men idyllen kan sl\u00e5 sprekker. Huset v\u00e5rt i S\u00f8r-Frankrike ligger i en ganske bratt bakke. Da vi ankom p\u00e5 l\u00f8rdagskvelden, m\u00e5tte vi stanse for noen coole ungdommer p\u00e5 vei til fest. Jeg f\u00f8lte meg faktisk ganske cool selv, der jeg satt i en cool Audi med cool musikk p\u00e5 radioen og \u00e5pent sidevindu. Men den bratte bakkestarten fikk den 3-sylindrede motoren til \u00e5 ruse oppover bakken som en Fiat 500. Da forsvant Audi-f\u00f8lelsen br\u00e5tt &#8211; i hvert fall for mitt vedkommende.<br \/>\n&nbsp;<br \/>\n<figure id=\"attachment_26431\" aria-describedby=\"caption-attachment-26431\" style=\"width: 1080px\" class=\"wp-caption aligncenter\"><a href=\"https:\/\/i0.wp.com\/terjebjornstad.com\/no\/wp-content\/uploads\/2019\/09\/audi-a3-30-tfsi-5-1080x720.png?ssl=1\"><img data-recalc-dims=\"1\" loading=\"lazy\" decoding=\"async\" data-attachment-id=\"26431\" data-permalink=\"https:\/\/terjebjornstad.com\/no\/2019\/09\/28\/audi-a3-30-tfsi\/audi-a3-30-tfsi-5-1080x720\/\" data-orig-file=\"https:\/\/i0.wp.com\/terjebjornstad.com\/no\/wp-content\/uploads\/2019\/09\/audi-a3-30-tfsi-5-1080x720.png?fit=1080%2C720&amp;ssl=1\" data-orig-size=\"1080,720\" data-comments-opened=\"1\" data-image-meta=\"{&quot;aperture&quot;:&quot;0&quot;,&quot;credit&quot;:&quot;&quot;,&quot;camera&quot;:&quot;&quot;,&quot;caption&quot;:&quot;&quot;,&quot;created_timestamp&quot;:&quot;0&quot;,&quot;copyright&quot;:&quot;&quot;,&quot;focal_length&quot;:&quot;0&quot;,&quot;iso&quot;:&quot;0&quot;,&quot;shutter_speed&quot;:&quot;0&quot;,&quot;title&quot;:&quot;&quot;,&quot;orientation&quot;:&quot;0&quot;}\" data-image-title=\"audi-a3-30-tfsi-5-1080&amp;#215;720\" data-image-description=\"\" data-image-caption=\"&lt;p&gt;Audi A3 (8V) Facelift. &lt;\/p&gt;\n\" data-large-file=\"https:\/\/i0.wp.com\/terjebjornstad.com\/no\/wp-content\/uploads\/2019\/09\/audi-a3-30-tfsi-5-1080x720.png?fit=980%2C653&amp;ssl=1\" src=\"https:\/\/i0.wp.com\/terjebjornstad.com\/no\/wp-content\/uploads\/2019\/09\/audi-a3-30-tfsi-5-1080x720.png?resize=980%2C653&#038;ssl=1\" alt=\"\" width=\"980\" height=\"653\" class=\"size-full wp-image-26431\" srcset=\"https:\/\/i0.wp.com\/terjebjornstad.com\/no\/wp-content\/uploads\/2019\/09\/audi-a3-30-tfsi-5-1080x720.png?resize=1080%2C720&amp;ssl=1 1080w, https:\/\/i0.wp.com\/terjebjornstad.com\/no\/wp-content\/uploads\/2019\/09\/audi-a3-30-tfsi-5-1080x720.png?resize=300%2C200&amp;ssl=1 300w, https:\/\/i0.wp.com\/terjebjornstad.com\/no\/wp-content\/uploads\/2019\/09\/audi-a3-30-tfsi-5-1080x720.png?resize=768%2C512&amp;ssl=1 768w, https:\/\/i0.wp.com\/terjebjornstad.com\/no\/wp-content\/uploads\/2019\/09\/audi-a3-30-tfsi-5-1080x720.png?resize=690%2C460&amp;ssl=1 690w, https:\/\/i0.wp.com\/terjebjornstad.com\/no\/wp-content\/uploads\/2019\/09\/audi-a3-30-tfsi-5-1080x720.png?resize=980%2C653&amp;ssl=1 980w\" sizes=\"auto, (max-width: 980px) 100vw, 980px\" \/><\/a><figcaption id=\"caption-attachment-26431\" class=\"wp-caption-text\">Audi A3 (8V) Facelift.<\/figcaption><\/figure><\/p>\n<h3 class=\"tebh2\">P\u00e5 veien<\/h3>\n<p>Dekkdimensjonen 225\/40R18 passer bilen sv\u00e6rt godt. Helt passe faste og st\u00f8dige p\u00e5 veien. Dessuten st\u00f8yet de lite og ga fin komfort. Dekkene f\u00f8ltes mer riktig for denne bilen enn 16- og 17-toms dekkene jeg tidligere har hatt p\u00e5 &laquo;mine&raquo; A3&#8217;er. Det er g\u00f8y \u00e5 ratte A3&#8217;en rundt p\u00e5 franske sm\u00e5veier som bukter seg i terrenget mellom vinmarkene. Veibanen er ru og minner om oljegrus. Da jeg kikket etter hvilke dekk som satt p\u00e5 bilen, s\u00e5 jeg at det var Pirelli P Zero foran (originale Audi-dekk) mens det var byttet til Hankook-dekk med tilsvarende m\u00f8nster bak. Det er det dekkmerket bilutleieselskapet mitt bruker ved ettermontering. Jeg har tidligere fastsl\u00e5tt at Hankook-dekk er ganske st\u00f8ysvake &#8211; sannsynligvis mer st\u00f8ysvake enn originaldekkene.<\/p>\n<h3 class=\"tebh2\">Priser og utstyr<\/h3>\n<p>\u00abV\u00e5r\u00bb A3 hadde S line eksteri\u00f8rpakke og 18-tommers felger. Det er dyrt, men f\u00e5r bilen til \u00e5 virke yngre og holde seg attraktiv ogs\u00e5 etter at nye A3 kommer til neste \u00e5r. Dessuten gir det deg den gode Audi-f\u00f8lelsen til tross for liten motor. Listeprisen p\u00e5 \u00abv\u00e5r\u00bb A3 havner da p\u00e5 dr\u00f8ye 398 130,-  kroner. <\/p>\n<p>Problemet med premiumbiler som Audi, er at alt som er premium, koster ekstra. Man kommer lett opp i et sekssifret bel\u00f8p p\u00e5 tilvalgslisten. Det gjelder \u00e5 prioritere. Hva du virkelig trenger, er 35 TFSI. Da f\u00e5r du konsernets 1,5 liter-motor med 150 hester og ACT (Active Cylinder Technology). Den gir betydelig mer krefter og kj\u00f8reglede, med det samme lave bensinforbruket som 30 TFSI. Prisforskjellen mellom de to motorvalgene er 52 000 kroner. Det tilsvarer tilvalgsutstyr som navigasjon og skinnseter &#8211; utstyr jeg gladelig hadde ofret for \u00f8kt kj\u00f8reglede.<br \/>\n&nbsp;<br \/>\n<figure id=\"attachment_26433\" aria-describedby=\"caption-attachment-26433\" style=\"width: 1080px\" class=\"wp-caption aligncenter\"><img data-recalc-dims=\"1\" loading=\"lazy\" decoding=\"async\" data-attachment-id=\"26433\" data-permalink=\"https:\/\/terjebjornstad.com\/no\/2019\/09\/28\/audi-a3-30-tfsi\/audi-a3-30-tfsi-9-1080x720\/\" data-orig-file=\"https:\/\/i0.wp.com\/terjebjornstad.com\/no\/wp-content\/uploads\/2019\/09\/audi-a3-30-tfsi-9-1080x720.png?fit=1080%2C720&amp;ssl=1\" data-orig-size=\"1080,720\" data-comments-opened=\"1\" data-image-meta=\"{&quot;aperture&quot;:&quot;0&quot;,&quot;credit&quot;:&quot;&quot;,&quot;camera&quot;:&quot;&quot;,&quot;caption&quot;:&quot;&quot;,&quot;created_timestamp&quot;:&quot;0&quot;,&quot;copyright&quot;:&quot;&quot;,&quot;focal_length&quot;:&quot;0&quot;,&quot;iso&quot;:&quot;0&quot;,&quot;shutter_speed&quot;:&quot;0&quot;,&quot;title&quot;:&quot;&quot;,&quot;orientation&quot;:&quot;0&quot;}\" data-image-title=\"audi-a3-30-tfsi-9-1080&amp;#215;720\" data-image-description=\"\" data-image-caption=\"&lt;p&gt;Standard interi\u00f8r med sportstoler i stoff.&lt;\/p&gt;\n\" data-large-file=\"https:\/\/i0.wp.com\/terjebjornstad.com\/no\/wp-content\/uploads\/2019\/09\/audi-a3-30-tfsi-9-1080x720.png?fit=980%2C653&amp;ssl=1\" src=\"https:\/\/i0.wp.com\/terjebjornstad.com\/no\/wp-content\/uploads\/2019\/09\/audi-a3-30-tfsi-9-1080x720.png?resize=980%2C653&#038;ssl=1\" alt=\"a3 30\" width=\"980\" height=\"653\" class=\"size-full wp-image-26433\" srcset=\"https:\/\/i0.wp.com\/terjebjornstad.com\/no\/wp-content\/uploads\/2019\/09\/audi-a3-30-tfsi-9-1080x720.png?resize=1080%2C720&amp;ssl=1 1080w, https:\/\/i0.wp.com\/terjebjornstad.com\/no\/wp-content\/uploads\/2019\/09\/audi-a3-30-tfsi-9-1080x720.png?resize=300%2C200&amp;ssl=1 300w, https:\/\/i0.wp.com\/terjebjornstad.com\/no\/wp-content\/uploads\/2019\/09\/audi-a3-30-tfsi-9-1080x720.png?resize=768%2C512&amp;ssl=1 768w, https:\/\/i0.wp.com\/terjebjornstad.com\/no\/wp-content\/uploads\/2019\/09\/audi-a3-30-tfsi-9-1080x720.png?resize=690%2C460&amp;ssl=1 690w, https:\/\/i0.wp.com\/terjebjornstad.com\/no\/wp-content\/uploads\/2019\/09\/audi-a3-30-tfsi-9-1080x720.png?resize=980%2C653&amp;ssl=1 980w\" sizes=\"auto, (max-width: 980px) 100vw, 980px\" \/><figcaption id=\"caption-attachment-26433\" class=\"wp-caption-text\">Standard interi\u00f8r med sportstoler i stoff.<\/figcaption><\/figure><\/p>\n<h3 class=\"tebh2\">Forbruk<\/h3>\n<p>Under de 808 kilometrene vi kj\u00f8rte bilen, l\u00e5 gjennomsnittsforbruket mellom 0,55 og 0,60 p\u00e5 landeveier og motorvei i Spania og Frankrike. Landeveiene er pepret med sm\u00e5 rundkj\u00f8ringer som gj\u00f8r det umulig \u00e5 holde jevn fart og kj\u00f8re \u00f8konomisk. Ved en anledning hadde vi 4 voksne i bilen og da l\u00e5 forbruket rundt 0,60. Med to mennesker i bilen m\u00e5lte vi 0,56 p\u00e5 bilens instrumentpanel over en strekning p\u00e5 200 km p\u00e5 spanske motorveier i st\u00f8dige 120 km\/t.<\/p>\n<h3 class=\"tebh2\">Konklusjon<\/h3>\n<p>Audi&#8217;s motorserie 30 TFSI leverer bra dreiemoment i det turtallsomr\u00e5det man benytter i daglig trafikk, men er ikke ideelt for \u00abkeen drivers\u00bb. Fordelen med det minste motorvalget er prisen, &#8211; n\u00e6rmere bestemt 52 000 kroner. Spanderer du p\u00e5 deg S line eksteri\u00f8rpakke med 18 tommers felger, sportsseter i stoff, sportsratt og sort taktrekk, f\u00e5r du likevel plenty av godf\u00f8lelse &#8211; ekte Audi-f\u00f8lelse &#8211; men det koster.<\/p>\n<hr \/>\n<h3 class=\"tebh2\">Fakta<\/h3>\n<p><strong>M\u00e5l og vekt<\/strong><br \/>\nLengde, bredde, h\u00f8yde: 431 \/ 179 \/ 143 cm<br \/>\nAkselavstand: 264 cm<br \/>\nEgenvekt: 1265 kg<br \/>\nMaks hengervekt med bremser: 1500 kg<br \/>\n&#8211; uten bremser: 750 kg<br \/>\nBagasjerom: 380 liter<br \/>\nBensintank: 50 liter<\/p>\n<p><strong>Drivverk<\/strong><br \/>\nSlagvolum: 999 ccm<br \/>\nEffekt: 116 ved 5000-5500 omdreininger<br \/>\nDreiemoment: Maks 200 Nm mellom 2000-3500 omdreininger (175 Nm fra 1500 omdreininger).<br \/>\nGirkasse: 6-trinns manuell<\/p>\n<p><strong>Ytelser<\/strong><br \/>\nToppfart: 206 km\/t<br \/>\n0-100: 9,9 sekunder<\/p>\n<p><strong>Dekk<\/strong><br \/>\nDimensjon: 225\/40R18 Y92<br \/>\nType: Pirelli P Zero Nero GT (foran &#8211; standard)<br \/>\nHankook Ventus S1 Evo 2 (bak &#8211; ettermontert)<\/p>\n<p><strong>Pris og utstyr<\/strong><br \/>\nBasispris A3 Sport 30 TFSI: 330 400,-<br \/>\nLakktillegg Nanogr\u00e5 metallic: 9 340,-<br \/>\nS line eksteri\u00f8rpakke: 19 380,-<br \/>\nBusiness pakke: 13 100,-<br \/>\n18-toms alufelger: 19 520,-<br \/>\nTakrails (sorte): 3 520,-<br \/>\nSort innvendig taktrekk: 3 120,- <\/p>\n<p><strong>Om bilen<\/strong><br \/>\nEier: <a href=\"https:\/\/www.europcar.es\/\" target=\"_blank\" rel=\"noopener noreferrer\"><strong>Europcar.es<\/strong><\/a><br \/>\nModell: 2019<br \/>\nKm-stand: 23 727<br \/>\nKm kj\u00f8rt: 808<br \/>\nKilde: <a href=\"https:\/\/www.audi.no\/\" target=\"_blank\" rel=\"noopener noreferrer\"><strong>Audi.no<\/strong><\/a><\/p>\n<p>&nbsp;<\/p>\n<figure id=\"attachment_26357\" aria-describedby=\"caption-attachment-26357\" style=\"width: 1080px\" class=\"wp-caption aligncenter\"><img data-recalc-dims=\"1\" loading=\"lazy\" decoding=\"async\" data-attachment-id=\"26357\" data-permalink=\"https:\/\/terjebjornstad.com\/no\/2019\/09\/28\/audi-a3-30-tfsi\/audi-a3-30-tfsi-1-1080x720\/\" data-orig-file=\"https:\/\/i0.wp.com\/terjebjornstad.com\/no\/wp-content\/uploads\/2019\/09\/audi-a3-30-tfsi-1-1080x720.png?fit=1080%2C720&amp;ssl=1\" data-orig-size=\"1080,720\" data-comments-opened=\"1\" data-image-meta=\"{&quot;aperture&quot;:&quot;0&quot;,&quot;credit&quot;:&quot;&quot;,&quot;camera&quot;:&quot;&quot;,&quot;caption&quot;:&quot;&quot;,&quot;created_timestamp&quot;:&quot;0&quot;,&quot;copyright&quot;:&quot;&quot;,&quot;focal_length&quot;:&quot;0&quot;,&quot;iso&quot;:&quot;0&quot;,&quot;shutter_speed&quot;:&quot;0&quot;,&quot;title&quot;:&quot;&quot;,&quot;orientation&quot;:&quot;0&quot;}\" data-image-title=\"audi-a3-30-tfsi-1-1080&amp;#215;720\" data-image-description=\"\" data-image-caption=\"&lt;p&gt;18-tommers hjul kler A3 veldig godt.&lt;\/p&gt;\n\" data-large-file=\"https:\/\/i0.wp.com\/terjebjornstad.com\/no\/wp-content\/uploads\/2019\/09\/audi-a3-30-tfsi-1-1080x720.png?fit=980%2C653&amp;ssl=1\" src=\"https:\/\/i0.wp.com\/terjebjornstad.com\/no\/wp-content\/uploads\/2019\/09\/audi-a3-30-tfsi-1-1080x720.png?resize=980%2C653&#038;ssl=1\" alt=\"a3 30\" width=\"980\" height=\"653\" class=\"size-full wp-image-26357\" srcset=\"https:\/\/i0.wp.com\/terjebjornstad.com\/no\/wp-content\/uploads\/2019\/09\/audi-a3-30-tfsi-1-1080x720.png?resize=1080%2C720&amp;ssl=1 1080w, https:\/\/i0.wp.com\/terjebjornstad.com\/no\/wp-content\/uploads\/2019\/09\/audi-a3-30-tfsi-1-1080x720.png?resize=300%2C200&amp;ssl=1 300w, https:\/\/i0.wp.com\/terjebjornstad.com\/no\/wp-content\/uploads\/2019\/09\/audi-a3-30-tfsi-1-1080x720.png?resize=768%2C512&amp;ssl=1 768w, https:\/\/i0.wp.com\/terjebjornstad.com\/no\/wp-content\/uploads\/2019\/09\/audi-a3-30-tfsi-1-1080x720.png?resize=690%2C460&amp;ssl=1 690w, https:\/\/i0.wp.com\/terjebjornstad.com\/no\/wp-content\/uploads\/2019\/09\/audi-a3-30-tfsi-1-1080x720.png?resize=980%2C653&amp;ssl=1 980w\" sizes=\"auto, (max-width: 980px) 100vw, 980px\" \/><figcaption id=\"caption-attachment-26357\" class=\"wp-caption-text\">18-tommers hjul kler A3 veldig godt.<\/figcaption><\/figure>\n<h3 class=\"tebh2\">Se ogs\u00e5<\/h3>\n<p><figure id=\"attachment_7556\" aria-describedby=\"caption-attachment-7556\" style=\"width: 150px\" class=\"wp-caption alignleft\"><a href=\"https:\/\/terjebjornstad.com\/no\/2016\/09\/26\/audi-a3-e-tron-facelift\/\"><img data-recalc-dims=\"1\" loading=\"lazy\" decoding=\"async\" data-attachment-id=\"7556\" data-permalink=\"https:\/\/terjebjornstad.com\/no\/2016\/09\/26\/audi-a3-e-tron-facelift\/2017-audi-a3-etron-101\/\" data-orig-file=\"https:\/\/i0.wp.com\/terjebjornstad.com\/no\/wp-content\/uploads\/2016\/09\/2017-audi-a3-etron-101.png?fit=686%2C457&amp;ssl=1\" data-orig-size=\"686,457\" data-comments-opened=\"1\" data-image-meta=\"{&quot;aperture&quot;:&quot;0&quot;,&quot;credit&quot;:&quot;&quot;,&quot;camera&quot;:&quot;&quot;,&quot;caption&quot;:&quot;&quot;,&quot;created_timestamp&quot;:&quot;0&quot;,&quot;copyright&quot;:&quot;&quot;,&quot;focal_length&quot;:&quot;0&quot;,&quot;iso&quot;:&quot;0&quot;,&quot;shutter_speed&quot;:&quot;0&quot;,&quot;title&quot;:&quot;&quot;,&quot;orientation&quot;:&quot;0&quot;}\" data-image-title=\"Ved Ingaerstrand. 2017 Audi A3 e-tron\" data-image-description=\"\" data-image-caption=\"&lt;p&gt;Audi A3 e-tron&lt;\/p&gt;\n\" data-large-file=\"https:\/\/i0.wp.com\/terjebjornstad.com\/no\/wp-content\/uploads\/2016\/09\/2017-audi-a3-etron-101.png?fit=686%2C457&amp;ssl=1\" src=\"https:\/\/i0.wp.com\/terjebjornstad.com\/no\/wp-content\/uploads\/2016\/09\/2017-audi-a3-etron-101.png?resize=150%2C150&#038;ssl=1\" alt=\"\" width=\"150\" height=\"150\" class=\"size-thumbnail wp-image-7556\" srcset=\"https:\/\/i0.wp.com\/terjebjornstad.com\/no\/wp-content\/uploads\/2016\/09\/2017-audi-a3-etron-101.png?resize=150%2C150&amp;ssl=1 150w, https:\/\/i0.wp.com\/terjebjornstad.com\/no\/wp-content\/uploads\/2016\/09\/2017-audi-a3-etron-101.png?resize=50%2C50&amp;ssl=1 50w, https:\/\/i0.wp.com\/terjebjornstad.com\/no\/wp-content\/uploads\/2016\/09\/2017-audi-a3-etron-101.png?zoom=2&amp;resize=150%2C150&amp;ssl=1 300w, https:\/\/i0.wp.com\/terjebjornstad.com\/no\/wp-content\/uploads\/2016\/09\/2017-audi-a3-etron-101.png?zoom=3&amp;resize=150%2C150&amp;ssl=1 450w\" sizes=\"auto, (max-width: 150px) 100vw, 150px\" \/><\/a><figcaption id=\"caption-attachment-7556\" class=\"wp-caption-text\">Audi A3 e-tron facelift<\/figcaption><\/figure><figure id=\"attachment_3840\" aria-describedby=\"caption-attachment-3840\" style=\"width: 150px\" class=\"wp-caption alignleft\"><a href=\"https:\/\/terjebjornstad.com\/no\/2016\/04\/03\/audi-a3-tdi-pa-sparebluss\/\"><img data-recalc-dims=\"1\" loading=\"lazy\" decoding=\"async\" data-attachment-id=\"3840\" data-permalink=\"https:\/\/terjebjornstad.com\/no\/2016\/04\/03\/audi-a3-tdi-pa-sparebluss\/audi-a3-tdi-110-sensotronic-9\/\" data-orig-file=\"https:\/\/i0.wp.com\/terjebjornstad.com\/no\/wp-content\/uploads\/2016\/03\/audi-a3-tdi-110-sensotronic-9.png?fit=686%2C457&amp;ssl=1\" data-orig-size=\"686,457\" data-comments-opened=\"1\" data-image-meta=\"{&quot;aperture&quot;:&quot;0&quot;,&quot;credit&quot;:&quot;&quot;,&quot;camera&quot;:&quot;&quot;,&quot;caption&quot;:&quot;&quot;,&quot;created_timestamp&quot;:&quot;0&quot;,&quot;copyright&quot;:&quot;&quot;,&quot;focal_length&quot;:&quot;0&quot;,&quot;iso&quot;:&quot;0&quot;,&quot;shutter_speed&quot;:&quot;0&quot;,&quot;title&quot;:&quot;&quot;,&quot;orientation&quot;:&quot;0&quot;}\" data-image-title=\"audi-a3-tdi-110-sensotronic-9\" data-image-description=\"\" data-image-caption=\"&lt;p&gt;Audi A3 TDI 110&lt;\/p&gt;\n\" data-large-file=\"https:\/\/i0.wp.com\/terjebjornstad.com\/no\/wp-content\/uploads\/2016\/03\/audi-a3-tdi-110-sensotronic-9.png?fit=686%2C457&amp;ssl=1\" src=\"https:\/\/i0.wp.com\/terjebjornstad.com\/no\/wp-content\/uploads\/2016\/03\/audi-a3-tdi-110-sensotronic-9.png?resize=150%2C150&#038;ssl=1\" alt=\"\" width=\"150\" height=\"150\" class=\"size-thumbnail wp-image-3840\" srcset=\"https:\/\/i0.wp.com\/terjebjornstad.com\/no\/wp-content\/uploads\/2016\/03\/audi-a3-tdi-110-sensotronic-9.png?resize=150%2C150&amp;ssl=1 150w, https:\/\/i0.wp.com\/terjebjornstad.com\/no\/wp-content\/uploads\/2016\/03\/audi-a3-tdi-110-sensotronic-9.png?resize=50%2C50&amp;ssl=1 50w, https:\/\/i0.wp.com\/terjebjornstad.com\/no\/wp-content\/uploads\/2016\/03\/audi-a3-tdi-110-sensotronic-9.png?zoom=2&amp;resize=150%2C150&amp;ssl=1 300w, https:\/\/i0.wp.com\/terjebjornstad.com\/no\/wp-content\/uploads\/2016\/03\/audi-a3-tdi-110-sensotronic-9.png?zoom=3&amp;resize=150%2C150&amp;ssl=1 450w\" sizes=\"auto, (max-width: 150px) 100vw, 150px\" \/><\/a><figcaption id=\"caption-attachment-3840\" class=\"wp-caption-text\">Audi A3 TDI 110<\/figcaption><\/figure><figure id=\"attachment_23189\" aria-describedby=\"caption-attachment-23189\" style=\"width: 150px\" class=\"wp-caption alignleft\"><a href=\"https:\/\/terjebjornstad.com\/no\/2019\/05\/13\/kjoreglede-pa-downsizingens-alter\/\"><img data-recalc-dims=\"1\" loading=\"lazy\" decoding=\"async\" data-attachment-id=\"23189\" data-permalink=\"https:\/\/terjebjornstad.com\/no\/2019\/05\/13\/kjoreglede-pa-downsizingens-alter\/seat-leon-tsi-7-1080x720\/\" data-orig-file=\"https:\/\/i0.wp.com\/terjebjornstad.com\/no\/wp-content\/uploads\/2019\/05\/seat-leon-tsi-7-1080x720.png?fit=1080%2C720&amp;ssl=1\" data-orig-size=\"1080,720\" data-comments-opened=\"1\" data-image-meta=\"{&quot;aperture&quot;:&quot;0&quot;,&quot;credit&quot;:&quot;&quot;,&quot;camera&quot;:&quot;&quot;,&quot;caption&quot;:&quot;&quot;,&quot;created_timestamp&quot;:&quot;0&quot;,&quot;copyright&quot;:&quot;&quot;,&quot;focal_length&quot;:&quot;0&quot;,&quot;iso&quot;:&quot;0&quot;,&quot;shutter_speed&quot;:&quot;0&quot;,&quot;title&quot;:&quot;&quot;,&quot;orientation&quot;:&quot;0&quot;}\" data-image-title=\"seat-leon-tsi-7-1080&amp;#215;720\" data-image-description=\"\" data-image-caption=\"&lt;p&gt;Kj\u00f8reglede ofret p\u00e5 downsizingens alter?&lt;\/p&gt;\n\" data-large-file=\"https:\/\/i0.wp.com\/terjebjornstad.com\/no\/wp-content\/uploads\/2019\/05\/seat-leon-tsi-7-1080x720.png?fit=980%2C653&amp;ssl=1\" src=\"https:\/\/i0.wp.com\/terjebjornstad.com\/no\/wp-content\/uploads\/2019\/05\/seat-leon-tsi-7-1080x720.png?resize=150%2C150&#038;ssl=1\" alt=\"\" width=\"150\" height=\"150\" class=\"size-thumbnail wp-image-23189\" srcset=\"https:\/\/i0.wp.com\/terjebjornstad.com\/no\/wp-content\/uploads\/2019\/05\/seat-leon-tsi-7-1080x720.png?resize=150%2C150&amp;ssl=1 150w, https:\/\/i0.wp.com\/terjebjornstad.com\/no\/wp-content\/uploads\/2019\/05\/seat-leon-tsi-7-1080x720.png?resize=50%2C50&amp;ssl=1 50w, https:\/\/i0.wp.com\/terjebjornstad.com\/no\/wp-content\/uploads\/2019\/05\/seat-leon-tsi-7-1080x720.png?zoom=2&amp;resize=150%2C150&amp;ssl=1 300w, https:\/\/i0.wp.com\/terjebjornstad.com\/no\/wp-content\/uploads\/2019\/05\/seat-leon-tsi-7-1080x720.png?zoom=3&amp;resize=150%2C150&amp;ssl=1 450w\" sizes=\"auto, (max-width: 150px) 100vw, 150px\" \/><\/a><figcaption id=\"caption-attachment-23189\" class=\"wp-caption-text\">Kj\u00f8reglede ofret p\u00e5 downsizingens alter?<\/figcaption><\/figure><figure id=\"attachment_24776\" aria-describedby=\"caption-attachment-24776\" style=\"width: 150px\" class=\"wp-caption alignleft\"><a href=\"https:\/\/terjebjornstad.com\/no\/2019\/07\/09\/seat-leon-st-15-tsi-act\/\"><img data-recalc-dims=\"1\" loading=\"lazy\" decoding=\"async\" data-attachment-id=\"24776\" data-permalink=\"https:\/\/terjebjornstad.com\/no\/2019\/07\/09\/seat-leon-st-15-tsi-act\/2019-seat-leon-1-4-st-profil-1080x720\/\" data-orig-file=\"https:\/\/i0.wp.com\/terjebjornstad.com\/no\/wp-content\/uploads\/2019\/07\/2019-seat-leon-1-4-ST-profil-1080x720.png?fit=1080%2C720&amp;ssl=1\" data-orig-size=\"1080,720\" data-comments-opened=\"1\" data-image-meta=\"{&quot;aperture&quot;:&quot;0&quot;,&quot;credit&quot;:&quot;&quot;,&quot;camera&quot;:&quot;&quot;,&quot;caption&quot;:&quot;&quot;,&quot;created_timestamp&quot;:&quot;0&quot;,&quot;copyright&quot;:&quot;&quot;,&quot;focal_length&quot;:&quot;0&quot;,&quot;iso&quot;:&quot;0&quot;,&quot;shutter_speed&quot;:&quot;0&quot;,&quot;title&quot;:&quot;&quot;,&quot;orientation&quot;:&quot;0&quot;}\" data-image-title=\"2019-seat-leon-1-4-ST-profil-1080&amp;#215;720\" data-image-description=\"\" data-image-caption=\"&lt;p&gt;Seat Leon ST 1,5 TSI EVO&lt;\/p&gt;\n\" data-large-file=\"https:\/\/i0.wp.com\/terjebjornstad.com\/no\/wp-content\/uploads\/2019\/07\/2019-seat-leon-1-4-ST-profil-1080x720.png?fit=980%2C653&amp;ssl=1\" src=\"https:\/\/i0.wp.com\/terjebjornstad.com\/no\/wp-content\/uploads\/2019\/07\/2019-seat-leon-1-4-ST-profil-1080x720.png?resize=150%2C150&#038;ssl=1\" alt=\"seat-leon-st\" width=\"150\" height=\"150\" class=\"size-thumbnail wp-image-24776\" srcset=\"https:\/\/i0.wp.com\/terjebjornstad.com\/no\/wp-content\/uploads\/2019\/07\/2019-seat-leon-1-4-ST-profil-1080x720.png?resize=150%2C150&amp;ssl=1 150w, https:\/\/i0.wp.com\/terjebjornstad.com\/no\/wp-content\/uploads\/2019\/07\/2019-seat-leon-1-4-ST-profil-1080x720.png?resize=50%2C50&amp;ssl=1 50w, https:\/\/i0.wp.com\/terjebjornstad.com\/no\/wp-content\/uploads\/2019\/07\/2019-seat-leon-1-4-ST-profil-1080x720.png?zoom=2&amp;resize=150%2C150&amp;ssl=1 300w, https:\/\/i0.wp.com\/terjebjornstad.com\/no\/wp-content\/uploads\/2019\/07\/2019-seat-leon-1-4-ST-profil-1080x720.png?zoom=3&amp;resize=150%2C150&amp;ssl=1 450w\" sizes=\"auto, (max-width: 150px) 100vw, 150px\" \/><\/a><figcaption id=\"caption-attachment-24776\" class=\"wp-caption-text\">Seat Leon ST 1,5 TSI EVO<\/figcaption><\/figure><\/p>\n","protected":false,"gt_translate_keys":[{"key":"rendered","format":"html"}]},"excerpt":{"rendered":"<p>Etter \u00e5 ha v\u00e6rt i produksjon i over 7 \u00e5r, tilbys den med konsernets nye 1-liter motor. Henger A3 fremdeles med i svingene? Nanogr\u00e5 metallic, 18-tommers felger, sorte takrails, S line takkantspoiler og markante S line st\u00f8tfangere gir et veldig godt f\u00f8rsteinntrykk. Faktisk ser den s\u00e5 bra ut, at man forventer \u00e5 finne to ender\u00f8r [&hellip;]<\/p>\n","protected":false,"gt_translate_keys":[{"key":"rendered","format":"html"}]},"author":1,"featured_media":26358,"comment_status":"open","ping_status":"open","sticky":false,"template":"","format":"standard","meta":{"_monsterinsights_skip_tracking":false,"_monsterinsights_sitenote_active":false,"_monsterinsights_sitenote_note":"","_monsterinsights_sitenote_category":0,"jetpack_post_was_ever_published":false,"_jetpack_newsletter_access":"","_jetpack_dont_email_post_to_subs":false,"_jetpack_newsletter_tier_id":0,"_jetpack_memberships_contains_paywalled_content":false,"_jetpack_memberships_contains_paid_content":false,"footnotes":"","jetpack_publicize_message":"","jetpack_publicize_feature_enabled":true,"jetpack_social_post_already_shared":true,"jetpack_social_options":{"image_generator_settings":{"template":"highway","default_image_id":0,"font":"","enabled":false},"version":2}},"categories":[2346,40],"tags":[2506,2508,2504,2507,2511,2510,2503,2509,2505],"class_list":["post-26436","post","type-post","status-publish","format-standard","has-post-thumbnail","hentry","category-a3","category-audi","tag-30-tfsi-116","tag-audi-30-test","tag-audi-30-tfsi","tag-audi-30-tfsi-test","tag-audi-a3-30-erfaring","tag-erfaring-audi-a3-30","tag-test-30-tfsi","tag-test-audi-30","tag-test-audi-30-tfsi"],"yoast_head":"<!-- This site is optimized with the Yoast SEO plugin v27.5 - https:\/\/yoast.com\/product\/yoast-seo-wordpress\/ -->\n<title>Audi A3 30 TFSI - Terjes biler Ekte Audi-f\u00f8lelse med 1-liter motoren.<\/title>\n<meta name=\"description\" content=\"N\u00e5 kan du f\u00e5 A3 med konsernets nye 1-liters motor (30 TFSI). Den gir godt dreiemoment i vanlig trafikk. Med riktig utstyr, er det mulig \u00e5 f\u00e5 Audi-f\u00f8lelse...\" \/>\n<meta name=\"robots\" content=\"index, follow, max-snippet:-1, max-image-preview:large, max-video-preview:-1\" \/>\n<link rel=\"canonical\" href=\"https:\/\/terjebjornstad.com\/no\/2019\/09\/28\/audi-a3-30-tfsi\/\" \/>\n<meta property=\"og:locale\" content=\"nb_NO\" \/>\n<meta property=\"og:type\" content=\"article\" \/>\n<meta property=\"og:title\" content=\"Audi A3 30 TFSI - Terjes biler Ekte Audi-f\u00f8lelse med 1-liter motoren.\" \/>\n<meta property=\"og:description\" content=\"N\u00e5 kan du f\u00e5 A3 med konsernets nye 1-liters motor (30 TFSI). Den gir godt dreiemoment i vanlig trafikk. Med riktig utstyr, er det mulig \u00e5 f\u00e5 Audi-f\u00f8lelse...\" \/>\n<meta property=\"og:url\" content=\"https:\/\/terjebjornstad.com\/no\/2019\/09\/28\/audi-a3-30-tfsi\/\" \/>\n<meta property=\"og:site_name\" content=\"Terjes biler\" \/>\n<meta property=\"article:publisher\" content=\"https:\/\/www.facebook.com\/terjesbiler\/\" \/>\n<meta property=\"article:author\" content=\"https:\/\/www.facebook.com\/terjesbiler\" \/>\n<meta property=\"article:published_time\" content=\"2019-09-28T22:05:03+00:00\" \/>\n<meta property=\"article:modified_time\" content=\"2026-03-15T10:45:32+00:00\" \/>\n<meta property=\"og:image\" content=\"https:\/\/terjebjornstad.com\/no\/wp-content\/uploads\/2019\/09\/audi-a3-30-tfsi-3-1080x720.png\" \/>\n\t<meta property=\"og:image:width\" content=\"1080\" \/>\n\t<meta property=\"og:image:height\" content=\"720\" \/>\n\t<meta property=\"og:image:type\" content=\"image\/png\" \/>\n<meta name=\"author\" content=\"Terje Bj\u00f8rnstad\" \/>\n<meta name=\"twitter:card\" content=\"summary_large_image\" \/>\n<meta name=\"twitter:label1\" content=\"Skrevet av\" \/>\n\t<meta name=\"twitter:data1\" content=\"Terje Bj\u00f8rnstad\" \/>\n\t<meta name=\"twitter:label2\" content=\"Ansl. lesetid\" \/>\n\t<meta name=\"twitter:data2\" content=\"8 minutter\" \/>\n<script type=\"application\/ld+json\" class=\"yoast-schema-graph\">{\"@context\":\"https:\\\/\\\/schema.org\",\"@graph\":[{\"@type\":\"Article\",\"@id\":\"https:\\\/\\\/terjebjornstad.com\\\/no\\\/2019\\\/09\\\/28\\\/audi-a3-30-tfsi\\\/#article\",\"isPartOf\":{\"@id\":\"https:\\\/\\\/terjebjornstad.com\\\/no\\\/2019\\\/09\\\/28\\\/audi-a3-30-tfsi\\\/\"},\"author\":{\"name\":\"Terje Bj\u00f8rnstad\",\"@id\":\"https:\\\/\\\/terjebjornstad.com\\\/no\\\/#\\\/schema\\\/person\\\/a281f6a6e0f3cc9fe468e7f0c655aa65\"},\"headline\":\"Audi A3 30 TFSI\",\"datePublished\":\"2019-09-28T22:05:03+00:00\",\"dateModified\":\"2026-03-15T10:45:32+00:00\",\"mainEntityOfPage\":{\"@id\":\"https:\\\/\\\/terjebjornstad.com\\\/no\\\/2019\\\/09\\\/28\\\/audi-a3-30-tfsi\\\/\"},\"wordCount\":1005,\"commentCount\":0,\"publisher\":{\"@id\":\"https:\\\/\\\/terjebjornstad.com\\\/no\\\/#organization\"},\"image\":{\"@id\":\"https:\\\/\\\/terjebjornstad.com\\\/no\\\/2019\\\/09\\\/28\\\/audi-a3-30-tfsi\\\/#primaryimage\"},\"thumbnailUrl\":\"https:\\\/\\\/i0.wp.com\\\/terjebjornstad.com\\\/no\\\/wp-content\\\/uploads\\\/2019\\\/09\\\/audi-a3-30-tfsi-3-1080x720.png?fit=1080%2C720&ssl=1\",\"keywords\":[\"30 TFSI 116\",\"Audi 30 test\",\"Audi 30 TFSI\",\"Audi 30 TFSI test\",\"Audi A3 30 erfaring\",\"Erfaring Audi A3 30\",\"Test 30 TFSI\",\"Test Audi 30\",\"Test Audi 30 TFSI\"],\"articleSection\":[\"A3\",\"Audi\"],\"inLanguage\":\"nb-NO\",\"potentialAction\":[{\"@type\":\"CommentAction\",\"name\":\"Comment\",\"target\":[\"https:\\\/\\\/terjebjornstad.com\\\/no\\\/2019\\\/09\\\/28\\\/audi-a3-30-tfsi\\\/#respond\"]}]},{\"@type\":\"WebPage\",\"@id\":\"https:\\\/\\\/terjebjornstad.com\\\/no\\\/2019\\\/09\\\/28\\\/audi-a3-30-tfsi\\\/\",\"url\":\"https:\\\/\\\/terjebjornstad.com\\\/no\\\/2019\\\/09\\\/28\\\/audi-a3-30-tfsi\\\/\",\"name\":\"Audi A3 30 TFSI - Terjes biler Ekte Audi-f\u00f8lelse med 1-liter motoren.\",\"isPartOf\":{\"@id\":\"https:\\\/\\\/terjebjornstad.com\\\/no\\\/#website\"},\"primaryImageOfPage\":{\"@id\":\"https:\\\/\\\/terjebjornstad.com\\\/no\\\/2019\\\/09\\\/28\\\/audi-a3-30-tfsi\\\/#primaryimage\"},\"image\":{\"@id\":\"https:\\\/\\\/terjebjornstad.com\\\/no\\\/2019\\\/09\\\/28\\\/audi-a3-30-tfsi\\\/#primaryimage\"},\"thumbnailUrl\":\"https:\\\/\\\/i0.wp.com\\\/terjebjornstad.com\\\/no\\\/wp-content\\\/uploads\\\/2019\\\/09\\\/audi-a3-30-tfsi-3-1080x720.png?fit=1080%2C720&ssl=1\",\"datePublished\":\"2019-09-28T22:05:03+00:00\",\"dateModified\":\"2026-03-15T10:45:32+00:00\",\"description\":\"N\u00e5 kan du f\u00e5 A3 med konsernets nye 1-liters motor (30 TFSI). Den gir godt dreiemoment i vanlig trafikk. Med riktig utstyr, er det mulig \u00e5 f\u00e5 Audi-f\u00f8lelse...\",\"breadcrumb\":{\"@id\":\"https:\\\/\\\/terjebjornstad.com\\\/no\\\/2019\\\/09\\\/28\\\/audi-a3-30-tfsi\\\/#breadcrumb\"},\"inLanguage\":\"nb-NO\",\"potentialAction\":[{\"@type\":\"ReadAction\",\"target\":[\"https:\\\/\\\/terjebjornstad.com\\\/no\\\/2019\\\/09\\\/28\\\/audi-a3-30-tfsi\\\/\"]}]},{\"@type\":\"ImageObject\",\"inLanguage\":\"nb-NO\",\"@id\":\"https:\\\/\\\/terjebjornstad.com\\\/no\\\/2019\\\/09\\\/28\\\/audi-a3-30-tfsi\\\/#primaryimage\",\"url\":\"https:\\\/\\\/i0.wp.com\\\/terjebjornstad.com\\\/no\\\/wp-content\\\/uploads\\\/2019\\\/09\\\/audi-a3-30-tfsi-3-1080x720.png?fit=1080%2C720&ssl=1\",\"contentUrl\":\"https:\\\/\\\/i0.wp.com\\\/terjebjornstad.com\\\/no\\\/wp-content\\\/uploads\\\/2019\\\/09\\\/audi-a3-30-tfsi-3-1080x720.png?fit=1080%2C720&ssl=1\",\"width\":1080,\"height\":720,\"caption\":\"Audi A3 30 TFSI\"},{\"@type\":\"BreadcrumbList\",\"@id\":\"https:\\\/\\\/terjebjornstad.com\\\/no\\\/2019\\\/09\\\/28\\\/audi-a3-30-tfsi\\\/#breadcrumb\",\"itemListElement\":[{\"@type\":\"ListItem\",\"position\":1,\"name\":\"Hjem\",\"item\":\"https:\\\/\\\/terjebjornstad.com\\\/no\\\/\"},{\"@type\":\"ListItem\",\"position\":2,\"name\":\"Audi A3 30 TFSI\"}]},{\"@type\":\"WebSite\",\"@id\":\"https:\\\/\\\/terjebjornstad.com\\\/no\\\/#website\",\"url\":\"https:\\\/\\\/terjebjornstad.com\\\/no\\\/\",\"name\":\"Terjes biler\",\"description\":\"HONEST ABOUT CARS\",\"publisher\":{\"@id\":\"https:\\\/\\\/terjebjornstad.com\\\/no\\\/#organization\"},\"alternateName\":\"Terjebjornstad.com\",\"potentialAction\":[{\"@type\":\"SearchAction\",\"target\":{\"@type\":\"EntryPoint\",\"urlTemplate\":\"https:\\\/\\\/terjebjornstad.com\\\/no\\\/?s={search_term_string}\"},\"query-input\":{\"@type\":\"PropertyValueSpecification\",\"valueRequired\":true,\"valueName\":\"search_term_string\"}}],\"inLanguage\":\"nb-NO\"},{\"@type\":\"Organization\",\"@id\":\"https:\\\/\\\/terjebjornstad.com\\\/no\\\/#organization\",\"name\":\"Terje Bj\u00f8rnstad ENK\",\"url\":\"https:\\\/\\\/terjebjornstad.com\\\/no\\\/\",\"logo\":{\"@type\":\"ImageObject\",\"inLanguage\":\"nb-NO\",\"@id\":\"https:\\\/\\\/terjebjornstad.com\\\/no\\\/#\\\/schema\\\/logo\\\/image\\\/\",\"url\":\"https:\\\/\\\/i0.wp.com\\\/terjebjornstad.com\\\/no\\\/wp-content\\\/uploads\\\/2026\\\/02\\\/terjesbiler2024-960x354-1.png?fit=960%2C354&ssl=1\",\"contentUrl\":\"https:\\\/\\\/i0.wp.com\\\/terjebjornstad.com\\\/no\\\/wp-content\\\/uploads\\\/2026\\\/02\\\/terjesbiler2024-960x354-1.png?fit=960%2C354&ssl=1\",\"width\":960,\"height\":354,\"caption\":\"Terje Bj\u00f8rnstad ENK\"},\"image\":{\"@id\":\"https:\\\/\\\/terjebjornstad.com\\\/no\\\/#\\\/schema\\\/logo\\\/image\\\/\"},\"sameAs\":[\"https:\\\/\\\/www.facebook.com\\\/terjesbiler\\\/\",\"https:\\\/\\\/www.instagram.com\\\/terjesbiler\\\/\",\"https:\\\/\\\/www.pinteres.com\\\/terjebjrnstad\\\/terjes-biler\\\/\"]},{\"@type\":\"Person\",\"@id\":\"https:\\\/\\\/terjebjornstad.com\\\/no\\\/#\\\/schema\\\/person\\\/a281f6a6e0f3cc9fe468e7f0c655aa65\",\"name\":\"Terje Bj\u00f8rnstad\",\"image\":{\"@type\":\"ImageObject\",\"inLanguage\":\"nb-NO\",\"@id\":\"https:\\\/\\\/secure.gravatar.com\\\/avatar\\\/e8dff505b51cf6cb67ae06a06022d2049aac2da1e79dc146a36b58798c4b40ea?s=96&d=mm&r=g\",\"url\":\"https:\\\/\\\/secure.gravatar.com\\\/avatar\\\/e8dff505b51cf6cb67ae06a06022d2049aac2da1e79dc146a36b58798c4b40ea?s=96&d=mm&r=g\",\"contentUrl\":\"https:\\\/\\\/secure.gravatar.com\\\/avatar\\\/e8dff505b51cf6cb67ae06a06022d2049aac2da1e79dc146a36b58798c4b40ea?s=96&d=mm&r=g\",\"caption\":\"Terje Bj\u00f8rnstad\"},\"description\":\"Terje Bj\u00f8rnstad. Bloggadministrator, hobbyfotograf og bilnerd.\",\"sameAs\":[\"https:\\\/\\\/www.facebook.com\\\/terjesbiler\",\"https:\\\/\\\/www.instagram.com\\\/terjesbiler\",\"https:\\\/\\\/no.pinterest.com\\\/terjebjrnstad\",\"https:\\\/\\\/www.youtube.com\\\/channel\\\/UCzCKJJDybyIgKqatc_JQqIg\"]}]}<\/script>\n<!-- \/ Yoast SEO plugin. -->","yoast_head_json":{"title":"Audi A3 30 TFSI - Terjes biler Ekte Audi-f\u00f8lelse med 1-liter motoren.","description":"N\u00e5 kan du f\u00e5 A3 med konsernets nye 1-liters motor (30 TFSI). Den gir godt dreiemoment i vanlig trafikk. Med riktig utstyr, er det mulig \u00e5 f\u00e5 Audi-f\u00f8lelse...","robots":{"index":"index","follow":"follow","max-snippet":"max-snippet:-1","max-image-preview":"max-image-preview:large","max-video-preview":"max-video-preview:-1"},"canonical":"https:\/\/terjebjornstad.com\/no\/2019\/09\/28\/audi-a3-30-tfsi\/","og_locale":"nb_NO","og_type":"article","og_title":"Audi A3 30 TFSI - Terjes biler Ekte Audi-f\u00f8lelse med 1-liter motoren.","og_description":"N\u00e5 kan du f\u00e5 A3 med konsernets nye 1-liters motor (30 TFSI). Den gir godt dreiemoment i vanlig trafikk. Med riktig utstyr, er det mulig \u00e5 f\u00e5 Audi-f\u00f8lelse...","og_url":"https:\/\/terjebjornstad.com\/no\/2019\/09\/28\/audi-a3-30-tfsi\/","og_site_name":"Terjes biler","article_publisher":"https:\/\/www.facebook.com\/terjesbiler\/","article_author":"https:\/\/www.facebook.com\/terjesbiler","article_published_time":"2019-09-28T22:05:03+00:00","article_modified_time":"2026-03-15T10:45:32+00:00","og_image":[{"width":1080,"height":720,"url":"https:\/\/terjebjornstad.com\/no\/wp-content\/uploads\/2019\/09\/audi-a3-30-tfsi-3-1080x720.png","type":"image\/png"}],"author":"Terje Bj\u00f8rnstad","twitter_card":"summary_large_image","twitter_misc":{"Skrevet av":"Terje Bj\u00f8rnstad","Ansl. lesetid":"8 minutter"},"schema":{"@context":"https:\/\/schema.org","@graph":[{"@type":"Article","@id":"https:\/\/terjebjornstad.com\/no\/2019\/09\/28\/audi-a3-30-tfsi\/#article","isPartOf":{"@id":"https:\/\/terjebjornstad.com\/no\/2019\/09\/28\/audi-a3-30-tfsi\/"},"author":{"name":"Terje Bj\u00f8rnstad","@id":"https:\/\/terjebjornstad.com\/no\/#\/schema\/person\/a281f6a6e0f3cc9fe468e7f0c655aa65"},"headline":"Audi A3 30 TFSI","datePublished":"2019-09-28T22:05:03+00:00","dateModified":"2026-03-15T10:45:32+00:00","mainEntityOfPage":{"@id":"https:\/\/terjebjornstad.com\/no\/2019\/09\/28\/audi-a3-30-tfsi\/"},"wordCount":1005,"commentCount":0,"publisher":{"@id":"https:\/\/terjebjornstad.com\/no\/#organization"},"image":{"@id":"https:\/\/terjebjornstad.com\/no\/2019\/09\/28\/audi-a3-30-tfsi\/#primaryimage"},"thumbnailUrl":"https:\/\/i0.wp.com\/terjebjornstad.com\/no\/wp-content\/uploads\/2019\/09\/audi-a3-30-tfsi-3-1080x720.png?fit=1080%2C720&ssl=1","keywords":["30 TFSI 116","Audi 30 test","Audi 30 TFSI","Audi 30 TFSI test","Audi A3 30 erfaring","Erfaring Audi A3 30","Test 30 TFSI","Test Audi 30","Test Audi 30 TFSI"],"articleSection":["A3","Audi"],"inLanguage":"nb-NO","potentialAction":[{"@type":"CommentAction","name":"Comment","target":["https:\/\/terjebjornstad.com\/no\/2019\/09\/28\/audi-a3-30-tfsi\/#respond"]}]},{"@type":"WebPage","@id":"https:\/\/terjebjornstad.com\/no\/2019\/09\/28\/audi-a3-30-tfsi\/","url":"https:\/\/terjebjornstad.com\/no\/2019\/09\/28\/audi-a3-30-tfsi\/","name":"Audi A3 30 TFSI - Terjes biler Ekte Audi-f\u00f8lelse med 1-liter motoren.","isPartOf":{"@id":"https:\/\/terjebjornstad.com\/no\/#website"},"primaryImageOfPage":{"@id":"https:\/\/terjebjornstad.com\/no\/2019\/09\/28\/audi-a3-30-tfsi\/#primaryimage"},"image":{"@id":"https:\/\/terjebjornstad.com\/no\/2019\/09\/28\/audi-a3-30-tfsi\/#primaryimage"},"thumbnailUrl":"https:\/\/i0.wp.com\/terjebjornstad.com\/no\/wp-content\/uploads\/2019\/09\/audi-a3-30-tfsi-3-1080x720.png?fit=1080%2C720&ssl=1","datePublished":"2019-09-28T22:05:03+00:00","dateModified":"2026-03-15T10:45:32+00:00","description":"N\u00e5 kan du f\u00e5 A3 med konsernets nye 1-liters motor (30 TFSI). Den gir godt dreiemoment i vanlig trafikk. Med riktig utstyr, er det mulig \u00e5 f\u00e5 Audi-f\u00f8lelse...","breadcrumb":{"@id":"https:\/\/terjebjornstad.com\/no\/2019\/09\/28\/audi-a3-30-tfsi\/#breadcrumb"},"inLanguage":"nb-NO","potentialAction":[{"@type":"ReadAction","target":["https:\/\/terjebjornstad.com\/no\/2019\/09\/28\/audi-a3-30-tfsi\/"]}]},{"@type":"ImageObject","inLanguage":"nb-NO","@id":"https:\/\/terjebjornstad.com\/no\/2019\/09\/28\/audi-a3-30-tfsi\/#primaryimage","url":"https:\/\/i0.wp.com\/terjebjornstad.com\/no\/wp-content\/uploads\/2019\/09\/audi-a3-30-tfsi-3-1080x720.png?fit=1080%2C720&ssl=1","contentUrl":"https:\/\/i0.wp.com\/terjebjornstad.com\/no\/wp-content\/uploads\/2019\/09\/audi-a3-30-tfsi-3-1080x720.png?fit=1080%2C720&ssl=1","width":1080,"height":720,"caption":"Audi A3 30 TFSI"},{"@type":"BreadcrumbList","@id":"https:\/\/terjebjornstad.com\/no\/2019\/09\/28\/audi-a3-30-tfsi\/#breadcrumb","itemListElement":[{"@type":"ListItem","position":1,"name":"Hjem","item":"https:\/\/terjebjornstad.com\/no\/"},{"@type":"ListItem","position":2,"name":"Audi A3 30 TFSI"}]},{"@type":"WebSite","@id":"https:\/\/terjebjornstad.com\/no\/#website","url":"https:\/\/terjebjornstad.com\/no\/","name":"Terjes biler","description":"HONEST ABOUT CARS","publisher":{"@id":"https:\/\/terjebjornstad.com\/no\/#organization"},"alternateName":"Terjebjornstad.com","potentialAction":[{"@type":"SearchAction","target":{"@type":"EntryPoint","urlTemplate":"https:\/\/terjebjornstad.com\/no\/?s={search_term_string}"},"query-input":{"@type":"PropertyValueSpecification","valueRequired":true,"valueName":"search_term_string"}}],"inLanguage":"nb-NO"},{"@type":"Organization","@id":"https:\/\/terjebjornstad.com\/no\/#organization","name":"Terje Bj\u00f8rnstad ENK","url":"https:\/\/terjebjornstad.com\/no\/","logo":{"@type":"ImageObject","inLanguage":"nb-NO","@id":"https:\/\/terjebjornstad.com\/no\/#\/schema\/logo\/image\/","url":"https:\/\/i0.wp.com\/terjebjornstad.com\/no\/wp-content\/uploads\/2026\/02\/terjesbiler2024-960x354-1.png?fit=960%2C354&ssl=1","contentUrl":"https:\/\/i0.wp.com\/terjebjornstad.com\/no\/wp-content\/uploads\/2026\/02\/terjesbiler2024-960x354-1.png?fit=960%2C354&ssl=1","width":960,"height":354,"caption":"Terje Bj\u00f8rnstad ENK"},"image":{"@id":"https:\/\/terjebjornstad.com\/no\/#\/schema\/logo\/image\/"},"sameAs":["https:\/\/www.facebook.com\/terjesbiler\/","https:\/\/www.instagram.com\/terjesbiler\/","https:\/\/www.pinteres.com\/terjebjrnstad\/terjes-biler\/"]},{"@type":"Person","@id":"https:\/\/terjebjornstad.com\/no\/#\/schema\/person\/a281f6a6e0f3cc9fe468e7f0c655aa65","name":"Terje Bj\u00f8rnstad","image":{"@type":"ImageObject","inLanguage":"nb-NO","@id":"https:\/\/secure.gravatar.com\/avatar\/e8dff505b51cf6cb67ae06a06022d2049aac2da1e79dc146a36b58798c4b40ea?s=96&d=mm&r=g","url":"https:\/\/secure.gravatar.com\/avatar\/e8dff505b51cf6cb67ae06a06022d2049aac2da1e79dc146a36b58798c4b40ea?s=96&d=mm&r=g","contentUrl":"https:\/\/secure.gravatar.com\/avatar\/e8dff505b51cf6cb67ae06a06022d2049aac2da1e79dc146a36b58798c4b40ea?s=96&d=mm&r=g","caption":"Terje Bj\u00f8rnstad"},"description":"Terje Bj\u00f8rnstad. Bloggadministrator, hobbyfotograf og bilnerd.","sameAs":["https:\/\/www.facebook.com\/terjesbiler","https:\/\/www.instagram.com\/terjesbiler","https:\/\/no.pinterest.com\/terjebjrnstad","https:\/\/www.youtube.com\/channel\/UCzCKJJDybyIgKqatc_JQqIg"]}]}},"jetpack_publicize_connections":[],"jetpack_featured_media_url":"https:\/\/i0.wp.com\/terjebjornstad.com\/no\/wp-content\/uploads\/2019\/09\/audi-a3-30-tfsi-3-1080x720.png?fit=1080%2C720&ssl=1","jetpack_sharing_enabled":true,"jetpack_shortlink":"https:\/\/wp.me\/p48zYA-6So","jetpack-related-posts":[{"id":28917,"url":"https:\/\/terjebjornstad.com\/no\/2020\/01\/05\/audi-q2-30-tfsi\/","url_meta":{"origin":26436,"position":0},"title":"Audi Q2 30 TFSI","author":"Terje Bj\u00f8rnstad","date":"05\/01\/2020","format":false,"excerpt":"Bilkonsern som Volkswagen-gruppen kan h\u00f8ste stordriftsfordeler n\u00e5r de benytter samme plattform og drivverk i flere modeller. Da kan utviklingskostnadene holdes nede. Audi Q2 deler teknikk med Seat Arona, Skoda Kamiq og Volkswagen T-Cross. Ikke uventet er Q2 dyrest av dem alle. \u00a0 Hva som skaper Audi-f\u00f8lelse Vi har kj\u00f8rt Audi\u2026","rel":"","context":"i &quot;Artikkel&quot;","block_context":{"text":"Artikkel","link":"https:\/\/terjebjornstad.com\/no\/category\/artikkel\/"},"img":{"alt_text":"","src":"https:\/\/i0.wp.com\/terjebjornstad.com\/no\/wp-content\/uploads\/2020\/01\/audi-q2-1-1.png?fit=1080%2C720&ssl=1&resize=350%2C200","width":350,"height":200,"srcset":"https:\/\/i0.wp.com\/terjebjornstad.com\/no\/wp-content\/uploads\/2020\/01\/audi-q2-1-1.png?fit=1080%2C720&ssl=1&resize=350%2C200 1x, https:\/\/i0.wp.com\/terjebjornstad.com\/no\/wp-content\/uploads\/2020\/01\/audi-q2-1-1.png?fit=1080%2C720&ssl=1&resize=525%2C300 1.5x, https:\/\/i0.wp.com\/terjebjornstad.com\/no\/wp-content\/uploads\/2020\/01\/audi-q2-1-1.png?fit=1080%2C720&ssl=1&resize=700%2C400 2x, https:\/\/i0.wp.com\/terjebjornstad.com\/no\/wp-content\/uploads\/2020\/01\/audi-q2-1-1.png?fit=1080%2C720&ssl=1&resize=1050%2C600 3x"},"classes":[]},{"id":43305,"url":"https:\/\/terjebjornstad.com\/no\/2021\/09\/16\/kjoreglad-audi-a3-30-tdi\/","url_meta":{"origin":26436,"position":1},"title":"Kj\u00f8reglad Audi A3 30 TDI","author":"Terje Bj\u00f8rnstad","date":"16\/09\/2021","format":false,"excerpt":"N\u00e5r man leier bil, hender det at man f\u00e5r stifte bekjentskap med en modell som overrasker positivt - en som man ellers aldri ville sett to ganger p\u00e5. Nye Audi A3 8Y er en s\u00e5nn bil. \u00a0 Dalende popularitet? Audis modell 8Y erstattet 8V i 2020 og deler plattform med\u2026","rel":"","context":"i &quot;A3&quot;","block_context":{"text":"A3","link":"https:\/\/terjebjornstad.com\/no\/category\/audi\/a3\/"},"img":{"alt_text":"","src":"https:\/\/i0.wp.com\/terjebjornstad.com\/no\/wp-content\/uploads\/2021\/09\/audi-a3-8y-60-1080x720-1.png?fit=1080%2C720&ssl=1&resize=350%2C200","width":350,"height":200,"srcset":"https:\/\/i0.wp.com\/terjebjornstad.com\/no\/wp-content\/uploads\/2021\/09\/audi-a3-8y-60-1080x720-1.png?fit=1080%2C720&ssl=1&resize=350%2C200 1x, https:\/\/i0.wp.com\/terjebjornstad.com\/no\/wp-content\/uploads\/2021\/09\/audi-a3-8y-60-1080x720-1.png?fit=1080%2C720&ssl=1&resize=525%2C300 1.5x, https:\/\/i0.wp.com\/terjebjornstad.com\/no\/wp-content\/uploads\/2021\/09\/audi-a3-8y-60-1080x720-1.png?fit=1080%2C720&ssl=1&resize=700%2C400 2x, https:\/\/i0.wp.com\/terjebjornstad.com\/no\/wp-content\/uploads\/2021\/09\/audi-a3-8y-60-1080x720-1.png?fit=1080%2C720&ssl=1&resize=1050%2C600 3x"},"classes":[]},{"id":20017,"url":"https:\/\/terjebjornstad.com\/no\/2018\/10\/24\/farvel-til-a1-den-forste\/","url_meta":{"origin":26436,"position":2},"title":"Farvel til A1, den f\u00f8rste&#8230;","author":"Terje Bj\u00f8rnstad","date":"24\/10\/2018","format":false,"excerpt":"Dagens A1 er p\u00e5 vei ut av Audis bilsalonger. Nye A1 ruller n\u00e5 ut av Seat\/Audi-fabrikken i Martorell ovenfor Barcelona. Etter hvert skal de fylle plassen etter f\u00f8rste-generasjon A1. Det er en s\u00e5nn jeg har kj\u00f8rt. En utg\u00e5ende, men flunkende ny 2018-modell med S-line dekor. En av de siste A1\u2026","rel":"","context":"i &quot;a1&quot;","block_context":{"text":"a1","link":"https:\/\/terjebjornstad.com\/no\/category\/audi\/a1\/"},"img":{"alt_text":"","src":"https:\/\/i0.wp.com\/terjebjornstad.com\/no\/wp-content\/uploads\/2018\/10\/audi-a1-95-3.png?fit=1080%2C1080&ssl=1&resize=350%2C200","width":350,"height":200,"srcset":"https:\/\/i0.wp.com\/terjebjornstad.com\/no\/wp-content\/uploads\/2018\/10\/audi-a1-95-3.png?fit=1080%2C1080&ssl=1&resize=350%2C200 1x, https:\/\/i0.wp.com\/terjebjornstad.com\/no\/wp-content\/uploads\/2018\/10\/audi-a1-95-3.png?fit=1080%2C1080&ssl=1&resize=525%2C300 1.5x, https:\/\/i0.wp.com\/terjebjornstad.com\/no\/wp-content\/uploads\/2018\/10\/audi-a1-95-3.png?fit=1080%2C1080&ssl=1&resize=700%2C400 2x, https:\/\/i0.wp.com\/terjebjornstad.com\/no\/wp-content\/uploads\/2018\/10\/audi-a1-95-3.png?fit=1080%2C1080&ssl=1&resize=1050%2C600 3x"},"classes":[]},{"id":6589,"url":"https:\/\/terjebjornstad.com\/no\/2016\/08\/14\/audi-a3-e-tron\/","url_meta":{"origin":26436,"position":3},"title":"Audi A3 e-tron","author":"Terje Bj\u00f8rnstad","date":"14\/08\/2016","format":false,"excerpt":"2016 Audi A3 e-tron - Kos dere! Selgeren hos M\u00f8llerBil Vest \u00f8nsket oss vel av g\u00e5rde etter \u00e5 ha gitt en rask instruksjon. Fruen hadde nemlig bestilt pr\u00f8vekj\u00f8ring av en Audi A3 e-tron. Instruksjon var egentlig ikke n\u00f8dvendig. Setter du deg inn i en Audi er det meste ganske innlysende,\u2026","rel":"","context":"i &quot;Artikkel&quot;","block_context":{"text":"Artikkel","link":"https:\/\/terjebjornstad.com\/no\/category\/artikkel\/"},"img":{"alt_text":"","src":"https:\/\/i0.wp.com\/terjebjornstad.com\/no\/wp-content\/uploads\/2016\/08\/2016-audi-a3-etron-1.png?fit=686%2C457&ssl=1&resize=350%2C200","width":350,"height":200,"srcset":"https:\/\/i0.wp.com\/terjebjornstad.com\/no\/wp-content\/uploads\/2016\/08\/2016-audi-a3-etron-1.png?fit=686%2C457&ssl=1&resize=350%2C200 1x, https:\/\/i0.wp.com\/terjebjornstad.com\/no\/wp-content\/uploads\/2016\/08\/2016-audi-a3-etron-1.png?fit=686%2C457&ssl=1&resize=525%2C300 1.5x"},"classes":[]},{"id":7560,"url":"https:\/\/terjebjornstad.com\/no\/2016\/09\/26\/audi-a3-e-tron-facelift\/","url_meta":{"origin":26436,"position":4},"title":"Audi A3 e-tron facelift","author":"Terje Bj\u00f8rnstad","date":"26\/09\/2016","format":false,"excerpt":"Da lunsjmenyen i Hvervenbukta ikke falt i smak, kj\u00f8rte vi til Mortens Kro p\u00e5 Gjeller\u00e5sen. Det er ikke kommet s\u00e5 mange av dem ut p\u00e5 veien enn\u00e5. Faktisk har jeg til gode \u00e5 se noen andre enn den jeg selv kj\u00f8rer. Jeg er blitt fortalt at Ingolstadt har satt produksjonsapparatet\u2026","rel":"","context":"i &quot;A3&quot;","block_context":{"text":"A3","link":"https:\/\/terjebjornstad.com\/no\/category\/audi\/a3\/"},"img":{"alt_text":"","src":"https:\/\/i0.wp.com\/terjebjornstad.com\/no\/wp-content\/uploads\/2016\/09\/2017-audi-a3-etron-101.png?fit=686%2C457&ssl=1&resize=350%2C200","width":350,"height":200,"srcset":"https:\/\/i0.wp.com\/terjebjornstad.com\/no\/wp-content\/uploads\/2016\/09\/2017-audi-a3-etron-101.png?fit=686%2C457&ssl=1&resize=350%2C200 1x, https:\/\/i0.wp.com\/terjebjornstad.com\/no\/wp-content\/uploads\/2016\/09\/2017-audi-a3-etron-101.png?fit=686%2C457&ssl=1&resize=525%2C300 1.5x"},"classes":[]},{"id":3849,"url":"https:\/\/terjebjornstad.com\/no\/2016\/04\/03\/audi-a3-tdi-pa-sparebluss\/","url_meta":{"origin":26436,"position":5},"title":"Audi A3 TDI p\u00e5 sparebluss","author":"Terje Bj\u00f8rnstad","date":"03\/04\/2016","format":false,"excerpt":"Sist gang jeg testet Volkswagen-gruppens TDI 110 HK motor ble jeg imponert over det lave forbruket. Alle bilprodusenter har sine \"potetmotorer\", - motorer som g\u00e5r igjen i flere modeller og som blir storselgere. VAGs TDI 110 HK kan bli en s\u00e5dan motor. Jeg testet den for to \u00e5r siden i\u2026","rel":"","context":"i &quot;A3&quot;","block_context":{"text":"A3","link":"https:\/\/terjebjornstad.com\/no\/category\/audi\/a3\/"},"img":{"alt_text":"","src":"https:\/\/i0.wp.com\/terjebjornstad.com\/no\/wp-content\/uploads\/2016\/04\/audi-a3-tdi-110-attraction-1.png?resize=350%2C200&ssl=1","width":350,"height":200,"srcset":"https:\/\/i0.wp.com\/terjebjornstad.com\/no\/wp-content\/uploads\/2016\/04\/audi-a3-tdi-110-attraction-1.png?resize=350%2C200&ssl=1 1x, https:\/\/i0.wp.com\/terjebjornstad.com\/no\/wp-content\/uploads\/2016\/04\/audi-a3-tdi-110-attraction-1.png?resize=525%2C300&ssl=1 1.5x"},"classes":[]}],"gt_translate_keys":[{"key":"link","format":"url"}],"_links":{"self":[{"href":"https:\/\/terjebjornstad.com\/no\/wp-json\/wp\/v2\/posts\/26436","targetHints":{"allow":["GET"]}}],"collection":[{"href":"https:\/\/terjebjornstad.com\/no\/wp-json\/wp\/v2\/posts"}],"about":[{"href":"https:\/\/terjebjornstad.com\/no\/wp-json\/wp\/v2\/types\/post"}],"author":[{"embeddable":true,"href":"https:\/\/terjebjornstad.com\/no\/wp-json\/wp\/v2\/users\/1"}],"replies":[{"embeddable":true,"href":"https:\/\/terjebjornstad.com\/no\/wp-json\/wp\/v2\/comments?post=26436"}],"version-history":[{"count":13,"href":"https:\/\/terjebjornstad.com\/no\/wp-json\/wp\/v2\/posts\/26436\/revisions"}],"predecessor-version":[{"id":91184,"href":"https:\/\/terjebjornstad.com\/no\/wp-json\/wp\/v2\/posts\/26436\/revisions\/91184"}],"wp:featuredmedia":[{"embeddable":true,"href":"https:\/\/terjebjornstad.com\/no\/wp-json\/wp\/v2\/media\/26358"}],"wp:attachment":[{"href":"https:\/\/terjebjornstad.com\/no\/wp-json\/wp\/v2\/media?parent=26436"}],"wp:term":[{"taxonomy":"category","embeddable":true,"href":"https:\/\/terjebjornstad.com\/no\/wp-json\/wp\/v2\/categories?post=26436"},{"taxonomy":"post_tag","embeddable":true,"href":"https:\/\/terjebjornstad.com\/no\/wp-json\/wp\/v2\/tags?post=26436"}],"curies":[{"name":"wp","href":"https:\/\/api.w.org\/{rel}","templated":true}]}}