{"id":26378,"date":"2019-09-25T09:22:36","date_gmt":"2019-09-25T09:22:36","guid":{"rendered":"https:\/\/terjebjornstad.com\/no\/?p=26378"},"modified":"2026-03-02T16:08:34","modified_gmt":"2026-03-02T15:08:34","slug":"herbie-i-tossa-de-mar","status":"publish","type":"post","link":"https:\/\/terjebjornstad.com\/no\/2019\/09\/25\/herbie-i-tossa-de-mar\/","title":{"rendered":"Herbie i Tossa de Mar","gt_translate_keys":[{"key":"rendered","format":"text"}]},"content":{"rendered":"<div class=\"copy_teb\"><figure id=\"attachment_26364\" aria-describedby=\"caption-attachment-26364\" style=\"width: 1080px\" class=\"wp-caption aligncenter\"><a href=\"https:\/\/i0.wp.com\/terjebjornstad.com\/no\/wp-content\/uploads\/2019\/09\/herbie-1-1080x720.png?ssl=1\"><img data-recalc-dims=\"1\" loading=\"lazy\" decoding=\"async\" data-attachment-id=\"26364\" data-permalink=\"https:\/\/terjebjornstad.com\/no\/2019\/09\/25\/herbie-i-tossa-de-mar\/herbie-1-1080x720\/\" data-orig-file=\"https:\/\/i0.wp.com\/terjebjornstad.com\/no\/wp-content\/uploads\/2019\/09\/herbie-1-1080x720.png?fit=1080%2C720&amp;ssl=1\" data-orig-size=\"1080,720\" data-comments-opened=\"1\" data-image-meta=\"{&quot;aperture&quot;:&quot;0&quot;,&quot;credit&quot;:&quot;&quot;,&quot;camera&quot;:&quot;&quot;,&quot;caption&quot;:&quot;&quot;,&quot;created_timestamp&quot;:&quot;0&quot;,&quot;copyright&quot;:&quot;&quot;,&quot;focal_length&quot;:&quot;0&quot;,&quot;iso&quot;:&quot;0&quot;,&quot;shutter_speed&quot;:&quot;0&quot;,&quot;title&quot;:&quot;&quot;,&quot;orientation&quot;:&quot;0&quot;}\" data-image-title=\"herbie-1-1080&amp;#215;720\" data-image-description=\"\" data-image-caption=\"&lt;p&gt;Til \u00e6re for &amp;laquo;Herbie&amp;raquo; som feirer 50 \u00e5r.&lt;\/p&gt;\n\" data-large-file=\"https:\/\/i0.wp.com\/terjebjornstad.com\/no\/wp-content\/uploads\/2019\/09\/herbie-1-1080x720.png?fit=980%2C653&amp;ssl=1\" src=\"https:\/\/i0.wp.com\/terjebjornstad.com\/no\/wp-content\/uploads\/2019\/09\/herbie-1-1080x720.png?resize=980%2C653&#038;ssl=1\" alt=\"herbie\" width=\"980\" height=\"653\" class=\"size-full wp-image-26364\" srcset=\"https:\/\/i0.wp.com\/terjebjornstad.com\/no\/wp-content\/uploads\/2019\/09\/herbie-1-1080x720.png?resize=1080%2C720&amp;ssl=1 1080w, https:\/\/i0.wp.com\/terjebjornstad.com\/no\/wp-content\/uploads\/2019\/09\/herbie-1-1080x720.png?resize=300%2C200&amp;ssl=1 300w, https:\/\/i0.wp.com\/terjebjornstad.com\/no\/wp-content\/uploads\/2019\/09\/herbie-1-1080x720.png?resize=768%2C512&amp;ssl=1 768w, https:\/\/i0.wp.com\/terjebjornstad.com\/no\/wp-content\/uploads\/2019\/09\/herbie-1-1080x720.png?resize=690%2C460&amp;ssl=1 690w, https:\/\/i0.wp.com\/terjebjornstad.com\/no\/wp-content\/uploads\/2019\/09\/herbie-1-1080x720.png?resize=980%2C653&amp;ssl=1 980w\" sizes=\"auto, (max-width: 980px) 100vw, 980px\" \/><\/a><figcaption id=\"caption-attachment-26364\" class=\"wp-caption-text\">Til \u00e6re for &laquo;Herbie&raquo; som feirer 50 \u00e5r.<\/figcaption><\/figure><\/p>\n<p>P\u00e5 sin 26. \u00e5rlige samling av luftavkj\u00f8lte folkevogner benyttet arrang\u00f8ren, <a href=\"https:\/\/avwc.org\/\" target=\"_blank\" rel=\"noopener noreferrer\"><strong>Amics del Volkswagen de Catalunya<\/strong><\/a>, anledningen til \u00e5 feire Herbie. I \u00e5r er det 50 \u00e5r siden den f\u00f8rste gang ble vist p\u00e5 Katalanske kinoer. Filmen om den den sjarmerende og egenr\u00e5dige bobla hadde premiere i 1968, men kom ikke til katalanske kinoer f\u00f8r 17. september 1969. I Norge dukket Herbie opp i oktober &#8217;69. Filmen &laquo;P\u00e5 to hjul i svingen&raquo; ble en kassasuksess for Walt Disney.<\/p>\n<h3 class=\"tebh2\">Hvem var egentlig Herbie?<\/h3>\n<p>Som i alle filmer, handler det ikke om \u00e9n enkelt bil. Den Herbie&#8217;n som ble brukt p\u00e5 bane, for eksempel, hadde understell og motor fra Porsche 356. Andre Herbie&#8217;r ble herpet i diverse stunts. Den modellen som ble brukt i de rolige handlingene, var en helt standard 1963-modell med California-b\u00f8yle p\u00e5 frontfangeren, sportsfelger og sportsseter. Det er <em>den<\/em> vi forbinder med Herbie. I 2015 gikk den p\u00e5 auksjon for svimlende 126 500,- amerikanske dollar og <a href=\"https:\/\/www.hemmings.com\/blog\/2015\/04\/21\/1963-volkswagen-herbie-beetle-sells-for-126500-setting-auction-record\/\" target=\"_blank\" rel=\"noopener noreferrer\"><strong>satte rekord hos auksjonshuset Hemmings<\/strong><\/a>. <\/p>\n<p>&nbsp;<\/p>\n<figure id=\"attachment_26359\" aria-describedby=\"caption-attachment-26359\" style=\"width: 1080px\" class=\"wp-caption aligncenter\"><a href=\"https:\/\/i0.wp.com\/terjebjornstad.com\/no\/wp-content\/uploads\/2019\/09\/buses-tossa-de-mar-1080x720.png?ssl=1\"><img data-recalc-dims=\"1\" loading=\"lazy\" decoding=\"async\" data-attachment-id=\"26359\" data-permalink=\"https:\/\/terjebjornstad.com\/no\/2019\/09\/25\/herbie-i-tossa-de-mar\/buses-tossa-de-mar-1080x720\/\" data-orig-file=\"https:\/\/i0.wp.com\/terjebjornstad.com\/no\/wp-content\/uploads\/2019\/09\/buses-tossa-de-mar-1080x720.png?fit=1080%2C720&amp;ssl=1\" data-orig-size=\"1080,720\" data-comments-opened=\"1\" data-image-meta=\"{&quot;aperture&quot;:&quot;0&quot;,&quot;credit&quot;:&quot;&quot;,&quot;camera&quot;:&quot;&quot;,&quot;caption&quot;:&quot;&quot;,&quot;created_timestamp&quot;:&quot;0&quot;,&quot;copyright&quot;:&quot;&quot;,&quot;focal_length&quot;:&quot;0&quot;,&quot;iso&quot;:&quot;0&quot;,&quot;shutter_speed&quot;:&quot;0&quot;,&quot;title&quot;:&quot;&quot;,&quot;orientation&quot;:&quot;0&quot;}\" data-image-title=\"buses-tossa-de-mar-1080&amp;#215;720\" data-image-description=\"\" data-image-caption=\"&lt;p&gt;En &amp;laquo;15-vinduer&amp;raquo; blir dirigert inn p\u00e5 plass ved siden av en &amp;laquo;11-vinduer&amp;raquo;.&lt;\/p&gt;\n\" data-large-file=\"https:\/\/i0.wp.com\/terjebjornstad.com\/no\/wp-content\/uploads\/2019\/09\/buses-tossa-de-mar-1080x720.png?fit=980%2C653&amp;ssl=1\" src=\"https:\/\/i0.wp.com\/terjebjornstad.com\/no\/wp-content\/uploads\/2019\/09\/buses-tossa-de-mar-1080x720.png?resize=980%2C653&#038;ssl=1\" alt=\"herbie\" width=\"980\" height=\"653\" class=\"size-full wp-image-26359\" srcset=\"https:\/\/i0.wp.com\/terjebjornstad.com\/no\/wp-content\/uploads\/2019\/09\/buses-tossa-de-mar-1080x720.png?resize=1080%2C720&amp;ssl=1 1080w, https:\/\/i0.wp.com\/terjebjornstad.com\/no\/wp-content\/uploads\/2019\/09\/buses-tossa-de-mar-1080x720.png?resize=300%2C200&amp;ssl=1 300w, https:\/\/i0.wp.com\/terjebjornstad.com\/no\/wp-content\/uploads\/2019\/09\/buses-tossa-de-mar-1080x720.png?resize=768%2C512&amp;ssl=1 768w, https:\/\/i0.wp.com\/terjebjornstad.com\/no\/wp-content\/uploads\/2019\/09\/buses-tossa-de-mar-1080x720.png?resize=690%2C460&amp;ssl=1 690w, https:\/\/i0.wp.com\/terjebjornstad.com\/no\/wp-content\/uploads\/2019\/09\/buses-tossa-de-mar-1080x720.png?resize=980%2C653&amp;ssl=1 980w\" sizes=\"auto, (max-width: 980px) 100vw, 980px\" \/><\/a><figcaption id=\"caption-attachment-26359\" class=\"wp-caption-text\">En &laquo;15-vinduer&raquo; blir dirigert inn p\u00e5 plass ved siden av en &laquo;11-vinduer&raquo;.<\/figcaption><\/figure>\n<h3 class=\"tebh2\">Presisjon<\/h3>\n<p>Det var den katalanske feriebyen <a href=\"https:\/\/www.infotossa.com\/en\/\" target=\"_blank\" rel=\"noopener noreferrer\"><strong>Tossa de Mar<\/strong><\/a> som skulle ta i mot hundrevis av folkevogner denne h\u00f8stlige s\u00f8ndagen. Vi ankom byen 10 minutter f\u00f8r arrangementet skulle begynne. Hovedgaten var avstengt, men kunne vi se noen luftavkj\u00f8lte folkevogner? Hvor var de? Hadde vi tatt feil av tiden?<\/p>\n<figure id=\"attachment_26377\" aria-describedby=\"caption-attachment-26377\" style=\"width: 1080px\" class=\"wp-caption aligncenter\"><a href=\"https:\/\/i0.wp.com\/terjebjornstad.com\/no\/wp-content\/uploads\/2019\/09\/tossa-de-mar-11-1080x720.png?ssl=1\"><img data-recalc-dims=\"1\" loading=\"lazy\" decoding=\"async\" data-attachment-id=\"26377\" data-permalink=\"https:\/\/terjebjornstad.com\/no\/2019\/09\/25\/herbie-i-tossa-de-mar\/tossa-de-mar-11-1080x720\/\" data-orig-file=\"https:\/\/i0.wp.com\/terjebjornstad.com\/no\/wp-content\/uploads\/2019\/09\/tossa-de-mar-11-1080x720.png?fit=1080%2C720&amp;ssl=1\" data-orig-size=\"1080,720\" data-comments-opened=\"1\" data-image-meta=\"{&quot;aperture&quot;:&quot;0&quot;,&quot;credit&quot;:&quot;&quot;,&quot;camera&quot;:&quot;&quot;,&quot;caption&quot;:&quot;&quot;,&quot;created_timestamp&quot;:&quot;0&quot;,&quot;copyright&quot;:&quot;&quot;,&quot;focal_length&quot;:&quot;0&quot;,&quot;iso&quot;:&quot;0&quot;,&quot;shutter_speed&quot;:&quot;0&quot;,&quot;title&quot;:&quot;&quot;,&quot;orientation&quot;:&quot;0&quot;}\" data-image-title=\"tossa-de-mar-11-1080&amp;#215;720\" data-image-description=\"\" data-image-caption=\"&lt;p&gt;En lokal politimann forklarer hvor boblene kan kj\u00f8re for \u00e5 komme til utstillingsomr\u00e5det.&lt;\/p&gt;\n\" data-large-file=\"https:\/\/i0.wp.com\/terjebjornstad.com\/no\/wp-content\/uploads\/2019\/09\/tossa-de-mar-11-1080x720.png?fit=980%2C653&amp;ssl=1\" src=\"https:\/\/i0.wp.com\/terjebjornstad.com\/no\/wp-content\/uploads\/2019\/09\/tossa-de-mar-11-1080x720.png?resize=980%2C653&#038;ssl=1\" alt=\"herbie\" width=\"980\" height=\"653\" class=\"size-full wp-image-26377\" srcset=\"https:\/\/i0.wp.com\/terjebjornstad.com\/no\/wp-content\/uploads\/2019\/09\/tossa-de-mar-11-1080x720.png?resize=1080%2C720&amp;ssl=1 1080w, https:\/\/i0.wp.com\/terjebjornstad.com\/no\/wp-content\/uploads\/2019\/09\/tossa-de-mar-11-1080x720.png?resize=300%2C200&amp;ssl=1 300w, https:\/\/i0.wp.com\/terjebjornstad.com\/no\/wp-content\/uploads\/2019\/09\/tossa-de-mar-11-1080x720.png?resize=768%2C512&amp;ssl=1 768w, https:\/\/i0.wp.com\/terjebjornstad.com\/no\/wp-content\/uploads\/2019\/09\/tossa-de-mar-11-1080x720.png?resize=690%2C460&amp;ssl=1 690w, https:\/\/i0.wp.com\/terjebjornstad.com\/no\/wp-content\/uploads\/2019\/09\/tossa-de-mar-11-1080x720.png?resize=980%2C653&amp;ssl=1 980w\" sizes=\"auto, (max-width: 980px) 100vw, 980px\" \/><\/a><figcaption id=\"caption-attachment-26377\" class=\"wp-caption-text\">En lokal politimann forklarer hvor boblene kan kj\u00f8re for \u00e5 komme til utstillingsomr\u00e5det.<\/figcaption><\/figure>\n<p>P\u00e5 leting etter parkeringsplass ble vi st\u00e5ende \u00e5 vente ved en rundkj\u00f8ring. Da kom de &#8211; en hel kolonne med folkevogner og busser fra en campingplass et par kilometer lenger s\u00f8r. P\u00e5 et \u00f8yeblikk ble hovedgaten <em>Avinguda de Catalunya<\/em> fylt opp av <em>bobler<\/em> p\u00e5 ene siden og <em>busser<\/em> og pickup&#8217;er p\u00e5 den andre. Den \u00f8verste del av avenyen var forbeholdt &laquo;drag race&raquo;. Presisjonen skyldtes at byens politi kun tillot stengning av hovedgaten mellom 10.30 og 13.00. Hadde kolonnen kommet tidligere, kunne det blitt trafikkaos.<\/p>\n<p>&nbsp;<\/p>\n<figure id=\"attachment_26362\" aria-describedby=\"caption-attachment-26362\" style=\"width: 1080px\" class=\"wp-caption aligncenter\"><a href=\"https:\/\/i0.wp.com\/terjebjornstad.com\/no\/wp-content\/uploads\/2019\/09\/fuscas-tossa-de-mar-5-1080x1080.png?ssl=1\"><img data-recalc-dims=\"1\" loading=\"lazy\" decoding=\"async\" data-attachment-id=\"26362\" data-permalink=\"https:\/\/terjebjornstad.com\/no\/2019\/09\/25\/herbie-i-tossa-de-mar\/fuscas-tossa-de-mar-5-1080x1080\/\" data-orig-file=\"https:\/\/i0.wp.com\/terjebjornstad.com\/no\/wp-content\/uploads\/2019\/09\/fuscas-tossa-de-mar-5-1080x1080.png?fit=1080%2C1080&amp;ssl=1\" data-orig-size=\"1080,1080\" data-comments-opened=\"1\" data-image-meta=\"{&quot;aperture&quot;:&quot;0&quot;,&quot;credit&quot;:&quot;&quot;,&quot;camera&quot;:&quot;&quot;,&quot;caption&quot;:&quot;&quot;,&quot;created_timestamp&quot;:&quot;0&quot;,&quot;copyright&quot;:&quot;&quot;,&quot;focal_length&quot;:&quot;0&quot;,&quot;iso&quot;:&quot;0&quot;,&quot;shutter_speed&quot;:&quot;0&quot;,&quot;title&quot;:&quot;&quot;,&quot;orientation&quot;:&quot;0&quot;}\" data-image-title=\"fuscas-tossa-de-mar-5-1080&amp;#215;1080\" data-image-description=\"\" data-image-caption=\"&lt;p&gt;Imponerende samling av Folkevogner. Type 1 p\u00e5 ene siden av avenyen &amp;#8211; og Type 2 p\u00e5 den andre.&lt;\/p&gt;\n\" data-large-file=\"https:\/\/i0.wp.com\/terjebjornstad.com\/no\/wp-content\/uploads\/2019\/09\/fuscas-tossa-de-mar-5-1080x1080.png?fit=980%2C980&amp;ssl=1\" src=\"https:\/\/i0.wp.com\/terjebjornstad.com\/no\/wp-content\/uploads\/2019\/09\/fuscas-tossa-de-mar-5-1080x1080.png?resize=980%2C980&#038;ssl=1\" alt=\"tossa aircooled\" width=\"980\" height=\"980\" class=\"size-full wp-image-26362\" srcset=\"https:\/\/i0.wp.com\/terjebjornstad.com\/no\/wp-content\/uploads\/2019\/09\/fuscas-tossa-de-mar-5-1080x1080.png?resize=1080%2C1080&amp;ssl=1 1080w, https:\/\/i0.wp.com\/terjebjornstad.com\/no\/wp-content\/uploads\/2019\/09\/fuscas-tossa-de-mar-5-1080x1080.png?resize=150%2C150&amp;ssl=1 150w, https:\/\/i0.wp.com\/terjebjornstad.com\/no\/wp-content\/uploads\/2019\/09\/fuscas-tossa-de-mar-5-1080x1080.png?resize=300%2C300&amp;ssl=1 300w, https:\/\/i0.wp.com\/terjebjornstad.com\/no\/wp-content\/uploads\/2019\/09\/fuscas-tossa-de-mar-5-1080x1080.png?resize=768%2C768&amp;ssl=1 768w, https:\/\/i0.wp.com\/terjebjornstad.com\/no\/wp-content\/uploads\/2019\/09\/fuscas-tossa-de-mar-5-1080x1080.png?resize=690%2C690&amp;ssl=1 690w, https:\/\/i0.wp.com\/terjebjornstad.com\/no\/wp-content\/uploads\/2019\/09\/fuscas-tossa-de-mar-5-1080x1080.png?resize=980%2C980&amp;ssl=1 980w, https:\/\/i0.wp.com\/terjebjornstad.com\/no\/wp-content\/uploads\/2019\/09\/fuscas-tossa-de-mar-5-1080x1080.png?resize=50%2C50&amp;ssl=1 50w\" sizes=\"auto, (max-width: 980px) 100vw, 980px\" \/><\/a><figcaption id=\"caption-attachment-26362\" class=\"wp-caption-text\">Imponerende samling av Folkevogner. Type 1 p\u00e5 ene siden av avenyen &#8211; og Type 2 p\u00e5 den andre.<\/figcaption><\/figure>\n<h3 class=\"tebh2\">Mange folkevogner i Katalonia<\/h3>\n<p>Katalonia er en landsdel i Spania som blant annet omfatter storbyen Barcelona, samt Tarragona i s\u00f8r og Girona i Nord. P\u00e5 fransk side betegnes store deler av den franske regionen Occitanie som <em>Pays Catalan<\/em>. Katalonia har eget flagg og eget spr\u00e5k. I fjor gjorde spansk Katalonia et fors\u00f8k p\u00e5 \u00e5 l\u00f8srive seg fra Spania. Fors\u00f8ket ble sl\u00e5tt ned med makt. Madrid st\u00f8tter aldri separatister. <\/p>\n<p>P\u00e5 spansk og fransk side befinner det seg omkring 10 millioner mennesker som kaller seg katalanere. Som bilentusiast kan denne folkemengden beskrives ved antall biler som deltok p\u00e5 dette arrangementet. Jeg er sikker p\u00e5 at det ikke p\u00e5 noe tidspunkt ville ha v\u00e6rt mulig \u00e5 samle like mange luftavkj\u00f8lte folkevogner i for eksempel Norge.<\/p>\n<h3 class=\"tebh2\">Bilder<\/h3>\n<p>Alle bilder kan vises i st\u00f8rre skala ved \u00e5 klikke p\u00e5 dem.<\/p>\n<figure id=\"attachment_26360\" aria-describedby=\"caption-attachment-26360\" style=\"width: 1080px\" class=\"wp-caption aligncenter\"><a href=\"https:\/\/i0.wp.com\/terjebjornstad.com\/no\/wp-content\/uploads\/2019\/09\/fuscas-tossa-de-mar-1-1080x720.png?ssl=1\"><img data-recalc-dims=\"1\" loading=\"lazy\" decoding=\"async\" data-attachment-id=\"26360\" data-permalink=\"https:\/\/terjebjornstad.com\/no\/2019\/09\/25\/herbie-i-tossa-de-mar\/fuscas-tossa-de-mar-1-1080x720\/\" data-orig-file=\"https:\/\/i0.wp.com\/terjebjornstad.com\/no\/wp-content\/uploads\/2019\/09\/fuscas-tossa-de-mar-1-1080x720.png?fit=1080%2C720&amp;ssl=1\" data-orig-size=\"1080,720\" data-comments-opened=\"1\" data-image-meta=\"{&quot;aperture&quot;:&quot;0&quot;,&quot;credit&quot;:&quot;&quot;,&quot;camera&quot;:&quot;&quot;,&quot;caption&quot;:&quot;&quot;,&quot;created_timestamp&quot;:&quot;0&quot;,&quot;copyright&quot;:&quot;&quot;,&quot;focal_length&quot;:&quot;0&quot;,&quot;iso&quot;:&quot;0&quot;,&quot;shutter_speed&quot;:&quot;0&quot;,&quot;title&quot;:&quot;&quot;,&quot;orientation&quot;:&quot;0&quot;}\" data-image-title=\"fuscas-tossa-de-mar-1-1080&amp;#215;720\" data-image-description=\"\" data-image-caption=\"&lt;p&gt;Boblene tok seg fint ut i det vakre h\u00f8stv\u00e6ret.&lt;\/p&gt;\n\" data-large-file=\"https:\/\/i0.wp.com\/terjebjornstad.com\/no\/wp-content\/uploads\/2019\/09\/fuscas-tossa-de-mar-1-1080x720.png?fit=980%2C653&amp;ssl=1\" src=\"https:\/\/i0.wp.com\/terjebjornstad.com\/no\/wp-content\/uploads\/2019\/09\/fuscas-tossa-de-mar-1-1080x720.png?resize=980%2C653&#038;ssl=1\" alt=\"tossa aircooled\" width=\"980\" height=\"653\" class=\"size-full wp-image-26360\" srcset=\"https:\/\/i0.wp.com\/terjebjornstad.com\/no\/wp-content\/uploads\/2019\/09\/fuscas-tossa-de-mar-1-1080x720.png?resize=1080%2C720&amp;ssl=1 1080w, https:\/\/i0.wp.com\/terjebjornstad.com\/no\/wp-content\/uploads\/2019\/09\/fuscas-tossa-de-mar-1-1080x720.png?resize=300%2C200&amp;ssl=1 300w, https:\/\/i0.wp.com\/terjebjornstad.com\/no\/wp-content\/uploads\/2019\/09\/fuscas-tossa-de-mar-1-1080x720.png?resize=768%2C512&amp;ssl=1 768w, https:\/\/i0.wp.com\/terjebjornstad.com\/no\/wp-content\/uploads\/2019\/09\/fuscas-tossa-de-mar-1-1080x720.png?resize=690%2C460&amp;ssl=1 690w, https:\/\/i0.wp.com\/terjebjornstad.com\/no\/wp-content\/uploads\/2019\/09\/fuscas-tossa-de-mar-1-1080x720.png?resize=980%2C653&amp;ssl=1 980w\" sizes=\"auto, (max-width: 980px) 100vw, 980px\" \/><\/a><figcaption id=\"caption-attachment-26360\" class=\"wp-caption-text\">Boblene tok seg fint ut i det vakre h\u00f8stv\u00e6ret.<\/figcaption><\/figure>\n<figure id=\"attachment_26361\" aria-describedby=\"caption-attachment-26361\" style=\"width: 686px\" class=\"wp-caption aligncenter\"><a href=\"https:\/\/i0.wp.com\/terjebjornstad.com\/no\/wp-content\/uploads\/2019\/09\/fuscas-tossa-de-mar-3-1080x720.png?ssl=1\"><img data-recalc-dims=\"1\" loading=\"lazy\" decoding=\"async\" data-attachment-id=\"26361\" data-permalink=\"https:\/\/terjebjornstad.com\/no\/2019\/09\/25\/herbie-i-tossa-de-mar\/fuscas-tossa-de-mar-3-1080x720\/\" data-orig-file=\"https:\/\/i0.wp.com\/terjebjornstad.com\/no\/wp-content\/uploads\/2019\/09\/fuscas-tossa-de-mar-3-1080x720.png?fit=686%2C457&amp;ssl=1\" data-orig-size=\"686,457\" data-comments-opened=\"1\" data-image-meta=\"{&quot;aperture&quot;:&quot;0&quot;,&quot;credit&quot;:&quot;&quot;,&quot;camera&quot;:&quot;&quot;,&quot;caption&quot;:&quot;&quot;,&quot;created_timestamp&quot;:&quot;0&quot;,&quot;copyright&quot;:&quot;&quot;,&quot;focal_length&quot;:&quot;0&quot;,&quot;iso&quot;:&quot;0&quot;,&quot;shutter_speed&quot;:&quot;0&quot;,&quot;title&quot;:&quot;&quot;,&quot;orientation&quot;:&quot;0&quot;}\" data-image-title=\"fuscas-tossa-de-mar-3-1080&amp;#215;720\" data-image-description=\"\" data-image-caption=\"&lt;p&gt;Mulighet for \u00e5 m\u00e5le krefter. Det gikk ikke fryktlig fort, men desto mer br\u00e5k.&lt;\/p&gt;\n\" data-large-file=\"https:\/\/i0.wp.com\/terjebjornstad.com\/no\/wp-content\/uploads\/2019\/09\/fuscas-tossa-de-mar-3-1080x720.png?fit=686%2C457&amp;ssl=1\" src=\"https:\/\/i0.wp.com\/terjebjornstad.com\/no\/wp-content\/uploads\/2019\/09\/fuscas-tossa-de-mar-3-1080x720.png?resize=686%2C457&#038;ssl=1\" alt=\"tossa aircooled\" width=\"686\" height=\"457\" class=\"size-full wp-image-26361\" srcset=\"https:\/\/i0.wp.com\/terjebjornstad.com\/no\/wp-content\/uploads\/2019\/09\/fuscas-tossa-de-mar-3-1080x720.png?w=686&amp;ssl=1 686w, https:\/\/i0.wp.com\/terjebjornstad.com\/no\/wp-content\/uploads\/2019\/09\/fuscas-tossa-de-mar-3-1080x720.png?resize=300%2C200&amp;ssl=1 300w\" sizes=\"auto, (max-width: 686px) 100vw, 686px\" \/><\/a><figcaption id=\"caption-attachment-26361\" class=\"wp-caption-text\">Mulighet for \u00e5 m\u00e5le krefter. Det gikk ikke fryktlig fort, men desto mer br\u00e5k.<\/figcaption><\/figure>\n<figure id=\"attachment_26363\" aria-describedby=\"caption-attachment-26363\" style=\"width: 1080px\" class=\"wp-caption aligncenter\"><a href=\"https:\/\/i0.wp.com\/terjebjornstad.com\/no\/wp-content\/uploads\/2019\/09\/fuscas-tossa-de-mar-7-1080x711.png?ssl=1\"><img data-recalc-dims=\"1\" loading=\"lazy\" decoding=\"async\" data-attachment-id=\"26363\" data-permalink=\"https:\/\/terjebjornstad.com\/no\/2019\/09\/25\/herbie-i-tossa-de-mar\/fuscas-tossa-de-mar-7-1080x711\/\" data-orig-file=\"https:\/\/i0.wp.com\/terjebjornstad.com\/no\/wp-content\/uploads\/2019\/09\/fuscas-tossa-de-mar-7-1080x711.png?fit=1080%2C711&amp;ssl=1\" data-orig-size=\"1080,711\" data-comments-opened=\"1\" data-image-meta=\"{&quot;aperture&quot;:&quot;0&quot;,&quot;credit&quot;:&quot;&quot;,&quot;camera&quot;:&quot;&quot;,&quot;caption&quot;:&quot;&quot;,&quot;created_timestamp&quot;:&quot;0&quot;,&quot;copyright&quot;:&quot;&quot;,&quot;focal_length&quot;:&quot;0&quot;,&quot;iso&quot;:&quot;0&quot;,&quot;shutter_speed&quot;:&quot;0&quot;,&quot;title&quot;:&quot;&quot;,&quot;orientation&quot;:&quot;0&quot;}\" data-image-title=\"fuscas-tossa-de-mar-7-1080&amp;#215;711\" data-image-description=\"\" data-image-caption=\"&lt;p&gt;Bobler i alle farger.&lt;\/p&gt;\n\" data-large-file=\"https:\/\/i0.wp.com\/terjebjornstad.com\/no\/wp-content\/uploads\/2019\/09\/fuscas-tossa-de-mar-7-1080x711.png?fit=980%2C645&amp;ssl=1\" src=\"https:\/\/i0.wp.com\/terjebjornstad.com\/no\/wp-content\/uploads\/2019\/09\/fuscas-tossa-de-mar-7-1080x711.png?resize=980%2C645&#038;ssl=1\" alt=\"tossa aircooled\" width=\"980\" height=\"645\" class=\"size-full wp-image-26363\" srcset=\"https:\/\/i0.wp.com\/terjebjornstad.com\/no\/wp-content\/uploads\/2019\/09\/fuscas-tossa-de-mar-7-1080x711.png?resize=1080%2C711&amp;ssl=1 1080w, https:\/\/i0.wp.com\/terjebjornstad.com\/no\/wp-content\/uploads\/2019\/09\/fuscas-tossa-de-mar-7-1080x711.png?resize=300%2C198&amp;ssl=1 300w, https:\/\/i0.wp.com\/terjebjornstad.com\/no\/wp-content\/uploads\/2019\/09\/fuscas-tossa-de-mar-7-1080x711.png?resize=768%2C506&amp;ssl=1 768w, https:\/\/i0.wp.com\/terjebjornstad.com\/no\/wp-content\/uploads\/2019\/09\/fuscas-tossa-de-mar-7-1080x711.png?resize=690%2C454&amp;ssl=1 690w, https:\/\/i0.wp.com\/terjebjornstad.com\/no\/wp-content\/uploads\/2019\/09\/fuscas-tossa-de-mar-7-1080x711.png?resize=980%2C645&amp;ssl=1 980w\" sizes=\"auto, (max-width: 980px) 100vw, 980px\" \/><\/a><figcaption id=\"caption-attachment-26363\" class=\"wp-caption-text\">Bobler i alle farger.<\/figcaption><\/figure>\n<figure id=\"attachment_26367\" aria-describedby=\"caption-attachment-26367\" style=\"width: 1080px\" class=\"wp-caption aligncenter\"><a href=\"https:\/\/i0.wp.com\/terjebjornstad.com\/no\/wp-content\/uploads\/2019\/09\/red-aircooled-1080x720.png?ssl=1\"><img data-recalc-dims=\"1\" loading=\"lazy\" decoding=\"async\" data-attachment-id=\"26367\" data-permalink=\"https:\/\/terjebjornstad.com\/no\/2019\/09\/25\/herbie-i-tossa-de-mar\/red-aircooled-1080x720\/\" data-orig-file=\"https:\/\/i0.wp.com\/terjebjornstad.com\/no\/wp-content\/uploads\/2019\/09\/red-aircooled-1080x720.png?fit=1080%2C720&amp;ssl=1\" data-orig-size=\"1080,720\" data-comments-opened=\"1\" data-image-meta=\"{&quot;aperture&quot;:&quot;0&quot;,&quot;credit&quot;:&quot;&quot;,&quot;camera&quot;:&quot;&quot;,&quot;caption&quot;:&quot;&quot;,&quot;created_timestamp&quot;:&quot;0&quot;,&quot;copyright&quot;:&quot;&quot;,&quot;focal_length&quot;:&quot;0&quot;,&quot;iso&quot;:&quot;0&quot;,&quot;shutter_speed&quot;:&quot;0&quot;,&quot;title&quot;:&quot;&quot;,&quot;orientation&quot;:&quot;0&quot;}\" data-image-title=\"red-aircooled-1080&amp;#215;720\" data-image-description=\"\" data-image-caption=\"&lt;p&gt;Tidlig Porsche og Volkswagen. Man ser famlielikheten klart.&lt;\/p&gt;\n\" data-large-file=\"https:\/\/i0.wp.com\/terjebjornstad.com\/no\/wp-content\/uploads\/2019\/09\/red-aircooled-1080x720.png?fit=980%2C653&amp;ssl=1\" src=\"https:\/\/i0.wp.com\/terjebjornstad.com\/no\/wp-content\/uploads\/2019\/09\/red-aircooled-1080x720.png?resize=980%2C653&#038;ssl=1\" alt=\"tossa aircooled\" width=\"980\" height=\"653\" class=\"size-full wp-image-26367\" srcset=\"https:\/\/i0.wp.com\/terjebjornstad.com\/no\/wp-content\/uploads\/2019\/09\/red-aircooled-1080x720.png?resize=1080%2C720&amp;ssl=1 1080w, https:\/\/i0.wp.com\/terjebjornstad.com\/no\/wp-content\/uploads\/2019\/09\/red-aircooled-1080x720.png?resize=300%2C200&amp;ssl=1 300w, https:\/\/i0.wp.com\/terjebjornstad.com\/no\/wp-content\/uploads\/2019\/09\/red-aircooled-1080x720.png?resize=768%2C512&amp;ssl=1 768w, https:\/\/i0.wp.com\/terjebjornstad.com\/no\/wp-content\/uploads\/2019\/09\/red-aircooled-1080x720.png?resize=690%2C460&amp;ssl=1 690w, https:\/\/i0.wp.com\/terjebjornstad.com\/no\/wp-content\/uploads\/2019\/09\/red-aircooled-1080x720.png?resize=980%2C653&amp;ssl=1 980w\" sizes=\"auto, (max-width: 980px) 100vw, 980px\" \/><\/a><figcaption id=\"caption-attachment-26367\" class=\"wp-caption-text\">Tidlig Porsche og Volkswagen. Man ser famlielikheten klart.<\/figcaption><\/figure>\n<figure id=\"attachment_26369\" aria-describedby=\"caption-attachment-26369\" style=\"width: 1080px\" class=\"wp-caption aligncenter\"><a href=\"https:\/\/i0.wp.com\/terjebjornstad.com\/no\/wp-content\/uploads\/2019\/09\/volkswagen-beetle-oval-1-1080x720.png?ssl=1\"><img data-recalc-dims=\"1\" loading=\"lazy\" decoding=\"async\" data-attachment-id=\"26369\" data-permalink=\"https:\/\/terjebjornstad.com\/no\/2019\/09\/25\/herbie-i-tossa-de-mar\/volkswagen-beetle-oval-1-1080x720\/\" data-orig-file=\"https:\/\/i0.wp.com\/terjebjornstad.com\/no\/wp-content\/uploads\/2019\/09\/volkswagen-beetle-oval-1-1080x720.png?fit=1080%2C720&amp;ssl=1\" data-orig-size=\"1080,720\" data-comments-opened=\"1\" data-image-meta=\"{&quot;aperture&quot;:&quot;0&quot;,&quot;credit&quot;:&quot;&quot;,&quot;camera&quot;:&quot;&quot;,&quot;caption&quot;:&quot;&quot;,&quot;created_timestamp&quot;:&quot;0&quot;,&quot;copyright&quot;:&quot;&quot;,&quot;focal_length&quot;:&quot;0&quot;,&quot;iso&quot;:&quot;0&quot;,&quot;shutter_speed&quot;:&quot;0&quot;,&quot;title&quot;:&quot;&quot;,&quot;orientation&quot;:&quot;0&quot;}\" data-image-title=\"volkswagen-beetle-oval-1-1080&amp;#215;720\" data-image-description=\"\" data-image-caption=\"&lt;p&gt;Volkswagen Oval Window.&lt;\/p&gt;\n\" data-large-file=\"https:\/\/i0.wp.com\/terjebjornstad.com\/no\/wp-content\/uploads\/2019\/09\/volkswagen-beetle-oval-1-1080x720.png?fit=980%2C653&amp;ssl=1\" src=\"https:\/\/i0.wp.com\/terjebjornstad.com\/no\/wp-content\/uploads\/2019\/09\/volkswagen-beetle-oval-1-1080x720.png?resize=980%2C653&#038;ssl=1\" alt=\"vw aircooled\" width=\"980\" height=\"653\" class=\"size-full wp-image-26369\" srcset=\"https:\/\/i0.wp.com\/terjebjornstad.com\/no\/wp-content\/uploads\/2019\/09\/volkswagen-beetle-oval-1-1080x720.png?resize=1080%2C720&amp;ssl=1 1080w, https:\/\/i0.wp.com\/terjebjornstad.com\/no\/wp-content\/uploads\/2019\/09\/volkswagen-beetle-oval-1-1080x720.png?resize=300%2C200&amp;ssl=1 300w, https:\/\/i0.wp.com\/terjebjornstad.com\/no\/wp-content\/uploads\/2019\/09\/volkswagen-beetle-oval-1-1080x720.png?resize=768%2C512&amp;ssl=1 768w, https:\/\/i0.wp.com\/terjebjornstad.com\/no\/wp-content\/uploads\/2019\/09\/volkswagen-beetle-oval-1-1080x720.png?resize=690%2C460&amp;ssl=1 690w, https:\/\/i0.wp.com\/terjebjornstad.com\/no\/wp-content\/uploads\/2019\/09\/volkswagen-beetle-oval-1-1080x720.png?resize=980%2C653&amp;ssl=1 980w\" sizes=\"auto, (max-width: 980px) 100vw, 980px\" \/><\/a><figcaption id=\"caption-attachment-26369\" class=\"wp-caption-text\">Volkswagen Oval Window.<\/figcaption><\/figure>\n<figure id=\"attachment_26372\" aria-describedby=\"caption-attachment-26372\" style=\"width: 1080px\" class=\"wp-caption aligncenter\"><a href=\"https:\/\/i0.wp.com\/terjebjornstad.com\/no\/wp-content\/uploads\/2019\/09\/volkswagen-karmann-ghia-mk1-usfenders-1080x1080.png?ssl=1\"><img data-recalc-dims=\"1\" loading=\"lazy\" decoding=\"async\" data-attachment-id=\"26372\" data-permalink=\"https:\/\/terjebjornstad.com\/no\/2019\/09\/25\/herbie-i-tossa-de-mar\/volkswagen-karmann-ghia-mk1-usfenders-1080x1080\/\" data-orig-file=\"https:\/\/i0.wp.com\/terjebjornstad.com\/no\/wp-content\/uploads\/2019\/09\/volkswagen-karmann-ghia-mk1-usfenders-1080x1080.png?fit=1080%2C1080&amp;ssl=1\" data-orig-size=\"1080,1080\" data-comments-opened=\"1\" data-image-meta=\"{&quot;aperture&quot;:&quot;0&quot;,&quot;credit&quot;:&quot;&quot;,&quot;camera&quot;:&quot;&quot;,&quot;caption&quot;:&quot;&quot;,&quot;created_timestamp&quot;:&quot;0&quot;,&quot;copyright&quot;:&quot;&quot;,&quot;focal_length&quot;:&quot;0&quot;,&quot;iso&quot;:&quot;0&quot;,&quot;shutter_speed&quot;:&quot;0&quot;,&quot;title&quot;:&quot;&quot;,&quot;orientation&quot;:&quot;0&quot;}\" data-image-title=\"volkswagen-karmann-ghia-mk1-usfenders-1080&amp;#215;1080\" data-image-description=\"\" data-image-caption=\"&lt;p&gt;Volkswagen Karmann Ghia&lt;\/p&gt;\n\" data-large-file=\"https:\/\/i0.wp.com\/terjebjornstad.com\/no\/wp-content\/uploads\/2019\/09\/volkswagen-karmann-ghia-mk1-usfenders-1080x1080.png?fit=980%2C980&amp;ssl=1\" src=\"https:\/\/i0.wp.com\/terjebjornstad.com\/no\/wp-content\/uploads\/2019\/09\/volkswagen-karmann-ghia-mk1-usfenders-1080x1080.png?resize=980%2C980&#038;ssl=1\" alt=\"vw aircooled\" width=\"980\" height=\"980\" class=\"size-full wp-image-26372\" srcset=\"https:\/\/i0.wp.com\/terjebjornstad.com\/no\/wp-content\/uploads\/2019\/09\/volkswagen-karmann-ghia-mk1-usfenders-1080x1080.png?resize=1080%2C1080&amp;ssl=1 1080w, https:\/\/i0.wp.com\/terjebjornstad.com\/no\/wp-content\/uploads\/2019\/09\/volkswagen-karmann-ghia-mk1-usfenders-1080x1080.png?resize=150%2C150&amp;ssl=1 150w, https:\/\/i0.wp.com\/terjebjornstad.com\/no\/wp-content\/uploads\/2019\/09\/volkswagen-karmann-ghia-mk1-usfenders-1080x1080.png?resize=300%2C300&amp;ssl=1 300w, https:\/\/i0.wp.com\/terjebjornstad.com\/no\/wp-content\/uploads\/2019\/09\/volkswagen-karmann-ghia-mk1-usfenders-1080x1080.png?resize=768%2C768&amp;ssl=1 768w, https:\/\/i0.wp.com\/terjebjornstad.com\/no\/wp-content\/uploads\/2019\/09\/volkswagen-karmann-ghia-mk1-usfenders-1080x1080.png?resize=690%2C690&amp;ssl=1 690w, https:\/\/i0.wp.com\/terjebjornstad.com\/no\/wp-content\/uploads\/2019\/09\/volkswagen-karmann-ghia-mk1-usfenders-1080x1080.png?resize=980%2C980&amp;ssl=1 980w, https:\/\/i0.wp.com\/terjebjornstad.com\/no\/wp-content\/uploads\/2019\/09\/volkswagen-karmann-ghia-mk1-usfenders-1080x1080.png?resize=50%2C50&amp;ssl=1 50w\" sizes=\"auto, (max-width: 980px) 100vw, 980px\" \/><\/a><figcaption id=\"caption-attachment-26372\" class=\"wp-caption-text\">Volkswagen Karmann Ghia mk1 med store st\u00f8tfangere (1972-).<\/figcaption><\/figure>\n<figure id=\"attachment_26374\" aria-describedby=\"caption-attachment-26374\" style=\"width: 686px\" class=\"wp-caption aligncenter\"><a href=\"https:\/\/i0.wp.com\/terjebjornstad.com\/no\/wp-content\/uploads\/2019\/09\/volkswagen-t2-snapshot-686x686.png?ssl=1\"><img data-recalc-dims=\"1\" loading=\"lazy\" decoding=\"async\" data-attachment-id=\"26374\" data-permalink=\"https:\/\/terjebjornstad.com\/no\/2019\/09\/25\/herbie-i-tossa-de-mar\/volkswagen-t2-snapshot-686x686\/\" data-orig-file=\"https:\/\/i0.wp.com\/terjebjornstad.com\/no\/wp-content\/uploads\/2019\/09\/volkswagen-t2-snapshot-686x686.png?fit=686%2C686&amp;ssl=1\" data-orig-size=\"686,686\" data-comments-opened=\"1\" data-image-meta=\"{&quot;aperture&quot;:&quot;0&quot;,&quot;credit&quot;:&quot;&quot;,&quot;camera&quot;:&quot;&quot;,&quot;caption&quot;:&quot;&quot;,&quot;created_timestamp&quot;:&quot;0&quot;,&quot;copyright&quot;:&quot;&quot;,&quot;focal_length&quot;:&quot;0&quot;,&quot;iso&quot;:&quot;0&quot;,&quot;shutter_speed&quot;:&quot;0&quot;,&quot;title&quot;:&quot;&quot;,&quot;orientation&quot;:&quot;0&quot;}\" data-image-title=\"volkswagen-t2-snapshot-686&amp;#215;686\" data-image-description=\"\" data-image-caption=\"&lt;p&gt;Stemning fra ankomsten. T2 i Harley Davidson-dekor.&lt;\/p&gt;\n\" data-large-file=\"https:\/\/i0.wp.com\/terjebjornstad.com\/no\/wp-content\/uploads\/2019\/09\/volkswagen-t2-snapshot-686x686.png?fit=686%2C686&amp;ssl=1\" src=\"https:\/\/i0.wp.com\/terjebjornstad.com\/no\/wp-content\/uploads\/2019\/09\/volkswagen-t2-snapshot-686x686.png?resize=686%2C686&#038;ssl=1\" alt=\"vw aircooled\" width=\"686\" height=\"686\" class=\"size-full wp-image-26374\" srcset=\"https:\/\/i0.wp.com\/terjebjornstad.com\/no\/wp-content\/uploads\/2019\/09\/volkswagen-t2-snapshot-686x686.png?resize=686%2C686&amp;ssl=1 686w, https:\/\/i0.wp.com\/terjebjornstad.com\/no\/wp-content\/uploads\/2019\/09\/volkswagen-t2-snapshot-686x686.png?resize=150%2C150&amp;ssl=1 150w, https:\/\/i0.wp.com\/terjebjornstad.com\/no\/wp-content\/uploads\/2019\/09\/volkswagen-t2-snapshot-686x686.png?resize=300%2C300&amp;ssl=1 300w, https:\/\/i0.wp.com\/terjebjornstad.com\/no\/wp-content\/uploads\/2019\/09\/volkswagen-t2-snapshot-686x686.png?resize=50%2C50&amp;ssl=1 50w\" sizes=\"auto, (max-width: 686px) 100vw, 686px\" \/><\/a><figcaption id=\"caption-attachment-26374\" class=\"wp-caption-text\">Stemning fra ankomsten. T2 i Harley Davidson-dekor.<\/figcaption><\/figure>\n<figure id=\"attachment_26373\" aria-describedby=\"caption-attachment-26373\" style=\"width: 1080px\" class=\"wp-caption aligncenter\"><a href=\"https:\/\/i0.wp.com\/terjebjornstad.com\/no\/wp-content\/uploads\/2019\/09\/volkswagen-t1-interior-1-1080x720.png?ssl=1\"><img data-recalc-dims=\"1\" loading=\"lazy\" decoding=\"async\" data-attachment-id=\"26373\" data-permalink=\"https:\/\/terjebjornstad.com\/no\/2019\/09\/25\/herbie-i-tossa-de-mar\/volkswagen-t1-interior-1-1080x720\/\" data-orig-file=\"https:\/\/i0.wp.com\/terjebjornstad.com\/no\/wp-content\/uploads\/2019\/09\/volkswagen-t1-interior-1-1080x720.png?fit=1080%2C720&amp;ssl=1\" data-orig-size=\"1080,720\" data-comments-opened=\"1\" data-image-meta=\"{&quot;aperture&quot;:&quot;0&quot;,&quot;credit&quot;:&quot;&quot;,&quot;camera&quot;:&quot;&quot;,&quot;caption&quot;:&quot;&quot;,&quot;created_timestamp&quot;:&quot;0&quot;,&quot;copyright&quot;:&quot;&quot;,&quot;focal_length&quot;:&quot;0&quot;,&quot;iso&quot;:&quot;0&quot;,&quot;shutter_speed&quot;:&quot;0&quot;,&quot;title&quot;:&quot;&quot;,&quot;orientation&quot;:&quot;0&quot;}\" data-image-title=\"volkswagen-t1-interior-1-1080&amp;#215;720\" data-image-description=\"\" data-image-caption=\"&lt;p&gt;Enkel buss-innredning med litt ekstrautstyr.&lt;\/p&gt;\n\" data-large-file=\"https:\/\/i0.wp.com\/terjebjornstad.com\/no\/wp-content\/uploads\/2019\/09\/volkswagen-t1-interior-1-1080x720.png?fit=980%2C653&amp;ssl=1\" src=\"https:\/\/i0.wp.com\/terjebjornstad.com\/no\/wp-content\/uploads\/2019\/09\/volkswagen-t1-interior-1-1080x720.png?resize=980%2C653&#038;ssl=1\" alt=\"vw aircooled\" width=\"980\" height=\"653\" class=\"size-full wp-image-26373\" srcset=\"https:\/\/i0.wp.com\/terjebjornstad.com\/no\/wp-content\/uploads\/2019\/09\/volkswagen-t1-interior-1-1080x720.png?resize=1080%2C720&amp;ssl=1 1080w, https:\/\/i0.wp.com\/terjebjornstad.com\/no\/wp-content\/uploads\/2019\/09\/volkswagen-t1-interior-1-1080x720.png?resize=300%2C200&amp;ssl=1 300w, https:\/\/i0.wp.com\/terjebjornstad.com\/no\/wp-content\/uploads\/2019\/09\/volkswagen-t1-interior-1-1080x720.png?resize=768%2C512&amp;ssl=1 768w, https:\/\/i0.wp.com\/terjebjornstad.com\/no\/wp-content\/uploads\/2019\/09\/volkswagen-t1-interior-1-1080x720.png?resize=690%2C460&amp;ssl=1 690w, https:\/\/i0.wp.com\/terjebjornstad.com\/no\/wp-content\/uploads\/2019\/09\/volkswagen-t1-interior-1-1080x720.png?resize=980%2C653&amp;ssl=1 980w\" sizes=\"auto, (max-width: 980px) 100vw, 980px\" \/><\/a><figcaption id=\"caption-attachment-26373\" class=\"wp-caption-text\">Enkel buss-innredning med litt ekstrautstyr.<\/figcaption><\/figure>\n<figure id=\"attachment_26371\" aria-describedby=\"caption-attachment-26371\" style=\"width: 1080px\" class=\"wp-caption aligncenter\"><a href=\"https:\/\/i0.wp.com\/terjebjornstad.com\/no\/wp-content\/uploads\/2019\/09\/volkswagen-bus-13-win-1080x1080.png?ssl=1\"><img data-recalc-dims=\"1\" loading=\"lazy\" decoding=\"async\" data-attachment-id=\"26371\" data-permalink=\"https:\/\/terjebjornstad.com\/no\/2019\/09\/25\/herbie-i-tossa-de-mar\/volkswagen-bus-13-win-1080x1080\/\" data-orig-file=\"https:\/\/i0.wp.com\/terjebjornstad.com\/no\/wp-content\/uploads\/2019\/09\/volkswagen-bus-13-win-1080x1080.png?fit=1080%2C1080&amp;ssl=1\" data-orig-size=\"1080,1080\" data-comments-opened=\"1\" data-image-meta=\"{&quot;aperture&quot;:&quot;0&quot;,&quot;credit&quot;:&quot;&quot;,&quot;camera&quot;:&quot;&quot;,&quot;caption&quot;:&quot;&quot;,&quot;created_timestamp&quot;:&quot;0&quot;,&quot;copyright&quot;:&quot;&quot;,&quot;focal_length&quot;:&quot;0&quot;,&quot;iso&quot;:&quot;0&quot;,&quot;shutter_speed&quot;:&quot;0&quot;,&quot;title&quot;:&quot;&quot;,&quot;orientation&quot;:&quot;0&quot;}\" data-image-title=\"volkswagen-bus-13-win-1080&amp;#215;1080\" data-image-description=\"\" data-image-caption=\"&lt;p&gt;Flower Power! Volkswagen buss med 15 vinduer (3-delt bakrute). &lt;\/p&gt;\n\" data-large-file=\"https:\/\/i0.wp.com\/terjebjornstad.com\/no\/wp-content\/uploads\/2019\/09\/volkswagen-bus-13-win-1080x1080.png?fit=980%2C980&amp;ssl=1\" src=\"https:\/\/i0.wp.com\/terjebjornstad.com\/no\/wp-content\/uploads\/2019\/09\/volkswagen-bus-13-win-1080x1080.png?resize=980%2C980&#038;ssl=1\" alt=\"vw aircooled\" width=\"980\" height=\"980\" class=\"size-full wp-image-26371\" srcset=\"https:\/\/i0.wp.com\/terjebjornstad.com\/no\/wp-content\/uploads\/2019\/09\/volkswagen-bus-13-win-1080x1080.png?resize=1080%2C1080&amp;ssl=1 1080w, https:\/\/i0.wp.com\/terjebjornstad.com\/no\/wp-content\/uploads\/2019\/09\/volkswagen-bus-13-win-1080x1080.png?resize=150%2C150&amp;ssl=1 150w, https:\/\/i0.wp.com\/terjebjornstad.com\/no\/wp-content\/uploads\/2019\/09\/volkswagen-bus-13-win-1080x1080.png?resize=300%2C300&amp;ssl=1 300w, https:\/\/i0.wp.com\/terjebjornstad.com\/no\/wp-content\/uploads\/2019\/09\/volkswagen-bus-13-win-1080x1080.png?resize=768%2C768&amp;ssl=1 768w, https:\/\/i0.wp.com\/terjebjornstad.com\/no\/wp-content\/uploads\/2019\/09\/volkswagen-bus-13-win-1080x1080.png?resize=690%2C690&amp;ssl=1 690w, https:\/\/i0.wp.com\/terjebjornstad.com\/no\/wp-content\/uploads\/2019\/09\/volkswagen-bus-13-win-1080x1080.png?resize=980%2C980&amp;ssl=1 980w, https:\/\/i0.wp.com\/terjebjornstad.com\/no\/wp-content\/uploads\/2019\/09\/volkswagen-bus-13-win-1080x1080.png?resize=50%2C50&amp;ssl=1 50w\" sizes=\"auto, (max-width: 980px) 100vw, 980px\" \/><\/a><figcaption id=\"caption-attachment-26371\" class=\"wp-caption-text\">Flower Power! Volkswagen buss med 15 vinduer (3-delt bakrute).<\/figcaption><\/figure>\n<figure id=\"attachment_26478\" aria-describedby=\"caption-attachment-26478\" style=\"width: 1080px\" class=\"wp-caption aligncenter\"><a href=\"https:\/\/i0.wp.com\/terjebjornstad.com\/no\/wp-content\/uploads\/2019\/09\/herbie-x-1080x720.png?ssl=1\"><img data-recalc-dims=\"1\" loading=\"lazy\" decoding=\"async\" data-attachment-id=\"26478\" data-permalink=\"https:\/\/terjebjornstad.com\/no\/2019\/09\/25\/herbie-i-tossa-de-mar\/herbie-x-1080x720\/\" data-orig-file=\"https:\/\/i0.wp.com\/terjebjornstad.com\/no\/wp-content\/uploads\/2019\/09\/herbie-x-1080x720.png?fit=1080%2C720&amp;ssl=1\" data-orig-size=\"1080,720\" data-comments-opened=\"1\" data-image-meta=\"{&quot;aperture&quot;:&quot;0&quot;,&quot;credit&quot;:&quot;&quot;,&quot;camera&quot;:&quot;&quot;,&quot;caption&quot;:&quot;&quot;,&quot;created_timestamp&quot;:&quot;0&quot;,&quot;copyright&quot;:&quot;&quot;,&quot;focal_length&quot;:&quot;0&quot;,&quot;iso&quot;:&quot;0&quot;,&quot;shutter_speed&quot;:&quot;0&quot;,&quot;title&quot;:&quot;&quot;,&quot;orientation&quot;:&quot;0&quot;}\" data-image-title=\"herbie-x-1080&amp;#215;720\" data-image-description=\"\" data-image-caption=\"&lt;p&gt;Herbie i Tossa de Mar&lt;\/p&gt;\n\" data-large-file=\"https:\/\/i0.wp.com\/terjebjornstad.com\/no\/wp-content\/uploads\/2019\/09\/herbie-x-1080x720.png?fit=980%2C653&amp;ssl=1\" src=\"https:\/\/i0.wp.com\/terjebjornstad.com\/no\/wp-content\/uploads\/2019\/09\/herbie-x-1080x720.png?resize=980%2C653&#038;ssl=1\" alt=\"\" width=\"980\" height=\"653\" class=\"size-full wp-image-26478\" srcset=\"https:\/\/i0.wp.com\/terjebjornstad.com\/no\/wp-content\/uploads\/2019\/09\/herbie-x-1080x720.png?resize=1080%2C720&amp;ssl=1 1080w, https:\/\/i0.wp.com\/terjebjornstad.com\/no\/wp-content\/uploads\/2019\/09\/herbie-x-1080x720.png?resize=300%2C200&amp;ssl=1 300w, https:\/\/i0.wp.com\/terjebjornstad.com\/no\/wp-content\/uploads\/2019\/09\/herbie-x-1080x720.png?resize=768%2C512&amp;ssl=1 768w, https:\/\/i0.wp.com\/terjebjornstad.com\/no\/wp-content\/uploads\/2019\/09\/herbie-x-1080x720.png?resize=690%2C460&amp;ssl=1 690w, https:\/\/i0.wp.com\/terjebjornstad.com\/no\/wp-content\/uploads\/2019\/09\/herbie-x-1080x720.png?resize=980%2C653&amp;ssl=1 980w\" sizes=\"auto, (max-width: 980px) 100vw, 980px\" \/><\/a><figcaption id=\"caption-attachment-26478\" class=\"wp-caption-text\">Nok en hyllest til Herbie!<\/figcaption><\/figure>\n<p><figure id=\"attachment_26366\" aria-describedby=\"caption-attachment-26366\" style=\"width: 1080px\" class=\"wp-caption aligncenter\"><a href=\"https:\/\/i0.wp.com\/terjebjornstad.com\/no\/wp-content\/uploads\/2019\/09\/karmannghia1-1080x720.png?ssl=1\"><img data-recalc-dims=\"1\" loading=\"lazy\" decoding=\"async\" data-attachment-id=\"26366\" data-permalink=\"https:\/\/terjebjornstad.com\/no\/2019\/09\/25\/herbie-i-tossa-de-mar\/karmannghia1-1080x720\/\" data-orig-file=\"https:\/\/i0.wp.com\/terjebjornstad.com\/no\/wp-content\/uploads\/2019\/09\/karmannghia1-1080x720.png?fit=1080%2C720&amp;ssl=1\" data-orig-size=\"1080,720\" data-comments-opened=\"1\" data-image-meta=\"{&quot;aperture&quot;:&quot;0&quot;,&quot;credit&quot;:&quot;&quot;,&quot;camera&quot;:&quot;&quot;,&quot;caption&quot;:&quot;&quot;,&quot;created_timestamp&quot;:&quot;0&quot;,&quot;copyright&quot;:&quot;&quot;,&quot;focal_length&quot;:&quot;0&quot;,&quot;iso&quot;:&quot;0&quot;,&quot;shutter_speed&quot;:&quot;0&quot;,&quot;title&quot;:&quot;&quot;,&quot;orientation&quot;:&quot;0&quot;}\" data-image-title=\"karmannghia1-1080&amp;#215;720\" data-image-description=\"\" data-image-caption=\"&lt;p&gt;Inngangen til hovedgaten Avinguda de Catalunya som var stengt for anledningen.&lt;\/p&gt;\n\" data-large-file=\"https:\/\/i0.wp.com\/terjebjornstad.com\/no\/wp-content\/uploads\/2019\/09\/karmannghia1-1080x720.png?fit=980%2C653&amp;ssl=1\" src=\"https:\/\/i0.wp.com\/terjebjornstad.com\/no\/wp-content\/uploads\/2019\/09\/karmannghia1-1080x720.png?resize=980%2C653&#038;ssl=1\" alt=\"\" width=\"980\" height=\"653\" class=\"size-full wp-image-26366\" srcset=\"https:\/\/i0.wp.com\/terjebjornstad.com\/no\/wp-content\/uploads\/2019\/09\/karmannghia1-1080x720.png?resize=1080%2C720&amp;ssl=1 1080w, https:\/\/i0.wp.com\/terjebjornstad.com\/no\/wp-content\/uploads\/2019\/09\/karmannghia1-1080x720.png?resize=300%2C200&amp;ssl=1 300w, https:\/\/i0.wp.com\/terjebjornstad.com\/no\/wp-content\/uploads\/2019\/09\/karmannghia1-1080x720.png?resize=768%2C512&amp;ssl=1 768w, https:\/\/i0.wp.com\/terjebjornstad.com\/no\/wp-content\/uploads\/2019\/09\/karmannghia1-1080x720.png?resize=690%2C460&amp;ssl=1 690w, https:\/\/i0.wp.com\/terjebjornstad.com\/no\/wp-content\/uploads\/2019\/09\/karmannghia1-1080x720.png?resize=980%2C653&amp;ssl=1 980w\" sizes=\"auto, (max-width: 980px) 100vw, 980px\" \/><\/a><figcaption id=\"caption-attachment-26366\" class=\"wp-caption-text\">Inngangen til hovedgaten Avinguda de Catalunya som var stengt for anledningen.<\/figcaption><\/figure><\/p>\n<figure id=\"attachment_43368\" aria-describedby=\"caption-attachment-43368\" style=\"width: 1080px\" class=\"wp-caption aligncenter\"><a href=\"https:\/\/i0.wp.com\/terjebjornstad.com\/no\/wp-content\/uploads\/2021\/09\/vw-samba-22-1080x810-1.png?ssl=1\"><img data-recalc-dims=\"1\" loading=\"lazy\" decoding=\"async\" data-attachment-id=\"43368\" data-permalink=\"https:\/\/terjebjornstad.com\/no\/volkswagen-t1-11-windows-bus\/vw-samba-22-1080x810\/\" data-orig-file=\"https:\/\/i0.wp.com\/terjebjornstad.com\/no\/wp-content\/uploads\/2021\/09\/vw-samba-22-1080x810-1.png?fit=1080%2C810&amp;ssl=1\" data-orig-size=\"1080,810\" data-comments-opened=\"1\" data-image-meta=\"{&quot;aperture&quot;:&quot;0&quot;,&quot;credit&quot;:&quot;&quot;,&quot;camera&quot;:&quot;&quot;,&quot;caption&quot;:&quot;&quot;,&quot;created_timestamp&quot;:&quot;0&quot;,&quot;copyright&quot;:&quot;&quot;,&quot;focal_length&quot;:&quot;0&quot;,&quot;iso&quot;:&quot;0&quot;,&quot;shutter_speed&quot;:&quot;0&quot;,&quot;title&quot;:&quot;&quot;,&quot;orientation&quot;:&quot;0&quot;}\" data-image-title=\"vw-samba-22-1080&amp;#215;810\" data-image-description=\"\" data-image-caption=\"&lt;p&gt;Volkswagenbuss &amp;laquo;Samba&amp;raquo; med 21 vinduer&lt;\/p&gt;\n\" data-large-file=\"https:\/\/i0.wp.com\/terjebjornstad.com\/no\/wp-content\/uploads\/2021\/09\/vw-samba-22-1080x810-1.png?fit=980%2C735&amp;ssl=1\" src=\"https:\/\/i0.wp.com\/terjebjornstad.com\/no\/wp-content\/uploads\/2021\/09\/vw-samba-22-1080x810-1.png?resize=980%2C735&#038;ssl=1\" alt=\"\" width=\"980\" height=\"735\" class=\"size-full wp-image-43368\" srcset=\"https:\/\/i0.wp.com\/terjebjornstad.com\/no\/wp-content\/uploads\/2021\/09\/vw-samba-22-1080x810-1.png?w=1080&amp;ssl=1 1080w, https:\/\/i0.wp.com\/terjebjornstad.com\/no\/wp-content\/uploads\/2021\/09\/vw-samba-22-1080x810-1.png?resize=300%2C225&amp;ssl=1 300w, https:\/\/i0.wp.com\/terjebjornstad.com\/no\/wp-content\/uploads\/2021\/09\/vw-samba-22-1080x810-1.png?resize=768%2C576&amp;ssl=1 768w, https:\/\/i0.wp.com\/terjebjornstad.com\/no\/wp-content\/uploads\/2021\/09\/vw-samba-22-1080x810-1.png?resize=690%2C518&amp;ssl=1 690w, https:\/\/i0.wp.com\/terjebjornstad.com\/no\/wp-content\/uploads\/2021\/09\/vw-samba-22-1080x810-1.png?resize=980%2C735&amp;ssl=1 980w\" sizes=\"auto, (max-width: 980px) 100vw, 980px\" \/><\/a><figcaption id=\"caption-attachment-43368\" class=\"wp-caption-text\">Volkswagenbuss &laquo;Samba&raquo; med 21 vinduer<\/figcaption><\/figure>\n<figure id=\"attachment_26365\" aria-describedby=\"caption-attachment-26365\" style=\"width: 1080px\" class=\"wp-caption aligncenter\"><a href=\"https:\/\/i0.wp.com\/terjebjornstad.com\/no\/wp-content\/uploads\/2019\/09\/herbie-2-1080x720.png?ssl=1\"><img data-recalc-dims=\"1\" loading=\"lazy\" decoding=\"async\" data-attachment-id=\"26365\" data-permalink=\"https:\/\/terjebjornstad.com\/no\/volkswagen-t2-westfalia-camper\/herbie-2-1080x720\/\" data-orig-file=\"https:\/\/i0.wp.com\/terjebjornstad.com\/no\/wp-content\/uploads\/2019\/09\/herbie-2-1080x720.png?fit=1080%2C720&amp;ssl=1\" data-orig-size=\"1080,720\" data-comments-opened=\"1\" data-image-meta=\"{&quot;aperture&quot;:&quot;0&quot;,&quot;credit&quot;:&quot;&quot;,&quot;camera&quot;:&quot;&quot;,&quot;caption&quot;:&quot;&quot;,&quot;created_timestamp&quot;:&quot;0&quot;,&quot;copyright&quot;:&quot;&quot;,&quot;focal_length&quot;:&quot;0&quot;,&quot;iso&quot;:&quot;0&quot;,&quot;shutter_speed&quot;:&quot;0&quot;,&quot;title&quot;:&quot;&quot;,&quot;orientation&quot;:&quot;0&quot;}\" data-image-title=\"herbie-2-1080&amp;#215;720\" data-image-description=\"\" data-image-caption=\"&lt;p&gt;Ogs\u00e5 T2 kan Herbie-dekoreres.&lt;\/p&gt;\n\" data-large-file=\"https:\/\/i0.wp.com\/terjebjornstad.com\/no\/wp-content\/uploads\/2019\/09\/herbie-2-1080x720.png?fit=980%2C653&amp;ssl=1\" src=\"https:\/\/i0.wp.com\/terjebjornstad.com\/no\/wp-content\/uploads\/2019\/09\/herbie-2-1080x720.png?resize=980%2C653&#038;ssl=1\" alt=\"\" width=\"980\" height=\"653\" class=\"size-full wp-image-26365\" srcset=\"https:\/\/i0.wp.com\/terjebjornstad.com\/no\/wp-content\/uploads\/2019\/09\/herbie-2-1080x720.png?resize=1080%2C720&amp;ssl=1 1080w, https:\/\/i0.wp.com\/terjebjornstad.com\/no\/wp-content\/uploads\/2019\/09\/herbie-2-1080x720.png?resize=300%2C200&amp;ssl=1 300w, https:\/\/i0.wp.com\/terjebjornstad.com\/no\/wp-content\/uploads\/2019\/09\/herbie-2-1080x720.png?resize=768%2C512&amp;ssl=1 768w, https:\/\/i0.wp.com\/terjebjornstad.com\/no\/wp-content\/uploads\/2019\/09\/herbie-2-1080x720.png?resize=690%2C460&amp;ssl=1 690w, https:\/\/i0.wp.com\/terjebjornstad.com\/no\/wp-content\/uploads\/2019\/09\/herbie-2-1080x720.png?resize=980%2C653&amp;ssl=1 980w\" sizes=\"auto, (max-width: 980px) 100vw, 980px\" \/><\/a><figcaption id=\"caption-attachment-26365\" class=\"wp-caption-text\">Ogs\u00e5 T2 kan Herbie-dekoreres.<\/figcaption><\/figure>\n<p><figure id=\"attachment_26370\" aria-describedby=\"caption-attachment-26370\" style=\"width: 1080px\" class=\"wp-caption aligncenter\"><a href=\"https:\/\/i0.wp.com\/terjebjornstad.com\/no\/wp-content\/uploads\/2019\/09\/volkswagen-beetle-red-26-1080x1080.png?ssl=1\"><img data-recalc-dims=\"1\" loading=\"lazy\" decoding=\"async\" data-attachment-id=\"26370\" data-permalink=\"https:\/\/terjebjornstad.com\/no\/1971-1972-volkswagen-1302\/volkswagen-beetle-red-26-1080x1080\/\" data-orig-file=\"https:\/\/i0.wp.com\/terjebjornstad.com\/no\/wp-content\/uploads\/2019\/09\/volkswagen-beetle-red-26-1080x1080.png?fit=1080%2C1080&amp;ssl=1\" data-orig-size=\"1080,1080\" data-comments-opened=\"1\" data-image-meta=\"{&quot;aperture&quot;:&quot;0&quot;,&quot;credit&quot;:&quot;&quot;,&quot;camera&quot;:&quot;&quot;,&quot;caption&quot;:&quot;&quot;,&quot;created_timestamp&quot;:&quot;0&quot;,&quot;copyright&quot;:&quot;&quot;,&quot;focal_length&quot;:&quot;0&quot;,&quot;iso&quot;:&quot;0&quot;,&quot;shutter_speed&quot;:&quot;0&quot;,&quot;title&quot;:&quot;&quot;,&quot;orientation&quot;:&quot;0&quot;}\" data-image-title=\"volkswagen-beetle&amp;#8211;red-26-1080&amp;#215;1080\" data-image-description=\"\" data-image-caption=\"&lt;p&gt;Lekker r\u00f8d doning.&lt;\/p&gt;\n\" data-large-file=\"https:\/\/i0.wp.com\/terjebjornstad.com\/no\/wp-content\/uploads\/2019\/09\/volkswagen-beetle-red-26-1080x1080.png?fit=980%2C980&amp;ssl=1\" src=\"https:\/\/i0.wp.com\/terjebjornstad.com\/no\/wp-content\/uploads\/2019\/09\/volkswagen-beetle-red-26-1080x1080.png?resize=980%2C980&#038;ssl=1\" alt=\"\" width=\"980\" height=\"980\" class=\"size-full wp-image-26370\" srcset=\"https:\/\/i0.wp.com\/terjebjornstad.com\/no\/wp-content\/uploads\/2019\/09\/volkswagen-beetle-red-26-1080x1080.png?resize=1080%2C1080&amp;ssl=1 1080w, https:\/\/i0.wp.com\/terjebjornstad.com\/no\/wp-content\/uploads\/2019\/09\/volkswagen-beetle-red-26-1080x1080.png?resize=150%2C150&amp;ssl=1 150w, https:\/\/i0.wp.com\/terjebjornstad.com\/no\/wp-content\/uploads\/2019\/09\/volkswagen-beetle-red-26-1080x1080.png?resize=300%2C300&amp;ssl=1 300w, https:\/\/i0.wp.com\/terjebjornstad.com\/no\/wp-content\/uploads\/2019\/09\/volkswagen-beetle-red-26-1080x1080.png?resize=768%2C768&amp;ssl=1 768w, https:\/\/i0.wp.com\/terjebjornstad.com\/no\/wp-content\/uploads\/2019\/09\/volkswagen-beetle-red-26-1080x1080.png?resize=690%2C690&amp;ssl=1 690w, https:\/\/i0.wp.com\/terjebjornstad.com\/no\/wp-content\/uploads\/2019\/09\/volkswagen-beetle-red-26-1080x1080.png?resize=980%2C980&amp;ssl=1 980w, https:\/\/i0.wp.com\/terjebjornstad.com\/no\/wp-content\/uploads\/2019\/09\/volkswagen-beetle-red-26-1080x1080.png?resize=50%2C50&amp;ssl=1 50w\" sizes=\"auto, (max-width: 980px) 100vw, 980px\" \/><\/a><figcaption id=\"caption-attachment-26370\" class=\"wp-caption-text\">Lekker r\u00f8d doning.<\/figcaption><\/figure><\/p>\n<figure id=\"attachment_26375\" aria-describedby=\"caption-attachment-26375\" style=\"width: 686px\" class=\"wp-caption aligncenter\"><a href=\"https:\/\/i0.wp.com\/terjebjornstad.com\/no\/wp-content\/uploads\/2019\/09\/vw-evolution-686x366-.png?ssl=1\"><img data-recalc-dims=\"1\" loading=\"lazy\" decoding=\"async\" data-attachment-id=\"26375\" data-permalink=\"https:\/\/terjebjornstad.com\/no\/2019\/09\/25\/herbie-i-tossa-de-mar\/vw-evolution-686x366\/\" data-orig-file=\"https:\/\/i0.wp.com\/terjebjornstad.com\/no\/wp-content\/uploads\/2019\/09\/vw-evolution-686x366-.png?fit=686%2C366&amp;ssl=1\" data-orig-size=\"686,366\" data-comments-opened=\"1\" data-image-meta=\"{&quot;aperture&quot;:&quot;0&quot;,&quot;credit&quot;:&quot;&quot;,&quot;camera&quot;:&quot;&quot;,&quot;caption&quot;:&quot;&quot;,&quot;created_timestamp&quot;:&quot;0&quot;,&quot;copyright&quot;:&quot;&quot;,&quot;focal_length&quot;:&quot;0&quot;,&quot;iso&quot;:&quot;0&quot;,&quot;shutter_speed&quot;:&quot;0&quot;,&quot;title&quot;:&quot;&quot;,&quot;orientation&quot;:&quot;0&quot;}\" data-image-title=\"vw-evolution-686&amp;#215;366-\" data-image-description=\"\" data-image-caption=\"&lt;p&gt;Den sanne evolusjonsl\u00e6ren .&lt;\/p&gt;\n\" data-large-file=\"https:\/\/i0.wp.com\/terjebjornstad.com\/no\/wp-content\/uploads\/2019\/09\/vw-evolution-686x366-.png?fit=686%2C366&amp;ssl=1\" src=\"https:\/\/i0.wp.com\/terjebjornstad.com\/no\/wp-content\/uploads\/2019\/09\/vw-evolution-686x366-.png?resize=686%2C366&#038;ssl=1\" alt=\"vw aircooled\" width=\"686\" height=\"366\" class=\"size-full wp-image-26375\" srcset=\"https:\/\/i0.wp.com\/terjebjornstad.com\/no\/wp-content\/uploads\/2019\/09\/vw-evolution-686x366-.png?w=686&amp;ssl=1 686w, https:\/\/i0.wp.com\/terjebjornstad.com\/no\/wp-content\/uploads\/2019\/09\/vw-evolution-686x366-.png?resize=300%2C160&amp;ssl=1 300w\" sizes=\"auto, (max-width: 686px) 100vw, 686px\" \/><\/a><figcaption id=\"caption-attachment-26375\" class=\"wp-caption-text\">Den sanne evolusjonsl\u00e6ren .<\/figcaption><\/figure>\n<h3 class=\"tebh2\">Se ogs\u00e5<\/h3>\n<p><figure id=\"attachment_26356\" aria-describedby=\"caption-attachment-26356\" style=\"width: 400px\" class=\"wp-caption alignleft\"><img data-recalc-dims=\"1\" loading=\"lazy\" decoding=\"async\" data-attachment-id=\"26356\" data-permalink=\"https:\/\/terjebjornstad.com\/no\/2019\/09\/25\/herbie-i-tossa-de-mar\/aircooled-t-shirt-400x400\/\" data-orig-file=\"https:\/\/i0.wp.com\/terjebjornstad.com\/no\/wp-content\/uploads\/2019\/09\/aircooled-t-shirt-400x400.png?fit=400%2C400&amp;ssl=1\" data-orig-size=\"400,400\" data-comments-opened=\"1\" data-image-meta=\"{&quot;aperture&quot;:&quot;0&quot;,&quot;credit&quot;:&quot;&quot;,&quot;camera&quot;:&quot;&quot;,&quot;caption&quot;:&quot;&quot;,&quot;created_timestamp&quot;:&quot;0&quot;,&quot;copyright&quot;:&quot;&quot;,&quot;focal_length&quot;:&quot;0&quot;,&quot;iso&quot;:&quot;0&quot;,&quot;shutter_speed&quot;:&quot;0&quot;,&quot;title&quot;:&quot;&quot;,&quot;orientation&quot;:&quot;0&quot;}\" data-image-title=\"aircooled-t-shirt-400&amp;#215;400\" data-image-description=\"\" data-image-caption=\"\" data-large-file=\"https:\/\/i0.wp.com\/terjebjornstad.com\/no\/wp-content\/uploads\/2019\/09\/aircooled-t-shirt-400x400.png?fit=400%2C400&amp;ssl=1\" src=\"https:\/\/i0.wp.com\/terjebjornstad.com\/no\/wp-content\/uploads\/2019\/09\/aircooled-t-shirt-400x400.png?resize=400%2C400&#038;ssl=1\" alt=\"\" width=\"400\" height=\"400\" class=\"size-full wp-image-26356\" srcset=\"https:\/\/i0.wp.com\/terjebjornstad.com\/no\/wp-content\/uploads\/2019\/09\/aircooled-t-shirt-400x400.png?resize=400%2C400&amp;ssl=1 400w, https:\/\/i0.wp.com\/terjebjornstad.com\/no\/wp-content\/uploads\/2019\/09\/aircooled-t-shirt-400x400.png?resize=150%2C150&amp;ssl=1 150w, https:\/\/i0.wp.com\/terjebjornstad.com\/no\/wp-content\/uploads\/2019\/09\/aircooled-t-shirt-400x400.png?resize=300%2C300&amp;ssl=1 300w, https:\/\/i0.wp.com\/terjebjornstad.com\/no\/wp-content\/uploads\/2019\/09\/aircooled-t-shirt-400x400.png?resize=50%2C50&amp;ssl=1 50w\" sizes=\"auto, (max-width: 400px) 100vw, 400px\" \/><figcaption id=\"caption-attachment-26356\" class=\"wp-caption-text\">Korrekt antrukket etter \u00e5 ha v\u00e6rt p\u00e5 Aircooled Tossa de Mar. Legg merke til logoen &laquo;Tossa Aircooled&raquo; med motiv fra Tossa de Mar &#8211; som ligner ikke s\u00e5 lite p\u00e5 Disney-selskapet Buena Vista \ud83d\ude00<\/figcaption><\/figure><figure id=\"attachment_9771\" aria-describedby=\"caption-attachment-9771\" style=\"width: 150px\" class=\"wp-caption alignleft\"><a href=\"https:\/\/terjebjornstad.com\/no\/2017\/03\/29\/bobler-og-busser-pa-volksworld-2017\/\"><img data-recalc-dims=\"1\" loading=\"lazy\" decoding=\"async\" data-attachment-id=\"9771\" data-permalink=\"https:\/\/terjebjornstad.com\/no\/2017\/03\/29\/bobler-og-busser-pa-volksworld-2017\/volksworld-2017-1\/\" data-orig-file=\"https:\/\/i0.wp.com\/terjebjornstad.com\/no\/wp-content\/uploads\/2017\/03\/volksworld-2017-1.png?fit=686%2C457&amp;ssl=1\" data-orig-size=\"686,457\" data-comments-opened=\"1\" data-image-meta=\"{&quot;aperture&quot;:&quot;0&quot;,&quot;credit&quot;:&quot;&quot;,&quot;camera&quot;:&quot;&quot;,&quot;caption&quot;:&quot;&quot;,&quot;created_timestamp&quot;:&quot;0&quot;,&quot;copyright&quot;:&quot;&quot;,&quot;focal_length&quot;:&quot;0&quot;,&quot;iso&quot;:&quot;0&quot;,&quot;shutter_speed&quot;:&quot;0&quot;,&quot;title&quot;:&quot;&quot;,&quot;orientation&quot;:&quot;0&quot;}\" data-image-title=\"volksworld-2017-1\" data-image-description=\"\" data-image-caption=\"&lt;p&gt;VolksWorld Show 2017&lt;\/p&gt;\n\" data-large-file=\"https:\/\/i0.wp.com\/terjebjornstad.com\/no\/wp-content\/uploads\/2017\/03\/volksworld-2017-1.png?fit=686%2C457&amp;ssl=1\" src=\"https:\/\/i0.wp.com\/terjebjornstad.com\/no\/wp-content\/uploads\/2017\/03\/volksworld-2017-1.png?resize=150%2C150&#038;ssl=1\" alt=\"\" width=\"150\" height=\"150\" class=\"size-thumbnail wp-image-9771\" srcset=\"https:\/\/i0.wp.com\/terjebjornstad.com\/no\/wp-content\/uploads\/2017\/03\/volksworld-2017-1.png?resize=150%2C150&amp;ssl=1 150w, https:\/\/i0.wp.com\/terjebjornstad.com\/no\/wp-content\/uploads\/2017\/03\/volksworld-2017-1.png?resize=50%2C50&amp;ssl=1 50w, https:\/\/i0.wp.com\/terjebjornstad.com\/no\/wp-content\/uploads\/2017\/03\/volksworld-2017-1.png?zoom=2&amp;resize=150%2C150&amp;ssl=1 300w, https:\/\/i0.wp.com\/terjebjornstad.com\/no\/wp-content\/uploads\/2017\/03\/volksworld-2017-1.png?zoom=3&amp;resize=150%2C150&amp;ssl=1 450w\" sizes=\"auto, (max-width: 150px) 100vw, 150px\" \/><\/a><figcaption id=\"caption-attachment-9771\" class=\"wp-caption-text\">VolksWorld Show 2017.<\/figcaption><\/figure><figure id=\"attachment_4428\" aria-describedby=\"caption-attachment-4428\" style=\"width: 150px\" class=\"wp-caption alignleft\"><a href=\"https:\/\/terjebjornstad.com\/no\/2017\/03\/29\/bobler-og-busser-pa-volksworld-2017\/\"><img data-recalc-dims=\"1\" loading=\"lazy\" decoding=\"async\" data-attachment-id=\"4428\" data-permalink=\"https:\/\/terjebjornstad.com\/no\/2016\/05\/16\/folkevogn-pa-folkemuseet\/folkemuseet-1\/\" data-orig-file=\"https:\/\/i0.wp.com\/terjebjornstad.com\/no\/wp-content\/uploads\/2016\/05\/folkemuseet-1.png?fit=686%2C457&amp;ssl=1\" data-orig-size=\"686,457\" data-comments-opened=\"1\" data-image-meta=\"{&quot;aperture&quot;:&quot;0&quot;,&quot;credit&quot;:&quot;&quot;,&quot;camera&quot;:&quot;&quot;,&quot;caption&quot;:&quot;&quot;,&quot;created_timestamp&quot;:&quot;0&quot;,&quot;copyright&quot;:&quot;&quot;,&quot;focal_length&quot;:&quot;0&quot;,&quot;iso&quot;:&quot;0&quot;,&quot;shutter_speed&quot;:&quot;0&quot;,&quot;title&quot;:&quot;&quot;,&quot;orientation&quot;:&quot;0&quot;}\" data-image-title=\"folkemuseet-1\" data-image-description=\"\" data-image-caption=\"&lt;p&gt;Folkevogn-samling p\u00e5 Folkemuseet.&lt;\/p&gt;\n\" data-large-file=\"https:\/\/i0.wp.com\/terjebjornstad.com\/no\/wp-content\/uploads\/2016\/05\/folkemuseet-1.png?fit=686%2C457&amp;ssl=1\" src=\"https:\/\/i0.wp.com\/terjebjornstad.com\/no\/wp-content\/uploads\/2016\/05\/folkemuseet-1.png?resize=150%2C150&#038;ssl=1\" alt=\"\" width=\"150\" height=\"150\" class=\"size-thumbnail wp-image-4428\" srcset=\"https:\/\/i0.wp.com\/terjebjornstad.com\/no\/wp-content\/uploads\/2016\/05\/folkemuseet-1.png?resize=150%2C150&amp;ssl=1 150w, https:\/\/i0.wp.com\/terjebjornstad.com\/no\/wp-content\/uploads\/2016\/05\/folkemuseet-1.png?resize=50%2C50&amp;ssl=1 50w, https:\/\/i0.wp.com\/terjebjornstad.com\/no\/wp-content\/uploads\/2016\/05\/folkemuseet-1.png?zoom=2&amp;resize=150%2C150&amp;ssl=1 300w, https:\/\/i0.wp.com\/terjebjornstad.com\/no\/wp-content\/uploads\/2016\/05\/folkemuseet-1.png?zoom=3&amp;resize=150%2C150&amp;ssl=1 450w\" sizes=\"auto, (max-width: 150px) 100vw, 150px\" \/><\/a><figcaption id=\"caption-attachment-4428\" class=\"wp-caption-text\">Folkevogn-samling p\u00e5 Folkemuseet.<\/figcaption><\/figure><br \/>\n\n<\/div>\n","protected":false,"gt_translate_keys":[{"key":"rendered","format":"html"}]},"excerpt":{"rendered":"<p>P\u00e5 sin 26. \u00e5rlige samling av luftavkj\u00f8lte folkevogner benyttet arrang\u00f8ren, Amics del Volkswagen de Catalunya, anledningen til \u00e5 feire Herbie. I \u00e5r er det 50 \u00e5r siden den f\u00f8rste gang ble vist p\u00e5 Katalanske kinoer. Filmen om den den sjarmerende og egenr\u00e5dige bobla hadde premiere i 1968, men kom ikke til katalanske kinoer f\u00f8r 17. [&hellip;]<\/p>\n","protected":false,"gt_translate_keys":[{"key":"rendered","format":"html"}]},"author":1,"featured_media":26364,"comment_status":"open","ping_status":"open","sticky":false,"template":"","format":"standard","meta":{"_monsterinsights_skip_tracking":false,"_monsterinsights_sitenote_active":false,"_monsterinsights_sitenote_note":"","_monsterinsights_sitenote_category":0,"jetpack_post_was_ever_published":false,"_jetpack_newsletter_access":"","_jetpack_dont_email_post_to_subs":false,"_jetpack_newsletter_tier_id":0,"_jetpack_memberships_contains_paywalled_content":false,"_jetpack_memberships_contains_paid_content":false,"footnotes":"","jetpack_publicize_message":"","jetpack_publicize_feature_enabled":true,"jetpack_social_post_already_shared":true,"jetpack_social_options":{"image_generator_settings":{"template":"highway","default_image_id":0,"font":"","enabled":false},"version":2}},"categories":[2493,34,38],"tags":[2499,1186,3789,3790,2501,2516,2515,1192,2496,2502],"class_list":["post-26378","post","type-post","status-publish","format-standard","has-post-thumbnail","hentry","category-aircooled","category-artikkel","category-volkswagen","tag-biltreff-costa-brava","tag-folkevognbuss","tag-folkevogner","tag-folkevogntreff","tag-herbie","tag-herbie-the-love-bug","tag-pa-to-hjul-i-svingen","tag-samba","tag-tossa-aircooled","tag-vw-herbie"],"yoast_head":"<!-- This site is optimized with the Yoast SEO plugin v27.5 - https:\/\/yoast.com\/product\/yoast-seo-wordpress\/ -->\n<title>Herbie i Tossa de Mar - Terjes biler<\/title>\n<meta name=\"description\" content=\"50 \u00e5r etter at Herbie ble vist p\u00e5 katalanske kinoer, feires den sjaremerende og egenr\u00e5dige folkevognen i Tossa de Mar i vakre Costa Brava.\" \/>\n<meta name=\"robots\" content=\"index, follow, max-snippet:-1, max-image-preview:large, max-video-preview:-1\" \/>\n<link rel=\"canonical\" href=\"https:\/\/terjebjornstad.com\/no\/2019\/09\/25\/herbie-i-tossa-de-mar\/\" \/>\n<meta property=\"og:locale\" content=\"nb_NO\" \/>\n<meta property=\"og:type\" content=\"article\" \/>\n<meta property=\"og:title\" content=\"Herbie i Tossa de Mar - Terjes biler\" \/>\n<meta property=\"og:description\" content=\"50 \u00e5r etter at Herbie ble vist p\u00e5 katalanske kinoer, feires den sjaremerende og egenr\u00e5dige folkevognen i Tossa de Mar i vakre Costa Brava.\" \/>\n<meta property=\"og:url\" content=\"https:\/\/terjebjornstad.com\/no\/2019\/09\/25\/herbie-i-tossa-de-mar\/\" \/>\n<meta property=\"og:site_name\" content=\"Terjes biler\" \/>\n<meta property=\"article:publisher\" content=\"https:\/\/www.facebook.com\/terjesbiler\/\" \/>\n<meta property=\"article:author\" content=\"https:\/\/www.facebook.com\/terjesbiler\" \/>\n<meta property=\"article:published_time\" content=\"2019-09-25T09:22:36+00:00\" \/>\n<meta property=\"article:modified_time\" content=\"2026-03-02T15:08:34+00:00\" \/>\n<meta property=\"og:image\" content=\"https:\/\/terjebjornstad.com\/no\/wp-content\/uploads\/2019\/09\/herbie-1-1080x720.png\" \/>\n\t<meta property=\"og:image:width\" content=\"1080\" \/>\n\t<meta property=\"og:image:height\" content=\"720\" \/>\n\t<meta property=\"og:image:type\" content=\"image\/png\" \/>\n<meta name=\"author\" content=\"Terje Bj\u00f8rnstad\" \/>\n<meta name=\"twitter:card\" content=\"summary_large_image\" \/>\n<meta name=\"twitter:label1\" content=\"Skrevet av\" \/>\n\t<meta name=\"twitter:data1\" content=\"Terje Bj\u00f8rnstad\" \/>\n\t<meta name=\"twitter:label2\" content=\"Ansl. lesetid\" \/>\n\t<meta name=\"twitter:data2\" content=\"9 minutter\" \/>\n<script type=\"application\/ld+json\" class=\"yoast-schema-graph\">{\"@context\":\"https:\\\/\\\/schema.org\",\"@graph\":[{\"@type\":\"Article\",\"@id\":\"https:\\\/\\\/terjebjornstad.com\\\/no\\\/2019\\\/09\\\/25\\\/herbie-i-tossa-de-mar\\\/#article\",\"isPartOf\":{\"@id\":\"https:\\\/\\\/terjebjornstad.com\\\/no\\\/2019\\\/09\\\/25\\\/herbie-i-tossa-de-mar\\\/\"},\"author\":{\"name\":\"Terje Bj\u00f8rnstad\",\"@id\":\"https:\\\/\\\/terjebjornstad.com\\\/no\\\/#\\\/schema\\\/person\\\/a281f6a6e0f3cc9fe468e7f0c655aa65\"},\"headline\":\"Herbie i Tossa de Mar\",\"datePublished\":\"2019-09-25T09:22:36+00:00\",\"dateModified\":\"2026-03-02T15:08:34+00:00\",\"mainEntityOfPage\":{\"@id\":\"https:\\\/\\\/terjebjornstad.com\\\/no\\\/2019\\\/09\\\/25\\\/herbie-i-tossa-de-mar\\\/\"},\"wordCount\":798,\"commentCount\":0,\"publisher\":{\"@id\":\"https:\\\/\\\/terjebjornstad.com\\\/no\\\/#organization\"},\"image\":{\"@id\":\"https:\\\/\\\/terjebjornstad.com\\\/no\\\/2019\\\/09\\\/25\\\/herbie-i-tossa-de-mar\\\/#primaryimage\"},\"thumbnailUrl\":\"https:\\\/\\\/i0.wp.com\\\/terjebjornstad.com\\\/no\\\/wp-content\\\/uploads\\\/2019\\\/09\\\/herbie-1-1080x720.png?fit=1080%2C720&ssl=1\",\"keywords\":[\"Biltreff Costa Brava\",\"folkevognbuss\",\"folkevogner\",\"folkevogntreff\",\"herbie\",\"herbie the love bug\",\"p\u00e5 to hjul i svingen\",\"samba\",\"Tossa Aircooled\",\"vw herbie\"],\"articleSection\":[\"Aircooled\",\"Artikkel\",\"Volkswagen\"],\"inLanguage\":\"nb-NO\",\"potentialAction\":[{\"@type\":\"CommentAction\",\"name\":\"Comment\",\"target\":[\"https:\\\/\\\/terjebjornstad.com\\\/no\\\/2019\\\/09\\\/25\\\/herbie-i-tossa-de-mar\\\/#respond\"]}]},{\"@type\":\"WebPage\",\"@id\":\"https:\\\/\\\/terjebjornstad.com\\\/no\\\/2019\\\/09\\\/25\\\/herbie-i-tossa-de-mar\\\/\",\"url\":\"https:\\\/\\\/terjebjornstad.com\\\/no\\\/2019\\\/09\\\/25\\\/herbie-i-tossa-de-mar\\\/\",\"name\":\"Herbie i Tossa de Mar - Terjes biler\",\"isPartOf\":{\"@id\":\"https:\\\/\\\/terjebjornstad.com\\\/no\\\/#website\"},\"primaryImageOfPage\":{\"@id\":\"https:\\\/\\\/terjebjornstad.com\\\/no\\\/2019\\\/09\\\/25\\\/herbie-i-tossa-de-mar\\\/#primaryimage\"},\"image\":{\"@id\":\"https:\\\/\\\/terjebjornstad.com\\\/no\\\/2019\\\/09\\\/25\\\/herbie-i-tossa-de-mar\\\/#primaryimage\"},\"thumbnailUrl\":\"https:\\\/\\\/i0.wp.com\\\/terjebjornstad.com\\\/no\\\/wp-content\\\/uploads\\\/2019\\\/09\\\/herbie-1-1080x720.png?fit=1080%2C720&ssl=1\",\"datePublished\":\"2019-09-25T09:22:36+00:00\",\"dateModified\":\"2026-03-02T15:08:34+00:00\",\"description\":\"50 \u00e5r etter at Herbie ble vist p\u00e5 katalanske kinoer, feires den sjaremerende og egenr\u00e5dige folkevognen i Tossa de Mar i vakre Costa Brava.\",\"breadcrumb\":{\"@id\":\"https:\\\/\\\/terjebjornstad.com\\\/no\\\/2019\\\/09\\\/25\\\/herbie-i-tossa-de-mar\\\/#breadcrumb\"},\"inLanguage\":\"nb-NO\",\"potentialAction\":[{\"@type\":\"ReadAction\",\"target\":[\"https:\\\/\\\/terjebjornstad.com\\\/no\\\/2019\\\/09\\\/25\\\/herbie-i-tossa-de-mar\\\/\"]}]},{\"@type\":\"ImageObject\",\"inLanguage\":\"nb-NO\",\"@id\":\"https:\\\/\\\/terjebjornstad.com\\\/no\\\/2019\\\/09\\\/25\\\/herbie-i-tossa-de-mar\\\/#primaryimage\",\"url\":\"https:\\\/\\\/i0.wp.com\\\/terjebjornstad.com\\\/no\\\/wp-content\\\/uploads\\\/2019\\\/09\\\/herbie-1-1080x720.png?fit=1080%2C720&ssl=1\",\"contentUrl\":\"https:\\\/\\\/i0.wp.com\\\/terjebjornstad.com\\\/no\\\/wp-content\\\/uploads\\\/2019\\\/09\\\/herbie-1-1080x720.png?fit=1080%2C720&ssl=1\",\"width\":1080,\"height\":720,\"caption\":\"Til \u00e6re for \\\"Herbie\\\" som feirer 50 \u00e5r.\"},{\"@type\":\"BreadcrumbList\",\"@id\":\"https:\\\/\\\/terjebjornstad.com\\\/no\\\/2019\\\/09\\\/25\\\/herbie-i-tossa-de-mar\\\/#breadcrumb\",\"itemListElement\":[{\"@type\":\"ListItem\",\"position\":1,\"name\":\"Hjem\",\"item\":\"https:\\\/\\\/terjebjornstad.com\\\/no\\\/\"},{\"@type\":\"ListItem\",\"position\":2,\"name\":\"Herbie i Tossa de Mar\"}]},{\"@type\":\"WebSite\",\"@id\":\"https:\\\/\\\/terjebjornstad.com\\\/no\\\/#website\",\"url\":\"https:\\\/\\\/terjebjornstad.com\\\/no\\\/\",\"name\":\"Terjes biler\",\"description\":\"HONEST ABOUT CARS\",\"publisher\":{\"@id\":\"https:\\\/\\\/terjebjornstad.com\\\/no\\\/#organization\"},\"alternateName\":\"Terjebjornstad.com\",\"potentialAction\":[{\"@type\":\"SearchAction\",\"target\":{\"@type\":\"EntryPoint\",\"urlTemplate\":\"https:\\\/\\\/terjebjornstad.com\\\/no\\\/?s={search_term_string}\"},\"query-input\":{\"@type\":\"PropertyValueSpecification\",\"valueRequired\":true,\"valueName\":\"search_term_string\"}}],\"inLanguage\":\"nb-NO\"},{\"@type\":\"Organization\",\"@id\":\"https:\\\/\\\/terjebjornstad.com\\\/no\\\/#organization\",\"name\":\"Terje Bj\u00f8rnstad ENK\",\"url\":\"https:\\\/\\\/terjebjornstad.com\\\/no\\\/\",\"logo\":{\"@type\":\"ImageObject\",\"inLanguage\":\"nb-NO\",\"@id\":\"https:\\\/\\\/terjebjornstad.com\\\/no\\\/#\\\/schema\\\/logo\\\/image\\\/\",\"url\":\"https:\\\/\\\/i0.wp.com\\\/terjebjornstad.com\\\/no\\\/wp-content\\\/uploads\\\/2026\\\/02\\\/terjesbiler2024-960x354-1.png?fit=960%2C354&ssl=1\",\"contentUrl\":\"https:\\\/\\\/i0.wp.com\\\/terjebjornstad.com\\\/no\\\/wp-content\\\/uploads\\\/2026\\\/02\\\/terjesbiler2024-960x354-1.png?fit=960%2C354&ssl=1\",\"width\":960,\"height\":354,\"caption\":\"Terje Bj\u00f8rnstad ENK\"},\"image\":{\"@id\":\"https:\\\/\\\/terjebjornstad.com\\\/no\\\/#\\\/schema\\\/logo\\\/image\\\/\"},\"sameAs\":[\"https:\\\/\\\/www.facebook.com\\\/terjesbiler\\\/\",\"https:\\\/\\\/www.instagram.com\\\/terjesbiler\\\/\",\"https:\\\/\\\/www.pinteres.com\\\/terjebjrnstad\\\/terjes-biler\\\/\"]},{\"@type\":\"Person\",\"@id\":\"https:\\\/\\\/terjebjornstad.com\\\/no\\\/#\\\/schema\\\/person\\\/a281f6a6e0f3cc9fe468e7f0c655aa65\",\"name\":\"Terje Bj\u00f8rnstad\",\"image\":{\"@type\":\"ImageObject\",\"inLanguage\":\"nb-NO\",\"@id\":\"https:\\\/\\\/secure.gravatar.com\\\/avatar\\\/e8dff505b51cf6cb67ae06a06022d2049aac2da1e79dc146a36b58798c4b40ea?s=96&d=mm&r=g\",\"url\":\"https:\\\/\\\/secure.gravatar.com\\\/avatar\\\/e8dff505b51cf6cb67ae06a06022d2049aac2da1e79dc146a36b58798c4b40ea?s=96&d=mm&r=g\",\"contentUrl\":\"https:\\\/\\\/secure.gravatar.com\\\/avatar\\\/e8dff505b51cf6cb67ae06a06022d2049aac2da1e79dc146a36b58798c4b40ea?s=96&d=mm&r=g\",\"caption\":\"Terje Bj\u00f8rnstad\"},\"description\":\"Terje Bj\u00f8rnstad. Bloggadministrator, hobbyfotograf og bilnerd.\",\"sameAs\":[\"https:\\\/\\\/www.facebook.com\\\/terjesbiler\",\"https:\\\/\\\/www.instagram.com\\\/terjesbiler\",\"https:\\\/\\\/no.pinterest.com\\\/terjebjrnstad\",\"https:\\\/\\\/www.youtube.com\\\/channel\\\/UCzCKJJDybyIgKqatc_JQqIg\"]}]}<\/script>\n<!-- \/ Yoast SEO plugin. -->","yoast_head_json":{"title":"Herbie i Tossa de Mar - Terjes biler","description":"50 \u00e5r etter at Herbie ble vist p\u00e5 katalanske kinoer, feires den sjaremerende og egenr\u00e5dige folkevognen i Tossa de Mar i vakre Costa Brava.","robots":{"index":"index","follow":"follow","max-snippet":"max-snippet:-1","max-image-preview":"max-image-preview:large","max-video-preview":"max-video-preview:-1"},"canonical":"https:\/\/terjebjornstad.com\/no\/2019\/09\/25\/herbie-i-tossa-de-mar\/","og_locale":"nb_NO","og_type":"article","og_title":"Herbie i Tossa de Mar - Terjes biler","og_description":"50 \u00e5r etter at Herbie ble vist p\u00e5 katalanske kinoer, feires den sjaremerende og egenr\u00e5dige folkevognen i Tossa de Mar i vakre Costa Brava.","og_url":"https:\/\/terjebjornstad.com\/no\/2019\/09\/25\/herbie-i-tossa-de-mar\/","og_site_name":"Terjes biler","article_publisher":"https:\/\/www.facebook.com\/terjesbiler\/","article_author":"https:\/\/www.facebook.com\/terjesbiler","article_published_time":"2019-09-25T09:22:36+00:00","article_modified_time":"2026-03-02T15:08:34+00:00","og_image":[{"width":1080,"height":720,"url":"https:\/\/terjebjornstad.com\/no\/wp-content\/uploads\/2019\/09\/herbie-1-1080x720.png","type":"image\/png"}],"author":"Terje Bj\u00f8rnstad","twitter_card":"summary_large_image","twitter_misc":{"Skrevet av":"Terje Bj\u00f8rnstad","Ansl. lesetid":"9 minutter"},"schema":{"@context":"https:\/\/schema.org","@graph":[{"@type":"Article","@id":"https:\/\/terjebjornstad.com\/no\/2019\/09\/25\/herbie-i-tossa-de-mar\/#article","isPartOf":{"@id":"https:\/\/terjebjornstad.com\/no\/2019\/09\/25\/herbie-i-tossa-de-mar\/"},"author":{"name":"Terje Bj\u00f8rnstad","@id":"https:\/\/terjebjornstad.com\/no\/#\/schema\/person\/a281f6a6e0f3cc9fe468e7f0c655aa65"},"headline":"Herbie i Tossa de Mar","datePublished":"2019-09-25T09:22:36+00:00","dateModified":"2026-03-02T15:08:34+00:00","mainEntityOfPage":{"@id":"https:\/\/terjebjornstad.com\/no\/2019\/09\/25\/herbie-i-tossa-de-mar\/"},"wordCount":798,"commentCount":0,"publisher":{"@id":"https:\/\/terjebjornstad.com\/no\/#organization"},"image":{"@id":"https:\/\/terjebjornstad.com\/no\/2019\/09\/25\/herbie-i-tossa-de-mar\/#primaryimage"},"thumbnailUrl":"https:\/\/i0.wp.com\/terjebjornstad.com\/no\/wp-content\/uploads\/2019\/09\/herbie-1-1080x720.png?fit=1080%2C720&ssl=1","keywords":["Biltreff Costa Brava","folkevognbuss","folkevogner","folkevogntreff","herbie","herbie the love bug","p\u00e5 to hjul i svingen","samba","Tossa Aircooled","vw herbie"],"articleSection":["Aircooled","Artikkel","Volkswagen"],"inLanguage":"nb-NO","potentialAction":[{"@type":"CommentAction","name":"Comment","target":["https:\/\/terjebjornstad.com\/no\/2019\/09\/25\/herbie-i-tossa-de-mar\/#respond"]}]},{"@type":"WebPage","@id":"https:\/\/terjebjornstad.com\/no\/2019\/09\/25\/herbie-i-tossa-de-mar\/","url":"https:\/\/terjebjornstad.com\/no\/2019\/09\/25\/herbie-i-tossa-de-mar\/","name":"Herbie i Tossa de Mar - Terjes biler","isPartOf":{"@id":"https:\/\/terjebjornstad.com\/no\/#website"},"primaryImageOfPage":{"@id":"https:\/\/terjebjornstad.com\/no\/2019\/09\/25\/herbie-i-tossa-de-mar\/#primaryimage"},"image":{"@id":"https:\/\/terjebjornstad.com\/no\/2019\/09\/25\/herbie-i-tossa-de-mar\/#primaryimage"},"thumbnailUrl":"https:\/\/i0.wp.com\/terjebjornstad.com\/no\/wp-content\/uploads\/2019\/09\/herbie-1-1080x720.png?fit=1080%2C720&ssl=1","datePublished":"2019-09-25T09:22:36+00:00","dateModified":"2026-03-02T15:08:34+00:00","description":"50 \u00e5r etter at Herbie ble vist p\u00e5 katalanske kinoer, feires den sjaremerende og egenr\u00e5dige folkevognen i Tossa de Mar i vakre Costa Brava.","breadcrumb":{"@id":"https:\/\/terjebjornstad.com\/no\/2019\/09\/25\/herbie-i-tossa-de-mar\/#breadcrumb"},"inLanguage":"nb-NO","potentialAction":[{"@type":"ReadAction","target":["https:\/\/terjebjornstad.com\/no\/2019\/09\/25\/herbie-i-tossa-de-mar\/"]}]},{"@type":"ImageObject","inLanguage":"nb-NO","@id":"https:\/\/terjebjornstad.com\/no\/2019\/09\/25\/herbie-i-tossa-de-mar\/#primaryimage","url":"https:\/\/i0.wp.com\/terjebjornstad.com\/no\/wp-content\/uploads\/2019\/09\/herbie-1-1080x720.png?fit=1080%2C720&ssl=1","contentUrl":"https:\/\/i0.wp.com\/terjebjornstad.com\/no\/wp-content\/uploads\/2019\/09\/herbie-1-1080x720.png?fit=1080%2C720&ssl=1","width":1080,"height":720,"caption":"Til \u00e6re for \"Herbie\" som feirer 50 \u00e5r."},{"@type":"BreadcrumbList","@id":"https:\/\/terjebjornstad.com\/no\/2019\/09\/25\/herbie-i-tossa-de-mar\/#breadcrumb","itemListElement":[{"@type":"ListItem","position":1,"name":"Hjem","item":"https:\/\/terjebjornstad.com\/no\/"},{"@type":"ListItem","position":2,"name":"Herbie i Tossa de Mar"}]},{"@type":"WebSite","@id":"https:\/\/terjebjornstad.com\/no\/#website","url":"https:\/\/terjebjornstad.com\/no\/","name":"Terjes biler","description":"HONEST ABOUT CARS","publisher":{"@id":"https:\/\/terjebjornstad.com\/no\/#organization"},"alternateName":"Terjebjornstad.com","potentialAction":[{"@type":"SearchAction","target":{"@type":"EntryPoint","urlTemplate":"https:\/\/terjebjornstad.com\/no\/?s={search_term_string}"},"query-input":{"@type":"PropertyValueSpecification","valueRequired":true,"valueName":"search_term_string"}}],"inLanguage":"nb-NO"},{"@type":"Organization","@id":"https:\/\/terjebjornstad.com\/no\/#organization","name":"Terje Bj\u00f8rnstad ENK","url":"https:\/\/terjebjornstad.com\/no\/","logo":{"@type":"ImageObject","inLanguage":"nb-NO","@id":"https:\/\/terjebjornstad.com\/no\/#\/schema\/logo\/image\/","url":"https:\/\/i0.wp.com\/terjebjornstad.com\/no\/wp-content\/uploads\/2026\/02\/terjesbiler2024-960x354-1.png?fit=960%2C354&ssl=1","contentUrl":"https:\/\/i0.wp.com\/terjebjornstad.com\/no\/wp-content\/uploads\/2026\/02\/terjesbiler2024-960x354-1.png?fit=960%2C354&ssl=1","width":960,"height":354,"caption":"Terje Bj\u00f8rnstad ENK"},"image":{"@id":"https:\/\/terjebjornstad.com\/no\/#\/schema\/logo\/image\/"},"sameAs":["https:\/\/www.facebook.com\/terjesbiler\/","https:\/\/www.instagram.com\/terjesbiler\/","https:\/\/www.pinteres.com\/terjebjrnstad\/terjes-biler\/"]},{"@type":"Person","@id":"https:\/\/terjebjornstad.com\/no\/#\/schema\/person\/a281f6a6e0f3cc9fe468e7f0c655aa65","name":"Terje Bj\u00f8rnstad","image":{"@type":"ImageObject","inLanguage":"nb-NO","@id":"https:\/\/secure.gravatar.com\/avatar\/e8dff505b51cf6cb67ae06a06022d2049aac2da1e79dc146a36b58798c4b40ea?s=96&d=mm&r=g","url":"https:\/\/secure.gravatar.com\/avatar\/e8dff505b51cf6cb67ae06a06022d2049aac2da1e79dc146a36b58798c4b40ea?s=96&d=mm&r=g","contentUrl":"https:\/\/secure.gravatar.com\/avatar\/e8dff505b51cf6cb67ae06a06022d2049aac2da1e79dc146a36b58798c4b40ea?s=96&d=mm&r=g","caption":"Terje Bj\u00f8rnstad"},"description":"Terje Bj\u00f8rnstad. Bloggadministrator, hobbyfotograf og bilnerd.","sameAs":["https:\/\/www.facebook.com\/terjesbiler","https:\/\/www.instagram.com\/terjesbiler","https:\/\/no.pinterest.com\/terjebjrnstad","https:\/\/www.youtube.com\/channel\/UCzCKJJDybyIgKqatc_JQqIg"]}]}},"jetpack_publicize_connections":[],"jetpack_featured_media_url":"https:\/\/i0.wp.com\/terjebjornstad.com\/no\/wp-content\/uploads\/2019\/09\/herbie-1-1080x720.png?fit=1080%2C720&ssl=1","jetpack_sharing_enabled":true,"jetpack_shortlink":"https:\/\/wp.me\/p48zYA-6Rs","jetpack-related-posts":[{"id":47321,"url":"https:\/\/terjebjornstad.com\/no\/2022\/03\/14\/volkswagen-type-1\/","url_meta":{"origin":26378,"position":0},"title":"Volkswagen &#8211; tysk kvalitet som ble en salgssuksess over hele verden","author":"Anders de Lange","date":"14\/03\/2022","format":false,"excerpt":"Historien g\u00e5r s\u00e5 langt tilbake som til 1931. Det \u00e5ret startet Ferdinand Porsche sitt eget designkontor som p\u00e5tok seg oppdrag fra en rekke bilfabrikker. Det ble starten for utviklingen av \u201dboblen\u201d \u00a0 Vanskelig \u00e5 lansere Men det virkelige eventyret startet for Volkswagen da Heinrich Nordhoff ble sjef i 1948. Det\u2026","rel":"","context":"i &quot;Aircooled&quot;","block_context":{"text":"Aircooled","link":"https:\/\/terjebjornstad.com\/no\/category\/volkswagen\/aircooled\/"},"img":{"alt_text":"","src":"https:\/\/i0.wp.com\/terjebjornstad.com\/no\/wp-content\/uploads\/2022\/03\/53vw_boble.jpg?fit=1100%2C682&ssl=1&resize=350%2C200","width":350,"height":200,"srcset":"https:\/\/i0.wp.com\/terjebjornstad.com\/no\/wp-content\/uploads\/2022\/03\/53vw_boble.jpg?fit=1100%2C682&ssl=1&resize=350%2C200 1x, https:\/\/i0.wp.com\/terjebjornstad.com\/no\/wp-content\/uploads\/2022\/03\/53vw_boble.jpg?fit=1100%2C682&ssl=1&resize=525%2C300 1.5x, https:\/\/i0.wp.com\/terjebjornstad.com\/no\/wp-content\/uploads\/2022\/03\/53vw_boble.jpg?fit=1100%2C682&ssl=1&resize=700%2C400 2x, https:\/\/i0.wp.com\/terjebjornstad.com\/no\/wp-content\/uploads\/2022\/03\/53vw_boble.jpg?fit=1100%2C682&ssl=1&resize=1050%2C600 3x"},"classes":[]},{"id":43449,"url":"https:\/\/terjebjornstad.com\/no\/2021\/09\/26\/aircooled-tossa-de-mar-2021\/","url_meta":{"origin":26378,"position":1},"title":"Aircooled Tossa de Mar 2021","author":"Terje Bj\u00f8rnstad","date":"26\/09\/2021","format":false,"excerpt":"Litt show, litt sirkus, fulle gatekaf\u00e9er med glade mennesker, h\u00f8y musikk og mye folk. \u00a0 To \u00e5r siden sist Covid satte en stopper for arrangementet i fjor. I \u00e5r var arrangementet tonet ned - fra et helgetreff til et \u00e9n-dags evenement begrenset til 150 biler. Arrang\u00f8ren, Amics del Volkswagen de\u2026","rel":"","context":"i &quot;Aircooled&quot;","block_context":{"text":"Aircooled","link":"https:\/\/terjebjornstad.com\/no\/category\/volkswagen\/aircooled\/"},"img":{"alt_text":"","src":"https:\/\/i0.wp.com\/terjebjornstad.com\/no\/wp-content\/uploads\/2021\/09\/2021-tossa-vw-t1-2-1080x720-1.png?fit=1080%2C720&ssl=1&resize=350%2C200","width":350,"height":200,"srcset":"https:\/\/i0.wp.com\/terjebjornstad.com\/no\/wp-content\/uploads\/2021\/09\/2021-tossa-vw-t1-2-1080x720-1.png?fit=1080%2C720&ssl=1&resize=350%2C200 1x, https:\/\/i0.wp.com\/terjebjornstad.com\/no\/wp-content\/uploads\/2021\/09\/2021-tossa-vw-t1-2-1080x720-1.png?fit=1080%2C720&ssl=1&resize=525%2C300 1.5x, https:\/\/i0.wp.com\/terjebjornstad.com\/no\/wp-content\/uploads\/2021\/09\/2021-tossa-vw-t1-2-1080x720-1.png?fit=1080%2C720&ssl=1&resize=700%2C400 2x, https:\/\/i0.wp.com\/terjebjornstad.com\/no\/wp-content\/uploads\/2021\/09\/2021-tossa-vw-t1-2-1080x720-1.png?fit=1080%2C720&ssl=1&resize=1050%2C600 3x"},"classes":[]},{"id":40848,"url":"https:\/\/terjebjornstad.com\/no\/2021\/06\/07\/folkevogner-pa-vift\/","url_meta":{"origin":26378,"position":2},"title":"Folkevogner p\u00e5 vift","author":"Terje Bj\u00f8rnstad","date":"07\/06\/2021","format":false,"excerpt":"Det var Veteran VW klubben i R\u00f8yken, Asker og B\u00e6rum som arrangerte en kj\u00f8retur for forh\u00e5ndsp\u00e5meldte medlemmer. Turen startet p\u00e5 S\u00e6tre og gikk Hurum rundt. \u00a0 Fortsatt bruksbiler Veteran VW klubben er for folkevogner som er 30 \u00e5r eller eldre, alts\u00e5 ordentlige veteranbiler etter gammel ordning. Men n\u00e5r man ser\u2026","rel":"","context":"i &quot;Aircooled&quot;","block_context":{"text":"Aircooled","link":"https:\/\/terjebjornstad.com\/no\/category\/volkswagen\/aircooled\/"},"img":{"alt_text":"#veteranVWklubb","src":"https:\/\/i0.wp.com\/terjebjornstad.com\/no\/wp-content\/uploads\/2021\/06\/1958-volkswagen-1200-vvw-2-1080x720-1.png?fit=1080%2C720&ssl=1&resize=350%2C200","width":350,"height":200,"srcset":"https:\/\/i0.wp.com\/terjebjornstad.com\/no\/wp-content\/uploads\/2021\/06\/1958-volkswagen-1200-vvw-2-1080x720-1.png?fit=1080%2C720&ssl=1&resize=350%2C200 1x, https:\/\/i0.wp.com\/terjebjornstad.com\/no\/wp-content\/uploads\/2021\/06\/1958-volkswagen-1200-vvw-2-1080x720-1.png?fit=1080%2C720&ssl=1&resize=525%2C300 1.5x, https:\/\/i0.wp.com\/terjebjornstad.com\/no\/wp-content\/uploads\/2021\/06\/1958-volkswagen-1200-vvw-2-1080x720-1.png?fit=1080%2C720&ssl=1&resize=700%2C400 2x, https:\/\/i0.wp.com\/terjebjornstad.com\/no\/wp-content\/uploads\/2021\/06\/1958-volkswagen-1200-vvw-2-1080x720-1.png?fit=1080%2C720&ssl=1&resize=1050%2C600 3x"},"classes":[]},{"id":24753,"url":"https:\/\/terjebjornstad.com\/no\/2019\/07\/08\/regnvaersnostalgi\/","url_meta":{"origin":26378,"position":3},"title":"Regnv\u00e6rsnostalgi","author":"Terje Bj\u00f8rnstad","date":"08\/07\/2019","format":false,"excerpt":"Mange sier at det nesten aldri regnet da man var barn. Sannheten er vel at det regnet like mye, men at det er solskinnsdagene som festet seg til minnet. Folkevogner i regnv\u00e6r vekker mange minner. I \"gamle dager\" hadde ikke folk store SUV'er. De dro p\u00e5 bilferie i folkevogner. Eksotiske\u2026","rel":"","context":"i &quot;Artikkel&quot;","block_context":{"text":"Artikkel","link":"https:\/\/terjebjornstad.com\/no\/category\/artikkel\/"},"img":{"alt_text":"","src":"https:\/\/i0.wp.com\/terjebjornstad.com\/no\/wp-content\/uploads\/2019\/07\/vvw-det-regnar-och-regnar-1080x1080.png?fit=1080%2C1080&ssl=1&resize=350%2C200","width":350,"height":200,"srcset":"https:\/\/i0.wp.com\/terjebjornstad.com\/no\/wp-content\/uploads\/2019\/07\/vvw-det-regnar-och-regnar-1080x1080.png?fit=1080%2C1080&ssl=1&resize=350%2C200 1x, https:\/\/i0.wp.com\/terjebjornstad.com\/no\/wp-content\/uploads\/2019\/07\/vvw-det-regnar-och-regnar-1080x1080.png?fit=1080%2C1080&ssl=1&resize=525%2C300 1.5x, https:\/\/i0.wp.com\/terjebjornstad.com\/no\/wp-content\/uploads\/2019\/07\/vvw-det-regnar-och-regnar-1080x1080.png?fit=1080%2C1080&ssl=1&resize=700%2C400 2x, https:\/\/i0.wp.com\/terjebjornstad.com\/no\/wp-content\/uploads\/2019\/07\/vvw-det-regnar-och-regnar-1080x1080.png?fit=1080%2C1080&ssl=1&resize=1050%2C600 3x"},"classes":[]},{"id":72421,"url":"https:\/\/terjebjornstad.com\/no\/2024\/05\/28\/karmann-volkswagens-ultimate-sommerbil\/","url_meta":{"origin":26378,"position":4},"title":"Volkswagens ultimate sommerbil","author":"Terje Bj\u00f8rnstad","date":"28\/05\/2024","format":false,"excerpt":"Det er mange visuelle likheter mellom de f\u00f8rste og de siste kabrioletene fra Karmann til tross for at det er over 30 \u00e5r i mellom. Linjene og formen p\u00e5 kalesjen er den samme. Men Volkswagen Cabriolet handler ikke bare om Karmann. Ingen r\u00f8verkj\u00f8p En venn av meg b\u00e6rer p\u00e5 en\u2026","rel":"","context":"i &quot;Artikkel&quot;","block_context":{"text":"Artikkel","link":"https:\/\/terjebjornstad.com\/no\/category\/artikkel\/"},"img":{"alt_text":"","src":"https:\/\/i0.wp.com\/terjebjornstad.com\/no\/wp-content\/uploads\/2024\/05\/volkswagen-1303-s-cabrio-1920x1280-1.jpg?fit=1200%2C800&ssl=1&resize=350%2C200","width":350,"height":200,"srcset":"https:\/\/i0.wp.com\/terjebjornstad.com\/no\/wp-content\/uploads\/2024\/05\/volkswagen-1303-s-cabrio-1920x1280-1.jpg?fit=1200%2C800&ssl=1&resize=350%2C200 1x, https:\/\/i0.wp.com\/terjebjornstad.com\/no\/wp-content\/uploads\/2024\/05\/volkswagen-1303-s-cabrio-1920x1280-1.jpg?fit=1200%2C800&ssl=1&resize=525%2C300 1.5x, https:\/\/i0.wp.com\/terjebjornstad.com\/no\/wp-content\/uploads\/2024\/05\/volkswagen-1303-s-cabrio-1920x1280-1.jpg?fit=1200%2C800&ssl=1&resize=700%2C400 2x, https:\/\/i0.wp.com\/terjebjornstad.com\/no\/wp-content\/uploads\/2024\/05\/volkswagen-1303-s-cabrio-1920x1280-1.jpg?fit=1200%2C800&ssl=1&resize=1050%2C600 3x"},"classes":[]},{"id":31308,"url":"https:\/\/terjebjornstad.com\/no\/2020\/03\/01\/boble-med-tesla-drivverk\/","url_meta":{"origin":26378,"position":5},"title":"Tesla-drivverk i bobla","author":"Terje Bj\u00f8rnstad","date":"01\/03\/2020","format":false,"excerpt":"Bertie er ikke som andre folkevogner. Den er blitt konvertert til elbil. 1200-motoren er byttet ut med elmotor. Bensintanken er fjernet og bagasjerommet foran inneholder n\u00e5 batterier. \u00a0 Det er ogs\u00e5 montert batterier under baksetet. I f\u00f8lge produsenten er det ikke sk\u00e5ret ut eller gjort noen modifikasjoner av ramme og\u2026","rel":"","context":"i &quot;Aircooled&quot;","block_context":{"text":"Aircooled","link":"https:\/\/terjebjornstad.com\/no\/category\/volkswagen\/aircooled\/"},"img":{"alt_text":"","src":"https:\/\/i0.wp.com\/terjebjornstad.com\/no\/wp-content\/uploads\/2020\/03\/elektrogenic-1-1080x720-1.png?fit=1080%2C720&ssl=1&resize=350%2C200","width":350,"height":200,"srcset":"https:\/\/i0.wp.com\/terjebjornstad.com\/no\/wp-content\/uploads\/2020\/03\/elektrogenic-1-1080x720-1.png?fit=1080%2C720&ssl=1&resize=350%2C200 1x, https:\/\/i0.wp.com\/terjebjornstad.com\/no\/wp-content\/uploads\/2020\/03\/elektrogenic-1-1080x720-1.png?fit=1080%2C720&ssl=1&resize=525%2C300 1.5x, https:\/\/i0.wp.com\/terjebjornstad.com\/no\/wp-content\/uploads\/2020\/03\/elektrogenic-1-1080x720-1.png?fit=1080%2C720&ssl=1&resize=700%2C400 2x, https:\/\/i0.wp.com\/terjebjornstad.com\/no\/wp-content\/uploads\/2020\/03\/elektrogenic-1-1080x720-1.png?fit=1080%2C720&ssl=1&resize=1050%2C600 3x"},"classes":[]}],"gt_translate_keys":[{"key":"link","format":"url"}],"_links":{"self":[{"href":"https:\/\/terjebjornstad.com\/no\/wp-json\/wp\/v2\/posts\/26378","targetHints":{"allow":["GET"]}}],"collection":[{"href":"https:\/\/terjebjornstad.com\/no\/wp-json\/wp\/v2\/posts"}],"about":[{"href":"https:\/\/terjebjornstad.com\/no\/wp-json\/wp\/v2\/types\/post"}],"author":[{"embeddable":true,"href":"https:\/\/terjebjornstad.com\/no\/wp-json\/wp\/v2\/users\/1"}],"replies":[{"embeddable":true,"href":"https:\/\/terjebjornstad.com\/no\/wp-json\/wp\/v2\/comments?post=26378"}],"version-history":[{"count":7,"href":"https:\/\/terjebjornstad.com\/no\/wp-json\/wp\/v2\/posts\/26378\/revisions"}],"predecessor-version":[{"id":90413,"href":"https:\/\/terjebjornstad.com\/no\/wp-json\/wp\/v2\/posts\/26378\/revisions\/90413"}],"wp:featuredmedia":[{"embeddable":true,"href":"https:\/\/terjebjornstad.com\/no\/wp-json\/wp\/v2\/media\/26364"}],"wp:attachment":[{"href":"https:\/\/terjebjornstad.com\/no\/wp-json\/wp\/v2\/media?parent=26378"}],"wp:term":[{"taxonomy":"category","embeddable":true,"href":"https:\/\/terjebjornstad.com\/no\/wp-json\/wp\/v2\/categories?post=26378"},{"taxonomy":"post_tag","embeddable":true,"href":"https:\/\/terjebjornstad.com\/no\/wp-json\/wp\/v2\/tags?post=26378"}],"curies":[{"name":"wp","href":"https:\/\/api.w.org\/{rel}","templated":true}]}}