{"id":24753,"date":"2019-07-08T01:00:26","date_gmt":"2019-07-08T01:00:26","guid":{"rendered":"https:\/\/terjebjornstad.com\/no\/?p=24753"},"modified":"2026-03-09T12:26:51","modified_gmt":"2026-03-09T11:26:51","slug":"regnvaersnostalgi","status":"publish","type":"post","link":"https:\/\/terjebjornstad.com\/no\/2019\/07\/08\/regnvaersnostalgi\/","title":{"rendered":"Regnv\u00e6rsnostalgi","gt_translate_keys":[{"key":"rendered","format":"text"}]},"content":{"rendered":"<div class=\"copy_teb\"><figure id=\"attachment_24755\" aria-describedby=\"caption-attachment-24755\" style=\"width: 1080px\" class=\"wp-caption aligncenter\"><a href=\"https:\/\/i0.wp.com\/terjebjornstad.com\/no\/wp-content\/uploads\/2019\/07\/vvw-det-regnar-och-regnar-1080x1080.png?ssl=1\"><img data-recalc-dims=\"1\" loading=\"lazy\" decoding=\"async\" data-attachment-id=\"24755\" data-permalink=\"https:\/\/terjebjornstad.com\/no\/2019\/07\/08\/regnvaersnostalgi\/vvw-det-regnar-och-regnar-1080x1080\/\" data-orig-file=\"https:\/\/i0.wp.com\/terjebjornstad.com\/no\/wp-content\/uploads\/2019\/07\/vvw-det-regnar-och-regnar-1080x1080.png?fit=1080%2C1080&amp;ssl=1\" data-orig-size=\"1080,1080\" data-comments-opened=\"1\" data-image-meta=\"{&quot;aperture&quot;:&quot;0&quot;,&quot;credit&quot;:&quot;&quot;,&quot;camera&quot;:&quot;&quot;,&quot;caption&quot;:&quot;&quot;,&quot;created_timestamp&quot;:&quot;0&quot;,&quot;copyright&quot;:&quot;&quot;,&quot;focal_length&quot;:&quot;0&quot;,&quot;iso&quot;:&quot;0&quot;,&quot;shutter_speed&quot;:&quot;0&quot;,&quot;title&quot;:&quot;&quot;,&quot;orientation&quot;:&quot;0&quot;}\" data-image-title=\"vvw-det-regnar-och-regnar-1080&amp;#215;1080\" data-image-description=\"\" data-image-caption=\"&lt;p&gt;Regn p\u00e5 picnic-bordet.&lt;\/p&gt;\n\" data-large-file=\"https:\/\/i0.wp.com\/terjebjornstad.com\/no\/wp-content\/uploads\/2019\/07\/vvw-det-regnar-och-regnar-1080x1080.png?fit=980%2C980&amp;ssl=1\" src=\"https:\/\/i0.wp.com\/terjebjornstad.com\/no\/wp-content\/uploads\/2019\/07\/vvw-det-regnar-och-regnar-1080x1080.png?resize=980%2C980&#038;ssl=1\" alt=\"\" width=\"980\" height=\"980\" class=\"size-full wp-image-24755\" srcset=\"https:\/\/i0.wp.com\/terjebjornstad.com\/no\/wp-content\/uploads\/2019\/07\/vvw-det-regnar-och-regnar-1080x1080.png?resize=1080%2C1080&amp;ssl=1 1080w, https:\/\/i0.wp.com\/terjebjornstad.com\/no\/wp-content\/uploads\/2019\/07\/vvw-det-regnar-och-regnar-1080x1080.png?resize=150%2C150&amp;ssl=1 150w, https:\/\/i0.wp.com\/terjebjornstad.com\/no\/wp-content\/uploads\/2019\/07\/vvw-det-regnar-och-regnar-1080x1080.png?resize=300%2C300&amp;ssl=1 300w, https:\/\/i0.wp.com\/terjebjornstad.com\/no\/wp-content\/uploads\/2019\/07\/vvw-det-regnar-och-regnar-1080x1080.png?resize=768%2C768&amp;ssl=1 768w, https:\/\/i0.wp.com\/terjebjornstad.com\/no\/wp-content\/uploads\/2019\/07\/vvw-det-regnar-och-regnar-1080x1080.png?resize=690%2C690&amp;ssl=1 690w, https:\/\/i0.wp.com\/terjebjornstad.com\/no\/wp-content\/uploads\/2019\/07\/vvw-det-regnar-och-regnar-1080x1080.png?resize=980%2C980&amp;ssl=1 980w, https:\/\/i0.wp.com\/terjebjornstad.com\/no\/wp-content\/uploads\/2019\/07\/vvw-det-regnar-och-regnar-1080x1080.png?resize=50%2C50&amp;ssl=1 50w\" sizes=\"auto, (max-width: 980px) 100vw, 980px\" \/><\/a><figcaption id=\"caption-attachment-24755\" class=\"wp-caption-text\">Regn p\u00e5 picnic-bordet.<\/figcaption><\/figure><\/p>\n<blockquote><p>Mange sier at det nesten aldri regnet da man var barn. Sannheten er vel at det regnet like mye, men at det er solskinnsdagene som festet seg til minnet.<\/p><\/blockquote>\n\n<p>Folkevogner i regnv\u00e6r vekker mange minner. I &laquo;gamle dager&raquo; hadde ikke folk store SUV&#8217;er. De dro p\u00e5 bilferie i folkevogner. Eksotiske turer til Valdres og Telemark. Den st\u00f8rste bagasjen var trygt plassert p\u00e5 takgrinden. Det regnet jo nesten hver dag, s\u00e5 teltet og veskene p\u00e5 taket ble surret inn i plastikk. Alt ble holdt tight p\u00e5 plass av en s\u00e5kalt &laquo;blekksprut&raquo;, &#8211; en \u00e5ttearmet strikk med metallkroker i endene. Etter noen mil p\u00e5 veien begynte plastikken likevel alltid \u00e5 flagre &#8211; Korte, hyppige &laquo;flapp-flapp-flapp&raquo;. Trekantsvinduene sto i luftestilling. Mor hadde akkurat satt vinduet p\u00e5 gl\u00f8tt fordi hun hadde tent sin tredje sigarett. I baksetet satt alle barna usikret, innhyllet i sigarettr\u00f8yk og bensinlukt sammen med en v\u00e5t hund. Underholdningen var \u00e5 lage streker med fingeren i dugget p\u00e5 siderutene. <\/p>\n<h3 class=\"tebh2\">For det regnet jo alltid<\/h3>\n<p>Jeg tillot meg \u00e5 ta noen bilder av nostalgiske folkevogner sist l\u00f8rdag. Det lille biltreffet var varslet p\u00e5 sosiale medier i <a href=\"https:\/\/www.vvwklubb.no\/\" target=\"_blank\" rel=\"noopener noreferrer\"><strong>Veteran VW Klubben<\/strong><\/a> for folk som var p\u00e5 vei hjem etter biltreffet p\u00e5 Espa tidligere p\u00e5 dagen. Stedet var Nebbenes kro i nordg\u00e5ende l\u00f8p p\u00e5 E6. I det jeg n\u00e6rmet meg Nebbenes, \u00e5pnet himmelens porter seg. Det var ikke mulig \u00e5 oppholde seg utend\u00f8rs. Alle hadde nok s\u00f8kt ly innend\u00f8rs p\u00e5 kroa, eller dratt. <\/p>\n<h3 class=\"tebh2\">Folkevogner i regnv\u00e6r vekker gode minner<\/h3>\n<p>Da jeg dro videre, h\u00e5pet jeg at alle de gamle folkevognene ville holde seg t\u00f8rre i regnet. Kanskje fikk alle oppholdsv\u00e6r p\u00e5 veien s\u00f8rover? For det forrykende regnv\u00e6ret fulgte nemlig med meg hele veien hjem. Da jeg kom inn av d\u00f8ra, sa kona mi: &laquo;S\u00e5 merkelig! Det begynte \u00e5 regne bare noen minutter f\u00f8r du kom hjem&#8230;&raquo; <\/p>\n<p>Man sier jo ofte at man tar med seg v\u00e6ret.<\/p>\n<p>God sommer!<\/p>\n\n<h3 class=\"tebh2\">Bilder<\/h3>\n<figure id=\"attachment_24757\" aria-describedby=\"caption-attachment-24757\" style=\"width: 1080px\" class=\"wp-caption aligncenter\"><a href=\"https:\/\/i0.wp.com\/terjebjornstad.com\/no\/wp-content\/uploads\/2019\/07\/vvw-type1-1-1080x720.png?ssl=1\"><img data-recalc-dims=\"1\" loading=\"lazy\" decoding=\"async\" data-attachment-id=\"24757\" data-permalink=\"https:\/\/terjebjornstad.com\/no\/2019\/07\/08\/regnvaersnostalgi\/vvw-type1-1-1080x720\/\" data-orig-file=\"https:\/\/i0.wp.com\/terjebjornstad.com\/no\/wp-content\/uploads\/2019\/07\/vvw-type1-1-1080x720.png?fit=1080%2C720&amp;ssl=1\" data-orig-size=\"1080,720\" data-comments-opened=\"1\" data-image-meta=\"{&quot;aperture&quot;:&quot;0&quot;,&quot;credit&quot;:&quot;&quot;,&quot;camera&quot;:&quot;&quot;,&quot;caption&quot;:&quot;&quot;,&quot;created_timestamp&quot;:&quot;0&quot;,&quot;copyright&quot;:&quot;&quot;,&quot;focal_length&quot;:&quot;0&quot;,&quot;iso&quot;:&quot;0&quot;,&quot;shutter_speed&quot;:&quot;0&quot;,&quot;title&quot;:&quot;&quot;,&quot;orientation&quot;:&quot;0&quot;}\" data-image-title=\"vvw-type1-1-1080&amp;#215;720\" data-image-description=\"\" data-image-caption=\"&lt;p&gt;Vakkert sommersyn selv i striregn. &lt;\/p&gt;\n\" data-large-file=\"https:\/\/i0.wp.com\/terjebjornstad.com\/no\/wp-content\/uploads\/2019\/07\/vvw-type1-1-1080x720.png?fit=980%2C653&amp;ssl=1\" src=\"https:\/\/i0.wp.com\/terjebjornstad.com\/no\/wp-content\/uploads\/2019\/07\/vvw-type1-1-1080x720.png?resize=980%2C653&#038;ssl=1\" alt=\"aircooled\" width=\"980\" height=\"653\" class=\"size-full wp-image-24757\" srcset=\"https:\/\/i0.wp.com\/terjebjornstad.com\/no\/wp-content\/uploads\/2019\/07\/vvw-type1-1-1080x720.png?resize=1080%2C720&amp;ssl=1 1080w, https:\/\/i0.wp.com\/terjebjornstad.com\/no\/wp-content\/uploads\/2019\/07\/vvw-type1-1-1080x720.png?resize=300%2C200&amp;ssl=1 300w, https:\/\/i0.wp.com\/terjebjornstad.com\/no\/wp-content\/uploads\/2019\/07\/vvw-type1-1-1080x720.png?resize=768%2C512&amp;ssl=1 768w, https:\/\/i0.wp.com\/terjebjornstad.com\/no\/wp-content\/uploads\/2019\/07\/vvw-type1-1-1080x720.png?resize=690%2C460&amp;ssl=1 690w, https:\/\/i0.wp.com\/terjebjornstad.com\/no\/wp-content\/uploads\/2019\/07\/vvw-type1-1-1080x720.png?resize=980%2C653&amp;ssl=1 980w\" sizes=\"auto, (max-width: 980px) 100vw, 980px\" \/><\/a><figcaption id=\"caption-attachment-24757\" class=\"wp-caption-text\">Vakkert sommersyn selv i striregn.<\/figcaption><\/figure>\n<figure id=\"attachment_24759\" aria-describedby=\"caption-attachment-24759\" style=\"width: 1080px\" class=\"wp-caption aligncenter\"><a href=\"https:\/\/i0.wp.com\/terjebjornstad.com\/no\/wp-content\/uploads\/2019\/07\/vvw-type1-3-1080x720.png?ssl=1\"><img data-recalc-dims=\"1\" loading=\"lazy\" decoding=\"async\" data-attachment-id=\"24759\" data-permalink=\"https:\/\/terjebjornstad.com\/no\/2019\/07\/08\/regnvaersnostalgi\/vvw-type1-3-1080x720\/\" data-orig-file=\"https:\/\/i0.wp.com\/terjebjornstad.com\/no\/wp-content\/uploads\/2019\/07\/vvw-type1-3-1080x720.png?fit=1080%2C720&amp;ssl=1\" data-orig-size=\"1080,720\" data-comments-opened=\"1\" data-image-meta=\"{&quot;aperture&quot;:&quot;0&quot;,&quot;credit&quot;:&quot;&quot;,&quot;camera&quot;:&quot;&quot;,&quot;caption&quot;:&quot;&quot;,&quot;created_timestamp&quot;:&quot;0&quot;,&quot;copyright&quot;:&quot;&quot;,&quot;focal_length&quot;:&quot;0&quot;,&quot;iso&quot;:&quot;0&quot;,&quot;shutter_speed&quot;:&quot;0&quot;,&quot;title&quot;:&quot;&quot;,&quot;orientation&quot;:&quot;0&quot;}\" data-image-title=\"vvw-type1-3-1080&amp;#215;720\" data-image-description=\"\" data-image-caption=\"&lt;p&gt;60-talls eleganse. California-st\u00f8tfanger, pynteringer, gravel-guards p\u00e5 forskjermene.&lt;\/p&gt;\n\" data-large-file=\"https:\/\/i0.wp.com\/terjebjornstad.com\/no\/wp-content\/uploads\/2019\/07\/vvw-type1-3-1080x720.png?fit=980%2C653&amp;ssl=1\" src=\"https:\/\/i0.wp.com\/terjebjornstad.com\/no\/wp-content\/uploads\/2019\/07\/vvw-type1-3-1080x720.png?resize=980%2C653&#038;ssl=1\" alt=\"aircooled\" width=\"980\" height=\"653\" class=\"size-full wp-image-24759\" srcset=\"https:\/\/i0.wp.com\/terjebjornstad.com\/no\/wp-content\/uploads\/2019\/07\/vvw-type1-3-1080x720.png?resize=1080%2C720&amp;ssl=1 1080w, https:\/\/i0.wp.com\/terjebjornstad.com\/no\/wp-content\/uploads\/2019\/07\/vvw-type1-3-1080x720.png?resize=300%2C200&amp;ssl=1 300w, https:\/\/i0.wp.com\/terjebjornstad.com\/no\/wp-content\/uploads\/2019\/07\/vvw-type1-3-1080x720.png?resize=768%2C512&amp;ssl=1 768w, https:\/\/i0.wp.com\/terjebjornstad.com\/no\/wp-content\/uploads\/2019\/07\/vvw-type1-3-1080x720.png?resize=690%2C460&amp;ssl=1 690w, https:\/\/i0.wp.com\/terjebjornstad.com\/no\/wp-content\/uploads\/2019\/07\/vvw-type1-3-1080x720.png?resize=980%2C653&amp;ssl=1 980w\" sizes=\"auto, (max-width: 980px) 100vw, 980px\" \/><\/a><figcaption id=\"caption-attachment-24759\" class=\"wp-caption-text\">60-talls eleganse. California-st\u00f8tfanger, pynteringer, gravel-guards p\u00e5 forskjermene.<\/figcaption><\/figure>\n<figure id=\"attachment_24761\" aria-describedby=\"caption-attachment-24761\" style=\"width: 1080px\" class=\"wp-caption aligncenter\"><a href=\"https:\/\/i0.wp.com\/terjebjornstad.com\/no\/wp-content\/uploads\/2019\/07\/vvw-type1-t1-1080x720.png?ssl=1\"><img data-recalc-dims=\"1\" loading=\"lazy\" decoding=\"async\" data-attachment-id=\"24761\" data-permalink=\"https:\/\/terjebjornstad.com\/no\/2019\/07\/08\/regnvaersnostalgi\/vvw-type1-t1-1080x720\/\" data-orig-file=\"https:\/\/i0.wp.com\/terjebjornstad.com\/no\/wp-content\/uploads\/2019\/07\/vvw-type1-t1-1080x720.png?fit=1080%2C720&amp;ssl=1\" data-orig-size=\"1080,720\" data-comments-opened=\"1\" data-image-meta=\"{&quot;aperture&quot;:&quot;0&quot;,&quot;credit&quot;:&quot;&quot;,&quot;camera&quot;:&quot;&quot;,&quot;caption&quot;:&quot;&quot;,&quot;created_timestamp&quot;:&quot;0&quot;,&quot;copyright&quot;:&quot;&quot;,&quot;focal_length&quot;:&quot;0&quot;,&quot;iso&quot;:&quot;0&quot;,&quot;shutter_speed&quot;:&quot;0&quot;,&quot;title&quot;:&quot;&quot;,&quot;orientation&quot;:&quot;0&quot;}\" data-image-title=\"vvw-type1-t1-1080&amp;#215;720\" data-image-description=\"\" data-image-caption=\"&lt;p&gt;Samme tidsepoke.&lt;\/p&gt;\n\" data-large-file=\"https:\/\/i0.wp.com\/terjebjornstad.com\/no\/wp-content\/uploads\/2019\/07\/vvw-type1-t1-1080x720.png?fit=980%2C653&amp;ssl=1\" src=\"https:\/\/i0.wp.com\/terjebjornstad.com\/no\/wp-content\/uploads\/2019\/07\/vvw-type1-t1-1080x720.png?resize=980%2C653&#038;ssl=1\" alt=\"aircooled\" width=\"980\" height=\"653\" class=\"size-full wp-image-24761\" srcset=\"https:\/\/i0.wp.com\/terjebjornstad.com\/no\/wp-content\/uploads\/2019\/07\/vvw-type1-t1-1080x720.png?resize=1080%2C720&amp;ssl=1 1080w, https:\/\/i0.wp.com\/terjebjornstad.com\/no\/wp-content\/uploads\/2019\/07\/vvw-type1-t1-1080x720.png?resize=300%2C200&amp;ssl=1 300w, https:\/\/i0.wp.com\/terjebjornstad.com\/no\/wp-content\/uploads\/2019\/07\/vvw-type1-t1-1080x720.png?resize=768%2C512&amp;ssl=1 768w, https:\/\/i0.wp.com\/terjebjornstad.com\/no\/wp-content\/uploads\/2019\/07\/vvw-type1-t1-1080x720.png?resize=690%2C460&amp;ssl=1 690w, https:\/\/i0.wp.com\/terjebjornstad.com\/no\/wp-content\/uploads\/2019\/07\/vvw-type1-t1-1080x720.png?resize=980%2C653&amp;ssl=1 980w\" sizes=\"auto, (max-width: 980px) 100vw, 980px\" \/><\/a><figcaption id=\"caption-attachment-24761\" class=\"wp-caption-text\">Samme tidsepoke.<\/figcaption><\/figure>\n<figure id=\"attachment_24756\" aria-describedby=\"caption-attachment-24756\" style=\"width: 1080px\" class=\"wp-caption aligncenter\"><a href=\"https:\/\/i0.wp.com\/terjebjornstad.com\/no\/wp-content\/uploads\/2019\/07\/vvw-t1-1080x1080.png?ssl=1\"><img data-recalc-dims=\"1\" loading=\"lazy\" decoding=\"async\" data-attachment-id=\"24756\" data-permalink=\"https:\/\/terjebjornstad.com\/no\/2019\/07\/08\/regnvaersnostalgi\/vvw-t1-1080x1080\/\" data-orig-file=\"https:\/\/i0.wp.com\/terjebjornstad.com\/no\/wp-content\/uploads\/2019\/07\/vvw-t1-1080x1080.png?fit=1080%2C1080&amp;ssl=1\" data-orig-size=\"1080,1080\" data-comments-opened=\"1\" data-image-meta=\"{&quot;aperture&quot;:&quot;0&quot;,&quot;credit&quot;:&quot;&quot;,&quot;camera&quot;:&quot;&quot;,&quot;caption&quot;:&quot;&quot;,&quot;created_timestamp&quot;:&quot;0&quot;,&quot;copyright&quot;:&quot;&quot;,&quot;focal_length&quot;:&quot;0&quot;,&quot;iso&quot;:&quot;0&quot;,&quot;shutter_speed&quot;:&quot;0&quot;,&quot;title&quot;:&quot;&quot;,&quot;orientation&quot;:&quot;0&quot;}\" data-image-title=\"vvw-t1-1080&amp;#215;1080\" data-image-description=\"\" data-image-caption=\"&lt;p&gt;Trolig verdens vakreste varebil. Volkswagen T1. Meget stilfull i tofarget utgave. &amp;laquo;Der Blaumann&amp;raquo;.&lt;\/p&gt;\n\" data-large-file=\"https:\/\/i0.wp.com\/terjebjornstad.com\/no\/wp-content\/uploads\/2019\/07\/vvw-t1-1080x1080.png?fit=980%2C980&amp;ssl=1\" src=\"https:\/\/i0.wp.com\/terjebjornstad.com\/no\/wp-content\/uploads\/2019\/07\/vvw-t1-1080x1080.png?resize=980%2C980&#038;ssl=1\" alt=\"aircooled\" width=\"980\" height=\"980\" class=\"size-full wp-image-24756\" srcset=\"https:\/\/i0.wp.com\/terjebjornstad.com\/no\/wp-content\/uploads\/2019\/07\/vvw-t1-1080x1080.png?resize=1080%2C1080&amp;ssl=1 1080w, https:\/\/i0.wp.com\/terjebjornstad.com\/no\/wp-content\/uploads\/2019\/07\/vvw-t1-1080x1080.png?resize=150%2C150&amp;ssl=1 150w, https:\/\/i0.wp.com\/terjebjornstad.com\/no\/wp-content\/uploads\/2019\/07\/vvw-t1-1080x1080.png?resize=300%2C300&amp;ssl=1 300w, https:\/\/i0.wp.com\/terjebjornstad.com\/no\/wp-content\/uploads\/2019\/07\/vvw-t1-1080x1080.png?resize=768%2C768&amp;ssl=1 768w, https:\/\/i0.wp.com\/terjebjornstad.com\/no\/wp-content\/uploads\/2019\/07\/vvw-t1-1080x1080.png?resize=690%2C690&amp;ssl=1 690w, https:\/\/i0.wp.com\/terjebjornstad.com\/no\/wp-content\/uploads\/2019\/07\/vvw-t1-1080x1080.png?resize=980%2C980&amp;ssl=1 980w, https:\/\/i0.wp.com\/terjebjornstad.com\/no\/wp-content\/uploads\/2019\/07\/vvw-t1-1080x1080.png?resize=50%2C50&amp;ssl=1 50w\" sizes=\"auto, (max-width: 980px) 100vw, 980px\" \/><\/a><figcaption id=\"caption-attachment-24756\" class=\"wp-caption-text\">Trolig verdens vakreste varebil. Volkswagen T1. Meget stilfull i tofarget utgave.<\/figcaption><\/figure>\n<figure id=\"attachment_24760\" aria-describedby=\"caption-attachment-24760\" style=\"width: 1080px\" class=\"wp-caption aligncenter\"><a href=\"https:\/\/i0.wp.com\/terjebjornstad.com\/no\/wp-content\/uploads\/2019\/07\/vvw-type1-4-1080x1080.png?ssl=1\"><img data-recalc-dims=\"1\" loading=\"lazy\" decoding=\"async\" data-attachment-id=\"24760\" data-permalink=\"https:\/\/terjebjornstad.com\/no\/2019\/07\/08\/regnvaersnostalgi\/vvw-type1-4-1080x1080\/\" data-orig-file=\"https:\/\/i0.wp.com\/terjebjornstad.com\/no\/wp-content\/uploads\/2019\/07\/vvw-type1-4-1080x1080.png?fit=1080%2C1080&amp;ssl=1\" data-orig-size=\"1080,1080\" data-comments-opened=\"1\" data-image-meta=\"{&quot;aperture&quot;:&quot;0&quot;,&quot;credit&quot;:&quot;&quot;,&quot;camera&quot;:&quot;&quot;,&quot;caption&quot;:&quot;&quot;,&quot;created_timestamp&quot;:&quot;0&quot;,&quot;copyright&quot;:&quot;&quot;,&quot;focal_length&quot;:&quot;0&quot;,&quot;iso&quot;:&quot;0&quot;,&quot;shutter_speed&quot;:&quot;0&quot;,&quot;title&quot;:&quot;&quot;,&quot;orientation&quot;:&quot;0&quot;}\" data-image-title=\"vvw-type1-4-1080&amp;#215;1080\" data-image-description=\"\" data-image-caption=\"&lt;p&gt;Nostalgiske detaljer. Takgrind, sjalusi i bakvinduet, ryggelys, skvettlapper, N-merke og r\u00f8d reflekstape p\u00e5 st\u00f8tfangeren.&lt;\/p&gt;\n\" data-large-file=\"https:\/\/i0.wp.com\/terjebjornstad.com\/no\/wp-content\/uploads\/2019\/07\/vvw-type1-4-1080x1080.png?fit=980%2C980&amp;ssl=1\" src=\"https:\/\/i0.wp.com\/terjebjornstad.com\/no\/wp-content\/uploads\/2019\/07\/vvw-type1-4-1080x1080.png?resize=980%2C980&#038;ssl=1\" alt=\"\" width=\"980\" height=\"980\" class=\"size-full wp-image-24760\" srcset=\"https:\/\/i0.wp.com\/terjebjornstad.com\/no\/wp-content\/uploads\/2019\/07\/vvw-type1-4-1080x1080.png?resize=1080%2C1080&amp;ssl=1 1080w, https:\/\/i0.wp.com\/terjebjornstad.com\/no\/wp-content\/uploads\/2019\/07\/vvw-type1-4-1080x1080.png?resize=150%2C150&amp;ssl=1 150w, https:\/\/i0.wp.com\/terjebjornstad.com\/no\/wp-content\/uploads\/2019\/07\/vvw-type1-4-1080x1080.png?resize=300%2C300&amp;ssl=1 300w, https:\/\/i0.wp.com\/terjebjornstad.com\/no\/wp-content\/uploads\/2019\/07\/vvw-type1-4-1080x1080.png?resize=768%2C768&amp;ssl=1 768w, https:\/\/i0.wp.com\/terjebjornstad.com\/no\/wp-content\/uploads\/2019\/07\/vvw-type1-4-1080x1080.png?resize=690%2C690&amp;ssl=1 690w, https:\/\/i0.wp.com\/terjebjornstad.com\/no\/wp-content\/uploads\/2019\/07\/vvw-type1-4-1080x1080.png?resize=980%2C980&amp;ssl=1 980w, https:\/\/i0.wp.com\/terjebjornstad.com\/no\/wp-content\/uploads\/2019\/07\/vvw-type1-4-1080x1080.png?resize=50%2C50&amp;ssl=1 50w\" sizes=\"auto, (max-width: 980px) 100vw, 980px\" \/><\/a><figcaption id=\"caption-attachment-24760\" class=\"wp-caption-text\">Nostalgiske detaljer. Takgrind, sjalusi i bakvinduet, ryggelys, skvettlapper, N-merke og r\u00f8d reflekstape p\u00e5 st\u00f8tfangeren.<\/figcaption><\/figure>\n<figure id=\"attachment_44320\" aria-describedby=\"caption-attachment-44320\" style=\"width: 1080px\" class=\"wp-caption aligncenter\"><a href=\"https:\/\/i0.wp.com\/terjebjornstad.com\/no\/wp-content\/uploads\/2021\/10\/vw-type3-type1-1080x720-1.png?ssl=1\"><img data-recalc-dims=\"1\" loading=\"lazy\" decoding=\"async\" data-attachment-id=\"44320\" data-permalink=\"https:\/\/terjebjornstad.com\/no\/type3\/vw-type3-type1-1080x720\/\" data-orig-file=\"https:\/\/i0.wp.com\/terjebjornstad.com\/no\/wp-content\/uploads\/2021\/10\/vw-type3-type1-1080x720-1.png?fit=1080%2C720&amp;ssl=1\" data-orig-size=\"1080,720\" data-comments-opened=\"1\" data-image-meta=\"{&quot;aperture&quot;:&quot;0&quot;,&quot;credit&quot;:&quot;&quot;,&quot;camera&quot;:&quot;&quot;,&quot;caption&quot;:&quot;&quot;,&quot;created_timestamp&quot;:&quot;0&quot;,&quot;copyright&quot;:&quot;&quot;,&quot;focal_length&quot;:&quot;0&quot;,&quot;iso&quot;:&quot;0&quot;,&quot;shutter_speed&quot;:&quot;0&quot;,&quot;title&quot;:&quot;&quot;,&quot;orientation&quot;:&quot;0&quot;}\" data-image-title=\"vw-type3-type1-1080&amp;#215;720\" data-image-description=\"\" data-image-caption=\"&lt;p&gt;Notchback (Type 3) og Vlkswagen 1200&lt;\/p&gt;\n\" data-large-file=\"https:\/\/i0.wp.com\/terjebjornstad.com\/no\/wp-content\/uploads\/2021\/10\/vw-type3-type1-1080x720-1.png?fit=980%2C653&amp;ssl=1\" src=\"https:\/\/i0.wp.com\/terjebjornstad.com\/no\/wp-content\/uploads\/2021\/10\/vw-type3-type1-1080x720-1.png?resize=980%2C653&#038;ssl=1\" alt=\"\" width=\"980\" height=\"653\" class=\"size-full wp-image-44320\" srcset=\"https:\/\/i0.wp.com\/terjebjornstad.com\/no\/wp-content\/uploads\/2021\/10\/vw-type3-type1-1080x720-1.png?w=1080&amp;ssl=1 1080w, https:\/\/i0.wp.com\/terjebjornstad.com\/no\/wp-content\/uploads\/2021\/10\/vw-type3-type1-1080x720-1.png?resize=300%2C200&amp;ssl=1 300w, https:\/\/i0.wp.com\/terjebjornstad.com\/no\/wp-content\/uploads\/2021\/10\/vw-type3-type1-1080x720-1.png?resize=768%2C512&amp;ssl=1 768w, https:\/\/i0.wp.com\/terjebjornstad.com\/no\/wp-content\/uploads\/2021\/10\/vw-type3-type1-1080x720-1.png?resize=690%2C460&amp;ssl=1 690w, https:\/\/i0.wp.com\/terjebjornstad.com\/no\/wp-content\/uploads\/2021\/10\/vw-type3-type1-1080x720-1.png?resize=980%2C653&amp;ssl=1 980w\" sizes=\"auto, (max-width: 980px) 100vw, 980px\" \/><\/a><figcaption id=\"caption-attachment-44320\" class=\"wp-caption-text\">Notchback (Type 3) og Volkswagen 1200<\/figcaption><\/figure>\n<figure id=\"attachment_24758\" aria-describedby=\"caption-attachment-24758\" style=\"width: 1080px\" class=\"wp-caption aligncenter\"><a href=\"https:\/\/i0.wp.com\/terjebjornstad.com\/no\/wp-content\/uploads\/2019\/07\/vvw-type1-2-1080x720.png?ssl=1\"><img data-recalc-dims=\"1\" loading=\"lazy\" decoding=\"async\" data-attachment-id=\"24758\" data-permalink=\"https:\/\/terjebjornstad.com\/no\/2019\/07\/08\/regnvaersnostalgi\/vvw-type1-2-1080x720\/\" data-orig-file=\"https:\/\/i0.wp.com\/terjebjornstad.com\/no\/wp-content\/uploads\/2019\/07\/vvw-type1-2-1080x720.png?fit=1080%2C720&amp;ssl=1\" data-orig-size=\"1080,720\" data-comments-opened=\"1\" data-image-meta=\"{&quot;aperture&quot;:&quot;0&quot;,&quot;credit&quot;:&quot;&quot;,&quot;camera&quot;:&quot;&quot;,&quot;caption&quot;:&quot;&quot;,&quot;created_timestamp&quot;:&quot;0&quot;,&quot;copyright&quot;:&quot;&quot;,&quot;focal_length&quot;:&quot;0&quot;,&quot;iso&quot;:&quot;0&quot;,&quot;shutter_speed&quot;:&quot;0&quot;,&quot;title&quot;:&quot;&quot;,&quot;orientation&quot;:&quot;0&quot;}\" data-image-title=\"vvw-type1-2-1080&amp;#215;720\" data-image-description=\"\" data-image-caption=\"&lt;p&gt;Folkevogn&lt;\/p&gt;\n\" data-large-file=\"https:\/\/i0.wp.com\/terjebjornstad.com\/no\/wp-content\/uploads\/2019\/07\/vvw-type1-2-1080x720.png?fit=980%2C653&amp;ssl=1\" src=\"https:\/\/i0.wp.com\/terjebjornstad.com\/no\/wp-content\/uploads\/2019\/07\/vvw-type1-2-1080x720.png?resize=980%2C653&#038;ssl=1\" alt=\"\" width=\"980\" height=\"653\" class=\"size-full wp-image-24758\" srcset=\"https:\/\/i0.wp.com\/terjebjornstad.com\/no\/wp-content\/uploads\/2019\/07\/vvw-type1-2-1080x720.png?resize=1080%2C720&amp;ssl=1 1080w, https:\/\/i0.wp.com\/terjebjornstad.com\/no\/wp-content\/uploads\/2019\/07\/vvw-type1-2-1080x720.png?resize=300%2C200&amp;ssl=1 300w, https:\/\/i0.wp.com\/terjebjornstad.com\/no\/wp-content\/uploads\/2019\/07\/vvw-type1-2-1080x720.png?resize=768%2C512&amp;ssl=1 768w, https:\/\/i0.wp.com\/terjebjornstad.com\/no\/wp-content\/uploads\/2019\/07\/vvw-type1-2-1080x720.png?resize=690%2C460&amp;ssl=1 690w, https:\/\/i0.wp.com\/terjebjornstad.com\/no\/wp-content\/uploads\/2019\/07\/vvw-type1-2-1080x720.png?resize=980%2C653&amp;ssl=1 980w\" sizes=\"auto, (max-width: 980px) 100vw, 980px\" \/><\/a><figcaption id=\"caption-attachment-24758\" class=\"wp-caption-text\">Folkevogn<\/figcaption><\/figure>\n<h3 class=\"tebh2\">Se ogs\u00e5<\/h3>\n<p><figure id=\"attachment_9771\" aria-describedby=\"caption-attachment-9771\" style=\"width: 150px\" class=\"wp-caption alignleft\"><a href=\"https:\/\/terjebjornstad.com\/no\/2017\/03\/29\/bobler-og-busser-pa-volksworld-2017\/\"><img data-recalc-dims=\"1\" loading=\"lazy\" decoding=\"async\" data-attachment-id=\"9771\" data-permalink=\"https:\/\/terjebjornstad.com\/no\/2017\/03\/29\/bobler-og-busser-pa-volksworld-2017\/volksworld-2017-1\/\" data-orig-file=\"https:\/\/i0.wp.com\/terjebjornstad.com\/no\/wp-content\/uploads\/2017\/03\/volksworld-2017-1.png?fit=686%2C457&amp;ssl=1\" data-orig-size=\"686,457\" data-comments-opened=\"1\" data-image-meta=\"{&quot;aperture&quot;:&quot;0&quot;,&quot;credit&quot;:&quot;&quot;,&quot;camera&quot;:&quot;&quot;,&quot;caption&quot;:&quot;&quot;,&quot;created_timestamp&quot;:&quot;0&quot;,&quot;copyright&quot;:&quot;&quot;,&quot;focal_length&quot;:&quot;0&quot;,&quot;iso&quot;:&quot;0&quot;,&quot;shutter_speed&quot;:&quot;0&quot;,&quot;title&quot;:&quot;&quot;,&quot;orientation&quot;:&quot;0&quot;}\" data-image-title=\"volksworld-2017-1\" data-image-description=\"\" data-image-caption=\"&lt;p&gt;VolksWorld Show 2017&lt;\/p&gt;\n\" data-large-file=\"https:\/\/i0.wp.com\/terjebjornstad.com\/no\/wp-content\/uploads\/2017\/03\/volksworld-2017-1.png?fit=686%2C457&amp;ssl=1\" src=\"https:\/\/i0.wp.com\/terjebjornstad.com\/no\/wp-content\/uploads\/2017\/03\/volksworld-2017-1.png?resize=150%2C150&#038;ssl=1\" alt=\"\" width=\"150\" height=\"150\" class=\"size-thumbnail wp-image-9771\" srcset=\"https:\/\/i0.wp.com\/terjebjornstad.com\/no\/wp-content\/uploads\/2017\/03\/volksworld-2017-1.png?resize=150%2C150&amp;ssl=1 150w, https:\/\/i0.wp.com\/terjebjornstad.com\/no\/wp-content\/uploads\/2017\/03\/volksworld-2017-1.png?resize=50%2C50&amp;ssl=1 50w, https:\/\/i0.wp.com\/terjebjornstad.com\/no\/wp-content\/uploads\/2017\/03\/volksworld-2017-1.png?zoom=2&amp;resize=150%2C150&amp;ssl=1 300w, https:\/\/i0.wp.com\/terjebjornstad.com\/no\/wp-content\/uploads\/2017\/03\/volksworld-2017-1.png?zoom=3&amp;resize=150%2C150&amp;ssl=1 450w\" sizes=\"auto, (max-width: 150px) 100vw, 150px\" \/><\/a><figcaption id=\"caption-attachment-9771\" class=\"wp-caption-text\">VolksWorld Show 2017.<\/figcaption><\/figure><figure id=\"attachment_4428\" aria-describedby=\"caption-attachment-4428\" style=\"width: 150px\" class=\"wp-caption alignleft\"><a href=\"https:\/\/terjebjornstad.com\/no\/2016\/05\/16\/folkevogn-pa-folkemuseet\/\"><img data-recalc-dims=\"1\" loading=\"lazy\" decoding=\"async\" data-attachment-id=\"4428\" data-permalink=\"https:\/\/terjebjornstad.com\/no\/2016\/05\/16\/folkevogn-pa-folkemuseet\/folkemuseet-1\/\" data-orig-file=\"https:\/\/i0.wp.com\/terjebjornstad.com\/no\/wp-content\/uploads\/2016\/05\/folkemuseet-1.png?fit=686%2C457&amp;ssl=1\" data-orig-size=\"686,457\" data-comments-opened=\"1\" data-image-meta=\"{&quot;aperture&quot;:&quot;0&quot;,&quot;credit&quot;:&quot;&quot;,&quot;camera&quot;:&quot;&quot;,&quot;caption&quot;:&quot;&quot;,&quot;created_timestamp&quot;:&quot;0&quot;,&quot;copyright&quot;:&quot;&quot;,&quot;focal_length&quot;:&quot;0&quot;,&quot;iso&quot;:&quot;0&quot;,&quot;shutter_speed&quot;:&quot;0&quot;,&quot;title&quot;:&quot;&quot;,&quot;orientation&quot;:&quot;0&quot;}\" data-image-title=\"folkemuseet-1\" data-image-description=\"\" data-image-caption=\"&lt;p&gt;Folkevogn-samling p\u00e5 Folkemuseet.&lt;\/p&gt;\n\" data-large-file=\"https:\/\/i0.wp.com\/terjebjornstad.com\/no\/wp-content\/uploads\/2016\/05\/folkemuseet-1.png?fit=686%2C457&amp;ssl=1\" src=\"https:\/\/i0.wp.com\/terjebjornstad.com\/no\/wp-content\/uploads\/2016\/05\/folkemuseet-1.png?resize=150%2C150&#038;ssl=1\" alt=\"\" width=\"150\" height=\"150\" class=\"size-thumbnail wp-image-4428\" srcset=\"https:\/\/i0.wp.com\/terjebjornstad.com\/no\/wp-content\/uploads\/2016\/05\/folkemuseet-1.png?resize=150%2C150&amp;ssl=1 150w, https:\/\/i0.wp.com\/terjebjornstad.com\/no\/wp-content\/uploads\/2016\/05\/folkemuseet-1.png?resize=50%2C50&amp;ssl=1 50w, https:\/\/i0.wp.com\/terjebjornstad.com\/no\/wp-content\/uploads\/2016\/05\/folkemuseet-1.png?zoom=2&amp;resize=150%2C150&amp;ssl=1 300w, https:\/\/i0.wp.com\/terjebjornstad.com\/no\/wp-content\/uploads\/2016\/05\/folkemuseet-1.png?zoom=3&amp;resize=150%2C150&amp;ssl=1 450w\" sizes=\"auto, (max-width: 150px) 100vw, 150px\" \/><\/a><figcaption id=\"caption-attachment-4428\" class=\"wp-caption-text\">Folkevogn-samling p\u00e5 Folkemuseet.<\/figcaption><\/figure>\n<\/div>\n\n","protected":false,"gt_translate_keys":[{"key":"rendered","format":"html"}]},"excerpt":{"rendered":"<p>Mange sier at det nesten aldri regnet da man var barn. Sannheten er vel at det regnet like mye, men at det er solskinnsdagene som festet seg til minnet. Folkevogner i regnv\u00e6r vekker mange minner. I &laquo;gamle dager&raquo; hadde ikke folk store SUV&#8217;er. De dro p\u00e5 bilferie i folkevogner. Eksotiske turer til Valdres og Telemark. [&hellip;]<\/p>\n","protected":false,"gt_translate_keys":[{"key":"rendered","format":"html"}]},"author":1,"featured_media":24755,"comment_status":"open","ping_status":"open","sticky":false,"template":"","format":"standard","meta":{"_monsterinsights_skip_tracking":false,"_monsterinsights_sitenote_active":false,"_monsterinsights_sitenote_note":"","_monsterinsights_sitenote_category":0,"jetpack_post_was_ever_published":false,"_jetpack_newsletter_access":"","_jetpack_dont_email_post_to_subs":false,"_jetpack_newsletter_tier_id":0,"_jetpack_memberships_contains_paywalled_content":false,"_jetpack_memberships_contains_paid_content":false,"footnotes":"","jetpack_publicize_message":"","jetpack_publicize_feature_enabled":true,"jetpack_social_post_already_shared":true,"jetpack_social_options":{"image_generator_settings":{"template":"highway","default_image_id":0,"font":"","enabled":false},"version":2}},"categories":[34,38],"tags":[2301,2300,2303,2299,2302,2305,2304,2306,590,2298,2307],"class_list":["post-24753","post","type-post","status-publish","format-standard","has-post-thumbnail","hentry","category-artikkel","category-volkswagen","tag-aircooled-volkswagen","tag-aircooled-vw","tag-biltur-folkevogn","tag-boble","tag-ferieminner-folkevogn","tag-folkevogn","tag-folkevogn-bilder","tag-folkevogn-picnic","tag-folkevognboble","tag-folkevognferie","tag-veteran-vw-klubben"],"yoast_head":"<!-- This site is optimized with the Yoast SEO plugin v27.5 - https:\/\/yoast.com\/product\/yoast-seo-wordpress\/ -->\n<title>Aircooled Volkswagen - Regnv\u00e6rsnostalgi - Terjes biler<\/title>\n<meta name=\"description\" content=\"Aircooled Volkswagen i regnv\u00e6r vekker mange minner. I &quot;gamle dager&quot; hadde ikke folk store SUV&#039;er. De dro p\u00e5 bilferie i folkevogner.\" \/>\n<meta name=\"robots\" content=\"index, follow, max-snippet:-1, max-image-preview:large, max-video-preview:-1\" \/>\n<link rel=\"canonical\" href=\"https:\/\/terjebjornstad.com\/no\/2019\/07\/08\/regnvaersnostalgi\/\" \/>\n<meta property=\"og:locale\" content=\"nb_NO\" \/>\n<meta property=\"og:type\" content=\"article\" \/>\n<meta property=\"og:title\" content=\"Aircooled Volkswagen - Regnv\u00e6rsnostalgi - Terjes biler\" \/>\n<meta property=\"og:description\" content=\"Aircooled Volkswagen i regnv\u00e6r vekker mange minner. I &quot;gamle dager&quot; hadde ikke folk store SUV&#039;er. De dro p\u00e5 bilferie i folkevogner.\" \/>\n<meta property=\"og:url\" content=\"https:\/\/terjebjornstad.com\/no\/2019\/07\/08\/regnvaersnostalgi\/\" \/>\n<meta property=\"og:site_name\" content=\"Terjes biler\" \/>\n<meta property=\"article:publisher\" content=\"https:\/\/www.facebook.com\/terjesbiler\/\" \/>\n<meta property=\"article:author\" content=\"https:\/\/www.facebook.com\/terjesbiler\" \/>\n<meta property=\"article:published_time\" content=\"2019-07-08T01:00:26+00:00\" \/>\n<meta property=\"article:modified_time\" content=\"2026-03-09T11:26:51+00:00\" \/>\n<meta property=\"og:image\" content=\"https:\/\/terjebjornstad.com\/no\/wp-content\/uploads\/2019\/07\/vvw-det-regnar-och-regnar-1080x1080.png\" \/>\n\t<meta property=\"og:image:width\" content=\"1080\" \/>\n\t<meta property=\"og:image:height\" content=\"1080\" \/>\n\t<meta property=\"og:image:type\" content=\"image\/png\" \/>\n<meta name=\"author\" content=\"Terje Bj\u00f8rnstad\" \/>\n<meta name=\"twitter:card\" content=\"summary_large_image\" \/>\n<meta name=\"twitter:label1\" content=\"Skrevet av\" \/>\n\t<meta name=\"twitter:data1\" content=\"Terje Bj\u00f8rnstad\" \/>\n\t<meta name=\"twitter:label2\" content=\"Ansl. lesetid\" \/>\n\t<meta name=\"twitter:data2\" content=\"5 minutter\" \/>\n<script type=\"application\/ld+json\" class=\"yoast-schema-graph\">{\"@context\":\"https:\\\/\\\/schema.org\",\"@graph\":[{\"@type\":\"Article\",\"@id\":\"https:\\\/\\\/terjebjornstad.com\\\/no\\\/2019\\\/07\\\/08\\\/regnvaersnostalgi\\\/#article\",\"isPartOf\":{\"@id\":\"https:\\\/\\\/terjebjornstad.com\\\/no\\\/2019\\\/07\\\/08\\\/regnvaersnostalgi\\\/\"},\"author\":{\"name\":\"Terje Bj\u00f8rnstad\",\"@id\":\"https:\\\/\\\/terjebjornstad.com\\\/no\\\/#\\\/schema\\\/person\\\/a281f6a6e0f3cc9fe468e7f0c655aa65\"},\"headline\":\"Regnv\u00e6rsnostalgi\",\"datePublished\":\"2019-07-08T01:00:26+00:00\",\"dateModified\":\"2026-03-09T11:26:51+00:00\",\"mainEntityOfPage\":{\"@id\":\"https:\\\/\\\/terjebjornstad.com\\\/no\\\/2019\\\/07\\\/08\\\/regnvaersnostalgi\\\/\"},\"wordCount\":470,\"commentCount\":2,\"publisher\":{\"@id\":\"https:\\\/\\\/terjebjornstad.com\\\/no\\\/#organization\"},\"image\":{\"@id\":\"https:\\\/\\\/terjebjornstad.com\\\/no\\\/2019\\\/07\\\/08\\\/regnvaersnostalgi\\\/#primaryimage\"},\"thumbnailUrl\":\"https:\\\/\\\/i0.wp.com\\\/terjebjornstad.com\\\/no\\\/wp-content\\\/uploads\\\/2019\\\/07\\\/vvw-det-regnar-och-regnar-1080x1080.png?fit=1080%2C1080&ssl=1\",\"keywords\":[\"aircooled volkswagen\",\"aircooled vw\",\"biltur folkevogn\",\"Boble\",\"ferieminner folkevogn\",\"Folkevogn\",\"folkevogn bilder\",\"folkevogn picnic\",\"Folkevognboble\",\"folkevognferie\",\"Veteran VW Klubben\"],\"articleSection\":[\"Artikkel\",\"Volkswagen\"],\"inLanguage\":\"nb-NO\",\"potentialAction\":[{\"@type\":\"CommentAction\",\"name\":\"Comment\",\"target\":[\"https:\\\/\\\/terjebjornstad.com\\\/no\\\/2019\\\/07\\\/08\\\/regnvaersnostalgi\\\/#respond\"]}]},{\"@type\":\"WebPage\",\"@id\":\"https:\\\/\\\/terjebjornstad.com\\\/no\\\/2019\\\/07\\\/08\\\/regnvaersnostalgi\\\/\",\"url\":\"https:\\\/\\\/terjebjornstad.com\\\/no\\\/2019\\\/07\\\/08\\\/regnvaersnostalgi\\\/\",\"name\":\"Aircooled Volkswagen - Regnv\u00e6rsnostalgi - Terjes biler\",\"isPartOf\":{\"@id\":\"https:\\\/\\\/terjebjornstad.com\\\/no\\\/#website\"},\"primaryImageOfPage\":{\"@id\":\"https:\\\/\\\/terjebjornstad.com\\\/no\\\/2019\\\/07\\\/08\\\/regnvaersnostalgi\\\/#primaryimage\"},\"image\":{\"@id\":\"https:\\\/\\\/terjebjornstad.com\\\/no\\\/2019\\\/07\\\/08\\\/regnvaersnostalgi\\\/#primaryimage\"},\"thumbnailUrl\":\"https:\\\/\\\/i0.wp.com\\\/terjebjornstad.com\\\/no\\\/wp-content\\\/uploads\\\/2019\\\/07\\\/vvw-det-regnar-och-regnar-1080x1080.png?fit=1080%2C1080&ssl=1\",\"datePublished\":\"2019-07-08T01:00:26+00:00\",\"dateModified\":\"2026-03-09T11:26:51+00:00\",\"description\":\"Aircooled Volkswagen i regnv\u00e6r vekker mange minner. I \\\"gamle dager\\\" hadde ikke folk store SUV'er. De dro p\u00e5 bilferie i folkevogner.\",\"breadcrumb\":{\"@id\":\"https:\\\/\\\/terjebjornstad.com\\\/no\\\/2019\\\/07\\\/08\\\/regnvaersnostalgi\\\/#breadcrumb\"},\"inLanguage\":\"nb-NO\",\"potentialAction\":[{\"@type\":\"ReadAction\",\"target\":[\"https:\\\/\\\/terjebjornstad.com\\\/no\\\/2019\\\/07\\\/08\\\/regnvaersnostalgi\\\/\"]}]},{\"@type\":\"ImageObject\",\"inLanguage\":\"nb-NO\",\"@id\":\"https:\\\/\\\/terjebjornstad.com\\\/no\\\/2019\\\/07\\\/08\\\/regnvaersnostalgi\\\/#primaryimage\",\"url\":\"https:\\\/\\\/i0.wp.com\\\/terjebjornstad.com\\\/no\\\/wp-content\\\/uploads\\\/2019\\\/07\\\/vvw-det-regnar-och-regnar-1080x1080.png?fit=1080%2C1080&ssl=1\",\"contentUrl\":\"https:\\\/\\\/i0.wp.com\\\/terjebjornstad.com\\\/no\\\/wp-content\\\/uploads\\\/2019\\\/07\\\/vvw-det-regnar-och-regnar-1080x1080.png?fit=1080%2C1080&ssl=1\",\"width\":1080,\"height\":1080,\"caption\":\"Regn p\u00e5 picnic-bordet.\"},{\"@type\":\"BreadcrumbList\",\"@id\":\"https:\\\/\\\/terjebjornstad.com\\\/no\\\/2019\\\/07\\\/08\\\/regnvaersnostalgi\\\/#breadcrumb\",\"itemListElement\":[{\"@type\":\"ListItem\",\"position\":1,\"name\":\"Hjem\",\"item\":\"https:\\\/\\\/terjebjornstad.com\\\/no\\\/\"},{\"@type\":\"ListItem\",\"position\":2,\"name\":\"Regnv\u00e6rsnostalgi\"}]},{\"@type\":\"WebSite\",\"@id\":\"https:\\\/\\\/terjebjornstad.com\\\/no\\\/#website\",\"url\":\"https:\\\/\\\/terjebjornstad.com\\\/no\\\/\",\"name\":\"Terjes biler\",\"description\":\"HONEST ABOUT CARS\",\"publisher\":{\"@id\":\"https:\\\/\\\/terjebjornstad.com\\\/no\\\/#organization\"},\"alternateName\":\"Terjebjornstad.com\",\"potentialAction\":[{\"@type\":\"SearchAction\",\"target\":{\"@type\":\"EntryPoint\",\"urlTemplate\":\"https:\\\/\\\/terjebjornstad.com\\\/no\\\/?s={search_term_string}\"},\"query-input\":{\"@type\":\"PropertyValueSpecification\",\"valueRequired\":true,\"valueName\":\"search_term_string\"}}],\"inLanguage\":\"nb-NO\"},{\"@type\":\"Organization\",\"@id\":\"https:\\\/\\\/terjebjornstad.com\\\/no\\\/#organization\",\"name\":\"Terje Bj\u00f8rnstad ENK\",\"url\":\"https:\\\/\\\/terjebjornstad.com\\\/no\\\/\",\"logo\":{\"@type\":\"ImageObject\",\"inLanguage\":\"nb-NO\",\"@id\":\"https:\\\/\\\/terjebjornstad.com\\\/no\\\/#\\\/schema\\\/logo\\\/image\\\/\",\"url\":\"https:\\\/\\\/i0.wp.com\\\/terjebjornstad.com\\\/no\\\/wp-content\\\/uploads\\\/2026\\\/02\\\/terjesbiler2024-960x354-1.png?fit=960%2C354&ssl=1\",\"contentUrl\":\"https:\\\/\\\/i0.wp.com\\\/terjebjornstad.com\\\/no\\\/wp-content\\\/uploads\\\/2026\\\/02\\\/terjesbiler2024-960x354-1.png?fit=960%2C354&ssl=1\",\"width\":960,\"height\":354,\"caption\":\"Terje Bj\u00f8rnstad ENK\"},\"image\":{\"@id\":\"https:\\\/\\\/terjebjornstad.com\\\/no\\\/#\\\/schema\\\/logo\\\/image\\\/\"},\"sameAs\":[\"https:\\\/\\\/www.facebook.com\\\/terjesbiler\\\/\",\"https:\\\/\\\/www.instagram.com\\\/terjesbiler\\\/\",\"https:\\\/\\\/www.pinteres.com\\\/terjebjrnstad\\\/terjes-biler\\\/\"]},{\"@type\":\"Person\",\"@id\":\"https:\\\/\\\/terjebjornstad.com\\\/no\\\/#\\\/schema\\\/person\\\/a281f6a6e0f3cc9fe468e7f0c655aa65\",\"name\":\"Terje Bj\u00f8rnstad\",\"image\":{\"@type\":\"ImageObject\",\"inLanguage\":\"nb-NO\",\"@id\":\"https:\\\/\\\/secure.gravatar.com\\\/avatar\\\/e8dff505b51cf6cb67ae06a06022d2049aac2da1e79dc146a36b58798c4b40ea?s=96&d=mm&r=g\",\"url\":\"https:\\\/\\\/secure.gravatar.com\\\/avatar\\\/e8dff505b51cf6cb67ae06a06022d2049aac2da1e79dc146a36b58798c4b40ea?s=96&d=mm&r=g\",\"contentUrl\":\"https:\\\/\\\/secure.gravatar.com\\\/avatar\\\/e8dff505b51cf6cb67ae06a06022d2049aac2da1e79dc146a36b58798c4b40ea?s=96&d=mm&r=g\",\"caption\":\"Terje Bj\u00f8rnstad\"},\"description\":\"Terje Bj\u00f8rnstad. Bloggadministrator, hobbyfotograf og bilnerd.\",\"sameAs\":[\"https:\\\/\\\/www.facebook.com\\\/terjesbiler\",\"https:\\\/\\\/www.instagram.com\\\/terjesbiler\",\"https:\\\/\\\/no.pinterest.com\\\/terjebjrnstad\",\"https:\\\/\\\/www.youtube.com\\\/channel\\\/UCzCKJJDybyIgKqatc_JQqIg\"]}]}<\/script>\n<!-- \/ Yoast SEO plugin. -->","yoast_head_json":{"title":"Aircooled Volkswagen - Regnv\u00e6rsnostalgi - Terjes biler","description":"Aircooled Volkswagen i regnv\u00e6r vekker mange minner. I \"gamle dager\" hadde ikke folk store SUV'er. De dro p\u00e5 bilferie i folkevogner.","robots":{"index":"index","follow":"follow","max-snippet":"max-snippet:-1","max-image-preview":"max-image-preview:large","max-video-preview":"max-video-preview:-1"},"canonical":"https:\/\/terjebjornstad.com\/no\/2019\/07\/08\/regnvaersnostalgi\/","og_locale":"nb_NO","og_type":"article","og_title":"Aircooled Volkswagen - Regnv\u00e6rsnostalgi - Terjes biler","og_description":"Aircooled Volkswagen i regnv\u00e6r vekker mange minner. I \"gamle dager\" hadde ikke folk store SUV'er. De dro p\u00e5 bilferie i folkevogner.","og_url":"https:\/\/terjebjornstad.com\/no\/2019\/07\/08\/regnvaersnostalgi\/","og_site_name":"Terjes biler","article_publisher":"https:\/\/www.facebook.com\/terjesbiler\/","article_author":"https:\/\/www.facebook.com\/terjesbiler","article_published_time":"2019-07-08T01:00:26+00:00","article_modified_time":"2026-03-09T11:26:51+00:00","og_image":[{"width":1080,"height":1080,"url":"https:\/\/terjebjornstad.com\/no\/wp-content\/uploads\/2019\/07\/vvw-det-regnar-och-regnar-1080x1080.png","type":"image\/png"}],"author":"Terje Bj\u00f8rnstad","twitter_card":"summary_large_image","twitter_misc":{"Skrevet av":"Terje Bj\u00f8rnstad","Ansl. lesetid":"5 minutter"},"schema":{"@context":"https:\/\/schema.org","@graph":[{"@type":"Article","@id":"https:\/\/terjebjornstad.com\/no\/2019\/07\/08\/regnvaersnostalgi\/#article","isPartOf":{"@id":"https:\/\/terjebjornstad.com\/no\/2019\/07\/08\/regnvaersnostalgi\/"},"author":{"name":"Terje Bj\u00f8rnstad","@id":"https:\/\/terjebjornstad.com\/no\/#\/schema\/person\/a281f6a6e0f3cc9fe468e7f0c655aa65"},"headline":"Regnv\u00e6rsnostalgi","datePublished":"2019-07-08T01:00:26+00:00","dateModified":"2026-03-09T11:26:51+00:00","mainEntityOfPage":{"@id":"https:\/\/terjebjornstad.com\/no\/2019\/07\/08\/regnvaersnostalgi\/"},"wordCount":470,"commentCount":2,"publisher":{"@id":"https:\/\/terjebjornstad.com\/no\/#organization"},"image":{"@id":"https:\/\/terjebjornstad.com\/no\/2019\/07\/08\/regnvaersnostalgi\/#primaryimage"},"thumbnailUrl":"https:\/\/i0.wp.com\/terjebjornstad.com\/no\/wp-content\/uploads\/2019\/07\/vvw-det-regnar-och-regnar-1080x1080.png?fit=1080%2C1080&ssl=1","keywords":["aircooled volkswagen","aircooled vw","biltur folkevogn","Boble","ferieminner folkevogn","Folkevogn","folkevogn bilder","folkevogn picnic","Folkevognboble","folkevognferie","Veteran VW Klubben"],"articleSection":["Artikkel","Volkswagen"],"inLanguage":"nb-NO","potentialAction":[{"@type":"CommentAction","name":"Comment","target":["https:\/\/terjebjornstad.com\/no\/2019\/07\/08\/regnvaersnostalgi\/#respond"]}]},{"@type":"WebPage","@id":"https:\/\/terjebjornstad.com\/no\/2019\/07\/08\/regnvaersnostalgi\/","url":"https:\/\/terjebjornstad.com\/no\/2019\/07\/08\/regnvaersnostalgi\/","name":"Aircooled Volkswagen - Regnv\u00e6rsnostalgi - Terjes biler","isPartOf":{"@id":"https:\/\/terjebjornstad.com\/no\/#website"},"primaryImageOfPage":{"@id":"https:\/\/terjebjornstad.com\/no\/2019\/07\/08\/regnvaersnostalgi\/#primaryimage"},"image":{"@id":"https:\/\/terjebjornstad.com\/no\/2019\/07\/08\/regnvaersnostalgi\/#primaryimage"},"thumbnailUrl":"https:\/\/i0.wp.com\/terjebjornstad.com\/no\/wp-content\/uploads\/2019\/07\/vvw-det-regnar-och-regnar-1080x1080.png?fit=1080%2C1080&ssl=1","datePublished":"2019-07-08T01:00:26+00:00","dateModified":"2026-03-09T11:26:51+00:00","description":"Aircooled Volkswagen i regnv\u00e6r vekker mange minner. I \"gamle dager\" hadde ikke folk store SUV'er. De dro p\u00e5 bilferie i folkevogner.","breadcrumb":{"@id":"https:\/\/terjebjornstad.com\/no\/2019\/07\/08\/regnvaersnostalgi\/#breadcrumb"},"inLanguage":"nb-NO","potentialAction":[{"@type":"ReadAction","target":["https:\/\/terjebjornstad.com\/no\/2019\/07\/08\/regnvaersnostalgi\/"]}]},{"@type":"ImageObject","inLanguage":"nb-NO","@id":"https:\/\/terjebjornstad.com\/no\/2019\/07\/08\/regnvaersnostalgi\/#primaryimage","url":"https:\/\/i0.wp.com\/terjebjornstad.com\/no\/wp-content\/uploads\/2019\/07\/vvw-det-regnar-och-regnar-1080x1080.png?fit=1080%2C1080&ssl=1","contentUrl":"https:\/\/i0.wp.com\/terjebjornstad.com\/no\/wp-content\/uploads\/2019\/07\/vvw-det-regnar-och-regnar-1080x1080.png?fit=1080%2C1080&ssl=1","width":1080,"height":1080,"caption":"Regn p\u00e5 picnic-bordet."},{"@type":"BreadcrumbList","@id":"https:\/\/terjebjornstad.com\/no\/2019\/07\/08\/regnvaersnostalgi\/#breadcrumb","itemListElement":[{"@type":"ListItem","position":1,"name":"Hjem","item":"https:\/\/terjebjornstad.com\/no\/"},{"@type":"ListItem","position":2,"name":"Regnv\u00e6rsnostalgi"}]},{"@type":"WebSite","@id":"https:\/\/terjebjornstad.com\/no\/#website","url":"https:\/\/terjebjornstad.com\/no\/","name":"Terjes biler","description":"HONEST ABOUT CARS","publisher":{"@id":"https:\/\/terjebjornstad.com\/no\/#organization"},"alternateName":"Terjebjornstad.com","potentialAction":[{"@type":"SearchAction","target":{"@type":"EntryPoint","urlTemplate":"https:\/\/terjebjornstad.com\/no\/?s={search_term_string}"},"query-input":{"@type":"PropertyValueSpecification","valueRequired":true,"valueName":"search_term_string"}}],"inLanguage":"nb-NO"},{"@type":"Organization","@id":"https:\/\/terjebjornstad.com\/no\/#organization","name":"Terje Bj\u00f8rnstad ENK","url":"https:\/\/terjebjornstad.com\/no\/","logo":{"@type":"ImageObject","inLanguage":"nb-NO","@id":"https:\/\/terjebjornstad.com\/no\/#\/schema\/logo\/image\/","url":"https:\/\/i0.wp.com\/terjebjornstad.com\/no\/wp-content\/uploads\/2026\/02\/terjesbiler2024-960x354-1.png?fit=960%2C354&ssl=1","contentUrl":"https:\/\/i0.wp.com\/terjebjornstad.com\/no\/wp-content\/uploads\/2026\/02\/terjesbiler2024-960x354-1.png?fit=960%2C354&ssl=1","width":960,"height":354,"caption":"Terje Bj\u00f8rnstad ENK"},"image":{"@id":"https:\/\/terjebjornstad.com\/no\/#\/schema\/logo\/image\/"},"sameAs":["https:\/\/www.facebook.com\/terjesbiler\/","https:\/\/www.instagram.com\/terjesbiler\/","https:\/\/www.pinteres.com\/terjebjrnstad\/terjes-biler\/"]},{"@type":"Person","@id":"https:\/\/terjebjornstad.com\/no\/#\/schema\/person\/a281f6a6e0f3cc9fe468e7f0c655aa65","name":"Terje Bj\u00f8rnstad","image":{"@type":"ImageObject","inLanguage":"nb-NO","@id":"https:\/\/secure.gravatar.com\/avatar\/e8dff505b51cf6cb67ae06a06022d2049aac2da1e79dc146a36b58798c4b40ea?s=96&d=mm&r=g","url":"https:\/\/secure.gravatar.com\/avatar\/e8dff505b51cf6cb67ae06a06022d2049aac2da1e79dc146a36b58798c4b40ea?s=96&d=mm&r=g","contentUrl":"https:\/\/secure.gravatar.com\/avatar\/e8dff505b51cf6cb67ae06a06022d2049aac2da1e79dc146a36b58798c4b40ea?s=96&d=mm&r=g","caption":"Terje Bj\u00f8rnstad"},"description":"Terje Bj\u00f8rnstad. Bloggadministrator, hobbyfotograf og bilnerd.","sameAs":["https:\/\/www.facebook.com\/terjesbiler","https:\/\/www.instagram.com\/terjesbiler","https:\/\/no.pinterest.com\/terjebjrnstad","https:\/\/www.youtube.com\/channel\/UCzCKJJDybyIgKqatc_JQqIg"]}]}},"jetpack_publicize_connections":[],"jetpack_featured_media_url":"https:\/\/i0.wp.com\/terjebjornstad.com\/no\/wp-content\/uploads\/2019\/07\/vvw-det-regnar-och-regnar-1080x1080.png?fit=1080%2C1080&ssl=1","jetpack_sharing_enabled":true,"jetpack_shortlink":"https:\/\/wp.me\/p48zYA-6rf","jetpack-related-posts":[{"id":40848,"url":"https:\/\/terjebjornstad.com\/no\/2021\/06\/07\/folkevogner-pa-vift\/","url_meta":{"origin":24753,"position":0},"title":"Folkevogner p\u00e5 vift","author":"Terje Bj\u00f8rnstad","date":"07\/06\/2021","format":false,"excerpt":"Det var Veteran VW klubben i R\u00f8yken, Asker og B\u00e6rum som arrangerte en kj\u00f8retur for forh\u00e5ndsp\u00e5meldte medlemmer. Turen startet p\u00e5 S\u00e6tre og gikk Hurum rundt. \u00a0 Fortsatt bruksbiler Veteran VW klubben er for folkevogner som er 30 \u00e5r eller eldre, alts\u00e5 ordentlige veteranbiler etter gammel ordning. Men n\u00e5r man ser\u2026","rel":"","context":"i &quot;Aircooled&quot;","block_context":{"text":"Aircooled","link":"https:\/\/terjebjornstad.com\/no\/category\/volkswagen\/aircooled\/"},"img":{"alt_text":"#veteranVWklubb","src":"https:\/\/i0.wp.com\/terjebjornstad.com\/no\/wp-content\/uploads\/2021\/06\/1958-volkswagen-1200-vvw-2-1080x720-1.png?fit=1080%2C720&ssl=1&resize=350%2C200","width":350,"height":200,"srcset":"https:\/\/i0.wp.com\/terjebjornstad.com\/no\/wp-content\/uploads\/2021\/06\/1958-volkswagen-1200-vvw-2-1080x720-1.png?fit=1080%2C720&ssl=1&resize=350%2C200 1x, https:\/\/i0.wp.com\/terjebjornstad.com\/no\/wp-content\/uploads\/2021\/06\/1958-volkswagen-1200-vvw-2-1080x720-1.png?fit=1080%2C720&ssl=1&resize=525%2C300 1.5x, https:\/\/i0.wp.com\/terjebjornstad.com\/no\/wp-content\/uploads\/2021\/06\/1958-volkswagen-1200-vvw-2-1080x720-1.png?fit=1080%2C720&ssl=1&resize=700%2C400 2x, https:\/\/i0.wp.com\/terjebjornstad.com\/no\/wp-content\/uploads\/2021\/06\/1958-volkswagen-1200-vvw-2-1080x720-1.png?fit=1080%2C720&ssl=1&resize=1050%2C600 3x"},"classes":[]},{"id":26378,"url":"https:\/\/terjebjornstad.com\/no\/2019\/09\/25\/herbie-i-tossa-de-mar\/","url_meta":{"origin":24753,"position":1},"title":"Herbie i Tossa de Mar","author":"Terje Bj\u00f8rnstad","date":"25\/09\/2019","format":false,"excerpt":"P\u00e5 sin 26. \u00e5rlige samling av luftavkj\u00f8lte folkevogner benyttet arrang\u00f8ren, Amics del Volkswagen de Catalunya, anledningen til \u00e5 feire Herbie. I \u00e5r er det 50 \u00e5r siden den f\u00f8rste gang ble vist p\u00e5 Katalanske kinoer. Filmen om den den sjarmerende og egenr\u00e5dige bobla hadde premiere i 1968, men kom ikke\u2026","rel":"","context":"i &quot;Aircooled&quot;","block_context":{"text":"Aircooled","link":"https:\/\/terjebjornstad.com\/no\/category\/volkswagen\/aircooled\/"},"img":{"alt_text":"herbie","src":"https:\/\/i0.wp.com\/terjebjornstad.com\/no\/wp-content\/uploads\/2019\/09\/herbie-1-1080x720.png?fit=1080%2C720&ssl=1&resize=350%2C200","width":350,"height":200,"srcset":"https:\/\/i0.wp.com\/terjebjornstad.com\/no\/wp-content\/uploads\/2019\/09\/herbie-1-1080x720.png?fit=1080%2C720&ssl=1&resize=350%2C200 1x, https:\/\/i0.wp.com\/terjebjornstad.com\/no\/wp-content\/uploads\/2019\/09\/herbie-1-1080x720.png?fit=1080%2C720&ssl=1&resize=525%2C300 1.5x, https:\/\/i0.wp.com\/terjebjornstad.com\/no\/wp-content\/uploads\/2019\/09\/herbie-1-1080x720.png?fit=1080%2C720&ssl=1&resize=700%2C400 2x, https:\/\/i0.wp.com\/terjebjornstad.com\/no\/wp-content\/uploads\/2019\/09\/herbie-1-1080x720.png?fit=1080%2C720&ssl=1&resize=1050%2C600 3x"},"classes":[]},{"id":43449,"url":"https:\/\/terjebjornstad.com\/no\/2021\/09\/26\/aircooled-tossa-de-mar-2021\/","url_meta":{"origin":24753,"position":2},"title":"Aircooled Tossa de Mar 2021","author":"Terje Bj\u00f8rnstad","date":"26\/09\/2021","format":false,"excerpt":"Litt show, litt sirkus, fulle gatekaf\u00e9er med glade mennesker, h\u00f8y musikk og mye folk. \u00a0 To \u00e5r siden sist Covid satte en stopper for arrangementet i fjor. I \u00e5r var arrangementet tonet ned - fra et helgetreff til et \u00e9n-dags evenement begrenset til 150 biler. Arrang\u00f8ren, Amics del Volkswagen de\u2026","rel":"","context":"i &quot;Aircooled&quot;","block_context":{"text":"Aircooled","link":"https:\/\/terjebjornstad.com\/no\/category\/volkswagen\/aircooled\/"},"img":{"alt_text":"","src":"https:\/\/i0.wp.com\/terjebjornstad.com\/no\/wp-content\/uploads\/2021\/09\/2021-tossa-vw-t1-2-1080x720-1.png?fit=1080%2C720&ssl=1&resize=350%2C200","width":350,"height":200,"srcset":"https:\/\/i0.wp.com\/terjebjornstad.com\/no\/wp-content\/uploads\/2021\/09\/2021-tossa-vw-t1-2-1080x720-1.png?fit=1080%2C720&ssl=1&resize=350%2C200 1x, https:\/\/i0.wp.com\/terjebjornstad.com\/no\/wp-content\/uploads\/2021\/09\/2021-tossa-vw-t1-2-1080x720-1.png?fit=1080%2C720&ssl=1&resize=525%2C300 1.5x, https:\/\/i0.wp.com\/terjebjornstad.com\/no\/wp-content\/uploads\/2021\/09\/2021-tossa-vw-t1-2-1080x720-1.png?fit=1080%2C720&ssl=1&resize=700%2C400 2x, https:\/\/i0.wp.com\/terjebjornstad.com\/no\/wp-content\/uploads\/2021\/09\/2021-tossa-vw-t1-2-1080x720-1.png?fit=1080%2C720&ssl=1&resize=1050%2C600 3x"},"classes":[]},{"id":31308,"url":"https:\/\/terjebjornstad.com\/no\/2020\/03\/01\/boble-med-tesla-drivverk\/","url_meta":{"origin":24753,"position":3},"title":"Tesla-drivverk i bobla","author":"Terje Bj\u00f8rnstad","date":"01\/03\/2020","format":false,"excerpt":"Bertie er ikke som andre folkevogner. Den er blitt konvertert til elbil. 1200-motoren er byttet ut med elmotor. Bensintanken er fjernet og bagasjerommet foran inneholder n\u00e5 batterier. \u00a0 Det er ogs\u00e5 montert batterier under baksetet. I f\u00f8lge produsenten er det ikke sk\u00e5ret ut eller gjort noen modifikasjoner av ramme og\u2026","rel":"","context":"i &quot;Aircooled&quot;","block_context":{"text":"Aircooled","link":"https:\/\/terjebjornstad.com\/no\/category\/volkswagen\/aircooled\/"},"img":{"alt_text":"","src":"https:\/\/i0.wp.com\/terjebjornstad.com\/no\/wp-content\/uploads\/2020\/03\/elektrogenic-1-1080x720-1.png?fit=1080%2C720&ssl=1&resize=350%2C200","width":350,"height":200,"srcset":"https:\/\/i0.wp.com\/terjebjornstad.com\/no\/wp-content\/uploads\/2020\/03\/elektrogenic-1-1080x720-1.png?fit=1080%2C720&ssl=1&resize=350%2C200 1x, https:\/\/i0.wp.com\/terjebjornstad.com\/no\/wp-content\/uploads\/2020\/03\/elektrogenic-1-1080x720-1.png?fit=1080%2C720&ssl=1&resize=525%2C300 1.5x, https:\/\/i0.wp.com\/terjebjornstad.com\/no\/wp-content\/uploads\/2020\/03\/elektrogenic-1-1080x720-1.png?fit=1080%2C720&ssl=1&resize=700%2C400 2x, https:\/\/i0.wp.com\/terjebjornstad.com\/no\/wp-content\/uploads\/2020\/03\/elektrogenic-1-1080x720-1.png?fit=1080%2C720&ssl=1&resize=1050%2C600 3x"},"classes":[]},{"id":9789,"url":"https:\/\/terjebjornstad.com\/no\/2017\/03\/29\/bobler-og-busser-pa-volksworld-2017\/","url_meta":{"origin":24753,"position":4},"title":"Bobler og busser p\u00e5 VolksWorld 2017","author":"Terje Bj\u00f8rnstad","date":"29\/03\/2017","format":false,"excerpt":"Noen fortalte meg at dette var verdens st\u00f8rste utstilling av luftavkj\u00f8lte folkevogner. Det tviler jeg ikke p\u00e5. Det var rett og slett enormt. En herlig blanding av bobler og busser fra hele Europa m\u00f8tte p\u00e5 \u00e5rets Volksworld. Ikke bare i utstillingsomr\u00e5dene, men ogs\u00e5 ute p\u00e5 parkeringsplassene, og p\u00e5 plenene der\u2026","rel":"","context":"i &quot;Artikkel&quot;","block_context":{"text":"Artikkel","link":"https:\/\/terjebjornstad.com\/no\/category\/artikkel\/"},"img":{"alt_text":"","src":"https:\/\/i0.wp.com\/terjebjornstad.com\/no\/wp-content\/uploads\/2017\/03\/vwmicrobus-1.png?resize=350%2C200&ssl=1","width":350,"height":200,"srcset":"https:\/\/i0.wp.com\/terjebjornstad.com\/no\/wp-content\/uploads\/2017\/03\/vwmicrobus-1.png?resize=350%2C200&ssl=1 1x, https:\/\/i0.wp.com\/terjebjornstad.com\/no\/wp-content\/uploads\/2017\/03\/vwmicrobus-1.png?resize=525%2C300&ssl=1 1.5x"},"classes":[]},{"id":4461,"url":"https:\/\/terjebjornstad.com\/no\/2016\/05\/16\/folkevogn-pa-folkemuseet\/","url_meta":{"origin":24753,"position":5},"title":"Folkevogn p\u00e5 Folkemuseet","author":"Terje Bj\u00f8rnstad","date":"16\/05\/2016","format":false,"excerpt":"Alle mennesker over en viss alder har et forhold til Folkevogn-bobla. En utstilling av Folkevogner treffer derfor folk flest, ikke bare oss som er bilentusiaster. Torget fullt av Bobler! Da jeg sto ved ei Boble med delt bakvindu, dr\u00f8mte jeg meg tilbake til 1964 da vi dro p\u00e5 sommerferie med\u2026","rel":"","context":"i &quot;Artikkel&quot;","block_context":{"text":"Artikkel","link":"https:\/\/terjebjornstad.com\/no\/category\/artikkel\/"},"img":{"alt_text":"","src":"https:\/\/i0.wp.com\/terjebjornstad.com\/no\/wp-content\/uploads\/2016\/05\/folkemuseet-1.png?fit=686%2C457&ssl=1&resize=350%2C200","width":350,"height":200,"srcset":"https:\/\/i0.wp.com\/terjebjornstad.com\/no\/wp-content\/uploads\/2016\/05\/folkemuseet-1.png?fit=686%2C457&ssl=1&resize=350%2C200 1x, https:\/\/i0.wp.com\/terjebjornstad.com\/no\/wp-content\/uploads\/2016\/05\/folkemuseet-1.png?fit=686%2C457&ssl=1&resize=525%2C300 1.5x"},"classes":[]}],"gt_translate_keys":[{"key":"link","format":"url"}],"_links":{"self":[{"href":"https:\/\/terjebjornstad.com\/no\/wp-json\/wp\/v2\/posts\/24753","targetHints":{"allow":["GET"]}}],"collection":[{"href":"https:\/\/terjebjornstad.com\/no\/wp-json\/wp\/v2\/posts"}],"about":[{"href":"https:\/\/terjebjornstad.com\/no\/wp-json\/wp\/v2\/types\/post"}],"author":[{"embeddable":true,"href":"https:\/\/terjebjornstad.com\/no\/wp-json\/wp\/v2\/users\/1"}],"replies":[{"embeddable":true,"href":"https:\/\/terjebjornstad.com\/no\/wp-json\/wp\/v2\/comments?post=24753"}],"version-history":[{"count":4,"href":"https:\/\/terjebjornstad.com\/no\/wp-json\/wp\/v2\/posts\/24753\/revisions"}],"predecessor-version":[{"id":90908,"href":"https:\/\/terjebjornstad.com\/no\/wp-json\/wp\/v2\/posts\/24753\/revisions\/90908"}],"wp:featuredmedia":[{"embeddable":true,"href":"https:\/\/terjebjornstad.com\/no\/wp-json\/wp\/v2\/media\/24755"}],"wp:attachment":[{"href":"https:\/\/terjebjornstad.com\/no\/wp-json\/wp\/v2\/media?parent=24753"}],"wp:term":[{"taxonomy":"category","embeddable":true,"href":"https:\/\/terjebjornstad.com\/no\/wp-json\/wp\/v2\/categories?post=24753"},{"taxonomy":"post_tag","embeddable":true,"href":"https:\/\/terjebjornstad.com\/no\/wp-json\/wp\/v2\/tags?post=24753"}],"curies":[{"name":"wp","href":"https:\/\/api.w.org\/{rel}","templated":true}]}}