{"id":2432,"date":"2015-11-01T13:50:52","date_gmt":"2015-11-01T13:50:52","guid":{"rendered":"http:\/\/terjebjornstad.com\/no\/?p=2432"},"modified":"2024-08-27T00:53:13","modified_gmt":"2024-08-26T23:53:13","slug":"bilder-av-nypolerte-biler","status":"publish","type":"post","link":"https:\/\/terjebjornstad.com\/no\/2015\/11\/01\/bilder-av-nypolerte-biler\/","title":{"rendered":"Bilder av nypolerte biler","gt_translate_keys":[{"key":"rendered","format":"text"}]},"content":{"rendered":"<blockquote><p>N\u00e5r ga de Deres bil en polering sist?<\/p><\/blockquote>\n<figure id=\"attachment_2433\" aria-describedby=\"caption-attachment-2433\" style=\"width: 660px\" class=\"wp-caption alignleft\"><img data-recalc-dims=\"1\" loading=\"lazy\" decoding=\"async\" data-attachment-id=\"2433\" data-permalink=\"https:\/\/terjebjornstad.com\/no\/2015\/11\/01\/bilder-av-nypolerte-biler\/polering-1\/\" data-orig-file=\"https:\/\/i0.wp.com\/terjebjornstad.com\/no\/wp-content\/uploads\/2015\/11\/polering-1.png?fit=660%2C440&amp;ssl=1\" data-orig-size=\"660,440\" data-comments-opened=\"1\" data-image-meta=\"{&quot;aperture&quot;:&quot;0&quot;,&quot;credit&quot;:&quot;&quot;,&quot;camera&quot;:&quot;&quot;,&quot;caption&quot;:&quot;&quot;,&quot;created_timestamp&quot;:&quot;0&quot;,&quot;copyright&quot;:&quot;&quot;,&quot;focal_length&quot;:&quot;0&quot;,&quot;iso&quot;:&quot;0&quot;,&quot;shutter_speed&quot;:&quot;0&quot;,&quot;title&quot;:&quot;&quot;,&quot;orientation&quot;:&quot;0&quot;}\" data-image-title=\"polering-1\" data-image-description=\"\" data-image-caption=\"&lt;p&gt;Blank lakk hindrer veisaltet \u00e5 feste seg&lt;\/p&gt;\n\" data-large-file=\"https:\/\/i0.wp.com\/terjebjornstad.com\/no\/wp-content\/uploads\/2015\/11\/polering-1.png?fit=660%2C440&amp;ssl=1\" class=\"size-full wp-image-2433\" src=\"https:\/\/i0.wp.com\/terjebjornstad.com\/no\/wp-content\/uploads\/2015\/11\/polering-101.png?resize=660%2C440&#038;ssl=1\" alt=\"Blank lakk hindrer vann og veisalt i \u00e5 feste seg\" width=\"660\" height=\"440\" \/><figcaption id=\"caption-attachment-2433\" class=\"wp-caption-text\">Blank lakk hindrer veisaltet \u00e5 feste seg<\/figcaption><\/figure>\n<p>&nbsp;<\/p>\n<p>Jeg tok noen bilder av konebilen og ungdomsbilen i kveld etter \u00e5 ha skiftet til vinterdekk og polert begge bilene. Det er ikke lett \u00e5 ta gode bilder i en halvm\u00f8rk garasje. Med kameraet innstilt p\u00e5 ISO 3200, blir bildene litt kornete.<\/p>\n<figure id=\"attachment_2434\" aria-describedby=\"caption-attachment-2434\" style=\"width: 660px\" class=\"wp-caption alignleft\"><img data-recalc-dims=\"1\" loading=\"lazy\" decoding=\"async\" data-attachment-id=\"2434\" data-permalink=\"https:\/\/terjebjornstad.com\/no\/2015\/11\/01\/bilder-av-nypolerte-biler\/polering-3\/\" data-orig-file=\"https:\/\/i0.wp.com\/terjebjornstad.com\/no\/wp-content\/uploads\/2015\/11\/polering-3.png?fit=660%2C425&amp;ssl=1\" data-orig-size=\"660,425\" data-comments-opened=\"1\" data-image-meta=\"{&quot;aperture&quot;:&quot;0&quot;,&quot;credit&quot;:&quot;&quot;,&quot;camera&quot;:&quot;&quot;,&quot;caption&quot;:&quot;&quot;,&quot;created_timestamp&quot;:&quot;0&quot;,&quot;copyright&quot;:&quot;&quot;,&quot;focal_length&quot;:&quot;0&quot;,&quot;iso&quot;:&quot;0&quot;,&quot;shutter_speed&quot;:&quot;0&quot;,&quot;title&quot;:&quot;&quot;,&quot;orientation&quot;:&quot;0&quot;}\" data-image-title=\"polering-3\" data-image-description=\"\" data-image-caption=\"&lt;p&gt;2014 Audi Q3 TDI 177 HK S Tronic&lt;\/p&gt;\n\" data-large-file=\"https:\/\/i0.wp.com\/terjebjornstad.com\/no\/wp-content\/uploads\/2015\/11\/polering-3.png?fit=660%2C425&amp;ssl=1\" class=\"size-full wp-image-2434\" src=\"https:\/\/i0.wp.com\/terjebjornstad.com\/no\/wp-content\/uploads\/2015\/11\/polering-3.png?resize=660%2C425&#038;ssl=1\" alt=\"V\u00e6r n\u00f8ye med detaljene\" width=\"660\" height=\"425\" srcset=\"https:\/\/i0.wp.com\/terjebjornstad.com\/no\/wp-content\/uploads\/2015\/11\/polering-3.png?w=660&amp;ssl=1 660w, https:\/\/i0.wp.com\/terjebjornstad.com\/no\/wp-content\/uploads\/2015\/11\/polering-3.png?resize=300%2C193&amp;ssl=1 300w\" sizes=\"auto, (max-width: 660px) 100vw, 660px\" \/><figcaption id=\"caption-attachment-2434\" class=\"wp-caption-text\">V\u00e6r n\u00f8ye med detaljene<\/figcaption><\/figure>\n<p>Det er mange meninger om hva som er riktig bilpleie. Man kan si at jo mer tid du bruker, jo bedre blir resultatet. For det handler ikke bare om \u00e5 gj\u00f8re lakken ren og blank, men ogs\u00e5 f\u00e5 den til \u00e5 t\u00e5le sol, regn, salt og forurensninger til neste gang du skal behandle lakken. Velger du snarveien, kj\u00f8re gjennom vaskehallen med et polish-program, holder det kun til neste gang du skal vaske bilen. P\u00e5f\u00f8rer du flytende polish for h\u00e5nd p\u00e5 t\u00f8rr lakk, holder det trolig hele vinteren.<\/p>\n<figure id=\"attachment_2435\" aria-describedby=\"caption-attachment-2435\" style=\"width: 660px\" class=\"wp-caption alignleft\"><img data-recalc-dims=\"1\" loading=\"lazy\" decoding=\"async\" data-attachment-id=\"2435\" data-permalink=\"https:\/\/terjebjornstad.com\/no\/2015\/11\/01\/bilder-av-nypolerte-biler\/polering-5\/\" data-orig-file=\"https:\/\/i0.wp.com\/terjebjornstad.com\/no\/wp-content\/uploads\/2015\/11\/polering-5.png?fit=660%2C440&amp;ssl=1\" data-orig-size=\"660,440\" data-comments-opened=\"1\" data-image-meta=\"{&quot;aperture&quot;:&quot;0&quot;,&quot;credit&quot;:&quot;&quot;,&quot;camera&quot;:&quot;&quot;,&quot;caption&quot;:&quot;&quot;,&quot;created_timestamp&quot;:&quot;0&quot;,&quot;copyright&quot;:&quot;&quot;,&quot;focal_length&quot;:&quot;0&quot;,&quot;iso&quot;:&quot;0&quot;,&quot;shutter_speed&quot;:&quot;0&quot;,&quot;title&quot;:&quot;&quot;,&quot;orientation&quot;:&quot;0&quot;}\" data-image-title=\"polering-5\" data-image-description=\"\" data-image-caption=\"&lt;p&gt;Alt speiler seg i lakken p\u00e5 en nypolert bil&lt;\/p&gt;\n\" data-large-file=\"https:\/\/i0.wp.com\/terjebjornstad.com\/no\/wp-content\/uploads\/2015\/11\/polering-5.png?fit=660%2C440&amp;ssl=1\" class=\"size-full wp-image-2435\" src=\"https:\/\/i0.wp.com\/terjebjornstad.com\/no\/wp-content\/uploads\/2015\/11\/polering-5.png?resize=660%2C440&#038;ssl=1\" alt=\"Alt speiler seg i lakken p\u00e5 en nypolert bil\" width=\"660\" height=\"440\" srcset=\"https:\/\/i0.wp.com\/terjebjornstad.com\/no\/wp-content\/uploads\/2015\/11\/polering-5.png?w=660&amp;ssl=1 660w, https:\/\/i0.wp.com\/terjebjornstad.com\/no\/wp-content\/uploads\/2015\/11\/polering-5.png?resize=300%2C200&amp;ssl=1 300w\" sizes=\"auto, (max-width: 660px) 100vw, 660px\" \/><figcaption id=\"caption-attachment-2435\" class=\"wp-caption-text\">Alt speiler seg i lakken p\u00e5 en nypolert bil<\/figcaption><\/figure>\n<p>Riktige bilentusiaster sverger til &laquo;full pakke&raquo;. F\u00f8rst renses lakken med rensev\u00e6ske, eventuelt med lett rubbing p\u00e5 sm\u00e5 riper og mattede overflater. Deretter p\u00e5f\u00f8res polish som renser, frisker opp fargen og gir glans. Til slutt gnis bilen inn med beskyttende voks. I denne prosessen er alle operasjoner viktig. P\u00e5f\u00f8rer du voks uten \u00e5 rengj\u00f8re og rense lakken ordentlig, kapsler du bare inn urenhetene. Renser du lakken med et lakkrense-produkt uten \u00e5 p\u00e5f\u00f8re beskyttelse, blir lakken mer s\u00e5rbar enn noen sinne. Full pakke krever at du setter av en hel dag pr bil, avhengig av hvor gode t\u00f8rkeforholdene er.<\/p>\n<figure id=\"attachment_2439\" aria-describedby=\"caption-attachment-2439\" style=\"width: 360px\" class=\"wp-caption alignright\"><img data-recalc-dims=\"1\" loading=\"lazy\" decoding=\"async\" data-attachment-id=\"2439\" data-permalink=\"https:\/\/terjebjornstad.com\/no\/2015\/11\/01\/bilder-av-nypolerte-biler\/polering-19\/\" data-orig-file=\"https:\/\/i0.wp.com\/terjebjornstad.com\/no\/wp-content\/uploads\/2015\/11\/polering-19.png?fit=360%2C540&amp;ssl=1\" data-orig-size=\"360,540\" data-comments-opened=\"1\" data-image-meta=\"{&quot;aperture&quot;:&quot;0&quot;,&quot;credit&quot;:&quot;&quot;,&quot;camera&quot;:&quot;&quot;,&quot;caption&quot;:&quot;&quot;,&quot;created_timestamp&quot;:&quot;0&quot;,&quot;copyright&quot;:&quot;&quot;,&quot;focal_length&quot;:&quot;0&quot;,&quot;iso&quot;:&quot;0&quot;,&quot;shutter_speed&quot;:&quot;0&quot;,&quot;title&quot;:&quot;&quot;,&quot;orientation&quot;:&quot;0&quot;}\" data-image-title=\"polering-19\" data-image-description=\"\" data-image-caption=\"&lt;p&gt;Dette er ikke produktplassering ;-) &lt;\/p&gt;\n\" data-large-file=\"https:\/\/i0.wp.com\/terjebjornstad.com\/no\/wp-content\/uploads\/2015\/11\/polering-19.png?fit=360%2C540&amp;ssl=1\" class=\"size-full wp-image-2439\" src=\"https:\/\/i0.wp.com\/terjebjornstad.com\/no\/wp-content\/uploads\/2015\/11\/polering-19.png?resize=360%2C540&#038;ssl=1\" alt=\"Autoglym Super Resin Polish\" width=\"360\" height=\"540\" srcset=\"https:\/\/i0.wp.com\/terjebjornstad.com\/no\/wp-content\/uploads\/2015\/11\/polering-19.png?w=360&amp;ssl=1 360w, https:\/\/i0.wp.com\/terjebjornstad.com\/no\/wp-content\/uploads\/2015\/11\/polering-19.png?resize=200%2C300&amp;ssl=1 200w\" sizes=\"auto, (max-width: 360px) 100vw, 360px\" \/><figcaption id=\"caption-attachment-2439\" class=\"wp-caption-text\">Autoglym Super Resin Polish<\/figcaption><\/figure>\n<p>Jeg har pr\u00f8vd flere bilpleieprodukter gjennom \u00e5rene. Polish fra Turtle Wax har lett for \u00e5 etterlate seg skjolder &#8211; sm\u00e5, men irriterende nok til at jeg m\u00e5 gj\u00f8re deler av jobben om igjen. Dessuten renser den s\u00e5 d\u00e5rlig at du trenger forbehandling med et lakkrensemiddel. Jeg kan heller ikke anbefale bilpleieprodukter fra Biltema, selv om de er billige. Det spiller liten rolle \u00e5 spare et par hundrelapper p\u00e5 produktene, n\u00e5r det egentlig er din egeninnsats som er den dyreste delen av jobben.<br \/>\n&nbsp;<br \/>\nJeg synes Autoglym gir gode resultater uten \u00e5 v\u00e6re alt for arbeidskrevende. Men dessverre varer ingen av midlene fra Autoglym s\u00e6rlig lenge. Jeg foretrekker <em>Autoglym Super Resin Polish<\/em>. Det er i utgangspunktet et alt-i-ett-produkt som renser lakken for oksydering, skitt og salt, samt innholder slipemiddel og konserveringsmiddel. Det anbefales \u00e5 forsegle den behandlede lakken med <em>Autoglym Extra Gloss Protection<\/em>, som blant annet inneholder kvae og lukter ganske godt. Forseglingen fungerer, men virkningen er s\u00e5 kortvarig at jeg ikke synes det er verdt ekstraarbeidet med p\u00e5f\u00f8re den. Har du bilen din st\u00e5ende mye ute, ville jeg likevel vurdere \u00e5 legge p\u00e5 et lag. Du kan eventuelt friske opp forseglingen etter et par m\u00e5neder.<br \/>\n&nbsp;<br \/>\nTil ungdomsbilen bruker jeg ofte slanter fra v\u00e5rens b\u00e5tpuss, gjerne produkter som b\u00e5de renser og beskytter i ett. De fungerer fint p\u00e5 billakk ogs\u00e5, og gir god glans som holder lenge &#8211; lenger enn de vanlige bilpleieproduktene. Men jeg vil ikke bruke det p\u00e5 nye biler.<br \/>\n&nbsp;<br \/>\nDet finnes ingen snarveier til \u00e5 polere en bil. Den m\u00e5 vaskes og t\u00f8rkes slik at dr\u00e5pene ikke etterlater kalkflekker. Deretter m\u00e5 du p\u00e5f\u00f8re polish med jevne sirkul\u00e6re bevegelser. For at det skal gi best mulig resultat, b\u00f8r polishen t\u00f8rke ordentlig f\u00f8r den gnis av\/inn. Her er det ganske viktig at ikke bilen, eller deler av bilen st\u00e5r under direkte, varmt sollys, &#8211; skj\u00f8nt den lave h\u00f8stsola er ikke s\u00e5 veldig farlig. Husk at det skal minst v\u00e6re 10 grader i lufta, ellers m\u00e5 du st\u00e5 innend\u00f8rs.<\/p>\n<figure id=\"attachment_2437\" aria-describedby=\"caption-attachment-2437\" style=\"width: 660px\" class=\"wp-caption alignleft\"><img data-recalc-dims=\"1\" loading=\"lazy\" decoding=\"async\" data-attachment-id=\"2437\" data-permalink=\"https:\/\/terjebjornstad.com\/no\/2015\/11\/01\/bilder-av-nypolerte-biler\/polering-9\/\" data-orig-file=\"https:\/\/i0.wp.com\/terjebjornstad.com\/no\/wp-content\/uploads\/2015\/11\/polering-9.png?fit=660%2C440&amp;ssl=1\" data-orig-size=\"660,440\" data-comments-opened=\"1\" data-image-meta=\"{&quot;aperture&quot;:&quot;0&quot;,&quot;credit&quot;:&quot;&quot;,&quot;camera&quot;:&quot;&quot;,&quot;caption&quot;:&quot;&quot;,&quot;created_timestamp&quot;:&quot;0&quot;,&quot;copyright&quot;:&quot;&quot;,&quot;focal_length&quot;:&quot;0&quot;,&quot;iso&quot;:&quot;0&quot;,&quot;shutter_speed&quot;:&quot;0&quot;,&quot;title&quot;:&quot;&quot;,&quot;orientation&quot;:&quot;0&quot;}\" data-image-title=\"polering-9\" data-image-description=\"\" data-image-caption=\"&lt;p&gt;Gammel bil med riper og bulker blir finere etter polering&lt;\/p&gt;\n\" data-large-file=\"https:\/\/i0.wp.com\/terjebjornstad.com\/no\/wp-content\/uploads\/2015\/11\/polering-9.png?fit=660%2C440&amp;ssl=1\" class=\"size-full wp-image-2437\" src=\"https:\/\/i0.wp.com\/terjebjornstad.com\/no\/wp-content\/uploads\/2015\/11\/polering-9.png?resize=660%2C440&#038;ssl=1\" alt=\"Gammel bil med riper og bulker blir finere etter polering\" width=\"660\" height=\"440\" srcset=\"https:\/\/i0.wp.com\/terjebjornstad.com\/no\/wp-content\/uploads\/2015\/11\/polering-9.png?w=660&amp;ssl=1 660w, https:\/\/i0.wp.com\/terjebjornstad.com\/no\/wp-content\/uploads\/2015\/11\/polering-9.png?resize=300%2C200&amp;ssl=1 300w\" sizes=\"auto, (max-width: 660px) 100vw, 660px\" \/><figcaption id=\"caption-attachment-2437\" class=\"wp-caption-text\">Gammel bil med riper og bulker blir finere etter polering<\/figcaption><\/figure>\n<p>Den siste delen av jobben best\u00e5r i \u00e5 sikte over lakken for \u00e5 finne partier hvor polishen ikke er gnidd skikkelig inn. Jeg holder p\u00e5 til jeg ikke finner en eneste flekk. Denne siste delen betrakter jeg som en ren bel\u00f8nning, kvalitetstid med bilen, fordi man f\u00e5r god tid til \u00e5 glede seg over resultatet. Og s\u00e5 kan du gj\u00f8re som meg, ta noen bilder av doningene f\u00f8r de ruller ut i det s\u00f8lete h\u00f8stv\u00e6ret igjen.<\/p>\n<blockquote><p>\ud83d\ude42 Nypolert bil gir garantert regn &#8211; sl\u00e5r aldri feil<\/p><\/blockquote>\n<p>&nbsp;<\/p>\n<figure id=\"attachment_2436\" aria-describedby=\"caption-attachment-2436\" style=\"width: 660px\" class=\"wp-caption alignleft\"><img data-recalc-dims=\"1\" loading=\"lazy\" decoding=\"async\" data-attachment-id=\"2436\" data-permalink=\"https:\/\/terjebjornstad.com\/no\/2015\/11\/01\/bilder-av-nypolerte-biler\/polering-7\/\" data-orig-file=\"https:\/\/i0.wp.com\/terjebjornstad.com\/no\/wp-content\/uploads\/2015\/11\/polering-7.png?fit=660%2C881&amp;ssl=1\" data-orig-size=\"660,881\" data-comments-opened=\"1\" data-image-meta=\"{&quot;aperture&quot;:&quot;0&quot;,&quot;credit&quot;:&quot;&quot;,&quot;camera&quot;:&quot;&quot;,&quot;caption&quot;:&quot;&quot;,&quot;created_timestamp&quot;:&quot;0&quot;,&quot;copyright&quot;:&quot;&quot;,&quot;focal_length&quot;:&quot;0&quot;,&quot;iso&quot;:&quot;0&quot;,&quot;shutter_speed&quot;:&quot;0&quot;,&quot;title&quot;:&quot;&quot;,&quot;orientation&quot;:&quot;0&quot;}\" data-image-title=\"polering-7\" data-image-description=\"\" data-image-caption=\"&lt;p&gt;2014 Audi Q3 TDI 177 HK S-Tronic&lt;\/p&gt;\n\" data-large-file=\"https:\/\/i0.wp.com\/terjebjornstad.com\/no\/wp-content\/uploads\/2015\/11\/polering-7.png?fit=660%2C881&amp;ssl=1\" class=\"size-full wp-image-2436\" src=\"https:\/\/i0.wp.com\/terjebjornstad.com\/no\/wp-content\/uploads\/2015\/11\/polering-7.png?resize=660%2C881&#038;ssl=1\" alt=\"Polering er kvalitetstid med bilen f\u00f8r vinteren\" width=\"660\" height=\"881\" srcset=\"https:\/\/i0.wp.com\/terjebjornstad.com\/no\/wp-content\/uploads\/2015\/11\/polering-7.png?w=660&amp;ssl=1 660w, https:\/\/i0.wp.com\/terjebjornstad.com\/no\/wp-content\/uploads\/2015\/11\/polering-7.png?resize=225%2C300&amp;ssl=1 225w\" sizes=\"auto, (max-width: 660px) 100vw, 660px\" \/><figcaption id=\"caption-attachment-2436\" class=\"wp-caption-text\">Polering er kvalitetstid med bilen f\u00f8r vinteren<\/figcaption><\/figure>\n<p>&nbsp;<\/p>\n<h3 class=\"tebh2\">Se ogs\u00e5<\/h3>\n<p><figure id=\"attachment_592\" aria-describedby=\"caption-attachment-592\" style=\"width: 150px\" class=\"wp-caption alignleft\"><a href=\"https:\/\/terjebjornstad.com\/no\/2013\/12\/09\/en-sabla-godt-drivverk\/\" target=\"_blank\" rel=\"noopener noreferrer\"><img data-recalc-dims=\"1\" loading=\"lazy\" decoding=\"async\" data-attachment-id=\"592\" data-permalink=\"https:\/\/terjebjornstad.com\/no\/2013\/12\/09\/en-sabla-godt-drivverk\/audi-q3-177-1\/\" data-orig-file=\"https:\/\/i0.wp.com\/terjebjornstad.com\/no\/wp-content\/uploads\/2013\/12\/audi-q3-177-1.png?fit=640%2C361&amp;ssl=1\" data-orig-size=\"640,361\" data-comments-opened=\"1\" data-image-meta=\"{&quot;aperture&quot;:&quot;0&quot;,&quot;credit&quot;:&quot;&quot;,&quot;camera&quot;:&quot;&quot;,&quot;caption&quot;:&quot;&quot;,&quot;created_timestamp&quot;:&quot;0&quot;,&quot;copyright&quot;:&quot;&quot;,&quot;focal_length&quot;:&quot;0&quot;,&quot;iso&quot;:&quot;0&quot;,&quot;shutter_speed&quot;:&quot;0&quot;,&quot;title&quot;:&quot;&quot;,&quot;orientation&quot;:&quot;0&quot;}\" data-image-title=\"audi-q3-177-1\" data-image-description=\"\" data-image-caption=\"&lt;p&gt;2014 Audi Q3 TDI 177 HK S Tronic&lt;\/p&gt;\n\" data-large-file=\"https:\/\/i0.wp.com\/terjebjornstad.com\/no\/wp-content\/uploads\/2013\/12\/audi-q3-177-1.png?fit=640%2C361&amp;ssl=1\" class=\"size-thumbnail wp-image-592\" src=\"https:\/\/i0.wp.com\/terjebjornstad.com\/no\/wp-content\/uploads\/2013\/12\/audi-q3-177-1.png?resize=150%2C150&#038;ssl=1\" alt=\"TDI 177 med S tronic er et sabla godt drivverk.\" width=\"150\" height=\"150\" srcset=\"https:\/\/i0.wp.com\/terjebjornstad.com\/no\/wp-content\/uploads\/2013\/12\/audi-q3-177-1.png?resize=150%2C150&amp;ssl=1 150w, https:\/\/i0.wp.com\/terjebjornstad.com\/no\/wp-content\/uploads\/2013\/12\/audi-q3-177-1.png?resize=50%2C50&amp;ssl=1 50w, https:\/\/i0.wp.com\/terjebjornstad.com\/no\/wp-content\/uploads\/2013\/12\/audi-q3-177-1.png?zoom=2&amp;resize=150%2C150&amp;ssl=1 300w, https:\/\/i0.wp.com\/terjebjornstad.com\/no\/wp-content\/uploads\/2013\/12\/audi-q3-177-1.png?zoom=3&amp;resize=150%2C150&amp;ssl=1 450w\" sizes=\"auto, (max-width: 150px) 100vw, 150px\" \/><\/a><figcaption id=\"caption-attachment-592\" class=\"wp-caption-text\">TDI 177 med Sensotronic er et sabla godt drivverk.<\/figcaption><\/figure><figure id=\"attachment_7685\" aria-describedby=\"caption-attachment-7685\" style=\"width: 150px\" class=\"wp-caption alignleft\"><a href=\"https:\/\/terjebjornstad.com\/no\/2016\/10\/10\/20-ar-med-civic-6\/\"><img data-recalc-dims=\"1\" loading=\"lazy\" decoding=\"async\" data-attachment-id=\"7685\" data-permalink=\"https:\/\/terjebjornstad.com\/no\/2016\/10\/10\/20-ar-med-civic-6\/u30-civic-avers\/\" data-orig-file=\"https:\/\/i0.wp.com\/terjebjornstad.com\/no\/wp-content\/uploads\/2016\/10\/u30-civic-avers.png?fit=686%2C457&amp;ssl=1\" data-orig-size=\"686,457\" data-comments-opened=\"1\" data-image-meta=\"{&quot;aperture&quot;:&quot;0&quot;,&quot;credit&quot;:&quot;&quot;,&quot;camera&quot;:&quot;&quot;,&quot;caption&quot;:&quot;&quot;,&quot;created_timestamp&quot;:&quot;0&quot;,&quot;copyright&quot;:&quot;&quot;,&quot;focal_length&quot;:&quot;0&quot;,&quot;iso&quot;:&quot;0&quot;,&quot;shutter_speed&quot;:&quot;0&quot;,&quot;title&quot;:&quot;&quot;,&quot;orientation&quot;:&quot;0&quot;}\" data-image-title=\"u30-civic-avers\" data-image-description=\"\" data-image-caption=\"&lt;p&gt;Civic 6&lt;\/p&gt;\n\" data-large-file=\"https:\/\/i0.wp.com\/terjebjornstad.com\/no\/wp-content\/uploads\/2016\/10\/u30-civic-avers.png?fit=686%2C457&amp;ssl=1\" src=\"https:\/\/i0.wp.com\/terjebjornstad.com\/no\/wp-content\/uploads\/2016\/10\/u30-civic-avers.png?resize=150%2C150&#038;ssl=1\" alt=\"\" width=\"150\" height=\"150\" class=\"size-thumbnail wp-image-7685\" srcset=\"https:\/\/i0.wp.com\/terjebjornstad.com\/no\/wp-content\/uploads\/2016\/10\/u30-civic-avers.png?resize=150%2C150&amp;ssl=1 150w, https:\/\/i0.wp.com\/terjebjornstad.com\/no\/wp-content\/uploads\/2016\/10\/u30-civic-avers.png?resize=50%2C50&amp;ssl=1 50w, https:\/\/i0.wp.com\/terjebjornstad.com\/no\/wp-content\/uploads\/2016\/10\/u30-civic-avers.png?zoom=2&amp;resize=150%2C150&amp;ssl=1 300w, https:\/\/i0.wp.com\/terjebjornstad.com\/no\/wp-content\/uploads\/2016\/10\/u30-civic-avers.png?zoom=3&amp;resize=150%2C150&amp;ssl=1 450w\" sizes=\"auto, (max-width: 150px) 100vw, 150px\" \/><\/a><figcaption id=\"caption-attachment-7685\" class=\"wp-caption-text\">20 \u00e5r med Civic<\/figcaption><\/figure><\/p>\n","protected":false,"gt_translate_keys":[{"key":"rendered","format":"html"}]},"excerpt":{"rendered":"<p>N\u00e5r ga de Deres bil en polering sist? &nbsp; Jeg tok noen bilder av konebilen og ungdomsbilen i kveld etter \u00e5 ha skiftet til vinterdekk og polert begge bilene. Det er ikke lett \u00e5 ta gode bilder i en halvm\u00f8rk garasje. Med kameraet innstilt p\u00e5 ISO 3200, blir bildene litt kornete. Det er mange meninger [&hellip;]<\/p>\n","protected":false,"gt_translate_keys":[{"key":"rendered","format":"html"}]},"author":1,"featured_media":0,"comment_status":"open","ping_status":"open","sticky":false,"template":"","format":"standard","meta":{"_monsterinsights_skip_tracking":false,"_monsterinsights_sitenote_active":false,"_monsterinsights_sitenote_note":"","_monsterinsights_sitenote_category":0,"jetpack_post_was_ever_published":false,"_jetpack_newsletter_access":"","_jetpack_dont_email_post_to_subs":false,"_jetpack_newsletter_tier_id":0,"_jetpack_memberships_contains_paywalled_content":false,"_jetpack_memberships_contains_paid_content":false,"footnotes":"","jetpack_publicize_message":"","jetpack_publicize_feature_enabled":true,"jetpack_social_post_already_shared":true,"jetpack_social_options":{"image_generator_settings":{"template":"highway","default_image_id":0,"font":"","enabled":false},"version":2}},"categories":[34],"tags":[313,318,312,322,319,315,320,311,307,308,310,321,317],"class_list":["post-2432","post","type-post","status-publish","format-standard","hentry","category-artikkel","tag-autoglym","tag-autoglym-super-resin-polish","tag-bilpleie","tag-biltema","tag-bilvoks","tag-extra-gloss","tag-glans-i-lakken","tag-iso-3200","tag-polering","tag-polish","tag-rubbing","tag-turtle-wax","tag-vask-med-polish"],"yoast_head":"<!-- This site is optimized with the Yoast SEO plugin v27.5 - https:\/\/yoast.com\/product\/yoast-seo-wordpress\/ -->\n<title>Bilder av nypolerte biler - Terjes biler<\/title>\n<meta name=\"robots\" content=\"index, follow, max-snippet:-1, max-image-preview:large, max-video-preview:-1\" \/>\n<link rel=\"canonical\" href=\"https:\/\/terjebjornstad.com\/no\/2015\/11\/01\/bilder-av-nypolerte-biler\/\" \/>\n<meta property=\"og:locale\" content=\"nb_NO\" \/>\n<meta property=\"og:type\" content=\"article\" \/>\n<meta property=\"og:title\" content=\"Bilder av nypolerte biler - Terjes biler\" \/>\n<meta property=\"og:description\" content=\"N\u00e5r ga de Deres bil en polering sist? &nbsp; Jeg tok noen bilder av konebilen og ungdomsbilen i kveld etter \u00e5 ha skiftet til vinterdekk og polert begge bilene. Det er ikke lett \u00e5 ta gode bilder i en halvm\u00f8rk garasje. Med kameraet innstilt p\u00e5 ISO 3200, blir bildene litt kornete. Det er mange meninger [&hellip;]\" \/>\n<meta property=\"og:url\" content=\"https:\/\/terjebjornstad.com\/no\/2015\/11\/01\/bilder-av-nypolerte-biler\/\" \/>\n<meta property=\"og:site_name\" content=\"Terjes biler\" \/>\n<meta property=\"article:publisher\" content=\"https:\/\/www.facebook.com\/terjesbiler\/\" \/>\n<meta property=\"article:author\" content=\"https:\/\/www.facebook.com\/terjesbiler\" \/>\n<meta property=\"article:published_time\" content=\"2015-11-01T13:50:52+00:00\" \/>\n<meta property=\"article:modified_time\" content=\"2024-08-26T23:53:13+00:00\" \/>\n<meta property=\"og:image\" content=\"https:\/\/terjebjornstad.com\/no\/wp-content\/uploads\/2015\/11\/polering-101.png\" \/>\n<meta name=\"author\" content=\"Terje Bj\u00f8rnstad\" \/>\n<meta name=\"twitter:card\" content=\"summary_large_image\" \/>\n<meta name=\"twitter:label1\" content=\"Skrevet av\" \/>\n\t<meta name=\"twitter:data1\" content=\"Terje Bj\u00f8rnstad\" \/>\n\t<meta name=\"twitter:label2\" content=\"Ansl. lesetid\" \/>\n\t<meta name=\"twitter:data2\" content=\"6 minutter\" \/>\n<script type=\"application\/ld+json\" class=\"yoast-schema-graph\">{\"@context\":\"https:\\\/\\\/schema.org\",\"@graph\":[{\"@type\":\"Article\",\"@id\":\"https:\\\/\\\/terjebjornstad.com\\\/no\\\/2015\\\/11\\\/01\\\/bilder-av-nypolerte-biler\\\/#article\",\"isPartOf\":{\"@id\":\"https:\\\/\\\/terjebjornstad.com\\\/no\\\/2015\\\/11\\\/01\\\/bilder-av-nypolerte-biler\\\/\"},\"author\":{\"name\":\"Terje Bj\u00f8rnstad\",\"@id\":\"https:\\\/\\\/terjebjornstad.com\\\/no\\\/#\\\/schema\\\/person\\\/a281f6a6e0f3cc9fe468e7f0c655aa65\"},\"headline\":\"Bilder av nypolerte biler\",\"datePublished\":\"2015-11-01T13:50:52+00:00\",\"dateModified\":\"2024-08-26T23:53:13+00:00\",\"mainEntityOfPage\":{\"@id\":\"https:\\\/\\\/terjebjornstad.com\\\/no\\\/2015\\\/11\\\/01\\\/bilder-av-nypolerte-biler\\\/\"},\"wordCount\":808,\"commentCount\":0,\"publisher\":{\"@id\":\"https:\\\/\\\/terjebjornstad.com\\\/no\\\/#organization\"},\"image\":{\"@id\":\"https:\\\/\\\/terjebjornstad.com\\\/no\\\/2015\\\/11\\\/01\\\/bilder-av-nypolerte-biler\\\/#primaryimage\"},\"thumbnailUrl\":\"https:\\\/\\\/terjebjornstad.com\\\/no\\\/wp-content\\\/uploads\\\/2015\\\/11\\\/polering-101.png\",\"keywords\":[\"autoglym\",\"autoglym super resin polish\",\"bilpleie\",\"biltema\",\"bilvoks\",\"extra gloss\",\"glans i lakken\",\"iso 3200\",\"polering\",\"polish\",\"rubbing\",\"turtle wax\",\"vask med polish\"],\"articleSection\":[\"Artikkel\"],\"inLanguage\":\"nb-NO\",\"potentialAction\":[{\"@type\":\"CommentAction\",\"name\":\"Comment\",\"target\":[\"https:\\\/\\\/terjebjornstad.com\\\/no\\\/2015\\\/11\\\/01\\\/bilder-av-nypolerte-biler\\\/#respond\"]}]},{\"@type\":\"WebPage\",\"@id\":\"https:\\\/\\\/terjebjornstad.com\\\/no\\\/2015\\\/11\\\/01\\\/bilder-av-nypolerte-biler\\\/\",\"url\":\"https:\\\/\\\/terjebjornstad.com\\\/no\\\/2015\\\/11\\\/01\\\/bilder-av-nypolerte-biler\\\/\",\"name\":\"Bilder av nypolerte biler - Terjes biler\",\"isPartOf\":{\"@id\":\"https:\\\/\\\/terjebjornstad.com\\\/no\\\/#website\"},\"primaryImageOfPage\":{\"@id\":\"https:\\\/\\\/terjebjornstad.com\\\/no\\\/2015\\\/11\\\/01\\\/bilder-av-nypolerte-biler\\\/#primaryimage\"},\"image\":{\"@id\":\"https:\\\/\\\/terjebjornstad.com\\\/no\\\/2015\\\/11\\\/01\\\/bilder-av-nypolerte-biler\\\/#primaryimage\"},\"thumbnailUrl\":\"https:\\\/\\\/terjebjornstad.com\\\/no\\\/wp-content\\\/uploads\\\/2015\\\/11\\\/polering-101.png\",\"datePublished\":\"2015-11-01T13:50:52+00:00\",\"dateModified\":\"2024-08-26T23:53:13+00:00\",\"breadcrumb\":{\"@id\":\"https:\\\/\\\/terjebjornstad.com\\\/no\\\/2015\\\/11\\\/01\\\/bilder-av-nypolerte-biler\\\/#breadcrumb\"},\"inLanguage\":\"nb-NO\",\"potentialAction\":[{\"@type\":\"ReadAction\",\"target\":[\"https:\\\/\\\/terjebjornstad.com\\\/no\\\/2015\\\/11\\\/01\\\/bilder-av-nypolerte-biler\\\/\"]}]},{\"@type\":\"ImageObject\",\"inLanguage\":\"nb-NO\",\"@id\":\"https:\\\/\\\/terjebjornstad.com\\\/no\\\/2015\\\/11\\\/01\\\/bilder-av-nypolerte-biler\\\/#primaryimage\",\"url\":\"https:\\\/\\\/i0.wp.com\\\/terjebjornstad.com\\\/no\\\/wp-content\\\/uploads\\\/2015\\\/11\\\/polering-101.png?fit=660%2C440&ssl=1\",\"contentUrl\":\"https:\\\/\\\/i0.wp.com\\\/terjebjornstad.com\\\/no\\\/wp-content\\\/uploads\\\/2015\\\/11\\\/polering-101.png?fit=660%2C440&ssl=1\",\"width\":660,\"height\":440,\"caption\":\"Blank lakk avviser vann og veisalt.\"},{\"@type\":\"BreadcrumbList\",\"@id\":\"https:\\\/\\\/terjebjornstad.com\\\/no\\\/2015\\\/11\\\/01\\\/bilder-av-nypolerte-biler\\\/#breadcrumb\",\"itemListElement\":[{\"@type\":\"ListItem\",\"position\":1,\"name\":\"Hjem\",\"item\":\"https:\\\/\\\/terjebjornstad.com\\\/no\\\/\"},{\"@type\":\"ListItem\",\"position\":2,\"name\":\"Bilder av nypolerte biler\"}]},{\"@type\":\"WebSite\",\"@id\":\"https:\\\/\\\/terjebjornstad.com\\\/no\\\/#website\",\"url\":\"https:\\\/\\\/terjebjornstad.com\\\/no\\\/\",\"name\":\"Terjes biler\",\"description\":\"HONEST ABOUT CARS\",\"publisher\":{\"@id\":\"https:\\\/\\\/terjebjornstad.com\\\/no\\\/#organization\"},\"alternateName\":\"Terjebjornstad.com\",\"potentialAction\":[{\"@type\":\"SearchAction\",\"target\":{\"@type\":\"EntryPoint\",\"urlTemplate\":\"https:\\\/\\\/terjebjornstad.com\\\/no\\\/?s={search_term_string}\"},\"query-input\":{\"@type\":\"PropertyValueSpecification\",\"valueRequired\":true,\"valueName\":\"search_term_string\"}}],\"inLanguage\":\"nb-NO\"},{\"@type\":\"Organization\",\"@id\":\"https:\\\/\\\/terjebjornstad.com\\\/no\\\/#organization\",\"name\":\"Terje Bj\u00f8rnstad ENK\",\"url\":\"https:\\\/\\\/terjebjornstad.com\\\/no\\\/\",\"logo\":{\"@type\":\"ImageObject\",\"inLanguage\":\"nb-NO\",\"@id\":\"https:\\\/\\\/terjebjornstad.com\\\/no\\\/#\\\/schema\\\/logo\\\/image\\\/\",\"url\":\"https:\\\/\\\/i0.wp.com\\\/terjebjornstad.com\\\/no\\\/wp-content\\\/uploads\\\/2026\\\/02\\\/terjesbiler2024-960x354-1.png?fit=960%2C354&ssl=1\",\"contentUrl\":\"https:\\\/\\\/i0.wp.com\\\/terjebjornstad.com\\\/no\\\/wp-content\\\/uploads\\\/2026\\\/02\\\/terjesbiler2024-960x354-1.png?fit=960%2C354&ssl=1\",\"width\":960,\"height\":354,\"caption\":\"Terje Bj\u00f8rnstad ENK\"},\"image\":{\"@id\":\"https:\\\/\\\/terjebjornstad.com\\\/no\\\/#\\\/schema\\\/logo\\\/image\\\/\"},\"sameAs\":[\"https:\\\/\\\/www.facebook.com\\\/terjesbiler\\\/\",\"https:\\\/\\\/www.instagram.com\\\/terjesbiler\\\/\",\"https:\\\/\\\/www.pinteres.com\\\/terjebjrnstad\\\/terjes-biler\\\/\"]},{\"@type\":\"Person\",\"@id\":\"https:\\\/\\\/terjebjornstad.com\\\/no\\\/#\\\/schema\\\/person\\\/a281f6a6e0f3cc9fe468e7f0c655aa65\",\"name\":\"Terje Bj\u00f8rnstad\",\"image\":{\"@type\":\"ImageObject\",\"inLanguage\":\"nb-NO\",\"@id\":\"https:\\\/\\\/secure.gravatar.com\\\/avatar\\\/e8dff505b51cf6cb67ae06a06022d2049aac2da1e79dc146a36b58798c4b40ea?s=96&d=mm&r=g\",\"url\":\"https:\\\/\\\/secure.gravatar.com\\\/avatar\\\/e8dff505b51cf6cb67ae06a06022d2049aac2da1e79dc146a36b58798c4b40ea?s=96&d=mm&r=g\",\"contentUrl\":\"https:\\\/\\\/secure.gravatar.com\\\/avatar\\\/e8dff505b51cf6cb67ae06a06022d2049aac2da1e79dc146a36b58798c4b40ea?s=96&d=mm&r=g\",\"caption\":\"Terje Bj\u00f8rnstad\"},\"description\":\"Terje Bj\u00f8rnstad. Bloggadministrator, hobbyfotograf og bilnerd.\",\"sameAs\":[\"https:\\\/\\\/www.facebook.com\\\/terjesbiler\",\"https:\\\/\\\/www.instagram.com\\\/terjesbiler\",\"https:\\\/\\\/no.pinterest.com\\\/terjebjrnstad\",\"https:\\\/\\\/www.youtube.com\\\/channel\\\/UCzCKJJDybyIgKqatc_JQqIg\"]}]}<\/script>\n<!-- \/ Yoast SEO plugin. -->","yoast_head_json":{"title":"Bilder av nypolerte biler - Terjes biler","robots":{"index":"index","follow":"follow","max-snippet":"max-snippet:-1","max-image-preview":"max-image-preview:large","max-video-preview":"max-video-preview:-1"},"canonical":"https:\/\/terjebjornstad.com\/no\/2015\/11\/01\/bilder-av-nypolerte-biler\/","og_locale":"nb_NO","og_type":"article","og_title":"Bilder av nypolerte biler - Terjes biler","og_description":"N\u00e5r ga de Deres bil en polering sist? &nbsp; Jeg tok noen bilder av konebilen og ungdomsbilen i kveld etter \u00e5 ha skiftet til vinterdekk og polert begge bilene. Det er ikke lett \u00e5 ta gode bilder i en halvm\u00f8rk garasje. Med kameraet innstilt p\u00e5 ISO 3200, blir bildene litt kornete. Det er mange meninger [&hellip;]","og_url":"https:\/\/terjebjornstad.com\/no\/2015\/11\/01\/bilder-av-nypolerte-biler\/","og_site_name":"Terjes biler","article_publisher":"https:\/\/www.facebook.com\/terjesbiler\/","article_author":"https:\/\/www.facebook.com\/terjesbiler","article_published_time":"2015-11-01T13:50:52+00:00","article_modified_time":"2024-08-26T23:53:13+00:00","og_image":[{"url":"https:\/\/terjebjornstad.com\/no\/wp-content\/uploads\/2015\/11\/polering-101.png","type":"","width":"","height":""}],"author":"Terje Bj\u00f8rnstad","twitter_card":"summary_large_image","twitter_misc":{"Skrevet av":"Terje Bj\u00f8rnstad","Ansl. lesetid":"6 minutter"},"schema":{"@context":"https:\/\/schema.org","@graph":[{"@type":"Article","@id":"https:\/\/terjebjornstad.com\/no\/2015\/11\/01\/bilder-av-nypolerte-biler\/#article","isPartOf":{"@id":"https:\/\/terjebjornstad.com\/no\/2015\/11\/01\/bilder-av-nypolerte-biler\/"},"author":{"name":"Terje Bj\u00f8rnstad","@id":"https:\/\/terjebjornstad.com\/no\/#\/schema\/person\/a281f6a6e0f3cc9fe468e7f0c655aa65"},"headline":"Bilder av nypolerte biler","datePublished":"2015-11-01T13:50:52+00:00","dateModified":"2024-08-26T23:53:13+00:00","mainEntityOfPage":{"@id":"https:\/\/terjebjornstad.com\/no\/2015\/11\/01\/bilder-av-nypolerte-biler\/"},"wordCount":808,"commentCount":0,"publisher":{"@id":"https:\/\/terjebjornstad.com\/no\/#organization"},"image":{"@id":"https:\/\/terjebjornstad.com\/no\/2015\/11\/01\/bilder-av-nypolerte-biler\/#primaryimage"},"thumbnailUrl":"https:\/\/terjebjornstad.com\/no\/wp-content\/uploads\/2015\/11\/polering-101.png","keywords":["autoglym","autoglym super resin polish","bilpleie","biltema","bilvoks","extra gloss","glans i lakken","iso 3200","polering","polish","rubbing","turtle wax","vask med polish"],"articleSection":["Artikkel"],"inLanguage":"nb-NO","potentialAction":[{"@type":"CommentAction","name":"Comment","target":["https:\/\/terjebjornstad.com\/no\/2015\/11\/01\/bilder-av-nypolerte-biler\/#respond"]}]},{"@type":"WebPage","@id":"https:\/\/terjebjornstad.com\/no\/2015\/11\/01\/bilder-av-nypolerte-biler\/","url":"https:\/\/terjebjornstad.com\/no\/2015\/11\/01\/bilder-av-nypolerte-biler\/","name":"Bilder av nypolerte biler - Terjes biler","isPartOf":{"@id":"https:\/\/terjebjornstad.com\/no\/#website"},"primaryImageOfPage":{"@id":"https:\/\/terjebjornstad.com\/no\/2015\/11\/01\/bilder-av-nypolerte-biler\/#primaryimage"},"image":{"@id":"https:\/\/terjebjornstad.com\/no\/2015\/11\/01\/bilder-av-nypolerte-biler\/#primaryimage"},"thumbnailUrl":"https:\/\/terjebjornstad.com\/no\/wp-content\/uploads\/2015\/11\/polering-101.png","datePublished":"2015-11-01T13:50:52+00:00","dateModified":"2024-08-26T23:53:13+00:00","breadcrumb":{"@id":"https:\/\/terjebjornstad.com\/no\/2015\/11\/01\/bilder-av-nypolerte-biler\/#breadcrumb"},"inLanguage":"nb-NO","potentialAction":[{"@type":"ReadAction","target":["https:\/\/terjebjornstad.com\/no\/2015\/11\/01\/bilder-av-nypolerte-biler\/"]}]},{"@type":"ImageObject","inLanguage":"nb-NO","@id":"https:\/\/terjebjornstad.com\/no\/2015\/11\/01\/bilder-av-nypolerte-biler\/#primaryimage","url":"https:\/\/i0.wp.com\/terjebjornstad.com\/no\/wp-content\/uploads\/2015\/11\/polering-101.png?fit=660%2C440&ssl=1","contentUrl":"https:\/\/i0.wp.com\/terjebjornstad.com\/no\/wp-content\/uploads\/2015\/11\/polering-101.png?fit=660%2C440&ssl=1","width":660,"height":440,"caption":"Blank lakk avviser vann og veisalt."},{"@type":"BreadcrumbList","@id":"https:\/\/terjebjornstad.com\/no\/2015\/11\/01\/bilder-av-nypolerte-biler\/#breadcrumb","itemListElement":[{"@type":"ListItem","position":1,"name":"Hjem","item":"https:\/\/terjebjornstad.com\/no\/"},{"@type":"ListItem","position":2,"name":"Bilder av nypolerte biler"}]},{"@type":"WebSite","@id":"https:\/\/terjebjornstad.com\/no\/#website","url":"https:\/\/terjebjornstad.com\/no\/","name":"Terjes biler","description":"HONEST ABOUT CARS","publisher":{"@id":"https:\/\/terjebjornstad.com\/no\/#organization"},"alternateName":"Terjebjornstad.com","potentialAction":[{"@type":"SearchAction","target":{"@type":"EntryPoint","urlTemplate":"https:\/\/terjebjornstad.com\/no\/?s={search_term_string}"},"query-input":{"@type":"PropertyValueSpecification","valueRequired":true,"valueName":"search_term_string"}}],"inLanguage":"nb-NO"},{"@type":"Organization","@id":"https:\/\/terjebjornstad.com\/no\/#organization","name":"Terje Bj\u00f8rnstad ENK","url":"https:\/\/terjebjornstad.com\/no\/","logo":{"@type":"ImageObject","inLanguage":"nb-NO","@id":"https:\/\/terjebjornstad.com\/no\/#\/schema\/logo\/image\/","url":"https:\/\/i0.wp.com\/terjebjornstad.com\/no\/wp-content\/uploads\/2026\/02\/terjesbiler2024-960x354-1.png?fit=960%2C354&ssl=1","contentUrl":"https:\/\/i0.wp.com\/terjebjornstad.com\/no\/wp-content\/uploads\/2026\/02\/terjesbiler2024-960x354-1.png?fit=960%2C354&ssl=1","width":960,"height":354,"caption":"Terje Bj\u00f8rnstad ENK"},"image":{"@id":"https:\/\/terjebjornstad.com\/no\/#\/schema\/logo\/image\/"},"sameAs":["https:\/\/www.facebook.com\/terjesbiler\/","https:\/\/www.instagram.com\/terjesbiler\/","https:\/\/www.pinteres.com\/terjebjrnstad\/terjes-biler\/"]},{"@type":"Person","@id":"https:\/\/terjebjornstad.com\/no\/#\/schema\/person\/a281f6a6e0f3cc9fe468e7f0c655aa65","name":"Terje Bj\u00f8rnstad","image":{"@type":"ImageObject","inLanguage":"nb-NO","@id":"https:\/\/secure.gravatar.com\/avatar\/e8dff505b51cf6cb67ae06a06022d2049aac2da1e79dc146a36b58798c4b40ea?s=96&d=mm&r=g","url":"https:\/\/secure.gravatar.com\/avatar\/e8dff505b51cf6cb67ae06a06022d2049aac2da1e79dc146a36b58798c4b40ea?s=96&d=mm&r=g","contentUrl":"https:\/\/secure.gravatar.com\/avatar\/e8dff505b51cf6cb67ae06a06022d2049aac2da1e79dc146a36b58798c4b40ea?s=96&d=mm&r=g","caption":"Terje Bj\u00f8rnstad"},"description":"Terje Bj\u00f8rnstad. Bloggadministrator, hobbyfotograf og bilnerd.","sameAs":["https:\/\/www.facebook.com\/terjesbiler","https:\/\/www.instagram.com\/terjesbiler","https:\/\/no.pinterest.com\/terjebjrnstad","https:\/\/www.youtube.com\/channel\/UCzCKJJDybyIgKqatc_JQqIg"]}]}},"jetpack_publicize_connections":[],"jetpack_featured_media_url":"","jetpack_sharing_enabled":true,"jetpack_shortlink":"https:\/\/wp.me\/p48zYA-De","jetpack-related-posts":[{"id":42059,"url":"https:\/\/terjebjornstad.com\/no\/2021\/07\/29\/fotosondag\/","url_meta":{"origin":2432,"position":0},"title":"Fotos\u00f8ndag &#8211; Youngtimers","author":"Terje Bj\u00f8rnstad","date":"29\/07\/2021","format":false,"excerpt":"S\u00f8ndag morgen, ferietid - og rolig p\u00e5 veiene. Hvis du har sett en gr\u00e5h\u00e5ret syklist rundt parkeringen p\u00e5 badestrendene rundt Oslo, kan det v\u00e6re meg. F\u00e5r jeg ta bilde av bilen din? \u00a0 Google Ett av konseptene med dette nettstedet er \u00e5 vise bilder og data av bilmodeller som man\u2026","rel":"","context":"i &quot;Artikkel&quot;","block_context":{"text":"Artikkel","link":"https:\/\/terjebjornstad.com\/no\/category\/artikkel\/"},"img":{"alt_text":"","src":"https:\/\/i0.wp.com\/terjebjornstad.com\/no\/wp-content\/uploads\/2021\/07\/fotosondag1.png?fit=1080%2C400&ssl=1&resize=350%2C200","width":350,"height":200,"srcset":"https:\/\/i0.wp.com\/terjebjornstad.com\/no\/wp-content\/uploads\/2021\/07\/fotosondag1.png?fit=1080%2C400&ssl=1&resize=350%2C200 1x, https:\/\/i0.wp.com\/terjebjornstad.com\/no\/wp-content\/uploads\/2021\/07\/fotosondag1.png?fit=1080%2C400&ssl=1&resize=525%2C300 1.5x, https:\/\/i0.wp.com\/terjebjornstad.com\/no\/wp-content\/uploads\/2021\/07\/fotosondag1.png?fit=1080%2C400&ssl=1&resize=700%2C400 2x, https:\/\/i0.wp.com\/terjebjornstad.com\/no\/wp-content\/uploads\/2021\/07\/fotosondag1.png?fit=1080%2C400&ssl=1&resize=1050%2C600 3x"},"classes":[]},{"id":13088,"url":"https:\/\/terjebjornstad.com\/no\/2017\/10\/06\/bulket-leiebil-fortvil-ikke\/","url_meta":{"origin":2432,"position":1},"title":"Bulket leiebil? Fortvil ikke!","author":"Terje Bj\u00f8rnstad","date":"06\/10\/2017","format":false,"excerpt":"f Leiebilforsikring fra tredjeparts forsikringsselskaper fungerer, bare du f\u00f8lger disse r\u00e5dene. \u00a0 Vil skje f\u00f8r eller senere B\u00e5tf\u00f8rere bruker \u00e5 si at det finnes to typer b\u00e5tf\u00f8rere - de som har g\u00e5tt p\u00e5 grunn, og de som enn\u00e5 ikke har gjort det. S\u00e5nn er det ogs\u00e5 med leiebiler. \u00a0 Hvis\u2026","rel":"","context":"i &quot;Artikkel&quot;","block_context":{"text":"Artikkel","link":"https:\/\/terjebjornstad.com\/no\/category\/artikkel\/"},"img":{"alt_text":"","src":"https:\/\/i0.wp.com\/terjebjornstad.com\/no\/wp-content\/uploads\/2017\/10\/ScanStockPhoto_image_2848508.jpg?fit=686%2C457&ssl=1&resize=350%2C200","width":350,"height":200,"srcset":"https:\/\/i0.wp.com\/terjebjornstad.com\/no\/wp-content\/uploads\/2017\/10\/ScanStockPhoto_image_2848508.jpg?fit=686%2C457&ssl=1&resize=350%2C200 1x, https:\/\/i0.wp.com\/terjebjornstad.com\/no\/wp-content\/uploads\/2017\/10\/ScanStockPhoto_image_2848508.jpg?fit=686%2C457&ssl=1&resize=525%2C300 1.5x"},"classes":[]},{"id":38586,"url":"https:\/\/terjebjornstad.com\/no\/2021\/03\/03\/vardager-i-lysebla-audi\/","url_meta":{"origin":2432,"position":2},"title":"V\u00e5rdager i lysebl\u00e5 Audi?","author":"Terje Bj\u00f8rnstad","date":"03\/03\/2021","format":false,"excerpt":"Her er Audien til Anders Haugene. Audi 80 1,6 GLS er en nostalgisk perle og i sjeldent god stand. Den kan bli din. Anders vurderer nemlig \u00e5 selge den til noen som setter pris p\u00e5 v\u00e5rdager i lysebl\u00e5 Audi :-) :-) Rette linjer var Audis nye formspr\u00e5k p\u00e5 70-tallet. Designet\u2026","rel":"","context":"i &quot;80&quot;","block_context":{"text":"80","link":"https:\/\/terjebjornstad.com\/no\/category\/audi\/80\/"},"img":{"alt_text":"","src":"https:\/\/i0.wp.com\/terjebjornstad.com\/no\/wp-content\/uploads\/2021\/03\/0-audi-b1-s2-1080x720-1.png?fit=1080%2C720&ssl=1&resize=350%2C200","width":350,"height":200,"srcset":"https:\/\/i0.wp.com\/terjebjornstad.com\/no\/wp-content\/uploads\/2021\/03\/0-audi-b1-s2-1080x720-1.png?fit=1080%2C720&ssl=1&resize=350%2C200 1x, https:\/\/i0.wp.com\/terjebjornstad.com\/no\/wp-content\/uploads\/2021\/03\/0-audi-b1-s2-1080x720-1.png?fit=1080%2C720&ssl=1&resize=525%2C300 1.5x, https:\/\/i0.wp.com\/terjebjornstad.com\/no\/wp-content\/uploads\/2021\/03\/0-audi-b1-s2-1080x720-1.png?fit=1080%2C720&ssl=1&resize=700%2C400 2x, https:\/\/i0.wp.com\/terjebjornstad.com\/no\/wp-content\/uploads\/2021\/03\/0-audi-b1-s2-1080x720-1.png?fit=1080%2C720&ssl=1&resize=1050%2C600 3x"},"classes":[]},{"id":9919,"url":"https:\/\/terjebjornstad.com\/no\/2017\/04\/04\/lifestyle-express\/","url_meta":{"origin":2432,"position":3},"title":"Lifestyle Express","author":"Terje Bj\u00f8rnstad","date":"04\/04\/2017","format":false,"excerpt":"Jeg har v\u00e6rt p\u00e5 Sandown Park i Storbritannia, p\u00e5 utstilling blant folkevognbusser. Jeg liker de fargeavstemte interi\u00f8rene i T6-baserte Multivan og California. Det er komfortl\u00f8sninger p\u00e5 f\u00f8rste klasse. Det kunne like gjerne v\u00e6rt 4 Audi-ringer i grillen p\u00e5 disse flotte bilene. Mens jeg beveget meg i en skog av Westfalia-topper,\u2026","rel":"","context":"i &quot;Artikkel&quot;","block_context":{"text":"Artikkel","link":"https:\/\/terjebjornstad.com\/no\/category\/artikkel\/"},"img":{"alt_text":"lifestyle express","src":"https:\/\/i0.wp.com\/terjebjornstad.com\/no\/wp-content\/uploads\/2017\/04\/t6-transporter-sportline-7.png?resize=350%2C200&ssl=1","width":350,"height":200,"srcset":"https:\/\/i0.wp.com\/terjebjornstad.com\/no\/wp-content\/uploads\/2017\/04\/t6-transporter-sportline-7.png?resize=350%2C200&ssl=1 1x, https:\/\/i0.wp.com\/terjebjornstad.com\/no\/wp-content\/uploads\/2017\/04\/t6-transporter-sportline-7.png?resize=525%2C300&ssl=1 1.5x"},"classes":[]},{"id":21734,"url":"https:\/\/terjebjornstad.com\/no\/2019\/02\/15\/hertz-bilpool-hyre-eller-nabobil\/","url_meta":{"origin":2432,"position":4},"title":"Hertz BilPool, Hyre eller Nabobil?","author":"Terje Bj\u00f8rnstad","date":"15\/02\/2019","format":false,"excerpt":"Bildeling Bildeling kan erstatte egen bil, - eller bil nummer to eller tre, om du vil. Mange vegrer seg for \u00e5 ta steget - selge egen bil og bruke leiebil. Det kreves en terskel for \u00e5 f\u00f8le seg vel i leiebil. Det er en vanesak. Jo oftere man leier, jo\u2026","rel":"","context":"i &quot;Artikkel&quot;","block_context":{"text":"Artikkel","link":"https:\/\/terjebjornstad.com\/no\/category\/artikkel\/"},"img":{"alt_text":"bildeling","src":"https:\/\/i0.wp.com\/terjebjornstad.com\/no\/wp-content\/uploads\/2019\/02\/bildeling-12.png?resize=350%2C200&ssl=1","width":350,"height":200,"srcset":"https:\/\/i0.wp.com\/terjebjornstad.com\/no\/wp-content\/uploads\/2019\/02\/bildeling-12.png?resize=350%2C200&ssl=1 1x, https:\/\/i0.wp.com\/terjebjornstad.com\/no\/wp-content\/uploads\/2019\/02\/bildeling-12.png?resize=525%2C300&ssl=1 1.5x"},"classes":[]},{"id":52196,"url":"https:\/\/terjebjornstad.com\/no\/2022\/08\/21\/wings-wheels-pa-kjeller\/","url_meta":{"origin":2432,"position":5},"title":"Wings &#038; Wheels p\u00e5 Kjeller","author":"Terje Bj\u00f8rnstad","date":"21\/08\/2022","format":false,"excerpt":"Hvis du befinner deg p\u00e5 Fornebu en l\u00f8rdag formiddag, kan det hende det kommer et veteranfly og gj\u00f8r kunster p\u00e5 himmelen. De fine veteranflyene h\u00f8rer hjemme p\u00e5 Kjeller. Sist l\u00f8rdag arrangerte Amcar Lillestr\u00f8m og Nedre Romerike Flyklubb Wings & Wheels for bil- og flyinteresserte. Blant deltakerne som ankom Kjeller med\u2026","rel":"","context":"i &quot;Artikkel&quot;","block_context":{"text":"Artikkel","link":"https:\/\/terjebjornstad.com\/no\/category\/artikkel\/"},"img":{"alt_text":"","src":"https:\/\/i0.wp.com\/terjebjornstad.com\/no\/wp-content\/uploads\/2022\/08\/kjeller-2022-1280x853-1.jpg?fit=1200%2C800&ssl=1&resize=350%2C200","width":350,"height":200,"srcset":"https:\/\/i0.wp.com\/terjebjornstad.com\/no\/wp-content\/uploads\/2022\/08\/kjeller-2022-1280x853-1.jpg?fit=1200%2C800&ssl=1&resize=350%2C200 1x, https:\/\/i0.wp.com\/terjebjornstad.com\/no\/wp-content\/uploads\/2022\/08\/kjeller-2022-1280x853-1.jpg?fit=1200%2C800&ssl=1&resize=525%2C300 1.5x, https:\/\/i0.wp.com\/terjebjornstad.com\/no\/wp-content\/uploads\/2022\/08\/kjeller-2022-1280x853-1.jpg?fit=1200%2C800&ssl=1&resize=700%2C400 2x, https:\/\/i0.wp.com\/terjebjornstad.com\/no\/wp-content\/uploads\/2022\/08\/kjeller-2022-1280x853-1.jpg?fit=1200%2C800&ssl=1&resize=1050%2C600 3x"},"classes":[]}],"gt_translate_keys":[{"key":"link","format":"url"}],"_links":{"self":[{"href":"https:\/\/terjebjornstad.com\/no\/wp-json\/wp\/v2\/posts\/2432","targetHints":{"allow":["GET"]}}],"collection":[{"href":"https:\/\/terjebjornstad.com\/no\/wp-json\/wp\/v2\/posts"}],"about":[{"href":"https:\/\/terjebjornstad.com\/no\/wp-json\/wp\/v2\/types\/post"}],"author":[{"embeddable":true,"href":"https:\/\/terjebjornstad.com\/no\/wp-json\/wp\/v2\/users\/1"}],"replies":[{"embeddable":true,"href":"https:\/\/terjebjornstad.com\/no\/wp-json\/wp\/v2\/comments?post=2432"}],"version-history":[{"count":2,"href":"https:\/\/terjebjornstad.com\/no\/wp-json\/wp\/v2\/posts\/2432\/revisions"}],"predecessor-version":[{"id":74159,"href":"https:\/\/terjebjornstad.com\/no\/wp-json\/wp\/v2\/posts\/2432\/revisions\/74159"}],"wp:attachment":[{"href":"https:\/\/terjebjornstad.com\/no\/wp-json\/wp\/v2\/media?parent=2432"}],"wp:term":[{"taxonomy":"category","embeddable":true,"href":"https:\/\/terjebjornstad.com\/no\/wp-json\/wp\/v2\/categories?post=2432"},{"taxonomy":"post_tag","embeddable":true,"href":"https:\/\/terjebjornstad.com\/no\/wp-json\/wp\/v2\/tags?post=2432"}],"curies":[{"name":"wp","href":"https:\/\/api.w.org\/{rel}","templated":true}]}}