{"id":20111,"date":"2018-10-31T12:37:51","date_gmt":"2018-10-31T12:37:51","guid":{"rendered":"http:\/\/terjebjornstad.com\/no\/?p=20111"},"modified":"2026-03-02T23:48:49","modified_gmt":"2026-03-02T22:48:49","slug":"oslo-motor-show-2018","status":"publish","type":"post","link":"https:\/\/terjebjornstad.com\/no\/2018\/10\/31\/oslo-motor-show-2018\/","title":{"rendered":"Oslo Motor Show 2018","gt_translate_keys":[{"key":"rendered","format":"text"}]},"content":{"rendered":"<div class=\"copy_teb\"><figure id=\"attachment_20105\" aria-describedby=\"caption-attachment-20105\" style=\"width: 1080px\" class=\"wp-caption alignleft\"><a href=\"https:\/\/i0.wp.com\/terjebjornstad.com\/no\/wp-content\/uploads\/2018\/10\/lamborghini-huracan-lp640-4.png?ssl=1\"><img data-recalc-dims=\"1\" loading=\"lazy\" decoding=\"async\" data-attachment-id=\"20105\" data-permalink=\"https:\/\/terjebjornstad.com\/no\/2018\/10\/31\/oslo-motor-show-2018\/lamborghini-huracan-lp640-4\/\" data-orig-file=\"https:\/\/i0.wp.com\/terjebjornstad.com\/no\/wp-content\/uploads\/2018\/10\/lamborghini-huracan-lp640-4.png?fit=1080%2C1080&amp;ssl=1\" data-orig-size=\"1080,1080\" data-comments-opened=\"1\" data-image-meta=\"{&quot;aperture&quot;:&quot;0&quot;,&quot;credit&quot;:&quot;&quot;,&quot;camera&quot;:&quot;&quot;,&quot;caption&quot;:&quot;&quot;,&quot;created_timestamp&quot;:&quot;0&quot;,&quot;copyright&quot;:&quot;&quot;,&quot;focal_length&quot;:&quot;0&quot;,&quot;iso&quot;:&quot;0&quot;,&quot;shutter_speed&quot;:&quot;0&quot;,&quot;title&quot;:&quot;&quot;,&quot;orientation&quot;:&quot;0&quot;}\" data-image-title=\"lamborghini-huracan-lp640-4\" data-image-description=\"\" data-image-caption=\"&lt;p&gt;Oslo Motor Show 2018&lt;\/p&gt;\n\" data-large-file=\"https:\/\/i0.wp.com\/terjebjornstad.com\/no\/wp-content\/uploads\/2018\/10\/lamborghini-huracan-lp640-4.png?fit=980%2C980&amp;ssl=1\" src=\"https:\/\/i0.wp.com\/terjebjornstad.com\/no\/wp-content\/uploads\/2018\/10\/lamborghini-huracan-lp640-4.png?resize=980%2C980&#038;ssl=1\" alt=\"oslo motor show\" width=\"980\" height=\"980\" class=\"size-full wp-image-20105\" srcset=\"https:\/\/i0.wp.com\/terjebjornstad.com\/no\/wp-content\/uploads\/2018\/10\/lamborghini-huracan-lp640-4.png?w=1080&amp;ssl=1 1080w, https:\/\/i0.wp.com\/terjebjornstad.com\/no\/wp-content\/uploads\/2018\/10\/lamborghini-huracan-lp640-4.png?resize=150%2C150&amp;ssl=1 150w, https:\/\/i0.wp.com\/terjebjornstad.com\/no\/wp-content\/uploads\/2018\/10\/lamborghini-huracan-lp640-4.png?resize=300%2C300&amp;ssl=1 300w, https:\/\/i0.wp.com\/terjebjornstad.com\/no\/wp-content\/uploads\/2018\/10\/lamborghini-huracan-lp640-4.png?resize=768%2C768&amp;ssl=1 768w, https:\/\/i0.wp.com\/terjebjornstad.com\/no\/wp-content\/uploads\/2018\/10\/lamborghini-huracan-lp640-4.png?resize=690%2C690&amp;ssl=1 690w, https:\/\/i0.wp.com\/terjebjornstad.com\/no\/wp-content\/uploads\/2018\/10\/lamborghini-huracan-lp640-4.png?resize=980%2C980&amp;ssl=1 980w, https:\/\/i0.wp.com\/terjebjornstad.com\/no\/wp-content\/uploads\/2018\/10\/lamborghini-huracan-lp640-4.png?resize=50%2C50&amp;ssl=1 50w\" sizes=\"auto, (max-width: 980px) 100vw, 980px\" \/><\/a><figcaption id=\"caption-attachment-20105\" class=\"wp-caption-text\">Lamborghini Hurac\u00e1n LP640-4<\/figcaption><\/figure><\/p>\n<blockquote><p>Allerede fra togstasjonen p\u00e5 Lillestr\u00f8m la jeg merke til flere karer som meg. Litt opp i \u00e5rene, med allv\u00e6rsjakker, ryggsekk, fjellst\u00f8vler. Fugletittere?<\/p><\/blockquote>\n\n<h3 class=\"tebh2\">Eldorado for carspotters<\/h3>\n<p>Nei dette var hobbyfotografer som var tidlig ute p\u00e5 vei til Norges Varemesse for \u00e5 sikre seg bilder f\u00f8r de store hordene av publikum str\u00f8mmet til. Jeg traff dem inne p\u00e5 messa med linser og utstyr, og blikk for vinkler og lys. Selv tuslet jeg rundt med mitt lille etth\u00e5ndskamera og skj\u00f8t litt i hytt og pine. Jeg har en tendens til \u00e5 glemme \u00e5 ta bilder n\u00e5r jeg finner noe virkelig spennende, &#8211; eller kommer i snakk med noen. <\/p>\n<h3 class=\"tebh2\">Stort utvalg<\/h3>\n<p>Det er lett \u00e5 miste oversikten. For entusiaster gj\u00f8r jo ikke det noen ting, s\u00e5 lenge det handler om motorgreier. Superbiler, bilsport, klassikere, hotrods, gammelbiler, tunge biler, motorsykler, verksted, garasje, utstyr og tidsskrifter. Skj\u00f8nt, bunnproppen m\u00e5 da for lengst ha g\u00e5tt ut av bilmagasin-markedet. Jeg har sagt opp alle mine abonnementer etter at jeg fant ut at bladene ble liggende u\u00e5pnet i plasten sin. <\/p>\n<h3 class=\"tebh2\">Bilder fra Oslo Motor Show<\/h3>\n<p>&nbsp;<br \/>\n<figure id=\"attachment_20103\" aria-describedby=\"caption-attachment-20103\" style=\"width: 1080px\" class=\"wp-caption alignleft\"><a href=\"https:\/\/i0.wp.com\/terjebjornstad.com\/no\/wp-content\/uploads\/2018\/10\/ford-escort-mk1-mexico-1080x1080.png?ssl=1\"><img data-recalc-dims=\"1\" loading=\"lazy\" decoding=\"async\" data-attachment-id=\"20103\" data-permalink=\"https:\/\/terjebjornstad.com\/no\/2018\/10\/31\/oslo-motor-show-2018\/ford-escort-mk1-mexico-1080x1080\/\" data-orig-file=\"https:\/\/i0.wp.com\/terjebjornstad.com\/no\/wp-content\/uploads\/2018\/10\/ford-escort-mk1-mexico-1080x1080.png?fit=1080%2C720&amp;ssl=1\" data-orig-size=\"1080,720\" data-comments-opened=\"1\" data-image-meta=\"{&quot;aperture&quot;:&quot;0&quot;,&quot;credit&quot;:&quot;&quot;,&quot;camera&quot;:&quot;&quot;,&quot;caption&quot;:&quot;&quot;,&quot;created_timestamp&quot;:&quot;0&quot;,&quot;copyright&quot;:&quot;&quot;,&quot;focal_length&quot;:&quot;0&quot;,&quot;iso&quot;:&quot;0&quot;,&quot;shutter_speed&quot;:&quot;0&quot;,&quot;title&quot;:&quot;&quot;,&quot;orientation&quot;:&quot;0&quot;}\" data-image-title=\"Ford Escort mk1 Mexico\" data-image-description=\"\" data-image-caption=\"&lt;p&gt;Ford Escort mk1&lt;\/p&gt;\n\" data-large-file=\"https:\/\/i0.wp.com\/terjebjornstad.com\/no\/wp-content\/uploads\/2018\/10\/ford-escort-mk1-mexico-1080x1080.png?fit=980%2C653&amp;ssl=1\" src=\"https:\/\/i0.wp.com\/terjebjornstad.com\/no\/wp-content\/uploads\/2018\/10\/ford-escort-mk1-mexico-1080x1080.png?resize=980%2C653&#038;ssl=1\" alt=\"oslo motor show\" width=\"980\" height=\"653\" class=\"size-full wp-image-20103\" srcset=\"https:\/\/i0.wp.com\/terjebjornstad.com\/no\/wp-content\/uploads\/2018\/10\/ford-escort-mk1-mexico-1080x1080.png?resize=1080%2C1080&amp;ssl=1 1080w, https:\/\/i0.wp.com\/terjebjornstad.com\/no\/wp-content\/uploads\/2018\/10\/ford-escort-mk1-mexico-1080x1080.png?resize=300%2C200&amp;ssl=1 300w, https:\/\/i0.wp.com\/terjebjornstad.com\/no\/wp-content\/uploads\/2018\/10\/ford-escort-mk1-mexico-1080x1080.png?resize=768%2C512&amp;ssl=1 768w, https:\/\/i0.wp.com\/terjebjornstad.com\/no\/wp-content\/uploads\/2018\/10\/ford-escort-mk1-mexico-1080x1080.png?resize=690%2C460&amp;ssl=1 690w, https:\/\/i0.wp.com\/terjebjornstad.com\/no\/wp-content\/uploads\/2018\/10\/ford-escort-mk1-mexico-1080x1080.png?resize=980%2C653&amp;ssl=1 980w\" sizes=\"auto, (max-width: 980px) 100vw, 980px\" \/><\/a><figcaption id=\"caption-attachment-20103\" class=\"wp-caption-text\">Ford Escort mk1 Mexico<\/figcaption><\/figure><\/p>\n<p>N\u00e5r s\u00e5 du sist en Ford Escort mk1 1100 eller 1300? Mange er for lengst forvandlet til Escort Mexico eller RS2000. En ting er i hvert fall sikkert: Finner du tante Dagmars gamle mk1 Escort i en t\u00f8rr garasje, har du funnet en skatt.<\/p>\n\n<figure id=\"attachment_20101\" aria-describedby=\"caption-attachment-20101\" style=\"width: 1080px\" class=\"wp-caption alignleft\"><a href=\"https:\/\/i0.wp.com\/terjebjornstad.com\/no\/wp-content\/uploads\/2018\/10\/bmw-5-series-mk1-1080x720.png?ssl=1\"><img data-recalc-dims=\"1\" loading=\"lazy\" decoding=\"async\" data-attachment-id=\"20101\" data-permalink=\"https:\/\/terjebjornstad.com\/no\/2018\/10\/31\/oslo-motor-show-2018\/bmw-5-series-mk1-1080x720\/\" data-orig-file=\"https:\/\/i0.wp.com\/terjebjornstad.com\/no\/wp-content\/uploads\/2018\/10\/bmw-5-series-mk1-1080x720.png?fit=1080%2C720&amp;ssl=1\" data-orig-size=\"1080,720\" data-comments-opened=\"1\" data-image-meta=\"{&quot;aperture&quot;:&quot;0&quot;,&quot;credit&quot;:&quot;&quot;,&quot;camera&quot;:&quot;&quot;,&quot;caption&quot;:&quot;&quot;,&quot;created_timestamp&quot;:&quot;0&quot;,&quot;copyright&quot;:&quot;&quot;,&quot;focal_length&quot;:&quot;0&quot;,&quot;iso&quot;:&quot;0&quot;,&quot;shutter_speed&quot;:&quot;0&quot;,&quot;title&quot;:&quot;&quot;,&quot;orientation&quot;:&quot;0&quot;}\" data-image-title=\"bmw-5-series-mk1-1080&amp;#215;720\" data-image-description=\"\" data-image-caption=\"&lt;p&gt;BMW 5-serie E28&lt;\/p&gt;\n\" data-large-file=\"https:\/\/i0.wp.com\/terjebjornstad.com\/no\/wp-content\/uploads\/2018\/10\/bmw-5-series-mk1-1080x720.png?fit=980%2C653&amp;ssl=1\" src=\"https:\/\/i0.wp.com\/terjebjornstad.com\/no\/wp-content\/uploads\/2018\/10\/bmw-5-series-mk1-1080x720.png?resize=980%2C653&#038;ssl=1\" alt=\"oslo motor show\" width=\"980\" height=\"653\" class=\"size-full wp-image-20101\" srcset=\"https:\/\/i0.wp.com\/terjebjornstad.com\/no\/wp-content\/uploads\/2018\/10\/bmw-5-series-mk1-1080x720.png?resize=1080%2C720&amp;ssl=1 1080w, https:\/\/i0.wp.com\/terjebjornstad.com\/no\/wp-content\/uploads\/2018\/10\/bmw-5-series-mk1-1080x720.png?resize=300%2C200&amp;ssl=1 300w, https:\/\/i0.wp.com\/terjebjornstad.com\/no\/wp-content\/uploads\/2018\/10\/bmw-5-series-mk1-1080x720.png?resize=768%2C512&amp;ssl=1 768w, https:\/\/i0.wp.com\/terjebjornstad.com\/no\/wp-content\/uploads\/2018\/10\/bmw-5-series-mk1-1080x720.png?resize=690%2C460&amp;ssl=1 690w, https:\/\/i0.wp.com\/terjebjornstad.com\/no\/wp-content\/uploads\/2018\/10\/bmw-5-series-mk1-1080x720.png?resize=980%2C653&amp;ssl=1 980w\" sizes=\"auto, (max-width: 980px) 100vw, 980px\" \/><\/a><figcaption id=\"caption-attachment-20101\" class=\"wp-caption-text\">BMW 5-serie E28<\/figcaption><\/figure>\n\n<figure id=\"attachment_20095\" aria-describedby=\"caption-attachment-20095\" style=\"width: 1080px\" class=\"wp-caption alignleft\"><a href=\"https:\/\/i0.wp.com\/terjebjornstad.com\/no\/wp-content\/uploads\/2018\/10\/ford-cortina-mk2-1-1080x720-1.png?ssl=1\"><img data-recalc-dims=\"1\" loading=\"lazy\" decoding=\"async\" data-attachment-id=\"20095\" data-permalink=\"https:\/\/terjebjornstad.com\/no\/2018\/10\/31\/oslo-motor-show-2018\/ford-cortina-mk2-1-1080x720-2\/\" data-orig-file=\"https:\/\/i0.wp.com\/terjebjornstad.com\/no\/wp-content\/uploads\/2018\/10\/ford-cortina-mk2-1-1080x720-1.png?fit=1080%2C720&amp;ssl=1\" data-orig-size=\"1080,720\" data-comments-opened=\"1\" data-image-meta=\"{&quot;aperture&quot;:&quot;0&quot;,&quot;credit&quot;:&quot;&quot;,&quot;camera&quot;:&quot;&quot;,&quot;caption&quot;:&quot;&quot;,&quot;created_timestamp&quot;:&quot;0&quot;,&quot;copyright&quot;:&quot;&quot;,&quot;focal_length&quot;:&quot;0&quot;,&quot;iso&quot;:&quot;0&quot;,&quot;shutter_speed&quot;:&quot;0&quot;,&quot;title&quot;:&quot;&quot;,&quot;orientation&quot;:&quot;0&quot;}\" data-image-title=\"ford-cortina-mk2-1-1080&amp;#215;720\" data-image-description=\"\" data-image-caption=\"&lt;p&gt;Ford Cortina 1600 GT mk2&lt;\/p&gt;\n\" data-large-file=\"https:\/\/i0.wp.com\/terjebjornstad.com\/no\/wp-content\/uploads\/2018\/10\/ford-cortina-mk2-1-1080x720-1.png?fit=980%2C653&amp;ssl=1\" src=\"https:\/\/i0.wp.com\/terjebjornstad.com\/no\/wp-content\/uploads\/2018\/10\/ford-cortina-mk2-1-1080x720-1.png?resize=980%2C653&#038;ssl=1\" alt=\"oslo motor show\" width=\"980\" height=\"653\" class=\"size-full wp-image-20095\" srcset=\"https:\/\/i0.wp.com\/terjebjornstad.com\/no\/wp-content\/uploads\/2018\/10\/ford-cortina-mk2-1-1080x720-1.png?w=1080&amp;ssl=1 1080w, https:\/\/i0.wp.com\/terjebjornstad.com\/no\/wp-content\/uploads\/2018\/10\/ford-cortina-mk2-1-1080x720-1.png?resize=300%2C200&amp;ssl=1 300w, https:\/\/i0.wp.com\/terjebjornstad.com\/no\/wp-content\/uploads\/2018\/10\/ford-cortina-mk2-1-1080x720-1.png?resize=768%2C512&amp;ssl=1 768w, https:\/\/i0.wp.com\/terjebjornstad.com\/no\/wp-content\/uploads\/2018\/10\/ford-cortina-mk2-1-1080x720-1.png?resize=690%2C460&amp;ssl=1 690w, https:\/\/i0.wp.com\/terjebjornstad.com\/no\/wp-content\/uploads\/2018\/10\/ford-cortina-mk2-1-1080x720-1.png?resize=980%2C653&amp;ssl=1 980w\" sizes=\"auto, (max-width: 980px) 100vw, 980px\" \/><\/a><figcaption id=\"caption-attachment-20095\" class=\"wp-caption-text\">Ford Cortina 1600 GT mk2<\/figcaption><\/figure>\n<p>Det er sjelden \u00e5 komme over en Cortina GT mk2 i orignal stand. Enda sjeldnere \u00e5 se en i denne fargen. De fleste var r\u00f8de eller hvite. Dette er en bil med norsk historie. Den gikk f\u00f8rst som demobil for Fords hovedkontor p\u00e5 Kolbotn. N\u00e5v\u00e6rende eier kj\u00f8pte den fra et d\u00f8dsbo. Den hadde st\u00e5tt i t\u00f8rr, luftig garasje og km-standen er n\u00e5 15 000 km! Innvendig ser den helt ny ut. Ingen sprekker i toppen av dashbordet. Det lille panelet med ekstra-klokkene er intakte. <\/p>\n<h3 class=\"tebh2\">Original bil<\/h3>\n<p>Denne bilen er s\u00e5 original som en 50-\u00e5r gammel bil kan bli. Originale 13-tommers hjul med kapsler og pynteringer. Modellen er 1968, som er f\u00f8r den lille faceliften kom i 1969. Da fikk Cortina&#8217;ene blant annet Fords nye ratt med st\u00f8tpute, nye innvendige d\u00f8rhendler og litt omarbeidet grill &#8211; bl\u00e5 farge rundt C-merket i midten og mattsvarte felter i ribbene. Det eneste som mangler, er de tidstypiske speilene p\u00e5 framskjermene.<\/p>\n\n<figure id=\"attachment_20094\" aria-describedby=\"caption-attachment-20094\" style=\"width: 1080px\" class=\"wp-caption alignleft\"><a href=\"https:\/\/i0.wp.com\/terjebjornstad.com\/no\/wp-content\/uploads\/2018\/10\/ford-cortina.mk1-in-garage-1080x720.png?ssl=1\"><img data-recalc-dims=\"1\" loading=\"lazy\" decoding=\"async\" data-attachment-id=\"20094\" data-permalink=\"https:\/\/terjebjornstad.com\/no\/2018\/10\/31\/oslo-motor-show-2018\/ford-cortina-mk1-in-garage-1080x720\/\" data-orig-file=\"https:\/\/i0.wp.com\/terjebjornstad.com\/no\/wp-content\/uploads\/2018\/10\/ford-cortina.mk1-in-garage-1080x720.png?fit=1080%2C720&amp;ssl=1\" data-orig-size=\"1080,720\" data-comments-opened=\"1\" data-image-meta=\"{&quot;aperture&quot;:&quot;0&quot;,&quot;credit&quot;:&quot;&quot;,&quot;camera&quot;:&quot;&quot;,&quot;caption&quot;:&quot;&quot;,&quot;created_timestamp&quot;:&quot;0&quot;,&quot;copyright&quot;:&quot;&quot;,&quot;focal_length&quot;:&quot;0&quot;,&quot;iso&quot;:&quot;0&quot;,&quot;shutter_speed&quot;:&quot;0&quot;,&quot;title&quot;:&quot;&quot;,&quot;orientation&quot;:&quot;0&quot;}\" data-image-title=\"ford-cortina.mk1-in-garage-1080&amp;#215;720\" data-image-description=\"\" data-image-caption=\"&lt;p&gt;Ford Cortina mk1 p\u00e5 mekkebukk&lt;\/p&gt;\n\" data-large-file=\"https:\/\/i0.wp.com\/terjebjornstad.com\/no\/wp-content\/uploads\/2018\/10\/ford-cortina.mk1-in-garage-1080x720.png?fit=980%2C653&amp;ssl=1\" src=\"https:\/\/i0.wp.com\/terjebjornstad.com\/no\/wp-content\/uploads\/2018\/10\/ford-cortina.mk1-in-garage-1080x720.png?resize=980%2C653&#038;ssl=1\" alt=\"oslo motor show\" width=\"980\" height=\"653\" class=\"size-full wp-image-20094\" srcset=\"https:\/\/i0.wp.com\/terjebjornstad.com\/no\/wp-content\/uploads\/2018\/10\/ford-cortina.mk1-in-garage-1080x720.png?resize=1080%2C720&amp;ssl=1 1080w, https:\/\/i0.wp.com\/terjebjornstad.com\/no\/wp-content\/uploads\/2018\/10\/ford-cortina.mk1-in-garage-1080x720.png?resize=300%2C200&amp;ssl=1 300w, https:\/\/i0.wp.com\/terjebjornstad.com\/no\/wp-content\/uploads\/2018\/10\/ford-cortina.mk1-in-garage-1080x720.png?resize=768%2C512&amp;ssl=1 768w, https:\/\/i0.wp.com\/terjebjornstad.com\/no\/wp-content\/uploads\/2018\/10\/ford-cortina.mk1-in-garage-1080x720.png?resize=690%2C460&amp;ssl=1 690w, https:\/\/i0.wp.com\/terjebjornstad.com\/no\/wp-content\/uploads\/2018\/10\/ford-cortina.mk1-in-garage-1080x720.png?resize=980%2C653&amp;ssl=1 980w\" sizes=\"auto, (max-width: 980px) 100vw, 980px\" \/><\/a><figcaption id=\"caption-attachment-20094\" class=\"wp-caption-text\">Ford Cortina mk1 p\u00e5 mekkebukk<\/figcaption><\/figure>\n\n<figure id=\"attachment_20093\" aria-describedby=\"caption-attachment-20093\" style=\"width: 1080px\" class=\"wp-caption alignleft\"><a href=\"https:\/\/i0.wp.com\/terjebjornstad.com\/no\/wp-content\/uploads\/2018\/10\/jaguar-xk150-interior-1080x720.png?ssl=1\"><img data-recalc-dims=\"1\" loading=\"lazy\" decoding=\"async\" data-attachment-id=\"20093\" data-permalink=\"https:\/\/terjebjornstad.com\/no\/2018\/10\/31\/oslo-motor-show-2018\/jaguar-xk150-interior-1080x720\/\" data-orig-file=\"https:\/\/i0.wp.com\/terjebjornstad.com\/no\/wp-content\/uploads\/2018\/10\/jaguar-xk150-interior-1080x720.png?fit=1080%2C720&amp;ssl=1\" data-orig-size=\"1080,720\" data-comments-opened=\"1\" data-image-meta=\"{&quot;aperture&quot;:&quot;0&quot;,&quot;credit&quot;:&quot;&quot;,&quot;camera&quot;:&quot;&quot;,&quot;caption&quot;:&quot;&quot;,&quot;created_timestamp&quot;:&quot;0&quot;,&quot;copyright&quot;:&quot;&quot;,&quot;focal_length&quot;:&quot;0&quot;,&quot;iso&quot;:&quot;0&quot;,&quot;shutter_speed&quot;:&quot;0&quot;,&quot;title&quot;:&quot;&quot;,&quot;orientation&quot;:&quot;0&quot;}\" data-image-title=\"jaguar-xk150-interior-1080&amp;#215;720\" data-image-description=\"\" data-image-caption=\"&lt;p&gt;Interi\u00f8ret p\u00e5 Jaguar XK150&lt;\/p&gt;\n\" data-large-file=\"https:\/\/i0.wp.com\/terjebjornstad.com\/no\/wp-content\/uploads\/2018\/10\/jaguar-xk150-interior-1080x720.png?fit=980%2C653&amp;ssl=1\" src=\"https:\/\/i0.wp.com\/terjebjornstad.com\/no\/wp-content\/uploads\/2018\/10\/jaguar-xk150-interior-1080x720.png?resize=980%2C653&#038;ssl=1\" alt=\"oslo motor show\" width=\"980\" height=\"653\" class=\"size-full wp-image-20093\" srcset=\"https:\/\/i0.wp.com\/terjebjornstad.com\/no\/wp-content\/uploads\/2018\/10\/jaguar-xk150-interior-1080x720.png?resize=1080%2C720&amp;ssl=1 1080w, https:\/\/i0.wp.com\/terjebjornstad.com\/no\/wp-content\/uploads\/2018\/10\/jaguar-xk150-interior-1080x720.png?resize=300%2C200&amp;ssl=1 300w, https:\/\/i0.wp.com\/terjebjornstad.com\/no\/wp-content\/uploads\/2018\/10\/jaguar-xk150-interior-1080x720.png?resize=768%2C512&amp;ssl=1 768w, https:\/\/i0.wp.com\/terjebjornstad.com\/no\/wp-content\/uploads\/2018\/10\/jaguar-xk150-interior-1080x720.png?resize=690%2C460&amp;ssl=1 690w, https:\/\/i0.wp.com\/terjebjornstad.com\/no\/wp-content\/uploads\/2018\/10\/jaguar-xk150-interior-1080x720.png?resize=980%2C653&amp;ssl=1 980w\" sizes=\"auto, (max-width: 980px) 100vw, 980px\" \/><\/a><figcaption id=\"caption-attachment-20093\" class=\"wp-caption-text\">Interi\u00f8ret p\u00e5 Jaguar XK150 cabriolet<\/figcaption><\/figure>\n<p>Jeg greidde ikke \u00e5 formidle det eksakt her. Men det er en spesiell f\u00f8lelse \u00e5 sitte bak rattet i en XK150. Overraskende komfortabelt sete, det store rattet og det enorme panseret (i hvert s\u00e5nn det f\u00f8les). <\/p>\n\n<figure id=\"attachment_20092\" aria-describedby=\"caption-attachment-20092\" style=\"width: 1080px\" class=\"wp-caption alignleft\"><a href=\"https:\/\/i0.wp.com\/terjebjornstad.com\/no\/wp-content\/uploads\/2018\/10\/scania-ls141-volvo-f12-globetrotter-1080x720.png?ssl=1\"><img data-recalc-dims=\"1\" loading=\"lazy\" decoding=\"async\" data-attachment-id=\"20092\" data-permalink=\"https:\/\/terjebjornstad.com\/no\/2018\/10\/31\/oslo-motor-show-2018\/scania-ls141-volvo-f12-globetrotter-1080x720\/\" data-orig-file=\"https:\/\/i0.wp.com\/terjebjornstad.com\/no\/wp-content\/uploads\/2018\/10\/scania-ls141-volvo-f12-globetrotter-1080x720.png?fit=1080%2C720&amp;ssl=1\" data-orig-size=\"1080,720\" data-comments-opened=\"1\" data-image-meta=\"{&quot;aperture&quot;:&quot;0&quot;,&quot;credit&quot;:&quot;&quot;,&quot;camera&quot;:&quot;&quot;,&quot;caption&quot;:&quot;&quot;,&quot;created_timestamp&quot;:&quot;0&quot;,&quot;copyright&quot;:&quot;&quot;,&quot;focal_length&quot;:&quot;0&quot;,&quot;iso&quot;:&quot;0&quot;,&quot;shutter_speed&quot;:&quot;0&quot;,&quot;title&quot;:&quot;&quot;,&quot;orientation&quot;:&quot;0&quot;}\" data-image-title=\"scania-ls141-volvo-f12-globetrotter-1080&amp;#215;720\" data-image-description=\"\" data-image-caption=\"&lt;p&gt;Scania LS141 V8 og Volvo Globetrotter fra rundt 1980.&lt;\/p&gt;\n\" data-large-file=\"https:\/\/i0.wp.com\/terjebjornstad.com\/no\/wp-content\/uploads\/2018\/10\/scania-ls141-volvo-f12-globetrotter-1080x720.png?fit=980%2C653&amp;ssl=1\" src=\"https:\/\/i0.wp.com\/terjebjornstad.com\/no\/wp-content\/uploads\/2018\/10\/scania-ls141-volvo-f12-globetrotter-1080x720.png?resize=980%2C653&#038;ssl=1\" alt=\"oslo motor show\" width=\"980\" height=\"653\" class=\"size-full wp-image-20092\" srcset=\"https:\/\/i0.wp.com\/terjebjornstad.com\/no\/wp-content\/uploads\/2018\/10\/scania-ls141-volvo-f12-globetrotter-1080x720.png?resize=1080%2C720&amp;ssl=1 1080w, https:\/\/i0.wp.com\/terjebjornstad.com\/no\/wp-content\/uploads\/2018\/10\/scania-ls141-volvo-f12-globetrotter-1080x720.png?resize=300%2C200&amp;ssl=1 300w, https:\/\/i0.wp.com\/terjebjornstad.com\/no\/wp-content\/uploads\/2018\/10\/scania-ls141-volvo-f12-globetrotter-1080x720.png?resize=768%2C512&amp;ssl=1 768w, https:\/\/i0.wp.com\/terjebjornstad.com\/no\/wp-content\/uploads\/2018\/10\/scania-ls141-volvo-f12-globetrotter-1080x720.png?resize=690%2C460&amp;ssl=1 690w, https:\/\/i0.wp.com\/terjebjornstad.com\/no\/wp-content\/uploads\/2018\/10\/scania-ls141-volvo-f12-globetrotter-1080x720.png?resize=980%2C653&amp;ssl=1 980w\" sizes=\"auto, (max-width: 980px) 100vw, 980px\" \/><\/a><figcaption id=\"caption-attachment-20092\" class=\"wp-caption-text\">Scania LS141 V8 og Volvo Globetrotter fra rundt 1980<\/figcaption><\/figure>\n<p>Truck-avdelingen var veldig popul\u00e6r. Det var en blanding av nostalgi, nye kj\u00f8ret\u00f8y, blant annet Renault, og praktfulle utstillingsbiler. Jeg festet meg ved de nostalgiske bilene, de siste snute-Scania&#8217;ene og tidlige Volvo F-serie. Scania snutebil med V8 er noe av det t\u00f8ffeste som er laget i Europa. Volvo F12 Globetrotter var i sin tid flaggskipet til Volvo Last, &#8211; en v\u00e5t dr\u00f8m for alle unge tungtransportf\u00f8rere for nesten 40 \u00e5r siden. <\/p>\n\n<figure id=\"attachment_20090\" aria-describedby=\"caption-attachment-20090\" style=\"width: 1080px\" class=\"wp-caption alignleft\"><a href=\"https:\/\/i0.wp.com\/terjebjornstad.com\/no\/wp-content\/uploads\/2018\/10\/boble-farm-1080x720.png?ssl=1\"><img data-recalc-dims=\"1\" loading=\"lazy\" decoding=\"async\" data-attachment-id=\"20090\" data-permalink=\"https:\/\/terjebjornstad.com\/no\/2018\/10\/31\/oslo-motor-show-2018\/boble-farm-1080x720\/\" data-orig-file=\"https:\/\/i0.wp.com\/terjebjornstad.com\/no\/wp-content\/uploads\/2018\/10\/boble-farm-1080x720.png?fit=1080%2C720&amp;ssl=1\" data-orig-size=\"1080,720\" data-comments-opened=\"1\" data-image-meta=\"{&quot;aperture&quot;:&quot;0&quot;,&quot;credit&quot;:&quot;&quot;,&quot;camera&quot;:&quot;&quot;,&quot;caption&quot;:&quot;&quot;,&quot;created_timestamp&quot;:&quot;0&quot;,&quot;copyright&quot;:&quot;&quot;,&quot;focal_length&quot;:&quot;0&quot;,&quot;iso&quot;:&quot;0&quot;,&quot;shutter_speed&quot;:&quot;0&quot;,&quot;title&quot;:&quot;&quot;,&quot;orientation&quot;:&quot;0&quot;}\" data-image-title=\"boble-farm-1080&amp;#215;720\" data-image-description=\"\" data-image-caption=\"&lt;p&gt;Beetle Farm&lt;\/p&gt;\n\" data-large-file=\"https:\/\/i0.wp.com\/terjebjornstad.com\/no\/wp-content\/uploads\/2018\/10\/boble-farm-1080x720.png?fit=980%2C653&amp;ssl=1\" src=\"https:\/\/i0.wp.com\/terjebjornstad.com\/no\/wp-content\/uploads\/2018\/10\/boble-farm-1080x720.png?resize=980%2C653&#038;ssl=1\" alt=\"oslo motor show\" width=\"980\" height=\"653\" class=\"size-full wp-image-20090\" srcset=\"https:\/\/i0.wp.com\/terjebjornstad.com\/no\/wp-content\/uploads\/2018\/10\/boble-farm-1080x720.png?resize=1080%2C720&amp;ssl=1 1080w, https:\/\/i0.wp.com\/terjebjornstad.com\/no\/wp-content\/uploads\/2018\/10\/boble-farm-1080x720.png?resize=300%2C200&amp;ssl=1 300w, https:\/\/i0.wp.com\/terjebjornstad.com\/no\/wp-content\/uploads\/2018\/10\/boble-farm-1080x720.png?resize=768%2C512&amp;ssl=1 768w, https:\/\/i0.wp.com\/terjebjornstad.com\/no\/wp-content\/uploads\/2018\/10\/boble-farm-1080x720.png?resize=690%2C460&amp;ssl=1 690w, https:\/\/i0.wp.com\/terjebjornstad.com\/no\/wp-content\/uploads\/2018\/10\/boble-farm-1080x720.png?resize=980%2C653&amp;ssl=1 980w\" sizes=\"auto, (max-width: 980px) 100vw, 980px\" \/><\/a><figcaption id=\"caption-attachment-20090\" class=\"wp-caption-text\">Beetle Farm<\/figcaption><\/figure>\n\n<figure id=\"attachment_20089\" aria-describedby=\"caption-attachment-20089\" style=\"width: 1080px\" class=\"wp-caption alignleft\"><a href=\"https:\/\/i0.wp.com\/terjebjornstad.com\/no\/wp-content\/uploads\/2018\/10\/ur-porsche-1-1080x720.png?ssl=1\"><img data-recalc-dims=\"1\" loading=\"lazy\" decoding=\"async\" data-attachment-id=\"20089\" data-permalink=\"https:\/\/terjebjornstad.com\/no\/2018\/10\/31\/oslo-motor-show-2018\/ur-porsche-1-1080x720\/\" data-orig-file=\"https:\/\/i0.wp.com\/terjebjornstad.com\/no\/wp-content\/uploads\/2018\/10\/ur-porsche-1-1080x720.png?fit=1080%2C720&amp;ssl=1\" data-orig-size=\"1080,720\" data-comments-opened=\"1\" data-image-meta=\"{&quot;aperture&quot;:&quot;0&quot;,&quot;credit&quot;:&quot;&quot;,&quot;camera&quot;:&quot;&quot;,&quot;caption&quot;:&quot;&quot;,&quot;created_timestamp&quot;:&quot;0&quot;,&quot;copyright&quot;:&quot;&quot;,&quot;focal_length&quot;:&quot;0&quot;,&quot;iso&quot;:&quot;0&quot;,&quot;shutter_speed&quot;:&quot;0&quot;,&quot;title&quot;:&quot;&quot;,&quot;orientation&quot;:&quot;0&quot;}\" data-image-title=\"ur-porsche-1-1080&amp;#215;720\" data-image-description=\"\" data-image-caption=\"&lt;p&gt;fantastisk innredning p\u00e5 ur-Porsche&lt;\/p&gt;\n\" data-large-file=\"https:\/\/i0.wp.com\/terjebjornstad.com\/no\/wp-content\/uploads\/2018\/10\/ur-porsche-1-1080x720.png?fit=980%2C653&amp;ssl=1\" src=\"https:\/\/i0.wp.com\/terjebjornstad.com\/no\/wp-content\/uploads\/2018\/10\/ur-porsche-1-1080x720.png?resize=980%2C653&#038;ssl=1\" alt=\"oslo motor show\" width=\"980\" height=\"653\" class=\"size-full wp-image-20089\" srcset=\"https:\/\/i0.wp.com\/terjebjornstad.com\/no\/wp-content\/uploads\/2018\/10\/ur-porsche-1-1080x720.png?resize=1080%2C720&amp;ssl=1 1080w, https:\/\/i0.wp.com\/terjebjornstad.com\/no\/wp-content\/uploads\/2018\/10\/ur-porsche-1-1080x720.png?resize=300%2C200&amp;ssl=1 300w, https:\/\/i0.wp.com\/terjebjornstad.com\/no\/wp-content\/uploads\/2018\/10\/ur-porsche-1-1080x720.png?resize=768%2C512&amp;ssl=1 768w, https:\/\/i0.wp.com\/terjebjornstad.com\/no\/wp-content\/uploads\/2018\/10\/ur-porsche-1-1080x720.png?resize=690%2C460&amp;ssl=1 690w, https:\/\/i0.wp.com\/terjebjornstad.com\/no\/wp-content\/uploads\/2018\/10\/ur-porsche-1-1080x720.png?resize=980%2C653&amp;ssl=1 980w\" sizes=\"auto, (max-width: 980px) 100vw, 980px\" \/><\/a><figcaption id=\"caption-attachment-20089\" class=\"wp-caption-text\">Fantastisk innredning p\u00e5 ur-Porsche<\/figcaption><\/figure>\n\n<figure id=\"attachment_20087\" aria-describedby=\"caption-attachment-20087\" style=\"width: 1080px\" class=\"wp-caption alignleft\"><a href=\"https:\/\/i0.wp.com\/terjebjornstad.com\/no\/wp-content\/uploads\/2018\/10\/porsche-944-oms-1080x720.png?ssl=1\"><img data-recalc-dims=\"1\" loading=\"lazy\" decoding=\"async\" data-attachment-id=\"20087\" data-permalink=\"https:\/\/terjebjornstad.com\/no\/2018\/10\/31\/oslo-motor-show-2018\/porsche-944-oms-1080x720\/\" data-orig-file=\"https:\/\/i0.wp.com\/terjebjornstad.com\/no\/wp-content\/uploads\/2018\/10\/porsche-944-oms-1080x720.png?fit=1080%2C720&amp;ssl=1\" data-orig-size=\"1080,720\" data-comments-opened=\"1\" data-image-meta=\"{&quot;aperture&quot;:&quot;0&quot;,&quot;credit&quot;:&quot;&quot;,&quot;camera&quot;:&quot;&quot;,&quot;caption&quot;:&quot;&quot;,&quot;created_timestamp&quot;:&quot;0&quot;,&quot;copyright&quot;:&quot;&quot;,&quot;focal_length&quot;:&quot;0&quot;,&quot;iso&quot;:&quot;0&quot;,&quot;shutter_speed&quot;:&quot;0&quot;,&quot;title&quot;:&quot;&quot;,&quot;orientation&quot;:&quot;0&quot;}\" data-image-title=\"porsche-968-oms-1080&amp;#215;720\" data-image-description=\"\" data-image-caption=\"&lt;p&gt;Porsche 968 Clubsport&lt;\/p&gt;\n\" data-large-file=\"https:\/\/i0.wp.com\/terjebjornstad.com\/no\/wp-content\/uploads\/2018\/10\/porsche-944-oms-1080x720.png?fit=980%2C653&amp;ssl=1\" src=\"https:\/\/i0.wp.com\/terjebjornstad.com\/no\/wp-content\/uploads\/2018\/10\/porsche-944-oms-1080x720.png?resize=980%2C653&#038;ssl=1\" alt=\"oslo motor show\" width=\"980\" height=\"653\" class=\"size-full wp-image-20087\" srcset=\"https:\/\/i0.wp.com\/terjebjornstad.com\/no\/wp-content\/uploads\/2018\/10\/porsche-944-oms-1080x720.png?resize=1080%2C720&amp;ssl=1 1080w, https:\/\/i0.wp.com\/terjebjornstad.com\/no\/wp-content\/uploads\/2018\/10\/porsche-944-oms-1080x720.png?resize=300%2C200&amp;ssl=1 300w, https:\/\/i0.wp.com\/terjebjornstad.com\/no\/wp-content\/uploads\/2018\/10\/porsche-944-oms-1080x720.png?resize=768%2C512&amp;ssl=1 768w, https:\/\/i0.wp.com\/terjebjornstad.com\/no\/wp-content\/uploads\/2018\/10\/porsche-944-oms-1080x720.png?resize=690%2C460&amp;ssl=1 690w, https:\/\/i0.wp.com\/terjebjornstad.com\/no\/wp-content\/uploads\/2018\/10\/porsche-944-oms-1080x720.png?resize=980%2C653&amp;ssl=1 980w\" sizes=\"auto, (max-width: 980px) 100vw, 980px\" \/><\/a><figcaption id=\"caption-attachment-20087\" class=\"wp-caption-text\">Porsche 968 Clubsport<\/figcaption><\/figure>\n\n<figure id=\"attachment_20109\" aria-describedby=\"caption-attachment-20109\" style=\"width: 1080px\" class=\"wp-caption alignleft\"><a href=\"https:\/\/i0.wp.com\/terjebjornstad.com\/no\/wp-content\/uploads\/2018\/10\/opel-ascona-b-1080x720.png?ssl=1\"><img data-recalc-dims=\"1\" loading=\"lazy\" decoding=\"async\" data-attachment-id=\"20109\" data-permalink=\"https:\/\/terjebjornstad.com\/no\/2018\/10\/31\/oslo-motor-show-2018\/opel-ascona-b-1080x720\/\" data-orig-file=\"https:\/\/i0.wp.com\/terjebjornstad.com\/no\/wp-content\/uploads\/2018\/10\/opel-ascona-b-1080x720.png?fit=1080%2C720&amp;ssl=1\" data-orig-size=\"1080,720\" data-comments-opened=\"1\" data-image-meta=\"{&quot;aperture&quot;:&quot;0&quot;,&quot;credit&quot;:&quot;&quot;,&quot;camera&quot;:&quot;&quot;,&quot;caption&quot;:&quot;&quot;,&quot;created_timestamp&quot;:&quot;0&quot;,&quot;copyright&quot;:&quot;&quot;,&quot;focal_length&quot;:&quot;0&quot;,&quot;iso&quot;:&quot;0&quot;,&quot;shutter_speed&quot;:&quot;0&quot;,&quot;title&quot;:&quot;&quot;,&quot;orientation&quot;:&quot;0&quot;}\" data-image-title=\"opel-ascona-b-1080&amp;#215;720\" data-image-description=\"\" data-image-caption=\"&lt;p&gt;Opel Ascona B 400.&lt;\/p&gt;\n\" data-large-file=\"https:\/\/i0.wp.com\/terjebjornstad.com\/no\/wp-content\/uploads\/2018\/10\/opel-ascona-b-1080x720.png?fit=980%2C653&amp;ssl=1\" src=\"https:\/\/i0.wp.com\/terjebjornstad.com\/no\/wp-content\/uploads\/2018\/10\/opel-ascona-b-1080x720.png?resize=980%2C653&#038;ssl=1\" alt=\"oslo motor show\" width=\"980\" height=\"653\" class=\"size-full wp-image-20109\" srcset=\"https:\/\/i0.wp.com\/terjebjornstad.com\/no\/wp-content\/uploads\/2018\/10\/opel-ascona-b-1080x720.png?resize=1080%2C720&amp;ssl=1 1080w, https:\/\/i0.wp.com\/terjebjornstad.com\/no\/wp-content\/uploads\/2018\/10\/opel-ascona-b-1080x720.png?resize=300%2C200&amp;ssl=1 300w, https:\/\/i0.wp.com\/terjebjornstad.com\/no\/wp-content\/uploads\/2018\/10\/opel-ascona-b-1080x720.png?resize=768%2C512&amp;ssl=1 768w, https:\/\/i0.wp.com\/terjebjornstad.com\/no\/wp-content\/uploads\/2018\/10\/opel-ascona-b-1080x720.png?resize=690%2C460&amp;ssl=1 690w, https:\/\/i0.wp.com\/terjebjornstad.com\/no\/wp-content\/uploads\/2018\/10\/opel-ascona-b-1080x720.png?resize=980%2C653&amp;ssl=1 980w\" sizes=\"auto, (max-width: 980px) 100vw, 980px\" \/><\/a><figcaption id=\"caption-attachment-20109\" class=\"wp-caption-text\">Opel Ascona B 400<\/figcaption><\/figure>\n\n<figure id=\"attachment_20107\" aria-describedby=\"caption-attachment-20107\" style=\"width: 1080px\" class=\"wp-caption alignleft\"><a href=\"https:\/\/i0.wp.com\/terjebjornstad.com\/no\/wp-content\/uploads\/2018\/10\/ford-v8-oms-1080x720.png?ssl=1\"><img data-recalc-dims=\"1\" loading=\"lazy\" decoding=\"async\" data-attachment-id=\"20107\" data-permalink=\"https:\/\/terjebjornstad.com\/no\/2018\/10\/31\/oslo-motor-show-2018\/ford-v8-oms-1080x720\/\" data-orig-file=\"https:\/\/i0.wp.com\/terjebjornstad.com\/no\/wp-content\/uploads\/2018\/10\/ford-v8-oms-1080x720.png?fit=1080%2C720&amp;ssl=1\" data-orig-size=\"1080,720\" data-comments-opened=\"1\" data-image-meta=\"{&quot;aperture&quot;:&quot;0&quot;,&quot;credit&quot;:&quot;&quot;,&quot;camera&quot;:&quot;&quot;,&quot;caption&quot;:&quot;&quot;,&quot;created_timestamp&quot;:&quot;0&quot;,&quot;copyright&quot;:&quot;&quot;,&quot;focal_length&quot;:&quot;0&quot;,&quot;iso&quot;:&quot;0&quot;,&quot;shutter_speed&quot;:&quot;0&quot;,&quot;title&quot;:&quot;&quot;,&quot;orientation&quot;:&quot;0&quot;}\" data-image-title=\"ford-v8-oms-1080&amp;#215;720\" data-image-description=\"\" data-image-caption=\"&lt;p&gt;Ford V8&lt;\/p&gt;\n\" data-large-file=\"https:\/\/i0.wp.com\/terjebjornstad.com\/no\/wp-content\/uploads\/2018\/10\/ford-v8-oms-1080x720.png?fit=980%2C653&amp;ssl=1\" src=\"https:\/\/i0.wp.com\/terjebjornstad.com\/no\/wp-content\/uploads\/2018\/10\/ford-v8-oms-1080x720.png?resize=980%2C653&#038;ssl=1\" alt=\"oslo motor show\" width=\"980\" height=\"653\" class=\"size-full wp-image-20107\" srcset=\"https:\/\/i0.wp.com\/terjebjornstad.com\/no\/wp-content\/uploads\/2018\/10\/ford-v8-oms-1080x720.png?resize=1080%2C720&amp;ssl=1 1080w, https:\/\/i0.wp.com\/terjebjornstad.com\/no\/wp-content\/uploads\/2018\/10\/ford-v8-oms-1080x720.png?resize=300%2C200&amp;ssl=1 300w, https:\/\/i0.wp.com\/terjebjornstad.com\/no\/wp-content\/uploads\/2018\/10\/ford-v8-oms-1080x720.png?resize=768%2C512&amp;ssl=1 768w, https:\/\/i0.wp.com\/terjebjornstad.com\/no\/wp-content\/uploads\/2018\/10\/ford-v8-oms-1080x720.png?resize=690%2C460&amp;ssl=1 690w, https:\/\/i0.wp.com\/terjebjornstad.com\/no\/wp-content\/uploads\/2018\/10\/ford-v8-oms-1080x720.png?resize=980%2C653&amp;ssl=1 980w\" sizes=\"auto, (max-width: 980px) 100vw, 980px\" \/><\/a><figcaption id=\"caption-attachment-20107\" class=\"wp-caption-text\">Ford V8<\/figcaption><\/figure>\n\n<figure id=\"attachment_20106\" aria-describedby=\"caption-attachment-20106\" style=\"width: 1080px\" class=\"wp-caption alignleft\"><a href=\"https:\/\/i0.wp.com\/terjebjornstad.com\/no\/wp-content\/uploads\/2018\/10\/toyota-century-1080x720.png?ssl=1\"><img data-recalc-dims=\"1\" loading=\"lazy\" decoding=\"async\" data-attachment-id=\"20106\" data-permalink=\"https:\/\/terjebjornstad.com\/no\/2018\/10\/31\/oslo-motor-show-2018\/toyota-century-1080x720\/\" data-orig-file=\"https:\/\/i0.wp.com\/terjebjornstad.com\/no\/wp-content\/uploads\/2018\/10\/toyota-century-1080x720.png?fit=1080%2C720&amp;ssl=1\" data-orig-size=\"1080,720\" data-comments-opened=\"1\" data-image-meta=\"{&quot;aperture&quot;:&quot;0&quot;,&quot;credit&quot;:&quot;&quot;,&quot;camera&quot;:&quot;&quot;,&quot;caption&quot;:&quot;&quot;,&quot;created_timestamp&quot;:&quot;0&quot;,&quot;copyright&quot;:&quot;&quot;,&quot;focal_length&quot;:&quot;0&quot;,&quot;iso&quot;:&quot;0&quot;,&quot;shutter_speed&quot;:&quot;0&quot;,&quot;title&quot;:&quot;&quot;,&quot;orientation&quot;:&quot;0&quot;}\" data-image-title=\"toyota-century-1080&amp;#215;720\" data-image-description=\"\" data-image-caption=\"&lt;p&gt;Toyota Century&lt;\/p&gt;\n\" data-large-file=\"https:\/\/i0.wp.com\/terjebjornstad.com\/no\/wp-content\/uploads\/2018\/10\/toyota-century-1080x720.png?fit=980%2C653&amp;ssl=1\" src=\"https:\/\/i0.wp.com\/terjebjornstad.com\/no\/wp-content\/uploads\/2018\/10\/toyota-century-1080x720.png?resize=980%2C653&#038;ssl=1\" alt=\"oslo motor show\" width=\"980\" height=\"653\" class=\"size-full wp-image-20106\" srcset=\"https:\/\/i0.wp.com\/terjebjornstad.com\/no\/wp-content\/uploads\/2018\/10\/toyota-century-1080x720.png?resize=1080%2C720&amp;ssl=1 1080w, https:\/\/i0.wp.com\/terjebjornstad.com\/no\/wp-content\/uploads\/2018\/10\/toyota-century-1080x720.png?resize=300%2C200&amp;ssl=1 300w, https:\/\/i0.wp.com\/terjebjornstad.com\/no\/wp-content\/uploads\/2018\/10\/toyota-century-1080x720.png?resize=768%2C512&amp;ssl=1 768w, https:\/\/i0.wp.com\/terjebjornstad.com\/no\/wp-content\/uploads\/2018\/10\/toyota-century-1080x720.png?resize=690%2C460&amp;ssl=1 690w, https:\/\/i0.wp.com\/terjebjornstad.com\/no\/wp-content\/uploads\/2018\/10\/toyota-century-1080x720.png?resize=980%2C653&amp;ssl=1 980w\" sizes=\"auto, (max-width: 980px) 100vw, 980px\" \/><\/a><figcaption id=\"caption-attachment-20106\" class=\"wp-caption-text\">Toyota Century<\/figcaption><\/figure>\n<p>Dette er et sjeldent syn i Norge. En Toyota bygget for konger og presidenter. Jeg tror aldri det ble laget noen versjoner med venstreratt, fordi Century prim\u00e6rt er tiltenkt japanske konglige og stats- og n\u00e6ringslivstopper. Det er merkelig at Toyota har produsert &#8211; og produserer &#8211; en bil som ligger s\u00e5 tett opp til Lexus. Det er i hvert fall f\u00f8rste gang jeg har kunnet studere en Toyota Century p\u00e5 n\u00e6rt hold.<\/p>\n\n<figure id=\"attachment_20104\" aria-describedby=\"caption-attachment-20104\" style=\"width: 1080px\" class=\"wp-caption alignleft\"><a href=\"https:\/\/i0.wp.com\/terjebjornstad.com\/no\/wp-content\/uploads\/2018\/10\/ford-taunus-p3-1080x1080.png?ssl=1\"><img data-recalc-dims=\"1\" loading=\"lazy\" decoding=\"async\" data-attachment-id=\"20104\" data-permalink=\"https:\/\/terjebjornstad.com\/no\/2018\/10\/31\/oslo-motor-show-2018\/ford-taunus-p3-1080x1080\/\" data-orig-file=\"https:\/\/i0.wp.com\/terjebjornstad.com\/no\/wp-content\/uploads\/2018\/10\/ford-taunus-p3-1080x1080.png?fit=1080%2C1080&amp;ssl=1\" data-orig-size=\"1080,1080\" data-comments-opened=\"1\" data-image-meta=\"{&quot;aperture&quot;:&quot;0&quot;,&quot;credit&quot;:&quot;&quot;,&quot;camera&quot;:&quot;&quot;,&quot;caption&quot;:&quot;&quot;,&quot;created_timestamp&quot;:&quot;0&quot;,&quot;copyright&quot;:&quot;&quot;,&quot;focal_length&quot;:&quot;0&quot;,&quot;iso&quot;:&quot;0&quot;,&quot;shutter_speed&quot;:&quot;0&quot;,&quot;title&quot;:&quot;&quot;,&quot;orientation&quot;:&quot;0&quot;}\" data-image-title=\"ford-taunus-p3-1080&amp;#215;1080\" data-image-description=\"\" data-image-caption=\"&lt;p&gt;Ford Taunus 17 M (P3) varebil&lt;\/p&gt;\n\" data-large-file=\"https:\/\/i0.wp.com\/terjebjornstad.com\/no\/wp-content\/uploads\/2018\/10\/ford-taunus-p3-1080x1080.png?fit=980%2C980&amp;ssl=1\" src=\"https:\/\/i0.wp.com\/terjebjornstad.com\/no\/wp-content\/uploads\/2018\/10\/ford-taunus-p3-1080x1080.png?resize=980%2C980&#038;ssl=1\" alt=\"oslo motor show\" width=\"980\" height=\"980\" class=\"size-full wp-image-20104\" srcset=\"https:\/\/i0.wp.com\/terjebjornstad.com\/no\/wp-content\/uploads\/2018\/10\/ford-taunus-p3-1080x1080.png?resize=1080%2C1080&amp;ssl=1 1080w, https:\/\/i0.wp.com\/terjebjornstad.com\/no\/wp-content\/uploads\/2018\/10\/ford-taunus-p3-1080x1080.png?resize=150%2C150&amp;ssl=1 150w, https:\/\/i0.wp.com\/terjebjornstad.com\/no\/wp-content\/uploads\/2018\/10\/ford-taunus-p3-1080x1080.png?resize=300%2C300&amp;ssl=1 300w, https:\/\/i0.wp.com\/terjebjornstad.com\/no\/wp-content\/uploads\/2018\/10\/ford-taunus-p3-1080x1080.png?resize=768%2C768&amp;ssl=1 768w, https:\/\/i0.wp.com\/terjebjornstad.com\/no\/wp-content\/uploads\/2018\/10\/ford-taunus-p3-1080x1080.png?resize=690%2C690&amp;ssl=1 690w, https:\/\/i0.wp.com\/terjebjornstad.com\/no\/wp-content\/uploads\/2018\/10\/ford-taunus-p3-1080x1080.png?resize=980%2C980&amp;ssl=1 980w, https:\/\/i0.wp.com\/terjebjornstad.com\/no\/wp-content\/uploads\/2018\/10\/ford-taunus-p3-1080x1080.png?resize=50%2C50&amp;ssl=1 50w\" sizes=\"auto, (max-width: 980px) 100vw, 980px\" \/><\/a><figcaption id=\"caption-attachment-20104\" class=\"wp-caption-text\">Ford Taunus 17 M (P3) varebil<\/figcaption><\/figure>\n<p>I ettertid fremst\u00e5r Taunus 17 M P3 som en veldesignet bil til \u00e5 v\u00e6re introdusert for modell\u00e5ret 1960, da alle bilfabrikker med respekt for seg selv lagde biler med finner. P\u00e5 P3 er alt avrundet og ovalt &#8211; og m\u00e5 ha v\u00e6rt sv\u00e6rt forut for sin tid. I Tyskland g\u00e5r Taunus P3 under betegnelsen &laquo;Taunus Badewanne&raquo; (badekar-Taunus). Den avbildede bilen er en varebil &#8211; panel van &#8211; basert p\u00e5 3-d\u00f8rs Turnier.<\/p>\n<h3 class=\"tebh2\">Flere bilder<\/h3>\n<figure id=\"attachment_20110\" aria-describedby=\"caption-attachment-20110\" style=\"width: 1080px\" class=\"wp-caption aligncenter\"><a href=\"https:\/\/i0.wp.com\/terjebjornstad.com\/no\/wp-content\/uploads\/2018\/10\/ford-a-rod-oms-1080x1080.png?ssl=1\"><img data-recalc-dims=\"1\" loading=\"lazy\" decoding=\"async\" data-attachment-id=\"20110\" data-permalink=\"https:\/\/terjebjornstad.com\/no\/2018\/10\/31\/oslo-motor-show-2018\/ford-a-rod-oms-1080x1080\/\" data-orig-file=\"https:\/\/i0.wp.com\/terjebjornstad.com\/no\/wp-content\/uploads\/2018\/10\/ford-a-rod-oms-1080x1080.png?fit=1080%2C1080&amp;ssl=1\" data-orig-size=\"1080,1080\" data-comments-opened=\"1\" data-image-meta=\"{&quot;aperture&quot;:&quot;0&quot;,&quot;credit&quot;:&quot;&quot;,&quot;camera&quot;:&quot;&quot;,&quot;caption&quot;:&quot;&quot;,&quot;created_timestamp&quot;:&quot;0&quot;,&quot;copyright&quot;:&quot;&quot;,&quot;focal_length&quot;:&quot;0&quot;,&quot;iso&quot;:&quot;0&quot;,&quot;shutter_speed&quot;:&quot;0&quot;,&quot;title&quot;:&quot;&quot;,&quot;orientation&quot;:&quot;0&quot;}\" data-image-title=\"ford-a-rod-oms-1080&amp;#215;1080\" data-image-description=\"\" data-image-caption=\"&lt;p&gt;Ford A hotrod&lt;\/p&gt;\n\" data-large-file=\"https:\/\/i0.wp.com\/terjebjornstad.com\/no\/wp-content\/uploads\/2018\/10\/ford-a-rod-oms-1080x1080.png?fit=980%2C980&amp;ssl=1\" src=\"https:\/\/i0.wp.com\/terjebjornstad.com\/no\/wp-content\/uploads\/2018\/10\/ford-a-rod-oms-1080x1080.png?resize=980%2C980&#038;ssl=1\" alt=\"\" width=\"980\" height=\"980\" class=\"size-full wp-image-20110\" srcset=\"https:\/\/i0.wp.com\/terjebjornstad.com\/no\/wp-content\/uploads\/2018\/10\/ford-a-rod-oms-1080x1080.png?resize=1080%2C1080&amp;ssl=1 1080w, https:\/\/i0.wp.com\/terjebjornstad.com\/no\/wp-content\/uploads\/2018\/10\/ford-a-rod-oms-1080x1080.png?resize=150%2C150&amp;ssl=1 150w, https:\/\/i0.wp.com\/terjebjornstad.com\/no\/wp-content\/uploads\/2018\/10\/ford-a-rod-oms-1080x1080.png?resize=300%2C300&amp;ssl=1 300w, https:\/\/i0.wp.com\/terjebjornstad.com\/no\/wp-content\/uploads\/2018\/10\/ford-a-rod-oms-1080x1080.png?resize=768%2C768&amp;ssl=1 768w, https:\/\/i0.wp.com\/terjebjornstad.com\/no\/wp-content\/uploads\/2018\/10\/ford-a-rod-oms-1080x1080.png?resize=690%2C690&amp;ssl=1 690w, https:\/\/i0.wp.com\/terjebjornstad.com\/no\/wp-content\/uploads\/2018\/10\/ford-a-rod-oms-1080x1080.png?resize=980%2C980&amp;ssl=1 980w, https:\/\/i0.wp.com\/terjebjornstad.com\/no\/wp-content\/uploads\/2018\/10\/ford-a-rod-oms-1080x1080.png?resize=50%2C50&amp;ssl=1 50w\" sizes=\"auto, (max-width: 980px) 100vw, 980px\" \/><\/a><figcaption id=\"caption-attachment-20110\" class=\"wp-caption-text\">Ford A hotrod<\/figcaption><\/figure>\n<p><figure id=\"attachment_20108\" aria-describedby=\"caption-attachment-20108\" style=\"width: 1080px\" class=\"wp-caption aligncenter\"><a href=\"https:\/\/i0.wp.com\/terjebjornstad.com\/no\/wp-content\/uploads\/2018\/10\/mclaren-1080x720.png?ssl=1\"><img data-recalc-dims=\"1\" loading=\"lazy\" decoding=\"async\" data-attachment-id=\"20108\" data-permalink=\"https:\/\/terjebjornstad.com\/no\/mclaren\/mclaren-senna\/mclaren-1080x720\/\" data-orig-file=\"https:\/\/i0.wp.com\/terjebjornstad.com\/no\/wp-content\/uploads\/2018\/10\/mclaren-1080x720.png?fit=1080%2C720&amp;ssl=1\" data-orig-size=\"1080,720\" data-comments-opened=\"1\" data-image-meta=\"{&quot;aperture&quot;:&quot;0&quot;,&quot;credit&quot;:&quot;&quot;,&quot;camera&quot;:&quot;&quot;,&quot;caption&quot;:&quot;&quot;,&quot;created_timestamp&quot;:&quot;0&quot;,&quot;copyright&quot;:&quot;&quot;,&quot;focal_length&quot;:&quot;0&quot;,&quot;iso&quot;:&quot;0&quot;,&quot;shutter_speed&quot;:&quot;0&quot;,&quot;title&quot;:&quot;&quot;,&quot;orientation&quot;:&quot;0&quot;}\" data-image-title=\"mclaren-1080&amp;#215;720\" data-image-description=\"\" data-image-caption=\"&lt;p&gt;McLaren Senna&lt;\/p&gt;\n\" data-large-file=\"https:\/\/i0.wp.com\/terjebjornstad.com\/no\/wp-content\/uploads\/2018\/10\/mclaren-1080x720.png?fit=980%2C653&amp;ssl=1\" src=\"https:\/\/i0.wp.com\/terjebjornstad.com\/no\/wp-content\/uploads\/2018\/10\/mclaren-1080x720.png?resize=980%2C653&#038;ssl=1\" alt=\"\" width=\"980\" height=\"653\" class=\"size-full wp-image-20108\" srcset=\"https:\/\/i0.wp.com\/terjebjornstad.com\/no\/wp-content\/uploads\/2018\/10\/mclaren-1080x720.png?resize=1080%2C720&amp;ssl=1 1080w, https:\/\/i0.wp.com\/terjebjornstad.com\/no\/wp-content\/uploads\/2018\/10\/mclaren-1080x720.png?resize=300%2C200&amp;ssl=1 300w, https:\/\/i0.wp.com\/terjebjornstad.com\/no\/wp-content\/uploads\/2018\/10\/mclaren-1080x720.png?resize=768%2C512&amp;ssl=1 768w, https:\/\/i0.wp.com\/terjebjornstad.com\/no\/wp-content\/uploads\/2018\/10\/mclaren-1080x720.png?resize=690%2C460&amp;ssl=1 690w, https:\/\/i0.wp.com\/terjebjornstad.com\/no\/wp-content\/uploads\/2018\/10\/mclaren-1080x720.png?resize=980%2C653&amp;ssl=1 980w\" sizes=\"auto, (max-width: 980px) 100vw, 980px\" \/><\/a><figcaption id=\"caption-attachment-20108\" class=\"wp-caption-text\">McLaren Senna<\/figcaption><\/figure><\/p>\n<figure id=\"attachment_20102\" aria-describedby=\"caption-attachment-20102\" style=\"width: 1080px\" class=\"wp-caption aligncenter\"><a href=\"https:\/\/i0.wp.com\/terjebjornstad.com\/no\/wp-content\/uploads\/2018\/10\/vw-golf-gti-mk1-1080x720.png?ssl=1\"><img data-recalc-dims=\"1\" loading=\"lazy\" decoding=\"async\" data-attachment-id=\"20102\" data-permalink=\"https:\/\/terjebjornstad.com\/no\/golf-mk-1\/vw-golf-gti-mk1-1080x720\/\" data-orig-file=\"https:\/\/i0.wp.com\/terjebjornstad.com\/no\/wp-content\/uploads\/2018\/10\/vw-golf-gti-mk1-1080x720.png?fit=1080%2C720&amp;ssl=1\" data-orig-size=\"1080,720\" data-comments-opened=\"1\" data-image-meta=\"{&quot;aperture&quot;:&quot;0&quot;,&quot;credit&quot;:&quot;&quot;,&quot;camera&quot;:&quot;&quot;,&quot;caption&quot;:&quot;&quot;,&quot;created_timestamp&quot;:&quot;0&quot;,&quot;copyright&quot;:&quot;&quot;,&quot;focal_length&quot;:&quot;0&quot;,&quot;iso&quot;:&quot;0&quot;,&quot;shutter_speed&quot;:&quot;0&quot;,&quot;title&quot;:&quot;&quot;,&quot;orientation&quot;:&quot;0&quot;}\" data-image-title=\"vw-golf-gti-mk1-1080&amp;#215;720\" data-image-description=\"\" data-image-caption=\"&lt;p&gt;Volkswagen Golf GTI mk1&lt;\/p&gt;\n\" data-large-file=\"https:\/\/i0.wp.com\/terjebjornstad.com\/no\/wp-content\/uploads\/2018\/10\/vw-golf-gti-mk1-1080x720.png?fit=980%2C653&amp;ssl=1\" src=\"https:\/\/i0.wp.com\/terjebjornstad.com\/no\/wp-content\/uploads\/2018\/10\/vw-golf-gti-mk1-1080x720.png?resize=980%2C653&#038;ssl=1\" alt=\"\" width=\"980\" height=\"653\" class=\"size-full wp-image-20102\" srcset=\"https:\/\/i0.wp.com\/terjebjornstad.com\/no\/wp-content\/uploads\/2018\/10\/vw-golf-gti-mk1-1080x720.png?resize=1080%2C720&amp;ssl=1 1080w, https:\/\/i0.wp.com\/terjebjornstad.com\/no\/wp-content\/uploads\/2018\/10\/vw-golf-gti-mk1-1080x720.png?resize=300%2C200&amp;ssl=1 300w, https:\/\/i0.wp.com\/terjebjornstad.com\/no\/wp-content\/uploads\/2018\/10\/vw-golf-gti-mk1-1080x720.png?resize=768%2C512&amp;ssl=1 768w, https:\/\/i0.wp.com\/terjebjornstad.com\/no\/wp-content\/uploads\/2018\/10\/vw-golf-gti-mk1-1080x720.png?resize=690%2C460&amp;ssl=1 690w, https:\/\/i0.wp.com\/terjebjornstad.com\/no\/wp-content\/uploads\/2018\/10\/vw-golf-gti-mk1-1080x720.png?resize=980%2C653&amp;ssl=1 980w\" sizes=\"auto, (max-width: 980px) 100vw, 980px\" \/><\/a><figcaption id=\"caption-attachment-20102\" class=\"wp-caption-text\">Volkswagen Golf GTI mk1<\/figcaption><\/figure>\n<figure id=\"attachment_20091\" aria-describedby=\"caption-attachment-20091\" style=\"width: 1080px\" class=\"wp-caption aligncenter\"><a href=\"https:\/\/i0.wp.com\/terjebjornstad.com\/no\/wp-content\/uploads\/2018\/10\/scania-ls-142-dekor.png?ssl=1\"><img data-recalc-dims=\"1\" loading=\"lazy\" decoding=\"async\" data-attachment-id=\"20091\" data-permalink=\"https:\/\/terjebjornstad.com\/no\/2018\/10\/31\/oslo-motor-show-2018\/scania-ls-142-dekor\/\" data-orig-file=\"https:\/\/i0.wp.com\/terjebjornstad.com\/no\/wp-content\/uploads\/2018\/10\/scania-ls-142-dekor.png?fit=1080%2C720&amp;ssl=1\" data-orig-size=\"1080,720\" data-comments-opened=\"1\" data-image-meta=\"{&quot;aperture&quot;:&quot;0&quot;,&quot;credit&quot;:&quot;&quot;,&quot;camera&quot;:&quot;&quot;,&quot;caption&quot;:&quot;&quot;,&quot;created_timestamp&quot;:&quot;0&quot;,&quot;copyright&quot;:&quot;&quot;,&quot;focal_length&quot;:&quot;0&quot;,&quot;iso&quot;:&quot;0&quot;,&quot;shutter_speed&quot;:&quot;0&quot;,&quot;title&quot;:&quot;&quot;,&quot;orientation&quot;:&quot;0&quot;}\" data-image-title=\"scania-ls-142-dekor\" data-image-description=\"\" data-image-caption=\"&lt;p&gt;Diskret kunstverk p\u00e5 denne Scania LS142&lt;\/p&gt;\n\" data-large-file=\"https:\/\/i0.wp.com\/terjebjornstad.com\/no\/wp-content\/uploads\/2018\/10\/scania-ls-142-dekor.png?fit=980%2C653&amp;ssl=1\" src=\"https:\/\/i0.wp.com\/terjebjornstad.com\/no\/wp-content\/uploads\/2018\/10\/scania-ls-142-dekor.png?resize=980%2C653&#038;ssl=1\" alt=\"\" width=\"980\" height=\"653\" class=\"size-full wp-image-20091\" srcset=\"https:\/\/i0.wp.com\/terjebjornstad.com\/no\/wp-content\/uploads\/2018\/10\/scania-ls-142-dekor.png?w=1080&amp;ssl=1 1080w, https:\/\/i0.wp.com\/terjebjornstad.com\/no\/wp-content\/uploads\/2018\/10\/scania-ls-142-dekor.png?resize=300%2C200&amp;ssl=1 300w, https:\/\/i0.wp.com\/terjebjornstad.com\/no\/wp-content\/uploads\/2018\/10\/scania-ls-142-dekor.png?resize=768%2C512&amp;ssl=1 768w, https:\/\/i0.wp.com\/terjebjornstad.com\/no\/wp-content\/uploads\/2018\/10\/scania-ls-142-dekor.png?resize=690%2C460&amp;ssl=1 690w, https:\/\/i0.wp.com\/terjebjornstad.com\/no\/wp-content\/uploads\/2018\/10\/scania-ls-142-dekor.png?resize=980%2C653&amp;ssl=1 980w\" sizes=\"auto, (max-width: 980px) 100vw, 980px\" \/><\/a><figcaption id=\"caption-attachment-20091\" class=\"wp-caption-text\">Diskret kunstverk p\u00e5 denne Scania LS142<\/figcaption><\/figure>\n<p><figure id=\"attachment_20088\" aria-describedby=\"caption-attachment-20088\" style=\"width: 1080px\" class=\"wp-caption aligncenter\"><a href=\"https:\/\/i0.wp.com\/terjebjornstad.com\/no\/wp-content\/uploads\/2018\/10\/vw-t1x2-1080x720.png?ssl=1\"><img data-recalc-dims=\"1\" loading=\"lazy\" decoding=\"async\" data-attachment-id=\"20088\" data-permalink=\"https:\/\/terjebjornstad.com\/no\/2018\/10\/31\/oslo-motor-show-2018\/vw-t1x2-1080x720\/\" data-orig-file=\"https:\/\/i0.wp.com\/terjebjornstad.com\/no\/wp-content\/uploads\/2018\/10\/vw-t1x2-1080x720.png?fit=1080%2C720&amp;ssl=1\" data-orig-size=\"1080,720\" data-comments-opened=\"1\" data-image-meta=\"{&quot;aperture&quot;:&quot;0&quot;,&quot;credit&quot;:&quot;&quot;,&quot;camera&quot;:&quot;&quot;,&quot;caption&quot;:&quot;&quot;,&quot;created_timestamp&quot;:&quot;0&quot;,&quot;copyright&quot;:&quot;&quot;,&quot;focal_length&quot;:&quot;0&quot;,&quot;iso&quot;:&quot;0&quot;,&quot;shutter_speed&quot;:&quot;0&quot;,&quot;title&quot;:&quot;&quot;,&quot;orientation&quot;:&quot;0&quot;}\" data-image-title=\"vw-t1x2-1080&amp;#215;720\" data-image-description=\"\" data-image-caption=\"&lt;p&gt;Volkswagen T1 &amp;#038; S\u00f8nn&lt;\/p&gt;\n\" data-large-file=\"https:\/\/i0.wp.com\/terjebjornstad.com\/no\/wp-content\/uploads\/2018\/10\/vw-t1x2-1080x720.png?fit=980%2C653&amp;ssl=1\" src=\"https:\/\/i0.wp.com\/terjebjornstad.com\/no\/wp-content\/uploads\/2018\/10\/vw-t1x2-1080x720.png?resize=980%2C653&#038;ssl=1\" alt=\"\" width=\"980\" height=\"653\" class=\"size-full wp-image-20088\" srcset=\"https:\/\/i0.wp.com\/terjebjornstad.com\/no\/wp-content\/uploads\/2018\/10\/vw-t1x2-1080x720.png?resize=1080%2C720&amp;ssl=1 1080w, https:\/\/i0.wp.com\/terjebjornstad.com\/no\/wp-content\/uploads\/2018\/10\/vw-t1x2-1080x720.png?resize=300%2C200&amp;ssl=1 300w, https:\/\/i0.wp.com\/terjebjornstad.com\/no\/wp-content\/uploads\/2018\/10\/vw-t1x2-1080x720.png?resize=768%2C512&amp;ssl=1 768w, https:\/\/i0.wp.com\/terjebjornstad.com\/no\/wp-content\/uploads\/2018\/10\/vw-t1x2-1080x720.png?resize=690%2C460&amp;ssl=1 690w, https:\/\/i0.wp.com\/terjebjornstad.com\/no\/wp-content\/uploads\/2018\/10\/vw-t1x2-1080x720.png?resize=980%2C653&amp;ssl=1 980w\" sizes=\"auto, (max-width: 980px) 100vw, 980px\" \/><\/a><figcaption id=\"caption-attachment-20088\" class=\"wp-caption-text\">Volkswagen T1 &#038; S\u00f8nn<\/figcaption><\/figure><br \/>\n&nbsp;<\/p>\n\n<h3 class=\"tebh2\">Se ogs\u00e5<\/h3>\n<p><figure id=\"attachment_10445\" aria-describedby=\"caption-attachment-10445\" style=\"width: 150px\" class=\"wp-caption alignleft\"><a href=\"https:\/\/terjebjornstad.com\/no\/2017\/05\/11\/sjeldne-arter\/\"><img data-recalc-dims=\"1\" loading=\"lazy\" decoding=\"async\" data-attachment-id=\"10445\" data-permalink=\"https:\/\/terjebjornstad.com\/no\/2017\/05\/11\/sjeldne-arter\/classic-arnardos-mercedes-benz-600-3\/\" data-orig-file=\"https:\/\/i0.wp.com\/terjebjornstad.com\/no\/wp-content\/uploads\/2017\/05\/classic-arnardos-mercedes-benz-600-3.png?fit=686%2C686&amp;ssl=1\" data-orig-size=\"686,686\" data-comments-opened=\"1\" data-image-meta=\"{&quot;aperture&quot;:&quot;0&quot;,&quot;credit&quot;:&quot;&quot;,&quot;camera&quot;:&quot;&quot;,&quot;caption&quot;:&quot;&quot;,&quot;created_timestamp&quot;:&quot;0&quot;,&quot;copyright&quot;:&quot;&quot;,&quot;focal_length&quot;:&quot;0&quot;,&quot;iso&quot;:&quot;0&quot;,&quot;shutter_speed&quot;:&quot;0&quot;,&quot;title&quot;:&quot;&quot;,&quot;orientation&quot;:&quot;0&quot;}\" data-image-title=\"Mercedes-Benz 600\" data-image-description=\"\" data-image-caption=\"&lt;p&gt;Sjeldne arter.&lt;\/p&gt;\n\" data-large-file=\"https:\/\/i0.wp.com\/terjebjornstad.com\/no\/wp-content\/uploads\/2017\/05\/classic-arnardos-mercedes-benz-600-3.png?fit=686%2C686&amp;ssl=1\" src=\"https:\/\/i0.wp.com\/terjebjornstad.com\/no\/wp-content\/uploads\/2017\/05\/classic-arnardos-mercedes-benz-600-3.png?resize=150%2C150&#038;ssl=1\" alt=\"oslo motor show\" width=\"150\" height=\"150\" class=\"size-thumbnail wp-image-10445\" srcset=\"https:\/\/i0.wp.com\/terjebjornstad.com\/no\/wp-content\/uploads\/2017\/05\/classic-arnardos-mercedes-benz-600-3.png?resize=150%2C150&amp;ssl=1 150w, https:\/\/i0.wp.com\/terjebjornstad.com\/no\/wp-content\/uploads\/2017\/05\/classic-arnardos-mercedes-benz-600-3.png?resize=300%2C300&amp;ssl=1 300w, https:\/\/i0.wp.com\/terjebjornstad.com\/no\/wp-content\/uploads\/2017\/05\/classic-arnardos-mercedes-benz-600-3.png?resize=50%2C50&amp;ssl=1 50w, https:\/\/i0.wp.com\/terjebjornstad.com\/no\/wp-content\/uploads\/2017\/05\/classic-arnardos-mercedes-benz-600-3.png?w=686&amp;ssl=1 686w\" sizes=\"auto, (max-width: 150px) 100vw, 150px\" \/><\/a><figcaption id=\"caption-attachment-10445\" class=\"wp-caption-text\">Sjeldne arter.<\/figcaption><\/figure><figure id=\"attachment_15381\" aria-describedby=\"caption-attachment-15381\" style=\"width: 150px\" class=\"wp-caption alignleft\"><a href=\"https:\/\/terjebjornstad.com\/no\/2018\/04\/17\/bilder-fra-oslo-motor-show\/\"><img data-recalc-dims=\"1\" loading=\"lazy\" decoding=\"async\" data-attachment-id=\"15381\" data-permalink=\"https:\/\/terjebjornstad.com\/no\/2018\/04\/17\/bilder-fra-oslo-motor-show\/dino-1-1504\/\" data-orig-file=\"https:\/\/i0.wp.com\/terjebjornstad.com\/no\/wp-content\/uploads\/2018\/04\/dino-1-1504.png?fit=686%2C457&amp;ssl=1\" data-orig-size=\"686,457\" data-comments-opened=\"1\" data-image-meta=\"{&quot;aperture&quot;:&quot;0&quot;,&quot;credit&quot;:&quot;&quot;,&quot;camera&quot;:&quot;&quot;,&quot;caption&quot;:&quot;&quot;,&quot;created_timestamp&quot;:&quot;0&quot;,&quot;copyright&quot;:&quot;&quot;,&quot;focal_length&quot;:&quot;0&quot;,&quot;iso&quot;:&quot;0&quot;,&quot;shutter_speed&quot;:&quot;0&quot;,&quot;title&quot;:&quot;&quot;,&quot;orientation&quot;:&quot;0&quot;}\" data-image-title=\"Bilder fra Oslo Motor Show,\" data-image-description=\"\" data-image-caption=\"&lt;p&gt;Bilder fra Oslo Motor Show&lt;\/p&gt;\n\" data-large-file=\"https:\/\/i0.wp.com\/terjebjornstad.com\/no\/wp-content\/uploads\/2018\/04\/dino-1-1504.png?fit=686%2C457&amp;ssl=1\" src=\"https:\/\/i0.wp.com\/terjebjornstad.com\/no\/wp-content\/uploads\/2018\/04\/dino-1-1504.png?resize=150%2C150&#038;ssl=1\" alt=\"oslo motor show\" width=\"150\" height=\"150\" class=\"size-thumbnail wp-image-15381\" srcset=\"https:\/\/i0.wp.com\/terjebjornstad.com\/no\/wp-content\/uploads\/2018\/04\/dino-1-1504.png?resize=150%2C150&amp;ssl=1 150w, https:\/\/i0.wp.com\/terjebjornstad.com\/no\/wp-content\/uploads\/2018\/04\/dino-1-1504.png?resize=50%2C50&amp;ssl=1 50w, https:\/\/i0.wp.com\/terjebjornstad.com\/no\/wp-content\/uploads\/2018\/04\/dino-1-1504.png?zoom=2&amp;resize=150%2C150&amp;ssl=1 300w, https:\/\/i0.wp.com\/terjebjornstad.com\/no\/wp-content\/uploads\/2018\/04\/dino-1-1504.png?zoom=3&amp;resize=150%2C150&amp;ssl=1 450w\" sizes=\"auto, (max-width: 150px) 100vw, 150px\" \/><\/a><figcaption id=\"caption-attachment-15381\" class=\"wp-caption-text\">Bilder fra Oslo Motor Show.<\/figcaption><\/figure><\/p>\n<h6><\/h6>\n<p><a href=\"https:\/\/www.oslomotorshow.no\/\" target=\"_blank\" rel=\"noopener noreferrer\"><strong>Oslo Motor Show<\/strong><\/a><\/p>\n<h6><\/h6>\n<\/div>\n","protected":false,"gt_translate_keys":[{"key":"rendered","format":"html"}]},"excerpt":{"rendered":"<p>Allerede fra togstasjonen p\u00e5 Lillestr\u00f8m la jeg merke til flere karer som meg. Litt opp i \u00e5rene, med allv\u00e6rsjakker, ryggsekk, fjellst\u00f8vler. Fugletittere? Eldorado for carspotters Nei dette var hobbyfotografer som var tidlig ute p\u00e5 vei til Norges Varemesse for \u00e5 sikre seg bilder f\u00f8r de store hordene av publikum str\u00f8mmet til. Jeg traff dem inne [&hellip;]<\/p>\n","protected":false,"gt_translate_keys":[{"key":"rendered","format":"html"}]},"author":1,"featured_media":20105,"comment_status":"open","ping_status":"open","sticky":false,"template":"","format":"standard","meta":{"_monsterinsights_skip_tracking":false,"_monsterinsights_sitenote_active":false,"_monsterinsights_sitenote_note":"","_monsterinsights_sitenote_category":0,"jetpack_post_was_ever_published":false,"_jetpack_newsletter_access":"","_jetpack_dont_email_post_to_subs":false,"_jetpack_newsletter_tier_id":0,"_jetpack_memberships_contains_paywalled_content":false,"_jetpack_memberships_contains_paid_content":false,"footnotes":"","jetpack_publicize_message":"","jetpack_publicize_feature_enabled":true,"jetpack_social_post_already_shared":true,"jetpack_social_options":{"image_generator_settings":{"template":"highway","default_image_id":0,"font":"","enabled":false},"version":2}},"categories":[34],"tags":[2007,2006,1712,2005,2008],"class_list":["post-20111","post","type-post","status-publish","format-standard","has-post-thumbnail","hentry","category-artikkel","tag-bilutstilling-lillestrom","tag-norges-varemesse","tag-oslo-motor-show","tag-oslo-motor-show-2018","tag-varemesse-lillestrom"],"yoast_head":"<!-- This site is optimized with the Yoast SEO plugin v27.5 - https:\/\/yoast.com\/product\/yoast-seo-wordpress\/ -->\n<title>Oslo Motor Show 2018 - Terjes biler - Bildene finner du her!<\/title>\n<meta name=\"description\" content=\"Oslo Motor Show 2018 ga mange inntrykk. Superbiler, hotrods, bilsport, klassikere, gammelbiler, tunge biler og motorsykler med mer\" \/>\n<meta name=\"robots\" content=\"index, follow, max-snippet:-1, max-image-preview:large, max-video-preview:-1\" \/>\n<link rel=\"canonical\" href=\"https:\/\/terjebjornstad.com\/no\/2018\/10\/31\/oslo-motor-show-2018\/\" \/>\n<meta property=\"og:locale\" content=\"nb_NO\" \/>\n<meta property=\"og:type\" content=\"article\" \/>\n<meta property=\"og:title\" content=\"Oslo Motor Show 2018 - Terjes biler - Bildene finner du her!\" \/>\n<meta property=\"og:description\" content=\"Oslo Motor Show 2018 ga mange inntrykk. Superbiler, hotrods, bilsport, klassikere, gammelbiler, tunge biler og motorsykler med mer\" \/>\n<meta property=\"og:url\" content=\"https:\/\/terjebjornstad.com\/no\/2018\/10\/31\/oslo-motor-show-2018\/\" \/>\n<meta property=\"og:site_name\" content=\"Terjes biler\" \/>\n<meta property=\"article:publisher\" content=\"https:\/\/www.facebook.com\/terjesbiler\/\" \/>\n<meta property=\"article:author\" content=\"https:\/\/www.facebook.com\/terjesbiler\" \/>\n<meta property=\"article:published_time\" content=\"2018-10-31T12:37:51+00:00\" \/>\n<meta property=\"article:modified_time\" content=\"2026-03-02T22:48:49+00:00\" \/>\n<meta property=\"og:image\" content=\"https:\/\/terjebjornstad.com\/no\/wp-content\/uploads\/2018\/10\/lamborghini-huracan-lp640-4.png\" \/>\n\t<meta property=\"og:image:width\" content=\"1080\" \/>\n\t<meta property=\"og:image:height\" content=\"1080\" \/>\n\t<meta property=\"og:image:type\" content=\"image\/png\" \/>\n<meta name=\"author\" content=\"Terje Bj\u00f8rnstad\" \/>\n<meta name=\"twitter:card\" content=\"summary_large_image\" \/>\n<meta name=\"twitter:label1\" content=\"Skrevet av\" \/>\n\t<meta name=\"twitter:data1\" content=\"Terje Bj\u00f8rnstad\" \/>\n\t<meta name=\"twitter:label2\" content=\"Ansl. lesetid\" \/>\n\t<meta name=\"twitter:data2\" content=\"9 minutter\" \/>\n<script type=\"application\/ld+json\" class=\"yoast-schema-graph\">{\"@context\":\"https:\\\/\\\/schema.org\",\"@graph\":[{\"@type\":\"Article\",\"@id\":\"https:\\\/\\\/terjebjornstad.com\\\/no\\\/2018\\\/10\\\/31\\\/oslo-motor-show-2018\\\/#article\",\"isPartOf\":{\"@id\":\"https:\\\/\\\/terjebjornstad.com\\\/no\\\/2018\\\/10\\\/31\\\/oslo-motor-show-2018\\\/\"},\"author\":{\"name\":\"Terje Bj\u00f8rnstad\",\"@id\":\"https:\\\/\\\/terjebjornstad.com\\\/no\\\/#\\\/schema\\\/person\\\/a281f6a6e0f3cc9fe468e7f0c655aa65\"},\"headline\":\"Oslo Motor Show 2018\",\"datePublished\":\"2018-10-31T12:37:51+00:00\",\"dateModified\":\"2026-03-02T22:48:49+00:00\",\"mainEntityOfPage\":{\"@id\":\"https:\\\/\\\/terjebjornstad.com\\\/no\\\/2018\\\/10\\\/31\\\/oslo-motor-show-2018\\\/\"},\"wordCount\":944,\"commentCount\":0,\"publisher\":{\"@id\":\"https:\\\/\\\/terjebjornstad.com\\\/no\\\/#organization\"},\"image\":{\"@id\":\"https:\\\/\\\/terjebjornstad.com\\\/no\\\/2018\\\/10\\\/31\\\/oslo-motor-show-2018\\\/#primaryimage\"},\"thumbnailUrl\":\"https:\\\/\\\/i0.wp.com\\\/terjebjornstad.com\\\/no\\\/wp-content\\\/uploads\\\/2018\\\/10\\\/lamborghini-huracan-lp640-4.png?fit=1080%2C1080&ssl=1\",\"keywords\":[\"Bilutstilling Lillestr\u00f8m\",\"Norges Varemesse\",\"Oslo Motor Show\",\"Oslo Motor Show 2018\",\"varemesse lillestr\u00f8m\"],\"articleSection\":[\"Artikkel\"],\"inLanguage\":\"nb-NO\",\"potentialAction\":[{\"@type\":\"CommentAction\",\"name\":\"Comment\",\"target\":[\"https:\\\/\\\/terjebjornstad.com\\\/no\\\/2018\\\/10\\\/31\\\/oslo-motor-show-2018\\\/#respond\"]}]},{\"@type\":\"WebPage\",\"@id\":\"https:\\\/\\\/terjebjornstad.com\\\/no\\\/2018\\\/10\\\/31\\\/oslo-motor-show-2018\\\/\",\"url\":\"https:\\\/\\\/terjebjornstad.com\\\/no\\\/2018\\\/10\\\/31\\\/oslo-motor-show-2018\\\/\",\"name\":\"Oslo Motor Show 2018 - Terjes biler - Bildene finner du her!\",\"isPartOf\":{\"@id\":\"https:\\\/\\\/terjebjornstad.com\\\/no\\\/#website\"},\"primaryImageOfPage\":{\"@id\":\"https:\\\/\\\/terjebjornstad.com\\\/no\\\/2018\\\/10\\\/31\\\/oslo-motor-show-2018\\\/#primaryimage\"},\"image\":{\"@id\":\"https:\\\/\\\/terjebjornstad.com\\\/no\\\/2018\\\/10\\\/31\\\/oslo-motor-show-2018\\\/#primaryimage\"},\"thumbnailUrl\":\"https:\\\/\\\/i0.wp.com\\\/terjebjornstad.com\\\/no\\\/wp-content\\\/uploads\\\/2018\\\/10\\\/lamborghini-huracan-lp640-4.png?fit=1080%2C1080&ssl=1\",\"datePublished\":\"2018-10-31T12:37:51+00:00\",\"dateModified\":\"2026-03-02T22:48:49+00:00\",\"description\":\"Oslo Motor Show 2018 ga mange inntrykk. Superbiler, hotrods, bilsport, klassikere, gammelbiler, tunge biler og motorsykler med mer\",\"breadcrumb\":{\"@id\":\"https:\\\/\\\/terjebjornstad.com\\\/no\\\/2018\\\/10\\\/31\\\/oslo-motor-show-2018\\\/#breadcrumb\"},\"inLanguage\":\"nb-NO\",\"potentialAction\":[{\"@type\":\"ReadAction\",\"target\":[\"https:\\\/\\\/terjebjornstad.com\\\/no\\\/2018\\\/10\\\/31\\\/oslo-motor-show-2018\\\/\"]}]},{\"@type\":\"ImageObject\",\"inLanguage\":\"nb-NO\",\"@id\":\"https:\\\/\\\/terjebjornstad.com\\\/no\\\/2018\\\/10\\\/31\\\/oslo-motor-show-2018\\\/#primaryimage\",\"url\":\"https:\\\/\\\/i0.wp.com\\\/terjebjornstad.com\\\/no\\\/wp-content\\\/uploads\\\/2018\\\/10\\\/lamborghini-huracan-lp640-4.png?fit=1080%2C1080&ssl=1\",\"contentUrl\":\"https:\\\/\\\/i0.wp.com\\\/terjebjornstad.com\\\/no\\\/wp-content\\\/uploads\\\/2018\\\/10\\\/lamborghini-huracan-lp640-4.png?fit=1080%2C1080&ssl=1\",\"width\":1080,\"height\":1080,\"caption\":\"Oslo Motor Show 2018\"},{\"@type\":\"BreadcrumbList\",\"@id\":\"https:\\\/\\\/terjebjornstad.com\\\/no\\\/2018\\\/10\\\/31\\\/oslo-motor-show-2018\\\/#breadcrumb\",\"itemListElement\":[{\"@type\":\"ListItem\",\"position\":1,\"name\":\"Hjem\",\"item\":\"https:\\\/\\\/terjebjornstad.com\\\/no\\\/\"},{\"@type\":\"ListItem\",\"position\":2,\"name\":\"Oslo Motor Show 2018\"}]},{\"@type\":\"WebSite\",\"@id\":\"https:\\\/\\\/terjebjornstad.com\\\/no\\\/#website\",\"url\":\"https:\\\/\\\/terjebjornstad.com\\\/no\\\/\",\"name\":\"Terjes biler\",\"description\":\"HONEST ABOUT CARS\",\"publisher\":{\"@id\":\"https:\\\/\\\/terjebjornstad.com\\\/no\\\/#organization\"},\"alternateName\":\"Terjebjornstad.com\",\"potentialAction\":[{\"@type\":\"SearchAction\",\"target\":{\"@type\":\"EntryPoint\",\"urlTemplate\":\"https:\\\/\\\/terjebjornstad.com\\\/no\\\/?s={search_term_string}\"},\"query-input\":{\"@type\":\"PropertyValueSpecification\",\"valueRequired\":true,\"valueName\":\"search_term_string\"}}],\"inLanguage\":\"nb-NO\"},{\"@type\":\"Organization\",\"@id\":\"https:\\\/\\\/terjebjornstad.com\\\/no\\\/#organization\",\"name\":\"Terje Bj\u00f8rnstad ENK\",\"url\":\"https:\\\/\\\/terjebjornstad.com\\\/no\\\/\",\"logo\":{\"@type\":\"ImageObject\",\"inLanguage\":\"nb-NO\",\"@id\":\"https:\\\/\\\/terjebjornstad.com\\\/no\\\/#\\\/schema\\\/logo\\\/image\\\/\",\"url\":\"https:\\\/\\\/i0.wp.com\\\/terjebjornstad.com\\\/no\\\/wp-content\\\/uploads\\\/2026\\\/02\\\/terjesbiler2024-960x354-1.png?fit=960%2C354&ssl=1\",\"contentUrl\":\"https:\\\/\\\/i0.wp.com\\\/terjebjornstad.com\\\/no\\\/wp-content\\\/uploads\\\/2026\\\/02\\\/terjesbiler2024-960x354-1.png?fit=960%2C354&ssl=1\",\"width\":960,\"height\":354,\"caption\":\"Terje Bj\u00f8rnstad ENK\"},\"image\":{\"@id\":\"https:\\\/\\\/terjebjornstad.com\\\/no\\\/#\\\/schema\\\/logo\\\/image\\\/\"},\"sameAs\":[\"https:\\\/\\\/www.facebook.com\\\/terjesbiler\\\/\",\"https:\\\/\\\/www.instagram.com\\\/terjesbiler\\\/\",\"https:\\\/\\\/www.pinteres.com\\\/terjebjrnstad\\\/terjes-biler\\\/\"]},{\"@type\":\"Person\",\"@id\":\"https:\\\/\\\/terjebjornstad.com\\\/no\\\/#\\\/schema\\\/person\\\/a281f6a6e0f3cc9fe468e7f0c655aa65\",\"name\":\"Terje Bj\u00f8rnstad\",\"image\":{\"@type\":\"ImageObject\",\"inLanguage\":\"nb-NO\",\"@id\":\"https:\\\/\\\/secure.gravatar.com\\\/avatar\\\/e8dff505b51cf6cb67ae06a06022d2049aac2da1e79dc146a36b58798c4b40ea?s=96&d=mm&r=g\",\"url\":\"https:\\\/\\\/secure.gravatar.com\\\/avatar\\\/e8dff505b51cf6cb67ae06a06022d2049aac2da1e79dc146a36b58798c4b40ea?s=96&d=mm&r=g\",\"contentUrl\":\"https:\\\/\\\/secure.gravatar.com\\\/avatar\\\/e8dff505b51cf6cb67ae06a06022d2049aac2da1e79dc146a36b58798c4b40ea?s=96&d=mm&r=g\",\"caption\":\"Terje Bj\u00f8rnstad\"},\"description\":\"Terje Bj\u00f8rnstad. Bloggadministrator, hobbyfotograf og bilnerd.\",\"sameAs\":[\"https:\\\/\\\/www.facebook.com\\\/terjesbiler\",\"https:\\\/\\\/www.instagram.com\\\/terjesbiler\",\"https:\\\/\\\/no.pinterest.com\\\/terjebjrnstad\",\"https:\\\/\\\/www.youtube.com\\\/channel\\\/UCzCKJJDybyIgKqatc_JQqIg\"]}]}<\/script>\n<!-- \/ Yoast SEO plugin. -->","yoast_head_json":{"title":"Oslo Motor Show 2018 - Terjes biler - Bildene finner du her!","description":"Oslo Motor Show 2018 ga mange inntrykk. Superbiler, hotrods, bilsport, klassikere, gammelbiler, tunge biler og motorsykler med mer","robots":{"index":"index","follow":"follow","max-snippet":"max-snippet:-1","max-image-preview":"max-image-preview:large","max-video-preview":"max-video-preview:-1"},"canonical":"https:\/\/terjebjornstad.com\/no\/2018\/10\/31\/oslo-motor-show-2018\/","og_locale":"nb_NO","og_type":"article","og_title":"Oslo Motor Show 2018 - Terjes biler - Bildene finner du her!","og_description":"Oslo Motor Show 2018 ga mange inntrykk. Superbiler, hotrods, bilsport, klassikere, gammelbiler, tunge biler og motorsykler med mer","og_url":"https:\/\/terjebjornstad.com\/no\/2018\/10\/31\/oslo-motor-show-2018\/","og_site_name":"Terjes biler","article_publisher":"https:\/\/www.facebook.com\/terjesbiler\/","article_author":"https:\/\/www.facebook.com\/terjesbiler","article_published_time":"2018-10-31T12:37:51+00:00","article_modified_time":"2026-03-02T22:48:49+00:00","og_image":[{"width":1080,"height":1080,"url":"https:\/\/terjebjornstad.com\/no\/wp-content\/uploads\/2018\/10\/lamborghini-huracan-lp640-4.png","type":"image\/png"}],"author":"Terje Bj\u00f8rnstad","twitter_card":"summary_large_image","twitter_misc":{"Skrevet av":"Terje Bj\u00f8rnstad","Ansl. lesetid":"9 minutter"},"schema":{"@context":"https:\/\/schema.org","@graph":[{"@type":"Article","@id":"https:\/\/terjebjornstad.com\/no\/2018\/10\/31\/oslo-motor-show-2018\/#article","isPartOf":{"@id":"https:\/\/terjebjornstad.com\/no\/2018\/10\/31\/oslo-motor-show-2018\/"},"author":{"name":"Terje Bj\u00f8rnstad","@id":"https:\/\/terjebjornstad.com\/no\/#\/schema\/person\/a281f6a6e0f3cc9fe468e7f0c655aa65"},"headline":"Oslo Motor Show 2018","datePublished":"2018-10-31T12:37:51+00:00","dateModified":"2026-03-02T22:48:49+00:00","mainEntityOfPage":{"@id":"https:\/\/terjebjornstad.com\/no\/2018\/10\/31\/oslo-motor-show-2018\/"},"wordCount":944,"commentCount":0,"publisher":{"@id":"https:\/\/terjebjornstad.com\/no\/#organization"},"image":{"@id":"https:\/\/terjebjornstad.com\/no\/2018\/10\/31\/oslo-motor-show-2018\/#primaryimage"},"thumbnailUrl":"https:\/\/i0.wp.com\/terjebjornstad.com\/no\/wp-content\/uploads\/2018\/10\/lamborghini-huracan-lp640-4.png?fit=1080%2C1080&ssl=1","keywords":["Bilutstilling Lillestr\u00f8m","Norges Varemesse","Oslo Motor Show","Oslo Motor Show 2018","varemesse lillestr\u00f8m"],"articleSection":["Artikkel"],"inLanguage":"nb-NO","potentialAction":[{"@type":"CommentAction","name":"Comment","target":["https:\/\/terjebjornstad.com\/no\/2018\/10\/31\/oslo-motor-show-2018\/#respond"]}]},{"@type":"WebPage","@id":"https:\/\/terjebjornstad.com\/no\/2018\/10\/31\/oslo-motor-show-2018\/","url":"https:\/\/terjebjornstad.com\/no\/2018\/10\/31\/oslo-motor-show-2018\/","name":"Oslo Motor Show 2018 - Terjes biler - Bildene finner du her!","isPartOf":{"@id":"https:\/\/terjebjornstad.com\/no\/#website"},"primaryImageOfPage":{"@id":"https:\/\/terjebjornstad.com\/no\/2018\/10\/31\/oslo-motor-show-2018\/#primaryimage"},"image":{"@id":"https:\/\/terjebjornstad.com\/no\/2018\/10\/31\/oslo-motor-show-2018\/#primaryimage"},"thumbnailUrl":"https:\/\/i0.wp.com\/terjebjornstad.com\/no\/wp-content\/uploads\/2018\/10\/lamborghini-huracan-lp640-4.png?fit=1080%2C1080&ssl=1","datePublished":"2018-10-31T12:37:51+00:00","dateModified":"2026-03-02T22:48:49+00:00","description":"Oslo Motor Show 2018 ga mange inntrykk. Superbiler, hotrods, bilsport, klassikere, gammelbiler, tunge biler og motorsykler med mer","breadcrumb":{"@id":"https:\/\/terjebjornstad.com\/no\/2018\/10\/31\/oslo-motor-show-2018\/#breadcrumb"},"inLanguage":"nb-NO","potentialAction":[{"@type":"ReadAction","target":["https:\/\/terjebjornstad.com\/no\/2018\/10\/31\/oslo-motor-show-2018\/"]}]},{"@type":"ImageObject","inLanguage":"nb-NO","@id":"https:\/\/terjebjornstad.com\/no\/2018\/10\/31\/oslo-motor-show-2018\/#primaryimage","url":"https:\/\/i0.wp.com\/terjebjornstad.com\/no\/wp-content\/uploads\/2018\/10\/lamborghini-huracan-lp640-4.png?fit=1080%2C1080&ssl=1","contentUrl":"https:\/\/i0.wp.com\/terjebjornstad.com\/no\/wp-content\/uploads\/2018\/10\/lamborghini-huracan-lp640-4.png?fit=1080%2C1080&ssl=1","width":1080,"height":1080,"caption":"Oslo Motor Show 2018"},{"@type":"BreadcrumbList","@id":"https:\/\/terjebjornstad.com\/no\/2018\/10\/31\/oslo-motor-show-2018\/#breadcrumb","itemListElement":[{"@type":"ListItem","position":1,"name":"Hjem","item":"https:\/\/terjebjornstad.com\/no\/"},{"@type":"ListItem","position":2,"name":"Oslo Motor Show 2018"}]},{"@type":"WebSite","@id":"https:\/\/terjebjornstad.com\/no\/#website","url":"https:\/\/terjebjornstad.com\/no\/","name":"Terjes biler","description":"HONEST ABOUT CARS","publisher":{"@id":"https:\/\/terjebjornstad.com\/no\/#organization"},"alternateName":"Terjebjornstad.com","potentialAction":[{"@type":"SearchAction","target":{"@type":"EntryPoint","urlTemplate":"https:\/\/terjebjornstad.com\/no\/?s={search_term_string}"},"query-input":{"@type":"PropertyValueSpecification","valueRequired":true,"valueName":"search_term_string"}}],"inLanguage":"nb-NO"},{"@type":"Organization","@id":"https:\/\/terjebjornstad.com\/no\/#organization","name":"Terje Bj\u00f8rnstad ENK","url":"https:\/\/terjebjornstad.com\/no\/","logo":{"@type":"ImageObject","inLanguage":"nb-NO","@id":"https:\/\/terjebjornstad.com\/no\/#\/schema\/logo\/image\/","url":"https:\/\/i0.wp.com\/terjebjornstad.com\/no\/wp-content\/uploads\/2026\/02\/terjesbiler2024-960x354-1.png?fit=960%2C354&ssl=1","contentUrl":"https:\/\/i0.wp.com\/terjebjornstad.com\/no\/wp-content\/uploads\/2026\/02\/terjesbiler2024-960x354-1.png?fit=960%2C354&ssl=1","width":960,"height":354,"caption":"Terje Bj\u00f8rnstad ENK"},"image":{"@id":"https:\/\/terjebjornstad.com\/no\/#\/schema\/logo\/image\/"},"sameAs":["https:\/\/www.facebook.com\/terjesbiler\/","https:\/\/www.instagram.com\/terjesbiler\/","https:\/\/www.pinteres.com\/terjebjrnstad\/terjes-biler\/"]},{"@type":"Person","@id":"https:\/\/terjebjornstad.com\/no\/#\/schema\/person\/a281f6a6e0f3cc9fe468e7f0c655aa65","name":"Terje Bj\u00f8rnstad","image":{"@type":"ImageObject","inLanguage":"nb-NO","@id":"https:\/\/secure.gravatar.com\/avatar\/e8dff505b51cf6cb67ae06a06022d2049aac2da1e79dc146a36b58798c4b40ea?s=96&d=mm&r=g","url":"https:\/\/secure.gravatar.com\/avatar\/e8dff505b51cf6cb67ae06a06022d2049aac2da1e79dc146a36b58798c4b40ea?s=96&d=mm&r=g","contentUrl":"https:\/\/secure.gravatar.com\/avatar\/e8dff505b51cf6cb67ae06a06022d2049aac2da1e79dc146a36b58798c4b40ea?s=96&d=mm&r=g","caption":"Terje Bj\u00f8rnstad"},"description":"Terje Bj\u00f8rnstad. Bloggadministrator, hobbyfotograf og bilnerd.","sameAs":["https:\/\/www.facebook.com\/terjesbiler","https:\/\/www.instagram.com\/terjesbiler","https:\/\/no.pinterest.com\/terjebjrnstad","https:\/\/www.youtube.com\/channel\/UCzCKJJDybyIgKqatc_JQqIg"]}]}},"jetpack_publicize_connections":[],"jetpack_featured_media_url":"https:\/\/i0.wp.com\/terjebjornstad.com\/no\/wp-content\/uploads\/2018\/10\/lamborghini-huracan-lp640-4.png?fit=1080%2C1080&ssl=1","jetpack_sharing_enabled":true,"jetpack_shortlink":"https:\/\/wp.me\/p48zYA-5en","jetpack-related-posts":[{"id":44212,"url":"https:\/\/terjebjornstad.com\/no\/2021\/10\/30\/oslo-motor-show-2021\/","url_meta":{"origin":20111,"position":0},"title":"Oslo Motor Show 2021","author":"Terje Bj\u00f8rnstad","date":"30\/10\/2021","format":false,"excerpt":"\u00c5rets nyheter Chevrolet Corvette C8 Den er ikke helt ny - men ny for mange - meg selv inkludert. Chevrolet Corvette C8 er ikke noe man ser hver dag - i hvert fall ikke p\u00e5 n\u00e6rt hold. Corvette Club Norway stilte med en privateid Corvette Stingray. C8 har midtplassert, langstilt\u2026","rel":"","context":"i &quot;Artikkel&quot;","block_context":{"text":"Artikkel","link":"https:\/\/terjebjornstad.com\/no\/category\/artikkel\/"},"img":{"alt_text":"","src":"https:\/\/i0.wp.com\/terjebjornstad.com\/no\/wp-content\/uploads\/2021\/10\/oms-ferrari-monza1080x608.png?resize=350%2C200&ssl=1","width":350,"height":200,"srcset":"https:\/\/i0.wp.com\/terjebjornstad.com\/no\/wp-content\/uploads\/2021\/10\/oms-ferrari-monza1080x608.png?resize=350%2C200&ssl=1 1x, https:\/\/i0.wp.com\/terjebjornstad.com\/no\/wp-content\/uploads\/2021\/10\/oms-ferrari-monza1080x608.png?resize=525%2C300&ssl=1 1.5x, https:\/\/i0.wp.com\/terjebjornstad.com\/no\/wp-content\/uploads\/2021\/10\/oms-ferrari-monza1080x608.png?resize=700%2C400&ssl=1 2x, https:\/\/i0.wp.com\/terjebjornstad.com\/no\/wp-content\/uploads\/2021\/10\/oms-ferrari-monza1080x608.png?resize=1050%2C600&ssl=1 3x"},"classes":[]},{"id":27258,"url":"https:\/\/terjebjornstad.com\/no\/2019\/10\/28\/oslo-motor-show-2019\/","url_meta":{"origin":20111,"position":1},"title":"Oslo Motor Show 2019","author":"Terje Bj\u00f8rnstad","date":"28\/10\/2019","format":false,"excerpt":"Utstillingen dekker et bredt spekter av motorrelaterte omr\u00e5der. Bli med p\u00e5 en tur blant vakre og spesielle doninger! En herlig Fastback Jeg velger \u00e5 bruke bildet av den gule Charger'n som hovedbilde. For det f\u00f8rste er det imponerende \u00e5 se en over 50-\u00e5r gammel bil som er helt spotless. Podiet\u2026","rel":"","context":"i &quot;Artikkel&quot;","block_context":{"text":"Artikkel","link":"https:\/\/terjebjornstad.com\/no\/category\/artikkel\/"},"img":{"alt_text":"","src":"https:\/\/i0.wp.com\/terjebjornstad.com\/no\/wp-content\/uploads\/2019\/10\/oms-1966-dodge-charger-383-four-barrel-1080x720.png?fit=1080%2C720&ssl=1&resize=350%2C200","width":350,"height":200,"srcset":"https:\/\/i0.wp.com\/terjebjornstad.com\/no\/wp-content\/uploads\/2019\/10\/oms-1966-dodge-charger-383-four-barrel-1080x720.png?fit=1080%2C720&ssl=1&resize=350%2C200 1x, https:\/\/i0.wp.com\/terjebjornstad.com\/no\/wp-content\/uploads\/2019\/10\/oms-1966-dodge-charger-383-four-barrel-1080x720.png?fit=1080%2C720&ssl=1&resize=525%2C300 1.5x, https:\/\/i0.wp.com\/terjebjornstad.com\/no\/wp-content\/uploads\/2019\/10\/oms-1966-dodge-charger-383-four-barrel-1080x720.png?fit=1080%2C720&ssl=1&resize=700%2C400 2x, https:\/\/i0.wp.com\/terjebjornstad.com\/no\/wp-content\/uploads\/2019\/10\/oms-1966-dodge-charger-383-four-barrel-1080x720.png?fit=1080%2C720&ssl=1&resize=1050%2C600 3x"},"classes":[]},{"id":85783,"url":"https:\/\/terjebjornstad.com\/no\/2025\/10\/25\/oslo-motor-show-2025\/","url_meta":{"origin":20111,"position":2},"title":"Oslo Motor Show 2025","author":"Terje Bj\u00f8rnstad","date":"25\/10\/2025","format":false,"excerpt":"Det er imponerende \u00e5 se hvordan Oslo Motor Show fornyer seg. Hvert \u00e5r greier de \u00e5 hente frem \"nye\" bilskatter. Derfor vender mange av bes\u00f8kerne tilbake \u00e5r etter \u00e5r. Utstillingen dekker mange interesser. Man kan finne emner innen racing, motortrimming, bilbygging, verkstedustyr, tungtransport, bilutstyr, kl\u00e6r, modellbiler og leket\u00f8y - for\u2026","rel":"","context":"i &quot;Oslo Motor Show&quot;","block_context":{"text":"Oslo Motor Show","link":"https:\/\/terjebjornstad.com\/no\/category\/bilutstilling\/oslo-motor-show-bilutstilling\/"},"img":{"alt_text":"","src":"https:\/\/i0.wp.com\/terjebjornstad.com\/no\/wp-content\/uploads\/2025\/10\/1966-ford-gt40-1920x1280-1.jpg?fit=1200%2C800&ssl=1&resize=350%2C200","width":350,"height":200,"srcset":"https:\/\/i0.wp.com\/terjebjornstad.com\/no\/wp-content\/uploads\/2025\/10\/1966-ford-gt40-1920x1280-1.jpg?fit=1200%2C800&ssl=1&resize=350%2C200 1x, https:\/\/i0.wp.com\/terjebjornstad.com\/no\/wp-content\/uploads\/2025\/10\/1966-ford-gt40-1920x1280-1.jpg?fit=1200%2C800&ssl=1&resize=525%2C300 1.5x, https:\/\/i0.wp.com\/terjebjornstad.com\/no\/wp-content\/uploads\/2025\/10\/1966-ford-gt40-1920x1280-1.jpg?fit=1200%2C800&ssl=1&resize=700%2C400 2x, https:\/\/i0.wp.com\/terjebjornstad.com\/no\/wp-content\/uploads\/2025\/10\/1966-ford-gt40-1920x1280-1.jpg?fit=1200%2C800&ssl=1&resize=1050%2C600 3x"},"classes":[]},{"id":65186,"url":"https:\/\/terjebjornstad.com\/no\/2023\/10\/29\/oslo-motor-show-2023\/","url_meta":{"origin":20111,"position":3},"title":"Oslo Motor Show 2023","author":"Terje Bj\u00f8rnstad","date":"29\/10\/2023","format":false,"excerpt":"Veteranbiler, gatebiler, superbiler, hotrods, trimming, rustbehandling, tunge biler, raggarbiler, amcars og elbiler for \u00e5 nevne noe av utvalget p\u00e5 \u00e5rets Motor Show. Det er noe for en hver smak forutsatt at man har et snev av motorinteresse. Jeg har vandret rundt med mitt etth\u00e5ndskamera og fotografert litt i vrimmelen av\u2026","rel":"","context":"i &quot;Artikkel&quot;","block_context":{"text":"Artikkel","link":"https:\/\/terjebjornstad.com\/no\/category\/artikkel\/"},"img":{"alt_text":"","src":"https:\/\/i0.wp.com\/terjebjornstad.com\/no\/wp-content\/uploads\/2023\/10\/0-oslo-motor-show-1.jpg?fit=1200%2C800&ssl=1&resize=350%2C200","width":350,"height":200,"srcset":"https:\/\/i0.wp.com\/terjebjornstad.com\/no\/wp-content\/uploads\/2023\/10\/0-oslo-motor-show-1.jpg?fit=1200%2C800&ssl=1&resize=350%2C200 1x, https:\/\/i0.wp.com\/terjebjornstad.com\/no\/wp-content\/uploads\/2023\/10\/0-oslo-motor-show-1.jpg?fit=1200%2C800&ssl=1&resize=525%2C300 1.5x, https:\/\/i0.wp.com\/terjebjornstad.com\/no\/wp-content\/uploads\/2023\/10\/0-oslo-motor-show-1.jpg?fit=1200%2C800&ssl=1&resize=700%2C400 2x, https:\/\/i0.wp.com\/terjebjornstad.com\/no\/wp-content\/uploads\/2023\/10\/0-oslo-motor-show-1.jpg?fit=1200%2C800&ssl=1&resize=1050%2C600 3x"},"classes":[]},{"id":15389,"url":"https:\/\/terjebjornstad.com\/no\/2018\/04\/17\/bilder-fra-oslo-motor-show\/","url_meta":{"origin":20111,"position":4},"title":"Bilder fra Oslo Motor Show","author":"Terje Bj\u00f8rnstad","date":"17\/04\/2018","format":false,"excerpt":"Exporama F\u00f8rste ordentlige v\u00e5rhelg i 2018. I Oslo sentrum er det 23 grader og sol. P\u00e5 Ramstad drar AutoXO p\u00e5 v\u00e5rtur med sportsbilkundene sine. P\u00e5 \u00d8vrevoll Galloppbane samles bilentusiaster for Cars & Coffee. Og p\u00e5 Exporama nord for Oslo holdes landets st\u00f8rste bilutstilling av klassiske biler. Oslo Motor Show samlet\u2026","rel":"","context":"i &quot;Artikkel&quot;","block_context":{"text":"Artikkel","link":"https:\/\/terjebjornstad.com\/no\/category\/artikkel\/"},"img":{"alt_text":"Fiat Dino","src":"https:\/\/i0.wp.com\/terjebjornstad.com\/no\/wp-content\/uploads\/2018\/04\/dino-1-1504.png?fit=686%2C457&ssl=1&resize=350%2C200","width":350,"height":200,"srcset":"https:\/\/i0.wp.com\/terjebjornstad.com\/no\/wp-content\/uploads\/2018\/04\/dino-1-1504.png?fit=686%2C457&ssl=1&resize=350%2C200 1x, https:\/\/i0.wp.com\/terjebjornstad.com\/no\/wp-content\/uploads\/2018\/04\/dino-1-1504.png?fit=686%2C457&ssl=1&resize=525%2C300 1.5x"},"classes":[]},{"id":13023,"url":"https:\/\/terjebjornstad.com\/no\/2017\/10\/02\/ford-entusiasme\/","url_meta":{"origin":20111,"position":5},"title":"Ford-entusiasme","author":"Terje Bj\u00f8rnstad","date":"02\/10\/2017","format":false,"excerpt":"Ett av m\u00e5lene med \"Terjes Biler\" er \u00e5 spre entusiasme for biler. Ikke bare superbiler, men ogs\u00e5 vanlige biler, den bilen du kj\u00f8rer til daglig. Entusiasme handler om \u00e5 ikke bare velge bil med hodet, men ogs\u00e5 med hjertet. Det er kanskje dette Ford-forhandlerne R\u00f8hne Selmer p\u00e5 Billingstad og Lillestr\u00f8m\u2026","rel":"","context":"i &quot;Ford&quot;","block_context":{"text":"Ford","link":"https:\/\/terjebjornstad.com\/no\/category\/ford\/"},"img":{"alt_text":"","src":"https:\/\/i0.wp.com\/terjebjornstad.com\/no\/wp-content\/uploads\/2017\/10\/ford-shelby-f150-686-2.png?fit=686%2C457&ssl=1&resize=350%2C200","width":350,"height":200,"srcset":"https:\/\/i0.wp.com\/terjebjornstad.com\/no\/wp-content\/uploads\/2017\/10\/ford-shelby-f150-686-2.png?fit=686%2C457&ssl=1&resize=350%2C200 1x, https:\/\/i0.wp.com\/terjebjornstad.com\/no\/wp-content\/uploads\/2017\/10\/ford-shelby-f150-686-2.png?fit=686%2C457&ssl=1&resize=525%2C300 1.5x"},"classes":[]}],"gt_translate_keys":[{"key":"link","format":"url"}],"_links":{"self":[{"href":"https:\/\/terjebjornstad.com\/no\/wp-json\/wp\/v2\/posts\/20111","targetHints":{"allow":["GET"]}}],"collection":[{"href":"https:\/\/terjebjornstad.com\/no\/wp-json\/wp\/v2\/posts"}],"about":[{"href":"https:\/\/terjebjornstad.com\/no\/wp-json\/wp\/v2\/types\/post"}],"author":[{"embeddable":true,"href":"https:\/\/terjebjornstad.com\/no\/wp-json\/wp\/v2\/users\/1"}],"replies":[{"embeddable":true,"href":"https:\/\/terjebjornstad.com\/no\/wp-json\/wp\/v2\/comments?post=20111"}],"version-history":[{"count":10,"href":"https:\/\/terjebjornstad.com\/no\/wp-json\/wp\/v2\/posts\/20111\/revisions"}],"predecessor-version":[{"id":90471,"href":"https:\/\/terjebjornstad.com\/no\/wp-json\/wp\/v2\/posts\/20111\/revisions\/90471"}],"wp:featuredmedia":[{"embeddable":true,"href":"https:\/\/terjebjornstad.com\/no\/wp-json\/wp\/v2\/media\/20105"}],"wp:attachment":[{"href":"https:\/\/terjebjornstad.com\/no\/wp-json\/wp\/v2\/media?parent=20111"}],"wp:term":[{"taxonomy":"category","embeddable":true,"href":"https:\/\/terjebjornstad.com\/no\/wp-json\/wp\/v2\/categories?post=20111"},{"taxonomy":"post_tag","embeddable":true,"href":"https:\/\/terjebjornstad.com\/no\/wp-json\/wp\/v2\/tags?post=20111"}],"curies":[{"name":"wp","href":"https:\/\/api.w.org\/{rel}","templated":true}]}}