{"id":1913,"date":"2015-09-29T00:27:26","date_gmt":"2015-09-29T00:27:26","guid":{"rendered":"http:\/\/terjebjornstad.com\/no\/?p=1913"},"modified":"2026-03-18T18:17:48","modified_gmt":"2026-03-18T17:17:48","slug":"er-din-bil-berort-av-utslippsjukset","status":"publish","type":"post","link":"https:\/\/terjebjornstad.com\/no\/2015\/09\/29\/er-din-bil-berort-av-utslippsjukset\/","title":{"rendered":"Er din bil ber\u00f8rt av utslippsjukset?","gt_translate_keys":[{"key":"rendered","format":"text"}]},"content":{"rendered":"<div class=\"copy_teb\"><figure id=\"attachment_1915\" aria-describedby=\"caption-attachment-1915\" style=\"width: 260px\" class=\"wp-caption alignright\"><img data-recalc-dims=\"1\" loading=\"lazy\" decoding=\"async\" data-attachment-id=\"1915\" data-permalink=\"https:\/\/terjebjornstad.com\/no\/2015\/09\/29\/er-din-bil-berort-av-utslippsjukset\/skoda-yeti-engine-1\/\" data-orig-file=\"https:\/\/i0.wp.com\/terjebjornstad.com\/no\/wp-content\/uploads\/2015\/09\/skoda-yeti-engine-1.png?fit=260%2C431&amp;ssl=1\" data-orig-size=\"260,431\" data-comments-opened=\"1\" data-image-meta=\"{&quot;aperture&quot;:&quot;0&quot;,&quot;credit&quot;:&quot;&quot;,&quot;camera&quot;:&quot;&quot;,&quot;caption&quot;:&quot;&quot;,&quot;created_timestamp&quot;:&quot;0&quot;,&quot;copyright&quot;:&quot;&quot;,&quot;focal_length&quot;:&quot;0&quot;,&quot;iso&quot;:&quot;0&quot;,&quot;shutter_speed&quot;:&quot;0&quot;,&quot;title&quot;:&quot;&quot;,&quot;orientation&quot;:&quot;0&quot;}\" data-image-title=\"skoda-yeti-engine-1\" data-image-description=\"\" data-image-caption=\"\" data-large-file=\"https:\/\/i0.wp.com\/terjebjornstad.com\/no\/wp-content\/uploads\/2015\/09\/skoda-yeti-engine-1.png?fit=260%2C431&amp;ssl=1\" class=\"wp-image-1915 size-full\" src=\"https:\/\/i0.wp.com\/terjebjornstad.com\/no\/wp-content\/uploads\/2015\/09\/skoda-yeti-engine-1.png?resize=260%2C431&#038;ssl=1\" alt=\"skoda-yeti-engine-1\" width=\"260\" height=\"431\" srcset=\"https:\/\/i0.wp.com\/terjebjornstad.com\/no\/wp-content\/uploads\/2015\/09\/skoda-yeti-engine-1.png?w=260&amp;ssl=1 260w, https:\/\/i0.wp.com\/terjebjornstad.com\/no\/wp-content\/uploads\/2015\/09\/skoda-yeti-engine-1.png?resize=181%2C300&amp;ssl=1 181w\" sizes=\"auto, (max-width: 260px) 100vw, 260px\" \/><figcaption id=\"caption-attachment-1915\" class=\"wp-caption-text\">Skoda Yeti 2.0 TDI er ber\u00f8rt<\/figcaption><\/figure><br \/>\n&nbsp;<br \/>\nDet skrives om at millioner av biler er ber\u00f8rt av utslippsjukset der Volkswagen over flere \u00e5r har levert biler som er programmert til \u00e5 gi lavere NOx-verdier under m\u00e5lingene enn i trafikken. Ingen av nyhetskanalene forteller konkret hvilke modeller som er ber\u00f8rt.<br \/>\n&nbsp;<br \/>\nMed utgangspunkt i motorbetegnelsen EA 189 har jeg s\u00f8kt hos tyske byttemotor-produsenter for \u00e5 finne eksakt hvilke biler det gjelder. Listen omfatter kun modeller med byttemotorer som tilbys for salg og kan s\u00e5ledes v\u00e6re ufullstendig. EA 189 dekker f\u00f8rste generasjon 2.0 TDI med common rail.<br \/>\n&nbsp;<\/p>\n<blockquote><p>Hvorvidt skandalen etter hvert vil omfatte nyere biler, gjenst\u00e5r \u00e5 se.<\/p><\/blockquote>\n<p>&nbsp;<br \/>\nEier du en Volkswagen, Audi eller Skoda produsert mellom 2008-2012 med TDI common rail motor er det stor sannsynlighet for at din bil er ber\u00f8rt.<br \/>\n&nbsp;<br \/>\nF\u00f8r du sjekker i listen, m\u00e5 du finne bilens spesifikasjonsseddel, &#8211; en klistrelapp som inneholder koder som forteller om motor, drivverk, lakkfarger, interi\u00f8r og ekstrautstyr. Vanligvis limer forhandleren den inn p\u00e5 omslaget i serviceheftet. Skulle du ikke finne den der, ville jeg se etter om den ligger l\u00f8st sammen med bilens \u00f8vrige papirer, eller festet et sted, for eksempel p\u00e5 lokket til hanskerommet.<br \/>\n&nbsp;<br \/>\n<figure id=\"attachment_1916\" aria-describedby=\"caption-attachment-1916\" style=\"width: 480px\" class=\"wp-caption alignright\"><img data-recalc-dims=\"1\" loading=\"lazy\" decoding=\"async\" data-attachment-id=\"1916\" data-permalink=\"https:\/\/terjebjornstad.com\/no\/2015\/09\/29\/er-din-bil-berort-av-utslippsjukset\/motorkode-1\/\" data-orig-file=\"https:\/\/i0.wp.com\/terjebjornstad.com\/no\/wp-content\/uploads\/2015\/09\/motorkode-1.png?fit=480%2C480&amp;ssl=1\" data-orig-size=\"480,480\" data-comments-opened=\"1\" data-image-meta=\"{&quot;aperture&quot;:&quot;0&quot;,&quot;credit&quot;:&quot;&quot;,&quot;camera&quot;:&quot;&quot;,&quot;caption&quot;:&quot;&quot;,&quot;created_timestamp&quot;:&quot;0&quot;,&quot;copyright&quot;:&quot;&quot;,&quot;focal_length&quot;:&quot;0&quot;,&quot;iso&quot;:&quot;0&quot;,&quot;shutter_speed&quot;:&quot;0&quot;,&quot;title&quot;:&quot;&quot;,&quot;orientation&quot;:&quot;0&quot;}\" data-image-title=\"motorkode-1\" data-image-description=\"\" data-image-caption=\"\" data-large-file=\"https:\/\/i0.wp.com\/terjebjornstad.com\/no\/wp-content\/uploads\/2015\/09\/motorkode-1.png?fit=480%2C480&amp;ssl=1\" class=\"wp-image-1916 size-full\" src=\"https:\/\/i0.wp.com\/terjebjornstad.com\/no\/wp-content\/uploads\/2015\/09\/motorkode-1.png?resize=480%2C480&#038;ssl=1\" alt=\"motorkode-1\" width=\"480\" height=\"480\" srcset=\"https:\/\/i0.wp.com\/terjebjornstad.com\/no\/wp-content\/uploads\/2015\/09\/motorkode-1.png?w=480&amp;ssl=1 480w, https:\/\/i0.wp.com\/terjebjornstad.com\/no\/wp-content\/uploads\/2015\/09\/motorkode-1.png?resize=150%2C150&amp;ssl=1 150w, https:\/\/i0.wp.com\/terjebjornstad.com\/no\/wp-content\/uploads\/2015\/09\/motorkode-1.png?resize=300%2C300&amp;ssl=1 300w, https:\/\/i0.wp.com\/terjebjornstad.com\/no\/wp-content\/uploads\/2015\/09\/motorkode-1.png?resize=50%2C50&amp;ssl=1 50w\" sizes=\"auto, (max-width: 480px) 100vw, 480px\" \/><figcaption id=\"caption-attachment-1916\" class=\"wp-caption-text\">Det du trenger er motorkoden, som i eksempelet er CFGC som kanskje ikke er omfattet av skandalen.<\/figcaption><\/figure><strong>EA 189 omfatter f\u00f8lgende motorer:<\/strong><br \/>\n&nbsp;<\/p>\n<p><strong>CFCA &#8211; 2.0 TDI 180<\/strong><br \/>\n2010 VW TRANSPORTER<\/p>\n<p><strong>CGLC &#8211; 2.0 TDI 177<\/strong><br \/>\n2012- AUDI A4<br \/>\n2012- AUDI A5<br \/>\n2011-2012 AUDI A6<br \/>\n2012- AUDI Q5<\/p>\n<p><strong>CBBB &#8211; 2.0 TDI 170<\/strong><br \/>\n2008-2009 AUDI A3<br \/>\n2008-2009 AUDI TT<br \/>\n2008-2009 VW GOLF<br \/>\n2008-2009 VW PASSAT<br \/>\n2008-2009 VW SCIROCCO II<br \/>\n2008-2009 VW TIGUAN<br \/>\n2009-2010 SKODA SUPERB<\/p>\n<p><strong>CFJA &#8211; 2.0 TDI 170<\/strong><br \/>\n2009 SKODA YETI<br \/>\n2011 VW CADDY<\/p>\n<p><strong>CFGB &#8211; 2.0 TDI 170<\/strong><br \/>\n2010 AUDI A3<br \/>\n2011-2012 AUDI TT<br \/>\n2010 SKODA SUPERB<br \/>\n2010 VW GOLF<br \/>\n2011 VW PASSAT<br \/>\n2010 VW TIGUAN<\/p>\n<p><strong>CEGA &#8211; 2.0 TDI 170<\/strong><br \/>\n2008-2009 SKODA OCTAVIA<br \/>\n2008-2009 SKODA YETI<br \/>\n2009 VW JETTA (GOLF STASJONSVOGN?)<\/p>\n<p><strong>CAHA &#8211; 2.0 TDI 170<\/strong><br \/>\n2008-2009 AUDI A4<br \/>\n2008-2009 AUDI A5<br \/>\n2008-2009 AUDI A6<br \/>\n2008-2009 AUDI Q5<\/p>\n<p><strong>CAGA &#8211; 2.0 TDI 143<\/strong><br \/>\n2008-2009 AUDI A4<br \/>\n2008-2009 AUDI A5<br \/>\n2008-2009 AUDI A6<br \/>\n2008-2009 AUDI Q5<\/p>\n<p><strong>CBAB &#8211; 2.0 TDI 140<\/strong><br \/>\n2008-2009 AUDI A3<br \/>\n2008-2009 VW EOS<br \/>\n2008-2009 VW GOLF<br \/>\n2008-2009 VW PASSAT<br \/>\n2008-2009 VW TIGUAN<\/p>\n<p><strong>CFFB &#8211; 2.0 TDI 140<\/strong><br \/>\n2010- AUDI A3<br \/>\n2011- AUDI Q3<br \/>\n2010- SKODA SUPERB<br \/>\n2011- VW EOS<br \/>\n2010- VW GOLF<br \/>\n2011- VW PASSAT<br \/>\n2010- VW TIGUAN<\/p>\n<p><strong>CBDB &#8211; 2.0 TDI 140<\/strong><br \/>\n2009 VW GOLF<br \/>\n2009 VW JETTA (GOLF STASJONSVOGN?)<br \/>\n2008-2009 VW SCIROCCO II<br \/>\n2008-2009 SKODA YETI<\/p>\n<p><strong>CJAA &#8211; 2.0 TDI 140<\/strong><br \/>\n2010 VW GOLF<\/p>\n<p><strong>CAGC &#8211; 2.0 TDI 120<\/strong><br \/>\n2008-2009 AUDI A4<\/p>\n<p><strong>CBDC &#8211; 2.0 TDI 110<\/strong><br \/>\n2008-2009 VW GOLF<br \/>\n2009-2010 VW PASSAT<\/p>\n<p><strong>CFHA &#8211; 2.0 TDI 110<\/strong><br \/>\n2009 SKODA YETI<\/p>\n<p><strong>CFHF &#8211; 2.0 TDI 110<\/strong><br \/>\n2009 SKODA OCTAVIA<br \/>\n2009 SKODA YETI<br \/>\n2011 VW CADDY<\/p>\n<p><strong>CAYA &#8211; 1.6 TDI 75<\/strong><br \/>\n2010- SKODA FABIA<br \/>\n2010- SKODA ROOMSTER<br \/>\n2009- VW POLO<\/p>\n<p><strong>CAYB &#8211; 1.6 TDI 90<\/strong><br \/>\n2012- AUDI A1<br \/>\n2009- AUDI A3<br \/>\n2010- SKODA FABIA<br \/>\n2010- SKODA ROOMSTER<br \/>\n2009- VOLKSWAGEN GOLF<br \/>\n2009- VOLKSWAGEN JETTA (GOLF STASJONSVOGN?)<br \/>\n2009- VOLKSWAGEN POLO<\/p>\n<p><strong>CAYC &#8211; 1.6 TDI 105<\/strong><br \/>\n2010-2012 AUDI A1<\/p>\n<p>Ber\u00f8rte Seat-modeller er ikke tatt med i listen. Det skal ogs\u00e5 befinne seg en 3-sylindret 1.2 liters TDI i utvalget, men denne greidde jeg ikke \u00e5 finne noen motorkode p\u00e5. <\/p>\n<p>02.10.2015: Har lagt til CAYA og CAYB i listen.<br \/>\n02.10.2015: Leste i en fransk nettavis at VW Frankrike har offentliggjort <a href=\"https:\/\/informations.volkswagengroup.fr\/\" target=\"_blank\" rel=\"noopener\"><strong>egen nettside<\/strong><\/a> hvor man kan legge inn chassisnummer og siste registreringsdato for \u00e5 se om bilen er ber\u00f8rt. Dessverre fungerer den ikke for norskregistrerte biler.<\/p>\n<h6><\/h6>\n<\/div>\n","protected":false,"gt_translate_keys":[{"key":"rendered","format":"html"}]},"excerpt":{"rendered":"<p>&nbsp; Det skrives om at millioner av biler er ber\u00f8rt av utslippsjukset der Volkswagen over flere \u00e5r har levert biler som er programmert til \u00e5 gi lavere NOx-verdier under m\u00e5lingene enn i trafikken. Ingen av nyhetskanalene forteller konkret hvilke modeller som er ber\u00f8rt. &nbsp; Med utgangspunkt i motorbetegnelsen EA 189 har jeg s\u00f8kt hos tyske [&hellip;]<\/p>\n","protected":false,"gt_translate_keys":[{"key":"rendered","format":"html"}]},"author":1,"featured_media":0,"comment_status":"open","ping_status":"open","sticky":false,"template":"","format":"standard","meta":{"_monsterinsights_skip_tracking":false,"_monsterinsights_sitenote_active":false,"_monsterinsights_sitenote_note":"","_monsterinsights_sitenote_category":0,"jetpack_post_was_ever_published":false,"_jetpack_newsletter_access":"","_jetpack_dont_email_post_to_subs":false,"_jetpack_newsletter_tier_id":0,"_jetpack_memberships_contains_paywalled_content":false,"_jetpack_memberships_contains_paid_content":false,"footnotes":"","jetpack_publicize_message":"","jetpack_publicize_feature_enabled":true,"jetpack_social_post_already_shared":true,"jetpack_social_options":{"image_generator_settings":{"template":"highway","default_image_id":0,"font":"","enabled":false},"version":2}},"categories":[34],"tags":[255,260,259,263,265,262,264,254,256,253,261,258,257],"class_list":["post-1913","post","type-post","status-publish","format-standard","hentry","category-artikkel","tag-audi","tag-berorte-biler","tag-berorte-modeller","tag-ea-189","tag-hvilke-biler-omfattes","tag-juks","tag-motorkode","tag-nox","tag-skoda","tag-utslippsjukset","tag-utslippsskandalen","tag-volkswagen","tag-vw"],"yoast_head":"<!-- This site is optimized with the Yoast SEO plugin v27.5 - https:\/\/yoast.com\/product\/yoast-seo-wordpress\/ -->\n<title>Er din bil ber\u00f8rt av utslippsjukset? - Terjes biler<\/title>\n<meta name=\"robots\" content=\"index, follow, max-snippet:-1, max-image-preview:large, max-video-preview:-1\" \/>\n<link rel=\"canonical\" href=\"https:\/\/terjebjornstad.com\/no\/2015\/09\/29\/er-din-bil-berort-av-utslippsjukset\/\" \/>\n<meta property=\"og:locale\" content=\"nb_NO\" \/>\n<meta property=\"og:type\" content=\"article\" \/>\n<meta property=\"og:title\" content=\"Er din bil ber\u00f8rt av utslippsjukset? - Terjes biler\" \/>\n<meta property=\"og:description\" content=\"&nbsp; Det skrives om at millioner av biler er ber\u00f8rt av utslippsjukset der Volkswagen over flere \u00e5r har levert biler som er programmert til \u00e5 gi lavere NOx-verdier under m\u00e5lingene enn i trafikken. Ingen av nyhetskanalene forteller konkret hvilke modeller som er ber\u00f8rt. &nbsp; Med utgangspunkt i motorbetegnelsen EA 189 har jeg s\u00f8kt hos tyske [&hellip;]\" \/>\n<meta property=\"og:url\" content=\"https:\/\/terjebjornstad.com\/no\/2015\/09\/29\/er-din-bil-berort-av-utslippsjukset\/\" \/>\n<meta property=\"og:site_name\" content=\"Terjes biler\" \/>\n<meta property=\"article:publisher\" content=\"https:\/\/www.facebook.com\/terjesbiler\/\" \/>\n<meta property=\"article:author\" content=\"https:\/\/www.facebook.com\/terjesbiler\" \/>\n<meta property=\"article:published_time\" content=\"2015-09-29T00:27:26+00:00\" \/>\n<meta property=\"article:modified_time\" content=\"2026-03-18T17:17:48+00:00\" \/>\n<meta property=\"og:image\" content=\"https:\/\/terjebjornstad.com\/no\/wp-content\/uploads\/2015\/09\/skoda-yeti-engine-1.png\" \/>\n<meta name=\"author\" content=\"Terje Bj\u00f8rnstad\" \/>\n<meta name=\"twitter:card\" content=\"summary_large_image\" \/>\n<meta name=\"twitter:label1\" content=\"Skrevet av\" \/>\n\t<meta name=\"twitter:data1\" content=\"Terje Bj\u00f8rnstad\" \/>\n\t<meta name=\"twitter:label2\" content=\"Ansl. lesetid\" \/>\n\t<meta name=\"twitter:data2\" content=\"4 minutter\" \/>\n<script type=\"application\/ld+json\" class=\"yoast-schema-graph\">{\"@context\":\"https:\\\/\\\/schema.org\",\"@graph\":[{\"@type\":\"Article\",\"@id\":\"https:\\\/\\\/terjebjornstad.com\\\/no\\\/2015\\\/09\\\/29\\\/er-din-bil-berort-av-utslippsjukset\\\/#article\",\"isPartOf\":{\"@id\":\"https:\\\/\\\/terjebjornstad.com\\\/no\\\/2015\\\/09\\\/29\\\/er-din-bil-berort-av-utslippsjukset\\\/\"},\"author\":{\"name\":\"Terje Bj\u00f8rnstad\",\"@id\":\"https:\\\/\\\/terjebjornstad.com\\\/no\\\/#\\\/schema\\\/person\\\/a281f6a6e0f3cc9fe468e7f0c655aa65\"},\"headline\":\"Er din bil ber\u00f8rt av utslippsjukset?\",\"datePublished\":\"2015-09-29T00:27:26+00:00\",\"dateModified\":\"2026-03-18T17:17:48+00:00\",\"mainEntityOfPage\":{\"@id\":\"https:\\\/\\\/terjebjornstad.com\\\/no\\\/2015\\\/09\\\/29\\\/er-din-bil-berort-av-utslippsjukset\\\/\"},\"wordCount\":567,\"commentCount\":31,\"publisher\":{\"@id\":\"https:\\\/\\\/terjebjornstad.com\\\/no\\\/#organization\"},\"image\":{\"@id\":\"https:\\\/\\\/terjebjornstad.com\\\/no\\\/2015\\\/09\\\/29\\\/er-din-bil-berort-av-utslippsjukset\\\/#primaryimage\"},\"thumbnailUrl\":\"https:\\\/\\\/terjebjornstad.com\\\/no\\\/wp-content\\\/uploads\\\/2015\\\/09\\\/skoda-yeti-engine-1.png\",\"keywords\":[\"Audi\",\"ber\u00f8rte biler\",\"ber\u00f8rte modeller\",\"EA 189\",\"hvilke biler omfattes\",\"juks\",\"motorkode\",\"nox\",\"Skoda\",\"utslippsjukset\",\"utslippsskandalen\",\"Volkswagen\",\"VW\"],\"articleSection\":[\"Artikkel\"],\"inLanguage\":\"nb-NO\",\"potentialAction\":[{\"@type\":\"CommentAction\",\"name\":\"Comment\",\"target\":[\"https:\\\/\\\/terjebjornstad.com\\\/no\\\/2015\\\/09\\\/29\\\/er-din-bil-berort-av-utslippsjukset\\\/#respond\"]}]},{\"@type\":\"WebPage\",\"@id\":\"https:\\\/\\\/terjebjornstad.com\\\/no\\\/2015\\\/09\\\/29\\\/er-din-bil-berort-av-utslippsjukset\\\/\",\"url\":\"https:\\\/\\\/terjebjornstad.com\\\/no\\\/2015\\\/09\\\/29\\\/er-din-bil-berort-av-utslippsjukset\\\/\",\"name\":\"Er din bil ber\u00f8rt av utslippsjukset? - Terjes biler\",\"isPartOf\":{\"@id\":\"https:\\\/\\\/terjebjornstad.com\\\/no\\\/#website\"},\"primaryImageOfPage\":{\"@id\":\"https:\\\/\\\/terjebjornstad.com\\\/no\\\/2015\\\/09\\\/29\\\/er-din-bil-berort-av-utslippsjukset\\\/#primaryimage\"},\"image\":{\"@id\":\"https:\\\/\\\/terjebjornstad.com\\\/no\\\/2015\\\/09\\\/29\\\/er-din-bil-berort-av-utslippsjukset\\\/#primaryimage\"},\"thumbnailUrl\":\"https:\\\/\\\/terjebjornstad.com\\\/no\\\/wp-content\\\/uploads\\\/2015\\\/09\\\/skoda-yeti-engine-1.png\",\"datePublished\":\"2015-09-29T00:27:26+00:00\",\"dateModified\":\"2026-03-18T17:17:48+00:00\",\"breadcrumb\":{\"@id\":\"https:\\\/\\\/terjebjornstad.com\\\/no\\\/2015\\\/09\\\/29\\\/er-din-bil-berort-av-utslippsjukset\\\/#breadcrumb\"},\"inLanguage\":\"nb-NO\",\"potentialAction\":[{\"@type\":\"ReadAction\",\"target\":[\"https:\\\/\\\/terjebjornstad.com\\\/no\\\/2015\\\/09\\\/29\\\/er-din-bil-berort-av-utslippsjukset\\\/\"]}]},{\"@type\":\"ImageObject\",\"inLanguage\":\"nb-NO\",\"@id\":\"https:\\\/\\\/terjebjornstad.com\\\/no\\\/2015\\\/09\\\/29\\\/er-din-bil-berort-av-utslippsjukset\\\/#primaryimage\",\"url\":\"https:\\\/\\\/i0.wp.com\\\/terjebjornstad.com\\\/no\\\/wp-content\\\/uploads\\\/2015\\\/09\\\/skoda-yeti-engine-1.png?fit=260%2C431&ssl=1\",\"contentUrl\":\"https:\\\/\\\/i0.wp.com\\\/terjebjornstad.com\\\/no\\\/wp-content\\\/uploads\\\/2015\\\/09\\\/skoda-yeti-engine-1.png?fit=260%2C431&ssl=1\",\"width\":260,\"height\":431},{\"@type\":\"BreadcrumbList\",\"@id\":\"https:\\\/\\\/terjebjornstad.com\\\/no\\\/2015\\\/09\\\/29\\\/er-din-bil-berort-av-utslippsjukset\\\/#breadcrumb\",\"itemListElement\":[{\"@type\":\"ListItem\",\"position\":1,\"name\":\"Hjem\",\"item\":\"https:\\\/\\\/terjebjornstad.com\\\/no\\\/\"},{\"@type\":\"ListItem\",\"position\":2,\"name\":\"Er din bil ber\u00f8rt av utslippsjukset?\"}]},{\"@type\":\"WebSite\",\"@id\":\"https:\\\/\\\/terjebjornstad.com\\\/no\\\/#website\",\"url\":\"https:\\\/\\\/terjebjornstad.com\\\/no\\\/\",\"name\":\"Terjes biler\",\"description\":\"HONEST ABOUT CARS\",\"publisher\":{\"@id\":\"https:\\\/\\\/terjebjornstad.com\\\/no\\\/#organization\"},\"alternateName\":\"Terjebjornstad.com\",\"potentialAction\":[{\"@type\":\"SearchAction\",\"target\":{\"@type\":\"EntryPoint\",\"urlTemplate\":\"https:\\\/\\\/terjebjornstad.com\\\/no\\\/?s={search_term_string}\"},\"query-input\":{\"@type\":\"PropertyValueSpecification\",\"valueRequired\":true,\"valueName\":\"search_term_string\"}}],\"inLanguage\":\"nb-NO\"},{\"@type\":\"Organization\",\"@id\":\"https:\\\/\\\/terjebjornstad.com\\\/no\\\/#organization\",\"name\":\"Terje Bj\u00f8rnstad ENK\",\"url\":\"https:\\\/\\\/terjebjornstad.com\\\/no\\\/\",\"logo\":{\"@type\":\"ImageObject\",\"inLanguage\":\"nb-NO\",\"@id\":\"https:\\\/\\\/terjebjornstad.com\\\/no\\\/#\\\/schema\\\/logo\\\/image\\\/\",\"url\":\"https:\\\/\\\/i0.wp.com\\\/terjebjornstad.com\\\/no\\\/wp-content\\\/uploads\\\/2026\\\/02\\\/terjesbiler2024-960x354-1.png?fit=960%2C354&ssl=1\",\"contentUrl\":\"https:\\\/\\\/i0.wp.com\\\/terjebjornstad.com\\\/no\\\/wp-content\\\/uploads\\\/2026\\\/02\\\/terjesbiler2024-960x354-1.png?fit=960%2C354&ssl=1\",\"width\":960,\"height\":354,\"caption\":\"Terje Bj\u00f8rnstad ENK\"},\"image\":{\"@id\":\"https:\\\/\\\/terjebjornstad.com\\\/no\\\/#\\\/schema\\\/logo\\\/image\\\/\"},\"sameAs\":[\"https:\\\/\\\/www.facebook.com\\\/terjesbiler\\\/\",\"https:\\\/\\\/www.instagram.com\\\/terjesbiler\\\/\",\"https:\\\/\\\/www.pinteres.com\\\/terjebjrnstad\\\/terjes-biler\\\/\"]},{\"@type\":\"Person\",\"@id\":\"https:\\\/\\\/terjebjornstad.com\\\/no\\\/#\\\/schema\\\/person\\\/a281f6a6e0f3cc9fe468e7f0c655aa65\",\"name\":\"Terje Bj\u00f8rnstad\",\"image\":{\"@type\":\"ImageObject\",\"inLanguage\":\"nb-NO\",\"@id\":\"https:\\\/\\\/secure.gravatar.com\\\/avatar\\\/e8dff505b51cf6cb67ae06a06022d2049aac2da1e79dc146a36b58798c4b40ea?s=96&d=mm&r=g\",\"url\":\"https:\\\/\\\/secure.gravatar.com\\\/avatar\\\/e8dff505b51cf6cb67ae06a06022d2049aac2da1e79dc146a36b58798c4b40ea?s=96&d=mm&r=g\",\"contentUrl\":\"https:\\\/\\\/secure.gravatar.com\\\/avatar\\\/e8dff505b51cf6cb67ae06a06022d2049aac2da1e79dc146a36b58798c4b40ea?s=96&d=mm&r=g\",\"caption\":\"Terje Bj\u00f8rnstad\"},\"description\":\"Terje Bj\u00f8rnstad. Bloggadministrator, hobbyfotograf og bilnerd.\",\"sameAs\":[\"https:\\\/\\\/www.facebook.com\\\/terjesbiler\",\"https:\\\/\\\/www.instagram.com\\\/terjesbiler\",\"https:\\\/\\\/no.pinterest.com\\\/terjebjrnstad\",\"https:\\\/\\\/www.youtube.com\\\/channel\\\/UCzCKJJDybyIgKqatc_JQqIg\"]}]}<\/script>\n<!-- \/ Yoast SEO plugin. -->","yoast_head_json":{"title":"Er din bil ber\u00f8rt av utslippsjukset? - Terjes biler","robots":{"index":"index","follow":"follow","max-snippet":"max-snippet:-1","max-image-preview":"max-image-preview:large","max-video-preview":"max-video-preview:-1"},"canonical":"https:\/\/terjebjornstad.com\/no\/2015\/09\/29\/er-din-bil-berort-av-utslippsjukset\/","og_locale":"nb_NO","og_type":"article","og_title":"Er din bil ber\u00f8rt av utslippsjukset? - Terjes biler","og_description":"&nbsp; Det skrives om at millioner av biler er ber\u00f8rt av utslippsjukset der Volkswagen over flere \u00e5r har levert biler som er programmert til \u00e5 gi lavere NOx-verdier under m\u00e5lingene enn i trafikken. Ingen av nyhetskanalene forteller konkret hvilke modeller som er ber\u00f8rt. &nbsp; Med utgangspunkt i motorbetegnelsen EA 189 har jeg s\u00f8kt hos tyske [&hellip;]","og_url":"https:\/\/terjebjornstad.com\/no\/2015\/09\/29\/er-din-bil-berort-av-utslippsjukset\/","og_site_name":"Terjes biler","article_publisher":"https:\/\/www.facebook.com\/terjesbiler\/","article_author":"https:\/\/www.facebook.com\/terjesbiler","article_published_time":"2015-09-29T00:27:26+00:00","article_modified_time":"2026-03-18T17:17:48+00:00","og_image":[{"url":"https:\/\/terjebjornstad.com\/no\/wp-content\/uploads\/2015\/09\/skoda-yeti-engine-1.png","type":"","width":"","height":""}],"author":"Terje Bj\u00f8rnstad","twitter_card":"summary_large_image","twitter_misc":{"Skrevet av":"Terje Bj\u00f8rnstad","Ansl. lesetid":"4 minutter"},"schema":{"@context":"https:\/\/schema.org","@graph":[{"@type":"Article","@id":"https:\/\/terjebjornstad.com\/no\/2015\/09\/29\/er-din-bil-berort-av-utslippsjukset\/#article","isPartOf":{"@id":"https:\/\/terjebjornstad.com\/no\/2015\/09\/29\/er-din-bil-berort-av-utslippsjukset\/"},"author":{"name":"Terje Bj\u00f8rnstad","@id":"https:\/\/terjebjornstad.com\/no\/#\/schema\/person\/a281f6a6e0f3cc9fe468e7f0c655aa65"},"headline":"Er din bil ber\u00f8rt av utslippsjukset?","datePublished":"2015-09-29T00:27:26+00:00","dateModified":"2026-03-18T17:17:48+00:00","mainEntityOfPage":{"@id":"https:\/\/terjebjornstad.com\/no\/2015\/09\/29\/er-din-bil-berort-av-utslippsjukset\/"},"wordCount":567,"commentCount":31,"publisher":{"@id":"https:\/\/terjebjornstad.com\/no\/#organization"},"image":{"@id":"https:\/\/terjebjornstad.com\/no\/2015\/09\/29\/er-din-bil-berort-av-utslippsjukset\/#primaryimage"},"thumbnailUrl":"https:\/\/terjebjornstad.com\/no\/wp-content\/uploads\/2015\/09\/skoda-yeti-engine-1.png","keywords":["Audi","ber\u00f8rte biler","ber\u00f8rte modeller","EA 189","hvilke biler omfattes","juks","motorkode","nox","Skoda","utslippsjukset","utslippsskandalen","Volkswagen","VW"],"articleSection":["Artikkel"],"inLanguage":"nb-NO","potentialAction":[{"@type":"CommentAction","name":"Comment","target":["https:\/\/terjebjornstad.com\/no\/2015\/09\/29\/er-din-bil-berort-av-utslippsjukset\/#respond"]}]},{"@type":"WebPage","@id":"https:\/\/terjebjornstad.com\/no\/2015\/09\/29\/er-din-bil-berort-av-utslippsjukset\/","url":"https:\/\/terjebjornstad.com\/no\/2015\/09\/29\/er-din-bil-berort-av-utslippsjukset\/","name":"Er din bil ber\u00f8rt av utslippsjukset? - Terjes biler","isPartOf":{"@id":"https:\/\/terjebjornstad.com\/no\/#website"},"primaryImageOfPage":{"@id":"https:\/\/terjebjornstad.com\/no\/2015\/09\/29\/er-din-bil-berort-av-utslippsjukset\/#primaryimage"},"image":{"@id":"https:\/\/terjebjornstad.com\/no\/2015\/09\/29\/er-din-bil-berort-av-utslippsjukset\/#primaryimage"},"thumbnailUrl":"https:\/\/terjebjornstad.com\/no\/wp-content\/uploads\/2015\/09\/skoda-yeti-engine-1.png","datePublished":"2015-09-29T00:27:26+00:00","dateModified":"2026-03-18T17:17:48+00:00","breadcrumb":{"@id":"https:\/\/terjebjornstad.com\/no\/2015\/09\/29\/er-din-bil-berort-av-utslippsjukset\/#breadcrumb"},"inLanguage":"nb-NO","potentialAction":[{"@type":"ReadAction","target":["https:\/\/terjebjornstad.com\/no\/2015\/09\/29\/er-din-bil-berort-av-utslippsjukset\/"]}]},{"@type":"ImageObject","inLanguage":"nb-NO","@id":"https:\/\/terjebjornstad.com\/no\/2015\/09\/29\/er-din-bil-berort-av-utslippsjukset\/#primaryimage","url":"https:\/\/i0.wp.com\/terjebjornstad.com\/no\/wp-content\/uploads\/2015\/09\/skoda-yeti-engine-1.png?fit=260%2C431&ssl=1","contentUrl":"https:\/\/i0.wp.com\/terjebjornstad.com\/no\/wp-content\/uploads\/2015\/09\/skoda-yeti-engine-1.png?fit=260%2C431&ssl=1","width":260,"height":431},{"@type":"BreadcrumbList","@id":"https:\/\/terjebjornstad.com\/no\/2015\/09\/29\/er-din-bil-berort-av-utslippsjukset\/#breadcrumb","itemListElement":[{"@type":"ListItem","position":1,"name":"Hjem","item":"https:\/\/terjebjornstad.com\/no\/"},{"@type":"ListItem","position":2,"name":"Er din bil ber\u00f8rt av utslippsjukset?"}]},{"@type":"WebSite","@id":"https:\/\/terjebjornstad.com\/no\/#website","url":"https:\/\/terjebjornstad.com\/no\/","name":"Terjes biler","description":"HONEST ABOUT CARS","publisher":{"@id":"https:\/\/terjebjornstad.com\/no\/#organization"},"alternateName":"Terjebjornstad.com","potentialAction":[{"@type":"SearchAction","target":{"@type":"EntryPoint","urlTemplate":"https:\/\/terjebjornstad.com\/no\/?s={search_term_string}"},"query-input":{"@type":"PropertyValueSpecification","valueRequired":true,"valueName":"search_term_string"}}],"inLanguage":"nb-NO"},{"@type":"Organization","@id":"https:\/\/terjebjornstad.com\/no\/#organization","name":"Terje Bj\u00f8rnstad ENK","url":"https:\/\/terjebjornstad.com\/no\/","logo":{"@type":"ImageObject","inLanguage":"nb-NO","@id":"https:\/\/terjebjornstad.com\/no\/#\/schema\/logo\/image\/","url":"https:\/\/i0.wp.com\/terjebjornstad.com\/no\/wp-content\/uploads\/2026\/02\/terjesbiler2024-960x354-1.png?fit=960%2C354&ssl=1","contentUrl":"https:\/\/i0.wp.com\/terjebjornstad.com\/no\/wp-content\/uploads\/2026\/02\/terjesbiler2024-960x354-1.png?fit=960%2C354&ssl=1","width":960,"height":354,"caption":"Terje Bj\u00f8rnstad ENK"},"image":{"@id":"https:\/\/terjebjornstad.com\/no\/#\/schema\/logo\/image\/"},"sameAs":["https:\/\/www.facebook.com\/terjesbiler\/","https:\/\/www.instagram.com\/terjesbiler\/","https:\/\/www.pinteres.com\/terjebjrnstad\/terjes-biler\/"]},{"@type":"Person","@id":"https:\/\/terjebjornstad.com\/no\/#\/schema\/person\/a281f6a6e0f3cc9fe468e7f0c655aa65","name":"Terje Bj\u00f8rnstad","image":{"@type":"ImageObject","inLanguage":"nb-NO","@id":"https:\/\/secure.gravatar.com\/avatar\/e8dff505b51cf6cb67ae06a06022d2049aac2da1e79dc146a36b58798c4b40ea?s=96&d=mm&r=g","url":"https:\/\/secure.gravatar.com\/avatar\/e8dff505b51cf6cb67ae06a06022d2049aac2da1e79dc146a36b58798c4b40ea?s=96&d=mm&r=g","contentUrl":"https:\/\/secure.gravatar.com\/avatar\/e8dff505b51cf6cb67ae06a06022d2049aac2da1e79dc146a36b58798c4b40ea?s=96&d=mm&r=g","caption":"Terje Bj\u00f8rnstad"},"description":"Terje Bj\u00f8rnstad. Bloggadministrator, hobbyfotograf og bilnerd.","sameAs":["https:\/\/www.facebook.com\/terjesbiler","https:\/\/www.instagram.com\/terjesbiler","https:\/\/no.pinterest.com\/terjebjrnstad","https:\/\/www.youtube.com\/channel\/UCzCKJJDybyIgKqatc_JQqIg"]}]}},"jetpack_publicize_connections":[],"jetpack_featured_media_url":"","jetpack_sharing_enabled":true,"jetpack_shortlink":"https:\/\/wp.me\/p48zYA-uR","jetpack-related-posts":[{"id":45667,"url":"https:\/\/terjebjornstad.com\/no\/2022\/01\/06\/dieseljuks-tok-bileierne-stoyten-for-dieseljukset\/","url_meta":{"origin":1913,"position":0},"title":"Tok bileierne st\u00f8yten for dieseljukset?","author":"Terje Bj\u00f8rnstad","date":"06\/01\/2022","format":false,"excerpt":"Da Volkswagen ble avsl\u00f8rt for dieseljuks, mistet samtidig nesten 150000 biler i Norge sine typegodkjenninger. Volkswagen slapp \u00e5 betale erstatning til ber\u00f8rte bileiere. De lovte i stedet \u00e5 reparere bilene s\u00e5nn at de skulle oppfylle typegodkjenningene. Men mange ble likevel sittende igjen med \"Svarteper\". \u00a0 Systematisk juks Jukset ble avsl\u00f8rt\u2026","rel":"","context":"i &quot;Artikkel&quot;","block_context":{"text":"Artikkel","link":"https:\/\/terjebjornstad.com\/no\/category\/artikkel\/"},"img":{"alt_text":"","src":"https:\/\/i0.wp.com\/terjebjornstad.com\/no\/wp-content\/uploads\/2022\/01\/streng-geheim-720x360-1.png?fit=720%2C360&ssl=1&resize=350%2C200","width":350,"height":200,"srcset":"https:\/\/i0.wp.com\/terjebjornstad.com\/no\/wp-content\/uploads\/2022\/01\/streng-geheim-720x360-1.png?fit=720%2C360&ssl=1&resize=350%2C200 1x, https:\/\/i0.wp.com\/terjebjornstad.com\/no\/wp-content\/uploads\/2022\/01\/streng-geheim-720x360-1.png?fit=720%2C360&ssl=1&resize=525%2C300 1.5x, https:\/\/i0.wp.com\/terjebjornstad.com\/no\/wp-content\/uploads\/2022\/01\/streng-geheim-720x360-1.png?fit=720%2C360&ssl=1&resize=700%2C400 2x"},"classes":[]},{"id":40238,"url":"https:\/\/terjebjornstad.com\/no\/2021\/05\/17\/sannheten-om-tsi-motoren\/","url_meta":{"origin":1913,"position":1},"title":"Sannheten om TSI-motoren","author":"Terje Bj\u00f8rnstad","date":"17\/05\/2021","format":false,"excerpt":"TSI-motorene har f\u00e5tt mange lovord. De er morsomme \u00e5 kj\u00f8re - responsive, kraftfulle turbomotorer med fint lydbilde. Et godt eksempel p\u00e5 downsizing. Men de er ikke feilfrie. Advarslene er mange. Er det trygt \u00e5 kj\u00f8pe en bil med TSI-motor? \u00a0 Hvilke motorer dreier det seg om? Nesten alle bensinmotorer produsert\u2026","rel":"","context":"i &quot;Artikkel&quot;","block_context":{"text":"Artikkel","link":"https:\/\/terjebjornstad.com\/no\/category\/artikkel\/"},"img":{"alt_text":"","src":"https:\/\/i0.wp.com\/terjebjornstad.com\/no\/wp-content\/uploads\/2021\/05\/tsi-686x457-1.png?fit=686%2C457&ssl=1&resize=350%2C200","width":350,"height":200,"srcset":"https:\/\/i0.wp.com\/terjebjornstad.com\/no\/wp-content\/uploads\/2021\/05\/tsi-686x457-1.png?fit=686%2C457&ssl=1&resize=350%2C200 1x, https:\/\/i0.wp.com\/terjebjornstad.com\/no\/wp-content\/uploads\/2021\/05\/tsi-686x457-1.png?fit=686%2C457&ssl=1&resize=525%2C300 1.5x"},"classes":[]},{"id":45069,"url":"https:\/\/terjebjornstad.com\/no\/2021\/11\/29\/elbilbrann-kona-e-208\/","url_meta":{"origin":1913,"position":2},"title":"N\u00e5r elbilbatteriene selvantenner","author":"Terje Bj\u00f8rnstad","date":"29\/11\/2021","format":false,"excerpt":"Elbiler brenner ikke mer enn vanlige biler. Men \u00e9n bestemt type elbilbrann skremmer - de som starter av seg selv i batteriene mens bilene st\u00e5r parkert. I \u00e5r har det v\u00e6rt flere slike branner. Hyundai Kona p\u00e5 Sinsen, Oslo Den 16 juni i \u00e5r (2021) begynte en Hyundai Kona \u00e5\u2026","rel":"","context":"i &quot;Artikkel&quot;","block_context":{"text":"Artikkel","link":"https:\/\/terjebjornstad.com\/no\/category\/artikkel\/"},"img":{"alt_text":"","src":"https:\/\/i0.wp.com\/terjebjornstad.com\/no\/wp-content\/uploads\/2021\/11\/oslobrannvesen-elbil-kjoling-400x536-1.jpg?fit=400%2C536&ssl=1&resize=350%2C200","width":350,"height":200},"classes":[]},{"id":61757,"url":"https:\/\/terjebjornstad.com\/no\/2023\/07\/20\/for-tidlig-a-fase-ut-dieselbiler\/","url_meta":{"origin":1913,"position":3},"title":"For tidlig \u00e5 fase ut dieselbiler?","author":"Terje Bj\u00f8rnstad","date":"20\/07\/2023","format":false,"excerpt":"Tilbudet av personbiler med dieselmotorer er kraftig redusert - spesielt i elbil-gunstige Norge, men ogs\u00e5 andre steder, ettersom bilprodusentene slutter \u00e5 lage dem. Samtidig meldes det om at fossilbiler er mer etterspurt enn elbiler p\u00e5 bruktmarkedet, og at utenlandske oppkj\u00f8pere n\u00e5 str\u00f8mmer til bruktbilhallene. Er det for tidlig \u00e5 fase\u2026","rel":"","context":"i &quot;Artikkel&quot;","block_context":{"text":"Artikkel","link":"https:\/\/terjebjornstad.com\/no\/category\/artikkel\/"},"img":{"alt_text":"","src":"https:\/\/i0.wp.com\/terjebjornstad.com\/no\/wp-content\/uploads\/2023\/07\/Depositphotos_70655407_L.jpg?fit=1200%2C800&ssl=1&resize=350%2C200","width":350,"height":200,"srcset":"https:\/\/i0.wp.com\/terjebjornstad.com\/no\/wp-content\/uploads\/2023\/07\/Depositphotos_70655407_L.jpg?fit=1200%2C800&ssl=1&resize=350%2C200 1x, https:\/\/i0.wp.com\/terjebjornstad.com\/no\/wp-content\/uploads\/2023\/07\/Depositphotos_70655407_L.jpg?fit=1200%2C800&ssl=1&resize=525%2C300 1.5x, https:\/\/i0.wp.com\/terjebjornstad.com\/no\/wp-content\/uploads\/2023\/07\/Depositphotos_70655407_L.jpg?fit=1200%2C800&ssl=1&resize=700%2C400 2x, https:\/\/i0.wp.com\/terjebjornstad.com\/no\/wp-content\/uploads\/2023\/07\/Depositphotos_70655407_L.jpg?fit=1200%2C800&ssl=1&resize=1050%2C600 3x"},"classes":[]},{"id":7183,"url":"https:\/\/terjebjornstad.com\/no\/2016\/09\/03\/made-in-bratislava\/","url_meta":{"origin":1913,"position":4},"title":"Made in Bratislava","author":"Terje Bj\u00f8rnstad","date":"03\/09\/2016","format":false,"excerpt":"Hva har Porsche Cayenne, Audi Q7, Volkswagen Touareg til felles med den gamle, hekkmotoriserte Skoda Rapid? De er alle produsert ved samme produksjonsanlegg i Bratislava. Det blir ogs\u00e5 Volkswagen Up! Skoda Citigo og SEAT Mii, - samt flere tidligere Volkswagen-modeller. F\u00f8r det, flere modeller for Skoda og Tatra. Jeg har\u2026","rel":"","context":"i &quot;Artikkel&quot;","block_context":{"text":"Artikkel","link":"https:\/\/terjebjornstad.com\/no\/category\/artikkel\/"},"img":{"alt_text":"","src":"https:\/\/i0.wp.com\/terjebjornstad.com\/no\/wp-content\/uploads\/2016\/09\/golf-disco-1.png?fit=686%2C457&ssl=1&resize=350%2C200","width":350,"height":200,"srcset":"https:\/\/i0.wp.com\/terjebjornstad.com\/no\/wp-content\/uploads\/2016\/09\/golf-disco-1.png?fit=686%2C457&ssl=1&resize=350%2C200 1x, https:\/\/i0.wp.com\/terjebjornstad.com\/no\/wp-content\/uploads\/2016\/09\/golf-disco-1.png?fit=686%2C457&ssl=1&resize=525%2C300 1.5x"},"classes":[]},{"id":9543,"url":"https:\/\/terjebjornstad.com\/no\/2017\/03\/05\/psa-kjoper-opel\/","url_meta":{"origin":1913,"position":5},"title":"PSA kj\u00f8per Opel","author":"Terje Bj\u00f8rnstad","date":"05\/03\/2017","format":false,"excerpt":"Den franske bilgiganten PSA har gitt gr\u00f8nt lys for \u00e5 kj\u00f8pe de europeiske aksjene i GM (Opel og Vauxhall). Det er ventet at oppkj\u00f8pet skal offentliggj\u00f8res i dag, mandag 6 mars. Den nye PSA-gruppen vil dermed bli Europas nest st\u00f8rste bilfabrikant etter Volkswagen-gruppen. De to bilgigantene vil til sammen produsere\u2026","rel":"","context":"i &quot;Artikkel&quot;","block_context":{"text":"Artikkel","link":"https:\/\/terjebjornstad.com\/no\/category\/artikkel\/"},"img":{"alt_text":"","src":"https:\/\/i0.wp.com\/terjebjornstad.com\/no\/wp-content\/uploads\/2017\/03\/psa-opel.png?resize=350%2C200&ssl=1","width":350,"height":200,"srcset":"https:\/\/i0.wp.com\/terjebjornstad.com\/no\/wp-content\/uploads\/2017\/03\/psa-opel.png?resize=350%2C200&ssl=1 1x, https:\/\/i0.wp.com\/terjebjornstad.com\/no\/wp-content\/uploads\/2017\/03\/psa-opel.png?resize=525%2C300&ssl=1 1.5x"},"classes":[]}],"gt_translate_keys":[{"key":"link","format":"url"}],"_links":{"self":[{"href":"https:\/\/terjebjornstad.com\/no\/wp-json\/wp\/v2\/posts\/1913","targetHints":{"allow":["GET"]}}],"collection":[{"href":"https:\/\/terjebjornstad.com\/no\/wp-json\/wp\/v2\/posts"}],"about":[{"href":"https:\/\/terjebjornstad.com\/no\/wp-json\/wp\/v2\/types\/post"}],"author":[{"embeddable":true,"href":"https:\/\/terjebjornstad.com\/no\/wp-json\/wp\/v2\/users\/1"}],"replies":[{"embeddable":true,"href":"https:\/\/terjebjornstad.com\/no\/wp-json\/wp\/v2\/comments?post=1913"}],"version-history":[{"count":6,"href":"https:\/\/terjebjornstad.com\/no\/wp-json\/wp\/v2\/posts\/1913\/revisions"}],"predecessor-version":[{"id":74167,"href":"https:\/\/terjebjornstad.com\/no\/wp-json\/wp\/v2\/posts\/1913\/revisions\/74167"}],"wp:attachment":[{"href":"https:\/\/terjebjornstad.com\/no\/wp-json\/wp\/v2\/media?parent=1913"}],"wp:term":[{"taxonomy":"category","embeddable":true,"href":"https:\/\/terjebjornstad.com\/no\/wp-json\/wp\/v2\/categories?post=1913"},{"taxonomy":"post_tag","embeddable":true,"href":"https:\/\/terjebjornstad.com\/no\/wp-json\/wp\/v2\/tags?post=1913"}],"curies":[{"name":"wp","href":"https:\/\/api.w.org\/{rel}","templated":true}]}}