{"id":189,"date":"2013-02-11T00:21:52","date_gmt":"2013-02-11T00:21:52","guid":{"rendered":"http:\/\/terjebjornstad.com\/no\/?p=189"},"modified":"2024-08-27T02:08:43","modified_gmt":"2024-08-27T01:08:43","slug":"eurobiler-med-trynefaktor","status":"publish","type":"post","link":"https:\/\/terjebjornstad.com\/no\/2013\/02\/11\/eurobiler-med-trynefaktor\/","title":{"rendered":"2013 Citro\u00ebn C1 og eurobiler med trynefaktor","gt_translate_keys":[{"key":"rendered","format":"text"}]},"content":{"rendered":"<blockquote><p>Amerikanerne kaller det \u00abbadging\u00bb. Man tar samme modell og klistrer p\u00e5 et nytt merke i fronten. Voila! S\u00e5 kan man lansere en helt ny modell.<\/p><\/blockquote>\n<p>I 2005 startet PSA-konsernet og Toyota felles produksjon av en nyutviklet minibil i Kolin i Tsjekkia. Samme bil har siden v\u00e6rt i salg som Peugeot 107, Citroen og Toyota Aygo. Fordelen med dette samarbeidet er \u00e5 kunne redusere utviklings- og produksjonskostnader. Det eneste som skiller disse bilene er den integrerte plastst\u00f8tfangeren med grill, felgene og lakkfargene.<\/p>\n<figure id=\"attachment_241\" aria-describedby=\"caption-attachment-241\" style=\"width: 480px\" class=\"wp-caption alignleft\"><img data-recalc-dims=\"1\" loading=\"lazy\" decoding=\"async\" data-attachment-id=\"241\" data-permalink=\"https:\/\/terjebjornstad.com\/no\/2012\/12\/31\/91\/citroenc1confort\/\" data-orig-file=\"https:\/\/i0.wp.com\/terjebjornstad.com\/no\/wp-content\/uploads\/2012\/12\/citroenc1confort.png?fit=480%2C360&amp;ssl=1\" data-orig-size=\"480,360\" data-comments-opened=\"1\" data-image-meta=\"{&quot;aperture&quot;:&quot;0&quot;,&quot;credit&quot;:&quot;&quot;,&quot;camera&quot;:&quot;&quot;,&quot;caption&quot;:&quot;&quot;,&quot;created_timestamp&quot;:&quot;0&quot;,&quot;copyright&quot;:&quot;&quot;,&quot;focal_length&quot;:&quot;0&quot;,&quot;iso&quot;:&quot;0&quot;,&quot;shutter_speed&quot;:&quot;0&quot;,&quot;title&quot;:&quot;&quot;,&quot;orientation&quot;:&quot;0&quot;}\" data-image-title=\"citroenc1confort\" data-image-description=\"\" data-image-caption=\"&lt;p&gt;2013 Citro\u00ebn C1&lt;\/p&gt;\n\" data-large-file=\"https:\/\/i0.wp.com\/terjebjornstad.com\/no\/wp-content\/uploads\/2012\/12\/citroenc1confort.png?fit=480%2C360&amp;ssl=1\" class=\"size-full wp-image-241\" src=\"https:\/\/i0.wp.com\/terjebjornstad.com\/no\/wp-content\/uploads\/2012\/12\/citroenc1confort.png?resize=480%2C360&#038;ssl=1\" alt=\"citroenc1confort\" width=\"480\" height=\"360\" srcset=\"https:\/\/i0.wp.com\/terjebjornstad.com\/no\/wp-content\/uploads\/2012\/12\/citroenc1confort.png?w=480&amp;ssl=1 480w, https:\/\/i0.wp.com\/terjebjornstad.com\/no\/wp-content\/uploads\/2012\/12\/citroenc1confort.png?resize=300%2C225&amp;ssl=1 300w\" sizes=\"auto, (max-width: 480px) 100vw, 480px\" \/><figcaption id=\"caption-attachment-241\" class=\"wp-caption-text\">Citro\u00ebn C1 Confort 5 d\u00f8rer<\/figcaption><\/figure>\n<p>&nbsp;<\/p>\n<p>&nbsp;<\/p>\n<p>&nbsp;<\/p>\n<p>&nbsp;<\/p>\n<p>&nbsp;<\/p>\n<p>&nbsp;<\/p>\n<p>Det er alts\u00e5 \u00abtrynefaktoren\u00bb som skiller disse bilene fra hverandre. I 2012 fikk alle tre modellene en oppgradering av fronten. Man kan si at alle faktisk har blitt ett hakk t\u00f8ffere i trynet.<\/p>\n<p>PSA og Toyota er ingen sm\u00e5akt\u00f8rer i personbilmarkedet. Denne \u00abjoint venture\u00bb satsningen har skapt et absolutt kompetent produkt som har sl\u00e5tt godt an, spesielt i sydlige deler av Europa. Designet er sv\u00e6rt europeisk &#8211; uj\u00e5lete og dominert av funksjon.<\/p>\n<p>Kundene kan kun velge en motor p\u00e5 1.0 liter som fyller sin funksjon p\u00e5 en grei m\u00e5te. Dette konseptet passer bra til norske avgifter. Hvis du hadde \u00f8nsket st\u00f8rre motor, ville du prismessig havnet i neste bilklasse p\u00e5 grunn av avgiftssystemet.<\/p>\n<p>Det er mulig \u00e5 bestille med\u00a0automatgir. Dette er imidlertid en sv\u00e6rt enkel robotisert girskiftl\u00f8sning som kan skape problemer\u00a0under ekstreme vinterlige\u00a0kj\u00f8reforhold. Fordelen med automatgiret er at det ikke stjeler krefter fra motoren og s\u00e5ledes ikke sender engangsavgiften til himmels.<\/p>\n<figure id=\"attachment_243\" aria-describedby=\"caption-attachment-243\" style=\"width: 240px\" class=\"wp-caption alignleft\"><img data-recalc-dims=\"1\" loading=\"lazy\" decoding=\"async\" data-attachment-id=\"243\" data-permalink=\"https:\/\/terjebjornstad.com\/no\/2012\/12\/31\/91\/peugeot107\/\" data-orig-file=\"https:\/\/i0.wp.com\/terjebjornstad.com\/no\/wp-content\/uploads\/2012\/12\/peugeot107.png?fit=240%2C180&amp;ssl=1\" data-orig-size=\"240,180\" data-comments-opened=\"1\" data-image-meta=\"{&quot;aperture&quot;:&quot;0&quot;,&quot;credit&quot;:&quot;&quot;,&quot;camera&quot;:&quot;&quot;,&quot;caption&quot;:&quot;&quot;,&quot;created_timestamp&quot;:&quot;0&quot;,&quot;copyright&quot;:&quot;&quot;,&quot;focal_length&quot;:&quot;0&quot;,&quot;iso&quot;:&quot;0&quot;,&quot;shutter_speed&quot;:&quot;0&quot;,&quot;title&quot;:&quot;&quot;,&quot;orientation&quot;:&quot;0&quot;}\" data-image-title=\"peugeot107\" data-image-description=\"\" data-image-caption=\"&lt;p&gt;Peugeot 107 5 d\u00f8rer&lt;\/p&gt;\n\" data-large-file=\"https:\/\/i0.wp.com\/terjebjornstad.com\/no\/wp-content\/uploads\/2012\/12\/peugeot107.png?fit=240%2C180&amp;ssl=1\" class=\"size-full wp-image-243 \" src=\"https:\/\/i0.wp.com\/terjebjornstad.com\/no\/wp-content\/uploads\/2012\/12\/peugeot107.png?resize=240%2C180&#038;ssl=1\" alt=\"Peugeot 107 5 d\u00f8rer\" width=\"240\" height=\"180\" \/><figcaption id=\"caption-attachment-243\" class=\"wp-caption-text\">Peugeot 107 5 d\u00f8rer<\/figcaption><\/figure>\n<figure id=\"attachment_244\" aria-describedby=\"caption-attachment-244\" style=\"width: 240px\" class=\"wp-caption alignleft\"><img data-recalc-dims=\"1\" loading=\"lazy\" decoding=\"async\" data-attachment-id=\"244\" data-permalink=\"https:\/\/terjebjornstad.com\/no\/2012\/12\/31\/91\/toyotaaygo3\/\" data-orig-file=\"https:\/\/i0.wp.com\/terjebjornstad.com\/no\/wp-content\/uploads\/2012\/12\/toyotaaygo3.png?fit=240%2C180&amp;ssl=1\" data-orig-size=\"240,180\" data-comments-opened=\"1\" data-image-meta=\"{&quot;aperture&quot;:&quot;0&quot;,&quot;credit&quot;:&quot;&quot;,&quot;camera&quot;:&quot;&quot;,&quot;caption&quot;:&quot;&quot;,&quot;created_timestamp&quot;:&quot;0&quot;,&quot;copyright&quot;:&quot;&quot;,&quot;focal_length&quot;:&quot;0&quot;,&quot;iso&quot;:&quot;0&quot;,&quot;shutter_speed&quot;:&quot;0&quot;,&quot;title&quot;:&quot;&quot;,&quot;orientation&quot;:&quot;0&quot;}\" data-image-title=\"toyotaaygo3\" data-image-description=\"\" data-image-caption=\"&lt;p&gt;Toytota Aygo 3 d\u00f8rer&lt;\/p&gt;\n\" data-large-file=\"https:\/\/i0.wp.com\/terjebjornstad.com\/no\/wp-content\/uploads\/2012\/12\/toyotaaygo3.png?fit=240%2C180&amp;ssl=1\" class=\"size-full wp-image-244 \" src=\"https:\/\/i0.wp.com\/terjebjornstad.com\/no\/wp-content\/uploads\/2012\/12\/toyotaaygo3.png?resize=240%2C180&#038;ssl=1\" alt=\"Toytota Aygo 3 d\u00f8rer\" width=\"240\" height=\"180\" \/><figcaption id=\"caption-attachment-244\" class=\"wp-caption-text\">Toytota Aygo 3 d\u00f8rer<\/figcaption><\/figure>\n<p>Bilene er nylig blitt nedgradert til tre stjerner av NCAP fordi ESP ikke er standard alle steder i Europa, og fordi sidegardin-kollisjonsputene ikke er inkludert i basisversjonene. I Norge leveres alle biler med ESP. S\u00f8rger du for \u00e5 bestille bilen med alle seks kollisjonsputene, f\u00e5r du en firestjerners bil med hensyn til sikkerhet.<\/p>\n<blockquote><p>En\u00a0ny bil i Norge i dag b\u00f8r ha ESP, 6 kollisjonsputer og radio som standardutstyr. Vi har forh\u00e5ndsvalgt dette utstyret i konfigurasjonene for de rimeligste modellene\u00a0i denne serien.<\/p>\n<p>&nbsp;<\/p><\/blockquote>\n<p><strong>Mitt valg<\/strong><\/p>\n<p>Her velger du forhandler og ikke bil. G\u00e5 til den hyggeligste forhandleren. Eller skal vi si: G\u00e5 etter trynefaktor?<\/p>\n<figure id=\"attachment_248\" aria-describedby=\"caption-attachment-248\" style=\"width: 480px\" class=\"wp-caption aligncenter\"><img data-recalc-dims=\"1\" loading=\"lazy\" decoding=\"async\" data-attachment-id=\"248\" data-permalink=\"https:\/\/terjebjornstad.com\/no\/2013\/02\/11\/eurobiler-med-trynefaktor\/toyotaaygoplus\/\" data-orig-file=\"https:\/\/i0.wp.com\/terjebjornstad.com\/no\/wp-content\/uploads\/2013\/02\/toyotaaygoplus.jpg?fit=480%2C360&amp;ssl=1\" data-orig-size=\"480,360\" data-comments-opened=\"1\" data-image-meta=\"{&quot;aperture&quot;:&quot;0&quot;,&quot;credit&quot;:&quot;&quot;,&quot;camera&quot;:&quot;&quot;,&quot;caption&quot;:&quot;&quot;,&quot;created_timestamp&quot;:&quot;0&quot;,&quot;copyright&quot;:&quot;&quot;,&quot;focal_length&quot;:&quot;0&quot;,&quot;iso&quot;:&quot;0&quot;,&quot;shutter_speed&quot;:&quot;0&quot;,&quot;title&quot;:&quot;&quot;,&quot;orientation&quot;:&quot;0&quot;}\" data-image-title=\"toyotaaygoplus\" data-image-description=\"\" data-image-caption=\"\" data-large-file=\"https:\/\/i0.wp.com\/terjebjornstad.com\/no\/wp-content\/uploads\/2013\/02\/toyotaaygoplus.jpg?fit=480%2C360&amp;ssl=1\" class=\"size-full wp-image-248\" src=\"https:\/\/i0.wp.com\/terjebjornstad.com\/no\/wp-content\/uploads\/2013\/02\/toyotaaygoplus.jpg?resize=480%2C360&#038;ssl=1\" alt=\"toyotaaygoplus\" width=\"480\" height=\"360\" srcset=\"https:\/\/i0.wp.com\/terjebjornstad.com\/no\/wp-content\/uploads\/2013\/02\/toyotaaygoplus.jpg?w=480&amp;ssl=1 480w, https:\/\/i0.wp.com\/terjebjornstad.com\/no\/wp-content\/uploads\/2013\/02\/toyotaaygoplus.jpg?resize=300%2C225&amp;ssl=1 300w\" sizes=\"auto, (max-width: 480px) 100vw, 480px\" \/><figcaption id=\"caption-attachment-248\" class=\"wp-caption-text\">Toyota Aygo Plus har 5 d\u00f8rer<\/figcaption><\/figure>\n<p>&nbsp;<\/p>\n<p><figure id=\"attachment_2803\" aria-describedby=\"caption-attachment-2803\" style=\"width: 150px\" class=\"wp-caption alignleft\"><a href=\"https:\/\/terjebjornstad.com\/no\/2015\/11\/30\/pa-bytur-med-citroen-c1\/\"><img data-recalc-dims=\"1\" loading=\"lazy\" decoding=\"async\" data-attachment-id=\"2803\" data-permalink=\"https:\/\/terjebjornstad.com\/no\/terjes-biler\/citroen-c1-1\/\" data-orig-file=\"https:\/\/i0.wp.com\/terjebjornstad.com\/no\/wp-content\/uploads\/2014\/02\/citroen-c1-1.png?fit=660%2C440&amp;ssl=1\" data-orig-size=\"660,440\" data-comments-opened=\"1\" data-image-meta=\"{&quot;aperture&quot;:&quot;0&quot;,&quot;credit&quot;:&quot;&quot;,&quot;camera&quot;:&quot;&quot;,&quot;caption&quot;:&quot;&quot;,&quot;created_timestamp&quot;:&quot;0&quot;,&quot;copyright&quot;:&quot;&quot;,&quot;focal_length&quot;:&quot;0&quot;,&quot;iso&quot;:&quot;0&quot;,&quot;shutter_speed&quot;:&quot;0&quot;,&quot;title&quot;:&quot;&quot;,&quot;orientation&quot;:&quot;0&quot;}\" data-image-title=\"citroen-c1-1\" data-image-description=\"\" data-image-caption=\"&lt;p&gt;Citroen C1&lt;\/p&gt;\n\" data-large-file=\"https:\/\/i0.wp.com\/terjebjornstad.com\/no\/wp-content\/uploads\/2014\/02\/citroen-c1-1.png?fit=660%2C440&amp;ssl=1\" class=\"size-thumbnail wp-image-2803\" src=\"https:\/\/i0.wp.com\/terjebjornstad.com\/no\/wp-content\/uploads\/2014\/02\/citroen-c1-1.png?resize=150%2C150&#038;ssl=1\" alt=\"Den ser uforskammet bra ut til \u00e5 v\u00e6re bare 3,5 meter lang.\" width=\"150\" height=\"150\" srcset=\"https:\/\/i0.wp.com\/terjebjornstad.com\/no\/wp-content\/uploads\/2014\/02\/citroen-c1-1.png?resize=150%2C150&amp;ssl=1 150w, https:\/\/i0.wp.com\/terjebjornstad.com\/no\/wp-content\/uploads\/2014\/02\/citroen-c1-1.png?resize=50%2C50&amp;ssl=1 50w, https:\/\/i0.wp.com\/terjebjornstad.com\/no\/wp-content\/uploads\/2014\/02\/citroen-c1-1.png?zoom=2&amp;resize=150%2C150&amp;ssl=1 300w, https:\/\/i0.wp.com\/terjebjornstad.com\/no\/wp-content\/uploads\/2014\/02\/citroen-c1-1.png?zoom=3&amp;resize=150%2C150&amp;ssl=1 450w\" sizes=\"auto, (max-width: 150px) 100vw, 150px\" \/><\/a><figcaption id=\"caption-attachment-2803\" class=\"wp-caption-text\">Den ser uforskammet bra ut til \u00e5 v\u00e6re bare 3,5 meter lang.<\/figcaption><\/figure><figure id=\"attachment_172\" aria-describedby=\"caption-attachment-172\" style=\"width: 150px\" class=\"wp-caption alignleft\"><a href=\"https:\/\/terjebjornstad.com\/no\/2013\/08\/03\/bor-jeg-kjope-en-minibil\/\"><img data-recalc-dims=\"1\" loading=\"lazy\" decoding=\"async\" data-attachment-id=\"172\" data-permalink=\"https:\/\/terjebjornstad.com\/no\/2015\/11\/30\/pa-bytur-med-citroen-c1\/whitemini\/\" data-orig-file=\"https:\/\/i0.wp.com\/terjebjornstad.com\/no\/wp-content\/uploads\/2013\/01\/whitemini.png?fit=720%2C180&amp;ssl=1\" data-orig-size=\"720,180\" data-comments-opened=\"1\" data-image-meta=\"{&quot;aperture&quot;:&quot;0&quot;,&quot;credit&quot;:&quot;&quot;,&quot;camera&quot;:&quot;&quot;,&quot;caption&quot;:&quot;&quot;,&quot;created_timestamp&quot;:&quot;0&quot;,&quot;copyright&quot;:&quot;&quot;,&quot;focal_length&quot;:&quot;0&quot;,&quot;iso&quot;:&quot;0&quot;,&quot;shutter_speed&quot;:&quot;0&quot;,&quot;title&quot;:&quot;&quot;,&quot;orientation&quot;:&quot;0&quot;}\" data-image-title=\"whitemini\" data-image-description=\"\" data-image-caption=\"&lt;p&gt;Jas\u00e5, du vil kj\u00f8pe en supermini?&lt;\/p&gt;\n\" data-large-file=\"https:\/\/i0.wp.com\/terjebjornstad.com\/no\/wp-content\/uploads\/2013\/01\/whitemini.png?fit=720%2C180&amp;ssl=1\" src=\"https:\/\/i0.wp.com\/terjebjornstad.com\/no\/wp-content\/uploads\/2013\/01\/whitemini.png?resize=150%2C150&#038;ssl=1\" alt=\"\" width=\"150\" height=\"150\" class=\"size-thumbnail wp-image-172\" srcset=\"https:\/\/i0.wp.com\/terjebjornstad.com\/no\/wp-content\/uploads\/2013\/01\/whitemini.png?resize=150%2C150&amp;ssl=1 150w, https:\/\/i0.wp.com\/terjebjornstad.com\/no\/wp-content\/uploads\/2013\/01\/whitemini.png?resize=50%2C50&amp;ssl=1 50w, https:\/\/i0.wp.com\/terjebjornstad.com\/no\/wp-content\/uploads\/2013\/01\/whitemini.png?zoom=2&amp;resize=150%2C150&amp;ssl=1 300w, https:\/\/i0.wp.com\/terjebjornstad.com\/no\/wp-content\/uploads\/2013\/01\/whitemini.png?zoom=3&amp;resize=150%2C150&amp;ssl=1 450w\" sizes=\"auto, (max-width: 150px) 100vw, 150px\" \/><\/a><figcaption id=\"caption-attachment-172\" class=\"wp-caption-text\">Jas\u00e5, du vil kj\u00f8pe en supermini?<\/figcaption><\/figure><\/p>\n","protected":false,"gt_translate_keys":[{"key":"rendered","format":"html"}]},"excerpt":{"rendered":"<p>Amerikanerne kaller det \u00abbadging\u00bb. Man tar samme modell og klistrer p\u00e5 et nytt merke i fronten. Voila! S\u00e5 kan man lansere en helt ny modell. I 2005 startet PSA-konsernet og Toyota felles produksjon av en nyutviklet minibil i Kolin i Tsjekkia. Samme bil har siden v\u00e6rt i salg som Peugeot 107, Citroen og Toyota Aygo. [&hellip;]<\/p>\n","protected":false,"gt_translate_keys":[{"key":"rendered","format":"html"}]},"author":1,"featured_media":0,"comment_status":"closed","ping_status":"open","sticky":false,"template":"","format":"standard","meta":{"_monsterinsights_skip_tracking":false,"_monsterinsights_sitenote_active":false,"_monsterinsights_sitenote_note":"","_monsterinsights_sitenote_category":0,"jetpack_post_was_ever_published":false,"_jetpack_newsletter_access":"","_jetpack_dont_email_post_to_subs":false,"_jetpack_newsletter_tier_id":0,"_jetpack_memberships_contains_paywalled_content":false,"_jetpack_memberships_contains_paid_content":false,"footnotes":"","jetpack_publicize_message":"","jetpack_publicize_feature_enabled":true,"jetpack_social_post_already_shared":false,"jetpack_social_options":{"image_generator_settings":{"template":"highway","default_image_id":0,"font":"","enabled":false},"version":2}},"categories":[19,20,21],"tags":[24,22],"class_list":["post-189","post","type-post","status-publish","format-standard","hentry","category-citroen","category-peugeot","category-toyota","tag-aygo","tag-c1"],"yoast_head":"<!-- This site is optimized with the Yoast SEO plugin v27.5 - https:\/\/yoast.com\/product\/yoast-seo-wordpress\/ -->\n<title>2013 Citro\u00ebn C1 og eurobiler med trynefaktor - Terjes biler<\/title>\n<meta name=\"robots\" content=\"index, follow, max-snippet:-1, max-image-preview:large, max-video-preview:-1\" \/>\n<link rel=\"canonical\" href=\"https:\/\/terjebjornstad.com\/no\/2013\/02\/11\/eurobiler-med-trynefaktor\/\" \/>\n<meta property=\"og:locale\" content=\"nb_NO\" \/>\n<meta property=\"og:type\" content=\"article\" \/>\n<meta property=\"og:title\" content=\"2013 Citro\u00ebn C1 og eurobiler med trynefaktor - Terjes biler\" \/>\n<meta property=\"og:description\" content=\"Amerikanerne kaller det \u00abbadging\u00bb. Man tar samme modell og klistrer p\u00e5 et nytt merke i fronten. Voila! S\u00e5 kan man lansere en helt ny modell. I 2005 startet PSA-konsernet og Toyota felles produksjon av en nyutviklet minibil i Kolin i Tsjekkia. Samme bil har siden v\u00e6rt i salg som Peugeot 107, Citroen og Toyota Aygo. [&hellip;]\" \/>\n<meta property=\"og:url\" content=\"https:\/\/terjebjornstad.com\/no\/2013\/02\/11\/eurobiler-med-trynefaktor\/\" \/>\n<meta property=\"og:site_name\" content=\"Terjes biler\" \/>\n<meta property=\"article:publisher\" content=\"https:\/\/www.facebook.com\/terjesbiler\/\" \/>\n<meta property=\"article:author\" content=\"https:\/\/www.facebook.com\/terjesbiler\" \/>\n<meta property=\"article:published_time\" content=\"2013-02-11T00:21:52+00:00\" \/>\n<meta property=\"article:modified_time\" content=\"2024-08-27T01:08:43+00:00\" \/>\n<meta property=\"og:image\" content=\"https:\/\/terjebjornstad.com\/no\/wp-content\/uploads\/2012\/12\/citroenc1confort.png\" \/>\n<meta name=\"author\" content=\"Terje Bj\u00f8rnstad\" \/>\n<meta name=\"twitter:card\" content=\"summary_large_image\" \/>\n<meta name=\"twitter:label1\" content=\"Skrevet av\" \/>\n\t<meta name=\"twitter:data1\" content=\"Terje Bj\u00f8rnstad\" \/>\n\t<meta name=\"twitter:label2\" content=\"Ansl. lesetid\" \/>\n\t<meta name=\"twitter:data2\" content=\"4 minutter\" \/>\n<script type=\"application\/ld+json\" class=\"yoast-schema-graph\">{\"@context\":\"https:\\\/\\\/schema.org\",\"@graph\":[{\"@type\":\"Article\",\"@id\":\"https:\\\/\\\/terjebjornstad.com\\\/no\\\/2013\\\/02\\\/11\\\/eurobiler-med-trynefaktor\\\/#article\",\"isPartOf\":{\"@id\":\"https:\\\/\\\/terjebjornstad.com\\\/no\\\/2013\\\/02\\\/11\\\/eurobiler-med-trynefaktor\\\/\"},\"author\":{\"name\":\"Terje Bj\u00f8rnstad\",\"@id\":\"https:\\\/\\\/terjebjornstad.com\\\/no\\\/#\\\/schema\\\/person\\\/a281f6a6e0f3cc9fe468e7f0c655aa65\"},\"headline\":\"2013 Citro\u00ebn C1 og eurobiler med trynefaktor\",\"datePublished\":\"2013-02-11T00:21:52+00:00\",\"dateModified\":\"2024-08-27T01:08:43+00:00\",\"mainEntityOfPage\":{\"@id\":\"https:\\\/\\\/terjebjornstad.com\\\/no\\\/2013\\\/02\\\/11\\\/eurobiler-med-trynefaktor\\\/\"},\"wordCount\":443,\"publisher\":{\"@id\":\"https:\\\/\\\/terjebjornstad.com\\\/no\\\/#organization\"},\"image\":{\"@id\":\"https:\\\/\\\/terjebjornstad.com\\\/no\\\/2013\\\/02\\\/11\\\/eurobiler-med-trynefaktor\\\/#primaryimage\"},\"thumbnailUrl\":\"https:\\\/\\\/terjebjornstad.com\\\/no\\\/wp-content\\\/uploads\\\/2012\\\/12\\\/citroenc1confort.png\",\"keywords\":[\"Aygo\",\"C1\"],\"articleSection\":[\"Citroen\",\"Peugeot\",\"Toyota\"],\"inLanguage\":\"nb-NO\"},{\"@type\":\"WebPage\",\"@id\":\"https:\\\/\\\/terjebjornstad.com\\\/no\\\/2013\\\/02\\\/11\\\/eurobiler-med-trynefaktor\\\/\",\"url\":\"https:\\\/\\\/terjebjornstad.com\\\/no\\\/2013\\\/02\\\/11\\\/eurobiler-med-trynefaktor\\\/\",\"name\":\"2013 Citro\u00ebn C1 og eurobiler med trynefaktor - Terjes biler\",\"isPartOf\":{\"@id\":\"https:\\\/\\\/terjebjornstad.com\\\/no\\\/#website\"},\"primaryImageOfPage\":{\"@id\":\"https:\\\/\\\/terjebjornstad.com\\\/no\\\/2013\\\/02\\\/11\\\/eurobiler-med-trynefaktor\\\/#primaryimage\"},\"image\":{\"@id\":\"https:\\\/\\\/terjebjornstad.com\\\/no\\\/2013\\\/02\\\/11\\\/eurobiler-med-trynefaktor\\\/#primaryimage\"},\"thumbnailUrl\":\"https:\\\/\\\/terjebjornstad.com\\\/no\\\/wp-content\\\/uploads\\\/2012\\\/12\\\/citroenc1confort.png\",\"datePublished\":\"2013-02-11T00:21:52+00:00\",\"dateModified\":\"2024-08-27T01:08:43+00:00\",\"breadcrumb\":{\"@id\":\"https:\\\/\\\/terjebjornstad.com\\\/no\\\/2013\\\/02\\\/11\\\/eurobiler-med-trynefaktor\\\/#breadcrumb\"},\"inLanguage\":\"nb-NO\",\"potentialAction\":[{\"@type\":\"ReadAction\",\"target\":[\"https:\\\/\\\/terjebjornstad.com\\\/no\\\/2013\\\/02\\\/11\\\/eurobiler-med-trynefaktor\\\/\"]}]},{\"@type\":\"ImageObject\",\"inLanguage\":\"nb-NO\",\"@id\":\"https:\\\/\\\/terjebjornstad.com\\\/no\\\/2013\\\/02\\\/11\\\/eurobiler-med-trynefaktor\\\/#primaryimage\",\"url\":\"https:\\\/\\\/i0.wp.com\\\/terjebjornstad.com\\\/no\\\/wp-content\\\/uploads\\\/2012\\\/12\\\/citroenc1confort.png?fit=480%2C360&ssl=1\",\"contentUrl\":\"https:\\\/\\\/i0.wp.com\\\/terjebjornstad.com\\\/no\\\/wp-content\\\/uploads\\\/2012\\\/12\\\/citroenc1confort.png?fit=480%2C360&ssl=1\",\"width\":480,\"height\":360,\"caption\":\"2013 Citro\u00ebn C1\"},{\"@type\":\"BreadcrumbList\",\"@id\":\"https:\\\/\\\/terjebjornstad.com\\\/no\\\/2013\\\/02\\\/11\\\/eurobiler-med-trynefaktor\\\/#breadcrumb\",\"itemListElement\":[{\"@type\":\"ListItem\",\"position\":1,\"name\":\"Hjem\",\"item\":\"https:\\\/\\\/terjebjornstad.com\\\/no\\\/\"},{\"@type\":\"ListItem\",\"position\":2,\"name\":\"2013 Citro\u00ebn C1 og eurobiler med trynefaktor\"}]},{\"@type\":\"WebSite\",\"@id\":\"https:\\\/\\\/terjebjornstad.com\\\/no\\\/#website\",\"url\":\"https:\\\/\\\/terjebjornstad.com\\\/no\\\/\",\"name\":\"Terjes biler\",\"description\":\"HONEST ABOUT CARS\",\"publisher\":{\"@id\":\"https:\\\/\\\/terjebjornstad.com\\\/no\\\/#organization\"},\"alternateName\":\"Terjebjornstad.com\",\"potentialAction\":[{\"@type\":\"SearchAction\",\"target\":{\"@type\":\"EntryPoint\",\"urlTemplate\":\"https:\\\/\\\/terjebjornstad.com\\\/no\\\/?s={search_term_string}\"},\"query-input\":{\"@type\":\"PropertyValueSpecification\",\"valueRequired\":true,\"valueName\":\"search_term_string\"}}],\"inLanguage\":\"nb-NO\"},{\"@type\":\"Organization\",\"@id\":\"https:\\\/\\\/terjebjornstad.com\\\/no\\\/#organization\",\"name\":\"Terje Bj\u00f8rnstad ENK\",\"url\":\"https:\\\/\\\/terjebjornstad.com\\\/no\\\/\",\"logo\":{\"@type\":\"ImageObject\",\"inLanguage\":\"nb-NO\",\"@id\":\"https:\\\/\\\/terjebjornstad.com\\\/no\\\/#\\\/schema\\\/logo\\\/image\\\/\",\"url\":\"https:\\\/\\\/i0.wp.com\\\/terjebjornstad.com\\\/no\\\/wp-content\\\/uploads\\\/2026\\\/02\\\/terjesbiler2024-960x354-1.png?fit=960%2C354&ssl=1\",\"contentUrl\":\"https:\\\/\\\/i0.wp.com\\\/terjebjornstad.com\\\/no\\\/wp-content\\\/uploads\\\/2026\\\/02\\\/terjesbiler2024-960x354-1.png?fit=960%2C354&ssl=1\",\"width\":960,\"height\":354,\"caption\":\"Terje Bj\u00f8rnstad ENK\"},\"image\":{\"@id\":\"https:\\\/\\\/terjebjornstad.com\\\/no\\\/#\\\/schema\\\/logo\\\/image\\\/\"},\"sameAs\":[\"https:\\\/\\\/www.facebook.com\\\/terjesbiler\\\/\",\"https:\\\/\\\/www.instagram.com\\\/terjesbiler\\\/\",\"https:\\\/\\\/www.pinteres.com\\\/terjebjrnstad\\\/terjes-biler\\\/\"]},{\"@type\":\"Person\",\"@id\":\"https:\\\/\\\/terjebjornstad.com\\\/no\\\/#\\\/schema\\\/person\\\/a281f6a6e0f3cc9fe468e7f0c655aa65\",\"name\":\"Terje Bj\u00f8rnstad\",\"image\":{\"@type\":\"ImageObject\",\"inLanguage\":\"nb-NO\",\"@id\":\"https:\\\/\\\/secure.gravatar.com\\\/avatar\\\/e8dff505b51cf6cb67ae06a06022d2049aac2da1e79dc146a36b58798c4b40ea?s=96&d=mm&r=g\",\"url\":\"https:\\\/\\\/secure.gravatar.com\\\/avatar\\\/e8dff505b51cf6cb67ae06a06022d2049aac2da1e79dc146a36b58798c4b40ea?s=96&d=mm&r=g\",\"contentUrl\":\"https:\\\/\\\/secure.gravatar.com\\\/avatar\\\/e8dff505b51cf6cb67ae06a06022d2049aac2da1e79dc146a36b58798c4b40ea?s=96&d=mm&r=g\",\"caption\":\"Terje Bj\u00f8rnstad\"},\"description\":\"Terje Bj\u00f8rnstad. Bloggadministrator, hobbyfotograf og bilnerd.\",\"sameAs\":[\"https:\\\/\\\/www.facebook.com\\\/terjesbiler\",\"https:\\\/\\\/www.instagram.com\\\/terjesbiler\",\"https:\\\/\\\/no.pinterest.com\\\/terjebjrnstad\",\"https:\\\/\\\/www.youtube.com\\\/channel\\\/UCzCKJJDybyIgKqatc_JQqIg\"]}]}<\/script>\n<!-- \/ Yoast SEO plugin. -->","yoast_head_json":{"title":"2013 Citro\u00ebn C1 og eurobiler med trynefaktor - Terjes biler","robots":{"index":"index","follow":"follow","max-snippet":"max-snippet:-1","max-image-preview":"max-image-preview:large","max-video-preview":"max-video-preview:-1"},"canonical":"https:\/\/terjebjornstad.com\/no\/2013\/02\/11\/eurobiler-med-trynefaktor\/","og_locale":"nb_NO","og_type":"article","og_title":"2013 Citro\u00ebn C1 og eurobiler med trynefaktor - Terjes biler","og_description":"Amerikanerne kaller det \u00abbadging\u00bb. Man tar samme modell og klistrer p\u00e5 et nytt merke i fronten. Voila! S\u00e5 kan man lansere en helt ny modell. I 2005 startet PSA-konsernet og Toyota felles produksjon av en nyutviklet minibil i Kolin i Tsjekkia. Samme bil har siden v\u00e6rt i salg som Peugeot 107, Citroen og Toyota Aygo. [&hellip;]","og_url":"https:\/\/terjebjornstad.com\/no\/2013\/02\/11\/eurobiler-med-trynefaktor\/","og_site_name":"Terjes biler","article_publisher":"https:\/\/www.facebook.com\/terjesbiler\/","article_author":"https:\/\/www.facebook.com\/terjesbiler","article_published_time":"2013-02-11T00:21:52+00:00","article_modified_time":"2024-08-27T01:08:43+00:00","og_image":[{"url":"https:\/\/terjebjornstad.com\/no\/wp-content\/uploads\/2012\/12\/citroenc1confort.png","type":"","width":"","height":""}],"author":"Terje Bj\u00f8rnstad","twitter_card":"summary_large_image","twitter_misc":{"Skrevet av":"Terje Bj\u00f8rnstad","Ansl. lesetid":"4 minutter"},"schema":{"@context":"https:\/\/schema.org","@graph":[{"@type":"Article","@id":"https:\/\/terjebjornstad.com\/no\/2013\/02\/11\/eurobiler-med-trynefaktor\/#article","isPartOf":{"@id":"https:\/\/terjebjornstad.com\/no\/2013\/02\/11\/eurobiler-med-trynefaktor\/"},"author":{"name":"Terje Bj\u00f8rnstad","@id":"https:\/\/terjebjornstad.com\/no\/#\/schema\/person\/a281f6a6e0f3cc9fe468e7f0c655aa65"},"headline":"2013 Citro\u00ebn C1 og eurobiler med trynefaktor","datePublished":"2013-02-11T00:21:52+00:00","dateModified":"2024-08-27T01:08:43+00:00","mainEntityOfPage":{"@id":"https:\/\/terjebjornstad.com\/no\/2013\/02\/11\/eurobiler-med-trynefaktor\/"},"wordCount":443,"publisher":{"@id":"https:\/\/terjebjornstad.com\/no\/#organization"},"image":{"@id":"https:\/\/terjebjornstad.com\/no\/2013\/02\/11\/eurobiler-med-trynefaktor\/#primaryimage"},"thumbnailUrl":"https:\/\/terjebjornstad.com\/no\/wp-content\/uploads\/2012\/12\/citroenc1confort.png","keywords":["Aygo","C1"],"articleSection":["Citroen","Peugeot","Toyota"],"inLanguage":"nb-NO"},{"@type":"WebPage","@id":"https:\/\/terjebjornstad.com\/no\/2013\/02\/11\/eurobiler-med-trynefaktor\/","url":"https:\/\/terjebjornstad.com\/no\/2013\/02\/11\/eurobiler-med-trynefaktor\/","name":"2013 Citro\u00ebn C1 og eurobiler med trynefaktor - Terjes biler","isPartOf":{"@id":"https:\/\/terjebjornstad.com\/no\/#website"},"primaryImageOfPage":{"@id":"https:\/\/terjebjornstad.com\/no\/2013\/02\/11\/eurobiler-med-trynefaktor\/#primaryimage"},"image":{"@id":"https:\/\/terjebjornstad.com\/no\/2013\/02\/11\/eurobiler-med-trynefaktor\/#primaryimage"},"thumbnailUrl":"https:\/\/terjebjornstad.com\/no\/wp-content\/uploads\/2012\/12\/citroenc1confort.png","datePublished":"2013-02-11T00:21:52+00:00","dateModified":"2024-08-27T01:08:43+00:00","breadcrumb":{"@id":"https:\/\/terjebjornstad.com\/no\/2013\/02\/11\/eurobiler-med-trynefaktor\/#breadcrumb"},"inLanguage":"nb-NO","potentialAction":[{"@type":"ReadAction","target":["https:\/\/terjebjornstad.com\/no\/2013\/02\/11\/eurobiler-med-trynefaktor\/"]}]},{"@type":"ImageObject","inLanguage":"nb-NO","@id":"https:\/\/terjebjornstad.com\/no\/2013\/02\/11\/eurobiler-med-trynefaktor\/#primaryimage","url":"https:\/\/i0.wp.com\/terjebjornstad.com\/no\/wp-content\/uploads\/2012\/12\/citroenc1confort.png?fit=480%2C360&ssl=1","contentUrl":"https:\/\/i0.wp.com\/terjebjornstad.com\/no\/wp-content\/uploads\/2012\/12\/citroenc1confort.png?fit=480%2C360&ssl=1","width":480,"height":360,"caption":"2013 Citro\u00ebn C1"},{"@type":"BreadcrumbList","@id":"https:\/\/terjebjornstad.com\/no\/2013\/02\/11\/eurobiler-med-trynefaktor\/#breadcrumb","itemListElement":[{"@type":"ListItem","position":1,"name":"Hjem","item":"https:\/\/terjebjornstad.com\/no\/"},{"@type":"ListItem","position":2,"name":"2013 Citro\u00ebn C1 og eurobiler med trynefaktor"}]},{"@type":"WebSite","@id":"https:\/\/terjebjornstad.com\/no\/#website","url":"https:\/\/terjebjornstad.com\/no\/","name":"Terjes biler","description":"HONEST ABOUT CARS","publisher":{"@id":"https:\/\/terjebjornstad.com\/no\/#organization"},"alternateName":"Terjebjornstad.com","potentialAction":[{"@type":"SearchAction","target":{"@type":"EntryPoint","urlTemplate":"https:\/\/terjebjornstad.com\/no\/?s={search_term_string}"},"query-input":{"@type":"PropertyValueSpecification","valueRequired":true,"valueName":"search_term_string"}}],"inLanguage":"nb-NO"},{"@type":"Organization","@id":"https:\/\/terjebjornstad.com\/no\/#organization","name":"Terje Bj\u00f8rnstad ENK","url":"https:\/\/terjebjornstad.com\/no\/","logo":{"@type":"ImageObject","inLanguage":"nb-NO","@id":"https:\/\/terjebjornstad.com\/no\/#\/schema\/logo\/image\/","url":"https:\/\/i0.wp.com\/terjebjornstad.com\/no\/wp-content\/uploads\/2026\/02\/terjesbiler2024-960x354-1.png?fit=960%2C354&ssl=1","contentUrl":"https:\/\/i0.wp.com\/terjebjornstad.com\/no\/wp-content\/uploads\/2026\/02\/terjesbiler2024-960x354-1.png?fit=960%2C354&ssl=1","width":960,"height":354,"caption":"Terje Bj\u00f8rnstad ENK"},"image":{"@id":"https:\/\/terjebjornstad.com\/no\/#\/schema\/logo\/image\/"},"sameAs":["https:\/\/www.facebook.com\/terjesbiler\/","https:\/\/www.instagram.com\/terjesbiler\/","https:\/\/www.pinteres.com\/terjebjrnstad\/terjes-biler\/"]},{"@type":"Person","@id":"https:\/\/terjebjornstad.com\/no\/#\/schema\/person\/a281f6a6e0f3cc9fe468e7f0c655aa65","name":"Terje Bj\u00f8rnstad","image":{"@type":"ImageObject","inLanguage":"nb-NO","@id":"https:\/\/secure.gravatar.com\/avatar\/e8dff505b51cf6cb67ae06a06022d2049aac2da1e79dc146a36b58798c4b40ea?s=96&d=mm&r=g","url":"https:\/\/secure.gravatar.com\/avatar\/e8dff505b51cf6cb67ae06a06022d2049aac2da1e79dc146a36b58798c4b40ea?s=96&d=mm&r=g","contentUrl":"https:\/\/secure.gravatar.com\/avatar\/e8dff505b51cf6cb67ae06a06022d2049aac2da1e79dc146a36b58798c4b40ea?s=96&d=mm&r=g","caption":"Terje Bj\u00f8rnstad"},"description":"Terje Bj\u00f8rnstad. Bloggadministrator, hobbyfotograf og bilnerd.","sameAs":["https:\/\/www.facebook.com\/terjesbiler","https:\/\/www.instagram.com\/terjesbiler","https:\/\/no.pinterest.com\/terjebjrnstad","https:\/\/www.youtube.com\/channel\/UCzCKJJDybyIgKqatc_JQqIg"]}]}},"jetpack_publicize_connections":[],"jetpack_featured_media_url":"","jetpack_sharing_enabled":true,"jetpack_shortlink":"https:\/\/wp.me\/p48zYA-33","jetpack-related-posts":[{"id":46521,"url":"https:\/\/terjebjornstad.com\/no\/2022\/02\/05\/ny-aygo-x-citroen-c1-forsvinner\/","url_meta":{"origin":189,"position":0},"title":"Ny Aygo X &#8211; Citroen C1 forsvinner","author":"Terje Bj\u00f8rnstad","date":"05\/02\/2022","format":false,"excerpt":"Citroen C1 og Peugeot 108 avsluttes, mens Toyota Aygo X kommer i en helt ny, trendy, h\u00f8ybygd crossover-utgave. Vi ser n\u00e6rmere p\u00e5 de utg\u00e5tte modellene som blir \u00e5 finne i bruktbil-markedet fremover. \u00a0 Rydder i modellprogrammet Beslutningen om \u00e5 ofre de to PSA-modellene er en konsekvens av sammensl\u00e5ingen mellom PSA\u2026","rel":"","context":"i &quot;107&quot;","block_context":{"text":"107","link":"https:\/\/terjebjornstad.com\/no\/category\/peugeot\/107\/"},"img":{"alt_text":"","src":"https:\/\/i0.wp.com\/terjebjornstad.com\/no\/wp-content\/uploads\/2022\/02\/c1-aygo-1080c381.jpg?fit=1080%2C381&ssl=1&resize=350%2C200","width":350,"height":200,"srcset":"https:\/\/i0.wp.com\/terjebjornstad.com\/no\/wp-content\/uploads\/2022\/02\/c1-aygo-1080c381.jpg?fit=1080%2C381&ssl=1&resize=350%2C200 1x, https:\/\/i0.wp.com\/terjebjornstad.com\/no\/wp-content\/uploads\/2022\/02\/c1-aygo-1080c381.jpg?fit=1080%2C381&ssl=1&resize=525%2C300 1.5x, https:\/\/i0.wp.com\/terjebjornstad.com\/no\/wp-content\/uploads\/2022\/02\/c1-aygo-1080c381.jpg?fit=1080%2C381&ssl=1&resize=700%2C400 2x, https:\/\/i0.wp.com\/terjebjornstad.com\/no\/wp-content\/uploads\/2022\/02\/c1-aygo-1080c381.jpg?fit=1080%2C381&ssl=1&resize=1050%2C600 3x"},"classes":[]},{"id":2810,"url":"https:\/\/terjebjornstad.com\/no\/2015\/11\/30\/pa-bytur-med-citroen-c1\/","url_meta":{"origin":189,"position":1},"title":"P\u00e5 bytur med Citroen C1","author":"Terje Bj\u00f8rnstad","date":"30\/11\/2015","format":false,"excerpt":"Jeg innser med et smil at denne bilen kan brukes til mye mer enn juleshopping. Jeg kj\u00f8rer gladelig hvor som helst, bare jeg slipper \u00e5 sitte i baksetet. Det er s\u00f8ndag 1. advent. Julelysene i Oslo har v\u00e6rt tent lenge. De muntrer oss opp n\u00e5r m\u00f8rket siger p\u00e5 ved tretiden\u2026","rel":"","context":"i &quot;Artikkel&quot;","block_context":{"text":"Artikkel","link":"https:\/\/terjebjornstad.com\/no\/category\/artikkel\/"},"img":{"alt_text":"citroen c1","src":"https:\/\/i0.wp.com\/terjebjornstad.com\/no\/wp-content\/uploads\/2014\/02\/citroen-c1-1.png?resize=350%2C200&ssl=1","width":350,"height":200,"srcset":"https:\/\/i0.wp.com\/terjebjornstad.com\/no\/wp-content\/uploads\/2014\/02\/citroen-c1-1.png?resize=350%2C200&ssl=1 1x, https:\/\/i0.wp.com\/terjebjornstad.com\/no\/wp-content\/uploads\/2014\/02\/citroen-c1-1.png?resize=525%2C300&ssl=1 1.5x"},"classes":[]},{"id":39664,"url":"https:\/\/terjebjornstad.com\/no\/2021\/04\/23\/opel-for-oss-som-likte-manta\/","url_meta":{"origin":189,"position":2},"title":"Opel for oss som likte Manta","author":"Terje Bj\u00f8rnstad","date":"23\/04\/2021","format":false,"excerpt":"\u00a0 Da vi var guttunger, satt vi p\u00e5 melkerampen og noterte bilnumre p\u00e5 passerende biler. \u00c5ret var 1971. Jeg skrev \"LH 10000\". Vi noterte kun numre, aldri bilmerker. Likevel husker jeg godt at det var en gul Opel Manta - en helt ny Opel! Visste du at Opel Manta er\u2026","rel":"","context":"i &quot;Artikkel&quot;","block_context":{"text":"Artikkel","link":"https:\/\/terjebjornstad.com\/no\/category\/artikkel\/"},"img":{"alt_text":"","src":"https:\/\/i0.wp.com\/terjebjornstad.com\/no\/wp-content\/uploads\/2021\/04\/16-Opel_Mokka-e_512328.jpg?fit=1200%2C750&ssl=1&resize=350%2C200","width":350,"height":200,"srcset":"https:\/\/i0.wp.com\/terjebjornstad.com\/no\/wp-content\/uploads\/2021\/04\/16-Opel_Mokka-e_512328.jpg?fit=1200%2C750&ssl=1&resize=350%2C200 1x, https:\/\/i0.wp.com\/terjebjornstad.com\/no\/wp-content\/uploads\/2021\/04\/16-Opel_Mokka-e_512328.jpg?fit=1200%2C750&ssl=1&resize=525%2C300 1.5x, https:\/\/i0.wp.com\/terjebjornstad.com\/no\/wp-content\/uploads\/2021\/04\/16-Opel_Mokka-e_512328.jpg?fit=1200%2C750&ssl=1&resize=700%2C400 2x, https:\/\/i0.wp.com\/terjebjornstad.com\/no\/wp-content\/uploads\/2021\/04\/16-Opel_Mokka-e_512328.jpg?fit=1200%2C750&ssl=1&resize=1050%2C600 3x"},"classes":[]},{"id":35944,"url":"https:\/\/terjebjornstad.com\/no\/2020\/11\/02\/taycan-selger-bedre-enn-mondeo\/","url_meta":{"origin":189,"position":3},"title":"Taycan selger bedre enn Mondeo!","author":"Terje Bj\u00f8rnstad","date":"02\/11\/2020","format":false,"excerpt":"Kj\u00f8ret\u00f8yparken er i endring - og det skjer raskt. Flere biler som vi trodde solgte bra, er nesten ute av markedet. N\u00e5r Terjes biler kj\u00f8rer nye biler, er det ofte kj\u00f8ret\u00f8y formidlet via bilutleie- og bildelingsselskaper. Selv om bilene er nye, er de ofte ikke spesielt ettertraktet p\u00e5 markedet, snarere\u2026","rel":"","context":"i &quot;Artikkel&quot;","block_context":{"text":"Artikkel","link":"https:\/\/terjebjornstad.com\/no\/category\/artikkel\/"},"img":{"alt_text":"","src":"https:\/\/i0.wp.com\/terjebjornstad.com\/no\/wp-content\/uploads\/2020\/11\/2015-ford-mondeo-2.0-tdci-180-1-2.png?fit=686%2C457&ssl=1&resize=350%2C200","width":350,"height":200,"srcset":"https:\/\/i0.wp.com\/terjebjornstad.com\/no\/wp-content\/uploads\/2020\/11\/2015-ford-mondeo-2.0-tdci-180-1-2.png?fit=686%2C457&ssl=1&resize=350%2C200 1x, https:\/\/i0.wp.com\/terjebjornstad.com\/no\/wp-content\/uploads\/2020\/11\/2015-ford-mondeo-2.0-tdci-180-1-2.png?fit=686%2C457&ssl=1&resize=525%2C300 1.5x"},"classes":[]},{"id":39473,"url":"https:\/\/terjebjornstad.com\/no\/2021\/04\/14\/toyota-proace-electric-50-kwh-med-trivselsfaktor\/","url_meta":{"origin":189,"position":4},"title":"Toyota Proace Electric 50 kwh med trivselsfaktor","author":"Terje Bj\u00f8rnstad","date":"14\/04\/2021","format":false,"excerpt":"Fordelene med elvarebiler er flere. Klimarabatten fra ENOVAs Nullutslippfond er en kontantst\u00f8tte p\u00e5 inntil 50 000 blanke kroner hvis du kj\u00f8per elvarebil i n\u00e6ring. Du sparer bompenger. I Oslo kan du parkere gratis i gater med beboerparkering. Ikke bare sparer du penger - du slipper \u00e5 argumentere med overivrige representanter\u2026","rel":"","context":"i &quot;Elbil&quot;","block_context":{"text":"Elbil","link":"https:\/\/terjebjornstad.com\/no\/category\/elbil\/"},"img":{"alt_text":"","src":"https:\/\/i0.wp.com\/terjebjornstad.com\/no\/wp-content\/uploads\/2021\/04\/toyota-proace-electric-charging-1080x720-1.png?fit=1080%2C720&ssl=1&resize=350%2C200","width":350,"height":200,"srcset":"https:\/\/i0.wp.com\/terjebjornstad.com\/no\/wp-content\/uploads\/2021\/04\/toyota-proace-electric-charging-1080x720-1.png?fit=1080%2C720&ssl=1&resize=350%2C200 1x, https:\/\/i0.wp.com\/terjebjornstad.com\/no\/wp-content\/uploads\/2021\/04\/toyota-proace-electric-charging-1080x720-1.png?fit=1080%2C720&ssl=1&resize=525%2C300 1.5x, https:\/\/i0.wp.com\/terjebjornstad.com\/no\/wp-content\/uploads\/2021\/04\/toyota-proace-electric-charging-1080x720-1.png?fit=1080%2C720&ssl=1&resize=700%2C400 2x, https:\/\/i0.wp.com\/terjebjornstad.com\/no\/wp-content\/uploads\/2021\/04\/toyota-proace-electric-charging-1080x720-1.png?fit=1080%2C720&ssl=1&resize=1050%2C600 3x"},"classes":[]},{"id":18389,"url":"https:\/\/terjebjornstad.com\/no\/2018\/08\/08\/franske-klassikere-2\/","url_meta":{"origin":189,"position":5},"title":"Franske klassikere 2","author":"Terje Bj\u00f8rnstad","date":"08\/08\/2018","format":false,"excerpt":"Fine sommerdager i Syd-Frankrike har resultert i bilder av noen spesielle biler. Velkommen til det andre innlegget i serien \"Franske klassikere\"! Renault Vel Satis Den er st\u00f8rre enn man skulle tro. Renault Vel Satis er en fullsize europeisk executive car. De ytre m\u00e5lene er som f\u00f8lger: Lengde 4,86, bredde 1,86\u2026","rel":"","context":"i &quot;Artikkel&quot;","block_context":{"text":"Artikkel","link":"https:\/\/terjebjornstad.com\/no\/category\/artikkel\/"},"img":{"alt_text":"","src":"https:\/\/i0.wp.com\/terjebjornstad.com\/no\/wp-content\/uploads\/2018\/08\/velsatis-1080x1080.png?fit=1080%2C1080&ssl=1&resize=350%2C200","width":350,"height":200,"srcset":"https:\/\/i0.wp.com\/terjebjornstad.com\/no\/wp-content\/uploads\/2018\/08\/velsatis-1080x1080.png?fit=1080%2C1080&ssl=1&resize=350%2C200 1x, https:\/\/i0.wp.com\/terjebjornstad.com\/no\/wp-content\/uploads\/2018\/08\/velsatis-1080x1080.png?fit=1080%2C1080&ssl=1&resize=525%2C300 1.5x, https:\/\/i0.wp.com\/terjebjornstad.com\/no\/wp-content\/uploads\/2018\/08\/velsatis-1080x1080.png?fit=1080%2C1080&ssl=1&resize=700%2C400 2x, https:\/\/i0.wp.com\/terjebjornstad.com\/no\/wp-content\/uploads\/2018\/08\/velsatis-1080x1080.png?fit=1080%2C1080&ssl=1&resize=1050%2C600 3x"},"classes":[]}],"gt_translate_keys":[{"key":"link","format":"url"}],"_links":{"self":[{"href":"https:\/\/terjebjornstad.com\/no\/wp-json\/wp\/v2\/posts\/189","targetHints":{"allow":["GET"]}}],"collection":[{"href":"https:\/\/terjebjornstad.com\/no\/wp-json\/wp\/v2\/posts"}],"about":[{"href":"https:\/\/terjebjornstad.com\/no\/wp-json\/wp\/v2\/types\/post"}],"author":[{"embeddable":true,"href":"https:\/\/terjebjornstad.com\/no\/wp-json\/wp\/v2\/users\/1"}],"replies":[{"embeddable":true,"href":"https:\/\/terjebjornstad.com\/no\/wp-json\/wp\/v2\/comments?post=189"}],"version-history":[{"count":1,"href":"https:\/\/terjebjornstad.com\/no\/wp-json\/wp\/v2\/posts\/189\/revisions"}],"predecessor-version":[{"id":74227,"href":"https:\/\/terjebjornstad.com\/no\/wp-json\/wp\/v2\/posts\/189\/revisions\/74227"}],"wp:attachment":[{"href":"https:\/\/terjebjornstad.com\/no\/wp-json\/wp\/v2\/media?parent=189"}],"wp:term":[{"taxonomy":"category","embeddable":true,"href":"https:\/\/terjebjornstad.com\/no\/wp-json\/wp\/v2\/categories?post=189"},{"taxonomy":"post_tag","embeddable":true,"href":"https:\/\/terjebjornstad.com\/no\/wp-json\/wp\/v2\/tags?post=189"}],"curies":[{"name":"wp","href":"https:\/\/api.w.org\/{rel}","templated":true}]}}