{"id":18873,"date":"2018-08-26T23:24:04","date_gmt":"2018-08-26T23:24:04","guid":{"rendered":"http:\/\/terjebjornstad.com\/no\/?p=18873"},"modified":"2026-03-03T00:44:55","modified_gmt":"2026-03-02T23:44:55","slug":"amcars-pa-elvefestivalen","status":"publish","type":"post","link":"https:\/\/terjebjornstad.com\/no\/2018\/08\/26\/amcars-pa-elvefestivalen\/","title":{"rendered":"Amcars p\u00e5 Elvefestivalen","gt_translate_keys":[{"key":"rendered","format":"text"}]},"content":{"rendered":"<div class=\"copy_teb\">I \u00e5r ble Amcar-utstillingen holdt ved N\u00f8sted Brygge foran N\u00f8sted hallen s\u00f8r for Drammen. Jeg tror ikke det var like mye publikum som i fjor, da utstillingen ble holdt i parken. Men lokasjonen passet godt til et arrangement som dette. Omr\u00e5det var under ombygging. Fra \u00e5 v\u00e6re et omr\u00e5de med n\u00e6ringsvirksomhet skal bygningsmassen p\u00e5 N\u00f8sted Brygge endres til luksusleiligheter &#8211; sannsynligvis uten amerikanske biler i bakg\u00e5rden.<\/p>\n<blockquote><p>Bli med og se p\u00e5 de flotte bilene! <\/p><\/blockquote>\n\n<figure id=\"attachment_18870\" aria-describedby=\"caption-attachment-18870\" style=\"width: 1080px\" class=\"wp-caption aligncenter\"><a href=\"https:\/\/i0.wp.com\/terjebjornstad.com\/no\/wp-content\/uploads\/2018\/08\/nostedhallen-ford-gt-1-1080x720.png?ssl=1\"><img data-recalc-dims=\"1\" loading=\"lazy\" decoding=\"async\" data-attachment-id=\"18870\" data-permalink=\"https:\/\/terjebjornstad.com\/no\/2018\/08\/28\/mercedes-benz-c180-coupe\/nostedhallen-ford-gt-1-1080x720\/\" data-orig-file=\"https:\/\/i0.wp.com\/terjebjornstad.com\/no\/wp-content\/uploads\/2018\/08\/nostedhallen-ford-gt-1-1080x720.png?fit=1080%2C720&amp;ssl=1\" data-orig-size=\"1080,720\" data-comments-opened=\"1\" data-image-meta=\"{&quot;aperture&quot;:&quot;0&quot;,&quot;credit&quot;:&quot;&quot;,&quot;camera&quot;:&quot;&quot;,&quot;caption&quot;:&quot;&quot;,&quot;created_timestamp&quot;:&quot;0&quot;,&quot;copyright&quot;:&quot;&quot;,&quot;focal_length&quot;:&quot;0&quot;,&quot;iso&quot;:&quot;0&quot;,&quot;shutter_speed&quot;:&quot;0&quot;,&quot;title&quot;:&quot;&quot;,&quot;orientation&quot;:&quot;0&quot;}\" data-image-title=\"nostedhallen-ford-gt-1-1080&amp;#215;720\" data-image-description=\"\" data-image-caption=\"&lt;p&gt;Amcars p\u00e5 Elvefestivalen&lt;\/p&gt;\n\" data-large-file=\"https:\/\/i0.wp.com\/terjebjornstad.com\/no\/wp-content\/uploads\/2018\/08\/nostedhallen-ford-gt-1-1080x720.png?fit=980%2C654&amp;ssl=1\" src=\"https:\/\/i0.wp.com\/terjebjornstad.com\/no\/wp-content\/uploads\/2018\/08\/nostedhallen-ford-gt-1-1080x720.png?resize=980%2C653&#038;ssl=1\" alt=\"\" width=\"980\" height=\"653\" class=\"size-full wp-image-18870\" srcset=\"https:\/\/i0.wp.com\/terjebjornstad.com\/no\/wp-content\/uploads\/2018\/08\/nostedhallen-ford-gt-1-1080x720.png?resize=1080%2C720&amp;ssl=1 1080w, https:\/\/i0.wp.com\/terjebjornstad.com\/no\/wp-content\/uploads\/2018\/08\/nostedhallen-ford-gt-1-1080x720.png?resize=300%2C200&amp;ssl=1 300w, https:\/\/i0.wp.com\/terjebjornstad.com\/no\/wp-content\/uploads\/2018\/08\/nostedhallen-ford-gt-1-1080x720.png?resize=768%2C512&amp;ssl=1 768w, https:\/\/i0.wp.com\/terjebjornstad.com\/no\/wp-content\/uploads\/2018\/08\/nostedhallen-ford-gt-1-1080x720.png?resize=1024%2C683&amp;ssl=1 1024w, https:\/\/i0.wp.com\/terjebjornstad.com\/no\/wp-content\/uploads\/2018\/08\/nostedhallen-ford-gt-1-1080x720.png?resize=690%2C460&amp;ssl=1 690w, https:\/\/i0.wp.com\/terjebjornstad.com\/no\/wp-content\/uploads\/2018\/08\/nostedhallen-ford-gt-1-1080x720.png?resize=980%2C653&amp;ssl=1 980w\" sizes=\"auto, (max-width: 980px) 100vw, 980px\" \/><\/a><figcaption id=\"caption-attachment-18870\" class=\"wp-caption-text\">Amcars p\u00e5 Elvefestivalen<\/figcaption><\/figure>\n<figure id=\"attachment_18865\" aria-describedby=\"caption-attachment-18865\" style=\"width: 1080px\" class=\"wp-caption aligncenter\"><a href=\"https:\/\/i0.wp.com\/terjebjornstad.com\/no\/wp-content\/uploads\/2018\/08\/nostedhallen-chevy-truck-1080x720.png?ssl=1\"><img data-recalc-dims=\"1\" loading=\"lazy\" decoding=\"async\" data-attachment-id=\"18865\" data-permalink=\"https:\/\/terjebjornstad.com\/no\/2018\/08\/26\/amcars-pa-elvefestivalen\/nostedhallen-chevy-truck-1080x720\/\" data-orig-file=\"https:\/\/i0.wp.com\/terjebjornstad.com\/no\/wp-content\/uploads\/2018\/08\/nostedhallen-chevy-truck-1080x720.png?fit=1080%2C720&amp;ssl=1\" data-orig-size=\"1080,720\" data-comments-opened=\"1\" data-image-meta=\"{&quot;aperture&quot;:&quot;0&quot;,&quot;credit&quot;:&quot;&quot;,&quot;camera&quot;:&quot;&quot;,&quot;caption&quot;:&quot;&quot;,&quot;created_timestamp&quot;:&quot;0&quot;,&quot;copyright&quot;:&quot;&quot;,&quot;focal_length&quot;:&quot;0&quot;,&quot;iso&quot;:&quot;0&quot;,&quot;shutter_speed&quot;:&quot;0&quot;,&quot;title&quot;:&quot;&quot;,&quot;orientation&quot;:&quot;0&quot;}\" data-image-title=\"nostedhallen-chevy-truck-1080&amp;#215;720\" data-image-description=\"\" data-image-caption=\"&lt;p&gt;Chevy 3100 1\/2 ton stepside truck.&lt;\/p&gt;\n\" data-large-file=\"https:\/\/i0.wp.com\/terjebjornstad.com\/no\/wp-content\/uploads\/2018\/08\/nostedhallen-chevy-truck-1080x720.png?fit=980%2C654&amp;ssl=1\" src=\"https:\/\/i0.wp.com\/terjebjornstad.com\/no\/wp-content\/uploads\/2018\/08\/nostedhallen-chevy-truck-1080x720.png?resize=980%2C653&#038;ssl=1\" alt=\"\" width=\"980\" height=\"653\" class=\"size-full wp-image-18865\" srcset=\"https:\/\/i0.wp.com\/terjebjornstad.com\/no\/wp-content\/uploads\/2018\/08\/nostedhallen-chevy-truck-1080x720.png?resize=1080%2C720&amp;ssl=1 1080w, https:\/\/i0.wp.com\/terjebjornstad.com\/no\/wp-content\/uploads\/2018\/08\/nostedhallen-chevy-truck-1080x720.png?resize=300%2C200&amp;ssl=1 300w, https:\/\/i0.wp.com\/terjebjornstad.com\/no\/wp-content\/uploads\/2018\/08\/nostedhallen-chevy-truck-1080x720.png?resize=768%2C512&amp;ssl=1 768w, https:\/\/i0.wp.com\/terjebjornstad.com\/no\/wp-content\/uploads\/2018\/08\/nostedhallen-chevy-truck-1080x720.png?resize=1024%2C683&amp;ssl=1 1024w, https:\/\/i0.wp.com\/terjebjornstad.com\/no\/wp-content\/uploads\/2018\/08\/nostedhallen-chevy-truck-1080x720.png?resize=690%2C460&amp;ssl=1 690w, https:\/\/i0.wp.com\/terjebjornstad.com\/no\/wp-content\/uploads\/2018\/08\/nostedhallen-chevy-truck-1080x720.png?resize=980%2C653&amp;ssl=1 980w\" sizes=\"auto, (max-width: 980px) 100vw, 980px\" \/><\/a><figcaption id=\"caption-attachment-18865\" class=\"wp-caption-text\">Chevy 3100 1\/2 ton stepside truck.<\/figcaption><\/figure>\n<figure id=\"attachment_18871\" aria-describedby=\"caption-attachment-18871\" style=\"width: 1080px\" class=\"wp-caption aligncenter\"><a href=\"https:\/\/i0.wp.com\/terjebjornstad.com\/no\/wp-content\/uploads\/2018\/08\/nostedhallen-ford-mustang-6-1080x720.png?ssl=1\"><img data-recalc-dims=\"1\" loading=\"lazy\" decoding=\"async\" data-attachment-id=\"18871\" data-permalink=\"https:\/\/terjebjornstad.com\/no\/2015-ford-mustang\/nostedhallen-ford-mustang-6-1080x720\/\" data-orig-file=\"https:\/\/i0.wp.com\/terjebjornstad.com\/no\/wp-content\/uploads\/2018\/08\/nostedhallen-ford-mustang-6-1080x720.png?fit=1080%2C720&amp;ssl=1\" data-orig-size=\"1080,720\" data-comments-opened=\"1\" data-image-meta=\"{&quot;aperture&quot;:&quot;0&quot;,&quot;credit&quot;:&quot;&quot;,&quot;camera&quot;:&quot;&quot;,&quot;caption&quot;:&quot;&quot;,&quot;created_timestamp&quot;:&quot;0&quot;,&quot;copyright&quot;:&quot;&quot;,&quot;focal_length&quot;:&quot;0&quot;,&quot;iso&quot;:&quot;0&quot;,&quot;shutter_speed&quot;:&quot;0&quot;,&quot;title&quot;:&quot;&quot;,&quot;orientation&quot;:&quot;0&quot;}\" data-image-title=\"nostedhallen-ford-mustang-6-1080&amp;#215;720\" data-image-description=\"\" data-image-caption=\"&lt;p&gt;Ford Mustang 6 med 2,3 EcoBoost. L\u00e5ter bra og g\u00e5r bra med turbo.&lt;\/p&gt;\n\" data-large-file=\"https:\/\/i0.wp.com\/terjebjornstad.com\/no\/wp-content\/uploads\/2018\/08\/nostedhallen-ford-mustang-6-1080x720.png?fit=980%2C654&amp;ssl=1\" src=\"https:\/\/i0.wp.com\/terjebjornstad.com\/no\/wp-content\/uploads\/2018\/08\/nostedhallen-ford-mustang-6-1080x720.png?resize=980%2C653&#038;ssl=1\" alt=\"\" width=\"980\" height=\"653\" class=\"size-full wp-image-18871\" srcset=\"https:\/\/i0.wp.com\/terjebjornstad.com\/no\/wp-content\/uploads\/2018\/08\/nostedhallen-ford-mustang-6-1080x720.png?resize=1080%2C720&amp;ssl=1 1080w, https:\/\/i0.wp.com\/terjebjornstad.com\/no\/wp-content\/uploads\/2018\/08\/nostedhallen-ford-mustang-6-1080x720.png?resize=300%2C200&amp;ssl=1 300w, https:\/\/i0.wp.com\/terjebjornstad.com\/no\/wp-content\/uploads\/2018\/08\/nostedhallen-ford-mustang-6-1080x720.png?resize=768%2C512&amp;ssl=1 768w, https:\/\/i0.wp.com\/terjebjornstad.com\/no\/wp-content\/uploads\/2018\/08\/nostedhallen-ford-mustang-6-1080x720.png?resize=1024%2C683&amp;ssl=1 1024w, https:\/\/i0.wp.com\/terjebjornstad.com\/no\/wp-content\/uploads\/2018\/08\/nostedhallen-ford-mustang-6-1080x720.png?resize=690%2C460&amp;ssl=1 690w, https:\/\/i0.wp.com\/terjebjornstad.com\/no\/wp-content\/uploads\/2018\/08\/nostedhallen-ford-mustang-6-1080x720.png?resize=980%2C653&amp;ssl=1 980w\" sizes=\"auto, (max-width: 980px) 100vw, 980px\" \/><\/a><figcaption id=\"caption-attachment-18871\" class=\"wp-caption-text\">Ford Mustang 6 med 2,3 EcoBoost. L\u00e5ter bra og g\u00e5r bra med turbo.<\/figcaption><\/figure>\n<figure id=\"attachment_18872\" aria-describedby=\"caption-attachment-18872\" style=\"width: 1080px\" class=\"wp-caption aligncenter\"><a href=\"https:\/\/i0.wp.com\/terjebjornstad.com\/no\/wp-content\/uploads\/2018\/08\/nostedhallen-li-l-red-truck-1080x720.png?ssl=1\"><img data-recalc-dims=\"1\" loading=\"lazy\" decoding=\"async\" data-attachment-id=\"18872\" data-permalink=\"https:\/\/terjebjornstad.com\/no\/2018\/08\/26\/amcars-pa-elvefestivalen\/nostedhallen-li-l-red-truck-1080x720\/\" data-orig-file=\"https:\/\/i0.wp.com\/terjebjornstad.com\/no\/wp-content\/uploads\/2018\/08\/nostedhallen-li-l-red-truck-1080x720.png?fit=1080%2C720&amp;ssl=1\" data-orig-size=\"1080,720\" data-comments-opened=\"1\" data-image-meta=\"{&quot;aperture&quot;:&quot;0&quot;,&quot;credit&quot;:&quot;&quot;,&quot;camera&quot;:&quot;&quot;,&quot;caption&quot;:&quot;&quot;,&quot;created_timestamp&quot;:&quot;0&quot;,&quot;copyright&quot;:&quot;&quot;,&quot;focal_length&quot;:&quot;0&quot;,&quot;iso&quot;:&quot;0&quot;,&quot;shutter_speed&quot;:&quot;0&quot;,&quot;title&quot;:&quot;&quot;,&quot;orientation&quot;:&quot;0&quot;}\" data-image-title=\"nostedhallen-li-l-red-truck-1080&amp;#215;720\" data-image-description=\"\" data-image-caption=\"&lt;p&gt;T\u00f8ffe Dodge &amp;laquo;Li&amp;#8217;l Red Express Truck&amp;raquo; ble tatt inn til Norge p\u00e5 slutten av 70-tallet. Jeg aner ikke hvor mange som har overlevd.&lt;\/p&gt;\n\" data-large-file=\"https:\/\/i0.wp.com\/terjebjornstad.com\/no\/wp-content\/uploads\/2018\/08\/nostedhallen-li-l-red-truck-1080x720.png?fit=980%2C654&amp;ssl=1\" src=\"https:\/\/i0.wp.com\/terjebjornstad.com\/no\/wp-content\/uploads\/2018\/08\/nostedhallen-li-l-red-truck-1080x720.png?resize=980%2C653&#038;ssl=1\" alt=\"\" width=\"980\" height=\"653\" class=\"size-full wp-image-18872\" srcset=\"https:\/\/i0.wp.com\/terjebjornstad.com\/no\/wp-content\/uploads\/2018\/08\/nostedhallen-li-l-red-truck-1080x720.png?resize=1080%2C720&amp;ssl=1 1080w, https:\/\/i0.wp.com\/terjebjornstad.com\/no\/wp-content\/uploads\/2018\/08\/nostedhallen-li-l-red-truck-1080x720.png?resize=300%2C200&amp;ssl=1 300w, https:\/\/i0.wp.com\/terjebjornstad.com\/no\/wp-content\/uploads\/2018\/08\/nostedhallen-li-l-red-truck-1080x720.png?resize=768%2C512&amp;ssl=1 768w, https:\/\/i0.wp.com\/terjebjornstad.com\/no\/wp-content\/uploads\/2018\/08\/nostedhallen-li-l-red-truck-1080x720.png?resize=1024%2C683&amp;ssl=1 1024w, https:\/\/i0.wp.com\/terjebjornstad.com\/no\/wp-content\/uploads\/2018\/08\/nostedhallen-li-l-red-truck-1080x720.png?resize=690%2C460&amp;ssl=1 690w, https:\/\/i0.wp.com\/terjebjornstad.com\/no\/wp-content\/uploads\/2018\/08\/nostedhallen-li-l-red-truck-1080x720.png?resize=980%2C653&amp;ssl=1 980w\" sizes=\"auto, (max-width: 980px) 100vw, 980px\" \/><\/a><figcaption id=\"caption-attachment-18872\" class=\"wp-caption-text\">T\u00f8ffe Dodge &laquo;Li&#8217;l Red Express Truck&raquo; ble tatt inn til Norge p\u00e5 slutten av 70-tallet. Jeg aner ikke hvor mange som har overlevd.<\/figcaption><\/figure>\n<figure id=\"attachment_18863\" aria-describedby=\"caption-attachment-18863\" style=\"width: 1080px\" class=\"wp-caption aligncenter\"><a href=\"https:\/\/i0.wp.com\/terjebjornstad.com\/no\/wp-content\/uploads\/2018\/08\/nostedhallen-chevy-c1-1080x720.png?ssl=1\"><img data-recalc-dims=\"1\" loading=\"lazy\" decoding=\"async\" data-attachment-id=\"18863\" data-permalink=\"https:\/\/terjebjornstad.com\/no\/1972-chevrolet-corvette-c3\/nostedhallen-chevy-c1-1080x720\/\" data-orig-file=\"https:\/\/i0.wp.com\/terjebjornstad.com\/no\/wp-content\/uploads\/2018\/08\/nostedhallen-chevy-c1-1080x720.png?fit=1080%2C720&amp;ssl=1\" data-orig-size=\"1080,720\" data-comments-opened=\"1\" data-image-meta=\"{&quot;aperture&quot;:&quot;0&quot;,&quot;credit&quot;:&quot;&quot;,&quot;camera&quot;:&quot;&quot;,&quot;caption&quot;:&quot;&quot;,&quot;created_timestamp&quot;:&quot;0&quot;,&quot;copyright&quot;:&quot;&quot;,&quot;focal_length&quot;:&quot;0&quot;,&quot;iso&quot;:&quot;0&quot;,&quot;shutter_speed&quot;:&quot;0&quot;,&quot;title&quot;:&quot;&quot;,&quot;orientation&quot;:&quot;0&quot;}\" data-image-title=\"Chevrolet Corvette C2\" data-image-description=\"\" data-image-caption=\"&lt;p&gt;Chevrolet Corvette C3 med flotte side pipes&lt;\/p&gt;\n\" data-large-file=\"https:\/\/i0.wp.com\/terjebjornstad.com\/no\/wp-content\/uploads\/2018\/08\/nostedhallen-chevy-c1-1080x720.png?fit=980%2C654&amp;ssl=1\" src=\"https:\/\/i0.wp.com\/terjebjornstad.com\/no\/wp-content\/uploads\/2018\/08\/nostedhallen-chevy-c1-1080x720.png?resize=980%2C653&#038;ssl=1\" alt=\"corvette c3\" width=\"980\" height=\"653\" class=\"size-full wp-image-18863\" srcset=\"https:\/\/i0.wp.com\/terjebjornstad.com\/no\/wp-content\/uploads\/2018\/08\/nostedhallen-chevy-c1-1080x720.png?resize=1080%2C720&amp;ssl=1 1080w, https:\/\/i0.wp.com\/terjebjornstad.com\/no\/wp-content\/uploads\/2018\/08\/nostedhallen-chevy-c1-1080x720.png?resize=300%2C200&amp;ssl=1 300w, https:\/\/i0.wp.com\/terjebjornstad.com\/no\/wp-content\/uploads\/2018\/08\/nostedhallen-chevy-c1-1080x720.png?resize=768%2C512&amp;ssl=1 768w, https:\/\/i0.wp.com\/terjebjornstad.com\/no\/wp-content\/uploads\/2018\/08\/nostedhallen-chevy-c1-1080x720.png?resize=1024%2C683&amp;ssl=1 1024w, https:\/\/i0.wp.com\/terjebjornstad.com\/no\/wp-content\/uploads\/2018\/08\/nostedhallen-chevy-c1-1080x720.png?resize=690%2C460&amp;ssl=1 690w, https:\/\/i0.wp.com\/terjebjornstad.com\/no\/wp-content\/uploads\/2018\/08\/nostedhallen-chevy-c1-1080x720.png?resize=980%2C653&amp;ssl=1 980w\" sizes=\"auto, (max-width: 980px) 100vw, 980px\" \/><\/a><figcaption id=\"caption-attachment-18863\" class=\"wp-caption-text\">Chevrolet Corvette C3 med flotte side pipes<\/figcaption><\/figure>\n<figure id=\"attachment_18864\" aria-describedby=\"caption-attachment-18864\" style=\"width: 1080px\" class=\"wp-caption aligncenter\"><a href=\"https:\/\/i0.wp.com\/terjebjornstad.com\/no\/wp-content\/uploads\/2018\/08\/nostedhallen-chevy-c1-stingray-1080x1080.png?ssl=1\"><img data-recalc-dims=\"1\" loading=\"lazy\" decoding=\"async\" data-attachment-id=\"18864\" data-permalink=\"https:\/\/terjebjornstad.com\/no\/chevrolet-corvette-c2\/nostedhallen-chevy-c1-stingray-1080x1080\/\" data-orig-file=\"https:\/\/i0.wp.com\/terjebjornstad.com\/no\/wp-content\/uploads\/2018\/08\/nostedhallen-chevy-c1-stingray-1080x1080.png?fit=1080%2C1080&amp;ssl=1\" data-orig-size=\"1080,1080\" data-comments-opened=\"1\" data-image-meta=\"{&quot;aperture&quot;:&quot;0&quot;,&quot;credit&quot;:&quot;&quot;,&quot;camera&quot;:&quot;&quot;,&quot;caption&quot;:&quot;&quot;,&quot;created_timestamp&quot;:&quot;0&quot;,&quot;copyright&quot;:&quot;&quot;,&quot;focal_length&quot;:&quot;0&quot;,&quot;iso&quot;:&quot;0&quot;,&quot;shutter_speed&quot;:&quot;0&quot;,&quot;title&quot;:&quot;&quot;,&quot;orientation&quot;:&quot;0&quot;}\" data-image-title=\"Chevrolet Corvette C2 Convertible\" data-image-description=\"\" data-image-caption=\"&lt;p&gt;Chevrolet Corvette String Ray Convertible med 327-motor&lt;\/p&gt;\n\" data-large-file=\"https:\/\/i0.wp.com\/terjebjornstad.com\/no\/wp-content\/uploads\/2018\/08\/nostedhallen-chevy-c1-stingray-1080x1080.png?fit=980%2C980&amp;ssl=1\" src=\"https:\/\/i0.wp.com\/terjebjornstad.com\/no\/wp-content\/uploads\/2018\/08\/nostedhallen-chevy-c1-stingray-1080x1080.png?resize=980%2C980&#038;ssl=1\" alt=\"\" width=\"980\" height=\"980\" class=\"size-full wp-image-18864\" srcset=\"https:\/\/i0.wp.com\/terjebjornstad.com\/no\/wp-content\/uploads\/2018\/08\/nostedhallen-chevy-c1-stingray-1080x1080.png?resize=1080%2C1080&amp;ssl=1 1080w, https:\/\/i0.wp.com\/terjebjornstad.com\/no\/wp-content\/uploads\/2018\/08\/nostedhallen-chevy-c1-stingray-1080x1080.png?resize=150%2C150&amp;ssl=1 150w, https:\/\/i0.wp.com\/terjebjornstad.com\/no\/wp-content\/uploads\/2018\/08\/nostedhallen-chevy-c1-stingray-1080x1080.png?resize=300%2C300&amp;ssl=1 300w, https:\/\/i0.wp.com\/terjebjornstad.com\/no\/wp-content\/uploads\/2018\/08\/nostedhallen-chevy-c1-stingray-1080x1080.png?resize=768%2C768&amp;ssl=1 768w, https:\/\/i0.wp.com\/terjebjornstad.com\/no\/wp-content\/uploads\/2018\/08\/nostedhallen-chevy-c1-stingray-1080x1080.png?resize=1024%2C1024&amp;ssl=1 1024w, https:\/\/i0.wp.com\/terjebjornstad.com\/no\/wp-content\/uploads\/2018\/08\/nostedhallen-chevy-c1-stingray-1080x1080.png?resize=690%2C690&amp;ssl=1 690w, https:\/\/i0.wp.com\/terjebjornstad.com\/no\/wp-content\/uploads\/2018\/08\/nostedhallen-chevy-c1-stingray-1080x1080.png?resize=980%2C980&amp;ssl=1 980w, https:\/\/i0.wp.com\/terjebjornstad.com\/no\/wp-content\/uploads\/2018\/08\/nostedhallen-chevy-c1-stingray-1080x1080.png?resize=50%2C50&amp;ssl=1 50w\" sizes=\"auto, (max-width: 980px) 100vw, 980px\" \/><\/a><figcaption id=\"caption-attachment-18864\" class=\"wp-caption-text\">Chevrolet Corvette String Ray Convertible med 327-motor<\/figcaption><\/figure>\n<p><figure id=\"attachment_18866\" aria-describedby=\"caption-attachment-18866\" style=\"width: 1080px\" class=\"wp-caption aligncenter\"><a href=\"https:\/\/i0.wp.com\/terjebjornstad.com\/no\/wp-content\/uploads\/2018\/08\/nostedhallen-dodge-challenger-1-1080x720.png?ssl=1\"><img data-recalc-dims=\"1\" loading=\"lazy\" decoding=\"async\" data-attachment-id=\"18866\" data-permalink=\"https:\/\/terjebjornstad.com\/no\/dodge-challenger-1-3\/nostedhallen-dodge-challenger-1-1080x720\/\" data-orig-file=\"https:\/\/i0.wp.com\/terjebjornstad.com\/no\/wp-content\/uploads\/2018\/08\/nostedhallen-dodge-challenger-1-1080x720.png?fit=1080%2C720&amp;ssl=1\" data-orig-size=\"1080,720\" data-comments-opened=\"1\" data-image-meta=\"{&quot;aperture&quot;:&quot;0&quot;,&quot;credit&quot;:&quot;&quot;,&quot;camera&quot;:&quot;&quot;,&quot;caption&quot;:&quot;&quot;,&quot;created_timestamp&quot;:&quot;0&quot;,&quot;copyright&quot;:&quot;&quot;,&quot;focal_length&quot;:&quot;0&quot;,&quot;iso&quot;:&quot;0&quot;,&quot;shutter_speed&quot;:&quot;0&quot;,&quot;title&quot;:&quot;&quot;,&quot;orientation&quot;:&quot;0&quot;}\" data-image-title=\"nostedhallen-dodge-challenger-1-1080\u00d7720\" data-image-description=\"\" data-image-caption=\"&lt;p&gt;Dodge Challenger 1&lt;\/p&gt;\n\" data-large-file=\"https:\/\/i0.wp.com\/terjebjornstad.com\/no\/wp-content\/uploads\/2018\/08\/nostedhallen-dodge-challenger-1-1080x720.png?fit=980%2C654&amp;ssl=1\" src=\"https:\/\/i0.wp.com\/terjebjornstad.com\/no\/wp-content\/uploads\/2018\/08\/nostedhallen-dodge-challenger-1-1080x720.png?resize=980%2C653&#038;ssl=1\" alt=\"\" width=\"980\" height=\"653\" class=\"size-full wp-image-18866\" srcset=\"https:\/\/i0.wp.com\/terjebjornstad.com\/no\/wp-content\/uploads\/2018\/08\/nostedhallen-dodge-challenger-1-1080x720.png?resize=1080%2C720&amp;ssl=1 1080w, https:\/\/i0.wp.com\/terjebjornstad.com\/no\/wp-content\/uploads\/2018\/08\/nostedhallen-dodge-challenger-1-1080x720.png?resize=300%2C200&amp;ssl=1 300w, https:\/\/i0.wp.com\/terjebjornstad.com\/no\/wp-content\/uploads\/2018\/08\/nostedhallen-dodge-challenger-1-1080x720.png?resize=768%2C512&amp;ssl=1 768w, https:\/\/i0.wp.com\/terjebjornstad.com\/no\/wp-content\/uploads\/2018\/08\/nostedhallen-dodge-challenger-1-1080x720.png?resize=1024%2C683&amp;ssl=1 1024w, https:\/\/i0.wp.com\/terjebjornstad.com\/no\/wp-content\/uploads\/2018\/08\/nostedhallen-dodge-challenger-1-1080x720.png?resize=690%2C460&amp;ssl=1 690w, https:\/\/i0.wp.com\/terjebjornstad.com\/no\/wp-content\/uploads\/2018\/08\/nostedhallen-dodge-challenger-1-1080x720.png?resize=980%2C653&amp;ssl=1 980w\" sizes=\"auto, (max-width: 980px) 100vw, 980px\" \/><\/a><figcaption id=\"caption-attachment-18866\" class=\"wp-caption-text\">Dodge Challenger 1<\/figcaption><\/figure><\/p>\n<p><figure id=\"attachment_52244\" aria-describedby=\"caption-attachment-52244\" style=\"width: 1080px\" class=\"wp-caption aligncenter\"><a href=\"https:\/\/i0.wp.com\/terjebjornstad.com\/no\/wp-content\/uploads\/2022\/08\/nostedhallen-dodge-challenger-2-1080x720-2.jpg?ssl=1\"><img data-recalc-dims=\"1\" loading=\"lazy\" decoding=\"async\" data-attachment-id=\"52244\" data-permalink=\"https:\/\/terjebjornstad.com\/no\/dodge-challenger-1-3\/nostedhallen-dodge-challenger-2-1080x720-2\/\" data-orig-file=\"https:\/\/i0.wp.com\/terjebjornstad.com\/no\/wp-content\/uploads\/2022\/08\/nostedhallen-dodge-challenger-2-1080x720-2.jpg?fit=1080%2C720&amp;ssl=1\" data-orig-size=\"1080,720\" data-comments-opened=\"1\" data-image-meta=\"{&quot;aperture&quot;:&quot;0&quot;,&quot;credit&quot;:&quot;&quot;,&quot;camera&quot;:&quot;&quot;,&quot;caption&quot;:&quot;&quot;,&quot;created_timestamp&quot;:&quot;0&quot;,&quot;copyright&quot;:&quot;&quot;,&quot;focal_length&quot;:&quot;0&quot;,&quot;iso&quot;:&quot;0&quot;,&quot;shutter_speed&quot;:&quot;0&quot;,&quot;title&quot;:&quot;&quot;,&quot;orientation&quot;:&quot;0&quot;}\" data-image-title=\"nostedhallen-dodge-challenger-2-1080&amp;#215;720-2\" data-image-description=\"\" data-image-caption=\"&lt;p&gt;1971 Dodge Challenger.&lt;\/p&gt;\n\" data-large-file=\"https:\/\/i0.wp.com\/terjebjornstad.com\/no\/wp-content\/uploads\/2022\/08\/nostedhallen-dodge-challenger-2-1080x720-2.jpg?fit=980%2C653&amp;ssl=1\" src=\"https:\/\/i0.wp.com\/terjebjornstad.com\/no\/wp-content\/uploads\/2022\/08\/nostedhallen-dodge-challenger-2-1080x720-2.jpg?resize=980%2C653&#038;ssl=1\" alt=\"\" width=\"980\" height=\"653\" class=\"size-full wp-image-52244\" srcset=\"https:\/\/i0.wp.com\/terjebjornstad.com\/no\/wp-content\/uploads\/2022\/08\/nostedhallen-dodge-challenger-2-1080x720-2.jpg?w=1080&amp;ssl=1 1080w, https:\/\/i0.wp.com\/terjebjornstad.com\/no\/wp-content\/uploads\/2022\/08\/nostedhallen-dodge-challenger-2-1080x720-2.jpg?resize=300%2C200&amp;ssl=1 300w, https:\/\/i0.wp.com\/terjebjornstad.com\/no\/wp-content\/uploads\/2022\/08\/nostedhallen-dodge-challenger-2-1080x720-2.jpg?resize=768%2C512&amp;ssl=1 768w, https:\/\/i0.wp.com\/terjebjornstad.com\/no\/wp-content\/uploads\/2022\/08\/nostedhallen-dodge-challenger-2-1080x720-2.jpg?resize=690%2C460&amp;ssl=1 690w, https:\/\/i0.wp.com\/terjebjornstad.com\/no\/wp-content\/uploads\/2022\/08\/nostedhallen-dodge-challenger-2-1080x720-2.jpg?resize=980%2C653&amp;ssl=1 980w\" sizes=\"auto, (max-width: 980px) 100vw, 980px\" \/><\/a><figcaption id=\"caption-attachment-52244\" class=\"wp-caption-text\">1971 Dodge Challenger.<\/figcaption><\/figure><\/p>\n<figure id=\"attachment_18868\" aria-describedby=\"caption-attachment-18868\" style=\"width: 1080px\" class=\"wp-caption aligncenter\"><a href=\"https:\/\/i0.wp.com\/terjebjornstad.com\/no\/wp-content\/uploads\/2018\/08\/nostedhallen-dodge-challenger-rt-1-1080x720.png?ssl=1\"><img data-recalc-dims=\"1\" loading=\"lazy\" decoding=\"async\" data-attachment-id=\"18868\" data-permalink=\"https:\/\/terjebjornstad.com\/no\/dodge-challenger\/nostedhallen-dodge-challenger-rt-1-1080x720\/\" data-orig-file=\"https:\/\/i0.wp.com\/terjebjornstad.com\/no\/wp-content\/uploads\/2018\/08\/nostedhallen-dodge-challenger-rt-1-1080x720.png?fit=1080%2C720&amp;ssl=1\" data-orig-size=\"1080,720\" data-comments-opened=\"1\" data-image-meta=\"{&quot;aperture&quot;:&quot;0&quot;,&quot;credit&quot;:&quot;&quot;,&quot;camera&quot;:&quot;&quot;,&quot;caption&quot;:&quot;&quot;,&quot;created_timestamp&quot;:&quot;0&quot;,&quot;copyright&quot;:&quot;&quot;,&quot;focal_length&quot;:&quot;0&quot;,&quot;iso&quot;:&quot;0&quot;,&quot;shutter_speed&quot;:&quot;0&quot;,&quot;title&quot;:&quot;&quot;,&quot;orientation&quot;:&quot;0&quot;}\" data-image-title=\"Dodge Challenger R\/T\" data-image-description=\"\" data-image-caption=\"&lt;p&gt;Dodge Challenger 3&lt;\/p&gt;\n\" data-large-file=\"https:\/\/i0.wp.com\/terjebjornstad.com\/no\/wp-content\/uploads\/2018\/08\/nostedhallen-dodge-challenger-rt-1-1080x720.png?fit=980%2C654&amp;ssl=1\" src=\"https:\/\/i0.wp.com\/terjebjornstad.com\/no\/wp-content\/uploads\/2018\/08\/nostedhallen-dodge-challenger-rt-1-1080x720.png?resize=980%2C653&#038;ssl=1\" alt=\"\" width=\"980\" height=\"653\" class=\"size-full wp-image-18868\" srcset=\"https:\/\/i0.wp.com\/terjebjornstad.com\/no\/wp-content\/uploads\/2018\/08\/nostedhallen-dodge-challenger-rt-1-1080x720.png?resize=1080%2C720&amp;ssl=1 1080w, https:\/\/i0.wp.com\/terjebjornstad.com\/no\/wp-content\/uploads\/2018\/08\/nostedhallen-dodge-challenger-rt-1-1080x720.png?resize=300%2C200&amp;ssl=1 300w, https:\/\/i0.wp.com\/terjebjornstad.com\/no\/wp-content\/uploads\/2018\/08\/nostedhallen-dodge-challenger-rt-1-1080x720.png?resize=768%2C512&amp;ssl=1 768w, https:\/\/i0.wp.com\/terjebjornstad.com\/no\/wp-content\/uploads\/2018\/08\/nostedhallen-dodge-challenger-rt-1-1080x720.png?resize=1024%2C683&amp;ssl=1 1024w, https:\/\/i0.wp.com\/terjebjornstad.com\/no\/wp-content\/uploads\/2018\/08\/nostedhallen-dodge-challenger-rt-1-1080x720.png?resize=690%2C460&amp;ssl=1 690w, https:\/\/i0.wp.com\/terjebjornstad.com\/no\/wp-content\/uploads\/2018\/08\/nostedhallen-dodge-challenger-rt-1-1080x720.png?resize=980%2C653&amp;ssl=1 980w\" sizes=\"auto, (max-width: 980px) 100vw, 980px\" \/><\/a><figcaption id=\"caption-attachment-18868\" class=\"wp-caption-text\">Dodge Challenger 3<\/figcaption><\/figure>\n<figure id=\"attachment_18869\" aria-describedby=\"caption-attachment-18869\" style=\"width: 1080px\" class=\"wp-caption aligncenter\"><a href=\"https:\/\/i0.wp.com\/terjebjornstad.com\/no\/wp-content\/uploads\/2018\/08\/nostedhallen-ferrari-1080x720.png?ssl=1\"><img data-recalc-dims=\"1\" loading=\"lazy\" decoding=\"async\" data-attachment-id=\"18869\" data-permalink=\"https:\/\/terjebjornstad.com\/no\/2010-ferrari-430\/nostedhallen-ferrari-1080x720\/\" data-orig-file=\"https:\/\/i0.wp.com\/terjebjornstad.com\/no\/wp-content\/uploads\/2018\/08\/nostedhallen-ferrari-1080x720.png?fit=1080%2C720&amp;ssl=1\" data-orig-size=\"1080,720\" data-comments-opened=\"1\" data-image-meta=\"{&quot;aperture&quot;:&quot;0&quot;,&quot;credit&quot;:&quot;&quot;,&quot;camera&quot;:&quot;&quot;,&quot;caption&quot;:&quot;&quot;,&quot;created_timestamp&quot;:&quot;0&quot;,&quot;copyright&quot;:&quot;&quot;,&quot;focal_length&quot;:&quot;0&quot;,&quot;iso&quot;:&quot;0&quot;,&quot;shutter_speed&quot;:&quot;0&quot;,&quot;title&quot;:&quot;&quot;,&quot;orientation&quot;:&quot;0&quot;}\" data-image-title=\"Ferrari 430 Spider\" data-image-description=\"\" data-image-caption=\"&lt;p&gt;Ferrari 430 Spider&lt;\/p&gt;\n\" data-large-file=\"https:\/\/i0.wp.com\/terjebjornstad.com\/no\/wp-content\/uploads\/2018\/08\/nostedhallen-ferrari-1080x720.png?fit=980%2C654&amp;ssl=1\" src=\"https:\/\/i0.wp.com\/terjebjornstad.com\/no\/wp-content\/uploads\/2018\/08\/nostedhallen-ferrari-1080x720.png?resize=980%2C653&#038;ssl=1\" alt=\"ferrari 430\" width=\"980\" height=\"653\" class=\"size-full wp-image-18869\" srcset=\"https:\/\/i0.wp.com\/terjebjornstad.com\/no\/wp-content\/uploads\/2018\/08\/nostedhallen-ferrari-1080x720.png?resize=1080%2C720&amp;ssl=1 1080w, https:\/\/i0.wp.com\/terjebjornstad.com\/no\/wp-content\/uploads\/2018\/08\/nostedhallen-ferrari-1080x720.png?resize=300%2C200&amp;ssl=1 300w, https:\/\/i0.wp.com\/terjebjornstad.com\/no\/wp-content\/uploads\/2018\/08\/nostedhallen-ferrari-1080x720.png?resize=768%2C512&amp;ssl=1 768w, https:\/\/i0.wp.com\/terjebjornstad.com\/no\/wp-content\/uploads\/2018\/08\/nostedhallen-ferrari-1080x720.png?resize=1024%2C683&amp;ssl=1 1024w, https:\/\/i0.wp.com\/terjebjornstad.com\/no\/wp-content\/uploads\/2018\/08\/nostedhallen-ferrari-1080x720.png?resize=690%2C460&amp;ssl=1 690w, https:\/\/i0.wp.com\/terjebjornstad.com\/no\/wp-content\/uploads\/2018\/08\/nostedhallen-ferrari-1080x720.png?resize=980%2C653&amp;ssl=1 980w\" sizes=\"auto, (max-width: 980px) 100vw, 980px\" \/><\/a><figcaption id=\"caption-attachment-18869\" class=\"wp-caption-text\">Ferrari 430 Spider<\/figcaption><\/figure>\n<figure id=\"attachment_18862\" aria-describedby=\"caption-attachment-18862\" style=\"width: 1080px\" class=\"wp-caption aligncenter\"><a href=\"https:\/\/i0.wp.com\/terjebjornstad.com\/no\/wp-content\/uploads\/2018\/08\/nostedhallen-1080x720.png?ssl=1\"><img data-recalc-dims=\"1\" loading=\"lazy\" decoding=\"async\" data-attachment-id=\"18862\" data-permalink=\"https:\/\/terjebjornstad.com\/no\/2018\/08\/26\/amcars-pa-elvefestivalen\/nostedhallen-1080x720\/\" data-orig-file=\"https:\/\/i0.wp.com\/terjebjornstad.com\/no\/wp-content\/uploads\/2018\/08\/nostedhallen-1080x720.png?fit=1080%2C720&amp;ssl=1\" data-orig-size=\"1080,720\" data-comments-opened=\"1\" data-image-meta=\"{&quot;aperture&quot;:&quot;0&quot;,&quot;credit&quot;:&quot;&quot;,&quot;camera&quot;:&quot;&quot;,&quot;caption&quot;:&quot;&quot;,&quot;created_timestamp&quot;:&quot;0&quot;,&quot;copyright&quot;:&quot;&quot;,&quot;focal_length&quot;:&quot;0&quot;,&quot;iso&quot;:&quot;0&quot;,&quot;shutter_speed&quot;:&quot;0&quot;,&quot;title&quot;:&quot;&quot;,&quot;orientation&quot;:&quot;0&quot;}\" data-image-title=\"nostedhallen-1080&amp;#215;720\" data-image-description=\"\" data-image-caption=\"&lt;p&gt;Brygga foran N\u00f8stedhallen i Drammen. Chrysler Imperial fra tidlig 80-tall i forgrunnen.&lt;\/p&gt;\n\" data-large-file=\"https:\/\/i0.wp.com\/terjebjornstad.com\/no\/wp-content\/uploads\/2018\/08\/nostedhallen-1080x720.png?fit=980%2C654&amp;ssl=1\" src=\"https:\/\/i0.wp.com\/terjebjornstad.com\/no\/wp-content\/uploads\/2018\/08\/nostedhallen-1080x720.png?resize=980%2C653&#038;ssl=1\" alt=\"\" width=\"980\" height=\"653\" class=\"size-full wp-image-18862\" srcset=\"https:\/\/i0.wp.com\/terjebjornstad.com\/no\/wp-content\/uploads\/2018\/08\/nostedhallen-1080x720.png?resize=1080%2C720&amp;ssl=1 1080w, https:\/\/i0.wp.com\/terjebjornstad.com\/no\/wp-content\/uploads\/2018\/08\/nostedhallen-1080x720.png?resize=300%2C200&amp;ssl=1 300w, https:\/\/i0.wp.com\/terjebjornstad.com\/no\/wp-content\/uploads\/2018\/08\/nostedhallen-1080x720.png?resize=768%2C512&amp;ssl=1 768w, https:\/\/i0.wp.com\/terjebjornstad.com\/no\/wp-content\/uploads\/2018\/08\/nostedhallen-1080x720.png?resize=1024%2C683&amp;ssl=1 1024w, https:\/\/i0.wp.com\/terjebjornstad.com\/no\/wp-content\/uploads\/2018\/08\/nostedhallen-1080x720.png?resize=690%2C460&amp;ssl=1 690w, https:\/\/i0.wp.com\/terjebjornstad.com\/no\/wp-content\/uploads\/2018\/08\/nostedhallen-1080x720.png?resize=980%2C653&amp;ssl=1 980w\" sizes=\"auto, (max-width: 980px) 100vw, 980px\" \/><\/a><figcaption id=\"caption-attachment-18862\" class=\"wp-caption-text\">Brygga foran N\u00f8stedhallen i Drammen. Chrysler Imperial fra tidlig 80-tall i forgrunnen.<\/figcaption><\/figure>\n\n<h3 class=\"tebh2\">Se ogs\u00e5<\/h3>\n<figure id=\"attachment_18856\" aria-describedby=\"caption-attachment-18856\" style=\"width: 150px\" class=\"wp-caption alignleft\"><a href=\"https:\/\/terjebjornstad.com\/no\/2018\/08\/28\/mercedes-benz-c180-coupe\/\"><img data-recalc-dims=\"1\" loading=\"lazy\" decoding=\"async\" data-attachment-id=\"18856\" data-permalink=\"https:\/\/terjebjornstad.com\/no\/2018\/08\/28\/mercedes-benz-c180-coupe\/mercedes-benz-c180-w204-3-1080x720\/\" data-orig-file=\"https:\/\/i0.wp.com\/terjebjornstad.com\/no\/wp-content\/uploads\/2018\/08\/mercedes-benz-c180-w204-3-1080x720.png?fit=1080%2C720&amp;ssl=1\" data-orig-size=\"1080,720\" data-comments-opened=\"1\" data-image-meta=\"{&quot;aperture&quot;:&quot;0&quot;,&quot;credit&quot;:&quot;&quot;,&quot;camera&quot;:&quot;&quot;,&quot;caption&quot;:&quot;&quot;,&quot;created_timestamp&quot;:&quot;0&quot;,&quot;copyright&quot;:&quot;&quot;,&quot;focal_length&quot;:&quot;0&quot;,&quot;iso&quot;:&quot;0&quot;,&quot;shutter_speed&quot;:&quot;0&quot;,&quot;title&quot;:&quot;&quot;,&quot;orientation&quot;:&quot;0&quot;}\" data-image-title=\"mercedes-benz-c180-w204-3-1080&amp;#215;720\" data-image-description=\"\" data-image-caption=\"&lt;p&gt;Mercedes-Benz C180 Coupe&lt;\/p&gt;\n\" data-large-file=\"https:\/\/i0.wp.com\/terjebjornstad.com\/no\/wp-content\/uploads\/2018\/08\/mercedes-benz-c180-w204-3-1080x720.png?fit=980%2C654&amp;ssl=1\" src=\"https:\/\/i0.wp.com\/terjebjornstad.com\/no\/wp-content\/uploads\/2018\/08\/mercedes-benz-c180-w204-3-1080x720.png?resize=150%2C150&#038;ssl=1\" alt=\"n\u00f8sted\" width=\"150\" height=\"150\" class=\"size-thumbnail wp-image-18856\" srcset=\"https:\/\/i0.wp.com\/terjebjornstad.com\/no\/wp-content\/uploads\/2018\/08\/mercedes-benz-c180-w204-3-1080x720.png?resize=150%2C150&amp;ssl=1 150w, https:\/\/i0.wp.com\/terjebjornstad.com\/no\/wp-content\/uploads\/2018\/08\/mercedes-benz-c180-w204-3-1080x720.png?resize=50%2C50&amp;ssl=1 50w, https:\/\/i0.wp.com\/terjebjornstad.com\/no\/wp-content\/uploads\/2018\/08\/mercedes-benz-c180-w204-3-1080x720.png?zoom=2&amp;resize=150%2C150&amp;ssl=1 300w, https:\/\/i0.wp.com\/terjebjornstad.com\/no\/wp-content\/uploads\/2018\/08\/mercedes-benz-c180-w204-3-1080x720.png?zoom=3&amp;resize=150%2C150&amp;ssl=1 450w\" sizes=\"auto, (max-width: 150px) 100vw, 150px\" \/><\/a><figcaption id=\"caption-attachment-18856\" class=\"wp-caption-text\">Mercedes-Benz C180 Coupe<\/figcaption><\/figure>\n\n<p><a href=\"https:\/\/www.nostedbrygge.no\/\" target=\"_blank\" rel=\"noopener\"><strong>N\u00f8sted Brygge<\/strong><\/a><br \/>\n<\/p>\n<\/div>\n","protected":false,"gt_translate_keys":[{"key":"rendered","format":"html"}]},"excerpt":{"rendered":"<p>I \u00e5r ble Amcar-utstillingen holdt ved N\u00f8sted Brygge foran N\u00f8sted hallen s\u00f8r for Drammen. Jeg tror ikke det var like mye publikum som i fjor, da utstillingen ble holdt i parken. Men lokasjonen passet godt til et arrangement som dette. Omr\u00e5det var under ombygging. Fra \u00e5 v\u00e6re et omr\u00e5de med n\u00e6ringsvirksomhet skal bygningsmassen p\u00e5 N\u00f8sted [&hellip;]<\/p>\n","protected":false,"gt_translate_keys":[{"key":"rendered","format":"html"}]},"author":1,"featured_media":18870,"comment_status":"open","ping_status":"open","sticky":false,"template":"","format":"gallery","meta":{"_monsterinsights_skip_tracking":false,"_monsterinsights_sitenote_active":false,"_monsterinsights_sitenote_note":"","_monsterinsights_sitenote_category":0,"jetpack_post_was_ever_published":false,"_jetpack_newsletter_access":"","_jetpack_dont_email_post_to_subs":false,"_jetpack_newsletter_tier_id":0,"_jetpack_memberships_contains_paywalled_content":false,"_jetpack_memberships_contains_paid_content":false,"footnotes":"","jetpack_publicize_message":"","jetpack_publicize_feature_enabled":true,"jetpack_social_post_already_shared":true,"jetpack_social_options":{"image_generator_settings":{"template":"highway","default_image_id":0,"font":"","enabled":false},"version":2}},"categories":[1437,34,28,1903,17],"tags":[1905,1908,1904,1907,1906],"class_list":["post-18873","post","type-post","status-publish","format-gallery","has-post-thumbnail","hentry","category-amcar","category-artikkel","category-chevrolet","category-dodge","category-ford","tag-amcar-elvefestivalen","tag-dodge-lil-red","tag-elvefestivalen-amcar","tag-ford-gt","tag-nosted-brygge","post_format-post-format-gallery"],"yoast_head":"<!-- This site is optimized with the Yoast SEO plugin v27.5 - https:\/\/yoast.com\/product\/yoast-seo-wordpress\/ -->\n<title>Amcars p\u00e5 Elvefestivalen - Terjes biler - N\u00f8sted brygge<\/title>\n<meta name=\"description\" content=\"N\u00f8sted brygge var stedet for Amcar treffet i forbindelse med Elvefestivalen i Drammen 2018. V\u00e6ret var flott og bilene skinte!\" \/>\n<meta name=\"robots\" content=\"index, follow, max-snippet:-1, max-image-preview:large, max-video-preview:-1\" \/>\n<link rel=\"canonical\" href=\"https:\/\/terjebjornstad.com\/no\/2018\/08\/26\/amcars-pa-elvefestivalen\/\" \/>\n<meta property=\"og:locale\" content=\"nb_NO\" \/>\n<meta property=\"og:type\" content=\"article\" \/>\n<meta property=\"og:title\" content=\"Amcars p\u00e5 Elvefestivalen - Terjes biler - N\u00f8sted brygge\" \/>\n<meta property=\"og:description\" content=\"N\u00f8sted brygge var stedet for Amcar treffet i forbindelse med Elvefestivalen i Drammen 2018. V\u00e6ret var flott og bilene skinte!\" \/>\n<meta property=\"og:url\" content=\"https:\/\/terjebjornstad.com\/no\/2018\/08\/26\/amcars-pa-elvefestivalen\/\" \/>\n<meta property=\"og:site_name\" content=\"Terjes biler\" \/>\n<meta property=\"article:publisher\" content=\"https:\/\/www.facebook.com\/terjesbiler\/\" \/>\n<meta property=\"article:author\" content=\"https:\/\/www.facebook.com\/terjesbiler\" \/>\n<meta property=\"article:published_time\" content=\"2018-08-26T23:24:04+00:00\" \/>\n<meta property=\"article:modified_time\" content=\"2026-03-02T23:44:55+00:00\" \/>\n<meta property=\"og:image\" content=\"https:\/\/terjebjornstad.com\/no\/wp-content\/uploads\/2018\/08\/nostedhallen-ford-gt-1-1080x720.png\" \/>\n\t<meta property=\"og:image:width\" content=\"1080\" \/>\n\t<meta property=\"og:image:height\" content=\"720\" \/>\n\t<meta property=\"og:image:type\" content=\"image\/png\" \/>\n<meta name=\"author\" content=\"Terje Bj\u00f8rnstad\" \/>\n<meta name=\"twitter:card\" content=\"summary_large_image\" \/>\n<meta name=\"twitter:label1\" content=\"Skrevet av\" \/>\n\t<meta name=\"twitter:data1\" content=\"Terje Bj\u00f8rnstad\" \/>\n\t<meta name=\"twitter:label2\" content=\"Ansl. lesetid\" \/>\n\t<meta name=\"twitter:data2\" content=\"4 minutter\" \/>\n<script type=\"application\/ld+json\" class=\"yoast-schema-graph\">{\"@context\":\"https:\\\/\\\/schema.org\",\"@graph\":[{\"@type\":\"Article\",\"@id\":\"https:\\\/\\\/terjebjornstad.com\\\/no\\\/2018\\\/08\\\/26\\\/amcars-pa-elvefestivalen\\\/#article\",\"isPartOf\":{\"@id\":\"https:\\\/\\\/terjebjornstad.com\\\/no\\\/2018\\\/08\\\/26\\\/amcars-pa-elvefestivalen\\\/\"},\"author\":{\"name\":\"Terje Bj\u00f8rnstad\",\"@id\":\"https:\\\/\\\/terjebjornstad.com\\\/no\\\/#\\\/schema\\\/person\\\/a281f6a6e0f3cc9fe468e7f0c655aa65\"},\"headline\":\"Amcars p\u00e5 Elvefestivalen\",\"datePublished\":\"2018-08-26T23:24:04+00:00\",\"dateModified\":\"2026-03-02T23:44:55+00:00\",\"mainEntityOfPage\":{\"@id\":\"https:\\\/\\\/terjebjornstad.com\\\/no\\\/2018\\\/08\\\/26\\\/amcars-pa-elvefestivalen\\\/\"},\"wordCount\":275,\"commentCount\":0,\"publisher\":{\"@id\":\"https:\\\/\\\/terjebjornstad.com\\\/no\\\/#organization\"},\"image\":{\"@id\":\"https:\\\/\\\/terjebjornstad.com\\\/no\\\/2018\\\/08\\\/26\\\/amcars-pa-elvefestivalen\\\/#primaryimage\"},\"thumbnailUrl\":\"https:\\\/\\\/i0.wp.com\\\/terjebjornstad.com\\\/no\\\/wp-content\\\/uploads\\\/2018\\\/08\\\/nostedhallen-ford-gt-1-1080x720.png?fit=1080%2C720&ssl=1\",\"keywords\":[\"amcar elvefestivalen\",\"dodge lil red\",\"elvefestivalen amcar\",\"ford gt\",\"n\u00f8sted brygge\"],\"articleSection\":[\"Amcar\",\"Artikkel\",\"Chevrolet\",\"Dodge\",\"Ford\"],\"inLanguage\":\"nb-NO\",\"potentialAction\":[{\"@type\":\"CommentAction\",\"name\":\"Comment\",\"target\":[\"https:\\\/\\\/terjebjornstad.com\\\/no\\\/2018\\\/08\\\/26\\\/amcars-pa-elvefestivalen\\\/#respond\"]}]},{\"@type\":\"WebPage\",\"@id\":\"https:\\\/\\\/terjebjornstad.com\\\/no\\\/2018\\\/08\\\/26\\\/amcars-pa-elvefestivalen\\\/\",\"url\":\"https:\\\/\\\/terjebjornstad.com\\\/no\\\/2018\\\/08\\\/26\\\/amcars-pa-elvefestivalen\\\/\",\"name\":\"Amcars p\u00e5 Elvefestivalen - Terjes biler - N\u00f8sted brygge\",\"isPartOf\":{\"@id\":\"https:\\\/\\\/terjebjornstad.com\\\/no\\\/#website\"},\"primaryImageOfPage\":{\"@id\":\"https:\\\/\\\/terjebjornstad.com\\\/no\\\/2018\\\/08\\\/26\\\/amcars-pa-elvefestivalen\\\/#primaryimage\"},\"image\":{\"@id\":\"https:\\\/\\\/terjebjornstad.com\\\/no\\\/2018\\\/08\\\/26\\\/amcars-pa-elvefestivalen\\\/#primaryimage\"},\"thumbnailUrl\":\"https:\\\/\\\/i0.wp.com\\\/terjebjornstad.com\\\/no\\\/wp-content\\\/uploads\\\/2018\\\/08\\\/nostedhallen-ford-gt-1-1080x720.png?fit=1080%2C720&ssl=1\",\"datePublished\":\"2018-08-26T23:24:04+00:00\",\"dateModified\":\"2026-03-02T23:44:55+00:00\",\"description\":\"N\u00f8sted brygge var stedet for Amcar treffet i forbindelse med Elvefestivalen i Drammen 2018. V\u00e6ret var flott og bilene skinte!\",\"breadcrumb\":{\"@id\":\"https:\\\/\\\/terjebjornstad.com\\\/no\\\/2018\\\/08\\\/26\\\/amcars-pa-elvefestivalen\\\/#breadcrumb\"},\"inLanguage\":\"nb-NO\",\"potentialAction\":[{\"@type\":\"ReadAction\",\"target\":[\"https:\\\/\\\/terjebjornstad.com\\\/no\\\/2018\\\/08\\\/26\\\/amcars-pa-elvefestivalen\\\/\"]}]},{\"@type\":\"ImageObject\",\"inLanguage\":\"nb-NO\",\"@id\":\"https:\\\/\\\/terjebjornstad.com\\\/no\\\/2018\\\/08\\\/26\\\/amcars-pa-elvefestivalen\\\/#primaryimage\",\"url\":\"https:\\\/\\\/i0.wp.com\\\/terjebjornstad.com\\\/no\\\/wp-content\\\/uploads\\\/2018\\\/08\\\/nostedhallen-ford-gt-1-1080x720.png?fit=1080%2C720&ssl=1\",\"contentUrl\":\"https:\\\/\\\/i0.wp.com\\\/terjebjornstad.com\\\/no\\\/wp-content\\\/uploads\\\/2018\\\/08\\\/nostedhallen-ford-gt-1-1080x720.png?fit=1080%2C720&ssl=1\",\"width\":1080,\"height\":720,\"caption\":\"Amcars p\u00e5 Elvefestivalen\"},{\"@type\":\"BreadcrumbList\",\"@id\":\"https:\\\/\\\/terjebjornstad.com\\\/no\\\/2018\\\/08\\\/26\\\/amcars-pa-elvefestivalen\\\/#breadcrumb\",\"itemListElement\":[{\"@type\":\"ListItem\",\"position\":1,\"name\":\"Hjem\",\"item\":\"https:\\\/\\\/terjebjornstad.com\\\/no\\\/\"},{\"@type\":\"ListItem\",\"position\":2,\"name\":\"Amcars p\u00e5 Elvefestivalen\"}]},{\"@type\":\"WebSite\",\"@id\":\"https:\\\/\\\/terjebjornstad.com\\\/no\\\/#website\",\"url\":\"https:\\\/\\\/terjebjornstad.com\\\/no\\\/\",\"name\":\"Terjes biler\",\"description\":\"HONEST ABOUT CARS\",\"publisher\":{\"@id\":\"https:\\\/\\\/terjebjornstad.com\\\/no\\\/#organization\"},\"alternateName\":\"Terjebjornstad.com\",\"potentialAction\":[{\"@type\":\"SearchAction\",\"target\":{\"@type\":\"EntryPoint\",\"urlTemplate\":\"https:\\\/\\\/terjebjornstad.com\\\/no\\\/?s={search_term_string}\"},\"query-input\":{\"@type\":\"PropertyValueSpecification\",\"valueRequired\":true,\"valueName\":\"search_term_string\"}}],\"inLanguage\":\"nb-NO\"},{\"@type\":\"Organization\",\"@id\":\"https:\\\/\\\/terjebjornstad.com\\\/no\\\/#organization\",\"name\":\"Terje Bj\u00f8rnstad ENK\",\"url\":\"https:\\\/\\\/terjebjornstad.com\\\/no\\\/\",\"logo\":{\"@type\":\"ImageObject\",\"inLanguage\":\"nb-NO\",\"@id\":\"https:\\\/\\\/terjebjornstad.com\\\/no\\\/#\\\/schema\\\/logo\\\/image\\\/\",\"url\":\"https:\\\/\\\/i0.wp.com\\\/terjebjornstad.com\\\/no\\\/wp-content\\\/uploads\\\/2026\\\/02\\\/terjesbiler2024-960x354-1.png?fit=960%2C354&ssl=1\",\"contentUrl\":\"https:\\\/\\\/i0.wp.com\\\/terjebjornstad.com\\\/no\\\/wp-content\\\/uploads\\\/2026\\\/02\\\/terjesbiler2024-960x354-1.png?fit=960%2C354&ssl=1\",\"width\":960,\"height\":354,\"caption\":\"Terje Bj\u00f8rnstad ENK\"},\"image\":{\"@id\":\"https:\\\/\\\/terjebjornstad.com\\\/no\\\/#\\\/schema\\\/logo\\\/image\\\/\"},\"sameAs\":[\"https:\\\/\\\/www.facebook.com\\\/terjesbiler\\\/\",\"https:\\\/\\\/www.instagram.com\\\/terjesbiler\\\/\",\"https:\\\/\\\/www.pinteres.com\\\/terjebjrnstad\\\/terjes-biler\\\/\"]},{\"@type\":\"Person\",\"@id\":\"https:\\\/\\\/terjebjornstad.com\\\/no\\\/#\\\/schema\\\/person\\\/a281f6a6e0f3cc9fe468e7f0c655aa65\",\"name\":\"Terje Bj\u00f8rnstad\",\"image\":{\"@type\":\"ImageObject\",\"inLanguage\":\"nb-NO\",\"@id\":\"https:\\\/\\\/secure.gravatar.com\\\/avatar\\\/e8dff505b51cf6cb67ae06a06022d2049aac2da1e79dc146a36b58798c4b40ea?s=96&d=mm&r=g\",\"url\":\"https:\\\/\\\/secure.gravatar.com\\\/avatar\\\/e8dff505b51cf6cb67ae06a06022d2049aac2da1e79dc146a36b58798c4b40ea?s=96&d=mm&r=g\",\"contentUrl\":\"https:\\\/\\\/secure.gravatar.com\\\/avatar\\\/e8dff505b51cf6cb67ae06a06022d2049aac2da1e79dc146a36b58798c4b40ea?s=96&d=mm&r=g\",\"caption\":\"Terje Bj\u00f8rnstad\"},\"description\":\"Terje Bj\u00f8rnstad. Bloggadministrator, hobbyfotograf og bilnerd.\",\"sameAs\":[\"https:\\\/\\\/www.facebook.com\\\/terjesbiler\",\"https:\\\/\\\/www.instagram.com\\\/terjesbiler\",\"https:\\\/\\\/no.pinterest.com\\\/terjebjrnstad\",\"https:\\\/\\\/www.youtube.com\\\/channel\\\/UCzCKJJDybyIgKqatc_JQqIg\"]}]}<\/script>\n<!-- \/ Yoast SEO plugin. -->","yoast_head_json":{"title":"Amcars p\u00e5 Elvefestivalen - Terjes biler - N\u00f8sted brygge","description":"N\u00f8sted brygge var stedet for Amcar treffet i forbindelse med Elvefestivalen i Drammen 2018. V\u00e6ret var flott og bilene skinte!","robots":{"index":"index","follow":"follow","max-snippet":"max-snippet:-1","max-image-preview":"max-image-preview:large","max-video-preview":"max-video-preview:-1"},"canonical":"https:\/\/terjebjornstad.com\/no\/2018\/08\/26\/amcars-pa-elvefestivalen\/","og_locale":"nb_NO","og_type":"article","og_title":"Amcars p\u00e5 Elvefestivalen - Terjes biler - N\u00f8sted brygge","og_description":"N\u00f8sted brygge var stedet for Amcar treffet i forbindelse med Elvefestivalen i Drammen 2018. V\u00e6ret var flott og bilene skinte!","og_url":"https:\/\/terjebjornstad.com\/no\/2018\/08\/26\/amcars-pa-elvefestivalen\/","og_site_name":"Terjes biler","article_publisher":"https:\/\/www.facebook.com\/terjesbiler\/","article_author":"https:\/\/www.facebook.com\/terjesbiler","article_published_time":"2018-08-26T23:24:04+00:00","article_modified_time":"2026-03-02T23:44:55+00:00","og_image":[{"width":1080,"height":720,"url":"https:\/\/terjebjornstad.com\/no\/wp-content\/uploads\/2018\/08\/nostedhallen-ford-gt-1-1080x720.png","type":"image\/png"}],"author":"Terje Bj\u00f8rnstad","twitter_card":"summary_large_image","twitter_misc":{"Skrevet av":"Terje Bj\u00f8rnstad","Ansl. lesetid":"4 minutter"},"schema":{"@context":"https:\/\/schema.org","@graph":[{"@type":"Article","@id":"https:\/\/terjebjornstad.com\/no\/2018\/08\/26\/amcars-pa-elvefestivalen\/#article","isPartOf":{"@id":"https:\/\/terjebjornstad.com\/no\/2018\/08\/26\/amcars-pa-elvefestivalen\/"},"author":{"name":"Terje Bj\u00f8rnstad","@id":"https:\/\/terjebjornstad.com\/no\/#\/schema\/person\/a281f6a6e0f3cc9fe468e7f0c655aa65"},"headline":"Amcars p\u00e5 Elvefestivalen","datePublished":"2018-08-26T23:24:04+00:00","dateModified":"2026-03-02T23:44:55+00:00","mainEntityOfPage":{"@id":"https:\/\/terjebjornstad.com\/no\/2018\/08\/26\/amcars-pa-elvefestivalen\/"},"wordCount":275,"commentCount":0,"publisher":{"@id":"https:\/\/terjebjornstad.com\/no\/#organization"},"image":{"@id":"https:\/\/terjebjornstad.com\/no\/2018\/08\/26\/amcars-pa-elvefestivalen\/#primaryimage"},"thumbnailUrl":"https:\/\/i0.wp.com\/terjebjornstad.com\/no\/wp-content\/uploads\/2018\/08\/nostedhallen-ford-gt-1-1080x720.png?fit=1080%2C720&ssl=1","keywords":["amcar elvefestivalen","dodge lil red","elvefestivalen amcar","ford gt","n\u00f8sted brygge"],"articleSection":["Amcar","Artikkel","Chevrolet","Dodge","Ford"],"inLanguage":"nb-NO","potentialAction":[{"@type":"CommentAction","name":"Comment","target":["https:\/\/terjebjornstad.com\/no\/2018\/08\/26\/amcars-pa-elvefestivalen\/#respond"]}]},{"@type":"WebPage","@id":"https:\/\/terjebjornstad.com\/no\/2018\/08\/26\/amcars-pa-elvefestivalen\/","url":"https:\/\/terjebjornstad.com\/no\/2018\/08\/26\/amcars-pa-elvefestivalen\/","name":"Amcars p\u00e5 Elvefestivalen - Terjes biler - N\u00f8sted brygge","isPartOf":{"@id":"https:\/\/terjebjornstad.com\/no\/#website"},"primaryImageOfPage":{"@id":"https:\/\/terjebjornstad.com\/no\/2018\/08\/26\/amcars-pa-elvefestivalen\/#primaryimage"},"image":{"@id":"https:\/\/terjebjornstad.com\/no\/2018\/08\/26\/amcars-pa-elvefestivalen\/#primaryimage"},"thumbnailUrl":"https:\/\/i0.wp.com\/terjebjornstad.com\/no\/wp-content\/uploads\/2018\/08\/nostedhallen-ford-gt-1-1080x720.png?fit=1080%2C720&ssl=1","datePublished":"2018-08-26T23:24:04+00:00","dateModified":"2026-03-02T23:44:55+00:00","description":"N\u00f8sted brygge var stedet for Amcar treffet i forbindelse med Elvefestivalen i Drammen 2018. V\u00e6ret var flott og bilene skinte!","breadcrumb":{"@id":"https:\/\/terjebjornstad.com\/no\/2018\/08\/26\/amcars-pa-elvefestivalen\/#breadcrumb"},"inLanguage":"nb-NO","potentialAction":[{"@type":"ReadAction","target":["https:\/\/terjebjornstad.com\/no\/2018\/08\/26\/amcars-pa-elvefestivalen\/"]}]},{"@type":"ImageObject","inLanguage":"nb-NO","@id":"https:\/\/terjebjornstad.com\/no\/2018\/08\/26\/amcars-pa-elvefestivalen\/#primaryimage","url":"https:\/\/i0.wp.com\/terjebjornstad.com\/no\/wp-content\/uploads\/2018\/08\/nostedhallen-ford-gt-1-1080x720.png?fit=1080%2C720&ssl=1","contentUrl":"https:\/\/i0.wp.com\/terjebjornstad.com\/no\/wp-content\/uploads\/2018\/08\/nostedhallen-ford-gt-1-1080x720.png?fit=1080%2C720&ssl=1","width":1080,"height":720,"caption":"Amcars p\u00e5 Elvefestivalen"},{"@type":"BreadcrumbList","@id":"https:\/\/terjebjornstad.com\/no\/2018\/08\/26\/amcars-pa-elvefestivalen\/#breadcrumb","itemListElement":[{"@type":"ListItem","position":1,"name":"Hjem","item":"https:\/\/terjebjornstad.com\/no\/"},{"@type":"ListItem","position":2,"name":"Amcars p\u00e5 Elvefestivalen"}]},{"@type":"WebSite","@id":"https:\/\/terjebjornstad.com\/no\/#website","url":"https:\/\/terjebjornstad.com\/no\/","name":"Terjes biler","description":"HONEST ABOUT CARS","publisher":{"@id":"https:\/\/terjebjornstad.com\/no\/#organization"},"alternateName":"Terjebjornstad.com","potentialAction":[{"@type":"SearchAction","target":{"@type":"EntryPoint","urlTemplate":"https:\/\/terjebjornstad.com\/no\/?s={search_term_string}"},"query-input":{"@type":"PropertyValueSpecification","valueRequired":true,"valueName":"search_term_string"}}],"inLanguage":"nb-NO"},{"@type":"Organization","@id":"https:\/\/terjebjornstad.com\/no\/#organization","name":"Terje Bj\u00f8rnstad ENK","url":"https:\/\/terjebjornstad.com\/no\/","logo":{"@type":"ImageObject","inLanguage":"nb-NO","@id":"https:\/\/terjebjornstad.com\/no\/#\/schema\/logo\/image\/","url":"https:\/\/i0.wp.com\/terjebjornstad.com\/no\/wp-content\/uploads\/2026\/02\/terjesbiler2024-960x354-1.png?fit=960%2C354&ssl=1","contentUrl":"https:\/\/i0.wp.com\/terjebjornstad.com\/no\/wp-content\/uploads\/2026\/02\/terjesbiler2024-960x354-1.png?fit=960%2C354&ssl=1","width":960,"height":354,"caption":"Terje Bj\u00f8rnstad ENK"},"image":{"@id":"https:\/\/terjebjornstad.com\/no\/#\/schema\/logo\/image\/"},"sameAs":["https:\/\/www.facebook.com\/terjesbiler\/","https:\/\/www.instagram.com\/terjesbiler\/","https:\/\/www.pinteres.com\/terjebjrnstad\/terjes-biler\/"]},{"@type":"Person","@id":"https:\/\/terjebjornstad.com\/no\/#\/schema\/person\/a281f6a6e0f3cc9fe468e7f0c655aa65","name":"Terje Bj\u00f8rnstad","image":{"@type":"ImageObject","inLanguage":"nb-NO","@id":"https:\/\/secure.gravatar.com\/avatar\/e8dff505b51cf6cb67ae06a06022d2049aac2da1e79dc146a36b58798c4b40ea?s=96&d=mm&r=g","url":"https:\/\/secure.gravatar.com\/avatar\/e8dff505b51cf6cb67ae06a06022d2049aac2da1e79dc146a36b58798c4b40ea?s=96&d=mm&r=g","contentUrl":"https:\/\/secure.gravatar.com\/avatar\/e8dff505b51cf6cb67ae06a06022d2049aac2da1e79dc146a36b58798c4b40ea?s=96&d=mm&r=g","caption":"Terje Bj\u00f8rnstad"},"description":"Terje Bj\u00f8rnstad. Bloggadministrator, hobbyfotograf og bilnerd.","sameAs":["https:\/\/www.facebook.com\/terjesbiler","https:\/\/www.instagram.com\/terjesbiler","https:\/\/no.pinterest.com\/terjebjrnstad","https:\/\/www.youtube.com\/channel\/UCzCKJJDybyIgKqatc_JQqIg"]}]}},"jetpack_publicize_connections":[],"jetpack_featured_media_url":"https:\/\/i0.wp.com\/terjebjornstad.com\/no\/wp-content\/uploads\/2018\/08\/nostedhallen-ford-gt-1-1080x720.png?fit=1080%2C720&ssl=1","jetpack_sharing_enabled":true,"jetpack_shortlink":"https:\/\/wp.me\/p48zYA-4Up","jetpack-related-posts":[{"id":18897,"url":"https:\/\/terjebjornstad.com\/no\/2018\/08\/28\/mercedes-benz-c180-coupe\/","url_meta":{"origin":18873,"position":0},"title":"Mercedes-Benz C180 Coup\u00e9","author":"Terje Bj\u00f8rnstad","date":"28\/08\/2018","format":false,"excerpt":"Bilindustrien har kommet langt i \u00e5 skape selvkj\u00f8rende og milj\u00f8vennlige kj\u00f8ret\u00f8y. Men risikerer man ikke at kj\u00f8regleden forsvinner? Som \u00e5 helle barnet ut med badevannet. Noen hevder at livet er for kort til \u00e5 kj\u00f8re kjedelige biler. Derfor s\u00f8kte jeg delingstjenesten Nabobil.no for \u00e5 finne en Mercedes-Benz CLA eller C-klasse\u2026","rel":"","context":"i &quot;Artikkel&quot;","block_context":{"text":"Artikkel","link":"https:\/\/terjebjornstad.com\/no\/category\/artikkel\/"},"img":{"alt_text":"","src":"https:\/\/i0.wp.com\/terjebjornstad.com\/no\/wp-content\/uploads\/2018\/08\/mercedes-c180-coupe-720x480.png?fit=720%2C480&ssl=1&resize=350%2C200","width":350,"height":200,"srcset":"https:\/\/i0.wp.com\/terjebjornstad.com\/no\/wp-content\/uploads\/2018\/08\/mercedes-c180-coupe-720x480.png?fit=720%2C480&ssl=1&resize=350%2C200 1x, https:\/\/i0.wp.com\/terjebjornstad.com\/no\/wp-content\/uploads\/2018\/08\/mercedes-c180-coupe-720x480.png?fit=720%2C480&ssl=1&resize=525%2C300 1.5x, https:\/\/i0.wp.com\/terjebjornstad.com\/no\/wp-content\/uploads\/2018\/08\/mercedes-c180-coupe-720x480.png?fit=720%2C480&ssl=1&resize=700%2C400 2x"},"classes":[]},{"id":11385,"url":"https:\/\/terjebjornstad.com\/no\/2017\/07\/28\/amerikanerne-som-forsvant\/","url_meta":{"origin":18873,"position":1},"title":"Amerikanerne som forsvant","author":"Terje Bj\u00f8rnstad","date":"28\/07\/2017","format":false,"excerpt":"Visste du at det finnes en egen bilklubb for amerikanske etterkrigsmerker som tapte kampen mot de 3 store - GM, Ford og Chrysler? Eight Amcars Club (EAC) har som form\u00e5l \u00e5 redde s\u00e5 mange som mulig av disse merkene. Det er Packard, Kaiser, Studebaker, DeSoto, Henry J, Willys, Hudson og\u2026","rel":"","context":"i &quot;Amcar&quot;","block_context":{"text":"Amcar","link":"https:\/\/terjebjornstad.com\/no\/category\/amcar\/"},"img":{"alt_text":"","src":"https:\/\/i0.wp.com\/terjebjornstad.com\/no\/wp-content\/uploads\/2017\/07\/hudson-2307.png?fit=686%2C457&ssl=1&resize=350%2C200","width":350,"height":200,"srcset":"https:\/\/i0.wp.com\/terjebjornstad.com\/no\/wp-content\/uploads\/2017\/07\/hudson-2307.png?fit=686%2C457&ssl=1&resize=350%2C200 1x, https:\/\/i0.wp.com\/terjebjornstad.com\/no\/wp-content\/uploads\/2017\/07\/hudson-2307.png?fit=686%2C457&ssl=1&resize=525%2C300 1.5x"},"classes":[]},{"id":60774,"url":"https:\/\/terjebjornstad.com\/no\/2023\/07\/03\/4th-of-july-i-frognerparken-country-amcar\/","url_meta":{"origin":18873,"position":2},"title":"4th of July i Frognerparken","author":"Terje Bj\u00f8rnstad","date":"03\/07\/2023","format":false,"excerpt":"I Oslo ble The Independence Day (USA) feiret s\u00f8ndagen den 2. juli da alle hadde fri. Dessverre la h\u00f8ljregnet en demper p\u00e5 festen en stund. Selv var jeg der for \u00e5 lytte til country musikk og studere fine biler fra Amcars medlemmer. Tradisjon i Oslo If\u00f8lge arrang\u00f8ren, The American Coordinating\u2026","rel":"","context":"i &quot;Amcar&quot;","block_context":{"text":"Amcar","link":"https:\/\/terjebjornstad.com\/no\/category\/amcar\/"},"img":{"alt_text":"","src":"https:\/\/i0.wp.com\/terjebjornstad.com\/no\/wp-content\/uploads\/2023\/07\/1956-chrysler-imperial-353-v8-1920x1280-1.jpg?fit=1200%2C800&ssl=1&resize=350%2C200","width":350,"height":200,"srcset":"https:\/\/i0.wp.com\/terjebjornstad.com\/no\/wp-content\/uploads\/2023\/07\/1956-chrysler-imperial-353-v8-1920x1280-1.jpg?fit=1200%2C800&ssl=1&resize=350%2C200 1x, https:\/\/i0.wp.com\/terjebjornstad.com\/no\/wp-content\/uploads\/2023\/07\/1956-chrysler-imperial-353-v8-1920x1280-1.jpg?fit=1200%2C800&ssl=1&resize=525%2C300 1.5x, https:\/\/i0.wp.com\/terjebjornstad.com\/no\/wp-content\/uploads\/2023\/07\/1956-chrysler-imperial-353-v8-1920x1280-1.jpg?fit=1200%2C800&ssl=1&resize=700%2C400 2x, https:\/\/i0.wp.com\/terjebjornstad.com\/no\/wp-content\/uploads\/2023\/07\/1956-chrysler-imperial-353-v8-1920x1280-1.jpg?fit=1200%2C800&ssl=1&resize=1050%2C600 3x"},"classes":[]},{"id":16350,"url":"https:\/\/terjebjornstad.com\/no\/2018\/05\/09\/amcars-i-alle-varianter\/","url_meta":{"origin":18873,"position":3},"title":"Amcars i alle varianter","author":"Terje Bj\u00f8rnstad","date":"09\/05\/2018","format":false,"excerpt":"Mopar, Lincoln Mercury, Mustang, Corvette, Ford, GM ... Bilene er vel organisert p\u00e5 American Cars of Southern Norway's bilm\u00f8nstring p\u00e5 Ekeberg Camping. Solen skinner mellom skyene. Campingstoler og picknic-kurver st\u00e5r mellom bilrekkene. Mange har funnet frem kl\u00e6r som matcher anledningen. Det er amerikansk som gjelder. Stil og kultur. Fra scenen\u2026","rel":"","context":"i &quot;Amcar&quot;","block_context":{"text":"Amcar","link":"https:\/\/terjebjornstad.com\/no\/category\/amcar\/"},"img":{"alt_text":"","src":"https:\/\/i0.wp.com\/terjebjornstad.com\/no\/wp-content\/uploads\/2018\/05\/acsn-overview-686.png?fit=686%2C686&ssl=1&resize=350%2C200","width":350,"height":200,"srcset":"https:\/\/i0.wp.com\/terjebjornstad.com\/no\/wp-content\/uploads\/2018\/05\/acsn-overview-686.png?fit=686%2C686&ssl=1&resize=350%2C200 1x, https:\/\/i0.wp.com\/terjebjornstad.com\/no\/wp-content\/uploads\/2018\/05\/acsn-overview-686.png?fit=686%2C686&ssl=1&resize=525%2C300 1.5x"},"classes":[]},{"id":19989,"url":"https:\/\/terjebjornstad.com\/no\/2018\/10\/23\/american-motors-pa-sorum\/","url_meta":{"origin":18873,"position":4},"title":"American Motors p\u00e5 S\u00f8rum","author":"Terje Bj\u00f8rnstad","date":"23\/10\/2018","format":false,"excerpt":"Stort mangfold American Motors Corporation (AMC) er et stykke bilhistorie med grener til Norge. Du skal v\u00e6re litt \"oppe i \u00e5rene\" for \u00e5 forst\u00e5 hva dette er. Gremlin, Pacer, Hornet, Javelin, Matador, Concord, Eagle er noen av modellnavnene under AMC. AMC ble opprinnelig dannet i 50-\u00e5rene p\u00e5 basis av Nash\u2026","rel":"","context":"i &quot;Amcar&quot;","block_context":{"text":"Amcar","link":"https:\/\/terjebjornstad.com\/no\/category\/amcar\/"},"img":{"alt_text":"","src":"https:\/\/i0.wp.com\/terjebjornstad.com\/no\/wp-content\/uploads\/2018\/10\/amc-javelin-jeep-1080x720.png?fit=1080%2C720&ssl=1&resize=350%2C200","width":350,"height":200,"srcset":"https:\/\/i0.wp.com\/terjebjornstad.com\/no\/wp-content\/uploads\/2018\/10\/amc-javelin-jeep-1080x720.png?fit=1080%2C720&ssl=1&resize=350%2C200 1x, https:\/\/i0.wp.com\/terjebjornstad.com\/no\/wp-content\/uploads\/2018\/10\/amc-javelin-jeep-1080x720.png?fit=1080%2C720&ssl=1&resize=525%2C300 1.5x, https:\/\/i0.wp.com\/terjebjornstad.com\/no\/wp-content\/uploads\/2018\/10\/amc-javelin-jeep-1080x720.png?fit=1080%2C720&ssl=1&resize=700%2C400 2x, https:\/\/i0.wp.com\/terjebjornstad.com\/no\/wp-content\/uploads\/2018\/10\/amc-javelin-jeep-1080x720.png?fit=1080%2C720&ssl=1&resize=1050%2C600 3x"},"classes":[]},{"id":16414,"url":"https:\/\/terjebjornstad.com\/no\/2018\/05\/11\/bendix-treffet\/","url_meta":{"origin":18873,"position":5},"title":"Bendix-treffet","author":"Terje Bj\u00f8rnstad","date":"11\/05\/2018","format":false,"excerpt":"Hvert \u00e5r samles bilentusiaster rundt en meieribygning p\u00e5 Hadeland. Lunner Meieri holdt til der frem til syttitallet. 70-tallsarkitekturen danner en fin tidskapsel rundt bilene. Bendix-treffet er oppkalt etter arrang\u00f8ren, Terje Bendiksen, som overtok bygget og har n\u00e5 fylt det med gjenstander knyttet til amerikansk bilkultur. Man kunne vel nesten kalle\u2026","rel":"","context":"i &quot;Amcar&quot;","block_context":{"text":"Amcar","link":"https:\/\/terjebjornstad.com\/no\/category\/amcar\/"},"img":{"alt_text":"bendix-treffet","src":"https:\/\/i0.wp.com\/terjebjornstad.com\/no\/wp-content\/uploads\/2018\/05\/1800-bendix-1.png?fit=686%2C457&ssl=1&resize=350%2C200","width":350,"height":200,"srcset":"https:\/\/i0.wp.com\/terjebjornstad.com\/no\/wp-content\/uploads\/2018\/05\/1800-bendix-1.png?fit=686%2C457&ssl=1&resize=350%2C200 1x, https:\/\/i0.wp.com\/terjebjornstad.com\/no\/wp-content\/uploads\/2018\/05\/1800-bendix-1.png?fit=686%2C457&ssl=1&resize=525%2C300 1.5x"},"classes":[]}],"gt_translate_keys":[{"key":"link","format":"url"}],"_links":{"self":[{"href":"https:\/\/terjebjornstad.com\/no\/wp-json\/wp\/v2\/posts\/18873","targetHints":{"allow":["GET"]}}],"collection":[{"href":"https:\/\/terjebjornstad.com\/no\/wp-json\/wp\/v2\/posts"}],"about":[{"href":"https:\/\/terjebjornstad.com\/no\/wp-json\/wp\/v2\/types\/post"}],"author":[{"embeddable":true,"href":"https:\/\/terjebjornstad.com\/no\/wp-json\/wp\/v2\/users\/1"}],"replies":[{"embeddable":true,"href":"https:\/\/terjebjornstad.com\/no\/wp-json\/wp\/v2\/comments?post=18873"}],"version-history":[{"count":7,"href":"https:\/\/terjebjornstad.com\/no\/wp-json\/wp\/v2\/posts\/18873\/revisions"}],"predecessor-version":[{"id":90484,"href":"https:\/\/terjebjornstad.com\/no\/wp-json\/wp\/v2\/posts\/18873\/revisions\/90484"}],"wp:featuredmedia":[{"embeddable":true,"href":"https:\/\/terjebjornstad.com\/no\/wp-json\/wp\/v2\/media\/18870"}],"wp:attachment":[{"href":"https:\/\/terjebjornstad.com\/no\/wp-json\/wp\/v2\/media?parent=18873"}],"wp:term":[{"taxonomy":"category","embeddable":true,"href":"https:\/\/terjebjornstad.com\/no\/wp-json\/wp\/v2\/categories?post=18873"},{"taxonomy":"post_tag","embeddable":true,"href":"https:\/\/terjebjornstad.com\/no\/wp-json\/wp\/v2\/tags?post=18873"}],"curies":[{"name":"wp","href":"https:\/\/api.w.org\/{rel}","templated":true}]}}