{"id":17699,"date":"2018-07-06T14:41:05","date_gmt":"2018-07-06T14:41:05","guid":{"rendered":"http:\/\/terjebjornstad.com\/no\/?p=17699"},"modified":"2026-03-15T12:16:42","modified_gmt":"2026-03-15T11:16:42","slug":"sjoflyhavna-motested-for-bilentusiaster","status":"publish","type":"post","link":"https:\/\/terjebjornstad.com\/no\/2018\/07\/06\/sjoflyhavna-motested-for-bilentusiaster\/","title":{"rendered":"Sj\u00f8flyhavna &#8211; m\u00f8tested for bilentusiaster","gt_translate_keys":[{"key":"rendered","format":"text"}]},"content":{"rendered":"<div class=\"copy_teb\"><figure id=\"attachment_17689\" aria-describedby=\"caption-attachment-17689\" style=\"width: 1080px\" class=\"wp-caption aligncenter\"><a href=\"https:\/\/i0.wp.com\/terjebjornstad.com\/no\/wp-content\/uploads\/2018\/07\/porsche-911-gt3-rs-3-1080x1080-2.png?ssl=1\"><img data-recalc-dims=\"1\" loading=\"lazy\" decoding=\"async\" data-attachment-id=\"17689\" data-permalink=\"https:\/\/terjebjornstad.com\/no\/2018\/07\/06\/sjoflyhavna-motested-for-bilentusiaster\/porsche-911-gt3-rs-3-1080x1080-2\/\" data-orig-file=\"https:\/\/i0.wp.com\/terjebjornstad.com\/no\/wp-content\/uploads\/2018\/07\/porsche-911-gt3-rs-3-1080x1080-2.png?fit=1080%2C720&amp;ssl=1\" data-orig-size=\"1080,720\" data-comments-opened=\"1\" data-image-meta=\"{&quot;aperture&quot;:&quot;0&quot;,&quot;credit&quot;:&quot;&quot;,&quot;camera&quot;:&quot;&quot;,&quot;caption&quot;:&quot;&quot;,&quot;created_timestamp&quot;:&quot;0&quot;,&quot;copyright&quot;:&quot;&quot;,&quot;focal_length&quot;:&quot;0&quot;,&quot;iso&quot;:&quot;0&quot;,&quot;shutter_speed&quot;:&quot;0&quot;,&quot;title&quot;:&quot;&quot;,&quot;orientation&quot;:&quot;0&quot;}\" data-image-title=\"porsche-911-gt3-rs-3-1080&amp;#215;1080-2\" data-image-description=\"\" data-image-caption=\"&lt;p&gt;Sj\u00f8flyhavna Kro er et popul\u00e6rt samlingspunkt for bilklubber.&lt;\/p&gt;\n\" data-large-file=\"https:\/\/i0.wp.com\/terjebjornstad.com\/no\/wp-content\/uploads\/2018\/07\/porsche-911-gt3-rs-3-1080x1080-2.png?fit=980%2C654&amp;ssl=1\" src=\"https:\/\/i0.wp.com\/terjebjornstad.com\/no\/wp-content\/uploads\/2018\/07\/porsche-911-gt3-rs-3-1080x1080-2.png?resize=980%2C653&#038;ssl=1\" alt=\"sj\u00f8flyhavna\" width=\"980\" height=\"653\" class=\"size-full wp-image-17689\" srcset=\"https:\/\/i0.wp.com\/terjebjornstad.com\/no\/wp-content\/uploads\/2018\/07\/porsche-911-gt3-rs-3-1080x1080-2.png?w=1080&amp;ssl=1 1080w, https:\/\/i0.wp.com\/terjebjornstad.com\/no\/wp-content\/uploads\/2018\/07\/porsche-911-gt3-rs-3-1080x1080-2.png?resize=300%2C200&amp;ssl=1 300w, https:\/\/i0.wp.com\/terjebjornstad.com\/no\/wp-content\/uploads\/2018\/07\/porsche-911-gt3-rs-3-1080x1080-2.png?resize=768%2C512&amp;ssl=1 768w, https:\/\/i0.wp.com\/terjebjornstad.com\/no\/wp-content\/uploads\/2018\/07\/porsche-911-gt3-rs-3-1080x1080-2.png?resize=1024%2C683&amp;ssl=1 1024w, https:\/\/i0.wp.com\/terjebjornstad.com\/no\/wp-content\/uploads\/2018\/07\/porsche-911-gt3-rs-3-1080x1080-2.png?resize=690%2C460&amp;ssl=1 690w, https:\/\/i0.wp.com\/terjebjornstad.com\/no\/wp-content\/uploads\/2018\/07\/porsche-911-gt3-rs-3-1080x1080-2.png?resize=980%2C653&amp;ssl=1 980w\" sizes=\"auto, (max-width: 980px) 100vw, 980px\" \/><\/a><figcaption id=\"caption-attachment-17689\" class=\"wp-caption-text\">Sj\u00f8flyhavna Kro er et popul\u00e6rt samlingspunkt for bilklubber.<\/figcaption><\/figure><\/p>\n\n<p>Da Oslo sj\u00f8flyplass ved Gressholmen ble for liten, vedtok staten \u00e5 etablere en ny flyplass p\u00e5 Fornebu. Et anlegg for \u00e5 betjene fly b\u00e5de til lands og til vanns. Det som i dag er Sj\u00f8flyhavna Kro, ble bygget i 1939 som en ekspedisjonsbygning for \u00e5 betjene sj\u00f8flytrafikken. Den gang trodde man at amfibieflyene skulle dominere luftrommet. Pan Am&#8217;s flyveb\u00e5ter hadde begynt med transatlantiske flyvninger. S\u00e5 vidt jeg vet, kom aldri noen av dem til Fornebu.<\/p>\n<h3 class=\"tebh2\">En tidskoloritt<\/h3>\n<p>Sj\u00f8flyhavna Kro, med sin enkle funkisstil, er en typisk tidskoloritt for 30- og 50-\u00e5rene. Stilen er ikke typisk norsk. Den kunne ligget hvor som helst i verden. Dessverre er ikke stedet tilrettelagt for fritidsb\u00e5ter, men desto mer popul\u00e6rt for landbaserte fritidskj\u00f8ret\u00f8y.<br \/>\n&nbsp;<br \/>\nDet er ikke bare selve bygget som skaper tidskoloritten. Ogs\u00e5 plassen rundt. Det lille havneanlegget bidrar positivt. Men jeg savner den gamle sj\u00f8settingsrampa, der kommunens brannb\u00e5t n\u00e5 ligger fort\u00f8yd. En sj\u00f8settingsrampe ville skapt mer liv. Kanskje kunne vi sett interessante b\u00e5tprosjekter? Heldigvis er ikke plassen bygget ut med moderne bygninger. Stedet ser fremdeles ut som en sj\u00f8flyhavn.<\/p>\n<h3 class=\"tebh2\">Akvarieplaner<\/h3>\n<p>Selvaag Bolig, oppkj\u00f8per og utbygger av Fornebu Sentrum p\u00e5 Koksaomr\u00e5det, har lansert planer om \u00e5 bygge et stort akvarium utenfor Sj\u00f8flyhavna. Funkisbygningen er fredet, men vil trolig forsvinne visuelt i den nye bygningsmassen. Det prestisjetunge akvariet skal se ut som en ny operabygning. Det kan bli en riktig flott turistattraksjon, men bilentusiastene m\u00e5 nok se seg om etter et nytt samlingssted.<\/p>\n<h3 class=\"tebh2\">Fine biler<\/h3>\n<p>Sj\u00f8flyhavna befinner seg i mitt n\u00e6romr\u00e5de. Jeg passerer ofte der n\u00e5r jeg lufter de to dachsene mine. Ganske ofte str\u00f8mmer det til andre som lufter de flotte <em>bilene<\/em> sine. Kanskje bare en kort rekognoserings-runde for \u00e5 se etter kjente? Kanskje for en kopp kaffe og noe \u00e5 bite i? Mens de nyter forfriskninger og matretter p\u00e5 kroa, kan det hende de f\u00e5r se en gr\u00e5h\u00e5ret hundeier med to hanndachser p\u00e5 slep. En pose med hundelort i den ene h\u00e5nden, og et kamera i den andre. Hvis bildene blir bra, havner de kanskje p\u00e5 <a href=\"https:\/\/www.instagram.com\/terjesbiler\/\" target=\"_blank\" rel=\"noopener\"><strong>Instagram<\/strong><\/a> eller her p\u00e5 <a href=\"https:\/\/terjesbiler.no\" target=\"_blank\" rel=\"noopener\"><strong>Terjesbiler.no<\/strong><\/a>.<br \/>\n&nbsp;<br \/>\nLurer du p\u00e5 hvor du skal ta finbilen i helgen?<br \/>\n&nbsp;<\/p>\n<hr \/>\n<blockquote><p>Sj\u00f8flyhavna Kro, s\u00e5 klart!<\/p><\/blockquote>\n<hr \/>\n<p>&nbsp;<\/p>\n<h3 class=\"tebh2\">Bilder fra Sj\u00f8flyhavna torsdag kveld 5. juli 2018<\/h3>\n<p>Klikk p\u00e5 bildene for \u00e5 se dem i st\u00f8rre format.<\/p>\n<figure id=\"attachment_17679\" aria-describedby=\"caption-attachment-17679\" style=\"width: 1080px\" class=\"wp-caption aligncenter\"><a href=\"https:\/\/i0.wp.com\/terjebjornstad.com\/no\/wp-content\/uploads\/2018\/07\/991-2-porsche-991-1080x720.png?ssl=1\"><img data-recalc-dims=\"1\" loading=\"lazy\" decoding=\"async\" data-attachment-id=\"17679\" data-permalink=\"https:\/\/terjebjornstad.com\/no\/2018\/07\/06\/sjoflyhavna-motested-for-bilentusiaster\/991-2-porsche-991-1080x720\/\" data-orig-file=\"https:\/\/i0.wp.com\/terjebjornstad.com\/no\/wp-content\/uploads\/2018\/07\/991-2-porsche-991-1080x720.png?fit=1080%2C720&amp;ssl=1\" data-orig-size=\"1080,720\" data-comments-opened=\"1\" data-image-meta=\"{&quot;aperture&quot;:&quot;0&quot;,&quot;credit&quot;:&quot;&quot;,&quot;camera&quot;:&quot;&quot;,&quot;caption&quot;:&quot;&quot;,&quot;created_timestamp&quot;:&quot;0&quot;,&quot;copyright&quot;:&quot;&quot;,&quot;focal_length&quot;:&quot;0&quot;,&quot;iso&quot;:&quot;0&quot;,&quot;shutter_speed&quot;:&quot;0&quot;,&quot;title&quot;:&quot;&quot;,&quot;orientation&quot;:&quot;0&quot;}\" data-image-title=\"991-2-porsche-991-1080&amp;#215;720\" data-image-description=\"\" data-image-caption=\"&lt;p&gt;Porsche 911 GT3&lt;\/p&gt;\n\" data-large-file=\"https:\/\/i0.wp.com\/terjebjornstad.com\/no\/wp-content\/uploads\/2018\/07\/991-2-porsche-991-1080x720.png?fit=980%2C654&amp;ssl=1\" src=\"https:\/\/i0.wp.com\/terjebjornstad.com\/no\/wp-content\/uploads\/2018\/07\/991-2-porsche-991-1080x720.png?resize=980%2C653&#038;ssl=1\" alt=\"sj\u00f8flyhavna\" width=\"980\" height=\"653\" class=\"size-full wp-image-17679\" srcset=\"https:\/\/i0.wp.com\/terjebjornstad.com\/no\/wp-content\/uploads\/2018\/07\/991-2-porsche-991-1080x720.png?resize=1080%2C720&amp;ssl=1 1080w, https:\/\/i0.wp.com\/terjebjornstad.com\/no\/wp-content\/uploads\/2018\/07\/991-2-porsche-991-1080x720.png?resize=300%2C200&amp;ssl=1 300w, https:\/\/i0.wp.com\/terjebjornstad.com\/no\/wp-content\/uploads\/2018\/07\/991-2-porsche-991-1080x720.png?resize=768%2C512&amp;ssl=1 768w, https:\/\/i0.wp.com\/terjebjornstad.com\/no\/wp-content\/uploads\/2018\/07\/991-2-porsche-991-1080x720.png?resize=1024%2C683&amp;ssl=1 1024w, https:\/\/i0.wp.com\/terjebjornstad.com\/no\/wp-content\/uploads\/2018\/07\/991-2-porsche-991-1080x720.png?resize=690%2C460&amp;ssl=1 690w, https:\/\/i0.wp.com\/terjebjornstad.com\/no\/wp-content\/uploads\/2018\/07\/991-2-porsche-991-1080x720.png?resize=980%2C653&amp;ssl=1 980w\" sizes=\"auto, (max-width: 980px) 100vw, 980px\" \/><\/a><figcaption id=\"caption-attachment-17679\" class=\"wp-caption-text\">Porsche 911 GT3<\/figcaption><\/figure>\n<figure id=\"attachment_17683\" aria-describedby=\"caption-attachment-17683\" style=\"width: 1080px\" class=\"wp-caption aligncenter\"><a href=\"https:\/\/i0.wp.com\/terjebjornstad.com\/no\/wp-content\/uploads\/2018\/07\/2018-amg.gtr-1080x720.png?ssl=1\"><img data-recalc-dims=\"1\" loading=\"lazy\" decoding=\"async\" data-attachment-id=\"17683\" data-permalink=\"https:\/\/terjebjornstad.com\/no\/2018\/07\/06\/sjoflyhavna-motested-for-bilentusiaster\/2018-amg-gtr-1080x720\/\" data-orig-file=\"https:\/\/i0.wp.com\/terjebjornstad.com\/no\/wp-content\/uploads\/2018\/07\/2018-amg.gtr-1080x720.png?fit=1080%2C720&amp;ssl=1\" data-orig-size=\"1080,720\" data-comments-opened=\"1\" data-image-meta=\"{&quot;aperture&quot;:&quot;0&quot;,&quot;credit&quot;:&quot;&quot;,&quot;camera&quot;:&quot;&quot;,&quot;caption&quot;:&quot;&quot;,&quot;created_timestamp&quot;:&quot;0&quot;,&quot;copyright&quot;:&quot;&quot;,&quot;focal_length&quot;:&quot;0&quot;,&quot;iso&quot;:&quot;0&quot;,&quot;shutter_speed&quot;:&quot;0&quot;,&quot;title&quot;:&quot;&quot;,&quot;orientation&quot;:&quot;0&quot;}\" data-image-title=\"2018-amg.gtr-1080&amp;#215;720\" data-image-description=\"\" data-image-caption=\"&lt;p&gt;AMG GT-R&lt;\/p&gt;\n\" data-large-file=\"https:\/\/i0.wp.com\/terjebjornstad.com\/no\/wp-content\/uploads\/2018\/07\/2018-amg.gtr-1080x720.png?fit=980%2C654&amp;ssl=1\" src=\"https:\/\/i0.wp.com\/terjebjornstad.com\/no\/wp-content\/uploads\/2018\/07\/2018-amg.gtr-1080x720.png?resize=980%2C653&#038;ssl=1\" alt=\"sj\u00f8flyhavna\" width=\"980\" height=\"653\" class=\"size-full wp-image-17683\" srcset=\"https:\/\/i0.wp.com\/terjebjornstad.com\/no\/wp-content\/uploads\/2018\/07\/2018-amg.gtr-1080x720.png?resize=1080%2C720&amp;ssl=1 1080w, https:\/\/i0.wp.com\/terjebjornstad.com\/no\/wp-content\/uploads\/2018\/07\/2018-amg.gtr-1080x720.png?resize=300%2C200&amp;ssl=1 300w, https:\/\/i0.wp.com\/terjebjornstad.com\/no\/wp-content\/uploads\/2018\/07\/2018-amg.gtr-1080x720.png?resize=768%2C512&amp;ssl=1 768w, https:\/\/i0.wp.com\/terjebjornstad.com\/no\/wp-content\/uploads\/2018\/07\/2018-amg.gtr-1080x720.png?resize=1024%2C683&amp;ssl=1 1024w, https:\/\/i0.wp.com\/terjebjornstad.com\/no\/wp-content\/uploads\/2018\/07\/2018-amg.gtr-1080x720.png?resize=690%2C460&amp;ssl=1 690w, https:\/\/i0.wp.com\/terjebjornstad.com\/no\/wp-content\/uploads\/2018\/07\/2018-amg.gtr-1080x720.png?resize=980%2C653&amp;ssl=1 980w\" sizes=\"auto, (max-width: 980px) 100vw, 980px\" \/><\/a><figcaption id=\"caption-attachment-17683\" class=\"wp-caption-text\">AMG GT-R<\/figcaption><\/figure>\n<figure id=\"attachment_17722\" aria-describedby=\"caption-attachment-17722\" style=\"width: 1080px\" class=\"wp-caption aligncenter\"><a href=\"https:\/\/i0.wp.com\/terjebjornstad.com\/no\/wp-content\/uploads\/2018\/07\/2006-porsche-911-gt3-rs-11-1080x720.png?ssl=1\"><img data-recalc-dims=\"1\" loading=\"lazy\" decoding=\"async\" data-attachment-id=\"17722\" data-permalink=\"https:\/\/terjebjornstad.com\/no\/2018\/07\/06\/sjoflyhavna-motested-for-bilentusiaster\/2006-porsche-911-gt3-rs-11-1080x720\/\" data-orig-file=\"https:\/\/i0.wp.com\/terjebjornstad.com\/no\/wp-content\/uploads\/2018\/07\/2006-porsche-911-gt3-rs-11-1080x720.png?fit=1080%2C720&amp;ssl=1\" data-orig-size=\"1080,720\" data-comments-opened=\"1\" data-image-meta=\"{&quot;aperture&quot;:&quot;0&quot;,&quot;credit&quot;:&quot;&quot;,&quot;camera&quot;:&quot;&quot;,&quot;caption&quot;:&quot;&quot;,&quot;created_timestamp&quot;:&quot;0&quot;,&quot;copyright&quot;:&quot;&quot;,&quot;focal_length&quot;:&quot;0&quot;,&quot;iso&quot;:&quot;0&quot;,&quot;shutter_speed&quot;:&quot;0&quot;,&quot;title&quot;:&quot;&quot;,&quot;orientation&quot;:&quot;0&quot;}\" data-image-title=\"2006-porsche-911-gt3-rs-11-1080&amp;#215;720\" data-image-description=\"\" data-image-caption=\"&lt;p&gt;Porsche 991 (997) GT3 RS &lt;\/p&gt;\n\" data-large-file=\"https:\/\/i0.wp.com\/terjebjornstad.com\/no\/wp-content\/uploads\/2018\/07\/2006-porsche-911-gt3-rs-11-1080x720.png?fit=980%2C654&amp;ssl=1\" src=\"https:\/\/i0.wp.com\/terjebjornstad.com\/no\/wp-content\/uploads\/2018\/07\/2006-porsche-911-gt3-rs-11-1080x720.png?resize=980%2C653&#038;ssl=1\" alt=\"\" width=\"980\" height=\"653\" class=\"size-full wp-image-17722\" srcset=\"https:\/\/i0.wp.com\/terjebjornstad.com\/no\/wp-content\/uploads\/2018\/07\/2006-porsche-911-gt3-rs-11-1080x720.png?resize=1080%2C720&amp;ssl=1 1080w, https:\/\/i0.wp.com\/terjebjornstad.com\/no\/wp-content\/uploads\/2018\/07\/2006-porsche-911-gt3-rs-11-1080x720.png?resize=300%2C200&amp;ssl=1 300w, https:\/\/i0.wp.com\/terjebjornstad.com\/no\/wp-content\/uploads\/2018\/07\/2006-porsche-911-gt3-rs-11-1080x720.png?resize=768%2C512&amp;ssl=1 768w, https:\/\/i0.wp.com\/terjebjornstad.com\/no\/wp-content\/uploads\/2018\/07\/2006-porsche-911-gt3-rs-11-1080x720.png?resize=1024%2C683&amp;ssl=1 1024w, https:\/\/i0.wp.com\/terjebjornstad.com\/no\/wp-content\/uploads\/2018\/07\/2006-porsche-911-gt3-rs-11-1080x720.png?resize=690%2C460&amp;ssl=1 690w, https:\/\/i0.wp.com\/terjebjornstad.com\/no\/wp-content\/uploads\/2018\/07\/2006-porsche-911-gt3-rs-11-1080x720.png?resize=980%2C653&amp;ssl=1 980w\" sizes=\"auto, (max-width: 980px) 100vw, 980px\" \/><\/a><figcaption id=\"caption-attachment-17722\" class=\"wp-caption-text\">2 stk. Porsche 911 GT3 RS. Den er gr\u00f8nne er f\u00f8rstegangs registrert i 2018, den Orange i 2006.<\/figcaption><\/figure>\n<figure id=\"attachment_17732\" aria-describedby=\"caption-attachment-17732\" style=\"width: 1080px\" class=\"wp-caption aligncenter\"><a href=\"https:\/\/i0.wp.com\/terjebjornstad.com\/no\/wp-content\/uploads\/2018\/07\/lizzard-green-1080x720.png?ssl=1\"><img data-recalc-dims=\"1\" loading=\"lazy\" decoding=\"async\" data-attachment-id=\"17732\" data-permalink=\"https:\/\/terjebjornstad.com\/no\/2018\/07\/06\/sjoflyhavna-motested-for-bilentusiaster\/lizzard-green-1080x720\/\" data-orig-file=\"https:\/\/i0.wp.com\/terjebjornstad.com\/no\/wp-content\/uploads\/2018\/07\/lizzard-green-1080x720.png?fit=1080%2C720&amp;ssl=1\" data-orig-size=\"1080,720\" data-comments-opened=\"1\" data-image-meta=\"{&quot;aperture&quot;:&quot;0&quot;,&quot;credit&quot;:&quot;&quot;,&quot;camera&quot;:&quot;&quot;,&quot;caption&quot;:&quot;&quot;,&quot;created_timestamp&quot;:&quot;0&quot;,&quot;copyright&quot;:&quot;&quot;,&quot;focal_length&quot;:&quot;0&quot;,&quot;iso&quot;:&quot;0&quot;,&quot;shutter_speed&quot;:&quot;0&quot;,&quot;title&quot;:&quot;&quot;,&quot;orientation&quot;:&quot;0&quot;}\" data-image-title=\"lizzard-green-1080&amp;#215;720\" data-image-description=\"\" data-image-caption=\"&lt;p&gt;2018 Porsche 911 GT3 RS i Lizzard Green.&lt;\/p&gt;\n\" data-large-file=\"https:\/\/i0.wp.com\/terjebjornstad.com\/no\/wp-content\/uploads\/2018\/07\/lizzard-green-1080x720.png?fit=980%2C654&amp;ssl=1\" src=\"https:\/\/i0.wp.com\/terjebjornstad.com\/no\/wp-content\/uploads\/2018\/07\/lizzard-green-1080x720.png?resize=980%2C653&#038;ssl=1\" alt=\"\" width=\"980\" height=\"653\" class=\"size-full wp-image-17732\" srcset=\"https:\/\/i0.wp.com\/terjebjornstad.com\/no\/wp-content\/uploads\/2018\/07\/lizzard-green-1080x720.png?resize=1080%2C720&amp;ssl=1 1080w, https:\/\/i0.wp.com\/terjebjornstad.com\/no\/wp-content\/uploads\/2018\/07\/lizzard-green-1080x720.png?resize=300%2C200&amp;ssl=1 300w, https:\/\/i0.wp.com\/terjebjornstad.com\/no\/wp-content\/uploads\/2018\/07\/lizzard-green-1080x720.png?resize=768%2C512&amp;ssl=1 768w, https:\/\/i0.wp.com\/terjebjornstad.com\/no\/wp-content\/uploads\/2018\/07\/lizzard-green-1080x720.png?resize=1024%2C683&amp;ssl=1 1024w, https:\/\/i0.wp.com\/terjebjornstad.com\/no\/wp-content\/uploads\/2018\/07\/lizzard-green-1080x720.png?resize=690%2C460&amp;ssl=1 690w, https:\/\/i0.wp.com\/terjebjornstad.com\/no\/wp-content\/uploads\/2018\/07\/lizzard-green-1080x720.png?resize=980%2C653&amp;ssl=1 980w\" sizes=\"auto, (max-width: 980px) 100vw, 980px\" \/><\/a><figcaption id=\"caption-attachment-17732\" class=\"wp-caption-text\">2018 Porsche 911 GT3 RS i Lizzard Green.<\/figcaption><\/figure>\n<figure id=\"attachment_17687\" aria-describedby=\"caption-attachment-17687\" style=\"width: 1080px\" class=\"wp-caption aligncenter\"><a href=\"https:\/\/i0.wp.com\/terjebjornstad.com\/no\/wp-content\/uploads\/2023\/07\/toyota-gt86-1080x720-1.jpg?ssl=1\"><img data-recalc-dims=\"1\" loading=\"lazy\" decoding=\"async\" src=\"https:\/\/i0.wp.com\/terjebjornstad.com\/no\/wp-content\/uploads\/2023\/07\/toyota-gt86-1080x720-1.jpg?resize=980%2C653&#038;ssl=1\" alt=\"sj\u00f8flyhavna\" width=\"980\" height=\"653\" class=\"size-full wp-image-17687\" \/><\/a><figcaption id=\"caption-attachment-17687\" class=\"wp-caption-text\">Toyota GT86<\/figcaption><\/figure>\n<figure id=\"attachment_17682\" aria-describedby=\"caption-attachment-17682\" style=\"width: 1080px\" class=\"wp-caption aligncenter\"><a href=\"https:\/\/i0.wp.com\/terjebjornstad.com\/no\/wp-content\/uploads\/2018\/07\/2012-porsche-911-carrera-s-1080x720.png?ssl=1\"><img data-recalc-dims=\"1\" loading=\"lazy\" decoding=\"async\" data-attachment-id=\"17682\" data-permalink=\"https:\/\/terjebjornstad.com\/no\/2018\/07\/06\/sjoflyhavna-motested-for-bilentusiaster\/2012-porsche-911-carrera-s-1080x720\/\" data-orig-file=\"https:\/\/i0.wp.com\/terjebjornstad.com\/no\/wp-content\/uploads\/2018\/07\/2012-porsche-911-carrera-s-1080x720.png?fit=1080%2C720&amp;ssl=1\" data-orig-size=\"1080,720\" data-comments-opened=\"1\" data-image-meta=\"{&quot;aperture&quot;:&quot;0&quot;,&quot;credit&quot;:&quot;&quot;,&quot;camera&quot;:&quot;&quot;,&quot;caption&quot;:&quot;&quot;,&quot;created_timestamp&quot;:&quot;0&quot;,&quot;copyright&quot;:&quot;&quot;,&quot;focal_length&quot;:&quot;0&quot;,&quot;iso&quot;:&quot;0&quot;,&quot;shutter_speed&quot;:&quot;0&quot;,&quot;title&quot;:&quot;&quot;,&quot;orientation&quot;:&quot;0&quot;}\" data-image-title=\"2012-porsche-911-carrera-s-1080&amp;#215;720\" data-image-description=\"\" data-image-caption=\"&lt;p&gt;Porsche 911 Carrera S (991.1)&lt;\/p&gt;\n\" data-large-file=\"https:\/\/i0.wp.com\/terjebjornstad.com\/no\/wp-content\/uploads\/2018\/07\/2012-porsche-911-carrera-s-1080x720.png?fit=980%2C654&amp;ssl=1\" src=\"https:\/\/i0.wp.com\/terjebjornstad.com\/no\/wp-content\/uploads\/2018\/07\/2012-porsche-911-carrera-s-1080x720.png?resize=980%2C653&#038;ssl=1\" alt=\"sj\u00f8flyhavna\" width=\"980\" height=\"653\" class=\"size-full wp-image-17682\" srcset=\"https:\/\/i0.wp.com\/terjebjornstad.com\/no\/wp-content\/uploads\/2018\/07\/2012-porsche-911-carrera-s-1080x720.png?resize=1080%2C720&amp;ssl=1 1080w, https:\/\/i0.wp.com\/terjebjornstad.com\/no\/wp-content\/uploads\/2018\/07\/2012-porsche-911-carrera-s-1080x720.png?resize=300%2C200&amp;ssl=1 300w, https:\/\/i0.wp.com\/terjebjornstad.com\/no\/wp-content\/uploads\/2018\/07\/2012-porsche-911-carrera-s-1080x720.png?resize=768%2C512&amp;ssl=1 768w, https:\/\/i0.wp.com\/terjebjornstad.com\/no\/wp-content\/uploads\/2018\/07\/2012-porsche-911-carrera-s-1080x720.png?resize=1024%2C683&amp;ssl=1 1024w, https:\/\/i0.wp.com\/terjebjornstad.com\/no\/wp-content\/uploads\/2018\/07\/2012-porsche-911-carrera-s-1080x720.png?resize=690%2C460&amp;ssl=1 690w, https:\/\/i0.wp.com\/terjebjornstad.com\/no\/wp-content\/uploads\/2018\/07\/2012-porsche-911-carrera-s-1080x720.png?resize=980%2C653&amp;ssl=1 980w\" sizes=\"auto, (max-width: 980px) 100vw, 980px\" \/><\/a><figcaption id=\"caption-attachment-17682\" class=\"wp-caption-text\">Porsche 911 Carrera S (991.1)<\/figcaption><\/figure>\n<figure id=\"attachment_17688\" aria-describedby=\"caption-attachment-17688\" style=\"width: 1080px\" class=\"wp-caption aligncenter\"><a href=\"https:\/\/i0.wp.com\/terjebjornstad.com\/no\/wp-content\/uploads\/2018\/07\/ved-sjoflyhavna-kro.png?ssl=1\"><img data-recalc-dims=\"1\" loading=\"lazy\" decoding=\"async\" data-attachment-id=\"17688\" data-permalink=\"https:\/\/terjebjornstad.com\/no\/2018\/07\/06\/sjoflyhavna-motested-for-bilentusiaster\/ved-sjoflyhavna-kro\/\" data-orig-file=\"https:\/\/i0.wp.com\/terjebjornstad.com\/no\/wp-content\/uploads\/2018\/07\/ved-sjoflyhavna-kro.png?fit=1080%2C720&amp;ssl=1\" data-orig-size=\"1080,720\" data-comments-opened=\"1\" data-image-meta=\"{&quot;aperture&quot;:&quot;0&quot;,&quot;credit&quot;:&quot;&quot;,&quot;camera&quot;:&quot;&quot;,&quot;caption&quot;:&quot;&quot;,&quot;created_timestamp&quot;:&quot;0&quot;,&quot;copyright&quot;:&quot;&quot;,&quot;focal_length&quot;:&quot;0&quot;,&quot;iso&quot;:&quot;0&quot;,&quot;shutter_speed&quot;:&quot;0&quot;,&quot;title&quot;:&quot;&quot;,&quot;orientation&quot;:&quot;0&quot;}\" data-image-title=\"Motiv-fra-sj\u00f8flyhavna\" data-image-description=\"\" data-image-caption=\"&lt;p&gt;Motiv fra Sj\u00f8flyhavna Kro med Nesoddb\u00e5ten i bakgrunnen.&lt;\/p&gt;\n\" data-large-file=\"https:\/\/i0.wp.com\/terjebjornstad.com\/no\/wp-content\/uploads\/2018\/07\/ved-sjoflyhavna-kro.png?fit=980%2C654&amp;ssl=1\" src=\"https:\/\/i0.wp.com\/terjebjornstad.com\/no\/wp-content\/uploads\/2018\/07\/ved-sjoflyhavna-kro.png?resize=980%2C653&#038;ssl=1\" alt=\"sj\u00f8flyhavna\" width=\"980\" height=\"653\" class=\"size-full wp-image-17688\" srcset=\"https:\/\/i0.wp.com\/terjebjornstad.com\/no\/wp-content\/uploads\/2018\/07\/ved-sjoflyhavna-kro.png?w=1080&amp;ssl=1 1080w, https:\/\/i0.wp.com\/terjebjornstad.com\/no\/wp-content\/uploads\/2018\/07\/ved-sjoflyhavna-kro.png?resize=300%2C200&amp;ssl=1 300w, https:\/\/i0.wp.com\/terjebjornstad.com\/no\/wp-content\/uploads\/2018\/07\/ved-sjoflyhavna-kro.png?resize=768%2C512&amp;ssl=1 768w, https:\/\/i0.wp.com\/terjebjornstad.com\/no\/wp-content\/uploads\/2018\/07\/ved-sjoflyhavna-kro.png?resize=1024%2C683&amp;ssl=1 1024w, https:\/\/i0.wp.com\/terjebjornstad.com\/no\/wp-content\/uploads\/2018\/07\/ved-sjoflyhavna-kro.png?resize=690%2C460&amp;ssl=1 690w, https:\/\/i0.wp.com\/terjebjornstad.com\/no\/wp-content\/uploads\/2018\/07\/ved-sjoflyhavna-kro.png?resize=980%2C653&amp;ssl=1 980w\" sizes=\"auto, (max-width: 980px) 100vw, 980px\" \/><\/a><figcaption id=\"caption-attachment-17688\" class=\"wp-caption-text\">Motiv fra Sj\u00f8flyhavna Kro med Nesoddb\u00e5ten i bakgrunnen.<\/figcaption><\/figure>\n<p>&nbsp;<\/p>\n<p><figure id=\"attachment_10890\" aria-describedby=\"caption-attachment-10890\" style=\"width: 150px\" class=\"wp-caption alignleft\"><a href=\"https:\/\/terjebjornstad.com\/no\/2017\/06\/16\/porscher-pa-tur\/\"><img data-recalc-dims=\"1\" loading=\"lazy\" decoding=\"async\" data-attachment-id=\"10890\" data-permalink=\"https:\/\/terjebjornstad.com\/no\/2017\/06\/16\/porscher-pa-tur\/porsche-cayman-21-686\/\" data-orig-file=\"https:\/\/i0.wp.com\/terjebjornstad.com\/no\/wp-content\/uploads\/2017\/06\/porsche-cayman-21-686.png?fit=686%2C457&amp;ssl=1\" data-orig-size=\"686,457\" data-comments-opened=\"1\" data-image-meta=\"{&quot;aperture&quot;:&quot;0&quot;,&quot;credit&quot;:&quot;&quot;,&quot;camera&quot;:&quot;&quot;,&quot;caption&quot;:&quot;&quot;,&quot;created_timestamp&quot;:&quot;0&quot;,&quot;copyright&quot;:&quot;&quot;,&quot;focal_length&quot;:&quot;0&quot;,&quot;iso&quot;:&quot;0&quot;,&quot;shutter_speed&quot;:&quot;0&quot;,&quot;title&quot;:&quot;&quot;,&quot;orientation&quot;:&quot;0&quot;}\" data-image-title=\"porsche-cayman-21-686\" data-image-description=\"\" data-image-caption=\"&lt;p&gt;Porscher p\u00e5 tur&lt;\/p&gt;\n\" data-large-file=\"https:\/\/i0.wp.com\/terjebjornstad.com\/no\/wp-content\/uploads\/2017\/06\/porsche-cayman-21-686.png?fit=686%2C457&amp;ssl=1\" src=\"https:\/\/i0.wp.com\/terjebjornstad.com\/no\/wp-content\/uploads\/2017\/06\/porsche-cayman-21-686.png?resize=150%2C150&#038;ssl=1\" alt=\"sj\u00f8flyhavna\" width=\"150\" height=\"150\" class=\"size-thumbnail wp-image-10890\" srcset=\"https:\/\/i0.wp.com\/terjebjornstad.com\/no\/wp-content\/uploads\/2017\/06\/porsche-cayman-21-686.png?resize=150%2C150&amp;ssl=1 150w, https:\/\/i0.wp.com\/terjebjornstad.com\/no\/wp-content\/uploads\/2017\/06\/porsche-cayman-21-686.png?resize=50%2C50&amp;ssl=1 50w, https:\/\/i0.wp.com\/terjebjornstad.com\/no\/wp-content\/uploads\/2017\/06\/porsche-cayman-21-686.png?zoom=2&amp;resize=150%2C150&amp;ssl=1 300w, https:\/\/i0.wp.com\/terjebjornstad.com\/no\/wp-content\/uploads\/2017\/06\/porsche-cayman-21-686.png?zoom=3&amp;resize=150%2C150&amp;ssl=1 450w\" sizes=\"auto, (max-width: 150px) 100vw, 150px\" \/><\/a><figcaption id=\"caption-attachment-10890\" class=\"wp-caption-text\">Porscher p\u00e5 tur<\/figcaption><\/figure><figure id=\"attachment_19371\" aria-describedby=\"caption-attachment-19371\" style=\"width: 150px\" class=\"wp-caption alignleft\"><a href=\"https:\/\/terjebjornstad.com\/no\/2018\/09\/21\/sportsbiler-ved-sjoflyhavna-kro\/\"><img data-recalc-dims=\"1\" loading=\"lazy\" decoding=\"async\" data-attachment-id=\"19371\" data-permalink=\"https:\/\/terjebjornstad.com\/no\/2018\/09\/21\/sportsbiler-ved-sjoflyhavna-kro\/ferrari-355-berlinetta-1080x720\/\" data-orig-file=\"https:\/\/i0.wp.com\/terjebjornstad.com\/no\/wp-content\/uploads\/2018\/09\/ferrari-355-berlinetta-1080x720.png?fit=1080%2C720&amp;ssl=1\" data-orig-size=\"1080,720\" data-comments-opened=\"1\" data-image-meta=\"{&quot;aperture&quot;:&quot;0&quot;,&quot;credit&quot;:&quot;&quot;,&quot;camera&quot;:&quot;&quot;,&quot;caption&quot;:&quot;&quot;,&quot;created_timestamp&quot;:&quot;0&quot;,&quot;copyright&quot;:&quot;&quot;,&quot;focal_length&quot;:&quot;0&quot;,&quot;iso&quot;:&quot;0&quot;,&quot;shutter_speed&quot;:&quot;0&quot;,&quot;title&quot;:&quot;&quot;,&quot;orientation&quot;:&quot;0&quot;}\" data-image-title=\"ferrari-355-berlinetta-1080&amp;#215;720\" data-image-description=\"\" data-image-caption=\"&lt;p&gt;Sportsbiler ved Sj\u00f8flyhavna kro&lt;\/p&gt;\n\" data-large-file=\"https:\/\/i0.wp.com\/terjebjornstad.com\/no\/wp-content\/uploads\/2018\/09\/ferrari-355-berlinetta-1080x720.png?fit=980%2C653&amp;ssl=1\" src=\"https:\/\/i0.wp.com\/terjebjornstad.com\/no\/wp-content\/uploads\/2018\/09\/ferrari-355-berlinetta-1080x720.png?resize=150%2C150&#038;ssl=1\" alt=\"\" width=\"150\" height=\"150\" class=\"size-thumbnail wp-image-19371\" srcset=\"https:\/\/i0.wp.com\/terjebjornstad.com\/no\/wp-content\/uploads\/2018\/09\/ferrari-355-berlinetta-1080x720.png?resize=150%2C150&amp;ssl=1 150w, https:\/\/i0.wp.com\/terjebjornstad.com\/no\/wp-content\/uploads\/2018\/09\/ferrari-355-berlinetta-1080x720.png?resize=50%2C50&amp;ssl=1 50w, https:\/\/i0.wp.com\/terjebjornstad.com\/no\/wp-content\/uploads\/2018\/09\/ferrari-355-berlinetta-1080x720.png?zoom=2&amp;resize=150%2C150&amp;ssl=1 300w, https:\/\/i0.wp.com\/terjebjornstad.com\/no\/wp-content\/uploads\/2018\/09\/ferrari-355-berlinetta-1080x720.png?zoom=3&amp;resize=150%2C150&amp;ssl=1 450w\" sizes=\"auto, (max-width: 150px) 100vw, 150px\" \/><\/a><figcaption id=\"caption-attachment-19371\" class=\"wp-caption-text\">Sportsbiler ved Sj\u00f8flyhavna kro<\/figcaption><\/figure><\/p>\n<p><br \/>\n<a href=\"https:\/\/www.sjoflyhavna.no\/\" target=\"_blank\" rel=\"noopener\"><strong>Sj\u00f8flyhavna Kro<\/strong><\/a><\/p>\n<\/div>\n","protected":false,"gt_translate_keys":[{"key":"rendered","format":"html"}]},"excerpt":{"rendered":"<p>Da Oslo sj\u00f8flyplass ved Gressholmen ble for liten, vedtok staten \u00e5 etablere en ny flyplass p\u00e5 Fornebu. Et anlegg for \u00e5 betjene fly b\u00e5de til lands og til vanns. Det som i dag er Sj\u00f8flyhavna Kro, ble bygget i 1939 som en ekspedisjonsbygning for \u00e5 betjene sj\u00f8flytrafikken. Den gang trodde man at amfibieflyene skulle dominere [&hellip;]<\/p>\n","protected":false,"gt_translate_keys":[{"key":"rendered","format":"html"}]},"author":1,"featured_media":17689,"comment_status":"open","ping_status":"open","sticky":false,"template":"","format":"standard","meta":{"_monsterinsights_skip_tracking":false,"_monsterinsights_sitenote_active":false,"_monsterinsights_sitenote_note":"","_monsterinsights_sitenote_category":0,"jetpack_post_was_ever_published":false,"_jetpack_newsletter_access":"","_jetpack_dont_email_post_to_subs":false,"_jetpack_newsletter_tier_id":0,"_jetpack_memberships_contains_paywalled_content":false,"_jetpack_memberships_contains_paid_content":false,"footnotes":"","jetpack_publicize_message":"","jetpack_publicize_feature_enabled":true,"jetpack_social_post_already_shared":true,"jetpack_social_options":{"image_generator_settings":{"template":"highway","default_image_id":0,"font":"","enabled":false},"version":2}},"categories":[34,573],"tags":[1841,1844,1842,1840,1838,1837,1839,1843],"class_list":["post-17699","post","type-post","status-publish","format-standard","has-post-thumbnail","hentry","category-artikkel","category-porsche","tag-biltreff-sjoflyhavna-sjoflyhavna-kro","tag-lizzard-green","tag-martin-linges-vei-57","tag-porsche-treff","tag-porschetreff","tag-sjoflyhavna","tag-sportsbil","tag-sportsbiler"],"yoast_head":"<!-- This site is optimized with the Yoast SEO plugin v27.5 - https:\/\/yoast.com\/product\/yoast-seo-wordpress\/ -->\n<title>Sj\u00f8flyhavna - m\u00f8tested for bilentusiaster - Terjes biler<\/title>\n<meta name=\"description\" content=\"Sj\u00f8flyhavna Kro er et yndet m\u00f8tested for eiere av sportsbiler og andre fine biler. Hit kan du dra for \u00e5 lufte finbilen i en fin sommerkveld.\" \/>\n<meta name=\"robots\" content=\"index, follow, max-snippet:-1, max-image-preview:large, max-video-preview:-1\" \/>\n<link rel=\"canonical\" href=\"https:\/\/terjebjornstad.com\/no\/2018\/07\/06\/sjoflyhavna-motested-for-bilentusiaster\/\" \/>\n<meta property=\"og:locale\" content=\"nb_NO\" \/>\n<meta property=\"og:type\" content=\"article\" \/>\n<meta property=\"og:title\" content=\"Sj\u00f8flyhavna - m\u00f8tested for bilentusiaster - Terjes biler\" \/>\n<meta property=\"og:description\" content=\"Sj\u00f8flyhavna Kro er et yndet m\u00f8tested for eiere av sportsbiler og andre fine biler. Hit kan du dra for \u00e5 lufte finbilen i en fin sommerkveld.\" \/>\n<meta property=\"og:url\" content=\"https:\/\/terjebjornstad.com\/no\/2018\/07\/06\/sjoflyhavna-motested-for-bilentusiaster\/\" \/>\n<meta property=\"og:site_name\" content=\"Terjes biler\" \/>\n<meta property=\"article:publisher\" content=\"https:\/\/www.facebook.com\/terjesbiler\/\" \/>\n<meta property=\"article:author\" content=\"https:\/\/www.facebook.com\/terjesbiler\" \/>\n<meta property=\"article:published_time\" content=\"2018-07-06T14:41:05+00:00\" \/>\n<meta property=\"article:modified_time\" content=\"2026-03-15T11:16:42+00:00\" \/>\n<meta property=\"og:image\" content=\"https:\/\/terjebjornstad.com\/no\/wp-content\/uploads\/2018\/07\/porsche-911-gt3-rs-3-1080x1080-2.png\" \/>\n\t<meta property=\"og:image:width\" content=\"1080\" \/>\n\t<meta property=\"og:image:height\" content=\"720\" \/>\n\t<meta property=\"og:image:type\" content=\"image\/png\" \/>\n<meta name=\"author\" content=\"Terje Bj\u00f8rnstad\" \/>\n<meta name=\"twitter:card\" content=\"summary_large_image\" \/>\n<meta name=\"twitter:label1\" content=\"Skrevet av\" \/>\n\t<meta name=\"twitter:data1\" content=\"Terje Bj\u00f8rnstad\" \/>\n\t<meta name=\"twitter:label2\" content=\"Ansl. lesetid\" \/>\n\t<meta name=\"twitter:data2\" content=\"5 minutter\" \/>\n<script type=\"application\/ld+json\" class=\"yoast-schema-graph\">{\"@context\":\"https:\\\/\\\/schema.org\",\"@graph\":[{\"@type\":\"Article\",\"@id\":\"https:\\\/\\\/terjebjornstad.com\\\/no\\\/2018\\\/07\\\/06\\\/sjoflyhavna-motested-for-bilentusiaster\\\/#article\",\"isPartOf\":{\"@id\":\"https:\\\/\\\/terjebjornstad.com\\\/no\\\/2018\\\/07\\\/06\\\/sjoflyhavna-motested-for-bilentusiaster\\\/\"},\"author\":{\"name\":\"Terje Bj\u00f8rnstad\",\"@id\":\"https:\\\/\\\/terjebjornstad.com\\\/no\\\/#\\\/schema\\\/person\\\/a281f6a6e0f3cc9fe468e7f0c655aa65\"},\"headline\":\"Sj\u00f8flyhavna &#8211; m\u00f8tested for bilentusiaster\",\"datePublished\":\"2018-07-06T14:41:05+00:00\",\"dateModified\":\"2026-03-15T11:16:42+00:00\",\"mainEntityOfPage\":{\"@id\":\"https:\\\/\\\/terjebjornstad.com\\\/no\\\/2018\\\/07\\\/06\\\/sjoflyhavna-motested-for-bilentusiaster\\\/\"},\"wordCount\":543,\"commentCount\":0,\"publisher\":{\"@id\":\"https:\\\/\\\/terjebjornstad.com\\\/no\\\/#organization\"},\"image\":{\"@id\":\"https:\\\/\\\/terjebjornstad.com\\\/no\\\/2018\\\/07\\\/06\\\/sjoflyhavna-motested-for-bilentusiaster\\\/#primaryimage\"},\"thumbnailUrl\":\"https:\\\/\\\/i0.wp.com\\\/terjebjornstad.com\\\/no\\\/wp-content\\\/uploads\\\/2018\\\/07\\\/porsche-911-gt3-rs-3-1080x1080-2.png?fit=1080%2C720&ssl=1\",\"keywords\":[\"Biltreff Sj\u00f8flyhavna\",\"lizzard green\",\"Martin Linges vei 57\",\"porsche treff\",\"porschetreff\",\"sj\u00f8flyhavna\",\"sportsbil\",\"sportsbiler\"],\"articleSection\":[\"Artikkel\",\"Porsche\"],\"inLanguage\":\"nb-NO\",\"potentialAction\":[{\"@type\":\"CommentAction\",\"name\":\"Comment\",\"target\":[\"https:\\\/\\\/terjebjornstad.com\\\/no\\\/2018\\\/07\\\/06\\\/sjoflyhavna-motested-for-bilentusiaster\\\/#respond\"]}]},{\"@type\":\"WebPage\",\"@id\":\"https:\\\/\\\/terjebjornstad.com\\\/no\\\/2018\\\/07\\\/06\\\/sjoflyhavna-motested-for-bilentusiaster\\\/\",\"url\":\"https:\\\/\\\/terjebjornstad.com\\\/no\\\/2018\\\/07\\\/06\\\/sjoflyhavna-motested-for-bilentusiaster\\\/\",\"name\":\"Sj\u00f8flyhavna - m\u00f8tested for bilentusiaster - Terjes biler\",\"isPartOf\":{\"@id\":\"https:\\\/\\\/terjebjornstad.com\\\/no\\\/#website\"},\"primaryImageOfPage\":{\"@id\":\"https:\\\/\\\/terjebjornstad.com\\\/no\\\/2018\\\/07\\\/06\\\/sjoflyhavna-motested-for-bilentusiaster\\\/#primaryimage\"},\"image\":{\"@id\":\"https:\\\/\\\/terjebjornstad.com\\\/no\\\/2018\\\/07\\\/06\\\/sjoflyhavna-motested-for-bilentusiaster\\\/#primaryimage\"},\"thumbnailUrl\":\"https:\\\/\\\/i0.wp.com\\\/terjebjornstad.com\\\/no\\\/wp-content\\\/uploads\\\/2018\\\/07\\\/porsche-911-gt3-rs-3-1080x1080-2.png?fit=1080%2C720&ssl=1\",\"datePublished\":\"2018-07-06T14:41:05+00:00\",\"dateModified\":\"2026-03-15T11:16:42+00:00\",\"description\":\"Sj\u00f8flyhavna Kro er et yndet m\u00f8tested for eiere av sportsbiler og andre fine biler. Hit kan du dra for \u00e5 lufte finbilen i en fin sommerkveld.\",\"breadcrumb\":{\"@id\":\"https:\\\/\\\/terjebjornstad.com\\\/no\\\/2018\\\/07\\\/06\\\/sjoflyhavna-motested-for-bilentusiaster\\\/#breadcrumb\"},\"inLanguage\":\"nb-NO\",\"potentialAction\":[{\"@type\":\"ReadAction\",\"target\":[\"https:\\\/\\\/terjebjornstad.com\\\/no\\\/2018\\\/07\\\/06\\\/sjoflyhavna-motested-for-bilentusiaster\\\/\"]}]},{\"@type\":\"ImageObject\",\"inLanguage\":\"nb-NO\",\"@id\":\"https:\\\/\\\/terjebjornstad.com\\\/no\\\/2018\\\/07\\\/06\\\/sjoflyhavna-motested-for-bilentusiaster\\\/#primaryimage\",\"url\":\"https:\\\/\\\/i0.wp.com\\\/terjebjornstad.com\\\/no\\\/wp-content\\\/uploads\\\/2018\\\/07\\\/porsche-911-gt3-rs-3-1080x1080-2.png?fit=1080%2C720&ssl=1\",\"contentUrl\":\"https:\\\/\\\/i0.wp.com\\\/terjebjornstad.com\\\/no\\\/wp-content\\\/uploads\\\/2018\\\/07\\\/porsche-911-gt3-rs-3-1080x1080-2.png?fit=1080%2C720&ssl=1\",\"width\":1080,\"height\":720,\"caption\":\"Sj\u00f8flyhavna Kro er et popul\u00e6rt samlingspunkt for bilklubber.\"},{\"@type\":\"BreadcrumbList\",\"@id\":\"https:\\\/\\\/terjebjornstad.com\\\/no\\\/2018\\\/07\\\/06\\\/sjoflyhavna-motested-for-bilentusiaster\\\/#breadcrumb\",\"itemListElement\":[{\"@type\":\"ListItem\",\"position\":1,\"name\":\"Hjem\",\"item\":\"https:\\\/\\\/terjebjornstad.com\\\/no\\\/\"},{\"@type\":\"ListItem\",\"position\":2,\"name\":\"Sj\u00f8flyhavna &#8211; m\u00f8tested for bilentusiaster\"}]},{\"@type\":\"WebSite\",\"@id\":\"https:\\\/\\\/terjebjornstad.com\\\/no\\\/#website\",\"url\":\"https:\\\/\\\/terjebjornstad.com\\\/no\\\/\",\"name\":\"Terjes biler\",\"description\":\"HONEST ABOUT CARS\",\"publisher\":{\"@id\":\"https:\\\/\\\/terjebjornstad.com\\\/no\\\/#organization\"},\"alternateName\":\"Terjebjornstad.com\",\"potentialAction\":[{\"@type\":\"SearchAction\",\"target\":{\"@type\":\"EntryPoint\",\"urlTemplate\":\"https:\\\/\\\/terjebjornstad.com\\\/no\\\/?s={search_term_string}\"},\"query-input\":{\"@type\":\"PropertyValueSpecification\",\"valueRequired\":true,\"valueName\":\"search_term_string\"}}],\"inLanguage\":\"nb-NO\"},{\"@type\":\"Organization\",\"@id\":\"https:\\\/\\\/terjebjornstad.com\\\/no\\\/#organization\",\"name\":\"Terje Bj\u00f8rnstad ENK\",\"url\":\"https:\\\/\\\/terjebjornstad.com\\\/no\\\/\",\"logo\":{\"@type\":\"ImageObject\",\"inLanguage\":\"nb-NO\",\"@id\":\"https:\\\/\\\/terjebjornstad.com\\\/no\\\/#\\\/schema\\\/logo\\\/image\\\/\",\"url\":\"https:\\\/\\\/i0.wp.com\\\/terjebjornstad.com\\\/no\\\/wp-content\\\/uploads\\\/2026\\\/02\\\/terjesbiler2024-960x354-1.png?fit=960%2C354&ssl=1\",\"contentUrl\":\"https:\\\/\\\/i0.wp.com\\\/terjebjornstad.com\\\/no\\\/wp-content\\\/uploads\\\/2026\\\/02\\\/terjesbiler2024-960x354-1.png?fit=960%2C354&ssl=1\",\"width\":960,\"height\":354,\"caption\":\"Terje Bj\u00f8rnstad ENK\"},\"image\":{\"@id\":\"https:\\\/\\\/terjebjornstad.com\\\/no\\\/#\\\/schema\\\/logo\\\/image\\\/\"},\"sameAs\":[\"https:\\\/\\\/www.facebook.com\\\/terjesbiler\\\/\",\"https:\\\/\\\/www.instagram.com\\\/terjesbiler\\\/\",\"https:\\\/\\\/www.pinteres.com\\\/terjebjrnstad\\\/terjes-biler\\\/\"]},{\"@type\":\"Person\",\"@id\":\"https:\\\/\\\/terjebjornstad.com\\\/no\\\/#\\\/schema\\\/person\\\/a281f6a6e0f3cc9fe468e7f0c655aa65\",\"name\":\"Terje Bj\u00f8rnstad\",\"image\":{\"@type\":\"ImageObject\",\"inLanguage\":\"nb-NO\",\"@id\":\"https:\\\/\\\/secure.gravatar.com\\\/avatar\\\/e8dff505b51cf6cb67ae06a06022d2049aac2da1e79dc146a36b58798c4b40ea?s=96&d=mm&r=g\",\"url\":\"https:\\\/\\\/secure.gravatar.com\\\/avatar\\\/e8dff505b51cf6cb67ae06a06022d2049aac2da1e79dc146a36b58798c4b40ea?s=96&d=mm&r=g\",\"contentUrl\":\"https:\\\/\\\/secure.gravatar.com\\\/avatar\\\/e8dff505b51cf6cb67ae06a06022d2049aac2da1e79dc146a36b58798c4b40ea?s=96&d=mm&r=g\",\"caption\":\"Terje Bj\u00f8rnstad\"},\"description\":\"Terje Bj\u00f8rnstad. Bloggadministrator, hobbyfotograf og bilnerd.\",\"sameAs\":[\"https:\\\/\\\/www.facebook.com\\\/terjesbiler\",\"https:\\\/\\\/www.instagram.com\\\/terjesbiler\",\"https:\\\/\\\/no.pinterest.com\\\/terjebjrnstad\",\"https:\\\/\\\/www.youtube.com\\\/channel\\\/UCzCKJJDybyIgKqatc_JQqIg\"]}]}<\/script>\n<!-- \/ Yoast SEO plugin. -->","yoast_head_json":{"title":"Sj\u00f8flyhavna - m\u00f8tested for bilentusiaster - Terjes biler","description":"Sj\u00f8flyhavna Kro er et yndet m\u00f8tested for eiere av sportsbiler og andre fine biler. Hit kan du dra for \u00e5 lufte finbilen i en fin sommerkveld.","robots":{"index":"index","follow":"follow","max-snippet":"max-snippet:-1","max-image-preview":"max-image-preview:large","max-video-preview":"max-video-preview:-1"},"canonical":"https:\/\/terjebjornstad.com\/no\/2018\/07\/06\/sjoflyhavna-motested-for-bilentusiaster\/","og_locale":"nb_NO","og_type":"article","og_title":"Sj\u00f8flyhavna - m\u00f8tested for bilentusiaster - Terjes biler","og_description":"Sj\u00f8flyhavna Kro er et yndet m\u00f8tested for eiere av sportsbiler og andre fine biler. Hit kan du dra for \u00e5 lufte finbilen i en fin sommerkveld.","og_url":"https:\/\/terjebjornstad.com\/no\/2018\/07\/06\/sjoflyhavna-motested-for-bilentusiaster\/","og_site_name":"Terjes biler","article_publisher":"https:\/\/www.facebook.com\/terjesbiler\/","article_author":"https:\/\/www.facebook.com\/terjesbiler","article_published_time":"2018-07-06T14:41:05+00:00","article_modified_time":"2026-03-15T11:16:42+00:00","og_image":[{"width":1080,"height":720,"url":"https:\/\/terjebjornstad.com\/no\/wp-content\/uploads\/2018\/07\/porsche-911-gt3-rs-3-1080x1080-2.png","type":"image\/png"}],"author":"Terje Bj\u00f8rnstad","twitter_card":"summary_large_image","twitter_misc":{"Skrevet av":"Terje Bj\u00f8rnstad","Ansl. lesetid":"5 minutter"},"schema":{"@context":"https:\/\/schema.org","@graph":[{"@type":"Article","@id":"https:\/\/terjebjornstad.com\/no\/2018\/07\/06\/sjoflyhavna-motested-for-bilentusiaster\/#article","isPartOf":{"@id":"https:\/\/terjebjornstad.com\/no\/2018\/07\/06\/sjoflyhavna-motested-for-bilentusiaster\/"},"author":{"name":"Terje Bj\u00f8rnstad","@id":"https:\/\/terjebjornstad.com\/no\/#\/schema\/person\/a281f6a6e0f3cc9fe468e7f0c655aa65"},"headline":"Sj\u00f8flyhavna &#8211; m\u00f8tested for bilentusiaster","datePublished":"2018-07-06T14:41:05+00:00","dateModified":"2026-03-15T11:16:42+00:00","mainEntityOfPage":{"@id":"https:\/\/terjebjornstad.com\/no\/2018\/07\/06\/sjoflyhavna-motested-for-bilentusiaster\/"},"wordCount":543,"commentCount":0,"publisher":{"@id":"https:\/\/terjebjornstad.com\/no\/#organization"},"image":{"@id":"https:\/\/terjebjornstad.com\/no\/2018\/07\/06\/sjoflyhavna-motested-for-bilentusiaster\/#primaryimage"},"thumbnailUrl":"https:\/\/i0.wp.com\/terjebjornstad.com\/no\/wp-content\/uploads\/2018\/07\/porsche-911-gt3-rs-3-1080x1080-2.png?fit=1080%2C720&ssl=1","keywords":["Biltreff Sj\u00f8flyhavna","lizzard green","Martin Linges vei 57","porsche treff","porschetreff","sj\u00f8flyhavna","sportsbil","sportsbiler"],"articleSection":["Artikkel","Porsche"],"inLanguage":"nb-NO","potentialAction":[{"@type":"CommentAction","name":"Comment","target":["https:\/\/terjebjornstad.com\/no\/2018\/07\/06\/sjoflyhavna-motested-for-bilentusiaster\/#respond"]}]},{"@type":"WebPage","@id":"https:\/\/terjebjornstad.com\/no\/2018\/07\/06\/sjoflyhavna-motested-for-bilentusiaster\/","url":"https:\/\/terjebjornstad.com\/no\/2018\/07\/06\/sjoflyhavna-motested-for-bilentusiaster\/","name":"Sj\u00f8flyhavna - m\u00f8tested for bilentusiaster - Terjes biler","isPartOf":{"@id":"https:\/\/terjebjornstad.com\/no\/#website"},"primaryImageOfPage":{"@id":"https:\/\/terjebjornstad.com\/no\/2018\/07\/06\/sjoflyhavna-motested-for-bilentusiaster\/#primaryimage"},"image":{"@id":"https:\/\/terjebjornstad.com\/no\/2018\/07\/06\/sjoflyhavna-motested-for-bilentusiaster\/#primaryimage"},"thumbnailUrl":"https:\/\/i0.wp.com\/terjebjornstad.com\/no\/wp-content\/uploads\/2018\/07\/porsche-911-gt3-rs-3-1080x1080-2.png?fit=1080%2C720&ssl=1","datePublished":"2018-07-06T14:41:05+00:00","dateModified":"2026-03-15T11:16:42+00:00","description":"Sj\u00f8flyhavna Kro er et yndet m\u00f8tested for eiere av sportsbiler og andre fine biler. Hit kan du dra for \u00e5 lufte finbilen i en fin sommerkveld.","breadcrumb":{"@id":"https:\/\/terjebjornstad.com\/no\/2018\/07\/06\/sjoflyhavna-motested-for-bilentusiaster\/#breadcrumb"},"inLanguage":"nb-NO","potentialAction":[{"@type":"ReadAction","target":["https:\/\/terjebjornstad.com\/no\/2018\/07\/06\/sjoflyhavna-motested-for-bilentusiaster\/"]}]},{"@type":"ImageObject","inLanguage":"nb-NO","@id":"https:\/\/terjebjornstad.com\/no\/2018\/07\/06\/sjoflyhavna-motested-for-bilentusiaster\/#primaryimage","url":"https:\/\/i0.wp.com\/terjebjornstad.com\/no\/wp-content\/uploads\/2018\/07\/porsche-911-gt3-rs-3-1080x1080-2.png?fit=1080%2C720&ssl=1","contentUrl":"https:\/\/i0.wp.com\/terjebjornstad.com\/no\/wp-content\/uploads\/2018\/07\/porsche-911-gt3-rs-3-1080x1080-2.png?fit=1080%2C720&ssl=1","width":1080,"height":720,"caption":"Sj\u00f8flyhavna Kro er et popul\u00e6rt samlingspunkt for bilklubber."},{"@type":"BreadcrumbList","@id":"https:\/\/terjebjornstad.com\/no\/2018\/07\/06\/sjoflyhavna-motested-for-bilentusiaster\/#breadcrumb","itemListElement":[{"@type":"ListItem","position":1,"name":"Hjem","item":"https:\/\/terjebjornstad.com\/no\/"},{"@type":"ListItem","position":2,"name":"Sj\u00f8flyhavna &#8211; m\u00f8tested for bilentusiaster"}]},{"@type":"WebSite","@id":"https:\/\/terjebjornstad.com\/no\/#website","url":"https:\/\/terjebjornstad.com\/no\/","name":"Terjes biler","description":"HONEST ABOUT CARS","publisher":{"@id":"https:\/\/terjebjornstad.com\/no\/#organization"},"alternateName":"Terjebjornstad.com","potentialAction":[{"@type":"SearchAction","target":{"@type":"EntryPoint","urlTemplate":"https:\/\/terjebjornstad.com\/no\/?s={search_term_string}"},"query-input":{"@type":"PropertyValueSpecification","valueRequired":true,"valueName":"search_term_string"}}],"inLanguage":"nb-NO"},{"@type":"Organization","@id":"https:\/\/terjebjornstad.com\/no\/#organization","name":"Terje Bj\u00f8rnstad ENK","url":"https:\/\/terjebjornstad.com\/no\/","logo":{"@type":"ImageObject","inLanguage":"nb-NO","@id":"https:\/\/terjebjornstad.com\/no\/#\/schema\/logo\/image\/","url":"https:\/\/i0.wp.com\/terjebjornstad.com\/no\/wp-content\/uploads\/2026\/02\/terjesbiler2024-960x354-1.png?fit=960%2C354&ssl=1","contentUrl":"https:\/\/i0.wp.com\/terjebjornstad.com\/no\/wp-content\/uploads\/2026\/02\/terjesbiler2024-960x354-1.png?fit=960%2C354&ssl=1","width":960,"height":354,"caption":"Terje Bj\u00f8rnstad ENK"},"image":{"@id":"https:\/\/terjebjornstad.com\/no\/#\/schema\/logo\/image\/"},"sameAs":["https:\/\/www.facebook.com\/terjesbiler\/","https:\/\/www.instagram.com\/terjesbiler\/","https:\/\/www.pinteres.com\/terjebjrnstad\/terjes-biler\/"]},{"@type":"Person","@id":"https:\/\/terjebjornstad.com\/no\/#\/schema\/person\/a281f6a6e0f3cc9fe468e7f0c655aa65","name":"Terje Bj\u00f8rnstad","image":{"@type":"ImageObject","inLanguage":"nb-NO","@id":"https:\/\/secure.gravatar.com\/avatar\/e8dff505b51cf6cb67ae06a06022d2049aac2da1e79dc146a36b58798c4b40ea?s=96&d=mm&r=g","url":"https:\/\/secure.gravatar.com\/avatar\/e8dff505b51cf6cb67ae06a06022d2049aac2da1e79dc146a36b58798c4b40ea?s=96&d=mm&r=g","contentUrl":"https:\/\/secure.gravatar.com\/avatar\/e8dff505b51cf6cb67ae06a06022d2049aac2da1e79dc146a36b58798c4b40ea?s=96&d=mm&r=g","caption":"Terje Bj\u00f8rnstad"},"description":"Terje Bj\u00f8rnstad. Bloggadministrator, hobbyfotograf og bilnerd.","sameAs":["https:\/\/www.facebook.com\/terjesbiler","https:\/\/www.instagram.com\/terjesbiler","https:\/\/no.pinterest.com\/terjebjrnstad","https:\/\/www.youtube.com\/channel\/UCzCKJJDybyIgKqatc_JQqIg"]}]}},"jetpack_publicize_connections":[],"jetpack_featured_media_url":"https:\/\/i0.wp.com\/terjebjornstad.com\/no\/wp-content\/uploads\/2018\/07\/porsche-911-gt3-rs-3-1080x1080-2.png?fit=1080%2C720&ssl=1","jetpack_sharing_enabled":true,"jetpack_shortlink":"https:\/\/wp.me\/p48zYA-4Bt","jetpack-related-posts":[{"id":19366,"url":"https:\/\/terjebjornstad.com\/no\/2018\/09\/21\/sportsbiler-ved-sjoflyhavna-kro\/","url_meta":{"origin":17699,"position":0},"title":"Sportsbiler ved Sj\u00f8flyhavna kro","author":"Terje Bj\u00f8rnstad","date":"21\/09\/2018","format":false,"excerpt":"N\u00e5r Norsk Sportsvogn Klubb m\u00f8tes p\u00e5 Sj\u00f8flyhavna kro ser det ut som et utested for rikinger - cirka 10 \u00e5r tilbake i tid, eller noe s\u00e5nt. Andre hverdager er det ganske rolig her. Bare en tom parkeringsplass ved siden av et industriomr\u00e5de. \u00a0 Stemningen p\u00e5 bildene lyver. Det er ingen\u2026","rel":"","context":"i &quot;Artikkel&quot;","block_context":{"text":"Artikkel","link":"https:\/\/terjebjornstad.com\/no\/category\/artikkel\/"},"img":{"alt_text":"","src":"https:\/\/i0.wp.com\/terjebjornstad.com\/no\/wp-content\/uploads\/2018\/09\/ferrari-355-berlinetta-1080x720.png?fit=1080%2C720&ssl=1&resize=350%2C200","width":350,"height":200,"srcset":"https:\/\/i0.wp.com\/terjebjornstad.com\/no\/wp-content\/uploads\/2018\/09\/ferrari-355-berlinetta-1080x720.png?fit=1080%2C720&ssl=1&resize=350%2C200 1x, https:\/\/i0.wp.com\/terjebjornstad.com\/no\/wp-content\/uploads\/2018\/09\/ferrari-355-berlinetta-1080x720.png?fit=1080%2C720&ssl=1&resize=525%2C300 1.5x, https:\/\/i0.wp.com\/terjebjornstad.com\/no\/wp-content\/uploads\/2018\/09\/ferrari-355-berlinetta-1080x720.png?fit=1080%2C720&ssl=1&resize=700%2C400 2x, https:\/\/i0.wp.com\/terjebjornstad.com\/no\/wp-content\/uploads\/2018\/09\/ferrari-355-berlinetta-1080x720.png?fit=1080%2C720&ssl=1&resize=1050%2C600 3x"},"classes":[]},{"id":33720,"url":"https:\/\/terjebjornstad.com\/no\/2020\/07\/17\/sportsbilmote-pa-sjoflyhavna\/","url_meta":{"origin":17699,"position":1},"title":"Sportsbilm\u00f8te p\u00e5 Sj\u00f8flyhavna","author":"Terje Bj\u00f8rnstad","date":"17\/07\/2020","format":false,"excerpt":"Stor spennvidde i kj\u00f8ret\u00f8y Medlemmer av Norsk Sportsvogn Klubb hadde avtalt \u00e5 m\u00f8tes p\u00e5 Sj\u00f8flyhavna utenfor Oslo. Jeg liker mangfoldet i foreningen - p\u00e5 biler alts\u00e5. Det kan v\u00e6re engelsk, italiensk, fransk, amerikansk, tysk eller japansk - dyrt eller billig - stor eller liten - ny eller gammel. Jeg vet\u2026","rel":"","context":"i &quot;Artikkel&quot;","block_context":{"text":"Artikkel","link":"https:\/\/terjebjornstad.com\/no\/category\/artikkel\/"},"img":{"alt_text":"morgan plus 4","src":"https:\/\/i0.wp.com\/terjebjornstad.com\/no\/wp-content\/uploads\/2020\/07\/12_1957-morgan-p4-2-0-1080x720-1.png?resize=350%2C200&ssl=1","width":350,"height":200,"srcset":"https:\/\/i0.wp.com\/terjebjornstad.com\/no\/wp-content\/uploads\/2020\/07\/12_1957-morgan-p4-2-0-1080x720-1.png?resize=350%2C200&ssl=1 1x, https:\/\/i0.wp.com\/terjebjornstad.com\/no\/wp-content\/uploads\/2020\/07\/12_1957-morgan-p4-2-0-1080x720-1.png?resize=525%2C300&ssl=1 1.5x, https:\/\/i0.wp.com\/terjebjornstad.com\/no\/wp-content\/uploads\/2020\/07\/12_1957-morgan-p4-2-0-1080x720-1.png?resize=700%2C400&ssl=1 2x, https:\/\/i0.wp.com\/terjebjornstad.com\/no\/wp-content\/uploads\/2020\/07\/12_1957-morgan-p4-2-0-1080x720-1.png?resize=1050%2C600&ssl=1 3x"},"classes":[]},{"id":42059,"url":"https:\/\/terjebjornstad.com\/no\/2021\/07\/29\/fotosondag\/","url_meta":{"origin":17699,"position":2},"title":"Fotos\u00f8ndag &#8211; Youngtimers","author":"Terje Bj\u00f8rnstad","date":"29\/07\/2021","format":false,"excerpt":"S\u00f8ndag morgen, ferietid - og rolig p\u00e5 veiene. Hvis du har sett en gr\u00e5h\u00e5ret syklist rundt parkeringen p\u00e5 badestrendene rundt Oslo, kan det v\u00e6re meg. F\u00e5r jeg ta bilde av bilen din? \u00a0 Google Ett av konseptene med dette nettstedet er \u00e5 vise bilder og data av bilmodeller som man\u2026","rel":"","context":"i &quot;Artikkel&quot;","block_context":{"text":"Artikkel","link":"https:\/\/terjebjornstad.com\/no\/category\/artikkel\/"},"img":{"alt_text":"","src":"https:\/\/i0.wp.com\/terjebjornstad.com\/no\/wp-content\/uploads\/2021\/07\/fotosondag1.png?fit=1080%2C400&ssl=1&resize=350%2C200","width":350,"height":200,"srcset":"https:\/\/i0.wp.com\/terjebjornstad.com\/no\/wp-content\/uploads\/2021\/07\/fotosondag1.png?fit=1080%2C400&ssl=1&resize=350%2C200 1x, https:\/\/i0.wp.com\/terjebjornstad.com\/no\/wp-content\/uploads\/2021\/07\/fotosondag1.png?fit=1080%2C400&ssl=1&resize=525%2C300 1.5x, https:\/\/i0.wp.com\/terjebjornstad.com\/no\/wp-content\/uploads\/2021\/07\/fotosondag1.png?fit=1080%2C400&ssl=1&resize=700%2C400 2x, https:\/\/i0.wp.com\/terjebjornstad.com\/no\/wp-content\/uploads\/2021\/07\/fotosondag1.png?fit=1080%2C400&ssl=1&resize=1050%2C600 3x"},"classes":[]},{"id":72569,"url":"https:\/\/terjebjornstad.com\/no\/2024\/06\/05\/tramontagne-2024-saint-cyprien\/","url_meta":{"origin":17699,"position":3},"title":"Tra&#8217;Montagne 2024 Saint-Cyprien","author":"Terje Bj\u00f8rnstad","date":"05\/06\/2024","format":false,"excerpt":"Har Porsche-eiere mer g\u00f8y enn andre bileiere? Mye kan tyde p\u00e5 det. I helgen gikk det \u00e5rlige Porsche-treffet \"Tra'Montagne\" av stabelen i Saint-Cyprien langs kysten av Roussillon. Arrangementet omfatter organiserte kj\u00f8returer (Rallye Toristique), banekj\u00f8ring og defilering gjennom byen til glede for tilskuere. Saint-Cyprien Kystbyen har tilgang til flere kilometer med\u2026","rel":"","context":"i &quot;Artikkel&quot;","block_context":{"text":"Artikkel","link":"https:\/\/terjebjornstad.com\/no\/category\/artikkel\/"},"img":{"alt_text":"","src":"https:\/\/i0.wp.com\/terjebjornstad.com\/no\/wp-content\/uploads\/2024\/06\/port-saint-cyprien-porsches-1920x1920-1.jpg?fit=1200%2C1200&ssl=1&resize=350%2C200","width":350,"height":200,"srcset":"https:\/\/i0.wp.com\/terjebjornstad.com\/no\/wp-content\/uploads\/2024\/06\/port-saint-cyprien-porsches-1920x1920-1.jpg?fit=1200%2C1200&ssl=1&resize=350%2C200 1x, https:\/\/i0.wp.com\/terjebjornstad.com\/no\/wp-content\/uploads\/2024\/06\/port-saint-cyprien-porsches-1920x1920-1.jpg?fit=1200%2C1200&ssl=1&resize=525%2C300 1.5x, https:\/\/i0.wp.com\/terjebjornstad.com\/no\/wp-content\/uploads\/2024\/06\/port-saint-cyprien-porsches-1920x1920-1.jpg?fit=1200%2C1200&ssl=1&resize=700%2C400 2x, https:\/\/i0.wp.com\/terjebjornstad.com\/no\/wp-content\/uploads\/2024\/06\/port-saint-cyprien-porsches-1920x1920-1.jpg?fit=1200%2C1200&ssl=1&resize=1050%2C600 3x"},"classes":[]},{"id":33874,"url":"https:\/\/terjebjornstad.com\/no\/2020\/07\/21\/greier-morgan-a-beholde-sjela-si\/","url_meta":{"origin":17699,"position":4},"title":"Greier Morgan \u00e5 redde sjela si?","author":"Terje Bj\u00f8rnstad","date":"21\/07\/2020","format":false,"excerpt":"Den er som en ny veteranbil. Den er h\u00e5ndlaget. Den ser ut som biler gjorde i gamle dager. Enkelte tekniske l\u00f8sninger stammer fra bilenes barndom. Det handler om \u00e5 kj\u00f8re selv, f\u00f8le kreftene, vinden, lyden og lukten av bil. Trenger man virkelig servostyring i en bil som veier i underkant\u2026","rel":"","context":"i &quot;Artikkel&quot;","block_context":{"text":"Artikkel","link":"https:\/\/terjebjornstad.com\/no\/category\/artikkel\/"},"img":{"alt_text":"","src":"https:\/\/i0.wp.com\/terjebjornstad.com\/no\/wp-content\/uploads\/2020\/07\/1_morgan-810x540-1.png?fit=810%2C540&ssl=1&resize=350%2C200","width":350,"height":200,"srcset":"https:\/\/i0.wp.com\/terjebjornstad.com\/no\/wp-content\/uploads\/2020\/07\/1_morgan-810x540-1.png?fit=810%2C540&ssl=1&resize=350%2C200 1x, https:\/\/i0.wp.com\/terjebjornstad.com\/no\/wp-content\/uploads\/2020\/07\/1_morgan-810x540-1.png?fit=810%2C540&ssl=1&resize=525%2C300 1.5x, https:\/\/i0.wp.com\/terjebjornstad.com\/no\/wp-content\/uploads\/2020\/07\/1_morgan-810x540-1.png?fit=810%2C540&ssl=1&resize=700%2C400 2x"},"classes":[]},{"id":26074,"url":"https:\/\/terjebjornstad.com\/no\/2019\/09\/16\/porschefestivalen-2019\/","url_meta":{"origin":17699,"position":5},"title":"Porschefestivalen 2019","author":"Terje Bj\u00f8rnstad","date":"16\/09\/2019","format":false,"excerpt":"De feires over hele verden - Porschene. I helgen foregikk arrangementet p\u00e5 Rudskogen Motorsenter. Et meget bredt spekter av Porsche-underholdning. P\u00e5 bane Det ble kj\u00f8rt racing, blant annet flere l\u00f8p som del av Porsche Carrera Cup. Det var fantastisk \u00e5 se og h\u00f8re bilene i sitt \"naturlige\" element p\u00e5 Rudskogen.\u2026","rel":"","context":"i &quot;911&quot;","block_context":{"text":"911","link":"https:\/\/terjebjornstad.com\/no\/category\/porsche\/911\/"},"img":{"alt_text":"","src":"https:\/\/i0.wp.com\/terjebjornstad.com\/no\/wp-content\/uploads\/2019\/09\/rudskogen-track-2.png?fit=686%2C457&ssl=1&resize=350%2C200","width":350,"height":200,"srcset":"https:\/\/i0.wp.com\/terjebjornstad.com\/no\/wp-content\/uploads\/2019\/09\/rudskogen-track-2.png?fit=686%2C457&ssl=1&resize=350%2C200 1x, https:\/\/i0.wp.com\/terjebjornstad.com\/no\/wp-content\/uploads\/2019\/09\/rudskogen-track-2.png?fit=686%2C457&ssl=1&resize=525%2C300 1.5x"},"classes":[]}],"gt_translate_keys":[{"key":"link","format":"url"}],"_links":{"self":[{"href":"https:\/\/terjebjornstad.com\/no\/wp-json\/wp\/v2\/posts\/17699","targetHints":{"allow":["GET"]}}],"collection":[{"href":"https:\/\/terjebjornstad.com\/no\/wp-json\/wp\/v2\/posts"}],"about":[{"href":"https:\/\/terjebjornstad.com\/no\/wp-json\/wp\/v2\/types\/post"}],"author":[{"embeddable":true,"href":"https:\/\/terjebjornstad.com\/no\/wp-json\/wp\/v2\/users\/1"}],"replies":[{"embeddable":true,"href":"https:\/\/terjebjornstad.com\/no\/wp-json\/wp\/v2\/comments?post=17699"}],"version-history":[{"count":6,"href":"https:\/\/terjebjornstad.com\/no\/wp-json\/wp\/v2\/posts\/17699\/revisions"}],"predecessor-version":[{"id":91214,"href":"https:\/\/terjebjornstad.com\/no\/wp-json\/wp\/v2\/posts\/17699\/revisions\/91214"}],"wp:featuredmedia":[{"embeddable":true,"href":"https:\/\/terjebjornstad.com\/no\/wp-json\/wp\/v2\/media\/17689"}],"wp:attachment":[{"href":"https:\/\/terjebjornstad.com\/no\/wp-json\/wp\/v2\/media?parent=17699"}],"wp:term":[{"taxonomy":"category","embeddable":true,"href":"https:\/\/terjebjornstad.com\/no\/wp-json\/wp\/v2\/categories?post=17699"},{"taxonomy":"post_tag","embeddable":true,"href":"https:\/\/terjebjornstad.com\/no\/wp-json\/wp\/v2\/tags?post=17699"}],"curies":[{"name":"wp","href":"https:\/\/api.w.org\/{rel}","templated":true}]}}