{"id":10144,"date":"2017-04-17T13:45:47","date_gmt":"2017-04-17T13:45:47","guid":{"rendered":"http:\/\/terjebjornstad.com\/no\/?p=10144"},"modified":"2024-08-26T12:14:49","modified_gmt":"2024-08-26T11:14:49","slug":"frognerbiler","status":"publish","type":"post","link":"https:\/\/terjebjornstad.com\/no\/2017\/04\/17\/frognerbiler\/","title":{"rendered":"Frognerbiler","gt_translate_keys":[{"key":"rendered","format":"text"}]},"content":{"rendered":"<div class=\"copy_teb\"><figure id=\"attachment_10138\" aria-describedby=\"caption-attachment-10138\" style=\"width: 686px\" class=\"wp-caption aligncenter\"><img data-recalc-dims=\"1\" loading=\"lazy\" decoding=\"async\" data-attachment-id=\"10138\" data-permalink=\"https:\/\/terjebjornstad.com\/no\/2017\/04\/17\/frognerbiler\/alvis-3\/\" data-orig-file=\"https:\/\/i0.wp.com\/terjebjornstad.com\/no\/wp-content\/uploads\/2017\/04\/alvis-3.png?fit=686%2C534&amp;ssl=1\" data-orig-size=\"686,534\" data-comments-opened=\"1\" data-image-meta=\"{&quot;aperture&quot;:&quot;0&quot;,&quot;credit&quot;:&quot;&quot;,&quot;camera&quot;:&quot;&quot;,&quot;caption&quot;:&quot;&quot;,&quot;created_timestamp&quot;:&quot;0&quot;,&quot;copyright&quot;:&quot;&quot;,&quot;focal_length&quot;:&quot;0&quot;,&quot;iso&quot;:&quot;0&quot;,&quot;shutter_speed&quot;:&quot;0&quot;,&quot;title&quot;:&quot;&quot;,&quot;orientation&quot;:&quot;0&quot;}\" data-image-title=\"alvis-3\" data-image-description=\"\" data-image-caption=\"&lt;p&gt;Alvis TD21&lt;\/p&gt;\n\" data-large-file=\"https:\/\/i0.wp.com\/terjebjornstad.com\/no\/wp-content\/uploads\/2017\/04\/alvis-3.png?fit=686%2C534&amp;ssl=1\" src=\"https:\/\/i0.wp.com\/terjebjornstad.com\/no\/wp-content\/uploads\/2017\/04\/alvis-3.png?resize=686%2C534&#038;ssl=1\" alt=\"frogner\" width=\"686\" height=\"534\" class=\"size-full wp-image-10138\" srcset=\"https:\/\/i0.wp.com\/terjebjornstad.com\/no\/wp-content\/uploads\/2017\/04\/alvis-3.png?w=686&amp;ssl=1 686w, https:\/\/i0.wp.com\/terjebjornstad.com\/no\/wp-content\/uploads\/2017\/04\/alvis-3.png?resize=300%2C234&amp;ssl=1 300w\" sizes=\"auto, (max-width: 686px) 100vw, 686px\" \/><figcaption id=\"caption-attachment-10138\" class=\"wp-caption-text\">Alvis er en bil man gjerne finner i Kensington &#8211; eller, som her, p\u00e5 Frogner.<\/figcaption><\/figure><\/p>\n<blockquote><p>Kensington i London og Frogner i Oslo har flere likhetstrekk. <\/p><\/blockquote>\n<p>Rolige sentrumsn\u00e6re boligomr\u00e5der som tiltrekker seg mennesker med gode inntekter. Begge omr\u00e5dene er utbygget i tiden f\u00f8r massebilismen, s\u00e5nn at nesten alle m\u00e5 parkere gatelangs. Man beh\u00f8ver ikke spasere langt for \u00e5 f\u00e5 \u00f8ye p\u00e5 en Porsche, BMW M-serie eller klassisk veteranbil. \u00c5rets kalde p\u00e5ske fristet ingen til \u00e5 ta ut veteranbilen enn\u00e5. P\u00e5 Skillebekk fant jeg en staselig Alvis TD21 Drophead Coup\u00e9. Stor britisk bil med en 3 liters rekkesekser. Det er biler man trygt kan karakterisere som en gentleman&#8217;s car og nevnes i samme \u00e5ndedrag som Jaguar og Bentley. Kun anglofile bilentusiaster her hjemme kjenner til bilmerket. Det ble, s\u00e5 vidt meg bekjent, aldri etablert noen import av Alvis til Norge.<\/p>\n\n<figure id=\"attachment_10137\" aria-describedby=\"caption-attachment-10137\" style=\"width: 686px\" class=\"wp-caption aligncenter\"><img data-recalc-dims=\"1\" loading=\"lazy\" decoding=\"async\" data-attachment-id=\"10137\" data-permalink=\"https:\/\/terjebjornstad.com\/no\/2017\/04\/17\/frognerbiler\/alvis-1-2\/\" data-orig-file=\"https:\/\/i0.wp.com\/terjebjornstad.com\/no\/wp-content\/uploads\/2017\/04\/alvis-1.png?fit=686%2C457&amp;ssl=1\" data-orig-size=\"686,457\" data-comments-opened=\"1\" data-image-meta=\"{&quot;aperture&quot;:&quot;0&quot;,&quot;credit&quot;:&quot;&quot;,&quot;camera&quot;:&quot;&quot;,&quot;caption&quot;:&quot;&quot;,&quot;created_timestamp&quot;:&quot;0&quot;,&quot;copyright&quot;:&quot;&quot;,&quot;focal_length&quot;:&quot;0&quot;,&quot;iso&quot;:&quot;0&quot;,&quot;shutter_speed&quot;:&quot;0&quot;,&quot;title&quot;:&quot;&quot;,&quot;orientation&quot;:&quot;0&quot;}\" data-image-title=\"alvis-1\" data-image-description=\"\" data-image-caption=\"&lt;p&gt;Alvis TD21&lt;\/p&gt;\n\" data-large-file=\"https:\/\/i0.wp.com\/terjebjornstad.com\/no\/wp-content\/uploads\/2017\/04\/alvis-1.png?fit=686%2C457&amp;ssl=1\" src=\"https:\/\/i0.wp.com\/terjebjornstad.com\/no\/wp-content\/uploads\/2017\/04\/alvis-1.png?resize=686%2C457&#038;ssl=1\" alt=\"frogner\" width=\"686\" height=\"457\" class=\"size-full wp-image-10137\" srcset=\"https:\/\/i0.wp.com\/terjebjornstad.com\/no\/wp-content\/uploads\/2017\/04\/alvis-1.png?w=686&amp;ssl=1 686w, https:\/\/i0.wp.com\/terjebjornstad.com\/no\/wp-content\/uploads\/2017\/04\/alvis-1.png?resize=300%2C200&amp;ssl=1 300w\" sizes=\"auto, (max-width: 686px) 100vw, 686px\" \/><figcaption id=\"caption-attachment-10137\" class=\"wp-caption-text\">Drammensveien 66, ble bygget rundt 1890 &#8211; en liten, eksklusiv byg\u00e5rd i 4 etasjer med kun \u00e9n leilighet i hver etasje. Arkitekt var Henry Bucher og byggherre var et konsortium av 3 herrer.<\/figcaption><\/figure>\n<h3 class=\"tebh2\">991, takk<\/h3>\n<p>Jeg finner flere Porsche 911 i gatene. Jeg f\u00f8ler meg lettere blasert. Det er vanskelig \u00e5 bestemme seg for hvilken 911 jeg skal ta bilde av. Ved villabebyggelsen p\u00e5 nedre Gimle fant jeg en 911 fra siste generasjon (991) som kom i 2012. Vel, en 991.1 &#8211; ikke aller siste, 991.2, &#8211; skj\u00f8nt det er lite som skiller utseendemessig mellom de to. Porsche, med internbetegnelse 991, er bygget p\u00e5 helt ny plattform i forhold til tidligere modeller (997). Med lengere akselavstand ser den vesentlig bedre ut med st\u00f8rre hjul enn sine eldre br\u00f8dre. Du tenker ikke over det f\u00f8r du har sett flere Porsche&#8217;r. P\u00e5 Frogner kan du det.<\/p>\n\n<figure id=\"attachment_10142\" aria-describedby=\"caption-attachment-10142\" style=\"width: 686px\" class=\"wp-caption aligncenter\"><img data-recalc-dims=\"1\" loading=\"lazy\" decoding=\"async\" data-attachment-id=\"10142\" data-permalink=\"https:\/\/terjebjornstad.com\/no\/2017\/04\/17\/frognerbiler\/porsche-911-19-1\/\" data-orig-file=\"https:\/\/i0.wp.com\/terjebjornstad.com\/no\/wp-content\/uploads\/2017\/04\/porsche-911-19-1.png?fit=686%2C457&amp;ssl=1\" data-orig-size=\"686,457\" data-comments-opened=\"1\" data-image-meta=\"{&quot;aperture&quot;:&quot;0&quot;,&quot;credit&quot;:&quot;&quot;,&quot;camera&quot;:&quot;&quot;,&quot;caption&quot;:&quot;&quot;,&quot;created_timestamp&quot;:&quot;0&quot;,&quot;copyright&quot;:&quot;&quot;,&quot;focal_length&quot;:&quot;0&quot;,&quot;iso&quot;:&quot;0&quot;,&quot;shutter_speed&quot;:&quot;0&quot;,&quot;title&quot;:&quot;&quot;,&quot;orientation&quot;:&quot;0&quot;}\" data-image-title=\"porsche-911-19-1\" data-image-description=\"\" data-image-caption=\"&lt;p&gt;Porsche 911 991.1&lt;\/p&gt;\n\" data-large-file=\"https:\/\/i0.wp.com\/terjebjornstad.com\/no\/wp-content\/uploads\/2017\/04\/porsche-911-19-1.png?fit=686%2C457&amp;ssl=1\" src=\"https:\/\/i0.wp.com\/terjebjornstad.com\/no\/wp-content\/uploads\/2017\/04\/porsche-911-19-1.png?resize=686%2C457&#038;ssl=1\" alt=\"frogner\" width=\"686\" height=\"457\" class=\"size-full wp-image-10142\" srcset=\"https:\/\/i0.wp.com\/terjebjornstad.com\/no\/wp-content\/uploads\/2017\/04\/porsche-911-19-1.png?w=686&amp;ssl=1 686w, https:\/\/i0.wp.com\/terjebjornstad.com\/no\/wp-content\/uploads\/2017\/04\/porsche-911-19-1.png?resize=300%2C200&amp;ssl=1 300w\" sizes=\"auto, (max-width: 686px) 100vw, 686px\" \/><figcaption id=\"caption-attachment-10142\" class=\"wp-caption-text\">Til venstre ser vi Sophus Lies gate 4-6, tomannsbolig, tegnet av kommunal arkitekt Messel og oppf\u00f8rt i 1915. Til h\u00f8yre Gimle terrasse 2-8, ogs\u00e5 tomannsboliger. Bebyggelsen er tegnet av arkitektfirmaet Hals, Harald &#038; \u00d8ue, som for \u00f8vrig ogs\u00e5 var byggherrer i 1914.<\/figcaption><\/figure>\n<h3 class=\"tebh2\">Jeg velger meg noe i oransje<\/h3>\n<p>Jeg fotograferer en oransje Audi TT S. Oransje, gule og r\u00f8de biler skiller seg ut blant dagens gr\u00e5toner. I TT S-utgaven er det hentet mer krefter fra 2,0 TFSI-motoren. 272 HK og 350 Nm fra 2500 omdreininger gj\u00f8r at den Golf-baserte bilen kan leve opp til sin friske image. Frogner tiltaler ikke bare rike mennesker, men ogs\u00e5 kunstnere, skuespillere og artister, &#8211; mennesker som st\u00e5r frem som individualister. Jeg lurer p\u00e5 om man finner en h\u00f8yere andel av oransje, gule og r\u00f8de biler p\u00e5 Frogner enn andre steder i landet?<\/p>\n\n<figure id=\"attachment_10156\" aria-describedby=\"caption-attachment-10156\" style=\"width: 686px\" class=\"wp-caption aligncenter\"><img data-recalc-dims=\"1\" loading=\"lazy\" decoding=\"async\" data-attachment-id=\"10156\" data-permalink=\"https:\/\/terjebjornstad.com\/no\/2017\/04\/17\/frognerbiler\/audi-tt-23-3\/\" data-orig-file=\"https:\/\/i0.wp.com\/terjebjornstad.com\/no\/wp-content\/uploads\/2017\/04\/audi-tt-23-3.png?fit=686%2C686&amp;ssl=1\" data-orig-size=\"686,686\" data-comments-opened=\"1\" data-image-meta=\"{&quot;aperture&quot;:&quot;0&quot;,&quot;credit&quot;:&quot;&quot;,&quot;camera&quot;:&quot;&quot;,&quot;caption&quot;:&quot;&quot;,&quot;created_timestamp&quot;:&quot;0&quot;,&quot;copyright&quot;:&quot;&quot;,&quot;focal_length&quot;:&quot;0&quot;,&quot;iso&quot;:&quot;0&quot;,&quot;shutter_speed&quot;:&quot;0&quot;,&quot;title&quot;:&quot;&quot;,&quot;orientation&quot;:&quot;0&quot;}\" data-image-title=\"audi-tt-23-3\" data-image-description=\"\" data-image-caption=\"&lt;p&gt;Gatelangs p\u00e5 Frogner&lt;\/p&gt;\n\" data-large-file=\"https:\/\/i0.wp.com\/terjebjornstad.com\/no\/wp-content\/uploads\/2017\/04\/audi-tt-23-3.png?fit=686%2C686&amp;ssl=1\" src=\"https:\/\/i0.wp.com\/terjebjornstad.com\/no\/wp-content\/uploads\/2017\/04\/audi-tt-23-3.png?resize=686%2C686&#038;ssl=1\" alt=\"\" width=\"686\" height=\"686\" class=\"size-full wp-image-10156\" srcset=\"https:\/\/i0.wp.com\/terjebjornstad.com\/no\/wp-content\/uploads\/2017\/04\/audi-tt-23-3.png?w=686&amp;ssl=1 686w, https:\/\/i0.wp.com\/terjebjornstad.com\/no\/wp-content\/uploads\/2017\/04\/audi-tt-23-3.png?resize=150%2C150&amp;ssl=1 150w, https:\/\/i0.wp.com\/terjebjornstad.com\/no\/wp-content\/uploads\/2017\/04\/audi-tt-23-3.png?resize=300%2C300&amp;ssl=1 300w, https:\/\/i0.wp.com\/terjebjornstad.com\/no\/wp-content\/uploads\/2017\/04\/audi-tt-23-3.png?resize=50%2C50&amp;ssl=1 50w\" sizes=\"auto, (max-width: 686px) 100vw, 686px\" \/><figcaption id=\"caption-attachment-10156\" class=\"wp-caption-text\">Frederik Stangs gate 33, nesten helt oppe ved Bygd\u00f8y all\u00e9 og Gimle Kino var tidligere en av Oslos mange pensjonater. I dag trolig omgjort til hybelhus.<\/figcaption><\/figure>\n<h3 class=\"tebh2\">Et sjeldent funn<\/h3>\n<p>At mennesker p\u00e5 Frogner er mer opptatt av estetikk og kunstneriske verdier, kommer til syne i det jeg passerer en Citro\u00ebn CX. En CX med skilter er n\u00e6rmest umulig \u00e5 oppdrive i dag, selv i Citro\u00ebns hjemland, Frankrike. Jeg vet det fordi jeg flere ganger har v\u00e6rt p\u00e5 utkikk. Dette er en av de siste, &#8211; en CX 25 GTI. Den har konvensjonelle runde instrumentklokker, men hydropneumatisk fj\u00e6ring. En ekte Citro\u00ebn. Det er utrolig \u00e5 tenke p\u00e5 at dette flotte designet stammer fra begynnelsen av 70-tallet.<\/p>\n\n<figure id=\"attachment_10140\" aria-describedby=\"caption-attachment-10140\" style=\"width: 686px\" class=\"wp-caption aligncenter\"><img data-recalc-dims=\"1\" loading=\"lazy\" decoding=\"async\" data-attachment-id=\"10140\" data-permalink=\"https:\/\/terjebjornstad.com\/no\/2017\/04\/17\/frognerbiler\/citroen-cx-gti-1\/\" data-orig-file=\"https:\/\/i0.wp.com\/terjebjornstad.com\/no\/wp-content\/uploads\/2017\/04\/citroen-cx-gti-1.png?fit=686%2C547&amp;ssl=1\" data-orig-size=\"686,547\" data-comments-opened=\"1\" data-image-meta=\"{&quot;aperture&quot;:&quot;0&quot;,&quot;credit&quot;:&quot;&quot;,&quot;camera&quot;:&quot;&quot;,&quot;caption&quot;:&quot;&quot;,&quot;created_timestamp&quot;:&quot;0&quot;,&quot;copyright&quot;:&quot;&quot;,&quot;focal_length&quot;:&quot;0&quot;,&quot;iso&quot;:&quot;0&quot;,&quot;shutter_speed&quot;:&quot;0&quot;,&quot;title&quot;:&quot;&quot;,&quot;orientation&quot;:&quot;0&quot;}\" data-image-title=\"Citroen CX GTI\" data-image-description=\"\" data-image-caption=\"&lt;p&gt;1987 Citro\u00ebn CX 25 GTI Serie 2&lt;\/p&gt;\n\" data-large-file=\"https:\/\/i0.wp.com\/terjebjornstad.com\/no\/wp-content\/uploads\/2017\/04\/citroen-cx-gti-1.png?fit=686%2C547&amp;ssl=1\" src=\"https:\/\/i0.wp.com\/terjebjornstad.com\/no\/wp-content\/uploads\/2017\/04\/citroen-cx-gti-1.png?resize=686%2C547&#038;ssl=1\" alt=\"frogner\" width=\"686\" height=\"547\" class=\"size-full wp-image-10140\" srcset=\"https:\/\/i0.wp.com\/terjebjornstad.com\/no\/wp-content\/uploads\/2017\/04\/citroen-cx-gti-1.png?w=686&amp;ssl=1 686w, https:\/\/i0.wp.com\/terjebjornstad.com\/no\/wp-content\/uploads\/2017\/04\/citroen-cx-gti-1.png?resize=300%2C239&amp;ssl=1 300w\" sizes=\"auto, (max-width: 686px) 100vw, 686px\" \/><figcaption id=\"caption-attachment-10140\" class=\"wp-caption-text\">R\u00f8de Kors Klinikken i Fredrik Stangs gate 11-13 ble tegnet av Morgenstierne &#038; Eide og har v\u00e6rt i bruk siden 1918.<\/figcaption><\/figure>\n<figure id=\"attachment_10141\" aria-describedby=\"caption-attachment-10141\" style=\"width: 686px\" class=\"wp-caption aligncenter\"><img data-recalc-dims=\"1\" loading=\"lazy\" decoding=\"async\" data-attachment-id=\"10141\" data-permalink=\"https:\/\/terjebjornstad.com\/no\/2017\/04\/17\/frognerbiler\/citroen-cx-gti-3\/\" data-orig-file=\"https:\/\/i0.wp.com\/terjebjornstad.com\/no\/wp-content\/uploads\/2017\/04\/citroen-cx-gti-3.png?fit=686%2C457&amp;ssl=1\" data-orig-size=\"686,457\" data-comments-opened=\"1\" data-image-meta=\"{&quot;aperture&quot;:&quot;0&quot;,&quot;credit&quot;:&quot;&quot;,&quot;camera&quot;:&quot;&quot;,&quot;caption&quot;:&quot;&quot;,&quot;created_timestamp&quot;:&quot;0&quot;,&quot;copyright&quot;:&quot;&quot;,&quot;focal_length&quot;:&quot;0&quot;,&quot;iso&quot;:&quot;0&quot;,&quot;shutter_speed&quot;:&quot;0&quot;,&quot;title&quot;:&quot;&quot;,&quot;orientation&quot;:&quot;0&quot;}\" data-image-title=\"Citroen CX GTI\" data-image-description=\"\" data-image-caption=\"&lt;p&gt;Citro\u00ebn CX Serie 2 n\u00e6rbilde&lt;\/p&gt;\n\" data-large-file=\"https:\/\/i0.wp.com\/terjebjornstad.com\/no\/wp-content\/uploads\/2017\/04\/citroen-cx-gti-3.png?fit=686%2C457&amp;ssl=1\" src=\"https:\/\/i0.wp.com\/terjebjornstad.com\/no\/wp-content\/uploads\/2017\/04\/citroen-cx-gti-3.png?resize=686%2C457&#038;ssl=1\" alt=\"\" width=\"686\" height=\"457\" class=\"size-full wp-image-10141\" srcset=\"https:\/\/i0.wp.com\/terjebjornstad.com\/no\/wp-content\/uploads\/2017\/04\/citroen-cx-gti-3.png?w=686&amp;ssl=1 686w, https:\/\/i0.wp.com\/terjebjornstad.com\/no\/wp-content\/uploads\/2017\/04\/citroen-cx-gti-3.png?resize=300%2C200&amp;ssl=1 300w\" sizes=\"auto, (max-width: 686px) 100vw, 686px\" \/><figcaption id=\"caption-attachment-10141\" class=\"wp-caption-text\">Arkitektene Morgenstierne &#038; Eide tegnet ogs\u00e5 Hotel Gabelshus like nedenfor.<\/figcaption><\/figure>\n<h3 class=\"tebh2\">Porsche 911 har et s\u00e6regent, litt strengt design<\/h3>\n<p>Jeg registrerer hvor godt det enkle og stilrene designet passer den strenge arkitekturen p\u00e5 Frogner. Bygningene fra 20- og 30-tallet er fri for utsmykningene og ekstravagansen man hadde rundt \u00e5rhundreskiftet. Silhuetten av 911 er ogs\u00e5 fri for krimskrams, hvis man ser bort fra de lakkerte bremsekaliperne. Skj\u00f8nt, de signaliserer vel <em>funksjon<\/em> og ikke pynt? Tyskinspirert arkitektur fra mellomkrigstiden passer godt som bakgrunn til denne flotte 911 (ogs\u00e5 dette en 991.1). Bakgrunnen hadde for \u00f8vrig passet godt til en sort ur-folkevogn med delt bakvindu, ogs\u00e5.<\/p>\n\n<figure id=\"attachment_10143\" aria-describedby=\"caption-attachment-10143\" style=\"width: 686px\" class=\"wp-caption aligncenter\"><img data-recalc-dims=\"1\" loading=\"lazy\" decoding=\"async\" data-attachment-id=\"10143\" data-permalink=\"https:\/\/terjebjornstad.com\/no\/2017\/04\/17\/frognerbiler\/porsche-911-21-1\/\" data-orig-file=\"https:\/\/i0.wp.com\/terjebjornstad.com\/no\/wp-content\/uploads\/2017\/04\/porsche-911-21-1.png?fit=686%2C457&amp;ssl=1\" data-orig-size=\"686,457\" data-comments-opened=\"1\" data-image-meta=\"{&quot;aperture&quot;:&quot;0&quot;,&quot;credit&quot;:&quot;&quot;,&quot;camera&quot;:&quot;&quot;,&quot;caption&quot;:&quot;&quot;,&quot;created_timestamp&quot;:&quot;0&quot;,&quot;copyright&quot;:&quot;&quot;,&quot;focal_length&quot;:&quot;0&quot;,&quot;iso&quot;:&quot;0&quot;,&quot;shutter_speed&quot;:&quot;0&quot;,&quot;title&quot;:&quot;&quot;,&quot;orientation&quot;:&quot;0&quot;}\" data-image-title=\"porsche-911-21-1\" data-image-description=\"\" data-image-caption=\"&lt;p&gt;Porsche 991.1 (Oslo NO, 2017).&lt;\/p&gt;\n\" data-large-file=\"https:\/\/i0.wp.com\/terjebjornstad.com\/no\/wp-content\/uploads\/2017\/04\/porsche-911-21-1.png?fit=686%2C457&amp;ssl=1\" src=\"https:\/\/i0.wp.com\/terjebjornstad.com\/no\/wp-content\/uploads\/2017\/04\/porsche-911-21-1.png?resize=686%2C457&#038;ssl=1\" alt=\"frogner\" width=\"686\" height=\"457\" class=\"size-full wp-image-10143\" srcset=\"https:\/\/i0.wp.com\/terjebjornstad.com\/no\/wp-content\/uploads\/2017\/04\/porsche-911-21-1.png?w=686&amp;ssl=1 686w, https:\/\/i0.wp.com\/terjebjornstad.com\/no\/wp-content\/uploads\/2017\/04\/porsche-911-21-1.png?resize=300%2C200&amp;ssl=1 300w\" sizes=\"auto, (max-width: 686px) 100vw, 686px\" \/><figcaption id=\"caption-attachment-10143\" class=\"wp-caption-text\">Boligkomplekset p\u00e5 hj\u00f8rnet av Gabels gate og Thomas Heftyes gate ble tegnet av Adolf Jensen og ferdigstilt i 1923-25. Arkitekturen er holdt i en ganske streng Mellom-Europeisk stil.<\/figcaption><\/figure>\n<blockquote><p>S\u00e5 hvis du ikke har tid til \u00e5 dra til Kensington for \u00e5 se p\u00e5 flotte biler og arkitektur, kan du bare dra til Frogner \ud83d\ude42<\/p><\/blockquote>\n\n<h3 class=\"tebh2\">Se ogs\u00e5<\/h3>\n<p><a href=\"https:\/\/www.oslo.kommune.no\/bydeler\/bydel-frogner\/#gref\" target=\"_blank\" rel=\"noopener\"><strong>Frogner bydel<\/strong><\/a><\/p>\n<p><figure id=\"attachment_9644\" aria-describedby=\"caption-attachment-9644\" style=\"width: 150px\" class=\"wp-caption alignleft\"><a href=\"https:\/\/terjebjornstad.com\/no\/2017\/03\/27\/bilene-i-kensington\/\"><img data-recalc-dims=\"1\" loading=\"lazy\" decoding=\"async\" data-attachment-id=\"9644\" data-permalink=\"https:\/\/terjebjornstad.com\/no\/2017\/03\/27\/bilene-i-kensington\/rolls-royce-silver-ghost-3-3\/\" data-orig-file=\"https:\/\/i0.wp.com\/terjebjornstad.com\/no\/wp-content\/uploads\/2017\/03\/rolls-royce-silver-ghost-3-3.png?fit=686%2C686&amp;ssl=1\" data-orig-size=\"686,686\" data-comments-opened=\"1\" data-image-meta=\"{&quot;aperture&quot;:&quot;0&quot;,&quot;credit&quot;:&quot;&quot;,&quot;camera&quot;:&quot;&quot;,&quot;caption&quot;:&quot;&quot;,&quot;created_timestamp&quot;:&quot;0&quot;,&quot;copyright&quot;:&quot;&quot;,&quot;focal_length&quot;:&quot;0&quot;,&quot;iso&quot;:&quot;0&quot;,&quot;shutter_speed&quot;:&quot;0&quot;,&quot;title&quot;:&quot;&quot;,&quot;orientation&quot;:&quot;0&quot;}\" data-image-title=\"rolls-royce-silver-ghost-3-3\" data-image-description=\"\" data-image-caption=\"&lt;p&gt;Bilene i Kensington&lt;\/p&gt;\n\" data-large-file=\"https:\/\/i0.wp.com\/terjebjornstad.com\/no\/wp-content\/uploads\/2017\/03\/rolls-royce-silver-ghost-3-3.png?fit=686%2C686&amp;ssl=1\" src=\"https:\/\/i0.wp.com\/terjebjornstad.com\/no\/wp-content\/uploads\/2017\/03\/rolls-royce-silver-ghost-3-3.png?resize=150%2C150&#038;ssl=1\" alt=\"\" width=\"150\" height=\"150\" class=\"size-thumbnail wp-image-9644\" srcset=\"https:\/\/i0.wp.com\/terjebjornstad.com\/no\/wp-content\/uploads\/2017\/03\/rolls-royce-silver-ghost-3-3.png?resize=150%2C150&amp;ssl=1 150w, https:\/\/i0.wp.com\/terjebjornstad.com\/no\/wp-content\/uploads\/2017\/03\/rolls-royce-silver-ghost-3-3.png?resize=300%2C300&amp;ssl=1 300w, https:\/\/i0.wp.com\/terjebjornstad.com\/no\/wp-content\/uploads\/2017\/03\/rolls-royce-silver-ghost-3-3.png?resize=50%2C50&amp;ssl=1 50w, https:\/\/i0.wp.com\/terjebjornstad.com\/no\/wp-content\/uploads\/2017\/03\/rolls-royce-silver-ghost-3-3.png?w=686&amp;ssl=1 686w\" sizes=\"auto, (max-width: 150px) 100vw, 150px\" \/><\/a><figcaption id=\"caption-attachment-9644\" class=\"wp-caption-text\">Bilene i Kensington<\/figcaption><\/figure><\/div>\n","protected":false,"gt_translate_keys":[{"key":"rendered","format":"html"}]},"excerpt":{"rendered":"<p>Kensington i London og Frogner i Oslo har flere likhetstrekk. Rolige sentrumsn\u00e6re boligomr\u00e5der som tiltrekker seg mennesker med gode inntekter. Begge omr\u00e5dene er utbygget i tiden f\u00f8r massebilismen, s\u00e5nn at nesten alle m\u00e5 parkere gatelangs. Man beh\u00f8ver ikke spasere langt for \u00e5 f\u00e5 \u00f8ye p\u00e5 en Porsche, BMW M-serie eller klassisk veteranbil. \u00c5rets kalde p\u00e5ske [&hellip;]<\/p>\n","protected":false,"gt_translate_keys":[{"key":"rendered","format":"html"}]},"author":1,"featured_media":0,"comment_status":"open","ping_status":"open","sticky":false,"template":"","format":"standard","meta":{"_monsterinsights_skip_tracking":false,"_monsterinsights_sitenote_active":false,"_monsterinsights_sitenote_note":"","_monsterinsights_sitenote_category":0,"jetpack_post_was_ever_published":false,"_jetpack_newsletter_access":"","_jetpack_dont_email_post_to_subs":false,"_jetpack_newsletter_tier_id":0,"_jetpack_memberships_contains_paywalled_content":false,"_jetpack_memberships_contains_paid_content":false,"footnotes":"","jetpack_publicize_message":"","jetpack_publicize_feature_enabled":true,"jetpack_social_post_already_shared":true,"jetpack_social_options":{"image_generator_settings":{"template":"highway","default_image_id":0,"font":"","enabled":false},"version":2}},"categories":[1240,34,19,573],"tags":[1241,1242,1249,1246,1178,1243,1248,1250,1245,1247],"class_list":["post-10144","post","type-post","status-publish","format-standard","hentry","category-alvis","category-artikkel","category-citroen","category-porsche","tag-alvis","tag-alvis-td21","tag-audi-tts","tag-biler-pa-frogner","tag-carspotting","tag-citroen-cx","tag-cx-25-gti","tag-frogner","tag-porsche-911","tag-porsche-991"],"yoast_head":"<!-- This site is optimized with the Yoast SEO plugin v27.5 - https:\/\/yoast.com\/product\/yoast-seo-wordpress\/ -->\n<title>Frognerbiler - Terjes biler - Gatelangs p\u00e5 Frogner, Oslo Vest<\/title>\n<meta name=\"description\" content=\"Frogner og Kensington ble utbygget i tiden f\u00f8r massebilismen, s\u00e5nn at alle biler m\u00e5 parkere gatelangs. Ogs\u00e5 de klassiske og ekslusive.\" \/>\n<meta name=\"robots\" content=\"index, follow, max-snippet:-1, max-image-preview:large, max-video-preview:-1\" \/>\n<link rel=\"canonical\" href=\"https:\/\/terjebjornstad.com\/no\/2017\/04\/17\/frognerbiler\/\" \/>\n<meta property=\"og:locale\" content=\"nb_NO\" \/>\n<meta property=\"og:type\" content=\"article\" \/>\n<meta property=\"og:title\" content=\"Frognerbiler - Terjes biler - Gatelangs p\u00e5 Frogner, Oslo Vest\" \/>\n<meta property=\"og:description\" content=\"Frogner og Kensington ble utbygget i tiden f\u00f8r massebilismen, s\u00e5nn at alle biler m\u00e5 parkere gatelangs. Ogs\u00e5 de klassiske og ekslusive.\" \/>\n<meta property=\"og:url\" content=\"https:\/\/terjebjornstad.com\/no\/2017\/04\/17\/frognerbiler\/\" \/>\n<meta property=\"og:site_name\" content=\"Terjes biler\" \/>\n<meta property=\"article:publisher\" content=\"https:\/\/www.facebook.com\/terjesbiler\/\" \/>\n<meta property=\"article:author\" content=\"https:\/\/www.facebook.com\/terjesbiler\" \/>\n<meta property=\"article:published_time\" content=\"2017-04-17T13:45:47+00:00\" \/>\n<meta property=\"article:modified_time\" content=\"2024-08-26T11:14:49+00:00\" \/>\n<meta property=\"og:image\" content=\"https:\/\/terjebjornstad.com\/no\/wp-content\/uploads\/2017\/04\/alvis-3.png\" \/>\n<meta name=\"author\" content=\"Terje Bj\u00f8rnstad\" \/>\n<meta name=\"twitter:card\" content=\"summary_large_image\" \/>\n<meta name=\"twitter:label1\" content=\"Skrevet av\" \/>\n\t<meta name=\"twitter:data1\" content=\"Terje Bj\u00f8rnstad\" \/>\n\t<meta name=\"twitter:label2\" content=\"Ansl. lesetid\" \/>\n\t<meta name=\"twitter:data2\" content=\"6 minutter\" \/>\n<script type=\"application\/ld+json\" class=\"yoast-schema-graph\">{\"@context\":\"https:\\\/\\\/schema.org\",\"@graph\":[{\"@type\":\"Article\",\"@id\":\"https:\\\/\\\/terjebjornstad.com\\\/no\\\/2017\\\/04\\\/17\\\/frognerbiler\\\/#article\",\"isPartOf\":{\"@id\":\"https:\\\/\\\/terjebjornstad.com\\\/no\\\/2017\\\/04\\\/17\\\/frognerbiler\\\/\"},\"author\":{\"name\":\"Terje Bj\u00f8rnstad\",\"@id\":\"https:\\\/\\\/terjebjornstad.com\\\/no\\\/#\\\/schema\\\/person\\\/a281f6a6e0f3cc9fe468e7f0c655aa65\"},\"headline\":\"Frognerbiler\",\"datePublished\":\"2017-04-17T13:45:47+00:00\",\"dateModified\":\"2024-08-26T11:14:49+00:00\",\"mainEntityOfPage\":{\"@id\":\"https:\\\/\\\/terjebjornstad.com\\\/no\\\/2017\\\/04\\\/17\\\/frognerbiler\\\/\"},\"wordCount\":791,\"commentCount\":0,\"publisher\":{\"@id\":\"https:\\\/\\\/terjebjornstad.com\\\/no\\\/#organization\"},\"image\":{\"@id\":\"https:\\\/\\\/terjebjornstad.com\\\/no\\\/2017\\\/04\\\/17\\\/frognerbiler\\\/#primaryimage\"},\"thumbnailUrl\":\"https:\\\/\\\/terjebjornstad.com\\\/no\\\/wp-content\\\/uploads\\\/2017\\\/04\\\/alvis-3.png\",\"keywords\":[\"alvis\",\"alvis td21\",\"audi tts\",\"biler p\u00e5 frogner\",\"Carspotting\",\"citroen cx\",\"cx 25 gti\",\"frogner\",\"Porsche 911\",\"porsche 991\"],\"articleSection\":[\"Alvis\",\"Artikkel\",\"Citroen\",\"Porsche\"],\"inLanguage\":\"nb-NO\",\"potentialAction\":[{\"@type\":\"CommentAction\",\"name\":\"Comment\",\"target\":[\"https:\\\/\\\/terjebjornstad.com\\\/no\\\/2017\\\/04\\\/17\\\/frognerbiler\\\/#respond\"]}]},{\"@type\":\"WebPage\",\"@id\":\"https:\\\/\\\/terjebjornstad.com\\\/no\\\/2017\\\/04\\\/17\\\/frognerbiler\\\/\",\"url\":\"https:\\\/\\\/terjebjornstad.com\\\/no\\\/2017\\\/04\\\/17\\\/frognerbiler\\\/\",\"name\":\"Frognerbiler - Terjes biler - Gatelangs p\u00e5 Frogner, Oslo Vest\",\"isPartOf\":{\"@id\":\"https:\\\/\\\/terjebjornstad.com\\\/no\\\/#website\"},\"primaryImageOfPage\":{\"@id\":\"https:\\\/\\\/terjebjornstad.com\\\/no\\\/2017\\\/04\\\/17\\\/frognerbiler\\\/#primaryimage\"},\"image\":{\"@id\":\"https:\\\/\\\/terjebjornstad.com\\\/no\\\/2017\\\/04\\\/17\\\/frognerbiler\\\/#primaryimage\"},\"thumbnailUrl\":\"https:\\\/\\\/terjebjornstad.com\\\/no\\\/wp-content\\\/uploads\\\/2017\\\/04\\\/alvis-3.png\",\"datePublished\":\"2017-04-17T13:45:47+00:00\",\"dateModified\":\"2024-08-26T11:14:49+00:00\",\"description\":\"Frogner og Kensington ble utbygget i tiden f\u00f8r massebilismen, s\u00e5nn at alle biler m\u00e5 parkere gatelangs. Ogs\u00e5 de klassiske og ekslusive.\",\"breadcrumb\":{\"@id\":\"https:\\\/\\\/terjebjornstad.com\\\/no\\\/2017\\\/04\\\/17\\\/frognerbiler\\\/#breadcrumb\"},\"inLanguage\":\"nb-NO\",\"potentialAction\":[{\"@type\":\"ReadAction\",\"target\":[\"https:\\\/\\\/terjebjornstad.com\\\/no\\\/2017\\\/04\\\/17\\\/frognerbiler\\\/\"]}]},{\"@type\":\"ImageObject\",\"inLanguage\":\"nb-NO\",\"@id\":\"https:\\\/\\\/terjebjornstad.com\\\/no\\\/2017\\\/04\\\/17\\\/frognerbiler\\\/#primaryimage\",\"url\":\"https:\\\/\\\/i0.wp.com\\\/terjebjornstad.com\\\/no\\\/wp-content\\\/uploads\\\/2017\\\/04\\\/alvis-3.png?fit=686%2C534&ssl=1\",\"contentUrl\":\"https:\\\/\\\/i0.wp.com\\\/terjebjornstad.com\\\/no\\\/wp-content\\\/uploads\\\/2017\\\/04\\\/alvis-3.png?fit=686%2C534&ssl=1\",\"width\":686,\"height\":534,\"caption\":\"Alvis TD21\"},{\"@type\":\"BreadcrumbList\",\"@id\":\"https:\\\/\\\/terjebjornstad.com\\\/no\\\/2017\\\/04\\\/17\\\/frognerbiler\\\/#breadcrumb\",\"itemListElement\":[{\"@type\":\"ListItem\",\"position\":1,\"name\":\"Hjem\",\"item\":\"https:\\\/\\\/terjebjornstad.com\\\/no\\\/\"},{\"@type\":\"ListItem\",\"position\":2,\"name\":\"Frognerbiler\"}]},{\"@type\":\"WebSite\",\"@id\":\"https:\\\/\\\/terjebjornstad.com\\\/no\\\/#website\",\"url\":\"https:\\\/\\\/terjebjornstad.com\\\/no\\\/\",\"name\":\"Terjes biler\",\"description\":\"HONEST ABOUT CARS\",\"publisher\":{\"@id\":\"https:\\\/\\\/terjebjornstad.com\\\/no\\\/#organization\"},\"alternateName\":\"Terjebjornstad.com\",\"potentialAction\":[{\"@type\":\"SearchAction\",\"target\":{\"@type\":\"EntryPoint\",\"urlTemplate\":\"https:\\\/\\\/terjebjornstad.com\\\/no\\\/?s={search_term_string}\"},\"query-input\":{\"@type\":\"PropertyValueSpecification\",\"valueRequired\":true,\"valueName\":\"search_term_string\"}}],\"inLanguage\":\"nb-NO\"},{\"@type\":\"Organization\",\"@id\":\"https:\\\/\\\/terjebjornstad.com\\\/no\\\/#organization\",\"name\":\"Terje Bj\u00f8rnstad ENK\",\"url\":\"https:\\\/\\\/terjebjornstad.com\\\/no\\\/\",\"logo\":{\"@type\":\"ImageObject\",\"inLanguage\":\"nb-NO\",\"@id\":\"https:\\\/\\\/terjebjornstad.com\\\/no\\\/#\\\/schema\\\/logo\\\/image\\\/\",\"url\":\"https:\\\/\\\/i0.wp.com\\\/terjebjornstad.com\\\/no\\\/wp-content\\\/uploads\\\/2026\\\/02\\\/terjesbiler2024-960x354-1.png?fit=960%2C354&ssl=1\",\"contentUrl\":\"https:\\\/\\\/i0.wp.com\\\/terjebjornstad.com\\\/no\\\/wp-content\\\/uploads\\\/2026\\\/02\\\/terjesbiler2024-960x354-1.png?fit=960%2C354&ssl=1\",\"width\":960,\"height\":354,\"caption\":\"Terje Bj\u00f8rnstad ENK\"},\"image\":{\"@id\":\"https:\\\/\\\/terjebjornstad.com\\\/no\\\/#\\\/schema\\\/logo\\\/image\\\/\"},\"sameAs\":[\"https:\\\/\\\/www.facebook.com\\\/terjesbiler\\\/\",\"https:\\\/\\\/www.instagram.com\\\/terjesbiler\\\/\",\"https:\\\/\\\/www.pinteres.com\\\/terjebjrnstad\\\/terjes-biler\\\/\"]},{\"@type\":\"Person\",\"@id\":\"https:\\\/\\\/terjebjornstad.com\\\/no\\\/#\\\/schema\\\/person\\\/a281f6a6e0f3cc9fe468e7f0c655aa65\",\"name\":\"Terje Bj\u00f8rnstad\",\"image\":{\"@type\":\"ImageObject\",\"inLanguage\":\"nb-NO\",\"@id\":\"https:\\\/\\\/secure.gravatar.com\\\/avatar\\\/e8dff505b51cf6cb67ae06a06022d2049aac2da1e79dc146a36b58798c4b40ea?s=96&d=mm&r=g\",\"url\":\"https:\\\/\\\/secure.gravatar.com\\\/avatar\\\/e8dff505b51cf6cb67ae06a06022d2049aac2da1e79dc146a36b58798c4b40ea?s=96&d=mm&r=g\",\"contentUrl\":\"https:\\\/\\\/secure.gravatar.com\\\/avatar\\\/e8dff505b51cf6cb67ae06a06022d2049aac2da1e79dc146a36b58798c4b40ea?s=96&d=mm&r=g\",\"caption\":\"Terje Bj\u00f8rnstad\"},\"description\":\"Terje Bj\u00f8rnstad. Bloggadministrator, hobbyfotograf og bilnerd.\",\"sameAs\":[\"https:\\\/\\\/www.facebook.com\\\/terjesbiler\",\"https:\\\/\\\/www.instagram.com\\\/terjesbiler\",\"https:\\\/\\\/no.pinterest.com\\\/terjebjrnstad\",\"https:\\\/\\\/www.youtube.com\\\/channel\\\/UCzCKJJDybyIgKqatc_JQqIg\"]}]}<\/script>\n<!-- \/ Yoast SEO plugin. -->","yoast_head_json":{"title":"Frognerbiler - Terjes biler - Gatelangs p\u00e5 Frogner, Oslo Vest","description":"Frogner og Kensington ble utbygget i tiden f\u00f8r massebilismen, s\u00e5nn at alle biler m\u00e5 parkere gatelangs. Ogs\u00e5 de klassiske og ekslusive.","robots":{"index":"index","follow":"follow","max-snippet":"max-snippet:-1","max-image-preview":"max-image-preview:large","max-video-preview":"max-video-preview:-1"},"canonical":"https:\/\/terjebjornstad.com\/no\/2017\/04\/17\/frognerbiler\/","og_locale":"nb_NO","og_type":"article","og_title":"Frognerbiler - Terjes biler - Gatelangs p\u00e5 Frogner, Oslo Vest","og_description":"Frogner og Kensington ble utbygget i tiden f\u00f8r massebilismen, s\u00e5nn at alle biler m\u00e5 parkere gatelangs. Ogs\u00e5 de klassiske og ekslusive.","og_url":"https:\/\/terjebjornstad.com\/no\/2017\/04\/17\/frognerbiler\/","og_site_name":"Terjes biler","article_publisher":"https:\/\/www.facebook.com\/terjesbiler\/","article_author":"https:\/\/www.facebook.com\/terjesbiler","article_published_time":"2017-04-17T13:45:47+00:00","article_modified_time":"2024-08-26T11:14:49+00:00","og_image":[{"url":"https:\/\/terjebjornstad.com\/no\/wp-content\/uploads\/2017\/04\/alvis-3.png","type":"","width":"","height":""}],"author":"Terje Bj\u00f8rnstad","twitter_card":"summary_large_image","twitter_misc":{"Skrevet av":"Terje Bj\u00f8rnstad","Ansl. lesetid":"6 minutter"},"schema":{"@context":"https:\/\/schema.org","@graph":[{"@type":"Article","@id":"https:\/\/terjebjornstad.com\/no\/2017\/04\/17\/frognerbiler\/#article","isPartOf":{"@id":"https:\/\/terjebjornstad.com\/no\/2017\/04\/17\/frognerbiler\/"},"author":{"name":"Terje Bj\u00f8rnstad","@id":"https:\/\/terjebjornstad.com\/no\/#\/schema\/person\/a281f6a6e0f3cc9fe468e7f0c655aa65"},"headline":"Frognerbiler","datePublished":"2017-04-17T13:45:47+00:00","dateModified":"2024-08-26T11:14:49+00:00","mainEntityOfPage":{"@id":"https:\/\/terjebjornstad.com\/no\/2017\/04\/17\/frognerbiler\/"},"wordCount":791,"commentCount":0,"publisher":{"@id":"https:\/\/terjebjornstad.com\/no\/#organization"},"image":{"@id":"https:\/\/terjebjornstad.com\/no\/2017\/04\/17\/frognerbiler\/#primaryimage"},"thumbnailUrl":"https:\/\/terjebjornstad.com\/no\/wp-content\/uploads\/2017\/04\/alvis-3.png","keywords":["alvis","alvis td21","audi tts","biler p\u00e5 frogner","Carspotting","citroen cx","cx 25 gti","frogner","Porsche 911","porsche 991"],"articleSection":["Alvis","Artikkel","Citroen","Porsche"],"inLanguage":"nb-NO","potentialAction":[{"@type":"CommentAction","name":"Comment","target":["https:\/\/terjebjornstad.com\/no\/2017\/04\/17\/frognerbiler\/#respond"]}]},{"@type":"WebPage","@id":"https:\/\/terjebjornstad.com\/no\/2017\/04\/17\/frognerbiler\/","url":"https:\/\/terjebjornstad.com\/no\/2017\/04\/17\/frognerbiler\/","name":"Frognerbiler - Terjes biler - Gatelangs p\u00e5 Frogner, Oslo Vest","isPartOf":{"@id":"https:\/\/terjebjornstad.com\/no\/#website"},"primaryImageOfPage":{"@id":"https:\/\/terjebjornstad.com\/no\/2017\/04\/17\/frognerbiler\/#primaryimage"},"image":{"@id":"https:\/\/terjebjornstad.com\/no\/2017\/04\/17\/frognerbiler\/#primaryimage"},"thumbnailUrl":"https:\/\/terjebjornstad.com\/no\/wp-content\/uploads\/2017\/04\/alvis-3.png","datePublished":"2017-04-17T13:45:47+00:00","dateModified":"2024-08-26T11:14:49+00:00","description":"Frogner og Kensington ble utbygget i tiden f\u00f8r massebilismen, s\u00e5nn at alle biler m\u00e5 parkere gatelangs. Ogs\u00e5 de klassiske og ekslusive.","breadcrumb":{"@id":"https:\/\/terjebjornstad.com\/no\/2017\/04\/17\/frognerbiler\/#breadcrumb"},"inLanguage":"nb-NO","potentialAction":[{"@type":"ReadAction","target":["https:\/\/terjebjornstad.com\/no\/2017\/04\/17\/frognerbiler\/"]}]},{"@type":"ImageObject","inLanguage":"nb-NO","@id":"https:\/\/terjebjornstad.com\/no\/2017\/04\/17\/frognerbiler\/#primaryimage","url":"https:\/\/i0.wp.com\/terjebjornstad.com\/no\/wp-content\/uploads\/2017\/04\/alvis-3.png?fit=686%2C534&ssl=1","contentUrl":"https:\/\/i0.wp.com\/terjebjornstad.com\/no\/wp-content\/uploads\/2017\/04\/alvis-3.png?fit=686%2C534&ssl=1","width":686,"height":534,"caption":"Alvis TD21"},{"@type":"BreadcrumbList","@id":"https:\/\/terjebjornstad.com\/no\/2017\/04\/17\/frognerbiler\/#breadcrumb","itemListElement":[{"@type":"ListItem","position":1,"name":"Hjem","item":"https:\/\/terjebjornstad.com\/no\/"},{"@type":"ListItem","position":2,"name":"Frognerbiler"}]},{"@type":"WebSite","@id":"https:\/\/terjebjornstad.com\/no\/#website","url":"https:\/\/terjebjornstad.com\/no\/","name":"Terjes biler","description":"HONEST ABOUT CARS","publisher":{"@id":"https:\/\/terjebjornstad.com\/no\/#organization"},"alternateName":"Terjebjornstad.com","potentialAction":[{"@type":"SearchAction","target":{"@type":"EntryPoint","urlTemplate":"https:\/\/terjebjornstad.com\/no\/?s={search_term_string}"},"query-input":{"@type":"PropertyValueSpecification","valueRequired":true,"valueName":"search_term_string"}}],"inLanguage":"nb-NO"},{"@type":"Organization","@id":"https:\/\/terjebjornstad.com\/no\/#organization","name":"Terje Bj\u00f8rnstad ENK","url":"https:\/\/terjebjornstad.com\/no\/","logo":{"@type":"ImageObject","inLanguage":"nb-NO","@id":"https:\/\/terjebjornstad.com\/no\/#\/schema\/logo\/image\/","url":"https:\/\/i0.wp.com\/terjebjornstad.com\/no\/wp-content\/uploads\/2026\/02\/terjesbiler2024-960x354-1.png?fit=960%2C354&ssl=1","contentUrl":"https:\/\/i0.wp.com\/terjebjornstad.com\/no\/wp-content\/uploads\/2026\/02\/terjesbiler2024-960x354-1.png?fit=960%2C354&ssl=1","width":960,"height":354,"caption":"Terje Bj\u00f8rnstad ENK"},"image":{"@id":"https:\/\/terjebjornstad.com\/no\/#\/schema\/logo\/image\/"},"sameAs":["https:\/\/www.facebook.com\/terjesbiler\/","https:\/\/www.instagram.com\/terjesbiler\/","https:\/\/www.pinteres.com\/terjebjrnstad\/terjes-biler\/"]},{"@type":"Person","@id":"https:\/\/terjebjornstad.com\/no\/#\/schema\/person\/a281f6a6e0f3cc9fe468e7f0c655aa65","name":"Terje Bj\u00f8rnstad","image":{"@type":"ImageObject","inLanguage":"nb-NO","@id":"https:\/\/secure.gravatar.com\/avatar\/e8dff505b51cf6cb67ae06a06022d2049aac2da1e79dc146a36b58798c4b40ea?s=96&d=mm&r=g","url":"https:\/\/secure.gravatar.com\/avatar\/e8dff505b51cf6cb67ae06a06022d2049aac2da1e79dc146a36b58798c4b40ea?s=96&d=mm&r=g","contentUrl":"https:\/\/secure.gravatar.com\/avatar\/e8dff505b51cf6cb67ae06a06022d2049aac2da1e79dc146a36b58798c4b40ea?s=96&d=mm&r=g","caption":"Terje Bj\u00f8rnstad"},"description":"Terje Bj\u00f8rnstad. Bloggadministrator, hobbyfotograf og bilnerd.","sameAs":["https:\/\/www.facebook.com\/terjesbiler","https:\/\/www.instagram.com\/terjesbiler","https:\/\/no.pinterest.com\/terjebjrnstad","https:\/\/www.youtube.com\/channel\/UCzCKJJDybyIgKqatc_JQqIg"]}]}},"jetpack_publicize_connections":[],"jetpack_featured_media_url":"","jetpack_sharing_enabled":true,"jetpack_shortlink":"https:\/\/wp.me\/p48zYA-2DC","jetpack-related-posts":[{"id":81196,"url":"https:\/\/terjebjornstad.com\/no\/2025\/06\/15\/kjoretoyutstilling-i-gunnarsboparken\/","url_meta":{"origin":10144,"position":0},"title":"Kj\u00f8ret\u00f8yutstilling i Gunnarsb\u00f8parken","author":"Terje Bj\u00f8rnstad","date":"15\/06\/2025","format":false,"excerpt":"Sist l\u00f8rdag var det livlig i Gunnarsb\u00f8parken i T\u00f8nsberg. Vi ble m\u00f8tt av biler og tohjulinger i forskjellige utf\u00f8relser og tonene fra Opus One Big Band. Det var de lokale bilklubbene T\u00f8nsberg Automobil Klub, Re Motorklubb og Stokke Veteranvognklubb som sto for arrangementet. Vi var i T\u00f8nsberg i et annet\u2026","rel":"","context":"i &quot;Artikkel&quot;","block_context":{"text":"Artikkel","link":"https:\/\/terjebjornstad.com\/no\/category\/artikkel\/"},"img":{"alt_text":"","src":"https:\/\/i0.wp.com\/terjebjornstad.com\/no\/wp-content\/uploads\/2025\/06\/1986-lamborghini-countach-lp5000-gunnarsbo-1920x1440-1.jpg?fit=1200%2C900&ssl=1&resize=350%2C200","width":350,"height":200,"srcset":"https:\/\/i0.wp.com\/terjebjornstad.com\/no\/wp-content\/uploads\/2025\/06\/1986-lamborghini-countach-lp5000-gunnarsbo-1920x1440-1.jpg?fit=1200%2C900&ssl=1&resize=350%2C200 1x, https:\/\/i0.wp.com\/terjebjornstad.com\/no\/wp-content\/uploads\/2025\/06\/1986-lamborghini-countach-lp5000-gunnarsbo-1920x1440-1.jpg?fit=1200%2C900&ssl=1&resize=525%2C300 1.5x, https:\/\/i0.wp.com\/terjebjornstad.com\/no\/wp-content\/uploads\/2025\/06\/1986-lamborghini-countach-lp5000-gunnarsbo-1920x1440-1.jpg?fit=1200%2C900&ssl=1&resize=700%2C400 2x, https:\/\/i0.wp.com\/terjebjornstad.com\/no\/wp-content\/uploads\/2025\/06\/1986-lamborghini-countach-lp5000-gunnarsbo-1920x1440-1.jpg?fit=1200%2C900&ssl=1&resize=1050%2C600 3x"},"classes":[]},{"id":80525,"url":"https:\/\/terjebjornstad.com\/no\/2025\/05\/13\/sportsvogner-pa-ovrevoll\/","url_meta":{"origin":10144,"position":1},"title":"Sportsvogner p\u00e5 \u00d8vrevoll","author":"Terje Bj\u00f8rnstad","date":"13\/05\/2025","format":false,"excerpt":"Hvis man liker sjeldne, gamle eller eksklusive biler, finnes det f\u00e5 bilsamlinger som treffer bedre enn Norsk Sportsvogn Klubbs v\u00e5rm\u00f8nstringer. Sist s\u00f8ndag ble \u00d8vrevoll galoppbane fylt opp med fine biler man sjelden f\u00e5r se i virkeligheten. Bilder If\u00f8lge kj\u00f8ret\u00f8yregisteret er dette den eneste originale Lancia Stratos som er kj\u00f8rbar her\u2026","rel":"","context":"i &quot;Bilutstilling&quot;","block_context":{"text":"Bilutstilling","link":"https:\/\/terjebjornstad.com\/no\/category\/bilutstilling\/"},"img":{"alt_text":"","src":"https:\/\/i0.wp.com\/terjebjornstad.com\/no\/wp-content\/uploads\/2025\/05\/2023-shelby-cobra-daytona-replika-dash-1920x1280-1.jpg?resize=350%2C200&ssl=1","width":350,"height":200,"srcset":"https:\/\/i0.wp.com\/terjebjornstad.com\/no\/wp-content\/uploads\/2025\/05\/2023-shelby-cobra-daytona-replika-dash-1920x1280-1.jpg?resize=350%2C200&ssl=1 1x, https:\/\/i0.wp.com\/terjebjornstad.com\/no\/wp-content\/uploads\/2025\/05\/2023-shelby-cobra-daytona-replika-dash-1920x1280-1.jpg?resize=525%2C300&ssl=1 1.5x, https:\/\/i0.wp.com\/terjebjornstad.com\/no\/wp-content\/uploads\/2025\/05\/2023-shelby-cobra-daytona-replika-dash-1920x1280-1.jpg?resize=700%2C400&ssl=1 2x, https:\/\/i0.wp.com\/terjebjornstad.com\/no\/wp-content\/uploads\/2025\/05\/2023-shelby-cobra-daytona-replika-dash-1920x1280-1.jpg?resize=1050%2C600&ssl=1 3x, https:\/\/i0.wp.com\/terjebjornstad.com\/no\/wp-content\/uploads\/2025\/05\/2023-shelby-cobra-daytona-replika-dash-1920x1280-1.jpg?resize=1400%2C800&ssl=1 4x"},"classes":[]},{"id":13693,"url":"https:\/\/terjebjornstad.com\/no\/2017\/11\/08\/leve-gudinnen\/","url_meta":{"origin":10144,"position":2},"title":"Leve gudinnen!","author":"Terje Bj\u00f8rnstad","date":"08\/11\/2017","format":false,"excerpt":"Hadde ikke Citroen DS blitt laget, ville sannsynligvis mange av bilene sett annerledes ut i dag. Porsche 911, for eksempel. De kopierte bakenden p\u00e5 Citroen DS til sin egen 911-modell. Jeg vet ikke om de hadde noen avtale med Citro\u00ebn, men det spiller ingen rolle. Citro\u00ebn's \"gudinne\" hadde endret bilindustrien.\u2026","rel":"","context":"i &quot;Artikkel&quot;","block_context":{"text":"Artikkel","link":"https:\/\/terjebjornstad.com\/no\/category\/artikkel\/"},"img":{"alt_text":"citroen ds","src":"https:\/\/i0.wp.com\/terjebjornstad.com\/no\/wp-content\/uploads\/2017\/11\/citroen-ds-0611-2-686.png?fit=686%2C457&ssl=1&resize=350%2C200","width":350,"height":200,"srcset":"https:\/\/i0.wp.com\/terjebjornstad.com\/no\/wp-content\/uploads\/2017\/11\/citroen-ds-0611-2-686.png?fit=686%2C457&ssl=1&resize=350%2C200 1x, https:\/\/i0.wp.com\/terjebjornstad.com\/no\/wp-content\/uploads\/2017\/11\/citroen-ds-0611-2-686.png?fit=686%2C457&ssl=1&resize=525%2C300 1.5x"},"classes":[]},{"id":41668,"url":"https:\/\/terjebjornstad.com\/no\/2021\/07\/12\/fotosondag-biler-utstilt-langs-veien\/","url_meta":{"origin":10144,"position":3},"title":"Fotos\u00f8ndag &#8211; biler utstilt langs veien","author":"Terje Bj\u00f8rnstad","date":"12\/07\/2021","format":false,"excerpt":"S\u00f8ndag formiddag er en fin dag for sykling Da er det rolig og bedagelig langs veiene. Sist s\u00f8ndag tok jeg bilder av biler utstilt utenfor bilforretninger p\u00e5 Billingstad. Ikke hvilke som helst biler - men biler som det var noe spesielt ved. Bentley Arnage, for eksempel, er sjeldne selv i\u2026","rel":"","context":"i &quot;718&quot;","block_context":{"text":"718","link":"https:\/\/terjebjornstad.com\/no\/category\/porsche\/718\/"},"img":{"alt_text":"","src":"https:\/\/i0.wp.com\/terjebjornstad.com\/no\/wp-content\/uploads\/2021\/07\/3-2000-bentley-arnage-green-label-1080x720-1.png?fit=1080%2C720&ssl=1&resize=350%2C200","width":350,"height":200,"srcset":"https:\/\/i0.wp.com\/terjebjornstad.com\/no\/wp-content\/uploads\/2021\/07\/3-2000-bentley-arnage-green-label-1080x720-1.png?fit=1080%2C720&ssl=1&resize=350%2C200 1x, https:\/\/i0.wp.com\/terjebjornstad.com\/no\/wp-content\/uploads\/2021\/07\/3-2000-bentley-arnage-green-label-1080x720-1.png?fit=1080%2C720&ssl=1&resize=525%2C300 1.5x, https:\/\/i0.wp.com\/terjebjornstad.com\/no\/wp-content\/uploads\/2021\/07\/3-2000-bentley-arnage-green-label-1080x720-1.png?fit=1080%2C720&ssl=1&resize=700%2C400 2x, https:\/\/i0.wp.com\/terjebjornstad.com\/no\/wp-content\/uploads\/2021\/07\/3-2000-bentley-arnage-green-label-1080x720-1.png?fit=1080%2C720&ssl=1&resize=1050%2C600 3x"},"classes":[]},{"id":40996,"url":"https:\/\/terjebjornstad.com\/no\/2021\/06\/14\/fotosondag-citroen-og-g-500\/","url_meta":{"origin":10144,"position":4},"title":"Fotos\u00f8ndag &#8211; Citroen og G 500","author":"Terje Bj\u00f8rnstad","date":"14\/06\/2021","format":false,"excerpt":"\u00a0 Nasjonal motordag I helgen var det Nasjonal motordag. Jeg vet verken hva som er opphavet til denne spesielle dagen eller hvilken eksakt dato markeringen faller p\u00e5. Det var i alle fall mange fine kj\u00f8ret\u00f8yer ute p\u00e5 veien denne helgen. S\u00f8ndag formiddag er en hyggelig dag \u00e5 kj\u00f8re tur uten\u2026","rel":"","context":"i &quot;11cv&quot;","block_context":{"text":"11cv","link":"https:\/\/terjebjornstad.com\/no\/category\/citroen\/11cv\/"},"img":{"alt_text":"g500 4x22","src":"https:\/\/i0.wp.com\/terjebjornstad.com\/no\/wp-content\/uploads\/2021\/06\/10-citroen-c6-1080x720-1.png?fit=1080%2C720&ssl=1&resize=350%2C200","width":350,"height":200,"srcset":"https:\/\/i0.wp.com\/terjebjornstad.com\/no\/wp-content\/uploads\/2021\/06\/10-citroen-c6-1080x720-1.png?fit=1080%2C720&ssl=1&resize=350%2C200 1x, https:\/\/i0.wp.com\/terjebjornstad.com\/no\/wp-content\/uploads\/2021\/06\/10-citroen-c6-1080x720-1.png?fit=1080%2C720&ssl=1&resize=525%2C300 1.5x, https:\/\/i0.wp.com\/terjebjornstad.com\/no\/wp-content\/uploads\/2021\/06\/10-citroen-c6-1080x720-1.png?fit=1080%2C720&ssl=1&resize=700%2C400 2x, https:\/\/i0.wp.com\/terjebjornstad.com\/no\/wp-content\/uploads\/2021\/06\/10-citroen-c6-1080x720-1.png?fit=1080%2C720&ssl=1&resize=1050%2C600 3x"},"classes":[]},{"id":83513,"url":"https:\/\/terjebjornstad.com\/no\/2025\/08\/09\/porsche-356-speedster-replika\/","url_meta":{"origin":10144,"position":5},"title":"Porsche 356 Speedster replika","author":"Terje Bj\u00f8rnstad","date":"09\/08\/2025","format":false,"excerpt":"Den ble utformet som en minimalistisk variant av 356-serien som med sin lave vekt kunne konkurrere i road racing over hele USA. I dag lever 50-talls-konseptet videre som replika-biler. Vi kan takke Max Hoffman for at Porsche skapte Speedster. Han slo seg opp ved \u00e5 importere europeiske luksusbiler til USA,\u2026","rel":"","context":"i &quot;Porsche 356 Speedster&quot;","block_context":{"text":"Porsche 356 Speedster","link":"https:\/\/terjebjornstad.com\/no\/category\/porsche\/porsche-356-speedster\/"},"img":{"alt_text":"","src":"https:\/\/i0.wp.com\/terjebjornstad.com\/no\/wp-content\/uploads\/2025\/08\/chesil-bicester-sue-thatcher-1920x1097-1.jpg?fit=1200%2C686&ssl=1&resize=350%2C200","width":350,"height":200,"srcset":"https:\/\/i0.wp.com\/terjebjornstad.com\/no\/wp-content\/uploads\/2025\/08\/chesil-bicester-sue-thatcher-1920x1097-1.jpg?fit=1200%2C686&ssl=1&resize=350%2C200 1x, https:\/\/i0.wp.com\/terjebjornstad.com\/no\/wp-content\/uploads\/2025\/08\/chesil-bicester-sue-thatcher-1920x1097-1.jpg?fit=1200%2C686&ssl=1&resize=525%2C300 1.5x, https:\/\/i0.wp.com\/terjebjornstad.com\/no\/wp-content\/uploads\/2025\/08\/chesil-bicester-sue-thatcher-1920x1097-1.jpg?fit=1200%2C686&ssl=1&resize=700%2C400 2x, https:\/\/i0.wp.com\/terjebjornstad.com\/no\/wp-content\/uploads\/2025\/08\/chesil-bicester-sue-thatcher-1920x1097-1.jpg?fit=1200%2C686&ssl=1&resize=1050%2C600 3x"},"classes":[]}],"gt_translate_keys":[{"key":"link","format":"url"}],"_links":{"self":[{"href":"https:\/\/terjebjornstad.com\/no\/wp-json\/wp\/v2\/posts\/10144","targetHints":{"allow":["GET"]}}],"collection":[{"href":"https:\/\/terjebjornstad.com\/no\/wp-json\/wp\/v2\/posts"}],"about":[{"href":"https:\/\/terjebjornstad.com\/no\/wp-json\/wp\/v2\/types\/post"}],"author":[{"embeddable":true,"href":"https:\/\/terjebjornstad.com\/no\/wp-json\/wp\/v2\/users\/1"}],"replies":[{"embeddable":true,"href":"https:\/\/terjebjornstad.com\/no\/wp-json\/wp\/v2\/comments?post=10144"}],"version-history":[{"count":6,"href":"https:\/\/terjebjornstad.com\/no\/wp-json\/wp\/v2\/posts\/10144\/revisions"}],"predecessor-version":[{"id":73891,"href":"https:\/\/terjebjornstad.com\/no\/wp-json\/wp\/v2\/posts\/10144\/revisions\/73891"}],"wp:attachment":[{"href":"https:\/\/terjebjornstad.com\/no\/wp-json\/wp\/v2\/media?parent=10144"}],"wp:term":[{"taxonomy":"category","embeddable":true,"href":"https:\/\/terjebjornstad.com\/no\/wp-json\/wp\/v2\/categories?post=10144"},{"taxonomy":"post_tag","embeddable":true,"href":"https:\/\/terjebjornstad.com\/no\/wp-json\/wp\/v2\/tags?post=10144"}],"curies":[{"name":"wp","href":"https:\/\/api.w.org\/{rel}","templated":true}]}}