{"id":3467,"count":1,"description":"N\u00e5 kunne europeiske bilkj\u00f8pere f\u00e5 en familiebil med \u00abamerikansk\u00bb utseende. Opel Rekord P1 hadde panoramavinduer og fargevalg som fikk den til \u00e5 se ut som de store lekre bilene fra USA. \r\n","link":"https:\/\/terjebjornstad.com\/no\/category\/opel\/rekord-p1\/","name":"Rekord P1","slug":"rekord-p1","taxonomy":"category","parent":26,"meta":[],"yoast_head":"<!-- This site is optimized with the Yoast SEO plugin v27.5 - https:\/\/yoast.com\/product\/yoast-seo-wordpress\/ -->\n<title>Rekord P1 - Terjes biler<\/title>\n<meta name=\"description\" content=\"N\u00e5 kunne europeiske bilkj\u00f8pere f\u00e5 en familiebil med \u00abamerikansk\u00bb utseende. Opel Rekord P1 hadde panoramavinduer og fargevalg som bilene fra USA.\" \/>\n<meta name=\"robots\" content=\"index, follow, max-snippet:-1, max-image-preview:large, max-video-preview:-1\" \/>\n<link rel=\"canonical\" href=\"https:\/\/terjebjornstad.com\/no\/category\/opel\/rekord-p1\/\" \/>\n<meta property=\"og:locale\" content=\"nb_NO\" \/>\n<meta property=\"og:type\" content=\"article\" \/>\n<meta property=\"og:title\" content=\"Rekord P1 - Terjes biler\" \/>\n<meta property=\"og:description\" content=\"N\u00e5 kunne europeiske bilkj\u00f8pere f\u00e5 en familiebil med \u00abamerikansk\u00bb utseende. Opel Rekord P1 hadde panoramavinduer og fargevalg som bilene fra USA.\" \/>\n<meta property=\"og:url\" content=\"https:\/\/terjebjornstad.com\/no\/category\/opel\/rekord-p1\/\" \/>\n<meta property=\"og:site_name\" content=\"Terjes biler\" \/>\n<meta property=\"og:image\" content=\"https:\/\/i0.wp.com\/terjebjornstad.com\/no\/wp-content\/uploads\/2026\/02\/terjesbiler2024-960x354-1.png?fit=960%2C354&ssl=1\" \/>\n\t<meta property=\"og:image:width\" content=\"960\" \/>\n\t<meta property=\"og:image:height\" content=\"354\" \/>\n\t<meta property=\"og:image:type\" content=\"image\/png\" \/>\n<meta name=\"twitter:card\" content=\"summary_large_image\" \/>\n<script type=\"application\/ld+json\" class=\"yoast-schema-graph\">{\"@context\":\"https:\\\/\\\/schema.org\",\"@graph\":[{\"@type\":\"CollectionPage\",\"@id\":\"https:\\\/\\\/terjebjornstad.com\\\/no\\\/category\\\/opel\\\/rekord-p1\\\/\",\"url\":\"https:\\\/\\\/terjebjornstad.com\\\/no\\\/category\\\/opel\\\/rekord-p1\\\/\",\"name\":\"Rekord P1 - Terjes biler\",\"isPartOf\":{\"@id\":\"https:\\\/\\\/terjebjornstad.com\\\/no\\\/#website\"},\"description\":\"N\u00e5 kunne europeiske bilkj\u00f8pere f\u00e5 en familiebil med \u00abamerikansk\u00bb utseende. Opel Rekord P1 hadde panoramavinduer og fargevalg som bilene fra USA.\",\"breadcrumb\":{\"@id\":\"https:\\\/\\\/terjebjornstad.com\\\/no\\\/category\\\/opel\\\/rekord-p1\\\/#breadcrumb\"},\"inLanguage\":\"nb-NO\"},{\"@type\":\"BreadcrumbList\",\"@id\":\"https:\\\/\\\/terjebjornstad.com\\\/no\\\/category\\\/opel\\\/rekord-p1\\\/#breadcrumb\",\"itemListElement\":[{\"@type\":\"ListItem\",\"position\":1,\"name\":\"Hjem\",\"item\":\"https:\\\/\\\/terjebjornstad.com\\\/no\\\/\"},{\"@type\":\"ListItem\",\"position\":2,\"name\":\"Opel\",\"item\":\"https:\\\/\\\/terjebjornstad.com\\\/no\\\/category\\\/opel\\\/\"},{\"@type\":\"ListItem\",\"position\":3,\"name\":\"Rekord P1\"}]},{\"@type\":\"WebSite\",\"@id\":\"https:\\\/\\\/terjebjornstad.com\\\/no\\\/#website\",\"url\":\"https:\\\/\\\/terjebjornstad.com\\\/no\\\/\",\"name\":\"Terjes biler\",\"description\":\"HONEST ABOUT CARS\",\"publisher\":{\"@id\":\"https:\\\/\\\/terjebjornstad.com\\\/no\\\/#organization\"},\"alternateName\":\"Terjebjornstad.com\",\"potentialAction\":[{\"@type\":\"SearchAction\",\"target\":{\"@type\":\"EntryPoint\",\"urlTemplate\":\"https:\\\/\\\/terjebjornstad.com\\\/no\\\/?s={search_term_string}\"},\"query-input\":{\"@type\":\"PropertyValueSpecification\",\"valueRequired\":true,\"valueName\":\"search_term_string\"}}],\"inLanguage\":\"nb-NO\"},{\"@type\":\"Organization\",\"@id\":\"https:\\\/\\\/terjebjornstad.com\\\/no\\\/#organization\",\"name\":\"Terje Bj\u00f8rnstad ENK\",\"url\":\"https:\\\/\\\/terjebjornstad.com\\\/no\\\/\",\"logo\":{\"@type\":\"ImageObject\",\"inLanguage\":\"nb-NO\",\"@id\":\"https:\\\/\\\/terjebjornstad.com\\\/no\\\/#\\\/schema\\\/logo\\\/image\\\/\",\"url\":\"https:\\\/\\\/i0.wp.com\\\/terjebjornstad.com\\\/no\\\/wp-content\\\/uploads\\\/2026\\\/02\\\/terjesbiler2024-960x354-1.png?fit=960%2C354&ssl=1\",\"contentUrl\":\"https:\\\/\\\/i0.wp.com\\\/terjebjornstad.com\\\/no\\\/wp-content\\\/uploads\\\/2026\\\/02\\\/terjesbiler2024-960x354-1.png?fit=960%2C354&ssl=1\",\"width\":960,\"height\":354,\"caption\":\"Terje Bj\u00f8rnstad ENK\"},\"image\":{\"@id\":\"https:\\\/\\\/terjebjornstad.com\\\/no\\\/#\\\/schema\\\/logo\\\/image\\\/\"},\"sameAs\":[\"https:\\\/\\\/www.facebook.com\\\/terjesbiler\\\/\",\"https:\\\/\\\/www.instagram.com\\\/terjesbiler\\\/\",\"https:\\\/\\\/www.pinteres.com\\\/terjebjrnstad\\\/terjes-biler\\\/\"]}]}<\/script>\n<!-- \/ Yoast SEO plugin. -->","yoast_head_json":{"title":"Rekord P1 - Terjes biler","description":"N\u00e5 kunne europeiske bilkj\u00f8pere f\u00e5 en familiebil med \u00abamerikansk\u00bb utseende. Opel Rekord P1 hadde panoramavinduer og fargevalg som bilene fra USA.","robots":{"index":"index","follow":"follow","max-snippet":"max-snippet:-1","max-image-preview":"max-image-preview:large","max-video-preview":"max-video-preview:-1"},"canonical":"https:\/\/terjebjornstad.com\/no\/category\/opel\/rekord-p1\/","og_locale":"nb_NO","og_type":"article","og_title":"Rekord P1 - Terjes biler","og_description":"N\u00e5 kunne europeiske bilkj\u00f8pere f\u00e5 en familiebil med \u00abamerikansk\u00bb utseende. Opel Rekord P1 hadde panoramavinduer og fargevalg som bilene fra USA.","og_url":"https:\/\/terjebjornstad.com\/no\/category\/opel\/rekord-p1\/","og_site_name":"Terjes biler","og_image":[{"width":960,"height":354,"url":"https:\/\/i0.wp.com\/terjebjornstad.com\/no\/wp-content\/uploads\/2026\/02\/terjesbiler2024-960x354-1.png?fit=960%2C354&ssl=1","type":"image\/png"}],"twitter_card":"summary_large_image","schema":{"@context":"https:\/\/schema.org","@graph":[{"@type":"CollectionPage","@id":"https:\/\/terjebjornstad.com\/no\/category\/opel\/rekord-p1\/","url":"https:\/\/terjebjornstad.com\/no\/category\/opel\/rekord-p1\/","name":"Rekord P1 - Terjes biler","isPartOf":{"@id":"https:\/\/terjebjornstad.com\/no\/#website"},"description":"N\u00e5 kunne europeiske bilkj\u00f8pere f\u00e5 en familiebil med \u00abamerikansk\u00bb utseende. Opel Rekord P1 hadde panoramavinduer og fargevalg som bilene fra USA.","breadcrumb":{"@id":"https:\/\/terjebjornstad.com\/no\/category\/opel\/rekord-p1\/#breadcrumb"},"inLanguage":"nb-NO"},{"@type":"BreadcrumbList","@id":"https:\/\/terjebjornstad.com\/no\/category\/opel\/rekord-p1\/#breadcrumb","itemListElement":[{"@type":"ListItem","position":1,"name":"Hjem","item":"https:\/\/terjebjornstad.com\/no\/"},{"@type":"ListItem","position":2,"name":"Opel","item":"https:\/\/terjebjornstad.com\/no\/category\/opel\/"},{"@type":"ListItem","position":3,"name":"Rekord P1"}]},{"@type":"WebSite","@id":"https:\/\/terjebjornstad.com\/no\/#website","url":"https:\/\/terjebjornstad.com\/no\/","name":"Terjes biler","description":"HONEST ABOUT CARS","publisher":{"@id":"https:\/\/terjebjornstad.com\/no\/#organization"},"alternateName":"Terjebjornstad.com","potentialAction":[{"@type":"SearchAction","target":{"@type":"EntryPoint","urlTemplate":"https:\/\/terjebjornstad.com\/no\/?s={search_term_string}"},"query-input":{"@type":"PropertyValueSpecification","valueRequired":true,"valueName":"search_term_string"}}],"inLanguage":"nb-NO"},{"@type":"Organization","@id":"https:\/\/terjebjornstad.com\/no\/#organization","name":"Terje Bj\u00f8rnstad ENK","url":"https:\/\/terjebjornstad.com\/no\/","logo":{"@type":"ImageObject","inLanguage":"nb-NO","@id":"https:\/\/terjebjornstad.com\/no\/#\/schema\/logo\/image\/","url":"https:\/\/i0.wp.com\/terjebjornstad.com\/no\/wp-content\/uploads\/2026\/02\/terjesbiler2024-960x354-1.png?fit=960%2C354&ssl=1","contentUrl":"https:\/\/i0.wp.com\/terjebjornstad.com\/no\/wp-content\/uploads\/2026\/02\/terjesbiler2024-960x354-1.png?fit=960%2C354&ssl=1","width":960,"height":354,"caption":"Terje Bj\u00f8rnstad ENK"},"image":{"@id":"https:\/\/terjebjornstad.com\/no\/#\/schema\/logo\/image\/"},"sameAs":["https:\/\/www.facebook.com\/terjesbiler\/","https:\/\/www.instagram.com\/terjesbiler\/","https:\/\/www.pinteres.com\/terjebjrnstad\/terjes-biler\/"]}]}},"gt_translate_keys":[{"key":"description","format":"html"},{"key":"name","format":"text"},{"key":"link","format":"url"}],"_links":{"self":[{"href":"https:\/\/terjebjornstad.com\/no\/wp-json\/wp\/v2\/categories\/3467","targetHints":{"allow":["GET"]}}],"collection":[{"href":"https:\/\/terjebjornstad.com\/no\/wp-json\/wp\/v2\/categories"}],"about":[{"href":"https:\/\/terjebjornstad.com\/no\/wp-json\/wp\/v2\/taxonomies\/category"}],"up":[{"embeddable":true,"href":"https:\/\/terjebjornstad.com\/no\/wp-json\/wp\/v2\/categories\/26"}],"wp:post_type":[{"href":"https:\/\/terjebjornstad.com\/no\/wp-json\/wp\/v2\/posts?categories=3467"}],"curies":[{"name":"wp","href":"https:\/\/api.w.org\/{rel}","templated":true}]}}