{"id":3279,"count":1,"description":"Mistubishi Outlander PHEV er ikke best i klassen p\u00e5 noen omr\u00e5der, men rekkevidden p\u00e5 ren elektrisitet er ikke d\u00e5rligere enn andre ladbare hybridbiler. Teknikkmessig henger Outlander\u2019n absolutt med blant andre ladbare SUV\u2019er. Modellen forsvinner trolig fra modellprogrammet om kort tid, skj\u00f8nt den hadde t\u00e5lt en ny runde \u2013 i hvert fall i Norge.\r\n","link":"https:\/\/terjebjornstad.com\/no\/category\/mitsubishi\/outlander-phev\/","name":"Outlander PHEV","slug":"outlander-phev","taxonomy":"category","parent":30,"meta":[],"yoast_head":"<!-- This site is optimized with the Yoast SEO plugin v27.5 - https:\/\/yoast.com\/product\/yoast-seo-wordpress\/ -->\n<title>Outlander PHEV - Terjes biler<\/title>\n<meta name=\"description\" content=\"Mistubishi Outlander PHEV forsvinner trolig fra modellprogrammet om kort tid, skj\u00f8nt den hadde t\u00e5lt en ny runde \u2013 i hvert fall i Norge.\" \/>\n<meta name=\"robots\" content=\"index, follow, max-snippet:-1, max-image-preview:large, max-video-preview:-1\" \/>\n<link rel=\"canonical\" href=\"https:\/\/terjebjornstad.com\/no\/category\/mitsubishi\/outlander-phev\/\" \/>\n<meta property=\"og:locale\" content=\"nb_NO\" \/>\n<meta property=\"og:type\" content=\"article\" \/>\n<meta property=\"og:title\" content=\"Outlander PHEV - Terjes biler\" \/>\n<meta property=\"og:description\" content=\"Mistubishi Outlander PHEV forsvinner trolig fra modellprogrammet om kort tid, skj\u00f8nt den hadde t\u00e5lt en ny runde \u2013 i hvert fall i Norge.\" \/>\n<meta property=\"og:url\" content=\"https:\/\/terjebjornstad.com\/no\/category\/mitsubishi\/outlander-phev\/\" \/>\n<meta property=\"og:site_name\" content=\"Terjes biler\" \/>\n<meta property=\"og:image\" content=\"https:\/\/i0.wp.com\/terjebjornstad.com\/no\/wp-content\/uploads\/2026\/02\/terjesbiler2024-960x354-1.png?fit=960%2C354&ssl=1\" \/>\n\t<meta property=\"og:image:width\" content=\"960\" \/>\n\t<meta property=\"og:image:height\" content=\"354\" \/>\n\t<meta property=\"og:image:type\" content=\"image\/png\" \/>\n<meta name=\"twitter:card\" content=\"summary_large_image\" \/>\n<script type=\"application\/ld+json\" class=\"yoast-schema-graph\">{\"@context\":\"https:\\\/\\\/schema.org\",\"@graph\":[{\"@type\":\"CollectionPage\",\"@id\":\"https:\\\/\\\/terjebjornstad.com\\\/no\\\/category\\\/mitsubishi\\\/outlander-phev\\\/\",\"url\":\"https:\\\/\\\/terjebjornstad.com\\\/no\\\/category\\\/mitsubishi\\\/outlander-phev\\\/\",\"name\":\"Outlander PHEV - Terjes biler\",\"isPartOf\":{\"@id\":\"https:\\\/\\\/terjebjornstad.com\\\/no\\\/#website\"},\"description\":\"Mistubishi Outlander PHEV forsvinner trolig fra modellprogrammet om kort tid, skj\u00f8nt den hadde t\u00e5lt en ny runde \u2013 i hvert fall i Norge.\",\"breadcrumb\":{\"@id\":\"https:\\\/\\\/terjebjornstad.com\\\/no\\\/category\\\/mitsubishi\\\/outlander-phev\\\/#breadcrumb\"},\"inLanguage\":\"nb-NO\"},{\"@type\":\"BreadcrumbList\",\"@id\":\"https:\\\/\\\/terjebjornstad.com\\\/no\\\/category\\\/mitsubishi\\\/outlander-phev\\\/#breadcrumb\",\"itemListElement\":[{\"@type\":\"ListItem\",\"position\":1,\"name\":\"Hjem\",\"item\":\"https:\\\/\\\/terjebjornstad.com\\\/no\\\/\"},{\"@type\":\"ListItem\",\"position\":2,\"name\":\"Mitsubishi\",\"item\":\"https:\\\/\\\/terjebjornstad.com\\\/no\\\/category\\\/mitsubishi\\\/\"},{\"@type\":\"ListItem\",\"position\":3,\"name\":\"Outlander PHEV\"}]},{\"@type\":\"WebSite\",\"@id\":\"https:\\\/\\\/terjebjornstad.com\\\/no\\\/#website\",\"url\":\"https:\\\/\\\/terjebjornstad.com\\\/no\\\/\",\"name\":\"Terjes biler\",\"description\":\"HONEST ABOUT CARS\",\"publisher\":{\"@id\":\"https:\\\/\\\/terjebjornstad.com\\\/no\\\/#organization\"},\"alternateName\":\"Terjebjornstad.com\",\"potentialAction\":[{\"@type\":\"SearchAction\",\"target\":{\"@type\":\"EntryPoint\",\"urlTemplate\":\"https:\\\/\\\/terjebjornstad.com\\\/no\\\/?s={search_term_string}\"},\"query-input\":{\"@type\":\"PropertyValueSpecification\",\"valueRequired\":true,\"valueName\":\"search_term_string\"}}],\"inLanguage\":\"nb-NO\"},{\"@type\":\"Organization\",\"@id\":\"https:\\\/\\\/terjebjornstad.com\\\/no\\\/#organization\",\"name\":\"Terje Bj\u00f8rnstad ENK\",\"url\":\"https:\\\/\\\/terjebjornstad.com\\\/no\\\/\",\"logo\":{\"@type\":\"ImageObject\",\"inLanguage\":\"nb-NO\",\"@id\":\"https:\\\/\\\/terjebjornstad.com\\\/no\\\/#\\\/schema\\\/logo\\\/image\\\/\",\"url\":\"https:\\\/\\\/i0.wp.com\\\/terjebjornstad.com\\\/no\\\/wp-content\\\/uploads\\\/2026\\\/02\\\/terjesbiler2024-960x354-1.png?fit=960%2C354&ssl=1\",\"contentUrl\":\"https:\\\/\\\/i0.wp.com\\\/terjebjornstad.com\\\/no\\\/wp-content\\\/uploads\\\/2026\\\/02\\\/terjesbiler2024-960x354-1.png?fit=960%2C354&ssl=1\",\"width\":960,\"height\":354,\"caption\":\"Terje Bj\u00f8rnstad ENK\"},\"image\":{\"@id\":\"https:\\\/\\\/terjebjornstad.com\\\/no\\\/#\\\/schema\\\/logo\\\/image\\\/\"},\"sameAs\":[\"https:\\\/\\\/www.facebook.com\\\/terjesbiler\\\/\",\"https:\\\/\\\/www.instagram.com\\\/terjesbiler\\\/\",\"https:\\\/\\\/www.pinteres.com\\\/terjebjrnstad\\\/terjes-biler\\\/\"]}]}<\/script>\n<!-- \/ Yoast SEO plugin. -->","yoast_head_json":{"title":"Outlander PHEV - Terjes biler","description":"Mistubishi Outlander PHEV forsvinner trolig fra modellprogrammet om kort tid, skj\u00f8nt den hadde t\u00e5lt en ny runde \u2013 i hvert fall i Norge.","robots":{"index":"index","follow":"follow","max-snippet":"max-snippet:-1","max-image-preview":"max-image-preview:large","max-video-preview":"max-video-preview:-1"},"canonical":"https:\/\/terjebjornstad.com\/no\/category\/mitsubishi\/outlander-phev\/","og_locale":"nb_NO","og_type":"article","og_title":"Outlander PHEV - Terjes biler","og_description":"Mistubishi Outlander PHEV forsvinner trolig fra modellprogrammet om kort tid, skj\u00f8nt den hadde t\u00e5lt en ny runde \u2013 i hvert fall i Norge.","og_url":"https:\/\/terjebjornstad.com\/no\/category\/mitsubishi\/outlander-phev\/","og_site_name":"Terjes biler","og_image":[{"width":960,"height":354,"url":"https:\/\/i0.wp.com\/terjebjornstad.com\/no\/wp-content\/uploads\/2026\/02\/terjesbiler2024-960x354-1.png?fit=960%2C354&ssl=1","type":"image\/png"}],"twitter_card":"summary_large_image","schema":{"@context":"https:\/\/schema.org","@graph":[{"@type":"CollectionPage","@id":"https:\/\/terjebjornstad.com\/no\/category\/mitsubishi\/outlander-phev\/","url":"https:\/\/terjebjornstad.com\/no\/category\/mitsubishi\/outlander-phev\/","name":"Outlander PHEV - Terjes biler","isPartOf":{"@id":"https:\/\/terjebjornstad.com\/no\/#website"},"description":"Mistubishi Outlander PHEV forsvinner trolig fra modellprogrammet om kort tid, skj\u00f8nt den hadde t\u00e5lt en ny runde \u2013 i hvert fall i Norge.","breadcrumb":{"@id":"https:\/\/terjebjornstad.com\/no\/category\/mitsubishi\/outlander-phev\/#breadcrumb"},"inLanguage":"nb-NO"},{"@type":"BreadcrumbList","@id":"https:\/\/terjebjornstad.com\/no\/category\/mitsubishi\/outlander-phev\/#breadcrumb","itemListElement":[{"@type":"ListItem","position":1,"name":"Hjem","item":"https:\/\/terjebjornstad.com\/no\/"},{"@type":"ListItem","position":2,"name":"Mitsubishi","item":"https:\/\/terjebjornstad.com\/no\/category\/mitsubishi\/"},{"@type":"ListItem","position":3,"name":"Outlander PHEV"}]},{"@type":"WebSite","@id":"https:\/\/terjebjornstad.com\/no\/#website","url":"https:\/\/terjebjornstad.com\/no\/","name":"Terjes biler","description":"HONEST ABOUT CARS","publisher":{"@id":"https:\/\/terjebjornstad.com\/no\/#organization"},"alternateName":"Terjebjornstad.com","potentialAction":[{"@type":"SearchAction","target":{"@type":"EntryPoint","urlTemplate":"https:\/\/terjebjornstad.com\/no\/?s={search_term_string}"},"query-input":{"@type":"PropertyValueSpecification","valueRequired":true,"valueName":"search_term_string"}}],"inLanguage":"nb-NO"},{"@type":"Organization","@id":"https:\/\/terjebjornstad.com\/no\/#organization","name":"Terje Bj\u00f8rnstad ENK","url":"https:\/\/terjebjornstad.com\/no\/","logo":{"@type":"ImageObject","inLanguage":"nb-NO","@id":"https:\/\/terjebjornstad.com\/no\/#\/schema\/logo\/image\/","url":"https:\/\/i0.wp.com\/terjebjornstad.com\/no\/wp-content\/uploads\/2026\/02\/terjesbiler2024-960x354-1.png?fit=960%2C354&ssl=1","contentUrl":"https:\/\/i0.wp.com\/terjebjornstad.com\/no\/wp-content\/uploads\/2026\/02\/terjesbiler2024-960x354-1.png?fit=960%2C354&ssl=1","width":960,"height":354,"caption":"Terje Bj\u00f8rnstad ENK"},"image":{"@id":"https:\/\/terjebjornstad.com\/no\/#\/schema\/logo\/image\/"},"sameAs":["https:\/\/www.facebook.com\/terjesbiler\/","https:\/\/www.instagram.com\/terjesbiler\/","https:\/\/www.pinteres.com\/terjebjrnstad\/terjes-biler\/"]}]}},"gt_translate_keys":[{"key":"description","format":"html"},{"key":"name","format":"text"},{"key":"link","format":"url"}],"_links":{"self":[{"href":"https:\/\/terjebjornstad.com\/no\/wp-json\/wp\/v2\/categories\/3279","targetHints":{"allow":["GET"]}}],"collection":[{"href":"https:\/\/terjebjornstad.com\/no\/wp-json\/wp\/v2\/categories"}],"about":[{"href":"https:\/\/terjebjornstad.com\/no\/wp-json\/wp\/v2\/taxonomies\/category"}],"up":[{"embeddable":true,"href":"https:\/\/terjebjornstad.com\/no\/wp-json\/wp\/v2\/categories\/30"}],"wp:post_type":[{"href":"https:\/\/terjebjornstad.com\/no\/wp-json\/wp\/v2\/posts?categories=3279"}],"curies":[{"name":"wp","href":"https:\/\/api.w.org\/{rel}","templated":true}]}}